{"id":70080,"date":"2022-05-05T18:31:36","date_gmt":"2022-05-05T21:31:36","guid":{"rendered":"https:\/\/www.arquimaster.com.ar\/web\/?p=70080"},"modified":"2022-10-31T16:31:52","modified_gmt":"2022-10-31T19:31:52","slug":"reforma-de-vivienda-passeig-de-la-zona-franca-sincro","status":"publish","type":"post","link":"https:\/\/www.arquimaster.com.ar\/web\/reforma-de-vivienda-passeig-de-la-zona-franca-sincro\/","title":{"rendered":"Reforma de vivienda Passeig de la Zona Franca \/ Sincro"},"content":{"rendered":"<div style=\"margin-top: 0px; margin-bottom: 0px;\" class=\"sharethis-inline-share-buttons\" ><\/div><div class=\"b812932af2e751442846f039925109de\" data-index=\"1\" style=\"float: none; margin:25px 0 25px 0; text-align:center;\">\n<script async src=\"https:\/\/pagead2.googlesyndication.com\/pagead\/js\/adsbygoogle.js\"><\/script>\r\n<!-- Arquimaster (superior) -->\r\n<ins class=\"adsbygoogle\"\r\n     style=\"display:block\"\r\n     data-ad-client=\"ca-pub-6351072698456832\"\r\n     data-ad-slot=\"6455489680\"\r\n     data-ad-format=\"auto\"\r\n     data-full-width-responsive=\"true\"><\/ins>\r\n<script>\r\n     (adsbygoogle = window.adsbygoogle || []).push({});\r\n<\/script>\n<\/div>\n<p><strong>Reforma de vivienda Passeig de la Zona Franca<\/strong> (Barcelona, Espa\u00f1a) por <strong>Sincro<\/strong>. Un piso moderno y funcional con mucho espacio de almacenaje. Los propietarios adquirieron un \u00e1tico con terraza con la idea de reformarlo por completo a medida, utilizando materiales de calidad. Para el&nbsp;nuevo dise\u00f1o&nbsp;se tuvieron en cuenta todas sus necesidades y gustos. Principalmente&nbsp;buscaban una nueva vivienda con mucho almacenaje&nbsp;donde poder guardar todo lo que han ido acumulando a lo largo de su vida. Y m\u00e1s teniendo en cuenta que ven\u00edan de un piso mucho m\u00e1s grande. Por este motivo se ha dise\u00f1ado todo sabiendo que iba a ir en cada sitio.<\/p>\n<div id='gallery-1' class='gallery galleryid-70080 gallery-columns-3 gallery-size-thumbnail'><figure class='gallery-item'>\n\t\t\t<div class='gallery-icon landscape'>\n\t\t\t\t<a href='https:\/\/www.arquimaster.com.ar\/web\/wp-content\/uploads\/2022\/05\/vivienda_passeig_zona_franca1.jpg' title=\"Reforma de vivienda Passeig de la Zona Franca \/ Sincro (\u00a9 Irene Diaz)\" data-rl_title=\"Reforma de vivienda Passeig de la Zona Franca \/ Sincro (\u00a9 Irene Diaz)\" class=\"rl-gallery-link\" data-rl_caption=\"Reforma de vivienda Passeig de la Zona Franca \/ Sincro (\u00a9 Irene Diaz)\" data-rel=\"lightbox-gallery-1\"><img loading=\"lazy\" decoding=\"async\" width=\"150\" height=\"150\" src=\"https:\/\/www.arquimaster.com.ar\/web\/wp-content\/uploads\/2022\/05\/vivienda_passeig_zona_franca1-150x150.jpg\" class=\"attachment-thumbnail size-thumbnail\" alt=\"Reforma de vivienda Passeig de la Zona Franca \/ Sincro\" aria-describedby=\"gallery-1-70082\" \/><\/a>\n\t\t\t<\/div>\n\t\t\t\t<figcaption class='wp-caption-text gallery-caption' id='gallery-1-70082'>\n\t\t\t\tReforma de vivienda Passeig de la Zona Franca \/ Sincro (\u00a9 Irene Diaz)\n\t\t\t\t<\/figcaption><\/figure><figure class='gallery-item'>\n\t\t\t<div class='gallery-icon landscape'>\n\t\t\t\t<a href='https:\/\/www.arquimaster.com.ar\/web\/wp-content\/uploads\/2022\/05\/vivienda_passeig_zona_franca2.jpg' title=\"Reforma de vivienda Passeig de la Zona Franca \/ Sincro (\u00a9 Irene Diaz)\" data-rl_title=\"Reforma de vivienda Passeig de la Zona Franca \/ Sincro (\u00a9 Irene Diaz)\" class=\"rl-gallery-link\" data-rl_caption=\"Reforma de vivienda Passeig de la Zona Franca \/ Sincro (\u00a9 Irene Diaz)\" data-rel=\"lightbox-gallery-1\"><img loading=\"lazy\" decoding=\"async\" width=\"150\" height=\"150\" src=\"https:\/\/www.arquimaster.com.ar\/web\/wp-content\/uploads\/2022\/05\/vivienda_passeig_zona_franca2-150x150.jpg\" class=\"attachment-thumbnail size-thumbnail\" alt=\"Reforma de vivienda Passeig de la Zona Franca \/ Sincro\" aria-describedby=\"gallery-1-70083\" \/><\/a>\n\t\t\t<\/div>\n\t\t\t\t<figcaption class='wp-caption-text gallery-caption' id='gallery-1-70083'>\n\t\t\t\tReforma de vivienda Passeig de la Zona Franca \/ Sincro (\u00a9 Irene Diaz)\n\t\t\t\t<\/figcaption><\/figure><figure class='gallery-item'>\n\t\t\t<div class='gallery-icon portrait'>\n\t\t\t\t<a href='https:\/\/www.arquimaster.com.ar\/web\/wp-content\/uploads\/2022\/05\/vivienda_passeig_zona_franca3.jpg' title=\"Reforma de vivienda Passeig de la Zona Franca \/ Sincro (\u00a9 Irene Diaz)\" data-rl_title=\"Reforma de vivienda Passeig de la Zona Franca \/ Sincro (\u00a9 Irene Diaz)\" class=\"rl-gallery-link\" data-rl_caption=\"Reforma de vivienda Passeig de la Zona Franca \/ Sincro (\u00a9 Irene Diaz)\" data-rel=\"lightbox-gallery-1\"><img loading=\"lazy\" decoding=\"async\" width=\"150\" height=\"150\" src=\"https:\/\/www.arquimaster.com.ar\/web\/wp-content\/uploads\/2022\/05\/vivienda_passeig_zona_franca3-150x150.jpg\" class=\"attachment-thumbnail size-thumbnail\" alt=\"Reforma de vivienda Passeig de la Zona Franca \/ Sincro\" aria-describedby=\"gallery-1-70084\" \/><\/a>\n\t\t\t<\/div>\n\t\t\t\t<figcaption class='wp-caption-text gallery-caption' id='gallery-1-70084'>\n\t\t\t\tReforma de vivienda Passeig de la Zona Franca \/ Sincro (\u00a9 Irene Diaz)\n\t\t\t\t<\/figcaption><\/figure><figure class='gallery-item'>\n\t\t\t<div class='gallery-icon landscape'>\n\t\t\t\t<a href='https:\/\/www.arquimaster.com.ar\/web\/wp-content\/uploads\/2022\/05\/vivienda_passeig_zona_franca4.jpg' title=\"Reforma de vivienda Passeig de la Zona Franca \/ Sincro (\u00a9 Irene Diaz)\" data-rl_title=\"Reforma de vivienda Passeig de la Zona Franca \/ Sincro (\u00a9 Irene Diaz)\" class=\"rl-gallery-link\" data-rl_caption=\"Reforma de vivienda Passeig de la Zona Franca \/ Sincro (\u00a9 Irene Diaz)\" data-rel=\"lightbox-gallery-1\"><img loading=\"lazy\" decoding=\"async\" width=\"150\" height=\"150\" src=\"https:\/\/www.arquimaster.com.ar\/web\/wp-content\/uploads\/2022\/05\/vivienda_passeig_zona_franca4-150x150.jpg\" class=\"attachment-thumbnail size-thumbnail\" alt=\"Reforma de vivienda Passeig de la Zona Franca \/ Sincro\" aria-describedby=\"gallery-1-70085\" \/><\/a>\n\t\t\t<\/div>\n\t\t\t\t<figcaption class='wp-caption-text gallery-caption' id='gallery-1-70085'>\n\t\t\t\tReforma de vivienda Passeig de la Zona Franca \/ Sincro (\u00a9 Irene Diaz)\n\t\t\t\t<\/figcaption><\/figure><figure class='gallery-item'>\n\t\t\t<div class='gallery-icon landscape'>\n\t\t\t\t<a href='https:\/\/www.arquimaster.com.ar\/web\/wp-content\/uploads\/2022\/05\/vivienda_passeig_zona_franca5.jpg' title=\"Reforma de vivienda Passeig de la Zona Franca \/ Sincro (\u00a9 Irene Diaz)\" data-rl_title=\"Reforma de vivienda Passeig de la Zona Franca \/ Sincro (\u00a9 Irene Diaz)\" class=\"rl-gallery-link\" data-rl_caption=\"Reforma de vivienda Passeig de la Zona Franca \/ Sincro (\u00a9 Irene Diaz)\" data-rel=\"lightbox-gallery-1\"><img loading=\"lazy\" decoding=\"async\" width=\"150\" height=\"150\" src=\"https:\/\/www.arquimaster.com.ar\/web\/wp-content\/uploads\/2022\/05\/vivienda_passeig_zona_franca5-150x150.jpg\" class=\"attachment-thumbnail size-thumbnail\" alt=\"Reforma de vivienda Passeig de la Zona Franca \/ Sincro\" aria-describedby=\"gallery-1-70086\" \/><\/a>\n\t\t\t<\/div>\n\t\t\t\t<figcaption class='wp-caption-text gallery-caption' id='gallery-1-70086'>\n\t\t\t\tReforma de vivienda Passeig de la Zona Franca \/ Sincro (\u00a9 Irene Diaz)\n\t\t\t\t<\/figcaption><\/figure><figure class='gallery-item'>\n\t\t\t<div class='gallery-icon landscape'>\n\t\t\t\t<a href='https:\/\/www.arquimaster.com.ar\/web\/wp-content\/uploads\/2022\/05\/vivienda_passeig_zona_franca6.jpg' title=\"Reforma de vivienda Passeig de la Zona Franca \/ Sincro (\u00a9 Irene Diaz)\" data-rl_title=\"Reforma de vivienda Passeig de la Zona Franca \/ Sincro (\u00a9 Irene Diaz)\" class=\"rl-gallery-link\" data-rl_caption=\"Reforma de vivienda Passeig de la Zona Franca \/ Sincro (\u00a9 Irene Diaz)\" data-rel=\"lightbox-gallery-1\"><img loading=\"lazy\" decoding=\"async\" width=\"150\" height=\"150\" src=\"https:\/\/www.arquimaster.com.ar\/web\/wp-content\/uploads\/2022\/05\/vivienda_passeig_zona_franca6-150x150.jpg\" class=\"attachment-thumbnail size-thumbnail\" alt=\"Reforma de vivienda Passeig de la Zona Franca \/ Sincro\" aria-describedby=\"gallery-1-70087\" \/><\/a>\n\t\t\t<\/div>\n\t\t\t\t<figcaption class='wp-caption-text gallery-caption' id='gallery-1-70087'>\n\t\t\t\tReforma de vivienda Passeig de la Zona Franca \/ Sincro (\u00a9 Irene Diaz)\n\t\t\t\t<\/figcaption><\/figure><figure class='gallery-item'>\n\t\t\t<div class='gallery-icon landscape'>\n\t\t\t\t<a href='https:\/\/www.arquimaster.com.ar\/web\/wp-content\/uploads\/2022\/05\/vivienda_passeig_zona_franca7.jpg' title=\"Reforma de vivienda Passeig de la Zona Franca \/ Sincro (\u00a9 Irene Diaz)\" data-rl_title=\"Reforma de vivienda Passeig de la Zona Franca \/ Sincro (\u00a9 Irene Diaz)\" class=\"rl-gallery-link\" data-rl_caption=\"Reforma de vivienda Passeig de la Zona Franca \/ Sincro (\u00a9 Irene Diaz)\" data-rel=\"lightbox-gallery-1\"><img loading=\"lazy\" decoding=\"async\" width=\"150\" height=\"150\" src=\"https:\/\/www.arquimaster.com.ar\/web\/wp-content\/uploads\/2022\/05\/vivienda_passeig_zona_franca7-150x150.jpg\" class=\"attachment-thumbnail size-thumbnail\" alt=\"Reforma de vivienda Passeig de la Zona Franca \/ Sincro\" aria-describedby=\"gallery-1-70088\" \/><\/a>\n\t\t\t<\/div>\n\t\t\t\t<figcaption class='wp-caption-text gallery-caption' id='gallery-1-70088'>\n\t\t\t\tReforma de vivienda Passeig de la Zona Franca \/ Sincro (\u00a9 Irene Diaz)\n\t\t\t\t<\/figcaption><\/figure><figure class='gallery-item'>\n\t\t\t<div class='gallery-icon landscape'>\n\t\t\t\t<a href='https:\/\/www.arquimaster.com.ar\/web\/wp-content\/uploads\/2022\/05\/vivienda_passeig_zona_franca8.jpg' title=\"Reforma de vivienda Passeig de la Zona Franca \/ Sincro (\u00a9 Irene Diaz)\" data-rl_title=\"Reforma de vivienda Passeig de la Zona Franca \/ Sincro (\u00a9 Irene Diaz)\" class=\"rl-gallery-link\" data-rl_caption=\"Reforma de vivienda Passeig de la Zona Franca \/ Sincro (\u00a9 Irene Diaz)\" data-rel=\"lightbox-gallery-1\"><img loading=\"lazy\" decoding=\"async\" width=\"150\" height=\"150\" src=\"https:\/\/www.arquimaster.com.ar\/web\/wp-content\/uploads\/2022\/05\/vivienda_passeig_zona_franca8-150x150.jpg\" class=\"attachment-thumbnail size-thumbnail\" alt=\"Reforma de vivienda Passeig de la Zona Franca \/ Sincro\" aria-describedby=\"gallery-1-70089\" \/><\/a>\n\t\t\t<\/div>\n\t\t\t\t<figcaption class='wp-caption-text gallery-caption' id='gallery-1-70089'>\n\t\t\t\tReforma de vivienda Passeig de la Zona Franca \/ Sincro (\u00a9 Irene Diaz)\n\t\t\t\t<\/figcaption><\/figure><figure class='gallery-item'>\n\t\t\t<div class='gallery-icon landscape'>\n\t\t\t\t<a href='https:\/\/www.arquimaster.com.ar\/web\/wp-content\/uploads\/2022\/05\/vivienda_passeig_zona_franca9.jpg' title=\"Reforma de vivienda Passeig de la Zona Franca \/ Sincro (\u00a9 Irene Diaz)\" data-rl_title=\"Reforma de vivienda Passeig de la Zona Franca \/ Sincro (\u00a9 Irene Diaz)\" class=\"rl-gallery-link\" data-rl_caption=\"Reforma de vivienda Passeig de la Zona Franca \/ Sincro (\u00a9 Irene Diaz)\" data-rel=\"lightbox-gallery-1\"><img loading=\"lazy\" decoding=\"async\" width=\"150\" height=\"150\" src=\"https:\/\/www.arquimaster.com.ar\/web\/wp-content\/uploads\/2022\/05\/vivienda_passeig_zona_franca9-150x150.jpg\" class=\"attachment-thumbnail size-thumbnail\" alt=\"Reforma de vivienda Passeig de la Zona Franca \/ Sincro\" aria-describedby=\"gallery-1-70090\" \/><\/a>\n\t\t\t<\/div>\n\t\t\t\t<figcaption class='wp-caption-text gallery-caption' id='gallery-1-70090'>\n\t\t\t\tReforma de vivienda Passeig de la Zona Franca \/ Sincro (\u00a9 Irene Diaz)\n\t\t\t\t<\/figcaption><\/figure><figure class='gallery-item'>\n\t\t\t<div class='gallery-icon landscape'>\n\t\t\t\t<a href='https:\/\/www.arquimaster.com.ar\/web\/wp-content\/uploads\/2022\/05\/vivienda_passeig_zona_franca10.jpg' title=\"Reforma de vivienda Passeig de la Zona Franca \/ Sincro (\u00a9 Irene Diaz)\" data-rl_title=\"Reforma de vivienda Passeig de la Zona Franca \/ Sincro (\u00a9 Irene Diaz)\" class=\"rl-gallery-link\" data-rl_caption=\"Reforma de vivienda Passeig de la Zona Franca \/ Sincro (\u00a9 Irene Diaz)\" data-rel=\"lightbox-gallery-1\"><img loading=\"lazy\" decoding=\"async\" width=\"150\" height=\"150\" src=\"https:\/\/www.arquimaster.com.ar\/web\/wp-content\/uploads\/2022\/05\/vivienda_passeig_zona_franca10-150x150.jpg\" class=\"attachment-thumbnail size-thumbnail\" alt=\"Reforma de vivienda Passeig de la Zona Franca \/ Sincro\" aria-describedby=\"gallery-1-70091\" \/><\/a>\n\t\t\t<\/div>\n\t\t\t\t<figcaption class='wp-caption-text gallery-caption' id='gallery-1-70091'>\n\t\t\t\tReforma de vivienda Passeig de la Zona Franca \/ Sincro (\u00a9 Irene Diaz)\n\t\t\t\t<\/figcaption><\/figure><figure class='gallery-item'>\n\t\t\t<div class='gallery-icon landscape'>\n\t\t\t\t<a href='https:\/\/www.arquimaster.com.ar\/web\/wp-content\/uploads\/2022\/05\/vivienda_passeig_zona_franca11.jpg' title=\"Reforma de vivienda Passeig de la Zona Franca \/ Sincro (\u00a9 Irene Diaz)\" data-rl_title=\"Reforma de vivienda Passeig de la Zona Franca \/ Sincro (\u00a9 Irene Diaz)\" class=\"rl-gallery-link\" data-rl_caption=\"Reforma de vivienda Passeig de la Zona Franca \/ Sincro (\u00a9 Irene Diaz)\" data-rel=\"lightbox-gallery-1\"><img loading=\"lazy\" decoding=\"async\" width=\"150\" height=\"150\" src=\"https:\/\/www.arquimaster.com.ar\/web\/wp-content\/uploads\/2022\/05\/vivienda_passeig_zona_franca11-150x150.jpg\" class=\"attachment-thumbnail size-thumbnail\" alt=\"Reforma de vivienda Passeig de la Zona Franca \/ Sincro\" aria-describedby=\"gallery-1-70092\" \/><\/a>\n\t\t\t<\/div>\n\t\t\t\t<figcaption class='wp-caption-text gallery-caption' id='gallery-1-70092'>\n\t\t\t\tReforma de vivienda Passeig de la Zona Franca \/ Sincro (\u00a9 Irene Diaz)\n\t\t\t\t<\/figcaption><\/figure><figure class='gallery-item'>\n\t\t\t<div class='gallery-icon landscape'>\n\t\t\t\t<a href='https:\/\/www.arquimaster.com.ar\/web\/wp-content\/uploads\/2022\/05\/vivienda_passeig_zona_franca12.jpg' title=\"Reforma de vivienda Passeig de la Zona Franca \/ Sincro (\u00a9 Irene Diaz)\" data-rl_title=\"Reforma de vivienda Passeig de la Zona Franca \/ Sincro (\u00a9 Irene Diaz)\" class=\"rl-gallery-link\" data-rl_caption=\"Reforma de vivienda Passeig de la Zona Franca \/ Sincro (\u00a9 Irene Diaz)\" data-rel=\"lightbox-gallery-1\"><img loading=\"lazy\" decoding=\"async\" width=\"150\" height=\"150\" src=\"https:\/\/www.arquimaster.com.ar\/web\/wp-content\/uploads\/2022\/05\/vivienda_passeig_zona_franca12-150x150.jpg\" class=\"attachment-thumbnail size-thumbnail\" alt=\"Reforma de vivienda Passeig de la Zona Franca \/ Sincro\" aria-describedby=\"gallery-1-70093\" \/><\/a>\n\t\t\t<\/div>\n\t\t\t\t<figcaption class='wp-caption-text gallery-caption' id='gallery-1-70093'>\n\t\t\t\tReforma de vivienda Passeig de la Zona Franca \/ Sincro (\u00a9 Irene Diaz)\n\t\t\t\t<\/figcaption><\/figure><figure class='gallery-item'>\n\t\t\t<div class='gallery-icon landscape'>\n\t\t\t\t<a href='https:\/\/www.arquimaster.com.ar\/web\/wp-content\/uploads\/2022\/05\/vivienda_passeig_zona_franca13.jpg' title=\"Reforma de vivienda Passeig de la Zona Franca \/ Sincro (\u00a9 Irene Diaz)\" data-rl_title=\"Reforma de vivienda Passeig de la Zona Franca \/ Sincro (\u00a9 Irene Diaz)\" class=\"rl-gallery-link\" data-rl_caption=\"Reforma de vivienda Passeig de la Zona Franca \/ Sincro (\u00a9 Irene Diaz)\" data-rel=\"lightbox-gallery-1\"><img loading=\"lazy\" decoding=\"async\" width=\"150\" height=\"150\" src=\"https:\/\/www.arquimaster.com.ar\/web\/wp-content\/uploads\/2022\/05\/vivienda_passeig_zona_franca13-150x150.jpg\" class=\"attachment-thumbnail size-thumbnail\" alt=\"Reforma de vivienda Passeig de la Zona Franca \/ Sincro\" aria-describedby=\"gallery-1-70094\" \/><\/a>\n\t\t\t<\/div>\n\t\t\t\t<figcaption class='wp-caption-text gallery-caption' id='gallery-1-70094'>\n\t\t\t\tReforma de vivienda Passeig de la Zona Franca \/ Sincro (\u00a9 Irene Diaz)\n\t\t\t\t<\/figcaption><\/figure><figure class='gallery-item'>\n\t\t\t<div class='gallery-icon landscape'>\n\t\t\t\t<a href='https:\/\/www.arquimaster.com.ar\/web\/wp-content\/uploads\/2022\/05\/vivienda_passeig_zona_franca14.jpg' title=\"Reforma de vivienda Passeig de la Zona Franca \/ Sincro (\u00a9 Irene Diaz)\" data-rl_title=\"Reforma de vivienda Passeig de la Zona Franca \/ Sincro (\u00a9 Irene Diaz)\" class=\"rl-gallery-link\" data-rl_caption=\"Reforma de vivienda Passeig de la Zona Franca \/ Sincro (\u00a9 Irene Diaz)\" data-rel=\"lightbox-gallery-1\"><img loading=\"lazy\" decoding=\"async\" width=\"150\" height=\"150\" src=\"https:\/\/www.arquimaster.com.ar\/web\/wp-content\/uploads\/2022\/05\/vivienda_passeig_zona_franca14-150x150.jpg\" class=\"attachment-thumbnail size-thumbnail\" alt=\"Reforma de vivienda Passeig de la Zona Franca \/ Sincro\" aria-describedby=\"gallery-1-70095\" \/><\/a>\n\t\t\t<\/div>\n\t\t\t\t<figcaption class='wp-caption-text gallery-caption' id='gallery-1-70095'>\n\t\t\t\tReforma de vivienda Passeig de la Zona Franca \/ Sincro (\u00a9 Irene Diaz)\n\t\t\t\t<\/figcaption><\/figure><figure class='gallery-item'>\n\t\t\t<div class='gallery-icon landscape'>\n\t\t\t\t<a href='https:\/\/www.arquimaster.com.ar\/web\/wp-content\/uploads\/2022\/05\/vivienda_passeig_zona_franca15.jpg' title=\"Reforma de vivienda Passeig de la Zona Franca \/ Sincro (\u00a9 Irene Diaz)\" data-rl_title=\"Reforma de vivienda Passeig de la Zona Franca \/ Sincro (\u00a9 Irene Diaz)\" class=\"rl-gallery-link\" data-rl_caption=\"Reforma de vivienda Passeig de la Zona Franca \/ Sincro (\u00a9 Irene Diaz)\" data-rel=\"lightbox-gallery-1\"><img loading=\"lazy\" decoding=\"async\" width=\"150\" height=\"150\" src=\"https:\/\/www.arquimaster.com.ar\/web\/wp-content\/uploads\/2022\/05\/vivienda_passeig_zona_franca15-150x150.jpg\" class=\"attachment-thumbnail size-thumbnail\" alt=\"Reforma de vivienda Passeig de la Zona Franca \/ Sincro\" aria-describedby=\"gallery-1-70096\" \/><\/a>\n\t\t\t<\/div>\n\t\t\t\t<figcaption class='wp-caption-text gallery-caption' id='gallery-1-70096'>\n\t\t\t\tReforma de vivienda Passeig de la Zona Franca \/ Sincro (\u00a9 Irene Diaz)\n\t\t\t\t<\/figcaption><\/figure><figure class='gallery-item'>\n\t\t\t<div class='gallery-icon landscape'>\n\t\t\t\t<a href='https:\/\/www.arquimaster.com.ar\/web\/wp-content\/uploads\/2022\/05\/vivienda_passeig_zona_franca16.jpg' title=\"Reforma de vivienda Passeig de la Zona Franca \/ Sincro (\u00a9 Irene Diaz)\" data-rl_title=\"Reforma de vivienda Passeig de la Zona Franca \/ Sincro (\u00a9 Irene Diaz)\" class=\"rl-gallery-link\" data-rl_caption=\"Reforma de vivienda Passeig de la Zona Franca \/ Sincro (\u00a9 Irene Diaz)\" data-rel=\"lightbox-gallery-1\"><img loading=\"lazy\" decoding=\"async\" width=\"150\" height=\"150\" src=\"https:\/\/www.arquimaster.com.ar\/web\/wp-content\/uploads\/2022\/05\/vivienda_passeig_zona_franca16-150x150.jpg\" class=\"attachment-thumbnail size-thumbnail\" alt=\"Reforma de vivienda Passeig de la Zona Franca \/ Sincro\" aria-describedby=\"gallery-1-70097\" \/><\/a>\n\t\t\t<\/div>\n\t\t\t\t<figcaption class='wp-caption-text gallery-caption' id='gallery-1-70097'>\n\t\t\t\tReforma de vivienda Passeig de la Zona Franca \/ Sincro (\u00a9 Irene Diaz)\n\t\t\t\t<\/figcaption><\/figure><figure class='gallery-item'>\n\t\t\t<div class='gallery-icon landscape'>\n\t\t\t\t<a href='https:\/\/www.arquimaster.com.ar\/web\/wp-content\/uploads\/2022\/05\/vivienda_passeig_zona_franca17.jpg' title=\"Reforma de vivienda Passeig de la Zona Franca \/ Sincro (\u00a9 Irene Diaz)\" data-rl_title=\"Reforma de vivienda Passeig de la Zona Franca \/ Sincro (\u00a9 Irene Diaz)\" class=\"rl-gallery-link\" data-rl_caption=\"Reforma de vivienda Passeig de la Zona Franca \/ Sincro (\u00a9 Irene Diaz)\" data-rel=\"lightbox-gallery-1\"><img loading=\"lazy\" decoding=\"async\" width=\"150\" height=\"150\" src=\"https:\/\/www.arquimaster.com.ar\/web\/wp-content\/uploads\/2022\/05\/vivienda_passeig_zona_franca17-150x150.jpg\" class=\"attachment-thumbnail size-thumbnail\" alt=\"Reforma de vivienda Passeig de la Zona Franca \/ Sincro\" aria-describedby=\"gallery-1-70098\" \/><\/a>\n\t\t\t<\/div>\n\t\t\t\t<figcaption class='wp-caption-text gallery-caption' id='gallery-1-70098'>\n\t\t\t\tReforma de vivienda Passeig de la Zona Franca \/ Sincro (\u00a9 Irene Diaz)\n\t\t\t\t<\/figcaption><\/figure><figure class='gallery-item'>\n\t\t\t<div class='gallery-icon landscape'>\n\t\t\t\t<a href='https:\/\/www.arquimaster.com.ar\/web\/wp-content\/uploads\/2022\/05\/vivienda_passeig_zona_franca18.jpg' title=\"Reforma de vivienda Passeig de la Zona Franca \/ Sincro (\u00a9 Irene Diaz)\" data-rl_title=\"Reforma de vivienda Passeig de la Zona Franca \/ Sincro (\u00a9 Irene Diaz)\" class=\"rl-gallery-link\" data-rl_caption=\"Reforma de vivienda Passeig de la Zona Franca \/ Sincro (\u00a9 Irene Diaz)\" data-rel=\"lightbox-gallery-1\"><img loading=\"lazy\" decoding=\"async\" width=\"150\" height=\"150\" src=\"https:\/\/www.arquimaster.com.ar\/web\/wp-content\/uploads\/2022\/05\/vivienda_passeig_zona_franca18-150x150.jpg\" class=\"attachment-thumbnail size-thumbnail\" alt=\"Reforma de vivienda Passeig de la Zona Franca \/ Sincro\" aria-describedby=\"gallery-1-70099\" \/><\/a>\n\t\t\t<\/div>\n\t\t\t\t<figcaption class='wp-caption-text gallery-caption' id='gallery-1-70099'>\n\t\t\t\tReforma de vivienda Passeig de la Zona Franca \/ Sincro (\u00a9 Irene Diaz)\n\t\t\t\t<\/figcaption><\/figure><figure class='gallery-item'>\n\t\t\t<div class='gallery-icon portrait'>\n\t\t\t\t<a href='https:\/\/www.arquimaster.com.ar\/web\/wp-content\/uploads\/2022\/05\/vivienda_passeig_zona_franca19.jpg' title=\"Reforma de vivienda Passeig de la Zona Franca \/ Sincro (\u00a9 Irene Diaz)\" data-rl_title=\"Reforma de vivienda Passeig de la Zona Franca \/ Sincro (\u00a9 Irene Diaz)\" class=\"rl-gallery-link\" data-rl_caption=\"Reforma de vivienda Passeig de la Zona Franca \/ Sincro (\u00a9 Irene Diaz)\" data-rel=\"lightbox-gallery-1\"><img loading=\"lazy\" decoding=\"async\" width=\"150\" height=\"150\" src=\"https:\/\/www.arquimaster.com.ar\/web\/wp-content\/uploads\/2022\/05\/vivienda_passeig_zona_franca19-150x150.jpg\" class=\"attachment-thumbnail size-thumbnail\" alt=\"Reforma de vivienda Passeig de la Zona Franca \/ Sincro\" aria-describedby=\"gallery-1-70100\" \/><\/a>\n\t\t\t<\/div>\n\t\t\t\t<figcaption class='wp-caption-text gallery-caption' id='gallery-1-70100'>\n\t\t\t\tReforma de vivienda Passeig de la Zona Franca \/ Sincro (\u00a9 Irene Diaz)\n\t\t\t\t<\/figcaption><\/figure><figure class='gallery-item'>\n\t\t\t<div class='gallery-icon landscape'>\n\t\t\t\t<a href='https:\/\/www.arquimaster.com.ar\/web\/wp-content\/uploads\/2022\/05\/vivienda_passeig_zona_franca20.jpg' title=\"Reforma de vivienda Passeig de la Zona Franca \/ Sincro (\u00a9 Irene Diaz)\" data-rl_title=\"Reforma de vivienda Passeig de la Zona Franca \/ Sincro (\u00a9 Irene Diaz)\" class=\"rl-gallery-link\" data-rl_caption=\"Reforma de vivienda Passeig de la Zona Franca \/ Sincro (\u00a9 Irene Diaz)\" data-rel=\"lightbox-gallery-1\"><img loading=\"lazy\" decoding=\"async\" width=\"150\" height=\"150\" src=\"https:\/\/www.arquimaster.com.ar\/web\/wp-content\/uploads\/2022\/05\/vivienda_passeig_zona_franca20-150x150.jpg\" class=\"attachment-thumbnail size-thumbnail\" alt=\"\" aria-describedby=\"gallery-1-70101\" \/><\/a>\n\t\t\t<\/div>\n\t\t\t\t<figcaption class='wp-caption-text gallery-caption' id='gallery-1-70101'>\n\t\t\t\tReforma de vivienda Passeig de la Zona Franca \/ Sincro (\u00a9 Irene Diaz)\n\t\t\t\t<\/figcaption><\/figure><figure class='gallery-item'>\n\t\t\t<div class='gallery-icon portrait'>\n\t\t\t\t<a href='https:\/\/www.arquimaster.com.ar\/web\/wp-content\/uploads\/2022\/05\/vivienda_passeig_zona_franca21.jpg' title=\"Reforma de vivienda Passeig de la Zona Franca \/ Sincro (\u00a9 Irene Diaz)\" data-rl_title=\"Reforma de vivienda Passeig de la Zona Franca \/ Sincro (\u00a9 Irene Diaz)\" class=\"rl-gallery-link\" data-rl_caption=\"Reforma de vivienda Passeig de la Zona Franca \/ Sincro (\u00a9 Irene Diaz)\" data-rel=\"lightbox-gallery-1\"><img loading=\"lazy\" decoding=\"async\" width=\"150\" height=\"150\" src=\"https:\/\/www.arquimaster.com.ar\/web\/wp-content\/uploads\/2022\/05\/vivienda_passeig_zona_franca21-150x150.jpg\" class=\"attachment-thumbnail size-thumbnail\" alt=\"Reforma de vivienda Passeig de la Zona Franca \/ Sincro\" aria-describedby=\"gallery-1-70102\" \/><\/a>\n\t\t\t<\/div>\n\t\t\t\t<figcaption class='wp-caption-text gallery-caption' id='gallery-1-70102'>\n\t\t\t\tReforma de vivienda Passeig de la Zona Franca \/ Sincro (\u00a9 Irene Diaz)\n\t\t\t\t<\/figcaption><\/figure><figure class='gallery-item'>\n\t\t\t<div class='gallery-icon landscape'>\n\t\t\t\t<a href='https:\/\/www.arquimaster.com.ar\/web\/wp-content\/uploads\/2022\/05\/vivienda_passeig_zona_franca22.jpg' title=\"Reforma de vivienda Passeig de la Zona Franca \/ Sincro (planta)\" data-rl_title=\"Reforma de vivienda Passeig de la Zona Franca \/ Sincro (planta)\" class=\"rl-gallery-link\" data-rl_caption=\"Reforma de vivienda Passeig de la Zona Franca \/ Sincro (planta)\" data-rel=\"lightbox-gallery-1\"><img loading=\"lazy\" decoding=\"async\" width=\"150\" height=\"150\" src=\"https:\/\/www.arquimaster.com.ar\/web\/wp-content\/uploads\/2022\/05\/vivienda_passeig_zona_franca22-150x150.jpg\" class=\"attachment-thumbnail size-thumbnail\" alt=\"Reforma de vivienda Passeig de la Zona Franca \/ Sincro\" aria-describedby=\"gallery-1-70103\" \/><\/a>\n\t\t\t<\/div>\n\t\t\t\t<figcaption class='wp-caption-text gallery-caption' id='gallery-1-70103'>\n\t\t\t\tReforma de vivienda Passeig de la Zona Franca \/ Sincro (planta)\n\t\t\t\t<\/figcaption><\/figure>\n\t\t<\/div>\n\n<p>Por toda la vivienda se han instalado&nbsp;muebles a medida para&nbsp;optimizar al m\u00e1ximo todos los espacios. Destacar el armario de la pared del cabecero, el mueble del sal\u00f3n compuesto por diferentes m\u00f3dulos (armarios, vitrinas, cajones y estantes), el zapatero ubicado en el pasillo,&nbsp;el armario con un peque\u00f1o despacho integrado y los armarios empotrados a la pared.<\/p>\n<p>La&nbsp;cocina&nbsp;era otro punto clave ya que les gusta mucho cocinar. Despu\u00e9s de la reforma se ha conseguido una cocina&nbsp;moderna y grande,&nbsp;abierta al sal\u00f3n, compuesta por una gran variedad de m\u00f3dulos, consiguiendo una muy funcional y pr\u00e1ctica. La&nbsp;campana extractora&nbsp;decorativa&nbsp;de Pando aporta dise\u00f1o y personalidad siendo la protagonista absoluta de esta cocina.<\/p>\n<p>Tanto en la&nbsp;encimera&nbsp;como en todo el&nbsp;frontal&nbsp;se ha utilizado un&nbsp;material Dekton modelo Nillum inspirado en la est\u00e9tica industrial&nbsp;que presenta una mezcla de colores c\u00e1lidos que combina a la perfecci\u00f3n con el resto de tonalidades presentes en este espacio. Otro elemento a destacar es la&nbsp;alfombra cer\u00e1mica&nbsp;presente en el pavimento que otorga m\u00e1s dinamismo visual y mayor impacto.<\/p>\n<p>El&nbsp;comedor, a modo de&nbsp;pen\u00ednsula, divide la cocina y la zona de TV. Al estar unido al mueble de la cocina se ha utilizado un sobre de mesa del mismo material que la encimera, quedando integrado al conjunto. Y las patas en&nbsp;antracita, al igual que la campana, las l\u00e1mparas colgantes, los mecanismos y los tiradores de los muebles para&nbsp;crear armon\u00eda y romper la monoton\u00eda.<\/p>\n<p>A nivel de&nbsp;estilo&nbsp;los clientes quer\u00edan huir de los grises, por esta raz\u00f3n se ha recurrido a las&nbsp;tonalidades arena. De forma muy puntual se ha utilizado la&nbsp;madera&nbsp;y en una tonalidad que juega mucho con el resto de colores, para no convertirla en protagonista ya que en el piso en que viv\u00edan anteriormente era muy presente y buscaban darle un aire diferente.<\/p>\n<p>Finalizamos con la&nbsp;terraza, otro espacio que valoraban mucho de este piso. Con la reforma se ha instalado en el sal\u00f3n una&nbsp;balconera de doble hoja que quedan ocultas&nbsp;(de la marca Kline) y que permite duplicar el paso a la terraza, quedando as\u00ed una comunicaci\u00f3n mucho m\u00e1s fluida entre los dos espacios e incentivando as\u00ed que la disfruten m\u00e1s. De este espacio destacar el&nbsp;banco de obra&nbsp;y la&nbsp;estructura creada en listones de madera con jard\u00edn vertical.<\/p>\n\n\n<div style=\"height:20px\" aria-hidden=\"true\" class=\"wp-block-spacer\"><\/div>\n\n\n\n<p class=\"has-background\" style=\"background-color:#eaeaea\"><strong>Ficha t\u00e9cnica<\/strong><br>Nombre: Reforma de vivienda Passeig de la Zona Franca<br>Ubicaci\u00f3n: Barcelona, Espa\u00f1a<br>Dise\u00f1o y obra: Sincro<br>Superficie: 70 m2 + 37 m2 de terraza<br>Fotograf\u00edas: Irene Diaz<br><br><strong>Contacto<\/strong><br><a href=\"https:\/\/www.bysincro.com\/proyectos\/reforma-passeig-zona-franca\/\" target=\"_blank\" rel=\"noreferrer noopener\">https:\/\/www.bysincro.com\/proyectos\/reforma-passeig-zona-franca\/<\/a><\/p>\n\n\n\n<div style=\"height:40px\" aria-hidden=\"true\" class=\"wp-block-spacer\"><\/div>\n\n<div style=\"font-size: 0px; height: 0px; line-height: 0px; margin: 0; padding: 0; clear: both;\"><\/div><div style=\"margin-top: 0px; margin-bottom: 0px;\" class=\"sharethis-inline-share-buttons\" ><\/div>","protected":false},"excerpt":{"rendered":"<p>Un piso moderno y funcional con mucho espacio de almacenaje&#8230;<\/p>\n","protected":false},"author":1,"featured_media":70081,"comment_status":"closed","ping_status":"closed","sticky":false,"template":"","format":"standard","meta":{"_uag_custom_page_level_css":"","footnotes":""},"categories":[79,1],"tags":[5581,679,249,104,6485,1043,5323],"class_list":["post-70080","post","type-post","status-publish","format-standard","has-post-thumbnail","hentry","category-departamentos","category-proyecto","tag-apartamento","tag-barcelona","tag-departamento","tag-espana","tag-reforma-de-apartamento","tag-reforma-de-vivienda","tag-sincro","generate-columns","tablet-grid-50","mobile-grid-100","grid-parent","grid-50"],"yoast_head":"<!-- This site is optimized with the Yoast SEO plugin v27.3 - https:\/\/yoast.com\/product\/yoast-seo-wordpress\/ -->\n<title>Reforma de vivienda Passeig de la Zona Franca \/ Sincro - Arquimaster<\/title>\n<meta name=\"description\" content=\"Un piso moderno y funcional con mucho espacio de almacenaje y muebles a medida para optimizar al m\u00e1ximo todos los espacios.\" \/>\n<meta name=\"robots\" content=\"index, follow, max-snippet:-1, max-image-preview:large, max-video-preview:-1\" \/>\n<link rel=\"canonical\" href=\"https:\/\/www.arquimaster.com.ar\/web\/reforma-de-vivienda-passeig-de-la-zona-franca-sincro\/\" \/>\n<meta property=\"og:locale\" content=\"es_ES\" \/>\n<meta property=\"og:type\" content=\"article\" \/>\n<meta property=\"og:title\" content=\"Reforma de vivienda Passeig de la Zona Franca \/ Sincro\" \/>\n<meta property=\"og:description\" content=\"Un piso moderno y funcional con mucho espacio de almacenaje y muebles a medida para optimizar al m\u00e1ximo todos los espacios.\" \/>\n<meta property=\"og:url\" content=\"https:\/\/www.arquimaster.com.ar\/web\/reforma-de-vivienda-passeig-de-la-zona-franca-sincro\/\" \/>\n<meta property=\"og:site_name\" content=\"Arquimaster\" \/>\n<meta property=\"article:publisher\" content=\"http:\/\/www.facebook.com\/ARQUIMASTER.com.ar\" \/>\n<meta property=\"article:published_time\" content=\"2022-05-05T21:31:36+00:00\" \/>\n<meta property=\"article:modified_time\" content=\"2022-10-31T19:31:52+00:00\" \/>\n<meta property=\"og:image\" content=\"https:\/\/www.arquimaster.com.ar\/web\/wp-content\/uploads\/2022\/05\/vivienda_passeig_zona_franca_slide.jpg\" \/>\n\t<meta property=\"og:image:width\" content=\"698\" \/>\n\t<meta property=\"og:image:height\" content=\"364\" \/>\n\t<meta property=\"og:image:type\" content=\"image\/jpeg\" \/>\n<meta name=\"author\" content=\"Arquimaster\" \/>\n<meta name=\"twitter:card\" content=\"summary_large_image\" \/>\n<meta name=\"twitter:title\" content=\"Reforma de vivienda Passeig de la Zona Franca \/ Sincro\" \/>\n<meta name=\"twitter:description\" content=\"Un piso moderno y funcional con mucho espacio de almacenaje y muebles a medida para optimizar al m\u00e1ximo todos los espacios.\" \/>\n<meta name=\"twitter:image\" content=\"https:\/\/www.arquimaster.com.ar\/web\/wp-content\/uploads\/2022\/05\/vivienda_passeig_zona_franca_slide.jpg\" \/>\n<meta name=\"twitter:creator\" content=\"@arquimaster\" \/>\n<meta name=\"twitter:site\" content=\"@arquimaster\" \/>\n<meta name=\"twitter:label1\" content=\"Escrito por\" \/>\n\t<meta name=\"twitter:data1\" content=\"Arquimaster\" \/>\n\t<meta name=\"twitter:label2\" content=\"Tiempo de lectura\" \/>\n\t<meta name=\"twitter:data2\" content=\"3 minutos\" \/>\n<script type=\"application\/ld+json\" class=\"yoast-schema-graph\">{\"@context\":\"https:\\\/\\\/schema.org\",\"@graph\":[{\"@type\":\"Article\",\"@id\":\"https:\\\/\\\/www.arquimaster.com.ar\\\/web\\\/reforma-de-vivienda-passeig-de-la-zona-franca-sincro\\\/#article\",\"isPartOf\":{\"@id\":\"https:\\\/\\\/www.arquimaster.com.ar\\\/web\\\/reforma-de-vivienda-passeig-de-la-zona-franca-sincro\\\/\"},\"author\":{\"name\":\"Arquimaster\",\"@id\":\"https:\\\/\\\/www.arquimaster.com.ar\\\/web\\\/#\\\/schema\\\/person\\\/359e9f7c00193fcde068e0dd2ceb0028\"},\"headline\":\"Reforma de vivienda Passeig de la Zona Franca \\\/ Sincro\",\"datePublished\":\"2022-05-05T21:31:36+00:00\",\"dateModified\":\"2022-10-31T19:31:52+00:00\",\"mainEntityOfPage\":{\"@id\":\"https:\\\/\\\/www.arquimaster.com.ar\\\/web\\\/reforma-de-vivienda-passeig-de-la-zona-franca-sincro\\\/\"},\"wordCount\":611,\"publisher\":{\"@id\":\"https:\\\/\\\/www.arquimaster.com.ar\\\/web\\\/#organization\"},\"image\":{\"@id\":\"https:\\\/\\\/www.arquimaster.com.ar\\\/web\\\/reforma-de-vivienda-passeig-de-la-zona-franca-sincro\\\/#primaryimage\"},\"thumbnailUrl\":\"https:\\\/\\\/www.arquimaster.com.ar\\\/web\\\/wp-content\\\/uploads\\\/2022\\\/05\\\/vivienda_passeig_zona_franca_slide.jpg\",\"keywords\":[\"apartamento\",\"Barcelona\",\"departamento\",\"Espa\u00f1a\",\"reforma de apartamento\",\"reforma de vivienda\",\"Sincro\"],\"articleSection\":[\"Departamentos y Lofts\",\"Proyecto\"],\"inLanguage\":\"es\"},{\"@type\":\"WebPage\",\"@id\":\"https:\\\/\\\/www.arquimaster.com.ar\\\/web\\\/reforma-de-vivienda-passeig-de-la-zona-franca-sincro\\\/\",\"url\":\"https:\\\/\\\/www.arquimaster.com.ar\\\/web\\\/reforma-de-vivienda-passeig-de-la-zona-franca-sincro\\\/\",\"name\":\"Reforma de vivienda Passeig de la Zona Franca \\\/ Sincro - Arquimaster\",\"isPartOf\":{\"@id\":\"https:\\\/\\\/www.arquimaster.com.ar\\\/web\\\/#website\"},\"primaryImageOfPage\":{\"@id\":\"https:\\\/\\\/www.arquimaster.com.ar\\\/web\\\/reforma-de-vivienda-passeig-de-la-zona-franca-sincro\\\/#primaryimage\"},\"image\":{\"@id\":\"https:\\\/\\\/www.arquimaster.com.ar\\\/web\\\/reforma-de-vivienda-passeig-de-la-zona-franca-sincro\\\/#primaryimage\"},\"thumbnailUrl\":\"https:\\\/\\\/www.arquimaster.com.ar\\\/web\\\/wp-content\\\/uploads\\\/2022\\\/05\\\/vivienda_passeig_zona_franca_slide.jpg\",\"datePublished\":\"2022-05-05T21:31:36+00:00\",\"dateModified\":\"2022-10-31T19:31:52+00:00\",\"description\":\"Un piso moderno y funcional con mucho espacio de almacenaje y muebles a medida para optimizar al m\u00e1ximo todos los espacios.\",\"breadcrumb\":{\"@id\":\"https:\\\/\\\/www.arquimaster.com.ar\\\/web\\\/reforma-de-vivienda-passeig-de-la-zona-franca-sincro\\\/#breadcrumb\"},\"inLanguage\":\"es\",\"potentialAction\":[{\"@type\":\"ReadAction\",\"target\":[\"https:\\\/\\\/www.arquimaster.com.ar\\\/web\\\/reforma-de-vivienda-passeig-de-la-zona-franca-sincro\\\/\"]}]},{\"@type\":\"ImageObject\",\"inLanguage\":\"es\",\"@id\":\"https:\\\/\\\/www.arquimaster.com.ar\\\/web\\\/reforma-de-vivienda-passeig-de-la-zona-franca-sincro\\\/#primaryimage\",\"url\":\"https:\\\/\\\/www.arquimaster.com.ar\\\/web\\\/wp-content\\\/uploads\\\/2022\\\/05\\\/vivienda_passeig_zona_franca_slide.jpg\",\"contentUrl\":\"https:\\\/\\\/www.arquimaster.com.ar\\\/web\\\/wp-content\\\/uploads\\\/2022\\\/05\\\/vivienda_passeig_zona_franca_slide.jpg\",\"width\":698,\"height\":364,\"caption\":\"Reforma de vivienda Passeig de la Zona Franca \\\/ Sincro\"},{\"@type\":\"BreadcrumbList\",\"@id\":\"https:\\\/\\\/www.arquimaster.com.ar\\\/web\\\/reforma-de-vivienda-passeig-de-la-zona-franca-sincro\\\/#breadcrumb\",\"itemListElement\":[{\"@type\":\"ListItem\",\"position\":1,\"name\":\"Portada\",\"item\":\"https:\\\/\\\/www.arquimaster.com.ar\\\/web\\\/\"},{\"@type\":\"ListItem\",\"position\":2,\"name\":\"Reforma de vivienda Passeig de la Zona Franca \\\/ Sincro\"}]},{\"@type\":\"WebSite\",\"@id\":\"https:\\\/\\\/www.arquimaster.com.ar\\\/web\\\/#website\",\"url\":\"https:\\\/\\\/www.arquimaster.com.ar\\\/web\\\/\",\"name\":\"Arquimaster\",\"description\":\"Web de arquitectura, dise\u00f1o y construccion\",\"publisher\":{\"@id\":\"https:\\\/\\\/www.arquimaster.com.ar\\\/web\\\/#organization\"},\"potentialAction\":[{\"@type\":\"SearchAction\",\"target\":{\"@type\":\"EntryPoint\",\"urlTemplate\":\"https:\\\/\\\/www.arquimaster.com.ar\\\/web\\\/?s={search_term_string}\"},\"query-input\":{\"@type\":\"PropertyValueSpecification\",\"valueRequired\":true,\"valueName\":\"search_term_string\"}}],\"inLanguage\":\"es\"},{\"@type\":\"Organization\",\"@id\":\"https:\\\/\\\/www.arquimaster.com.ar\\\/web\\\/#organization\",\"name\":\"Arquimaster\",\"url\":\"https:\\\/\\\/www.arquimaster.com.ar\\\/web\\\/\",\"logo\":{\"@type\":\"ImageObject\",\"inLanguage\":\"es\",\"@id\":\"https:\\\/\\\/www.arquimaster.com.ar\\\/web\\\/#\\\/schema\\\/logo\\\/image\\\/\",\"url\":\"https:\\\/\\\/www.arquimaster.com.ar\\\/web\\\/wp-content\\\/uploads\\\/2022\\\/06\\\/arquimaster.png\",\"contentUrl\":\"https:\\\/\\\/www.arquimaster.com.ar\\\/web\\\/wp-content\\\/uploads\\\/2022\\\/06\\\/arquimaster.png\",\"width\":594,\"height\":78,\"caption\":\"Arquimaster\"},\"image\":{\"@id\":\"https:\\\/\\\/www.arquimaster.com.ar\\\/web\\\/#\\\/schema\\\/logo\\\/image\\\/\"},\"sameAs\":[\"http:\\\/\\\/www.facebook.com\\\/ARQUIMASTER.com.ar\",\"https:\\\/\\\/x.com\\\/arquimaster\",\"https:\\\/\\\/www.instagram.com\\\/arquimasterblog\\\/\",\"https:\\\/\\\/www.linkedin.com\\\/company\\\/arquimaster\",\"https:\\\/\\\/www.pinterest.com\\\/arquimaster\",\"https:\\\/\\\/t.me\\\/arquimaster\"]},{\"@type\":\"Person\",\"@id\":\"https:\\\/\\\/www.arquimaster.com.ar\\\/web\\\/#\\\/schema\\\/person\\\/359e9f7c00193fcde068e0dd2ceb0028\",\"name\":\"Arquimaster\"}]}<\/script>\n<!-- \/ Yoast SEO plugin. -->","yoast_head_json":{"title":"Reforma de vivienda Passeig de la Zona Franca \/ Sincro - Arquimaster","description":"Un piso moderno y funcional con mucho espacio de almacenaje y muebles a medida para optimizar al m\u00e1ximo todos los espacios.","robots":{"index":"index","follow":"follow","max-snippet":"max-snippet:-1","max-image-preview":"max-image-preview:large","max-video-preview":"max-video-preview:-1"},"canonical":"https:\/\/www.arquimaster.com.ar\/web\/reforma-de-vivienda-passeig-de-la-zona-franca-sincro\/","og_locale":"es_ES","og_type":"article","og_title":"Reforma de vivienda Passeig de la Zona Franca \/ Sincro","og_description":"Un piso moderno y funcional con mucho espacio de almacenaje y muebles a medida para optimizar al m\u00e1ximo todos los espacios.","og_url":"https:\/\/www.arquimaster.com.ar\/web\/reforma-de-vivienda-passeig-de-la-zona-franca-sincro\/","og_site_name":"Arquimaster","article_publisher":"http:\/\/www.facebook.com\/ARQUIMASTER.com.ar","article_published_time":"2022-05-05T21:31:36+00:00","article_modified_time":"2022-10-31T19:31:52+00:00","og_image":[{"width":698,"height":364,"url":"https:\/\/www.arquimaster.com.ar\/web\/wp-content\/uploads\/2022\/05\/vivienda_passeig_zona_franca_slide.jpg","type":"image\/jpeg"}],"author":"Arquimaster","twitter_card":"summary_large_image","twitter_title":"Reforma de vivienda Passeig de la Zona Franca \/ Sincro","twitter_description":"Un piso moderno y funcional con mucho espacio de almacenaje y muebles a medida para optimizar al m\u00e1ximo todos los espacios.","twitter_image":"https:\/\/www.arquimaster.com.ar\/web\/wp-content\/uploads\/2022\/05\/vivienda_passeig_zona_franca_slide.jpg","twitter_creator":"@arquimaster","twitter_site":"@arquimaster","twitter_misc":{"Escrito por":"Arquimaster","Tiempo de lectura":"3 minutos"},"schema":{"@context":"https:\/\/schema.org","@graph":[{"@type":"Article","@id":"https:\/\/www.arquimaster.com.ar\/web\/reforma-de-vivienda-passeig-de-la-zona-franca-sincro\/#article","isPartOf":{"@id":"https:\/\/www.arquimaster.com.ar\/web\/reforma-de-vivienda-passeig-de-la-zona-franca-sincro\/"},"author":{"name":"Arquimaster","@id":"https:\/\/www.arquimaster.com.ar\/web\/#\/schema\/person\/359e9f7c00193fcde068e0dd2ceb0028"},"headline":"Reforma de vivienda Passeig de la Zona Franca \/ Sincro","datePublished":"2022-05-05T21:31:36+00:00","dateModified":"2022-10-31T19:31:52+00:00","mainEntityOfPage":{"@id":"https:\/\/www.arquimaster.com.ar\/web\/reforma-de-vivienda-passeig-de-la-zona-franca-sincro\/"},"wordCount":611,"publisher":{"@id":"https:\/\/www.arquimaster.com.ar\/web\/#organization"},"image":{"@id":"https:\/\/www.arquimaster.com.ar\/web\/reforma-de-vivienda-passeig-de-la-zona-franca-sincro\/#primaryimage"},"thumbnailUrl":"https:\/\/www.arquimaster.com.ar\/web\/wp-content\/uploads\/2022\/05\/vivienda_passeig_zona_franca_slide.jpg","keywords":["apartamento","Barcelona","departamento","Espa\u00f1a","reforma de apartamento","reforma de vivienda","Sincro"],"articleSection":["Departamentos y Lofts","Proyecto"],"inLanguage":"es"},{"@type":"WebPage","@id":"https:\/\/www.arquimaster.com.ar\/web\/reforma-de-vivienda-passeig-de-la-zona-franca-sincro\/","url":"https:\/\/www.arquimaster.com.ar\/web\/reforma-de-vivienda-passeig-de-la-zona-franca-sincro\/","name":"Reforma de vivienda Passeig de la Zona Franca \/ Sincro - Arquimaster","isPartOf":{"@id":"https:\/\/www.arquimaster.com.ar\/web\/#website"},"primaryImageOfPage":{"@id":"https:\/\/www.arquimaster.com.ar\/web\/reforma-de-vivienda-passeig-de-la-zona-franca-sincro\/#primaryimage"},"image":{"@id":"https:\/\/www.arquimaster.com.ar\/web\/reforma-de-vivienda-passeig-de-la-zona-franca-sincro\/#primaryimage"},"thumbnailUrl":"https:\/\/www.arquimaster.com.ar\/web\/wp-content\/uploads\/2022\/05\/vivienda_passeig_zona_franca_slide.jpg","datePublished":"2022-05-05T21:31:36+00:00","dateModified":"2022-10-31T19:31:52+00:00","description":"Un piso moderno y funcional con mucho espacio de almacenaje y muebles a medida para optimizar al m\u00e1ximo todos los espacios.","breadcrumb":{"@id":"https:\/\/www.arquimaster.com.ar\/web\/reforma-de-vivienda-passeig-de-la-zona-franca-sincro\/#breadcrumb"},"inLanguage":"es","potentialAction":[{"@type":"ReadAction","target":["https:\/\/www.arquimaster.com.ar\/web\/reforma-de-vivienda-passeig-de-la-zona-franca-sincro\/"]}]},{"@type":"ImageObject","inLanguage":"es","@id":"https:\/\/www.arquimaster.com.ar\/web\/reforma-de-vivienda-passeig-de-la-zona-franca-sincro\/#primaryimage","url":"https:\/\/www.arquimaster.com.ar\/web\/wp-content\/uploads\/2022\/05\/vivienda_passeig_zona_franca_slide.jpg","contentUrl":"https:\/\/www.arquimaster.com.ar\/web\/wp-content\/uploads\/2022\/05\/vivienda_passeig_zona_franca_slide.jpg","width":698,"height":364,"caption":"Reforma de vivienda Passeig de la Zona Franca \/ Sincro"},{"@type":"BreadcrumbList","@id":"https:\/\/www.arquimaster.com.ar\/web\/reforma-de-vivienda-passeig-de-la-zona-franca-sincro\/#breadcrumb","itemListElement":[{"@type":"ListItem","position":1,"name":"Portada","item":"https:\/\/www.arquimaster.com.ar\/web\/"},{"@type":"ListItem","position":2,"name":"Reforma de vivienda Passeig de la Zona Franca \/ Sincro"}]},{"@type":"WebSite","@id":"https:\/\/www.arquimaster.com.ar\/web\/#website","url":"https:\/\/www.arquimaster.com.ar\/web\/","name":"Arquimaster","description":"Web de arquitectura, dise\u00f1o y construccion","publisher":{"@id":"https:\/\/www.arquimaster.com.ar\/web\/#organization"},"potentialAction":[{"@type":"SearchAction","target":{"@type":"EntryPoint","urlTemplate":"https:\/\/www.arquimaster.com.ar\/web\/?s={search_term_string}"},"query-input":{"@type":"PropertyValueSpecification","valueRequired":true,"valueName":"search_term_string"}}],"inLanguage":"es"},{"@type":"Organization","@id":"https:\/\/www.arquimaster.com.ar\/web\/#organization","name":"Arquimaster","url":"https:\/\/www.arquimaster.com.ar\/web\/","logo":{"@type":"ImageObject","inLanguage":"es","@id":"https:\/\/www.arquimaster.com.ar\/web\/#\/schema\/logo\/image\/","url":"https:\/\/www.arquimaster.com.ar\/web\/wp-content\/uploads\/2022\/06\/arquimaster.png","contentUrl":"https:\/\/www.arquimaster.com.ar\/web\/wp-content\/uploads\/2022\/06\/arquimaster.png","width":594,"height":78,"caption":"Arquimaster"},"image":{"@id":"https:\/\/www.arquimaster.com.ar\/web\/#\/schema\/logo\/image\/"},"sameAs":["http:\/\/www.facebook.com\/ARQUIMASTER.com.ar","https:\/\/x.com\/arquimaster","https:\/\/www.instagram.com\/arquimasterblog\/","https:\/\/www.linkedin.com\/company\/arquimaster","https:\/\/www.pinterest.com\/arquimaster","https:\/\/t.me\/arquimaster"]},{"@type":"Person","@id":"https:\/\/www.arquimaster.com.ar\/web\/#\/schema\/person\/359e9f7c00193fcde068e0dd2ceb0028","name":"Arquimaster"}]}},"uagb_featured_image_src":{"full":["https:\/\/www.arquimaster.com.ar\/web\/wp-content\/uploads\/2022\/05\/vivienda_passeig_zona_franca_slide.jpg",698,364,false],"thumbnail":["https:\/\/www.arquimaster.com.ar\/web\/wp-content\/uploads\/2022\/05\/vivienda_passeig_zona_franca_slide-150x150.jpg",150,150,true],"medium":["https:\/\/www.arquimaster.com.ar\/web\/wp-content\/uploads\/2022\/05\/vivienda_passeig_zona_franca_slide.jpg",698,364,false],"medium_large":["https:\/\/www.arquimaster.com.ar\/web\/wp-content\/uploads\/2022\/05\/vivienda_passeig_zona_franca_slide.jpg",698,364,false],"large":["https:\/\/www.arquimaster.com.ar\/web\/wp-content\/uploads\/2022\/05\/vivienda_passeig_zona_franca_slide.jpg",698,364,false],"1536x1536":["https:\/\/www.arquimaster.com.ar\/web\/wp-content\/uploads\/2022\/05\/vivienda_passeig_zona_franca_slide.jpg",698,364,false],"2048x2048":["https:\/\/www.arquimaster.com.ar\/web\/wp-content\/uploads\/2022\/05\/vivienda_passeig_zona_franca_slide.jpg",698,364,false]},"uagb_author_info":{"display_name":"Arquimaster","author_link":"https:\/\/www.arquimaster.com.ar\/web\/author\/arquimaster\/"},"uagb_comment_info":0,"uagb_excerpt":"Un piso moderno y funcional con mucho espacio de almacenaje...","_links":{"self":[{"href":"https:\/\/www.arquimaster.com.ar\/web\/wp-json\/wp\/v2\/posts\/70080","targetHints":{"allow":["GET"]}}],"collection":[{"href":"https:\/\/www.arquimaster.com.ar\/web\/wp-json\/wp\/v2\/posts"}],"about":[{"href":"https:\/\/www.arquimaster.com.ar\/web\/wp-json\/wp\/v2\/types\/post"}],"author":[{"embeddable":true,"href":"https:\/\/www.arquimaster.com.ar\/web\/wp-json\/wp\/v2\/users\/1"}],"replies":[{"embeddable":true,"href":"https:\/\/www.arquimaster.com.ar\/web\/wp-json\/wp\/v2\/comments?post=70080"}],"version-history":[{"count":2,"href":"https:\/\/www.arquimaster.com.ar\/web\/wp-json\/wp\/v2\/posts\/70080\/revisions"}],"predecessor-version":[{"id":70214,"href":"https:\/\/www.arquimaster.com.ar\/web\/wp-json\/wp\/v2\/posts\/70080\/revisions\/70214"}],"wp:featuredmedia":[{"embeddable":true,"href":"https:\/\/www.arquimaster.com.ar\/web\/wp-json\/wp\/v2\/media\/70081"}],"wp:attachment":[{"href":"https:\/\/www.arquimaster.com.ar\/web\/wp-json\/wp\/v2\/media?parent=70080"}],"wp:term":[{"taxonomy":"category","embeddable":true,"href":"https:\/\/www.arquimaster.com.ar\/web\/wp-json\/wp\/v2\/categories?post=70080"},{"taxonomy":"post_tag","embeddable":true,"href":"https:\/\/www.arquimaster.com.ar\/web\/wp-json\/wp\/v2\/tags?post=70080"}],"curies":[{"name":"wp","href":"https:\/\/api.w.org\/{rel}","templated":true}]}}