{"id":70236,"date":"2022-05-13T16:20:50","date_gmt":"2022-05-13T19:20:50","guid":{"rendered":"https:\/\/www.arquimaster.com.ar\/web\/?p=70236"},"modified":"2022-11-23T22:50:51","modified_gmt":"2022-11-24T01:50:51","slug":"whites-workshop-adma-arquitectos","status":"publish","type":"post","link":"https:\/\/www.arquimaster.com.ar\/web\/whites-workshop-adma-arquitectos\/","title":{"rendered":"Whites Workshop \/ ADMA Arquitectos"},"content":{"rendered":"<div style=\"margin-top: 0px; margin-bottom: 0px;\" class=\"sharethis-inline-share-buttons\" ><\/div><div class=\"b812932af2e751442846f039925109de\" data-index=\"1\" style=\"float: none; margin:25px 0 25px 0; text-align:center;\">\n<script async src=\"https:\/\/pagead2.googlesyndication.com\/pagead\/js\/adsbygoogle.js\"><\/script>\r\n<!-- Arquimaster (superior) -->\r\n<ins class=\"adsbygoogle\"\r\n     style=\"display:block\"\r\n     data-ad-client=\"ca-pub-6351072698456832\"\r\n     data-ad-slot=\"6455489680\"\r\n     data-ad-format=\"auto\"\r\n     data-full-width-responsive=\"true\"><\/ins>\r\n<script>\r\n     (adsbygoogle = window.adsbygoogle || []).push({});\r\n<\/script>\n<\/div>\n<p><strong>Whites Workshop<\/strong> (Nezahualc\u00f3yotl, Estado de M\u00e9xico, M\u00e9xico) por <strong>ADMA Arquitectos<\/strong>. Un joven ingeniero mec\u00e1nico que se independiza del negocio familiar e inicia su propio camino. La instalaci\u00f3n de un taller de maquila de blancos en el patio de su casa. El taller crece y va tomando los dem\u00e1s espacios hasta requerir la ampliaci\u00f3n formal de un nuevo nivel. Al desarrollo -inicialmente llevado por la v\u00eda de la autoconstrucci\u00f3n- se suma el ejercicio profesional del despacho ADMA Arquitectos.<\/p>\n<div id='gallery-1' class='gallery galleryid-70236 gallery-columns-3 gallery-size-thumbnail'><figure class='gallery-item'>\n\t\t\t<div class='gallery-icon landscape'>\n\t\t\t\t<a href='https:\/\/www.arquimaster.com.ar\/web\/wp-content\/uploads\/2022\/05\/whites_workshop1.jpg' title=\"Whites Workshop \/ ADMA Arquitectos (\u00a9 Zaickz Moz)\" data-rl_title=\"Whites Workshop \/ ADMA Arquitectos (\u00a9 Zaickz Moz)\" class=\"rl-gallery-link\" data-rl_caption=\"Whites Workshop \/ ADMA Arquitectos (\u00a9 Zaickz Moz)\" data-rel=\"lightbox-gallery-1\"><img loading=\"lazy\" decoding=\"async\" width=\"150\" height=\"150\" src=\"https:\/\/www.arquimaster.com.ar\/web\/wp-content\/uploads\/2022\/05\/whites_workshop1-150x150.jpg\" class=\"attachment-thumbnail size-thumbnail\" alt=\"Whites Workshop \/ ADMA Arquitectos\" aria-describedby=\"gallery-1-70238\" \/><\/a>\n\t\t\t<\/div>\n\t\t\t\t<figcaption class='wp-caption-text gallery-caption' id='gallery-1-70238'>\n\t\t\t\tWhites Workshop \/ ADMA Arquitectos (\u00a9 Zaickz Moz)\n\t\t\t\t<\/figcaption><\/figure><figure class='gallery-item'>\n\t\t\t<div class='gallery-icon portrait'>\n\t\t\t\t<a href='https:\/\/www.arquimaster.com.ar\/web\/wp-content\/uploads\/2022\/05\/whites_workshop2.jpg' title=\"Whites Workshop \/ ADMA Arquitectos (\u00a9 Zaickz Moz)\" data-rl_title=\"Whites Workshop \/ ADMA Arquitectos (\u00a9 Zaickz Moz)\" class=\"rl-gallery-link\" data-rl_caption=\"Whites Workshop \/ ADMA Arquitectos (\u00a9 Zaickz Moz)\" data-rel=\"lightbox-gallery-1\"><img loading=\"lazy\" decoding=\"async\" width=\"150\" height=\"150\" src=\"https:\/\/www.arquimaster.com.ar\/web\/wp-content\/uploads\/2022\/05\/whites_workshop2-150x150.jpg\" class=\"attachment-thumbnail size-thumbnail\" alt=\"Whites Workshop \/ ADMA Arquitectos\" aria-describedby=\"gallery-1-70239\" \/><\/a>\n\t\t\t<\/div>\n\t\t\t\t<figcaption class='wp-caption-text gallery-caption' id='gallery-1-70239'>\n\t\t\t\tWhites Workshop \/ ADMA Arquitectos (\u00a9 Zaickz Moz)\n\t\t\t\t<\/figcaption><\/figure><figure class='gallery-item'>\n\t\t\t<div class='gallery-icon portrait'>\n\t\t\t\t<a href='https:\/\/www.arquimaster.com.ar\/web\/wp-content\/uploads\/2022\/05\/whites_workshop3.jpg' title=\"Whites Workshop \/ ADMA Arquitectos (\u00a9 Zaickz Moz)\" data-rl_title=\"Whites Workshop \/ ADMA Arquitectos (\u00a9 Zaickz Moz)\" class=\"rl-gallery-link\" data-rl_caption=\"Whites Workshop \/ ADMA Arquitectos (\u00a9 Zaickz Moz)\" data-rel=\"lightbox-gallery-1\"><img loading=\"lazy\" decoding=\"async\" width=\"150\" height=\"150\" src=\"https:\/\/www.arquimaster.com.ar\/web\/wp-content\/uploads\/2022\/05\/whites_workshop3-150x150.jpg\" class=\"attachment-thumbnail size-thumbnail\" alt=\"Whites Workshop \/ ADMA Arquitectos\" aria-describedby=\"gallery-1-70240\" \/><\/a>\n\t\t\t<\/div>\n\t\t\t\t<figcaption class='wp-caption-text gallery-caption' id='gallery-1-70240'>\n\t\t\t\tWhites Workshop \/ ADMA Arquitectos (\u00a9 Zaickz Moz)\n\t\t\t\t<\/figcaption><\/figure><figure class='gallery-item'>\n\t\t\t<div class='gallery-icon landscape'>\n\t\t\t\t<a href='https:\/\/www.arquimaster.com.ar\/web\/wp-content\/uploads\/2022\/05\/whites_workshop4.jpg' title=\"Whites Workshop \/ ADMA Arquitectos (\u00a9 Zaickz Moz)\" data-rl_title=\"Whites Workshop \/ ADMA Arquitectos (\u00a9 Zaickz Moz)\" class=\"rl-gallery-link\" data-rl_caption=\"Whites Workshop \/ ADMA Arquitectos (\u00a9 Zaickz Moz)\" data-rel=\"lightbox-gallery-1\"><img loading=\"lazy\" decoding=\"async\" width=\"150\" height=\"150\" src=\"https:\/\/www.arquimaster.com.ar\/web\/wp-content\/uploads\/2022\/05\/whites_workshop4-150x150.jpg\" class=\"attachment-thumbnail size-thumbnail\" alt=\"Whites Workshop \/ ADMA Arquitectos\" aria-describedby=\"gallery-1-70241\" \/><\/a>\n\t\t\t<\/div>\n\t\t\t\t<figcaption class='wp-caption-text gallery-caption' id='gallery-1-70241'>\n\t\t\t\tWhites Workshop \/ ADMA Arquitectos (\u00a9 Zaickz Moz)\n\t\t\t\t<\/figcaption><\/figure><figure class='gallery-item'>\n\t\t\t<div class='gallery-icon portrait'>\n\t\t\t\t<a href='https:\/\/www.arquimaster.com.ar\/web\/wp-content\/uploads\/2022\/05\/whites_workshop5.jpg' title=\"Whites Workshop \/ ADMA Arquitectos (\u00a9 Zaickz Moz)\" data-rl_title=\"Whites Workshop \/ ADMA Arquitectos (\u00a9 Zaickz Moz)\" class=\"rl-gallery-link\" data-rl_caption=\"Whites Workshop \/ ADMA Arquitectos (\u00a9 Zaickz Moz)\" data-rel=\"lightbox-gallery-1\"><img loading=\"lazy\" decoding=\"async\" width=\"150\" height=\"150\" src=\"https:\/\/www.arquimaster.com.ar\/web\/wp-content\/uploads\/2022\/05\/whites_workshop5-150x150.jpg\" class=\"attachment-thumbnail size-thumbnail\" alt=\"Whites Workshop \/ ADMA Arquitectos\" aria-describedby=\"gallery-1-70242\" \/><\/a>\n\t\t\t<\/div>\n\t\t\t\t<figcaption class='wp-caption-text gallery-caption' id='gallery-1-70242'>\n\t\t\t\tWhites Workshop \/ ADMA Arquitectos (\u00a9 Zaickz Moz)\n\t\t\t\t<\/figcaption><\/figure><figure class='gallery-item'>\n\t\t\t<div class='gallery-icon landscape'>\n\t\t\t\t<a href='https:\/\/www.arquimaster.com.ar\/web\/wp-content\/uploads\/2022\/05\/whites_workshop6.jpg' title=\"Whites Workshop \/ ADMA Arquitectos (\u00a9 Zaickz Moz)\" data-rl_title=\"Whites Workshop \/ ADMA Arquitectos (\u00a9 Zaickz Moz)\" class=\"rl-gallery-link\" data-rl_caption=\"Whites Workshop \/ ADMA Arquitectos (\u00a9 Zaickz Moz)\" data-rel=\"lightbox-gallery-1\"><img loading=\"lazy\" decoding=\"async\" width=\"150\" height=\"150\" src=\"https:\/\/www.arquimaster.com.ar\/web\/wp-content\/uploads\/2022\/05\/whites_workshop6-150x150.jpg\" class=\"attachment-thumbnail size-thumbnail\" alt=\"Whites Workshop \/ ADMA Arquitectos\" aria-describedby=\"gallery-1-70243\" \/><\/a>\n\t\t\t<\/div>\n\t\t\t\t<figcaption class='wp-caption-text gallery-caption' id='gallery-1-70243'>\n\t\t\t\tWhites Workshop \/ ADMA Arquitectos (\u00a9 Zaickz Moz)\n\t\t\t\t<\/figcaption><\/figure><figure class='gallery-item'>\n\t\t\t<div class='gallery-icon landscape'>\n\t\t\t\t<a href='https:\/\/www.arquimaster.com.ar\/web\/wp-content\/uploads\/2022\/05\/whites_workshop7.jpg' title=\"Whites Workshop \/ ADMA Arquitectos (\u00a9 Zaickz Moz)\" data-rl_title=\"Whites Workshop \/ ADMA Arquitectos (\u00a9 Zaickz Moz)\" class=\"rl-gallery-link\" data-rl_caption=\"Whites Workshop \/ ADMA Arquitectos (\u00a9 Zaickz Moz)\" data-rel=\"lightbox-gallery-1\"><img loading=\"lazy\" decoding=\"async\" width=\"150\" height=\"150\" src=\"https:\/\/www.arquimaster.com.ar\/web\/wp-content\/uploads\/2022\/05\/whites_workshop7-150x150.jpg\" class=\"attachment-thumbnail size-thumbnail\" alt=\"Whites Workshop \/ ADMA Arquitectos\" aria-describedby=\"gallery-1-70244\" \/><\/a>\n\t\t\t<\/div>\n\t\t\t\t<figcaption class='wp-caption-text gallery-caption' id='gallery-1-70244'>\n\t\t\t\tWhites Workshop \/ ADMA Arquitectos (\u00a9 Zaickz Moz)\n\t\t\t\t<\/figcaption><\/figure><figure class='gallery-item'>\n\t\t\t<div class='gallery-icon landscape'>\n\t\t\t\t<a href='https:\/\/www.arquimaster.com.ar\/web\/wp-content\/uploads\/2022\/05\/whites_workshop8.jpg' title=\"Whites Workshop \/ ADMA Arquitectos (\u00a9 Zaickz Moz)\" data-rl_title=\"Whites Workshop \/ ADMA Arquitectos (\u00a9 Zaickz Moz)\" class=\"rl-gallery-link\" data-rl_caption=\"Whites Workshop \/ ADMA Arquitectos (\u00a9 Zaickz Moz)\" data-rel=\"lightbox-gallery-1\"><img loading=\"lazy\" decoding=\"async\" width=\"150\" height=\"150\" src=\"https:\/\/www.arquimaster.com.ar\/web\/wp-content\/uploads\/2022\/05\/whites_workshop8-150x150.jpg\" class=\"attachment-thumbnail size-thumbnail\" alt=\"Whites Workshop \/ ADMA Arquitectos\" aria-describedby=\"gallery-1-70245\" \/><\/a>\n\t\t\t<\/div>\n\t\t\t\t<figcaption class='wp-caption-text gallery-caption' id='gallery-1-70245'>\n\t\t\t\tWhites Workshop \/ ADMA Arquitectos (\u00a9 Zaickz Moz)\n\t\t\t\t<\/figcaption><\/figure><figure class='gallery-item'>\n\t\t\t<div class='gallery-icon landscape'>\n\t\t\t\t<a href='https:\/\/www.arquimaster.com.ar\/web\/wp-content\/uploads\/2022\/05\/whites_workshop9.jpg' title=\"Whites Workshop \/ ADMA Arquitectos (\u00a9 Zaickz Moz)\" data-rl_title=\"Whites Workshop \/ ADMA Arquitectos (\u00a9 Zaickz Moz)\" class=\"rl-gallery-link\" data-rl_caption=\"Whites Workshop \/ ADMA Arquitectos (\u00a9 Zaickz Moz)\" data-rel=\"lightbox-gallery-1\"><img loading=\"lazy\" decoding=\"async\" width=\"150\" height=\"150\" src=\"https:\/\/www.arquimaster.com.ar\/web\/wp-content\/uploads\/2022\/05\/whites_workshop9-150x150.jpg\" class=\"attachment-thumbnail size-thumbnail\" alt=\"Whites Workshop \/ ADMA Arquitectos\" aria-describedby=\"gallery-1-70246\" \/><\/a>\n\t\t\t<\/div>\n\t\t\t\t<figcaption class='wp-caption-text gallery-caption' id='gallery-1-70246'>\n\t\t\t\tWhites Workshop \/ ADMA Arquitectos (\u00a9 Zaickz Moz)\n\t\t\t\t<\/figcaption><\/figure><figure class='gallery-item'>\n\t\t\t<div class='gallery-icon landscape'>\n\t\t\t\t<a href='https:\/\/www.arquimaster.com.ar\/web\/wp-content\/uploads\/2022\/05\/whites_workshop10.jpg' title=\"Whites Workshop \/ ADMA Arquitectos (\u00a9 Zaickz Moz)\" data-rl_title=\"Whites Workshop \/ ADMA Arquitectos (\u00a9 Zaickz Moz)\" class=\"rl-gallery-link\" data-rl_caption=\"Whites Workshop \/ ADMA Arquitectos (\u00a9 Zaickz Moz)\" data-rel=\"lightbox-gallery-1\"><img loading=\"lazy\" decoding=\"async\" width=\"150\" height=\"150\" src=\"https:\/\/www.arquimaster.com.ar\/web\/wp-content\/uploads\/2022\/05\/whites_workshop10-150x150.jpg\" class=\"attachment-thumbnail size-thumbnail\" alt=\"Whites Workshop \/ ADMA Arquitectos\" aria-describedby=\"gallery-1-70247\" \/><\/a>\n\t\t\t<\/div>\n\t\t\t\t<figcaption class='wp-caption-text gallery-caption' id='gallery-1-70247'>\n\t\t\t\tWhites Workshop \/ ADMA Arquitectos (\u00a9 Zaickz Moz)\n\t\t\t\t<\/figcaption><\/figure><figure class='gallery-item'>\n\t\t\t<div class='gallery-icon landscape'>\n\t\t\t\t<a href='https:\/\/www.arquimaster.com.ar\/web\/wp-content\/uploads\/2022\/05\/whites_workshop11.jpg' title=\"Whites Workshop \/ ADMA Arquitectos (plantas)\" data-rl_title=\"Whites Workshop \/ ADMA Arquitectos (plantas)\" class=\"rl-gallery-link\" data-rl_caption=\"Whites Workshop \/ ADMA Arquitectos (plantas)\" data-rel=\"lightbox-gallery-1\"><img loading=\"lazy\" decoding=\"async\" width=\"150\" height=\"150\" src=\"https:\/\/www.arquimaster.com.ar\/web\/wp-content\/uploads\/2022\/05\/whites_workshop11-150x150.jpg\" class=\"attachment-thumbnail size-thumbnail\" alt=\"Whites Workshop \/ ADMA Arquitectos\" aria-describedby=\"gallery-1-70248\" \/><\/a>\n\t\t\t<\/div>\n\t\t\t\t<figcaption class='wp-caption-text gallery-caption' id='gallery-1-70248'>\n\t\t\t\tWhites Workshop \/ ADMA Arquitectos (plantas)\n\t\t\t\t<\/figcaption><\/figure><figure class='gallery-item'>\n\t\t\t<div class='gallery-icon landscape'>\n\t\t\t\t<a href='https:\/\/www.arquimaster.com.ar\/web\/wp-content\/uploads\/2022\/05\/whites_workshop12.jpg' title=\"Whites Workshop \/ ADMA Arquitectos (cortes)\" data-rl_title=\"Whites Workshop \/ ADMA Arquitectos (cortes)\" class=\"rl-gallery-link\" data-rl_caption=\"Whites Workshop \/ ADMA Arquitectos (cortes)\" data-rel=\"lightbox-gallery-1\"><img loading=\"lazy\" decoding=\"async\" width=\"150\" height=\"150\" src=\"https:\/\/www.arquimaster.com.ar\/web\/wp-content\/uploads\/2022\/05\/whites_workshop12-150x150.jpg\" class=\"attachment-thumbnail size-thumbnail\" alt=\"Whites Workshop \/ ADMA Arquitectos\" aria-describedby=\"gallery-1-70249\" \/><\/a>\n\t\t\t<\/div>\n\t\t\t\t<figcaption class='wp-caption-text gallery-caption' id='gallery-1-70249'>\n\t\t\t\tWhites Workshop \/ ADMA Arquitectos (cortes)\n\t\t\t\t<\/figcaption><\/figure><figure class='gallery-item'>\n\t\t\t<div class='gallery-icon landscape'>\n\t\t\t\t<a href='https:\/\/www.arquimaster.com.ar\/web\/wp-content\/uploads\/2022\/05\/whites_workshop13.jpg' title=\"Whites Workshop \/ ADMA Arquitectos (axonometria)\" data-rl_title=\"Whites Workshop \/ ADMA Arquitectos (axonometria)\" class=\"rl-gallery-link\" data-rl_caption=\"Whites Workshop \/ ADMA Arquitectos (axonometria)\" data-rel=\"lightbox-gallery-1\"><img loading=\"lazy\" decoding=\"async\" width=\"150\" height=\"150\" src=\"https:\/\/www.arquimaster.com.ar\/web\/wp-content\/uploads\/2022\/05\/whites_workshop13-150x150.jpg\" class=\"attachment-thumbnail size-thumbnail\" alt=\"Whites Workshop \/ ADMA Arquitectos\" aria-describedby=\"gallery-1-70250\" \/><\/a>\n\t\t\t<\/div>\n\t\t\t\t<figcaption class='wp-caption-text gallery-caption' id='gallery-1-70250'>\n\t\t\t\tWhites Workshop \/ ADMA Arquitectos (axonometria)\n\t\t\t\t<\/figcaption><\/figure>\n\t\t<\/div>\n\n<p>A la par del an\u00e1lisis de los procesos, flujos y necesidades de trabajo, para su \u00f3ptima reorganizaci\u00f3n el en taller ya existente, se proyect\u00f3 la ampliaci\u00f3n hacia el segundo nivel: un espacio completo para la instalaci\u00f3n de m\u00e1quinas de coser.<\/p>\n<p>El proyecto se llev\u00f3 a cabo con tres objetivos claros. Primero, aprovechar los recursos y la superficie disponibles; luego, incrementar el rendimiento del taller y, el m\u00e1s importante, mejorar la atm\u00f3sfera de trabajo de las veinticinco personas que en \u00e9l confluyen cotidianamente.<\/p>\n<p>Para lo primero, la soluci\u00f3n se encontr\u00f3 en la selecci\u00f3n de materiales que pudieran quedar aparentes: vigueta y bovedilla, block de 40&#215;20 y cemento pulido. Esto signific\u00f3, ala vez, el reto de cuidar el manejo y los detalles durante todo el proceso de construcci\u00f3n. Las instalaciones quedaron francamente expuestas para enfatizar la atm\u00f3sfera industrial en un espacio sobrio matizado por los descansos visuales de las ventanas y de una celos\u00eda de 12 metros.<\/p>\n<p>Dicha celos\u00eda -que, estrat\u00e9gicamente, intercala huecos de vidrio y huecos libres- permiti\u00f3 controlar la entrada de luz natural y las corrientes necesarias para una ventilaci\u00f3n que regulara la temperatura interior. Lo que apunt\u00f3 principalmente al segundo objetivo: el rendimiento de las jornadas, ya fuera en \u00e9poca de lluvias o en \u00e9poca de calor.<\/p>\n<p>Dando continuidad al concepto del espacio interior y aprovechando el remanente del material utilizado, se dise\u00f1\u00f3 una banca con jardinera a partir del ensamblaje de bovedillas. Esto dio como resultado un espacio de terraza para el esparcimiento y descanso de los y las trabajadoras del taller.<\/p>\n<p>La inclusi\u00f3n de la planeaci\u00f3n arquitect\u00f3nica no solo significa el crecimiento y evoluci\u00f3n del taller, como negocio, sino la suma de valores espaciales, materiales y econ\u00f3micos y, sobre todo, la dignificaci\u00f3n del trabajo.<\/p>\n\n\n<div style=\"height:20px\" aria-hidden=\"true\" class=\"wp-block-spacer\"><\/div>\n\n\n\n<p class=\"has-background\" style=\"background-color:#eaeaea\"><strong>Ficha t\u00e9cnica<\/strong><br>Nombre: Whites Workshop<br>Ubicaci\u00f3n: Nezahualc\u00f3yotl, Estado de M\u00e9xico, M\u00e9xico<br>Oficina de arquitectura: ADMA Arquitectos<br>Equipo: Adrian Alonso Sosa, Alejandro Reyes Matias, Christian Medina, Mario Palomino<br>Cliente: Blancos Juliet<br>Tipologia: Industria<br>Area: 75 m2<br>Area predio: 250 m2<br>Fecha: Marzo-Junio 2021<br>Texto: Fernanda Esc\u00e1rcega<br>Fotograf\u00edas: Zaickz Moz<br><br><strong>Contacto<\/strong><br><a href=\"https:\/\/www.adma-arquitectos.com\" target=\"_blank\" rel=\"noreferrer noopener\">https:\/\/www.adma-arquitectos.com<\/a><br>Facebook: ADMA Arquitectos Workshop<br>Instagram: @adma.arquitectos<\/p>\n\n\n\n<div style=\"height:40px\" aria-hidden=\"true\" class=\"wp-block-spacer\"><\/div>\n\n\n<p><strong><em>English version<\/em><\/strong><\/p>\n<p><em>A young Mechanical Engineer who becomes independent from the family business and starts his own path. The installation of a whites workshop in the backyard of his house. The workshop grows and takes over the other spaces until it requires the formal extension of a new level.<\/em><\/p>\n<p><em>To the development initially carried out by way of self-construction, the professional practice of the firm ADMA Architects is added. Along with the analysis of the processes, flows and work needs, for its optimal reorganization of the existing workshop, the expansion to the second level was projected: a complete space for the installation of sewing machines.<\/em><\/p>\n<p><em>The project was carried out with three clear objectives. First, take advantage of the available resources and surface; then, increase the performance of the workshop and, most importantly, improve the working atmosphere of the twenty-five people who come together daily.<\/em><\/p>\n<p><em>For the first, the solution was found in the selection of materials that could be apparent: joist and vault, 40&#215;20 block and polished cement. This meant, at the same time, the challenge of taking care of the handling and the details throughout the construction process. The facilities were frankly exposed to emphasize the industrial atmosphere in a sober space nuanced by the visual breaks of the windows and a 12-meter lattice.<\/em><\/p>\n<p><em>This lattice -which, strategically, intersperses glass holes and free holes- control the entry of natural light and the currents necessary for ventilation that regulates the interior temperature. What he aimed mainly at the second objective: the performance of the days, either in the rainy season or in the hot season.<\/em><\/p>\n<p><em>Continuing the concept of the interior space and taking advantage of the remainder of the material used, a bench with a planter was designed from the assembly of vaults. This resulted in a terrace space for recreation and rest for the workshop workers.<\/em><\/p>\n<p><em>The inclusion of architectural planning does not only mean the growth and evolution of the workshop, as a business, but the sum of spatial, material and economic values and, above all, the dignity of work.<\/em><\/p>\n<div style=\"font-size: 0px; height: 0px; line-height: 0px; margin: 0; padding: 0; clear: both;\"><\/div><div style=\"margin-top: 0px; margin-bottom: 0px;\" class=\"sharethis-inline-share-buttons\" ><\/div>","protected":false},"excerpt":{"rendered":"<p>Las instalaciones expuestas enfatizan la atm\u00f3sfera industrial&#8230;<\/p>\n","protected":false},"author":1,"featured_media":70237,"comment_status":"closed","ping_status":"closed","sticky":false,"template":"","format":"standard","meta":{"_uag_custom_page_level_css":"","footnotes":""},"categories":[6789,1],"tags":[7403,7406,7408,6697,7407,3622,7409,24,7405,7404],"class_list":["post-70236","post","type-post","status-publish","format-standard","has-post-thumbnail","hentry","category-arquitectura-industrial","category-proyecto","tag-adma-arquitectos","tag-adrian-alonso-sosa","tag-alejandro-reyes-matias","tag-arquitectura-industrial","tag-christian-medina","tag-estado-de-mexico","tag-mario-palomino","tag-mexico","tag-nezahualcoyotl","tag-taller-textil","generate-columns","tablet-grid-50","mobile-grid-100","grid-parent","grid-50"],"yoast_head":"<!-- This site is optimized with the Yoast SEO plugin v27.3 - https:\/\/yoast.com\/product\/yoast-seo-wordpress\/ -->\n<title>Whites Workshop \/ ADMA Arquitectos - Arquimaster<\/title>\n<meta name=\"description\" content=\"Las instalaciones expuestas enfatizan la atm\u00f3sfera industrial en un espacio sobrio matizado por los descansos visuales de las ventanas y de una celos\u00eda.\" \/>\n<meta name=\"robots\" content=\"index, follow, max-snippet:-1, max-image-preview:large, max-video-preview:-1\" \/>\n<link rel=\"canonical\" href=\"https:\/\/www.arquimaster.com.ar\/web\/whites-workshop-adma-arquitectos\/\" \/>\n<meta property=\"og:locale\" content=\"es_ES\" \/>\n<meta property=\"og:type\" content=\"article\" \/>\n<meta property=\"og:title\" content=\"Whites Workshop \/ ADMA Arquitectos\" \/>\n<meta property=\"og:description\" content=\"Las instalaciones expuestas enfatizan la atm\u00f3sfera industrial en un espacio sobrio matizado por los descansos visuales de las ventanas y de una celos\u00eda.\" \/>\n<meta property=\"og:url\" content=\"https:\/\/www.arquimaster.com.ar\/web\/whites-workshop-adma-arquitectos\/\" \/>\n<meta property=\"og:site_name\" content=\"Arquimaster\" \/>\n<meta property=\"article:publisher\" content=\"http:\/\/www.facebook.com\/ARQUIMASTER.com.ar\" \/>\n<meta property=\"article:published_time\" content=\"2022-05-13T19:20:50+00:00\" \/>\n<meta property=\"article:modified_time\" content=\"2022-11-24T01:50:51+00:00\" \/>\n<meta property=\"og:image\" content=\"https:\/\/www.arquimaster.com.ar\/web\/wp-content\/uploads\/2022\/05\/whites_workshop_slide.jpg\" \/>\n\t<meta property=\"og:image:width\" content=\"698\" \/>\n\t<meta property=\"og:image:height\" content=\"364\" \/>\n\t<meta property=\"og:image:type\" content=\"image\/jpeg\" \/>\n<meta name=\"author\" content=\"Arquimaster\" \/>\n<meta name=\"twitter:card\" content=\"summary_large_image\" \/>\n<meta name=\"twitter:title\" content=\"Whites Workshop \/ ADMA Arquitectos\" \/>\n<meta name=\"twitter:description\" content=\"Las instalaciones expuestas enfatizan la atm\u00f3sfera industrial en un espacio sobrio matizado por los descansos visuales de las ventanas y de una celos\u00eda.\" \/>\n<meta name=\"twitter:image\" content=\"https:\/\/www.arquimaster.com.ar\/web\/wp-content\/uploads\/2022\/05\/whites_workshop_slide.jpg\" \/>\n<meta name=\"twitter:creator\" content=\"@arquimaster\" \/>\n<meta name=\"twitter:site\" content=\"@arquimaster\" \/>\n<meta name=\"twitter:label1\" content=\"Escrito por\" \/>\n\t<meta name=\"twitter:data1\" content=\"Arquimaster\" \/>\n\t<meta name=\"twitter:label2\" content=\"Tiempo de lectura\" \/>\n\t<meta name=\"twitter:data2\" content=\"4 minutos\" \/>\n<script type=\"application\/ld+json\" class=\"yoast-schema-graph\">{\"@context\":\"https:\\\/\\\/schema.org\",\"@graph\":[{\"@type\":\"Article\",\"@id\":\"https:\\\/\\\/www.arquimaster.com.ar\\\/web\\\/whites-workshop-adma-arquitectos\\\/#article\",\"isPartOf\":{\"@id\":\"https:\\\/\\\/www.arquimaster.com.ar\\\/web\\\/whites-workshop-adma-arquitectos\\\/\"},\"author\":{\"name\":\"Arquimaster\",\"@id\":\"https:\\\/\\\/www.arquimaster.com.ar\\\/web\\\/#\\\/schema\\\/person\\\/359e9f7c00193fcde068e0dd2ceb0028\"},\"headline\":\"Whites Workshop \\\/ ADMA Arquitectos\",\"datePublished\":\"2022-05-13T19:20:50+00:00\",\"dateModified\":\"2022-11-24T01:50:51+00:00\",\"mainEntityOfPage\":{\"@id\":\"https:\\\/\\\/www.arquimaster.com.ar\\\/web\\\/whites-workshop-adma-arquitectos\\\/\"},\"wordCount\":801,\"publisher\":{\"@id\":\"https:\\\/\\\/www.arquimaster.com.ar\\\/web\\\/#organization\"},\"image\":{\"@id\":\"https:\\\/\\\/www.arquimaster.com.ar\\\/web\\\/whites-workshop-adma-arquitectos\\\/#primaryimage\"},\"thumbnailUrl\":\"https:\\\/\\\/www.arquimaster.com.ar\\\/web\\\/wp-content\\\/uploads\\\/2022\\\/05\\\/whites_workshop_slide.jpg\",\"keywords\":[\"ADMA Arquitectos\",\"Adrian Alonso Sosa\",\"Alejandro Reyes Matias\",\"arquitectura industrial\",\"Christian Medina\",\"Estado de Mexico\",\"Mario Palomino\",\"Mexico\",\"Nezahualc\u00f3yotl\",\"taller textil\"],\"articleSection\":[\"Arquitectura industrial\",\"Proyecto\"],\"inLanguage\":\"es\"},{\"@type\":\"WebPage\",\"@id\":\"https:\\\/\\\/www.arquimaster.com.ar\\\/web\\\/whites-workshop-adma-arquitectos\\\/\",\"url\":\"https:\\\/\\\/www.arquimaster.com.ar\\\/web\\\/whites-workshop-adma-arquitectos\\\/\",\"name\":\"Whites Workshop \\\/ ADMA Arquitectos - Arquimaster\",\"isPartOf\":{\"@id\":\"https:\\\/\\\/www.arquimaster.com.ar\\\/web\\\/#website\"},\"primaryImageOfPage\":{\"@id\":\"https:\\\/\\\/www.arquimaster.com.ar\\\/web\\\/whites-workshop-adma-arquitectos\\\/#primaryimage\"},\"image\":{\"@id\":\"https:\\\/\\\/www.arquimaster.com.ar\\\/web\\\/whites-workshop-adma-arquitectos\\\/#primaryimage\"},\"thumbnailUrl\":\"https:\\\/\\\/www.arquimaster.com.ar\\\/web\\\/wp-content\\\/uploads\\\/2022\\\/05\\\/whites_workshop_slide.jpg\",\"datePublished\":\"2022-05-13T19:20:50+00:00\",\"dateModified\":\"2022-11-24T01:50:51+00:00\",\"description\":\"Las instalaciones expuestas enfatizan la atm\u00f3sfera industrial en un espacio sobrio matizado por los descansos visuales de las ventanas y de una celos\u00eda.\",\"breadcrumb\":{\"@id\":\"https:\\\/\\\/www.arquimaster.com.ar\\\/web\\\/whites-workshop-adma-arquitectos\\\/#breadcrumb\"},\"inLanguage\":\"es\",\"potentialAction\":[{\"@type\":\"ReadAction\",\"target\":[\"https:\\\/\\\/www.arquimaster.com.ar\\\/web\\\/whites-workshop-adma-arquitectos\\\/\"]}]},{\"@type\":\"ImageObject\",\"inLanguage\":\"es\",\"@id\":\"https:\\\/\\\/www.arquimaster.com.ar\\\/web\\\/whites-workshop-adma-arquitectos\\\/#primaryimage\",\"url\":\"https:\\\/\\\/www.arquimaster.com.ar\\\/web\\\/wp-content\\\/uploads\\\/2022\\\/05\\\/whites_workshop_slide.jpg\",\"contentUrl\":\"https:\\\/\\\/www.arquimaster.com.ar\\\/web\\\/wp-content\\\/uploads\\\/2022\\\/05\\\/whites_workshop_slide.jpg\",\"width\":698,\"height\":364,\"caption\":\"Whites Workshop \\\/ ADMA Arquitectos\"},{\"@type\":\"BreadcrumbList\",\"@id\":\"https:\\\/\\\/www.arquimaster.com.ar\\\/web\\\/whites-workshop-adma-arquitectos\\\/#breadcrumb\",\"itemListElement\":[{\"@type\":\"ListItem\",\"position\":1,\"name\":\"Portada\",\"item\":\"https:\\\/\\\/www.arquimaster.com.ar\\\/web\\\/\"},{\"@type\":\"ListItem\",\"position\":2,\"name\":\"Whites Workshop \\\/ ADMA Arquitectos\"}]},{\"@type\":\"WebSite\",\"@id\":\"https:\\\/\\\/www.arquimaster.com.ar\\\/web\\\/#website\",\"url\":\"https:\\\/\\\/www.arquimaster.com.ar\\\/web\\\/\",\"name\":\"Arquimaster\",\"description\":\"Web de arquitectura, dise\u00f1o y construccion\",\"publisher\":{\"@id\":\"https:\\\/\\\/www.arquimaster.com.ar\\\/web\\\/#organization\"},\"potentialAction\":[{\"@type\":\"SearchAction\",\"target\":{\"@type\":\"EntryPoint\",\"urlTemplate\":\"https:\\\/\\\/www.arquimaster.com.ar\\\/web\\\/?s={search_term_string}\"},\"query-input\":{\"@type\":\"PropertyValueSpecification\",\"valueRequired\":true,\"valueName\":\"search_term_string\"}}],\"inLanguage\":\"es\"},{\"@type\":\"Organization\",\"@id\":\"https:\\\/\\\/www.arquimaster.com.ar\\\/web\\\/#organization\",\"name\":\"Arquimaster\",\"url\":\"https:\\\/\\\/www.arquimaster.com.ar\\\/web\\\/\",\"logo\":{\"@type\":\"ImageObject\",\"inLanguage\":\"es\",\"@id\":\"https:\\\/\\\/www.arquimaster.com.ar\\\/web\\\/#\\\/schema\\\/logo\\\/image\\\/\",\"url\":\"https:\\\/\\\/www.arquimaster.com.ar\\\/web\\\/wp-content\\\/uploads\\\/2022\\\/06\\\/arquimaster.png\",\"contentUrl\":\"https:\\\/\\\/www.arquimaster.com.ar\\\/web\\\/wp-content\\\/uploads\\\/2022\\\/06\\\/arquimaster.png\",\"width\":594,\"height\":78,\"caption\":\"Arquimaster\"},\"image\":{\"@id\":\"https:\\\/\\\/www.arquimaster.com.ar\\\/web\\\/#\\\/schema\\\/logo\\\/image\\\/\"},\"sameAs\":[\"http:\\\/\\\/www.facebook.com\\\/ARQUIMASTER.com.ar\",\"https:\\\/\\\/x.com\\\/arquimaster\",\"https:\\\/\\\/www.instagram.com\\\/arquimasterblog\\\/\",\"https:\\\/\\\/www.linkedin.com\\\/company\\\/arquimaster\",\"https:\\\/\\\/www.pinterest.com\\\/arquimaster\",\"https:\\\/\\\/t.me\\\/arquimaster\"]},{\"@type\":\"Person\",\"@id\":\"https:\\\/\\\/www.arquimaster.com.ar\\\/web\\\/#\\\/schema\\\/person\\\/359e9f7c00193fcde068e0dd2ceb0028\",\"name\":\"Arquimaster\"}]}<\/script>\n<!-- \/ Yoast SEO plugin. -->","yoast_head_json":{"title":"Whites Workshop \/ ADMA Arquitectos - Arquimaster","description":"Las instalaciones expuestas enfatizan la atm\u00f3sfera industrial en un espacio sobrio matizado por los descansos visuales de las ventanas y de una celos\u00eda.","robots":{"index":"index","follow":"follow","max-snippet":"max-snippet:-1","max-image-preview":"max-image-preview:large","max-video-preview":"max-video-preview:-1"},"canonical":"https:\/\/www.arquimaster.com.ar\/web\/whites-workshop-adma-arquitectos\/","og_locale":"es_ES","og_type":"article","og_title":"Whites Workshop \/ ADMA Arquitectos","og_description":"Las instalaciones expuestas enfatizan la atm\u00f3sfera industrial en un espacio sobrio matizado por los descansos visuales de las ventanas y de una celos\u00eda.","og_url":"https:\/\/www.arquimaster.com.ar\/web\/whites-workshop-adma-arquitectos\/","og_site_name":"Arquimaster","article_publisher":"http:\/\/www.facebook.com\/ARQUIMASTER.com.ar","article_published_time":"2022-05-13T19:20:50+00:00","article_modified_time":"2022-11-24T01:50:51+00:00","og_image":[{"width":698,"height":364,"url":"https:\/\/www.arquimaster.com.ar\/web\/wp-content\/uploads\/2022\/05\/whites_workshop_slide.jpg","type":"image\/jpeg"}],"author":"Arquimaster","twitter_card":"summary_large_image","twitter_title":"Whites Workshop \/ ADMA Arquitectos","twitter_description":"Las instalaciones expuestas enfatizan la atm\u00f3sfera industrial en un espacio sobrio matizado por los descansos visuales de las ventanas y de una celos\u00eda.","twitter_image":"https:\/\/www.arquimaster.com.ar\/web\/wp-content\/uploads\/2022\/05\/whites_workshop_slide.jpg","twitter_creator":"@arquimaster","twitter_site":"@arquimaster","twitter_misc":{"Escrito por":"Arquimaster","Tiempo de lectura":"4 minutos"},"schema":{"@context":"https:\/\/schema.org","@graph":[{"@type":"Article","@id":"https:\/\/www.arquimaster.com.ar\/web\/whites-workshop-adma-arquitectos\/#article","isPartOf":{"@id":"https:\/\/www.arquimaster.com.ar\/web\/whites-workshop-adma-arquitectos\/"},"author":{"name":"Arquimaster","@id":"https:\/\/www.arquimaster.com.ar\/web\/#\/schema\/person\/359e9f7c00193fcde068e0dd2ceb0028"},"headline":"Whites Workshop \/ ADMA Arquitectos","datePublished":"2022-05-13T19:20:50+00:00","dateModified":"2022-11-24T01:50:51+00:00","mainEntityOfPage":{"@id":"https:\/\/www.arquimaster.com.ar\/web\/whites-workshop-adma-arquitectos\/"},"wordCount":801,"publisher":{"@id":"https:\/\/www.arquimaster.com.ar\/web\/#organization"},"image":{"@id":"https:\/\/www.arquimaster.com.ar\/web\/whites-workshop-adma-arquitectos\/#primaryimage"},"thumbnailUrl":"https:\/\/www.arquimaster.com.ar\/web\/wp-content\/uploads\/2022\/05\/whites_workshop_slide.jpg","keywords":["ADMA Arquitectos","Adrian Alonso Sosa","Alejandro Reyes Matias","arquitectura industrial","Christian Medina","Estado de Mexico","Mario Palomino","Mexico","Nezahualc\u00f3yotl","taller textil"],"articleSection":["Arquitectura industrial","Proyecto"],"inLanguage":"es"},{"@type":"WebPage","@id":"https:\/\/www.arquimaster.com.ar\/web\/whites-workshop-adma-arquitectos\/","url":"https:\/\/www.arquimaster.com.ar\/web\/whites-workshop-adma-arquitectos\/","name":"Whites Workshop \/ ADMA Arquitectos - Arquimaster","isPartOf":{"@id":"https:\/\/www.arquimaster.com.ar\/web\/#website"},"primaryImageOfPage":{"@id":"https:\/\/www.arquimaster.com.ar\/web\/whites-workshop-adma-arquitectos\/#primaryimage"},"image":{"@id":"https:\/\/www.arquimaster.com.ar\/web\/whites-workshop-adma-arquitectos\/#primaryimage"},"thumbnailUrl":"https:\/\/www.arquimaster.com.ar\/web\/wp-content\/uploads\/2022\/05\/whites_workshop_slide.jpg","datePublished":"2022-05-13T19:20:50+00:00","dateModified":"2022-11-24T01:50:51+00:00","description":"Las instalaciones expuestas enfatizan la atm\u00f3sfera industrial en un espacio sobrio matizado por los descansos visuales de las ventanas y de una celos\u00eda.","breadcrumb":{"@id":"https:\/\/www.arquimaster.com.ar\/web\/whites-workshop-adma-arquitectos\/#breadcrumb"},"inLanguage":"es","potentialAction":[{"@type":"ReadAction","target":["https:\/\/www.arquimaster.com.ar\/web\/whites-workshop-adma-arquitectos\/"]}]},{"@type":"ImageObject","inLanguage":"es","@id":"https:\/\/www.arquimaster.com.ar\/web\/whites-workshop-adma-arquitectos\/#primaryimage","url":"https:\/\/www.arquimaster.com.ar\/web\/wp-content\/uploads\/2022\/05\/whites_workshop_slide.jpg","contentUrl":"https:\/\/www.arquimaster.com.ar\/web\/wp-content\/uploads\/2022\/05\/whites_workshop_slide.jpg","width":698,"height":364,"caption":"Whites Workshop \/ ADMA Arquitectos"},{"@type":"BreadcrumbList","@id":"https:\/\/www.arquimaster.com.ar\/web\/whites-workshop-adma-arquitectos\/#breadcrumb","itemListElement":[{"@type":"ListItem","position":1,"name":"Portada","item":"https:\/\/www.arquimaster.com.ar\/web\/"},{"@type":"ListItem","position":2,"name":"Whites Workshop \/ ADMA Arquitectos"}]},{"@type":"WebSite","@id":"https:\/\/www.arquimaster.com.ar\/web\/#website","url":"https:\/\/www.arquimaster.com.ar\/web\/","name":"Arquimaster","description":"Web de arquitectura, dise\u00f1o y construccion","publisher":{"@id":"https:\/\/www.arquimaster.com.ar\/web\/#organization"},"potentialAction":[{"@type":"SearchAction","target":{"@type":"EntryPoint","urlTemplate":"https:\/\/www.arquimaster.com.ar\/web\/?s={search_term_string}"},"query-input":{"@type":"PropertyValueSpecification","valueRequired":true,"valueName":"search_term_string"}}],"inLanguage":"es"},{"@type":"Organization","@id":"https:\/\/www.arquimaster.com.ar\/web\/#organization","name":"Arquimaster","url":"https:\/\/www.arquimaster.com.ar\/web\/","logo":{"@type":"ImageObject","inLanguage":"es","@id":"https:\/\/www.arquimaster.com.ar\/web\/#\/schema\/logo\/image\/","url":"https:\/\/www.arquimaster.com.ar\/web\/wp-content\/uploads\/2022\/06\/arquimaster.png","contentUrl":"https:\/\/www.arquimaster.com.ar\/web\/wp-content\/uploads\/2022\/06\/arquimaster.png","width":594,"height":78,"caption":"Arquimaster"},"image":{"@id":"https:\/\/www.arquimaster.com.ar\/web\/#\/schema\/logo\/image\/"},"sameAs":["http:\/\/www.facebook.com\/ARQUIMASTER.com.ar","https:\/\/x.com\/arquimaster","https:\/\/www.instagram.com\/arquimasterblog\/","https:\/\/www.linkedin.com\/company\/arquimaster","https:\/\/www.pinterest.com\/arquimaster","https:\/\/t.me\/arquimaster"]},{"@type":"Person","@id":"https:\/\/www.arquimaster.com.ar\/web\/#\/schema\/person\/359e9f7c00193fcde068e0dd2ceb0028","name":"Arquimaster"}]}},"uagb_featured_image_src":{"full":["https:\/\/www.arquimaster.com.ar\/web\/wp-content\/uploads\/2022\/05\/whites_workshop_slide.jpg",698,364,false],"thumbnail":["https:\/\/www.arquimaster.com.ar\/web\/wp-content\/uploads\/2022\/05\/whites_workshop_slide-150x150.jpg",150,150,true],"medium":["https:\/\/www.arquimaster.com.ar\/web\/wp-content\/uploads\/2022\/05\/whites_workshop_slide.jpg",698,364,false],"medium_large":["https:\/\/www.arquimaster.com.ar\/web\/wp-content\/uploads\/2022\/05\/whites_workshop_slide.jpg",698,364,false],"large":["https:\/\/www.arquimaster.com.ar\/web\/wp-content\/uploads\/2022\/05\/whites_workshop_slide.jpg",698,364,false],"1536x1536":["https:\/\/www.arquimaster.com.ar\/web\/wp-content\/uploads\/2022\/05\/whites_workshop_slide.jpg",698,364,false],"2048x2048":["https:\/\/www.arquimaster.com.ar\/web\/wp-content\/uploads\/2022\/05\/whites_workshop_slide.jpg",698,364,false]},"uagb_author_info":{"display_name":"Arquimaster","author_link":"https:\/\/www.arquimaster.com.ar\/web\/author\/arquimaster\/"},"uagb_comment_info":0,"uagb_excerpt":"Las instalaciones expuestas enfatizan la atm\u00f3sfera industrial...","_links":{"self":[{"href":"https:\/\/www.arquimaster.com.ar\/web\/wp-json\/wp\/v2\/posts\/70236","targetHints":{"allow":["GET"]}}],"collection":[{"href":"https:\/\/www.arquimaster.com.ar\/web\/wp-json\/wp\/v2\/posts"}],"about":[{"href":"https:\/\/www.arquimaster.com.ar\/web\/wp-json\/wp\/v2\/types\/post"}],"author":[{"embeddable":true,"href":"https:\/\/www.arquimaster.com.ar\/web\/wp-json\/wp\/v2\/users\/1"}],"replies":[{"embeddable":true,"href":"https:\/\/www.arquimaster.com.ar\/web\/wp-json\/wp\/v2\/comments?post=70236"}],"version-history":[{"count":1,"href":"https:\/\/www.arquimaster.com.ar\/web\/wp-json\/wp\/v2\/posts\/70236\/revisions"}],"predecessor-version":[{"id":70251,"href":"https:\/\/www.arquimaster.com.ar\/web\/wp-json\/wp\/v2\/posts\/70236\/revisions\/70251"}],"wp:featuredmedia":[{"embeddable":true,"href":"https:\/\/www.arquimaster.com.ar\/web\/wp-json\/wp\/v2\/media\/70237"}],"wp:attachment":[{"href":"https:\/\/www.arquimaster.com.ar\/web\/wp-json\/wp\/v2\/media?parent=70236"}],"wp:term":[{"taxonomy":"category","embeddable":true,"href":"https:\/\/www.arquimaster.com.ar\/web\/wp-json\/wp\/v2\/categories?post=70236"},{"taxonomy":"post_tag","embeddable":true,"href":"https:\/\/www.arquimaster.com.ar\/web\/wp-json\/wp\/v2\/tags?post=70236"}],"curies":[{"name":"wp","href":"https:\/\/api.w.org\/{rel}","templated":true}]}}