{"id":70285,"date":"2022-05-13T17:10:31","date_gmt":"2022-05-13T20:10:31","guid":{"rendered":"https:\/\/www.arquimaster.com.ar\/web\/?p=70285"},"modified":"2026-04-15T16:20:00","modified_gmt":"2026-04-15T19:20:00","slug":"casa-emilio-frerz-2547-crbn-carbone-arquitectos","status":"publish","type":"post","link":"https:\/\/www.arquimaster.com.ar\/web\/casa-emilio-frerz-2547-crbn-carbone-arquitectos\/","title":{"rendered":"Casa Emilio Frerz 2547 \/ CRBN | Carbone Arquitectos"},"content":{"rendered":"<div style=\"margin-top: 0px; margin-bottom: 0px;\" class=\"sharethis-inline-share-buttons\" ><\/div><div class=\"b812932af2e751442846f039925109de\" data-index=\"1\" style=\"float: none; margin:25px 0 25px 0; text-align:center;\">\n<script async src=\"https:\/\/pagead2.googlesyndication.com\/pagead\/js\/adsbygoogle.js\"><\/script>\r\n<!-- Arquimaster (superior) -->\r\n<ins class=\"adsbygoogle\"\r\n     style=\"display:block\"\r\n     data-ad-client=\"ca-pub-6351072698456832\"\r\n     data-ad-slot=\"6455489680\"\r\n     data-ad-format=\"auto\"\r\n     data-full-width-responsive=\"true\"><\/ins>\r\n<script>\r\n     (adsbygoogle = window.adsbygoogle || []).push({});\r\n<\/script>\n<\/div>\n<p><strong>Casa Emilio Frerz 2547<\/strong> (Parque Leloir, Pcia. de Buenos Aires, Argentina) por <strong>CRBN | Carbone Arquitectos<\/strong>. La casa est\u00e1 ubicada en un terreno de 390 metros cuadrados en Parque Leloir, un barrio residencial que forma parte del corredor oeste del \u00e1rea metropolitana de la Provincia de Buenos Aires. La densidad urbana es muy baja y su entorno inmediato muy poco consolidado. El \u00e1rea esta mayormente constituida por grandes casas con jardines de vegetaci\u00f3n tupida y portentosa.<\/p>\n<div id='gallery-1' class='gallery galleryid-70285 gallery-columns-3 gallery-size-thumbnail'><figure class='gallery-item'>\n\t\t\t<div class='gallery-icon portrait'>\n\t\t\t\t<a href='https:\/\/www.arquimaster.com.ar\/web\/wp-content\/uploads\/2022\/05\/casa_leloir1.jpg' title=\"Casa Emilio Frerz 2547 \/ CRBN | Carbone Arquitectos (\u00a9 Bruto Studio)\" data-rl_title=\"Casa Emilio Frerz 2547 \/ CRBN | Carbone Arquitectos (\u00a9 Bruto Studio)\" class=\"rl-gallery-link\" data-rl_caption=\"Casa Emilio Frerz 2547 \/ CRBN | Carbone Arquitectos (\u00a9 Bruto Studio)\" data-rel=\"lightbox-gallery-1\"><img loading=\"lazy\" decoding=\"async\" width=\"150\" height=\"150\" src=\"https:\/\/www.arquimaster.com.ar\/web\/wp-content\/uploads\/2022\/05\/casa_leloir1-150x150.jpg\" class=\"attachment-thumbnail size-thumbnail\" alt=\"Casa Emilio Frerz 2547 \/ CRBN | Carbone Arquitectos\" aria-describedby=\"gallery-1-70287\" \/><\/a>\n\t\t\t<\/div>\n\t\t\t\t<figcaption class='wp-caption-text gallery-caption' id='gallery-1-70287'>\n\t\t\t\tCasa Emilio Frerz 2547 \/ CRBN | Carbone Arquitectos (\u00a9 Bruto Studio)\n\t\t\t\t<\/figcaption><\/figure><figure class='gallery-item'>\n\t\t\t<div class='gallery-icon landscape'>\n\t\t\t\t<a href='https:\/\/www.arquimaster.com.ar\/web\/wp-content\/uploads\/2022\/05\/casa_leloir2.jpg' title=\"Casa Emilio Frerz 2547 \/ CRBN | Carbone Arquitectos (\u00a9 Bruto Studio)\" data-rl_title=\"Casa Emilio Frerz 2547 \/ CRBN | Carbone Arquitectos (\u00a9 Bruto Studio)\" class=\"rl-gallery-link\" data-rl_caption=\"Casa Emilio Frerz 2547 \/ CRBN | Carbone Arquitectos (\u00a9 Bruto Studio)\" data-rel=\"lightbox-gallery-1\"><img loading=\"lazy\" decoding=\"async\" width=\"150\" height=\"150\" src=\"https:\/\/www.arquimaster.com.ar\/web\/wp-content\/uploads\/2022\/05\/casa_leloir2-150x150.jpg\" class=\"attachment-thumbnail size-thumbnail\" alt=\"Casa Emilio Frerz 2547 \/ CRBN | Carbone Arquitectos\" aria-describedby=\"gallery-1-70288\" \/><\/a>\n\t\t\t<\/div>\n\t\t\t\t<figcaption class='wp-caption-text gallery-caption' id='gallery-1-70288'>\n\t\t\t\tCasa Emilio Frerz 2547 \/ CRBN | Carbone Arquitectos (\u00a9 Bruto Studio)\n\t\t\t\t<\/figcaption><\/figure><figure class='gallery-item'>\n\t\t\t<div class='gallery-icon portrait'>\n\t\t\t\t<a href='https:\/\/www.arquimaster.com.ar\/web\/wp-content\/uploads\/2022\/05\/casa_leloir3.jpg' title=\"Casa Emilio Frerz 2547 \/ CRBN | Carbone Arquitectos (\u00a9 Bruto Studio)\" data-rl_title=\"Casa Emilio Frerz 2547 \/ CRBN | Carbone Arquitectos (\u00a9 Bruto Studio)\" class=\"rl-gallery-link\" data-rl_caption=\"Casa Emilio Frerz 2547 \/ CRBN | Carbone Arquitectos (\u00a9 Bruto Studio)\" data-rel=\"lightbox-gallery-1\"><img loading=\"lazy\" decoding=\"async\" width=\"150\" height=\"150\" src=\"https:\/\/www.arquimaster.com.ar\/web\/wp-content\/uploads\/2022\/05\/casa_leloir3-150x150.jpg\" class=\"attachment-thumbnail size-thumbnail\" alt=\"Casa Emilio Frerz 2547 \/ CRBN | Carbone Arquitectos\" aria-describedby=\"gallery-1-70289\" \/><\/a>\n\t\t\t<\/div>\n\t\t\t\t<figcaption class='wp-caption-text gallery-caption' id='gallery-1-70289'>\n\t\t\t\tCasa Emilio Frerz 2547 \/ CRBN | Carbone Arquitectos (\u00a9 Bruto Studio)\n\t\t\t\t<\/figcaption><\/figure><figure class='gallery-item'>\n\t\t\t<div class='gallery-icon portrait'>\n\t\t\t\t<a href='https:\/\/www.arquimaster.com.ar\/web\/wp-content\/uploads\/2022\/05\/casa_leloir4.jpg' title=\"Casa Emilio Frerz 2547 \/ CRBN | Carbone Arquitectos (\u00a9 Bruto Studio)\" data-rl_title=\"Casa Emilio Frerz 2547 \/ CRBN | Carbone Arquitectos (\u00a9 Bruto Studio)\" class=\"rl-gallery-link\" data-rl_caption=\"Casa Emilio Frerz 2547 \/ CRBN | Carbone Arquitectos (\u00a9 Bruto Studio)\" data-rel=\"lightbox-gallery-1\"><img loading=\"lazy\" decoding=\"async\" width=\"150\" height=\"150\" src=\"https:\/\/www.arquimaster.com.ar\/web\/wp-content\/uploads\/2022\/05\/casa_leloir4-150x150.jpg\" class=\"attachment-thumbnail size-thumbnail\" alt=\"Casa Emilio Frerz 2547 \/ CRBN | Carbone Arquitectos\" aria-describedby=\"gallery-1-70290\" \/><\/a>\n\t\t\t<\/div>\n\t\t\t\t<figcaption class='wp-caption-text gallery-caption' id='gallery-1-70290'>\n\t\t\t\tCasa Emilio Frerz 2547 \/ CRBN | Carbone Arquitectos (\u00a9 Bruto Studio)\n\t\t\t\t<\/figcaption><\/figure><figure class='gallery-item'>\n\t\t\t<div class='gallery-icon landscape'>\n\t\t\t\t<a href='https:\/\/www.arquimaster.com.ar\/web\/wp-content\/uploads\/2022\/05\/casa_leloir5.jpg' title=\"Casa Emilio Frerz 2547 \/ CRBN | Carbone Arquitectos (\u00a9 Bruto Studio)\" data-rl_title=\"Casa Emilio Frerz 2547 \/ CRBN | Carbone Arquitectos (\u00a9 Bruto Studio)\" class=\"rl-gallery-link\" data-rl_caption=\"Casa Emilio Frerz 2547 \/ CRBN | Carbone Arquitectos (\u00a9 Bruto Studio)\" data-rel=\"lightbox-gallery-1\"><img loading=\"lazy\" decoding=\"async\" width=\"150\" height=\"150\" src=\"https:\/\/www.arquimaster.com.ar\/web\/wp-content\/uploads\/2022\/05\/casa_leloir5-150x150.jpg\" class=\"attachment-thumbnail size-thumbnail\" alt=\"Casa Emilio Frerz 2547 \/ CRBN | Carbone Arquitectos\" aria-describedby=\"gallery-1-70291\" \/><\/a>\n\t\t\t<\/div>\n\t\t\t\t<figcaption class='wp-caption-text gallery-caption' id='gallery-1-70291'>\n\t\t\t\tCasa Emilio Frerz 2547 \/ CRBN | Carbone Arquitectos (\u00a9 Bruto Studio)\n\t\t\t\t<\/figcaption><\/figure><figure class='gallery-item'>\n\t\t\t<div class='gallery-icon landscape'>\n\t\t\t\t<a href='https:\/\/www.arquimaster.com.ar\/web\/wp-content\/uploads\/2022\/05\/casa_leloir6.jpg' title=\"Casa Emilio Frerz 2547 \/ CRBN | Carbone Arquitectos (\u00a9 Bruto Studio)\" data-rl_title=\"Casa Emilio Frerz 2547 \/ CRBN | Carbone Arquitectos (\u00a9 Bruto Studio)\" class=\"rl-gallery-link\" data-rl_caption=\"Casa Emilio Frerz 2547 \/ CRBN | Carbone Arquitectos (\u00a9 Bruto Studio)\" data-rel=\"lightbox-gallery-1\"><img loading=\"lazy\" decoding=\"async\" width=\"150\" height=\"150\" src=\"https:\/\/www.arquimaster.com.ar\/web\/wp-content\/uploads\/2022\/05\/casa_leloir6-150x150.jpg\" class=\"attachment-thumbnail size-thumbnail\" alt=\"Casa Emilio Frerz 2547 \/ CRBN | Carbone Arquitectos\" aria-describedby=\"gallery-1-70292\" \/><\/a>\n\t\t\t<\/div>\n\t\t\t\t<figcaption class='wp-caption-text gallery-caption' id='gallery-1-70292'>\n\t\t\t\tCasa Emilio Frerz 2547 \/ CRBN | Carbone Arquitectos (\u00a9 Bruto Studio)\n\t\t\t\t<\/figcaption><\/figure><figure class='gallery-item'>\n\t\t\t<div class='gallery-icon landscape'>\n\t\t\t\t<a href='https:\/\/www.arquimaster.com.ar\/web\/wp-content\/uploads\/2022\/05\/casa_leloir7.jpg' title=\"Casa Emilio Frerz 2547 \/ CRBN | Carbone Arquitectos (\u00a9 Bruto Studio)\" data-rl_title=\"Casa Emilio Frerz 2547 \/ CRBN | Carbone Arquitectos (\u00a9 Bruto Studio)\" class=\"rl-gallery-link\" data-rl_caption=\"Casa Emilio Frerz 2547 \/ CRBN | Carbone Arquitectos (\u00a9 Bruto Studio)\" data-rel=\"lightbox-gallery-1\"><img loading=\"lazy\" decoding=\"async\" width=\"150\" height=\"150\" src=\"https:\/\/www.arquimaster.com.ar\/web\/wp-content\/uploads\/2022\/05\/casa_leloir7-150x150.jpg\" class=\"attachment-thumbnail size-thumbnail\" alt=\"Casa Emilio Frerz 2547 \/ CRBN | Carbone Arquitectos\" aria-describedby=\"gallery-1-70293\" \/><\/a>\n\t\t\t<\/div>\n\t\t\t\t<figcaption class='wp-caption-text gallery-caption' id='gallery-1-70293'>\n\t\t\t\tCasa Emilio Frerz 2547 \/ CRBN | Carbone Arquitectos (\u00a9 Bruto Studio)\n\t\t\t\t<\/figcaption><\/figure><figure class='gallery-item'>\n\t\t\t<div class='gallery-icon portrait'>\n\t\t\t\t<a href='https:\/\/www.arquimaster.com.ar\/web\/wp-content\/uploads\/2022\/05\/casa_leloir8.jpg' title=\"Casa Emilio Frerz 2547 \/ CRBN | Carbone Arquitectos (\u00a9 Bruto Studio)\" data-rl_title=\"Casa Emilio Frerz 2547 \/ CRBN | Carbone Arquitectos (\u00a9 Bruto Studio)\" class=\"rl-gallery-link\" data-rl_caption=\"Casa Emilio Frerz 2547 \/ CRBN | Carbone Arquitectos (\u00a9 Bruto Studio)\" data-rel=\"lightbox-gallery-1\"><img loading=\"lazy\" decoding=\"async\" width=\"150\" height=\"150\" src=\"https:\/\/www.arquimaster.com.ar\/web\/wp-content\/uploads\/2022\/05\/casa_leloir8-150x150.jpg\" class=\"attachment-thumbnail size-thumbnail\" alt=\"Casa Emilio Frerz 2547 \/ CRBN | Carbone Arquitectos\" aria-describedby=\"gallery-1-70294\" \/><\/a>\n\t\t\t<\/div>\n\t\t\t\t<figcaption class='wp-caption-text gallery-caption' id='gallery-1-70294'>\n\t\t\t\tCasa Emilio Frerz 2547 \/ CRBN | Carbone Arquitectos (\u00a9 Bruto Studio)\n\t\t\t\t<\/figcaption><\/figure><figure class='gallery-item'>\n\t\t\t<div class='gallery-icon landscape'>\n\t\t\t\t<a href='https:\/\/www.arquimaster.com.ar\/web\/wp-content\/uploads\/2022\/05\/casa_leloir9.jpg' title=\"Casa Emilio Frerz 2547 \/ CRBN | Carbone Arquitectos (\u00a9 Bruto Studio)\" data-rl_title=\"Casa Emilio Frerz 2547 \/ CRBN | Carbone Arquitectos (\u00a9 Bruto Studio)\" class=\"rl-gallery-link\" data-rl_caption=\"Casa Emilio Frerz 2547 \/ CRBN | Carbone Arquitectos (\u00a9 Bruto Studio)\" data-rel=\"lightbox-gallery-1\"><img loading=\"lazy\" decoding=\"async\" width=\"150\" height=\"150\" src=\"https:\/\/www.arquimaster.com.ar\/web\/wp-content\/uploads\/2022\/05\/casa_leloir9-150x150.jpg\" class=\"attachment-thumbnail size-thumbnail\" alt=\"Casa Emilio Frerz 2547 \/ CRBN | Carbone Arquitectos\" aria-describedby=\"gallery-1-70295\" \/><\/a>\n\t\t\t<\/div>\n\t\t\t\t<figcaption class='wp-caption-text gallery-caption' id='gallery-1-70295'>\n\t\t\t\tCasa Emilio Frerz 2547 \/ CRBN | Carbone Arquitectos (\u00a9 Bruto Studio)\n\t\t\t\t<\/figcaption><\/figure><figure class='gallery-item'>\n\t\t\t<div class='gallery-icon portrait'>\n\t\t\t\t<a href='https:\/\/www.arquimaster.com.ar\/web\/wp-content\/uploads\/2022\/05\/casa_leloir10.jpg' title=\"Casa Emilio Frerz 2547 \/ CRBN | Carbone Arquitectos (\u00a9 Bruto Studio)\" data-rl_title=\"Casa Emilio Frerz 2547 \/ CRBN | Carbone Arquitectos (\u00a9 Bruto Studio)\" class=\"rl-gallery-link\" data-rl_caption=\"Casa Emilio Frerz 2547 \/ CRBN | Carbone Arquitectos (\u00a9 Bruto Studio)\" data-rel=\"lightbox-gallery-1\"><img loading=\"lazy\" decoding=\"async\" width=\"150\" height=\"150\" src=\"https:\/\/www.arquimaster.com.ar\/web\/wp-content\/uploads\/2022\/05\/casa_leloir10-150x150.jpg\" class=\"attachment-thumbnail size-thumbnail\" alt=\"Casa Emilio Frerz 2547 \/ CRBN | Carbone Arquitectos\" aria-describedby=\"gallery-1-70296\" \/><\/a>\n\t\t\t<\/div>\n\t\t\t\t<figcaption class='wp-caption-text gallery-caption' id='gallery-1-70296'>\n\t\t\t\tCasa Emilio Frerz 2547 \/ CRBN | Carbone Arquitectos (\u00a9 Bruto Studio)\n\t\t\t\t<\/figcaption><\/figure><figure class='gallery-item'>\n\t\t\t<div class='gallery-icon landscape'>\n\t\t\t\t<a href='https:\/\/www.arquimaster.com.ar\/web\/wp-content\/uploads\/2022\/05\/casa_leloir11.jpg' title=\"Casa Emilio Frerz 2547 \/ CRBN | Carbone Arquitectos (\u00a9 Bruto Studio)\" data-rl_title=\"Casa Emilio Frerz 2547 \/ CRBN | Carbone Arquitectos (\u00a9 Bruto Studio)\" class=\"rl-gallery-link\" data-rl_caption=\"Casa Emilio Frerz 2547 \/ CRBN | Carbone Arquitectos (\u00a9 Bruto Studio)\" data-rel=\"lightbox-gallery-1\"><img loading=\"lazy\" decoding=\"async\" width=\"150\" height=\"150\" src=\"https:\/\/www.arquimaster.com.ar\/web\/wp-content\/uploads\/2022\/05\/casa_leloir11-150x150.jpg\" class=\"attachment-thumbnail size-thumbnail\" alt=\"Casa Emilio Frerz 2547 \/ CRBN | Carbone Arquitectos\" aria-describedby=\"gallery-1-70297\" \/><\/a>\n\t\t\t<\/div>\n\t\t\t\t<figcaption class='wp-caption-text gallery-caption' id='gallery-1-70297'>\n\t\t\t\tCasa Emilio Frerz 2547 \/ CRBN | Carbone Arquitectos (\u00a9 Bruto Studio)\n\t\t\t\t<\/figcaption><\/figure><figure class='gallery-item'>\n\t\t\t<div class='gallery-icon landscape'>\n\t\t\t\t<a href='https:\/\/www.arquimaster.com.ar\/web\/wp-content\/uploads\/2022\/05\/casa_leloir12.jpg' title=\"Casa Emilio Frerz 2547 \/ CRBN | Carbone Arquitectos (\u00a9 Bruto Studio)\" data-rl_title=\"Casa Emilio Frerz 2547 \/ CRBN | Carbone Arquitectos (\u00a9 Bruto Studio)\" class=\"rl-gallery-link\" data-rl_caption=\"Casa Emilio Frerz 2547 \/ CRBN | Carbone Arquitectos (\u00a9 Bruto Studio)\" data-rel=\"lightbox-gallery-1\"><img loading=\"lazy\" decoding=\"async\" width=\"150\" height=\"150\" src=\"https:\/\/www.arquimaster.com.ar\/web\/wp-content\/uploads\/2022\/05\/casa_leloir12-150x150.jpg\" class=\"attachment-thumbnail size-thumbnail\" alt=\"Casa Emilio Frerz 2547 \/ CRBN | Carbone Arquitectos\" aria-describedby=\"gallery-1-70298\" \/><\/a>\n\t\t\t<\/div>\n\t\t\t\t<figcaption class='wp-caption-text gallery-caption' id='gallery-1-70298'>\n\t\t\t\tCasa Emilio Frerz 2547 \/ CRBN | Carbone Arquitectos (\u00a9 Bruto Studio)\n\t\t\t\t<\/figcaption><\/figure><figure class='gallery-item'>\n\t\t\t<div class='gallery-icon landscape'>\n\t\t\t\t<a href='https:\/\/www.arquimaster.com.ar\/web\/wp-content\/uploads\/2022\/05\/casa_leloir13.jpg' title=\"Casa Emilio Frerz 2547 \/ CRBN | Carbone Arquitectos (\u00a9 Bruto Studio)\" data-rl_title=\"Casa Emilio Frerz 2547 \/ CRBN | Carbone Arquitectos (\u00a9 Bruto Studio)\" class=\"rl-gallery-link\" data-rl_caption=\"Casa Emilio Frerz 2547 \/ CRBN | Carbone Arquitectos (\u00a9 Bruto Studio)\" data-rel=\"lightbox-gallery-1\"><img loading=\"lazy\" decoding=\"async\" width=\"150\" height=\"150\" src=\"https:\/\/www.arquimaster.com.ar\/web\/wp-content\/uploads\/2022\/05\/casa_leloir13-150x150.jpg\" class=\"attachment-thumbnail size-thumbnail\" alt=\"Casa Emilio Frerz 2547 \/ CRBN | Carbone Arquitectos\" aria-describedby=\"gallery-1-70299\" \/><\/a>\n\t\t\t<\/div>\n\t\t\t\t<figcaption class='wp-caption-text gallery-caption' id='gallery-1-70299'>\n\t\t\t\tCasa Emilio Frerz 2547 \/ CRBN | Carbone Arquitectos (\u00a9 Bruto Studio)\n\t\t\t\t<\/figcaption><\/figure><figure class='gallery-item'>\n\t\t\t<div class='gallery-icon portrait'>\n\t\t\t\t<a href='https:\/\/www.arquimaster.com.ar\/web\/wp-content\/uploads\/2022\/05\/casa_leloir14.jpg' title=\"Casa Emilio Frerz 2547 \/ CRBN | Carbone Arquitectos (\u00a9 Bruto Studio)\" data-rl_title=\"Casa Emilio Frerz 2547 \/ CRBN | Carbone Arquitectos (\u00a9 Bruto Studio)\" class=\"rl-gallery-link\" data-rl_caption=\"Casa Emilio Frerz 2547 \/ CRBN | Carbone Arquitectos (\u00a9 Bruto Studio)\" data-rel=\"lightbox-gallery-1\"><img loading=\"lazy\" decoding=\"async\" width=\"150\" height=\"150\" src=\"https:\/\/www.arquimaster.com.ar\/web\/wp-content\/uploads\/2022\/05\/casa_leloir14-150x150.jpg\" class=\"attachment-thumbnail size-thumbnail\" alt=\"Casa Emilio Frerz 2547 \/ CRBN | Carbone Arquitectos\" aria-describedby=\"gallery-1-70300\" \/><\/a>\n\t\t\t<\/div>\n\t\t\t\t<figcaption class='wp-caption-text gallery-caption' id='gallery-1-70300'>\n\t\t\t\tCasa Emilio Frerz 2547 \/ CRBN | Carbone Arquitectos (\u00a9 Bruto Studio)\n\t\t\t\t<\/figcaption><\/figure><figure class='gallery-item'>\n\t\t\t<div class='gallery-icon portrait'>\n\t\t\t\t<a href='https:\/\/www.arquimaster.com.ar\/web\/wp-content\/uploads\/2022\/05\/casa_leloir15.jpg' title=\"Casa Emilio Frerz 2547 \/ CRBN | Carbone Arquitectos (\u00a9 Bruto Studio)\" data-rl_title=\"Casa Emilio Frerz 2547 \/ CRBN | Carbone Arquitectos (\u00a9 Bruto Studio)\" class=\"rl-gallery-link\" data-rl_caption=\"Casa Emilio Frerz 2547 \/ CRBN | Carbone Arquitectos (\u00a9 Bruto Studio)\" data-rel=\"lightbox-gallery-1\"><img loading=\"lazy\" decoding=\"async\" width=\"150\" height=\"150\" src=\"https:\/\/www.arquimaster.com.ar\/web\/wp-content\/uploads\/2022\/05\/casa_leloir15-150x150.jpg\" class=\"attachment-thumbnail size-thumbnail\" alt=\"Casa Emilio Frerz 2547 \/ CRBN | Carbone Arquitectos\" aria-describedby=\"gallery-1-70301\" \/><\/a>\n\t\t\t<\/div>\n\t\t\t\t<figcaption class='wp-caption-text gallery-caption' id='gallery-1-70301'>\n\t\t\t\tCasa Emilio Frerz 2547 \/ CRBN | Carbone Arquitectos (\u00a9 Bruto Studio)\n\t\t\t\t<\/figcaption><\/figure><figure class='gallery-item'>\n\t\t\t<div class='gallery-icon portrait'>\n\t\t\t\t<a href='https:\/\/www.arquimaster.com.ar\/web\/wp-content\/uploads\/2022\/05\/casa_leloir16.jpg' title=\"Casa Emilio Frerz 2547 \/ CRBN | Carbone Arquitectos (\u00a9 Bruto Studio)\" data-rl_title=\"Casa Emilio Frerz 2547 \/ CRBN | Carbone Arquitectos (\u00a9 Bruto Studio)\" class=\"rl-gallery-link\" data-rl_caption=\"Casa Emilio Frerz 2547 \/ CRBN | Carbone Arquitectos (\u00a9 Bruto Studio)\" data-rel=\"lightbox-gallery-1\"><img loading=\"lazy\" decoding=\"async\" width=\"150\" height=\"150\" src=\"https:\/\/www.arquimaster.com.ar\/web\/wp-content\/uploads\/2022\/05\/casa_leloir16-150x150.jpg\" class=\"attachment-thumbnail size-thumbnail\" alt=\"Casa Emilio Frerz 2547 \/ CRBN | Carbone Arquitectos\" aria-describedby=\"gallery-1-70302\" \/><\/a>\n\t\t\t<\/div>\n\t\t\t\t<figcaption class='wp-caption-text gallery-caption' id='gallery-1-70302'>\n\t\t\t\tCasa Emilio Frerz 2547 \/ CRBN | Carbone Arquitectos (\u00a9 Bruto Studio)\n\t\t\t\t<\/figcaption><\/figure><figure class='gallery-item'>\n\t\t\t<div class='gallery-icon landscape'>\n\t\t\t\t<a href='https:\/\/www.arquimaster.com.ar\/web\/wp-content\/uploads\/2022\/05\/casa_leloir17.jpg' title=\"Casa Emilio Frerz 2547 \/ CRBN | Carbone Arquitectos (\u00a9 Bruto Studio)\" data-rl_title=\"Casa Emilio Frerz 2547 \/ CRBN | Carbone Arquitectos (\u00a9 Bruto Studio)\" class=\"rl-gallery-link\" data-rl_caption=\"Casa Emilio Frerz 2547 \/ CRBN | Carbone Arquitectos (\u00a9 Bruto Studio)\" data-rel=\"lightbox-gallery-1\"><img loading=\"lazy\" decoding=\"async\" width=\"150\" height=\"150\" src=\"https:\/\/www.arquimaster.com.ar\/web\/wp-content\/uploads\/2022\/05\/casa_leloir17-150x150.jpg\" class=\"attachment-thumbnail size-thumbnail\" alt=\"Casa Emilio Frerz 2547 \/ CRBN | Carbone Arquitectos\" aria-describedby=\"gallery-1-70303\" \/><\/a>\n\t\t\t<\/div>\n\t\t\t\t<figcaption class='wp-caption-text gallery-caption' id='gallery-1-70303'>\n\t\t\t\tCasa Emilio Frerz 2547 \/ CRBN | Carbone Arquitectos (\u00a9 Bruto Studio)\n\t\t\t\t<\/figcaption><\/figure><figure class='gallery-item'>\n\t\t\t<div class='gallery-icon landscape'>\n\t\t\t\t<a href='https:\/\/www.arquimaster.com.ar\/web\/wp-content\/uploads\/2022\/05\/casa_leloir18.jpg' title=\"Casa Emilio Frerz 2547 \/ CRBN | Carbone Arquitectos (\u00a9 Bruto Studio)\" data-rl_title=\"Casa Emilio Frerz 2547 \/ CRBN | Carbone Arquitectos (\u00a9 Bruto Studio)\" class=\"rl-gallery-link\" data-rl_caption=\"Casa Emilio Frerz 2547 \/ CRBN | Carbone Arquitectos (\u00a9 Bruto Studio)\" data-rel=\"lightbox-gallery-1\"><img loading=\"lazy\" decoding=\"async\" width=\"150\" height=\"150\" src=\"https:\/\/www.arquimaster.com.ar\/web\/wp-content\/uploads\/2022\/05\/casa_leloir18-150x150.jpg\" class=\"attachment-thumbnail size-thumbnail\" alt=\"Casa Emilio Frerz 2547 \/ CRBN | Carbone Arquitectos\" aria-describedby=\"gallery-1-70304\" \/><\/a>\n\t\t\t<\/div>\n\t\t\t\t<figcaption class='wp-caption-text gallery-caption' id='gallery-1-70304'>\n\t\t\t\tCasa Emilio Frerz 2547 \/ CRBN | Carbone Arquitectos (\u00a9 Bruto Studio)\n\t\t\t\t<\/figcaption><\/figure><figure class='gallery-item'>\n\t\t\t<div class='gallery-icon landscape'>\n\t\t\t\t<a href='https:\/\/www.arquimaster.com.ar\/web\/wp-content\/uploads\/2022\/05\/casa_leloir19.jpg' title=\"Casa Emilio Frerz 2547 \/ CRBN | Carbone Arquitectos (\u00a9 Bruto Studio)\" data-rl_title=\"Casa Emilio Frerz 2547 \/ CRBN | Carbone Arquitectos (\u00a9 Bruto Studio)\" class=\"rl-gallery-link\" data-rl_caption=\"Casa Emilio Frerz 2547 \/ CRBN | Carbone Arquitectos (\u00a9 Bruto Studio)\" data-rel=\"lightbox-gallery-1\"><img loading=\"lazy\" decoding=\"async\" width=\"150\" height=\"150\" src=\"https:\/\/www.arquimaster.com.ar\/web\/wp-content\/uploads\/2022\/05\/casa_leloir19-150x150.jpg\" class=\"attachment-thumbnail size-thumbnail\" alt=\"Casa Emilio Frerz 2547 \/ CRBN | Carbone Arquitectos\" aria-describedby=\"gallery-1-70305\" \/><\/a>\n\t\t\t<\/div>\n\t\t\t\t<figcaption class='wp-caption-text gallery-caption' id='gallery-1-70305'>\n\t\t\t\tCasa Emilio Frerz 2547 \/ CRBN | Carbone Arquitectos (\u00a9 Bruto Studio)\n\t\t\t\t<\/figcaption><\/figure><figure class='gallery-item'>\n\t\t\t<div class='gallery-icon portrait'>\n\t\t\t\t<a href='https:\/\/www.arquimaster.com.ar\/web\/wp-content\/uploads\/2022\/05\/casa_leloir20.jpg' title=\"Casa Emilio Frerz 2547 \/ CRBN | Carbone Arquitectos (\u00a9 Bruto Studio)\" data-rl_title=\"Casa Emilio Frerz 2547 \/ CRBN | Carbone Arquitectos (\u00a9 Bruto Studio)\" class=\"rl-gallery-link\" data-rl_caption=\"Casa Emilio Frerz 2547 \/ CRBN | Carbone Arquitectos (\u00a9 Bruto Studio)\" data-rel=\"lightbox-gallery-1\"><img loading=\"lazy\" decoding=\"async\" width=\"150\" height=\"150\" src=\"https:\/\/www.arquimaster.com.ar\/web\/wp-content\/uploads\/2022\/05\/casa_leloir20-150x150.jpg\" class=\"attachment-thumbnail size-thumbnail\" alt=\"Casa Emilio Frerz 2547 \/ CRBN | Carbone Arquitectos\" aria-describedby=\"gallery-1-70306\" \/><\/a>\n\t\t\t<\/div>\n\t\t\t\t<figcaption class='wp-caption-text gallery-caption' id='gallery-1-70306'>\n\t\t\t\tCasa Emilio Frerz 2547 \/ CRBN | Carbone Arquitectos (\u00a9 Bruto Studio)\n\t\t\t\t<\/figcaption><\/figure><figure class='gallery-item'>\n\t\t\t<div class='gallery-icon landscape'>\n\t\t\t\t<a href='https:\/\/www.arquimaster.com.ar\/web\/wp-content\/uploads\/2022\/05\/casa_leloir21.jpg' title=\"Casa Emilio Frerz 2547 \/ CRBN | Carbone Arquitectos (\u00a9 Bruto Studio)\" data-rl_title=\"Casa Emilio Frerz 2547 \/ CRBN | Carbone Arquitectos (\u00a9 Bruto Studio)\" class=\"rl-gallery-link\" data-rl_caption=\"Casa Emilio Frerz 2547 \/ CRBN | Carbone Arquitectos (\u00a9 Bruto Studio)\" data-rel=\"lightbox-gallery-1\"><img loading=\"lazy\" decoding=\"async\" width=\"150\" height=\"150\" src=\"https:\/\/www.arquimaster.com.ar\/web\/wp-content\/uploads\/2022\/05\/casa_leloir21-150x150.jpg\" class=\"attachment-thumbnail size-thumbnail\" alt=\"Casa Emilio Frerz 2547 \/ CRBN | Carbone Arquitectos\" aria-describedby=\"gallery-1-70307\" \/><\/a>\n\t\t\t<\/div>\n\t\t\t\t<figcaption class='wp-caption-text gallery-caption' id='gallery-1-70307'>\n\t\t\t\tCasa Emilio Frerz 2547 \/ CRBN | Carbone Arquitectos (\u00a9 Bruto Studio)\n\t\t\t\t<\/figcaption><\/figure><figure class='gallery-item'>\n\t\t\t<div class='gallery-icon portrait'>\n\t\t\t\t<a href='https:\/\/www.arquimaster.com.ar\/web\/wp-content\/uploads\/2022\/05\/casa_leloir22.jpg' title=\"Casa Emilio Frerz 2547 \/ CRBN | Carbone Arquitectos (\u00a9 Bruto Studio)\" data-rl_title=\"Casa Emilio Frerz 2547 \/ CRBN | Carbone Arquitectos (\u00a9 Bruto Studio)\" class=\"rl-gallery-link\" data-rl_caption=\"Casa Emilio Frerz 2547 \/ CRBN | Carbone Arquitectos (\u00a9 Bruto Studio)\" data-rel=\"lightbox-gallery-1\"><img loading=\"lazy\" decoding=\"async\" width=\"150\" height=\"150\" src=\"https:\/\/www.arquimaster.com.ar\/web\/wp-content\/uploads\/2022\/05\/casa_leloir22-150x150.jpg\" class=\"attachment-thumbnail size-thumbnail\" alt=\"Casa Emilio Frerz 2547 \/ CRBN | Carbone Arquitectos\" aria-describedby=\"gallery-1-70308\" \/><\/a>\n\t\t\t<\/div>\n\t\t\t\t<figcaption class='wp-caption-text gallery-caption' id='gallery-1-70308'>\n\t\t\t\tCasa Emilio Frerz 2547 \/ CRBN | Carbone Arquitectos (\u00a9 Bruto Studio)\n\t\t\t\t<\/figcaption><\/figure><figure class='gallery-item'>\n\t\t\t<div class='gallery-icon landscape'>\n\t\t\t\t<a href='https:\/\/www.arquimaster.com.ar\/web\/wp-content\/uploads\/2022\/05\/casa_leloir23.jpg' title=\"Casa Emilio Frerz 2547 \/ CRBN | Carbone Arquitectos (\u00a9 Bruto Studio)\" data-rl_title=\"Casa Emilio Frerz 2547 \/ CRBN | Carbone Arquitectos (\u00a9 Bruto Studio)\" class=\"rl-gallery-link\" data-rl_caption=\"Casa Emilio Frerz 2547 \/ CRBN | Carbone Arquitectos (\u00a9 Bruto Studio)\" data-rel=\"lightbox-gallery-1\"><img loading=\"lazy\" decoding=\"async\" width=\"150\" height=\"150\" src=\"https:\/\/www.arquimaster.com.ar\/web\/wp-content\/uploads\/2022\/05\/casa_leloir23-150x150.jpg\" class=\"attachment-thumbnail size-thumbnail\" alt=\"Casa Emilio Frerz 2547 \/ CRBN | Carbone Arquitectos\" aria-describedby=\"gallery-1-70309\" \/><\/a>\n\t\t\t<\/div>\n\t\t\t\t<figcaption class='wp-caption-text gallery-caption' id='gallery-1-70309'>\n\t\t\t\tCasa Emilio Frerz 2547 \/ CRBN | Carbone Arquitectos (\u00a9 Bruto Studio)\n\t\t\t\t<\/figcaption><\/figure><figure class='gallery-item'>\n\t\t\t<div class='gallery-icon portrait'>\n\t\t\t\t<a href='https:\/\/www.arquimaster.com.ar\/web\/wp-content\/uploads\/2022\/05\/casa_leloir24.jpg' title=\"Casa Emilio Frerz 2547 \/ CRBN | Carbone Arquitectos (\u00a9 Bruto Studio)\" data-rl_title=\"Casa Emilio Frerz 2547 \/ CRBN | Carbone Arquitectos (\u00a9 Bruto Studio)\" class=\"rl-gallery-link\" data-rl_caption=\"Casa Emilio Frerz 2547 \/ CRBN | Carbone Arquitectos (\u00a9 Bruto Studio)\" data-rel=\"lightbox-gallery-1\"><img loading=\"lazy\" decoding=\"async\" width=\"150\" height=\"150\" src=\"https:\/\/www.arquimaster.com.ar\/web\/wp-content\/uploads\/2022\/05\/casa_leloir24-150x150.jpg\" class=\"attachment-thumbnail size-thumbnail\" alt=\"Casa Emilio Frerz 2547 \/ CRBN | Carbone Arquitectos\" aria-describedby=\"gallery-1-70310\" \/><\/a>\n\t\t\t<\/div>\n\t\t\t\t<figcaption class='wp-caption-text gallery-caption' id='gallery-1-70310'>\n\t\t\t\tCasa Emilio Frerz 2547 \/ CRBN | Carbone Arquitectos (\u00a9 Bruto Studio)\n\t\t\t\t<\/figcaption><\/figure><figure class='gallery-item'>\n\t\t\t<div class='gallery-icon portrait'>\n\t\t\t\t<a href='https:\/\/www.arquimaster.com.ar\/web\/wp-content\/uploads\/2022\/05\/casa_leloir25.jpg' title=\"Casa Emilio Frerz 2547 \/ CRBN | Carbone Arquitectos (\u00a9 Bruto Studio)\" data-rl_title=\"Casa Emilio Frerz 2547 \/ CRBN | Carbone Arquitectos (\u00a9 Bruto Studio)\" class=\"rl-gallery-link\" data-rl_caption=\"Casa Emilio Frerz 2547 \/ CRBN | Carbone Arquitectos (\u00a9 Bruto Studio)\" data-rel=\"lightbox-gallery-1\"><img loading=\"lazy\" decoding=\"async\" width=\"150\" height=\"150\" src=\"https:\/\/www.arquimaster.com.ar\/web\/wp-content\/uploads\/2022\/05\/casa_leloir25-150x150.jpg\" class=\"attachment-thumbnail size-thumbnail\" alt=\"Casa Emilio Frerz 2547 \/ CRBN | Carbone Arquitectos\" aria-describedby=\"gallery-1-70311\" \/><\/a>\n\t\t\t<\/div>\n\t\t\t\t<figcaption class='wp-caption-text gallery-caption' id='gallery-1-70311'>\n\t\t\t\tCasa Emilio Frerz 2547 \/ CRBN | Carbone Arquitectos (\u00a9 Bruto Studio)\n\t\t\t\t<\/figcaption><\/figure><figure class='gallery-item'>\n\t\t\t<div class='gallery-icon landscape'>\n\t\t\t\t<a href='https:\/\/www.arquimaster.com.ar\/web\/wp-content\/uploads\/2022\/05\/casa_leloir26.jpg' title=\"Casa Emilio Frerz 2547 \/ CRBN | Carbone Arquitectos (\u00a9 Bruto Studio)\" data-rl_title=\"Casa Emilio Frerz 2547 \/ CRBN | Carbone Arquitectos (\u00a9 Bruto Studio)\" class=\"rl-gallery-link\" data-rl_caption=\"Casa Emilio Frerz 2547 \/ CRBN | Carbone Arquitectos (\u00a9 Bruto Studio)\" data-rel=\"lightbox-gallery-1\"><img loading=\"lazy\" decoding=\"async\" width=\"150\" height=\"150\" src=\"https:\/\/www.arquimaster.com.ar\/web\/wp-content\/uploads\/2022\/05\/casa_leloir26-150x150.jpg\" class=\"attachment-thumbnail size-thumbnail\" alt=\"Casa Emilio Frerz 2547 \/ CRBN | Carbone Arquitectos\" aria-describedby=\"gallery-1-70312\" \/><\/a>\n\t\t\t<\/div>\n\t\t\t\t<figcaption class='wp-caption-text gallery-caption' id='gallery-1-70312'>\n\t\t\t\tCasa Emilio Frerz 2547 \/ CRBN | Carbone Arquitectos (\u00a9 Bruto Studio)\n\t\t\t\t<\/figcaption><\/figure><figure class='gallery-item'>\n\t\t\t<div class='gallery-icon portrait'>\n\t\t\t\t<a href='https:\/\/www.arquimaster.com.ar\/web\/wp-content\/uploads\/2022\/05\/casa_leloir27.jpg' title=\"Casa Emilio Frerz 2547 \/ CRBN | Carbone Arquitectos (\u00a9 Bruto Studio)\" data-rl_title=\"Casa Emilio Frerz 2547 \/ CRBN | Carbone Arquitectos (\u00a9 Bruto Studio)\" class=\"rl-gallery-link\" data-rl_caption=\"Casa Emilio Frerz 2547 \/ CRBN | Carbone Arquitectos (\u00a9 Bruto Studio)\" data-rel=\"lightbox-gallery-1\"><img loading=\"lazy\" decoding=\"async\" width=\"150\" height=\"150\" src=\"https:\/\/www.arquimaster.com.ar\/web\/wp-content\/uploads\/2022\/05\/casa_leloir27-150x150.jpg\" class=\"attachment-thumbnail size-thumbnail\" alt=\"Casa Emilio Frerz 2547 \/ CRBN | Carbone Arquitectos\" aria-describedby=\"gallery-1-70313\" \/><\/a>\n\t\t\t<\/div>\n\t\t\t\t<figcaption class='wp-caption-text gallery-caption' id='gallery-1-70313'>\n\t\t\t\tCasa Emilio Frerz 2547 \/ CRBN | Carbone Arquitectos (\u00a9 Bruto Studio)\n\t\t\t\t<\/figcaption><\/figure><figure class='gallery-item'>\n\t\t\t<div class='gallery-icon portrait'>\n\t\t\t\t<a href='https:\/\/www.arquimaster.com.ar\/web\/wp-content\/uploads\/2022\/05\/casa_leloir28.jpg' title=\"Casa Emilio Frerz 2547 \/ CRBN | Carbone Arquitectos (\u00a9 Bruto Studio)\" data-rl_title=\"Casa Emilio Frerz 2547 \/ CRBN | Carbone Arquitectos (\u00a9 Bruto Studio)\" class=\"rl-gallery-link\" data-rl_caption=\"Casa Emilio Frerz 2547 \/ CRBN | Carbone Arquitectos (\u00a9 Bruto Studio)\" data-rel=\"lightbox-gallery-1\"><img loading=\"lazy\" decoding=\"async\" width=\"150\" height=\"150\" src=\"https:\/\/www.arquimaster.com.ar\/web\/wp-content\/uploads\/2022\/05\/casa_leloir28-150x150.jpg\" class=\"attachment-thumbnail size-thumbnail\" alt=\"Casa Emilio Frerz 2547 \/ CRBN | Carbone Arquitectos\" aria-describedby=\"gallery-1-70314\" \/><\/a>\n\t\t\t<\/div>\n\t\t\t\t<figcaption class='wp-caption-text gallery-caption' id='gallery-1-70314'>\n\t\t\t\tCasa Emilio Frerz 2547 \/ CRBN | Carbone Arquitectos (\u00a9 Bruto Studio)\n\t\t\t\t<\/figcaption><\/figure><figure class='gallery-item'>\n\t\t\t<div class='gallery-icon landscape'>\n\t\t\t\t<a href='https:\/\/www.arquimaster.com.ar\/web\/wp-content\/uploads\/2022\/05\/casa_leloir29.jpg' title=\"Casa Emilio Frerz 2547 \/ CRBN | Carbone Arquitectos (\u00a9 Bruto Studio)\" data-rl_title=\"Casa Emilio Frerz 2547 \/ CRBN | Carbone Arquitectos (\u00a9 Bruto Studio)\" class=\"rl-gallery-link\" data-rl_caption=\"Casa Emilio Frerz 2547 \/ CRBN | Carbone Arquitectos (\u00a9 Bruto Studio)\" data-rel=\"lightbox-gallery-1\"><img loading=\"lazy\" decoding=\"async\" width=\"150\" height=\"150\" src=\"https:\/\/www.arquimaster.com.ar\/web\/wp-content\/uploads\/2022\/05\/casa_leloir29-150x150.jpg\" class=\"attachment-thumbnail size-thumbnail\" alt=\"Casa Emilio Frerz 2547 \/ CRBN | Carbone Arquitectos\" aria-describedby=\"gallery-1-70315\" \/><\/a>\n\t\t\t<\/div>\n\t\t\t\t<figcaption class='wp-caption-text gallery-caption' id='gallery-1-70315'>\n\t\t\t\tCasa Emilio Frerz 2547 \/ CRBN | Carbone Arquitectos (\u00a9 Bruto Studio)\n\t\t\t\t<\/figcaption><\/figure><figure class='gallery-item'>\n\t\t\t<div class='gallery-icon landscape'>\n\t\t\t\t<a href='https:\/\/www.arquimaster.com.ar\/web\/wp-content\/uploads\/2022\/05\/casa_leloir30.jpg' title=\"Casa Emilio Frerz 2547 \/ CRBN | Carbone Arquitectos (\u00a9 Bruto Studio)\" data-rl_title=\"Casa Emilio Frerz 2547 \/ CRBN | Carbone Arquitectos (\u00a9 Bruto Studio)\" class=\"rl-gallery-link\" data-rl_caption=\"Casa Emilio Frerz 2547 \/ CRBN | Carbone Arquitectos (\u00a9 Bruto Studio)\" data-rel=\"lightbox-gallery-1\"><img loading=\"lazy\" decoding=\"async\" width=\"150\" height=\"150\" src=\"https:\/\/www.arquimaster.com.ar\/web\/wp-content\/uploads\/2022\/05\/casa_leloir30-150x150.jpg\" class=\"attachment-thumbnail size-thumbnail\" alt=\"Casa Emilio Frerz 2547 \/ CRBN | Carbone Arquitectos\" aria-describedby=\"gallery-1-70316\" \/><\/a>\n\t\t\t<\/div>\n\t\t\t\t<figcaption class='wp-caption-text gallery-caption' id='gallery-1-70316'>\n\t\t\t\tCasa Emilio Frerz 2547 \/ CRBN | Carbone Arquitectos (\u00a9 Bruto Studio)\n\t\t\t\t<\/figcaption><\/figure><figure class='gallery-item'>\n\t\t\t<div class='gallery-icon portrait'>\n\t\t\t\t<a href='https:\/\/www.arquimaster.com.ar\/web\/wp-content\/uploads\/2022\/05\/casa_leloir31.jpg' title=\"Casa Emilio Frerz 2547 \/ CRBN | Carbone Arquitectos (\u00a9 Bruto Studio)\" data-rl_title=\"Casa Emilio Frerz 2547 \/ CRBN | Carbone Arquitectos (\u00a9 Bruto Studio)\" class=\"rl-gallery-link\" data-rl_caption=\"Casa Emilio Frerz 2547 \/ CRBN | Carbone Arquitectos (\u00a9 Bruto Studio)\" data-rel=\"lightbox-gallery-1\"><img loading=\"lazy\" decoding=\"async\" width=\"150\" height=\"150\" src=\"https:\/\/www.arquimaster.com.ar\/web\/wp-content\/uploads\/2022\/05\/casa_leloir31-150x150.jpg\" class=\"attachment-thumbnail size-thumbnail\" alt=\"Casa Emilio Frerz 2547 \/ CRBN | Carbone Arquitectos\" aria-describedby=\"gallery-1-70317\" \/><\/a>\n\t\t\t<\/div>\n\t\t\t\t<figcaption class='wp-caption-text gallery-caption' id='gallery-1-70317'>\n\t\t\t\tCasa Emilio Frerz 2547 \/ CRBN | Carbone Arquitectos (\u00a9 Bruto Studio)\n\t\t\t\t<\/figcaption><\/figure><figure class='gallery-item'>\n\t\t\t<div class='gallery-icon landscape'>\n\t\t\t\t<a href='https:\/\/www.arquimaster.com.ar\/web\/wp-content\/uploads\/2022\/05\/casa_leloir32.jpg' title=\"Casa Emilio Frerz 2547 \/ CRBN | Carbone Arquitectos (\u00a9 Bruto Studio)\" data-rl_title=\"Casa Emilio Frerz 2547 \/ CRBN | Carbone Arquitectos (\u00a9 Bruto Studio)\" class=\"rl-gallery-link\" data-rl_caption=\"Casa Emilio Frerz 2547 \/ CRBN | Carbone Arquitectos (\u00a9 Bruto Studio)\" data-rel=\"lightbox-gallery-1\"><img loading=\"lazy\" decoding=\"async\" width=\"150\" height=\"150\" src=\"https:\/\/www.arquimaster.com.ar\/web\/wp-content\/uploads\/2022\/05\/casa_leloir32-150x150.jpg\" class=\"attachment-thumbnail size-thumbnail\" alt=\"Casa Emilio Frerz 2547 \/ CRBN | Carbone Arquitectos\" aria-describedby=\"gallery-1-70318\" \/><\/a>\n\t\t\t<\/div>\n\t\t\t\t<figcaption class='wp-caption-text gallery-caption' id='gallery-1-70318'>\n\t\t\t\tCasa Emilio Frerz 2547 \/ CRBN | Carbone Arquitectos (\u00a9 Bruto Studio)\n\t\t\t\t<\/figcaption><\/figure><figure class='gallery-item'>\n\t\t\t<div class='gallery-icon landscape'>\n\t\t\t\t<a href='https:\/\/www.arquimaster.com.ar\/web\/wp-content\/uploads\/2022\/05\/casa_leloir33.jpg' title=\"Casa Emilio Frerz 2547 \/ CRBN | Carbone Arquitectos (\u00a9 Bruto Studio)\" data-rl_title=\"Casa Emilio Frerz 2547 \/ CRBN | Carbone Arquitectos (\u00a9 Bruto Studio)\" class=\"rl-gallery-link\" data-rl_caption=\"Casa Emilio Frerz 2547 \/ CRBN | Carbone Arquitectos (\u00a9 Bruto Studio)\" data-rel=\"lightbox-gallery-1\"><img loading=\"lazy\" decoding=\"async\" width=\"150\" height=\"150\" src=\"https:\/\/www.arquimaster.com.ar\/web\/wp-content\/uploads\/2022\/05\/casa_leloir33-150x150.jpg\" class=\"attachment-thumbnail size-thumbnail\" alt=\"Casa Emilio Frerz 2547 \/ CRBN | Carbone Arquitectos\" aria-describedby=\"gallery-1-70319\" \/><\/a>\n\t\t\t<\/div>\n\t\t\t\t<figcaption class='wp-caption-text gallery-caption' id='gallery-1-70319'>\n\t\t\t\tCasa Emilio Frerz 2547 \/ CRBN | Carbone Arquitectos (\u00a9 Bruto Studio)\n\t\t\t\t<\/figcaption><\/figure><figure class='gallery-item'>\n\t\t\t<div class='gallery-icon landscape'>\n\t\t\t\t<a href='https:\/\/www.arquimaster.com.ar\/web\/wp-content\/uploads\/2022\/05\/casa_leloir34.jpg' title=\"Casa Emilio Frerz 2547 \/ CRBN | Carbone Arquitectos (\u00a9 Bruto Studio)\" data-rl_title=\"Casa Emilio Frerz 2547 \/ CRBN | Carbone Arquitectos (\u00a9 Bruto Studio)\" class=\"rl-gallery-link\" data-rl_caption=\"Casa Emilio Frerz 2547 \/ CRBN | Carbone Arquitectos (\u00a9 Bruto Studio)\" data-rel=\"lightbox-gallery-1\"><img loading=\"lazy\" decoding=\"async\" width=\"150\" height=\"150\" src=\"https:\/\/www.arquimaster.com.ar\/web\/wp-content\/uploads\/2022\/05\/casa_leloir34-150x150.jpg\" class=\"attachment-thumbnail size-thumbnail\" alt=\"Casa Emilio Frerz 2547 \/ CRBN | Carbone Arquitectos\" aria-describedby=\"gallery-1-70320\" \/><\/a>\n\t\t\t<\/div>\n\t\t\t\t<figcaption class='wp-caption-text gallery-caption' id='gallery-1-70320'>\n\t\t\t\tCasa Emilio Frerz 2547 \/ CRBN | Carbone Arquitectos (\u00a9 Bruto Studio)\n\t\t\t\t<\/figcaption><\/figure><figure class='gallery-item'>\n\t\t\t<div class='gallery-icon landscape'>\n\t\t\t\t<a href='https:\/\/www.arquimaster.com.ar\/web\/wp-content\/uploads\/2022\/05\/casa_leloir35.jpg' title=\"Casa Emilio Frerz 2547 \/ CRBN | Carbone Arquitectos (\u00a9 Bruto Studio)\" data-rl_title=\"Casa Emilio Frerz 2547 \/ CRBN | Carbone Arquitectos (\u00a9 Bruto Studio)\" class=\"rl-gallery-link\" data-rl_caption=\"Casa Emilio Frerz 2547 \/ CRBN | Carbone Arquitectos (\u00a9 Bruto Studio)\" data-rel=\"lightbox-gallery-1\"><img loading=\"lazy\" decoding=\"async\" width=\"150\" height=\"150\" src=\"https:\/\/www.arquimaster.com.ar\/web\/wp-content\/uploads\/2022\/05\/casa_leloir35-150x150.jpg\" class=\"attachment-thumbnail size-thumbnail\" alt=\"Casa Emilio Frerz 2547 \/ CRBN | Carbone Arquitectos\" aria-describedby=\"gallery-1-70321\" srcset=\"https:\/\/www.arquimaster.com.ar\/web\/wp-content\/uploads\/2022\/05\/casa_leloir35-150x150.jpg 150w, https:\/\/www.arquimaster.com.ar\/web\/wp-content\/uploads\/2022\/05\/casa_leloir35-768x763.jpg 768w, https:\/\/www.arquimaster.com.ar\/web\/wp-content\/uploads\/2022\/05\/casa_leloir35.jpg 1509w\" sizes=\"auto, (max-width: 150px) 100vw, 150px\" \/><\/a>\n\t\t\t<\/div>\n\t\t\t\t<figcaption class='wp-caption-text gallery-caption' id='gallery-1-70321'>\n\t\t\t\tCasa Emilio Frerz 2547 \/ CRBN | Carbone Arquitectos (\u00a9 Bruto Studio)\n\t\t\t\t<\/figcaption><\/figure><figure class='gallery-item'>\n\t\t\t<div class='gallery-icon portrait'>\n\t\t\t\t<a href='https:\/\/www.arquimaster.com.ar\/web\/wp-content\/uploads\/2022\/05\/casa_leloir36.jpg' title=\"Casa Emilio Frerz 2547 \/ CRBN | Carbone Arquitectos (\u00a9 Bruto Studio)\" data-rl_title=\"Casa Emilio Frerz 2547 \/ CRBN | Carbone Arquitectos (\u00a9 Bruto Studio)\" class=\"rl-gallery-link\" data-rl_caption=\"Casa Emilio Frerz 2547 \/ CRBN | Carbone Arquitectos (\u00a9 Bruto Studio)\" data-rel=\"lightbox-gallery-1\"><img loading=\"lazy\" decoding=\"async\" width=\"150\" height=\"150\" src=\"https:\/\/www.arquimaster.com.ar\/web\/wp-content\/uploads\/2022\/05\/casa_leloir36-150x150.jpg\" class=\"attachment-thumbnail size-thumbnail\" alt=\"Casa Emilio Frerz 2547 \/ CRBN | Carbone Arquitectos\" aria-describedby=\"gallery-1-70322\" \/><\/a>\n\t\t\t<\/div>\n\t\t\t\t<figcaption class='wp-caption-text gallery-caption' id='gallery-1-70322'>\n\t\t\t\tCasa Emilio Frerz 2547 \/ CRBN | Carbone Arquitectos (\u00a9 Bruto Studio)\n\t\t\t\t<\/figcaption><\/figure><figure class='gallery-item'>\n\t\t\t<div class='gallery-icon landscape'>\n\t\t\t\t<a href='https:\/\/www.arquimaster.com.ar\/web\/wp-content\/uploads\/2022\/05\/casa_leloir37.jpg' title=\"Casa Emilio Frerz 2547 \/ CRBN | Carbone Arquitectos (\u00a9 Bruto Studio)\" data-rl_title=\"Casa Emilio Frerz 2547 \/ CRBN | Carbone Arquitectos (\u00a9 Bruto Studio)\" class=\"rl-gallery-link\" data-rl_caption=\"Casa Emilio Frerz 2547 \/ CRBN | Carbone Arquitectos (\u00a9 Bruto Studio)\" data-rel=\"lightbox-gallery-1\"><img loading=\"lazy\" decoding=\"async\" width=\"150\" height=\"150\" src=\"https:\/\/www.arquimaster.com.ar\/web\/wp-content\/uploads\/2022\/05\/casa_leloir37-150x150.jpg\" class=\"attachment-thumbnail size-thumbnail\" alt=\"Casa Emilio Frerz 2547 \/ CRBN | Carbone Arquitectos\" aria-describedby=\"gallery-1-70323\" \/><\/a>\n\t\t\t<\/div>\n\t\t\t\t<figcaption class='wp-caption-text gallery-caption' id='gallery-1-70323'>\n\t\t\t\tCasa Emilio Frerz 2547 \/ CRBN | Carbone Arquitectos (\u00a9 Bruto Studio)\n\t\t\t\t<\/figcaption><\/figure><figure class='gallery-item'>\n\t\t\t<div class='gallery-icon landscape'>\n\t\t\t\t<a href='https:\/\/www.arquimaster.com.ar\/web\/wp-content\/uploads\/2022\/05\/casa_leloir38.jpg' title=\"Casa Emilio Frerz 2547 \/ CRBN | Carbone Arquitectos (\u00a9 Bruto Studio)\" data-rl_title=\"Casa Emilio Frerz 2547 \/ CRBN | Carbone Arquitectos (\u00a9 Bruto Studio)\" class=\"rl-gallery-link\" data-rl_caption=\"Casa Emilio Frerz 2547 \/ CRBN | Carbone Arquitectos (\u00a9 Bruto Studio)\" data-rel=\"lightbox-gallery-1\"><img loading=\"lazy\" decoding=\"async\" width=\"150\" height=\"150\" src=\"https:\/\/www.arquimaster.com.ar\/web\/wp-content\/uploads\/2022\/05\/casa_leloir38-150x150.jpg\" class=\"attachment-thumbnail size-thumbnail\" alt=\"Casa Emilio Frerz 2547 \/ CRBN | Carbone Arquitectos\" aria-describedby=\"gallery-1-70324\" \/><\/a>\n\t\t\t<\/div>\n\t\t\t\t<figcaption class='wp-caption-text gallery-caption' id='gallery-1-70324'>\n\t\t\t\tCasa Emilio Frerz 2547 \/ CRBN | Carbone Arquitectos (\u00a9 Bruto Studio)\n\t\t\t\t<\/figcaption><\/figure><figure class='gallery-item'>\n\t\t\t<div class='gallery-icon portrait'>\n\t\t\t\t<a href='https:\/\/www.arquimaster.com.ar\/web\/wp-content\/uploads\/2022\/05\/casa_leloir39.jpg' title=\"Casa Emilio Frerz 2547 \/ CRBN | Carbone Arquitectos (planta baja)\" data-rl_title=\"Casa Emilio Frerz 2547 \/ CRBN | Carbone Arquitectos (planta baja)\" class=\"rl-gallery-link\" data-rl_caption=\"Casa Emilio Frerz 2547 \/ CRBN | Carbone Arquitectos (planta baja)\" data-rel=\"lightbox-gallery-1\"><img loading=\"lazy\" decoding=\"async\" width=\"150\" height=\"150\" src=\"https:\/\/www.arquimaster.com.ar\/web\/wp-content\/uploads\/2022\/05\/casa_leloir39-150x150.jpg\" class=\"attachment-thumbnail size-thumbnail\" alt=\"Casa Emilio Frerz 2547 \/ CRBN | Carbone Arquitectos\" aria-describedby=\"gallery-1-70325\" \/><\/a>\n\t\t\t<\/div>\n\t\t\t\t<figcaption class='wp-caption-text gallery-caption' id='gallery-1-70325'>\n\t\t\t\tCasa Emilio Frerz 2547 \/ CRBN | Carbone Arquitectos (planta baja)\n\t\t\t\t<\/figcaption><\/figure><figure class='gallery-item'>\n\t\t\t<div class='gallery-icon portrait'>\n\t\t\t\t<a href='https:\/\/www.arquimaster.com.ar\/web\/wp-content\/uploads\/2022\/05\/casa_leloir40.jpg' title=\"Casa Emilio Frerz 2547 \/ CRBN | Carbone Arquitectos (planta alta)\" data-rl_title=\"Casa Emilio Frerz 2547 \/ CRBN | Carbone Arquitectos (planta alta)\" class=\"rl-gallery-link\" data-rl_caption=\"Casa Emilio Frerz 2547 \/ CRBN | Carbone Arquitectos (planta alta)\" data-rel=\"lightbox-gallery-1\"><img loading=\"lazy\" decoding=\"async\" width=\"150\" height=\"150\" src=\"https:\/\/www.arquimaster.com.ar\/web\/wp-content\/uploads\/2022\/05\/casa_leloir40-150x150.jpg\" class=\"attachment-thumbnail size-thumbnail\" alt=\"Casa Emilio Frerz 2547 \/ CRBN | Carbone Arquitectos\" aria-describedby=\"gallery-1-70326\" \/><\/a>\n\t\t\t<\/div>\n\t\t\t\t<figcaption class='wp-caption-text gallery-caption' id='gallery-1-70326'>\n\t\t\t\tCasa Emilio Frerz 2547 \/ CRBN | Carbone Arquitectos (planta alta)\n\t\t\t\t<\/figcaption><\/figure><figure class='gallery-item'>\n\t\t\t<div class='gallery-icon portrait'>\n\t\t\t\t<a href='https:\/\/www.arquimaster.com.ar\/web\/wp-content\/uploads\/2022\/05\/casa_leloir41.jpg' title=\"Casa Emilio Frerz 2547 \/ CRBN | Carbone Arquitectos (planta de techos)\" data-rl_title=\"Casa Emilio Frerz 2547 \/ CRBN | Carbone Arquitectos (planta de techos)\" class=\"rl-gallery-link\" data-rl_caption=\"Casa Emilio Frerz 2547 \/ CRBN | Carbone Arquitectos (planta de techos)\" data-rel=\"lightbox-gallery-1\"><img loading=\"lazy\" decoding=\"async\" width=\"150\" height=\"150\" src=\"https:\/\/www.arquimaster.com.ar\/web\/wp-content\/uploads\/2022\/05\/casa_leloir41-150x150.jpg\" class=\"attachment-thumbnail size-thumbnail\" alt=\"Casa Emilio Frerz 2547 \/ CRBN | Carbone Arquitectos\" aria-describedby=\"gallery-1-70327\" \/><\/a>\n\t\t\t<\/div>\n\t\t\t\t<figcaption class='wp-caption-text gallery-caption' id='gallery-1-70327'>\n\t\t\t\tCasa Emilio Frerz 2547 \/ CRBN | Carbone Arquitectos (planta de techos)\n\t\t\t\t<\/figcaption><\/figure><figure class='gallery-item'>\n\t\t\t<div class='gallery-icon landscape'>\n\t\t\t\t<a href='https:\/\/www.arquimaster.com.ar\/web\/wp-content\/uploads\/2022\/05\/casa_leloir42.jpg' title=\"Casa Emilio Frerz 2547 \/ CRBN | Carbone Arquitectos (corte)\" data-rl_title=\"Casa Emilio Frerz 2547 \/ CRBN | Carbone Arquitectos (corte)\" class=\"rl-gallery-link\" data-rl_caption=\"Casa Emilio Frerz 2547 \/ CRBN | Carbone Arquitectos (corte)\" data-rel=\"lightbox-gallery-1\"><img loading=\"lazy\" decoding=\"async\" width=\"150\" height=\"150\" src=\"https:\/\/www.arquimaster.com.ar\/web\/wp-content\/uploads\/2022\/05\/casa_leloir42-150x150.jpg\" class=\"attachment-thumbnail size-thumbnail\" alt=\"Casa Emilio Frerz 2547 \/ CRBN | Carbone Arquitectos\" aria-describedby=\"gallery-1-70328\" \/><\/a>\n\t\t\t<\/div>\n\t\t\t\t<figcaption class='wp-caption-text gallery-caption' id='gallery-1-70328'>\n\t\t\t\tCasa Emilio Frerz 2547 \/ CRBN | Carbone Arquitectos (corte)\n\t\t\t\t<\/figcaption><\/figure><figure class='gallery-item'>\n\t\t\t<div class='gallery-icon landscape'>\n\t\t\t\t<a href='https:\/\/www.arquimaster.com.ar\/web\/wp-content\/uploads\/2022\/05\/casa_leloir43.jpg' title=\"Casa Emilio Frerz 2547 \/ CRBN | Carbone Arquitectos (corte)\" data-rl_title=\"Casa Emilio Frerz 2547 \/ CRBN | Carbone Arquitectos (corte)\" class=\"rl-gallery-link\" data-rl_caption=\"Casa Emilio Frerz 2547 \/ CRBN | Carbone Arquitectos (corte)\" data-rel=\"lightbox-gallery-1\"><img loading=\"lazy\" decoding=\"async\" width=\"150\" height=\"150\" src=\"https:\/\/www.arquimaster.com.ar\/web\/wp-content\/uploads\/2022\/05\/casa_leloir43-150x150.jpg\" class=\"attachment-thumbnail size-thumbnail\" alt=\"Casa Emilio Frerz 2547 \/ CRBN | Carbone Arquitectos\" aria-describedby=\"gallery-1-70329\" \/><\/a>\n\t\t\t<\/div>\n\t\t\t\t<figcaption class='wp-caption-text gallery-caption' id='gallery-1-70329'>\n\t\t\t\tCasa Emilio Frerz 2547 \/ CRBN | Carbone Arquitectos (corte)\n\t\t\t\t<\/figcaption><\/figure><figure class='gallery-item'>\n\t\t\t<div class='gallery-icon landscape'>\n\t\t\t\t<a href='https:\/\/www.arquimaster.com.ar\/web\/wp-content\/uploads\/2022\/05\/casa_leloir44.jpg' title=\"Casa Emilio Frerz 2547 \/ CRBN | Carbone Arquitectos (vista frente)\" data-rl_title=\"Casa Emilio Frerz 2547 \/ CRBN | Carbone Arquitectos (vista frente)\" class=\"rl-gallery-link\" data-rl_caption=\"Casa Emilio Frerz 2547 \/ CRBN | Carbone Arquitectos (vista frente)\" data-rel=\"lightbox-gallery-1\"><img loading=\"lazy\" decoding=\"async\" width=\"150\" height=\"150\" src=\"https:\/\/www.arquimaster.com.ar\/web\/wp-content\/uploads\/2022\/05\/casa_leloir44-150x150.jpg\" class=\"attachment-thumbnail size-thumbnail\" alt=\"Casa Emilio Frerz 2547 \/ CRBN | Carbone Arquitectos\" aria-describedby=\"gallery-1-70330\" \/><\/a>\n\t\t\t<\/div>\n\t\t\t\t<figcaption class='wp-caption-text gallery-caption' id='gallery-1-70330'>\n\t\t\t\tCasa Emilio Frerz 2547 \/ CRBN | Carbone Arquitectos (vista frente)\n\t\t\t\t<\/figcaption><\/figure><figure class='gallery-item'>\n\t\t\t<div class='gallery-icon landscape'>\n\t\t\t\t<a href='https:\/\/www.arquimaster.com.ar\/web\/wp-content\/uploads\/2022\/05\/casa_leloir45.jpg' title=\"Casa Emilio Frerz 2547 \/ CRBN | Carbone Arquitectos (vista contrafrente)\" data-rl_title=\"Casa Emilio Frerz 2547 \/ CRBN | Carbone Arquitectos (vista contrafrente)\" class=\"rl-gallery-link\" data-rl_caption=\"Casa Emilio Frerz 2547 \/ CRBN | Carbone Arquitectos (vista contrafrente)\" data-rel=\"lightbox-gallery-1\"><img loading=\"lazy\" decoding=\"async\" width=\"150\" height=\"150\" src=\"https:\/\/www.arquimaster.com.ar\/web\/wp-content\/uploads\/2022\/05\/casa_leloir45-150x150.jpg\" class=\"attachment-thumbnail size-thumbnail\" alt=\"Casa Emilio Frerz 2547 \/ CRBN | Carbone Arquitectos\" aria-describedby=\"gallery-1-70331\" \/><\/a>\n\t\t\t<\/div>\n\t\t\t\t<figcaption class='wp-caption-text gallery-caption' id='gallery-1-70331'>\n\t\t\t\tCasa Emilio Frerz 2547 \/ CRBN | Carbone Arquitectos (vista contrafrente)\n\t\t\t\t<\/figcaption><\/figure><figure class='gallery-item'>\n\t\t\t<div class='gallery-icon landscape'>\n\t\t\t\t<a href='https:\/\/www.arquimaster.com.ar\/web\/wp-content\/uploads\/2022\/05\/casa_leloir46.jpg' title=\"Casa Emilio Frerz 2547 \/ CRBN | Carbone Arquitectos (vista lateral)\" data-rl_title=\"Casa Emilio Frerz 2547 \/ CRBN | Carbone Arquitectos (vista lateral)\" class=\"rl-gallery-link\" data-rl_caption=\"Casa Emilio Frerz 2547 \/ CRBN | Carbone Arquitectos (vista lateral)\" data-rel=\"lightbox-gallery-1\"><img loading=\"lazy\" decoding=\"async\" width=\"150\" height=\"150\" src=\"https:\/\/www.arquimaster.com.ar\/web\/wp-content\/uploads\/2022\/05\/casa_leloir46-150x150.jpg\" class=\"attachment-thumbnail size-thumbnail\" alt=\"Casa Emilio Frerz 2547 \/ CRBN | Carbone Arquitectos\" aria-describedby=\"gallery-1-70332\" \/><\/a>\n\t\t\t<\/div>\n\t\t\t\t<figcaption class='wp-caption-text gallery-caption' id='gallery-1-70332'>\n\t\t\t\tCasa Emilio Frerz 2547 \/ CRBN | Carbone Arquitectos (vista lateral)\n\t\t\t\t<\/figcaption><\/figure><figure class='gallery-item'>\n\t\t\t<div class='gallery-icon landscape'>\n\t\t\t\t<a href='https:\/\/www.arquimaster.com.ar\/web\/wp-content\/uploads\/2022\/05\/casa_leloir47.jpg' title=\"Casa Emilio Frerz 2547 \/ CRBN | Carbone Arquitectos (vista lateral)\" data-rl_title=\"Casa Emilio Frerz 2547 \/ CRBN | Carbone Arquitectos (vista lateral)\" class=\"rl-gallery-link\" data-rl_caption=\"Casa Emilio Frerz 2547 \/ CRBN | Carbone Arquitectos (vista lateral)\" data-rel=\"lightbox-gallery-1\"><img loading=\"lazy\" decoding=\"async\" width=\"150\" height=\"150\" src=\"https:\/\/www.arquimaster.com.ar\/web\/wp-content\/uploads\/2022\/05\/casa_leloir47-150x150.jpg\" class=\"attachment-thumbnail size-thumbnail\" alt=\"Casa Emilio Frerz 2547 \/ CRBN | Carbone Arquitectos\" aria-describedby=\"gallery-1-70333\" \/><\/a>\n\t\t\t<\/div>\n\t\t\t\t<figcaption class='wp-caption-text gallery-caption' id='gallery-1-70333'>\n\t\t\t\tCasa Emilio Frerz 2547 \/ CRBN | Carbone Arquitectos (vista lateral)\n\t\t\t\t<\/figcaption><\/figure>\n\t\t<\/div>\n\n<p>Entendiendo la escala de la propuesta y su contexto es que pensamos en un proyecto que d\u00e9 respuestas certeras y acotadas generando una soluci\u00f3n integral a la propuesta program\u00e1tica la cual est\u00e1 resuelta a partir de dos plantas vinculadas por una doble altura que articula los espacios comunes de forma din\u00e1mica potenciando de forma sin\u00e9rgica la calidad espacial.<\/p>\n<p>En la planta baja se encuentras las \u00e1reas de uso p\u00fablico donde conformando una planta din\u00e1mica e integrada se desarrollan los programas de servicio (hall, cochera, toilette y lavadero, cocina) con los servidos (estar y comedor) vinculados a la galer\u00eda semicubierta que sirve de transici\u00f3n entre los espacios interiores y exteriores.<\/p>\n<p>Pensamos la casa con la intenci\u00f3n de lograr una inmersi\u00f3n integral en el entorno natural perdiendo de alg\u00fan modo los l\u00edmites formales entre lo material y lo natural.<\/p>\n<p>En concordancia con lo anteriormente expresado la planta alta aloja por un lado los programas de uso privado (dos dormitorios y un ba\u00f1o) y por el otro una (sala de tv) que a trav\u00e9s de la doble altura se vincula con los programa p\u00fablicos de la planta baja potenciando a la cualidad espacial abri\u00e9ndose al entorno natural ganando vistas, calidez y claridad.<\/p>\n<p>Como concepto general la intenci\u00f3n es la de generar grandes aventanamientos que potencien la relaci\u00f3n visual con el entorno natural. La l\u00f3gica de la expresi\u00f3n tect\u00f3nica est\u00e1 asociada a las virtudes espaciales inherentes al material. La utilizaci\u00f3n intensiva del hormig\u00f3n visto potencian las cualidades formales de la vivienda dando cuenta de todo su potencial.<\/p>\n<p>Con la premisa de generar una propuesta inmersiva en el entorno es que decidimos por un lado optar por un proyecto que en planta baja fuera tan permeable como fuera posible abri\u00e9ndonos al exterior potenciando las visuales y la relaci\u00f3n con el exterior, mientras que por otro la planta alta alterna sus fachadas entre llenos y vac\u00edos que articulan por un lado la cualidad espacial, a la vez que generan el soporte estructura dotando al proyecto de su imagen caracter\u00edstica tanto tect\u00f3nica como formal permitiendo generar grandes voladizos que aportan a la calidad espacial.<\/p>\n\n\n<div style=\"height:20px\" aria-hidden=\"true\" class=\"wp-block-spacer\"><\/div>\n\n\n\n<p class=\"has-background\" style=\"background-color:#eaeaea\"><strong>Ficha t\u00e9cnica<\/strong><br>Nombre: Casa Emilio Frerz 2547 Parque Leloir<br>Ubicaci\u00f3n: Parque Leloir, Pcia. de Buenos Aires, Argentina<br>Oficina de arquitectura: CRBN | Carbone Arquitectos<br>Arquitectos a cargo: Franco Carbone, Marcelo Juan Carbone, Ignacio Germano, Leandro Furfori, Elizabeth Kessler, Maria Cecilia Perea<br>Superficie construida: 180 m2<br>A\u00f1o finalizaci\u00f3n construcci\u00f3n: 2022<br>Fotograf\u00edas: Bruto Studio<br><\/p>\n\n\n\n<div style=\"height:40px\" aria-hidden=\"true\" class=\"wp-block-spacer\"><\/div>\n\n<div style=\"font-size: 0px; height: 0px; line-height: 0px; margin: 0; padding: 0; clear: both;\"><\/div><div style=\"margin-top: 0px; margin-bottom: 0px;\" class=\"sharethis-inline-share-buttons\" ><\/div>","protected":false},"excerpt":{"rendered":"<p>Una doble altura articula los espacios comunes de forma din\u00e1mica&#8230;<\/p>\n","protected":false},"author":1,"featured_media":70286,"comment_status":"closed","ping_status":"closed","sticky":false,"template":"","format":"standard","meta":{"_uag_custom_page_level_css":"","footnotes":""},"categories":[1,83],"tags":[14,16,5623,7393,7394,5624,1176,1175,5625,7395,3107,7396,1673,254],"class_list":["post-70285","post","type-post","status-publish","format-standard","has-post-thumbnail","hentry","category-proyecto","category-vivienda-unifamiliar","tag-argentina","tag-buenos-aires","tag-carbone-arquitectos","tag-crbn-carbone-arquitectos","tag-elizabeth-kessler","tag-franco-carbone","tag-hormigon-a-la-vista","tag-hormigon-visto","tag-ignacio-germano","tag-leandro-furfori","tag-marcelo-juan-carbone","tag-maria-cecilia-perea","tag-parque-leloir","tag-vivienda-unifamiliar-2","generate-columns","tablet-grid-50","mobile-grid-100","grid-parent","grid-50"],"yoast_head":"<!-- This site is optimized with the Yoast SEO plugin v27.3 - https:\/\/yoast.com\/product\/yoast-seo-wordpress\/ -->\n<title>Casa Emilio Frerz 2547 \/ CRBN | Carbone Arquitectos - Arquimaster<\/title>\n<meta name=\"description\" content=\"Pensamos la casa con la intenci\u00f3n de lograr una inmersi\u00f3n integral en el entorno natural perdiendo de alg\u00fan modo los l\u00edmites formales entre lo material y lo natural.\" \/>\n<meta name=\"robots\" content=\"index, follow, max-snippet:-1, max-image-preview:large, max-video-preview:-1\" \/>\n<link rel=\"canonical\" href=\"https:\/\/www.arquimaster.com.ar\/web\/casa-emilio-frerz-2547-crbn-carbone-arquitectos\/\" \/>\n<meta property=\"og:locale\" content=\"es_ES\" \/>\n<meta property=\"og:type\" content=\"article\" \/>\n<meta property=\"og:title\" content=\"Casa Emilio Frerz 2547 \/ CRBN | Carbone Arquitectos\" \/>\n<meta property=\"og:description\" content=\"Pensamos la casa con la intenci\u00f3n de lograr una inmersi\u00f3n integral en el entorno natural perdiendo de alg\u00fan modo los l\u00edmites formales entre lo material y lo natural.\" \/>\n<meta property=\"og:url\" content=\"https:\/\/www.arquimaster.com.ar\/web\/casa-emilio-frerz-2547-crbn-carbone-arquitectos\/\" \/>\n<meta property=\"og:site_name\" content=\"Arquimaster\" \/>\n<meta property=\"article:publisher\" content=\"http:\/\/www.facebook.com\/ARQUIMASTER.com.ar\" \/>\n<meta property=\"article:published_time\" content=\"2022-05-13T20:10:31+00:00\" \/>\n<meta property=\"article:modified_time\" content=\"2026-04-15T19:20:00+00:00\" \/>\n<meta property=\"og:image\" content=\"https:\/\/www.arquimaster.com.ar\/web\/wp-content\/uploads\/2022\/05\/casa_leloir_slide.jpg\" \/>\n\t<meta property=\"og:image:width\" content=\"698\" \/>\n\t<meta property=\"og:image:height\" content=\"364\" \/>\n\t<meta property=\"og:image:type\" content=\"image\/jpeg\" \/>\n<meta name=\"author\" content=\"Arquimaster\" \/>\n<meta name=\"twitter:card\" content=\"summary_large_image\" \/>\n<meta name=\"twitter:title\" content=\"Casa Emilio Frerz 2547 \/ CRBN | Carbone Arquitectos\" \/>\n<meta name=\"twitter:description\" content=\"Pensamos la casa con la intenci\u00f3n de lograr una inmersi\u00f3n integral en el entorno natural perdiendo de alg\u00fan modo los l\u00edmites formales entre lo material y lo natural.\" \/>\n<meta name=\"twitter:image\" content=\"https:\/\/www.arquimaster.com.ar\/web\/wp-content\/uploads\/2022\/05\/casa_leloir_slide.jpg\" \/>\n<meta name=\"twitter:creator\" content=\"@arquimaster\" \/>\n<meta name=\"twitter:site\" content=\"@arquimaster\" \/>\n<meta name=\"twitter:label1\" content=\"Escrito por\" \/>\n\t<meta name=\"twitter:data1\" content=\"Arquimaster\" \/>\n\t<meta name=\"twitter:label2\" content=\"Tiempo de lectura\" \/>\n\t<meta name=\"twitter:data2\" content=\"3 minutos\" \/>\n<script type=\"application\/ld+json\" class=\"yoast-schema-graph\">{\"@context\":\"https:\\\/\\\/schema.org\",\"@graph\":[{\"@type\":\"Article\",\"@id\":\"https:\\\/\\\/www.arquimaster.com.ar\\\/web\\\/casa-emilio-frerz-2547-crbn-carbone-arquitectos\\\/#article\",\"isPartOf\":{\"@id\":\"https:\\\/\\\/www.arquimaster.com.ar\\\/web\\\/casa-emilio-frerz-2547-crbn-carbone-arquitectos\\\/\"},\"author\":{\"name\":\"Arquimaster\",\"@id\":\"https:\\\/\\\/www.arquimaster.com.ar\\\/web\\\/#\\\/schema\\\/person\\\/359e9f7c00193fcde068e0dd2ceb0028\"},\"headline\":\"Casa Emilio Frerz 2547 \\\/ CRBN | Carbone Arquitectos\",\"datePublished\":\"2022-05-13T20:10:31+00:00\",\"dateModified\":\"2026-04-15T19:20:00+00:00\",\"mainEntityOfPage\":{\"@id\":\"https:\\\/\\\/www.arquimaster.com.ar\\\/web\\\/casa-emilio-frerz-2547-crbn-carbone-arquitectos\\\/\"},\"wordCount\":509,\"publisher\":{\"@id\":\"https:\\\/\\\/www.arquimaster.com.ar\\\/web\\\/#organization\"},\"image\":{\"@id\":\"https:\\\/\\\/www.arquimaster.com.ar\\\/web\\\/casa-emilio-frerz-2547-crbn-carbone-arquitectos\\\/#primaryimage\"},\"thumbnailUrl\":\"https:\\\/\\\/www.arquimaster.com.ar\\\/web\\\/wp-content\\\/uploads\\\/2022\\\/05\\\/casa_leloir_slide.jpg\",\"keywords\":[\"Argentina\",\"Buenos Aires\",\"Carbone Arquitectos\",\"CRBN | Carbone Arquitectos\",\"Elizabeth Kessler\",\"Franco Carbone\",\"hormig\u00f3n a la vista\",\"hormig\u00f3n visto\",\"Ignacio Germano\",\"Leandro Furfori\",\"Marcelo Juan Carbone\",\"Maria Cecilia Perea\",\"Parque Leloir\",\"vivienda unifamiliar\"],\"articleSection\":[\"Proyecto\",\"Vivienda unifamiliar y PH\"],\"inLanguage\":\"es\"},{\"@type\":\"WebPage\",\"@id\":\"https:\\\/\\\/www.arquimaster.com.ar\\\/web\\\/casa-emilio-frerz-2547-crbn-carbone-arquitectos\\\/\",\"url\":\"https:\\\/\\\/www.arquimaster.com.ar\\\/web\\\/casa-emilio-frerz-2547-crbn-carbone-arquitectos\\\/\",\"name\":\"Casa Emilio Frerz 2547 \\\/ CRBN | Carbone Arquitectos - Arquimaster\",\"isPartOf\":{\"@id\":\"https:\\\/\\\/www.arquimaster.com.ar\\\/web\\\/#website\"},\"primaryImageOfPage\":{\"@id\":\"https:\\\/\\\/www.arquimaster.com.ar\\\/web\\\/casa-emilio-frerz-2547-crbn-carbone-arquitectos\\\/#primaryimage\"},\"image\":{\"@id\":\"https:\\\/\\\/www.arquimaster.com.ar\\\/web\\\/casa-emilio-frerz-2547-crbn-carbone-arquitectos\\\/#primaryimage\"},\"thumbnailUrl\":\"https:\\\/\\\/www.arquimaster.com.ar\\\/web\\\/wp-content\\\/uploads\\\/2022\\\/05\\\/casa_leloir_slide.jpg\",\"datePublished\":\"2022-05-13T20:10:31+00:00\",\"dateModified\":\"2026-04-15T19:20:00+00:00\",\"description\":\"Pensamos la casa con la intenci\u00f3n de lograr una inmersi\u00f3n integral en el entorno natural perdiendo de alg\u00fan modo los l\u00edmites formales entre lo material y lo natural.\",\"breadcrumb\":{\"@id\":\"https:\\\/\\\/www.arquimaster.com.ar\\\/web\\\/casa-emilio-frerz-2547-crbn-carbone-arquitectos\\\/#breadcrumb\"},\"inLanguage\":\"es\",\"potentialAction\":[{\"@type\":\"ReadAction\",\"target\":[\"https:\\\/\\\/www.arquimaster.com.ar\\\/web\\\/casa-emilio-frerz-2547-crbn-carbone-arquitectos\\\/\"]}]},{\"@type\":\"ImageObject\",\"inLanguage\":\"es\",\"@id\":\"https:\\\/\\\/www.arquimaster.com.ar\\\/web\\\/casa-emilio-frerz-2547-crbn-carbone-arquitectos\\\/#primaryimage\",\"url\":\"https:\\\/\\\/www.arquimaster.com.ar\\\/web\\\/wp-content\\\/uploads\\\/2022\\\/05\\\/casa_leloir_slide.jpg\",\"contentUrl\":\"https:\\\/\\\/www.arquimaster.com.ar\\\/web\\\/wp-content\\\/uploads\\\/2022\\\/05\\\/casa_leloir_slide.jpg\",\"width\":698,\"height\":364,\"caption\":\"Casa Emilio Frerz 2547 \\\/ CRBN | Carbone Arquitectos\"},{\"@type\":\"BreadcrumbList\",\"@id\":\"https:\\\/\\\/www.arquimaster.com.ar\\\/web\\\/casa-emilio-frerz-2547-crbn-carbone-arquitectos\\\/#breadcrumb\",\"itemListElement\":[{\"@type\":\"ListItem\",\"position\":1,\"name\":\"Portada\",\"item\":\"https:\\\/\\\/www.arquimaster.com.ar\\\/web\\\/\"},{\"@type\":\"ListItem\",\"position\":2,\"name\":\"Casa Emilio Frerz 2547 \\\/ CRBN | Carbone Arquitectos\"}]},{\"@type\":\"WebSite\",\"@id\":\"https:\\\/\\\/www.arquimaster.com.ar\\\/web\\\/#website\",\"url\":\"https:\\\/\\\/www.arquimaster.com.ar\\\/web\\\/\",\"name\":\"Arquimaster\",\"description\":\"Web de arquitectura, dise\u00f1o y construccion\",\"publisher\":{\"@id\":\"https:\\\/\\\/www.arquimaster.com.ar\\\/web\\\/#organization\"},\"potentialAction\":[{\"@type\":\"SearchAction\",\"target\":{\"@type\":\"EntryPoint\",\"urlTemplate\":\"https:\\\/\\\/www.arquimaster.com.ar\\\/web\\\/?s={search_term_string}\"},\"query-input\":{\"@type\":\"PropertyValueSpecification\",\"valueRequired\":true,\"valueName\":\"search_term_string\"}}],\"inLanguage\":\"es\"},{\"@type\":\"Organization\",\"@id\":\"https:\\\/\\\/www.arquimaster.com.ar\\\/web\\\/#organization\",\"name\":\"Arquimaster\",\"url\":\"https:\\\/\\\/www.arquimaster.com.ar\\\/web\\\/\",\"logo\":{\"@type\":\"ImageObject\",\"inLanguage\":\"es\",\"@id\":\"https:\\\/\\\/www.arquimaster.com.ar\\\/web\\\/#\\\/schema\\\/logo\\\/image\\\/\",\"url\":\"https:\\\/\\\/www.arquimaster.com.ar\\\/web\\\/wp-content\\\/uploads\\\/2022\\\/06\\\/arquimaster.png\",\"contentUrl\":\"https:\\\/\\\/www.arquimaster.com.ar\\\/web\\\/wp-content\\\/uploads\\\/2022\\\/06\\\/arquimaster.png\",\"width\":594,\"height\":78,\"caption\":\"Arquimaster\"},\"image\":{\"@id\":\"https:\\\/\\\/www.arquimaster.com.ar\\\/web\\\/#\\\/schema\\\/logo\\\/image\\\/\"},\"sameAs\":[\"http:\\\/\\\/www.facebook.com\\\/ARQUIMASTER.com.ar\",\"https:\\\/\\\/x.com\\\/arquimaster\",\"https:\\\/\\\/www.instagram.com\\\/arquimasterblog\\\/\",\"https:\\\/\\\/www.linkedin.com\\\/company\\\/arquimaster\",\"https:\\\/\\\/www.pinterest.com\\\/arquimaster\",\"https:\\\/\\\/t.me\\\/arquimaster\"]},{\"@type\":\"Person\",\"@id\":\"https:\\\/\\\/www.arquimaster.com.ar\\\/web\\\/#\\\/schema\\\/person\\\/359e9f7c00193fcde068e0dd2ceb0028\",\"name\":\"Arquimaster\"}]}<\/script>\n<!-- \/ Yoast SEO plugin. -->","yoast_head_json":{"title":"Casa Emilio Frerz 2547 \/ CRBN | Carbone Arquitectos - Arquimaster","description":"Pensamos la casa con la intenci\u00f3n de lograr una inmersi\u00f3n integral en el entorno natural perdiendo de alg\u00fan modo los l\u00edmites formales entre lo material y lo natural.","robots":{"index":"index","follow":"follow","max-snippet":"max-snippet:-1","max-image-preview":"max-image-preview:large","max-video-preview":"max-video-preview:-1"},"canonical":"https:\/\/www.arquimaster.com.ar\/web\/casa-emilio-frerz-2547-crbn-carbone-arquitectos\/","og_locale":"es_ES","og_type":"article","og_title":"Casa Emilio Frerz 2547 \/ CRBN | Carbone Arquitectos","og_description":"Pensamos la casa con la intenci\u00f3n de lograr una inmersi\u00f3n integral en el entorno natural perdiendo de alg\u00fan modo los l\u00edmites formales entre lo material y lo natural.","og_url":"https:\/\/www.arquimaster.com.ar\/web\/casa-emilio-frerz-2547-crbn-carbone-arquitectos\/","og_site_name":"Arquimaster","article_publisher":"http:\/\/www.facebook.com\/ARQUIMASTER.com.ar","article_published_time":"2022-05-13T20:10:31+00:00","article_modified_time":"2026-04-15T19:20:00+00:00","og_image":[{"width":698,"height":364,"url":"https:\/\/www.arquimaster.com.ar\/web\/wp-content\/uploads\/2022\/05\/casa_leloir_slide.jpg","type":"image\/jpeg"}],"author":"Arquimaster","twitter_card":"summary_large_image","twitter_title":"Casa Emilio Frerz 2547 \/ CRBN | Carbone Arquitectos","twitter_description":"Pensamos la casa con la intenci\u00f3n de lograr una inmersi\u00f3n integral en el entorno natural perdiendo de alg\u00fan modo los l\u00edmites formales entre lo material y lo natural.","twitter_image":"https:\/\/www.arquimaster.com.ar\/web\/wp-content\/uploads\/2022\/05\/casa_leloir_slide.jpg","twitter_creator":"@arquimaster","twitter_site":"@arquimaster","twitter_misc":{"Escrito por":"Arquimaster","Tiempo de lectura":"3 minutos"},"schema":{"@context":"https:\/\/schema.org","@graph":[{"@type":"Article","@id":"https:\/\/www.arquimaster.com.ar\/web\/casa-emilio-frerz-2547-crbn-carbone-arquitectos\/#article","isPartOf":{"@id":"https:\/\/www.arquimaster.com.ar\/web\/casa-emilio-frerz-2547-crbn-carbone-arquitectos\/"},"author":{"name":"Arquimaster","@id":"https:\/\/www.arquimaster.com.ar\/web\/#\/schema\/person\/359e9f7c00193fcde068e0dd2ceb0028"},"headline":"Casa Emilio Frerz 2547 \/ CRBN | Carbone Arquitectos","datePublished":"2022-05-13T20:10:31+00:00","dateModified":"2026-04-15T19:20:00+00:00","mainEntityOfPage":{"@id":"https:\/\/www.arquimaster.com.ar\/web\/casa-emilio-frerz-2547-crbn-carbone-arquitectos\/"},"wordCount":509,"publisher":{"@id":"https:\/\/www.arquimaster.com.ar\/web\/#organization"},"image":{"@id":"https:\/\/www.arquimaster.com.ar\/web\/casa-emilio-frerz-2547-crbn-carbone-arquitectos\/#primaryimage"},"thumbnailUrl":"https:\/\/www.arquimaster.com.ar\/web\/wp-content\/uploads\/2022\/05\/casa_leloir_slide.jpg","keywords":["Argentina","Buenos Aires","Carbone Arquitectos","CRBN | Carbone Arquitectos","Elizabeth Kessler","Franco Carbone","hormig\u00f3n a la vista","hormig\u00f3n visto","Ignacio Germano","Leandro Furfori","Marcelo Juan Carbone","Maria Cecilia Perea","Parque Leloir","vivienda unifamiliar"],"articleSection":["Proyecto","Vivienda unifamiliar y PH"],"inLanguage":"es"},{"@type":"WebPage","@id":"https:\/\/www.arquimaster.com.ar\/web\/casa-emilio-frerz-2547-crbn-carbone-arquitectos\/","url":"https:\/\/www.arquimaster.com.ar\/web\/casa-emilio-frerz-2547-crbn-carbone-arquitectos\/","name":"Casa Emilio Frerz 2547 \/ CRBN | Carbone Arquitectos - Arquimaster","isPartOf":{"@id":"https:\/\/www.arquimaster.com.ar\/web\/#website"},"primaryImageOfPage":{"@id":"https:\/\/www.arquimaster.com.ar\/web\/casa-emilio-frerz-2547-crbn-carbone-arquitectos\/#primaryimage"},"image":{"@id":"https:\/\/www.arquimaster.com.ar\/web\/casa-emilio-frerz-2547-crbn-carbone-arquitectos\/#primaryimage"},"thumbnailUrl":"https:\/\/www.arquimaster.com.ar\/web\/wp-content\/uploads\/2022\/05\/casa_leloir_slide.jpg","datePublished":"2022-05-13T20:10:31+00:00","dateModified":"2026-04-15T19:20:00+00:00","description":"Pensamos la casa con la intenci\u00f3n de lograr una inmersi\u00f3n integral en el entorno natural perdiendo de alg\u00fan modo los l\u00edmites formales entre lo material y lo natural.","breadcrumb":{"@id":"https:\/\/www.arquimaster.com.ar\/web\/casa-emilio-frerz-2547-crbn-carbone-arquitectos\/#breadcrumb"},"inLanguage":"es","potentialAction":[{"@type":"ReadAction","target":["https:\/\/www.arquimaster.com.ar\/web\/casa-emilio-frerz-2547-crbn-carbone-arquitectos\/"]}]},{"@type":"ImageObject","inLanguage":"es","@id":"https:\/\/www.arquimaster.com.ar\/web\/casa-emilio-frerz-2547-crbn-carbone-arquitectos\/#primaryimage","url":"https:\/\/www.arquimaster.com.ar\/web\/wp-content\/uploads\/2022\/05\/casa_leloir_slide.jpg","contentUrl":"https:\/\/www.arquimaster.com.ar\/web\/wp-content\/uploads\/2022\/05\/casa_leloir_slide.jpg","width":698,"height":364,"caption":"Casa Emilio Frerz 2547 \/ CRBN | Carbone Arquitectos"},{"@type":"BreadcrumbList","@id":"https:\/\/www.arquimaster.com.ar\/web\/casa-emilio-frerz-2547-crbn-carbone-arquitectos\/#breadcrumb","itemListElement":[{"@type":"ListItem","position":1,"name":"Portada","item":"https:\/\/www.arquimaster.com.ar\/web\/"},{"@type":"ListItem","position":2,"name":"Casa Emilio Frerz 2547 \/ CRBN | Carbone Arquitectos"}]},{"@type":"WebSite","@id":"https:\/\/www.arquimaster.com.ar\/web\/#website","url":"https:\/\/www.arquimaster.com.ar\/web\/","name":"Arquimaster","description":"Web de arquitectura, dise\u00f1o y construccion","publisher":{"@id":"https:\/\/www.arquimaster.com.ar\/web\/#organization"},"potentialAction":[{"@type":"SearchAction","target":{"@type":"EntryPoint","urlTemplate":"https:\/\/www.arquimaster.com.ar\/web\/?s={search_term_string}"},"query-input":{"@type":"PropertyValueSpecification","valueRequired":true,"valueName":"search_term_string"}}],"inLanguage":"es"},{"@type":"Organization","@id":"https:\/\/www.arquimaster.com.ar\/web\/#organization","name":"Arquimaster","url":"https:\/\/www.arquimaster.com.ar\/web\/","logo":{"@type":"ImageObject","inLanguage":"es","@id":"https:\/\/www.arquimaster.com.ar\/web\/#\/schema\/logo\/image\/","url":"https:\/\/www.arquimaster.com.ar\/web\/wp-content\/uploads\/2022\/06\/arquimaster.png","contentUrl":"https:\/\/www.arquimaster.com.ar\/web\/wp-content\/uploads\/2022\/06\/arquimaster.png","width":594,"height":78,"caption":"Arquimaster"},"image":{"@id":"https:\/\/www.arquimaster.com.ar\/web\/#\/schema\/logo\/image\/"},"sameAs":["http:\/\/www.facebook.com\/ARQUIMASTER.com.ar","https:\/\/x.com\/arquimaster","https:\/\/www.instagram.com\/arquimasterblog\/","https:\/\/www.linkedin.com\/company\/arquimaster","https:\/\/www.pinterest.com\/arquimaster","https:\/\/t.me\/arquimaster"]},{"@type":"Person","@id":"https:\/\/www.arquimaster.com.ar\/web\/#\/schema\/person\/359e9f7c00193fcde068e0dd2ceb0028","name":"Arquimaster"}]}},"uagb_featured_image_src":{"full":["https:\/\/www.arquimaster.com.ar\/web\/wp-content\/uploads\/2022\/05\/casa_leloir_slide.jpg",698,364,false],"thumbnail":["https:\/\/www.arquimaster.com.ar\/web\/wp-content\/uploads\/2022\/05\/casa_leloir_slide-150x150.jpg",150,150,true],"medium":["https:\/\/www.arquimaster.com.ar\/web\/wp-content\/uploads\/2022\/05\/casa_leloir_slide.jpg",698,364,false],"medium_large":["https:\/\/www.arquimaster.com.ar\/web\/wp-content\/uploads\/2022\/05\/casa_leloir_slide.jpg",698,364,false],"large":["https:\/\/www.arquimaster.com.ar\/web\/wp-content\/uploads\/2022\/05\/casa_leloir_slide.jpg",698,364,false],"1536x1536":["https:\/\/www.arquimaster.com.ar\/web\/wp-content\/uploads\/2022\/05\/casa_leloir_slide.jpg",698,364,false],"2048x2048":["https:\/\/www.arquimaster.com.ar\/web\/wp-content\/uploads\/2022\/05\/casa_leloir_slide.jpg",698,364,false]},"uagb_author_info":{"display_name":"Arquimaster","author_link":"https:\/\/www.arquimaster.com.ar\/web\/author\/arquimaster\/"},"uagb_comment_info":0,"uagb_excerpt":"Una doble altura articula los espacios comunes de forma din\u00e1mica...","_links":{"self":[{"href":"https:\/\/www.arquimaster.com.ar\/web\/wp-json\/wp\/v2\/posts\/70285","targetHints":{"allow":["GET"]}}],"collection":[{"href":"https:\/\/www.arquimaster.com.ar\/web\/wp-json\/wp\/v2\/posts"}],"about":[{"href":"https:\/\/www.arquimaster.com.ar\/web\/wp-json\/wp\/v2\/types\/post"}],"author":[{"embeddable":true,"href":"https:\/\/www.arquimaster.com.ar\/web\/wp-json\/wp\/v2\/users\/1"}],"replies":[{"embeddable":true,"href":"https:\/\/www.arquimaster.com.ar\/web\/wp-json\/wp\/v2\/comments?post=70285"}],"version-history":[{"count":2,"href":"https:\/\/www.arquimaster.com.ar\/web\/wp-json\/wp\/v2\/posts\/70285\/revisions"}],"predecessor-version":[{"id":88451,"href":"https:\/\/www.arquimaster.com.ar\/web\/wp-json\/wp\/v2\/posts\/70285\/revisions\/88451"}],"wp:featuredmedia":[{"embeddable":true,"href":"https:\/\/www.arquimaster.com.ar\/web\/wp-json\/wp\/v2\/media\/70286"}],"wp:attachment":[{"href":"https:\/\/www.arquimaster.com.ar\/web\/wp-json\/wp\/v2\/media?parent=70285"}],"wp:term":[{"taxonomy":"category","embeddable":true,"href":"https:\/\/www.arquimaster.com.ar\/web\/wp-json\/wp\/v2\/categories?post=70285"},{"taxonomy":"post_tag","embeddable":true,"href":"https:\/\/www.arquimaster.com.ar\/web\/wp-json\/wp\/v2\/tags?post=70285"}],"curies":[{"name":"wp","href":"https:\/\/api.w.org\/{rel}","templated":true}]}}