{"id":70335,"date":"2022-05-13T17:24:01","date_gmt":"2022-05-13T20:24:01","guid":{"rendered":"https:\/\/www.arquimaster.com.ar\/web\/?p=70335"},"modified":"2022-10-28T14:07:55","modified_gmt":"2022-10-28T17:07:55","slug":"apartamentos-en-el-passeig-del-remei-sau-taller-darquitectura","status":"publish","type":"post","link":"https:\/\/www.arquimaster.com.ar\/web\/apartamentos-en-el-passeig-del-remei-sau-taller-darquitectura\/","title":{"rendered":"Apartamentos en el Passeig del Remei \/ Sau Taller d&#8217;Arquitectura"},"content":{"rendered":"<div style=\"margin-top: 0px; margin-bottom: 0px;\" class=\"sharethis-inline-share-buttons\" ><\/div><div class=\"b812932af2e751442846f039925109de\" data-index=\"1\" style=\"float: none; margin:25px 0 25px 0; text-align:center;\">\n<script async src=\"https:\/\/pagead2.googlesyndication.com\/pagead\/js\/adsbygoogle.js\"><\/script>\r\n<!-- Arquimaster (superior) -->\r\n<ins class=\"adsbygoogle\"\r\n     style=\"display:block\"\r\n     data-ad-client=\"ca-pub-6351072698456832\"\r\n     data-ad-slot=\"6455489680\"\r\n     data-ad-format=\"auto\"\r\n     data-full-width-responsive=\"true\"><\/ins>\r\n<script>\r\n     (adsbygoogle = window.adsbygoogle || []).push({});\r\n<\/script>\n<\/div>\n<p><strong>Apartamentos en el Passeig del Remei<\/strong> (Caldes de Montbui, Barcelona, Espa\u00f1a) por <strong>Sau Taller d&#8217;Arquitectura<\/strong>. Lara y Nani nos plantean el reto de consolidar y ampliar una vivienda entre medianeras de principios del siglo XX en el paseo del Remei de Caldes de Montbui. La casa contaba con 3 fachadas. Una en la calle y a levante, de car\u00e1cter claramente representativo, con grandes ventanales y columnas y con una clara simetr\u00eda cl\u00e1sica; una segunda fachada en el patio posterior y a poniente, con ventanales de car\u00e1cter m\u00e1s funcional, que dan luz y ventilaci\u00f3n a los espacios posteriores, renunciando a la representatividad propia de una fachada a la calle; y finalmente, una tercera, a sur. La estrategia consist\u00eda en separarse del vecino creando un patio de acceso que adem\u00e1s garantiza soleamiento durante todas las horas del d\u00eda.<\/p>\n<div id='gallery-1' class='gallery galleryid-70335 gallery-columns-3 gallery-size-thumbnail'><figure class='gallery-item'>\n\t\t\t<div class='gallery-icon landscape'>\n\t\t\t\t<a href='https:\/\/www.arquimaster.com.ar\/web\/wp-content\/uploads\/2022\/05\/apartamentos_passeig_del_remei1.jpg' title=\"Apartamentos en el Passeig del Remei \/ Sau Taller d&#039;Arquitectura (\u00a9 Andr\u00e9s Flajszer)\" data-rl_title=\"Apartamentos en el Passeig del Remei \/ Sau Taller d&#039;Arquitectura (\u00a9 Andr\u00e9s Flajszer)\" class=\"rl-gallery-link\" data-rl_caption=\"Apartamentos en el Passeig del Remei \/ Sau Taller d&#039;Arquitectura (\u00a9 Andr\u00e9s Flajszer)\" data-rel=\"lightbox-gallery-1\"><img loading=\"lazy\" decoding=\"async\" width=\"150\" height=\"150\" src=\"https:\/\/www.arquimaster.com.ar\/web\/wp-content\/uploads\/2022\/05\/apartamentos_passeig_del_remei1-150x150.jpg\" class=\"attachment-thumbnail size-thumbnail\" alt=\"Apartamentos en el Passeig del Remei \/ Sau Taller d&#039;Arquitectura\" aria-describedby=\"gallery-1-70337\" \/><\/a>\n\t\t\t<\/div>\n\t\t\t\t<figcaption class='wp-caption-text gallery-caption' id='gallery-1-70337'>\n\t\t\t\tApartamentos en el Passeig del Remei \/ Sau Taller d&#8217;Arquitectura (\u00a9 Andr\u00e9s Flajszer)\n\t\t\t\t<\/figcaption><\/figure><figure class='gallery-item'>\n\t\t\t<div class='gallery-icon portrait'>\n\t\t\t\t<a href='https:\/\/www.arquimaster.com.ar\/web\/wp-content\/uploads\/2022\/05\/apartamentos_passeig_del_remei2.jpg' title=\"Apartamentos en el Passeig del Remei \/ Sau Taller d&#039;Arquitectura (\u00a9 Andr\u00e9s Flajszer)\" data-rl_title=\"Apartamentos en el Passeig del Remei \/ Sau Taller d&#039;Arquitectura (\u00a9 Andr\u00e9s Flajszer)\" class=\"rl-gallery-link\" data-rl_caption=\"Apartamentos en el Passeig del Remei \/ Sau Taller d&#039;Arquitectura (\u00a9 Andr\u00e9s Flajszer)\" data-rel=\"lightbox-gallery-1\"><img loading=\"lazy\" decoding=\"async\" width=\"150\" height=\"150\" src=\"https:\/\/www.arquimaster.com.ar\/web\/wp-content\/uploads\/2022\/05\/apartamentos_passeig_del_remei2-150x150.jpg\" class=\"attachment-thumbnail size-thumbnail\" alt=\"Apartamentos en el Passeig del Remei \/ Sau Taller d&#039;Arquitectura\" aria-describedby=\"gallery-1-70338\" \/><\/a>\n\t\t\t<\/div>\n\t\t\t\t<figcaption class='wp-caption-text gallery-caption' id='gallery-1-70338'>\n\t\t\t\tApartamentos en el Passeig del Remei \/ Sau Taller d&#8217;Arquitectura (\u00a9 Andr\u00e9s Flajszer)\n\t\t\t\t<\/figcaption><\/figure><figure class='gallery-item'>\n\t\t\t<div class='gallery-icon portrait'>\n\t\t\t\t<a href='https:\/\/www.arquimaster.com.ar\/web\/wp-content\/uploads\/2022\/05\/apartamentos_passeig_del_remei3.jpg' title=\"Apartamentos en el Passeig del Remei \/ Sau Taller d&#039;Arquitectura (\u00a9 Andr\u00e9s Flajszer)\" data-rl_title=\"Apartamentos en el Passeig del Remei \/ Sau Taller d&#039;Arquitectura (\u00a9 Andr\u00e9s Flajszer)\" class=\"rl-gallery-link\" data-rl_caption=\"Apartamentos en el Passeig del Remei \/ Sau Taller d&#039;Arquitectura (\u00a9 Andr\u00e9s Flajszer)\" data-rel=\"lightbox-gallery-1\"><img loading=\"lazy\" decoding=\"async\" width=\"150\" height=\"150\" src=\"https:\/\/www.arquimaster.com.ar\/web\/wp-content\/uploads\/2022\/05\/apartamentos_passeig_del_remei3-150x150.jpg\" class=\"attachment-thumbnail size-thumbnail\" alt=\"Apartamentos en el Passeig del Remei \/ Sau Taller d&#039;Arquitectura\" aria-describedby=\"gallery-1-70339\" \/><\/a>\n\t\t\t<\/div>\n\t\t\t\t<figcaption class='wp-caption-text gallery-caption' id='gallery-1-70339'>\n\t\t\t\tApartamentos en el Passeig del Remei \/ Sau Taller d&#8217;Arquitectura (\u00a9 Andr\u00e9s Flajszer)\n\t\t\t\t<\/figcaption><\/figure><figure class='gallery-item'>\n\t\t\t<div class='gallery-icon portrait'>\n\t\t\t\t<a href='https:\/\/www.arquimaster.com.ar\/web\/wp-content\/uploads\/2022\/05\/apartamentos_passeig_del_remei4.jpg' title=\"Apartamentos en el Passeig del Remei \/ Sau Taller d&#039;Arquitectura (\u00a9 Andr\u00e9s Flajszer)\" data-rl_title=\"Apartamentos en el Passeig del Remei \/ Sau Taller d&#039;Arquitectura (\u00a9 Andr\u00e9s Flajszer)\" class=\"rl-gallery-link\" data-rl_caption=\"Apartamentos en el Passeig del Remei \/ Sau Taller d&#039;Arquitectura (\u00a9 Andr\u00e9s Flajszer)\" data-rel=\"lightbox-gallery-1\"><img loading=\"lazy\" decoding=\"async\" width=\"150\" height=\"150\" src=\"https:\/\/www.arquimaster.com.ar\/web\/wp-content\/uploads\/2022\/05\/apartamentos_passeig_del_remei4-150x150.jpg\" class=\"attachment-thumbnail size-thumbnail\" alt=\"Apartamentos en el Passeig del Remei \/ Sau Taller d&#039;Arquitectura\" aria-describedby=\"gallery-1-70340\" \/><\/a>\n\t\t\t<\/div>\n\t\t\t\t<figcaption class='wp-caption-text gallery-caption' id='gallery-1-70340'>\n\t\t\t\tApartamentos en el Passeig del Remei \/ Sau Taller d&#8217;Arquitectura (\u00a9 Andr\u00e9s Flajszer)\n\t\t\t\t<\/figcaption><\/figure><figure class='gallery-item'>\n\t\t\t<div class='gallery-icon portrait'>\n\t\t\t\t<a href='https:\/\/www.arquimaster.com.ar\/web\/wp-content\/uploads\/2022\/05\/apartamentos_passeig_del_remei5.jpg' title=\"Apartamentos en el Passeig del Remei \/ Sau Taller d&#039;Arquitectura (\u00a9 Andr\u00e9s Flajszer)\" data-rl_title=\"Apartamentos en el Passeig del Remei \/ Sau Taller d&#039;Arquitectura (\u00a9 Andr\u00e9s Flajszer)\" class=\"rl-gallery-link\" data-rl_caption=\"Apartamentos en el Passeig del Remei \/ Sau Taller d&#039;Arquitectura (\u00a9 Andr\u00e9s Flajszer)\" data-rel=\"lightbox-gallery-1\"><img loading=\"lazy\" decoding=\"async\" width=\"150\" height=\"150\" src=\"https:\/\/www.arquimaster.com.ar\/web\/wp-content\/uploads\/2022\/05\/apartamentos_passeig_del_remei5-150x150.jpg\" class=\"attachment-thumbnail size-thumbnail\" alt=\"Apartamentos en el Passeig del Remei \/ Sau Taller d&#039;Arquitectura\" aria-describedby=\"gallery-1-70341\" \/><\/a>\n\t\t\t<\/div>\n\t\t\t\t<figcaption class='wp-caption-text gallery-caption' id='gallery-1-70341'>\n\t\t\t\tApartamentos en el Passeig del Remei \/ Sau Taller d&#8217;Arquitectura (\u00a9 Andr\u00e9s Flajszer)\n\t\t\t\t<\/figcaption><\/figure><figure class='gallery-item'>\n\t\t\t<div class='gallery-icon portrait'>\n\t\t\t\t<a href='https:\/\/www.arquimaster.com.ar\/web\/wp-content\/uploads\/2022\/05\/apartamentos_passeig_del_remei6.jpg' title=\"Apartamentos en el Passeig del Remei \/ Sau Taller d&#039;Arquitectura (\u00a9 Andr\u00e9s Flajszer)\" data-rl_title=\"Apartamentos en el Passeig del Remei \/ Sau Taller d&#039;Arquitectura (\u00a9 Andr\u00e9s Flajszer)\" class=\"rl-gallery-link\" data-rl_caption=\"Apartamentos en el Passeig del Remei \/ Sau Taller d&#039;Arquitectura (\u00a9 Andr\u00e9s Flajszer)\" data-rel=\"lightbox-gallery-1\"><img loading=\"lazy\" decoding=\"async\" width=\"150\" height=\"150\" src=\"https:\/\/www.arquimaster.com.ar\/web\/wp-content\/uploads\/2022\/05\/apartamentos_passeig_del_remei6-150x150.jpg\" class=\"attachment-thumbnail size-thumbnail\" alt=\"Apartamentos en el Passeig del Remei \/ Sau Taller d&#039;Arquitectura\" aria-describedby=\"gallery-1-70342\" \/><\/a>\n\t\t\t<\/div>\n\t\t\t\t<figcaption class='wp-caption-text gallery-caption' id='gallery-1-70342'>\n\t\t\t\tApartamentos en el Passeig del Remei \/ Sau Taller d&#8217;Arquitectura (\u00a9 Andr\u00e9s Flajszer)\n\t\t\t\t<\/figcaption><\/figure><figure class='gallery-item'>\n\t\t\t<div class='gallery-icon landscape'>\n\t\t\t\t<a href='https:\/\/www.arquimaster.com.ar\/web\/wp-content\/uploads\/2022\/05\/apartamentos_passeig_del_remei7.jpg' title=\"Apartamentos en el Passeig del Remei \/ Sau Taller d&#039;Arquitectura (\u00a9 Andr\u00e9s Flajszer)\" data-rl_title=\"Apartamentos en el Passeig del Remei \/ Sau Taller d&#039;Arquitectura (\u00a9 Andr\u00e9s Flajszer)\" class=\"rl-gallery-link\" data-rl_caption=\"Apartamentos en el Passeig del Remei \/ Sau Taller d&#039;Arquitectura (\u00a9 Andr\u00e9s Flajszer)\" data-rel=\"lightbox-gallery-1\"><img loading=\"lazy\" decoding=\"async\" width=\"150\" height=\"150\" src=\"https:\/\/www.arquimaster.com.ar\/web\/wp-content\/uploads\/2022\/05\/apartamentos_passeig_del_remei7-150x150.jpg\" class=\"attachment-thumbnail size-thumbnail\" alt=\"Apartamentos en el Passeig del Remei \/ Sau Taller d&#039;Arquitectura\" aria-describedby=\"gallery-1-70343\" \/><\/a>\n\t\t\t<\/div>\n\t\t\t\t<figcaption class='wp-caption-text gallery-caption' id='gallery-1-70343'>\n\t\t\t\tApartamentos en el Passeig del Remei \/ Sau Taller d&#8217;Arquitectura (\u00a9 Andr\u00e9s Flajszer)\n\t\t\t\t<\/figcaption><\/figure><figure class='gallery-item'>\n\t\t\t<div class='gallery-icon landscape'>\n\t\t\t\t<a href='https:\/\/www.arquimaster.com.ar\/web\/wp-content\/uploads\/2022\/05\/apartamentos_passeig_del_remei8.jpg' title=\"Apartamentos en el Passeig del Remei \/ Sau Taller d&#039;Arquitectura (\u00a9 Andr\u00e9s Flajszer)\" data-rl_title=\"Apartamentos en el Passeig del Remei \/ Sau Taller d&#039;Arquitectura (\u00a9 Andr\u00e9s Flajszer)\" class=\"rl-gallery-link\" data-rl_caption=\"Apartamentos en el Passeig del Remei \/ Sau Taller d&#039;Arquitectura (\u00a9 Andr\u00e9s Flajszer)\" data-rel=\"lightbox-gallery-1\"><img loading=\"lazy\" decoding=\"async\" width=\"150\" height=\"150\" src=\"https:\/\/www.arquimaster.com.ar\/web\/wp-content\/uploads\/2022\/05\/apartamentos_passeig_del_remei8-150x150.jpg\" class=\"attachment-thumbnail size-thumbnail\" alt=\"Apartamentos en el Passeig del Remei \/ Sau Taller d&#039;Arquitectura\" aria-describedby=\"gallery-1-70344\" \/><\/a>\n\t\t\t<\/div>\n\t\t\t\t<figcaption class='wp-caption-text gallery-caption' id='gallery-1-70344'>\n\t\t\t\tApartamentos en el Passeig del Remei \/ Sau Taller d&#8217;Arquitectura (\u00a9 Andr\u00e9s Flajszer)\n\t\t\t\t<\/figcaption><\/figure><figure class='gallery-item'>\n\t\t\t<div class='gallery-icon portrait'>\n\t\t\t\t<a href='https:\/\/www.arquimaster.com.ar\/web\/wp-content\/uploads\/2022\/05\/apartamentos_passeig_del_remei9.jpg' title=\"Apartamentos en el Passeig del Remei \/ Sau Taller d&#039;Arquitectura (\u00a9 Andr\u00e9s Flajszer)\" data-rl_title=\"Apartamentos en el Passeig del Remei \/ Sau Taller d&#039;Arquitectura (\u00a9 Andr\u00e9s Flajszer)\" class=\"rl-gallery-link\" data-rl_caption=\"Apartamentos en el Passeig del Remei \/ Sau Taller d&#039;Arquitectura (\u00a9 Andr\u00e9s Flajszer)\" data-rel=\"lightbox-gallery-1\"><img loading=\"lazy\" decoding=\"async\" width=\"150\" height=\"150\" src=\"https:\/\/www.arquimaster.com.ar\/web\/wp-content\/uploads\/2022\/05\/apartamentos_passeig_del_remei9-150x150.jpg\" class=\"attachment-thumbnail size-thumbnail\" alt=\"Apartamentos en el Passeig del Remei \/ Sau Taller d&#039;Arquitectura\" aria-describedby=\"gallery-1-70345\" \/><\/a>\n\t\t\t<\/div>\n\t\t\t\t<figcaption class='wp-caption-text gallery-caption' id='gallery-1-70345'>\n\t\t\t\tApartamentos en el Passeig del Remei \/ Sau Taller d&#8217;Arquitectura (\u00a9 Andr\u00e9s Flajszer)\n\t\t\t\t<\/figcaption><\/figure><figure class='gallery-item'>\n\t\t\t<div class='gallery-icon landscape'>\n\t\t\t\t<a href='https:\/\/www.arquimaster.com.ar\/web\/wp-content\/uploads\/2022\/05\/apartamentos_passeig_del_remei10.jpg' title=\"Apartamentos en el Passeig del Remei \/ Sau Taller d&#039;Arquitectura (emplazamiento)\" data-rl_title=\"Apartamentos en el Passeig del Remei \/ Sau Taller d&#039;Arquitectura (emplazamiento)\" class=\"rl-gallery-link\" data-rl_caption=\"Apartamentos en el Passeig del Remei \/ Sau Taller d&#039;Arquitectura (emplazamiento)\" data-rel=\"lightbox-gallery-1\"><img loading=\"lazy\" decoding=\"async\" width=\"150\" height=\"150\" src=\"https:\/\/www.arquimaster.com.ar\/web\/wp-content\/uploads\/2022\/05\/apartamentos_passeig_del_remei10-150x150.jpg\" class=\"attachment-thumbnail size-thumbnail\" alt=\"Apartamentos en el Passeig del Remei \/ Sau Taller d&#039;Arquitectura\" aria-describedby=\"gallery-1-70346\" \/><\/a>\n\t\t\t<\/div>\n\t\t\t\t<figcaption class='wp-caption-text gallery-caption' id='gallery-1-70346'>\n\t\t\t\tApartamentos en el Passeig del Remei \/ Sau Taller d&#8217;Arquitectura (emplazamiento)\n\t\t\t\t<\/figcaption><\/figure><figure class='gallery-item'>\n\t\t\t<div class='gallery-icon landscape'>\n\t\t\t\t<a href='https:\/\/www.arquimaster.com.ar\/web\/wp-content\/uploads\/2022\/05\/apartamentos_passeig_del_remei11.jpg' title=\"Apartamentos en el Passeig del Remei \/ Sau Taller d&#039;Arquitectura (emplazamiento)\" data-rl_title=\"Apartamentos en el Passeig del Remei \/ Sau Taller d&#039;Arquitectura (emplazamiento)\" class=\"rl-gallery-link\" data-rl_caption=\"Apartamentos en el Passeig del Remei \/ Sau Taller d&#039;Arquitectura (emplazamiento)\" data-rel=\"lightbox-gallery-1\"><img loading=\"lazy\" decoding=\"async\" width=\"150\" height=\"150\" src=\"https:\/\/www.arquimaster.com.ar\/web\/wp-content\/uploads\/2022\/05\/apartamentos_passeig_del_remei11-150x150.jpg\" class=\"attachment-thumbnail size-thumbnail\" alt=\"Apartamentos en el Passeig del Remei \/ Sau Taller d&#039;Arquitectura\" aria-describedby=\"gallery-1-70347\" \/><\/a>\n\t\t\t<\/div>\n\t\t\t\t<figcaption class='wp-caption-text gallery-caption' id='gallery-1-70347'>\n\t\t\t\tApartamentos en el Passeig del Remei \/ Sau Taller d&#8217;Arquitectura (emplazamiento)\n\t\t\t\t<\/figcaption><\/figure><figure class='gallery-item'>\n\t\t\t<div class='gallery-icon landscape'>\n\t\t\t\t<a href='https:\/\/www.arquimaster.com.ar\/web\/wp-content\/uploads\/2022\/05\/apartamentos_passeig_del_remei12.jpg' title=\"Apartamentos en el Passeig del Remei \/ Sau Taller d&#039;Arquitectura (planta baja)\" data-rl_title=\"Apartamentos en el Passeig del Remei \/ Sau Taller d&#039;Arquitectura (planta baja)\" class=\"rl-gallery-link\" data-rl_caption=\"Apartamentos en el Passeig del Remei \/ Sau Taller d&#039;Arquitectura (planta baja)\" data-rel=\"lightbox-gallery-1\"><img loading=\"lazy\" decoding=\"async\" width=\"150\" height=\"150\" src=\"https:\/\/www.arquimaster.com.ar\/web\/wp-content\/uploads\/2022\/05\/apartamentos_passeig_del_remei12-150x150.jpg\" class=\"attachment-thumbnail size-thumbnail\" alt=\"Apartamentos en el Passeig del Remei \/ Sau Taller d&#039;Arquitectura\" aria-describedby=\"gallery-1-70348\" \/><\/a>\n\t\t\t<\/div>\n\t\t\t\t<figcaption class='wp-caption-text gallery-caption' id='gallery-1-70348'>\n\t\t\t\tApartamentos en el Passeig del Remei \/ Sau Taller d&#8217;Arquitectura (planta baja)\n\t\t\t\t<\/figcaption><\/figure><figure class='gallery-item'>\n\t\t\t<div class='gallery-icon landscape'>\n\t\t\t\t<a href='https:\/\/www.arquimaster.com.ar\/web\/wp-content\/uploads\/2022\/05\/apartamentos_passeig_del_remei16.jpg' title=\"Apartamentos en el Passeig del Remei \/ Sau Taller d&#039;Arquitectura (planta alta)\" data-rl_title=\"Apartamentos en el Passeig del Remei \/ Sau Taller d&#039;Arquitectura (planta alta)\" class=\"rl-gallery-link\" data-rl_caption=\"Apartamentos en el Passeig del Remei \/ Sau Taller d&#039;Arquitectura (planta alta)\" data-rel=\"lightbox-gallery-1\"><img loading=\"lazy\" decoding=\"async\" width=\"150\" height=\"150\" src=\"https:\/\/www.arquimaster.com.ar\/web\/wp-content\/uploads\/2022\/05\/apartamentos_passeig_del_remei16-150x150.jpg\" class=\"attachment-thumbnail size-thumbnail\" alt=\"Apartamentos en el Passeig del Remei \/ Sau Taller d&#039;Arquitectura\" aria-describedby=\"gallery-1-70352\" \/><\/a>\n\t\t\t<\/div>\n\t\t\t\t<figcaption class='wp-caption-text gallery-caption' id='gallery-1-70352'>\n\t\t\t\tApartamentos en el Passeig del Remei \/ Sau Taller d&#8217;Arquitectura (planta alta)\n\t\t\t\t<\/figcaption><\/figure><figure class='gallery-item'>\n\t\t\t<div class='gallery-icon landscape'>\n\t\t\t\t<a href='https:\/\/www.arquimaster.com.ar\/web\/wp-content\/uploads\/2022\/05\/apartamentos_passeig_del_remei13.jpg' title=\"Apartamentos en el Passeig del Remei \/ Sau Taller d&#039;Arquitectura (planta alta A)\" data-rl_title=\"Apartamentos en el Passeig del Remei \/ Sau Taller d&#039;Arquitectura (planta alta A)\" class=\"rl-gallery-link\" data-rl_caption=\"Apartamentos en el Passeig del Remei \/ Sau Taller d&#039;Arquitectura (planta alta A)\" data-rel=\"lightbox-gallery-1\"><img loading=\"lazy\" decoding=\"async\" width=\"150\" height=\"150\" src=\"https:\/\/www.arquimaster.com.ar\/web\/wp-content\/uploads\/2022\/05\/apartamentos_passeig_del_remei13-150x150.jpg\" class=\"attachment-thumbnail size-thumbnail\" alt=\"Apartamentos en el Passeig del Remei \/ Sau Taller d&#039;Arquitectura\" aria-describedby=\"gallery-1-70349\" \/><\/a>\n\t\t\t<\/div>\n\t\t\t\t<figcaption class='wp-caption-text gallery-caption' id='gallery-1-70349'>\n\t\t\t\tApartamentos en el Passeig del Remei \/ Sau Taller d&#8217;Arquitectura (planta alta A)\n\t\t\t\t<\/figcaption><\/figure><figure class='gallery-item'>\n\t\t\t<div class='gallery-icon landscape'>\n\t\t\t\t<a href='https:\/\/www.arquimaster.com.ar\/web\/wp-content\/uploads\/2022\/05\/apartamentos_passeig_del_remei14.jpg' title=\"Apartamentos en el Passeig del Remei \/ Sau Taller d&#039;Arquitectura (planta alta B)\" data-rl_title=\"Apartamentos en el Passeig del Remei \/ Sau Taller d&#039;Arquitectura (planta alta B)\" class=\"rl-gallery-link\" data-rl_caption=\"Apartamentos en el Passeig del Remei \/ Sau Taller d&#039;Arquitectura (planta alta B)\" data-rel=\"lightbox-gallery-1\"><img loading=\"lazy\" decoding=\"async\" width=\"150\" height=\"150\" src=\"https:\/\/www.arquimaster.com.ar\/web\/wp-content\/uploads\/2022\/05\/apartamentos_passeig_del_remei14-150x150.jpg\" class=\"attachment-thumbnail size-thumbnail\" alt=\"Apartamentos en el Passeig del Remei \/ Sau Taller d&#039;Arquitectura\" aria-describedby=\"gallery-1-70350\" \/><\/a>\n\t\t\t<\/div>\n\t\t\t\t<figcaption class='wp-caption-text gallery-caption' id='gallery-1-70350'>\n\t\t\t\tApartamentos en el Passeig del Remei \/ Sau Taller d&#8217;Arquitectura (planta alta B)\n\t\t\t\t<\/figcaption><\/figure><figure class='gallery-item'>\n\t\t\t<div class='gallery-icon landscape'>\n\t\t\t\t<a href='https:\/\/www.arquimaster.com.ar\/web\/wp-content\/uploads\/2022\/05\/apartamentos_passeig_del_remei15.jpg' title=\"Apartamentos en el Passeig del Remei \/ Sau Taller d&#039;Arquitectura (planta alta C)\" data-rl_title=\"Apartamentos en el Passeig del Remei \/ Sau Taller d&#039;Arquitectura (planta alta C)\" class=\"rl-gallery-link\" data-rl_caption=\"Apartamentos en el Passeig del Remei \/ Sau Taller d&#039;Arquitectura (planta alta C)\" data-rel=\"lightbox-gallery-1\"><img loading=\"lazy\" decoding=\"async\" width=\"150\" height=\"150\" src=\"https:\/\/www.arquimaster.com.ar\/web\/wp-content\/uploads\/2022\/05\/apartamentos_passeig_del_remei15-150x150.jpg\" class=\"attachment-thumbnail size-thumbnail\" alt=\"Apartamentos en el Passeig del Remei \/ Sau Taller d&#039;Arquitectura\" aria-describedby=\"gallery-1-70351\" \/><\/a>\n\t\t\t<\/div>\n\t\t\t\t<figcaption class='wp-caption-text gallery-caption' id='gallery-1-70351'>\n\t\t\t\tApartamentos en el Passeig del Remei \/ Sau Taller d&#8217;Arquitectura (planta alta C)\n\t\t\t\t<\/figcaption><\/figure><figure class='gallery-item'>\n\t\t\t<div class='gallery-icon landscape'>\n\t\t\t\t<a href='https:\/\/www.arquimaster.com.ar\/web\/wp-content\/uploads\/2022\/05\/apartamentos_passeig_del_remei17.jpg' title=\"Apartamentos en el Passeig del Remei \/ Sau Taller d&#039;Arquitectura (corte)\" data-rl_title=\"Apartamentos en el Passeig del Remei \/ Sau Taller d&#039;Arquitectura (corte)\" class=\"rl-gallery-link\" data-rl_caption=\"Apartamentos en el Passeig del Remei \/ Sau Taller d&#039;Arquitectura (corte)\" data-rel=\"lightbox-gallery-1\"><img loading=\"lazy\" decoding=\"async\" width=\"150\" height=\"150\" src=\"https:\/\/www.arquimaster.com.ar\/web\/wp-content\/uploads\/2022\/05\/apartamentos_passeig_del_remei17-150x150.jpg\" class=\"attachment-thumbnail size-thumbnail\" alt=\"Apartamentos en el Passeig del Remei \/ Sau Taller d&#039;Arquitectura\" aria-describedby=\"gallery-1-70353\" \/><\/a>\n\t\t\t<\/div>\n\t\t\t\t<figcaption class='wp-caption-text gallery-caption' id='gallery-1-70353'>\n\t\t\t\tApartamentos en el Passeig del Remei \/ Sau Taller d&#8217;Arquitectura (corte)\n\t\t\t\t<\/figcaption><\/figure><figure class='gallery-item'>\n\t\t\t<div class='gallery-icon portrait'>\n\t\t\t\t<a href='https:\/\/www.arquimaster.com.ar\/web\/wp-content\/uploads\/2022\/05\/apartamentos_passeig_del_remei18.jpg' title=\"Apartamentos en el Passeig del Remei \/ Sau Taller d&#039;Arquitectura (axonometr\u00eda)\" data-rl_title=\"Apartamentos en el Passeig del Remei \/ Sau Taller d&#039;Arquitectura (axonometr\u00eda)\" class=\"rl-gallery-link\" data-rl_caption=\"Apartamentos en el Passeig del Remei \/ Sau Taller d&#039;Arquitectura (axonometr\u00eda)\" data-rel=\"lightbox-gallery-1\"><img loading=\"lazy\" decoding=\"async\" width=\"150\" height=\"150\" src=\"https:\/\/www.arquimaster.com.ar\/web\/wp-content\/uploads\/2022\/05\/apartamentos_passeig_del_remei18-150x150.jpg\" class=\"attachment-thumbnail size-thumbnail\" alt=\"Apartamentos en el Passeig del Remei \/ Sau Taller d&#039;Arquitectura\" aria-describedby=\"gallery-1-70354\" \/><\/a>\n\t\t\t<\/div>\n\t\t\t\t<figcaption class='wp-caption-text gallery-caption' id='gallery-1-70354'>\n\t\t\t\tApartamentos en el Passeig del Remei \/ Sau Taller d&#8217;Arquitectura (axonometr\u00eda)\n\t\t\t\t<\/figcaption><\/figure>\n\t\t<\/div>\n\n<p>La superficie total es de 195 m2 repartidos en 135 m2 de vivienda y 60 m2 de patio. La construcci\u00f3n de planta baja y un tragaluz de cubierta se encontraban en relativo buen estado: Paredes de obra cer\u00e1mica maciza y forjados a base de vigueta met\u00e1licas y b\u00f3veda catalana.<\/p>\n<p>El programa que nos plantean es conseguir 4 apartamentos y un local comercial. Entendiendo que la premisa program\u00e1tica supone multiplicar por 3 la superficie inicial y marc\u00e1ndonos como principal objetivo respetar la edificaci\u00f3n existente, se toma la decisi\u00f3n de colocar el local en planta baja y cubriendo el patio existente, dando acceso independiente desde la calle y posibilidad de disfrutar del espacio exterior posterior.<\/p>\n<p>Esto deja las viviendas a la preexistencia aumentando la edificabilidad en una planta. De este modo se aprovecha la orientaci\u00f3n con una vivienda a este y una a oeste en cada planta, se prioriza dejar las fachadas libres por memoria hist\u00f3rica y garantizar m\u00e1ximo soleamiento y ventilaci\u00f3n natural.<\/p>\n<p>En el centro se sit\u00faa un n\u00facleo t\u00e9cnico donde se incluyen todas las instalaciones y servicios, ba\u00f1os y cocinas, accesos y comunicaciones verticales. Se proyecta un espacio servidor y se dejan libres a fachada unos espacios servidos. Los usuarios colonizar\u00e1n los espacios servidos transform\u00e1ndolos en habitaciones, salones de estar, estudios etc. en funci\u00f3n de sus necesidades.<\/p>\n<p>La estrategia tect\u00f3nica tiene mucho que ver con la program\u00e1tica: Conservar el volumen existente consolidando las paredes de obra de f\u00e1brica y reforzando los forjados con una capa de compresi\u00f3n de hormig\u00f3n. El grosor de la obra e instalaciones se concentran en el centro del volumen y la nueva planta se plantea con una estructura de madera liberando la preexistencia de responsabilidades estructurales.<\/p>\n\n\n<div style=\"height:20px\" aria-hidden=\"true\" class=\"wp-block-spacer\"><\/div>\n\n\n\n<p class=\"has-background\" style=\"background-color:#eaeaea\"><strong>Ficha t\u00e9cnica<\/strong><br>Nombre: Apartamentos en el Passeig del Remei<br>Ubicaci\u00f3n: Caldes de Montbui, Barcelona, Espa\u00f1a<br>Oficina de Arquitectura: Sau Taller d&#8217;Arquitectura<br>Tipo de proyecto: 4 apartamentos + local comercial<br>Promotor: Privado<br>Superficie: 195 m2<br>A\u00f1o: 2021<br>Fotograf\u00edas: Andr\u00e9s Flajszer<br><br><strong>Contacto<\/strong><br><a href=\"https:\/\/www.sausl.com\" target=\"_blank\" rel=\"noreferrer noopener\">https:\/\/www.sausl.com<\/a><\/p>\n\n\n\n<div style=\"height:40px\" aria-hidden=\"true\" class=\"wp-block-spacer\"><\/div>\n\n\n<p><strong>Acerca del proyectista<\/strong><br>Sau Taller d&#8217;Arquitectura es un estudio de arquitectura multigeneracional y multidisciplinar<br>nacido en Sant Joan de les Abadesses, Girona, y actualmente establecido tambi\u00e9n en Barcelona y Puigcerd\u00e0.<\/p>\n<p>Nuestra actividad profesional engloba proyectos de planeamiento, paisaje, arquitectura y dise\u00f1o de producto. El objectivo principal es dar una respuesta eficiente a los retos que plantea cada proyecto, haciendo de la funcionalidad y la racionalidad los pilares principales de nuestra pr\u00e1ctica profesional.<\/p>\n<p>La sencillez y la austeridad constructiva son un valor a\u00f1adido de nuestros proyetos. Proyectos comprometidos con el entorno y la tradici\u00f3n, concebidos para hacer m\u00e1s f\u00e1cil la vida de sus usuarios sin renunciar a la capacidad emotiva propia de la arquitectura.<\/p>\n<p>Entendemos el proyecto desde su globalidad. Asumiendo, entonces, aspectos primordiales como el c\u00e1lculo estructural, las instalaciones o el control energ\u00e9tico y clim\u00e1tico de nuestros proyectos y los introducimos desde el inicio del proceso del proyecto.<\/p>\n\n\n<div style=\"height:20px\" aria-hidden=\"true\" class=\"wp-block-spacer\"><\/div>\n\n\n<p><strong><em>English version<\/em><\/strong><\/p>\n<p><strong><em>Appartments in the Passeig del Remei in Caldes de Montbui<\/em><\/strong><\/p>\n<p><em>Lara and Nani challenged us to consolidate and extend a house between party walls from the beginning of the 20th century in Passeig del Remei in Caldes de Montbui. The house had 3 fa\u00e7ades. One on the street and to the east, clearly representative in character, with large windows and columns and with a clear classical symmetry; a second fa\u00e7ade in the rear courtyard and to the west, with more functional windows, which give sunlight and ventilation to the rear spaces, renouncing the representativeness of a fa\u00e7ade facing the street; and finally, a third, to the south. The approach consisted of separating the building from its neighbours by creating an entrance courtyard that also ensures sunlight throughout the day.<\/em><\/p>\n<p><em>The total surface area is 195m2 divided into 135m2 of living space and 60m2 of courtyard. The ground floor construction and a covered skylight were in relatively good state: solid ceramic walls and ceilings based on metal beams and Catalan vault.<\/em><\/p>\n<p><em>The proposed programme is to achieve 4 flats and a commercial premises. Understanding that the programmatic premise means increasing the initial surface area by 3 times and with the main objective of respecting the existing building, the decision was taken to locate the premises on the ground floor and covering the existing patio, giving independent access from the street and the possibility of enjoying the exterior space at the rear.<\/em><\/p>\n<p><em>This leaves the dwellings to the pre-existence, increasing the building area by one floor. In this way the orientation is taken advantage of, with one dwelling facing east and one facing west on each floor. Emphasis is placed on leaving the fa\u00e7ades open for historical memory and ensuring maximum sunlight and natural ventilation.<\/em><\/p>\n<p><em>In the centre is located a technical core where all the facilities and services, bathrooms and kitchens, accesses and vertical communications are included. A server space is planned and some served spaces are left free to the fa\u00e7ade. The users will occupy the served spaces, transforming them into rooms, living rooms, studios, etc. according to their needs.<\/em><\/p>\n<p><em>The tectonic strategy relates to the programmatic strategy: to preserve the existing volume by consolidating the masonry walls and reinforcing the floor slabs with a concrete compression layer. The thickness of the work and installations are concentrated in the centre of the volume and the new floor is planned with a wooden structure, releasing the pre-existence of structural responsibilities.<\/em><\/p>\n<div style=\"font-size: 0px; height: 0px; line-height: 0px; margin: 0; padding: 0; clear: both;\"><\/div><div style=\"margin-top: 0px; margin-bottom: 0px;\" class=\"sharethis-inline-share-buttons\" ><\/div>","protected":false},"excerpt":{"rendered":"<p>Ampliaci\u00f3n de una vivienda entre medianeras de principios del siglo XX&#8230;<\/p>\n","protected":false},"author":1,"featured_media":70336,"comment_status":"closed","ping_status":"closed","sticky":false,"template":"","format":"standard","meta":{"_uag_custom_page_level_css":"","footnotes":""},"categories":[80,1,82],"tags":[5581,679,7419,104,1513,7418,1043,7324,91],"class_list":["post-70335","post","type-post","status-publish","format-standard","has-post-thumbnail","hentry","category-edificio-viviendas","category-proyecto","category-rehabilitaciones","tag-apartamento","tag-barcelona","tag-caldes-de-montbui","tag-espana","tag-local-comercial","tag-passeig-del-remei","tag-reforma-de-vivienda","tag-sau-taller-darquitectura","tag-vivienda-multifamiliar","generate-columns","tablet-grid-50","mobile-grid-100","grid-parent","grid-50"],"yoast_head":"<!-- This site is optimized with the Yoast SEO plugin v27.3 - https:\/\/yoast.com\/product\/yoast-seo-wordpress\/ -->\n<title>Apartamentos en el Passeig del Remei \/ Sau Taller d&#039;Arquitectura - Arquimaster<\/title>\n<meta name=\"description\" content=\"El proyecto plantea el reto de consolidar y ampliar una vivienda entre medianeras de principios del siglo XX.\" \/>\n<meta name=\"robots\" content=\"index, follow, max-snippet:-1, max-image-preview:large, max-video-preview:-1\" \/>\n<link rel=\"canonical\" href=\"https:\/\/www.arquimaster.com.ar\/web\/apartamentos-en-el-passeig-del-remei-sau-taller-darquitectura\/\" \/>\n<meta property=\"og:locale\" content=\"es_ES\" \/>\n<meta property=\"og:type\" content=\"article\" \/>\n<meta property=\"og:title\" content=\"Apartamentos en el Passeig del Remei \/ Sau Taller d&#039;Arquitectura\" \/>\n<meta property=\"og:description\" content=\"El proyecto plantea el reto de consolidar y ampliar una vivienda entre medianeras de principios del siglo XX.\" \/>\n<meta property=\"og:url\" content=\"https:\/\/www.arquimaster.com.ar\/web\/apartamentos-en-el-passeig-del-remei-sau-taller-darquitectura\/\" \/>\n<meta property=\"og:site_name\" content=\"Arquimaster\" \/>\n<meta property=\"article:publisher\" content=\"http:\/\/www.facebook.com\/ARQUIMASTER.com.ar\" \/>\n<meta property=\"article:published_time\" content=\"2022-05-13T20:24:01+00:00\" \/>\n<meta property=\"article:modified_time\" content=\"2022-10-28T17:07:55+00:00\" \/>\n<meta property=\"og:image\" content=\"https:\/\/www.arquimaster.com.ar\/web\/wp-content\/uploads\/2022\/05\/apartamentos_passeig_del_remei_slide.jpg\" \/>\n\t<meta property=\"og:image:width\" content=\"698\" \/>\n\t<meta property=\"og:image:height\" content=\"364\" \/>\n\t<meta property=\"og:image:type\" content=\"image\/jpeg\" \/>\n<meta name=\"author\" content=\"Arquimaster\" \/>\n<meta name=\"twitter:card\" content=\"summary_large_image\" \/>\n<meta name=\"twitter:title\" content=\"Apartamentos en el Passeig del Remei \/ Sau Taller d&#039;Arquitectura\" \/>\n<meta name=\"twitter:description\" content=\"El proyecto plantea el reto de consolidar y ampliar una vivienda entre medianeras de principios del siglo XX.\" \/>\n<meta name=\"twitter:image\" content=\"https:\/\/www.arquimaster.com.ar\/web\/wp-content\/uploads\/2022\/05\/apartamentos_passeig_del_remei_slide.jpg\" \/>\n<meta name=\"twitter:creator\" content=\"@arquimaster\" \/>\n<meta name=\"twitter:site\" content=\"@arquimaster\" \/>\n<meta name=\"twitter:label1\" content=\"Escrito por\" \/>\n\t<meta name=\"twitter:data1\" content=\"Arquimaster\" \/>\n\t<meta name=\"twitter:label2\" content=\"Tiempo de lectura\" \/>\n\t<meta name=\"twitter:data2\" content=\"5 minutos\" \/>\n<script type=\"application\/ld+json\" class=\"yoast-schema-graph\">{\"@context\":\"https:\\\/\\\/schema.org\",\"@graph\":[{\"@type\":\"Article\",\"@id\":\"https:\\\/\\\/www.arquimaster.com.ar\\\/web\\\/apartamentos-en-el-passeig-del-remei-sau-taller-darquitectura\\\/#article\",\"isPartOf\":{\"@id\":\"https:\\\/\\\/www.arquimaster.com.ar\\\/web\\\/apartamentos-en-el-passeig-del-remei-sau-taller-darquitectura\\\/\"},\"author\":{\"name\":\"Arquimaster\",\"@id\":\"https:\\\/\\\/www.arquimaster.com.ar\\\/web\\\/#\\\/schema\\\/person\\\/359e9f7c00193fcde068e0dd2ceb0028\"},\"headline\":\"Apartamentos en el Passeig del Remei \\\/ Sau Taller d&#8217;Arquitectura\",\"datePublished\":\"2022-05-13T20:24:01+00:00\",\"dateModified\":\"2022-10-28T17:07:55+00:00\",\"mainEntityOfPage\":{\"@id\":\"https:\\\/\\\/www.arquimaster.com.ar\\\/web\\\/apartamentos-en-el-passeig-del-remei-sau-taller-darquitectura\\\/\"},\"wordCount\":1072,\"publisher\":{\"@id\":\"https:\\\/\\\/www.arquimaster.com.ar\\\/web\\\/#organization\"},\"image\":{\"@id\":\"https:\\\/\\\/www.arquimaster.com.ar\\\/web\\\/apartamentos-en-el-passeig-del-remei-sau-taller-darquitectura\\\/#primaryimage\"},\"thumbnailUrl\":\"https:\\\/\\\/www.arquimaster.com.ar\\\/web\\\/wp-content\\\/uploads\\\/2022\\\/05\\\/apartamentos_passeig_del_remei_slide.jpg\",\"keywords\":[\"apartamento\",\"Barcelona\",\"Caldes de Montbui\",\"Espa\u00f1a\",\"locales comerciales\",\"Passeig del Remei\",\"reforma de vivienda\",\"Sau Taller d&#039;Arquitectura\",\"vivienda multifamiliar\"],\"articleSection\":[\"Edificios de viviendas\",\"Proyecto\",\"Rehabilitaciones y ampliaciones\"],\"inLanguage\":\"es\"},{\"@type\":\"WebPage\",\"@id\":\"https:\\\/\\\/www.arquimaster.com.ar\\\/web\\\/apartamentos-en-el-passeig-del-remei-sau-taller-darquitectura\\\/\",\"url\":\"https:\\\/\\\/www.arquimaster.com.ar\\\/web\\\/apartamentos-en-el-passeig-del-remei-sau-taller-darquitectura\\\/\",\"name\":\"Apartamentos en el Passeig del Remei \\\/ Sau Taller d'Arquitectura - Arquimaster\",\"isPartOf\":{\"@id\":\"https:\\\/\\\/www.arquimaster.com.ar\\\/web\\\/#website\"},\"primaryImageOfPage\":{\"@id\":\"https:\\\/\\\/www.arquimaster.com.ar\\\/web\\\/apartamentos-en-el-passeig-del-remei-sau-taller-darquitectura\\\/#primaryimage\"},\"image\":{\"@id\":\"https:\\\/\\\/www.arquimaster.com.ar\\\/web\\\/apartamentos-en-el-passeig-del-remei-sau-taller-darquitectura\\\/#primaryimage\"},\"thumbnailUrl\":\"https:\\\/\\\/www.arquimaster.com.ar\\\/web\\\/wp-content\\\/uploads\\\/2022\\\/05\\\/apartamentos_passeig_del_remei_slide.jpg\",\"datePublished\":\"2022-05-13T20:24:01+00:00\",\"dateModified\":\"2022-10-28T17:07:55+00:00\",\"description\":\"El proyecto plantea el reto de consolidar y ampliar una vivienda entre medianeras de principios del siglo XX.\",\"breadcrumb\":{\"@id\":\"https:\\\/\\\/www.arquimaster.com.ar\\\/web\\\/apartamentos-en-el-passeig-del-remei-sau-taller-darquitectura\\\/#breadcrumb\"},\"inLanguage\":\"es\",\"potentialAction\":[{\"@type\":\"ReadAction\",\"target\":[\"https:\\\/\\\/www.arquimaster.com.ar\\\/web\\\/apartamentos-en-el-passeig-del-remei-sau-taller-darquitectura\\\/\"]}]},{\"@type\":\"ImageObject\",\"inLanguage\":\"es\",\"@id\":\"https:\\\/\\\/www.arquimaster.com.ar\\\/web\\\/apartamentos-en-el-passeig-del-remei-sau-taller-darquitectura\\\/#primaryimage\",\"url\":\"https:\\\/\\\/www.arquimaster.com.ar\\\/web\\\/wp-content\\\/uploads\\\/2022\\\/05\\\/apartamentos_passeig_del_remei_slide.jpg\",\"contentUrl\":\"https:\\\/\\\/www.arquimaster.com.ar\\\/web\\\/wp-content\\\/uploads\\\/2022\\\/05\\\/apartamentos_passeig_del_remei_slide.jpg\",\"width\":698,\"height\":364,\"caption\":\"Apartamentos en el Passeig del Remei \\\/ Sau Taller d'Arquitectura\"},{\"@type\":\"BreadcrumbList\",\"@id\":\"https:\\\/\\\/www.arquimaster.com.ar\\\/web\\\/apartamentos-en-el-passeig-del-remei-sau-taller-darquitectura\\\/#breadcrumb\",\"itemListElement\":[{\"@type\":\"ListItem\",\"position\":1,\"name\":\"Portada\",\"item\":\"https:\\\/\\\/www.arquimaster.com.ar\\\/web\\\/\"},{\"@type\":\"ListItem\",\"position\":2,\"name\":\"Apartamentos en el Passeig del Remei \\\/ Sau Taller d&#8217;Arquitectura\"}]},{\"@type\":\"WebSite\",\"@id\":\"https:\\\/\\\/www.arquimaster.com.ar\\\/web\\\/#website\",\"url\":\"https:\\\/\\\/www.arquimaster.com.ar\\\/web\\\/\",\"name\":\"Arquimaster\",\"description\":\"Web de arquitectura, dise\u00f1o y construccion\",\"publisher\":{\"@id\":\"https:\\\/\\\/www.arquimaster.com.ar\\\/web\\\/#organization\"},\"potentialAction\":[{\"@type\":\"SearchAction\",\"target\":{\"@type\":\"EntryPoint\",\"urlTemplate\":\"https:\\\/\\\/www.arquimaster.com.ar\\\/web\\\/?s={search_term_string}\"},\"query-input\":{\"@type\":\"PropertyValueSpecification\",\"valueRequired\":true,\"valueName\":\"search_term_string\"}}],\"inLanguage\":\"es\"},{\"@type\":\"Organization\",\"@id\":\"https:\\\/\\\/www.arquimaster.com.ar\\\/web\\\/#organization\",\"name\":\"Arquimaster\",\"url\":\"https:\\\/\\\/www.arquimaster.com.ar\\\/web\\\/\",\"logo\":{\"@type\":\"ImageObject\",\"inLanguage\":\"es\",\"@id\":\"https:\\\/\\\/www.arquimaster.com.ar\\\/web\\\/#\\\/schema\\\/logo\\\/image\\\/\",\"url\":\"https:\\\/\\\/www.arquimaster.com.ar\\\/web\\\/wp-content\\\/uploads\\\/2022\\\/06\\\/arquimaster.png\",\"contentUrl\":\"https:\\\/\\\/www.arquimaster.com.ar\\\/web\\\/wp-content\\\/uploads\\\/2022\\\/06\\\/arquimaster.png\",\"width\":594,\"height\":78,\"caption\":\"Arquimaster\"},\"image\":{\"@id\":\"https:\\\/\\\/www.arquimaster.com.ar\\\/web\\\/#\\\/schema\\\/logo\\\/image\\\/\"},\"sameAs\":[\"http:\\\/\\\/www.facebook.com\\\/ARQUIMASTER.com.ar\",\"https:\\\/\\\/x.com\\\/arquimaster\",\"https:\\\/\\\/www.instagram.com\\\/arquimasterblog\\\/\",\"https:\\\/\\\/www.linkedin.com\\\/company\\\/arquimaster\",\"https:\\\/\\\/www.pinterest.com\\\/arquimaster\",\"https:\\\/\\\/t.me\\\/arquimaster\"]},{\"@type\":\"Person\",\"@id\":\"https:\\\/\\\/www.arquimaster.com.ar\\\/web\\\/#\\\/schema\\\/person\\\/359e9f7c00193fcde068e0dd2ceb0028\",\"name\":\"Arquimaster\"}]}<\/script>\n<!-- \/ Yoast SEO plugin. -->","yoast_head_json":{"title":"Apartamentos en el Passeig del Remei \/ Sau Taller d'Arquitectura - Arquimaster","description":"El proyecto plantea el reto de consolidar y ampliar una vivienda entre medianeras de principios del siglo XX.","robots":{"index":"index","follow":"follow","max-snippet":"max-snippet:-1","max-image-preview":"max-image-preview:large","max-video-preview":"max-video-preview:-1"},"canonical":"https:\/\/www.arquimaster.com.ar\/web\/apartamentos-en-el-passeig-del-remei-sau-taller-darquitectura\/","og_locale":"es_ES","og_type":"article","og_title":"Apartamentos en el Passeig del Remei \/ Sau Taller d'Arquitectura","og_description":"El proyecto plantea el reto de consolidar y ampliar una vivienda entre medianeras de principios del siglo XX.","og_url":"https:\/\/www.arquimaster.com.ar\/web\/apartamentos-en-el-passeig-del-remei-sau-taller-darquitectura\/","og_site_name":"Arquimaster","article_publisher":"http:\/\/www.facebook.com\/ARQUIMASTER.com.ar","article_published_time":"2022-05-13T20:24:01+00:00","article_modified_time":"2022-10-28T17:07:55+00:00","og_image":[{"width":698,"height":364,"url":"https:\/\/www.arquimaster.com.ar\/web\/wp-content\/uploads\/2022\/05\/apartamentos_passeig_del_remei_slide.jpg","type":"image\/jpeg"}],"author":"Arquimaster","twitter_card":"summary_large_image","twitter_title":"Apartamentos en el Passeig del Remei \/ Sau Taller d'Arquitectura","twitter_description":"El proyecto plantea el reto de consolidar y ampliar una vivienda entre medianeras de principios del siglo XX.","twitter_image":"https:\/\/www.arquimaster.com.ar\/web\/wp-content\/uploads\/2022\/05\/apartamentos_passeig_del_remei_slide.jpg","twitter_creator":"@arquimaster","twitter_site":"@arquimaster","twitter_misc":{"Escrito por":"Arquimaster","Tiempo de lectura":"5 minutos"},"schema":{"@context":"https:\/\/schema.org","@graph":[{"@type":"Article","@id":"https:\/\/www.arquimaster.com.ar\/web\/apartamentos-en-el-passeig-del-remei-sau-taller-darquitectura\/#article","isPartOf":{"@id":"https:\/\/www.arquimaster.com.ar\/web\/apartamentos-en-el-passeig-del-remei-sau-taller-darquitectura\/"},"author":{"name":"Arquimaster","@id":"https:\/\/www.arquimaster.com.ar\/web\/#\/schema\/person\/359e9f7c00193fcde068e0dd2ceb0028"},"headline":"Apartamentos en el Passeig del Remei \/ Sau Taller d&#8217;Arquitectura","datePublished":"2022-05-13T20:24:01+00:00","dateModified":"2022-10-28T17:07:55+00:00","mainEntityOfPage":{"@id":"https:\/\/www.arquimaster.com.ar\/web\/apartamentos-en-el-passeig-del-remei-sau-taller-darquitectura\/"},"wordCount":1072,"publisher":{"@id":"https:\/\/www.arquimaster.com.ar\/web\/#organization"},"image":{"@id":"https:\/\/www.arquimaster.com.ar\/web\/apartamentos-en-el-passeig-del-remei-sau-taller-darquitectura\/#primaryimage"},"thumbnailUrl":"https:\/\/www.arquimaster.com.ar\/web\/wp-content\/uploads\/2022\/05\/apartamentos_passeig_del_remei_slide.jpg","keywords":["apartamento","Barcelona","Caldes de Montbui","Espa\u00f1a","locales comerciales","Passeig del Remei","reforma de vivienda","Sau Taller d&#039;Arquitectura","vivienda multifamiliar"],"articleSection":["Edificios de viviendas","Proyecto","Rehabilitaciones y ampliaciones"],"inLanguage":"es"},{"@type":"WebPage","@id":"https:\/\/www.arquimaster.com.ar\/web\/apartamentos-en-el-passeig-del-remei-sau-taller-darquitectura\/","url":"https:\/\/www.arquimaster.com.ar\/web\/apartamentos-en-el-passeig-del-remei-sau-taller-darquitectura\/","name":"Apartamentos en el Passeig del Remei \/ Sau Taller d'Arquitectura - Arquimaster","isPartOf":{"@id":"https:\/\/www.arquimaster.com.ar\/web\/#website"},"primaryImageOfPage":{"@id":"https:\/\/www.arquimaster.com.ar\/web\/apartamentos-en-el-passeig-del-remei-sau-taller-darquitectura\/#primaryimage"},"image":{"@id":"https:\/\/www.arquimaster.com.ar\/web\/apartamentos-en-el-passeig-del-remei-sau-taller-darquitectura\/#primaryimage"},"thumbnailUrl":"https:\/\/www.arquimaster.com.ar\/web\/wp-content\/uploads\/2022\/05\/apartamentos_passeig_del_remei_slide.jpg","datePublished":"2022-05-13T20:24:01+00:00","dateModified":"2022-10-28T17:07:55+00:00","description":"El proyecto plantea el reto de consolidar y ampliar una vivienda entre medianeras de principios del siglo XX.","breadcrumb":{"@id":"https:\/\/www.arquimaster.com.ar\/web\/apartamentos-en-el-passeig-del-remei-sau-taller-darquitectura\/#breadcrumb"},"inLanguage":"es","potentialAction":[{"@type":"ReadAction","target":["https:\/\/www.arquimaster.com.ar\/web\/apartamentos-en-el-passeig-del-remei-sau-taller-darquitectura\/"]}]},{"@type":"ImageObject","inLanguage":"es","@id":"https:\/\/www.arquimaster.com.ar\/web\/apartamentos-en-el-passeig-del-remei-sau-taller-darquitectura\/#primaryimage","url":"https:\/\/www.arquimaster.com.ar\/web\/wp-content\/uploads\/2022\/05\/apartamentos_passeig_del_remei_slide.jpg","contentUrl":"https:\/\/www.arquimaster.com.ar\/web\/wp-content\/uploads\/2022\/05\/apartamentos_passeig_del_remei_slide.jpg","width":698,"height":364,"caption":"Apartamentos en el Passeig del Remei \/ Sau Taller d'Arquitectura"},{"@type":"BreadcrumbList","@id":"https:\/\/www.arquimaster.com.ar\/web\/apartamentos-en-el-passeig-del-remei-sau-taller-darquitectura\/#breadcrumb","itemListElement":[{"@type":"ListItem","position":1,"name":"Portada","item":"https:\/\/www.arquimaster.com.ar\/web\/"},{"@type":"ListItem","position":2,"name":"Apartamentos en el Passeig del Remei \/ Sau Taller d&#8217;Arquitectura"}]},{"@type":"WebSite","@id":"https:\/\/www.arquimaster.com.ar\/web\/#website","url":"https:\/\/www.arquimaster.com.ar\/web\/","name":"Arquimaster","description":"Web de arquitectura, dise\u00f1o y construccion","publisher":{"@id":"https:\/\/www.arquimaster.com.ar\/web\/#organization"},"potentialAction":[{"@type":"SearchAction","target":{"@type":"EntryPoint","urlTemplate":"https:\/\/www.arquimaster.com.ar\/web\/?s={search_term_string}"},"query-input":{"@type":"PropertyValueSpecification","valueRequired":true,"valueName":"search_term_string"}}],"inLanguage":"es"},{"@type":"Organization","@id":"https:\/\/www.arquimaster.com.ar\/web\/#organization","name":"Arquimaster","url":"https:\/\/www.arquimaster.com.ar\/web\/","logo":{"@type":"ImageObject","inLanguage":"es","@id":"https:\/\/www.arquimaster.com.ar\/web\/#\/schema\/logo\/image\/","url":"https:\/\/www.arquimaster.com.ar\/web\/wp-content\/uploads\/2022\/06\/arquimaster.png","contentUrl":"https:\/\/www.arquimaster.com.ar\/web\/wp-content\/uploads\/2022\/06\/arquimaster.png","width":594,"height":78,"caption":"Arquimaster"},"image":{"@id":"https:\/\/www.arquimaster.com.ar\/web\/#\/schema\/logo\/image\/"},"sameAs":["http:\/\/www.facebook.com\/ARQUIMASTER.com.ar","https:\/\/x.com\/arquimaster","https:\/\/www.instagram.com\/arquimasterblog\/","https:\/\/www.linkedin.com\/company\/arquimaster","https:\/\/www.pinterest.com\/arquimaster","https:\/\/t.me\/arquimaster"]},{"@type":"Person","@id":"https:\/\/www.arquimaster.com.ar\/web\/#\/schema\/person\/359e9f7c00193fcde068e0dd2ceb0028","name":"Arquimaster"}]}},"uagb_featured_image_src":{"full":["https:\/\/www.arquimaster.com.ar\/web\/wp-content\/uploads\/2022\/05\/apartamentos_passeig_del_remei_slide.jpg",698,364,false],"thumbnail":["https:\/\/www.arquimaster.com.ar\/web\/wp-content\/uploads\/2022\/05\/apartamentos_passeig_del_remei_slide-150x150.jpg",150,150,true],"medium":["https:\/\/www.arquimaster.com.ar\/web\/wp-content\/uploads\/2022\/05\/apartamentos_passeig_del_remei_slide.jpg",698,364,false],"medium_large":["https:\/\/www.arquimaster.com.ar\/web\/wp-content\/uploads\/2022\/05\/apartamentos_passeig_del_remei_slide.jpg",698,364,false],"large":["https:\/\/www.arquimaster.com.ar\/web\/wp-content\/uploads\/2022\/05\/apartamentos_passeig_del_remei_slide.jpg",698,364,false],"1536x1536":["https:\/\/www.arquimaster.com.ar\/web\/wp-content\/uploads\/2022\/05\/apartamentos_passeig_del_remei_slide.jpg",698,364,false],"2048x2048":["https:\/\/www.arquimaster.com.ar\/web\/wp-content\/uploads\/2022\/05\/apartamentos_passeig_del_remei_slide.jpg",698,364,false]},"uagb_author_info":{"display_name":"Arquimaster","author_link":"https:\/\/www.arquimaster.com.ar\/web\/author\/arquimaster\/"},"uagb_comment_info":0,"uagb_excerpt":"Ampliaci\u00f3n de una vivienda entre medianeras de principios del siglo XX...","_links":{"self":[{"href":"https:\/\/www.arquimaster.com.ar\/web\/wp-json\/wp\/v2\/posts\/70335","targetHints":{"allow":["GET"]}}],"collection":[{"href":"https:\/\/www.arquimaster.com.ar\/web\/wp-json\/wp\/v2\/posts"}],"about":[{"href":"https:\/\/www.arquimaster.com.ar\/web\/wp-json\/wp\/v2\/types\/post"}],"author":[{"embeddable":true,"href":"https:\/\/www.arquimaster.com.ar\/web\/wp-json\/wp\/v2\/users\/1"}],"replies":[{"embeddable":true,"href":"https:\/\/www.arquimaster.com.ar\/web\/wp-json\/wp\/v2\/comments?post=70335"}],"version-history":[{"count":2,"href":"https:\/\/www.arquimaster.com.ar\/web\/wp-json\/wp\/v2\/posts\/70335\/revisions"}],"predecessor-version":[{"id":73182,"href":"https:\/\/www.arquimaster.com.ar\/web\/wp-json\/wp\/v2\/posts\/70335\/revisions\/73182"}],"wp:featuredmedia":[{"embeddable":true,"href":"https:\/\/www.arquimaster.com.ar\/web\/wp-json\/wp\/v2\/media\/70336"}],"wp:attachment":[{"href":"https:\/\/www.arquimaster.com.ar\/web\/wp-json\/wp\/v2\/media?parent=70335"}],"wp:term":[{"taxonomy":"category","embeddable":true,"href":"https:\/\/www.arquimaster.com.ar\/web\/wp-json\/wp\/v2\/categories?post=70335"},{"taxonomy":"post_tag","embeddable":true,"href":"https:\/\/www.arquimaster.com.ar\/web\/wp-json\/wp\/v2\/tags?post=70335"}],"curies":[{"name":"wp","href":"https:\/\/api.w.org\/{rel}","templated":true}]}}