{"id":70399,"date":"2022-06-02T19:39:13","date_gmt":"2022-06-02T22:39:13","guid":{"rendered":"https:\/\/www.arquimaster.com.ar\/web\/?p=70399"},"modified":"2022-11-14T17:54:08","modified_gmt":"2022-11-14T20:54:08","slug":"oficinas-grupo-paolini-paolini-arquitectos","status":"publish","type":"post","link":"https:\/\/www.arquimaster.com.ar\/web\/oficinas-grupo-paolini-paolini-arquitectos\/","title":{"rendered":"Oficinas Grupo Paolini \/ Paolini Arquitectos"},"content":{"rendered":"<div style=\"margin-top: 0px; margin-bottom: 0px;\" class=\"sharethis-inline-share-buttons\" ><\/div><div class=\"b812932af2e751442846f039925109de\" data-index=\"1\" style=\"float: none; margin:25px 0 25px 0; text-align:center;\">\n<script async src=\"https:\/\/pagead2.googlesyndication.com\/pagead\/js\/adsbygoogle.js\"><\/script>\r\n<!-- Arquimaster (superior) -->\r\n<ins class=\"adsbygoogle\"\r\n     style=\"display:block\"\r\n     data-ad-client=\"ca-pub-6351072698456832\"\r\n     data-ad-slot=\"6455489680\"\r\n     data-ad-format=\"auto\"\r\n     data-full-width-responsive=\"true\"><\/ins>\r\n<script>\r\n     (adsbygoogle = window.adsbygoogle || []).push({});\r\n<\/script>\n<\/div>\n<p><strong>Oficinas Grupo Paolini<\/strong> (Ciudad de Buenos Aires, Argentina) por <strong>Paolini Arquitectos<\/strong>. En el marco de un cambio generacional en sectores claves de las empresas que integran Grupo Paolini, se presenta una gran oportunidad de modernizaci\u00f3n y reestructuraci\u00f3n que llevan a dise\u00f1ar un nuevo espacio de trabajo caracterizado por el inicio del camino hacia una organizaci\u00f3n aumentada: colaborativa, transparente y people centric, de trabajo en ecosistemas de negocios.<\/p>\n<div id='gallery-1' class='gallery galleryid-70399 gallery-columns-3 gallery-size-thumbnail'><figure class='gallery-item'>\n\t\t\t<div class='gallery-icon landscape'>\n\t\t\t\t<a href='https:\/\/www.arquimaster.com.ar\/web\/wp-content\/uploads\/2022\/06\/oficinas_grupo_paolini1.jpg' title=\"Oficinas Grupo Paolini \/ Paolini Arquitectos (\u00a9 Federico Kulekdjian)\" data-rl_title=\"Oficinas Grupo Paolini \/ Paolini Arquitectos (\u00a9 Federico Kulekdjian)\" class=\"rl-gallery-link\" data-rl_caption=\"Oficinas Grupo Paolini \/ Paolini Arquitectos (\u00a9 Federico Kulekdjian)\" data-rel=\"lightbox-gallery-1\"><img loading=\"lazy\" decoding=\"async\" width=\"150\" height=\"150\" src=\"https:\/\/www.arquimaster.com.ar\/web\/wp-content\/uploads\/2022\/06\/oficinas_grupo_paolini1-150x150.jpg\" class=\"attachment-thumbnail size-thumbnail\" alt=\"Oficinas Grupo Paolini \/ Paolini Arquitectos\" aria-describedby=\"gallery-1-70401\" \/><\/a>\n\t\t\t<\/div>\n\t\t\t\t<figcaption class='wp-caption-text gallery-caption' id='gallery-1-70401'>\n\t\t\t\tOficinas Grupo Paolini \/ Paolini Arquitectos (\u00a9 Federico Kulekdjian)\n\t\t\t\t<\/figcaption><\/figure><figure class='gallery-item'>\n\t\t\t<div class='gallery-icon landscape'>\n\t\t\t\t<a href='https:\/\/www.arquimaster.com.ar\/web\/wp-content\/uploads\/2022\/06\/oficinas_grupo_paolini2.jpg' title=\"Oficinas Grupo Paolini \/ Paolini Arquitectos (\u00a9 Federico Kulekdjian)\" data-rl_title=\"Oficinas Grupo Paolini \/ Paolini Arquitectos (\u00a9 Federico Kulekdjian)\" class=\"rl-gallery-link\" data-rl_caption=\"Oficinas Grupo Paolini \/ Paolini Arquitectos (\u00a9 Federico Kulekdjian)\" data-rel=\"lightbox-gallery-1\"><img loading=\"lazy\" decoding=\"async\" width=\"150\" height=\"150\" src=\"https:\/\/www.arquimaster.com.ar\/web\/wp-content\/uploads\/2022\/06\/oficinas_grupo_paolini2-150x150.jpg\" class=\"attachment-thumbnail size-thumbnail\" alt=\"Oficinas Grupo Paolini \/ Paolini Arquitectos\" aria-describedby=\"gallery-1-70402\" \/><\/a>\n\t\t\t<\/div>\n\t\t\t\t<figcaption class='wp-caption-text gallery-caption' id='gallery-1-70402'>\n\t\t\t\tOficinas Grupo Paolini \/ Paolini Arquitectos (\u00a9 Federico Kulekdjian)\n\t\t\t\t<\/figcaption><\/figure><figure class='gallery-item'>\n\t\t\t<div class='gallery-icon landscape'>\n\t\t\t\t<a href='https:\/\/www.arquimaster.com.ar\/web\/wp-content\/uploads\/2022\/06\/oficinas_grupo_paolini3.jpg' title=\"Oficinas Grupo Paolini \/ Paolini Arquitectos (\u00a9 Federico Kulekdjian)\" data-rl_title=\"Oficinas Grupo Paolini \/ Paolini Arquitectos (\u00a9 Federico Kulekdjian)\" class=\"rl-gallery-link\" data-rl_caption=\"Oficinas Grupo Paolini \/ Paolini Arquitectos (\u00a9 Federico Kulekdjian)\" data-rel=\"lightbox-gallery-1\"><img loading=\"lazy\" decoding=\"async\" width=\"150\" height=\"150\" src=\"https:\/\/www.arquimaster.com.ar\/web\/wp-content\/uploads\/2022\/06\/oficinas_grupo_paolini3-150x150.jpg\" class=\"attachment-thumbnail size-thumbnail\" alt=\"Oficinas Grupo Paolini \/ Paolini Arquitectos\" aria-describedby=\"gallery-1-70403\" \/><\/a>\n\t\t\t<\/div>\n\t\t\t\t<figcaption class='wp-caption-text gallery-caption' id='gallery-1-70403'>\n\t\t\t\tOficinas Grupo Paolini \/ Paolini Arquitectos (\u00a9 Federico Kulekdjian)\n\t\t\t\t<\/figcaption><\/figure><figure class='gallery-item'>\n\t\t\t<div class='gallery-icon landscape'>\n\t\t\t\t<a href='https:\/\/www.arquimaster.com.ar\/web\/wp-content\/uploads\/2022\/06\/oficinas_grupo_paolini4.jpg' title=\"Oficinas Grupo Paolini \/ Paolini Arquitectos (\u00a9 Federico Kulekdjian)\" data-rl_title=\"Oficinas Grupo Paolini \/ Paolini Arquitectos (\u00a9 Federico Kulekdjian)\" class=\"rl-gallery-link\" data-rl_caption=\"Oficinas Grupo Paolini \/ Paolini Arquitectos (\u00a9 Federico Kulekdjian)\" data-rel=\"lightbox-gallery-1\"><img loading=\"lazy\" decoding=\"async\" width=\"150\" height=\"150\" src=\"https:\/\/www.arquimaster.com.ar\/web\/wp-content\/uploads\/2022\/06\/oficinas_grupo_paolini4-150x150.jpg\" class=\"attachment-thumbnail size-thumbnail\" alt=\"Oficinas Grupo Paolini \/ Paolini Arquitectos\" aria-describedby=\"gallery-1-70404\" \/><\/a>\n\t\t\t<\/div>\n\t\t\t\t<figcaption class='wp-caption-text gallery-caption' id='gallery-1-70404'>\n\t\t\t\tOficinas Grupo Paolini \/ Paolini Arquitectos (\u00a9 Federico Kulekdjian)\n\t\t\t\t<\/figcaption><\/figure><figure class='gallery-item'>\n\t\t\t<div class='gallery-icon landscape'>\n\t\t\t\t<a href='https:\/\/www.arquimaster.com.ar\/web\/wp-content\/uploads\/2022\/06\/oficinas_grupo_paolini5.jpg' title=\"Oficinas Grupo Paolini \/ Paolini Arquitectos (\u00a9 Federico Kulekdjian)\" data-rl_title=\"Oficinas Grupo Paolini \/ Paolini Arquitectos (\u00a9 Federico Kulekdjian)\" class=\"rl-gallery-link\" data-rl_caption=\"Oficinas Grupo Paolini \/ Paolini Arquitectos (\u00a9 Federico Kulekdjian)\" data-rel=\"lightbox-gallery-1\"><img loading=\"lazy\" decoding=\"async\" width=\"150\" height=\"150\" src=\"https:\/\/www.arquimaster.com.ar\/web\/wp-content\/uploads\/2022\/06\/oficinas_grupo_paolini5-150x150.jpg\" class=\"attachment-thumbnail size-thumbnail\" alt=\"Oficinas Grupo Paolini \/ Paolini Arquitectos\" aria-describedby=\"gallery-1-70405\" \/><\/a>\n\t\t\t<\/div>\n\t\t\t\t<figcaption class='wp-caption-text gallery-caption' id='gallery-1-70405'>\n\t\t\t\tOficinas Grupo Paolini \/ Paolini Arquitectos (\u00a9 Federico Kulekdjian)\n\t\t\t\t<\/figcaption><\/figure><figure class='gallery-item'>\n\t\t\t<div class='gallery-icon landscape'>\n\t\t\t\t<a href='https:\/\/www.arquimaster.com.ar\/web\/wp-content\/uploads\/2022\/06\/oficinas_grupo_paolini6.jpg' title=\"Oficinas Grupo Paolini \/ Paolini Arquitectos (\u00a9 Federico Kulekdjian)\" data-rl_title=\"Oficinas Grupo Paolini \/ Paolini Arquitectos (\u00a9 Federico Kulekdjian)\" class=\"rl-gallery-link\" data-rl_caption=\"Oficinas Grupo Paolini \/ Paolini Arquitectos (\u00a9 Federico Kulekdjian)\" data-rel=\"lightbox-gallery-1\"><img loading=\"lazy\" decoding=\"async\" width=\"150\" height=\"150\" src=\"https:\/\/www.arquimaster.com.ar\/web\/wp-content\/uploads\/2022\/06\/oficinas_grupo_paolini6-150x150.jpg\" class=\"attachment-thumbnail size-thumbnail\" alt=\"Oficinas Grupo Paolini \/ Paolini Arquitectos\" aria-describedby=\"gallery-1-70406\" \/><\/a>\n\t\t\t<\/div>\n\t\t\t\t<figcaption class='wp-caption-text gallery-caption' id='gallery-1-70406'>\n\t\t\t\tOficinas Grupo Paolini \/ Paolini Arquitectos (\u00a9 Federico Kulekdjian)\n\t\t\t\t<\/figcaption><\/figure><figure class='gallery-item'>\n\t\t\t<div class='gallery-icon landscape'>\n\t\t\t\t<a href='https:\/\/www.arquimaster.com.ar\/web\/wp-content\/uploads\/2022\/06\/oficinas_grupo_paolini7.jpg' title=\"Oficinas Grupo Paolini \/ Paolini Arquitectos (\u00a9 Federico Kulekdjian)\" data-rl_title=\"Oficinas Grupo Paolini \/ Paolini Arquitectos (\u00a9 Federico Kulekdjian)\" class=\"rl-gallery-link\" data-rl_caption=\"Oficinas Grupo Paolini \/ Paolini Arquitectos (\u00a9 Federico Kulekdjian)\" data-rel=\"lightbox-gallery-1\"><img loading=\"lazy\" decoding=\"async\" width=\"150\" height=\"150\" src=\"https:\/\/www.arquimaster.com.ar\/web\/wp-content\/uploads\/2022\/06\/oficinas_grupo_paolini7-150x150.jpg\" class=\"attachment-thumbnail size-thumbnail\" alt=\"Oficinas Grupo Paolini \/ Paolini Arquitectos\" aria-describedby=\"gallery-1-70407\" \/><\/a>\n\t\t\t<\/div>\n\t\t\t\t<figcaption class='wp-caption-text gallery-caption' id='gallery-1-70407'>\n\t\t\t\tOficinas Grupo Paolini \/ Paolini Arquitectos (\u00a9 Federico Kulekdjian)\n\t\t\t\t<\/figcaption><\/figure><figure class='gallery-item'>\n\t\t\t<div class='gallery-icon landscape'>\n\t\t\t\t<a href='https:\/\/www.arquimaster.com.ar\/web\/wp-content\/uploads\/2022\/06\/oficinas_grupo_paolini8.jpg' title=\"Oficinas Grupo Paolini \/ Paolini Arquitectos (\u00a9 Federico Kulekdjian)\" data-rl_title=\"Oficinas Grupo Paolini \/ Paolini Arquitectos (\u00a9 Federico Kulekdjian)\" class=\"rl-gallery-link\" data-rl_caption=\"Oficinas Grupo Paolini \/ Paolini Arquitectos (\u00a9 Federico Kulekdjian)\" data-rel=\"lightbox-gallery-1\"><img loading=\"lazy\" decoding=\"async\" width=\"150\" height=\"150\" src=\"https:\/\/www.arquimaster.com.ar\/web\/wp-content\/uploads\/2022\/06\/oficinas_grupo_paolini8-150x150.jpg\" class=\"attachment-thumbnail size-thumbnail\" alt=\"Oficinas Grupo Paolini \/ Paolini Arquitectos\" aria-describedby=\"gallery-1-70408\" \/><\/a>\n\t\t\t<\/div>\n\t\t\t\t<figcaption class='wp-caption-text gallery-caption' id='gallery-1-70408'>\n\t\t\t\tOficinas Grupo Paolini \/ Paolini Arquitectos (\u00a9 Federico Kulekdjian)\n\t\t\t\t<\/figcaption><\/figure><figure class='gallery-item'>\n\t\t\t<div class='gallery-icon landscape'>\n\t\t\t\t<a href='https:\/\/www.arquimaster.com.ar\/web\/wp-content\/uploads\/2022\/06\/oficinas_grupo_paolini9.jpg' title=\"Oficinas Grupo Paolini \/ Paolini Arquitectos (\u00a9 Federico Kulekdjian)\" data-rl_title=\"Oficinas Grupo Paolini \/ Paolini Arquitectos (\u00a9 Federico Kulekdjian)\" class=\"rl-gallery-link\" data-rl_caption=\"Oficinas Grupo Paolini \/ Paolini Arquitectos (\u00a9 Federico Kulekdjian)\" data-rel=\"lightbox-gallery-1\"><img loading=\"lazy\" decoding=\"async\" width=\"150\" height=\"150\" src=\"https:\/\/www.arquimaster.com.ar\/web\/wp-content\/uploads\/2022\/06\/oficinas_grupo_paolini9-150x150.jpg\" class=\"attachment-thumbnail size-thumbnail\" alt=\"Oficinas Grupo Paolini \/ Paolini Arquitectos\" aria-describedby=\"gallery-1-70409\" \/><\/a>\n\t\t\t<\/div>\n\t\t\t\t<figcaption class='wp-caption-text gallery-caption' id='gallery-1-70409'>\n\t\t\t\tOficinas Grupo Paolini \/ Paolini Arquitectos (\u00a9 Federico Kulekdjian)\n\t\t\t\t<\/figcaption><\/figure><figure class='gallery-item'>\n\t\t\t<div class='gallery-icon landscape'>\n\t\t\t\t<a href='https:\/\/www.arquimaster.com.ar\/web\/wp-content\/uploads\/2022\/06\/oficinas_grupo_paolini10.jpg' title=\"Oficinas Grupo Paolini \/ Paolini Arquitectos (\u00a9 Federico Kulekdjian)\" data-rl_title=\"Oficinas Grupo Paolini \/ Paolini Arquitectos (\u00a9 Federico Kulekdjian)\" class=\"rl-gallery-link\" data-rl_caption=\"Oficinas Grupo Paolini \/ Paolini Arquitectos (\u00a9 Federico Kulekdjian)\" data-rel=\"lightbox-gallery-1\"><img loading=\"lazy\" decoding=\"async\" width=\"150\" height=\"150\" src=\"https:\/\/www.arquimaster.com.ar\/web\/wp-content\/uploads\/2022\/06\/oficinas_grupo_paolini10-150x150.jpg\" class=\"attachment-thumbnail size-thumbnail\" alt=\"Oficinas Grupo Paolini \/ Paolini Arquitectos\" aria-describedby=\"gallery-1-70410\" \/><\/a>\n\t\t\t<\/div>\n\t\t\t\t<figcaption class='wp-caption-text gallery-caption' id='gallery-1-70410'>\n\t\t\t\tOficinas Grupo Paolini \/ Paolini Arquitectos (\u00a9 Federico Kulekdjian)\n\t\t\t\t<\/figcaption><\/figure><figure class='gallery-item'>\n\t\t\t<div class='gallery-icon landscape'>\n\t\t\t\t<a href='https:\/\/www.arquimaster.com.ar\/web\/wp-content\/uploads\/2022\/06\/oficinas_grupo_paolini11.jpg' title=\"Oficinas Grupo Paolini \/ Paolini Arquitectos (\u00a9 Federico Kulekdjian)\" data-rl_title=\"Oficinas Grupo Paolini \/ Paolini Arquitectos (\u00a9 Federico Kulekdjian)\" class=\"rl-gallery-link\" data-rl_caption=\"Oficinas Grupo Paolini \/ Paolini Arquitectos (\u00a9 Federico Kulekdjian)\" data-rel=\"lightbox-gallery-1\"><img loading=\"lazy\" decoding=\"async\" width=\"150\" height=\"150\" src=\"https:\/\/www.arquimaster.com.ar\/web\/wp-content\/uploads\/2022\/06\/oficinas_grupo_paolini11-150x150.jpg\" class=\"attachment-thumbnail size-thumbnail\" alt=\"Oficinas Grupo Paolini \/ Paolini Arquitectos\" aria-describedby=\"gallery-1-70411\" \/><\/a>\n\t\t\t<\/div>\n\t\t\t\t<figcaption class='wp-caption-text gallery-caption' id='gallery-1-70411'>\n\t\t\t\tOficinas Grupo Paolini \/ Paolini Arquitectos (\u00a9 Federico Kulekdjian)\n\t\t\t\t<\/figcaption><\/figure><figure class='gallery-item'>\n\t\t\t<div class='gallery-icon landscape'>\n\t\t\t\t<a href='https:\/\/www.arquimaster.com.ar\/web\/wp-content\/uploads\/2022\/06\/oficinas_grupo_paolini12.jpg' title=\"Oficinas Grupo Paolini \/ Paolini Arquitectos (\u00a9 Federico Kulekdjian)\" data-rl_title=\"Oficinas Grupo Paolini \/ Paolini Arquitectos (\u00a9 Federico Kulekdjian)\" class=\"rl-gallery-link\" data-rl_caption=\"Oficinas Grupo Paolini \/ Paolini Arquitectos (\u00a9 Federico Kulekdjian)\" data-rel=\"lightbox-gallery-1\"><img loading=\"lazy\" decoding=\"async\" width=\"150\" height=\"150\" src=\"https:\/\/www.arquimaster.com.ar\/web\/wp-content\/uploads\/2022\/06\/oficinas_grupo_paolini12-150x150.jpg\" class=\"attachment-thumbnail size-thumbnail\" alt=\"Oficinas Grupo Paolini \/ Paolini Arquitectos\" aria-describedby=\"gallery-1-70412\" \/><\/a>\n\t\t\t<\/div>\n\t\t\t\t<figcaption class='wp-caption-text gallery-caption' id='gallery-1-70412'>\n\t\t\t\tOficinas Grupo Paolini \/ Paolini Arquitectos (\u00a9 Federico Kulekdjian)\n\t\t\t\t<\/figcaption><\/figure><figure class='gallery-item'>\n\t\t\t<div class='gallery-icon landscape'>\n\t\t\t\t<a href='https:\/\/www.arquimaster.com.ar\/web\/wp-content\/uploads\/2022\/06\/oficinas_grupo_paolini13.jpg' title=\"Oficinas Grupo Paolini \/ Paolini Arquitectos (\u00a9 Federico Kulekdjian)\" data-rl_title=\"Oficinas Grupo Paolini \/ Paolini Arquitectos (\u00a9 Federico Kulekdjian)\" class=\"rl-gallery-link\" data-rl_caption=\"Oficinas Grupo Paolini \/ Paolini Arquitectos (\u00a9 Federico Kulekdjian)\" data-rel=\"lightbox-gallery-1\"><img loading=\"lazy\" decoding=\"async\" width=\"150\" height=\"150\" src=\"https:\/\/www.arquimaster.com.ar\/web\/wp-content\/uploads\/2022\/06\/oficinas_grupo_paolini13-150x150.jpg\" class=\"attachment-thumbnail size-thumbnail\" alt=\"Oficinas Grupo Paolini \/ Paolini Arquitectos\" aria-describedby=\"gallery-1-70413\" \/><\/a>\n\t\t\t<\/div>\n\t\t\t\t<figcaption class='wp-caption-text gallery-caption' id='gallery-1-70413'>\n\t\t\t\tOficinas Grupo Paolini \/ Paolini Arquitectos (\u00a9 Federico Kulekdjian)\n\t\t\t\t<\/figcaption><\/figure><figure class='gallery-item'>\n\t\t\t<div class='gallery-icon landscape'>\n\t\t\t\t<a href='https:\/\/www.arquimaster.com.ar\/web\/wp-content\/uploads\/2022\/06\/oficinas_grupo_paolini14.jpg' title=\"Oficinas Grupo Paolini \/ Paolini Arquitectos (\u00a9 Federico Kulekdjian)\" data-rl_title=\"Oficinas Grupo Paolini \/ Paolini Arquitectos (\u00a9 Federico Kulekdjian)\" class=\"rl-gallery-link\" data-rl_caption=\"Oficinas Grupo Paolini \/ Paolini Arquitectos (\u00a9 Federico Kulekdjian)\" data-rel=\"lightbox-gallery-1\"><img loading=\"lazy\" decoding=\"async\" width=\"150\" height=\"150\" src=\"https:\/\/www.arquimaster.com.ar\/web\/wp-content\/uploads\/2022\/06\/oficinas_grupo_paolini14-150x150.jpg\" class=\"attachment-thumbnail size-thumbnail\" alt=\"Oficinas Grupo Paolini \/ Paolini Arquitectos\" aria-describedby=\"gallery-1-70414\" \/><\/a>\n\t\t\t<\/div>\n\t\t\t\t<figcaption class='wp-caption-text gallery-caption' id='gallery-1-70414'>\n\t\t\t\tOficinas Grupo Paolini \/ Paolini Arquitectos (\u00a9 Federico Kulekdjian)\n\t\t\t\t<\/figcaption><\/figure><figure class='gallery-item'>\n\t\t\t<div class='gallery-icon landscape'>\n\t\t\t\t<a href='https:\/\/www.arquimaster.com.ar\/web\/wp-content\/uploads\/2022\/06\/oficinas_grupo_paolini15.jpg' title=\"Oficinas Grupo Paolini \/ Paolini Arquitectos (\u00a9 Federico Kulekdjian)\" data-rl_title=\"Oficinas Grupo Paolini \/ Paolini Arquitectos (\u00a9 Federico Kulekdjian)\" class=\"rl-gallery-link\" data-rl_caption=\"Oficinas Grupo Paolini \/ Paolini Arquitectos (\u00a9 Federico Kulekdjian)\" data-rel=\"lightbox-gallery-1\"><img loading=\"lazy\" decoding=\"async\" width=\"150\" height=\"150\" src=\"https:\/\/www.arquimaster.com.ar\/web\/wp-content\/uploads\/2022\/06\/oficinas_grupo_paolini15-150x150.jpg\" class=\"attachment-thumbnail size-thumbnail\" alt=\"Oficinas Grupo Paolini \/ Paolini Arquitectos\" aria-describedby=\"gallery-1-70415\" \/><\/a>\n\t\t\t<\/div>\n\t\t\t\t<figcaption class='wp-caption-text gallery-caption' id='gallery-1-70415'>\n\t\t\t\tOficinas Grupo Paolini \/ Paolini Arquitectos (\u00a9 Federico Kulekdjian)\n\t\t\t\t<\/figcaption><\/figure><figure class='gallery-item'>\n\t\t\t<div class='gallery-icon portrait'>\n\t\t\t\t<a href='https:\/\/www.arquimaster.com.ar\/web\/wp-content\/uploads\/2022\/06\/oficinas_grupo_paolini16.jpg' title=\"Oficinas Grupo Paolini \/ Paolini Arquitectos (\u00a9 Federico Kulekdjian)\" data-rl_title=\"Oficinas Grupo Paolini \/ Paolini Arquitectos (\u00a9 Federico Kulekdjian)\" class=\"rl-gallery-link\" data-rl_caption=\"Oficinas Grupo Paolini \/ Paolini Arquitectos (\u00a9 Federico Kulekdjian)\" data-rel=\"lightbox-gallery-1\"><img loading=\"lazy\" decoding=\"async\" width=\"150\" height=\"150\" src=\"https:\/\/www.arquimaster.com.ar\/web\/wp-content\/uploads\/2022\/06\/oficinas_grupo_paolini16-150x150.jpg\" class=\"attachment-thumbnail size-thumbnail\" alt=\"Oficinas Grupo Paolini \/ Paolini Arquitectos\" aria-describedby=\"gallery-1-70416\" \/><\/a>\n\t\t\t<\/div>\n\t\t\t\t<figcaption class='wp-caption-text gallery-caption' id='gallery-1-70416'>\n\t\t\t\tOficinas Grupo Paolini \/ Paolini Arquitectos (\u00a9 Federico Kulekdjian)\n\t\t\t\t<\/figcaption><\/figure><figure class='gallery-item'>\n\t\t\t<div class='gallery-icon portrait'>\n\t\t\t\t<a href='https:\/\/www.arquimaster.com.ar\/web\/wp-content\/uploads\/2022\/06\/oficinas_grupo_paolini17.jpg' title=\"Oficinas Grupo Paolini \/ Paolini Arquitectos (\u00a9 Federico Kulekdjian)\" data-rl_title=\"Oficinas Grupo Paolini \/ Paolini Arquitectos (\u00a9 Federico Kulekdjian)\" class=\"rl-gallery-link\" data-rl_caption=\"Oficinas Grupo Paolini \/ Paolini Arquitectos (\u00a9 Federico Kulekdjian)\" data-rel=\"lightbox-gallery-1\"><img loading=\"lazy\" decoding=\"async\" width=\"150\" height=\"150\" src=\"https:\/\/www.arquimaster.com.ar\/web\/wp-content\/uploads\/2022\/06\/oficinas_grupo_paolini17-150x150.jpg\" class=\"attachment-thumbnail size-thumbnail\" alt=\"Oficinas Grupo Paolini \/ Paolini Arquitectos\" aria-describedby=\"gallery-1-70417\" \/><\/a>\n\t\t\t<\/div>\n\t\t\t\t<figcaption class='wp-caption-text gallery-caption' id='gallery-1-70417'>\n\t\t\t\tOficinas Grupo Paolini \/ Paolini Arquitectos (\u00a9 Federico Kulekdjian)\n\t\t\t\t<\/figcaption><\/figure><figure class='gallery-item'>\n\t\t\t<div class='gallery-icon portrait'>\n\t\t\t\t<a href='https:\/\/www.arquimaster.com.ar\/web\/wp-content\/uploads\/2022\/06\/oficinas_grupo_paolini18.jpg' title=\"Oficinas Grupo Paolini \/ Paolini Arquitectos (\u00a9 Federico Kulekdjian)\" data-rl_title=\"Oficinas Grupo Paolini \/ Paolini Arquitectos (\u00a9 Federico Kulekdjian)\" class=\"rl-gallery-link\" data-rl_caption=\"Oficinas Grupo Paolini \/ Paolini Arquitectos (\u00a9 Federico Kulekdjian)\" data-rel=\"lightbox-gallery-1\"><img loading=\"lazy\" decoding=\"async\" width=\"150\" height=\"150\" src=\"https:\/\/www.arquimaster.com.ar\/web\/wp-content\/uploads\/2022\/06\/oficinas_grupo_paolini18-150x150.jpg\" class=\"attachment-thumbnail size-thumbnail\" alt=\"Oficinas Grupo Paolini \/ Paolini Arquitectos\" aria-describedby=\"gallery-1-70418\" \/><\/a>\n\t\t\t<\/div>\n\t\t\t\t<figcaption class='wp-caption-text gallery-caption' id='gallery-1-70418'>\n\t\t\t\tOficinas Grupo Paolini \/ Paolini Arquitectos (\u00a9 Federico Kulekdjian)\n\t\t\t\t<\/figcaption><\/figure><figure class='gallery-item'>\n\t\t\t<div class='gallery-icon portrait'>\n\t\t\t\t<a href='https:\/\/www.arquimaster.com.ar\/web\/wp-content\/uploads\/2022\/06\/oficinas_grupo_paolini19.jpg' title=\"Oficinas Grupo Paolini \/ Paolini Arquitectos (\u00a9 Federico Kulekdjian)\" data-rl_title=\"Oficinas Grupo Paolini \/ Paolini Arquitectos (\u00a9 Federico Kulekdjian)\" class=\"rl-gallery-link\" data-rl_caption=\"Oficinas Grupo Paolini \/ Paolini Arquitectos (\u00a9 Federico Kulekdjian)\" data-rel=\"lightbox-gallery-1\"><img loading=\"lazy\" decoding=\"async\" width=\"150\" height=\"150\" src=\"https:\/\/www.arquimaster.com.ar\/web\/wp-content\/uploads\/2022\/06\/oficinas_grupo_paolini19-150x150.jpg\" class=\"attachment-thumbnail size-thumbnail\" alt=\"Oficinas Grupo Paolini \/ Paolini Arquitectos\" aria-describedby=\"gallery-1-70419\" \/><\/a>\n\t\t\t<\/div>\n\t\t\t\t<figcaption class='wp-caption-text gallery-caption' id='gallery-1-70419'>\n\t\t\t\tOficinas Grupo Paolini \/ Paolini Arquitectos (\u00a9 Federico Kulekdjian)\n\t\t\t\t<\/figcaption><\/figure><figure class='gallery-item'>\n\t\t\t<div class='gallery-icon portrait'>\n\t\t\t\t<a href='https:\/\/www.arquimaster.com.ar\/web\/wp-content\/uploads\/2022\/06\/oficinas_grupo_paolini20.jpg' title=\"Oficinas Grupo Paolini \/ Paolini Arquitectos (\u00a9 Federico Kulekdjian)\" data-rl_title=\"Oficinas Grupo Paolini \/ Paolini Arquitectos (\u00a9 Federico Kulekdjian)\" class=\"rl-gallery-link\" data-rl_caption=\"Oficinas Grupo Paolini \/ Paolini Arquitectos (\u00a9 Federico Kulekdjian)\" data-rel=\"lightbox-gallery-1\"><img loading=\"lazy\" decoding=\"async\" width=\"150\" height=\"150\" src=\"https:\/\/www.arquimaster.com.ar\/web\/wp-content\/uploads\/2022\/06\/oficinas_grupo_paolini20-150x150.jpg\" class=\"attachment-thumbnail size-thumbnail\" alt=\"Oficinas Grupo Paolini \/ Paolini Arquitectos\" aria-describedby=\"gallery-1-70420\" \/><\/a>\n\t\t\t<\/div>\n\t\t\t\t<figcaption class='wp-caption-text gallery-caption' id='gallery-1-70420'>\n\t\t\t\tOficinas Grupo Paolini \/ Paolini Arquitectos (\u00a9 Federico Kulekdjian)\n\t\t\t\t<\/figcaption><\/figure><figure class='gallery-item'>\n\t\t\t<div class='gallery-icon portrait'>\n\t\t\t\t<a href='https:\/\/www.arquimaster.com.ar\/web\/wp-content\/uploads\/2022\/06\/oficinas_grupo_paolini21.jpg' title=\"Oficinas Grupo Paolini \/ Paolini Arquitectos (\u00a9 Federico Kulekdjian)\" data-rl_title=\"Oficinas Grupo Paolini \/ Paolini Arquitectos (\u00a9 Federico Kulekdjian)\" class=\"rl-gallery-link\" data-rl_caption=\"Oficinas Grupo Paolini \/ Paolini Arquitectos (\u00a9 Federico Kulekdjian)\" data-rel=\"lightbox-gallery-1\"><img loading=\"lazy\" decoding=\"async\" width=\"150\" height=\"150\" src=\"https:\/\/www.arquimaster.com.ar\/web\/wp-content\/uploads\/2022\/06\/oficinas_grupo_paolini21-150x150.jpg\" class=\"attachment-thumbnail size-thumbnail\" alt=\"Oficinas Grupo Paolini \/ Paolini Arquitectos\" aria-describedby=\"gallery-1-70421\" \/><\/a>\n\t\t\t<\/div>\n\t\t\t\t<figcaption class='wp-caption-text gallery-caption' id='gallery-1-70421'>\n\t\t\t\tOficinas Grupo Paolini \/ Paolini Arquitectos (\u00a9 Federico Kulekdjian)\n\t\t\t\t<\/figcaption><\/figure><figure class='gallery-item'>\n\t\t\t<div class='gallery-icon landscape'>\n\t\t\t\t<a href='https:\/\/www.arquimaster.com.ar\/web\/wp-content\/uploads\/2022\/06\/oficinas_grupo_paolini22.jpg' title=\"Oficinas Grupo Paolini \/ Paolini Arquitectos (\u00a9 Federico Kulekdjian)\" data-rl_title=\"Oficinas Grupo Paolini \/ Paolini Arquitectos (\u00a9 Federico Kulekdjian)\" class=\"rl-gallery-link\" data-rl_caption=\"Oficinas Grupo Paolini \/ Paolini Arquitectos (\u00a9 Federico Kulekdjian)\" data-rel=\"lightbox-gallery-1\"><img loading=\"lazy\" decoding=\"async\" width=\"150\" height=\"150\" src=\"https:\/\/www.arquimaster.com.ar\/web\/wp-content\/uploads\/2022\/06\/oficinas_grupo_paolini22-150x150.jpg\" class=\"attachment-thumbnail size-thumbnail\" alt=\"Oficinas Grupo Paolini \/ Paolini Arquitectos\" aria-describedby=\"gallery-1-70422\" \/><\/a>\n\t\t\t<\/div>\n\t\t\t\t<figcaption class='wp-caption-text gallery-caption' id='gallery-1-70422'>\n\t\t\t\tOficinas Grupo Paolini \/ Paolini Arquitectos (\u00a9 Federico Kulekdjian)\n\t\t\t\t<\/figcaption><\/figure><figure class='gallery-item'>\n\t\t\t<div class='gallery-icon landscape'>\n\t\t\t\t<a href='https:\/\/www.arquimaster.com.ar\/web\/wp-content\/uploads\/2022\/06\/oficinas_grupo_paolini23.jpg' title=\"Oficinas Grupo Paolini \/ Paolini Arquitectos (\u00a9 Federico Kulekdjian)\" data-rl_title=\"Oficinas Grupo Paolini \/ Paolini Arquitectos (\u00a9 Federico Kulekdjian)\" class=\"rl-gallery-link\" data-rl_caption=\"Oficinas Grupo Paolini \/ Paolini Arquitectos (\u00a9 Federico Kulekdjian)\" data-rel=\"lightbox-gallery-1\"><img loading=\"lazy\" decoding=\"async\" width=\"150\" height=\"150\" src=\"https:\/\/www.arquimaster.com.ar\/web\/wp-content\/uploads\/2022\/06\/oficinas_grupo_paolini23-150x150.jpg\" class=\"attachment-thumbnail size-thumbnail\" alt=\"Oficinas Grupo Paolini \/ Paolini Arquitectos\" aria-describedby=\"gallery-1-70423\" \/><\/a>\n\t\t\t<\/div>\n\t\t\t\t<figcaption class='wp-caption-text gallery-caption' id='gallery-1-70423'>\n\t\t\t\tOficinas Grupo Paolini \/ Paolini Arquitectos (\u00a9 Federico Kulekdjian)\n\t\t\t\t<\/figcaption><\/figure><figure class='gallery-item'>\n\t\t\t<div class='gallery-icon portrait'>\n\t\t\t\t<a href='https:\/\/www.arquimaster.com.ar\/web\/wp-content\/uploads\/2022\/06\/oficinas_grupo_paolini24.jpg' title=\"Oficinas Grupo Paolini \/ Paolini Arquitectos (\u00a9 Federico Kulekdjian)\" data-rl_title=\"Oficinas Grupo Paolini \/ Paolini Arquitectos (\u00a9 Federico Kulekdjian)\" class=\"rl-gallery-link\" data-rl_caption=\"Oficinas Grupo Paolini \/ Paolini Arquitectos (\u00a9 Federico Kulekdjian)\" data-rel=\"lightbox-gallery-1\"><img loading=\"lazy\" decoding=\"async\" width=\"150\" height=\"150\" src=\"https:\/\/www.arquimaster.com.ar\/web\/wp-content\/uploads\/2022\/06\/oficinas_grupo_paolini24-150x150.jpg\" class=\"attachment-thumbnail size-thumbnail\" alt=\"Oficinas Grupo Paolini \/ Paolini Arquitectos\" aria-describedby=\"gallery-1-70424\" \/><\/a>\n\t\t\t<\/div>\n\t\t\t\t<figcaption class='wp-caption-text gallery-caption' id='gallery-1-70424'>\n\t\t\t\tOficinas Grupo Paolini \/ Paolini Arquitectos (\u00a9 Federico Kulekdjian)\n\t\t\t\t<\/figcaption><\/figure><figure class='gallery-item'>\n\t\t\t<div class='gallery-icon landscape'>\n\t\t\t\t<a href='https:\/\/www.arquimaster.com.ar\/web\/wp-content\/uploads\/2022\/06\/oficinas_grupo_paolini25.jpg' title=\"Oficinas Grupo Paolini \/ Paolini Arquitectos (planta)\" data-rl_title=\"Oficinas Grupo Paolini \/ Paolini Arquitectos (planta)\" class=\"rl-gallery-link\" data-rl_caption=\"Oficinas Grupo Paolini \/ Paolini Arquitectos (planta)\" data-rel=\"lightbox-gallery-1\"><img loading=\"lazy\" decoding=\"async\" width=\"150\" height=\"150\" src=\"https:\/\/www.arquimaster.com.ar\/web\/wp-content\/uploads\/2022\/06\/oficinas_grupo_paolini25-150x150.jpg\" class=\"attachment-thumbnail size-thumbnail\" alt=\"Oficinas Grupo Paolini \/ Paolini Arquitectos\" aria-describedby=\"gallery-1-70425\" \/><\/a>\n\t\t\t<\/div>\n\t\t\t\t<figcaption class='wp-caption-text gallery-caption' id='gallery-1-70425'>\n\t\t\t\tOficinas Grupo Paolini \/ Paolini Arquitectos (planta)\n\t\t\t\t<\/figcaption><\/figure>\n\t\t<\/div>\n\n<p>El proyecto gir\u00f3 en torno a esta premisa y al consecuente organigrama del Grupo. Su funcionalidad y dinamismo hacen que las jerarqu\u00edas se diferencien por el tratamiento de las terminaciones y grados de privacidad, siempre con el objetivo de crear espacios colaborativos y cambiantes donde el usuario es protagonista rompiendo su rutina, generando su agenda. Para lograr esto, los espacios y mobiliarios pretenden hacer cambiar de postura y escenario al usuario al menos cinco veces por d\u00eda.<\/p>\n<p>A su vez, los materiales dialogan entre s\u00ed para lograr una identidad arquitect\u00f3nica propia. El eje en com\u00fan entre las distintas empresas del Grupo (Miner\u00eda, Construcci\u00f3n, Arquitectura, Agroindustria) son los minerales. Los mismos se extraen para crear materiales, se integran para construir, integrados crean espacialidades, emociones; y desde el punto de vista agroindustrial, sus propiedades generan alimentos. Se sintetizaron texturas para reflejarlo en el solado, en las terminaciones y en los cielorrasos.<\/p>\n<p>La circulaci\u00f3n es fluida y est\u00e1 diferenciada por usos. Adem\u00e1s, dentro del marco de transformaci\u00f3n digital, se prioriz\u00f3 la creaci\u00f3n de un espacio multiuso con el fin de capacitar, distender o bien, de comer.<\/p>\n<p>Se reconvirti\u00f3 el n\u00facleo existente ados\u00e1ndole una serie de espacios que rompen con la rigidez del mismo, adem\u00e1s de la inclusi\u00f3n de un nuevo acceso de personal, atenci\u00f3n de proveedores y servicios. Se crearon cabinas telef\u00f3nicas privadas, salas de reuniones, puestos de trabajo transitorios para los ingenieros de obras y colaboradores externos a la empresa en caso de estudio de licitaciones, todo integrado a la estructura del mismo.<\/p>\n<p>Por \u00faltimo, cabe destacar que mediante el dise\u00f1o arquitect\u00f3nico de las oficinas, se busc\u00f3 lograr una transformaci\u00f3n cultural de la estructura; donde la digitalizaci\u00f3n y colaboraci\u00f3n en conjunto con el protagonismo del usuario, definen los espacios otorg\u00e1ndole valor al proyecto.<\/p>\n\n\n<div style=\"height:20px\" aria-hidden=\"true\" class=\"wp-block-spacer\"><\/div>\n\n\n\n<p class=\"has-background\" style=\"background-color:#eaeaea\"><strong>Ficha t\u00e9cnica<\/strong><br>Nombre: Oficinas Grupo Paolini<br>Ubicaci\u00f3n: Torre Bouchard, Piso 19, Ciudad de Buenos Aires, Argentina<br>Proyectistas: Paolini Arquitectos<br>Fotografias: Federico Kulekdjian<br><br><strong>Contacto<\/strong><br><a href=\"http:\/\/www.paoliniarquitectos.com\/\" target=\"_blank\" rel=\"noreferrer noopener\">http:\/\/www.paoliniarquitectos.com\/<\/a><\/p>\n\n\n\n<div style=\"height:40px\" aria-hidden=\"true\" class=\"wp-block-spacer\"><\/div>\n\n<div style=\"font-size: 0px; height: 0px; line-height: 0px; margin: 0; padding: 0; clear: both;\"><\/div><div style=\"margin-top: 0px; margin-bottom: 0px;\" class=\"sharethis-inline-share-buttons\" ><\/div>","protected":false},"excerpt":{"rendered":"<p>Nuevo espacio de trabajo colaborativo, transparente y people centric&#8230;<\/p>\n","protected":false},"author":1,"featured_media":70400,"comment_status":"closed","ping_status":"closed","sticky":false,"template":"","format":"standard","meta":{"_uag_custom_page_level_css":"","footnotes":""},"categories":[76,1],"tags":[14,1362,16,1294,7421],"class_list":["post-70399","post","type-post","status-publish","format-standard","has-post-thumbnail","hentry","category-arquitectura-corporativa","category-proyecto","tag-argentina","tag-arquitectura-corporativa-2","tag-buenos-aires","tag-diseno-de-oficinas","tag-paolini-arquitectos","generate-columns","tablet-grid-50","mobile-grid-100","grid-parent","grid-50"],"yoast_head":"<!-- This site is optimized with the Yoast SEO plugin v27.3 - https:\/\/yoast.com\/product\/yoast-seo-wordpress\/ -->\n<title>Oficinas Grupo Paolini \/ Paolini Arquitectos - Arquimaster<\/title>\n<meta name=\"description\" content=\"Se busc\u00f3 lograr una transformaci\u00f3n cultural de la estructura; donde la digitalizaci\u00f3n y colaboraci\u00f3n en conjunto con el protagonismo del usuario, definen los espacios otorg\u00e1ndole valor al proyecto.\" \/>\n<meta name=\"robots\" content=\"index, follow, max-snippet:-1, max-image-preview:large, max-video-preview:-1\" \/>\n<link rel=\"canonical\" href=\"https:\/\/www.arquimaster.com.ar\/web\/oficinas-grupo-paolini-paolini-arquitectos\/\" \/>\n<meta property=\"og:locale\" content=\"es_ES\" \/>\n<meta property=\"og:type\" content=\"article\" \/>\n<meta property=\"og:title\" content=\"Oficinas Grupo Paolini \/ Paolini Arquitectos\" \/>\n<meta property=\"og:description\" content=\"Se busc\u00f3 lograr una transformaci\u00f3n cultural de la estructura; donde la digitalizaci\u00f3n y colaboraci\u00f3n en conjunto con el protagonismo del usuario, definen los espacios otorg\u00e1ndole valor al proyecto.\" \/>\n<meta property=\"og:url\" content=\"https:\/\/www.arquimaster.com.ar\/web\/oficinas-grupo-paolini-paolini-arquitectos\/\" \/>\n<meta property=\"og:site_name\" content=\"Arquimaster\" \/>\n<meta property=\"article:publisher\" content=\"http:\/\/www.facebook.com\/ARQUIMASTER.com.ar\" \/>\n<meta property=\"article:published_time\" content=\"2022-06-02T22:39:13+00:00\" \/>\n<meta property=\"article:modified_time\" content=\"2022-11-14T20:54:08+00:00\" \/>\n<meta property=\"og:image\" content=\"https:\/\/www.arquimaster.com.ar\/web\/wp-content\/uploads\/2022\/06\/oficinas_grupo_paolini_slide.jpg\" \/>\n\t<meta property=\"og:image:width\" content=\"698\" \/>\n\t<meta property=\"og:image:height\" content=\"364\" \/>\n\t<meta property=\"og:image:type\" content=\"image\/jpeg\" \/>\n<meta name=\"author\" content=\"Arquimaster\" \/>\n<meta name=\"twitter:card\" content=\"summary_large_image\" \/>\n<meta name=\"twitter:title\" content=\"Oficinas Grupo Paolini \/ Paolini Arquitectos\" \/>\n<meta name=\"twitter:description\" content=\"Se busc\u00f3 lograr una transformaci\u00f3n cultural de la estructura; donde la digitalizaci\u00f3n y colaboraci\u00f3n en conjunto con el protagonismo del usuario, definen los espacios otorg\u00e1ndole valor al proyecto.\" \/>\n<meta name=\"twitter:image\" content=\"https:\/\/www.arquimaster.com.ar\/web\/wp-content\/uploads\/2022\/06\/oficinas_grupo_paolini_slide.jpg\" \/>\n<meta name=\"twitter:creator\" content=\"@arquimaster\" \/>\n<meta name=\"twitter:site\" content=\"@arquimaster\" \/>\n<meta name=\"twitter:label1\" content=\"Escrito por\" \/>\n\t<meta name=\"twitter:data1\" content=\"Arquimaster\" \/>\n\t<meta name=\"twitter:label2\" content=\"Tiempo de lectura\" \/>\n\t<meta name=\"twitter:data2\" content=\"2 minutos\" \/>\n<script type=\"application\/ld+json\" class=\"yoast-schema-graph\">{\"@context\":\"https:\\\/\\\/schema.org\",\"@graph\":[{\"@type\":\"Article\",\"@id\":\"https:\\\/\\\/www.arquimaster.com.ar\\\/web\\\/oficinas-grupo-paolini-paolini-arquitectos\\\/#article\",\"isPartOf\":{\"@id\":\"https:\\\/\\\/www.arquimaster.com.ar\\\/web\\\/oficinas-grupo-paolini-paolini-arquitectos\\\/\"},\"author\":{\"name\":\"Arquimaster\",\"@id\":\"https:\\\/\\\/www.arquimaster.com.ar\\\/web\\\/#\\\/schema\\\/person\\\/359e9f7c00193fcde068e0dd2ceb0028\"},\"headline\":\"Oficinas Grupo Paolini \\\/ Paolini Arquitectos\",\"datePublished\":\"2022-06-02T22:39:13+00:00\",\"dateModified\":\"2022-11-14T20:54:08+00:00\",\"mainEntityOfPage\":{\"@id\":\"https:\\\/\\\/www.arquimaster.com.ar\\\/web\\\/oficinas-grupo-paolini-paolini-arquitectos\\\/\"},\"wordCount\":418,\"publisher\":{\"@id\":\"https:\\\/\\\/www.arquimaster.com.ar\\\/web\\\/#organization\"},\"image\":{\"@id\":\"https:\\\/\\\/www.arquimaster.com.ar\\\/web\\\/oficinas-grupo-paolini-paolini-arquitectos\\\/#primaryimage\"},\"thumbnailUrl\":\"https:\\\/\\\/www.arquimaster.com.ar\\\/web\\\/wp-content\\\/uploads\\\/2022\\\/06\\\/oficinas_grupo_paolini_slide.jpg\",\"keywords\":[\"Argentina\",\"arquitectura corporativa\",\"Buenos Aires\",\"dise\u00f1o de oficinas\",\"Paolini Arquitectos\"],\"articleSection\":[\"Arquitectura corporativa\",\"Proyecto\"],\"inLanguage\":\"es\"},{\"@type\":\"WebPage\",\"@id\":\"https:\\\/\\\/www.arquimaster.com.ar\\\/web\\\/oficinas-grupo-paolini-paolini-arquitectos\\\/\",\"url\":\"https:\\\/\\\/www.arquimaster.com.ar\\\/web\\\/oficinas-grupo-paolini-paolini-arquitectos\\\/\",\"name\":\"Oficinas Grupo Paolini \\\/ Paolini Arquitectos - Arquimaster\",\"isPartOf\":{\"@id\":\"https:\\\/\\\/www.arquimaster.com.ar\\\/web\\\/#website\"},\"primaryImageOfPage\":{\"@id\":\"https:\\\/\\\/www.arquimaster.com.ar\\\/web\\\/oficinas-grupo-paolini-paolini-arquitectos\\\/#primaryimage\"},\"image\":{\"@id\":\"https:\\\/\\\/www.arquimaster.com.ar\\\/web\\\/oficinas-grupo-paolini-paolini-arquitectos\\\/#primaryimage\"},\"thumbnailUrl\":\"https:\\\/\\\/www.arquimaster.com.ar\\\/web\\\/wp-content\\\/uploads\\\/2022\\\/06\\\/oficinas_grupo_paolini_slide.jpg\",\"datePublished\":\"2022-06-02T22:39:13+00:00\",\"dateModified\":\"2022-11-14T20:54:08+00:00\",\"description\":\"Se busc\u00f3 lograr una transformaci\u00f3n cultural de la estructura; donde la digitalizaci\u00f3n y colaboraci\u00f3n en conjunto con el protagonismo del usuario, definen los espacios otorg\u00e1ndole valor al proyecto.\",\"breadcrumb\":{\"@id\":\"https:\\\/\\\/www.arquimaster.com.ar\\\/web\\\/oficinas-grupo-paolini-paolini-arquitectos\\\/#breadcrumb\"},\"inLanguage\":\"es\",\"potentialAction\":[{\"@type\":\"ReadAction\",\"target\":[\"https:\\\/\\\/www.arquimaster.com.ar\\\/web\\\/oficinas-grupo-paolini-paolini-arquitectos\\\/\"]}]},{\"@type\":\"ImageObject\",\"inLanguage\":\"es\",\"@id\":\"https:\\\/\\\/www.arquimaster.com.ar\\\/web\\\/oficinas-grupo-paolini-paolini-arquitectos\\\/#primaryimage\",\"url\":\"https:\\\/\\\/www.arquimaster.com.ar\\\/web\\\/wp-content\\\/uploads\\\/2022\\\/06\\\/oficinas_grupo_paolini_slide.jpg\",\"contentUrl\":\"https:\\\/\\\/www.arquimaster.com.ar\\\/web\\\/wp-content\\\/uploads\\\/2022\\\/06\\\/oficinas_grupo_paolini_slide.jpg\",\"width\":698,\"height\":364,\"caption\":\"Oficinas Grupo Paolini \\\/ Paolini Arquitectos\"},{\"@type\":\"BreadcrumbList\",\"@id\":\"https:\\\/\\\/www.arquimaster.com.ar\\\/web\\\/oficinas-grupo-paolini-paolini-arquitectos\\\/#breadcrumb\",\"itemListElement\":[{\"@type\":\"ListItem\",\"position\":1,\"name\":\"Portada\",\"item\":\"https:\\\/\\\/www.arquimaster.com.ar\\\/web\\\/\"},{\"@type\":\"ListItem\",\"position\":2,\"name\":\"Oficinas Grupo Paolini \\\/ Paolini Arquitectos\"}]},{\"@type\":\"WebSite\",\"@id\":\"https:\\\/\\\/www.arquimaster.com.ar\\\/web\\\/#website\",\"url\":\"https:\\\/\\\/www.arquimaster.com.ar\\\/web\\\/\",\"name\":\"Arquimaster\",\"description\":\"Web de arquitectura, dise\u00f1o y construccion\",\"publisher\":{\"@id\":\"https:\\\/\\\/www.arquimaster.com.ar\\\/web\\\/#organization\"},\"potentialAction\":[{\"@type\":\"SearchAction\",\"target\":{\"@type\":\"EntryPoint\",\"urlTemplate\":\"https:\\\/\\\/www.arquimaster.com.ar\\\/web\\\/?s={search_term_string}\"},\"query-input\":{\"@type\":\"PropertyValueSpecification\",\"valueRequired\":true,\"valueName\":\"search_term_string\"}}],\"inLanguage\":\"es\"},{\"@type\":\"Organization\",\"@id\":\"https:\\\/\\\/www.arquimaster.com.ar\\\/web\\\/#organization\",\"name\":\"Arquimaster\",\"url\":\"https:\\\/\\\/www.arquimaster.com.ar\\\/web\\\/\",\"logo\":{\"@type\":\"ImageObject\",\"inLanguage\":\"es\",\"@id\":\"https:\\\/\\\/www.arquimaster.com.ar\\\/web\\\/#\\\/schema\\\/logo\\\/image\\\/\",\"url\":\"https:\\\/\\\/www.arquimaster.com.ar\\\/web\\\/wp-content\\\/uploads\\\/2022\\\/06\\\/arquimaster.png\",\"contentUrl\":\"https:\\\/\\\/www.arquimaster.com.ar\\\/web\\\/wp-content\\\/uploads\\\/2022\\\/06\\\/arquimaster.png\",\"width\":594,\"height\":78,\"caption\":\"Arquimaster\"},\"image\":{\"@id\":\"https:\\\/\\\/www.arquimaster.com.ar\\\/web\\\/#\\\/schema\\\/logo\\\/image\\\/\"},\"sameAs\":[\"http:\\\/\\\/www.facebook.com\\\/ARQUIMASTER.com.ar\",\"https:\\\/\\\/x.com\\\/arquimaster\",\"https:\\\/\\\/www.instagram.com\\\/arquimasterblog\\\/\",\"https:\\\/\\\/www.linkedin.com\\\/company\\\/arquimaster\",\"https:\\\/\\\/www.pinterest.com\\\/arquimaster\",\"https:\\\/\\\/t.me\\\/arquimaster\"]},{\"@type\":\"Person\",\"@id\":\"https:\\\/\\\/www.arquimaster.com.ar\\\/web\\\/#\\\/schema\\\/person\\\/359e9f7c00193fcde068e0dd2ceb0028\",\"name\":\"Arquimaster\"}]}<\/script>\n<!-- \/ Yoast SEO plugin. -->","yoast_head_json":{"title":"Oficinas Grupo Paolini \/ Paolini Arquitectos - Arquimaster","description":"Se busc\u00f3 lograr una transformaci\u00f3n cultural de la estructura; donde la digitalizaci\u00f3n y colaboraci\u00f3n en conjunto con el protagonismo del usuario, definen los espacios otorg\u00e1ndole valor al proyecto.","robots":{"index":"index","follow":"follow","max-snippet":"max-snippet:-1","max-image-preview":"max-image-preview:large","max-video-preview":"max-video-preview:-1"},"canonical":"https:\/\/www.arquimaster.com.ar\/web\/oficinas-grupo-paolini-paolini-arquitectos\/","og_locale":"es_ES","og_type":"article","og_title":"Oficinas Grupo Paolini \/ Paolini Arquitectos","og_description":"Se busc\u00f3 lograr una transformaci\u00f3n cultural de la estructura; donde la digitalizaci\u00f3n y colaboraci\u00f3n en conjunto con el protagonismo del usuario, definen los espacios otorg\u00e1ndole valor al proyecto.","og_url":"https:\/\/www.arquimaster.com.ar\/web\/oficinas-grupo-paolini-paolini-arquitectos\/","og_site_name":"Arquimaster","article_publisher":"http:\/\/www.facebook.com\/ARQUIMASTER.com.ar","article_published_time":"2022-06-02T22:39:13+00:00","article_modified_time":"2022-11-14T20:54:08+00:00","og_image":[{"width":698,"height":364,"url":"https:\/\/www.arquimaster.com.ar\/web\/wp-content\/uploads\/2022\/06\/oficinas_grupo_paolini_slide.jpg","type":"image\/jpeg"}],"author":"Arquimaster","twitter_card":"summary_large_image","twitter_title":"Oficinas Grupo Paolini \/ Paolini Arquitectos","twitter_description":"Se busc\u00f3 lograr una transformaci\u00f3n cultural de la estructura; donde la digitalizaci\u00f3n y colaboraci\u00f3n en conjunto con el protagonismo del usuario, definen los espacios otorg\u00e1ndole valor al proyecto.","twitter_image":"https:\/\/www.arquimaster.com.ar\/web\/wp-content\/uploads\/2022\/06\/oficinas_grupo_paolini_slide.jpg","twitter_creator":"@arquimaster","twitter_site":"@arquimaster","twitter_misc":{"Escrito por":"Arquimaster","Tiempo de lectura":"2 minutos"},"schema":{"@context":"https:\/\/schema.org","@graph":[{"@type":"Article","@id":"https:\/\/www.arquimaster.com.ar\/web\/oficinas-grupo-paolini-paolini-arquitectos\/#article","isPartOf":{"@id":"https:\/\/www.arquimaster.com.ar\/web\/oficinas-grupo-paolini-paolini-arquitectos\/"},"author":{"name":"Arquimaster","@id":"https:\/\/www.arquimaster.com.ar\/web\/#\/schema\/person\/359e9f7c00193fcde068e0dd2ceb0028"},"headline":"Oficinas Grupo Paolini \/ Paolini Arquitectos","datePublished":"2022-06-02T22:39:13+00:00","dateModified":"2022-11-14T20:54:08+00:00","mainEntityOfPage":{"@id":"https:\/\/www.arquimaster.com.ar\/web\/oficinas-grupo-paolini-paolini-arquitectos\/"},"wordCount":418,"publisher":{"@id":"https:\/\/www.arquimaster.com.ar\/web\/#organization"},"image":{"@id":"https:\/\/www.arquimaster.com.ar\/web\/oficinas-grupo-paolini-paolini-arquitectos\/#primaryimage"},"thumbnailUrl":"https:\/\/www.arquimaster.com.ar\/web\/wp-content\/uploads\/2022\/06\/oficinas_grupo_paolini_slide.jpg","keywords":["Argentina","arquitectura corporativa","Buenos Aires","dise\u00f1o de oficinas","Paolini Arquitectos"],"articleSection":["Arquitectura corporativa","Proyecto"],"inLanguage":"es"},{"@type":"WebPage","@id":"https:\/\/www.arquimaster.com.ar\/web\/oficinas-grupo-paolini-paolini-arquitectos\/","url":"https:\/\/www.arquimaster.com.ar\/web\/oficinas-grupo-paolini-paolini-arquitectos\/","name":"Oficinas Grupo Paolini \/ Paolini Arquitectos - Arquimaster","isPartOf":{"@id":"https:\/\/www.arquimaster.com.ar\/web\/#website"},"primaryImageOfPage":{"@id":"https:\/\/www.arquimaster.com.ar\/web\/oficinas-grupo-paolini-paolini-arquitectos\/#primaryimage"},"image":{"@id":"https:\/\/www.arquimaster.com.ar\/web\/oficinas-grupo-paolini-paolini-arquitectos\/#primaryimage"},"thumbnailUrl":"https:\/\/www.arquimaster.com.ar\/web\/wp-content\/uploads\/2022\/06\/oficinas_grupo_paolini_slide.jpg","datePublished":"2022-06-02T22:39:13+00:00","dateModified":"2022-11-14T20:54:08+00:00","description":"Se busc\u00f3 lograr una transformaci\u00f3n cultural de la estructura; donde la digitalizaci\u00f3n y colaboraci\u00f3n en conjunto con el protagonismo del usuario, definen los espacios otorg\u00e1ndole valor al proyecto.","breadcrumb":{"@id":"https:\/\/www.arquimaster.com.ar\/web\/oficinas-grupo-paolini-paolini-arquitectos\/#breadcrumb"},"inLanguage":"es","potentialAction":[{"@type":"ReadAction","target":["https:\/\/www.arquimaster.com.ar\/web\/oficinas-grupo-paolini-paolini-arquitectos\/"]}]},{"@type":"ImageObject","inLanguage":"es","@id":"https:\/\/www.arquimaster.com.ar\/web\/oficinas-grupo-paolini-paolini-arquitectos\/#primaryimage","url":"https:\/\/www.arquimaster.com.ar\/web\/wp-content\/uploads\/2022\/06\/oficinas_grupo_paolini_slide.jpg","contentUrl":"https:\/\/www.arquimaster.com.ar\/web\/wp-content\/uploads\/2022\/06\/oficinas_grupo_paolini_slide.jpg","width":698,"height":364,"caption":"Oficinas Grupo Paolini \/ Paolini Arquitectos"},{"@type":"BreadcrumbList","@id":"https:\/\/www.arquimaster.com.ar\/web\/oficinas-grupo-paolini-paolini-arquitectos\/#breadcrumb","itemListElement":[{"@type":"ListItem","position":1,"name":"Portada","item":"https:\/\/www.arquimaster.com.ar\/web\/"},{"@type":"ListItem","position":2,"name":"Oficinas Grupo Paolini \/ Paolini Arquitectos"}]},{"@type":"WebSite","@id":"https:\/\/www.arquimaster.com.ar\/web\/#website","url":"https:\/\/www.arquimaster.com.ar\/web\/","name":"Arquimaster","description":"Web de arquitectura, dise\u00f1o y construccion","publisher":{"@id":"https:\/\/www.arquimaster.com.ar\/web\/#organization"},"potentialAction":[{"@type":"SearchAction","target":{"@type":"EntryPoint","urlTemplate":"https:\/\/www.arquimaster.com.ar\/web\/?s={search_term_string}"},"query-input":{"@type":"PropertyValueSpecification","valueRequired":true,"valueName":"search_term_string"}}],"inLanguage":"es"},{"@type":"Organization","@id":"https:\/\/www.arquimaster.com.ar\/web\/#organization","name":"Arquimaster","url":"https:\/\/www.arquimaster.com.ar\/web\/","logo":{"@type":"ImageObject","inLanguage":"es","@id":"https:\/\/www.arquimaster.com.ar\/web\/#\/schema\/logo\/image\/","url":"https:\/\/www.arquimaster.com.ar\/web\/wp-content\/uploads\/2022\/06\/arquimaster.png","contentUrl":"https:\/\/www.arquimaster.com.ar\/web\/wp-content\/uploads\/2022\/06\/arquimaster.png","width":594,"height":78,"caption":"Arquimaster"},"image":{"@id":"https:\/\/www.arquimaster.com.ar\/web\/#\/schema\/logo\/image\/"},"sameAs":["http:\/\/www.facebook.com\/ARQUIMASTER.com.ar","https:\/\/x.com\/arquimaster","https:\/\/www.instagram.com\/arquimasterblog\/","https:\/\/www.linkedin.com\/company\/arquimaster","https:\/\/www.pinterest.com\/arquimaster","https:\/\/t.me\/arquimaster"]},{"@type":"Person","@id":"https:\/\/www.arquimaster.com.ar\/web\/#\/schema\/person\/359e9f7c00193fcde068e0dd2ceb0028","name":"Arquimaster"}]}},"uagb_featured_image_src":{"full":["https:\/\/www.arquimaster.com.ar\/web\/wp-content\/uploads\/2022\/06\/oficinas_grupo_paolini_slide.jpg",698,364,false],"thumbnail":["https:\/\/www.arquimaster.com.ar\/web\/wp-content\/uploads\/2022\/06\/oficinas_grupo_paolini_slide-150x150.jpg",150,150,true],"medium":["https:\/\/www.arquimaster.com.ar\/web\/wp-content\/uploads\/2022\/06\/oficinas_grupo_paolini_slide.jpg",698,364,false],"medium_large":["https:\/\/www.arquimaster.com.ar\/web\/wp-content\/uploads\/2022\/06\/oficinas_grupo_paolini_slide.jpg",698,364,false],"large":["https:\/\/www.arquimaster.com.ar\/web\/wp-content\/uploads\/2022\/06\/oficinas_grupo_paolini_slide.jpg",698,364,false],"1536x1536":["https:\/\/www.arquimaster.com.ar\/web\/wp-content\/uploads\/2022\/06\/oficinas_grupo_paolini_slide.jpg",698,364,false],"2048x2048":["https:\/\/www.arquimaster.com.ar\/web\/wp-content\/uploads\/2022\/06\/oficinas_grupo_paolini_slide.jpg",698,364,false]},"uagb_author_info":{"display_name":"Arquimaster","author_link":"https:\/\/www.arquimaster.com.ar\/web\/author\/arquimaster\/"},"uagb_comment_info":0,"uagb_excerpt":"Nuevo espacio de trabajo colaborativo, transparente y people centric...","_links":{"self":[{"href":"https:\/\/www.arquimaster.com.ar\/web\/wp-json\/wp\/v2\/posts\/70399","targetHints":{"allow":["GET"]}}],"collection":[{"href":"https:\/\/www.arquimaster.com.ar\/web\/wp-json\/wp\/v2\/posts"}],"about":[{"href":"https:\/\/www.arquimaster.com.ar\/web\/wp-json\/wp\/v2\/types\/post"}],"author":[{"embeddable":true,"href":"https:\/\/www.arquimaster.com.ar\/web\/wp-json\/wp\/v2\/users\/1"}],"replies":[{"embeddable":true,"href":"https:\/\/www.arquimaster.com.ar\/web\/wp-json\/wp\/v2\/comments?post=70399"}],"version-history":[{"count":3,"href":"https:\/\/www.arquimaster.com.ar\/web\/wp-json\/wp\/v2\/posts\/70399\/revisions"}],"predecessor-version":[{"id":70445,"href":"https:\/\/www.arquimaster.com.ar\/web\/wp-json\/wp\/v2\/posts\/70399\/revisions\/70445"}],"wp:featuredmedia":[{"embeddable":true,"href":"https:\/\/www.arquimaster.com.ar\/web\/wp-json\/wp\/v2\/media\/70400"}],"wp:attachment":[{"href":"https:\/\/www.arquimaster.com.ar\/web\/wp-json\/wp\/v2\/media?parent=70399"}],"wp:term":[{"taxonomy":"category","embeddable":true,"href":"https:\/\/www.arquimaster.com.ar\/web\/wp-json\/wp\/v2\/categories?post=70399"},{"taxonomy":"post_tag","embeddable":true,"href":"https:\/\/www.arquimaster.com.ar\/web\/wp-json\/wp\/v2\/tags?post=70399"}],"curies":[{"name":"wp","href":"https:\/\/api.w.org\/{rel}","templated":true}]}}