{"id":70446,"date":"2022-06-02T20:11:09","date_gmt":"2022-06-02T23:11:09","guid":{"rendered":"https:\/\/www.arquimaster.com.ar\/web\/?p=70446"},"modified":"2022-11-17T13:13:25","modified_gmt":"2022-11-17T16:13:25","slug":"vivienda-villa-serrana-iv-tatu-arquitectura","status":"publish","type":"post","link":"https:\/\/www.arquimaster.com.ar\/web\/vivienda-villa-serrana-iv-tatu-arquitectura\/","title":{"rendered":"Vivienda Villa Serrana IV \/ TATU Arquitectura"},"content":{"rendered":"<div style=\"margin-top: 0px; margin-bottom: 0px;\" class=\"sharethis-inline-share-buttons\" ><\/div><div class=\"b812932af2e751442846f039925109de\" data-index=\"1\" style=\"float: none; margin:25px 0 25px 0; text-align:center;\">\n<script async src=\"https:\/\/pagead2.googlesyndication.com\/pagead\/js\/adsbygoogle.js\"><\/script>\r\n<!-- Arquimaster (superior) -->\r\n<ins class=\"adsbygoogle\"\r\n     style=\"display:block\"\r\n     data-ad-client=\"ca-pub-6351072698456832\"\r\n     data-ad-slot=\"6455489680\"\r\n     data-ad-format=\"auto\"\r\n     data-full-width-responsive=\"true\"><\/ins>\r\n<script>\r\n     (adsbygoogle = window.adsbygoogle || []).push({});\r\n<\/script>\n<\/div>\n<p><strong>Vivienda Villa Serrana IV<\/strong> (Villa Serrana, Lavalleja, Uruguay) por <strong>TATU Arquitectura<\/strong>. Villa Serrana es una urbanizaci\u00f3n de sierra que existe en el Departamento de Lavalleja desde hace m\u00e1s de medio siglo, pero parece haber encontrado en la d\u00e9cada m\u00e1s reciente su lugar de inter\u00e9s para el renovado p\u00fablico en busca de \u00abla casa de fin de semana\u00bb. Quiz\u00e1s no en los t\u00e9rminos a los que tradicionalmente est\u00e1bamos acostumbrados, porque la nueva ruralidad es temporal, y se compone de una mixtura entre la tradici\u00f3n productiva y las experiencias vinculadas a los nuevos deseos de paisaje, y sus posibles manufacturas asociadas que abren una serie de oportunidades para habitar o rentabilizar el paisaje a partir de las nuevas tecnolog\u00edas.<\/p>\n<div id='gallery-1' class='gallery galleryid-70446 gallery-columns-3 gallery-size-thumbnail'><figure class='gallery-item'>\n\t\t\t<div class='gallery-icon landscape'>\n\t\t\t\t<a href='https:\/\/www.arquimaster.com.ar\/web\/wp-content\/uploads\/2022\/06\/vivienda_villa_serrana_iv_1.jpg' title=\"Vivienda Villa Serrana IV \/ TATU Arquitectura (\u00a9 Marcos Guiponi)\" data-rl_title=\"Vivienda Villa Serrana IV \/ TATU Arquitectura (\u00a9 Marcos Guiponi)\" class=\"rl-gallery-link\" data-rl_caption=\"Vivienda Villa Serrana IV \/ TATU Arquitectura (\u00a9 Marcos Guiponi)\" data-rel=\"lightbox-gallery-1\"><img loading=\"lazy\" decoding=\"async\" width=\"150\" height=\"150\" src=\"https:\/\/www.arquimaster.com.ar\/web\/wp-content\/uploads\/2022\/06\/vivienda_villa_serrana_iv_1-150x150.jpg\" class=\"attachment-thumbnail size-thumbnail\" alt=\"Vivienda Villa Serrana IV \/ TATU Arquitectura\" aria-describedby=\"gallery-1-70447\" \/><\/a>\n\t\t\t<\/div>\n\t\t\t\t<figcaption class='wp-caption-text gallery-caption' id='gallery-1-70447'>\n\t\t\t\tVivienda Villa Serrana IV \/ TATU Arquitectura (\u00a9 Marcos Guiponi)\n\t\t\t\t<\/figcaption><\/figure><figure class='gallery-item'>\n\t\t\t<div class='gallery-icon portrait'>\n\t\t\t\t<a href='https:\/\/www.arquimaster.com.ar\/web\/wp-content\/uploads\/2022\/06\/vivienda_villa_serrana_iv_2.jpg' title=\"Vivienda Villa Serrana IV \/ TATU Arquitectura (\u00a9 Marcos Guiponi)\" data-rl_title=\"Vivienda Villa Serrana IV \/ TATU Arquitectura (\u00a9 Marcos Guiponi)\" class=\"rl-gallery-link\" data-rl_caption=\"Vivienda Villa Serrana IV \/ TATU Arquitectura (\u00a9 Marcos Guiponi)\" data-rel=\"lightbox-gallery-1\"><img loading=\"lazy\" decoding=\"async\" width=\"150\" height=\"150\" src=\"https:\/\/www.arquimaster.com.ar\/web\/wp-content\/uploads\/2022\/06\/vivienda_villa_serrana_iv_2-150x150.jpg\" class=\"attachment-thumbnail size-thumbnail\" alt=\"Vivienda Villa Serrana IV \/ TATU Arquitectura\" aria-describedby=\"gallery-1-70448\" \/><\/a>\n\t\t\t<\/div>\n\t\t\t\t<figcaption class='wp-caption-text gallery-caption' id='gallery-1-70448'>\n\t\t\t\tVivienda Villa Serrana IV \/ TATU Arquitectura (\u00a9 Marcos Guiponi)\n\t\t\t\t<\/figcaption><\/figure><figure class='gallery-item'>\n\t\t\t<div class='gallery-icon landscape'>\n\t\t\t\t<a href='https:\/\/www.arquimaster.com.ar\/web\/wp-content\/uploads\/2022\/06\/vivienda_villa_serrana_iv_3.jpg' title=\"Vivienda Villa Serrana IV \/ TATU Arquitectura (\u00a9 Marcos Guiponi)\" data-rl_title=\"Vivienda Villa Serrana IV \/ TATU Arquitectura (\u00a9 Marcos Guiponi)\" class=\"rl-gallery-link\" data-rl_caption=\"Vivienda Villa Serrana IV \/ TATU Arquitectura (\u00a9 Marcos Guiponi)\" data-rel=\"lightbox-gallery-1\"><img loading=\"lazy\" decoding=\"async\" width=\"150\" height=\"150\" src=\"https:\/\/www.arquimaster.com.ar\/web\/wp-content\/uploads\/2022\/06\/vivienda_villa_serrana_iv_3-150x150.jpg\" class=\"attachment-thumbnail size-thumbnail\" alt=\"Vivienda Villa Serrana IV \/ TATU Arquitectura\" aria-describedby=\"gallery-1-70449\" \/><\/a>\n\t\t\t<\/div>\n\t\t\t\t<figcaption class='wp-caption-text gallery-caption' id='gallery-1-70449'>\n\t\t\t\tVivienda Villa Serrana IV \/ TATU Arquitectura (\u00a9 Marcos Guiponi)\n\t\t\t\t<\/figcaption><\/figure><figure class='gallery-item'>\n\t\t\t<div class='gallery-icon landscape'>\n\t\t\t\t<a href='https:\/\/www.arquimaster.com.ar\/web\/wp-content\/uploads\/2022\/06\/vivienda_villa_serrana_iv_4.jpg' title=\"Vivienda Villa Serrana IV \/ TATU Arquitectura (\u00a9 Marcos Guiponi)\" data-rl_title=\"Vivienda Villa Serrana IV \/ TATU Arquitectura (\u00a9 Marcos Guiponi)\" class=\"rl-gallery-link\" data-rl_caption=\"Vivienda Villa Serrana IV \/ TATU Arquitectura (\u00a9 Marcos Guiponi)\" data-rel=\"lightbox-gallery-1\"><img loading=\"lazy\" decoding=\"async\" width=\"150\" height=\"150\" src=\"https:\/\/www.arquimaster.com.ar\/web\/wp-content\/uploads\/2022\/06\/vivienda_villa_serrana_iv_4-150x150.jpg\" class=\"attachment-thumbnail size-thumbnail\" alt=\"Vivienda Villa Serrana IV \/ TATU Arquitectura\" aria-describedby=\"gallery-1-70450\" \/><\/a>\n\t\t\t<\/div>\n\t\t\t\t<figcaption class='wp-caption-text gallery-caption' id='gallery-1-70450'>\n\t\t\t\tVivienda Villa Serrana IV \/ TATU Arquitectura (\u00a9 Marcos Guiponi)\n\t\t\t\t<\/figcaption><\/figure><figure class='gallery-item'>\n\t\t\t<div class='gallery-icon landscape'>\n\t\t\t\t<a href='https:\/\/www.arquimaster.com.ar\/web\/wp-content\/uploads\/2022\/06\/vivienda_villa_serrana_iv_5.jpg' title=\"Vivienda Villa Serrana IV \/ TATU Arquitectura (\u00a9 Marcos Guiponi)\" data-rl_title=\"Vivienda Villa Serrana IV \/ TATU Arquitectura (\u00a9 Marcos Guiponi)\" class=\"rl-gallery-link\" data-rl_caption=\"Vivienda Villa Serrana IV \/ TATU Arquitectura (\u00a9 Marcos Guiponi)\" data-rel=\"lightbox-gallery-1\"><img loading=\"lazy\" decoding=\"async\" width=\"150\" height=\"150\" src=\"https:\/\/www.arquimaster.com.ar\/web\/wp-content\/uploads\/2022\/06\/vivienda_villa_serrana_iv_5-150x150.jpg\" class=\"attachment-thumbnail size-thumbnail\" alt=\"Vivienda Villa Serrana IV \/ TATU Arquitectura\" aria-describedby=\"gallery-1-70451\" \/><\/a>\n\t\t\t<\/div>\n\t\t\t\t<figcaption class='wp-caption-text gallery-caption' id='gallery-1-70451'>\n\t\t\t\tVivienda Villa Serrana IV \/ TATU Arquitectura (\u00a9 Marcos Guiponi)\n\t\t\t\t<\/figcaption><\/figure><figure class='gallery-item'>\n\t\t\t<div class='gallery-icon landscape'>\n\t\t\t\t<a href='https:\/\/www.arquimaster.com.ar\/web\/wp-content\/uploads\/2022\/06\/vivienda_villa_serrana_iv_6.jpg' title=\"Vivienda Villa Serrana IV \/ TATU Arquitectura (\u00a9 Marcos Guiponi)\" data-rl_title=\"Vivienda Villa Serrana IV \/ TATU Arquitectura (\u00a9 Marcos Guiponi)\" class=\"rl-gallery-link\" data-rl_caption=\"Vivienda Villa Serrana IV \/ TATU Arquitectura (\u00a9 Marcos Guiponi)\" data-rel=\"lightbox-gallery-1\"><img loading=\"lazy\" decoding=\"async\" width=\"150\" height=\"150\" src=\"https:\/\/www.arquimaster.com.ar\/web\/wp-content\/uploads\/2022\/06\/vivienda_villa_serrana_iv_6-150x150.jpg\" class=\"attachment-thumbnail size-thumbnail\" alt=\"Vivienda Villa Serrana IV \/ TATU Arquitectura\" aria-describedby=\"gallery-1-70452\" \/><\/a>\n\t\t\t<\/div>\n\t\t\t\t<figcaption class='wp-caption-text gallery-caption' id='gallery-1-70452'>\n\t\t\t\tVivienda Villa Serrana IV \/ TATU Arquitectura (\u00a9 Marcos Guiponi)\n\t\t\t\t<\/figcaption><\/figure><figure class='gallery-item'>\n\t\t\t<div class='gallery-icon landscape'>\n\t\t\t\t<a href='https:\/\/www.arquimaster.com.ar\/web\/wp-content\/uploads\/2022\/06\/vivienda_villa_serrana_iv_7.jpg' title=\"Vivienda Villa Serrana IV \/ TATU Arquitectura (\u00a9 Marcos Guiponi)\" data-rl_title=\"Vivienda Villa Serrana IV \/ TATU Arquitectura (\u00a9 Marcos Guiponi)\" class=\"rl-gallery-link\" data-rl_caption=\"Vivienda Villa Serrana IV \/ TATU Arquitectura (\u00a9 Marcos Guiponi)\" data-rel=\"lightbox-gallery-1\"><img loading=\"lazy\" decoding=\"async\" width=\"150\" height=\"150\" src=\"https:\/\/www.arquimaster.com.ar\/web\/wp-content\/uploads\/2022\/06\/vivienda_villa_serrana_iv_7-150x150.jpg\" class=\"attachment-thumbnail size-thumbnail\" alt=\"Vivienda Villa Serrana IV \/ TATU Arquitectura\" aria-describedby=\"gallery-1-70453\" \/><\/a>\n\t\t\t<\/div>\n\t\t\t\t<figcaption class='wp-caption-text gallery-caption' id='gallery-1-70453'>\n\t\t\t\tVivienda Villa Serrana IV \/ TATU Arquitectura (\u00a9 Marcos Guiponi)\n\t\t\t\t<\/figcaption><\/figure><figure class='gallery-item'>\n\t\t\t<div class='gallery-icon portrait'>\n\t\t\t\t<a href='https:\/\/www.arquimaster.com.ar\/web\/wp-content\/uploads\/2022\/06\/vivienda_villa_serrana_iv_8.jpg' title=\"Vivienda Villa Serrana IV \/ TATU Arquitectura (\u00a9 Marcos Guiponi)\" data-rl_title=\"Vivienda Villa Serrana IV \/ TATU Arquitectura (\u00a9 Marcos Guiponi)\" class=\"rl-gallery-link\" data-rl_caption=\"Vivienda Villa Serrana IV \/ TATU Arquitectura (\u00a9 Marcos Guiponi)\" data-rel=\"lightbox-gallery-1\"><img loading=\"lazy\" decoding=\"async\" width=\"150\" height=\"150\" src=\"https:\/\/www.arquimaster.com.ar\/web\/wp-content\/uploads\/2022\/06\/vivienda_villa_serrana_iv_8-150x150.jpg\" class=\"attachment-thumbnail size-thumbnail\" alt=\"Vivienda Villa Serrana IV \/ TATU Arquitectura\" aria-describedby=\"gallery-1-70454\" \/><\/a>\n\t\t\t<\/div>\n\t\t\t\t<figcaption class='wp-caption-text gallery-caption' id='gallery-1-70454'>\n\t\t\t\tVivienda Villa Serrana IV \/ TATU Arquitectura (\u00a9 Marcos Guiponi)\n\t\t\t\t<\/figcaption><\/figure><figure class='gallery-item'>\n\t\t\t<div class='gallery-icon landscape'>\n\t\t\t\t<a href='https:\/\/www.arquimaster.com.ar\/web\/wp-content\/uploads\/2022\/06\/vivienda_villa_serrana_iv_9.jpg' title=\"Vivienda Villa Serrana IV \/ TATU Arquitectura (\u00a9 Marcos Guiponi)\" data-rl_title=\"Vivienda Villa Serrana IV \/ TATU Arquitectura (\u00a9 Marcos Guiponi)\" class=\"rl-gallery-link\" data-rl_caption=\"Vivienda Villa Serrana IV \/ TATU Arquitectura (\u00a9 Marcos Guiponi)\" data-rel=\"lightbox-gallery-1\"><img loading=\"lazy\" decoding=\"async\" width=\"150\" height=\"150\" src=\"https:\/\/www.arquimaster.com.ar\/web\/wp-content\/uploads\/2022\/06\/vivienda_villa_serrana_iv_9-150x150.jpg\" class=\"attachment-thumbnail size-thumbnail\" alt=\"Vivienda Villa Serrana IV \/ TATU Arquitectura\" aria-describedby=\"gallery-1-70455\" \/><\/a>\n\t\t\t<\/div>\n\t\t\t\t<figcaption class='wp-caption-text gallery-caption' id='gallery-1-70455'>\n\t\t\t\tVivienda Villa Serrana IV \/ TATU Arquitectura (\u00a9 Marcos Guiponi)\n\t\t\t\t<\/figcaption><\/figure><figure class='gallery-item'>\n\t\t\t<div class='gallery-icon landscape'>\n\t\t\t\t<a href='https:\/\/www.arquimaster.com.ar\/web\/wp-content\/uploads\/2022\/06\/vivienda_villa_serrana_iv_10.jpg' title=\"Vivienda Villa Serrana IV \/ TATU Arquitectura (\u00a9 Marcos Guiponi)\" data-rl_title=\"Vivienda Villa Serrana IV \/ TATU Arquitectura (\u00a9 Marcos Guiponi)\" class=\"rl-gallery-link\" data-rl_caption=\"Vivienda Villa Serrana IV \/ TATU Arquitectura (\u00a9 Marcos Guiponi)\" data-rel=\"lightbox-gallery-1\"><img loading=\"lazy\" decoding=\"async\" width=\"150\" height=\"150\" src=\"https:\/\/www.arquimaster.com.ar\/web\/wp-content\/uploads\/2022\/06\/vivienda_villa_serrana_iv_10-150x150.jpg\" class=\"attachment-thumbnail size-thumbnail\" alt=\"Vivienda Villa Serrana IV \/ TATU Arquitectura\" aria-describedby=\"gallery-1-70456\" \/><\/a>\n\t\t\t<\/div>\n\t\t\t\t<figcaption class='wp-caption-text gallery-caption' id='gallery-1-70456'>\n\t\t\t\tVivienda Villa Serrana IV \/ TATU Arquitectura (\u00a9 Marcos Guiponi)\n\t\t\t\t<\/figcaption><\/figure><figure class='gallery-item'>\n\t\t\t<div class='gallery-icon landscape'>\n\t\t\t\t<a href='https:\/\/www.arquimaster.com.ar\/web\/wp-content\/uploads\/2022\/06\/vivienda_villa_serrana_iv_11.jpg' title=\"Vivienda Villa Serrana IV \/ TATU Arquitectura (\u00a9 Marcos Guiponi)\" data-rl_title=\"Vivienda Villa Serrana IV \/ TATU Arquitectura (\u00a9 Marcos Guiponi)\" class=\"rl-gallery-link\" data-rl_caption=\"Vivienda Villa Serrana IV \/ TATU Arquitectura (\u00a9 Marcos Guiponi)\" data-rel=\"lightbox-gallery-1\"><img loading=\"lazy\" decoding=\"async\" width=\"150\" height=\"150\" src=\"https:\/\/www.arquimaster.com.ar\/web\/wp-content\/uploads\/2022\/06\/vivienda_villa_serrana_iv_11-150x150.jpg\" class=\"attachment-thumbnail size-thumbnail\" alt=\"Vivienda Villa Serrana IV \/ TATU Arquitectura\" aria-describedby=\"gallery-1-70457\" \/><\/a>\n\t\t\t<\/div>\n\t\t\t\t<figcaption class='wp-caption-text gallery-caption' id='gallery-1-70457'>\n\t\t\t\tVivienda Villa Serrana IV \/ TATU Arquitectura (\u00a9 Marcos Guiponi)\n\t\t\t\t<\/figcaption><\/figure><figure class='gallery-item'>\n\t\t\t<div class='gallery-icon landscape'>\n\t\t\t\t<a href='https:\/\/www.arquimaster.com.ar\/web\/wp-content\/uploads\/2022\/06\/vivienda_villa_serrana_iv_12.jpg' title=\"Vivienda Villa Serrana IV \/ TATU Arquitectura (\u00a9 Marcos Guiponi)\" data-rl_title=\"Vivienda Villa Serrana IV \/ TATU Arquitectura (\u00a9 Marcos Guiponi)\" class=\"rl-gallery-link\" data-rl_caption=\"Vivienda Villa Serrana IV \/ TATU Arquitectura (\u00a9 Marcos Guiponi)\" data-rel=\"lightbox-gallery-1\"><img loading=\"lazy\" decoding=\"async\" width=\"150\" height=\"150\" src=\"https:\/\/www.arquimaster.com.ar\/web\/wp-content\/uploads\/2022\/06\/vivienda_villa_serrana_iv_12-150x150.jpg\" class=\"attachment-thumbnail size-thumbnail\" alt=\"Vivienda Villa Serrana IV \/ TATU Arquitectura\" aria-describedby=\"gallery-1-70458\" \/><\/a>\n\t\t\t<\/div>\n\t\t\t\t<figcaption class='wp-caption-text gallery-caption' id='gallery-1-70458'>\n\t\t\t\tVivienda Villa Serrana IV \/ TATU Arquitectura (\u00a9 Marcos Guiponi)\n\t\t\t\t<\/figcaption><\/figure><figure class='gallery-item'>\n\t\t\t<div class='gallery-icon landscape'>\n\t\t\t\t<a href='https:\/\/www.arquimaster.com.ar\/web\/wp-content\/uploads\/2022\/06\/vivienda_villa_serrana_iv_13.jpg' title=\"Vivienda Villa Serrana IV \/ TATU Arquitectura (\u00a9 Marcos Guiponi)\" data-rl_title=\"Vivienda Villa Serrana IV \/ TATU Arquitectura (\u00a9 Marcos Guiponi)\" class=\"rl-gallery-link\" data-rl_caption=\"Vivienda Villa Serrana IV \/ TATU Arquitectura (\u00a9 Marcos Guiponi)\" data-rel=\"lightbox-gallery-1\"><img loading=\"lazy\" decoding=\"async\" width=\"150\" height=\"150\" src=\"https:\/\/www.arquimaster.com.ar\/web\/wp-content\/uploads\/2022\/06\/vivienda_villa_serrana_iv_13-150x150.jpg\" class=\"attachment-thumbnail size-thumbnail\" alt=\"Vivienda Villa Serrana IV \/ TATU Arquitectura\" aria-describedby=\"gallery-1-70459\" \/><\/a>\n\t\t\t<\/div>\n\t\t\t\t<figcaption class='wp-caption-text gallery-caption' id='gallery-1-70459'>\n\t\t\t\tVivienda Villa Serrana IV \/ TATU Arquitectura (\u00a9 Marcos Guiponi)\n\t\t\t\t<\/figcaption><\/figure><figure class='gallery-item'>\n\t\t\t<div class='gallery-icon portrait'>\n\t\t\t\t<a href='https:\/\/www.arquimaster.com.ar\/web\/wp-content\/uploads\/2022\/06\/vivienda_villa_serrana_iv_14.jpg' title=\"Vivienda Villa Serrana IV \/ TATU Arquitectura (\u00a9 Marcos Guiponi)\" data-rl_title=\"Vivienda Villa Serrana IV \/ TATU Arquitectura (\u00a9 Marcos Guiponi)\" class=\"rl-gallery-link\" data-rl_caption=\"Vivienda Villa Serrana IV \/ TATU Arquitectura (\u00a9 Marcos Guiponi)\" data-rel=\"lightbox-gallery-1\"><img loading=\"lazy\" decoding=\"async\" width=\"150\" height=\"150\" src=\"https:\/\/www.arquimaster.com.ar\/web\/wp-content\/uploads\/2022\/06\/vivienda_villa_serrana_iv_14-150x150.jpg\" class=\"attachment-thumbnail size-thumbnail\" alt=\"Vivienda Villa Serrana IV \/ TATU Arquitectura\" aria-describedby=\"gallery-1-70460\" \/><\/a>\n\t\t\t<\/div>\n\t\t\t\t<figcaption class='wp-caption-text gallery-caption' id='gallery-1-70460'>\n\t\t\t\tVivienda Villa Serrana IV \/ TATU Arquitectura (\u00a9 Marcos Guiponi)\n\t\t\t\t<\/figcaption><\/figure><figure class='gallery-item'>\n\t\t\t<div class='gallery-icon landscape'>\n\t\t\t\t<a href='https:\/\/www.arquimaster.com.ar\/web\/wp-content\/uploads\/2022\/06\/vivienda_villa_serrana_iv_15.jpg' title=\"Vivienda Villa Serrana IV \/ TATU Arquitectura (\u00a9 Marcos Guiponi)\" data-rl_title=\"Vivienda Villa Serrana IV \/ TATU Arquitectura (\u00a9 Marcos Guiponi)\" class=\"rl-gallery-link\" data-rl_caption=\"Vivienda Villa Serrana IV \/ TATU Arquitectura (\u00a9 Marcos Guiponi)\" data-rel=\"lightbox-gallery-1\"><img loading=\"lazy\" decoding=\"async\" width=\"150\" height=\"150\" src=\"https:\/\/www.arquimaster.com.ar\/web\/wp-content\/uploads\/2022\/06\/vivienda_villa_serrana_iv_15-150x150.jpg\" class=\"attachment-thumbnail size-thumbnail\" alt=\"Vivienda Villa Serrana IV \/ TATU Arquitectura\" aria-describedby=\"gallery-1-70461\" \/><\/a>\n\t\t\t<\/div>\n\t\t\t\t<figcaption class='wp-caption-text gallery-caption' id='gallery-1-70461'>\n\t\t\t\tVivienda Villa Serrana IV \/ TATU Arquitectura (\u00a9 Marcos Guiponi)\n\t\t\t\t<\/figcaption><\/figure><figure class='gallery-item'>\n\t\t\t<div class='gallery-icon landscape'>\n\t\t\t\t<a href='https:\/\/www.arquimaster.com.ar\/web\/wp-content\/uploads\/2022\/06\/vivienda_villa_serrana_iv_16.jpg' title=\"Vivienda Villa Serrana IV \/ TATU Arquitectura (implantaci\u00f3n)\" data-rl_title=\"Vivienda Villa Serrana IV \/ TATU Arquitectura (implantaci\u00f3n)\" class=\"rl-gallery-link\" data-rl_caption=\"Vivienda Villa Serrana IV \/ TATU Arquitectura (implantaci\u00f3n)\" data-rel=\"lightbox-gallery-1\"><img loading=\"lazy\" decoding=\"async\" width=\"150\" height=\"150\" src=\"https:\/\/www.arquimaster.com.ar\/web\/wp-content\/uploads\/2022\/06\/vivienda_villa_serrana_iv_16-150x150.jpg\" class=\"attachment-thumbnail size-thumbnail\" alt=\"Vivienda Villa Serrana IV \/ TATU Arquitectura\" aria-describedby=\"gallery-1-70462\" srcset=\"https:\/\/www.arquimaster.com.ar\/web\/wp-content\/uploads\/2022\/06\/vivienda_villa_serrana_iv_16-150x150.jpg 150w, https:\/\/www.arquimaster.com.ar\/web\/wp-content\/uploads\/2022\/06\/vivienda_villa_serrana_iv_16-768x768.jpg 768w, https:\/\/www.arquimaster.com.ar\/web\/wp-content\/uploads\/2022\/06\/vivienda_villa_serrana_iv_16-1536x1536.jpg 1536w, https:\/\/www.arquimaster.com.ar\/web\/wp-content\/uploads\/2022\/06\/vivienda_villa_serrana_iv_16.jpg 2000w\" sizes=\"auto, (max-width: 150px) 100vw, 150px\" \/><\/a>\n\t\t\t<\/div>\n\t\t\t\t<figcaption class='wp-caption-text gallery-caption' id='gallery-1-70462'>\n\t\t\t\tVivienda Villa Serrana IV \/ TATU Arquitectura (implantaci\u00f3n)\n\t\t\t\t<\/figcaption><\/figure><figure class='gallery-item'>\n\t\t\t<div class='gallery-icon landscape'>\n\t\t\t\t<a href='https:\/\/www.arquimaster.com.ar\/web\/wp-content\/uploads\/2022\/06\/vivienda_villa_serrana_iv_18.jpg' title=\"Vivienda Villa Serrana IV \/ TATU Arquitectura\" data-rl_title=\"Vivienda Villa Serrana IV \/ TATU Arquitectura\" class=\"rl-gallery-link\" data-rl_caption=\"Vivienda Villa Serrana IV \/ TATU Arquitectura\" data-rel=\"lightbox-gallery-1\"><img loading=\"lazy\" decoding=\"async\" width=\"150\" height=\"150\" src=\"https:\/\/www.arquimaster.com.ar\/web\/wp-content\/uploads\/2022\/06\/vivienda_villa_serrana_iv_18-150x150.jpg\" class=\"attachment-thumbnail size-thumbnail\" alt=\"Vivienda Villa Serrana IV \/ TATU Arquitectura\" aria-describedby=\"gallery-1-70464\" srcset=\"https:\/\/www.arquimaster.com.ar\/web\/wp-content\/uploads\/2022\/06\/vivienda_villa_serrana_iv_18-150x150.jpg 150w, https:\/\/www.arquimaster.com.ar\/web\/wp-content\/uploads\/2022\/06\/vivienda_villa_serrana_iv_18-768x768.jpg 768w, https:\/\/www.arquimaster.com.ar\/web\/wp-content\/uploads\/2022\/06\/vivienda_villa_serrana_iv_18-1536x1536.jpg 1536w, https:\/\/www.arquimaster.com.ar\/web\/wp-content\/uploads\/2022\/06\/vivienda_villa_serrana_iv_18.jpg 2000w\" sizes=\"auto, (max-width: 150px) 100vw, 150px\" \/><\/a>\n\t\t\t<\/div>\n\t\t\t\t<figcaption class='wp-caption-text gallery-caption' id='gallery-1-70464'>\n\t\t\t\tVivienda Villa Serrana IV \/ TATU Arquitectura\n\t\t\t\t<\/figcaption><\/figure><figure class='gallery-item'>\n\t\t\t<div class='gallery-icon landscape'>\n\t\t\t\t<a href='https:\/\/www.arquimaster.com.ar\/web\/wp-content\/uploads\/2022\/06\/vivienda_villa_serrana_iv_23.jpg' title=\"Vivienda Villa Serrana IV \/ TATU Arquitectura (corte)\" data-rl_title=\"Vivienda Villa Serrana IV \/ TATU Arquitectura (corte)\" class=\"rl-gallery-link\" data-rl_caption=\"Vivienda Villa Serrana IV \/ TATU Arquitectura (corte)\" data-rel=\"lightbox-gallery-1\"><img loading=\"lazy\" decoding=\"async\" width=\"150\" height=\"150\" src=\"https:\/\/www.arquimaster.com.ar\/web\/wp-content\/uploads\/2022\/06\/vivienda_villa_serrana_iv_23-150x150.jpg\" class=\"attachment-thumbnail size-thumbnail\" alt=\"Vivienda Villa Serrana IV \/ TATU Arquitectura\" aria-describedby=\"gallery-1-70469\" srcset=\"https:\/\/www.arquimaster.com.ar\/web\/wp-content\/uploads\/2022\/06\/vivienda_villa_serrana_iv_23-150x150.jpg 150w, https:\/\/www.arquimaster.com.ar\/web\/wp-content\/uploads\/2022\/06\/vivienda_villa_serrana_iv_23-768x768.jpg 768w, https:\/\/www.arquimaster.com.ar\/web\/wp-content\/uploads\/2022\/06\/vivienda_villa_serrana_iv_23-1536x1536.jpg 1536w, https:\/\/www.arquimaster.com.ar\/web\/wp-content\/uploads\/2022\/06\/vivienda_villa_serrana_iv_23.jpg 2000w\" sizes=\"auto, (max-width: 150px) 100vw, 150px\" \/><\/a>\n\t\t\t<\/div>\n\t\t\t\t<figcaption class='wp-caption-text gallery-caption' id='gallery-1-70469'>\n\t\t\t\tVivienda Villa Serrana IV \/ TATU Arquitectura (corte)\n\t\t\t\t<\/figcaption><\/figure><figure class='gallery-item'>\n\t\t\t<div class='gallery-icon landscape'>\n\t\t\t\t<a href='https:\/\/www.arquimaster.com.ar\/web\/wp-content\/uploads\/2022\/06\/vivienda_villa_serrana_iv_24.jpg' title=\"Vivienda Villa Serrana IV \/ TATU Arquitectura (corte)\" data-rl_title=\"Vivienda Villa Serrana IV \/ TATU Arquitectura (corte)\" class=\"rl-gallery-link\" data-rl_caption=\"Vivienda Villa Serrana IV \/ TATU Arquitectura (corte)\" data-rel=\"lightbox-gallery-1\"><img loading=\"lazy\" decoding=\"async\" width=\"150\" height=\"150\" src=\"https:\/\/www.arquimaster.com.ar\/web\/wp-content\/uploads\/2022\/06\/vivienda_villa_serrana_iv_24-150x150.jpg\" class=\"attachment-thumbnail size-thumbnail\" alt=\"Vivienda Villa Serrana IV \/ TATU Arquitectura\" aria-describedby=\"gallery-1-70470\" srcset=\"https:\/\/www.arquimaster.com.ar\/web\/wp-content\/uploads\/2022\/06\/vivienda_villa_serrana_iv_24-150x150.jpg 150w, https:\/\/www.arquimaster.com.ar\/web\/wp-content\/uploads\/2022\/06\/vivienda_villa_serrana_iv_24-768x768.jpg 768w, https:\/\/www.arquimaster.com.ar\/web\/wp-content\/uploads\/2022\/06\/vivienda_villa_serrana_iv_24-1536x1536.jpg 1536w, https:\/\/www.arquimaster.com.ar\/web\/wp-content\/uploads\/2022\/06\/vivienda_villa_serrana_iv_24.jpg 2000w\" sizes=\"auto, (max-width: 150px) 100vw, 150px\" \/><\/a>\n\t\t\t<\/div>\n\t\t\t\t<figcaption class='wp-caption-text gallery-caption' id='gallery-1-70470'>\n\t\t\t\tVivienda Villa Serrana IV \/ TATU Arquitectura (corte)\n\t\t\t\t<\/figcaption><\/figure><figure class='gallery-item'>\n\t\t\t<div class='gallery-icon landscape'>\n\t\t\t\t<a href='https:\/\/www.arquimaster.com.ar\/web\/wp-content\/uploads\/2022\/06\/vivienda_villa_serrana_iv_19.jpg' title=\"Vivienda Villa Serrana IV \/ TATU Arquitectura (vista norte)\" data-rl_title=\"Vivienda Villa Serrana IV \/ TATU Arquitectura (vista norte)\" class=\"rl-gallery-link\" data-rl_caption=\"Vivienda Villa Serrana IV \/ TATU Arquitectura (vista norte)\" data-rel=\"lightbox-gallery-1\"><img loading=\"lazy\" decoding=\"async\" width=\"150\" height=\"150\" src=\"https:\/\/www.arquimaster.com.ar\/web\/wp-content\/uploads\/2022\/06\/vivienda_villa_serrana_iv_19-150x150.jpg\" class=\"attachment-thumbnail size-thumbnail\" alt=\"Vivienda Villa Serrana IV \/ TATU Arquitectura\" aria-describedby=\"gallery-1-70465\" srcset=\"https:\/\/www.arquimaster.com.ar\/web\/wp-content\/uploads\/2022\/06\/vivienda_villa_serrana_iv_19-150x150.jpg 150w, https:\/\/www.arquimaster.com.ar\/web\/wp-content\/uploads\/2022\/06\/vivienda_villa_serrana_iv_19-768x768.jpg 768w, https:\/\/www.arquimaster.com.ar\/web\/wp-content\/uploads\/2022\/06\/vivienda_villa_serrana_iv_19-1536x1536.jpg 1536w, https:\/\/www.arquimaster.com.ar\/web\/wp-content\/uploads\/2022\/06\/vivienda_villa_serrana_iv_19.jpg 2000w\" sizes=\"auto, (max-width: 150px) 100vw, 150px\" \/><\/a>\n\t\t\t<\/div>\n\t\t\t\t<figcaption class='wp-caption-text gallery-caption' id='gallery-1-70465'>\n\t\t\t\tVivienda Villa Serrana IV \/ TATU Arquitectura (vista norte)\n\t\t\t\t<\/figcaption><\/figure><figure class='gallery-item'>\n\t\t\t<div class='gallery-icon landscape'>\n\t\t\t\t<a href='https:\/\/www.arquimaster.com.ar\/web\/wp-content\/uploads\/2022\/06\/vivienda_villa_serrana_iv_20.jpg' title=\"Vivienda Villa Serrana IV \/ TATU Arquitectura (vista sur)\" data-rl_title=\"Vivienda Villa Serrana IV \/ TATU Arquitectura (vista sur)\" class=\"rl-gallery-link\" data-rl_caption=\"Vivienda Villa Serrana IV \/ TATU Arquitectura (vista sur)\" data-rel=\"lightbox-gallery-1\"><img loading=\"lazy\" decoding=\"async\" width=\"150\" height=\"150\" src=\"https:\/\/www.arquimaster.com.ar\/web\/wp-content\/uploads\/2022\/06\/vivienda_villa_serrana_iv_20-150x150.jpg\" class=\"attachment-thumbnail size-thumbnail\" alt=\"Vivienda Villa Serrana IV \/ TATU Arquitectura\" aria-describedby=\"gallery-1-70466\" srcset=\"https:\/\/www.arquimaster.com.ar\/web\/wp-content\/uploads\/2022\/06\/vivienda_villa_serrana_iv_20-150x150.jpg 150w, https:\/\/www.arquimaster.com.ar\/web\/wp-content\/uploads\/2022\/06\/vivienda_villa_serrana_iv_20-768x768.jpg 768w, https:\/\/www.arquimaster.com.ar\/web\/wp-content\/uploads\/2022\/06\/vivienda_villa_serrana_iv_20-1536x1536.jpg 1536w, https:\/\/www.arquimaster.com.ar\/web\/wp-content\/uploads\/2022\/06\/vivienda_villa_serrana_iv_20.jpg 2000w\" sizes=\"auto, (max-width: 150px) 100vw, 150px\" \/><\/a>\n\t\t\t<\/div>\n\t\t\t\t<figcaption class='wp-caption-text gallery-caption' id='gallery-1-70466'>\n\t\t\t\tVivienda Villa Serrana IV \/ TATU Arquitectura (vista sur)\n\t\t\t\t<\/figcaption><\/figure><figure class='gallery-item'>\n\t\t\t<div class='gallery-icon landscape'>\n\t\t\t\t<a href='https:\/\/www.arquimaster.com.ar\/web\/wp-content\/uploads\/2022\/06\/vivienda_villa_serrana_iv_21.jpg' title=\"Vivienda Villa Serrana IV \/ TATU Arquitectura (vista este)\" data-rl_title=\"Vivienda Villa Serrana IV \/ TATU Arquitectura (vista este)\" class=\"rl-gallery-link\" data-rl_caption=\"Vivienda Villa Serrana IV \/ TATU Arquitectura (vista este)\" data-rel=\"lightbox-gallery-1\"><img loading=\"lazy\" decoding=\"async\" width=\"150\" height=\"150\" src=\"https:\/\/www.arquimaster.com.ar\/web\/wp-content\/uploads\/2022\/06\/vivienda_villa_serrana_iv_21-150x150.jpg\" class=\"attachment-thumbnail size-thumbnail\" alt=\"Vivienda Villa Serrana IV \/ TATU Arquitectura\" aria-describedby=\"gallery-1-70467\" srcset=\"https:\/\/www.arquimaster.com.ar\/web\/wp-content\/uploads\/2022\/06\/vivienda_villa_serrana_iv_21-150x150.jpg 150w, https:\/\/www.arquimaster.com.ar\/web\/wp-content\/uploads\/2022\/06\/vivienda_villa_serrana_iv_21-768x768.jpg 768w, https:\/\/www.arquimaster.com.ar\/web\/wp-content\/uploads\/2022\/06\/vivienda_villa_serrana_iv_21-1536x1536.jpg 1536w, https:\/\/www.arquimaster.com.ar\/web\/wp-content\/uploads\/2022\/06\/vivienda_villa_serrana_iv_21.jpg 2000w\" sizes=\"auto, (max-width: 150px) 100vw, 150px\" \/><\/a>\n\t\t\t<\/div>\n\t\t\t\t<figcaption class='wp-caption-text gallery-caption' id='gallery-1-70467'>\n\t\t\t\tVivienda Villa Serrana IV \/ TATU Arquitectura (vista este)\n\t\t\t\t<\/figcaption><\/figure><figure class='gallery-item'>\n\t\t\t<div class='gallery-icon landscape'>\n\t\t\t\t<a href='https:\/\/www.arquimaster.com.ar\/web\/wp-content\/uploads\/2022\/06\/vivienda_villa_serrana_iv_22.jpg' title=\"Vivienda Villa Serrana IV \/ TATU Arquitectura (vista oeste)\" data-rl_title=\"Vivienda Villa Serrana IV \/ TATU Arquitectura (vista oeste)\" class=\"rl-gallery-link\" data-rl_caption=\"Vivienda Villa Serrana IV \/ TATU Arquitectura (vista oeste)\" data-rel=\"lightbox-gallery-1\"><img loading=\"lazy\" decoding=\"async\" width=\"150\" height=\"150\" src=\"https:\/\/www.arquimaster.com.ar\/web\/wp-content\/uploads\/2022\/06\/vivienda_villa_serrana_iv_22-150x150.jpg\" class=\"attachment-thumbnail size-thumbnail\" alt=\"Vivienda Villa Serrana IV \/ TATU Arquitectura\" aria-describedby=\"gallery-1-70468\" srcset=\"https:\/\/www.arquimaster.com.ar\/web\/wp-content\/uploads\/2022\/06\/vivienda_villa_serrana_iv_22-150x150.jpg 150w, https:\/\/www.arquimaster.com.ar\/web\/wp-content\/uploads\/2022\/06\/vivienda_villa_serrana_iv_22-768x768.jpg 768w, https:\/\/www.arquimaster.com.ar\/web\/wp-content\/uploads\/2022\/06\/vivienda_villa_serrana_iv_22-1536x1536.jpg 1536w, https:\/\/www.arquimaster.com.ar\/web\/wp-content\/uploads\/2022\/06\/vivienda_villa_serrana_iv_22.jpg 2000w\" sizes=\"auto, (max-width: 150px) 100vw, 150px\" \/><\/a>\n\t\t\t<\/div>\n\t\t\t\t<figcaption class='wp-caption-text gallery-caption' id='gallery-1-70468'>\n\t\t\t\tVivienda Villa Serrana IV \/ TATU Arquitectura (vista oeste)\n\t\t\t\t<\/figcaption><\/figure><figure class='gallery-item'>\n\t\t\t<div class='gallery-icon landscape'>\n\t\t\t\t<a href='https:\/\/www.arquimaster.com.ar\/web\/wp-content\/uploads\/2022\/06\/vivienda_villa_serrana_iv_25.jpg' title=\"Vivienda Villa Serrana IV \/ TATU Arquitectura (axonometria)\" data-rl_title=\"Vivienda Villa Serrana IV \/ TATU Arquitectura (axonometria)\" class=\"rl-gallery-link\" data-rl_caption=\"Vivienda Villa Serrana IV \/ TATU Arquitectura (axonometria)\" data-rel=\"lightbox-gallery-1\"><img loading=\"lazy\" decoding=\"async\" width=\"150\" height=\"150\" src=\"https:\/\/www.arquimaster.com.ar\/web\/wp-content\/uploads\/2022\/06\/vivienda_villa_serrana_iv_25-150x150.jpg\" class=\"attachment-thumbnail size-thumbnail\" alt=\"Vivienda Villa Serrana IV \/ TATU Arquitectura\" aria-describedby=\"gallery-1-70471\" srcset=\"https:\/\/www.arquimaster.com.ar\/web\/wp-content\/uploads\/2022\/06\/vivienda_villa_serrana_iv_25-150x150.jpg 150w, https:\/\/www.arquimaster.com.ar\/web\/wp-content\/uploads\/2022\/06\/vivienda_villa_serrana_iv_25-768x768.jpg 768w, https:\/\/www.arquimaster.com.ar\/web\/wp-content\/uploads\/2022\/06\/vivienda_villa_serrana_iv_25-1536x1536.jpg 1536w, https:\/\/www.arquimaster.com.ar\/web\/wp-content\/uploads\/2022\/06\/vivienda_villa_serrana_iv_25.jpg 2000w\" sizes=\"auto, (max-width: 150px) 100vw, 150px\" \/><\/a>\n\t\t\t<\/div>\n\t\t\t\t<figcaption class='wp-caption-text gallery-caption' id='gallery-1-70471'>\n\t\t\t\tVivienda Villa Serrana IV \/ TATU Arquitectura (axonometria)\n\t\t\t\t<\/figcaption><\/figure><figure class='gallery-item'>\n\t\t\t<div class='gallery-icon landscape'>\n\t\t\t\t<a href='https:\/\/www.arquimaster.com.ar\/web\/wp-content\/uploads\/2022\/06\/vivienda_villa_serrana_iv_17.jpg' title=\"Vivienda Villa Serrana IV \/ TATU Arquitectura (esquemas)\" data-rl_title=\"Vivienda Villa Serrana IV \/ TATU Arquitectura (esquemas)\" class=\"rl-gallery-link\" data-rl_caption=\"Vivienda Villa Serrana IV \/ TATU Arquitectura (esquemas)\" data-rel=\"lightbox-gallery-1\"><img loading=\"lazy\" decoding=\"async\" width=\"150\" height=\"150\" src=\"https:\/\/www.arquimaster.com.ar\/web\/wp-content\/uploads\/2022\/06\/vivienda_villa_serrana_iv_17-150x150.jpg\" class=\"attachment-thumbnail size-thumbnail\" alt=\"Vivienda Villa Serrana IV \/ TATU Arquitectura\" aria-describedby=\"gallery-1-70463\" srcset=\"https:\/\/www.arquimaster.com.ar\/web\/wp-content\/uploads\/2022\/06\/vivienda_villa_serrana_iv_17-150x150.jpg 150w, https:\/\/www.arquimaster.com.ar\/web\/wp-content\/uploads\/2022\/06\/vivienda_villa_serrana_iv_17-768x768.jpg 768w, https:\/\/www.arquimaster.com.ar\/web\/wp-content\/uploads\/2022\/06\/vivienda_villa_serrana_iv_17-1536x1536.jpg 1536w, https:\/\/www.arquimaster.com.ar\/web\/wp-content\/uploads\/2022\/06\/vivienda_villa_serrana_iv_17.jpg 2000w\" sizes=\"auto, (max-width: 150px) 100vw, 150px\" \/><\/a>\n\t\t\t<\/div>\n\t\t\t\t<figcaption class='wp-caption-text gallery-caption' id='gallery-1-70463'>\n\t\t\t\tVivienda Villa Serrana IV \/ TATU Arquitectura (esquemas)\n\t\t\t\t<\/figcaption><\/figure>\n\t\t<\/div>\n\n<p>Para este encargo, Juan, nos ped\u00eda una unidad m\u00ednima compuesta por dos ambientes y una bater\u00eda de servicios, contemplando que en el futuro se incorporar\u00eda al mismo terreno una unidad \u00abgemela\u00bb y por lo tanto deb\u00edamos estimar su relaci\u00f3n e interferencias visuales para garantizar una convivencia lo menos contaminada posible.<\/p>\n<p>El refugio se pens\u00f3 como una anomal\u00eda en la sierra que pudiera provocar inter\u00e9s a partir del contraste geom\u00e9trico del volumen inserto en un entorno natural.<\/p>\n<p>Se orient\u00f3 su distribuci\u00f3n para ser habitada y dar cobijo en estancias de corta duraci\u00f3n, de manera itinerante, cerrando tres de sus caras al exterior y focalizando el inter\u00e9s sobre el horizonte m\u00e1s calificado.<\/p>\n<p>En el resto de las superficies se construyen una serie de encuadres jerarquizados que recortan y proponen segmentos de paisaje espec\u00edficos que pasaron a ser parte de la experiencia interior del objeto.<\/p>\n<p>El proyecto necesitaba garantizar una velocidad de montaje determinada, la elecci\u00f3n constructiva estuvo orientada hacia una optimizaci\u00f3n material en ese sentido.<\/p>\n\n\n<div style=\"height:20px\" aria-hidden=\"true\" class=\"wp-block-spacer\"><\/div>\n\n\n\n<p class=\"has-background\" style=\"background-color:#eaeaea\"><strong>Ficha t\u00e9cnica<\/strong><br>Nombre: Guazubira 365<br>Ubicaci\u00f3n: Villa Serrana, Lavalleja, Uruguay<br>Oficina de arquitectura: TATU Arquitectura<br>Arquitectos a cargo: Leandro Alegre, Horacio Goday, Martin Olivera<br>Equipo de Dise\u00f1o: Luc\u00eda Arce, Lucas Cardona<br>Programa: Residencial<br>Superficie construida: 35 m2<br>A\u00f1o finalizaci\u00f3n construcci\u00f3n: 2020<br>Fotograf\u00edas: <a href=\"https:\/\/www.marcosguiponi.net\/\" target=\"_blank\" rel=\"noreferrer noopener\">Marcos Guiponi<\/a><br><br><strong>Contacto<\/strong><br><a href=\"https:\/\/www.tatuarq.com\" target=\"_blank\" rel=\"noreferrer noopener\">https:\/\/www.tatuarq.com<\/a><br>Instagram: @tatu_arquitectura<\/p>\n\n\n\n<div style=\"height:40px\" aria-hidden=\"true\" class=\"wp-block-spacer\"><\/div>\n\n\n<p><strong><em>English version<\/em><\/strong><\/p>\n<p><em>Villa Serrana is a sierra urbanization that has existed in the Department of Lavalleja for more than half a century but seems to have found in the most recent decade its place of interest for the renovated public in search of \u00abthe weekend house\u00bb.<\/em><\/p>\n<p><em>Perhaps not in the terms to which we were traditionally accustomed, because the new rurality is temporary, and is composed of a mixture between the productive tradition and the experiences linked to the new desires of landscape, and to its possible associated manufactures that open a series of opportunities to inhabit or make the landscape profitable thanks to new technologies.<\/em><\/p>\n<p><em>For this commission, Juan asked us for a minimum unit composed of two environments and a battery of services, contemplating that in the future a \u00abtwin\u00bb unit would be incorporated on the same plot of land and therefore we had to estimate and anticipate its relationship and visual interferences to guarantee the least contaminated coexistence as possible.<\/em><\/p>\n<p><em>The shelter was thought of as an anomaly in the sierras that could provoke interest from the geometric contrast of the volume inserted in a natural environment. Its distribution was oriented to be inhabited and provide shelter in short-term stays, in an itinerant way, closing three of its faces to the outside and focusing the interest on the more qualified horizon.<\/em><\/p>\n<p><em>In the rest of the surfaces, a series of hierarchical frames are built that crop and propose specific landscape segments that went on to become part of the interior experience of the object.<\/em><\/p>\n<p><em>The project needed to guarantee a certain speed of assembly, in that sense, the constructive choice was oriented towards material optimization.<\/em><\/p>\n<div style=\"font-size: 0px; height: 0px; line-height: 0px; margin: 0; padding: 0; clear: both;\"><\/div><div style=\"margin-top: 0px; margin-bottom: 0px;\" class=\"sharethis-inline-share-buttons\" ><\/div>","protected":false},"excerpt":{"rendered":"<p>Unidad m\u00ednima compuesta por dos ambientes y una bater\u00eda de servicios&#8230;<\/p>\n","protected":false},"author":1,"featured_media":70472,"comment_status":"closed","ping_status":"closed","sticky":false,"template":"","format":"standard","meta":{"_uag_custom_page_level_css":"","footnotes":""},"categories":[1,251],"tags":[4282,2157,2156,7400,7426,7422,7425,7429,7428,7427,1709,7424,266,7423,6471],"class_list":["post-70446","post","type-post","status-publish","format-standard","has-post-thumbnail","hentry","category-proyecto","category-casas-de-playa","tag-arquitectura-residencial","tag-casa-de-descanso","tag-casa-de-fin-de-semana","tag-casa-de-vacaciones","tag-horacio-goday","tag-lavalleja","tag-leandro-alegre","tag-lucas-cardona","tag-lucia-arce","tag-martin-olivera","tag-refugio","tag-tatu-arquitectura","tag-uruguay","tag-villa-serrana","tag-vivienda-no-permanente","generate-columns","tablet-grid-50","mobile-grid-100","grid-parent","grid-50"],"yoast_head":"<!-- This site is optimized with the Yoast SEO plugin v27.3 - https:\/\/yoast.com\/product\/yoast-seo-wordpress\/ -->\n<title>Vivienda Villa Serrana IV \/ TATU Arquitectura - Arquimaster<\/title>\n<meta name=\"description\" content=\"Unidad m\u00ednima compuesta por dos ambientes y una bater\u00eda de servicios, contemplando que en el futuro se incorporar\u00eda al mismo terreno una unidad &quot;gemela&quot;.\" \/>\n<meta name=\"robots\" content=\"index, follow, max-snippet:-1, max-image-preview:large, max-video-preview:-1\" \/>\n<link rel=\"canonical\" href=\"https:\/\/www.arquimaster.com.ar\/web\/vivienda-villa-serrana-iv-tatu-arquitectura\/\" \/>\n<meta property=\"og:locale\" content=\"es_ES\" \/>\n<meta property=\"og:type\" content=\"article\" \/>\n<meta property=\"og:title\" content=\"Vivienda Villa Serrana IV \/ TATU Arquitectura\" \/>\n<meta property=\"og:description\" content=\"Unidad m\u00ednima compuesta por dos ambientes y una bater\u00eda de servicios, contemplando que en el futuro se incorporar\u00eda al mismo terreno una unidad &quot;gemela&quot;.\" \/>\n<meta property=\"og:url\" content=\"https:\/\/www.arquimaster.com.ar\/web\/vivienda-villa-serrana-iv-tatu-arquitectura\/\" \/>\n<meta property=\"og:site_name\" content=\"Arquimaster\" \/>\n<meta property=\"article:publisher\" content=\"http:\/\/www.facebook.com\/ARQUIMASTER.com.ar\" \/>\n<meta property=\"article:published_time\" content=\"2022-06-02T23:11:09+00:00\" \/>\n<meta property=\"article:modified_time\" content=\"2022-11-17T16:13:25+00:00\" \/>\n<meta property=\"og:image\" content=\"https:\/\/www.arquimaster.com.ar\/web\/wp-content\/uploads\/2022\/06\/vivienda_villa_serrana_iv_slide.jpg\" \/>\n\t<meta property=\"og:image:width\" content=\"698\" \/>\n\t<meta property=\"og:image:height\" content=\"364\" \/>\n\t<meta property=\"og:image:type\" content=\"image\/jpeg\" \/>\n<meta name=\"author\" content=\"Arquimaster\" \/>\n<meta name=\"twitter:card\" content=\"summary_large_image\" \/>\n<meta name=\"twitter:title\" content=\"Vivienda Villa Serrana IV \/ TATU Arquitectura\" \/>\n<meta name=\"twitter:description\" content=\"Unidad m\u00ednima compuesta por dos ambientes y una bater\u00eda de servicios, contemplando que en el futuro se incorporar\u00eda al mismo terreno una unidad &quot;gemela&quot;.\" \/>\n<meta name=\"twitter:image\" content=\"https:\/\/www.arquimaster.com.ar\/web\/wp-content\/uploads\/2022\/06\/vivienda_villa_serrana_iv_slide.jpg\" \/>\n<meta name=\"twitter:creator\" content=\"@arquimaster\" \/>\n<meta name=\"twitter:site\" content=\"@arquimaster\" \/>\n<meta name=\"twitter:label1\" content=\"Escrito por\" \/>\n\t<meta name=\"twitter:data1\" content=\"Arquimaster\" \/>\n\t<meta name=\"twitter:label2\" content=\"Tiempo de lectura\" \/>\n\t<meta name=\"twitter:data2\" content=\"3 minutos\" \/>\n<script type=\"application\/ld+json\" class=\"yoast-schema-graph\">{\"@context\":\"https:\\\/\\\/schema.org\",\"@graph\":[{\"@type\":\"Article\",\"@id\":\"https:\\\/\\\/www.arquimaster.com.ar\\\/web\\\/vivienda-villa-serrana-iv-tatu-arquitectura\\\/#article\",\"isPartOf\":{\"@id\":\"https:\\\/\\\/www.arquimaster.com.ar\\\/web\\\/vivienda-villa-serrana-iv-tatu-arquitectura\\\/\"},\"author\":{\"name\":\"Arquimaster\",\"@id\":\"https:\\\/\\\/www.arquimaster.com.ar\\\/web\\\/#\\\/schema\\\/person\\\/359e9f7c00193fcde068e0dd2ceb0028\"},\"headline\":\"Vivienda Villa Serrana IV \\\/ TATU Arquitectura\",\"datePublished\":\"2022-06-02T23:11:09+00:00\",\"dateModified\":\"2022-11-17T16:13:25+00:00\",\"mainEntityOfPage\":{\"@id\":\"https:\\\/\\\/www.arquimaster.com.ar\\\/web\\\/vivienda-villa-serrana-iv-tatu-arquitectura\\\/\"},\"wordCount\":647,\"publisher\":{\"@id\":\"https:\\\/\\\/www.arquimaster.com.ar\\\/web\\\/#organization\"},\"image\":{\"@id\":\"https:\\\/\\\/www.arquimaster.com.ar\\\/web\\\/vivienda-villa-serrana-iv-tatu-arquitectura\\\/#primaryimage\"},\"thumbnailUrl\":\"https:\\\/\\\/www.arquimaster.com.ar\\\/web\\\/wp-content\\\/uploads\\\/2022\\\/06\\\/vivienda_villa_serrana_iv_slide.jpg\",\"keywords\":[\"arquitectura residencial\",\"casa de descanso\",\"casa de fin de semana\",\"casa de vacaciones\",\"Horacio Goday\",\"Lavalleja\",\"Leandro Alegre\",\"Lucas Cardona\",\"Luc\u00eda Arce\",\"Martin Olivera\",\"refugio\",\"TATU Arquitectura\",\"Uruguay\",\"Villa Serrana\",\"vivienda no permanente\"],\"articleSection\":[\"Proyecto\",\"Vivienda no permanente\"],\"inLanguage\":\"es\"},{\"@type\":\"WebPage\",\"@id\":\"https:\\\/\\\/www.arquimaster.com.ar\\\/web\\\/vivienda-villa-serrana-iv-tatu-arquitectura\\\/\",\"url\":\"https:\\\/\\\/www.arquimaster.com.ar\\\/web\\\/vivienda-villa-serrana-iv-tatu-arquitectura\\\/\",\"name\":\"Vivienda Villa Serrana IV \\\/ TATU Arquitectura - Arquimaster\",\"isPartOf\":{\"@id\":\"https:\\\/\\\/www.arquimaster.com.ar\\\/web\\\/#website\"},\"primaryImageOfPage\":{\"@id\":\"https:\\\/\\\/www.arquimaster.com.ar\\\/web\\\/vivienda-villa-serrana-iv-tatu-arquitectura\\\/#primaryimage\"},\"image\":{\"@id\":\"https:\\\/\\\/www.arquimaster.com.ar\\\/web\\\/vivienda-villa-serrana-iv-tatu-arquitectura\\\/#primaryimage\"},\"thumbnailUrl\":\"https:\\\/\\\/www.arquimaster.com.ar\\\/web\\\/wp-content\\\/uploads\\\/2022\\\/06\\\/vivienda_villa_serrana_iv_slide.jpg\",\"datePublished\":\"2022-06-02T23:11:09+00:00\",\"dateModified\":\"2022-11-17T16:13:25+00:00\",\"description\":\"Unidad m\u00ednima compuesta por dos ambientes y una bater\u00eda de servicios, contemplando que en el futuro se incorporar\u00eda al mismo terreno una unidad \\\"gemela\\\".\",\"breadcrumb\":{\"@id\":\"https:\\\/\\\/www.arquimaster.com.ar\\\/web\\\/vivienda-villa-serrana-iv-tatu-arquitectura\\\/#breadcrumb\"},\"inLanguage\":\"es\",\"potentialAction\":[{\"@type\":\"ReadAction\",\"target\":[\"https:\\\/\\\/www.arquimaster.com.ar\\\/web\\\/vivienda-villa-serrana-iv-tatu-arquitectura\\\/\"]}]},{\"@type\":\"ImageObject\",\"inLanguage\":\"es\",\"@id\":\"https:\\\/\\\/www.arquimaster.com.ar\\\/web\\\/vivienda-villa-serrana-iv-tatu-arquitectura\\\/#primaryimage\",\"url\":\"https:\\\/\\\/www.arquimaster.com.ar\\\/web\\\/wp-content\\\/uploads\\\/2022\\\/06\\\/vivienda_villa_serrana_iv_slide.jpg\",\"contentUrl\":\"https:\\\/\\\/www.arquimaster.com.ar\\\/web\\\/wp-content\\\/uploads\\\/2022\\\/06\\\/vivienda_villa_serrana_iv_slide.jpg\",\"width\":698,\"height\":364,\"caption\":\"Vivienda Villa Serrana IV \\\/ TATU Arquitectura\"},{\"@type\":\"BreadcrumbList\",\"@id\":\"https:\\\/\\\/www.arquimaster.com.ar\\\/web\\\/vivienda-villa-serrana-iv-tatu-arquitectura\\\/#breadcrumb\",\"itemListElement\":[{\"@type\":\"ListItem\",\"position\":1,\"name\":\"Portada\",\"item\":\"https:\\\/\\\/www.arquimaster.com.ar\\\/web\\\/\"},{\"@type\":\"ListItem\",\"position\":2,\"name\":\"Vivienda Villa Serrana IV \\\/ TATU Arquitectura\"}]},{\"@type\":\"WebSite\",\"@id\":\"https:\\\/\\\/www.arquimaster.com.ar\\\/web\\\/#website\",\"url\":\"https:\\\/\\\/www.arquimaster.com.ar\\\/web\\\/\",\"name\":\"Arquimaster\",\"description\":\"Web de arquitectura, dise\u00f1o y construccion\",\"publisher\":{\"@id\":\"https:\\\/\\\/www.arquimaster.com.ar\\\/web\\\/#organization\"},\"potentialAction\":[{\"@type\":\"SearchAction\",\"target\":{\"@type\":\"EntryPoint\",\"urlTemplate\":\"https:\\\/\\\/www.arquimaster.com.ar\\\/web\\\/?s={search_term_string}\"},\"query-input\":{\"@type\":\"PropertyValueSpecification\",\"valueRequired\":true,\"valueName\":\"search_term_string\"}}],\"inLanguage\":\"es\"},{\"@type\":\"Organization\",\"@id\":\"https:\\\/\\\/www.arquimaster.com.ar\\\/web\\\/#organization\",\"name\":\"Arquimaster\",\"url\":\"https:\\\/\\\/www.arquimaster.com.ar\\\/web\\\/\",\"logo\":{\"@type\":\"ImageObject\",\"inLanguage\":\"es\",\"@id\":\"https:\\\/\\\/www.arquimaster.com.ar\\\/web\\\/#\\\/schema\\\/logo\\\/image\\\/\",\"url\":\"https:\\\/\\\/www.arquimaster.com.ar\\\/web\\\/wp-content\\\/uploads\\\/2022\\\/06\\\/arquimaster.png\",\"contentUrl\":\"https:\\\/\\\/www.arquimaster.com.ar\\\/web\\\/wp-content\\\/uploads\\\/2022\\\/06\\\/arquimaster.png\",\"width\":594,\"height\":78,\"caption\":\"Arquimaster\"},\"image\":{\"@id\":\"https:\\\/\\\/www.arquimaster.com.ar\\\/web\\\/#\\\/schema\\\/logo\\\/image\\\/\"},\"sameAs\":[\"http:\\\/\\\/www.facebook.com\\\/ARQUIMASTER.com.ar\",\"https:\\\/\\\/x.com\\\/arquimaster\",\"https:\\\/\\\/www.instagram.com\\\/arquimasterblog\\\/\",\"https:\\\/\\\/www.linkedin.com\\\/company\\\/arquimaster\",\"https:\\\/\\\/www.pinterest.com\\\/arquimaster\",\"https:\\\/\\\/t.me\\\/arquimaster\"]},{\"@type\":\"Person\",\"@id\":\"https:\\\/\\\/www.arquimaster.com.ar\\\/web\\\/#\\\/schema\\\/person\\\/359e9f7c00193fcde068e0dd2ceb0028\",\"name\":\"Arquimaster\"}]}<\/script>\n<!-- \/ Yoast SEO plugin. -->","yoast_head_json":{"title":"Vivienda Villa Serrana IV \/ TATU Arquitectura - Arquimaster","description":"Unidad m\u00ednima compuesta por dos ambientes y una bater\u00eda de servicios, contemplando que en el futuro se incorporar\u00eda al mismo terreno una unidad \"gemela\".","robots":{"index":"index","follow":"follow","max-snippet":"max-snippet:-1","max-image-preview":"max-image-preview:large","max-video-preview":"max-video-preview:-1"},"canonical":"https:\/\/www.arquimaster.com.ar\/web\/vivienda-villa-serrana-iv-tatu-arquitectura\/","og_locale":"es_ES","og_type":"article","og_title":"Vivienda Villa Serrana IV \/ TATU Arquitectura","og_description":"Unidad m\u00ednima compuesta por dos ambientes y una bater\u00eda de servicios, contemplando que en el futuro se incorporar\u00eda al mismo terreno una unidad \"gemela\".","og_url":"https:\/\/www.arquimaster.com.ar\/web\/vivienda-villa-serrana-iv-tatu-arquitectura\/","og_site_name":"Arquimaster","article_publisher":"http:\/\/www.facebook.com\/ARQUIMASTER.com.ar","article_published_time":"2022-06-02T23:11:09+00:00","article_modified_time":"2022-11-17T16:13:25+00:00","og_image":[{"width":698,"height":364,"url":"https:\/\/www.arquimaster.com.ar\/web\/wp-content\/uploads\/2022\/06\/vivienda_villa_serrana_iv_slide.jpg","type":"image\/jpeg"}],"author":"Arquimaster","twitter_card":"summary_large_image","twitter_title":"Vivienda Villa Serrana IV \/ TATU Arquitectura","twitter_description":"Unidad m\u00ednima compuesta por dos ambientes y una bater\u00eda de servicios, contemplando que en el futuro se incorporar\u00eda al mismo terreno una unidad \"gemela\".","twitter_image":"https:\/\/www.arquimaster.com.ar\/web\/wp-content\/uploads\/2022\/06\/vivienda_villa_serrana_iv_slide.jpg","twitter_creator":"@arquimaster","twitter_site":"@arquimaster","twitter_misc":{"Escrito por":"Arquimaster","Tiempo de lectura":"3 minutos"},"schema":{"@context":"https:\/\/schema.org","@graph":[{"@type":"Article","@id":"https:\/\/www.arquimaster.com.ar\/web\/vivienda-villa-serrana-iv-tatu-arquitectura\/#article","isPartOf":{"@id":"https:\/\/www.arquimaster.com.ar\/web\/vivienda-villa-serrana-iv-tatu-arquitectura\/"},"author":{"name":"Arquimaster","@id":"https:\/\/www.arquimaster.com.ar\/web\/#\/schema\/person\/359e9f7c00193fcde068e0dd2ceb0028"},"headline":"Vivienda Villa Serrana IV \/ TATU Arquitectura","datePublished":"2022-06-02T23:11:09+00:00","dateModified":"2022-11-17T16:13:25+00:00","mainEntityOfPage":{"@id":"https:\/\/www.arquimaster.com.ar\/web\/vivienda-villa-serrana-iv-tatu-arquitectura\/"},"wordCount":647,"publisher":{"@id":"https:\/\/www.arquimaster.com.ar\/web\/#organization"},"image":{"@id":"https:\/\/www.arquimaster.com.ar\/web\/vivienda-villa-serrana-iv-tatu-arquitectura\/#primaryimage"},"thumbnailUrl":"https:\/\/www.arquimaster.com.ar\/web\/wp-content\/uploads\/2022\/06\/vivienda_villa_serrana_iv_slide.jpg","keywords":["arquitectura residencial","casa de descanso","casa de fin de semana","casa de vacaciones","Horacio Goday","Lavalleja","Leandro Alegre","Lucas Cardona","Luc\u00eda Arce","Martin Olivera","refugio","TATU Arquitectura","Uruguay","Villa Serrana","vivienda no permanente"],"articleSection":["Proyecto","Vivienda no permanente"],"inLanguage":"es"},{"@type":"WebPage","@id":"https:\/\/www.arquimaster.com.ar\/web\/vivienda-villa-serrana-iv-tatu-arquitectura\/","url":"https:\/\/www.arquimaster.com.ar\/web\/vivienda-villa-serrana-iv-tatu-arquitectura\/","name":"Vivienda Villa Serrana IV \/ TATU Arquitectura - Arquimaster","isPartOf":{"@id":"https:\/\/www.arquimaster.com.ar\/web\/#website"},"primaryImageOfPage":{"@id":"https:\/\/www.arquimaster.com.ar\/web\/vivienda-villa-serrana-iv-tatu-arquitectura\/#primaryimage"},"image":{"@id":"https:\/\/www.arquimaster.com.ar\/web\/vivienda-villa-serrana-iv-tatu-arquitectura\/#primaryimage"},"thumbnailUrl":"https:\/\/www.arquimaster.com.ar\/web\/wp-content\/uploads\/2022\/06\/vivienda_villa_serrana_iv_slide.jpg","datePublished":"2022-06-02T23:11:09+00:00","dateModified":"2022-11-17T16:13:25+00:00","description":"Unidad m\u00ednima compuesta por dos ambientes y una bater\u00eda de servicios, contemplando que en el futuro se incorporar\u00eda al mismo terreno una unidad \"gemela\".","breadcrumb":{"@id":"https:\/\/www.arquimaster.com.ar\/web\/vivienda-villa-serrana-iv-tatu-arquitectura\/#breadcrumb"},"inLanguage":"es","potentialAction":[{"@type":"ReadAction","target":["https:\/\/www.arquimaster.com.ar\/web\/vivienda-villa-serrana-iv-tatu-arquitectura\/"]}]},{"@type":"ImageObject","inLanguage":"es","@id":"https:\/\/www.arquimaster.com.ar\/web\/vivienda-villa-serrana-iv-tatu-arquitectura\/#primaryimage","url":"https:\/\/www.arquimaster.com.ar\/web\/wp-content\/uploads\/2022\/06\/vivienda_villa_serrana_iv_slide.jpg","contentUrl":"https:\/\/www.arquimaster.com.ar\/web\/wp-content\/uploads\/2022\/06\/vivienda_villa_serrana_iv_slide.jpg","width":698,"height":364,"caption":"Vivienda Villa Serrana IV \/ TATU Arquitectura"},{"@type":"BreadcrumbList","@id":"https:\/\/www.arquimaster.com.ar\/web\/vivienda-villa-serrana-iv-tatu-arquitectura\/#breadcrumb","itemListElement":[{"@type":"ListItem","position":1,"name":"Portada","item":"https:\/\/www.arquimaster.com.ar\/web\/"},{"@type":"ListItem","position":2,"name":"Vivienda Villa Serrana IV \/ TATU Arquitectura"}]},{"@type":"WebSite","@id":"https:\/\/www.arquimaster.com.ar\/web\/#website","url":"https:\/\/www.arquimaster.com.ar\/web\/","name":"Arquimaster","description":"Web de arquitectura, dise\u00f1o y construccion","publisher":{"@id":"https:\/\/www.arquimaster.com.ar\/web\/#organization"},"potentialAction":[{"@type":"SearchAction","target":{"@type":"EntryPoint","urlTemplate":"https:\/\/www.arquimaster.com.ar\/web\/?s={search_term_string}"},"query-input":{"@type":"PropertyValueSpecification","valueRequired":true,"valueName":"search_term_string"}}],"inLanguage":"es"},{"@type":"Organization","@id":"https:\/\/www.arquimaster.com.ar\/web\/#organization","name":"Arquimaster","url":"https:\/\/www.arquimaster.com.ar\/web\/","logo":{"@type":"ImageObject","inLanguage":"es","@id":"https:\/\/www.arquimaster.com.ar\/web\/#\/schema\/logo\/image\/","url":"https:\/\/www.arquimaster.com.ar\/web\/wp-content\/uploads\/2022\/06\/arquimaster.png","contentUrl":"https:\/\/www.arquimaster.com.ar\/web\/wp-content\/uploads\/2022\/06\/arquimaster.png","width":594,"height":78,"caption":"Arquimaster"},"image":{"@id":"https:\/\/www.arquimaster.com.ar\/web\/#\/schema\/logo\/image\/"},"sameAs":["http:\/\/www.facebook.com\/ARQUIMASTER.com.ar","https:\/\/x.com\/arquimaster","https:\/\/www.instagram.com\/arquimasterblog\/","https:\/\/www.linkedin.com\/company\/arquimaster","https:\/\/www.pinterest.com\/arquimaster","https:\/\/t.me\/arquimaster"]},{"@type":"Person","@id":"https:\/\/www.arquimaster.com.ar\/web\/#\/schema\/person\/359e9f7c00193fcde068e0dd2ceb0028","name":"Arquimaster"}]}},"uagb_featured_image_src":{"full":["https:\/\/www.arquimaster.com.ar\/web\/wp-content\/uploads\/2022\/06\/vivienda_villa_serrana_iv_slide.jpg",698,364,false],"thumbnail":["https:\/\/www.arquimaster.com.ar\/web\/wp-content\/uploads\/2022\/06\/vivienda_villa_serrana_iv_slide-150x150.jpg",150,150,true],"medium":["https:\/\/www.arquimaster.com.ar\/web\/wp-content\/uploads\/2022\/06\/vivienda_villa_serrana_iv_slide.jpg",698,364,false],"medium_large":["https:\/\/www.arquimaster.com.ar\/web\/wp-content\/uploads\/2022\/06\/vivienda_villa_serrana_iv_slide.jpg",698,364,false],"large":["https:\/\/www.arquimaster.com.ar\/web\/wp-content\/uploads\/2022\/06\/vivienda_villa_serrana_iv_slide.jpg",698,364,false],"1536x1536":["https:\/\/www.arquimaster.com.ar\/web\/wp-content\/uploads\/2022\/06\/vivienda_villa_serrana_iv_slide.jpg",698,364,false],"2048x2048":["https:\/\/www.arquimaster.com.ar\/web\/wp-content\/uploads\/2022\/06\/vivienda_villa_serrana_iv_slide.jpg",698,364,false]},"uagb_author_info":{"display_name":"Arquimaster","author_link":"https:\/\/www.arquimaster.com.ar\/web\/author\/arquimaster\/"},"uagb_comment_info":0,"uagb_excerpt":"Unidad m\u00ednima compuesta por dos ambientes y una bater\u00eda de servicios...","_links":{"self":[{"href":"https:\/\/www.arquimaster.com.ar\/web\/wp-json\/wp\/v2\/posts\/70446","targetHints":{"allow":["GET"]}}],"collection":[{"href":"https:\/\/www.arquimaster.com.ar\/web\/wp-json\/wp\/v2\/posts"}],"about":[{"href":"https:\/\/www.arquimaster.com.ar\/web\/wp-json\/wp\/v2\/types\/post"}],"author":[{"embeddable":true,"href":"https:\/\/www.arquimaster.com.ar\/web\/wp-json\/wp\/v2\/users\/1"}],"replies":[{"embeddable":true,"href":"https:\/\/www.arquimaster.com.ar\/web\/wp-json\/wp\/v2\/comments?post=70446"}],"version-history":[{"count":1,"href":"https:\/\/www.arquimaster.com.ar\/web\/wp-json\/wp\/v2\/posts\/70446\/revisions"}],"predecessor-version":[{"id":70473,"href":"https:\/\/www.arquimaster.com.ar\/web\/wp-json\/wp\/v2\/posts\/70446\/revisions\/70473"}],"wp:featuredmedia":[{"embeddable":true,"href":"https:\/\/www.arquimaster.com.ar\/web\/wp-json\/wp\/v2\/media\/70472"}],"wp:attachment":[{"href":"https:\/\/www.arquimaster.com.ar\/web\/wp-json\/wp\/v2\/media?parent=70446"}],"wp:term":[{"taxonomy":"category","embeddable":true,"href":"https:\/\/www.arquimaster.com.ar\/web\/wp-json\/wp\/v2\/categories?post=70446"},{"taxonomy":"post_tag","embeddable":true,"href":"https:\/\/www.arquimaster.com.ar\/web\/wp-json\/wp\/v2\/tags?post=70446"}],"curies":[{"name":"wp","href":"https:\/\/api.w.org\/{rel}","templated":true}]}}