{"id":70526,"date":"2022-06-16T20:00:27","date_gmt":"2022-06-16T23:00:27","guid":{"rendered":"https:\/\/www.arquimaster.com.ar\/web\/?p=70526"},"modified":"2022-11-24T16:22:08","modified_gmt":"2022-11-24T19:22:08","slug":"casa-n-berardi-grasso-berardi","status":"publish","type":"post","link":"https:\/\/www.arquimaster.com.ar\/web\/casa-n-berardi-grasso-berardi\/","title":{"rendered":"Casa \u00d1 \/ Berardi-Grasso-Berardi"},"content":{"rendered":"<div style=\"margin-top: 0px; margin-bottom: 0px;\" class=\"sharethis-inline-share-buttons\" ><\/div><div class=\"b812932af2e751442846f039925109de\" data-index=\"1\" style=\"float: none; margin:25px 0 25px 0; text-align:center;\">\n<script async src=\"https:\/\/pagead2.googlesyndication.com\/pagead\/js\/adsbygoogle.js\"><\/script>\r\n<!-- Arquimaster (superior) -->\r\n<ins class=\"adsbygoogle\"\r\n     style=\"display:block\"\r\n     data-ad-client=\"ca-pub-6351072698456832\"\r\n     data-ad-slot=\"6455489680\"\r\n     data-ad-format=\"auto\"\r\n     data-full-width-responsive=\"true\"><\/ins>\r\n<script>\r\n     (adsbygoogle = window.adsbygoogle || []).push({});\r\n<\/script>\n<\/div>\n<p><strong>Casa \u00d1<\/strong> (Nuevo Quilmes, Pcia. de Buenos Aires, Argentina) por <strong>Berardi-Grasso-Berardi<\/strong>. Es una arquitectura de masas, de formas, donde las partes del programa se individualizan y se aproximan a un patio central que vincula y ordena el programa. La vivienda es una serie de \u00e1mbitos estructurados alrededor de un patio central, que en sus cuatro caras dispone actividades distintas las cuales, en planta baja, se integran visualmente a trav\u00e9s del mismo.<\/p>\n<div id='gallery-1' class='gallery galleryid-70526 gallery-columns-3 gallery-size-thumbnail'><figure class='gallery-item'>\n\t\t\t<div class='gallery-icon landscape'>\n\t\t\t\t<a href='https:\/\/www.arquimaster.com.ar\/web\/wp-content\/uploads\/2022\/06\/casa_n1.jpg' title=\"Casa \u00d1 \/ Berardi-Grasso-Berardi (\u00a9 Arq. Daniela Mac Adden)\" data-rl_title=\"Casa \u00d1 \/ Berardi-Grasso-Berardi (\u00a9 Arq. Daniela Mac Adden)\" class=\"rl-gallery-link\" data-rl_caption=\"Casa \u00d1 \/ Berardi-Grasso-Berardi (\u00a9 Arq. Daniela Mac Adden)\" data-rel=\"lightbox-gallery-1\"><img loading=\"lazy\" decoding=\"async\" width=\"150\" height=\"150\" src=\"https:\/\/www.arquimaster.com.ar\/web\/wp-content\/uploads\/2022\/06\/casa_n1-150x150.jpg\" class=\"attachment-thumbnail size-thumbnail\" alt=\"Casa \u00d1 \/ Berardi-Grasso-Berardi\" aria-describedby=\"gallery-1-70528\" srcset=\"https:\/\/www.arquimaster.com.ar\/web\/wp-content\/uploads\/2022\/06\/casa_n1-150x150.jpg 150w, https:\/\/www.arquimaster.com.ar\/web\/wp-content\/uploads\/2022\/06\/casa_n1-768x768.jpg 768w, https:\/\/www.arquimaster.com.ar\/web\/wp-content\/uploads\/2022\/06\/casa_n1.jpg 1500w\" sizes=\"auto, (max-width: 150px) 100vw, 150px\" \/><\/a>\n\t\t\t<\/div>\n\t\t\t\t<figcaption class='wp-caption-text gallery-caption' id='gallery-1-70528'>\n\t\t\t\tCasa \u00d1 \/ Berardi-Grasso-Berardi (\u00a9 Arq. Daniela Mac Adden)\n\t\t\t\t<\/figcaption><\/figure><figure class='gallery-item'>\n\t\t\t<div class='gallery-icon portrait'>\n\t\t\t\t<a href='https:\/\/www.arquimaster.com.ar\/web\/wp-content\/uploads\/2022\/06\/casa_n2.jpg' title=\"Casa \u00d1 \/ Berardi-Grasso-Berardi (\u00a9 Arq. Daniela Mac Adden)\" data-rl_title=\"Casa \u00d1 \/ Berardi-Grasso-Berardi (\u00a9 Arq. Daniela Mac Adden)\" class=\"rl-gallery-link\" data-rl_caption=\"Casa \u00d1 \/ Berardi-Grasso-Berardi (\u00a9 Arq. Daniela Mac Adden)\" data-rel=\"lightbox-gallery-1\"><img loading=\"lazy\" decoding=\"async\" width=\"150\" height=\"150\" src=\"https:\/\/www.arquimaster.com.ar\/web\/wp-content\/uploads\/2022\/06\/casa_n2-150x150.jpg\" class=\"attachment-thumbnail size-thumbnail\" alt=\"Casa \u00d1 \/ Berardi-Grasso-Berardi\" aria-describedby=\"gallery-1-70529\" \/><\/a>\n\t\t\t<\/div>\n\t\t\t\t<figcaption class='wp-caption-text gallery-caption' id='gallery-1-70529'>\n\t\t\t\tCasa \u00d1 \/ Berardi-Grasso-Berardi (\u00a9 Arq. Daniela Mac Adden)\n\t\t\t\t<\/figcaption><\/figure><figure class='gallery-item'>\n\t\t\t<div class='gallery-icon portrait'>\n\t\t\t\t<a href='https:\/\/www.arquimaster.com.ar\/web\/wp-content\/uploads\/2022\/06\/casa_n3.jpg' title=\"Casa \u00d1 \/ Berardi-Grasso-Berardi (\u00a9 Arq. Daniela Mac Adden)\" data-rl_title=\"Casa \u00d1 \/ Berardi-Grasso-Berardi (\u00a9 Arq. Daniela Mac Adden)\" class=\"rl-gallery-link\" data-rl_caption=\"Casa \u00d1 \/ Berardi-Grasso-Berardi (\u00a9 Arq. Daniela Mac Adden)\" data-rel=\"lightbox-gallery-1\"><img loading=\"lazy\" decoding=\"async\" width=\"150\" height=\"150\" src=\"https:\/\/www.arquimaster.com.ar\/web\/wp-content\/uploads\/2022\/06\/casa_n3-150x150.jpg\" class=\"attachment-thumbnail size-thumbnail\" alt=\"Casa \u00d1 \/ Berardi-Grasso-Berardi\" aria-describedby=\"gallery-1-70530\" \/><\/a>\n\t\t\t<\/div>\n\t\t\t\t<figcaption class='wp-caption-text gallery-caption' id='gallery-1-70530'>\n\t\t\t\tCasa \u00d1 \/ Berardi-Grasso-Berardi (\u00a9 Arq. Daniela Mac Adden)\n\t\t\t\t<\/figcaption><\/figure><figure class='gallery-item'>\n\t\t\t<div class='gallery-icon portrait'>\n\t\t\t\t<a href='https:\/\/www.arquimaster.com.ar\/web\/wp-content\/uploads\/2022\/06\/casa_n4.jpg' title=\"Casa \u00d1 \/ Berardi-Grasso-Berardi (\u00a9 Arq. Daniela Mac Adden)\" data-rl_title=\"Casa \u00d1 \/ Berardi-Grasso-Berardi (\u00a9 Arq. Daniela Mac Adden)\" class=\"rl-gallery-link\" data-rl_caption=\"Casa \u00d1 \/ Berardi-Grasso-Berardi (\u00a9 Arq. Daniela Mac Adden)\" data-rel=\"lightbox-gallery-1\"><img loading=\"lazy\" decoding=\"async\" width=\"150\" height=\"150\" src=\"https:\/\/www.arquimaster.com.ar\/web\/wp-content\/uploads\/2022\/06\/casa_n4-150x150.jpg\" class=\"attachment-thumbnail size-thumbnail\" alt=\"Casa \u00d1 \/ Berardi-Grasso-Berardi\" aria-describedby=\"gallery-1-70531\" \/><\/a>\n\t\t\t<\/div>\n\t\t\t\t<figcaption class='wp-caption-text gallery-caption' id='gallery-1-70531'>\n\t\t\t\tCasa \u00d1 \/ Berardi-Grasso-Berardi (\u00a9 Arq. Daniela Mac Adden)\n\t\t\t\t<\/figcaption><\/figure><figure class='gallery-item'>\n\t\t\t<div class='gallery-icon portrait'>\n\t\t\t\t<a href='https:\/\/www.arquimaster.com.ar\/web\/wp-content\/uploads\/2022\/06\/casa_n5.jpg' title=\"Casa \u00d1 \/ Berardi-Grasso-Berardi (\u00a9 Arq. Daniela Mac Adden)\" data-rl_title=\"Casa \u00d1 \/ Berardi-Grasso-Berardi (\u00a9 Arq. Daniela Mac Adden)\" class=\"rl-gallery-link\" data-rl_caption=\"Casa \u00d1 \/ Berardi-Grasso-Berardi (\u00a9 Arq. Daniela Mac Adden)\" data-rel=\"lightbox-gallery-1\"><img loading=\"lazy\" decoding=\"async\" width=\"150\" height=\"150\" src=\"https:\/\/www.arquimaster.com.ar\/web\/wp-content\/uploads\/2022\/06\/casa_n5-150x150.jpg\" class=\"attachment-thumbnail size-thumbnail\" alt=\"Casa \u00d1 \/ Berardi-Grasso-Berardi\" aria-describedby=\"gallery-1-70532\" \/><\/a>\n\t\t\t<\/div>\n\t\t\t\t<figcaption class='wp-caption-text gallery-caption' id='gallery-1-70532'>\n\t\t\t\tCasa \u00d1 \/ Berardi-Grasso-Berardi (\u00a9 Arq. Daniela Mac Adden)\n\t\t\t\t<\/figcaption><\/figure><figure class='gallery-item'>\n\t\t\t<div class='gallery-icon landscape'>\n\t\t\t\t<a href='https:\/\/www.arquimaster.com.ar\/web\/wp-content\/uploads\/2022\/06\/casa_n6.jpg' title=\"Casa \u00d1 \/ Berardi-Grasso-Berardi (\u00a9 Arq. Daniela Mac Adden)\" data-rl_title=\"Casa \u00d1 \/ Berardi-Grasso-Berardi (\u00a9 Arq. Daniela Mac Adden)\" class=\"rl-gallery-link\" data-rl_caption=\"Casa \u00d1 \/ Berardi-Grasso-Berardi (\u00a9 Arq. Daniela Mac Adden)\" data-rel=\"lightbox-gallery-1\"><img loading=\"lazy\" decoding=\"async\" width=\"150\" height=\"150\" src=\"https:\/\/www.arquimaster.com.ar\/web\/wp-content\/uploads\/2022\/06\/casa_n6-150x150.jpg\" class=\"attachment-thumbnail size-thumbnail\" alt=\"Casa \u00d1 \/ Berardi-Grasso-Berardi\" aria-describedby=\"gallery-1-70533\" \/><\/a>\n\t\t\t<\/div>\n\t\t\t\t<figcaption class='wp-caption-text gallery-caption' id='gallery-1-70533'>\n\t\t\t\tCasa \u00d1 \/ Berardi-Grasso-Berardi (\u00a9 Arq. Daniela Mac Adden)\n\t\t\t\t<\/figcaption><\/figure><figure class='gallery-item'>\n\t\t\t<div class='gallery-icon landscape'>\n\t\t\t\t<a href='https:\/\/www.arquimaster.com.ar\/web\/wp-content\/uploads\/2022\/06\/casa_n7.jpg' title=\"Casa \u00d1 \/ Berardi-Grasso-Berardi (\u00a9 Arq. Daniela Mac Adden)\" data-rl_title=\"Casa \u00d1 \/ Berardi-Grasso-Berardi (\u00a9 Arq. Daniela Mac Adden)\" class=\"rl-gallery-link\" data-rl_caption=\"Casa \u00d1 \/ Berardi-Grasso-Berardi (\u00a9 Arq. Daniela Mac Adden)\" data-rel=\"lightbox-gallery-1\"><img loading=\"lazy\" decoding=\"async\" width=\"150\" height=\"150\" src=\"https:\/\/www.arquimaster.com.ar\/web\/wp-content\/uploads\/2022\/06\/casa_n7-150x150.jpg\" class=\"attachment-thumbnail size-thumbnail\" alt=\"Casa \u00d1 \/ Berardi-Grasso-Berardi\" aria-describedby=\"gallery-1-70534\" \/><\/a>\n\t\t\t<\/div>\n\t\t\t\t<figcaption class='wp-caption-text gallery-caption' id='gallery-1-70534'>\n\t\t\t\tCasa \u00d1 \/ Berardi-Grasso-Berardi (\u00a9 Arq. Daniela Mac Adden)\n\t\t\t\t<\/figcaption><\/figure><figure class='gallery-item'>\n\t\t\t<div class='gallery-icon portrait'>\n\t\t\t\t<a href='https:\/\/www.arquimaster.com.ar\/web\/wp-content\/uploads\/2022\/06\/casa_n8.jpg' title=\"Casa \u00d1 \/ Berardi-Grasso-Berardi (\u00a9 Arq. Daniela Mac Adden)\" data-rl_title=\"Casa \u00d1 \/ Berardi-Grasso-Berardi (\u00a9 Arq. Daniela Mac Adden)\" class=\"rl-gallery-link\" data-rl_caption=\"Casa \u00d1 \/ Berardi-Grasso-Berardi (\u00a9 Arq. Daniela Mac Adden)\" data-rel=\"lightbox-gallery-1\"><img loading=\"lazy\" decoding=\"async\" width=\"150\" height=\"150\" src=\"https:\/\/www.arquimaster.com.ar\/web\/wp-content\/uploads\/2022\/06\/casa_n8-150x150.jpg\" class=\"attachment-thumbnail size-thumbnail\" alt=\"Casa \u00d1 \/ Berardi-Grasso-Berardi\" aria-describedby=\"gallery-1-70535\" \/><\/a>\n\t\t\t<\/div>\n\t\t\t\t<figcaption class='wp-caption-text gallery-caption' id='gallery-1-70535'>\n\t\t\t\tCasa \u00d1 \/ Berardi-Grasso-Berardi (\u00a9 Arq. Daniela Mac Adden)\n\t\t\t\t<\/figcaption><\/figure><figure class='gallery-item'>\n\t\t\t<div class='gallery-icon portrait'>\n\t\t\t\t<a href='https:\/\/www.arquimaster.com.ar\/web\/wp-content\/uploads\/2022\/06\/casa_n9.jpg' title=\"Casa \u00d1 \/ Berardi-Grasso-Berardi (\u00a9 Arq. Daniela Mac Adden)\" data-rl_title=\"Casa \u00d1 \/ Berardi-Grasso-Berardi (\u00a9 Arq. Daniela Mac Adden)\" class=\"rl-gallery-link\" data-rl_caption=\"Casa \u00d1 \/ Berardi-Grasso-Berardi (\u00a9 Arq. Daniela Mac Adden)\" data-rel=\"lightbox-gallery-1\"><img loading=\"lazy\" decoding=\"async\" width=\"150\" height=\"150\" src=\"https:\/\/www.arquimaster.com.ar\/web\/wp-content\/uploads\/2022\/06\/casa_n9-150x150.jpg\" class=\"attachment-thumbnail size-thumbnail\" alt=\"Casa \u00d1 \/ Berardi-Grasso-Berardi\" aria-describedby=\"gallery-1-70536\" \/><\/a>\n\t\t\t<\/div>\n\t\t\t\t<figcaption class='wp-caption-text gallery-caption' id='gallery-1-70536'>\n\t\t\t\tCasa \u00d1 \/ Berardi-Grasso-Berardi (\u00a9 Arq. Daniela Mac Adden)\n\t\t\t\t<\/figcaption><\/figure><figure class='gallery-item'>\n\t\t\t<div class='gallery-icon landscape'>\n\t\t\t\t<a href='https:\/\/www.arquimaster.com.ar\/web\/wp-content\/uploads\/2022\/06\/casa_n10.jpg' title=\"Casa \u00d1 \/ Berardi-Grasso-Berardi (\u00a9 Arq. Daniela Mac Adden)\" data-rl_title=\"Casa \u00d1 \/ Berardi-Grasso-Berardi (\u00a9 Arq. Daniela Mac Adden)\" class=\"rl-gallery-link\" data-rl_caption=\"Casa \u00d1 \/ Berardi-Grasso-Berardi (\u00a9 Arq. Daniela Mac Adden)\" data-rel=\"lightbox-gallery-1\"><img loading=\"lazy\" decoding=\"async\" width=\"150\" height=\"150\" src=\"https:\/\/www.arquimaster.com.ar\/web\/wp-content\/uploads\/2022\/06\/casa_n10-150x150.jpg\" class=\"attachment-thumbnail size-thumbnail\" alt=\"Casa \u00d1 \/ Berardi-Grasso-Berardi\" aria-describedby=\"gallery-1-70537\" \/><\/a>\n\t\t\t<\/div>\n\t\t\t\t<figcaption class='wp-caption-text gallery-caption' id='gallery-1-70537'>\n\t\t\t\tCasa \u00d1 \/ Berardi-Grasso-Berardi (\u00a9 Arq. Daniela Mac Adden)\n\t\t\t\t<\/figcaption><\/figure><figure class='gallery-item'>\n\t\t\t<div class='gallery-icon portrait'>\n\t\t\t\t<a href='https:\/\/www.arquimaster.com.ar\/web\/wp-content\/uploads\/2022\/06\/casa_n11.jpg' title=\"Casa \u00d1 \/ Berardi-Grasso-Berardi (\u00a9 Arq. Daniela Mac Adden)\" data-rl_title=\"Casa \u00d1 \/ Berardi-Grasso-Berardi (\u00a9 Arq. Daniela Mac Adden)\" class=\"rl-gallery-link\" data-rl_caption=\"Casa \u00d1 \/ Berardi-Grasso-Berardi (\u00a9 Arq. Daniela Mac Adden)\" data-rel=\"lightbox-gallery-1\"><img loading=\"lazy\" decoding=\"async\" width=\"150\" height=\"150\" src=\"https:\/\/www.arquimaster.com.ar\/web\/wp-content\/uploads\/2022\/06\/casa_n11-150x150.jpg\" class=\"attachment-thumbnail size-thumbnail\" alt=\"Casa \u00d1 \/ Berardi-Grasso-Berardi\" aria-describedby=\"gallery-1-70538\" \/><\/a>\n\t\t\t<\/div>\n\t\t\t\t<figcaption class='wp-caption-text gallery-caption' id='gallery-1-70538'>\n\t\t\t\tCasa \u00d1 \/ Berardi-Grasso-Berardi (\u00a9 Arq. Daniela Mac Adden)\n\t\t\t\t<\/figcaption><\/figure><figure class='gallery-item'>\n\t\t\t<div class='gallery-icon landscape'>\n\t\t\t\t<a href='https:\/\/www.arquimaster.com.ar\/web\/wp-content\/uploads\/2022\/06\/casa_n12.jpg' title=\"Casa \u00d1 \/ Berardi-Grasso-Berardi (\u00a9 Arq. Daniela Mac Adden)\" data-rl_title=\"Casa \u00d1 \/ Berardi-Grasso-Berardi (\u00a9 Arq. Daniela Mac Adden)\" class=\"rl-gallery-link\" data-rl_caption=\"Casa \u00d1 \/ Berardi-Grasso-Berardi (\u00a9 Arq. Daniela Mac Adden)\" data-rel=\"lightbox-gallery-1\"><img loading=\"lazy\" decoding=\"async\" width=\"150\" height=\"150\" src=\"https:\/\/www.arquimaster.com.ar\/web\/wp-content\/uploads\/2022\/06\/casa_n12-150x150.jpg\" class=\"attachment-thumbnail size-thumbnail\" alt=\"Casa \u00d1 \/ Berardi-Grasso-Berardi\" aria-describedby=\"gallery-1-70539\" \/><\/a>\n\t\t\t<\/div>\n\t\t\t\t<figcaption class='wp-caption-text gallery-caption' id='gallery-1-70539'>\n\t\t\t\tCasa \u00d1 \/ Berardi-Grasso-Berardi (\u00a9 Arq. Daniela Mac Adden)\n\t\t\t\t<\/figcaption><\/figure><figure class='gallery-item'>\n\t\t\t<div class='gallery-icon portrait'>\n\t\t\t\t<a href='https:\/\/www.arquimaster.com.ar\/web\/wp-content\/uploads\/2022\/06\/casa_n13.jpg' title=\"Casa \u00d1 \/ Berardi-Grasso-Berardi (\u00a9 Arq. Daniela Mac Adden)\" data-rl_title=\"Casa \u00d1 \/ Berardi-Grasso-Berardi (\u00a9 Arq. Daniela Mac Adden)\" class=\"rl-gallery-link\" data-rl_caption=\"Casa \u00d1 \/ Berardi-Grasso-Berardi (\u00a9 Arq. Daniela Mac Adden)\" data-rel=\"lightbox-gallery-1\"><img loading=\"lazy\" decoding=\"async\" width=\"150\" height=\"150\" src=\"https:\/\/www.arquimaster.com.ar\/web\/wp-content\/uploads\/2022\/06\/casa_n13-150x150.jpg\" class=\"attachment-thumbnail size-thumbnail\" alt=\"Casa \u00d1 \/ Berardi-Grasso-Berardi\" aria-describedby=\"gallery-1-70540\" \/><\/a>\n\t\t\t<\/div>\n\t\t\t\t<figcaption class='wp-caption-text gallery-caption' id='gallery-1-70540'>\n\t\t\t\tCasa \u00d1 \/ Berardi-Grasso-Berardi (\u00a9 Arq. Daniela Mac Adden)\n\t\t\t\t<\/figcaption><\/figure><figure class='gallery-item'>\n\t\t\t<div class='gallery-icon portrait'>\n\t\t\t\t<a href='https:\/\/www.arquimaster.com.ar\/web\/wp-content\/uploads\/2022\/06\/casa_n14.jpg' title=\"Casa \u00d1 \/ Berardi-Grasso-Berardi (\u00a9 Arq. Daniela Mac Adden)\" data-rl_title=\"Casa \u00d1 \/ Berardi-Grasso-Berardi (\u00a9 Arq. Daniela Mac Adden)\" class=\"rl-gallery-link\" data-rl_caption=\"Casa \u00d1 \/ Berardi-Grasso-Berardi (\u00a9 Arq. Daniela Mac Adden)\" data-rel=\"lightbox-gallery-1\"><img loading=\"lazy\" decoding=\"async\" width=\"150\" height=\"150\" src=\"https:\/\/www.arquimaster.com.ar\/web\/wp-content\/uploads\/2022\/06\/casa_n14-150x150.jpg\" class=\"attachment-thumbnail size-thumbnail\" alt=\"Casa \u00d1 \/ Berardi-Grasso-Berardi\" aria-describedby=\"gallery-1-70541\" \/><\/a>\n\t\t\t<\/div>\n\t\t\t\t<figcaption class='wp-caption-text gallery-caption' id='gallery-1-70541'>\n\t\t\t\tCasa \u00d1 \/ Berardi-Grasso-Berardi (\u00a9 Arq. Daniela Mac Adden)\n\t\t\t\t<\/figcaption><\/figure><figure class='gallery-item'>\n\t\t\t<div class='gallery-icon portrait'>\n\t\t\t\t<a href='https:\/\/www.arquimaster.com.ar\/web\/wp-content\/uploads\/2022\/06\/casa_n15.jpg' title=\"Casa \u00d1 \/ Berardi-Grasso-Berardi (\u00a9 Arq. Daniela Mac Adden)\" data-rl_title=\"Casa \u00d1 \/ Berardi-Grasso-Berardi (\u00a9 Arq. Daniela Mac Adden)\" class=\"rl-gallery-link\" data-rl_caption=\"Casa \u00d1 \/ Berardi-Grasso-Berardi (\u00a9 Arq. Daniela Mac Adden)\" data-rel=\"lightbox-gallery-1\"><img loading=\"lazy\" decoding=\"async\" width=\"150\" height=\"150\" src=\"https:\/\/www.arquimaster.com.ar\/web\/wp-content\/uploads\/2022\/06\/casa_n15-150x150.jpg\" class=\"attachment-thumbnail size-thumbnail\" alt=\"Casa \u00d1 \/ Berardi-Grasso-Berardi\" aria-describedby=\"gallery-1-70542\" \/><\/a>\n\t\t\t<\/div>\n\t\t\t\t<figcaption class='wp-caption-text gallery-caption' id='gallery-1-70542'>\n\t\t\t\tCasa \u00d1 \/ Berardi-Grasso-Berardi (\u00a9 Arq. Daniela Mac Adden)\n\t\t\t\t<\/figcaption><\/figure><figure class='gallery-item'>\n\t\t\t<div class='gallery-icon landscape'>\n\t\t\t\t<a href='https:\/\/www.arquimaster.com.ar\/web\/wp-content\/uploads\/2022\/06\/casa_n16.jpg' title=\"Casa \u00d1 \/ Berardi-Grasso-Berardi (\u00a9 Arq. Daniela Mac Adden)\" data-rl_title=\"Casa \u00d1 \/ Berardi-Grasso-Berardi (\u00a9 Arq. Daniela Mac Adden)\" class=\"rl-gallery-link\" data-rl_caption=\"Casa \u00d1 \/ Berardi-Grasso-Berardi (\u00a9 Arq. Daniela Mac Adden)\" data-rel=\"lightbox-gallery-1\"><img loading=\"lazy\" decoding=\"async\" width=\"150\" height=\"150\" src=\"https:\/\/www.arquimaster.com.ar\/web\/wp-content\/uploads\/2022\/06\/casa_n16-150x150.jpg\" class=\"attachment-thumbnail size-thumbnail\" alt=\"Casa \u00d1 \/ Berardi-Grasso-Berardi\" aria-describedby=\"gallery-1-70543\" srcset=\"https:\/\/www.arquimaster.com.ar\/web\/wp-content\/uploads\/2022\/06\/casa_n16-150x150.jpg 150w, https:\/\/www.arquimaster.com.ar\/web\/wp-content\/uploads\/2022\/06\/casa_n16-768x768.jpg 768w, https:\/\/www.arquimaster.com.ar\/web\/wp-content\/uploads\/2022\/06\/casa_n16.jpg 1500w\" sizes=\"auto, (max-width: 150px) 100vw, 150px\" \/><\/a>\n\t\t\t<\/div>\n\t\t\t\t<figcaption class='wp-caption-text gallery-caption' id='gallery-1-70543'>\n\t\t\t\tCasa \u00d1 \/ Berardi-Grasso-Berardi (\u00a9 Arq. Daniela Mac Adden)\n\t\t\t\t<\/figcaption><\/figure><figure class='gallery-item'>\n\t\t\t<div class='gallery-icon portrait'>\n\t\t\t\t<a href='https:\/\/www.arquimaster.com.ar\/web\/wp-content\/uploads\/2022\/06\/casa_n17.jpg' title=\"Casa \u00d1 \/ Berardi-Grasso-Berardi (\u00a9 Arq. Daniela Mac Adden)\" data-rl_title=\"Casa \u00d1 \/ Berardi-Grasso-Berardi (\u00a9 Arq. Daniela Mac Adden)\" class=\"rl-gallery-link\" data-rl_caption=\"Casa \u00d1 \/ Berardi-Grasso-Berardi (\u00a9 Arq. Daniela Mac Adden)\" data-rel=\"lightbox-gallery-1\"><img loading=\"lazy\" decoding=\"async\" width=\"150\" height=\"150\" src=\"https:\/\/www.arquimaster.com.ar\/web\/wp-content\/uploads\/2022\/06\/casa_n17-150x150.jpg\" class=\"attachment-thumbnail size-thumbnail\" alt=\"Casa \u00d1 \/ Berardi-Grasso-Berardi\" aria-describedby=\"gallery-1-70544\" srcset=\"https:\/\/www.arquimaster.com.ar\/web\/wp-content\/uploads\/2022\/06\/casa_n17-150x150.jpg 150w, https:\/\/www.arquimaster.com.ar\/web\/wp-content\/uploads\/2022\/06\/casa_n17-768x769.jpg 768w, https:\/\/www.arquimaster.com.ar\/web\/wp-content\/uploads\/2022\/06\/casa_n17.jpg 1499w\" sizes=\"auto, (max-width: 150px) 100vw, 150px\" \/><\/a>\n\t\t\t<\/div>\n\t\t\t\t<figcaption class='wp-caption-text gallery-caption' id='gallery-1-70544'>\n\t\t\t\tCasa \u00d1 \/ Berardi-Grasso-Berardi (\u00a9 Arq. Daniela Mac Adden)\n\t\t\t\t<\/figcaption><\/figure><figure class='gallery-item'>\n\t\t\t<div class='gallery-icon landscape'>\n\t\t\t\t<a href='https:\/\/www.arquimaster.com.ar\/web\/wp-content\/uploads\/2022\/06\/casa_n18.jpg' title=\"Casa \u00d1 \/ Berardi-Grasso-Berardi (\u00a9 Arq. Daniela Mac Adden)\" data-rl_title=\"Casa \u00d1 \/ Berardi-Grasso-Berardi (\u00a9 Arq. Daniela Mac Adden)\" class=\"rl-gallery-link\" data-rl_caption=\"Casa \u00d1 \/ Berardi-Grasso-Berardi (\u00a9 Arq. Daniela Mac Adden)\" data-rel=\"lightbox-gallery-1\"><img loading=\"lazy\" decoding=\"async\" width=\"150\" height=\"150\" src=\"https:\/\/www.arquimaster.com.ar\/web\/wp-content\/uploads\/2022\/06\/casa_n18-150x150.jpg\" class=\"attachment-thumbnail size-thumbnail\" alt=\"Casa \u00d1 \/ Berardi-Grasso-Berardi\" aria-describedby=\"gallery-1-70545\" srcset=\"https:\/\/www.arquimaster.com.ar\/web\/wp-content\/uploads\/2022\/06\/casa_n18-150x150.jpg 150w, https:\/\/www.arquimaster.com.ar\/web\/wp-content\/uploads\/2022\/06\/casa_n18-768x768.jpg 768w, https:\/\/www.arquimaster.com.ar\/web\/wp-content\/uploads\/2022\/06\/casa_n18.jpg 1500w\" sizes=\"auto, (max-width: 150px) 100vw, 150px\" \/><\/a>\n\t\t\t<\/div>\n\t\t\t\t<figcaption class='wp-caption-text gallery-caption' id='gallery-1-70545'>\n\t\t\t\tCasa \u00d1 \/ Berardi-Grasso-Berardi (\u00a9 Arq. Daniela Mac Adden)\n\t\t\t\t<\/figcaption><\/figure><figure class='gallery-item'>\n\t\t\t<div class='gallery-icon landscape'>\n\t\t\t\t<a href='https:\/\/www.arquimaster.com.ar\/web\/wp-content\/uploads\/2022\/06\/casa_n19.jpg' title=\"Casa \u00d1 \/ Berardi-Grasso-Berardi (\u00a9 Arq. Daniela Mac Adden)\" data-rl_title=\"Casa \u00d1 \/ Berardi-Grasso-Berardi (\u00a9 Arq. Daniela Mac Adden)\" class=\"rl-gallery-link\" data-rl_caption=\"Casa \u00d1 \/ Berardi-Grasso-Berardi (\u00a9 Arq. Daniela Mac Adden)\" data-rel=\"lightbox-gallery-1\"><img loading=\"lazy\" decoding=\"async\" width=\"150\" height=\"150\" src=\"https:\/\/www.arquimaster.com.ar\/web\/wp-content\/uploads\/2022\/06\/casa_n19-150x150.jpg\" class=\"attachment-thumbnail size-thumbnail\" alt=\"Casa \u00d1 \/ Berardi-Grasso-Berardi\" aria-describedby=\"gallery-1-70546\" srcset=\"https:\/\/www.arquimaster.com.ar\/web\/wp-content\/uploads\/2022\/06\/casa_n19-150x150.jpg 150w, https:\/\/www.arquimaster.com.ar\/web\/wp-content\/uploads\/2022\/06\/casa_n19-768x768.jpg 768w, https:\/\/www.arquimaster.com.ar\/web\/wp-content\/uploads\/2022\/06\/casa_n19.jpg 1500w\" sizes=\"auto, (max-width: 150px) 100vw, 150px\" \/><\/a>\n\t\t\t<\/div>\n\t\t\t\t<figcaption class='wp-caption-text gallery-caption' id='gallery-1-70546'>\n\t\t\t\tCasa \u00d1 \/ Berardi-Grasso-Berardi (\u00a9 Arq. Daniela Mac Adden)\n\t\t\t\t<\/figcaption><\/figure><figure class='gallery-item'>\n\t\t\t<div class='gallery-icon landscape'>\n\t\t\t\t<a href='https:\/\/www.arquimaster.com.ar\/web\/wp-content\/uploads\/2022\/06\/casa_n20.jpg' title=\"Casa \u00d1 \/ Berardi-Grasso-Berardi (\u00a9 Arq. Daniela Mac Adden)\" data-rl_title=\"Casa \u00d1 \/ Berardi-Grasso-Berardi (\u00a9 Arq. Daniela Mac Adden)\" class=\"rl-gallery-link\" data-rl_caption=\"Casa \u00d1 \/ Berardi-Grasso-Berardi (\u00a9 Arq. Daniela Mac Adden)\" data-rel=\"lightbox-gallery-1\"><img loading=\"lazy\" decoding=\"async\" width=\"150\" height=\"150\" src=\"https:\/\/www.arquimaster.com.ar\/web\/wp-content\/uploads\/2022\/06\/casa_n20-150x150.jpg\" class=\"attachment-thumbnail size-thumbnail\" alt=\"Casa \u00d1 \/ Berardi-Grasso-Berardi\" aria-describedby=\"gallery-1-70547\" srcset=\"https:\/\/www.arquimaster.com.ar\/web\/wp-content\/uploads\/2022\/06\/casa_n20-150x150.jpg 150w, https:\/\/www.arquimaster.com.ar\/web\/wp-content\/uploads\/2022\/06\/casa_n20-768x768.jpg 768w, https:\/\/www.arquimaster.com.ar\/web\/wp-content\/uploads\/2022\/06\/casa_n20.jpg 1500w\" sizes=\"auto, (max-width: 150px) 100vw, 150px\" \/><\/a>\n\t\t\t<\/div>\n\t\t\t\t<figcaption class='wp-caption-text gallery-caption' id='gallery-1-70547'>\n\t\t\t\tCasa \u00d1 \/ Berardi-Grasso-Berardi (\u00a9 Arq. Daniela Mac Adden)\n\t\t\t\t<\/figcaption><\/figure><figure class='gallery-item'>\n\t\t\t<div class='gallery-icon landscape'>\n\t\t\t\t<a href='https:\/\/www.arquimaster.com.ar\/web\/wp-content\/uploads\/2022\/06\/casa_n21.jpg' title=\"Casa \u00d1 \/ Berardi-Grasso-Berardi (\u00a9 Arq. Daniela Mac Adden)\" data-rl_title=\"Casa \u00d1 \/ Berardi-Grasso-Berardi (\u00a9 Arq. Daniela Mac Adden)\" class=\"rl-gallery-link\" data-rl_caption=\"Casa \u00d1 \/ Berardi-Grasso-Berardi (\u00a9 Arq. Daniela Mac Adden)\" data-rel=\"lightbox-gallery-1\"><img loading=\"lazy\" decoding=\"async\" width=\"150\" height=\"150\" src=\"https:\/\/www.arquimaster.com.ar\/web\/wp-content\/uploads\/2022\/06\/casa_n21-150x150.jpg\" class=\"attachment-thumbnail size-thumbnail\" alt=\"Casa \u00d1 \/ Berardi-Grasso-Berardi\" aria-describedby=\"gallery-1-70548\" srcset=\"https:\/\/www.arquimaster.com.ar\/web\/wp-content\/uploads\/2022\/06\/casa_n21-150x150.jpg 150w, https:\/\/www.arquimaster.com.ar\/web\/wp-content\/uploads\/2022\/06\/casa_n21-768x767.jpg 768w, https:\/\/www.arquimaster.com.ar\/web\/wp-content\/uploads\/2022\/06\/casa_n21.jpg 1501w\" sizes=\"auto, (max-width: 150px) 100vw, 150px\" \/><\/a>\n\t\t\t<\/div>\n\t\t\t\t<figcaption class='wp-caption-text gallery-caption' id='gallery-1-70548'>\n\t\t\t\tCasa \u00d1 \/ Berardi-Grasso-Berardi (\u00a9 Arq. Daniela Mac Adden)\n\t\t\t\t<\/figcaption><\/figure><figure class='gallery-item'>\n\t\t\t<div class='gallery-icon landscape'>\n\t\t\t\t<a href='https:\/\/www.arquimaster.com.ar\/web\/wp-content\/uploads\/2022\/06\/casa_n22.jpg' title=\"Casa \u00d1 \/ Berardi-Grasso-Berardi (emplazamiento)\" data-rl_title=\"Casa \u00d1 \/ Berardi-Grasso-Berardi (emplazamiento)\" class=\"rl-gallery-link\" data-rl_caption=\"Casa \u00d1 \/ Berardi-Grasso-Berardi (emplazamiento)\" data-rel=\"lightbox-gallery-1\"><img loading=\"lazy\" decoding=\"async\" width=\"150\" height=\"150\" src=\"https:\/\/www.arquimaster.com.ar\/web\/wp-content\/uploads\/2022\/06\/casa_n22-150x150.jpg\" class=\"attachment-thumbnail size-thumbnail\" alt=\"Casa \u00d1 \/ Berardi-Grasso-Berardi\" aria-describedby=\"gallery-1-70549\" srcset=\"https:\/\/www.arquimaster.com.ar\/web\/wp-content\/uploads\/2022\/06\/casa_n22-150x150.jpg 150w, https:\/\/www.arquimaster.com.ar\/web\/wp-content\/uploads\/2022\/06\/casa_n22-768x768.jpg 768w, https:\/\/www.arquimaster.com.ar\/web\/wp-content\/uploads\/2022\/06\/casa_n22-1536x1536.jpg 1536w, https:\/\/www.arquimaster.com.ar\/web\/wp-content\/uploads\/2022\/06\/casa_n22.jpg 2000w\" sizes=\"auto, (max-width: 150px) 100vw, 150px\" \/><\/a>\n\t\t\t<\/div>\n\t\t\t\t<figcaption class='wp-caption-text gallery-caption' id='gallery-1-70549'>\n\t\t\t\tCasa \u00d1 \/ Berardi-Grasso-Berardi (emplazamiento)\n\t\t\t\t<\/figcaption><\/figure><figure class='gallery-item'>\n\t\t\t<div class='gallery-icon landscape'>\n\t\t\t\t<a href='https:\/\/www.arquimaster.com.ar\/web\/wp-content\/uploads\/2022\/06\/casa_n23.jpg' title=\"Casa \u00d1 \/ Berardi-Grasso-Berardi (implantaci\u00f3n)\" data-rl_title=\"Casa \u00d1 \/ Berardi-Grasso-Berardi (implantaci\u00f3n)\" class=\"rl-gallery-link\" data-rl_caption=\"Casa \u00d1 \/ Berardi-Grasso-Berardi (implantaci\u00f3n)\" data-rel=\"lightbox-gallery-1\"><img loading=\"lazy\" decoding=\"async\" width=\"150\" height=\"150\" src=\"https:\/\/www.arquimaster.com.ar\/web\/wp-content\/uploads\/2022\/06\/casa_n23-150x150.jpg\" class=\"attachment-thumbnail size-thumbnail\" alt=\"Casa \u00d1 \/ Berardi-Grasso-Berardi\" aria-describedby=\"gallery-1-70550\" srcset=\"https:\/\/www.arquimaster.com.ar\/web\/wp-content\/uploads\/2022\/06\/casa_n23-150x150.jpg 150w, https:\/\/www.arquimaster.com.ar\/web\/wp-content\/uploads\/2022\/06\/casa_n23-768x768.jpg 768w, https:\/\/www.arquimaster.com.ar\/web\/wp-content\/uploads\/2022\/06\/casa_n23-1536x1536.jpg 1536w, https:\/\/www.arquimaster.com.ar\/web\/wp-content\/uploads\/2022\/06\/casa_n23.jpg 2000w\" sizes=\"auto, (max-width: 150px) 100vw, 150px\" \/><\/a>\n\t\t\t<\/div>\n\t\t\t\t<figcaption class='wp-caption-text gallery-caption' id='gallery-1-70550'>\n\t\t\t\tCasa \u00d1 \/ Berardi-Grasso-Berardi (implantaci\u00f3n)\n\t\t\t\t<\/figcaption><\/figure><figure class='gallery-item'>\n\t\t\t<div class='gallery-icon landscape'>\n\t\t\t\t<a href='https:\/\/www.arquimaster.com.ar\/web\/wp-content\/uploads\/2022\/06\/casa_n24.jpg' title=\"Casa \u00d1 \/ Berardi-Grasso-Berardi (planta baja)\" data-rl_title=\"Casa \u00d1 \/ Berardi-Grasso-Berardi (planta baja)\" class=\"rl-gallery-link\" data-rl_caption=\"Casa \u00d1 \/ Berardi-Grasso-Berardi (planta baja)\" data-rel=\"lightbox-gallery-1\"><img loading=\"lazy\" decoding=\"async\" width=\"150\" height=\"150\" src=\"https:\/\/www.arquimaster.com.ar\/web\/wp-content\/uploads\/2022\/06\/casa_n24-150x150.jpg\" class=\"attachment-thumbnail size-thumbnail\" alt=\"Casa \u00d1 \/ Berardi-Grasso-Berardi\" aria-describedby=\"gallery-1-70551\" srcset=\"https:\/\/www.arquimaster.com.ar\/web\/wp-content\/uploads\/2022\/06\/casa_n24-150x150.jpg 150w, https:\/\/www.arquimaster.com.ar\/web\/wp-content\/uploads\/2022\/06\/casa_n24-768x768.jpg 768w, https:\/\/www.arquimaster.com.ar\/web\/wp-content\/uploads\/2022\/06\/casa_n24-1536x1536.jpg 1536w, https:\/\/www.arquimaster.com.ar\/web\/wp-content\/uploads\/2022\/06\/casa_n24.jpg 2000w\" sizes=\"auto, (max-width: 150px) 100vw, 150px\" \/><\/a>\n\t\t\t<\/div>\n\t\t\t\t<figcaption class='wp-caption-text gallery-caption' id='gallery-1-70551'>\n\t\t\t\tCasa \u00d1 \/ Berardi-Grasso-Berardi (planta baja)\n\t\t\t\t<\/figcaption><\/figure><figure class='gallery-item'>\n\t\t\t<div class='gallery-icon landscape'>\n\t\t\t\t<a href='https:\/\/www.arquimaster.com.ar\/web\/wp-content\/uploads\/2022\/06\/casa_n25.jpg' title=\"Casa \u00d1 \/ Berardi-Grasso-Berardi (planta alta)\" data-rl_title=\"Casa \u00d1 \/ Berardi-Grasso-Berardi (planta alta)\" class=\"rl-gallery-link\" data-rl_caption=\"Casa \u00d1 \/ Berardi-Grasso-Berardi (planta alta)\" data-rel=\"lightbox-gallery-1\"><img loading=\"lazy\" decoding=\"async\" width=\"150\" height=\"150\" src=\"https:\/\/www.arquimaster.com.ar\/web\/wp-content\/uploads\/2022\/06\/casa_n25-150x150.jpg\" class=\"attachment-thumbnail size-thumbnail\" alt=\"Casa \u00d1 \/ Berardi-Grasso-Berardi\" aria-describedby=\"gallery-1-70552\" srcset=\"https:\/\/www.arquimaster.com.ar\/web\/wp-content\/uploads\/2022\/06\/casa_n25-150x150.jpg 150w, https:\/\/www.arquimaster.com.ar\/web\/wp-content\/uploads\/2022\/06\/casa_n25-768x768.jpg 768w, https:\/\/www.arquimaster.com.ar\/web\/wp-content\/uploads\/2022\/06\/casa_n25-1536x1536.jpg 1536w, https:\/\/www.arquimaster.com.ar\/web\/wp-content\/uploads\/2022\/06\/casa_n25.jpg 2000w\" sizes=\"auto, (max-width: 150px) 100vw, 150px\" \/><\/a>\n\t\t\t<\/div>\n\t\t\t\t<figcaption class='wp-caption-text gallery-caption' id='gallery-1-70552'>\n\t\t\t\tCasa \u00d1 \/ Berardi-Grasso-Berardi (planta alta)\n\t\t\t\t<\/figcaption><\/figure><figure class='gallery-item'>\n\t\t\t<div class='gallery-icon landscape'>\n\t\t\t\t<a href='https:\/\/www.arquimaster.com.ar\/web\/wp-content\/uploads\/2022\/06\/casa_n26.jpg' title=\"Casa \u00d1 \/ Berardi-Grasso-Berardi (planta de techos)\" data-rl_title=\"Casa \u00d1 \/ Berardi-Grasso-Berardi (planta de techos)\" class=\"rl-gallery-link\" data-rl_caption=\"Casa \u00d1 \/ Berardi-Grasso-Berardi (planta de techos)\" data-rel=\"lightbox-gallery-1\"><img loading=\"lazy\" decoding=\"async\" width=\"150\" height=\"150\" src=\"https:\/\/www.arquimaster.com.ar\/web\/wp-content\/uploads\/2022\/06\/casa_n26-150x150.jpg\" class=\"attachment-thumbnail size-thumbnail\" alt=\"Casa \u00d1 \/ Berardi-Grasso-Berardi\" aria-describedby=\"gallery-1-70553\" srcset=\"https:\/\/www.arquimaster.com.ar\/web\/wp-content\/uploads\/2022\/06\/casa_n26-150x150.jpg 150w, https:\/\/www.arquimaster.com.ar\/web\/wp-content\/uploads\/2022\/06\/casa_n26-768x768.jpg 768w, https:\/\/www.arquimaster.com.ar\/web\/wp-content\/uploads\/2022\/06\/casa_n26-1536x1536.jpg 1536w, https:\/\/www.arquimaster.com.ar\/web\/wp-content\/uploads\/2022\/06\/casa_n26.jpg 2000w\" sizes=\"auto, (max-width: 150px) 100vw, 150px\" \/><\/a>\n\t\t\t<\/div>\n\t\t\t\t<figcaption class='wp-caption-text gallery-caption' id='gallery-1-70553'>\n\t\t\t\tCasa \u00d1 \/ Berardi-Grasso-Berardi (planta de techos)\n\t\t\t\t<\/figcaption><\/figure><figure class='gallery-item'>\n\t\t\t<div class='gallery-icon landscape'>\n\t\t\t\t<a href='https:\/\/www.arquimaster.com.ar\/web\/wp-content\/uploads\/2022\/06\/casa_n27.jpg' title=\"Casa \u00d1 \/ Berardi-Grasso-Berardi (cortes transversales)\" data-rl_title=\"Casa \u00d1 \/ Berardi-Grasso-Berardi (cortes transversales)\" class=\"rl-gallery-link\" data-rl_caption=\"Casa \u00d1 \/ Berardi-Grasso-Berardi (cortes transversales)\" data-rel=\"lightbox-gallery-1\"><img loading=\"lazy\" decoding=\"async\" width=\"150\" height=\"150\" src=\"https:\/\/www.arquimaster.com.ar\/web\/wp-content\/uploads\/2022\/06\/casa_n27-150x150.jpg\" class=\"attachment-thumbnail size-thumbnail\" alt=\"Casa \u00d1 \/ Berardi-Grasso-Berardi\" aria-describedby=\"gallery-1-70554\" srcset=\"https:\/\/www.arquimaster.com.ar\/web\/wp-content\/uploads\/2022\/06\/casa_n27-150x150.jpg 150w, https:\/\/www.arquimaster.com.ar\/web\/wp-content\/uploads\/2022\/06\/casa_n27-768x768.jpg 768w, https:\/\/www.arquimaster.com.ar\/web\/wp-content\/uploads\/2022\/06\/casa_n27-1536x1536.jpg 1536w, https:\/\/www.arquimaster.com.ar\/web\/wp-content\/uploads\/2022\/06\/casa_n27.jpg 2000w\" sizes=\"auto, (max-width: 150px) 100vw, 150px\" \/><\/a>\n\t\t\t<\/div>\n\t\t\t\t<figcaption class='wp-caption-text gallery-caption' id='gallery-1-70554'>\n\t\t\t\tCasa \u00d1 \/ Berardi-Grasso-Berardi (cortes transversales)\n\t\t\t\t<\/figcaption><\/figure><figure class='gallery-item'>\n\t\t\t<div class='gallery-icon landscape'>\n\t\t\t\t<a href='https:\/\/www.arquimaster.com.ar\/web\/wp-content\/uploads\/2022\/06\/casa_n28.jpg' title=\"Casa \u00d1 \/ Berardi-Grasso-Berardi (corte longitudinal)\" data-rl_title=\"Casa \u00d1 \/ Berardi-Grasso-Berardi (corte longitudinal)\" class=\"rl-gallery-link\" data-rl_caption=\"Casa \u00d1 \/ Berardi-Grasso-Berardi (corte longitudinal)\" data-rel=\"lightbox-gallery-1\"><img loading=\"lazy\" decoding=\"async\" width=\"150\" height=\"150\" src=\"https:\/\/www.arquimaster.com.ar\/web\/wp-content\/uploads\/2022\/06\/casa_n28-150x150.jpg\" class=\"attachment-thumbnail size-thumbnail\" alt=\"Casa \u00d1 \/ Berardi-Grasso-Berardi\" aria-describedby=\"gallery-1-70555\" srcset=\"https:\/\/www.arquimaster.com.ar\/web\/wp-content\/uploads\/2022\/06\/casa_n28-150x150.jpg 150w, https:\/\/www.arquimaster.com.ar\/web\/wp-content\/uploads\/2022\/06\/casa_n28-768x768.jpg 768w, https:\/\/www.arquimaster.com.ar\/web\/wp-content\/uploads\/2022\/06\/casa_n28-1536x1536.jpg 1536w, https:\/\/www.arquimaster.com.ar\/web\/wp-content\/uploads\/2022\/06\/casa_n28.jpg 2000w\" sizes=\"auto, (max-width: 150px) 100vw, 150px\" \/><\/a>\n\t\t\t<\/div>\n\t\t\t\t<figcaption class='wp-caption-text gallery-caption' id='gallery-1-70555'>\n\t\t\t\tCasa \u00d1 \/ Berardi-Grasso-Berardi (corte longitudinal)\n\t\t\t\t<\/figcaption><\/figure><figure class='gallery-item'>\n\t\t\t<div class='gallery-icon landscape'>\n\t\t\t\t<a href='https:\/\/www.arquimaster.com.ar\/web\/wp-content\/uploads\/2022\/06\/casa_n29.jpg' title=\"Casa \u00d1 \/ Berardi-Grasso-Berardi (corte longitudinal)\" data-rl_title=\"Casa \u00d1 \/ Berardi-Grasso-Berardi (corte longitudinal)\" class=\"rl-gallery-link\" data-rl_caption=\"Casa \u00d1 \/ Berardi-Grasso-Berardi (corte longitudinal)\" data-rel=\"lightbox-gallery-1\"><img loading=\"lazy\" decoding=\"async\" width=\"150\" height=\"150\" src=\"https:\/\/www.arquimaster.com.ar\/web\/wp-content\/uploads\/2022\/06\/casa_n29-150x150.jpg\" class=\"attachment-thumbnail size-thumbnail\" alt=\"Casa \u00d1 \/ Berardi-Grasso-Berardi\" aria-describedby=\"gallery-1-70556\" srcset=\"https:\/\/www.arquimaster.com.ar\/web\/wp-content\/uploads\/2022\/06\/casa_n29-150x150.jpg 150w, https:\/\/www.arquimaster.com.ar\/web\/wp-content\/uploads\/2022\/06\/casa_n29-768x768.jpg 768w, https:\/\/www.arquimaster.com.ar\/web\/wp-content\/uploads\/2022\/06\/casa_n29-1536x1536.jpg 1536w, https:\/\/www.arquimaster.com.ar\/web\/wp-content\/uploads\/2022\/06\/casa_n29.jpg 2000w\" sizes=\"auto, (max-width: 150px) 100vw, 150px\" \/><\/a>\n\t\t\t<\/div>\n\t\t\t\t<figcaption class='wp-caption-text gallery-caption' id='gallery-1-70556'>\n\t\t\t\tCasa \u00d1 \/ Berardi-Grasso-Berardi (corte longitudinal)\n\t\t\t\t<\/figcaption><\/figure><figure class='gallery-item'>\n\t\t\t<div class='gallery-icon landscape'>\n\t\t\t\t<a href='https:\/\/www.arquimaster.com.ar\/web\/wp-content\/uploads\/2022\/06\/casa_n30.jpg' title=\"Casa \u00d1 \/ Berardi-Grasso-Berardi (vista frente)\" data-rl_title=\"Casa \u00d1 \/ Berardi-Grasso-Berardi (vista frente)\" class=\"rl-gallery-link\" data-rl_caption=\"Casa \u00d1 \/ Berardi-Grasso-Berardi (vista frente)\" data-rel=\"lightbox-gallery-1\"><img loading=\"lazy\" decoding=\"async\" width=\"150\" height=\"150\" src=\"https:\/\/www.arquimaster.com.ar\/web\/wp-content\/uploads\/2022\/06\/casa_n30-150x150.jpg\" class=\"attachment-thumbnail size-thumbnail\" alt=\"Casa \u00d1 \/ Berardi-Grasso-Berardi\" aria-describedby=\"gallery-1-70557\" srcset=\"https:\/\/www.arquimaster.com.ar\/web\/wp-content\/uploads\/2022\/06\/casa_n30-150x150.jpg 150w, https:\/\/www.arquimaster.com.ar\/web\/wp-content\/uploads\/2022\/06\/casa_n30-768x768.jpg 768w, https:\/\/www.arquimaster.com.ar\/web\/wp-content\/uploads\/2022\/06\/casa_n30-1536x1536.jpg 1536w, https:\/\/www.arquimaster.com.ar\/web\/wp-content\/uploads\/2022\/06\/casa_n30.jpg 2000w\" sizes=\"auto, (max-width: 150px) 100vw, 150px\" \/><\/a>\n\t\t\t<\/div>\n\t\t\t\t<figcaption class='wp-caption-text gallery-caption' id='gallery-1-70557'>\n\t\t\t\tCasa \u00d1 \/ Berardi-Grasso-Berardi (vista frente)\n\t\t\t\t<\/figcaption><\/figure><figure class='gallery-item'>\n\t\t\t<div class='gallery-icon landscape'>\n\t\t\t\t<a href='https:\/\/www.arquimaster.com.ar\/web\/wp-content\/uploads\/2022\/06\/casa_n31.jpg' title=\"Casa \u00d1 \/ Berardi-Grasso-Berardi (vista contrafrente)\" data-rl_title=\"Casa \u00d1 \/ Berardi-Grasso-Berardi (vista contrafrente)\" class=\"rl-gallery-link\" data-rl_caption=\"Casa \u00d1 \/ Berardi-Grasso-Berardi (vista contrafrente)\" data-rel=\"lightbox-gallery-1\"><img loading=\"lazy\" decoding=\"async\" width=\"150\" height=\"150\" src=\"https:\/\/www.arquimaster.com.ar\/web\/wp-content\/uploads\/2022\/06\/casa_n31-150x150.jpg\" class=\"attachment-thumbnail size-thumbnail\" alt=\"Casa \u00d1 \/ Berardi-Grasso-Berardi\" aria-describedby=\"gallery-1-70558\" srcset=\"https:\/\/www.arquimaster.com.ar\/web\/wp-content\/uploads\/2022\/06\/casa_n31-150x150.jpg 150w, https:\/\/www.arquimaster.com.ar\/web\/wp-content\/uploads\/2022\/06\/casa_n31-768x768.jpg 768w, https:\/\/www.arquimaster.com.ar\/web\/wp-content\/uploads\/2022\/06\/casa_n31-1536x1536.jpg 1536w, https:\/\/www.arquimaster.com.ar\/web\/wp-content\/uploads\/2022\/06\/casa_n31.jpg 2000w\" sizes=\"auto, (max-width: 150px) 100vw, 150px\" \/><\/a>\n\t\t\t<\/div>\n\t\t\t\t<figcaption class='wp-caption-text gallery-caption' id='gallery-1-70558'>\n\t\t\t\tCasa \u00d1 \/ Berardi-Grasso-Berardi (vista contrafrente)\n\t\t\t\t<\/figcaption><\/figure><figure class='gallery-item'>\n\t\t\t<div class='gallery-icon landscape'>\n\t\t\t\t<a href='https:\/\/www.arquimaster.com.ar\/web\/wp-content\/uploads\/2022\/06\/casa_n32.jpg' title=\"Casa \u00d1 \/ Berardi-Grasso-Berardi (vista lateral derecha)\" data-rl_title=\"Casa \u00d1 \/ Berardi-Grasso-Berardi (vista lateral derecha)\" class=\"rl-gallery-link\" data-rl_caption=\"Casa \u00d1 \/ Berardi-Grasso-Berardi (vista lateral derecha)\" data-rel=\"lightbox-gallery-1\"><img loading=\"lazy\" decoding=\"async\" width=\"150\" height=\"150\" src=\"https:\/\/www.arquimaster.com.ar\/web\/wp-content\/uploads\/2022\/06\/casa_n32-150x150.jpg\" class=\"attachment-thumbnail size-thumbnail\" alt=\"Casa \u00d1 \/ Berardi-Grasso-Berardi\" aria-describedby=\"gallery-1-70559\" srcset=\"https:\/\/www.arquimaster.com.ar\/web\/wp-content\/uploads\/2022\/06\/casa_n32-150x150.jpg 150w, https:\/\/www.arquimaster.com.ar\/web\/wp-content\/uploads\/2022\/06\/casa_n32-768x768.jpg 768w, https:\/\/www.arquimaster.com.ar\/web\/wp-content\/uploads\/2022\/06\/casa_n32-1536x1536.jpg 1536w, https:\/\/www.arquimaster.com.ar\/web\/wp-content\/uploads\/2022\/06\/casa_n32.jpg 2000w\" sizes=\"auto, (max-width: 150px) 100vw, 150px\" \/><\/a>\n\t\t\t<\/div>\n\t\t\t\t<figcaption class='wp-caption-text gallery-caption' id='gallery-1-70559'>\n\t\t\t\tCasa \u00d1 \/ Berardi-Grasso-Berardi (vista lateral derecha)\n\t\t\t\t<\/figcaption><\/figure><figure class='gallery-item'>\n\t\t\t<div class='gallery-icon landscape'>\n\t\t\t\t<a href='https:\/\/www.arquimaster.com.ar\/web\/wp-content\/uploads\/2022\/06\/casa_n33.jpg' title=\"Casa \u00d1 \/ Berardi-Grasso-Berardi (vista lateral izquierda)\" data-rl_title=\"Casa \u00d1 \/ Berardi-Grasso-Berardi (vista lateral izquierda)\" class=\"rl-gallery-link\" data-rl_caption=\"Casa \u00d1 \/ Berardi-Grasso-Berardi (vista lateral izquierda)\" data-rel=\"lightbox-gallery-1\"><img loading=\"lazy\" decoding=\"async\" width=\"150\" height=\"150\" src=\"https:\/\/www.arquimaster.com.ar\/web\/wp-content\/uploads\/2022\/06\/casa_n33-150x150.jpg\" class=\"attachment-thumbnail size-thumbnail\" alt=\"Casa \u00d1 \/ Berardi-Grasso-Berardi\" aria-describedby=\"gallery-1-70560\" srcset=\"https:\/\/www.arquimaster.com.ar\/web\/wp-content\/uploads\/2022\/06\/casa_n33-150x150.jpg 150w, https:\/\/www.arquimaster.com.ar\/web\/wp-content\/uploads\/2022\/06\/casa_n33-768x768.jpg 768w, https:\/\/www.arquimaster.com.ar\/web\/wp-content\/uploads\/2022\/06\/casa_n33-1536x1536.jpg 1536w, https:\/\/www.arquimaster.com.ar\/web\/wp-content\/uploads\/2022\/06\/casa_n33.jpg 2000w\" sizes=\"auto, (max-width: 150px) 100vw, 150px\" \/><\/a>\n\t\t\t<\/div>\n\t\t\t\t<figcaption class='wp-caption-text gallery-caption' id='gallery-1-70560'>\n\t\t\t\tCasa \u00d1 \/ Berardi-Grasso-Berardi (vista lateral izquierda)\n\t\t\t\t<\/figcaption><\/figure><figure class='gallery-item'>\n\t\t\t<div class='gallery-icon landscape'>\n\t\t\t\t<a href='https:\/\/www.arquimaster.com.ar\/web\/wp-content\/uploads\/2022\/06\/casa_n34.jpg' title=\"Casa \u00d1 \/ Berardi-Grasso-Berardi (axonometria)\" data-rl_title=\"Casa \u00d1 \/ Berardi-Grasso-Berardi (axonometria)\" class=\"rl-gallery-link\" data-rl_caption=\"Casa \u00d1 \/ Berardi-Grasso-Berardi (axonometria)\" data-rel=\"lightbox-gallery-1\"><img loading=\"lazy\" decoding=\"async\" width=\"150\" height=\"150\" src=\"https:\/\/www.arquimaster.com.ar\/web\/wp-content\/uploads\/2022\/06\/casa_n34-150x150.jpg\" class=\"attachment-thumbnail size-thumbnail\" alt=\"Casa \u00d1 \/ Berardi-Grasso-Berardi\" aria-describedby=\"gallery-1-70561\" srcset=\"https:\/\/www.arquimaster.com.ar\/web\/wp-content\/uploads\/2022\/06\/casa_n34-150x150.jpg 150w, https:\/\/www.arquimaster.com.ar\/web\/wp-content\/uploads\/2022\/06\/casa_n34-768x768.jpg 768w, https:\/\/www.arquimaster.com.ar\/web\/wp-content\/uploads\/2022\/06\/casa_n34-1536x1536.jpg 1536w, https:\/\/www.arquimaster.com.ar\/web\/wp-content\/uploads\/2022\/06\/casa_n34.jpg 2000w\" sizes=\"auto, (max-width: 150px) 100vw, 150px\" \/><\/a>\n\t\t\t<\/div>\n\t\t\t\t<figcaption class='wp-caption-text gallery-caption' id='gallery-1-70561'>\n\t\t\t\tCasa \u00d1 \/ Berardi-Grasso-Berardi (axonometria)\n\t\t\t\t<\/figcaption><\/figure><figure class='gallery-item'>\n\t\t\t<div class='gallery-icon landscape'>\n\t\t\t\t<a href='https:\/\/www.arquimaster.com.ar\/web\/wp-content\/uploads\/2022\/06\/casa_n35.jpg' title=\"Casa \u00d1 \/ Berardi-Grasso-Berardi (axonometria)\" data-rl_title=\"Casa \u00d1 \/ Berardi-Grasso-Berardi (axonometria)\" class=\"rl-gallery-link\" data-rl_caption=\"Casa \u00d1 \/ Berardi-Grasso-Berardi (axonometria)\" data-rel=\"lightbox-gallery-1\"><img loading=\"lazy\" decoding=\"async\" width=\"150\" height=\"150\" src=\"https:\/\/www.arquimaster.com.ar\/web\/wp-content\/uploads\/2022\/06\/casa_n35-150x150.jpg\" class=\"attachment-thumbnail size-thumbnail\" alt=\"Casa \u00d1 \/ Berardi-Grasso-Berardi\" aria-describedby=\"gallery-1-70562\" srcset=\"https:\/\/www.arquimaster.com.ar\/web\/wp-content\/uploads\/2022\/06\/casa_n35-150x150.jpg 150w, https:\/\/www.arquimaster.com.ar\/web\/wp-content\/uploads\/2022\/06\/casa_n35-768x768.jpg 768w, https:\/\/www.arquimaster.com.ar\/web\/wp-content\/uploads\/2022\/06\/casa_n35-1536x1536.jpg 1536w, https:\/\/www.arquimaster.com.ar\/web\/wp-content\/uploads\/2022\/06\/casa_n35.jpg 2000w\" sizes=\"auto, (max-width: 150px) 100vw, 150px\" \/><\/a>\n\t\t\t<\/div>\n\t\t\t\t<figcaption class='wp-caption-text gallery-caption' id='gallery-1-70562'>\n\t\t\t\tCasa \u00d1 \/ Berardi-Grasso-Berardi (axonometria)\n\t\t\t\t<\/figcaption><\/figure><figure class='gallery-item'>\n\t\t\t<div class='gallery-icon landscape'>\n\t\t\t\t<a href='https:\/\/www.arquimaster.com.ar\/web\/wp-content\/uploads\/2022\/06\/casa_n36.jpg' title=\"Casa \u00d1 \/ Berardi-Grasso-Berardi (axonometria)\" data-rl_title=\"Casa \u00d1 \/ Berardi-Grasso-Berardi (axonometria)\" class=\"rl-gallery-link\" data-rl_caption=\"Casa \u00d1 \/ Berardi-Grasso-Berardi (axonometria)\" data-rel=\"lightbox-gallery-1\"><img loading=\"lazy\" decoding=\"async\" width=\"150\" height=\"150\" src=\"https:\/\/www.arquimaster.com.ar\/web\/wp-content\/uploads\/2022\/06\/casa_n36-150x150.jpg\" class=\"attachment-thumbnail size-thumbnail\" alt=\"Casa \u00d1 \/ Berardi-Grasso-Berardi\" aria-describedby=\"gallery-1-70563\" srcset=\"https:\/\/www.arquimaster.com.ar\/web\/wp-content\/uploads\/2022\/06\/casa_n36-150x150.jpg 150w, https:\/\/www.arquimaster.com.ar\/web\/wp-content\/uploads\/2022\/06\/casa_n36-768x768.jpg 768w, https:\/\/www.arquimaster.com.ar\/web\/wp-content\/uploads\/2022\/06\/casa_n36-1536x1536.jpg 1536w, https:\/\/www.arquimaster.com.ar\/web\/wp-content\/uploads\/2022\/06\/casa_n36.jpg 2000w\" sizes=\"auto, (max-width: 150px) 100vw, 150px\" \/><\/a>\n\t\t\t<\/div>\n\t\t\t\t<figcaption class='wp-caption-text gallery-caption' id='gallery-1-70563'>\n\t\t\t\tCasa \u00d1 \/ Berardi-Grasso-Berardi (axonometria)\n\t\t\t\t<\/figcaption><\/figure><figure class='gallery-item'>\n\t\t\t<div class='gallery-icon landscape'>\n\t\t\t\t<a href='https:\/\/www.arquimaster.com.ar\/web\/wp-content\/uploads\/2022\/06\/casa_n37.jpg' title=\"Casa \u00d1 \/ Berardi-Grasso-Berardi (axonometria)\" data-rl_title=\"Casa \u00d1 \/ Berardi-Grasso-Berardi (axonometria)\" class=\"rl-gallery-link\" data-rl_caption=\"Casa \u00d1 \/ Berardi-Grasso-Berardi (axonometria)\" data-rel=\"lightbox-gallery-1\"><img loading=\"lazy\" decoding=\"async\" width=\"150\" height=\"150\" src=\"https:\/\/www.arquimaster.com.ar\/web\/wp-content\/uploads\/2022\/06\/casa_n37-150x150.jpg\" class=\"attachment-thumbnail size-thumbnail\" alt=\"Casa \u00d1 \/ Berardi-Grasso-Berardi\" aria-describedby=\"gallery-1-70564\" srcset=\"https:\/\/www.arquimaster.com.ar\/web\/wp-content\/uploads\/2022\/06\/casa_n37-150x150.jpg 150w, https:\/\/www.arquimaster.com.ar\/web\/wp-content\/uploads\/2022\/06\/casa_n37-768x768.jpg 768w, https:\/\/www.arquimaster.com.ar\/web\/wp-content\/uploads\/2022\/06\/casa_n37-1536x1536.jpg 1536w, https:\/\/www.arquimaster.com.ar\/web\/wp-content\/uploads\/2022\/06\/casa_n37.jpg 2000w\" sizes=\"auto, (max-width: 150px) 100vw, 150px\" \/><\/a>\n\t\t\t<\/div>\n\t\t\t\t<figcaption class='wp-caption-text gallery-caption' id='gallery-1-70564'>\n\t\t\t\tCasa \u00d1 \/ Berardi-Grasso-Berardi (axonometria)\n\t\t\t\t<\/figcaption><\/figure>\n\t\t<\/div>\n\n<p>Al frente se encuentran los \u00e1mbitos de servicio mientras que en torno al vac\u00edo central se disponen los lugares de mayor estancia aprovechando la orientaci\u00f3n norte y las visuales al parque y a la piscina.<\/p>\n<p>En la planta alta, el patio central ya no integra los \u00e1mbitos entre s\u00ed, sino que los organiza diferenciando zonas, ubicando a los hijos adolescentes hacia el frente del lote y a los padres al contrafrente para lograr grados de privacidad regulados entre ellos.<\/p>\n<p>La terraza jard\u00edn en el \u00faltimo nivel donde se encuentra el tanque de agua, la caldera, sistema de aire acondicionado central y una serie de canteros y lugares para sentarse y aprovechar el paisaje desde distintos lugares. De esta manera, un lote gen\u00e9rico de tramo medio de manzana, termina reinvent\u00e1ndose para hacerse particular.<\/p>\n<p>El tratamiento de las fachadas est\u00e1 vinculado a la idea de hacer agujeros en los lugares adecuados, seg\u00fan lo que pase en su interior. Esta decisi\u00f3n termina dando como resultado un aparente desorden, aunque en realidad es todo lo contrario, el vano aparece cuando es necesario y expresando los requisitos internos. El tama\u00f1o de las perforaciones es en general muy cuidado liberando \u00fanicamente los grandes acristalamientos a la planta baja en la zona social.<\/p>\n<p>El color blanco y las herrer\u00edas de ca\u00f1o redondo cilindrado no solo hace referencia a la arquitectura racionalista de principios de siglo XX, sino que tambi\u00e9n son una decisi\u00f3n pl\u00e1stica y po\u00e9tica para tratar la materia construida con libertad.<\/p>\n<p>El color amarillo del patio contrasta con el exterior puro, renovando la percepci\u00f3n de la vivienda y ti\u00f1endo el espacio interior con una luz c\u00e1lida.<\/p>\n<p>Las definiciones geom\u00e9tricas de la obra se realzan a su vez, con carpinter\u00edas de PVC negras para contrastar con el blanco del muro. En cuanto al color celeste del volumen de azotea, se propuso pintar de celeste para bajar el impacto visual en el barrio al fundirse con el cielo.<\/p>\n<p>La construcci\u00f3n es tradicional, con estructura independiente de hormig\u00f3n armado y ladrillo hueco revocado, como cerramiento, con revestimiento pl\u00e1stico a modo de acabado externo.<\/p>\n<p>La presencia muraria es predominante en toda la obra teniendo vanos muy cuidados en todas sus caras con excepci\u00f3n del contrafrente en planta baja donde se libera el espacio con una viga semi invertida grandes luces que despeja de obst\u00e1culos la galer\u00eda\/invernadero vidriada para incrementar la relaci\u00f3n interior-exterior.<\/p>\n\n\n<div style=\"height:20px\" aria-hidden=\"true\" class=\"wp-block-spacer\"><\/div>\n\n\n\n<p class=\"has-background\" style=\"background-color:#eaeaea\"><strong>Ficha t\u00e9cnica<\/strong><br>Nombre: Casa \u00d1<br>Ubicaci\u00f3n: Nuevo Quilmes, Pcia. de Buenos Aires, Argentina<br>Estudio: Berardi-Grasso-Berardi<br>Arquitectos: Federico Berardi, Maria Fernanda Grasso, Thomas Berardi<br>Colaboradores: Ing. Leonardo van Kemenade, Constructora Lucchetta SRL, Arq. Javier Orlando Silvera, Arq. Miguel Angel Romero<br>Herreria: Sergio Beltrame<br>Climatizacion: Isoterma<br>Programa: vivienda unifamiliar<br>Planta baja: Cochera para 2 autos, baulera, despensa, cocina-comedor, living, espacio multiuso\/quincho, ba\u00f1o social, piscina, ba\u00f1o exterior, dep\u00f3sito<br>Planta alta: 2 dormitorios para hijos con ba\u00f1o compartido, lugar de estudio, habitaci\u00f3n suite con vestidor y ba\u00f1o, espacios de guardado, lavadero y terraza<br>Azotea: Sala de m\u00e1quinas, tanque de agua, equipos de aire, espacios de descanso y miradores, canteros<br>Superficie construida: 346.60 m2<br>A\u00f1o finalizaci\u00f3n construcci\u00f3n: 2020<br>Fotograf\u00eda: Arq. Daniela Mac Adden<br><br><strong>Contacto<\/strong><br>Instagram: @federicoberardi_<\/p>\n\n\n\n<div style=\"height:40px\" aria-hidden=\"true\" class=\"wp-block-spacer\"><\/div>\n\n<div style=\"font-size: 0px; height: 0px; line-height: 0px; margin: 0; padding: 0; clear: both;\"><\/div><div style=\"margin-top: 0px; margin-bottom: 0px;\" class=\"sharethis-inline-share-buttons\" ><\/div>","protected":false},"excerpt":{"rendered":"<p>Es una arquitectura de masas, de formas, donde las partes se individualizan&#8230;<\/p>\n","protected":false},"author":1,"featured_media":70527,"comment_status":"closed","ping_status":"closed","sticky":false,"template":"","format":"standard","meta":{"_uag_custom_page_level_css":"","footnotes":""},"categories":[1,83],"tags":[14,4282,7432,16,847,7434,7433,7431,101,7435,254],"class_list":["post-70526","post","type-post","status-publish","format-standard","has-post-thumbnail","hentry","category-proyecto","category-vivienda-unifamiliar","tag-argentina","tag-arquitectura-residencial","tag-berardi-grasso-berardi","tag-buenos-aires","tag-casa-en-barrio-cerrado","tag-federico-berardi","tag-maria-fernanda-grasso","tag-nuevo-quilmes","tag-quilmes","tag-thomas-berardi","tag-vivienda-unifamiliar-2","generate-columns","tablet-grid-50","mobile-grid-100","grid-parent","grid-50"],"yoast_head":"<!-- This site is optimized with the Yoast SEO plugin v27.3 - https:\/\/yoast.com\/product\/yoast-seo-wordpress\/ -->\n<title>Casa \u00d1 \/ Berardi-Grasso-Berardi - Arquimaster<\/title>\n<meta name=\"description\" content=\"Es una arquitectura de masas, de formas, donde las partes se individualizan y se aproximan a un patio central que vincula y ordena el programa.\" \/>\n<meta name=\"robots\" content=\"index, follow, max-snippet:-1, max-image-preview:large, max-video-preview:-1\" \/>\n<link rel=\"canonical\" href=\"https:\/\/www.arquimaster.com.ar\/web\/casa-n-berardi-grasso-berardi\/\" \/>\n<meta property=\"og:locale\" content=\"es_ES\" \/>\n<meta property=\"og:type\" content=\"article\" \/>\n<meta property=\"og:title\" content=\"Casa \u00d1 \/ Berardi-Grasso-Berardi\" \/>\n<meta property=\"og:description\" content=\"Es una arquitectura de masas, de formas, donde las partes se individualizan y se aproximan a un patio central que vincula y ordena el programa.\" \/>\n<meta property=\"og:url\" content=\"https:\/\/www.arquimaster.com.ar\/web\/casa-n-berardi-grasso-berardi\/\" \/>\n<meta property=\"og:site_name\" content=\"Arquimaster\" \/>\n<meta property=\"article:publisher\" content=\"http:\/\/www.facebook.com\/ARQUIMASTER.com.ar\" \/>\n<meta property=\"article:published_time\" content=\"2022-06-16T23:00:27+00:00\" \/>\n<meta property=\"article:modified_time\" content=\"2022-11-24T19:22:08+00:00\" \/>\n<meta property=\"og:image\" content=\"https:\/\/www.arquimaster.com.ar\/web\/wp-content\/uploads\/2022\/06\/casa_n_slide.jpg\" \/>\n\t<meta property=\"og:image:width\" content=\"698\" \/>\n\t<meta property=\"og:image:height\" content=\"364\" \/>\n\t<meta property=\"og:image:type\" content=\"image\/jpeg\" \/>\n<meta name=\"author\" content=\"Arquimaster\" \/>\n<meta name=\"twitter:card\" content=\"summary_large_image\" \/>\n<meta name=\"twitter:title\" content=\"Casa \u00d1 \/ Berardi-Grasso-Berardi\" \/>\n<meta name=\"twitter:description\" content=\"Es una arquitectura de masas, de formas, donde las partes se individualizan y se aproximan a un patio central que vincula y ordena el programa.\" \/>\n<meta name=\"twitter:image\" content=\"https:\/\/www.arquimaster.com.ar\/web\/wp-content\/uploads\/2022\/06\/casa_n_slide.jpg\" \/>\n<meta name=\"twitter:creator\" content=\"@arquimaster\" \/>\n<meta name=\"twitter:site\" content=\"@arquimaster\" \/>\n<meta name=\"twitter:label1\" content=\"Escrito por\" \/>\n\t<meta name=\"twitter:data1\" content=\"Arquimaster\" \/>\n\t<meta name=\"twitter:label2\" content=\"Tiempo de lectura\" \/>\n\t<meta name=\"twitter:data2\" content=\"3 minutos\" \/>\n<script type=\"application\/ld+json\" class=\"yoast-schema-graph\">{\"@context\":\"https:\\\/\\\/schema.org\",\"@graph\":[{\"@type\":\"Article\",\"@id\":\"https:\\\/\\\/www.arquimaster.com.ar\\\/web\\\/casa-n-berardi-grasso-berardi\\\/#article\",\"isPartOf\":{\"@id\":\"https:\\\/\\\/www.arquimaster.com.ar\\\/web\\\/casa-n-berardi-grasso-berardi\\\/\"},\"author\":{\"name\":\"Arquimaster\",\"@id\":\"https:\\\/\\\/www.arquimaster.com.ar\\\/web\\\/#\\\/schema\\\/person\\\/359e9f7c00193fcde068e0dd2ceb0028\"},\"headline\":\"Casa \u00d1 \\\/ Berardi-Grasso-Berardi\",\"datePublished\":\"2022-06-16T23:00:27+00:00\",\"dateModified\":\"2022-11-24T19:22:08+00:00\",\"mainEntityOfPage\":{\"@id\":\"https:\\\/\\\/www.arquimaster.com.ar\\\/web\\\/casa-n-berardi-grasso-berardi\\\/\"},\"wordCount\":616,\"publisher\":{\"@id\":\"https:\\\/\\\/www.arquimaster.com.ar\\\/web\\\/#organization\"},\"image\":{\"@id\":\"https:\\\/\\\/www.arquimaster.com.ar\\\/web\\\/casa-n-berardi-grasso-berardi\\\/#primaryimage\"},\"thumbnailUrl\":\"https:\\\/\\\/www.arquimaster.com.ar\\\/web\\\/wp-content\\\/uploads\\\/2022\\\/06\\\/casa_n_slide.jpg\",\"keywords\":[\"Argentina\",\"arquitectura residencial\",\"Berardi-Grasso-Berardi\",\"Buenos Aires\",\"casa en barrio cerrado\",\"Federico Berardi\",\"Maria Fernanda Grasso\",\"Nuevo Quilmes\",\"Quilmes\",\"Thomas Berardi\",\"vivienda unifamiliar\"],\"articleSection\":[\"Proyecto\",\"Vivienda unifamiliar y PH\"],\"inLanguage\":\"es\"},{\"@type\":\"WebPage\",\"@id\":\"https:\\\/\\\/www.arquimaster.com.ar\\\/web\\\/casa-n-berardi-grasso-berardi\\\/\",\"url\":\"https:\\\/\\\/www.arquimaster.com.ar\\\/web\\\/casa-n-berardi-grasso-berardi\\\/\",\"name\":\"Casa \u00d1 \\\/ Berardi-Grasso-Berardi - Arquimaster\",\"isPartOf\":{\"@id\":\"https:\\\/\\\/www.arquimaster.com.ar\\\/web\\\/#website\"},\"primaryImageOfPage\":{\"@id\":\"https:\\\/\\\/www.arquimaster.com.ar\\\/web\\\/casa-n-berardi-grasso-berardi\\\/#primaryimage\"},\"image\":{\"@id\":\"https:\\\/\\\/www.arquimaster.com.ar\\\/web\\\/casa-n-berardi-grasso-berardi\\\/#primaryimage\"},\"thumbnailUrl\":\"https:\\\/\\\/www.arquimaster.com.ar\\\/web\\\/wp-content\\\/uploads\\\/2022\\\/06\\\/casa_n_slide.jpg\",\"datePublished\":\"2022-06-16T23:00:27+00:00\",\"dateModified\":\"2022-11-24T19:22:08+00:00\",\"description\":\"Es una arquitectura de masas, de formas, donde las partes se individualizan y se aproximan a un patio central que vincula y ordena el programa.\",\"breadcrumb\":{\"@id\":\"https:\\\/\\\/www.arquimaster.com.ar\\\/web\\\/casa-n-berardi-grasso-berardi\\\/#breadcrumb\"},\"inLanguage\":\"es\",\"potentialAction\":[{\"@type\":\"ReadAction\",\"target\":[\"https:\\\/\\\/www.arquimaster.com.ar\\\/web\\\/casa-n-berardi-grasso-berardi\\\/\"]}]},{\"@type\":\"ImageObject\",\"inLanguage\":\"es\",\"@id\":\"https:\\\/\\\/www.arquimaster.com.ar\\\/web\\\/casa-n-berardi-grasso-berardi\\\/#primaryimage\",\"url\":\"https:\\\/\\\/www.arquimaster.com.ar\\\/web\\\/wp-content\\\/uploads\\\/2022\\\/06\\\/casa_n_slide.jpg\",\"contentUrl\":\"https:\\\/\\\/www.arquimaster.com.ar\\\/web\\\/wp-content\\\/uploads\\\/2022\\\/06\\\/casa_n_slide.jpg\",\"width\":698,\"height\":364,\"caption\":\"Casa \u00d1 \\\/ Berardi-Grasso-Berardi\"},{\"@type\":\"BreadcrumbList\",\"@id\":\"https:\\\/\\\/www.arquimaster.com.ar\\\/web\\\/casa-n-berardi-grasso-berardi\\\/#breadcrumb\",\"itemListElement\":[{\"@type\":\"ListItem\",\"position\":1,\"name\":\"Portada\",\"item\":\"https:\\\/\\\/www.arquimaster.com.ar\\\/web\\\/\"},{\"@type\":\"ListItem\",\"position\":2,\"name\":\"Casa \u00d1 \\\/ Berardi-Grasso-Berardi\"}]},{\"@type\":\"WebSite\",\"@id\":\"https:\\\/\\\/www.arquimaster.com.ar\\\/web\\\/#website\",\"url\":\"https:\\\/\\\/www.arquimaster.com.ar\\\/web\\\/\",\"name\":\"Arquimaster\",\"description\":\"Web de arquitectura, dise\u00f1o y construccion\",\"publisher\":{\"@id\":\"https:\\\/\\\/www.arquimaster.com.ar\\\/web\\\/#organization\"},\"potentialAction\":[{\"@type\":\"SearchAction\",\"target\":{\"@type\":\"EntryPoint\",\"urlTemplate\":\"https:\\\/\\\/www.arquimaster.com.ar\\\/web\\\/?s={search_term_string}\"},\"query-input\":{\"@type\":\"PropertyValueSpecification\",\"valueRequired\":true,\"valueName\":\"search_term_string\"}}],\"inLanguage\":\"es\"},{\"@type\":\"Organization\",\"@id\":\"https:\\\/\\\/www.arquimaster.com.ar\\\/web\\\/#organization\",\"name\":\"Arquimaster\",\"url\":\"https:\\\/\\\/www.arquimaster.com.ar\\\/web\\\/\",\"logo\":{\"@type\":\"ImageObject\",\"inLanguage\":\"es\",\"@id\":\"https:\\\/\\\/www.arquimaster.com.ar\\\/web\\\/#\\\/schema\\\/logo\\\/image\\\/\",\"url\":\"https:\\\/\\\/www.arquimaster.com.ar\\\/web\\\/wp-content\\\/uploads\\\/2022\\\/06\\\/arquimaster.png\",\"contentUrl\":\"https:\\\/\\\/www.arquimaster.com.ar\\\/web\\\/wp-content\\\/uploads\\\/2022\\\/06\\\/arquimaster.png\",\"width\":594,\"height\":78,\"caption\":\"Arquimaster\"},\"image\":{\"@id\":\"https:\\\/\\\/www.arquimaster.com.ar\\\/web\\\/#\\\/schema\\\/logo\\\/image\\\/\"},\"sameAs\":[\"http:\\\/\\\/www.facebook.com\\\/ARQUIMASTER.com.ar\",\"https:\\\/\\\/x.com\\\/arquimaster\",\"https:\\\/\\\/www.instagram.com\\\/arquimasterblog\\\/\",\"https:\\\/\\\/www.linkedin.com\\\/company\\\/arquimaster\",\"https:\\\/\\\/www.pinterest.com\\\/arquimaster\",\"https:\\\/\\\/t.me\\\/arquimaster\"]},{\"@type\":\"Person\",\"@id\":\"https:\\\/\\\/www.arquimaster.com.ar\\\/web\\\/#\\\/schema\\\/person\\\/359e9f7c00193fcde068e0dd2ceb0028\",\"name\":\"Arquimaster\"}]}<\/script>\n<!-- \/ Yoast SEO plugin. -->","yoast_head_json":{"title":"Casa \u00d1 \/ Berardi-Grasso-Berardi - Arquimaster","description":"Es una arquitectura de masas, de formas, donde las partes se individualizan y se aproximan a un patio central que vincula y ordena el programa.","robots":{"index":"index","follow":"follow","max-snippet":"max-snippet:-1","max-image-preview":"max-image-preview:large","max-video-preview":"max-video-preview:-1"},"canonical":"https:\/\/www.arquimaster.com.ar\/web\/casa-n-berardi-grasso-berardi\/","og_locale":"es_ES","og_type":"article","og_title":"Casa \u00d1 \/ Berardi-Grasso-Berardi","og_description":"Es una arquitectura de masas, de formas, donde las partes se individualizan y se aproximan a un patio central que vincula y ordena el programa.","og_url":"https:\/\/www.arquimaster.com.ar\/web\/casa-n-berardi-grasso-berardi\/","og_site_name":"Arquimaster","article_publisher":"http:\/\/www.facebook.com\/ARQUIMASTER.com.ar","article_published_time":"2022-06-16T23:00:27+00:00","article_modified_time":"2022-11-24T19:22:08+00:00","og_image":[{"width":698,"height":364,"url":"https:\/\/www.arquimaster.com.ar\/web\/wp-content\/uploads\/2022\/06\/casa_n_slide.jpg","type":"image\/jpeg"}],"author":"Arquimaster","twitter_card":"summary_large_image","twitter_title":"Casa \u00d1 \/ Berardi-Grasso-Berardi","twitter_description":"Es una arquitectura de masas, de formas, donde las partes se individualizan y se aproximan a un patio central que vincula y ordena el programa.","twitter_image":"https:\/\/www.arquimaster.com.ar\/web\/wp-content\/uploads\/2022\/06\/casa_n_slide.jpg","twitter_creator":"@arquimaster","twitter_site":"@arquimaster","twitter_misc":{"Escrito por":"Arquimaster","Tiempo de lectura":"3 minutos"},"schema":{"@context":"https:\/\/schema.org","@graph":[{"@type":"Article","@id":"https:\/\/www.arquimaster.com.ar\/web\/casa-n-berardi-grasso-berardi\/#article","isPartOf":{"@id":"https:\/\/www.arquimaster.com.ar\/web\/casa-n-berardi-grasso-berardi\/"},"author":{"name":"Arquimaster","@id":"https:\/\/www.arquimaster.com.ar\/web\/#\/schema\/person\/359e9f7c00193fcde068e0dd2ceb0028"},"headline":"Casa \u00d1 \/ Berardi-Grasso-Berardi","datePublished":"2022-06-16T23:00:27+00:00","dateModified":"2022-11-24T19:22:08+00:00","mainEntityOfPage":{"@id":"https:\/\/www.arquimaster.com.ar\/web\/casa-n-berardi-grasso-berardi\/"},"wordCount":616,"publisher":{"@id":"https:\/\/www.arquimaster.com.ar\/web\/#organization"},"image":{"@id":"https:\/\/www.arquimaster.com.ar\/web\/casa-n-berardi-grasso-berardi\/#primaryimage"},"thumbnailUrl":"https:\/\/www.arquimaster.com.ar\/web\/wp-content\/uploads\/2022\/06\/casa_n_slide.jpg","keywords":["Argentina","arquitectura residencial","Berardi-Grasso-Berardi","Buenos Aires","casa en barrio cerrado","Federico Berardi","Maria Fernanda Grasso","Nuevo Quilmes","Quilmes","Thomas Berardi","vivienda unifamiliar"],"articleSection":["Proyecto","Vivienda unifamiliar y PH"],"inLanguage":"es"},{"@type":"WebPage","@id":"https:\/\/www.arquimaster.com.ar\/web\/casa-n-berardi-grasso-berardi\/","url":"https:\/\/www.arquimaster.com.ar\/web\/casa-n-berardi-grasso-berardi\/","name":"Casa \u00d1 \/ Berardi-Grasso-Berardi - Arquimaster","isPartOf":{"@id":"https:\/\/www.arquimaster.com.ar\/web\/#website"},"primaryImageOfPage":{"@id":"https:\/\/www.arquimaster.com.ar\/web\/casa-n-berardi-grasso-berardi\/#primaryimage"},"image":{"@id":"https:\/\/www.arquimaster.com.ar\/web\/casa-n-berardi-grasso-berardi\/#primaryimage"},"thumbnailUrl":"https:\/\/www.arquimaster.com.ar\/web\/wp-content\/uploads\/2022\/06\/casa_n_slide.jpg","datePublished":"2022-06-16T23:00:27+00:00","dateModified":"2022-11-24T19:22:08+00:00","description":"Es una arquitectura de masas, de formas, donde las partes se individualizan y se aproximan a un patio central que vincula y ordena el programa.","breadcrumb":{"@id":"https:\/\/www.arquimaster.com.ar\/web\/casa-n-berardi-grasso-berardi\/#breadcrumb"},"inLanguage":"es","potentialAction":[{"@type":"ReadAction","target":["https:\/\/www.arquimaster.com.ar\/web\/casa-n-berardi-grasso-berardi\/"]}]},{"@type":"ImageObject","inLanguage":"es","@id":"https:\/\/www.arquimaster.com.ar\/web\/casa-n-berardi-grasso-berardi\/#primaryimage","url":"https:\/\/www.arquimaster.com.ar\/web\/wp-content\/uploads\/2022\/06\/casa_n_slide.jpg","contentUrl":"https:\/\/www.arquimaster.com.ar\/web\/wp-content\/uploads\/2022\/06\/casa_n_slide.jpg","width":698,"height":364,"caption":"Casa \u00d1 \/ Berardi-Grasso-Berardi"},{"@type":"BreadcrumbList","@id":"https:\/\/www.arquimaster.com.ar\/web\/casa-n-berardi-grasso-berardi\/#breadcrumb","itemListElement":[{"@type":"ListItem","position":1,"name":"Portada","item":"https:\/\/www.arquimaster.com.ar\/web\/"},{"@type":"ListItem","position":2,"name":"Casa \u00d1 \/ Berardi-Grasso-Berardi"}]},{"@type":"WebSite","@id":"https:\/\/www.arquimaster.com.ar\/web\/#website","url":"https:\/\/www.arquimaster.com.ar\/web\/","name":"Arquimaster","description":"Web de arquitectura, dise\u00f1o y construccion","publisher":{"@id":"https:\/\/www.arquimaster.com.ar\/web\/#organization"},"potentialAction":[{"@type":"SearchAction","target":{"@type":"EntryPoint","urlTemplate":"https:\/\/www.arquimaster.com.ar\/web\/?s={search_term_string}"},"query-input":{"@type":"PropertyValueSpecification","valueRequired":true,"valueName":"search_term_string"}}],"inLanguage":"es"},{"@type":"Organization","@id":"https:\/\/www.arquimaster.com.ar\/web\/#organization","name":"Arquimaster","url":"https:\/\/www.arquimaster.com.ar\/web\/","logo":{"@type":"ImageObject","inLanguage":"es","@id":"https:\/\/www.arquimaster.com.ar\/web\/#\/schema\/logo\/image\/","url":"https:\/\/www.arquimaster.com.ar\/web\/wp-content\/uploads\/2022\/06\/arquimaster.png","contentUrl":"https:\/\/www.arquimaster.com.ar\/web\/wp-content\/uploads\/2022\/06\/arquimaster.png","width":594,"height":78,"caption":"Arquimaster"},"image":{"@id":"https:\/\/www.arquimaster.com.ar\/web\/#\/schema\/logo\/image\/"},"sameAs":["http:\/\/www.facebook.com\/ARQUIMASTER.com.ar","https:\/\/x.com\/arquimaster","https:\/\/www.instagram.com\/arquimasterblog\/","https:\/\/www.linkedin.com\/company\/arquimaster","https:\/\/www.pinterest.com\/arquimaster","https:\/\/t.me\/arquimaster"]},{"@type":"Person","@id":"https:\/\/www.arquimaster.com.ar\/web\/#\/schema\/person\/359e9f7c00193fcde068e0dd2ceb0028","name":"Arquimaster"}]}},"uagb_featured_image_src":{"full":["https:\/\/www.arquimaster.com.ar\/web\/wp-content\/uploads\/2022\/06\/casa_n_slide.jpg",698,364,false],"thumbnail":["https:\/\/www.arquimaster.com.ar\/web\/wp-content\/uploads\/2022\/06\/casa_n_slide-150x150.jpg",150,150,true],"medium":["https:\/\/www.arquimaster.com.ar\/web\/wp-content\/uploads\/2022\/06\/casa_n_slide.jpg",698,364,false],"medium_large":["https:\/\/www.arquimaster.com.ar\/web\/wp-content\/uploads\/2022\/06\/casa_n_slide.jpg",698,364,false],"large":["https:\/\/www.arquimaster.com.ar\/web\/wp-content\/uploads\/2022\/06\/casa_n_slide.jpg",698,364,false],"1536x1536":["https:\/\/www.arquimaster.com.ar\/web\/wp-content\/uploads\/2022\/06\/casa_n_slide.jpg",698,364,false],"2048x2048":["https:\/\/www.arquimaster.com.ar\/web\/wp-content\/uploads\/2022\/06\/casa_n_slide.jpg",698,364,false]},"uagb_author_info":{"display_name":"Arquimaster","author_link":"https:\/\/www.arquimaster.com.ar\/web\/author\/arquimaster\/"},"uagb_comment_info":0,"uagb_excerpt":"Es una arquitectura de masas, de formas, donde las partes se individualizan...","_links":{"self":[{"href":"https:\/\/www.arquimaster.com.ar\/web\/wp-json\/wp\/v2\/posts\/70526","targetHints":{"allow":["GET"]}}],"collection":[{"href":"https:\/\/www.arquimaster.com.ar\/web\/wp-json\/wp\/v2\/posts"}],"about":[{"href":"https:\/\/www.arquimaster.com.ar\/web\/wp-json\/wp\/v2\/types\/post"}],"author":[{"embeddable":true,"href":"https:\/\/www.arquimaster.com.ar\/web\/wp-json\/wp\/v2\/users\/1"}],"replies":[{"embeddable":true,"href":"https:\/\/www.arquimaster.com.ar\/web\/wp-json\/wp\/v2\/comments?post=70526"}],"version-history":[{"count":1,"href":"https:\/\/www.arquimaster.com.ar\/web\/wp-json\/wp\/v2\/posts\/70526\/revisions"}],"predecessor-version":[{"id":70565,"href":"https:\/\/www.arquimaster.com.ar\/web\/wp-json\/wp\/v2\/posts\/70526\/revisions\/70565"}],"wp:featuredmedia":[{"embeddable":true,"href":"https:\/\/www.arquimaster.com.ar\/web\/wp-json\/wp\/v2\/media\/70527"}],"wp:attachment":[{"href":"https:\/\/www.arquimaster.com.ar\/web\/wp-json\/wp\/v2\/media?parent=70526"}],"wp:term":[{"taxonomy":"category","embeddable":true,"href":"https:\/\/www.arquimaster.com.ar\/web\/wp-json\/wp\/v2\/categories?post=70526"},{"taxonomy":"post_tag","embeddable":true,"href":"https:\/\/www.arquimaster.com.ar\/web\/wp-json\/wp\/v2\/tags?post=70526"}],"curies":[{"name":"wp","href":"https:\/\/api.w.org\/{rel}","templated":true}]}}