{"id":70566,"date":"2022-06-16T20:33:05","date_gmt":"2022-06-16T23:33:05","guid":{"rendered":"https:\/\/www.arquimaster.com.ar\/web\/?p=70566"},"modified":"2022-11-26T12:53:40","modified_gmt":"2022-11-26T15:53:40","slug":"el-granero-nave-multiuso-y-sector-recreativo-arquitecta-mariel-suarez","status":"publish","type":"post","link":"https:\/\/www.arquimaster.com.ar\/web\/el-granero-nave-multiuso-y-sector-recreativo-arquitecta-mariel-suarez\/","title":{"rendered":"El Granero, nave multiuso y sector recreativo \/ Arquitecta Mariel Su\u00e1rez"},"content":{"rendered":"<div style=\"margin-top: 0px; margin-bottom: 0px;\" class=\"sharethis-inline-share-buttons\" ><\/div><div class=\"b812932af2e751442846f039925109de\" data-index=\"1\" style=\"float: none; margin:25px 0 25px 0; text-align:center;\">\n<script async src=\"https:\/\/pagead2.googlesyndication.com\/pagead\/js\/adsbygoogle.js\"><\/script>\r\n<!-- Arquimaster (superior) -->\r\n<ins class=\"adsbygoogle\"\r\n     style=\"display:block\"\r\n     data-ad-client=\"ca-pub-6351072698456832\"\r\n     data-ad-slot=\"6455489680\"\r\n     data-ad-format=\"auto\"\r\n     data-full-width-responsive=\"true\"><\/ins>\r\n<script>\r\n     (adsbygoogle = window.adsbygoogle || []).push({});\r\n<\/script>\n<\/div>\n<p><strong>El Granero, nave multiuso y sector recreativo<\/strong> (Fisherton, Rosario, Pcia. de Santa Fe, Argentina) por <strong>Arquitecta Mariel Su\u00e1rez<\/strong>. El proyecto propone un espacio vers\u00e1til que permite incorporar diferentes usos seg\u00fan las necesidades para una familia en un terreno contiguo a su casa. Pensamos en una estructura modulada a la vista que posibilite fraccionar sectores seg\u00fan la conveniencia.<\/p>\n<div id='gallery-1' class='gallery galleryid-70566 gallery-columns-3 gallery-size-thumbnail'><figure class='gallery-item'>\n\t\t\t<div class='gallery-icon landscape'>\n\t\t\t\t<a href='https:\/\/www.arquimaster.com.ar\/web\/wp-content\/uploads\/2022\/06\/el_granero1.jpg' title=\"El Granero, nave multiuso y sector recreativo \/ Arquitecta Mariel Su\u00e1rez (\u00a9 Ramiro Sosa)\" data-rl_title=\"El Granero, nave multiuso y sector recreativo \/ Arquitecta Mariel Su\u00e1rez (\u00a9 Ramiro Sosa)\" class=\"rl-gallery-link\" data-rl_caption=\"El Granero, nave multiuso y sector recreativo \/ Arquitecta Mariel Su\u00e1rez (\u00a9 Ramiro Sosa)\" data-rel=\"lightbox-gallery-1\"><img loading=\"lazy\" decoding=\"async\" width=\"150\" height=\"150\" src=\"https:\/\/www.arquimaster.com.ar\/web\/wp-content\/uploads\/2022\/06\/el_granero1-150x150.jpg\" class=\"attachment-thumbnail size-thumbnail\" alt=\"El Granero, nave multiuso y sector recreativo \/ Arquitecta Mariel Su\u00e1rez\" aria-describedby=\"gallery-1-70568\" \/><\/a>\n\t\t\t<\/div>\n\t\t\t\t<figcaption class='wp-caption-text gallery-caption' id='gallery-1-70568'>\n\t\t\t\tEl Granero, nave multiuso y sector recreativo \/ Arquitecta Mariel Su\u00e1rez (\u00a9 Ramiro Sosa)\n\t\t\t\t<\/figcaption><\/figure><figure class='gallery-item'>\n\t\t\t<div class='gallery-icon landscape'>\n\t\t\t\t<a href='https:\/\/www.arquimaster.com.ar\/web\/wp-content\/uploads\/2022\/06\/el_granero2.jpg' title=\"El Granero, nave multiuso y sector recreativo \/ Arquitecta Mariel Su\u00e1rez (\u00a9 Ramiro Sosa)\" data-rl_title=\"El Granero, nave multiuso y sector recreativo \/ Arquitecta Mariel Su\u00e1rez (\u00a9 Ramiro Sosa)\" class=\"rl-gallery-link\" data-rl_caption=\"El Granero, nave multiuso y sector recreativo \/ Arquitecta Mariel Su\u00e1rez (\u00a9 Ramiro Sosa)\" data-rel=\"lightbox-gallery-1\"><img loading=\"lazy\" decoding=\"async\" width=\"150\" height=\"150\" src=\"https:\/\/www.arquimaster.com.ar\/web\/wp-content\/uploads\/2022\/06\/el_granero2-150x150.jpg\" class=\"attachment-thumbnail size-thumbnail\" alt=\"El Granero, nave multiuso y sector recreativo \/ Arquitecta Mariel Su\u00e1rez\" aria-describedby=\"gallery-1-70569\" \/><\/a>\n\t\t\t<\/div>\n\t\t\t\t<figcaption class='wp-caption-text gallery-caption' id='gallery-1-70569'>\n\t\t\t\tEl Granero, nave multiuso y sector recreativo \/ Arquitecta Mariel Su\u00e1rez (\u00a9 Ramiro Sosa)\n\t\t\t\t<\/figcaption><\/figure><figure class='gallery-item'>\n\t\t\t<div class='gallery-icon landscape'>\n\t\t\t\t<a href='https:\/\/www.arquimaster.com.ar\/web\/wp-content\/uploads\/2022\/06\/el_granero3.jpg' title=\"El Granero, nave multiuso y sector recreativo \/ Arquitecta Mariel Su\u00e1rez (\u00a9 Ramiro Sosa)\" data-rl_title=\"El Granero, nave multiuso y sector recreativo \/ Arquitecta Mariel Su\u00e1rez (\u00a9 Ramiro Sosa)\" class=\"rl-gallery-link\" data-rl_caption=\"El Granero, nave multiuso y sector recreativo \/ Arquitecta Mariel Su\u00e1rez (\u00a9 Ramiro Sosa)\" data-rel=\"lightbox-gallery-1\"><img loading=\"lazy\" decoding=\"async\" width=\"150\" height=\"150\" src=\"https:\/\/www.arquimaster.com.ar\/web\/wp-content\/uploads\/2022\/06\/el_granero3-150x150.jpg\" class=\"attachment-thumbnail size-thumbnail\" alt=\"El Granero, nave multiuso y sector recreativo \/ Arquitecta Mariel Su\u00e1rez\" aria-describedby=\"gallery-1-70570\" \/><\/a>\n\t\t\t<\/div>\n\t\t\t\t<figcaption class='wp-caption-text gallery-caption' id='gallery-1-70570'>\n\t\t\t\tEl Granero, nave multiuso y sector recreativo \/ Arquitecta Mariel Su\u00e1rez (\u00a9 Ramiro Sosa)\n\t\t\t\t<\/figcaption><\/figure><figure class='gallery-item'>\n\t\t\t<div class='gallery-icon landscape'>\n\t\t\t\t<a href='https:\/\/www.arquimaster.com.ar\/web\/wp-content\/uploads\/2022\/06\/el_granero4.jpg' title=\"El Granero, nave multiuso y sector recreativo \/ Arquitecta Mariel Su\u00e1rez (\u00a9 Ramiro Sosa)\" data-rl_title=\"El Granero, nave multiuso y sector recreativo \/ Arquitecta Mariel Su\u00e1rez (\u00a9 Ramiro Sosa)\" class=\"rl-gallery-link\" data-rl_caption=\"El Granero, nave multiuso y sector recreativo \/ Arquitecta Mariel Su\u00e1rez (\u00a9 Ramiro Sosa)\" data-rel=\"lightbox-gallery-1\"><img loading=\"lazy\" decoding=\"async\" width=\"150\" height=\"150\" src=\"https:\/\/www.arquimaster.com.ar\/web\/wp-content\/uploads\/2022\/06\/el_granero4-150x150.jpg\" class=\"attachment-thumbnail size-thumbnail\" alt=\"El Granero, nave multiuso y sector recreativo \/ Arquitecta Mariel Su\u00e1rez\" aria-describedby=\"gallery-1-70571\" \/><\/a>\n\t\t\t<\/div>\n\t\t\t\t<figcaption class='wp-caption-text gallery-caption' id='gallery-1-70571'>\n\t\t\t\tEl Granero, nave multiuso y sector recreativo \/ Arquitecta Mariel Su\u00e1rez (\u00a9 Ramiro Sosa)\n\t\t\t\t<\/figcaption><\/figure><figure class='gallery-item'>\n\t\t\t<div class='gallery-icon portrait'>\n\t\t\t\t<a href='https:\/\/www.arquimaster.com.ar\/web\/wp-content\/uploads\/2022\/06\/el_granero5.jpg' title=\"El Granero, nave multiuso y sector recreativo \/ Arquitecta Mariel Su\u00e1rez (\u00a9 Ramiro Sosa)\" data-rl_title=\"El Granero, nave multiuso y sector recreativo \/ Arquitecta Mariel Su\u00e1rez (\u00a9 Ramiro Sosa)\" class=\"rl-gallery-link\" data-rl_caption=\"El Granero, nave multiuso y sector recreativo \/ Arquitecta Mariel Su\u00e1rez (\u00a9 Ramiro Sosa)\" data-rel=\"lightbox-gallery-1\"><img loading=\"lazy\" decoding=\"async\" width=\"150\" height=\"150\" src=\"https:\/\/www.arquimaster.com.ar\/web\/wp-content\/uploads\/2022\/06\/el_granero5-150x150.jpg\" class=\"attachment-thumbnail size-thumbnail\" alt=\"El Granero, nave multiuso y sector recreativo \/ Arquitecta Mariel Su\u00e1rez\" aria-describedby=\"gallery-1-70572\" \/><\/a>\n\t\t\t<\/div>\n\t\t\t\t<figcaption class='wp-caption-text gallery-caption' id='gallery-1-70572'>\n\t\t\t\tEl Granero, nave multiuso y sector recreativo \/ Arquitecta Mariel Su\u00e1rez (\u00a9 Ramiro Sosa)\n\t\t\t\t<\/figcaption><\/figure><figure class='gallery-item'>\n\t\t\t<div class='gallery-icon portrait'>\n\t\t\t\t<a href='https:\/\/www.arquimaster.com.ar\/web\/wp-content\/uploads\/2022\/06\/el_granero6.jpg' title=\"El Granero, nave multiuso y sector recreativo \/ Arquitecta Mariel Su\u00e1rez (\u00a9 Ramiro Sosa)\" data-rl_title=\"El Granero, nave multiuso y sector recreativo \/ Arquitecta Mariel Su\u00e1rez (\u00a9 Ramiro Sosa)\" class=\"rl-gallery-link\" data-rl_caption=\"El Granero, nave multiuso y sector recreativo \/ Arquitecta Mariel Su\u00e1rez (\u00a9 Ramiro Sosa)\" data-rel=\"lightbox-gallery-1\"><img loading=\"lazy\" decoding=\"async\" width=\"150\" height=\"150\" src=\"https:\/\/www.arquimaster.com.ar\/web\/wp-content\/uploads\/2022\/06\/el_granero6-150x150.jpg\" class=\"attachment-thumbnail size-thumbnail\" alt=\"El Granero, nave multiuso y sector recreativo \/ Arquitecta Mariel Su\u00e1rez\" aria-describedby=\"gallery-1-70573\" \/><\/a>\n\t\t\t<\/div>\n\t\t\t\t<figcaption class='wp-caption-text gallery-caption' id='gallery-1-70573'>\n\t\t\t\tEl Granero, nave multiuso y sector recreativo \/ Arquitecta Mariel Su\u00e1rez (\u00a9 Ramiro Sosa)\n\t\t\t\t<\/figcaption><\/figure><figure class='gallery-item'>\n\t\t\t<div class='gallery-icon portrait'>\n\t\t\t\t<a href='https:\/\/www.arquimaster.com.ar\/web\/wp-content\/uploads\/2022\/06\/el_granero7.jpg' title=\"El Granero, nave multiuso y sector recreativo \/ Arquitecta Mariel Su\u00e1rez (\u00a9 Ramiro Sosa)\" data-rl_title=\"El Granero, nave multiuso y sector recreativo \/ Arquitecta Mariel Su\u00e1rez (\u00a9 Ramiro Sosa)\" class=\"rl-gallery-link\" data-rl_caption=\"El Granero, nave multiuso y sector recreativo \/ Arquitecta Mariel Su\u00e1rez (\u00a9 Ramiro Sosa)\" data-rel=\"lightbox-gallery-1\"><img loading=\"lazy\" decoding=\"async\" width=\"150\" height=\"150\" src=\"https:\/\/www.arquimaster.com.ar\/web\/wp-content\/uploads\/2022\/06\/el_granero7-150x150.jpg\" class=\"attachment-thumbnail size-thumbnail\" alt=\"El Granero, nave multiuso y sector recreativo \/ Arquitecta Mariel Su\u00e1rez\" aria-describedby=\"gallery-1-70574\" \/><\/a>\n\t\t\t<\/div>\n\t\t\t\t<figcaption class='wp-caption-text gallery-caption' id='gallery-1-70574'>\n\t\t\t\tEl Granero, nave multiuso y sector recreativo \/ Arquitecta Mariel Su\u00e1rez (\u00a9 Ramiro Sosa)\n\t\t\t\t<\/figcaption><\/figure><figure class='gallery-item'>\n\t\t\t<div class='gallery-icon portrait'>\n\t\t\t\t<a href='https:\/\/www.arquimaster.com.ar\/web\/wp-content\/uploads\/2022\/06\/el_granero8.jpg' title=\"El Granero, nave multiuso y sector recreativo \/ Arquitecta Mariel Su\u00e1rez (\u00a9 Ramiro Sosa)\" data-rl_title=\"El Granero, nave multiuso y sector recreativo \/ Arquitecta Mariel Su\u00e1rez (\u00a9 Ramiro Sosa)\" class=\"rl-gallery-link\" data-rl_caption=\"El Granero, nave multiuso y sector recreativo \/ Arquitecta Mariel Su\u00e1rez (\u00a9 Ramiro Sosa)\" data-rel=\"lightbox-gallery-1\"><img loading=\"lazy\" decoding=\"async\" width=\"150\" height=\"150\" src=\"https:\/\/www.arquimaster.com.ar\/web\/wp-content\/uploads\/2022\/06\/el_granero8-150x150.jpg\" class=\"attachment-thumbnail size-thumbnail\" alt=\"El Granero, nave multiuso y sector recreativo \/ Arquitecta Mariel Su\u00e1rez\" aria-describedby=\"gallery-1-70575\" \/><\/a>\n\t\t\t<\/div>\n\t\t\t\t<figcaption class='wp-caption-text gallery-caption' id='gallery-1-70575'>\n\t\t\t\tEl Granero, nave multiuso y sector recreativo \/ Arquitecta Mariel Su\u00e1rez (\u00a9 Ramiro Sosa)\n\t\t\t\t<\/figcaption><\/figure><figure class='gallery-item'>\n\t\t\t<div class='gallery-icon portrait'>\n\t\t\t\t<a href='https:\/\/www.arquimaster.com.ar\/web\/wp-content\/uploads\/2022\/06\/el_granero9.jpg' title=\"El Granero, nave multiuso y sector recreativo \/ Arquitecta Mariel Su\u00e1rez (\u00a9 Ramiro Sosa)\" data-rl_title=\"El Granero, nave multiuso y sector recreativo \/ Arquitecta Mariel Su\u00e1rez (\u00a9 Ramiro Sosa)\" class=\"rl-gallery-link\" data-rl_caption=\"El Granero, nave multiuso y sector recreativo \/ Arquitecta Mariel Su\u00e1rez (\u00a9 Ramiro Sosa)\" data-rel=\"lightbox-gallery-1\"><img loading=\"lazy\" decoding=\"async\" width=\"150\" height=\"150\" src=\"https:\/\/www.arquimaster.com.ar\/web\/wp-content\/uploads\/2022\/06\/el_granero9-150x150.jpg\" class=\"attachment-thumbnail size-thumbnail\" alt=\"El Granero, nave multiuso y sector recreativo \/ Arquitecta Mariel Su\u00e1rez\" aria-describedby=\"gallery-1-70576\" \/><\/a>\n\t\t\t<\/div>\n\t\t\t\t<figcaption class='wp-caption-text gallery-caption' id='gallery-1-70576'>\n\t\t\t\tEl Granero, nave multiuso y sector recreativo \/ Arquitecta Mariel Su\u00e1rez (\u00a9 Ramiro Sosa)\n\t\t\t\t<\/figcaption><\/figure><figure class='gallery-item'>\n\t\t\t<div class='gallery-icon portrait'>\n\t\t\t\t<a href='https:\/\/www.arquimaster.com.ar\/web\/wp-content\/uploads\/2022\/06\/el_granero10.jpg' title=\"El Granero, nave multiuso y sector recreativo \/ Arquitecta Mariel Su\u00e1rez (\u00a9 Ramiro Sosa)\" data-rl_title=\"El Granero, nave multiuso y sector recreativo \/ Arquitecta Mariel Su\u00e1rez (\u00a9 Ramiro Sosa)\" class=\"rl-gallery-link\" data-rl_caption=\"El Granero, nave multiuso y sector recreativo \/ Arquitecta Mariel Su\u00e1rez (\u00a9 Ramiro Sosa)\" data-rel=\"lightbox-gallery-1\"><img loading=\"lazy\" decoding=\"async\" width=\"150\" height=\"150\" src=\"https:\/\/www.arquimaster.com.ar\/web\/wp-content\/uploads\/2022\/06\/el_granero10-150x150.jpg\" class=\"attachment-thumbnail size-thumbnail\" alt=\"El Granero, nave multiuso y sector recreativo \/ Arquitecta Mariel Su\u00e1rez\" aria-describedby=\"gallery-1-70577\" \/><\/a>\n\t\t\t<\/div>\n\t\t\t\t<figcaption class='wp-caption-text gallery-caption' id='gallery-1-70577'>\n\t\t\t\tEl Granero, nave multiuso y sector recreativo \/ Arquitecta Mariel Su\u00e1rez (\u00a9 Ramiro Sosa)\n\t\t\t\t<\/figcaption><\/figure><figure class='gallery-item'>\n\t\t\t<div class='gallery-icon portrait'>\n\t\t\t\t<a href='https:\/\/www.arquimaster.com.ar\/web\/wp-content\/uploads\/2022\/06\/el_granero11.jpg' title=\"El Granero, nave multiuso y sector recreativo \/ Arquitecta Mariel Su\u00e1rez (\u00a9 Ramiro Sosa)\" data-rl_title=\"El Granero, nave multiuso y sector recreativo \/ Arquitecta Mariel Su\u00e1rez (\u00a9 Ramiro Sosa)\" class=\"rl-gallery-link\" data-rl_caption=\"El Granero, nave multiuso y sector recreativo \/ Arquitecta Mariel Su\u00e1rez (\u00a9 Ramiro Sosa)\" data-rel=\"lightbox-gallery-1\"><img loading=\"lazy\" decoding=\"async\" width=\"150\" height=\"150\" src=\"https:\/\/www.arquimaster.com.ar\/web\/wp-content\/uploads\/2022\/06\/el_granero11-150x150.jpg\" class=\"attachment-thumbnail size-thumbnail\" alt=\"El Granero, nave multiuso y sector recreativo \/ Arquitecta Mariel Su\u00e1rez\" aria-describedby=\"gallery-1-70578\" \/><\/a>\n\t\t\t<\/div>\n\t\t\t\t<figcaption class='wp-caption-text gallery-caption' id='gallery-1-70578'>\n\t\t\t\tEl Granero, nave multiuso y sector recreativo \/ Arquitecta Mariel Su\u00e1rez (\u00a9 Ramiro Sosa)\n\t\t\t\t<\/figcaption><\/figure><figure class='gallery-item'>\n\t\t\t<div class='gallery-icon portrait'>\n\t\t\t\t<a href='https:\/\/www.arquimaster.com.ar\/web\/wp-content\/uploads\/2022\/06\/el_granero12.jpg' title=\"El Granero, nave multiuso y sector recreativo \/ Arquitecta Mariel Su\u00e1rez (\u00a9 Ramiro Sosa)\" data-rl_title=\"El Granero, nave multiuso y sector recreativo \/ Arquitecta Mariel Su\u00e1rez (\u00a9 Ramiro Sosa)\" class=\"rl-gallery-link\" data-rl_caption=\"El Granero, nave multiuso y sector recreativo \/ Arquitecta Mariel Su\u00e1rez (\u00a9 Ramiro Sosa)\" data-rel=\"lightbox-gallery-1\"><img loading=\"lazy\" decoding=\"async\" width=\"150\" height=\"150\" src=\"https:\/\/www.arquimaster.com.ar\/web\/wp-content\/uploads\/2022\/06\/el_granero12-150x150.jpg\" class=\"attachment-thumbnail size-thumbnail\" alt=\"El Granero, nave multiuso y sector recreativo \/ Arquitecta Mariel Su\u00e1rez\" aria-describedby=\"gallery-1-70579\" \/><\/a>\n\t\t\t<\/div>\n\t\t\t\t<figcaption class='wp-caption-text gallery-caption' id='gallery-1-70579'>\n\t\t\t\tEl Granero, nave multiuso y sector recreativo \/ Arquitecta Mariel Su\u00e1rez (\u00a9 Ramiro Sosa)\n\t\t\t\t<\/figcaption><\/figure><figure class='gallery-item'>\n\t\t\t<div class='gallery-icon portrait'>\n\t\t\t\t<a href='https:\/\/www.arquimaster.com.ar\/web\/wp-content\/uploads\/2022\/06\/el_granero13.jpg' title=\"El Granero, nave multiuso y sector recreativo \/ Arquitecta Mariel Su\u00e1rez (\u00a9 Ramiro Sosa)\" data-rl_title=\"El Granero, nave multiuso y sector recreativo \/ Arquitecta Mariel Su\u00e1rez (\u00a9 Ramiro Sosa)\" class=\"rl-gallery-link\" data-rl_caption=\"El Granero, nave multiuso y sector recreativo \/ Arquitecta Mariel Su\u00e1rez (\u00a9 Ramiro Sosa)\" data-rel=\"lightbox-gallery-1\"><img loading=\"lazy\" decoding=\"async\" width=\"150\" height=\"150\" src=\"https:\/\/www.arquimaster.com.ar\/web\/wp-content\/uploads\/2022\/06\/el_granero13-150x150.jpg\" class=\"attachment-thumbnail size-thumbnail\" alt=\"El Granero, nave multiuso y sector recreativo \/ Arquitecta Mariel Su\u00e1rez\" aria-describedby=\"gallery-1-70580\" \/><\/a>\n\t\t\t<\/div>\n\t\t\t\t<figcaption class='wp-caption-text gallery-caption' id='gallery-1-70580'>\n\t\t\t\tEl Granero, nave multiuso y sector recreativo \/ Arquitecta Mariel Su\u00e1rez (\u00a9 Ramiro Sosa)\n\t\t\t\t<\/figcaption><\/figure><figure class='gallery-item'>\n\t\t\t<div class='gallery-icon portrait'>\n\t\t\t\t<a href='https:\/\/www.arquimaster.com.ar\/web\/wp-content\/uploads\/2022\/06\/el_granero14.jpg' title=\"El Granero, nave multiuso y sector recreativo \/ Arquitecta Mariel Su\u00e1rez (\u00a9 Ramiro Sosa)\" data-rl_title=\"El Granero, nave multiuso y sector recreativo \/ Arquitecta Mariel Su\u00e1rez (\u00a9 Ramiro Sosa)\" class=\"rl-gallery-link\" data-rl_caption=\"El Granero, nave multiuso y sector recreativo \/ Arquitecta Mariel Su\u00e1rez (\u00a9 Ramiro Sosa)\" data-rel=\"lightbox-gallery-1\"><img loading=\"lazy\" decoding=\"async\" width=\"150\" height=\"150\" src=\"https:\/\/www.arquimaster.com.ar\/web\/wp-content\/uploads\/2022\/06\/el_granero14-150x150.jpg\" class=\"attachment-thumbnail size-thumbnail\" alt=\"El Granero, nave multiuso y sector recreativo \/ Arquitecta Mariel Su\u00e1rez\" aria-describedby=\"gallery-1-70581\" \/><\/a>\n\t\t\t<\/div>\n\t\t\t\t<figcaption class='wp-caption-text gallery-caption' id='gallery-1-70581'>\n\t\t\t\tEl Granero, nave multiuso y sector recreativo \/ Arquitecta Mariel Su\u00e1rez (\u00a9 Ramiro Sosa)\n\t\t\t\t<\/figcaption><\/figure><figure class='gallery-item'>\n\t\t\t<div class='gallery-icon portrait'>\n\t\t\t\t<a href='https:\/\/www.arquimaster.com.ar\/web\/wp-content\/uploads\/2022\/06\/el_granero15.jpg' title=\"El Granero, nave multiuso y sector recreativo \/ Arquitecta Mariel Su\u00e1rez (\u00a9 Ramiro Sosa)\" data-rl_title=\"El Granero, nave multiuso y sector recreativo \/ Arquitecta Mariel Su\u00e1rez (\u00a9 Ramiro Sosa)\" class=\"rl-gallery-link\" data-rl_caption=\"El Granero, nave multiuso y sector recreativo \/ Arquitecta Mariel Su\u00e1rez (\u00a9 Ramiro Sosa)\" data-rel=\"lightbox-gallery-1\"><img loading=\"lazy\" decoding=\"async\" width=\"150\" height=\"150\" src=\"https:\/\/www.arquimaster.com.ar\/web\/wp-content\/uploads\/2022\/06\/el_granero15-150x150.jpg\" class=\"attachment-thumbnail size-thumbnail\" alt=\"El Granero, nave multiuso y sector recreativo \/ Arquitecta Mariel Su\u00e1rez\" aria-describedby=\"gallery-1-70582\" \/><\/a>\n\t\t\t<\/div>\n\t\t\t\t<figcaption class='wp-caption-text gallery-caption' id='gallery-1-70582'>\n\t\t\t\tEl Granero, nave multiuso y sector recreativo \/ Arquitecta Mariel Su\u00e1rez (\u00a9 Ramiro Sosa)\n\t\t\t\t<\/figcaption><\/figure><figure class='gallery-item'>\n\t\t\t<div class='gallery-icon portrait'>\n\t\t\t\t<a href='https:\/\/www.arquimaster.com.ar\/web\/wp-content\/uploads\/2022\/06\/el_granero16.jpg' title=\"El Granero, nave multiuso y sector recreativo \/ Arquitecta Mariel Su\u00e1rez (\u00a9 Ramiro Sosa)\" data-rl_title=\"El Granero, nave multiuso y sector recreativo \/ Arquitecta Mariel Su\u00e1rez (\u00a9 Ramiro Sosa)\" class=\"rl-gallery-link\" data-rl_caption=\"El Granero, nave multiuso y sector recreativo \/ Arquitecta Mariel Su\u00e1rez (\u00a9 Ramiro Sosa)\" data-rel=\"lightbox-gallery-1\"><img loading=\"lazy\" decoding=\"async\" width=\"150\" height=\"150\" src=\"https:\/\/www.arquimaster.com.ar\/web\/wp-content\/uploads\/2022\/06\/el_granero16-150x150.jpg\" class=\"attachment-thumbnail size-thumbnail\" alt=\"El Granero, nave multiuso y sector recreativo \/ Arquitecta Mariel Su\u00e1rez\" aria-describedby=\"gallery-1-70583\" \/><\/a>\n\t\t\t<\/div>\n\t\t\t\t<figcaption class='wp-caption-text gallery-caption' id='gallery-1-70583'>\n\t\t\t\tEl Granero, nave multiuso y sector recreativo \/ Arquitecta Mariel Su\u00e1rez (\u00a9 Ramiro Sosa)\n\t\t\t\t<\/figcaption><\/figure><figure class='gallery-item'>\n\t\t\t<div class='gallery-icon portrait'>\n\t\t\t\t<a href='https:\/\/www.arquimaster.com.ar\/web\/wp-content\/uploads\/2022\/06\/el_granero17.jpg' title=\"El Granero, nave multiuso y sector recreativo \/ Arquitecta Mariel Su\u00e1rez (\u00a9 Ramiro Sosa)\" data-rl_title=\"El Granero, nave multiuso y sector recreativo \/ Arquitecta Mariel Su\u00e1rez (\u00a9 Ramiro Sosa)\" class=\"rl-gallery-link\" data-rl_caption=\"El Granero, nave multiuso y sector recreativo \/ Arquitecta Mariel Su\u00e1rez (\u00a9 Ramiro Sosa)\" data-rel=\"lightbox-gallery-1\"><img loading=\"lazy\" decoding=\"async\" width=\"150\" height=\"150\" src=\"https:\/\/www.arquimaster.com.ar\/web\/wp-content\/uploads\/2022\/06\/el_granero17-150x150.jpg\" class=\"attachment-thumbnail size-thumbnail\" alt=\"El Granero, nave multiuso y sector recreativo \/ Arquitecta Mariel Su\u00e1rez\" aria-describedby=\"gallery-1-70584\" \/><\/a>\n\t\t\t<\/div>\n\t\t\t\t<figcaption class='wp-caption-text gallery-caption' id='gallery-1-70584'>\n\t\t\t\tEl Granero, nave multiuso y sector recreativo \/ Arquitecta Mariel Su\u00e1rez (\u00a9 Ramiro Sosa)\n\t\t\t\t<\/figcaption><\/figure><figure class='gallery-item'>\n\t\t\t<div class='gallery-icon portrait'>\n\t\t\t\t<a href='https:\/\/www.arquimaster.com.ar\/web\/wp-content\/uploads\/2022\/06\/el_granero18.jpg' title=\"El Granero, nave multiuso y sector recreativo \/ Arquitecta Mariel Su\u00e1rez (\u00a9 Ramiro Sosa)\" data-rl_title=\"El Granero, nave multiuso y sector recreativo \/ Arquitecta Mariel Su\u00e1rez (\u00a9 Ramiro Sosa)\" class=\"rl-gallery-link\" data-rl_caption=\"El Granero, nave multiuso y sector recreativo \/ Arquitecta Mariel Su\u00e1rez (\u00a9 Ramiro Sosa)\" data-rel=\"lightbox-gallery-1\"><img loading=\"lazy\" decoding=\"async\" width=\"150\" height=\"150\" src=\"https:\/\/www.arquimaster.com.ar\/web\/wp-content\/uploads\/2022\/06\/el_granero18-150x150.jpg\" class=\"attachment-thumbnail size-thumbnail\" alt=\"El Granero, nave multiuso y sector recreativo \/ Arquitecta Mariel Su\u00e1rez\" aria-describedby=\"gallery-1-70585\" \/><\/a>\n\t\t\t<\/div>\n\t\t\t\t<figcaption class='wp-caption-text gallery-caption' id='gallery-1-70585'>\n\t\t\t\tEl Granero, nave multiuso y sector recreativo \/ Arquitecta Mariel Su\u00e1rez (\u00a9 Ramiro Sosa)\n\t\t\t\t<\/figcaption><\/figure><figure class='gallery-item'>\n\t\t\t<div class='gallery-icon portrait'>\n\t\t\t\t<a href='https:\/\/www.arquimaster.com.ar\/web\/wp-content\/uploads\/2022\/06\/el_granero19.jpg' title=\"El Granero, nave multiuso y sector recreativo \/ Arquitecta Mariel Su\u00e1rez (\u00a9 Ramiro Sosa)\" data-rl_title=\"El Granero, nave multiuso y sector recreativo \/ Arquitecta Mariel Su\u00e1rez (\u00a9 Ramiro Sosa)\" class=\"rl-gallery-link\" data-rl_caption=\"El Granero, nave multiuso y sector recreativo \/ Arquitecta Mariel Su\u00e1rez (\u00a9 Ramiro Sosa)\" data-rel=\"lightbox-gallery-1\"><img loading=\"lazy\" decoding=\"async\" width=\"150\" height=\"150\" src=\"https:\/\/www.arquimaster.com.ar\/web\/wp-content\/uploads\/2022\/06\/el_granero19-150x150.jpg\" class=\"attachment-thumbnail size-thumbnail\" alt=\"El Granero, nave multiuso y sector recreativo \/ Arquitecta Mariel Su\u00e1rez\" aria-describedby=\"gallery-1-70586\" \/><\/a>\n\t\t\t<\/div>\n\t\t\t\t<figcaption class='wp-caption-text gallery-caption' id='gallery-1-70586'>\n\t\t\t\tEl Granero, nave multiuso y sector recreativo \/ Arquitecta Mariel Su\u00e1rez (\u00a9 Ramiro Sosa)\n\t\t\t\t<\/figcaption><\/figure><figure class='gallery-item'>\n\t\t\t<div class='gallery-icon portrait'>\n\t\t\t\t<a href='https:\/\/www.arquimaster.com.ar\/web\/wp-content\/uploads\/2022\/06\/el_granero20.jpg' title=\"El Granero, nave multiuso y sector recreativo \/ Arquitecta Mariel Su\u00e1rez (\u00a9 Ramiro Sosa)\" data-rl_title=\"El Granero, nave multiuso y sector recreativo \/ Arquitecta Mariel Su\u00e1rez (\u00a9 Ramiro Sosa)\" class=\"rl-gallery-link\" data-rl_caption=\"El Granero, nave multiuso y sector recreativo \/ Arquitecta Mariel Su\u00e1rez (\u00a9 Ramiro Sosa)\" data-rel=\"lightbox-gallery-1\"><img loading=\"lazy\" decoding=\"async\" width=\"150\" height=\"150\" src=\"https:\/\/www.arquimaster.com.ar\/web\/wp-content\/uploads\/2022\/06\/el_granero20-150x150.jpg\" class=\"attachment-thumbnail size-thumbnail\" alt=\"El Granero, nave multiuso y sector recreativo \/ Arquitecta Mariel Su\u00e1rez\" aria-describedby=\"gallery-1-70587\" \/><\/a>\n\t\t\t<\/div>\n\t\t\t\t<figcaption class='wp-caption-text gallery-caption' id='gallery-1-70587'>\n\t\t\t\tEl Granero, nave multiuso y sector recreativo \/ Arquitecta Mariel Su\u00e1rez (\u00a9 Ramiro Sosa)\n\t\t\t\t<\/figcaption><\/figure><figure class='gallery-item'>\n\t\t\t<div class='gallery-icon portrait'>\n\t\t\t\t<a href='https:\/\/www.arquimaster.com.ar\/web\/wp-content\/uploads\/2022\/06\/el_granero21.jpg' title=\"El Granero, nave multiuso y sector recreativo \/ Arquitecta Mariel Su\u00e1rez (\u00a9 Ramiro Sosa)\" data-rl_title=\"El Granero, nave multiuso y sector recreativo \/ Arquitecta Mariel Su\u00e1rez (\u00a9 Ramiro Sosa)\" class=\"rl-gallery-link\" data-rl_caption=\"El Granero, nave multiuso y sector recreativo \/ Arquitecta Mariel Su\u00e1rez (\u00a9 Ramiro Sosa)\" data-rel=\"lightbox-gallery-1\"><img loading=\"lazy\" decoding=\"async\" width=\"150\" height=\"150\" src=\"https:\/\/www.arquimaster.com.ar\/web\/wp-content\/uploads\/2022\/06\/el_granero21-150x150.jpg\" class=\"attachment-thumbnail size-thumbnail\" alt=\"El Granero, nave multiuso y sector recreativo \/ Arquitecta Mariel Su\u00e1rez\" aria-describedby=\"gallery-1-70588\" \/><\/a>\n\t\t\t<\/div>\n\t\t\t\t<figcaption class='wp-caption-text gallery-caption' id='gallery-1-70588'>\n\t\t\t\tEl Granero, nave multiuso y sector recreativo \/ Arquitecta Mariel Su\u00e1rez (\u00a9 Ramiro Sosa)\n\t\t\t\t<\/figcaption><\/figure><figure class='gallery-item'>\n\t\t\t<div class='gallery-icon landscape'>\n\t\t\t\t<a href='https:\/\/www.arquimaster.com.ar\/web\/wp-content\/uploads\/2022\/06\/el_granero22.jpg' title=\"El Granero, nave multiuso y sector recreativo \/ Arquitecta Mariel Su\u00e1rez (\u00a9 Ramiro Sosa)\" data-rl_title=\"El Granero, nave multiuso y sector recreativo \/ Arquitecta Mariel Su\u00e1rez (\u00a9 Ramiro Sosa)\" class=\"rl-gallery-link\" data-rl_caption=\"El Granero, nave multiuso y sector recreativo \/ Arquitecta Mariel Su\u00e1rez (\u00a9 Ramiro Sosa)\" data-rel=\"lightbox-gallery-1\"><img loading=\"lazy\" decoding=\"async\" width=\"150\" height=\"150\" src=\"https:\/\/www.arquimaster.com.ar\/web\/wp-content\/uploads\/2022\/06\/el_granero22-150x150.jpg\" class=\"attachment-thumbnail size-thumbnail\" alt=\"El Granero, nave multiuso y sector recreativo \/ Arquitecta Mariel Su\u00e1rez\" aria-describedby=\"gallery-1-70589\" \/><\/a>\n\t\t\t<\/div>\n\t\t\t\t<figcaption class='wp-caption-text gallery-caption' id='gallery-1-70589'>\n\t\t\t\tEl Granero, nave multiuso y sector recreativo \/ Arquitecta Mariel Su\u00e1rez (\u00a9 Ramiro Sosa)\n\t\t\t\t<\/figcaption><\/figure><figure class='gallery-item'>\n\t\t\t<div class='gallery-icon landscape'>\n\t\t\t\t<a href='https:\/\/www.arquimaster.com.ar\/web\/wp-content\/uploads\/2022\/06\/el_granero23.jpg' title=\"El Granero, nave multiuso y sector recreativo \/ Arquitecta Mariel Su\u00e1rez (\u00a9 Ramiro Sosa)\" data-rl_title=\"El Granero, nave multiuso y sector recreativo \/ Arquitecta Mariel Su\u00e1rez (\u00a9 Ramiro Sosa)\" class=\"rl-gallery-link\" data-rl_caption=\"El Granero, nave multiuso y sector recreativo \/ Arquitecta Mariel Su\u00e1rez (\u00a9 Ramiro Sosa)\" data-rel=\"lightbox-gallery-1\"><img loading=\"lazy\" decoding=\"async\" width=\"150\" height=\"150\" src=\"https:\/\/www.arquimaster.com.ar\/web\/wp-content\/uploads\/2022\/06\/el_granero23-150x150.jpg\" class=\"attachment-thumbnail size-thumbnail\" alt=\"El Granero, nave multiuso y sector recreativo \/ Arquitecta Mariel Su\u00e1rez\" aria-describedby=\"gallery-1-70590\" \/><\/a>\n\t\t\t<\/div>\n\t\t\t\t<figcaption class='wp-caption-text gallery-caption' id='gallery-1-70590'>\n\t\t\t\tEl Granero, nave multiuso y sector recreativo \/ Arquitecta Mariel Su\u00e1rez (\u00a9 Ramiro Sosa)\n\t\t\t\t<\/figcaption><\/figure><figure class='gallery-item'>\n\t\t\t<div class='gallery-icon landscape'>\n\t\t\t\t<a href='https:\/\/www.arquimaster.com.ar\/web\/wp-content\/uploads\/2022\/06\/el_granero24.jpg' title=\"El Granero, nave multiuso y sector recreativo \/ Arquitecta Mariel Su\u00e1rez (\u00a9 Ramiro Sosa)\" data-rl_title=\"El Granero, nave multiuso y sector recreativo \/ Arquitecta Mariel Su\u00e1rez (\u00a9 Ramiro Sosa)\" class=\"rl-gallery-link\" data-rl_caption=\"El Granero, nave multiuso y sector recreativo \/ Arquitecta Mariel Su\u00e1rez (\u00a9 Ramiro Sosa)\" data-rel=\"lightbox-gallery-1\"><img loading=\"lazy\" decoding=\"async\" width=\"150\" height=\"150\" src=\"https:\/\/www.arquimaster.com.ar\/web\/wp-content\/uploads\/2022\/06\/el_granero24-150x150.jpg\" class=\"attachment-thumbnail size-thumbnail\" alt=\"El Granero, nave multiuso y sector recreativo \/ Arquitecta Mariel Su\u00e1rez\" aria-describedby=\"gallery-1-70591\" srcset=\"https:\/\/www.arquimaster.com.ar\/web\/wp-content\/uploads\/2022\/06\/el_granero24-150x150.jpg 150w, https:\/\/www.arquimaster.com.ar\/web\/wp-content\/uploads\/2022\/06\/el_granero24-768x768.jpg 768w, https:\/\/www.arquimaster.com.ar\/web\/wp-content\/uploads\/2022\/06\/el_granero24.jpg 1500w\" sizes=\"auto, (max-width: 150px) 100vw, 150px\" \/><\/a>\n\t\t\t<\/div>\n\t\t\t\t<figcaption class='wp-caption-text gallery-caption' id='gallery-1-70591'>\n\t\t\t\tEl Granero, nave multiuso y sector recreativo \/ Arquitecta Mariel Su\u00e1rez (\u00a9 Ramiro Sosa)\n\t\t\t\t<\/figcaption><\/figure><figure class='gallery-item'>\n\t\t\t<div class='gallery-icon portrait'>\n\t\t\t\t<a href='https:\/\/www.arquimaster.com.ar\/web\/wp-content\/uploads\/2022\/06\/el_granero25.jpg' title=\"El Granero, nave multiuso y sector recreativo \/ Arquitecta Mariel Su\u00e1rez (\u00a9 Ramiro Sosa)\" data-rl_title=\"El Granero, nave multiuso y sector recreativo \/ Arquitecta Mariel Su\u00e1rez (\u00a9 Ramiro Sosa)\" class=\"rl-gallery-link\" data-rl_caption=\"El Granero, nave multiuso y sector recreativo \/ Arquitecta Mariel Su\u00e1rez (\u00a9 Ramiro Sosa)\" data-rel=\"lightbox-gallery-1\"><img loading=\"lazy\" decoding=\"async\" width=\"150\" height=\"150\" src=\"https:\/\/www.arquimaster.com.ar\/web\/wp-content\/uploads\/2022\/06\/el_granero25-150x150.jpg\" class=\"attachment-thumbnail size-thumbnail\" alt=\"El Granero, nave multiuso y sector recreativo \/ Arquitecta Mariel Su\u00e1rez\" aria-describedby=\"gallery-1-70592\" \/><\/a>\n\t\t\t<\/div>\n\t\t\t\t<figcaption class='wp-caption-text gallery-caption' id='gallery-1-70592'>\n\t\t\t\tEl Granero, nave multiuso y sector recreativo \/ Arquitecta Mariel Su\u00e1rez (\u00a9 Ramiro Sosa)\n\t\t\t\t<\/figcaption><\/figure><figure class='gallery-item'>\n\t\t\t<div class='gallery-icon portrait'>\n\t\t\t\t<a href='https:\/\/www.arquimaster.com.ar\/web\/wp-content\/uploads\/2022\/06\/el_granero26.jpg' title=\"El Granero, nave multiuso y sector recreativo \/ Arquitecta Mariel Su\u00e1rez (\u00a9 Ramiro Sosa)\" data-rl_title=\"El Granero, nave multiuso y sector recreativo \/ Arquitecta Mariel Su\u00e1rez (\u00a9 Ramiro Sosa)\" class=\"rl-gallery-link\" data-rl_caption=\"El Granero, nave multiuso y sector recreativo \/ Arquitecta Mariel Su\u00e1rez (\u00a9 Ramiro Sosa)\" data-rel=\"lightbox-gallery-1\"><img loading=\"lazy\" decoding=\"async\" width=\"150\" height=\"150\" src=\"https:\/\/www.arquimaster.com.ar\/web\/wp-content\/uploads\/2022\/06\/el_granero26-150x150.jpg\" class=\"attachment-thumbnail size-thumbnail\" alt=\"El Granero, nave multiuso y sector recreativo \/ Arquitecta Mariel Su\u00e1rez\" aria-describedby=\"gallery-1-70593\" \/><\/a>\n\t\t\t<\/div>\n\t\t\t\t<figcaption class='wp-caption-text gallery-caption' id='gallery-1-70593'>\n\t\t\t\tEl Granero, nave multiuso y sector recreativo \/ Arquitecta Mariel Su\u00e1rez (\u00a9 Ramiro Sosa)\n\t\t\t\t<\/figcaption><\/figure><figure class='gallery-item'>\n\t\t\t<div class='gallery-icon portrait'>\n\t\t\t\t<a href='https:\/\/www.arquimaster.com.ar\/web\/wp-content\/uploads\/2022\/06\/el_granero27.jpg' title=\"El Granero, nave multiuso y sector recreativo \/ Arquitecta Mariel Su\u00e1rez (\u00a9 Ramiro Sosa)\" data-rl_title=\"El Granero, nave multiuso y sector recreativo \/ Arquitecta Mariel Su\u00e1rez (\u00a9 Ramiro Sosa)\" class=\"rl-gallery-link\" data-rl_caption=\"El Granero, nave multiuso y sector recreativo \/ Arquitecta Mariel Su\u00e1rez (\u00a9 Ramiro Sosa)\" data-rel=\"lightbox-gallery-1\"><img loading=\"lazy\" decoding=\"async\" width=\"150\" height=\"150\" src=\"https:\/\/www.arquimaster.com.ar\/web\/wp-content\/uploads\/2022\/06\/el_granero27-150x150.jpg\" class=\"attachment-thumbnail size-thumbnail\" alt=\"El Granero, nave multiuso y sector recreativo \/ Arquitecta Mariel Su\u00e1rez\" aria-describedby=\"gallery-1-70594\" \/><\/a>\n\t\t\t<\/div>\n\t\t\t\t<figcaption class='wp-caption-text gallery-caption' id='gallery-1-70594'>\n\t\t\t\tEl Granero, nave multiuso y sector recreativo \/ Arquitecta Mariel Su\u00e1rez (\u00a9 Ramiro Sosa)\n\t\t\t\t<\/figcaption><\/figure><figure class='gallery-item'>\n\t\t\t<div class='gallery-icon portrait'>\n\t\t\t\t<a href='https:\/\/www.arquimaster.com.ar\/web\/wp-content\/uploads\/2022\/06\/el_granero28.jpg' title=\"El Granero, nave multiuso y sector recreativo \/ Arquitecta Mariel Su\u00e1rez (\u00a9 Ramiro Sosa)\" data-rl_title=\"El Granero, nave multiuso y sector recreativo \/ Arquitecta Mariel Su\u00e1rez (\u00a9 Ramiro Sosa)\" class=\"rl-gallery-link\" data-rl_caption=\"El Granero, nave multiuso y sector recreativo \/ Arquitecta Mariel Su\u00e1rez (\u00a9 Ramiro Sosa)\" data-rel=\"lightbox-gallery-1\"><img loading=\"lazy\" decoding=\"async\" width=\"150\" height=\"150\" src=\"https:\/\/www.arquimaster.com.ar\/web\/wp-content\/uploads\/2022\/06\/el_granero28-150x150.jpg\" class=\"attachment-thumbnail size-thumbnail\" alt=\"El Granero, nave multiuso y sector recreativo \/ Arquitecta Mariel Su\u00e1rez\" aria-describedby=\"gallery-1-70595\" \/><\/a>\n\t\t\t<\/div>\n\t\t\t\t<figcaption class='wp-caption-text gallery-caption' id='gallery-1-70595'>\n\t\t\t\tEl Granero, nave multiuso y sector recreativo \/ Arquitecta Mariel Su\u00e1rez (\u00a9 Ramiro Sosa)\n\t\t\t\t<\/figcaption><\/figure><figure class='gallery-item'>\n\t\t\t<div class='gallery-icon portrait'>\n\t\t\t\t<a href='https:\/\/www.arquimaster.com.ar\/web\/wp-content\/uploads\/2022\/06\/el_granero29.jpg' title=\"El Granero, nave multiuso y sector recreativo \/ Arquitecta Mariel Su\u00e1rez (\u00a9 Ramiro Sosa)\" data-rl_title=\"El Granero, nave multiuso y sector recreativo \/ Arquitecta Mariel Su\u00e1rez (\u00a9 Ramiro Sosa)\" class=\"rl-gallery-link\" data-rl_caption=\"El Granero, nave multiuso y sector recreativo \/ Arquitecta Mariel Su\u00e1rez (\u00a9 Ramiro Sosa)\" data-rel=\"lightbox-gallery-1\"><img loading=\"lazy\" decoding=\"async\" width=\"150\" height=\"150\" src=\"https:\/\/www.arquimaster.com.ar\/web\/wp-content\/uploads\/2022\/06\/el_granero29-150x150.jpg\" class=\"attachment-thumbnail size-thumbnail\" alt=\"El Granero, nave multiuso y sector recreativo \/ Arquitecta Mariel Su\u00e1rez\" aria-describedby=\"gallery-1-70596\" \/><\/a>\n\t\t\t<\/div>\n\t\t\t\t<figcaption class='wp-caption-text gallery-caption' id='gallery-1-70596'>\n\t\t\t\tEl Granero, nave multiuso y sector recreativo \/ Arquitecta Mariel Su\u00e1rez (\u00a9 Ramiro Sosa)\n\t\t\t\t<\/figcaption><\/figure><figure class='gallery-item'>\n\t\t\t<div class='gallery-icon portrait'>\n\t\t\t\t<a href='https:\/\/www.arquimaster.com.ar\/web\/wp-content\/uploads\/2022\/06\/el_granero30.jpg' title=\"El Granero, nave multiuso y sector recreativo \/ Arquitecta Mariel Su\u00e1rez (\u00a9 Ramiro Sosa)\" data-rl_title=\"El Granero, nave multiuso y sector recreativo \/ Arquitecta Mariel Su\u00e1rez (\u00a9 Ramiro Sosa)\" class=\"rl-gallery-link\" data-rl_caption=\"El Granero, nave multiuso y sector recreativo \/ Arquitecta Mariel Su\u00e1rez (\u00a9 Ramiro Sosa)\" data-rel=\"lightbox-gallery-1\"><img loading=\"lazy\" decoding=\"async\" width=\"150\" height=\"150\" src=\"https:\/\/www.arquimaster.com.ar\/web\/wp-content\/uploads\/2022\/06\/el_granero30-150x150.jpg\" class=\"attachment-thumbnail size-thumbnail\" alt=\"El Granero, nave multiuso y sector recreativo \/ Arquitecta Mariel Su\u00e1rez\" aria-describedby=\"gallery-1-70597\" \/><\/a>\n\t\t\t<\/div>\n\t\t\t\t<figcaption class='wp-caption-text gallery-caption' id='gallery-1-70597'>\n\t\t\t\tEl Granero, nave multiuso y sector recreativo \/ Arquitecta Mariel Su\u00e1rez (\u00a9 Ramiro Sosa)\n\t\t\t\t<\/figcaption><\/figure><figure class='gallery-item'>\n\t\t\t<div class='gallery-icon portrait'>\n\t\t\t\t<a href='https:\/\/www.arquimaster.com.ar\/web\/wp-content\/uploads\/2022\/06\/el_granero31.jpg' title=\"El Granero, nave multiuso y sector recreativo \/ Arquitecta Mariel Su\u00e1rez (\u00a9 Ramiro Sosa)\" data-rl_title=\"El Granero, nave multiuso y sector recreativo \/ Arquitecta Mariel Su\u00e1rez (\u00a9 Ramiro Sosa)\" class=\"rl-gallery-link\" data-rl_caption=\"El Granero, nave multiuso y sector recreativo \/ Arquitecta Mariel Su\u00e1rez (\u00a9 Ramiro Sosa)\" data-rel=\"lightbox-gallery-1\"><img loading=\"lazy\" decoding=\"async\" width=\"150\" height=\"150\" src=\"https:\/\/www.arquimaster.com.ar\/web\/wp-content\/uploads\/2022\/06\/el_granero31-150x150.jpg\" class=\"attachment-thumbnail size-thumbnail\" alt=\"El Granero, nave multiuso y sector recreativo \/ Arquitecta Mariel Su\u00e1rez\" aria-describedby=\"gallery-1-70598\" \/><\/a>\n\t\t\t<\/div>\n\t\t\t\t<figcaption class='wp-caption-text gallery-caption' id='gallery-1-70598'>\n\t\t\t\tEl Granero, nave multiuso y sector recreativo \/ Arquitecta Mariel Su\u00e1rez (\u00a9 Ramiro Sosa)\n\t\t\t\t<\/figcaption><\/figure><figure class='gallery-item'>\n\t\t\t<div class='gallery-icon portrait'>\n\t\t\t\t<a href='https:\/\/www.arquimaster.com.ar\/web\/wp-content\/uploads\/2022\/06\/el_granero32.jpg' title=\"El Granero, nave multiuso y sector recreativo \/ Arquitecta Mariel Su\u00e1rez (\u00a9 Ramiro Sosa)\" data-rl_title=\"El Granero, nave multiuso y sector recreativo \/ Arquitecta Mariel Su\u00e1rez (\u00a9 Ramiro Sosa)\" class=\"rl-gallery-link\" data-rl_caption=\"El Granero, nave multiuso y sector recreativo \/ Arquitecta Mariel Su\u00e1rez (\u00a9 Ramiro Sosa)\" data-rel=\"lightbox-gallery-1\"><img loading=\"lazy\" decoding=\"async\" width=\"150\" height=\"150\" src=\"https:\/\/www.arquimaster.com.ar\/web\/wp-content\/uploads\/2022\/06\/el_granero32-150x150.jpg\" class=\"attachment-thumbnail size-thumbnail\" alt=\"El Granero, nave multiuso y sector recreativo \/ Arquitecta Mariel Su\u00e1rez\" aria-describedby=\"gallery-1-70599\" \/><\/a>\n\t\t\t<\/div>\n\t\t\t\t<figcaption class='wp-caption-text gallery-caption' id='gallery-1-70599'>\n\t\t\t\tEl Granero, nave multiuso y sector recreativo \/ Arquitecta Mariel Su\u00e1rez (\u00a9 Ramiro Sosa)\n\t\t\t\t<\/figcaption><\/figure><figure class='gallery-item'>\n\t\t\t<div class='gallery-icon portrait'>\n\t\t\t\t<a href='https:\/\/www.arquimaster.com.ar\/web\/wp-content\/uploads\/2022\/06\/el_granero33.jpg' title=\"El Granero, nave multiuso y sector recreativo \/ Arquitecta Mariel Su\u00e1rez (\u00a9 Ramiro Sosa)\" data-rl_title=\"El Granero, nave multiuso y sector recreativo \/ Arquitecta Mariel Su\u00e1rez (\u00a9 Ramiro Sosa)\" class=\"rl-gallery-link\" data-rl_caption=\"El Granero, nave multiuso y sector recreativo \/ Arquitecta Mariel Su\u00e1rez (\u00a9 Ramiro Sosa)\" data-rel=\"lightbox-gallery-1\"><img loading=\"lazy\" decoding=\"async\" width=\"150\" height=\"150\" src=\"https:\/\/www.arquimaster.com.ar\/web\/wp-content\/uploads\/2022\/06\/el_granero33-150x150.jpg\" class=\"attachment-thumbnail size-thumbnail\" alt=\"El Granero, nave multiuso y sector recreativo \/ Arquitecta Mariel Su\u00e1rez\" aria-describedby=\"gallery-1-70600\" \/><\/a>\n\t\t\t<\/div>\n\t\t\t\t<figcaption class='wp-caption-text gallery-caption' id='gallery-1-70600'>\n\t\t\t\tEl Granero, nave multiuso y sector recreativo \/ Arquitecta Mariel Su\u00e1rez (\u00a9 Ramiro Sosa)\n\t\t\t\t<\/figcaption><\/figure><figure class='gallery-item'>\n\t\t\t<div class='gallery-icon portrait'>\n\t\t\t\t<a href='https:\/\/www.arquimaster.com.ar\/web\/wp-content\/uploads\/2022\/06\/el_granero34.jpg' title=\"El Granero, nave multiuso y sector recreativo \/ Arquitecta Mariel Su\u00e1rez (\u00a9 Ramiro Sosa)\" data-rl_title=\"El Granero, nave multiuso y sector recreativo \/ Arquitecta Mariel Su\u00e1rez (\u00a9 Ramiro Sosa)\" class=\"rl-gallery-link\" data-rl_caption=\"El Granero, nave multiuso y sector recreativo \/ Arquitecta Mariel Su\u00e1rez (\u00a9 Ramiro Sosa)\" data-rel=\"lightbox-gallery-1\"><img loading=\"lazy\" decoding=\"async\" width=\"150\" height=\"150\" src=\"https:\/\/www.arquimaster.com.ar\/web\/wp-content\/uploads\/2022\/06\/el_granero34-150x150.jpg\" class=\"attachment-thumbnail size-thumbnail\" alt=\"El Granero, nave multiuso y sector recreativo \/ Arquitecta Mariel Su\u00e1rez\" aria-describedby=\"gallery-1-70601\" \/><\/a>\n\t\t\t<\/div>\n\t\t\t\t<figcaption class='wp-caption-text gallery-caption' id='gallery-1-70601'>\n\t\t\t\tEl Granero, nave multiuso y sector recreativo \/ Arquitecta Mariel Su\u00e1rez (\u00a9 Ramiro Sosa)\n\t\t\t\t<\/figcaption><\/figure><figure class='gallery-item'>\n\t\t\t<div class='gallery-icon landscape'>\n\t\t\t\t<a href='https:\/\/www.arquimaster.com.ar\/web\/wp-content\/uploads\/2022\/06\/el_granero35.jpg' title=\"El Granero, nave multiuso y sector recreativo \/ Arquitecta Mariel Su\u00e1rez (\u00a9 Ramiro Sosa)\" data-rl_title=\"El Granero, nave multiuso y sector recreativo \/ Arquitecta Mariel Su\u00e1rez (\u00a9 Ramiro Sosa)\" class=\"rl-gallery-link\" data-rl_caption=\"El Granero, nave multiuso y sector recreativo \/ Arquitecta Mariel Su\u00e1rez (\u00a9 Ramiro Sosa)\" data-rel=\"lightbox-gallery-1\"><img loading=\"lazy\" decoding=\"async\" width=\"150\" height=\"150\" src=\"https:\/\/www.arquimaster.com.ar\/web\/wp-content\/uploads\/2022\/06\/el_granero35-150x150.jpg\" class=\"attachment-thumbnail size-thumbnail\" alt=\"El Granero, nave multiuso y sector recreativo \/ Arquitecta Mariel Su\u00e1rez\" aria-describedby=\"gallery-1-70602\" \/><\/a>\n\t\t\t<\/div>\n\t\t\t\t<figcaption class='wp-caption-text gallery-caption' id='gallery-1-70602'>\n\t\t\t\tEl Granero, nave multiuso y sector recreativo \/ Arquitecta Mariel Su\u00e1rez (\u00a9 Ramiro Sosa)\n\t\t\t\t<\/figcaption><\/figure><figure class='gallery-item'>\n\t\t\t<div class='gallery-icon landscape'>\n\t\t\t\t<a href='https:\/\/www.arquimaster.com.ar\/web\/wp-content\/uploads\/2022\/06\/el_granero36.jpg' title=\"El Granero, nave multiuso y sector recreativo \/ Arquitecta Mariel Su\u00e1rez (\u00a9 Ramiro Sosa)\" data-rl_title=\"El Granero, nave multiuso y sector recreativo \/ Arquitecta Mariel Su\u00e1rez (\u00a9 Ramiro Sosa)\" class=\"rl-gallery-link\" data-rl_caption=\"El Granero, nave multiuso y sector recreativo \/ Arquitecta Mariel Su\u00e1rez (\u00a9 Ramiro Sosa)\" data-rel=\"lightbox-gallery-1\"><img loading=\"lazy\" decoding=\"async\" width=\"150\" height=\"150\" src=\"https:\/\/www.arquimaster.com.ar\/web\/wp-content\/uploads\/2022\/06\/el_granero36-150x150.jpg\" class=\"attachment-thumbnail size-thumbnail\" alt=\"El Granero, nave multiuso y sector recreativo \/ Arquitecta Mariel Su\u00e1rez\" aria-describedby=\"gallery-1-70603\" \/><\/a>\n\t\t\t<\/div>\n\t\t\t\t<figcaption class='wp-caption-text gallery-caption' id='gallery-1-70603'>\n\t\t\t\tEl Granero, nave multiuso y sector recreativo \/ Arquitecta Mariel Su\u00e1rez (\u00a9 Ramiro Sosa)\n\t\t\t\t<\/figcaption><\/figure><figure class='gallery-item'>\n\t\t\t<div class='gallery-icon landscape'>\n\t\t\t\t<a href='https:\/\/www.arquimaster.com.ar\/web\/wp-content\/uploads\/2022\/06\/el_granero37.jpg' title=\"El Granero, nave multiuso y sector recreativo \/ Arquitecta Mariel Su\u00e1rez (\u00a9 Ramiro Sosa)\" data-rl_title=\"El Granero, nave multiuso y sector recreativo \/ Arquitecta Mariel Su\u00e1rez (\u00a9 Ramiro Sosa)\" class=\"rl-gallery-link\" data-rl_caption=\"El Granero, nave multiuso y sector recreativo \/ Arquitecta Mariel Su\u00e1rez (\u00a9 Ramiro Sosa)\" data-rel=\"lightbox-gallery-1\"><img loading=\"lazy\" decoding=\"async\" width=\"150\" height=\"150\" src=\"https:\/\/www.arquimaster.com.ar\/web\/wp-content\/uploads\/2022\/06\/el_granero37-150x150.jpg\" class=\"attachment-thumbnail size-thumbnail\" alt=\"El Granero, nave multiuso y sector recreativo \/ Arquitecta Mariel Su\u00e1rez\" aria-describedby=\"gallery-1-70604\" \/><\/a>\n\t\t\t<\/div>\n\t\t\t\t<figcaption class='wp-caption-text gallery-caption' id='gallery-1-70604'>\n\t\t\t\tEl Granero, nave multiuso y sector recreativo \/ Arquitecta Mariel Su\u00e1rez (\u00a9 Ramiro Sosa)\n\t\t\t\t<\/figcaption><\/figure><figure class='gallery-item'>\n\t\t\t<div class='gallery-icon landscape'>\n\t\t\t\t<a href='https:\/\/www.arquimaster.com.ar\/web\/wp-content\/uploads\/2022\/06\/el_granero38.jpg' title=\"El Granero, nave multiuso y sector recreativo \/ Arquitecta Mariel Su\u00e1rez (\u00a9 Ramiro Sosa)\" data-rl_title=\"El Granero, nave multiuso y sector recreativo \/ Arquitecta Mariel Su\u00e1rez (\u00a9 Ramiro Sosa)\" class=\"rl-gallery-link\" data-rl_caption=\"El Granero, nave multiuso y sector recreativo \/ Arquitecta Mariel Su\u00e1rez (\u00a9 Ramiro Sosa)\" data-rel=\"lightbox-gallery-1\"><img loading=\"lazy\" decoding=\"async\" width=\"150\" height=\"150\" src=\"https:\/\/www.arquimaster.com.ar\/web\/wp-content\/uploads\/2022\/06\/el_granero38-150x150.jpg\" class=\"attachment-thumbnail size-thumbnail\" alt=\"El Granero, nave multiuso y sector recreativo \/ Arquitecta Mariel Su\u00e1rez\" aria-describedby=\"gallery-1-70605\" \/><\/a>\n\t\t\t<\/div>\n\t\t\t\t<figcaption class='wp-caption-text gallery-caption' id='gallery-1-70605'>\n\t\t\t\tEl Granero, nave multiuso y sector recreativo \/ Arquitecta Mariel Su\u00e1rez (\u00a9 Ramiro Sosa)\n\t\t\t\t<\/figcaption><\/figure><figure class='gallery-item'>\n\t\t\t<div class='gallery-icon landscape'>\n\t\t\t\t<a href='https:\/\/www.arquimaster.com.ar\/web\/wp-content\/uploads\/2022\/06\/el_granero39.jpg' title=\"El Granero, nave multiuso y sector recreativo \/ Arquitecta Mariel Su\u00e1rez (\u00a9 Ramiro Sosa)\" data-rl_title=\"El Granero, nave multiuso y sector recreativo \/ Arquitecta Mariel Su\u00e1rez (\u00a9 Ramiro Sosa)\" class=\"rl-gallery-link\" data-rl_caption=\"El Granero, nave multiuso y sector recreativo \/ Arquitecta Mariel Su\u00e1rez (\u00a9 Ramiro Sosa)\" data-rel=\"lightbox-gallery-1\"><img loading=\"lazy\" decoding=\"async\" width=\"150\" height=\"150\" src=\"https:\/\/www.arquimaster.com.ar\/web\/wp-content\/uploads\/2022\/06\/el_granero39-150x150.jpg\" class=\"attachment-thumbnail size-thumbnail\" alt=\"El Granero, nave multiuso y sector recreativo \/ Arquitecta Mariel Su\u00e1rez\" aria-describedby=\"gallery-1-70606\" \/><\/a>\n\t\t\t<\/div>\n\t\t\t\t<figcaption class='wp-caption-text gallery-caption' id='gallery-1-70606'>\n\t\t\t\tEl Granero, nave multiuso y sector recreativo \/ Arquitecta Mariel Su\u00e1rez (\u00a9 Ramiro Sosa)\n\t\t\t\t<\/figcaption><\/figure>\n\t\t<\/div>\n\n<p>Utilizamos perfiles W y paneles termo aislantes con dos caras en chapa y espuma inyectada de poliuretano r\u00edgido entre ambas y aberturas herm\u00e9ticas con doble vidrio.<\/p>\n<p>El sistema constructivo optimiza los tiempos de montaje y los materiales utilizados alcanzan altos niveles de eficiencia energ\u00e9tica.<\/p>\n<p>Para la instalaci\u00f3n el\u00e9ctrica y conductos de climatizaci\u00f3n utilizamos ca\u00f1er\u00edas y cajas a la vista de chapa galvanizada.<\/p>\n<p>Los pisos interiores son de hormig\u00f3n llaneado y en los pisos exteriores combinamos veredas de hormig\u00f3n con pavimento de adoquines intertrabados de cemento.<\/p>\n<div id='gallery-2' class='gallery galleryid-70566 gallery-columns-3 gallery-size-thumbnail'><figure class='gallery-item'>\n\t\t\t<div class='gallery-icon landscape'>\n\t\t\t\t<a href='https:\/\/www.arquimaster.com.ar\/web\/wp-content\/uploads\/2022\/06\/el_granero40.jpg' title=\"El Granero, nave multiuso y sector recreativo \/ Arquitecta Mariel Su\u00e1rez (\u00a9 Ramiro Sosa)\" data-rl_title=\"El Granero, nave multiuso y sector recreativo \/ Arquitecta Mariel Su\u00e1rez (\u00a9 Ramiro Sosa)\" class=\"rl-gallery-link\" data-rl_caption=\"El Granero, nave multiuso y sector recreativo \/ Arquitecta Mariel Su\u00e1rez (\u00a9 Ramiro Sosa)\" data-rel=\"lightbox-gallery-2\"><img loading=\"lazy\" decoding=\"async\" width=\"150\" height=\"150\" src=\"https:\/\/www.arquimaster.com.ar\/web\/wp-content\/uploads\/2022\/06\/el_granero40-150x150.jpg\" class=\"attachment-thumbnail size-thumbnail\" alt=\"El Granero, nave multiuso y sector recreativo \/ Arquitecta Mariel Su\u00e1rez\" aria-describedby=\"gallery-2-70607\" \/><\/a>\n\t\t\t<\/div>\n\t\t\t\t<figcaption class='wp-caption-text gallery-caption' id='gallery-2-70607'>\n\t\t\t\tEl Granero, nave multiuso y sector recreativo \/ Arquitecta Mariel Su\u00e1rez (\u00a9 Ramiro Sosa)\n\t\t\t\t<\/figcaption><\/figure><figure class='gallery-item'>\n\t\t\t<div class='gallery-icon landscape'>\n\t\t\t\t<a href='https:\/\/www.arquimaster.com.ar\/web\/wp-content\/uploads\/2022\/06\/el_granero41.jpg' title=\"El Granero, nave multiuso y sector recreativo \/ Arquitecta Mariel Su\u00e1rez (\u00a9 Ramiro Sosa)\" data-rl_title=\"El Granero, nave multiuso y sector recreativo \/ Arquitecta Mariel Su\u00e1rez (\u00a9 Ramiro Sosa)\" class=\"rl-gallery-link\" data-rl_caption=\"El Granero, nave multiuso y sector recreativo \/ Arquitecta Mariel Su\u00e1rez (\u00a9 Ramiro Sosa)\" data-rel=\"lightbox-gallery-2\"><img loading=\"lazy\" decoding=\"async\" width=\"150\" height=\"150\" src=\"https:\/\/www.arquimaster.com.ar\/web\/wp-content\/uploads\/2022\/06\/el_granero41-150x150.jpg\" class=\"attachment-thumbnail size-thumbnail\" alt=\"El Granero, nave multiuso y sector recreativo \/ Arquitecta Mariel Su\u00e1rez\" aria-describedby=\"gallery-2-70608\" \/><\/a>\n\t\t\t<\/div>\n\t\t\t\t<figcaption class='wp-caption-text gallery-caption' id='gallery-2-70608'>\n\t\t\t\tEl Granero, nave multiuso y sector recreativo \/ Arquitecta Mariel Su\u00e1rez (\u00a9 Ramiro Sosa)\n\t\t\t\t<\/figcaption><\/figure><figure class='gallery-item'>\n\t\t\t<div class='gallery-icon portrait'>\n\t\t\t\t<a href='https:\/\/www.arquimaster.com.ar\/web\/wp-content\/uploads\/2022\/06\/el_granero42.jpg' title=\"El Granero, nave multiuso y sector recreativo \/ Arquitecta Mariel Su\u00e1rez (\u00a9 Ramiro Sosa)\" data-rl_title=\"El Granero, nave multiuso y sector recreativo \/ Arquitecta Mariel Su\u00e1rez (\u00a9 Ramiro Sosa)\" class=\"rl-gallery-link\" data-rl_caption=\"El Granero, nave multiuso y sector recreativo \/ Arquitecta Mariel Su\u00e1rez (\u00a9 Ramiro Sosa)\" data-rel=\"lightbox-gallery-2\"><img loading=\"lazy\" decoding=\"async\" width=\"150\" height=\"150\" src=\"https:\/\/www.arquimaster.com.ar\/web\/wp-content\/uploads\/2022\/06\/el_granero42-150x150.jpg\" class=\"attachment-thumbnail size-thumbnail\" alt=\"El Granero, nave multiuso y sector recreativo \/ Arquitecta Mariel Su\u00e1rez\" aria-describedby=\"gallery-2-70609\" \/><\/a>\n\t\t\t<\/div>\n\t\t\t\t<figcaption class='wp-caption-text gallery-caption' id='gallery-2-70609'>\n\t\t\t\tEl Granero, nave multiuso y sector recreativo \/ Arquitecta Mariel Su\u00e1rez (\u00a9 Ramiro Sosa)\n\t\t\t\t<\/figcaption><\/figure><figure class='gallery-item'>\n\t\t\t<div class='gallery-icon portrait'>\n\t\t\t\t<a href='https:\/\/www.arquimaster.com.ar\/web\/wp-content\/uploads\/2022\/06\/el_granero43.jpg' title=\"El Granero, nave multiuso y sector recreativo \/ Arquitecta Mariel Su\u00e1rez (\u00a9 Ramiro Sosa)\" data-rl_title=\"El Granero, nave multiuso y sector recreativo \/ Arquitecta Mariel Su\u00e1rez (\u00a9 Ramiro Sosa)\" class=\"rl-gallery-link\" data-rl_caption=\"El Granero, nave multiuso y sector recreativo \/ Arquitecta Mariel Su\u00e1rez (\u00a9 Ramiro Sosa)\" data-rel=\"lightbox-gallery-2\"><img loading=\"lazy\" decoding=\"async\" width=\"150\" height=\"150\" src=\"https:\/\/www.arquimaster.com.ar\/web\/wp-content\/uploads\/2022\/06\/el_granero43-150x150.jpg\" class=\"attachment-thumbnail size-thumbnail\" alt=\"El Granero, nave multiuso y sector recreativo \/ Arquitecta Mariel Su\u00e1rez\" aria-describedby=\"gallery-2-70610\" \/><\/a>\n\t\t\t<\/div>\n\t\t\t\t<figcaption class='wp-caption-text gallery-caption' id='gallery-2-70610'>\n\t\t\t\tEl Granero, nave multiuso y sector recreativo \/ Arquitecta Mariel Su\u00e1rez (\u00a9 Ramiro Sosa)\n\t\t\t\t<\/figcaption><\/figure><figure class='gallery-item'>\n\t\t\t<div class='gallery-icon portrait'>\n\t\t\t\t<a href='https:\/\/www.arquimaster.com.ar\/web\/wp-content\/uploads\/2022\/06\/el_granero44.jpg' title=\"El Granero, nave multiuso y sector recreativo \/ Arquitecta Mariel Su\u00e1rez (\u00a9 Ramiro Sosa)\" data-rl_title=\"El Granero, nave multiuso y sector recreativo \/ Arquitecta Mariel Su\u00e1rez (\u00a9 Ramiro Sosa)\" class=\"rl-gallery-link\" data-rl_caption=\"El Granero, nave multiuso y sector recreativo \/ Arquitecta Mariel Su\u00e1rez (\u00a9 Ramiro Sosa)\" data-rel=\"lightbox-gallery-2\"><img loading=\"lazy\" decoding=\"async\" width=\"150\" height=\"150\" src=\"https:\/\/www.arquimaster.com.ar\/web\/wp-content\/uploads\/2022\/06\/el_granero44-150x150.jpg\" class=\"attachment-thumbnail size-thumbnail\" alt=\"El Granero, nave multiuso y sector recreativo \/ Arquitecta Mariel Su\u00e1rez\" aria-describedby=\"gallery-2-70611\" \/><\/a>\n\t\t\t<\/div>\n\t\t\t\t<figcaption class='wp-caption-text gallery-caption' id='gallery-2-70611'>\n\t\t\t\tEl Granero, nave multiuso y sector recreativo \/ Arquitecta Mariel Su\u00e1rez (\u00a9 Ramiro Sosa)\n\t\t\t\t<\/figcaption><\/figure><figure class='gallery-item'>\n\t\t\t<div class='gallery-icon portrait'>\n\t\t\t\t<a href='https:\/\/www.arquimaster.com.ar\/web\/wp-content\/uploads\/2022\/06\/el_granero45.jpg' title=\"El Granero, nave multiuso y sector recreativo \/ Arquitecta Mariel Su\u00e1rez (\u00a9 Ramiro Sosa)\" data-rl_title=\"El Granero, nave multiuso y sector recreativo \/ Arquitecta Mariel Su\u00e1rez (\u00a9 Ramiro Sosa)\" class=\"rl-gallery-link\" data-rl_caption=\"El Granero, nave multiuso y sector recreativo \/ Arquitecta Mariel Su\u00e1rez (\u00a9 Ramiro Sosa)\" data-rel=\"lightbox-gallery-2\"><img loading=\"lazy\" decoding=\"async\" width=\"150\" height=\"150\" src=\"https:\/\/www.arquimaster.com.ar\/web\/wp-content\/uploads\/2022\/06\/el_granero45-150x150.jpg\" class=\"attachment-thumbnail size-thumbnail\" alt=\"El Granero, nave multiuso y sector recreativo \/ Arquitecta Mariel Su\u00e1rez\" aria-describedby=\"gallery-2-70612\" \/><\/a>\n\t\t\t<\/div>\n\t\t\t\t<figcaption class='wp-caption-text gallery-caption' id='gallery-2-70612'>\n\t\t\t\tEl Granero, nave multiuso y sector recreativo \/ Arquitecta Mariel Su\u00e1rez (\u00a9 Ramiro Sosa)\n\t\t\t\t<\/figcaption><\/figure><figure class='gallery-item'>\n\t\t\t<div class='gallery-icon landscape'>\n\t\t\t\t<a href='https:\/\/www.arquimaster.com.ar\/web\/wp-content\/uploads\/2022\/06\/el_granero46.jpg' title=\"El Granero, nave multiuso y sector recreativo \/ Arquitecta Mariel Su\u00e1rez (\u00a9 Ramiro Sosa)\" data-rl_title=\"El Granero, nave multiuso y sector recreativo \/ Arquitecta Mariel Su\u00e1rez (\u00a9 Ramiro Sosa)\" class=\"rl-gallery-link\" data-rl_caption=\"El Granero, nave multiuso y sector recreativo \/ Arquitecta Mariel Su\u00e1rez (\u00a9 Ramiro Sosa)\" data-rel=\"lightbox-gallery-2\"><img loading=\"lazy\" decoding=\"async\" width=\"150\" height=\"150\" src=\"https:\/\/www.arquimaster.com.ar\/web\/wp-content\/uploads\/2022\/06\/el_granero46-150x150.jpg\" class=\"attachment-thumbnail size-thumbnail\" alt=\"El Granero, nave multiuso y sector recreativo \/ Arquitecta Mariel Su\u00e1rez\" aria-describedby=\"gallery-2-70613\" \/><\/a>\n\t\t\t<\/div>\n\t\t\t\t<figcaption class='wp-caption-text gallery-caption' id='gallery-2-70613'>\n\t\t\t\tEl Granero, nave multiuso y sector recreativo \/ Arquitecta Mariel Su\u00e1rez (\u00a9 Ramiro Sosa)\n\t\t\t\t<\/figcaption><\/figure><figure class='gallery-item'>\n\t\t\t<div class='gallery-icon landscape'>\n\t\t\t\t<a href='https:\/\/www.arquimaster.com.ar\/web\/wp-content\/uploads\/2022\/06\/el_granero47.jpg' title=\"El Granero, nave multiuso y sector recreativo \/ Arquitecta Mariel Su\u00e1rez (\u00a9 Ramiro Sosa)\" data-rl_title=\"El Granero, nave multiuso y sector recreativo \/ Arquitecta Mariel Su\u00e1rez (\u00a9 Ramiro Sosa)\" class=\"rl-gallery-link\" data-rl_caption=\"El Granero, nave multiuso y sector recreativo \/ Arquitecta Mariel Su\u00e1rez (\u00a9 Ramiro Sosa)\" data-rel=\"lightbox-gallery-2\"><img loading=\"lazy\" decoding=\"async\" width=\"150\" height=\"150\" src=\"https:\/\/www.arquimaster.com.ar\/web\/wp-content\/uploads\/2022\/06\/el_granero47-150x150.jpg\" class=\"attachment-thumbnail size-thumbnail\" alt=\"El Granero, nave multiuso y sector recreativo \/ Arquitecta Mariel Su\u00e1rez\" aria-describedby=\"gallery-2-70614\" \/><\/a>\n\t\t\t<\/div>\n\t\t\t\t<figcaption class='wp-caption-text gallery-caption' id='gallery-2-70614'>\n\t\t\t\tEl Granero, nave multiuso y sector recreativo \/ Arquitecta Mariel Su\u00e1rez (\u00a9 Ramiro Sosa)\n\t\t\t\t<\/figcaption><\/figure><figure class='gallery-item'>\n\t\t\t<div class='gallery-icon landscape'>\n\t\t\t\t<a href='https:\/\/www.arquimaster.com.ar\/web\/wp-content\/uploads\/2022\/06\/el_granero48.jpg' title=\"El Granero, nave multiuso y sector recreativo \/ Arquitecta Mariel Su\u00e1rez (\u00a9 Ramiro Sosa)\" data-rl_title=\"El Granero, nave multiuso y sector recreativo \/ Arquitecta Mariel Su\u00e1rez (\u00a9 Ramiro Sosa)\" class=\"rl-gallery-link\" data-rl_caption=\"El Granero, nave multiuso y sector recreativo \/ Arquitecta Mariel Su\u00e1rez (\u00a9 Ramiro Sosa)\" data-rel=\"lightbox-gallery-2\"><img loading=\"lazy\" decoding=\"async\" width=\"150\" height=\"150\" src=\"https:\/\/www.arquimaster.com.ar\/web\/wp-content\/uploads\/2022\/06\/el_granero48-150x150.jpg\" class=\"attachment-thumbnail size-thumbnail\" alt=\"El Granero, nave multiuso y sector recreativo \/ Arquitecta Mariel Su\u00e1rez\" aria-describedby=\"gallery-2-70615\" \/><\/a>\n\t\t\t<\/div>\n\t\t\t\t<figcaption class='wp-caption-text gallery-caption' id='gallery-2-70615'>\n\t\t\t\tEl Granero, nave multiuso y sector recreativo \/ Arquitecta Mariel Su\u00e1rez (\u00a9 Ramiro Sosa)\n\t\t\t\t<\/figcaption><\/figure><figure class='gallery-item'>\n\t\t\t<div class='gallery-icon landscape'>\n\t\t\t\t<a href='https:\/\/www.arquimaster.com.ar\/web\/wp-content\/uploads\/2022\/06\/el_granero49.jpg' title=\"El Granero, nave multiuso y sector recreativo \/ Arquitecta Mariel Su\u00e1rez (\u00a9 Ramiro Sosa)\" data-rl_title=\"El Granero, nave multiuso y sector recreativo \/ Arquitecta Mariel Su\u00e1rez (\u00a9 Ramiro Sosa)\" class=\"rl-gallery-link\" data-rl_caption=\"El Granero, nave multiuso y sector recreativo \/ Arquitecta Mariel Su\u00e1rez (\u00a9 Ramiro Sosa)\" data-rel=\"lightbox-gallery-2\"><img loading=\"lazy\" decoding=\"async\" width=\"150\" height=\"150\" src=\"https:\/\/www.arquimaster.com.ar\/web\/wp-content\/uploads\/2022\/06\/el_granero49-150x150.jpg\" class=\"attachment-thumbnail size-thumbnail\" alt=\"El Granero, nave multiuso y sector recreativo \/ Arquitecta Mariel Su\u00e1rez\" aria-describedby=\"gallery-2-70616\" \/><\/a>\n\t\t\t<\/div>\n\t\t\t\t<figcaption class='wp-caption-text gallery-caption' id='gallery-2-70616'>\n\t\t\t\tEl Granero, nave multiuso y sector recreativo \/ Arquitecta Mariel Su\u00e1rez (\u00a9 Ramiro Sosa)\n\t\t\t\t<\/figcaption><\/figure><figure class='gallery-item'>\n\t\t\t<div class='gallery-icon landscape'>\n\t\t\t\t<a href='https:\/\/www.arquimaster.com.ar\/web\/wp-content\/uploads\/2022\/06\/el_granero50.jpg' title=\"El Granero, nave multiuso y sector recreativo \/ Arquitecta Mariel Su\u00e1rez (\u00a9 Ramiro Sosa)\" data-rl_title=\"El Granero, nave multiuso y sector recreativo \/ Arquitecta Mariel Su\u00e1rez (\u00a9 Ramiro Sosa)\" class=\"rl-gallery-link\" data-rl_caption=\"El Granero, nave multiuso y sector recreativo \/ Arquitecta Mariel Su\u00e1rez (\u00a9 Ramiro Sosa)\" data-rel=\"lightbox-gallery-2\"><img loading=\"lazy\" decoding=\"async\" width=\"150\" height=\"150\" src=\"https:\/\/www.arquimaster.com.ar\/web\/wp-content\/uploads\/2022\/06\/el_granero50-150x150.jpg\" class=\"attachment-thumbnail size-thumbnail\" alt=\"El Granero, nave multiuso y sector recreativo \/ Arquitecta Mariel Su\u00e1rez\" aria-describedby=\"gallery-2-70617\" \/><\/a>\n\t\t\t<\/div>\n\t\t\t\t<figcaption class='wp-caption-text gallery-caption' id='gallery-2-70617'>\n\t\t\t\tEl Granero, nave multiuso y sector recreativo \/ Arquitecta Mariel Su\u00e1rez (\u00a9 Ramiro Sosa)\n\t\t\t\t<\/figcaption><\/figure><figure class='gallery-item'>\n\t\t\t<div class='gallery-icon landscape'>\n\t\t\t\t<a href='https:\/\/www.arquimaster.com.ar\/web\/wp-content\/uploads\/2022\/06\/el_granero51.jpg' title=\"El Granero, nave multiuso y sector recreativo \/ Arquitecta Mariel Su\u00e1rez (\u00a9 Ramiro Sosa)\" data-rl_title=\"El Granero, nave multiuso y sector recreativo \/ Arquitecta Mariel Su\u00e1rez (\u00a9 Ramiro Sosa)\" class=\"rl-gallery-link\" data-rl_caption=\"El Granero, nave multiuso y sector recreativo \/ Arquitecta Mariel Su\u00e1rez (\u00a9 Ramiro Sosa)\" data-rel=\"lightbox-gallery-2\"><img loading=\"lazy\" decoding=\"async\" width=\"150\" height=\"150\" src=\"https:\/\/www.arquimaster.com.ar\/web\/wp-content\/uploads\/2022\/06\/el_granero51-150x150.jpg\" class=\"attachment-thumbnail size-thumbnail\" alt=\"El Granero, nave multiuso y sector recreativo \/ Arquitecta Mariel Su\u00e1rez\" aria-describedby=\"gallery-2-70618\" \/><\/a>\n\t\t\t<\/div>\n\t\t\t\t<figcaption class='wp-caption-text gallery-caption' id='gallery-2-70618'>\n\t\t\t\tEl Granero, nave multiuso y sector recreativo \/ Arquitecta Mariel Su\u00e1rez (\u00a9 Ramiro Sosa)\n\t\t\t\t<\/figcaption><\/figure><figure class='gallery-item'>\n\t\t\t<div class='gallery-icon landscape'>\n\t\t\t\t<a href='https:\/\/www.arquimaster.com.ar\/web\/wp-content\/uploads\/2022\/06\/el_granero52.jpg' title=\"El Granero, nave multiuso y sector recreativo \/ Arquitecta Mariel Su\u00e1rez (\u00a9 Ramiro Sosa)\" data-rl_title=\"El Granero, nave multiuso y sector recreativo \/ Arquitecta Mariel Su\u00e1rez (\u00a9 Ramiro Sosa)\" class=\"rl-gallery-link\" data-rl_caption=\"El Granero, nave multiuso y sector recreativo \/ Arquitecta Mariel Su\u00e1rez (\u00a9 Ramiro Sosa)\" data-rel=\"lightbox-gallery-2\"><img loading=\"lazy\" decoding=\"async\" width=\"150\" height=\"150\" src=\"https:\/\/www.arquimaster.com.ar\/web\/wp-content\/uploads\/2022\/06\/el_granero52-150x150.jpg\" class=\"attachment-thumbnail size-thumbnail\" alt=\"El Granero, nave multiuso y sector recreativo \/ Arquitecta Mariel Su\u00e1rez\" aria-describedby=\"gallery-2-70619\" \/><\/a>\n\t\t\t<\/div>\n\t\t\t\t<figcaption class='wp-caption-text gallery-caption' id='gallery-2-70619'>\n\t\t\t\tEl Granero, nave multiuso y sector recreativo \/ Arquitecta Mariel Su\u00e1rez (\u00a9 Ramiro Sosa)\n\t\t\t\t<\/figcaption><\/figure><figure class='gallery-item'>\n\t\t\t<div class='gallery-icon landscape'>\n\t\t\t\t<a href='https:\/\/www.arquimaster.com.ar\/web\/wp-content\/uploads\/2022\/06\/el_granero53.jpg' title=\"El Granero, nave multiuso y sector recreativo \/ Arquitecta Mariel Su\u00e1rez (\u00a9 Ramiro Sosa)\" data-rl_title=\"El Granero, nave multiuso y sector recreativo \/ Arquitecta Mariel Su\u00e1rez (\u00a9 Ramiro Sosa)\" class=\"rl-gallery-link\" data-rl_caption=\"El Granero, nave multiuso y sector recreativo \/ Arquitecta Mariel Su\u00e1rez (\u00a9 Ramiro Sosa)\" data-rel=\"lightbox-gallery-2\"><img loading=\"lazy\" decoding=\"async\" width=\"150\" height=\"150\" src=\"https:\/\/www.arquimaster.com.ar\/web\/wp-content\/uploads\/2022\/06\/el_granero53-150x150.jpg\" class=\"attachment-thumbnail size-thumbnail\" alt=\"El Granero, nave multiuso y sector recreativo \/ Arquitecta Mariel Su\u00e1rez\" aria-describedby=\"gallery-2-70620\" \/><\/a>\n\t\t\t<\/div>\n\t\t\t\t<figcaption class='wp-caption-text gallery-caption' id='gallery-2-70620'>\n\t\t\t\tEl Granero, nave multiuso y sector recreativo \/ Arquitecta Mariel Su\u00e1rez (\u00a9 Ramiro Sosa)\n\t\t\t\t<\/figcaption><\/figure><figure class='gallery-item'>\n\t\t\t<div class='gallery-icon landscape'>\n\t\t\t\t<a href='https:\/\/www.arquimaster.com.ar\/web\/wp-content\/uploads\/2022\/06\/el_granero54.jpg' title=\"El Granero, nave multiuso y sector recreativo \/ Arquitecta Mariel Su\u00e1rez (\u00a9 Ramiro Sosa)\" data-rl_title=\"El Granero, nave multiuso y sector recreativo \/ Arquitecta Mariel Su\u00e1rez (\u00a9 Ramiro Sosa)\" class=\"rl-gallery-link\" data-rl_caption=\"El Granero, nave multiuso y sector recreativo \/ Arquitecta Mariel Su\u00e1rez (\u00a9 Ramiro Sosa)\" data-rel=\"lightbox-gallery-2\"><img loading=\"lazy\" decoding=\"async\" width=\"150\" height=\"150\" src=\"https:\/\/www.arquimaster.com.ar\/web\/wp-content\/uploads\/2022\/06\/el_granero54-150x150.jpg\" class=\"attachment-thumbnail size-thumbnail\" alt=\"El Granero, nave multiuso y sector recreativo \/ Arquitecta Mariel Su\u00e1rez\" aria-describedby=\"gallery-2-70621\" \/><\/a>\n\t\t\t<\/div>\n\t\t\t\t<figcaption class='wp-caption-text gallery-caption' id='gallery-2-70621'>\n\t\t\t\tEl Granero, nave multiuso y sector recreativo \/ Arquitecta Mariel Su\u00e1rez (\u00a9 Ramiro Sosa)\n\t\t\t\t<\/figcaption><\/figure><figure class='gallery-item'>\n\t\t\t<div class='gallery-icon landscape'>\n\t\t\t\t<a href='https:\/\/www.arquimaster.com.ar\/web\/wp-content\/uploads\/2022\/06\/el_granero55.jpg' title=\"El Granero, nave multiuso y sector recreativo \/ Arquitecta Mariel Su\u00e1rez (\u00a9 Ramiro Sosa)\" data-rl_title=\"El Granero, nave multiuso y sector recreativo \/ Arquitecta Mariel Su\u00e1rez (\u00a9 Ramiro Sosa)\" class=\"rl-gallery-link\" data-rl_caption=\"El Granero, nave multiuso y sector recreativo \/ Arquitecta Mariel Su\u00e1rez (\u00a9 Ramiro Sosa)\" data-rel=\"lightbox-gallery-2\"><img loading=\"lazy\" decoding=\"async\" width=\"150\" height=\"150\" src=\"https:\/\/www.arquimaster.com.ar\/web\/wp-content\/uploads\/2022\/06\/el_granero55-150x150.jpg\" class=\"attachment-thumbnail size-thumbnail\" alt=\"El Granero, nave multiuso y sector recreativo \/ Arquitecta Mariel Su\u00e1rez\" aria-describedby=\"gallery-2-70622\" \/><\/a>\n\t\t\t<\/div>\n\t\t\t\t<figcaption class='wp-caption-text gallery-caption' id='gallery-2-70622'>\n\t\t\t\tEl Granero, nave multiuso y sector recreativo \/ Arquitecta Mariel Su\u00e1rez (\u00a9 Ramiro Sosa)\n\t\t\t\t<\/figcaption><\/figure><figure class='gallery-item'>\n\t\t\t<div class='gallery-icon landscape'>\n\t\t\t\t<a href='https:\/\/www.arquimaster.com.ar\/web\/wp-content\/uploads\/2022\/06\/el_granero56.jpg' title=\"El Granero, nave multiuso y sector recreativo \/ Arquitecta Mariel Su\u00e1rez (\u00a9 Ramiro Sosa)\" data-rl_title=\"El Granero, nave multiuso y sector recreativo \/ Arquitecta Mariel Su\u00e1rez (\u00a9 Ramiro Sosa)\" class=\"rl-gallery-link\" data-rl_caption=\"El Granero, nave multiuso y sector recreativo \/ Arquitecta Mariel Su\u00e1rez (\u00a9 Ramiro Sosa)\" data-rel=\"lightbox-gallery-2\"><img loading=\"lazy\" decoding=\"async\" width=\"150\" height=\"150\" src=\"https:\/\/www.arquimaster.com.ar\/web\/wp-content\/uploads\/2022\/06\/el_granero56-150x150.jpg\" class=\"attachment-thumbnail size-thumbnail\" alt=\"El Granero, nave multiuso y sector recreativo \/ Arquitecta Mariel Su\u00e1rez\" aria-describedby=\"gallery-2-70623\" \/><\/a>\n\t\t\t<\/div>\n\t\t\t\t<figcaption class='wp-caption-text gallery-caption' id='gallery-2-70623'>\n\t\t\t\tEl Granero, nave multiuso y sector recreativo \/ Arquitecta Mariel Su\u00e1rez (\u00a9 Ramiro Sosa)\n\t\t\t\t<\/figcaption><\/figure><figure class='gallery-item'>\n\t\t\t<div class='gallery-icon landscape'>\n\t\t\t\t<a href='https:\/\/www.arquimaster.com.ar\/web\/wp-content\/uploads\/2022\/06\/el_granero57.jpg' title=\"El Granero, nave multiuso y sector recreativo \/ Arquitecta Mariel Su\u00e1rez (\u00a9 Ramiro Sosa)\" data-rl_title=\"El Granero, nave multiuso y sector recreativo \/ Arquitecta Mariel Su\u00e1rez (\u00a9 Ramiro Sosa)\" class=\"rl-gallery-link\" data-rl_caption=\"El Granero, nave multiuso y sector recreativo \/ Arquitecta Mariel Su\u00e1rez (\u00a9 Ramiro Sosa)\" data-rel=\"lightbox-gallery-2\"><img loading=\"lazy\" decoding=\"async\" width=\"150\" height=\"150\" src=\"https:\/\/www.arquimaster.com.ar\/web\/wp-content\/uploads\/2022\/06\/el_granero57-150x150.jpg\" class=\"attachment-thumbnail size-thumbnail\" alt=\"El Granero, nave multiuso y sector recreativo \/ Arquitecta Mariel Su\u00e1rez\" aria-describedby=\"gallery-2-70624\" \/><\/a>\n\t\t\t<\/div>\n\t\t\t\t<figcaption class='wp-caption-text gallery-caption' id='gallery-2-70624'>\n\t\t\t\tEl Granero, nave multiuso y sector recreativo \/ Arquitecta Mariel Su\u00e1rez (\u00a9 Ramiro Sosa)\n\t\t\t\t<\/figcaption><\/figure><figure class='gallery-item'>\n\t\t\t<div class='gallery-icon portrait'>\n\t\t\t\t<a href='https:\/\/www.arquimaster.com.ar\/web\/wp-content\/uploads\/2022\/06\/el_granero58.jpg' title=\"El Granero, nave multiuso y sector recreativo \/ Arquitecta Mariel Su\u00e1rez (\u00a9 Ramiro Sosa)\" data-rl_title=\"El Granero, nave multiuso y sector recreativo \/ Arquitecta Mariel Su\u00e1rez (\u00a9 Ramiro Sosa)\" class=\"rl-gallery-link\" data-rl_caption=\"El Granero, nave multiuso y sector recreativo \/ Arquitecta Mariel Su\u00e1rez (\u00a9 Ramiro Sosa)\" data-rel=\"lightbox-gallery-2\"><img loading=\"lazy\" decoding=\"async\" width=\"150\" height=\"150\" src=\"https:\/\/www.arquimaster.com.ar\/web\/wp-content\/uploads\/2022\/06\/el_granero58-150x150.jpg\" class=\"attachment-thumbnail size-thumbnail\" alt=\"El Granero, nave multiuso y sector recreativo \/ Arquitecta Mariel Su\u00e1rez\" aria-describedby=\"gallery-2-70625\" \/><\/a>\n\t\t\t<\/div>\n\t\t\t\t<figcaption class='wp-caption-text gallery-caption' id='gallery-2-70625'>\n\t\t\t\tEl Granero, nave multiuso y sector recreativo \/ Arquitecta Mariel Su\u00e1rez (\u00a9 Ramiro Sosa)\n\t\t\t\t<\/figcaption><\/figure><figure class='gallery-item'>\n\t\t\t<div class='gallery-icon portrait'>\n\t\t\t\t<a href='https:\/\/www.arquimaster.com.ar\/web\/wp-content\/uploads\/2022\/06\/el_granero59.jpg' title=\"El Granero, nave multiuso y sector recreativo \/ Arquitecta Mariel Su\u00e1rez (\u00a9 Ramiro Sosa)\" data-rl_title=\"El Granero, nave multiuso y sector recreativo \/ Arquitecta Mariel Su\u00e1rez (\u00a9 Ramiro Sosa)\" class=\"rl-gallery-link\" data-rl_caption=\"El Granero, nave multiuso y sector recreativo \/ Arquitecta Mariel Su\u00e1rez (\u00a9 Ramiro Sosa)\" data-rel=\"lightbox-gallery-2\"><img loading=\"lazy\" decoding=\"async\" width=\"150\" height=\"150\" src=\"https:\/\/www.arquimaster.com.ar\/web\/wp-content\/uploads\/2022\/06\/el_granero59-150x150.jpg\" class=\"attachment-thumbnail size-thumbnail\" alt=\"El Granero, nave multiuso y sector recreativo \/ Arquitecta Mariel Su\u00e1rez\" aria-describedby=\"gallery-2-70626\" \/><\/a>\n\t\t\t<\/div>\n\t\t\t\t<figcaption class='wp-caption-text gallery-caption' id='gallery-2-70626'>\n\t\t\t\tEl Granero, nave multiuso y sector recreativo \/ Arquitecta Mariel Su\u00e1rez (\u00a9 Ramiro Sosa)\n\t\t\t\t<\/figcaption><\/figure><figure class='gallery-item'>\n\t\t\t<div class='gallery-icon portrait'>\n\t\t\t\t<a href='https:\/\/www.arquimaster.com.ar\/web\/wp-content\/uploads\/2022\/06\/el_granero60.jpg' title=\"El Granero, nave multiuso y sector recreativo \/ Arquitecta Mariel Su\u00e1rez (\u00a9 Ramiro Sosa)\" data-rl_title=\"El Granero, nave multiuso y sector recreativo \/ Arquitecta Mariel Su\u00e1rez (\u00a9 Ramiro Sosa)\" class=\"rl-gallery-link\" data-rl_caption=\"El Granero, nave multiuso y sector recreativo \/ Arquitecta Mariel Su\u00e1rez (\u00a9 Ramiro Sosa)\" data-rel=\"lightbox-gallery-2\"><img loading=\"lazy\" decoding=\"async\" width=\"150\" height=\"150\" src=\"https:\/\/www.arquimaster.com.ar\/web\/wp-content\/uploads\/2022\/06\/el_granero60-150x150.jpg\" class=\"attachment-thumbnail size-thumbnail\" alt=\"El Granero, nave multiuso y sector recreativo \/ Arquitecta Mariel Su\u00e1rez\" aria-describedby=\"gallery-2-70627\" \/><\/a>\n\t\t\t<\/div>\n\t\t\t\t<figcaption class='wp-caption-text gallery-caption' id='gallery-2-70627'>\n\t\t\t\tEl Granero, nave multiuso y sector recreativo \/ Arquitecta Mariel Su\u00e1rez (\u00a9 Ramiro Sosa)\n\t\t\t\t<\/figcaption><\/figure><figure class='gallery-item'>\n\t\t\t<div class='gallery-icon portrait'>\n\t\t\t\t<a href='https:\/\/www.arquimaster.com.ar\/web\/wp-content\/uploads\/2022\/06\/el_granero61.jpg' title=\"El Granero, nave multiuso y sector recreativo \/ Arquitecta Mariel Su\u00e1rez (\u00a9 Ramiro Sosa)\" data-rl_title=\"El Granero, nave multiuso y sector recreativo \/ Arquitecta Mariel Su\u00e1rez (\u00a9 Ramiro Sosa)\" class=\"rl-gallery-link\" data-rl_caption=\"El Granero, nave multiuso y sector recreativo \/ Arquitecta Mariel Su\u00e1rez (\u00a9 Ramiro Sosa)\" data-rel=\"lightbox-gallery-2\"><img loading=\"lazy\" decoding=\"async\" width=\"150\" height=\"150\" src=\"https:\/\/www.arquimaster.com.ar\/web\/wp-content\/uploads\/2022\/06\/el_granero61-150x150.jpg\" class=\"attachment-thumbnail size-thumbnail\" alt=\"El Granero, nave multiuso y sector recreativo \/ Arquitecta Mariel Su\u00e1rez\" aria-describedby=\"gallery-2-70628\" \/><\/a>\n\t\t\t<\/div>\n\t\t\t\t<figcaption class='wp-caption-text gallery-caption' id='gallery-2-70628'>\n\t\t\t\tEl Granero, nave multiuso y sector recreativo \/ Arquitecta Mariel Su\u00e1rez (\u00a9 Ramiro Sosa)\n\t\t\t\t<\/figcaption><\/figure><figure class='gallery-item'>\n\t\t\t<div class='gallery-icon landscape'>\n\t\t\t\t<a href='https:\/\/www.arquimaster.com.ar\/web\/wp-content\/uploads\/2022\/06\/el_granero62.jpg' title=\"El Granero, nave multiuso y sector recreativo \/ Arquitecta Mariel Su\u00e1rez (\u00a9 Ramiro Sosa)\" data-rl_title=\"El Granero, nave multiuso y sector recreativo \/ Arquitecta Mariel Su\u00e1rez (\u00a9 Ramiro Sosa)\" class=\"rl-gallery-link\" data-rl_caption=\"El Granero, nave multiuso y sector recreativo \/ Arquitecta Mariel Su\u00e1rez (\u00a9 Ramiro Sosa)\" data-rel=\"lightbox-gallery-2\"><img loading=\"lazy\" decoding=\"async\" width=\"150\" height=\"150\" src=\"https:\/\/www.arquimaster.com.ar\/web\/wp-content\/uploads\/2022\/06\/el_granero62-150x150.jpg\" class=\"attachment-thumbnail size-thumbnail\" alt=\"El Granero, nave multiuso y sector recreativo \/ Arquitecta Mariel Su\u00e1rez\" aria-describedby=\"gallery-2-70629\" \/><\/a>\n\t\t\t<\/div>\n\t\t\t\t<figcaption class='wp-caption-text gallery-caption' id='gallery-2-70629'>\n\t\t\t\tEl Granero, nave multiuso y sector recreativo \/ Arquitecta Mariel Su\u00e1rez (\u00a9 Ramiro Sosa)\n\t\t\t\t<\/figcaption><\/figure><figure class='gallery-item'>\n\t\t\t<div class='gallery-icon landscape'>\n\t\t\t\t<a href='https:\/\/www.arquimaster.com.ar\/web\/wp-content\/uploads\/2022\/06\/el_granero63.jpg' title=\"El Granero, nave multiuso y sector recreativo \/ Arquitecta Mariel Su\u00e1rez (\u00a9 Ramiro Sosa)\" data-rl_title=\"El Granero, nave multiuso y sector recreativo \/ Arquitecta Mariel Su\u00e1rez (\u00a9 Ramiro Sosa)\" class=\"rl-gallery-link\" data-rl_caption=\"El Granero, nave multiuso y sector recreativo \/ Arquitecta Mariel Su\u00e1rez (\u00a9 Ramiro Sosa)\" data-rel=\"lightbox-gallery-2\"><img loading=\"lazy\" decoding=\"async\" width=\"150\" height=\"150\" src=\"https:\/\/www.arquimaster.com.ar\/web\/wp-content\/uploads\/2022\/06\/el_granero63-150x150.jpg\" class=\"attachment-thumbnail size-thumbnail\" alt=\"El Granero, nave multiuso y sector recreativo \/ Arquitecta Mariel Su\u00e1rez\" aria-describedby=\"gallery-2-70630\" \/><\/a>\n\t\t\t<\/div>\n\t\t\t\t<figcaption class='wp-caption-text gallery-caption' id='gallery-2-70630'>\n\t\t\t\tEl Granero, nave multiuso y sector recreativo \/ Arquitecta Mariel Su\u00e1rez (\u00a9 Ramiro Sosa)\n\t\t\t\t<\/figcaption><\/figure><figure class='gallery-item'>\n\t\t\t<div class='gallery-icon landscape'>\n\t\t\t\t<a href='https:\/\/www.arquimaster.com.ar\/web\/wp-content\/uploads\/2022\/06\/el_granero64.jpg' title=\"El Granero, nave multiuso y sector recreativo \/ Arquitecta Mariel Su\u00e1rez (\u00a9 Ramiro Sosa)\" data-rl_title=\"El Granero, nave multiuso y sector recreativo \/ Arquitecta Mariel Su\u00e1rez (\u00a9 Ramiro Sosa)\" class=\"rl-gallery-link\" data-rl_caption=\"El Granero, nave multiuso y sector recreativo \/ Arquitecta Mariel Su\u00e1rez (\u00a9 Ramiro Sosa)\" data-rel=\"lightbox-gallery-2\"><img loading=\"lazy\" decoding=\"async\" width=\"150\" height=\"150\" src=\"https:\/\/www.arquimaster.com.ar\/web\/wp-content\/uploads\/2022\/06\/el_granero64-150x150.jpg\" class=\"attachment-thumbnail size-thumbnail\" alt=\"El Granero, nave multiuso y sector recreativo \/ Arquitecta Mariel Su\u00e1rez\" aria-describedby=\"gallery-2-70631\" \/><\/a>\n\t\t\t<\/div>\n\t\t\t\t<figcaption class='wp-caption-text gallery-caption' id='gallery-2-70631'>\n\t\t\t\tEl Granero, nave multiuso y sector recreativo \/ Arquitecta Mariel Su\u00e1rez (\u00a9 Ramiro Sosa)\n\t\t\t\t<\/figcaption><\/figure><figure class='gallery-item'>\n\t\t\t<div class='gallery-icon landscape'>\n\t\t\t\t<a href='https:\/\/www.arquimaster.com.ar\/web\/wp-content\/uploads\/2022\/06\/el_granero65.jpg' title=\"El Granero, nave multiuso y sector recreativo \/ Arquitecta Mariel Su\u00e1rez (\u00a9 Ramiro Sosa)\" data-rl_title=\"El Granero, nave multiuso y sector recreativo \/ Arquitecta Mariel Su\u00e1rez (\u00a9 Ramiro Sosa)\" class=\"rl-gallery-link\" data-rl_caption=\"El Granero, nave multiuso y sector recreativo \/ Arquitecta Mariel Su\u00e1rez (\u00a9 Ramiro Sosa)\" data-rel=\"lightbox-gallery-2\"><img loading=\"lazy\" decoding=\"async\" width=\"150\" height=\"150\" src=\"https:\/\/www.arquimaster.com.ar\/web\/wp-content\/uploads\/2022\/06\/el_granero65-150x150.jpg\" class=\"attachment-thumbnail size-thumbnail\" alt=\"El Granero, nave multiuso y sector recreativo \/ Arquitecta Mariel Su\u00e1rez\" aria-describedby=\"gallery-2-70632\" srcset=\"https:\/\/www.arquimaster.com.ar\/web\/wp-content\/uploads\/2022\/06\/el_granero65-150x150.jpg 150w, https:\/\/www.arquimaster.com.ar\/web\/wp-content\/uploads\/2022\/06\/el_granero65-768x768.jpg 768w, https:\/\/www.arquimaster.com.ar\/web\/wp-content\/uploads\/2022\/06\/el_granero65.jpg 1500w\" sizes=\"auto, (max-width: 150px) 100vw, 150px\" \/><\/a>\n\t\t\t<\/div>\n\t\t\t\t<figcaption class='wp-caption-text gallery-caption' id='gallery-2-70632'>\n\t\t\t\tEl Granero, nave multiuso y sector recreativo \/ Arquitecta Mariel Su\u00e1rez (\u00a9 Ramiro Sosa)\n\t\t\t\t<\/figcaption><\/figure><figure class='gallery-item'>\n\t\t\t<div class='gallery-icon portrait'>\n\t\t\t\t<a href='https:\/\/www.arquimaster.com.ar\/web\/wp-content\/uploads\/2022\/06\/el_granero66.jpg' title=\"El Granero, nave multiuso y sector recreativo \/ Arquitecta Mariel Su\u00e1rez (\u00a9 Ramiro Sosa)\" data-rl_title=\"El Granero, nave multiuso y sector recreativo \/ Arquitecta Mariel Su\u00e1rez (\u00a9 Ramiro Sosa)\" class=\"rl-gallery-link\" data-rl_caption=\"El Granero, nave multiuso y sector recreativo \/ Arquitecta Mariel Su\u00e1rez (\u00a9 Ramiro Sosa)\" data-rel=\"lightbox-gallery-2\"><img loading=\"lazy\" decoding=\"async\" width=\"150\" height=\"150\" src=\"https:\/\/www.arquimaster.com.ar\/web\/wp-content\/uploads\/2022\/06\/el_granero66-150x150.jpg\" class=\"attachment-thumbnail size-thumbnail\" alt=\"El Granero, nave multiuso y sector recreativo \/ Arquitecta Mariel Su\u00e1rez\" aria-describedby=\"gallery-2-70633\" \/><\/a>\n\t\t\t<\/div>\n\t\t\t\t<figcaption class='wp-caption-text gallery-caption' id='gallery-2-70633'>\n\t\t\t\tEl Granero, nave multiuso y sector recreativo \/ Arquitecta Mariel Su\u00e1rez (\u00a9 Ramiro Sosa)\n\t\t\t\t<\/figcaption><\/figure><figure class='gallery-item'>\n\t\t\t<div class='gallery-icon portrait'>\n\t\t\t\t<a href='https:\/\/www.arquimaster.com.ar\/web\/wp-content\/uploads\/2022\/06\/el_granero67.jpg' title=\"El Granero, nave multiuso y sector recreativo \/ Arquitecta Mariel Su\u00e1rez (\u00a9 Ramiro Sosa)\" data-rl_title=\"El Granero, nave multiuso y sector recreativo \/ Arquitecta Mariel Su\u00e1rez (\u00a9 Ramiro Sosa)\" class=\"rl-gallery-link\" data-rl_caption=\"El Granero, nave multiuso y sector recreativo \/ Arquitecta Mariel Su\u00e1rez (\u00a9 Ramiro Sosa)\" data-rel=\"lightbox-gallery-2\"><img loading=\"lazy\" decoding=\"async\" width=\"150\" height=\"150\" src=\"https:\/\/www.arquimaster.com.ar\/web\/wp-content\/uploads\/2022\/06\/el_granero67-150x150.jpg\" class=\"attachment-thumbnail size-thumbnail\" alt=\"El Granero, nave multiuso y sector recreativo \/ Arquitecta Mariel Su\u00e1rez\" aria-describedby=\"gallery-2-70634\" \/><\/a>\n\t\t\t<\/div>\n\t\t\t\t<figcaption class='wp-caption-text gallery-caption' id='gallery-2-70634'>\n\t\t\t\tEl Granero, nave multiuso y sector recreativo \/ Arquitecta Mariel Su\u00e1rez (\u00a9 Ramiro Sosa)\n\t\t\t\t<\/figcaption><\/figure><figure class='gallery-item'>\n\t\t\t<div class='gallery-icon portrait'>\n\t\t\t\t<a href='https:\/\/www.arquimaster.com.ar\/web\/wp-content\/uploads\/2022\/06\/el_granero68.jpg' title=\"El Granero, nave multiuso y sector recreativo \/ Arquitecta Mariel Su\u00e1rez (\u00a9 Ramiro Sosa)\" data-rl_title=\"El Granero, nave multiuso y sector recreativo \/ Arquitecta Mariel Su\u00e1rez (\u00a9 Ramiro Sosa)\" class=\"rl-gallery-link\" data-rl_caption=\"El Granero, nave multiuso y sector recreativo \/ Arquitecta Mariel Su\u00e1rez (\u00a9 Ramiro Sosa)\" data-rel=\"lightbox-gallery-2\"><img loading=\"lazy\" decoding=\"async\" width=\"150\" height=\"150\" src=\"https:\/\/www.arquimaster.com.ar\/web\/wp-content\/uploads\/2022\/06\/el_granero68-150x150.jpg\" class=\"attachment-thumbnail size-thumbnail\" alt=\"El Granero, nave multiuso y sector recreativo \/ Arquitecta Mariel Su\u00e1rez\" aria-describedby=\"gallery-2-70635\" \/><\/a>\n\t\t\t<\/div>\n\t\t\t\t<figcaption class='wp-caption-text gallery-caption' id='gallery-2-70635'>\n\t\t\t\tEl Granero, nave multiuso y sector recreativo \/ Arquitecta Mariel Su\u00e1rez (\u00a9 Ramiro Sosa)\n\t\t\t\t<\/figcaption><\/figure><figure class='gallery-item'>\n\t\t\t<div class='gallery-icon portrait'>\n\t\t\t\t<a href='https:\/\/www.arquimaster.com.ar\/web\/wp-content\/uploads\/2022\/06\/el_granero69.jpg' title=\"El Granero, nave multiuso y sector recreativo \/ Arquitecta Mariel Su\u00e1rez (\u00a9 Ramiro Sosa)\" data-rl_title=\"El Granero, nave multiuso y sector recreativo \/ Arquitecta Mariel Su\u00e1rez (\u00a9 Ramiro Sosa)\" class=\"rl-gallery-link\" data-rl_caption=\"El Granero, nave multiuso y sector recreativo \/ Arquitecta Mariel Su\u00e1rez (\u00a9 Ramiro Sosa)\" data-rel=\"lightbox-gallery-2\"><img loading=\"lazy\" decoding=\"async\" width=\"150\" height=\"150\" src=\"https:\/\/www.arquimaster.com.ar\/web\/wp-content\/uploads\/2022\/06\/el_granero69-150x150.jpg\" class=\"attachment-thumbnail size-thumbnail\" alt=\"El Granero, nave multiuso y sector recreativo \/ Arquitecta Mariel Su\u00e1rez\" aria-describedby=\"gallery-2-70636\" \/><\/a>\n\t\t\t<\/div>\n\t\t\t\t<figcaption class='wp-caption-text gallery-caption' id='gallery-2-70636'>\n\t\t\t\tEl Granero, nave multiuso y sector recreativo \/ Arquitecta Mariel Su\u00e1rez (\u00a9 Ramiro Sosa)\n\t\t\t\t<\/figcaption><\/figure><figure class='gallery-item'>\n\t\t\t<div class='gallery-icon portrait'>\n\t\t\t\t<a href='https:\/\/www.arquimaster.com.ar\/web\/wp-content\/uploads\/2022\/06\/el_granero70.jpg' title=\"El Granero, nave multiuso y sector recreativo \/ Arquitecta Mariel Su\u00e1rez (\u00a9 Ramiro Sosa)\" data-rl_title=\"El Granero, nave multiuso y sector recreativo \/ Arquitecta Mariel Su\u00e1rez (\u00a9 Ramiro Sosa)\" class=\"rl-gallery-link\" data-rl_caption=\"El Granero, nave multiuso y sector recreativo \/ Arquitecta Mariel Su\u00e1rez (\u00a9 Ramiro Sosa)\" data-rel=\"lightbox-gallery-2\"><img loading=\"lazy\" decoding=\"async\" width=\"150\" height=\"150\" src=\"https:\/\/www.arquimaster.com.ar\/web\/wp-content\/uploads\/2022\/06\/el_granero70-150x150.jpg\" class=\"attachment-thumbnail size-thumbnail\" alt=\"El Granero, nave multiuso y sector recreativo \/ Arquitecta Mariel Su\u00e1rez\" aria-describedby=\"gallery-2-70637\" \/><\/a>\n\t\t\t<\/div>\n\t\t\t\t<figcaption class='wp-caption-text gallery-caption' id='gallery-2-70637'>\n\t\t\t\tEl Granero, nave multiuso y sector recreativo \/ Arquitecta Mariel Su\u00e1rez (\u00a9 Ramiro Sosa)\n\t\t\t\t<\/figcaption><\/figure><figure class='gallery-item'>\n\t\t\t<div class='gallery-icon landscape'>\n\t\t\t\t<a href='https:\/\/www.arquimaster.com.ar\/web\/wp-content\/uploads\/2022\/06\/el_granero71.jpg' title=\"El Granero, nave multiuso y sector recreativo \/ Arquitecta Mariel Su\u00e1rez (\u00a9 Ramiro Sosa)\" data-rl_title=\"El Granero, nave multiuso y sector recreativo \/ Arquitecta Mariel Su\u00e1rez (\u00a9 Ramiro Sosa)\" class=\"rl-gallery-link\" data-rl_caption=\"El Granero, nave multiuso y sector recreativo \/ Arquitecta Mariel Su\u00e1rez (\u00a9 Ramiro Sosa)\" data-rel=\"lightbox-gallery-2\"><img loading=\"lazy\" decoding=\"async\" width=\"150\" height=\"150\" src=\"https:\/\/www.arquimaster.com.ar\/web\/wp-content\/uploads\/2022\/06\/el_granero71-150x150.jpg\" class=\"attachment-thumbnail size-thumbnail\" alt=\"El Granero, nave multiuso y sector recreativo \/ Arquitecta Mariel Su\u00e1rez\" aria-describedby=\"gallery-2-70638\" \/><\/a>\n\t\t\t<\/div>\n\t\t\t\t<figcaption class='wp-caption-text gallery-caption' id='gallery-2-70638'>\n\t\t\t\tEl Granero, nave multiuso y sector recreativo \/ Arquitecta Mariel Su\u00e1rez (\u00a9 Ramiro Sosa)\n\t\t\t\t<\/figcaption><\/figure><figure class='gallery-item'>\n\t\t\t<div class='gallery-icon landscape'>\n\t\t\t\t<a href='https:\/\/www.arquimaster.com.ar\/web\/wp-content\/uploads\/2022\/06\/el_granero72.jpg' title=\"El Granero, nave multiuso y sector recreativo \/ Arquitecta Mariel Su\u00e1rez (\u00a9 Ramiro Sosa)\" data-rl_title=\"El Granero, nave multiuso y sector recreativo \/ Arquitecta Mariel Su\u00e1rez (\u00a9 Ramiro Sosa)\" class=\"rl-gallery-link\" data-rl_caption=\"El Granero, nave multiuso y sector recreativo \/ Arquitecta Mariel Su\u00e1rez (\u00a9 Ramiro Sosa)\" data-rel=\"lightbox-gallery-2\"><img loading=\"lazy\" decoding=\"async\" width=\"150\" height=\"150\" src=\"https:\/\/www.arquimaster.com.ar\/web\/wp-content\/uploads\/2022\/06\/el_granero72-150x150.jpg\" class=\"attachment-thumbnail size-thumbnail\" alt=\"El Granero, nave multiuso y sector recreativo \/ Arquitecta Mariel Su\u00e1rez\" aria-describedby=\"gallery-2-70639\" \/><\/a>\n\t\t\t<\/div>\n\t\t\t\t<figcaption class='wp-caption-text gallery-caption' id='gallery-2-70639'>\n\t\t\t\tEl Granero, nave multiuso y sector recreativo \/ Arquitecta Mariel Su\u00e1rez (\u00a9 Ramiro Sosa)\n\t\t\t\t<\/figcaption><\/figure><figure class='gallery-item'>\n\t\t\t<div class='gallery-icon landscape'>\n\t\t\t\t<a href='https:\/\/www.arquimaster.com.ar\/web\/wp-content\/uploads\/2022\/06\/el_granero73.jpg' title=\"El Granero, nave multiuso y sector recreativo \/ Arquitecta Mariel Su\u00e1rez (\u00a9 Ramiro Sosa)\" data-rl_title=\"El Granero, nave multiuso y sector recreativo \/ Arquitecta Mariel Su\u00e1rez (\u00a9 Ramiro Sosa)\" class=\"rl-gallery-link\" data-rl_caption=\"El Granero, nave multiuso y sector recreativo \/ Arquitecta Mariel Su\u00e1rez (\u00a9 Ramiro Sosa)\" data-rel=\"lightbox-gallery-2\"><img loading=\"lazy\" decoding=\"async\" width=\"150\" height=\"150\" src=\"https:\/\/www.arquimaster.com.ar\/web\/wp-content\/uploads\/2022\/06\/el_granero73-150x150.jpg\" class=\"attachment-thumbnail size-thumbnail\" alt=\"El Granero, nave multiuso y sector recreativo \/ Arquitecta Mariel Su\u00e1rez\" aria-describedby=\"gallery-2-70640\" \/><\/a>\n\t\t\t<\/div>\n\t\t\t\t<figcaption class='wp-caption-text gallery-caption' id='gallery-2-70640'>\n\t\t\t\tEl Granero, nave multiuso y sector recreativo \/ Arquitecta Mariel Su\u00e1rez (\u00a9 Ramiro Sosa)\n\t\t\t\t<\/figcaption><\/figure><figure class='gallery-item'>\n\t\t\t<div class='gallery-icon landscape'>\n\t\t\t\t<a href='https:\/\/www.arquimaster.com.ar\/web\/wp-content\/uploads\/2022\/06\/el_granero74.jpg' title=\"El Granero, nave multiuso y sector recreativo \/ Arquitecta Mariel Su\u00e1rez (\u00a9 Ramiro Sosa)\" data-rl_title=\"El Granero, nave multiuso y sector recreativo \/ Arquitecta Mariel Su\u00e1rez (\u00a9 Ramiro Sosa)\" class=\"rl-gallery-link\" data-rl_caption=\"El Granero, nave multiuso y sector recreativo \/ Arquitecta Mariel Su\u00e1rez (\u00a9 Ramiro Sosa)\" data-rel=\"lightbox-gallery-2\"><img loading=\"lazy\" decoding=\"async\" width=\"150\" height=\"150\" src=\"https:\/\/www.arquimaster.com.ar\/web\/wp-content\/uploads\/2022\/06\/el_granero74-150x150.jpg\" class=\"attachment-thumbnail size-thumbnail\" alt=\"El Granero, nave multiuso y sector recreativo \/ Arquitecta Mariel Su\u00e1rez\" aria-describedby=\"gallery-2-70641\" \/><\/a>\n\t\t\t<\/div>\n\t\t\t\t<figcaption class='wp-caption-text gallery-caption' id='gallery-2-70641'>\n\t\t\t\tEl Granero, nave multiuso y sector recreativo \/ Arquitecta Mariel Su\u00e1rez (\u00a9 Ramiro Sosa)\n\t\t\t\t<\/figcaption><\/figure><figure class='gallery-item'>\n\t\t\t<div class='gallery-icon landscape'>\n\t\t\t\t<a href='https:\/\/www.arquimaster.com.ar\/web\/wp-content\/uploads\/2022\/06\/el_granero75.jpg' title=\"El Granero, nave multiuso y sector recreativo \/ Arquitecta Mariel Su\u00e1rez (\u00a9 Ramiro Sosa)\" data-rl_title=\"El Granero, nave multiuso y sector recreativo \/ Arquitecta Mariel Su\u00e1rez (\u00a9 Ramiro Sosa)\" class=\"rl-gallery-link\" data-rl_caption=\"El Granero, nave multiuso y sector recreativo \/ Arquitecta Mariel Su\u00e1rez (\u00a9 Ramiro Sosa)\" data-rel=\"lightbox-gallery-2\"><img loading=\"lazy\" decoding=\"async\" width=\"150\" height=\"150\" src=\"https:\/\/www.arquimaster.com.ar\/web\/wp-content\/uploads\/2022\/06\/el_granero75-150x150.jpg\" class=\"attachment-thumbnail size-thumbnail\" alt=\"El Granero, nave multiuso y sector recreativo \/ Arquitecta Mariel Su\u00e1rez\" aria-describedby=\"gallery-2-70642\" srcset=\"https:\/\/www.arquimaster.com.ar\/web\/wp-content\/uploads\/2022\/06\/el_granero75-150x150.jpg 150w, https:\/\/www.arquimaster.com.ar\/web\/wp-content\/uploads\/2022\/06\/el_granero75-768x768.jpg 768w, https:\/\/www.arquimaster.com.ar\/web\/wp-content\/uploads\/2022\/06\/el_granero75.jpg 1500w\" sizes=\"auto, (max-width: 150px) 100vw, 150px\" \/><\/a>\n\t\t\t<\/div>\n\t\t\t\t<figcaption class='wp-caption-text gallery-caption' id='gallery-2-70642'>\n\t\t\t\tEl Granero, nave multiuso y sector recreativo \/ Arquitecta Mariel Su\u00e1rez (\u00a9 Ramiro Sosa)\n\t\t\t\t<\/figcaption><\/figure><figure class='gallery-item'>\n\t\t\t<div class='gallery-icon portrait'>\n\t\t\t\t<a href='https:\/\/www.arquimaster.com.ar\/web\/wp-content\/uploads\/2022\/06\/el_granero76.jpg' title=\"El Granero, nave multiuso y sector recreativo \/ Arquitecta Mariel Su\u00e1rez (\u00a9 Ramiro Sosa)\" data-rl_title=\"El Granero, nave multiuso y sector recreativo \/ Arquitecta Mariel Su\u00e1rez (\u00a9 Ramiro Sosa)\" class=\"rl-gallery-link\" data-rl_caption=\"El Granero, nave multiuso y sector recreativo \/ Arquitecta Mariel Su\u00e1rez (\u00a9 Ramiro Sosa)\" data-rel=\"lightbox-gallery-2\"><img loading=\"lazy\" decoding=\"async\" width=\"150\" height=\"150\" src=\"https:\/\/www.arquimaster.com.ar\/web\/wp-content\/uploads\/2022\/06\/el_granero76-150x150.jpg\" class=\"attachment-thumbnail size-thumbnail\" alt=\"El Granero, nave multiuso y sector recreativo \/ Arquitecta Mariel Su\u00e1rez\" aria-describedby=\"gallery-2-70643\" \/><\/a>\n\t\t\t<\/div>\n\t\t\t\t<figcaption class='wp-caption-text gallery-caption' id='gallery-2-70643'>\n\t\t\t\tEl Granero, nave multiuso y sector recreativo \/ Arquitecta Mariel Su\u00e1rez (\u00a9 Ramiro Sosa)\n\t\t\t\t<\/figcaption><\/figure><figure class='gallery-item'>\n\t\t\t<div class='gallery-icon portrait'>\n\t\t\t\t<a href='https:\/\/www.arquimaster.com.ar\/web\/wp-content\/uploads\/2022\/06\/el_granero77.jpg' title=\"El Granero, nave multiuso y sector recreativo \/ Arquitecta Mariel Su\u00e1rez (\u00a9 Ramiro Sosa)\" data-rl_title=\"El Granero, nave multiuso y sector recreativo \/ Arquitecta Mariel Su\u00e1rez (\u00a9 Ramiro Sosa)\" class=\"rl-gallery-link\" data-rl_caption=\"El Granero, nave multiuso y sector recreativo \/ Arquitecta Mariel Su\u00e1rez (\u00a9 Ramiro Sosa)\" data-rel=\"lightbox-gallery-2\"><img loading=\"lazy\" decoding=\"async\" width=\"150\" height=\"150\" src=\"https:\/\/www.arquimaster.com.ar\/web\/wp-content\/uploads\/2022\/06\/el_granero77-150x150.jpg\" class=\"attachment-thumbnail size-thumbnail\" alt=\"El Granero, nave multiuso y sector recreativo \/ Arquitecta Mariel Su\u00e1rez\" aria-describedby=\"gallery-2-70644\" \/><\/a>\n\t\t\t<\/div>\n\t\t\t\t<figcaption class='wp-caption-text gallery-caption' id='gallery-2-70644'>\n\t\t\t\tEl Granero, nave multiuso y sector recreativo \/ Arquitecta Mariel Su\u00e1rez (\u00a9 Ramiro Sosa)\n\t\t\t\t<\/figcaption><\/figure><figure class='gallery-item'>\n\t\t\t<div class='gallery-icon portrait'>\n\t\t\t\t<a href='https:\/\/www.arquimaster.com.ar\/web\/wp-content\/uploads\/2022\/06\/el_granero78.jpg' title=\"El Granero, nave multiuso y sector recreativo \/ Arquitecta Mariel Su\u00e1rez (\u00a9 Ramiro Sosa)\" data-rl_title=\"El Granero, nave multiuso y sector recreativo \/ Arquitecta Mariel Su\u00e1rez (\u00a9 Ramiro Sosa)\" class=\"rl-gallery-link\" data-rl_caption=\"El Granero, nave multiuso y sector recreativo \/ Arquitecta Mariel Su\u00e1rez (\u00a9 Ramiro Sosa)\" data-rel=\"lightbox-gallery-2\"><img loading=\"lazy\" decoding=\"async\" width=\"150\" height=\"150\" src=\"https:\/\/www.arquimaster.com.ar\/web\/wp-content\/uploads\/2022\/06\/el_granero78-150x150.jpg\" class=\"attachment-thumbnail size-thumbnail\" alt=\"El Granero, nave multiuso y sector recreativo \/ Arquitecta Mariel Su\u00e1rez\" aria-describedby=\"gallery-2-70645\" \/><\/a>\n\t\t\t<\/div>\n\t\t\t\t<figcaption class='wp-caption-text gallery-caption' id='gallery-2-70645'>\n\t\t\t\tEl Granero, nave multiuso y sector recreativo \/ Arquitecta Mariel Su\u00e1rez (\u00a9 Ramiro Sosa)\n\t\t\t\t<\/figcaption><\/figure>\n\t\t<\/div>\n\n<p>Generamos un lucernario hacia el norte, en todo el largo de la nave, para iluminarla sin necesidad de abrir otras aberturas hacia la calle y de esta manera preservar la intimidad de las actividades interiores.<\/p>\n<p>Decidimos ubicar los n\u00facleos h\u00famedos en los extremos para facilitar la subdivisi\u00f3n de la nave. Durante la ejecuci\u00f3n se fueron definiendo los usos de los espacios: lavadero de autos, dep\u00f3sito, sector de servicio y gimnasio.<\/p>\n<p>Rematando el volumen hacia un extremo, dise\u00f1amos un espacio que aloja una oficina con un gran ventanal hacia el jard\u00edn.<\/p>\n<p>Proponemos una puerta de ingreso en cada extremo, para el sector de sector de servicio y para la oficina y sector recreativo. Se a\u00f1ade, en el lateral de la nave, un play\u00f3n de deportes y una cancha de tenis.<\/p>\n<div id='gallery-3' class='gallery galleryid-70566 gallery-columns-3 gallery-size-thumbnail'><figure class='gallery-item'>\n\t\t\t<div class='gallery-icon landscape'>\n\t\t\t\t<a href='https:\/\/www.arquimaster.com.ar\/web\/wp-content\/uploads\/2022\/06\/el_granero79.jpg' title=\"El Granero, nave multiuso y sector recreativo \/ Arquitecta Mariel Su\u00e1rez (\u00a9 Ramiro Sosa)\" data-rl_title=\"El Granero, nave multiuso y sector recreativo \/ Arquitecta Mariel Su\u00e1rez (\u00a9 Ramiro Sosa)\" class=\"rl-gallery-link\" data-rl_caption=\"El Granero, nave multiuso y sector recreativo \/ Arquitecta Mariel Su\u00e1rez (\u00a9 Ramiro Sosa)\" data-rel=\"lightbox-gallery-3\"><img loading=\"lazy\" decoding=\"async\" width=\"150\" height=\"150\" src=\"https:\/\/www.arquimaster.com.ar\/web\/wp-content\/uploads\/2022\/06\/el_granero79-150x150.jpg\" class=\"attachment-thumbnail size-thumbnail\" alt=\"El Granero, nave multiuso y sector recreativo \/ Arquitecta Mariel Su\u00e1rez\" aria-describedby=\"gallery-3-70646\" srcset=\"https:\/\/www.arquimaster.com.ar\/web\/wp-content\/uploads\/2022\/06\/el_granero79-150x150.jpg 150w, https:\/\/www.arquimaster.com.ar\/web\/wp-content\/uploads\/2022\/06\/el_granero79-768x768.jpg 768w, https:\/\/www.arquimaster.com.ar\/web\/wp-content\/uploads\/2022\/06\/el_granero79.jpg 1500w\" sizes=\"auto, (max-width: 150px) 100vw, 150px\" \/><\/a>\n\t\t\t<\/div>\n\t\t\t\t<figcaption class='wp-caption-text gallery-caption' id='gallery-3-70646'>\n\t\t\t\tEl Granero, nave multiuso y sector recreativo \/ Arquitecta Mariel Su\u00e1rez (\u00a9 Ramiro Sosa)\n\t\t\t\t<\/figcaption><\/figure><figure class='gallery-item'>\n\t\t\t<div class='gallery-icon landscape'>\n\t\t\t\t<a href='https:\/\/www.arquimaster.com.ar\/web\/wp-content\/uploads\/2022\/06\/el_granero80.jpg' title=\"El Granero, nave multiuso y sector recreativo \/ Arquitecta Mariel Su\u00e1rez (\u00a9 Ramiro Sosa)\" data-rl_title=\"El Granero, nave multiuso y sector recreativo \/ Arquitecta Mariel Su\u00e1rez (\u00a9 Ramiro Sosa)\" class=\"rl-gallery-link\" data-rl_caption=\"El Granero, nave multiuso y sector recreativo \/ Arquitecta Mariel Su\u00e1rez (\u00a9 Ramiro Sosa)\" data-rel=\"lightbox-gallery-3\"><img loading=\"lazy\" decoding=\"async\" width=\"150\" height=\"150\" src=\"https:\/\/www.arquimaster.com.ar\/web\/wp-content\/uploads\/2022\/06\/el_granero80-150x150.jpg\" class=\"attachment-thumbnail size-thumbnail\" alt=\"El Granero, nave multiuso y sector recreativo \/ Arquitecta Mariel Su\u00e1rez\" aria-describedby=\"gallery-3-70647\" \/><\/a>\n\t\t\t<\/div>\n\t\t\t\t<figcaption class='wp-caption-text gallery-caption' id='gallery-3-70647'>\n\t\t\t\tEl Granero, nave multiuso y sector recreativo \/ Arquitecta Mariel Su\u00e1rez (\u00a9 Ramiro Sosa)\n\t\t\t\t<\/figcaption><\/figure><figure class='gallery-item'>\n\t\t\t<div class='gallery-icon portrait'>\n\t\t\t\t<a href='https:\/\/www.arquimaster.com.ar\/web\/wp-content\/uploads\/2022\/06\/el_granero81.jpg' title=\"El Granero, nave multiuso y sector recreativo \/ Arquitecta Mariel Su\u00e1rez (\u00a9 Ramiro Sosa)\" data-rl_title=\"El Granero, nave multiuso y sector recreativo \/ Arquitecta Mariel Su\u00e1rez (\u00a9 Ramiro Sosa)\" class=\"rl-gallery-link\" data-rl_caption=\"El Granero, nave multiuso y sector recreativo \/ Arquitecta Mariel Su\u00e1rez (\u00a9 Ramiro Sosa)\" data-rel=\"lightbox-gallery-3\"><img loading=\"lazy\" decoding=\"async\" width=\"150\" height=\"150\" src=\"https:\/\/www.arquimaster.com.ar\/web\/wp-content\/uploads\/2022\/06\/el_granero81-150x150.jpg\" class=\"attachment-thumbnail size-thumbnail\" alt=\"El Granero, nave multiuso y sector recreativo \/ Arquitecta Mariel Su\u00e1rez\" aria-describedby=\"gallery-3-70648\" \/><\/a>\n\t\t\t<\/div>\n\t\t\t\t<figcaption class='wp-caption-text gallery-caption' id='gallery-3-70648'>\n\t\t\t\tEl Granero, nave multiuso y sector recreativo \/ Arquitecta Mariel Su\u00e1rez (\u00a9 Ramiro Sosa)\n\t\t\t\t<\/figcaption><\/figure><figure class='gallery-item'>\n\t\t\t<div class='gallery-icon portrait'>\n\t\t\t\t<a href='https:\/\/www.arquimaster.com.ar\/web\/wp-content\/uploads\/2022\/06\/el_granero82.jpg' title=\"El Granero, nave multiuso y sector recreativo \/ Arquitecta Mariel Su\u00e1rez (\u00a9 Ramiro Sosa)\" data-rl_title=\"El Granero, nave multiuso y sector recreativo \/ Arquitecta Mariel Su\u00e1rez (\u00a9 Ramiro Sosa)\" class=\"rl-gallery-link\" data-rl_caption=\"El Granero, nave multiuso y sector recreativo \/ Arquitecta Mariel Su\u00e1rez (\u00a9 Ramiro Sosa)\" data-rel=\"lightbox-gallery-3\"><img loading=\"lazy\" decoding=\"async\" width=\"150\" height=\"150\" src=\"https:\/\/www.arquimaster.com.ar\/web\/wp-content\/uploads\/2022\/06\/el_granero82-150x150.jpg\" class=\"attachment-thumbnail size-thumbnail\" alt=\"El Granero, nave multiuso y sector recreativo \/ Arquitecta Mariel Su\u00e1rez\" aria-describedby=\"gallery-3-70649\" \/><\/a>\n\t\t\t<\/div>\n\t\t\t\t<figcaption class='wp-caption-text gallery-caption' id='gallery-3-70649'>\n\t\t\t\tEl Granero, nave multiuso y sector recreativo \/ Arquitecta Mariel Su\u00e1rez (\u00a9 Ramiro Sosa)\n\t\t\t\t<\/figcaption><\/figure><figure class='gallery-item'>\n\t\t\t<div class='gallery-icon portrait'>\n\t\t\t\t<a href='https:\/\/www.arquimaster.com.ar\/web\/wp-content\/uploads\/2022\/06\/el_granero83.jpg' title=\"El Granero, nave multiuso y sector recreativo \/ Arquitecta Mariel Su\u00e1rez (\u00a9 Ramiro Sosa)\" data-rl_title=\"El Granero, nave multiuso y sector recreativo \/ Arquitecta Mariel Su\u00e1rez (\u00a9 Ramiro Sosa)\" class=\"rl-gallery-link\" data-rl_caption=\"El Granero, nave multiuso y sector recreativo \/ Arquitecta Mariel Su\u00e1rez (\u00a9 Ramiro Sosa)\" data-rel=\"lightbox-gallery-3\"><img loading=\"lazy\" decoding=\"async\" width=\"150\" height=\"150\" src=\"https:\/\/www.arquimaster.com.ar\/web\/wp-content\/uploads\/2022\/06\/el_granero83-150x150.jpg\" class=\"attachment-thumbnail size-thumbnail\" alt=\"El Granero, nave multiuso y sector recreativo \/ Arquitecta Mariel Su\u00e1rez\" aria-describedby=\"gallery-3-70650\" \/><\/a>\n\t\t\t<\/div>\n\t\t\t\t<figcaption class='wp-caption-text gallery-caption' id='gallery-3-70650'>\n\t\t\t\tEl Granero, nave multiuso y sector recreativo \/ Arquitecta Mariel Su\u00e1rez (\u00a9 Ramiro Sosa)\n\t\t\t\t<\/figcaption><\/figure><figure class='gallery-item'>\n\t\t\t<div class='gallery-icon landscape'>\n\t\t\t\t<a href='https:\/\/www.arquimaster.com.ar\/web\/wp-content\/uploads\/2022\/06\/el_granero84.jpg' title=\"El Granero, nave multiuso y sector recreativo \/ Arquitecta Mariel Su\u00e1rez (\u00a9 Ramiro Sosa)\" data-rl_title=\"El Granero, nave multiuso y sector recreativo \/ Arquitecta Mariel Su\u00e1rez (\u00a9 Ramiro Sosa)\" class=\"rl-gallery-link\" data-rl_caption=\"El Granero, nave multiuso y sector recreativo \/ Arquitecta Mariel Su\u00e1rez (\u00a9 Ramiro Sosa)\" data-rel=\"lightbox-gallery-3\"><img loading=\"lazy\" decoding=\"async\" width=\"150\" height=\"150\" src=\"https:\/\/www.arquimaster.com.ar\/web\/wp-content\/uploads\/2022\/06\/el_granero84-150x150.jpg\" class=\"attachment-thumbnail size-thumbnail\" alt=\"El Granero, nave multiuso y sector recreativo \/ Arquitecta Mariel Su\u00e1rez\" aria-describedby=\"gallery-3-70651\" srcset=\"https:\/\/www.arquimaster.com.ar\/web\/wp-content\/uploads\/2022\/06\/el_granero84-150x150.jpg 150w, https:\/\/www.arquimaster.com.ar\/web\/wp-content\/uploads\/2022\/06\/el_granero84-768x768.jpg 768w, https:\/\/www.arquimaster.com.ar\/web\/wp-content\/uploads\/2022\/06\/el_granero84.jpg 1500w\" sizes=\"auto, (max-width: 150px) 100vw, 150px\" \/><\/a>\n\t\t\t<\/div>\n\t\t\t\t<figcaption class='wp-caption-text gallery-caption' id='gallery-3-70651'>\n\t\t\t\tEl Granero, nave multiuso y sector recreativo \/ Arquitecta Mariel Su\u00e1rez (\u00a9 Ramiro Sosa)\n\t\t\t\t<\/figcaption><\/figure><figure class='gallery-item'>\n\t\t\t<div class='gallery-icon landscape'>\n\t\t\t\t<a href='https:\/\/www.arquimaster.com.ar\/web\/wp-content\/uploads\/2022\/06\/el_granero85.jpg' title=\"El Granero, nave multiuso y sector recreativo \/ Arquitecta Mariel Su\u00e1rez (\u00a9 Ramiro Sosa)\" data-rl_title=\"El Granero, nave multiuso y sector recreativo \/ Arquitecta Mariel Su\u00e1rez (\u00a9 Ramiro Sosa)\" class=\"rl-gallery-link\" data-rl_caption=\"El Granero, nave multiuso y sector recreativo \/ Arquitecta Mariel Su\u00e1rez (\u00a9 Ramiro Sosa)\" data-rel=\"lightbox-gallery-3\"><img loading=\"lazy\" decoding=\"async\" width=\"150\" height=\"150\" src=\"https:\/\/www.arquimaster.com.ar\/web\/wp-content\/uploads\/2022\/06\/el_granero85-150x150.jpg\" class=\"attachment-thumbnail size-thumbnail\" alt=\"El Granero, nave multiuso y sector recreativo \/ Arquitecta Mariel Su\u00e1rez\" aria-describedby=\"gallery-3-70652\" srcset=\"https:\/\/www.arquimaster.com.ar\/web\/wp-content\/uploads\/2022\/06\/el_granero85-150x150.jpg 150w, https:\/\/www.arquimaster.com.ar\/web\/wp-content\/uploads\/2022\/06\/el_granero85-768x768.jpg 768w, https:\/\/www.arquimaster.com.ar\/web\/wp-content\/uploads\/2022\/06\/el_granero85.jpg 1500w\" sizes=\"auto, (max-width: 150px) 100vw, 150px\" \/><\/a>\n\t\t\t<\/div>\n\t\t\t\t<figcaption class='wp-caption-text gallery-caption' id='gallery-3-70652'>\n\t\t\t\tEl Granero, nave multiuso y sector recreativo \/ Arquitecta Mariel Su\u00e1rez (\u00a9 Ramiro Sosa)\n\t\t\t\t<\/figcaption><\/figure><figure class='gallery-item'>\n\t\t\t<div class='gallery-icon landscape'>\n\t\t\t\t<a href='https:\/\/www.arquimaster.com.ar\/web\/wp-content\/uploads\/2022\/06\/el_granero86.jpg' title=\"El Granero, nave multiuso y sector recreativo \/ Arquitecta Mariel Su\u00e1rez (\u00a9 Ramiro Sosa)\" data-rl_title=\"El Granero, nave multiuso y sector recreativo \/ Arquitecta Mariel Su\u00e1rez (\u00a9 Ramiro Sosa)\" class=\"rl-gallery-link\" data-rl_caption=\"El Granero, nave multiuso y sector recreativo \/ Arquitecta Mariel Su\u00e1rez (\u00a9 Ramiro Sosa)\" data-rel=\"lightbox-gallery-3\"><img loading=\"lazy\" decoding=\"async\" width=\"150\" height=\"150\" src=\"https:\/\/www.arquimaster.com.ar\/web\/wp-content\/uploads\/2022\/06\/el_granero86-150x150.jpg\" class=\"attachment-thumbnail size-thumbnail\" alt=\"El Granero, nave multiuso y sector recreativo \/ Arquitecta Mariel Su\u00e1rez\" aria-describedby=\"gallery-3-70653\" \/><\/a>\n\t\t\t<\/div>\n\t\t\t\t<figcaption class='wp-caption-text gallery-caption' id='gallery-3-70653'>\n\t\t\t\tEl Granero, nave multiuso y sector recreativo \/ Arquitecta Mariel Su\u00e1rez (\u00a9 Ramiro Sosa)\n\t\t\t\t<\/figcaption><\/figure><figure class='gallery-item'>\n\t\t\t<div class='gallery-icon landscape'>\n\t\t\t\t<a href='https:\/\/www.arquimaster.com.ar\/web\/wp-content\/uploads\/2022\/06\/el_granero87.jpg' title=\"El Granero, nave multiuso y sector recreativo \/ Arquitecta Mariel Su\u00e1rez (\u00a9 Ramiro Sosa)\" data-rl_title=\"El Granero, nave multiuso y sector recreativo \/ Arquitecta Mariel Su\u00e1rez (\u00a9 Ramiro Sosa)\" class=\"rl-gallery-link\" data-rl_caption=\"El Granero, nave multiuso y sector recreativo \/ Arquitecta Mariel Su\u00e1rez (\u00a9 Ramiro Sosa)\" data-rel=\"lightbox-gallery-3\"><img loading=\"lazy\" decoding=\"async\" width=\"150\" height=\"150\" src=\"https:\/\/www.arquimaster.com.ar\/web\/wp-content\/uploads\/2022\/06\/el_granero87-150x150.jpg\" class=\"attachment-thumbnail size-thumbnail\" alt=\"El Granero, nave multiuso y sector recreativo \/ Arquitecta Mariel Su\u00e1rez\" aria-describedby=\"gallery-3-70654\" \/><\/a>\n\t\t\t<\/div>\n\t\t\t\t<figcaption class='wp-caption-text gallery-caption' id='gallery-3-70654'>\n\t\t\t\tEl Granero, nave multiuso y sector recreativo \/ Arquitecta Mariel Su\u00e1rez (\u00a9 Ramiro Sosa)\n\t\t\t\t<\/figcaption><\/figure><figure class='gallery-item'>\n\t\t\t<div class='gallery-icon landscape'>\n\t\t\t\t<a href='https:\/\/www.arquimaster.com.ar\/web\/wp-content\/uploads\/2022\/06\/el_granero88.jpg' title=\"El Granero, nave multiuso y sector recreativo \/ Arquitecta Mariel Su\u00e1rez (\u00a9 Ramiro Sosa)\" data-rl_title=\"El Granero, nave multiuso y sector recreativo \/ Arquitecta Mariel Su\u00e1rez (\u00a9 Ramiro Sosa)\" class=\"rl-gallery-link\" data-rl_caption=\"El Granero, nave multiuso y sector recreativo \/ Arquitecta Mariel Su\u00e1rez (\u00a9 Ramiro Sosa)\" data-rel=\"lightbox-gallery-3\"><img loading=\"lazy\" decoding=\"async\" width=\"150\" height=\"150\" src=\"https:\/\/www.arquimaster.com.ar\/web\/wp-content\/uploads\/2022\/06\/el_granero88-150x150.jpg\" class=\"attachment-thumbnail size-thumbnail\" alt=\"El Granero, nave multiuso y sector recreativo \/ Arquitecta Mariel Su\u00e1rez\" aria-describedby=\"gallery-3-70655\" \/><\/a>\n\t\t\t<\/div>\n\t\t\t\t<figcaption class='wp-caption-text gallery-caption' id='gallery-3-70655'>\n\t\t\t\tEl Granero, nave multiuso y sector recreativo \/ Arquitecta Mariel Su\u00e1rez (\u00a9 Ramiro Sosa)\n\t\t\t\t<\/figcaption><\/figure><figure class='gallery-item'>\n\t\t\t<div class='gallery-icon portrait'>\n\t\t\t\t<a href='https:\/\/www.arquimaster.com.ar\/web\/wp-content\/uploads\/2022\/06\/el_granero89.jpg' title=\"El Granero, nave multiuso y sector recreativo \/ Arquitecta Mariel Su\u00e1rez (\u00a9 Ramiro Sosa)\" data-rl_title=\"El Granero, nave multiuso y sector recreativo \/ Arquitecta Mariel Su\u00e1rez (\u00a9 Ramiro Sosa)\" class=\"rl-gallery-link\" data-rl_caption=\"El Granero, nave multiuso y sector recreativo \/ Arquitecta Mariel Su\u00e1rez (\u00a9 Ramiro Sosa)\" data-rel=\"lightbox-gallery-3\"><img loading=\"lazy\" decoding=\"async\" width=\"150\" height=\"150\" src=\"https:\/\/www.arquimaster.com.ar\/web\/wp-content\/uploads\/2022\/06\/el_granero89-150x150.jpg\" class=\"attachment-thumbnail size-thumbnail\" alt=\"El Granero, nave multiuso y sector recreativo \/ Arquitecta Mariel Su\u00e1rez\" aria-describedby=\"gallery-3-70656\" \/><\/a>\n\t\t\t<\/div>\n\t\t\t\t<figcaption class='wp-caption-text gallery-caption' id='gallery-3-70656'>\n\t\t\t\tEl Granero, nave multiuso y sector recreativo \/ Arquitecta Mariel Su\u00e1rez (\u00a9 Ramiro Sosa)\n\t\t\t\t<\/figcaption><\/figure><figure class='gallery-item'>\n\t\t\t<div class='gallery-icon portrait'>\n\t\t\t\t<a href='https:\/\/www.arquimaster.com.ar\/web\/wp-content\/uploads\/2022\/06\/el_granero90.jpg' title=\"El Granero, nave multiuso y sector recreativo \/ Arquitecta Mariel Su\u00e1rez (\u00a9 Ramiro Sosa)\" data-rl_title=\"El Granero, nave multiuso y sector recreativo \/ Arquitecta Mariel Su\u00e1rez (\u00a9 Ramiro Sosa)\" class=\"rl-gallery-link\" data-rl_caption=\"El Granero, nave multiuso y sector recreativo \/ Arquitecta Mariel Su\u00e1rez (\u00a9 Ramiro Sosa)\" data-rel=\"lightbox-gallery-3\"><img loading=\"lazy\" decoding=\"async\" width=\"150\" height=\"150\" src=\"https:\/\/www.arquimaster.com.ar\/web\/wp-content\/uploads\/2022\/06\/el_granero90-150x150.jpg\" class=\"attachment-thumbnail size-thumbnail\" alt=\"El Granero, nave multiuso y sector recreativo \/ Arquitecta Mariel Su\u00e1rez\" aria-describedby=\"gallery-3-70657\" \/><\/a>\n\t\t\t<\/div>\n\t\t\t\t<figcaption class='wp-caption-text gallery-caption' id='gallery-3-70657'>\n\t\t\t\tEl Granero, nave multiuso y sector recreativo \/ Arquitecta Mariel Su\u00e1rez (\u00a9 Ramiro Sosa)\n\t\t\t\t<\/figcaption><\/figure><figure class='gallery-item'>\n\t\t\t<div class='gallery-icon portrait'>\n\t\t\t\t<a href='https:\/\/www.arquimaster.com.ar\/web\/wp-content\/uploads\/2022\/06\/el_granero91.jpg' title=\"El Granero, nave multiuso y sector recreativo \/ Arquitecta Mariel Su\u00e1rez (\u00a9 Ramiro Sosa)\" data-rl_title=\"El Granero, nave multiuso y sector recreativo \/ Arquitecta Mariel Su\u00e1rez (\u00a9 Ramiro Sosa)\" class=\"rl-gallery-link\" data-rl_caption=\"El Granero, nave multiuso y sector recreativo \/ Arquitecta Mariel Su\u00e1rez (\u00a9 Ramiro Sosa)\" data-rel=\"lightbox-gallery-3\"><img loading=\"lazy\" decoding=\"async\" width=\"150\" height=\"150\" src=\"https:\/\/www.arquimaster.com.ar\/web\/wp-content\/uploads\/2022\/06\/el_granero91-150x150.jpg\" class=\"attachment-thumbnail size-thumbnail\" alt=\"El Granero, nave multiuso y sector recreativo \/ Arquitecta Mariel Su\u00e1rez\" aria-describedby=\"gallery-3-70658\" \/><\/a>\n\t\t\t<\/div>\n\t\t\t\t<figcaption class='wp-caption-text gallery-caption' id='gallery-3-70658'>\n\t\t\t\tEl Granero, nave multiuso y sector recreativo \/ Arquitecta Mariel Su\u00e1rez (\u00a9 Ramiro Sosa)\n\t\t\t\t<\/figcaption><\/figure><figure class='gallery-item'>\n\t\t\t<div class='gallery-icon landscape'>\n\t\t\t\t<a href='https:\/\/www.arquimaster.com.ar\/web\/wp-content\/uploads\/2022\/06\/el_granero92.jpg' title=\"El Granero, nave multiuso y sector recreativo \/ Arquitecta Mariel Su\u00e1rez (\u00a9 Ramiro Sosa)\" data-rl_title=\"El Granero, nave multiuso y sector recreativo \/ Arquitecta Mariel Su\u00e1rez (\u00a9 Ramiro Sosa)\" class=\"rl-gallery-link\" data-rl_caption=\"El Granero, nave multiuso y sector recreativo \/ Arquitecta Mariel Su\u00e1rez (\u00a9 Ramiro Sosa)\" data-rel=\"lightbox-gallery-3\"><img loading=\"lazy\" decoding=\"async\" width=\"150\" height=\"150\" src=\"https:\/\/www.arquimaster.com.ar\/web\/wp-content\/uploads\/2022\/06\/el_granero92-150x150.jpg\" class=\"attachment-thumbnail size-thumbnail\" alt=\"El Granero, nave multiuso y sector recreativo \/ Arquitecta Mariel Su\u00e1rez\" aria-describedby=\"gallery-3-70659\" srcset=\"https:\/\/www.arquimaster.com.ar\/web\/wp-content\/uploads\/2022\/06\/el_granero92-150x150.jpg 150w, https:\/\/www.arquimaster.com.ar\/web\/wp-content\/uploads\/2022\/06\/el_granero92-768x768.jpg 768w, https:\/\/www.arquimaster.com.ar\/web\/wp-content\/uploads\/2022\/06\/el_granero92.jpg 1500w\" sizes=\"auto, (max-width: 150px) 100vw, 150px\" \/><\/a>\n\t\t\t<\/div>\n\t\t\t\t<figcaption class='wp-caption-text gallery-caption' id='gallery-3-70659'>\n\t\t\t\tEl Granero, nave multiuso y sector recreativo \/ Arquitecta Mariel Su\u00e1rez (\u00a9 Ramiro Sosa)\n\t\t\t\t<\/figcaption><\/figure><figure class='gallery-item'>\n\t\t\t<div class='gallery-icon landscape'>\n\t\t\t\t<a href='https:\/\/www.arquimaster.com.ar\/web\/wp-content\/uploads\/2022\/06\/el_granero93.jpg' title=\"El Granero, nave multiuso y sector recreativo \/ Arquitecta Mariel Su\u00e1rez (\u00a9 Ramiro Sosa)\" data-rl_title=\"El Granero, nave multiuso y sector recreativo \/ Arquitecta Mariel Su\u00e1rez (\u00a9 Ramiro Sosa)\" class=\"rl-gallery-link\" data-rl_caption=\"El Granero, nave multiuso y sector recreativo \/ Arquitecta Mariel Su\u00e1rez (\u00a9 Ramiro Sosa)\" data-rel=\"lightbox-gallery-3\"><img loading=\"lazy\" decoding=\"async\" width=\"150\" height=\"150\" src=\"https:\/\/www.arquimaster.com.ar\/web\/wp-content\/uploads\/2022\/06\/el_granero93-150x150.jpg\" class=\"attachment-thumbnail size-thumbnail\" alt=\"El Granero, nave multiuso y sector recreativo \/ Arquitecta Mariel Su\u00e1rez\" aria-describedby=\"gallery-3-70660\" srcset=\"https:\/\/www.arquimaster.com.ar\/web\/wp-content\/uploads\/2022\/06\/el_granero93-150x150.jpg 150w, https:\/\/www.arquimaster.com.ar\/web\/wp-content\/uploads\/2022\/06\/el_granero93-768x768.jpg 768w, https:\/\/www.arquimaster.com.ar\/web\/wp-content\/uploads\/2022\/06\/el_granero93.jpg 1500w\" sizes=\"auto, (max-width: 150px) 100vw, 150px\" \/><\/a>\n\t\t\t<\/div>\n\t\t\t\t<figcaption class='wp-caption-text gallery-caption' id='gallery-3-70660'>\n\t\t\t\tEl Granero, nave multiuso y sector recreativo \/ Arquitecta Mariel Su\u00e1rez (\u00a9 Ramiro Sosa)\n\t\t\t\t<\/figcaption><\/figure><figure class='gallery-item'>\n\t\t\t<div class='gallery-icon portrait'>\n\t\t\t\t<a href='https:\/\/www.arquimaster.com.ar\/web\/wp-content\/uploads\/2022\/06\/el_granero94.jpg' title=\"El Granero, nave multiuso y sector recreativo \/ Arquitecta Mariel Su\u00e1rez (\u00a9 Ramiro Sosa)\" data-rl_title=\"El Granero, nave multiuso y sector recreativo \/ Arquitecta Mariel Su\u00e1rez (\u00a9 Ramiro Sosa)\" class=\"rl-gallery-link\" data-rl_caption=\"El Granero, nave multiuso y sector recreativo \/ Arquitecta Mariel Su\u00e1rez (\u00a9 Ramiro Sosa)\" data-rel=\"lightbox-gallery-3\"><img loading=\"lazy\" decoding=\"async\" width=\"150\" height=\"150\" src=\"https:\/\/www.arquimaster.com.ar\/web\/wp-content\/uploads\/2022\/06\/el_granero94-150x150.jpg\" class=\"attachment-thumbnail size-thumbnail\" alt=\"El Granero, nave multiuso y sector recreativo \/ Arquitecta Mariel Su\u00e1rez\" aria-describedby=\"gallery-3-70661\" \/><\/a>\n\t\t\t<\/div>\n\t\t\t\t<figcaption class='wp-caption-text gallery-caption' id='gallery-3-70661'>\n\t\t\t\tEl Granero, nave multiuso y sector recreativo \/ Arquitecta Mariel Su\u00e1rez (\u00a9 Ramiro Sosa)\n\t\t\t\t<\/figcaption><\/figure><figure class='gallery-item'>\n\t\t\t<div class='gallery-icon landscape'>\n\t\t\t\t<a href='https:\/\/www.arquimaster.com.ar\/web\/wp-content\/uploads\/2022\/06\/el_granero95.jpg' title=\"El Granero, nave multiuso y sector recreativo \/ Arquitecta Mariel Su\u00e1rez (\u00a9 Ramiro Sosa)\" data-rl_title=\"El Granero, nave multiuso y sector recreativo \/ Arquitecta Mariel Su\u00e1rez (\u00a9 Ramiro Sosa)\" class=\"rl-gallery-link\" data-rl_caption=\"El Granero, nave multiuso y sector recreativo \/ Arquitecta Mariel Su\u00e1rez (\u00a9 Ramiro Sosa)\" data-rel=\"lightbox-gallery-3\"><img loading=\"lazy\" decoding=\"async\" width=\"150\" height=\"150\" src=\"https:\/\/www.arquimaster.com.ar\/web\/wp-content\/uploads\/2022\/06\/el_granero95-150x150.jpg\" class=\"attachment-thumbnail size-thumbnail\" alt=\"El Granero, nave multiuso y sector recreativo \/ Arquitecta Mariel Su\u00e1rez\" aria-describedby=\"gallery-3-70662\" \/><\/a>\n\t\t\t<\/div>\n\t\t\t\t<figcaption class='wp-caption-text gallery-caption' id='gallery-3-70662'>\n\t\t\t\tEl Granero, nave multiuso y sector recreativo \/ Arquitecta Mariel Su\u00e1rez (\u00a9 Ramiro Sosa)\n\t\t\t\t<\/figcaption><\/figure><figure class='gallery-item'>\n\t\t\t<div class='gallery-icon landscape'>\n\t\t\t\t<a href='https:\/\/www.arquimaster.com.ar\/web\/wp-content\/uploads\/2022\/06\/el_granero96.jpg' title=\"El Granero, nave multiuso y sector recreativo \/ Arquitecta Mariel Su\u00e1rez (\u00a9 Ramiro Sosa)\" data-rl_title=\"El Granero, nave multiuso y sector recreativo \/ Arquitecta Mariel Su\u00e1rez (\u00a9 Ramiro Sosa)\" class=\"rl-gallery-link\" data-rl_caption=\"El Granero, nave multiuso y sector recreativo \/ Arquitecta Mariel Su\u00e1rez (\u00a9 Ramiro Sosa)\" data-rel=\"lightbox-gallery-3\"><img loading=\"lazy\" decoding=\"async\" width=\"150\" height=\"150\" src=\"https:\/\/www.arquimaster.com.ar\/web\/wp-content\/uploads\/2022\/06\/el_granero96-150x150.jpg\" class=\"attachment-thumbnail size-thumbnail\" alt=\"El Granero, nave multiuso y sector recreativo \/ Arquitecta Mariel Su\u00e1rez\" aria-describedby=\"gallery-3-70663\" \/><\/a>\n\t\t\t<\/div>\n\t\t\t\t<figcaption class='wp-caption-text gallery-caption' id='gallery-3-70663'>\n\t\t\t\tEl Granero, nave multiuso y sector recreativo \/ Arquitecta Mariel Su\u00e1rez (\u00a9 Ramiro Sosa)\n\t\t\t\t<\/figcaption><\/figure><figure class='gallery-item'>\n\t\t\t<div class='gallery-icon landscape'>\n\t\t\t\t<a href='https:\/\/www.arquimaster.com.ar\/web\/wp-content\/uploads\/2022\/06\/el_granero97.jpg' title=\"El Granero, nave multiuso y sector recreativo \/ Arquitecta Mariel Su\u00e1rez (\u00a9 Ramiro Sosa)\" data-rl_title=\"El Granero, nave multiuso y sector recreativo \/ Arquitecta Mariel Su\u00e1rez (\u00a9 Ramiro Sosa)\" class=\"rl-gallery-link\" data-rl_caption=\"El Granero, nave multiuso y sector recreativo \/ Arquitecta Mariel Su\u00e1rez (\u00a9 Ramiro Sosa)\" data-rel=\"lightbox-gallery-3\"><img loading=\"lazy\" decoding=\"async\" width=\"150\" height=\"150\" src=\"https:\/\/www.arquimaster.com.ar\/web\/wp-content\/uploads\/2022\/06\/el_granero97-150x150.jpg\" class=\"attachment-thumbnail size-thumbnail\" alt=\"El Granero, nave multiuso y sector recreativo \/ Arquitecta Mariel Su\u00e1rez\" aria-describedby=\"gallery-3-70664\" \/><\/a>\n\t\t\t<\/div>\n\t\t\t\t<figcaption class='wp-caption-text gallery-caption' id='gallery-3-70664'>\n\t\t\t\tEl Granero, nave multiuso y sector recreativo \/ Arquitecta Mariel Su\u00e1rez (\u00a9 Ramiro Sosa)\n\t\t\t\t<\/figcaption><\/figure><figure class='gallery-item'>\n\t\t\t<div class='gallery-icon landscape'>\n\t\t\t\t<a href='https:\/\/www.arquimaster.com.ar\/web\/wp-content\/uploads\/2022\/06\/el_granero98.jpg' title=\"El Granero, nave multiuso y sector recreativo \/ Arquitecta Mariel Su\u00e1rez (\u00a9 Ramiro Sosa)\" data-rl_title=\"El Granero, nave multiuso y sector recreativo \/ Arquitecta Mariel Su\u00e1rez (\u00a9 Ramiro Sosa)\" class=\"rl-gallery-link\" data-rl_caption=\"El Granero, nave multiuso y sector recreativo \/ Arquitecta Mariel Su\u00e1rez (\u00a9 Ramiro Sosa)\" data-rel=\"lightbox-gallery-3\"><img loading=\"lazy\" decoding=\"async\" width=\"150\" height=\"150\" src=\"https:\/\/www.arquimaster.com.ar\/web\/wp-content\/uploads\/2022\/06\/el_granero98-150x150.jpg\" class=\"attachment-thumbnail size-thumbnail\" alt=\"El Granero, nave multiuso y sector recreativo \/ Arquitecta Mariel Su\u00e1rez\" aria-describedby=\"gallery-3-70665\" \/><\/a>\n\t\t\t<\/div>\n\t\t\t\t<figcaption class='wp-caption-text gallery-caption' id='gallery-3-70665'>\n\t\t\t\tEl Granero, nave multiuso y sector recreativo \/ Arquitecta Mariel Su\u00e1rez (\u00a9 Ramiro Sosa)\n\t\t\t\t<\/figcaption><\/figure><figure class='gallery-item'>\n\t\t\t<div class='gallery-icon landscape'>\n\t\t\t\t<a href='https:\/\/www.arquimaster.com.ar\/web\/wp-content\/uploads\/2022\/06\/el_granero99.jpg' title=\"El Granero, nave multiuso y sector recreativo \/ Arquitecta Mariel Su\u00e1rez (\u00a9 Ramiro Sosa)\" data-rl_title=\"El Granero, nave multiuso y sector recreativo \/ Arquitecta Mariel Su\u00e1rez (\u00a9 Ramiro Sosa)\" class=\"rl-gallery-link\" data-rl_caption=\"El Granero, nave multiuso y sector recreativo \/ Arquitecta Mariel Su\u00e1rez (\u00a9 Ramiro Sosa)\" data-rel=\"lightbox-gallery-3\"><img loading=\"lazy\" decoding=\"async\" width=\"150\" height=\"150\" src=\"https:\/\/www.arquimaster.com.ar\/web\/wp-content\/uploads\/2022\/06\/el_granero99-150x150.jpg\" class=\"attachment-thumbnail size-thumbnail\" alt=\"El Granero, nave multiuso y sector recreativo \/ Arquitecta Mariel Su\u00e1rez\" aria-describedby=\"gallery-3-70666\" \/><\/a>\n\t\t\t<\/div>\n\t\t\t\t<figcaption class='wp-caption-text gallery-caption' id='gallery-3-70666'>\n\t\t\t\tEl Granero, nave multiuso y sector recreativo \/ Arquitecta Mariel Su\u00e1rez (\u00a9 Ramiro Sosa)\n\t\t\t\t<\/figcaption><\/figure><figure class='gallery-item'>\n\t\t\t<div class='gallery-icon landscape'>\n\t\t\t\t<a href='https:\/\/www.arquimaster.com.ar\/web\/wp-content\/uploads\/2022\/06\/el_granero100.jpg' title=\"El Granero, nave multiuso y sector recreativo \/ Arquitecta Mariel Su\u00e1rez (\u00a9 Ramiro Sosa)\" data-rl_title=\"El Granero, nave multiuso y sector recreativo \/ Arquitecta Mariel Su\u00e1rez (\u00a9 Ramiro Sosa)\" class=\"rl-gallery-link\" data-rl_caption=\"El Granero, nave multiuso y sector recreativo \/ Arquitecta Mariel Su\u00e1rez (\u00a9 Ramiro Sosa)\" data-rel=\"lightbox-gallery-3\"><img loading=\"lazy\" decoding=\"async\" width=\"150\" height=\"150\" src=\"https:\/\/www.arquimaster.com.ar\/web\/wp-content\/uploads\/2022\/06\/el_granero100-150x150.jpg\" class=\"attachment-thumbnail size-thumbnail\" alt=\"El Granero, nave multiuso y sector recreativo \/ Arquitecta Mariel Su\u00e1rez\" aria-describedby=\"gallery-3-70667\" \/><\/a>\n\t\t\t<\/div>\n\t\t\t\t<figcaption class='wp-caption-text gallery-caption' id='gallery-3-70667'>\n\t\t\t\tEl Granero, nave multiuso y sector recreativo \/ Arquitecta Mariel Su\u00e1rez (\u00a9 Ramiro Sosa)\n\t\t\t\t<\/figcaption><\/figure><figure class='gallery-item'>\n\t\t\t<div class='gallery-icon landscape'>\n\t\t\t\t<a href='https:\/\/www.arquimaster.com.ar\/web\/wp-content\/uploads\/2022\/06\/el_granero101.jpg' title=\"El Granero, nave multiuso y sector recreativo \/ Arquitecta Mariel Su\u00e1rez (\u00a9 Ramiro Sosa)\" data-rl_title=\"El Granero, nave multiuso y sector recreativo \/ Arquitecta Mariel Su\u00e1rez (\u00a9 Ramiro Sosa)\" class=\"rl-gallery-link\" data-rl_caption=\"El Granero, nave multiuso y sector recreativo \/ Arquitecta Mariel Su\u00e1rez (\u00a9 Ramiro Sosa)\" data-rel=\"lightbox-gallery-3\"><img loading=\"lazy\" decoding=\"async\" width=\"150\" height=\"150\" src=\"https:\/\/www.arquimaster.com.ar\/web\/wp-content\/uploads\/2022\/06\/el_granero101-150x150.jpg\" class=\"attachment-thumbnail size-thumbnail\" alt=\"El Granero, nave multiuso y sector recreativo \/ Arquitecta Mariel Su\u00e1rez\" aria-describedby=\"gallery-3-70668\" \/><\/a>\n\t\t\t<\/div>\n\t\t\t\t<figcaption class='wp-caption-text gallery-caption' id='gallery-3-70668'>\n\t\t\t\tEl Granero, nave multiuso y sector recreativo \/ Arquitecta Mariel Su\u00e1rez (\u00a9 Ramiro Sosa)\n\t\t\t\t<\/figcaption><\/figure><figure class='gallery-item'>\n\t\t\t<div class='gallery-icon portrait'>\n\t\t\t\t<a href='https:\/\/www.arquimaster.com.ar\/web\/wp-content\/uploads\/2022\/06\/el_granero102.jpg' title=\"El Granero, nave multiuso y sector recreativo \/ Arquitecta Mariel Su\u00e1rez (\u00a9 Ramiro Sosa)\" data-rl_title=\"El Granero, nave multiuso y sector recreativo \/ Arquitecta Mariel Su\u00e1rez (\u00a9 Ramiro Sosa)\" class=\"rl-gallery-link\" data-rl_caption=\"El Granero, nave multiuso y sector recreativo \/ Arquitecta Mariel Su\u00e1rez (\u00a9 Ramiro Sosa)\" data-rel=\"lightbox-gallery-3\"><img loading=\"lazy\" decoding=\"async\" width=\"150\" height=\"150\" src=\"https:\/\/www.arquimaster.com.ar\/web\/wp-content\/uploads\/2022\/06\/el_granero102-150x150.jpg\" class=\"attachment-thumbnail size-thumbnail\" alt=\"El Granero, nave multiuso y sector recreativo \/ Arquitecta Mariel Su\u00e1rez\" aria-describedby=\"gallery-3-70669\" \/><\/a>\n\t\t\t<\/div>\n\t\t\t\t<figcaption class='wp-caption-text gallery-caption' id='gallery-3-70669'>\n\t\t\t\tEl Granero, nave multiuso y sector recreativo \/ Arquitecta Mariel Su\u00e1rez (\u00a9 Ramiro Sosa)\n\t\t\t\t<\/figcaption><\/figure><figure class='gallery-item'>\n\t\t\t<div class='gallery-icon portrait'>\n\t\t\t\t<a href='https:\/\/www.arquimaster.com.ar\/web\/wp-content\/uploads\/2022\/06\/el_granero103.jpg' title=\"El Granero, nave multiuso y sector recreativo \/ Arquitecta Mariel Su\u00e1rez (\u00a9 Ramiro Sosa)\" data-rl_title=\"El Granero, nave multiuso y sector recreativo \/ Arquitecta Mariel Su\u00e1rez (\u00a9 Ramiro Sosa)\" class=\"rl-gallery-link\" data-rl_caption=\"El Granero, nave multiuso y sector recreativo \/ Arquitecta Mariel Su\u00e1rez (\u00a9 Ramiro Sosa)\" data-rel=\"lightbox-gallery-3\"><img loading=\"lazy\" decoding=\"async\" width=\"150\" height=\"150\" src=\"https:\/\/www.arquimaster.com.ar\/web\/wp-content\/uploads\/2022\/06\/el_granero103-150x150.jpg\" class=\"attachment-thumbnail size-thumbnail\" alt=\"El Granero, nave multiuso y sector recreativo \/ Arquitecta Mariel Su\u00e1rez\" aria-describedby=\"gallery-3-70670\" \/><\/a>\n\t\t\t<\/div>\n\t\t\t\t<figcaption class='wp-caption-text gallery-caption' id='gallery-3-70670'>\n\t\t\t\tEl Granero, nave multiuso y sector recreativo \/ Arquitecta Mariel Su\u00e1rez (\u00a9 Ramiro Sosa)\n\t\t\t\t<\/figcaption><\/figure><figure class='gallery-item'>\n\t\t\t<div class='gallery-icon portrait'>\n\t\t\t\t<a href='https:\/\/www.arquimaster.com.ar\/web\/wp-content\/uploads\/2022\/06\/el_granero104.jpg' title=\"El Granero, nave multiuso y sector recreativo \/ Arquitecta Mariel Su\u00e1rez (\u00a9 Ramiro Sosa)\" data-rl_title=\"El Granero, nave multiuso y sector recreativo \/ Arquitecta Mariel Su\u00e1rez (\u00a9 Ramiro Sosa)\" class=\"rl-gallery-link\" data-rl_caption=\"El Granero, nave multiuso y sector recreativo \/ Arquitecta Mariel Su\u00e1rez (\u00a9 Ramiro Sosa)\" data-rel=\"lightbox-gallery-3\"><img loading=\"lazy\" decoding=\"async\" width=\"150\" height=\"150\" src=\"https:\/\/www.arquimaster.com.ar\/web\/wp-content\/uploads\/2022\/06\/el_granero104-150x150.jpg\" class=\"attachment-thumbnail size-thumbnail\" alt=\"El Granero, nave multiuso y sector recreativo \/ Arquitecta Mariel Su\u00e1rez\" aria-describedby=\"gallery-3-70671\" \/><\/a>\n\t\t\t<\/div>\n\t\t\t\t<figcaption class='wp-caption-text gallery-caption' id='gallery-3-70671'>\n\t\t\t\tEl Granero, nave multiuso y sector recreativo \/ Arquitecta Mariel Su\u00e1rez (\u00a9 Ramiro Sosa)\n\t\t\t\t<\/figcaption><\/figure><figure class='gallery-item'>\n\t\t\t<div class='gallery-icon portrait'>\n\t\t\t\t<a href='https:\/\/www.arquimaster.com.ar\/web\/wp-content\/uploads\/2022\/06\/el_granero105.jpg' title=\"El Granero, nave multiuso y sector recreativo \/ Arquitecta Mariel Su\u00e1rez (\u00a9 Ramiro Sosa)\" data-rl_title=\"El Granero, nave multiuso y sector recreativo \/ Arquitecta Mariel Su\u00e1rez (\u00a9 Ramiro Sosa)\" class=\"rl-gallery-link\" data-rl_caption=\"El Granero, nave multiuso y sector recreativo \/ Arquitecta Mariel Su\u00e1rez (\u00a9 Ramiro Sosa)\" data-rel=\"lightbox-gallery-3\"><img loading=\"lazy\" decoding=\"async\" width=\"150\" height=\"150\" src=\"https:\/\/www.arquimaster.com.ar\/web\/wp-content\/uploads\/2022\/06\/el_granero105-150x150.jpg\" class=\"attachment-thumbnail size-thumbnail\" alt=\"El Granero, nave multiuso y sector recreativo \/ Arquitecta Mariel Su\u00e1rez\" aria-describedby=\"gallery-3-70672\" \/><\/a>\n\t\t\t<\/div>\n\t\t\t\t<figcaption class='wp-caption-text gallery-caption' id='gallery-3-70672'>\n\t\t\t\tEl Granero, nave multiuso y sector recreativo \/ Arquitecta Mariel Su\u00e1rez (\u00a9 Ramiro Sosa)\n\t\t\t\t<\/figcaption><\/figure><figure class='gallery-item'>\n\t\t\t<div class='gallery-icon portrait'>\n\t\t\t\t<a href='https:\/\/www.arquimaster.com.ar\/web\/wp-content\/uploads\/2022\/06\/el_granero106.jpg' title=\"El Granero, nave multiuso y sector recreativo \/ Arquitecta Mariel Su\u00e1rez (\u00a9 Ramiro Sosa)\" data-rl_title=\"El Granero, nave multiuso y sector recreativo \/ Arquitecta Mariel Su\u00e1rez (\u00a9 Ramiro Sosa)\" class=\"rl-gallery-link\" data-rl_caption=\"El Granero, nave multiuso y sector recreativo \/ Arquitecta Mariel Su\u00e1rez (\u00a9 Ramiro Sosa)\" data-rel=\"lightbox-gallery-3\"><img loading=\"lazy\" decoding=\"async\" width=\"150\" height=\"150\" src=\"https:\/\/www.arquimaster.com.ar\/web\/wp-content\/uploads\/2022\/06\/el_granero106-150x150.jpg\" class=\"attachment-thumbnail size-thumbnail\" alt=\"El Granero, nave multiuso y sector recreativo \/ Arquitecta Mariel Su\u00e1rez\" aria-describedby=\"gallery-3-70673\" \/><\/a>\n\t\t\t<\/div>\n\t\t\t\t<figcaption class='wp-caption-text gallery-caption' id='gallery-3-70673'>\n\t\t\t\tEl Granero, nave multiuso y sector recreativo \/ Arquitecta Mariel Su\u00e1rez (\u00a9 Ramiro Sosa)\n\t\t\t\t<\/figcaption><\/figure><figure class='gallery-item'>\n\t\t\t<div class='gallery-icon portrait'>\n\t\t\t\t<a href='https:\/\/www.arquimaster.com.ar\/web\/wp-content\/uploads\/2022\/06\/el_granero107.jpg' title=\"El Granero, nave multiuso y sector recreativo \/ Arquitecta Mariel Su\u00e1rez (\u00a9 Ramiro Sosa)\" data-rl_title=\"El Granero, nave multiuso y sector recreativo \/ Arquitecta Mariel Su\u00e1rez (\u00a9 Ramiro Sosa)\" class=\"rl-gallery-link\" data-rl_caption=\"El Granero, nave multiuso y sector recreativo \/ Arquitecta Mariel Su\u00e1rez (\u00a9 Ramiro Sosa)\" data-rel=\"lightbox-gallery-3\"><img loading=\"lazy\" decoding=\"async\" width=\"150\" height=\"150\" src=\"https:\/\/www.arquimaster.com.ar\/web\/wp-content\/uploads\/2022\/06\/el_granero107-150x150.jpg\" class=\"attachment-thumbnail size-thumbnail\" alt=\"El Granero, nave multiuso y sector recreativo \/ Arquitecta Mariel Su\u00e1rez\" aria-describedby=\"gallery-3-70674\" \/><\/a>\n\t\t\t<\/div>\n\t\t\t\t<figcaption class='wp-caption-text gallery-caption' id='gallery-3-70674'>\n\t\t\t\tEl Granero, nave multiuso y sector recreativo \/ Arquitecta Mariel Su\u00e1rez (\u00a9 Ramiro Sosa)\n\t\t\t\t<\/figcaption><\/figure><figure class='gallery-item'>\n\t\t\t<div class='gallery-icon landscape'>\n\t\t\t\t<a href='https:\/\/www.arquimaster.com.ar\/web\/wp-content\/uploads\/2022\/06\/el_granero108.jpg' title=\"El Granero, nave multiuso y sector recreativo \/ Arquitecta Mariel Su\u00e1rez (\u00a9 Ramiro Sosa)\" data-rl_title=\"El Granero, nave multiuso y sector recreativo \/ Arquitecta Mariel Su\u00e1rez (\u00a9 Ramiro Sosa)\" class=\"rl-gallery-link\" data-rl_caption=\"El Granero, nave multiuso y sector recreativo \/ Arquitecta Mariel Su\u00e1rez (\u00a9 Ramiro Sosa)\" data-rel=\"lightbox-gallery-3\"><img loading=\"lazy\" decoding=\"async\" width=\"150\" height=\"150\" src=\"https:\/\/www.arquimaster.com.ar\/web\/wp-content\/uploads\/2022\/06\/el_granero108-150x150.jpg\" class=\"attachment-thumbnail size-thumbnail\" alt=\"El Granero, nave multiuso y sector recreativo \/ Arquitecta Mariel Su\u00e1rez\" aria-describedby=\"gallery-3-70675\" \/><\/a>\n\t\t\t<\/div>\n\t\t\t\t<figcaption class='wp-caption-text gallery-caption' id='gallery-3-70675'>\n\t\t\t\tEl Granero, nave multiuso y sector recreativo \/ Arquitecta Mariel Su\u00e1rez (\u00a9 Ramiro Sosa)\n\t\t\t\t<\/figcaption><\/figure><figure class='gallery-item'>\n\t\t\t<div class='gallery-icon landscape'>\n\t\t\t\t<a href='https:\/\/www.arquimaster.com.ar\/web\/wp-content\/uploads\/2022\/06\/el_granero109.jpg' title=\"El Granero, nave multiuso y sector recreativo \/ Arquitecta Mariel Su\u00e1rez (\u00a9 Ramiro Sosa)\" data-rl_title=\"El Granero, nave multiuso y sector recreativo \/ Arquitecta Mariel Su\u00e1rez (\u00a9 Ramiro Sosa)\" class=\"rl-gallery-link\" data-rl_caption=\"El Granero, nave multiuso y sector recreativo \/ Arquitecta Mariel Su\u00e1rez (\u00a9 Ramiro Sosa)\" data-rel=\"lightbox-gallery-3\"><img loading=\"lazy\" decoding=\"async\" width=\"150\" height=\"150\" src=\"https:\/\/www.arquimaster.com.ar\/web\/wp-content\/uploads\/2022\/06\/el_granero109-150x150.jpg\" class=\"attachment-thumbnail size-thumbnail\" alt=\"El Granero, nave multiuso y sector recreativo \/ Arquitecta Mariel Su\u00e1rez\" aria-describedby=\"gallery-3-70676\" \/><\/a>\n\t\t\t<\/div>\n\t\t\t\t<figcaption class='wp-caption-text gallery-caption' id='gallery-3-70676'>\n\t\t\t\tEl Granero, nave multiuso y sector recreativo \/ Arquitecta Mariel Su\u00e1rez (\u00a9 Ramiro Sosa)\n\t\t\t\t<\/figcaption><\/figure><figure class='gallery-item'>\n\t\t\t<div class='gallery-icon landscape'>\n\t\t\t\t<a href='https:\/\/www.arquimaster.com.ar\/web\/wp-content\/uploads\/2022\/06\/el_granero110.jpg' title=\"El Granero, nave multiuso y sector recreativo \/ Arquitecta Mariel Su\u00e1rez (\u00a9 Ramiro Sosa)\" data-rl_title=\"El Granero, nave multiuso y sector recreativo \/ Arquitecta Mariel Su\u00e1rez (\u00a9 Ramiro Sosa)\" class=\"rl-gallery-link\" data-rl_caption=\"El Granero, nave multiuso y sector recreativo \/ Arquitecta Mariel Su\u00e1rez (\u00a9 Ramiro Sosa)\" data-rel=\"lightbox-gallery-3\"><img loading=\"lazy\" decoding=\"async\" width=\"150\" height=\"150\" src=\"https:\/\/www.arquimaster.com.ar\/web\/wp-content\/uploads\/2022\/06\/el_granero110-150x150.jpg\" class=\"attachment-thumbnail size-thumbnail\" alt=\"El Granero, nave multiuso y sector recreativo \/ Arquitecta Mariel Su\u00e1rez\" aria-describedby=\"gallery-3-70677\" \/><\/a>\n\t\t\t<\/div>\n\t\t\t\t<figcaption class='wp-caption-text gallery-caption' id='gallery-3-70677'>\n\t\t\t\tEl Granero, nave multiuso y sector recreativo \/ Arquitecta Mariel Su\u00e1rez (\u00a9 Ramiro Sosa)\n\t\t\t\t<\/figcaption><\/figure><figure class='gallery-item'>\n\t\t\t<div class='gallery-icon landscape'>\n\t\t\t\t<a href='https:\/\/www.arquimaster.com.ar\/web\/wp-content\/uploads\/2022\/06\/el_granero111.jpg' title=\"El Granero, nave multiuso y sector recreativo \/ Arquitecta Mariel Su\u00e1rez (\u00a9 Ramiro Sosa)\" data-rl_title=\"El Granero, nave multiuso y sector recreativo \/ Arquitecta Mariel Su\u00e1rez (\u00a9 Ramiro Sosa)\" class=\"rl-gallery-link\" data-rl_caption=\"El Granero, nave multiuso y sector recreativo \/ Arquitecta Mariel Su\u00e1rez (\u00a9 Ramiro Sosa)\" data-rel=\"lightbox-gallery-3\"><img loading=\"lazy\" decoding=\"async\" width=\"150\" height=\"150\" src=\"https:\/\/www.arquimaster.com.ar\/web\/wp-content\/uploads\/2022\/06\/el_granero111-150x150.jpg\" class=\"attachment-thumbnail size-thumbnail\" alt=\"El Granero, nave multiuso y sector recreativo \/ Arquitecta Mariel Su\u00e1rez\" aria-describedby=\"gallery-3-70678\" \/><\/a>\n\t\t\t<\/div>\n\t\t\t\t<figcaption class='wp-caption-text gallery-caption' id='gallery-3-70678'>\n\t\t\t\tEl Granero, nave multiuso y sector recreativo \/ Arquitecta Mariel Su\u00e1rez (\u00a9 Ramiro Sosa)\n\t\t\t\t<\/figcaption><\/figure><figure class='gallery-item'>\n\t\t\t<div class='gallery-icon landscape'>\n\t\t\t\t<a href='https:\/\/www.arquimaster.com.ar\/web\/wp-content\/uploads\/2022\/06\/el_granero112.jpg' title=\"El Granero, nave multiuso y sector recreativo \/ Arquitecta Mariel Su\u00e1rez (\u00a9 Ramiro Sosa)\" data-rl_title=\"El Granero, nave multiuso y sector recreativo \/ Arquitecta Mariel Su\u00e1rez (\u00a9 Ramiro Sosa)\" class=\"rl-gallery-link\" data-rl_caption=\"El Granero, nave multiuso y sector recreativo \/ Arquitecta Mariel Su\u00e1rez (\u00a9 Ramiro Sosa)\" data-rel=\"lightbox-gallery-3\"><img loading=\"lazy\" decoding=\"async\" width=\"150\" height=\"150\" src=\"https:\/\/www.arquimaster.com.ar\/web\/wp-content\/uploads\/2022\/06\/el_granero112-150x150.jpg\" class=\"attachment-thumbnail size-thumbnail\" alt=\"El Granero, nave multiuso y sector recreativo \/ Arquitecta Mariel Su\u00e1rez\" aria-describedby=\"gallery-3-70679\" \/><\/a>\n\t\t\t<\/div>\n\t\t\t\t<figcaption class='wp-caption-text gallery-caption' id='gallery-3-70679'>\n\t\t\t\tEl Granero, nave multiuso y sector recreativo \/ Arquitecta Mariel Su\u00e1rez (\u00a9 Ramiro Sosa)\n\t\t\t\t<\/figcaption><\/figure><figure class='gallery-item'>\n\t\t\t<div class='gallery-icon landscape'>\n\t\t\t\t<a href='https:\/\/www.arquimaster.com.ar\/web\/wp-content\/uploads\/2022\/06\/el_granero113.jpg' title=\"El Granero, nave multiuso y sector recreativo \/ Arquitecta Mariel Su\u00e1rez (\u00a9 Ramiro Sosa)\" data-rl_title=\"El Granero, nave multiuso y sector recreativo \/ Arquitecta Mariel Su\u00e1rez (\u00a9 Ramiro Sosa)\" class=\"rl-gallery-link\" data-rl_caption=\"El Granero, nave multiuso y sector recreativo \/ Arquitecta Mariel Su\u00e1rez (\u00a9 Ramiro Sosa)\" data-rel=\"lightbox-gallery-3\"><img loading=\"lazy\" decoding=\"async\" width=\"150\" height=\"150\" src=\"https:\/\/www.arquimaster.com.ar\/web\/wp-content\/uploads\/2022\/06\/el_granero113-150x150.jpg\" class=\"attachment-thumbnail size-thumbnail\" alt=\"El Granero, nave multiuso y sector recreativo \/ Arquitecta Mariel Su\u00e1rez\" aria-describedby=\"gallery-3-70680\" \/><\/a>\n\t\t\t<\/div>\n\t\t\t\t<figcaption class='wp-caption-text gallery-caption' id='gallery-3-70680'>\n\t\t\t\tEl Granero, nave multiuso y sector recreativo \/ Arquitecta Mariel Su\u00e1rez (\u00a9 Ramiro Sosa)\n\t\t\t\t<\/figcaption><\/figure><figure class='gallery-item'>\n\t\t\t<div class='gallery-icon landscape'>\n\t\t\t\t<a href='https:\/\/www.arquimaster.com.ar\/web\/wp-content\/uploads\/2022\/06\/el_granero114.jpg' title=\"El Granero, nave multiuso y sector recreativo \/ Arquitecta Mariel Su\u00e1rez (planta)\" data-rl_title=\"El Granero, nave multiuso y sector recreativo \/ Arquitecta Mariel Su\u00e1rez (planta)\" class=\"rl-gallery-link\" data-rl_caption=\"El Granero, nave multiuso y sector recreativo \/ Arquitecta Mariel Su\u00e1rez (planta)\" data-rel=\"lightbox-gallery-3\"><img loading=\"lazy\" decoding=\"async\" width=\"150\" height=\"150\" src=\"https:\/\/www.arquimaster.com.ar\/web\/wp-content\/uploads\/2022\/06\/el_granero114-150x150.jpg\" class=\"attachment-thumbnail size-thumbnail\" alt=\"El Granero, nave multiuso y sector recreativo \/ Arquitecta Mariel Su\u00e1rez\" aria-describedby=\"gallery-3-70681\" srcset=\"https:\/\/www.arquimaster.com.ar\/web\/wp-content\/uploads\/2022\/06\/el_granero114-150x150.jpg 150w, https:\/\/www.arquimaster.com.ar\/web\/wp-content\/uploads\/2022\/06\/el_granero114-768x768.jpg 768w, https:\/\/www.arquimaster.com.ar\/web\/wp-content\/uploads\/2022\/06\/el_granero114-1536x1536.jpg 1536w, https:\/\/www.arquimaster.com.ar\/web\/wp-content\/uploads\/2022\/06\/el_granero114.jpg 2000w\" sizes=\"auto, (max-width: 150px) 100vw, 150px\" \/><\/a>\n\t\t\t<\/div>\n\t\t\t\t<figcaption class='wp-caption-text gallery-caption' id='gallery-3-70681'>\n\t\t\t\tEl Granero, nave multiuso y sector recreativo \/ Arquitecta Mariel Su\u00e1rez (planta)\n\t\t\t\t<\/figcaption><\/figure><figure class='gallery-item'>\n\t\t\t<div class='gallery-icon landscape'>\n\t\t\t\t<a href='https:\/\/www.arquimaster.com.ar\/web\/wp-content\/uploads\/2022\/06\/el_granero115.jpg' title=\"El Granero, nave multiuso y sector recreativo \/ Arquitecta Mariel Su\u00e1rez (corte)\" data-rl_title=\"El Granero, nave multiuso y sector recreativo \/ Arquitecta Mariel Su\u00e1rez (corte)\" class=\"rl-gallery-link\" data-rl_caption=\"El Granero, nave multiuso y sector recreativo \/ Arquitecta Mariel Su\u00e1rez (corte)\" data-rel=\"lightbox-gallery-3\"><img loading=\"lazy\" decoding=\"async\" width=\"150\" height=\"150\" src=\"https:\/\/www.arquimaster.com.ar\/web\/wp-content\/uploads\/2022\/06\/el_granero115-150x150.jpg\" class=\"attachment-thumbnail size-thumbnail\" alt=\"El Granero, nave multiuso y sector recreativo \/ Arquitecta Mariel Su\u00e1rez\" aria-describedby=\"gallery-3-70682\" \/><\/a>\n\t\t\t<\/div>\n\t\t\t\t<figcaption class='wp-caption-text gallery-caption' id='gallery-3-70682'>\n\t\t\t\tEl Granero, nave multiuso y sector recreativo \/ Arquitecta Mariel Su\u00e1rez (corte)\n\t\t\t\t<\/figcaption><\/figure><figure class='gallery-item'>\n\t\t\t<div class='gallery-icon landscape'>\n\t\t\t\t<a href='https:\/\/www.arquimaster.com.ar\/web\/wp-content\/uploads\/2022\/06\/el_granero116.jpg' title=\"El Granero, nave multiuso y sector recreativo \/ Arquitecta Mariel Su\u00e1rez (corte)\" data-rl_title=\"El Granero, nave multiuso y sector recreativo \/ Arquitecta Mariel Su\u00e1rez (corte)\" class=\"rl-gallery-link\" data-rl_caption=\"El Granero, nave multiuso y sector recreativo \/ Arquitecta Mariel Su\u00e1rez (corte)\" data-rel=\"lightbox-gallery-3\"><img loading=\"lazy\" decoding=\"async\" width=\"150\" height=\"150\" src=\"https:\/\/www.arquimaster.com.ar\/web\/wp-content\/uploads\/2022\/06\/el_granero116-150x150.jpg\" class=\"attachment-thumbnail size-thumbnail\" alt=\"El Granero, nave multiuso y sector recreativo \/ Arquitecta Mariel Su\u00e1rez\" aria-describedby=\"gallery-3-70683\" \/><\/a>\n\t\t\t<\/div>\n\t\t\t\t<figcaption class='wp-caption-text gallery-caption' id='gallery-3-70683'>\n\t\t\t\tEl Granero, nave multiuso y sector recreativo \/ Arquitecta Mariel Su\u00e1rez (corte)\n\t\t\t\t<\/figcaption><\/figure><figure class='gallery-item'>\n\t\t\t<div class='gallery-icon landscape'>\n\t\t\t\t<a href='https:\/\/www.arquimaster.com.ar\/web\/wp-content\/uploads\/2022\/06\/el_granero117.jpg' title=\"El Granero, nave multiuso y sector recreativo \/ Arquitecta Mariel Su\u00e1rez (vista frente)\" data-rl_title=\"El Granero, nave multiuso y sector recreativo \/ Arquitecta Mariel Su\u00e1rez (vista frente)\" class=\"rl-gallery-link\" data-rl_caption=\"El Granero, nave multiuso y sector recreativo \/ Arquitecta Mariel Su\u00e1rez (vista frente)\" data-rel=\"lightbox-gallery-3\"><img loading=\"lazy\" decoding=\"async\" width=\"150\" height=\"150\" src=\"https:\/\/www.arquimaster.com.ar\/web\/wp-content\/uploads\/2022\/06\/el_granero117-150x150.jpg\" class=\"attachment-thumbnail size-thumbnail\" alt=\"El Granero, nave multiuso y sector recreativo \/ Arquitecta Mariel Su\u00e1rez\" aria-describedby=\"gallery-3-70684\" \/><\/a>\n\t\t\t<\/div>\n\t\t\t\t<figcaption class='wp-caption-text gallery-caption' id='gallery-3-70684'>\n\t\t\t\tEl Granero, nave multiuso y sector recreativo \/ Arquitecta Mariel Su\u00e1rez (vista frente)\n\t\t\t\t<\/figcaption><\/figure><figure class='gallery-item'>\n\t\t\t<div class='gallery-icon landscape'>\n\t\t\t\t<a href='https:\/\/www.arquimaster.com.ar\/web\/wp-content\/uploads\/2022\/06\/el_granero118.jpg' title=\"El Granero, nave multiuso y sector recreativo \/ Arquitecta Mariel Su\u00e1rez (vista contrafrente)\" data-rl_title=\"El Granero, nave multiuso y sector recreativo \/ Arquitecta Mariel Su\u00e1rez (vista contrafrente)\" class=\"rl-gallery-link\" data-rl_caption=\"El Granero, nave multiuso y sector recreativo \/ Arquitecta Mariel Su\u00e1rez (vista contrafrente)\" data-rel=\"lightbox-gallery-3\"><img loading=\"lazy\" decoding=\"async\" width=\"150\" height=\"150\" src=\"https:\/\/www.arquimaster.com.ar\/web\/wp-content\/uploads\/2022\/06\/el_granero118-150x150.jpg\" class=\"attachment-thumbnail size-thumbnail\" alt=\"El Granero, nave multiuso y sector recreativo \/ Arquitecta Mariel Su\u00e1rez\" aria-describedby=\"gallery-3-70685\" \/><\/a>\n\t\t\t<\/div>\n\t\t\t\t<figcaption class='wp-caption-text gallery-caption' id='gallery-3-70685'>\n\t\t\t\tEl Granero, nave multiuso y sector recreativo \/ Arquitecta Mariel Su\u00e1rez (vista contrafrente)\n\t\t\t\t<\/figcaption><\/figure><figure class='gallery-item'>\n\t\t\t<div class='gallery-icon landscape'>\n\t\t\t\t<a href='https:\/\/www.arquimaster.com.ar\/web\/wp-content\/uploads\/2022\/06\/el_granero119.jpg' title=\"El Granero, nave multiuso y sector recreativo \/ Arquitecta Mariel Su\u00e1rez (vista lateral)\" data-rl_title=\"El Granero, nave multiuso y sector recreativo \/ Arquitecta Mariel Su\u00e1rez (vista lateral)\" class=\"rl-gallery-link\" data-rl_caption=\"El Granero, nave multiuso y sector recreativo \/ Arquitecta Mariel Su\u00e1rez (vista lateral)\" data-rel=\"lightbox-gallery-3\"><img loading=\"lazy\" decoding=\"async\" width=\"150\" height=\"150\" src=\"https:\/\/www.arquimaster.com.ar\/web\/wp-content\/uploads\/2022\/06\/el_granero119-150x150.jpg\" class=\"attachment-thumbnail size-thumbnail\" alt=\"El Granero, nave multiuso y sector recreativo \/ Arquitecta Mariel Su\u00e1rez\" aria-describedby=\"gallery-3-70686\" \/><\/a>\n\t\t\t<\/div>\n\t\t\t\t<figcaption class='wp-caption-text gallery-caption' id='gallery-3-70686'>\n\t\t\t\tEl Granero, nave multiuso y sector recreativo \/ Arquitecta Mariel Su\u00e1rez (vista lateral)\n\t\t\t\t<\/figcaption><\/figure>\n\t\t<\/div>\n\n<p>Como apoyo al \u00e1rea recreativa dise\u00f1amos un gran alero a modo de quincho que contiene gabinetes de guardado, kitchenette y ba\u00f1o, ocultos tras portones corredizos.<\/p>\n<p>Optamos para este espacio la misma materialidad que el galp\u00f3n y utilizamos para piso y cielorraso un material compuesto de madera y pol\u00edmeros con protecci\u00f3n UV. En el lateral oeste propusimos paneles corredizos para frenar el sol de las tardes en verano.<\/p>\n\n\n<div style=\"height:20px\" aria-hidden=\"true\" class=\"wp-block-spacer\"><\/div>\n\n\n\n<p class=\"has-background\" style=\"background-color:#eaeaea\"><strong>Ficha t\u00e9cnica<\/strong><br>Nombre: El Granero, nave multiuso + oficina + quincho + sector recreativo<br>Ubicaci\u00f3n: Fisherton, Rosario, Pcia. de Santa Fe, Argentina<br>Proyecto y Direcci\u00f3n de obra: Arquitecta Mariel Su\u00e1rez<br>Colaboradores: Vanesa Pellegrini, Florencia Gonda, Florencia Bas\u00edlico<br>Superficie cubierta: 303 m2<br>Superficie semicubierta: 35 m2<br>A\u00f1o: 2021<br>Fotograf\u00eda: <a href=\"https:\/\/www.instagram.com\/ramirososafotografia\" target=\"_blank\" rel=\"noreferrer noopener\">Ramiro Sosa<\/a><br><br><strong>Contacto<\/strong><br><a href=\"http:\/\/www.redarq.com.ar\">http:\/\/www.redarq.com.ar<\/a><br>Instagram: @redarquitectura<\/p>\n\n\n\n<div style=\"height:40px\" aria-hidden=\"true\" class=\"wp-block-spacer\"><\/div>\n\n\n<p><strong><em>English version<\/em><\/strong><\/p>\n<p><strong><em>El Granero, multipurpose warehouse and recreational sector<\/em><\/strong><\/p>\n<p><em>The project proposes a versatile space that allows incorporating different uses according to the necessities for a family on a piece of land adjoining their house.<\/em><\/p>\n<p><em>We think of a visible modulated structure that makes it possible to divide sectors according to the convenience.<\/em><\/p>\n<p><em>We use W profiles and thermo-insulating panels with two sheet metal faces and injected rigid polyurethane foam between them and hermetic openings with double glazing.<\/em><\/p>\n<p><em>The construction system optimizes assembly times and the materials used achieve high levels of energy efficiency. For the electrical installation and air conditioning ducts we use pipes and visible boxes made of galvanized sheet metal.<\/em><\/p>\n<p><em>The interior floors are made of smooth concrete and on the exterior floors we combine concrete sidewalks with interlocking cement paving stones.<\/em><\/p>\n<p><em>We generated a skylight to the north, along the entire length of the nave, to illuminate it without the need to open other openings to the street and thus preserve the intimacy of the interior activities.<\/em><\/p>\n<p><em>We decided to place the wet cores at the ends to make it easier to subdivide the ship. During the execution, the uses of the spaces were defined: car wash, storage, service sector and gym.<\/em><\/p>\n<p><em>Finishing off the volume towards one end, we designed a space that houses an office with a large window facing the garden.<\/em><\/p>\n<p><em>We propose an entrance door at each end, for the service sector and for the office and recreational sector.<\/em><\/p>\n<p><em>A sports area and a tennis court are added to the side of the nave. As support for the recreational area, we designed a large eaves as a quincho that contains storage cabinets, kitchenette and bathroom, hidden behind sliding gates.<\/em><\/p>\n<p><em>We opted for the same material as the shed for this space and used a composite material of wood and polymers with UV protection for the floor and ceiling.<\/em><\/p>\n<p><em>On the west side we proposed sliding panels to stop the afternoon sun in summer.<\/em><\/p>\n<div style=\"font-size: 0px; height: 0px; line-height: 0px; margin: 0; padding: 0; clear: both;\"><\/div><div style=\"margin-top: 0px; margin-bottom: 0px;\" class=\"sharethis-inline-share-buttons\" ><\/div>","protected":false},"excerpt":{"rendered":"<p>Espacio vers\u00e1til que permite incorporar diferentes usos seg\u00fan las necesidades&#8230;<\/p>\n","protected":false},"author":1,"featured_media":70567,"comment_status":"closed","ping_status":"closed","sticky":false,"template":"","format":"standard","meta":{"_uag_custom_page_level_css":"","footnotes":""},"categories":[1479,1547,1],"tags":[7437,7439,1765,4919,1766,4941,7438,2235,5732,468,29],"class_list":["post-70566","post","type-post","status-publish","format-standard","has-post-thumbnail","hentry","category-edificios-para-el-deporte","category-edificios-para-la-recreacion","category-proyecto","tag-arquitecta-mariel-suarez","tag-cancha-de-tenis","tag-espacio-multiusos","tag-fisherton","tag-gimnasio","tag-mariel-suarez","tag-nave-multiusos","tag-oficina","tag-quincho","tag-rosario","tag-santa-fe","generate-columns","tablet-grid-50","mobile-grid-100","grid-parent","grid-50"],"yoast_head":"<!-- This site is optimized with the Yoast SEO plugin v27.3 - https:\/\/yoast.com\/product\/yoast-seo-wordpress\/ -->\n<title>El Granero, nave multiuso y sector recreativo \/ Arquitecta Mariel Su\u00e1rez - Arquimaster<\/title>\n<meta name=\"description\" content=\"Espacio vers\u00e1til que permite incorporar diferentes usos seg\u00fan las necesidades para una familia en un terreno contiguo a su casa.\" \/>\n<meta name=\"robots\" content=\"index, follow, max-snippet:-1, max-image-preview:large, max-video-preview:-1\" \/>\n<link rel=\"canonical\" href=\"https:\/\/www.arquimaster.com.ar\/web\/el-granero-nave-multiuso-y-sector-recreativo-arquitecta-mariel-suarez\/\" \/>\n<meta property=\"og:locale\" content=\"es_ES\" \/>\n<meta property=\"og:type\" content=\"article\" \/>\n<meta property=\"og:title\" content=\"El Granero, nave multiuso y sector recreativo \/ Arquitecta Mariel Su\u00e1rez\" \/>\n<meta property=\"og:description\" content=\"Espacio vers\u00e1til que permite incorporar diferentes usos seg\u00fan las necesidades para una familia en un terreno contiguo a su casa.\" \/>\n<meta property=\"og:url\" content=\"https:\/\/www.arquimaster.com.ar\/web\/el-granero-nave-multiuso-y-sector-recreativo-arquitecta-mariel-suarez\/\" \/>\n<meta property=\"og:site_name\" content=\"Arquimaster\" \/>\n<meta property=\"article:publisher\" content=\"http:\/\/www.facebook.com\/ARQUIMASTER.com.ar\" \/>\n<meta property=\"article:published_time\" content=\"2022-06-16T23:33:05+00:00\" \/>\n<meta property=\"article:modified_time\" content=\"2022-11-26T15:53:40+00:00\" \/>\n<meta property=\"og:image\" content=\"https:\/\/www.arquimaster.com.ar\/web\/wp-content\/uploads\/2022\/06\/el_granero_slide.jpg\" \/>\n\t<meta property=\"og:image:width\" content=\"698\" \/>\n\t<meta property=\"og:image:height\" content=\"364\" \/>\n\t<meta property=\"og:image:type\" content=\"image\/jpeg\" \/>\n<meta name=\"author\" content=\"Arquimaster\" \/>\n<meta name=\"twitter:card\" content=\"summary_large_image\" \/>\n<meta name=\"twitter:title\" content=\"El Granero, nave multiuso y sector recreativo \/ Arquitecta Mariel Su\u00e1rez\" \/>\n<meta name=\"twitter:description\" content=\"Espacio vers\u00e1til que permite incorporar diferentes usos seg\u00fan las necesidades para una familia en un terreno contiguo a su casa.\" \/>\n<meta name=\"twitter:image\" content=\"https:\/\/www.arquimaster.com.ar\/web\/wp-content\/uploads\/2022\/06\/el_granero_slide.jpg\" \/>\n<meta name=\"twitter:creator\" content=\"@arquimaster\" \/>\n<meta name=\"twitter:site\" content=\"@arquimaster\" \/>\n<meta name=\"twitter:label1\" content=\"Escrito por\" \/>\n\t<meta name=\"twitter:data1\" content=\"Arquimaster\" \/>\n\t<meta name=\"twitter:label2\" content=\"Tiempo de lectura\" \/>\n\t<meta name=\"twitter:data2\" content=\"4 minutos\" \/>\n<script type=\"application\/ld+json\" class=\"yoast-schema-graph\">{\"@context\":\"https:\\\/\\\/schema.org\",\"@graph\":[{\"@type\":\"Article\",\"@id\":\"https:\\\/\\\/www.arquimaster.com.ar\\\/web\\\/el-granero-nave-multiuso-y-sector-recreativo-arquitecta-mariel-suarez\\\/#article\",\"isPartOf\":{\"@id\":\"https:\\\/\\\/www.arquimaster.com.ar\\\/web\\\/el-granero-nave-multiuso-y-sector-recreativo-arquitecta-mariel-suarez\\\/\"},\"author\":{\"name\":\"Arquimaster\",\"@id\":\"https:\\\/\\\/www.arquimaster.com.ar\\\/web\\\/#\\\/schema\\\/person\\\/359e9f7c00193fcde068e0dd2ceb0028\"},\"headline\":\"El Granero, nave multiuso y sector recreativo \\\/ Arquitecta Mariel Su\u00e1rez\",\"datePublished\":\"2022-06-16T23:33:05+00:00\",\"dateModified\":\"2022-11-26T15:53:40+00:00\",\"mainEntityOfPage\":{\"@id\":\"https:\\\/\\\/www.arquimaster.com.ar\\\/web\\\/el-granero-nave-multiuso-y-sector-recreativo-arquitecta-mariel-suarez\\\/\"},\"wordCount\":775,\"publisher\":{\"@id\":\"https:\\\/\\\/www.arquimaster.com.ar\\\/web\\\/#organization\"},\"image\":{\"@id\":\"https:\\\/\\\/www.arquimaster.com.ar\\\/web\\\/el-granero-nave-multiuso-y-sector-recreativo-arquitecta-mariel-suarez\\\/#primaryimage\"},\"thumbnailUrl\":\"https:\\\/\\\/www.arquimaster.com.ar\\\/web\\\/wp-content\\\/uploads\\\/2022\\\/06\\\/el_granero_slide.jpg\",\"keywords\":[\"Arquitecta Mariel Su\u00e1rez\",\"cancha de tenis\",\"espacio multiusos\",\"Fisherton\",\"gimnasio\",\"Mariel Su\u00e1rez\",\"nave multiusos\",\"oficina\",\"quincho\",\"Rosario\",\"Santa Fe\"],\"articleSection\":[\"Edificios para el deporte\",\"Edificios para la recreacion\",\"Proyecto\"],\"inLanguage\":\"es\"},{\"@type\":\"WebPage\",\"@id\":\"https:\\\/\\\/www.arquimaster.com.ar\\\/web\\\/el-granero-nave-multiuso-y-sector-recreativo-arquitecta-mariel-suarez\\\/\",\"url\":\"https:\\\/\\\/www.arquimaster.com.ar\\\/web\\\/el-granero-nave-multiuso-y-sector-recreativo-arquitecta-mariel-suarez\\\/\",\"name\":\"El Granero, nave multiuso y sector recreativo \\\/ Arquitecta Mariel Su\u00e1rez - Arquimaster\",\"isPartOf\":{\"@id\":\"https:\\\/\\\/www.arquimaster.com.ar\\\/web\\\/#website\"},\"primaryImageOfPage\":{\"@id\":\"https:\\\/\\\/www.arquimaster.com.ar\\\/web\\\/el-granero-nave-multiuso-y-sector-recreativo-arquitecta-mariel-suarez\\\/#primaryimage\"},\"image\":{\"@id\":\"https:\\\/\\\/www.arquimaster.com.ar\\\/web\\\/el-granero-nave-multiuso-y-sector-recreativo-arquitecta-mariel-suarez\\\/#primaryimage\"},\"thumbnailUrl\":\"https:\\\/\\\/www.arquimaster.com.ar\\\/web\\\/wp-content\\\/uploads\\\/2022\\\/06\\\/el_granero_slide.jpg\",\"datePublished\":\"2022-06-16T23:33:05+00:00\",\"dateModified\":\"2022-11-26T15:53:40+00:00\",\"description\":\"Espacio vers\u00e1til que permite incorporar diferentes usos seg\u00fan las necesidades para una familia en un terreno contiguo a su casa.\",\"breadcrumb\":{\"@id\":\"https:\\\/\\\/www.arquimaster.com.ar\\\/web\\\/el-granero-nave-multiuso-y-sector-recreativo-arquitecta-mariel-suarez\\\/#breadcrumb\"},\"inLanguage\":\"es\",\"potentialAction\":[{\"@type\":\"ReadAction\",\"target\":[\"https:\\\/\\\/www.arquimaster.com.ar\\\/web\\\/el-granero-nave-multiuso-y-sector-recreativo-arquitecta-mariel-suarez\\\/\"]}]},{\"@type\":\"ImageObject\",\"inLanguage\":\"es\",\"@id\":\"https:\\\/\\\/www.arquimaster.com.ar\\\/web\\\/el-granero-nave-multiuso-y-sector-recreativo-arquitecta-mariel-suarez\\\/#primaryimage\",\"url\":\"https:\\\/\\\/www.arquimaster.com.ar\\\/web\\\/wp-content\\\/uploads\\\/2022\\\/06\\\/el_granero_slide.jpg\",\"contentUrl\":\"https:\\\/\\\/www.arquimaster.com.ar\\\/web\\\/wp-content\\\/uploads\\\/2022\\\/06\\\/el_granero_slide.jpg\",\"width\":698,\"height\":364,\"caption\":\"El Granero, nave multiuso y sector recreativo \\\/ Arquitecta Mariel Su\u00e1rez\"},{\"@type\":\"BreadcrumbList\",\"@id\":\"https:\\\/\\\/www.arquimaster.com.ar\\\/web\\\/el-granero-nave-multiuso-y-sector-recreativo-arquitecta-mariel-suarez\\\/#breadcrumb\",\"itemListElement\":[{\"@type\":\"ListItem\",\"position\":1,\"name\":\"Portada\",\"item\":\"https:\\\/\\\/www.arquimaster.com.ar\\\/web\\\/\"},{\"@type\":\"ListItem\",\"position\":2,\"name\":\"El Granero, nave multiuso y sector recreativo \\\/ Arquitecta Mariel Su\u00e1rez\"}]},{\"@type\":\"WebSite\",\"@id\":\"https:\\\/\\\/www.arquimaster.com.ar\\\/web\\\/#website\",\"url\":\"https:\\\/\\\/www.arquimaster.com.ar\\\/web\\\/\",\"name\":\"Arquimaster\",\"description\":\"Web de arquitectura, dise\u00f1o y construccion\",\"publisher\":{\"@id\":\"https:\\\/\\\/www.arquimaster.com.ar\\\/web\\\/#organization\"},\"potentialAction\":[{\"@type\":\"SearchAction\",\"target\":{\"@type\":\"EntryPoint\",\"urlTemplate\":\"https:\\\/\\\/www.arquimaster.com.ar\\\/web\\\/?s={search_term_string}\"},\"query-input\":{\"@type\":\"PropertyValueSpecification\",\"valueRequired\":true,\"valueName\":\"search_term_string\"}}],\"inLanguage\":\"es\"},{\"@type\":\"Organization\",\"@id\":\"https:\\\/\\\/www.arquimaster.com.ar\\\/web\\\/#organization\",\"name\":\"Arquimaster\",\"url\":\"https:\\\/\\\/www.arquimaster.com.ar\\\/web\\\/\",\"logo\":{\"@type\":\"ImageObject\",\"inLanguage\":\"es\",\"@id\":\"https:\\\/\\\/www.arquimaster.com.ar\\\/web\\\/#\\\/schema\\\/logo\\\/image\\\/\",\"url\":\"https:\\\/\\\/www.arquimaster.com.ar\\\/web\\\/wp-content\\\/uploads\\\/2022\\\/06\\\/arquimaster.png\",\"contentUrl\":\"https:\\\/\\\/www.arquimaster.com.ar\\\/web\\\/wp-content\\\/uploads\\\/2022\\\/06\\\/arquimaster.png\",\"width\":594,\"height\":78,\"caption\":\"Arquimaster\"},\"image\":{\"@id\":\"https:\\\/\\\/www.arquimaster.com.ar\\\/web\\\/#\\\/schema\\\/logo\\\/image\\\/\"},\"sameAs\":[\"http:\\\/\\\/www.facebook.com\\\/ARQUIMASTER.com.ar\",\"https:\\\/\\\/x.com\\\/arquimaster\",\"https:\\\/\\\/www.instagram.com\\\/arquimasterblog\\\/\",\"https:\\\/\\\/www.linkedin.com\\\/company\\\/arquimaster\",\"https:\\\/\\\/www.pinterest.com\\\/arquimaster\",\"https:\\\/\\\/t.me\\\/arquimaster\"]},{\"@type\":\"Person\",\"@id\":\"https:\\\/\\\/www.arquimaster.com.ar\\\/web\\\/#\\\/schema\\\/person\\\/359e9f7c00193fcde068e0dd2ceb0028\",\"name\":\"Arquimaster\"}]}<\/script>\n<!-- \/ Yoast SEO plugin. -->","yoast_head_json":{"title":"El Granero, nave multiuso y sector recreativo \/ Arquitecta Mariel Su\u00e1rez - Arquimaster","description":"Espacio vers\u00e1til que permite incorporar diferentes usos seg\u00fan las necesidades para una familia en un terreno contiguo a su casa.","robots":{"index":"index","follow":"follow","max-snippet":"max-snippet:-1","max-image-preview":"max-image-preview:large","max-video-preview":"max-video-preview:-1"},"canonical":"https:\/\/www.arquimaster.com.ar\/web\/el-granero-nave-multiuso-y-sector-recreativo-arquitecta-mariel-suarez\/","og_locale":"es_ES","og_type":"article","og_title":"El Granero, nave multiuso y sector recreativo \/ Arquitecta Mariel Su\u00e1rez","og_description":"Espacio vers\u00e1til que permite incorporar diferentes usos seg\u00fan las necesidades para una familia en un terreno contiguo a su casa.","og_url":"https:\/\/www.arquimaster.com.ar\/web\/el-granero-nave-multiuso-y-sector-recreativo-arquitecta-mariel-suarez\/","og_site_name":"Arquimaster","article_publisher":"http:\/\/www.facebook.com\/ARQUIMASTER.com.ar","article_published_time":"2022-06-16T23:33:05+00:00","article_modified_time":"2022-11-26T15:53:40+00:00","og_image":[{"width":698,"height":364,"url":"https:\/\/www.arquimaster.com.ar\/web\/wp-content\/uploads\/2022\/06\/el_granero_slide.jpg","type":"image\/jpeg"}],"author":"Arquimaster","twitter_card":"summary_large_image","twitter_title":"El Granero, nave multiuso y sector recreativo \/ Arquitecta Mariel Su\u00e1rez","twitter_description":"Espacio vers\u00e1til que permite incorporar diferentes usos seg\u00fan las necesidades para una familia en un terreno contiguo a su casa.","twitter_image":"https:\/\/www.arquimaster.com.ar\/web\/wp-content\/uploads\/2022\/06\/el_granero_slide.jpg","twitter_creator":"@arquimaster","twitter_site":"@arquimaster","twitter_misc":{"Escrito por":"Arquimaster","Tiempo de lectura":"4 minutos"},"schema":{"@context":"https:\/\/schema.org","@graph":[{"@type":"Article","@id":"https:\/\/www.arquimaster.com.ar\/web\/el-granero-nave-multiuso-y-sector-recreativo-arquitecta-mariel-suarez\/#article","isPartOf":{"@id":"https:\/\/www.arquimaster.com.ar\/web\/el-granero-nave-multiuso-y-sector-recreativo-arquitecta-mariel-suarez\/"},"author":{"name":"Arquimaster","@id":"https:\/\/www.arquimaster.com.ar\/web\/#\/schema\/person\/359e9f7c00193fcde068e0dd2ceb0028"},"headline":"El Granero, nave multiuso y sector recreativo \/ Arquitecta Mariel Su\u00e1rez","datePublished":"2022-06-16T23:33:05+00:00","dateModified":"2022-11-26T15:53:40+00:00","mainEntityOfPage":{"@id":"https:\/\/www.arquimaster.com.ar\/web\/el-granero-nave-multiuso-y-sector-recreativo-arquitecta-mariel-suarez\/"},"wordCount":775,"publisher":{"@id":"https:\/\/www.arquimaster.com.ar\/web\/#organization"},"image":{"@id":"https:\/\/www.arquimaster.com.ar\/web\/el-granero-nave-multiuso-y-sector-recreativo-arquitecta-mariel-suarez\/#primaryimage"},"thumbnailUrl":"https:\/\/www.arquimaster.com.ar\/web\/wp-content\/uploads\/2022\/06\/el_granero_slide.jpg","keywords":["Arquitecta Mariel Su\u00e1rez","cancha de tenis","espacio multiusos","Fisherton","gimnasio","Mariel Su\u00e1rez","nave multiusos","oficina","quincho","Rosario","Santa Fe"],"articleSection":["Edificios para el deporte","Edificios para la recreacion","Proyecto"],"inLanguage":"es"},{"@type":"WebPage","@id":"https:\/\/www.arquimaster.com.ar\/web\/el-granero-nave-multiuso-y-sector-recreativo-arquitecta-mariel-suarez\/","url":"https:\/\/www.arquimaster.com.ar\/web\/el-granero-nave-multiuso-y-sector-recreativo-arquitecta-mariel-suarez\/","name":"El Granero, nave multiuso y sector recreativo \/ Arquitecta Mariel Su\u00e1rez - Arquimaster","isPartOf":{"@id":"https:\/\/www.arquimaster.com.ar\/web\/#website"},"primaryImageOfPage":{"@id":"https:\/\/www.arquimaster.com.ar\/web\/el-granero-nave-multiuso-y-sector-recreativo-arquitecta-mariel-suarez\/#primaryimage"},"image":{"@id":"https:\/\/www.arquimaster.com.ar\/web\/el-granero-nave-multiuso-y-sector-recreativo-arquitecta-mariel-suarez\/#primaryimage"},"thumbnailUrl":"https:\/\/www.arquimaster.com.ar\/web\/wp-content\/uploads\/2022\/06\/el_granero_slide.jpg","datePublished":"2022-06-16T23:33:05+00:00","dateModified":"2022-11-26T15:53:40+00:00","description":"Espacio vers\u00e1til que permite incorporar diferentes usos seg\u00fan las necesidades para una familia en un terreno contiguo a su casa.","breadcrumb":{"@id":"https:\/\/www.arquimaster.com.ar\/web\/el-granero-nave-multiuso-y-sector-recreativo-arquitecta-mariel-suarez\/#breadcrumb"},"inLanguage":"es","potentialAction":[{"@type":"ReadAction","target":["https:\/\/www.arquimaster.com.ar\/web\/el-granero-nave-multiuso-y-sector-recreativo-arquitecta-mariel-suarez\/"]}]},{"@type":"ImageObject","inLanguage":"es","@id":"https:\/\/www.arquimaster.com.ar\/web\/el-granero-nave-multiuso-y-sector-recreativo-arquitecta-mariel-suarez\/#primaryimage","url":"https:\/\/www.arquimaster.com.ar\/web\/wp-content\/uploads\/2022\/06\/el_granero_slide.jpg","contentUrl":"https:\/\/www.arquimaster.com.ar\/web\/wp-content\/uploads\/2022\/06\/el_granero_slide.jpg","width":698,"height":364,"caption":"El Granero, nave multiuso y sector recreativo \/ Arquitecta Mariel Su\u00e1rez"},{"@type":"BreadcrumbList","@id":"https:\/\/www.arquimaster.com.ar\/web\/el-granero-nave-multiuso-y-sector-recreativo-arquitecta-mariel-suarez\/#breadcrumb","itemListElement":[{"@type":"ListItem","position":1,"name":"Portada","item":"https:\/\/www.arquimaster.com.ar\/web\/"},{"@type":"ListItem","position":2,"name":"El Granero, nave multiuso y sector recreativo \/ Arquitecta Mariel Su\u00e1rez"}]},{"@type":"WebSite","@id":"https:\/\/www.arquimaster.com.ar\/web\/#website","url":"https:\/\/www.arquimaster.com.ar\/web\/","name":"Arquimaster","description":"Web de arquitectura, dise\u00f1o y construccion","publisher":{"@id":"https:\/\/www.arquimaster.com.ar\/web\/#organization"},"potentialAction":[{"@type":"SearchAction","target":{"@type":"EntryPoint","urlTemplate":"https:\/\/www.arquimaster.com.ar\/web\/?s={search_term_string}"},"query-input":{"@type":"PropertyValueSpecification","valueRequired":true,"valueName":"search_term_string"}}],"inLanguage":"es"},{"@type":"Organization","@id":"https:\/\/www.arquimaster.com.ar\/web\/#organization","name":"Arquimaster","url":"https:\/\/www.arquimaster.com.ar\/web\/","logo":{"@type":"ImageObject","inLanguage":"es","@id":"https:\/\/www.arquimaster.com.ar\/web\/#\/schema\/logo\/image\/","url":"https:\/\/www.arquimaster.com.ar\/web\/wp-content\/uploads\/2022\/06\/arquimaster.png","contentUrl":"https:\/\/www.arquimaster.com.ar\/web\/wp-content\/uploads\/2022\/06\/arquimaster.png","width":594,"height":78,"caption":"Arquimaster"},"image":{"@id":"https:\/\/www.arquimaster.com.ar\/web\/#\/schema\/logo\/image\/"},"sameAs":["http:\/\/www.facebook.com\/ARQUIMASTER.com.ar","https:\/\/x.com\/arquimaster","https:\/\/www.instagram.com\/arquimasterblog\/","https:\/\/www.linkedin.com\/company\/arquimaster","https:\/\/www.pinterest.com\/arquimaster","https:\/\/t.me\/arquimaster"]},{"@type":"Person","@id":"https:\/\/www.arquimaster.com.ar\/web\/#\/schema\/person\/359e9f7c00193fcde068e0dd2ceb0028","name":"Arquimaster"}]}},"uagb_featured_image_src":{"full":["https:\/\/www.arquimaster.com.ar\/web\/wp-content\/uploads\/2022\/06\/el_granero_slide.jpg",698,364,false],"thumbnail":["https:\/\/www.arquimaster.com.ar\/web\/wp-content\/uploads\/2022\/06\/el_granero_slide-150x150.jpg",150,150,true],"medium":["https:\/\/www.arquimaster.com.ar\/web\/wp-content\/uploads\/2022\/06\/el_granero_slide.jpg",698,364,false],"medium_large":["https:\/\/www.arquimaster.com.ar\/web\/wp-content\/uploads\/2022\/06\/el_granero_slide.jpg",698,364,false],"large":["https:\/\/www.arquimaster.com.ar\/web\/wp-content\/uploads\/2022\/06\/el_granero_slide.jpg",698,364,false],"1536x1536":["https:\/\/www.arquimaster.com.ar\/web\/wp-content\/uploads\/2022\/06\/el_granero_slide.jpg",698,364,false],"2048x2048":["https:\/\/www.arquimaster.com.ar\/web\/wp-content\/uploads\/2022\/06\/el_granero_slide.jpg",698,364,false]},"uagb_author_info":{"display_name":"Arquimaster","author_link":"https:\/\/www.arquimaster.com.ar\/web\/author\/arquimaster\/"},"uagb_comment_info":0,"uagb_excerpt":"Espacio vers\u00e1til que permite incorporar diferentes usos seg\u00fan las necesidades...","_links":{"self":[{"href":"https:\/\/www.arquimaster.com.ar\/web\/wp-json\/wp\/v2\/posts\/70566","targetHints":{"allow":["GET"]}}],"collection":[{"href":"https:\/\/www.arquimaster.com.ar\/web\/wp-json\/wp\/v2\/posts"}],"about":[{"href":"https:\/\/www.arquimaster.com.ar\/web\/wp-json\/wp\/v2\/types\/post"}],"author":[{"embeddable":true,"href":"https:\/\/www.arquimaster.com.ar\/web\/wp-json\/wp\/v2\/users\/1"}],"replies":[{"embeddable":true,"href":"https:\/\/www.arquimaster.com.ar\/web\/wp-json\/wp\/v2\/comments?post=70566"}],"version-history":[{"count":1,"href":"https:\/\/www.arquimaster.com.ar\/web\/wp-json\/wp\/v2\/posts\/70566\/revisions"}],"predecessor-version":[{"id":70688,"href":"https:\/\/www.arquimaster.com.ar\/web\/wp-json\/wp\/v2\/posts\/70566\/revisions\/70688"}],"wp:featuredmedia":[{"embeddable":true,"href":"https:\/\/www.arquimaster.com.ar\/web\/wp-json\/wp\/v2\/media\/70567"}],"wp:attachment":[{"href":"https:\/\/www.arquimaster.com.ar\/web\/wp-json\/wp\/v2\/media?parent=70566"}],"wp:term":[{"taxonomy":"category","embeddable":true,"href":"https:\/\/www.arquimaster.com.ar\/web\/wp-json\/wp\/v2\/categories?post=70566"},{"taxonomy":"post_tag","embeddable":true,"href":"https:\/\/www.arquimaster.com.ar\/web\/wp-json\/wp\/v2\/tags?post=70566"}],"curies":[{"name":"wp","href":"https:\/\/api.w.org\/{rel}","templated":true}]}}