{"id":70777,"date":"2022-06-16T21:19:34","date_gmt":"2022-06-17T00:19:34","guid":{"rendered":"https:\/\/www.arquimaster.com.ar\/web\/?p=70777"},"modified":"2022-11-30T12:17:44","modified_gmt":"2022-11-30T15:17:44","slug":"casa-refugio-el-chaja-tatu-arquitectura","status":"publish","type":"post","link":"https:\/\/www.arquimaster.com.ar\/web\/casa-refugio-el-chaja-tatu-arquitectura\/","title":{"rendered":"Casa-refugio El Chaj\u00e1 \/ TATU Arquitectura"},"content":{"rendered":"<div style=\"margin-top: 0px; margin-bottom: 0px;\" class=\"sharethis-inline-share-buttons\" ><\/div><div class=\"b812932af2e751442846f039925109de\" data-index=\"1\" style=\"float: none; margin:25px 0 25px 0; text-align:center;\">\n<script async src=\"https:\/\/pagead2.googlesyndication.com\/pagead\/js\/adsbygoogle.js\"><\/script>\r\n<!-- Arquimaster (superior) -->\r\n<ins class=\"adsbygoogle\"\r\n     style=\"display:block\"\r\n     data-ad-client=\"ca-pub-6351072698456832\"\r\n     data-ad-slot=\"6455489680\"\r\n     data-ad-format=\"auto\"\r\n     data-full-width-responsive=\"true\"><\/ins>\r\n<script>\r\n     (adsbygoogle = window.adsbygoogle || []).push({});\r\n<\/script>\n<\/div>\n<p><strong>Casa-refugio El Chaj\u00e1<\/strong> (Maldonado, Uruguay) por <strong>TATU Arquitectura<\/strong>. En el terreno a intervenir, ubicado pr\u00f3ximo a la Laguna del Sauce, Maldonado, exist\u00eda una construcci\u00f3n abandonada que fue utilizada previamente para el almacenaje de forraje y herramientas de campo. La construcci\u00f3n hab\u00eda sido ejecutada en construcci\u00f3n tradicional y aunque se encontraba en desuso, gran parte de su estructura estaba en buen estado de conservaci\u00f3n. El comitente, que se encontraba radicado en Francia, nos convoc\u00f3 para realizar una intervenci\u00f3n que transformara esta construcci\u00f3n en su segunda residencia, la cual ser\u00eda utilizada temporalmente en aquellos momentos en que visitaran Uruguay.<\/p>\n<div id='gallery-1' class='gallery galleryid-70777 gallery-columns-3 gallery-size-thumbnail'><figure class='gallery-item'>\n\t\t\t<div class='gallery-icon landscape'>\n\t\t\t\t<a href='https:\/\/www.arquimaster.com.ar\/web\/wp-content\/uploads\/2022\/06\/el_chaja1.jpg' title=\"Casa-refugio El Chaj\u00e1 \/ TATU Arquitectura (\u00a9 Marcos Guiponi)\" data-rl_title=\"Casa-refugio El Chaj\u00e1 \/ TATU Arquitectura (\u00a9 Marcos Guiponi)\" class=\"rl-gallery-link\" data-rl_caption=\"Casa-refugio El Chaj\u00e1 \/ TATU Arquitectura (\u00a9 Marcos Guiponi)\" data-rel=\"lightbox-gallery-1\"><img loading=\"lazy\" decoding=\"async\" width=\"150\" height=\"150\" src=\"https:\/\/www.arquimaster.com.ar\/web\/wp-content\/uploads\/2022\/06\/el_chaja1-150x150.jpg\" class=\"attachment-thumbnail size-thumbnail\" alt=\"Casa-refugio El Chaj\u00e1 \/ TATU Arquitectura\" aria-describedby=\"gallery-1-70779\" \/><\/a>\n\t\t\t<\/div>\n\t\t\t\t<figcaption class='wp-caption-text gallery-caption' id='gallery-1-70779'>\n\t\t\t\tCasa-refugio El Chaj\u00e1 \/ TATU Arquitectura (\u00a9 Marcos Guiponi)\n\t\t\t\t<\/figcaption><\/figure><figure class='gallery-item'>\n\t\t\t<div class='gallery-icon landscape'>\n\t\t\t\t<a href='https:\/\/www.arquimaster.com.ar\/web\/wp-content\/uploads\/2022\/06\/el_chaja2.jpg' title=\"Casa-refugio El Chaj\u00e1 \/ TATU Arquitectura (\u00a9 Marcos Guiponi)\" data-rl_title=\"Casa-refugio El Chaj\u00e1 \/ TATU Arquitectura (\u00a9 Marcos Guiponi)\" class=\"rl-gallery-link\" data-rl_caption=\"Casa-refugio El Chaj\u00e1 \/ TATU Arquitectura (\u00a9 Marcos Guiponi)\" data-rel=\"lightbox-gallery-1\"><img loading=\"lazy\" decoding=\"async\" width=\"150\" height=\"150\" src=\"https:\/\/www.arquimaster.com.ar\/web\/wp-content\/uploads\/2022\/06\/el_chaja2-150x150.jpg\" class=\"attachment-thumbnail size-thumbnail\" alt=\"Casa-refugio El Chaj\u00e1 \/ TATU Arquitectura\" aria-describedby=\"gallery-1-70780\" \/><\/a>\n\t\t\t<\/div>\n\t\t\t\t<figcaption class='wp-caption-text gallery-caption' id='gallery-1-70780'>\n\t\t\t\tCasa-refugio El Chaj\u00e1 \/ TATU Arquitectura (\u00a9 Marcos Guiponi)\n\t\t\t\t<\/figcaption><\/figure><figure class='gallery-item'>\n\t\t\t<div class='gallery-icon landscape'>\n\t\t\t\t<a href='https:\/\/www.arquimaster.com.ar\/web\/wp-content\/uploads\/2022\/06\/el_chaja3.jpg' title=\"Casa-refugio El Chaj\u00e1 \/ TATU Arquitectura (\u00a9 Marcos Guiponi)\" data-rl_title=\"Casa-refugio El Chaj\u00e1 \/ TATU Arquitectura (\u00a9 Marcos Guiponi)\" class=\"rl-gallery-link\" data-rl_caption=\"Casa-refugio El Chaj\u00e1 \/ TATU Arquitectura (\u00a9 Marcos Guiponi)\" data-rel=\"lightbox-gallery-1\"><img loading=\"lazy\" decoding=\"async\" width=\"150\" height=\"150\" src=\"https:\/\/www.arquimaster.com.ar\/web\/wp-content\/uploads\/2022\/06\/el_chaja3-150x150.jpg\" class=\"attachment-thumbnail size-thumbnail\" alt=\"Casa-refugio El Chaj\u00e1 \/ TATU Arquitectura\" aria-describedby=\"gallery-1-70781\" \/><\/a>\n\t\t\t<\/div>\n\t\t\t\t<figcaption class='wp-caption-text gallery-caption' id='gallery-1-70781'>\n\t\t\t\tCasa-refugio El Chaj\u00e1 \/ TATU Arquitectura (\u00a9 Marcos Guiponi)\n\t\t\t\t<\/figcaption><\/figure><figure class='gallery-item'>\n\t\t\t<div class='gallery-icon landscape'>\n\t\t\t\t<a href='https:\/\/www.arquimaster.com.ar\/web\/wp-content\/uploads\/2022\/06\/el_chaja4.jpg' title=\"Casa-refugio El Chaj\u00e1 \/ TATU Arquitectura (\u00a9 Marcos Guiponi)\" data-rl_title=\"Casa-refugio El Chaj\u00e1 \/ TATU Arquitectura (\u00a9 Marcos Guiponi)\" class=\"rl-gallery-link\" data-rl_caption=\"Casa-refugio El Chaj\u00e1 \/ TATU Arquitectura (\u00a9 Marcos Guiponi)\" data-rel=\"lightbox-gallery-1\"><img loading=\"lazy\" decoding=\"async\" width=\"150\" height=\"150\" src=\"https:\/\/www.arquimaster.com.ar\/web\/wp-content\/uploads\/2022\/06\/el_chaja4-150x150.jpg\" class=\"attachment-thumbnail size-thumbnail\" alt=\"Casa-refugio El Chaj\u00e1 \/ TATU Arquitectura\" aria-describedby=\"gallery-1-70782\" \/><\/a>\n\t\t\t<\/div>\n\t\t\t\t<figcaption class='wp-caption-text gallery-caption' id='gallery-1-70782'>\n\t\t\t\tCasa-refugio El Chaj\u00e1 \/ TATU Arquitectura (\u00a9 Marcos Guiponi)\n\t\t\t\t<\/figcaption><\/figure><figure class='gallery-item'>\n\t\t\t<div class='gallery-icon landscape'>\n\t\t\t\t<a href='https:\/\/www.arquimaster.com.ar\/web\/wp-content\/uploads\/2022\/06\/el_chaja5.jpg' title=\"Casa-refugio El Chaj\u00e1 \/ TATU Arquitectura (\u00a9 Marcos Guiponi)\" data-rl_title=\"Casa-refugio El Chaj\u00e1 \/ TATU Arquitectura (\u00a9 Marcos Guiponi)\" class=\"rl-gallery-link\" data-rl_caption=\"Casa-refugio El Chaj\u00e1 \/ TATU Arquitectura (\u00a9 Marcos Guiponi)\" data-rel=\"lightbox-gallery-1\"><img loading=\"lazy\" decoding=\"async\" width=\"150\" height=\"150\" src=\"https:\/\/www.arquimaster.com.ar\/web\/wp-content\/uploads\/2022\/06\/el_chaja5-150x150.jpg\" class=\"attachment-thumbnail size-thumbnail\" alt=\"Casa-refugio El Chaj\u00e1 \/ TATU Arquitectura\" aria-describedby=\"gallery-1-70783\" \/><\/a>\n\t\t\t<\/div>\n\t\t\t\t<figcaption class='wp-caption-text gallery-caption' id='gallery-1-70783'>\n\t\t\t\tCasa-refugio El Chaj\u00e1 \/ TATU Arquitectura (\u00a9 Marcos Guiponi)\n\t\t\t\t<\/figcaption><\/figure><figure class='gallery-item'>\n\t\t\t<div class='gallery-icon landscape'>\n\t\t\t\t<a href='https:\/\/www.arquimaster.com.ar\/web\/wp-content\/uploads\/2022\/06\/el_chaja6.jpg' title=\"Casa-refugio El Chaj\u00e1 \/ TATU Arquitectura (\u00a9 Marcos Guiponi)\" data-rl_title=\"Casa-refugio El Chaj\u00e1 \/ TATU Arquitectura (\u00a9 Marcos Guiponi)\" class=\"rl-gallery-link\" data-rl_caption=\"Casa-refugio El Chaj\u00e1 \/ TATU Arquitectura (\u00a9 Marcos Guiponi)\" data-rel=\"lightbox-gallery-1\"><img loading=\"lazy\" decoding=\"async\" width=\"150\" height=\"150\" src=\"https:\/\/www.arquimaster.com.ar\/web\/wp-content\/uploads\/2022\/06\/el_chaja6-150x150.jpg\" class=\"attachment-thumbnail size-thumbnail\" alt=\"Casa-refugio El Chaj\u00e1 \/ TATU Arquitectura\" aria-describedby=\"gallery-1-70784\" \/><\/a>\n\t\t\t<\/div>\n\t\t\t\t<figcaption class='wp-caption-text gallery-caption' id='gallery-1-70784'>\n\t\t\t\tCasa-refugio El Chaj\u00e1 \/ TATU Arquitectura (\u00a9 Marcos Guiponi)\n\t\t\t\t<\/figcaption><\/figure><figure class='gallery-item'>\n\t\t\t<div class='gallery-icon portrait'>\n\t\t\t\t<a href='https:\/\/www.arquimaster.com.ar\/web\/wp-content\/uploads\/2022\/06\/el_chaja7.jpg' title=\"Casa-refugio El Chaj\u00e1 \/ TATU Arquitectura (\u00a9 Marcos Guiponi)\" data-rl_title=\"Casa-refugio El Chaj\u00e1 \/ TATU Arquitectura (\u00a9 Marcos Guiponi)\" class=\"rl-gallery-link\" data-rl_caption=\"Casa-refugio El Chaj\u00e1 \/ TATU Arquitectura (\u00a9 Marcos Guiponi)\" data-rel=\"lightbox-gallery-1\"><img loading=\"lazy\" decoding=\"async\" width=\"150\" height=\"150\" src=\"https:\/\/www.arquimaster.com.ar\/web\/wp-content\/uploads\/2022\/06\/el_chaja7-150x150.jpg\" class=\"attachment-thumbnail size-thumbnail\" alt=\"Casa-refugio El Chaj\u00e1 \/ TATU Arquitectura\" aria-describedby=\"gallery-1-70785\" \/><\/a>\n\t\t\t<\/div>\n\t\t\t\t<figcaption class='wp-caption-text gallery-caption' id='gallery-1-70785'>\n\t\t\t\tCasa-refugio El Chaj\u00e1 \/ TATU Arquitectura (\u00a9 Marcos Guiponi)\n\t\t\t\t<\/figcaption><\/figure><figure class='gallery-item'>\n\t\t\t<div class='gallery-icon portrait'>\n\t\t\t\t<a href='https:\/\/www.arquimaster.com.ar\/web\/wp-content\/uploads\/2022\/06\/el_chaja8.jpg' title=\"Casa-refugio El Chaj\u00e1 \/ TATU Arquitectura (\u00a9 Marcos Guiponi)\" data-rl_title=\"Casa-refugio El Chaj\u00e1 \/ TATU Arquitectura (\u00a9 Marcos Guiponi)\" class=\"rl-gallery-link\" data-rl_caption=\"Casa-refugio El Chaj\u00e1 \/ TATU Arquitectura (\u00a9 Marcos Guiponi)\" data-rel=\"lightbox-gallery-1\"><img loading=\"lazy\" decoding=\"async\" width=\"150\" height=\"150\" src=\"https:\/\/www.arquimaster.com.ar\/web\/wp-content\/uploads\/2022\/06\/el_chaja8-150x150.jpg\" class=\"attachment-thumbnail size-thumbnail\" alt=\"Casa-refugio El Chaj\u00e1 \/ TATU Arquitectura\" aria-describedby=\"gallery-1-70786\" \/><\/a>\n\t\t\t<\/div>\n\t\t\t\t<figcaption class='wp-caption-text gallery-caption' id='gallery-1-70786'>\n\t\t\t\tCasa-refugio El Chaj\u00e1 \/ TATU Arquitectura (\u00a9 Marcos Guiponi)\n\t\t\t\t<\/figcaption><\/figure><figure class='gallery-item'>\n\t\t\t<div class='gallery-icon landscape'>\n\t\t\t\t<a href='https:\/\/www.arquimaster.com.ar\/web\/wp-content\/uploads\/2022\/06\/el_chaja9.jpg' title=\"Casa-refugio El Chaj\u00e1 \/ TATU Arquitectura (\u00a9 Marcos Guiponi)\" data-rl_title=\"Casa-refugio El Chaj\u00e1 \/ TATU Arquitectura (\u00a9 Marcos Guiponi)\" class=\"rl-gallery-link\" data-rl_caption=\"Casa-refugio El Chaj\u00e1 \/ TATU Arquitectura (\u00a9 Marcos Guiponi)\" data-rel=\"lightbox-gallery-1\"><img loading=\"lazy\" decoding=\"async\" width=\"150\" height=\"150\" src=\"https:\/\/www.arquimaster.com.ar\/web\/wp-content\/uploads\/2022\/06\/el_chaja9-150x150.jpg\" class=\"attachment-thumbnail size-thumbnail\" alt=\"Casa-refugio El Chaj\u00e1 \/ TATU Arquitectura\" aria-describedby=\"gallery-1-70787\" \/><\/a>\n\t\t\t<\/div>\n\t\t\t\t<figcaption class='wp-caption-text gallery-caption' id='gallery-1-70787'>\n\t\t\t\tCasa-refugio El Chaj\u00e1 \/ TATU Arquitectura (\u00a9 Marcos Guiponi)\n\t\t\t\t<\/figcaption><\/figure><figure class='gallery-item'>\n\t\t\t<div class='gallery-icon landscape'>\n\t\t\t\t<a href='https:\/\/www.arquimaster.com.ar\/web\/wp-content\/uploads\/2022\/06\/el_chaja10.jpg' title=\"Casa-refugio El Chaj\u00e1 \/ TATU Arquitectura (\u00a9 Marcos Guiponi)\" data-rl_title=\"Casa-refugio El Chaj\u00e1 \/ TATU Arquitectura (\u00a9 Marcos Guiponi)\" class=\"rl-gallery-link\" data-rl_caption=\"Casa-refugio El Chaj\u00e1 \/ TATU Arquitectura (\u00a9 Marcos Guiponi)\" data-rel=\"lightbox-gallery-1\"><img loading=\"lazy\" decoding=\"async\" width=\"150\" height=\"150\" src=\"https:\/\/www.arquimaster.com.ar\/web\/wp-content\/uploads\/2022\/06\/el_chaja10-150x150.jpg\" class=\"attachment-thumbnail size-thumbnail\" alt=\"Casa-refugio El Chaj\u00e1 \/ TATU Arquitectura\" aria-describedby=\"gallery-1-70788\" \/><\/a>\n\t\t\t<\/div>\n\t\t\t\t<figcaption class='wp-caption-text gallery-caption' id='gallery-1-70788'>\n\t\t\t\tCasa-refugio El Chaj\u00e1 \/ TATU Arquitectura (\u00a9 Marcos Guiponi)\n\t\t\t\t<\/figcaption><\/figure><figure class='gallery-item'>\n\t\t\t<div class='gallery-icon portrait'>\n\t\t\t\t<a href='https:\/\/www.arquimaster.com.ar\/web\/wp-content\/uploads\/2022\/06\/el_chaja11.jpg' title=\"Casa-refugio El Chaj\u00e1 \/ TATU Arquitectura (\u00a9 Marcos Guiponi)\" data-rl_title=\"Casa-refugio El Chaj\u00e1 \/ TATU Arquitectura (\u00a9 Marcos Guiponi)\" class=\"rl-gallery-link\" data-rl_caption=\"Casa-refugio El Chaj\u00e1 \/ TATU Arquitectura (\u00a9 Marcos Guiponi)\" data-rel=\"lightbox-gallery-1\"><img loading=\"lazy\" decoding=\"async\" width=\"150\" height=\"150\" src=\"https:\/\/www.arquimaster.com.ar\/web\/wp-content\/uploads\/2022\/06\/el_chaja11-150x150.jpg\" class=\"attachment-thumbnail size-thumbnail\" alt=\"Casa-refugio El Chaj\u00e1 \/ TATU Arquitectura\" aria-describedby=\"gallery-1-70789\" \/><\/a>\n\t\t\t<\/div>\n\t\t\t\t<figcaption class='wp-caption-text gallery-caption' id='gallery-1-70789'>\n\t\t\t\tCasa-refugio El Chaj\u00e1 \/ TATU Arquitectura (\u00a9 Marcos Guiponi)\n\t\t\t\t<\/figcaption><\/figure><figure class='gallery-item'>\n\t\t\t<div class='gallery-icon landscape'>\n\t\t\t\t<a href='https:\/\/www.arquimaster.com.ar\/web\/wp-content\/uploads\/2022\/06\/el_chaja12.jpg' title=\"Casa-refugio El Chaj\u00e1 \/ TATU Arquitectura (\u00a9 Marcos Guiponi)\" data-rl_title=\"Casa-refugio El Chaj\u00e1 \/ TATU Arquitectura (\u00a9 Marcos Guiponi)\" class=\"rl-gallery-link\" data-rl_caption=\"Casa-refugio El Chaj\u00e1 \/ TATU Arquitectura (\u00a9 Marcos Guiponi)\" data-rel=\"lightbox-gallery-1\"><img loading=\"lazy\" decoding=\"async\" width=\"150\" height=\"150\" src=\"https:\/\/www.arquimaster.com.ar\/web\/wp-content\/uploads\/2022\/06\/el_chaja12-150x150.jpg\" class=\"attachment-thumbnail size-thumbnail\" alt=\"Casa-refugio El Chaj\u00e1 \/ TATU Arquitectura\" aria-describedby=\"gallery-1-70790\" \/><\/a>\n\t\t\t<\/div>\n\t\t\t\t<figcaption class='wp-caption-text gallery-caption' id='gallery-1-70790'>\n\t\t\t\tCasa-refugio El Chaj\u00e1 \/ TATU Arquitectura (\u00a9 Marcos Guiponi)\n\t\t\t\t<\/figcaption><\/figure><figure class='gallery-item'>\n\t\t\t<div class='gallery-icon landscape'>\n\t\t\t\t<a href='https:\/\/www.arquimaster.com.ar\/web\/wp-content\/uploads\/2022\/06\/el_chaja13.jpg' title=\"Casa-refugio El Chaj\u00e1 \/ TATU Arquitectura (\u00a9 Marcos Guiponi)\" data-rl_title=\"Casa-refugio El Chaj\u00e1 \/ TATU Arquitectura (\u00a9 Marcos Guiponi)\" class=\"rl-gallery-link\" data-rl_caption=\"Casa-refugio El Chaj\u00e1 \/ TATU Arquitectura (\u00a9 Marcos Guiponi)\" data-rel=\"lightbox-gallery-1\"><img loading=\"lazy\" decoding=\"async\" width=\"150\" height=\"150\" src=\"https:\/\/www.arquimaster.com.ar\/web\/wp-content\/uploads\/2022\/06\/el_chaja13-150x150.jpg\" class=\"attachment-thumbnail size-thumbnail\" alt=\"Casa-refugio El Chaj\u00e1 \/ TATU Arquitectura\" aria-describedby=\"gallery-1-70791\" \/><\/a>\n\t\t\t<\/div>\n\t\t\t\t<figcaption class='wp-caption-text gallery-caption' id='gallery-1-70791'>\n\t\t\t\tCasa-refugio El Chaj\u00e1 \/ TATU Arquitectura (\u00a9 Marcos Guiponi)\n\t\t\t\t<\/figcaption><\/figure><figure class='gallery-item'>\n\t\t\t<div class='gallery-icon landscape'>\n\t\t\t\t<a href='https:\/\/www.arquimaster.com.ar\/web\/wp-content\/uploads\/2022\/06\/el_chaja14.jpg' title=\"Casa-refugio El Chaj\u00e1 \/ TATU Arquitectura (\u00a9 Marcos Guiponi)\" data-rl_title=\"Casa-refugio El Chaj\u00e1 \/ TATU Arquitectura (\u00a9 Marcos Guiponi)\" class=\"rl-gallery-link\" data-rl_caption=\"Casa-refugio El Chaj\u00e1 \/ TATU Arquitectura (\u00a9 Marcos Guiponi)\" data-rel=\"lightbox-gallery-1\"><img loading=\"lazy\" decoding=\"async\" width=\"150\" height=\"150\" src=\"https:\/\/www.arquimaster.com.ar\/web\/wp-content\/uploads\/2022\/06\/el_chaja14-150x150.jpg\" class=\"attachment-thumbnail size-thumbnail\" alt=\"Casa-refugio El Chaj\u00e1 \/ TATU Arquitectura\" aria-describedby=\"gallery-1-70792\" \/><\/a>\n\t\t\t<\/div>\n\t\t\t\t<figcaption class='wp-caption-text gallery-caption' id='gallery-1-70792'>\n\t\t\t\tCasa-refugio El Chaj\u00e1 \/ TATU Arquitectura (\u00a9 Marcos Guiponi)\n\t\t\t\t<\/figcaption><\/figure><figure class='gallery-item'>\n\t\t\t<div class='gallery-icon portrait'>\n\t\t\t\t<a href='https:\/\/www.arquimaster.com.ar\/web\/wp-content\/uploads\/2022\/06\/el_chaja15.jpg' title=\"Casa-refugio El Chaj\u00e1 \/ TATU Arquitectura (\u00a9 Marcos Guiponi)\" data-rl_title=\"Casa-refugio El Chaj\u00e1 \/ TATU Arquitectura (\u00a9 Marcos Guiponi)\" class=\"rl-gallery-link\" data-rl_caption=\"Casa-refugio El Chaj\u00e1 \/ TATU Arquitectura (\u00a9 Marcos Guiponi)\" data-rel=\"lightbox-gallery-1\"><img loading=\"lazy\" decoding=\"async\" width=\"150\" height=\"150\" src=\"https:\/\/www.arquimaster.com.ar\/web\/wp-content\/uploads\/2022\/06\/el_chaja15-150x150.jpg\" class=\"attachment-thumbnail size-thumbnail\" alt=\"Casa-refugio El Chaj\u00e1 \/ TATU Arquitectura\" aria-describedby=\"gallery-1-70793\" \/><\/a>\n\t\t\t<\/div>\n\t\t\t\t<figcaption class='wp-caption-text gallery-caption' id='gallery-1-70793'>\n\t\t\t\tCasa-refugio El Chaj\u00e1 \/ TATU Arquitectura (\u00a9 Marcos Guiponi)\n\t\t\t\t<\/figcaption><\/figure><figure class='gallery-item'>\n\t\t\t<div class='gallery-icon landscape'>\n\t\t\t\t<a href='https:\/\/www.arquimaster.com.ar\/web\/wp-content\/uploads\/2022\/06\/el_chaja16.jpg' title=\"Casa-refugio El Chaj\u00e1 \/ TATU Arquitectura (implantacion)\" data-rl_title=\"Casa-refugio El Chaj\u00e1 \/ TATU Arquitectura (implantacion)\" class=\"rl-gallery-link\" data-rl_caption=\"Casa-refugio El Chaj\u00e1 \/ TATU Arquitectura (implantacion)\" data-rel=\"lightbox-gallery-1\"><img loading=\"lazy\" decoding=\"async\" width=\"150\" height=\"150\" src=\"https:\/\/www.arquimaster.com.ar\/web\/wp-content\/uploads\/2022\/06\/el_chaja16-150x150.jpg\" class=\"attachment-thumbnail size-thumbnail\" alt=\"Casa-refugio El Chaj\u00e1 \/ TATU Arquitectura\" aria-describedby=\"gallery-1-70794\" srcset=\"https:\/\/www.arquimaster.com.ar\/web\/wp-content\/uploads\/2022\/06\/el_chaja16-150x150.jpg 150w, https:\/\/www.arquimaster.com.ar\/web\/wp-content\/uploads\/2022\/06\/el_chaja16-768x768.jpg 768w, https:\/\/www.arquimaster.com.ar\/web\/wp-content\/uploads\/2022\/06\/el_chaja16-1536x1536.jpg 1536w, https:\/\/www.arquimaster.com.ar\/web\/wp-content\/uploads\/2022\/06\/el_chaja16.jpg 2000w\" sizes=\"auto, (max-width: 150px) 100vw, 150px\" \/><\/a>\n\t\t\t<\/div>\n\t\t\t\t<figcaption class='wp-caption-text gallery-caption' id='gallery-1-70794'>\n\t\t\t\tCasa-refugio El Chaj\u00e1 \/ TATU Arquitectura (implantacion)\n\t\t\t\t<\/figcaption><\/figure><figure class='gallery-item'>\n\t\t\t<div class='gallery-icon landscape'>\n\t\t\t\t<a href='https:\/\/www.arquimaster.com.ar\/web\/wp-content\/uploads\/2022\/06\/el_chaja17.jpg' title=\"Casa-refugio El Chaj\u00e1 \/ TATU Arquitectura (planta)\" data-rl_title=\"Casa-refugio El Chaj\u00e1 \/ TATU Arquitectura (planta)\" class=\"rl-gallery-link\" data-rl_caption=\"Casa-refugio El Chaj\u00e1 \/ TATU Arquitectura (planta)\" data-rel=\"lightbox-gallery-1\"><img loading=\"lazy\" decoding=\"async\" width=\"150\" height=\"150\" src=\"https:\/\/www.arquimaster.com.ar\/web\/wp-content\/uploads\/2022\/06\/el_chaja17-150x150.jpg\" class=\"attachment-thumbnail size-thumbnail\" alt=\"Casa-refugio El Chaj\u00e1 \/ TATU Arquitectura\" aria-describedby=\"gallery-1-70795\" srcset=\"https:\/\/www.arquimaster.com.ar\/web\/wp-content\/uploads\/2022\/06\/el_chaja17-150x150.jpg 150w, https:\/\/www.arquimaster.com.ar\/web\/wp-content\/uploads\/2022\/06\/el_chaja17-768x768.jpg 768w, https:\/\/www.arquimaster.com.ar\/web\/wp-content\/uploads\/2022\/06\/el_chaja17-1536x1536.jpg 1536w, https:\/\/www.arquimaster.com.ar\/web\/wp-content\/uploads\/2022\/06\/el_chaja17.jpg 2000w\" sizes=\"auto, (max-width: 150px) 100vw, 150px\" \/><\/a>\n\t\t\t<\/div>\n\t\t\t\t<figcaption class='wp-caption-text gallery-caption' id='gallery-1-70795'>\n\t\t\t\tCasa-refugio El Chaj\u00e1 \/ TATU Arquitectura (planta)\n\t\t\t\t<\/figcaption><\/figure><figure class='gallery-item'>\n\t\t\t<div class='gallery-icon landscape'>\n\t\t\t\t<a href='https:\/\/www.arquimaster.com.ar\/web\/wp-content\/uploads\/2022\/06\/el_chaja22.jpg' title=\"Casa-refugio El Chaj\u00e1 \/ TATU Arquitectura (corte)\" data-rl_title=\"Casa-refugio El Chaj\u00e1 \/ TATU Arquitectura (corte)\" class=\"rl-gallery-link\" data-rl_caption=\"Casa-refugio El Chaj\u00e1 \/ TATU Arquitectura (corte)\" data-rel=\"lightbox-gallery-1\"><img loading=\"lazy\" decoding=\"async\" width=\"150\" height=\"150\" src=\"https:\/\/www.arquimaster.com.ar\/web\/wp-content\/uploads\/2022\/06\/el_chaja22-150x150.jpg\" class=\"attachment-thumbnail size-thumbnail\" alt=\"Casa-refugio El Chaj\u00e1 \/ TATU Arquitectura\" aria-describedby=\"gallery-1-70800\" srcset=\"https:\/\/www.arquimaster.com.ar\/web\/wp-content\/uploads\/2022\/06\/el_chaja22-150x150.jpg 150w, https:\/\/www.arquimaster.com.ar\/web\/wp-content\/uploads\/2022\/06\/el_chaja22-768x768.jpg 768w, https:\/\/www.arquimaster.com.ar\/web\/wp-content\/uploads\/2022\/06\/el_chaja22-1536x1536.jpg 1536w, https:\/\/www.arquimaster.com.ar\/web\/wp-content\/uploads\/2022\/06\/el_chaja22.jpg 2000w\" sizes=\"auto, (max-width: 150px) 100vw, 150px\" \/><\/a>\n\t\t\t<\/div>\n\t\t\t\t<figcaption class='wp-caption-text gallery-caption' id='gallery-1-70800'>\n\t\t\t\tCasa-refugio El Chaj\u00e1 \/ TATU Arquitectura (corte)\n\t\t\t\t<\/figcaption><\/figure><figure class='gallery-item'>\n\t\t\t<div class='gallery-icon landscape'>\n\t\t\t\t<a href='https:\/\/www.arquimaster.com.ar\/web\/wp-content\/uploads\/2022\/06\/el_chaja23.jpg' title=\"Casa-refugio El Chaj\u00e1 \/ TATU Arquitectura (corte)\" data-rl_title=\"Casa-refugio El Chaj\u00e1 \/ TATU Arquitectura (corte)\" class=\"rl-gallery-link\" data-rl_caption=\"Casa-refugio El Chaj\u00e1 \/ TATU Arquitectura (corte)\" data-rel=\"lightbox-gallery-1\"><img loading=\"lazy\" decoding=\"async\" width=\"150\" height=\"150\" src=\"https:\/\/www.arquimaster.com.ar\/web\/wp-content\/uploads\/2022\/06\/el_chaja23-150x150.jpg\" class=\"attachment-thumbnail size-thumbnail\" alt=\"Casa-refugio El Chaj\u00e1 \/ TATU Arquitectura\" aria-describedby=\"gallery-1-70801\" srcset=\"https:\/\/www.arquimaster.com.ar\/web\/wp-content\/uploads\/2022\/06\/el_chaja23-150x150.jpg 150w, https:\/\/www.arquimaster.com.ar\/web\/wp-content\/uploads\/2022\/06\/el_chaja23-768x768.jpg 768w, https:\/\/www.arquimaster.com.ar\/web\/wp-content\/uploads\/2022\/06\/el_chaja23-1536x1536.jpg 1536w, https:\/\/www.arquimaster.com.ar\/web\/wp-content\/uploads\/2022\/06\/el_chaja23.jpg 2000w\" sizes=\"auto, (max-width: 150px) 100vw, 150px\" \/><\/a>\n\t\t\t<\/div>\n\t\t\t\t<figcaption class='wp-caption-text gallery-caption' id='gallery-1-70801'>\n\t\t\t\tCasa-refugio El Chaj\u00e1 \/ TATU Arquitectura (corte)\n\t\t\t\t<\/figcaption><\/figure><figure class='gallery-item'>\n\t\t\t<div class='gallery-icon landscape'>\n\t\t\t\t<a href='https:\/\/www.arquimaster.com.ar\/web\/wp-content\/uploads\/2022\/06\/el_chaja18.jpg' title=\"Casa-refugio El Chaj\u00e1 \/ TATU Arquitectura (vista este)\" data-rl_title=\"Casa-refugio El Chaj\u00e1 \/ TATU Arquitectura (vista este)\" class=\"rl-gallery-link\" data-rl_caption=\"Casa-refugio El Chaj\u00e1 \/ TATU Arquitectura (vista este)\" data-rel=\"lightbox-gallery-1\"><img loading=\"lazy\" decoding=\"async\" width=\"150\" height=\"150\" src=\"https:\/\/www.arquimaster.com.ar\/web\/wp-content\/uploads\/2022\/06\/el_chaja18-150x150.jpg\" class=\"attachment-thumbnail size-thumbnail\" alt=\"Casa-refugio El Chaj\u00e1 \/ TATU Arquitectura\" aria-describedby=\"gallery-1-70796\" srcset=\"https:\/\/www.arquimaster.com.ar\/web\/wp-content\/uploads\/2022\/06\/el_chaja18-150x150.jpg 150w, https:\/\/www.arquimaster.com.ar\/web\/wp-content\/uploads\/2022\/06\/el_chaja18-768x768.jpg 768w, https:\/\/www.arquimaster.com.ar\/web\/wp-content\/uploads\/2022\/06\/el_chaja18-1536x1536.jpg 1536w, https:\/\/www.arquimaster.com.ar\/web\/wp-content\/uploads\/2022\/06\/el_chaja18.jpg 2000w\" sizes=\"auto, (max-width: 150px) 100vw, 150px\" \/><\/a>\n\t\t\t<\/div>\n\t\t\t\t<figcaption class='wp-caption-text gallery-caption' id='gallery-1-70796'>\n\t\t\t\tCasa-refugio El Chaj\u00e1 \/ TATU Arquitectura (vista este)\n\t\t\t\t<\/figcaption><\/figure><figure class='gallery-item'>\n\t\t\t<div class='gallery-icon landscape'>\n\t\t\t\t<a href='https:\/\/www.arquimaster.com.ar\/web\/wp-content\/uploads\/2022\/06\/el_chaja19.jpg' title=\"Casa-refugio El Chaj\u00e1 \/ TATU Arquitectura (vista oeste)\" data-rl_title=\"Casa-refugio El Chaj\u00e1 \/ TATU Arquitectura (vista oeste)\" class=\"rl-gallery-link\" data-rl_caption=\"Casa-refugio El Chaj\u00e1 \/ TATU Arquitectura (vista oeste)\" data-rel=\"lightbox-gallery-1\"><img loading=\"lazy\" decoding=\"async\" width=\"150\" height=\"150\" src=\"https:\/\/www.arquimaster.com.ar\/web\/wp-content\/uploads\/2022\/06\/el_chaja19-150x150.jpg\" class=\"attachment-thumbnail size-thumbnail\" alt=\"Casa-refugio El Chaj\u00e1 \/ TATU Arquitectura\" aria-describedby=\"gallery-1-70797\" srcset=\"https:\/\/www.arquimaster.com.ar\/web\/wp-content\/uploads\/2022\/06\/el_chaja19-150x150.jpg 150w, https:\/\/www.arquimaster.com.ar\/web\/wp-content\/uploads\/2022\/06\/el_chaja19-768x768.jpg 768w, https:\/\/www.arquimaster.com.ar\/web\/wp-content\/uploads\/2022\/06\/el_chaja19-1536x1536.jpg 1536w, https:\/\/www.arquimaster.com.ar\/web\/wp-content\/uploads\/2022\/06\/el_chaja19.jpg 2000w\" sizes=\"auto, (max-width: 150px) 100vw, 150px\" \/><\/a>\n\t\t\t<\/div>\n\t\t\t\t<figcaption class='wp-caption-text gallery-caption' id='gallery-1-70797'>\n\t\t\t\tCasa-refugio El Chaj\u00e1 \/ TATU Arquitectura (vista oeste)\n\t\t\t\t<\/figcaption><\/figure><figure class='gallery-item'>\n\t\t\t<div class='gallery-icon landscape'>\n\t\t\t\t<a href='https:\/\/www.arquimaster.com.ar\/web\/wp-content\/uploads\/2022\/06\/el_chaja20.jpg' title=\"Casa-refugio El Chaj\u00e1 \/ TATU Arquitectura (vista sur)\" data-rl_title=\"Casa-refugio El Chaj\u00e1 \/ TATU Arquitectura (vista sur)\" class=\"rl-gallery-link\" data-rl_caption=\"Casa-refugio El Chaj\u00e1 \/ TATU Arquitectura (vista sur)\" data-rel=\"lightbox-gallery-1\"><img loading=\"lazy\" decoding=\"async\" width=\"150\" height=\"150\" src=\"https:\/\/www.arquimaster.com.ar\/web\/wp-content\/uploads\/2022\/06\/el_chaja20-150x150.jpg\" class=\"attachment-thumbnail size-thumbnail\" alt=\"Casa-refugio El Chaj\u00e1 \/ TATU Arquitectura\" aria-describedby=\"gallery-1-70798\" srcset=\"https:\/\/www.arquimaster.com.ar\/web\/wp-content\/uploads\/2022\/06\/el_chaja20-150x150.jpg 150w, https:\/\/www.arquimaster.com.ar\/web\/wp-content\/uploads\/2022\/06\/el_chaja20-768x768.jpg 768w, https:\/\/www.arquimaster.com.ar\/web\/wp-content\/uploads\/2022\/06\/el_chaja20-1536x1536.jpg 1536w, https:\/\/www.arquimaster.com.ar\/web\/wp-content\/uploads\/2022\/06\/el_chaja20.jpg 2000w\" sizes=\"auto, (max-width: 150px) 100vw, 150px\" \/><\/a>\n\t\t\t<\/div>\n\t\t\t\t<figcaption class='wp-caption-text gallery-caption' id='gallery-1-70798'>\n\t\t\t\tCasa-refugio El Chaj\u00e1 \/ TATU Arquitectura (vista sur)\n\t\t\t\t<\/figcaption><\/figure><figure class='gallery-item'>\n\t\t\t<div class='gallery-icon landscape'>\n\t\t\t\t<a href='https:\/\/www.arquimaster.com.ar\/web\/wp-content\/uploads\/2022\/06\/el_chaja21.jpg' title=\"Casa-refugio El Chaj\u00e1 \/ TATU Arquitectura (vista norte)\" data-rl_title=\"Casa-refugio El Chaj\u00e1 \/ TATU Arquitectura (vista norte)\" class=\"rl-gallery-link\" data-rl_caption=\"Casa-refugio El Chaj\u00e1 \/ TATU Arquitectura (vista norte)\" data-rel=\"lightbox-gallery-1\"><img loading=\"lazy\" decoding=\"async\" width=\"150\" height=\"150\" src=\"https:\/\/www.arquimaster.com.ar\/web\/wp-content\/uploads\/2022\/06\/el_chaja21-150x150.jpg\" class=\"attachment-thumbnail size-thumbnail\" alt=\"Casa-refugio El Chaj\u00e1 \/ TATU Arquitectura\" aria-describedby=\"gallery-1-70799\" srcset=\"https:\/\/www.arquimaster.com.ar\/web\/wp-content\/uploads\/2022\/06\/el_chaja21-150x150.jpg 150w, https:\/\/www.arquimaster.com.ar\/web\/wp-content\/uploads\/2022\/06\/el_chaja21-768x768.jpg 768w, https:\/\/www.arquimaster.com.ar\/web\/wp-content\/uploads\/2022\/06\/el_chaja21-1536x1536.jpg 1536w, https:\/\/www.arquimaster.com.ar\/web\/wp-content\/uploads\/2022\/06\/el_chaja21.jpg 2000w\" sizes=\"auto, (max-width: 150px) 100vw, 150px\" \/><\/a>\n\t\t\t<\/div>\n\t\t\t\t<figcaption class='wp-caption-text gallery-caption' id='gallery-1-70799'>\n\t\t\t\tCasa-refugio El Chaj\u00e1 \/ TATU Arquitectura (vista norte)\n\t\t\t\t<\/figcaption><\/figure><figure class='gallery-item'>\n\t\t\t<div class='gallery-icon landscape'>\n\t\t\t\t<a href='https:\/\/www.arquimaster.com.ar\/web\/wp-content\/uploads\/2022\/06\/el_chaja24.jpg' title=\"Casa-refugio El Chaj\u00e1 \/ TATU Arquitectura (axonometria)\" data-rl_title=\"Casa-refugio El Chaj\u00e1 \/ TATU Arquitectura (axonometria)\" class=\"rl-gallery-link\" data-rl_caption=\"Casa-refugio El Chaj\u00e1 \/ TATU Arquitectura (axonometria)\" data-rel=\"lightbox-gallery-1\"><img loading=\"lazy\" decoding=\"async\" width=\"150\" height=\"150\" src=\"https:\/\/www.arquimaster.com.ar\/web\/wp-content\/uploads\/2022\/06\/el_chaja24-150x150.jpg\" class=\"attachment-thumbnail size-thumbnail\" alt=\"Casa-refugio El Chaj\u00e1 \/ TATU Arquitectura\" aria-describedby=\"gallery-1-70802\" srcset=\"https:\/\/www.arquimaster.com.ar\/web\/wp-content\/uploads\/2022\/06\/el_chaja24-150x150.jpg 150w, https:\/\/www.arquimaster.com.ar\/web\/wp-content\/uploads\/2022\/06\/el_chaja24-768x768.jpg 768w, https:\/\/www.arquimaster.com.ar\/web\/wp-content\/uploads\/2022\/06\/el_chaja24-1536x1536.jpg 1536w, https:\/\/www.arquimaster.com.ar\/web\/wp-content\/uploads\/2022\/06\/el_chaja24.jpg 2000w\" sizes=\"auto, (max-width: 150px) 100vw, 150px\" \/><\/a>\n\t\t\t<\/div>\n\t\t\t\t<figcaption class='wp-caption-text gallery-caption' id='gallery-1-70802'>\n\t\t\t\tCasa-refugio El Chaj\u00e1 \/ TATU Arquitectura (axonometria)\n\t\t\t\t<\/figcaption><\/figure><figure class='gallery-item'>\n\t\t\t<div class='gallery-icon landscape'>\n\t\t\t\t<a href='https:\/\/www.arquimaster.com.ar\/web\/wp-content\/uploads\/2022\/06\/el_chaja25.jpg' title=\"Casa-refugio El Chaj\u00e1 \/ TATU Arquitectura (esquemas)\" data-rl_title=\"Casa-refugio El Chaj\u00e1 \/ TATU Arquitectura (esquemas)\" class=\"rl-gallery-link\" data-rl_caption=\"Casa-refugio El Chaj\u00e1 \/ TATU Arquitectura (esquemas)\" data-rel=\"lightbox-gallery-1\"><img loading=\"lazy\" decoding=\"async\" width=\"150\" height=\"150\" src=\"https:\/\/www.arquimaster.com.ar\/web\/wp-content\/uploads\/2022\/06\/el_chaja25-150x150.jpg\" class=\"attachment-thumbnail size-thumbnail\" alt=\"Casa-refugio El Chaj\u00e1 \/ TATU Arquitectura\" aria-describedby=\"gallery-1-70803\" srcset=\"https:\/\/www.arquimaster.com.ar\/web\/wp-content\/uploads\/2022\/06\/el_chaja25-150x150.jpg 150w, https:\/\/www.arquimaster.com.ar\/web\/wp-content\/uploads\/2022\/06\/el_chaja25-768x768.jpg 768w, https:\/\/www.arquimaster.com.ar\/web\/wp-content\/uploads\/2022\/06\/el_chaja25-1536x1536.jpg 1536w, https:\/\/www.arquimaster.com.ar\/web\/wp-content\/uploads\/2022\/06\/el_chaja25.jpg 2000w\" sizes=\"auto, (max-width: 150px) 100vw, 150px\" \/><\/a>\n\t\t\t<\/div>\n\t\t\t\t<figcaption class='wp-caption-text gallery-caption' id='gallery-1-70803'>\n\t\t\t\tCasa-refugio El Chaj\u00e1 \/ TATU Arquitectura (esquemas)\n\t\t\t\t<\/figcaption><\/figure>\n\t\t<\/div>\n\n<p>El encargo consisti\u00f3 en reconvertirlo en una casa-refugio sin aumentar su volumen ni modificar la estructura principal. A su vez deb\u00eda permitir que se utilizara durante estancias m\u00ednimas o prolongadas indistintamente, lo cual implicaba una expansi\u00f3n program\u00e1tica que pudiera garantizar la habitabilidad que pretend\u00edan los propietarios.<\/p>\n<p>Decidimos mantener la forma y disposici\u00f3n de la cubierta para rescatar cierta identidad presente en el paisaje. A su vez para cumplir con los requerimientos program\u00e1ticos propusimos ejecutar una membrana exterior de madera, liviana y de f\u00e1cil montaje que recubrir\u00eda la preexistencia y amplificar\u00eda el uso con nuevos programas anexos ubicados en los espacios intersticiales entre la nueva y vieja construcci\u00f3n. A partir de estas burbujas program\u00e1ticas se logr\u00f3 liberar el espacio interior adquiriendo una sensaci\u00f3n de amplitud mayor con superficies limpias y plenas.<\/p>\n<p>La distribuci\u00f3n interior se articula a partir de un muro equipado conteniendo la cocina, despensa y el escritorio que otorgar\u00eda la flexibilidad para operar en un formato de home office. En un entrepiso sobre el comedor se ubic\u00f3 la sala de descanso con la cama y espacios de armario. Por \u00faltimo, se decidi\u00f3 que el acceso a los servicios ser\u00eda exterior en un intento de poner en valor la identidad rural uruguaya al rescatar en esta pieza contempor\u00e1nea el antiguo funcionamiento t\u00edpico de las casas de campo de nuestro pa\u00eds.<\/p>\n<p><strong>El paisaje editado<\/strong><br>El cliente, que es paisajista, tiene una fuerte visi\u00f3n de la conexi\u00f3n entre la casa y el terreno circundante. El dise\u00f1o del paisaje tiene como base intervenir lo m\u00ednimo posible, conservando la vegetaci\u00f3n local llamada \u00abChircal\u00bb. A esta vegetaci\u00f3n se la suele llamar \u00abcampo sucio\u00bb y normalmente se lo corta o se convierte en tierra productiva. En este dise\u00f1o se posiciona al \u00abChircal\u00bb como elemento dominante.<\/p>\n<p>Una serie de caminos sinuosos inspirados en los trazos de los animales dan la estructura y el contraste para darle legibilidad a este paisaje editado. A la vez, aprovechando las ventajas ecol\u00f3gicas, ornamentales y de bajo mantenimiento, proponiendo una revalorizaci\u00f3n de la identidad y el car\u00e1cter de nuestro paisaje.<\/p>\n\n\n<div style=\"height:20px\" aria-hidden=\"true\" class=\"wp-block-spacer\"><\/div>\n\n\n\n<p class=\"has-background\" style=\"background-color:#eaeaea\"><strong>Ficha t\u00e9cnica<\/strong><br>Nombre: El Chaj\u00e1<br>Ubicaci\u00f3n: Maldonado, Uruguay<br>Oficina de arquitectura: TATU Arquitectura<br>Arquitectos a cargo: Leandro Alegre, Horacio Goday, Martin Olivera<br>Equipo de Dise\u00f1o: Agustina Rodr\u00edguez, Luc\u00eda Arce, Lucas Cardona<br>Programa: Residencial<br>Superficie construida: 40 m2<br>A\u00f1o finalizaci\u00f3n construcci\u00f3n: 2020<br>Fotograf\u00edas: <a href=\"https:\/\/www.marcosguiponi.net\/\" target=\"_blank\" rel=\"noreferrer noopener\">Marcos Guiponi<\/a><br><br><strong>Contacto<\/strong><br><a href=\"https:\/\/www.tatuarq.com\" target=\"_blank\" rel=\"noreferrer noopener\">https:\/\/www.tatuarq.com<\/a><br>Instagram: @tatu_arquitectura<\/p>\n\n\n\n<div style=\"height:40px\" aria-hidden=\"true\" class=\"wp-block-spacer\"><\/div>\n\n\n<p><strong><em>English version<\/em><\/strong><\/p>\n<p><em>On the land to be intervened, located near the Laguna del Sauce, Maldonado, there was an abandoned construction that was previously used for the storage of forage and field tools. The construction had been executed in traditional construction and although it was in disuse, a large part of its structure was in a good state of conservation. The client, who was based in France, called us to carry out an intervention that would transform this construction into his second residence, which would be used in those moments when they visited Uruguay.<\/em><\/p>\n<p><em>The commission consisted of converting it into a house-refuge without increasing its volume or modifying the main structure. At the same time, it had to allow it to be used during short or long stays indistinctly, which implied a programmatic expansion that could guarantee the habitability that the owners wanted.<\/em><\/p>\n<p><em>We decided to maintain the shape and layout of the roof to rescue a certain identity present in the landscape. In turn, to meet the programmatic requirements, we proposed to execute a wooden exterior membrane, light and easy to assemble that would cover the pre-existences and amplify the use with new annex programs located in the interstitial spaces between the new and old construction. From these programmatic bubbles, the interior space was freed, acquiring a feeling of greater spaciousness with clean and full surfaces.<\/em><\/p>\n<p><em>The interior distribution is articulated from an equipped wall containing the kitchen, pantry and the desk that would provide the flexibility to operate in a home office format. On a mezzanine above the dining room was located the resting area with the bed and closet spaces. Finally, it was decided that the access to the services would be outside in an attempt to put in value the Uruguayan rural identity by rescuing in this contemporary piece the old typical functioning of the country houses of our country.<\/em><\/p>\n<p><strong><em>The edited landscape<\/em><\/strong><br><em>The client, who is a landscape designer, had a strong vision for the connection between the house and the surrounding terrain. The design is based on minimal intervention, preserving the local vegetation called \u00abChircal\u00bb, also frequently referred to as dirty field. This type of vegetation tends to be removed or converted into productive land, however in this design the \u00abChircal\u00bb is positioned as the dominant element. A series of winding paths inspired by animal tracks provide the structure and contrast to give legibility to this edited landscape. The ecological, ornamental and low maintenance advantages of this approach are many, and a great way to revalue the identity and character of our local landscape.<\/em><\/p>\n<div style=\"font-size: 0px; height: 0px; line-height: 0px; margin: 0; padding: 0; clear: both;\"><\/div><div style=\"margin-top: 0px; margin-bottom: 0px;\" class=\"sharethis-inline-share-buttons\" ><\/div>","protected":false},"excerpt":{"rendered":"<p>Intervenci\u00f3n que transforma una construcci\u00f3n abandonada en segunda residencia&#8230;<\/p>\n","protected":false},"author":1,"featured_media":70778,"comment_status":"closed","ping_status":"closed","sticky":false,"template":"","format":"standard","meta":{"_uag_custom_page_level_css":"","footnotes":""},"categories":[1,251],"tags":[4282,7426,7425,7444,7427,709,1709,680,7424,266,6471],"class_list":["post-70777","post","type-post","status-publish","format-standard","has-post-thumbnail","hentry","category-proyecto","category-casas-de-playa","tag-arquitectura-residencial","tag-horacio-goday","tag-leandro-alegre","tag-maldonado","tag-martin-olivera","tag-paisajismo","tag-refugio","tag-rehabilitacion","tag-tatu-arquitectura","tag-uruguay","tag-vivienda-no-permanente","generate-columns","tablet-grid-50","mobile-grid-100","grid-parent","grid-50"],"yoast_head":"<!-- This site is optimized with the Yoast SEO plugin v27.3 - https:\/\/yoast.com\/product\/yoast-seo-wordpress\/ -->\n<title>Casa-refugio El Chaj\u00e1 \/ TATU Arquitectura - Arquimaster<\/title>\n<meta name=\"description\" content=\"Intervenci\u00f3n que transforma una construcci\u00f3n abandonada en segunda residencia para ser utilizada temporalmente.\" \/>\n<meta name=\"robots\" content=\"index, follow, max-snippet:-1, max-image-preview:large, max-video-preview:-1\" \/>\n<link rel=\"canonical\" href=\"https:\/\/www.arquimaster.com.ar\/web\/casa-refugio-el-chaja-tatu-arquitectura\/\" \/>\n<meta property=\"og:locale\" content=\"es_ES\" \/>\n<meta property=\"og:type\" content=\"article\" \/>\n<meta property=\"og:title\" content=\"Casa-refugio El Chaj\u00e1 \/ TATU Arquitectura\" \/>\n<meta property=\"og:description\" content=\"Intervenci\u00f3n que transforma una construcci\u00f3n abandonada en segunda residencia para ser utilizada temporalmente.\" \/>\n<meta property=\"og:url\" content=\"https:\/\/www.arquimaster.com.ar\/web\/casa-refugio-el-chaja-tatu-arquitectura\/\" \/>\n<meta property=\"og:site_name\" content=\"Arquimaster\" \/>\n<meta property=\"article:publisher\" content=\"http:\/\/www.facebook.com\/ARQUIMASTER.com.ar\" \/>\n<meta property=\"article:published_time\" content=\"2022-06-17T00:19:34+00:00\" \/>\n<meta property=\"article:modified_time\" content=\"2022-11-30T15:17:44+00:00\" \/>\n<meta property=\"og:image\" content=\"https:\/\/www.arquimaster.com.ar\/web\/wp-content\/uploads\/2022\/06\/el_chaja_slide.jpg\" \/>\n\t<meta property=\"og:image:width\" content=\"698\" \/>\n\t<meta property=\"og:image:height\" content=\"364\" \/>\n\t<meta property=\"og:image:type\" content=\"image\/jpeg\" \/>\n<meta name=\"author\" content=\"Arquimaster\" \/>\n<meta name=\"twitter:card\" content=\"summary_large_image\" \/>\n<meta name=\"twitter:title\" content=\"Casa-refugio El Chaj\u00e1 \/ TATU Arquitectura\" \/>\n<meta name=\"twitter:description\" content=\"Intervenci\u00f3n que transforma una construcci\u00f3n abandonada en segunda residencia para ser utilizada temporalmente.\" \/>\n<meta name=\"twitter:image\" content=\"https:\/\/www.arquimaster.com.ar\/web\/wp-content\/uploads\/2022\/06\/el_chaja_slide.jpg\" \/>\n<meta name=\"twitter:creator\" content=\"@arquimaster\" \/>\n<meta name=\"twitter:site\" content=\"@arquimaster\" \/>\n<meta name=\"twitter:label1\" content=\"Escrito por\" \/>\n\t<meta name=\"twitter:data1\" content=\"Arquimaster\" \/>\n\t<meta name=\"twitter:label2\" content=\"Tiempo de lectura\" \/>\n\t<meta name=\"twitter:data2\" content=\"5 minutos\" \/>\n<script type=\"application\/ld+json\" class=\"yoast-schema-graph\">{\"@context\":\"https:\\\/\\\/schema.org\",\"@graph\":[{\"@type\":\"Article\",\"@id\":\"https:\\\/\\\/www.arquimaster.com.ar\\\/web\\\/casa-refugio-el-chaja-tatu-arquitectura\\\/#article\",\"isPartOf\":{\"@id\":\"https:\\\/\\\/www.arquimaster.com.ar\\\/web\\\/casa-refugio-el-chaja-tatu-arquitectura\\\/\"},\"author\":{\"name\":\"Arquimaster\",\"@id\":\"https:\\\/\\\/www.arquimaster.com.ar\\\/web\\\/#\\\/schema\\\/person\\\/359e9f7c00193fcde068e0dd2ceb0028\"},\"headline\":\"Casa-refugio El Chaj\u00e1 \\\/ TATU Arquitectura\",\"datePublished\":\"2022-06-17T00:19:34+00:00\",\"dateModified\":\"2022-11-30T15:17:44+00:00\",\"mainEntityOfPage\":{\"@id\":\"https:\\\/\\\/www.arquimaster.com.ar\\\/web\\\/casa-refugio-el-chaja-tatu-arquitectura\\\/\"},\"wordCount\":967,\"publisher\":{\"@id\":\"https:\\\/\\\/www.arquimaster.com.ar\\\/web\\\/#organization\"},\"image\":{\"@id\":\"https:\\\/\\\/www.arquimaster.com.ar\\\/web\\\/casa-refugio-el-chaja-tatu-arquitectura\\\/#primaryimage\"},\"thumbnailUrl\":\"https:\\\/\\\/www.arquimaster.com.ar\\\/web\\\/wp-content\\\/uploads\\\/2022\\\/06\\\/el_chaja_slide.jpg\",\"keywords\":[\"arquitectura residencial\",\"Horacio Goday\",\"Leandro Alegre\",\"Maldonado\",\"Martin Olivera\",\"paisajismo\",\"refugio\",\"rehabilitaci\u00f3n\",\"TATU Arquitectura\",\"Uruguay\",\"vivienda no permanente\"],\"articleSection\":[\"Proyecto\",\"Vivienda no permanente\"],\"inLanguage\":\"es\"},{\"@type\":\"WebPage\",\"@id\":\"https:\\\/\\\/www.arquimaster.com.ar\\\/web\\\/casa-refugio-el-chaja-tatu-arquitectura\\\/\",\"url\":\"https:\\\/\\\/www.arquimaster.com.ar\\\/web\\\/casa-refugio-el-chaja-tatu-arquitectura\\\/\",\"name\":\"Casa-refugio El Chaj\u00e1 \\\/ TATU Arquitectura - Arquimaster\",\"isPartOf\":{\"@id\":\"https:\\\/\\\/www.arquimaster.com.ar\\\/web\\\/#website\"},\"primaryImageOfPage\":{\"@id\":\"https:\\\/\\\/www.arquimaster.com.ar\\\/web\\\/casa-refugio-el-chaja-tatu-arquitectura\\\/#primaryimage\"},\"image\":{\"@id\":\"https:\\\/\\\/www.arquimaster.com.ar\\\/web\\\/casa-refugio-el-chaja-tatu-arquitectura\\\/#primaryimage\"},\"thumbnailUrl\":\"https:\\\/\\\/www.arquimaster.com.ar\\\/web\\\/wp-content\\\/uploads\\\/2022\\\/06\\\/el_chaja_slide.jpg\",\"datePublished\":\"2022-06-17T00:19:34+00:00\",\"dateModified\":\"2022-11-30T15:17:44+00:00\",\"description\":\"Intervenci\u00f3n que transforma una construcci\u00f3n abandonada en segunda residencia para ser utilizada temporalmente.\",\"breadcrumb\":{\"@id\":\"https:\\\/\\\/www.arquimaster.com.ar\\\/web\\\/casa-refugio-el-chaja-tatu-arquitectura\\\/#breadcrumb\"},\"inLanguage\":\"es\",\"potentialAction\":[{\"@type\":\"ReadAction\",\"target\":[\"https:\\\/\\\/www.arquimaster.com.ar\\\/web\\\/casa-refugio-el-chaja-tatu-arquitectura\\\/\"]}]},{\"@type\":\"ImageObject\",\"inLanguage\":\"es\",\"@id\":\"https:\\\/\\\/www.arquimaster.com.ar\\\/web\\\/casa-refugio-el-chaja-tatu-arquitectura\\\/#primaryimage\",\"url\":\"https:\\\/\\\/www.arquimaster.com.ar\\\/web\\\/wp-content\\\/uploads\\\/2022\\\/06\\\/el_chaja_slide.jpg\",\"contentUrl\":\"https:\\\/\\\/www.arquimaster.com.ar\\\/web\\\/wp-content\\\/uploads\\\/2022\\\/06\\\/el_chaja_slide.jpg\",\"width\":698,\"height\":364,\"caption\":\"Casa-refugio El Chaj\u00e1 \\\/ TATU Arquitectura\"},{\"@type\":\"BreadcrumbList\",\"@id\":\"https:\\\/\\\/www.arquimaster.com.ar\\\/web\\\/casa-refugio-el-chaja-tatu-arquitectura\\\/#breadcrumb\",\"itemListElement\":[{\"@type\":\"ListItem\",\"position\":1,\"name\":\"Portada\",\"item\":\"https:\\\/\\\/www.arquimaster.com.ar\\\/web\\\/\"},{\"@type\":\"ListItem\",\"position\":2,\"name\":\"Casa-refugio El Chaj\u00e1 \\\/ TATU Arquitectura\"}]},{\"@type\":\"WebSite\",\"@id\":\"https:\\\/\\\/www.arquimaster.com.ar\\\/web\\\/#website\",\"url\":\"https:\\\/\\\/www.arquimaster.com.ar\\\/web\\\/\",\"name\":\"Arquimaster\",\"description\":\"Web de arquitectura, dise\u00f1o y construccion\",\"publisher\":{\"@id\":\"https:\\\/\\\/www.arquimaster.com.ar\\\/web\\\/#organization\"},\"potentialAction\":[{\"@type\":\"SearchAction\",\"target\":{\"@type\":\"EntryPoint\",\"urlTemplate\":\"https:\\\/\\\/www.arquimaster.com.ar\\\/web\\\/?s={search_term_string}\"},\"query-input\":{\"@type\":\"PropertyValueSpecification\",\"valueRequired\":true,\"valueName\":\"search_term_string\"}}],\"inLanguage\":\"es\"},{\"@type\":\"Organization\",\"@id\":\"https:\\\/\\\/www.arquimaster.com.ar\\\/web\\\/#organization\",\"name\":\"Arquimaster\",\"url\":\"https:\\\/\\\/www.arquimaster.com.ar\\\/web\\\/\",\"logo\":{\"@type\":\"ImageObject\",\"inLanguage\":\"es\",\"@id\":\"https:\\\/\\\/www.arquimaster.com.ar\\\/web\\\/#\\\/schema\\\/logo\\\/image\\\/\",\"url\":\"https:\\\/\\\/www.arquimaster.com.ar\\\/web\\\/wp-content\\\/uploads\\\/2022\\\/06\\\/arquimaster.png\",\"contentUrl\":\"https:\\\/\\\/www.arquimaster.com.ar\\\/web\\\/wp-content\\\/uploads\\\/2022\\\/06\\\/arquimaster.png\",\"width\":594,\"height\":78,\"caption\":\"Arquimaster\"},\"image\":{\"@id\":\"https:\\\/\\\/www.arquimaster.com.ar\\\/web\\\/#\\\/schema\\\/logo\\\/image\\\/\"},\"sameAs\":[\"http:\\\/\\\/www.facebook.com\\\/ARQUIMASTER.com.ar\",\"https:\\\/\\\/x.com\\\/arquimaster\",\"https:\\\/\\\/www.instagram.com\\\/arquimasterblog\\\/\",\"https:\\\/\\\/www.linkedin.com\\\/company\\\/arquimaster\",\"https:\\\/\\\/www.pinterest.com\\\/arquimaster\",\"https:\\\/\\\/t.me\\\/arquimaster\"]},{\"@type\":\"Person\",\"@id\":\"https:\\\/\\\/www.arquimaster.com.ar\\\/web\\\/#\\\/schema\\\/person\\\/359e9f7c00193fcde068e0dd2ceb0028\",\"name\":\"Arquimaster\"}]}<\/script>\n<!-- \/ Yoast SEO plugin. -->","yoast_head_json":{"title":"Casa-refugio El Chaj\u00e1 \/ TATU Arquitectura - Arquimaster","description":"Intervenci\u00f3n que transforma una construcci\u00f3n abandonada en segunda residencia para ser utilizada temporalmente.","robots":{"index":"index","follow":"follow","max-snippet":"max-snippet:-1","max-image-preview":"max-image-preview:large","max-video-preview":"max-video-preview:-1"},"canonical":"https:\/\/www.arquimaster.com.ar\/web\/casa-refugio-el-chaja-tatu-arquitectura\/","og_locale":"es_ES","og_type":"article","og_title":"Casa-refugio El Chaj\u00e1 \/ TATU Arquitectura","og_description":"Intervenci\u00f3n que transforma una construcci\u00f3n abandonada en segunda residencia para ser utilizada temporalmente.","og_url":"https:\/\/www.arquimaster.com.ar\/web\/casa-refugio-el-chaja-tatu-arquitectura\/","og_site_name":"Arquimaster","article_publisher":"http:\/\/www.facebook.com\/ARQUIMASTER.com.ar","article_published_time":"2022-06-17T00:19:34+00:00","article_modified_time":"2022-11-30T15:17:44+00:00","og_image":[{"width":698,"height":364,"url":"https:\/\/www.arquimaster.com.ar\/web\/wp-content\/uploads\/2022\/06\/el_chaja_slide.jpg","type":"image\/jpeg"}],"author":"Arquimaster","twitter_card":"summary_large_image","twitter_title":"Casa-refugio El Chaj\u00e1 \/ TATU Arquitectura","twitter_description":"Intervenci\u00f3n que transforma una construcci\u00f3n abandonada en segunda residencia para ser utilizada temporalmente.","twitter_image":"https:\/\/www.arquimaster.com.ar\/web\/wp-content\/uploads\/2022\/06\/el_chaja_slide.jpg","twitter_creator":"@arquimaster","twitter_site":"@arquimaster","twitter_misc":{"Escrito por":"Arquimaster","Tiempo de lectura":"5 minutos"},"schema":{"@context":"https:\/\/schema.org","@graph":[{"@type":"Article","@id":"https:\/\/www.arquimaster.com.ar\/web\/casa-refugio-el-chaja-tatu-arquitectura\/#article","isPartOf":{"@id":"https:\/\/www.arquimaster.com.ar\/web\/casa-refugio-el-chaja-tatu-arquitectura\/"},"author":{"name":"Arquimaster","@id":"https:\/\/www.arquimaster.com.ar\/web\/#\/schema\/person\/359e9f7c00193fcde068e0dd2ceb0028"},"headline":"Casa-refugio El Chaj\u00e1 \/ TATU Arquitectura","datePublished":"2022-06-17T00:19:34+00:00","dateModified":"2022-11-30T15:17:44+00:00","mainEntityOfPage":{"@id":"https:\/\/www.arquimaster.com.ar\/web\/casa-refugio-el-chaja-tatu-arquitectura\/"},"wordCount":967,"publisher":{"@id":"https:\/\/www.arquimaster.com.ar\/web\/#organization"},"image":{"@id":"https:\/\/www.arquimaster.com.ar\/web\/casa-refugio-el-chaja-tatu-arquitectura\/#primaryimage"},"thumbnailUrl":"https:\/\/www.arquimaster.com.ar\/web\/wp-content\/uploads\/2022\/06\/el_chaja_slide.jpg","keywords":["arquitectura residencial","Horacio Goday","Leandro Alegre","Maldonado","Martin Olivera","paisajismo","refugio","rehabilitaci\u00f3n","TATU Arquitectura","Uruguay","vivienda no permanente"],"articleSection":["Proyecto","Vivienda no permanente"],"inLanguage":"es"},{"@type":"WebPage","@id":"https:\/\/www.arquimaster.com.ar\/web\/casa-refugio-el-chaja-tatu-arquitectura\/","url":"https:\/\/www.arquimaster.com.ar\/web\/casa-refugio-el-chaja-tatu-arquitectura\/","name":"Casa-refugio El Chaj\u00e1 \/ TATU Arquitectura - Arquimaster","isPartOf":{"@id":"https:\/\/www.arquimaster.com.ar\/web\/#website"},"primaryImageOfPage":{"@id":"https:\/\/www.arquimaster.com.ar\/web\/casa-refugio-el-chaja-tatu-arquitectura\/#primaryimage"},"image":{"@id":"https:\/\/www.arquimaster.com.ar\/web\/casa-refugio-el-chaja-tatu-arquitectura\/#primaryimage"},"thumbnailUrl":"https:\/\/www.arquimaster.com.ar\/web\/wp-content\/uploads\/2022\/06\/el_chaja_slide.jpg","datePublished":"2022-06-17T00:19:34+00:00","dateModified":"2022-11-30T15:17:44+00:00","description":"Intervenci\u00f3n que transforma una construcci\u00f3n abandonada en segunda residencia para ser utilizada temporalmente.","breadcrumb":{"@id":"https:\/\/www.arquimaster.com.ar\/web\/casa-refugio-el-chaja-tatu-arquitectura\/#breadcrumb"},"inLanguage":"es","potentialAction":[{"@type":"ReadAction","target":["https:\/\/www.arquimaster.com.ar\/web\/casa-refugio-el-chaja-tatu-arquitectura\/"]}]},{"@type":"ImageObject","inLanguage":"es","@id":"https:\/\/www.arquimaster.com.ar\/web\/casa-refugio-el-chaja-tatu-arquitectura\/#primaryimage","url":"https:\/\/www.arquimaster.com.ar\/web\/wp-content\/uploads\/2022\/06\/el_chaja_slide.jpg","contentUrl":"https:\/\/www.arquimaster.com.ar\/web\/wp-content\/uploads\/2022\/06\/el_chaja_slide.jpg","width":698,"height":364,"caption":"Casa-refugio El Chaj\u00e1 \/ TATU Arquitectura"},{"@type":"BreadcrumbList","@id":"https:\/\/www.arquimaster.com.ar\/web\/casa-refugio-el-chaja-tatu-arquitectura\/#breadcrumb","itemListElement":[{"@type":"ListItem","position":1,"name":"Portada","item":"https:\/\/www.arquimaster.com.ar\/web\/"},{"@type":"ListItem","position":2,"name":"Casa-refugio El Chaj\u00e1 \/ TATU Arquitectura"}]},{"@type":"WebSite","@id":"https:\/\/www.arquimaster.com.ar\/web\/#website","url":"https:\/\/www.arquimaster.com.ar\/web\/","name":"Arquimaster","description":"Web de arquitectura, dise\u00f1o y construccion","publisher":{"@id":"https:\/\/www.arquimaster.com.ar\/web\/#organization"},"potentialAction":[{"@type":"SearchAction","target":{"@type":"EntryPoint","urlTemplate":"https:\/\/www.arquimaster.com.ar\/web\/?s={search_term_string}"},"query-input":{"@type":"PropertyValueSpecification","valueRequired":true,"valueName":"search_term_string"}}],"inLanguage":"es"},{"@type":"Organization","@id":"https:\/\/www.arquimaster.com.ar\/web\/#organization","name":"Arquimaster","url":"https:\/\/www.arquimaster.com.ar\/web\/","logo":{"@type":"ImageObject","inLanguage":"es","@id":"https:\/\/www.arquimaster.com.ar\/web\/#\/schema\/logo\/image\/","url":"https:\/\/www.arquimaster.com.ar\/web\/wp-content\/uploads\/2022\/06\/arquimaster.png","contentUrl":"https:\/\/www.arquimaster.com.ar\/web\/wp-content\/uploads\/2022\/06\/arquimaster.png","width":594,"height":78,"caption":"Arquimaster"},"image":{"@id":"https:\/\/www.arquimaster.com.ar\/web\/#\/schema\/logo\/image\/"},"sameAs":["http:\/\/www.facebook.com\/ARQUIMASTER.com.ar","https:\/\/x.com\/arquimaster","https:\/\/www.instagram.com\/arquimasterblog\/","https:\/\/www.linkedin.com\/company\/arquimaster","https:\/\/www.pinterest.com\/arquimaster","https:\/\/t.me\/arquimaster"]},{"@type":"Person","@id":"https:\/\/www.arquimaster.com.ar\/web\/#\/schema\/person\/359e9f7c00193fcde068e0dd2ceb0028","name":"Arquimaster"}]}},"uagb_featured_image_src":{"full":["https:\/\/www.arquimaster.com.ar\/web\/wp-content\/uploads\/2022\/06\/el_chaja_slide.jpg",698,364,false],"thumbnail":["https:\/\/www.arquimaster.com.ar\/web\/wp-content\/uploads\/2022\/06\/el_chaja_slide-150x150.jpg",150,150,true],"medium":["https:\/\/www.arquimaster.com.ar\/web\/wp-content\/uploads\/2022\/06\/el_chaja_slide.jpg",698,364,false],"medium_large":["https:\/\/www.arquimaster.com.ar\/web\/wp-content\/uploads\/2022\/06\/el_chaja_slide.jpg",698,364,false],"large":["https:\/\/www.arquimaster.com.ar\/web\/wp-content\/uploads\/2022\/06\/el_chaja_slide.jpg",698,364,false],"1536x1536":["https:\/\/www.arquimaster.com.ar\/web\/wp-content\/uploads\/2022\/06\/el_chaja_slide.jpg",698,364,false],"2048x2048":["https:\/\/www.arquimaster.com.ar\/web\/wp-content\/uploads\/2022\/06\/el_chaja_slide.jpg",698,364,false]},"uagb_author_info":{"display_name":"Arquimaster","author_link":"https:\/\/www.arquimaster.com.ar\/web\/author\/arquimaster\/"},"uagb_comment_info":0,"uagb_excerpt":"Intervenci\u00f3n que transforma una construcci\u00f3n abandonada en segunda residencia...","_links":{"self":[{"href":"https:\/\/www.arquimaster.com.ar\/web\/wp-json\/wp\/v2\/posts\/70777","targetHints":{"allow":["GET"]}}],"collection":[{"href":"https:\/\/www.arquimaster.com.ar\/web\/wp-json\/wp\/v2\/posts"}],"about":[{"href":"https:\/\/www.arquimaster.com.ar\/web\/wp-json\/wp\/v2\/types\/post"}],"author":[{"embeddable":true,"href":"https:\/\/www.arquimaster.com.ar\/web\/wp-json\/wp\/v2\/users\/1"}],"replies":[{"embeddable":true,"href":"https:\/\/www.arquimaster.com.ar\/web\/wp-json\/wp\/v2\/comments?post=70777"}],"version-history":[{"count":2,"href":"https:\/\/www.arquimaster.com.ar\/web\/wp-json\/wp\/v2\/posts\/70777\/revisions"}],"predecessor-version":[{"id":73798,"href":"https:\/\/www.arquimaster.com.ar\/web\/wp-json\/wp\/v2\/posts\/70777\/revisions\/73798"}],"wp:featuredmedia":[{"embeddable":true,"href":"https:\/\/www.arquimaster.com.ar\/web\/wp-json\/wp\/v2\/media\/70778"}],"wp:attachment":[{"href":"https:\/\/www.arquimaster.com.ar\/web\/wp-json\/wp\/v2\/media?parent=70777"}],"wp:term":[{"taxonomy":"category","embeddable":true,"href":"https:\/\/www.arquimaster.com.ar\/web\/wp-json\/wp\/v2\/categories?post=70777"},{"taxonomy":"post_tag","embeddable":true,"href":"https:\/\/www.arquimaster.com.ar\/web\/wp-json\/wp\/v2\/tags?post=70777"}],"curies":[{"name":"wp","href":"https:\/\/api.w.org\/{rel}","templated":true}]}}