{"id":70901,"date":"2022-06-23T22:46:11","date_gmt":"2022-06-24T01:46:11","guid":{"rendered":"https:\/\/www.arquimaster.com.ar\/web\/?p=70901"},"modified":"2022-11-28T20:17:42","modified_gmt":"2022-11-28T23:17:42","slug":"casa-al-nivel-tres","status":"publish","type":"post","link":"https:\/\/www.arquimaster.com.ar\/web\/casa-al-nivel-tres\/","title":{"rendered":"Casa AL \/ Nivel Tres"},"content":{"rendered":"<div style=\"margin-top: 0px; margin-bottom: 0px;\" class=\"sharethis-inline-share-buttons\" ><\/div><div class=\"b812932af2e751442846f039925109de\" data-index=\"1\" style=\"float: none; margin:25px 0 25px 0; text-align:center;\">\n<script async src=\"https:\/\/pagead2.googlesyndication.com\/pagead\/js\/adsbygoogle.js\"><\/script>\r\n<!-- Arquimaster (superior) -->\r\n<ins class=\"adsbygoogle\"\r\n     style=\"display:block\"\r\n     data-ad-client=\"ca-pub-6351072698456832\"\r\n     data-ad-slot=\"6455489680\"\r\n     data-ad-format=\"auto\"\r\n     data-full-width-responsive=\"true\"><\/ins>\r\n<script>\r\n     (adsbygoogle = window.adsbygoogle || []).push({});\r\n<\/script>\n<\/div>\n<p><strong>Casa AL<\/strong> (Ciudad de M\u00e9xico) por <strong>Nivel Tres<\/strong>. Hogar d\u00f3nde la luz ba\u00f1a la existencia, d\u00f3nde el sol invita a recorrer los espacios de una manera leve, elegante, \u00edntima y especial. Casa AL comienza con una fachada que se camufla con la imagen urbana, sin pretender destacar, pero que al mismo tiempo se realza por su volumen central y por la vida de su vegetaci\u00f3n de un modo casi t\u00edmido.<\/p>\n<div id='gallery-1' class='gallery galleryid-70901 gallery-columns-3 gallery-size-thumbnail'><figure class='gallery-item'>\n\t\t\t<div class='gallery-icon portrait'>\n\t\t\t\t<a href='https:\/\/www.arquimaster.com.ar\/web\/wp-content\/uploads\/2022\/06\/casa_al_1.jpg' title=\"Casa AL \/ Nivel Tres (\u00a9 Ricardo de la Concha)\" data-rl_title=\"Casa AL \/ Nivel Tres (\u00a9 Ricardo de la Concha)\" class=\"rl-gallery-link\" data-rl_caption=\"Casa AL \/ Nivel Tres (\u00a9 Ricardo de la Concha)\" data-rel=\"lightbox-gallery-1\"><img loading=\"lazy\" decoding=\"async\" width=\"150\" height=\"150\" src=\"https:\/\/www.arquimaster.com.ar\/web\/wp-content\/uploads\/2022\/06\/casa_al_1-150x150.jpg\" class=\"attachment-thumbnail size-thumbnail\" alt=\"Casa AL \/ Nivel Tres\" aria-describedby=\"gallery-1-70903\" \/><\/a>\n\t\t\t<\/div>\n\t\t\t\t<figcaption class='wp-caption-text gallery-caption' id='gallery-1-70903'>\n\t\t\t\t  Casa AL  \/ Nivel Tres (\u00a9 Ricardo de la Concha)\n\t\t\t\t<\/figcaption><\/figure><figure class='gallery-item'>\n\t\t\t<div class='gallery-icon landscape'>\n\t\t\t\t<a href='https:\/\/www.arquimaster.com.ar\/web\/wp-content\/uploads\/2022\/06\/casa_al_16.jpg' title=\"Casa AL \/ Nivel Tres (\u00a9 Ricardo de la Concha)\" data-rl_title=\"Casa AL \/ Nivel Tres (\u00a9 Ricardo de la Concha)\" class=\"rl-gallery-link\" data-rl_caption=\"Casa AL \/ Nivel Tres (\u00a9 Ricardo de la Concha)\" data-rel=\"lightbox-gallery-1\"><img loading=\"lazy\" decoding=\"async\" width=\"150\" height=\"150\" src=\"https:\/\/www.arquimaster.com.ar\/web\/wp-content\/uploads\/2022\/06\/casa_al_16-150x150.jpg\" class=\"attachment-thumbnail size-thumbnail\" alt=\"Casa AL \/ Nivel Tres\" aria-describedby=\"gallery-1-70918\" \/><\/a>\n\t\t\t<\/div>\n\t\t\t\t<figcaption class='wp-caption-text gallery-caption' id='gallery-1-70918'>\n\t\t\t\t  Casa AL  \/ Nivel Tres (\u00a9 Ricardo de la Concha)\n\t\t\t\t<\/figcaption><\/figure><figure class='gallery-item'>\n\t\t\t<div class='gallery-icon landscape'>\n\t\t\t\t<a href='https:\/\/www.arquimaster.com.ar\/web\/wp-content\/uploads\/2022\/06\/casa_al_2.jpg' title=\"Casa AL \/ Nivel Tres (\u00a9 Ricardo de la Concha)\" data-rl_title=\"Casa AL \/ Nivel Tres (\u00a9 Ricardo de la Concha)\" class=\"rl-gallery-link\" data-rl_caption=\"Casa AL \/ Nivel Tres (\u00a9 Ricardo de la Concha)\" data-rel=\"lightbox-gallery-1\"><img loading=\"lazy\" decoding=\"async\" width=\"150\" height=\"150\" src=\"https:\/\/www.arquimaster.com.ar\/web\/wp-content\/uploads\/2022\/06\/casa_al_2-150x150.jpg\" class=\"attachment-thumbnail size-thumbnail\" alt=\"Casa AL \/ Nivel Tres\" aria-describedby=\"gallery-1-70904\" \/><\/a>\n\t\t\t<\/div>\n\t\t\t\t<figcaption class='wp-caption-text gallery-caption' id='gallery-1-70904'>\n\t\t\t\t  Casa AL  \/ Nivel Tres (\u00a9 Ricardo de la Concha)\n\t\t\t\t<\/figcaption><\/figure><figure class='gallery-item'>\n\t\t\t<div class='gallery-icon portrait'>\n\t\t\t\t<a href='https:\/\/www.arquimaster.com.ar\/web\/wp-content\/uploads\/2022\/06\/casa_al_3.jpg' title=\"Casa AL \/ Nivel Tres (\u00a9 Ricardo de la Concha)\" data-rl_title=\"Casa AL \/ Nivel Tres (\u00a9 Ricardo de la Concha)\" class=\"rl-gallery-link\" data-rl_caption=\"Casa AL \/ Nivel Tres (\u00a9 Ricardo de la Concha)\" data-rel=\"lightbox-gallery-1\"><img loading=\"lazy\" decoding=\"async\" width=\"150\" height=\"150\" src=\"https:\/\/www.arquimaster.com.ar\/web\/wp-content\/uploads\/2022\/06\/casa_al_3-150x150.jpg\" class=\"attachment-thumbnail size-thumbnail\" alt=\"Casa AL \/ Nivel Tres\" aria-describedby=\"gallery-1-70905\" \/><\/a>\n\t\t\t<\/div>\n\t\t\t\t<figcaption class='wp-caption-text gallery-caption' id='gallery-1-70905'>\n\t\t\t\t  Casa AL  \/ Nivel Tres (\u00a9 Ricardo de la Concha)\n\t\t\t\t<\/figcaption><\/figure><figure class='gallery-item'>\n\t\t\t<div class='gallery-icon landscape'>\n\t\t\t\t<a href='https:\/\/www.arquimaster.com.ar\/web\/wp-content\/uploads\/2022\/06\/casa_al_4.jpg' title=\"Casa AL \/ Nivel Tres (\u00a9 Ricardo de la Concha)\" data-rl_title=\"Casa AL \/ Nivel Tres (\u00a9 Ricardo de la Concha)\" class=\"rl-gallery-link\" data-rl_caption=\"Casa AL \/ Nivel Tres (\u00a9 Ricardo de la Concha)\" data-rel=\"lightbox-gallery-1\"><img loading=\"lazy\" decoding=\"async\" width=\"150\" height=\"150\" src=\"https:\/\/www.arquimaster.com.ar\/web\/wp-content\/uploads\/2022\/06\/casa_al_4-150x150.jpg\" class=\"attachment-thumbnail size-thumbnail\" alt=\"Casa AL \/ Nivel Tres\" aria-describedby=\"gallery-1-70906\" \/><\/a>\n\t\t\t<\/div>\n\t\t\t\t<figcaption class='wp-caption-text gallery-caption' id='gallery-1-70906'>\n\t\t\t\t  Casa AL  \/ Nivel Tres (\u00a9 Ricardo de la Concha)\n\t\t\t\t<\/figcaption><\/figure><figure class='gallery-item'>\n\t\t\t<div class='gallery-icon landscape'>\n\t\t\t\t<a href='https:\/\/www.arquimaster.com.ar\/web\/wp-content\/uploads\/2022\/06\/casa_al_5.jpg' title=\"Casa AL \/ Nivel Tres (\u00a9 Ricardo de la Concha)\" data-rl_title=\"Casa AL \/ Nivel Tres (\u00a9 Ricardo de la Concha)\" class=\"rl-gallery-link\" data-rl_caption=\"Casa AL \/ Nivel Tres (\u00a9 Ricardo de la Concha)\" data-rel=\"lightbox-gallery-1\"><img loading=\"lazy\" decoding=\"async\" width=\"150\" height=\"150\" src=\"https:\/\/www.arquimaster.com.ar\/web\/wp-content\/uploads\/2022\/06\/casa_al_5-150x150.jpg\" class=\"attachment-thumbnail size-thumbnail\" alt=\"Casa AL \/ Nivel Tres\" aria-describedby=\"gallery-1-70907\" \/><\/a>\n\t\t\t<\/div>\n\t\t\t\t<figcaption class='wp-caption-text gallery-caption' id='gallery-1-70907'>\n\t\t\t\t  Casa AL  \/ Nivel Tres (\u00a9 Ricardo de la Concha)\n\t\t\t\t<\/figcaption><\/figure><figure class='gallery-item'>\n\t\t\t<div class='gallery-icon portrait'>\n\t\t\t\t<a href='https:\/\/www.arquimaster.com.ar\/web\/wp-content\/uploads\/2022\/06\/casa_al_6.jpg' title=\"Casa AL \/ Nivel Tres (\u00a9 Ricardo de la Concha)\" data-rl_title=\"Casa AL \/ Nivel Tres (\u00a9 Ricardo de la Concha)\" class=\"rl-gallery-link\" data-rl_caption=\"Casa AL \/ Nivel Tres (\u00a9 Ricardo de la Concha)\" data-rel=\"lightbox-gallery-1\"><img loading=\"lazy\" decoding=\"async\" width=\"150\" height=\"150\" src=\"https:\/\/www.arquimaster.com.ar\/web\/wp-content\/uploads\/2022\/06\/casa_al_6-150x150.jpg\" class=\"attachment-thumbnail size-thumbnail\" alt=\"Casa AL \/ Nivel Tres\" aria-describedby=\"gallery-1-70908\" \/><\/a>\n\t\t\t<\/div>\n\t\t\t\t<figcaption class='wp-caption-text gallery-caption' id='gallery-1-70908'>\n\t\t\t\t  Casa AL  \/ Nivel Tres (\u00a9 Ricardo de la Concha)\n\t\t\t\t<\/figcaption><\/figure><figure class='gallery-item'>\n\t\t\t<div class='gallery-icon landscape'>\n\t\t\t\t<a href='https:\/\/www.arquimaster.com.ar\/web\/wp-content\/uploads\/2022\/06\/casa_al_7.jpg' title=\"Casa AL \/ Nivel Tres (\u00a9 Ricardo de la Concha)\" data-rl_title=\"Casa AL \/ Nivel Tres (\u00a9 Ricardo de la Concha)\" class=\"rl-gallery-link\" data-rl_caption=\"Casa AL \/ Nivel Tres (\u00a9 Ricardo de la Concha)\" data-rel=\"lightbox-gallery-1\"><img loading=\"lazy\" decoding=\"async\" width=\"150\" height=\"150\" src=\"https:\/\/www.arquimaster.com.ar\/web\/wp-content\/uploads\/2022\/06\/casa_al_7-150x150.jpg\" class=\"attachment-thumbnail size-thumbnail\" alt=\"Casa AL \/ Nivel Tres\" aria-describedby=\"gallery-1-70909\" \/><\/a>\n\t\t\t<\/div>\n\t\t\t\t<figcaption class='wp-caption-text gallery-caption' id='gallery-1-70909'>\n\t\t\t\t  Casa AL  \/ Nivel Tres (\u00a9 Ricardo de la Concha)\n\t\t\t\t<\/figcaption><\/figure><figure class='gallery-item'>\n\t\t\t<div class='gallery-icon landscape'>\n\t\t\t\t<a href='https:\/\/www.arquimaster.com.ar\/web\/wp-content\/uploads\/2022\/06\/casa_al_8.jpg' title=\"Casa AL \/ Nivel Tres (\u00a9 Ricardo de la Concha)\" data-rl_title=\"Casa AL \/ Nivel Tres (\u00a9 Ricardo de la Concha)\" class=\"rl-gallery-link\" data-rl_caption=\"Casa AL \/ Nivel Tres (\u00a9 Ricardo de la Concha)\" data-rel=\"lightbox-gallery-1\"><img loading=\"lazy\" decoding=\"async\" width=\"150\" height=\"150\" src=\"https:\/\/www.arquimaster.com.ar\/web\/wp-content\/uploads\/2022\/06\/casa_al_8-150x150.jpg\" class=\"attachment-thumbnail size-thumbnail\" alt=\"Casa AL \/ Nivel Tres\" aria-describedby=\"gallery-1-70910\" \/><\/a>\n\t\t\t<\/div>\n\t\t\t\t<figcaption class='wp-caption-text gallery-caption' id='gallery-1-70910'>\n\t\t\t\t  Casa AL  \/ Nivel Tres (\u00a9 Ricardo de la Concha)\n\t\t\t\t<\/figcaption><\/figure><figure class='gallery-item'>\n\t\t\t<div class='gallery-icon landscape'>\n\t\t\t\t<a href='https:\/\/www.arquimaster.com.ar\/web\/wp-content\/uploads\/2022\/06\/casa_al_9.jpg' title=\"Casa AL \/ Nivel Tres (\u00a9 Ricardo de la Concha)\" data-rl_title=\"Casa AL \/ Nivel Tres (\u00a9 Ricardo de la Concha)\" class=\"rl-gallery-link\" data-rl_caption=\"Casa AL \/ Nivel Tres (\u00a9 Ricardo de la Concha)\" data-rel=\"lightbox-gallery-1\"><img loading=\"lazy\" decoding=\"async\" width=\"150\" height=\"150\" src=\"https:\/\/www.arquimaster.com.ar\/web\/wp-content\/uploads\/2022\/06\/casa_al_9-150x150.jpg\" class=\"attachment-thumbnail size-thumbnail\" alt=\"Casa AL \/ Nivel Tres\" aria-describedby=\"gallery-1-70911\" \/><\/a>\n\t\t\t<\/div>\n\t\t\t\t<figcaption class='wp-caption-text gallery-caption' id='gallery-1-70911'>\n\t\t\t\t  Casa AL  \/ Nivel Tres (\u00a9 Ricardo de la Concha)\n\t\t\t\t<\/figcaption><\/figure><figure class='gallery-item'>\n\t\t\t<div class='gallery-icon landscape'>\n\t\t\t\t<a href='https:\/\/www.arquimaster.com.ar\/web\/wp-content\/uploads\/2022\/06\/casa_al_10.jpg' title=\"Casa AL \/ Nivel Tres (\u00a9 Ricardo de la Concha)\" data-rl_title=\"Casa AL \/ Nivel Tres (\u00a9 Ricardo de la Concha)\" class=\"rl-gallery-link\" data-rl_caption=\"Casa AL \/ Nivel Tres (\u00a9 Ricardo de la Concha)\" data-rel=\"lightbox-gallery-1\"><img loading=\"lazy\" decoding=\"async\" width=\"150\" height=\"150\" src=\"https:\/\/www.arquimaster.com.ar\/web\/wp-content\/uploads\/2022\/06\/casa_al_10-150x150.jpg\" class=\"attachment-thumbnail size-thumbnail\" alt=\"Casa AL \/ Nivel Tres\" aria-describedby=\"gallery-1-70912\" \/><\/a>\n\t\t\t<\/div>\n\t\t\t\t<figcaption class='wp-caption-text gallery-caption' id='gallery-1-70912'>\n\t\t\t\t  Casa AL  \/ Nivel Tres (\u00a9 Ricardo de la Concha)\n\t\t\t\t<\/figcaption><\/figure><figure class='gallery-item'>\n\t\t\t<div class='gallery-icon portrait'>\n\t\t\t\t<a href='https:\/\/www.arquimaster.com.ar\/web\/wp-content\/uploads\/2022\/06\/casa_al_11.jpg' title=\"Casa AL \/ Nivel Tres (\u00a9 Ricardo de la Concha)\" data-rl_title=\"Casa AL \/ Nivel Tres (\u00a9 Ricardo de la Concha)\" class=\"rl-gallery-link\" data-rl_caption=\"Casa AL \/ Nivel Tres (\u00a9 Ricardo de la Concha)\" data-rel=\"lightbox-gallery-1\"><img loading=\"lazy\" decoding=\"async\" width=\"150\" height=\"150\" src=\"https:\/\/www.arquimaster.com.ar\/web\/wp-content\/uploads\/2022\/06\/casa_al_11-150x150.jpg\" class=\"attachment-thumbnail size-thumbnail\" alt=\"Casa AL \/ Nivel Tres\" aria-describedby=\"gallery-1-70913\" \/><\/a>\n\t\t\t<\/div>\n\t\t\t\t<figcaption class='wp-caption-text gallery-caption' id='gallery-1-70913'>\n\t\t\t\t  Casa AL  \/ Nivel Tres (\u00a9 Ricardo de la Concha)\n\t\t\t\t<\/figcaption><\/figure><figure class='gallery-item'>\n\t\t\t<div class='gallery-icon portrait'>\n\t\t\t\t<a href='https:\/\/www.arquimaster.com.ar\/web\/wp-content\/uploads\/2022\/06\/casa_al_12.jpg' title=\"Casa AL \/ Nivel Tres (\u00a9 Ricardo de la Concha)\" data-rl_title=\"Casa AL \/ Nivel Tres (\u00a9 Ricardo de la Concha)\" class=\"rl-gallery-link\" data-rl_caption=\"Casa AL \/ Nivel Tres (\u00a9 Ricardo de la Concha)\" data-rel=\"lightbox-gallery-1\"><img loading=\"lazy\" decoding=\"async\" width=\"150\" height=\"150\" src=\"https:\/\/www.arquimaster.com.ar\/web\/wp-content\/uploads\/2022\/06\/casa_al_12-150x150.jpg\" class=\"attachment-thumbnail size-thumbnail\" alt=\"Casa AL \/ Nivel Tres\" aria-describedby=\"gallery-1-70914\" \/><\/a>\n\t\t\t<\/div>\n\t\t\t\t<figcaption class='wp-caption-text gallery-caption' id='gallery-1-70914'>\n\t\t\t\t  Casa AL  \/ Nivel Tres (\u00a9 Ricardo de la Concha)\n\t\t\t\t<\/figcaption><\/figure><figure class='gallery-item'>\n\t\t\t<div class='gallery-icon landscape'>\n\t\t\t\t<a href='https:\/\/www.arquimaster.com.ar\/web\/wp-content\/uploads\/2022\/06\/casa_al_13.jpg' title=\"Casa AL \/ Nivel Tres (\u00a9 Ricardo de la Concha)\" data-rl_title=\"Casa AL \/ Nivel Tres (\u00a9 Ricardo de la Concha)\" class=\"rl-gallery-link\" data-rl_caption=\"Casa AL \/ Nivel Tres (\u00a9 Ricardo de la Concha)\" data-rel=\"lightbox-gallery-1\"><img loading=\"lazy\" decoding=\"async\" width=\"150\" height=\"150\" src=\"https:\/\/www.arquimaster.com.ar\/web\/wp-content\/uploads\/2022\/06\/casa_al_13-150x150.jpg\" class=\"attachment-thumbnail size-thumbnail\" alt=\"Casa AL \/ Nivel Tres\" aria-describedby=\"gallery-1-70915\" \/><\/a>\n\t\t\t<\/div>\n\t\t\t\t<figcaption class='wp-caption-text gallery-caption' id='gallery-1-70915'>\n\t\t\t\t  Casa AL  \/ Nivel Tres (\u00a9 Ricardo de la Concha)\n\t\t\t\t<\/figcaption><\/figure><figure class='gallery-item'>\n\t\t\t<div class='gallery-icon landscape'>\n\t\t\t\t<a href='https:\/\/www.arquimaster.com.ar\/web\/wp-content\/uploads\/2022\/06\/casa_al_14.jpg' title=\"Casa AL \/ Nivel Tres (\u00a9 Ricardo de la Concha)\" data-rl_title=\"Casa AL \/ Nivel Tres (\u00a9 Ricardo de la Concha)\" class=\"rl-gallery-link\" data-rl_caption=\"Casa AL \/ Nivel Tres (\u00a9 Ricardo de la Concha)\" data-rel=\"lightbox-gallery-1\"><img loading=\"lazy\" decoding=\"async\" width=\"150\" height=\"150\" src=\"https:\/\/www.arquimaster.com.ar\/web\/wp-content\/uploads\/2022\/06\/casa_al_14-150x150.jpg\" class=\"attachment-thumbnail size-thumbnail\" alt=\"Casa AL \/ Nivel Tres\" aria-describedby=\"gallery-1-70916\" \/><\/a>\n\t\t\t<\/div>\n\t\t\t\t<figcaption class='wp-caption-text gallery-caption' id='gallery-1-70916'>\n\t\t\t\t  Casa AL  \/ Nivel Tres (\u00a9 Ricardo de la Concha)\n\t\t\t\t<\/figcaption><\/figure><figure class='gallery-item'>\n\t\t\t<div class='gallery-icon portrait'>\n\t\t\t\t<a href='https:\/\/www.arquimaster.com.ar\/web\/wp-content\/uploads\/2022\/06\/casa_al_15.jpg' title=\"Casa AL \/ Nivel Tres (\u00a9 Ricardo de la Concha)\" data-rl_title=\"Casa AL \/ Nivel Tres (\u00a9 Ricardo de la Concha)\" class=\"rl-gallery-link\" data-rl_caption=\"Casa AL \/ Nivel Tres (\u00a9 Ricardo de la Concha)\" data-rel=\"lightbox-gallery-1\"><img loading=\"lazy\" decoding=\"async\" width=\"150\" height=\"150\" src=\"https:\/\/www.arquimaster.com.ar\/web\/wp-content\/uploads\/2022\/06\/casa_al_15-150x150.jpg\" class=\"attachment-thumbnail size-thumbnail\" alt=\"Casa AL \/ Nivel Tres\" aria-describedby=\"gallery-1-70917\" \/><\/a>\n\t\t\t<\/div>\n\t\t\t\t<figcaption class='wp-caption-text gallery-caption' id='gallery-1-70917'>\n\t\t\t\t  Casa AL  \/ Nivel Tres (\u00a9 Ricardo de la Concha)\n\t\t\t\t<\/figcaption><\/figure><figure class='gallery-item'>\n\t\t\t<div class='gallery-icon landscape'>\n\t\t\t\t<a href='https:\/\/www.arquimaster.com.ar\/web\/wp-content\/uploads\/2022\/06\/casa_al_17.jpg' title=\"Casa AL \/ Nivel Tres (planta s\u00f3tano)\" data-rl_title=\"Casa AL \/ Nivel Tres (planta s\u00f3tano)\" class=\"rl-gallery-link\" data-rl_caption=\"Casa AL \/ Nivel Tres (planta s\u00f3tano)\" data-rel=\"lightbox-gallery-1\"><img loading=\"lazy\" decoding=\"async\" width=\"150\" height=\"150\" src=\"https:\/\/www.arquimaster.com.ar\/web\/wp-content\/uploads\/2022\/06\/casa_al_17-150x150.jpg\" class=\"attachment-thumbnail size-thumbnail\" alt=\"Casa AL \/ Nivel Tres\" aria-describedby=\"gallery-1-70919\" srcset=\"https:\/\/www.arquimaster.com.ar\/web\/wp-content\/uploads\/2022\/06\/casa_al_17-150x150.jpg 150w, https:\/\/www.arquimaster.com.ar\/web\/wp-content\/uploads\/2022\/06\/casa_al_17-768x768.jpg 768w, https:\/\/www.arquimaster.com.ar\/web\/wp-content\/uploads\/2022\/06\/casa_al_17-1536x1536.jpg 1536w, https:\/\/www.arquimaster.com.ar\/web\/wp-content\/uploads\/2022\/06\/casa_al_17.jpg 2000w\" sizes=\"auto, (max-width: 150px) 100vw, 150px\" \/><\/a>\n\t\t\t<\/div>\n\t\t\t\t<figcaption class='wp-caption-text gallery-caption' id='gallery-1-70919'>\n\t\t\t\tCasa AL \/ Nivel Tres (planta s\u00f3tano)\n\t\t\t\t<\/figcaption><\/figure><figure class='gallery-item'>\n\t\t\t<div class='gallery-icon landscape'>\n\t\t\t\t<a href='https:\/\/www.arquimaster.com.ar\/web\/wp-content\/uploads\/2022\/06\/casa_al_18.jpg' title=\"Casa AL \/ Nivel Tres (planta baja)\" data-rl_title=\"Casa AL \/ Nivel Tres (planta baja)\" class=\"rl-gallery-link\" data-rl_caption=\"Casa AL \/ Nivel Tres (planta baja)\" data-rel=\"lightbox-gallery-1\"><img loading=\"lazy\" decoding=\"async\" width=\"150\" height=\"150\" src=\"https:\/\/www.arquimaster.com.ar\/web\/wp-content\/uploads\/2022\/06\/casa_al_18-150x150.jpg\" class=\"attachment-thumbnail size-thumbnail\" alt=\"Casa AL \/ Nivel Tres\" aria-describedby=\"gallery-1-70920\" srcset=\"https:\/\/www.arquimaster.com.ar\/web\/wp-content\/uploads\/2022\/06\/casa_al_18-150x150.jpg 150w, https:\/\/www.arquimaster.com.ar\/web\/wp-content\/uploads\/2022\/06\/casa_al_18-768x768.jpg 768w, https:\/\/www.arquimaster.com.ar\/web\/wp-content\/uploads\/2022\/06\/casa_al_18-1536x1536.jpg 1536w, https:\/\/www.arquimaster.com.ar\/web\/wp-content\/uploads\/2022\/06\/casa_al_18.jpg 2000w\" sizes=\"auto, (max-width: 150px) 100vw, 150px\" \/><\/a>\n\t\t\t<\/div>\n\t\t\t\t<figcaption class='wp-caption-text gallery-caption' id='gallery-1-70920'>\n\t\t\t\tCasa AL \/ Nivel Tres (planta baja)\n\t\t\t\t<\/figcaption><\/figure><figure class='gallery-item'>\n\t\t\t<div class='gallery-icon landscape'>\n\t\t\t\t<a href='https:\/\/www.arquimaster.com.ar\/web\/wp-content\/uploads\/2022\/06\/casa_al_19.jpg' title=\"Casa AL \/ Nivel Tres (planta alta)\" data-rl_title=\"Casa AL \/ Nivel Tres (planta alta)\" class=\"rl-gallery-link\" data-rl_caption=\"Casa AL \/ Nivel Tres (planta alta)\" data-rel=\"lightbox-gallery-1\"><img loading=\"lazy\" decoding=\"async\" width=\"150\" height=\"150\" src=\"https:\/\/www.arquimaster.com.ar\/web\/wp-content\/uploads\/2022\/06\/casa_al_19-150x150.jpg\" class=\"attachment-thumbnail size-thumbnail\" alt=\"Casa AL \/ Nivel Tres\" aria-describedby=\"gallery-1-70921\" srcset=\"https:\/\/www.arquimaster.com.ar\/web\/wp-content\/uploads\/2022\/06\/casa_al_19-150x150.jpg 150w, https:\/\/www.arquimaster.com.ar\/web\/wp-content\/uploads\/2022\/06\/casa_al_19-768x768.jpg 768w, https:\/\/www.arquimaster.com.ar\/web\/wp-content\/uploads\/2022\/06\/casa_al_19-1536x1536.jpg 1536w, https:\/\/www.arquimaster.com.ar\/web\/wp-content\/uploads\/2022\/06\/casa_al_19.jpg 2000w\" sizes=\"auto, (max-width: 150px) 100vw, 150px\" \/><\/a>\n\t\t\t<\/div>\n\t\t\t\t<figcaption class='wp-caption-text gallery-caption' id='gallery-1-70921'>\n\t\t\t\tCasa AL \/ Nivel Tres (planta alta)\n\t\t\t\t<\/figcaption><\/figure><figure class='gallery-item'>\n\t\t\t<div class='gallery-icon landscape'>\n\t\t\t\t<a href='https:\/\/www.arquimaster.com.ar\/web\/wp-content\/uploads\/2022\/06\/casa_al_20.jpg' title=\"Casa AL \/ Nivel Tres (planta de techos)\" data-rl_title=\"Casa AL \/ Nivel Tres (planta de techos)\" class=\"rl-gallery-link\" data-rl_caption=\"Casa AL \/ Nivel Tres (planta de techos)\" data-rel=\"lightbox-gallery-1\"><img loading=\"lazy\" decoding=\"async\" width=\"150\" height=\"150\" src=\"https:\/\/www.arquimaster.com.ar\/web\/wp-content\/uploads\/2022\/06\/casa_al_20-150x150.jpg\" class=\"attachment-thumbnail size-thumbnail\" alt=\"Casa AL \/ Nivel Tres\" aria-describedby=\"gallery-1-70922\" srcset=\"https:\/\/www.arquimaster.com.ar\/web\/wp-content\/uploads\/2022\/06\/casa_al_20-150x150.jpg 150w, https:\/\/www.arquimaster.com.ar\/web\/wp-content\/uploads\/2022\/06\/casa_al_20-768x768.jpg 768w, https:\/\/www.arquimaster.com.ar\/web\/wp-content\/uploads\/2022\/06\/casa_al_20-1536x1536.jpg 1536w, https:\/\/www.arquimaster.com.ar\/web\/wp-content\/uploads\/2022\/06\/casa_al_20.jpg 2000w\" sizes=\"auto, (max-width: 150px) 100vw, 150px\" \/><\/a>\n\t\t\t<\/div>\n\t\t\t\t<figcaption class='wp-caption-text gallery-caption' id='gallery-1-70922'>\n\t\t\t\tCasa AL \/ Nivel Tres (planta de techos)\n\t\t\t\t<\/figcaption><\/figure><figure class='gallery-item'>\n\t\t\t<div class='gallery-icon landscape'>\n\t\t\t\t<a href='https:\/\/www.arquimaster.com.ar\/web\/wp-content\/uploads\/2022\/06\/casa_al_21.jpg' title=\"Casa AL \/ Nivel Tres (corte)\" data-rl_title=\"Casa AL \/ Nivel Tres (corte)\" class=\"rl-gallery-link\" data-rl_caption=\"Casa AL \/ Nivel Tres (corte)\" data-rel=\"lightbox-gallery-1\"><img loading=\"lazy\" decoding=\"async\" width=\"150\" height=\"150\" src=\"https:\/\/www.arquimaster.com.ar\/web\/wp-content\/uploads\/2022\/06\/casa_al_21-150x150.jpg\" class=\"attachment-thumbnail size-thumbnail\" alt=\"Casa AL \/ Nivel Tres\" aria-describedby=\"gallery-1-70923\" srcset=\"https:\/\/www.arquimaster.com.ar\/web\/wp-content\/uploads\/2022\/06\/casa_al_21-150x150.jpg 150w, https:\/\/www.arquimaster.com.ar\/web\/wp-content\/uploads\/2022\/06\/casa_al_21-768x768.jpg 768w, https:\/\/www.arquimaster.com.ar\/web\/wp-content\/uploads\/2022\/06\/casa_al_21-1536x1536.jpg 1536w, https:\/\/www.arquimaster.com.ar\/web\/wp-content\/uploads\/2022\/06\/casa_al_21.jpg 1920w\" sizes=\"auto, (max-width: 150px) 100vw, 150px\" \/><\/a>\n\t\t\t<\/div>\n\t\t\t\t<figcaption class='wp-caption-text gallery-caption' id='gallery-1-70923'>\n\t\t\t\tCasa AL \/ Nivel Tres (corte)\n\t\t\t\t<\/figcaption><\/figure><figure class='gallery-item'>\n\t\t\t<div class='gallery-icon landscape'>\n\t\t\t\t<a href='https:\/\/www.arquimaster.com.ar\/web\/wp-content\/uploads\/2022\/06\/casa_al_22.jpg' title=\"Casa AL \/ Nivel Tres (corte)\" data-rl_title=\"Casa AL \/ Nivel Tres (corte)\" class=\"rl-gallery-link\" data-rl_caption=\"Casa AL \/ Nivel Tres (corte)\" data-rel=\"lightbox-gallery-1\"><img loading=\"lazy\" decoding=\"async\" width=\"150\" height=\"150\" src=\"https:\/\/www.arquimaster.com.ar\/web\/wp-content\/uploads\/2022\/06\/casa_al_22-150x150.jpg\" class=\"attachment-thumbnail size-thumbnail\" alt=\"Casa AL \/ Nivel Tres\" aria-describedby=\"gallery-1-70924\" srcset=\"https:\/\/www.arquimaster.com.ar\/web\/wp-content\/uploads\/2022\/06\/casa_al_22-150x150.jpg 150w, https:\/\/www.arquimaster.com.ar\/web\/wp-content\/uploads\/2022\/06\/casa_al_22-768x768.jpg 768w, https:\/\/www.arquimaster.com.ar\/web\/wp-content\/uploads\/2022\/06\/casa_al_22-1536x1536.jpg 1536w, https:\/\/www.arquimaster.com.ar\/web\/wp-content\/uploads\/2022\/06\/casa_al_22.jpg 1920w\" sizes=\"auto, (max-width: 150px) 100vw, 150px\" \/><\/a>\n\t\t\t<\/div>\n\t\t\t\t<figcaption class='wp-caption-text gallery-caption' id='gallery-1-70924'>\n\t\t\t\tCasa AL \/ Nivel Tres (corte)\n\t\t\t\t<\/figcaption><\/figure><figure class='gallery-item'>\n\t\t\t<div class='gallery-icon landscape'>\n\t\t\t\t<a href='https:\/\/www.arquimaster.com.ar\/web\/wp-content\/uploads\/2022\/06\/casa_al_23.jpg' title=\"Casa AL \/ Nivel Tres (corte)\" data-rl_title=\"Casa AL \/ Nivel Tres (corte)\" class=\"rl-gallery-link\" data-rl_caption=\"Casa AL \/ Nivel Tres (corte)\" data-rel=\"lightbox-gallery-1\"><img loading=\"lazy\" decoding=\"async\" width=\"150\" height=\"150\" src=\"https:\/\/www.arquimaster.com.ar\/web\/wp-content\/uploads\/2022\/06\/casa_al_23-150x150.jpg\" class=\"attachment-thumbnail size-thumbnail\" alt=\"Casa AL \/ Nivel Tres\" aria-describedby=\"gallery-1-70925\" srcset=\"https:\/\/www.arquimaster.com.ar\/web\/wp-content\/uploads\/2022\/06\/casa_al_23-150x150.jpg 150w, https:\/\/www.arquimaster.com.ar\/web\/wp-content\/uploads\/2022\/06\/casa_al_23-768x768.jpg 768w, https:\/\/www.arquimaster.com.ar\/web\/wp-content\/uploads\/2022\/06\/casa_al_23-1536x1536.jpg 1536w, https:\/\/www.arquimaster.com.ar\/web\/wp-content\/uploads\/2022\/06\/casa_al_23.jpg 1920w\" sizes=\"auto, (max-width: 150px) 100vw, 150px\" \/><\/a>\n\t\t\t<\/div>\n\t\t\t\t<figcaption class='wp-caption-text gallery-caption' id='gallery-1-70925'>\n\t\t\t\tCasa AL \/ Nivel Tres (corte)\n\t\t\t\t<\/figcaption><\/figure><figure class='gallery-item'>\n\t\t\t<div class='gallery-icon landscape'>\n\t\t\t\t<a href='https:\/\/www.arquimaster.com.ar\/web\/wp-content\/uploads\/2022\/06\/casa_al_24.jpg' title=\"Casa AL \/ Nivel Tres (corte)\" data-rl_title=\"Casa AL \/ Nivel Tres (corte)\" class=\"rl-gallery-link\" data-rl_caption=\"Casa AL \/ Nivel Tres (corte)\" data-rel=\"lightbox-gallery-1\"><img loading=\"lazy\" decoding=\"async\" width=\"150\" height=\"150\" src=\"https:\/\/www.arquimaster.com.ar\/web\/wp-content\/uploads\/2022\/06\/casa_al_24-150x150.jpg\" class=\"attachment-thumbnail size-thumbnail\" alt=\"Casa AL \/ Nivel Tres\" aria-describedby=\"gallery-1-70926\" srcset=\"https:\/\/www.arquimaster.com.ar\/web\/wp-content\/uploads\/2022\/06\/casa_al_24-150x150.jpg 150w, https:\/\/www.arquimaster.com.ar\/web\/wp-content\/uploads\/2022\/06\/casa_al_24-768x768.jpg 768w, https:\/\/www.arquimaster.com.ar\/web\/wp-content\/uploads\/2022\/06\/casa_al_24-1536x1536.jpg 1536w, https:\/\/www.arquimaster.com.ar\/web\/wp-content\/uploads\/2022\/06\/casa_al_24.jpg 1920w\" sizes=\"auto, (max-width: 150px) 100vw, 150px\" \/><\/a>\n\t\t\t<\/div>\n\t\t\t\t<figcaption class='wp-caption-text gallery-caption' id='gallery-1-70926'>\n\t\t\t\tCasa AL \/ Nivel Tres (corte)\n\t\t\t\t<\/figcaption><\/figure><figure class='gallery-item'>\n\t\t\t<div class='gallery-icon landscape'>\n\t\t\t\t<a href='https:\/\/www.arquimaster.com.ar\/web\/wp-content\/uploads\/2022\/06\/casa_al_25.jpg' title=\"Casa AL \/ Nivel Tres (vista frente)\" data-rl_title=\"Casa AL \/ Nivel Tres (vista frente)\" class=\"rl-gallery-link\" data-rl_caption=\"Casa AL \/ Nivel Tres (vista frente)\" data-rel=\"lightbox-gallery-1\"><img loading=\"lazy\" decoding=\"async\" width=\"150\" height=\"150\" src=\"https:\/\/www.arquimaster.com.ar\/web\/wp-content\/uploads\/2022\/06\/casa_al_25-150x150.jpg\" class=\"attachment-thumbnail size-thumbnail\" alt=\"Casa AL \/ Nivel Tres\" aria-describedby=\"gallery-1-70927\" srcset=\"https:\/\/www.arquimaster.com.ar\/web\/wp-content\/uploads\/2022\/06\/casa_al_25-150x150.jpg 150w, https:\/\/www.arquimaster.com.ar\/web\/wp-content\/uploads\/2022\/06\/casa_al_25-768x768.jpg 768w, https:\/\/www.arquimaster.com.ar\/web\/wp-content\/uploads\/2022\/06\/casa_al_25-1536x1536.jpg 1536w, https:\/\/www.arquimaster.com.ar\/web\/wp-content\/uploads\/2022\/06\/casa_al_25.jpg 1920w\" sizes=\"auto, (max-width: 150px) 100vw, 150px\" \/><\/a>\n\t\t\t<\/div>\n\t\t\t\t<figcaption class='wp-caption-text gallery-caption' id='gallery-1-70927'>\n\t\t\t\tCasa AL \/ Nivel Tres (vista frente)\n\t\t\t\t<\/figcaption><\/figure><figure class='gallery-item'>\n\t\t\t<div class='gallery-icon landscape'>\n\t\t\t\t<a href='https:\/\/www.arquimaster.com.ar\/web\/wp-content\/uploads\/2022\/06\/casa_al_26.jpg' title=\"Casa AL \/ Nivel Tres (vista interna)\" data-rl_title=\"Casa AL \/ Nivel Tres (vista interna)\" class=\"rl-gallery-link\" data-rl_caption=\"Casa AL \/ Nivel Tres (vista interna)\" data-rel=\"lightbox-gallery-1\"><img loading=\"lazy\" decoding=\"async\" width=\"150\" height=\"150\" src=\"https:\/\/www.arquimaster.com.ar\/web\/wp-content\/uploads\/2022\/06\/casa_al_26-150x150.jpg\" class=\"attachment-thumbnail size-thumbnail\" alt=\"Casa AL \/ Nivel Tres\" aria-describedby=\"gallery-1-70928\" srcset=\"https:\/\/www.arquimaster.com.ar\/web\/wp-content\/uploads\/2022\/06\/casa_al_26-150x150.jpg 150w, https:\/\/www.arquimaster.com.ar\/web\/wp-content\/uploads\/2022\/06\/casa_al_26-768x768.jpg 768w, https:\/\/www.arquimaster.com.ar\/web\/wp-content\/uploads\/2022\/06\/casa_al_26-1536x1536.jpg 1536w, https:\/\/www.arquimaster.com.ar\/web\/wp-content\/uploads\/2022\/06\/casa_al_26.jpg 1920w\" sizes=\"auto, (max-width: 150px) 100vw, 150px\" \/><\/a>\n\t\t\t<\/div>\n\t\t\t\t<figcaption class='wp-caption-text gallery-caption' id='gallery-1-70928'>\n\t\t\t\tCasa AL \/ Nivel Tres (vista interna)\n\t\t\t\t<\/figcaption><\/figure>\n\t\t<\/div>\n\n<p>Es una casa que se abre al interior, en cuyo ambiente se transparentan las din\u00e1micas, se vuelven contin\u00faas e iluminadas; las condiciones pertinentes para la vida en familia, para el di\u00e1logo con los ni\u00f1os.<\/p>\n<p>Con espacios personales, reflexivos y livianos, la casa se configura en tres niveles, el primero, el p\u00fablico, con una serie de espacios distintos e integrados: un recorrido di\u00e1fano, consecuente, que consolida la vida familiar con su aspecto elegante.<\/p>\n<p>Se trata de la relaci\u00f3n entre el acceso porticado con el patio trasero, en medio de los cuales se encuentra la sala familiar, la estancia, el comedor, el desayunador y la cocina.<\/p>\n<p>Todas estas configuradas para que el recorrido sea abierto y libre. En la planta superior, la privada, se encuentra la rec\u00e1mara principal, configurada de espacios m\u00e1s personales, que no pierden de vista su sentido casual, espont\u00e1neo, pero tambi\u00e9n fresco y abierto.<\/p>\n<p>Rec\u00e1mara, ba\u00f1o y vestidor en cuyo interior se puede leer el paso del tiempo y desde el cual puede apreciarse el ritmo de los \u00e1rboles aleda\u00f1os a la casa.<\/p>\n<p>Por \u00faltimo, el s\u00f3tano, d\u00f3nde se ocultan las rec\u00e1maras secundarias y un estudio. Paisajes personales que acontecen a una escala pausada. Como si uno estuviera m\u00e1s bien en otro lugar.<\/p>\n\n\n<div style=\"height:20px\" aria-hidden=\"true\" class=\"wp-block-spacer\"><\/div>\n\n\n\n<p class=\"has-background\" style=\"background-color:#eaeaea\"><strong>Ficha t\u00e9cnica<\/strong><br>Nombre: Casa AL<br>Ubicaci\u00f3n: Ciudad de M\u00e9xico<br>Oficina de Arquitectura: Nivel Tres<br>Arquitectos a cargo: Carlos Chiver<br>Equipo de Dise\u00f1o:&nbsp;Mariana Hern\u00e1ndez, Jaime Zaragoza, Mario L\u00f3pez<br>Superficie construida: 738.29 m2<br>A\u00f1o finalizaci\u00f3n construcci\u00f3n: 2021<br>Fotograf\u00edas: <a href=\"https:\/\/ricardodelaconcha.com\" target=\"_blank\" rel=\"noreferrer noopener\">Ricardo de la Concha<\/a><br><br><strong>Contacto<\/strong><br><a href=\"https:\/\/www.niveltres.com.mx\/\" target=\"_blank\" rel=\"noreferrer noopener\">https:\/\/www.niveltres.com.mx\/<\/a><\/p>\n\n\n\n<div style=\"height:40px\" aria-hidden=\"true\" class=\"wp-block-spacer\"><\/div>\n\n\n<p><strong><em>English version<\/em><\/strong><\/p>\n<p><em>Home where the light bathes the existence, where the sun invites to walk through the spaces in a light, elegant, intimate and special way. Casa AL begins with a facade that camouflages with the urban image, without trying to stand out, but at the same time is enhanced by its central volume and by the life of its vegetation in an almost shy way.<\/em><\/p>\n<p><em>It is a house that opens to the interior, in whose environment the dynamics are transparent, become continuous and illuminated; the pertinent conditions for family life, for dialogue with the children.<\/em><\/p>\n<p><em>With personal, reflective and light spaces, the house is configured on three levels, the first, the public one, with a series of distinct and integrated spaces: a diaphanous, consistent path that consolidates family life with its elegant appearance.<\/em><\/p>\n<p><em>This is the relationship between the porticoed entrance and the backyard, in the middle of which are the family room, the living room, the dining room, the breakfast room and the kitchen.<\/em><\/p>\n<p><em>All of these are configured so that the path is open and free. On the upper floor, the private one, is the master bedroom, configured with more personal spaces, which do not lose sight of its casual, spontaneous, but also fresh and open sense.<\/em><\/p>\n<p><em>Bedroom, bathroom and dressing room inside which you can read the passage of time and from which you can appreciate the rhythm of the trees surrounding the house.<\/em><\/p>\n<p><em>Finally, the basement, where the secondary bedrooms and a study are hidden. Personal landscapes that take place on a slow scale. As if one were in another place.<\/em><\/p>\n<div style=\"font-size: 0px; height: 0px; line-height: 0px; margin: 0; padding: 0; clear: both;\"><\/div><div style=\"margin-top: 0px; margin-bottom: 0px;\" class=\"sharethis-inline-share-buttons\" ><\/div>","protected":false},"excerpt":{"rendered":"<p>La casa se abre al interior, en cuyo ambiente se transparentan las din\u00e1micas&#8230;<\/p>\n","protected":false},"author":1,"featured_media":70902,"comment_status":"closed","ping_status":"closed","sticky":false,"template":"","format":"standard","meta":{"_uag_custom_page_level_css":"","footnotes":""},"categories":[1,83],"tags":[7309,250,7451,7452,7453,24,7308,254],"class_list":["post-70901","post","type-post","status-publish","format-standard","has-post-thumbnail","hentry","category-proyecto","category-vivienda-unifamiliar","tag-carlos-chiver","tag-ciudad-de-mexico","tag-jaime-zaragoza","tag-mariana-hernandez","tag-mario-lopez","tag-mexico","tag-nivel-tres","tag-vivienda-unifamiliar-2","generate-columns","tablet-grid-50","mobile-grid-100","grid-parent","grid-50"],"yoast_head":"<!-- This site is optimized with the Yoast SEO plugin v27.3 - https:\/\/yoast.com\/product\/yoast-seo-wordpress\/ -->\n<title>Casa AL \/ Nivel Tres - Arquimaster<\/title>\n<meta name=\"description\" content=\"Es una casa que se abre al interior, en cuyo ambiente se transparentan las din\u00e1micas, se vuelven contin\u00faas e iluminadas.\" \/>\n<meta name=\"robots\" content=\"index, follow, max-snippet:-1, max-image-preview:large, max-video-preview:-1\" \/>\n<link rel=\"canonical\" href=\"https:\/\/www.arquimaster.com.ar\/web\/casa-al-nivel-tres\/\" \/>\n<meta property=\"og:locale\" content=\"es_ES\" \/>\n<meta property=\"og:type\" content=\"article\" \/>\n<meta property=\"og:title\" content=\"Casa AL \/ Nivel Tres\" \/>\n<meta property=\"og:description\" content=\"Es una casa que se abre al interior, en cuyo ambiente se transparentan las din\u00e1micas, se vuelven contin\u00faas e iluminadas.\" \/>\n<meta property=\"og:url\" content=\"https:\/\/www.arquimaster.com.ar\/web\/casa-al-nivel-tres\/\" \/>\n<meta property=\"og:site_name\" content=\"Arquimaster\" \/>\n<meta property=\"article:publisher\" content=\"http:\/\/www.facebook.com\/ARQUIMASTER.com.ar\" \/>\n<meta property=\"article:published_time\" content=\"2022-06-24T01:46:11+00:00\" \/>\n<meta property=\"article:modified_time\" content=\"2022-11-28T23:17:42+00:00\" \/>\n<meta property=\"og:image\" content=\"https:\/\/www.arquimaster.com.ar\/web\/wp-content\/uploads\/2022\/06\/casa_al_slide.jpg\" \/>\n\t<meta property=\"og:image:width\" content=\"698\" \/>\n\t<meta property=\"og:image:height\" content=\"364\" \/>\n\t<meta property=\"og:image:type\" content=\"image\/jpeg\" \/>\n<meta name=\"author\" content=\"Arquimaster\" \/>\n<meta name=\"twitter:card\" content=\"summary_large_image\" \/>\n<meta name=\"twitter:title\" content=\"Casa AL \/ Nivel Tres\" \/>\n<meta name=\"twitter:description\" content=\"Es una casa que se abre al interior, en cuyo ambiente se transparentan las din\u00e1micas, se vuelven contin\u00faas e iluminadas.\" \/>\n<meta name=\"twitter:image\" content=\"https:\/\/www.arquimaster.com.ar\/web\/wp-content\/uploads\/2022\/06\/casa_al_slide.jpg\" \/>\n<meta name=\"twitter:creator\" content=\"@arquimaster\" \/>\n<meta name=\"twitter:site\" content=\"@arquimaster\" \/>\n<meta name=\"twitter:label1\" content=\"Escrito por\" \/>\n\t<meta name=\"twitter:data1\" content=\"Arquimaster\" \/>\n\t<meta name=\"twitter:label2\" content=\"Tiempo de lectura\" \/>\n\t<meta name=\"twitter:data2\" content=\"3 minutos\" \/>\n<script type=\"application\/ld+json\" class=\"yoast-schema-graph\">{\"@context\":\"https:\\\/\\\/schema.org\",\"@graph\":[{\"@type\":\"Article\",\"@id\":\"https:\\\/\\\/www.arquimaster.com.ar\\\/web\\\/casa-al-nivel-tres\\\/#article\",\"isPartOf\":{\"@id\":\"https:\\\/\\\/www.arquimaster.com.ar\\\/web\\\/casa-al-nivel-tres\\\/\"},\"author\":{\"name\":\"Arquimaster\",\"@id\":\"https:\\\/\\\/www.arquimaster.com.ar\\\/web\\\/#\\\/schema\\\/person\\\/359e9f7c00193fcde068e0dd2ceb0028\"},\"headline\":\"Casa AL \\\/ Nivel Tres\",\"datePublished\":\"2022-06-24T01:46:11+00:00\",\"dateModified\":\"2022-11-28T23:17:42+00:00\",\"mainEntityOfPage\":{\"@id\":\"https:\\\/\\\/www.arquimaster.com.ar\\\/web\\\/casa-al-nivel-tres\\\/\"},\"wordCount\":624,\"publisher\":{\"@id\":\"https:\\\/\\\/www.arquimaster.com.ar\\\/web\\\/#organization\"},\"image\":{\"@id\":\"https:\\\/\\\/www.arquimaster.com.ar\\\/web\\\/casa-al-nivel-tres\\\/#primaryimage\"},\"thumbnailUrl\":\"https:\\\/\\\/www.arquimaster.com.ar\\\/web\\\/wp-content\\\/uploads\\\/2022\\\/06\\\/casa_al_slide.jpg\",\"keywords\":[\"Carlos Chiver\",\"Ciudad de Mexico\",\"Jaime Zaragoza\",\"Mariana Hern\u00e1ndez\",\"Mario L\u00f3pez\",\"Mexico\",\"Nivel Tres\",\"vivienda unifamiliar\"],\"articleSection\":[\"Proyecto\",\"Vivienda unifamiliar y PH\"],\"inLanguage\":\"es\"},{\"@type\":\"WebPage\",\"@id\":\"https:\\\/\\\/www.arquimaster.com.ar\\\/web\\\/casa-al-nivel-tres\\\/\",\"url\":\"https:\\\/\\\/www.arquimaster.com.ar\\\/web\\\/casa-al-nivel-tres\\\/\",\"name\":\"Casa AL \\\/ Nivel Tres - Arquimaster\",\"isPartOf\":{\"@id\":\"https:\\\/\\\/www.arquimaster.com.ar\\\/web\\\/#website\"},\"primaryImageOfPage\":{\"@id\":\"https:\\\/\\\/www.arquimaster.com.ar\\\/web\\\/casa-al-nivel-tres\\\/#primaryimage\"},\"image\":{\"@id\":\"https:\\\/\\\/www.arquimaster.com.ar\\\/web\\\/casa-al-nivel-tres\\\/#primaryimage\"},\"thumbnailUrl\":\"https:\\\/\\\/www.arquimaster.com.ar\\\/web\\\/wp-content\\\/uploads\\\/2022\\\/06\\\/casa_al_slide.jpg\",\"datePublished\":\"2022-06-24T01:46:11+00:00\",\"dateModified\":\"2022-11-28T23:17:42+00:00\",\"description\":\"Es una casa que se abre al interior, en cuyo ambiente se transparentan las din\u00e1micas, se vuelven contin\u00faas e iluminadas.\",\"breadcrumb\":{\"@id\":\"https:\\\/\\\/www.arquimaster.com.ar\\\/web\\\/casa-al-nivel-tres\\\/#breadcrumb\"},\"inLanguage\":\"es\",\"potentialAction\":[{\"@type\":\"ReadAction\",\"target\":[\"https:\\\/\\\/www.arquimaster.com.ar\\\/web\\\/casa-al-nivel-tres\\\/\"]}]},{\"@type\":\"ImageObject\",\"inLanguage\":\"es\",\"@id\":\"https:\\\/\\\/www.arquimaster.com.ar\\\/web\\\/casa-al-nivel-tres\\\/#primaryimage\",\"url\":\"https:\\\/\\\/www.arquimaster.com.ar\\\/web\\\/wp-content\\\/uploads\\\/2022\\\/06\\\/casa_al_slide.jpg\",\"contentUrl\":\"https:\\\/\\\/www.arquimaster.com.ar\\\/web\\\/wp-content\\\/uploads\\\/2022\\\/06\\\/casa_al_slide.jpg\",\"width\":698,\"height\":364,\"caption\":\"Casa AL \\\/ Nivel Tres\"},{\"@type\":\"BreadcrumbList\",\"@id\":\"https:\\\/\\\/www.arquimaster.com.ar\\\/web\\\/casa-al-nivel-tres\\\/#breadcrumb\",\"itemListElement\":[{\"@type\":\"ListItem\",\"position\":1,\"name\":\"Portada\",\"item\":\"https:\\\/\\\/www.arquimaster.com.ar\\\/web\\\/\"},{\"@type\":\"ListItem\",\"position\":2,\"name\":\"Casa AL \\\/ Nivel Tres\"}]},{\"@type\":\"WebSite\",\"@id\":\"https:\\\/\\\/www.arquimaster.com.ar\\\/web\\\/#website\",\"url\":\"https:\\\/\\\/www.arquimaster.com.ar\\\/web\\\/\",\"name\":\"Arquimaster\",\"description\":\"Web de arquitectura, dise\u00f1o y construccion\",\"publisher\":{\"@id\":\"https:\\\/\\\/www.arquimaster.com.ar\\\/web\\\/#organization\"},\"potentialAction\":[{\"@type\":\"SearchAction\",\"target\":{\"@type\":\"EntryPoint\",\"urlTemplate\":\"https:\\\/\\\/www.arquimaster.com.ar\\\/web\\\/?s={search_term_string}\"},\"query-input\":{\"@type\":\"PropertyValueSpecification\",\"valueRequired\":true,\"valueName\":\"search_term_string\"}}],\"inLanguage\":\"es\"},{\"@type\":\"Organization\",\"@id\":\"https:\\\/\\\/www.arquimaster.com.ar\\\/web\\\/#organization\",\"name\":\"Arquimaster\",\"url\":\"https:\\\/\\\/www.arquimaster.com.ar\\\/web\\\/\",\"logo\":{\"@type\":\"ImageObject\",\"inLanguage\":\"es\",\"@id\":\"https:\\\/\\\/www.arquimaster.com.ar\\\/web\\\/#\\\/schema\\\/logo\\\/image\\\/\",\"url\":\"https:\\\/\\\/www.arquimaster.com.ar\\\/web\\\/wp-content\\\/uploads\\\/2022\\\/06\\\/arquimaster.png\",\"contentUrl\":\"https:\\\/\\\/www.arquimaster.com.ar\\\/web\\\/wp-content\\\/uploads\\\/2022\\\/06\\\/arquimaster.png\",\"width\":594,\"height\":78,\"caption\":\"Arquimaster\"},\"image\":{\"@id\":\"https:\\\/\\\/www.arquimaster.com.ar\\\/web\\\/#\\\/schema\\\/logo\\\/image\\\/\"},\"sameAs\":[\"http:\\\/\\\/www.facebook.com\\\/ARQUIMASTER.com.ar\",\"https:\\\/\\\/x.com\\\/arquimaster\",\"https:\\\/\\\/www.instagram.com\\\/arquimasterblog\\\/\",\"https:\\\/\\\/www.linkedin.com\\\/company\\\/arquimaster\",\"https:\\\/\\\/www.pinterest.com\\\/arquimaster\",\"https:\\\/\\\/t.me\\\/arquimaster\"]},{\"@type\":\"Person\",\"@id\":\"https:\\\/\\\/www.arquimaster.com.ar\\\/web\\\/#\\\/schema\\\/person\\\/359e9f7c00193fcde068e0dd2ceb0028\",\"name\":\"Arquimaster\"}]}<\/script>\n<!-- \/ Yoast SEO plugin. -->","yoast_head_json":{"title":"Casa AL \/ Nivel Tres - Arquimaster","description":"Es una casa que se abre al interior, en cuyo ambiente se transparentan las din\u00e1micas, se vuelven contin\u00faas e iluminadas.","robots":{"index":"index","follow":"follow","max-snippet":"max-snippet:-1","max-image-preview":"max-image-preview:large","max-video-preview":"max-video-preview:-1"},"canonical":"https:\/\/www.arquimaster.com.ar\/web\/casa-al-nivel-tres\/","og_locale":"es_ES","og_type":"article","og_title":"Casa AL \/ Nivel Tres","og_description":"Es una casa que se abre al interior, en cuyo ambiente se transparentan las din\u00e1micas, se vuelven contin\u00faas e iluminadas.","og_url":"https:\/\/www.arquimaster.com.ar\/web\/casa-al-nivel-tres\/","og_site_name":"Arquimaster","article_publisher":"http:\/\/www.facebook.com\/ARQUIMASTER.com.ar","article_published_time":"2022-06-24T01:46:11+00:00","article_modified_time":"2022-11-28T23:17:42+00:00","og_image":[{"width":698,"height":364,"url":"https:\/\/www.arquimaster.com.ar\/web\/wp-content\/uploads\/2022\/06\/casa_al_slide.jpg","type":"image\/jpeg"}],"author":"Arquimaster","twitter_card":"summary_large_image","twitter_title":"Casa AL \/ Nivel Tres","twitter_description":"Es una casa que se abre al interior, en cuyo ambiente se transparentan las din\u00e1micas, se vuelven contin\u00faas e iluminadas.","twitter_image":"https:\/\/www.arquimaster.com.ar\/web\/wp-content\/uploads\/2022\/06\/casa_al_slide.jpg","twitter_creator":"@arquimaster","twitter_site":"@arquimaster","twitter_misc":{"Escrito por":"Arquimaster","Tiempo de lectura":"3 minutos"},"schema":{"@context":"https:\/\/schema.org","@graph":[{"@type":"Article","@id":"https:\/\/www.arquimaster.com.ar\/web\/casa-al-nivel-tres\/#article","isPartOf":{"@id":"https:\/\/www.arquimaster.com.ar\/web\/casa-al-nivel-tres\/"},"author":{"name":"Arquimaster","@id":"https:\/\/www.arquimaster.com.ar\/web\/#\/schema\/person\/359e9f7c00193fcde068e0dd2ceb0028"},"headline":"Casa AL \/ Nivel Tres","datePublished":"2022-06-24T01:46:11+00:00","dateModified":"2022-11-28T23:17:42+00:00","mainEntityOfPage":{"@id":"https:\/\/www.arquimaster.com.ar\/web\/casa-al-nivel-tres\/"},"wordCount":624,"publisher":{"@id":"https:\/\/www.arquimaster.com.ar\/web\/#organization"},"image":{"@id":"https:\/\/www.arquimaster.com.ar\/web\/casa-al-nivel-tres\/#primaryimage"},"thumbnailUrl":"https:\/\/www.arquimaster.com.ar\/web\/wp-content\/uploads\/2022\/06\/casa_al_slide.jpg","keywords":["Carlos Chiver","Ciudad de Mexico","Jaime Zaragoza","Mariana Hern\u00e1ndez","Mario L\u00f3pez","Mexico","Nivel Tres","vivienda unifamiliar"],"articleSection":["Proyecto","Vivienda unifamiliar y PH"],"inLanguage":"es"},{"@type":"WebPage","@id":"https:\/\/www.arquimaster.com.ar\/web\/casa-al-nivel-tres\/","url":"https:\/\/www.arquimaster.com.ar\/web\/casa-al-nivel-tres\/","name":"Casa AL \/ Nivel Tres - Arquimaster","isPartOf":{"@id":"https:\/\/www.arquimaster.com.ar\/web\/#website"},"primaryImageOfPage":{"@id":"https:\/\/www.arquimaster.com.ar\/web\/casa-al-nivel-tres\/#primaryimage"},"image":{"@id":"https:\/\/www.arquimaster.com.ar\/web\/casa-al-nivel-tres\/#primaryimage"},"thumbnailUrl":"https:\/\/www.arquimaster.com.ar\/web\/wp-content\/uploads\/2022\/06\/casa_al_slide.jpg","datePublished":"2022-06-24T01:46:11+00:00","dateModified":"2022-11-28T23:17:42+00:00","description":"Es una casa que se abre al interior, en cuyo ambiente se transparentan las din\u00e1micas, se vuelven contin\u00faas e iluminadas.","breadcrumb":{"@id":"https:\/\/www.arquimaster.com.ar\/web\/casa-al-nivel-tres\/#breadcrumb"},"inLanguage":"es","potentialAction":[{"@type":"ReadAction","target":["https:\/\/www.arquimaster.com.ar\/web\/casa-al-nivel-tres\/"]}]},{"@type":"ImageObject","inLanguage":"es","@id":"https:\/\/www.arquimaster.com.ar\/web\/casa-al-nivel-tres\/#primaryimage","url":"https:\/\/www.arquimaster.com.ar\/web\/wp-content\/uploads\/2022\/06\/casa_al_slide.jpg","contentUrl":"https:\/\/www.arquimaster.com.ar\/web\/wp-content\/uploads\/2022\/06\/casa_al_slide.jpg","width":698,"height":364,"caption":"Casa AL \/ Nivel Tres"},{"@type":"BreadcrumbList","@id":"https:\/\/www.arquimaster.com.ar\/web\/casa-al-nivel-tres\/#breadcrumb","itemListElement":[{"@type":"ListItem","position":1,"name":"Portada","item":"https:\/\/www.arquimaster.com.ar\/web\/"},{"@type":"ListItem","position":2,"name":"Casa AL \/ Nivel Tres"}]},{"@type":"WebSite","@id":"https:\/\/www.arquimaster.com.ar\/web\/#website","url":"https:\/\/www.arquimaster.com.ar\/web\/","name":"Arquimaster","description":"Web de arquitectura, dise\u00f1o y construccion","publisher":{"@id":"https:\/\/www.arquimaster.com.ar\/web\/#organization"},"potentialAction":[{"@type":"SearchAction","target":{"@type":"EntryPoint","urlTemplate":"https:\/\/www.arquimaster.com.ar\/web\/?s={search_term_string}"},"query-input":{"@type":"PropertyValueSpecification","valueRequired":true,"valueName":"search_term_string"}}],"inLanguage":"es"},{"@type":"Organization","@id":"https:\/\/www.arquimaster.com.ar\/web\/#organization","name":"Arquimaster","url":"https:\/\/www.arquimaster.com.ar\/web\/","logo":{"@type":"ImageObject","inLanguage":"es","@id":"https:\/\/www.arquimaster.com.ar\/web\/#\/schema\/logo\/image\/","url":"https:\/\/www.arquimaster.com.ar\/web\/wp-content\/uploads\/2022\/06\/arquimaster.png","contentUrl":"https:\/\/www.arquimaster.com.ar\/web\/wp-content\/uploads\/2022\/06\/arquimaster.png","width":594,"height":78,"caption":"Arquimaster"},"image":{"@id":"https:\/\/www.arquimaster.com.ar\/web\/#\/schema\/logo\/image\/"},"sameAs":["http:\/\/www.facebook.com\/ARQUIMASTER.com.ar","https:\/\/x.com\/arquimaster","https:\/\/www.instagram.com\/arquimasterblog\/","https:\/\/www.linkedin.com\/company\/arquimaster","https:\/\/www.pinterest.com\/arquimaster","https:\/\/t.me\/arquimaster"]},{"@type":"Person","@id":"https:\/\/www.arquimaster.com.ar\/web\/#\/schema\/person\/359e9f7c00193fcde068e0dd2ceb0028","name":"Arquimaster"}]}},"uagb_featured_image_src":{"full":["https:\/\/www.arquimaster.com.ar\/web\/wp-content\/uploads\/2022\/06\/casa_al_slide.jpg",698,364,false],"thumbnail":["https:\/\/www.arquimaster.com.ar\/web\/wp-content\/uploads\/2022\/06\/casa_al_slide-150x150.jpg",150,150,true],"medium":["https:\/\/www.arquimaster.com.ar\/web\/wp-content\/uploads\/2022\/06\/casa_al_slide.jpg",698,364,false],"medium_large":["https:\/\/www.arquimaster.com.ar\/web\/wp-content\/uploads\/2022\/06\/casa_al_slide.jpg",698,364,false],"large":["https:\/\/www.arquimaster.com.ar\/web\/wp-content\/uploads\/2022\/06\/casa_al_slide.jpg",698,364,false],"1536x1536":["https:\/\/www.arquimaster.com.ar\/web\/wp-content\/uploads\/2022\/06\/casa_al_slide.jpg",698,364,false],"2048x2048":["https:\/\/www.arquimaster.com.ar\/web\/wp-content\/uploads\/2022\/06\/casa_al_slide.jpg",698,364,false]},"uagb_author_info":{"display_name":"Arquimaster","author_link":"https:\/\/www.arquimaster.com.ar\/web\/author\/arquimaster\/"},"uagb_comment_info":0,"uagb_excerpt":"La casa se abre al interior, en cuyo ambiente se transparentan las din\u00e1micas...","_links":{"self":[{"href":"https:\/\/www.arquimaster.com.ar\/web\/wp-json\/wp\/v2\/posts\/70901","targetHints":{"allow":["GET"]}}],"collection":[{"href":"https:\/\/www.arquimaster.com.ar\/web\/wp-json\/wp\/v2\/posts"}],"about":[{"href":"https:\/\/www.arquimaster.com.ar\/web\/wp-json\/wp\/v2\/types\/post"}],"author":[{"embeddable":true,"href":"https:\/\/www.arquimaster.com.ar\/web\/wp-json\/wp\/v2\/users\/1"}],"replies":[{"embeddable":true,"href":"https:\/\/www.arquimaster.com.ar\/web\/wp-json\/wp\/v2\/comments?post=70901"}],"version-history":[{"count":2,"href":"https:\/\/www.arquimaster.com.ar\/web\/wp-json\/wp\/v2\/posts\/70901\/revisions"}],"predecessor-version":[{"id":70930,"href":"https:\/\/www.arquimaster.com.ar\/web\/wp-json\/wp\/v2\/posts\/70901\/revisions\/70930"}],"wp:featuredmedia":[{"embeddable":true,"href":"https:\/\/www.arquimaster.com.ar\/web\/wp-json\/wp\/v2\/media\/70902"}],"wp:attachment":[{"href":"https:\/\/www.arquimaster.com.ar\/web\/wp-json\/wp\/v2\/media?parent=70901"}],"wp:term":[{"taxonomy":"category","embeddable":true,"href":"https:\/\/www.arquimaster.com.ar\/web\/wp-json\/wp\/v2\/categories?post=70901"},{"taxonomy":"post_tag","embeddable":true,"href":"https:\/\/www.arquimaster.com.ar\/web\/wp-json\/wp\/v2\/tags?post=70901"}],"curies":[{"name":"wp","href":"https:\/\/api.w.org\/{rel}","templated":true}]}}