{"id":71296,"date":"2022-07-09T01:29:01","date_gmt":"2022-07-09T04:29:01","guid":{"rendered":"https:\/\/www.arquimaster.com.ar\/web\/?p=71296"},"modified":"2022-12-27T15:08:16","modified_gmt":"2022-12-27T18:08:16","slug":"dos-casas-metalicas-mauricio-morra-arquitectos","status":"publish","type":"post","link":"https:\/\/www.arquimaster.com.ar\/web\/dos-casas-metalicas-mauricio-morra-arquitectos\/","title":{"rendered":"Dos Casas Met\u00e1licas \/ Mauricio Morra Arquitectos"},"content":{"rendered":"<div style=\"margin-top: 0px; margin-bottom: 0px;\" class=\"sharethis-inline-share-buttons\" ><\/div><div class=\"b812932af2e751442846f039925109de\" data-index=\"1\" style=\"float: none; margin:25px 0 25px 0; text-align:center;\">\n<script async src=\"https:\/\/pagead2.googlesyndication.com\/pagead\/js\/adsbygoogle.js\"><\/script>\r\n<!-- Arquimaster (superior) -->\r\n<ins class=\"adsbygoogle\"\r\n     style=\"display:block\"\r\n     data-ad-client=\"ca-pub-6351072698456832\"\r\n     data-ad-slot=\"6455489680\"\r\n     data-ad-format=\"auto\"\r\n     data-full-width-responsive=\"true\"><\/ins>\r\n<script>\r\n     (adsbygoogle = window.adsbygoogle || []).push({});\r\n<\/script>\n<\/div>\n<p><strong>Dos Casas Met\u00e1licas<\/strong> (Rafaela, Pcia. de Santa Fe, Argentina) por <strong>Mauricio Morra Arquitectos<\/strong>. Las dos casas en PH se ubican en un lote en esquina de 12&#215;30 metros, en un barrio de la periferia Este de la ciudad de Rafaela, provincia de Santa Fe, Argentina. Se aprovecha la situaci\u00f3n de esquina para generar los ingresos en su lado Norte m\u00e1s largo, y jerarquizar ambas viviendas. La propuesta evita espacios comunes, que significaban mayores costos de construcci\u00f3n y mantenimiento. Se dividi\u00f3 el terreno exactamente a la mitad quedando toda la superficie construida y libre privada -con patios propios-, exceptuando el retiro obligatorio Norte que ha quedado como un jard\u00edn semi-p\u00fablico.<\/p>\n<div id='gallery-1' class='gallery galleryid-71296 gallery-columns-3 gallery-size-thumbnail'><figure class='gallery-item'>\n\t\t\t<div class='gallery-icon landscape'>\n\t\t\t\t<a href='https:\/\/www.arquimaster.com.ar\/web\/wp-content\/uploads\/2022\/07\/dos_casas_metalicas1.jpg' title=\"Dos Casas Met\u00e1licas \/ Mauricio Morra Arquitectos (\u00a9 Ramiro Sosa)\" data-rl_title=\"Dos Casas Met\u00e1licas \/ Mauricio Morra Arquitectos (\u00a9 Ramiro Sosa)\" class=\"rl-gallery-link\" data-rl_caption=\"Dos Casas Met\u00e1licas \/ Mauricio Morra Arquitectos (\u00a9 Ramiro Sosa)\" data-rel=\"lightbox-gallery-1\"><img loading=\"lazy\" decoding=\"async\" width=\"150\" height=\"150\" src=\"https:\/\/www.arquimaster.com.ar\/web\/wp-content\/uploads\/2022\/07\/dos_casas_metalicas1-150x150.jpg\" class=\"attachment-thumbnail size-thumbnail\" alt=\"Dos Casas Met\u00e1licas \/ Mauricio Morra Arquitectos\" aria-describedby=\"gallery-1-71298\" srcset=\"https:\/\/www.arquimaster.com.ar\/web\/wp-content\/uploads\/2022\/07\/dos_casas_metalicas1-150x150.jpg 150w, https:\/\/www.arquimaster.com.ar\/web\/wp-content\/uploads\/2022\/07\/dos_casas_metalicas1-768x768.jpg 768w, https:\/\/www.arquimaster.com.ar\/web\/wp-content\/uploads\/2022\/07\/dos_casas_metalicas1.jpg 1500w\" sizes=\"auto, (max-width: 150px) 100vw, 150px\" \/><\/a>\n\t\t\t<\/div>\n\t\t\t\t<figcaption class='wp-caption-text gallery-caption' id='gallery-1-71298'>\n\t\t\t\tDos Casas Met\u00e1licas \/ Mauricio Morra Arquitectos (\u00a9 Ramiro Sosa)\n\t\t\t\t<\/figcaption><\/figure><figure class='gallery-item'>\n\t\t\t<div class='gallery-icon portrait'>\n\t\t\t\t<a href='https:\/\/www.arquimaster.com.ar\/web\/wp-content\/uploads\/2022\/07\/dos_casas_metalicas2.jpg' title=\"Dos Casas Met\u00e1licas \/ Mauricio Morra Arquitectos (\u00a9 Ramiro Sosa)\" data-rl_title=\"Dos Casas Met\u00e1licas \/ Mauricio Morra Arquitectos (\u00a9 Ramiro Sosa)\" class=\"rl-gallery-link\" data-rl_caption=\"Dos Casas Met\u00e1licas \/ Mauricio Morra Arquitectos (\u00a9 Ramiro Sosa)\" data-rel=\"lightbox-gallery-1\"><img loading=\"lazy\" decoding=\"async\" width=\"150\" height=\"150\" src=\"https:\/\/www.arquimaster.com.ar\/web\/wp-content\/uploads\/2022\/07\/dos_casas_metalicas2-150x150.jpg\" class=\"attachment-thumbnail size-thumbnail\" alt=\"Dos Casas Met\u00e1licas \/ Mauricio Morra Arquitectos\" aria-describedby=\"gallery-1-71299\" \/><\/a>\n\t\t\t<\/div>\n\t\t\t\t<figcaption class='wp-caption-text gallery-caption' id='gallery-1-71299'>\n\t\t\t\tDos Casas Met\u00e1licas \/ Mauricio Morra Arquitectos (\u00a9 Ramiro Sosa)\n\t\t\t\t<\/figcaption><\/figure><figure class='gallery-item'>\n\t\t\t<div class='gallery-icon portrait'>\n\t\t\t\t<a href='https:\/\/www.arquimaster.com.ar\/web\/wp-content\/uploads\/2022\/07\/dos_casas_metalicas3.jpg' title=\"Dos Casas Met\u00e1licas \/ Mauricio Morra Arquitectos (\u00a9 Ramiro Sosa)\" data-rl_title=\"Dos Casas Met\u00e1licas \/ Mauricio Morra Arquitectos (\u00a9 Ramiro Sosa)\" class=\"rl-gallery-link\" data-rl_caption=\"Dos Casas Met\u00e1licas \/ Mauricio Morra Arquitectos (\u00a9 Ramiro Sosa)\" data-rel=\"lightbox-gallery-1\"><img loading=\"lazy\" decoding=\"async\" width=\"150\" height=\"150\" src=\"https:\/\/www.arquimaster.com.ar\/web\/wp-content\/uploads\/2022\/07\/dos_casas_metalicas3-150x150.jpg\" class=\"attachment-thumbnail size-thumbnail\" alt=\"Dos Casas Met\u00e1licas \/ Mauricio Morra Arquitectos\" aria-describedby=\"gallery-1-71300\" \/><\/a>\n\t\t\t<\/div>\n\t\t\t\t<figcaption class='wp-caption-text gallery-caption' id='gallery-1-71300'>\n\t\t\t\tDos Casas Met\u00e1licas \/ Mauricio Morra Arquitectos (\u00a9 Ramiro Sosa)\n\t\t\t\t<\/figcaption><\/figure><figure class='gallery-item'>\n\t\t\t<div class='gallery-icon portrait'>\n\t\t\t\t<a href='https:\/\/www.arquimaster.com.ar\/web\/wp-content\/uploads\/2022\/07\/dos_casas_metalicas4.jpg' title=\"Dos Casas Met\u00e1licas \/ Mauricio Morra Arquitectos (\u00a9 Ramiro Sosa)\" data-rl_title=\"Dos Casas Met\u00e1licas \/ Mauricio Morra Arquitectos (\u00a9 Ramiro Sosa)\" class=\"rl-gallery-link\" data-rl_caption=\"Dos Casas Met\u00e1licas \/ Mauricio Morra Arquitectos (\u00a9 Ramiro Sosa)\" data-rel=\"lightbox-gallery-1\"><img loading=\"lazy\" decoding=\"async\" width=\"150\" height=\"150\" src=\"https:\/\/www.arquimaster.com.ar\/web\/wp-content\/uploads\/2022\/07\/dos_casas_metalicas4-150x150.jpg\" class=\"attachment-thumbnail size-thumbnail\" alt=\"Dos Casas Met\u00e1licas \/ Mauricio Morra Arquitectos\" aria-describedby=\"gallery-1-71301\" \/><\/a>\n\t\t\t<\/div>\n\t\t\t\t<figcaption class='wp-caption-text gallery-caption' id='gallery-1-71301'>\n\t\t\t\tDos Casas Met\u00e1licas \/ Mauricio Morra Arquitectos (\u00a9 Ramiro Sosa)\n\t\t\t\t<\/figcaption><\/figure><figure class='gallery-item'>\n\t\t\t<div class='gallery-icon portrait'>\n\t\t\t\t<a href='https:\/\/www.arquimaster.com.ar\/web\/wp-content\/uploads\/2022\/07\/dos_casas_metalicas5.jpg' title=\"Dos Casas Met\u00e1licas \/ Mauricio Morra Arquitectos (\u00a9 Ramiro Sosa)\" data-rl_title=\"Dos Casas Met\u00e1licas \/ Mauricio Morra Arquitectos (\u00a9 Ramiro Sosa)\" class=\"rl-gallery-link\" data-rl_caption=\"Dos Casas Met\u00e1licas \/ Mauricio Morra Arquitectos (\u00a9 Ramiro Sosa)\" data-rel=\"lightbox-gallery-1\"><img loading=\"lazy\" decoding=\"async\" width=\"150\" height=\"150\" src=\"https:\/\/www.arquimaster.com.ar\/web\/wp-content\/uploads\/2022\/07\/dos_casas_metalicas5-150x150.jpg\" class=\"attachment-thumbnail size-thumbnail\" alt=\"Dos Casas Met\u00e1licas \/ Mauricio Morra Arquitectos\" aria-describedby=\"gallery-1-71302\" \/><\/a>\n\t\t\t<\/div>\n\t\t\t\t<figcaption class='wp-caption-text gallery-caption' id='gallery-1-71302'>\n\t\t\t\tDos Casas Met\u00e1licas \/ Mauricio Morra Arquitectos (\u00a9 Ramiro Sosa)\n\t\t\t\t<\/figcaption><\/figure><figure class='gallery-item'>\n\t\t\t<div class='gallery-icon landscape'>\n\t\t\t\t<a href='https:\/\/www.arquimaster.com.ar\/web\/wp-content\/uploads\/2022\/07\/dos_casas_metalicas6.jpg' title=\"Dos Casas Met\u00e1licas \/ Mauricio Morra Arquitectos (\u00a9 Ramiro Sosa)\" data-rl_title=\"Dos Casas Met\u00e1licas \/ Mauricio Morra Arquitectos (\u00a9 Ramiro Sosa)\" class=\"rl-gallery-link\" data-rl_caption=\"Dos Casas Met\u00e1licas \/ Mauricio Morra Arquitectos (\u00a9 Ramiro Sosa)\" data-rel=\"lightbox-gallery-1\"><img loading=\"lazy\" decoding=\"async\" width=\"150\" height=\"150\" src=\"https:\/\/www.arquimaster.com.ar\/web\/wp-content\/uploads\/2022\/07\/dos_casas_metalicas6-150x150.jpg\" class=\"attachment-thumbnail size-thumbnail\" alt=\"Dos Casas Met\u00e1licas \/ Mauricio Morra Arquitectos\" aria-describedby=\"gallery-1-71303\" \/><\/a>\n\t\t\t<\/div>\n\t\t\t\t<figcaption class='wp-caption-text gallery-caption' id='gallery-1-71303'>\n\t\t\t\tDos Casas Met\u00e1licas \/ Mauricio Morra Arquitectos (\u00a9 Ramiro Sosa)\n\t\t\t\t<\/figcaption><\/figure><figure class='gallery-item'>\n\t\t\t<div class='gallery-icon portrait'>\n\t\t\t\t<a href='https:\/\/www.arquimaster.com.ar\/web\/wp-content\/uploads\/2022\/07\/dos_casas_metalicas7.jpg' title=\"Dos Casas Met\u00e1licas \/ Mauricio Morra Arquitectos (\u00a9 Ramiro Sosa)\" data-rl_title=\"Dos Casas Met\u00e1licas \/ Mauricio Morra Arquitectos (\u00a9 Ramiro Sosa)\" class=\"rl-gallery-link\" data-rl_caption=\"Dos Casas Met\u00e1licas \/ Mauricio Morra Arquitectos (\u00a9 Ramiro Sosa)\" data-rel=\"lightbox-gallery-1\"><img loading=\"lazy\" decoding=\"async\" width=\"150\" height=\"150\" src=\"https:\/\/www.arquimaster.com.ar\/web\/wp-content\/uploads\/2022\/07\/dos_casas_metalicas7-150x150.jpg\" class=\"attachment-thumbnail size-thumbnail\" alt=\"Dos Casas Met\u00e1licas \/ Mauricio Morra Arquitectos\" aria-describedby=\"gallery-1-71304\" \/><\/a>\n\t\t\t<\/div>\n\t\t\t\t<figcaption class='wp-caption-text gallery-caption' id='gallery-1-71304'>\n\t\t\t\tDos Casas Met\u00e1licas \/ Mauricio Morra Arquitectos (\u00a9 Ramiro Sosa)\n\t\t\t\t<\/figcaption><\/figure><figure class='gallery-item'>\n\t\t\t<div class='gallery-icon landscape'>\n\t\t\t\t<a href='https:\/\/www.arquimaster.com.ar\/web\/wp-content\/uploads\/2022\/07\/dos_casas_metalicas8.jpg' title=\"Dos Casas Met\u00e1licas \/ Mauricio Morra Arquitectos (\u00a9 Ramiro Sosa)\" data-rl_title=\"Dos Casas Met\u00e1licas \/ Mauricio Morra Arquitectos (\u00a9 Ramiro Sosa)\" class=\"rl-gallery-link\" data-rl_caption=\"Dos Casas Met\u00e1licas \/ Mauricio Morra Arquitectos (\u00a9 Ramiro Sosa)\" data-rel=\"lightbox-gallery-1\"><img loading=\"lazy\" decoding=\"async\" width=\"150\" height=\"150\" src=\"https:\/\/www.arquimaster.com.ar\/web\/wp-content\/uploads\/2022\/07\/dos_casas_metalicas8-150x150.jpg\" class=\"attachment-thumbnail size-thumbnail\" alt=\"Dos Casas Met\u00e1licas \/ Mauricio Morra Arquitectos\" aria-describedby=\"gallery-1-71305\" srcset=\"https:\/\/www.arquimaster.com.ar\/web\/wp-content\/uploads\/2022\/07\/dos_casas_metalicas8-150x150.jpg 150w, https:\/\/www.arquimaster.com.ar\/web\/wp-content\/uploads\/2022\/07\/dos_casas_metalicas8-768x768.jpg 768w, https:\/\/www.arquimaster.com.ar\/web\/wp-content\/uploads\/2022\/07\/dos_casas_metalicas8.jpg 1500w\" sizes=\"auto, (max-width: 150px) 100vw, 150px\" \/><\/a>\n\t\t\t<\/div>\n\t\t\t\t<figcaption class='wp-caption-text gallery-caption' id='gallery-1-71305'>\n\t\t\t\tDos Casas Met\u00e1licas \/ Mauricio Morra Arquitectos (\u00a9 Ramiro Sosa)\n\t\t\t\t<\/figcaption><\/figure><figure class='gallery-item'>\n\t\t\t<div class='gallery-icon landscape'>\n\t\t\t\t<a href='https:\/\/www.arquimaster.com.ar\/web\/wp-content\/uploads\/2022\/07\/dos_casas_metalicas9.jpg' title=\"Dos Casas Met\u00e1licas \/ Mauricio Morra Arquitectos (\u00a9 Ramiro Sosa)\" data-rl_title=\"Dos Casas Met\u00e1licas \/ Mauricio Morra Arquitectos (\u00a9 Ramiro Sosa)\" class=\"rl-gallery-link\" data-rl_caption=\"Dos Casas Met\u00e1licas \/ Mauricio Morra Arquitectos (\u00a9 Ramiro Sosa)\" data-rel=\"lightbox-gallery-1\"><img loading=\"lazy\" decoding=\"async\" width=\"150\" height=\"150\" src=\"https:\/\/www.arquimaster.com.ar\/web\/wp-content\/uploads\/2022\/07\/dos_casas_metalicas9-150x150.jpg\" class=\"attachment-thumbnail size-thumbnail\" alt=\"Dos Casas Met\u00e1licas \/ Mauricio Morra Arquitectos\" aria-describedby=\"gallery-1-71306\" srcset=\"https:\/\/www.arquimaster.com.ar\/web\/wp-content\/uploads\/2022\/07\/dos_casas_metalicas9-150x150.jpg 150w, https:\/\/www.arquimaster.com.ar\/web\/wp-content\/uploads\/2022\/07\/dos_casas_metalicas9-768x768.jpg 768w, https:\/\/www.arquimaster.com.ar\/web\/wp-content\/uploads\/2022\/07\/dos_casas_metalicas9.jpg 1500w\" sizes=\"auto, (max-width: 150px) 100vw, 150px\" \/><\/a>\n\t\t\t<\/div>\n\t\t\t\t<figcaption class='wp-caption-text gallery-caption' id='gallery-1-71306'>\n\t\t\t\tDos Casas Met\u00e1licas \/ Mauricio Morra Arquitectos (\u00a9 Ramiro Sosa)\n\t\t\t\t<\/figcaption><\/figure><figure class='gallery-item'>\n\t\t\t<div class='gallery-icon landscape'>\n\t\t\t\t<a href='https:\/\/www.arquimaster.com.ar\/web\/wp-content\/uploads\/2022\/07\/dos_casas_metalicas10.jpg' title=\"Dos Casas Met\u00e1licas \/ Mauricio Morra Arquitectos (\u00a9 Ramiro Sosa)\" data-rl_title=\"Dos Casas Met\u00e1licas \/ Mauricio Morra Arquitectos (\u00a9 Ramiro Sosa)\" class=\"rl-gallery-link\" data-rl_caption=\"Dos Casas Met\u00e1licas \/ Mauricio Morra Arquitectos (\u00a9 Ramiro Sosa)\" data-rel=\"lightbox-gallery-1\"><img loading=\"lazy\" decoding=\"async\" width=\"150\" height=\"150\" src=\"https:\/\/www.arquimaster.com.ar\/web\/wp-content\/uploads\/2022\/07\/dos_casas_metalicas10-150x150.jpg\" class=\"attachment-thumbnail size-thumbnail\" alt=\"Dos Casas Met\u00e1licas \/ Mauricio Morra Arquitectos\" aria-describedby=\"gallery-1-71307\" \/><\/a>\n\t\t\t<\/div>\n\t\t\t\t<figcaption class='wp-caption-text gallery-caption' id='gallery-1-71307'>\n\t\t\t\tDos Casas Met\u00e1licas \/ Mauricio Morra Arquitectos (\u00a9 Ramiro Sosa)\n\t\t\t\t<\/figcaption><\/figure><figure class='gallery-item'>\n\t\t\t<div class='gallery-icon landscape'>\n\t\t\t\t<a href='https:\/\/www.arquimaster.com.ar\/web\/wp-content\/uploads\/2022\/07\/dos_casas_metalicas11.jpg' title=\"Dos Casas Met\u00e1licas \/ Mauricio Morra Arquitectos (\u00a9 Ramiro Sosa)\" data-rl_title=\"Dos Casas Met\u00e1licas \/ Mauricio Morra Arquitectos (\u00a9 Ramiro Sosa)\" class=\"rl-gallery-link\" data-rl_caption=\"Dos Casas Met\u00e1licas \/ Mauricio Morra Arquitectos (\u00a9 Ramiro Sosa)\" data-rel=\"lightbox-gallery-1\"><img loading=\"lazy\" decoding=\"async\" width=\"150\" height=\"150\" src=\"https:\/\/www.arquimaster.com.ar\/web\/wp-content\/uploads\/2022\/07\/dos_casas_metalicas11-150x150.jpg\" class=\"attachment-thumbnail size-thumbnail\" alt=\"Dos Casas Met\u00e1licas \/ Mauricio Morra Arquitectos\" aria-describedby=\"gallery-1-71308\" srcset=\"https:\/\/www.arquimaster.com.ar\/web\/wp-content\/uploads\/2022\/07\/dos_casas_metalicas11-150x150.jpg 150w, https:\/\/www.arquimaster.com.ar\/web\/wp-content\/uploads\/2022\/07\/dos_casas_metalicas11-768x768.jpg 768w, https:\/\/www.arquimaster.com.ar\/web\/wp-content\/uploads\/2022\/07\/dos_casas_metalicas11.jpg 1500w\" sizes=\"auto, (max-width: 150px) 100vw, 150px\" \/><\/a>\n\t\t\t<\/div>\n\t\t\t\t<figcaption class='wp-caption-text gallery-caption' id='gallery-1-71308'>\n\t\t\t\tDos Casas Met\u00e1licas \/ Mauricio Morra Arquitectos (\u00a9 Ramiro Sosa)\n\t\t\t\t<\/figcaption><\/figure><figure class='gallery-item'>\n\t\t\t<div class='gallery-icon portrait'>\n\t\t\t\t<a href='https:\/\/www.arquimaster.com.ar\/web\/wp-content\/uploads\/2022\/07\/dos_casas_metalicas12.jpg' title=\"Dos Casas Met\u00e1licas \/ Mauricio Morra Arquitectos (\u00a9 Ramiro Sosa)\" data-rl_title=\"Dos Casas Met\u00e1licas \/ Mauricio Morra Arquitectos (\u00a9 Ramiro Sosa)\" class=\"rl-gallery-link\" data-rl_caption=\"Dos Casas Met\u00e1licas \/ Mauricio Morra Arquitectos (\u00a9 Ramiro Sosa)\" data-rel=\"lightbox-gallery-1\"><img loading=\"lazy\" decoding=\"async\" width=\"150\" height=\"150\" src=\"https:\/\/www.arquimaster.com.ar\/web\/wp-content\/uploads\/2022\/07\/dos_casas_metalicas12-150x150.jpg\" class=\"attachment-thumbnail size-thumbnail\" alt=\"Dos Casas Met\u00e1licas \/ Mauricio Morra Arquitectos\" aria-describedby=\"gallery-1-71309\" \/><\/a>\n\t\t\t<\/div>\n\t\t\t\t<figcaption class='wp-caption-text gallery-caption' id='gallery-1-71309'>\n\t\t\t\tDos Casas Met\u00e1licas \/ Mauricio Morra Arquitectos (\u00a9 Ramiro Sosa)\n\t\t\t\t<\/figcaption><\/figure><figure class='gallery-item'>\n\t\t\t<div class='gallery-icon portrait'>\n\t\t\t\t<a href='https:\/\/www.arquimaster.com.ar\/web\/wp-content\/uploads\/2022\/07\/dos_casas_metalicas13.jpg' title=\"Dos Casas Met\u00e1licas \/ Mauricio Morra Arquitectos (\u00a9 Ramiro Sosa)\" data-rl_title=\"Dos Casas Met\u00e1licas \/ Mauricio Morra Arquitectos (\u00a9 Ramiro Sosa)\" class=\"rl-gallery-link\" data-rl_caption=\"Dos Casas Met\u00e1licas \/ Mauricio Morra Arquitectos (\u00a9 Ramiro Sosa)\" data-rel=\"lightbox-gallery-1\"><img loading=\"lazy\" decoding=\"async\" width=\"150\" height=\"150\" src=\"https:\/\/www.arquimaster.com.ar\/web\/wp-content\/uploads\/2022\/07\/dos_casas_metalicas13-150x150.jpg\" class=\"attachment-thumbnail size-thumbnail\" alt=\"Dos Casas Met\u00e1licas \/ Mauricio Morra Arquitectos\" aria-describedby=\"gallery-1-71310\" \/><\/a>\n\t\t\t<\/div>\n\t\t\t\t<figcaption class='wp-caption-text gallery-caption' id='gallery-1-71310'>\n\t\t\t\tDos Casas Met\u00e1licas \/ Mauricio Morra Arquitectos (\u00a9 Ramiro Sosa)\n\t\t\t\t<\/figcaption><\/figure><figure class='gallery-item'>\n\t\t\t<div class='gallery-icon portrait'>\n\t\t\t\t<a href='https:\/\/www.arquimaster.com.ar\/web\/wp-content\/uploads\/2022\/07\/dos_casas_metalicas14.jpg' title=\"Dos Casas Met\u00e1licas \/ Mauricio Morra Arquitectos (\u00a9 Ramiro Sosa)\" data-rl_title=\"Dos Casas Met\u00e1licas \/ Mauricio Morra Arquitectos (\u00a9 Ramiro Sosa)\" class=\"rl-gallery-link\" data-rl_caption=\"Dos Casas Met\u00e1licas \/ Mauricio Morra Arquitectos (\u00a9 Ramiro Sosa)\" data-rel=\"lightbox-gallery-1\"><img loading=\"lazy\" decoding=\"async\" width=\"150\" height=\"150\" src=\"https:\/\/www.arquimaster.com.ar\/web\/wp-content\/uploads\/2022\/07\/dos_casas_metalicas14-150x150.jpg\" class=\"attachment-thumbnail size-thumbnail\" alt=\"Dos Casas Met\u00e1licas \/ Mauricio Morra Arquitectos\" aria-describedby=\"gallery-1-71311\" \/><\/a>\n\t\t\t<\/div>\n\t\t\t\t<figcaption class='wp-caption-text gallery-caption' id='gallery-1-71311'>\n\t\t\t\tDos Casas Met\u00e1licas \/ Mauricio Morra Arquitectos (\u00a9 Ramiro Sosa)\n\t\t\t\t<\/figcaption><\/figure><figure class='gallery-item'>\n\t\t\t<div class='gallery-icon portrait'>\n\t\t\t\t<a href='https:\/\/www.arquimaster.com.ar\/web\/wp-content\/uploads\/2022\/07\/dos_casas_metalicas15.jpg' title=\"Dos Casas Met\u00e1licas \/ Mauricio Morra Arquitectos (\u00a9 Ramiro Sosa)\" data-rl_title=\"Dos Casas Met\u00e1licas \/ Mauricio Morra Arquitectos (\u00a9 Ramiro Sosa)\" class=\"rl-gallery-link\" data-rl_caption=\"Dos Casas Met\u00e1licas \/ Mauricio Morra Arquitectos (\u00a9 Ramiro Sosa)\" data-rel=\"lightbox-gallery-1\"><img loading=\"lazy\" decoding=\"async\" width=\"150\" height=\"150\" src=\"https:\/\/www.arquimaster.com.ar\/web\/wp-content\/uploads\/2022\/07\/dos_casas_metalicas15-150x150.jpg\" class=\"attachment-thumbnail size-thumbnail\" alt=\"Dos Casas Met\u00e1licas \/ Mauricio Morra Arquitectos\" aria-describedby=\"gallery-1-71312\" \/><\/a>\n\t\t\t<\/div>\n\t\t\t\t<figcaption class='wp-caption-text gallery-caption' id='gallery-1-71312'>\n\t\t\t\tDos Casas Met\u00e1licas \/ Mauricio Morra Arquitectos (\u00a9 Ramiro Sosa)\n\t\t\t\t<\/figcaption><\/figure><figure class='gallery-item'>\n\t\t\t<div class='gallery-icon landscape'>\n\t\t\t\t<a href='https:\/\/www.arquimaster.com.ar\/web\/wp-content\/uploads\/2022\/07\/dos_casas_metalicas16.jpg' title=\"Dos Casas Met\u00e1licas \/ Mauricio Morra Arquitectos (\u00a9 Ramiro Sosa)\" data-rl_title=\"Dos Casas Met\u00e1licas \/ Mauricio Morra Arquitectos (\u00a9 Ramiro Sosa)\" class=\"rl-gallery-link\" data-rl_caption=\"Dos Casas Met\u00e1licas \/ Mauricio Morra Arquitectos (\u00a9 Ramiro Sosa)\" data-rel=\"lightbox-gallery-1\"><img loading=\"lazy\" decoding=\"async\" width=\"150\" height=\"150\" src=\"https:\/\/www.arquimaster.com.ar\/web\/wp-content\/uploads\/2022\/07\/dos_casas_metalicas16-150x150.jpg\" class=\"attachment-thumbnail size-thumbnail\" alt=\"Dos Casas Met\u00e1licas \/ Mauricio Morra Arquitectos\" aria-describedby=\"gallery-1-71313\" \/><\/a>\n\t\t\t<\/div>\n\t\t\t\t<figcaption class='wp-caption-text gallery-caption' id='gallery-1-71313'>\n\t\t\t\tDos Casas Met\u00e1licas \/ Mauricio Morra Arquitectos (\u00a9 Ramiro Sosa)\n\t\t\t\t<\/figcaption><\/figure><figure class='gallery-item'>\n\t\t\t<div class='gallery-icon landscape'>\n\t\t\t\t<a href='https:\/\/www.arquimaster.com.ar\/web\/wp-content\/uploads\/2022\/07\/dos_casas_metalicas17.jpg' title=\"Dos Casas Met\u00e1licas \/ Mauricio Morra Arquitectos (\u00a9 Ramiro Sosa)\" data-rl_title=\"Dos Casas Met\u00e1licas \/ Mauricio Morra Arquitectos (\u00a9 Ramiro Sosa)\" class=\"rl-gallery-link\" data-rl_caption=\"Dos Casas Met\u00e1licas \/ Mauricio Morra Arquitectos (\u00a9 Ramiro Sosa)\" data-rel=\"lightbox-gallery-1\"><img loading=\"lazy\" decoding=\"async\" width=\"150\" height=\"150\" src=\"https:\/\/www.arquimaster.com.ar\/web\/wp-content\/uploads\/2022\/07\/dos_casas_metalicas17-150x150.jpg\" class=\"attachment-thumbnail size-thumbnail\" alt=\"Dos Casas Met\u00e1licas \/ Mauricio Morra Arquitectos\" aria-describedby=\"gallery-1-71314\" \/><\/a>\n\t\t\t<\/div>\n\t\t\t\t<figcaption class='wp-caption-text gallery-caption' id='gallery-1-71314'>\n\t\t\t\tDos Casas Met\u00e1licas \/ Mauricio Morra Arquitectos (\u00a9 Ramiro Sosa)\n\t\t\t\t<\/figcaption><\/figure><figure class='gallery-item'>\n\t\t\t<div class='gallery-icon landscape'>\n\t\t\t\t<a href='https:\/\/www.arquimaster.com.ar\/web\/wp-content\/uploads\/2022\/07\/dos_casas_metalicas18.jpg' title=\"Dos Casas Met\u00e1licas \/ Mauricio Morra Arquitectos (\u00a9 Ramiro Sosa)\" data-rl_title=\"Dos Casas Met\u00e1licas \/ Mauricio Morra Arquitectos (\u00a9 Ramiro Sosa)\" class=\"rl-gallery-link\" data-rl_caption=\"Dos Casas Met\u00e1licas \/ Mauricio Morra Arquitectos (\u00a9 Ramiro Sosa)\" data-rel=\"lightbox-gallery-1\"><img loading=\"lazy\" decoding=\"async\" width=\"150\" height=\"150\" src=\"https:\/\/www.arquimaster.com.ar\/web\/wp-content\/uploads\/2022\/07\/dos_casas_metalicas18-150x150.jpg\" class=\"attachment-thumbnail size-thumbnail\" alt=\"Dos Casas Met\u00e1licas \/ Mauricio Morra Arquitectos\" aria-describedby=\"gallery-1-71315\" srcset=\"https:\/\/www.arquimaster.com.ar\/web\/wp-content\/uploads\/2022\/07\/dos_casas_metalicas18-150x150.jpg 150w, https:\/\/www.arquimaster.com.ar\/web\/wp-content\/uploads\/2022\/07\/dos_casas_metalicas18-768x768.jpg 768w, https:\/\/www.arquimaster.com.ar\/web\/wp-content\/uploads\/2022\/07\/dos_casas_metalicas18.jpg 1500w\" sizes=\"auto, (max-width: 150px) 100vw, 150px\" \/><\/a>\n\t\t\t<\/div>\n\t\t\t\t<figcaption class='wp-caption-text gallery-caption' id='gallery-1-71315'>\n\t\t\t\tDos Casas Met\u00e1licas \/ Mauricio Morra Arquitectos (\u00a9 Ramiro Sosa)\n\t\t\t\t<\/figcaption><\/figure><figure class='gallery-item'>\n\t\t\t<div class='gallery-icon portrait'>\n\t\t\t\t<a href='https:\/\/www.arquimaster.com.ar\/web\/wp-content\/uploads\/2022\/07\/dos_casas_metalicas19.jpg' title=\"Dos Casas Met\u00e1licas \/ Mauricio Morra Arquitectos (\u00a9 Ramiro Sosa)\" data-rl_title=\"Dos Casas Met\u00e1licas \/ Mauricio Morra Arquitectos (\u00a9 Ramiro Sosa)\" class=\"rl-gallery-link\" data-rl_caption=\"Dos Casas Met\u00e1licas \/ Mauricio Morra Arquitectos (\u00a9 Ramiro Sosa)\" data-rel=\"lightbox-gallery-1\"><img loading=\"lazy\" decoding=\"async\" width=\"150\" height=\"150\" src=\"https:\/\/www.arquimaster.com.ar\/web\/wp-content\/uploads\/2022\/07\/dos_casas_metalicas19-150x150.jpg\" class=\"attachment-thumbnail size-thumbnail\" alt=\"Dos Casas Met\u00e1licas \/ Mauricio Morra Arquitectos\" aria-describedby=\"gallery-1-71316\" \/><\/a>\n\t\t\t<\/div>\n\t\t\t\t<figcaption class='wp-caption-text gallery-caption' id='gallery-1-71316'>\n\t\t\t\tDos Casas Met\u00e1licas \/ Mauricio Morra Arquitectos (\u00a9 Ramiro Sosa)\n\t\t\t\t<\/figcaption><\/figure><figure class='gallery-item'>\n\t\t\t<div class='gallery-icon portrait'>\n\t\t\t\t<a href='https:\/\/www.arquimaster.com.ar\/web\/wp-content\/uploads\/2022\/07\/dos_casas_metalicas20.jpg' title=\"Dos Casas Met\u00e1licas \/ Mauricio Morra Arquitectos (\u00a9 Ramiro Sosa)\" data-rl_title=\"Dos Casas Met\u00e1licas \/ Mauricio Morra Arquitectos (\u00a9 Ramiro Sosa)\" class=\"rl-gallery-link\" data-rl_caption=\"Dos Casas Met\u00e1licas \/ Mauricio Morra Arquitectos (\u00a9 Ramiro Sosa)\" data-rel=\"lightbox-gallery-1\"><img loading=\"lazy\" decoding=\"async\" width=\"150\" height=\"150\" src=\"https:\/\/www.arquimaster.com.ar\/web\/wp-content\/uploads\/2022\/07\/dos_casas_metalicas20-150x150.jpg\" class=\"attachment-thumbnail size-thumbnail\" alt=\"Dos Casas Met\u00e1licas \/ Mauricio Morra Arquitectos\" aria-describedby=\"gallery-1-71317\" \/><\/a>\n\t\t\t<\/div>\n\t\t\t\t<figcaption class='wp-caption-text gallery-caption' id='gallery-1-71317'>\n\t\t\t\tDos Casas Met\u00e1licas \/ Mauricio Morra Arquitectos (\u00a9 Ramiro Sosa)\n\t\t\t\t<\/figcaption><\/figure><figure class='gallery-item'>\n\t\t\t<div class='gallery-icon portrait'>\n\t\t\t\t<a href='https:\/\/www.arquimaster.com.ar\/web\/wp-content\/uploads\/2022\/07\/dos_casas_metalicas21.jpg' title=\"Dos Casas Met\u00e1licas \/ Mauricio Morra Arquitectos (\u00a9 Ramiro Sosa)\" data-rl_title=\"Dos Casas Met\u00e1licas \/ Mauricio Morra Arquitectos (\u00a9 Ramiro Sosa)\" class=\"rl-gallery-link\" data-rl_caption=\"Dos Casas Met\u00e1licas \/ Mauricio Morra Arquitectos (\u00a9 Ramiro Sosa)\" data-rel=\"lightbox-gallery-1\"><img loading=\"lazy\" decoding=\"async\" width=\"150\" height=\"150\" src=\"https:\/\/www.arquimaster.com.ar\/web\/wp-content\/uploads\/2022\/07\/dos_casas_metalicas21-150x150.jpg\" class=\"attachment-thumbnail size-thumbnail\" alt=\"Dos Casas Met\u00e1licas \/ Mauricio Morra Arquitectos\" aria-describedby=\"gallery-1-71318\" \/><\/a>\n\t\t\t<\/div>\n\t\t\t\t<figcaption class='wp-caption-text gallery-caption' id='gallery-1-71318'>\n\t\t\t\tDos Casas Met\u00e1licas \/ Mauricio Morra Arquitectos (\u00a9 Ramiro Sosa)\n\t\t\t\t<\/figcaption><\/figure><figure class='gallery-item'>\n\t\t\t<div class='gallery-icon portrait'>\n\t\t\t\t<a href='https:\/\/www.arquimaster.com.ar\/web\/wp-content\/uploads\/2022\/07\/dos_casas_metalicas22.jpg' title=\"Dos Casas Met\u00e1licas \/ Mauricio Morra Arquitectos (\u00a9 Ramiro Sosa)\" data-rl_title=\"Dos Casas Met\u00e1licas \/ Mauricio Morra Arquitectos (\u00a9 Ramiro Sosa)\" class=\"rl-gallery-link\" data-rl_caption=\"Dos Casas Met\u00e1licas \/ Mauricio Morra Arquitectos (\u00a9 Ramiro Sosa)\" data-rel=\"lightbox-gallery-1\"><img loading=\"lazy\" decoding=\"async\" width=\"150\" height=\"150\" src=\"https:\/\/www.arquimaster.com.ar\/web\/wp-content\/uploads\/2022\/07\/dos_casas_metalicas22-150x150.jpg\" class=\"attachment-thumbnail size-thumbnail\" alt=\"Dos Casas Met\u00e1licas \/ Mauricio Morra Arquitectos\" aria-describedby=\"gallery-1-71319\" \/><\/a>\n\t\t\t<\/div>\n\t\t\t\t<figcaption class='wp-caption-text gallery-caption' id='gallery-1-71319'>\n\t\t\t\tDos Casas Met\u00e1licas \/ Mauricio Morra Arquitectos (\u00a9 Ramiro Sosa)\n\t\t\t\t<\/figcaption><\/figure><figure class='gallery-item'>\n\t\t\t<div class='gallery-icon landscape'>\n\t\t\t\t<a href='https:\/\/www.arquimaster.com.ar\/web\/wp-content\/uploads\/2022\/07\/dos_casas_metalicas23.jpg' title=\"Dos Casas Met\u00e1licas \/ Mauricio Morra Arquitectos (\u00a9 Ramiro Sosa)\" data-rl_title=\"Dos Casas Met\u00e1licas \/ Mauricio Morra Arquitectos (\u00a9 Ramiro Sosa)\" class=\"rl-gallery-link\" data-rl_caption=\"Dos Casas Met\u00e1licas \/ Mauricio Morra Arquitectos (\u00a9 Ramiro Sosa)\" data-rel=\"lightbox-gallery-1\"><img loading=\"lazy\" decoding=\"async\" width=\"150\" height=\"150\" src=\"https:\/\/www.arquimaster.com.ar\/web\/wp-content\/uploads\/2022\/07\/dos_casas_metalicas23-150x150.jpg\" class=\"attachment-thumbnail size-thumbnail\" alt=\"Dos Casas Met\u00e1licas \/ Mauricio Morra Arquitectos\" aria-describedby=\"gallery-1-71320\" \/><\/a>\n\t\t\t<\/div>\n\t\t\t\t<figcaption class='wp-caption-text gallery-caption' id='gallery-1-71320'>\n\t\t\t\tDos Casas Met\u00e1licas \/ Mauricio Morra Arquitectos (\u00a9 Ramiro Sosa)\n\t\t\t\t<\/figcaption><\/figure><figure class='gallery-item'>\n\t\t\t<div class='gallery-icon landscape'>\n\t\t\t\t<a href='https:\/\/www.arquimaster.com.ar\/web\/wp-content\/uploads\/2022\/07\/dos_casas_metalicas24.jpg' title=\"Dos Casas Met\u00e1licas \/ Mauricio Morra Arquitectos (\u00a9 Ramiro Sosa)\" data-rl_title=\"Dos Casas Met\u00e1licas \/ Mauricio Morra Arquitectos (\u00a9 Ramiro Sosa)\" class=\"rl-gallery-link\" data-rl_caption=\"Dos Casas Met\u00e1licas \/ Mauricio Morra Arquitectos (\u00a9 Ramiro Sosa)\" data-rel=\"lightbox-gallery-1\"><img loading=\"lazy\" decoding=\"async\" width=\"150\" height=\"150\" src=\"https:\/\/www.arquimaster.com.ar\/web\/wp-content\/uploads\/2022\/07\/dos_casas_metalicas24-150x150.jpg\" class=\"attachment-thumbnail size-thumbnail\" alt=\"Dos Casas Met\u00e1licas \/ Mauricio Morra Arquitectos\" aria-describedby=\"gallery-1-71321\" \/><\/a>\n\t\t\t<\/div>\n\t\t\t\t<figcaption class='wp-caption-text gallery-caption' id='gallery-1-71321'>\n\t\t\t\tDos Casas Met\u00e1licas \/ Mauricio Morra Arquitectos (\u00a9 Ramiro Sosa)\n\t\t\t\t<\/figcaption><\/figure><figure class='gallery-item'>\n\t\t\t<div class='gallery-icon landscape'>\n\t\t\t\t<a href='https:\/\/www.arquimaster.com.ar\/web\/wp-content\/uploads\/2022\/07\/dos_casas_metalicas25.jpg' title=\"Dos Casas Met\u00e1licas \/ Mauricio Morra Arquitectos (\u00a9 Ramiro Sosa)\" data-rl_title=\"Dos Casas Met\u00e1licas \/ Mauricio Morra Arquitectos (\u00a9 Ramiro Sosa)\" class=\"rl-gallery-link\" data-rl_caption=\"Dos Casas Met\u00e1licas \/ Mauricio Morra Arquitectos (\u00a9 Ramiro Sosa)\" data-rel=\"lightbox-gallery-1\"><img loading=\"lazy\" decoding=\"async\" width=\"150\" height=\"150\" src=\"https:\/\/www.arquimaster.com.ar\/web\/wp-content\/uploads\/2022\/07\/dos_casas_metalicas25-150x150.jpg\" class=\"attachment-thumbnail size-thumbnail\" alt=\"Dos Casas Met\u00e1licas \/ Mauricio Morra Arquitectos\" aria-describedby=\"gallery-1-71322\" \/><\/a>\n\t\t\t<\/div>\n\t\t\t\t<figcaption class='wp-caption-text gallery-caption' id='gallery-1-71322'>\n\t\t\t\tDos Casas Met\u00e1licas \/ Mauricio Morra Arquitectos (\u00a9 Ramiro Sosa)\n\t\t\t\t<\/figcaption><\/figure><figure class='gallery-item'>\n\t\t\t<div class='gallery-icon landscape'>\n\t\t\t\t<a href='https:\/\/www.arquimaster.com.ar\/web\/wp-content\/uploads\/2022\/07\/dos_casas_metalicas26.jpg' title=\"Dos Casas Met\u00e1licas \/ Mauricio Morra Arquitectos (\u00a9 Ramiro Sosa)\" data-rl_title=\"Dos Casas Met\u00e1licas \/ Mauricio Morra Arquitectos (\u00a9 Ramiro Sosa)\" class=\"rl-gallery-link\" data-rl_caption=\"Dos Casas Met\u00e1licas \/ Mauricio Morra Arquitectos (\u00a9 Ramiro Sosa)\" data-rel=\"lightbox-gallery-1\"><img loading=\"lazy\" decoding=\"async\" width=\"150\" height=\"150\" src=\"https:\/\/www.arquimaster.com.ar\/web\/wp-content\/uploads\/2022\/07\/dos_casas_metalicas26-150x150.jpg\" class=\"attachment-thumbnail size-thumbnail\" alt=\"Dos Casas Met\u00e1licas \/ Mauricio Morra Arquitectos\" aria-describedby=\"gallery-1-71323\" \/><\/a>\n\t\t\t<\/div>\n\t\t\t\t<figcaption class='wp-caption-text gallery-caption' id='gallery-1-71323'>\n\t\t\t\tDos Casas Met\u00e1licas \/ Mauricio Morra Arquitectos (\u00a9 Ramiro Sosa)\n\t\t\t\t<\/figcaption><\/figure><figure class='gallery-item'>\n\t\t\t<div class='gallery-icon portrait'>\n\t\t\t\t<a href='https:\/\/www.arquimaster.com.ar\/web\/wp-content\/uploads\/2022\/07\/dos_casas_metalicas27.jpg' title=\"Dos Casas Met\u00e1licas \/ Mauricio Morra Arquitectos (\u00a9 Ramiro Sosa)\" data-rl_title=\"Dos Casas Met\u00e1licas \/ Mauricio Morra Arquitectos (\u00a9 Ramiro Sosa)\" class=\"rl-gallery-link\" data-rl_caption=\"Dos Casas Met\u00e1licas \/ Mauricio Morra Arquitectos (\u00a9 Ramiro Sosa)\" data-rel=\"lightbox-gallery-1\"><img loading=\"lazy\" decoding=\"async\" width=\"150\" height=\"150\" src=\"https:\/\/www.arquimaster.com.ar\/web\/wp-content\/uploads\/2022\/07\/dos_casas_metalicas27-150x150.jpg\" class=\"attachment-thumbnail size-thumbnail\" alt=\"Dos Casas Met\u00e1licas \/ Mauricio Morra Arquitectos\" aria-describedby=\"gallery-1-71324\" \/><\/a>\n\t\t\t<\/div>\n\t\t\t\t<figcaption class='wp-caption-text gallery-caption' id='gallery-1-71324'>\n\t\t\t\tDos Casas Met\u00e1licas \/ Mauricio Morra Arquitectos (\u00a9 Ramiro Sosa)\n\t\t\t\t<\/figcaption><\/figure><figure class='gallery-item'>\n\t\t\t<div class='gallery-icon landscape'>\n\t\t\t\t<a href='https:\/\/www.arquimaster.com.ar\/web\/wp-content\/uploads\/2022\/07\/dos_casas_metalicas28.jpg' title=\"Dos Casas Met\u00e1licas \/ Mauricio Morra Arquitectos (\u00a9 Ramiro Sosa)\" data-rl_title=\"Dos Casas Met\u00e1licas \/ Mauricio Morra Arquitectos (\u00a9 Ramiro Sosa)\" class=\"rl-gallery-link\" data-rl_caption=\"Dos Casas Met\u00e1licas \/ Mauricio Morra Arquitectos (\u00a9 Ramiro Sosa)\" data-rel=\"lightbox-gallery-1\"><img loading=\"lazy\" decoding=\"async\" width=\"150\" height=\"150\" src=\"https:\/\/www.arquimaster.com.ar\/web\/wp-content\/uploads\/2022\/07\/dos_casas_metalicas28-150x150.jpg\" class=\"attachment-thumbnail size-thumbnail\" alt=\"Dos Casas Met\u00e1licas \/ Mauricio Morra Arquitectos\" aria-describedby=\"gallery-1-71325\" srcset=\"https:\/\/www.arquimaster.com.ar\/web\/wp-content\/uploads\/2022\/07\/dos_casas_metalicas28-150x150.jpg 150w, https:\/\/www.arquimaster.com.ar\/web\/wp-content\/uploads\/2022\/07\/dos_casas_metalicas28-768x768.jpg 768w, https:\/\/www.arquimaster.com.ar\/web\/wp-content\/uploads\/2022\/07\/dos_casas_metalicas28.jpg 1500w\" sizes=\"auto, (max-width: 150px) 100vw, 150px\" \/><\/a>\n\t\t\t<\/div>\n\t\t\t\t<figcaption class='wp-caption-text gallery-caption' id='gallery-1-71325'>\n\t\t\t\tDos Casas Met\u00e1licas \/ Mauricio Morra Arquitectos (\u00a9 Ramiro Sosa)\n\t\t\t\t<\/figcaption><\/figure><figure class='gallery-item'>\n\t\t\t<div class='gallery-icon landscape'>\n\t\t\t\t<a href='https:\/\/www.arquimaster.com.ar\/web\/wp-content\/uploads\/2022\/07\/dos_casas_metalicas29.jpg' title=\"Dos Casas Met\u00e1licas \/ Mauricio Morra Arquitectos (\u00a9 Ramiro Sosa)\" data-rl_title=\"Dos Casas Met\u00e1licas \/ Mauricio Morra Arquitectos (\u00a9 Ramiro Sosa)\" class=\"rl-gallery-link\" data-rl_caption=\"Dos Casas Met\u00e1licas \/ Mauricio Morra Arquitectos (\u00a9 Ramiro Sosa)\" data-rel=\"lightbox-gallery-1\"><img loading=\"lazy\" decoding=\"async\" width=\"150\" height=\"150\" src=\"https:\/\/www.arquimaster.com.ar\/web\/wp-content\/uploads\/2022\/07\/dos_casas_metalicas29-150x150.jpg\" class=\"attachment-thumbnail size-thumbnail\" alt=\"Dos Casas Met\u00e1licas \/ Mauricio Morra Arquitectos\" aria-describedby=\"gallery-1-71326\" \/><\/a>\n\t\t\t<\/div>\n\t\t\t\t<figcaption class='wp-caption-text gallery-caption' id='gallery-1-71326'>\n\t\t\t\tDos Casas Met\u00e1licas \/ Mauricio Morra Arquitectos (\u00a9 Ramiro Sosa)\n\t\t\t\t<\/figcaption><\/figure><figure class='gallery-item'>\n\t\t\t<div class='gallery-icon portrait'>\n\t\t\t\t<a href='https:\/\/www.arquimaster.com.ar\/web\/wp-content\/uploads\/2022\/07\/dos_casas_metalicas30.jpg' title=\"Dos Casas Met\u00e1licas \/ Mauricio Morra Arquitectos (\u00a9 Ramiro Sosa)\" data-rl_title=\"Dos Casas Met\u00e1licas \/ Mauricio Morra Arquitectos (\u00a9 Ramiro Sosa)\" class=\"rl-gallery-link\" data-rl_caption=\"Dos Casas Met\u00e1licas \/ Mauricio Morra Arquitectos (\u00a9 Ramiro Sosa)\" data-rel=\"lightbox-gallery-1\"><img loading=\"lazy\" decoding=\"async\" width=\"150\" height=\"150\" src=\"https:\/\/www.arquimaster.com.ar\/web\/wp-content\/uploads\/2022\/07\/dos_casas_metalicas30-150x150.jpg\" class=\"attachment-thumbnail size-thumbnail\" alt=\"Dos Casas Met\u00e1licas \/ Mauricio Morra Arquitectos\" aria-describedby=\"gallery-1-71327\" \/><\/a>\n\t\t\t<\/div>\n\t\t\t\t<figcaption class='wp-caption-text gallery-caption' id='gallery-1-71327'>\n\t\t\t\tDos Casas Met\u00e1licas \/ Mauricio Morra Arquitectos (\u00a9 Ramiro Sosa)\n\t\t\t\t<\/figcaption><\/figure><figure class='gallery-item'>\n\t\t\t<div class='gallery-icon portrait'>\n\t\t\t\t<a href='https:\/\/www.arquimaster.com.ar\/web\/wp-content\/uploads\/2022\/07\/dos_casas_metalicas31.jpg' title=\"Dos Casas Met\u00e1licas \/ Mauricio Morra Arquitectos (\u00a9 Ramiro Sosa)\" data-rl_title=\"Dos Casas Met\u00e1licas \/ Mauricio Morra Arquitectos (\u00a9 Ramiro Sosa)\" class=\"rl-gallery-link\" data-rl_caption=\"Dos Casas Met\u00e1licas \/ Mauricio Morra Arquitectos (\u00a9 Ramiro Sosa)\" data-rel=\"lightbox-gallery-1\"><img loading=\"lazy\" decoding=\"async\" width=\"150\" height=\"150\" src=\"https:\/\/www.arquimaster.com.ar\/web\/wp-content\/uploads\/2022\/07\/dos_casas_metalicas31-150x150.jpg\" class=\"attachment-thumbnail size-thumbnail\" alt=\"Dos Casas Met\u00e1licas \/ Mauricio Morra Arquitectos\" aria-describedby=\"gallery-1-71328\" \/><\/a>\n\t\t\t<\/div>\n\t\t\t\t<figcaption class='wp-caption-text gallery-caption' id='gallery-1-71328'>\n\t\t\t\tDos Casas Met\u00e1licas \/ Mauricio Morra Arquitectos (\u00a9 Ramiro Sosa)\n\t\t\t\t<\/figcaption><\/figure><figure class='gallery-item'>\n\t\t\t<div class='gallery-icon portrait'>\n\t\t\t\t<a href='https:\/\/www.arquimaster.com.ar\/web\/wp-content\/uploads\/2022\/07\/dos_casas_metalicas32.jpg' title=\"Dos Casas Met\u00e1licas \/ Mauricio Morra Arquitectos (\u00a9 Ramiro Sosa)\" data-rl_title=\"Dos Casas Met\u00e1licas \/ Mauricio Morra Arquitectos (\u00a9 Ramiro Sosa)\" class=\"rl-gallery-link\" data-rl_caption=\"Dos Casas Met\u00e1licas \/ Mauricio Morra Arquitectos (\u00a9 Ramiro Sosa)\" data-rel=\"lightbox-gallery-1\"><img loading=\"lazy\" decoding=\"async\" width=\"150\" height=\"150\" src=\"https:\/\/www.arquimaster.com.ar\/web\/wp-content\/uploads\/2022\/07\/dos_casas_metalicas32-150x150.jpg\" class=\"attachment-thumbnail size-thumbnail\" alt=\"Dos Casas Met\u00e1licas \/ Mauricio Morra Arquitectos\" aria-describedby=\"gallery-1-71329\" \/><\/a>\n\t\t\t<\/div>\n\t\t\t\t<figcaption class='wp-caption-text gallery-caption' id='gallery-1-71329'>\n\t\t\t\tDos Casas Met\u00e1licas \/ Mauricio Morra Arquitectos (\u00a9 Ramiro Sosa)\n\t\t\t\t<\/figcaption><\/figure><figure class='gallery-item'>\n\t\t\t<div class='gallery-icon portrait'>\n\t\t\t\t<a href='https:\/\/www.arquimaster.com.ar\/web\/wp-content\/uploads\/2022\/07\/dos_casas_metalicas33.jpg' title=\"Dos Casas Met\u00e1licas \/ Mauricio Morra Arquitectos (\u00a9 Ramiro Sosa)\" data-rl_title=\"Dos Casas Met\u00e1licas \/ Mauricio Morra Arquitectos (\u00a9 Ramiro Sosa)\" class=\"rl-gallery-link\" data-rl_caption=\"Dos Casas Met\u00e1licas \/ Mauricio Morra Arquitectos (\u00a9 Ramiro Sosa)\" data-rel=\"lightbox-gallery-1\"><img loading=\"lazy\" decoding=\"async\" width=\"150\" height=\"150\" src=\"https:\/\/www.arquimaster.com.ar\/web\/wp-content\/uploads\/2022\/07\/dos_casas_metalicas33-150x150.jpg\" class=\"attachment-thumbnail size-thumbnail\" alt=\"Dos Casas Met\u00e1licas \/ Mauricio Morra Arquitectos\" aria-describedby=\"gallery-1-71330\" \/><\/a>\n\t\t\t<\/div>\n\t\t\t\t<figcaption class='wp-caption-text gallery-caption' id='gallery-1-71330'>\n\t\t\t\tDos Casas Met\u00e1licas \/ Mauricio Morra Arquitectos (\u00a9 Ramiro Sosa)\n\t\t\t\t<\/figcaption><\/figure><figure class='gallery-item'>\n\t\t\t<div class='gallery-icon portrait'>\n\t\t\t\t<a href='https:\/\/www.arquimaster.com.ar\/web\/wp-content\/uploads\/2022\/07\/dos_casas_metalicas34.jpg' title=\"Dos Casas Met\u00e1licas \/ Mauricio Morra Arquitectos (\u00a9 Ramiro Sosa)\" data-rl_title=\"Dos Casas Met\u00e1licas \/ Mauricio Morra Arquitectos (\u00a9 Ramiro Sosa)\" class=\"rl-gallery-link\" data-rl_caption=\"Dos Casas Met\u00e1licas \/ Mauricio Morra Arquitectos (\u00a9 Ramiro Sosa)\" data-rel=\"lightbox-gallery-1\"><img loading=\"lazy\" decoding=\"async\" width=\"150\" height=\"150\" src=\"https:\/\/www.arquimaster.com.ar\/web\/wp-content\/uploads\/2022\/07\/dos_casas_metalicas34-150x150.jpg\" class=\"attachment-thumbnail size-thumbnail\" alt=\"Dos Casas Met\u00e1licas \/ Mauricio Morra Arquitectos\" aria-describedby=\"gallery-1-71331\" \/><\/a>\n\t\t\t<\/div>\n\t\t\t\t<figcaption class='wp-caption-text gallery-caption' id='gallery-1-71331'>\n\t\t\t\tDos Casas Met\u00e1licas \/ Mauricio Morra Arquitectos (\u00a9 Ramiro Sosa)\n\t\t\t\t<\/figcaption><\/figure><figure class='gallery-item'>\n\t\t\t<div class='gallery-icon portrait'>\n\t\t\t\t<a href='https:\/\/www.arquimaster.com.ar\/web\/wp-content\/uploads\/2022\/07\/dos_casas_metalicas35.jpg' title=\"Dos Casas Met\u00e1licas \/ Mauricio Morra Arquitectos (\u00a9 Ramiro Sosa)\" data-rl_title=\"Dos Casas Met\u00e1licas \/ Mauricio Morra Arquitectos (\u00a9 Ramiro Sosa)\" class=\"rl-gallery-link\" data-rl_caption=\"Dos Casas Met\u00e1licas \/ Mauricio Morra Arquitectos (\u00a9 Ramiro Sosa)\" data-rel=\"lightbox-gallery-1\"><img loading=\"lazy\" decoding=\"async\" width=\"150\" height=\"150\" src=\"https:\/\/www.arquimaster.com.ar\/web\/wp-content\/uploads\/2022\/07\/dos_casas_metalicas35-150x150.jpg\" class=\"attachment-thumbnail size-thumbnail\" alt=\"Dos Casas Met\u00e1licas \/ Mauricio Morra Arquitectos\" aria-describedby=\"gallery-1-71332\" \/><\/a>\n\t\t\t<\/div>\n\t\t\t\t<figcaption class='wp-caption-text gallery-caption' id='gallery-1-71332'>\n\t\t\t\tDos Casas Met\u00e1licas \/ Mauricio Morra Arquitectos (\u00a9 Ramiro Sosa)\n\t\t\t\t<\/figcaption><\/figure><figure class='gallery-item'>\n\t\t\t<div class='gallery-icon portrait'>\n\t\t\t\t<a href='https:\/\/www.arquimaster.com.ar\/web\/wp-content\/uploads\/2022\/07\/dos_casas_metalicas36.jpg' title=\"Dos Casas Met\u00e1licas \/ Mauricio Morra Arquitectos (\u00a9 Ramiro Sosa)\" data-rl_title=\"Dos Casas Met\u00e1licas \/ Mauricio Morra Arquitectos (\u00a9 Ramiro Sosa)\" class=\"rl-gallery-link\" data-rl_caption=\"Dos Casas Met\u00e1licas \/ Mauricio Morra Arquitectos (\u00a9 Ramiro Sosa)\" data-rel=\"lightbox-gallery-1\"><img loading=\"lazy\" decoding=\"async\" width=\"150\" height=\"150\" src=\"https:\/\/www.arquimaster.com.ar\/web\/wp-content\/uploads\/2022\/07\/dos_casas_metalicas36-150x150.jpg\" class=\"attachment-thumbnail size-thumbnail\" alt=\"Dos Casas Met\u00e1licas \/ Mauricio Morra Arquitectos\" aria-describedby=\"gallery-1-71333\" \/><\/a>\n\t\t\t<\/div>\n\t\t\t\t<figcaption class='wp-caption-text gallery-caption' id='gallery-1-71333'>\n\t\t\t\tDos Casas Met\u00e1licas \/ Mauricio Morra Arquitectos (\u00a9 Ramiro Sosa)\n\t\t\t\t<\/figcaption><\/figure>\n\t\t<\/div>\n\n<p>Ambas casas son d\u00faplex iguales de 2 dormitorios (un dormitorio y ba\u00f1o accesible en PB y otro en PA). Est\u00e1n apoyadas en medianeras Sur y Oeste con servicios, y aprovechando las mejores orientaciones Este y Norte para iluminaci\u00f3n, asoleamiento y ventilaci\u00f3n.<\/p>\n<p>Su estructura es met\u00e1lica y modulada, de doble perfiles UPN, m\u00e1s tubos cuadrados y rectangulares. Las aberturas y las envolventes exteriores son de aluminio (tubos rectangulares verticales colocados de cara o canto).<\/p>\n<div id='gallery-2' class='gallery galleryid-71296 gallery-columns-3 gallery-size-thumbnail'><figure class='gallery-item'>\n\t\t\t<div class='gallery-icon portrait'>\n\t\t\t\t<a href='https:\/\/www.arquimaster.com.ar\/web\/wp-content\/uploads\/2022\/07\/dos_casas_metalicas37.jpg' title=\"Dos Casas Met\u00e1licas \/ Mauricio Morra Arquitectos (\u00a9 Ramiro Sosa)\" data-rl_title=\"Dos Casas Met\u00e1licas \/ Mauricio Morra Arquitectos (\u00a9 Ramiro Sosa)\" class=\"rl-gallery-link\" data-rl_caption=\"Dos Casas Met\u00e1licas \/ Mauricio Morra Arquitectos (\u00a9 Ramiro Sosa)\" data-rel=\"lightbox-gallery-2\"><img loading=\"lazy\" decoding=\"async\" width=\"150\" height=\"150\" src=\"https:\/\/www.arquimaster.com.ar\/web\/wp-content\/uploads\/2022\/07\/dos_casas_metalicas37-150x150.jpg\" class=\"attachment-thumbnail size-thumbnail\" alt=\"Dos Casas Met\u00e1licas \/ Mauricio Morra Arquitectos\" aria-describedby=\"gallery-2-71334\" \/><\/a>\n\t\t\t<\/div>\n\t\t\t\t<figcaption class='wp-caption-text gallery-caption' id='gallery-2-71334'>\n\t\t\t\tDos Casas Met\u00e1licas \/ Mauricio Morra Arquitectos (\u00a9 Ramiro Sosa)\n\t\t\t\t<\/figcaption><\/figure><figure class='gallery-item'>\n\t\t\t<div class='gallery-icon portrait'>\n\t\t\t\t<a href='https:\/\/www.arquimaster.com.ar\/web\/wp-content\/uploads\/2022\/07\/dos_casas_metalicas38.jpg' title=\"Dos Casas Met\u00e1licas \/ Mauricio Morra Arquitectos (\u00a9 Ramiro Sosa)\" data-rl_title=\"Dos Casas Met\u00e1licas \/ Mauricio Morra Arquitectos (\u00a9 Ramiro Sosa)\" class=\"rl-gallery-link\" data-rl_caption=\"Dos Casas Met\u00e1licas \/ Mauricio Morra Arquitectos (\u00a9 Ramiro Sosa)\" data-rel=\"lightbox-gallery-2\"><img loading=\"lazy\" decoding=\"async\" width=\"150\" height=\"150\" src=\"https:\/\/www.arquimaster.com.ar\/web\/wp-content\/uploads\/2022\/07\/dos_casas_metalicas38-150x150.jpg\" class=\"attachment-thumbnail size-thumbnail\" alt=\"Dos Casas Met\u00e1licas \/ Mauricio Morra Arquitectos\" aria-describedby=\"gallery-2-71335\" \/><\/a>\n\t\t\t<\/div>\n\t\t\t\t<figcaption class='wp-caption-text gallery-caption' id='gallery-2-71335'>\n\t\t\t\tDos Casas Met\u00e1licas \/ Mauricio Morra Arquitectos (\u00a9 Ramiro Sosa)\n\t\t\t\t<\/figcaption><\/figure><figure class='gallery-item'>\n\t\t\t<div class='gallery-icon landscape'>\n\t\t\t\t<a href='https:\/\/www.arquimaster.com.ar\/web\/wp-content\/uploads\/2022\/07\/dos_casas_metalicas39.jpg' title=\"Dos Casas Met\u00e1licas \/ Mauricio Morra Arquitectos (\u00a9 Ramiro Sosa)\" data-rl_title=\"Dos Casas Met\u00e1licas \/ Mauricio Morra Arquitectos (\u00a9 Ramiro Sosa)\" class=\"rl-gallery-link\" data-rl_caption=\"Dos Casas Met\u00e1licas \/ Mauricio Morra Arquitectos (\u00a9 Ramiro Sosa)\" data-rel=\"lightbox-gallery-2\"><img loading=\"lazy\" decoding=\"async\" width=\"150\" height=\"150\" src=\"https:\/\/www.arquimaster.com.ar\/web\/wp-content\/uploads\/2022\/07\/dos_casas_metalicas39-150x150.jpg\" class=\"attachment-thumbnail size-thumbnail\" alt=\"Dos Casas Met\u00e1licas \/ Mauricio Morra Arquitectos\" aria-describedby=\"gallery-2-71336\" \/><\/a>\n\t\t\t<\/div>\n\t\t\t\t<figcaption class='wp-caption-text gallery-caption' id='gallery-2-71336'>\n\t\t\t\tDos Casas Met\u00e1licas \/ Mauricio Morra Arquitectos (\u00a9 Ramiro Sosa)\n\t\t\t\t<\/figcaption><\/figure><figure class='gallery-item'>\n\t\t\t<div class='gallery-icon portrait'>\n\t\t\t\t<a href='https:\/\/www.arquimaster.com.ar\/web\/wp-content\/uploads\/2022\/07\/dos_casas_metalicas40.jpg' title=\"Dos Casas Met\u00e1licas \/ Mauricio Morra Arquitectos (\u00a9 Ramiro Sosa)\" data-rl_title=\"Dos Casas Met\u00e1licas \/ Mauricio Morra Arquitectos (\u00a9 Ramiro Sosa)\" class=\"rl-gallery-link\" data-rl_caption=\"Dos Casas Met\u00e1licas \/ Mauricio Morra Arquitectos (\u00a9 Ramiro Sosa)\" data-rel=\"lightbox-gallery-2\"><img loading=\"lazy\" decoding=\"async\" width=\"150\" height=\"150\" src=\"https:\/\/www.arquimaster.com.ar\/web\/wp-content\/uploads\/2022\/07\/dos_casas_metalicas40-150x150.jpg\" class=\"attachment-thumbnail size-thumbnail\" alt=\"Dos Casas Met\u00e1licas \/ Mauricio Morra Arquitectos\" aria-describedby=\"gallery-2-71337\" \/><\/a>\n\t\t\t<\/div>\n\t\t\t\t<figcaption class='wp-caption-text gallery-caption' id='gallery-2-71337'>\n\t\t\t\tDos Casas Met\u00e1licas \/ Mauricio Morra Arquitectos (\u00a9 Ramiro Sosa)\n\t\t\t\t<\/figcaption><\/figure><figure class='gallery-item'>\n\t\t\t<div class='gallery-icon portrait'>\n\t\t\t\t<a href='https:\/\/www.arquimaster.com.ar\/web\/wp-content\/uploads\/2022\/07\/dos_casas_metalicas41.jpg' title=\"Dos Casas Met\u00e1licas \/ Mauricio Morra Arquitectos (\u00a9 Ramiro Sosa)\" data-rl_title=\"Dos Casas Met\u00e1licas \/ Mauricio Morra Arquitectos (\u00a9 Ramiro Sosa)\" class=\"rl-gallery-link\" data-rl_caption=\"Dos Casas Met\u00e1licas \/ Mauricio Morra Arquitectos (\u00a9 Ramiro Sosa)\" data-rel=\"lightbox-gallery-2\"><img loading=\"lazy\" decoding=\"async\" width=\"150\" height=\"150\" src=\"https:\/\/www.arquimaster.com.ar\/web\/wp-content\/uploads\/2022\/07\/dos_casas_metalicas41-150x150.jpg\" class=\"attachment-thumbnail size-thumbnail\" alt=\"Dos Casas Met\u00e1licas \/ Mauricio Morra Arquitectos\" aria-describedby=\"gallery-2-71338\" \/><\/a>\n\t\t\t<\/div>\n\t\t\t\t<figcaption class='wp-caption-text gallery-caption' id='gallery-2-71338'>\n\t\t\t\tDos Casas Met\u00e1licas \/ Mauricio Morra Arquitectos (\u00a9 Ramiro Sosa)\n\t\t\t\t<\/figcaption><\/figure><figure class='gallery-item'>\n\t\t\t<div class='gallery-icon portrait'>\n\t\t\t\t<a href='https:\/\/www.arquimaster.com.ar\/web\/wp-content\/uploads\/2022\/07\/dos_casas_metalicas42.jpg' title=\"Dos Casas Met\u00e1licas \/ Mauricio Morra Arquitectos (\u00a9 Ramiro Sosa)\" data-rl_title=\"Dos Casas Met\u00e1licas \/ Mauricio Morra Arquitectos (\u00a9 Ramiro Sosa)\" class=\"rl-gallery-link\" data-rl_caption=\"Dos Casas Met\u00e1licas \/ Mauricio Morra Arquitectos (\u00a9 Ramiro Sosa)\" data-rel=\"lightbox-gallery-2\"><img loading=\"lazy\" decoding=\"async\" width=\"150\" height=\"150\" src=\"https:\/\/www.arquimaster.com.ar\/web\/wp-content\/uploads\/2022\/07\/dos_casas_metalicas42-150x150.jpg\" class=\"attachment-thumbnail size-thumbnail\" alt=\"Dos Casas Met\u00e1licas \/ Mauricio Morra Arquitectos\" aria-describedby=\"gallery-2-71339\" \/><\/a>\n\t\t\t<\/div>\n\t\t\t\t<figcaption class='wp-caption-text gallery-caption' id='gallery-2-71339'>\n\t\t\t\tDos Casas Met\u00e1licas \/ Mauricio Morra Arquitectos (\u00a9 Ramiro Sosa)\n\t\t\t\t<\/figcaption><\/figure><figure class='gallery-item'>\n\t\t\t<div class='gallery-icon portrait'>\n\t\t\t\t<a href='https:\/\/www.arquimaster.com.ar\/web\/wp-content\/uploads\/2022\/07\/dos_casas_metalicas43.jpg' title=\"Dos Casas Met\u00e1licas \/ Mauricio Morra Arquitectos (\u00a9 Ramiro Sosa)\" data-rl_title=\"Dos Casas Met\u00e1licas \/ Mauricio Morra Arquitectos (\u00a9 Ramiro Sosa)\" class=\"rl-gallery-link\" data-rl_caption=\"Dos Casas Met\u00e1licas \/ Mauricio Morra Arquitectos (\u00a9 Ramiro Sosa)\" data-rel=\"lightbox-gallery-2\"><img loading=\"lazy\" decoding=\"async\" width=\"150\" height=\"150\" src=\"https:\/\/www.arquimaster.com.ar\/web\/wp-content\/uploads\/2022\/07\/dos_casas_metalicas43-150x150.jpg\" class=\"attachment-thumbnail size-thumbnail\" alt=\"Dos Casas Met\u00e1licas \/ Mauricio Morra Arquitectos\" aria-describedby=\"gallery-2-71340\" \/><\/a>\n\t\t\t<\/div>\n\t\t\t\t<figcaption class='wp-caption-text gallery-caption' id='gallery-2-71340'>\n\t\t\t\tDos Casas Met\u00e1licas \/ Mauricio Morra Arquitectos (\u00a9 Ramiro Sosa)\n\t\t\t\t<\/figcaption><\/figure><figure class='gallery-item'>\n\t\t\t<div class='gallery-icon landscape'>\n\t\t\t\t<a href='https:\/\/www.arquimaster.com.ar\/web\/wp-content\/uploads\/2022\/07\/dos_casas_metalicas44.jpg' title=\"Dos Casas Met\u00e1licas \/ Mauricio Morra Arquitectos (\u00a9 Ramiro Sosa)\" data-rl_title=\"Dos Casas Met\u00e1licas \/ Mauricio Morra Arquitectos (\u00a9 Ramiro Sosa)\" class=\"rl-gallery-link\" data-rl_caption=\"Dos Casas Met\u00e1licas \/ Mauricio Morra Arquitectos (\u00a9 Ramiro Sosa)\" data-rel=\"lightbox-gallery-2\"><img loading=\"lazy\" decoding=\"async\" width=\"150\" height=\"150\" src=\"https:\/\/www.arquimaster.com.ar\/web\/wp-content\/uploads\/2022\/07\/dos_casas_metalicas44-150x150.jpg\" class=\"attachment-thumbnail size-thumbnail\" alt=\"Dos Casas Met\u00e1licas \/ Mauricio Morra Arquitectos\" aria-describedby=\"gallery-2-71341\" srcset=\"https:\/\/www.arquimaster.com.ar\/web\/wp-content\/uploads\/2022\/07\/dos_casas_metalicas44-150x150.jpg 150w, https:\/\/www.arquimaster.com.ar\/web\/wp-content\/uploads\/2022\/07\/dos_casas_metalicas44-768x768.jpg 768w, https:\/\/www.arquimaster.com.ar\/web\/wp-content\/uploads\/2022\/07\/dos_casas_metalicas44.jpg 1500w\" sizes=\"auto, (max-width: 150px) 100vw, 150px\" \/><\/a>\n\t\t\t<\/div>\n\t\t\t\t<figcaption class='wp-caption-text gallery-caption' id='gallery-2-71341'>\n\t\t\t\tDos Casas Met\u00e1licas \/ Mauricio Morra Arquitectos (\u00a9 Ramiro Sosa)\n\t\t\t\t<\/figcaption><\/figure><figure class='gallery-item'>\n\t\t\t<div class='gallery-icon landscape'>\n\t\t\t\t<a href='https:\/\/www.arquimaster.com.ar\/web\/wp-content\/uploads\/2022\/07\/dos_casas_metalicas45.jpg' title=\"Dos Casas Met\u00e1licas \/ Mauricio Morra Arquitectos (\u00a9 Ramiro Sosa)\" data-rl_title=\"Dos Casas Met\u00e1licas \/ Mauricio Morra Arquitectos (\u00a9 Ramiro Sosa)\" class=\"rl-gallery-link\" data-rl_caption=\"Dos Casas Met\u00e1licas \/ Mauricio Morra Arquitectos (\u00a9 Ramiro Sosa)\" data-rel=\"lightbox-gallery-2\"><img loading=\"lazy\" decoding=\"async\" width=\"150\" height=\"150\" src=\"https:\/\/www.arquimaster.com.ar\/web\/wp-content\/uploads\/2022\/07\/dos_casas_metalicas45-150x150.jpg\" class=\"attachment-thumbnail size-thumbnail\" alt=\"Dos Casas Met\u00e1licas \/ Mauricio Morra Arquitectos\" aria-describedby=\"gallery-2-71342\" srcset=\"https:\/\/www.arquimaster.com.ar\/web\/wp-content\/uploads\/2022\/07\/dos_casas_metalicas45-150x150.jpg 150w, https:\/\/www.arquimaster.com.ar\/web\/wp-content\/uploads\/2022\/07\/dos_casas_metalicas45-768x768.jpg 768w, https:\/\/www.arquimaster.com.ar\/web\/wp-content\/uploads\/2022\/07\/dos_casas_metalicas45.jpg 1500w\" sizes=\"auto, (max-width: 150px) 100vw, 150px\" \/><\/a>\n\t\t\t<\/div>\n\t\t\t\t<figcaption class='wp-caption-text gallery-caption' id='gallery-2-71342'>\n\t\t\t\tDos Casas Met\u00e1licas \/ Mauricio Morra Arquitectos (\u00a9 Ramiro Sosa)\n\t\t\t\t<\/figcaption><\/figure><figure class='gallery-item'>\n\t\t\t<div class='gallery-icon portrait'>\n\t\t\t\t<a href='https:\/\/www.arquimaster.com.ar\/web\/wp-content\/uploads\/2022\/07\/dos_casas_metalicas46.jpg' title=\"Dos Casas Met\u00e1licas \/ Mauricio Morra Arquitectos (\u00a9 Ramiro Sosa)\" data-rl_title=\"Dos Casas Met\u00e1licas \/ Mauricio Morra Arquitectos (\u00a9 Ramiro Sosa)\" class=\"rl-gallery-link\" data-rl_caption=\"Dos Casas Met\u00e1licas \/ Mauricio Morra Arquitectos (\u00a9 Ramiro Sosa)\" data-rel=\"lightbox-gallery-2\"><img loading=\"lazy\" decoding=\"async\" width=\"150\" height=\"150\" src=\"https:\/\/www.arquimaster.com.ar\/web\/wp-content\/uploads\/2022\/07\/dos_casas_metalicas46-150x150.jpg\" class=\"attachment-thumbnail size-thumbnail\" alt=\"Dos Casas Met\u00e1licas \/ Mauricio Morra Arquitectos\" aria-describedby=\"gallery-2-71343\" \/><\/a>\n\t\t\t<\/div>\n\t\t\t\t<figcaption class='wp-caption-text gallery-caption' id='gallery-2-71343'>\n\t\t\t\tDos Casas Met\u00e1licas \/ Mauricio Morra Arquitectos (\u00a9 Ramiro Sosa)\n\t\t\t\t<\/figcaption><\/figure><figure class='gallery-item'>\n\t\t\t<div class='gallery-icon landscape'>\n\t\t\t\t<a href='https:\/\/www.arquimaster.com.ar\/web\/wp-content\/uploads\/2022\/07\/dos_casas_metalicas47.jpg' title=\"Dos Casas Met\u00e1licas \/ Mauricio Morra Arquitectos (\u00a9 Ramiro Sosa)\" data-rl_title=\"Dos Casas Met\u00e1licas \/ Mauricio Morra Arquitectos (\u00a9 Ramiro Sosa)\" class=\"rl-gallery-link\" data-rl_caption=\"Dos Casas Met\u00e1licas \/ Mauricio Morra Arquitectos (\u00a9 Ramiro Sosa)\" data-rel=\"lightbox-gallery-2\"><img loading=\"lazy\" decoding=\"async\" width=\"150\" height=\"150\" src=\"https:\/\/www.arquimaster.com.ar\/web\/wp-content\/uploads\/2022\/07\/dos_casas_metalicas47-150x150.jpg\" class=\"attachment-thumbnail size-thumbnail\" alt=\"Dos Casas Met\u00e1licas \/ Mauricio Morra Arquitectos\" aria-describedby=\"gallery-2-71344\" \/><\/a>\n\t\t\t<\/div>\n\t\t\t\t<figcaption class='wp-caption-text gallery-caption' id='gallery-2-71344'>\n\t\t\t\tDos Casas Met\u00e1licas \/ Mauricio Morra Arquitectos (\u00a9 Ramiro Sosa)\n\t\t\t\t<\/figcaption><\/figure><figure class='gallery-item'>\n\t\t\t<div class='gallery-icon landscape'>\n\t\t\t\t<a href='https:\/\/www.arquimaster.com.ar\/web\/wp-content\/uploads\/2022\/07\/dos_casas_metalicas48.jpg' title=\"Dos Casas Met\u00e1licas \/ Mauricio Morra Arquitectos (\u00a9 Ramiro Sosa)\" data-rl_title=\"Dos Casas Met\u00e1licas \/ Mauricio Morra Arquitectos (\u00a9 Ramiro Sosa)\" class=\"rl-gallery-link\" data-rl_caption=\"Dos Casas Met\u00e1licas \/ Mauricio Morra Arquitectos (\u00a9 Ramiro Sosa)\" data-rel=\"lightbox-gallery-2\"><img loading=\"lazy\" decoding=\"async\" width=\"150\" height=\"150\" src=\"https:\/\/www.arquimaster.com.ar\/web\/wp-content\/uploads\/2022\/07\/dos_casas_metalicas48-150x150.jpg\" class=\"attachment-thumbnail size-thumbnail\" alt=\"Dos Casas Met\u00e1licas \/ Mauricio Morra Arquitectos\" aria-describedby=\"gallery-2-71345\" \/><\/a>\n\t\t\t<\/div>\n\t\t\t\t<figcaption class='wp-caption-text gallery-caption' id='gallery-2-71345'>\n\t\t\t\tDos Casas Met\u00e1licas \/ Mauricio Morra Arquitectos (\u00a9 Ramiro Sosa)\n\t\t\t\t<\/figcaption><\/figure><figure class='gallery-item'>\n\t\t\t<div class='gallery-icon landscape'>\n\t\t\t\t<a href='https:\/\/www.arquimaster.com.ar\/web\/wp-content\/uploads\/2022\/07\/dos_casas_metalicas49.jpg' title=\"Dos Casas Met\u00e1licas \/ Mauricio Morra Arquitectos (\u00a9 Ramiro Sosa)\" data-rl_title=\"Dos Casas Met\u00e1licas \/ Mauricio Morra Arquitectos (\u00a9 Ramiro Sosa)\" class=\"rl-gallery-link\" data-rl_caption=\"Dos Casas Met\u00e1licas \/ Mauricio Morra Arquitectos (\u00a9 Ramiro Sosa)\" data-rel=\"lightbox-gallery-2\"><img loading=\"lazy\" decoding=\"async\" width=\"150\" height=\"150\" src=\"https:\/\/www.arquimaster.com.ar\/web\/wp-content\/uploads\/2022\/07\/dos_casas_metalicas49-150x150.jpg\" class=\"attachment-thumbnail size-thumbnail\" alt=\"Dos Casas Met\u00e1licas \/ Mauricio Morra Arquitectos\" aria-describedby=\"gallery-2-71346\" \/><\/a>\n\t\t\t<\/div>\n\t\t\t\t<figcaption class='wp-caption-text gallery-caption' id='gallery-2-71346'>\n\t\t\t\tDos Casas Met\u00e1licas \/ Mauricio Morra Arquitectos (\u00a9 Ramiro Sosa)\n\t\t\t\t<\/figcaption><\/figure><figure class='gallery-item'>\n\t\t\t<div class='gallery-icon landscape'>\n\t\t\t\t<a href='https:\/\/www.arquimaster.com.ar\/web\/wp-content\/uploads\/2022\/07\/dos_casas_metalicas50.jpg' title=\"Dos Casas Met\u00e1licas \/ Mauricio Morra Arquitectos (\u00a9 Ramiro Sosa)Dos Casas Met\u00e1licas \/ Mauricio Morra Arquitectos (\u00a9 Ramiro Sosa)\" data-rl_title=\"Dos Casas Met\u00e1licas \/ Mauricio Morra Arquitectos (\u00a9 Ramiro Sosa)Dos Casas Met\u00e1licas \/ Mauricio Morra Arquitectos (\u00a9 Ramiro Sosa)\" class=\"rl-gallery-link\" data-rl_caption=\"Dos Casas Met\u00e1licas \/ Mauricio Morra Arquitectos (\u00a9 Ramiro Sosa)Dos Casas Met\u00e1licas \/ Mauricio Morra Arquitectos (\u00a9 Ramiro Sosa)\" data-rel=\"lightbox-gallery-2\"><img loading=\"lazy\" decoding=\"async\" width=\"150\" height=\"150\" src=\"https:\/\/www.arquimaster.com.ar\/web\/wp-content\/uploads\/2022\/07\/dos_casas_metalicas50-150x150.jpg\" class=\"attachment-thumbnail size-thumbnail\" alt=\"Dos Casas Met\u00e1licas \/ Mauricio Morra Arquitectos\" aria-describedby=\"gallery-2-71347\" \/><\/a>\n\t\t\t<\/div>\n\t\t\t\t<figcaption class='wp-caption-text gallery-caption' id='gallery-2-71347'>\n\t\t\t\tDos Casas Met\u00e1licas \/ Mauricio Morra Arquitectos (\u00a9 Ramiro Sosa)Dos Casas Met\u00e1licas \/ Mauricio Morra Arquitectos (\u00a9 Ramiro Sosa)\n\t\t\t\t<\/figcaption><\/figure><figure class='gallery-item'>\n\t\t\t<div class='gallery-icon portrait'>\n\t\t\t\t<a href='https:\/\/www.arquimaster.com.ar\/web\/wp-content\/uploads\/2022\/07\/dos_casas_metalicas51.jpg' title=\"Dos Casas Met\u00e1licas \/ Mauricio Morra Arquitectos (\u00a9 Ramiro Sosa)\" data-rl_title=\"Dos Casas Met\u00e1licas \/ Mauricio Morra Arquitectos (\u00a9 Ramiro Sosa)\" class=\"rl-gallery-link\" data-rl_caption=\"Dos Casas Met\u00e1licas \/ Mauricio Morra Arquitectos (\u00a9 Ramiro Sosa)\" data-rel=\"lightbox-gallery-2\"><img loading=\"lazy\" decoding=\"async\" width=\"150\" height=\"150\" src=\"https:\/\/www.arquimaster.com.ar\/web\/wp-content\/uploads\/2022\/07\/dos_casas_metalicas51-150x150.jpg\" class=\"attachment-thumbnail size-thumbnail\" alt=\"Dos Casas Met\u00e1licas \/ Mauricio Morra Arquitectos\" aria-describedby=\"gallery-2-71348\" \/><\/a>\n\t\t\t<\/div>\n\t\t\t\t<figcaption class='wp-caption-text gallery-caption' id='gallery-2-71348'>\n\t\t\t\tDos Casas Met\u00e1licas \/ Mauricio Morra Arquitectos (\u00a9 Ramiro Sosa)\n\t\t\t\t<\/figcaption><\/figure><figure class='gallery-item'>\n\t\t\t<div class='gallery-icon portrait'>\n\t\t\t\t<a href='https:\/\/www.arquimaster.com.ar\/web\/wp-content\/uploads\/2022\/07\/dos_casas_metalicas52.jpg' title=\"Dos Casas Met\u00e1licas \/ Mauricio Morra Arquitectos (\u00a9 Ramiro Sosa)\" data-rl_title=\"Dos Casas Met\u00e1licas \/ Mauricio Morra Arquitectos (\u00a9 Ramiro Sosa)\" class=\"rl-gallery-link\" data-rl_caption=\"Dos Casas Met\u00e1licas \/ Mauricio Morra Arquitectos (\u00a9 Ramiro Sosa)\" data-rel=\"lightbox-gallery-2\"><img loading=\"lazy\" decoding=\"async\" width=\"150\" height=\"150\" src=\"https:\/\/www.arquimaster.com.ar\/web\/wp-content\/uploads\/2022\/07\/dos_casas_metalicas52-150x150.jpg\" class=\"attachment-thumbnail size-thumbnail\" alt=\"Dos Casas Met\u00e1licas \/ Mauricio Morra Arquitectos\" aria-describedby=\"gallery-2-71349\" \/><\/a>\n\t\t\t<\/div>\n\t\t\t\t<figcaption class='wp-caption-text gallery-caption' id='gallery-2-71349'>\n\t\t\t\tDos Casas Met\u00e1licas \/ Mauricio Morra Arquitectos (\u00a9 Ramiro Sosa)\n\t\t\t\t<\/figcaption><\/figure><figure class='gallery-item'>\n\t\t\t<div class='gallery-icon landscape'>\n\t\t\t\t<a href='https:\/\/www.arquimaster.com.ar\/web\/wp-content\/uploads\/2022\/07\/dos_casas_metalicas53.jpg' title=\"Dos Casas Met\u00e1licas \/ Mauricio Morra Arquitectos (\u00a9 Ramiro Sosa)\" data-rl_title=\"Dos Casas Met\u00e1licas \/ Mauricio Morra Arquitectos (\u00a9 Ramiro Sosa)\" class=\"rl-gallery-link\" data-rl_caption=\"Dos Casas Met\u00e1licas \/ Mauricio Morra Arquitectos (\u00a9 Ramiro Sosa)\" data-rel=\"lightbox-gallery-2\"><img loading=\"lazy\" decoding=\"async\" width=\"150\" height=\"150\" src=\"https:\/\/www.arquimaster.com.ar\/web\/wp-content\/uploads\/2022\/07\/dos_casas_metalicas53-150x150.jpg\" class=\"attachment-thumbnail size-thumbnail\" alt=\"Dos Casas Met\u00e1licas \/ Mauricio Morra Arquitectos\" aria-describedby=\"gallery-2-71350\" \/><\/a>\n\t\t\t<\/div>\n\t\t\t\t<figcaption class='wp-caption-text gallery-caption' id='gallery-2-71350'>\n\t\t\t\tDos Casas Met\u00e1licas \/ Mauricio Morra Arquitectos (\u00a9 Ramiro Sosa)\n\t\t\t\t<\/figcaption><\/figure><figure class='gallery-item'>\n\t\t\t<div class='gallery-icon portrait'>\n\t\t\t\t<a href='https:\/\/www.arquimaster.com.ar\/web\/wp-content\/uploads\/2022\/07\/dos_casas_metalicas54.jpg' title=\"Dos Casas Met\u00e1licas \/ Mauricio Morra Arquitectos (\u00a9 Ramiro Sosa)\" data-rl_title=\"Dos Casas Met\u00e1licas \/ Mauricio Morra Arquitectos (\u00a9 Ramiro Sosa)\" class=\"rl-gallery-link\" data-rl_caption=\"Dos Casas Met\u00e1licas \/ Mauricio Morra Arquitectos (\u00a9 Ramiro Sosa)\" data-rel=\"lightbox-gallery-2\"><img loading=\"lazy\" decoding=\"async\" width=\"150\" height=\"150\" src=\"https:\/\/www.arquimaster.com.ar\/web\/wp-content\/uploads\/2022\/07\/dos_casas_metalicas54-150x150.jpg\" class=\"attachment-thumbnail size-thumbnail\" alt=\"Dos Casas Met\u00e1licas \/ Mauricio Morra Arquitectos\" aria-describedby=\"gallery-2-71351\" \/><\/a>\n\t\t\t<\/div>\n\t\t\t\t<figcaption class='wp-caption-text gallery-caption' id='gallery-2-71351'>\n\t\t\t\tDos Casas Met\u00e1licas \/ Mauricio Morra Arquitectos (\u00a9 Ramiro Sosa)\n\t\t\t\t<\/figcaption><\/figure><figure class='gallery-item'>\n\t\t\t<div class='gallery-icon portrait'>\n\t\t\t\t<a href='https:\/\/www.arquimaster.com.ar\/web\/wp-content\/uploads\/2022\/07\/dos_casas_metalicas55.jpg' title=\"Dos Casas Met\u00e1licas \/ Mauricio Morra Arquitectos (\u00a9 Ramiro Sosa)\" data-rl_title=\"Dos Casas Met\u00e1licas \/ Mauricio Morra Arquitectos (\u00a9 Ramiro Sosa)\" class=\"rl-gallery-link\" data-rl_caption=\"Dos Casas Met\u00e1licas \/ Mauricio Morra Arquitectos (\u00a9 Ramiro Sosa)\" data-rel=\"lightbox-gallery-2\"><img loading=\"lazy\" decoding=\"async\" width=\"150\" height=\"150\" src=\"https:\/\/www.arquimaster.com.ar\/web\/wp-content\/uploads\/2022\/07\/dos_casas_metalicas55-150x150.jpg\" class=\"attachment-thumbnail size-thumbnail\" alt=\"Dos Casas Met\u00e1licas \/ Mauricio Morra Arquitectos\" aria-describedby=\"gallery-2-71352\" \/><\/a>\n\t\t\t<\/div>\n\t\t\t\t<figcaption class='wp-caption-text gallery-caption' id='gallery-2-71352'>\n\t\t\t\tDos Casas Met\u00e1licas \/ Mauricio Morra Arquitectos (\u00a9 Ramiro Sosa)\n\t\t\t\t<\/figcaption><\/figure><figure class='gallery-item'>\n\t\t\t<div class='gallery-icon portrait'>\n\t\t\t\t<a href='https:\/\/www.arquimaster.com.ar\/web\/wp-content\/uploads\/2022\/07\/dos_casas_metalicas56.jpg' title=\"Dos Casas Met\u00e1licas \/ Mauricio Morra Arquitectos (\u00a9 Ramiro Sosa)\" data-rl_title=\"Dos Casas Met\u00e1licas \/ Mauricio Morra Arquitectos (\u00a9 Ramiro Sosa)\" class=\"rl-gallery-link\" data-rl_caption=\"Dos Casas Met\u00e1licas \/ Mauricio Morra Arquitectos (\u00a9 Ramiro Sosa)\" data-rel=\"lightbox-gallery-2\"><img loading=\"lazy\" decoding=\"async\" width=\"150\" height=\"150\" src=\"https:\/\/www.arquimaster.com.ar\/web\/wp-content\/uploads\/2022\/07\/dos_casas_metalicas56-150x150.jpg\" class=\"attachment-thumbnail size-thumbnail\" alt=\"Dos Casas Met\u00e1licas \/ Mauricio Morra Arquitectos\" aria-describedby=\"gallery-2-71353\" \/><\/a>\n\t\t\t<\/div>\n\t\t\t\t<figcaption class='wp-caption-text gallery-caption' id='gallery-2-71353'>\n\t\t\t\tDos Casas Met\u00e1licas \/ Mauricio Morra Arquitectos (\u00a9 Ramiro Sosa)\n\t\t\t\t<\/figcaption><\/figure><figure class='gallery-item'>\n\t\t\t<div class='gallery-icon landscape'>\n\t\t\t\t<a href='https:\/\/www.arquimaster.com.ar\/web\/wp-content\/uploads\/2022\/07\/dos_casas_metalicas57.jpg' title=\"Dos Casas Met\u00e1licas \/ Mauricio Morra Arquitectos (\u00a9 Ramiro Sosa)\" data-rl_title=\"Dos Casas Met\u00e1licas \/ Mauricio Morra Arquitectos (\u00a9 Ramiro Sosa)\" class=\"rl-gallery-link\" data-rl_caption=\"Dos Casas Met\u00e1licas \/ Mauricio Morra Arquitectos (\u00a9 Ramiro Sosa)\" data-rel=\"lightbox-gallery-2\"><img loading=\"lazy\" decoding=\"async\" width=\"150\" height=\"150\" src=\"https:\/\/www.arquimaster.com.ar\/web\/wp-content\/uploads\/2022\/07\/dos_casas_metalicas57-150x150.jpg\" class=\"attachment-thumbnail size-thumbnail\" alt=\"Dos Casas Met\u00e1licas \/ Mauricio Morra Arquitectos\" aria-describedby=\"gallery-2-71354\" srcset=\"https:\/\/www.arquimaster.com.ar\/web\/wp-content\/uploads\/2022\/07\/dos_casas_metalicas57-150x150.jpg 150w, https:\/\/www.arquimaster.com.ar\/web\/wp-content\/uploads\/2022\/07\/dos_casas_metalicas57-768x768.jpg 768w, https:\/\/www.arquimaster.com.ar\/web\/wp-content\/uploads\/2022\/07\/dos_casas_metalicas57.jpg 1500w\" sizes=\"auto, (max-width: 150px) 100vw, 150px\" \/><\/a>\n\t\t\t<\/div>\n\t\t\t\t<figcaption class='wp-caption-text gallery-caption' id='gallery-2-71354'>\n\t\t\t\tDos Casas Met\u00e1licas \/ Mauricio Morra Arquitectos (\u00a9 Ramiro Sosa)\n\t\t\t\t<\/figcaption><\/figure><figure class='gallery-item'>\n\t\t\t<div class='gallery-icon portrait'>\n\t\t\t\t<a href='https:\/\/www.arquimaster.com.ar\/web\/wp-content\/uploads\/2022\/07\/dos_casas_metalicas58.jpg' title=\"Dos Casas Met\u00e1licas \/ Mauricio Morra Arquitectos (\u00a9 Ramiro Sosa)\" data-rl_title=\"Dos Casas Met\u00e1licas \/ Mauricio Morra Arquitectos (\u00a9 Ramiro Sosa)\" class=\"rl-gallery-link\" data-rl_caption=\"Dos Casas Met\u00e1licas \/ Mauricio Morra Arquitectos (\u00a9 Ramiro Sosa)\" data-rel=\"lightbox-gallery-2\"><img loading=\"lazy\" decoding=\"async\" width=\"150\" height=\"150\" src=\"https:\/\/www.arquimaster.com.ar\/web\/wp-content\/uploads\/2022\/07\/dos_casas_metalicas58-150x150.jpg\" class=\"attachment-thumbnail size-thumbnail\" alt=\"Dos Casas Met\u00e1licas \/ Mauricio Morra Arquitectos\" aria-describedby=\"gallery-2-71355\" \/><\/a>\n\t\t\t<\/div>\n\t\t\t\t<figcaption class='wp-caption-text gallery-caption' id='gallery-2-71355'>\n\t\t\t\tDos Casas Met\u00e1licas \/ Mauricio Morra Arquitectos (\u00a9 Ramiro Sosa)\n\t\t\t\t<\/figcaption><\/figure><figure class='gallery-item'>\n\t\t\t<div class='gallery-icon landscape'>\n\t\t\t\t<a href='https:\/\/www.arquimaster.com.ar\/web\/wp-content\/uploads\/2022\/07\/dos_casas_metalicas59.jpg' title=\"Dos Casas Met\u00e1licas \/ Mauricio Morra Arquitectos (\u00a9 Ramiro Sosa)\" data-rl_title=\"Dos Casas Met\u00e1licas \/ Mauricio Morra Arquitectos (\u00a9 Ramiro Sosa)\" class=\"rl-gallery-link\" data-rl_caption=\"Dos Casas Met\u00e1licas \/ Mauricio Morra Arquitectos (\u00a9 Ramiro Sosa)\" data-rel=\"lightbox-gallery-2\"><img loading=\"lazy\" decoding=\"async\" width=\"150\" height=\"150\" src=\"https:\/\/www.arquimaster.com.ar\/web\/wp-content\/uploads\/2022\/07\/dos_casas_metalicas59-150x150.jpg\" class=\"attachment-thumbnail size-thumbnail\" alt=\"Dos Casas Met\u00e1licas \/ Mauricio Morra Arquitectos\" aria-describedby=\"gallery-2-71356\" \/><\/a>\n\t\t\t<\/div>\n\t\t\t\t<figcaption class='wp-caption-text gallery-caption' id='gallery-2-71356'>\n\t\t\t\tDos Casas Met\u00e1licas \/ Mauricio Morra Arquitectos (\u00a9 Ramiro Sosa)\n\t\t\t\t<\/figcaption><\/figure><figure class='gallery-item'>\n\t\t\t<div class='gallery-icon landscape'>\n\t\t\t\t<a href='https:\/\/www.arquimaster.com.ar\/web\/wp-content\/uploads\/2022\/07\/dos_casas_metalicas60.jpg' title=\"Dos Casas Met\u00e1licas \/ Mauricio Morra Arquitectos (\u00a9 Ramiro Sosa)\" data-rl_title=\"Dos Casas Met\u00e1licas \/ Mauricio Morra Arquitectos (\u00a9 Ramiro Sosa)\" class=\"rl-gallery-link\" data-rl_caption=\"Dos Casas Met\u00e1licas \/ Mauricio Morra Arquitectos (\u00a9 Ramiro Sosa)\" data-rel=\"lightbox-gallery-2\"><img loading=\"lazy\" decoding=\"async\" width=\"150\" height=\"150\" src=\"https:\/\/www.arquimaster.com.ar\/web\/wp-content\/uploads\/2022\/07\/dos_casas_metalicas60-150x150.jpg\" class=\"attachment-thumbnail size-thumbnail\" alt=\"Dos Casas Met\u00e1licas \/ Mauricio Morra Arquitectos\" aria-describedby=\"gallery-2-71357\" srcset=\"https:\/\/www.arquimaster.com.ar\/web\/wp-content\/uploads\/2022\/07\/dos_casas_metalicas60-150x150.jpg 150w, https:\/\/www.arquimaster.com.ar\/web\/wp-content\/uploads\/2022\/07\/dos_casas_metalicas60-768x768.jpg 768w, https:\/\/www.arquimaster.com.ar\/web\/wp-content\/uploads\/2022\/07\/dos_casas_metalicas60.jpg 1500w\" sizes=\"auto, (max-width: 150px) 100vw, 150px\" \/><\/a>\n\t\t\t<\/div>\n\t\t\t\t<figcaption class='wp-caption-text gallery-caption' id='gallery-2-71357'>\n\t\t\t\tDos Casas Met\u00e1licas \/ Mauricio Morra Arquitectos (\u00a9 Ramiro Sosa)\n\t\t\t\t<\/figcaption><\/figure><figure class='gallery-item'>\n\t\t\t<div class='gallery-icon portrait'>\n\t\t\t\t<a href='https:\/\/www.arquimaster.com.ar\/web\/wp-content\/uploads\/2022\/07\/dos_casas_metalicas61.jpg' title=\"Dos Casas Met\u00e1licas \/ Mauricio Morra Arquitectos (\u00a9 Ramiro Sosa)\" data-rl_title=\"Dos Casas Met\u00e1licas \/ Mauricio Morra Arquitectos (\u00a9 Ramiro Sosa)\" class=\"rl-gallery-link\" data-rl_caption=\"Dos Casas Met\u00e1licas \/ Mauricio Morra Arquitectos (\u00a9 Ramiro Sosa)\" data-rel=\"lightbox-gallery-2\"><img loading=\"lazy\" decoding=\"async\" width=\"150\" height=\"150\" src=\"https:\/\/www.arquimaster.com.ar\/web\/wp-content\/uploads\/2022\/07\/dos_casas_metalicas61-150x150.jpg\" class=\"attachment-thumbnail size-thumbnail\" alt=\"Dos Casas Met\u00e1licas \/ Mauricio Morra Arquitectos\" aria-describedby=\"gallery-2-71358\" \/><\/a>\n\t\t\t<\/div>\n\t\t\t\t<figcaption class='wp-caption-text gallery-caption' id='gallery-2-71358'>\n\t\t\t\tDos Casas Met\u00e1licas \/ Mauricio Morra Arquitectos (\u00a9 Ramiro Sosa)\n\t\t\t\t<\/figcaption><\/figure><figure class='gallery-item'>\n\t\t\t<div class='gallery-icon portrait'>\n\t\t\t\t<a href='https:\/\/www.arquimaster.com.ar\/web\/wp-content\/uploads\/2022\/07\/dos_casas_metalicas62.jpg' title=\"Dos Casas Met\u00e1licas \/ Mauricio Morra Arquitectos (\u00a9 Ramiro Sosa)\" data-rl_title=\"Dos Casas Met\u00e1licas \/ Mauricio Morra Arquitectos (\u00a9 Ramiro Sosa)\" class=\"rl-gallery-link\" data-rl_caption=\"Dos Casas Met\u00e1licas \/ Mauricio Morra Arquitectos (\u00a9 Ramiro Sosa)\" data-rel=\"lightbox-gallery-2\"><img loading=\"lazy\" decoding=\"async\" width=\"150\" height=\"150\" src=\"https:\/\/www.arquimaster.com.ar\/web\/wp-content\/uploads\/2022\/07\/dos_casas_metalicas62-150x150.jpg\" class=\"attachment-thumbnail size-thumbnail\" alt=\"Dos Casas Met\u00e1licas \/ Mauricio Morra Arquitectos\" aria-describedby=\"gallery-2-71359\" \/><\/a>\n\t\t\t<\/div>\n\t\t\t\t<figcaption class='wp-caption-text gallery-caption' id='gallery-2-71359'>\n\t\t\t\tDos Casas Met\u00e1licas \/ Mauricio Morra Arquitectos (\u00a9 Ramiro Sosa)\n\t\t\t\t<\/figcaption><\/figure><figure class='gallery-item'>\n\t\t\t<div class='gallery-icon portrait'>\n\t\t\t\t<a href='https:\/\/www.arquimaster.com.ar\/web\/wp-content\/uploads\/2022\/07\/dos_casas_metalicas63.jpg' title=\"Dos Casas Met\u00e1licas \/ Mauricio Morra Arquitectos (\u00a9 Ramiro Sosa)\" data-rl_title=\"Dos Casas Met\u00e1licas \/ Mauricio Morra Arquitectos (\u00a9 Ramiro Sosa)\" class=\"rl-gallery-link\" data-rl_caption=\"Dos Casas Met\u00e1licas \/ Mauricio Morra Arquitectos (\u00a9 Ramiro Sosa)\" data-rel=\"lightbox-gallery-2\"><img loading=\"lazy\" decoding=\"async\" width=\"150\" height=\"150\" src=\"https:\/\/www.arquimaster.com.ar\/web\/wp-content\/uploads\/2022\/07\/dos_casas_metalicas63-150x150.jpg\" class=\"attachment-thumbnail size-thumbnail\" alt=\"Dos Casas Met\u00e1licas \/ Mauricio Morra Arquitectos\" aria-describedby=\"gallery-2-71360\" \/><\/a>\n\t\t\t<\/div>\n\t\t\t\t<figcaption class='wp-caption-text gallery-caption' id='gallery-2-71360'>\n\t\t\t\tDos Casas Met\u00e1licas \/ Mauricio Morra Arquitectos (\u00a9 Ramiro Sosa)\n\t\t\t\t<\/figcaption><\/figure><figure class='gallery-item'>\n\t\t\t<div class='gallery-icon portrait'>\n\t\t\t\t<a href='https:\/\/www.arquimaster.com.ar\/web\/wp-content\/uploads\/2022\/07\/dos_casas_metalicas64.jpg' title=\"Dos Casas Met\u00e1licas \/ Mauricio Morra Arquitectos (\u00a9 Ramiro Sosa)\" data-rl_title=\"Dos Casas Met\u00e1licas \/ Mauricio Morra Arquitectos (\u00a9 Ramiro Sosa)\" class=\"rl-gallery-link\" data-rl_caption=\"Dos Casas Met\u00e1licas \/ Mauricio Morra Arquitectos (\u00a9 Ramiro Sosa)\" data-rel=\"lightbox-gallery-2\"><img loading=\"lazy\" decoding=\"async\" width=\"150\" height=\"150\" src=\"https:\/\/www.arquimaster.com.ar\/web\/wp-content\/uploads\/2022\/07\/dos_casas_metalicas64-150x150.jpg\" class=\"attachment-thumbnail size-thumbnail\" alt=\"Dos Casas Met\u00e1licas \/ Mauricio Morra Arquitectos\" aria-describedby=\"gallery-2-71361\" \/><\/a>\n\t\t\t<\/div>\n\t\t\t\t<figcaption class='wp-caption-text gallery-caption' id='gallery-2-71361'>\n\t\t\t\tDos Casas Met\u00e1licas \/ Mauricio Morra Arquitectos (\u00a9 Ramiro Sosa)\n\t\t\t\t<\/figcaption><\/figure><figure class='gallery-item'>\n\t\t\t<div class='gallery-icon portrait'>\n\t\t\t\t<a href='https:\/\/www.arquimaster.com.ar\/web\/wp-content\/uploads\/2022\/07\/dos_casas_metalicas65.jpg' title=\"Dos Casas Met\u00e1licas \/ Mauricio Morra Arquitectos (\u00a9 Ramiro Sosa)\" data-rl_title=\"Dos Casas Met\u00e1licas \/ Mauricio Morra Arquitectos (\u00a9 Ramiro Sosa)\" class=\"rl-gallery-link\" data-rl_caption=\"Dos Casas Met\u00e1licas \/ Mauricio Morra Arquitectos (\u00a9 Ramiro Sosa)\" data-rel=\"lightbox-gallery-2\"><img loading=\"lazy\" decoding=\"async\" width=\"150\" height=\"150\" src=\"https:\/\/www.arquimaster.com.ar\/web\/wp-content\/uploads\/2022\/07\/dos_casas_metalicas65-150x150.jpg\" class=\"attachment-thumbnail size-thumbnail\" alt=\"Dos Casas Met\u00e1licas \/ Mauricio Morra Arquitectos\" aria-describedby=\"gallery-2-71362\" \/><\/a>\n\t\t\t<\/div>\n\t\t\t\t<figcaption class='wp-caption-text gallery-caption' id='gallery-2-71362'>\n\t\t\t\tDos Casas Met\u00e1licas \/ Mauricio Morra Arquitectos (\u00a9 Ramiro Sosa)\n\t\t\t\t<\/figcaption><\/figure><figure class='gallery-item'>\n\t\t\t<div class='gallery-icon portrait'>\n\t\t\t\t<a href='https:\/\/www.arquimaster.com.ar\/web\/wp-content\/uploads\/2022\/07\/dos_casas_metalicas66.jpg' title=\"Dos Casas Met\u00e1licas \/ Mauricio Morra Arquitectos (\u00a9 Ramiro Sosa)\" data-rl_title=\"Dos Casas Met\u00e1licas \/ Mauricio Morra Arquitectos (\u00a9 Ramiro Sosa)\" class=\"rl-gallery-link\" data-rl_caption=\"Dos Casas Met\u00e1licas \/ Mauricio Morra Arquitectos (\u00a9 Ramiro Sosa)\" data-rel=\"lightbox-gallery-2\"><img loading=\"lazy\" decoding=\"async\" width=\"150\" height=\"150\" src=\"https:\/\/www.arquimaster.com.ar\/web\/wp-content\/uploads\/2022\/07\/dos_casas_metalicas66-150x150.jpg\" class=\"attachment-thumbnail size-thumbnail\" alt=\"Dos Casas Met\u00e1licas \/ Mauricio Morra Arquitectos\" aria-describedby=\"gallery-2-71363\" \/><\/a>\n\t\t\t<\/div>\n\t\t\t\t<figcaption class='wp-caption-text gallery-caption' id='gallery-2-71363'>\n\t\t\t\tDos Casas Met\u00e1licas \/ Mauricio Morra Arquitectos (\u00a9 Ramiro Sosa)\n\t\t\t\t<\/figcaption><\/figure><figure class='gallery-item'>\n\t\t\t<div class='gallery-icon portrait'>\n\t\t\t\t<a href='https:\/\/www.arquimaster.com.ar\/web\/wp-content\/uploads\/2022\/07\/dos_casas_metalicas67.jpg' title=\"Dos Casas Met\u00e1licas \/ Mauricio Morra Arquitectos (\u00a9 Ramiro Sosa)\" data-rl_title=\"Dos Casas Met\u00e1licas \/ Mauricio Morra Arquitectos (\u00a9 Ramiro Sosa)\" class=\"rl-gallery-link\" data-rl_caption=\"Dos Casas Met\u00e1licas \/ Mauricio Morra Arquitectos (\u00a9 Ramiro Sosa)\" data-rel=\"lightbox-gallery-2\"><img loading=\"lazy\" decoding=\"async\" width=\"150\" height=\"150\" src=\"https:\/\/www.arquimaster.com.ar\/web\/wp-content\/uploads\/2022\/07\/dos_casas_metalicas67-150x150.jpg\" class=\"attachment-thumbnail size-thumbnail\" alt=\"Dos Casas Met\u00e1licas \/ Mauricio Morra Arquitectos\" aria-describedby=\"gallery-2-71364\" \/><\/a>\n\t\t\t<\/div>\n\t\t\t\t<figcaption class='wp-caption-text gallery-caption' id='gallery-2-71364'>\n\t\t\t\tDos Casas Met\u00e1licas \/ Mauricio Morra Arquitectos (\u00a9 Ramiro Sosa)\n\t\t\t\t<\/figcaption><\/figure><figure class='gallery-item'>\n\t\t\t<div class='gallery-icon portrait'>\n\t\t\t\t<a href='https:\/\/www.arquimaster.com.ar\/web\/wp-content\/uploads\/2022\/07\/dos_casas_metalicas68.jpg' title=\"Dos Casas Met\u00e1licas \/ Mauricio Morra Arquitectos (\u00a9 Ramiro Sosa)\" data-rl_title=\"Dos Casas Met\u00e1licas \/ Mauricio Morra Arquitectos (\u00a9 Ramiro Sosa)\" class=\"rl-gallery-link\" data-rl_caption=\"Dos Casas Met\u00e1licas \/ Mauricio Morra Arquitectos (\u00a9 Ramiro Sosa)\" data-rel=\"lightbox-gallery-2\"><img loading=\"lazy\" decoding=\"async\" width=\"150\" height=\"150\" src=\"https:\/\/www.arquimaster.com.ar\/web\/wp-content\/uploads\/2022\/07\/dos_casas_metalicas68-150x150.jpg\" class=\"attachment-thumbnail size-thumbnail\" alt=\"Dos Casas Met\u00e1licas \/ Mauricio Morra Arquitectos\" aria-describedby=\"gallery-2-71365\" \/><\/a>\n\t\t\t<\/div>\n\t\t\t\t<figcaption class='wp-caption-text gallery-caption' id='gallery-2-71365'>\n\t\t\t\tDos Casas Met\u00e1licas \/ Mauricio Morra Arquitectos (\u00a9 Ramiro Sosa)\n\t\t\t\t<\/figcaption><\/figure><figure class='gallery-item'>\n\t\t\t<div class='gallery-icon portrait'>\n\t\t\t\t<a href='https:\/\/www.arquimaster.com.ar\/web\/wp-content\/uploads\/2022\/07\/dos_casas_metalicas69.jpg' title=\"Dos Casas Met\u00e1licas \/ Mauricio Morra Arquitectos (\u00a9 Ramiro Sosa)\" data-rl_title=\"Dos Casas Met\u00e1licas \/ Mauricio Morra Arquitectos (\u00a9 Ramiro Sosa)\" class=\"rl-gallery-link\" data-rl_caption=\"Dos Casas Met\u00e1licas \/ Mauricio Morra Arquitectos (\u00a9 Ramiro Sosa)\" data-rel=\"lightbox-gallery-2\"><img loading=\"lazy\" decoding=\"async\" width=\"150\" height=\"150\" src=\"https:\/\/www.arquimaster.com.ar\/web\/wp-content\/uploads\/2022\/07\/dos_casas_metalicas69-150x150.jpg\" class=\"attachment-thumbnail size-thumbnail\" alt=\"Dos Casas Met\u00e1licas \/ Mauricio Morra Arquitectos\" aria-describedby=\"gallery-2-71366\" \/><\/a>\n\t\t\t<\/div>\n\t\t\t\t<figcaption class='wp-caption-text gallery-caption' id='gallery-2-71366'>\n\t\t\t\tDos Casas Met\u00e1licas \/ Mauricio Morra Arquitectos (\u00a9 Ramiro Sosa)\n\t\t\t\t<\/figcaption><\/figure><figure class='gallery-item'>\n\t\t\t<div class='gallery-icon portrait'>\n\t\t\t\t<a href='https:\/\/www.arquimaster.com.ar\/web\/wp-content\/uploads\/2022\/07\/dos_casas_metalicas70.jpg' title=\"Dos Casas Met\u00e1licas \/ Mauricio Morra Arquitectos (\u00a9 Ramiro Sosa)\" data-rl_title=\"Dos Casas Met\u00e1licas \/ Mauricio Morra Arquitectos (\u00a9 Ramiro Sosa)\" class=\"rl-gallery-link\" data-rl_caption=\"Dos Casas Met\u00e1licas \/ Mauricio Morra Arquitectos (\u00a9 Ramiro Sosa)\" data-rel=\"lightbox-gallery-2\"><img loading=\"lazy\" decoding=\"async\" width=\"150\" height=\"150\" src=\"https:\/\/www.arquimaster.com.ar\/web\/wp-content\/uploads\/2022\/07\/dos_casas_metalicas70-150x150.jpg\" class=\"attachment-thumbnail size-thumbnail\" alt=\"Dos Casas Met\u00e1licas \/ Mauricio Morra Arquitectos\" aria-describedby=\"gallery-2-71367\" \/><\/a>\n\t\t\t<\/div>\n\t\t\t\t<figcaption class='wp-caption-text gallery-caption' id='gallery-2-71367'>\n\t\t\t\tDos Casas Met\u00e1licas \/ Mauricio Morra Arquitectos (\u00a9 Ramiro Sosa)\n\t\t\t\t<\/figcaption><\/figure><figure class='gallery-item'>\n\t\t\t<div class='gallery-icon portrait'>\n\t\t\t\t<a href='https:\/\/www.arquimaster.com.ar\/web\/wp-content\/uploads\/2022\/07\/dos_casas_metalicas71.jpg' title=\"Dos Casas Met\u00e1licas \/ Mauricio Morra Arquitectos (\u00a9 Ramiro Sosa)\" data-rl_title=\"Dos Casas Met\u00e1licas \/ Mauricio Morra Arquitectos (\u00a9 Ramiro Sosa)\" class=\"rl-gallery-link\" data-rl_caption=\"Dos Casas Met\u00e1licas \/ Mauricio Morra Arquitectos (\u00a9 Ramiro Sosa)\" data-rel=\"lightbox-gallery-2\"><img loading=\"lazy\" decoding=\"async\" width=\"150\" height=\"150\" src=\"https:\/\/www.arquimaster.com.ar\/web\/wp-content\/uploads\/2022\/07\/dos_casas_metalicas71-150x150.jpg\" class=\"attachment-thumbnail size-thumbnail\" alt=\"Dos Casas Met\u00e1licas \/ Mauricio Morra Arquitectos\" aria-describedby=\"gallery-2-71368\" \/><\/a>\n\t\t\t<\/div>\n\t\t\t\t<figcaption class='wp-caption-text gallery-caption' id='gallery-2-71368'>\n\t\t\t\tDos Casas Met\u00e1licas \/ Mauricio Morra Arquitectos (\u00a9 Ramiro Sosa)\n\t\t\t\t<\/figcaption><\/figure><figure class='gallery-item'>\n\t\t\t<div class='gallery-icon portrait'>\n\t\t\t\t<a href='https:\/\/www.arquimaster.com.ar\/web\/wp-content\/uploads\/2022\/07\/dos_casas_metalicas72.jpg' title=\"Dos Casas Met\u00e1licas \/ Mauricio Morra Arquitectos (\u00a9 Ramiro Sosa)\" data-rl_title=\"Dos Casas Met\u00e1licas \/ Mauricio Morra Arquitectos (\u00a9 Ramiro Sosa)\" class=\"rl-gallery-link\" data-rl_caption=\"Dos Casas Met\u00e1licas \/ Mauricio Morra Arquitectos (\u00a9 Ramiro Sosa)\" data-rel=\"lightbox-gallery-2\"><img loading=\"lazy\" decoding=\"async\" width=\"150\" height=\"150\" src=\"https:\/\/www.arquimaster.com.ar\/web\/wp-content\/uploads\/2022\/07\/dos_casas_metalicas72-150x150.jpg\" class=\"attachment-thumbnail size-thumbnail\" alt=\"Dos Casas Met\u00e1licas \/ Mauricio Morra Arquitectos\" aria-describedby=\"gallery-2-71369\" \/><\/a>\n\t\t\t<\/div>\n\t\t\t\t<figcaption class='wp-caption-text gallery-caption' id='gallery-2-71369'>\n\t\t\t\tDos Casas Met\u00e1licas \/ Mauricio Morra Arquitectos (\u00a9 Ramiro Sosa)\n\t\t\t\t<\/figcaption><\/figure>\n\t\t<\/div>\n\n<p>Estos componentes principales -estructura, envolventes y aberturas- se funden en una expresi\u00f3n unificada e integrada, cumpliendo m\u00faltiples roles: control clim\u00e1tico, lum\u00ednico, visuales, intimidad, seguridad, con muy bajo mantenimiento. Respecto al interior la tabiquer\u00eda se resuelve con tecnolog\u00edas en seco.<\/p>\n<p>Poseen galer\u00edas en dobles alturas en orientaci\u00f3n Este, operando como transici\u00f3n entre el interior (habitaciones de permanencia donde se destaca el estar-comedor en doble altura) y el exterior (patios de expansi\u00f3n). Existe una estrecha relaci\u00f3n, sinergia y fluidez espacial entre estas tres categor\u00edas -interior-transici\u00f3n-exterior-.<\/p>\n<div id='gallery-3' class='gallery galleryid-71296 gallery-columns-3 gallery-size-thumbnail'><figure class='gallery-item'>\n\t\t\t<div class='gallery-icon portrait'>\n\t\t\t\t<a href='https:\/\/www.arquimaster.com.ar\/web\/wp-content\/uploads\/2022\/07\/dos_casas_metalicas73.jpg' title=\"Dos Casas Met\u00e1licas \/ Mauricio Morra Arquitectos (\u00a9 Ramiro Sosa)\" data-rl_title=\"Dos Casas Met\u00e1licas \/ Mauricio Morra Arquitectos (\u00a9 Ramiro Sosa)\" class=\"rl-gallery-link\" data-rl_caption=\"Dos Casas Met\u00e1licas \/ Mauricio Morra Arquitectos (\u00a9 Ramiro Sosa)\" data-rel=\"lightbox-gallery-3\"><img loading=\"lazy\" decoding=\"async\" width=\"150\" height=\"150\" src=\"https:\/\/www.arquimaster.com.ar\/web\/wp-content\/uploads\/2022\/07\/dos_casas_metalicas73-150x150.jpg\" class=\"attachment-thumbnail size-thumbnail\" alt=\"Dos Casas Met\u00e1licas \/ Mauricio Morra Arquitectos\" aria-describedby=\"gallery-3-71370\" \/><\/a>\n\t\t\t<\/div>\n\t\t\t\t<figcaption class='wp-caption-text gallery-caption' id='gallery-3-71370'>\n\t\t\t\tDos Casas Met\u00e1licas \/ Mauricio Morra Arquitectos (\u00a9 Ramiro Sosa)\n\t\t\t\t<\/figcaption><\/figure><figure class='gallery-item'>\n\t\t\t<div class='gallery-icon landscape'>\n\t\t\t\t<a href='https:\/\/www.arquimaster.com.ar\/web\/wp-content\/uploads\/2022\/07\/dos_casas_metalicas74.jpg' title=\"Dos Casas Met\u00e1licas \/ Mauricio Morra Arquitectos (\u00a9 Ramiro Sosa)\" data-rl_title=\"Dos Casas Met\u00e1licas \/ Mauricio Morra Arquitectos (\u00a9 Ramiro Sosa)\" class=\"rl-gallery-link\" data-rl_caption=\"Dos Casas Met\u00e1licas \/ Mauricio Morra Arquitectos (\u00a9 Ramiro Sosa)\" data-rel=\"lightbox-gallery-3\"><img loading=\"lazy\" decoding=\"async\" width=\"150\" height=\"150\" src=\"https:\/\/www.arquimaster.com.ar\/web\/wp-content\/uploads\/2022\/07\/dos_casas_metalicas74-150x150.jpg\" class=\"attachment-thumbnail size-thumbnail\" alt=\"Dos Casas Met\u00e1licas \/ Mauricio Morra Arquitectos\" aria-describedby=\"gallery-3-71371\" \/><\/a>\n\t\t\t<\/div>\n\t\t\t\t<figcaption class='wp-caption-text gallery-caption' id='gallery-3-71371'>\n\t\t\t\tDos Casas Met\u00e1licas \/ Mauricio Morra Arquitectos (\u00a9 Ramiro Sosa)\n\t\t\t\t<\/figcaption><\/figure><figure class='gallery-item'>\n\t\t\t<div class='gallery-icon portrait'>\n\t\t\t\t<a href='https:\/\/www.arquimaster.com.ar\/web\/wp-content\/uploads\/2022\/07\/dos_casas_metalicas75.jpg' title=\"Dos Casas Met\u00e1licas \/ Mauricio Morra Arquitectos (\u00a9 Ramiro Sosa)\" data-rl_title=\"Dos Casas Met\u00e1licas \/ Mauricio Morra Arquitectos (\u00a9 Ramiro Sosa)\" class=\"rl-gallery-link\" data-rl_caption=\"Dos Casas Met\u00e1licas \/ Mauricio Morra Arquitectos (\u00a9 Ramiro Sosa)\" data-rel=\"lightbox-gallery-3\"><img loading=\"lazy\" decoding=\"async\" width=\"150\" height=\"150\" src=\"https:\/\/www.arquimaster.com.ar\/web\/wp-content\/uploads\/2022\/07\/dos_casas_metalicas75-150x150.jpg\" class=\"attachment-thumbnail size-thumbnail\" alt=\"Dos Casas Met\u00e1licas \/ Mauricio Morra Arquitectos\" aria-describedby=\"gallery-3-71372\" \/><\/a>\n\t\t\t<\/div>\n\t\t\t\t<figcaption class='wp-caption-text gallery-caption' id='gallery-3-71372'>\n\t\t\t\tDos Casas Met\u00e1licas \/ Mauricio Morra Arquitectos (\u00a9 Ramiro Sosa)\n\t\t\t\t<\/figcaption><\/figure><figure class='gallery-item'>\n\t\t\t<div class='gallery-icon portrait'>\n\t\t\t\t<a href='https:\/\/www.arquimaster.com.ar\/web\/wp-content\/uploads\/2022\/07\/dos_casas_metalicas76.jpg' title=\"Dos Casas Met\u00e1licas \/ Mauricio Morra Arquitectos (\u00a9 Ramiro Sosa)\" data-rl_title=\"Dos Casas Met\u00e1licas \/ Mauricio Morra Arquitectos (\u00a9 Ramiro Sosa)\" class=\"rl-gallery-link\" data-rl_caption=\"Dos Casas Met\u00e1licas \/ Mauricio Morra Arquitectos (\u00a9 Ramiro Sosa)\" data-rel=\"lightbox-gallery-3\"><img loading=\"lazy\" decoding=\"async\" width=\"150\" height=\"150\" src=\"https:\/\/www.arquimaster.com.ar\/web\/wp-content\/uploads\/2022\/07\/dos_casas_metalicas76-150x150.jpg\" class=\"attachment-thumbnail size-thumbnail\" alt=\"Dos Casas Met\u00e1licas \/ Mauricio Morra Arquitectos\" aria-describedby=\"gallery-3-71373\" \/><\/a>\n\t\t\t<\/div>\n\t\t\t\t<figcaption class='wp-caption-text gallery-caption' id='gallery-3-71373'>\n\t\t\t\tDos Casas Met\u00e1licas \/ Mauricio Morra Arquitectos (\u00a9 Ramiro Sosa)\n\t\t\t\t<\/figcaption><\/figure><figure class='gallery-item'>\n\t\t\t<div class='gallery-icon portrait'>\n\t\t\t\t<a href='https:\/\/www.arquimaster.com.ar\/web\/wp-content\/uploads\/2022\/07\/dos_casas_metalicas77.jpg' title=\"Dos Casas Met\u00e1licas \/ Mauricio Morra Arquitectos (\u00a9 Ramiro Sosa)\" data-rl_title=\"Dos Casas Met\u00e1licas \/ Mauricio Morra Arquitectos (\u00a9 Ramiro Sosa)\" class=\"rl-gallery-link\" data-rl_caption=\"Dos Casas Met\u00e1licas \/ Mauricio Morra Arquitectos (\u00a9 Ramiro Sosa)\" data-rel=\"lightbox-gallery-3\"><img loading=\"lazy\" decoding=\"async\" width=\"150\" height=\"150\" src=\"https:\/\/www.arquimaster.com.ar\/web\/wp-content\/uploads\/2022\/07\/dos_casas_metalicas77-150x150.jpg\" class=\"attachment-thumbnail size-thumbnail\" alt=\"Dos Casas Met\u00e1licas \/ Mauricio Morra Arquitectos\" aria-describedby=\"gallery-3-71374\" \/><\/a>\n\t\t\t<\/div>\n\t\t\t\t<figcaption class='wp-caption-text gallery-caption' id='gallery-3-71374'>\n\t\t\t\tDos Casas Met\u00e1licas \/ Mauricio Morra Arquitectos (\u00a9 Ramiro Sosa)\n\t\t\t\t<\/figcaption><\/figure><figure class='gallery-item'>\n\t\t\t<div class='gallery-icon portrait'>\n\t\t\t\t<a href='https:\/\/www.arquimaster.com.ar\/web\/wp-content\/uploads\/2022\/07\/dos_casas_metalicas78.jpg' title=\"Dos Casas Met\u00e1licas \/ Mauricio Morra Arquitectos (\u00a9 Ramiro Sosa)\" data-rl_title=\"Dos Casas Met\u00e1licas \/ Mauricio Morra Arquitectos (\u00a9 Ramiro Sosa)\" class=\"rl-gallery-link\" data-rl_caption=\"Dos Casas Met\u00e1licas \/ Mauricio Morra Arquitectos (\u00a9 Ramiro Sosa)\" data-rel=\"lightbox-gallery-3\"><img loading=\"lazy\" decoding=\"async\" width=\"150\" height=\"150\" src=\"https:\/\/www.arquimaster.com.ar\/web\/wp-content\/uploads\/2022\/07\/dos_casas_metalicas78-150x150.jpg\" class=\"attachment-thumbnail size-thumbnail\" alt=\"Dos Casas Met\u00e1licas \/ Mauricio Morra Arquitectos\" aria-describedby=\"gallery-3-71375\" \/><\/a>\n\t\t\t<\/div>\n\t\t\t\t<figcaption class='wp-caption-text gallery-caption' id='gallery-3-71375'>\n\t\t\t\tDos Casas Met\u00e1licas \/ Mauricio Morra Arquitectos (\u00a9 Ramiro Sosa)\n\t\t\t\t<\/figcaption><\/figure><figure class='gallery-item'>\n\t\t\t<div class='gallery-icon portrait'>\n\t\t\t\t<a href='https:\/\/www.arquimaster.com.ar\/web\/wp-content\/uploads\/2022\/07\/dos_casas_metalicas79.jpg' title=\"Dos Casas Met\u00e1licas \/ Mauricio Morra Arquitectos (\u00a9 Ramiro Sosa)\" data-rl_title=\"Dos Casas Met\u00e1licas \/ Mauricio Morra Arquitectos (\u00a9 Ramiro Sosa)\" class=\"rl-gallery-link\" data-rl_caption=\"Dos Casas Met\u00e1licas \/ Mauricio Morra Arquitectos (\u00a9 Ramiro Sosa)\" data-rel=\"lightbox-gallery-3\"><img loading=\"lazy\" decoding=\"async\" width=\"150\" height=\"150\" src=\"https:\/\/www.arquimaster.com.ar\/web\/wp-content\/uploads\/2022\/07\/dos_casas_metalicas79-150x150.jpg\" class=\"attachment-thumbnail size-thumbnail\" alt=\"Dos Casas Met\u00e1licas \/ Mauricio Morra Arquitectos\" aria-describedby=\"gallery-3-71376\" \/><\/a>\n\t\t\t<\/div>\n\t\t\t\t<figcaption class='wp-caption-text gallery-caption' id='gallery-3-71376'>\n\t\t\t\tDos Casas Met\u00e1licas \/ Mauricio Morra Arquitectos (\u00a9 Ramiro Sosa)\n\t\t\t\t<\/figcaption><\/figure><figure class='gallery-item'>\n\t\t\t<div class='gallery-icon portrait'>\n\t\t\t\t<a href='https:\/\/www.arquimaster.com.ar\/web\/wp-content\/uploads\/2022\/07\/dos_casas_metalicas80.jpg' title=\"Dos Casas Met\u00e1licas \/ Mauricio Morra Arquitectos (\u00a9 Ramiro Sosa)\" data-rl_title=\"Dos Casas Met\u00e1licas \/ Mauricio Morra Arquitectos (\u00a9 Ramiro Sosa)\" class=\"rl-gallery-link\" data-rl_caption=\"Dos Casas Met\u00e1licas \/ Mauricio Morra Arquitectos (\u00a9 Ramiro Sosa)\" data-rel=\"lightbox-gallery-3\"><img loading=\"lazy\" decoding=\"async\" width=\"150\" height=\"150\" src=\"https:\/\/www.arquimaster.com.ar\/web\/wp-content\/uploads\/2022\/07\/dos_casas_metalicas80-150x150.jpg\" class=\"attachment-thumbnail size-thumbnail\" alt=\"Dos Casas Met\u00e1licas \/ Mauricio Morra Arquitectos\" aria-describedby=\"gallery-3-71377\" \/><\/a>\n\t\t\t<\/div>\n\t\t\t\t<figcaption class='wp-caption-text gallery-caption' id='gallery-3-71377'>\n\t\t\t\tDos Casas Met\u00e1licas \/ Mauricio Morra Arquitectos (\u00a9 Ramiro Sosa)\n\t\t\t\t<\/figcaption><\/figure><figure class='gallery-item'>\n\t\t\t<div class='gallery-icon portrait'>\n\t\t\t\t<a href='https:\/\/www.arquimaster.com.ar\/web\/wp-content\/uploads\/2022\/07\/dos_casas_metalicas81.jpg' title=\"Dos Casas Met\u00e1licas \/ Mauricio Morra Arquitectos (\u00a9 Ramiro Sosa)\" data-rl_title=\"Dos Casas Met\u00e1licas \/ Mauricio Morra Arquitectos (\u00a9 Ramiro Sosa)\" class=\"rl-gallery-link\" data-rl_caption=\"Dos Casas Met\u00e1licas \/ Mauricio Morra Arquitectos (\u00a9 Ramiro Sosa)\" data-rel=\"lightbox-gallery-3\"><img loading=\"lazy\" decoding=\"async\" width=\"150\" height=\"150\" src=\"https:\/\/www.arquimaster.com.ar\/web\/wp-content\/uploads\/2022\/07\/dos_casas_metalicas81-150x150.jpg\" class=\"attachment-thumbnail size-thumbnail\" alt=\"Dos Casas Met\u00e1licas \/ Mauricio Morra Arquitectos\" aria-describedby=\"gallery-3-71378\" \/><\/a>\n\t\t\t<\/div>\n\t\t\t\t<figcaption class='wp-caption-text gallery-caption' id='gallery-3-71378'>\n\t\t\t\tDos Casas Met\u00e1licas \/ Mauricio Morra Arquitectos (\u00a9 Ramiro Sosa)\n\t\t\t\t<\/figcaption><\/figure><figure class='gallery-item'>\n\t\t\t<div class='gallery-icon portrait'>\n\t\t\t\t<a href='https:\/\/www.arquimaster.com.ar\/web\/wp-content\/uploads\/2022\/07\/dos_casas_metalicas82.jpg' title=\"Dos Casas Met\u00e1licas \/ Mauricio Morra Arquitectos (\u00a9 Ramiro Sosa)\" data-rl_title=\"Dos Casas Met\u00e1licas \/ Mauricio Morra Arquitectos (\u00a9 Ramiro Sosa)\" class=\"rl-gallery-link\" data-rl_caption=\"Dos Casas Met\u00e1licas \/ Mauricio Morra Arquitectos (\u00a9 Ramiro Sosa)\" data-rel=\"lightbox-gallery-3\"><img loading=\"lazy\" decoding=\"async\" width=\"150\" height=\"150\" src=\"https:\/\/www.arquimaster.com.ar\/web\/wp-content\/uploads\/2022\/07\/dos_casas_metalicas82-150x150.jpg\" class=\"attachment-thumbnail size-thumbnail\" alt=\"Dos Casas Met\u00e1licas \/ Mauricio Morra Arquitectos\" aria-describedby=\"gallery-3-71379\" \/><\/a>\n\t\t\t<\/div>\n\t\t\t\t<figcaption class='wp-caption-text gallery-caption' id='gallery-3-71379'>\n\t\t\t\tDos Casas Met\u00e1licas \/ Mauricio Morra Arquitectos (\u00a9 Ramiro Sosa)\n\t\t\t\t<\/figcaption><\/figure><figure class='gallery-item'>\n\t\t\t<div class='gallery-icon portrait'>\n\t\t\t\t<a href='https:\/\/www.arquimaster.com.ar\/web\/wp-content\/uploads\/2022\/07\/dos_casas_metalicas83.jpg' title=\"Dos Casas Met\u00e1licas \/ Mauricio Morra Arquitectos (\u00a9 Ramiro Sosa)\" data-rl_title=\"Dos Casas Met\u00e1licas \/ Mauricio Morra Arquitectos (\u00a9 Ramiro Sosa)\" class=\"rl-gallery-link\" data-rl_caption=\"Dos Casas Met\u00e1licas \/ Mauricio Morra Arquitectos (\u00a9 Ramiro Sosa)\" data-rel=\"lightbox-gallery-3\"><img loading=\"lazy\" decoding=\"async\" width=\"150\" height=\"150\" src=\"https:\/\/www.arquimaster.com.ar\/web\/wp-content\/uploads\/2022\/07\/dos_casas_metalicas83-150x150.jpg\" class=\"attachment-thumbnail size-thumbnail\" alt=\"Dos Casas Met\u00e1licas \/ Mauricio Morra Arquitectos\" aria-describedby=\"gallery-3-71380\" \/><\/a>\n\t\t\t<\/div>\n\t\t\t\t<figcaption class='wp-caption-text gallery-caption' id='gallery-3-71380'>\n\t\t\t\tDos Casas Met\u00e1licas \/ Mauricio Morra Arquitectos (\u00a9 Ramiro Sosa)\n\t\t\t\t<\/figcaption><\/figure><figure class='gallery-item'>\n\t\t\t<div class='gallery-icon portrait'>\n\t\t\t\t<a href='https:\/\/www.arquimaster.com.ar\/web\/wp-content\/uploads\/2022\/07\/dos_casas_metalicas84.jpg' title=\"Dos Casas Met\u00e1licas \/ Mauricio Morra Arquitectos (\u00a9 Ramiro Sosa)\" data-rl_title=\"Dos Casas Met\u00e1licas \/ Mauricio Morra Arquitectos (\u00a9 Ramiro Sosa)\" class=\"rl-gallery-link\" data-rl_caption=\"Dos Casas Met\u00e1licas \/ Mauricio Morra Arquitectos (\u00a9 Ramiro Sosa)\" data-rel=\"lightbox-gallery-3\"><img loading=\"lazy\" decoding=\"async\" width=\"150\" height=\"150\" src=\"https:\/\/www.arquimaster.com.ar\/web\/wp-content\/uploads\/2022\/07\/dos_casas_metalicas84-150x150.jpg\" class=\"attachment-thumbnail size-thumbnail\" alt=\"Dos Casas Met\u00e1licas \/ Mauricio Morra Arquitectos\" aria-describedby=\"gallery-3-71381\" \/><\/a>\n\t\t\t<\/div>\n\t\t\t\t<figcaption class='wp-caption-text gallery-caption' id='gallery-3-71381'>\n\t\t\t\tDos Casas Met\u00e1licas \/ Mauricio Morra Arquitectos (\u00a9 Ramiro Sosa)\n\t\t\t\t<\/figcaption><\/figure><figure class='gallery-item'>\n\t\t\t<div class='gallery-icon portrait'>\n\t\t\t\t<a href='https:\/\/www.arquimaster.com.ar\/web\/wp-content\/uploads\/2022\/07\/dos_casas_metalicas85.jpg' title=\"Dos Casas Met\u00e1licas \/ Mauricio Morra Arquitectos (\u00a9 Ramiro Sosa)\" data-rl_title=\"Dos Casas Met\u00e1licas \/ Mauricio Morra Arquitectos (\u00a9 Ramiro Sosa)\" class=\"rl-gallery-link\" data-rl_caption=\"Dos Casas Met\u00e1licas \/ Mauricio Morra Arquitectos (\u00a9 Ramiro Sosa)\" data-rel=\"lightbox-gallery-3\"><img loading=\"lazy\" decoding=\"async\" width=\"150\" height=\"150\" src=\"https:\/\/www.arquimaster.com.ar\/web\/wp-content\/uploads\/2022\/07\/dos_casas_metalicas85-150x150.jpg\" class=\"attachment-thumbnail size-thumbnail\" alt=\"Dos Casas Met\u00e1licas \/ Mauricio Morra Arquitectos\" aria-describedby=\"gallery-3-71382\" \/><\/a>\n\t\t\t<\/div>\n\t\t\t\t<figcaption class='wp-caption-text gallery-caption' id='gallery-3-71382'>\n\t\t\t\tDos Casas Met\u00e1licas \/ Mauricio Morra Arquitectos (\u00a9 Ramiro Sosa)\n\t\t\t\t<\/figcaption><\/figure><figure class='gallery-item'>\n\t\t\t<div class='gallery-icon portrait'>\n\t\t\t\t<a href='https:\/\/www.arquimaster.com.ar\/web\/wp-content\/uploads\/2022\/07\/dos_casas_metalicas86.jpg' title=\"Dos Casas Met\u00e1licas \/ Mauricio Morra Arquitectos (\u00a9 Ramiro Sosa)\" data-rl_title=\"Dos Casas Met\u00e1licas \/ Mauricio Morra Arquitectos (\u00a9 Ramiro Sosa)\" class=\"rl-gallery-link\" data-rl_caption=\"Dos Casas Met\u00e1licas \/ Mauricio Morra Arquitectos (\u00a9 Ramiro Sosa)\" data-rel=\"lightbox-gallery-3\"><img loading=\"lazy\" decoding=\"async\" width=\"150\" height=\"150\" src=\"https:\/\/www.arquimaster.com.ar\/web\/wp-content\/uploads\/2022\/07\/dos_casas_metalicas86-150x150.jpg\" class=\"attachment-thumbnail size-thumbnail\" alt=\"Dos Casas Met\u00e1licas \/ Mauricio Morra Arquitectos\" aria-describedby=\"gallery-3-71383\" \/><\/a>\n\t\t\t<\/div>\n\t\t\t\t<figcaption class='wp-caption-text gallery-caption' id='gallery-3-71383'>\n\t\t\t\tDos Casas Met\u00e1licas \/ Mauricio Morra Arquitectos (\u00a9 Ramiro Sosa)\n\t\t\t\t<\/figcaption><\/figure><figure class='gallery-item'>\n\t\t\t<div class='gallery-icon landscape'>\n\t\t\t\t<a href='https:\/\/www.arquimaster.com.ar\/web\/wp-content\/uploads\/2022\/07\/dos_casas_metalicas87.jpg' title=\"Dos Casas Met\u00e1licas \/ Mauricio Morra Arquitectos (\u00a9 Ramiro Sosa)\" data-rl_title=\"Dos Casas Met\u00e1licas \/ Mauricio Morra Arquitectos (\u00a9 Ramiro Sosa)\" class=\"rl-gallery-link\" data-rl_caption=\"Dos Casas Met\u00e1licas \/ Mauricio Morra Arquitectos (\u00a9 Ramiro Sosa)\" data-rel=\"lightbox-gallery-3\"><img loading=\"lazy\" decoding=\"async\" width=\"150\" height=\"150\" src=\"https:\/\/www.arquimaster.com.ar\/web\/wp-content\/uploads\/2022\/07\/dos_casas_metalicas87-150x150.jpg\" class=\"attachment-thumbnail size-thumbnail\" alt=\"Dos Casas Met\u00e1licas \/ Mauricio Morra Arquitectos\" aria-describedby=\"gallery-3-71384\" \/><\/a>\n\t\t\t<\/div>\n\t\t\t\t<figcaption class='wp-caption-text gallery-caption' id='gallery-3-71384'>\n\t\t\t\tDos Casas Met\u00e1licas \/ Mauricio Morra Arquitectos (\u00a9 Ramiro Sosa)\n\t\t\t\t<\/figcaption><\/figure><figure class='gallery-item'>\n\t\t\t<div class='gallery-icon landscape'>\n\t\t\t\t<a href='https:\/\/www.arquimaster.com.ar\/web\/wp-content\/uploads\/2022\/07\/dos_casas_metalicas88.jpg' title=\"Dos Casas Met\u00e1licas \/ Mauricio Morra Arquitectos (\u00a9 Ramiro Sosa)\" data-rl_title=\"Dos Casas Met\u00e1licas \/ Mauricio Morra Arquitectos (\u00a9 Ramiro Sosa)\" class=\"rl-gallery-link\" data-rl_caption=\"Dos Casas Met\u00e1licas \/ Mauricio Morra Arquitectos (\u00a9 Ramiro Sosa)\" data-rel=\"lightbox-gallery-3\"><img loading=\"lazy\" decoding=\"async\" width=\"150\" height=\"150\" src=\"https:\/\/www.arquimaster.com.ar\/web\/wp-content\/uploads\/2022\/07\/dos_casas_metalicas88-150x150.jpg\" class=\"attachment-thumbnail size-thumbnail\" alt=\"Dos Casas Met\u00e1licas \/ Mauricio Morra Arquitectos\" aria-describedby=\"gallery-3-71385\" srcset=\"https:\/\/www.arquimaster.com.ar\/web\/wp-content\/uploads\/2022\/07\/dos_casas_metalicas88-150x150.jpg 150w, https:\/\/www.arquimaster.com.ar\/web\/wp-content\/uploads\/2022\/07\/dos_casas_metalicas88-768x768.jpg 768w, https:\/\/www.arquimaster.com.ar\/web\/wp-content\/uploads\/2022\/07\/dos_casas_metalicas88.jpg 1500w\" sizes=\"auto, (max-width: 150px) 100vw, 150px\" \/><\/a>\n\t\t\t<\/div>\n\t\t\t\t<figcaption class='wp-caption-text gallery-caption' id='gallery-3-71385'>\n\t\t\t\tDos Casas Met\u00e1licas \/ Mauricio Morra Arquitectos (\u00a9 Ramiro Sosa)\n\t\t\t\t<\/figcaption><\/figure><figure class='gallery-item'>\n\t\t\t<div class='gallery-icon portrait'>\n\t\t\t\t<a href='https:\/\/www.arquimaster.com.ar\/web\/wp-content\/uploads\/2022\/07\/dos_casas_metalicas89.jpg' title=\"Dos Casas Met\u00e1licas \/ Mauricio Morra Arquitectos (\u00a9 Ramiro Sosa)\" data-rl_title=\"Dos Casas Met\u00e1licas \/ Mauricio Morra Arquitectos (\u00a9 Ramiro Sosa)\" class=\"rl-gallery-link\" data-rl_caption=\"Dos Casas Met\u00e1licas \/ Mauricio Morra Arquitectos (\u00a9 Ramiro Sosa)\" data-rel=\"lightbox-gallery-3\"><img loading=\"lazy\" decoding=\"async\" width=\"150\" height=\"150\" src=\"https:\/\/www.arquimaster.com.ar\/web\/wp-content\/uploads\/2022\/07\/dos_casas_metalicas89-150x150.jpg\" class=\"attachment-thumbnail size-thumbnail\" alt=\"Dos Casas Met\u00e1licas \/ Mauricio Morra Arquitectos\" aria-describedby=\"gallery-3-71386\" \/><\/a>\n\t\t\t<\/div>\n\t\t\t\t<figcaption class='wp-caption-text gallery-caption' id='gallery-3-71386'>\n\t\t\t\tDos Casas Met\u00e1licas \/ Mauricio Morra Arquitectos (\u00a9 Ramiro Sosa)\n\t\t\t\t<\/figcaption><\/figure><figure class='gallery-item'>\n\t\t\t<div class='gallery-icon portrait'>\n\t\t\t\t<a href='https:\/\/www.arquimaster.com.ar\/web\/wp-content\/uploads\/2022\/07\/dos_casas_metalicas90.jpg' title=\"Dos Casas Met\u00e1licas \/ Mauricio Morra Arquitectos (\u00a9 Ramiro Sosa)\" data-rl_title=\"Dos Casas Met\u00e1licas \/ Mauricio Morra Arquitectos (\u00a9 Ramiro Sosa)\" class=\"rl-gallery-link\" data-rl_caption=\"Dos Casas Met\u00e1licas \/ Mauricio Morra Arquitectos (\u00a9 Ramiro Sosa)\" data-rel=\"lightbox-gallery-3\"><img loading=\"lazy\" decoding=\"async\" width=\"150\" height=\"150\" src=\"https:\/\/www.arquimaster.com.ar\/web\/wp-content\/uploads\/2022\/07\/dos_casas_metalicas90-150x150.jpg\" class=\"attachment-thumbnail size-thumbnail\" alt=\"Dos Casas Met\u00e1licas \/ Mauricio Morra Arquitectos\" aria-describedby=\"gallery-3-71387\" \/><\/a>\n\t\t\t<\/div>\n\t\t\t\t<figcaption class='wp-caption-text gallery-caption' id='gallery-3-71387'>\n\t\t\t\tDos Casas Met\u00e1licas \/ Mauricio Morra Arquitectos (\u00a9 Ramiro Sosa)\n\t\t\t\t<\/figcaption><\/figure><figure class='gallery-item'>\n\t\t\t<div class='gallery-icon landscape'>\n\t\t\t\t<a href='https:\/\/www.arquimaster.com.ar\/web\/wp-content\/uploads\/2022\/07\/dos_casas_metalicas91.jpg' title=\"Dos Casas Met\u00e1licas \/ Mauricio Morra Arquitectos (\u00a9 Ramiro Sosa)\" data-rl_title=\"Dos Casas Met\u00e1licas \/ Mauricio Morra Arquitectos (\u00a9 Ramiro Sosa)\" class=\"rl-gallery-link\" data-rl_caption=\"Dos Casas Met\u00e1licas \/ Mauricio Morra Arquitectos (\u00a9 Ramiro Sosa)\" data-rel=\"lightbox-gallery-3\"><img loading=\"lazy\" decoding=\"async\" width=\"150\" height=\"150\" src=\"https:\/\/www.arquimaster.com.ar\/web\/wp-content\/uploads\/2022\/07\/dos_casas_metalicas91-150x150.jpg\" class=\"attachment-thumbnail size-thumbnail\" alt=\"Dos Casas Met\u00e1licas \/ Mauricio Morra Arquitectos\" aria-describedby=\"gallery-3-71388\" \/><\/a>\n\t\t\t<\/div>\n\t\t\t\t<figcaption class='wp-caption-text gallery-caption' id='gallery-3-71388'>\n\t\t\t\tDos Casas Met\u00e1licas \/ Mauricio Morra Arquitectos (\u00a9 Ramiro Sosa)\n\t\t\t\t<\/figcaption><\/figure><figure class='gallery-item'>\n\t\t\t<div class='gallery-icon portrait'>\n\t\t\t\t<a href='https:\/\/www.arquimaster.com.ar\/web\/wp-content\/uploads\/2022\/07\/dos_casas_metalicas92.jpg' title=\"Dos Casas Met\u00e1licas \/ Mauricio Morra Arquitectos (\u00a9 Ramiro Sosa)\" data-rl_title=\"Dos Casas Met\u00e1licas \/ Mauricio Morra Arquitectos (\u00a9 Ramiro Sosa)\" class=\"rl-gallery-link\" data-rl_caption=\"Dos Casas Met\u00e1licas \/ Mauricio Morra Arquitectos (\u00a9 Ramiro Sosa)\" data-rel=\"lightbox-gallery-3\"><img loading=\"lazy\" decoding=\"async\" width=\"150\" height=\"150\" src=\"https:\/\/www.arquimaster.com.ar\/web\/wp-content\/uploads\/2022\/07\/dos_casas_metalicas92-150x150.jpg\" class=\"attachment-thumbnail size-thumbnail\" alt=\"Dos Casas Met\u00e1licas \/ Mauricio Morra Arquitectos\" aria-describedby=\"gallery-3-71389\" \/><\/a>\n\t\t\t<\/div>\n\t\t\t\t<figcaption class='wp-caption-text gallery-caption' id='gallery-3-71389'>\n\t\t\t\tDos Casas Met\u00e1licas \/ Mauricio Morra Arquitectos (\u00a9 Ramiro Sosa)\n\t\t\t\t<\/figcaption><\/figure><figure class='gallery-item'>\n\t\t\t<div class='gallery-icon landscape'>\n\t\t\t\t<a href='https:\/\/www.arquimaster.com.ar\/web\/wp-content\/uploads\/2022\/07\/dos_casas_metalicas93.jpg' title=\"Dos Casas Met\u00e1licas \/ Mauricio Morra Arquitectos (\u00a9 Ramiro Sosa)\" data-rl_title=\"Dos Casas Met\u00e1licas \/ Mauricio Morra Arquitectos (\u00a9 Ramiro Sosa)\" class=\"rl-gallery-link\" data-rl_caption=\"Dos Casas Met\u00e1licas \/ Mauricio Morra Arquitectos (\u00a9 Ramiro Sosa)\" data-rel=\"lightbox-gallery-3\"><img loading=\"lazy\" decoding=\"async\" width=\"150\" height=\"150\" src=\"https:\/\/www.arquimaster.com.ar\/web\/wp-content\/uploads\/2022\/07\/dos_casas_metalicas93-150x150.jpg\" class=\"attachment-thumbnail size-thumbnail\" alt=\"Dos Casas Met\u00e1licas \/ Mauricio Morra Arquitectos\" aria-describedby=\"gallery-3-71390\" \/><\/a>\n\t\t\t<\/div>\n\t\t\t\t<figcaption class='wp-caption-text gallery-caption' id='gallery-3-71390'>\n\t\t\t\tDos Casas Met\u00e1licas \/ Mauricio Morra Arquitectos (\u00a9 Ramiro Sosa)\n\t\t\t\t<\/figcaption><\/figure><figure class='gallery-item'>\n\t\t\t<div class='gallery-icon portrait'>\n\t\t\t\t<a href='https:\/\/www.arquimaster.com.ar\/web\/wp-content\/uploads\/2022\/07\/dos_casas_metalicas94.jpg' title=\"Dos Casas Met\u00e1licas \/ Mauricio Morra Arquitectos (\u00a9 Ramiro Sosa)\" data-rl_title=\"Dos Casas Met\u00e1licas \/ Mauricio Morra Arquitectos (\u00a9 Ramiro Sosa)\" class=\"rl-gallery-link\" data-rl_caption=\"Dos Casas Met\u00e1licas \/ Mauricio Morra Arquitectos (\u00a9 Ramiro Sosa)\" data-rel=\"lightbox-gallery-3\"><img loading=\"lazy\" decoding=\"async\" width=\"150\" height=\"150\" src=\"https:\/\/www.arquimaster.com.ar\/web\/wp-content\/uploads\/2022\/07\/dos_casas_metalicas94-150x150.jpg\" class=\"attachment-thumbnail size-thumbnail\" alt=\"Dos Casas Met\u00e1licas \/ Mauricio Morra Arquitectos\" aria-describedby=\"gallery-3-71391\" \/><\/a>\n\t\t\t<\/div>\n\t\t\t\t<figcaption class='wp-caption-text gallery-caption' id='gallery-3-71391'>\n\t\t\t\tDos Casas Met\u00e1licas \/ Mauricio Morra Arquitectos (\u00a9 Ramiro Sosa)\n\t\t\t\t<\/figcaption><\/figure><figure class='gallery-item'>\n\t\t\t<div class='gallery-icon portrait'>\n\t\t\t\t<a href='https:\/\/www.arquimaster.com.ar\/web\/wp-content\/uploads\/2022\/07\/dos_casas_metalicas95.jpg' title=\"Dos Casas Met\u00e1licas \/ Mauricio Morra Arquitectos (\u00a9 Ramiro Sosa)\" data-rl_title=\"Dos Casas Met\u00e1licas \/ Mauricio Morra Arquitectos (\u00a9 Ramiro Sosa)\" class=\"rl-gallery-link\" data-rl_caption=\"Dos Casas Met\u00e1licas \/ Mauricio Morra Arquitectos (\u00a9 Ramiro Sosa)\" data-rel=\"lightbox-gallery-3\"><img loading=\"lazy\" decoding=\"async\" width=\"150\" height=\"150\" src=\"https:\/\/www.arquimaster.com.ar\/web\/wp-content\/uploads\/2022\/07\/dos_casas_metalicas95-150x150.jpg\" class=\"attachment-thumbnail size-thumbnail\" alt=\"Dos Casas Met\u00e1licas \/ Mauricio Morra Arquitectos\" aria-describedby=\"gallery-3-71392\" \/><\/a>\n\t\t\t<\/div>\n\t\t\t\t<figcaption class='wp-caption-text gallery-caption' id='gallery-3-71392'>\n\t\t\t\tDos Casas Met\u00e1licas \/ Mauricio Morra Arquitectos (\u00a9 Ramiro Sosa)\n\t\t\t\t<\/figcaption><\/figure><figure class='gallery-item'>\n\t\t\t<div class='gallery-icon landscape'>\n\t\t\t\t<a href='https:\/\/www.arquimaster.com.ar\/web\/wp-content\/uploads\/2022\/07\/dos_casas_metalicas96.jpg' title=\"Dos Casas Met\u00e1licas \/ Mauricio Morra Arquitectos (planta baja)\" data-rl_title=\"Dos Casas Met\u00e1licas \/ Mauricio Morra Arquitectos (planta baja)\" class=\"rl-gallery-link\" data-rl_caption=\"Dos Casas Met\u00e1licas \/ Mauricio Morra Arquitectos (planta baja)\" data-rel=\"lightbox-gallery-3\"><img loading=\"lazy\" decoding=\"async\" width=\"150\" height=\"150\" src=\"https:\/\/www.arquimaster.com.ar\/web\/wp-content\/uploads\/2022\/07\/dos_casas_metalicas96-150x150.jpg\" class=\"attachment-thumbnail size-thumbnail\" alt=\"Dos Casas Met\u00e1licas \/ Mauricio Morra Arquitectos\" aria-describedby=\"gallery-3-71393\" \/><\/a>\n\t\t\t<\/div>\n\t\t\t\t<figcaption class='wp-caption-text gallery-caption' id='gallery-3-71393'>\n\t\t\t\tDos Casas Met\u00e1licas \/ Mauricio Morra Arquitectos (planta baja)\n\t\t\t\t<\/figcaption><\/figure><figure class='gallery-item'>\n\t\t\t<div class='gallery-icon landscape'>\n\t\t\t\t<a href='https:\/\/www.arquimaster.com.ar\/web\/wp-content\/uploads\/2022\/07\/dos_casas_metalicas97.jpg' title=\"Dos Casas Met\u00e1licas \/ Mauricio Morra Arquitectos (planta alta)\" data-rl_title=\"Dos Casas Met\u00e1licas \/ Mauricio Morra Arquitectos (planta alta)\" class=\"rl-gallery-link\" data-rl_caption=\"Dos Casas Met\u00e1licas \/ Mauricio Morra Arquitectos (planta alta)\" data-rel=\"lightbox-gallery-3\"><img loading=\"lazy\" decoding=\"async\" width=\"150\" height=\"150\" src=\"https:\/\/www.arquimaster.com.ar\/web\/wp-content\/uploads\/2022\/07\/dos_casas_metalicas97-150x150.jpg\" class=\"attachment-thumbnail size-thumbnail\" alt=\"Dos Casas Met\u00e1licas \/ Mauricio Morra Arquitectos\" aria-describedby=\"gallery-3-71394\" \/><\/a>\n\t\t\t<\/div>\n\t\t\t\t<figcaption class='wp-caption-text gallery-caption' id='gallery-3-71394'>\n\t\t\t\tDos Casas Met\u00e1licas \/ Mauricio Morra Arquitectos (planta alta)\n\t\t\t\t<\/figcaption><\/figure><figure class='gallery-item'>\n\t\t\t<div class='gallery-icon landscape'>\n\t\t\t\t<a href='https:\/\/www.arquimaster.com.ar\/web\/wp-content\/uploads\/2022\/07\/dos_casas_metalicas98.jpg' title=\"Dos Casas Met\u00e1licas \/ Mauricio Morra Arquitectos (planta de techos)\" data-rl_title=\"Dos Casas Met\u00e1licas \/ Mauricio Morra Arquitectos (planta de techos)\" class=\"rl-gallery-link\" data-rl_caption=\"Dos Casas Met\u00e1licas \/ Mauricio Morra Arquitectos (planta de techos)\" data-rel=\"lightbox-gallery-3\"><img loading=\"lazy\" decoding=\"async\" width=\"150\" height=\"150\" src=\"https:\/\/www.arquimaster.com.ar\/web\/wp-content\/uploads\/2022\/07\/dos_casas_metalicas98-150x150.jpg\" class=\"attachment-thumbnail size-thumbnail\" alt=\"Dos Casas Met\u00e1licas \/ Mauricio Morra Arquitectos\" aria-describedby=\"gallery-3-71395\" \/><\/a>\n\t\t\t<\/div>\n\t\t\t\t<figcaption class='wp-caption-text gallery-caption' id='gallery-3-71395'>\n\t\t\t\tDos Casas Met\u00e1licas \/ Mauricio Morra Arquitectos (planta de techos)\n\t\t\t\t<\/figcaption><\/figure><figure class='gallery-item'>\n\t\t\t<div class='gallery-icon landscape'>\n\t\t\t\t<a href='https:\/\/www.arquimaster.com.ar\/web\/wp-content\/uploads\/2022\/07\/dos_casas_metalicas99-scaled.jpg' title=\"Dos Casas Met\u00e1licas \/ Mauricio Morra Arquitectos (corte)\" data-rl_title=\"Dos Casas Met\u00e1licas \/ Mauricio Morra Arquitectos (corte)\" class=\"rl-gallery-link\" data-rl_caption=\"Dos Casas Met\u00e1licas \/ Mauricio Morra Arquitectos (corte)\" data-rel=\"lightbox-gallery-3\"><img loading=\"lazy\" decoding=\"async\" width=\"150\" height=\"150\" src=\"https:\/\/www.arquimaster.com.ar\/web\/wp-content\/uploads\/2022\/07\/dos_casas_metalicas99-150x150.jpg\" class=\"attachment-thumbnail size-thumbnail\" alt=\"Dos Casas Met\u00e1licas \/ Mauricio Morra Arquitectos\" aria-describedby=\"gallery-3-71396\" \/><\/a>\n\t\t\t<\/div>\n\t\t\t\t<figcaption class='wp-caption-text gallery-caption' id='gallery-3-71396'>\n\t\t\t\tDos Casas Met\u00e1licas \/ Mauricio Morra Arquitectos (corte)\n\t\t\t\t<\/figcaption><\/figure><figure class='gallery-item'>\n\t\t\t<div class='gallery-icon landscape'>\n\t\t\t\t<a href='https:\/\/www.arquimaster.com.ar\/web\/wp-content\/uploads\/2022\/07\/dos_casas_metalicas100-scaled.jpg' title=\"Dos Casas Met\u00e1licas \/ Mauricio Morra Arquitectos (corte)\" data-rl_title=\"Dos Casas Met\u00e1licas \/ Mauricio Morra Arquitectos (corte)\" class=\"rl-gallery-link\" data-rl_caption=\"Dos Casas Met\u00e1licas \/ Mauricio Morra Arquitectos (corte)\" data-rel=\"lightbox-gallery-3\"><img loading=\"lazy\" decoding=\"async\" width=\"150\" height=\"150\" src=\"https:\/\/www.arquimaster.com.ar\/web\/wp-content\/uploads\/2022\/07\/dos_casas_metalicas100-150x150.jpg\" class=\"attachment-thumbnail size-thumbnail\" alt=\"Dos Casas Met\u00e1licas \/ Mauricio Morra Arquitectos\" aria-describedby=\"gallery-3-71397\" \/><\/a>\n\t\t\t<\/div>\n\t\t\t\t<figcaption class='wp-caption-text gallery-caption' id='gallery-3-71397'>\n\t\t\t\tDos Casas Met\u00e1licas \/ Mauricio Morra Arquitectos (corte)\n\t\t\t\t<\/figcaption><\/figure><figure class='gallery-item'>\n\t\t\t<div class='gallery-icon landscape'>\n\t\t\t\t<a href='https:\/\/www.arquimaster.com.ar\/web\/wp-content\/uploads\/2022\/07\/dos_casas_metalicas101.jpg' title=\"Dos Casas Met\u00e1licas \/ Mauricio Morra Arquitectos (corte)\" data-rl_title=\"Dos Casas Met\u00e1licas \/ Mauricio Morra Arquitectos (corte)\" class=\"rl-gallery-link\" data-rl_caption=\"Dos Casas Met\u00e1licas \/ Mauricio Morra Arquitectos (corte)\" data-rel=\"lightbox-gallery-3\"><img loading=\"lazy\" decoding=\"async\" width=\"150\" height=\"150\" src=\"https:\/\/www.arquimaster.com.ar\/web\/wp-content\/uploads\/2022\/07\/dos_casas_metalicas101-150x150.jpg\" class=\"attachment-thumbnail size-thumbnail\" alt=\"Dos Casas Met\u00e1licas \/ Mauricio Morra Arquitectos\" aria-describedby=\"gallery-3-71398\" \/><\/a>\n\t\t\t<\/div>\n\t\t\t\t<figcaption class='wp-caption-text gallery-caption' id='gallery-3-71398'>\n\t\t\t\tDos Casas Met\u00e1licas \/ Mauricio Morra Arquitectos (corte)\n\t\t\t\t<\/figcaption><\/figure><figure class='gallery-item'>\n\t\t\t<div class='gallery-icon landscape'>\n\t\t\t\t<a href='https:\/\/www.arquimaster.com.ar\/web\/wp-content\/uploads\/2022\/07\/dos_casas_metalicas102.jpg' title=\"Dos Casas Met\u00e1licas \/ Mauricio Morra Arquitectos (corte)\" data-rl_title=\"Dos Casas Met\u00e1licas \/ Mauricio Morra Arquitectos (corte)\" class=\"rl-gallery-link\" data-rl_caption=\"Dos Casas Met\u00e1licas \/ Mauricio Morra Arquitectos (corte)\" data-rel=\"lightbox-gallery-3\"><img loading=\"lazy\" decoding=\"async\" width=\"150\" height=\"150\" src=\"https:\/\/www.arquimaster.com.ar\/web\/wp-content\/uploads\/2022\/07\/dos_casas_metalicas102-150x150.jpg\" class=\"attachment-thumbnail size-thumbnail\" alt=\"Dos Casas Met\u00e1licas \/ Mauricio Morra Arquitectos\" aria-describedby=\"gallery-3-71399\" \/><\/a>\n\t\t\t<\/div>\n\t\t\t\t<figcaption class='wp-caption-text gallery-caption' id='gallery-3-71399'>\n\t\t\t\tDos Casas Met\u00e1licas \/ Mauricio Morra Arquitectos (corte)\n\t\t\t\t<\/figcaption><\/figure><figure class='gallery-item'>\n\t\t\t<div class='gallery-icon landscape'>\n\t\t\t\t<a href='https:\/\/www.arquimaster.com.ar\/web\/wp-content\/uploads\/2022\/07\/dos_casas_metalicas103.jpg' title=\"Dos Casas Met\u00e1licas \/ Mauricio Morra Arquitectos (corte)\" data-rl_title=\"Dos Casas Met\u00e1licas \/ Mauricio Morra Arquitectos (corte)\" class=\"rl-gallery-link\" data-rl_caption=\"Dos Casas Met\u00e1licas \/ Mauricio Morra Arquitectos (corte)\" data-rel=\"lightbox-gallery-3\"><img loading=\"lazy\" decoding=\"async\" width=\"150\" height=\"150\" src=\"https:\/\/www.arquimaster.com.ar\/web\/wp-content\/uploads\/2022\/07\/dos_casas_metalicas103-150x150.jpg\" class=\"attachment-thumbnail size-thumbnail\" alt=\"Dos Casas Met\u00e1licas \/ Mauricio Morra Arquitectos\" aria-describedby=\"gallery-3-71400\" \/><\/a>\n\t\t\t<\/div>\n\t\t\t\t<figcaption class='wp-caption-text gallery-caption' id='gallery-3-71400'>\n\t\t\t\tDos Casas Met\u00e1licas \/ Mauricio Morra Arquitectos (corte)\n\t\t\t\t<\/figcaption><\/figure><figure class='gallery-item'>\n\t\t\t<div class='gallery-icon landscape'>\n\t\t\t\t<a href='https:\/\/www.arquimaster.com.ar\/web\/wp-content\/uploads\/2022\/07\/dos_casas_metalicas104.jpg' title=\"Dos Casas Met\u00e1licas \/ Mauricio Morra Arquitectos (vista)\" data-rl_title=\"Dos Casas Met\u00e1licas \/ Mauricio Morra Arquitectos (vista)\" class=\"rl-gallery-link\" data-rl_caption=\"Dos Casas Met\u00e1licas \/ Mauricio Morra Arquitectos (vista)\" data-rel=\"lightbox-gallery-3\"><img loading=\"lazy\" decoding=\"async\" width=\"150\" height=\"150\" src=\"https:\/\/www.arquimaster.com.ar\/web\/wp-content\/uploads\/2022\/07\/dos_casas_metalicas104-150x150.jpg\" class=\"attachment-thumbnail size-thumbnail\" alt=\"Dos Casas Met\u00e1licas \/ Mauricio Morra Arquitectos\" aria-describedby=\"gallery-3-71401\" \/><\/a>\n\t\t\t<\/div>\n\t\t\t\t<figcaption class='wp-caption-text gallery-caption' id='gallery-3-71401'>\n\t\t\t\tDos Casas Met\u00e1licas \/ Mauricio Morra Arquitectos (vista)\n\t\t\t\t<\/figcaption><\/figure><figure class='gallery-item'>\n\t\t\t<div class='gallery-icon landscape'>\n\t\t\t\t<a href='https:\/\/www.arquimaster.com.ar\/web\/wp-content\/uploads\/2022\/07\/dos_casas_metalicas105.jpg' title=\"Dos Casas Met\u00e1licas \/ Mauricio Morra Arquitectos (vista)\" data-rl_title=\"Dos Casas Met\u00e1licas \/ Mauricio Morra Arquitectos (vista)\" class=\"rl-gallery-link\" data-rl_caption=\"Dos Casas Met\u00e1licas \/ Mauricio Morra Arquitectos (vista)\" data-rel=\"lightbox-gallery-3\"><img loading=\"lazy\" decoding=\"async\" width=\"150\" height=\"150\" src=\"https:\/\/www.arquimaster.com.ar\/web\/wp-content\/uploads\/2022\/07\/dos_casas_metalicas105-150x150.jpg\" class=\"attachment-thumbnail size-thumbnail\" alt=\"Dos Casas Met\u00e1licas \/ Mauricio Morra Arquitectos\" aria-describedby=\"gallery-3-71402\" \/><\/a>\n\t\t\t<\/div>\n\t\t\t\t<figcaption class='wp-caption-text gallery-caption' id='gallery-3-71402'>\n\t\t\t\tDos Casas Met\u00e1licas \/ Mauricio Morra Arquitectos (vista)\n\t\t\t\t<\/figcaption><\/figure>\n\t\t<\/div>\n\n<p>Un patio de luz en planta alta acent\u00faa esta contingencia e integraci\u00f3n de espacios libres y cubiertos, con situaciones lum\u00ednicas y presencia de elementos naturales -cielo, luz, vegetaci\u00f3n- que favorecen una atm\u00f3sfera de sosiego.<\/p>\n<p>Debido a su configuraci\u00f3n topol\u00f3gica la propuesta incluye versatilidad de usos y flexibilidad para agregar futuras ampliaciones, sin corromper sus conceptos originales. En algunos de los m\u00f3dulos de dobles alturas -estar-comedor o galer\u00eda- se pueden agregar, de manera muy sencilla, entrepisos con tecnolog\u00edas en seco, dentro de la misma construcci\u00f3n.<\/p>\n\n\n<div style=\"height:20px\" aria-hidden=\"true\" class=\"wp-block-spacer\"><\/div>\n\n\n\n<p class=\"has-background\" style=\"background-color:#eaeaea\"><strong>Ficha t\u00e9cnica<\/strong><br>Nombre: Dos Casas Met\u00e1licas<br>Ubicaci\u00f3n: Calle Dr. E. Mahieu, Rafaela, Pcia. de Santa Fe, Argentina<br>Estudio: Mauricio Morra Arquitectos<br>Autor proyecto: Arq. Mauricio Morra<br>Colaboradores en proyecto: Arq. Valeria Alasia y Arq. Diego Degiovanni<br>C\u00e1lculos de estructuras: Ing. H\u00e9ctor M\u00f3naco<br>Direcci\u00f3n de obra: Mauricio Morra<br>Ejecuci\u00f3n estructura met\u00e1lica y revestimientos de aluminio: Metal\u00fargica Mosso<br>Ejecuci\u00f3n alba\u00f1iler\u00eda: Miguel Coria Construcciones<br>Ejecuci\u00f3n cerramientos en seco y pintura: Berra revestimientos y pintura<br>Aberturas de aluminio: JyM Aberturas<br>Amoblamientos fijos: Norly Equipamientos<br>Calefacci\u00f3n piso radiante: Barco Instalaciones<br>Artefactos para calefacci\u00f3n: PEISA<br>Paisajismo: Los Robles<br>Sanitarios, grifer\u00edas y porcelanatos: Lare SA<br>Sanitarios: ROCA SA<br>Grifer\u00edas: FV SA<br>Porcelanatos: ILVA SA<br>Artefactos de iluminaci\u00f3n: Iluminarte<br>Superficie obra: 214,41 m2<br>Fecha aprobaci\u00f3n reglamentaria proyecto: Junio 2019<br>Fecha inicio obra: Septiembre 2019<br>Fecha finalizaci\u00f3n obra: Febrero 2022<br>Fotograf\u00edas: <a href=\"https:\/\/www.instagram.com\/ramirososafotografia\/\" target=\"_blank\" rel=\"noreferrer noopener\">Ramiro Sosa<\/a><br><br><strong>Contacto<\/strong><br>Instagram: @mauricio.morra.arquitectos<\/p>\n\n\n\n<div style=\"height:40px\" aria-hidden=\"true\" class=\"wp-block-spacer\"><\/div>\n\n\n<p><strong><em>English version<\/em><\/strong><\/p>\n<p><em>The&nbsp;Two Metallic Houses&nbsp;are located on a corner lot of 12 x 30 meters, in a neighborhood on the eastern outskirts of the city of Rafaela, province of Santa Fe, Argentina. The corner situation is used to generate income on its longest north side, and prioritize both houses.<\/em><\/p>\n<p><em>The proposal avoids common spaces, which meant higher construction and maintenance costs. The land was divided exactly in half, leaving the entire built and free private surface -with its own patios-, except for the obligatory North retreat that has remained as a semi-public garden.<\/em><\/p>\n<p><em>Both houses are identical 2-bedroom duplexes (one accessible bedroom and bathroom on the ground floor and one on the ground floor). They are supported by south and west dividing walls with services, and taking advantage of the best east and north orientations for lighting, sunlight and ventilation.<\/em><\/p>\n<p><em>Its structure is metallic and modulated, with double UPN profiles, plus square and rectangular tubes. The openings and outer shells are made of aluminum (vertical rectangular tubes placed face or edge). These main components -structure, envelopes and openings- merge into a unified and integrated expression, fulfilling multiple roles: climate control, lighting, visuals, privacy, security, with very low maintenance. Regarding the interior, the partitioning is solved with dry technologies.<\/em><\/p>\n<p><em>They have double-height galleries facing East, operating as a transition between the interior (stay rooms where the double-height living-dining room stands out) and the exterior (expansion patios). There is a close relationship, synergy and spatial fluidity between these three categories -interior-transition-exterior-. A light patio on the upper floor accentuates this contingency and integration of free and covered spaces, with light situations and the presence of natural elements -sky, light, vegetation- that favor an atmosphere of calm.<\/em><\/p>\n<p><em>Due to its topological configuration, the proposal includes versatility of uses and flexibility to add future extensions, without corrupting its original concepts. In some of the double-height modules -living-dining room or gallery- mezzanines with dry technologies can be added very simply, within the same construction.<\/em><\/p>\n<div style=\"font-size: 0px; height: 0px; line-height: 0px; margin: 0; padding: 0; clear: both;\"><\/div><div style=\"margin-top: 0px; margin-bottom: 0px;\" class=\"sharethis-inline-share-buttons\" ><\/div>","protected":false},"excerpt":{"rendered":"<p>Sus componentes principales se funden en una expresi\u00f3n unificada e integrada&#8230;<\/p>\n","protected":false},"author":1,"featured_media":71297,"comment_status":"closed","ping_status":"closed","sticky":false,"template":"","format":"standard","meta":{"_uag_custom_page_level_css":"","footnotes":""},"categories":[1,83],"tags":[14,4282,7479,979,3130,7478,7477,1488,3281,29,7480,7482,6889],"class_list":["post-71296","post","type-post","status-publish","format-standard","has-post-thumbnail","hentry","category-proyecto","category-vivienda-unifamiliar","tag-argentina","tag-arquitectura-residencial","tag-diego-degiovanni","tag-duplex","tag-estructuras-metalicas","tag-mauricio-morra","tag-mauricio-morra-arquitectos","tag-ph","tag-rafaela","tag-santa-fe","tag-valeria-alasia","tag-vivienda-en-duplex","tag-vivienda-ph","generate-columns","tablet-grid-50","mobile-grid-100","grid-parent","grid-50"],"yoast_head":"<!-- This site is optimized with the Yoast SEO plugin v27.3 - https:\/\/yoast.com\/product\/yoast-seo-wordpress\/ -->\n<title>Dos Casas Met\u00e1licas \/ Mauricio Morra Arquitectos - Arquimaster<\/title>\n<meta name=\"description\" content=\"Sus componentes principales -estructura, envolventes y aberturas- se funden en una expresi\u00f3n unificada e integrada, cumpliendo m\u00faltiples roles: control clim\u00e1tico, lum\u00ednico, visuales, intimidad, seguridad.\" \/>\n<meta name=\"robots\" content=\"index, follow, max-snippet:-1, max-image-preview:large, max-video-preview:-1\" \/>\n<link rel=\"canonical\" href=\"https:\/\/www.arquimaster.com.ar\/web\/dos-casas-metalicas-mauricio-morra-arquitectos\/\" \/>\n<meta property=\"og:locale\" content=\"es_ES\" \/>\n<meta property=\"og:type\" content=\"article\" \/>\n<meta property=\"og:title\" content=\"Dos Casas Met\u00e1licas \/ Mauricio Morra Arquitectos\" \/>\n<meta property=\"og:description\" content=\"Sus componentes principales -estructura, envolventes y aberturas- se funden en una expresi\u00f3n unificada e integrada, cumpliendo m\u00faltiples roles: control clim\u00e1tico, lum\u00ednico, visuales, intimidad, seguridad.\" \/>\n<meta property=\"og:url\" content=\"https:\/\/www.arquimaster.com.ar\/web\/dos-casas-metalicas-mauricio-morra-arquitectos\/\" \/>\n<meta property=\"og:site_name\" content=\"Arquimaster\" \/>\n<meta property=\"article:publisher\" content=\"http:\/\/www.facebook.com\/ARQUIMASTER.com.ar\" \/>\n<meta property=\"article:published_time\" content=\"2022-07-09T04:29:01+00:00\" \/>\n<meta property=\"article:modified_time\" content=\"2022-12-27T18:08:16+00:00\" \/>\n<meta property=\"og:image\" content=\"https:\/\/www.arquimaster.com.ar\/web\/wp-content\/uploads\/2022\/07\/dos_casas_metalicas_slide.jpg\" \/>\n\t<meta property=\"og:image:width\" content=\"698\" \/>\n\t<meta property=\"og:image:height\" content=\"364\" \/>\n\t<meta property=\"og:image:type\" content=\"image\/jpeg\" \/>\n<meta name=\"author\" content=\"Arquimaster\" \/>\n<meta name=\"twitter:card\" content=\"summary_large_image\" \/>\n<meta name=\"twitter:title\" content=\"Dos Casas Met\u00e1licas \/ Mauricio Morra Arquitectos\" \/>\n<meta name=\"twitter:description\" content=\"Sus componentes principales -estructura, envolventes y aberturas- se funden en una expresi\u00f3n unificada e integrada, cumpliendo m\u00faltiples roles: control clim\u00e1tico, lum\u00ednico, visuales, intimidad, seguridad.\" \/>\n<meta name=\"twitter:image\" content=\"https:\/\/www.arquimaster.com.ar\/web\/wp-content\/uploads\/2022\/07\/dos_casas_metalicas_slide.jpg\" \/>\n<meta name=\"twitter:creator\" content=\"@arquimaster\" \/>\n<meta name=\"twitter:site\" content=\"@arquimaster\" \/>\n<meta name=\"twitter:label1\" content=\"Escrito por\" \/>\n\t<meta name=\"twitter:data1\" content=\"Arquimaster\" \/>\n\t<meta name=\"twitter:label2\" content=\"Tiempo de lectura\" \/>\n\t<meta name=\"twitter:data2\" content=\"4 minutos\" \/>\n<script type=\"application\/ld+json\" class=\"yoast-schema-graph\">{\"@context\":\"https:\\\/\\\/schema.org\",\"@graph\":[{\"@type\":\"Article\",\"@id\":\"https:\\\/\\\/www.arquimaster.com.ar\\\/web\\\/dos-casas-metalicas-mauricio-morra-arquitectos\\\/#article\",\"isPartOf\":{\"@id\":\"https:\\\/\\\/www.arquimaster.com.ar\\\/web\\\/dos-casas-metalicas-mauricio-morra-arquitectos\\\/\"},\"author\":{\"name\":\"Arquimaster\",\"@id\":\"https:\\\/\\\/www.arquimaster.com.ar\\\/web\\\/#\\\/schema\\\/person\\\/359e9f7c00193fcde068e0dd2ceb0028\"},\"headline\":\"Dos Casas Met\u00e1licas \\\/ Mauricio Morra Arquitectos\",\"datePublished\":\"2022-07-09T04:29:01+00:00\",\"dateModified\":\"2022-12-27T18:08:16+00:00\",\"mainEntityOfPage\":{\"@id\":\"https:\\\/\\\/www.arquimaster.com.ar\\\/web\\\/dos-casas-metalicas-mauricio-morra-arquitectos\\\/\"},\"wordCount\":872,\"publisher\":{\"@id\":\"https:\\\/\\\/www.arquimaster.com.ar\\\/web\\\/#organization\"},\"image\":{\"@id\":\"https:\\\/\\\/www.arquimaster.com.ar\\\/web\\\/dos-casas-metalicas-mauricio-morra-arquitectos\\\/#primaryimage\"},\"thumbnailUrl\":\"https:\\\/\\\/www.arquimaster.com.ar\\\/web\\\/wp-content\\\/uploads\\\/2022\\\/07\\\/dos_casas_metalicas_slide.jpg\",\"keywords\":[\"Argentina\",\"arquitectura residencial\",\"Diego Degiovanni\",\"duplex\",\"estructuras metalicas\",\"Mauricio Morra\",\"Mauricio Morra Arquitectos\",\"PH\",\"Rafaela\",\"Santa Fe\",\"Valeria Alasia\",\"vivienda en duplex\",\"vivienda PH\"],\"articleSection\":[\"Proyecto\",\"Vivienda unifamiliar y PH\"],\"inLanguage\":\"es\"},{\"@type\":\"WebPage\",\"@id\":\"https:\\\/\\\/www.arquimaster.com.ar\\\/web\\\/dos-casas-metalicas-mauricio-morra-arquitectos\\\/\",\"url\":\"https:\\\/\\\/www.arquimaster.com.ar\\\/web\\\/dos-casas-metalicas-mauricio-morra-arquitectos\\\/\",\"name\":\"Dos Casas Met\u00e1licas \\\/ Mauricio Morra Arquitectos - Arquimaster\",\"isPartOf\":{\"@id\":\"https:\\\/\\\/www.arquimaster.com.ar\\\/web\\\/#website\"},\"primaryImageOfPage\":{\"@id\":\"https:\\\/\\\/www.arquimaster.com.ar\\\/web\\\/dos-casas-metalicas-mauricio-morra-arquitectos\\\/#primaryimage\"},\"image\":{\"@id\":\"https:\\\/\\\/www.arquimaster.com.ar\\\/web\\\/dos-casas-metalicas-mauricio-morra-arquitectos\\\/#primaryimage\"},\"thumbnailUrl\":\"https:\\\/\\\/www.arquimaster.com.ar\\\/web\\\/wp-content\\\/uploads\\\/2022\\\/07\\\/dos_casas_metalicas_slide.jpg\",\"datePublished\":\"2022-07-09T04:29:01+00:00\",\"dateModified\":\"2022-12-27T18:08:16+00:00\",\"description\":\"Sus componentes principales -estructura, envolventes y aberturas- se funden en una expresi\u00f3n unificada e integrada, cumpliendo m\u00faltiples roles: control clim\u00e1tico, lum\u00ednico, visuales, intimidad, seguridad.\",\"breadcrumb\":{\"@id\":\"https:\\\/\\\/www.arquimaster.com.ar\\\/web\\\/dos-casas-metalicas-mauricio-morra-arquitectos\\\/#breadcrumb\"},\"inLanguage\":\"es\",\"potentialAction\":[{\"@type\":\"ReadAction\",\"target\":[\"https:\\\/\\\/www.arquimaster.com.ar\\\/web\\\/dos-casas-metalicas-mauricio-morra-arquitectos\\\/\"]}]},{\"@type\":\"ImageObject\",\"inLanguage\":\"es\",\"@id\":\"https:\\\/\\\/www.arquimaster.com.ar\\\/web\\\/dos-casas-metalicas-mauricio-morra-arquitectos\\\/#primaryimage\",\"url\":\"https:\\\/\\\/www.arquimaster.com.ar\\\/web\\\/wp-content\\\/uploads\\\/2022\\\/07\\\/dos_casas_metalicas_slide.jpg\",\"contentUrl\":\"https:\\\/\\\/www.arquimaster.com.ar\\\/web\\\/wp-content\\\/uploads\\\/2022\\\/07\\\/dos_casas_metalicas_slide.jpg\",\"width\":698,\"height\":364,\"caption\":\"Dos Casas Met\u00e1licas \\\/ Mauricio Morra Arquitectos\"},{\"@type\":\"BreadcrumbList\",\"@id\":\"https:\\\/\\\/www.arquimaster.com.ar\\\/web\\\/dos-casas-metalicas-mauricio-morra-arquitectos\\\/#breadcrumb\",\"itemListElement\":[{\"@type\":\"ListItem\",\"position\":1,\"name\":\"Portada\",\"item\":\"https:\\\/\\\/www.arquimaster.com.ar\\\/web\\\/\"},{\"@type\":\"ListItem\",\"position\":2,\"name\":\"Dos Casas Met\u00e1licas \\\/ Mauricio Morra Arquitectos\"}]},{\"@type\":\"WebSite\",\"@id\":\"https:\\\/\\\/www.arquimaster.com.ar\\\/web\\\/#website\",\"url\":\"https:\\\/\\\/www.arquimaster.com.ar\\\/web\\\/\",\"name\":\"Arquimaster\",\"description\":\"Web de arquitectura, dise\u00f1o y construccion\",\"publisher\":{\"@id\":\"https:\\\/\\\/www.arquimaster.com.ar\\\/web\\\/#organization\"},\"potentialAction\":[{\"@type\":\"SearchAction\",\"target\":{\"@type\":\"EntryPoint\",\"urlTemplate\":\"https:\\\/\\\/www.arquimaster.com.ar\\\/web\\\/?s={search_term_string}\"},\"query-input\":{\"@type\":\"PropertyValueSpecification\",\"valueRequired\":true,\"valueName\":\"search_term_string\"}}],\"inLanguage\":\"es\"},{\"@type\":\"Organization\",\"@id\":\"https:\\\/\\\/www.arquimaster.com.ar\\\/web\\\/#organization\",\"name\":\"Arquimaster\",\"url\":\"https:\\\/\\\/www.arquimaster.com.ar\\\/web\\\/\",\"logo\":{\"@type\":\"ImageObject\",\"inLanguage\":\"es\",\"@id\":\"https:\\\/\\\/www.arquimaster.com.ar\\\/web\\\/#\\\/schema\\\/logo\\\/image\\\/\",\"url\":\"https:\\\/\\\/www.arquimaster.com.ar\\\/web\\\/wp-content\\\/uploads\\\/2022\\\/06\\\/arquimaster.png\",\"contentUrl\":\"https:\\\/\\\/www.arquimaster.com.ar\\\/web\\\/wp-content\\\/uploads\\\/2022\\\/06\\\/arquimaster.png\",\"width\":594,\"height\":78,\"caption\":\"Arquimaster\"},\"image\":{\"@id\":\"https:\\\/\\\/www.arquimaster.com.ar\\\/web\\\/#\\\/schema\\\/logo\\\/image\\\/\"},\"sameAs\":[\"http:\\\/\\\/www.facebook.com\\\/ARQUIMASTER.com.ar\",\"https:\\\/\\\/x.com\\\/arquimaster\",\"https:\\\/\\\/www.instagram.com\\\/arquimasterblog\\\/\",\"https:\\\/\\\/www.linkedin.com\\\/company\\\/arquimaster\",\"https:\\\/\\\/www.pinterest.com\\\/arquimaster\",\"https:\\\/\\\/t.me\\\/arquimaster\"]},{\"@type\":\"Person\",\"@id\":\"https:\\\/\\\/www.arquimaster.com.ar\\\/web\\\/#\\\/schema\\\/person\\\/359e9f7c00193fcde068e0dd2ceb0028\",\"name\":\"Arquimaster\"}]}<\/script>\n<!-- \/ Yoast SEO plugin. -->","yoast_head_json":{"title":"Dos Casas Met\u00e1licas \/ Mauricio Morra Arquitectos - Arquimaster","description":"Sus componentes principales -estructura, envolventes y aberturas- se funden en una expresi\u00f3n unificada e integrada, cumpliendo m\u00faltiples roles: control clim\u00e1tico, lum\u00ednico, visuales, intimidad, seguridad.","robots":{"index":"index","follow":"follow","max-snippet":"max-snippet:-1","max-image-preview":"max-image-preview:large","max-video-preview":"max-video-preview:-1"},"canonical":"https:\/\/www.arquimaster.com.ar\/web\/dos-casas-metalicas-mauricio-morra-arquitectos\/","og_locale":"es_ES","og_type":"article","og_title":"Dos Casas Met\u00e1licas \/ Mauricio Morra Arquitectos","og_description":"Sus componentes principales -estructura, envolventes y aberturas- se funden en una expresi\u00f3n unificada e integrada, cumpliendo m\u00faltiples roles: control clim\u00e1tico, lum\u00ednico, visuales, intimidad, seguridad.","og_url":"https:\/\/www.arquimaster.com.ar\/web\/dos-casas-metalicas-mauricio-morra-arquitectos\/","og_site_name":"Arquimaster","article_publisher":"http:\/\/www.facebook.com\/ARQUIMASTER.com.ar","article_published_time":"2022-07-09T04:29:01+00:00","article_modified_time":"2022-12-27T18:08:16+00:00","og_image":[{"width":698,"height":364,"url":"https:\/\/www.arquimaster.com.ar\/web\/wp-content\/uploads\/2022\/07\/dos_casas_metalicas_slide.jpg","type":"image\/jpeg"}],"author":"Arquimaster","twitter_card":"summary_large_image","twitter_title":"Dos Casas Met\u00e1licas \/ Mauricio Morra Arquitectos","twitter_description":"Sus componentes principales -estructura, envolventes y aberturas- se funden en una expresi\u00f3n unificada e integrada, cumpliendo m\u00faltiples roles: control clim\u00e1tico, lum\u00ednico, visuales, intimidad, seguridad.","twitter_image":"https:\/\/www.arquimaster.com.ar\/web\/wp-content\/uploads\/2022\/07\/dos_casas_metalicas_slide.jpg","twitter_creator":"@arquimaster","twitter_site":"@arquimaster","twitter_misc":{"Escrito por":"Arquimaster","Tiempo de lectura":"4 minutos"},"schema":{"@context":"https:\/\/schema.org","@graph":[{"@type":"Article","@id":"https:\/\/www.arquimaster.com.ar\/web\/dos-casas-metalicas-mauricio-morra-arquitectos\/#article","isPartOf":{"@id":"https:\/\/www.arquimaster.com.ar\/web\/dos-casas-metalicas-mauricio-morra-arquitectos\/"},"author":{"name":"Arquimaster","@id":"https:\/\/www.arquimaster.com.ar\/web\/#\/schema\/person\/359e9f7c00193fcde068e0dd2ceb0028"},"headline":"Dos Casas Met\u00e1licas \/ Mauricio Morra Arquitectos","datePublished":"2022-07-09T04:29:01+00:00","dateModified":"2022-12-27T18:08:16+00:00","mainEntityOfPage":{"@id":"https:\/\/www.arquimaster.com.ar\/web\/dos-casas-metalicas-mauricio-morra-arquitectos\/"},"wordCount":872,"publisher":{"@id":"https:\/\/www.arquimaster.com.ar\/web\/#organization"},"image":{"@id":"https:\/\/www.arquimaster.com.ar\/web\/dos-casas-metalicas-mauricio-morra-arquitectos\/#primaryimage"},"thumbnailUrl":"https:\/\/www.arquimaster.com.ar\/web\/wp-content\/uploads\/2022\/07\/dos_casas_metalicas_slide.jpg","keywords":["Argentina","arquitectura residencial","Diego Degiovanni","duplex","estructuras metalicas","Mauricio Morra","Mauricio Morra Arquitectos","PH","Rafaela","Santa Fe","Valeria Alasia","vivienda en duplex","vivienda PH"],"articleSection":["Proyecto","Vivienda unifamiliar y PH"],"inLanguage":"es"},{"@type":"WebPage","@id":"https:\/\/www.arquimaster.com.ar\/web\/dos-casas-metalicas-mauricio-morra-arquitectos\/","url":"https:\/\/www.arquimaster.com.ar\/web\/dos-casas-metalicas-mauricio-morra-arquitectos\/","name":"Dos Casas Met\u00e1licas \/ Mauricio Morra Arquitectos - Arquimaster","isPartOf":{"@id":"https:\/\/www.arquimaster.com.ar\/web\/#website"},"primaryImageOfPage":{"@id":"https:\/\/www.arquimaster.com.ar\/web\/dos-casas-metalicas-mauricio-morra-arquitectos\/#primaryimage"},"image":{"@id":"https:\/\/www.arquimaster.com.ar\/web\/dos-casas-metalicas-mauricio-morra-arquitectos\/#primaryimage"},"thumbnailUrl":"https:\/\/www.arquimaster.com.ar\/web\/wp-content\/uploads\/2022\/07\/dos_casas_metalicas_slide.jpg","datePublished":"2022-07-09T04:29:01+00:00","dateModified":"2022-12-27T18:08:16+00:00","description":"Sus componentes principales -estructura, envolventes y aberturas- se funden en una expresi\u00f3n unificada e integrada, cumpliendo m\u00faltiples roles: control clim\u00e1tico, lum\u00ednico, visuales, intimidad, seguridad.","breadcrumb":{"@id":"https:\/\/www.arquimaster.com.ar\/web\/dos-casas-metalicas-mauricio-morra-arquitectos\/#breadcrumb"},"inLanguage":"es","potentialAction":[{"@type":"ReadAction","target":["https:\/\/www.arquimaster.com.ar\/web\/dos-casas-metalicas-mauricio-morra-arquitectos\/"]}]},{"@type":"ImageObject","inLanguage":"es","@id":"https:\/\/www.arquimaster.com.ar\/web\/dos-casas-metalicas-mauricio-morra-arquitectos\/#primaryimage","url":"https:\/\/www.arquimaster.com.ar\/web\/wp-content\/uploads\/2022\/07\/dos_casas_metalicas_slide.jpg","contentUrl":"https:\/\/www.arquimaster.com.ar\/web\/wp-content\/uploads\/2022\/07\/dos_casas_metalicas_slide.jpg","width":698,"height":364,"caption":"Dos Casas Met\u00e1licas \/ Mauricio Morra Arquitectos"},{"@type":"BreadcrumbList","@id":"https:\/\/www.arquimaster.com.ar\/web\/dos-casas-metalicas-mauricio-morra-arquitectos\/#breadcrumb","itemListElement":[{"@type":"ListItem","position":1,"name":"Portada","item":"https:\/\/www.arquimaster.com.ar\/web\/"},{"@type":"ListItem","position":2,"name":"Dos Casas Met\u00e1licas \/ Mauricio Morra Arquitectos"}]},{"@type":"WebSite","@id":"https:\/\/www.arquimaster.com.ar\/web\/#website","url":"https:\/\/www.arquimaster.com.ar\/web\/","name":"Arquimaster","description":"Web de arquitectura, dise\u00f1o y construccion","publisher":{"@id":"https:\/\/www.arquimaster.com.ar\/web\/#organization"},"potentialAction":[{"@type":"SearchAction","target":{"@type":"EntryPoint","urlTemplate":"https:\/\/www.arquimaster.com.ar\/web\/?s={search_term_string}"},"query-input":{"@type":"PropertyValueSpecification","valueRequired":true,"valueName":"search_term_string"}}],"inLanguage":"es"},{"@type":"Organization","@id":"https:\/\/www.arquimaster.com.ar\/web\/#organization","name":"Arquimaster","url":"https:\/\/www.arquimaster.com.ar\/web\/","logo":{"@type":"ImageObject","inLanguage":"es","@id":"https:\/\/www.arquimaster.com.ar\/web\/#\/schema\/logo\/image\/","url":"https:\/\/www.arquimaster.com.ar\/web\/wp-content\/uploads\/2022\/06\/arquimaster.png","contentUrl":"https:\/\/www.arquimaster.com.ar\/web\/wp-content\/uploads\/2022\/06\/arquimaster.png","width":594,"height":78,"caption":"Arquimaster"},"image":{"@id":"https:\/\/www.arquimaster.com.ar\/web\/#\/schema\/logo\/image\/"},"sameAs":["http:\/\/www.facebook.com\/ARQUIMASTER.com.ar","https:\/\/x.com\/arquimaster","https:\/\/www.instagram.com\/arquimasterblog\/","https:\/\/www.linkedin.com\/company\/arquimaster","https:\/\/www.pinterest.com\/arquimaster","https:\/\/t.me\/arquimaster"]},{"@type":"Person","@id":"https:\/\/www.arquimaster.com.ar\/web\/#\/schema\/person\/359e9f7c00193fcde068e0dd2ceb0028","name":"Arquimaster"}]}},"uagb_featured_image_src":{"full":["https:\/\/www.arquimaster.com.ar\/web\/wp-content\/uploads\/2022\/07\/dos_casas_metalicas_slide.jpg",698,364,false],"thumbnail":["https:\/\/www.arquimaster.com.ar\/web\/wp-content\/uploads\/2022\/07\/dos_casas_metalicas_slide-150x150.jpg",150,150,true],"medium":["https:\/\/www.arquimaster.com.ar\/web\/wp-content\/uploads\/2022\/07\/dos_casas_metalicas_slide.jpg",698,364,false],"medium_large":["https:\/\/www.arquimaster.com.ar\/web\/wp-content\/uploads\/2022\/07\/dos_casas_metalicas_slide.jpg",698,364,false],"large":["https:\/\/www.arquimaster.com.ar\/web\/wp-content\/uploads\/2022\/07\/dos_casas_metalicas_slide.jpg",698,364,false],"1536x1536":["https:\/\/www.arquimaster.com.ar\/web\/wp-content\/uploads\/2022\/07\/dos_casas_metalicas_slide.jpg",698,364,false],"2048x2048":["https:\/\/www.arquimaster.com.ar\/web\/wp-content\/uploads\/2022\/07\/dos_casas_metalicas_slide.jpg",698,364,false]},"uagb_author_info":{"display_name":"Arquimaster","author_link":"https:\/\/www.arquimaster.com.ar\/web\/author\/arquimaster\/"},"uagb_comment_info":0,"uagb_excerpt":"Sus componentes principales se funden en una expresi\u00f3n unificada e integrada...","_links":{"self":[{"href":"https:\/\/www.arquimaster.com.ar\/web\/wp-json\/wp\/v2\/posts\/71296","targetHints":{"allow":["GET"]}}],"collection":[{"href":"https:\/\/www.arquimaster.com.ar\/web\/wp-json\/wp\/v2\/posts"}],"about":[{"href":"https:\/\/www.arquimaster.com.ar\/web\/wp-json\/wp\/v2\/types\/post"}],"author":[{"embeddable":true,"href":"https:\/\/www.arquimaster.com.ar\/web\/wp-json\/wp\/v2\/users\/1"}],"replies":[{"embeddable":true,"href":"https:\/\/www.arquimaster.com.ar\/web\/wp-json\/wp\/v2\/comments?post=71296"}],"version-history":[{"count":2,"href":"https:\/\/www.arquimaster.com.ar\/web\/wp-json\/wp\/v2\/posts\/71296\/revisions"}],"predecessor-version":[{"id":73955,"href":"https:\/\/www.arquimaster.com.ar\/web\/wp-json\/wp\/v2\/posts\/71296\/revisions\/73955"}],"wp:featuredmedia":[{"embeddable":true,"href":"https:\/\/www.arquimaster.com.ar\/web\/wp-json\/wp\/v2\/media\/71297"}],"wp:attachment":[{"href":"https:\/\/www.arquimaster.com.ar\/web\/wp-json\/wp\/v2\/media?parent=71296"}],"wp:term":[{"taxonomy":"category","embeddable":true,"href":"https:\/\/www.arquimaster.com.ar\/web\/wp-json\/wp\/v2\/categories?post=71296"},{"taxonomy":"post_tag","embeddable":true,"href":"https:\/\/www.arquimaster.com.ar\/web\/wp-json\/wp\/v2\/tags?post=71296"}],"curies":[{"name":"wp","href":"https:\/\/api.w.org\/{rel}","templated":true}]}}