{"id":71448,"date":"2022-07-16T00:36:48","date_gmt":"2022-07-16T03:36:48","guid":{"rendered":"https:\/\/www.arquimaster.com.ar\/web\/?p=71448"},"modified":"2023-01-03T18:35:12","modified_gmt":"2023-01-03T21:35:12","slug":"departamento-bc1-artch","status":"publish","type":"post","link":"https:\/\/www.arquimaster.com.ar\/web\/departamento-bc1-artch\/","title":{"rendered":"Departamento BC1 \/ ARTCH"},"content":{"rendered":"<div style=\"margin-top: 0px; margin-bottom: 0px;\" class=\"sharethis-inline-share-buttons\" ><\/div><div class=\"b812932af2e751442846f039925109de\" data-index=\"1\" style=\"float: none; margin:25px 0 25px 0; text-align:center;\">\n<script async src=\"https:\/\/pagead2.googlesyndication.com\/pagead\/js\/adsbygoogle.js\"><\/script>\r\n<!-- Arquimaster (superior) -->\r\n<ins class=\"adsbygoogle\"\r\n     style=\"display:block\"\r\n     data-ad-client=\"ca-pub-6351072698456832\"\r\n     data-ad-slot=\"6455489680\"\r\n     data-ad-format=\"auto\"\r\n     data-full-width-responsive=\"true\"><\/ins>\r\n<script>\r\n     (adsbygoogle = window.adsbygoogle || []).push({});\r\n<\/script>\n<\/div>\n<p><strong>Departamento BC1<\/strong> (Canc\u00fan, Quintana Roo, M\u00e9xico) por <strong>ARTCH<\/strong>. Cuando se recorre este proyecto se descubre una historia que es evidente, pero requiere de la atenci\u00f3n a los diferentes detalles para develarla. El espacio social es el coraz\u00f3n de todos los ambientes y su principal objetivo es ser el punto de reuni\u00f3n e integraci\u00f3n de la familia.<\/p>\n<div id='gallery-1' class='gallery galleryid-71448 gallery-columns-3 gallery-size-thumbnail'><figure class='gallery-item'>\n\t\t\t<div class='gallery-icon landscape'>\n\t\t\t\t<a href='https:\/\/www.arquimaster.com.ar\/web\/wp-content\/uploads\/2022\/07\/departamento_bc1_1.jpg' title=\"Departamento BC1 \/ ARTCH (\u00a9 Santiago Heyser)\" data-rl_title=\"Departamento BC1 \/ ARTCH (\u00a9 Santiago Heyser)\" class=\"rl-gallery-link\" data-rl_caption=\"Departamento BC1 \/ ARTCH (\u00a9 Santiago Heyser)\" data-rel=\"lightbox-gallery-1\"><img loading=\"lazy\" decoding=\"async\" width=\"150\" height=\"150\" src=\"https:\/\/www.arquimaster.com.ar\/web\/wp-content\/uploads\/2022\/07\/departamento_bc1_1-150x150.jpg\" class=\"attachment-thumbnail size-thumbnail\" alt=\"Departamento BC1 \/ ARTCH\" aria-describedby=\"gallery-1-71450\" \/><\/a>\n\t\t\t<\/div>\n\t\t\t\t<figcaption class='wp-caption-text gallery-caption' id='gallery-1-71450'>\n\t\t\t\tDepartamento BC1 \/ ARTCH (\u00a9 Santiago Heyser)\n\t\t\t\t<\/figcaption><\/figure><figure class='gallery-item'>\n\t\t\t<div class='gallery-icon portrait'>\n\t\t\t\t<a href='https:\/\/www.arquimaster.com.ar\/web\/wp-content\/uploads\/2022\/07\/departamento_bc1_2.jpg' title=\"Departamento BC1 \/ ARTCH (\u00a9 Santiago Heyser)\" data-rl_title=\"Departamento BC1 \/ ARTCH (\u00a9 Santiago Heyser)\" class=\"rl-gallery-link\" data-rl_caption=\"Departamento BC1 \/ ARTCH (\u00a9 Santiago Heyser)\" data-rel=\"lightbox-gallery-1\"><img loading=\"lazy\" decoding=\"async\" width=\"150\" height=\"150\" src=\"https:\/\/www.arquimaster.com.ar\/web\/wp-content\/uploads\/2022\/07\/departamento_bc1_2-150x150.jpg\" class=\"attachment-thumbnail size-thumbnail\" alt=\"Departamento BC1 \/ ARTCH\" aria-describedby=\"gallery-1-71451\" \/><\/a>\n\t\t\t<\/div>\n\t\t\t\t<figcaption class='wp-caption-text gallery-caption' id='gallery-1-71451'>\n\t\t\t\tDepartamento BC1 \/ ARTCH (\u00a9 Santiago Heyser)\n\t\t\t\t<\/figcaption><\/figure><figure class='gallery-item'>\n\t\t\t<div class='gallery-icon landscape'>\n\t\t\t\t<a href='https:\/\/www.arquimaster.com.ar\/web\/wp-content\/uploads\/2022\/07\/departamento_bc1_3.jpg' title=\"Departamento BC1 \/ ARTCH (\u00a9 Santiago Heyser)\" data-rl_title=\"Departamento BC1 \/ ARTCH (\u00a9 Santiago Heyser)\" class=\"rl-gallery-link\" data-rl_caption=\"Departamento BC1 \/ ARTCH (\u00a9 Santiago Heyser)\" data-rel=\"lightbox-gallery-1\"><img loading=\"lazy\" decoding=\"async\" width=\"150\" height=\"150\" src=\"https:\/\/www.arquimaster.com.ar\/web\/wp-content\/uploads\/2022\/07\/departamento_bc1_3-150x150.jpg\" class=\"attachment-thumbnail size-thumbnail\" alt=\"Departamento BC1 \/ ARTCH\" aria-describedby=\"gallery-1-71452\" \/><\/a>\n\t\t\t<\/div>\n\t\t\t\t<figcaption class='wp-caption-text gallery-caption' id='gallery-1-71452'>\n\t\t\t\tDepartamento BC1 \/ ARTCH (\u00a9 Santiago Heyser)\n\t\t\t\t<\/figcaption><\/figure><figure class='gallery-item'>\n\t\t\t<div class='gallery-icon landscape'>\n\t\t\t\t<a href='https:\/\/www.arquimaster.com.ar\/web\/wp-content\/uploads\/2022\/07\/departamento_bc1_4.jpg' title=\"Departamento BC1 \/ ARTCH (\u00a9 Santiago Heyser)\" data-rl_title=\"Departamento BC1 \/ ARTCH (\u00a9 Santiago Heyser)\" class=\"rl-gallery-link\" data-rl_caption=\"Departamento BC1 \/ ARTCH (\u00a9 Santiago Heyser)\" data-rel=\"lightbox-gallery-1\"><img loading=\"lazy\" decoding=\"async\" width=\"150\" height=\"150\" src=\"https:\/\/www.arquimaster.com.ar\/web\/wp-content\/uploads\/2022\/07\/departamento_bc1_4-150x150.jpg\" class=\"attachment-thumbnail size-thumbnail\" alt=\"Departamento BC1 \/ ARTCH\" aria-describedby=\"gallery-1-71453\" \/><\/a>\n\t\t\t<\/div>\n\t\t\t\t<figcaption class='wp-caption-text gallery-caption' id='gallery-1-71453'>\n\t\t\t\tDepartamento BC1 \/ ARTCH (\u00a9 Santiago Heyser)\n\t\t\t\t<\/figcaption><\/figure><figure class='gallery-item'>\n\t\t\t<div class='gallery-icon landscape'>\n\t\t\t\t<a href='https:\/\/www.arquimaster.com.ar\/web\/wp-content\/uploads\/2022\/07\/departamento_bc1_5.jpg' title=\"Departamento BC1 \/ ARTCH (\u00a9 Santiago Heyser)\" data-rl_title=\"Departamento BC1 \/ ARTCH (\u00a9 Santiago Heyser)\" class=\"rl-gallery-link\" data-rl_caption=\"Departamento BC1 \/ ARTCH (\u00a9 Santiago Heyser)\" data-rel=\"lightbox-gallery-1\"><img loading=\"lazy\" decoding=\"async\" width=\"150\" height=\"150\" src=\"https:\/\/www.arquimaster.com.ar\/web\/wp-content\/uploads\/2022\/07\/departamento_bc1_5-150x150.jpg\" class=\"attachment-thumbnail size-thumbnail\" alt=\"Departamento BC1 \/ ARTCH\" aria-describedby=\"gallery-1-71454\" \/><\/a>\n\t\t\t<\/div>\n\t\t\t\t<figcaption class='wp-caption-text gallery-caption' id='gallery-1-71454'>\n\t\t\t\tDepartamento BC1 \/ ARTCH (\u00a9 Santiago Heyser)\n\t\t\t\t<\/figcaption><\/figure><figure class='gallery-item'>\n\t\t\t<div class='gallery-icon landscape'>\n\t\t\t\t<a href='https:\/\/www.arquimaster.com.ar\/web\/wp-content\/uploads\/2022\/07\/departamento_bc1_6.jpg' title=\"Departamento BC1 \/ ARTCH (\u00a9 Santiago Heyser)\" data-rl_title=\"Departamento BC1 \/ ARTCH (\u00a9 Santiago Heyser)\" class=\"rl-gallery-link\" data-rl_caption=\"Departamento BC1 \/ ARTCH (\u00a9 Santiago Heyser)\" data-rel=\"lightbox-gallery-1\"><img loading=\"lazy\" decoding=\"async\" width=\"150\" height=\"150\" src=\"https:\/\/www.arquimaster.com.ar\/web\/wp-content\/uploads\/2022\/07\/departamento_bc1_6-150x150.jpg\" class=\"attachment-thumbnail size-thumbnail\" alt=\"Departamento BC1 \/ ARTCH\" aria-describedby=\"gallery-1-71455\" \/><\/a>\n\t\t\t<\/div>\n\t\t\t\t<figcaption class='wp-caption-text gallery-caption' id='gallery-1-71455'>\n\t\t\t\tDepartamento BC1 \/ ARTCH (\u00a9 Santiago Heyser)\n\t\t\t\t<\/figcaption><\/figure><figure class='gallery-item'>\n\t\t\t<div class='gallery-icon landscape'>\n\t\t\t\t<a href='https:\/\/www.arquimaster.com.ar\/web\/wp-content\/uploads\/2022\/07\/departamento_bc1_7.jpg' title=\"Departamento BC1 \/ ARTCH (\u00a9 Santiago Heyser)\" data-rl_title=\"Departamento BC1 \/ ARTCH (\u00a9 Santiago Heyser)\" class=\"rl-gallery-link\" data-rl_caption=\"Departamento BC1 \/ ARTCH (\u00a9 Santiago Heyser)\" data-rel=\"lightbox-gallery-1\"><img loading=\"lazy\" decoding=\"async\" width=\"150\" height=\"150\" src=\"https:\/\/www.arquimaster.com.ar\/web\/wp-content\/uploads\/2022\/07\/departamento_bc1_7-150x150.jpg\" class=\"attachment-thumbnail size-thumbnail\" alt=\"Departamento BC1 \/ ARTCH\" aria-describedby=\"gallery-1-71456\" \/><\/a>\n\t\t\t<\/div>\n\t\t\t\t<figcaption class='wp-caption-text gallery-caption' id='gallery-1-71456'>\n\t\t\t\tDepartamento BC1 \/ ARTCH (\u00a9 Santiago Heyser)\n\t\t\t\t<\/figcaption><\/figure><figure class='gallery-item'>\n\t\t\t<div class='gallery-icon landscape'>\n\t\t\t\t<a href='https:\/\/www.arquimaster.com.ar\/web\/wp-content\/uploads\/2022\/07\/departamento_bc1_8.jpg' title=\"Departamento BC1 \/ ARTCH (\u00a9 Santiago Heyser)\" data-rl_title=\"Departamento BC1 \/ ARTCH (\u00a9 Santiago Heyser)\" class=\"rl-gallery-link\" data-rl_caption=\"Departamento BC1 \/ ARTCH (\u00a9 Santiago Heyser)\" data-rel=\"lightbox-gallery-1\"><img loading=\"lazy\" decoding=\"async\" width=\"150\" height=\"150\" src=\"https:\/\/www.arquimaster.com.ar\/web\/wp-content\/uploads\/2022\/07\/departamento_bc1_8-150x150.jpg\" class=\"attachment-thumbnail size-thumbnail\" alt=\"Departamento BC1 \/ ARTCH\" aria-describedby=\"gallery-1-71457\" \/><\/a>\n\t\t\t<\/div>\n\t\t\t\t<figcaption class='wp-caption-text gallery-caption' id='gallery-1-71457'>\n\t\t\t\tDepartamento BC1 \/ ARTCH (\u00a9 Santiago Heyser)\n\t\t\t\t<\/figcaption><\/figure><figure class='gallery-item'>\n\t\t\t<div class='gallery-icon landscape'>\n\t\t\t\t<a href='https:\/\/www.arquimaster.com.ar\/web\/wp-content\/uploads\/2022\/07\/departamento_bc1_9.jpg' title=\"Departamento BC1 \/ ARTCH (\u00a9 Santiago Heyser)\" data-rl_title=\"Departamento BC1 \/ ARTCH (\u00a9 Santiago Heyser)\" class=\"rl-gallery-link\" data-rl_caption=\"Departamento BC1 \/ ARTCH (\u00a9 Santiago Heyser)\" data-rel=\"lightbox-gallery-1\"><img loading=\"lazy\" decoding=\"async\" width=\"150\" height=\"150\" src=\"https:\/\/www.arquimaster.com.ar\/web\/wp-content\/uploads\/2022\/07\/departamento_bc1_9-150x150.jpg\" class=\"attachment-thumbnail size-thumbnail\" alt=\"Departamento BC1 \/ ARTCH\" aria-describedby=\"gallery-1-71458\" \/><\/a>\n\t\t\t<\/div>\n\t\t\t\t<figcaption class='wp-caption-text gallery-caption' id='gallery-1-71458'>\n\t\t\t\tDepartamento BC1 \/ ARTCH (\u00a9 Santiago Heyser)\n\t\t\t\t<\/figcaption><\/figure><figure class='gallery-item'>\n\t\t\t<div class='gallery-icon landscape'>\n\t\t\t\t<a href='https:\/\/www.arquimaster.com.ar\/web\/wp-content\/uploads\/2022\/07\/departamento_bc1_10.jpg' title=\"Departamento BC1 \/ ARTCH (\u00a9 Santiago Heyser)\" data-rl_title=\"Departamento BC1 \/ ARTCH (\u00a9 Santiago Heyser)\" class=\"rl-gallery-link\" data-rl_caption=\"Departamento BC1 \/ ARTCH (\u00a9 Santiago Heyser)\" data-rel=\"lightbox-gallery-1\"><img loading=\"lazy\" decoding=\"async\" width=\"150\" height=\"150\" src=\"https:\/\/www.arquimaster.com.ar\/web\/wp-content\/uploads\/2022\/07\/departamento_bc1_10-150x150.jpg\" class=\"attachment-thumbnail size-thumbnail\" alt=\"Departamento BC1 \/ ARTCH\" aria-describedby=\"gallery-1-71459\" \/><\/a>\n\t\t\t<\/div>\n\t\t\t\t<figcaption class='wp-caption-text gallery-caption' id='gallery-1-71459'>\n\t\t\t\tDepartamento BC1 \/ ARTCH (\u00a9 Santiago Heyser)\n\t\t\t\t<\/figcaption><\/figure><figure class='gallery-item'>\n\t\t\t<div class='gallery-icon landscape'>\n\t\t\t\t<a href='https:\/\/www.arquimaster.com.ar\/web\/wp-content\/uploads\/2022\/07\/departamento_bc1_11.jpg' title=\"Departamento BC1 \/ ARTCH (planta)\" data-rl_title=\"Departamento BC1 \/ ARTCH (planta)\" class=\"rl-gallery-link\" data-rl_caption=\"Departamento BC1 \/ ARTCH (planta)\" data-rel=\"lightbox-gallery-1\"><img loading=\"lazy\" decoding=\"async\" width=\"150\" height=\"150\" src=\"https:\/\/www.arquimaster.com.ar\/web\/wp-content\/uploads\/2022\/07\/departamento_bc1_11-150x150.jpg\" class=\"attachment-thumbnail size-thumbnail\" alt=\"Departamento BC1 \/ ARTCH\" aria-describedby=\"gallery-1-71460\" \/><\/a>\n\t\t\t<\/div>\n\t\t\t\t<figcaption class='wp-caption-text gallery-caption' id='gallery-1-71460'>\n\t\t\t\tDepartamento BC1 \/ ARTCH (planta)\n\t\t\t\t<\/figcaption><\/figure><figure class='gallery-item'>\n\t\t\t<div class='gallery-icon landscape'>\n\t\t\t\t<a href='https:\/\/www.arquimaster.com.ar\/web\/wp-content\/uploads\/2022\/07\/departamento_bc1_12.jpg' title=\"Departamento BC1 \/ ARTCH (corte)\" data-rl_title=\"Departamento BC1 \/ ARTCH (corte)\" class=\"rl-gallery-link\" data-rl_caption=\"Departamento BC1 \/ ARTCH (corte)\" data-rel=\"lightbox-gallery-1\"><img loading=\"lazy\" decoding=\"async\" width=\"150\" height=\"150\" src=\"https:\/\/www.arquimaster.com.ar\/web\/wp-content\/uploads\/2022\/07\/departamento_bc1_12-150x150.jpg\" class=\"attachment-thumbnail size-thumbnail\" alt=\"Departamento BC1 \/ ARTCH\" aria-describedby=\"gallery-1-71461\" \/><\/a>\n\t\t\t<\/div>\n\t\t\t\t<figcaption class='wp-caption-text gallery-caption' id='gallery-1-71461'>\n\t\t\t\tDepartamento BC1 \/ ARTCH (corte)\n\t\t\t\t<\/figcaption><\/figure><figure class='gallery-item'>\n\t\t\t<div class='gallery-icon landscape'>\n\t\t\t\t<a href='https:\/\/www.arquimaster.com.ar\/web\/wp-content\/uploads\/2022\/07\/departamento_bc1_13.jpg' title=\"Departamento BC1 \/ ARTCH (corte)\" data-rl_title=\"Departamento BC1 \/ ARTCH (corte)\" class=\"rl-gallery-link\" data-rl_caption=\"Departamento BC1 \/ ARTCH (corte)\" data-rel=\"lightbox-gallery-1\"><img loading=\"lazy\" decoding=\"async\" width=\"150\" height=\"150\" src=\"https:\/\/www.arquimaster.com.ar\/web\/wp-content\/uploads\/2022\/07\/departamento_bc1_13-150x150.jpg\" class=\"attachment-thumbnail size-thumbnail\" alt=\"Departamento BC1 \/ ARTCH\" aria-describedby=\"gallery-1-71462\" \/><\/a>\n\t\t\t<\/div>\n\t\t\t\t<figcaption class='wp-caption-text gallery-caption' id='gallery-1-71462'>\n\t\t\t\tDepartamento BC1 \/ ARTCH (corte)\n\t\t\t\t<\/figcaption><\/figure><figure class='gallery-item'>\n\t\t\t<div class='gallery-icon landscape'>\n\t\t\t\t<a href='https:\/\/www.arquimaster.com.ar\/web\/wp-content\/uploads\/2022\/07\/departamento_bc1_14.jpg' title=\"Departamento BC1 \/ ARTCH (corte)\" data-rl_title=\"Departamento BC1 \/ ARTCH (corte)\" class=\"rl-gallery-link\" data-rl_caption=\"Departamento BC1 \/ ARTCH (corte)\" data-rel=\"lightbox-gallery-1\"><img loading=\"lazy\" decoding=\"async\" width=\"150\" height=\"150\" src=\"https:\/\/www.arquimaster.com.ar\/web\/wp-content\/uploads\/2022\/07\/departamento_bc1_14-150x150.jpg\" class=\"attachment-thumbnail size-thumbnail\" alt=\"Departamento BC1 \/ ARTCH\" aria-describedby=\"gallery-1-71463\" \/><\/a>\n\t\t\t<\/div>\n\t\t\t\t<figcaption class='wp-caption-text gallery-caption' id='gallery-1-71463'>\n\t\t\t\tDepartamento BC1 \/ ARTCH (corte)\n\t\t\t\t<\/figcaption><\/figure><figure class='gallery-item'>\n\t\t\t<div class='gallery-icon landscape'>\n\t\t\t\t<a href='https:\/\/www.arquimaster.com.ar\/web\/wp-content\/uploads\/2022\/07\/departamento_bc1_15.jpg' title=\"Departamento BC1 \/ ARTCH (corte)\" data-rl_title=\"Departamento BC1 \/ ARTCH (corte)\" class=\"rl-gallery-link\" data-rl_caption=\"Departamento BC1 \/ ARTCH (corte)\" data-rel=\"lightbox-gallery-1\"><img loading=\"lazy\" decoding=\"async\" width=\"150\" height=\"150\" src=\"https:\/\/www.arquimaster.com.ar\/web\/wp-content\/uploads\/2022\/07\/departamento_bc1_15-150x150.jpg\" class=\"attachment-thumbnail size-thumbnail\" alt=\"Departamento BC1 \/ ARTCH\" aria-describedby=\"gallery-1-71464\" \/><\/a>\n\t\t\t<\/div>\n\t\t\t\t<figcaption class='wp-caption-text gallery-caption' id='gallery-1-71464'>\n\t\t\t\tDepartamento BC1 \/ ARTCH (corte)\n\t\t\t\t<\/figcaption><\/figure>\n\t\t<\/div>\n\n<p>La vista hacia el mar tiene una magia que requiere de un trato siempre especial, pareciera obvio el manejo, pero se necesita una amplia experiencia en proyectos con este tipo de ubicaci\u00f3n. La mayor\u00eda de los espacios disfrutan de las vistas y se abren no solamente a la interacci\u00f3n con el azulado horizonte, sino con todo el contexto.<\/p>\n<p>Destaca el uso de la madera de \u00e9bano y encino en recubrimientos, mobiliario y carpinter\u00edas logrando una envolvente que recibe y acoge a todo el que se encuentra dentro de este espacio. Amplitud y flexibilidad se combinaron para lograr un ambiente integral que se disfruta en todas las ocasiones.<\/p>\n<p>El juego entre los m\u00e1rmoles blanco y negro con las tonalidades neutras de la paleta de color, reciben los acentos de los diferentes elementos dorados y los atractivos luminarios suspendidos. En las rec\u00e1maras se utiliz\u00f3 papel tapiz en algunos muros para enfatizar la calidez necesaria para las zonas privadas y el confort ac\u00fastico.<\/p>\n\n\n<div style=\"height:20px\" aria-hidden=\"true\" class=\"wp-block-spacer\"><\/div>\n\n\n\n<p class=\"has-background\" style=\"background-color:#eaeaea\"><strong>Ficha t\u00e9cnica<\/strong><br>Nombre: Departamento BC1<br>Ubicaci\u00f3n: Canc\u00fan, Quintana Roo, M\u00e9xico<br>Dise\u00f1o del proyecto: ARTCH<br>Arquitectis: Arq. Victoria Palos, Arq. Daniel Cantoya<br>Colaboradores: Carlo Herrera, Fernando Torres, Arturo Fernandez<br>Categor\u00eda: Residencial<br>A\u00f1o: 2021<br>\u00c1rea: 420 m2<br>Fotograf\u00eda: Santiago Heyser<br><br><strong>Contacto<\/strong><br><a href=\"https:\/\/www.artch.mx\" target=\"_blank\" rel=\"noreferrer noopener\">https:\/\/www.artch.mx<\/a><br>Instagram: @artchmx<br>Facebook: ARTCH<\/p>\n\n\n\n<div style=\"height:40px\" aria-hidden=\"true\" class=\"wp-block-spacer\"><\/div>\n\n<div style=\"font-size: 0px; height: 0px; line-height: 0px; margin: 0; padding: 0; clear: both;\"><\/div><div style=\"margin-top: 0px; margin-bottom: 0px;\" class=\"sharethis-inline-share-buttons\" ><\/div>","protected":false},"excerpt":{"rendered":"<p>La mayor\u00eda de los espacios disfrutan de las vistas hacia el mar&#8230;<\/p>\n","protected":false},"author":1,"featured_media":71449,"comment_status":"closed","ping_status":"closed","sticky":false,"template":"","format":"standard","meta":{"_uag_custom_page_level_css":"","footnotes":""},"categories":[79,1],"tags":[5581,4282,7491,7487,7490,249,24,7488,7489],"class_list":["post-71448","post","type-post","status-publish","format-standard","has-post-thumbnail","hentry","category-departamentos","category-proyecto","tag-apartamento","tag-arquitectura-residencial","tag-artch","tag-cancun","tag-daniel-cantoya","tag-departamento","tag-mexico","tag-quintana-roo","tag-victoria-palos","generate-columns","tablet-grid-50","mobile-grid-100","grid-parent","grid-50"],"yoast_head":"<!-- This site is optimized with the Yoast SEO plugin v27.3 - https:\/\/yoast.com\/product\/yoast-seo-wordpress\/ -->\n<title>Departamento BC1 \/ ARTCH - Arquimaster<\/title>\n<meta name=\"description\" content=\"La mayor\u00eda de los espacios disfrutan de las vistas al mar y se abren no solamente a la interacci\u00f3n con el azulado horizonte, sino con todo el contexto.\" \/>\n<meta name=\"robots\" content=\"index, follow, max-snippet:-1, max-image-preview:large, max-video-preview:-1\" \/>\n<link rel=\"canonical\" href=\"https:\/\/www.arquimaster.com.ar\/web\/departamento-bc1-artch\/\" \/>\n<meta property=\"og:locale\" content=\"es_ES\" \/>\n<meta property=\"og:type\" content=\"article\" \/>\n<meta property=\"og:title\" content=\"Departamento BC1 \/ ARTCH\" \/>\n<meta property=\"og:description\" content=\"La mayor\u00eda de los espacios disfrutan de las vistas al mar y se abren no solamente a la interacci\u00f3n con el azulado horizonte, sino con todo el contexto.\" \/>\n<meta property=\"og:url\" content=\"https:\/\/www.arquimaster.com.ar\/web\/departamento-bc1-artch\/\" \/>\n<meta property=\"og:site_name\" content=\"Arquimaster\" \/>\n<meta property=\"article:publisher\" content=\"http:\/\/www.facebook.com\/ARQUIMASTER.com.ar\" \/>\n<meta property=\"article:published_time\" content=\"2022-07-16T03:36:48+00:00\" \/>\n<meta property=\"article:modified_time\" content=\"2023-01-03T21:35:12+00:00\" \/>\n<meta property=\"og:image\" content=\"https:\/\/www.arquimaster.com.ar\/web\/wp-content\/uploads\/2022\/07\/departamento_bc1_slide.jpg\" \/>\n\t<meta property=\"og:image:width\" content=\"698\" \/>\n\t<meta property=\"og:image:height\" content=\"364\" \/>\n\t<meta property=\"og:image:type\" content=\"image\/jpeg\" \/>\n<meta name=\"author\" content=\"Arquimaster\" \/>\n<meta name=\"twitter:card\" content=\"summary_large_image\" \/>\n<meta name=\"twitter:title\" content=\"Departamento BC1 \/ ARTCH\" \/>\n<meta name=\"twitter:description\" content=\"La mayor\u00eda de los espacios disfrutan de las vistas al mar y se abren no solamente a la interacci\u00f3n con el azulado horizonte, sino con todo el contexto.\" \/>\n<meta name=\"twitter:image\" content=\"https:\/\/www.arquimaster.com.ar\/web\/wp-content\/uploads\/2022\/07\/departamento_bc1_slide.jpg\" \/>\n<meta name=\"twitter:creator\" content=\"@arquimaster\" \/>\n<meta name=\"twitter:site\" content=\"@arquimaster\" \/>\n<meta name=\"twitter:label1\" content=\"Escrito por\" \/>\n\t<meta name=\"twitter:data1\" content=\"Arquimaster\" \/>\n\t<meta name=\"twitter:label2\" content=\"Tiempo de lectura\" \/>\n\t<meta name=\"twitter:data2\" content=\"2 minutos\" \/>\n<script type=\"application\/ld+json\" class=\"yoast-schema-graph\">{\"@context\":\"https:\\\/\\\/schema.org\",\"@graph\":[{\"@type\":\"Article\",\"@id\":\"https:\\\/\\\/www.arquimaster.com.ar\\\/web\\\/departamento-bc1-artch\\\/#article\",\"isPartOf\":{\"@id\":\"https:\\\/\\\/www.arquimaster.com.ar\\\/web\\\/departamento-bc1-artch\\\/\"},\"author\":{\"name\":\"Arquimaster\",\"@id\":\"https:\\\/\\\/www.arquimaster.com.ar\\\/web\\\/#\\\/schema\\\/person\\\/359e9f7c00193fcde068e0dd2ceb0028\"},\"headline\":\"Departamento BC1 \\\/ ARTCH\",\"datePublished\":\"2022-07-16T03:36:48+00:00\",\"dateModified\":\"2023-01-03T21:35:12+00:00\",\"mainEntityOfPage\":{\"@id\":\"https:\\\/\\\/www.arquimaster.com.ar\\\/web\\\/departamento-bc1-artch\\\/\"},\"wordCount\":283,\"publisher\":{\"@id\":\"https:\\\/\\\/www.arquimaster.com.ar\\\/web\\\/#organization\"},\"image\":{\"@id\":\"https:\\\/\\\/www.arquimaster.com.ar\\\/web\\\/departamento-bc1-artch\\\/#primaryimage\"},\"thumbnailUrl\":\"https:\\\/\\\/www.arquimaster.com.ar\\\/web\\\/wp-content\\\/uploads\\\/2022\\\/07\\\/departamento_bc1_slide.jpg\",\"keywords\":[\"apartamento\",\"arquitectura residencial\",\"ARTCH\",\"Canc\u00fan\",\"Daniel Cantoya\",\"departamento\",\"Mexico\",\"Quintana Roo\",\"Victoria Palos\"],\"articleSection\":[\"Departamentos y Lofts\",\"Proyecto\"],\"inLanguage\":\"es\"},{\"@type\":\"WebPage\",\"@id\":\"https:\\\/\\\/www.arquimaster.com.ar\\\/web\\\/departamento-bc1-artch\\\/\",\"url\":\"https:\\\/\\\/www.arquimaster.com.ar\\\/web\\\/departamento-bc1-artch\\\/\",\"name\":\"Departamento BC1 \\\/ ARTCH - Arquimaster\",\"isPartOf\":{\"@id\":\"https:\\\/\\\/www.arquimaster.com.ar\\\/web\\\/#website\"},\"primaryImageOfPage\":{\"@id\":\"https:\\\/\\\/www.arquimaster.com.ar\\\/web\\\/departamento-bc1-artch\\\/#primaryimage\"},\"image\":{\"@id\":\"https:\\\/\\\/www.arquimaster.com.ar\\\/web\\\/departamento-bc1-artch\\\/#primaryimage\"},\"thumbnailUrl\":\"https:\\\/\\\/www.arquimaster.com.ar\\\/web\\\/wp-content\\\/uploads\\\/2022\\\/07\\\/departamento_bc1_slide.jpg\",\"datePublished\":\"2022-07-16T03:36:48+00:00\",\"dateModified\":\"2023-01-03T21:35:12+00:00\",\"description\":\"La mayor\u00eda de los espacios disfrutan de las vistas al mar y se abren no solamente a la interacci\u00f3n con el azulado horizonte, sino con todo el contexto.\",\"breadcrumb\":{\"@id\":\"https:\\\/\\\/www.arquimaster.com.ar\\\/web\\\/departamento-bc1-artch\\\/#breadcrumb\"},\"inLanguage\":\"es\",\"potentialAction\":[{\"@type\":\"ReadAction\",\"target\":[\"https:\\\/\\\/www.arquimaster.com.ar\\\/web\\\/departamento-bc1-artch\\\/\"]}]},{\"@type\":\"ImageObject\",\"inLanguage\":\"es\",\"@id\":\"https:\\\/\\\/www.arquimaster.com.ar\\\/web\\\/departamento-bc1-artch\\\/#primaryimage\",\"url\":\"https:\\\/\\\/www.arquimaster.com.ar\\\/web\\\/wp-content\\\/uploads\\\/2022\\\/07\\\/departamento_bc1_slide.jpg\",\"contentUrl\":\"https:\\\/\\\/www.arquimaster.com.ar\\\/web\\\/wp-content\\\/uploads\\\/2022\\\/07\\\/departamento_bc1_slide.jpg\",\"width\":698,\"height\":364,\"caption\":\"Departamento BC1 \\\/ ARTCH\"},{\"@type\":\"BreadcrumbList\",\"@id\":\"https:\\\/\\\/www.arquimaster.com.ar\\\/web\\\/departamento-bc1-artch\\\/#breadcrumb\",\"itemListElement\":[{\"@type\":\"ListItem\",\"position\":1,\"name\":\"Portada\",\"item\":\"https:\\\/\\\/www.arquimaster.com.ar\\\/web\\\/\"},{\"@type\":\"ListItem\",\"position\":2,\"name\":\"Departamento BC1 \\\/ ARTCH\"}]},{\"@type\":\"WebSite\",\"@id\":\"https:\\\/\\\/www.arquimaster.com.ar\\\/web\\\/#website\",\"url\":\"https:\\\/\\\/www.arquimaster.com.ar\\\/web\\\/\",\"name\":\"Arquimaster\",\"description\":\"Web de arquitectura, dise\u00f1o y construccion\",\"publisher\":{\"@id\":\"https:\\\/\\\/www.arquimaster.com.ar\\\/web\\\/#organization\"},\"potentialAction\":[{\"@type\":\"SearchAction\",\"target\":{\"@type\":\"EntryPoint\",\"urlTemplate\":\"https:\\\/\\\/www.arquimaster.com.ar\\\/web\\\/?s={search_term_string}\"},\"query-input\":{\"@type\":\"PropertyValueSpecification\",\"valueRequired\":true,\"valueName\":\"search_term_string\"}}],\"inLanguage\":\"es\"},{\"@type\":\"Organization\",\"@id\":\"https:\\\/\\\/www.arquimaster.com.ar\\\/web\\\/#organization\",\"name\":\"Arquimaster\",\"url\":\"https:\\\/\\\/www.arquimaster.com.ar\\\/web\\\/\",\"logo\":{\"@type\":\"ImageObject\",\"inLanguage\":\"es\",\"@id\":\"https:\\\/\\\/www.arquimaster.com.ar\\\/web\\\/#\\\/schema\\\/logo\\\/image\\\/\",\"url\":\"https:\\\/\\\/www.arquimaster.com.ar\\\/web\\\/wp-content\\\/uploads\\\/2022\\\/06\\\/arquimaster.png\",\"contentUrl\":\"https:\\\/\\\/www.arquimaster.com.ar\\\/web\\\/wp-content\\\/uploads\\\/2022\\\/06\\\/arquimaster.png\",\"width\":594,\"height\":78,\"caption\":\"Arquimaster\"},\"image\":{\"@id\":\"https:\\\/\\\/www.arquimaster.com.ar\\\/web\\\/#\\\/schema\\\/logo\\\/image\\\/\"},\"sameAs\":[\"http:\\\/\\\/www.facebook.com\\\/ARQUIMASTER.com.ar\",\"https:\\\/\\\/x.com\\\/arquimaster\",\"https:\\\/\\\/www.instagram.com\\\/arquimasterblog\\\/\",\"https:\\\/\\\/www.linkedin.com\\\/company\\\/arquimaster\",\"https:\\\/\\\/www.pinterest.com\\\/arquimaster\",\"https:\\\/\\\/t.me\\\/arquimaster\"]},{\"@type\":\"Person\",\"@id\":\"https:\\\/\\\/www.arquimaster.com.ar\\\/web\\\/#\\\/schema\\\/person\\\/359e9f7c00193fcde068e0dd2ceb0028\",\"name\":\"Arquimaster\"}]}<\/script>\n<!-- \/ Yoast SEO plugin. -->","yoast_head_json":{"title":"Departamento BC1 \/ ARTCH - Arquimaster","description":"La mayor\u00eda de los espacios disfrutan de las vistas al mar y se abren no solamente a la interacci\u00f3n con el azulado horizonte, sino con todo el contexto.","robots":{"index":"index","follow":"follow","max-snippet":"max-snippet:-1","max-image-preview":"max-image-preview:large","max-video-preview":"max-video-preview:-1"},"canonical":"https:\/\/www.arquimaster.com.ar\/web\/departamento-bc1-artch\/","og_locale":"es_ES","og_type":"article","og_title":"Departamento BC1 \/ ARTCH","og_description":"La mayor\u00eda de los espacios disfrutan de las vistas al mar y se abren no solamente a la interacci\u00f3n con el azulado horizonte, sino con todo el contexto.","og_url":"https:\/\/www.arquimaster.com.ar\/web\/departamento-bc1-artch\/","og_site_name":"Arquimaster","article_publisher":"http:\/\/www.facebook.com\/ARQUIMASTER.com.ar","article_published_time":"2022-07-16T03:36:48+00:00","article_modified_time":"2023-01-03T21:35:12+00:00","og_image":[{"width":698,"height":364,"url":"https:\/\/www.arquimaster.com.ar\/web\/wp-content\/uploads\/2022\/07\/departamento_bc1_slide.jpg","type":"image\/jpeg"}],"author":"Arquimaster","twitter_card":"summary_large_image","twitter_title":"Departamento BC1 \/ ARTCH","twitter_description":"La mayor\u00eda de los espacios disfrutan de las vistas al mar y se abren no solamente a la interacci\u00f3n con el azulado horizonte, sino con todo el contexto.","twitter_image":"https:\/\/www.arquimaster.com.ar\/web\/wp-content\/uploads\/2022\/07\/departamento_bc1_slide.jpg","twitter_creator":"@arquimaster","twitter_site":"@arquimaster","twitter_misc":{"Escrito por":"Arquimaster","Tiempo de lectura":"2 minutos"},"schema":{"@context":"https:\/\/schema.org","@graph":[{"@type":"Article","@id":"https:\/\/www.arquimaster.com.ar\/web\/departamento-bc1-artch\/#article","isPartOf":{"@id":"https:\/\/www.arquimaster.com.ar\/web\/departamento-bc1-artch\/"},"author":{"name":"Arquimaster","@id":"https:\/\/www.arquimaster.com.ar\/web\/#\/schema\/person\/359e9f7c00193fcde068e0dd2ceb0028"},"headline":"Departamento BC1 \/ ARTCH","datePublished":"2022-07-16T03:36:48+00:00","dateModified":"2023-01-03T21:35:12+00:00","mainEntityOfPage":{"@id":"https:\/\/www.arquimaster.com.ar\/web\/departamento-bc1-artch\/"},"wordCount":283,"publisher":{"@id":"https:\/\/www.arquimaster.com.ar\/web\/#organization"},"image":{"@id":"https:\/\/www.arquimaster.com.ar\/web\/departamento-bc1-artch\/#primaryimage"},"thumbnailUrl":"https:\/\/www.arquimaster.com.ar\/web\/wp-content\/uploads\/2022\/07\/departamento_bc1_slide.jpg","keywords":["apartamento","arquitectura residencial","ARTCH","Canc\u00fan","Daniel Cantoya","departamento","Mexico","Quintana Roo","Victoria Palos"],"articleSection":["Departamentos y Lofts","Proyecto"],"inLanguage":"es"},{"@type":"WebPage","@id":"https:\/\/www.arquimaster.com.ar\/web\/departamento-bc1-artch\/","url":"https:\/\/www.arquimaster.com.ar\/web\/departamento-bc1-artch\/","name":"Departamento BC1 \/ ARTCH - Arquimaster","isPartOf":{"@id":"https:\/\/www.arquimaster.com.ar\/web\/#website"},"primaryImageOfPage":{"@id":"https:\/\/www.arquimaster.com.ar\/web\/departamento-bc1-artch\/#primaryimage"},"image":{"@id":"https:\/\/www.arquimaster.com.ar\/web\/departamento-bc1-artch\/#primaryimage"},"thumbnailUrl":"https:\/\/www.arquimaster.com.ar\/web\/wp-content\/uploads\/2022\/07\/departamento_bc1_slide.jpg","datePublished":"2022-07-16T03:36:48+00:00","dateModified":"2023-01-03T21:35:12+00:00","description":"La mayor\u00eda de los espacios disfrutan de las vistas al mar y se abren no solamente a la interacci\u00f3n con el azulado horizonte, sino con todo el contexto.","breadcrumb":{"@id":"https:\/\/www.arquimaster.com.ar\/web\/departamento-bc1-artch\/#breadcrumb"},"inLanguage":"es","potentialAction":[{"@type":"ReadAction","target":["https:\/\/www.arquimaster.com.ar\/web\/departamento-bc1-artch\/"]}]},{"@type":"ImageObject","inLanguage":"es","@id":"https:\/\/www.arquimaster.com.ar\/web\/departamento-bc1-artch\/#primaryimage","url":"https:\/\/www.arquimaster.com.ar\/web\/wp-content\/uploads\/2022\/07\/departamento_bc1_slide.jpg","contentUrl":"https:\/\/www.arquimaster.com.ar\/web\/wp-content\/uploads\/2022\/07\/departamento_bc1_slide.jpg","width":698,"height":364,"caption":"Departamento BC1 \/ ARTCH"},{"@type":"BreadcrumbList","@id":"https:\/\/www.arquimaster.com.ar\/web\/departamento-bc1-artch\/#breadcrumb","itemListElement":[{"@type":"ListItem","position":1,"name":"Portada","item":"https:\/\/www.arquimaster.com.ar\/web\/"},{"@type":"ListItem","position":2,"name":"Departamento BC1 \/ ARTCH"}]},{"@type":"WebSite","@id":"https:\/\/www.arquimaster.com.ar\/web\/#website","url":"https:\/\/www.arquimaster.com.ar\/web\/","name":"Arquimaster","description":"Web de arquitectura, dise\u00f1o y construccion","publisher":{"@id":"https:\/\/www.arquimaster.com.ar\/web\/#organization"},"potentialAction":[{"@type":"SearchAction","target":{"@type":"EntryPoint","urlTemplate":"https:\/\/www.arquimaster.com.ar\/web\/?s={search_term_string}"},"query-input":{"@type":"PropertyValueSpecification","valueRequired":true,"valueName":"search_term_string"}}],"inLanguage":"es"},{"@type":"Organization","@id":"https:\/\/www.arquimaster.com.ar\/web\/#organization","name":"Arquimaster","url":"https:\/\/www.arquimaster.com.ar\/web\/","logo":{"@type":"ImageObject","inLanguage":"es","@id":"https:\/\/www.arquimaster.com.ar\/web\/#\/schema\/logo\/image\/","url":"https:\/\/www.arquimaster.com.ar\/web\/wp-content\/uploads\/2022\/06\/arquimaster.png","contentUrl":"https:\/\/www.arquimaster.com.ar\/web\/wp-content\/uploads\/2022\/06\/arquimaster.png","width":594,"height":78,"caption":"Arquimaster"},"image":{"@id":"https:\/\/www.arquimaster.com.ar\/web\/#\/schema\/logo\/image\/"},"sameAs":["http:\/\/www.facebook.com\/ARQUIMASTER.com.ar","https:\/\/x.com\/arquimaster","https:\/\/www.instagram.com\/arquimasterblog\/","https:\/\/www.linkedin.com\/company\/arquimaster","https:\/\/www.pinterest.com\/arquimaster","https:\/\/t.me\/arquimaster"]},{"@type":"Person","@id":"https:\/\/www.arquimaster.com.ar\/web\/#\/schema\/person\/359e9f7c00193fcde068e0dd2ceb0028","name":"Arquimaster"}]}},"uagb_featured_image_src":{"full":["https:\/\/www.arquimaster.com.ar\/web\/wp-content\/uploads\/2022\/07\/departamento_bc1_slide.jpg",698,364,false],"thumbnail":["https:\/\/www.arquimaster.com.ar\/web\/wp-content\/uploads\/2022\/07\/departamento_bc1_slide-150x150.jpg",150,150,true],"medium":["https:\/\/www.arquimaster.com.ar\/web\/wp-content\/uploads\/2022\/07\/departamento_bc1_slide.jpg",698,364,false],"medium_large":["https:\/\/www.arquimaster.com.ar\/web\/wp-content\/uploads\/2022\/07\/departamento_bc1_slide.jpg",698,364,false],"large":["https:\/\/www.arquimaster.com.ar\/web\/wp-content\/uploads\/2022\/07\/departamento_bc1_slide.jpg",698,364,false],"1536x1536":["https:\/\/www.arquimaster.com.ar\/web\/wp-content\/uploads\/2022\/07\/departamento_bc1_slide.jpg",698,364,false],"2048x2048":["https:\/\/www.arquimaster.com.ar\/web\/wp-content\/uploads\/2022\/07\/departamento_bc1_slide.jpg",698,364,false]},"uagb_author_info":{"display_name":"Arquimaster","author_link":"https:\/\/www.arquimaster.com.ar\/web\/author\/arquimaster\/"},"uagb_comment_info":0,"uagb_excerpt":"La mayor\u00eda de los espacios disfrutan de las vistas hacia el mar...","_links":{"self":[{"href":"https:\/\/www.arquimaster.com.ar\/web\/wp-json\/wp\/v2\/posts\/71448","targetHints":{"allow":["GET"]}}],"collection":[{"href":"https:\/\/www.arquimaster.com.ar\/web\/wp-json\/wp\/v2\/posts"}],"about":[{"href":"https:\/\/www.arquimaster.com.ar\/web\/wp-json\/wp\/v2\/types\/post"}],"author":[{"embeddable":true,"href":"https:\/\/www.arquimaster.com.ar\/web\/wp-json\/wp\/v2\/users\/1"}],"replies":[{"embeddable":true,"href":"https:\/\/www.arquimaster.com.ar\/web\/wp-json\/wp\/v2\/comments?post=71448"}],"version-history":[{"count":1,"href":"https:\/\/www.arquimaster.com.ar\/web\/wp-json\/wp\/v2\/posts\/71448\/revisions"}],"predecessor-version":[{"id":71465,"href":"https:\/\/www.arquimaster.com.ar\/web\/wp-json\/wp\/v2\/posts\/71448\/revisions\/71465"}],"wp:featuredmedia":[{"embeddable":true,"href":"https:\/\/www.arquimaster.com.ar\/web\/wp-json\/wp\/v2\/media\/71449"}],"wp:attachment":[{"href":"https:\/\/www.arquimaster.com.ar\/web\/wp-json\/wp\/v2\/media?parent=71448"}],"wp:term":[{"taxonomy":"category","embeddable":true,"href":"https:\/\/www.arquimaster.com.ar\/web\/wp-json\/wp\/v2\/categories?post=71448"},{"taxonomy":"post_tag","embeddable":true,"href":"https:\/\/www.arquimaster.com.ar\/web\/wp-json\/wp\/v2\/tags?post=71448"}],"curies":[{"name":"wp","href":"https:\/\/api.w.org\/{rel}","templated":true}]}}