{"id":71466,"date":"2022-07-16T00:49:14","date_gmt":"2022-07-16T03:49:14","guid":{"rendered":"https:\/\/www.arquimaster.com.ar\/web\/?p=71466"},"modified":"2023-01-02T15:20:41","modified_gmt":"2023-01-02T18:20:41","slug":"casa-estudio-san-esteban-gil-garcia","status":"publish","type":"post","link":"https:\/\/www.arquimaster.com.ar\/web\/casa-estudio-san-esteban-gil-garcia\/","title":{"rendered":"Casa Estudio San Esteban \/ Gil Garc\u00eda"},"content":{"rendered":"<div style=\"margin-top: 0px; margin-bottom: 0px;\" class=\"sharethis-inline-share-buttons\" ><\/div><div class=\"b812932af2e751442846f039925109de\" data-index=\"1\" style=\"float: none; margin:25px 0 25px 0; text-align:center;\">\n<script async src=\"https:\/\/pagead2.googlesyndication.com\/pagead\/js\/adsbygoogle.js\"><\/script>\r\n<!-- Arquimaster (superior) -->\r\n<ins class=\"adsbygoogle\"\r\n     style=\"display:block\"\r\n     data-ad-client=\"ca-pub-6351072698456832\"\r\n     data-ad-slot=\"6455489680\"\r\n     data-ad-format=\"auto\"\r\n     data-full-width-responsive=\"true\"><\/ins>\r\n<script>\r\n     (adsbygoogle = window.adsbygoogle || []).push({});\r\n<\/script>\n<\/div>\n<p><strong>Casa Estudio San Esteban<\/strong> (San Esteban, Jalisco, M\u00e9xico) por <strong>Gil Garc\u00eda<\/strong>. El proyecto se localiza a las afueras del municipio de Zapopan, a unos minutos del pueblo de San Esteban, en una zona con excelentes vistas, debido a su mayor altitud, en donde se pueden encontrar cerros para practicar ciclismo, senderismo, y que funge como un lugar para desconectarse de la ciudad.<\/p>\n<div id='gallery-1' class='gallery galleryid-71466 gallery-columns-3 gallery-size-thumbnail'><figure class='gallery-item'>\n\t\t\t<div class='gallery-icon landscape'>\n\t\t\t\t<a href='https:\/\/www.arquimaster.com.ar\/web\/wp-content\/uploads\/2022\/07\/casa_estudio_san_esteban1.jpg' title=\"Casa Estudio San Esteban \/ Gil Garc\u00eda (\u00a9 Nicolas Covarrubias)\" data-rl_title=\"Casa Estudio San Esteban \/ Gil Garc\u00eda (\u00a9 Nicolas Covarrubias)\" class=\"rl-gallery-link\" data-rl_caption=\"Casa Estudio San Esteban \/ Gil Garc\u00eda (\u00a9 Nicolas Covarrubias)\" data-rel=\"lightbox-gallery-1\"><img loading=\"lazy\" decoding=\"async\" width=\"150\" height=\"150\" src=\"https:\/\/www.arquimaster.com.ar\/web\/wp-content\/uploads\/2022\/07\/casa_estudio_san_esteban1-150x150.jpg\" class=\"attachment-thumbnail size-thumbnail\" alt=\"Casa Estudio San Esteban \/ Gil Garc\u00eda\" aria-describedby=\"gallery-1-71468\" \/><\/a>\n\t\t\t<\/div>\n\t\t\t\t<figcaption class='wp-caption-text gallery-caption' id='gallery-1-71468'>\n\t\t\t\tCasa Estudio San Esteban \/ Gil Garc\u00eda (\u00a9 Nicolas Covarrubias)\n\t\t\t\t<\/figcaption><\/figure><figure class='gallery-item'>\n\t\t\t<div class='gallery-icon landscape'>\n\t\t\t\t<a href='https:\/\/www.arquimaster.com.ar\/web\/wp-content\/uploads\/2022\/07\/casa_estudio_san_esteban2.jpg' title=\"Casa Estudio San Esteban \/ Gil Garc\u00eda (\u00a9 Nicolas Covarrubias)\" data-rl_title=\"Casa Estudio San Esteban \/ Gil Garc\u00eda (\u00a9 Nicolas Covarrubias)\" class=\"rl-gallery-link\" data-rl_caption=\"Casa Estudio San Esteban \/ Gil Garc\u00eda (\u00a9 Nicolas Covarrubias)\" data-rel=\"lightbox-gallery-1\"><img loading=\"lazy\" decoding=\"async\" width=\"150\" height=\"150\" src=\"https:\/\/www.arquimaster.com.ar\/web\/wp-content\/uploads\/2022\/07\/casa_estudio_san_esteban2-150x150.jpg\" class=\"attachment-thumbnail size-thumbnail\" alt=\"Casa Estudio San Esteban \/ Gil Garc\u00eda\" aria-describedby=\"gallery-1-71469\" srcset=\"https:\/\/www.arquimaster.com.ar\/web\/wp-content\/uploads\/2022\/07\/casa_estudio_san_esteban2-150x150.jpg 150w, https:\/\/www.arquimaster.com.ar\/web\/wp-content\/uploads\/2022\/07\/casa_estudio_san_esteban2-768x768.jpg 768w, https:\/\/www.arquimaster.com.ar\/web\/wp-content\/uploads\/2022\/07\/casa_estudio_san_esteban2.jpg 1500w\" sizes=\"auto, (max-width: 150px) 100vw, 150px\" \/><\/a>\n\t\t\t<\/div>\n\t\t\t\t<figcaption class='wp-caption-text gallery-caption' id='gallery-1-71469'>\n\t\t\t\tCasa Estudio San Esteban \/ Gil Garc\u00eda (\u00a9 Nicolas Covarrubias)\n\t\t\t\t<\/figcaption><\/figure><figure class='gallery-item'>\n\t\t\t<div class='gallery-icon portrait'>\n\t\t\t\t<a href='https:\/\/www.arquimaster.com.ar\/web\/wp-content\/uploads\/2022\/07\/casa_estudio_san_esteban3.jpg' title=\"Casa Estudio San Esteban \/ Gil Garc\u00eda (\u00a9 Nicolas Covarrubias)\" data-rl_title=\"Casa Estudio San Esteban \/ Gil Garc\u00eda (\u00a9 Nicolas Covarrubias)\" class=\"rl-gallery-link\" data-rl_caption=\"Casa Estudio San Esteban \/ Gil Garc\u00eda (\u00a9 Nicolas Covarrubias)\" data-rel=\"lightbox-gallery-1\"><img loading=\"lazy\" decoding=\"async\" width=\"150\" height=\"150\" src=\"https:\/\/www.arquimaster.com.ar\/web\/wp-content\/uploads\/2022\/07\/casa_estudio_san_esteban3-150x150.jpg\" class=\"attachment-thumbnail size-thumbnail\" alt=\"Casa Estudio San Esteban \/ Gil Garc\u00eda\" aria-describedby=\"gallery-1-71470\" \/><\/a>\n\t\t\t<\/div>\n\t\t\t\t<figcaption class='wp-caption-text gallery-caption' id='gallery-1-71470'>\n\t\t\t\tCasa Estudio San Esteban \/ Gil Garc\u00eda (\u00a9 Nicolas Covarrubias)\n\t\t\t\t<\/figcaption><\/figure><figure class='gallery-item'>\n\t\t\t<div class='gallery-icon landscape'>\n\t\t\t\t<a href='https:\/\/www.arquimaster.com.ar\/web\/wp-content\/uploads\/2022\/07\/casa_estudio_san_esteban4.jpg' title=\"Casa Estudio San Esteban \/ Gil Garc\u00eda (\u00a9 Nicolas Covarrubias)\" data-rl_title=\"Casa Estudio San Esteban \/ Gil Garc\u00eda (\u00a9 Nicolas Covarrubias)\" class=\"rl-gallery-link\" data-rl_caption=\"Casa Estudio San Esteban \/ Gil Garc\u00eda (\u00a9 Nicolas Covarrubias)\" data-rel=\"lightbox-gallery-1\"><img loading=\"lazy\" decoding=\"async\" width=\"150\" height=\"150\" src=\"https:\/\/www.arquimaster.com.ar\/web\/wp-content\/uploads\/2022\/07\/casa_estudio_san_esteban4-150x150.jpg\" class=\"attachment-thumbnail size-thumbnail\" alt=\"Casa Estudio San Esteban \/ Gil Garc\u00eda\" aria-describedby=\"gallery-1-71471\" \/><\/a>\n\t\t\t<\/div>\n\t\t\t\t<figcaption class='wp-caption-text gallery-caption' id='gallery-1-71471'>\n\t\t\t\tCasa Estudio San Esteban \/ Gil Garc\u00eda (\u00a9 Nicolas Covarrubias)\n\t\t\t\t<\/figcaption><\/figure><figure class='gallery-item'>\n\t\t\t<div class='gallery-icon portrait'>\n\t\t\t\t<a href='https:\/\/www.arquimaster.com.ar\/web\/wp-content\/uploads\/2022\/07\/casa_estudio_san_esteban5.jpg' title=\"Casa Estudio San Esteban \/ Gil Garc\u00eda (\u00a9 Nicolas Covarrubias)\" data-rl_title=\"Casa Estudio San Esteban \/ Gil Garc\u00eda (\u00a9 Nicolas Covarrubias)\" class=\"rl-gallery-link\" data-rl_caption=\"Casa Estudio San Esteban \/ Gil Garc\u00eda (\u00a9 Nicolas Covarrubias)\" data-rel=\"lightbox-gallery-1\"><img loading=\"lazy\" decoding=\"async\" width=\"150\" height=\"150\" src=\"https:\/\/www.arquimaster.com.ar\/web\/wp-content\/uploads\/2022\/07\/casa_estudio_san_esteban5-150x150.jpg\" class=\"attachment-thumbnail size-thumbnail\" alt=\"Casa Estudio San Esteban \/ Gil Garc\u00eda\" aria-describedby=\"gallery-1-71472\" \/><\/a>\n\t\t\t<\/div>\n\t\t\t\t<figcaption class='wp-caption-text gallery-caption' id='gallery-1-71472'>\n\t\t\t\tCasa Estudio San Esteban \/ Gil Garc\u00eda (\u00a9 Nicolas Covarrubias)\n\t\t\t\t<\/figcaption><\/figure><figure class='gallery-item'>\n\t\t\t<div class='gallery-icon portrait'>\n\t\t\t\t<a href='https:\/\/www.arquimaster.com.ar\/web\/wp-content\/uploads\/2022\/07\/casa_estudio_san_esteban6.jpg' title=\"Casa Estudio San Esteban \/ Gil Garc\u00eda (\u00a9 Nicolas Covarrubias)\" data-rl_title=\"Casa Estudio San Esteban \/ Gil Garc\u00eda (\u00a9 Nicolas Covarrubias)\" class=\"rl-gallery-link\" data-rl_caption=\"Casa Estudio San Esteban \/ Gil Garc\u00eda (\u00a9 Nicolas Covarrubias)\" data-rel=\"lightbox-gallery-1\"><img loading=\"lazy\" decoding=\"async\" width=\"150\" height=\"150\" src=\"https:\/\/www.arquimaster.com.ar\/web\/wp-content\/uploads\/2022\/07\/casa_estudio_san_esteban6-150x150.jpg\" class=\"attachment-thumbnail size-thumbnail\" alt=\"Casa Estudio San Esteban \/ Gil Garc\u00eda\" aria-describedby=\"gallery-1-71473\" \/><\/a>\n\t\t\t<\/div>\n\t\t\t\t<figcaption class='wp-caption-text gallery-caption' id='gallery-1-71473'>\n\t\t\t\tCasa Estudio San Esteban \/ Gil Garc\u00eda (\u00a9 Nicolas Covarrubias)\n\t\t\t\t<\/figcaption><\/figure><figure class='gallery-item'>\n\t\t\t<div class='gallery-icon landscape'>\n\t\t\t\t<a href='https:\/\/www.arquimaster.com.ar\/web\/wp-content\/uploads\/2022\/07\/casa_estudio_san_esteban7.jpg' title=\"Casa Estudio San Esteban \/ Gil Garc\u00eda (\u00a9 Nicolas Covarrubias)\" data-rl_title=\"Casa Estudio San Esteban \/ Gil Garc\u00eda (\u00a9 Nicolas Covarrubias)\" class=\"rl-gallery-link\" data-rl_caption=\"Casa Estudio San Esteban \/ Gil Garc\u00eda (\u00a9 Nicolas Covarrubias)\" data-rel=\"lightbox-gallery-1\"><img loading=\"lazy\" decoding=\"async\" width=\"150\" height=\"150\" src=\"https:\/\/www.arquimaster.com.ar\/web\/wp-content\/uploads\/2022\/07\/casa_estudio_san_esteban7-150x150.jpg\" class=\"attachment-thumbnail size-thumbnail\" alt=\"Casa Estudio San Esteban \/ Gil Garc\u00eda\" aria-describedby=\"gallery-1-71474\" \/><\/a>\n\t\t\t<\/div>\n\t\t\t\t<figcaption class='wp-caption-text gallery-caption' id='gallery-1-71474'>\n\t\t\t\tCasa Estudio San Esteban \/ Gil Garc\u00eda (\u00a9 Nicolas Covarrubias)\n\t\t\t\t<\/figcaption><\/figure><figure class='gallery-item'>\n\t\t\t<div class='gallery-icon portrait'>\n\t\t\t\t<a href='https:\/\/www.arquimaster.com.ar\/web\/wp-content\/uploads\/2022\/07\/casa_estudio_san_esteban8.jpg' title=\"Casa Estudio San Esteban \/ Gil Garc\u00eda (\u00a9 Nicolas Covarrubias)\" data-rl_title=\"Casa Estudio San Esteban \/ Gil Garc\u00eda (\u00a9 Nicolas Covarrubias)\" class=\"rl-gallery-link\" data-rl_caption=\"Casa Estudio San Esteban \/ Gil Garc\u00eda (\u00a9 Nicolas Covarrubias)\" data-rel=\"lightbox-gallery-1\"><img loading=\"lazy\" decoding=\"async\" width=\"150\" height=\"150\" src=\"https:\/\/www.arquimaster.com.ar\/web\/wp-content\/uploads\/2022\/07\/casa_estudio_san_esteban8-150x150.jpg\" class=\"attachment-thumbnail size-thumbnail\" alt=\"Casa Estudio San Esteban \/ Gil Garc\u00eda\" aria-describedby=\"gallery-1-71475\" \/><\/a>\n\t\t\t<\/div>\n\t\t\t\t<figcaption class='wp-caption-text gallery-caption' id='gallery-1-71475'>\n\t\t\t\tCasa Estudio San Esteban \/ Gil Garc\u00eda (\u00a9 Nicolas Covarrubias)\n\t\t\t\t<\/figcaption><\/figure><figure class='gallery-item'>\n\t\t\t<div class='gallery-icon landscape'>\n\t\t\t\t<a href='https:\/\/www.arquimaster.com.ar\/web\/wp-content\/uploads\/2022\/07\/casa_estudio_san_esteban9.jpg' title=\"Casa Estudio San Esteban \/ Gil Garc\u00eda (\u00a9 Nicolas Covarrubias)\" data-rl_title=\"Casa Estudio San Esteban \/ Gil Garc\u00eda (\u00a9 Nicolas Covarrubias)\" class=\"rl-gallery-link\" data-rl_caption=\"Casa Estudio San Esteban \/ Gil Garc\u00eda (\u00a9 Nicolas Covarrubias)\" data-rel=\"lightbox-gallery-1\"><img loading=\"lazy\" decoding=\"async\" width=\"150\" height=\"150\" src=\"https:\/\/www.arquimaster.com.ar\/web\/wp-content\/uploads\/2022\/07\/casa_estudio_san_esteban9-150x150.jpg\" class=\"attachment-thumbnail size-thumbnail\" alt=\"Casa Estudio San Esteban \/ Gil Garc\u00eda\" aria-describedby=\"gallery-1-71476\" \/><\/a>\n\t\t\t<\/div>\n\t\t\t\t<figcaption class='wp-caption-text gallery-caption' id='gallery-1-71476'>\n\t\t\t\tCasa Estudio San Esteban \/ Gil Garc\u00eda (\u00a9 Nicolas Covarrubias)\n\t\t\t\t<\/figcaption><\/figure><figure class='gallery-item'>\n\t\t\t<div class='gallery-icon portrait'>\n\t\t\t\t<a href='https:\/\/www.arquimaster.com.ar\/web\/wp-content\/uploads\/2022\/07\/casa_estudio_san_esteban10.jpg' title=\"Casa Estudio San Esteban \/ Gil Garc\u00eda (\u00a9 Nicolas Covarrubias)\" data-rl_title=\"Casa Estudio San Esteban \/ Gil Garc\u00eda (\u00a9 Nicolas Covarrubias)\" class=\"rl-gallery-link\" data-rl_caption=\"Casa Estudio San Esteban \/ Gil Garc\u00eda (\u00a9 Nicolas Covarrubias)\" data-rel=\"lightbox-gallery-1\"><img loading=\"lazy\" decoding=\"async\" width=\"150\" height=\"150\" src=\"https:\/\/www.arquimaster.com.ar\/web\/wp-content\/uploads\/2022\/07\/casa_estudio_san_esteban10-150x150.jpg\" class=\"attachment-thumbnail size-thumbnail\" alt=\"Casa Estudio San Esteban \/ Gil Garc\u00eda\" aria-describedby=\"gallery-1-71477\" \/><\/a>\n\t\t\t<\/div>\n\t\t\t\t<figcaption class='wp-caption-text gallery-caption' id='gallery-1-71477'>\n\t\t\t\tCasa Estudio San Esteban \/ Gil Garc\u00eda (\u00a9 Nicolas Covarrubias)\n\t\t\t\t<\/figcaption><\/figure><figure class='gallery-item'>\n\t\t\t<div class='gallery-icon portrait'>\n\t\t\t\t<a href='https:\/\/www.arquimaster.com.ar\/web\/wp-content\/uploads\/2022\/07\/casa_estudio_san_esteban11.jpg' title=\"Casa Estudio San Esteban \/ Gil Garc\u00eda (\u00a9 Nicolas Covarrubias)\" data-rl_title=\"Casa Estudio San Esteban \/ Gil Garc\u00eda (\u00a9 Nicolas Covarrubias)\" class=\"rl-gallery-link\" data-rl_caption=\"Casa Estudio San Esteban \/ Gil Garc\u00eda (\u00a9 Nicolas Covarrubias)\" data-rel=\"lightbox-gallery-1\"><img loading=\"lazy\" decoding=\"async\" width=\"150\" height=\"150\" src=\"https:\/\/www.arquimaster.com.ar\/web\/wp-content\/uploads\/2022\/07\/casa_estudio_san_esteban11-150x150.jpg\" class=\"attachment-thumbnail size-thumbnail\" alt=\"Casa Estudio San Esteban \/ Gil Garc\u00eda\" aria-describedby=\"gallery-1-71478\" \/><\/a>\n\t\t\t<\/div>\n\t\t\t\t<figcaption class='wp-caption-text gallery-caption' id='gallery-1-71478'>\n\t\t\t\tCasa Estudio San Esteban \/ Gil Garc\u00eda (\u00a9 Nicolas Covarrubias)\n\t\t\t\t<\/figcaption><\/figure><figure class='gallery-item'>\n\t\t\t<div class='gallery-icon portrait'>\n\t\t\t\t<a href='https:\/\/www.arquimaster.com.ar\/web\/wp-content\/uploads\/2022\/07\/casa_estudio_san_esteban12.jpg' title=\"Casa Estudio San Esteban \/ Gil Garc\u00eda (\u00a9 Nicolas Covarrubias)\" data-rl_title=\"Casa Estudio San Esteban \/ Gil Garc\u00eda (\u00a9 Nicolas Covarrubias)\" class=\"rl-gallery-link\" data-rl_caption=\"Casa Estudio San Esteban \/ Gil Garc\u00eda (\u00a9 Nicolas Covarrubias)\" data-rel=\"lightbox-gallery-1\"><img loading=\"lazy\" decoding=\"async\" width=\"150\" height=\"150\" src=\"https:\/\/www.arquimaster.com.ar\/web\/wp-content\/uploads\/2022\/07\/casa_estudio_san_esteban12-150x150.jpg\" class=\"attachment-thumbnail size-thumbnail\" alt=\"Casa Estudio San Esteban \/ Gil Garc\u00eda\" aria-describedby=\"gallery-1-71479\" \/><\/a>\n\t\t\t<\/div>\n\t\t\t\t<figcaption class='wp-caption-text gallery-caption' id='gallery-1-71479'>\n\t\t\t\tCasa Estudio San Esteban \/ Gil Garc\u00eda (\u00a9 Nicolas Covarrubias)\n\t\t\t\t<\/figcaption><\/figure><figure class='gallery-item'>\n\t\t\t<div class='gallery-icon landscape'>\n\t\t\t\t<a href='https:\/\/www.arquimaster.com.ar\/web\/wp-content\/uploads\/2022\/07\/casa_estudio_san_esteban13.jpg' title=\"Casa Estudio San Esteban \/ Gil Garc\u00eda (\u00a9 Nicolas Covarrubias)\" data-rl_title=\"Casa Estudio San Esteban \/ Gil Garc\u00eda (\u00a9 Nicolas Covarrubias)\" class=\"rl-gallery-link\" data-rl_caption=\"Casa Estudio San Esteban \/ Gil Garc\u00eda (\u00a9 Nicolas Covarrubias)\" data-rel=\"lightbox-gallery-1\"><img loading=\"lazy\" decoding=\"async\" width=\"150\" height=\"150\" src=\"https:\/\/www.arquimaster.com.ar\/web\/wp-content\/uploads\/2022\/07\/casa_estudio_san_esteban13-150x150.jpg\" class=\"attachment-thumbnail size-thumbnail\" alt=\"Casa Estudio San Esteban \/ Gil Garc\u00eda\" aria-describedby=\"gallery-1-71480\" \/><\/a>\n\t\t\t<\/div>\n\t\t\t\t<figcaption class='wp-caption-text gallery-caption' id='gallery-1-71480'>\n\t\t\t\tCasa Estudio San Esteban \/ Gil Garc\u00eda (\u00a9 Nicolas Covarrubias)\n\t\t\t\t<\/figcaption><\/figure><figure class='gallery-item'>\n\t\t\t<div class='gallery-icon landscape'>\n\t\t\t\t<a href='https:\/\/www.arquimaster.com.ar\/web\/wp-content\/uploads\/2022\/07\/casa_estudio_san_esteban14.jpg' title=\"Casa Estudio San Esteban \/ Gil Garc\u00eda (\u00a9 Nicolas Covarrubias)\" data-rl_title=\"Casa Estudio San Esteban \/ Gil Garc\u00eda (\u00a9 Nicolas Covarrubias)\" class=\"rl-gallery-link\" data-rl_caption=\"Casa Estudio San Esteban \/ Gil Garc\u00eda (\u00a9 Nicolas Covarrubias)\" data-rel=\"lightbox-gallery-1\"><img loading=\"lazy\" decoding=\"async\" width=\"150\" height=\"150\" src=\"https:\/\/www.arquimaster.com.ar\/web\/wp-content\/uploads\/2022\/07\/casa_estudio_san_esteban14-150x150.jpg\" class=\"attachment-thumbnail size-thumbnail\" alt=\"Casa Estudio San Esteban \/ Gil Garc\u00eda\" aria-describedby=\"gallery-1-71481\" \/><\/a>\n\t\t\t<\/div>\n\t\t\t\t<figcaption class='wp-caption-text gallery-caption' id='gallery-1-71481'>\n\t\t\t\tCasa Estudio San Esteban \/ Gil Garc\u00eda (\u00a9 Nicolas Covarrubias)\n\t\t\t\t<\/figcaption><\/figure><figure class='gallery-item'>\n\t\t\t<div class='gallery-icon landscape'>\n\t\t\t\t<a href='https:\/\/www.arquimaster.com.ar\/web\/wp-content\/uploads\/2022\/07\/casa_estudio_san_esteban15.jpg' title=\"Casa Estudio San Esteban \/ Gil Garc\u00eda (\u00a9 Nicolas Covarrubias)\" data-rl_title=\"Casa Estudio San Esteban \/ Gil Garc\u00eda (\u00a9 Nicolas Covarrubias)\" class=\"rl-gallery-link\" data-rl_caption=\"Casa Estudio San Esteban \/ Gil Garc\u00eda (\u00a9 Nicolas Covarrubias)\" data-rel=\"lightbox-gallery-1\"><img loading=\"lazy\" decoding=\"async\" width=\"150\" height=\"150\" src=\"https:\/\/www.arquimaster.com.ar\/web\/wp-content\/uploads\/2022\/07\/casa_estudio_san_esteban15-150x150.jpg\" class=\"attachment-thumbnail size-thumbnail\" alt=\"Casa Estudio San Esteban \/ Gil Garc\u00eda\" aria-describedby=\"gallery-1-71482\" \/><\/a>\n\t\t\t<\/div>\n\t\t\t\t<figcaption class='wp-caption-text gallery-caption' id='gallery-1-71482'>\n\t\t\t\tCasa Estudio San Esteban \/ Gil Garc\u00eda (\u00a9 Nicolas Covarrubias)\n\t\t\t\t<\/figcaption><\/figure><figure class='gallery-item'>\n\t\t\t<div class='gallery-icon portrait'>\n\t\t\t\t<a href='https:\/\/www.arquimaster.com.ar\/web\/wp-content\/uploads\/2022\/07\/casa_estudio_san_esteban16.jpg' title=\"Casa Estudio San Esteban \/ Gil Garc\u00eda (\u00a9 Nicolas Covarrubias)\" data-rl_title=\"Casa Estudio San Esteban \/ Gil Garc\u00eda (\u00a9 Nicolas Covarrubias)\" class=\"rl-gallery-link\" data-rl_caption=\"Casa Estudio San Esteban \/ Gil Garc\u00eda (\u00a9 Nicolas Covarrubias)\" data-rel=\"lightbox-gallery-1\"><img loading=\"lazy\" decoding=\"async\" width=\"150\" height=\"150\" src=\"https:\/\/www.arquimaster.com.ar\/web\/wp-content\/uploads\/2022\/07\/casa_estudio_san_esteban16-150x150.jpg\" class=\"attachment-thumbnail size-thumbnail\" alt=\"Casa Estudio San Esteban \/ Gil Garc\u00eda\" aria-describedby=\"gallery-1-71483\" \/><\/a>\n\t\t\t<\/div>\n\t\t\t\t<figcaption class='wp-caption-text gallery-caption' id='gallery-1-71483'>\n\t\t\t\tCasa Estudio San Esteban \/ Gil Garc\u00eda (\u00a9 Nicolas Covarrubias)\n\t\t\t\t<\/figcaption><\/figure><figure class='gallery-item'>\n\t\t\t<div class='gallery-icon landscape'>\n\t\t\t\t<a href='https:\/\/www.arquimaster.com.ar\/web\/wp-content\/uploads\/2022\/07\/casa_estudio_san_esteban17.jpg' title=\"Casa Estudio San Esteban \/ Gil Garc\u00eda (planta baja)\" data-rl_title=\"Casa Estudio San Esteban \/ Gil Garc\u00eda (planta baja)\" class=\"rl-gallery-link\" data-rl_caption=\"Casa Estudio San Esteban \/ Gil Garc\u00eda (planta baja)\" data-rel=\"lightbox-gallery-1\"><img loading=\"lazy\" decoding=\"async\" width=\"150\" height=\"150\" src=\"https:\/\/www.arquimaster.com.ar\/web\/wp-content\/uploads\/2022\/07\/casa_estudio_san_esteban17-150x150.jpg\" class=\"attachment-thumbnail size-thumbnail\" alt=\"Casa Estudio San Esteban \/ Gil Garc\u00eda\" aria-describedby=\"gallery-1-71484\" \/><\/a>\n\t\t\t<\/div>\n\t\t\t\t<figcaption class='wp-caption-text gallery-caption' id='gallery-1-71484'>\n\t\t\t\tCasa Estudio San Esteban \/ Gil Garc\u00eda (planta baja)\n\t\t\t\t<\/figcaption><\/figure><figure class='gallery-item'>\n\t\t\t<div class='gallery-icon landscape'>\n\t\t\t\t<a href='https:\/\/www.arquimaster.com.ar\/web\/wp-content\/uploads\/2022\/07\/casa_estudio_san_esteban18.jpg' title=\"Casa Estudio San Esteban \/ Gil Garc\u00eda (planta alta)\" data-rl_title=\"Casa Estudio San Esteban \/ Gil Garc\u00eda (planta alta)\" class=\"rl-gallery-link\" data-rl_caption=\"Casa Estudio San Esteban \/ Gil Garc\u00eda (planta alta)\" data-rel=\"lightbox-gallery-1\"><img loading=\"lazy\" decoding=\"async\" width=\"150\" height=\"150\" src=\"https:\/\/www.arquimaster.com.ar\/web\/wp-content\/uploads\/2022\/07\/casa_estudio_san_esteban18-150x150.jpg\" class=\"attachment-thumbnail size-thumbnail\" alt=\"Casa Estudio San Esteban \/ Gil Garc\u00eda\" aria-describedby=\"gallery-1-71485\" \/><\/a>\n\t\t\t<\/div>\n\t\t\t\t<figcaption class='wp-caption-text gallery-caption' id='gallery-1-71485'>\n\t\t\t\tCasa Estudio San Esteban \/ Gil Garc\u00eda (planta alta)\n\t\t\t\t<\/figcaption><\/figure><figure class='gallery-item'>\n\t\t\t<div class='gallery-icon landscape'>\n\t\t\t\t<a href='https:\/\/www.arquimaster.com.ar\/web\/wp-content\/uploads\/2022\/07\/casa_estudio_san_esteban19.jpg' title=\"Casa Estudio San Esteban \/ Gil Garc\u00eda (planta de techos)\" data-rl_title=\"Casa Estudio San Esteban \/ Gil Garc\u00eda (planta de techos)\" class=\"rl-gallery-link\" data-rl_caption=\"Casa Estudio San Esteban \/ Gil Garc\u00eda (planta de techos)\" data-rel=\"lightbox-gallery-1\"><img loading=\"lazy\" decoding=\"async\" width=\"150\" height=\"150\" src=\"https:\/\/www.arquimaster.com.ar\/web\/wp-content\/uploads\/2022\/07\/casa_estudio_san_esteban19-150x150.jpg\" class=\"attachment-thumbnail size-thumbnail\" alt=\"Casa Estudio San Esteban \/ Gil Garc\u00eda\" aria-describedby=\"gallery-1-71486\" \/><\/a>\n\t\t\t<\/div>\n\t\t\t\t<figcaption class='wp-caption-text gallery-caption' id='gallery-1-71486'>\n\t\t\t\tCasa Estudio San Esteban \/ Gil Garc\u00eda (planta de techos)\n\t\t\t\t<\/figcaption><\/figure><figure class='gallery-item'>\n\t\t\t<div class='gallery-icon landscape'>\n\t\t\t\t<a href='https:\/\/www.arquimaster.com.ar\/web\/wp-content\/uploads\/2022\/07\/casa_estudio_san_esteban20.jpg' title=\"Casa Estudio San Esteban \/ Gil Garc\u00eda (corte)\" data-rl_title=\"Casa Estudio San Esteban \/ Gil Garc\u00eda (corte)\" class=\"rl-gallery-link\" data-rl_caption=\"Casa Estudio San Esteban \/ Gil Garc\u00eda (corte)\" data-rel=\"lightbox-gallery-1\"><img loading=\"lazy\" decoding=\"async\" width=\"150\" height=\"150\" src=\"https:\/\/www.arquimaster.com.ar\/web\/wp-content\/uploads\/2022\/07\/casa_estudio_san_esteban20-150x150.jpg\" class=\"attachment-thumbnail size-thumbnail\" alt=\"Casa Estudio San Esteban \/ Gil Garc\u00eda\" aria-describedby=\"gallery-1-71487\" \/><\/a>\n\t\t\t<\/div>\n\t\t\t\t<figcaption class='wp-caption-text gallery-caption' id='gallery-1-71487'>\n\t\t\t\tCasa Estudio San Esteban \/ Gil Garc\u00eda (corte)\n\t\t\t\t<\/figcaption><\/figure><figure class='gallery-item'>\n\t\t\t<div class='gallery-icon landscape'>\n\t\t\t\t<a href='https:\/\/www.arquimaster.com.ar\/web\/wp-content\/uploads\/2022\/07\/casa_estudio_san_esteban21.jpg' title=\"Casa Estudio San Esteban \/ Gil Garc\u00eda (corte)\" data-rl_title=\"Casa Estudio San Esteban \/ Gil Garc\u00eda (corte)\" class=\"rl-gallery-link\" data-rl_caption=\"Casa Estudio San Esteban \/ Gil Garc\u00eda (corte)\" data-rel=\"lightbox-gallery-1\"><img loading=\"lazy\" decoding=\"async\" width=\"150\" height=\"150\" src=\"https:\/\/www.arquimaster.com.ar\/web\/wp-content\/uploads\/2022\/07\/casa_estudio_san_esteban21-150x150.jpg\" class=\"attachment-thumbnail size-thumbnail\" alt=\"Casa Estudio San Esteban \/ Gil Garc\u00eda\" aria-describedby=\"gallery-1-71488\" \/><\/a>\n\t\t\t<\/div>\n\t\t\t\t<figcaption class='wp-caption-text gallery-caption' id='gallery-1-71488'>\n\t\t\t\tCasa Estudio San Esteban \/ Gil Garc\u00eda (corte)\n\t\t\t\t<\/figcaption><\/figure><figure class='gallery-item'>\n\t\t\t<div class='gallery-icon landscape'>\n\t\t\t\t<a href='https:\/\/www.arquimaster.com.ar\/web\/wp-content\/uploads\/2022\/07\/casa_estudio_san_esteban22.jpg' title=\"Casa Estudio San Esteban \/ Gil Garc\u00eda (corte)\" data-rl_title=\"Casa Estudio San Esteban \/ Gil Garc\u00eda (corte)\" class=\"rl-gallery-link\" data-rl_caption=\"Casa Estudio San Esteban \/ Gil Garc\u00eda (corte)\" data-rel=\"lightbox-gallery-1\"><img loading=\"lazy\" decoding=\"async\" width=\"150\" height=\"150\" src=\"https:\/\/www.arquimaster.com.ar\/web\/wp-content\/uploads\/2022\/07\/casa_estudio_san_esteban22-150x150.jpg\" class=\"attachment-thumbnail size-thumbnail\" alt=\"Casa Estudio San Esteban \/ Gil Garc\u00eda\" aria-describedby=\"gallery-1-71489\" \/><\/a>\n\t\t\t<\/div>\n\t\t\t\t<figcaption class='wp-caption-text gallery-caption' id='gallery-1-71489'>\n\t\t\t\tCasa Estudio San Esteban \/ Gil Garc\u00eda (corte)\n\t\t\t\t<\/figcaption><\/figure><figure class='gallery-item'>\n\t\t\t<div class='gallery-icon landscape'>\n\t\t\t\t<a href='https:\/\/www.arquimaster.com.ar\/web\/wp-content\/uploads\/2022\/07\/casa_estudio_san_esteban23.jpg' title=\"Casa Estudio San Esteban \/ Gil Garc\u00eda (corte)\" data-rl_title=\"Casa Estudio San Esteban \/ Gil Garc\u00eda (corte)\" class=\"rl-gallery-link\" data-rl_caption=\"Casa Estudio San Esteban \/ Gil Garc\u00eda (corte)\" data-rel=\"lightbox-gallery-1\"><img loading=\"lazy\" decoding=\"async\" width=\"150\" height=\"150\" src=\"https:\/\/www.arquimaster.com.ar\/web\/wp-content\/uploads\/2022\/07\/casa_estudio_san_esteban23-150x150.jpg\" class=\"attachment-thumbnail size-thumbnail\" alt=\"Casa Estudio San Esteban \/ Gil Garc\u00eda\" aria-describedby=\"gallery-1-71490\" \/><\/a>\n\t\t\t<\/div>\n\t\t\t\t<figcaption class='wp-caption-text gallery-caption' id='gallery-1-71490'>\n\t\t\t\tCasa Estudio San Esteban \/ Gil Garc\u00eda (corte)\n\t\t\t\t<\/figcaption><\/figure><figure class='gallery-item'>\n\t\t\t<div class='gallery-icon landscape'>\n\t\t\t\t<a href='https:\/\/www.arquimaster.com.ar\/web\/wp-content\/uploads\/2022\/07\/casa_estudio_san_esteban24.jpg' title=\"Casa Estudio San Esteban \/ Gil Garc\u00eda (vista principal)\" data-rl_title=\"Casa Estudio San Esteban \/ Gil Garc\u00eda (vista principal)\" class=\"rl-gallery-link\" data-rl_caption=\"Casa Estudio San Esteban \/ Gil Garc\u00eda (vista principal)\" data-rel=\"lightbox-gallery-1\"><img loading=\"lazy\" decoding=\"async\" width=\"150\" height=\"150\" src=\"https:\/\/www.arquimaster.com.ar\/web\/wp-content\/uploads\/2022\/07\/casa_estudio_san_esteban24-150x150.jpg\" class=\"attachment-thumbnail size-thumbnail\" alt=\"Casa Estudio San Esteban \/ Gil Garc\u00eda\" aria-describedby=\"gallery-1-71491\" \/><\/a>\n\t\t\t<\/div>\n\t\t\t\t<figcaption class='wp-caption-text gallery-caption' id='gallery-1-71491'>\n\t\t\t\tCasa Estudio San Esteban \/ Gil Garc\u00eda (vista principal)\n\t\t\t\t<\/figcaption><\/figure><figure class='gallery-item'>\n\t\t\t<div class='gallery-icon landscape'>\n\t\t\t\t<a href='https:\/\/www.arquimaster.com.ar\/web\/wp-content\/uploads\/2022\/07\/casa_estudio_san_esteban25.jpg' title=\"Casa Estudio San Esteban \/ Gil Garc\u00eda (vista posterior)\" data-rl_title=\"Casa Estudio San Esteban \/ Gil Garc\u00eda (vista posterior)\" class=\"rl-gallery-link\" data-rl_caption=\"Casa Estudio San Esteban \/ Gil Garc\u00eda (vista posterior)\" data-rel=\"lightbox-gallery-1\"><img loading=\"lazy\" decoding=\"async\" width=\"150\" height=\"150\" src=\"https:\/\/www.arquimaster.com.ar\/web\/wp-content\/uploads\/2022\/07\/casa_estudio_san_esteban25-150x150.jpg\" class=\"attachment-thumbnail size-thumbnail\" alt=\"Casa Estudio San Esteban \/ Gil Garc\u00eda\" aria-describedby=\"gallery-1-71492\" \/><\/a>\n\t\t\t<\/div>\n\t\t\t\t<figcaption class='wp-caption-text gallery-caption' id='gallery-1-71492'>\n\t\t\t\tCasa Estudio San Esteban \/ Gil Garc\u00eda (vista posterior)\n\t\t\t\t<\/figcaption><\/figure><figure class='gallery-item'>\n\t\t\t<div class='gallery-icon landscape'>\n\t\t\t\t<a href='https:\/\/www.arquimaster.com.ar\/web\/wp-content\/uploads\/2022\/07\/casa_estudio_san_esteban26.jpg' title=\"Casa Estudio San Esteban \/ Gil Garc\u00eda (axonometria)\" data-rl_title=\"Casa Estudio San Esteban \/ Gil Garc\u00eda (axonometria)\" class=\"rl-gallery-link\" data-rl_caption=\"Casa Estudio San Esteban \/ Gil Garc\u00eda (axonometria)\" data-rel=\"lightbox-gallery-1\"><img loading=\"lazy\" decoding=\"async\" width=\"150\" height=\"150\" src=\"https:\/\/www.arquimaster.com.ar\/web\/wp-content\/uploads\/2022\/07\/casa_estudio_san_esteban26-150x150.jpg\" class=\"attachment-thumbnail size-thumbnail\" alt=\"Casa Estudio San Esteban \/ Gil Garc\u00eda\" aria-describedby=\"gallery-1-71493\" \/><\/a>\n\t\t\t<\/div>\n\t\t\t\t<figcaption class='wp-caption-text gallery-caption' id='gallery-1-71493'>\n\t\t\t\tCasa Estudio San Esteban \/ Gil Garc\u00eda (axonometria)\n\t\t\t\t<\/figcaption><\/figure>\n\t\t<\/div>\n\n<p>Casa Estudio San Esteban, fue planteada para ser un refugio de investigaci\u00f3n, contemplaci\u00f3n y tranquilidad, junto con una fuente de inspiraci\u00f3n conectado a la naturaleza que ofrece el paisaje.<\/p>\n<p>Con una planta baja libre, logra diversificarse para que pueda tener una infinidad de usos durante el d\u00eda y la noche, y en su segundo nivel, con un sistema de m\u00f3dulos independientes, el dise\u00f1o profundiza en la sencillez de su forma mientras incrementa la entrada de luz natural que genera vistas integr\u00e1ndose al proyecto, y al contar con una circulaci\u00f3n al aire libre, se facilita el trabajar y vivir con un equipo de trabajo de diversas personas.<\/p>\n<p>Con un programa simple, el principal reto era hacer m\u00e1s con menos, debido al esfuerzo presupuestal, la materialidad de la casa se expone al desnudo, con enjarres de estuco, tradicionales de las viviendas del pueblo y debido a la complejidad del sitio, y forma en la que se acced\u00eda, represent\u00f3 una gran ense\u00f1anza para el taller sobre las metodolog\u00edas constructivas de la regi\u00f3n y su mano de obra, exigiendo una alta calidad por sus materiales en bruto, como fueron, las b\u00f3vedas de cu\u00f1a, muros en piedra de la regi\u00f3n y ladrillo aparente, con una fusi\u00f3n contempor\u00e1nea en vigas de acero y grandes ventanales que permiten apreciar el paisaje, pero a su vez, logran un cierre t\u00e9rmico que protege de las condiciones ambientales.<\/p>\n<p>El proyecto comprende y respeta su contexto, pero tambi\u00e9n entiende sus limitaciones. La morfolog\u00eda del terreno marc\u00f3 la pauta para el inicio de este proyecto, y los asoleamientos y ventilaciones cruzadas fueron puntos claves al momento de ejecutarla.<\/p>\n\n\n<div style=\"height:20px\" aria-hidden=\"true\" class=\"wp-block-spacer\"><\/div>\n\n\n\n<p class=\"has-background\" style=\"background-color:#eaeaea\"><strong>Ficha t\u00e9cnica<\/strong><br>Nombre: Casa Estudio San Esteban<br>Ubicaci\u00f3n: San Esteban, Jalisco, M\u00e9xico<br>Oficina: Gil Garc\u00eda<br>Autores: Carla Adriana Gil L\u00f3pez, Sergio Garc\u00eda Navarro<br>Tipo de proyecto: Residencial<br>Superficie: 492,17 m2<br>A\u00f1o finalizaci\u00f3n: 2020<br>Fotograf\u00edas: Nicolas Covarrubias<br><br><strong>Contacto<\/strong><br><a href=\"https:\/\/www.gilgarcia.mx\" target=\"_blank\" rel=\"noreferrer noopener\">https:\/\/www.gilgarcia.mx<\/a><br>Instagram: @gilgarciarq<br>Facebook: gilgarciarq<\/p>\n\n\n\n<div style=\"height:40px\" aria-hidden=\"true\" class=\"wp-block-spacer\"><\/div>\n\n\n<p><strong><em>English version<\/em><\/strong><\/p>\n<p><em>The project is located on the outskirts of the municipality of Zapopan, a few minutes from the town of San Esteban, in an area with excellent views, due to its higher altitude, where you can find hills for cycling, hiking, and which serves as a place to disconnect from the city.<\/em><\/p>\n<p><em>Casa Estudio San Esteban, was conceived to be a refuge of research, contemplation and tranquility, along with a source of inspiration connected to the nature offered by the landscape.<\/em><\/p>\n<p><em>With a free ground floor, it manages to diversify so that it can have an infinity of uses during the day and night, and on its second level, with a system of independent modules, the design deepens the simplicity of its form while increasing the entry of natural light that generates views integrating into the project, and having an outdoor circulation, it makes it easier to work and live with a work team of different people.<\/em><\/p>\n<p><em>With a simple program, the main challenge was to do more with less, due to the budgetary effort, the materiality of the house is exposed to the naked, with stucco jars, traditional of the houses of the town and due to the complexity of the site, and way in which it was accessed, represented a great teaching for the workshop on the construction methodologies of the region and its workforce, demanding a high quality for its raw materials, such as the wedge vaults, stone walls of the region and apparent brick, with a contemporary fusion in steel beams and large windows that allow you to appreciate the landscape, but at the same time, they achieve a thermal closure that protects from the environmental conditions.<\/em><\/p>\n<p><em>The project understands and respects its context, but also understands its limitations. The morphology of the terrain set the tone for the start of this project, and the sunlight and cross ventilation were key points at the time of executing it.<\/em><\/p>\n<div style=\"font-size: 0px; height: 0px; line-height: 0px; margin: 0; padding: 0; clear: both;\"><\/div><div style=\"margin-top: 0px; margin-bottom: 0px;\" class=\"sharethis-inline-share-buttons\" ><\/div>","protected":false},"excerpt":{"rendered":"<p>Refugio de investigaci\u00f3n, contemplaci\u00f3n y tranquilidad conectado a la naturaleza&#8230;<\/p>\n","protected":false},"author":1,"featured_media":71467,"comment_status":"closed","ping_status":"closed","sticky":false,"template":"","format":"standard","meta":{"_uag_custom_page_level_css":"","footnotes":""},"categories":[1,251],"tags":[4282,7495,7492,1711,7494,1052,24,7493,7496,6471],"class_list":["post-71466","post","type-post","status-publish","format-standard","has-post-thumbnail","hentry","category-proyecto","category-casas-de-playa","tag-arquitectura-residencial","tag-carla-adriana-gil-lopez","tag-casa-estudio","tag-estudio","tag-gil-garcia","tag-jalisco","tag-mexico","tag-san-esteban","tag-sergio-garcia-navarro","tag-vivienda-no-permanente","generate-columns","tablet-grid-50","mobile-grid-100","grid-parent","grid-50"],"yoast_head":"<!-- This site is optimized with the Yoast SEO plugin v27.3 - https:\/\/yoast.com\/product\/yoast-seo-wordpress\/ -->\n<title>Casa Estudio San Esteban \/ Gil Garc\u00eda - Arquimaster<\/title>\n<meta name=\"description\" content=\"Refugio de investigaci\u00f3n, contemplaci\u00f3n y tranquilidad, junto con una fuente de inspiraci\u00f3n conectado a la naturaleza que ofrece el paisaje.\" \/>\n<meta name=\"robots\" content=\"index, follow, max-snippet:-1, max-image-preview:large, max-video-preview:-1\" \/>\n<link rel=\"canonical\" href=\"https:\/\/www.arquimaster.com.ar\/web\/casa-estudio-san-esteban-gil-garcia\/\" \/>\n<meta property=\"og:locale\" content=\"es_ES\" \/>\n<meta property=\"og:type\" content=\"article\" \/>\n<meta property=\"og:title\" content=\"Casa Estudio San Esteban \/ Gil Garc\u00eda\" \/>\n<meta property=\"og:description\" content=\"Refugio de investigaci\u00f3n, contemplaci\u00f3n y tranquilidad, junto con una fuente de inspiraci\u00f3n conectado a la naturaleza que ofrece el paisaje.\" \/>\n<meta property=\"og:url\" content=\"https:\/\/www.arquimaster.com.ar\/web\/casa-estudio-san-esteban-gil-garcia\/\" \/>\n<meta property=\"og:site_name\" content=\"Arquimaster\" \/>\n<meta property=\"article:publisher\" content=\"http:\/\/www.facebook.com\/ARQUIMASTER.com.ar\" \/>\n<meta property=\"article:published_time\" content=\"2022-07-16T03:49:14+00:00\" \/>\n<meta property=\"article:modified_time\" content=\"2023-01-02T18:20:41+00:00\" \/>\n<meta property=\"og:image\" content=\"https:\/\/www.arquimaster.com.ar\/web\/wp-content\/uploads\/2022\/07\/casa_estudio_san_esteban_slide.jpg\" \/>\n\t<meta property=\"og:image:width\" content=\"698\" \/>\n\t<meta property=\"og:image:height\" content=\"364\" \/>\n\t<meta property=\"og:image:type\" content=\"image\/jpeg\" \/>\n<meta name=\"author\" content=\"Arquimaster\" \/>\n<meta name=\"twitter:card\" content=\"summary_large_image\" \/>\n<meta name=\"twitter:title\" content=\"Casa Estudio San Esteban \/ Gil Garc\u00eda\" \/>\n<meta name=\"twitter:description\" content=\"Refugio de investigaci\u00f3n, contemplaci\u00f3n y tranquilidad, junto con una fuente de inspiraci\u00f3n conectado a la naturaleza que ofrece el paisaje.\" \/>\n<meta name=\"twitter:image\" content=\"https:\/\/www.arquimaster.com.ar\/web\/wp-content\/uploads\/2022\/07\/casa_estudio_san_esteban_slide.jpg\" \/>\n<meta name=\"twitter:creator\" content=\"@arquimaster\" \/>\n<meta name=\"twitter:site\" content=\"@arquimaster\" \/>\n<meta name=\"twitter:label1\" content=\"Escrito por\" \/>\n\t<meta name=\"twitter:data1\" content=\"Arquimaster\" \/>\n\t<meta name=\"twitter:label2\" content=\"Tiempo de lectura\" \/>\n\t<meta name=\"twitter:data2\" content=\"4 minutos\" \/>\n<script type=\"application\/ld+json\" class=\"yoast-schema-graph\">{\"@context\":\"https:\\\/\\\/schema.org\",\"@graph\":[{\"@type\":\"Article\",\"@id\":\"https:\\\/\\\/www.arquimaster.com.ar\\\/web\\\/casa-estudio-san-esteban-gil-garcia\\\/#article\",\"isPartOf\":{\"@id\":\"https:\\\/\\\/www.arquimaster.com.ar\\\/web\\\/casa-estudio-san-esteban-gil-garcia\\\/\"},\"author\":{\"name\":\"Arquimaster\",\"@id\":\"https:\\\/\\\/www.arquimaster.com.ar\\\/web\\\/#\\\/schema\\\/person\\\/359e9f7c00193fcde068e0dd2ceb0028\"},\"headline\":\"Casa Estudio San Esteban \\\/ Gil Garc\u00eda\",\"datePublished\":\"2022-07-16T03:49:14+00:00\",\"dateModified\":\"2023-01-02T18:20:41+00:00\",\"mainEntityOfPage\":{\"@id\":\"https:\\\/\\\/www.arquimaster.com.ar\\\/web\\\/casa-estudio-san-esteban-gil-garcia\\\/\"},\"wordCount\":731,\"publisher\":{\"@id\":\"https:\\\/\\\/www.arquimaster.com.ar\\\/web\\\/#organization\"},\"image\":{\"@id\":\"https:\\\/\\\/www.arquimaster.com.ar\\\/web\\\/casa-estudio-san-esteban-gil-garcia\\\/#primaryimage\"},\"thumbnailUrl\":\"https:\\\/\\\/www.arquimaster.com.ar\\\/web\\\/wp-content\\\/uploads\\\/2022\\\/07\\\/casa_estudio_san_esteban_slide.jpg\",\"keywords\":[\"arquitectura residencial\",\"Carla Adriana Gil L\u00f3pez\",\"casa estudio\",\"estudio\",\"Gil Garc\u00eda\",\"Jalisco\",\"Mexico\",\"San Esteban\",\"Sergio Garc\u00eda Navarro\",\"vivienda no permanente\"],\"articleSection\":[\"Proyecto\",\"Vivienda no permanente\"],\"inLanguage\":\"es\"},{\"@type\":\"WebPage\",\"@id\":\"https:\\\/\\\/www.arquimaster.com.ar\\\/web\\\/casa-estudio-san-esteban-gil-garcia\\\/\",\"url\":\"https:\\\/\\\/www.arquimaster.com.ar\\\/web\\\/casa-estudio-san-esteban-gil-garcia\\\/\",\"name\":\"Casa Estudio San Esteban \\\/ Gil Garc\u00eda - Arquimaster\",\"isPartOf\":{\"@id\":\"https:\\\/\\\/www.arquimaster.com.ar\\\/web\\\/#website\"},\"primaryImageOfPage\":{\"@id\":\"https:\\\/\\\/www.arquimaster.com.ar\\\/web\\\/casa-estudio-san-esteban-gil-garcia\\\/#primaryimage\"},\"image\":{\"@id\":\"https:\\\/\\\/www.arquimaster.com.ar\\\/web\\\/casa-estudio-san-esteban-gil-garcia\\\/#primaryimage\"},\"thumbnailUrl\":\"https:\\\/\\\/www.arquimaster.com.ar\\\/web\\\/wp-content\\\/uploads\\\/2022\\\/07\\\/casa_estudio_san_esteban_slide.jpg\",\"datePublished\":\"2022-07-16T03:49:14+00:00\",\"dateModified\":\"2023-01-02T18:20:41+00:00\",\"description\":\"Refugio de investigaci\u00f3n, contemplaci\u00f3n y tranquilidad, junto con una fuente de inspiraci\u00f3n conectado a la naturaleza que ofrece el paisaje.\",\"breadcrumb\":{\"@id\":\"https:\\\/\\\/www.arquimaster.com.ar\\\/web\\\/casa-estudio-san-esteban-gil-garcia\\\/#breadcrumb\"},\"inLanguage\":\"es\",\"potentialAction\":[{\"@type\":\"ReadAction\",\"target\":[\"https:\\\/\\\/www.arquimaster.com.ar\\\/web\\\/casa-estudio-san-esteban-gil-garcia\\\/\"]}]},{\"@type\":\"ImageObject\",\"inLanguage\":\"es\",\"@id\":\"https:\\\/\\\/www.arquimaster.com.ar\\\/web\\\/casa-estudio-san-esteban-gil-garcia\\\/#primaryimage\",\"url\":\"https:\\\/\\\/www.arquimaster.com.ar\\\/web\\\/wp-content\\\/uploads\\\/2022\\\/07\\\/casa_estudio_san_esteban_slide.jpg\",\"contentUrl\":\"https:\\\/\\\/www.arquimaster.com.ar\\\/web\\\/wp-content\\\/uploads\\\/2022\\\/07\\\/casa_estudio_san_esteban_slide.jpg\",\"width\":698,\"height\":364,\"caption\":\"Casa Estudio San Esteban \\\/ Gil Garc\u00eda\"},{\"@type\":\"BreadcrumbList\",\"@id\":\"https:\\\/\\\/www.arquimaster.com.ar\\\/web\\\/casa-estudio-san-esteban-gil-garcia\\\/#breadcrumb\",\"itemListElement\":[{\"@type\":\"ListItem\",\"position\":1,\"name\":\"Portada\",\"item\":\"https:\\\/\\\/www.arquimaster.com.ar\\\/web\\\/\"},{\"@type\":\"ListItem\",\"position\":2,\"name\":\"Casa Estudio San Esteban \\\/ Gil Garc\u00eda\"}]},{\"@type\":\"WebSite\",\"@id\":\"https:\\\/\\\/www.arquimaster.com.ar\\\/web\\\/#website\",\"url\":\"https:\\\/\\\/www.arquimaster.com.ar\\\/web\\\/\",\"name\":\"Arquimaster\",\"description\":\"Web de arquitectura, dise\u00f1o y construccion\",\"publisher\":{\"@id\":\"https:\\\/\\\/www.arquimaster.com.ar\\\/web\\\/#organization\"},\"potentialAction\":[{\"@type\":\"SearchAction\",\"target\":{\"@type\":\"EntryPoint\",\"urlTemplate\":\"https:\\\/\\\/www.arquimaster.com.ar\\\/web\\\/?s={search_term_string}\"},\"query-input\":{\"@type\":\"PropertyValueSpecification\",\"valueRequired\":true,\"valueName\":\"search_term_string\"}}],\"inLanguage\":\"es\"},{\"@type\":\"Organization\",\"@id\":\"https:\\\/\\\/www.arquimaster.com.ar\\\/web\\\/#organization\",\"name\":\"Arquimaster\",\"url\":\"https:\\\/\\\/www.arquimaster.com.ar\\\/web\\\/\",\"logo\":{\"@type\":\"ImageObject\",\"inLanguage\":\"es\",\"@id\":\"https:\\\/\\\/www.arquimaster.com.ar\\\/web\\\/#\\\/schema\\\/logo\\\/image\\\/\",\"url\":\"https:\\\/\\\/www.arquimaster.com.ar\\\/web\\\/wp-content\\\/uploads\\\/2022\\\/06\\\/arquimaster.png\",\"contentUrl\":\"https:\\\/\\\/www.arquimaster.com.ar\\\/web\\\/wp-content\\\/uploads\\\/2022\\\/06\\\/arquimaster.png\",\"width\":594,\"height\":78,\"caption\":\"Arquimaster\"},\"image\":{\"@id\":\"https:\\\/\\\/www.arquimaster.com.ar\\\/web\\\/#\\\/schema\\\/logo\\\/image\\\/\"},\"sameAs\":[\"http:\\\/\\\/www.facebook.com\\\/ARQUIMASTER.com.ar\",\"https:\\\/\\\/x.com\\\/arquimaster\",\"https:\\\/\\\/www.instagram.com\\\/arquimasterblog\\\/\",\"https:\\\/\\\/www.linkedin.com\\\/company\\\/arquimaster\",\"https:\\\/\\\/www.pinterest.com\\\/arquimaster\",\"https:\\\/\\\/t.me\\\/arquimaster\"]},{\"@type\":\"Person\",\"@id\":\"https:\\\/\\\/www.arquimaster.com.ar\\\/web\\\/#\\\/schema\\\/person\\\/359e9f7c00193fcde068e0dd2ceb0028\",\"name\":\"Arquimaster\"}]}<\/script>\n<!-- \/ Yoast SEO plugin. -->","yoast_head_json":{"title":"Casa Estudio San Esteban \/ Gil Garc\u00eda - Arquimaster","description":"Refugio de investigaci\u00f3n, contemplaci\u00f3n y tranquilidad, junto con una fuente de inspiraci\u00f3n conectado a la naturaleza que ofrece el paisaje.","robots":{"index":"index","follow":"follow","max-snippet":"max-snippet:-1","max-image-preview":"max-image-preview:large","max-video-preview":"max-video-preview:-1"},"canonical":"https:\/\/www.arquimaster.com.ar\/web\/casa-estudio-san-esteban-gil-garcia\/","og_locale":"es_ES","og_type":"article","og_title":"Casa Estudio San Esteban \/ Gil Garc\u00eda","og_description":"Refugio de investigaci\u00f3n, contemplaci\u00f3n y tranquilidad, junto con una fuente de inspiraci\u00f3n conectado a la naturaleza que ofrece el paisaje.","og_url":"https:\/\/www.arquimaster.com.ar\/web\/casa-estudio-san-esteban-gil-garcia\/","og_site_name":"Arquimaster","article_publisher":"http:\/\/www.facebook.com\/ARQUIMASTER.com.ar","article_published_time":"2022-07-16T03:49:14+00:00","article_modified_time":"2023-01-02T18:20:41+00:00","og_image":[{"width":698,"height":364,"url":"https:\/\/www.arquimaster.com.ar\/web\/wp-content\/uploads\/2022\/07\/casa_estudio_san_esteban_slide.jpg","type":"image\/jpeg"}],"author":"Arquimaster","twitter_card":"summary_large_image","twitter_title":"Casa Estudio San Esteban \/ Gil Garc\u00eda","twitter_description":"Refugio de investigaci\u00f3n, contemplaci\u00f3n y tranquilidad, junto con una fuente de inspiraci\u00f3n conectado a la naturaleza que ofrece el paisaje.","twitter_image":"https:\/\/www.arquimaster.com.ar\/web\/wp-content\/uploads\/2022\/07\/casa_estudio_san_esteban_slide.jpg","twitter_creator":"@arquimaster","twitter_site":"@arquimaster","twitter_misc":{"Escrito por":"Arquimaster","Tiempo de lectura":"4 minutos"},"schema":{"@context":"https:\/\/schema.org","@graph":[{"@type":"Article","@id":"https:\/\/www.arquimaster.com.ar\/web\/casa-estudio-san-esteban-gil-garcia\/#article","isPartOf":{"@id":"https:\/\/www.arquimaster.com.ar\/web\/casa-estudio-san-esteban-gil-garcia\/"},"author":{"name":"Arquimaster","@id":"https:\/\/www.arquimaster.com.ar\/web\/#\/schema\/person\/359e9f7c00193fcde068e0dd2ceb0028"},"headline":"Casa Estudio San Esteban \/ Gil Garc\u00eda","datePublished":"2022-07-16T03:49:14+00:00","dateModified":"2023-01-02T18:20:41+00:00","mainEntityOfPage":{"@id":"https:\/\/www.arquimaster.com.ar\/web\/casa-estudio-san-esteban-gil-garcia\/"},"wordCount":731,"publisher":{"@id":"https:\/\/www.arquimaster.com.ar\/web\/#organization"},"image":{"@id":"https:\/\/www.arquimaster.com.ar\/web\/casa-estudio-san-esteban-gil-garcia\/#primaryimage"},"thumbnailUrl":"https:\/\/www.arquimaster.com.ar\/web\/wp-content\/uploads\/2022\/07\/casa_estudio_san_esteban_slide.jpg","keywords":["arquitectura residencial","Carla Adriana Gil L\u00f3pez","casa estudio","estudio","Gil Garc\u00eda","Jalisco","Mexico","San Esteban","Sergio Garc\u00eda Navarro","vivienda no permanente"],"articleSection":["Proyecto","Vivienda no permanente"],"inLanguage":"es"},{"@type":"WebPage","@id":"https:\/\/www.arquimaster.com.ar\/web\/casa-estudio-san-esteban-gil-garcia\/","url":"https:\/\/www.arquimaster.com.ar\/web\/casa-estudio-san-esteban-gil-garcia\/","name":"Casa Estudio San Esteban \/ Gil Garc\u00eda - Arquimaster","isPartOf":{"@id":"https:\/\/www.arquimaster.com.ar\/web\/#website"},"primaryImageOfPage":{"@id":"https:\/\/www.arquimaster.com.ar\/web\/casa-estudio-san-esteban-gil-garcia\/#primaryimage"},"image":{"@id":"https:\/\/www.arquimaster.com.ar\/web\/casa-estudio-san-esteban-gil-garcia\/#primaryimage"},"thumbnailUrl":"https:\/\/www.arquimaster.com.ar\/web\/wp-content\/uploads\/2022\/07\/casa_estudio_san_esteban_slide.jpg","datePublished":"2022-07-16T03:49:14+00:00","dateModified":"2023-01-02T18:20:41+00:00","description":"Refugio de investigaci\u00f3n, contemplaci\u00f3n y tranquilidad, junto con una fuente de inspiraci\u00f3n conectado a la naturaleza que ofrece el paisaje.","breadcrumb":{"@id":"https:\/\/www.arquimaster.com.ar\/web\/casa-estudio-san-esteban-gil-garcia\/#breadcrumb"},"inLanguage":"es","potentialAction":[{"@type":"ReadAction","target":["https:\/\/www.arquimaster.com.ar\/web\/casa-estudio-san-esteban-gil-garcia\/"]}]},{"@type":"ImageObject","inLanguage":"es","@id":"https:\/\/www.arquimaster.com.ar\/web\/casa-estudio-san-esteban-gil-garcia\/#primaryimage","url":"https:\/\/www.arquimaster.com.ar\/web\/wp-content\/uploads\/2022\/07\/casa_estudio_san_esteban_slide.jpg","contentUrl":"https:\/\/www.arquimaster.com.ar\/web\/wp-content\/uploads\/2022\/07\/casa_estudio_san_esteban_slide.jpg","width":698,"height":364,"caption":"Casa Estudio San Esteban \/ Gil Garc\u00eda"},{"@type":"BreadcrumbList","@id":"https:\/\/www.arquimaster.com.ar\/web\/casa-estudio-san-esteban-gil-garcia\/#breadcrumb","itemListElement":[{"@type":"ListItem","position":1,"name":"Portada","item":"https:\/\/www.arquimaster.com.ar\/web\/"},{"@type":"ListItem","position":2,"name":"Casa Estudio San Esteban \/ Gil Garc\u00eda"}]},{"@type":"WebSite","@id":"https:\/\/www.arquimaster.com.ar\/web\/#website","url":"https:\/\/www.arquimaster.com.ar\/web\/","name":"Arquimaster","description":"Web de arquitectura, dise\u00f1o y construccion","publisher":{"@id":"https:\/\/www.arquimaster.com.ar\/web\/#organization"},"potentialAction":[{"@type":"SearchAction","target":{"@type":"EntryPoint","urlTemplate":"https:\/\/www.arquimaster.com.ar\/web\/?s={search_term_string}"},"query-input":{"@type":"PropertyValueSpecification","valueRequired":true,"valueName":"search_term_string"}}],"inLanguage":"es"},{"@type":"Organization","@id":"https:\/\/www.arquimaster.com.ar\/web\/#organization","name":"Arquimaster","url":"https:\/\/www.arquimaster.com.ar\/web\/","logo":{"@type":"ImageObject","inLanguage":"es","@id":"https:\/\/www.arquimaster.com.ar\/web\/#\/schema\/logo\/image\/","url":"https:\/\/www.arquimaster.com.ar\/web\/wp-content\/uploads\/2022\/06\/arquimaster.png","contentUrl":"https:\/\/www.arquimaster.com.ar\/web\/wp-content\/uploads\/2022\/06\/arquimaster.png","width":594,"height":78,"caption":"Arquimaster"},"image":{"@id":"https:\/\/www.arquimaster.com.ar\/web\/#\/schema\/logo\/image\/"},"sameAs":["http:\/\/www.facebook.com\/ARQUIMASTER.com.ar","https:\/\/x.com\/arquimaster","https:\/\/www.instagram.com\/arquimasterblog\/","https:\/\/www.linkedin.com\/company\/arquimaster","https:\/\/www.pinterest.com\/arquimaster","https:\/\/t.me\/arquimaster"]},{"@type":"Person","@id":"https:\/\/www.arquimaster.com.ar\/web\/#\/schema\/person\/359e9f7c00193fcde068e0dd2ceb0028","name":"Arquimaster"}]}},"uagb_featured_image_src":{"full":["https:\/\/www.arquimaster.com.ar\/web\/wp-content\/uploads\/2022\/07\/casa_estudio_san_esteban_slide.jpg",698,364,false],"thumbnail":["https:\/\/www.arquimaster.com.ar\/web\/wp-content\/uploads\/2022\/07\/casa_estudio_san_esteban_slide-150x150.jpg",150,150,true],"medium":["https:\/\/www.arquimaster.com.ar\/web\/wp-content\/uploads\/2022\/07\/casa_estudio_san_esteban_slide.jpg",698,364,false],"medium_large":["https:\/\/www.arquimaster.com.ar\/web\/wp-content\/uploads\/2022\/07\/casa_estudio_san_esteban_slide.jpg",698,364,false],"large":["https:\/\/www.arquimaster.com.ar\/web\/wp-content\/uploads\/2022\/07\/casa_estudio_san_esteban_slide.jpg",698,364,false],"1536x1536":["https:\/\/www.arquimaster.com.ar\/web\/wp-content\/uploads\/2022\/07\/casa_estudio_san_esteban_slide.jpg",698,364,false],"2048x2048":["https:\/\/www.arquimaster.com.ar\/web\/wp-content\/uploads\/2022\/07\/casa_estudio_san_esteban_slide.jpg",698,364,false]},"uagb_author_info":{"display_name":"Arquimaster","author_link":"https:\/\/www.arquimaster.com.ar\/web\/author\/arquimaster\/"},"uagb_comment_info":0,"uagb_excerpt":"Refugio de investigaci\u00f3n, contemplaci\u00f3n y tranquilidad conectado a la naturaleza...","_links":{"self":[{"href":"https:\/\/www.arquimaster.com.ar\/web\/wp-json\/wp\/v2\/posts\/71466","targetHints":{"allow":["GET"]}}],"collection":[{"href":"https:\/\/www.arquimaster.com.ar\/web\/wp-json\/wp\/v2\/posts"}],"about":[{"href":"https:\/\/www.arquimaster.com.ar\/web\/wp-json\/wp\/v2\/types\/post"}],"author":[{"embeddable":true,"href":"https:\/\/www.arquimaster.com.ar\/web\/wp-json\/wp\/v2\/users\/1"}],"replies":[{"embeddable":true,"href":"https:\/\/www.arquimaster.com.ar\/web\/wp-json\/wp\/v2\/comments?post=71466"}],"version-history":[{"count":3,"href":"https:\/\/www.arquimaster.com.ar\/web\/wp-json\/wp\/v2\/posts\/71466\/revisions"}],"predecessor-version":[{"id":71526,"href":"https:\/\/www.arquimaster.com.ar\/web\/wp-json\/wp\/v2\/posts\/71466\/revisions\/71526"}],"wp:featuredmedia":[{"embeddable":true,"href":"https:\/\/www.arquimaster.com.ar\/web\/wp-json\/wp\/v2\/media\/71467"}],"wp:attachment":[{"href":"https:\/\/www.arquimaster.com.ar\/web\/wp-json\/wp\/v2\/media?parent=71466"}],"wp:term":[{"taxonomy":"category","embeddable":true,"href":"https:\/\/www.arquimaster.com.ar\/web\/wp-json\/wp\/v2\/categories?post=71466"},{"taxonomy":"post_tag","embeddable":true,"href":"https:\/\/www.arquimaster.com.ar\/web\/wp-json\/wp\/v2\/tags?post=71466"}],"curies":[{"name":"wp","href":"https:\/\/api.w.org\/{rel}","templated":true}]}}