{"id":71496,"date":"2022-07-16T01:09:08","date_gmt":"2022-07-16T04:09:08","guid":{"rendered":"https:\/\/www.arquimaster.com.ar\/web\/?p=71496"},"modified":"2023-01-05T20:30:10","modified_gmt":"2023-01-05T23:30:10","slug":"vivienda-federica-tatu-arquitectura","status":"publish","type":"post","link":"https:\/\/www.arquimaster.com.ar\/web\/vivienda-federica-tatu-arquitectura\/","title":{"rendered":"Vivienda Federica \/ TATU Arquitectura"},"content":{"rendered":"<div style=\"margin-top: 0px; margin-bottom: 0px;\" class=\"sharethis-inline-share-buttons\" ><\/div><div class=\"b812932af2e751442846f039925109de\" data-index=\"1\" style=\"float: none; margin:25px 0 25px 0; text-align:center;\">\n<script async src=\"https:\/\/pagead2.googlesyndication.com\/pagead\/js\/adsbygoogle.js\"><\/script>\r\n<!-- Arquimaster (superior) -->\r\n<ins class=\"adsbygoogle\"\r\n     style=\"display:block\"\r\n     data-ad-client=\"ca-pub-6351072698456832\"\r\n     data-ad-slot=\"6455489680\"\r\n     data-ad-format=\"auto\"\r\n     data-full-width-responsive=\"true\"><\/ins>\r\n<script>\r\n     (adsbygoogle = window.adsbygoogle || []).push({});\r\n<\/script>\n<\/div>\n<p><strong>Vivienda Federica<\/strong> (Villa Serrana, Uruguay) por <strong>TATU Arquitectura<\/strong>. El proyecto se ubica en Villa Serrana en una zona elevada de la sierra. La clave del proyecto surge de la b\u00fasqueda de potenciar la profundidad del paisaje sobre el fondo del terreno.<\/p>\n<div id='gallery-1' class='gallery galleryid-71496 gallery-columns-3 gallery-size-thumbnail'><figure class='gallery-item'>\n\t\t\t<div class='gallery-icon landscape'>\n\t\t\t\t<a href='https:\/\/www.arquimaster.com.ar\/web\/wp-content\/uploads\/2022\/07\/vivienda_federica1.jpg' title=\"Vivienda Federica \/ TATU Arquitectura (\u00a9 Marcos Guiponi)\" data-rl_title=\"Vivienda Federica \/ TATU Arquitectura (\u00a9 Marcos Guiponi)\" class=\"rl-gallery-link\" data-rl_caption=\"Vivienda Federica \/ TATU Arquitectura (\u00a9 Marcos Guiponi)\" data-rel=\"lightbox-gallery-1\"><img loading=\"lazy\" decoding=\"async\" width=\"150\" height=\"150\" src=\"https:\/\/www.arquimaster.com.ar\/web\/wp-content\/uploads\/2022\/07\/vivienda_federica1-150x150.jpg\" class=\"attachment-thumbnail size-thumbnail\" alt=\"Vivienda Federica \/ TATU Arquitectura\" aria-describedby=\"gallery-1-71498\" \/><\/a>\n\t\t\t<\/div>\n\t\t\t\t<figcaption class='wp-caption-text gallery-caption' id='gallery-1-71498'>\n\t\t\t\tVivienda Federica \/ TATU Arquitectura (\u00a9 Marcos Guiponi)\n\t\t\t\t<\/figcaption><\/figure><figure class='gallery-item'>\n\t\t\t<div class='gallery-icon portrait'>\n\t\t\t\t<a href='https:\/\/www.arquimaster.com.ar\/web\/wp-content\/uploads\/2022\/07\/vivienda_federica2.jpg' title=\"Vivienda Federica \/ TATU Arquitectura (\u00a9 Marcos Guiponi)\" data-rl_title=\"Vivienda Federica \/ TATU Arquitectura (\u00a9 Marcos Guiponi)\" class=\"rl-gallery-link\" data-rl_caption=\"Vivienda Federica \/ TATU Arquitectura (\u00a9 Marcos Guiponi)\" data-rel=\"lightbox-gallery-1\"><img loading=\"lazy\" decoding=\"async\" width=\"150\" height=\"150\" src=\"https:\/\/www.arquimaster.com.ar\/web\/wp-content\/uploads\/2022\/07\/vivienda_federica2-150x150.jpg\" class=\"attachment-thumbnail size-thumbnail\" alt=\"Vivienda Federica \/ TATU Arquitectura\" aria-describedby=\"gallery-1-71499\" \/><\/a>\n\t\t\t<\/div>\n\t\t\t\t<figcaption class='wp-caption-text gallery-caption' id='gallery-1-71499'>\n\t\t\t\tVivienda Federica \/ TATU Arquitectura (\u00a9 Marcos Guiponi)\n\t\t\t\t<\/figcaption><\/figure><figure class='gallery-item'>\n\t\t\t<div class='gallery-icon portrait'>\n\t\t\t\t<a href='https:\/\/www.arquimaster.com.ar\/web\/wp-content\/uploads\/2022\/07\/vivienda_federica3.jpg' title=\"Vivienda Federica \/ TATU Arquitectura (\u00a9 Marcos Guiponi)\" data-rl_title=\"Vivienda Federica \/ TATU Arquitectura (\u00a9 Marcos Guiponi)\" class=\"rl-gallery-link\" data-rl_caption=\"Vivienda Federica \/ TATU Arquitectura (\u00a9 Marcos Guiponi)\" data-rel=\"lightbox-gallery-1\"><img loading=\"lazy\" decoding=\"async\" width=\"150\" height=\"150\" src=\"https:\/\/www.arquimaster.com.ar\/web\/wp-content\/uploads\/2022\/07\/vivienda_federica3-150x150.jpg\" class=\"attachment-thumbnail size-thumbnail\" alt=\"Vivienda Federica \/ TATU Arquitectura\" aria-describedby=\"gallery-1-71500\" \/><\/a>\n\t\t\t<\/div>\n\t\t\t\t<figcaption class='wp-caption-text gallery-caption' id='gallery-1-71500'>\n\t\t\t\tVivienda Federica \/ TATU Arquitectura (\u00a9 Marcos Guiponi)\n\t\t\t\t<\/figcaption><\/figure><figure class='gallery-item'>\n\t\t\t<div class='gallery-icon portrait'>\n\t\t\t\t<a href='https:\/\/www.arquimaster.com.ar\/web\/wp-content\/uploads\/2022\/07\/vivienda_federica4.jpg' title=\"Vivienda Federica \/ TATU Arquitectura (\u00a9 Marcos Guiponi)\" data-rl_title=\"Vivienda Federica \/ TATU Arquitectura (\u00a9 Marcos Guiponi)\" class=\"rl-gallery-link\" data-rl_caption=\"Vivienda Federica \/ TATU Arquitectura (\u00a9 Marcos Guiponi)\" data-rel=\"lightbox-gallery-1\"><img loading=\"lazy\" decoding=\"async\" width=\"150\" height=\"150\" src=\"https:\/\/www.arquimaster.com.ar\/web\/wp-content\/uploads\/2022\/07\/vivienda_federica4-150x150.jpg\" class=\"attachment-thumbnail size-thumbnail\" alt=\"Vivienda Federica \/ TATU Arquitectura\" aria-describedby=\"gallery-1-71501\" \/><\/a>\n\t\t\t<\/div>\n\t\t\t\t<figcaption class='wp-caption-text gallery-caption' id='gallery-1-71501'>\n\t\t\t\tVivienda Federica \/ TATU Arquitectura (\u00a9 Marcos Guiponi)\n\t\t\t\t<\/figcaption><\/figure><figure class='gallery-item'>\n\t\t\t<div class='gallery-icon portrait'>\n\t\t\t\t<a href='https:\/\/www.arquimaster.com.ar\/web\/wp-content\/uploads\/2022\/07\/vivienda_federica5.jpg' title=\"Vivienda Federica \/ TATU Arquitectura (\u00a9 Marcos Guiponi)\" data-rl_title=\"Vivienda Federica \/ TATU Arquitectura (\u00a9 Marcos Guiponi)\" class=\"rl-gallery-link\" data-rl_caption=\"Vivienda Federica \/ TATU Arquitectura (\u00a9 Marcos Guiponi)\" data-rel=\"lightbox-gallery-1\"><img loading=\"lazy\" decoding=\"async\" width=\"150\" height=\"150\" src=\"https:\/\/www.arquimaster.com.ar\/web\/wp-content\/uploads\/2022\/07\/vivienda_federica5-150x150.jpg\" class=\"attachment-thumbnail size-thumbnail\" alt=\"Vivienda Federica \/ TATU Arquitectura\" aria-describedby=\"gallery-1-71502\" \/><\/a>\n\t\t\t<\/div>\n\t\t\t\t<figcaption class='wp-caption-text gallery-caption' id='gallery-1-71502'>\n\t\t\t\tVivienda Federica \/ TATU Arquitectura (\u00a9 Marcos Guiponi)\n\t\t\t\t<\/figcaption><\/figure><figure class='gallery-item'>\n\t\t\t<div class='gallery-icon landscape'>\n\t\t\t\t<a href='https:\/\/www.arquimaster.com.ar\/web\/wp-content\/uploads\/2022\/07\/vivienda_federica6.jpg' title=\"Vivienda Federica \/ TATU Arquitectura (\u00a9 Marcos Guiponi)\" data-rl_title=\"Vivienda Federica \/ TATU Arquitectura (\u00a9 Marcos Guiponi)\" class=\"rl-gallery-link\" data-rl_caption=\"Vivienda Federica \/ TATU Arquitectura (\u00a9 Marcos Guiponi)\" data-rel=\"lightbox-gallery-1\"><img loading=\"lazy\" decoding=\"async\" width=\"150\" height=\"150\" src=\"https:\/\/www.arquimaster.com.ar\/web\/wp-content\/uploads\/2022\/07\/vivienda_federica6-150x150.jpg\" class=\"attachment-thumbnail size-thumbnail\" alt=\"Vivienda Federica \/ TATU Arquitectura\" aria-describedby=\"gallery-1-71503\" \/><\/a>\n\t\t\t<\/div>\n\t\t\t\t<figcaption class='wp-caption-text gallery-caption' id='gallery-1-71503'>\n\t\t\t\tVivienda Federica \/ TATU Arquitectura (\u00a9 Marcos Guiponi)\n\t\t\t\t<\/figcaption><\/figure><figure class='gallery-item'>\n\t\t\t<div class='gallery-icon landscape'>\n\t\t\t\t<a href='https:\/\/www.arquimaster.com.ar\/web\/wp-content\/uploads\/2022\/07\/vivienda_federica7.jpg' title=\"Vivienda Federica \/ TATU Arquitectura (\u00a9 Marcos Guiponi)\" data-rl_title=\"Vivienda Federica \/ TATU Arquitectura (\u00a9 Marcos Guiponi)\" class=\"rl-gallery-link\" data-rl_caption=\"Vivienda Federica \/ TATU Arquitectura (\u00a9 Marcos Guiponi)\" data-rel=\"lightbox-gallery-1\"><img loading=\"lazy\" decoding=\"async\" width=\"150\" height=\"150\" src=\"https:\/\/www.arquimaster.com.ar\/web\/wp-content\/uploads\/2022\/07\/vivienda_federica7-150x150.jpg\" class=\"attachment-thumbnail size-thumbnail\" alt=\"Vivienda Federica \/ TATU Arquitectura\" aria-describedby=\"gallery-1-71504\" \/><\/a>\n\t\t\t<\/div>\n\t\t\t\t<figcaption class='wp-caption-text gallery-caption' id='gallery-1-71504'>\n\t\t\t\tVivienda Federica \/ TATU Arquitectura (\u00a9 Marcos Guiponi)\n\t\t\t\t<\/figcaption><\/figure><figure class='gallery-item'>\n\t\t\t<div class='gallery-icon portrait'>\n\t\t\t\t<a href='https:\/\/www.arquimaster.com.ar\/web\/wp-content\/uploads\/2022\/07\/vivienda_federica8.jpg' title=\"Vivienda Federica \/ TATU Arquitectura (\u00a9 Marcos Guiponi)\" data-rl_title=\"Vivienda Federica \/ TATU Arquitectura (\u00a9 Marcos Guiponi)\" class=\"rl-gallery-link\" data-rl_caption=\"Vivienda Federica \/ TATU Arquitectura (\u00a9 Marcos Guiponi)\" data-rel=\"lightbox-gallery-1\"><img loading=\"lazy\" decoding=\"async\" width=\"150\" height=\"150\" src=\"https:\/\/www.arquimaster.com.ar\/web\/wp-content\/uploads\/2022\/07\/vivienda_federica8-150x150.jpg\" class=\"attachment-thumbnail size-thumbnail\" alt=\"Vivienda Federica \/ TATU Arquitectura\" aria-describedby=\"gallery-1-71505\" \/><\/a>\n\t\t\t<\/div>\n\t\t\t\t<figcaption class='wp-caption-text gallery-caption' id='gallery-1-71505'>\n\t\t\t\tVivienda Federica \/ TATU Arquitectura (\u00a9 Marcos Guiponi)\n\t\t\t\t<\/figcaption><\/figure><figure class='gallery-item'>\n\t\t\t<div class='gallery-icon landscape'>\n\t\t\t\t<a href='https:\/\/www.arquimaster.com.ar\/web\/wp-content\/uploads\/2022\/07\/vivienda_federica9.jpg' title=\"Vivienda Federica \/ TATU Arquitectura (\u00a9 Marcos Guiponi)\" data-rl_title=\"Vivienda Federica \/ TATU Arquitectura (\u00a9 Marcos Guiponi)\" class=\"rl-gallery-link\" data-rl_caption=\"Vivienda Federica \/ TATU Arquitectura (\u00a9 Marcos Guiponi)\" data-rel=\"lightbox-gallery-1\"><img loading=\"lazy\" decoding=\"async\" width=\"150\" height=\"150\" src=\"https:\/\/www.arquimaster.com.ar\/web\/wp-content\/uploads\/2022\/07\/vivienda_federica9-150x150.jpg\" class=\"attachment-thumbnail size-thumbnail\" alt=\"Vivienda Federica \/ TATU Arquitectura\" aria-describedby=\"gallery-1-71506\" \/><\/a>\n\t\t\t<\/div>\n\t\t\t\t<figcaption class='wp-caption-text gallery-caption' id='gallery-1-71506'>\n\t\t\t\tVivienda Federica \/ TATU Arquitectura (\u00a9 Marcos Guiponi)\n\t\t\t\t<\/figcaption><\/figure><figure class='gallery-item'>\n\t\t\t<div class='gallery-icon landscape'>\n\t\t\t\t<a href='https:\/\/www.arquimaster.com.ar\/web\/wp-content\/uploads\/2022\/07\/vivienda_federica10.jpg' title=\"Vivienda Federica \/ TATU Arquitectura (\u00a9 Marcos Guiponi)\" data-rl_title=\"Vivienda Federica \/ TATU Arquitectura (\u00a9 Marcos Guiponi)\" class=\"rl-gallery-link\" data-rl_caption=\"Vivienda Federica \/ TATU Arquitectura (\u00a9 Marcos Guiponi)\" data-rel=\"lightbox-gallery-1\"><img loading=\"lazy\" decoding=\"async\" width=\"150\" height=\"150\" src=\"https:\/\/www.arquimaster.com.ar\/web\/wp-content\/uploads\/2022\/07\/vivienda_federica10-150x150.jpg\" class=\"attachment-thumbnail size-thumbnail\" alt=\"Vivienda Federica \/ TATU Arquitectura\" aria-describedby=\"gallery-1-71507\" \/><\/a>\n\t\t\t<\/div>\n\t\t\t\t<figcaption class='wp-caption-text gallery-caption' id='gallery-1-71507'>\n\t\t\t\tVivienda Federica \/ TATU Arquitectura (\u00a9 Marcos Guiponi)\n\t\t\t\t<\/figcaption><\/figure><figure class='gallery-item'>\n\t\t\t<div class='gallery-icon portrait'>\n\t\t\t\t<a href='https:\/\/www.arquimaster.com.ar\/web\/wp-content\/uploads\/2022\/07\/vivienda_federica11.jpg' title=\"Vivienda Federica \/ TATU Arquitectura (\u00a9 Marcos Guiponi)\" data-rl_title=\"Vivienda Federica \/ TATU Arquitectura (\u00a9 Marcos Guiponi)\" class=\"rl-gallery-link\" data-rl_caption=\"Vivienda Federica \/ TATU Arquitectura (\u00a9 Marcos Guiponi)\" data-rel=\"lightbox-gallery-1\"><img loading=\"lazy\" decoding=\"async\" width=\"150\" height=\"150\" src=\"https:\/\/www.arquimaster.com.ar\/web\/wp-content\/uploads\/2022\/07\/vivienda_federica11-150x150.jpg\" class=\"attachment-thumbnail size-thumbnail\" alt=\"Vivienda Federica \/ TATU Arquitectura\" aria-describedby=\"gallery-1-71508\" \/><\/a>\n\t\t\t<\/div>\n\t\t\t\t<figcaption class='wp-caption-text gallery-caption' id='gallery-1-71508'>\n\t\t\t\tVivienda Federica \/ TATU Arquitectura (\u00a9 Marcos Guiponi)\n\t\t\t\t<\/figcaption><\/figure><figure class='gallery-item'>\n\t\t\t<div class='gallery-icon portrait'>\n\t\t\t\t<a href='https:\/\/www.arquimaster.com.ar\/web\/wp-content\/uploads\/2022\/07\/vivienda_federica12.jpg' title=\"Vivienda Federica \/ TATU Arquitectura (\u00a9 Marcos Guiponi)\" data-rl_title=\"Vivienda Federica \/ TATU Arquitectura (\u00a9 Marcos Guiponi)\" class=\"rl-gallery-link\" data-rl_caption=\"Vivienda Federica \/ TATU Arquitectura (\u00a9 Marcos Guiponi)\" data-rel=\"lightbox-gallery-1\"><img loading=\"lazy\" decoding=\"async\" width=\"150\" height=\"150\" src=\"https:\/\/www.arquimaster.com.ar\/web\/wp-content\/uploads\/2022\/07\/vivienda_federica12-150x150.jpg\" class=\"attachment-thumbnail size-thumbnail\" alt=\"Vivienda Federica \/ TATU Arquitectura\" aria-describedby=\"gallery-1-71509\" \/><\/a>\n\t\t\t<\/div>\n\t\t\t\t<figcaption class='wp-caption-text gallery-caption' id='gallery-1-71509'>\n\t\t\t\tVivienda Federica \/ TATU Arquitectura (\u00a9 Marcos Guiponi)\n\t\t\t\t<\/figcaption><\/figure><figure class='gallery-item'>\n\t\t\t<div class='gallery-icon landscape'>\n\t\t\t\t<a href='https:\/\/www.arquimaster.com.ar\/web\/wp-content\/uploads\/2022\/07\/vivienda_federica13.jpg' title=\"Vivienda Federica \/ TATU Arquitectura (\u00a9 Marcos Guiponi)\" data-rl_title=\"Vivienda Federica \/ TATU Arquitectura (\u00a9 Marcos Guiponi)\" class=\"rl-gallery-link\" data-rl_caption=\"Vivienda Federica \/ TATU Arquitectura (\u00a9 Marcos Guiponi)\" data-rel=\"lightbox-gallery-1\"><img loading=\"lazy\" decoding=\"async\" width=\"150\" height=\"150\" src=\"https:\/\/www.arquimaster.com.ar\/web\/wp-content\/uploads\/2022\/07\/vivienda_federica13-150x150.jpg\" class=\"attachment-thumbnail size-thumbnail\" alt=\"Vivienda Federica \/ TATU Arquitectura\" aria-describedby=\"gallery-1-71510\" \/><\/a>\n\t\t\t<\/div>\n\t\t\t\t<figcaption class='wp-caption-text gallery-caption' id='gallery-1-71510'>\n\t\t\t\tVivienda Federica \/ TATU Arquitectura (\u00a9 Marcos Guiponi)\n\t\t\t\t<\/figcaption><\/figure><figure class='gallery-item'>\n\t\t\t<div class='gallery-icon landscape'>\n\t\t\t\t<a href='https:\/\/www.arquimaster.com.ar\/web\/wp-content\/uploads\/2022\/07\/vivienda_federica14.jpg' title=\"Vivienda Federica \/ TATU Arquitectura (\u00a9 Marcos Guiponi)\" data-rl_title=\"Vivienda Federica \/ TATU Arquitectura (\u00a9 Marcos Guiponi)\" class=\"rl-gallery-link\" data-rl_caption=\"Vivienda Federica \/ TATU Arquitectura (\u00a9 Marcos Guiponi)\" data-rel=\"lightbox-gallery-1\"><img loading=\"lazy\" decoding=\"async\" width=\"150\" height=\"150\" src=\"https:\/\/www.arquimaster.com.ar\/web\/wp-content\/uploads\/2022\/07\/vivienda_federica14-150x150.jpg\" class=\"attachment-thumbnail size-thumbnail\" alt=\"Vivienda Federica \/ TATU Arquitectura\" aria-describedby=\"gallery-1-71511\" \/><\/a>\n\t\t\t<\/div>\n\t\t\t\t<figcaption class='wp-caption-text gallery-caption' id='gallery-1-71511'>\n\t\t\t\tVivienda Federica \/ TATU Arquitectura (\u00a9 Marcos Guiponi)\n\t\t\t\t<\/figcaption><\/figure><figure class='gallery-item'>\n\t\t\t<div class='gallery-icon portrait'>\n\t\t\t\t<a href='https:\/\/www.arquimaster.com.ar\/web\/wp-content\/uploads\/2022\/07\/vivienda_federica15.jpg' title=\"Vivienda Federica \/ TATU Arquitectura (\u00a9 Marcos Guiponi)\" data-rl_title=\"Vivienda Federica \/ TATU Arquitectura (\u00a9 Marcos Guiponi)\" class=\"rl-gallery-link\" data-rl_caption=\"Vivienda Federica \/ TATU Arquitectura (\u00a9 Marcos Guiponi)\" data-rel=\"lightbox-gallery-1\"><img loading=\"lazy\" decoding=\"async\" width=\"150\" height=\"150\" src=\"https:\/\/www.arquimaster.com.ar\/web\/wp-content\/uploads\/2022\/07\/vivienda_federica15-150x150.jpg\" class=\"attachment-thumbnail size-thumbnail\" alt=\"Vivienda Federica \/ TATU Arquitectura\" aria-describedby=\"gallery-1-71512\" \/><\/a>\n\t\t\t<\/div>\n\t\t\t\t<figcaption class='wp-caption-text gallery-caption' id='gallery-1-71512'>\n\t\t\t\tVivienda Federica \/ TATU Arquitectura (\u00a9 Marcos Guiponi)\n\t\t\t\t<\/figcaption><\/figure><figure class='gallery-item'>\n\t\t\t<div class='gallery-icon landscape'>\n\t\t\t\t<a href='https:\/\/www.arquimaster.com.ar\/web\/wp-content\/uploads\/2022\/07\/vivienda_federica16.jpg' title=\"Vivienda Federica \/ TATU Arquitectura (\u00a9 Marcos Guiponi)\" data-rl_title=\"Vivienda Federica \/ TATU Arquitectura (\u00a9 Marcos Guiponi)\" class=\"rl-gallery-link\" data-rl_caption=\"Vivienda Federica \/ TATU Arquitectura (\u00a9 Marcos Guiponi)\" data-rel=\"lightbox-gallery-1\"><img loading=\"lazy\" decoding=\"async\" width=\"150\" height=\"150\" src=\"https:\/\/www.arquimaster.com.ar\/web\/wp-content\/uploads\/2022\/07\/vivienda_federica16-150x150.jpg\" class=\"attachment-thumbnail size-thumbnail\" alt=\"Vivienda Federica \/ TATU Arquitectura\" aria-describedby=\"gallery-1-71513\" \/><\/a>\n\t\t\t<\/div>\n\t\t\t\t<figcaption class='wp-caption-text gallery-caption' id='gallery-1-71513'>\n\t\t\t\tVivienda Federica \/ TATU Arquitectura (\u00a9 Marcos Guiponi)\n\t\t\t\t<\/figcaption><\/figure><figure class='gallery-item'>\n\t\t\t<div class='gallery-icon landscape'>\n\t\t\t\t<a href='https:\/\/www.arquimaster.com.ar\/web\/wp-content\/uploads\/2022\/07\/vivienda_federica17.jpg' title=\"Vivienda Federica \/ TATU Arquitectura (planta)\" data-rl_title=\"Vivienda Federica \/ TATU Arquitectura (planta)\" class=\"rl-gallery-link\" data-rl_caption=\"Vivienda Federica \/ TATU Arquitectura (planta)\" data-rel=\"lightbox-gallery-1\"><img loading=\"lazy\" decoding=\"async\" width=\"150\" height=\"150\" src=\"https:\/\/www.arquimaster.com.ar\/web\/wp-content\/uploads\/2022\/07\/vivienda_federica17-150x150.jpg\" class=\"attachment-thumbnail size-thumbnail\" alt=\"Vivienda Federica \/ TATU Arquitectura\" aria-describedby=\"gallery-1-71514\" srcset=\"https:\/\/www.arquimaster.com.ar\/web\/wp-content\/uploads\/2022\/07\/vivienda_federica17-150x150.jpg 150w, https:\/\/www.arquimaster.com.ar\/web\/wp-content\/uploads\/2022\/07\/vivienda_federica17-768x768.jpg 768w, https:\/\/www.arquimaster.com.ar\/web\/wp-content\/uploads\/2022\/07\/vivienda_federica17-1536x1536.jpg 1536w, https:\/\/www.arquimaster.com.ar\/web\/wp-content\/uploads\/2022\/07\/vivienda_federica17.jpg 2000w\" sizes=\"auto, (max-width: 150px) 100vw, 150px\" \/><\/a>\n\t\t\t<\/div>\n\t\t\t\t<figcaption class='wp-caption-text gallery-caption' id='gallery-1-71514'>\n\t\t\t\tVivienda Federica \/ TATU Arquitectura (planta)\n\t\t\t\t<\/figcaption><\/figure><figure class='gallery-item'>\n\t\t\t<div class='gallery-icon landscape'>\n\t\t\t\t<a href='https:\/\/www.arquimaster.com.ar\/web\/wp-content\/uploads\/2022\/07\/vivienda_federica18.jpg' title=\"Vivienda Federica \/ TATU Arquitectura (planta de techos)\" data-rl_title=\"Vivienda Federica \/ TATU Arquitectura (planta de techos)\" class=\"rl-gallery-link\" data-rl_caption=\"Vivienda Federica \/ TATU Arquitectura (planta de techos)\" data-rel=\"lightbox-gallery-1\"><img loading=\"lazy\" decoding=\"async\" width=\"150\" height=\"150\" src=\"https:\/\/www.arquimaster.com.ar\/web\/wp-content\/uploads\/2022\/07\/vivienda_federica18-150x150.jpg\" class=\"attachment-thumbnail size-thumbnail\" alt=\"Vivienda Federica \/ TATU Arquitectura\" aria-describedby=\"gallery-1-71515\" srcset=\"https:\/\/www.arquimaster.com.ar\/web\/wp-content\/uploads\/2022\/07\/vivienda_federica18-150x150.jpg 150w, https:\/\/www.arquimaster.com.ar\/web\/wp-content\/uploads\/2022\/07\/vivienda_federica18-768x768.jpg 768w, https:\/\/www.arquimaster.com.ar\/web\/wp-content\/uploads\/2022\/07\/vivienda_federica18-1536x1536.jpg 1536w, https:\/\/www.arquimaster.com.ar\/web\/wp-content\/uploads\/2022\/07\/vivienda_federica18.jpg 2000w\" sizes=\"auto, (max-width: 150px) 100vw, 150px\" \/><\/a>\n\t\t\t<\/div>\n\t\t\t\t<figcaption class='wp-caption-text gallery-caption' id='gallery-1-71515'>\n\t\t\t\tVivienda Federica \/ TATU Arquitectura (planta de techos)\n\t\t\t\t<\/figcaption><\/figure><figure class='gallery-item'>\n\t\t\t<div class='gallery-icon landscape'>\n\t\t\t\t<a href='https:\/\/www.arquimaster.com.ar\/web\/wp-content\/uploads\/2022\/07\/vivienda_federica19.jpg' title=\"Vivienda Federica \/ TATU Arquitectura (corte)\" data-rl_title=\"Vivienda Federica \/ TATU Arquitectura (corte)\" class=\"rl-gallery-link\" data-rl_caption=\"Vivienda Federica \/ TATU Arquitectura (corte)\" data-rel=\"lightbox-gallery-1\"><img loading=\"lazy\" decoding=\"async\" width=\"150\" height=\"150\" src=\"https:\/\/www.arquimaster.com.ar\/web\/wp-content\/uploads\/2022\/07\/vivienda_federica19-150x150.jpg\" class=\"attachment-thumbnail size-thumbnail\" alt=\"Vivienda Federica \/ TATU Arquitectura\" aria-describedby=\"gallery-1-71516\" srcset=\"https:\/\/www.arquimaster.com.ar\/web\/wp-content\/uploads\/2022\/07\/vivienda_federica19-150x150.jpg 150w, https:\/\/www.arquimaster.com.ar\/web\/wp-content\/uploads\/2022\/07\/vivienda_federica19-768x768.jpg 768w, https:\/\/www.arquimaster.com.ar\/web\/wp-content\/uploads\/2022\/07\/vivienda_federica19-1536x1536.jpg 1536w, https:\/\/www.arquimaster.com.ar\/web\/wp-content\/uploads\/2022\/07\/vivienda_federica19.jpg 2000w\" sizes=\"auto, (max-width: 150px) 100vw, 150px\" \/><\/a>\n\t\t\t<\/div>\n\t\t\t\t<figcaption class='wp-caption-text gallery-caption' id='gallery-1-71516'>\n\t\t\t\tVivienda Federica \/ TATU Arquitectura (corte)\n\t\t\t\t<\/figcaption><\/figure><figure class='gallery-item'>\n\t\t\t<div class='gallery-icon landscape'>\n\t\t\t\t<a href='https:\/\/www.arquimaster.com.ar\/web\/wp-content\/uploads\/2022\/07\/vivienda_federica20.jpg' title=\"Vivienda Federica \/ TATU Arquitectura (corte)\" data-rl_title=\"Vivienda Federica \/ TATU Arquitectura (corte)\" class=\"rl-gallery-link\" data-rl_caption=\"Vivienda Federica \/ TATU Arquitectura (corte)\" data-rel=\"lightbox-gallery-1\"><img loading=\"lazy\" decoding=\"async\" width=\"150\" height=\"150\" src=\"https:\/\/www.arquimaster.com.ar\/web\/wp-content\/uploads\/2022\/07\/vivienda_federica20-150x150.jpg\" class=\"attachment-thumbnail size-thumbnail\" alt=\"Vivienda Federica \/ TATU Arquitectura\" aria-describedby=\"gallery-1-71517\" srcset=\"https:\/\/www.arquimaster.com.ar\/web\/wp-content\/uploads\/2022\/07\/vivienda_federica20-150x150.jpg 150w, https:\/\/www.arquimaster.com.ar\/web\/wp-content\/uploads\/2022\/07\/vivienda_federica20-768x768.jpg 768w, https:\/\/www.arquimaster.com.ar\/web\/wp-content\/uploads\/2022\/07\/vivienda_federica20-1536x1536.jpg 1536w, https:\/\/www.arquimaster.com.ar\/web\/wp-content\/uploads\/2022\/07\/vivienda_federica20.jpg 2000w\" sizes=\"auto, (max-width: 150px) 100vw, 150px\" \/><\/a>\n\t\t\t<\/div>\n\t\t\t\t<figcaption class='wp-caption-text gallery-caption' id='gallery-1-71517'>\n\t\t\t\tVivienda Federica \/ TATU Arquitectura (corte)\n\t\t\t\t<\/figcaption><\/figure><figure class='gallery-item'>\n\t\t\t<div class='gallery-icon landscape'>\n\t\t\t\t<a href='https:\/\/www.arquimaster.com.ar\/web\/wp-content\/uploads\/2022\/07\/vivienda_federica21.jpg' title=\"Vivienda Federica \/ TATU Arquitectura (vista)\" data-rl_title=\"Vivienda Federica \/ TATU Arquitectura (vista)\" class=\"rl-gallery-link\" data-rl_caption=\"Vivienda Federica \/ TATU Arquitectura (vista)\" data-rel=\"lightbox-gallery-1\"><img loading=\"lazy\" decoding=\"async\" width=\"150\" height=\"150\" src=\"https:\/\/www.arquimaster.com.ar\/web\/wp-content\/uploads\/2022\/07\/vivienda_federica21-150x150.jpg\" class=\"attachment-thumbnail size-thumbnail\" alt=\"Vivienda Federica \/ TATU Arquitectura\" aria-describedby=\"gallery-1-71518\" srcset=\"https:\/\/www.arquimaster.com.ar\/web\/wp-content\/uploads\/2022\/07\/vivienda_federica21-150x150.jpg 150w, https:\/\/www.arquimaster.com.ar\/web\/wp-content\/uploads\/2022\/07\/vivienda_federica21-768x768.jpg 768w, https:\/\/www.arquimaster.com.ar\/web\/wp-content\/uploads\/2022\/07\/vivienda_federica21-1536x1536.jpg 1536w, https:\/\/www.arquimaster.com.ar\/web\/wp-content\/uploads\/2022\/07\/vivienda_federica21.jpg 2000w\" sizes=\"auto, (max-width: 150px) 100vw, 150px\" \/><\/a>\n\t\t\t<\/div>\n\t\t\t\t<figcaption class='wp-caption-text gallery-caption' id='gallery-1-71518'>\n\t\t\t\tVivienda Federica \/ TATU Arquitectura (vista)\n\t\t\t\t<\/figcaption><\/figure><figure class='gallery-item'>\n\t\t\t<div class='gallery-icon landscape'>\n\t\t\t\t<a href='https:\/\/www.arquimaster.com.ar\/web\/wp-content\/uploads\/2022\/07\/vivienda_federica22.jpg' title=\"Vivienda Federica \/ TATU Arquitectura (vista)\" data-rl_title=\"Vivienda Federica \/ TATU Arquitectura (vista)\" class=\"rl-gallery-link\" data-rl_caption=\"Vivienda Federica \/ TATU Arquitectura (vista)\" data-rel=\"lightbox-gallery-1\"><img loading=\"lazy\" decoding=\"async\" width=\"150\" height=\"150\" src=\"https:\/\/www.arquimaster.com.ar\/web\/wp-content\/uploads\/2022\/07\/vivienda_federica22-150x150.jpg\" class=\"attachment-thumbnail size-thumbnail\" alt=\"Vivienda Federica \/ TATU Arquitectura\" aria-describedby=\"gallery-1-71519\" srcset=\"https:\/\/www.arquimaster.com.ar\/web\/wp-content\/uploads\/2022\/07\/vivienda_federica22-150x150.jpg 150w, https:\/\/www.arquimaster.com.ar\/web\/wp-content\/uploads\/2022\/07\/vivienda_federica22-768x768.jpg 768w, https:\/\/www.arquimaster.com.ar\/web\/wp-content\/uploads\/2022\/07\/vivienda_federica22-1536x1536.jpg 1536w, https:\/\/www.arquimaster.com.ar\/web\/wp-content\/uploads\/2022\/07\/vivienda_federica22.jpg 2000w\" sizes=\"auto, (max-width: 150px) 100vw, 150px\" \/><\/a>\n\t\t\t<\/div>\n\t\t\t\t<figcaption class='wp-caption-text gallery-caption' id='gallery-1-71519'>\n\t\t\t\tVivienda Federica \/ TATU Arquitectura (vista)\n\t\t\t\t<\/figcaption><\/figure><figure class='gallery-item'>\n\t\t\t<div class='gallery-icon landscape'>\n\t\t\t\t<a href='https:\/\/www.arquimaster.com.ar\/web\/wp-content\/uploads\/2022\/07\/vivienda_federica24.jpg' title=\"Vivienda Federica \/ TATU Arquitectura (vista)\" data-rl_title=\"Vivienda Federica \/ TATU Arquitectura (vista)\" class=\"rl-gallery-link\" data-rl_caption=\"Vivienda Federica \/ TATU Arquitectura (vista)\" data-rel=\"lightbox-gallery-1\"><img loading=\"lazy\" decoding=\"async\" width=\"150\" height=\"150\" src=\"https:\/\/www.arquimaster.com.ar\/web\/wp-content\/uploads\/2022\/07\/vivienda_federica24-150x150.jpg\" class=\"attachment-thumbnail size-thumbnail\" alt=\"Vivienda Federica \/ TATU Arquitectura\" aria-describedby=\"gallery-1-71520\" srcset=\"https:\/\/www.arquimaster.com.ar\/web\/wp-content\/uploads\/2022\/07\/vivienda_federica24-150x150.jpg 150w, https:\/\/www.arquimaster.com.ar\/web\/wp-content\/uploads\/2022\/07\/vivienda_federica24-768x768.jpg 768w, https:\/\/www.arquimaster.com.ar\/web\/wp-content\/uploads\/2022\/07\/vivienda_federica24-1536x1536.jpg 1536w, https:\/\/www.arquimaster.com.ar\/web\/wp-content\/uploads\/2022\/07\/vivienda_federica24.jpg 2000w\" sizes=\"auto, (max-width: 150px) 100vw, 150px\" \/><\/a>\n\t\t\t<\/div>\n\t\t\t\t<figcaption class='wp-caption-text gallery-caption' id='gallery-1-71520'>\n\t\t\t\tVivienda Federica \/ TATU Arquitectura (vista)\n\t\t\t\t<\/figcaption><\/figure><figure class='gallery-item'>\n\t\t\t<div class='gallery-icon landscape'>\n\t\t\t\t<a href='https:\/\/www.arquimaster.com.ar\/web\/wp-content\/uploads\/2022\/07\/vivienda_federica25.jpg' title=\"Vivienda Federica \/ TATU Arquitectura (vista)\" data-rl_title=\"Vivienda Federica \/ TATU Arquitectura (vista)\" class=\"rl-gallery-link\" data-rl_caption=\"Vivienda Federica \/ TATU Arquitectura (vista)\" data-rel=\"lightbox-gallery-1\"><img loading=\"lazy\" decoding=\"async\" width=\"150\" height=\"150\" src=\"https:\/\/www.arquimaster.com.ar\/web\/wp-content\/uploads\/2022\/07\/vivienda_federica25-150x150.jpg\" class=\"attachment-thumbnail size-thumbnail\" alt=\"Vivienda Federica \/ TATU Arquitectura\" aria-describedby=\"gallery-1-71521\" srcset=\"https:\/\/www.arquimaster.com.ar\/web\/wp-content\/uploads\/2022\/07\/vivienda_federica25-150x150.jpg 150w, https:\/\/www.arquimaster.com.ar\/web\/wp-content\/uploads\/2022\/07\/vivienda_federica25-768x768.jpg 768w, https:\/\/www.arquimaster.com.ar\/web\/wp-content\/uploads\/2022\/07\/vivienda_federica25-1536x1536.jpg 1536w, https:\/\/www.arquimaster.com.ar\/web\/wp-content\/uploads\/2022\/07\/vivienda_federica25.jpg 2000w\" sizes=\"auto, (max-width: 150px) 100vw, 150px\" \/><\/a>\n\t\t\t<\/div>\n\t\t\t\t<figcaption class='wp-caption-text gallery-caption' id='gallery-1-71521'>\n\t\t\t\tVivienda Federica \/ TATU Arquitectura (vista)\n\t\t\t\t<\/figcaption><\/figure><figure class='gallery-item'>\n\t\t\t<div class='gallery-icon landscape'>\n\t\t\t\t<a href='https:\/\/www.arquimaster.com.ar\/web\/wp-content\/uploads\/2022\/07\/vivienda_federica26.jpg' title=\"Vivienda Federica \/ TATU Arquitectura (axonometria)\" data-rl_title=\"Vivienda Federica \/ TATU Arquitectura (axonometria)\" class=\"rl-gallery-link\" data-rl_caption=\"Vivienda Federica \/ TATU Arquitectura (axonometria)\" data-rel=\"lightbox-gallery-1\"><img loading=\"lazy\" decoding=\"async\" width=\"150\" height=\"150\" src=\"https:\/\/www.arquimaster.com.ar\/web\/wp-content\/uploads\/2022\/07\/vivienda_federica26-150x150.jpg\" class=\"attachment-thumbnail size-thumbnail\" alt=\"Vivienda Federica \/ TATU Arquitectura\" aria-describedby=\"gallery-1-71522\" srcset=\"https:\/\/www.arquimaster.com.ar\/web\/wp-content\/uploads\/2022\/07\/vivienda_federica26-150x150.jpg 150w, https:\/\/www.arquimaster.com.ar\/web\/wp-content\/uploads\/2022\/07\/vivienda_federica26-768x768.jpg 768w, https:\/\/www.arquimaster.com.ar\/web\/wp-content\/uploads\/2022\/07\/vivienda_federica26-1536x1536.jpg 1536w, https:\/\/www.arquimaster.com.ar\/web\/wp-content\/uploads\/2022\/07\/vivienda_federica26.jpg 2000w\" sizes=\"auto, (max-width: 150px) 100vw, 150px\" \/><\/a>\n\t\t\t<\/div>\n\t\t\t\t<figcaption class='wp-caption-text gallery-caption' id='gallery-1-71522'>\n\t\t\t\tVivienda Federica \/ TATU Arquitectura (axonometria)\n\t\t\t\t<\/figcaption><\/figure><figure class='gallery-item'>\n\t\t\t<div class='gallery-icon landscape'>\n\t\t\t\t<a href='https:\/\/www.arquimaster.com.ar\/web\/wp-content\/uploads\/2022\/07\/vivienda_federica27.jpg' title=\"Vivienda Federica \/ TATU Arquitectura (vista)\" data-rl_title=\"Vivienda Federica \/ TATU Arquitectura (vista)\" class=\"rl-gallery-link\" data-rl_caption=\"Vivienda Federica \/ TATU Arquitectura (vista)\" data-rel=\"lightbox-gallery-1\"><img loading=\"lazy\" decoding=\"async\" width=\"150\" height=\"150\" src=\"https:\/\/www.arquimaster.com.ar\/web\/wp-content\/uploads\/2022\/07\/vivienda_federica27-150x150.jpg\" class=\"attachment-thumbnail size-thumbnail\" alt=\"Vivienda Federica \/ TATU Arquitectura\" aria-describedby=\"gallery-1-71523\" srcset=\"https:\/\/www.arquimaster.com.ar\/web\/wp-content\/uploads\/2022\/07\/vivienda_federica27-150x150.jpg 150w, https:\/\/www.arquimaster.com.ar\/web\/wp-content\/uploads\/2022\/07\/vivienda_federica27-768x768.jpg 768w, https:\/\/www.arquimaster.com.ar\/web\/wp-content\/uploads\/2022\/07\/vivienda_federica27-1536x1536.jpg 1536w, https:\/\/www.arquimaster.com.ar\/web\/wp-content\/uploads\/2022\/07\/vivienda_federica27.jpg 2000w\" sizes=\"auto, (max-width: 150px) 100vw, 150px\" \/><\/a>\n\t\t\t<\/div>\n\t\t\t\t<figcaption class='wp-caption-text gallery-caption' id='gallery-1-71523'>\n\t\t\t\tVivienda Federica \/ TATU Arquitectura (vista)\n\t\t\t\t<\/figcaption><\/figure>\n\t\t<\/div>\n\n<p>El acceso desde la zona m\u00e1s alta del terreno ofrec\u00eda la posibilidad de utilizar la propia vivienda como umbral, o elemento de transici\u00f3n entre la calle y el paisaje profundo del valle.<\/p>\n<p>Se busc\u00f3 potenciar esta condici\u00f3n de pasaje artificial, capaz de invitar a transitar por la arquitectura como si realmente se tratara de un t\u00fanel que da acceso a otra condici\u00f3n de paisaje.<\/p>\n<p>Esta experiencia est\u00e1 basada en la transici\u00f3n espacial frente-vista, donde el refugio funciona como un t\u00fanel que recibe y cobija al usuario mientras lo atraviesa.<\/p>\n<p>Para lograrlo, se gener\u00f3 una espacialidad semi-exterior continua que vincula la expansi\u00f3n del living-comedor con el t\u00fanel lateral que da acceso al refugio y lo atraviesa transversalmente.<\/p>\n<p>A su vez, se decidi\u00f3 darle a la construcci\u00f3n una textura homog\u00e9nea en su exterior que tuviera un mantenimiento m\u00ednimo y fuera f\u00e1cil de montar, en contraposici\u00f3n al interior, donde se opt\u00f3 por una textura c\u00e1lida de madera para las superficies en general.<\/p>\n\n\n<div style=\"height:20px\" aria-hidden=\"true\" class=\"wp-block-spacer\"><\/div>\n\n\n\n<p class=\"has-background\" style=\"background-color:#eaeaea\"><strong>Ficha t\u00e9cnica<\/strong><br>Nombre: Federica<br>Ubicaci\u00f3n: Villa Serrana, Uruguay<br>Oficina de arquitectura: TATU Arquitectura<br>Arquitectos a cargo: Leandro Alegre, Horacio Goday, Martin Olivera<br>Equipo de Dise\u00f1o: Luc\u00eda Arce, Lucas Cardona<br>Programa: Residencial<br>Superficie construida: 80 m2<br>A\u00f1o finalizaci\u00f3n construcci\u00f3n: 2020<br>Fotograf\u00edas: <a href=\"https:\/\/www.marcosguiponi.net\/\" target=\"_blank\" rel=\"noreferrer noopener\">Marcos Guiponi<\/a><br><br><strong>Contacto<\/strong><br><a href=\"http:\/\/www.tatuarq.com\" target=\"_blank\" rel=\"noreferrer noopener\">http:\/\/www.tatuarq.com<\/a><br>Redes sociales: @tatu_arquitectura<\/p>\n\n\n\n<div style=\"height:40px\" aria-hidden=\"true\" class=\"wp-block-spacer\"><\/div>\n\n\n<p><strong><em>English version<\/em><\/strong><\/p>\n<p><em>The project is located in Villa Serrana in an elevated area of the sierras. The key to the project arises from the search to enhance the depth of the landscape on the back end of the plot of land.<\/em><\/p>\n<p><em>The access from the highest area of the land offered the possibility of using the house itself as a threshold, or transitional element between the street and the deep landscape of the valley.<\/em><\/p>\n<p><em>It was sought out to enhance this condition of artificial passage, capable of inviting to pass through the architecture as if it were really a tunnel that gives access to another landscape condition.<\/em><\/p>\n<p><em>This experience based on the front-view spatial transition where the shelter functions as a tunnel that receives and shelters the user while crossing it.<\/em><\/p>\n<p><em>To achieve this, a continuous semi-exterior spatiality was generated that links the expansion of the living-dining room with the side tunnel that gives access to the shelter and crosses it transversely.<\/em><\/p>\n<p><em>In turn, it was decided to give the construction a homogeneous texture on the outside that had minimal maintenance and was easy to assemble, as opposed to the interior where a warm wooden texture was chosen for surfaces in general.<\/em><\/p>\n<div style=\"font-size: 0px; height: 0px; line-height: 0px; margin: 0; padding: 0; clear: both;\"><\/div><div style=\"margin-top: 0px; margin-bottom: 0px;\" class=\"sharethis-inline-share-buttons\" ><\/div>","protected":false},"excerpt":{"rendered":"<p>El proyecto potencia la profundidad del paisaje sobre el fondo del terreno&#8230;<\/p>\n","protected":false},"author":1,"featured_media":71497,"comment_status":"closed","ping_status":"closed","sticky":false,"template":"","format":"standard","meta":{"_uag_custom_page_level_css":"","footnotes":""},"categories":[1,251],"tags":[4282,2863,7426,7425,7429,7428,7427,1709,7424,266,7423,6471],"class_list":["post-71496","post","type-post","status-publish","format-standard","has-post-thumbnail","hentry","category-proyecto","category-casas-de-playa","tag-arquitectura-residencial","tag-cabanas","tag-horacio-goday","tag-leandro-alegre","tag-lucas-cardona","tag-lucia-arce","tag-martin-olivera","tag-refugio","tag-tatu-arquitectura","tag-uruguay","tag-villa-serrana","tag-vivienda-no-permanente","generate-columns","tablet-grid-50","mobile-grid-100","grid-parent","grid-50"],"yoast_head":"<!-- This site is optimized with the Yoast SEO plugin v27.3 - https:\/\/yoast.com\/product\/yoast-seo-wordpress\/ -->\n<title>Vivienda Federica \/ TATU Arquitectura - Arquimaster<\/title>\n<meta name=\"description\" content=\"La clave del proyecto surge de la b\u00fasqueda de potenciar la profundidad del paisaje sobre el fondo del terreno.\" \/>\n<meta name=\"robots\" content=\"index, follow, max-snippet:-1, max-image-preview:large, max-video-preview:-1\" \/>\n<link rel=\"canonical\" href=\"https:\/\/www.arquimaster.com.ar\/web\/vivienda-federica-tatu-arquitectura\/\" \/>\n<meta property=\"og:locale\" content=\"es_ES\" \/>\n<meta property=\"og:type\" content=\"article\" \/>\n<meta property=\"og:title\" content=\"Vivienda Federica \/ TATU Arquitectura\" \/>\n<meta property=\"og:description\" content=\"La clave del proyecto surge de la b\u00fasqueda de potenciar la profundidad del paisaje sobre el fondo del terreno.\" \/>\n<meta property=\"og:url\" content=\"https:\/\/www.arquimaster.com.ar\/web\/vivienda-federica-tatu-arquitectura\/\" \/>\n<meta property=\"og:site_name\" content=\"Arquimaster\" \/>\n<meta property=\"article:publisher\" content=\"http:\/\/www.facebook.com\/ARQUIMASTER.com.ar\" \/>\n<meta property=\"article:published_time\" content=\"2022-07-16T04:09:08+00:00\" \/>\n<meta property=\"article:modified_time\" content=\"2023-01-05T23:30:10+00:00\" \/>\n<meta property=\"og:image\" content=\"https:\/\/www.arquimaster.com.ar\/web\/wp-content\/uploads\/2022\/07\/vivienda_federica_slide.jpg\" \/>\n\t<meta property=\"og:image:width\" content=\"698\" \/>\n\t<meta property=\"og:image:height\" content=\"364\" \/>\n\t<meta property=\"og:image:type\" content=\"image\/jpeg\" \/>\n<meta name=\"author\" content=\"Arquimaster\" \/>\n<meta name=\"twitter:card\" content=\"summary_large_image\" \/>\n<meta name=\"twitter:title\" content=\"Vivienda Federica \/ TATU Arquitectura\" \/>\n<meta name=\"twitter:description\" content=\"La clave del proyecto surge de la b\u00fasqueda de potenciar la profundidad del paisaje sobre el fondo del terreno.\" \/>\n<meta name=\"twitter:image\" content=\"https:\/\/www.arquimaster.com.ar\/web\/wp-content\/uploads\/2022\/07\/vivienda_federica_slide.jpg\" \/>\n<meta name=\"twitter:creator\" content=\"@arquimaster\" \/>\n<meta name=\"twitter:site\" content=\"@arquimaster\" \/>\n<meta name=\"twitter:label1\" content=\"Escrito por\" \/>\n\t<meta name=\"twitter:data1\" content=\"Arquimaster\" \/>\n\t<meta name=\"twitter:label2\" content=\"Tiempo de lectura\" \/>\n\t<meta name=\"twitter:data2\" content=\"3 minutos\" \/>\n<script type=\"application\/ld+json\" class=\"yoast-schema-graph\">{\"@context\":\"https:\\\/\\\/schema.org\",\"@graph\":[{\"@type\":\"Article\",\"@id\":\"https:\\\/\\\/www.arquimaster.com.ar\\\/web\\\/vivienda-federica-tatu-arquitectura\\\/#article\",\"isPartOf\":{\"@id\":\"https:\\\/\\\/www.arquimaster.com.ar\\\/web\\\/vivienda-federica-tatu-arquitectura\\\/\"},\"author\":{\"name\":\"Arquimaster\",\"@id\":\"https:\\\/\\\/www.arquimaster.com.ar\\\/web\\\/#\\\/schema\\\/person\\\/359e9f7c00193fcde068e0dd2ceb0028\"},\"headline\":\"Vivienda Federica \\\/ TATU Arquitectura\",\"datePublished\":\"2022-07-16T04:09:08+00:00\",\"dateModified\":\"2023-01-05T23:30:10+00:00\",\"mainEntityOfPage\":{\"@id\":\"https:\\\/\\\/www.arquimaster.com.ar\\\/web\\\/vivienda-federica-tatu-arquitectura\\\/\"},\"wordCount\":478,\"publisher\":{\"@id\":\"https:\\\/\\\/www.arquimaster.com.ar\\\/web\\\/#organization\"},\"image\":{\"@id\":\"https:\\\/\\\/www.arquimaster.com.ar\\\/web\\\/vivienda-federica-tatu-arquitectura\\\/#primaryimage\"},\"thumbnailUrl\":\"https:\\\/\\\/www.arquimaster.com.ar\\\/web\\\/wp-content\\\/uploads\\\/2022\\\/07\\\/vivienda_federica_slide.jpg\",\"keywords\":[\"arquitectura residencial\",\"caba\u00f1as\",\"Horacio Goday\",\"Leandro Alegre\",\"Lucas Cardona\",\"Luc\u00eda Arce\",\"Martin Olivera\",\"refugio\",\"TATU Arquitectura\",\"Uruguay\",\"Villa Serrana\",\"vivienda no permanente\"],\"articleSection\":[\"Proyecto\",\"Vivienda no permanente\"],\"inLanguage\":\"es\"},{\"@type\":\"WebPage\",\"@id\":\"https:\\\/\\\/www.arquimaster.com.ar\\\/web\\\/vivienda-federica-tatu-arquitectura\\\/\",\"url\":\"https:\\\/\\\/www.arquimaster.com.ar\\\/web\\\/vivienda-federica-tatu-arquitectura\\\/\",\"name\":\"Vivienda Federica \\\/ TATU Arquitectura - Arquimaster\",\"isPartOf\":{\"@id\":\"https:\\\/\\\/www.arquimaster.com.ar\\\/web\\\/#website\"},\"primaryImageOfPage\":{\"@id\":\"https:\\\/\\\/www.arquimaster.com.ar\\\/web\\\/vivienda-federica-tatu-arquitectura\\\/#primaryimage\"},\"image\":{\"@id\":\"https:\\\/\\\/www.arquimaster.com.ar\\\/web\\\/vivienda-federica-tatu-arquitectura\\\/#primaryimage\"},\"thumbnailUrl\":\"https:\\\/\\\/www.arquimaster.com.ar\\\/web\\\/wp-content\\\/uploads\\\/2022\\\/07\\\/vivienda_federica_slide.jpg\",\"datePublished\":\"2022-07-16T04:09:08+00:00\",\"dateModified\":\"2023-01-05T23:30:10+00:00\",\"description\":\"La clave del proyecto surge de la b\u00fasqueda de potenciar la profundidad del paisaje sobre el fondo del terreno.\",\"breadcrumb\":{\"@id\":\"https:\\\/\\\/www.arquimaster.com.ar\\\/web\\\/vivienda-federica-tatu-arquitectura\\\/#breadcrumb\"},\"inLanguage\":\"es\",\"potentialAction\":[{\"@type\":\"ReadAction\",\"target\":[\"https:\\\/\\\/www.arquimaster.com.ar\\\/web\\\/vivienda-federica-tatu-arquitectura\\\/\"]}]},{\"@type\":\"ImageObject\",\"inLanguage\":\"es\",\"@id\":\"https:\\\/\\\/www.arquimaster.com.ar\\\/web\\\/vivienda-federica-tatu-arquitectura\\\/#primaryimage\",\"url\":\"https:\\\/\\\/www.arquimaster.com.ar\\\/web\\\/wp-content\\\/uploads\\\/2022\\\/07\\\/vivienda_federica_slide.jpg\",\"contentUrl\":\"https:\\\/\\\/www.arquimaster.com.ar\\\/web\\\/wp-content\\\/uploads\\\/2022\\\/07\\\/vivienda_federica_slide.jpg\",\"width\":698,\"height\":364,\"caption\":\"Vivienda Federica \\\/ TATU Arquitectura\"},{\"@type\":\"BreadcrumbList\",\"@id\":\"https:\\\/\\\/www.arquimaster.com.ar\\\/web\\\/vivienda-federica-tatu-arquitectura\\\/#breadcrumb\",\"itemListElement\":[{\"@type\":\"ListItem\",\"position\":1,\"name\":\"Portada\",\"item\":\"https:\\\/\\\/www.arquimaster.com.ar\\\/web\\\/\"},{\"@type\":\"ListItem\",\"position\":2,\"name\":\"Vivienda Federica \\\/ TATU Arquitectura\"}]},{\"@type\":\"WebSite\",\"@id\":\"https:\\\/\\\/www.arquimaster.com.ar\\\/web\\\/#website\",\"url\":\"https:\\\/\\\/www.arquimaster.com.ar\\\/web\\\/\",\"name\":\"Arquimaster\",\"description\":\"Web de arquitectura, dise\u00f1o y construccion\",\"publisher\":{\"@id\":\"https:\\\/\\\/www.arquimaster.com.ar\\\/web\\\/#organization\"},\"potentialAction\":[{\"@type\":\"SearchAction\",\"target\":{\"@type\":\"EntryPoint\",\"urlTemplate\":\"https:\\\/\\\/www.arquimaster.com.ar\\\/web\\\/?s={search_term_string}\"},\"query-input\":{\"@type\":\"PropertyValueSpecification\",\"valueRequired\":true,\"valueName\":\"search_term_string\"}}],\"inLanguage\":\"es\"},{\"@type\":\"Organization\",\"@id\":\"https:\\\/\\\/www.arquimaster.com.ar\\\/web\\\/#organization\",\"name\":\"Arquimaster\",\"url\":\"https:\\\/\\\/www.arquimaster.com.ar\\\/web\\\/\",\"logo\":{\"@type\":\"ImageObject\",\"inLanguage\":\"es\",\"@id\":\"https:\\\/\\\/www.arquimaster.com.ar\\\/web\\\/#\\\/schema\\\/logo\\\/image\\\/\",\"url\":\"https:\\\/\\\/www.arquimaster.com.ar\\\/web\\\/wp-content\\\/uploads\\\/2022\\\/06\\\/arquimaster.png\",\"contentUrl\":\"https:\\\/\\\/www.arquimaster.com.ar\\\/web\\\/wp-content\\\/uploads\\\/2022\\\/06\\\/arquimaster.png\",\"width\":594,\"height\":78,\"caption\":\"Arquimaster\"},\"image\":{\"@id\":\"https:\\\/\\\/www.arquimaster.com.ar\\\/web\\\/#\\\/schema\\\/logo\\\/image\\\/\"},\"sameAs\":[\"http:\\\/\\\/www.facebook.com\\\/ARQUIMASTER.com.ar\",\"https:\\\/\\\/x.com\\\/arquimaster\",\"https:\\\/\\\/www.instagram.com\\\/arquimasterblog\\\/\",\"https:\\\/\\\/www.linkedin.com\\\/company\\\/arquimaster\",\"https:\\\/\\\/www.pinterest.com\\\/arquimaster\",\"https:\\\/\\\/t.me\\\/arquimaster\"]},{\"@type\":\"Person\",\"@id\":\"https:\\\/\\\/www.arquimaster.com.ar\\\/web\\\/#\\\/schema\\\/person\\\/359e9f7c00193fcde068e0dd2ceb0028\",\"name\":\"Arquimaster\"}]}<\/script>\n<!-- \/ Yoast SEO plugin. -->","yoast_head_json":{"title":"Vivienda Federica \/ TATU Arquitectura - Arquimaster","description":"La clave del proyecto surge de la b\u00fasqueda de potenciar la profundidad del paisaje sobre el fondo del terreno.","robots":{"index":"index","follow":"follow","max-snippet":"max-snippet:-1","max-image-preview":"max-image-preview:large","max-video-preview":"max-video-preview:-1"},"canonical":"https:\/\/www.arquimaster.com.ar\/web\/vivienda-federica-tatu-arquitectura\/","og_locale":"es_ES","og_type":"article","og_title":"Vivienda Federica \/ TATU Arquitectura","og_description":"La clave del proyecto surge de la b\u00fasqueda de potenciar la profundidad del paisaje sobre el fondo del terreno.","og_url":"https:\/\/www.arquimaster.com.ar\/web\/vivienda-federica-tatu-arquitectura\/","og_site_name":"Arquimaster","article_publisher":"http:\/\/www.facebook.com\/ARQUIMASTER.com.ar","article_published_time":"2022-07-16T04:09:08+00:00","article_modified_time":"2023-01-05T23:30:10+00:00","og_image":[{"width":698,"height":364,"url":"https:\/\/www.arquimaster.com.ar\/web\/wp-content\/uploads\/2022\/07\/vivienda_federica_slide.jpg","type":"image\/jpeg"}],"author":"Arquimaster","twitter_card":"summary_large_image","twitter_title":"Vivienda Federica \/ TATU Arquitectura","twitter_description":"La clave del proyecto surge de la b\u00fasqueda de potenciar la profundidad del paisaje sobre el fondo del terreno.","twitter_image":"https:\/\/www.arquimaster.com.ar\/web\/wp-content\/uploads\/2022\/07\/vivienda_federica_slide.jpg","twitter_creator":"@arquimaster","twitter_site":"@arquimaster","twitter_misc":{"Escrito por":"Arquimaster","Tiempo de lectura":"3 minutos"},"schema":{"@context":"https:\/\/schema.org","@graph":[{"@type":"Article","@id":"https:\/\/www.arquimaster.com.ar\/web\/vivienda-federica-tatu-arquitectura\/#article","isPartOf":{"@id":"https:\/\/www.arquimaster.com.ar\/web\/vivienda-federica-tatu-arquitectura\/"},"author":{"name":"Arquimaster","@id":"https:\/\/www.arquimaster.com.ar\/web\/#\/schema\/person\/359e9f7c00193fcde068e0dd2ceb0028"},"headline":"Vivienda Federica \/ TATU Arquitectura","datePublished":"2022-07-16T04:09:08+00:00","dateModified":"2023-01-05T23:30:10+00:00","mainEntityOfPage":{"@id":"https:\/\/www.arquimaster.com.ar\/web\/vivienda-federica-tatu-arquitectura\/"},"wordCount":478,"publisher":{"@id":"https:\/\/www.arquimaster.com.ar\/web\/#organization"},"image":{"@id":"https:\/\/www.arquimaster.com.ar\/web\/vivienda-federica-tatu-arquitectura\/#primaryimage"},"thumbnailUrl":"https:\/\/www.arquimaster.com.ar\/web\/wp-content\/uploads\/2022\/07\/vivienda_federica_slide.jpg","keywords":["arquitectura residencial","caba\u00f1as","Horacio Goday","Leandro Alegre","Lucas Cardona","Luc\u00eda Arce","Martin Olivera","refugio","TATU Arquitectura","Uruguay","Villa Serrana","vivienda no permanente"],"articleSection":["Proyecto","Vivienda no permanente"],"inLanguage":"es"},{"@type":"WebPage","@id":"https:\/\/www.arquimaster.com.ar\/web\/vivienda-federica-tatu-arquitectura\/","url":"https:\/\/www.arquimaster.com.ar\/web\/vivienda-federica-tatu-arquitectura\/","name":"Vivienda Federica \/ TATU Arquitectura - Arquimaster","isPartOf":{"@id":"https:\/\/www.arquimaster.com.ar\/web\/#website"},"primaryImageOfPage":{"@id":"https:\/\/www.arquimaster.com.ar\/web\/vivienda-federica-tatu-arquitectura\/#primaryimage"},"image":{"@id":"https:\/\/www.arquimaster.com.ar\/web\/vivienda-federica-tatu-arquitectura\/#primaryimage"},"thumbnailUrl":"https:\/\/www.arquimaster.com.ar\/web\/wp-content\/uploads\/2022\/07\/vivienda_federica_slide.jpg","datePublished":"2022-07-16T04:09:08+00:00","dateModified":"2023-01-05T23:30:10+00:00","description":"La clave del proyecto surge de la b\u00fasqueda de potenciar la profundidad del paisaje sobre el fondo del terreno.","breadcrumb":{"@id":"https:\/\/www.arquimaster.com.ar\/web\/vivienda-federica-tatu-arquitectura\/#breadcrumb"},"inLanguage":"es","potentialAction":[{"@type":"ReadAction","target":["https:\/\/www.arquimaster.com.ar\/web\/vivienda-federica-tatu-arquitectura\/"]}]},{"@type":"ImageObject","inLanguage":"es","@id":"https:\/\/www.arquimaster.com.ar\/web\/vivienda-federica-tatu-arquitectura\/#primaryimage","url":"https:\/\/www.arquimaster.com.ar\/web\/wp-content\/uploads\/2022\/07\/vivienda_federica_slide.jpg","contentUrl":"https:\/\/www.arquimaster.com.ar\/web\/wp-content\/uploads\/2022\/07\/vivienda_federica_slide.jpg","width":698,"height":364,"caption":"Vivienda Federica \/ TATU Arquitectura"},{"@type":"BreadcrumbList","@id":"https:\/\/www.arquimaster.com.ar\/web\/vivienda-federica-tatu-arquitectura\/#breadcrumb","itemListElement":[{"@type":"ListItem","position":1,"name":"Portada","item":"https:\/\/www.arquimaster.com.ar\/web\/"},{"@type":"ListItem","position":2,"name":"Vivienda Federica \/ TATU Arquitectura"}]},{"@type":"WebSite","@id":"https:\/\/www.arquimaster.com.ar\/web\/#website","url":"https:\/\/www.arquimaster.com.ar\/web\/","name":"Arquimaster","description":"Web de arquitectura, dise\u00f1o y construccion","publisher":{"@id":"https:\/\/www.arquimaster.com.ar\/web\/#organization"},"potentialAction":[{"@type":"SearchAction","target":{"@type":"EntryPoint","urlTemplate":"https:\/\/www.arquimaster.com.ar\/web\/?s={search_term_string}"},"query-input":{"@type":"PropertyValueSpecification","valueRequired":true,"valueName":"search_term_string"}}],"inLanguage":"es"},{"@type":"Organization","@id":"https:\/\/www.arquimaster.com.ar\/web\/#organization","name":"Arquimaster","url":"https:\/\/www.arquimaster.com.ar\/web\/","logo":{"@type":"ImageObject","inLanguage":"es","@id":"https:\/\/www.arquimaster.com.ar\/web\/#\/schema\/logo\/image\/","url":"https:\/\/www.arquimaster.com.ar\/web\/wp-content\/uploads\/2022\/06\/arquimaster.png","contentUrl":"https:\/\/www.arquimaster.com.ar\/web\/wp-content\/uploads\/2022\/06\/arquimaster.png","width":594,"height":78,"caption":"Arquimaster"},"image":{"@id":"https:\/\/www.arquimaster.com.ar\/web\/#\/schema\/logo\/image\/"},"sameAs":["http:\/\/www.facebook.com\/ARQUIMASTER.com.ar","https:\/\/x.com\/arquimaster","https:\/\/www.instagram.com\/arquimasterblog\/","https:\/\/www.linkedin.com\/company\/arquimaster","https:\/\/www.pinterest.com\/arquimaster","https:\/\/t.me\/arquimaster"]},{"@type":"Person","@id":"https:\/\/www.arquimaster.com.ar\/web\/#\/schema\/person\/359e9f7c00193fcde068e0dd2ceb0028","name":"Arquimaster"}]}},"uagb_featured_image_src":{"full":["https:\/\/www.arquimaster.com.ar\/web\/wp-content\/uploads\/2022\/07\/vivienda_federica_slide.jpg",698,364,false],"thumbnail":["https:\/\/www.arquimaster.com.ar\/web\/wp-content\/uploads\/2022\/07\/vivienda_federica_slide-150x150.jpg",150,150,true],"medium":["https:\/\/www.arquimaster.com.ar\/web\/wp-content\/uploads\/2022\/07\/vivienda_federica_slide.jpg",698,364,false],"medium_large":["https:\/\/www.arquimaster.com.ar\/web\/wp-content\/uploads\/2022\/07\/vivienda_federica_slide.jpg",698,364,false],"large":["https:\/\/www.arquimaster.com.ar\/web\/wp-content\/uploads\/2022\/07\/vivienda_federica_slide.jpg",698,364,false],"1536x1536":["https:\/\/www.arquimaster.com.ar\/web\/wp-content\/uploads\/2022\/07\/vivienda_federica_slide.jpg",698,364,false],"2048x2048":["https:\/\/www.arquimaster.com.ar\/web\/wp-content\/uploads\/2022\/07\/vivienda_federica_slide.jpg",698,364,false]},"uagb_author_info":{"display_name":"Arquimaster","author_link":"https:\/\/www.arquimaster.com.ar\/web\/author\/arquimaster\/"},"uagb_comment_info":0,"uagb_excerpt":"El proyecto potencia la profundidad del paisaje sobre el fondo del terreno...","_links":{"self":[{"href":"https:\/\/www.arquimaster.com.ar\/web\/wp-json\/wp\/v2\/posts\/71496","targetHints":{"allow":["GET"]}}],"collection":[{"href":"https:\/\/www.arquimaster.com.ar\/web\/wp-json\/wp\/v2\/posts"}],"about":[{"href":"https:\/\/www.arquimaster.com.ar\/web\/wp-json\/wp\/v2\/types\/post"}],"author":[{"embeddable":true,"href":"https:\/\/www.arquimaster.com.ar\/web\/wp-json\/wp\/v2\/users\/1"}],"replies":[{"embeddable":true,"href":"https:\/\/www.arquimaster.com.ar\/web\/wp-json\/wp\/v2\/comments?post=71496"}],"version-history":[{"count":2,"href":"https:\/\/www.arquimaster.com.ar\/web\/wp-json\/wp\/v2\/posts\/71496\/revisions"}],"predecessor-version":[{"id":74077,"href":"https:\/\/www.arquimaster.com.ar\/web\/wp-json\/wp\/v2\/posts\/71496\/revisions\/74077"}],"wp:featuredmedia":[{"embeddable":true,"href":"https:\/\/www.arquimaster.com.ar\/web\/wp-json\/wp\/v2\/media\/71497"}],"wp:attachment":[{"href":"https:\/\/www.arquimaster.com.ar\/web\/wp-json\/wp\/v2\/media?parent=71496"}],"wp:term":[{"taxonomy":"category","embeddable":true,"href":"https:\/\/www.arquimaster.com.ar\/web\/wp-json\/wp\/v2\/categories?post=71496"},{"taxonomy":"post_tag","embeddable":true,"href":"https:\/\/www.arquimaster.com.ar\/web\/wp-json\/wp\/v2\/tags?post=71496"}],"curies":[{"name":"wp","href":"https:\/\/api.w.org\/{rel}","templated":true}]}}