{"id":71671,"date":"2022-07-21T23:41:29","date_gmt":"2022-07-22T02:41:29","guid":{"rendered":"https:\/\/www.arquimaster.com.ar\/web\/?p=71671"},"modified":"2023-01-17T18:08:49","modified_gmt":"2023-01-17T21:08:49","slug":"casa-olivos-a16-tatu-arquitectura","status":"publish","type":"post","link":"https:\/\/www.arquimaster.com.ar\/web\/casa-olivos-a16-tatu-arquitectura\/","title":{"rendered":"Casa Olivos A16 \/ TATU Arquitectura"},"content":{"rendered":"<div style=\"margin-top: 0px; margin-bottom: 0px;\" class=\"sharethis-inline-share-buttons\" ><\/div><div class=\"b812932af2e751442846f039925109de\" data-index=\"1\" style=\"float: none; margin:25px 0 25px 0; text-align:center;\">\n<script async src=\"https:\/\/pagead2.googlesyndication.com\/pagead\/js\/adsbygoogle.js\"><\/script>\r\n<!-- Arquimaster (superior) -->\r\n<ins class=\"adsbygoogle\"\r\n     style=\"display:block\"\r\n     data-ad-client=\"ca-pub-6351072698456832\"\r\n     data-ad-slot=\"6455489680\"\r\n     data-ad-format=\"auto\"\r\n     data-full-width-responsive=\"true\"><\/ins>\r\n<script>\r\n     (adsbygoogle = window.adsbygoogle || []).push({});\r\n<\/script>\n<\/div>\n<p><strong>Casa Olivos A16<\/strong> (Montevideo, Uruguay) por <strong>TATU Arquitectura<\/strong>. El cliente es una pareja joven con dos hijos peque\u00f1os, el encargo: su primera casa construida, propia, hecha a medida y para toda la vida. Quer\u00edan una casa de \u00abespacio \u00fanico\u00bb integrado y flexible en planta baja. Una cocina amplia, un living comedor con doble altura, un espacio comod\u00edn que por momentos pudiese operar como escritorio, estar diario o proyecci\u00f3n del living comedor para ampliar su \u00e1rea en eventos especiales. Un patio interior y una bater\u00eda aislada de servicios.<\/p>\n<div id='gallery-1' class='gallery galleryid-71671 gallery-columns-3 gallery-size-thumbnail'><figure class='gallery-item'>\n\t\t\t<div class='gallery-icon portrait'>\n\t\t\t\t<a href='https:\/\/www.arquimaster.com.ar\/web\/wp-content\/uploads\/2022\/07\/casa_olivos1.jpg' title=\"Casa Olivos A16 \/ TATU Arquitectura (\u00a9 Marcos Guiponi)\" data-rl_title=\"Casa Olivos A16 \/ TATU Arquitectura (\u00a9 Marcos Guiponi)\" class=\"rl-gallery-link\" data-rl_caption=\"Casa Olivos A16 \/ TATU Arquitectura (\u00a9 Marcos Guiponi)\" data-rel=\"lightbox-gallery-1\"><img loading=\"lazy\" decoding=\"async\" width=\"150\" height=\"150\" src=\"https:\/\/www.arquimaster.com.ar\/web\/wp-content\/uploads\/2022\/07\/casa_olivos1-150x150.jpg\" class=\"attachment-thumbnail size-thumbnail\" alt=\"Casa Olivos A16 \/ TATU Arquitectura\" aria-describedby=\"gallery-1-71673\" \/><\/a>\n\t\t\t<\/div>\n\t\t\t\t<figcaption class='wp-caption-text gallery-caption' id='gallery-1-71673'>\n\t\t\t\tCasa Olivos A16 \/ TATU Arquitectura (\u00a9 Marcos Guiponi)\n\t\t\t\t<\/figcaption><\/figure><figure class='gallery-item'>\n\t\t\t<div class='gallery-icon landscape'>\n\t\t\t\t<a href='https:\/\/www.arquimaster.com.ar\/web\/wp-content\/uploads\/2022\/07\/casa_olivos2.jpg' title=\"Casa Olivos A16 \/ TATU Arquitectura (\u00a9 Marcos Guiponi)\" data-rl_title=\"Casa Olivos A16 \/ TATU Arquitectura (\u00a9 Marcos Guiponi)\" class=\"rl-gallery-link\" data-rl_caption=\"Casa Olivos A16 \/ TATU Arquitectura (\u00a9 Marcos Guiponi)\" data-rel=\"lightbox-gallery-1\"><img loading=\"lazy\" decoding=\"async\" width=\"150\" height=\"150\" src=\"https:\/\/www.arquimaster.com.ar\/web\/wp-content\/uploads\/2022\/07\/casa_olivos2-150x150.jpg\" class=\"attachment-thumbnail size-thumbnail\" alt=\"Casa Olivos A16 \/ TATU Arquitectura\" aria-describedby=\"gallery-1-71674\" \/><\/a>\n\t\t\t<\/div>\n\t\t\t\t<figcaption class='wp-caption-text gallery-caption' id='gallery-1-71674'>\n\t\t\t\tCasa Olivos A16 \/ TATU Arquitectura (\u00a9 Marcos Guiponi)\n\t\t\t\t<\/figcaption><\/figure><figure class='gallery-item'>\n\t\t\t<div class='gallery-icon landscape'>\n\t\t\t\t<a href='https:\/\/www.arquimaster.com.ar\/web\/wp-content\/uploads\/2022\/07\/casa_olivos3.jpg' title=\"Casa Olivos A16 \/ TATU Arquitectura (\u00a9 Marcos Guiponi)\" data-rl_title=\"Casa Olivos A16 \/ TATU Arquitectura (\u00a9 Marcos Guiponi)\" class=\"rl-gallery-link\" data-rl_caption=\"Casa Olivos A16 \/ TATU Arquitectura (\u00a9 Marcos Guiponi)\" data-rel=\"lightbox-gallery-1\"><img loading=\"lazy\" decoding=\"async\" width=\"150\" height=\"150\" src=\"https:\/\/www.arquimaster.com.ar\/web\/wp-content\/uploads\/2022\/07\/casa_olivos3-150x150.jpg\" class=\"attachment-thumbnail size-thumbnail\" alt=\"Casa Olivos A16 \/ TATU Arquitectura\" aria-describedby=\"gallery-1-71675\" \/><\/a>\n\t\t\t<\/div>\n\t\t\t\t<figcaption class='wp-caption-text gallery-caption' id='gallery-1-71675'>\n\t\t\t\tCasa Olivos A16 \/ TATU Arquitectura (\u00a9 Marcos Guiponi)\n\t\t\t\t<\/figcaption><\/figure><figure class='gallery-item'>\n\t\t\t<div class='gallery-icon portrait'>\n\t\t\t\t<a href='https:\/\/www.arquimaster.com.ar\/web\/wp-content\/uploads\/2022\/07\/casa_olivos4.jpg' title=\"Casa Olivos A16 \/ TATU Arquitectura (\u00a9 Marcos Guiponi)\" data-rl_title=\"Casa Olivos A16 \/ TATU Arquitectura (\u00a9 Marcos Guiponi)\" class=\"rl-gallery-link\" data-rl_caption=\"Casa Olivos A16 \/ TATU Arquitectura (\u00a9 Marcos Guiponi)\" data-rel=\"lightbox-gallery-1\"><img loading=\"lazy\" decoding=\"async\" width=\"150\" height=\"150\" src=\"https:\/\/www.arquimaster.com.ar\/web\/wp-content\/uploads\/2022\/07\/casa_olivos4-150x150.jpg\" class=\"attachment-thumbnail size-thumbnail\" alt=\"Casa Olivos A16 \/ TATU Arquitectura\" aria-describedby=\"gallery-1-71676\" \/><\/a>\n\t\t\t<\/div>\n\t\t\t\t<figcaption class='wp-caption-text gallery-caption' id='gallery-1-71676'>\n\t\t\t\tCasa Olivos A16 \/ TATU Arquitectura (\u00a9 Marcos Guiponi)\n\t\t\t\t<\/figcaption><\/figure><figure class='gallery-item'>\n\t\t\t<div class='gallery-icon landscape'>\n\t\t\t\t<a href='https:\/\/www.arquimaster.com.ar\/web\/wp-content\/uploads\/2022\/07\/casa_olivos5.jpg' title=\"Casa Olivos A16 \/ TATU Arquitectura (\u00a9 Marcos Guiponi)\" data-rl_title=\"Casa Olivos A16 \/ TATU Arquitectura (\u00a9 Marcos Guiponi)\" class=\"rl-gallery-link\" data-rl_caption=\"Casa Olivos A16 \/ TATU Arquitectura (\u00a9 Marcos Guiponi)\" data-rel=\"lightbox-gallery-1\"><img loading=\"lazy\" decoding=\"async\" width=\"150\" height=\"150\" src=\"https:\/\/www.arquimaster.com.ar\/web\/wp-content\/uploads\/2022\/07\/casa_olivos5-150x150.jpg\" class=\"attachment-thumbnail size-thumbnail\" alt=\"Casa Olivos A16 \/ TATU Arquitectura\" aria-describedby=\"gallery-1-71677\" \/><\/a>\n\t\t\t<\/div>\n\t\t\t\t<figcaption class='wp-caption-text gallery-caption' id='gallery-1-71677'>\n\t\t\t\tCasa Olivos A16 \/ TATU Arquitectura (\u00a9 Marcos Guiponi)\n\t\t\t\t<\/figcaption><\/figure><figure class='gallery-item'>\n\t\t\t<div class='gallery-icon portrait'>\n\t\t\t\t<a href='https:\/\/www.arquimaster.com.ar\/web\/wp-content\/uploads\/2022\/07\/casa_olivos6.jpg' title=\"Casa Olivos A16 \/ TATU Arquitectura (\u00a9 Marcos Guiponi)\" data-rl_title=\"Casa Olivos A16 \/ TATU Arquitectura (\u00a9 Marcos Guiponi)\" class=\"rl-gallery-link\" data-rl_caption=\"Casa Olivos A16 \/ TATU Arquitectura (\u00a9 Marcos Guiponi)\" data-rel=\"lightbox-gallery-1\"><img loading=\"lazy\" decoding=\"async\" width=\"150\" height=\"150\" src=\"https:\/\/www.arquimaster.com.ar\/web\/wp-content\/uploads\/2022\/07\/casa_olivos6-150x150.jpg\" class=\"attachment-thumbnail size-thumbnail\" alt=\"Casa Olivos A16 \/ TATU Arquitectura\" aria-describedby=\"gallery-1-71678\" \/><\/a>\n\t\t\t<\/div>\n\t\t\t\t<figcaption class='wp-caption-text gallery-caption' id='gallery-1-71678'>\n\t\t\t\tCasa Olivos A16 \/ TATU Arquitectura (\u00a9 Marcos Guiponi)\n\t\t\t\t<\/figcaption><\/figure><figure class='gallery-item'>\n\t\t\t<div class='gallery-icon landscape'>\n\t\t\t\t<a href='https:\/\/www.arquimaster.com.ar\/web\/wp-content\/uploads\/2022\/07\/casa_olivos7.jpg' title=\"Casa Olivos A16 \/ TATU Arquitectura (\u00a9 Marcos Guiponi)\" data-rl_title=\"Casa Olivos A16 \/ TATU Arquitectura (\u00a9 Marcos Guiponi)\" class=\"rl-gallery-link\" data-rl_caption=\"Casa Olivos A16 \/ TATU Arquitectura (\u00a9 Marcos Guiponi)\" data-rel=\"lightbox-gallery-1\"><img loading=\"lazy\" decoding=\"async\" width=\"150\" height=\"150\" src=\"https:\/\/www.arquimaster.com.ar\/web\/wp-content\/uploads\/2022\/07\/casa_olivos7-150x150.jpg\" class=\"attachment-thumbnail size-thumbnail\" alt=\"Casa Olivos A16 \/ TATU Arquitectura\" aria-describedby=\"gallery-1-71679\" \/><\/a>\n\t\t\t<\/div>\n\t\t\t\t<figcaption class='wp-caption-text gallery-caption' id='gallery-1-71679'>\n\t\t\t\tCasa Olivos A16 \/ TATU Arquitectura (\u00a9 Marcos Guiponi)\n\t\t\t\t<\/figcaption><\/figure><figure class='gallery-item'>\n\t\t\t<div class='gallery-icon portrait'>\n\t\t\t\t<a href='https:\/\/www.arquimaster.com.ar\/web\/wp-content\/uploads\/2022\/07\/casa_olivos8.jpg' title=\"Casa Olivos A16 \/ TATU Arquitectura (\u00a9 Marcos Guiponi)\" data-rl_title=\"Casa Olivos A16 \/ TATU Arquitectura (\u00a9 Marcos Guiponi)\" class=\"rl-gallery-link\" data-rl_caption=\"Casa Olivos A16 \/ TATU Arquitectura (\u00a9 Marcos Guiponi)\" data-rel=\"lightbox-gallery-1\"><img loading=\"lazy\" decoding=\"async\" width=\"150\" height=\"150\" src=\"https:\/\/www.arquimaster.com.ar\/web\/wp-content\/uploads\/2022\/07\/casa_olivos8-150x150.jpg\" class=\"attachment-thumbnail size-thumbnail\" alt=\"Casa Olivos A16 \/ TATU Arquitectura\" aria-describedby=\"gallery-1-71680\" \/><\/a>\n\t\t\t<\/div>\n\t\t\t\t<figcaption class='wp-caption-text gallery-caption' id='gallery-1-71680'>\n\t\t\t\tCasa Olivos A16 \/ TATU Arquitectura (\u00a9 Marcos Guiponi)\n\t\t\t\t<\/figcaption><\/figure><figure class='gallery-item'>\n\t\t\t<div class='gallery-icon portrait'>\n\t\t\t\t<a href='https:\/\/www.arquimaster.com.ar\/web\/wp-content\/uploads\/2022\/07\/casa_olivos9.jpg' title=\"Casa Olivos A16 \/ TATU Arquitectura (\u00a9 Marcos Guiponi)\" data-rl_title=\"Casa Olivos A16 \/ TATU Arquitectura (\u00a9 Marcos Guiponi)\" class=\"rl-gallery-link\" data-rl_caption=\"Casa Olivos A16 \/ TATU Arquitectura (\u00a9 Marcos Guiponi)\" data-rel=\"lightbox-gallery-1\"><img loading=\"lazy\" decoding=\"async\" width=\"150\" height=\"150\" src=\"https:\/\/www.arquimaster.com.ar\/web\/wp-content\/uploads\/2022\/07\/casa_olivos9-150x150.jpg\" class=\"attachment-thumbnail size-thumbnail\" alt=\"Casa Olivos A16 \/ TATU Arquitectura\" aria-describedby=\"gallery-1-71681\" \/><\/a>\n\t\t\t<\/div>\n\t\t\t\t<figcaption class='wp-caption-text gallery-caption' id='gallery-1-71681'>\n\t\t\t\tCasa Olivos A16 \/ TATU Arquitectura (\u00a9 Marcos Guiponi)\n\t\t\t\t<\/figcaption><\/figure><figure class='gallery-item'>\n\t\t\t<div class='gallery-icon landscape'>\n\t\t\t\t<a href='https:\/\/www.arquimaster.com.ar\/web\/wp-content\/uploads\/2022\/07\/casa_olivos10.jpg' title=\"Casa Olivos A16 \/ TATU Arquitectura (\u00a9 Marcos Guiponi)\" data-rl_title=\"Casa Olivos A16 \/ TATU Arquitectura (\u00a9 Marcos Guiponi)\" class=\"rl-gallery-link\" data-rl_caption=\"Casa Olivos A16 \/ TATU Arquitectura (\u00a9 Marcos Guiponi)\" data-rel=\"lightbox-gallery-1\"><img loading=\"lazy\" decoding=\"async\" width=\"150\" height=\"150\" src=\"https:\/\/www.arquimaster.com.ar\/web\/wp-content\/uploads\/2022\/07\/casa_olivos10-150x150.jpg\" class=\"attachment-thumbnail size-thumbnail\" alt=\"Casa Olivos A16 \/ TATU Arquitectura\" aria-describedby=\"gallery-1-71682\" \/><\/a>\n\t\t\t<\/div>\n\t\t\t\t<figcaption class='wp-caption-text gallery-caption' id='gallery-1-71682'>\n\t\t\t\tCasa Olivos A16 \/ TATU Arquitectura (\u00a9 Marcos Guiponi)\n\t\t\t\t<\/figcaption><\/figure><figure class='gallery-item'>\n\t\t\t<div class='gallery-icon landscape'>\n\t\t\t\t<a href='https:\/\/www.arquimaster.com.ar\/web\/wp-content\/uploads\/2022\/07\/casa_olivos11.jpg' title=\"Casa Olivos A16 \/ TATU Arquitectura (\u00a9 Marcos Guiponi)\" data-rl_title=\"Casa Olivos A16 \/ TATU Arquitectura (\u00a9 Marcos Guiponi)\" class=\"rl-gallery-link\" data-rl_caption=\"Casa Olivos A16 \/ TATU Arquitectura (\u00a9 Marcos Guiponi)\" data-rel=\"lightbox-gallery-1\"><img loading=\"lazy\" decoding=\"async\" width=\"150\" height=\"150\" src=\"https:\/\/www.arquimaster.com.ar\/web\/wp-content\/uploads\/2022\/07\/casa_olivos11-150x150.jpg\" class=\"attachment-thumbnail size-thumbnail\" alt=\"Casa Olivos A16 \/ TATU Arquitectura\" aria-describedby=\"gallery-1-71683\" \/><\/a>\n\t\t\t<\/div>\n\t\t\t\t<figcaption class='wp-caption-text gallery-caption' id='gallery-1-71683'>\n\t\t\t\tCasa Olivos A16 \/ TATU Arquitectura (\u00a9 Marcos Guiponi)\n\t\t\t\t<\/figcaption><\/figure><figure class='gallery-item'>\n\t\t\t<div class='gallery-icon portrait'>\n\t\t\t\t<a href='https:\/\/www.arquimaster.com.ar\/web\/wp-content\/uploads\/2022\/07\/casa_olivos12.jpg' title=\"Casa Olivos A16 \/ TATU Arquitectura (\u00a9 Marcos Guiponi)\" data-rl_title=\"Casa Olivos A16 \/ TATU Arquitectura (\u00a9 Marcos Guiponi)\" class=\"rl-gallery-link\" data-rl_caption=\"Casa Olivos A16 \/ TATU Arquitectura (\u00a9 Marcos Guiponi)\" data-rel=\"lightbox-gallery-1\"><img loading=\"lazy\" decoding=\"async\" width=\"150\" height=\"150\" src=\"https:\/\/www.arquimaster.com.ar\/web\/wp-content\/uploads\/2022\/07\/casa_olivos12-150x150.jpg\" class=\"attachment-thumbnail size-thumbnail\" alt=\"Casa Olivos A16 \/ TATU Arquitectura\" aria-describedby=\"gallery-1-71684\" \/><\/a>\n\t\t\t<\/div>\n\t\t\t\t<figcaption class='wp-caption-text gallery-caption' id='gallery-1-71684'>\n\t\t\t\tCasa Olivos A16 \/ TATU Arquitectura (\u00a9 Marcos Guiponi)\n\t\t\t\t<\/figcaption><\/figure><figure class='gallery-item'>\n\t\t\t<div class='gallery-icon portrait'>\n\t\t\t\t<a href='https:\/\/www.arquimaster.com.ar\/web\/wp-content\/uploads\/2022\/07\/casa_olivos13.jpg' title=\"Casa Olivos A16 \/ TATU Arquitectura (\u00a9 Marcos Guiponi)\" data-rl_title=\"Casa Olivos A16 \/ TATU Arquitectura (\u00a9 Marcos Guiponi)\" class=\"rl-gallery-link\" data-rl_caption=\"Casa Olivos A16 \/ TATU Arquitectura (\u00a9 Marcos Guiponi)\" data-rel=\"lightbox-gallery-1\"><img loading=\"lazy\" decoding=\"async\" width=\"150\" height=\"150\" src=\"https:\/\/www.arquimaster.com.ar\/web\/wp-content\/uploads\/2022\/07\/casa_olivos13-150x150.jpg\" class=\"attachment-thumbnail size-thumbnail\" alt=\"Casa Olivos A16 \/ TATU Arquitectura\" aria-describedby=\"gallery-1-71685\" \/><\/a>\n\t\t\t<\/div>\n\t\t\t\t<figcaption class='wp-caption-text gallery-caption' id='gallery-1-71685'>\n\t\t\t\tCasa Olivos A16 \/ TATU Arquitectura (\u00a9 Marcos Guiponi)\n\t\t\t\t<\/figcaption><\/figure><figure class='gallery-item'>\n\t\t\t<div class='gallery-icon landscape'>\n\t\t\t\t<a href='https:\/\/www.arquimaster.com.ar\/web\/wp-content\/uploads\/2022\/07\/casa_olivos14.jpg' title=\"Casa Olivos A16 \/ TATU Arquitectura (\u00a9 Marcos Guiponi)\" data-rl_title=\"Casa Olivos A16 \/ TATU Arquitectura (\u00a9 Marcos Guiponi)\" class=\"rl-gallery-link\" data-rl_caption=\"Casa Olivos A16 \/ TATU Arquitectura (\u00a9 Marcos Guiponi)\" data-rel=\"lightbox-gallery-1\"><img loading=\"lazy\" decoding=\"async\" width=\"150\" height=\"150\" src=\"https:\/\/www.arquimaster.com.ar\/web\/wp-content\/uploads\/2022\/07\/casa_olivos14-150x150.jpg\" class=\"attachment-thumbnail size-thumbnail\" alt=\"Casa Olivos A16 \/ TATU Arquitectura\" aria-describedby=\"gallery-1-71686\" \/><\/a>\n\t\t\t<\/div>\n\t\t\t\t<figcaption class='wp-caption-text gallery-caption' id='gallery-1-71686'>\n\t\t\t\tCasa Olivos A16 \/ TATU Arquitectura (\u00a9 Marcos Guiponi)\n\t\t\t\t<\/figcaption><\/figure><figure class='gallery-item'>\n\t\t\t<div class='gallery-icon landscape'>\n\t\t\t\t<a href='https:\/\/www.arquimaster.com.ar\/web\/wp-content\/uploads\/2022\/07\/casa_olivos15.jpg' title=\"Casa Olivos A16 \/ TATU Arquitectura (\u00a9 Marcos Guiponi)\" data-rl_title=\"Casa Olivos A16 \/ TATU Arquitectura (\u00a9 Marcos Guiponi)\" class=\"rl-gallery-link\" data-rl_caption=\"Casa Olivos A16 \/ TATU Arquitectura (\u00a9 Marcos Guiponi)\" data-rel=\"lightbox-gallery-1\"><img loading=\"lazy\" decoding=\"async\" width=\"150\" height=\"150\" src=\"https:\/\/www.arquimaster.com.ar\/web\/wp-content\/uploads\/2022\/07\/casa_olivos15-150x150.jpg\" class=\"attachment-thumbnail size-thumbnail\" alt=\"Casa Olivos A16 \/ TATU Arquitectura\" aria-describedby=\"gallery-1-71687\" \/><\/a>\n\t\t\t<\/div>\n\t\t\t\t<figcaption class='wp-caption-text gallery-caption' id='gallery-1-71687'>\n\t\t\t\tCasa Olivos A16 \/ TATU Arquitectura (\u00a9 Marcos Guiponi)\n\t\t\t\t<\/figcaption><\/figure><figure class='gallery-item'>\n\t\t\t<div class='gallery-icon landscape'>\n\t\t\t\t<a href='https:\/\/www.arquimaster.com.ar\/web\/wp-content\/uploads\/2022\/07\/casa_olivos16.jpg' title=\"Casa Olivos A16 \/ TATU Arquitectura (\u00a9 Marcos Guiponi)\" data-rl_title=\"Casa Olivos A16 \/ TATU Arquitectura (\u00a9 Marcos Guiponi)\" class=\"rl-gallery-link\" data-rl_caption=\"Casa Olivos A16 \/ TATU Arquitectura (\u00a9 Marcos Guiponi)\" data-rel=\"lightbox-gallery-1\"><img loading=\"lazy\" decoding=\"async\" width=\"150\" height=\"150\" src=\"https:\/\/www.arquimaster.com.ar\/web\/wp-content\/uploads\/2022\/07\/casa_olivos16-150x150.jpg\" class=\"attachment-thumbnail size-thumbnail\" alt=\"Casa Olivos A16 \/ TATU Arquitectura\" aria-describedby=\"gallery-1-71688\" \/><\/a>\n\t\t\t<\/div>\n\t\t\t\t<figcaption class='wp-caption-text gallery-caption' id='gallery-1-71688'>\n\t\t\t\tCasa Olivos A16 \/ TATU Arquitectura (\u00a9 Marcos Guiponi)\n\t\t\t\t<\/figcaption><\/figure><figure class='gallery-item'>\n\t\t\t<div class='gallery-icon landscape'>\n\t\t\t\t<a href='https:\/\/www.arquimaster.com.ar\/web\/wp-content\/uploads\/2022\/07\/casa_olivos17.jpg' title=\"Casa Olivos A16 \/ TATU Arquitectura (\u00a9 Marcos Guiponi)\" data-rl_title=\"Casa Olivos A16 \/ TATU Arquitectura (\u00a9 Marcos Guiponi)\" class=\"rl-gallery-link\" data-rl_caption=\"Casa Olivos A16 \/ TATU Arquitectura (\u00a9 Marcos Guiponi)\" data-rel=\"lightbox-gallery-1\"><img loading=\"lazy\" decoding=\"async\" width=\"150\" height=\"150\" src=\"https:\/\/www.arquimaster.com.ar\/web\/wp-content\/uploads\/2022\/07\/casa_olivos17-150x150.jpg\" class=\"attachment-thumbnail size-thumbnail\" alt=\"Casa Olivos A16 \/ TATU Arquitectura\" aria-describedby=\"gallery-1-71689\" \/><\/a>\n\t\t\t<\/div>\n\t\t\t\t<figcaption class='wp-caption-text gallery-caption' id='gallery-1-71689'>\n\t\t\t\tCasa Olivos A16 \/ TATU Arquitectura (\u00a9 Marcos Guiponi)\n\t\t\t\t<\/figcaption><\/figure><figure class='gallery-item'>\n\t\t\t<div class='gallery-icon landscape'>\n\t\t\t\t<a href='https:\/\/www.arquimaster.com.ar\/web\/wp-content\/uploads\/2022\/07\/casa_olivos18.jpg' title=\"Casa Olivos A16 \/ TATU Arquitectura (\u00a9 Marcos Guiponi)\" data-rl_title=\"Casa Olivos A16 \/ TATU Arquitectura (\u00a9 Marcos Guiponi)\" class=\"rl-gallery-link\" data-rl_caption=\"Casa Olivos A16 \/ TATU Arquitectura (\u00a9 Marcos Guiponi)\" data-rel=\"lightbox-gallery-1\"><img loading=\"lazy\" decoding=\"async\" width=\"150\" height=\"150\" src=\"https:\/\/www.arquimaster.com.ar\/web\/wp-content\/uploads\/2022\/07\/casa_olivos18-150x150.jpg\" class=\"attachment-thumbnail size-thumbnail\" alt=\"Casa Olivos A16 \/ TATU Arquitectura\" aria-describedby=\"gallery-1-71690\" \/><\/a>\n\t\t\t<\/div>\n\t\t\t\t<figcaption class='wp-caption-text gallery-caption' id='gallery-1-71690'>\n\t\t\t\tCasa Olivos A16 \/ TATU Arquitectura (\u00a9 Marcos Guiponi)\n\t\t\t\t<\/figcaption><\/figure><figure class='gallery-item'>\n\t\t\t<div class='gallery-icon landscape'>\n\t\t\t\t<a href='https:\/\/www.arquimaster.com.ar\/web\/wp-content\/uploads\/2022\/07\/casa_olivos19.jpg' title=\"Casa Olivos A16 \/ TATU Arquitectura (\u00a9 Marcos Guiponi)\" data-rl_title=\"Casa Olivos A16 \/ TATU Arquitectura (\u00a9 Marcos Guiponi)\" class=\"rl-gallery-link\" data-rl_caption=\"Casa Olivos A16 \/ TATU Arquitectura (\u00a9 Marcos Guiponi)\" data-rel=\"lightbox-gallery-1\"><img loading=\"lazy\" decoding=\"async\" width=\"150\" height=\"150\" src=\"https:\/\/www.arquimaster.com.ar\/web\/wp-content\/uploads\/2022\/07\/casa_olivos19-150x150.jpg\" class=\"attachment-thumbnail size-thumbnail\" alt=\"Casa Olivos A16 \/ TATU Arquitectura\" aria-describedby=\"gallery-1-71691\" \/><\/a>\n\t\t\t<\/div>\n\t\t\t\t<figcaption class='wp-caption-text gallery-caption' id='gallery-1-71691'>\n\t\t\t\tCasa Olivos A16 \/ TATU Arquitectura (\u00a9 Marcos Guiponi)\n\t\t\t\t<\/figcaption><\/figure><figure class='gallery-item'>\n\t\t\t<div class='gallery-icon landscape'>\n\t\t\t\t<a href='https:\/\/www.arquimaster.com.ar\/web\/wp-content\/uploads\/2022\/07\/casa_olivos20.jpg' title=\"Casa Olivos A16 \/ TATU Arquitectura (emplazamiento)\" data-rl_title=\"Casa Olivos A16 \/ TATU Arquitectura (emplazamiento)\" class=\"rl-gallery-link\" data-rl_caption=\"Casa Olivos A16 \/ TATU Arquitectura (emplazamiento)\" data-rel=\"lightbox-gallery-1\"><img loading=\"lazy\" decoding=\"async\" width=\"150\" height=\"150\" src=\"https:\/\/www.arquimaster.com.ar\/web\/wp-content\/uploads\/2022\/07\/casa_olivos20-150x150.jpg\" class=\"attachment-thumbnail size-thumbnail\" alt=\"Casa Olivos A16 \/ TATU Arquitectura\" aria-describedby=\"gallery-1-71692\" srcset=\"https:\/\/www.arquimaster.com.ar\/web\/wp-content\/uploads\/2022\/07\/casa_olivos20-150x150.jpg 150w, https:\/\/www.arquimaster.com.ar\/web\/wp-content\/uploads\/2022\/07\/casa_olivos20-768x768.jpg 768w, https:\/\/www.arquimaster.com.ar\/web\/wp-content\/uploads\/2022\/07\/casa_olivos20-1536x1536.jpg 1536w, https:\/\/www.arquimaster.com.ar\/web\/wp-content\/uploads\/2022\/07\/casa_olivos20.jpg 2000w\" sizes=\"auto, (max-width: 150px) 100vw, 150px\" \/><\/a>\n\t\t\t<\/div>\n\t\t\t\t<figcaption class='wp-caption-text gallery-caption' id='gallery-1-71692'>\n\t\t\t\tCasa Olivos A16 \/ TATU Arquitectura (emplazamiento)\n\t\t\t\t<\/figcaption><\/figure><figure class='gallery-item'>\n\t\t\t<div class='gallery-icon landscape'>\n\t\t\t\t<a href='https:\/\/www.arquimaster.com.ar\/web\/wp-content\/uploads\/2022\/07\/casa_olivos21.jpg' title=\"Casa Olivos A16 \/ TATU Arquitectura (planta baja)\" data-rl_title=\"Casa Olivos A16 \/ TATU Arquitectura (planta baja)\" class=\"rl-gallery-link\" data-rl_caption=\"Casa Olivos A16 \/ TATU Arquitectura (planta baja)\" data-rel=\"lightbox-gallery-1\"><img loading=\"lazy\" decoding=\"async\" width=\"150\" height=\"150\" src=\"https:\/\/www.arquimaster.com.ar\/web\/wp-content\/uploads\/2022\/07\/casa_olivos21-150x150.jpg\" class=\"attachment-thumbnail size-thumbnail\" alt=\"Casa Olivos A16 \/ TATU Arquitectura\" aria-describedby=\"gallery-1-71693\" srcset=\"https:\/\/www.arquimaster.com.ar\/web\/wp-content\/uploads\/2022\/07\/casa_olivos21-150x150.jpg 150w, https:\/\/www.arquimaster.com.ar\/web\/wp-content\/uploads\/2022\/07\/casa_olivos21-768x768.jpg 768w, https:\/\/www.arquimaster.com.ar\/web\/wp-content\/uploads\/2022\/07\/casa_olivos21-1536x1536.jpg 1536w, https:\/\/www.arquimaster.com.ar\/web\/wp-content\/uploads\/2022\/07\/casa_olivos21.jpg 2000w\" sizes=\"auto, (max-width: 150px) 100vw, 150px\" \/><\/a>\n\t\t\t<\/div>\n\t\t\t\t<figcaption class='wp-caption-text gallery-caption' id='gallery-1-71693'>\n\t\t\t\tCasa Olivos A16 \/ TATU Arquitectura (planta baja)\n\t\t\t\t<\/figcaption><\/figure><figure class='gallery-item'>\n\t\t\t<div class='gallery-icon landscape'>\n\t\t\t\t<a href='https:\/\/www.arquimaster.com.ar\/web\/wp-content\/uploads\/2022\/07\/casa_olivos22.jpg' title=\"Casa Olivos A16 \/ TATU Arquitectura (planta alta)\" data-rl_title=\"Casa Olivos A16 \/ TATU Arquitectura (planta alta)\" class=\"rl-gallery-link\" data-rl_caption=\"Casa Olivos A16 \/ TATU Arquitectura (planta alta)\" data-rel=\"lightbox-gallery-1\"><img loading=\"lazy\" decoding=\"async\" width=\"150\" height=\"150\" src=\"https:\/\/www.arquimaster.com.ar\/web\/wp-content\/uploads\/2022\/07\/casa_olivos22-150x150.jpg\" class=\"attachment-thumbnail size-thumbnail\" alt=\"Casa Olivos A16 \/ TATU Arquitectura\" aria-describedby=\"gallery-1-71694\" srcset=\"https:\/\/www.arquimaster.com.ar\/web\/wp-content\/uploads\/2022\/07\/casa_olivos22-150x150.jpg 150w, https:\/\/www.arquimaster.com.ar\/web\/wp-content\/uploads\/2022\/07\/casa_olivos22-768x768.jpg 768w, https:\/\/www.arquimaster.com.ar\/web\/wp-content\/uploads\/2022\/07\/casa_olivos22-1536x1536.jpg 1536w, https:\/\/www.arquimaster.com.ar\/web\/wp-content\/uploads\/2022\/07\/casa_olivos22.jpg 2000w\" sizes=\"auto, (max-width: 150px) 100vw, 150px\" \/><\/a>\n\t\t\t<\/div>\n\t\t\t\t<figcaption class='wp-caption-text gallery-caption' id='gallery-1-71694'>\n\t\t\t\tCasa Olivos A16 \/ TATU Arquitectura (planta alta)\n\t\t\t\t<\/figcaption><\/figure><figure class='gallery-item'>\n\t\t\t<div class='gallery-icon landscape'>\n\t\t\t\t<a href='https:\/\/www.arquimaster.com.ar\/web\/wp-content\/uploads\/2022\/07\/casa_olivos23.jpg' title=\"Casa Olivos A16 \/ TATU Arquitectura (planta de techos)\" data-rl_title=\"Casa Olivos A16 \/ TATU Arquitectura (planta de techos)\" class=\"rl-gallery-link\" data-rl_caption=\"Casa Olivos A16 \/ TATU Arquitectura (planta de techos)\" data-rel=\"lightbox-gallery-1\"><img loading=\"lazy\" decoding=\"async\" width=\"150\" height=\"150\" src=\"https:\/\/www.arquimaster.com.ar\/web\/wp-content\/uploads\/2022\/07\/casa_olivos23-150x150.jpg\" class=\"attachment-thumbnail size-thumbnail\" alt=\"Casa Olivos A16 \/ TATU Arquitectura\" aria-describedby=\"gallery-1-71695\" srcset=\"https:\/\/www.arquimaster.com.ar\/web\/wp-content\/uploads\/2022\/07\/casa_olivos23-150x150.jpg 150w, https:\/\/www.arquimaster.com.ar\/web\/wp-content\/uploads\/2022\/07\/casa_olivos23-768x768.jpg 768w, https:\/\/www.arquimaster.com.ar\/web\/wp-content\/uploads\/2022\/07\/casa_olivos23-1536x1536.jpg 1536w, https:\/\/www.arquimaster.com.ar\/web\/wp-content\/uploads\/2022\/07\/casa_olivos23.jpg 2000w\" sizes=\"auto, (max-width: 150px) 100vw, 150px\" \/><\/a>\n\t\t\t<\/div>\n\t\t\t\t<figcaption class='wp-caption-text gallery-caption' id='gallery-1-71695'>\n\t\t\t\tCasa Olivos A16 \/ TATU Arquitectura (planta de techos)\n\t\t\t\t<\/figcaption><\/figure><figure class='gallery-item'>\n\t\t\t<div class='gallery-icon landscape'>\n\t\t\t\t<a href='https:\/\/www.arquimaster.com.ar\/web\/wp-content\/uploads\/2022\/07\/casa_olivos24.jpg' title=\"Casa Olivos A16 \/ TATU Arquitectura (corte)\" data-rl_title=\"Casa Olivos A16 \/ TATU Arquitectura (corte)\" class=\"rl-gallery-link\" data-rl_caption=\"Casa Olivos A16 \/ TATU Arquitectura (corte)\" data-rel=\"lightbox-gallery-1\"><img loading=\"lazy\" decoding=\"async\" width=\"150\" height=\"150\" src=\"https:\/\/www.arquimaster.com.ar\/web\/wp-content\/uploads\/2022\/07\/casa_olivos24-150x150.jpg\" class=\"attachment-thumbnail size-thumbnail\" alt=\"Casa Olivos A16 \/ TATU Arquitectura\" aria-describedby=\"gallery-1-71696\" srcset=\"https:\/\/www.arquimaster.com.ar\/web\/wp-content\/uploads\/2022\/07\/casa_olivos24-150x150.jpg 150w, https:\/\/www.arquimaster.com.ar\/web\/wp-content\/uploads\/2022\/07\/casa_olivos24-768x768.jpg 768w, https:\/\/www.arquimaster.com.ar\/web\/wp-content\/uploads\/2022\/07\/casa_olivos24-1536x1536.jpg 1536w, https:\/\/www.arquimaster.com.ar\/web\/wp-content\/uploads\/2022\/07\/casa_olivos24.jpg 2000w\" sizes=\"auto, (max-width: 150px) 100vw, 150px\" \/><\/a>\n\t\t\t<\/div>\n\t\t\t\t<figcaption class='wp-caption-text gallery-caption' id='gallery-1-71696'>\n\t\t\t\tCasa Olivos A16 \/ TATU Arquitectura (corte)\n\t\t\t\t<\/figcaption><\/figure><figure class='gallery-item'>\n\t\t\t<div class='gallery-icon landscape'>\n\t\t\t\t<a href='https:\/\/www.arquimaster.com.ar\/web\/wp-content\/uploads\/2022\/07\/casa_olivos25.jpg' title=\"Casa Olivos A16 \/ TATU Arquitectura (corte)\" data-rl_title=\"Casa Olivos A16 \/ TATU Arquitectura (corte)\" class=\"rl-gallery-link\" data-rl_caption=\"Casa Olivos A16 \/ TATU Arquitectura (corte)\" data-rel=\"lightbox-gallery-1\"><img loading=\"lazy\" decoding=\"async\" width=\"150\" height=\"150\" src=\"https:\/\/www.arquimaster.com.ar\/web\/wp-content\/uploads\/2022\/07\/casa_olivos25-150x150.jpg\" class=\"attachment-thumbnail size-thumbnail\" alt=\"Casa Olivos A16 \/ TATU Arquitectura\" aria-describedby=\"gallery-1-71697\" srcset=\"https:\/\/www.arquimaster.com.ar\/web\/wp-content\/uploads\/2022\/07\/casa_olivos25-150x150.jpg 150w, https:\/\/www.arquimaster.com.ar\/web\/wp-content\/uploads\/2022\/07\/casa_olivos25-768x768.jpg 768w, https:\/\/www.arquimaster.com.ar\/web\/wp-content\/uploads\/2022\/07\/casa_olivos25-1536x1536.jpg 1536w, https:\/\/www.arquimaster.com.ar\/web\/wp-content\/uploads\/2022\/07\/casa_olivos25.jpg 2000w\" sizes=\"auto, (max-width: 150px) 100vw, 150px\" \/><\/a>\n\t\t\t<\/div>\n\t\t\t\t<figcaption class='wp-caption-text gallery-caption' id='gallery-1-71697'>\n\t\t\t\tCasa Olivos A16 \/ TATU Arquitectura (corte)\n\t\t\t\t<\/figcaption><\/figure><figure class='gallery-item'>\n\t\t\t<div class='gallery-icon landscape'>\n\t\t\t\t<a href='https:\/\/www.arquimaster.com.ar\/web\/wp-content\/uploads\/2022\/07\/casa_olivos26.jpg' title=\"Casa Olivos A16 \/ TATU Arquitectura (vista)\" data-rl_title=\"Casa Olivos A16 \/ TATU Arquitectura (vista)\" class=\"rl-gallery-link\" data-rl_caption=\"Casa Olivos A16 \/ TATU Arquitectura (vista)\" data-rel=\"lightbox-gallery-1\"><img loading=\"lazy\" decoding=\"async\" width=\"150\" height=\"150\" src=\"https:\/\/www.arquimaster.com.ar\/web\/wp-content\/uploads\/2022\/07\/casa_olivos26-150x150.jpg\" class=\"attachment-thumbnail size-thumbnail\" alt=\"Casa Olivos A16 \/ TATU Arquitectura\" aria-describedby=\"gallery-1-71698\" srcset=\"https:\/\/www.arquimaster.com.ar\/web\/wp-content\/uploads\/2022\/07\/casa_olivos26-150x150.jpg 150w, https:\/\/www.arquimaster.com.ar\/web\/wp-content\/uploads\/2022\/07\/casa_olivos26-768x768.jpg 768w, https:\/\/www.arquimaster.com.ar\/web\/wp-content\/uploads\/2022\/07\/casa_olivos26-1536x1536.jpg 1536w, https:\/\/www.arquimaster.com.ar\/web\/wp-content\/uploads\/2022\/07\/casa_olivos26.jpg 2000w\" sizes=\"auto, (max-width: 150px) 100vw, 150px\" \/><\/a>\n\t\t\t<\/div>\n\t\t\t\t<figcaption class='wp-caption-text gallery-caption' id='gallery-1-71698'>\n\t\t\t\tCasa Olivos A16 \/ TATU Arquitectura (vista)\n\t\t\t\t<\/figcaption><\/figure><figure class='gallery-item'>\n\t\t\t<div class='gallery-icon landscape'>\n\t\t\t\t<a href='https:\/\/www.arquimaster.com.ar\/web\/wp-content\/uploads\/2022\/07\/casa_olivos27.jpg' title=\"Casa Olivos A16 \/ TATU Arquitectura (vista)\" data-rl_title=\"Casa Olivos A16 \/ TATU Arquitectura (vista)\" class=\"rl-gallery-link\" data-rl_caption=\"Casa Olivos A16 \/ TATU Arquitectura (vista)\" data-rel=\"lightbox-gallery-1\"><img loading=\"lazy\" decoding=\"async\" width=\"150\" height=\"150\" src=\"https:\/\/www.arquimaster.com.ar\/web\/wp-content\/uploads\/2022\/07\/casa_olivos27-150x150.jpg\" class=\"attachment-thumbnail size-thumbnail\" alt=\"Casa Olivos A16 \/ TATU Arquitectura\" aria-describedby=\"gallery-1-71699\" srcset=\"https:\/\/www.arquimaster.com.ar\/web\/wp-content\/uploads\/2022\/07\/casa_olivos27-150x150.jpg 150w, https:\/\/www.arquimaster.com.ar\/web\/wp-content\/uploads\/2022\/07\/casa_olivos27-768x768.jpg 768w, https:\/\/www.arquimaster.com.ar\/web\/wp-content\/uploads\/2022\/07\/casa_olivos27-1536x1536.jpg 1536w, https:\/\/www.arquimaster.com.ar\/web\/wp-content\/uploads\/2022\/07\/casa_olivos27.jpg 2000w\" sizes=\"auto, (max-width: 150px) 100vw, 150px\" \/><\/a>\n\t\t\t<\/div>\n\t\t\t\t<figcaption class='wp-caption-text gallery-caption' id='gallery-1-71699'>\n\t\t\t\tCasa Olivos A16 \/ TATU Arquitectura (vista)\n\t\t\t\t<\/figcaption><\/figure><figure class='gallery-item'>\n\t\t\t<div class='gallery-icon landscape'>\n\t\t\t\t<a href='https:\/\/www.arquimaster.com.ar\/web\/wp-content\/uploads\/2022\/07\/casa_olivos28.jpg' title=\"Casa Olivos A16 \/ TATU Arquitectura (vista)\" data-rl_title=\"Casa Olivos A16 \/ TATU Arquitectura (vista)\" class=\"rl-gallery-link\" data-rl_caption=\"Casa Olivos A16 \/ TATU Arquitectura (vista)\" data-rel=\"lightbox-gallery-1\"><img loading=\"lazy\" decoding=\"async\" width=\"150\" height=\"150\" src=\"https:\/\/www.arquimaster.com.ar\/web\/wp-content\/uploads\/2022\/07\/casa_olivos28-150x150.jpg\" class=\"attachment-thumbnail size-thumbnail\" alt=\"Casa Olivos A16 \/ TATU Arquitectura\" aria-describedby=\"gallery-1-71700\" srcset=\"https:\/\/www.arquimaster.com.ar\/web\/wp-content\/uploads\/2022\/07\/casa_olivos28-150x150.jpg 150w, https:\/\/www.arquimaster.com.ar\/web\/wp-content\/uploads\/2022\/07\/casa_olivos28-768x768.jpg 768w, https:\/\/www.arquimaster.com.ar\/web\/wp-content\/uploads\/2022\/07\/casa_olivos28-1536x1536.jpg 1536w, https:\/\/www.arquimaster.com.ar\/web\/wp-content\/uploads\/2022\/07\/casa_olivos28.jpg 2000w\" sizes=\"auto, (max-width: 150px) 100vw, 150px\" \/><\/a>\n\t\t\t<\/div>\n\t\t\t\t<figcaption class='wp-caption-text gallery-caption' id='gallery-1-71700'>\n\t\t\t\tCasa Olivos A16 \/ TATU Arquitectura (vista)\n\t\t\t\t<\/figcaption><\/figure><figure class='gallery-item'>\n\t\t\t<div class='gallery-icon landscape'>\n\t\t\t\t<a href='https:\/\/www.arquimaster.com.ar\/web\/wp-content\/uploads\/2022\/07\/casa_olivos29.jpg' title=\"Casa Olivos A16 \/ TATU Arquitectura (vista)\" data-rl_title=\"Casa Olivos A16 \/ TATU Arquitectura (vista)\" class=\"rl-gallery-link\" data-rl_caption=\"Casa Olivos A16 \/ TATU Arquitectura (vista)\" data-rel=\"lightbox-gallery-1\"><img loading=\"lazy\" decoding=\"async\" width=\"150\" height=\"150\" src=\"https:\/\/www.arquimaster.com.ar\/web\/wp-content\/uploads\/2022\/07\/casa_olivos29-150x150.jpg\" class=\"attachment-thumbnail size-thumbnail\" alt=\"Casa Olivos A16 \/ TATU Arquitectura\" aria-describedby=\"gallery-1-71701\" srcset=\"https:\/\/www.arquimaster.com.ar\/web\/wp-content\/uploads\/2022\/07\/casa_olivos29-150x150.jpg 150w, https:\/\/www.arquimaster.com.ar\/web\/wp-content\/uploads\/2022\/07\/casa_olivos29-768x768.jpg 768w, https:\/\/www.arquimaster.com.ar\/web\/wp-content\/uploads\/2022\/07\/casa_olivos29-1536x1536.jpg 1536w, https:\/\/www.arquimaster.com.ar\/web\/wp-content\/uploads\/2022\/07\/casa_olivos29.jpg 2000w\" sizes=\"auto, (max-width: 150px) 100vw, 150px\" \/><\/a>\n\t\t\t<\/div>\n\t\t\t\t<figcaption class='wp-caption-text gallery-caption' id='gallery-1-71701'>\n\t\t\t\tCasa Olivos A16 \/ TATU Arquitectura (vista)\n\t\t\t\t<\/figcaption><\/figure><figure class='gallery-item'>\n\t\t\t<div class='gallery-icon landscape'>\n\t\t\t\t<a href='https:\/\/www.arquimaster.com.ar\/web\/wp-content\/uploads\/2022\/07\/casa_olivos30.jpg' title=\"Casa Olivos A16 \/ TATU Arquitectura (axonometria)\" data-rl_title=\"Casa Olivos A16 \/ TATU Arquitectura (axonometria)\" class=\"rl-gallery-link\" data-rl_caption=\"Casa Olivos A16 \/ TATU Arquitectura (axonometria)\" data-rel=\"lightbox-gallery-1\"><img loading=\"lazy\" decoding=\"async\" width=\"150\" height=\"150\" src=\"https:\/\/www.arquimaster.com.ar\/web\/wp-content\/uploads\/2022\/07\/casa_olivos30-150x150.jpg\" class=\"attachment-thumbnail size-thumbnail\" alt=\"Casa Olivos A16 \/ TATU Arquitectura\" aria-describedby=\"gallery-1-71702\" srcset=\"https:\/\/www.arquimaster.com.ar\/web\/wp-content\/uploads\/2022\/07\/casa_olivos30-150x150.jpg 150w, https:\/\/www.arquimaster.com.ar\/web\/wp-content\/uploads\/2022\/07\/casa_olivos30-768x768.jpg 768w, https:\/\/www.arquimaster.com.ar\/web\/wp-content\/uploads\/2022\/07\/casa_olivos30-1536x1536.jpg 1536w, https:\/\/www.arquimaster.com.ar\/web\/wp-content\/uploads\/2022\/07\/casa_olivos30.jpg 2000w\" sizes=\"auto, (max-width: 150px) 100vw, 150px\" \/><\/a>\n\t\t\t<\/div>\n\t\t\t\t<figcaption class='wp-caption-text gallery-caption' id='gallery-1-71702'>\n\t\t\t\tCasa Olivos A16 \/ TATU Arquitectura (axonometria)\n\t\t\t\t<\/figcaption><\/figure><figure class='gallery-item'>\n\t\t\t<div class='gallery-icon landscape'>\n\t\t\t\t<a href='https:\/\/www.arquimaster.com.ar\/web\/wp-content\/uploads\/2022\/07\/casa_olivos31.jpg' title=\"Casa Olivos A16 \/ TATU Arquitectura (esquemas)\" data-rl_title=\"Casa Olivos A16 \/ TATU Arquitectura (esquemas)\" class=\"rl-gallery-link\" data-rl_caption=\"Casa Olivos A16 \/ TATU Arquitectura (esquemas)\" data-rel=\"lightbox-gallery-1\"><img loading=\"lazy\" decoding=\"async\" width=\"150\" height=\"150\" src=\"https:\/\/www.arquimaster.com.ar\/web\/wp-content\/uploads\/2022\/07\/casa_olivos31-150x150.jpg\" class=\"attachment-thumbnail size-thumbnail\" alt=\"Casa Olivos A16 \/ TATU Arquitectura\" aria-describedby=\"gallery-1-71703\" srcset=\"https:\/\/www.arquimaster.com.ar\/web\/wp-content\/uploads\/2022\/07\/casa_olivos31-150x150.jpg 150w, https:\/\/www.arquimaster.com.ar\/web\/wp-content\/uploads\/2022\/07\/casa_olivos31-768x768.jpg 768w, https:\/\/www.arquimaster.com.ar\/web\/wp-content\/uploads\/2022\/07\/casa_olivos31-1536x1536.jpg 1536w, https:\/\/www.arquimaster.com.ar\/web\/wp-content\/uploads\/2022\/07\/casa_olivos31.jpg 2000w\" sizes=\"auto, (max-width: 150px) 100vw, 150px\" \/><\/a>\n\t\t\t<\/div>\n\t\t\t\t<figcaption class='wp-caption-text gallery-caption' id='gallery-1-71703'>\n\t\t\t\tCasa Olivos A16 \/ TATU Arquitectura (esquemas)\n\t\t\t\t<\/figcaption><\/figure>\n\t\t<\/div>\n\n<p>A las premisas del cliente decidimos sumar algunos ajustes que potenciaran secuencias espaciales capaces de estimular los usos manipulando la flexibilidad de expansi\u00f3n-segmentaci\u00f3n interior sin dificultades y alejaran el resultado de un esquematismo funcional demasiado geom\u00e9trico.<\/p>\n<p>El primero incorpor\u00f3 la transici\u00f3n exterior-interior a trav\u00e9s del espacio contenido por la proyecci\u00f3n volada de los vol\u00famenes del segundo nivel, que generan dos aleros de recepci\u00f3n-extensi\u00f3n del espacio interior hacia \u00e1mbitos resguardados del sol y la lluvia, un ingreso techado para relacionarse con la calle, p\u00e9rgola y parrillero para relacionarse con el patio y piscina sobre el fondo. \u00c1mbitos semi-interiores que amplifican considerablemente el \u00e1rea de uso de la vivienda.<\/p>\n<p>Una vez en el interior las circulaciones giran en torno al patio interior y la escalera, que se opone de espaldas al ingreso principal de la vivienda, para conectar la planta alta con el living-comedor directamente y as\u00ed diluir la percepci\u00f3n de \u00abespacio de paso\u00bb. Paralelamente la superposici\u00f3n de ventanales que acompa\u00f1an el ingreso velan el espesor completo de la planta baja y su funcionamiento hasta el l\u00edmite posterior del predio.<\/p>\n<p>La segunda corresponde a la doble altura principal ubicada sobre el living, al cual se vincula la cocina y el estar mediante sistemas de cerramientos corredizos capaces de aislar y desplegar los espacios sociales para generar la flexibilidad pretendida. La planta alta se incorpora al sistema mediante un balc\u00f3n interior que remata su circulaci\u00f3n sobre un peque\u00f1o hall de ingreso a la habitaci\u00f3n principal.<\/p>\n<p>En la selecci\u00f3n de la paleta de materiales se prioriz\u00f3 potenciar un lenguaje de car\u00e1cter expresivo y robusto a partir de las texturas y colores propios, que generara coherencia entre las diferentes superficies trabajadas. De esta forma el hormig\u00f3n visto se utiliz\u00f3 como factor com\u00fan de toda la propuesta variando entre el lustrado con helic\u00f3ptero, hormig\u00f3n lustrado a mano y diferentes disposiciones de hormig\u00f3n visto entablonado.<\/p>\n<p>La c\u00e1scara exterior est\u00e1 compuesta por un muro doble de ladrillo, que solo devela su composici\u00f3n en una porci\u00f3n de la doble altura principal donde se decidi\u00f3 mantener la textura propia del ladrillo portante a la vista sin revocar. Superficies de m\u00e1rmol blanco, madera y ladrillo completan la composici\u00f3n final.<\/p>\n<p>Para la estructura decidimos trabajar con la mayor ausencia de vigas y pilares posible a favor de reforzar la sensaci\u00f3n de fluidez prevista en planta. Los aleros de hormig\u00f3n visto que alcanzan los 4 metros sin apoyo hacia el patio posterior complementan la continuidad espacial hacia el exterior. Por \u00faltimo, los ventanales en planta baja despegan el segundo nivel para buscar una ilusi\u00f3n formal; el segundo nivel \u00ablevita\u00bb sobre las grandes superficies de vidrio.<\/p>\n\n\n<div style=\"height:20px\" aria-hidden=\"true\" class=\"wp-block-spacer\"><\/div>\n\n\n\n<p class=\"has-background\" style=\"background-color:#eaeaea\"><strong>Ficha t\u00e9cnica<\/strong><br>Nombre: Olivos A16<br>Ubicaci\u00f3n: Montevideo, Uruguay<br>Oficina de arquitectura: TATU Arquitectura<br>Arquitectos a cargo: Leandro Alegre, Horacio Goday, Martin Olivera<br>Superficie construida: 260 m2<br>A\u00f1o finalizaci\u00f3n construcci\u00f3n: 2016<br>Fotograf\u00edas: <a href=\"https:\/\/www.marcosguiponi.net\/\" target=\"_blank\" rel=\"noreferrer noopener\">Marcos Guiponi<\/a><br><br><strong>Contacto<\/strong><br><a href=\"http:\/\/www.tatuarq.com\" target=\"_blank\" rel=\"noreferrer noopener\">http:\/\/www.tatuarq.com<\/a><br>Redes sociales: @tatu_arquitectura<\/p>\n\n\n\n<div style=\"height:40px\" aria-hidden=\"true\" class=\"wp-block-spacer\"><\/div>\n\n\n<p><strong><em>English version<\/em><\/strong><\/p>\n<p><em>The client is a young couple with two small children, the order: their first house built, own, made to measure and for life. They wanted a house of \u00abunique space\u00bb integrated and flexible on the ground floor. A large kitchen, a living room with double height, a wild space that at times could operate as a desk, be daily or projection of the living room to expand your area in special events. An interior patio and an isolated battery of services. Upstairs the private rooms highlighting the main room above the rest, with en suite bathroom, dressing room and own terrace.<\/em><\/p>\n<p><em>To the client&#8217;s premises we decided to add some adjustments that would enhance spatial sequences capable of stimulating the uses by manipulating the flexibility of interior expansion-segmentation without difficulties and moving away the result of a too geometrical functional schematism. The first incorporated the exterior-interior transition through the contained space by the projection of the volumes of the second level, generating two eaves of reception-extension of the interior space to areas sheltered from the sun and rain, a covered entrance to interact with the street, pergola and barbecue to interact with the patio and pool on the background. Semi-interior areas that considerably amplify the area of use of the house.<\/em><\/p>\n<p><em>Once inside the circulations revolve around the inner courtyard and the staircase, which opposes the main entrance of the house with its back, to connect the upper floor with the living-dining room directly and thus dilute the perception of \u00abpassage space\u00bb. At the same time, the superposition of the windows that accompany the entrance ensure the full thickness of the ground floor and its operation to the later limit of the property.<\/em><\/p>\n<p><em>The second corresponds to the double main height located above the living room, to which the kitchen and the living room are linked by means of sliding enclosures capable of isolating and unfolding the social spaces to generate the intended flexibility. The upper floor is incorporated into the system through an interior balcony that ends its circulation on a small entrance hall to the main room.<\/em><\/p>\n<p><em>In the selection of the palette of materials, it was prioritized to promote a language of expressive and robust character from the textures and own colors, which generated coherence between the different surfaces worked. In this way, the exposed concrete was used as a common factor of the whole proposal, varying between polishing with a helicopter, hand-polished concrete and different arrangements of exposed concrete planked. The outer shell is composed of a double brick wall, which only unveils its composition in a portion of the main double height where it was decided to maintain the texture of the bearing brick in plain view without being plastered. Surfaces of white marble, wood and brick complete the final composition.<\/em><\/p>\n<p><em>For the structure we decided to work with the greatest absence of beams and pillars possible in favor of reinforcing the flow sensation expected in the plant. The eaves of exposed concrete that reach 4 m without support towards the backyard complement the spatial continuity towards the exterior. Finally, the windows on the ground floor take off the second level to look for a formal illusion; the second level \u00ablevita\u00bb on large glass surfaces.<\/em><\/p>\n<div style=\"font-size: 0px; height: 0px; line-height: 0px; margin: 0; padding: 0; clear: both;\"><\/div><div style=\"margin-top: 0px; margin-bottom: 0px;\" class=\"sharethis-inline-share-buttons\" ><\/div>","protected":false},"excerpt":{"rendered":"<p>Lenguaje de car\u00e1cter expresivo y robusto a partir de las texturas y colores propios&#8230;<\/p>\n","protected":false},"author":1,"featured_media":71672,"comment_status":"closed","ping_status":"closed","sticky":false,"template":"","format":"standard","meta":{"_uag_custom_page_level_css":"","footnotes":""},"categories":[1,83],"tags":[4282,7426,7425,7427,1008,7424,266,254],"class_list":["post-71671","post","type-post","status-publish","format-standard","has-post-thumbnail","hentry","category-proyecto","category-vivienda-unifamiliar","tag-arquitectura-residencial","tag-horacio-goday","tag-leandro-alegre","tag-martin-olivera","tag-montevideo","tag-tatu-arquitectura","tag-uruguay","tag-vivienda-unifamiliar-2","generate-columns","tablet-grid-50","mobile-grid-100","grid-parent","grid-50"],"yoast_head":"<!-- This site is optimized with the Yoast SEO plugin v27.3 - https:\/\/yoast.com\/product\/yoast-seo-wordpress\/ -->\n<title>Casa Olivos A16 \/ TATU Arquitectura - Arquimaster<\/title>\n<meta name=\"description\" content=\"El proyecto potencia un lenguaje de car\u00e1cter expresivo y robusto a partir de las texturas y colores propios, que generara coherencia entre las diferentes superficies trabajadas.\" \/>\n<meta name=\"robots\" content=\"index, follow, max-snippet:-1, max-image-preview:large, max-video-preview:-1\" \/>\n<link rel=\"canonical\" href=\"https:\/\/www.arquimaster.com.ar\/web\/casa-olivos-a16-tatu-arquitectura\/\" \/>\n<meta property=\"og:locale\" content=\"es_ES\" \/>\n<meta property=\"og:type\" content=\"article\" \/>\n<meta property=\"og:title\" content=\"Casa Olivos A16 \/ TATU Arquitectura\" \/>\n<meta property=\"og:description\" content=\"El proyecto potencia un lenguaje de car\u00e1cter expresivo y robusto a partir de las texturas y colores propios, que generara coherencia entre las diferentes superficies trabajadas.\" \/>\n<meta property=\"og:url\" content=\"https:\/\/www.arquimaster.com.ar\/web\/casa-olivos-a16-tatu-arquitectura\/\" \/>\n<meta property=\"og:site_name\" content=\"Arquimaster\" \/>\n<meta property=\"article:publisher\" content=\"http:\/\/www.facebook.com\/ARQUIMASTER.com.ar\" \/>\n<meta property=\"article:published_time\" content=\"2022-07-22T02:41:29+00:00\" \/>\n<meta property=\"article:modified_time\" content=\"2023-01-17T21:08:49+00:00\" \/>\n<meta property=\"og:image\" content=\"https:\/\/www.arquimaster.com.ar\/web\/wp-content\/uploads\/2022\/07\/casa_olivos_slide.jpg\" \/>\n\t<meta property=\"og:image:width\" content=\"698\" \/>\n\t<meta property=\"og:image:height\" content=\"364\" \/>\n\t<meta property=\"og:image:type\" content=\"image\/jpeg\" \/>\n<meta name=\"author\" content=\"Arquimaster\" \/>\n<meta name=\"twitter:card\" content=\"summary_large_image\" \/>\n<meta name=\"twitter:title\" content=\"Casa Olivos A16 \/ TATU Arquitectura\" \/>\n<meta name=\"twitter:description\" content=\"El proyecto potencia un lenguaje de car\u00e1cter expresivo y robusto a partir de las texturas y colores propios, que generara coherencia entre las diferentes superficies trabajadas.\" \/>\n<meta name=\"twitter:image\" content=\"https:\/\/www.arquimaster.com.ar\/web\/wp-content\/uploads\/2022\/07\/casa_olivos_slide.jpg\" \/>\n<meta name=\"twitter:creator\" content=\"@arquimaster\" \/>\n<meta name=\"twitter:site\" content=\"@arquimaster\" \/>\n<meta name=\"twitter:label1\" content=\"Escrito por\" \/>\n\t<meta name=\"twitter:data1\" content=\"Arquimaster\" \/>\n\t<meta name=\"twitter:label2\" content=\"Tiempo de lectura\" \/>\n\t<meta name=\"twitter:data2\" content=\"6 minutos\" \/>\n<script type=\"application\/ld+json\" class=\"yoast-schema-graph\">{\"@context\":\"https:\\\/\\\/schema.org\",\"@graph\":[{\"@type\":\"Article\",\"@id\":\"https:\\\/\\\/www.arquimaster.com.ar\\\/web\\\/casa-olivos-a16-tatu-arquitectura\\\/#article\",\"isPartOf\":{\"@id\":\"https:\\\/\\\/www.arquimaster.com.ar\\\/web\\\/casa-olivos-a16-tatu-arquitectura\\\/\"},\"author\":{\"name\":\"Arquimaster\",\"@id\":\"https:\\\/\\\/www.arquimaster.com.ar\\\/web\\\/#\\\/schema\\\/person\\\/359e9f7c00193fcde068e0dd2ceb0028\"},\"headline\":\"Casa Olivos A16 \\\/ TATU Arquitectura\",\"datePublished\":\"2022-07-22T02:41:29+00:00\",\"dateModified\":\"2023-01-17T21:08:49+00:00\",\"mainEntityOfPage\":{\"@id\":\"https:\\\/\\\/www.arquimaster.com.ar\\\/web\\\/casa-olivos-a16-tatu-arquitectura\\\/\"},\"wordCount\":1150,\"publisher\":{\"@id\":\"https:\\\/\\\/www.arquimaster.com.ar\\\/web\\\/#organization\"},\"image\":{\"@id\":\"https:\\\/\\\/www.arquimaster.com.ar\\\/web\\\/casa-olivos-a16-tatu-arquitectura\\\/#primaryimage\"},\"thumbnailUrl\":\"https:\\\/\\\/www.arquimaster.com.ar\\\/web\\\/wp-content\\\/uploads\\\/2022\\\/07\\\/casa_olivos_slide.jpg\",\"keywords\":[\"arquitectura residencial\",\"Horacio Goday\",\"Leandro Alegre\",\"Martin Olivera\",\"Montevideo\",\"TATU Arquitectura\",\"Uruguay\",\"vivienda unifamiliar\"],\"articleSection\":[\"Proyecto\",\"Vivienda unifamiliar y PH\"],\"inLanguage\":\"es\"},{\"@type\":\"WebPage\",\"@id\":\"https:\\\/\\\/www.arquimaster.com.ar\\\/web\\\/casa-olivos-a16-tatu-arquitectura\\\/\",\"url\":\"https:\\\/\\\/www.arquimaster.com.ar\\\/web\\\/casa-olivos-a16-tatu-arquitectura\\\/\",\"name\":\"Casa Olivos A16 \\\/ TATU Arquitectura - Arquimaster\",\"isPartOf\":{\"@id\":\"https:\\\/\\\/www.arquimaster.com.ar\\\/web\\\/#website\"},\"primaryImageOfPage\":{\"@id\":\"https:\\\/\\\/www.arquimaster.com.ar\\\/web\\\/casa-olivos-a16-tatu-arquitectura\\\/#primaryimage\"},\"image\":{\"@id\":\"https:\\\/\\\/www.arquimaster.com.ar\\\/web\\\/casa-olivos-a16-tatu-arquitectura\\\/#primaryimage\"},\"thumbnailUrl\":\"https:\\\/\\\/www.arquimaster.com.ar\\\/web\\\/wp-content\\\/uploads\\\/2022\\\/07\\\/casa_olivos_slide.jpg\",\"datePublished\":\"2022-07-22T02:41:29+00:00\",\"dateModified\":\"2023-01-17T21:08:49+00:00\",\"description\":\"El proyecto potencia un lenguaje de car\u00e1cter expresivo y robusto a partir de las texturas y colores propios, que generara coherencia entre las diferentes superficies trabajadas.\",\"breadcrumb\":{\"@id\":\"https:\\\/\\\/www.arquimaster.com.ar\\\/web\\\/casa-olivos-a16-tatu-arquitectura\\\/#breadcrumb\"},\"inLanguage\":\"es\",\"potentialAction\":[{\"@type\":\"ReadAction\",\"target\":[\"https:\\\/\\\/www.arquimaster.com.ar\\\/web\\\/casa-olivos-a16-tatu-arquitectura\\\/\"]}]},{\"@type\":\"ImageObject\",\"inLanguage\":\"es\",\"@id\":\"https:\\\/\\\/www.arquimaster.com.ar\\\/web\\\/casa-olivos-a16-tatu-arquitectura\\\/#primaryimage\",\"url\":\"https:\\\/\\\/www.arquimaster.com.ar\\\/web\\\/wp-content\\\/uploads\\\/2022\\\/07\\\/casa_olivos_slide.jpg\",\"contentUrl\":\"https:\\\/\\\/www.arquimaster.com.ar\\\/web\\\/wp-content\\\/uploads\\\/2022\\\/07\\\/casa_olivos_slide.jpg\",\"width\":698,\"height\":364,\"caption\":\"Casa Olivos A16 \\\/ TATU Arquitectura\"},{\"@type\":\"BreadcrumbList\",\"@id\":\"https:\\\/\\\/www.arquimaster.com.ar\\\/web\\\/casa-olivos-a16-tatu-arquitectura\\\/#breadcrumb\",\"itemListElement\":[{\"@type\":\"ListItem\",\"position\":1,\"name\":\"Portada\",\"item\":\"https:\\\/\\\/www.arquimaster.com.ar\\\/web\\\/\"},{\"@type\":\"ListItem\",\"position\":2,\"name\":\"Casa Olivos A16 \\\/ TATU Arquitectura\"}]},{\"@type\":\"WebSite\",\"@id\":\"https:\\\/\\\/www.arquimaster.com.ar\\\/web\\\/#website\",\"url\":\"https:\\\/\\\/www.arquimaster.com.ar\\\/web\\\/\",\"name\":\"Arquimaster\",\"description\":\"Web de arquitectura, dise\u00f1o y construccion\",\"publisher\":{\"@id\":\"https:\\\/\\\/www.arquimaster.com.ar\\\/web\\\/#organization\"},\"potentialAction\":[{\"@type\":\"SearchAction\",\"target\":{\"@type\":\"EntryPoint\",\"urlTemplate\":\"https:\\\/\\\/www.arquimaster.com.ar\\\/web\\\/?s={search_term_string}\"},\"query-input\":{\"@type\":\"PropertyValueSpecification\",\"valueRequired\":true,\"valueName\":\"search_term_string\"}}],\"inLanguage\":\"es\"},{\"@type\":\"Organization\",\"@id\":\"https:\\\/\\\/www.arquimaster.com.ar\\\/web\\\/#organization\",\"name\":\"Arquimaster\",\"url\":\"https:\\\/\\\/www.arquimaster.com.ar\\\/web\\\/\",\"logo\":{\"@type\":\"ImageObject\",\"inLanguage\":\"es\",\"@id\":\"https:\\\/\\\/www.arquimaster.com.ar\\\/web\\\/#\\\/schema\\\/logo\\\/image\\\/\",\"url\":\"https:\\\/\\\/www.arquimaster.com.ar\\\/web\\\/wp-content\\\/uploads\\\/2022\\\/06\\\/arquimaster.png\",\"contentUrl\":\"https:\\\/\\\/www.arquimaster.com.ar\\\/web\\\/wp-content\\\/uploads\\\/2022\\\/06\\\/arquimaster.png\",\"width\":594,\"height\":78,\"caption\":\"Arquimaster\"},\"image\":{\"@id\":\"https:\\\/\\\/www.arquimaster.com.ar\\\/web\\\/#\\\/schema\\\/logo\\\/image\\\/\"},\"sameAs\":[\"http:\\\/\\\/www.facebook.com\\\/ARQUIMASTER.com.ar\",\"https:\\\/\\\/x.com\\\/arquimaster\",\"https:\\\/\\\/www.instagram.com\\\/arquimasterblog\\\/\",\"https:\\\/\\\/www.linkedin.com\\\/company\\\/arquimaster\",\"https:\\\/\\\/www.pinterest.com\\\/arquimaster\",\"https:\\\/\\\/t.me\\\/arquimaster\"]},{\"@type\":\"Person\",\"@id\":\"https:\\\/\\\/www.arquimaster.com.ar\\\/web\\\/#\\\/schema\\\/person\\\/359e9f7c00193fcde068e0dd2ceb0028\",\"name\":\"Arquimaster\"}]}<\/script>\n<!-- \/ Yoast SEO plugin. -->","yoast_head_json":{"title":"Casa Olivos A16 \/ TATU Arquitectura - Arquimaster","description":"El proyecto potencia un lenguaje de car\u00e1cter expresivo y robusto a partir de las texturas y colores propios, que generara coherencia entre las diferentes superficies trabajadas.","robots":{"index":"index","follow":"follow","max-snippet":"max-snippet:-1","max-image-preview":"max-image-preview:large","max-video-preview":"max-video-preview:-1"},"canonical":"https:\/\/www.arquimaster.com.ar\/web\/casa-olivos-a16-tatu-arquitectura\/","og_locale":"es_ES","og_type":"article","og_title":"Casa Olivos A16 \/ TATU Arquitectura","og_description":"El proyecto potencia un lenguaje de car\u00e1cter expresivo y robusto a partir de las texturas y colores propios, que generara coherencia entre las diferentes superficies trabajadas.","og_url":"https:\/\/www.arquimaster.com.ar\/web\/casa-olivos-a16-tatu-arquitectura\/","og_site_name":"Arquimaster","article_publisher":"http:\/\/www.facebook.com\/ARQUIMASTER.com.ar","article_published_time":"2022-07-22T02:41:29+00:00","article_modified_time":"2023-01-17T21:08:49+00:00","og_image":[{"width":698,"height":364,"url":"https:\/\/www.arquimaster.com.ar\/web\/wp-content\/uploads\/2022\/07\/casa_olivos_slide.jpg","type":"image\/jpeg"}],"author":"Arquimaster","twitter_card":"summary_large_image","twitter_title":"Casa Olivos A16 \/ TATU Arquitectura","twitter_description":"El proyecto potencia un lenguaje de car\u00e1cter expresivo y robusto a partir de las texturas y colores propios, que generara coherencia entre las diferentes superficies trabajadas.","twitter_image":"https:\/\/www.arquimaster.com.ar\/web\/wp-content\/uploads\/2022\/07\/casa_olivos_slide.jpg","twitter_creator":"@arquimaster","twitter_site":"@arquimaster","twitter_misc":{"Escrito por":"Arquimaster","Tiempo de lectura":"6 minutos"},"schema":{"@context":"https:\/\/schema.org","@graph":[{"@type":"Article","@id":"https:\/\/www.arquimaster.com.ar\/web\/casa-olivos-a16-tatu-arquitectura\/#article","isPartOf":{"@id":"https:\/\/www.arquimaster.com.ar\/web\/casa-olivos-a16-tatu-arquitectura\/"},"author":{"name":"Arquimaster","@id":"https:\/\/www.arquimaster.com.ar\/web\/#\/schema\/person\/359e9f7c00193fcde068e0dd2ceb0028"},"headline":"Casa Olivos A16 \/ TATU Arquitectura","datePublished":"2022-07-22T02:41:29+00:00","dateModified":"2023-01-17T21:08:49+00:00","mainEntityOfPage":{"@id":"https:\/\/www.arquimaster.com.ar\/web\/casa-olivos-a16-tatu-arquitectura\/"},"wordCount":1150,"publisher":{"@id":"https:\/\/www.arquimaster.com.ar\/web\/#organization"},"image":{"@id":"https:\/\/www.arquimaster.com.ar\/web\/casa-olivos-a16-tatu-arquitectura\/#primaryimage"},"thumbnailUrl":"https:\/\/www.arquimaster.com.ar\/web\/wp-content\/uploads\/2022\/07\/casa_olivos_slide.jpg","keywords":["arquitectura residencial","Horacio Goday","Leandro Alegre","Martin Olivera","Montevideo","TATU Arquitectura","Uruguay","vivienda unifamiliar"],"articleSection":["Proyecto","Vivienda unifamiliar y PH"],"inLanguage":"es"},{"@type":"WebPage","@id":"https:\/\/www.arquimaster.com.ar\/web\/casa-olivos-a16-tatu-arquitectura\/","url":"https:\/\/www.arquimaster.com.ar\/web\/casa-olivos-a16-tatu-arquitectura\/","name":"Casa Olivos A16 \/ TATU Arquitectura - Arquimaster","isPartOf":{"@id":"https:\/\/www.arquimaster.com.ar\/web\/#website"},"primaryImageOfPage":{"@id":"https:\/\/www.arquimaster.com.ar\/web\/casa-olivos-a16-tatu-arquitectura\/#primaryimage"},"image":{"@id":"https:\/\/www.arquimaster.com.ar\/web\/casa-olivos-a16-tatu-arquitectura\/#primaryimage"},"thumbnailUrl":"https:\/\/www.arquimaster.com.ar\/web\/wp-content\/uploads\/2022\/07\/casa_olivos_slide.jpg","datePublished":"2022-07-22T02:41:29+00:00","dateModified":"2023-01-17T21:08:49+00:00","description":"El proyecto potencia un lenguaje de car\u00e1cter expresivo y robusto a partir de las texturas y colores propios, que generara coherencia entre las diferentes superficies trabajadas.","breadcrumb":{"@id":"https:\/\/www.arquimaster.com.ar\/web\/casa-olivos-a16-tatu-arquitectura\/#breadcrumb"},"inLanguage":"es","potentialAction":[{"@type":"ReadAction","target":["https:\/\/www.arquimaster.com.ar\/web\/casa-olivos-a16-tatu-arquitectura\/"]}]},{"@type":"ImageObject","inLanguage":"es","@id":"https:\/\/www.arquimaster.com.ar\/web\/casa-olivos-a16-tatu-arquitectura\/#primaryimage","url":"https:\/\/www.arquimaster.com.ar\/web\/wp-content\/uploads\/2022\/07\/casa_olivos_slide.jpg","contentUrl":"https:\/\/www.arquimaster.com.ar\/web\/wp-content\/uploads\/2022\/07\/casa_olivos_slide.jpg","width":698,"height":364,"caption":"Casa Olivos A16 \/ TATU Arquitectura"},{"@type":"BreadcrumbList","@id":"https:\/\/www.arquimaster.com.ar\/web\/casa-olivos-a16-tatu-arquitectura\/#breadcrumb","itemListElement":[{"@type":"ListItem","position":1,"name":"Portada","item":"https:\/\/www.arquimaster.com.ar\/web\/"},{"@type":"ListItem","position":2,"name":"Casa Olivos A16 \/ TATU Arquitectura"}]},{"@type":"WebSite","@id":"https:\/\/www.arquimaster.com.ar\/web\/#website","url":"https:\/\/www.arquimaster.com.ar\/web\/","name":"Arquimaster","description":"Web de arquitectura, dise\u00f1o y construccion","publisher":{"@id":"https:\/\/www.arquimaster.com.ar\/web\/#organization"},"potentialAction":[{"@type":"SearchAction","target":{"@type":"EntryPoint","urlTemplate":"https:\/\/www.arquimaster.com.ar\/web\/?s={search_term_string}"},"query-input":{"@type":"PropertyValueSpecification","valueRequired":true,"valueName":"search_term_string"}}],"inLanguage":"es"},{"@type":"Organization","@id":"https:\/\/www.arquimaster.com.ar\/web\/#organization","name":"Arquimaster","url":"https:\/\/www.arquimaster.com.ar\/web\/","logo":{"@type":"ImageObject","inLanguage":"es","@id":"https:\/\/www.arquimaster.com.ar\/web\/#\/schema\/logo\/image\/","url":"https:\/\/www.arquimaster.com.ar\/web\/wp-content\/uploads\/2022\/06\/arquimaster.png","contentUrl":"https:\/\/www.arquimaster.com.ar\/web\/wp-content\/uploads\/2022\/06\/arquimaster.png","width":594,"height":78,"caption":"Arquimaster"},"image":{"@id":"https:\/\/www.arquimaster.com.ar\/web\/#\/schema\/logo\/image\/"},"sameAs":["http:\/\/www.facebook.com\/ARQUIMASTER.com.ar","https:\/\/x.com\/arquimaster","https:\/\/www.instagram.com\/arquimasterblog\/","https:\/\/www.linkedin.com\/company\/arquimaster","https:\/\/www.pinterest.com\/arquimaster","https:\/\/t.me\/arquimaster"]},{"@type":"Person","@id":"https:\/\/www.arquimaster.com.ar\/web\/#\/schema\/person\/359e9f7c00193fcde068e0dd2ceb0028","name":"Arquimaster"}]}},"uagb_featured_image_src":{"full":["https:\/\/www.arquimaster.com.ar\/web\/wp-content\/uploads\/2022\/07\/casa_olivos_slide.jpg",698,364,false],"thumbnail":["https:\/\/www.arquimaster.com.ar\/web\/wp-content\/uploads\/2022\/07\/casa_olivos_slide-150x150.jpg",150,150,true],"medium":["https:\/\/www.arquimaster.com.ar\/web\/wp-content\/uploads\/2022\/07\/casa_olivos_slide.jpg",698,364,false],"medium_large":["https:\/\/www.arquimaster.com.ar\/web\/wp-content\/uploads\/2022\/07\/casa_olivos_slide.jpg",698,364,false],"large":["https:\/\/www.arquimaster.com.ar\/web\/wp-content\/uploads\/2022\/07\/casa_olivos_slide.jpg",698,364,false],"1536x1536":["https:\/\/www.arquimaster.com.ar\/web\/wp-content\/uploads\/2022\/07\/casa_olivos_slide.jpg",698,364,false],"2048x2048":["https:\/\/www.arquimaster.com.ar\/web\/wp-content\/uploads\/2022\/07\/casa_olivos_slide.jpg",698,364,false]},"uagb_author_info":{"display_name":"Arquimaster","author_link":"https:\/\/www.arquimaster.com.ar\/web\/author\/arquimaster\/"},"uagb_comment_info":0,"uagb_excerpt":"Lenguaje de car\u00e1cter expresivo y robusto a partir de las texturas y colores propios...","_links":{"self":[{"href":"https:\/\/www.arquimaster.com.ar\/web\/wp-json\/wp\/v2\/posts\/71671","targetHints":{"allow":["GET"]}}],"collection":[{"href":"https:\/\/www.arquimaster.com.ar\/web\/wp-json\/wp\/v2\/posts"}],"about":[{"href":"https:\/\/www.arquimaster.com.ar\/web\/wp-json\/wp\/v2\/types\/post"}],"author":[{"embeddable":true,"href":"https:\/\/www.arquimaster.com.ar\/web\/wp-json\/wp\/v2\/users\/1"}],"replies":[{"embeddable":true,"href":"https:\/\/www.arquimaster.com.ar\/web\/wp-json\/wp\/v2\/comments?post=71671"}],"version-history":[{"count":1,"href":"https:\/\/www.arquimaster.com.ar\/web\/wp-json\/wp\/v2\/posts\/71671\/revisions"}],"predecessor-version":[{"id":71704,"href":"https:\/\/www.arquimaster.com.ar\/web\/wp-json\/wp\/v2\/posts\/71671\/revisions\/71704"}],"wp:featuredmedia":[{"embeddable":true,"href":"https:\/\/www.arquimaster.com.ar\/web\/wp-json\/wp\/v2\/media\/71672"}],"wp:attachment":[{"href":"https:\/\/www.arquimaster.com.ar\/web\/wp-json\/wp\/v2\/media?parent=71671"}],"wp:term":[{"taxonomy":"category","embeddable":true,"href":"https:\/\/www.arquimaster.com.ar\/web\/wp-json\/wp\/v2\/categories?post=71671"},{"taxonomy":"post_tag","embeddable":true,"href":"https:\/\/www.arquimaster.com.ar\/web\/wp-json\/wp\/v2\/tags?post=71671"}],"curies":[{"name":"wp","href":"https:\/\/api.w.org\/{rel}","templated":true}]}}