{"id":71850,"date":"2022-08-04T19:07:39","date_gmt":"2022-08-04T22:07:39","guid":{"rendered":"https:\/\/www.arquimaster.com.ar\/web\/?p=71850"},"modified":"2023-01-30T14:49:19","modified_gmt":"2023-01-30T17:49:19","slug":"refugio-punta-colorada-iii-tatu-arquitectura","status":"publish","type":"post","link":"https:\/\/www.arquimaster.com.ar\/web\/refugio-punta-colorada-iii-tatu-arquitectura\/","title":{"rendered":"Refugio Punta Colorada III \/ TATU Arquitectura"},"content":{"rendered":"<div style=\"margin-top: 0px; margin-bottom: 0px;\" class=\"sharethis-inline-share-buttons\" ><\/div><div class=\"b812932af2e751442846f039925109de\" data-index=\"1\" style=\"float: none; margin:25px 0 25px 0; text-align:center;\">\n<script async src=\"https:\/\/pagead2.googlesyndication.com\/pagead\/js\/adsbygoogle.js\"><\/script>\r\n<!-- Arquimaster (superior) -->\r\n<ins class=\"adsbygoogle\"\r\n     style=\"display:block\"\r\n     data-ad-client=\"ca-pub-6351072698456832\"\r\n     data-ad-slot=\"6455489680\"\r\n     data-ad-format=\"auto\"\r\n     data-full-width-responsive=\"true\"><\/ins>\r\n<script>\r\n     (adsbygoogle = window.adsbygoogle || []).push({});\r\n<\/script>\n<\/div>\n<p><strong>Refugio Punta Colorada III<\/strong> (Punta Colorada, Maldonado, Uruguay) por <strong>TATU Arquitectura<\/strong>. El terreno se ubica en una zona de bosque mar\u00edtimo pr\u00f3ximo al primer tramo de playa oce\u00e1nica de Uruguay. Este presentaba una diversidad de especies nativas conviviendo en un ecosistema denso y de dif\u00edcil accesibilidad con presencia de varios ejemplares de eucaliptus, coronilla y aruera entre otras especies que se quer\u00edan conservar para construir una narrativa propia entre el futuro proyecto de arquitectura y su paisaje inmediato.<\/p>\n<div id='gallery-1' class='gallery galleryid-71850 gallery-columns-3 gallery-size-thumbnail'><figure class='gallery-item'>\n\t\t\t<div class='gallery-icon landscape'>\n\t\t\t\t<a href='https:\/\/www.arquimaster.com.ar\/web\/wp-content\/uploads\/2022\/08\/refugio_punta_colorada1.jpg' title=\"Refugio Punta Colorada III \/ TATU Arquitectura (\u00a9 Marcos Guiponi)\" data-rl_title=\"Refugio Punta Colorada III \/ TATU Arquitectura (\u00a9 Marcos Guiponi)\" class=\"rl-gallery-link\" data-rl_caption=\"Refugio Punta Colorada III \/ TATU Arquitectura (\u00a9 Marcos Guiponi)\" data-rel=\"lightbox-gallery-1\"><img loading=\"lazy\" decoding=\"async\" width=\"150\" height=\"150\" src=\"https:\/\/www.arquimaster.com.ar\/web\/wp-content\/uploads\/2022\/08\/refugio_punta_colorada1-150x150.jpg\" class=\"attachment-thumbnail size-thumbnail\" alt=\"Refugio Punta Colorada III \/ TATU Arquitectura\" aria-describedby=\"gallery-1-71852\" \/><\/a>\n\t\t\t<\/div>\n\t\t\t\t<figcaption class='wp-caption-text gallery-caption' id='gallery-1-71852'>\n\t\t\t\tRefugio Punta Colorada III \/ TATU Arquitectura (\u00a9 Marcos Guiponi)\n\t\t\t\t<\/figcaption><\/figure><figure class='gallery-item'>\n\t\t\t<div class='gallery-icon landscape'>\n\t\t\t\t<a href='https:\/\/www.arquimaster.com.ar\/web\/wp-content\/uploads\/2022\/08\/refugio_punta_colorada2.jpg' title=\"Refugio Punta Colorada III \/ TATU Arquitectura (\u00a9 Marcos Guiponi)\" data-rl_title=\"Refugio Punta Colorada III \/ TATU Arquitectura (\u00a9 Marcos Guiponi)\" class=\"rl-gallery-link\" data-rl_caption=\"Refugio Punta Colorada III \/ TATU Arquitectura (\u00a9 Marcos Guiponi)\" data-rel=\"lightbox-gallery-1\"><img loading=\"lazy\" decoding=\"async\" width=\"150\" height=\"150\" src=\"https:\/\/www.arquimaster.com.ar\/web\/wp-content\/uploads\/2022\/08\/refugio_punta_colorada2-150x150.jpg\" class=\"attachment-thumbnail size-thumbnail\" alt=\"Refugio Punta Colorada III \/ TATU Arquitectura\" aria-describedby=\"gallery-1-71853\" \/><\/a>\n\t\t\t<\/div>\n\t\t\t\t<figcaption class='wp-caption-text gallery-caption' id='gallery-1-71853'>\n\t\t\t\tRefugio Punta Colorada III \/ TATU Arquitectura (\u00a9 Marcos Guiponi)\n\t\t\t\t<\/figcaption><\/figure><figure class='gallery-item'>\n\t\t\t<div class='gallery-icon portrait'>\n\t\t\t\t<a href='https:\/\/www.arquimaster.com.ar\/web\/wp-content\/uploads\/2022\/08\/refugio_punta_colorada3.jpg' title=\"Refugio Punta Colorada III \/ TATU Arquitectura (\u00a9 Marcos Guiponi)\" data-rl_title=\"Refugio Punta Colorada III \/ TATU Arquitectura (\u00a9 Marcos Guiponi)\" class=\"rl-gallery-link\" data-rl_caption=\"Refugio Punta Colorada III \/ TATU Arquitectura (\u00a9 Marcos Guiponi)\" data-rel=\"lightbox-gallery-1\"><img loading=\"lazy\" decoding=\"async\" width=\"150\" height=\"150\" src=\"https:\/\/www.arquimaster.com.ar\/web\/wp-content\/uploads\/2022\/08\/refugio_punta_colorada3-150x150.jpg\" class=\"attachment-thumbnail size-thumbnail\" alt=\"Refugio Punta Colorada III \/ TATU Arquitectura\" aria-describedby=\"gallery-1-71854\" \/><\/a>\n\t\t\t<\/div>\n\t\t\t\t<figcaption class='wp-caption-text gallery-caption' id='gallery-1-71854'>\n\t\t\t\tRefugio Punta Colorada III \/ TATU Arquitectura (\u00a9 Marcos Guiponi)\n\t\t\t\t<\/figcaption><\/figure><figure class='gallery-item'>\n\t\t\t<div class='gallery-icon portrait'>\n\t\t\t\t<a href='https:\/\/www.arquimaster.com.ar\/web\/wp-content\/uploads\/2022\/08\/refugio_punta_colorada4.jpg' title=\"Refugio Punta Colorada III \/ TATU Arquitectura (\u00a9 Marcos Guiponi)\" data-rl_title=\"Refugio Punta Colorada III \/ TATU Arquitectura (\u00a9 Marcos Guiponi)\" class=\"rl-gallery-link\" data-rl_caption=\"Refugio Punta Colorada III \/ TATU Arquitectura (\u00a9 Marcos Guiponi)\" data-rel=\"lightbox-gallery-1\"><img loading=\"lazy\" decoding=\"async\" width=\"150\" height=\"150\" src=\"https:\/\/www.arquimaster.com.ar\/web\/wp-content\/uploads\/2022\/08\/refugio_punta_colorada4-150x150.jpg\" class=\"attachment-thumbnail size-thumbnail\" alt=\"Refugio Punta Colorada III \/ TATU Arquitectura\" aria-describedby=\"gallery-1-71855\" \/><\/a>\n\t\t\t<\/div>\n\t\t\t\t<figcaption class='wp-caption-text gallery-caption' id='gallery-1-71855'>\n\t\t\t\tRefugio Punta Colorada III \/ TATU Arquitectura (\u00a9 Marcos Guiponi)\n\t\t\t\t<\/figcaption><\/figure><figure class='gallery-item'>\n\t\t\t<div class='gallery-icon landscape'>\n\t\t\t\t<a href='https:\/\/www.arquimaster.com.ar\/web\/wp-content\/uploads\/2022\/08\/refugio_punta_colorada5.jpg' title=\"Refugio Punta Colorada III \/ TATU Arquitectura (\u00a9 Marcos Guiponi)\" data-rl_title=\"Refugio Punta Colorada III \/ TATU Arquitectura (\u00a9 Marcos Guiponi)\" class=\"rl-gallery-link\" data-rl_caption=\"Refugio Punta Colorada III \/ TATU Arquitectura (\u00a9 Marcos Guiponi)\" data-rel=\"lightbox-gallery-1\"><img loading=\"lazy\" decoding=\"async\" width=\"150\" height=\"150\" src=\"https:\/\/www.arquimaster.com.ar\/web\/wp-content\/uploads\/2022\/08\/refugio_punta_colorada5-150x150.jpg\" class=\"attachment-thumbnail size-thumbnail\" alt=\"Refugio Punta Colorada III \/ TATU Arquitectura\" aria-describedby=\"gallery-1-71856\" \/><\/a>\n\t\t\t<\/div>\n\t\t\t\t<figcaption class='wp-caption-text gallery-caption' id='gallery-1-71856'>\n\t\t\t\tRefugio Punta Colorada III \/ TATU Arquitectura (\u00a9 Marcos Guiponi)\n\t\t\t\t<\/figcaption><\/figure><figure class='gallery-item'>\n\t\t\t<div class='gallery-icon landscape'>\n\t\t\t\t<a href='https:\/\/www.arquimaster.com.ar\/web\/wp-content\/uploads\/2022\/08\/refugio_punta_colorada6.jpg' title=\"Refugio Punta Colorada III \/ TATU Arquitectura (\u00a9 Marcos Guiponi)\" data-rl_title=\"Refugio Punta Colorada III \/ TATU Arquitectura (\u00a9 Marcos Guiponi)\" class=\"rl-gallery-link\" data-rl_caption=\"Refugio Punta Colorada III \/ TATU Arquitectura (\u00a9 Marcos Guiponi)\" data-rel=\"lightbox-gallery-1\"><img loading=\"lazy\" decoding=\"async\" width=\"150\" height=\"150\" src=\"https:\/\/www.arquimaster.com.ar\/web\/wp-content\/uploads\/2022\/08\/refugio_punta_colorada6-150x150.jpg\" class=\"attachment-thumbnail size-thumbnail\" alt=\"Refugio Punta Colorada III \/ TATU Arquitectura\" aria-describedby=\"gallery-1-71857\" \/><\/a>\n\t\t\t<\/div>\n\t\t\t\t<figcaption class='wp-caption-text gallery-caption' id='gallery-1-71857'>\n\t\t\t\tRefugio Punta Colorada III \/ TATU Arquitectura (\u00a9 Marcos Guiponi)\n\t\t\t\t<\/figcaption><\/figure><figure class='gallery-item'>\n\t\t\t<div class='gallery-icon portrait'>\n\t\t\t\t<a href='https:\/\/www.arquimaster.com.ar\/web\/wp-content\/uploads\/2022\/08\/refugio_punta_colorada7.jpg' title=\"Refugio Punta Colorada III \/ TATU Arquitectura (\u00a9 Marcos Guiponi)\" data-rl_title=\"Refugio Punta Colorada III \/ TATU Arquitectura (\u00a9 Marcos Guiponi)\" class=\"rl-gallery-link\" data-rl_caption=\"Refugio Punta Colorada III \/ TATU Arquitectura (\u00a9 Marcos Guiponi)\" data-rel=\"lightbox-gallery-1\"><img loading=\"lazy\" decoding=\"async\" width=\"150\" height=\"150\" src=\"https:\/\/www.arquimaster.com.ar\/web\/wp-content\/uploads\/2022\/08\/refugio_punta_colorada7-150x150.jpg\" class=\"attachment-thumbnail size-thumbnail\" alt=\"Refugio Punta Colorada III \/ TATU Arquitectura\" aria-describedby=\"gallery-1-71858\" \/><\/a>\n\t\t\t<\/div>\n\t\t\t\t<figcaption class='wp-caption-text gallery-caption' id='gallery-1-71858'>\n\t\t\t\tRefugio Punta Colorada III \/ TATU Arquitectura (\u00a9 Marcos Guiponi)\n\t\t\t\t<\/figcaption><\/figure><figure class='gallery-item'>\n\t\t\t<div class='gallery-icon portrait'>\n\t\t\t\t<a href='https:\/\/www.arquimaster.com.ar\/web\/wp-content\/uploads\/2022\/08\/refugio_punta_colorada8.jpg' title=\"Refugio Punta Colorada III \/ TATU Arquitectura (\u00a9 Marcos Guiponi)\" data-rl_title=\"Refugio Punta Colorada III \/ TATU Arquitectura (\u00a9 Marcos Guiponi)\" class=\"rl-gallery-link\" data-rl_caption=\"Refugio Punta Colorada III \/ TATU Arquitectura (\u00a9 Marcos Guiponi)\" data-rel=\"lightbox-gallery-1\"><img loading=\"lazy\" decoding=\"async\" width=\"150\" height=\"150\" src=\"https:\/\/www.arquimaster.com.ar\/web\/wp-content\/uploads\/2022\/08\/refugio_punta_colorada8-150x150.jpg\" class=\"attachment-thumbnail size-thumbnail\" alt=\"Refugio Punta Colorada III \/ TATU Arquitectura\" aria-describedby=\"gallery-1-71859\" \/><\/a>\n\t\t\t<\/div>\n\t\t\t\t<figcaption class='wp-caption-text gallery-caption' id='gallery-1-71859'>\n\t\t\t\tRefugio Punta Colorada III \/ TATU Arquitectura (\u00a9 Marcos Guiponi)\n\t\t\t\t<\/figcaption><\/figure><figure class='gallery-item'>\n\t\t\t<div class='gallery-icon portrait'>\n\t\t\t\t<a href='https:\/\/www.arquimaster.com.ar\/web\/wp-content\/uploads\/2022\/08\/refugio_punta_colorada9.jpg' title=\"Refugio Punta Colorada III \/ TATU Arquitectura (\u00a9 Marcos Guiponi)\" data-rl_title=\"Refugio Punta Colorada III \/ TATU Arquitectura (\u00a9 Marcos Guiponi)\" class=\"rl-gallery-link\" data-rl_caption=\"Refugio Punta Colorada III \/ TATU Arquitectura (\u00a9 Marcos Guiponi)\" data-rel=\"lightbox-gallery-1\"><img loading=\"lazy\" decoding=\"async\" width=\"150\" height=\"150\" src=\"https:\/\/www.arquimaster.com.ar\/web\/wp-content\/uploads\/2022\/08\/refugio_punta_colorada9-150x150.jpg\" class=\"attachment-thumbnail size-thumbnail\" alt=\"Refugio Punta Colorada III \/ TATU Arquitectura\" aria-describedby=\"gallery-1-71860\" \/><\/a>\n\t\t\t<\/div>\n\t\t\t\t<figcaption class='wp-caption-text gallery-caption' id='gallery-1-71860'>\n\t\t\t\tRefugio Punta Colorada III \/ TATU Arquitectura (\u00a9 Marcos Guiponi)\n\t\t\t\t<\/figcaption><\/figure><figure class='gallery-item'>\n\t\t\t<div class='gallery-icon portrait'>\n\t\t\t\t<a href='https:\/\/www.arquimaster.com.ar\/web\/wp-content\/uploads\/2022\/08\/refugio_punta_colorada10.jpg' title=\"Refugio Punta Colorada III \/ TATU Arquitectura (\u00a9 Marcos Guiponi)\" data-rl_title=\"Refugio Punta Colorada III \/ TATU Arquitectura (\u00a9 Marcos Guiponi)\" class=\"rl-gallery-link\" data-rl_caption=\"Refugio Punta Colorada III \/ TATU Arquitectura (\u00a9 Marcos Guiponi)\" data-rel=\"lightbox-gallery-1\"><img loading=\"lazy\" decoding=\"async\" width=\"150\" height=\"150\" src=\"https:\/\/www.arquimaster.com.ar\/web\/wp-content\/uploads\/2022\/08\/refugio_punta_colorada10-150x150.jpg\" class=\"attachment-thumbnail size-thumbnail\" alt=\"Refugio Punta Colorada III \/ TATU Arquitectura\" aria-describedby=\"gallery-1-71861\" \/><\/a>\n\t\t\t<\/div>\n\t\t\t\t<figcaption class='wp-caption-text gallery-caption' id='gallery-1-71861'>\n\t\t\t\tRefugio Punta Colorada III \/ TATU Arquitectura (\u00a9 Marcos Guiponi)\n\t\t\t\t<\/figcaption><\/figure><figure class='gallery-item'>\n\t\t\t<div class='gallery-icon portrait'>\n\t\t\t\t<a href='https:\/\/www.arquimaster.com.ar\/web\/wp-content\/uploads\/2022\/08\/refugio_punta_colorada11.jpg' title=\"Refugio Punta Colorada III \/ TATU Arquitectura (\u00a9 Marcos Guiponi)\" data-rl_title=\"Refugio Punta Colorada III \/ TATU Arquitectura (\u00a9 Marcos Guiponi)\" class=\"rl-gallery-link\" data-rl_caption=\"Refugio Punta Colorada III \/ TATU Arquitectura (\u00a9 Marcos Guiponi)\" data-rel=\"lightbox-gallery-1\"><img loading=\"lazy\" decoding=\"async\" width=\"150\" height=\"150\" src=\"https:\/\/www.arquimaster.com.ar\/web\/wp-content\/uploads\/2022\/08\/refugio_punta_colorada11-150x150.jpg\" class=\"attachment-thumbnail size-thumbnail\" alt=\"Refugio Punta Colorada III \/ TATU Arquitectura\" aria-describedby=\"gallery-1-71862\" \/><\/a>\n\t\t\t<\/div>\n\t\t\t\t<figcaption class='wp-caption-text gallery-caption' id='gallery-1-71862'>\n\t\t\t\tRefugio Punta Colorada III \/ TATU Arquitectura (\u00a9 Marcos Guiponi)\n\t\t\t\t<\/figcaption><\/figure><figure class='gallery-item'>\n\t\t\t<div class='gallery-icon landscape'>\n\t\t\t\t<a href='https:\/\/www.arquimaster.com.ar\/web\/wp-content\/uploads\/2022\/08\/refugio_punta_colorada12.jpg' title=\"Refugio Punta Colorada III \/ TATU Arquitectura (\u00a9 Marcos Guiponi)\" data-rl_title=\"Refugio Punta Colorada III \/ TATU Arquitectura (\u00a9 Marcos Guiponi)\" class=\"rl-gallery-link\" data-rl_caption=\"Refugio Punta Colorada III \/ TATU Arquitectura (\u00a9 Marcos Guiponi)\" data-rel=\"lightbox-gallery-1\"><img loading=\"lazy\" decoding=\"async\" width=\"150\" height=\"150\" src=\"https:\/\/www.arquimaster.com.ar\/web\/wp-content\/uploads\/2022\/08\/refugio_punta_colorada12-150x150.jpg\" class=\"attachment-thumbnail size-thumbnail\" alt=\"Refugio Punta Colorada III \/ TATU Arquitectura\" aria-describedby=\"gallery-1-71863\" \/><\/a>\n\t\t\t<\/div>\n\t\t\t\t<figcaption class='wp-caption-text gallery-caption' id='gallery-1-71863'>\n\t\t\t\tRefugio Punta Colorada III \/ TATU Arquitectura (\u00a9 Marcos Guiponi)\n\t\t\t\t<\/figcaption><\/figure><figure class='gallery-item'>\n\t\t\t<div class='gallery-icon portrait'>\n\t\t\t\t<a href='https:\/\/www.arquimaster.com.ar\/web\/wp-content\/uploads\/2022\/08\/refugio_punta_colorada13.jpg' title=\"Refugio Punta Colorada III \/ TATU Arquitectura (\u00a9 Marcos Guiponi)\" data-rl_title=\"Refugio Punta Colorada III \/ TATU Arquitectura (\u00a9 Marcos Guiponi)\" class=\"rl-gallery-link\" data-rl_caption=\"Refugio Punta Colorada III \/ TATU Arquitectura (\u00a9 Marcos Guiponi)\" data-rel=\"lightbox-gallery-1\"><img loading=\"lazy\" decoding=\"async\" width=\"150\" height=\"150\" src=\"https:\/\/www.arquimaster.com.ar\/web\/wp-content\/uploads\/2022\/08\/refugio_punta_colorada13-150x150.jpg\" class=\"attachment-thumbnail size-thumbnail\" alt=\"Refugio Punta Colorada III \/ TATU Arquitectura\" aria-describedby=\"gallery-1-71864\" \/><\/a>\n\t\t\t<\/div>\n\t\t\t\t<figcaption class='wp-caption-text gallery-caption' id='gallery-1-71864'>\n\t\t\t\tRefugio Punta Colorada III \/ TATU Arquitectura (\u00a9 Marcos Guiponi)\n\t\t\t\t<\/figcaption><\/figure><figure class='gallery-item'>\n\t\t\t<div class='gallery-icon portrait'>\n\t\t\t\t<a href='https:\/\/www.arquimaster.com.ar\/web\/wp-content\/uploads\/2022\/08\/refugio_punta_colorada14.jpg' title=\"Refugio Punta Colorada III \/ TATU Arquitectura (\u00a9 Marcos Guiponi)\" data-rl_title=\"Refugio Punta Colorada III \/ TATU Arquitectura (\u00a9 Marcos Guiponi)\" class=\"rl-gallery-link\" data-rl_caption=\"Refugio Punta Colorada III \/ TATU Arquitectura (\u00a9 Marcos Guiponi)\" data-rel=\"lightbox-gallery-1\"><img loading=\"lazy\" decoding=\"async\" width=\"150\" height=\"150\" src=\"https:\/\/www.arquimaster.com.ar\/web\/wp-content\/uploads\/2022\/08\/refugio_punta_colorada14-150x150.jpg\" class=\"attachment-thumbnail size-thumbnail\" alt=\"Refugio Punta Colorada III \/ TATU Arquitectura\" aria-describedby=\"gallery-1-71865\" \/><\/a>\n\t\t\t<\/div>\n\t\t\t\t<figcaption class='wp-caption-text gallery-caption' id='gallery-1-71865'>\n\t\t\t\tRefugio Punta Colorada III \/ TATU Arquitectura (\u00a9 Marcos Guiponi)\n\t\t\t\t<\/figcaption><\/figure><figure class='gallery-item'>\n\t\t\t<div class='gallery-icon portrait'>\n\t\t\t\t<a href='https:\/\/www.arquimaster.com.ar\/web\/wp-content\/uploads\/2022\/08\/refugio_punta_colorada15.jpg' title=\"Refugio Punta Colorada III \/ TATU Arquitectura (\u00a9 Marcos Guiponi)\" data-rl_title=\"Refugio Punta Colorada III \/ TATU Arquitectura (\u00a9 Marcos Guiponi)\" class=\"rl-gallery-link\" data-rl_caption=\"Refugio Punta Colorada III \/ TATU Arquitectura (\u00a9 Marcos Guiponi)\" data-rel=\"lightbox-gallery-1\"><img loading=\"lazy\" decoding=\"async\" width=\"150\" height=\"150\" src=\"https:\/\/www.arquimaster.com.ar\/web\/wp-content\/uploads\/2022\/08\/refugio_punta_colorada15-150x150.jpg\" class=\"attachment-thumbnail size-thumbnail\" alt=\"Refugio Punta Colorada III \/ TATU Arquitectura\" aria-describedby=\"gallery-1-71866\" \/><\/a>\n\t\t\t<\/div>\n\t\t\t\t<figcaption class='wp-caption-text gallery-caption' id='gallery-1-71866'>\n\t\t\t\tRefugio Punta Colorada III \/ TATU Arquitectura (\u00a9 Marcos Guiponi)\n\t\t\t\t<\/figcaption><\/figure><figure class='gallery-item'>\n\t\t\t<div class='gallery-icon landscape'>\n\t\t\t\t<a href='https:\/\/www.arquimaster.com.ar\/web\/wp-content\/uploads\/2022\/08\/refugio_punta_colorada16.jpg' title=\"Refugio Punta Colorada III \/ TATU Arquitectura (emplazamiento)\" data-rl_title=\"Refugio Punta Colorada III \/ TATU Arquitectura (emplazamiento)\" class=\"rl-gallery-link\" data-rl_caption=\"Refugio Punta Colorada III \/ TATU Arquitectura (emplazamiento)\" data-rel=\"lightbox-gallery-1\"><img loading=\"lazy\" decoding=\"async\" width=\"150\" height=\"150\" src=\"https:\/\/www.arquimaster.com.ar\/web\/wp-content\/uploads\/2022\/08\/refugio_punta_colorada16-150x150.jpg\" class=\"attachment-thumbnail size-thumbnail\" alt=\"Refugio Punta Colorada III \/ TATU Arquitectura\" aria-describedby=\"gallery-1-71867\" srcset=\"https:\/\/www.arquimaster.com.ar\/web\/wp-content\/uploads\/2022\/08\/refugio_punta_colorada16-150x150.jpg 150w, https:\/\/www.arquimaster.com.ar\/web\/wp-content\/uploads\/2022\/08\/refugio_punta_colorada16-768x768.jpg 768w, https:\/\/www.arquimaster.com.ar\/web\/wp-content\/uploads\/2022\/08\/refugio_punta_colorada16-1536x1536.jpg 1536w, https:\/\/www.arquimaster.com.ar\/web\/wp-content\/uploads\/2022\/08\/refugio_punta_colorada16.jpg 2000w\" sizes=\"auto, (max-width: 150px) 100vw, 150px\" \/><\/a>\n\t\t\t<\/div>\n\t\t\t\t<figcaption class='wp-caption-text gallery-caption' id='gallery-1-71867'>\n\t\t\t\tRefugio Punta Colorada III \/ TATU Arquitectura (emplazamiento)\n\t\t\t\t<\/figcaption><\/figure><figure class='gallery-item'>\n\t\t\t<div class='gallery-icon landscape'>\n\t\t\t\t<a href='https:\/\/www.arquimaster.com.ar\/web\/wp-content\/uploads\/2022\/08\/refugio_punta_colorada17.jpg' title=\"Refugio Punta Colorada III \/ TATU Arquitectura (planta baja)\" data-rl_title=\"Refugio Punta Colorada III \/ TATU Arquitectura (planta baja)\" class=\"rl-gallery-link\" data-rl_caption=\"Refugio Punta Colorada III \/ TATU Arquitectura (planta baja)\" data-rel=\"lightbox-gallery-1\"><img loading=\"lazy\" decoding=\"async\" width=\"150\" height=\"150\" src=\"https:\/\/www.arquimaster.com.ar\/web\/wp-content\/uploads\/2022\/08\/refugio_punta_colorada17-150x150.jpg\" class=\"attachment-thumbnail size-thumbnail\" alt=\"Refugio Punta Colorada III \/ TATU Arquitectura\" aria-describedby=\"gallery-1-71868\" srcset=\"https:\/\/www.arquimaster.com.ar\/web\/wp-content\/uploads\/2022\/08\/refugio_punta_colorada17-150x150.jpg 150w, https:\/\/www.arquimaster.com.ar\/web\/wp-content\/uploads\/2022\/08\/refugio_punta_colorada17-768x768.jpg 768w, https:\/\/www.arquimaster.com.ar\/web\/wp-content\/uploads\/2022\/08\/refugio_punta_colorada17-1536x1536.jpg 1536w, https:\/\/www.arquimaster.com.ar\/web\/wp-content\/uploads\/2022\/08\/refugio_punta_colorada17.jpg 2000w\" sizes=\"auto, (max-width: 150px) 100vw, 150px\" \/><\/a>\n\t\t\t<\/div>\n\t\t\t\t<figcaption class='wp-caption-text gallery-caption' id='gallery-1-71868'>\n\t\t\t\tRefugio Punta Colorada III \/ TATU Arquitectura (planta baja)\n\t\t\t\t<\/figcaption><\/figure><figure class='gallery-item'>\n\t\t\t<div class='gallery-icon landscape'>\n\t\t\t\t<a href='https:\/\/www.arquimaster.com.ar\/web\/wp-content\/uploads\/2022\/08\/refugio_punta_colorada18.jpg' title=\"Refugio Punta Colorada III \/ TATU Arquitectura (planta alta)\" data-rl_title=\"Refugio Punta Colorada III \/ TATU Arquitectura (planta alta)\" class=\"rl-gallery-link\" data-rl_caption=\"Refugio Punta Colorada III \/ TATU Arquitectura (planta alta)\" data-rel=\"lightbox-gallery-1\"><img loading=\"lazy\" decoding=\"async\" width=\"150\" height=\"150\" src=\"https:\/\/www.arquimaster.com.ar\/web\/wp-content\/uploads\/2022\/08\/refugio_punta_colorada18-150x150.jpg\" class=\"attachment-thumbnail size-thumbnail\" alt=\"Refugio Punta Colorada III \/ TATU Arquitectura\" aria-describedby=\"gallery-1-71869\" srcset=\"https:\/\/www.arquimaster.com.ar\/web\/wp-content\/uploads\/2022\/08\/refugio_punta_colorada18-150x150.jpg 150w, https:\/\/www.arquimaster.com.ar\/web\/wp-content\/uploads\/2022\/08\/refugio_punta_colorada18-768x768.jpg 768w, https:\/\/www.arquimaster.com.ar\/web\/wp-content\/uploads\/2022\/08\/refugio_punta_colorada18-1536x1536.jpg 1536w, https:\/\/www.arquimaster.com.ar\/web\/wp-content\/uploads\/2022\/08\/refugio_punta_colorada18.jpg 2000w\" sizes=\"auto, (max-width: 150px) 100vw, 150px\" \/><\/a>\n\t\t\t<\/div>\n\t\t\t\t<figcaption class='wp-caption-text gallery-caption' id='gallery-1-71869'>\n\t\t\t\tRefugio Punta Colorada III \/ TATU Arquitectura (planta alta)\n\t\t\t\t<\/figcaption><\/figure><figure class='gallery-item'>\n\t\t\t<div class='gallery-icon landscape'>\n\t\t\t\t<a href='https:\/\/www.arquimaster.com.ar\/web\/wp-content\/uploads\/2022\/08\/refugio_punta_colorada19.jpg' title=\"Refugio Punta Colorada III \/ TATU Arquitectura (corte)\" data-rl_title=\"Refugio Punta Colorada III \/ TATU Arquitectura (corte)\" class=\"rl-gallery-link\" data-rl_caption=\"Refugio Punta Colorada III \/ TATU Arquitectura (corte)\" data-rel=\"lightbox-gallery-1\"><img loading=\"lazy\" decoding=\"async\" width=\"150\" height=\"150\" src=\"https:\/\/www.arquimaster.com.ar\/web\/wp-content\/uploads\/2022\/08\/refugio_punta_colorada19-150x150.jpg\" class=\"attachment-thumbnail size-thumbnail\" alt=\"Refugio Punta Colorada III \/ TATU Arquitectura\" aria-describedby=\"gallery-1-71870\" srcset=\"https:\/\/www.arquimaster.com.ar\/web\/wp-content\/uploads\/2022\/08\/refugio_punta_colorada19-150x150.jpg 150w, https:\/\/www.arquimaster.com.ar\/web\/wp-content\/uploads\/2022\/08\/refugio_punta_colorada19-768x768.jpg 768w, https:\/\/www.arquimaster.com.ar\/web\/wp-content\/uploads\/2022\/08\/refugio_punta_colorada19-1536x1536.jpg 1536w, https:\/\/www.arquimaster.com.ar\/web\/wp-content\/uploads\/2022\/08\/refugio_punta_colorada19.jpg 2000w\" sizes=\"auto, (max-width: 150px) 100vw, 150px\" \/><\/a>\n\t\t\t<\/div>\n\t\t\t\t<figcaption class='wp-caption-text gallery-caption' id='gallery-1-71870'>\n\t\t\t\tRefugio Punta Colorada III \/ TATU Arquitectura (corte)\n\t\t\t\t<\/figcaption><\/figure><figure class='gallery-item'>\n\t\t\t<div class='gallery-icon landscape'>\n\t\t\t\t<a href='https:\/\/www.arquimaster.com.ar\/web\/wp-content\/uploads\/2022\/08\/refugio_punta_colorada20.jpg' title=\"Refugio Punta Colorada III \/ TATU Arquitectura (corte)\" data-rl_title=\"Refugio Punta Colorada III \/ TATU Arquitectura (corte)\" class=\"rl-gallery-link\" data-rl_caption=\"Refugio Punta Colorada III \/ TATU Arquitectura (corte)\" data-rel=\"lightbox-gallery-1\"><img loading=\"lazy\" decoding=\"async\" width=\"150\" height=\"150\" src=\"https:\/\/www.arquimaster.com.ar\/web\/wp-content\/uploads\/2022\/08\/refugio_punta_colorada20-150x150.jpg\" class=\"attachment-thumbnail size-thumbnail\" alt=\"Refugio Punta Colorada III \/ TATU Arquitectura\" aria-describedby=\"gallery-1-71871\" srcset=\"https:\/\/www.arquimaster.com.ar\/web\/wp-content\/uploads\/2022\/08\/refugio_punta_colorada20-150x150.jpg 150w, https:\/\/www.arquimaster.com.ar\/web\/wp-content\/uploads\/2022\/08\/refugio_punta_colorada20-768x768.jpg 768w, https:\/\/www.arquimaster.com.ar\/web\/wp-content\/uploads\/2022\/08\/refugio_punta_colorada20-1536x1536.jpg 1536w, https:\/\/www.arquimaster.com.ar\/web\/wp-content\/uploads\/2022\/08\/refugio_punta_colorada20.jpg 2000w\" sizes=\"auto, (max-width: 150px) 100vw, 150px\" \/><\/a>\n\t\t\t<\/div>\n\t\t\t\t<figcaption class='wp-caption-text gallery-caption' id='gallery-1-71871'>\n\t\t\t\tRefugio Punta Colorada III \/ TATU Arquitectura (corte)\n\t\t\t\t<\/figcaption><\/figure><figure class='gallery-item'>\n\t\t\t<div class='gallery-icon landscape'>\n\t\t\t\t<a href='https:\/\/www.arquimaster.com.ar\/web\/wp-content\/uploads\/2022\/08\/refugio_punta_colorada21.jpg' title=\"Refugio Punta Colorada III \/ TATU Arquitectura (vista)\" data-rl_title=\"Refugio Punta Colorada III \/ TATU Arquitectura (vista)\" class=\"rl-gallery-link\" data-rl_caption=\"Refugio Punta Colorada III \/ TATU Arquitectura (vista)\" data-rel=\"lightbox-gallery-1\"><img loading=\"lazy\" decoding=\"async\" width=\"150\" height=\"150\" src=\"https:\/\/www.arquimaster.com.ar\/web\/wp-content\/uploads\/2022\/08\/refugio_punta_colorada21-150x150.jpg\" class=\"attachment-thumbnail size-thumbnail\" alt=\"Refugio Punta Colorada III \/ TATU Arquitectura\" aria-describedby=\"gallery-1-71872\" srcset=\"https:\/\/www.arquimaster.com.ar\/web\/wp-content\/uploads\/2022\/08\/refugio_punta_colorada21-150x150.jpg 150w, https:\/\/www.arquimaster.com.ar\/web\/wp-content\/uploads\/2022\/08\/refugio_punta_colorada21-768x768.jpg 768w, https:\/\/www.arquimaster.com.ar\/web\/wp-content\/uploads\/2022\/08\/refugio_punta_colorada21-1536x1536.jpg 1536w, https:\/\/www.arquimaster.com.ar\/web\/wp-content\/uploads\/2022\/08\/refugio_punta_colorada21.jpg 2000w\" sizes=\"auto, (max-width: 150px) 100vw, 150px\" \/><\/a>\n\t\t\t<\/div>\n\t\t\t\t<figcaption class='wp-caption-text gallery-caption' id='gallery-1-71872'>\n\t\t\t\tRefugio Punta Colorada III \/ TATU Arquitectura (vista)\n\t\t\t\t<\/figcaption><\/figure><figure class='gallery-item'>\n\t\t\t<div class='gallery-icon landscape'>\n\t\t\t\t<a href='https:\/\/www.arquimaster.com.ar\/web\/wp-content\/uploads\/2022\/08\/refugio_punta_colorada22.jpg' title=\"Refugio Punta Colorada III \/ TATU Arquitectura (vista)\" data-rl_title=\"Refugio Punta Colorada III \/ TATU Arquitectura (vista)\" class=\"rl-gallery-link\" data-rl_caption=\"Refugio Punta Colorada III \/ TATU Arquitectura (vista)\" data-rel=\"lightbox-gallery-1\"><img loading=\"lazy\" decoding=\"async\" width=\"150\" height=\"150\" src=\"https:\/\/www.arquimaster.com.ar\/web\/wp-content\/uploads\/2022\/08\/refugio_punta_colorada22-150x150.jpg\" class=\"attachment-thumbnail size-thumbnail\" alt=\"Refugio Punta Colorada III \/ TATU Arquitectura\" aria-describedby=\"gallery-1-71873\" srcset=\"https:\/\/www.arquimaster.com.ar\/web\/wp-content\/uploads\/2022\/08\/refugio_punta_colorada22-150x150.jpg 150w, https:\/\/www.arquimaster.com.ar\/web\/wp-content\/uploads\/2022\/08\/refugio_punta_colorada22-768x768.jpg 768w, https:\/\/www.arquimaster.com.ar\/web\/wp-content\/uploads\/2022\/08\/refugio_punta_colorada22-1536x1536.jpg 1536w, https:\/\/www.arquimaster.com.ar\/web\/wp-content\/uploads\/2022\/08\/refugio_punta_colorada22.jpg 2000w\" sizes=\"auto, (max-width: 150px) 100vw, 150px\" \/><\/a>\n\t\t\t<\/div>\n\t\t\t\t<figcaption class='wp-caption-text gallery-caption' id='gallery-1-71873'>\n\t\t\t\tRefugio Punta Colorada III \/ TATU Arquitectura (vista)\n\t\t\t\t<\/figcaption><\/figure><figure class='gallery-item'>\n\t\t\t<div class='gallery-icon landscape'>\n\t\t\t\t<a href='https:\/\/www.arquimaster.com.ar\/web\/wp-content\/uploads\/2022\/08\/refugio_punta_colorada23.jpg' title=\"Refugio Punta Colorada III \/ TATU Arquitectura (vista)\" data-rl_title=\"Refugio Punta Colorada III \/ TATU Arquitectura (vista)\" class=\"rl-gallery-link\" data-rl_caption=\"Refugio Punta Colorada III \/ TATU Arquitectura (vista)\" data-rel=\"lightbox-gallery-1\"><img loading=\"lazy\" decoding=\"async\" width=\"150\" height=\"150\" src=\"https:\/\/www.arquimaster.com.ar\/web\/wp-content\/uploads\/2022\/08\/refugio_punta_colorada23-150x150.jpg\" class=\"attachment-thumbnail size-thumbnail\" alt=\"Refugio Punta Colorada III \/ TATU Arquitectura\" aria-describedby=\"gallery-1-71874\" srcset=\"https:\/\/www.arquimaster.com.ar\/web\/wp-content\/uploads\/2022\/08\/refugio_punta_colorada23-150x150.jpg 150w, https:\/\/www.arquimaster.com.ar\/web\/wp-content\/uploads\/2022\/08\/refugio_punta_colorada23-768x768.jpg 768w, https:\/\/www.arquimaster.com.ar\/web\/wp-content\/uploads\/2022\/08\/refugio_punta_colorada23-1536x1536.jpg 1536w, https:\/\/www.arquimaster.com.ar\/web\/wp-content\/uploads\/2022\/08\/refugio_punta_colorada23.jpg 2000w\" sizes=\"auto, (max-width: 150px) 100vw, 150px\" \/><\/a>\n\t\t\t<\/div>\n\t\t\t\t<figcaption class='wp-caption-text gallery-caption' id='gallery-1-71874'>\n\t\t\t\tRefugio Punta Colorada III \/ TATU Arquitectura (vista)\n\t\t\t\t<\/figcaption><\/figure><figure class='gallery-item'>\n\t\t\t<div class='gallery-icon landscape'>\n\t\t\t\t<a href='https:\/\/www.arquimaster.com.ar\/web\/wp-content\/uploads\/2022\/08\/refugio_punta_colorada24.jpg' title=\"Refugio Punta Colorada III \/ TATU Arquitectura (vista)\" data-rl_title=\"Refugio Punta Colorada III \/ TATU Arquitectura (vista)\" class=\"rl-gallery-link\" data-rl_caption=\"Refugio Punta Colorada III \/ TATU Arquitectura (vista)\" data-rel=\"lightbox-gallery-1\"><img loading=\"lazy\" decoding=\"async\" width=\"150\" height=\"150\" src=\"https:\/\/www.arquimaster.com.ar\/web\/wp-content\/uploads\/2022\/08\/refugio_punta_colorada24-150x150.jpg\" class=\"attachment-thumbnail size-thumbnail\" alt=\"Refugio Punta Colorada III \/ TATU Arquitectura\" aria-describedby=\"gallery-1-71875\" srcset=\"https:\/\/www.arquimaster.com.ar\/web\/wp-content\/uploads\/2022\/08\/refugio_punta_colorada24-150x150.jpg 150w, https:\/\/www.arquimaster.com.ar\/web\/wp-content\/uploads\/2022\/08\/refugio_punta_colorada24-768x768.jpg 768w, https:\/\/www.arquimaster.com.ar\/web\/wp-content\/uploads\/2022\/08\/refugio_punta_colorada24-1536x1536.jpg 1536w, https:\/\/www.arquimaster.com.ar\/web\/wp-content\/uploads\/2022\/08\/refugio_punta_colorada24.jpg 2000w\" sizes=\"auto, (max-width: 150px) 100vw, 150px\" \/><\/a>\n\t\t\t<\/div>\n\t\t\t\t<figcaption class='wp-caption-text gallery-caption' id='gallery-1-71875'>\n\t\t\t\tRefugio Punta Colorada III \/ TATU Arquitectura (vista)\n\t\t\t\t<\/figcaption><\/figure><figure class='gallery-item'>\n\t\t\t<div class='gallery-icon landscape'>\n\t\t\t\t<a href='https:\/\/www.arquimaster.com.ar\/web\/wp-content\/uploads\/2022\/08\/refugio_punta_colorada25.jpg' title=\"Refugio Punta Colorada III \/ TATU Arquitectura (axonometria)\" data-rl_title=\"Refugio Punta Colorada III \/ TATU Arquitectura (axonometria)\" class=\"rl-gallery-link\" data-rl_caption=\"Refugio Punta Colorada III \/ TATU Arquitectura (axonometria)\" data-rel=\"lightbox-gallery-1\"><img loading=\"lazy\" decoding=\"async\" width=\"150\" height=\"150\" src=\"https:\/\/www.arquimaster.com.ar\/web\/wp-content\/uploads\/2022\/08\/refugio_punta_colorada25-150x150.jpg\" class=\"attachment-thumbnail size-thumbnail\" alt=\"Refugio Punta Colorada III \/ TATU Arquitectura\" aria-describedby=\"gallery-1-71876\" srcset=\"https:\/\/www.arquimaster.com.ar\/web\/wp-content\/uploads\/2022\/08\/refugio_punta_colorada25-150x150.jpg 150w, https:\/\/www.arquimaster.com.ar\/web\/wp-content\/uploads\/2022\/08\/refugio_punta_colorada25-768x768.jpg 768w, https:\/\/www.arquimaster.com.ar\/web\/wp-content\/uploads\/2022\/08\/refugio_punta_colorada25-1536x1536.jpg 1536w, https:\/\/www.arquimaster.com.ar\/web\/wp-content\/uploads\/2022\/08\/refugio_punta_colorada25.jpg 2000w\" sizes=\"auto, (max-width: 150px) 100vw, 150px\" \/><\/a>\n\t\t\t<\/div>\n\t\t\t\t<figcaption class='wp-caption-text gallery-caption' id='gallery-1-71876'>\n\t\t\t\tRefugio Punta Colorada III \/ TATU Arquitectura (axonometria)\n\t\t\t\t<\/figcaption><\/figure><figure class='gallery-item'>\n\t\t\t<div class='gallery-icon landscape'>\n\t\t\t\t<a href='https:\/\/www.arquimaster.com.ar\/web\/wp-content\/uploads\/2022\/08\/refugio_punta_colorada26.jpg' title=\"Refugio Punta Colorada III \/ TATU Arquitectura (esquemas)\" data-rl_title=\"Refugio Punta Colorada III \/ TATU Arquitectura (esquemas)\" class=\"rl-gallery-link\" data-rl_caption=\"Refugio Punta Colorada III \/ TATU Arquitectura (esquemas)\" data-rel=\"lightbox-gallery-1\"><img loading=\"lazy\" decoding=\"async\" width=\"150\" height=\"150\" src=\"https:\/\/www.arquimaster.com.ar\/web\/wp-content\/uploads\/2022\/08\/refugio_punta_colorada26-150x150.jpg\" class=\"attachment-thumbnail size-thumbnail\" alt=\"Refugio Punta Colorada III \/ TATU Arquitectura\" aria-describedby=\"gallery-1-71877\" srcset=\"https:\/\/www.arquimaster.com.ar\/web\/wp-content\/uploads\/2022\/08\/refugio_punta_colorada26-150x150.jpg 150w, https:\/\/www.arquimaster.com.ar\/web\/wp-content\/uploads\/2022\/08\/refugio_punta_colorada26-768x768.jpg 768w, https:\/\/www.arquimaster.com.ar\/web\/wp-content\/uploads\/2022\/08\/refugio_punta_colorada26-1536x1536.jpg 1536w, https:\/\/www.arquimaster.com.ar\/web\/wp-content\/uploads\/2022\/08\/refugio_punta_colorada26.jpg 2000w\" sizes=\"auto, (max-width: 150px) 100vw, 150px\" \/><\/a>\n\t\t\t<\/div>\n\t\t\t\t<figcaption class='wp-caption-text gallery-caption' id='gallery-1-71877'>\n\t\t\t\tRefugio Punta Colorada III \/ TATU Arquitectura (esquemas)\n\t\t\t\t<\/figcaption><\/figure>\n\t\t<\/div>\n\n<p>A su vez, la topograf\u00eda del terreno presentaba una depresi\u00f3n pronunciada hacia la zona posterior y lateral, producto de la presencia de dos peque\u00f1as ca\u00f1adas que recogen el escurrimiento de agua natural de la zona y lo canalizan hacia el mar.<\/p>\n<p>Se decidi\u00f3 que el proyecto intentara mantener lo m\u00e1s intacto este ecosistema y se integrara al mismo con una huella lo m\u00e1s peque\u00f1a posible. Se decide optar por un sistema de fundaci\u00f3n tipo palafito conformada por pilotes de hormig\u00f3n que se apoyaran puntualmente en el terreno dejando toda la construcci\u00f3n suspendida sobre la superficie irregular del suelo.<\/p>\n<p>El refugio se articula en una disposici\u00f3n longitudinal que divide el terreno en dos instancias de caracter\u00edsticas diferentes: la primera orientada al norte se relaciona en una l\u00f3gica f\u00edsica, de acceso y vinculo interior exterior de uso, mientras que la segunda zona orientada al sur se relaciona en funci\u00f3n de una l\u00f3gica de contemplaci\u00f3n, para mirar el paisaje a partir de una serie de recortes espec\u00edficos en la cascara y cubierta.<\/p>\n<p>La distribuci\u00f3n est\u00e1 articulada por el m\u00f3dulo de ba\u00f1o que divide las zonas de descanso de los espacios sociales. El conjunto est\u00e1 modulado de forma racional en funci\u00f3n de una serie de p\u00f3rticos estructurales que permanecen expuestos al interior y exterior dando ritmo y textura a la resoluci\u00f3n final.<\/p>\n<p>Por \u00faltimo, se opt\u00f3 por aumentar el volumen interior en el \u00e1rea social para adquirir mayor contacto con el exterior y generar un segundo dormitorio-altillo desde el cual observar el horizonte profundo de mar. <\/p>\n\n\n<div style=\"height:20px\" aria-hidden=\"true\" class=\"wp-block-spacer\"><\/div>\n\n\n\n<p class=\"has-background\" style=\"background-color:#eaeaea\"><strong>Ficha t\u00e9cnica<\/strong><br>Nombre: Punta Colorada III<br>Ubicaci\u00f3n: Punta Colorada, Maldonado, Uruguay<br>Oficina de arquitectura: TATU Arquitectura<br>Arquitectos a cargo: Leandro Alegre, Horacio Goday, Martin Olivera<br>Superficie construida: 60 m2<br>A\u00f1o finalizaci\u00f3n construcci\u00f3n: 2021<br>Fotograf\u00edas: <a href=\"https:\/\/www.marcosguiponi.net\/\" target=\"_blank\" rel=\"noreferrer noopener\">Marcos Guiponi<\/a><br><br><strong>Contacto<\/strong><br><a href=\"https:\/\/www.tatuarq.com\" target=\"_blank\" rel=\"noreferrer noopener\">https:\/\/www.tatuarq.com<\/a><br>Redes sociales: @tatu_arquitectura<\/p>\n\n\n\n<div style=\"height:40px\" aria-hidden=\"true\" class=\"wp-block-spacer\"><\/div>\n\n\n<p><strong><em>English version<\/em><\/strong><\/p>\n<p><em>The land is in an area of maritime forest near the first stretch of the oceanic beach in Uruguay. Here it has a diverse number of native species living in an obscure ecosystem.<\/em><\/p>\n<p><em>Amongst these species are the Eucaliptus, Coronilla or Aruera among other valuable species that we must preserve to build a narrative about the future architecture project and its immediate landscape.<\/em><\/p>\n<p><em>At the same time, the topography of the land presents a pronounced hollow in its back and lateral side, because of two ravines that carry natural water from the mountains to the sea.<\/em><\/p>\n<p><em>It was decided that the project would try to keep this ecosystem as intact as possible to reduce the green footprint. It is decided to opt for a stilt-type foundation system made up of concrete piles that will be supported on the ground, leaving the entire construction suspended on the irregular surface of the ground.<\/em><\/p>\n<p><em>The shelter is assembled in a longitudinal position that divides the land into two different sides. The first one is pointed to the north, and it is organized in a logical way, as there is an interior-exterior access link. The second one, is south facing where there is a new contemplation logic to look at the landscape from a series of specific cut-outs in the shell and cover.<\/em><\/p>\n<p><em>The distribution is articulated by the bathroom units that divides the rest areas of the social spaces. The project has been modulated with structural porches that are exposed inside and out the building, giving rhythm and texture to it.<\/em><\/p>\n<p><em>Finally, it was decided to increase the internal volume in the social area to acquire greater contact with the exterior and to generate a second bedroom-mezzanine from which to observe the deep horizon of the sea.<\/em><\/p>\n<div style=\"font-size: 0px; height: 0px; line-height: 0px; margin: 0; padding: 0; clear: both;\"><\/div><div style=\"margin-top: 0px; margin-bottom: 0px;\" class=\"sharethis-inline-share-buttons\" ><\/div>","protected":false},"excerpt":{"rendered":"<p>El conjunto est\u00e1 modulado de forma racional en funci\u00f3n de p\u00f3rticos estructurales&#8230;<\/p>\n","protected":false},"author":1,"featured_media":71851,"comment_status":"closed","ping_status":"closed","sticky":false,"template":"","format":"standard","meta":{"_uag_custom_page_level_css":"","footnotes":""},"categories":[1,251],"tags":[2863,2157,2156,7400,2416,7426,7425,7444,7427,7513,1709,7424,266,6471],"class_list":["post-71850","post","type-post","status-publish","format-standard","has-post-thumbnail","hentry","category-proyecto","category-casas-de-playa","tag-cabanas","tag-casa-de-descanso","tag-casa-de-fin-de-semana","tag-casa-de-vacaciones","tag-construccion-en-madera","tag-horacio-goday","tag-leandro-alegre","tag-maldonado","tag-martin-olivera","tag-punta-colorada","tag-refugio","tag-tatu-arquitectura","tag-uruguay","tag-vivienda-no-permanente","generate-columns","tablet-grid-50","mobile-grid-100","grid-parent","grid-50"],"yoast_head":"<!-- This site is optimized with the Yoast SEO plugin v27.3 - https:\/\/yoast.com\/product\/yoast-seo-wordpress\/ -->\n<title>Refugio Punta Colorada III \/ TATU Arquitectura - Arquimaster<\/title>\n<meta name=\"description\" content=\"El conjunto est\u00e1 modulado de forma racional en funci\u00f3n de una serie de p\u00f3rticos estructurales que permanecen expuestos al interior y exterior dando ritmo y textura a la resoluci\u00f3n final.\" \/>\n<meta name=\"robots\" content=\"index, follow, max-snippet:-1, max-image-preview:large, max-video-preview:-1\" \/>\n<link rel=\"canonical\" href=\"https:\/\/www.arquimaster.com.ar\/web\/refugio-punta-colorada-iii-tatu-arquitectura\/\" \/>\n<meta property=\"og:locale\" content=\"es_ES\" \/>\n<meta property=\"og:type\" content=\"article\" \/>\n<meta property=\"og:title\" content=\"Refugio Punta Colorada III \/ TATU Arquitectura\" \/>\n<meta property=\"og:description\" content=\"El conjunto est\u00e1 modulado de forma racional en funci\u00f3n de una serie de p\u00f3rticos estructurales que permanecen expuestos al interior y exterior dando ritmo y textura a la resoluci\u00f3n final.\" \/>\n<meta property=\"og:url\" content=\"https:\/\/www.arquimaster.com.ar\/web\/refugio-punta-colorada-iii-tatu-arquitectura\/\" \/>\n<meta property=\"og:site_name\" content=\"Arquimaster\" \/>\n<meta property=\"article:publisher\" content=\"http:\/\/www.facebook.com\/ARQUIMASTER.com.ar\" \/>\n<meta property=\"article:published_time\" content=\"2022-08-04T22:07:39+00:00\" \/>\n<meta property=\"article:modified_time\" content=\"2023-01-30T17:49:19+00:00\" \/>\n<meta property=\"og:image\" content=\"https:\/\/www.arquimaster.com.ar\/web\/wp-content\/uploads\/2022\/08\/refugio_punta_colorada_slide.jpg\" \/>\n\t<meta property=\"og:image:width\" content=\"698\" \/>\n\t<meta property=\"og:image:height\" content=\"364\" \/>\n\t<meta property=\"og:image:type\" content=\"image\/jpeg\" \/>\n<meta name=\"author\" content=\"Arquimaster\" \/>\n<meta name=\"twitter:card\" content=\"summary_large_image\" \/>\n<meta name=\"twitter:title\" content=\"Refugio Punta Colorada III \/ TATU Arquitectura\" \/>\n<meta name=\"twitter:description\" content=\"El conjunto est\u00e1 modulado de forma racional en funci\u00f3n de una serie de p\u00f3rticos estructurales que permanecen expuestos al interior y exterior dando ritmo y textura a la resoluci\u00f3n final.\" \/>\n<meta name=\"twitter:image\" content=\"https:\/\/www.arquimaster.com.ar\/web\/wp-content\/uploads\/2022\/08\/refugio_punta_colorada_slide.jpg\" \/>\n<meta name=\"twitter:creator\" content=\"@arquimaster\" \/>\n<meta name=\"twitter:site\" content=\"@arquimaster\" \/>\n<meta name=\"twitter:label1\" content=\"Escrito por\" \/>\n\t<meta name=\"twitter:data1\" content=\"Arquimaster\" \/>\n\t<meta name=\"twitter:label2\" content=\"Tiempo de lectura\" \/>\n\t<meta name=\"twitter:data2\" content=\"4 minutos\" \/>\n<script type=\"application\/ld+json\" class=\"yoast-schema-graph\">{\"@context\":\"https:\\\/\\\/schema.org\",\"@graph\":[{\"@type\":\"Article\",\"@id\":\"https:\\\/\\\/www.arquimaster.com.ar\\\/web\\\/refugio-punta-colorada-iii-tatu-arquitectura\\\/#article\",\"isPartOf\":{\"@id\":\"https:\\\/\\\/www.arquimaster.com.ar\\\/web\\\/refugio-punta-colorada-iii-tatu-arquitectura\\\/\"},\"author\":{\"name\":\"Arquimaster\",\"@id\":\"https:\\\/\\\/www.arquimaster.com.ar\\\/web\\\/#\\\/schema\\\/person\\\/359e9f7c00193fcde068e0dd2ceb0028\"},\"headline\":\"Refugio Punta Colorada III \\\/ TATU Arquitectura\",\"datePublished\":\"2022-08-04T22:07:39+00:00\",\"dateModified\":\"2023-01-30T17:49:19+00:00\",\"mainEntityOfPage\":{\"@id\":\"https:\\\/\\\/www.arquimaster.com.ar\\\/web\\\/refugio-punta-colorada-iii-tatu-arquitectura\\\/\"},\"wordCount\":710,\"publisher\":{\"@id\":\"https:\\\/\\\/www.arquimaster.com.ar\\\/web\\\/#organization\"},\"image\":{\"@id\":\"https:\\\/\\\/www.arquimaster.com.ar\\\/web\\\/refugio-punta-colorada-iii-tatu-arquitectura\\\/#primaryimage\"},\"thumbnailUrl\":\"https:\\\/\\\/www.arquimaster.com.ar\\\/web\\\/wp-content\\\/uploads\\\/2022\\\/08\\\/refugio_punta_colorada_slide.jpg\",\"keywords\":[\"caba\u00f1as\",\"casa de descanso\",\"casa de fin de semana\",\"casa de vacaciones\",\"construccion en madera\",\"Horacio Goday\",\"Leandro Alegre\",\"Maldonado\",\"Martin Olivera\",\"Punta Colorada\",\"refugio\",\"TATU Arquitectura\",\"Uruguay\",\"vivienda no permanente\"],\"articleSection\":[\"Proyecto\",\"Vivienda no permanente\"],\"inLanguage\":\"es\"},{\"@type\":\"WebPage\",\"@id\":\"https:\\\/\\\/www.arquimaster.com.ar\\\/web\\\/refugio-punta-colorada-iii-tatu-arquitectura\\\/\",\"url\":\"https:\\\/\\\/www.arquimaster.com.ar\\\/web\\\/refugio-punta-colorada-iii-tatu-arquitectura\\\/\",\"name\":\"Refugio Punta Colorada III \\\/ TATU Arquitectura - Arquimaster\",\"isPartOf\":{\"@id\":\"https:\\\/\\\/www.arquimaster.com.ar\\\/web\\\/#website\"},\"primaryImageOfPage\":{\"@id\":\"https:\\\/\\\/www.arquimaster.com.ar\\\/web\\\/refugio-punta-colorada-iii-tatu-arquitectura\\\/#primaryimage\"},\"image\":{\"@id\":\"https:\\\/\\\/www.arquimaster.com.ar\\\/web\\\/refugio-punta-colorada-iii-tatu-arquitectura\\\/#primaryimage\"},\"thumbnailUrl\":\"https:\\\/\\\/www.arquimaster.com.ar\\\/web\\\/wp-content\\\/uploads\\\/2022\\\/08\\\/refugio_punta_colorada_slide.jpg\",\"datePublished\":\"2022-08-04T22:07:39+00:00\",\"dateModified\":\"2023-01-30T17:49:19+00:00\",\"description\":\"El conjunto est\u00e1 modulado de forma racional en funci\u00f3n de una serie de p\u00f3rticos estructurales que permanecen expuestos al interior y exterior dando ritmo y textura a la resoluci\u00f3n final.\",\"breadcrumb\":{\"@id\":\"https:\\\/\\\/www.arquimaster.com.ar\\\/web\\\/refugio-punta-colorada-iii-tatu-arquitectura\\\/#breadcrumb\"},\"inLanguage\":\"es\",\"potentialAction\":[{\"@type\":\"ReadAction\",\"target\":[\"https:\\\/\\\/www.arquimaster.com.ar\\\/web\\\/refugio-punta-colorada-iii-tatu-arquitectura\\\/\"]}]},{\"@type\":\"ImageObject\",\"inLanguage\":\"es\",\"@id\":\"https:\\\/\\\/www.arquimaster.com.ar\\\/web\\\/refugio-punta-colorada-iii-tatu-arquitectura\\\/#primaryimage\",\"url\":\"https:\\\/\\\/www.arquimaster.com.ar\\\/web\\\/wp-content\\\/uploads\\\/2022\\\/08\\\/refugio_punta_colorada_slide.jpg\",\"contentUrl\":\"https:\\\/\\\/www.arquimaster.com.ar\\\/web\\\/wp-content\\\/uploads\\\/2022\\\/08\\\/refugio_punta_colorada_slide.jpg\",\"width\":698,\"height\":364,\"caption\":\"Refugio Punta Colorada III \\\/ TATU Arquitectura\"},{\"@type\":\"BreadcrumbList\",\"@id\":\"https:\\\/\\\/www.arquimaster.com.ar\\\/web\\\/refugio-punta-colorada-iii-tatu-arquitectura\\\/#breadcrumb\",\"itemListElement\":[{\"@type\":\"ListItem\",\"position\":1,\"name\":\"Portada\",\"item\":\"https:\\\/\\\/www.arquimaster.com.ar\\\/web\\\/\"},{\"@type\":\"ListItem\",\"position\":2,\"name\":\"Refugio Punta Colorada III \\\/ TATU Arquitectura\"}]},{\"@type\":\"WebSite\",\"@id\":\"https:\\\/\\\/www.arquimaster.com.ar\\\/web\\\/#website\",\"url\":\"https:\\\/\\\/www.arquimaster.com.ar\\\/web\\\/\",\"name\":\"Arquimaster\",\"description\":\"Web de arquitectura, dise\u00f1o y construccion\",\"publisher\":{\"@id\":\"https:\\\/\\\/www.arquimaster.com.ar\\\/web\\\/#organization\"},\"potentialAction\":[{\"@type\":\"SearchAction\",\"target\":{\"@type\":\"EntryPoint\",\"urlTemplate\":\"https:\\\/\\\/www.arquimaster.com.ar\\\/web\\\/?s={search_term_string}\"},\"query-input\":{\"@type\":\"PropertyValueSpecification\",\"valueRequired\":true,\"valueName\":\"search_term_string\"}}],\"inLanguage\":\"es\"},{\"@type\":\"Organization\",\"@id\":\"https:\\\/\\\/www.arquimaster.com.ar\\\/web\\\/#organization\",\"name\":\"Arquimaster\",\"url\":\"https:\\\/\\\/www.arquimaster.com.ar\\\/web\\\/\",\"logo\":{\"@type\":\"ImageObject\",\"inLanguage\":\"es\",\"@id\":\"https:\\\/\\\/www.arquimaster.com.ar\\\/web\\\/#\\\/schema\\\/logo\\\/image\\\/\",\"url\":\"https:\\\/\\\/www.arquimaster.com.ar\\\/web\\\/wp-content\\\/uploads\\\/2022\\\/06\\\/arquimaster.png\",\"contentUrl\":\"https:\\\/\\\/www.arquimaster.com.ar\\\/web\\\/wp-content\\\/uploads\\\/2022\\\/06\\\/arquimaster.png\",\"width\":594,\"height\":78,\"caption\":\"Arquimaster\"},\"image\":{\"@id\":\"https:\\\/\\\/www.arquimaster.com.ar\\\/web\\\/#\\\/schema\\\/logo\\\/image\\\/\"},\"sameAs\":[\"http:\\\/\\\/www.facebook.com\\\/ARQUIMASTER.com.ar\",\"https:\\\/\\\/x.com\\\/arquimaster\",\"https:\\\/\\\/www.instagram.com\\\/arquimasterblog\\\/\",\"https:\\\/\\\/www.linkedin.com\\\/company\\\/arquimaster\",\"https:\\\/\\\/www.pinterest.com\\\/arquimaster\",\"https:\\\/\\\/t.me\\\/arquimaster\"]},{\"@type\":\"Person\",\"@id\":\"https:\\\/\\\/www.arquimaster.com.ar\\\/web\\\/#\\\/schema\\\/person\\\/359e9f7c00193fcde068e0dd2ceb0028\",\"name\":\"Arquimaster\"}]}<\/script>\n<!-- \/ Yoast SEO plugin. -->","yoast_head_json":{"title":"Refugio Punta Colorada III \/ TATU Arquitectura - Arquimaster","description":"El conjunto est\u00e1 modulado de forma racional en funci\u00f3n de una serie de p\u00f3rticos estructurales que permanecen expuestos al interior y exterior dando ritmo y textura a la resoluci\u00f3n final.","robots":{"index":"index","follow":"follow","max-snippet":"max-snippet:-1","max-image-preview":"max-image-preview:large","max-video-preview":"max-video-preview:-1"},"canonical":"https:\/\/www.arquimaster.com.ar\/web\/refugio-punta-colorada-iii-tatu-arquitectura\/","og_locale":"es_ES","og_type":"article","og_title":"Refugio Punta Colorada III \/ TATU Arquitectura","og_description":"El conjunto est\u00e1 modulado de forma racional en funci\u00f3n de una serie de p\u00f3rticos estructurales que permanecen expuestos al interior y exterior dando ritmo y textura a la resoluci\u00f3n final.","og_url":"https:\/\/www.arquimaster.com.ar\/web\/refugio-punta-colorada-iii-tatu-arquitectura\/","og_site_name":"Arquimaster","article_publisher":"http:\/\/www.facebook.com\/ARQUIMASTER.com.ar","article_published_time":"2022-08-04T22:07:39+00:00","article_modified_time":"2023-01-30T17:49:19+00:00","og_image":[{"width":698,"height":364,"url":"https:\/\/www.arquimaster.com.ar\/web\/wp-content\/uploads\/2022\/08\/refugio_punta_colorada_slide.jpg","type":"image\/jpeg"}],"author":"Arquimaster","twitter_card":"summary_large_image","twitter_title":"Refugio Punta Colorada III \/ TATU Arquitectura","twitter_description":"El conjunto est\u00e1 modulado de forma racional en funci\u00f3n de una serie de p\u00f3rticos estructurales que permanecen expuestos al interior y exterior dando ritmo y textura a la resoluci\u00f3n final.","twitter_image":"https:\/\/www.arquimaster.com.ar\/web\/wp-content\/uploads\/2022\/08\/refugio_punta_colorada_slide.jpg","twitter_creator":"@arquimaster","twitter_site":"@arquimaster","twitter_misc":{"Escrito por":"Arquimaster","Tiempo de lectura":"4 minutos"},"schema":{"@context":"https:\/\/schema.org","@graph":[{"@type":"Article","@id":"https:\/\/www.arquimaster.com.ar\/web\/refugio-punta-colorada-iii-tatu-arquitectura\/#article","isPartOf":{"@id":"https:\/\/www.arquimaster.com.ar\/web\/refugio-punta-colorada-iii-tatu-arquitectura\/"},"author":{"name":"Arquimaster","@id":"https:\/\/www.arquimaster.com.ar\/web\/#\/schema\/person\/359e9f7c00193fcde068e0dd2ceb0028"},"headline":"Refugio Punta Colorada III \/ TATU Arquitectura","datePublished":"2022-08-04T22:07:39+00:00","dateModified":"2023-01-30T17:49:19+00:00","mainEntityOfPage":{"@id":"https:\/\/www.arquimaster.com.ar\/web\/refugio-punta-colorada-iii-tatu-arquitectura\/"},"wordCount":710,"publisher":{"@id":"https:\/\/www.arquimaster.com.ar\/web\/#organization"},"image":{"@id":"https:\/\/www.arquimaster.com.ar\/web\/refugio-punta-colorada-iii-tatu-arquitectura\/#primaryimage"},"thumbnailUrl":"https:\/\/www.arquimaster.com.ar\/web\/wp-content\/uploads\/2022\/08\/refugio_punta_colorada_slide.jpg","keywords":["caba\u00f1as","casa de descanso","casa de fin de semana","casa de vacaciones","construccion en madera","Horacio Goday","Leandro Alegre","Maldonado","Martin Olivera","Punta Colorada","refugio","TATU Arquitectura","Uruguay","vivienda no permanente"],"articleSection":["Proyecto","Vivienda no permanente"],"inLanguage":"es"},{"@type":"WebPage","@id":"https:\/\/www.arquimaster.com.ar\/web\/refugio-punta-colorada-iii-tatu-arquitectura\/","url":"https:\/\/www.arquimaster.com.ar\/web\/refugio-punta-colorada-iii-tatu-arquitectura\/","name":"Refugio Punta Colorada III \/ TATU Arquitectura - Arquimaster","isPartOf":{"@id":"https:\/\/www.arquimaster.com.ar\/web\/#website"},"primaryImageOfPage":{"@id":"https:\/\/www.arquimaster.com.ar\/web\/refugio-punta-colorada-iii-tatu-arquitectura\/#primaryimage"},"image":{"@id":"https:\/\/www.arquimaster.com.ar\/web\/refugio-punta-colorada-iii-tatu-arquitectura\/#primaryimage"},"thumbnailUrl":"https:\/\/www.arquimaster.com.ar\/web\/wp-content\/uploads\/2022\/08\/refugio_punta_colorada_slide.jpg","datePublished":"2022-08-04T22:07:39+00:00","dateModified":"2023-01-30T17:49:19+00:00","description":"El conjunto est\u00e1 modulado de forma racional en funci\u00f3n de una serie de p\u00f3rticos estructurales que permanecen expuestos al interior y exterior dando ritmo y textura a la resoluci\u00f3n final.","breadcrumb":{"@id":"https:\/\/www.arquimaster.com.ar\/web\/refugio-punta-colorada-iii-tatu-arquitectura\/#breadcrumb"},"inLanguage":"es","potentialAction":[{"@type":"ReadAction","target":["https:\/\/www.arquimaster.com.ar\/web\/refugio-punta-colorada-iii-tatu-arquitectura\/"]}]},{"@type":"ImageObject","inLanguage":"es","@id":"https:\/\/www.arquimaster.com.ar\/web\/refugio-punta-colorada-iii-tatu-arquitectura\/#primaryimage","url":"https:\/\/www.arquimaster.com.ar\/web\/wp-content\/uploads\/2022\/08\/refugio_punta_colorada_slide.jpg","contentUrl":"https:\/\/www.arquimaster.com.ar\/web\/wp-content\/uploads\/2022\/08\/refugio_punta_colorada_slide.jpg","width":698,"height":364,"caption":"Refugio Punta Colorada III \/ TATU Arquitectura"},{"@type":"BreadcrumbList","@id":"https:\/\/www.arquimaster.com.ar\/web\/refugio-punta-colorada-iii-tatu-arquitectura\/#breadcrumb","itemListElement":[{"@type":"ListItem","position":1,"name":"Portada","item":"https:\/\/www.arquimaster.com.ar\/web\/"},{"@type":"ListItem","position":2,"name":"Refugio Punta Colorada III \/ TATU Arquitectura"}]},{"@type":"WebSite","@id":"https:\/\/www.arquimaster.com.ar\/web\/#website","url":"https:\/\/www.arquimaster.com.ar\/web\/","name":"Arquimaster","description":"Web de arquitectura, dise\u00f1o y construccion","publisher":{"@id":"https:\/\/www.arquimaster.com.ar\/web\/#organization"},"potentialAction":[{"@type":"SearchAction","target":{"@type":"EntryPoint","urlTemplate":"https:\/\/www.arquimaster.com.ar\/web\/?s={search_term_string}"},"query-input":{"@type":"PropertyValueSpecification","valueRequired":true,"valueName":"search_term_string"}}],"inLanguage":"es"},{"@type":"Organization","@id":"https:\/\/www.arquimaster.com.ar\/web\/#organization","name":"Arquimaster","url":"https:\/\/www.arquimaster.com.ar\/web\/","logo":{"@type":"ImageObject","inLanguage":"es","@id":"https:\/\/www.arquimaster.com.ar\/web\/#\/schema\/logo\/image\/","url":"https:\/\/www.arquimaster.com.ar\/web\/wp-content\/uploads\/2022\/06\/arquimaster.png","contentUrl":"https:\/\/www.arquimaster.com.ar\/web\/wp-content\/uploads\/2022\/06\/arquimaster.png","width":594,"height":78,"caption":"Arquimaster"},"image":{"@id":"https:\/\/www.arquimaster.com.ar\/web\/#\/schema\/logo\/image\/"},"sameAs":["http:\/\/www.facebook.com\/ARQUIMASTER.com.ar","https:\/\/x.com\/arquimaster","https:\/\/www.instagram.com\/arquimasterblog\/","https:\/\/www.linkedin.com\/company\/arquimaster","https:\/\/www.pinterest.com\/arquimaster","https:\/\/t.me\/arquimaster"]},{"@type":"Person","@id":"https:\/\/www.arquimaster.com.ar\/web\/#\/schema\/person\/359e9f7c00193fcde068e0dd2ceb0028","name":"Arquimaster"}]}},"uagb_featured_image_src":{"full":["https:\/\/www.arquimaster.com.ar\/web\/wp-content\/uploads\/2022\/08\/refugio_punta_colorada_slide.jpg",698,364,false],"thumbnail":["https:\/\/www.arquimaster.com.ar\/web\/wp-content\/uploads\/2022\/08\/refugio_punta_colorada_slide-150x150.jpg",150,150,true],"medium":["https:\/\/www.arquimaster.com.ar\/web\/wp-content\/uploads\/2022\/08\/refugio_punta_colorada_slide.jpg",698,364,false],"medium_large":["https:\/\/www.arquimaster.com.ar\/web\/wp-content\/uploads\/2022\/08\/refugio_punta_colorada_slide.jpg",698,364,false],"large":["https:\/\/www.arquimaster.com.ar\/web\/wp-content\/uploads\/2022\/08\/refugio_punta_colorada_slide.jpg",698,364,false],"1536x1536":["https:\/\/www.arquimaster.com.ar\/web\/wp-content\/uploads\/2022\/08\/refugio_punta_colorada_slide.jpg",698,364,false],"2048x2048":["https:\/\/www.arquimaster.com.ar\/web\/wp-content\/uploads\/2022\/08\/refugio_punta_colorada_slide.jpg",698,364,false]},"uagb_author_info":{"display_name":"Arquimaster","author_link":"https:\/\/www.arquimaster.com.ar\/web\/author\/arquimaster\/"},"uagb_comment_info":0,"uagb_excerpt":"El conjunto est\u00e1 modulado de forma racional en funci\u00f3n de p\u00f3rticos estructurales...","_links":{"self":[{"href":"https:\/\/www.arquimaster.com.ar\/web\/wp-json\/wp\/v2\/posts\/71850","targetHints":{"allow":["GET"]}}],"collection":[{"href":"https:\/\/www.arquimaster.com.ar\/web\/wp-json\/wp\/v2\/posts"}],"about":[{"href":"https:\/\/www.arquimaster.com.ar\/web\/wp-json\/wp\/v2\/types\/post"}],"author":[{"embeddable":true,"href":"https:\/\/www.arquimaster.com.ar\/web\/wp-json\/wp\/v2\/users\/1"}],"replies":[{"embeddable":true,"href":"https:\/\/www.arquimaster.com.ar\/web\/wp-json\/wp\/v2\/comments?post=71850"}],"version-history":[{"count":1,"href":"https:\/\/www.arquimaster.com.ar\/web\/wp-json\/wp\/v2\/posts\/71850\/revisions"}],"predecessor-version":[{"id":71878,"href":"https:\/\/www.arquimaster.com.ar\/web\/wp-json\/wp\/v2\/posts\/71850\/revisions\/71878"}],"wp:featuredmedia":[{"embeddable":true,"href":"https:\/\/www.arquimaster.com.ar\/web\/wp-json\/wp\/v2\/media\/71851"}],"wp:attachment":[{"href":"https:\/\/www.arquimaster.com.ar\/web\/wp-json\/wp\/v2\/media?parent=71850"}],"wp:term":[{"taxonomy":"category","embeddable":true,"href":"https:\/\/www.arquimaster.com.ar\/web\/wp-json\/wp\/v2\/categories?post=71850"},{"taxonomy":"post_tag","embeddable":true,"href":"https:\/\/www.arquimaster.com.ar\/web\/wp-json\/wp\/v2\/tags?post=71850"}],"curies":[{"name":"wp","href":"https:\/\/api.w.org\/{rel}","templated":true}]}}