{"id":7187,"date":"2014-05-18T01:32:09","date_gmt":"2014-05-18T01:32:09","guid":{"rendered":"http:\/\/www.arquimaster.com.ar\/web\/?p=7187"},"modified":"2026-03-28T19:15:26","modified_gmt":"2026-03-28T22:15:26","slug":"en-marzo-el-costo-de-construccion-y-equipamiento-de-interiores-de-oficinas-corporativas-verifico-un-aumento-promedio-de-41-respecto-del-mes-anterior","status":"publish","type":"post","link":"https:\/\/www.arquimaster.com.ar\/web\/en-marzo-el-costo-de-construccion-y-equipamiento-de-interiores-de-oficinas-corporativas-verifico-un-aumento-promedio-de-41-respecto-del-mes-anterior\/","title":{"rendered":"En marzo, el costo de construcci\u00f3n y equipamiento de interiores de oficinas corporativas verific\u00f3 un aumento promedio de 4,1% respecto del mes anterior"},"content":{"rendered":"<div style=\"margin-top: 0px; margin-bottom: 0px;\" class=\"sharethis-inline-share-buttons\" ><\/div><div class=\"b812932af2e751442846f039925109de\" data-index=\"1\" style=\"float: none; margin:25px 0 25px 0; text-align:center;\">\n<script async src=\"https:\/\/pagead2.googlesyndication.com\/pagead\/js\/adsbygoogle.js\"><\/script>\r\n<!-- Arquimaster (superior) -->\r\n<ins class=\"adsbygoogle\"\r\n     style=\"display:block\"\r\n     data-ad-client=\"ca-pub-6351072698456832\"\r\n     data-ad-slot=\"6455489680\"\r\n     data-ad-format=\"auto\"\r\n     data-full-width-responsive=\"true\"><\/ins>\r\n<script>\r\n     (adsbygoogle = window.adsbygoogle || []).push({});\r\n<\/script>\n<\/div>\n<p><em><strong>La mayor suba se reflej\u00f3 en la categor\u00eda Est\u00e1ndar Superior, con un aumento del 6,6% respecto del mes de febrero. La categor\u00eda Est\u00e1ndar B\u00e1sico exhibi\u00f3 un alza del 3,8%. La categor\u00eda Alta Gama, registr\u00f3 un aumento del 1,9% siendo la de menor incremento y revirtiendo la tendencia de los \u00faltimos meses donde sol\u00eda ser la categor\u00eda que mostraba mayores niveles de aumentos. El mobiliario, uno de los rubros con mayor incidencia sobre el costo final de cada categor\u00eda, ha registrado importantes subas de precios en los \u00faltimos meses. En el mes de marzo, el incremento promedio de este \u00edtem fue del 6,5%.<\/strong><\/em><\/p>\n<div id='gallery-1' class='gallery galleryid-7187 gallery-columns-3 gallery-size-thumbnail'><figure class='gallery-item'>\n\t\t\t<div class='gallery-icon landscape'>\n\t\t\t\t<a href='https:\/\/www.arquimaster.com.ar\/web\/wp-content\/uploads\/2014\/05\/indice_contract_marzo_2014_1.jpg' title=\"Indice Contract Argentina marzo 2014 en pesos\" data-rl_title=\"Indice Contract Argentina marzo 2014 en pesos\" class=\"rl-gallery-link\" data-rl_caption=\"Indice Contract Argentina marzo 2014 en pesos\" data-rel=\"lightbox-gallery-1\"><img loading=\"lazy\" decoding=\"async\" width=\"150\" height=\"150\" src=\"https:\/\/www.arquimaster.com.ar\/web\/wp-content\/uploads\/2014\/05\/indice_contract_marzo_2014_1-150x150.jpg\" class=\"attachment-thumbnail size-thumbnail\" alt=\"\" aria-describedby=\"gallery-1-7191\" srcset=\"https:\/\/www.arquimaster.com.ar\/web\/wp-content\/uploads\/2014\/05\/indice_contract_marzo_2014_1-150x150.jpg 150w, https:\/\/www.arquimaster.com.ar\/web\/wp-content\/uploads\/2014\/05\/indice_contract_marzo_2014_1-50x50.jpg 50w, https:\/\/www.arquimaster.com.ar\/web\/wp-content\/uploads\/2014\/05\/indice_contract_marzo_2014_1-125x125.jpg 125w\" sizes=\"auto, (max-width: 150px) 100vw, 150px\" \/><\/a>\n\t\t\t<\/div>\n\t\t\t\t<figcaption class='wp-caption-text gallery-caption' id='gallery-1-7191'>\n\t\t\t\tIndice Contract Argentina marzo 2014 en pesos\n\t\t\t\t<\/figcaption><\/figure><figure class='gallery-item'>\n\t\t\t<div class='gallery-icon landscape'>\n\t\t\t\t<a href='https:\/\/www.arquimaster.com.ar\/web\/wp-content\/uploads\/2014\/05\/indice_contract_marzo_2014_2.jpg' title=\"Evoluci\u00f3n del costo en pesos del rubro mobiliario\" data-rl_title=\"Evoluci\u00f3n del costo en pesos del rubro mobiliario\" class=\"rl-gallery-link\" data-rl_caption=\"Evoluci\u00f3n del costo en pesos del rubro mobiliario\" data-rel=\"lightbox-gallery-1\"><img loading=\"lazy\" decoding=\"async\" width=\"150\" height=\"150\" src=\"https:\/\/www.arquimaster.com.ar\/web\/wp-content\/uploads\/2014\/05\/indice_contract_marzo_2014_2-150x150.jpg\" class=\"attachment-thumbnail size-thumbnail\" alt=\"\" aria-describedby=\"gallery-1-7190\" srcset=\"https:\/\/www.arquimaster.com.ar\/web\/wp-content\/uploads\/2014\/05\/indice_contract_marzo_2014_2-150x150.jpg 150w, https:\/\/www.arquimaster.com.ar\/web\/wp-content\/uploads\/2014\/05\/indice_contract_marzo_2014_2-50x50.jpg 50w, https:\/\/www.arquimaster.com.ar\/web\/wp-content\/uploads\/2014\/05\/indice_contract_marzo_2014_2-125x125.jpg 125w\" sizes=\"auto, (max-width: 150px) 100vw, 150px\" \/><\/a>\n\t\t\t<\/div>\n\t\t\t\t<figcaption class='wp-caption-text gallery-caption' id='gallery-1-7190'>\n\t\t\t\tEvoluci\u00f3n del costo en pesos del rubro mobiliario\n\t\t\t\t<\/figcaption><\/figure>\n\t\t<\/div>\n\n<p><strong>Contract<\/strong>, la empresa regional l\u00edder en dise\u00f1o y construcci\u00f3n de espacios de trabajo, dio a conocer los valores del <strong>\u00cdndice Contract<\/strong> correspondientes al mes de <strong>marzo de 2014<\/strong>.<\/p>\n<p>El \u00cdndice Contract mide la evoluci\u00f3n del costo por m2 de la construcci\u00f3n y equipamiento de interiores de oficinas corporativas. Este indicador es calculado en base a tres categor\u00edas de oficinas clasificadas seg\u00fan la calidad en sus terminaciones e instalaciones t\u00e9cnicas en: <strong>Est\u00e1ndar B\u00e1sico, Est\u00e1ndar Superior y Alta Gama<\/strong>.<\/p>\n<p>Esta herramienta ofrece informaci\u00f3n fundamental para las empresas que est\u00e1n evaluando una ampliaci\u00f3n, refuncionalizaci\u00f3n o mudanza de sus oficinas, ya que les permite calcular anticipadamente el monto de la inversi\u00f3n a asumir.<\/p>\n<p><em>\u00abDurante el mes de marzo se evidenci\u00f3 un importante traspaso a los precios finales de los incrementos en la mano de obra, producto de los acuerdos paritarios celebrados en sectores de la construcci\u00f3n. No obstante, la desaceleraci\u00f3n en el nivel de actividad hizo que el incremento no fuese mayor\u00bb<\/em>, comenta <strong>Sergio Romaniuk<\/strong>, Gerente General de Contract Argentina, y contin\u00faa: <em>\u00abLa categor\u00eda Alta Gama, con un gran componente de art\u00edculos importados, registr\u00f3 un aumento m\u00e1s que moderado producto de la estabilidad del tipo de cambio durante el mes de marzo\u00bb<\/em>.<\/p>\n<p><em>\u00abEntender y adaptarse al contexto local implica siempre un desaf\u00edo\u00bb<\/em>, comenta <strong>V\u00edctor Feingold<\/strong>, Director Regional de Contract, y agrega: <em>\u00abEs un reto que nos incentiva a\u00fan m\u00e1s a continuar en nuestra l\u00ednea de trabajo, que es ofrecer una soluci\u00f3n integral desde el momento \u00abcero\u00bb en que una compa\u00f1\u00eda comienza a evaluar una re-adecuaci\u00f3n, desarrollo o mudanza de sus oficinas corporativas. Tenemos la certeza de que esta metodolog\u00eda optimiza la inversi\u00f3n y genera una mayor efectividad en el resultado final\u00bb<\/em>.<\/p>\n<p><strong>Indice Contract marzo 2014<\/strong><br \/>\n<strong><br \/>\nEst\u00e1ndar B\u00e1sico<\/strong>: $ 3709,98<br \/>\n<strong>Est\u00e1ndar Superior<\/strong>: $ 6159,25<br \/>\n<strong>Alta Gama<\/strong>: $ 10032,08<\/p>\n<p>Valores expresados en Pesos<br \/>\nNo incluyen IVA<br \/>\nV\u00e1lidos s\u00f3lo para Argentina<\/p>\n<p>La informaci\u00f3n completa, cuadros comparativos, rubros cotizados por categor\u00eda, definici\u00f3n de los modelos e im\u00e1genes se encuentran disponibles en el sitio web de la empresa.<\/p>\n<p><strong>Acerca de Contract<\/strong><br \/>\nContract es la empresa regional l\u00edder en conceptualizaci\u00f3n, dise\u00f1o y construcci\u00f3n de espacios de trabajo. Sus servicios integrales incluyen la consultor\u00eda inicial, space planning, workplace strategy, dise\u00f1o, proyecto ejecutivo, construcci\u00f3n, log\u00edstica de mudanza, change management y servicio post ocupaci\u00f3n. La compa\u00f1\u00eda desarrolla oficinas de alta performance, adaptadas a las necesidades de cada organizaci\u00f3n y alineadas a las \u00faltimas tendencias mundiales en arquitectura corporativa. La empresa cuenta con m\u00e1s de 200 profesionales, 900 obras entregadas exitosamente y el respaldo de prestigiosas empresas que avalan la calidad y eficiencia del servicio. Contract tiene operaciones en Argentina, Uruguay, Chile, Per\u00fa y M\u00e9xico. Pr\u00f3ximamente incorporar\u00e1 operaciones en Ecuador, Panam\u00e1 y Paraguay.<\/p>\n\n<div style=\"font-size: 0px; height: 0px; line-height: 0px; margin: 0; padding: 0; clear: both;\"><\/div><div style=\"margin-top: 0px; margin-bottom: 0px;\" class=\"sharethis-inline-share-buttons\" ><\/div>","protected":false},"excerpt":{"rendered":"<p>El \u00cdndice Contract mide la evoluci\u00f3n del costo por m2 de interiores de oficinas corporativas&#8230;<\/p>\n","protected":false},"author":1,"featured_media":7188,"comment_status":"closed","ping_status":"closed","sticky":false,"template":"","format":"standard","meta":{"_uag_custom_page_level_css":"","footnotes":""},"categories":[40,64],"tags":[527,529,531,528,504,526,255,532,1863,1291],"class_list":["post-7187","post","type-post","status-publish","format-standard","has-post-thumbnail","hentry","category-construccion","category-empresas-construccion","tag-contract","tag-costo-por-m2","tag-costos","tag-costos-de-la-construccion","tag-ic","tag-indice-contract","tag-oficinas","tag-precios","tag-sergio-romaniuk","tag-victor-feingold","generate-columns","tablet-grid-50","mobile-grid-100","grid-parent","grid-50"],"yoast_head":"<!-- This site is optimized with the Yoast SEO plugin v27.3 - https:\/\/yoast.com\/product\/yoast-seo-wordpress\/ -->\n<title>En marzo, el costo de construcci\u00f3n y equipamiento de interiores de oficinas corporativas verific\u00f3 un aumento promedio de 4,1% respecto del mes anterior - Arquimaster<\/title>\n<meta name=\"robots\" content=\"index, follow, max-snippet:-1, max-image-preview:large, max-video-preview:-1\" \/>\n<link rel=\"canonical\" href=\"https:\/\/www.arquimaster.com.ar\/web\/en-marzo-el-costo-de-construccion-y-equipamiento-de-interiores-de-oficinas-corporativas-verifico-un-aumento-promedio-de-41-respecto-del-mes-anterior\/\" \/>\n<meta property=\"og:locale\" content=\"es_ES\" \/>\n<meta property=\"og:type\" content=\"article\" \/>\n<meta property=\"og:title\" content=\"En marzo, el costo de construcci\u00f3n y equipamiento de interiores de oficinas corporativas verific\u00f3 un aumento promedio de 4,1% respecto del mes anterior - Arquimaster\" \/>\n<meta property=\"og:description\" content=\"El \u00cdndice Contract mide la evoluci\u00f3n del costo por m2 de interiores de oficinas corporativas...\" \/>\n<meta property=\"og:url\" content=\"https:\/\/www.arquimaster.com.ar\/web\/en-marzo-el-costo-de-construccion-y-equipamiento-de-interiores-de-oficinas-corporativas-verifico-un-aumento-promedio-de-41-respecto-del-mes-anterior\/\" \/>\n<meta property=\"og:site_name\" content=\"Arquimaster\" \/>\n<meta property=\"article:publisher\" content=\"http:\/\/www.facebook.com\/ARQUIMASTER.com.ar\" \/>\n<meta property=\"article:published_time\" content=\"2014-05-18T01:32:09+00:00\" \/>\n<meta property=\"article:modified_time\" content=\"2026-03-28T22:15:26+00:00\" \/>\n<meta property=\"og:image\" content=\"https:\/\/www.arquimaster.com.ar\/web\/wp-content\/uploads\/2014\/05\/indice_contract_marzo_2014_slide.jpg\" \/>\n\t<meta property=\"og:image:width\" content=\"642\" \/>\n\t<meta property=\"og:image:height\" content=\"336\" \/>\n\t<meta property=\"og:image:type\" content=\"image\/jpeg\" \/>\n<meta name=\"author\" content=\"Arquimaster\" \/>\n<meta name=\"twitter:card\" content=\"summary_large_image\" \/>\n<meta name=\"twitter:creator\" content=\"@arquimaster\" \/>\n<meta name=\"twitter:site\" content=\"@arquimaster\" \/>\n<meta name=\"twitter:label1\" content=\"Escrito por\" \/>\n\t<meta name=\"twitter:data1\" content=\"Arquimaster\" \/>\n\t<meta name=\"twitter:label2\" content=\"Tiempo de lectura\" \/>\n\t<meta name=\"twitter:data2\" content=\"3 minutos\" \/>\n<script type=\"application\/ld+json\" class=\"yoast-schema-graph\">{\"@context\":\"https:\\\/\\\/schema.org\",\"@graph\":[{\"@type\":\"Article\",\"@id\":\"https:\\\/\\\/www.arquimaster.com.ar\\\/web\\\/en-marzo-el-costo-de-construccion-y-equipamiento-de-interiores-de-oficinas-corporativas-verifico-un-aumento-promedio-de-41-respecto-del-mes-anterior\\\/#article\",\"isPartOf\":{\"@id\":\"https:\\\/\\\/www.arquimaster.com.ar\\\/web\\\/en-marzo-el-costo-de-construccion-y-equipamiento-de-interiores-de-oficinas-corporativas-verifico-un-aumento-promedio-de-41-respecto-del-mes-anterior\\\/\"},\"author\":{\"name\":\"Arquimaster\",\"@id\":\"https:\\\/\\\/www.arquimaster.com.ar\\\/web\\\/#\\\/schema\\\/person\\\/359e9f7c00193fcde068e0dd2ceb0028\"},\"headline\":\"En marzo, el costo de construcci\u00f3n y equipamiento de interiores de oficinas corporativas verific\u00f3 un aumento promedio de 4,1% respecto del mes anterior\",\"datePublished\":\"2014-05-18T01:32:09+00:00\",\"dateModified\":\"2026-03-28T22:15:26+00:00\",\"mainEntityOfPage\":{\"@id\":\"https:\\\/\\\/www.arquimaster.com.ar\\\/web\\\/en-marzo-el-costo-de-construccion-y-equipamiento-de-interiores-de-oficinas-corporativas-verifico-un-aumento-promedio-de-41-respecto-del-mes-anterior\\\/\"},\"wordCount\":618,\"publisher\":{\"@id\":\"https:\\\/\\\/www.arquimaster.com.ar\\\/web\\\/#organization\"},\"image\":{\"@id\":\"https:\\\/\\\/www.arquimaster.com.ar\\\/web\\\/en-marzo-el-costo-de-construccion-y-equipamiento-de-interiores-de-oficinas-corporativas-verifico-un-aumento-promedio-de-41-respecto-del-mes-anterior\\\/#primaryimage\"},\"thumbnailUrl\":\"https:\\\/\\\/www.arquimaster.com.ar\\\/web\\\/wp-content\\\/uploads\\\/2014\\\/05\\\/indice_contract_marzo_2014_slide.jpg\",\"keywords\":[\"Contract\",\"costo por m2\",\"costos\",\"costos de la construccion\",\"IC\",\"Indice Contract\",\"oficinas\",\"precios\",\"Sergio Romaniuk\",\"Victor Feingold\"],\"articleSection\":[\"Construccion\",\"Empresas de la construccion\"],\"inLanguage\":\"es\"},{\"@type\":\"WebPage\",\"@id\":\"https:\\\/\\\/www.arquimaster.com.ar\\\/web\\\/en-marzo-el-costo-de-construccion-y-equipamiento-de-interiores-de-oficinas-corporativas-verifico-un-aumento-promedio-de-41-respecto-del-mes-anterior\\\/\",\"url\":\"https:\\\/\\\/www.arquimaster.com.ar\\\/web\\\/en-marzo-el-costo-de-construccion-y-equipamiento-de-interiores-de-oficinas-corporativas-verifico-un-aumento-promedio-de-41-respecto-del-mes-anterior\\\/\",\"name\":\"En marzo, el costo de construcci\u00f3n y equipamiento de interiores de oficinas corporativas verific\u00f3 un aumento promedio de 4,1% respecto del mes anterior - Arquimaster\",\"isPartOf\":{\"@id\":\"https:\\\/\\\/www.arquimaster.com.ar\\\/web\\\/#website\"},\"primaryImageOfPage\":{\"@id\":\"https:\\\/\\\/www.arquimaster.com.ar\\\/web\\\/en-marzo-el-costo-de-construccion-y-equipamiento-de-interiores-de-oficinas-corporativas-verifico-un-aumento-promedio-de-41-respecto-del-mes-anterior\\\/#primaryimage\"},\"image\":{\"@id\":\"https:\\\/\\\/www.arquimaster.com.ar\\\/web\\\/en-marzo-el-costo-de-construccion-y-equipamiento-de-interiores-de-oficinas-corporativas-verifico-un-aumento-promedio-de-41-respecto-del-mes-anterior\\\/#primaryimage\"},\"thumbnailUrl\":\"https:\\\/\\\/www.arquimaster.com.ar\\\/web\\\/wp-content\\\/uploads\\\/2014\\\/05\\\/indice_contract_marzo_2014_slide.jpg\",\"datePublished\":\"2014-05-18T01:32:09+00:00\",\"dateModified\":\"2026-03-28T22:15:26+00:00\",\"breadcrumb\":{\"@id\":\"https:\\\/\\\/www.arquimaster.com.ar\\\/web\\\/en-marzo-el-costo-de-construccion-y-equipamiento-de-interiores-de-oficinas-corporativas-verifico-un-aumento-promedio-de-41-respecto-del-mes-anterior\\\/#breadcrumb\"},\"inLanguage\":\"es\",\"potentialAction\":[{\"@type\":\"ReadAction\",\"target\":[\"https:\\\/\\\/www.arquimaster.com.ar\\\/web\\\/en-marzo-el-costo-de-construccion-y-equipamiento-de-interiores-de-oficinas-corporativas-verifico-un-aumento-promedio-de-41-respecto-del-mes-anterior\\\/\"]}]},{\"@type\":\"ImageObject\",\"inLanguage\":\"es\",\"@id\":\"https:\\\/\\\/www.arquimaster.com.ar\\\/web\\\/en-marzo-el-costo-de-construccion-y-equipamiento-de-interiores-de-oficinas-corporativas-verifico-un-aumento-promedio-de-41-respecto-del-mes-anterior\\\/#primaryimage\",\"url\":\"https:\\\/\\\/www.arquimaster.com.ar\\\/web\\\/wp-content\\\/uploads\\\/2014\\\/05\\\/indice_contract_marzo_2014_slide.jpg\",\"contentUrl\":\"https:\\\/\\\/www.arquimaster.com.ar\\\/web\\\/wp-content\\\/uploads\\\/2014\\\/05\\\/indice_contract_marzo_2014_slide.jpg\",\"width\":642,\"height\":336},{\"@type\":\"BreadcrumbList\",\"@id\":\"https:\\\/\\\/www.arquimaster.com.ar\\\/web\\\/en-marzo-el-costo-de-construccion-y-equipamiento-de-interiores-de-oficinas-corporativas-verifico-un-aumento-promedio-de-41-respecto-del-mes-anterior\\\/#breadcrumb\",\"itemListElement\":[{\"@type\":\"ListItem\",\"position\":1,\"name\":\"Portada\",\"item\":\"https:\\\/\\\/www.arquimaster.com.ar\\\/web\\\/\"},{\"@type\":\"ListItem\",\"position\":2,\"name\":\"En marzo, el costo de construcci\u00f3n y equipamiento de interiores de oficinas corporativas verific\u00f3 un aumento promedio de 4,1% respecto del mes anterior\"}]},{\"@type\":\"WebSite\",\"@id\":\"https:\\\/\\\/www.arquimaster.com.ar\\\/web\\\/#website\",\"url\":\"https:\\\/\\\/www.arquimaster.com.ar\\\/web\\\/\",\"name\":\"Arquimaster\",\"description\":\"Web de arquitectura, dise\u00f1o y construccion\",\"publisher\":{\"@id\":\"https:\\\/\\\/www.arquimaster.com.ar\\\/web\\\/#organization\"},\"potentialAction\":[{\"@type\":\"SearchAction\",\"target\":{\"@type\":\"EntryPoint\",\"urlTemplate\":\"https:\\\/\\\/www.arquimaster.com.ar\\\/web\\\/?s={search_term_string}\"},\"query-input\":{\"@type\":\"PropertyValueSpecification\",\"valueRequired\":true,\"valueName\":\"search_term_string\"}}],\"inLanguage\":\"es\"},{\"@type\":\"Organization\",\"@id\":\"https:\\\/\\\/www.arquimaster.com.ar\\\/web\\\/#organization\",\"name\":\"Arquimaster\",\"url\":\"https:\\\/\\\/www.arquimaster.com.ar\\\/web\\\/\",\"logo\":{\"@type\":\"ImageObject\",\"inLanguage\":\"es\",\"@id\":\"https:\\\/\\\/www.arquimaster.com.ar\\\/web\\\/#\\\/schema\\\/logo\\\/image\\\/\",\"url\":\"https:\\\/\\\/www.arquimaster.com.ar\\\/web\\\/wp-content\\\/uploads\\\/2022\\\/06\\\/arquimaster.png\",\"contentUrl\":\"https:\\\/\\\/www.arquimaster.com.ar\\\/web\\\/wp-content\\\/uploads\\\/2022\\\/06\\\/arquimaster.png\",\"width\":594,\"height\":78,\"caption\":\"Arquimaster\"},\"image\":{\"@id\":\"https:\\\/\\\/www.arquimaster.com.ar\\\/web\\\/#\\\/schema\\\/logo\\\/image\\\/\"},\"sameAs\":[\"http:\\\/\\\/www.facebook.com\\\/ARQUIMASTER.com.ar\",\"https:\\\/\\\/x.com\\\/arquimaster\",\"https:\\\/\\\/www.instagram.com\\\/arquimasterblog\\\/\",\"https:\\\/\\\/www.linkedin.com\\\/company\\\/arquimaster\",\"https:\\\/\\\/www.pinterest.com\\\/arquimaster\",\"https:\\\/\\\/t.me\\\/arquimaster\"]},{\"@type\":\"Person\",\"@id\":\"https:\\\/\\\/www.arquimaster.com.ar\\\/web\\\/#\\\/schema\\\/person\\\/359e9f7c00193fcde068e0dd2ceb0028\",\"name\":\"Arquimaster\"}]}<\/script>\n<!-- \/ Yoast SEO plugin. -->","yoast_head_json":{"title":"En marzo, el costo de construcci\u00f3n y equipamiento de interiores de oficinas corporativas verific\u00f3 un aumento promedio de 4,1% respecto del mes anterior - Arquimaster","robots":{"index":"index","follow":"follow","max-snippet":"max-snippet:-1","max-image-preview":"max-image-preview:large","max-video-preview":"max-video-preview:-1"},"canonical":"https:\/\/www.arquimaster.com.ar\/web\/en-marzo-el-costo-de-construccion-y-equipamiento-de-interiores-de-oficinas-corporativas-verifico-un-aumento-promedio-de-41-respecto-del-mes-anterior\/","og_locale":"es_ES","og_type":"article","og_title":"En marzo, el costo de construcci\u00f3n y equipamiento de interiores de oficinas corporativas verific\u00f3 un aumento promedio de 4,1% respecto del mes anterior - Arquimaster","og_description":"El \u00cdndice Contract mide la evoluci\u00f3n del costo por m2 de interiores de oficinas corporativas...","og_url":"https:\/\/www.arquimaster.com.ar\/web\/en-marzo-el-costo-de-construccion-y-equipamiento-de-interiores-de-oficinas-corporativas-verifico-un-aumento-promedio-de-41-respecto-del-mes-anterior\/","og_site_name":"Arquimaster","article_publisher":"http:\/\/www.facebook.com\/ARQUIMASTER.com.ar","article_published_time":"2014-05-18T01:32:09+00:00","article_modified_time":"2026-03-28T22:15:26+00:00","og_image":[{"width":642,"height":336,"url":"https:\/\/www.arquimaster.com.ar\/web\/wp-content\/uploads\/2014\/05\/indice_contract_marzo_2014_slide.jpg","type":"image\/jpeg"}],"author":"Arquimaster","twitter_card":"summary_large_image","twitter_creator":"@arquimaster","twitter_site":"@arquimaster","twitter_misc":{"Escrito por":"Arquimaster","Tiempo de lectura":"3 minutos"},"schema":{"@context":"https:\/\/schema.org","@graph":[{"@type":"Article","@id":"https:\/\/www.arquimaster.com.ar\/web\/en-marzo-el-costo-de-construccion-y-equipamiento-de-interiores-de-oficinas-corporativas-verifico-un-aumento-promedio-de-41-respecto-del-mes-anterior\/#article","isPartOf":{"@id":"https:\/\/www.arquimaster.com.ar\/web\/en-marzo-el-costo-de-construccion-y-equipamiento-de-interiores-de-oficinas-corporativas-verifico-un-aumento-promedio-de-41-respecto-del-mes-anterior\/"},"author":{"name":"Arquimaster","@id":"https:\/\/www.arquimaster.com.ar\/web\/#\/schema\/person\/359e9f7c00193fcde068e0dd2ceb0028"},"headline":"En marzo, el costo de construcci\u00f3n y equipamiento de interiores de oficinas corporativas verific\u00f3 un aumento promedio de 4,1% respecto del mes anterior","datePublished":"2014-05-18T01:32:09+00:00","dateModified":"2026-03-28T22:15:26+00:00","mainEntityOfPage":{"@id":"https:\/\/www.arquimaster.com.ar\/web\/en-marzo-el-costo-de-construccion-y-equipamiento-de-interiores-de-oficinas-corporativas-verifico-un-aumento-promedio-de-41-respecto-del-mes-anterior\/"},"wordCount":618,"publisher":{"@id":"https:\/\/www.arquimaster.com.ar\/web\/#organization"},"image":{"@id":"https:\/\/www.arquimaster.com.ar\/web\/en-marzo-el-costo-de-construccion-y-equipamiento-de-interiores-de-oficinas-corporativas-verifico-un-aumento-promedio-de-41-respecto-del-mes-anterior\/#primaryimage"},"thumbnailUrl":"https:\/\/www.arquimaster.com.ar\/web\/wp-content\/uploads\/2014\/05\/indice_contract_marzo_2014_slide.jpg","keywords":["Contract","costo por m2","costos","costos de la construccion","IC","Indice Contract","oficinas","precios","Sergio Romaniuk","Victor Feingold"],"articleSection":["Construccion","Empresas de la construccion"],"inLanguage":"es"},{"@type":"WebPage","@id":"https:\/\/www.arquimaster.com.ar\/web\/en-marzo-el-costo-de-construccion-y-equipamiento-de-interiores-de-oficinas-corporativas-verifico-un-aumento-promedio-de-41-respecto-del-mes-anterior\/","url":"https:\/\/www.arquimaster.com.ar\/web\/en-marzo-el-costo-de-construccion-y-equipamiento-de-interiores-de-oficinas-corporativas-verifico-un-aumento-promedio-de-41-respecto-del-mes-anterior\/","name":"En marzo, el costo de construcci\u00f3n y equipamiento de interiores de oficinas corporativas verific\u00f3 un aumento promedio de 4,1% respecto del mes anterior - Arquimaster","isPartOf":{"@id":"https:\/\/www.arquimaster.com.ar\/web\/#website"},"primaryImageOfPage":{"@id":"https:\/\/www.arquimaster.com.ar\/web\/en-marzo-el-costo-de-construccion-y-equipamiento-de-interiores-de-oficinas-corporativas-verifico-un-aumento-promedio-de-41-respecto-del-mes-anterior\/#primaryimage"},"image":{"@id":"https:\/\/www.arquimaster.com.ar\/web\/en-marzo-el-costo-de-construccion-y-equipamiento-de-interiores-de-oficinas-corporativas-verifico-un-aumento-promedio-de-41-respecto-del-mes-anterior\/#primaryimage"},"thumbnailUrl":"https:\/\/www.arquimaster.com.ar\/web\/wp-content\/uploads\/2014\/05\/indice_contract_marzo_2014_slide.jpg","datePublished":"2014-05-18T01:32:09+00:00","dateModified":"2026-03-28T22:15:26+00:00","breadcrumb":{"@id":"https:\/\/www.arquimaster.com.ar\/web\/en-marzo-el-costo-de-construccion-y-equipamiento-de-interiores-de-oficinas-corporativas-verifico-un-aumento-promedio-de-41-respecto-del-mes-anterior\/#breadcrumb"},"inLanguage":"es","potentialAction":[{"@type":"ReadAction","target":["https:\/\/www.arquimaster.com.ar\/web\/en-marzo-el-costo-de-construccion-y-equipamiento-de-interiores-de-oficinas-corporativas-verifico-un-aumento-promedio-de-41-respecto-del-mes-anterior\/"]}]},{"@type":"ImageObject","inLanguage":"es","@id":"https:\/\/www.arquimaster.com.ar\/web\/en-marzo-el-costo-de-construccion-y-equipamiento-de-interiores-de-oficinas-corporativas-verifico-un-aumento-promedio-de-41-respecto-del-mes-anterior\/#primaryimage","url":"https:\/\/www.arquimaster.com.ar\/web\/wp-content\/uploads\/2014\/05\/indice_contract_marzo_2014_slide.jpg","contentUrl":"https:\/\/www.arquimaster.com.ar\/web\/wp-content\/uploads\/2014\/05\/indice_contract_marzo_2014_slide.jpg","width":642,"height":336},{"@type":"BreadcrumbList","@id":"https:\/\/www.arquimaster.com.ar\/web\/en-marzo-el-costo-de-construccion-y-equipamiento-de-interiores-de-oficinas-corporativas-verifico-un-aumento-promedio-de-41-respecto-del-mes-anterior\/#breadcrumb","itemListElement":[{"@type":"ListItem","position":1,"name":"Portada","item":"https:\/\/www.arquimaster.com.ar\/web\/"},{"@type":"ListItem","position":2,"name":"En marzo, el costo de construcci\u00f3n y equipamiento de interiores de oficinas corporativas verific\u00f3 un aumento promedio de 4,1% respecto del mes anterior"}]},{"@type":"WebSite","@id":"https:\/\/www.arquimaster.com.ar\/web\/#website","url":"https:\/\/www.arquimaster.com.ar\/web\/","name":"Arquimaster","description":"Web de arquitectura, dise\u00f1o y construccion","publisher":{"@id":"https:\/\/www.arquimaster.com.ar\/web\/#organization"},"potentialAction":[{"@type":"SearchAction","target":{"@type":"EntryPoint","urlTemplate":"https:\/\/www.arquimaster.com.ar\/web\/?s={search_term_string}"},"query-input":{"@type":"PropertyValueSpecification","valueRequired":true,"valueName":"search_term_string"}}],"inLanguage":"es"},{"@type":"Organization","@id":"https:\/\/www.arquimaster.com.ar\/web\/#organization","name":"Arquimaster","url":"https:\/\/www.arquimaster.com.ar\/web\/","logo":{"@type":"ImageObject","inLanguage":"es","@id":"https:\/\/www.arquimaster.com.ar\/web\/#\/schema\/logo\/image\/","url":"https:\/\/www.arquimaster.com.ar\/web\/wp-content\/uploads\/2022\/06\/arquimaster.png","contentUrl":"https:\/\/www.arquimaster.com.ar\/web\/wp-content\/uploads\/2022\/06\/arquimaster.png","width":594,"height":78,"caption":"Arquimaster"},"image":{"@id":"https:\/\/www.arquimaster.com.ar\/web\/#\/schema\/logo\/image\/"},"sameAs":["http:\/\/www.facebook.com\/ARQUIMASTER.com.ar","https:\/\/x.com\/arquimaster","https:\/\/www.instagram.com\/arquimasterblog\/","https:\/\/www.linkedin.com\/company\/arquimaster","https:\/\/www.pinterest.com\/arquimaster","https:\/\/t.me\/arquimaster"]},{"@type":"Person","@id":"https:\/\/www.arquimaster.com.ar\/web\/#\/schema\/person\/359e9f7c00193fcde068e0dd2ceb0028","name":"Arquimaster"}]}},"uagb_featured_image_src":{"full":["https:\/\/www.arquimaster.com.ar\/web\/wp-content\/uploads\/2014\/05\/indice_contract_marzo_2014_slide.jpg",642,336,false],"thumbnail":["https:\/\/www.arquimaster.com.ar\/web\/wp-content\/uploads\/2014\/05\/indice_contract_marzo_2014_slide-150x150.jpg",150,150,true],"medium":["https:\/\/www.arquimaster.com.ar\/web\/wp-content\/uploads\/2014\/05\/indice_contract_marzo_2014_slide-300x157.jpg",300,157,true],"medium_large":["https:\/\/www.arquimaster.com.ar\/web\/wp-content\/uploads\/2014\/05\/indice_contract_marzo_2014_slide.jpg",642,336,false],"large":["https:\/\/www.arquimaster.com.ar\/web\/wp-content\/uploads\/2014\/05\/indice_contract_marzo_2014_slide.jpg",642,336,false],"1536x1536":["https:\/\/www.arquimaster.com.ar\/web\/wp-content\/uploads\/2014\/05\/indice_contract_marzo_2014_slide.jpg",642,336,false],"2048x2048":["https:\/\/www.arquimaster.com.ar\/web\/wp-content\/uploads\/2014\/05\/indice_contract_marzo_2014_slide.jpg",642,336,false]},"uagb_author_info":{"display_name":"Arquimaster","author_link":"https:\/\/www.arquimaster.com.ar\/web\/author\/arquimaster\/"},"uagb_comment_info":0,"uagb_excerpt":"El \u00cdndice Contract mide la evoluci\u00f3n del costo por m2 de interiores de oficinas corporativas...","_links":{"self":[{"href":"https:\/\/www.arquimaster.com.ar\/web\/wp-json\/wp\/v2\/posts\/7187","targetHints":{"allow":["GET"]}}],"collection":[{"href":"https:\/\/www.arquimaster.com.ar\/web\/wp-json\/wp\/v2\/posts"}],"about":[{"href":"https:\/\/www.arquimaster.com.ar\/web\/wp-json\/wp\/v2\/types\/post"}],"author":[{"embeddable":true,"href":"https:\/\/www.arquimaster.com.ar\/web\/wp-json\/wp\/v2\/users\/1"}],"replies":[{"embeddable":true,"href":"https:\/\/www.arquimaster.com.ar\/web\/wp-json\/wp\/v2\/comments?post=7187"}],"version-history":[{"count":2,"href":"https:\/\/www.arquimaster.com.ar\/web\/wp-json\/wp\/v2\/posts\/7187\/revisions"}],"predecessor-version":[{"id":87987,"href":"https:\/\/www.arquimaster.com.ar\/web\/wp-json\/wp\/v2\/posts\/7187\/revisions\/87987"}],"wp:featuredmedia":[{"embeddable":true,"href":"https:\/\/www.arquimaster.com.ar\/web\/wp-json\/wp\/v2\/media\/7188"}],"wp:attachment":[{"href":"https:\/\/www.arquimaster.com.ar\/web\/wp-json\/wp\/v2\/media?parent=7187"}],"wp:term":[{"taxonomy":"category","embeddable":true,"href":"https:\/\/www.arquimaster.com.ar\/web\/wp-json\/wp\/v2\/categories?post=7187"},{"taxonomy":"post_tag","embeddable":true,"href":"https:\/\/www.arquimaster.com.ar\/web\/wp-json\/wp\/v2\/tags?post=7187"}],"curies":[{"name":"wp","href":"https:\/\/api.w.org\/{rel}","templated":true}]}}