{"id":72765,"date":"2022-09-22T18:50:53","date_gmt":"2022-09-22T21:50:53","guid":{"rendered":"https:\/\/www.arquimaster.com.ar\/web\/?p=72765"},"modified":"2023-02-17T15:15:39","modified_gmt":"2023-02-17T18:15:39","slug":"edificio-de-viviendas-gamarra-1245-lst-arquitectura","status":"publish","type":"post","link":"https:\/\/www.arquimaster.com.ar\/web\/edificio-de-viviendas-gamarra-1245-lst-arquitectura\/","title":{"rendered":"Edificio de viviendas Gamarra 1245 \/ LST Arquitectura"},"content":{"rendered":"<div style=\"margin-top: 0px; margin-bottom: 0px;\" class=\"sharethis-inline-share-buttons\" ><\/div><div class=\"b812932af2e751442846f039925109de\" data-index=\"1\" style=\"float: none; margin:25px 0 25px 0; text-align:center;\">\n<script async src=\"https:\/\/pagead2.googlesyndication.com\/pagead\/js\/adsbygoogle.js\"><\/script>\r\n<!-- Arquimaster (superior) -->\r\n<ins class=\"adsbygoogle\"\r\n     style=\"display:block\"\r\n     data-ad-client=\"ca-pub-6351072698456832\"\r\n     data-ad-slot=\"6455489680\"\r\n     data-ad-format=\"auto\"\r\n     data-full-width-responsive=\"true\"><\/ins>\r\n<script>\r\n     (adsbygoogle = window.adsbygoogle || []).push({});\r\n<\/script>\n<\/div>\n<p><strong>Edificio de viviendas Gamarra 1245<\/strong> (Parque Chas, Ciudad de Buenos Aires, Argentina) por <strong>LST Arquitectura<\/strong>. Gamarra 1245 surge como respuesta arquitectonica a dos diferentes b\u00fasquedas por parte del equipo proyectual: por un lado, la integraci\u00f3n de un volumen edilicio de escala mediana en un entorno inmediato de por si heterog\u00e9neo, en cuanto a su densidad; y por otro lado la voluntad de producir en el mismo volumen una lectura arquitect\u00f3nica contempor\u00e1nea pero fundamentalmente de calidad espacial.<\/p>\n<div id='gallery-1' class='gallery galleryid-72765 gallery-columns-3 gallery-size-thumbnail'><figure class='gallery-item'>\n\t\t\t<div class='gallery-icon portrait'>\n\t\t\t\t<a href='https:\/\/www.arquimaster.com.ar\/web\/wp-content\/uploads\/2022\/09\/edificio_mood_gamarra_001.jpg' title=\"Edificio de viviendas Gamarra 1245 \/ LST Arquitectura (\u00a9 Ramiro Sosa)\" data-rl_title=\"Edificio de viviendas Gamarra 1245 \/ LST Arquitectura (\u00a9 Ramiro Sosa)\" class=\"rl-gallery-link\" data-rl_caption=\"Edificio de viviendas Gamarra 1245 \/ LST Arquitectura (\u00a9 Ramiro Sosa)\" data-rel=\"lightbox-gallery-1\"><img loading=\"lazy\" decoding=\"async\" width=\"150\" height=\"150\" src=\"https:\/\/www.arquimaster.com.ar\/web\/wp-content\/uploads\/2022\/09\/edificio_mood_gamarra_001-150x150.jpg\" class=\"attachment-thumbnail size-thumbnail\" alt=\"Edificio de viviendas Gamarra 1245 \/ LST Arquitectura\" aria-describedby=\"gallery-1-72767\" \/><\/a>\n\t\t\t<\/div>\n\t\t\t\t<figcaption class='wp-caption-text gallery-caption' id='gallery-1-72767'>\n\t\t\t\tEdificio de viviendas Gamarra 1245 \/ LST Arquitectura (\u00a9 Ramiro Sosa)\n\t\t\t\t<\/figcaption><\/figure><figure class='gallery-item'>\n\t\t\t<div class='gallery-icon portrait'>\n\t\t\t\t<a href='https:\/\/www.arquimaster.com.ar\/web\/wp-content\/uploads\/2022\/09\/edificio_mood_gamarra_002.jpg' title=\"Edificio de viviendas Gamarra 1245 \/ LST Arquitectura (\u00a9 Ramiro Sosa)\" data-rl_title=\"Edificio de viviendas Gamarra 1245 \/ LST Arquitectura (\u00a9 Ramiro Sosa)\" class=\"rl-gallery-link\" data-rl_caption=\"Edificio de viviendas Gamarra 1245 \/ LST Arquitectura (\u00a9 Ramiro Sosa)\" data-rel=\"lightbox-gallery-1\"><img loading=\"lazy\" decoding=\"async\" width=\"150\" height=\"150\" src=\"https:\/\/www.arquimaster.com.ar\/web\/wp-content\/uploads\/2022\/09\/edificio_mood_gamarra_002-150x150.jpg\" class=\"attachment-thumbnail size-thumbnail\" alt=\"Edificio de viviendas Gamarra 1245 \/ LST Arquitectura\" aria-describedby=\"gallery-1-72768\" \/><\/a>\n\t\t\t<\/div>\n\t\t\t\t<figcaption class='wp-caption-text gallery-caption' id='gallery-1-72768'>\n\t\t\t\tEdificio de viviendas Gamarra 1245 \/ LST Arquitectura (\u00a9 Ramiro Sosa)\n\t\t\t\t<\/figcaption><\/figure><figure class='gallery-item'>\n\t\t\t<div class='gallery-icon portrait'>\n\t\t\t\t<a href='https:\/\/www.arquimaster.com.ar\/web\/wp-content\/uploads\/2022\/09\/edificio_mood_gamarra_003.jpg' title=\"Edificio de viviendas Gamarra 1245 \/ LST Arquitectura (\u00a9 Ramiro Sosa)\" data-rl_title=\"Edificio de viviendas Gamarra 1245 \/ LST Arquitectura (\u00a9 Ramiro Sosa)\" class=\"rl-gallery-link\" data-rl_caption=\"Edificio de viviendas Gamarra 1245 \/ LST Arquitectura (\u00a9 Ramiro Sosa)\" data-rel=\"lightbox-gallery-1\"><img loading=\"lazy\" decoding=\"async\" width=\"150\" height=\"150\" src=\"https:\/\/www.arquimaster.com.ar\/web\/wp-content\/uploads\/2022\/09\/edificio_mood_gamarra_003-150x150.jpg\" class=\"attachment-thumbnail size-thumbnail\" alt=\"Edificio de viviendas Gamarra 1245 \/ LST Arquitectura\" aria-describedby=\"gallery-1-72769\" \/><\/a>\n\t\t\t<\/div>\n\t\t\t\t<figcaption class='wp-caption-text gallery-caption' id='gallery-1-72769'>\n\t\t\t\tEdificio de viviendas Gamarra 1245 \/ LST Arquitectura (\u00a9 Ramiro Sosa)\n\t\t\t\t<\/figcaption><\/figure><figure class='gallery-item'>\n\t\t\t<div class='gallery-icon portrait'>\n\t\t\t\t<a href='https:\/\/www.arquimaster.com.ar\/web\/wp-content\/uploads\/2022\/09\/edificio_mood_gamarra_004.jpg' title=\"Edificio de viviendas Gamarra 1245 \/ LST Arquitectura (\u00a9 Ramiro Sosa)\" data-rl_title=\"Edificio de viviendas Gamarra 1245 \/ LST Arquitectura (\u00a9 Ramiro Sosa)\" class=\"rl-gallery-link\" data-rl_caption=\"Edificio de viviendas Gamarra 1245 \/ LST Arquitectura (\u00a9 Ramiro Sosa)\" data-rel=\"lightbox-gallery-1\"><img loading=\"lazy\" decoding=\"async\" width=\"150\" height=\"150\" src=\"https:\/\/www.arquimaster.com.ar\/web\/wp-content\/uploads\/2022\/09\/edificio_mood_gamarra_004-150x150.jpg\" class=\"attachment-thumbnail size-thumbnail\" alt=\"Edificio de viviendas Gamarra 1245 \/ LST Arquitectura\" aria-describedby=\"gallery-1-72770\" \/><\/a>\n\t\t\t<\/div>\n\t\t\t\t<figcaption class='wp-caption-text gallery-caption' id='gallery-1-72770'>\n\t\t\t\tEdificio de viviendas Gamarra 1245 \/ LST Arquitectura (\u00a9 Ramiro Sosa)\n\t\t\t\t<\/figcaption><\/figure><figure class='gallery-item'>\n\t\t\t<div class='gallery-icon portrait'>\n\t\t\t\t<a href='https:\/\/www.arquimaster.com.ar\/web\/wp-content\/uploads\/2022\/09\/edificio_mood_gamarra_005.jpg' title=\"Edificio de viviendas Gamarra 1245 \/ LST Arquitectura (\u00a9 Ramiro Sosa)\" data-rl_title=\"Edificio de viviendas Gamarra 1245 \/ LST Arquitectura (\u00a9 Ramiro Sosa)\" class=\"rl-gallery-link\" data-rl_caption=\"Edificio de viviendas Gamarra 1245 \/ LST Arquitectura (\u00a9 Ramiro Sosa)\" data-rel=\"lightbox-gallery-1\"><img loading=\"lazy\" decoding=\"async\" width=\"150\" height=\"150\" src=\"https:\/\/www.arquimaster.com.ar\/web\/wp-content\/uploads\/2022\/09\/edificio_mood_gamarra_005-150x150.jpg\" class=\"attachment-thumbnail size-thumbnail\" alt=\"Edificio de viviendas Gamarra 1245 \/ LST Arquitectura\" aria-describedby=\"gallery-1-72771\" \/><\/a>\n\t\t\t<\/div>\n\t\t\t\t<figcaption class='wp-caption-text gallery-caption' id='gallery-1-72771'>\n\t\t\t\tEdificio de viviendas Gamarra 1245 \/ LST Arquitectura (\u00a9 Ramiro Sosa)\n\t\t\t\t<\/figcaption><\/figure><figure class='gallery-item'>\n\t\t\t<div class='gallery-icon portrait'>\n\t\t\t\t<a href='https:\/\/www.arquimaster.com.ar\/web\/wp-content\/uploads\/2022\/09\/edificio_mood_gamarra_006.jpg' title=\"Edificio de viviendas Gamarra 1245 \/ LST Arquitectura (\u00a9 Ramiro Sosa)\" data-rl_title=\"Edificio de viviendas Gamarra 1245 \/ LST Arquitectura (\u00a9 Ramiro Sosa)\" class=\"rl-gallery-link\" data-rl_caption=\"Edificio de viviendas Gamarra 1245 \/ LST Arquitectura (\u00a9 Ramiro Sosa)\" data-rel=\"lightbox-gallery-1\"><img loading=\"lazy\" decoding=\"async\" width=\"150\" height=\"150\" src=\"https:\/\/www.arquimaster.com.ar\/web\/wp-content\/uploads\/2022\/09\/edificio_mood_gamarra_006-150x150.jpg\" class=\"attachment-thumbnail size-thumbnail\" alt=\"Edificio de viviendas Gamarra 1245 \/ LST Arquitectura\" aria-describedby=\"gallery-1-72772\" \/><\/a>\n\t\t\t<\/div>\n\t\t\t\t<figcaption class='wp-caption-text gallery-caption' id='gallery-1-72772'>\n\t\t\t\tEdificio de viviendas Gamarra 1245 \/ LST Arquitectura (\u00a9 Ramiro Sosa)\n\t\t\t\t<\/figcaption><\/figure><figure class='gallery-item'>\n\t\t\t<div class='gallery-icon portrait'>\n\t\t\t\t<a href='https:\/\/www.arquimaster.com.ar\/web\/wp-content\/uploads\/2022\/09\/edificio_mood_gamarra_007.jpg' title=\"Edificio de viviendas Gamarra 1245 \/ LST Arquitectura (\u00a9 Ramiro Sosa)\" data-rl_title=\"Edificio de viviendas Gamarra 1245 \/ LST Arquitectura (\u00a9 Ramiro Sosa)\" class=\"rl-gallery-link\" data-rl_caption=\"Edificio de viviendas Gamarra 1245 \/ LST Arquitectura (\u00a9 Ramiro Sosa)\" data-rel=\"lightbox-gallery-1\"><img loading=\"lazy\" decoding=\"async\" width=\"150\" height=\"150\" src=\"https:\/\/www.arquimaster.com.ar\/web\/wp-content\/uploads\/2022\/09\/edificio_mood_gamarra_007-150x150.jpg\" class=\"attachment-thumbnail size-thumbnail\" alt=\"Edificio de viviendas Gamarra 1245 \/ LST Arquitectura\" aria-describedby=\"gallery-1-72773\" \/><\/a>\n\t\t\t<\/div>\n\t\t\t\t<figcaption class='wp-caption-text gallery-caption' id='gallery-1-72773'>\n\t\t\t\tEdificio de viviendas Gamarra 1245 \/ LST Arquitectura (\u00a9 Ramiro Sosa)\n\t\t\t\t<\/figcaption><\/figure><figure class='gallery-item'>\n\t\t\t<div class='gallery-icon portrait'>\n\t\t\t\t<a href='https:\/\/www.arquimaster.com.ar\/web\/wp-content\/uploads\/2022\/09\/edificio_mood_gamarra_008.jpg' title=\"Edificio de viviendas Gamarra 1245 \/ LST Arquitectura (\u00a9 Ramiro Sosa)\" data-rl_title=\"Edificio de viviendas Gamarra 1245 \/ LST Arquitectura (\u00a9 Ramiro Sosa)\" class=\"rl-gallery-link\" data-rl_caption=\"Edificio de viviendas Gamarra 1245 \/ LST Arquitectura (\u00a9 Ramiro Sosa)\" data-rel=\"lightbox-gallery-1\"><img loading=\"lazy\" decoding=\"async\" width=\"150\" height=\"150\" src=\"https:\/\/www.arquimaster.com.ar\/web\/wp-content\/uploads\/2022\/09\/edificio_mood_gamarra_008-150x150.jpg\" class=\"attachment-thumbnail size-thumbnail\" alt=\"Edificio de viviendas Gamarra 1245 \/ LST Arquitectura\" aria-describedby=\"gallery-1-72774\" \/><\/a>\n\t\t\t<\/div>\n\t\t\t\t<figcaption class='wp-caption-text gallery-caption' id='gallery-1-72774'>\n\t\t\t\tEdificio de viviendas Gamarra 1245 \/ LST Arquitectura (\u00a9 Ramiro Sosa)\n\t\t\t\t<\/figcaption><\/figure><figure class='gallery-item'>\n\t\t\t<div class='gallery-icon portrait'>\n\t\t\t\t<a href='https:\/\/www.arquimaster.com.ar\/web\/wp-content\/uploads\/2022\/09\/edificio_mood_gamarra_009.jpg' title=\"Edificio de viviendas Gamarra 1245 \/ LST Arquitectura (\u00a9 Ramiro Sosa)\" data-rl_title=\"Edificio de viviendas Gamarra 1245 \/ LST Arquitectura (\u00a9 Ramiro Sosa)\" class=\"rl-gallery-link\" data-rl_caption=\"Edificio de viviendas Gamarra 1245 \/ LST Arquitectura (\u00a9 Ramiro Sosa)\" data-rel=\"lightbox-gallery-1\"><img loading=\"lazy\" decoding=\"async\" width=\"150\" height=\"150\" src=\"https:\/\/www.arquimaster.com.ar\/web\/wp-content\/uploads\/2022\/09\/edificio_mood_gamarra_009-150x150.jpg\" class=\"attachment-thumbnail size-thumbnail\" alt=\"Edificio de viviendas Gamarra 1245 \/ LST Arquitectura\" aria-describedby=\"gallery-1-72775\" \/><\/a>\n\t\t\t<\/div>\n\t\t\t\t<figcaption class='wp-caption-text gallery-caption' id='gallery-1-72775'>\n\t\t\t\tEdificio de viviendas Gamarra 1245 \/ LST Arquitectura (\u00a9 Ramiro Sosa)\n\t\t\t\t<\/figcaption><\/figure><figure class='gallery-item'>\n\t\t\t<div class='gallery-icon portrait'>\n\t\t\t\t<a href='https:\/\/www.arquimaster.com.ar\/web\/wp-content\/uploads\/2022\/09\/edificio_mood_gamarra_010.jpg' title=\"Edificio de viviendas Gamarra 1245 \/ LST Arquitectura (\u00a9 Ramiro Sosa)\" data-rl_title=\"Edificio de viviendas Gamarra 1245 \/ LST Arquitectura (\u00a9 Ramiro Sosa)\" class=\"rl-gallery-link\" data-rl_caption=\"Edificio de viviendas Gamarra 1245 \/ LST Arquitectura (\u00a9 Ramiro Sosa)\" data-rel=\"lightbox-gallery-1\"><img loading=\"lazy\" decoding=\"async\" width=\"150\" height=\"150\" src=\"https:\/\/www.arquimaster.com.ar\/web\/wp-content\/uploads\/2022\/09\/edificio_mood_gamarra_010-150x150.jpg\" class=\"attachment-thumbnail size-thumbnail\" alt=\"Edificio de viviendas Gamarra 1245 \/ LST Arquitectura\" aria-describedby=\"gallery-1-72776\" \/><\/a>\n\t\t\t<\/div>\n\t\t\t\t<figcaption class='wp-caption-text gallery-caption' id='gallery-1-72776'>\n\t\t\t\tEdificio de viviendas Gamarra 1245 \/ LST Arquitectura (\u00a9 Ramiro Sosa)\n\t\t\t\t<\/figcaption><\/figure><figure class='gallery-item'>\n\t\t\t<div class='gallery-icon landscape'>\n\t\t\t\t<a href='https:\/\/www.arquimaster.com.ar\/web\/wp-content\/uploads\/2022\/09\/edificio_mood_gamarra_011.jpg' title=\"Edificio de viviendas Gamarra 1245 \/ LST Arquitectura (\u00a9 Ramiro Sosa)\" data-rl_title=\"Edificio de viviendas Gamarra 1245 \/ LST Arquitectura (\u00a9 Ramiro Sosa)\" class=\"rl-gallery-link\" data-rl_caption=\"Edificio de viviendas Gamarra 1245 \/ LST Arquitectura (\u00a9 Ramiro Sosa)\" data-rel=\"lightbox-gallery-1\"><img loading=\"lazy\" decoding=\"async\" width=\"150\" height=\"150\" src=\"https:\/\/www.arquimaster.com.ar\/web\/wp-content\/uploads\/2022\/09\/edificio_mood_gamarra_011-150x150.jpg\" class=\"attachment-thumbnail size-thumbnail\" alt=\"Edificio de viviendas Gamarra 1245 \/ LST Arquitectura\" aria-describedby=\"gallery-1-72777\" \/><\/a>\n\t\t\t<\/div>\n\t\t\t\t<figcaption class='wp-caption-text gallery-caption' id='gallery-1-72777'>\n\t\t\t\tEdificio de viviendas Gamarra 1245 \/ LST Arquitectura (\u00a9 Ramiro Sosa)\n\t\t\t\t<\/figcaption><\/figure><figure class='gallery-item'>\n\t\t\t<div class='gallery-icon portrait'>\n\t\t\t\t<a href='https:\/\/www.arquimaster.com.ar\/web\/wp-content\/uploads\/2022\/09\/edificio_mood_gamarra_012.jpg' title=\"Edificio de viviendas Gamarra 1245 \/ LST Arquitectura (\u00a9 Ramiro Sosa)\" data-rl_title=\"Edificio de viviendas Gamarra 1245 \/ LST Arquitectura (\u00a9 Ramiro Sosa)\" class=\"rl-gallery-link\" data-rl_caption=\"Edificio de viviendas Gamarra 1245 \/ LST Arquitectura (\u00a9 Ramiro Sosa)\" data-rel=\"lightbox-gallery-1\"><img loading=\"lazy\" decoding=\"async\" width=\"150\" height=\"150\" src=\"https:\/\/www.arquimaster.com.ar\/web\/wp-content\/uploads\/2022\/09\/edificio_mood_gamarra_012-150x150.jpg\" class=\"attachment-thumbnail size-thumbnail\" alt=\"Edificio de viviendas Gamarra 1245 \/ LST Arquitectura\" aria-describedby=\"gallery-1-72778\" \/><\/a>\n\t\t\t<\/div>\n\t\t\t\t<figcaption class='wp-caption-text gallery-caption' id='gallery-1-72778'>\n\t\t\t\tEdificio de viviendas Gamarra 1245 \/ LST Arquitectura (\u00a9 Ramiro Sosa)\n\t\t\t\t<\/figcaption><\/figure><figure class='gallery-item'>\n\t\t\t<div class='gallery-icon portrait'>\n\t\t\t\t<a href='https:\/\/www.arquimaster.com.ar\/web\/wp-content\/uploads\/2022\/09\/edificio_mood_gamarra_013.jpg' title=\"Edificio de viviendas Gamarra 1245 \/ LST Arquitectura (\u00a9 Ramiro Sosa)\" data-rl_title=\"Edificio de viviendas Gamarra 1245 \/ LST Arquitectura (\u00a9 Ramiro Sosa)\" class=\"rl-gallery-link\" data-rl_caption=\"Edificio de viviendas Gamarra 1245 \/ LST Arquitectura (\u00a9 Ramiro Sosa)\" data-rel=\"lightbox-gallery-1\"><img loading=\"lazy\" decoding=\"async\" width=\"150\" height=\"150\" src=\"https:\/\/www.arquimaster.com.ar\/web\/wp-content\/uploads\/2022\/09\/edificio_mood_gamarra_013-150x150.jpg\" class=\"attachment-thumbnail size-thumbnail\" alt=\"Edificio de viviendas Gamarra 1245 \/ LST Arquitectura\" aria-describedby=\"gallery-1-72779\" \/><\/a>\n\t\t\t<\/div>\n\t\t\t\t<figcaption class='wp-caption-text gallery-caption' id='gallery-1-72779'>\n\t\t\t\tEdificio de viviendas Gamarra 1245 \/ LST Arquitectura (\u00a9 Ramiro Sosa)\n\t\t\t\t<\/figcaption><\/figure><figure class='gallery-item'>\n\t\t\t<div class='gallery-icon portrait'>\n\t\t\t\t<a href='https:\/\/www.arquimaster.com.ar\/web\/wp-content\/uploads\/2022\/09\/edificio_mood_gamarra_014.jpg' title=\"Edificio de viviendas Gamarra 1245 \/ LST Arquitectura (\u00a9 Ramiro Sosa)\" data-rl_title=\"Edificio de viviendas Gamarra 1245 \/ LST Arquitectura (\u00a9 Ramiro Sosa)\" class=\"rl-gallery-link\" data-rl_caption=\"Edificio de viviendas Gamarra 1245 \/ LST Arquitectura (\u00a9 Ramiro Sosa)\" data-rel=\"lightbox-gallery-1\"><img loading=\"lazy\" decoding=\"async\" width=\"150\" height=\"150\" src=\"https:\/\/www.arquimaster.com.ar\/web\/wp-content\/uploads\/2022\/09\/edificio_mood_gamarra_014-150x150.jpg\" class=\"attachment-thumbnail size-thumbnail\" alt=\"Edificio de viviendas Gamarra 1245 \/ LST Arquitectura\" aria-describedby=\"gallery-1-72780\" \/><\/a>\n\t\t\t<\/div>\n\t\t\t\t<figcaption class='wp-caption-text gallery-caption' id='gallery-1-72780'>\n\t\t\t\tEdificio de viviendas Gamarra 1245 \/ LST Arquitectura (\u00a9 Ramiro Sosa)\n\t\t\t\t<\/figcaption><\/figure><figure class='gallery-item'>\n\t\t\t<div class='gallery-icon portrait'>\n\t\t\t\t<a href='https:\/\/www.arquimaster.com.ar\/web\/wp-content\/uploads\/2022\/09\/edificio_mood_gamarra_015.jpg' title=\"Edificio de viviendas Gamarra 1245 \/ LST Arquitectura (\u00a9 Ramiro Sosa)\" data-rl_title=\"Edificio de viviendas Gamarra 1245 \/ LST Arquitectura (\u00a9 Ramiro Sosa)\" class=\"rl-gallery-link\" data-rl_caption=\"Edificio de viviendas Gamarra 1245 \/ LST Arquitectura (\u00a9 Ramiro Sosa)\" data-rel=\"lightbox-gallery-1\"><img loading=\"lazy\" decoding=\"async\" width=\"150\" height=\"150\" src=\"https:\/\/www.arquimaster.com.ar\/web\/wp-content\/uploads\/2022\/09\/edificio_mood_gamarra_015-150x150.jpg\" class=\"attachment-thumbnail size-thumbnail\" alt=\"Edificio de viviendas Gamarra 1245 \/ LST Arquitectura\" aria-describedby=\"gallery-1-72781\" \/><\/a>\n\t\t\t<\/div>\n\t\t\t\t<figcaption class='wp-caption-text gallery-caption' id='gallery-1-72781'>\n\t\t\t\tEdificio de viviendas Gamarra 1245 \/ LST Arquitectura (\u00a9 Ramiro Sosa)\n\t\t\t\t<\/figcaption><\/figure><figure class='gallery-item'>\n\t\t\t<div class='gallery-icon portrait'>\n\t\t\t\t<a href='https:\/\/www.arquimaster.com.ar\/web\/wp-content\/uploads\/2022\/09\/edificio_mood_gamarra_016.jpg' title=\"Edificio de viviendas Gamarra 1245 \/ LST Arquitectura (\u00a9 Ramiro Sosa)\" data-rl_title=\"Edificio de viviendas Gamarra 1245 \/ LST Arquitectura (\u00a9 Ramiro Sosa)\" class=\"rl-gallery-link\" data-rl_caption=\"Edificio de viviendas Gamarra 1245 \/ LST Arquitectura (\u00a9 Ramiro Sosa)\" data-rel=\"lightbox-gallery-1\"><img loading=\"lazy\" decoding=\"async\" width=\"150\" height=\"150\" src=\"https:\/\/www.arquimaster.com.ar\/web\/wp-content\/uploads\/2022\/09\/edificio_mood_gamarra_016-150x150.jpg\" class=\"attachment-thumbnail size-thumbnail\" alt=\"Edificio de viviendas Gamarra 1245 \/ LST Arquitectura\" aria-describedby=\"gallery-1-72782\" \/><\/a>\n\t\t\t<\/div>\n\t\t\t\t<figcaption class='wp-caption-text gallery-caption' id='gallery-1-72782'>\n\t\t\t\tEdificio de viviendas Gamarra 1245 \/ LST Arquitectura (\u00a9 Ramiro Sosa)\n\t\t\t\t<\/figcaption><\/figure><figure class='gallery-item'>\n\t\t\t<div class='gallery-icon portrait'>\n\t\t\t\t<a href='https:\/\/www.arquimaster.com.ar\/web\/wp-content\/uploads\/2022\/09\/edificio_mood_gamarra_017.jpg' title=\"Edificio de viviendas Gamarra 1245 \/ LST Arquitectura (\u00a9 Ramiro Sosa)\" data-rl_title=\"Edificio de viviendas Gamarra 1245 \/ LST Arquitectura (\u00a9 Ramiro Sosa)\" class=\"rl-gallery-link\" data-rl_caption=\"Edificio de viviendas Gamarra 1245 \/ LST Arquitectura (\u00a9 Ramiro Sosa)\" data-rel=\"lightbox-gallery-1\"><img loading=\"lazy\" decoding=\"async\" width=\"150\" height=\"150\" src=\"https:\/\/www.arquimaster.com.ar\/web\/wp-content\/uploads\/2022\/09\/edificio_mood_gamarra_017-150x150.jpg\" class=\"attachment-thumbnail size-thumbnail\" alt=\"Edificio de viviendas Gamarra 1245 \/ LST Arquitectura\" aria-describedby=\"gallery-1-72783\" \/><\/a>\n\t\t\t<\/div>\n\t\t\t\t<figcaption class='wp-caption-text gallery-caption' id='gallery-1-72783'>\n\t\t\t\tEdificio de viviendas Gamarra 1245 \/ LST Arquitectura (\u00a9 Ramiro Sosa)\n\t\t\t\t<\/figcaption><\/figure><figure class='gallery-item'>\n\t\t\t<div class='gallery-icon portrait'>\n\t\t\t\t<a href='https:\/\/www.arquimaster.com.ar\/web\/wp-content\/uploads\/2022\/09\/edificio_mood_gamarra_018.jpg' title=\"Edificio de viviendas Gamarra 1245 \/ LST Arquitectura (\u00a9 Ramiro Sosa)\" data-rl_title=\"Edificio de viviendas Gamarra 1245 \/ LST Arquitectura (\u00a9 Ramiro Sosa)\" class=\"rl-gallery-link\" data-rl_caption=\"Edificio de viviendas Gamarra 1245 \/ LST Arquitectura (\u00a9 Ramiro Sosa)\" data-rel=\"lightbox-gallery-1\"><img loading=\"lazy\" decoding=\"async\" width=\"150\" height=\"150\" src=\"https:\/\/www.arquimaster.com.ar\/web\/wp-content\/uploads\/2022\/09\/edificio_mood_gamarra_018-150x150.jpg\" class=\"attachment-thumbnail size-thumbnail\" alt=\"Edificio de viviendas Gamarra 1245 \/ LST Arquitectura\" aria-describedby=\"gallery-1-72784\" \/><\/a>\n\t\t\t<\/div>\n\t\t\t\t<figcaption class='wp-caption-text gallery-caption' id='gallery-1-72784'>\n\t\t\t\tEdificio de viviendas Gamarra 1245 \/ LST Arquitectura (\u00a9 Ramiro Sosa)\n\t\t\t\t<\/figcaption><\/figure><figure class='gallery-item'>\n\t\t\t<div class='gallery-icon landscape'>\n\t\t\t\t<a href='https:\/\/www.arquimaster.com.ar\/web\/wp-content\/uploads\/2022\/09\/edificio_mood_gamarra_019.jpg' title=\"Edificio de viviendas Gamarra 1245 \/ LST Arquitectura (\u00a9 Ramiro Sosa)\" data-rl_title=\"Edificio de viviendas Gamarra 1245 \/ LST Arquitectura (\u00a9 Ramiro Sosa)\" class=\"rl-gallery-link\" data-rl_caption=\"Edificio de viviendas Gamarra 1245 \/ LST Arquitectura (\u00a9 Ramiro Sosa)\" data-rel=\"lightbox-gallery-1\"><img loading=\"lazy\" decoding=\"async\" width=\"150\" height=\"150\" src=\"https:\/\/www.arquimaster.com.ar\/web\/wp-content\/uploads\/2022\/09\/edificio_mood_gamarra_019-150x150.jpg\" class=\"attachment-thumbnail size-thumbnail\" alt=\"Edificio de viviendas Gamarra 1245 \/ LST Arquitectura\" aria-describedby=\"gallery-1-72785\" \/><\/a>\n\t\t\t<\/div>\n\t\t\t\t<figcaption class='wp-caption-text gallery-caption' id='gallery-1-72785'>\n\t\t\t\tEdificio de viviendas Gamarra 1245 \/ LST Arquitectura (\u00a9 Ramiro Sosa)\n\t\t\t\t<\/figcaption><\/figure><figure class='gallery-item'>\n\t\t\t<div class='gallery-icon portrait'>\n\t\t\t\t<a href='https:\/\/www.arquimaster.com.ar\/web\/wp-content\/uploads\/2022\/09\/edificio_mood_gamarra_020.jpg' title=\"Edificio de viviendas Gamarra 1245 \/ LST Arquitectura (\u00a9 Ramiro Sosa)\" data-rl_title=\"Edificio de viviendas Gamarra 1245 \/ LST Arquitectura (\u00a9 Ramiro Sosa)\" class=\"rl-gallery-link\" data-rl_caption=\"Edificio de viviendas Gamarra 1245 \/ LST Arquitectura (\u00a9 Ramiro Sosa)\" data-rel=\"lightbox-gallery-1\"><img loading=\"lazy\" decoding=\"async\" width=\"150\" height=\"150\" src=\"https:\/\/www.arquimaster.com.ar\/web\/wp-content\/uploads\/2022\/09\/edificio_mood_gamarra_020-150x150.jpg\" class=\"attachment-thumbnail size-thumbnail\" alt=\"Edificio de viviendas Gamarra 1245 \/ LST Arquitectura\" aria-describedby=\"gallery-1-72786\" \/><\/a>\n\t\t\t<\/div>\n\t\t\t\t<figcaption class='wp-caption-text gallery-caption' id='gallery-1-72786'>\n\t\t\t\tEdificio de viviendas Gamarra 1245 \/ LST Arquitectura (\u00a9 Ramiro Sosa)\n\t\t\t\t<\/figcaption><\/figure><figure class='gallery-item'>\n\t\t\t<div class='gallery-icon portrait'>\n\t\t\t\t<a href='https:\/\/www.arquimaster.com.ar\/web\/wp-content\/uploads\/2022\/09\/edificio_mood_gamarra_021.jpg' title=\"Edificio de viviendas Gamarra 1245 \/ LST Arquitectura (\u00a9 Ramiro Sosa)\" data-rl_title=\"Edificio de viviendas Gamarra 1245 \/ LST Arquitectura (\u00a9 Ramiro Sosa)\" class=\"rl-gallery-link\" data-rl_caption=\"Edificio de viviendas Gamarra 1245 \/ LST Arquitectura (\u00a9 Ramiro Sosa)\" data-rel=\"lightbox-gallery-1\"><img loading=\"lazy\" decoding=\"async\" width=\"150\" height=\"150\" src=\"https:\/\/www.arquimaster.com.ar\/web\/wp-content\/uploads\/2022\/09\/edificio_mood_gamarra_021-150x150.jpg\" class=\"attachment-thumbnail size-thumbnail\" alt=\"Edificio de viviendas Gamarra 1245 \/ LST Arquitectura\" aria-describedby=\"gallery-1-72787\" \/><\/a>\n\t\t\t<\/div>\n\t\t\t\t<figcaption class='wp-caption-text gallery-caption' id='gallery-1-72787'>\n\t\t\t\tEdificio de viviendas Gamarra 1245 \/ LST Arquitectura (\u00a9 Ramiro Sosa)\n\t\t\t\t<\/figcaption><\/figure><figure class='gallery-item'>\n\t\t\t<div class='gallery-icon landscape'>\n\t\t\t\t<a href='https:\/\/www.arquimaster.com.ar\/web\/wp-content\/uploads\/2022\/09\/edificio_mood_gamarra_022.jpg' title=\"Edificio de viviendas Gamarra 1245 \/ LST Arquitectura (\u00a9 Ramiro Sosa)\" data-rl_title=\"Edificio de viviendas Gamarra 1245 \/ LST Arquitectura (\u00a9 Ramiro Sosa)\" class=\"rl-gallery-link\" data-rl_caption=\"Edificio de viviendas Gamarra 1245 \/ LST Arquitectura (\u00a9 Ramiro Sosa)\" data-rel=\"lightbox-gallery-1\"><img loading=\"lazy\" decoding=\"async\" width=\"150\" height=\"150\" src=\"https:\/\/www.arquimaster.com.ar\/web\/wp-content\/uploads\/2022\/09\/edificio_mood_gamarra_022-150x150.jpg\" class=\"attachment-thumbnail size-thumbnail\" alt=\"Edificio de viviendas Gamarra 1245 \/ LST Arquitectura\" aria-describedby=\"gallery-1-72788\" \/><\/a>\n\t\t\t<\/div>\n\t\t\t\t<figcaption class='wp-caption-text gallery-caption' id='gallery-1-72788'>\n\t\t\t\tEdificio de viviendas Gamarra 1245 \/ LST Arquitectura (\u00a9 Ramiro Sosa)\n\t\t\t\t<\/figcaption><\/figure><figure class='gallery-item'>\n\t\t\t<div class='gallery-icon portrait'>\n\t\t\t\t<a href='https:\/\/www.arquimaster.com.ar\/web\/wp-content\/uploads\/2022\/09\/edificio_mood_gamarra_023.jpg' title=\"Edificio de viviendas Gamarra 1245 \/ LST Arquitectura (\u00a9 Ramiro Sosa)\" data-rl_title=\"Edificio de viviendas Gamarra 1245 \/ LST Arquitectura (\u00a9 Ramiro Sosa)\" class=\"rl-gallery-link\" data-rl_caption=\"Edificio de viviendas Gamarra 1245 \/ LST Arquitectura (\u00a9 Ramiro Sosa)\" data-rel=\"lightbox-gallery-1\"><img loading=\"lazy\" decoding=\"async\" width=\"150\" height=\"150\" src=\"https:\/\/www.arquimaster.com.ar\/web\/wp-content\/uploads\/2022\/09\/edificio_mood_gamarra_023-150x150.jpg\" class=\"attachment-thumbnail size-thumbnail\" alt=\"Edificio de viviendas Gamarra 1245 \/ LST Arquitectura\" aria-describedby=\"gallery-1-72789\" \/><\/a>\n\t\t\t<\/div>\n\t\t\t\t<figcaption class='wp-caption-text gallery-caption' id='gallery-1-72789'>\n\t\t\t\tEdificio de viviendas Gamarra 1245 \/ LST Arquitectura (\u00a9 Ramiro Sosa)\n\t\t\t\t<\/figcaption><\/figure><figure class='gallery-item'>\n\t\t\t<div class='gallery-icon landscape'>\n\t\t\t\t<a href='https:\/\/www.arquimaster.com.ar\/web\/wp-content\/uploads\/2022\/09\/edificio_mood_gamarra_024.jpg' title=\"Edificio de viviendas Gamarra 1245 \/ LST Arquitectura (\u00a9 Ramiro Sosa)\" data-rl_title=\"Edificio de viviendas Gamarra 1245 \/ LST Arquitectura (\u00a9 Ramiro Sosa)\" class=\"rl-gallery-link\" data-rl_caption=\"Edificio de viviendas Gamarra 1245 \/ LST Arquitectura (\u00a9 Ramiro Sosa)\" data-rel=\"lightbox-gallery-1\"><img loading=\"lazy\" decoding=\"async\" width=\"150\" height=\"150\" src=\"https:\/\/www.arquimaster.com.ar\/web\/wp-content\/uploads\/2022\/09\/edificio_mood_gamarra_024-150x150.jpg\" class=\"attachment-thumbnail size-thumbnail\" alt=\"Edificio de viviendas Gamarra 1245 \/ LST Arquitectura\" aria-describedby=\"gallery-1-72790\" srcset=\"https:\/\/www.arquimaster.com.ar\/web\/wp-content\/uploads\/2022\/09\/edificio_mood_gamarra_024-150x150.jpg 150w, https:\/\/www.arquimaster.com.ar\/web\/wp-content\/uploads\/2022\/09\/edificio_mood_gamarra_024-768x768.jpg 768w, https:\/\/www.arquimaster.com.ar\/web\/wp-content\/uploads\/2022\/09\/edificio_mood_gamarra_024.jpg 1500w\" sizes=\"auto, (max-width: 150px) 100vw, 150px\" \/><\/a>\n\t\t\t<\/div>\n\t\t\t\t<figcaption class='wp-caption-text gallery-caption' id='gallery-1-72790'>\n\t\t\t\tEdificio de viviendas Gamarra 1245 \/ LST Arquitectura (\u00a9 Ramiro Sosa)\n\t\t\t\t<\/figcaption><\/figure><figure class='gallery-item'>\n\t\t\t<div class='gallery-icon landscape'>\n\t\t\t\t<a href='https:\/\/www.arquimaster.com.ar\/web\/wp-content\/uploads\/2022\/09\/edificio_mood_gamarra_025.jpg' title=\"Edificio de viviendas Gamarra 1245 \/ LST Arquitectura (\u00a9 Ramiro Sosa)\" data-rl_title=\"Edificio de viviendas Gamarra 1245 \/ LST Arquitectura (\u00a9 Ramiro Sosa)\" class=\"rl-gallery-link\" data-rl_caption=\"Edificio de viviendas Gamarra 1245 \/ LST Arquitectura (\u00a9 Ramiro Sosa)\" data-rel=\"lightbox-gallery-1\"><img loading=\"lazy\" decoding=\"async\" width=\"150\" height=\"150\" src=\"https:\/\/www.arquimaster.com.ar\/web\/wp-content\/uploads\/2022\/09\/edificio_mood_gamarra_025-150x150.jpg\" class=\"attachment-thumbnail size-thumbnail\" alt=\"Edificio de viviendas Gamarra 1245 \/ LST Arquitectura\" aria-describedby=\"gallery-1-72791\" srcset=\"https:\/\/www.arquimaster.com.ar\/web\/wp-content\/uploads\/2022\/09\/edificio_mood_gamarra_025-150x150.jpg 150w, https:\/\/www.arquimaster.com.ar\/web\/wp-content\/uploads\/2022\/09\/edificio_mood_gamarra_025-768x768.jpg 768w, https:\/\/www.arquimaster.com.ar\/web\/wp-content\/uploads\/2022\/09\/edificio_mood_gamarra_025.jpg 1500w\" sizes=\"auto, (max-width: 150px) 100vw, 150px\" \/><\/a>\n\t\t\t<\/div>\n\t\t\t\t<figcaption class='wp-caption-text gallery-caption' id='gallery-1-72791'>\n\t\t\t\tEdificio de viviendas Gamarra 1245 \/ LST Arquitectura (\u00a9 Ramiro Sosa)\n\t\t\t\t<\/figcaption><\/figure><figure class='gallery-item'>\n\t\t\t<div class='gallery-icon portrait'>\n\t\t\t\t<a href='https:\/\/www.arquimaster.com.ar\/web\/wp-content\/uploads\/2022\/09\/edificio_mood_gamarra_026.jpg' title=\"Edificio de viviendas Gamarra 1245 \/ LST Arquitectura (\u00a9 Ramiro Sosa)\" data-rl_title=\"Edificio de viviendas Gamarra 1245 \/ LST Arquitectura (\u00a9 Ramiro Sosa)\" class=\"rl-gallery-link\" data-rl_caption=\"Edificio de viviendas Gamarra 1245 \/ LST Arquitectura (\u00a9 Ramiro Sosa)\" data-rel=\"lightbox-gallery-1\"><img loading=\"lazy\" decoding=\"async\" width=\"150\" height=\"150\" src=\"https:\/\/www.arquimaster.com.ar\/web\/wp-content\/uploads\/2022\/09\/edificio_mood_gamarra_026-150x150.jpg\" class=\"attachment-thumbnail size-thumbnail\" alt=\"Edificio de viviendas Gamarra 1245 \/ LST Arquitectura\" aria-describedby=\"gallery-1-72792\" \/><\/a>\n\t\t\t<\/div>\n\t\t\t\t<figcaption class='wp-caption-text gallery-caption' id='gallery-1-72792'>\n\t\t\t\tEdificio de viviendas Gamarra 1245 \/ LST Arquitectura (\u00a9 Ramiro Sosa)\n\t\t\t\t<\/figcaption><\/figure><figure class='gallery-item'>\n\t\t\t<div class='gallery-icon portrait'>\n\t\t\t\t<a href='https:\/\/www.arquimaster.com.ar\/web\/wp-content\/uploads\/2022\/09\/edificio_mood_gamarra_027.jpg' title=\"Edificio de viviendas Gamarra 1245 \/ LST Arquitectura (\u00a9 Ramiro Sosa)\" data-rl_title=\"Edificio de viviendas Gamarra 1245 \/ LST Arquitectura (\u00a9 Ramiro Sosa)\" class=\"rl-gallery-link\" data-rl_caption=\"Edificio de viviendas Gamarra 1245 \/ LST Arquitectura (\u00a9 Ramiro Sosa)\" data-rel=\"lightbox-gallery-1\"><img loading=\"lazy\" decoding=\"async\" width=\"150\" height=\"150\" src=\"https:\/\/www.arquimaster.com.ar\/web\/wp-content\/uploads\/2022\/09\/edificio_mood_gamarra_027-150x150.jpg\" class=\"attachment-thumbnail size-thumbnail\" alt=\"Edificio de viviendas Gamarra 1245 \/ LST Arquitectura\" aria-describedby=\"gallery-1-72793\" \/><\/a>\n\t\t\t<\/div>\n\t\t\t\t<figcaption class='wp-caption-text gallery-caption' id='gallery-1-72793'>\n\t\t\t\tEdificio de viviendas Gamarra 1245 \/ LST Arquitectura (\u00a9 Ramiro Sosa)\n\t\t\t\t<\/figcaption><\/figure><figure class='gallery-item'>\n\t\t\t<div class='gallery-icon portrait'>\n\t\t\t\t<a href='https:\/\/www.arquimaster.com.ar\/web\/wp-content\/uploads\/2022\/09\/edificio_mood_gamarra_028.jpg' title=\"Edificio de viviendas Gamarra 1245 \/ LST Arquitectura (\u00a9 Ramiro Sosa)\" data-rl_title=\"Edificio de viviendas Gamarra 1245 \/ LST Arquitectura (\u00a9 Ramiro Sosa)\" class=\"rl-gallery-link\" data-rl_caption=\"Edificio de viviendas Gamarra 1245 \/ LST Arquitectura (\u00a9 Ramiro Sosa)\" data-rel=\"lightbox-gallery-1\"><img loading=\"lazy\" decoding=\"async\" width=\"150\" height=\"150\" src=\"https:\/\/www.arquimaster.com.ar\/web\/wp-content\/uploads\/2022\/09\/edificio_mood_gamarra_028-150x150.jpg\" class=\"attachment-thumbnail size-thumbnail\" alt=\"Edificio de viviendas Gamarra 1245 \/ LST Arquitectura\" aria-describedby=\"gallery-1-72794\" \/><\/a>\n\t\t\t<\/div>\n\t\t\t\t<figcaption class='wp-caption-text gallery-caption' id='gallery-1-72794'>\n\t\t\t\tEdificio de viviendas Gamarra 1245 \/ LST Arquitectura (\u00a9 Ramiro Sosa)\n\t\t\t\t<\/figcaption><\/figure><figure class='gallery-item'>\n\t\t\t<div class='gallery-icon portrait'>\n\t\t\t\t<a href='https:\/\/www.arquimaster.com.ar\/web\/wp-content\/uploads\/2022\/09\/edificio_mood_gamarra_029.jpg' title=\"Edificio de viviendas Gamarra 1245 \/ LST Arquitectura (\u00a9 Ramiro Sosa)\" data-rl_title=\"Edificio de viviendas Gamarra 1245 \/ LST Arquitectura (\u00a9 Ramiro Sosa)\" class=\"rl-gallery-link\" data-rl_caption=\"Edificio de viviendas Gamarra 1245 \/ LST Arquitectura (\u00a9 Ramiro Sosa)\" data-rel=\"lightbox-gallery-1\"><img loading=\"lazy\" decoding=\"async\" width=\"150\" height=\"150\" src=\"https:\/\/www.arquimaster.com.ar\/web\/wp-content\/uploads\/2022\/09\/edificio_mood_gamarra_029-150x150.jpg\" class=\"attachment-thumbnail size-thumbnail\" alt=\"Edificio de viviendas Gamarra 1245 \/ LST Arquitectura\" aria-describedby=\"gallery-1-72795\" \/><\/a>\n\t\t\t<\/div>\n\t\t\t\t<figcaption class='wp-caption-text gallery-caption' id='gallery-1-72795'>\n\t\t\t\tEdificio de viviendas Gamarra 1245 \/ LST Arquitectura (\u00a9 Ramiro Sosa)\n\t\t\t\t<\/figcaption><\/figure><figure class='gallery-item'>\n\t\t\t<div class='gallery-icon portrait'>\n\t\t\t\t<a href='https:\/\/www.arquimaster.com.ar\/web\/wp-content\/uploads\/2022\/09\/edificio_mood_gamarra_030.jpg' title=\"Edificio de viviendas Gamarra 1245 \/ LST Arquitectura (\u00a9 Ramiro Sosa)\" data-rl_title=\"Edificio de viviendas Gamarra 1245 \/ LST Arquitectura (\u00a9 Ramiro Sosa)\" class=\"rl-gallery-link\" data-rl_caption=\"Edificio de viviendas Gamarra 1245 \/ LST Arquitectura (\u00a9 Ramiro Sosa)\" data-rel=\"lightbox-gallery-1\"><img loading=\"lazy\" decoding=\"async\" width=\"150\" height=\"150\" src=\"https:\/\/www.arquimaster.com.ar\/web\/wp-content\/uploads\/2022\/09\/edificio_mood_gamarra_030-150x150.jpg\" class=\"attachment-thumbnail size-thumbnail\" alt=\"Edificio de viviendas Gamarra 1245 \/ LST Arquitectura\" aria-describedby=\"gallery-1-72796\" \/><\/a>\n\t\t\t<\/div>\n\t\t\t\t<figcaption class='wp-caption-text gallery-caption' id='gallery-1-72796'>\n\t\t\t\tEdificio de viviendas Gamarra 1245 \/ LST Arquitectura (\u00a9 Ramiro Sosa)\n\t\t\t\t<\/figcaption><\/figure><figure class='gallery-item'>\n\t\t\t<div class='gallery-icon portrait'>\n\t\t\t\t<a href='https:\/\/www.arquimaster.com.ar\/web\/wp-content\/uploads\/2022\/09\/edificio_mood_gamarra_031.jpg' title=\"Edificio de viviendas Gamarra 1245 \/ LST Arquitectura (\u00a9 Ramiro Sosa)\" data-rl_title=\"Edificio de viviendas Gamarra 1245 \/ LST Arquitectura (\u00a9 Ramiro Sosa)\" class=\"rl-gallery-link\" data-rl_caption=\"Edificio de viviendas Gamarra 1245 \/ LST Arquitectura (\u00a9 Ramiro Sosa)\" data-rel=\"lightbox-gallery-1\"><img loading=\"lazy\" decoding=\"async\" width=\"150\" height=\"150\" src=\"https:\/\/www.arquimaster.com.ar\/web\/wp-content\/uploads\/2022\/09\/edificio_mood_gamarra_031-150x150.jpg\" class=\"attachment-thumbnail size-thumbnail\" alt=\"Edificio de viviendas Gamarra 1245 \/ LST Arquitectura\" aria-describedby=\"gallery-1-72797\" \/><\/a>\n\t\t\t<\/div>\n\t\t\t\t<figcaption class='wp-caption-text gallery-caption' id='gallery-1-72797'>\n\t\t\t\tEdificio de viviendas Gamarra 1245 \/ LST Arquitectura (\u00a9 Ramiro Sosa)\n\t\t\t\t<\/figcaption><\/figure><figure class='gallery-item'>\n\t\t\t<div class='gallery-icon portrait'>\n\t\t\t\t<a href='https:\/\/www.arquimaster.com.ar\/web\/wp-content\/uploads\/2022\/09\/edificio_mood_gamarra_032.jpg' title=\"Edificio de viviendas Gamarra 1245 \/ LST Arquitectura (\u00a9 Ramiro Sosa)\" data-rl_title=\"Edificio de viviendas Gamarra 1245 \/ LST Arquitectura (\u00a9 Ramiro Sosa)\" class=\"rl-gallery-link\" data-rl_caption=\"Edificio de viviendas Gamarra 1245 \/ LST Arquitectura (\u00a9 Ramiro Sosa)\" data-rel=\"lightbox-gallery-1\"><img loading=\"lazy\" decoding=\"async\" width=\"150\" height=\"150\" src=\"https:\/\/www.arquimaster.com.ar\/web\/wp-content\/uploads\/2022\/09\/edificio_mood_gamarra_032-150x150.jpg\" class=\"attachment-thumbnail size-thumbnail\" alt=\"Edificio de viviendas Gamarra 1245 \/ LST Arquitectura\" aria-describedby=\"gallery-1-72798\" \/><\/a>\n\t\t\t<\/div>\n\t\t\t\t<figcaption class='wp-caption-text gallery-caption' id='gallery-1-72798'>\n\t\t\t\tEdificio de viviendas Gamarra 1245 \/ LST Arquitectura (\u00a9 Ramiro Sosa)\n\t\t\t\t<\/figcaption><\/figure><figure class='gallery-item'>\n\t\t\t<div class='gallery-icon landscape'>\n\t\t\t\t<a href='https:\/\/www.arquimaster.com.ar\/web\/wp-content\/uploads\/2022\/09\/edificio_mood_gamarra_033.jpg' title=\"Edificio de viviendas Gamarra 1245 \/ LST Arquitectura (\u00a9 Ramiro Sosa)\" data-rl_title=\"Edificio de viviendas Gamarra 1245 \/ LST Arquitectura (\u00a9 Ramiro Sosa)\" class=\"rl-gallery-link\" data-rl_caption=\"Edificio de viviendas Gamarra 1245 \/ LST Arquitectura (\u00a9 Ramiro Sosa)\" data-rel=\"lightbox-gallery-1\"><img loading=\"lazy\" decoding=\"async\" width=\"150\" height=\"150\" src=\"https:\/\/www.arquimaster.com.ar\/web\/wp-content\/uploads\/2022\/09\/edificio_mood_gamarra_033-150x150.jpg\" class=\"attachment-thumbnail size-thumbnail\" alt=\"Edificio de viviendas Gamarra 1245 \/ LST Arquitectura\" aria-describedby=\"gallery-1-72799\" \/><\/a>\n\t\t\t<\/div>\n\t\t\t\t<figcaption class='wp-caption-text gallery-caption' id='gallery-1-72799'>\n\t\t\t\tEdificio de viviendas Gamarra 1245 \/ LST Arquitectura (\u00a9 Ramiro Sosa)\n\t\t\t\t<\/figcaption><\/figure><figure class='gallery-item'>\n\t\t\t<div class='gallery-icon landscape'>\n\t\t\t\t<a href='https:\/\/www.arquimaster.com.ar\/web\/wp-content\/uploads\/2022\/09\/edificio_mood_gamarra_034.jpg' title=\"Edificio de viviendas Gamarra 1245 \/ LST Arquitectura (\u00a9 Ramiro Sosa)\" data-rl_title=\"Edificio de viviendas Gamarra 1245 \/ LST Arquitectura (\u00a9 Ramiro Sosa)\" class=\"rl-gallery-link\" data-rl_caption=\"Edificio de viviendas Gamarra 1245 \/ LST Arquitectura (\u00a9 Ramiro Sosa)\" data-rel=\"lightbox-gallery-1\"><img loading=\"lazy\" decoding=\"async\" width=\"150\" height=\"150\" src=\"https:\/\/www.arquimaster.com.ar\/web\/wp-content\/uploads\/2022\/09\/edificio_mood_gamarra_034-150x150.jpg\" class=\"attachment-thumbnail size-thumbnail\" alt=\"Edificio de viviendas Gamarra 1245 \/ LST Arquitectura\" aria-describedby=\"gallery-1-72800\" \/><\/a>\n\t\t\t<\/div>\n\t\t\t\t<figcaption class='wp-caption-text gallery-caption' id='gallery-1-72800'>\n\t\t\t\tEdificio de viviendas Gamarra 1245 \/ LST Arquitectura (\u00a9 Ramiro Sosa)\n\t\t\t\t<\/figcaption><\/figure><figure class='gallery-item'>\n\t\t\t<div class='gallery-icon landscape'>\n\t\t\t\t<a href='https:\/\/www.arquimaster.com.ar\/web\/wp-content\/uploads\/2022\/09\/edificio_mood_gamarra_035.jpg' title=\"Edificio de viviendas Gamarra 1245 \/ LST Arquitectura (\u00a9 Ramiro Sosa)\" data-rl_title=\"Edificio de viviendas Gamarra 1245 \/ LST Arquitectura (\u00a9 Ramiro Sosa)\" class=\"rl-gallery-link\" data-rl_caption=\"Edificio de viviendas Gamarra 1245 \/ LST Arquitectura (\u00a9 Ramiro Sosa)\" data-rel=\"lightbox-gallery-1\"><img loading=\"lazy\" decoding=\"async\" width=\"150\" height=\"150\" src=\"https:\/\/www.arquimaster.com.ar\/web\/wp-content\/uploads\/2022\/09\/edificio_mood_gamarra_035-150x150.jpg\" class=\"attachment-thumbnail size-thumbnail\" alt=\"Edificio de viviendas Gamarra 1245 \/ LST Arquitectura\" aria-describedby=\"gallery-1-72801\" \/><\/a>\n\t\t\t<\/div>\n\t\t\t\t<figcaption class='wp-caption-text gallery-caption' id='gallery-1-72801'>\n\t\t\t\tEdificio de viviendas Gamarra 1245 \/ LST Arquitectura (\u00a9 Ramiro Sosa)\n\t\t\t\t<\/figcaption><\/figure><figure class='gallery-item'>\n\t\t\t<div class='gallery-icon portrait'>\n\t\t\t\t<a href='https:\/\/www.arquimaster.com.ar\/web\/wp-content\/uploads\/2022\/09\/edificio_mood_gamarra_036.jpg' title=\"Edificio de viviendas Gamarra 1245 \/ LST Arquitectura (\u00a9 Ramiro Sosa)\" data-rl_title=\"Edificio de viviendas Gamarra 1245 \/ LST Arquitectura (\u00a9 Ramiro Sosa)\" class=\"rl-gallery-link\" data-rl_caption=\"Edificio de viviendas Gamarra 1245 \/ LST Arquitectura (\u00a9 Ramiro Sosa)\" data-rel=\"lightbox-gallery-1\"><img loading=\"lazy\" decoding=\"async\" width=\"150\" height=\"150\" src=\"https:\/\/www.arquimaster.com.ar\/web\/wp-content\/uploads\/2022\/09\/edificio_mood_gamarra_036-150x150.jpg\" class=\"attachment-thumbnail size-thumbnail\" alt=\"Edificio de viviendas Gamarra 1245 \/ LST Arquitectura\" aria-describedby=\"gallery-1-72802\" \/><\/a>\n\t\t\t<\/div>\n\t\t\t\t<figcaption class='wp-caption-text gallery-caption' id='gallery-1-72802'>\n\t\t\t\tEdificio de viviendas Gamarra 1245 \/ LST Arquitectura (\u00a9 Ramiro Sosa)\n\t\t\t\t<\/figcaption><\/figure><figure class='gallery-item'>\n\t\t\t<div class='gallery-icon portrait'>\n\t\t\t\t<a href='https:\/\/www.arquimaster.com.ar\/web\/wp-content\/uploads\/2022\/09\/edificio_mood_gamarra_037.jpg' title=\"Edificio de viviendas Gamarra 1245 \/ LST Arquitectura (\u00a9 Ramiro Sosa)\" data-rl_title=\"Edificio de viviendas Gamarra 1245 \/ LST Arquitectura (\u00a9 Ramiro Sosa)\" class=\"rl-gallery-link\" data-rl_caption=\"Edificio de viviendas Gamarra 1245 \/ LST Arquitectura (\u00a9 Ramiro Sosa)\" data-rel=\"lightbox-gallery-1\"><img loading=\"lazy\" decoding=\"async\" width=\"150\" height=\"150\" src=\"https:\/\/www.arquimaster.com.ar\/web\/wp-content\/uploads\/2022\/09\/edificio_mood_gamarra_037-150x150.jpg\" class=\"attachment-thumbnail size-thumbnail\" alt=\"Edificio de viviendas Gamarra 1245 \/ LST Arquitectura\" aria-describedby=\"gallery-1-72803\" \/><\/a>\n\t\t\t<\/div>\n\t\t\t\t<figcaption class='wp-caption-text gallery-caption' id='gallery-1-72803'>\n\t\t\t\tEdificio de viviendas Gamarra 1245 \/ LST Arquitectura (\u00a9 Ramiro Sosa)\n\t\t\t\t<\/figcaption><\/figure><figure class='gallery-item'>\n\t\t\t<div class='gallery-icon landscape'>\n\t\t\t\t<a href='https:\/\/www.arquimaster.com.ar\/web\/wp-content\/uploads\/2022\/09\/edificio_mood_gamarra_038.jpg' title=\"Edificio de viviendas Gamarra 1245 \/ LST Arquitectura (\u00a9 Ramiro Sosa)\" data-rl_title=\"Edificio de viviendas Gamarra 1245 \/ LST Arquitectura (\u00a9 Ramiro Sosa)\" class=\"rl-gallery-link\" data-rl_caption=\"Edificio de viviendas Gamarra 1245 \/ LST Arquitectura (\u00a9 Ramiro Sosa)\" data-rel=\"lightbox-gallery-1\"><img loading=\"lazy\" decoding=\"async\" width=\"150\" height=\"150\" src=\"https:\/\/www.arquimaster.com.ar\/web\/wp-content\/uploads\/2022\/09\/edificio_mood_gamarra_038-150x150.jpg\" class=\"attachment-thumbnail size-thumbnail\" alt=\"Edificio de viviendas Gamarra 1245 \/ LST Arquitectura\" aria-describedby=\"gallery-1-72804\" \/><\/a>\n\t\t\t<\/div>\n\t\t\t\t<figcaption class='wp-caption-text gallery-caption' id='gallery-1-72804'>\n\t\t\t\tEdificio de viviendas Gamarra 1245 \/ LST Arquitectura (\u00a9 Ramiro Sosa)\n\t\t\t\t<\/figcaption><\/figure><figure class='gallery-item'>\n\t\t\t<div class='gallery-icon landscape'>\n\t\t\t\t<a href='https:\/\/www.arquimaster.com.ar\/web\/wp-content\/uploads\/2022\/09\/edificio_mood_gamarra_039.jpg' title=\"Edificio de viviendas Gamarra 1245 \/ LST Arquitectura (\u00a9 Ramiro Sosa)\" data-rl_title=\"Edificio de viviendas Gamarra 1245 \/ LST Arquitectura (\u00a9 Ramiro Sosa)\" class=\"rl-gallery-link\" data-rl_caption=\"Edificio de viviendas Gamarra 1245 \/ LST Arquitectura (\u00a9 Ramiro Sosa)\" data-rel=\"lightbox-gallery-1\"><img loading=\"lazy\" decoding=\"async\" width=\"150\" height=\"150\" src=\"https:\/\/www.arquimaster.com.ar\/web\/wp-content\/uploads\/2022\/09\/edificio_mood_gamarra_039-150x150.jpg\" class=\"attachment-thumbnail size-thumbnail\" alt=\"Edificio de viviendas Gamarra 1245 \/ LST Arquitectura\" aria-describedby=\"gallery-1-72805\" \/><\/a>\n\t\t\t<\/div>\n\t\t\t\t<figcaption class='wp-caption-text gallery-caption' id='gallery-1-72805'>\n\t\t\t\tEdificio de viviendas Gamarra 1245 \/ LST Arquitectura (\u00a9 Ramiro Sosa)\n\t\t\t\t<\/figcaption><\/figure><figure class='gallery-item'>\n\t\t\t<div class='gallery-icon landscape'>\n\t\t\t\t<a href='https:\/\/www.arquimaster.com.ar\/web\/wp-content\/uploads\/2022\/09\/edificio_mood_gamarra_040.jpg' title=\"Edificio de viviendas Gamarra 1245 \/ LST Arquitectura (\u00a9 Ramiro Sosa)\" data-rl_title=\"Edificio de viviendas Gamarra 1245 \/ LST Arquitectura (\u00a9 Ramiro Sosa)\" class=\"rl-gallery-link\" data-rl_caption=\"Edificio de viviendas Gamarra 1245 \/ LST Arquitectura (\u00a9 Ramiro Sosa)\" data-rel=\"lightbox-gallery-1\"><img loading=\"lazy\" decoding=\"async\" width=\"150\" height=\"150\" src=\"https:\/\/www.arquimaster.com.ar\/web\/wp-content\/uploads\/2022\/09\/edificio_mood_gamarra_040-150x150.jpg\" class=\"attachment-thumbnail size-thumbnail\" alt=\"Edificio de viviendas Gamarra 1245 \/ LST Arquitectura\" aria-describedby=\"gallery-1-72806\" \/><\/a>\n\t\t\t<\/div>\n\t\t\t\t<figcaption class='wp-caption-text gallery-caption' id='gallery-1-72806'>\n\t\t\t\tEdificio de viviendas Gamarra 1245 \/ LST Arquitectura (\u00a9 Ramiro Sosa)\n\t\t\t\t<\/figcaption><\/figure><figure class='gallery-item'>\n\t\t\t<div class='gallery-icon portrait'>\n\t\t\t\t<a href='https:\/\/www.arquimaster.com.ar\/web\/wp-content\/uploads\/2022\/09\/edificio_mood_gamarra_041.jpg' title=\"Edificio de viviendas Gamarra 1245 \/ LST Arquitectura (\u00a9 Ramiro Sosa)\" data-rl_title=\"Edificio de viviendas Gamarra 1245 \/ LST Arquitectura (\u00a9 Ramiro Sosa)\" class=\"rl-gallery-link\" data-rl_caption=\"Edificio de viviendas Gamarra 1245 \/ LST Arquitectura (\u00a9 Ramiro Sosa)\" data-rel=\"lightbox-gallery-1\"><img loading=\"lazy\" decoding=\"async\" width=\"150\" height=\"150\" src=\"https:\/\/www.arquimaster.com.ar\/web\/wp-content\/uploads\/2022\/09\/edificio_mood_gamarra_041-150x150.jpg\" class=\"attachment-thumbnail size-thumbnail\" alt=\"Edificio de viviendas Gamarra 1245 \/ LST Arquitectura\" aria-describedby=\"gallery-1-72807\" \/><\/a>\n\t\t\t<\/div>\n\t\t\t\t<figcaption class='wp-caption-text gallery-caption' id='gallery-1-72807'>\n\t\t\t\tEdificio de viviendas Gamarra 1245 \/ LST Arquitectura (\u00a9 Ramiro Sosa)\n\t\t\t\t<\/figcaption><\/figure><figure class='gallery-item'>\n\t\t\t<div class='gallery-icon landscape'>\n\t\t\t\t<a href='https:\/\/www.arquimaster.com.ar\/web\/wp-content\/uploads\/2022\/09\/edificio_mood_gamarra_042.jpg' title=\"Edificio de viviendas Gamarra 1245 \/ LST Arquitectura (\u00a9 Ramiro Sosa)\" data-rl_title=\"Edificio de viviendas Gamarra 1245 \/ LST Arquitectura (\u00a9 Ramiro Sosa)\" class=\"rl-gallery-link\" data-rl_caption=\"Edificio de viviendas Gamarra 1245 \/ LST Arquitectura (\u00a9 Ramiro Sosa)\" data-rel=\"lightbox-gallery-1\"><img loading=\"lazy\" decoding=\"async\" width=\"150\" height=\"150\" src=\"https:\/\/www.arquimaster.com.ar\/web\/wp-content\/uploads\/2022\/09\/edificio_mood_gamarra_042-150x150.jpg\" class=\"attachment-thumbnail size-thumbnail\" alt=\"Edificio de viviendas Gamarra 1245 \/ LST Arquitectura\" aria-describedby=\"gallery-1-72808\" \/><\/a>\n\t\t\t<\/div>\n\t\t\t\t<figcaption class='wp-caption-text gallery-caption' id='gallery-1-72808'>\n\t\t\t\tEdificio de viviendas Gamarra 1245 \/ LST Arquitectura (\u00a9 Ramiro Sosa)\n\t\t\t\t<\/figcaption><\/figure><figure class='gallery-item'>\n\t\t\t<div class='gallery-icon landscape'>\n\t\t\t\t<a href='https:\/\/www.arquimaster.com.ar\/web\/wp-content\/uploads\/2022\/09\/edificio_mood_gamarra_043.jpg' title=\"Edificio de viviendas Gamarra 1245 \/ LST Arquitectura (\u00a9 Ramiro Sosa)\" data-rl_title=\"Edificio de viviendas Gamarra 1245 \/ LST Arquitectura (\u00a9 Ramiro Sosa)\" class=\"rl-gallery-link\" data-rl_caption=\"Edificio de viviendas Gamarra 1245 \/ LST Arquitectura (\u00a9 Ramiro Sosa)\" data-rel=\"lightbox-gallery-1\"><img loading=\"lazy\" decoding=\"async\" width=\"150\" height=\"150\" src=\"https:\/\/www.arquimaster.com.ar\/web\/wp-content\/uploads\/2022\/09\/edificio_mood_gamarra_043-150x150.jpg\" class=\"attachment-thumbnail size-thumbnail\" alt=\"Edificio de viviendas Gamarra 1245 \/ LST Arquitectura\" aria-describedby=\"gallery-1-72809\" \/><\/a>\n\t\t\t<\/div>\n\t\t\t\t<figcaption class='wp-caption-text gallery-caption' id='gallery-1-72809'>\n\t\t\t\tEdificio de viviendas Gamarra 1245 \/ LST Arquitectura (\u00a9 Ramiro Sosa)\n\t\t\t\t<\/figcaption><\/figure><figure class='gallery-item'>\n\t\t\t<div class='gallery-icon portrait'>\n\t\t\t\t<a href='https:\/\/www.arquimaster.com.ar\/web\/wp-content\/uploads\/2022\/09\/edificio_mood_gamarra_044.jpg' title=\"Edificio de viviendas Gamarra 1245 \/ LST Arquitectura (\u00a9 Ramiro Sosa)\" data-rl_title=\"Edificio de viviendas Gamarra 1245 \/ LST Arquitectura (\u00a9 Ramiro Sosa)\" class=\"rl-gallery-link\" data-rl_caption=\"Edificio de viviendas Gamarra 1245 \/ LST Arquitectura (\u00a9 Ramiro Sosa)\" data-rel=\"lightbox-gallery-1\"><img loading=\"lazy\" decoding=\"async\" width=\"150\" height=\"150\" src=\"https:\/\/www.arquimaster.com.ar\/web\/wp-content\/uploads\/2022\/09\/edificio_mood_gamarra_044-150x150.jpg\" class=\"attachment-thumbnail size-thumbnail\" alt=\"Edificio de viviendas Gamarra 1245 \/ LST Arquitectura\" aria-describedby=\"gallery-1-72810\" \/><\/a>\n\t\t\t<\/div>\n\t\t\t\t<figcaption class='wp-caption-text gallery-caption' id='gallery-1-72810'>\n\t\t\t\tEdificio de viviendas Gamarra 1245 \/ LST Arquitectura (\u00a9 Ramiro Sosa)\n\t\t\t\t<\/figcaption><\/figure><figure class='gallery-item'>\n\t\t\t<div class='gallery-icon landscape'>\n\t\t\t\t<a href='https:\/\/www.arquimaster.com.ar\/web\/wp-content\/uploads\/2022\/09\/edificio_mood_gamarra_045.jpg' title=\"Edificio de viviendas Gamarra 1245 \/ LST Arquitectura (\u00a9 Ramiro Sosa)\" data-rl_title=\"Edificio de viviendas Gamarra 1245 \/ LST Arquitectura (\u00a9 Ramiro Sosa)\" class=\"rl-gallery-link\" data-rl_caption=\"Edificio de viviendas Gamarra 1245 \/ LST Arquitectura (\u00a9 Ramiro Sosa)\" data-rel=\"lightbox-gallery-1\"><img loading=\"lazy\" decoding=\"async\" width=\"150\" height=\"150\" src=\"https:\/\/www.arquimaster.com.ar\/web\/wp-content\/uploads\/2022\/09\/edificio_mood_gamarra_045-150x150.jpg\" class=\"attachment-thumbnail size-thumbnail\" alt=\"Edificio de viviendas Gamarra 1245 \/ LST Arquitectura\" aria-describedby=\"gallery-1-72811\" \/><\/a>\n\t\t\t<\/div>\n\t\t\t\t<figcaption class='wp-caption-text gallery-caption' id='gallery-1-72811'>\n\t\t\t\tEdificio de viviendas Gamarra 1245 \/ LST Arquitectura (\u00a9 Ramiro Sosa)\n\t\t\t\t<\/figcaption><\/figure>\n\t\t<\/div>\n\n<p>Situado en un terreno de dimensiones irregulares de 8,66 metros de frente, el conjunto edilicio se compone de 18 unidades funcionales y amplios espacios comunes para el aprovechamiento colectivo de los mismos. Producto de la diversidad tipol\u00f3gica del barrio, el principal protagonista es el vac\u00edo intencionado, intentando conseguir las mejores orientaciones para el asoleamiento y la generaci\u00f3n de largas visuales.<\/p>\n<p>La s\u00edntesis proyectual se compone de la generaci\u00f3n de dos vol\u00famenes s\u00f3lidos vinculados por una hendidura que regula espacios p\u00fablicos de circulaci\u00f3n y aventanamientos propios de las unidades. Constando de una fachada neutra y pura de cara a la ciudad en el frente. En su fachada contrafrente es protagonista principal el orden de un escalonamiento regulado a fin de captar provechosamente el asoleamiento de las orientaciones Este y Norte.<\/p>\n<p><em>\u00abEl conjunto dispone a lo largo de ocho niveles una mixtura de tipolog\u00edas sabiendo saciar la necesidades del habitar actual, priorizando el justo calibre entre espacios interiores y expansiones propias de cada unidad\u00bb<\/em>, destacan los proyectistas.<\/p>\n<div id='gallery-2' class='gallery galleryid-72765 gallery-columns-3 gallery-size-thumbnail'><figure class='gallery-item'>\n\t\t\t<div class='gallery-icon portrait'>\n\t\t\t\t<a href='https:\/\/www.arquimaster.com.ar\/web\/wp-content\/uploads\/2022\/09\/edificio_mood_gamarra_046.jpg' title=\"Edificio de viviendas Gamarra 1245 \/ LST Arquitectura (\u00a9 Ramiro Sosa)\" data-rl_title=\"Edificio de viviendas Gamarra 1245 \/ LST Arquitectura (\u00a9 Ramiro Sosa)\" class=\"rl-gallery-link\" data-rl_caption=\"Edificio de viviendas Gamarra 1245 \/ LST Arquitectura (\u00a9 Ramiro Sosa)\" data-rel=\"lightbox-gallery-2\"><img loading=\"lazy\" decoding=\"async\" width=\"150\" height=\"150\" src=\"https:\/\/www.arquimaster.com.ar\/web\/wp-content\/uploads\/2022\/09\/edificio_mood_gamarra_046-150x150.jpg\" class=\"attachment-thumbnail size-thumbnail\" alt=\"Edificio de viviendas Gamarra 1245 \/ LST Arquitectura\" aria-describedby=\"gallery-2-72812\" \/><\/a>\n\t\t\t<\/div>\n\t\t\t\t<figcaption class='wp-caption-text gallery-caption' id='gallery-2-72812'>\n\t\t\t\tEdificio de viviendas Gamarra 1245 \/ LST Arquitectura (\u00a9 Ramiro Sosa)\n\t\t\t\t<\/figcaption><\/figure><figure class='gallery-item'>\n\t\t\t<div class='gallery-icon portrait'>\n\t\t\t\t<a href='https:\/\/www.arquimaster.com.ar\/web\/wp-content\/uploads\/2022\/09\/edificio_mood_gamarra_047.jpg' title=\"Edificio de viviendas Gamarra 1245 \/ LST Arquitectura (\u00a9 Ramiro Sosa)\" data-rl_title=\"Edificio de viviendas Gamarra 1245 \/ LST Arquitectura (\u00a9 Ramiro Sosa)\" class=\"rl-gallery-link\" data-rl_caption=\"Edificio de viviendas Gamarra 1245 \/ LST Arquitectura (\u00a9 Ramiro Sosa)\" data-rel=\"lightbox-gallery-2\"><img loading=\"lazy\" decoding=\"async\" width=\"150\" height=\"150\" src=\"https:\/\/www.arquimaster.com.ar\/web\/wp-content\/uploads\/2022\/09\/edificio_mood_gamarra_047-150x150.jpg\" class=\"attachment-thumbnail size-thumbnail\" alt=\"Edificio de viviendas Gamarra 1245 \/ LST Arquitectura\" aria-describedby=\"gallery-2-72813\" \/><\/a>\n\t\t\t<\/div>\n\t\t\t\t<figcaption class='wp-caption-text gallery-caption' id='gallery-2-72813'>\n\t\t\t\tEdificio de viviendas Gamarra 1245 \/ LST Arquitectura (\u00a9 Ramiro Sosa)\n\t\t\t\t<\/figcaption><\/figure><figure class='gallery-item'>\n\t\t\t<div class='gallery-icon landscape'>\n\t\t\t\t<a href='https:\/\/www.arquimaster.com.ar\/web\/wp-content\/uploads\/2022\/09\/edificio_mood_gamarra_048.jpg' title=\"Edificio de viviendas Gamarra 1245 \/ LST Arquitectura (\u00a9 Ramiro Sosa)\" data-rl_title=\"Edificio de viviendas Gamarra 1245 \/ LST Arquitectura (\u00a9 Ramiro Sosa)\" class=\"rl-gallery-link\" data-rl_caption=\"Edificio de viviendas Gamarra 1245 \/ LST Arquitectura (\u00a9 Ramiro Sosa)\" data-rel=\"lightbox-gallery-2\"><img loading=\"lazy\" decoding=\"async\" width=\"150\" height=\"150\" src=\"https:\/\/www.arquimaster.com.ar\/web\/wp-content\/uploads\/2022\/09\/edificio_mood_gamarra_048-150x150.jpg\" class=\"attachment-thumbnail size-thumbnail\" alt=\"Edificio de viviendas Gamarra 1245 \/ LST Arquitectura\" aria-describedby=\"gallery-2-72814\" \/><\/a>\n\t\t\t<\/div>\n\t\t\t\t<figcaption class='wp-caption-text gallery-caption' id='gallery-2-72814'>\n\t\t\t\tEdificio de viviendas Gamarra 1245 \/ LST Arquitectura (\u00a9 Ramiro Sosa)\n\t\t\t\t<\/figcaption><\/figure><figure class='gallery-item'>\n\t\t\t<div class='gallery-icon landscape'>\n\t\t\t\t<a href='https:\/\/www.arquimaster.com.ar\/web\/wp-content\/uploads\/2022\/09\/edificio_mood_gamarra_049.jpg' title=\"Edificio de viviendas Gamarra 1245 \/ LST Arquitectura (\u00a9 Ramiro Sosa)\" data-rl_title=\"Edificio de viviendas Gamarra 1245 \/ LST Arquitectura (\u00a9 Ramiro Sosa)\" class=\"rl-gallery-link\" data-rl_caption=\"Edificio de viviendas Gamarra 1245 \/ LST Arquitectura (\u00a9 Ramiro Sosa)\" data-rel=\"lightbox-gallery-2\"><img loading=\"lazy\" decoding=\"async\" width=\"150\" height=\"150\" src=\"https:\/\/www.arquimaster.com.ar\/web\/wp-content\/uploads\/2022\/09\/edificio_mood_gamarra_049-150x150.jpg\" class=\"attachment-thumbnail size-thumbnail\" alt=\"Edificio de viviendas Gamarra 1245 \/ LST Arquitectura\" aria-describedby=\"gallery-2-72815\" \/><\/a>\n\t\t\t<\/div>\n\t\t\t\t<figcaption class='wp-caption-text gallery-caption' id='gallery-2-72815'>\n\t\t\t\tEdificio de viviendas Gamarra 1245 \/ LST Arquitectura (\u00a9 Ramiro Sosa)\n\t\t\t\t<\/figcaption><\/figure><figure class='gallery-item'>\n\t\t\t<div class='gallery-icon landscape'>\n\t\t\t\t<a href='https:\/\/www.arquimaster.com.ar\/web\/wp-content\/uploads\/2022\/09\/edificio_mood_gamarra_050.jpg' title=\"Edificio de viviendas Gamarra 1245 \/ LST Arquitectura (\u00a9 Ramiro Sosa)\" data-rl_title=\"Edificio de viviendas Gamarra 1245 \/ LST Arquitectura (\u00a9 Ramiro Sosa)\" class=\"rl-gallery-link\" data-rl_caption=\"Edificio de viviendas Gamarra 1245 \/ LST Arquitectura (\u00a9 Ramiro Sosa)\" data-rel=\"lightbox-gallery-2\"><img loading=\"lazy\" decoding=\"async\" width=\"150\" height=\"150\" src=\"https:\/\/www.arquimaster.com.ar\/web\/wp-content\/uploads\/2022\/09\/edificio_mood_gamarra_050-150x150.jpg\" class=\"attachment-thumbnail size-thumbnail\" alt=\"Edificio de viviendas Gamarra 1245 \/ LST Arquitectura\" aria-describedby=\"gallery-2-72816\" \/><\/a>\n\t\t\t<\/div>\n\t\t\t\t<figcaption class='wp-caption-text gallery-caption' id='gallery-2-72816'>\n\t\t\t\tEdificio de viviendas Gamarra 1245 \/ LST Arquitectura (\u00a9 Ramiro Sosa)\n\t\t\t\t<\/figcaption><\/figure><figure class='gallery-item'>\n\t\t\t<div class='gallery-icon portrait'>\n\t\t\t\t<a href='https:\/\/www.arquimaster.com.ar\/web\/wp-content\/uploads\/2022\/09\/edificio_mood_gamarra_051.jpg' title=\"Edificio de viviendas Gamarra 1245 \/ LST Arquitectura (\u00a9 Ramiro Sosa)\" data-rl_title=\"Edificio de viviendas Gamarra 1245 \/ LST Arquitectura (\u00a9 Ramiro Sosa)\" class=\"rl-gallery-link\" data-rl_caption=\"Edificio de viviendas Gamarra 1245 \/ LST Arquitectura (\u00a9 Ramiro Sosa)\" data-rel=\"lightbox-gallery-2\"><img loading=\"lazy\" decoding=\"async\" width=\"150\" height=\"150\" src=\"https:\/\/www.arquimaster.com.ar\/web\/wp-content\/uploads\/2022\/09\/edificio_mood_gamarra_051-150x150.jpg\" class=\"attachment-thumbnail size-thumbnail\" alt=\"Edificio de viviendas Gamarra 1245 \/ LST Arquitectura\" aria-describedby=\"gallery-2-72817\" \/><\/a>\n\t\t\t<\/div>\n\t\t\t\t<figcaption class='wp-caption-text gallery-caption' id='gallery-2-72817'>\n\t\t\t\tEdificio de viviendas Gamarra 1245 \/ LST Arquitectura (\u00a9 Ramiro Sosa)\n\t\t\t\t<\/figcaption><\/figure><figure class='gallery-item'>\n\t\t\t<div class='gallery-icon landscape'>\n\t\t\t\t<a href='https:\/\/www.arquimaster.com.ar\/web\/wp-content\/uploads\/2022\/09\/edificio_mood_gamarra_052.jpg' title=\"Edificio de viviendas Gamarra 1245 \/ LST Arquitectura (\u00a9 Ramiro Sosa)\" data-rl_title=\"Edificio de viviendas Gamarra 1245 \/ LST Arquitectura (\u00a9 Ramiro Sosa)\" class=\"rl-gallery-link\" data-rl_caption=\"Edificio de viviendas Gamarra 1245 \/ LST Arquitectura (\u00a9 Ramiro Sosa)\" data-rel=\"lightbox-gallery-2\"><img loading=\"lazy\" decoding=\"async\" width=\"150\" height=\"150\" src=\"https:\/\/www.arquimaster.com.ar\/web\/wp-content\/uploads\/2022\/09\/edificio_mood_gamarra_052-150x150.jpg\" class=\"attachment-thumbnail size-thumbnail\" alt=\"Edificio de viviendas Gamarra 1245 \/ LST Arquitectura\" aria-describedby=\"gallery-2-72818\" \/><\/a>\n\t\t\t<\/div>\n\t\t\t\t<figcaption class='wp-caption-text gallery-caption' id='gallery-2-72818'>\n\t\t\t\tEdificio de viviendas Gamarra 1245 \/ LST Arquitectura (\u00a9 Ramiro Sosa)\n\t\t\t\t<\/figcaption><\/figure><figure class='gallery-item'>\n\t\t\t<div class='gallery-icon portrait'>\n\t\t\t\t<a href='https:\/\/www.arquimaster.com.ar\/web\/wp-content\/uploads\/2022\/09\/edificio_mood_gamarra_053.jpg' title=\"Edificio de viviendas Gamarra 1245 \/ LST Arquitectura (\u00a9 Ramiro Sosa)\" data-rl_title=\"Edificio de viviendas Gamarra 1245 \/ LST Arquitectura (\u00a9 Ramiro Sosa)\" class=\"rl-gallery-link\" data-rl_caption=\"Edificio de viviendas Gamarra 1245 \/ LST Arquitectura (\u00a9 Ramiro Sosa)\" data-rel=\"lightbox-gallery-2\"><img loading=\"lazy\" decoding=\"async\" width=\"150\" height=\"150\" src=\"https:\/\/www.arquimaster.com.ar\/web\/wp-content\/uploads\/2022\/09\/edificio_mood_gamarra_053-150x150.jpg\" class=\"attachment-thumbnail size-thumbnail\" alt=\"Edificio de viviendas Gamarra 1245 \/ LST Arquitectura\" aria-describedby=\"gallery-2-72819\" \/><\/a>\n\t\t\t<\/div>\n\t\t\t\t<figcaption class='wp-caption-text gallery-caption' id='gallery-2-72819'>\n\t\t\t\tEdificio de viviendas Gamarra 1245 \/ LST Arquitectura (\u00a9 Ramiro Sosa)\n\t\t\t\t<\/figcaption><\/figure><figure class='gallery-item'>\n\t\t\t<div class='gallery-icon landscape'>\n\t\t\t\t<a href='https:\/\/www.arquimaster.com.ar\/web\/wp-content\/uploads\/2022\/09\/edificio_mood_gamarra_054.jpg' title=\"Edificio de viviendas Gamarra 1245 \/ LST Arquitectura (\u00a9 Ramiro Sosa)\" data-rl_title=\"Edificio de viviendas Gamarra 1245 \/ LST Arquitectura (\u00a9 Ramiro Sosa)\" class=\"rl-gallery-link\" data-rl_caption=\"Edificio de viviendas Gamarra 1245 \/ LST Arquitectura (\u00a9 Ramiro Sosa)\" data-rel=\"lightbox-gallery-2\"><img loading=\"lazy\" decoding=\"async\" width=\"150\" height=\"150\" src=\"https:\/\/www.arquimaster.com.ar\/web\/wp-content\/uploads\/2022\/09\/edificio_mood_gamarra_054-150x150.jpg\" class=\"attachment-thumbnail size-thumbnail\" alt=\"Edificio de viviendas Gamarra 1245 \/ LST Arquitectura\" aria-describedby=\"gallery-2-72820\" \/><\/a>\n\t\t\t<\/div>\n\t\t\t\t<figcaption class='wp-caption-text gallery-caption' id='gallery-2-72820'>\n\t\t\t\tEdificio de viviendas Gamarra 1245 \/ LST Arquitectura (\u00a9 Ramiro Sosa)\n\t\t\t\t<\/figcaption><\/figure><figure class='gallery-item'>\n\t\t\t<div class='gallery-icon landscape'>\n\t\t\t\t<a href='https:\/\/www.arquimaster.com.ar\/web\/wp-content\/uploads\/2022\/09\/edificio_mood_gamarra_055.jpg' title=\"Edificio de viviendas Gamarra 1245 \/ LST Arquitectura (\u00a9 Ramiro Sosa)\" data-rl_title=\"Edificio de viviendas Gamarra 1245 \/ LST Arquitectura (\u00a9 Ramiro Sosa)\" class=\"rl-gallery-link\" data-rl_caption=\"Edificio de viviendas Gamarra 1245 \/ LST Arquitectura (\u00a9 Ramiro Sosa)\" data-rel=\"lightbox-gallery-2\"><img loading=\"lazy\" decoding=\"async\" width=\"150\" height=\"150\" src=\"https:\/\/www.arquimaster.com.ar\/web\/wp-content\/uploads\/2022\/09\/edificio_mood_gamarra_055-150x150.jpg\" class=\"attachment-thumbnail size-thumbnail\" alt=\"Edificio de viviendas Gamarra 1245 \/ LST Arquitectura\" aria-describedby=\"gallery-2-72821\" \/><\/a>\n\t\t\t<\/div>\n\t\t\t\t<figcaption class='wp-caption-text gallery-caption' id='gallery-2-72821'>\n\t\t\t\tEdificio de viviendas Gamarra 1245 \/ LST Arquitectura (\u00a9 Ramiro Sosa)\n\t\t\t\t<\/figcaption><\/figure><figure class='gallery-item'>\n\t\t\t<div class='gallery-icon portrait'>\n\t\t\t\t<a href='https:\/\/www.arquimaster.com.ar\/web\/wp-content\/uploads\/2022\/09\/edificio_mood_gamarra_056.jpg' title=\"Edificio de viviendas Gamarra 1245 \/ LST Arquitectura (\u00a9 Ramiro Sosa)\" data-rl_title=\"Edificio de viviendas Gamarra 1245 \/ LST Arquitectura (\u00a9 Ramiro Sosa)\" class=\"rl-gallery-link\" data-rl_caption=\"Edificio de viviendas Gamarra 1245 \/ LST Arquitectura (\u00a9 Ramiro Sosa)\" data-rel=\"lightbox-gallery-2\"><img loading=\"lazy\" decoding=\"async\" width=\"150\" height=\"150\" src=\"https:\/\/www.arquimaster.com.ar\/web\/wp-content\/uploads\/2022\/09\/edificio_mood_gamarra_056-150x150.jpg\" class=\"attachment-thumbnail size-thumbnail\" alt=\"Edificio de viviendas Gamarra 1245 \/ LST Arquitectura\" aria-describedby=\"gallery-2-72822\" \/><\/a>\n\t\t\t<\/div>\n\t\t\t\t<figcaption class='wp-caption-text gallery-caption' id='gallery-2-72822'>\n\t\t\t\tEdificio de viviendas Gamarra 1245 \/ LST Arquitectura (\u00a9 Ramiro Sosa)\n\t\t\t\t<\/figcaption><\/figure><figure class='gallery-item'>\n\t\t\t<div class='gallery-icon portrait'>\n\t\t\t\t<a href='https:\/\/www.arquimaster.com.ar\/web\/wp-content\/uploads\/2022\/09\/edificio_mood_gamarra_057.jpg' title=\"Edificio de viviendas Gamarra 1245 \/ LST Arquitectura (\u00a9 Ramiro Sosa)\" data-rl_title=\"Edificio de viviendas Gamarra 1245 \/ LST Arquitectura (\u00a9 Ramiro Sosa)\" class=\"rl-gallery-link\" data-rl_caption=\"Edificio de viviendas Gamarra 1245 \/ LST Arquitectura (\u00a9 Ramiro Sosa)\" data-rel=\"lightbox-gallery-2\"><img loading=\"lazy\" decoding=\"async\" width=\"150\" height=\"150\" src=\"https:\/\/www.arquimaster.com.ar\/web\/wp-content\/uploads\/2022\/09\/edificio_mood_gamarra_057-150x150.jpg\" class=\"attachment-thumbnail size-thumbnail\" alt=\"Edificio de viviendas Gamarra 1245 \/ LST Arquitectura\" aria-describedby=\"gallery-2-72823\" \/><\/a>\n\t\t\t<\/div>\n\t\t\t\t<figcaption class='wp-caption-text gallery-caption' id='gallery-2-72823'>\n\t\t\t\tEdificio de viviendas Gamarra 1245 \/ LST Arquitectura (\u00a9 Ramiro Sosa)\n\t\t\t\t<\/figcaption><\/figure><figure class='gallery-item'>\n\t\t\t<div class='gallery-icon portrait'>\n\t\t\t\t<a href='https:\/\/www.arquimaster.com.ar\/web\/wp-content\/uploads\/2022\/09\/edificio_mood_gamarra_058.jpg' title=\"Edificio de viviendas Gamarra 1245 \/ LST Arquitectura (\u00a9 Ramiro Sosa)\" data-rl_title=\"Edificio de viviendas Gamarra 1245 \/ LST Arquitectura (\u00a9 Ramiro Sosa)\" class=\"rl-gallery-link\" data-rl_caption=\"Edificio de viviendas Gamarra 1245 \/ LST Arquitectura (\u00a9 Ramiro Sosa)\" data-rel=\"lightbox-gallery-2\"><img loading=\"lazy\" decoding=\"async\" width=\"150\" height=\"150\" src=\"https:\/\/www.arquimaster.com.ar\/web\/wp-content\/uploads\/2022\/09\/edificio_mood_gamarra_058-150x150.jpg\" class=\"attachment-thumbnail size-thumbnail\" alt=\"Edificio de viviendas Gamarra 1245 \/ LST Arquitectura\" aria-describedby=\"gallery-2-72824\" \/><\/a>\n\t\t\t<\/div>\n\t\t\t\t<figcaption class='wp-caption-text gallery-caption' id='gallery-2-72824'>\n\t\t\t\tEdificio de viviendas Gamarra 1245 \/ LST Arquitectura (\u00a9 Ramiro Sosa)\n\t\t\t\t<\/figcaption><\/figure><figure class='gallery-item'>\n\t\t\t<div class='gallery-icon landscape'>\n\t\t\t\t<a href='https:\/\/www.arquimaster.com.ar\/web\/wp-content\/uploads\/2022\/09\/edificio_mood_gamarra_059.jpg' title=\"Edificio de viviendas Gamarra 1245 \/ LST Arquitectura (\u00a9 Ramiro Sosa)\" data-rl_title=\"Edificio de viviendas Gamarra 1245 \/ LST Arquitectura (\u00a9 Ramiro Sosa)\" class=\"rl-gallery-link\" data-rl_caption=\"Edificio de viviendas Gamarra 1245 \/ LST Arquitectura (\u00a9 Ramiro Sosa)\" data-rel=\"lightbox-gallery-2\"><img loading=\"lazy\" decoding=\"async\" width=\"150\" height=\"150\" src=\"https:\/\/www.arquimaster.com.ar\/web\/wp-content\/uploads\/2022\/09\/edificio_mood_gamarra_059-150x150.jpg\" class=\"attachment-thumbnail size-thumbnail\" alt=\"Edificio de viviendas Gamarra 1245 \/ LST Arquitectura\" aria-describedby=\"gallery-2-72825\" \/><\/a>\n\t\t\t<\/div>\n\t\t\t\t<figcaption class='wp-caption-text gallery-caption' id='gallery-2-72825'>\n\t\t\t\tEdificio de viviendas Gamarra 1245 \/ LST Arquitectura (\u00a9 Ramiro Sosa)\n\t\t\t\t<\/figcaption><\/figure><figure class='gallery-item'>\n\t\t\t<div class='gallery-icon landscape'>\n\t\t\t\t<a href='https:\/\/www.arquimaster.com.ar\/web\/wp-content\/uploads\/2022\/09\/edificio_mood_gamarra_060.jpg' title=\"Edificio de viviendas Gamarra 1245 \/ LST Arquitectura (\u00a9 Ramiro Sosa)\" data-rl_title=\"Edificio de viviendas Gamarra 1245 \/ LST Arquitectura (\u00a9 Ramiro Sosa)\" class=\"rl-gallery-link\" data-rl_caption=\"Edificio de viviendas Gamarra 1245 \/ LST Arquitectura (\u00a9 Ramiro Sosa)\" data-rel=\"lightbox-gallery-2\"><img loading=\"lazy\" decoding=\"async\" width=\"150\" height=\"150\" src=\"https:\/\/www.arquimaster.com.ar\/web\/wp-content\/uploads\/2022\/09\/edificio_mood_gamarra_060-150x150.jpg\" class=\"attachment-thumbnail size-thumbnail\" alt=\"Edificio de viviendas Gamarra 1245 \/ LST Arquitectura\" aria-describedby=\"gallery-2-72826\" \/><\/a>\n\t\t\t<\/div>\n\t\t\t\t<figcaption class='wp-caption-text gallery-caption' id='gallery-2-72826'>\n\t\t\t\tEdificio de viviendas Gamarra 1245 \/ LST Arquitectura (\u00a9 Ramiro Sosa)\n\t\t\t\t<\/figcaption><\/figure><figure class='gallery-item'>\n\t\t\t<div class='gallery-icon landscape'>\n\t\t\t\t<a href='https:\/\/www.arquimaster.com.ar\/web\/wp-content\/uploads\/2022\/09\/edificio_mood_gamarra_061.jpg' title=\"Edificio de viviendas Gamarra 1245 \/ LST Arquitectura (\u00a9 Ramiro Sosa)\" data-rl_title=\"Edificio de viviendas Gamarra 1245 \/ LST Arquitectura (\u00a9 Ramiro Sosa)\" class=\"rl-gallery-link\" data-rl_caption=\"Edificio de viviendas Gamarra 1245 \/ LST Arquitectura (\u00a9 Ramiro Sosa)\" data-rel=\"lightbox-gallery-2\"><img loading=\"lazy\" decoding=\"async\" width=\"150\" height=\"150\" src=\"https:\/\/www.arquimaster.com.ar\/web\/wp-content\/uploads\/2022\/09\/edificio_mood_gamarra_061-150x150.jpg\" class=\"attachment-thumbnail size-thumbnail\" alt=\"Edificio de viviendas Gamarra 1245 \/ LST Arquitectura\" aria-describedby=\"gallery-2-72827\" \/><\/a>\n\t\t\t<\/div>\n\t\t\t\t<figcaption class='wp-caption-text gallery-caption' id='gallery-2-72827'>\n\t\t\t\tEdificio de viviendas Gamarra 1245 \/ LST Arquitectura (\u00a9 Ramiro Sosa)\n\t\t\t\t<\/figcaption><\/figure><figure class='gallery-item'>\n\t\t\t<div class='gallery-icon landscape'>\n\t\t\t\t<a href='https:\/\/www.arquimaster.com.ar\/web\/wp-content\/uploads\/2022\/09\/edificio_mood_gamarra_062.jpg' title=\"Edificio de viviendas Gamarra 1245 \/ LST Arquitectura (\u00a9 Ramiro Sosa)\" data-rl_title=\"Edificio de viviendas Gamarra 1245 \/ LST Arquitectura (\u00a9 Ramiro Sosa)\" class=\"rl-gallery-link\" data-rl_caption=\"Edificio de viviendas Gamarra 1245 \/ LST Arquitectura (\u00a9 Ramiro Sosa)\" data-rel=\"lightbox-gallery-2\"><img loading=\"lazy\" decoding=\"async\" width=\"150\" height=\"150\" src=\"https:\/\/www.arquimaster.com.ar\/web\/wp-content\/uploads\/2022\/09\/edificio_mood_gamarra_062-150x150.jpg\" class=\"attachment-thumbnail size-thumbnail\" alt=\"Edificio de viviendas Gamarra 1245 \/ LST Arquitectura\" aria-describedby=\"gallery-2-72828\" \/><\/a>\n\t\t\t<\/div>\n\t\t\t\t<figcaption class='wp-caption-text gallery-caption' id='gallery-2-72828'>\n\t\t\t\tEdificio de viviendas Gamarra 1245 \/ LST Arquitectura (\u00a9 Ramiro Sosa)\n\t\t\t\t<\/figcaption><\/figure><figure class='gallery-item'>\n\t\t\t<div class='gallery-icon landscape'>\n\t\t\t\t<a href='https:\/\/www.arquimaster.com.ar\/web\/wp-content\/uploads\/2022\/09\/edificio_mood_gamarra_063.jpg' title=\"Edificio de viviendas Gamarra 1245 \/ LST Arquitectura (\u00a9 Ramiro Sosa)\" data-rl_title=\"Edificio de viviendas Gamarra 1245 \/ LST Arquitectura (\u00a9 Ramiro Sosa)\" class=\"rl-gallery-link\" data-rl_caption=\"Edificio de viviendas Gamarra 1245 \/ LST Arquitectura (\u00a9 Ramiro Sosa)\" data-rel=\"lightbox-gallery-2\"><img loading=\"lazy\" decoding=\"async\" width=\"150\" height=\"150\" src=\"https:\/\/www.arquimaster.com.ar\/web\/wp-content\/uploads\/2022\/09\/edificio_mood_gamarra_063-150x150.jpg\" class=\"attachment-thumbnail size-thumbnail\" alt=\"Edificio de viviendas Gamarra 1245 \/ LST Arquitectura\" aria-describedby=\"gallery-2-72829\" \/><\/a>\n\t\t\t<\/div>\n\t\t\t\t<figcaption class='wp-caption-text gallery-caption' id='gallery-2-72829'>\n\t\t\t\tEdificio de viviendas Gamarra 1245 \/ LST Arquitectura (\u00a9 Ramiro Sosa)\n\t\t\t\t<\/figcaption><\/figure><figure class='gallery-item'>\n\t\t\t<div class='gallery-icon landscape'>\n\t\t\t\t<a href='https:\/\/www.arquimaster.com.ar\/web\/wp-content\/uploads\/2022\/09\/edificio_mood_gamarra_064.jpg' title=\"Edificio de viviendas Gamarra 1245 \/ LST Arquitectura (\u00a9 Ramiro Sosa)\" data-rl_title=\"Edificio de viviendas Gamarra 1245 \/ LST Arquitectura (\u00a9 Ramiro Sosa)\" class=\"rl-gallery-link\" data-rl_caption=\"Edificio de viviendas Gamarra 1245 \/ LST Arquitectura (\u00a9 Ramiro Sosa)\" data-rel=\"lightbox-gallery-2\"><img loading=\"lazy\" decoding=\"async\" width=\"150\" height=\"150\" src=\"https:\/\/www.arquimaster.com.ar\/web\/wp-content\/uploads\/2022\/09\/edificio_mood_gamarra_064-150x150.jpg\" class=\"attachment-thumbnail size-thumbnail\" alt=\"Edificio de viviendas Gamarra 1245 \/ LST Arquitectura\" aria-describedby=\"gallery-2-72830\" srcset=\"https:\/\/www.arquimaster.com.ar\/web\/wp-content\/uploads\/2022\/09\/edificio_mood_gamarra_064-150x150.jpg 150w, https:\/\/www.arquimaster.com.ar\/web\/wp-content\/uploads\/2022\/09\/edificio_mood_gamarra_064-768x768.jpg 768w, https:\/\/www.arquimaster.com.ar\/web\/wp-content\/uploads\/2022\/09\/edificio_mood_gamarra_064.jpg 1500w\" sizes=\"auto, (max-width: 150px) 100vw, 150px\" \/><\/a>\n\t\t\t<\/div>\n\t\t\t\t<figcaption class='wp-caption-text gallery-caption' id='gallery-2-72830'>\n\t\t\t\tEdificio de viviendas Gamarra 1245 \/ LST Arquitectura (\u00a9 Ramiro Sosa)\n\t\t\t\t<\/figcaption><\/figure><figure class='gallery-item'>\n\t\t\t<div class='gallery-icon landscape'>\n\t\t\t\t<a href='https:\/\/www.arquimaster.com.ar\/web\/wp-content\/uploads\/2022\/09\/edificio_mood_gamarra_065.jpg' title=\"Edificio de viviendas Gamarra 1245 \/ LST Arquitectura (\u00a9 Ramiro Sosa)\" data-rl_title=\"Edificio de viviendas Gamarra 1245 \/ LST Arquitectura (\u00a9 Ramiro Sosa)\" class=\"rl-gallery-link\" data-rl_caption=\"Edificio de viviendas Gamarra 1245 \/ LST Arquitectura (\u00a9 Ramiro Sosa)\" data-rel=\"lightbox-gallery-2\"><img loading=\"lazy\" decoding=\"async\" width=\"150\" height=\"150\" src=\"https:\/\/www.arquimaster.com.ar\/web\/wp-content\/uploads\/2022\/09\/edificio_mood_gamarra_065-150x150.jpg\" class=\"attachment-thumbnail size-thumbnail\" alt=\"Edificio de viviendas Gamarra 1245 \/ LST Arquitectura\" aria-describedby=\"gallery-2-72831\" \/><\/a>\n\t\t\t<\/div>\n\t\t\t\t<figcaption class='wp-caption-text gallery-caption' id='gallery-2-72831'>\n\t\t\t\tEdificio de viviendas Gamarra 1245 \/ LST Arquitectura (\u00a9 Ramiro Sosa)\n\t\t\t\t<\/figcaption><\/figure><figure class='gallery-item'>\n\t\t\t<div class='gallery-icon landscape'>\n\t\t\t\t<a href='https:\/\/www.arquimaster.com.ar\/web\/wp-content\/uploads\/2022\/09\/edificio_mood_gamarra_066.jpg' title=\"Edificio de viviendas Gamarra 1245 \/ LST Arquitectura (\u00a9 Ramiro Sosa)\" data-rl_title=\"Edificio de viviendas Gamarra 1245 \/ LST Arquitectura (\u00a9 Ramiro Sosa)\" class=\"rl-gallery-link\" data-rl_caption=\"Edificio de viviendas Gamarra 1245 \/ LST Arquitectura (\u00a9 Ramiro Sosa)\" data-rel=\"lightbox-gallery-2\"><img loading=\"lazy\" decoding=\"async\" width=\"150\" height=\"150\" src=\"https:\/\/www.arquimaster.com.ar\/web\/wp-content\/uploads\/2022\/09\/edificio_mood_gamarra_066-150x150.jpg\" class=\"attachment-thumbnail size-thumbnail\" alt=\"Edificio de viviendas Gamarra 1245 \/ LST Arquitectura\" aria-describedby=\"gallery-2-72832\" srcset=\"https:\/\/www.arquimaster.com.ar\/web\/wp-content\/uploads\/2022\/09\/edificio_mood_gamarra_066-150x150.jpg 150w, https:\/\/www.arquimaster.com.ar\/web\/wp-content\/uploads\/2022\/09\/edificio_mood_gamarra_066-768x768.jpg 768w, https:\/\/www.arquimaster.com.ar\/web\/wp-content\/uploads\/2022\/09\/edificio_mood_gamarra_066.jpg 1500w\" sizes=\"auto, (max-width: 150px) 100vw, 150px\" \/><\/a>\n\t\t\t<\/div>\n\t\t\t\t<figcaption class='wp-caption-text gallery-caption' id='gallery-2-72832'>\n\t\t\t\tEdificio de viviendas Gamarra 1245 \/ LST Arquitectura (\u00a9 Ramiro Sosa)\n\t\t\t\t<\/figcaption><\/figure><figure class='gallery-item'>\n\t\t\t<div class='gallery-icon landscape'>\n\t\t\t\t<a href='https:\/\/www.arquimaster.com.ar\/web\/wp-content\/uploads\/2022\/09\/edificio_mood_gamarra_067.jpg' title=\"Edificio de viviendas Gamarra 1245 \/ LST Arquitectura (\u00a9 Ramiro Sosa)\" data-rl_title=\"Edificio de viviendas Gamarra 1245 \/ LST Arquitectura (\u00a9 Ramiro Sosa)\" class=\"rl-gallery-link\" data-rl_caption=\"Edificio de viviendas Gamarra 1245 \/ LST Arquitectura (\u00a9 Ramiro Sosa)\" data-rel=\"lightbox-gallery-2\"><img loading=\"lazy\" decoding=\"async\" width=\"150\" height=\"150\" src=\"https:\/\/www.arquimaster.com.ar\/web\/wp-content\/uploads\/2022\/09\/edificio_mood_gamarra_067-150x150.jpg\" class=\"attachment-thumbnail size-thumbnail\" alt=\"Edificio de viviendas Gamarra 1245 \/ LST Arquitectura\" aria-describedby=\"gallery-2-72833\" \/><\/a>\n\t\t\t<\/div>\n\t\t\t\t<figcaption class='wp-caption-text gallery-caption' id='gallery-2-72833'>\n\t\t\t\tEdificio de viviendas Gamarra 1245 \/ LST Arquitectura (\u00a9 Ramiro Sosa)\n\t\t\t\t<\/figcaption><\/figure><figure class='gallery-item'>\n\t\t\t<div class='gallery-icon portrait'>\n\t\t\t\t<a href='https:\/\/www.arquimaster.com.ar\/web\/wp-content\/uploads\/2022\/09\/edificio_mood_gamarra_068.jpg' title=\"Edificio de viviendas Gamarra 1245 \/ LST Arquitectura (\u00a9 Ramiro Sosa)\" data-rl_title=\"Edificio de viviendas Gamarra 1245 \/ LST Arquitectura (\u00a9 Ramiro Sosa)\" class=\"rl-gallery-link\" data-rl_caption=\"Edificio de viviendas Gamarra 1245 \/ LST Arquitectura (\u00a9 Ramiro Sosa)\" data-rel=\"lightbox-gallery-2\"><img loading=\"lazy\" decoding=\"async\" width=\"150\" height=\"150\" src=\"https:\/\/www.arquimaster.com.ar\/web\/wp-content\/uploads\/2022\/09\/edificio_mood_gamarra_068-150x150.jpg\" class=\"attachment-thumbnail size-thumbnail\" alt=\"Edificio de viviendas Gamarra 1245 \/ LST Arquitectura\" aria-describedby=\"gallery-2-72834\" \/><\/a>\n\t\t\t<\/div>\n\t\t\t\t<figcaption class='wp-caption-text gallery-caption' id='gallery-2-72834'>\n\t\t\t\tEdificio de viviendas Gamarra 1245 \/ LST Arquitectura (\u00a9 Ramiro Sosa)\n\t\t\t\t<\/figcaption><\/figure><figure class='gallery-item'>\n\t\t\t<div class='gallery-icon portrait'>\n\t\t\t\t<a href='https:\/\/www.arquimaster.com.ar\/web\/wp-content\/uploads\/2022\/09\/edificio_mood_gamarra_069.jpg' title=\"Edificio de viviendas Gamarra 1245 \/ LST Arquitectura (\u00a9 Ramiro Sosa)\" data-rl_title=\"Edificio de viviendas Gamarra 1245 \/ LST Arquitectura (\u00a9 Ramiro Sosa)\" class=\"rl-gallery-link\" data-rl_caption=\"Edificio de viviendas Gamarra 1245 \/ LST Arquitectura (\u00a9 Ramiro Sosa)\" data-rel=\"lightbox-gallery-2\"><img loading=\"lazy\" decoding=\"async\" width=\"150\" height=\"150\" src=\"https:\/\/www.arquimaster.com.ar\/web\/wp-content\/uploads\/2022\/09\/edificio_mood_gamarra_069-150x150.jpg\" class=\"attachment-thumbnail size-thumbnail\" alt=\"Edificio de viviendas Gamarra 1245 \/ LST Arquitectura\" aria-describedby=\"gallery-2-72835\" \/><\/a>\n\t\t\t<\/div>\n\t\t\t\t<figcaption class='wp-caption-text gallery-caption' id='gallery-2-72835'>\n\t\t\t\tEdificio de viviendas Gamarra 1245 \/ LST Arquitectura (\u00a9 Ramiro Sosa)\n\t\t\t\t<\/figcaption><\/figure><figure class='gallery-item'>\n\t\t\t<div class='gallery-icon portrait'>\n\t\t\t\t<a href='https:\/\/www.arquimaster.com.ar\/web\/wp-content\/uploads\/2022\/09\/edificio_mood_gamarra_070.jpg' title=\"Edificio de viviendas Gamarra 1245 \/ LST Arquitectura (\u00a9 Ramiro Sosa)\" data-rl_title=\"Edificio de viviendas Gamarra 1245 \/ LST Arquitectura (\u00a9 Ramiro Sosa)\" class=\"rl-gallery-link\" data-rl_caption=\"Edificio de viviendas Gamarra 1245 \/ LST Arquitectura (\u00a9 Ramiro Sosa)\" data-rel=\"lightbox-gallery-2\"><img loading=\"lazy\" decoding=\"async\" width=\"150\" height=\"150\" src=\"https:\/\/www.arquimaster.com.ar\/web\/wp-content\/uploads\/2022\/09\/edificio_mood_gamarra_070-150x150.jpg\" class=\"attachment-thumbnail size-thumbnail\" alt=\"Edificio de viviendas Gamarra 1245 \/ LST Arquitectura\" aria-describedby=\"gallery-2-72836\" \/><\/a>\n\t\t\t<\/div>\n\t\t\t\t<figcaption class='wp-caption-text gallery-caption' id='gallery-2-72836'>\n\t\t\t\tEdificio de viviendas Gamarra 1245 \/ LST Arquitectura (\u00a9 Ramiro Sosa)\n\t\t\t\t<\/figcaption><\/figure><figure class='gallery-item'>\n\t\t\t<div class='gallery-icon portrait'>\n\t\t\t\t<a href='https:\/\/www.arquimaster.com.ar\/web\/wp-content\/uploads\/2022\/09\/edificio_mood_gamarra_071.jpg' title=\"Edificio de viviendas Gamarra 1245 \/ LST Arquitectura (\u00a9 Ramiro Sosa)\" data-rl_title=\"Edificio de viviendas Gamarra 1245 \/ LST Arquitectura (\u00a9 Ramiro Sosa)\" class=\"rl-gallery-link\" data-rl_caption=\"Edificio de viviendas Gamarra 1245 \/ LST Arquitectura (\u00a9 Ramiro Sosa)\" data-rel=\"lightbox-gallery-2\"><img loading=\"lazy\" decoding=\"async\" width=\"150\" height=\"150\" src=\"https:\/\/www.arquimaster.com.ar\/web\/wp-content\/uploads\/2022\/09\/edificio_mood_gamarra_071-150x150.jpg\" class=\"attachment-thumbnail size-thumbnail\" alt=\"Edificio de viviendas Gamarra 1245 \/ LST Arquitectura\" aria-describedby=\"gallery-2-72837\" \/><\/a>\n\t\t\t<\/div>\n\t\t\t\t<figcaption class='wp-caption-text gallery-caption' id='gallery-2-72837'>\n\t\t\t\tEdificio de viviendas Gamarra 1245 \/ LST Arquitectura (\u00a9 Ramiro Sosa)\n\t\t\t\t<\/figcaption><\/figure><figure class='gallery-item'>\n\t\t\t<div class='gallery-icon landscape'>\n\t\t\t\t<a href='https:\/\/www.arquimaster.com.ar\/web\/wp-content\/uploads\/2022\/09\/edificio_mood_gamarra_072.jpg' title=\"Edificio de viviendas Gamarra 1245 \/ LST Arquitectura (\u00a9 Ramiro Sosa)\" data-rl_title=\"Edificio de viviendas Gamarra 1245 \/ LST Arquitectura (\u00a9 Ramiro Sosa)\" class=\"rl-gallery-link\" data-rl_caption=\"Edificio de viviendas Gamarra 1245 \/ LST Arquitectura (\u00a9 Ramiro Sosa)\" data-rel=\"lightbox-gallery-2\"><img loading=\"lazy\" decoding=\"async\" width=\"150\" height=\"150\" src=\"https:\/\/www.arquimaster.com.ar\/web\/wp-content\/uploads\/2022\/09\/edificio_mood_gamarra_072-150x150.jpg\" class=\"attachment-thumbnail size-thumbnail\" alt=\"Edificio de viviendas Gamarra 1245 \/ LST Arquitectura\" aria-describedby=\"gallery-2-72838\" \/><\/a>\n\t\t\t<\/div>\n\t\t\t\t<figcaption class='wp-caption-text gallery-caption' id='gallery-2-72838'>\n\t\t\t\tEdificio de viviendas Gamarra 1245 \/ LST Arquitectura (\u00a9 Ramiro Sosa)\n\t\t\t\t<\/figcaption><\/figure><figure class='gallery-item'>\n\t\t\t<div class='gallery-icon portrait'>\n\t\t\t\t<a href='https:\/\/www.arquimaster.com.ar\/web\/wp-content\/uploads\/2022\/09\/edificio_mood_gamarra_073.jpg' title=\"Edificio de viviendas Gamarra 1245 \/ LST Arquitectura (\u00a9 Ramiro Sosa)\" data-rl_title=\"Edificio de viviendas Gamarra 1245 \/ LST Arquitectura (\u00a9 Ramiro Sosa)\" class=\"rl-gallery-link\" data-rl_caption=\"Edificio de viviendas Gamarra 1245 \/ LST Arquitectura (\u00a9 Ramiro Sosa)\" data-rel=\"lightbox-gallery-2\"><img loading=\"lazy\" decoding=\"async\" width=\"150\" height=\"150\" src=\"https:\/\/www.arquimaster.com.ar\/web\/wp-content\/uploads\/2022\/09\/edificio_mood_gamarra_073-150x150.jpg\" class=\"attachment-thumbnail size-thumbnail\" alt=\"Edificio de viviendas Gamarra 1245 \/ LST Arquitectura\" aria-describedby=\"gallery-2-72839\" \/><\/a>\n\t\t\t<\/div>\n\t\t\t\t<figcaption class='wp-caption-text gallery-caption' id='gallery-2-72839'>\n\t\t\t\tEdificio de viviendas Gamarra 1245 \/ LST Arquitectura (\u00a9 Ramiro Sosa)\n\t\t\t\t<\/figcaption><\/figure><figure class='gallery-item'>\n\t\t\t<div class='gallery-icon landscape'>\n\t\t\t\t<a href='https:\/\/www.arquimaster.com.ar\/web\/wp-content\/uploads\/2022\/09\/edificio_mood_gamarra_074.jpg' title=\"Edificio de viviendas Gamarra 1245 \/ LST Arquitectura (\u00a9 Ramiro Sosa)\" data-rl_title=\"Edificio de viviendas Gamarra 1245 \/ LST Arquitectura (\u00a9 Ramiro Sosa)\" class=\"rl-gallery-link\" data-rl_caption=\"Edificio de viviendas Gamarra 1245 \/ LST Arquitectura (\u00a9 Ramiro Sosa)\" data-rel=\"lightbox-gallery-2\"><img loading=\"lazy\" decoding=\"async\" width=\"150\" height=\"150\" src=\"https:\/\/www.arquimaster.com.ar\/web\/wp-content\/uploads\/2022\/09\/edificio_mood_gamarra_074-150x150.jpg\" class=\"attachment-thumbnail size-thumbnail\" alt=\"Edificio de viviendas Gamarra 1245 \/ LST Arquitectura\" aria-describedby=\"gallery-2-72840\" \/><\/a>\n\t\t\t<\/div>\n\t\t\t\t<figcaption class='wp-caption-text gallery-caption' id='gallery-2-72840'>\n\t\t\t\tEdificio de viviendas Gamarra 1245 \/ LST Arquitectura (\u00a9 Ramiro Sosa)\n\t\t\t\t<\/figcaption><\/figure><figure class='gallery-item'>\n\t\t\t<div class='gallery-icon portrait'>\n\t\t\t\t<a href='https:\/\/www.arquimaster.com.ar\/web\/wp-content\/uploads\/2022\/09\/edificio_mood_gamarra_075.jpg' title=\"Edificio de viviendas Gamarra 1245 \/ LST Arquitectura (\u00a9 Ramiro Sosa)\" data-rl_title=\"Edificio de viviendas Gamarra 1245 \/ LST Arquitectura (\u00a9 Ramiro Sosa)\" class=\"rl-gallery-link\" data-rl_caption=\"Edificio de viviendas Gamarra 1245 \/ LST Arquitectura (\u00a9 Ramiro Sosa)\" data-rel=\"lightbox-gallery-2\"><img loading=\"lazy\" decoding=\"async\" width=\"150\" height=\"150\" src=\"https:\/\/www.arquimaster.com.ar\/web\/wp-content\/uploads\/2022\/09\/edificio_mood_gamarra_075-150x150.jpg\" class=\"attachment-thumbnail size-thumbnail\" alt=\"Edificio de viviendas Gamarra 1245 \/ LST Arquitectura\" aria-describedby=\"gallery-2-72841\" \/><\/a>\n\t\t\t<\/div>\n\t\t\t\t<figcaption class='wp-caption-text gallery-caption' id='gallery-2-72841'>\n\t\t\t\tEdificio de viviendas Gamarra 1245 \/ LST Arquitectura (\u00a9 Ramiro Sosa)\n\t\t\t\t<\/figcaption><\/figure><figure class='gallery-item'>\n\t\t\t<div class='gallery-icon portrait'>\n\t\t\t\t<a href='https:\/\/www.arquimaster.com.ar\/web\/wp-content\/uploads\/2022\/09\/edificio_mood_gamarra_076.jpg' title=\"Edificio de viviendas Gamarra 1245 \/ LST Arquitectura (\u00a9 Ramiro Sosa)\" data-rl_title=\"Edificio de viviendas Gamarra 1245 \/ LST Arquitectura (\u00a9 Ramiro Sosa)\" class=\"rl-gallery-link\" data-rl_caption=\"Edificio de viviendas Gamarra 1245 \/ LST Arquitectura (\u00a9 Ramiro Sosa)\" data-rel=\"lightbox-gallery-2\"><img loading=\"lazy\" decoding=\"async\" width=\"150\" height=\"150\" src=\"https:\/\/www.arquimaster.com.ar\/web\/wp-content\/uploads\/2022\/09\/edificio_mood_gamarra_076-150x150.jpg\" class=\"attachment-thumbnail size-thumbnail\" alt=\"Edificio de viviendas Gamarra 1245 \/ LST Arquitectura\" aria-describedby=\"gallery-2-72842\" \/><\/a>\n\t\t\t<\/div>\n\t\t\t\t<figcaption class='wp-caption-text gallery-caption' id='gallery-2-72842'>\n\t\t\t\tEdificio de viviendas Gamarra 1245 \/ LST Arquitectura (\u00a9 Ramiro Sosa)\n\t\t\t\t<\/figcaption><\/figure><figure class='gallery-item'>\n\t\t\t<div class='gallery-icon landscape'>\n\t\t\t\t<a href='https:\/\/www.arquimaster.com.ar\/web\/wp-content\/uploads\/2022\/09\/edificio_mood_gamarra_077.jpg' title=\"Edificio de viviendas Gamarra 1245 \/ LST Arquitectura (\u00a9 Ramiro Sosa)\" data-rl_title=\"Edificio de viviendas Gamarra 1245 \/ LST Arquitectura (\u00a9 Ramiro Sosa)\" class=\"rl-gallery-link\" data-rl_caption=\"Edificio de viviendas Gamarra 1245 \/ LST Arquitectura (\u00a9 Ramiro Sosa)\" data-rel=\"lightbox-gallery-2\"><img loading=\"lazy\" decoding=\"async\" width=\"150\" height=\"150\" src=\"https:\/\/www.arquimaster.com.ar\/web\/wp-content\/uploads\/2022\/09\/edificio_mood_gamarra_077-150x150.jpg\" class=\"attachment-thumbnail size-thumbnail\" alt=\"Edificio de viviendas Gamarra 1245 \/ LST Arquitectura\" aria-describedby=\"gallery-2-72843\" \/><\/a>\n\t\t\t<\/div>\n\t\t\t\t<figcaption class='wp-caption-text gallery-caption' id='gallery-2-72843'>\n\t\t\t\tEdificio de viviendas Gamarra 1245 \/ LST Arquitectura (\u00a9 Ramiro Sosa)\n\t\t\t\t<\/figcaption><\/figure><figure class='gallery-item'>\n\t\t\t<div class='gallery-icon portrait'>\n\t\t\t\t<a href='https:\/\/www.arquimaster.com.ar\/web\/wp-content\/uploads\/2022\/09\/edificio_mood_gamarra_078.jpg' title=\"Edificio de viviendas Gamarra 1245 \/ LST Arquitectura (planta baja)\" data-rl_title=\"Edificio de viviendas Gamarra 1245 \/ LST Arquitectura (planta baja)\" class=\"rl-gallery-link\" data-rl_caption=\"Edificio de viviendas Gamarra 1245 \/ LST Arquitectura (planta baja)\" data-rel=\"lightbox-gallery-2\"><img loading=\"lazy\" decoding=\"async\" width=\"150\" height=\"150\" src=\"https:\/\/www.arquimaster.com.ar\/web\/wp-content\/uploads\/2022\/09\/edificio_mood_gamarra_078-150x150.jpg\" class=\"attachment-thumbnail size-thumbnail\" alt=\"Edificio de viviendas Gamarra 1245 \/ LST Arquitectura\" aria-describedby=\"gallery-2-72844\" \/><\/a>\n\t\t\t<\/div>\n\t\t\t\t<figcaption class='wp-caption-text gallery-caption' id='gallery-2-72844'>\n\t\t\t\tEdificio de viviendas Gamarra 1245 \/ LST Arquitectura (planta baja)\n\t\t\t\t<\/figcaption><\/figure><figure class='gallery-item'>\n\t\t\t<div class='gallery-icon portrait'>\n\t\t\t\t<a href='https:\/\/www.arquimaster.com.ar\/web\/wp-content\/uploads\/2022\/09\/edificio_mood_gamarra_079.jpg' title=\"Edificio de viviendas Gamarra 1245 \/ LST Arquitectura (planta 1\u00ba nivel)\" data-rl_title=\"Edificio de viviendas Gamarra 1245 \/ LST Arquitectura (planta 1\u00ba nivel)\" class=\"rl-gallery-link\" data-rl_caption=\"Edificio de viviendas Gamarra 1245 \/ LST Arquitectura (planta 1\u00ba nivel)\" data-rel=\"lightbox-gallery-2\"><img loading=\"lazy\" decoding=\"async\" width=\"150\" height=\"150\" src=\"https:\/\/www.arquimaster.com.ar\/web\/wp-content\/uploads\/2022\/09\/edificio_mood_gamarra_079-150x150.jpg\" class=\"attachment-thumbnail size-thumbnail\" alt=\"Edificio de viviendas Gamarra 1245 \/ LST Arquitectura\" aria-describedby=\"gallery-2-72845\" \/><\/a>\n\t\t\t<\/div>\n\t\t\t\t<figcaption class='wp-caption-text gallery-caption' id='gallery-2-72845'>\n\t\t\t\tEdificio de viviendas Gamarra 1245 \/ LST Arquitectura (planta 1\u00ba nivel)\n\t\t\t\t<\/figcaption><\/figure><figure class='gallery-item'>\n\t\t\t<div class='gallery-icon portrait'>\n\t\t\t\t<a href='https:\/\/www.arquimaster.com.ar\/web\/wp-content\/uploads\/2022\/09\/edificio_mood_gamarra_080.jpg' title=\"Edificio de viviendas Gamarra 1245 \/ LST Arquitectura (planta 2\u00ba nivel)\" data-rl_title=\"Edificio de viviendas Gamarra 1245 \/ LST Arquitectura (planta 2\u00ba nivel)\" class=\"rl-gallery-link\" data-rl_caption=\"Edificio de viviendas Gamarra 1245 \/ LST Arquitectura (planta 2\u00ba nivel)\" data-rel=\"lightbox-gallery-2\"><img loading=\"lazy\" decoding=\"async\" width=\"150\" height=\"150\" src=\"https:\/\/www.arquimaster.com.ar\/web\/wp-content\/uploads\/2022\/09\/edificio_mood_gamarra_080-150x150.jpg\" class=\"attachment-thumbnail size-thumbnail\" alt=\"Edificio de viviendas Gamarra 1245 \/ LST Arquitectura\" aria-describedby=\"gallery-2-72846\" \/><\/a>\n\t\t\t<\/div>\n\t\t\t\t<figcaption class='wp-caption-text gallery-caption' id='gallery-2-72846'>\n\t\t\t\tEdificio de viviendas Gamarra 1245 \/ LST Arquitectura (planta 2\u00ba nivel)\n\t\t\t\t<\/figcaption><\/figure><figure class='gallery-item'>\n\t\t\t<div class='gallery-icon portrait'>\n\t\t\t\t<a href='https:\/\/www.arquimaster.com.ar\/web\/wp-content\/uploads\/2022\/09\/edificio_mood_gamarra_081.jpg' title=\"Edificio de viviendas Gamarra 1245 \/ LST Arquitectura (planta 3\u00ba nivel)\" data-rl_title=\"Edificio de viviendas Gamarra 1245 \/ LST Arquitectura (planta 3\u00ba nivel)\" class=\"rl-gallery-link\" data-rl_caption=\"Edificio de viviendas Gamarra 1245 \/ LST Arquitectura (planta 3\u00ba nivel)\" data-rel=\"lightbox-gallery-2\"><img loading=\"lazy\" decoding=\"async\" width=\"150\" height=\"150\" src=\"https:\/\/www.arquimaster.com.ar\/web\/wp-content\/uploads\/2022\/09\/edificio_mood_gamarra_081-150x150.jpg\" class=\"attachment-thumbnail size-thumbnail\" alt=\"Edificio de viviendas Gamarra 1245 \/ LST Arquitectura\" aria-describedby=\"gallery-2-72847\" \/><\/a>\n\t\t\t<\/div>\n\t\t\t\t<figcaption class='wp-caption-text gallery-caption' id='gallery-2-72847'>\n\t\t\t\tEdificio de viviendas Gamarra 1245 \/ LST Arquitectura (planta 3\u00ba nivel)\n\t\t\t\t<\/figcaption><\/figure><figure class='gallery-item'>\n\t\t\t<div class='gallery-icon portrait'>\n\t\t\t\t<a href='https:\/\/www.arquimaster.com.ar\/web\/wp-content\/uploads\/2022\/09\/edificio_mood_gamarra_082.jpg' title=\"Edificio de viviendas Gamarra 1245 \/ LST Arquitectura (planta 4\u00ba nivel)\" data-rl_title=\"Edificio de viviendas Gamarra 1245 \/ LST Arquitectura (planta 4\u00ba nivel)\" class=\"rl-gallery-link\" data-rl_caption=\"Edificio de viviendas Gamarra 1245 \/ LST Arquitectura (planta 4\u00ba nivel)\" data-rel=\"lightbox-gallery-2\"><img loading=\"lazy\" decoding=\"async\" width=\"150\" height=\"150\" src=\"https:\/\/www.arquimaster.com.ar\/web\/wp-content\/uploads\/2022\/09\/edificio_mood_gamarra_082-150x150.jpg\" class=\"attachment-thumbnail size-thumbnail\" alt=\"Edificio de viviendas Gamarra 1245 \/ LST Arquitectura\" aria-describedby=\"gallery-2-72848\" \/><\/a>\n\t\t\t<\/div>\n\t\t\t\t<figcaption class='wp-caption-text gallery-caption' id='gallery-2-72848'>\n\t\t\t\tEdificio de viviendas Gamarra 1245 \/ LST Arquitectura (planta 4\u00ba nivel)\n\t\t\t\t<\/figcaption><\/figure><figure class='gallery-item'>\n\t\t\t<div class='gallery-icon portrait'>\n\t\t\t\t<a href='https:\/\/www.arquimaster.com.ar\/web\/wp-content\/uploads\/2022\/09\/edificio_mood_gamarra_083.jpg' title=\"Edificio de viviendas Gamarra 1245 \/ LST Arquitectura (planta 5\u00ba nivel)\" data-rl_title=\"Edificio de viviendas Gamarra 1245 \/ LST Arquitectura (planta 5\u00ba nivel)\" class=\"rl-gallery-link\" data-rl_caption=\"Edificio de viviendas Gamarra 1245 \/ LST Arquitectura (planta 5\u00ba nivel)\" data-rel=\"lightbox-gallery-2\"><img loading=\"lazy\" decoding=\"async\" width=\"150\" height=\"150\" src=\"https:\/\/www.arquimaster.com.ar\/web\/wp-content\/uploads\/2022\/09\/edificio_mood_gamarra_083-150x150.jpg\" class=\"attachment-thumbnail size-thumbnail\" alt=\"Edificio de viviendas Gamarra 1245 \/ LST Arquitectura\" aria-describedby=\"gallery-2-72849\" \/><\/a>\n\t\t\t<\/div>\n\t\t\t\t<figcaption class='wp-caption-text gallery-caption' id='gallery-2-72849'>\n\t\t\t\tEdificio de viviendas Gamarra 1245 \/ LST Arquitectura (planta 5\u00ba nivel)\n\t\t\t\t<\/figcaption><\/figure><figure class='gallery-item'>\n\t\t\t<div class='gallery-icon portrait'>\n\t\t\t\t<a href='https:\/\/www.arquimaster.com.ar\/web\/wp-content\/uploads\/2022\/09\/edificio_mood_gamarra_084.jpg' title=\"Edificio de viviendas Gamarra 1245 \/ LST Arquitectura (planta 6\u00ba nivel)\" data-rl_title=\"Edificio de viviendas Gamarra 1245 \/ LST Arquitectura (planta 6\u00ba nivel)\" class=\"rl-gallery-link\" data-rl_caption=\"Edificio de viviendas Gamarra 1245 \/ LST Arquitectura (planta 6\u00ba nivel)\" data-rel=\"lightbox-gallery-2\"><img loading=\"lazy\" decoding=\"async\" width=\"150\" height=\"150\" src=\"https:\/\/www.arquimaster.com.ar\/web\/wp-content\/uploads\/2022\/09\/edificio_mood_gamarra_084-150x150.jpg\" class=\"attachment-thumbnail size-thumbnail\" alt=\"Edificio de viviendas Gamarra 1245 \/ LST Arquitectura\" aria-describedby=\"gallery-2-72850\" \/><\/a>\n\t\t\t<\/div>\n\t\t\t\t<figcaption class='wp-caption-text gallery-caption' id='gallery-2-72850'>\n\t\t\t\tEdificio de viviendas Gamarra 1245 \/ LST Arquitectura (planta 6\u00ba nivel)\n\t\t\t\t<\/figcaption><\/figure><figure class='gallery-item'>\n\t\t\t<div class='gallery-icon portrait'>\n\t\t\t\t<a href='https:\/\/www.arquimaster.com.ar\/web\/wp-content\/uploads\/2022\/09\/edificio_mood_gamarra_085.jpg' title=\"Edificio de viviendas Gamarra 1245 \/ LST Arquitectura (planta 7\u00ba nivel)\" data-rl_title=\"Edificio de viviendas Gamarra 1245 \/ LST Arquitectura (planta 7\u00ba nivel)\" class=\"rl-gallery-link\" data-rl_caption=\"Edificio de viviendas Gamarra 1245 \/ LST Arquitectura (planta 7\u00ba nivel)\" data-rel=\"lightbox-gallery-2\"><img loading=\"lazy\" decoding=\"async\" width=\"150\" height=\"150\" src=\"https:\/\/www.arquimaster.com.ar\/web\/wp-content\/uploads\/2022\/09\/edificio_mood_gamarra_085-150x150.jpg\" class=\"attachment-thumbnail size-thumbnail\" alt=\"Edificio de viviendas Gamarra 1245 \/ LST Arquitectura\" aria-describedby=\"gallery-2-72851\" \/><\/a>\n\t\t\t<\/div>\n\t\t\t\t<figcaption class='wp-caption-text gallery-caption' id='gallery-2-72851'>\n\t\t\t\tEdificio de viviendas Gamarra 1245 \/ LST Arquitectura (planta 7\u00ba nivel)\n\t\t\t\t<\/figcaption><\/figure><figure class='gallery-item'>\n\t\t\t<div class='gallery-icon portrait'>\n\t\t\t\t<a href='https:\/\/www.arquimaster.com.ar\/web\/wp-content\/uploads\/2022\/09\/edificio_mood_gamarra_086.jpg' title=\"Edificio de viviendas Gamarra 1245 \/ LST Arquitectura (planta azotea)\" data-rl_title=\"Edificio de viviendas Gamarra 1245 \/ LST Arquitectura (planta azotea)\" class=\"rl-gallery-link\" data-rl_caption=\"Edificio de viviendas Gamarra 1245 \/ LST Arquitectura (planta azotea)\" data-rel=\"lightbox-gallery-2\"><img loading=\"lazy\" decoding=\"async\" width=\"150\" height=\"150\" src=\"https:\/\/www.arquimaster.com.ar\/web\/wp-content\/uploads\/2022\/09\/edificio_mood_gamarra_086-150x150.jpg\" class=\"attachment-thumbnail size-thumbnail\" alt=\"Edificio de viviendas Gamarra 1245 \/ LST Arquitectura\" aria-describedby=\"gallery-2-72852\" \/><\/a>\n\t\t\t<\/div>\n\t\t\t\t<figcaption class='wp-caption-text gallery-caption' id='gallery-2-72852'>\n\t\t\t\tEdificio de viviendas Gamarra 1245 \/ LST Arquitectura (planta azotea)\n\t\t\t\t<\/figcaption><\/figure><figure class='gallery-item'>\n\t\t\t<div class='gallery-icon landscape'>\n\t\t\t\t<a href='https:\/\/www.arquimaster.com.ar\/web\/wp-content\/uploads\/2022\/09\/edificio_mood_gamarra_087.jpg' title=\"Edificio de viviendas Gamarra 1245 \/ LST Arquitectura (corte)\" data-rl_title=\"Edificio de viviendas Gamarra 1245 \/ LST Arquitectura (corte)\" class=\"rl-gallery-link\" data-rl_caption=\"Edificio de viviendas Gamarra 1245 \/ LST Arquitectura (corte)\" data-rel=\"lightbox-gallery-2\"><img loading=\"lazy\" decoding=\"async\" width=\"150\" height=\"150\" src=\"https:\/\/www.arquimaster.com.ar\/web\/wp-content\/uploads\/2022\/09\/edificio_mood_gamarra_087-150x150.jpg\" class=\"attachment-thumbnail size-thumbnail\" alt=\"Edificio de viviendas Gamarra 1245 \/ LST Arquitectura\" aria-describedby=\"gallery-2-72853\" \/><\/a>\n\t\t\t<\/div>\n\t\t\t\t<figcaption class='wp-caption-text gallery-caption' id='gallery-2-72853'>\n\t\t\t\tEdificio de viviendas Gamarra 1245 \/ LST Arquitectura (corte)\n\t\t\t\t<\/figcaption><\/figure><figure class='gallery-item'>\n\t\t\t<div class='gallery-icon landscape'>\n\t\t\t\t<a href='https:\/\/www.arquimaster.com.ar\/web\/wp-content\/uploads\/2022\/09\/edificio_mood_gamarra_088.jpg' title=\"Edificio de viviendas Gamarra 1245 \/ LST Arquitectura (corte)\" data-rl_title=\"Edificio de viviendas Gamarra 1245 \/ LST Arquitectura (corte)\" class=\"rl-gallery-link\" data-rl_caption=\"Edificio de viviendas Gamarra 1245 \/ LST Arquitectura (corte)\" data-rel=\"lightbox-gallery-2\"><img loading=\"lazy\" decoding=\"async\" width=\"150\" height=\"150\" src=\"https:\/\/www.arquimaster.com.ar\/web\/wp-content\/uploads\/2022\/09\/edificio_mood_gamarra_088-150x150.jpg\" class=\"attachment-thumbnail size-thumbnail\" alt=\"Edificio de viviendas Gamarra 1245 \/ LST Arquitectura\" aria-describedby=\"gallery-2-72854\" \/><\/a>\n\t\t\t<\/div>\n\t\t\t\t<figcaption class='wp-caption-text gallery-caption' id='gallery-2-72854'>\n\t\t\t\tEdificio de viviendas Gamarra 1245 \/ LST Arquitectura (corte)\n\t\t\t\t<\/figcaption><\/figure><figure class='gallery-item'>\n\t\t\t<div class='gallery-icon landscape'>\n\t\t\t\t<a href='https:\/\/www.arquimaster.com.ar\/web\/wp-content\/uploads\/2022\/09\/edificio_mood_gamarra_089.jpg' title=\"Edificio de viviendas Gamarra 1245 \/ LST Arquitectura (corte)\" data-rl_title=\"Edificio de viviendas Gamarra 1245 \/ LST Arquitectura (corte)\" class=\"rl-gallery-link\" data-rl_caption=\"Edificio de viviendas Gamarra 1245 \/ LST Arquitectura (corte)\" data-rel=\"lightbox-gallery-2\"><img loading=\"lazy\" decoding=\"async\" width=\"150\" height=\"150\" src=\"https:\/\/www.arquimaster.com.ar\/web\/wp-content\/uploads\/2022\/09\/edificio_mood_gamarra_089-150x150.jpg\" class=\"attachment-thumbnail size-thumbnail\" alt=\"Edificio de viviendas Gamarra 1245 \/ LST Arquitectura\" aria-describedby=\"gallery-2-72855\" \/><\/a>\n\t\t\t<\/div>\n\t\t\t\t<figcaption class='wp-caption-text gallery-caption' id='gallery-2-72855'>\n\t\t\t\tEdificio de viviendas Gamarra 1245 \/ LST Arquitectura (corte)\n\t\t\t\t<\/figcaption><\/figure><figure class='gallery-item'>\n\t\t\t<div class='gallery-icon landscape'>\n\t\t\t\t<a href='https:\/\/www.arquimaster.com.ar\/web\/wp-content\/uploads\/2022\/09\/edificio_mood_gamarra_090.jpg' title=\"Edificio de viviendas Gamarra 1245 \/ LST Arquitectura (vistas)\" data-rl_title=\"Edificio de viviendas Gamarra 1245 \/ LST Arquitectura (vistas)\" class=\"rl-gallery-link\" data-rl_caption=\"Edificio de viviendas Gamarra 1245 \/ LST Arquitectura (vistas)\" data-rel=\"lightbox-gallery-2\"><img loading=\"lazy\" decoding=\"async\" width=\"150\" height=\"150\" src=\"https:\/\/www.arquimaster.com.ar\/web\/wp-content\/uploads\/2022\/09\/edificio_mood_gamarra_090-150x150.jpg\" class=\"attachment-thumbnail size-thumbnail\" alt=\"Edificio de viviendas Gamarra 1245 \/ LST Arquitectura\" aria-describedby=\"gallery-2-72856\" \/><\/a>\n\t\t\t<\/div>\n\t\t\t\t<figcaption class='wp-caption-text gallery-caption' id='gallery-2-72856'>\n\t\t\t\tEdificio de viviendas Gamarra 1245 \/ LST Arquitectura (vistas)\n\t\t\t\t<\/figcaption><\/figure><figure class='gallery-item'>\n\t\t\t<div class='gallery-icon landscape'>\n\t\t\t\t<a href='https:\/\/www.arquimaster.com.ar\/web\/wp-content\/uploads\/2022\/09\/edificio_mood_gamarra_091.jpg' title=\"Edificio de viviendas Gamarra 1245 \/ LST Arquitectura (axonometria)\" data-rl_title=\"Edificio de viviendas Gamarra 1245 \/ LST Arquitectura (axonometria)\" class=\"rl-gallery-link\" data-rl_caption=\"Edificio de viviendas Gamarra 1245 \/ LST Arquitectura (axonometria)\" data-rel=\"lightbox-gallery-2\"><img loading=\"lazy\" decoding=\"async\" width=\"150\" height=\"150\" src=\"https:\/\/www.arquimaster.com.ar\/web\/wp-content\/uploads\/2022\/09\/edificio_mood_gamarra_091-150x150.jpg\" class=\"attachment-thumbnail size-thumbnail\" alt=\"Edificio de viviendas Gamarra 1245 \/ LST Arquitectura\" aria-describedby=\"gallery-2-72857\" srcset=\"https:\/\/www.arquimaster.com.ar\/web\/wp-content\/uploads\/2022\/09\/edificio_mood_gamarra_091-150x150.jpg 150w, https:\/\/www.arquimaster.com.ar\/web\/wp-content\/uploads\/2022\/09\/edificio_mood_gamarra_091-768x768.jpg 768w, https:\/\/www.arquimaster.com.ar\/web\/wp-content\/uploads\/2022\/09\/edificio_mood_gamarra_091-1536x1536.jpg 1536w, https:\/\/www.arquimaster.com.ar\/web\/wp-content\/uploads\/2022\/09\/edificio_mood_gamarra_091.jpg 2000w\" sizes=\"auto, (max-width: 150px) 100vw, 150px\" \/><\/a>\n\t\t\t<\/div>\n\t\t\t\t<figcaption class='wp-caption-text gallery-caption' id='gallery-2-72857'>\n\t\t\t\tEdificio de viviendas Gamarra 1245 \/ LST Arquitectura (axonometria)\n\t\t\t\t<\/figcaption><\/figure>\n\t\t<\/div>\n\n<p>Bajo un alero semi-cubierto conformado por el volumen de balcones, se genera el acceso al edificio intencionando un recorrido que permite explorar diferentes materialidades, expresando distinciones entre el \u00e1mbito p\u00fablico y el privado.<\/p>\n<p>Tras un acceso permeable visualmente desde lo material, se pueden identificar tanto accesos vehiculares como peatonales. Es desde lo peatonal que el recorrido se nutre de intenci\u00f3n e iluminaci\u00f3n hasta culminar al fin en un conjunto de sectores de uso com\u00fan ubicados en los \u00faltimos dos niveles del edificio. Dichos sectores se extienden de manera org\u00e1nica en ambos niveles conectados por una escalera protagonista tanto desde lo formal como elemento que conecta espacios, como desde lo material.<\/p>\n<p>En el s\u00e9ptimo piso se podr\u00e1 encontrar un sector cubierto de uso com\u00fan, identificable por su destacada volumetr\u00eda y con su propia expansi\u00f3n; y en el octavo nivel se desarrolla un sector de piscina y sol\u00e1rium que funciona como remate del conjunto, siendo el punto accesible m\u00e1s elevado, invitando a la pausa y la contemplaci\u00f3n.<\/p>\n<p>Cada tipolog\u00eda de unidad y su ubicaci\u00f3n en el conjunto fue producto del aprovechamiento de las oportunidades que brinda el nuevo c\u00f3digo urban\u00edstico de la Ciudad de Buenos Aires.<\/p>\n<p>Los primeros tres niveles del edificio constan de unidades de un ambiente y un ambiente divisible, dotados de c\u00f3modos espacios de cocina y amplios locales sanitarios. Los cuatro niveles superiores se componen de unidades de dos y tres ambientes, respondiendo eficazmente a los retiros reglamentarios y generando situaciones de porosidad que potencian el aprovechamiento de los espacios exteriores de cada unidad. Se generan espacios maleables y f\u00e1cilmente aprovechables en dialogo constante con lo domestico y lo urbano.<\/p>\n<p>En cuanto a la materialidad y distribuci\u00f3n interior, la pureza de los espacios es dada por acordes tonos de madera en pisos, alacenas y decks exteriores; mientras las visuales dadas por los grandes ventanales son enmarcadas por carpinter\u00edas de aluminio negro. Los espacios exteriores se regulan por la simpleza de vol\u00famenes salientes de hormig\u00f3n visto que contienen sectores de servicios y asadores para cada unidad.<\/p>\n<p>La imagen sint\u00e9tica y depurada del conjunto junto con transiciones controladas hacia la urbanidad permiten que este edificio se emplace de forma arm\u00f3nica en un tejido heterog\u00e9neo a la espera de crecimiento y nuevas interacciones desde lo edilicio.<\/p>\n\n\n<div style=\"height:20px\" aria-hidden=\"true\" class=\"wp-block-spacer\"><\/div>\n\n\n\n<p class=\"has-background\" style=\"background-color:#eaeaea\"><strong>Ficha t\u00e9cnica<\/strong><br>Nombre: Gamarra 1245<br>Ubicaci\u00f3n: Gamarra 1245, Parque Chas, Ciudad de Buenos Aires, Argentina<br>Oficina de arquitectura: LST Arquitectura<br>Superficie construida: 1337 m2<br>A\u00f1o de proyecto: 2018<br>A\u00f1o de finalizaci\u00f3n de construcci\u00f3n: 2021<br>Fotograf\u00edas: <a href=\"https:\/\/www.instagram.com\/ramirososafotografia\/\" target=\"_blank\" rel=\"noreferrer noopener\">Ramiro Sosa<\/a><br><br><strong>Contacto<\/strong><br>Instagram: @lstarquitectura<\/p>\n\n\n\n<div style=\"height:40px\" aria-hidden=\"true\" class=\"wp-block-spacer\"><\/div>\n\n\n<p><strong><em>English version<\/em><\/strong><\/p>\n<p><em>Gamarra 1245 arises as an architectural response to two different searches by the project team: on the one hand, the integration of a medium-scale building volume in an immediate environment that is heterogeneous in itself, in terms of its density; and on the other hand the will to produce in the same volume a contemporary architectural reading but fundamentally of spatial quality. Located on a piece of land with irregular dimensions of 8.66 meters in front, the building complex is made up of 18 flats and large common spaces for their collective use. Product of the typological diversity of the neighbourhood, the main protagonist is the intentional void, trying to achieve the best orientations for sunlight and the generation of long visuals.<\/em><\/p>\n<p><em>The design synthesis is made up of the generation of two solid volumes linked by a slit that regulates public spaces for circulation and windows of the units. Consisting of a neutral and pure facade facing the city in front. The order of a regulated staggering in order to profitably capture the sunlight from the East and North orientations is the main protagonist on its rear fa\u00e7ade.<\/em><\/p>\n<p><em>\u00abThe complex has a mixture of typologies along eight levels knowing how to satisfy the needs of current living, prioritizing the right caliber between interior spaces and expansions of each unit\u00bb, projectors stand out.<\/em><\/p>\n<p><em>Under a semi-covered eaves made up of the volume of balconies, access to the building is generated, intending a route that allows exploring different materials, expressing distinctions between the public and private spheres. After a visually permeable access from the material, both vehicular and pedestrian accesses can be identified. It is from the pedestrian that the route is nourished by intention and lighting until finally culminating in a set of sectors for common use located in the last two levels of the building.<\/em><\/p>\n<p><em>These sectors extend organically on both levels connected by a stairway that is the protagonist both from the formal aspect as an element that connects spaces, as well as from the material aspect. On the seventh floor you can find a covered area for common use, identifiable by its outstanding volumetry and its own expansion; and on the eighth level, a pool and solarium sector is developed that functions as the top of the complex, being the highest accessible point, inviting pause and contemplation.<\/em><\/p>\n<p><em>Each type of unit and its location in the complex was the product of taking advantage of the opportunities offered by the new urban code of the City of Buenos Aires.<\/em><\/p>\n<p><em>The first three levels of the building consist of one-room units and one divisible room, equipped with comfortable kitchen spaces and large sanitary facilities. The four upper levels are made up of two- and three-room units, effectively responding to regulatory withdrawals and generating situations of porosity that enhance the use of the exterior spaces of each unit. Malleable and easily usable spaces are generated in constant dialogue with the domestic and the urban.<\/em><\/p>\n<p><em>As for the materiality and interior distribution, the purity of the spaces is given by chords of wood tones on floors, cupboards and exterior wood deck flooring; while the visuals given by the large windows are framed by black aluminum carpentry. The exterior spaces are regulated by the simplicity of projecting volumes of exposed concrete that contain service sectors and grills for each unit.<\/em><\/p>\n<p><em>The synthetic and refined image of the complex together with controlled transitions towards urbanity allow this building to be harmoniously placed in a heterogeneous fabric awaiting growth and new interactions from the building.<\/em><\/p>\n<div style=\"font-size: 0px; height: 0px; line-height: 0px; margin: 0; padding: 0; clear: both;\"><\/div><div style=\"margin-top: 0px; margin-bottom: 0px;\" class=\"sharethis-inline-share-buttons\" ><\/div>","protected":false},"excerpt":{"rendered":"<p>Imagen sint\u00e9tica y depurada del conjunto junto con transiciones controladas&#8230;<\/p>\n","protected":false},"author":1,"featured_media":72766,"comment_status":"closed","ping_status":"closed","sticky":false,"template":"","format":"standard","meta":{"_uag_custom_page_level_css":"","footnotes":""},"categories":[80,1],"tags":[14,16,87,7556,7555,5539,91],"class_list":["post-72765","post","type-post","status-publish","format-standard","has-post-thumbnail","hentry","category-edificio-viviendas","category-proyecto","tag-argentina","tag-buenos-aires","tag-edificio-de-viviendas","tag-lst-arquitectura","tag-parque-chas","tag-vivienda-colectiva","tag-vivienda-multifamiliar","generate-columns","tablet-grid-50","mobile-grid-100","grid-parent","grid-50"],"yoast_head":"<!-- This site is optimized with the Yoast SEO plugin v27.3 - https:\/\/yoast.com\/product\/yoast-seo-wordpress\/ -->\n<title>Edificio de viviendas Gamarra 1245 \/ LST Arquitectura - Arquimaster<\/title>\n<meta name=\"robots\" content=\"index, follow, max-snippet:-1, max-image-preview:large, max-video-preview:-1\" \/>\n<link rel=\"canonical\" href=\"https:\/\/www.arquimaster.com.ar\/web\/edificio-de-viviendas-gamarra-1245-lst-arquitectura\/\" \/>\n<meta property=\"og:locale\" content=\"es_ES\" \/>\n<meta property=\"og:type\" content=\"article\" \/>\n<meta property=\"og:title\" content=\"Edificio de viviendas Gamarra 1245 \/ LST Arquitectura - Arquimaster\" \/>\n<meta property=\"og:description\" content=\"Imagen sint\u00e9tica y depurada del conjunto junto con transiciones controladas...\" \/>\n<meta property=\"og:url\" content=\"https:\/\/www.arquimaster.com.ar\/web\/edificio-de-viviendas-gamarra-1245-lst-arquitectura\/\" \/>\n<meta property=\"og:site_name\" content=\"Arquimaster\" \/>\n<meta property=\"article:publisher\" content=\"http:\/\/www.facebook.com\/ARQUIMASTER.com.ar\" \/>\n<meta property=\"article:published_time\" content=\"2022-09-22T21:50:53+00:00\" \/>\n<meta property=\"article:modified_time\" content=\"2023-02-17T18:15:39+00:00\" \/>\n<meta property=\"og:image\" content=\"https:\/\/www.arquimaster.com.ar\/web\/wp-content\/uploads\/2022\/09\/edificio_mood_gamarra_slide.jpg\" \/>\n\t<meta property=\"og:image:width\" content=\"698\" \/>\n\t<meta property=\"og:image:height\" content=\"364\" \/>\n\t<meta property=\"og:image:type\" content=\"image\/jpeg\" \/>\n<meta name=\"author\" content=\"Arquimaster\" \/>\n<meta name=\"twitter:card\" content=\"summary_large_image\" \/>\n<meta name=\"twitter:creator\" content=\"@arquimaster\" \/>\n<meta name=\"twitter:site\" content=\"@arquimaster\" \/>\n<meta name=\"twitter:label1\" content=\"Escrito por\" \/>\n\t<meta name=\"twitter:data1\" content=\"Arquimaster\" \/>\n\t<meta name=\"twitter:label2\" content=\"Tiempo de lectura\" \/>\n\t<meta name=\"twitter:data2\" content=\"6 minutos\" \/>\n<script type=\"application\/ld+json\" class=\"yoast-schema-graph\">{\"@context\":\"https:\\\/\\\/schema.org\",\"@graph\":[{\"@type\":\"Article\",\"@id\":\"https:\\\/\\\/www.arquimaster.com.ar\\\/web\\\/edificio-de-viviendas-gamarra-1245-lst-arquitectura\\\/#article\",\"isPartOf\":{\"@id\":\"https:\\\/\\\/www.arquimaster.com.ar\\\/web\\\/edificio-de-viviendas-gamarra-1245-lst-arquitectura\\\/\"},\"author\":{\"name\":\"Arquimaster\",\"@id\":\"https:\\\/\\\/www.arquimaster.com.ar\\\/web\\\/#\\\/schema\\\/person\\\/359e9f7c00193fcde068e0dd2ceb0028\"},\"headline\":\"Edificio de viviendas Gamarra 1245 \\\/ LST Arquitectura\",\"datePublished\":\"2022-09-22T21:50:53+00:00\",\"dateModified\":\"2023-02-17T18:15:39+00:00\",\"mainEntityOfPage\":{\"@id\":\"https:\\\/\\\/www.arquimaster.com.ar\\\/web\\\/edificio-de-viviendas-gamarra-1245-lst-arquitectura\\\/\"},\"wordCount\":1296,\"publisher\":{\"@id\":\"https:\\\/\\\/www.arquimaster.com.ar\\\/web\\\/#organization\"},\"image\":{\"@id\":\"https:\\\/\\\/www.arquimaster.com.ar\\\/web\\\/edificio-de-viviendas-gamarra-1245-lst-arquitectura\\\/#primaryimage\"},\"thumbnailUrl\":\"https:\\\/\\\/www.arquimaster.com.ar\\\/web\\\/wp-content\\\/uploads\\\/2022\\\/09\\\/edificio_mood_gamarra_slide.jpg\",\"keywords\":[\"Argentina\",\"Buenos Aires\",\"edificio de viviendas\",\"LST Arquitectura\",\"Parque Chas\",\"vivienda colectiva\",\"vivienda multifamiliar\"],\"articleSection\":[\"Edificios de viviendas\",\"Proyecto\"],\"inLanguage\":\"es\"},{\"@type\":\"WebPage\",\"@id\":\"https:\\\/\\\/www.arquimaster.com.ar\\\/web\\\/edificio-de-viviendas-gamarra-1245-lst-arquitectura\\\/\",\"url\":\"https:\\\/\\\/www.arquimaster.com.ar\\\/web\\\/edificio-de-viviendas-gamarra-1245-lst-arquitectura\\\/\",\"name\":\"Edificio de viviendas Gamarra 1245 \\\/ LST Arquitectura - Arquimaster\",\"isPartOf\":{\"@id\":\"https:\\\/\\\/www.arquimaster.com.ar\\\/web\\\/#website\"},\"primaryImageOfPage\":{\"@id\":\"https:\\\/\\\/www.arquimaster.com.ar\\\/web\\\/edificio-de-viviendas-gamarra-1245-lst-arquitectura\\\/#primaryimage\"},\"image\":{\"@id\":\"https:\\\/\\\/www.arquimaster.com.ar\\\/web\\\/edificio-de-viviendas-gamarra-1245-lst-arquitectura\\\/#primaryimage\"},\"thumbnailUrl\":\"https:\\\/\\\/www.arquimaster.com.ar\\\/web\\\/wp-content\\\/uploads\\\/2022\\\/09\\\/edificio_mood_gamarra_slide.jpg\",\"datePublished\":\"2022-09-22T21:50:53+00:00\",\"dateModified\":\"2023-02-17T18:15:39+00:00\",\"breadcrumb\":{\"@id\":\"https:\\\/\\\/www.arquimaster.com.ar\\\/web\\\/edificio-de-viviendas-gamarra-1245-lst-arquitectura\\\/#breadcrumb\"},\"inLanguage\":\"es\",\"potentialAction\":[{\"@type\":\"ReadAction\",\"target\":[\"https:\\\/\\\/www.arquimaster.com.ar\\\/web\\\/edificio-de-viviendas-gamarra-1245-lst-arquitectura\\\/\"]}]},{\"@type\":\"ImageObject\",\"inLanguage\":\"es\",\"@id\":\"https:\\\/\\\/www.arquimaster.com.ar\\\/web\\\/edificio-de-viviendas-gamarra-1245-lst-arquitectura\\\/#primaryimage\",\"url\":\"https:\\\/\\\/www.arquimaster.com.ar\\\/web\\\/wp-content\\\/uploads\\\/2022\\\/09\\\/edificio_mood_gamarra_slide.jpg\",\"contentUrl\":\"https:\\\/\\\/www.arquimaster.com.ar\\\/web\\\/wp-content\\\/uploads\\\/2022\\\/09\\\/edificio_mood_gamarra_slide.jpg\",\"width\":698,\"height\":364,\"caption\":\"Edificio de viviendas Gamarra 1245 \\\/ LST Arquitectura\"},{\"@type\":\"BreadcrumbList\",\"@id\":\"https:\\\/\\\/www.arquimaster.com.ar\\\/web\\\/edificio-de-viviendas-gamarra-1245-lst-arquitectura\\\/#breadcrumb\",\"itemListElement\":[{\"@type\":\"ListItem\",\"position\":1,\"name\":\"Portada\",\"item\":\"https:\\\/\\\/www.arquimaster.com.ar\\\/web\\\/\"},{\"@type\":\"ListItem\",\"position\":2,\"name\":\"Edificio de viviendas Gamarra 1245 \\\/ LST Arquitectura\"}]},{\"@type\":\"WebSite\",\"@id\":\"https:\\\/\\\/www.arquimaster.com.ar\\\/web\\\/#website\",\"url\":\"https:\\\/\\\/www.arquimaster.com.ar\\\/web\\\/\",\"name\":\"Arquimaster\",\"description\":\"Web de arquitectura, dise\u00f1o y construccion\",\"publisher\":{\"@id\":\"https:\\\/\\\/www.arquimaster.com.ar\\\/web\\\/#organization\"},\"potentialAction\":[{\"@type\":\"SearchAction\",\"target\":{\"@type\":\"EntryPoint\",\"urlTemplate\":\"https:\\\/\\\/www.arquimaster.com.ar\\\/web\\\/?s={search_term_string}\"},\"query-input\":{\"@type\":\"PropertyValueSpecification\",\"valueRequired\":true,\"valueName\":\"search_term_string\"}}],\"inLanguage\":\"es\"},{\"@type\":\"Organization\",\"@id\":\"https:\\\/\\\/www.arquimaster.com.ar\\\/web\\\/#organization\",\"name\":\"Arquimaster\",\"url\":\"https:\\\/\\\/www.arquimaster.com.ar\\\/web\\\/\",\"logo\":{\"@type\":\"ImageObject\",\"inLanguage\":\"es\",\"@id\":\"https:\\\/\\\/www.arquimaster.com.ar\\\/web\\\/#\\\/schema\\\/logo\\\/image\\\/\",\"url\":\"https:\\\/\\\/www.arquimaster.com.ar\\\/web\\\/wp-content\\\/uploads\\\/2022\\\/06\\\/arquimaster.png\",\"contentUrl\":\"https:\\\/\\\/www.arquimaster.com.ar\\\/web\\\/wp-content\\\/uploads\\\/2022\\\/06\\\/arquimaster.png\",\"width\":594,\"height\":78,\"caption\":\"Arquimaster\"},\"image\":{\"@id\":\"https:\\\/\\\/www.arquimaster.com.ar\\\/web\\\/#\\\/schema\\\/logo\\\/image\\\/\"},\"sameAs\":[\"http:\\\/\\\/www.facebook.com\\\/ARQUIMASTER.com.ar\",\"https:\\\/\\\/x.com\\\/arquimaster\",\"https:\\\/\\\/www.instagram.com\\\/arquimasterblog\\\/\",\"https:\\\/\\\/www.linkedin.com\\\/company\\\/arquimaster\",\"https:\\\/\\\/www.pinterest.com\\\/arquimaster\",\"https:\\\/\\\/t.me\\\/arquimaster\"]},{\"@type\":\"Person\",\"@id\":\"https:\\\/\\\/www.arquimaster.com.ar\\\/web\\\/#\\\/schema\\\/person\\\/359e9f7c00193fcde068e0dd2ceb0028\",\"name\":\"Arquimaster\"}]}<\/script>\n<!-- \/ Yoast SEO plugin. -->","yoast_head_json":{"title":"Edificio de viviendas Gamarra 1245 \/ LST Arquitectura - Arquimaster","robots":{"index":"index","follow":"follow","max-snippet":"max-snippet:-1","max-image-preview":"max-image-preview:large","max-video-preview":"max-video-preview:-1"},"canonical":"https:\/\/www.arquimaster.com.ar\/web\/edificio-de-viviendas-gamarra-1245-lst-arquitectura\/","og_locale":"es_ES","og_type":"article","og_title":"Edificio de viviendas Gamarra 1245 \/ LST Arquitectura - Arquimaster","og_description":"Imagen sint\u00e9tica y depurada del conjunto junto con transiciones controladas...","og_url":"https:\/\/www.arquimaster.com.ar\/web\/edificio-de-viviendas-gamarra-1245-lst-arquitectura\/","og_site_name":"Arquimaster","article_publisher":"http:\/\/www.facebook.com\/ARQUIMASTER.com.ar","article_published_time":"2022-09-22T21:50:53+00:00","article_modified_time":"2023-02-17T18:15:39+00:00","og_image":[{"width":698,"height":364,"url":"https:\/\/www.arquimaster.com.ar\/web\/wp-content\/uploads\/2022\/09\/edificio_mood_gamarra_slide.jpg","type":"image\/jpeg"}],"author":"Arquimaster","twitter_card":"summary_large_image","twitter_creator":"@arquimaster","twitter_site":"@arquimaster","twitter_misc":{"Escrito por":"Arquimaster","Tiempo de lectura":"6 minutos"},"schema":{"@context":"https:\/\/schema.org","@graph":[{"@type":"Article","@id":"https:\/\/www.arquimaster.com.ar\/web\/edificio-de-viviendas-gamarra-1245-lst-arquitectura\/#article","isPartOf":{"@id":"https:\/\/www.arquimaster.com.ar\/web\/edificio-de-viviendas-gamarra-1245-lst-arquitectura\/"},"author":{"name":"Arquimaster","@id":"https:\/\/www.arquimaster.com.ar\/web\/#\/schema\/person\/359e9f7c00193fcde068e0dd2ceb0028"},"headline":"Edificio de viviendas Gamarra 1245 \/ LST Arquitectura","datePublished":"2022-09-22T21:50:53+00:00","dateModified":"2023-02-17T18:15:39+00:00","mainEntityOfPage":{"@id":"https:\/\/www.arquimaster.com.ar\/web\/edificio-de-viviendas-gamarra-1245-lst-arquitectura\/"},"wordCount":1296,"publisher":{"@id":"https:\/\/www.arquimaster.com.ar\/web\/#organization"},"image":{"@id":"https:\/\/www.arquimaster.com.ar\/web\/edificio-de-viviendas-gamarra-1245-lst-arquitectura\/#primaryimage"},"thumbnailUrl":"https:\/\/www.arquimaster.com.ar\/web\/wp-content\/uploads\/2022\/09\/edificio_mood_gamarra_slide.jpg","keywords":["Argentina","Buenos Aires","edificio de viviendas","LST Arquitectura","Parque Chas","vivienda colectiva","vivienda multifamiliar"],"articleSection":["Edificios de viviendas","Proyecto"],"inLanguage":"es"},{"@type":"WebPage","@id":"https:\/\/www.arquimaster.com.ar\/web\/edificio-de-viviendas-gamarra-1245-lst-arquitectura\/","url":"https:\/\/www.arquimaster.com.ar\/web\/edificio-de-viviendas-gamarra-1245-lst-arquitectura\/","name":"Edificio de viviendas Gamarra 1245 \/ LST Arquitectura - Arquimaster","isPartOf":{"@id":"https:\/\/www.arquimaster.com.ar\/web\/#website"},"primaryImageOfPage":{"@id":"https:\/\/www.arquimaster.com.ar\/web\/edificio-de-viviendas-gamarra-1245-lst-arquitectura\/#primaryimage"},"image":{"@id":"https:\/\/www.arquimaster.com.ar\/web\/edificio-de-viviendas-gamarra-1245-lst-arquitectura\/#primaryimage"},"thumbnailUrl":"https:\/\/www.arquimaster.com.ar\/web\/wp-content\/uploads\/2022\/09\/edificio_mood_gamarra_slide.jpg","datePublished":"2022-09-22T21:50:53+00:00","dateModified":"2023-02-17T18:15:39+00:00","breadcrumb":{"@id":"https:\/\/www.arquimaster.com.ar\/web\/edificio-de-viviendas-gamarra-1245-lst-arquitectura\/#breadcrumb"},"inLanguage":"es","potentialAction":[{"@type":"ReadAction","target":["https:\/\/www.arquimaster.com.ar\/web\/edificio-de-viviendas-gamarra-1245-lst-arquitectura\/"]}]},{"@type":"ImageObject","inLanguage":"es","@id":"https:\/\/www.arquimaster.com.ar\/web\/edificio-de-viviendas-gamarra-1245-lst-arquitectura\/#primaryimage","url":"https:\/\/www.arquimaster.com.ar\/web\/wp-content\/uploads\/2022\/09\/edificio_mood_gamarra_slide.jpg","contentUrl":"https:\/\/www.arquimaster.com.ar\/web\/wp-content\/uploads\/2022\/09\/edificio_mood_gamarra_slide.jpg","width":698,"height":364,"caption":"Edificio de viviendas Gamarra 1245 \/ LST Arquitectura"},{"@type":"BreadcrumbList","@id":"https:\/\/www.arquimaster.com.ar\/web\/edificio-de-viviendas-gamarra-1245-lst-arquitectura\/#breadcrumb","itemListElement":[{"@type":"ListItem","position":1,"name":"Portada","item":"https:\/\/www.arquimaster.com.ar\/web\/"},{"@type":"ListItem","position":2,"name":"Edificio de viviendas Gamarra 1245 \/ LST Arquitectura"}]},{"@type":"WebSite","@id":"https:\/\/www.arquimaster.com.ar\/web\/#website","url":"https:\/\/www.arquimaster.com.ar\/web\/","name":"Arquimaster","description":"Web de arquitectura, dise\u00f1o y construccion","publisher":{"@id":"https:\/\/www.arquimaster.com.ar\/web\/#organization"},"potentialAction":[{"@type":"SearchAction","target":{"@type":"EntryPoint","urlTemplate":"https:\/\/www.arquimaster.com.ar\/web\/?s={search_term_string}"},"query-input":{"@type":"PropertyValueSpecification","valueRequired":true,"valueName":"search_term_string"}}],"inLanguage":"es"},{"@type":"Organization","@id":"https:\/\/www.arquimaster.com.ar\/web\/#organization","name":"Arquimaster","url":"https:\/\/www.arquimaster.com.ar\/web\/","logo":{"@type":"ImageObject","inLanguage":"es","@id":"https:\/\/www.arquimaster.com.ar\/web\/#\/schema\/logo\/image\/","url":"https:\/\/www.arquimaster.com.ar\/web\/wp-content\/uploads\/2022\/06\/arquimaster.png","contentUrl":"https:\/\/www.arquimaster.com.ar\/web\/wp-content\/uploads\/2022\/06\/arquimaster.png","width":594,"height":78,"caption":"Arquimaster"},"image":{"@id":"https:\/\/www.arquimaster.com.ar\/web\/#\/schema\/logo\/image\/"},"sameAs":["http:\/\/www.facebook.com\/ARQUIMASTER.com.ar","https:\/\/x.com\/arquimaster","https:\/\/www.instagram.com\/arquimasterblog\/","https:\/\/www.linkedin.com\/company\/arquimaster","https:\/\/www.pinterest.com\/arquimaster","https:\/\/t.me\/arquimaster"]},{"@type":"Person","@id":"https:\/\/www.arquimaster.com.ar\/web\/#\/schema\/person\/359e9f7c00193fcde068e0dd2ceb0028","name":"Arquimaster"}]}},"uagb_featured_image_src":{"full":["https:\/\/www.arquimaster.com.ar\/web\/wp-content\/uploads\/2022\/09\/edificio_mood_gamarra_slide.jpg",698,364,false],"thumbnail":["https:\/\/www.arquimaster.com.ar\/web\/wp-content\/uploads\/2022\/09\/edificio_mood_gamarra_slide-150x150.jpg",150,150,true],"medium":["https:\/\/www.arquimaster.com.ar\/web\/wp-content\/uploads\/2022\/09\/edificio_mood_gamarra_slide.jpg",698,364,false],"medium_large":["https:\/\/www.arquimaster.com.ar\/web\/wp-content\/uploads\/2022\/09\/edificio_mood_gamarra_slide.jpg",698,364,false],"large":["https:\/\/www.arquimaster.com.ar\/web\/wp-content\/uploads\/2022\/09\/edificio_mood_gamarra_slide.jpg",698,364,false],"1536x1536":["https:\/\/www.arquimaster.com.ar\/web\/wp-content\/uploads\/2022\/09\/edificio_mood_gamarra_slide.jpg",698,364,false],"2048x2048":["https:\/\/www.arquimaster.com.ar\/web\/wp-content\/uploads\/2022\/09\/edificio_mood_gamarra_slide.jpg",698,364,false]},"uagb_author_info":{"display_name":"Arquimaster","author_link":"https:\/\/www.arquimaster.com.ar\/web\/author\/arquimaster\/"},"uagb_comment_info":0,"uagb_excerpt":"Imagen sint\u00e9tica y depurada del conjunto junto con transiciones controladas...","_links":{"self":[{"href":"https:\/\/www.arquimaster.com.ar\/web\/wp-json\/wp\/v2\/posts\/72765","targetHints":{"allow":["GET"]}}],"collection":[{"href":"https:\/\/www.arquimaster.com.ar\/web\/wp-json\/wp\/v2\/posts"}],"about":[{"href":"https:\/\/www.arquimaster.com.ar\/web\/wp-json\/wp\/v2\/types\/post"}],"author":[{"embeddable":true,"href":"https:\/\/www.arquimaster.com.ar\/web\/wp-json\/wp\/v2\/users\/1"}],"replies":[{"embeddable":true,"href":"https:\/\/www.arquimaster.com.ar\/web\/wp-json\/wp\/v2\/comments?post=72765"}],"version-history":[{"count":2,"href":"https:\/\/www.arquimaster.com.ar\/web\/wp-json\/wp\/v2\/posts\/72765\/revisions"}],"predecessor-version":[{"id":72859,"href":"https:\/\/www.arquimaster.com.ar\/web\/wp-json\/wp\/v2\/posts\/72765\/revisions\/72859"}],"wp:featuredmedia":[{"embeddable":true,"href":"https:\/\/www.arquimaster.com.ar\/web\/wp-json\/wp\/v2\/media\/72766"}],"wp:attachment":[{"href":"https:\/\/www.arquimaster.com.ar\/web\/wp-json\/wp\/v2\/media?parent=72765"}],"wp:term":[{"taxonomy":"category","embeddable":true,"href":"https:\/\/www.arquimaster.com.ar\/web\/wp-json\/wp\/v2\/categories?post=72765"},{"taxonomy":"post_tag","embeddable":true,"href":"https:\/\/www.arquimaster.com.ar\/web\/wp-json\/wp\/v2\/tags?post=72765"}],"curies":[{"name":"wp","href":"https:\/\/api.w.org\/{rel}","templated":true}]}}