{"id":73008,"date":"2022-10-14T16:35:44","date_gmt":"2022-10-14T19:35:44","guid":{"rendered":"https:\/\/www.arquimaster.com.ar\/web\/?p=73008"},"modified":"2023-02-23T17:16:03","modified_gmt":"2023-02-23T20:16:03","slug":"casa-penfer-haarq-estudio","status":"publish","type":"post","link":"https:\/\/www.arquimaster.com.ar\/web\/casa-penfer-haarq-estudio\/","title":{"rendered":"Casa Penfer \/ Haarq Estudio"},"content":{"rendered":"<div style=\"margin-top: 0px; margin-bottom: 0px;\" class=\"sharethis-inline-share-buttons\" ><\/div><div class=\"b812932af2e751442846f039925109de\" data-index=\"1\" style=\"float: none; margin:25px 0 25px 0; text-align:center;\">\n<script async src=\"https:\/\/pagead2.googlesyndication.com\/pagead\/js\/adsbygoogle.js\"><\/script>\r\n<!-- Arquimaster (superior) -->\r\n<ins class=\"adsbygoogle\"\r\n     style=\"display:block\"\r\n     data-ad-client=\"ca-pub-6351072698456832\"\r\n     data-ad-slot=\"6455489680\"\r\n     data-ad-format=\"auto\"\r\n     data-full-width-responsive=\"true\"><\/ins>\r\n<script>\r\n     (adsbygoogle = window.adsbygoogle || []).push({});\r\n<\/script>\n<\/div>\n<p><strong>Casa Penfer<\/strong> (Zapopan, Jalisco, M\u00e9xico) por <strong>Haarq Estudio<\/strong>. Casa habitaci\u00f3n ubicada en Zapopan Jalisco, dentro del \u00c1rea Metropolitana de Guadalajara, inserto en un contexto privativo de residencias unifamiliares. El terreno cuenta con 319,34 m2. El proyecto se desplanta en 144.02 m2 generando tres niveles de vivienda con un total de 480,29 m2.&nbsp;<\/p>\n<div id='gallery-1' class='gallery galleryid-73008 gallery-columns-3 gallery-size-thumbnail'><figure class='gallery-item'>\n\t\t\t<div class='gallery-icon portrait'>\n\t\t\t\t<a href='https:\/\/www.arquimaster.com.ar\/web\/wp-content\/uploads\/2022\/10\/casa_penfer1.jpg' title=\"Casa Penfer \/ Haarq Estudio (\u00a9 Aldo Gracia)\" data-rl_title=\"Casa Penfer \/ Haarq Estudio (\u00a9 Aldo Gracia)\" class=\"rl-gallery-link\" data-rl_caption=\"Casa Penfer \/ Haarq Estudio (\u00a9 Aldo Gracia)\" data-rel=\"lightbox-gallery-1\"><img loading=\"lazy\" decoding=\"async\" width=\"150\" height=\"150\" src=\"https:\/\/www.arquimaster.com.ar\/web\/wp-content\/uploads\/2022\/10\/casa_penfer1-150x150.jpg\" class=\"attachment-thumbnail size-thumbnail\" alt=\"Casa Penfer \/ Haarq Estudio\" aria-describedby=\"gallery-1-73010\" \/><\/a>\n\t\t\t<\/div>\n\t\t\t\t<figcaption class='wp-caption-text gallery-caption' id='gallery-1-73010'>\n\t\t\t\tCasa Penfer \/ Haarq Estudio (\u00a9 Aldo Gracia)\n\t\t\t\t<\/figcaption><\/figure><figure class='gallery-item'>\n\t\t\t<div class='gallery-icon landscape'>\n\t\t\t\t<a href='https:\/\/www.arquimaster.com.ar\/web\/wp-content\/uploads\/2022\/10\/casa_penfer2.jpg' title=\"Casa Penfer \/ Haarq Estudio (\u00a9 Aldo Gracia)\" data-rl_title=\"Casa Penfer \/ Haarq Estudio (\u00a9 Aldo Gracia)\" class=\"rl-gallery-link\" data-rl_caption=\"Casa Penfer \/ Haarq Estudio (\u00a9 Aldo Gracia)\" data-rel=\"lightbox-gallery-1\"><img loading=\"lazy\" decoding=\"async\" width=\"150\" height=\"150\" src=\"https:\/\/www.arquimaster.com.ar\/web\/wp-content\/uploads\/2022\/10\/casa_penfer2-150x150.jpg\" class=\"attachment-thumbnail size-thumbnail\" alt=\"Casa Penfer \/ Haarq Estudio\" aria-describedby=\"gallery-1-73011\" \/><\/a>\n\t\t\t<\/div>\n\t\t\t\t<figcaption class='wp-caption-text gallery-caption' id='gallery-1-73011'>\n\t\t\t\tCasa Penfer \/ Haarq Estudio (\u00a9 Aldo Gracia)\n\t\t\t\t<\/figcaption><\/figure><figure class='gallery-item'>\n\t\t\t<div class='gallery-icon portrait'>\n\t\t\t\t<a href='https:\/\/www.arquimaster.com.ar\/web\/wp-content\/uploads\/2022\/10\/casa_penfer3.jpg' title=\"Casa Penfer \/ Haarq Estudio (\u00a9 Aldo Gracia)\" data-rl_title=\"Casa Penfer \/ Haarq Estudio (\u00a9 Aldo Gracia)\" class=\"rl-gallery-link\" data-rl_caption=\"Casa Penfer \/ Haarq Estudio (\u00a9 Aldo Gracia)\" data-rel=\"lightbox-gallery-1\"><img loading=\"lazy\" decoding=\"async\" width=\"150\" height=\"150\" src=\"https:\/\/www.arquimaster.com.ar\/web\/wp-content\/uploads\/2022\/10\/casa_penfer3-150x150.jpg\" class=\"attachment-thumbnail size-thumbnail\" alt=\"Casa Penfer \/ Haarq Estudio\" aria-describedby=\"gallery-1-73012\" \/><\/a>\n\t\t\t<\/div>\n\t\t\t\t<figcaption class='wp-caption-text gallery-caption' id='gallery-1-73012'>\n\t\t\t\tCasa Penfer \/ Haarq Estudio (\u00a9 Aldo Gracia)\n\t\t\t\t<\/figcaption><\/figure><figure class='gallery-item'>\n\t\t\t<div class='gallery-icon landscape'>\n\t\t\t\t<a href='https:\/\/www.arquimaster.com.ar\/web\/wp-content\/uploads\/2022\/10\/casa_penfer4.jpg' title=\"Casa Penfer \/ Haarq Estudio (\u00a9 Aldo Gracia)\" data-rl_title=\"Casa Penfer \/ Haarq Estudio (\u00a9 Aldo Gracia)\" class=\"rl-gallery-link\" data-rl_caption=\"Casa Penfer \/ Haarq Estudio (\u00a9 Aldo Gracia)\" data-rel=\"lightbox-gallery-1\"><img loading=\"lazy\" decoding=\"async\" width=\"150\" height=\"150\" src=\"https:\/\/www.arquimaster.com.ar\/web\/wp-content\/uploads\/2022\/10\/casa_penfer4-150x150.jpg\" class=\"attachment-thumbnail size-thumbnail\" alt=\"Casa Penfer \/ Haarq Estudio\" aria-describedby=\"gallery-1-73013\" \/><\/a>\n\t\t\t<\/div>\n\t\t\t\t<figcaption class='wp-caption-text gallery-caption' id='gallery-1-73013'>\n\t\t\t\tCasa Penfer \/ Haarq Estudio (\u00a9 Aldo Gracia)\n\t\t\t\t<\/figcaption><\/figure><figure class='gallery-item'>\n\t\t\t<div class='gallery-icon landscape'>\n\t\t\t\t<a href='https:\/\/www.arquimaster.com.ar\/web\/wp-content\/uploads\/2022\/10\/casa_penfer5.jpg' title=\"Casa Penfer \/ Haarq Estudio (\u00a9 Aldo Gracia)\" data-rl_title=\"Casa Penfer \/ Haarq Estudio (\u00a9 Aldo Gracia)\" class=\"rl-gallery-link\" data-rl_caption=\"Casa Penfer \/ Haarq Estudio (\u00a9 Aldo Gracia)\" data-rel=\"lightbox-gallery-1\"><img loading=\"lazy\" decoding=\"async\" width=\"150\" height=\"150\" src=\"https:\/\/www.arquimaster.com.ar\/web\/wp-content\/uploads\/2022\/10\/casa_penfer5-150x150.jpg\" class=\"attachment-thumbnail size-thumbnail\" alt=\"Casa Penfer \/ Haarq Estudio\" aria-describedby=\"gallery-1-73014\" \/><\/a>\n\t\t\t<\/div>\n\t\t\t\t<figcaption class='wp-caption-text gallery-caption' id='gallery-1-73014'>\n\t\t\t\tCasa Penfer \/ Haarq Estudio (\u00a9 Aldo Gracia)\n\t\t\t\t<\/figcaption><\/figure><figure class='gallery-item'>\n\t\t\t<div class='gallery-icon landscape'>\n\t\t\t\t<a href='https:\/\/www.arquimaster.com.ar\/web\/wp-content\/uploads\/2022\/10\/casa_penfer6.jpg' title=\"Casa Penfer \/ Haarq Estudio (\u00a9 Aldo Gracia)\" data-rl_title=\"Casa Penfer \/ Haarq Estudio (\u00a9 Aldo Gracia)\" class=\"rl-gallery-link\" data-rl_caption=\"Casa Penfer \/ Haarq Estudio (\u00a9 Aldo Gracia)\" data-rel=\"lightbox-gallery-1\"><img loading=\"lazy\" decoding=\"async\" width=\"150\" height=\"150\" src=\"https:\/\/www.arquimaster.com.ar\/web\/wp-content\/uploads\/2022\/10\/casa_penfer6-150x150.jpg\" class=\"attachment-thumbnail size-thumbnail\" alt=\"Casa Penfer \/ Haarq Estudio\" aria-describedby=\"gallery-1-73015\" \/><\/a>\n\t\t\t<\/div>\n\t\t\t\t<figcaption class='wp-caption-text gallery-caption' id='gallery-1-73015'>\n\t\t\t\tCasa Penfer \/ Haarq Estudio (\u00a9 Aldo Gracia)\n\t\t\t\t<\/figcaption><\/figure><figure class='gallery-item'>\n\t\t\t<div class='gallery-icon landscape'>\n\t\t\t\t<a href='https:\/\/www.arquimaster.com.ar\/web\/wp-content\/uploads\/2022\/10\/casa_penfer7.jpg' title=\"Casa Penfer \/ Haarq Estudio (\u00a9 Aldo Gracia)\" data-rl_title=\"Casa Penfer \/ Haarq Estudio (\u00a9 Aldo Gracia)\" class=\"rl-gallery-link\" data-rl_caption=\"Casa Penfer \/ Haarq Estudio (\u00a9 Aldo Gracia)\" data-rel=\"lightbox-gallery-1\"><img loading=\"lazy\" decoding=\"async\" width=\"150\" height=\"150\" src=\"https:\/\/www.arquimaster.com.ar\/web\/wp-content\/uploads\/2022\/10\/casa_penfer7-150x150.jpg\" class=\"attachment-thumbnail size-thumbnail\" alt=\"Casa Penfer \/ Haarq Estudio\" aria-describedby=\"gallery-1-73016\" \/><\/a>\n\t\t\t<\/div>\n\t\t\t\t<figcaption class='wp-caption-text gallery-caption' id='gallery-1-73016'>\n\t\t\t\tCasa Penfer \/ Haarq Estudio (\u00a9 Aldo Gracia)\n\t\t\t\t<\/figcaption><\/figure><figure class='gallery-item'>\n\t\t\t<div class='gallery-icon portrait'>\n\t\t\t\t<a href='https:\/\/www.arquimaster.com.ar\/web\/wp-content\/uploads\/2022\/10\/casa_penfer8.jpg' title=\"Casa Penfer \/ Haarq Estudio (\u00a9 Aldo Gracia)\" data-rl_title=\"Casa Penfer \/ Haarq Estudio (\u00a9 Aldo Gracia)\" class=\"rl-gallery-link\" data-rl_caption=\"Casa Penfer \/ Haarq Estudio (\u00a9 Aldo Gracia)\" data-rel=\"lightbox-gallery-1\"><img loading=\"lazy\" decoding=\"async\" width=\"150\" height=\"150\" src=\"https:\/\/www.arquimaster.com.ar\/web\/wp-content\/uploads\/2022\/10\/casa_penfer8-150x150.jpg\" class=\"attachment-thumbnail size-thumbnail\" alt=\"Casa Penfer \/ Haarq Estudio\" aria-describedby=\"gallery-1-73017\" \/><\/a>\n\t\t\t<\/div>\n\t\t\t\t<figcaption class='wp-caption-text gallery-caption' id='gallery-1-73017'>\n\t\t\t\tCasa Penfer \/ Haarq Estudio (\u00a9 Aldo Gracia)\n\t\t\t\t<\/figcaption><\/figure><figure class='gallery-item'>\n\t\t\t<div class='gallery-icon landscape'>\n\t\t\t\t<a href='https:\/\/www.arquimaster.com.ar\/web\/wp-content\/uploads\/2022\/10\/casa_penfer9.jpg' title=\"Casa Penfer \/ Haarq Estudio (\u00a9 Aldo Gracia)\" data-rl_title=\"Casa Penfer \/ Haarq Estudio (\u00a9 Aldo Gracia)\" class=\"rl-gallery-link\" data-rl_caption=\"Casa Penfer \/ Haarq Estudio (\u00a9 Aldo Gracia)\" data-rel=\"lightbox-gallery-1\"><img loading=\"lazy\" decoding=\"async\" width=\"150\" height=\"150\" src=\"https:\/\/www.arquimaster.com.ar\/web\/wp-content\/uploads\/2022\/10\/casa_penfer9-150x150.jpg\" class=\"attachment-thumbnail size-thumbnail\" alt=\"Casa Penfer \/ Haarq Estudio\" aria-describedby=\"gallery-1-73018\" \/><\/a>\n\t\t\t<\/div>\n\t\t\t\t<figcaption class='wp-caption-text gallery-caption' id='gallery-1-73018'>\n\t\t\t\tCasa Penfer \/ Haarq Estudio (\u00a9 Aldo Gracia)\n\t\t\t\t<\/figcaption><\/figure><figure class='gallery-item'>\n\t\t\t<div class='gallery-icon landscape'>\n\t\t\t\t<a href='https:\/\/www.arquimaster.com.ar\/web\/wp-content\/uploads\/2022\/10\/casa_penfer10.jpg' title=\"Casa Penfer \/ Haarq Estudio (\u00a9 Aldo Gracia)\" data-rl_title=\"Casa Penfer \/ Haarq Estudio (\u00a9 Aldo Gracia)\" class=\"rl-gallery-link\" data-rl_caption=\"Casa Penfer \/ Haarq Estudio (\u00a9 Aldo Gracia)\" data-rel=\"lightbox-gallery-1\"><img loading=\"lazy\" decoding=\"async\" width=\"150\" height=\"150\" src=\"https:\/\/www.arquimaster.com.ar\/web\/wp-content\/uploads\/2022\/10\/casa_penfer10-150x150.jpg\" class=\"attachment-thumbnail size-thumbnail\" alt=\"Casa Penfer \/ Haarq Estudio\" aria-describedby=\"gallery-1-73019\" \/><\/a>\n\t\t\t<\/div>\n\t\t\t\t<figcaption class='wp-caption-text gallery-caption' id='gallery-1-73019'>\n\t\t\t\tCasa Penfer \/ Haarq Estudio (\u00a9 Aldo Gracia)\n\t\t\t\t<\/figcaption><\/figure><figure class='gallery-item'>\n\t\t\t<div class='gallery-icon landscape'>\n\t\t\t\t<a href='https:\/\/www.arquimaster.com.ar\/web\/wp-content\/uploads\/2022\/10\/casa_penfer11.jpg' title=\"Casa Penfer \/ Haarq Estudio (\u00a9 Aldo Gracia)\" data-rl_title=\"Casa Penfer \/ Haarq Estudio (\u00a9 Aldo Gracia)\" class=\"rl-gallery-link\" data-rl_caption=\"Casa Penfer \/ Haarq Estudio (\u00a9 Aldo Gracia)\" data-rel=\"lightbox-gallery-1\"><img loading=\"lazy\" decoding=\"async\" width=\"150\" height=\"150\" src=\"https:\/\/www.arquimaster.com.ar\/web\/wp-content\/uploads\/2022\/10\/casa_penfer11-150x150.jpg\" class=\"attachment-thumbnail size-thumbnail\" alt=\"Casa Penfer \/ Haarq Estudio\" aria-describedby=\"gallery-1-73020\" \/><\/a>\n\t\t\t<\/div>\n\t\t\t\t<figcaption class='wp-caption-text gallery-caption' id='gallery-1-73020'>\n\t\t\t\tCasa Penfer \/ Haarq Estudio (\u00a9 Aldo Gracia)\n\t\t\t\t<\/figcaption><\/figure><figure class='gallery-item'>\n\t\t\t<div class='gallery-icon landscape'>\n\t\t\t\t<a href='https:\/\/www.arquimaster.com.ar\/web\/wp-content\/uploads\/2022\/10\/casa_penfer12.jpg' title=\"Casa Penfer \/ Haarq Estudio (\u00a9 Aldo Gracia)\" data-rl_title=\"Casa Penfer \/ Haarq Estudio (\u00a9 Aldo Gracia)\" class=\"rl-gallery-link\" data-rl_caption=\"Casa Penfer \/ Haarq Estudio (\u00a9 Aldo Gracia)\" data-rel=\"lightbox-gallery-1\"><img loading=\"lazy\" decoding=\"async\" width=\"150\" height=\"150\" src=\"https:\/\/www.arquimaster.com.ar\/web\/wp-content\/uploads\/2022\/10\/casa_penfer12-150x150.jpg\" class=\"attachment-thumbnail size-thumbnail\" alt=\"Casa Penfer \/ Haarq Estudio\" aria-describedby=\"gallery-1-73021\" \/><\/a>\n\t\t\t<\/div>\n\t\t\t\t<figcaption class='wp-caption-text gallery-caption' id='gallery-1-73021'>\n\t\t\t\tCasa Penfer \/ Haarq Estudio (\u00a9 Aldo Gracia)\n\t\t\t\t<\/figcaption><\/figure><figure class='gallery-item'>\n\t\t\t<div class='gallery-icon landscape'>\n\t\t\t\t<a href='https:\/\/www.arquimaster.com.ar\/web\/wp-content\/uploads\/2022\/10\/casa_penfer13.jpg' title=\"Casa Penfer \/ Haarq Estudio (\u00a9 Aldo Gracia)\" data-rl_title=\"Casa Penfer \/ Haarq Estudio (\u00a9 Aldo Gracia)\" class=\"rl-gallery-link\" data-rl_caption=\"Casa Penfer \/ Haarq Estudio (\u00a9 Aldo Gracia)\" data-rel=\"lightbox-gallery-1\"><img loading=\"lazy\" decoding=\"async\" width=\"150\" height=\"150\" src=\"https:\/\/www.arquimaster.com.ar\/web\/wp-content\/uploads\/2022\/10\/casa_penfer13-150x150.jpg\" class=\"attachment-thumbnail size-thumbnail\" alt=\"Casa Penfer \/ Haarq Estudio\" aria-describedby=\"gallery-1-73022\" \/><\/a>\n\t\t\t<\/div>\n\t\t\t\t<figcaption class='wp-caption-text gallery-caption' id='gallery-1-73022'>\n\t\t\t\tCasa Penfer \/ Haarq Estudio (\u00a9 Aldo Gracia)\n\t\t\t\t<\/figcaption><\/figure><figure class='gallery-item'>\n\t\t\t<div class='gallery-icon portrait'>\n\t\t\t\t<a href='https:\/\/www.arquimaster.com.ar\/web\/wp-content\/uploads\/2022\/10\/casa_penfer14.jpg' title=\"Casa Penfer \/ Haarq Estudio (\u00a9 Aldo Gracia)\" data-rl_title=\"Casa Penfer \/ Haarq Estudio (\u00a9 Aldo Gracia)\" class=\"rl-gallery-link\" data-rl_caption=\"Casa Penfer \/ Haarq Estudio (\u00a9 Aldo Gracia)\" data-rel=\"lightbox-gallery-1\"><img loading=\"lazy\" decoding=\"async\" width=\"150\" height=\"150\" src=\"https:\/\/www.arquimaster.com.ar\/web\/wp-content\/uploads\/2022\/10\/casa_penfer14-150x150.jpg\" class=\"attachment-thumbnail size-thumbnail\" alt=\"Casa Penfer \/ Haarq Estudio\" aria-describedby=\"gallery-1-73023\" \/><\/a>\n\t\t\t<\/div>\n\t\t\t\t<figcaption class='wp-caption-text gallery-caption' id='gallery-1-73023'>\n\t\t\t\tCasa Penfer \/ Haarq Estudio (\u00a9 Aldo Gracia)\n\t\t\t\t<\/figcaption><\/figure><figure class='gallery-item'>\n\t\t\t<div class='gallery-icon portrait'>\n\t\t\t\t<a href='https:\/\/www.arquimaster.com.ar\/web\/wp-content\/uploads\/2022\/10\/casa_penfer15.jpg' title=\"Casa Penfer \/ Haarq Estudio (\u00a9 Aldo Gracia)\" data-rl_title=\"Casa Penfer \/ Haarq Estudio (\u00a9 Aldo Gracia)\" class=\"rl-gallery-link\" data-rl_caption=\"Casa Penfer \/ Haarq Estudio (\u00a9 Aldo Gracia)\" data-rel=\"lightbox-gallery-1\"><img loading=\"lazy\" decoding=\"async\" width=\"150\" height=\"150\" src=\"https:\/\/www.arquimaster.com.ar\/web\/wp-content\/uploads\/2022\/10\/casa_penfer15-150x150.jpg\" class=\"attachment-thumbnail size-thumbnail\" alt=\"Casa Penfer \/ Haarq Estudio\" aria-describedby=\"gallery-1-73024\" \/><\/a>\n\t\t\t<\/div>\n\t\t\t\t<figcaption class='wp-caption-text gallery-caption' id='gallery-1-73024'>\n\t\t\t\tCasa Penfer \/ Haarq Estudio (\u00a9 Aldo Gracia)\n\t\t\t\t<\/figcaption><\/figure><figure class='gallery-item'>\n\t\t\t<div class='gallery-icon portrait'>\n\t\t\t\t<a href='https:\/\/www.arquimaster.com.ar\/web\/wp-content\/uploads\/2022\/10\/casa_penfer16.jpg' title=\"Casa Penfer \/ Haarq Estudio (\u00a9 Aldo Gracia)\" data-rl_title=\"Casa Penfer \/ Haarq Estudio (\u00a9 Aldo Gracia)\" class=\"rl-gallery-link\" data-rl_caption=\"Casa Penfer \/ Haarq Estudio (\u00a9 Aldo Gracia)\" data-rel=\"lightbox-gallery-1\"><img loading=\"lazy\" decoding=\"async\" width=\"150\" height=\"150\" src=\"https:\/\/www.arquimaster.com.ar\/web\/wp-content\/uploads\/2022\/10\/casa_penfer16-150x150.jpg\" class=\"attachment-thumbnail size-thumbnail\" alt=\"Casa Penfer \/ Haarq Estudio\" aria-describedby=\"gallery-1-73025\" \/><\/a>\n\t\t\t<\/div>\n\t\t\t\t<figcaption class='wp-caption-text gallery-caption' id='gallery-1-73025'>\n\t\t\t\tCasa Penfer \/ Haarq Estudio (\u00a9 Aldo Gracia)\n\t\t\t\t<\/figcaption><\/figure><figure class='gallery-item'>\n\t\t\t<div class='gallery-icon landscape'>\n\t\t\t\t<a href='https:\/\/www.arquimaster.com.ar\/web\/wp-content\/uploads\/2022\/10\/casa_penfer17.jpg' title=\"Casa Penfer \/ Haarq Estudio (\u00a9 Aldo Gracia)\" data-rl_title=\"Casa Penfer \/ Haarq Estudio (\u00a9 Aldo Gracia)\" class=\"rl-gallery-link\" data-rl_caption=\"Casa Penfer \/ Haarq Estudio (\u00a9 Aldo Gracia)\" data-rel=\"lightbox-gallery-1\"><img loading=\"lazy\" decoding=\"async\" width=\"150\" height=\"150\" src=\"https:\/\/www.arquimaster.com.ar\/web\/wp-content\/uploads\/2022\/10\/casa_penfer17-150x150.jpg\" class=\"attachment-thumbnail size-thumbnail\" alt=\"Casa Penfer \/ Haarq Estudio\" aria-describedby=\"gallery-1-73026\" \/><\/a>\n\t\t\t<\/div>\n\t\t\t\t<figcaption class='wp-caption-text gallery-caption' id='gallery-1-73026'>\n\t\t\t\tCasa Penfer \/ Haarq Estudio (\u00a9 Aldo Gracia)\n\t\t\t\t<\/figcaption><\/figure><figure class='gallery-item'>\n\t\t\t<div class='gallery-icon landscape'>\n\t\t\t\t<a href='https:\/\/www.arquimaster.com.ar\/web\/wp-content\/uploads\/2022\/10\/casa_penfer18.jpg' title=\"Casa Penfer \/ Haarq Estudio (\u00a9 Aldo Gracia)\" data-rl_title=\"Casa Penfer \/ Haarq Estudio (\u00a9 Aldo Gracia)\" class=\"rl-gallery-link\" data-rl_caption=\"Casa Penfer \/ Haarq Estudio (\u00a9 Aldo Gracia)\" data-rel=\"lightbox-gallery-1\"><img loading=\"lazy\" decoding=\"async\" width=\"150\" height=\"150\" src=\"https:\/\/www.arquimaster.com.ar\/web\/wp-content\/uploads\/2022\/10\/casa_penfer18-150x150.jpg\" class=\"attachment-thumbnail size-thumbnail\" alt=\"Casa Penfer \/ Haarq Estudio\" aria-describedby=\"gallery-1-73027\" \/><\/a>\n\t\t\t<\/div>\n\t\t\t\t<figcaption class='wp-caption-text gallery-caption' id='gallery-1-73027'>\n\t\t\t\tCasa Penfer \/ Haarq Estudio (\u00a9 Aldo Gracia)\n\t\t\t\t<\/figcaption><\/figure><figure class='gallery-item'>\n\t\t\t<div class='gallery-icon landscape'>\n\t\t\t\t<a href='https:\/\/www.arquimaster.com.ar\/web\/wp-content\/uploads\/2022\/10\/casa_penfer19.jpg' title=\"Casa Penfer \/ Haarq Estudio (\u00a9 Aldo Gracia)\" data-rl_title=\"Casa Penfer \/ Haarq Estudio (\u00a9 Aldo Gracia)\" class=\"rl-gallery-link\" data-rl_caption=\"Casa Penfer \/ Haarq Estudio (\u00a9 Aldo Gracia)\" data-rel=\"lightbox-gallery-1\"><img loading=\"lazy\" decoding=\"async\" width=\"150\" height=\"150\" src=\"https:\/\/www.arquimaster.com.ar\/web\/wp-content\/uploads\/2022\/10\/casa_penfer19-150x150.jpg\" class=\"attachment-thumbnail size-thumbnail\" alt=\"Casa Penfer \/ Haarq Estudio\" aria-describedby=\"gallery-1-73028\" \/><\/a>\n\t\t\t<\/div>\n\t\t\t\t<figcaption class='wp-caption-text gallery-caption' id='gallery-1-73028'>\n\t\t\t\tCasa Penfer \/ Haarq Estudio (\u00a9 Aldo Gracia)\n\t\t\t\t<\/figcaption><\/figure><figure class='gallery-item'>\n\t\t\t<div class='gallery-icon portrait'>\n\t\t\t\t<a href='https:\/\/www.arquimaster.com.ar\/web\/wp-content\/uploads\/2022\/10\/casa_penfer21.jpg' title=\"Casa Penfer \/ Haarq Estudio (\u00a9 Aldo Gracia)\" data-rl_title=\"Casa Penfer \/ Haarq Estudio (\u00a9 Aldo Gracia)\" class=\"rl-gallery-link\" data-rl_caption=\"Casa Penfer \/ Haarq Estudio (\u00a9 Aldo Gracia)\" data-rel=\"lightbox-gallery-1\"><img loading=\"lazy\" decoding=\"async\" width=\"150\" height=\"150\" src=\"https:\/\/www.arquimaster.com.ar\/web\/wp-content\/uploads\/2022\/10\/casa_penfer21-150x150.jpg\" class=\"attachment-thumbnail size-thumbnail\" alt=\"Casa Penfer \/ Haarq Estudio\" aria-describedby=\"gallery-1-73029\" \/><\/a>\n\t\t\t<\/div>\n\t\t\t\t<figcaption class='wp-caption-text gallery-caption' id='gallery-1-73029'>\n\t\t\t\tCasa Penfer \/ Haarq Estudio (\u00a9 Aldo Gracia)\n\t\t\t\t<\/figcaption><\/figure><figure class='gallery-item'>\n\t\t\t<div class='gallery-icon portrait'>\n\t\t\t\t<a href='https:\/\/www.arquimaster.com.ar\/web\/wp-content\/uploads\/2022\/10\/casa_penfer22.jpg' title=\"Casa Penfer \/ Haarq Estudio (planta baja)\" data-rl_title=\"Casa Penfer \/ Haarq Estudio (planta baja)\" class=\"rl-gallery-link\" data-rl_caption=\"Casa Penfer \/ Haarq Estudio (planta baja)\" data-rel=\"lightbox-gallery-1\"><img loading=\"lazy\" decoding=\"async\" width=\"150\" height=\"150\" src=\"https:\/\/www.arquimaster.com.ar\/web\/wp-content\/uploads\/2022\/10\/casa_penfer22-150x150.jpg\" class=\"attachment-thumbnail size-thumbnail\" alt=\"Casa Penfer \/ Haarq Estudio\" aria-describedby=\"gallery-1-73030\" \/><\/a>\n\t\t\t<\/div>\n\t\t\t\t<figcaption class='wp-caption-text gallery-caption' id='gallery-1-73030'>\n\t\t\t\tCasa Penfer \/ Haarq Estudio (planta baja)\n\t\t\t\t<\/figcaption><\/figure><figure class='gallery-item'>\n\t\t\t<div class='gallery-icon portrait'>\n\t\t\t\t<a href='https:\/\/www.arquimaster.com.ar\/web\/wp-content\/uploads\/2022\/10\/casa_penfer23.jpg' title=\"Casa Penfer \/ Haarq Estudio (planta alta)\" data-rl_title=\"Casa Penfer \/ Haarq Estudio (planta alta)\" class=\"rl-gallery-link\" data-rl_caption=\"Casa Penfer \/ Haarq Estudio (planta alta)\" data-rel=\"lightbox-gallery-1\"><img loading=\"lazy\" decoding=\"async\" width=\"150\" height=\"150\" src=\"https:\/\/www.arquimaster.com.ar\/web\/wp-content\/uploads\/2022\/10\/casa_penfer23-150x150.jpg\" class=\"attachment-thumbnail size-thumbnail\" alt=\"Casa Penfer \/ Haarq Estudio\" aria-describedby=\"gallery-1-73031\" \/><\/a>\n\t\t\t<\/div>\n\t\t\t\t<figcaption class='wp-caption-text gallery-caption' id='gallery-1-73031'>\n\t\t\t\tCasa Penfer \/ Haarq Estudio (planta alta)\n\t\t\t\t<\/figcaption><\/figure>\n\t\t<\/div>\n\n<p>La directriz principal y mayor virtud del proyecto es un volado en el \u00e1rea de comedor y terraza generando una doble altura en sala, sin muro que lo soporte en planta baja, el cual se resolvi\u00f3 por medio de tensores sujetados a trabes en azotea, generando una planta limpia, vinculada y mejor campo visual.<\/p>\n<p>Mediante una \u00f3ptima orientaci\u00f3n y juego de vol\u00famenes, se consigue ventilar e iluminar abundantemente las \u00e1reas p\u00fablicas, mientras que las \u00e1reas privadas gozan de luz y ventilaci\u00f3n regulada m\u00e1s adecuada a sus funciones.<\/p>\n<p>Las tres plantas que conforman el proyecto dictan claramente sus funciones. En s\u00f3tano encontramos \u00e1reas como cochera, de servicio, que se encuentran fuera del \u00e1rea de la casa, en su interior se encuentra con una sala especial para el hombre de la casa con ventilaci\u00f3n natural lograda por un jard\u00edn y una recamara de hu\u00e9spedes o estudio con ba\u00f1o completo.<\/p>\n<p>La planta baja se encuentra elevada del nivel natural del terreno, permitiendo una mayor altura en s\u00f3tano sin la necesidad de hacer una excavaci\u00f3n tan profunda. En esta planta encontramos las \u00e1reas sociales, como sala, comedor, cocina y terraza.<\/p>\n<p>La escalera volada es otro atributo a la casa, la cual te lleva a planta alta en donde encontramos una sala de tele como distribuidor y divisi\u00f3n entre recamaras. Cuenta con la recamara principal con ba\u00f1o vestidor integrado y dos recamaras secundarias, ambas con ba\u00f1o vestidor.<\/p>\n\n\n<div style=\"height:20px\" aria-hidden=\"true\" class=\"wp-block-spacer\"><\/div>\n\n\n\n<p class=\"has-background\" style=\"background-color:#eaeaea\"><strong>Ficha t\u00e9cnica<\/strong><br>Nombre: Casa Penfer<br>Ubicaci\u00f3n: Fraccionamiento El Bajio Habitat, Zapopan, Jalisco, M\u00e9xico<br>Oficina: Haarq Estudio<br>Autores: Fernanda Cabello<br>Equipo de Dise\u00f1o: Haarq Estudio<br>Dise\u00f1o de interiores: Haarq Estudio<br>Superficie: 480,29 m2<br>A\u00f1o finalizaci\u00f3n: 2021<br>Fot\u00f3grafo: Aldo Gracia<br><br><strong>Contacto<\/strong><br><a href=\"https:\/\/www.haarq.mx\" target=\"_blank\" rel=\"noreferrer noopener\">https:\/\/www.haarq.mx<\/a><br>Instagram: @haarq.estudio<br>Facebook: Haarq Estudio<\/p>\n\n\n\n<div style=\"height:40px\" aria-hidden=\"true\" class=\"wp-block-spacer\"><\/div>\n\n<div style=\"font-size: 0px; height: 0px; line-height: 0px; margin: 0; padding: 0; clear: both;\"><\/div><div style=\"margin-top: 0px; margin-bottom: 0px;\" class=\"sharethis-inline-share-buttons\" ><\/div>","protected":false},"excerpt":{"rendered":"<p>La directriz principal y mayor virtud del proyecto es un volado en el \u00e1rea de estar&#8230;<\/p>\n","protected":false},"author":1,"featured_media":73009,"comment_status":"closed","ping_status":"closed","sticky":false,"template":"","format":"standard","meta":{"_uag_custom_page_level_css":"","footnotes":""},"categories":[1,83],"tags":[7554,7553,1052,24,254,2612],"class_list":["post-73008","post","type-post","status-publish","format-standard","has-post-thumbnail","hentry","category-proyecto","category-vivienda-unifamiliar","tag-fernanda-cabello","tag-haarq-estudio","tag-jalisco","tag-mexico","tag-vivienda-unifamiliar-2","tag-zapopan","generate-columns","tablet-grid-50","mobile-grid-100","grid-parent","grid-50"],"yoast_head":"<!-- This site is optimized with the Yoast SEO plugin v27.3 - https:\/\/yoast.com\/product\/yoast-seo-wordpress\/ -->\n<title>Casa Penfer \/ Haarq Estudio - Arquimaster<\/title>\n<meta name=\"description\" content=\"La directriz principal y mayor virtud del proyecto es un volado en el \u00e1rea de comedor y terraza generando una doble altura en sala.\" \/>\n<meta name=\"robots\" content=\"index, follow, max-snippet:-1, max-image-preview:large, max-video-preview:-1\" \/>\n<link rel=\"canonical\" href=\"https:\/\/www.arquimaster.com.ar\/web\/casa-penfer-haarq-estudio\/\" \/>\n<meta property=\"og:locale\" content=\"es_ES\" \/>\n<meta property=\"og:type\" content=\"article\" \/>\n<meta property=\"og:title\" content=\"Casa Penfer \/ Haarq Estudio\" \/>\n<meta property=\"og:description\" content=\"La directriz principal y mayor virtud del proyecto es un volado en el \u00e1rea de comedor y terraza generando una doble altura en sala.\" \/>\n<meta property=\"og:url\" content=\"https:\/\/www.arquimaster.com.ar\/web\/casa-penfer-haarq-estudio\/\" \/>\n<meta property=\"og:site_name\" content=\"Arquimaster\" \/>\n<meta property=\"article:publisher\" content=\"http:\/\/www.facebook.com\/ARQUIMASTER.com.ar\" \/>\n<meta property=\"article:published_time\" content=\"2022-10-14T19:35:44+00:00\" \/>\n<meta property=\"article:modified_time\" content=\"2023-02-23T20:16:03+00:00\" \/>\n<meta property=\"og:image\" content=\"https:\/\/www.arquimaster.com.ar\/web\/wp-content\/uploads\/2022\/10\/casa_penfer_slide.jpg\" \/>\n\t<meta property=\"og:image:width\" content=\"698\" \/>\n\t<meta property=\"og:image:height\" content=\"364\" \/>\n\t<meta property=\"og:image:type\" content=\"image\/jpeg\" \/>\n<meta name=\"author\" content=\"Arquimaster\" \/>\n<meta name=\"twitter:card\" content=\"summary_large_image\" \/>\n<meta name=\"twitter:title\" content=\"Casa Penfer \/ Haarq Estudio\" \/>\n<meta name=\"twitter:description\" content=\"La directriz principal y mayor virtud del proyecto es un volado en el \u00e1rea de comedor y terraza generando una doble altura en sala.\" \/>\n<meta name=\"twitter:image\" content=\"https:\/\/www.arquimaster.com.ar\/web\/wp-content\/uploads\/2022\/10\/casa_penfer_slide.jpg\" \/>\n<meta name=\"twitter:creator\" content=\"@arquimaster\" \/>\n<meta name=\"twitter:site\" content=\"@arquimaster\" \/>\n<meta name=\"twitter:label1\" content=\"Escrito por\" \/>\n\t<meta name=\"twitter:data1\" content=\"Arquimaster\" \/>\n\t<meta name=\"twitter:label2\" content=\"Tiempo de lectura\" \/>\n\t<meta name=\"twitter:data2\" content=\"2 minutos\" \/>\n<script type=\"application\/ld+json\" class=\"yoast-schema-graph\">{\"@context\":\"https:\\\/\\\/schema.org\",\"@graph\":[{\"@type\":\"Article\",\"@id\":\"https:\\\/\\\/www.arquimaster.com.ar\\\/web\\\/casa-penfer-haarq-estudio\\\/#article\",\"isPartOf\":{\"@id\":\"https:\\\/\\\/www.arquimaster.com.ar\\\/web\\\/casa-penfer-haarq-estudio\\\/\"},\"author\":{\"name\":\"Arquimaster\",\"@id\":\"https:\\\/\\\/www.arquimaster.com.ar\\\/web\\\/#\\\/schema\\\/person\\\/359e9f7c00193fcde068e0dd2ceb0028\"},\"headline\":\"Casa Penfer \\\/ Haarq Estudio\",\"datePublished\":\"2022-10-14T19:35:44+00:00\",\"dateModified\":\"2023-02-23T20:16:03+00:00\",\"mainEntityOfPage\":{\"@id\":\"https:\\\/\\\/www.arquimaster.com.ar\\\/web\\\/casa-penfer-haarq-estudio\\\/\"},\"wordCount\":355,\"publisher\":{\"@id\":\"https:\\\/\\\/www.arquimaster.com.ar\\\/web\\\/#organization\"},\"image\":{\"@id\":\"https:\\\/\\\/www.arquimaster.com.ar\\\/web\\\/casa-penfer-haarq-estudio\\\/#primaryimage\"},\"thumbnailUrl\":\"https:\\\/\\\/www.arquimaster.com.ar\\\/web\\\/wp-content\\\/uploads\\\/2022\\\/10\\\/casa_penfer_slide.jpg\",\"keywords\":[\"Fernanda Cabello\",\"Haarq Estudio\",\"Jalisco\",\"Mexico\",\"vivienda unifamiliar\",\"Zapopan\"],\"articleSection\":[\"Proyecto\",\"Vivienda unifamiliar y PH\"],\"inLanguage\":\"es\"},{\"@type\":\"WebPage\",\"@id\":\"https:\\\/\\\/www.arquimaster.com.ar\\\/web\\\/casa-penfer-haarq-estudio\\\/\",\"url\":\"https:\\\/\\\/www.arquimaster.com.ar\\\/web\\\/casa-penfer-haarq-estudio\\\/\",\"name\":\"Casa Penfer \\\/ Haarq Estudio - Arquimaster\",\"isPartOf\":{\"@id\":\"https:\\\/\\\/www.arquimaster.com.ar\\\/web\\\/#website\"},\"primaryImageOfPage\":{\"@id\":\"https:\\\/\\\/www.arquimaster.com.ar\\\/web\\\/casa-penfer-haarq-estudio\\\/#primaryimage\"},\"image\":{\"@id\":\"https:\\\/\\\/www.arquimaster.com.ar\\\/web\\\/casa-penfer-haarq-estudio\\\/#primaryimage\"},\"thumbnailUrl\":\"https:\\\/\\\/www.arquimaster.com.ar\\\/web\\\/wp-content\\\/uploads\\\/2022\\\/10\\\/casa_penfer_slide.jpg\",\"datePublished\":\"2022-10-14T19:35:44+00:00\",\"dateModified\":\"2023-02-23T20:16:03+00:00\",\"description\":\"La directriz principal y mayor virtud del proyecto es un volado en el \u00e1rea de comedor y terraza generando una doble altura en sala.\",\"breadcrumb\":{\"@id\":\"https:\\\/\\\/www.arquimaster.com.ar\\\/web\\\/casa-penfer-haarq-estudio\\\/#breadcrumb\"},\"inLanguage\":\"es\",\"potentialAction\":[{\"@type\":\"ReadAction\",\"target\":[\"https:\\\/\\\/www.arquimaster.com.ar\\\/web\\\/casa-penfer-haarq-estudio\\\/\"]}]},{\"@type\":\"ImageObject\",\"inLanguage\":\"es\",\"@id\":\"https:\\\/\\\/www.arquimaster.com.ar\\\/web\\\/casa-penfer-haarq-estudio\\\/#primaryimage\",\"url\":\"https:\\\/\\\/www.arquimaster.com.ar\\\/web\\\/wp-content\\\/uploads\\\/2022\\\/10\\\/casa_penfer_slide.jpg\",\"contentUrl\":\"https:\\\/\\\/www.arquimaster.com.ar\\\/web\\\/wp-content\\\/uploads\\\/2022\\\/10\\\/casa_penfer_slide.jpg\",\"width\":698,\"height\":364,\"caption\":\"Casa Penfer \\\/ Haarq Estudio\"},{\"@type\":\"BreadcrumbList\",\"@id\":\"https:\\\/\\\/www.arquimaster.com.ar\\\/web\\\/casa-penfer-haarq-estudio\\\/#breadcrumb\",\"itemListElement\":[{\"@type\":\"ListItem\",\"position\":1,\"name\":\"Portada\",\"item\":\"https:\\\/\\\/www.arquimaster.com.ar\\\/web\\\/\"},{\"@type\":\"ListItem\",\"position\":2,\"name\":\"Casa Penfer \\\/ Haarq Estudio\"}]},{\"@type\":\"WebSite\",\"@id\":\"https:\\\/\\\/www.arquimaster.com.ar\\\/web\\\/#website\",\"url\":\"https:\\\/\\\/www.arquimaster.com.ar\\\/web\\\/\",\"name\":\"Arquimaster\",\"description\":\"Web de arquitectura, dise\u00f1o y construccion\",\"publisher\":{\"@id\":\"https:\\\/\\\/www.arquimaster.com.ar\\\/web\\\/#organization\"},\"potentialAction\":[{\"@type\":\"SearchAction\",\"target\":{\"@type\":\"EntryPoint\",\"urlTemplate\":\"https:\\\/\\\/www.arquimaster.com.ar\\\/web\\\/?s={search_term_string}\"},\"query-input\":{\"@type\":\"PropertyValueSpecification\",\"valueRequired\":true,\"valueName\":\"search_term_string\"}}],\"inLanguage\":\"es\"},{\"@type\":\"Organization\",\"@id\":\"https:\\\/\\\/www.arquimaster.com.ar\\\/web\\\/#organization\",\"name\":\"Arquimaster\",\"url\":\"https:\\\/\\\/www.arquimaster.com.ar\\\/web\\\/\",\"logo\":{\"@type\":\"ImageObject\",\"inLanguage\":\"es\",\"@id\":\"https:\\\/\\\/www.arquimaster.com.ar\\\/web\\\/#\\\/schema\\\/logo\\\/image\\\/\",\"url\":\"https:\\\/\\\/www.arquimaster.com.ar\\\/web\\\/wp-content\\\/uploads\\\/2022\\\/06\\\/arquimaster.png\",\"contentUrl\":\"https:\\\/\\\/www.arquimaster.com.ar\\\/web\\\/wp-content\\\/uploads\\\/2022\\\/06\\\/arquimaster.png\",\"width\":594,\"height\":78,\"caption\":\"Arquimaster\"},\"image\":{\"@id\":\"https:\\\/\\\/www.arquimaster.com.ar\\\/web\\\/#\\\/schema\\\/logo\\\/image\\\/\"},\"sameAs\":[\"http:\\\/\\\/www.facebook.com\\\/ARQUIMASTER.com.ar\",\"https:\\\/\\\/x.com\\\/arquimaster\",\"https:\\\/\\\/www.instagram.com\\\/arquimasterblog\\\/\",\"https:\\\/\\\/www.linkedin.com\\\/company\\\/arquimaster\",\"https:\\\/\\\/www.pinterest.com\\\/arquimaster\",\"https:\\\/\\\/t.me\\\/arquimaster\"]},{\"@type\":\"Person\",\"@id\":\"https:\\\/\\\/www.arquimaster.com.ar\\\/web\\\/#\\\/schema\\\/person\\\/359e9f7c00193fcde068e0dd2ceb0028\",\"name\":\"Arquimaster\"}]}<\/script>\n<!-- \/ Yoast SEO plugin. -->","yoast_head_json":{"title":"Casa Penfer \/ Haarq Estudio - Arquimaster","description":"La directriz principal y mayor virtud del proyecto es un volado en el \u00e1rea de comedor y terraza generando una doble altura en sala.","robots":{"index":"index","follow":"follow","max-snippet":"max-snippet:-1","max-image-preview":"max-image-preview:large","max-video-preview":"max-video-preview:-1"},"canonical":"https:\/\/www.arquimaster.com.ar\/web\/casa-penfer-haarq-estudio\/","og_locale":"es_ES","og_type":"article","og_title":"Casa Penfer \/ Haarq Estudio","og_description":"La directriz principal y mayor virtud del proyecto es un volado en el \u00e1rea de comedor y terraza generando una doble altura en sala.","og_url":"https:\/\/www.arquimaster.com.ar\/web\/casa-penfer-haarq-estudio\/","og_site_name":"Arquimaster","article_publisher":"http:\/\/www.facebook.com\/ARQUIMASTER.com.ar","article_published_time":"2022-10-14T19:35:44+00:00","article_modified_time":"2023-02-23T20:16:03+00:00","og_image":[{"width":698,"height":364,"url":"https:\/\/www.arquimaster.com.ar\/web\/wp-content\/uploads\/2022\/10\/casa_penfer_slide.jpg","type":"image\/jpeg"}],"author":"Arquimaster","twitter_card":"summary_large_image","twitter_title":"Casa Penfer \/ Haarq Estudio","twitter_description":"La directriz principal y mayor virtud del proyecto es un volado en el \u00e1rea de comedor y terraza generando una doble altura en sala.","twitter_image":"https:\/\/www.arquimaster.com.ar\/web\/wp-content\/uploads\/2022\/10\/casa_penfer_slide.jpg","twitter_creator":"@arquimaster","twitter_site":"@arquimaster","twitter_misc":{"Escrito por":"Arquimaster","Tiempo de lectura":"2 minutos"},"schema":{"@context":"https:\/\/schema.org","@graph":[{"@type":"Article","@id":"https:\/\/www.arquimaster.com.ar\/web\/casa-penfer-haarq-estudio\/#article","isPartOf":{"@id":"https:\/\/www.arquimaster.com.ar\/web\/casa-penfer-haarq-estudio\/"},"author":{"name":"Arquimaster","@id":"https:\/\/www.arquimaster.com.ar\/web\/#\/schema\/person\/359e9f7c00193fcde068e0dd2ceb0028"},"headline":"Casa Penfer \/ Haarq Estudio","datePublished":"2022-10-14T19:35:44+00:00","dateModified":"2023-02-23T20:16:03+00:00","mainEntityOfPage":{"@id":"https:\/\/www.arquimaster.com.ar\/web\/casa-penfer-haarq-estudio\/"},"wordCount":355,"publisher":{"@id":"https:\/\/www.arquimaster.com.ar\/web\/#organization"},"image":{"@id":"https:\/\/www.arquimaster.com.ar\/web\/casa-penfer-haarq-estudio\/#primaryimage"},"thumbnailUrl":"https:\/\/www.arquimaster.com.ar\/web\/wp-content\/uploads\/2022\/10\/casa_penfer_slide.jpg","keywords":["Fernanda Cabello","Haarq Estudio","Jalisco","Mexico","vivienda unifamiliar","Zapopan"],"articleSection":["Proyecto","Vivienda unifamiliar y PH"],"inLanguage":"es"},{"@type":"WebPage","@id":"https:\/\/www.arquimaster.com.ar\/web\/casa-penfer-haarq-estudio\/","url":"https:\/\/www.arquimaster.com.ar\/web\/casa-penfer-haarq-estudio\/","name":"Casa Penfer \/ Haarq Estudio - Arquimaster","isPartOf":{"@id":"https:\/\/www.arquimaster.com.ar\/web\/#website"},"primaryImageOfPage":{"@id":"https:\/\/www.arquimaster.com.ar\/web\/casa-penfer-haarq-estudio\/#primaryimage"},"image":{"@id":"https:\/\/www.arquimaster.com.ar\/web\/casa-penfer-haarq-estudio\/#primaryimage"},"thumbnailUrl":"https:\/\/www.arquimaster.com.ar\/web\/wp-content\/uploads\/2022\/10\/casa_penfer_slide.jpg","datePublished":"2022-10-14T19:35:44+00:00","dateModified":"2023-02-23T20:16:03+00:00","description":"La directriz principal y mayor virtud del proyecto es un volado en el \u00e1rea de comedor y terraza generando una doble altura en sala.","breadcrumb":{"@id":"https:\/\/www.arquimaster.com.ar\/web\/casa-penfer-haarq-estudio\/#breadcrumb"},"inLanguage":"es","potentialAction":[{"@type":"ReadAction","target":["https:\/\/www.arquimaster.com.ar\/web\/casa-penfer-haarq-estudio\/"]}]},{"@type":"ImageObject","inLanguage":"es","@id":"https:\/\/www.arquimaster.com.ar\/web\/casa-penfer-haarq-estudio\/#primaryimage","url":"https:\/\/www.arquimaster.com.ar\/web\/wp-content\/uploads\/2022\/10\/casa_penfer_slide.jpg","contentUrl":"https:\/\/www.arquimaster.com.ar\/web\/wp-content\/uploads\/2022\/10\/casa_penfer_slide.jpg","width":698,"height":364,"caption":"Casa Penfer \/ Haarq Estudio"},{"@type":"BreadcrumbList","@id":"https:\/\/www.arquimaster.com.ar\/web\/casa-penfer-haarq-estudio\/#breadcrumb","itemListElement":[{"@type":"ListItem","position":1,"name":"Portada","item":"https:\/\/www.arquimaster.com.ar\/web\/"},{"@type":"ListItem","position":2,"name":"Casa Penfer \/ Haarq Estudio"}]},{"@type":"WebSite","@id":"https:\/\/www.arquimaster.com.ar\/web\/#website","url":"https:\/\/www.arquimaster.com.ar\/web\/","name":"Arquimaster","description":"Web de arquitectura, dise\u00f1o y construccion","publisher":{"@id":"https:\/\/www.arquimaster.com.ar\/web\/#organization"},"potentialAction":[{"@type":"SearchAction","target":{"@type":"EntryPoint","urlTemplate":"https:\/\/www.arquimaster.com.ar\/web\/?s={search_term_string}"},"query-input":{"@type":"PropertyValueSpecification","valueRequired":true,"valueName":"search_term_string"}}],"inLanguage":"es"},{"@type":"Organization","@id":"https:\/\/www.arquimaster.com.ar\/web\/#organization","name":"Arquimaster","url":"https:\/\/www.arquimaster.com.ar\/web\/","logo":{"@type":"ImageObject","inLanguage":"es","@id":"https:\/\/www.arquimaster.com.ar\/web\/#\/schema\/logo\/image\/","url":"https:\/\/www.arquimaster.com.ar\/web\/wp-content\/uploads\/2022\/06\/arquimaster.png","contentUrl":"https:\/\/www.arquimaster.com.ar\/web\/wp-content\/uploads\/2022\/06\/arquimaster.png","width":594,"height":78,"caption":"Arquimaster"},"image":{"@id":"https:\/\/www.arquimaster.com.ar\/web\/#\/schema\/logo\/image\/"},"sameAs":["http:\/\/www.facebook.com\/ARQUIMASTER.com.ar","https:\/\/x.com\/arquimaster","https:\/\/www.instagram.com\/arquimasterblog\/","https:\/\/www.linkedin.com\/company\/arquimaster","https:\/\/www.pinterest.com\/arquimaster","https:\/\/t.me\/arquimaster"]},{"@type":"Person","@id":"https:\/\/www.arquimaster.com.ar\/web\/#\/schema\/person\/359e9f7c00193fcde068e0dd2ceb0028","name":"Arquimaster"}]}},"uagb_featured_image_src":{"full":["https:\/\/www.arquimaster.com.ar\/web\/wp-content\/uploads\/2022\/10\/casa_penfer_slide.jpg",698,364,false],"thumbnail":["https:\/\/www.arquimaster.com.ar\/web\/wp-content\/uploads\/2022\/10\/casa_penfer_slide-150x150.jpg",150,150,true],"medium":["https:\/\/www.arquimaster.com.ar\/web\/wp-content\/uploads\/2022\/10\/casa_penfer_slide.jpg",698,364,false],"medium_large":["https:\/\/www.arquimaster.com.ar\/web\/wp-content\/uploads\/2022\/10\/casa_penfer_slide.jpg",698,364,false],"large":["https:\/\/www.arquimaster.com.ar\/web\/wp-content\/uploads\/2022\/10\/casa_penfer_slide.jpg",698,364,false],"1536x1536":["https:\/\/www.arquimaster.com.ar\/web\/wp-content\/uploads\/2022\/10\/casa_penfer_slide.jpg",698,364,false],"2048x2048":["https:\/\/www.arquimaster.com.ar\/web\/wp-content\/uploads\/2022\/10\/casa_penfer_slide.jpg",698,364,false]},"uagb_author_info":{"display_name":"Arquimaster","author_link":"https:\/\/www.arquimaster.com.ar\/web\/author\/arquimaster\/"},"uagb_comment_info":0,"uagb_excerpt":"La directriz principal y mayor virtud del proyecto es un volado en el \u00e1rea de estar...","_links":{"self":[{"href":"https:\/\/www.arquimaster.com.ar\/web\/wp-json\/wp\/v2\/posts\/73008","targetHints":{"allow":["GET"]}}],"collection":[{"href":"https:\/\/www.arquimaster.com.ar\/web\/wp-json\/wp\/v2\/posts"}],"about":[{"href":"https:\/\/www.arquimaster.com.ar\/web\/wp-json\/wp\/v2\/types\/post"}],"author":[{"embeddable":true,"href":"https:\/\/www.arquimaster.com.ar\/web\/wp-json\/wp\/v2\/users\/1"}],"replies":[{"embeddable":true,"href":"https:\/\/www.arquimaster.com.ar\/web\/wp-json\/wp\/v2\/comments?post=73008"}],"version-history":[{"count":2,"href":"https:\/\/www.arquimaster.com.ar\/web\/wp-json\/wp\/v2\/posts\/73008\/revisions"}],"predecessor-version":[{"id":75013,"href":"https:\/\/www.arquimaster.com.ar\/web\/wp-json\/wp\/v2\/posts\/73008\/revisions\/75013"}],"wp:featuredmedia":[{"embeddable":true,"href":"https:\/\/www.arquimaster.com.ar\/web\/wp-json\/wp\/v2\/media\/73009"}],"wp:attachment":[{"href":"https:\/\/www.arquimaster.com.ar\/web\/wp-json\/wp\/v2\/media?parent=73008"}],"wp:term":[{"taxonomy":"category","embeddable":true,"href":"https:\/\/www.arquimaster.com.ar\/web\/wp-json\/wp\/v2\/categories?post=73008"},{"taxonomy":"post_tag","embeddable":true,"href":"https:\/\/www.arquimaster.com.ar\/web\/wp-json\/wp\/v2\/tags?post=73008"}],"curies":[{"name":"wp","href":"https:\/\/api.w.org\/{rel}","templated":true}]}}