{"id":7302,"date":"2014-05-22T03:00:32","date_gmt":"2014-05-22T03:00:32","guid":{"rendered":"http:\/\/www.arquimaster.com.ar\/web\/?p=7302"},"modified":"2019-01-08T20:43:29","modified_gmt":"2019-01-08T20:43:29","slug":"proyecto-vivienda-experimental-eco-social-cisneros-hrabar-rodriguez-fondoso-acuna","status":"publish","type":"post","link":"https:\/\/www.arquimaster.com.ar\/web\/proyecto-vivienda-experimental-eco-social-cisneros-hrabar-rodriguez-fondoso-acuna\/","title":{"rendered":"Proyecto Vivienda Experimental Eco-Social \/ Cisneros, Hrabar, Rodriguez, Fondoso, Acu\u00f1a"},"content":{"rendered":"<div style=\"margin-top: 0px; margin-bottom: 0px;\" class=\"sharethis-inline-share-buttons\" ><\/div><div class=\"b812932af2e751442846f039925109de\" data-index=\"1\" style=\"float: none; margin:25px 0 25px 0; text-align:center;\">\n<script async src=\"https:\/\/pagead2.googlesyndication.com\/pagead\/js\/adsbygoogle.js\"><\/script>\r\n<!-- Arquimaster (superior) -->\r\n<ins class=\"adsbygoogle\"\r\n     style=\"display:block\"\r\n     data-ad-client=\"ca-pub-6351072698456832\"\r\n     data-ad-slot=\"6455489680\"\r\n     data-ad-format=\"auto\"\r\n     data-full-width-responsive=\"true\"><\/ins>\r\n<script>\r\n     (adsbygoogle = window.adsbygoogle || []).push({});\r\n<\/script>\n<\/div>\n<p><strong>Proyecto Vivienda Experimental Eco-Social<\/strong> por <strong>Luis Cisneros, Ignacio Hrabar, Esteban Rodriguez, Santiago Fondoso y Rodrigo Acu\u00f1a<\/strong>. El proyecto de arquitectura ecologica social fue presentado en la edicion 2013 del Premio Holcim Awards.<\/p>\n<div id='gallery-1' class='gallery galleryid-7302 gallery-columns-3 gallery-size-thumbnail'><figure class='gallery-item'>\n\t\t\t<div class='gallery-icon landscape'>\n\t\t\t\t<a href='https:\/\/www.arquimaster.com.ar\/web\/wp-content\/uploads\/2014\/05\/vivienda_experimental_ecosocial1.jpg' title=\"Proyecto Vivienda Experimental Eco-Social \/ Cisneros, Hrabar, Rodriguez, Fondoso, Acu\u00f1a\" data-rl_title=\"Proyecto Vivienda Experimental Eco-Social \/ Cisneros, Hrabar, Rodriguez, Fondoso, Acu\u00f1a\" class=\"rl-gallery-link\" data-rl_caption=\"Proyecto Vivienda Experimental Eco-Social \/ Cisneros, Hrabar, Rodriguez, Fondoso, Acu\u00f1a\" data-rel=\"lightbox-gallery-1\"><img loading=\"lazy\" decoding=\"async\" width=\"150\" height=\"150\" src=\"https:\/\/www.arquimaster.com.ar\/web\/wp-content\/uploads\/2014\/05\/vivienda_experimental_ecosocial1-150x150.jpg\" class=\"attachment-thumbnail size-thumbnail\" alt=\"\" aria-describedby=\"gallery-1-7304\" srcset=\"https:\/\/www.arquimaster.com.ar\/web\/wp-content\/uploads\/2014\/05\/vivienda_experimental_ecosocial1-150x150.jpg 150w, https:\/\/www.arquimaster.com.ar\/web\/wp-content\/uploads\/2014\/05\/vivienda_experimental_ecosocial1-50x50.jpg 50w, https:\/\/www.arquimaster.com.ar\/web\/wp-content\/uploads\/2014\/05\/vivienda_experimental_ecosocial1-125x125.jpg 125w\" sizes=\"auto, (max-width: 150px) 100vw, 150px\" \/><\/a>\n\t\t\t<\/div>\n\t\t\t\t<figcaption class='wp-caption-text gallery-caption' id='gallery-1-7304'>\n\t\t\t\tProyecto Vivienda Experimental Eco-Social \/ Cisneros, Hrabar, Rodriguez, Fondoso, Acu\u00f1a\n\t\t\t\t<\/figcaption><\/figure><figure class='gallery-item'>\n\t\t\t<div class='gallery-icon landscape'>\n\t\t\t\t<a href='https:\/\/www.arquimaster.com.ar\/web\/wp-content\/uploads\/2014\/05\/vivienda_experimental_ecosocial2.jpg' title=\"Proyecto Vivienda Experimental Eco-Social \/ Cisneros, Hrabar, Rodriguez, Fondoso, Acu\u00f1a\" data-rl_title=\"Proyecto Vivienda Experimental Eco-Social \/ Cisneros, Hrabar, Rodriguez, Fondoso, Acu\u00f1a\" class=\"rl-gallery-link\" data-rl_caption=\"Proyecto Vivienda Experimental Eco-Social \/ Cisneros, Hrabar, Rodriguez, Fondoso, Acu\u00f1a\" data-rel=\"lightbox-gallery-1\"><img loading=\"lazy\" decoding=\"async\" width=\"150\" height=\"150\" src=\"https:\/\/www.arquimaster.com.ar\/web\/wp-content\/uploads\/2014\/05\/vivienda_experimental_ecosocial2-150x150.jpg\" class=\"attachment-thumbnail size-thumbnail\" alt=\"\" aria-describedby=\"gallery-1-7305\" srcset=\"https:\/\/www.arquimaster.com.ar\/web\/wp-content\/uploads\/2014\/05\/vivienda_experimental_ecosocial2-150x150.jpg 150w, https:\/\/www.arquimaster.com.ar\/web\/wp-content\/uploads\/2014\/05\/vivienda_experimental_ecosocial2-50x50.jpg 50w, https:\/\/www.arquimaster.com.ar\/web\/wp-content\/uploads\/2014\/05\/vivienda_experimental_ecosocial2-125x125.jpg 125w\" sizes=\"auto, (max-width: 150px) 100vw, 150px\" \/><\/a>\n\t\t\t<\/div>\n\t\t\t\t<figcaption class='wp-caption-text gallery-caption' id='gallery-1-7305'>\n\t\t\t\tProyecto Vivienda Experimental Eco-Social \/ Cisneros, Hrabar, Rodriguez, Fondoso, Acu\u00f1a\n\t\t\t\t<\/figcaption><\/figure><figure class='gallery-item'>\n\t\t\t<div class='gallery-icon landscape'>\n\t\t\t\t<a href='https:\/\/www.arquimaster.com.ar\/web\/wp-content\/uploads\/2014\/05\/vivienda_experimental_ecosocial3.jpg' title=\"Proyecto Vivienda Experimental Eco-Social \/ Cisneros, Hrabar, Rodriguez, Fondoso, Acu\u00f1a\" data-rl_title=\"Proyecto Vivienda Experimental Eco-Social \/ Cisneros, Hrabar, Rodriguez, Fondoso, Acu\u00f1a\" class=\"rl-gallery-link\" data-rl_caption=\"Proyecto Vivienda Experimental Eco-Social \/ Cisneros, Hrabar, Rodriguez, Fondoso, Acu\u00f1a\" data-rel=\"lightbox-gallery-1\"><img loading=\"lazy\" decoding=\"async\" width=\"150\" height=\"150\" src=\"https:\/\/www.arquimaster.com.ar\/web\/wp-content\/uploads\/2014\/05\/vivienda_experimental_ecosocial3-150x150.jpg\" class=\"attachment-thumbnail size-thumbnail\" alt=\"\" aria-describedby=\"gallery-1-7306\" srcset=\"https:\/\/www.arquimaster.com.ar\/web\/wp-content\/uploads\/2014\/05\/vivienda_experimental_ecosocial3-150x150.jpg 150w, https:\/\/www.arquimaster.com.ar\/web\/wp-content\/uploads\/2014\/05\/vivienda_experimental_ecosocial3-50x50.jpg 50w, https:\/\/www.arquimaster.com.ar\/web\/wp-content\/uploads\/2014\/05\/vivienda_experimental_ecosocial3-125x125.jpg 125w\" sizes=\"auto, (max-width: 150px) 100vw, 150px\" \/><\/a>\n\t\t\t<\/div>\n\t\t\t\t<figcaption class='wp-caption-text gallery-caption' id='gallery-1-7306'>\n\t\t\t\tProyecto Vivienda Experimental Eco-Social \/ Cisneros, Hrabar, Rodriguez, Fondoso, Acu\u00f1a\n\t\t\t\t<\/figcaption><\/figure><figure class='gallery-item'>\n\t\t\t<div class='gallery-icon landscape'>\n\t\t\t\t<a href='https:\/\/www.arquimaster.com.ar\/web\/wp-content\/uploads\/2014\/05\/vivienda_experimental_ecosocial4.jpg' title=\"Proyecto Vivienda Experimental Eco-Social \/ Cisneros, Hrabar, Rodriguez, Fondoso, Acu\u00f1a\" data-rl_title=\"Proyecto Vivienda Experimental Eco-Social \/ Cisneros, Hrabar, Rodriguez, Fondoso, Acu\u00f1a\" class=\"rl-gallery-link\" data-rl_caption=\"Proyecto Vivienda Experimental Eco-Social \/ Cisneros, Hrabar, Rodriguez, Fondoso, Acu\u00f1a\" data-rel=\"lightbox-gallery-1\"><img loading=\"lazy\" decoding=\"async\" width=\"150\" height=\"150\" src=\"https:\/\/www.arquimaster.com.ar\/web\/wp-content\/uploads\/2014\/05\/vivienda_experimental_ecosocial4-150x150.jpg\" class=\"attachment-thumbnail size-thumbnail\" alt=\"\" aria-describedby=\"gallery-1-7307\" srcset=\"https:\/\/www.arquimaster.com.ar\/web\/wp-content\/uploads\/2014\/05\/vivienda_experimental_ecosocial4-150x150.jpg 150w, https:\/\/www.arquimaster.com.ar\/web\/wp-content\/uploads\/2014\/05\/vivienda_experimental_ecosocial4-50x50.jpg 50w, https:\/\/www.arquimaster.com.ar\/web\/wp-content\/uploads\/2014\/05\/vivienda_experimental_ecosocial4-125x125.jpg 125w\" sizes=\"auto, (max-width: 150px) 100vw, 150px\" \/><\/a>\n\t\t\t<\/div>\n\t\t\t\t<figcaption class='wp-caption-text gallery-caption' id='gallery-1-7307'>\n\t\t\t\tProyecto Vivienda Experimental Eco-Social \/ Cisneros, Hrabar, Rodriguez, Fondoso, Acu\u00f1a\n\t\t\t\t<\/figcaption><\/figure><figure class='gallery-item'>\n\t\t\t<div class='gallery-icon landscape'>\n\t\t\t\t<a href='https:\/\/www.arquimaster.com.ar\/web\/wp-content\/uploads\/2014\/05\/vivienda_experimental_ecosocial5.jpg' title=\"Proyecto Vivienda Experimental Eco-Social \/ Cisneros, Hrabar, Rodriguez, Fondoso, Acu\u00f1a\" data-rl_title=\"Proyecto Vivienda Experimental Eco-Social \/ Cisneros, Hrabar, Rodriguez, Fondoso, Acu\u00f1a\" class=\"rl-gallery-link\" data-rl_caption=\"Proyecto Vivienda Experimental Eco-Social \/ Cisneros, Hrabar, Rodriguez, Fondoso, Acu\u00f1a\" data-rel=\"lightbox-gallery-1\"><img loading=\"lazy\" decoding=\"async\" width=\"150\" height=\"150\" src=\"https:\/\/www.arquimaster.com.ar\/web\/wp-content\/uploads\/2014\/05\/vivienda_experimental_ecosocial5-150x150.jpg\" class=\"attachment-thumbnail size-thumbnail\" alt=\"\" aria-describedby=\"gallery-1-7308\" srcset=\"https:\/\/www.arquimaster.com.ar\/web\/wp-content\/uploads\/2014\/05\/vivienda_experimental_ecosocial5-150x150.jpg 150w, https:\/\/www.arquimaster.com.ar\/web\/wp-content\/uploads\/2014\/05\/vivienda_experimental_ecosocial5-50x50.jpg 50w, https:\/\/www.arquimaster.com.ar\/web\/wp-content\/uploads\/2014\/05\/vivienda_experimental_ecosocial5-125x125.jpg 125w\" sizes=\"auto, (max-width: 150px) 100vw, 150px\" \/><\/a>\n\t\t\t<\/div>\n\t\t\t\t<figcaption class='wp-caption-text gallery-caption' id='gallery-1-7308'>\n\t\t\t\tProyecto Vivienda Experimental Eco-Social \/ Cisneros, Hrabar, Rodriguez, Fondoso, Acu\u00f1a\n\t\t\t\t<\/figcaption><\/figure><figure class='gallery-item'>\n\t\t\t<div class='gallery-icon landscape'>\n\t\t\t\t<a href='https:\/\/www.arquimaster.com.ar\/web\/wp-content\/uploads\/2014\/05\/vivienda_experimental_ecosocial6.jpg' title=\"Proyecto Vivienda Experimental Eco-Social \/ Cisneros, Hrabar, Rodriguez, Fondoso, Acu\u00f1a\" data-rl_title=\"Proyecto Vivienda Experimental Eco-Social \/ Cisneros, Hrabar, Rodriguez, Fondoso, Acu\u00f1a\" class=\"rl-gallery-link\" data-rl_caption=\"Proyecto Vivienda Experimental Eco-Social \/ Cisneros, Hrabar, Rodriguez, Fondoso, Acu\u00f1a\" data-rel=\"lightbox-gallery-1\"><img loading=\"lazy\" decoding=\"async\" width=\"150\" height=\"150\" src=\"https:\/\/www.arquimaster.com.ar\/web\/wp-content\/uploads\/2014\/05\/vivienda_experimental_ecosocial6-150x150.jpg\" class=\"attachment-thumbnail size-thumbnail\" alt=\"\" aria-describedby=\"gallery-1-7309\" srcset=\"https:\/\/www.arquimaster.com.ar\/web\/wp-content\/uploads\/2014\/05\/vivienda_experimental_ecosocial6-150x150.jpg 150w, https:\/\/www.arquimaster.com.ar\/web\/wp-content\/uploads\/2014\/05\/vivienda_experimental_ecosocial6-50x50.jpg 50w, https:\/\/www.arquimaster.com.ar\/web\/wp-content\/uploads\/2014\/05\/vivienda_experimental_ecosocial6-125x125.jpg 125w\" sizes=\"auto, (max-width: 150px) 100vw, 150px\" \/><\/a>\n\t\t\t<\/div>\n\t\t\t\t<figcaption class='wp-caption-text gallery-caption' id='gallery-1-7309'>\n\t\t\t\tProyecto Vivienda Experimental Eco-Social \/ Cisneros, Hrabar, Rodriguez, Fondoso, Acu\u00f1a\n\t\t\t\t<\/figcaption><\/figure><figure class='gallery-item'>\n\t\t\t<div class='gallery-icon landscape'>\n\t\t\t\t<a href='https:\/\/www.arquimaster.com.ar\/web\/wp-content\/uploads\/2014\/05\/vivienda_experimental_ecosocial7.jpg' title=\"Proyecto Vivienda Experimental Eco-Social \/ Cisneros, Hrabar, Rodriguez, Fondoso, Acu\u00f1a\" data-rl_title=\"Proyecto Vivienda Experimental Eco-Social \/ Cisneros, Hrabar, Rodriguez, Fondoso, Acu\u00f1a\" class=\"rl-gallery-link\" data-rl_caption=\"Proyecto Vivienda Experimental Eco-Social \/ Cisneros, Hrabar, Rodriguez, Fondoso, Acu\u00f1a\" data-rel=\"lightbox-gallery-1\"><img loading=\"lazy\" decoding=\"async\" width=\"150\" height=\"150\" src=\"https:\/\/www.arquimaster.com.ar\/web\/wp-content\/uploads\/2014\/05\/vivienda_experimental_ecosocial7-150x150.jpg\" class=\"attachment-thumbnail size-thumbnail\" alt=\"\" aria-describedby=\"gallery-1-7310\" srcset=\"https:\/\/www.arquimaster.com.ar\/web\/wp-content\/uploads\/2014\/05\/vivienda_experimental_ecosocial7-150x150.jpg 150w, https:\/\/www.arquimaster.com.ar\/web\/wp-content\/uploads\/2014\/05\/vivienda_experimental_ecosocial7-50x50.jpg 50w, https:\/\/www.arquimaster.com.ar\/web\/wp-content\/uploads\/2014\/05\/vivienda_experimental_ecosocial7-125x125.jpg 125w\" sizes=\"auto, (max-width: 150px) 100vw, 150px\" \/><\/a>\n\t\t\t<\/div>\n\t\t\t\t<figcaption class='wp-caption-text gallery-caption' id='gallery-1-7310'>\n\t\t\t\tProyecto Vivienda Experimental Eco-Social \/ Cisneros, Hrabar, Rodriguez, Fondoso, Acu\u00f1a\n\t\t\t\t<\/figcaption><\/figure><figure class='gallery-item'>\n\t\t\t<div class='gallery-icon landscape'>\n\t\t\t\t<a href='https:\/\/www.arquimaster.com.ar\/web\/wp-content\/uploads\/2014\/05\/vivienda_experimental_ecosocial8.jpg' title=\"Proyecto Vivienda Experimental Eco-Social \/ Cisneros, Hrabar, Rodriguez, Fondoso, Acu\u00f1a\" data-rl_title=\"Proyecto Vivienda Experimental Eco-Social \/ Cisneros, Hrabar, Rodriguez, Fondoso, Acu\u00f1a\" class=\"rl-gallery-link\" data-rl_caption=\"Proyecto Vivienda Experimental Eco-Social \/ Cisneros, Hrabar, Rodriguez, Fondoso, Acu\u00f1a\" data-rel=\"lightbox-gallery-1\"><img loading=\"lazy\" decoding=\"async\" width=\"150\" height=\"150\" src=\"https:\/\/www.arquimaster.com.ar\/web\/wp-content\/uploads\/2014\/05\/vivienda_experimental_ecosocial8-150x150.jpg\" class=\"attachment-thumbnail size-thumbnail\" alt=\"\" aria-describedby=\"gallery-1-7311\" srcset=\"https:\/\/www.arquimaster.com.ar\/web\/wp-content\/uploads\/2014\/05\/vivienda_experimental_ecosocial8-150x150.jpg 150w, https:\/\/www.arquimaster.com.ar\/web\/wp-content\/uploads\/2014\/05\/vivienda_experimental_ecosocial8-50x50.jpg 50w, https:\/\/www.arquimaster.com.ar\/web\/wp-content\/uploads\/2014\/05\/vivienda_experimental_ecosocial8-125x125.jpg 125w\" sizes=\"auto, (max-width: 150px) 100vw, 150px\" \/><\/a>\n\t\t\t<\/div>\n\t\t\t\t<figcaption class='wp-caption-text gallery-caption' id='gallery-1-7311'>\n\t\t\t\tProyecto Vivienda Experimental Eco-Social \/ Cisneros, Hrabar, Rodriguez, Fondoso, Acu\u00f1a\n\t\t\t\t<\/figcaption><\/figure><figure class='gallery-item'>\n\t\t\t<div class='gallery-icon landscape'>\n\t\t\t\t<a href='https:\/\/www.arquimaster.com.ar\/web\/wp-content\/uploads\/2014\/05\/vivienda_experimental_ecosocial9.jpg' title=\"Proyecto Vivienda Experimental Eco-Social \/ Cisneros, Hrabar, Rodriguez, Fondoso, Acu\u00f1a\" data-rl_title=\"Proyecto Vivienda Experimental Eco-Social \/ Cisneros, Hrabar, Rodriguez, Fondoso, Acu\u00f1a\" class=\"rl-gallery-link\" data-rl_caption=\"Proyecto Vivienda Experimental Eco-Social \/ Cisneros, Hrabar, Rodriguez, Fondoso, Acu\u00f1a\" data-rel=\"lightbox-gallery-1\"><img loading=\"lazy\" decoding=\"async\" width=\"150\" height=\"150\" src=\"https:\/\/www.arquimaster.com.ar\/web\/wp-content\/uploads\/2014\/05\/vivienda_experimental_ecosocial9-150x150.jpg\" class=\"attachment-thumbnail size-thumbnail\" alt=\"\" aria-describedby=\"gallery-1-7312\" srcset=\"https:\/\/www.arquimaster.com.ar\/web\/wp-content\/uploads\/2014\/05\/vivienda_experimental_ecosocial9-150x150.jpg 150w, https:\/\/www.arquimaster.com.ar\/web\/wp-content\/uploads\/2014\/05\/vivienda_experimental_ecosocial9-50x50.jpg 50w, https:\/\/www.arquimaster.com.ar\/web\/wp-content\/uploads\/2014\/05\/vivienda_experimental_ecosocial9-125x125.jpg 125w\" sizes=\"auto, (max-width: 150px) 100vw, 150px\" \/><\/a>\n\t\t\t<\/div>\n\t\t\t\t<figcaption class='wp-caption-text gallery-caption' id='gallery-1-7312'>\n\t\t\t\tProyecto Vivienda Experimental Eco-Social \/ Cisneros, Hrabar, Rodriguez, Fondoso, Acu\u00f1a\n\t\t\t\t<\/figcaption><\/figure><figure class='gallery-item'>\n\t\t\t<div class='gallery-icon landscape'>\n\t\t\t\t<a href='https:\/\/www.arquimaster.com.ar\/web\/wp-content\/uploads\/2014\/05\/vivienda_experimental_ecosocial10.jpg' title=\"Proyecto Vivienda Experimental Eco-Social \/ Cisneros, Hrabar, Rodriguez, Fondoso, Acu\u00f1a\" data-rl_title=\"Proyecto Vivienda Experimental Eco-Social \/ Cisneros, Hrabar, Rodriguez, Fondoso, Acu\u00f1a\" class=\"rl-gallery-link\" data-rl_caption=\"Proyecto Vivienda Experimental Eco-Social \/ Cisneros, Hrabar, Rodriguez, Fondoso, Acu\u00f1a\" data-rel=\"lightbox-gallery-1\"><img loading=\"lazy\" decoding=\"async\" width=\"150\" height=\"150\" src=\"https:\/\/www.arquimaster.com.ar\/web\/wp-content\/uploads\/2014\/05\/vivienda_experimental_ecosocial10-150x150.jpg\" class=\"attachment-thumbnail size-thumbnail\" alt=\"\" aria-describedby=\"gallery-1-7313\" srcset=\"https:\/\/www.arquimaster.com.ar\/web\/wp-content\/uploads\/2014\/05\/vivienda_experimental_ecosocial10-150x150.jpg 150w, https:\/\/www.arquimaster.com.ar\/web\/wp-content\/uploads\/2014\/05\/vivienda_experimental_ecosocial10-50x50.jpg 50w, https:\/\/www.arquimaster.com.ar\/web\/wp-content\/uploads\/2014\/05\/vivienda_experimental_ecosocial10-125x125.jpg 125w\" sizes=\"auto, (max-width: 150px) 100vw, 150px\" \/><\/a>\n\t\t\t<\/div>\n\t\t\t\t<figcaption class='wp-caption-text gallery-caption' id='gallery-1-7313'>\n\t\t\t\tProyecto Vivienda Experimental Eco-Social \/ Cisneros, Hrabar, Rodriguez, Fondoso, Acu\u00f1a\n\t\t\t\t<\/figcaption><\/figure><figure class='gallery-item'>\n\t\t\t<div class='gallery-icon landscape'>\n\t\t\t\t<a href='https:\/\/www.arquimaster.com.ar\/web\/wp-content\/uploads\/2014\/05\/vivienda_experimental_ecosocial11.jpg' title=\"Proyecto Vivienda Experimental Eco-Social \/ Cisneros, Hrabar, Rodriguez, Fondoso, Acu\u00f1a\" data-rl_title=\"Proyecto Vivienda Experimental Eco-Social \/ Cisneros, Hrabar, Rodriguez, Fondoso, Acu\u00f1a\" class=\"rl-gallery-link\" data-rl_caption=\"Proyecto Vivienda Experimental Eco-Social \/ Cisneros, Hrabar, Rodriguez, Fondoso, Acu\u00f1a\" data-rel=\"lightbox-gallery-1\"><img loading=\"lazy\" decoding=\"async\" width=\"150\" height=\"150\" src=\"https:\/\/www.arquimaster.com.ar\/web\/wp-content\/uploads\/2014\/05\/vivienda_experimental_ecosocial11-150x150.jpg\" class=\"attachment-thumbnail size-thumbnail\" alt=\"\" aria-describedby=\"gallery-1-7314\" srcset=\"https:\/\/www.arquimaster.com.ar\/web\/wp-content\/uploads\/2014\/05\/vivienda_experimental_ecosocial11-150x150.jpg 150w, https:\/\/www.arquimaster.com.ar\/web\/wp-content\/uploads\/2014\/05\/vivienda_experimental_ecosocial11-50x50.jpg 50w, https:\/\/www.arquimaster.com.ar\/web\/wp-content\/uploads\/2014\/05\/vivienda_experimental_ecosocial11-125x125.jpg 125w\" sizes=\"auto, (max-width: 150px) 100vw, 150px\" \/><\/a>\n\t\t\t<\/div>\n\t\t\t\t<figcaption class='wp-caption-text gallery-caption' id='gallery-1-7314'>\n\t\t\t\tProyecto Vivienda Experimental Eco-Social \/ Cisneros, Hrabar, Rodriguez, Fondoso, Acu\u00f1a\n\t\t\t\t<\/figcaption><\/figure><figure class='gallery-item'>\n\t\t\t<div class='gallery-icon landscape'>\n\t\t\t\t<a href='https:\/\/www.arquimaster.com.ar\/web\/wp-content\/uploads\/2014\/05\/vivienda_experimental_ecosocial12.jpg' title=\"Proyecto Vivienda Experimental Eco-Social \/ Cisneros, Hrabar, Rodriguez, Fondoso, Acu\u00f1a\" data-rl_title=\"Proyecto Vivienda Experimental Eco-Social \/ Cisneros, Hrabar, Rodriguez, Fondoso, Acu\u00f1a\" class=\"rl-gallery-link\" data-rl_caption=\"Proyecto Vivienda Experimental Eco-Social \/ Cisneros, Hrabar, Rodriguez, Fondoso, Acu\u00f1a\" data-rel=\"lightbox-gallery-1\"><img loading=\"lazy\" decoding=\"async\" width=\"150\" height=\"150\" src=\"https:\/\/www.arquimaster.com.ar\/web\/wp-content\/uploads\/2014\/05\/vivienda_experimental_ecosocial12-150x150.jpg\" class=\"attachment-thumbnail size-thumbnail\" alt=\"\" aria-describedby=\"gallery-1-7315\" srcset=\"https:\/\/www.arquimaster.com.ar\/web\/wp-content\/uploads\/2014\/05\/vivienda_experimental_ecosocial12-150x150.jpg 150w, https:\/\/www.arquimaster.com.ar\/web\/wp-content\/uploads\/2014\/05\/vivienda_experimental_ecosocial12-50x50.jpg 50w, https:\/\/www.arquimaster.com.ar\/web\/wp-content\/uploads\/2014\/05\/vivienda_experimental_ecosocial12-125x125.jpg 125w\" sizes=\"auto, (max-width: 150px) 100vw, 150px\" \/><\/a>\n\t\t\t<\/div>\n\t\t\t\t<figcaption class='wp-caption-text gallery-caption' id='gallery-1-7315'>\n\t\t\t\tProyecto Vivienda Experimental Eco-Social \/ Cisneros, Hrabar, Rodriguez, Fondoso, Acu\u00f1a\n\t\t\t\t<\/figcaption><\/figure><figure class='gallery-item'>\n\t\t\t<div class='gallery-icon landscape'>\n\t\t\t\t<a href='https:\/\/www.arquimaster.com.ar\/web\/wp-content\/uploads\/2014\/05\/vivienda_experimental_ecosocial13.jpg' title=\"Proyecto Vivienda Experimental Eco-Social \/ Cisneros, Hrabar, Rodriguez, Fondoso, Acu\u00f1a (planta)\" data-rl_title=\"Proyecto Vivienda Experimental Eco-Social \/ Cisneros, Hrabar, Rodriguez, Fondoso, Acu\u00f1a (planta)\" class=\"rl-gallery-link\" data-rl_caption=\"Proyecto Vivienda Experimental Eco-Social \/ Cisneros, Hrabar, Rodriguez, Fondoso, Acu\u00f1a (planta)\" data-rel=\"lightbox-gallery-1\"><img loading=\"lazy\" decoding=\"async\" width=\"150\" height=\"150\" src=\"https:\/\/www.arquimaster.com.ar\/web\/wp-content\/uploads\/2014\/05\/vivienda_experimental_ecosocial13-150x150.jpg\" class=\"attachment-thumbnail size-thumbnail\" alt=\"\" aria-describedby=\"gallery-1-7316\" srcset=\"https:\/\/www.arquimaster.com.ar\/web\/wp-content\/uploads\/2014\/05\/vivienda_experimental_ecosocial13-150x150.jpg 150w, https:\/\/www.arquimaster.com.ar\/web\/wp-content\/uploads\/2014\/05\/vivienda_experimental_ecosocial13-50x50.jpg 50w, https:\/\/www.arquimaster.com.ar\/web\/wp-content\/uploads\/2014\/05\/vivienda_experimental_ecosocial13-125x125.jpg 125w\" sizes=\"auto, (max-width: 150px) 100vw, 150px\" \/><\/a>\n\t\t\t<\/div>\n\t\t\t\t<figcaption class='wp-caption-text gallery-caption' id='gallery-1-7316'>\n\t\t\t\tProyecto Vivienda Experimental Eco-Social \/ Cisneros, Hrabar, Rodriguez, Fondoso, Acu\u00f1a (planta)\n\t\t\t\t<\/figcaption><\/figure><figure class='gallery-item'>\n\t\t\t<div class='gallery-icon landscape'>\n\t\t\t\t<a href='https:\/\/www.arquimaster.com.ar\/web\/wp-content\/uploads\/2014\/05\/vivienda_experimental_ecosocial14.jpg' title=\"Proyecto Vivienda Experimental Eco-Social \/ Cisneros, Hrabar, Rodriguez, Fondoso, Acu\u00f1a (corte)\" data-rl_title=\"Proyecto Vivienda Experimental Eco-Social \/ Cisneros, Hrabar, Rodriguez, Fondoso, Acu\u00f1a (corte)\" class=\"rl-gallery-link\" data-rl_caption=\"Proyecto Vivienda Experimental Eco-Social \/ Cisneros, Hrabar, Rodriguez, Fondoso, Acu\u00f1a (corte)\" data-rel=\"lightbox-gallery-1\"><img loading=\"lazy\" decoding=\"async\" width=\"150\" height=\"150\" src=\"https:\/\/www.arquimaster.com.ar\/web\/wp-content\/uploads\/2014\/05\/vivienda_experimental_ecosocial14-150x150.jpg\" class=\"attachment-thumbnail size-thumbnail\" alt=\"\" aria-describedby=\"gallery-1-7317\" srcset=\"https:\/\/www.arquimaster.com.ar\/web\/wp-content\/uploads\/2014\/05\/vivienda_experimental_ecosocial14-150x150.jpg 150w, https:\/\/www.arquimaster.com.ar\/web\/wp-content\/uploads\/2014\/05\/vivienda_experimental_ecosocial14-50x50.jpg 50w, https:\/\/www.arquimaster.com.ar\/web\/wp-content\/uploads\/2014\/05\/vivienda_experimental_ecosocial14-125x125.jpg 125w\" sizes=\"auto, (max-width: 150px) 100vw, 150px\" \/><\/a>\n\t\t\t<\/div>\n\t\t\t\t<figcaption class='wp-caption-text gallery-caption' id='gallery-1-7317'>\n\t\t\t\tProyecto Vivienda Experimental Eco-Social \/ Cisneros, Hrabar, Rodriguez, Fondoso, Acu\u00f1a (corte)\n\t\t\t\t<\/figcaption><\/figure><figure class='gallery-item'>\n\t\t\t<div class='gallery-icon landscape'>\n\t\t\t\t<a href='https:\/\/www.arquimaster.com.ar\/web\/wp-content\/uploads\/2014\/05\/vivienda_experimental_ecosocial15.jpg' title=\"Proyecto Vivienda Experimental Eco-Social \/ Cisneros, Hrabar, Rodriguez, Fondoso, Acu\u00f1a\" data-rl_title=\"Proyecto Vivienda Experimental Eco-Social \/ Cisneros, Hrabar, Rodriguez, Fondoso, Acu\u00f1a\" class=\"rl-gallery-link\" data-rl_caption=\"Proyecto Vivienda Experimental Eco-Social \/ Cisneros, Hrabar, Rodriguez, Fondoso, Acu\u00f1a\" data-rel=\"lightbox-gallery-1\"><img loading=\"lazy\" decoding=\"async\" width=\"150\" height=\"150\" src=\"https:\/\/www.arquimaster.com.ar\/web\/wp-content\/uploads\/2014\/05\/vivienda_experimental_ecosocial15-150x150.jpg\" class=\"attachment-thumbnail size-thumbnail\" alt=\"\" aria-describedby=\"gallery-1-7318\" srcset=\"https:\/\/www.arquimaster.com.ar\/web\/wp-content\/uploads\/2014\/05\/vivienda_experimental_ecosocial15-150x150.jpg 150w, https:\/\/www.arquimaster.com.ar\/web\/wp-content\/uploads\/2014\/05\/vivienda_experimental_ecosocial15-50x50.jpg 50w, https:\/\/www.arquimaster.com.ar\/web\/wp-content\/uploads\/2014\/05\/vivienda_experimental_ecosocial15-125x125.jpg 125w\" sizes=\"auto, (max-width: 150px) 100vw, 150px\" \/><\/a>\n\t\t\t<\/div>\n\t\t\t\t<figcaption class='wp-caption-text gallery-caption' id='gallery-1-7318'>\n\t\t\t\tProyecto Vivienda Experimental Eco-Social \/ Cisneros, Hrabar, Rodriguez, Fondoso, Acu\u00f1a\n\t\t\t\t<\/figcaption><\/figure><figure class='gallery-item'>\n\t\t\t<div class='gallery-icon landscape'>\n\t\t\t\t<a href='https:\/\/www.arquimaster.com.ar\/web\/wp-content\/uploads\/2014\/05\/vivienda_experimental_ecosocial16.jpg' title=\"Proyecto Vivienda Experimental Eco-Social \/ Cisneros, Hrabar, Rodriguez, Fondoso, Acu\u00f1a\" data-rl_title=\"Proyecto Vivienda Experimental Eco-Social \/ Cisneros, Hrabar, Rodriguez, Fondoso, Acu\u00f1a\" class=\"rl-gallery-link\" data-rl_caption=\"Proyecto Vivienda Experimental Eco-Social \/ Cisneros, Hrabar, Rodriguez, Fondoso, Acu\u00f1a\" data-rel=\"lightbox-gallery-1\"><img loading=\"lazy\" decoding=\"async\" width=\"150\" height=\"150\" src=\"https:\/\/www.arquimaster.com.ar\/web\/wp-content\/uploads\/2014\/05\/vivienda_experimental_ecosocial16-150x150.jpg\" class=\"attachment-thumbnail size-thumbnail\" alt=\"\" aria-describedby=\"gallery-1-7319\" srcset=\"https:\/\/www.arquimaster.com.ar\/web\/wp-content\/uploads\/2014\/05\/vivienda_experimental_ecosocial16-150x150.jpg 150w, https:\/\/www.arquimaster.com.ar\/web\/wp-content\/uploads\/2014\/05\/vivienda_experimental_ecosocial16-50x50.jpg 50w, https:\/\/www.arquimaster.com.ar\/web\/wp-content\/uploads\/2014\/05\/vivienda_experimental_ecosocial16-125x125.jpg 125w\" sizes=\"auto, (max-width: 150px) 100vw, 150px\" \/><\/a>\n\t\t\t<\/div>\n\t\t\t\t<figcaption class='wp-caption-text gallery-caption' id='gallery-1-7319'>\n\t\t\t\tProyecto Vivienda Experimental Eco-Social \/ Cisneros, Hrabar, Rodriguez, Fondoso, Acu\u00f1a\n\t\t\t\t<\/figcaption><\/figure><figure class='gallery-item'>\n\t\t\t<div class='gallery-icon landscape'>\n\t\t\t\t<a href='https:\/\/www.arquimaster.com.ar\/web\/wp-content\/uploads\/2014\/05\/vivienda_experimental_ecosocial17.jpg' title=\"Proyecto Vivienda Experimental Eco-Social \/ Cisneros, Hrabar, Rodriguez, Fondoso, Acu\u00f1a\" data-rl_title=\"Proyecto Vivienda Experimental Eco-Social \/ Cisneros, Hrabar, Rodriguez, Fondoso, Acu\u00f1a\" class=\"rl-gallery-link\" data-rl_caption=\"Proyecto Vivienda Experimental Eco-Social \/ Cisneros, Hrabar, Rodriguez, Fondoso, Acu\u00f1a\" data-rel=\"lightbox-gallery-1\"><img loading=\"lazy\" decoding=\"async\" width=\"150\" height=\"150\" src=\"https:\/\/www.arquimaster.com.ar\/web\/wp-content\/uploads\/2014\/05\/vivienda_experimental_ecosocial17-150x150.jpg\" class=\"attachment-thumbnail size-thumbnail\" alt=\"\" aria-describedby=\"gallery-1-7320\" srcset=\"https:\/\/www.arquimaster.com.ar\/web\/wp-content\/uploads\/2014\/05\/vivienda_experimental_ecosocial17-150x150.jpg 150w, https:\/\/www.arquimaster.com.ar\/web\/wp-content\/uploads\/2014\/05\/vivienda_experimental_ecosocial17-50x50.jpg 50w, https:\/\/www.arquimaster.com.ar\/web\/wp-content\/uploads\/2014\/05\/vivienda_experimental_ecosocial17-125x125.jpg 125w\" sizes=\"auto, (max-width: 150px) 100vw, 150px\" \/><\/a>\n\t\t\t<\/div>\n\t\t\t\t<figcaption class='wp-caption-text gallery-caption' id='gallery-1-7320'>\n\t\t\t\tProyecto Vivienda Experimental Eco-Social \/ Cisneros, Hrabar, Rodriguez, Fondoso, Acu\u00f1a\n\t\t\t\t<\/figcaption><\/figure><figure class='gallery-item'>\n\t\t\t<div class='gallery-icon landscape'>\n\t\t\t\t<a href='https:\/\/www.arquimaster.com.ar\/web\/wp-content\/uploads\/2014\/05\/vivienda_experimental_ecosocial18.jpg' title=\"Proyecto Vivienda Experimental Eco-Social \/ Cisneros, Hrabar, Rodriguez, Fondoso, Acu\u00f1a\" data-rl_title=\"Proyecto Vivienda Experimental Eco-Social \/ Cisneros, Hrabar, Rodriguez, Fondoso, Acu\u00f1a\" class=\"rl-gallery-link\" data-rl_caption=\"Proyecto Vivienda Experimental Eco-Social \/ Cisneros, Hrabar, Rodriguez, Fondoso, Acu\u00f1a\" data-rel=\"lightbox-gallery-1\"><img loading=\"lazy\" decoding=\"async\" width=\"150\" height=\"150\" src=\"https:\/\/www.arquimaster.com.ar\/web\/wp-content\/uploads\/2014\/05\/vivienda_experimental_ecosocial18-150x150.jpg\" class=\"attachment-thumbnail size-thumbnail\" alt=\"\" aria-describedby=\"gallery-1-7321\" srcset=\"https:\/\/www.arquimaster.com.ar\/web\/wp-content\/uploads\/2014\/05\/vivienda_experimental_ecosocial18-150x150.jpg 150w, https:\/\/www.arquimaster.com.ar\/web\/wp-content\/uploads\/2014\/05\/vivienda_experimental_ecosocial18-50x50.jpg 50w, https:\/\/www.arquimaster.com.ar\/web\/wp-content\/uploads\/2014\/05\/vivienda_experimental_ecosocial18-125x125.jpg 125w\" sizes=\"auto, (max-width: 150px) 100vw, 150px\" \/><\/a>\n\t\t\t<\/div>\n\t\t\t\t<figcaption class='wp-caption-text gallery-caption' id='gallery-1-7321'>\n\t\t\t\tProyecto Vivienda Experimental Eco-Social \/ Cisneros, Hrabar, Rodriguez, Fondoso, Acu\u00f1a\n\t\t\t\t<\/figcaption><\/figure><figure class='gallery-item'>\n\t\t\t<div class='gallery-icon landscape'>\n\t\t\t\t<a href='https:\/\/www.arquimaster.com.ar\/web\/wp-content\/uploads\/2014\/05\/vivienda_experimental_ecosocial19.jpg' title=\"Proyecto Vivienda Experimental Eco-Social \/ Cisneros, Hrabar, Rodriguez, Fondoso, Acu\u00f1a (vista)\" data-rl_title=\"Proyecto Vivienda Experimental Eco-Social \/ Cisneros, Hrabar, Rodriguez, Fondoso, Acu\u00f1a (vista)\" class=\"rl-gallery-link\" data-rl_caption=\"Proyecto Vivienda Experimental Eco-Social \/ Cisneros, Hrabar, Rodriguez, Fondoso, Acu\u00f1a (vista)\" data-rel=\"lightbox-gallery-1\"><img loading=\"lazy\" decoding=\"async\" width=\"150\" height=\"150\" src=\"https:\/\/www.arquimaster.com.ar\/web\/wp-content\/uploads\/2014\/05\/vivienda_experimental_ecosocial19-150x150.jpg\" class=\"attachment-thumbnail size-thumbnail\" alt=\"\" aria-describedby=\"gallery-1-7322\" srcset=\"https:\/\/www.arquimaster.com.ar\/web\/wp-content\/uploads\/2014\/05\/vivienda_experimental_ecosocial19-150x150.jpg 150w, https:\/\/www.arquimaster.com.ar\/web\/wp-content\/uploads\/2014\/05\/vivienda_experimental_ecosocial19-50x50.jpg 50w, https:\/\/www.arquimaster.com.ar\/web\/wp-content\/uploads\/2014\/05\/vivienda_experimental_ecosocial19-125x125.jpg 125w\" sizes=\"auto, (max-width: 150px) 100vw, 150px\" \/><\/a>\n\t\t\t<\/div>\n\t\t\t\t<figcaption class='wp-caption-text gallery-caption' id='gallery-1-7322'>\n\t\t\t\tProyecto Vivienda Experimental Eco-Social \/ Cisneros, Hrabar, Rodriguez, Fondoso, Acu\u00f1a (vista)\n\t\t\t\t<\/figcaption><\/figure><figure class='gallery-item'>\n\t\t\t<div class='gallery-icon landscape'>\n\t\t\t\t<a href='https:\/\/www.arquimaster.com.ar\/web\/wp-content\/uploads\/2014\/05\/vivienda_experimental_ecosocial20.jpg' title=\"Proyecto Vivienda Experimental Eco-Social \/ Cisneros, Hrabar, Rodriguez, Fondoso, Acu\u00f1a (vista)\" data-rl_title=\"Proyecto Vivienda Experimental Eco-Social \/ Cisneros, Hrabar, Rodriguez, Fondoso, Acu\u00f1a (vista)\" class=\"rl-gallery-link\" data-rl_caption=\"Proyecto Vivienda Experimental Eco-Social \/ Cisneros, Hrabar, Rodriguez, Fondoso, Acu\u00f1a (vista)\" data-rel=\"lightbox-gallery-1\"><img loading=\"lazy\" decoding=\"async\" width=\"150\" height=\"150\" src=\"https:\/\/www.arquimaster.com.ar\/web\/wp-content\/uploads\/2014\/05\/vivienda_experimental_ecosocial20-150x150.jpg\" class=\"attachment-thumbnail size-thumbnail\" alt=\"\" aria-describedby=\"gallery-1-7323\" srcset=\"https:\/\/www.arquimaster.com.ar\/web\/wp-content\/uploads\/2014\/05\/vivienda_experimental_ecosocial20-150x150.jpg 150w, https:\/\/www.arquimaster.com.ar\/web\/wp-content\/uploads\/2014\/05\/vivienda_experimental_ecosocial20-50x50.jpg 50w, https:\/\/www.arquimaster.com.ar\/web\/wp-content\/uploads\/2014\/05\/vivienda_experimental_ecosocial20-125x125.jpg 125w\" sizes=\"auto, (max-width: 150px) 100vw, 150px\" \/><\/a>\n\t\t\t<\/div>\n\t\t\t\t<figcaption class='wp-caption-text gallery-caption' id='gallery-1-7323'>\n\t\t\t\tProyecto Vivienda Experimental Eco-Social \/ Cisneros, Hrabar, Rodriguez, Fondoso, Acu\u00f1a (vista)\n\t\t\t\t<\/figcaption><\/figure><figure class='gallery-item'>\n\t\t\t<div class='gallery-icon landscape'>\n\t\t\t\t<a href='https:\/\/www.arquimaster.com.ar\/web\/wp-content\/uploads\/2014\/05\/vivienda_experimental_ecosocial21.jpg' title=\"Proyecto Vivienda Experimental Eco-Social \/ Cisneros, Hrabar, Rodriguez, Fondoso, Acu\u00f1a (vista)\" data-rl_title=\"Proyecto Vivienda Experimental Eco-Social \/ Cisneros, Hrabar, Rodriguez, Fondoso, Acu\u00f1a (vista)\" class=\"rl-gallery-link\" data-rl_caption=\"Proyecto Vivienda Experimental Eco-Social \/ Cisneros, Hrabar, Rodriguez, Fondoso, Acu\u00f1a (vista)\" data-rel=\"lightbox-gallery-1\"><img loading=\"lazy\" decoding=\"async\" width=\"150\" height=\"150\" src=\"https:\/\/www.arquimaster.com.ar\/web\/wp-content\/uploads\/2014\/05\/vivienda_experimental_ecosocial21-150x150.jpg\" class=\"attachment-thumbnail size-thumbnail\" alt=\"\" aria-describedby=\"gallery-1-7324\" srcset=\"https:\/\/www.arquimaster.com.ar\/web\/wp-content\/uploads\/2014\/05\/vivienda_experimental_ecosocial21-150x150.jpg 150w, https:\/\/www.arquimaster.com.ar\/web\/wp-content\/uploads\/2014\/05\/vivienda_experimental_ecosocial21-50x50.jpg 50w, https:\/\/www.arquimaster.com.ar\/web\/wp-content\/uploads\/2014\/05\/vivienda_experimental_ecosocial21-125x125.jpg 125w\" sizes=\"auto, (max-width: 150px) 100vw, 150px\" \/><\/a>\n\t\t\t<\/div>\n\t\t\t\t<figcaption class='wp-caption-text gallery-caption' id='gallery-1-7324'>\n\t\t\t\tProyecto Vivienda Experimental Eco-Social \/ Cisneros, Hrabar, Rodriguez, Fondoso, Acu\u00f1a (vista)\n\t\t\t\t<\/figcaption><\/figure><figure class='gallery-item'>\n\t\t\t<div class='gallery-icon landscape'>\n\t\t\t\t<a href='https:\/\/www.arquimaster.com.ar\/web\/wp-content\/uploads\/2014\/05\/vivienda_experimental_ecosocial22.jpg' title=\"Proyecto Vivienda Experimental Eco-Social \/ Cisneros, Hrabar, Rodriguez, Fondoso, Acu\u00f1a (vista)\" data-rl_title=\"Proyecto Vivienda Experimental Eco-Social \/ Cisneros, Hrabar, Rodriguez, Fondoso, Acu\u00f1a (vista)\" class=\"rl-gallery-link\" data-rl_caption=\"Proyecto Vivienda Experimental Eco-Social \/ Cisneros, Hrabar, Rodriguez, Fondoso, Acu\u00f1a (vista)\" data-rel=\"lightbox-gallery-1\"><img loading=\"lazy\" decoding=\"async\" width=\"150\" height=\"150\" src=\"https:\/\/www.arquimaster.com.ar\/web\/wp-content\/uploads\/2014\/05\/vivienda_experimental_ecosocial22-150x150.jpg\" class=\"attachment-thumbnail size-thumbnail\" alt=\"\" aria-describedby=\"gallery-1-7325\" srcset=\"https:\/\/www.arquimaster.com.ar\/web\/wp-content\/uploads\/2014\/05\/vivienda_experimental_ecosocial22-150x150.jpg 150w, https:\/\/www.arquimaster.com.ar\/web\/wp-content\/uploads\/2014\/05\/vivienda_experimental_ecosocial22-50x50.jpg 50w, https:\/\/www.arquimaster.com.ar\/web\/wp-content\/uploads\/2014\/05\/vivienda_experimental_ecosocial22-125x125.jpg 125w\" sizes=\"auto, (max-width: 150px) 100vw, 150px\" \/><\/a>\n\t\t\t<\/div>\n\t\t\t\t<figcaption class='wp-caption-text gallery-caption' id='gallery-1-7325'>\n\t\t\t\tProyecto Vivienda Experimental Eco-Social \/ Cisneros, Hrabar, Rodriguez, Fondoso, Acu\u00f1a (vista)\n\t\t\t\t<\/figcaption><\/figure><figure class='gallery-item'>\n\t\t\t<div class='gallery-icon portrait'>\n\t\t\t\t<a href='https:\/\/www.arquimaster.com.ar\/web\/wp-content\/uploads\/2014\/05\/vivienda_experimental_ecosocial23.jpg' title=\"Proyecto Vivienda Experimental Eco-Social \/ Cisneros, Hrabar, Rodriguez, Fondoso, Acu\u00f1a (tipologia)\" data-rl_title=\"Proyecto Vivienda Experimental Eco-Social \/ Cisneros, Hrabar, Rodriguez, Fondoso, Acu\u00f1a (tipologia)\" class=\"rl-gallery-link\" data-rl_caption=\"Proyecto Vivienda Experimental Eco-Social \/ Cisneros, Hrabar, Rodriguez, Fondoso, Acu\u00f1a (tipologia)\" data-rel=\"lightbox-gallery-1\"><img loading=\"lazy\" decoding=\"async\" width=\"150\" height=\"150\" src=\"https:\/\/www.arquimaster.com.ar\/web\/wp-content\/uploads\/2014\/05\/vivienda_experimental_ecosocial23-150x150.jpg\" class=\"attachment-thumbnail size-thumbnail\" alt=\"\" aria-describedby=\"gallery-1-7326\" srcset=\"https:\/\/www.arquimaster.com.ar\/web\/wp-content\/uploads\/2014\/05\/vivienda_experimental_ecosocial23-150x150.jpg 150w, https:\/\/www.arquimaster.com.ar\/web\/wp-content\/uploads\/2014\/05\/vivienda_experimental_ecosocial23-50x50.jpg 50w, https:\/\/www.arquimaster.com.ar\/web\/wp-content\/uploads\/2014\/05\/vivienda_experimental_ecosocial23-125x125.jpg 125w\" sizes=\"auto, (max-width: 150px) 100vw, 150px\" \/><\/a>\n\t\t\t<\/div>\n\t\t\t\t<figcaption class='wp-caption-text gallery-caption' id='gallery-1-7326'>\n\t\t\t\tProyecto Vivienda Experimental Eco-Social \/ Cisneros, Hrabar, Rodriguez, Fondoso, Acu\u00f1a (tipologia)\n\t\t\t\t<\/figcaption><\/figure><figure class='gallery-item'>\n\t\t\t<div class='gallery-icon portrait'>\n\t\t\t\t<a href='https:\/\/www.arquimaster.com.ar\/web\/wp-content\/uploads\/2014\/05\/vivienda_experimental_ecosocial24.jpg' title=\"Proyecto Vivienda Experimental Eco-Social \/ Cisneros, Hrabar, Rodriguez, Fondoso, Acu\u00f1a (tipologia)\" data-rl_title=\"Proyecto Vivienda Experimental Eco-Social \/ Cisneros, Hrabar, Rodriguez, Fondoso, Acu\u00f1a (tipologia)\" class=\"rl-gallery-link\" data-rl_caption=\"Proyecto Vivienda Experimental Eco-Social \/ Cisneros, Hrabar, Rodriguez, Fondoso, Acu\u00f1a (tipologia)\" data-rel=\"lightbox-gallery-1\"><img loading=\"lazy\" decoding=\"async\" width=\"150\" height=\"150\" src=\"https:\/\/www.arquimaster.com.ar\/web\/wp-content\/uploads\/2014\/05\/vivienda_experimental_ecosocial24-150x150.jpg\" class=\"attachment-thumbnail size-thumbnail\" alt=\"\" aria-describedby=\"gallery-1-7327\" srcset=\"https:\/\/www.arquimaster.com.ar\/web\/wp-content\/uploads\/2014\/05\/vivienda_experimental_ecosocial24-150x150.jpg 150w, https:\/\/www.arquimaster.com.ar\/web\/wp-content\/uploads\/2014\/05\/vivienda_experimental_ecosocial24-50x50.jpg 50w, https:\/\/www.arquimaster.com.ar\/web\/wp-content\/uploads\/2014\/05\/vivienda_experimental_ecosocial24-125x125.jpg 125w, https:\/\/www.arquimaster.com.ar\/web\/wp-content\/uploads\/2014\/05\/vivienda_experimental_ecosocial24-334x336.jpg 334w\" sizes=\"auto, (max-width: 150px) 100vw, 150px\" \/><\/a>\n\t\t\t<\/div>\n\t\t\t\t<figcaption class='wp-caption-text gallery-caption' id='gallery-1-7327'>\n\t\t\t\tProyecto Vivienda Experimental Eco-Social \/ Cisneros, Hrabar, Rodriguez, Fondoso, Acu\u00f1a (tipologia)\n\t\t\t\t<\/figcaption><\/figure><figure class='gallery-item'>\n\t\t\t<div class='gallery-icon portrait'>\n\t\t\t\t<a href='https:\/\/www.arquimaster.com.ar\/web\/wp-content\/uploads\/2014\/05\/vivienda_experimental_ecosocial25.jpg' title=\"Proyecto Vivienda Experimental Eco-Social \/ Cisneros, Hrabar, Rodriguez, Fondoso, Acu\u00f1a (tipologia)\" data-rl_title=\"Proyecto Vivienda Experimental Eco-Social \/ Cisneros, Hrabar, Rodriguez, Fondoso, Acu\u00f1a (tipologia)\" class=\"rl-gallery-link\" data-rl_caption=\"Proyecto Vivienda Experimental Eco-Social \/ Cisneros, Hrabar, Rodriguez, Fondoso, Acu\u00f1a (tipologia)\" data-rel=\"lightbox-gallery-1\"><img loading=\"lazy\" decoding=\"async\" width=\"150\" height=\"150\" src=\"https:\/\/www.arquimaster.com.ar\/web\/wp-content\/uploads\/2014\/05\/vivienda_experimental_ecosocial25-150x150.jpg\" class=\"attachment-thumbnail size-thumbnail\" alt=\"\" aria-describedby=\"gallery-1-7328\" srcset=\"https:\/\/www.arquimaster.com.ar\/web\/wp-content\/uploads\/2014\/05\/vivienda_experimental_ecosocial25-150x150.jpg 150w, https:\/\/www.arquimaster.com.ar\/web\/wp-content\/uploads\/2014\/05\/vivienda_experimental_ecosocial25-50x50.jpg 50w, https:\/\/www.arquimaster.com.ar\/web\/wp-content\/uploads\/2014\/05\/vivienda_experimental_ecosocial25-125x125.jpg 125w\" sizes=\"auto, (max-width: 150px) 100vw, 150px\" \/><\/a>\n\t\t\t<\/div>\n\t\t\t\t<figcaption class='wp-caption-text gallery-caption' id='gallery-1-7328'>\n\t\t\t\tProyecto Vivienda Experimental Eco-Social \/ Cisneros, Hrabar, Rodriguez, Fondoso, Acu\u00f1a (tipologia)\n\t\t\t\t<\/figcaption><\/figure><figure class='gallery-item'>\n\t\t\t<div class='gallery-icon portrait'>\n\t\t\t\t<a href='https:\/\/www.arquimaster.com.ar\/web\/wp-content\/uploads\/2014\/05\/vivienda_experimental_ecosocial26.jpg' title=\"Proyecto Vivienda Experimental Eco-Social \/ Cisneros, Hrabar, Rodriguez, Fondoso, Acu\u00f1a (tipologia)\" data-rl_title=\"Proyecto Vivienda Experimental Eco-Social \/ Cisneros, Hrabar, Rodriguez, Fondoso, Acu\u00f1a (tipologia)\" class=\"rl-gallery-link\" data-rl_caption=\"Proyecto Vivienda Experimental Eco-Social \/ Cisneros, Hrabar, Rodriguez, Fondoso, Acu\u00f1a (tipologia)\" data-rel=\"lightbox-gallery-1\"><img loading=\"lazy\" decoding=\"async\" width=\"150\" height=\"150\" src=\"https:\/\/www.arquimaster.com.ar\/web\/wp-content\/uploads\/2014\/05\/vivienda_experimental_ecosocial26-150x150.jpg\" class=\"attachment-thumbnail size-thumbnail\" alt=\"\" aria-describedby=\"gallery-1-7329\" srcset=\"https:\/\/www.arquimaster.com.ar\/web\/wp-content\/uploads\/2014\/05\/vivienda_experimental_ecosocial26-150x150.jpg 150w, https:\/\/www.arquimaster.com.ar\/web\/wp-content\/uploads\/2014\/05\/vivienda_experimental_ecosocial26-50x50.jpg 50w, https:\/\/www.arquimaster.com.ar\/web\/wp-content\/uploads\/2014\/05\/vivienda_experimental_ecosocial26-125x125.jpg 125w\" sizes=\"auto, (max-width: 150px) 100vw, 150px\" \/><\/a>\n\t\t\t<\/div>\n\t\t\t\t<figcaption class='wp-caption-text gallery-caption' id='gallery-1-7329'>\n\t\t\t\tProyecto Vivienda Experimental Eco-Social \/ Cisneros, Hrabar, Rodriguez, Fondoso, Acu\u00f1a (tipologia)\n\t\t\t\t<\/figcaption><\/figure><figure class='gallery-item'>\n\t\t\t<div class='gallery-icon portrait'>\n\t\t\t\t<a href='https:\/\/www.arquimaster.com.ar\/web\/wp-content\/uploads\/2014\/05\/vivienda_experimental_ecosocial27.jpg' title=\"Proyecto Vivienda Experimental Eco-Social \/ Cisneros, Hrabar, Rodriguez, Fondoso, Acu\u00f1a (tipologia)\" data-rl_title=\"Proyecto Vivienda Experimental Eco-Social \/ Cisneros, Hrabar, Rodriguez, Fondoso, Acu\u00f1a (tipologia)\" class=\"rl-gallery-link\" data-rl_caption=\"Proyecto Vivienda Experimental Eco-Social \/ Cisneros, Hrabar, Rodriguez, Fondoso, Acu\u00f1a (tipologia)\" data-rel=\"lightbox-gallery-1\"><img loading=\"lazy\" decoding=\"async\" width=\"150\" height=\"150\" src=\"https:\/\/www.arquimaster.com.ar\/web\/wp-content\/uploads\/2014\/05\/vivienda_experimental_ecosocial27-150x150.jpg\" class=\"attachment-thumbnail size-thumbnail\" alt=\"\" aria-describedby=\"gallery-1-7330\" srcset=\"https:\/\/www.arquimaster.com.ar\/web\/wp-content\/uploads\/2014\/05\/vivienda_experimental_ecosocial27-150x150.jpg 150w, https:\/\/www.arquimaster.com.ar\/web\/wp-content\/uploads\/2014\/05\/vivienda_experimental_ecosocial27-50x50.jpg 50w, https:\/\/www.arquimaster.com.ar\/web\/wp-content\/uploads\/2014\/05\/vivienda_experimental_ecosocial27-125x125.jpg 125w\" sizes=\"auto, (max-width: 150px) 100vw, 150px\" \/><\/a>\n\t\t\t<\/div>\n\t\t\t\t<figcaption class='wp-caption-text gallery-caption' id='gallery-1-7330'>\n\t\t\t\tProyecto Vivienda Experimental Eco-Social \/ Cisneros, Hrabar, Rodriguez, Fondoso, Acu\u00f1a (tipologia)\n\t\t\t\t<\/figcaption><\/figure>\n\t\t<\/div>\n\n<p>El proyecto de vivienda experimental nace a partir de un trabajo de casi dos a\u00f1os con la asociaci\u00f3n civil Hogar Dulce Hogar Solidario, la cual surge ante la necesidad de resolver los principales problemas que se presentan en las ciudades actuales, cada vez m\u00e1s fragmentadas espacial y socialmente.<\/p>\n<p>La cual conformamos un grupo interdisciplinario de estudiantes universitarios de la Universidad Nacional de la Plata (La Plata, Pcia. de Buenos Aires, Argentina) que creemos que el conocimiento obtenido en las facultades tiene que tener relaci\u00f3n con los problemas b\u00e1sicos de la sociedad actual.<\/p>\n<p>Los principales problemas que tratamos de afrontar son: el d\u00e9ficit de vivienda y equipamiento urbano y buscar una manera eficaz de reciclar desechos con el fin de paliar la contaminaci\u00f3n producida por quema y entierro de desechos.<\/p>\n<p><strong>Problem\u00e1tica social y urbana<\/strong><br \/>\nSomos concientes de la gran falta de vivienda propia ya sea en la Argentina o bien en Am\u00e9rica Latina. Seg\u00fan datos oficiales Argentina posee casi 1.200.000 indigentes y 3.500.000 pobres (CEPAL 2010).<\/p>\n<p>Solo en el Area Metropolitana de Buenos Aires (AMBA) se generan 15.000 toneladas diarias de residuos por 14 millones de personas.<\/p>\n<p>El \u00e9xodo rural se transformo en una de las problematicas sociales m\u00e1s importantes del siglo. En las \u00faltimas d\u00e9cadas, la poblaci\u00f3n urbana de America Latina creci\u00f3 al punto de triplicar a la rural, en un ritmo que se incrementa a\u00f1o tras a\u00f1o.<\/p>\n<p>El volumen de los desplazamientos hacia las grandes ciudades, ha superado por amplio margen los aumentos en la demanda de trabajo de la econom\u00eda urbana, transform\u00e1ndose as\u00ed en responsable del desempleo, la marginaci\u00f3n econ\u00f3mica y social, en la transculturizaci\u00f3n y la pobreza que afecta a los estratos medios y bajos de la sociedad.<\/p>\n<p>Entendemos que esta en el ADN del hombre construir con materiales que tiene alcance de sus manos. De ah\u00ed las construcciones de nuestro pueblos originarios se levantaban de madera, tierra, piedra, adobe, paja, etc., construcciones arm\u00f3nicas y respetuosas con el entorno.<\/p>\n<p>De all\u00ed con la b\u00fasqueda del que hacer con los materiales de consumo masivo que una vez que han cumplido su vida \u00fatil pasan a conformar la amplia cantidad y variedad de los desechos de la poblaci\u00f3n, surge el <strong>sistema constructivo Eco-Social<\/strong>, creemos en las posibilidades de que a partir de esos desechos se logre una Arquitectura Sustentable y orientada a resolver las necesidades de los sectores vulnerables de la sociedad.<\/p>\n<p>Durante estos a\u00f1os de actividad, comprobamos que el sistema constructivo funciona de manera eficaz tanto en la cuesti\u00f3n t\u00e9cnica (velocidad de obra, econom\u00eda, y respuesta a los factores ambientales como el frio\/calor y humedad) como en el resultado de la experiencia socio-comunicativa.<\/p>\n<p>Observamos un gran compromiso por parte de diversos actores sociales en la recolecci\u00f3n de los residuos para poder llevar a cabo nuestra labor.<\/p>\n<p>Las virtudes de nuestro proyecto son:<\/p>\n<p><strong>F\u00e1cil construcci\u00f3n<\/strong><br \/>\nLa tecnolog\u00eda aplicada es con materiales y mano de obra local que cualquiera es capaz de llevar acabo. No son necesarias herramientas sofisticadas para la ejecuci\u00f3n del sistema.<\/p>\n<p><strong>Tipolog\u00eda flexible<\/strong><br \/>\nSe presenta un espacio domestico adaptable a cualquier familia y con crecimientos que la misma arquitectura se encarga de orientar. Un espacio inicial, que va mutando de acuerdos a los cambios, preferencias y necesidades de la familia. Esta tipolog\u00eda, pensada para ser una c\u00e9lula de un conjunto, puede variar en su conformaci\u00f3n y forma, d\u00e1ndole cierta calidad heterog\u00e9nea al agrupamiento. Creemos que es muy importante que cada usuario pueda expresar su individualidad en la vivienda.<\/p>\n<p><strong>Terreno<\/strong><br \/>\nSe adoptaron las medidas de los terrenos sociales de 10&#215;20 metros.<\/p>\n<p><strong>Vivienda<\/strong><br \/>\nDebe ser productiva y que colabore con el salario de la familia trabajadora. El patio se encontrara a lo largo de la vivienda y ser\u00e1 la expansi\u00f3n de la misma. El proyecto contempla la posibilidad de producci\u00f3n de alimentos en el mismo lote, o bien la adaptaci\u00f3n del espacio interior para alg\u00fan tipo de taller o peque\u00f1o local comercial.<\/p>\n<p><strong>Sustentabilidad<\/strong><br \/>\nPaliar la contaminaci\u00f3n ambiental a medida que se construyen viviendas ya que se saca basura de circulacion y cualquiera puede colaborar con este proyecto separando los residuos, con esto estar\u00eda ayudando a salir a delante a quienes mas lo necesitan para que lleguen a tener su vivienda digna.<\/p>\n<p>Nuestra experiencia nos indica que con este sistema constructivo, necesitamos 1\/3 del dinero para construir los mismos metros cuadrados que con los sistemas tradicionales.<\/p>\n<p>Ademas la vivienda contara con utilizaci\u00f3n del clima, al climatizar pasivamente la vivienda, y ahorro de agua mediante la recolecci\u00f3n de agua de lluvia y purificaci\u00f3n de aguas grises.<\/p>\n<p><strong>Ficha tecnica<\/strong><br \/>\nNombre: Proyecto Vivienda Experimental Eco-Social<br \/>\nEquipo de trabajo: Luis Cisneros, Ignacio Hrabar, Esteban Rodriguez, Santiago Fondoso y Rodrigo Acu\u00f1a (estudiantes de la Facultad de Arquitectura y Urbanismo de la Universidad Nacional de La Plata)<br \/>\nA\u00f1o: 2013<\/p>\n<p><strong>Contacto<\/strong>: luis.cisneros.91(arroba)hotmail.com<br \/>\n<a title=\"Proyecto Vivienda Experimental Eco-Social\" href=\"http:\/\/www.facebook.com\/luis.cisneros.1257\" target=\"_blank\">http:\/\/www.facebook.com\/luis.cisneros.1257<\/a><\/p>\n\n<div style=\"font-size: 0px; height: 0px; line-height: 0px; margin: 0; padding: 0; clear: both;\"><\/div><div style=\"margin-top: 0px; margin-bottom: 0px;\" class=\"sharethis-inline-share-buttons\" ><\/div>","protected":false},"excerpt":{"rendered":"<p>Proyecto de arquitectura ecologica social desarrollada por estudiantes de la FAU-UNLP&#8230;<\/p>\n","protected":false},"author":1,"featured_media":7303,"comment_status":"closed","ping_status":"closed","sticky":false,"template":"","format":"standard","meta":{"_uag_custom_page_level_css":"","footnotes":""},"categories":[1,407,81],"tags":[1029,843,1031,1929,1932,372,1935,1931,1930,1934,1933,554,1928,105],"class_list":["post-7302","post","type-post","status-publish","format-standard","has-post-thumbnail","hentry","category-proyecto","category-proyectos-estudiantes","category-proyectos-concursos","tag-arquitectura-ecologica","tag-casa-sustentable","tag-eco-arquitectura","tag-eco-social","tag-esteban-rodriguez","tag-fau-unlp","tag-hogar-dulce-hogar","tag-ignacio-hrabar","tag-luis-cisneros","tag-rodrigo-acuna","tag-santiago-fondoso","tag-sustentabilidad","tag-vivienda-experimental","tag-vivienda-social","generate-columns","tablet-grid-50","mobile-grid-100","grid-parent","grid-50"],"yoast_head":"<!-- This site is optimized with the Yoast SEO plugin v27.3 - https:\/\/yoast.com\/product\/yoast-seo-wordpress\/ -->\n<title>Proyecto Vivienda Experimental Eco-Social \/ Cisneros, Hrabar, Rodriguez, Fondoso, Acu\u00f1a - Arquimaster<\/title>\n<meta name=\"robots\" content=\"index, follow, max-snippet:-1, max-image-preview:large, max-video-preview:-1\" \/>\n<link rel=\"canonical\" href=\"https:\/\/www.arquimaster.com.ar\/web\/proyecto-vivienda-experimental-eco-social-cisneros-hrabar-rodriguez-fondoso-acuna\/\" \/>\n<meta property=\"og:locale\" content=\"es_ES\" \/>\n<meta property=\"og:type\" content=\"article\" \/>\n<meta property=\"og:title\" content=\"Proyecto Vivienda Experimental Eco-Social \/ Cisneros, Hrabar, Rodriguez, Fondoso, Acu\u00f1a - Arquimaster\" \/>\n<meta property=\"og:description\" content=\"Proyecto de arquitectura ecologica social desarrollada por estudiantes de la FAU-UNLP...\" \/>\n<meta property=\"og:url\" content=\"https:\/\/www.arquimaster.com.ar\/web\/proyecto-vivienda-experimental-eco-social-cisneros-hrabar-rodriguez-fondoso-acuna\/\" \/>\n<meta property=\"og:site_name\" content=\"Arquimaster\" \/>\n<meta property=\"article:publisher\" content=\"http:\/\/www.facebook.com\/ARQUIMASTER.com.ar\" \/>\n<meta property=\"article:published_time\" content=\"2014-05-22T03:00:32+00:00\" \/>\n<meta property=\"article:modified_time\" content=\"2019-01-08T20:43:29+00:00\" \/>\n<meta property=\"og:image\" content=\"https:\/\/www.arquimaster.com.ar\/web\/wp-content\/uploads\/2014\/05\/vivienda_experimental_ecosocial_slide.jpg\" \/>\n\t<meta property=\"og:image:width\" content=\"642\" \/>\n\t<meta property=\"og:image:height\" content=\"336\" \/>\n\t<meta property=\"og:image:type\" content=\"image\/jpeg\" \/>\n<meta name=\"author\" content=\"Arquimaster\" \/>\n<meta name=\"twitter:card\" content=\"summary_large_image\" \/>\n<meta name=\"twitter:creator\" content=\"@arquimaster\" \/>\n<meta name=\"twitter:site\" content=\"@arquimaster\" \/>\n<meta name=\"twitter:label1\" content=\"Escrito por\" \/>\n\t<meta name=\"twitter:data1\" content=\"Arquimaster\" \/>\n\t<meta name=\"twitter:label2\" content=\"Tiempo de lectura\" \/>\n\t<meta name=\"twitter:data2\" content=\"4 minutos\" \/>\n<script type=\"application\/ld+json\" class=\"yoast-schema-graph\">{\"@context\":\"https:\\\/\\\/schema.org\",\"@graph\":[{\"@type\":\"Article\",\"@id\":\"https:\\\/\\\/www.arquimaster.com.ar\\\/web\\\/proyecto-vivienda-experimental-eco-social-cisneros-hrabar-rodriguez-fondoso-acuna\\\/#article\",\"isPartOf\":{\"@id\":\"https:\\\/\\\/www.arquimaster.com.ar\\\/web\\\/proyecto-vivienda-experimental-eco-social-cisneros-hrabar-rodriguez-fondoso-acuna\\\/\"},\"author\":{\"name\":\"Arquimaster\",\"@id\":\"https:\\\/\\\/www.arquimaster.com.ar\\\/web\\\/#\\\/schema\\\/person\\\/359e9f7c00193fcde068e0dd2ceb0028\"},\"headline\":\"Proyecto Vivienda Experimental Eco-Social \\\/ Cisneros, Hrabar, Rodriguez, Fondoso, Acu\u00f1a\",\"datePublished\":\"2014-05-22T03:00:32+00:00\",\"dateModified\":\"2019-01-08T20:43:29+00:00\",\"mainEntityOfPage\":{\"@id\":\"https:\\\/\\\/www.arquimaster.com.ar\\\/web\\\/proyecto-vivienda-experimental-eco-social-cisneros-hrabar-rodriguez-fondoso-acuna\\\/\"},\"wordCount\":885,\"publisher\":{\"@id\":\"https:\\\/\\\/www.arquimaster.com.ar\\\/web\\\/#organization\"},\"image\":{\"@id\":\"https:\\\/\\\/www.arquimaster.com.ar\\\/web\\\/proyecto-vivienda-experimental-eco-social-cisneros-hrabar-rodriguez-fondoso-acuna\\\/#primaryimage\"},\"thumbnailUrl\":\"https:\\\/\\\/www.arquimaster.com.ar\\\/web\\\/wp-content\\\/uploads\\\/2014\\\/05\\\/vivienda_experimental_ecosocial_slide.jpg\",\"keywords\":[\"arquitectura ecologica\",\"casa sustentable\",\"eco-arquitectura\",\"eco-social\",\"Esteban Rodriguez\",\"FAU-UNLP\",\"Hogar Dulce Hogar\",\"Ignacio Hrabar\",\"Luis Cisneros\",\"Rodrigo Acu\u00f1a\",\"Santiago Fondoso\",\"sustentabilidad\",\"vivienda experimental\",\"vivienda social\"],\"articleSection\":[\"Proyecto\",\"Proyectos de estudiantes\",\"Proyectos para Concursos\"],\"inLanguage\":\"es\"},{\"@type\":\"WebPage\",\"@id\":\"https:\\\/\\\/www.arquimaster.com.ar\\\/web\\\/proyecto-vivienda-experimental-eco-social-cisneros-hrabar-rodriguez-fondoso-acuna\\\/\",\"url\":\"https:\\\/\\\/www.arquimaster.com.ar\\\/web\\\/proyecto-vivienda-experimental-eco-social-cisneros-hrabar-rodriguez-fondoso-acuna\\\/\",\"name\":\"Proyecto Vivienda Experimental Eco-Social \\\/ Cisneros, Hrabar, Rodriguez, Fondoso, Acu\u00f1a - Arquimaster\",\"isPartOf\":{\"@id\":\"https:\\\/\\\/www.arquimaster.com.ar\\\/web\\\/#website\"},\"primaryImageOfPage\":{\"@id\":\"https:\\\/\\\/www.arquimaster.com.ar\\\/web\\\/proyecto-vivienda-experimental-eco-social-cisneros-hrabar-rodriguez-fondoso-acuna\\\/#primaryimage\"},\"image\":{\"@id\":\"https:\\\/\\\/www.arquimaster.com.ar\\\/web\\\/proyecto-vivienda-experimental-eco-social-cisneros-hrabar-rodriguez-fondoso-acuna\\\/#primaryimage\"},\"thumbnailUrl\":\"https:\\\/\\\/www.arquimaster.com.ar\\\/web\\\/wp-content\\\/uploads\\\/2014\\\/05\\\/vivienda_experimental_ecosocial_slide.jpg\",\"datePublished\":\"2014-05-22T03:00:32+00:00\",\"dateModified\":\"2019-01-08T20:43:29+00:00\",\"breadcrumb\":{\"@id\":\"https:\\\/\\\/www.arquimaster.com.ar\\\/web\\\/proyecto-vivienda-experimental-eco-social-cisneros-hrabar-rodriguez-fondoso-acuna\\\/#breadcrumb\"},\"inLanguage\":\"es\",\"potentialAction\":[{\"@type\":\"ReadAction\",\"target\":[\"https:\\\/\\\/www.arquimaster.com.ar\\\/web\\\/proyecto-vivienda-experimental-eco-social-cisneros-hrabar-rodriguez-fondoso-acuna\\\/\"]}]},{\"@type\":\"ImageObject\",\"inLanguage\":\"es\",\"@id\":\"https:\\\/\\\/www.arquimaster.com.ar\\\/web\\\/proyecto-vivienda-experimental-eco-social-cisneros-hrabar-rodriguez-fondoso-acuna\\\/#primaryimage\",\"url\":\"https:\\\/\\\/www.arquimaster.com.ar\\\/web\\\/wp-content\\\/uploads\\\/2014\\\/05\\\/vivienda_experimental_ecosocial_slide.jpg\",\"contentUrl\":\"https:\\\/\\\/www.arquimaster.com.ar\\\/web\\\/wp-content\\\/uploads\\\/2014\\\/05\\\/vivienda_experimental_ecosocial_slide.jpg\",\"width\":642,\"height\":336},{\"@type\":\"BreadcrumbList\",\"@id\":\"https:\\\/\\\/www.arquimaster.com.ar\\\/web\\\/proyecto-vivienda-experimental-eco-social-cisneros-hrabar-rodriguez-fondoso-acuna\\\/#breadcrumb\",\"itemListElement\":[{\"@type\":\"ListItem\",\"position\":1,\"name\":\"Portada\",\"item\":\"https:\\\/\\\/www.arquimaster.com.ar\\\/web\\\/\"},{\"@type\":\"ListItem\",\"position\":2,\"name\":\"Proyecto Vivienda Experimental Eco-Social \\\/ Cisneros, Hrabar, Rodriguez, Fondoso, Acu\u00f1a\"}]},{\"@type\":\"WebSite\",\"@id\":\"https:\\\/\\\/www.arquimaster.com.ar\\\/web\\\/#website\",\"url\":\"https:\\\/\\\/www.arquimaster.com.ar\\\/web\\\/\",\"name\":\"Arquimaster\",\"description\":\"Web de arquitectura, dise\u00f1o y construccion\",\"publisher\":{\"@id\":\"https:\\\/\\\/www.arquimaster.com.ar\\\/web\\\/#organization\"},\"potentialAction\":[{\"@type\":\"SearchAction\",\"target\":{\"@type\":\"EntryPoint\",\"urlTemplate\":\"https:\\\/\\\/www.arquimaster.com.ar\\\/web\\\/?s={search_term_string}\"},\"query-input\":{\"@type\":\"PropertyValueSpecification\",\"valueRequired\":true,\"valueName\":\"search_term_string\"}}],\"inLanguage\":\"es\"},{\"@type\":\"Organization\",\"@id\":\"https:\\\/\\\/www.arquimaster.com.ar\\\/web\\\/#organization\",\"name\":\"Arquimaster\",\"url\":\"https:\\\/\\\/www.arquimaster.com.ar\\\/web\\\/\",\"logo\":{\"@type\":\"ImageObject\",\"inLanguage\":\"es\",\"@id\":\"https:\\\/\\\/www.arquimaster.com.ar\\\/web\\\/#\\\/schema\\\/logo\\\/image\\\/\",\"url\":\"https:\\\/\\\/www.arquimaster.com.ar\\\/web\\\/wp-content\\\/uploads\\\/2022\\\/06\\\/arquimaster.png\",\"contentUrl\":\"https:\\\/\\\/www.arquimaster.com.ar\\\/web\\\/wp-content\\\/uploads\\\/2022\\\/06\\\/arquimaster.png\",\"width\":594,\"height\":78,\"caption\":\"Arquimaster\"},\"image\":{\"@id\":\"https:\\\/\\\/www.arquimaster.com.ar\\\/web\\\/#\\\/schema\\\/logo\\\/image\\\/\"},\"sameAs\":[\"http:\\\/\\\/www.facebook.com\\\/ARQUIMASTER.com.ar\",\"https:\\\/\\\/x.com\\\/arquimaster\",\"https:\\\/\\\/www.instagram.com\\\/arquimasterblog\\\/\",\"https:\\\/\\\/www.linkedin.com\\\/company\\\/arquimaster\",\"https:\\\/\\\/www.pinterest.com\\\/arquimaster\",\"https:\\\/\\\/t.me\\\/arquimaster\"]},{\"@type\":\"Person\",\"@id\":\"https:\\\/\\\/www.arquimaster.com.ar\\\/web\\\/#\\\/schema\\\/person\\\/359e9f7c00193fcde068e0dd2ceb0028\",\"name\":\"Arquimaster\"}]}<\/script>\n<!-- \/ Yoast SEO plugin. -->","yoast_head_json":{"title":"Proyecto Vivienda Experimental Eco-Social \/ Cisneros, Hrabar, Rodriguez, Fondoso, Acu\u00f1a - Arquimaster","robots":{"index":"index","follow":"follow","max-snippet":"max-snippet:-1","max-image-preview":"max-image-preview:large","max-video-preview":"max-video-preview:-1"},"canonical":"https:\/\/www.arquimaster.com.ar\/web\/proyecto-vivienda-experimental-eco-social-cisneros-hrabar-rodriguez-fondoso-acuna\/","og_locale":"es_ES","og_type":"article","og_title":"Proyecto Vivienda Experimental Eco-Social \/ Cisneros, Hrabar, Rodriguez, Fondoso, Acu\u00f1a - Arquimaster","og_description":"Proyecto de arquitectura ecologica social desarrollada por estudiantes de la FAU-UNLP...","og_url":"https:\/\/www.arquimaster.com.ar\/web\/proyecto-vivienda-experimental-eco-social-cisneros-hrabar-rodriguez-fondoso-acuna\/","og_site_name":"Arquimaster","article_publisher":"http:\/\/www.facebook.com\/ARQUIMASTER.com.ar","article_published_time":"2014-05-22T03:00:32+00:00","article_modified_time":"2019-01-08T20:43:29+00:00","og_image":[{"width":642,"height":336,"url":"https:\/\/www.arquimaster.com.ar\/web\/wp-content\/uploads\/2014\/05\/vivienda_experimental_ecosocial_slide.jpg","type":"image\/jpeg"}],"author":"Arquimaster","twitter_card":"summary_large_image","twitter_creator":"@arquimaster","twitter_site":"@arquimaster","twitter_misc":{"Escrito por":"Arquimaster","Tiempo de lectura":"4 minutos"},"schema":{"@context":"https:\/\/schema.org","@graph":[{"@type":"Article","@id":"https:\/\/www.arquimaster.com.ar\/web\/proyecto-vivienda-experimental-eco-social-cisneros-hrabar-rodriguez-fondoso-acuna\/#article","isPartOf":{"@id":"https:\/\/www.arquimaster.com.ar\/web\/proyecto-vivienda-experimental-eco-social-cisneros-hrabar-rodriguez-fondoso-acuna\/"},"author":{"name":"Arquimaster","@id":"https:\/\/www.arquimaster.com.ar\/web\/#\/schema\/person\/359e9f7c00193fcde068e0dd2ceb0028"},"headline":"Proyecto Vivienda Experimental Eco-Social \/ Cisneros, Hrabar, Rodriguez, Fondoso, Acu\u00f1a","datePublished":"2014-05-22T03:00:32+00:00","dateModified":"2019-01-08T20:43:29+00:00","mainEntityOfPage":{"@id":"https:\/\/www.arquimaster.com.ar\/web\/proyecto-vivienda-experimental-eco-social-cisneros-hrabar-rodriguez-fondoso-acuna\/"},"wordCount":885,"publisher":{"@id":"https:\/\/www.arquimaster.com.ar\/web\/#organization"},"image":{"@id":"https:\/\/www.arquimaster.com.ar\/web\/proyecto-vivienda-experimental-eco-social-cisneros-hrabar-rodriguez-fondoso-acuna\/#primaryimage"},"thumbnailUrl":"https:\/\/www.arquimaster.com.ar\/web\/wp-content\/uploads\/2014\/05\/vivienda_experimental_ecosocial_slide.jpg","keywords":["arquitectura ecologica","casa sustentable","eco-arquitectura","eco-social","Esteban Rodriguez","FAU-UNLP","Hogar Dulce Hogar","Ignacio Hrabar","Luis Cisneros","Rodrigo Acu\u00f1a","Santiago Fondoso","sustentabilidad","vivienda experimental","vivienda social"],"articleSection":["Proyecto","Proyectos de estudiantes","Proyectos para Concursos"],"inLanguage":"es"},{"@type":"WebPage","@id":"https:\/\/www.arquimaster.com.ar\/web\/proyecto-vivienda-experimental-eco-social-cisneros-hrabar-rodriguez-fondoso-acuna\/","url":"https:\/\/www.arquimaster.com.ar\/web\/proyecto-vivienda-experimental-eco-social-cisneros-hrabar-rodriguez-fondoso-acuna\/","name":"Proyecto Vivienda Experimental Eco-Social \/ Cisneros, Hrabar, Rodriguez, Fondoso, Acu\u00f1a - Arquimaster","isPartOf":{"@id":"https:\/\/www.arquimaster.com.ar\/web\/#website"},"primaryImageOfPage":{"@id":"https:\/\/www.arquimaster.com.ar\/web\/proyecto-vivienda-experimental-eco-social-cisneros-hrabar-rodriguez-fondoso-acuna\/#primaryimage"},"image":{"@id":"https:\/\/www.arquimaster.com.ar\/web\/proyecto-vivienda-experimental-eco-social-cisneros-hrabar-rodriguez-fondoso-acuna\/#primaryimage"},"thumbnailUrl":"https:\/\/www.arquimaster.com.ar\/web\/wp-content\/uploads\/2014\/05\/vivienda_experimental_ecosocial_slide.jpg","datePublished":"2014-05-22T03:00:32+00:00","dateModified":"2019-01-08T20:43:29+00:00","breadcrumb":{"@id":"https:\/\/www.arquimaster.com.ar\/web\/proyecto-vivienda-experimental-eco-social-cisneros-hrabar-rodriguez-fondoso-acuna\/#breadcrumb"},"inLanguage":"es","potentialAction":[{"@type":"ReadAction","target":["https:\/\/www.arquimaster.com.ar\/web\/proyecto-vivienda-experimental-eco-social-cisneros-hrabar-rodriguez-fondoso-acuna\/"]}]},{"@type":"ImageObject","inLanguage":"es","@id":"https:\/\/www.arquimaster.com.ar\/web\/proyecto-vivienda-experimental-eco-social-cisneros-hrabar-rodriguez-fondoso-acuna\/#primaryimage","url":"https:\/\/www.arquimaster.com.ar\/web\/wp-content\/uploads\/2014\/05\/vivienda_experimental_ecosocial_slide.jpg","contentUrl":"https:\/\/www.arquimaster.com.ar\/web\/wp-content\/uploads\/2014\/05\/vivienda_experimental_ecosocial_slide.jpg","width":642,"height":336},{"@type":"BreadcrumbList","@id":"https:\/\/www.arquimaster.com.ar\/web\/proyecto-vivienda-experimental-eco-social-cisneros-hrabar-rodriguez-fondoso-acuna\/#breadcrumb","itemListElement":[{"@type":"ListItem","position":1,"name":"Portada","item":"https:\/\/www.arquimaster.com.ar\/web\/"},{"@type":"ListItem","position":2,"name":"Proyecto Vivienda Experimental Eco-Social \/ Cisneros, Hrabar, Rodriguez, Fondoso, Acu\u00f1a"}]},{"@type":"WebSite","@id":"https:\/\/www.arquimaster.com.ar\/web\/#website","url":"https:\/\/www.arquimaster.com.ar\/web\/","name":"Arquimaster","description":"Web de arquitectura, dise\u00f1o y construccion","publisher":{"@id":"https:\/\/www.arquimaster.com.ar\/web\/#organization"},"potentialAction":[{"@type":"SearchAction","target":{"@type":"EntryPoint","urlTemplate":"https:\/\/www.arquimaster.com.ar\/web\/?s={search_term_string}"},"query-input":{"@type":"PropertyValueSpecification","valueRequired":true,"valueName":"search_term_string"}}],"inLanguage":"es"},{"@type":"Organization","@id":"https:\/\/www.arquimaster.com.ar\/web\/#organization","name":"Arquimaster","url":"https:\/\/www.arquimaster.com.ar\/web\/","logo":{"@type":"ImageObject","inLanguage":"es","@id":"https:\/\/www.arquimaster.com.ar\/web\/#\/schema\/logo\/image\/","url":"https:\/\/www.arquimaster.com.ar\/web\/wp-content\/uploads\/2022\/06\/arquimaster.png","contentUrl":"https:\/\/www.arquimaster.com.ar\/web\/wp-content\/uploads\/2022\/06\/arquimaster.png","width":594,"height":78,"caption":"Arquimaster"},"image":{"@id":"https:\/\/www.arquimaster.com.ar\/web\/#\/schema\/logo\/image\/"},"sameAs":["http:\/\/www.facebook.com\/ARQUIMASTER.com.ar","https:\/\/x.com\/arquimaster","https:\/\/www.instagram.com\/arquimasterblog\/","https:\/\/www.linkedin.com\/company\/arquimaster","https:\/\/www.pinterest.com\/arquimaster","https:\/\/t.me\/arquimaster"]},{"@type":"Person","@id":"https:\/\/www.arquimaster.com.ar\/web\/#\/schema\/person\/359e9f7c00193fcde068e0dd2ceb0028","name":"Arquimaster"}]}},"uagb_featured_image_src":{"full":["https:\/\/www.arquimaster.com.ar\/web\/wp-content\/uploads\/2014\/05\/vivienda_experimental_ecosocial_slide.jpg",642,336,false],"thumbnail":["https:\/\/www.arquimaster.com.ar\/web\/wp-content\/uploads\/2014\/05\/vivienda_experimental_ecosocial_slide-150x150.jpg",150,150,true],"medium":["https:\/\/www.arquimaster.com.ar\/web\/wp-content\/uploads\/2014\/05\/vivienda_experimental_ecosocial_slide-300x157.jpg",300,157,true],"medium_large":["https:\/\/www.arquimaster.com.ar\/web\/wp-content\/uploads\/2014\/05\/vivienda_experimental_ecosocial_slide.jpg",642,336,false],"large":["https:\/\/www.arquimaster.com.ar\/web\/wp-content\/uploads\/2014\/05\/vivienda_experimental_ecosocial_slide.jpg",642,336,false],"1536x1536":["https:\/\/www.arquimaster.com.ar\/web\/wp-content\/uploads\/2014\/05\/vivienda_experimental_ecosocial_slide.jpg",642,336,false],"2048x2048":["https:\/\/www.arquimaster.com.ar\/web\/wp-content\/uploads\/2014\/05\/vivienda_experimental_ecosocial_slide.jpg",642,336,false]},"uagb_author_info":{"display_name":"Arquimaster","author_link":"https:\/\/www.arquimaster.com.ar\/web\/author\/arquimaster\/"},"uagb_comment_info":0,"uagb_excerpt":"Proyecto de arquitectura ecologica social desarrollada por estudiantes de la FAU-UNLP...","_links":{"self":[{"href":"https:\/\/www.arquimaster.com.ar\/web\/wp-json\/wp\/v2\/posts\/7302","targetHints":{"allow":["GET"]}}],"collection":[{"href":"https:\/\/www.arquimaster.com.ar\/web\/wp-json\/wp\/v2\/posts"}],"about":[{"href":"https:\/\/www.arquimaster.com.ar\/web\/wp-json\/wp\/v2\/types\/post"}],"author":[{"embeddable":true,"href":"https:\/\/www.arquimaster.com.ar\/web\/wp-json\/wp\/v2\/users\/1"}],"replies":[{"embeddable":true,"href":"https:\/\/www.arquimaster.com.ar\/web\/wp-json\/wp\/v2\/comments?post=7302"}],"version-history":[{"count":0,"href":"https:\/\/www.arquimaster.com.ar\/web\/wp-json\/wp\/v2\/posts\/7302\/revisions"}],"wp:featuredmedia":[{"embeddable":true,"href":"https:\/\/www.arquimaster.com.ar\/web\/wp-json\/wp\/v2\/media\/7303"}],"wp:attachment":[{"href":"https:\/\/www.arquimaster.com.ar\/web\/wp-json\/wp\/v2\/media?parent=7302"}],"wp:term":[{"taxonomy":"category","embeddable":true,"href":"https:\/\/www.arquimaster.com.ar\/web\/wp-json\/wp\/v2\/categories?post=7302"},{"taxonomy":"post_tag","embeddable":true,"href":"https:\/\/www.arquimaster.com.ar\/web\/wp-json\/wp\/v2\/tags?post=7302"}],"curies":[{"name":"wp","href":"https:\/\/api.w.org\/{rel}","templated":true}]}}