{"id":73109,"date":"2022-10-27T20:06:53","date_gmt":"2022-10-27T23:06:53","guid":{"rendered":"https:\/\/www.arquimaster.com.ar\/web\/?p=73109"},"modified":"2023-02-28T15:16:50","modified_gmt":"2023-02-28T18:16:50","slug":"vivienda-vila-jardi-paolini-arquitectos","status":"publish","type":"post","link":"https:\/\/www.arquimaster.com.ar\/web\/vivienda-vila-jardi-paolini-arquitectos\/","title":{"rendered":"Vivienda Vila Jard\u00ed \/ Paolini Arquitectos"},"content":{"rendered":"<div style=\"margin-top: 0px; margin-bottom: 0px;\" class=\"sharethis-inline-share-buttons\" ><\/div><div class=\"b812932af2e751442846f039925109de\" data-index=\"1\" style=\"float: none; margin:25px 0 25px 0; text-align:center;\">\n<script async src=\"https:\/\/pagead2.googlesyndication.com\/pagead\/js\/adsbygoogle.js\"><\/script>\r\n<!-- Arquimaster (superior) -->\r\n<ins class=\"adsbygoogle\"\r\n     style=\"display:block\"\r\n     data-ad-client=\"ca-pub-6351072698456832\"\r\n     data-ad-slot=\"6455489680\"\r\n     data-ad-format=\"auto\"\r\n     data-full-width-responsive=\"true\"><\/ins>\r\n<script>\r\n     (adsbygoogle = window.adsbygoogle || []).push({});\r\n<\/script>\n<\/div>\n<p><strong>Vivienda Vila Jard\u00ed<\/strong> (C\u00f3rdoba, Argentina) por <strong>Paolini Arquitectos<\/strong>. Atendiendo la identidad de una pareja joven y activamente social, se proyect\u00f3 una renovaci\u00f3n del espacio para que se viva en su plenitud. Se cumplieron distintos objetivos seg\u00fan la cantidad de personas que lo habitan. En este sentido, se propuso establecer a la escalera como una pieza escultural, multifunci\u00f3n, transformando una planta simple y despojada en un proyecto con car\u00e1cter.<\/p>\n<div id='gallery-1' class='gallery galleryid-73109 gallery-columns-3 gallery-size-thumbnail'><figure class='gallery-item'>\n\t\t\t<div class='gallery-icon landscape'>\n\t\t\t\t<a href='https:\/\/www.arquimaster.com.ar\/web\/wp-content\/uploads\/2022\/10\/vila_jardi1.jpg' title=\"Vivienda Vila Jard\u00ed \/ Paolini Arquitectos (\u00a9 Arq. Gonzalo Viramonte)\" data-rl_title=\"Vivienda Vila Jard\u00ed \/ Paolini Arquitectos (\u00a9 Arq. Gonzalo Viramonte)\" class=\"rl-gallery-link\" data-rl_caption=\"Vivienda Vila Jard\u00ed \/ Paolini Arquitectos (\u00a9 Arq. Gonzalo Viramonte)\" data-rel=\"lightbox-gallery-1\"><img loading=\"lazy\" decoding=\"async\" width=\"150\" height=\"150\" src=\"https:\/\/www.arquimaster.com.ar\/web\/wp-content\/uploads\/2022\/10\/vila_jardi1-150x150.jpg\" class=\"attachment-thumbnail size-thumbnail\" alt=\"Vivienda Vila Jard\u00ed \/ Paolini Arquitectos\" aria-describedby=\"gallery-1-73111\" \/><\/a>\n\t\t\t<\/div>\n\t\t\t\t<figcaption class='wp-caption-text gallery-caption' id='gallery-1-73111'>\n\t\t\t\tVivienda Vila Jard\u00ed \/ Paolini Arquitectos (\u00a9 Arq. Gonzalo Viramonte)\n\t\t\t\t<\/figcaption><\/figure><figure class='gallery-item'>\n\t\t\t<div class='gallery-icon landscape'>\n\t\t\t\t<a href='https:\/\/www.arquimaster.com.ar\/web\/wp-content\/uploads\/2022\/10\/vila_jardi2.jpg' title=\"Vivienda Vila Jard\u00ed \/ Paolini Arquitectos (\u00a9 Arq. Gonzalo Viramonte)\" data-rl_title=\"Vivienda Vila Jard\u00ed \/ Paolini Arquitectos (\u00a9 Arq. Gonzalo Viramonte)\" class=\"rl-gallery-link\" data-rl_caption=\"Vivienda Vila Jard\u00ed \/ Paolini Arquitectos (\u00a9 Arq. Gonzalo Viramonte)\" data-rel=\"lightbox-gallery-1\"><img loading=\"lazy\" decoding=\"async\" width=\"150\" height=\"150\" src=\"https:\/\/www.arquimaster.com.ar\/web\/wp-content\/uploads\/2022\/10\/vila_jardi2-150x150.jpg\" class=\"attachment-thumbnail size-thumbnail\" alt=\"Vivienda Vila Jard\u00ed \/ Paolini Arquitectos\" aria-describedby=\"gallery-1-73112\" \/><\/a>\n\t\t\t<\/div>\n\t\t\t\t<figcaption class='wp-caption-text gallery-caption' id='gallery-1-73112'>\n\t\t\t\tVivienda Vila Jard\u00ed \/ Paolini Arquitectos (\u00a9 Arq. Gonzalo Viramonte)\n\t\t\t\t<\/figcaption><\/figure><figure class='gallery-item'>\n\t\t\t<div class='gallery-icon landscape'>\n\t\t\t\t<a href='https:\/\/www.arquimaster.com.ar\/web\/wp-content\/uploads\/2022\/10\/vila_jardi3.jpg' title=\"Vivienda Vila Jard\u00ed \/ Paolini Arquitectos (\u00a9 Arq. Gonzalo Viramonte)\" data-rl_title=\"Vivienda Vila Jard\u00ed \/ Paolini Arquitectos (\u00a9 Arq. Gonzalo Viramonte)\" class=\"rl-gallery-link\" data-rl_caption=\"Vivienda Vila Jard\u00ed \/ Paolini Arquitectos (\u00a9 Arq. Gonzalo Viramonte)\" data-rel=\"lightbox-gallery-1\"><img loading=\"lazy\" decoding=\"async\" width=\"150\" height=\"150\" src=\"https:\/\/www.arquimaster.com.ar\/web\/wp-content\/uploads\/2022\/10\/vila_jardi3-150x150.jpg\" class=\"attachment-thumbnail size-thumbnail\" alt=\"Vivienda Vila Jard\u00ed \/ Paolini Arquitectos\" aria-describedby=\"gallery-1-73113\" \/><\/a>\n\t\t\t<\/div>\n\t\t\t\t<figcaption class='wp-caption-text gallery-caption' id='gallery-1-73113'>\n\t\t\t\tVivienda Vila Jard\u00ed \/ Paolini Arquitectos (\u00a9 Arq. Gonzalo Viramonte)\n\t\t\t\t<\/figcaption><\/figure><figure class='gallery-item'>\n\t\t\t<div class='gallery-icon landscape'>\n\t\t\t\t<a href='https:\/\/www.arquimaster.com.ar\/web\/wp-content\/uploads\/2022\/10\/vila_jardi4.jpg' title=\"Vivienda Vila Jard\u00ed \/ Paolini Arquitectos (\u00a9 Arq. Gonzalo Viramonte)\" data-rl_title=\"Vivienda Vila Jard\u00ed \/ Paolini Arquitectos (\u00a9 Arq. Gonzalo Viramonte)\" class=\"rl-gallery-link\" data-rl_caption=\"Vivienda Vila Jard\u00ed \/ Paolini Arquitectos (\u00a9 Arq. Gonzalo Viramonte)\" data-rel=\"lightbox-gallery-1\"><img loading=\"lazy\" decoding=\"async\" width=\"150\" height=\"150\" src=\"https:\/\/www.arquimaster.com.ar\/web\/wp-content\/uploads\/2022\/10\/vila_jardi4-150x150.jpg\" class=\"attachment-thumbnail size-thumbnail\" alt=\"Vivienda Vila Jard\u00ed \/ Paolini Arquitectos\" aria-describedby=\"gallery-1-73114\" \/><\/a>\n\t\t\t<\/div>\n\t\t\t\t<figcaption class='wp-caption-text gallery-caption' id='gallery-1-73114'>\n\t\t\t\tVivienda Vila Jard\u00ed \/ Paolini Arquitectos (\u00a9 Arq. Gonzalo Viramonte)\n\t\t\t\t<\/figcaption><\/figure><figure class='gallery-item'>\n\t\t\t<div class='gallery-icon portrait'>\n\t\t\t\t<a href='https:\/\/www.arquimaster.com.ar\/web\/wp-content\/uploads\/2022\/10\/vila_jardi5.jpg' title=\"Vivienda Vila Jard\u00ed \/ Paolini Arquitectos (\u00a9 Arq. Gonzalo Viramonte)\" data-rl_title=\"Vivienda Vila Jard\u00ed \/ Paolini Arquitectos (\u00a9 Arq. Gonzalo Viramonte)\" class=\"rl-gallery-link\" data-rl_caption=\"Vivienda Vila Jard\u00ed \/ Paolini Arquitectos (\u00a9 Arq. Gonzalo Viramonte)\" data-rel=\"lightbox-gallery-1\"><img loading=\"lazy\" decoding=\"async\" width=\"150\" height=\"150\" src=\"https:\/\/www.arquimaster.com.ar\/web\/wp-content\/uploads\/2022\/10\/vila_jardi5-150x150.jpg\" class=\"attachment-thumbnail size-thumbnail\" alt=\"Vivienda Vila Jard\u00ed \/ Paolini Arquitectos\" aria-describedby=\"gallery-1-73115\" \/><\/a>\n\t\t\t<\/div>\n\t\t\t\t<figcaption class='wp-caption-text gallery-caption' id='gallery-1-73115'>\n\t\t\t\tVivienda Vila Jard\u00ed \/ Paolini Arquitectos (\u00a9 Arq. Gonzalo Viramonte)\n\t\t\t\t<\/figcaption><\/figure><figure class='gallery-item'>\n\t\t\t<div class='gallery-icon portrait'>\n\t\t\t\t<a href='https:\/\/www.arquimaster.com.ar\/web\/wp-content\/uploads\/2022\/10\/vila_jardi6.jpg' title=\"Vivienda Vila Jard\u00ed \/ Paolini Arquitectos (\u00a9 Arq. Gonzalo Viramonte)\" data-rl_title=\"Vivienda Vila Jard\u00ed \/ Paolini Arquitectos (\u00a9 Arq. Gonzalo Viramonte)\" class=\"rl-gallery-link\" data-rl_caption=\"Vivienda Vila Jard\u00ed \/ Paolini Arquitectos (\u00a9 Arq. Gonzalo Viramonte)\" data-rel=\"lightbox-gallery-1\"><img loading=\"lazy\" decoding=\"async\" width=\"150\" height=\"150\" src=\"https:\/\/www.arquimaster.com.ar\/web\/wp-content\/uploads\/2022\/10\/vila_jardi6-150x150.jpg\" class=\"attachment-thumbnail size-thumbnail\" alt=\"Vivienda Vila Jard\u00ed \/ Paolini Arquitectos\" aria-describedby=\"gallery-1-73116\" \/><\/a>\n\t\t\t<\/div>\n\t\t\t\t<figcaption class='wp-caption-text gallery-caption' id='gallery-1-73116'>\n\t\t\t\tVivienda Vila Jard\u00ed \/ Paolini Arquitectos (\u00a9 Arq. Gonzalo Viramonte)\n\t\t\t\t<\/figcaption><\/figure><figure class='gallery-item'>\n\t\t\t<div class='gallery-icon landscape'>\n\t\t\t\t<a href='https:\/\/www.arquimaster.com.ar\/web\/wp-content\/uploads\/2022\/10\/vila_jardi7.jpg' title=\"Vivienda Vila Jard\u00ed \/ Paolini Arquitectos (\u00a9 Arq. Gonzalo Viramonte)\" data-rl_title=\"Vivienda Vila Jard\u00ed \/ Paolini Arquitectos (\u00a9 Arq. Gonzalo Viramonte)\" class=\"rl-gallery-link\" data-rl_caption=\"Vivienda Vila Jard\u00ed \/ Paolini Arquitectos (\u00a9 Arq. Gonzalo Viramonte)\" data-rel=\"lightbox-gallery-1\"><img loading=\"lazy\" decoding=\"async\" width=\"150\" height=\"150\" src=\"https:\/\/www.arquimaster.com.ar\/web\/wp-content\/uploads\/2022\/10\/vila_jardi7-150x150.jpg\" class=\"attachment-thumbnail size-thumbnail\" alt=\"Vivienda Vila Jard\u00ed \/ Paolini Arquitectos\" aria-describedby=\"gallery-1-73117\" \/><\/a>\n\t\t\t<\/div>\n\t\t\t\t<figcaption class='wp-caption-text gallery-caption' id='gallery-1-73117'>\n\t\t\t\tVivienda Vila Jard\u00ed \/ Paolini Arquitectos (\u00a9 Arq. Gonzalo Viramonte)\n\t\t\t\t<\/figcaption><\/figure><figure class='gallery-item'>\n\t\t\t<div class='gallery-icon landscape'>\n\t\t\t\t<a href='https:\/\/www.arquimaster.com.ar\/web\/wp-content\/uploads\/2022\/10\/vila_jardi8.jpg' title=\"Vivienda Vila Jard\u00ed \/ Paolini Arquitectos (\u00a9 Arq. Gonzalo Viramonte)\" data-rl_title=\"Vivienda Vila Jard\u00ed \/ Paolini Arquitectos (\u00a9 Arq. Gonzalo Viramonte)\" class=\"rl-gallery-link\" data-rl_caption=\"Vivienda Vila Jard\u00ed \/ Paolini Arquitectos (\u00a9 Arq. Gonzalo Viramonte)\" data-rel=\"lightbox-gallery-1\"><img loading=\"lazy\" decoding=\"async\" width=\"150\" height=\"150\" src=\"https:\/\/www.arquimaster.com.ar\/web\/wp-content\/uploads\/2022\/10\/vila_jardi8-150x150.jpg\" class=\"attachment-thumbnail size-thumbnail\" alt=\"Vivienda Vila Jard\u00ed \/ Paolini Arquitectos\" aria-describedby=\"gallery-1-73118\" \/><\/a>\n\t\t\t<\/div>\n\t\t\t\t<figcaption class='wp-caption-text gallery-caption' id='gallery-1-73118'>\n\t\t\t\tVivienda Vila Jard\u00ed \/ Paolini Arquitectos (\u00a9 Arq. Gonzalo Viramonte)\n\t\t\t\t<\/figcaption><\/figure><figure class='gallery-item'>\n\t\t\t<div class='gallery-icon portrait'>\n\t\t\t\t<a href='https:\/\/www.arquimaster.com.ar\/web\/wp-content\/uploads\/2022\/10\/vila_jardi9.jpg' title=\"Vivienda Vila Jard\u00ed \/ Paolini Arquitectos (\u00a9 Arq. Gonzalo Viramonte)\" data-rl_title=\"Vivienda Vila Jard\u00ed \/ Paolini Arquitectos (\u00a9 Arq. Gonzalo Viramonte)\" class=\"rl-gallery-link\" data-rl_caption=\"Vivienda Vila Jard\u00ed \/ Paolini Arquitectos (\u00a9 Arq. Gonzalo Viramonte)\" data-rel=\"lightbox-gallery-1\"><img loading=\"lazy\" decoding=\"async\" width=\"150\" height=\"150\" src=\"https:\/\/www.arquimaster.com.ar\/web\/wp-content\/uploads\/2022\/10\/vila_jardi9-150x150.jpg\" class=\"attachment-thumbnail size-thumbnail\" alt=\"Vivienda Vila Jard\u00ed \/ Paolini Arquitectos\" aria-describedby=\"gallery-1-73119\" \/><\/a>\n\t\t\t<\/div>\n\t\t\t\t<figcaption class='wp-caption-text gallery-caption' id='gallery-1-73119'>\n\t\t\t\tVivienda Vila Jard\u00ed \/ Paolini Arquitectos (\u00a9 Arq. Gonzalo Viramonte)\n\t\t\t\t<\/figcaption><\/figure><figure class='gallery-item'>\n\t\t\t<div class='gallery-icon landscape'>\n\t\t\t\t<a href='https:\/\/www.arquimaster.com.ar\/web\/wp-content\/uploads\/2022\/10\/vila_jardi10.jpg' title=\"Vivienda Vila Jard\u00ed \/ Paolini Arquitectos (\u00a9 Arq. Gonzalo Viramonte)\" data-rl_title=\"Vivienda Vila Jard\u00ed \/ Paolini Arquitectos (\u00a9 Arq. Gonzalo Viramonte)\" class=\"rl-gallery-link\" data-rl_caption=\"Vivienda Vila Jard\u00ed \/ Paolini Arquitectos (\u00a9 Arq. Gonzalo Viramonte)\" data-rel=\"lightbox-gallery-1\"><img loading=\"lazy\" decoding=\"async\" width=\"150\" height=\"150\" src=\"https:\/\/www.arquimaster.com.ar\/web\/wp-content\/uploads\/2022\/10\/vila_jardi10-150x150.jpg\" class=\"attachment-thumbnail size-thumbnail\" alt=\"Vivienda Vila Jard\u00ed \/ Paolini Arquitectos\" aria-describedby=\"gallery-1-73120\" srcset=\"https:\/\/www.arquimaster.com.ar\/web\/wp-content\/uploads\/2022\/10\/vila_jardi10-150x150.jpg 150w, https:\/\/www.arquimaster.com.ar\/web\/wp-content\/uploads\/2022\/10\/vila_jardi10-768x768.jpg 768w, https:\/\/www.arquimaster.com.ar\/web\/wp-content\/uploads\/2022\/10\/vila_jardi10.jpg 1500w\" sizes=\"auto, (max-width: 150px) 100vw, 150px\" \/><\/a>\n\t\t\t<\/div>\n\t\t\t\t<figcaption class='wp-caption-text gallery-caption' id='gallery-1-73120'>\n\t\t\t\tVivienda Vila Jard\u00ed \/ Paolini Arquitectos (\u00a9 Arq. Gonzalo Viramonte)\n\t\t\t\t<\/figcaption><\/figure><figure class='gallery-item'>\n\t\t\t<div class='gallery-icon landscape'>\n\t\t\t\t<a href='https:\/\/www.arquimaster.com.ar\/web\/wp-content\/uploads\/2022\/10\/vila_jardi11.jpg' title=\"Vivienda Vila Jard\u00ed \/ Paolini Arquitectos (\u00a9 Arq. Gonzalo Viramonte)\" data-rl_title=\"Vivienda Vila Jard\u00ed \/ Paolini Arquitectos (\u00a9 Arq. Gonzalo Viramonte)\" class=\"rl-gallery-link\" data-rl_caption=\"Vivienda Vila Jard\u00ed \/ Paolini Arquitectos (\u00a9 Arq. Gonzalo Viramonte)\" data-rel=\"lightbox-gallery-1\"><img loading=\"lazy\" decoding=\"async\" width=\"150\" height=\"150\" src=\"https:\/\/www.arquimaster.com.ar\/web\/wp-content\/uploads\/2022\/10\/vila_jardi11-150x150.jpg\" class=\"attachment-thumbnail size-thumbnail\" alt=\"Vivienda Vila Jard\u00ed \/ Paolini Arquitectos\" aria-describedby=\"gallery-1-73121\" \/><\/a>\n\t\t\t<\/div>\n\t\t\t\t<figcaption class='wp-caption-text gallery-caption' id='gallery-1-73121'>\n\t\t\t\tVivienda Vila Jard\u00ed \/ Paolini Arquitectos (\u00a9 Arq. Gonzalo Viramonte)\n\t\t\t\t<\/figcaption><\/figure><figure class='gallery-item'>\n\t\t\t<div class='gallery-icon landscape'>\n\t\t\t\t<a href='https:\/\/www.arquimaster.com.ar\/web\/wp-content\/uploads\/2022\/10\/vila_jardi12.jpg' title=\"Vivienda Vila Jard\u00ed \/ Paolini Arquitectos (\u00a9 Arq. Gonzalo Viramonte)\" data-rl_title=\"Vivienda Vila Jard\u00ed \/ Paolini Arquitectos (\u00a9 Arq. Gonzalo Viramonte)\" class=\"rl-gallery-link\" data-rl_caption=\"Vivienda Vila Jard\u00ed \/ Paolini Arquitectos (\u00a9 Arq. Gonzalo Viramonte)\" data-rel=\"lightbox-gallery-1\"><img loading=\"lazy\" decoding=\"async\" width=\"150\" height=\"150\" src=\"https:\/\/www.arquimaster.com.ar\/web\/wp-content\/uploads\/2022\/10\/vila_jardi12-150x150.jpg\" class=\"attachment-thumbnail size-thumbnail\" alt=\"Vivienda Vila Jard\u00ed \/ Paolini Arquitectos\" aria-describedby=\"gallery-1-73122\" \/><\/a>\n\t\t\t<\/div>\n\t\t\t\t<figcaption class='wp-caption-text gallery-caption' id='gallery-1-73122'>\n\t\t\t\tVivienda Vila Jard\u00ed \/ Paolini Arquitectos (\u00a9 Arq. Gonzalo Viramonte)\n\t\t\t\t<\/figcaption><\/figure><figure class='gallery-item'>\n\t\t\t<div class='gallery-icon landscape'>\n\t\t\t\t<a href='https:\/\/www.arquimaster.com.ar\/web\/wp-content\/uploads\/2022\/10\/vila_jardi13.jpg' title=\"Vivienda Vila Jard\u00ed \/ Paolini Arquitectos (\u00a9 Arq. Gonzalo Viramonte)\" data-rl_title=\"Vivienda Vila Jard\u00ed \/ Paolini Arquitectos (\u00a9 Arq. Gonzalo Viramonte)\" class=\"rl-gallery-link\" data-rl_caption=\"Vivienda Vila Jard\u00ed \/ Paolini Arquitectos (\u00a9 Arq. Gonzalo Viramonte)\" data-rel=\"lightbox-gallery-1\"><img loading=\"lazy\" decoding=\"async\" width=\"150\" height=\"150\" src=\"https:\/\/www.arquimaster.com.ar\/web\/wp-content\/uploads\/2022\/10\/vila_jardi13-150x150.jpg\" class=\"attachment-thumbnail size-thumbnail\" alt=\"Vivienda Vila Jard\u00ed \/ Paolini Arquitectos\" aria-describedby=\"gallery-1-73123\" \/><\/a>\n\t\t\t<\/div>\n\t\t\t\t<figcaption class='wp-caption-text gallery-caption' id='gallery-1-73123'>\n\t\t\t\tVivienda Vila Jard\u00ed \/ Paolini Arquitectos (\u00a9 Arq. Gonzalo Viramonte)\n\t\t\t\t<\/figcaption><\/figure><figure class='gallery-item'>\n\t\t\t<div class='gallery-icon landscape'>\n\t\t\t\t<a href='https:\/\/www.arquimaster.com.ar\/web\/wp-content\/uploads\/2022\/10\/vila_jardi14.jpg' title=\"Vivienda Vila Jard\u00ed \/ Paolini Arquitectos (\u00a9 Arq. Gonzalo Viramonte)\" data-rl_title=\"Vivienda Vila Jard\u00ed \/ Paolini Arquitectos (\u00a9 Arq. Gonzalo Viramonte)\" class=\"rl-gallery-link\" data-rl_caption=\"Vivienda Vila Jard\u00ed \/ Paolini Arquitectos (\u00a9 Arq. Gonzalo Viramonte)\" data-rel=\"lightbox-gallery-1\"><img loading=\"lazy\" decoding=\"async\" width=\"150\" height=\"150\" src=\"https:\/\/www.arquimaster.com.ar\/web\/wp-content\/uploads\/2022\/10\/vila_jardi14-150x150.jpg\" class=\"attachment-thumbnail size-thumbnail\" alt=\"Vivienda Vila Jard\u00ed \/ Paolini Arquitectos\" aria-describedby=\"gallery-1-73124\" \/><\/a>\n\t\t\t<\/div>\n\t\t\t\t<figcaption class='wp-caption-text gallery-caption' id='gallery-1-73124'>\n\t\t\t\tVivienda Vila Jard\u00ed \/ Paolini Arquitectos (\u00a9 Arq. Gonzalo Viramonte)\n\t\t\t\t<\/figcaption><\/figure><figure class='gallery-item'>\n\t\t\t<div class='gallery-icon portrait'>\n\t\t\t\t<a href='https:\/\/www.arquimaster.com.ar\/web\/wp-content\/uploads\/2022\/10\/vila_jardi15.jpg' title=\"Vivienda Vila Jard\u00ed \/ Paolini Arquitectos (\u00a9 Arq. Gonzalo Viramonte)\" data-rl_title=\"Vivienda Vila Jard\u00ed \/ Paolini Arquitectos (\u00a9 Arq. Gonzalo Viramonte)\" class=\"rl-gallery-link\" data-rl_caption=\"Vivienda Vila Jard\u00ed \/ Paolini Arquitectos (\u00a9 Arq. Gonzalo Viramonte)\" data-rel=\"lightbox-gallery-1\"><img loading=\"lazy\" decoding=\"async\" width=\"150\" height=\"150\" src=\"https:\/\/www.arquimaster.com.ar\/web\/wp-content\/uploads\/2022\/10\/vila_jardi15-150x150.jpg\" class=\"attachment-thumbnail size-thumbnail\" alt=\"Vivienda Vila Jard\u00ed \/ Paolini Arquitectos\" aria-describedby=\"gallery-1-73125\" \/><\/a>\n\t\t\t<\/div>\n\t\t\t\t<figcaption class='wp-caption-text gallery-caption' id='gallery-1-73125'>\n\t\t\t\tVivienda Vila Jard\u00ed \/ Paolini Arquitectos (\u00a9 Arq. Gonzalo Viramonte)\n\t\t\t\t<\/figcaption><\/figure><figure class='gallery-item'>\n\t\t\t<div class='gallery-icon portrait'>\n\t\t\t\t<a href='https:\/\/www.arquimaster.com.ar\/web\/wp-content\/uploads\/2022\/10\/vila_jardi16.jpg' title=\"Vivienda Vila Jard\u00ed \/ Paolini Arquitectos (\u00a9 Arq. Gonzalo Viramonte)\" data-rl_title=\"Vivienda Vila Jard\u00ed \/ Paolini Arquitectos (\u00a9 Arq. Gonzalo Viramonte)\" class=\"rl-gallery-link\" data-rl_caption=\"Vivienda Vila Jard\u00ed \/ Paolini Arquitectos (\u00a9 Arq. Gonzalo Viramonte)\" data-rel=\"lightbox-gallery-1\"><img loading=\"lazy\" decoding=\"async\" width=\"150\" height=\"150\" src=\"https:\/\/www.arquimaster.com.ar\/web\/wp-content\/uploads\/2022\/10\/vila_jardi16-150x150.jpg\" class=\"attachment-thumbnail size-thumbnail\" alt=\"Vivienda Vila Jard\u00ed \/ Paolini Arquitectos\" aria-describedby=\"gallery-1-73126\" \/><\/a>\n\t\t\t<\/div>\n\t\t\t\t<figcaption class='wp-caption-text gallery-caption' id='gallery-1-73126'>\n\t\t\t\tVivienda Vila Jard\u00ed \/ Paolini Arquitectos (\u00a9 Arq. Gonzalo Viramonte)\n\t\t\t\t<\/figcaption><\/figure><figure class='gallery-item'>\n\t\t\t<div class='gallery-icon portrait'>\n\t\t\t\t<a href='https:\/\/www.arquimaster.com.ar\/web\/wp-content\/uploads\/2022\/10\/vila_jardi17.jpg' title=\"Vivienda Vila Jard\u00ed \/ Paolini Arquitectos (planta baja)\" data-rl_title=\"Vivienda Vila Jard\u00ed \/ Paolini Arquitectos (planta baja)\" class=\"rl-gallery-link\" data-rl_caption=\"Vivienda Vila Jard\u00ed \/ Paolini Arquitectos (planta baja)\" data-rel=\"lightbox-gallery-1\"><img loading=\"lazy\" decoding=\"async\" width=\"150\" height=\"150\" src=\"https:\/\/www.arquimaster.com.ar\/web\/wp-content\/uploads\/2022\/10\/vila_jardi17-150x150.jpg\" class=\"attachment-thumbnail size-thumbnail\" alt=\"Vivienda Vila Jard\u00ed \/ Paolini Arquitectos\" aria-describedby=\"gallery-1-73127\" \/><\/a>\n\t\t\t<\/div>\n\t\t\t\t<figcaption class='wp-caption-text gallery-caption' id='gallery-1-73127'>\n\t\t\t\tVivienda Vila Jard\u00ed \/ Paolini Arquitectos (planta baja)\n\t\t\t\t<\/figcaption><\/figure><figure class='gallery-item'>\n\t\t\t<div class='gallery-icon portrait'>\n\t\t\t\t<a href='https:\/\/www.arquimaster.com.ar\/web\/wp-content\/uploads\/2022\/10\/vila_jardi18.jpg' title=\"Vivienda Vila Jard\u00ed \/ Paolini Arquitectos (planta alta)\" data-rl_title=\"Vivienda Vila Jard\u00ed \/ Paolini Arquitectos (planta alta)\" class=\"rl-gallery-link\" data-rl_caption=\"Vivienda Vila Jard\u00ed \/ Paolini Arquitectos (planta alta)\" data-rel=\"lightbox-gallery-1\"><img loading=\"lazy\" decoding=\"async\" width=\"150\" height=\"150\" src=\"https:\/\/www.arquimaster.com.ar\/web\/wp-content\/uploads\/2022\/10\/vila_jardi18-150x150.jpg\" class=\"attachment-thumbnail size-thumbnail\" alt=\"Vivienda Vila Jard\u00ed \/ Paolini Arquitectos\" aria-describedby=\"gallery-1-73128\" \/><\/a>\n\t\t\t<\/div>\n\t\t\t\t<figcaption class='wp-caption-text gallery-caption' id='gallery-1-73128'>\n\t\t\t\tVivienda Vila Jard\u00ed \/ Paolini Arquitectos (planta alta)\n\t\t\t\t<\/figcaption><\/figure>\n\t\t<\/div>\n\n<p>Se desarroll\u00f3 una estructura en madera con escalones en porcelanato que contiene una cava, un bar y un espacio de guardado. Funciona como una pieza de transici\u00f3n entre la cocina y el comedor y lo encuadra con el bar. Integra el espacio de la planta baja convirti\u00e9ndolo en un todo.<\/p>\n<p>Se trabaja la pieza como si fuera un plano de madera, ahuec\u00e1ndolo para crear las distintas secciones. La curva del bar se obtuvo superponiendo minuciosamente l\u00e1minas de enchapado junto a costillas internas que act\u00faan como estructura.<\/p>\n<p>La sectorizaci\u00f3n visual de los espacios se logra asociando un material a cada \u00e1rea: enchapado en madera de laurel para la estructura, m\u00e1rmol verde bosque en la mesada del bar -iluminado con tiras led de baja intensidad-, vidrio reforzado en las puertas del lugar de guardado y paneles laqueados negros para revestir la heladera.<\/p>\n<p>La cocina combina equipamiento revestido en placas lisas y ranuradas en madera de laurel con laqueado satinado en negro. Mesadas de Neolith con terminaci\u00f3n polished de m\u00e1rmoles y pisos de porcelanato.<\/p>\n<p>El mismo recurso se utiliza para separar el mueble del living y el escritorio del hall en la planta alta: en ambos casos, un panel de listones de madera maciza pintados de blanco que media entre los espacios. En la planta alta este varillado sectoriza el espacio y contiene los estantes del escritorio. Adem\u00e1s, reviste la columna estructural y permite el ingreso de luz.<\/p>\n<p>Se prioriza la armon\u00eda de proporciones, el organicismo y la funcionalidad proyectada, sin desatender los detalles ni la combinaci\u00f3n de texturas.<\/p>\n\n\n<div style=\"height:20px\" aria-hidden=\"true\" class=\"wp-block-spacer\"><\/div>\n\n\n\n<p class=\"has-background\" style=\"background-color:#eaeaea\"><strong>Ficha t\u00e9cnica<\/strong><br>Nombre: Vila Jard\u00ed<br>Ubicaci\u00f3n: Ciudad de C\u00f3rdoba, Pcia. de C\u00f3rdoba, Argentina<br>Oficina de Arquitectura: Paolini Arquitectos<br>Superficie construida: 190 m2<br>A\u00f1o finalizaci\u00f3n construcci\u00f3n: 2021<br>Fotograf\u00edas: Arq. Gonzalo Viramonte<br><br><strong>Contacto<\/strong><br><a href=\"https:\/\/www.paoliniarquitectos.com\/vila-jardi\/\" target=\"_blank\" rel=\"noreferrer noopener\">https:\/\/www.paoliniarquitectos.com\/<\/a><\/p>\n\n\n\n<div style=\"height:40px\" aria-hidden=\"true\" class=\"wp-block-spacer\"><\/div>\n\n\n<p><strong><em>English version<\/em><\/strong><\/p>\n<p><em>Project and execution. Taking into account the identity of a young and actively social couple, a renovation of the space was projected so that it can be lived in its fullness. Different objectives were met depending on the number of people who inhabit it. In this sense, it was proposed to establish the staircase as a sculptural, multifunctional piece, transforming a simple and stripped appartment into a project with character.<\/em><\/p>\n<p><em>A wooden structure with porcelain steps that contains a wine cellar, a bar and a storage space was developed. It works as a transition piece between the kitchen and the dining room and frames it with the bar. It integrates the space turning it into a whole.<\/em><\/p>\n<p><em>This structure is created hollowing the wood out to create the different sections. The curve of the bar was obtained by carefully overlapping sheets of veneer next to internal ribs that act as a structure.<\/em><\/p>\n<p><em>The visual sectorization of the spaces is achieved by associating a material to each area: laurel wood veneer for the structure, forest green marble on the bar counter -illuminated with low-intensity LED strips-, reinforced glass on the doors of the storage and black lacquered panels to cover the refrigerator.<\/em><\/p>\n<p><em>The kitchen combines equipment covered in smooth and grooved plates in laurel wood with satin black lacquer. Neolith countertops with polished marble finishes and porcelain floors.<\/em><\/p>\n<p><em>The same resource is used to separate the furniture from the living room and the desk from the hall on the upper floor: in both cases, a panel of solid wood slats painted white mediates between the spaces. On the upper floor, this rod section divides the space and contains the desk shelves. In addition, it covers the structural column and allows light to enter.<\/em><\/p>\n<p><em>Harmony of proportions, organicism and projected functionality are prioritized, without neglecting details or the combination of textures.<\/em><\/p>\n<div style=\"font-size: 0px; height: 0px; line-height: 0px; margin: 0; padding: 0; clear: both;\"><\/div><div style=\"margin-top: 0px; margin-bottom: 0px;\" class=\"sharethis-inline-share-buttons\" ><\/div>","protected":false},"excerpt":{"rendered":"<p>Se propuso establecer a la escalera como una pieza escultural, multifunci\u00f3n&#8230;<\/p>\n","protected":false},"author":1,"featured_media":73110,"comment_status":"closed","ping_status":"closed","sticky":false,"template":"","format":"standard","meta":{"_uag_custom_page_level_css":"","footnotes":""},"categories":[1],"tags":[228,7421,1043,254],"class_list":["post-73109","post","type-post","status-publish","format-standard","has-post-thumbnail","hentry","category-proyecto","tag-cordoba","tag-paolini-arquitectos","tag-reforma-de-vivienda","tag-vivienda-unifamiliar-2","generate-columns","tablet-grid-50","mobile-grid-100","grid-parent","grid-50"],"yoast_head":"<!-- This site is optimized with the Yoast SEO plugin v27.3 - https:\/\/yoast.com\/product\/yoast-seo-wordpress\/ -->\n<title>Vivienda Vila Jard\u00ed \/ Paolini Arquitectos - Arquimaster<\/title>\n<meta name=\"description\" content=\"Se propuso establecer a la escalera como una pieza escultural, multifunci\u00f3n, transformando una planta simple y despojada en un proyecto con car\u00e1cter.\" \/>\n<meta name=\"robots\" content=\"index, follow, max-snippet:-1, max-image-preview:large, max-video-preview:-1\" \/>\n<link rel=\"canonical\" href=\"https:\/\/www.arquimaster.com.ar\/web\/vivienda-vila-jardi-paolini-arquitectos\/\" \/>\n<meta property=\"og:locale\" content=\"es_ES\" \/>\n<meta property=\"og:type\" content=\"article\" \/>\n<meta property=\"og:title\" content=\"Vivienda Vila Jard\u00ed \/ Paolini Arquitectos\" \/>\n<meta property=\"og:description\" content=\"Se propuso establecer a la escalera como una pieza escultural, multifunci\u00f3n, transformando una planta simple y despojada en un proyecto con car\u00e1cter.\" \/>\n<meta property=\"og:url\" content=\"https:\/\/www.arquimaster.com.ar\/web\/vivienda-vila-jardi-paolini-arquitectos\/\" \/>\n<meta property=\"og:site_name\" content=\"Arquimaster\" \/>\n<meta property=\"article:publisher\" content=\"http:\/\/www.facebook.com\/ARQUIMASTER.com.ar\" \/>\n<meta property=\"article:published_time\" content=\"2022-10-27T23:06:53+00:00\" \/>\n<meta property=\"article:modified_time\" content=\"2023-02-28T18:16:50+00:00\" \/>\n<meta property=\"og:image\" content=\"https:\/\/www.arquimaster.com.ar\/web\/wp-content\/uploads\/2022\/10\/vila_jardi_slide.jpg\" \/>\n\t<meta property=\"og:image:width\" content=\"698\" \/>\n\t<meta property=\"og:image:height\" content=\"364\" \/>\n\t<meta property=\"og:image:type\" content=\"image\/jpeg\" \/>\n<meta name=\"author\" content=\"Arquimaster\" \/>\n<meta name=\"twitter:card\" content=\"summary_large_image\" \/>\n<meta name=\"twitter:title\" content=\"Vivienda Vila Jard\u00ed \/ Paolini Arquitectos\" \/>\n<meta name=\"twitter:description\" content=\"Se propuso establecer a la escalera como una pieza escultural, multifunci\u00f3n, transformando una planta simple y despojada en un proyecto con car\u00e1cter.\" \/>\n<meta name=\"twitter:image\" content=\"https:\/\/www.arquimaster.com.ar\/web\/wp-content\/uploads\/2022\/10\/vila_jardi_slide.jpg\" \/>\n<meta name=\"twitter:creator\" content=\"@arquimaster\" \/>\n<meta name=\"twitter:site\" content=\"@arquimaster\" \/>\n<meta name=\"twitter:label1\" content=\"Escrito por\" \/>\n\t<meta name=\"twitter:data1\" content=\"Arquimaster\" \/>\n\t<meta name=\"twitter:label2\" content=\"Tiempo de lectura\" \/>\n\t<meta name=\"twitter:data2\" content=\"4 minutos\" \/>\n<script type=\"application\/ld+json\" class=\"yoast-schema-graph\">{\"@context\":\"https:\\\/\\\/schema.org\",\"@graph\":[{\"@type\":\"Article\",\"@id\":\"https:\\\/\\\/www.arquimaster.com.ar\\\/web\\\/vivienda-vila-jardi-paolini-arquitectos\\\/#article\",\"isPartOf\":{\"@id\":\"https:\\\/\\\/www.arquimaster.com.ar\\\/web\\\/vivienda-vila-jardi-paolini-arquitectos\\\/\"},\"author\":{\"name\":\"Arquimaster\",\"@id\":\"https:\\\/\\\/www.arquimaster.com.ar\\\/web\\\/#\\\/schema\\\/person\\\/359e9f7c00193fcde068e0dd2ceb0028\"},\"headline\":\"Vivienda Vila Jard\u00ed \\\/ Paolini Arquitectos\",\"datePublished\":\"2022-10-27T23:06:53+00:00\",\"dateModified\":\"2023-02-28T18:16:50+00:00\",\"mainEntityOfPage\":{\"@id\":\"https:\\\/\\\/www.arquimaster.com.ar\\\/web\\\/vivienda-vila-jardi-paolini-arquitectos\\\/\"},\"wordCount\":700,\"publisher\":{\"@id\":\"https:\\\/\\\/www.arquimaster.com.ar\\\/web\\\/#organization\"},\"image\":{\"@id\":\"https:\\\/\\\/www.arquimaster.com.ar\\\/web\\\/vivienda-vila-jardi-paolini-arquitectos\\\/#primaryimage\"},\"thumbnailUrl\":\"https:\\\/\\\/www.arquimaster.com.ar\\\/web\\\/wp-content\\\/uploads\\\/2022\\\/10\\\/vila_jardi_slide.jpg\",\"keywords\":[\"C\u00f3rdoba\",\"Paolini Arquitectos\",\"reforma de vivienda\",\"vivienda unifamiliar\"],\"articleSection\":[\"Proyecto\"],\"inLanguage\":\"es\"},{\"@type\":\"WebPage\",\"@id\":\"https:\\\/\\\/www.arquimaster.com.ar\\\/web\\\/vivienda-vila-jardi-paolini-arquitectos\\\/\",\"url\":\"https:\\\/\\\/www.arquimaster.com.ar\\\/web\\\/vivienda-vila-jardi-paolini-arquitectos\\\/\",\"name\":\"Vivienda Vila Jard\u00ed \\\/ Paolini Arquitectos - Arquimaster\",\"isPartOf\":{\"@id\":\"https:\\\/\\\/www.arquimaster.com.ar\\\/web\\\/#website\"},\"primaryImageOfPage\":{\"@id\":\"https:\\\/\\\/www.arquimaster.com.ar\\\/web\\\/vivienda-vila-jardi-paolini-arquitectos\\\/#primaryimage\"},\"image\":{\"@id\":\"https:\\\/\\\/www.arquimaster.com.ar\\\/web\\\/vivienda-vila-jardi-paolini-arquitectos\\\/#primaryimage\"},\"thumbnailUrl\":\"https:\\\/\\\/www.arquimaster.com.ar\\\/web\\\/wp-content\\\/uploads\\\/2022\\\/10\\\/vila_jardi_slide.jpg\",\"datePublished\":\"2022-10-27T23:06:53+00:00\",\"dateModified\":\"2023-02-28T18:16:50+00:00\",\"description\":\"Se propuso establecer a la escalera como una pieza escultural, multifunci\u00f3n, transformando una planta simple y despojada en un proyecto con car\u00e1cter.\",\"breadcrumb\":{\"@id\":\"https:\\\/\\\/www.arquimaster.com.ar\\\/web\\\/vivienda-vila-jardi-paolini-arquitectos\\\/#breadcrumb\"},\"inLanguage\":\"es\",\"potentialAction\":[{\"@type\":\"ReadAction\",\"target\":[\"https:\\\/\\\/www.arquimaster.com.ar\\\/web\\\/vivienda-vila-jardi-paolini-arquitectos\\\/\"]}]},{\"@type\":\"ImageObject\",\"inLanguage\":\"es\",\"@id\":\"https:\\\/\\\/www.arquimaster.com.ar\\\/web\\\/vivienda-vila-jardi-paolini-arquitectos\\\/#primaryimage\",\"url\":\"https:\\\/\\\/www.arquimaster.com.ar\\\/web\\\/wp-content\\\/uploads\\\/2022\\\/10\\\/vila_jardi_slide.jpg\",\"contentUrl\":\"https:\\\/\\\/www.arquimaster.com.ar\\\/web\\\/wp-content\\\/uploads\\\/2022\\\/10\\\/vila_jardi_slide.jpg\",\"width\":698,\"height\":364,\"caption\":\"Vivienda Vila Jard\u00ed \\\/ Paolini Arquitectos\"},{\"@type\":\"BreadcrumbList\",\"@id\":\"https:\\\/\\\/www.arquimaster.com.ar\\\/web\\\/vivienda-vila-jardi-paolini-arquitectos\\\/#breadcrumb\",\"itemListElement\":[{\"@type\":\"ListItem\",\"position\":1,\"name\":\"Portada\",\"item\":\"https:\\\/\\\/www.arquimaster.com.ar\\\/web\\\/\"},{\"@type\":\"ListItem\",\"position\":2,\"name\":\"Vivienda Vila Jard\u00ed \\\/ Paolini Arquitectos\"}]},{\"@type\":\"WebSite\",\"@id\":\"https:\\\/\\\/www.arquimaster.com.ar\\\/web\\\/#website\",\"url\":\"https:\\\/\\\/www.arquimaster.com.ar\\\/web\\\/\",\"name\":\"Arquimaster\",\"description\":\"Web de arquitectura, dise\u00f1o y construccion\",\"publisher\":{\"@id\":\"https:\\\/\\\/www.arquimaster.com.ar\\\/web\\\/#organization\"},\"potentialAction\":[{\"@type\":\"SearchAction\",\"target\":{\"@type\":\"EntryPoint\",\"urlTemplate\":\"https:\\\/\\\/www.arquimaster.com.ar\\\/web\\\/?s={search_term_string}\"},\"query-input\":{\"@type\":\"PropertyValueSpecification\",\"valueRequired\":true,\"valueName\":\"search_term_string\"}}],\"inLanguage\":\"es\"},{\"@type\":\"Organization\",\"@id\":\"https:\\\/\\\/www.arquimaster.com.ar\\\/web\\\/#organization\",\"name\":\"Arquimaster\",\"url\":\"https:\\\/\\\/www.arquimaster.com.ar\\\/web\\\/\",\"logo\":{\"@type\":\"ImageObject\",\"inLanguage\":\"es\",\"@id\":\"https:\\\/\\\/www.arquimaster.com.ar\\\/web\\\/#\\\/schema\\\/logo\\\/image\\\/\",\"url\":\"https:\\\/\\\/www.arquimaster.com.ar\\\/web\\\/wp-content\\\/uploads\\\/2022\\\/06\\\/arquimaster.png\",\"contentUrl\":\"https:\\\/\\\/www.arquimaster.com.ar\\\/web\\\/wp-content\\\/uploads\\\/2022\\\/06\\\/arquimaster.png\",\"width\":594,\"height\":78,\"caption\":\"Arquimaster\"},\"image\":{\"@id\":\"https:\\\/\\\/www.arquimaster.com.ar\\\/web\\\/#\\\/schema\\\/logo\\\/image\\\/\"},\"sameAs\":[\"http:\\\/\\\/www.facebook.com\\\/ARQUIMASTER.com.ar\",\"https:\\\/\\\/x.com\\\/arquimaster\",\"https:\\\/\\\/www.instagram.com\\\/arquimasterblog\\\/\",\"https:\\\/\\\/www.linkedin.com\\\/company\\\/arquimaster\",\"https:\\\/\\\/www.pinterest.com\\\/arquimaster\",\"https:\\\/\\\/t.me\\\/arquimaster\"]},{\"@type\":\"Person\",\"@id\":\"https:\\\/\\\/www.arquimaster.com.ar\\\/web\\\/#\\\/schema\\\/person\\\/359e9f7c00193fcde068e0dd2ceb0028\",\"name\":\"Arquimaster\"}]}<\/script>\n<!-- \/ Yoast SEO plugin. -->","yoast_head_json":{"title":"Vivienda Vila Jard\u00ed \/ Paolini Arquitectos - Arquimaster","description":"Se propuso establecer a la escalera como una pieza escultural, multifunci\u00f3n, transformando una planta simple y despojada en un proyecto con car\u00e1cter.","robots":{"index":"index","follow":"follow","max-snippet":"max-snippet:-1","max-image-preview":"max-image-preview:large","max-video-preview":"max-video-preview:-1"},"canonical":"https:\/\/www.arquimaster.com.ar\/web\/vivienda-vila-jardi-paolini-arquitectos\/","og_locale":"es_ES","og_type":"article","og_title":"Vivienda Vila Jard\u00ed \/ Paolini Arquitectos","og_description":"Se propuso establecer a la escalera como una pieza escultural, multifunci\u00f3n, transformando una planta simple y despojada en un proyecto con car\u00e1cter.","og_url":"https:\/\/www.arquimaster.com.ar\/web\/vivienda-vila-jardi-paolini-arquitectos\/","og_site_name":"Arquimaster","article_publisher":"http:\/\/www.facebook.com\/ARQUIMASTER.com.ar","article_published_time":"2022-10-27T23:06:53+00:00","article_modified_time":"2023-02-28T18:16:50+00:00","og_image":[{"width":698,"height":364,"url":"https:\/\/www.arquimaster.com.ar\/web\/wp-content\/uploads\/2022\/10\/vila_jardi_slide.jpg","type":"image\/jpeg"}],"author":"Arquimaster","twitter_card":"summary_large_image","twitter_title":"Vivienda Vila Jard\u00ed \/ Paolini Arquitectos","twitter_description":"Se propuso establecer a la escalera como una pieza escultural, multifunci\u00f3n, transformando una planta simple y despojada en un proyecto con car\u00e1cter.","twitter_image":"https:\/\/www.arquimaster.com.ar\/web\/wp-content\/uploads\/2022\/10\/vila_jardi_slide.jpg","twitter_creator":"@arquimaster","twitter_site":"@arquimaster","twitter_misc":{"Escrito por":"Arquimaster","Tiempo de lectura":"4 minutos"},"schema":{"@context":"https:\/\/schema.org","@graph":[{"@type":"Article","@id":"https:\/\/www.arquimaster.com.ar\/web\/vivienda-vila-jardi-paolini-arquitectos\/#article","isPartOf":{"@id":"https:\/\/www.arquimaster.com.ar\/web\/vivienda-vila-jardi-paolini-arquitectos\/"},"author":{"name":"Arquimaster","@id":"https:\/\/www.arquimaster.com.ar\/web\/#\/schema\/person\/359e9f7c00193fcde068e0dd2ceb0028"},"headline":"Vivienda Vila Jard\u00ed \/ Paolini Arquitectos","datePublished":"2022-10-27T23:06:53+00:00","dateModified":"2023-02-28T18:16:50+00:00","mainEntityOfPage":{"@id":"https:\/\/www.arquimaster.com.ar\/web\/vivienda-vila-jardi-paolini-arquitectos\/"},"wordCount":700,"publisher":{"@id":"https:\/\/www.arquimaster.com.ar\/web\/#organization"},"image":{"@id":"https:\/\/www.arquimaster.com.ar\/web\/vivienda-vila-jardi-paolini-arquitectos\/#primaryimage"},"thumbnailUrl":"https:\/\/www.arquimaster.com.ar\/web\/wp-content\/uploads\/2022\/10\/vila_jardi_slide.jpg","keywords":["C\u00f3rdoba","Paolini Arquitectos","reforma de vivienda","vivienda unifamiliar"],"articleSection":["Proyecto"],"inLanguage":"es"},{"@type":"WebPage","@id":"https:\/\/www.arquimaster.com.ar\/web\/vivienda-vila-jardi-paolini-arquitectos\/","url":"https:\/\/www.arquimaster.com.ar\/web\/vivienda-vila-jardi-paolini-arquitectos\/","name":"Vivienda Vila Jard\u00ed \/ Paolini Arquitectos - Arquimaster","isPartOf":{"@id":"https:\/\/www.arquimaster.com.ar\/web\/#website"},"primaryImageOfPage":{"@id":"https:\/\/www.arquimaster.com.ar\/web\/vivienda-vila-jardi-paolini-arquitectos\/#primaryimage"},"image":{"@id":"https:\/\/www.arquimaster.com.ar\/web\/vivienda-vila-jardi-paolini-arquitectos\/#primaryimage"},"thumbnailUrl":"https:\/\/www.arquimaster.com.ar\/web\/wp-content\/uploads\/2022\/10\/vila_jardi_slide.jpg","datePublished":"2022-10-27T23:06:53+00:00","dateModified":"2023-02-28T18:16:50+00:00","description":"Se propuso establecer a la escalera como una pieza escultural, multifunci\u00f3n, transformando una planta simple y despojada en un proyecto con car\u00e1cter.","breadcrumb":{"@id":"https:\/\/www.arquimaster.com.ar\/web\/vivienda-vila-jardi-paolini-arquitectos\/#breadcrumb"},"inLanguage":"es","potentialAction":[{"@type":"ReadAction","target":["https:\/\/www.arquimaster.com.ar\/web\/vivienda-vila-jardi-paolini-arquitectos\/"]}]},{"@type":"ImageObject","inLanguage":"es","@id":"https:\/\/www.arquimaster.com.ar\/web\/vivienda-vila-jardi-paolini-arquitectos\/#primaryimage","url":"https:\/\/www.arquimaster.com.ar\/web\/wp-content\/uploads\/2022\/10\/vila_jardi_slide.jpg","contentUrl":"https:\/\/www.arquimaster.com.ar\/web\/wp-content\/uploads\/2022\/10\/vila_jardi_slide.jpg","width":698,"height":364,"caption":"Vivienda Vila Jard\u00ed \/ Paolini Arquitectos"},{"@type":"BreadcrumbList","@id":"https:\/\/www.arquimaster.com.ar\/web\/vivienda-vila-jardi-paolini-arquitectos\/#breadcrumb","itemListElement":[{"@type":"ListItem","position":1,"name":"Portada","item":"https:\/\/www.arquimaster.com.ar\/web\/"},{"@type":"ListItem","position":2,"name":"Vivienda Vila Jard\u00ed \/ Paolini Arquitectos"}]},{"@type":"WebSite","@id":"https:\/\/www.arquimaster.com.ar\/web\/#website","url":"https:\/\/www.arquimaster.com.ar\/web\/","name":"Arquimaster","description":"Web de arquitectura, dise\u00f1o y construccion","publisher":{"@id":"https:\/\/www.arquimaster.com.ar\/web\/#organization"},"potentialAction":[{"@type":"SearchAction","target":{"@type":"EntryPoint","urlTemplate":"https:\/\/www.arquimaster.com.ar\/web\/?s={search_term_string}"},"query-input":{"@type":"PropertyValueSpecification","valueRequired":true,"valueName":"search_term_string"}}],"inLanguage":"es"},{"@type":"Organization","@id":"https:\/\/www.arquimaster.com.ar\/web\/#organization","name":"Arquimaster","url":"https:\/\/www.arquimaster.com.ar\/web\/","logo":{"@type":"ImageObject","inLanguage":"es","@id":"https:\/\/www.arquimaster.com.ar\/web\/#\/schema\/logo\/image\/","url":"https:\/\/www.arquimaster.com.ar\/web\/wp-content\/uploads\/2022\/06\/arquimaster.png","contentUrl":"https:\/\/www.arquimaster.com.ar\/web\/wp-content\/uploads\/2022\/06\/arquimaster.png","width":594,"height":78,"caption":"Arquimaster"},"image":{"@id":"https:\/\/www.arquimaster.com.ar\/web\/#\/schema\/logo\/image\/"},"sameAs":["http:\/\/www.facebook.com\/ARQUIMASTER.com.ar","https:\/\/x.com\/arquimaster","https:\/\/www.instagram.com\/arquimasterblog\/","https:\/\/www.linkedin.com\/company\/arquimaster","https:\/\/www.pinterest.com\/arquimaster","https:\/\/t.me\/arquimaster"]},{"@type":"Person","@id":"https:\/\/www.arquimaster.com.ar\/web\/#\/schema\/person\/359e9f7c00193fcde068e0dd2ceb0028","name":"Arquimaster"}]}},"uagb_featured_image_src":{"full":["https:\/\/www.arquimaster.com.ar\/web\/wp-content\/uploads\/2022\/10\/vila_jardi_slide.jpg",698,364,false],"thumbnail":["https:\/\/www.arquimaster.com.ar\/web\/wp-content\/uploads\/2022\/10\/vila_jardi_slide-150x150.jpg",150,150,true],"medium":["https:\/\/www.arquimaster.com.ar\/web\/wp-content\/uploads\/2022\/10\/vila_jardi_slide.jpg",698,364,false],"medium_large":["https:\/\/www.arquimaster.com.ar\/web\/wp-content\/uploads\/2022\/10\/vila_jardi_slide.jpg",698,364,false],"large":["https:\/\/www.arquimaster.com.ar\/web\/wp-content\/uploads\/2022\/10\/vila_jardi_slide.jpg",698,364,false],"1536x1536":["https:\/\/www.arquimaster.com.ar\/web\/wp-content\/uploads\/2022\/10\/vila_jardi_slide.jpg",698,364,false],"2048x2048":["https:\/\/www.arquimaster.com.ar\/web\/wp-content\/uploads\/2022\/10\/vila_jardi_slide.jpg",698,364,false]},"uagb_author_info":{"display_name":"Arquimaster","author_link":"https:\/\/www.arquimaster.com.ar\/web\/author\/arquimaster\/"},"uagb_comment_info":0,"uagb_excerpt":"Se propuso establecer a la escalera como una pieza escultural, multifunci\u00f3n...","_links":{"self":[{"href":"https:\/\/www.arquimaster.com.ar\/web\/wp-json\/wp\/v2\/posts\/73109","targetHints":{"allow":["GET"]}}],"collection":[{"href":"https:\/\/www.arquimaster.com.ar\/web\/wp-json\/wp\/v2\/posts"}],"about":[{"href":"https:\/\/www.arquimaster.com.ar\/web\/wp-json\/wp\/v2\/types\/post"}],"author":[{"embeddable":true,"href":"https:\/\/www.arquimaster.com.ar\/web\/wp-json\/wp\/v2\/users\/1"}],"replies":[{"embeddable":true,"href":"https:\/\/www.arquimaster.com.ar\/web\/wp-json\/wp\/v2\/comments?post=73109"}],"version-history":[{"count":1,"href":"https:\/\/www.arquimaster.com.ar\/web\/wp-json\/wp\/v2\/posts\/73109\/revisions"}],"predecessor-version":[{"id":73129,"href":"https:\/\/www.arquimaster.com.ar\/web\/wp-json\/wp\/v2\/posts\/73109\/revisions\/73129"}],"wp:featuredmedia":[{"embeddable":true,"href":"https:\/\/www.arquimaster.com.ar\/web\/wp-json\/wp\/v2\/media\/73110"}],"wp:attachment":[{"href":"https:\/\/www.arquimaster.com.ar\/web\/wp-json\/wp\/v2\/media?parent=73109"}],"wp:term":[{"taxonomy":"category","embeddable":true,"href":"https:\/\/www.arquimaster.com.ar\/web\/wp-json\/wp\/v2\/categories?post=73109"},{"taxonomy":"post_tag","embeddable":true,"href":"https:\/\/www.arquimaster.com.ar\/web\/wp-json\/wp\/v2\/tags?post=73109"}],"curies":[{"name":"wp","href":"https:\/\/api.w.org\/{rel}","templated":true}]}}