{"id":73311,"date":"2022-11-17T18:32:30","date_gmt":"2022-11-17T21:32:30","guid":{"rendered":"https:\/\/www.arquimaster.com.ar\/web\/?p=73311"},"modified":"2023-03-10T14:46:16","modified_gmt":"2023-03-10T17:46:16","slug":"casa-landete-destudio-arquitectura","status":"publish","type":"post","link":"https:\/\/www.arquimaster.com.ar\/web\/casa-landete-destudio-arquitectura\/","title":{"rendered":"Casa Landete \/ Destudio Arquitectura"},"content":{"rendered":"<div style=\"margin-top: 0px; margin-bottom: 0px;\" class=\"sharethis-inline-share-buttons\" ><\/div><div class=\"b812932af2e751442846f039925109de\" data-index=\"1\" style=\"float: none; margin:25px 0 25px 0; text-align:center;\">\n<script async src=\"https:\/\/pagead2.googlesyndication.com\/pagead\/js\/adsbygoogle.js\"><\/script>\r\n<!-- Arquimaster (superior) -->\r\n<ins class=\"adsbygoogle\"\r\n     style=\"display:block\"\r\n     data-ad-client=\"ca-pub-6351072698456832\"\r\n     data-ad-slot=\"6455489680\"\r\n     data-ad-format=\"auto\"\r\n     data-full-width-responsive=\"true\"><\/ins>\r\n<script>\r\n     (adsbygoogle = window.adsbygoogle || []).push({});\r\n<\/script>\n<\/div>\n<p><strong>Casa Landete<\/strong> (Valencia, Espa\u00f1a) por <strong>Destudio Arquitectura<\/strong>. Casa Landete ve la luz como un proyecto de reforma integral de vivienda y emana armon\u00eda, elegancia y modernidad en cada una de sus estancias. Recorrer esta vivienda emblem\u00e1tica del ensanche valenciano representa la uni\u00f3n de lo cl\u00e1sico y renovado, mezcla que combina a la perfecci\u00f3n con la forma en que habitamos los hogares hoy en d\u00eda.<\/p>\n<div id='gallery-1' class='gallery galleryid-73311 gallery-columns-3 gallery-size-thumbnail'><figure class='gallery-item'>\n\t\t\t<div class='gallery-icon portrait'>\n\t\t\t\t<a href='https:\/\/www.arquimaster.com.ar\/web\/wp-content\/uploads\/2022\/11\/casa_landete_1.jpg' title=\"Casa Landete \/ Destudio Arquitectura (\u00a9 Mar\u00eda Mira)\" data-rl_title=\"Casa Landete \/ Destudio Arquitectura (\u00a9 Mar\u00eda Mira)\" class=\"rl-gallery-link\" data-rl_caption=\"Casa Landete \/ Destudio Arquitectura (\u00a9 Mar\u00eda Mira)\" data-rel=\"lightbox-gallery-1\"><img loading=\"lazy\" decoding=\"async\" width=\"150\" height=\"150\" src=\"https:\/\/www.arquimaster.com.ar\/web\/wp-content\/uploads\/2022\/11\/casa_landete_1-150x150.jpg\" class=\"attachment-thumbnail size-thumbnail\" alt=\"Casa Landete \/ Destudio Arquitectura\" aria-describedby=\"gallery-1-73313\" \/><\/a>\n\t\t\t<\/div>\n\t\t\t\t<figcaption class='wp-caption-text gallery-caption' id='gallery-1-73313'>\n\t\t\t\tCasa Landete \/ Destudio Arquitectura (\u00a9 Mar\u00eda Mira)\n\t\t\t\t<\/figcaption><\/figure><figure class='gallery-item'>\n\t\t\t<div class='gallery-icon portrait'>\n\t\t\t\t<a href='https:\/\/www.arquimaster.com.ar\/web\/wp-content\/uploads\/2022\/11\/casa_landete_2.jpg' title=\"Casa Landete \/ Destudio Arquitectura (\u00a9 Mar\u00eda Mira)\" data-rl_title=\"Casa Landete \/ Destudio Arquitectura (\u00a9 Mar\u00eda Mira)\" class=\"rl-gallery-link\" data-rl_caption=\"Casa Landete \/ Destudio Arquitectura (\u00a9 Mar\u00eda Mira)\" data-rel=\"lightbox-gallery-1\"><img loading=\"lazy\" decoding=\"async\" width=\"150\" height=\"150\" src=\"https:\/\/www.arquimaster.com.ar\/web\/wp-content\/uploads\/2022\/11\/casa_landete_2-150x150.jpg\" class=\"attachment-thumbnail size-thumbnail\" alt=\"Casa Landete \/ Destudio Arquitectura\" aria-describedby=\"gallery-1-73314\" \/><\/a>\n\t\t\t<\/div>\n\t\t\t\t<figcaption class='wp-caption-text gallery-caption' id='gallery-1-73314'>\n\t\t\t\tCasa Landete \/ Destudio Arquitectura (\u00a9 Mar\u00eda Mira)\n\t\t\t\t<\/figcaption><\/figure><figure class='gallery-item'>\n\t\t\t<div class='gallery-icon portrait'>\n\t\t\t\t<a href='https:\/\/www.arquimaster.com.ar\/web\/wp-content\/uploads\/2022\/11\/casa_landete_3.jpg' title=\"Casa Landete \/ Destudio Arquitectura (\u00a9 Mar\u00eda Mira)\" data-rl_title=\"Casa Landete \/ Destudio Arquitectura (\u00a9 Mar\u00eda Mira)\" class=\"rl-gallery-link\" data-rl_caption=\"Casa Landete \/ Destudio Arquitectura (\u00a9 Mar\u00eda Mira)\" data-rel=\"lightbox-gallery-1\"><img loading=\"lazy\" decoding=\"async\" width=\"150\" height=\"150\" src=\"https:\/\/www.arquimaster.com.ar\/web\/wp-content\/uploads\/2022\/11\/casa_landete_3-150x150.jpg\" class=\"attachment-thumbnail size-thumbnail\" alt=\"Casa Landete \/ Destudio Arquitectura\" aria-describedby=\"gallery-1-73315\" \/><\/a>\n\t\t\t<\/div>\n\t\t\t\t<figcaption class='wp-caption-text gallery-caption' id='gallery-1-73315'>\n\t\t\t\tCasa Landete \/ Destudio Arquitectura (\u00a9 Mar\u00eda Mira)\n\t\t\t\t<\/figcaption><\/figure><figure class='gallery-item'>\n\t\t\t<div class='gallery-icon portrait'>\n\t\t\t\t<a href='https:\/\/www.arquimaster.com.ar\/web\/wp-content\/uploads\/2022\/11\/casa_landete_4.jpg' title=\"Casa Landete \/ Destudio Arquitectura (\u00a9 Mar\u00eda Mira)\" data-rl_title=\"Casa Landete \/ Destudio Arquitectura (\u00a9 Mar\u00eda Mira)\" class=\"rl-gallery-link\" data-rl_caption=\"Casa Landete \/ Destudio Arquitectura (\u00a9 Mar\u00eda Mira)\" data-rel=\"lightbox-gallery-1\"><img loading=\"lazy\" decoding=\"async\" width=\"150\" height=\"150\" src=\"https:\/\/www.arquimaster.com.ar\/web\/wp-content\/uploads\/2022\/11\/casa_landete_4-150x150.jpg\" class=\"attachment-thumbnail size-thumbnail\" alt=\"Casa Landete \/ Destudio Arquitectura\" aria-describedby=\"gallery-1-73316\" \/><\/a>\n\t\t\t<\/div>\n\t\t\t\t<figcaption class='wp-caption-text gallery-caption' id='gallery-1-73316'>\n\t\t\t\tCasa Landete \/ Destudio Arquitectura (\u00a9 Mar\u00eda Mira)\n\t\t\t\t<\/figcaption><\/figure><figure class='gallery-item'>\n\t\t\t<div class='gallery-icon portrait'>\n\t\t\t\t<a href='https:\/\/www.arquimaster.com.ar\/web\/wp-content\/uploads\/2022\/11\/casa_landete_5.jpg' title=\"Casa Landete \/ Destudio Arquitectura (\u00a9 Mar\u00eda Mira)\" data-rl_title=\"Casa Landete \/ Destudio Arquitectura (\u00a9 Mar\u00eda Mira)\" class=\"rl-gallery-link\" data-rl_caption=\"Casa Landete \/ Destudio Arquitectura (\u00a9 Mar\u00eda Mira)\" data-rel=\"lightbox-gallery-1\"><img loading=\"lazy\" decoding=\"async\" width=\"150\" height=\"150\" src=\"https:\/\/www.arquimaster.com.ar\/web\/wp-content\/uploads\/2022\/11\/casa_landete_5-150x150.jpg\" class=\"attachment-thumbnail size-thumbnail\" alt=\"Casa Landete \/ Destudio Arquitectura\" aria-describedby=\"gallery-1-73317\" \/><\/a>\n\t\t\t<\/div>\n\t\t\t\t<figcaption class='wp-caption-text gallery-caption' id='gallery-1-73317'>\n\t\t\t\tCasa Landete \/ Destudio Arquitectura (\u00a9 Mar\u00eda Mira)\n\t\t\t\t<\/figcaption><\/figure><figure class='gallery-item'>\n\t\t\t<div class='gallery-icon landscape'>\n\t\t\t\t<a href='https:\/\/www.arquimaster.com.ar\/web\/wp-content\/uploads\/2022\/11\/casa_landete_6.jpg' title=\"Casa Landete \/ Destudio Arquitectura (\u00a9 Mar\u00eda Mira)\" data-rl_title=\"Casa Landete \/ Destudio Arquitectura (\u00a9 Mar\u00eda Mira)\" class=\"rl-gallery-link\" data-rl_caption=\"Casa Landete \/ Destudio Arquitectura (\u00a9 Mar\u00eda Mira)\" data-rel=\"lightbox-gallery-1\"><img loading=\"lazy\" decoding=\"async\" width=\"150\" height=\"150\" src=\"https:\/\/www.arquimaster.com.ar\/web\/wp-content\/uploads\/2022\/11\/casa_landete_6-150x150.jpg\" class=\"attachment-thumbnail size-thumbnail\" alt=\"Casa Landete \/ Destudio Arquitectura\" aria-describedby=\"gallery-1-73318\" \/><\/a>\n\t\t\t<\/div>\n\t\t\t\t<figcaption class='wp-caption-text gallery-caption' id='gallery-1-73318'>\n\t\t\t\tCasa Landete \/ Destudio Arquitectura (\u00a9 Mar\u00eda Mira)\n\t\t\t\t<\/figcaption><\/figure><figure class='gallery-item'>\n\t\t\t<div class='gallery-icon portrait'>\n\t\t\t\t<a href='https:\/\/www.arquimaster.com.ar\/web\/wp-content\/uploads\/2022\/11\/casa_landete_7.jpg' title=\"Casa Landete \/ Destudio Arquitectura (\u00a9 Mar\u00eda Mira)\" data-rl_title=\"Casa Landete \/ Destudio Arquitectura (\u00a9 Mar\u00eda Mira)\" class=\"rl-gallery-link\" data-rl_caption=\"Casa Landete \/ Destudio Arquitectura (\u00a9 Mar\u00eda Mira)\" data-rel=\"lightbox-gallery-1\"><img loading=\"lazy\" decoding=\"async\" width=\"150\" height=\"150\" src=\"https:\/\/www.arquimaster.com.ar\/web\/wp-content\/uploads\/2022\/11\/casa_landete_7-150x150.jpg\" class=\"attachment-thumbnail size-thumbnail\" alt=\"Casa Landete \/ Destudio Arquitectura\" aria-describedby=\"gallery-1-73319\" \/><\/a>\n\t\t\t<\/div>\n\t\t\t\t<figcaption class='wp-caption-text gallery-caption' id='gallery-1-73319'>\n\t\t\t\tCasa Landete \/ Destudio Arquitectura (\u00a9 Mar\u00eda Mira)\n\t\t\t\t<\/figcaption><\/figure><figure class='gallery-item'>\n\t\t\t<div class='gallery-icon portrait'>\n\t\t\t\t<a href='https:\/\/www.arquimaster.com.ar\/web\/wp-content\/uploads\/2022\/11\/casa_landete_8.jpg' title=\"Casa Landete \/ Destudio Arquitectura (\u00a9 Mar\u00eda Mira)\" data-rl_title=\"Casa Landete \/ Destudio Arquitectura (\u00a9 Mar\u00eda Mira)\" class=\"rl-gallery-link\" data-rl_caption=\"Casa Landete \/ Destudio Arquitectura (\u00a9 Mar\u00eda Mira)\" data-rel=\"lightbox-gallery-1\"><img loading=\"lazy\" decoding=\"async\" width=\"150\" height=\"150\" src=\"https:\/\/www.arquimaster.com.ar\/web\/wp-content\/uploads\/2022\/11\/casa_landete_8-150x150.jpg\" class=\"attachment-thumbnail size-thumbnail\" alt=\"Casa Landete \/ Destudio Arquitectura\" aria-describedby=\"gallery-1-73320\" \/><\/a>\n\t\t\t<\/div>\n\t\t\t\t<figcaption class='wp-caption-text gallery-caption' id='gallery-1-73320'>\n\t\t\t\tCasa Landete \/ Destudio Arquitectura (\u00a9 Mar\u00eda Mira)\n\t\t\t\t<\/figcaption><\/figure><figure class='gallery-item'>\n\t\t\t<div class='gallery-icon landscape'>\n\t\t\t\t<a href='https:\/\/www.arquimaster.com.ar\/web\/wp-content\/uploads\/2022\/11\/casa_landete_9.jpg' title=\"Casa Landete \/ Destudio Arquitectura (\u00a9 Mar\u00eda Mira)\" data-rl_title=\"Casa Landete \/ Destudio Arquitectura (\u00a9 Mar\u00eda Mira)\" class=\"rl-gallery-link\" data-rl_caption=\"Casa Landete \/ Destudio Arquitectura (\u00a9 Mar\u00eda Mira)\" data-rel=\"lightbox-gallery-1\"><img loading=\"lazy\" decoding=\"async\" width=\"150\" height=\"150\" src=\"https:\/\/www.arquimaster.com.ar\/web\/wp-content\/uploads\/2022\/11\/casa_landete_9-150x150.jpg\" class=\"attachment-thumbnail size-thumbnail\" alt=\"Casa Landete \/ Destudio Arquitectura\" aria-describedby=\"gallery-1-73321\" \/><\/a>\n\t\t\t<\/div>\n\t\t\t\t<figcaption class='wp-caption-text gallery-caption' id='gallery-1-73321'>\n\t\t\t\tCasa Landete \/ Destudio Arquitectura (\u00a9 Mar\u00eda Mira)\n\t\t\t\t<\/figcaption><\/figure><figure class='gallery-item'>\n\t\t\t<div class='gallery-icon portrait'>\n\t\t\t\t<a href='https:\/\/www.arquimaster.com.ar\/web\/wp-content\/uploads\/2022\/11\/casa_landete_10.jpg' title=\"Casa Landete \/ Destudio Arquitectura (\u00a9 Mar\u00eda Mira)\" data-rl_title=\"Casa Landete \/ Destudio Arquitectura (\u00a9 Mar\u00eda Mira)\" class=\"rl-gallery-link\" data-rl_caption=\"Casa Landete \/ Destudio Arquitectura (\u00a9 Mar\u00eda Mira)\" data-rel=\"lightbox-gallery-1\"><img loading=\"lazy\" decoding=\"async\" width=\"150\" height=\"150\" src=\"https:\/\/www.arquimaster.com.ar\/web\/wp-content\/uploads\/2022\/11\/casa_landete_10-150x150.jpg\" class=\"attachment-thumbnail size-thumbnail\" alt=\"Casa Landete \/ Destudio Arquitectura\" aria-describedby=\"gallery-1-73322\" \/><\/a>\n\t\t\t<\/div>\n\t\t\t\t<figcaption class='wp-caption-text gallery-caption' id='gallery-1-73322'>\n\t\t\t\tCasa Landete \/ Destudio Arquitectura (\u00a9 Mar\u00eda Mira)\n\t\t\t\t<\/figcaption><\/figure><figure class='gallery-item'>\n\t\t\t<div class='gallery-icon portrait'>\n\t\t\t\t<a href='https:\/\/www.arquimaster.com.ar\/web\/wp-content\/uploads\/2022\/11\/casa_landete_11.jpg' title=\"Casa Landete \/ Destudio Arquitectura (\u00a9 Mar\u00eda Mira)\" data-rl_title=\"Casa Landete \/ Destudio Arquitectura (\u00a9 Mar\u00eda Mira)\" class=\"rl-gallery-link\" data-rl_caption=\"Casa Landete \/ Destudio Arquitectura (\u00a9 Mar\u00eda Mira)\" data-rel=\"lightbox-gallery-1\"><img loading=\"lazy\" decoding=\"async\" width=\"150\" height=\"150\" src=\"https:\/\/www.arquimaster.com.ar\/web\/wp-content\/uploads\/2022\/11\/casa_landete_11-150x150.jpg\" class=\"attachment-thumbnail size-thumbnail\" alt=\"Casa Landete \/ Destudio Arquitectura\" aria-describedby=\"gallery-1-73323\" \/><\/a>\n\t\t\t<\/div>\n\t\t\t\t<figcaption class='wp-caption-text gallery-caption' id='gallery-1-73323'>\n\t\t\t\tCasa Landete \/ Destudio Arquitectura (\u00a9 Mar\u00eda Mira)\n\t\t\t\t<\/figcaption><\/figure><figure class='gallery-item'>\n\t\t\t<div class='gallery-icon portrait'>\n\t\t\t\t<a href='https:\/\/www.arquimaster.com.ar\/web\/wp-content\/uploads\/2022\/11\/casa_landete_12.jpg' title=\"Casa Landete \/ Destudio Arquitectura (\u00a9 Mar\u00eda Mira)\" data-rl_title=\"Casa Landete \/ Destudio Arquitectura (\u00a9 Mar\u00eda Mira)\" class=\"rl-gallery-link\" data-rl_caption=\"Casa Landete \/ Destudio Arquitectura (\u00a9 Mar\u00eda Mira)\" data-rel=\"lightbox-gallery-1\"><img loading=\"lazy\" decoding=\"async\" width=\"150\" height=\"150\" src=\"https:\/\/www.arquimaster.com.ar\/web\/wp-content\/uploads\/2022\/11\/casa_landete_12-150x150.jpg\" class=\"attachment-thumbnail size-thumbnail\" alt=\"Casa Landete \/ Destudio Arquitectura\" aria-describedby=\"gallery-1-73324\" \/><\/a>\n\t\t\t<\/div>\n\t\t\t\t<figcaption class='wp-caption-text gallery-caption' id='gallery-1-73324'>\n\t\t\t\tCasa Landete \/ Destudio Arquitectura (\u00a9 Mar\u00eda Mira)\n\t\t\t\t<\/figcaption><\/figure><figure class='gallery-item'>\n\t\t\t<div class='gallery-icon landscape'>\n\t\t\t\t<a href='https:\/\/www.arquimaster.com.ar\/web\/wp-content\/uploads\/2022\/11\/casa_landete_13.jpg' title=\"Casa Landete \/ Destudio Arquitectura (\u00a9 Mar\u00eda Mira)\" data-rl_title=\"Casa Landete \/ Destudio Arquitectura (\u00a9 Mar\u00eda Mira)\" class=\"rl-gallery-link\" data-rl_caption=\"Casa Landete \/ Destudio Arquitectura (\u00a9 Mar\u00eda Mira)\" data-rel=\"lightbox-gallery-1\"><img loading=\"lazy\" decoding=\"async\" width=\"150\" height=\"150\" src=\"https:\/\/www.arquimaster.com.ar\/web\/wp-content\/uploads\/2022\/11\/casa_landete_13-150x150.jpg\" class=\"attachment-thumbnail size-thumbnail\" alt=\"Casa Landete \/ Destudio Arquitectura\" aria-describedby=\"gallery-1-73325\" \/><\/a>\n\t\t\t<\/div>\n\t\t\t\t<figcaption class='wp-caption-text gallery-caption' id='gallery-1-73325'>\n\t\t\t\tCasa Landete \/ Destudio Arquitectura (\u00a9 Mar\u00eda Mira)\n\t\t\t\t<\/figcaption><\/figure><figure class='gallery-item'>\n\t\t\t<div class='gallery-icon portrait'>\n\t\t\t\t<a href='https:\/\/www.arquimaster.com.ar\/web\/wp-content\/uploads\/2022\/11\/casa_landete_14.jpg' title=\"Casa Landete \/ Destudio Arquitectura (\u00a9 Mar\u00eda Mira)\" data-rl_title=\"Casa Landete \/ Destudio Arquitectura (\u00a9 Mar\u00eda Mira)\" class=\"rl-gallery-link\" data-rl_caption=\"Casa Landete \/ Destudio Arquitectura (\u00a9 Mar\u00eda Mira)\" data-rel=\"lightbox-gallery-1\"><img loading=\"lazy\" decoding=\"async\" width=\"150\" height=\"150\" src=\"https:\/\/www.arquimaster.com.ar\/web\/wp-content\/uploads\/2022\/11\/casa_landete_14-150x150.jpg\" class=\"attachment-thumbnail size-thumbnail\" alt=\"Casa Landete \/ Destudio Arquitectura\" aria-describedby=\"gallery-1-73326\" \/><\/a>\n\t\t\t<\/div>\n\t\t\t\t<figcaption class='wp-caption-text gallery-caption' id='gallery-1-73326'>\n\t\t\t\tCasa Landete \/ Destudio Arquitectura (\u00a9 Mar\u00eda Mira)\n\t\t\t\t<\/figcaption><\/figure><figure class='gallery-item'>\n\t\t\t<div class='gallery-icon portrait'>\n\t\t\t\t<a href='https:\/\/www.arquimaster.com.ar\/web\/wp-content\/uploads\/2022\/11\/casa_landete_15.jpg' title=\"Casa Landete \/ Destudio Arquitectura (\u00a9 Mar\u00eda Mira)\" data-rl_title=\"Casa Landete \/ Destudio Arquitectura (\u00a9 Mar\u00eda Mira)\" class=\"rl-gallery-link\" data-rl_caption=\"Casa Landete \/ Destudio Arquitectura (\u00a9 Mar\u00eda Mira)\" data-rel=\"lightbox-gallery-1\"><img loading=\"lazy\" decoding=\"async\" width=\"150\" height=\"150\" src=\"https:\/\/www.arquimaster.com.ar\/web\/wp-content\/uploads\/2022\/11\/casa_landete_15-150x150.jpg\" class=\"attachment-thumbnail size-thumbnail\" alt=\"Casa Landete \/ Destudio Arquitectura\" aria-describedby=\"gallery-1-73327\" \/><\/a>\n\t\t\t<\/div>\n\t\t\t\t<figcaption class='wp-caption-text gallery-caption' id='gallery-1-73327'>\n\t\t\t\tCasa Landete \/ Destudio Arquitectura (\u00a9 Mar\u00eda Mira)\n\t\t\t\t<\/figcaption><\/figure><figure class='gallery-item'>\n\t\t\t<div class='gallery-icon portrait'>\n\t\t\t\t<a href='https:\/\/www.arquimaster.com.ar\/web\/wp-content\/uploads\/2022\/11\/casa_landete_16.jpg' title=\"Casa Landete \/ Destudio Arquitectura (\u00a9 Mar\u00eda Mira)\" data-rl_title=\"Casa Landete \/ Destudio Arquitectura (\u00a9 Mar\u00eda Mira)\" class=\"rl-gallery-link\" data-rl_caption=\"Casa Landete \/ Destudio Arquitectura (\u00a9 Mar\u00eda Mira)\" data-rel=\"lightbox-gallery-1\"><img loading=\"lazy\" decoding=\"async\" width=\"150\" height=\"150\" src=\"https:\/\/www.arquimaster.com.ar\/web\/wp-content\/uploads\/2022\/11\/casa_landete_16-150x150.jpg\" class=\"attachment-thumbnail size-thumbnail\" alt=\"Casa Landete \/ Destudio Arquitectura\" aria-describedby=\"gallery-1-73328\" \/><\/a>\n\t\t\t<\/div>\n\t\t\t\t<figcaption class='wp-caption-text gallery-caption' id='gallery-1-73328'>\n\t\t\t\tCasa Landete \/ Destudio Arquitectura (\u00a9 Mar\u00eda Mira)\n\t\t\t\t<\/figcaption><\/figure><figure class='gallery-item'>\n\t\t\t<div class='gallery-icon portrait'>\n\t\t\t\t<a href='https:\/\/www.arquimaster.com.ar\/web\/wp-content\/uploads\/2022\/11\/casa_landete_17.jpg' title=\"Casa Landete \/ Destudio Arquitectura (\u00a9 Mar\u00eda Mira)\" data-rl_title=\"Casa Landete \/ Destudio Arquitectura (\u00a9 Mar\u00eda Mira)\" class=\"rl-gallery-link\" data-rl_caption=\"Casa Landete \/ Destudio Arquitectura (\u00a9 Mar\u00eda Mira)\" data-rel=\"lightbox-gallery-1\"><img loading=\"lazy\" decoding=\"async\" width=\"150\" height=\"150\" src=\"https:\/\/www.arquimaster.com.ar\/web\/wp-content\/uploads\/2022\/11\/casa_landete_17-150x150.jpg\" class=\"attachment-thumbnail size-thumbnail\" alt=\"Casa Landete \/ Destudio Arquitectura\" aria-describedby=\"gallery-1-73329\" \/><\/a>\n\t\t\t<\/div>\n\t\t\t\t<figcaption class='wp-caption-text gallery-caption' id='gallery-1-73329'>\n\t\t\t\tCasa Landete \/ Destudio Arquitectura (\u00a9 Mar\u00eda Mira)\n\t\t\t\t<\/figcaption><\/figure><figure class='gallery-item'>\n\t\t\t<div class='gallery-icon portrait'>\n\t\t\t\t<a href='https:\/\/www.arquimaster.com.ar\/web\/wp-content\/uploads\/2022\/11\/casa_landete_18.jpg' title=\"Casa Landete \/ Destudio Arquitectura (\u00a9 Mar\u00eda Mira)\" data-rl_title=\"Casa Landete \/ Destudio Arquitectura (\u00a9 Mar\u00eda Mira)\" class=\"rl-gallery-link\" data-rl_caption=\"Casa Landete \/ Destudio Arquitectura (\u00a9 Mar\u00eda Mira)\" data-rel=\"lightbox-gallery-1\"><img loading=\"lazy\" decoding=\"async\" width=\"150\" height=\"150\" src=\"https:\/\/www.arquimaster.com.ar\/web\/wp-content\/uploads\/2022\/11\/casa_landete_18-150x150.jpg\" class=\"attachment-thumbnail size-thumbnail\" alt=\"Casa Landete \/ Destudio Arquitectura\" aria-describedby=\"gallery-1-73330\" \/><\/a>\n\t\t\t<\/div>\n\t\t\t\t<figcaption class='wp-caption-text gallery-caption' id='gallery-1-73330'>\n\t\t\t\tCasa Landete \/ Destudio Arquitectura (\u00a9 Mar\u00eda Mira)\n\t\t\t\t<\/figcaption><\/figure><figure class='gallery-item'>\n\t\t\t<div class='gallery-icon portrait'>\n\t\t\t\t<a href='https:\/\/www.arquimaster.com.ar\/web\/wp-content\/uploads\/2022\/11\/casa_landete_19.jpg' title=\"Casa Landete \/ Destudio Arquitectura (\u00a9 Mar\u00eda Mira)\" data-rl_title=\"Casa Landete \/ Destudio Arquitectura (\u00a9 Mar\u00eda Mira)\" class=\"rl-gallery-link\" data-rl_caption=\"Casa Landete \/ Destudio Arquitectura (\u00a9 Mar\u00eda Mira)\" data-rel=\"lightbox-gallery-1\"><img loading=\"lazy\" decoding=\"async\" width=\"150\" height=\"150\" src=\"https:\/\/www.arquimaster.com.ar\/web\/wp-content\/uploads\/2022\/11\/casa_landete_19-150x150.jpg\" class=\"attachment-thumbnail size-thumbnail\" alt=\"Casa Landete \/ Destudio Arquitectura\" aria-describedby=\"gallery-1-73331\" \/><\/a>\n\t\t\t<\/div>\n\t\t\t\t<figcaption class='wp-caption-text gallery-caption' id='gallery-1-73331'>\n\t\t\t\tCasa Landete \/ Destudio Arquitectura (\u00a9 Mar\u00eda Mira)\n\t\t\t\t<\/figcaption><\/figure><figure class='gallery-item'>\n\t\t\t<div class='gallery-icon portrait'>\n\t\t\t\t<a href='https:\/\/www.arquimaster.com.ar\/web\/wp-content\/uploads\/2022\/11\/casa_landete_20.jpg' title=\"Casa Landete \/ Destudio Arquitectura (\u00a9 Mar\u00eda Mira)\" data-rl_title=\"Casa Landete \/ Destudio Arquitectura (\u00a9 Mar\u00eda Mira)\" class=\"rl-gallery-link\" data-rl_caption=\"Casa Landete \/ Destudio Arquitectura (\u00a9 Mar\u00eda Mira)\" data-rel=\"lightbox-gallery-1\"><img loading=\"lazy\" decoding=\"async\" width=\"150\" height=\"150\" src=\"https:\/\/www.arquimaster.com.ar\/web\/wp-content\/uploads\/2022\/11\/casa_landete_20-150x150.jpg\" class=\"attachment-thumbnail size-thumbnail\" alt=\"Casa Landete \/ Destudio Arquitectura\" aria-describedby=\"gallery-1-73332\" \/><\/a>\n\t\t\t<\/div>\n\t\t\t\t<figcaption class='wp-caption-text gallery-caption' id='gallery-1-73332'>\n\t\t\t\tCasa Landete \/ Destudio Arquitectura (\u00a9 Mar\u00eda Mira)\n\t\t\t\t<\/figcaption><\/figure><figure class='gallery-item'>\n\t\t\t<div class='gallery-icon portrait'>\n\t\t\t\t<a href='https:\/\/www.arquimaster.com.ar\/web\/wp-content\/uploads\/2022\/11\/casa_landete_21.jpg' title=\"Casa Landete \/ Destudio Arquitectura (\u00a9 Mar\u00eda Mira)\" data-rl_title=\"Casa Landete \/ Destudio Arquitectura (\u00a9 Mar\u00eda Mira)\" class=\"rl-gallery-link\" data-rl_caption=\"Casa Landete \/ Destudio Arquitectura (\u00a9 Mar\u00eda Mira)\" data-rel=\"lightbox-gallery-1\"><img loading=\"lazy\" decoding=\"async\" width=\"150\" height=\"150\" src=\"https:\/\/www.arquimaster.com.ar\/web\/wp-content\/uploads\/2022\/11\/casa_landete_21-150x150.jpg\" class=\"attachment-thumbnail size-thumbnail\" alt=\"Casa Landete \/ Destudio Arquitectura\" aria-describedby=\"gallery-1-73333\" \/><\/a>\n\t\t\t<\/div>\n\t\t\t\t<figcaption class='wp-caption-text gallery-caption' id='gallery-1-73333'>\n\t\t\t\tCasa Landete \/ Destudio Arquitectura (\u00a9 Mar\u00eda Mira)\n\t\t\t\t<\/figcaption><\/figure><figure class='gallery-item'>\n\t\t\t<div class='gallery-icon portrait'>\n\t\t\t\t<a href='https:\/\/www.arquimaster.com.ar\/web\/wp-content\/uploads\/2022\/11\/casa_landete_22.jpg' title=\"Casa Landete \/ Destudio Arquitectura (\u00a9 Mar\u00eda Mira)\" data-rl_title=\"Casa Landete \/ Destudio Arquitectura (\u00a9 Mar\u00eda Mira)\" class=\"rl-gallery-link\" data-rl_caption=\"Casa Landete \/ Destudio Arquitectura (\u00a9 Mar\u00eda Mira)\" data-rel=\"lightbox-gallery-1\"><img loading=\"lazy\" decoding=\"async\" width=\"150\" height=\"150\" src=\"https:\/\/www.arquimaster.com.ar\/web\/wp-content\/uploads\/2022\/11\/casa_landete_22-150x150.jpg\" class=\"attachment-thumbnail size-thumbnail\" alt=\"Casa Landete \/ Destudio Arquitectura\" aria-describedby=\"gallery-1-73334\" \/><\/a>\n\t\t\t<\/div>\n\t\t\t\t<figcaption class='wp-caption-text gallery-caption' id='gallery-1-73334'>\n\t\t\t\tCasa Landete \/ Destudio Arquitectura (\u00a9 Mar\u00eda Mira)\n\t\t\t\t<\/figcaption><\/figure><figure class='gallery-item'>\n\t\t\t<div class='gallery-icon portrait'>\n\t\t\t\t<a href='https:\/\/www.arquimaster.com.ar\/web\/wp-content\/uploads\/2022\/11\/casa_landete_23.jpg' title=\"Casa Landete \/ Destudio Arquitectura (\u00a9 Mar\u00eda Mira)\" data-rl_title=\"Casa Landete \/ Destudio Arquitectura (\u00a9 Mar\u00eda Mira)\" class=\"rl-gallery-link\" data-rl_caption=\"Casa Landete \/ Destudio Arquitectura (\u00a9 Mar\u00eda Mira)\" data-rel=\"lightbox-gallery-1\"><img loading=\"lazy\" decoding=\"async\" width=\"150\" height=\"150\" src=\"https:\/\/www.arquimaster.com.ar\/web\/wp-content\/uploads\/2022\/11\/casa_landete_23-150x150.jpg\" class=\"attachment-thumbnail size-thumbnail\" alt=\"Casa Landete \/ Destudio Arquitectura\" aria-describedby=\"gallery-1-73335\" \/><\/a>\n\t\t\t<\/div>\n\t\t\t\t<figcaption class='wp-caption-text gallery-caption' id='gallery-1-73335'>\n\t\t\t\tCasa Landete \/ Destudio Arquitectura (\u00a9 Mar\u00eda Mira)\n\t\t\t\t<\/figcaption><\/figure><figure class='gallery-item'>\n\t\t\t<div class='gallery-icon portrait'>\n\t\t\t\t<a href='https:\/\/www.arquimaster.com.ar\/web\/wp-content\/uploads\/2022\/11\/casa_landete_24.jpg' title=\"Casa Landete \/ Destudio Arquitectura (\u00a9 Mar\u00eda Mira)\" data-rl_title=\"Casa Landete \/ Destudio Arquitectura (\u00a9 Mar\u00eda Mira)\" class=\"rl-gallery-link\" data-rl_caption=\"Casa Landete \/ Destudio Arquitectura (\u00a9 Mar\u00eda Mira)\" data-rel=\"lightbox-gallery-1\"><img loading=\"lazy\" decoding=\"async\" width=\"150\" height=\"150\" src=\"https:\/\/www.arquimaster.com.ar\/web\/wp-content\/uploads\/2022\/11\/casa_landete_24-150x150.jpg\" class=\"attachment-thumbnail size-thumbnail\" alt=\"Casa Landete \/ Destudio Arquitectura\" aria-describedby=\"gallery-1-73336\" \/><\/a>\n\t\t\t<\/div>\n\t\t\t\t<figcaption class='wp-caption-text gallery-caption' id='gallery-1-73336'>\n\t\t\t\tCasa Landete \/ Destudio Arquitectura (\u00a9 Mar\u00eda Mira)\n\t\t\t\t<\/figcaption><\/figure><figure class='gallery-item'>\n\t\t\t<div class='gallery-icon landscape'>\n\t\t\t\t<a href='https:\/\/www.arquimaster.com.ar\/web\/wp-content\/uploads\/2022\/11\/casa_landete_25.jpg' title=\"Casa Landete \/ Destudio Arquitectura (\u00a9 Mar\u00eda Mira)\" data-rl_title=\"Casa Landete \/ Destudio Arquitectura (\u00a9 Mar\u00eda Mira)\" class=\"rl-gallery-link\" data-rl_caption=\"Casa Landete \/ Destudio Arquitectura (\u00a9 Mar\u00eda Mira)\" data-rel=\"lightbox-gallery-1\"><img loading=\"lazy\" decoding=\"async\" width=\"150\" height=\"150\" src=\"https:\/\/www.arquimaster.com.ar\/web\/wp-content\/uploads\/2022\/11\/casa_landete_25-150x150.jpg\" class=\"attachment-thumbnail size-thumbnail\" alt=\"Casa Landete \/ Destudio Arquitectura\" aria-describedby=\"gallery-1-73337\" \/><\/a>\n\t\t\t<\/div>\n\t\t\t\t<figcaption class='wp-caption-text gallery-caption' id='gallery-1-73337'>\n\t\t\t\tCasa Landete \/ Destudio Arquitectura (\u00a9 Mar\u00eda Mira)\n\t\t\t\t<\/figcaption><\/figure><figure class='gallery-item'>\n\t\t\t<div class='gallery-icon portrait'>\n\t\t\t\t<a href='https:\/\/www.arquimaster.com.ar\/web\/wp-content\/uploads\/2022\/11\/casa_landete_26.jpg' title=\"Casa Landete \/ Destudio Arquitectura (\u00a9 Mar\u00eda Mira)\" data-rl_title=\"Casa Landete \/ Destudio Arquitectura (\u00a9 Mar\u00eda Mira)\" class=\"rl-gallery-link\" data-rl_caption=\"Casa Landete \/ Destudio Arquitectura (\u00a9 Mar\u00eda Mira)\" data-rel=\"lightbox-gallery-1\"><img loading=\"lazy\" decoding=\"async\" width=\"150\" height=\"150\" src=\"https:\/\/www.arquimaster.com.ar\/web\/wp-content\/uploads\/2022\/11\/casa_landete_26-150x150.jpg\" class=\"attachment-thumbnail size-thumbnail\" alt=\"Casa Landete \/ Destudio Arquitectura\" aria-describedby=\"gallery-1-73338\" \/><\/a>\n\t\t\t<\/div>\n\t\t\t\t<figcaption class='wp-caption-text gallery-caption' id='gallery-1-73338'>\n\t\t\t\tCasa Landete \/ Destudio Arquitectura (\u00a9 Mar\u00eda Mira)\n\t\t\t\t<\/figcaption><\/figure><figure class='gallery-item'>\n\t\t\t<div class='gallery-icon portrait'>\n\t\t\t\t<a href='https:\/\/www.arquimaster.com.ar\/web\/wp-content\/uploads\/2022\/11\/casa_landete_27.jpg' title=\"Casa Landete \/ Destudio Arquitectura (\u00a9 Mar\u00eda Mira)\" data-rl_title=\"Casa Landete \/ Destudio Arquitectura (\u00a9 Mar\u00eda Mira)\" class=\"rl-gallery-link\" data-rl_caption=\"Casa Landete \/ Destudio Arquitectura (\u00a9 Mar\u00eda Mira)\" data-rel=\"lightbox-gallery-1\"><img loading=\"lazy\" decoding=\"async\" width=\"150\" height=\"150\" src=\"https:\/\/www.arquimaster.com.ar\/web\/wp-content\/uploads\/2022\/11\/casa_landete_27-150x150.jpg\" class=\"attachment-thumbnail size-thumbnail\" alt=\"Casa Landete \/ Destudio Arquitectura\" aria-describedby=\"gallery-1-73339\" \/><\/a>\n\t\t\t<\/div>\n\t\t\t\t<figcaption class='wp-caption-text gallery-caption' id='gallery-1-73339'>\n\t\t\t\tCasa Landete \/ Destudio Arquitectura (\u00a9 Mar\u00eda Mira)\n\t\t\t\t<\/figcaption><\/figure><figure class='gallery-item'>\n\t\t\t<div class='gallery-icon portrait'>\n\t\t\t\t<a href='https:\/\/www.arquimaster.com.ar\/web\/wp-content\/uploads\/2022\/11\/casa_landete_28.jpg' title=\"Casa Landete \/ Destudio Arquitectura (\u00a9 Mar\u00eda Mira)\" data-rl_title=\"Casa Landete \/ Destudio Arquitectura (\u00a9 Mar\u00eda Mira)\" class=\"rl-gallery-link\" data-rl_caption=\"Casa Landete \/ Destudio Arquitectura (\u00a9 Mar\u00eda Mira)\" data-rel=\"lightbox-gallery-1\"><img loading=\"lazy\" decoding=\"async\" width=\"150\" height=\"150\" src=\"https:\/\/www.arquimaster.com.ar\/web\/wp-content\/uploads\/2022\/11\/casa_landete_28-150x150.jpg\" class=\"attachment-thumbnail size-thumbnail\" alt=\"Casa Landete \/ Destudio Arquitectura\" aria-describedby=\"gallery-1-73340\" \/><\/a>\n\t\t\t<\/div>\n\t\t\t\t<figcaption class='wp-caption-text gallery-caption' id='gallery-1-73340'>\n\t\t\t\tCasa Landete \/ Destudio Arquitectura (\u00a9 Mar\u00eda Mira)\n\t\t\t\t<\/figcaption><\/figure><figure class='gallery-item'>\n\t\t\t<div class='gallery-icon portrait'>\n\t\t\t\t<a href='https:\/\/www.arquimaster.com.ar\/web\/wp-content\/uploads\/2022\/11\/casa_landete_29.jpg' title=\"Casa Landete \/ Destudio Arquitectura (\u00a9 Mar\u00eda Mira)\" data-rl_title=\"Casa Landete \/ Destudio Arquitectura (\u00a9 Mar\u00eda Mira)\" class=\"rl-gallery-link\" data-rl_caption=\"Casa Landete \/ Destudio Arquitectura (\u00a9 Mar\u00eda Mira)\" data-rel=\"lightbox-gallery-1\"><img loading=\"lazy\" decoding=\"async\" width=\"150\" height=\"150\" src=\"https:\/\/www.arquimaster.com.ar\/web\/wp-content\/uploads\/2022\/11\/casa_landete_29-150x150.jpg\" class=\"attachment-thumbnail size-thumbnail\" alt=\"Casa Landete \/ Destudio Arquitectura\" aria-describedby=\"gallery-1-73341\" \/><\/a>\n\t\t\t<\/div>\n\t\t\t\t<figcaption class='wp-caption-text gallery-caption' id='gallery-1-73341'>\n\t\t\t\tCasa Landete \/ Destudio Arquitectura (\u00a9 Mar\u00eda Mira)\n\t\t\t\t<\/figcaption><\/figure><figure class='gallery-item'>\n\t\t\t<div class='gallery-icon landscape'>\n\t\t\t\t<a href='https:\/\/www.arquimaster.com.ar\/web\/wp-content\/uploads\/2022\/11\/casa_landete_30.jpg' title=\"Casa Landete \/ Destudio Arquitectura (planta)\" data-rl_title=\"Casa Landete \/ Destudio Arquitectura (planta)\" class=\"rl-gallery-link\" data-rl_caption=\"Casa Landete \/ Destudio Arquitectura (planta)\" data-rel=\"lightbox-gallery-1\"><img loading=\"lazy\" decoding=\"async\" width=\"150\" height=\"150\" src=\"https:\/\/www.arquimaster.com.ar\/web\/wp-content\/uploads\/2022\/11\/casa_landete_30-150x150.jpg\" class=\"attachment-thumbnail size-thumbnail\" alt=\"Casa Landete \/ Destudio Arquitectura\" aria-describedby=\"gallery-1-73342\" \/><\/a>\n\t\t\t<\/div>\n\t\t\t\t<figcaption class='wp-caption-text gallery-caption' id='gallery-1-73342'>\n\t\t\t\tCasa Landete \/ Destudio Arquitectura (planta)\n\t\t\t\t<\/figcaption><\/figure>\n\t\t<\/div>\n\n<p>Cont\u00e1bamos con una hoja en blanco de unos 136 m2, espacio m\u00e1s que suficiente para dise\u00f1ar una vivienda moderna y cubrir las necesidades de los clientes. El volumen de la casa ha permitido al equipo de arquitectos dar sentido a cada uno de los espacios y jugar con una distribuci\u00f3n 100% funcional.<\/p>\n<p>Casa Landete nos da la bienvenida con un recibidor totalmente dise\u00f1ado a medida. Destaca el foseado en falso techo revestido de madera natural como en el resto de la vivienda.<\/p>\n<p>Precisamente uno de los elementos originales que se ha querido conservar han sido los techos de la zona de sal\u00f3n\/comedor de la casa. Se han restaurado con la intenci\u00f3n de preservar ese toque cl\u00e1sico de Casa Landete y acompa\u00f1ar as\u00ed al resto de dise\u00f1o interior.<\/p>\n<p>La cocina es una de las estancias m\u00e1s importante de los hogares de hoy en d\u00eda, saber integrarlas con el resto de la vivienda es fundamental. En este caso se ha apostado por la funcionalidad y comodidad. Predomina la mesa redonda perfectamente integrada con un pilar de hormig\u00f3n visto y con soporte de paliller\u00eda de madera.<\/p>\n<p>Otro de los elementos caracter\u00edsticos de la cocina son los fuegos integrados en la encimera, los cuales aportan sensaci\u00f3n de continuidad al espacio y no rompen la est\u00e9tica de la estancia sino que le a\u00f1aden ese punto innovador.<\/p>\n<p>Dicha cocina est\u00e1 separada del sal\u00f3n\/comedor con una puerta corredera de cristal y aluminio lacado en negro, as\u00ed conseguimos la entrada de luz natural y aportar sensaci\u00f3n de amplitud a todo el entorno.<\/p>\n<p>La zona de noche cuenta con un dormitorio principal con ba\u00f1o en suite. En dicho dormitorio se ha dise\u00f1ado un cabecero de obra con mesitas de noche integradas. Como toque \u00faltimo destacar el microcemento de la pared del cabecero.<\/p>\n<p>En el ba\u00f1o predomina la pared de ladrillo visto que se ha querido sacar a la luz y el resto de revestimiento de microcemento en paredes.<\/p>\n<p>En definitiva, este proyecto de reforma integral de vivienda representa el equilibrio de los materiales y el cuidado dise\u00f1o interior, el cual viste y da sentido de hogar a cada rinc\u00f3n.<\/p>\n\n\n<div style=\"height:20px\" aria-hidden=\"true\" class=\"wp-block-spacer\"><\/div>\n\n\n\n<p class=\"has-background\" style=\"background-color:#eaeaea\"><strong>Ficha t\u00e9cnica<\/strong><br>Nombre: Casa Landete<br>Ubicaci\u00f3n: Valencia, Espa\u00f1a<br>Arquitectura, dise\u00f1o y construcci\u00f3n: Destudio Arquitectura<br>Fotograf\u00edas: <a href=\"https:\/\/mariamira.es\/\" target=\"_blank\" rel=\"noreferrer noopener\">Mar\u00eda Mira<\/a><br><br><strong>Contacto<\/strong><br><a href=\"https:\/\/destudio.es\/\" target=\"_blank\" rel=\"noreferrer noopener\">https:\/\/destudio.es\/<\/a><\/p>\n\n\n\n<div style=\"height:40px\" aria-hidden=\"true\" class=\"wp-block-spacer\"><\/div>\n\n\n<p><strong>Acerca de Destudio Arquitectura<br><\/strong>Destudio somos un estudio de arquitectura, dise\u00f1o, construcci\u00f3n e interiorismo formado por un equipo multidisciplinar de profesionales que realizamos proyectos residenciales, de farmacias, de retail y de oficinas, entre otras especialidades, ubicados en diferentes ciudades. Enfocamos nuestros proyectos de arquitectura desde un compromiso no s\u00f3lo con la est\u00e9tica y la funcionalidad, sino tambi\u00e9n con la sostenibilidad y la econom\u00eda. Esto lo conseguimos haciendo una gesti\u00f3n \u00edntegra del proyecto, desde el dise\u00f1o, y cuidando de todo el proceso hasta la entrega final de la obra. Cada uno de nuestros proyectos debe adaptarse al entorno en el que debe existir y para ello nos auto-exigimos precisi\u00f3n en el dise\u00f1o e innovaci\u00f3n en nuevas tecnolog\u00edas y materiales, adem\u00e1s de una conciencia sostenible que debe estar reflejada no s\u00f3lo en el proceso de la obra, sino tambi\u00e9n en el resultado final. Contamos con un equipo propio de construcci\u00f3n y ejecuci\u00f3n integral de la obra para cuidar todos esos detalles y poder entregar el proyecto llave en mano. A ello le sumamos nuestro trabajo de interiorismo, centrado en el dise\u00f1o de mobiliario a medida y la definici\u00f3n de los proyectos hasta el \u00faltimo detalle. Todo ello es posible gracias a un capital humano que es la gran fuerza del estudio, con profesionales que disfrutan con la excelencia en su trabajo y vuelcan toda su ilusi\u00f3n en que se cumplan los objetivos de nuestros clientes.<\/p>\n<div style=\"font-size: 0px; height: 0px; line-height: 0px; margin: 0; padding: 0; clear: both;\"><\/div><div style=\"margin-top: 0px; margin-bottom: 0px;\" class=\"sharethis-inline-share-buttons\" ><\/div>","protected":false},"excerpt":{"rendered":"<p>Renovando lo cl\u00e1sico de este hogar del ensanche valenciano&#8230;<\/p>\n","protected":false},"author":1,"featured_media":73312,"comment_status":"closed","ping_status":"closed","sticky":false,"template":"","format":"standard","meta":{"_uag_custom_page_level_css":"","footnotes":""},"categories":[79,1],"tags":[5581,249,7048,7049,104,6485,1043,260],"class_list":["post-73311","post","type-post","status-publish","format-standard","has-post-thumbnail","hentry","category-departamentos","category-proyecto","tag-apartamento","tag-departamento","tag-destudio","tag-destudio-arquitectura","tag-espana","tag-reforma-de-apartamento","tag-reforma-de-vivienda","tag-valencia","generate-columns","tablet-grid-50","mobile-grid-100","grid-parent","grid-50"],"yoast_head":"<!-- This site is optimized with the Yoast SEO plugin v27.3 - https:\/\/yoast.com\/product\/yoast-seo-wordpress\/ -->\n<title>Casa Landete \/ Destudio Arquitectura - Arquimaster<\/title>\n<meta name=\"description\" content=\"Uni\u00f3n de lo cl\u00e1sico y renovado, mezcla que combina a la perfecci\u00f3n con la forma en que habitamos los hogares hoy en d\u00eda.\" \/>\n<meta name=\"robots\" content=\"index, follow, max-snippet:-1, max-image-preview:large, max-video-preview:-1\" \/>\n<link rel=\"canonical\" href=\"https:\/\/www.arquimaster.com.ar\/web\/casa-landete-destudio-arquitectura\/\" \/>\n<meta property=\"og:locale\" content=\"es_ES\" \/>\n<meta property=\"og:type\" content=\"article\" \/>\n<meta property=\"og:title\" content=\"Casa Landete \/ Destudio Arquitectura\" \/>\n<meta property=\"og:description\" content=\"Uni\u00f3n de lo cl\u00e1sico y renovado, mezcla que combina a la perfecci\u00f3n con la forma en que habitamos los hogares hoy en d\u00eda.\" \/>\n<meta property=\"og:url\" content=\"https:\/\/www.arquimaster.com.ar\/web\/casa-landete-destudio-arquitectura\/\" \/>\n<meta property=\"og:site_name\" content=\"Arquimaster\" \/>\n<meta property=\"article:publisher\" content=\"http:\/\/www.facebook.com\/ARQUIMASTER.com.ar\" \/>\n<meta property=\"article:published_time\" content=\"2022-11-17T21:32:30+00:00\" \/>\n<meta property=\"article:modified_time\" content=\"2023-03-10T17:46:16+00:00\" \/>\n<meta property=\"og:image\" content=\"https:\/\/www.arquimaster.com.ar\/web\/wp-content\/uploads\/2022\/11\/casa_landete_slide.jpg\" \/>\n\t<meta property=\"og:image:width\" content=\"698\" \/>\n\t<meta property=\"og:image:height\" content=\"364\" \/>\n\t<meta property=\"og:image:type\" content=\"image\/jpeg\" \/>\n<meta name=\"author\" content=\"Arquimaster\" \/>\n<meta name=\"twitter:card\" content=\"summary_large_image\" \/>\n<meta name=\"twitter:title\" content=\"Casa Landete \/ Destudio Arquitectura\" \/>\n<meta name=\"twitter:description\" content=\"Uni\u00f3n de lo cl\u00e1sico y renovado, mezcla que combina a la perfecci\u00f3n con la forma en que habitamos los hogares hoy en d\u00eda.\" \/>\n<meta name=\"twitter:image\" content=\"https:\/\/www.arquimaster.com.ar\/web\/wp-content\/uploads\/2022\/11\/casa_landete_slide.jpg\" \/>\n<meta name=\"twitter:creator\" content=\"@arquimaster\" \/>\n<meta name=\"twitter:site\" content=\"@arquimaster\" \/>\n<meta name=\"twitter:label1\" content=\"Escrito por\" \/>\n\t<meta name=\"twitter:data1\" content=\"Arquimaster\" \/>\n\t<meta name=\"twitter:label2\" content=\"Tiempo de lectura\" \/>\n\t<meta name=\"twitter:data2\" content=\"4 minutos\" \/>\n<script type=\"application\/ld+json\" class=\"yoast-schema-graph\">{\"@context\":\"https:\\\/\\\/schema.org\",\"@graph\":[{\"@type\":\"Article\",\"@id\":\"https:\\\/\\\/www.arquimaster.com.ar\\\/web\\\/casa-landete-destudio-arquitectura\\\/#article\",\"isPartOf\":{\"@id\":\"https:\\\/\\\/www.arquimaster.com.ar\\\/web\\\/casa-landete-destudio-arquitectura\\\/\"},\"author\":{\"name\":\"Arquimaster\",\"@id\":\"https:\\\/\\\/www.arquimaster.com.ar\\\/web\\\/#\\\/schema\\\/person\\\/359e9f7c00193fcde068e0dd2ceb0028\"},\"headline\":\"Casa Landete \\\/ Destudio Arquitectura\",\"datePublished\":\"2022-11-17T21:32:30+00:00\",\"dateModified\":\"2023-03-10T17:46:16+00:00\",\"mainEntityOfPage\":{\"@id\":\"https:\\\/\\\/www.arquimaster.com.ar\\\/web\\\/casa-landete-destudio-arquitectura\\\/\"},\"wordCount\":732,\"publisher\":{\"@id\":\"https:\\\/\\\/www.arquimaster.com.ar\\\/web\\\/#organization\"},\"image\":{\"@id\":\"https:\\\/\\\/www.arquimaster.com.ar\\\/web\\\/casa-landete-destudio-arquitectura\\\/#primaryimage\"},\"thumbnailUrl\":\"https:\\\/\\\/www.arquimaster.com.ar\\\/web\\\/wp-content\\\/uploads\\\/2022\\\/11\\\/casa_landete_slide.jpg\",\"keywords\":[\"apartamento\",\"departamento\",\"Destudio\",\"Destudio Arquitectura\",\"Espa\u00f1a\",\"reforma de apartamento\",\"reforma de vivienda\",\"Valencia\"],\"articleSection\":[\"Departamentos y Lofts\",\"Proyecto\"],\"inLanguage\":\"es\"},{\"@type\":\"WebPage\",\"@id\":\"https:\\\/\\\/www.arquimaster.com.ar\\\/web\\\/casa-landete-destudio-arquitectura\\\/\",\"url\":\"https:\\\/\\\/www.arquimaster.com.ar\\\/web\\\/casa-landete-destudio-arquitectura\\\/\",\"name\":\"Casa Landete \\\/ Destudio Arquitectura - Arquimaster\",\"isPartOf\":{\"@id\":\"https:\\\/\\\/www.arquimaster.com.ar\\\/web\\\/#website\"},\"primaryImageOfPage\":{\"@id\":\"https:\\\/\\\/www.arquimaster.com.ar\\\/web\\\/casa-landete-destudio-arquitectura\\\/#primaryimage\"},\"image\":{\"@id\":\"https:\\\/\\\/www.arquimaster.com.ar\\\/web\\\/casa-landete-destudio-arquitectura\\\/#primaryimage\"},\"thumbnailUrl\":\"https:\\\/\\\/www.arquimaster.com.ar\\\/web\\\/wp-content\\\/uploads\\\/2022\\\/11\\\/casa_landete_slide.jpg\",\"datePublished\":\"2022-11-17T21:32:30+00:00\",\"dateModified\":\"2023-03-10T17:46:16+00:00\",\"description\":\"Uni\u00f3n de lo cl\u00e1sico y renovado, mezcla que combina a la perfecci\u00f3n con la forma en que habitamos los hogares hoy en d\u00eda.\",\"breadcrumb\":{\"@id\":\"https:\\\/\\\/www.arquimaster.com.ar\\\/web\\\/casa-landete-destudio-arquitectura\\\/#breadcrumb\"},\"inLanguage\":\"es\",\"potentialAction\":[{\"@type\":\"ReadAction\",\"target\":[\"https:\\\/\\\/www.arquimaster.com.ar\\\/web\\\/casa-landete-destudio-arquitectura\\\/\"]}]},{\"@type\":\"ImageObject\",\"inLanguage\":\"es\",\"@id\":\"https:\\\/\\\/www.arquimaster.com.ar\\\/web\\\/casa-landete-destudio-arquitectura\\\/#primaryimage\",\"url\":\"https:\\\/\\\/www.arquimaster.com.ar\\\/web\\\/wp-content\\\/uploads\\\/2022\\\/11\\\/casa_landete_slide.jpg\",\"contentUrl\":\"https:\\\/\\\/www.arquimaster.com.ar\\\/web\\\/wp-content\\\/uploads\\\/2022\\\/11\\\/casa_landete_slide.jpg\",\"width\":698,\"height\":364,\"caption\":\"Casa Landete \\\/ Destudio Arquitectura\"},{\"@type\":\"BreadcrumbList\",\"@id\":\"https:\\\/\\\/www.arquimaster.com.ar\\\/web\\\/casa-landete-destudio-arquitectura\\\/#breadcrumb\",\"itemListElement\":[{\"@type\":\"ListItem\",\"position\":1,\"name\":\"Portada\",\"item\":\"https:\\\/\\\/www.arquimaster.com.ar\\\/web\\\/\"},{\"@type\":\"ListItem\",\"position\":2,\"name\":\"Casa Landete \\\/ Destudio Arquitectura\"}]},{\"@type\":\"WebSite\",\"@id\":\"https:\\\/\\\/www.arquimaster.com.ar\\\/web\\\/#website\",\"url\":\"https:\\\/\\\/www.arquimaster.com.ar\\\/web\\\/\",\"name\":\"Arquimaster\",\"description\":\"Web de arquitectura, dise\u00f1o y construccion\",\"publisher\":{\"@id\":\"https:\\\/\\\/www.arquimaster.com.ar\\\/web\\\/#organization\"},\"potentialAction\":[{\"@type\":\"SearchAction\",\"target\":{\"@type\":\"EntryPoint\",\"urlTemplate\":\"https:\\\/\\\/www.arquimaster.com.ar\\\/web\\\/?s={search_term_string}\"},\"query-input\":{\"@type\":\"PropertyValueSpecification\",\"valueRequired\":true,\"valueName\":\"search_term_string\"}}],\"inLanguage\":\"es\"},{\"@type\":\"Organization\",\"@id\":\"https:\\\/\\\/www.arquimaster.com.ar\\\/web\\\/#organization\",\"name\":\"Arquimaster\",\"url\":\"https:\\\/\\\/www.arquimaster.com.ar\\\/web\\\/\",\"logo\":{\"@type\":\"ImageObject\",\"inLanguage\":\"es\",\"@id\":\"https:\\\/\\\/www.arquimaster.com.ar\\\/web\\\/#\\\/schema\\\/logo\\\/image\\\/\",\"url\":\"https:\\\/\\\/www.arquimaster.com.ar\\\/web\\\/wp-content\\\/uploads\\\/2022\\\/06\\\/arquimaster.png\",\"contentUrl\":\"https:\\\/\\\/www.arquimaster.com.ar\\\/web\\\/wp-content\\\/uploads\\\/2022\\\/06\\\/arquimaster.png\",\"width\":594,\"height\":78,\"caption\":\"Arquimaster\"},\"image\":{\"@id\":\"https:\\\/\\\/www.arquimaster.com.ar\\\/web\\\/#\\\/schema\\\/logo\\\/image\\\/\"},\"sameAs\":[\"http:\\\/\\\/www.facebook.com\\\/ARQUIMASTER.com.ar\",\"https:\\\/\\\/x.com\\\/arquimaster\",\"https:\\\/\\\/www.instagram.com\\\/arquimasterblog\\\/\",\"https:\\\/\\\/www.linkedin.com\\\/company\\\/arquimaster\",\"https:\\\/\\\/www.pinterest.com\\\/arquimaster\",\"https:\\\/\\\/t.me\\\/arquimaster\"]},{\"@type\":\"Person\",\"@id\":\"https:\\\/\\\/www.arquimaster.com.ar\\\/web\\\/#\\\/schema\\\/person\\\/359e9f7c00193fcde068e0dd2ceb0028\",\"name\":\"Arquimaster\"}]}<\/script>\n<!-- \/ Yoast SEO plugin. -->","yoast_head_json":{"title":"Casa Landete \/ Destudio Arquitectura - Arquimaster","description":"Uni\u00f3n de lo cl\u00e1sico y renovado, mezcla que combina a la perfecci\u00f3n con la forma en que habitamos los hogares hoy en d\u00eda.","robots":{"index":"index","follow":"follow","max-snippet":"max-snippet:-1","max-image-preview":"max-image-preview:large","max-video-preview":"max-video-preview:-1"},"canonical":"https:\/\/www.arquimaster.com.ar\/web\/casa-landete-destudio-arquitectura\/","og_locale":"es_ES","og_type":"article","og_title":"Casa Landete \/ Destudio Arquitectura","og_description":"Uni\u00f3n de lo cl\u00e1sico y renovado, mezcla que combina a la perfecci\u00f3n con la forma en que habitamos los hogares hoy en d\u00eda.","og_url":"https:\/\/www.arquimaster.com.ar\/web\/casa-landete-destudio-arquitectura\/","og_site_name":"Arquimaster","article_publisher":"http:\/\/www.facebook.com\/ARQUIMASTER.com.ar","article_published_time":"2022-11-17T21:32:30+00:00","article_modified_time":"2023-03-10T17:46:16+00:00","og_image":[{"width":698,"height":364,"url":"https:\/\/www.arquimaster.com.ar\/web\/wp-content\/uploads\/2022\/11\/casa_landete_slide.jpg","type":"image\/jpeg"}],"author":"Arquimaster","twitter_card":"summary_large_image","twitter_title":"Casa Landete \/ Destudio Arquitectura","twitter_description":"Uni\u00f3n de lo cl\u00e1sico y renovado, mezcla que combina a la perfecci\u00f3n con la forma en que habitamos los hogares hoy en d\u00eda.","twitter_image":"https:\/\/www.arquimaster.com.ar\/web\/wp-content\/uploads\/2022\/11\/casa_landete_slide.jpg","twitter_creator":"@arquimaster","twitter_site":"@arquimaster","twitter_misc":{"Escrito por":"Arquimaster","Tiempo de lectura":"4 minutos"},"schema":{"@context":"https:\/\/schema.org","@graph":[{"@type":"Article","@id":"https:\/\/www.arquimaster.com.ar\/web\/casa-landete-destudio-arquitectura\/#article","isPartOf":{"@id":"https:\/\/www.arquimaster.com.ar\/web\/casa-landete-destudio-arquitectura\/"},"author":{"name":"Arquimaster","@id":"https:\/\/www.arquimaster.com.ar\/web\/#\/schema\/person\/359e9f7c00193fcde068e0dd2ceb0028"},"headline":"Casa Landete \/ Destudio Arquitectura","datePublished":"2022-11-17T21:32:30+00:00","dateModified":"2023-03-10T17:46:16+00:00","mainEntityOfPage":{"@id":"https:\/\/www.arquimaster.com.ar\/web\/casa-landete-destudio-arquitectura\/"},"wordCount":732,"publisher":{"@id":"https:\/\/www.arquimaster.com.ar\/web\/#organization"},"image":{"@id":"https:\/\/www.arquimaster.com.ar\/web\/casa-landete-destudio-arquitectura\/#primaryimage"},"thumbnailUrl":"https:\/\/www.arquimaster.com.ar\/web\/wp-content\/uploads\/2022\/11\/casa_landete_slide.jpg","keywords":["apartamento","departamento","Destudio","Destudio Arquitectura","Espa\u00f1a","reforma de apartamento","reforma de vivienda","Valencia"],"articleSection":["Departamentos y Lofts","Proyecto"],"inLanguage":"es"},{"@type":"WebPage","@id":"https:\/\/www.arquimaster.com.ar\/web\/casa-landete-destudio-arquitectura\/","url":"https:\/\/www.arquimaster.com.ar\/web\/casa-landete-destudio-arquitectura\/","name":"Casa Landete \/ Destudio Arquitectura - Arquimaster","isPartOf":{"@id":"https:\/\/www.arquimaster.com.ar\/web\/#website"},"primaryImageOfPage":{"@id":"https:\/\/www.arquimaster.com.ar\/web\/casa-landete-destudio-arquitectura\/#primaryimage"},"image":{"@id":"https:\/\/www.arquimaster.com.ar\/web\/casa-landete-destudio-arquitectura\/#primaryimage"},"thumbnailUrl":"https:\/\/www.arquimaster.com.ar\/web\/wp-content\/uploads\/2022\/11\/casa_landete_slide.jpg","datePublished":"2022-11-17T21:32:30+00:00","dateModified":"2023-03-10T17:46:16+00:00","description":"Uni\u00f3n de lo cl\u00e1sico y renovado, mezcla que combina a la perfecci\u00f3n con la forma en que habitamos los hogares hoy en d\u00eda.","breadcrumb":{"@id":"https:\/\/www.arquimaster.com.ar\/web\/casa-landete-destudio-arquitectura\/#breadcrumb"},"inLanguage":"es","potentialAction":[{"@type":"ReadAction","target":["https:\/\/www.arquimaster.com.ar\/web\/casa-landete-destudio-arquitectura\/"]}]},{"@type":"ImageObject","inLanguage":"es","@id":"https:\/\/www.arquimaster.com.ar\/web\/casa-landete-destudio-arquitectura\/#primaryimage","url":"https:\/\/www.arquimaster.com.ar\/web\/wp-content\/uploads\/2022\/11\/casa_landete_slide.jpg","contentUrl":"https:\/\/www.arquimaster.com.ar\/web\/wp-content\/uploads\/2022\/11\/casa_landete_slide.jpg","width":698,"height":364,"caption":"Casa Landete \/ Destudio Arquitectura"},{"@type":"BreadcrumbList","@id":"https:\/\/www.arquimaster.com.ar\/web\/casa-landete-destudio-arquitectura\/#breadcrumb","itemListElement":[{"@type":"ListItem","position":1,"name":"Portada","item":"https:\/\/www.arquimaster.com.ar\/web\/"},{"@type":"ListItem","position":2,"name":"Casa Landete \/ Destudio Arquitectura"}]},{"@type":"WebSite","@id":"https:\/\/www.arquimaster.com.ar\/web\/#website","url":"https:\/\/www.arquimaster.com.ar\/web\/","name":"Arquimaster","description":"Web de arquitectura, dise\u00f1o y construccion","publisher":{"@id":"https:\/\/www.arquimaster.com.ar\/web\/#organization"},"potentialAction":[{"@type":"SearchAction","target":{"@type":"EntryPoint","urlTemplate":"https:\/\/www.arquimaster.com.ar\/web\/?s={search_term_string}"},"query-input":{"@type":"PropertyValueSpecification","valueRequired":true,"valueName":"search_term_string"}}],"inLanguage":"es"},{"@type":"Organization","@id":"https:\/\/www.arquimaster.com.ar\/web\/#organization","name":"Arquimaster","url":"https:\/\/www.arquimaster.com.ar\/web\/","logo":{"@type":"ImageObject","inLanguage":"es","@id":"https:\/\/www.arquimaster.com.ar\/web\/#\/schema\/logo\/image\/","url":"https:\/\/www.arquimaster.com.ar\/web\/wp-content\/uploads\/2022\/06\/arquimaster.png","contentUrl":"https:\/\/www.arquimaster.com.ar\/web\/wp-content\/uploads\/2022\/06\/arquimaster.png","width":594,"height":78,"caption":"Arquimaster"},"image":{"@id":"https:\/\/www.arquimaster.com.ar\/web\/#\/schema\/logo\/image\/"},"sameAs":["http:\/\/www.facebook.com\/ARQUIMASTER.com.ar","https:\/\/x.com\/arquimaster","https:\/\/www.instagram.com\/arquimasterblog\/","https:\/\/www.linkedin.com\/company\/arquimaster","https:\/\/www.pinterest.com\/arquimaster","https:\/\/t.me\/arquimaster"]},{"@type":"Person","@id":"https:\/\/www.arquimaster.com.ar\/web\/#\/schema\/person\/359e9f7c00193fcde068e0dd2ceb0028","name":"Arquimaster"}]}},"uagb_featured_image_src":{"full":["https:\/\/www.arquimaster.com.ar\/web\/wp-content\/uploads\/2022\/11\/casa_landete_slide.jpg",698,364,false],"thumbnail":["https:\/\/www.arquimaster.com.ar\/web\/wp-content\/uploads\/2022\/11\/casa_landete_slide-150x150.jpg",150,150,true],"medium":["https:\/\/www.arquimaster.com.ar\/web\/wp-content\/uploads\/2022\/11\/casa_landete_slide.jpg",698,364,false],"medium_large":["https:\/\/www.arquimaster.com.ar\/web\/wp-content\/uploads\/2022\/11\/casa_landete_slide.jpg",698,364,false],"large":["https:\/\/www.arquimaster.com.ar\/web\/wp-content\/uploads\/2022\/11\/casa_landete_slide.jpg",698,364,false],"1536x1536":["https:\/\/www.arquimaster.com.ar\/web\/wp-content\/uploads\/2022\/11\/casa_landete_slide.jpg",698,364,false],"2048x2048":["https:\/\/www.arquimaster.com.ar\/web\/wp-content\/uploads\/2022\/11\/casa_landete_slide.jpg",698,364,false]},"uagb_author_info":{"display_name":"Arquimaster","author_link":"https:\/\/www.arquimaster.com.ar\/web\/author\/arquimaster\/"},"uagb_comment_info":0,"uagb_excerpt":"Renovando lo cl\u00e1sico de este hogar del ensanche valenciano...","_links":{"self":[{"href":"https:\/\/www.arquimaster.com.ar\/web\/wp-json\/wp\/v2\/posts\/73311","targetHints":{"allow":["GET"]}}],"collection":[{"href":"https:\/\/www.arquimaster.com.ar\/web\/wp-json\/wp\/v2\/posts"}],"about":[{"href":"https:\/\/www.arquimaster.com.ar\/web\/wp-json\/wp\/v2\/types\/post"}],"author":[{"embeddable":true,"href":"https:\/\/www.arquimaster.com.ar\/web\/wp-json\/wp\/v2\/users\/1"}],"replies":[{"embeddable":true,"href":"https:\/\/www.arquimaster.com.ar\/web\/wp-json\/wp\/v2\/comments?post=73311"}],"version-history":[{"count":2,"href":"https:\/\/www.arquimaster.com.ar\/web\/wp-json\/wp\/v2\/posts\/73311\/revisions"}],"predecessor-version":[{"id":75239,"href":"https:\/\/www.arquimaster.com.ar\/web\/wp-json\/wp\/v2\/posts\/73311\/revisions\/75239"}],"wp:featuredmedia":[{"embeddable":true,"href":"https:\/\/www.arquimaster.com.ar\/web\/wp-json\/wp\/v2\/media\/73312"}],"wp:attachment":[{"href":"https:\/\/www.arquimaster.com.ar\/web\/wp-json\/wp\/v2\/media?parent=73311"}],"wp:term":[{"taxonomy":"category","embeddable":true,"href":"https:\/\/www.arquimaster.com.ar\/web\/wp-json\/wp\/v2\/categories?post=73311"},{"taxonomy":"post_tag","embeddable":true,"href":"https:\/\/www.arquimaster.com.ar\/web\/wp-json\/wp\/v2\/tags?post=73311"}],"curies":[{"name":"wp","href":"https:\/\/api.w.org\/{rel}","templated":true}]}}