{"id":73845,"date":"2022-12-19T18:14:37","date_gmt":"2022-12-19T21:14:37","guid":{"rendered":"https:\/\/www.arquimaster.com.ar\/web\/?p=73845"},"modified":"2023-03-30T12:18:50","modified_gmt":"2023-03-30T15:18:50","slug":"vivienda-estvell-arq","status":"publish","type":"post","link":"https:\/\/www.arquimaster.com.ar\/web\/vivienda-estvell-arq\/","title":{"rendered":"Vivienda Estvell \/ Arq+"},"content":{"rendered":"<div style=\"margin-top: 0px; margin-bottom: 0px;\" class=\"sharethis-inline-share-buttons\" ><\/div><div class=\"b812932af2e751442846f039925109de\" data-index=\"1\" style=\"float: none; margin:25px 0 25px 0; text-align:center;\">\n<script async src=\"https:\/\/pagead2.googlesyndication.com\/pagead\/js\/adsbygoogle.js\"><\/script>\r\n<!-- Arquimaster (superior) -->\r\n<ins class=\"adsbygoogle\"\r\n     style=\"display:block\"\r\n     data-ad-client=\"ca-pub-6351072698456832\"\r\n     data-ad-slot=\"6455489680\"\r\n     data-ad-format=\"auto\"\r\n     data-full-width-responsive=\"true\"><\/ins>\r\n<script>\r\n     (adsbygoogle = window.adsbygoogle || []).push({});\r\n<\/script>\n<\/div>\n<p><strong>Vivienda Estvell<\/strong> (Barrio G\u00f3tico, Barcelona, Espa\u00f1a) por <strong>Arq+<\/strong> (Arq. Angel Rico Painceiras). Reforma de un piso frente a la Muralla Romana de Barcelona. Situado en el Barrio G\u00f3tico de Barcelona, el proyecto transforma una vivienda acondicionada para un pianista en una vivienda con un programa adaptable donde conviven dos adultos y una ni\u00f1a.<\/p>\n<div id='gallery-1' class='gallery galleryid-73845 gallery-columns-3 gallery-size-thumbnail'><figure class='gallery-item'>\n\t\t\t<div class='gallery-icon landscape'>\n\t\t\t\t<a href='https:\/\/www.arquimaster.com.ar\/web\/wp-content\/uploads\/2022\/12\/vivienda_estvell_1.jpg' title=\"Vivienda Estvell \/ Arq+ (\u00a9 Roberto Feijoo)\" data-rl_title=\"Vivienda Estvell \/ Arq+ (\u00a9 Roberto Feijoo)\" class=\"rl-gallery-link\" data-rl_caption=\"Vivienda Estvell \/ Arq+ (\u00a9 Roberto Feijoo)\" data-rel=\"lightbox-gallery-1\"><img loading=\"lazy\" decoding=\"async\" width=\"150\" height=\"150\" src=\"https:\/\/www.arquimaster.com.ar\/web\/wp-content\/uploads\/2022\/12\/vivienda_estvell_1-150x150.jpg\" class=\"attachment-thumbnail size-thumbnail\" alt=\"Vivienda Estvell \/ Arq+\" aria-describedby=\"gallery-1-73847\" \/><\/a>\n\t\t\t<\/div>\n\t\t\t\t<figcaption class='wp-caption-text gallery-caption' id='gallery-1-73847'>\n\t\t\t\tVivienda Estvell \/ Arq+ (\u00a9 Roberto Feijoo)\n\t\t\t\t<\/figcaption><\/figure><figure class='gallery-item'>\n\t\t\t<div class='gallery-icon landscape'>\n\t\t\t\t<a href='https:\/\/www.arquimaster.com.ar\/web\/wp-content\/uploads\/2022\/12\/vivienda_estvell_2.jpg' title=\"Vivienda Estvell \/ Arq+ (\u00a9 Roberto Feijoo)\" data-rl_title=\"Vivienda Estvell \/ Arq+ (\u00a9 Roberto Feijoo)\" class=\"rl-gallery-link\" data-rl_caption=\"Vivienda Estvell \/ Arq+ (\u00a9 Roberto Feijoo)\" data-rel=\"lightbox-gallery-1\"><img loading=\"lazy\" decoding=\"async\" width=\"150\" height=\"150\" src=\"https:\/\/www.arquimaster.com.ar\/web\/wp-content\/uploads\/2022\/12\/vivienda_estvell_2-150x150.jpg\" class=\"attachment-thumbnail size-thumbnail\" alt=\"Vivienda Estvell \/ Arq+\" aria-describedby=\"gallery-1-73848\" \/><\/a>\n\t\t\t<\/div>\n\t\t\t\t<figcaption class='wp-caption-text gallery-caption' id='gallery-1-73848'>\n\t\t\t\tVivienda Estvell \/ Arq+ (\u00a9 Roberto Feijoo)\n\t\t\t\t<\/figcaption><\/figure><figure class='gallery-item'>\n\t\t\t<div class='gallery-icon landscape'>\n\t\t\t\t<a href='https:\/\/www.arquimaster.com.ar\/web\/wp-content\/uploads\/2022\/12\/vivienda_estvell_3.jpg' title=\"Vivienda Estvell \/ Arq+ (\u00a9 Roberto Feijoo)\" data-rl_title=\"Vivienda Estvell \/ Arq+ (\u00a9 Roberto Feijoo)\" class=\"rl-gallery-link\" data-rl_caption=\"Vivienda Estvell \/ Arq+ (\u00a9 Roberto Feijoo)\" data-rel=\"lightbox-gallery-1\"><img loading=\"lazy\" decoding=\"async\" width=\"150\" height=\"150\" src=\"https:\/\/www.arquimaster.com.ar\/web\/wp-content\/uploads\/2022\/12\/vivienda_estvell_3-150x150.jpg\" class=\"attachment-thumbnail size-thumbnail\" alt=\"Vivienda Estvell \/ Arq+\" aria-describedby=\"gallery-1-73849\" \/><\/a>\n\t\t\t<\/div>\n\t\t\t\t<figcaption class='wp-caption-text gallery-caption' id='gallery-1-73849'>\n\t\t\t\tVivienda Estvell \/ Arq+ (\u00a9 Roberto Feijoo)\n\t\t\t\t<\/figcaption><\/figure><figure class='gallery-item'>\n\t\t\t<div class='gallery-icon portrait'>\n\t\t\t\t<a href='https:\/\/www.arquimaster.com.ar\/web\/wp-content\/uploads\/2022\/12\/vivienda_estvell_4.jpg' title=\"Vivienda Estvell \/ Arq+ (\u00a9 Roberto Feijoo)\" data-rl_title=\"Vivienda Estvell \/ Arq+ (\u00a9 Roberto Feijoo)\" class=\"rl-gallery-link\" data-rl_caption=\"Vivienda Estvell \/ Arq+ (\u00a9 Roberto Feijoo)\" data-rel=\"lightbox-gallery-1\"><img loading=\"lazy\" decoding=\"async\" width=\"150\" height=\"150\" src=\"https:\/\/www.arquimaster.com.ar\/web\/wp-content\/uploads\/2022\/12\/vivienda_estvell_4-150x150.jpg\" class=\"attachment-thumbnail size-thumbnail\" alt=\"Vivienda Estvell \/ Arq+\" aria-describedby=\"gallery-1-73850\" \/><\/a>\n\t\t\t<\/div>\n\t\t\t\t<figcaption class='wp-caption-text gallery-caption' id='gallery-1-73850'>\n\t\t\t\tVivienda Estvell \/ Arq+ (\u00a9 Roberto Feijoo)\n\t\t\t\t<\/figcaption><\/figure><figure class='gallery-item'>\n\t\t\t<div class='gallery-icon portrait'>\n\t\t\t\t<a href='https:\/\/www.arquimaster.com.ar\/web\/wp-content\/uploads\/2022\/12\/vivienda_estvell_5.jpg' title=\"Vivienda Estvell \/ Arq+ (\u00a9 Roberto Feijoo)\" data-rl_title=\"Vivienda Estvell \/ Arq+ (\u00a9 Roberto Feijoo)\" class=\"rl-gallery-link\" data-rl_caption=\"Vivienda Estvell \/ Arq+ (\u00a9 Roberto Feijoo)\" data-rel=\"lightbox-gallery-1\"><img loading=\"lazy\" decoding=\"async\" width=\"150\" height=\"150\" src=\"https:\/\/www.arquimaster.com.ar\/web\/wp-content\/uploads\/2022\/12\/vivienda_estvell_5-150x150.jpg\" class=\"attachment-thumbnail size-thumbnail\" alt=\"Vivienda Estvell \/ Arq+\" aria-describedby=\"gallery-1-73851\" \/><\/a>\n\t\t\t<\/div>\n\t\t\t\t<figcaption class='wp-caption-text gallery-caption' id='gallery-1-73851'>\n\t\t\t\tVivienda Estvell \/ Arq+ (\u00a9 Roberto Feijoo)\n\t\t\t\t<\/figcaption><\/figure><figure class='gallery-item'>\n\t\t\t<div class='gallery-icon portrait'>\n\t\t\t\t<a href='https:\/\/www.arquimaster.com.ar\/web\/wp-content\/uploads\/2022\/12\/vivienda_estvell_6.jpg' title=\"Vivienda Estvell \/ Arq+ (\u00a9 Roberto Feijoo)\" data-rl_title=\"Vivienda Estvell \/ Arq+ (\u00a9 Roberto Feijoo)\" class=\"rl-gallery-link\" data-rl_caption=\"Vivienda Estvell \/ Arq+ (\u00a9 Roberto Feijoo)\" data-rel=\"lightbox-gallery-1\"><img loading=\"lazy\" decoding=\"async\" width=\"150\" height=\"150\" src=\"https:\/\/www.arquimaster.com.ar\/web\/wp-content\/uploads\/2022\/12\/vivienda_estvell_6-150x150.jpg\" class=\"attachment-thumbnail size-thumbnail\" alt=\"Vivienda Estvell \/ Arq+\" aria-describedby=\"gallery-1-73852\" \/><\/a>\n\t\t\t<\/div>\n\t\t\t\t<figcaption class='wp-caption-text gallery-caption' id='gallery-1-73852'>\n\t\t\t\tVivienda Estvell \/ Arq+ (\u00a9 Roberto Feijoo)\n\t\t\t\t<\/figcaption><\/figure><figure class='gallery-item'>\n\t\t\t<div class='gallery-icon portrait'>\n\t\t\t\t<a href='https:\/\/www.arquimaster.com.ar\/web\/wp-content\/uploads\/2022\/12\/vivienda_estvell_7.jpg' title=\"Vivienda Estvell \/ Arq+ (\u00a9 Roberto Feijoo)\" data-rl_title=\"Vivienda Estvell \/ Arq+ (\u00a9 Roberto Feijoo)\" class=\"rl-gallery-link\" data-rl_caption=\"Vivienda Estvell \/ Arq+ (\u00a9 Roberto Feijoo)\" data-rel=\"lightbox-gallery-1\"><img loading=\"lazy\" decoding=\"async\" width=\"150\" height=\"150\" src=\"https:\/\/www.arquimaster.com.ar\/web\/wp-content\/uploads\/2022\/12\/vivienda_estvell_7-150x150.jpg\" class=\"attachment-thumbnail size-thumbnail\" alt=\"Vivienda Estvell \/ Arq+\" aria-describedby=\"gallery-1-73853\" \/><\/a>\n\t\t\t<\/div>\n\t\t\t\t<figcaption class='wp-caption-text gallery-caption' id='gallery-1-73853'>\n\t\t\t\tVivienda Estvell \/ Arq+ (\u00a9 Roberto Feijoo)\n\t\t\t\t<\/figcaption><\/figure><figure class='gallery-item'>\n\t\t\t<div class='gallery-icon portrait'>\n\t\t\t\t<a href='https:\/\/www.arquimaster.com.ar\/web\/wp-content\/uploads\/2022\/12\/vivienda_estvell_8.jpg' title=\"Vivienda Estvell \/ Arq+ (\u00a9 Roberto Feijoo)\" data-rl_title=\"Vivienda Estvell \/ Arq+ (\u00a9 Roberto Feijoo)\" class=\"rl-gallery-link\" data-rl_caption=\"Vivienda Estvell \/ Arq+ (\u00a9 Roberto Feijoo)\" data-rel=\"lightbox-gallery-1\"><img loading=\"lazy\" decoding=\"async\" width=\"150\" height=\"150\" src=\"https:\/\/www.arquimaster.com.ar\/web\/wp-content\/uploads\/2022\/12\/vivienda_estvell_8-150x150.jpg\" class=\"attachment-thumbnail size-thumbnail\" alt=\"Vivienda Estvell \/ Arq+\" aria-describedby=\"gallery-1-73854\" \/><\/a>\n\t\t\t<\/div>\n\t\t\t\t<figcaption class='wp-caption-text gallery-caption' id='gallery-1-73854'>\n\t\t\t\tVivienda Estvell \/ Arq+ (\u00a9 Roberto Feijoo)\n\t\t\t\t<\/figcaption><\/figure><figure class='gallery-item'>\n\t\t\t<div class='gallery-icon portrait'>\n\t\t\t\t<a href='https:\/\/www.arquimaster.com.ar\/web\/wp-content\/uploads\/2022\/12\/vivienda_estvell_9.jpg' title=\"Vivienda Estvell \/ Arq+ (\u00a9 Roberto Feijoo)\" data-rl_title=\"Vivienda Estvell \/ Arq+ (\u00a9 Roberto Feijoo)\" class=\"rl-gallery-link\" data-rl_caption=\"Vivienda Estvell \/ Arq+ (\u00a9 Roberto Feijoo)\" data-rel=\"lightbox-gallery-1\"><img loading=\"lazy\" decoding=\"async\" width=\"150\" height=\"150\" src=\"https:\/\/www.arquimaster.com.ar\/web\/wp-content\/uploads\/2022\/12\/vivienda_estvell_9-150x150.jpg\" class=\"attachment-thumbnail size-thumbnail\" alt=\"Vivienda Estvell \/ Arq+\" aria-describedby=\"gallery-1-73855\" \/><\/a>\n\t\t\t<\/div>\n\t\t\t\t<figcaption class='wp-caption-text gallery-caption' id='gallery-1-73855'>\n\t\t\t\tVivienda Estvell \/ Arq+ (\u00a9 Roberto Feijoo)\n\t\t\t\t<\/figcaption><\/figure><figure class='gallery-item'>\n\t\t\t<div class='gallery-icon portrait'>\n\t\t\t\t<a href='https:\/\/www.arquimaster.com.ar\/web\/wp-content\/uploads\/2022\/12\/vivienda_estvell_10.jpg' title=\"Vivienda Estvell \/ Arq+ (\u00a9 Roberto Feijoo)\" data-rl_title=\"Vivienda Estvell \/ Arq+ (\u00a9 Roberto Feijoo)\" class=\"rl-gallery-link\" data-rl_caption=\"Vivienda Estvell \/ Arq+ (\u00a9 Roberto Feijoo)\" data-rel=\"lightbox-gallery-1\"><img loading=\"lazy\" decoding=\"async\" width=\"150\" height=\"150\" src=\"https:\/\/www.arquimaster.com.ar\/web\/wp-content\/uploads\/2022\/12\/vivienda_estvell_10-150x150.jpg\" class=\"attachment-thumbnail size-thumbnail\" alt=\"Vivienda Estvell \/ Arq+\" aria-describedby=\"gallery-1-73856\" \/><\/a>\n\t\t\t<\/div>\n\t\t\t\t<figcaption class='wp-caption-text gallery-caption' id='gallery-1-73856'>\n\t\t\t\tVivienda Estvell \/ Arq+ (\u00a9 Roberto Feijoo)\n\t\t\t\t<\/figcaption><\/figure><figure class='gallery-item'>\n\t\t\t<div class='gallery-icon landscape'>\n\t\t\t\t<a href='https:\/\/www.arquimaster.com.ar\/web\/wp-content\/uploads\/2022\/12\/vivienda_estvell_11.jpg' title=\"Vivienda Estvell \/ Arq+ (\u00a9 Roberto Feijoo)\" data-rl_title=\"Vivienda Estvell \/ Arq+ (\u00a9 Roberto Feijoo)\" class=\"rl-gallery-link\" data-rl_caption=\"Vivienda Estvell \/ Arq+ (\u00a9 Roberto Feijoo)\" data-rel=\"lightbox-gallery-1\"><img loading=\"lazy\" decoding=\"async\" width=\"150\" height=\"150\" src=\"https:\/\/www.arquimaster.com.ar\/web\/wp-content\/uploads\/2022\/12\/vivienda_estvell_11-150x150.jpg\" class=\"attachment-thumbnail size-thumbnail\" alt=\"Vivienda Estvell \/ Arq+\" aria-describedby=\"gallery-1-73857\" \/><\/a>\n\t\t\t<\/div>\n\t\t\t\t<figcaption class='wp-caption-text gallery-caption' id='gallery-1-73857'>\n\t\t\t\tVivienda Estvell \/ Arq+ (\u00a9 Roberto Feijoo)\n\t\t\t\t<\/figcaption><\/figure><figure class='gallery-item'>\n\t\t\t<div class='gallery-icon landscape'>\n\t\t\t\t<a href='https:\/\/www.arquimaster.com.ar\/web\/wp-content\/uploads\/2022\/12\/vivienda_estvell_12.jpg' title=\"Vivienda Estvell \/ Arq+ (planta reformada)\" data-rl_title=\"Vivienda Estvell \/ Arq+ (planta reformada)\" class=\"rl-gallery-link\" data-rl_caption=\"Vivienda Estvell \/ Arq+ (planta reformada)\" data-rel=\"lightbox-gallery-1\"><img loading=\"lazy\" decoding=\"async\" width=\"150\" height=\"150\" src=\"https:\/\/www.arquimaster.com.ar\/web\/wp-content\/uploads\/2022\/12\/vivienda_estvell_12-150x150.jpg\" class=\"attachment-thumbnail size-thumbnail\" alt=\"Vivienda Estvell \/ Arq+\" aria-describedby=\"gallery-1-73858\" \/><\/a>\n\t\t\t<\/div>\n\t\t\t\t<figcaption class='wp-caption-text gallery-caption' id='gallery-1-73858'>\n\t\t\t\tVivienda Estvell \/ Arq+ (planta reformada)\n\t\t\t\t<\/figcaption><\/figure><figure class='gallery-item'>\n\t\t\t<div class='gallery-icon landscape'>\n\t\t\t\t<a href='https:\/\/www.arquimaster.com.ar\/web\/wp-content\/uploads\/2022\/12\/vivienda_estvell_13.jpg' title=\"Vivienda Estvell \/ Arq+ (planta estado original)\" data-rl_title=\"Vivienda Estvell \/ Arq+ (planta estado original)\" class=\"rl-gallery-link\" data-rl_caption=\"Vivienda Estvell \/ Arq+ (planta estado original)\" data-rel=\"lightbox-gallery-1\"><img loading=\"lazy\" decoding=\"async\" width=\"150\" height=\"150\" src=\"https:\/\/www.arquimaster.com.ar\/web\/wp-content\/uploads\/2022\/12\/vivienda_estvell_13-150x150.jpg\" class=\"attachment-thumbnail size-thumbnail\" alt=\"Vivienda Estvell \/ Arq+\" aria-describedby=\"gallery-1-73859\" \/><\/a>\n\t\t\t<\/div>\n\t\t\t\t<figcaption class='wp-caption-text gallery-caption' id='gallery-1-73859'>\n\t\t\t\tVivienda Estvell \/ Arq+ (planta estado original)\n\t\t\t\t<\/figcaption><\/figure><figure class='gallery-item'>\n\t\t\t<div class='gallery-icon portrait'>\n\t\t\t\t<a href='https:\/\/www.arquimaster.com.ar\/web\/wp-content\/uploads\/2022\/12\/vivienda_estvell_14.jpg' title=\"Vivienda Estvell \/ Arq+ (cortess)\" data-rl_title=\"Vivienda Estvell \/ Arq+ (cortess)\" class=\"rl-gallery-link\" data-rl_caption=\"Vivienda Estvell \/ Arq+ (cortess)\" data-rel=\"lightbox-gallery-1\"><img loading=\"lazy\" decoding=\"async\" width=\"150\" height=\"150\" src=\"https:\/\/www.arquimaster.com.ar\/web\/wp-content\/uploads\/2022\/12\/vivienda_estvell_14-150x150.jpg\" class=\"attachment-thumbnail size-thumbnail\" alt=\"Vivienda Estvell \/ Arq+\" aria-describedby=\"gallery-1-73860\" \/><\/a>\n\t\t\t<\/div>\n\t\t\t\t<figcaption class='wp-caption-text gallery-caption' id='gallery-1-73860'>\n\t\t\t\tVivienda Estvell \/ Arq+ (cortess)\n\t\t\t\t<\/figcaption><\/figure><figure class='gallery-item'>\n\t\t\t<div class='gallery-icon landscape'>\n\t\t\t\t<a href='https:\/\/www.arquimaster.com.ar\/web\/wp-content\/uploads\/2022\/12\/vivienda_estvell_15.jpg' title=\"Vivienda Estvell \/ Arq+\" data-rl_title=\"Vivienda Estvell \/ Arq+\" class=\"rl-gallery-link\" data-rl_caption=\"Vivienda Estvell \/ Arq+\" data-rel=\"lightbox-gallery-1\"><img loading=\"lazy\" decoding=\"async\" width=\"150\" height=\"150\" src=\"https:\/\/www.arquimaster.com.ar\/web\/wp-content\/uploads\/2022\/12\/vivienda_estvell_15-150x150.jpg\" class=\"attachment-thumbnail size-thumbnail\" alt=\"Vivienda Estvell \/ Arq+\" aria-describedby=\"gallery-1-73861\" \/><\/a>\n\t\t\t<\/div>\n\t\t\t\t<figcaption class='wp-caption-text gallery-caption' id='gallery-1-73861'>\n\t\t\t\tVivienda Estvell \/ Arq+\n\t\t\t\t<\/figcaption><\/figure><figure class='gallery-item'>\n\t\t\t<div class='gallery-icon landscape'>\n\t\t\t\t<a href='https:\/\/www.arquimaster.com.ar\/web\/wp-content\/uploads\/2022\/12\/vivienda_estvell_16.jpg' title=\"Vivienda Estvell \/ Arq+\" data-rl_title=\"Vivienda Estvell \/ Arq+\" class=\"rl-gallery-link\" data-rl_caption=\"Vivienda Estvell \/ Arq+\" data-rel=\"lightbox-gallery-1\"><img loading=\"lazy\" decoding=\"async\" width=\"150\" height=\"150\" src=\"https:\/\/www.arquimaster.com.ar\/web\/wp-content\/uploads\/2022\/12\/vivienda_estvell_16-150x150.jpg\" class=\"attachment-thumbnail size-thumbnail\" alt=\"Vivienda Estvell \/ Arq+\" aria-describedby=\"gallery-1-73862\" \/><\/a>\n\t\t\t<\/div>\n\t\t\t\t<figcaption class='wp-caption-text gallery-caption' id='gallery-1-73862'>\n\t\t\t\tVivienda Estvell \/ Arq+\n\t\t\t\t<\/figcaption><\/figure><figure class='gallery-item'>\n\t\t\t<div class='gallery-icon landscape'>\n\t\t\t\t<a href='https:\/\/www.arquimaster.com.ar\/web\/wp-content\/uploads\/2022\/12\/vivienda_estvell_17.jpg' title=\"Vivienda Estvell \/ Arq+\" data-rl_title=\"Vivienda Estvell \/ Arq+\" class=\"rl-gallery-link\" data-rl_caption=\"Vivienda Estvell \/ Arq+\" data-rel=\"lightbox-gallery-1\"><img loading=\"lazy\" decoding=\"async\" width=\"150\" height=\"150\" src=\"https:\/\/www.arquimaster.com.ar\/web\/wp-content\/uploads\/2022\/12\/vivienda_estvell_17-150x150.jpg\" class=\"attachment-thumbnail size-thumbnail\" alt=\"Vivienda Estvell \/ Arq+\" aria-describedby=\"gallery-1-73863\" \/><\/a>\n\t\t\t<\/div>\n\t\t\t\t<figcaption class='wp-caption-text gallery-caption' id='gallery-1-73863'>\n\t\t\t\tVivienda Estvell \/ Arq+\n\t\t\t\t<\/figcaption><\/figure>\n\t\t<\/div>\n\n<p>La vivienda dispone de una altura de 3,40 metros y est\u00e1 compartimentada por muros de carga de gran espesor. Cada uno de los tres espacios de la vivienda cuenta con una \u00fanica entrada de luz natural. El proyecto propone la construcci\u00f3n de un volumen transparente y un volumen de madera.<\/p>\n<p>El primer volumen aporta luz natural al dormitorio principal, el vestidor y el ba\u00f1o mientras que el segundo organiza el espacio central, resolviendo la cocina, un segundo ba\u00f1o, la sala de estar y un altillo-dormitorio.<\/p>\n<p>El espacio di\u00e1fano hacia la calle acoge el acceso a la vivienda, el comedor, el estudio y un segundo altillo. La altura libre disponible permite un trabajo en secci\u00f3n que aumenta la superficie disponible mediante la construcci\u00f3n de los altillos.<\/p>\n\n\n<div style=\"height:20px\" aria-hidden=\"true\" class=\"wp-block-spacer\"><\/div>\n\n\n\n<p class=\"has-background\" style=\"background-color:#eaeaea\"><strong>Ficha t\u00e9cnica<\/strong><br>Nombre: Vivienda Estvell<br>Ubicaci\u00f3n: Barrio G\u00f3tico, Barcelona, Espa\u00f1a<br>Despacho: Arq+<br>Arquitecto: Angel Rico Painceiras<br>Colaboradores: Carolo Losada Soto (E\u00b3 Arquitectos_Dise\u00f1o de estructuras)<br>Contratista principal: Drac Projectes i Construccions, S.L.<br>Carpintero madera: Perez Mora S.L.<br>Fotografias: Roberto Feijoo<br><br><strong>Contacto<\/strong><br><a href=\"https:\/\/www.arqmais.net\" target=\"_blank\" rel=\"noreferrer noopener\">https:\/\/www.arqmais.net<\/a><\/p>\n\n\n\n<div style=\"height:40px\" aria-hidden=\"true\" class=\"wp-block-spacer\"><\/div>\n\n\n<p><em><strong>English version<\/strong><\/em><\/p>\n<p><em><strong>Estvell Apartment<\/strong><\/em><br><em>Refurbishment of an apartment in the roman wall of Barcelona<\/em><\/p>\n<p><em>Located in the Gothic neighbourhood of Barcelona, the project transforms a flat originally owned by a pianist into an apartment where two adults and a child live together. The apartment is divided by thick load-bearing walls, and has a height of 3.40 meters. The project has three main living spaces, each of which with a single entrance of natural light. These spaces are articulated through a transparent volume and a wooden volume. The first volume brings natural light into the master bedroom, the dressing room and the bathroom. The second, in turn, organises the central space, and houses the kitchen, a second bathroom, the living room and a mezzanine bedroom. Finally, the hall, the dining room, the study and a second mezzanine are placed in an open-plan space overlooking the street. The high ceilings allowed us increasing the available surface thanks to the construction of two mezzanines.<\/em><\/p>\n\n\n<div style=\"height:40px\" aria-hidden=\"true\" class=\"wp-block-spacer\"><\/div>\n\n\n<p><em><strong>Vers\u00e3o em portugu\u00eas<\/strong><\/em><\/p>\n<p><em><strong>Vivenda Estvell<\/strong><\/em><br><em>Reforma de apartamento em frente da muralha romana de Barcelona<\/em><\/p>\n<p><em>Situado no Bairro G\u00f3tico de Barcelona, o projeto transforma um apartamento habilitado para um pianista em apartamento com programa adapt\u00e1vel onde convivem dois adultos e uma crian\u00e7a. O apartamento tem um p\u00e9 direito de 3,40 m. e est\u00e1 dividida por muros de carga de grande espessura. Cada um dos tr\u00eas espa\u00e7os da habita\u00e7\u00e3o tem uma \u00fanica entrada de luz natural. O projeto prop\u00f5e a constru\u00e7\u00e3o de um volume transparente e um volume de madeira. O primeiro volume fornece luz natural ao quarto principal, roupeiro e casa de banho, enquanto o segundo organiza o espa\u00e7o central, resolvendo a cozinha, uma segunda casa de banho, sala e quarto em mezanino. A altura livre dispon\u00edvel permite um trabalho em se\u00e7\u00e3o que aumenta a superf\u00edcie dispon\u00edvel mediante a constru\u00e7\u00e3on de mezaninos.<\/em><\/p>\n<div style=\"font-size: 0px; height: 0px; line-height: 0px; margin: 0; padding: 0; clear: both;\"><\/div><div style=\"margin-top: 0px; margin-bottom: 0px;\" class=\"sharethis-inline-share-buttons\" ><\/div>","protected":false},"excerpt":{"rendered":"<p>Reforma de un piso frente a la muralla romana en el Barrio G\u00f3tico de Barcelona&#8230;<\/p>\n","protected":false},"author":1,"featured_media":73846,"comment_status":"closed","ping_status":"closed","sticky":false,"template":"","format":"standard","meta":{"_uag_custom_page_level_css":"","footnotes":""},"categories":[79,1],"tags":[7342,7341,679,7596,104,6695,6485],"class_list":["post-73845","post","type-post","status-publish","format-standard","has-post-thumbnail","hentry","category-departamentos","category-proyecto","tag-angel-rico-painceiras","tag-arq","tag-barcelona","tag-barrio-gotico","tag-espana","tag-mini-apartamento","tag-reforma-de-apartamento","generate-columns","tablet-grid-50","mobile-grid-100","grid-parent","grid-50"],"yoast_head":"<!-- This site is optimized with the Yoast SEO plugin v27.3 - https:\/\/yoast.com\/product\/yoast-seo-wordpress\/ -->\n<title>Vivienda Estvell \/ Arq+ - Arquimaster<\/title>\n<meta name=\"description\" content=\"Reforma de un piso frente a la Muralla Romana en el Barrio G\u00f3tico de Barcelona.\" \/>\n<meta name=\"robots\" content=\"index, follow, max-snippet:-1, max-image-preview:large, max-video-preview:-1\" \/>\n<link rel=\"canonical\" href=\"https:\/\/www.arquimaster.com.ar\/web\/vivienda-estvell-arq\/\" \/>\n<meta property=\"og:locale\" content=\"es_ES\" \/>\n<meta property=\"og:type\" content=\"article\" \/>\n<meta property=\"og:title\" content=\"Vivienda Estvell \/ Arq+\" \/>\n<meta property=\"og:description\" content=\"Reforma de un piso frente a la Muralla Romana en el Barrio G\u00f3tico de Barcelona.\" \/>\n<meta property=\"og:url\" content=\"https:\/\/www.arquimaster.com.ar\/web\/vivienda-estvell-arq\/\" \/>\n<meta property=\"og:site_name\" content=\"Arquimaster\" \/>\n<meta property=\"article:publisher\" content=\"http:\/\/www.facebook.com\/ARQUIMASTER.com.ar\" \/>\n<meta property=\"article:published_time\" content=\"2022-12-19T21:14:37+00:00\" \/>\n<meta property=\"article:modified_time\" content=\"2023-03-30T15:18:50+00:00\" \/>\n<meta property=\"og:image\" content=\"https:\/\/www.arquimaster.com.ar\/web\/wp-content\/uploads\/2022\/12\/vivienda_estvell_slide.jpg\" \/>\n\t<meta property=\"og:image:width\" content=\"698\" \/>\n\t<meta property=\"og:image:height\" content=\"364\" \/>\n\t<meta property=\"og:image:type\" content=\"image\/jpeg\" \/>\n<meta name=\"author\" content=\"Arquimaster\" \/>\n<meta name=\"twitter:card\" content=\"summary_large_image\" \/>\n<meta name=\"twitter:title\" content=\"Vivienda Estvell \/ Arq+\" \/>\n<meta name=\"twitter:description\" content=\"Reforma de un piso frente a la Muralla Romana en el Barrio G\u00f3tico de Barcelona.\" \/>\n<meta name=\"twitter:image\" content=\"https:\/\/www.arquimaster.com.ar\/web\/wp-content\/uploads\/2022\/12\/vivienda_estvell_slide.jpg\" \/>\n<meta name=\"twitter:creator\" content=\"@arquimaster\" \/>\n<meta name=\"twitter:site\" content=\"@arquimaster\" \/>\n<meta name=\"twitter:label1\" content=\"Escrito por\" \/>\n\t<meta name=\"twitter:data1\" content=\"Arquimaster\" \/>\n\t<meta name=\"twitter:label2\" content=\"Tiempo de lectura\" \/>\n\t<meta name=\"twitter:data2\" content=\"3 minutos\" \/>\n<script type=\"application\/ld+json\" class=\"yoast-schema-graph\">{\"@context\":\"https:\\\/\\\/schema.org\",\"@graph\":[{\"@type\":\"Article\",\"@id\":\"https:\\\/\\\/www.arquimaster.com.ar\\\/web\\\/vivienda-estvell-arq\\\/#article\",\"isPartOf\":{\"@id\":\"https:\\\/\\\/www.arquimaster.com.ar\\\/web\\\/vivienda-estvell-arq\\\/\"},\"author\":{\"name\":\"Arquimaster\",\"@id\":\"https:\\\/\\\/www.arquimaster.com.ar\\\/web\\\/#\\\/schema\\\/person\\\/359e9f7c00193fcde068e0dd2ceb0028\"},\"headline\":\"Vivienda Estvell \\\/ Arq+\",\"datePublished\":\"2022-12-19T21:14:37+00:00\",\"dateModified\":\"2023-03-30T15:18:50+00:00\",\"mainEntityOfPage\":{\"@id\":\"https:\\\/\\\/www.arquimaster.com.ar\\\/web\\\/vivienda-estvell-arq\\\/\"},\"wordCount\":560,\"publisher\":{\"@id\":\"https:\\\/\\\/www.arquimaster.com.ar\\\/web\\\/#organization\"},\"image\":{\"@id\":\"https:\\\/\\\/www.arquimaster.com.ar\\\/web\\\/vivienda-estvell-arq\\\/#primaryimage\"},\"thumbnailUrl\":\"https:\\\/\\\/www.arquimaster.com.ar\\\/web\\\/wp-content\\\/uploads\\\/2022\\\/12\\\/vivienda_estvell_slide.jpg\",\"keywords\":[\"Angel Rico Painceiras\",\"Arq+\",\"Barcelona\",\"Barrio G\u00f3tico\",\"Espa\u00f1a\",\"mini apartamento\",\"reforma de apartamento\"],\"articleSection\":[\"Departamentos y Lofts\",\"Proyecto\"],\"inLanguage\":\"es\"},{\"@type\":\"WebPage\",\"@id\":\"https:\\\/\\\/www.arquimaster.com.ar\\\/web\\\/vivienda-estvell-arq\\\/\",\"url\":\"https:\\\/\\\/www.arquimaster.com.ar\\\/web\\\/vivienda-estvell-arq\\\/\",\"name\":\"Vivienda Estvell \\\/ Arq+ - Arquimaster\",\"isPartOf\":{\"@id\":\"https:\\\/\\\/www.arquimaster.com.ar\\\/web\\\/#website\"},\"primaryImageOfPage\":{\"@id\":\"https:\\\/\\\/www.arquimaster.com.ar\\\/web\\\/vivienda-estvell-arq\\\/#primaryimage\"},\"image\":{\"@id\":\"https:\\\/\\\/www.arquimaster.com.ar\\\/web\\\/vivienda-estvell-arq\\\/#primaryimage\"},\"thumbnailUrl\":\"https:\\\/\\\/www.arquimaster.com.ar\\\/web\\\/wp-content\\\/uploads\\\/2022\\\/12\\\/vivienda_estvell_slide.jpg\",\"datePublished\":\"2022-12-19T21:14:37+00:00\",\"dateModified\":\"2023-03-30T15:18:50+00:00\",\"description\":\"Reforma de un piso frente a la Muralla Romana en el Barrio G\u00f3tico de Barcelona.\",\"breadcrumb\":{\"@id\":\"https:\\\/\\\/www.arquimaster.com.ar\\\/web\\\/vivienda-estvell-arq\\\/#breadcrumb\"},\"inLanguage\":\"es\",\"potentialAction\":[{\"@type\":\"ReadAction\",\"target\":[\"https:\\\/\\\/www.arquimaster.com.ar\\\/web\\\/vivienda-estvell-arq\\\/\"]}]},{\"@type\":\"ImageObject\",\"inLanguage\":\"es\",\"@id\":\"https:\\\/\\\/www.arquimaster.com.ar\\\/web\\\/vivienda-estvell-arq\\\/#primaryimage\",\"url\":\"https:\\\/\\\/www.arquimaster.com.ar\\\/web\\\/wp-content\\\/uploads\\\/2022\\\/12\\\/vivienda_estvell_slide.jpg\",\"contentUrl\":\"https:\\\/\\\/www.arquimaster.com.ar\\\/web\\\/wp-content\\\/uploads\\\/2022\\\/12\\\/vivienda_estvell_slide.jpg\",\"width\":698,\"height\":364,\"caption\":\"Vivienda Estvell \\\/ Arq+\"},{\"@type\":\"BreadcrumbList\",\"@id\":\"https:\\\/\\\/www.arquimaster.com.ar\\\/web\\\/vivienda-estvell-arq\\\/#breadcrumb\",\"itemListElement\":[{\"@type\":\"ListItem\",\"position\":1,\"name\":\"Portada\",\"item\":\"https:\\\/\\\/www.arquimaster.com.ar\\\/web\\\/\"},{\"@type\":\"ListItem\",\"position\":2,\"name\":\"Vivienda Estvell \\\/ Arq+\"}]},{\"@type\":\"WebSite\",\"@id\":\"https:\\\/\\\/www.arquimaster.com.ar\\\/web\\\/#website\",\"url\":\"https:\\\/\\\/www.arquimaster.com.ar\\\/web\\\/\",\"name\":\"Arquimaster\",\"description\":\"Web de arquitectura, dise\u00f1o y construccion\",\"publisher\":{\"@id\":\"https:\\\/\\\/www.arquimaster.com.ar\\\/web\\\/#organization\"},\"potentialAction\":[{\"@type\":\"SearchAction\",\"target\":{\"@type\":\"EntryPoint\",\"urlTemplate\":\"https:\\\/\\\/www.arquimaster.com.ar\\\/web\\\/?s={search_term_string}\"},\"query-input\":{\"@type\":\"PropertyValueSpecification\",\"valueRequired\":true,\"valueName\":\"search_term_string\"}}],\"inLanguage\":\"es\"},{\"@type\":\"Organization\",\"@id\":\"https:\\\/\\\/www.arquimaster.com.ar\\\/web\\\/#organization\",\"name\":\"Arquimaster\",\"url\":\"https:\\\/\\\/www.arquimaster.com.ar\\\/web\\\/\",\"logo\":{\"@type\":\"ImageObject\",\"inLanguage\":\"es\",\"@id\":\"https:\\\/\\\/www.arquimaster.com.ar\\\/web\\\/#\\\/schema\\\/logo\\\/image\\\/\",\"url\":\"https:\\\/\\\/www.arquimaster.com.ar\\\/web\\\/wp-content\\\/uploads\\\/2022\\\/06\\\/arquimaster.png\",\"contentUrl\":\"https:\\\/\\\/www.arquimaster.com.ar\\\/web\\\/wp-content\\\/uploads\\\/2022\\\/06\\\/arquimaster.png\",\"width\":594,\"height\":78,\"caption\":\"Arquimaster\"},\"image\":{\"@id\":\"https:\\\/\\\/www.arquimaster.com.ar\\\/web\\\/#\\\/schema\\\/logo\\\/image\\\/\"},\"sameAs\":[\"http:\\\/\\\/www.facebook.com\\\/ARQUIMASTER.com.ar\",\"https:\\\/\\\/x.com\\\/arquimaster\",\"https:\\\/\\\/www.instagram.com\\\/arquimasterblog\\\/\",\"https:\\\/\\\/www.linkedin.com\\\/company\\\/arquimaster\",\"https:\\\/\\\/www.pinterest.com\\\/arquimaster\",\"https:\\\/\\\/t.me\\\/arquimaster\"]},{\"@type\":\"Person\",\"@id\":\"https:\\\/\\\/www.arquimaster.com.ar\\\/web\\\/#\\\/schema\\\/person\\\/359e9f7c00193fcde068e0dd2ceb0028\",\"name\":\"Arquimaster\"}]}<\/script>\n<!-- \/ Yoast SEO plugin. -->","yoast_head_json":{"title":"Vivienda Estvell \/ Arq+ - Arquimaster","description":"Reforma de un piso frente a la Muralla Romana en el Barrio G\u00f3tico de Barcelona.","robots":{"index":"index","follow":"follow","max-snippet":"max-snippet:-1","max-image-preview":"max-image-preview:large","max-video-preview":"max-video-preview:-1"},"canonical":"https:\/\/www.arquimaster.com.ar\/web\/vivienda-estvell-arq\/","og_locale":"es_ES","og_type":"article","og_title":"Vivienda Estvell \/ Arq+","og_description":"Reforma de un piso frente a la Muralla Romana en el Barrio G\u00f3tico de Barcelona.","og_url":"https:\/\/www.arquimaster.com.ar\/web\/vivienda-estvell-arq\/","og_site_name":"Arquimaster","article_publisher":"http:\/\/www.facebook.com\/ARQUIMASTER.com.ar","article_published_time":"2022-12-19T21:14:37+00:00","article_modified_time":"2023-03-30T15:18:50+00:00","og_image":[{"width":698,"height":364,"url":"https:\/\/www.arquimaster.com.ar\/web\/wp-content\/uploads\/2022\/12\/vivienda_estvell_slide.jpg","type":"image\/jpeg"}],"author":"Arquimaster","twitter_card":"summary_large_image","twitter_title":"Vivienda Estvell \/ Arq+","twitter_description":"Reforma de un piso frente a la Muralla Romana en el Barrio G\u00f3tico de Barcelona.","twitter_image":"https:\/\/www.arquimaster.com.ar\/web\/wp-content\/uploads\/2022\/12\/vivienda_estvell_slide.jpg","twitter_creator":"@arquimaster","twitter_site":"@arquimaster","twitter_misc":{"Escrito por":"Arquimaster","Tiempo de lectura":"3 minutos"},"schema":{"@context":"https:\/\/schema.org","@graph":[{"@type":"Article","@id":"https:\/\/www.arquimaster.com.ar\/web\/vivienda-estvell-arq\/#article","isPartOf":{"@id":"https:\/\/www.arquimaster.com.ar\/web\/vivienda-estvell-arq\/"},"author":{"name":"Arquimaster","@id":"https:\/\/www.arquimaster.com.ar\/web\/#\/schema\/person\/359e9f7c00193fcde068e0dd2ceb0028"},"headline":"Vivienda Estvell \/ Arq+","datePublished":"2022-12-19T21:14:37+00:00","dateModified":"2023-03-30T15:18:50+00:00","mainEntityOfPage":{"@id":"https:\/\/www.arquimaster.com.ar\/web\/vivienda-estvell-arq\/"},"wordCount":560,"publisher":{"@id":"https:\/\/www.arquimaster.com.ar\/web\/#organization"},"image":{"@id":"https:\/\/www.arquimaster.com.ar\/web\/vivienda-estvell-arq\/#primaryimage"},"thumbnailUrl":"https:\/\/www.arquimaster.com.ar\/web\/wp-content\/uploads\/2022\/12\/vivienda_estvell_slide.jpg","keywords":["Angel Rico Painceiras","Arq+","Barcelona","Barrio G\u00f3tico","Espa\u00f1a","mini apartamento","reforma de apartamento"],"articleSection":["Departamentos y Lofts","Proyecto"],"inLanguage":"es"},{"@type":"WebPage","@id":"https:\/\/www.arquimaster.com.ar\/web\/vivienda-estvell-arq\/","url":"https:\/\/www.arquimaster.com.ar\/web\/vivienda-estvell-arq\/","name":"Vivienda Estvell \/ Arq+ - Arquimaster","isPartOf":{"@id":"https:\/\/www.arquimaster.com.ar\/web\/#website"},"primaryImageOfPage":{"@id":"https:\/\/www.arquimaster.com.ar\/web\/vivienda-estvell-arq\/#primaryimage"},"image":{"@id":"https:\/\/www.arquimaster.com.ar\/web\/vivienda-estvell-arq\/#primaryimage"},"thumbnailUrl":"https:\/\/www.arquimaster.com.ar\/web\/wp-content\/uploads\/2022\/12\/vivienda_estvell_slide.jpg","datePublished":"2022-12-19T21:14:37+00:00","dateModified":"2023-03-30T15:18:50+00:00","description":"Reforma de un piso frente a la Muralla Romana en el Barrio G\u00f3tico de Barcelona.","breadcrumb":{"@id":"https:\/\/www.arquimaster.com.ar\/web\/vivienda-estvell-arq\/#breadcrumb"},"inLanguage":"es","potentialAction":[{"@type":"ReadAction","target":["https:\/\/www.arquimaster.com.ar\/web\/vivienda-estvell-arq\/"]}]},{"@type":"ImageObject","inLanguage":"es","@id":"https:\/\/www.arquimaster.com.ar\/web\/vivienda-estvell-arq\/#primaryimage","url":"https:\/\/www.arquimaster.com.ar\/web\/wp-content\/uploads\/2022\/12\/vivienda_estvell_slide.jpg","contentUrl":"https:\/\/www.arquimaster.com.ar\/web\/wp-content\/uploads\/2022\/12\/vivienda_estvell_slide.jpg","width":698,"height":364,"caption":"Vivienda Estvell \/ Arq+"},{"@type":"BreadcrumbList","@id":"https:\/\/www.arquimaster.com.ar\/web\/vivienda-estvell-arq\/#breadcrumb","itemListElement":[{"@type":"ListItem","position":1,"name":"Portada","item":"https:\/\/www.arquimaster.com.ar\/web\/"},{"@type":"ListItem","position":2,"name":"Vivienda Estvell \/ Arq+"}]},{"@type":"WebSite","@id":"https:\/\/www.arquimaster.com.ar\/web\/#website","url":"https:\/\/www.arquimaster.com.ar\/web\/","name":"Arquimaster","description":"Web de arquitectura, dise\u00f1o y construccion","publisher":{"@id":"https:\/\/www.arquimaster.com.ar\/web\/#organization"},"potentialAction":[{"@type":"SearchAction","target":{"@type":"EntryPoint","urlTemplate":"https:\/\/www.arquimaster.com.ar\/web\/?s={search_term_string}"},"query-input":{"@type":"PropertyValueSpecification","valueRequired":true,"valueName":"search_term_string"}}],"inLanguage":"es"},{"@type":"Organization","@id":"https:\/\/www.arquimaster.com.ar\/web\/#organization","name":"Arquimaster","url":"https:\/\/www.arquimaster.com.ar\/web\/","logo":{"@type":"ImageObject","inLanguage":"es","@id":"https:\/\/www.arquimaster.com.ar\/web\/#\/schema\/logo\/image\/","url":"https:\/\/www.arquimaster.com.ar\/web\/wp-content\/uploads\/2022\/06\/arquimaster.png","contentUrl":"https:\/\/www.arquimaster.com.ar\/web\/wp-content\/uploads\/2022\/06\/arquimaster.png","width":594,"height":78,"caption":"Arquimaster"},"image":{"@id":"https:\/\/www.arquimaster.com.ar\/web\/#\/schema\/logo\/image\/"},"sameAs":["http:\/\/www.facebook.com\/ARQUIMASTER.com.ar","https:\/\/x.com\/arquimaster","https:\/\/www.instagram.com\/arquimasterblog\/","https:\/\/www.linkedin.com\/company\/arquimaster","https:\/\/www.pinterest.com\/arquimaster","https:\/\/t.me\/arquimaster"]},{"@type":"Person","@id":"https:\/\/www.arquimaster.com.ar\/web\/#\/schema\/person\/359e9f7c00193fcde068e0dd2ceb0028","name":"Arquimaster"}]}},"uagb_featured_image_src":{"full":["https:\/\/www.arquimaster.com.ar\/web\/wp-content\/uploads\/2022\/12\/vivienda_estvell_slide.jpg",698,364,false],"thumbnail":["https:\/\/www.arquimaster.com.ar\/web\/wp-content\/uploads\/2022\/12\/vivienda_estvell_slide-150x150.jpg",150,150,true],"medium":["https:\/\/www.arquimaster.com.ar\/web\/wp-content\/uploads\/2022\/12\/vivienda_estvell_slide.jpg",698,364,false],"medium_large":["https:\/\/www.arquimaster.com.ar\/web\/wp-content\/uploads\/2022\/12\/vivienda_estvell_slide.jpg",698,364,false],"large":["https:\/\/www.arquimaster.com.ar\/web\/wp-content\/uploads\/2022\/12\/vivienda_estvell_slide.jpg",698,364,false],"1536x1536":["https:\/\/www.arquimaster.com.ar\/web\/wp-content\/uploads\/2022\/12\/vivienda_estvell_slide.jpg",698,364,false],"2048x2048":["https:\/\/www.arquimaster.com.ar\/web\/wp-content\/uploads\/2022\/12\/vivienda_estvell_slide.jpg",698,364,false]},"uagb_author_info":{"display_name":"Arquimaster","author_link":"https:\/\/www.arquimaster.com.ar\/web\/author\/arquimaster\/"},"uagb_comment_info":0,"uagb_excerpt":"Reforma de un piso frente a la muralla romana en el Barrio G\u00f3tico de Barcelona...","_links":{"self":[{"href":"https:\/\/www.arquimaster.com.ar\/web\/wp-json\/wp\/v2\/posts\/73845","targetHints":{"allow":["GET"]}}],"collection":[{"href":"https:\/\/www.arquimaster.com.ar\/web\/wp-json\/wp\/v2\/posts"}],"about":[{"href":"https:\/\/www.arquimaster.com.ar\/web\/wp-json\/wp\/v2\/types\/post"}],"author":[{"embeddable":true,"href":"https:\/\/www.arquimaster.com.ar\/web\/wp-json\/wp\/v2\/users\/1"}],"replies":[{"embeddable":true,"href":"https:\/\/www.arquimaster.com.ar\/web\/wp-json\/wp\/v2\/comments?post=73845"}],"version-history":[{"count":2,"href":"https:\/\/www.arquimaster.com.ar\/web\/wp-json\/wp\/v2\/posts\/73845\/revisions"}],"predecessor-version":[{"id":73865,"href":"https:\/\/www.arquimaster.com.ar\/web\/wp-json\/wp\/v2\/posts\/73845\/revisions\/73865"}],"wp:featuredmedia":[{"embeddable":true,"href":"https:\/\/www.arquimaster.com.ar\/web\/wp-json\/wp\/v2\/media\/73846"}],"wp:attachment":[{"href":"https:\/\/www.arquimaster.com.ar\/web\/wp-json\/wp\/v2\/media?parent=73845"}],"wp:term":[{"taxonomy":"category","embeddable":true,"href":"https:\/\/www.arquimaster.com.ar\/web\/wp-json\/wp\/v2\/categories?post=73845"},{"taxonomy":"post_tag","embeddable":true,"href":"https:\/\/www.arquimaster.com.ar\/web\/wp-json\/wp\/v2\/tags?post=73845"}],"curies":[{"name":"wp","href":"https:\/\/api.w.org\/{rel}","templated":true}]}}