{"id":73889,"date":"2022-12-19T16:11:21","date_gmt":"2022-12-19T19:11:21","guid":{"rendered":"https:\/\/www.arquimaster.com.ar\/web\/?p=73889"},"modified":"2022-12-19T22:11:41","modified_gmt":"2022-12-20T01:11:41","slug":"salones-de-primaria-del-colegio-cimort-arco-arquitectura-contemporanea","status":"publish","type":"post","link":"https:\/\/www.arquimaster.com.ar\/web\/salones-de-primaria-del-colegio-cimort-arco-arquitectura-contemporanea\/","title":{"rendered":"Salones de Primaria del Colegio CimOrt \/ ARCO Arquitectura Contempor\u00e1nea"},"content":{"rendered":"<div style=\"margin-top: 0px; margin-bottom: 0px;\" class=\"sharethis-inline-share-buttons\" ><\/div><div class=\"b812932af2e751442846f039925109de\" data-index=\"1\" style=\"float: none; margin:25px 0 25px 0; text-align:center;\">\n<script async src=\"https:\/\/pagead2.googlesyndication.com\/pagead\/js\/adsbygoogle.js\"><\/script>\r\n<!-- Arquimaster (superior) -->\r\n<ins class=\"adsbygoogle\"\r\n     style=\"display:block\"\r\n     data-ad-client=\"ca-pub-6351072698456832\"\r\n     data-ad-slot=\"6455489680\"\r\n     data-ad-format=\"auto\"\r\n     data-full-width-responsive=\"true\"><\/ins>\r\n<script>\r\n     (adsbygoogle = window.adsbygoogle || []).push({});\r\n<\/script>\n<\/div>\n<p><strong>Salones de Primaria del Colegio CimOrt<\/strong> (Ciudad de M\u00e9xico, M\u00e9xico) por <strong>ARCO Arquitectura Contempor\u00e1nea<\/strong>. Un dise\u00f1o flexible y funcional fue el objetivo para el proyecto de remodelaci\u00f3n de estos salones de nivel primaria. Adem\u00e1s de crear un espacio de aprendizaje y bienestar para los alumnos y maestros, se busc\u00f3 el dinamismo del espacio para poderse reconfigurar y adaptar f\u00e1cilmente a todas las actividades para estimular la interacci\u00f3n y el trabajo en equipo, privilegiando el estudio de manera grupal para borrar los m\u00e9todos tradicionales.<\/p>\n<div id='gallery-1' class='gallery galleryid-73889 gallery-columns-3 gallery-size-thumbnail'><figure class='gallery-item'>\n\t\t\t<div class='gallery-icon landscape'>\n\t\t\t\t<a href='https:\/\/www.arquimaster.com.ar\/web\/wp-content\/uploads\/2022\/12\/salones_colegio_cimort_1.jpg' title=\"Salones de Primaria del Colegio CimOrt \/ ARCO Arquitectura Contempor\u00e1nea (\u00a9 Jaime Navarro)\" data-rl_title=\"Salones de Primaria del Colegio CimOrt \/ ARCO Arquitectura Contempor\u00e1nea (\u00a9 Jaime Navarro)\" class=\"rl-gallery-link\" data-rl_caption=\"Salones de Primaria del Colegio CimOrt \/ ARCO Arquitectura Contempor\u00e1nea (\u00a9 Jaime Navarro)\" data-rel=\"lightbox-gallery-1\"><img loading=\"lazy\" decoding=\"async\" width=\"150\" height=\"150\" src=\"https:\/\/www.arquimaster.com.ar\/web\/wp-content\/uploads\/2022\/12\/salones_colegio_cimort_1-150x150.jpg\" class=\"attachment-thumbnail size-thumbnail\" alt=\"Salones de Primaria del Colegio CimOrt \/ ARCO Arquitectura Contempor\u00e1nea\" aria-describedby=\"gallery-1-73891\" \/><\/a>\n\t\t\t<\/div>\n\t\t\t\t<figcaption class='wp-caption-text gallery-caption' id='gallery-1-73891'>\n\t\t\t\tSalones de Primaria del Colegio CimOrt \/ ARCO Arquitectura Contempor\u00e1nea (\u00a9 Jaime Navarro)\n\t\t\t\t<\/figcaption><\/figure><figure class='gallery-item'>\n\t\t\t<div class='gallery-icon landscape'>\n\t\t\t\t<a href='https:\/\/www.arquimaster.com.ar\/web\/wp-content\/uploads\/2022\/12\/salones_colegio_cimort_2.jpg' title=\"Salones de Primaria del Colegio CimOrt \/ ARCO Arquitectura Contempor\u00e1nea (\u00a9 Jaime Navarro)\" data-rl_title=\"Salones de Primaria del Colegio CimOrt \/ ARCO Arquitectura Contempor\u00e1nea (\u00a9 Jaime Navarro)\" class=\"rl-gallery-link\" data-rl_caption=\"Salones de Primaria del Colegio CimOrt \/ ARCO Arquitectura Contempor\u00e1nea (\u00a9 Jaime Navarro)\" data-rel=\"lightbox-gallery-1\"><img loading=\"lazy\" decoding=\"async\" width=\"150\" height=\"150\" src=\"https:\/\/www.arquimaster.com.ar\/web\/wp-content\/uploads\/2022\/12\/salones_colegio_cimort_2-150x150.jpg\" class=\"attachment-thumbnail size-thumbnail\" alt=\"Salones de Primaria del Colegio CimOrt \/ ARCO Arquitectura Contempor\u00e1nea\" aria-describedby=\"gallery-1-73892\" \/><\/a>\n\t\t\t<\/div>\n\t\t\t\t<figcaption class='wp-caption-text gallery-caption' id='gallery-1-73892'>\n\t\t\t\tSalones de Primaria del Colegio CimOrt \/ ARCO Arquitectura Contempor\u00e1nea (\u00a9 Jaime Navarro)\n\t\t\t\t<\/figcaption><\/figure><figure class='gallery-item'>\n\t\t\t<div class='gallery-icon landscape'>\n\t\t\t\t<a href='https:\/\/www.arquimaster.com.ar\/web\/wp-content\/uploads\/2022\/12\/salones_colegio_cimort_3.jpg' title=\"Salones de Primaria del Colegio CimOrt \/ ARCO Arquitectura Contempor\u00e1nea (\u00a9 Jaime Navarro)\" data-rl_title=\"Salones de Primaria del Colegio CimOrt \/ ARCO Arquitectura Contempor\u00e1nea (\u00a9 Jaime Navarro)\" class=\"rl-gallery-link\" data-rl_caption=\"Salones de Primaria del Colegio CimOrt \/ ARCO Arquitectura Contempor\u00e1nea (\u00a9 Jaime Navarro)\" data-rel=\"lightbox-gallery-1\"><img loading=\"lazy\" decoding=\"async\" width=\"150\" height=\"150\" src=\"https:\/\/www.arquimaster.com.ar\/web\/wp-content\/uploads\/2022\/12\/salones_colegio_cimort_3-150x150.jpg\" class=\"attachment-thumbnail size-thumbnail\" alt=\"Salones de Primaria del Colegio CimOrt \/ ARCO Arquitectura Contempor\u00e1nea\" aria-describedby=\"gallery-1-73893\" \/><\/a>\n\t\t\t<\/div>\n\t\t\t\t<figcaption class='wp-caption-text gallery-caption' id='gallery-1-73893'>\n\t\t\t\tSalones de Primaria del Colegio CimOrt \/ ARCO Arquitectura Contempor\u00e1nea (\u00a9 Jaime Navarro)\n\t\t\t\t<\/figcaption><\/figure><figure class='gallery-item'>\n\t\t\t<div class='gallery-icon landscape'>\n\t\t\t\t<a href='https:\/\/www.arquimaster.com.ar\/web\/wp-content\/uploads\/2022\/12\/salones_colegio_cimort_4.jpg' title=\"Salones de Primaria del Colegio CimOrt \/ ARCO Arquitectura Contempor\u00e1nea (\u00a9 Jaime Navarro)\" data-rl_title=\"Salones de Primaria del Colegio CimOrt \/ ARCO Arquitectura Contempor\u00e1nea (\u00a9 Jaime Navarro)\" class=\"rl-gallery-link\" data-rl_caption=\"Salones de Primaria del Colegio CimOrt \/ ARCO Arquitectura Contempor\u00e1nea (\u00a9 Jaime Navarro)\" data-rel=\"lightbox-gallery-1\"><img loading=\"lazy\" decoding=\"async\" width=\"150\" height=\"150\" src=\"https:\/\/www.arquimaster.com.ar\/web\/wp-content\/uploads\/2022\/12\/salones_colegio_cimort_4-150x150.jpg\" class=\"attachment-thumbnail size-thumbnail\" alt=\"Salones de Primaria del Colegio CimOrt \/ ARCO Arquitectura Contempor\u00e1nea\" aria-describedby=\"gallery-1-73894\" \/><\/a>\n\t\t\t<\/div>\n\t\t\t\t<figcaption class='wp-caption-text gallery-caption' id='gallery-1-73894'>\n\t\t\t\tSalones de Primaria del Colegio CimOrt \/ ARCO Arquitectura Contempor\u00e1nea (\u00a9 Jaime Navarro)\n\t\t\t\t<\/figcaption><\/figure><figure class='gallery-item'>\n\t\t\t<div class='gallery-icon portrait'>\n\t\t\t\t<a href='https:\/\/www.arquimaster.com.ar\/web\/wp-content\/uploads\/2022\/12\/salones_colegio_cimort_5.jpg' title=\"Salones de Primaria del Colegio CimOrt \/ ARCO Arquitectura Contempor\u00e1nea (\u00a9 Jaime Navarro)\" data-rl_title=\"Salones de Primaria del Colegio CimOrt \/ ARCO Arquitectura Contempor\u00e1nea (\u00a9 Jaime Navarro)\" class=\"rl-gallery-link\" data-rl_caption=\"Salones de Primaria del Colegio CimOrt \/ ARCO Arquitectura Contempor\u00e1nea (\u00a9 Jaime Navarro)\" data-rel=\"lightbox-gallery-1\"><img loading=\"lazy\" decoding=\"async\" width=\"150\" height=\"150\" src=\"https:\/\/www.arquimaster.com.ar\/web\/wp-content\/uploads\/2022\/12\/salones_colegio_cimort_5-150x150.jpg\" class=\"attachment-thumbnail size-thumbnail\" alt=\"Salones de Primaria del Colegio CimOrt \/ ARCO Arquitectura Contempor\u00e1nea\" aria-describedby=\"gallery-1-73895\" \/><\/a>\n\t\t\t<\/div>\n\t\t\t\t<figcaption class='wp-caption-text gallery-caption' id='gallery-1-73895'>\n\t\t\t\tSalones de Primaria del Colegio CimOrt \/ ARCO Arquitectura Contempor\u00e1nea (\u00a9 Jaime Navarro)\n\t\t\t\t<\/figcaption><\/figure><figure class='gallery-item'>\n\t\t\t<div class='gallery-icon landscape'>\n\t\t\t\t<a href='https:\/\/www.arquimaster.com.ar\/web\/wp-content\/uploads\/2022\/12\/salones_colegio_cimort_6.jpg' title=\"Salones de Primaria del Colegio CimOrt \/ ARCO Arquitectura Contempor\u00e1nea (\u00a9 Jaime Navarro)\" data-rl_title=\"Salones de Primaria del Colegio CimOrt \/ ARCO Arquitectura Contempor\u00e1nea (\u00a9 Jaime Navarro)\" class=\"rl-gallery-link\" data-rl_caption=\"Salones de Primaria del Colegio CimOrt \/ ARCO Arquitectura Contempor\u00e1nea (\u00a9 Jaime Navarro)\" data-rel=\"lightbox-gallery-1\"><img loading=\"lazy\" decoding=\"async\" width=\"150\" height=\"150\" src=\"https:\/\/www.arquimaster.com.ar\/web\/wp-content\/uploads\/2022\/12\/salones_colegio_cimort_6-150x150.jpg\" class=\"attachment-thumbnail size-thumbnail\" alt=\"Salones de Primaria del Colegio CimOrt \/ ARCO Arquitectura Contempor\u00e1nea\" aria-describedby=\"gallery-1-73896\" \/><\/a>\n\t\t\t<\/div>\n\t\t\t\t<figcaption class='wp-caption-text gallery-caption' id='gallery-1-73896'>\n\t\t\t\tSalones de Primaria del Colegio CimOrt \/ ARCO Arquitectura Contempor\u00e1nea (\u00a9 Jaime Navarro)\n\t\t\t\t<\/figcaption><\/figure><figure class='gallery-item'>\n\t\t\t<div class='gallery-icon landscape'>\n\t\t\t\t<a href='https:\/\/www.arquimaster.com.ar\/web\/wp-content\/uploads\/2022\/12\/salones_colegio_cimort_7.jpg' title=\"Salones de Primaria del Colegio CimOrt \/ ARCO Arquitectura Contempor\u00e1nea (\u00a9 Jaime Navarro)\" data-rl_title=\"Salones de Primaria del Colegio CimOrt \/ ARCO Arquitectura Contempor\u00e1nea (\u00a9 Jaime Navarro)\" class=\"rl-gallery-link\" data-rl_caption=\"Salones de Primaria del Colegio CimOrt \/ ARCO Arquitectura Contempor\u00e1nea (\u00a9 Jaime Navarro)\" data-rel=\"lightbox-gallery-1\"><img loading=\"lazy\" decoding=\"async\" width=\"150\" height=\"150\" src=\"https:\/\/www.arquimaster.com.ar\/web\/wp-content\/uploads\/2022\/12\/salones_colegio_cimort_7-150x150.jpg\" class=\"attachment-thumbnail size-thumbnail\" alt=\"Salones de Primaria del Colegio CimOrt \/ ARCO Arquitectura Contempor\u00e1nea\" aria-describedby=\"gallery-1-73897\" \/><\/a>\n\t\t\t<\/div>\n\t\t\t\t<figcaption class='wp-caption-text gallery-caption' id='gallery-1-73897'>\n\t\t\t\tSalones de Primaria del Colegio CimOrt \/ ARCO Arquitectura Contempor\u00e1nea (\u00a9 Jaime Navarro)\n\t\t\t\t<\/figcaption><\/figure><figure class='gallery-item'>\n\t\t\t<div class='gallery-icon landscape'>\n\t\t\t\t<a href='https:\/\/www.arquimaster.com.ar\/web\/wp-content\/uploads\/2022\/12\/salones_colegio_cimort_8.jpg' title=\"Salones de Primaria del Colegio CimOrt \/ ARCO Arquitectura Contempor\u00e1nea (\u00a9 Jaime Navarro)\" data-rl_title=\"Salones de Primaria del Colegio CimOrt \/ ARCO Arquitectura Contempor\u00e1nea (\u00a9 Jaime Navarro)\" class=\"rl-gallery-link\" data-rl_caption=\"Salones de Primaria del Colegio CimOrt \/ ARCO Arquitectura Contempor\u00e1nea (\u00a9 Jaime Navarro)\" data-rel=\"lightbox-gallery-1\"><img loading=\"lazy\" decoding=\"async\" width=\"150\" height=\"150\" src=\"https:\/\/www.arquimaster.com.ar\/web\/wp-content\/uploads\/2022\/12\/salones_colegio_cimort_8-150x150.jpg\" class=\"attachment-thumbnail size-thumbnail\" alt=\"Salones de Primaria del Colegio CimOrt \/ ARCO Arquitectura Contempor\u00e1nea\" aria-describedby=\"gallery-1-73898\" \/><\/a>\n\t\t\t<\/div>\n\t\t\t\t<figcaption class='wp-caption-text gallery-caption' id='gallery-1-73898'>\n\t\t\t\tSalones de Primaria del Colegio CimOrt \/ ARCO Arquitectura Contempor\u00e1nea (\u00a9 Jaime Navarro)\n\t\t\t\t<\/figcaption><\/figure><figure class='gallery-item'>\n\t\t\t<div class='gallery-icon landscape'>\n\t\t\t\t<a href='https:\/\/www.arquimaster.com.ar\/web\/wp-content\/uploads\/2022\/12\/salones_colegio_cimort_9.jpg' title=\"Salones de Primaria del Colegio CimOrt \/ ARCO Arquitectura Contempor\u00e1nea (\u00a9 Jaime Navarro)\" data-rl_title=\"Salones de Primaria del Colegio CimOrt \/ ARCO Arquitectura Contempor\u00e1nea (\u00a9 Jaime Navarro)\" class=\"rl-gallery-link\" data-rl_caption=\"Salones de Primaria del Colegio CimOrt \/ ARCO Arquitectura Contempor\u00e1nea (\u00a9 Jaime Navarro)\" data-rel=\"lightbox-gallery-1\"><img loading=\"lazy\" decoding=\"async\" width=\"150\" height=\"150\" src=\"https:\/\/www.arquimaster.com.ar\/web\/wp-content\/uploads\/2022\/12\/salones_colegio_cimort_9-150x150.jpg\" class=\"attachment-thumbnail size-thumbnail\" alt=\"Salones de Primaria del Colegio CimOrt \/ ARCO Arquitectura Contempor\u00e1nea\" aria-describedby=\"gallery-1-73899\" \/><\/a>\n\t\t\t<\/div>\n\t\t\t\t<figcaption class='wp-caption-text gallery-caption' id='gallery-1-73899'>\n\t\t\t\tSalones de Primaria del Colegio CimOrt \/ ARCO Arquitectura Contempor\u00e1nea (\u00a9 Jaime Navarro)\n\t\t\t\t<\/figcaption><\/figure><figure class='gallery-item'>\n\t\t\t<div class='gallery-icon landscape'>\n\t\t\t\t<a href='https:\/\/www.arquimaster.com.ar\/web\/wp-content\/uploads\/2022\/12\/salones_colegio_cimort_10.jpg' title=\"Salones de Primaria del Colegio CimOrt \/ ARCO Arquitectura Contempor\u00e1nea (\u00a9 Jaime Navarro)\" data-rl_title=\"Salones de Primaria del Colegio CimOrt \/ ARCO Arquitectura Contempor\u00e1nea (\u00a9 Jaime Navarro)\" class=\"rl-gallery-link\" data-rl_caption=\"Salones de Primaria del Colegio CimOrt \/ ARCO Arquitectura Contempor\u00e1nea (\u00a9 Jaime Navarro)\" data-rel=\"lightbox-gallery-1\"><img loading=\"lazy\" decoding=\"async\" width=\"150\" height=\"150\" src=\"https:\/\/www.arquimaster.com.ar\/web\/wp-content\/uploads\/2022\/12\/salones_colegio_cimort_10-150x150.jpg\" class=\"attachment-thumbnail size-thumbnail\" alt=\"Salones de Primaria del Colegio CimOrt \/ ARCO Arquitectura Contempor\u00e1nea\" aria-describedby=\"gallery-1-73900\" \/><\/a>\n\t\t\t<\/div>\n\t\t\t\t<figcaption class='wp-caption-text gallery-caption' id='gallery-1-73900'>\n\t\t\t\tSalones de Primaria del Colegio CimOrt \/ ARCO Arquitectura Contempor\u00e1nea (\u00a9 Jaime Navarro)\n\t\t\t\t<\/figcaption><\/figure><figure class='gallery-item'>\n\t\t\t<div class='gallery-icon portrait'>\n\t\t\t\t<a href='https:\/\/www.arquimaster.com.ar\/web\/wp-content\/uploads\/2022\/12\/salones_colegio_cimort_11.jpg' title=\"Salones de Primaria del Colegio CimOrt \/ ARCO Arquitectura Contempor\u00e1nea (\u00a9 Jaime Navarro)\" data-rl_title=\"Salones de Primaria del Colegio CimOrt \/ ARCO Arquitectura Contempor\u00e1nea (\u00a9 Jaime Navarro)\" class=\"rl-gallery-link\" data-rl_caption=\"Salones de Primaria del Colegio CimOrt \/ ARCO Arquitectura Contempor\u00e1nea (\u00a9 Jaime Navarro)\" data-rel=\"lightbox-gallery-1\"><img loading=\"lazy\" decoding=\"async\" width=\"150\" height=\"150\" src=\"https:\/\/www.arquimaster.com.ar\/web\/wp-content\/uploads\/2022\/12\/salones_colegio_cimort_11-150x150.jpg\" class=\"attachment-thumbnail size-thumbnail\" alt=\"Salones de Primaria del Colegio CimOrt \/ ARCO Arquitectura Contempor\u00e1nea\" aria-describedby=\"gallery-1-73901\" \/><\/a>\n\t\t\t<\/div>\n\t\t\t\t<figcaption class='wp-caption-text gallery-caption' id='gallery-1-73901'>\n\t\t\t\tSalones de Primaria del Colegio CimOrt \/ ARCO Arquitectura Contempor\u00e1nea (\u00a9 Jaime Navarro)\n\t\t\t\t<\/figcaption><\/figure>\n\t\t<\/div>\n\n<p>La selecci\u00f3n de materiales que define la paleta de color estaba delineada por algunos requerimientos del cliente, como el uso de colores neutros y claros como base de un ambiente que debe estar listo para ser transformado infinitamente. El mobiliario es de madera de roble natural seleccionado por la ligereza de textura y la calidez de su colorido, en el piso se busc\u00f3 un acabado similar, pero en vinil para asegurar la facilidad de limpieza y mantenimiento, adem\u00e1s de sus cualidades ac\u00fasticas.<\/p>\n<p>Algunos acentos de color en los lockers fijos para las mochilas y material de los estudiantes, as\u00ed como las sillas, agregan un toque de alegr\u00eda. Los salones tambi\u00e9n cuentan con plafones ac\u00fasticos en los que se instal\u00f3 el sistema de iluminaci\u00f3n que combina luminarios indirectos y directos para tener un ambiente correctamente iluminado para cada actividad. Como se trata de espacios de formaci\u00f3n de los j\u00f3venes del siglo XXI cuentan con conectividad absoluta, internet de alta velocidad, audio y video.<\/p>\n\n\n<div style=\"height:20px\" aria-hidden=\"true\" class=\"wp-block-spacer\"><\/div>\n\n\n\n<p class=\"has-background\" style=\"background-color:#eaeaea\"><strong>Ficha t\u00e9cnica<\/strong><br>Nombre: CimOrt Salones de Primaria<br>Ubicaci\u00f3n: Ciudad de M\u00e9xico, M\u00e9xico<br>Proyecto: ARCO Arquitectura Contempor\u00e1nea<br>Arq. Bernardo Lew, Arq. Jos\u00e9 Lew, Arq. Jos\u00e9 Mem\u00fam<br>Categor\u00eda: Educaci\u00f3n<br>\u00c1rea: 280 m2<br>A\u00f1o: 2020<br>Fotograf\u00eda: Jaime Navarro<br><br><strong>Contacto<\/strong><br><a href=\"https:\/\/www.ar-co.com.mx\" target=\"_blank\" rel=\"noreferrer noopener\">https:\/\/www.ar-co.com.mx<\/a><br>Twitter: @arcomexico<br>Instagram: @arcomexico<br>Facebook: ARCO ARQUITECTURA CONTEMPORANEA<\/p>\n\n\n\n<div style=\"height:40px\" aria-hidden=\"true\" class=\"wp-block-spacer\"><\/div>\n\n<div style=\"font-size: 0px; height: 0px; line-height: 0px; margin: 0; padding: 0; clear: both;\"><\/div><div style=\"margin-top: 0px; margin-bottom: 0px;\" class=\"sharethis-inline-share-buttons\" ><\/div>","protected":false},"excerpt":{"rendered":"<p>Crear un espacio de aprendizaje y bienestar para los alumnos y maestros&#8230;<\/p>\n","protected":false},"author":1,"featured_media":73890,"comment_status":"closed","ping_status":"closed","sticky":false,"template":"","format":"standard","meta":{"_uag_custom_page_level_css":"","footnotes":""},"categories":[1465,1],"tags":[248,3309,7597,1515,250,7032,1472,1514,5148,24],"class_list":["post-73889","post","type-post","status-publish","format-standard","has-post-thumbnail","hentry","category-edificios-para-la-educacion","category-proyecto","tag-arco-arquitectura-contemporanea","tag-arquitectura-para-la-educacion","tag-aulas","tag-bernardo-lew-kirsch","tag-ciudad-de-mexico","tag-colegios","tag-edificio-educativo","tag-jose-lew-kirsch","tag-jose-memun","tag-mexico","generate-columns","tablet-grid-50","mobile-grid-100","grid-parent","grid-50"],"yoast_head":"<!-- This site is optimized with the Yoast SEO plugin v27.3 - https:\/\/yoast.com\/product\/yoast-seo-wordpress\/ -->\n<title>Salones de Primaria del Colegio CimOrt \/ ARCO Arquitectura Contempor\u00e1nea - Arquimaster<\/title>\n<meta name=\"description\" content=\"Adem\u00e1s de crear un espacio de aprendizaje y bienestar para los alumnos y maestros, se busc\u00f3 el dinamismo del espacio.\" \/>\n<meta name=\"robots\" content=\"index, follow, max-snippet:-1, max-image-preview:large, max-video-preview:-1\" \/>\n<link rel=\"canonical\" href=\"https:\/\/www.arquimaster.com.ar\/web\/salones-de-primaria-del-colegio-cimort-arco-arquitectura-contemporanea\/\" \/>\n<meta property=\"og:locale\" content=\"es_ES\" \/>\n<meta property=\"og:type\" content=\"article\" \/>\n<meta property=\"og:title\" content=\"Salones de Primaria del Colegio CimOrt \/ ARCO Arquitectura Contempor\u00e1nea\" \/>\n<meta property=\"og:description\" content=\"Adem\u00e1s de crear un espacio de aprendizaje y bienestar para los alumnos y maestros, se busc\u00f3 el dinamismo del espacio.\" \/>\n<meta property=\"og:url\" content=\"https:\/\/www.arquimaster.com.ar\/web\/salones-de-primaria-del-colegio-cimort-arco-arquitectura-contemporanea\/\" \/>\n<meta property=\"og:site_name\" content=\"Arquimaster\" \/>\n<meta property=\"article:publisher\" content=\"http:\/\/www.facebook.com\/ARQUIMASTER.com.ar\" \/>\n<meta property=\"article:published_time\" content=\"2022-12-19T19:11:21+00:00\" \/>\n<meta property=\"article:modified_time\" content=\"2022-12-20T01:11:41+00:00\" \/>\n<meta property=\"og:image\" content=\"https:\/\/www.arquimaster.com.ar\/web\/wp-content\/uploads\/2022\/12\/salones_colegio_cimort_slide.jpg\" \/>\n\t<meta property=\"og:image:width\" content=\"698\" \/>\n\t<meta property=\"og:image:height\" content=\"364\" \/>\n\t<meta property=\"og:image:type\" content=\"image\/jpeg\" \/>\n<meta name=\"author\" content=\"Arquimaster\" \/>\n<meta name=\"twitter:card\" content=\"summary_large_image\" \/>\n<meta name=\"twitter:title\" content=\"Salones de Primaria del Colegio CimOrt \/ ARCO Arquitectura Contempor\u00e1nea\" \/>\n<meta name=\"twitter:description\" content=\"Adem\u00e1s de crear un espacio de aprendizaje y bienestar para los alumnos y maestros, se busc\u00f3 el dinamismo del espacio.\" \/>\n<meta name=\"twitter:image\" content=\"https:\/\/www.arquimaster.com.ar\/web\/wp-content\/uploads\/2022\/12\/salones_colegio_cimort_slide.jpg\" \/>\n<meta name=\"twitter:creator\" content=\"@arquimaster\" \/>\n<meta name=\"twitter:site\" content=\"@arquimaster\" \/>\n<meta name=\"twitter:label1\" content=\"Escrito por\" \/>\n\t<meta name=\"twitter:data1\" content=\"Arquimaster\" \/>\n\t<meta name=\"twitter:label2\" content=\"Tiempo de lectura\" \/>\n\t<meta name=\"twitter:data2\" content=\"2 minutos\" \/>\n<script type=\"application\/ld+json\" class=\"yoast-schema-graph\">{\"@context\":\"https:\\\/\\\/schema.org\",\"@graph\":[{\"@type\":\"Article\",\"@id\":\"https:\\\/\\\/www.arquimaster.com.ar\\\/web\\\/salones-de-primaria-del-colegio-cimort-arco-arquitectura-contemporanea\\\/#article\",\"isPartOf\":{\"@id\":\"https:\\\/\\\/www.arquimaster.com.ar\\\/web\\\/salones-de-primaria-del-colegio-cimort-arco-arquitectura-contemporanea\\\/\"},\"author\":{\"name\":\"Arquimaster\",\"@id\":\"https:\\\/\\\/www.arquimaster.com.ar\\\/web\\\/#\\\/schema\\\/person\\\/359e9f7c00193fcde068e0dd2ceb0028\"},\"headline\":\"Salones de Primaria del Colegio CimOrt \\\/ ARCO Arquitectura Contempor\u00e1nea\",\"datePublished\":\"2022-12-19T19:11:21+00:00\",\"dateModified\":\"2022-12-20T01:11:41+00:00\",\"mainEntityOfPage\":{\"@id\":\"https:\\\/\\\/www.arquimaster.com.ar\\\/web\\\/salones-de-primaria-del-colegio-cimort-arco-arquitectura-contemporanea\\\/\"},\"wordCount\":328,\"publisher\":{\"@id\":\"https:\\\/\\\/www.arquimaster.com.ar\\\/web\\\/#organization\"},\"image\":{\"@id\":\"https:\\\/\\\/www.arquimaster.com.ar\\\/web\\\/salones-de-primaria-del-colegio-cimort-arco-arquitectura-contemporanea\\\/#primaryimage\"},\"thumbnailUrl\":\"https:\\\/\\\/www.arquimaster.com.ar\\\/web\\\/wp-content\\\/uploads\\\/2022\\\/12\\\/salones_colegio_cimort_slide.jpg\",\"keywords\":[\"ARCO Arquitectura Contempor\u00e1nea\",\"arquitectura para la educacion\",\"aulas\",\"Bernardo Lew Kirsch\",\"Ciudad de Mexico\",\"colegios\",\"edificio educativo\",\"Jos\u00e9 Lew Kirsch\",\"Jos\u00e9 Memun\",\"Mexico\"],\"articleSection\":[\"Edificios para la educacion\",\"Proyecto\"],\"inLanguage\":\"es\"},{\"@type\":\"WebPage\",\"@id\":\"https:\\\/\\\/www.arquimaster.com.ar\\\/web\\\/salones-de-primaria-del-colegio-cimort-arco-arquitectura-contemporanea\\\/\",\"url\":\"https:\\\/\\\/www.arquimaster.com.ar\\\/web\\\/salones-de-primaria-del-colegio-cimort-arco-arquitectura-contemporanea\\\/\",\"name\":\"Salones de Primaria del Colegio CimOrt \\\/ ARCO Arquitectura Contempor\u00e1nea - Arquimaster\",\"isPartOf\":{\"@id\":\"https:\\\/\\\/www.arquimaster.com.ar\\\/web\\\/#website\"},\"primaryImageOfPage\":{\"@id\":\"https:\\\/\\\/www.arquimaster.com.ar\\\/web\\\/salones-de-primaria-del-colegio-cimort-arco-arquitectura-contemporanea\\\/#primaryimage\"},\"image\":{\"@id\":\"https:\\\/\\\/www.arquimaster.com.ar\\\/web\\\/salones-de-primaria-del-colegio-cimort-arco-arquitectura-contemporanea\\\/#primaryimage\"},\"thumbnailUrl\":\"https:\\\/\\\/www.arquimaster.com.ar\\\/web\\\/wp-content\\\/uploads\\\/2022\\\/12\\\/salones_colegio_cimort_slide.jpg\",\"datePublished\":\"2022-12-19T19:11:21+00:00\",\"dateModified\":\"2022-12-20T01:11:41+00:00\",\"description\":\"Adem\u00e1s de crear un espacio de aprendizaje y bienestar para los alumnos y maestros, se busc\u00f3 el dinamismo del espacio.\",\"breadcrumb\":{\"@id\":\"https:\\\/\\\/www.arquimaster.com.ar\\\/web\\\/salones-de-primaria-del-colegio-cimort-arco-arquitectura-contemporanea\\\/#breadcrumb\"},\"inLanguage\":\"es\",\"potentialAction\":[{\"@type\":\"ReadAction\",\"target\":[\"https:\\\/\\\/www.arquimaster.com.ar\\\/web\\\/salones-de-primaria-del-colegio-cimort-arco-arquitectura-contemporanea\\\/\"]}]},{\"@type\":\"ImageObject\",\"inLanguage\":\"es\",\"@id\":\"https:\\\/\\\/www.arquimaster.com.ar\\\/web\\\/salones-de-primaria-del-colegio-cimort-arco-arquitectura-contemporanea\\\/#primaryimage\",\"url\":\"https:\\\/\\\/www.arquimaster.com.ar\\\/web\\\/wp-content\\\/uploads\\\/2022\\\/12\\\/salones_colegio_cimort_slide.jpg\",\"contentUrl\":\"https:\\\/\\\/www.arquimaster.com.ar\\\/web\\\/wp-content\\\/uploads\\\/2022\\\/12\\\/salones_colegio_cimort_slide.jpg\",\"width\":698,\"height\":364,\"caption\":\"Salones de Primaria del Colegio CimOrt \\\/ ARCO Arquitectura Contempor\u00e1nea\"},{\"@type\":\"BreadcrumbList\",\"@id\":\"https:\\\/\\\/www.arquimaster.com.ar\\\/web\\\/salones-de-primaria-del-colegio-cimort-arco-arquitectura-contemporanea\\\/#breadcrumb\",\"itemListElement\":[{\"@type\":\"ListItem\",\"position\":1,\"name\":\"Portada\",\"item\":\"https:\\\/\\\/www.arquimaster.com.ar\\\/web\\\/\"},{\"@type\":\"ListItem\",\"position\":2,\"name\":\"Salones de Primaria del Colegio CimOrt \\\/ ARCO Arquitectura Contempor\u00e1nea\"}]},{\"@type\":\"WebSite\",\"@id\":\"https:\\\/\\\/www.arquimaster.com.ar\\\/web\\\/#website\",\"url\":\"https:\\\/\\\/www.arquimaster.com.ar\\\/web\\\/\",\"name\":\"Arquimaster\",\"description\":\"Web de arquitectura, dise\u00f1o y construccion\",\"publisher\":{\"@id\":\"https:\\\/\\\/www.arquimaster.com.ar\\\/web\\\/#organization\"},\"potentialAction\":[{\"@type\":\"SearchAction\",\"target\":{\"@type\":\"EntryPoint\",\"urlTemplate\":\"https:\\\/\\\/www.arquimaster.com.ar\\\/web\\\/?s={search_term_string}\"},\"query-input\":{\"@type\":\"PropertyValueSpecification\",\"valueRequired\":true,\"valueName\":\"search_term_string\"}}],\"inLanguage\":\"es\"},{\"@type\":\"Organization\",\"@id\":\"https:\\\/\\\/www.arquimaster.com.ar\\\/web\\\/#organization\",\"name\":\"Arquimaster\",\"url\":\"https:\\\/\\\/www.arquimaster.com.ar\\\/web\\\/\",\"logo\":{\"@type\":\"ImageObject\",\"inLanguage\":\"es\",\"@id\":\"https:\\\/\\\/www.arquimaster.com.ar\\\/web\\\/#\\\/schema\\\/logo\\\/image\\\/\",\"url\":\"https:\\\/\\\/www.arquimaster.com.ar\\\/web\\\/wp-content\\\/uploads\\\/2022\\\/06\\\/arquimaster.png\",\"contentUrl\":\"https:\\\/\\\/www.arquimaster.com.ar\\\/web\\\/wp-content\\\/uploads\\\/2022\\\/06\\\/arquimaster.png\",\"width\":594,\"height\":78,\"caption\":\"Arquimaster\"},\"image\":{\"@id\":\"https:\\\/\\\/www.arquimaster.com.ar\\\/web\\\/#\\\/schema\\\/logo\\\/image\\\/\"},\"sameAs\":[\"http:\\\/\\\/www.facebook.com\\\/ARQUIMASTER.com.ar\",\"https:\\\/\\\/x.com\\\/arquimaster\",\"https:\\\/\\\/www.instagram.com\\\/arquimasterblog\\\/\",\"https:\\\/\\\/www.linkedin.com\\\/company\\\/arquimaster\",\"https:\\\/\\\/www.pinterest.com\\\/arquimaster\",\"https:\\\/\\\/t.me\\\/arquimaster\"]},{\"@type\":\"Person\",\"@id\":\"https:\\\/\\\/www.arquimaster.com.ar\\\/web\\\/#\\\/schema\\\/person\\\/359e9f7c00193fcde068e0dd2ceb0028\",\"name\":\"Arquimaster\"}]}<\/script>\n<!-- \/ Yoast SEO plugin. -->","yoast_head_json":{"title":"Salones de Primaria del Colegio CimOrt \/ ARCO Arquitectura Contempor\u00e1nea - Arquimaster","description":"Adem\u00e1s de crear un espacio de aprendizaje y bienestar para los alumnos y maestros, se busc\u00f3 el dinamismo del espacio.","robots":{"index":"index","follow":"follow","max-snippet":"max-snippet:-1","max-image-preview":"max-image-preview:large","max-video-preview":"max-video-preview:-1"},"canonical":"https:\/\/www.arquimaster.com.ar\/web\/salones-de-primaria-del-colegio-cimort-arco-arquitectura-contemporanea\/","og_locale":"es_ES","og_type":"article","og_title":"Salones de Primaria del Colegio CimOrt \/ ARCO Arquitectura Contempor\u00e1nea","og_description":"Adem\u00e1s de crear un espacio de aprendizaje y bienestar para los alumnos y maestros, se busc\u00f3 el dinamismo del espacio.","og_url":"https:\/\/www.arquimaster.com.ar\/web\/salones-de-primaria-del-colegio-cimort-arco-arquitectura-contemporanea\/","og_site_name":"Arquimaster","article_publisher":"http:\/\/www.facebook.com\/ARQUIMASTER.com.ar","article_published_time":"2022-12-19T19:11:21+00:00","article_modified_time":"2022-12-20T01:11:41+00:00","og_image":[{"width":698,"height":364,"url":"https:\/\/www.arquimaster.com.ar\/web\/wp-content\/uploads\/2022\/12\/salones_colegio_cimort_slide.jpg","type":"image\/jpeg"}],"author":"Arquimaster","twitter_card":"summary_large_image","twitter_title":"Salones de Primaria del Colegio CimOrt \/ ARCO Arquitectura Contempor\u00e1nea","twitter_description":"Adem\u00e1s de crear un espacio de aprendizaje y bienestar para los alumnos y maestros, se busc\u00f3 el dinamismo del espacio.","twitter_image":"https:\/\/www.arquimaster.com.ar\/web\/wp-content\/uploads\/2022\/12\/salones_colegio_cimort_slide.jpg","twitter_creator":"@arquimaster","twitter_site":"@arquimaster","twitter_misc":{"Escrito por":"Arquimaster","Tiempo de lectura":"2 minutos"},"schema":{"@context":"https:\/\/schema.org","@graph":[{"@type":"Article","@id":"https:\/\/www.arquimaster.com.ar\/web\/salones-de-primaria-del-colegio-cimort-arco-arquitectura-contemporanea\/#article","isPartOf":{"@id":"https:\/\/www.arquimaster.com.ar\/web\/salones-de-primaria-del-colegio-cimort-arco-arquitectura-contemporanea\/"},"author":{"name":"Arquimaster","@id":"https:\/\/www.arquimaster.com.ar\/web\/#\/schema\/person\/359e9f7c00193fcde068e0dd2ceb0028"},"headline":"Salones de Primaria del Colegio CimOrt \/ ARCO Arquitectura Contempor\u00e1nea","datePublished":"2022-12-19T19:11:21+00:00","dateModified":"2022-12-20T01:11:41+00:00","mainEntityOfPage":{"@id":"https:\/\/www.arquimaster.com.ar\/web\/salones-de-primaria-del-colegio-cimort-arco-arquitectura-contemporanea\/"},"wordCount":328,"publisher":{"@id":"https:\/\/www.arquimaster.com.ar\/web\/#organization"},"image":{"@id":"https:\/\/www.arquimaster.com.ar\/web\/salones-de-primaria-del-colegio-cimort-arco-arquitectura-contemporanea\/#primaryimage"},"thumbnailUrl":"https:\/\/www.arquimaster.com.ar\/web\/wp-content\/uploads\/2022\/12\/salones_colegio_cimort_slide.jpg","keywords":["ARCO Arquitectura Contempor\u00e1nea","arquitectura para la educacion","aulas","Bernardo Lew Kirsch","Ciudad de Mexico","colegios","edificio educativo","Jos\u00e9 Lew Kirsch","Jos\u00e9 Memun","Mexico"],"articleSection":["Edificios para la educacion","Proyecto"],"inLanguage":"es"},{"@type":"WebPage","@id":"https:\/\/www.arquimaster.com.ar\/web\/salones-de-primaria-del-colegio-cimort-arco-arquitectura-contemporanea\/","url":"https:\/\/www.arquimaster.com.ar\/web\/salones-de-primaria-del-colegio-cimort-arco-arquitectura-contemporanea\/","name":"Salones de Primaria del Colegio CimOrt \/ ARCO Arquitectura Contempor\u00e1nea - Arquimaster","isPartOf":{"@id":"https:\/\/www.arquimaster.com.ar\/web\/#website"},"primaryImageOfPage":{"@id":"https:\/\/www.arquimaster.com.ar\/web\/salones-de-primaria-del-colegio-cimort-arco-arquitectura-contemporanea\/#primaryimage"},"image":{"@id":"https:\/\/www.arquimaster.com.ar\/web\/salones-de-primaria-del-colegio-cimort-arco-arquitectura-contemporanea\/#primaryimage"},"thumbnailUrl":"https:\/\/www.arquimaster.com.ar\/web\/wp-content\/uploads\/2022\/12\/salones_colegio_cimort_slide.jpg","datePublished":"2022-12-19T19:11:21+00:00","dateModified":"2022-12-20T01:11:41+00:00","description":"Adem\u00e1s de crear un espacio de aprendizaje y bienestar para los alumnos y maestros, se busc\u00f3 el dinamismo del espacio.","breadcrumb":{"@id":"https:\/\/www.arquimaster.com.ar\/web\/salones-de-primaria-del-colegio-cimort-arco-arquitectura-contemporanea\/#breadcrumb"},"inLanguage":"es","potentialAction":[{"@type":"ReadAction","target":["https:\/\/www.arquimaster.com.ar\/web\/salones-de-primaria-del-colegio-cimort-arco-arquitectura-contemporanea\/"]}]},{"@type":"ImageObject","inLanguage":"es","@id":"https:\/\/www.arquimaster.com.ar\/web\/salones-de-primaria-del-colegio-cimort-arco-arquitectura-contemporanea\/#primaryimage","url":"https:\/\/www.arquimaster.com.ar\/web\/wp-content\/uploads\/2022\/12\/salones_colegio_cimort_slide.jpg","contentUrl":"https:\/\/www.arquimaster.com.ar\/web\/wp-content\/uploads\/2022\/12\/salones_colegio_cimort_slide.jpg","width":698,"height":364,"caption":"Salones de Primaria del Colegio CimOrt \/ ARCO Arquitectura Contempor\u00e1nea"},{"@type":"BreadcrumbList","@id":"https:\/\/www.arquimaster.com.ar\/web\/salones-de-primaria-del-colegio-cimort-arco-arquitectura-contemporanea\/#breadcrumb","itemListElement":[{"@type":"ListItem","position":1,"name":"Portada","item":"https:\/\/www.arquimaster.com.ar\/web\/"},{"@type":"ListItem","position":2,"name":"Salones de Primaria del Colegio CimOrt \/ ARCO Arquitectura Contempor\u00e1nea"}]},{"@type":"WebSite","@id":"https:\/\/www.arquimaster.com.ar\/web\/#website","url":"https:\/\/www.arquimaster.com.ar\/web\/","name":"Arquimaster","description":"Web de arquitectura, dise\u00f1o y construccion","publisher":{"@id":"https:\/\/www.arquimaster.com.ar\/web\/#organization"},"potentialAction":[{"@type":"SearchAction","target":{"@type":"EntryPoint","urlTemplate":"https:\/\/www.arquimaster.com.ar\/web\/?s={search_term_string}"},"query-input":{"@type":"PropertyValueSpecification","valueRequired":true,"valueName":"search_term_string"}}],"inLanguage":"es"},{"@type":"Organization","@id":"https:\/\/www.arquimaster.com.ar\/web\/#organization","name":"Arquimaster","url":"https:\/\/www.arquimaster.com.ar\/web\/","logo":{"@type":"ImageObject","inLanguage":"es","@id":"https:\/\/www.arquimaster.com.ar\/web\/#\/schema\/logo\/image\/","url":"https:\/\/www.arquimaster.com.ar\/web\/wp-content\/uploads\/2022\/06\/arquimaster.png","contentUrl":"https:\/\/www.arquimaster.com.ar\/web\/wp-content\/uploads\/2022\/06\/arquimaster.png","width":594,"height":78,"caption":"Arquimaster"},"image":{"@id":"https:\/\/www.arquimaster.com.ar\/web\/#\/schema\/logo\/image\/"},"sameAs":["http:\/\/www.facebook.com\/ARQUIMASTER.com.ar","https:\/\/x.com\/arquimaster","https:\/\/www.instagram.com\/arquimasterblog\/","https:\/\/www.linkedin.com\/company\/arquimaster","https:\/\/www.pinterest.com\/arquimaster","https:\/\/t.me\/arquimaster"]},{"@type":"Person","@id":"https:\/\/www.arquimaster.com.ar\/web\/#\/schema\/person\/359e9f7c00193fcde068e0dd2ceb0028","name":"Arquimaster"}]}},"uagb_featured_image_src":{"full":["https:\/\/www.arquimaster.com.ar\/web\/wp-content\/uploads\/2022\/12\/salones_colegio_cimort_slide.jpg",698,364,false],"thumbnail":["https:\/\/www.arquimaster.com.ar\/web\/wp-content\/uploads\/2022\/12\/salones_colegio_cimort_slide-150x150.jpg",150,150,true],"medium":["https:\/\/www.arquimaster.com.ar\/web\/wp-content\/uploads\/2022\/12\/salones_colegio_cimort_slide.jpg",698,364,false],"medium_large":["https:\/\/www.arquimaster.com.ar\/web\/wp-content\/uploads\/2022\/12\/salones_colegio_cimort_slide.jpg",698,364,false],"large":["https:\/\/www.arquimaster.com.ar\/web\/wp-content\/uploads\/2022\/12\/salones_colegio_cimort_slide.jpg",698,364,false],"1536x1536":["https:\/\/www.arquimaster.com.ar\/web\/wp-content\/uploads\/2022\/12\/salones_colegio_cimort_slide.jpg",698,364,false],"2048x2048":["https:\/\/www.arquimaster.com.ar\/web\/wp-content\/uploads\/2022\/12\/salones_colegio_cimort_slide.jpg",698,364,false]},"uagb_author_info":{"display_name":"Arquimaster","author_link":"https:\/\/www.arquimaster.com.ar\/web\/author\/arquimaster\/"},"uagb_comment_info":0,"uagb_excerpt":"Crear un espacio de aprendizaje y bienestar para los alumnos y maestros...","_links":{"self":[{"href":"https:\/\/www.arquimaster.com.ar\/web\/wp-json\/wp\/v2\/posts\/73889","targetHints":{"allow":["GET"]}}],"collection":[{"href":"https:\/\/www.arquimaster.com.ar\/web\/wp-json\/wp\/v2\/posts"}],"about":[{"href":"https:\/\/www.arquimaster.com.ar\/web\/wp-json\/wp\/v2\/types\/post"}],"author":[{"embeddable":true,"href":"https:\/\/www.arquimaster.com.ar\/web\/wp-json\/wp\/v2\/users\/1"}],"replies":[{"embeddable":true,"href":"https:\/\/www.arquimaster.com.ar\/web\/wp-json\/wp\/v2\/comments?post=73889"}],"version-history":[{"count":1,"href":"https:\/\/www.arquimaster.com.ar\/web\/wp-json\/wp\/v2\/posts\/73889\/revisions"}],"predecessor-version":[{"id":73902,"href":"https:\/\/www.arquimaster.com.ar\/web\/wp-json\/wp\/v2\/posts\/73889\/revisions\/73902"}],"wp:featuredmedia":[{"embeddable":true,"href":"https:\/\/www.arquimaster.com.ar\/web\/wp-json\/wp\/v2\/media\/73890"}],"wp:attachment":[{"href":"https:\/\/www.arquimaster.com.ar\/web\/wp-json\/wp\/v2\/media?parent=73889"}],"wp:term":[{"taxonomy":"category","embeddable":true,"href":"https:\/\/www.arquimaster.com.ar\/web\/wp-json\/wp\/v2\/categories?post=73889"},{"taxonomy":"post_tag","embeddable":true,"href":"https:\/\/www.arquimaster.com.ar\/web\/wp-json\/wp\/v2\/tags?post=73889"}],"curies":[{"name":"wp","href":"https:\/\/api.w.org\/{rel}","templated":true}]}}