{"id":73903,"date":"2022-12-19T15:59:00","date_gmt":"2022-12-19T18:59:00","guid":{"rendered":"https:\/\/www.arquimaster.com.ar\/web\/?p=73903"},"modified":"2022-12-20T13:01:57","modified_gmt":"2022-12-20T16:01:57","slug":"talleres-y-pasillos-del-colegio-cimort-arco-arquitectura-contemporanea","status":"publish","type":"post","link":"https:\/\/www.arquimaster.com.ar\/web\/talleres-y-pasillos-del-colegio-cimort-arco-arquitectura-contemporanea\/","title":{"rendered":"Talleres y pasillos del Colegio CimOrt \/ ARCO Arquitectura Contempor\u00e1nea"},"content":{"rendered":"<div style=\"margin-top: 0px; margin-bottom: 0px;\" class=\"sharethis-inline-share-buttons\" ><\/div><div class=\"b812932af2e751442846f039925109de\" data-index=\"1\" style=\"float: none; margin:25px 0 25px 0; text-align:center;\">\n<script async src=\"https:\/\/pagead2.googlesyndication.com\/pagead\/js\/adsbygoogle.js\"><\/script>\r\n<!-- Arquimaster (superior) -->\r\n<ins class=\"adsbygoogle\"\r\n     style=\"display:block\"\r\n     data-ad-client=\"ca-pub-6351072698456832\"\r\n     data-ad-slot=\"6455489680\"\r\n     data-ad-format=\"auto\"\r\n     data-full-width-responsive=\"true\"><\/ins>\r\n<script>\r\n     (adsbygoogle = window.adsbygoogle || []).push({});\r\n<\/script>\n<\/div>\n<p><strong>Talleres y pasillos del Colegio CimOrt<\/strong> (Ciudad de M\u00e9xico, M\u00e9xico) por <strong>ARCO Arquitectura Contempor\u00e1nea<\/strong>. El objetivo de la remodelaci\u00f3n del pasillo fue transformar una circulaci\u00f3n, en un espacio de exhibici\u00f3n y encuentro, un lugar que los alumnos y maestros puedan utilizar siempre, ya sea como galer\u00eda de trabajos de los diferentes talleres, presentaciones, pl\u00e1ticas, entre muchos otros.<\/p>\n<div id='gallery-1' class='gallery galleryid-73903 gallery-columns-3 gallery-size-thumbnail'><figure class='gallery-item'>\n\t\t\t<div class='gallery-icon landscape'>\n\t\t\t\t<a href='https:\/\/www.arquimaster.com.ar\/web\/wp-content\/uploads\/2022\/12\/talleres_colegio_cimort_1.jpg' title=\"Talleres y pasillos del Colegio CimOrt \/ ARCO Arquitectura Contempor\u00e1nea (\u00a9 Jaime Navarro)\" data-rl_title=\"Talleres y pasillos del Colegio CimOrt \/ ARCO Arquitectura Contempor\u00e1nea (\u00a9 Jaime Navarro)\" class=\"rl-gallery-link\" data-rl_caption=\"Talleres y pasillos del Colegio CimOrt \/ ARCO Arquitectura Contempor\u00e1nea (\u00a9 Jaime Navarro)\" data-rel=\"lightbox-gallery-1\"><img loading=\"lazy\" decoding=\"async\" width=\"150\" height=\"150\" src=\"https:\/\/www.arquimaster.com.ar\/web\/wp-content\/uploads\/2022\/12\/talleres_colegio_cimort_1-150x150.jpg\" class=\"attachment-thumbnail size-thumbnail\" alt=\"Talleres y pasillos del Colegio CimOrt \/ ARCO Arquitectura Contempor\u00e1nea\" aria-describedby=\"gallery-1-73905\" \/><\/a>\n\t\t\t<\/div>\n\t\t\t\t<figcaption class='wp-caption-text gallery-caption' id='gallery-1-73905'>\n\t\t\t\tTalleres y pasillos del Colegio CimOrt \/ ARCO Arquitectura Contempor\u00e1nea (\u00a9 Jaime Navarro)\n\t\t\t\t<\/figcaption><\/figure><figure class='gallery-item'>\n\t\t\t<div class='gallery-icon landscape'>\n\t\t\t\t<a href='https:\/\/www.arquimaster.com.ar\/web\/wp-content\/uploads\/2022\/12\/talleres_colegio_cimort_2.jpg' title=\"Talleres y pasillos del Colegio CimOrt \/ ARCO Arquitectura Contempor\u00e1nea (\u00a9 Jaime Navarro)\" data-rl_title=\"Talleres y pasillos del Colegio CimOrt \/ ARCO Arquitectura Contempor\u00e1nea (\u00a9 Jaime Navarro)\" class=\"rl-gallery-link\" data-rl_caption=\"Talleres y pasillos del Colegio CimOrt \/ ARCO Arquitectura Contempor\u00e1nea (\u00a9 Jaime Navarro)\" data-rel=\"lightbox-gallery-1\"><img loading=\"lazy\" decoding=\"async\" width=\"150\" height=\"150\" src=\"https:\/\/www.arquimaster.com.ar\/web\/wp-content\/uploads\/2022\/12\/talleres_colegio_cimort_2-150x150.jpg\" class=\"attachment-thumbnail size-thumbnail\" alt=\"Talleres y pasillos del Colegio CimOrt \/ ARCO Arquitectura Contempor\u00e1nea\" aria-describedby=\"gallery-1-73906\" \/><\/a>\n\t\t\t<\/div>\n\t\t\t\t<figcaption class='wp-caption-text gallery-caption' id='gallery-1-73906'>\n\t\t\t\tTalleres y pasillos del Colegio CimOrt \/ ARCO Arquitectura Contempor\u00e1nea (\u00a9 Jaime Navarro)\n\t\t\t\t<\/figcaption><\/figure><figure class='gallery-item'>\n\t\t\t<div class='gallery-icon landscape'>\n\t\t\t\t<a href='https:\/\/www.arquimaster.com.ar\/web\/wp-content\/uploads\/2022\/12\/talleres_colegio_cimort_3.jpg' title=\"Talleres y pasillos del Colegio CimOrt \/ ARCO Arquitectura Contempor\u00e1nea (\u00a9 Jaime Navarro)\" data-rl_title=\"Talleres y pasillos del Colegio CimOrt \/ ARCO Arquitectura Contempor\u00e1nea (\u00a9 Jaime Navarro)\" class=\"rl-gallery-link\" data-rl_caption=\"Talleres y pasillos del Colegio CimOrt \/ ARCO Arquitectura Contempor\u00e1nea (\u00a9 Jaime Navarro)\" data-rel=\"lightbox-gallery-1\"><img loading=\"lazy\" decoding=\"async\" width=\"150\" height=\"150\" src=\"https:\/\/www.arquimaster.com.ar\/web\/wp-content\/uploads\/2022\/12\/talleres_colegio_cimort_3-150x150.jpg\" class=\"attachment-thumbnail size-thumbnail\" alt=\"Talleres y pasillos del Colegio CimOrt \/ ARCO Arquitectura Contempor\u00e1nea\" aria-describedby=\"gallery-1-73907\" \/><\/a>\n\t\t\t<\/div>\n\t\t\t\t<figcaption class='wp-caption-text gallery-caption' id='gallery-1-73907'>\n\t\t\t\tTalleres y pasillos del Colegio CimOrt \/ ARCO Arquitectura Contempor\u00e1nea (\u00a9 Jaime Navarro)\n\t\t\t\t<\/figcaption><\/figure><figure class='gallery-item'>\n\t\t\t<div class='gallery-icon landscape'>\n\t\t\t\t<a href='https:\/\/www.arquimaster.com.ar\/web\/wp-content\/uploads\/2022\/12\/talleres_colegio_cimort_4.jpg' title=\"Talleres y pasillos del Colegio CimOrt \/ ARCO Arquitectura Contempor\u00e1nea (\u00a9 Jaime Navarro)\" data-rl_title=\"Talleres y pasillos del Colegio CimOrt \/ ARCO Arquitectura Contempor\u00e1nea (\u00a9 Jaime Navarro)\" class=\"rl-gallery-link\" data-rl_caption=\"Talleres y pasillos del Colegio CimOrt \/ ARCO Arquitectura Contempor\u00e1nea (\u00a9 Jaime Navarro)\" data-rel=\"lightbox-gallery-1\"><img loading=\"lazy\" decoding=\"async\" width=\"150\" height=\"150\" src=\"https:\/\/www.arquimaster.com.ar\/web\/wp-content\/uploads\/2022\/12\/talleres_colegio_cimort_4-150x150.jpg\" class=\"attachment-thumbnail size-thumbnail\" alt=\"Talleres y pasillos del Colegio CimOrt \/ ARCO Arquitectura Contempor\u00e1nea\" aria-describedby=\"gallery-1-73908\" \/><\/a>\n\t\t\t<\/div>\n\t\t\t\t<figcaption class='wp-caption-text gallery-caption' id='gallery-1-73908'>\n\t\t\t\tTalleres y pasillos del Colegio CimOrt \/ ARCO Arquitectura Contempor\u00e1nea (\u00a9 Jaime Navarro)\n\t\t\t\t<\/figcaption><\/figure><figure class='gallery-item'>\n\t\t\t<div class='gallery-icon landscape'>\n\t\t\t\t<a href='https:\/\/www.arquimaster.com.ar\/web\/wp-content\/uploads\/2022\/12\/talleres_colegio_cimort_5.jpg' title=\"Talleres y pasillos del Colegio CimOrt \/ ARCO Arquitectura Contempor\u00e1nea (\u00a9 Jaime Navarro)\" data-rl_title=\"Talleres y pasillos del Colegio CimOrt \/ ARCO Arquitectura Contempor\u00e1nea (\u00a9 Jaime Navarro)\" class=\"rl-gallery-link\" data-rl_caption=\"Talleres y pasillos del Colegio CimOrt \/ ARCO Arquitectura Contempor\u00e1nea (\u00a9 Jaime Navarro)\" data-rel=\"lightbox-gallery-1\"><img loading=\"lazy\" decoding=\"async\" width=\"150\" height=\"150\" src=\"https:\/\/www.arquimaster.com.ar\/web\/wp-content\/uploads\/2022\/12\/talleres_colegio_cimort_5-150x150.jpg\" class=\"attachment-thumbnail size-thumbnail\" alt=\"Talleres y pasillos del Colegio CimOrt \/ ARCO Arquitectura Contempor\u00e1nea\" aria-describedby=\"gallery-1-73909\" \/><\/a>\n\t\t\t<\/div>\n\t\t\t\t<figcaption class='wp-caption-text gallery-caption' id='gallery-1-73909'>\n\t\t\t\tTalleres y pasillos del Colegio CimOrt \/ ARCO Arquitectura Contempor\u00e1nea (\u00a9 Jaime Navarro)\n\t\t\t\t<\/figcaption><\/figure><figure class='gallery-item'>\n\t\t\t<div class='gallery-icon landscape'>\n\t\t\t\t<a href='https:\/\/www.arquimaster.com.ar\/web\/wp-content\/uploads\/2022\/12\/talleres_colegio_cimort_6.jpg' title=\"Talleres y pasillos del Colegio CimOrt \/ ARCO Arquitectura Contempor\u00e1nea (\u00a9 Jaime Navarro)\" data-rl_title=\"Talleres y pasillos del Colegio CimOrt \/ ARCO Arquitectura Contempor\u00e1nea (\u00a9 Jaime Navarro)\" class=\"rl-gallery-link\" data-rl_caption=\"Talleres y pasillos del Colegio CimOrt \/ ARCO Arquitectura Contempor\u00e1nea (\u00a9 Jaime Navarro)\" data-rel=\"lightbox-gallery-1\"><img loading=\"lazy\" decoding=\"async\" width=\"150\" height=\"150\" src=\"https:\/\/www.arquimaster.com.ar\/web\/wp-content\/uploads\/2022\/12\/talleres_colegio_cimort_6-150x150.jpg\" class=\"attachment-thumbnail size-thumbnail\" alt=\"Talleres y pasillos del Colegio CimOrt \/ ARCO Arquitectura Contempor\u00e1nea\" aria-describedby=\"gallery-1-73910\" \/><\/a>\n\t\t\t<\/div>\n\t\t\t\t<figcaption class='wp-caption-text gallery-caption' id='gallery-1-73910'>\n\t\t\t\tTalleres y pasillos del Colegio CimOrt \/ ARCO Arquitectura Contempor\u00e1nea (\u00a9 Jaime Navarro)\n\t\t\t\t<\/figcaption><\/figure><figure class='gallery-item'>\n\t\t\t<div class='gallery-icon landscape'>\n\t\t\t\t<a href='https:\/\/www.arquimaster.com.ar\/web\/wp-content\/uploads\/2022\/12\/talleres_colegio_cimort_7.jpg' title=\"Talleres y pasillos del Colegio CimOrt \/ ARCO Arquitectura Contempor\u00e1nea (\u00a9 Jaime Navarro)\" data-rl_title=\"Talleres y pasillos del Colegio CimOrt \/ ARCO Arquitectura Contempor\u00e1nea (\u00a9 Jaime Navarro)\" class=\"rl-gallery-link\" data-rl_caption=\"Talleres y pasillos del Colegio CimOrt \/ ARCO Arquitectura Contempor\u00e1nea (\u00a9 Jaime Navarro)\" data-rel=\"lightbox-gallery-1\"><img loading=\"lazy\" decoding=\"async\" width=\"150\" height=\"150\" src=\"https:\/\/www.arquimaster.com.ar\/web\/wp-content\/uploads\/2022\/12\/talleres_colegio_cimort_7-150x150.jpg\" class=\"attachment-thumbnail size-thumbnail\" alt=\"Talleres y pasillos del Colegio CimOrt \/ ARCO Arquitectura Contempor\u00e1nea\" aria-describedby=\"gallery-1-73911\" \/><\/a>\n\t\t\t<\/div>\n\t\t\t\t<figcaption class='wp-caption-text gallery-caption' id='gallery-1-73911'>\n\t\t\t\tTalleres y pasillos del Colegio CimOrt \/ ARCO Arquitectura Contempor\u00e1nea (\u00a9 Jaime Navarro)\n\t\t\t\t<\/figcaption><\/figure><figure class='gallery-item'>\n\t\t\t<div class='gallery-icon landscape'>\n\t\t\t\t<a href='https:\/\/www.arquimaster.com.ar\/web\/wp-content\/uploads\/2022\/12\/talleres_colegio_cimort_8.jpg' title=\"Talleres y pasillos del Colegio CimOrt \/ ARCO Arquitectura Contempor\u00e1nea (\u00a9 Jaime Navarro)\" data-rl_title=\"Talleres y pasillos del Colegio CimOrt \/ ARCO Arquitectura Contempor\u00e1nea (\u00a9 Jaime Navarro)\" class=\"rl-gallery-link\" data-rl_caption=\"Talleres y pasillos del Colegio CimOrt \/ ARCO Arquitectura Contempor\u00e1nea (\u00a9 Jaime Navarro)\" data-rel=\"lightbox-gallery-1\"><img loading=\"lazy\" decoding=\"async\" width=\"150\" height=\"150\" src=\"https:\/\/www.arquimaster.com.ar\/web\/wp-content\/uploads\/2022\/12\/talleres_colegio_cimort_8-150x150.jpg\" class=\"attachment-thumbnail size-thumbnail\" alt=\"Talleres y pasillos del Colegio CimOrt \/ ARCO Arquitectura Contempor\u00e1nea\" aria-describedby=\"gallery-1-73912\" \/><\/a>\n\t\t\t<\/div>\n\t\t\t\t<figcaption class='wp-caption-text gallery-caption' id='gallery-1-73912'>\n\t\t\t\tTalleres y pasillos del Colegio CimOrt \/ ARCO Arquitectura Contempor\u00e1nea (\u00a9 Jaime Navarro)\n\t\t\t\t<\/figcaption><\/figure><figure class='gallery-item'>\n\t\t\t<div class='gallery-icon landscape'>\n\t\t\t\t<a href='https:\/\/www.arquimaster.com.ar\/web\/wp-content\/uploads\/2022\/12\/talleres_colegio_cimort_9.jpg' title=\"Talleres y pasillos del Colegio CimOrt \/ ARCO Arquitectura Contempor\u00e1nea (\u00a9 Jaime Navarro)\" data-rl_title=\"Talleres y pasillos del Colegio CimOrt \/ ARCO Arquitectura Contempor\u00e1nea (\u00a9 Jaime Navarro)\" class=\"rl-gallery-link\" data-rl_caption=\"Talleres y pasillos del Colegio CimOrt \/ ARCO Arquitectura Contempor\u00e1nea (\u00a9 Jaime Navarro)\" data-rel=\"lightbox-gallery-1\"><img loading=\"lazy\" decoding=\"async\" width=\"150\" height=\"150\" src=\"https:\/\/www.arquimaster.com.ar\/web\/wp-content\/uploads\/2022\/12\/talleres_colegio_cimort_9-150x150.jpg\" class=\"attachment-thumbnail size-thumbnail\" alt=\"Talleres y pasillos del Colegio CimOrt \/ ARCO Arquitectura Contempor\u00e1nea\" aria-describedby=\"gallery-1-73913\" \/><\/a>\n\t\t\t<\/div>\n\t\t\t\t<figcaption class='wp-caption-text gallery-caption' id='gallery-1-73913'>\n\t\t\t\tTalleres y pasillos del Colegio CimOrt \/ ARCO Arquitectura Contempor\u00e1nea (\u00a9 Jaime Navarro)\n\t\t\t\t<\/figcaption><\/figure><figure class='gallery-item'>\n\t\t\t<div class='gallery-icon landscape'>\n\t\t\t\t<a href='https:\/\/www.arquimaster.com.ar\/web\/wp-content\/uploads\/2022\/12\/talleres_colegio_cimort_10.jpg' title=\"Talleres y pasillos del Colegio CimOrt \/ ARCO Arquitectura Contempor\u00e1nea (\u00a9 Jaime Navarro)\" data-rl_title=\"Talleres y pasillos del Colegio CimOrt \/ ARCO Arquitectura Contempor\u00e1nea (\u00a9 Jaime Navarro)\" class=\"rl-gallery-link\" data-rl_caption=\"Talleres y pasillos del Colegio CimOrt \/ ARCO Arquitectura Contempor\u00e1nea (\u00a9 Jaime Navarro)\" data-rel=\"lightbox-gallery-1\"><img loading=\"lazy\" decoding=\"async\" width=\"150\" height=\"150\" src=\"https:\/\/www.arquimaster.com.ar\/web\/wp-content\/uploads\/2022\/12\/talleres_colegio_cimort_10-150x150.jpg\" class=\"attachment-thumbnail size-thumbnail\" alt=\"Talleres y pasillos del Colegio CimOrt \/ ARCO Arquitectura Contempor\u00e1nea\" aria-describedby=\"gallery-1-73914\" \/><\/a>\n\t\t\t<\/div>\n\t\t\t\t<figcaption class='wp-caption-text gallery-caption' id='gallery-1-73914'>\n\t\t\t\tTalleres y pasillos del Colegio CimOrt \/ ARCO Arquitectura Contempor\u00e1nea (\u00a9 Jaime Navarro)\n\t\t\t\t<\/figcaption><\/figure><figure class='gallery-item'>\n\t\t\t<div class='gallery-icon landscape'>\n\t\t\t\t<a href='https:\/\/www.arquimaster.com.ar\/web\/wp-content\/uploads\/2022\/12\/talleres_colegio_cimort_11.jpg' title=\"Talleres y pasillos del Colegio CimOrt \/ ARCO Arquitectura Contempor\u00e1nea (\u00a9 Jaime Navarro)\" data-rl_title=\"Talleres y pasillos del Colegio CimOrt \/ ARCO Arquitectura Contempor\u00e1nea (\u00a9 Jaime Navarro)\" class=\"rl-gallery-link\" data-rl_caption=\"Talleres y pasillos del Colegio CimOrt \/ ARCO Arquitectura Contempor\u00e1nea (\u00a9 Jaime Navarro)\" data-rel=\"lightbox-gallery-1\"><img loading=\"lazy\" decoding=\"async\" width=\"150\" height=\"150\" src=\"https:\/\/www.arquimaster.com.ar\/web\/wp-content\/uploads\/2022\/12\/talleres_colegio_cimort_11-150x150.jpg\" class=\"attachment-thumbnail size-thumbnail\" alt=\"Talleres y pasillos del Colegio CimOrt \/ ARCO Arquitectura Contempor\u00e1nea\" aria-describedby=\"gallery-1-73915\" \/><\/a>\n\t\t\t<\/div>\n\t\t\t\t<figcaption class='wp-caption-text gallery-caption' id='gallery-1-73915'>\n\t\t\t\tTalleres y pasillos del Colegio CimOrt \/ ARCO Arquitectura Contempor\u00e1nea (\u00a9 Jaime Navarro)\n\t\t\t\t<\/figcaption><\/figure><figure class='gallery-item'>\n\t\t\t<div class='gallery-icon landscape'>\n\t\t\t\t<a href='https:\/\/www.arquimaster.com.ar\/web\/wp-content\/uploads\/2022\/12\/talleres_colegio_cimort_12.jpg' title=\"Talleres y pasillos del Colegio CimOrt \/ ARCO Arquitectura Contempor\u00e1nea (\u00a9 Jaime Navarro)\" data-rl_title=\"Talleres y pasillos del Colegio CimOrt \/ ARCO Arquitectura Contempor\u00e1nea (\u00a9 Jaime Navarro)\" class=\"rl-gallery-link\" data-rl_caption=\"Talleres y pasillos del Colegio CimOrt \/ ARCO Arquitectura Contempor\u00e1nea (\u00a9 Jaime Navarro)\" data-rel=\"lightbox-gallery-1\"><img loading=\"lazy\" decoding=\"async\" width=\"150\" height=\"150\" src=\"https:\/\/www.arquimaster.com.ar\/web\/wp-content\/uploads\/2022\/12\/talleres_colegio_cimort_12-150x150.jpg\" class=\"attachment-thumbnail size-thumbnail\" alt=\"Talleres y pasillos del Colegio CimOrt \/ ARCO Arquitectura Contempor\u00e1nea\" aria-describedby=\"gallery-1-73916\" \/><\/a>\n\t\t\t<\/div>\n\t\t\t\t<figcaption class='wp-caption-text gallery-caption' id='gallery-1-73916'>\n\t\t\t\tTalleres y pasillos del Colegio CimOrt \/ ARCO Arquitectura Contempor\u00e1nea (\u00a9 Jaime Navarro)\n\t\t\t\t<\/figcaption><\/figure><figure class='gallery-item'>\n\t\t\t<div class='gallery-icon portrait'>\n\t\t\t\t<a href='https:\/\/www.arquimaster.com.ar\/web\/wp-content\/uploads\/2022\/12\/talleres_colegio_cimort_13.jpg' title=\"Talleres y pasillos del Colegio CimOrt \/ ARCO Arquitectura Contempor\u00e1nea (\u00a9 Jaime Navarro)\" data-rl_title=\"Talleres y pasillos del Colegio CimOrt \/ ARCO Arquitectura Contempor\u00e1nea (\u00a9 Jaime Navarro)\" class=\"rl-gallery-link\" data-rl_caption=\"Talleres y pasillos del Colegio CimOrt \/ ARCO Arquitectura Contempor\u00e1nea (\u00a9 Jaime Navarro)\" data-rel=\"lightbox-gallery-1\"><img loading=\"lazy\" decoding=\"async\" width=\"150\" height=\"150\" src=\"https:\/\/www.arquimaster.com.ar\/web\/wp-content\/uploads\/2022\/12\/talleres_colegio_cimort_13-150x150.jpg\" class=\"attachment-thumbnail size-thumbnail\" alt=\"Talleres y pasillos del Colegio CimOrt \/ ARCO Arquitectura Contempor\u00e1nea\" aria-describedby=\"gallery-1-73917\" \/><\/a>\n\t\t\t<\/div>\n\t\t\t\t<figcaption class='wp-caption-text gallery-caption' id='gallery-1-73917'>\n\t\t\t\tTalleres y pasillos del Colegio CimOrt \/ ARCO Arquitectura Contempor\u00e1nea (\u00a9 Jaime Navarro)\n\t\t\t\t<\/figcaption><\/figure><figure class='gallery-item'>\n\t\t\t<div class='gallery-icon landscape'>\n\t\t\t\t<a href='https:\/\/www.arquimaster.com.ar\/web\/wp-content\/uploads\/2022\/12\/talleres_colegio_cimort_14.jpg' title=\"Talleres y pasillos del Colegio CimOrt \/ ARCO Arquitectura Contempor\u00e1nea (\u00a9 Jaime Navarro)\" data-rl_title=\"Talleres y pasillos del Colegio CimOrt \/ ARCO Arquitectura Contempor\u00e1nea (\u00a9 Jaime Navarro)\" class=\"rl-gallery-link\" data-rl_caption=\"Talleres y pasillos del Colegio CimOrt \/ ARCO Arquitectura Contempor\u00e1nea (\u00a9 Jaime Navarro)\" data-rel=\"lightbox-gallery-1\"><img loading=\"lazy\" decoding=\"async\" width=\"150\" height=\"150\" src=\"https:\/\/www.arquimaster.com.ar\/web\/wp-content\/uploads\/2022\/12\/talleres_colegio_cimort_14-150x150.jpg\" class=\"attachment-thumbnail size-thumbnail\" alt=\"Talleres y pasillos del Colegio CimOrt \/ ARCO Arquitectura Contempor\u00e1nea\" aria-describedby=\"gallery-1-73918\" \/><\/a>\n\t\t\t<\/div>\n\t\t\t\t<figcaption class='wp-caption-text gallery-caption' id='gallery-1-73918'>\n\t\t\t\tTalleres y pasillos del Colegio CimOrt \/ ARCO Arquitectura Contempor\u00e1nea (\u00a9 Jaime Navarro)\n\t\t\t\t<\/figcaption><\/figure><figure class='gallery-item'>\n\t\t\t<div class='gallery-icon landscape'>\n\t\t\t\t<a href='https:\/\/www.arquimaster.com.ar\/web\/wp-content\/uploads\/2022\/12\/talleres_colegio_cimort_15.jpg' title=\"Talleres y pasillos del Colegio CimOrt \/ ARCO Arquitectura Contempor\u00e1nea (\u00a9 Jaime Navarro)\" data-rl_title=\"Talleres y pasillos del Colegio CimOrt \/ ARCO Arquitectura Contempor\u00e1nea (\u00a9 Jaime Navarro)\" class=\"rl-gallery-link\" data-rl_caption=\"Talleres y pasillos del Colegio CimOrt \/ ARCO Arquitectura Contempor\u00e1nea (\u00a9 Jaime Navarro)\" data-rel=\"lightbox-gallery-1\"><img loading=\"lazy\" decoding=\"async\" width=\"150\" height=\"150\" src=\"https:\/\/www.arquimaster.com.ar\/web\/wp-content\/uploads\/2022\/12\/talleres_colegio_cimort_15-150x150.jpg\" class=\"attachment-thumbnail size-thumbnail\" alt=\"Talleres y pasillos del Colegio CimOrt \/ ARCO Arquitectura Contempor\u00e1nea\" aria-describedby=\"gallery-1-73919\" \/><\/a>\n\t\t\t<\/div>\n\t\t\t\t<figcaption class='wp-caption-text gallery-caption' id='gallery-1-73919'>\n\t\t\t\tTalleres y pasillos del Colegio CimOrt \/ ARCO Arquitectura Contempor\u00e1nea (\u00a9 Jaime Navarro)\n\t\t\t\t<\/figcaption><\/figure><figure class='gallery-item'>\n\t\t\t<div class='gallery-icon landscape'>\n\t\t\t\t<a href='https:\/\/www.arquimaster.com.ar\/web\/wp-content\/uploads\/2022\/12\/talleres_colegio_cimort_16.jpg' title=\"Talleres y pasillos del Colegio CimOrt \/ ARCO Arquitectura Contempor\u00e1nea (\u00a9 Jaime Navarro)\" data-rl_title=\"Talleres y pasillos del Colegio CimOrt \/ ARCO Arquitectura Contempor\u00e1nea (\u00a9 Jaime Navarro)\" class=\"rl-gallery-link\" data-rl_caption=\"Talleres y pasillos del Colegio CimOrt \/ ARCO Arquitectura Contempor\u00e1nea (\u00a9 Jaime Navarro)\" data-rel=\"lightbox-gallery-1\"><img loading=\"lazy\" decoding=\"async\" width=\"150\" height=\"150\" src=\"https:\/\/www.arquimaster.com.ar\/web\/wp-content\/uploads\/2022\/12\/talleres_colegio_cimort_16-150x150.jpg\" class=\"attachment-thumbnail size-thumbnail\" alt=\"Talleres y pasillos del Colegio CimOrt \/ ARCO Arquitectura Contempor\u00e1nea\" aria-describedby=\"gallery-1-73920\" \/><\/a>\n\t\t\t<\/div>\n\t\t\t\t<figcaption class='wp-caption-text gallery-caption' id='gallery-1-73920'>\n\t\t\t\tTalleres y pasillos del Colegio CimOrt \/ ARCO Arquitectura Contempor\u00e1nea (\u00a9 Jaime Navarro)\n\t\t\t\t<\/figcaption><\/figure><figure class='gallery-item'>\n\t\t\t<div class='gallery-icon landscape'>\n\t\t\t\t<a href='https:\/\/www.arquimaster.com.ar\/web\/wp-content\/uploads\/2022\/12\/talleres_colegio_cimort_17.jpg' title=\"Talleres y pasillos del Colegio CimOrt \/ ARCO Arquitectura Contempor\u00e1nea (\u00a9 Jaime Navarro)\" data-rl_title=\"Talleres y pasillos del Colegio CimOrt \/ ARCO Arquitectura Contempor\u00e1nea (\u00a9 Jaime Navarro)\" class=\"rl-gallery-link\" data-rl_caption=\"Talleres y pasillos del Colegio CimOrt \/ ARCO Arquitectura Contempor\u00e1nea (\u00a9 Jaime Navarro)\" data-rel=\"lightbox-gallery-1\"><img loading=\"lazy\" decoding=\"async\" width=\"150\" height=\"150\" src=\"https:\/\/www.arquimaster.com.ar\/web\/wp-content\/uploads\/2022\/12\/talleres_colegio_cimort_17-150x150.jpg\" class=\"attachment-thumbnail size-thumbnail\" alt=\"Talleres y pasillos del Colegio CimOrt \/ ARCO Arquitectura Contempor\u00e1nea\" aria-describedby=\"gallery-1-73921\" \/><\/a>\n\t\t\t<\/div>\n\t\t\t\t<figcaption class='wp-caption-text gallery-caption' id='gallery-1-73921'>\n\t\t\t\tTalleres y pasillos del Colegio CimOrt \/ ARCO Arquitectura Contempor\u00e1nea (\u00a9 Jaime Navarro)\n\t\t\t\t<\/figcaption><\/figure><figure class='gallery-item'>\n\t\t\t<div class='gallery-icon landscape'>\n\t\t\t\t<a href='https:\/\/www.arquimaster.com.ar\/web\/wp-content\/uploads\/2022\/12\/talleres_colegio_cimort_18.jpg' title=\"Talleres y pasillos del Colegio CimOrt \/ ARCO Arquitectura Contempor\u00e1nea (\u00a9 Jaime Navarro)\" data-rl_title=\"Talleres y pasillos del Colegio CimOrt \/ ARCO Arquitectura Contempor\u00e1nea (\u00a9 Jaime Navarro)\" class=\"rl-gallery-link\" data-rl_caption=\"Talleres y pasillos del Colegio CimOrt \/ ARCO Arquitectura Contempor\u00e1nea (\u00a9 Jaime Navarro)\" data-rel=\"lightbox-gallery-1\"><img loading=\"lazy\" decoding=\"async\" width=\"150\" height=\"150\" src=\"https:\/\/www.arquimaster.com.ar\/web\/wp-content\/uploads\/2022\/12\/talleres_colegio_cimort_18-150x150.jpg\" class=\"attachment-thumbnail size-thumbnail\" alt=\"Talleres y pasillos del Colegio CimOrt \/ ARCO Arquitectura Contempor\u00e1nea\" aria-describedby=\"gallery-1-73922\" \/><\/a>\n\t\t\t<\/div>\n\t\t\t\t<figcaption class='wp-caption-text gallery-caption' id='gallery-1-73922'>\n\t\t\t\tTalleres y pasillos del Colegio CimOrt \/ ARCO Arquitectura Contempor\u00e1nea (\u00a9 Jaime Navarro)\n\t\t\t\t<\/figcaption><\/figure><figure class='gallery-item'>\n\t\t\t<div class='gallery-icon landscape'>\n\t\t\t\t<a href='https:\/\/www.arquimaster.com.ar\/web\/wp-content\/uploads\/2022\/12\/talleres_colegio_cimort_19.jpg' title=\"Talleres y pasillos del Colegio CimOrt \/ ARCO Arquitectura Contempor\u00e1nea (\u00a9 Jaime Navarro)\" data-rl_title=\"Talleres y pasillos del Colegio CimOrt \/ ARCO Arquitectura Contempor\u00e1nea (\u00a9 Jaime Navarro)\" class=\"rl-gallery-link\" data-rl_caption=\"Talleres y pasillos del Colegio CimOrt \/ ARCO Arquitectura Contempor\u00e1nea (\u00a9 Jaime Navarro)\" data-rel=\"lightbox-gallery-1\"><img loading=\"lazy\" decoding=\"async\" width=\"150\" height=\"150\" src=\"https:\/\/www.arquimaster.com.ar\/web\/wp-content\/uploads\/2022\/12\/talleres_colegio_cimort_19-150x150.jpg\" class=\"attachment-thumbnail size-thumbnail\" alt=\"Talleres y pasillos del Colegio CimOrt \/ ARCO Arquitectura Contempor\u00e1nea\" aria-describedby=\"gallery-1-73923\" \/><\/a>\n\t\t\t<\/div>\n\t\t\t\t<figcaption class='wp-caption-text gallery-caption' id='gallery-1-73923'>\n\t\t\t\tTalleres y pasillos del Colegio CimOrt \/ ARCO Arquitectura Contempor\u00e1nea (\u00a9 Jaime Navarro)\n\t\t\t\t<\/figcaption><\/figure><figure class='gallery-item'>\n\t\t\t<div class='gallery-icon landscape'>\n\t\t\t\t<a href='https:\/\/www.arquimaster.com.ar\/web\/wp-content\/uploads\/2022\/12\/talleres_colegio_cimort_20.jpg' title=\"Talleres y pasillos del Colegio CimOrt \/ ARCO Arquitectura Contempor\u00e1nea (\u00a9 Jaime Navarro)\" data-rl_title=\"Talleres y pasillos del Colegio CimOrt \/ ARCO Arquitectura Contempor\u00e1nea (\u00a9 Jaime Navarro)\" class=\"rl-gallery-link\" data-rl_caption=\"Talleres y pasillos del Colegio CimOrt \/ ARCO Arquitectura Contempor\u00e1nea (\u00a9 Jaime Navarro)\" data-rel=\"lightbox-gallery-1\"><img loading=\"lazy\" decoding=\"async\" width=\"150\" height=\"150\" src=\"https:\/\/www.arquimaster.com.ar\/web\/wp-content\/uploads\/2022\/12\/talleres_colegio_cimort_20-150x150.jpg\" class=\"attachment-thumbnail size-thumbnail\" alt=\"Talleres y pasillos del Colegio CimOrt \/ ARCO Arquitectura Contempor\u00e1nea\" aria-describedby=\"gallery-1-73924\" \/><\/a>\n\t\t\t<\/div>\n\t\t\t\t<figcaption class='wp-caption-text gallery-caption' id='gallery-1-73924'>\n\t\t\t\tTalleres y pasillos del Colegio CimOrt \/ ARCO Arquitectura Contempor\u00e1nea (\u00a9 Jaime Navarro)\n\t\t\t\t<\/figcaption><\/figure>\n\t\t<\/div>\n\n<p>Se utilizaron pisos de porcelanato y un plaf\u00f3n vinil tipo madera que le da calidez y funciona como elemento fono absorbente, en el que adem\u00e1s se aplicaron acentos de color que lo vinculan con i.d.e.a. lab y los dem\u00e1s talleres del colegio. Es un espacio l\u00fadico, muy divertido y funcional.<\/p>\n<p>El pasillo comunica a los 5 talleres que tiene el colegio. En Powerlab se apoya a ni\u00f1os con problemas de aprendizaje con diferentes terapeutas. Dise\u00f1o, que es el \u00fanico taller para personal del colegio y no para los alumnos, es donde aprenden y practican todo lo relacionado con dise\u00f1o, comunicaci\u00f3n y eventos del colegio. Rob\u00f3tica es un taller de pr\u00e1cticas de rob\u00f3tica\u00a0y el taller de Arte se conecta con una extensi\u00f3n del Makerspace que creci\u00f3 ya que es el m\u00e1s popular.<\/p>\n<p>Cada taller fue dise\u00f1ado y pensado minuciosamente en conjunto con el personal del colegio para entender su uso y definir sus necesidades, as\u00ed como para poder dise\u00f1ar o especificar el mobiliario y equipamiento adecuado.<\/p>\n<p>Se hicieron instalaciones especiales para los sistemas de extracci\u00f3n de las m\u00e1quinas de corte, alimentaciones el\u00e9ctricas para las herramientas en los plafones y se revis\u00f3 e instal\u00f3 el tipo de luz especial para cada actividad, confirmando la seguridad y el bienestar de todos los usuarios.<\/p>\n\n\n<div style=\"height:20px\" aria-hidden=\"true\" class=\"wp-block-spacer\"><\/div>\n\n\n\n<p class=\"has-background\" style=\"background-color:#eaeaea\"><strong>Ficha t\u00e9cnica<\/strong><br>Nombre: CimOrt Talleres y pasillos<br>Ubicaci\u00f3n: Ciudad de M\u00e9xico, M\u00e9xico<br>Proyecto: ARCO Arquitectura Contempor\u00e1nea<br>Arq. Bernardo Lew, Arq. Jos\u00e9 Lew, Arq. Jos\u00e9 Mem\u00fam<br>Categor\u00eda: Educaci\u00f3n<br>\u00c1rea: 860 m2<br>A\u00f1o: 2020<br>Fotograf\u00eda: Jaime Navarro<br><br><strong>Contacto<\/strong><br><a href=\"https:\/\/www.ar-co.com.mx\" target=\"_blank\" rel=\"noreferrer noopener\">https:\/\/www.ar-co.com.mx<\/a><br>Twitter: @arcomexico<br>Instagram: @arcomexico<br>Facebook: ARCO ARQUITECTURA CONTEMPORANEA<\/p>\n\n\n\n<div style=\"height:20px\" aria-hidden=\"true\" class=\"wp-block-spacer\"><\/div>\n\n<div style=\"font-size: 0px; height: 0px; line-height: 0px; margin: 0; padding: 0; clear: both;\"><\/div><div style=\"margin-top: 0px; margin-bottom: 0px;\" class=\"sharethis-inline-share-buttons\" ><\/div>","protected":false},"excerpt":{"rendered":"<p>Transformar una circulaci\u00f3n en un espacio de exhibici\u00f3n y encuentro&#8230;<\/p>\n","protected":false},"author":1,"featured_media":73904,"comment_status":"closed","ping_status":"closed","sticky":false,"template":"","format":"standard","meta":{"_uag_custom_page_level_css":"","footnotes":""},"categories":[1465,1],"tags":[248,3309,7597,1515,250,7032,1472,1514,5148,24,2835,34],"class_list":["post-73903","post","type-post","status-publish","format-standard","has-post-thumbnail","hentry","category-edificios-para-la-educacion","category-proyecto","tag-arco-arquitectura-contemporanea","tag-arquitectura-para-la-educacion","tag-aulas","tag-bernardo-lew-kirsch","tag-ciudad-de-mexico","tag-colegios","tag-edificio-educativo","tag-jose-lew-kirsch","tag-jose-memun","tag-mexico","tag-pasillo","tag-talleres","generate-columns","tablet-grid-50","mobile-grid-100","grid-parent","grid-50"],"yoast_head":"<!-- This site is optimized with the Yoast SEO plugin v27.3 - https:\/\/yoast.com\/product\/yoast-seo-wordpress\/ -->\n<title>Talleres y pasillos del Colegio CimOrt \/ ARCO Arquitectura Contempor\u00e1nea - Arquimaster<\/title>\n<meta name=\"description\" content=\"Transformar una circulaci\u00f3n en un espacio de exhibici\u00f3n y encuentro, para ser usado por alumnos y maestros.\" \/>\n<meta name=\"robots\" content=\"index, follow, max-snippet:-1, max-image-preview:large, max-video-preview:-1\" \/>\n<link rel=\"canonical\" href=\"https:\/\/www.arquimaster.com.ar\/web\/talleres-y-pasillos-del-colegio-cimort-arco-arquitectura-contemporanea\/\" \/>\n<meta property=\"og:locale\" content=\"es_ES\" \/>\n<meta property=\"og:type\" content=\"article\" \/>\n<meta property=\"og:title\" content=\"Talleres y pasillos del Colegio CimOrt \/ ARCO Arquitectura Contempor\u00e1nea\" \/>\n<meta property=\"og:description\" content=\"Transformar una circulaci\u00f3n en un espacio de exhibici\u00f3n y encuentro, para ser usado por alumnos y maestros.\" \/>\n<meta property=\"og:url\" content=\"https:\/\/www.arquimaster.com.ar\/web\/talleres-y-pasillos-del-colegio-cimort-arco-arquitectura-contemporanea\/\" \/>\n<meta property=\"og:site_name\" content=\"Arquimaster\" \/>\n<meta property=\"article:publisher\" content=\"http:\/\/www.facebook.com\/ARQUIMASTER.com.ar\" \/>\n<meta property=\"article:published_time\" content=\"2022-12-19T18:59:00+00:00\" \/>\n<meta property=\"article:modified_time\" content=\"2022-12-20T16:01:57+00:00\" \/>\n<meta property=\"og:image\" content=\"https:\/\/www.arquimaster.com.ar\/web\/wp-content\/uploads\/2022\/12\/talleres_colegio_cimort_slide.jpg\" \/>\n\t<meta property=\"og:image:width\" content=\"698\" \/>\n\t<meta property=\"og:image:height\" content=\"364\" \/>\n\t<meta property=\"og:image:type\" content=\"image\/jpeg\" \/>\n<meta name=\"author\" content=\"Arquimaster\" \/>\n<meta name=\"twitter:card\" content=\"summary_large_image\" \/>\n<meta name=\"twitter:title\" content=\"Talleres y pasillos del Colegio CimOrt \/ ARCO Arquitectura Contempor\u00e1nea\" \/>\n<meta name=\"twitter:description\" content=\"Transformar una circulaci\u00f3n en un espacio de exhibici\u00f3n y encuentro, para ser usado por alumnos y maestros.\" \/>\n<meta name=\"twitter:image\" content=\"https:\/\/www.arquimaster.com.ar\/web\/wp-content\/uploads\/2022\/12\/talleres_colegio_cimort_slide.jpg\" \/>\n<meta name=\"twitter:creator\" content=\"@arquimaster\" \/>\n<meta name=\"twitter:site\" content=\"@arquimaster\" \/>\n<meta name=\"twitter:label1\" content=\"Escrito por\" \/>\n\t<meta name=\"twitter:data1\" content=\"Arquimaster\" \/>\n\t<meta name=\"twitter:label2\" content=\"Tiempo de lectura\" \/>\n\t<meta name=\"twitter:data2\" content=\"2 minutos\" \/>\n<script type=\"application\/ld+json\" class=\"yoast-schema-graph\">{\"@context\":\"https:\\\/\\\/schema.org\",\"@graph\":[{\"@type\":\"Article\",\"@id\":\"https:\\\/\\\/www.arquimaster.com.ar\\\/web\\\/talleres-y-pasillos-del-colegio-cimort-arco-arquitectura-contemporanea\\\/#article\",\"isPartOf\":{\"@id\":\"https:\\\/\\\/www.arquimaster.com.ar\\\/web\\\/talleres-y-pasillos-del-colegio-cimort-arco-arquitectura-contemporanea\\\/\"},\"author\":{\"name\":\"Arquimaster\",\"@id\":\"https:\\\/\\\/www.arquimaster.com.ar\\\/web\\\/#\\\/schema\\\/person\\\/359e9f7c00193fcde068e0dd2ceb0028\"},\"headline\":\"Talleres y pasillos del Colegio CimOrt \\\/ ARCO Arquitectura Contempor\u00e1nea\",\"datePublished\":\"2022-12-19T18:59:00+00:00\",\"dateModified\":\"2022-12-20T16:01:57+00:00\",\"mainEntityOfPage\":{\"@id\":\"https:\\\/\\\/www.arquimaster.com.ar\\\/web\\\/talleres-y-pasillos-del-colegio-cimort-arco-arquitectura-contemporanea\\\/\"},\"wordCount\":361,\"publisher\":{\"@id\":\"https:\\\/\\\/www.arquimaster.com.ar\\\/web\\\/#organization\"},\"image\":{\"@id\":\"https:\\\/\\\/www.arquimaster.com.ar\\\/web\\\/talleres-y-pasillos-del-colegio-cimort-arco-arquitectura-contemporanea\\\/#primaryimage\"},\"thumbnailUrl\":\"https:\\\/\\\/www.arquimaster.com.ar\\\/web\\\/wp-content\\\/uploads\\\/2022\\\/12\\\/talleres_colegio_cimort_slide.jpg\",\"keywords\":[\"ARCO Arquitectura Contempor\u00e1nea\",\"arquitectura para la educacion\",\"aulas\",\"Bernardo Lew Kirsch\",\"Ciudad de Mexico\",\"colegios\",\"edificio educativo\",\"Jos\u00e9 Lew Kirsch\",\"Jos\u00e9 Memun\",\"Mexico\",\"pasillo\",\"talleres\"],\"articleSection\":[\"Edificios para la educacion\",\"Proyecto\"],\"inLanguage\":\"es\"},{\"@type\":\"WebPage\",\"@id\":\"https:\\\/\\\/www.arquimaster.com.ar\\\/web\\\/talleres-y-pasillos-del-colegio-cimort-arco-arquitectura-contemporanea\\\/\",\"url\":\"https:\\\/\\\/www.arquimaster.com.ar\\\/web\\\/talleres-y-pasillos-del-colegio-cimort-arco-arquitectura-contemporanea\\\/\",\"name\":\"Talleres y pasillos del Colegio CimOrt \\\/ ARCO Arquitectura Contempor\u00e1nea - Arquimaster\",\"isPartOf\":{\"@id\":\"https:\\\/\\\/www.arquimaster.com.ar\\\/web\\\/#website\"},\"primaryImageOfPage\":{\"@id\":\"https:\\\/\\\/www.arquimaster.com.ar\\\/web\\\/talleres-y-pasillos-del-colegio-cimort-arco-arquitectura-contemporanea\\\/#primaryimage\"},\"image\":{\"@id\":\"https:\\\/\\\/www.arquimaster.com.ar\\\/web\\\/talleres-y-pasillos-del-colegio-cimort-arco-arquitectura-contemporanea\\\/#primaryimage\"},\"thumbnailUrl\":\"https:\\\/\\\/www.arquimaster.com.ar\\\/web\\\/wp-content\\\/uploads\\\/2022\\\/12\\\/talleres_colegio_cimort_slide.jpg\",\"datePublished\":\"2022-12-19T18:59:00+00:00\",\"dateModified\":\"2022-12-20T16:01:57+00:00\",\"description\":\"Transformar una circulaci\u00f3n en un espacio de exhibici\u00f3n y encuentro, para ser usado por alumnos y maestros.\",\"breadcrumb\":{\"@id\":\"https:\\\/\\\/www.arquimaster.com.ar\\\/web\\\/talleres-y-pasillos-del-colegio-cimort-arco-arquitectura-contemporanea\\\/#breadcrumb\"},\"inLanguage\":\"es\",\"potentialAction\":[{\"@type\":\"ReadAction\",\"target\":[\"https:\\\/\\\/www.arquimaster.com.ar\\\/web\\\/talleres-y-pasillos-del-colegio-cimort-arco-arquitectura-contemporanea\\\/\"]}]},{\"@type\":\"ImageObject\",\"inLanguage\":\"es\",\"@id\":\"https:\\\/\\\/www.arquimaster.com.ar\\\/web\\\/talleres-y-pasillos-del-colegio-cimort-arco-arquitectura-contemporanea\\\/#primaryimage\",\"url\":\"https:\\\/\\\/www.arquimaster.com.ar\\\/web\\\/wp-content\\\/uploads\\\/2022\\\/12\\\/talleres_colegio_cimort_slide.jpg\",\"contentUrl\":\"https:\\\/\\\/www.arquimaster.com.ar\\\/web\\\/wp-content\\\/uploads\\\/2022\\\/12\\\/talleres_colegio_cimort_slide.jpg\",\"width\":698,\"height\":364,\"caption\":\"Talleres y pasillos del Colegio CimOrt \\\/ ARCO Arquitectura Contempor\u00e1nea\"},{\"@type\":\"BreadcrumbList\",\"@id\":\"https:\\\/\\\/www.arquimaster.com.ar\\\/web\\\/talleres-y-pasillos-del-colegio-cimort-arco-arquitectura-contemporanea\\\/#breadcrumb\",\"itemListElement\":[{\"@type\":\"ListItem\",\"position\":1,\"name\":\"Portada\",\"item\":\"https:\\\/\\\/www.arquimaster.com.ar\\\/web\\\/\"},{\"@type\":\"ListItem\",\"position\":2,\"name\":\"Talleres y pasillos del Colegio CimOrt \\\/ ARCO Arquitectura Contempor\u00e1nea\"}]},{\"@type\":\"WebSite\",\"@id\":\"https:\\\/\\\/www.arquimaster.com.ar\\\/web\\\/#website\",\"url\":\"https:\\\/\\\/www.arquimaster.com.ar\\\/web\\\/\",\"name\":\"Arquimaster\",\"description\":\"Web de arquitectura, dise\u00f1o y construccion\",\"publisher\":{\"@id\":\"https:\\\/\\\/www.arquimaster.com.ar\\\/web\\\/#organization\"},\"potentialAction\":[{\"@type\":\"SearchAction\",\"target\":{\"@type\":\"EntryPoint\",\"urlTemplate\":\"https:\\\/\\\/www.arquimaster.com.ar\\\/web\\\/?s={search_term_string}\"},\"query-input\":{\"@type\":\"PropertyValueSpecification\",\"valueRequired\":true,\"valueName\":\"search_term_string\"}}],\"inLanguage\":\"es\"},{\"@type\":\"Organization\",\"@id\":\"https:\\\/\\\/www.arquimaster.com.ar\\\/web\\\/#organization\",\"name\":\"Arquimaster\",\"url\":\"https:\\\/\\\/www.arquimaster.com.ar\\\/web\\\/\",\"logo\":{\"@type\":\"ImageObject\",\"inLanguage\":\"es\",\"@id\":\"https:\\\/\\\/www.arquimaster.com.ar\\\/web\\\/#\\\/schema\\\/logo\\\/image\\\/\",\"url\":\"https:\\\/\\\/www.arquimaster.com.ar\\\/web\\\/wp-content\\\/uploads\\\/2022\\\/06\\\/arquimaster.png\",\"contentUrl\":\"https:\\\/\\\/www.arquimaster.com.ar\\\/web\\\/wp-content\\\/uploads\\\/2022\\\/06\\\/arquimaster.png\",\"width\":594,\"height\":78,\"caption\":\"Arquimaster\"},\"image\":{\"@id\":\"https:\\\/\\\/www.arquimaster.com.ar\\\/web\\\/#\\\/schema\\\/logo\\\/image\\\/\"},\"sameAs\":[\"http:\\\/\\\/www.facebook.com\\\/ARQUIMASTER.com.ar\",\"https:\\\/\\\/x.com\\\/arquimaster\",\"https:\\\/\\\/www.instagram.com\\\/arquimasterblog\\\/\",\"https:\\\/\\\/www.linkedin.com\\\/company\\\/arquimaster\",\"https:\\\/\\\/www.pinterest.com\\\/arquimaster\",\"https:\\\/\\\/t.me\\\/arquimaster\"]},{\"@type\":\"Person\",\"@id\":\"https:\\\/\\\/www.arquimaster.com.ar\\\/web\\\/#\\\/schema\\\/person\\\/359e9f7c00193fcde068e0dd2ceb0028\",\"name\":\"Arquimaster\"}]}<\/script>\n<!-- \/ Yoast SEO plugin. -->","yoast_head_json":{"title":"Talleres y pasillos del Colegio CimOrt \/ ARCO Arquitectura Contempor\u00e1nea - Arquimaster","description":"Transformar una circulaci\u00f3n en un espacio de exhibici\u00f3n y encuentro, para ser usado por alumnos y maestros.","robots":{"index":"index","follow":"follow","max-snippet":"max-snippet:-1","max-image-preview":"max-image-preview:large","max-video-preview":"max-video-preview:-1"},"canonical":"https:\/\/www.arquimaster.com.ar\/web\/talleres-y-pasillos-del-colegio-cimort-arco-arquitectura-contemporanea\/","og_locale":"es_ES","og_type":"article","og_title":"Talleres y pasillos del Colegio CimOrt \/ ARCO Arquitectura Contempor\u00e1nea","og_description":"Transformar una circulaci\u00f3n en un espacio de exhibici\u00f3n y encuentro, para ser usado por alumnos y maestros.","og_url":"https:\/\/www.arquimaster.com.ar\/web\/talleres-y-pasillos-del-colegio-cimort-arco-arquitectura-contemporanea\/","og_site_name":"Arquimaster","article_publisher":"http:\/\/www.facebook.com\/ARQUIMASTER.com.ar","article_published_time":"2022-12-19T18:59:00+00:00","article_modified_time":"2022-12-20T16:01:57+00:00","og_image":[{"width":698,"height":364,"url":"https:\/\/www.arquimaster.com.ar\/web\/wp-content\/uploads\/2022\/12\/talleres_colegio_cimort_slide.jpg","type":"image\/jpeg"}],"author":"Arquimaster","twitter_card":"summary_large_image","twitter_title":"Talleres y pasillos del Colegio CimOrt \/ ARCO Arquitectura Contempor\u00e1nea","twitter_description":"Transformar una circulaci\u00f3n en un espacio de exhibici\u00f3n y encuentro, para ser usado por alumnos y maestros.","twitter_image":"https:\/\/www.arquimaster.com.ar\/web\/wp-content\/uploads\/2022\/12\/talleres_colegio_cimort_slide.jpg","twitter_creator":"@arquimaster","twitter_site":"@arquimaster","twitter_misc":{"Escrito por":"Arquimaster","Tiempo de lectura":"2 minutos"},"schema":{"@context":"https:\/\/schema.org","@graph":[{"@type":"Article","@id":"https:\/\/www.arquimaster.com.ar\/web\/talleres-y-pasillos-del-colegio-cimort-arco-arquitectura-contemporanea\/#article","isPartOf":{"@id":"https:\/\/www.arquimaster.com.ar\/web\/talleres-y-pasillos-del-colegio-cimort-arco-arquitectura-contemporanea\/"},"author":{"name":"Arquimaster","@id":"https:\/\/www.arquimaster.com.ar\/web\/#\/schema\/person\/359e9f7c00193fcde068e0dd2ceb0028"},"headline":"Talleres y pasillos del Colegio CimOrt \/ ARCO Arquitectura Contempor\u00e1nea","datePublished":"2022-12-19T18:59:00+00:00","dateModified":"2022-12-20T16:01:57+00:00","mainEntityOfPage":{"@id":"https:\/\/www.arquimaster.com.ar\/web\/talleres-y-pasillos-del-colegio-cimort-arco-arquitectura-contemporanea\/"},"wordCount":361,"publisher":{"@id":"https:\/\/www.arquimaster.com.ar\/web\/#organization"},"image":{"@id":"https:\/\/www.arquimaster.com.ar\/web\/talleres-y-pasillos-del-colegio-cimort-arco-arquitectura-contemporanea\/#primaryimage"},"thumbnailUrl":"https:\/\/www.arquimaster.com.ar\/web\/wp-content\/uploads\/2022\/12\/talleres_colegio_cimort_slide.jpg","keywords":["ARCO Arquitectura Contempor\u00e1nea","arquitectura para la educacion","aulas","Bernardo Lew Kirsch","Ciudad de Mexico","colegios","edificio educativo","Jos\u00e9 Lew Kirsch","Jos\u00e9 Memun","Mexico","pasillo","talleres"],"articleSection":["Edificios para la educacion","Proyecto"],"inLanguage":"es"},{"@type":"WebPage","@id":"https:\/\/www.arquimaster.com.ar\/web\/talleres-y-pasillos-del-colegio-cimort-arco-arquitectura-contemporanea\/","url":"https:\/\/www.arquimaster.com.ar\/web\/talleres-y-pasillos-del-colegio-cimort-arco-arquitectura-contemporanea\/","name":"Talleres y pasillos del Colegio CimOrt \/ ARCO Arquitectura Contempor\u00e1nea - Arquimaster","isPartOf":{"@id":"https:\/\/www.arquimaster.com.ar\/web\/#website"},"primaryImageOfPage":{"@id":"https:\/\/www.arquimaster.com.ar\/web\/talleres-y-pasillos-del-colegio-cimort-arco-arquitectura-contemporanea\/#primaryimage"},"image":{"@id":"https:\/\/www.arquimaster.com.ar\/web\/talleres-y-pasillos-del-colegio-cimort-arco-arquitectura-contemporanea\/#primaryimage"},"thumbnailUrl":"https:\/\/www.arquimaster.com.ar\/web\/wp-content\/uploads\/2022\/12\/talleres_colegio_cimort_slide.jpg","datePublished":"2022-12-19T18:59:00+00:00","dateModified":"2022-12-20T16:01:57+00:00","description":"Transformar una circulaci\u00f3n en un espacio de exhibici\u00f3n y encuentro, para ser usado por alumnos y maestros.","breadcrumb":{"@id":"https:\/\/www.arquimaster.com.ar\/web\/talleres-y-pasillos-del-colegio-cimort-arco-arquitectura-contemporanea\/#breadcrumb"},"inLanguage":"es","potentialAction":[{"@type":"ReadAction","target":["https:\/\/www.arquimaster.com.ar\/web\/talleres-y-pasillos-del-colegio-cimort-arco-arquitectura-contemporanea\/"]}]},{"@type":"ImageObject","inLanguage":"es","@id":"https:\/\/www.arquimaster.com.ar\/web\/talleres-y-pasillos-del-colegio-cimort-arco-arquitectura-contemporanea\/#primaryimage","url":"https:\/\/www.arquimaster.com.ar\/web\/wp-content\/uploads\/2022\/12\/talleres_colegio_cimort_slide.jpg","contentUrl":"https:\/\/www.arquimaster.com.ar\/web\/wp-content\/uploads\/2022\/12\/talleres_colegio_cimort_slide.jpg","width":698,"height":364,"caption":"Talleres y pasillos del Colegio CimOrt \/ ARCO Arquitectura Contempor\u00e1nea"},{"@type":"BreadcrumbList","@id":"https:\/\/www.arquimaster.com.ar\/web\/talleres-y-pasillos-del-colegio-cimort-arco-arquitectura-contemporanea\/#breadcrumb","itemListElement":[{"@type":"ListItem","position":1,"name":"Portada","item":"https:\/\/www.arquimaster.com.ar\/web\/"},{"@type":"ListItem","position":2,"name":"Talleres y pasillos del Colegio CimOrt \/ ARCO Arquitectura Contempor\u00e1nea"}]},{"@type":"WebSite","@id":"https:\/\/www.arquimaster.com.ar\/web\/#website","url":"https:\/\/www.arquimaster.com.ar\/web\/","name":"Arquimaster","description":"Web de arquitectura, dise\u00f1o y construccion","publisher":{"@id":"https:\/\/www.arquimaster.com.ar\/web\/#organization"},"potentialAction":[{"@type":"SearchAction","target":{"@type":"EntryPoint","urlTemplate":"https:\/\/www.arquimaster.com.ar\/web\/?s={search_term_string}"},"query-input":{"@type":"PropertyValueSpecification","valueRequired":true,"valueName":"search_term_string"}}],"inLanguage":"es"},{"@type":"Organization","@id":"https:\/\/www.arquimaster.com.ar\/web\/#organization","name":"Arquimaster","url":"https:\/\/www.arquimaster.com.ar\/web\/","logo":{"@type":"ImageObject","inLanguage":"es","@id":"https:\/\/www.arquimaster.com.ar\/web\/#\/schema\/logo\/image\/","url":"https:\/\/www.arquimaster.com.ar\/web\/wp-content\/uploads\/2022\/06\/arquimaster.png","contentUrl":"https:\/\/www.arquimaster.com.ar\/web\/wp-content\/uploads\/2022\/06\/arquimaster.png","width":594,"height":78,"caption":"Arquimaster"},"image":{"@id":"https:\/\/www.arquimaster.com.ar\/web\/#\/schema\/logo\/image\/"},"sameAs":["http:\/\/www.facebook.com\/ARQUIMASTER.com.ar","https:\/\/x.com\/arquimaster","https:\/\/www.instagram.com\/arquimasterblog\/","https:\/\/www.linkedin.com\/company\/arquimaster","https:\/\/www.pinterest.com\/arquimaster","https:\/\/t.me\/arquimaster"]},{"@type":"Person","@id":"https:\/\/www.arquimaster.com.ar\/web\/#\/schema\/person\/359e9f7c00193fcde068e0dd2ceb0028","name":"Arquimaster"}]}},"uagb_featured_image_src":{"full":["https:\/\/www.arquimaster.com.ar\/web\/wp-content\/uploads\/2022\/12\/talleres_colegio_cimort_slide.jpg",698,364,false],"thumbnail":["https:\/\/www.arquimaster.com.ar\/web\/wp-content\/uploads\/2022\/12\/talleres_colegio_cimort_slide-150x150.jpg",150,150,true],"medium":["https:\/\/www.arquimaster.com.ar\/web\/wp-content\/uploads\/2022\/12\/talleres_colegio_cimort_slide.jpg",698,364,false],"medium_large":["https:\/\/www.arquimaster.com.ar\/web\/wp-content\/uploads\/2022\/12\/talleres_colegio_cimort_slide.jpg",698,364,false],"large":["https:\/\/www.arquimaster.com.ar\/web\/wp-content\/uploads\/2022\/12\/talleres_colegio_cimort_slide.jpg",698,364,false],"1536x1536":["https:\/\/www.arquimaster.com.ar\/web\/wp-content\/uploads\/2022\/12\/talleres_colegio_cimort_slide.jpg",698,364,false],"2048x2048":["https:\/\/www.arquimaster.com.ar\/web\/wp-content\/uploads\/2022\/12\/talleres_colegio_cimort_slide.jpg",698,364,false]},"uagb_author_info":{"display_name":"Arquimaster","author_link":"https:\/\/www.arquimaster.com.ar\/web\/author\/arquimaster\/"},"uagb_comment_info":0,"uagb_excerpt":"Transformar una circulaci\u00f3n en un espacio de exhibici\u00f3n y encuentro...","_links":{"self":[{"href":"https:\/\/www.arquimaster.com.ar\/web\/wp-json\/wp\/v2\/posts\/73903","targetHints":{"allow":["GET"]}}],"collection":[{"href":"https:\/\/www.arquimaster.com.ar\/web\/wp-json\/wp\/v2\/posts"}],"about":[{"href":"https:\/\/www.arquimaster.com.ar\/web\/wp-json\/wp\/v2\/types\/post"}],"author":[{"embeddable":true,"href":"https:\/\/www.arquimaster.com.ar\/web\/wp-json\/wp\/v2\/users\/1"}],"replies":[{"embeddable":true,"href":"https:\/\/www.arquimaster.com.ar\/web\/wp-json\/wp\/v2\/comments?post=73903"}],"version-history":[{"count":1,"href":"https:\/\/www.arquimaster.com.ar\/web\/wp-json\/wp\/v2\/posts\/73903\/revisions"}],"predecessor-version":[{"id":73925,"href":"https:\/\/www.arquimaster.com.ar\/web\/wp-json\/wp\/v2\/posts\/73903\/revisions\/73925"}],"wp:featuredmedia":[{"embeddable":true,"href":"https:\/\/www.arquimaster.com.ar\/web\/wp-json\/wp\/v2\/media\/73904"}],"wp:attachment":[{"href":"https:\/\/www.arquimaster.com.ar\/web\/wp-json\/wp\/v2\/media?parent=73903"}],"wp:term":[{"taxonomy":"category","embeddable":true,"href":"https:\/\/www.arquimaster.com.ar\/web\/wp-json\/wp\/v2\/categories?post=73903"},{"taxonomy":"post_tag","embeddable":true,"href":"https:\/\/www.arquimaster.com.ar\/web\/wp-json\/wp\/v2\/tags?post=73903"}],"curies":[{"name":"wp","href":"https:\/\/api.w.org\/{rel}","templated":true}]}}