{"id":74175,"date":"2023-01-19T13:59:32","date_gmt":"2023-01-19T16:59:32","guid":{"rendered":"https:\/\/www.arquimaster.com.ar\/web\/?p=74175"},"modified":"2023-04-13T16:29:39","modified_gmt":"2023-04-13T19:29:39","slug":"hospedaje-de-san-sebastian-tiago-do-vale-architects","status":"publish","type":"post","link":"https:\/\/www.arquimaster.com.ar\/web\/hospedaje-de-san-sebastian-tiago-do-vale-architects\/","title":{"rendered":"Hospedaje de San Sebasti\u00e1n \/ Tiago do Vale Architects"},"content":{"rendered":"<div style=\"margin-top: 0px; margin-bottom: 0px;\" class=\"sharethis-inline-share-buttons\" ><\/div><div class=\"b812932af2e751442846f039925109de\" data-index=\"1\" style=\"float: none; margin:25px 0 25px 0; text-align:center;\">\n<script async src=\"https:\/\/pagead2.googlesyndication.com\/pagead\/js\/adsbygoogle.js\"><\/script>\r\n<!-- Arquimaster (superior) -->\r\n<ins class=\"adsbygoogle\"\r\n     style=\"display:block\"\r\n     data-ad-client=\"ca-pub-6351072698456832\"\r\n     data-ad-slot=\"6455489680\"\r\n     data-ad-format=\"auto\"\r\n     data-full-width-responsive=\"true\"><\/ins>\r\n<script>\r\n     (adsbygoogle = window.adsbygoogle || []).push({});\r\n<\/script>\n<\/div>\n<p><strong>Hospedaje de San Sebasti\u00e1n<\/strong> (Un Juego entre Memoria y Programa) (Braga, Portugal) por<strong> Tiago do Vale Architects<\/strong>. La Calle de San Sebasti\u00e1n es una arteria singular en la Historia urbana de Braga. Su recorrido coincide con el Decumanus Maximus de la ciudad romana, ascendiendo de Oeste a Este hacia el Foro, y constituyendo el tramo final tanto de la V\u00eda XX (que un\u00eda parcialmente Astorga con Braga por v\u00eda mar\u00edtima) como de la V\u00eda XVI (que un\u00eda Lisboa con Braga por tierra). Se trata, por tanto, de una zona de gran sensibilidad arqueol\u00f3gica.<\/p>\n<div id='gallery-1' class='gallery galleryid-74175 gallery-columns-3 gallery-size-thumbnail'><figure class='gallery-item'>\n\t\t\t<div class='gallery-icon portrait'>\n\t\t\t\t<a href='https:\/\/www.arquimaster.com.ar\/web\/wp-content\/uploads\/2023\/01\/hospedaje_san_sebastian_001.jpg' title=\"Hospedaje de San Sebasti\u00e1n \/ Tiago do Vale Architects (\u00a9 Jo\u00e3o Morgado)\" data-rl_title=\"Hospedaje de San Sebasti\u00e1n \/ Tiago do Vale Architects (\u00a9 Jo\u00e3o Morgado)\" class=\"rl-gallery-link\" data-rl_caption=\"Hospedaje de San Sebasti\u00e1n \/ Tiago do Vale Architects (\u00a9 Jo\u00e3o Morgado)\" data-rel=\"lightbox-gallery-1\"><img loading=\"lazy\" decoding=\"async\" width=\"150\" height=\"150\" src=\"https:\/\/www.arquimaster.com.ar\/web\/wp-content\/uploads\/2023\/01\/hospedaje_san_sebastian_001-150x150.jpg\" class=\"attachment-thumbnail size-thumbnail\" alt=\"Hospedaje de San Sebasti\u00e1n \/ Tiago do Vale Architects\" aria-describedby=\"gallery-1-74177\" \/><\/a>\n\t\t\t<\/div>\n\t\t\t\t<figcaption class='wp-caption-text gallery-caption' id='gallery-1-74177'>\n\t\t\t\tHospedaje de San Sebasti\u00e1n \/ Tiago do Vale Architects (\u00a9 Jo\u00e3o Morgado)\n\t\t\t\t<\/figcaption><\/figure><figure class='gallery-item'>\n\t\t\t<div class='gallery-icon portrait'>\n\t\t\t\t<a href='https:\/\/www.arquimaster.com.ar\/web\/wp-content\/uploads\/2023\/01\/hospedaje_san_sebastian_002.jpg' title=\"Hospedaje de San Sebasti\u00e1n \/ Tiago do Vale Architects (\u00a9 Jo\u00e3o Morgado)\" data-rl_title=\"Hospedaje de San Sebasti\u00e1n \/ Tiago do Vale Architects (\u00a9 Jo\u00e3o Morgado)\" class=\"rl-gallery-link\" data-rl_caption=\"Hospedaje de San Sebasti\u00e1n \/ Tiago do Vale Architects (\u00a9 Jo\u00e3o Morgado)\" data-rel=\"lightbox-gallery-1\"><img loading=\"lazy\" decoding=\"async\" width=\"150\" height=\"150\" src=\"https:\/\/www.arquimaster.com.ar\/web\/wp-content\/uploads\/2023\/01\/hospedaje_san_sebastian_002-150x150.jpg\" class=\"attachment-thumbnail size-thumbnail\" alt=\"Hospedaje de San Sebasti\u00e1n \/ Tiago do Vale Architects\" aria-describedby=\"gallery-1-74178\" \/><\/a>\n\t\t\t<\/div>\n\t\t\t\t<figcaption class='wp-caption-text gallery-caption' id='gallery-1-74178'>\n\t\t\t\tHospedaje de San Sebasti\u00e1n \/ Tiago do Vale Architects (\u00a9 Jo\u00e3o Morgado)\n\t\t\t\t<\/figcaption><\/figure><figure class='gallery-item'>\n\t\t\t<div class='gallery-icon landscape'>\n\t\t\t\t<a href='https:\/\/www.arquimaster.com.ar\/web\/wp-content\/uploads\/2023\/01\/hospedaje_san_sebastian_003.jpg' title=\"Hospedaje de San Sebasti\u00e1n \/ Tiago do Vale Architects (\u00a9 Jo\u00e3o Morgado)\" data-rl_title=\"Hospedaje de San Sebasti\u00e1n \/ Tiago do Vale Architects (\u00a9 Jo\u00e3o Morgado)\" class=\"rl-gallery-link\" data-rl_caption=\"Hospedaje de San Sebasti\u00e1n \/ Tiago do Vale Architects (\u00a9 Jo\u00e3o Morgado)\" data-rel=\"lightbox-gallery-1\"><img loading=\"lazy\" decoding=\"async\" width=\"150\" height=\"150\" src=\"https:\/\/www.arquimaster.com.ar\/web\/wp-content\/uploads\/2023\/01\/hospedaje_san_sebastian_003-150x150.jpg\" class=\"attachment-thumbnail size-thumbnail\" alt=\"Hospedaje de San Sebasti\u00e1n \/ Tiago do Vale Architects\" aria-describedby=\"gallery-1-74179\" srcset=\"https:\/\/www.arquimaster.com.ar\/web\/wp-content\/uploads\/2023\/01\/hospedaje_san_sebastian_003-150x150.jpg 150w, https:\/\/www.arquimaster.com.ar\/web\/wp-content\/uploads\/2023\/01\/hospedaje_san_sebastian_003-768x768.jpg 768w, https:\/\/www.arquimaster.com.ar\/web\/wp-content\/uploads\/2023\/01\/hospedaje_san_sebastian_003.jpg 1500w\" sizes=\"auto, (max-width: 150px) 100vw, 150px\" \/><\/a>\n\t\t\t<\/div>\n\t\t\t\t<figcaption class='wp-caption-text gallery-caption' id='gallery-1-74179'>\n\t\t\t\tHospedaje de San Sebasti\u00e1n \/ Tiago do Vale Architects (\u00a9 Jo\u00e3o Morgado)\n\t\t\t\t<\/figcaption><\/figure><figure class='gallery-item'>\n\t\t\t<div class='gallery-icon portrait'>\n\t\t\t\t<a href='https:\/\/www.arquimaster.com.ar\/web\/wp-content\/uploads\/2023\/01\/hospedaje_san_sebastian_004.jpg' title=\"Hospedaje de San Sebasti\u00e1n \/ Tiago do Vale Architects (\u00a9 Jo\u00e3o Morgado)\" data-rl_title=\"Hospedaje de San Sebasti\u00e1n \/ Tiago do Vale Architects (\u00a9 Jo\u00e3o Morgado)\" class=\"rl-gallery-link\" data-rl_caption=\"Hospedaje de San Sebasti\u00e1n \/ Tiago do Vale Architects (\u00a9 Jo\u00e3o Morgado)\" data-rel=\"lightbox-gallery-1\"><img loading=\"lazy\" decoding=\"async\" width=\"150\" height=\"150\" src=\"https:\/\/www.arquimaster.com.ar\/web\/wp-content\/uploads\/2023\/01\/hospedaje_san_sebastian_004-150x150.jpg\" class=\"attachment-thumbnail size-thumbnail\" alt=\"Hospedaje de San Sebasti\u00e1n \/ Tiago do Vale Architects\" aria-describedby=\"gallery-1-74180\" \/><\/a>\n\t\t\t<\/div>\n\t\t\t\t<figcaption class='wp-caption-text gallery-caption' id='gallery-1-74180'>\n\t\t\t\tHospedaje de San Sebasti\u00e1n \/ Tiago do Vale Architects (\u00a9 Jo\u00e3o Morgado)\n\t\t\t\t<\/figcaption><\/figure><figure class='gallery-item'>\n\t\t\t<div class='gallery-icon landscape'>\n\t\t\t\t<a href='https:\/\/www.arquimaster.com.ar\/web\/wp-content\/uploads\/2023\/01\/hospedaje_san_sebastian_005.jpg' title=\"Hospedaje de San Sebasti\u00e1n \/ Tiago do Vale Architects (\u00a9 Jo\u00e3o Morgado)\" data-rl_title=\"Hospedaje de San Sebasti\u00e1n \/ Tiago do Vale Architects (\u00a9 Jo\u00e3o Morgado)\" class=\"rl-gallery-link\" data-rl_caption=\"Hospedaje de San Sebasti\u00e1n \/ Tiago do Vale Architects (\u00a9 Jo\u00e3o Morgado)\" data-rel=\"lightbox-gallery-1\"><img loading=\"lazy\" decoding=\"async\" width=\"150\" height=\"150\" src=\"https:\/\/www.arquimaster.com.ar\/web\/wp-content\/uploads\/2023\/01\/hospedaje_san_sebastian_005-150x150.jpg\" class=\"attachment-thumbnail size-thumbnail\" alt=\"Hospedaje de San Sebasti\u00e1n \/ Tiago do Vale Architects\" aria-describedby=\"gallery-1-74181\" srcset=\"https:\/\/www.arquimaster.com.ar\/web\/wp-content\/uploads\/2023\/01\/hospedaje_san_sebastian_005-150x150.jpg 150w, https:\/\/www.arquimaster.com.ar\/web\/wp-content\/uploads\/2023\/01\/hospedaje_san_sebastian_005-768x768.jpg 768w, https:\/\/www.arquimaster.com.ar\/web\/wp-content\/uploads\/2023\/01\/hospedaje_san_sebastian_005.jpg 1500w\" sizes=\"auto, (max-width: 150px) 100vw, 150px\" \/><\/a>\n\t\t\t<\/div>\n\t\t\t\t<figcaption class='wp-caption-text gallery-caption' id='gallery-1-74181'>\n\t\t\t\tHospedaje de San Sebasti\u00e1n \/ Tiago do Vale Architects (\u00a9 Jo\u00e3o Morgado)\n\t\t\t\t<\/figcaption><\/figure><figure class='gallery-item'>\n\t\t\t<div class='gallery-icon portrait'>\n\t\t\t\t<a href='https:\/\/www.arquimaster.com.ar\/web\/wp-content\/uploads\/2023\/01\/hospedaje_san_sebastian_006.jpg' title=\"Hospedaje de San Sebasti\u00e1n \/ Tiago do Vale Architects (\u00a9 Jo\u00e3o Morgado)\" data-rl_title=\"Hospedaje de San Sebasti\u00e1n \/ Tiago do Vale Architects (\u00a9 Jo\u00e3o Morgado)\" class=\"rl-gallery-link\" data-rl_caption=\"Hospedaje de San Sebasti\u00e1n \/ Tiago do Vale Architects (\u00a9 Jo\u00e3o Morgado)\" data-rel=\"lightbox-gallery-1\"><img loading=\"lazy\" decoding=\"async\" width=\"150\" height=\"150\" src=\"https:\/\/www.arquimaster.com.ar\/web\/wp-content\/uploads\/2023\/01\/hospedaje_san_sebastian_006-150x150.jpg\" class=\"attachment-thumbnail size-thumbnail\" alt=\"Hospedaje de San Sebasti\u00e1n \/ Tiago do Vale Architects\" aria-describedby=\"gallery-1-74182\" \/><\/a>\n\t\t\t<\/div>\n\t\t\t\t<figcaption class='wp-caption-text gallery-caption' id='gallery-1-74182'>\n\t\t\t\tHospedaje de San Sebasti\u00e1n \/ Tiago do Vale Architects (\u00a9 Jo\u00e3o Morgado)\n\t\t\t\t<\/figcaption><\/figure><figure class='gallery-item'>\n\t\t\t<div class='gallery-icon portrait'>\n\t\t\t\t<a href='https:\/\/www.arquimaster.com.ar\/web\/wp-content\/uploads\/2023\/01\/hospedaje_san_sebastian_007.jpg' title=\"Hospedaje de San Sebasti\u00e1n \/ Tiago do Vale Architects (\u00a9 Jo\u00e3o Morgado)\" data-rl_title=\"Hospedaje de San Sebasti\u00e1n \/ Tiago do Vale Architects (\u00a9 Jo\u00e3o Morgado)\" class=\"rl-gallery-link\" data-rl_caption=\"Hospedaje de San Sebasti\u00e1n \/ Tiago do Vale Architects (\u00a9 Jo\u00e3o Morgado)\" data-rel=\"lightbox-gallery-1\"><img loading=\"lazy\" decoding=\"async\" width=\"150\" height=\"150\" src=\"https:\/\/www.arquimaster.com.ar\/web\/wp-content\/uploads\/2023\/01\/hospedaje_san_sebastian_007-150x150.jpg\" class=\"attachment-thumbnail size-thumbnail\" alt=\"Hospedaje de San Sebasti\u00e1n \/ Tiago do Vale Architects\" aria-describedby=\"gallery-1-74183\" \/><\/a>\n\t\t\t<\/div>\n\t\t\t\t<figcaption class='wp-caption-text gallery-caption' id='gallery-1-74183'>\n\t\t\t\tHospedaje de San Sebasti\u00e1n \/ Tiago do Vale Architects (\u00a9 Jo\u00e3o Morgado)\n\t\t\t\t<\/figcaption><\/figure><figure class='gallery-item'>\n\t\t\t<div class='gallery-icon portrait'>\n\t\t\t\t<a href='https:\/\/www.arquimaster.com.ar\/web\/wp-content\/uploads\/2023\/01\/hospedaje_san_sebastian_008.jpg' title=\"Hospedaje de San Sebasti\u00e1n \/ Tiago do Vale Architects (\u00a9 Jo\u00e3o Morgado)\" data-rl_title=\"Hospedaje de San Sebasti\u00e1n \/ Tiago do Vale Architects (\u00a9 Jo\u00e3o Morgado)\" class=\"rl-gallery-link\" data-rl_caption=\"Hospedaje de San Sebasti\u00e1n \/ Tiago do Vale Architects (\u00a9 Jo\u00e3o Morgado)\" data-rel=\"lightbox-gallery-1\"><img loading=\"lazy\" decoding=\"async\" width=\"150\" height=\"150\" src=\"https:\/\/www.arquimaster.com.ar\/web\/wp-content\/uploads\/2023\/01\/hospedaje_san_sebastian_008-150x150.jpg\" class=\"attachment-thumbnail size-thumbnail\" alt=\"Hospedaje de San Sebasti\u00e1n \/ Tiago do Vale Architects\" aria-describedby=\"gallery-1-74184\" \/><\/a>\n\t\t\t<\/div>\n\t\t\t\t<figcaption class='wp-caption-text gallery-caption' id='gallery-1-74184'>\n\t\t\t\tHospedaje de San Sebasti\u00e1n \/ Tiago do Vale Architects (\u00a9 Jo\u00e3o Morgado)\n\t\t\t\t<\/figcaption><\/figure><figure class='gallery-item'>\n\t\t\t<div class='gallery-icon portrait'>\n\t\t\t\t<a href='https:\/\/www.arquimaster.com.ar\/web\/wp-content\/uploads\/2023\/01\/hospedaje_san_sebastian_009.jpg' title=\"Hospedaje de San Sebasti\u00e1n \/ Tiago do Vale Architects (\u00a9 Jo\u00e3o Morgado)\" data-rl_title=\"Hospedaje de San Sebasti\u00e1n \/ Tiago do Vale Architects (\u00a9 Jo\u00e3o Morgado)\" class=\"rl-gallery-link\" data-rl_caption=\"Hospedaje de San Sebasti\u00e1n \/ Tiago do Vale Architects (\u00a9 Jo\u00e3o Morgado)\" data-rel=\"lightbox-gallery-1\"><img loading=\"lazy\" decoding=\"async\" width=\"150\" height=\"150\" src=\"https:\/\/www.arquimaster.com.ar\/web\/wp-content\/uploads\/2023\/01\/hospedaje_san_sebastian_009-150x150.jpg\" class=\"attachment-thumbnail size-thumbnail\" alt=\"Hospedaje de San Sebasti\u00e1n \/ Tiago do Vale Architects\" aria-describedby=\"gallery-1-74185\" \/><\/a>\n\t\t\t<\/div>\n\t\t\t\t<figcaption class='wp-caption-text gallery-caption' id='gallery-1-74185'>\n\t\t\t\tHospedaje de San Sebasti\u00e1n \/ Tiago do Vale Architects (\u00a9 Jo\u00e3o Morgado)\n\t\t\t\t<\/figcaption><\/figure><figure class='gallery-item'>\n\t\t\t<div class='gallery-icon landscape'>\n\t\t\t\t<a href='https:\/\/www.arquimaster.com.ar\/web\/wp-content\/uploads\/2023\/01\/hospedaje_san_sebastian_010.jpg' title=\"Hospedaje de San Sebasti\u00e1n \/ Tiago do Vale Architects (\u00a9 Jo\u00e3o Morgado)\" data-rl_title=\"Hospedaje de San Sebasti\u00e1n \/ Tiago do Vale Architects (\u00a9 Jo\u00e3o Morgado)\" class=\"rl-gallery-link\" data-rl_caption=\"Hospedaje de San Sebasti\u00e1n \/ Tiago do Vale Architects (\u00a9 Jo\u00e3o Morgado)\" data-rel=\"lightbox-gallery-1\"><img loading=\"lazy\" decoding=\"async\" width=\"150\" height=\"150\" src=\"https:\/\/www.arquimaster.com.ar\/web\/wp-content\/uploads\/2023\/01\/hospedaje_san_sebastian_010-150x150.jpg\" class=\"attachment-thumbnail size-thumbnail\" alt=\"Hospedaje de San Sebasti\u00e1n \/ Tiago do Vale Architects\" aria-describedby=\"gallery-1-74186\" srcset=\"https:\/\/www.arquimaster.com.ar\/web\/wp-content\/uploads\/2023\/01\/hospedaje_san_sebastian_010-150x150.jpg 150w, https:\/\/www.arquimaster.com.ar\/web\/wp-content\/uploads\/2023\/01\/hospedaje_san_sebastian_010-768x768.jpg 768w, https:\/\/www.arquimaster.com.ar\/web\/wp-content\/uploads\/2023\/01\/hospedaje_san_sebastian_010.jpg 1500w\" sizes=\"auto, (max-width: 150px) 100vw, 150px\" \/><\/a>\n\t\t\t<\/div>\n\t\t\t\t<figcaption class='wp-caption-text gallery-caption' id='gallery-1-74186'>\n\t\t\t\tHospedaje de San Sebasti\u00e1n \/ Tiago do Vale Architects (\u00a9 Jo\u00e3o Morgado)\n\t\t\t\t<\/figcaption><\/figure><figure class='gallery-item'>\n\t\t\t<div class='gallery-icon landscape'>\n\t\t\t\t<a href='https:\/\/www.arquimaster.com.ar\/web\/wp-content\/uploads\/2023\/01\/hospedaje_san_sebastian_011.jpg' title=\"Hospedaje de San Sebasti\u00e1n \/ Tiago do Vale Architects (\u00a9 Jo\u00e3o Morgado)\" data-rl_title=\"Hospedaje de San Sebasti\u00e1n \/ Tiago do Vale Architects (\u00a9 Jo\u00e3o Morgado)\" class=\"rl-gallery-link\" data-rl_caption=\"Hospedaje de San Sebasti\u00e1n \/ Tiago do Vale Architects (\u00a9 Jo\u00e3o Morgado)\" data-rel=\"lightbox-gallery-1\"><img loading=\"lazy\" decoding=\"async\" width=\"150\" height=\"150\" src=\"https:\/\/www.arquimaster.com.ar\/web\/wp-content\/uploads\/2023\/01\/hospedaje_san_sebastian_011-150x150.jpg\" class=\"attachment-thumbnail size-thumbnail\" alt=\"Hospedaje de San Sebasti\u00e1n \/ Tiago do Vale Architects\" aria-describedby=\"gallery-1-74187\" srcset=\"https:\/\/www.arquimaster.com.ar\/web\/wp-content\/uploads\/2023\/01\/hospedaje_san_sebastian_011-150x150.jpg 150w, https:\/\/www.arquimaster.com.ar\/web\/wp-content\/uploads\/2023\/01\/hospedaje_san_sebastian_011-768x768.jpg 768w, https:\/\/www.arquimaster.com.ar\/web\/wp-content\/uploads\/2023\/01\/hospedaje_san_sebastian_011.jpg 1500w\" sizes=\"auto, (max-width: 150px) 100vw, 150px\" \/><\/a>\n\t\t\t<\/div>\n\t\t\t\t<figcaption class='wp-caption-text gallery-caption' id='gallery-1-74187'>\n\t\t\t\tHospedaje de San Sebasti\u00e1n \/ Tiago do Vale Architects (\u00a9 Jo\u00e3o Morgado)\n\t\t\t\t<\/figcaption><\/figure><figure class='gallery-item'>\n\t\t\t<div class='gallery-icon landscape'>\n\t\t\t\t<a href='https:\/\/www.arquimaster.com.ar\/web\/wp-content\/uploads\/2023\/01\/hospedaje_san_sebastian_012.jpg' title=\"Hospedaje de San Sebasti\u00e1n \/ Tiago do Vale Architects (\u00a9 Jo\u00e3o Morgado)\" data-rl_title=\"Hospedaje de San Sebasti\u00e1n \/ Tiago do Vale Architects (\u00a9 Jo\u00e3o Morgado)\" class=\"rl-gallery-link\" data-rl_caption=\"Hospedaje de San Sebasti\u00e1n \/ Tiago do Vale Architects (\u00a9 Jo\u00e3o Morgado)\" data-rel=\"lightbox-gallery-1\"><img loading=\"lazy\" decoding=\"async\" width=\"150\" height=\"150\" src=\"https:\/\/www.arquimaster.com.ar\/web\/wp-content\/uploads\/2023\/01\/hospedaje_san_sebastian_012-150x150.jpg\" class=\"attachment-thumbnail size-thumbnail\" alt=\"Hospedaje de San Sebasti\u00e1n \/ Tiago do Vale Architects\" aria-describedby=\"gallery-1-74188\" srcset=\"https:\/\/www.arquimaster.com.ar\/web\/wp-content\/uploads\/2023\/01\/hospedaje_san_sebastian_012-150x150.jpg 150w, https:\/\/www.arquimaster.com.ar\/web\/wp-content\/uploads\/2023\/01\/hospedaje_san_sebastian_012-768x768.jpg 768w, https:\/\/www.arquimaster.com.ar\/web\/wp-content\/uploads\/2023\/01\/hospedaje_san_sebastian_012.jpg 1500w\" sizes=\"auto, (max-width: 150px) 100vw, 150px\" \/><\/a>\n\t\t\t<\/div>\n\t\t\t\t<figcaption class='wp-caption-text gallery-caption' id='gallery-1-74188'>\n\t\t\t\tHospedaje de San Sebasti\u00e1n \/ Tiago do Vale Architects (\u00a9 Jo\u00e3o Morgado)\n\t\t\t\t<\/figcaption><\/figure><figure class='gallery-item'>\n\t\t\t<div class='gallery-icon landscape'>\n\t\t\t\t<a href='https:\/\/www.arquimaster.com.ar\/web\/wp-content\/uploads\/2023\/01\/hospedaje_san_sebastian_013.jpg' title=\"Hospedaje de San Sebasti\u00e1n \/ Tiago do Vale Architects (\u00a9 Jo\u00e3o Morgado)\" data-rl_title=\"Hospedaje de San Sebasti\u00e1n \/ Tiago do Vale Architects (\u00a9 Jo\u00e3o Morgado)\" class=\"rl-gallery-link\" data-rl_caption=\"Hospedaje de San Sebasti\u00e1n \/ Tiago do Vale Architects (\u00a9 Jo\u00e3o Morgado)\" data-rel=\"lightbox-gallery-1\"><img loading=\"lazy\" decoding=\"async\" width=\"150\" height=\"150\" src=\"https:\/\/www.arquimaster.com.ar\/web\/wp-content\/uploads\/2023\/01\/hospedaje_san_sebastian_013-150x150.jpg\" class=\"attachment-thumbnail size-thumbnail\" alt=\"Hospedaje de San Sebasti\u00e1n \/ Tiago do Vale Architects\" aria-describedby=\"gallery-1-74189\" srcset=\"https:\/\/www.arquimaster.com.ar\/web\/wp-content\/uploads\/2023\/01\/hospedaje_san_sebastian_013-150x150.jpg 150w, https:\/\/www.arquimaster.com.ar\/web\/wp-content\/uploads\/2023\/01\/hospedaje_san_sebastian_013-768x768.jpg 768w, https:\/\/www.arquimaster.com.ar\/web\/wp-content\/uploads\/2023\/01\/hospedaje_san_sebastian_013.jpg 1500w\" sizes=\"auto, (max-width: 150px) 100vw, 150px\" \/><\/a>\n\t\t\t<\/div>\n\t\t\t\t<figcaption class='wp-caption-text gallery-caption' id='gallery-1-74189'>\n\t\t\t\tHospedaje de San Sebasti\u00e1n \/ Tiago do Vale Architects (\u00a9 Jo\u00e3o Morgado)\n\t\t\t\t<\/figcaption><\/figure><figure class='gallery-item'>\n\t\t\t<div class='gallery-icon portrait'>\n\t\t\t\t<a href='https:\/\/www.arquimaster.com.ar\/web\/wp-content\/uploads\/2023\/01\/hospedaje_san_sebastian_014.jpg' title=\"Hospedaje de San Sebasti\u00e1n \/ Tiago do Vale Architects (\u00a9 Jo\u00e3o Morgado)\" data-rl_title=\"Hospedaje de San Sebasti\u00e1n \/ Tiago do Vale Architects (\u00a9 Jo\u00e3o Morgado)\" class=\"rl-gallery-link\" data-rl_caption=\"Hospedaje de San Sebasti\u00e1n \/ Tiago do Vale Architects (\u00a9 Jo\u00e3o Morgado)\" data-rel=\"lightbox-gallery-1\"><img loading=\"lazy\" decoding=\"async\" width=\"150\" height=\"150\" src=\"https:\/\/www.arquimaster.com.ar\/web\/wp-content\/uploads\/2023\/01\/hospedaje_san_sebastian_014-150x150.jpg\" class=\"attachment-thumbnail size-thumbnail\" alt=\"Hospedaje de San Sebasti\u00e1n \/ Tiago do Vale Architects\" aria-describedby=\"gallery-1-74190\" \/><\/a>\n\t\t\t<\/div>\n\t\t\t\t<figcaption class='wp-caption-text gallery-caption' id='gallery-1-74190'>\n\t\t\t\tHospedaje de San Sebasti\u00e1n \/ Tiago do Vale Architects (\u00a9 Jo\u00e3o Morgado)\n\t\t\t\t<\/figcaption><\/figure><figure class='gallery-item'>\n\t\t\t<div class='gallery-icon portrait'>\n\t\t\t\t<a href='https:\/\/www.arquimaster.com.ar\/web\/wp-content\/uploads\/2023\/01\/hospedaje_san_sebastian_015.jpg' title=\"Hospedaje de San Sebasti\u00e1n \/ Tiago do Vale Architects (\u00a9 Jo\u00e3o Morgado)\" data-rl_title=\"Hospedaje de San Sebasti\u00e1n \/ Tiago do Vale Architects (\u00a9 Jo\u00e3o Morgado)\" class=\"rl-gallery-link\" data-rl_caption=\"Hospedaje de San Sebasti\u00e1n \/ Tiago do Vale Architects (\u00a9 Jo\u00e3o Morgado)\" data-rel=\"lightbox-gallery-1\"><img loading=\"lazy\" decoding=\"async\" width=\"150\" height=\"150\" src=\"https:\/\/www.arquimaster.com.ar\/web\/wp-content\/uploads\/2023\/01\/hospedaje_san_sebastian_015-150x150.jpg\" class=\"attachment-thumbnail size-thumbnail\" alt=\"Hospedaje de San Sebasti\u00e1n \/ Tiago do Vale Architects\" aria-describedby=\"gallery-1-74191\" \/><\/a>\n\t\t\t<\/div>\n\t\t\t\t<figcaption class='wp-caption-text gallery-caption' id='gallery-1-74191'>\n\t\t\t\tHospedaje de San Sebasti\u00e1n \/ Tiago do Vale Architects (\u00a9 Jo\u00e3o Morgado)\n\t\t\t\t<\/figcaption><\/figure><figure class='gallery-item'>\n\t\t\t<div class='gallery-icon landscape'>\n\t\t\t\t<a href='https:\/\/www.arquimaster.com.ar\/web\/wp-content\/uploads\/2023\/01\/hospedaje_san_sebastian_016.jpg' title=\"Hospedaje de San Sebasti\u00e1n \/ Tiago do Vale Architects (\u00a9 Jo\u00e3o Morgado)\" data-rl_title=\"Hospedaje de San Sebasti\u00e1n \/ Tiago do Vale Architects (\u00a9 Jo\u00e3o Morgado)\" class=\"rl-gallery-link\" data-rl_caption=\"Hospedaje de San Sebasti\u00e1n \/ Tiago do Vale Architects (\u00a9 Jo\u00e3o Morgado)\" data-rel=\"lightbox-gallery-1\"><img loading=\"lazy\" decoding=\"async\" width=\"150\" height=\"150\" src=\"https:\/\/www.arquimaster.com.ar\/web\/wp-content\/uploads\/2023\/01\/hospedaje_san_sebastian_016-150x150.jpg\" class=\"attachment-thumbnail size-thumbnail\" alt=\"Hospedaje de San Sebasti\u00e1n \/ Tiago do Vale Architects\" aria-describedby=\"gallery-1-74192\" \/><\/a>\n\t\t\t<\/div>\n\t\t\t\t<figcaption class='wp-caption-text gallery-caption' id='gallery-1-74192'>\n\t\t\t\tHospedaje de San Sebasti\u00e1n \/ Tiago do Vale Architects (\u00a9 Jo\u00e3o Morgado)\n\t\t\t\t<\/figcaption><\/figure><figure class='gallery-item'>\n\t\t\t<div class='gallery-icon landscape'>\n\t\t\t\t<a href='https:\/\/www.arquimaster.com.ar\/web\/wp-content\/uploads\/2023\/01\/hospedaje_san_sebastian_017.jpg' title=\"Hospedaje de San Sebasti\u00e1n \/ Tiago do Vale Architects (\u00a9 Jo\u00e3o Morgado)\" data-rl_title=\"Hospedaje de San Sebasti\u00e1n \/ Tiago do Vale Architects (\u00a9 Jo\u00e3o Morgado)\" class=\"rl-gallery-link\" data-rl_caption=\"Hospedaje de San Sebasti\u00e1n \/ Tiago do Vale Architects (\u00a9 Jo\u00e3o Morgado)\" data-rel=\"lightbox-gallery-1\"><img loading=\"lazy\" decoding=\"async\" width=\"150\" height=\"150\" src=\"https:\/\/www.arquimaster.com.ar\/web\/wp-content\/uploads\/2023\/01\/hospedaje_san_sebastian_017-150x150.jpg\" class=\"attachment-thumbnail size-thumbnail\" alt=\"Hospedaje de San Sebasti\u00e1n \/ Tiago do Vale Architects\" aria-describedby=\"gallery-1-74193\" srcset=\"https:\/\/www.arquimaster.com.ar\/web\/wp-content\/uploads\/2023\/01\/hospedaje_san_sebastian_017-150x150.jpg 150w, https:\/\/www.arquimaster.com.ar\/web\/wp-content\/uploads\/2023\/01\/hospedaje_san_sebastian_017-768x768.jpg 768w, https:\/\/www.arquimaster.com.ar\/web\/wp-content\/uploads\/2023\/01\/hospedaje_san_sebastian_017.jpg 1500w\" sizes=\"auto, (max-width: 150px) 100vw, 150px\" \/><\/a>\n\t\t\t<\/div>\n\t\t\t\t<figcaption class='wp-caption-text gallery-caption' id='gallery-1-74193'>\n\t\t\t\tHospedaje de San Sebasti\u00e1n \/ Tiago do Vale Architects (\u00a9 Jo\u00e3o Morgado)\n\t\t\t\t<\/figcaption><\/figure><figure class='gallery-item'>\n\t\t\t<div class='gallery-icon landscape'>\n\t\t\t\t<a href='https:\/\/www.arquimaster.com.ar\/web\/wp-content\/uploads\/2023\/01\/hospedaje_san_sebastian_018.jpg' title=\"Hospedaje de San Sebasti\u00e1n \/ Tiago do Vale Architects (\u00a9 Jo\u00e3o Morgado)\" data-rl_title=\"Hospedaje de San Sebasti\u00e1n \/ Tiago do Vale Architects (\u00a9 Jo\u00e3o Morgado)\" class=\"rl-gallery-link\" data-rl_caption=\"Hospedaje de San Sebasti\u00e1n \/ Tiago do Vale Architects (\u00a9 Jo\u00e3o Morgado)\" data-rel=\"lightbox-gallery-1\"><img loading=\"lazy\" decoding=\"async\" width=\"150\" height=\"150\" src=\"https:\/\/www.arquimaster.com.ar\/web\/wp-content\/uploads\/2023\/01\/hospedaje_san_sebastian_018-150x150.jpg\" class=\"attachment-thumbnail size-thumbnail\" alt=\"Hospedaje de San Sebasti\u00e1n \/ Tiago do Vale Architects\" aria-describedby=\"gallery-1-74194\" \/><\/a>\n\t\t\t<\/div>\n\t\t\t\t<figcaption class='wp-caption-text gallery-caption' id='gallery-1-74194'>\n\t\t\t\tHospedaje de San Sebasti\u00e1n \/ Tiago do Vale Architects (\u00a9 Jo\u00e3o Morgado)\n\t\t\t\t<\/figcaption><\/figure><figure class='gallery-item'>\n\t\t\t<div class='gallery-icon landscape'>\n\t\t\t\t<a href='https:\/\/www.arquimaster.com.ar\/web\/wp-content\/uploads\/2023\/01\/hospedaje_san_sebastian_019.jpg' title=\"Hospedaje de San Sebasti\u00e1n \/ Tiago do Vale Architects (\u00a9 Jo\u00e3o Morgado)\" data-rl_title=\"Hospedaje de San Sebasti\u00e1n \/ Tiago do Vale Architects (\u00a9 Jo\u00e3o Morgado)\" class=\"rl-gallery-link\" data-rl_caption=\"Hospedaje de San Sebasti\u00e1n \/ Tiago do Vale Architects (\u00a9 Jo\u00e3o Morgado)\" data-rel=\"lightbox-gallery-1\"><img loading=\"lazy\" decoding=\"async\" width=\"150\" height=\"150\" src=\"https:\/\/www.arquimaster.com.ar\/web\/wp-content\/uploads\/2023\/01\/hospedaje_san_sebastian_019-150x150.jpg\" class=\"attachment-thumbnail size-thumbnail\" alt=\"Hospedaje de San Sebasti\u00e1n \/ Tiago do Vale Architects\" aria-describedby=\"gallery-1-74195\" srcset=\"https:\/\/www.arquimaster.com.ar\/web\/wp-content\/uploads\/2023\/01\/hospedaje_san_sebastian_019-150x150.jpg 150w, https:\/\/www.arquimaster.com.ar\/web\/wp-content\/uploads\/2023\/01\/hospedaje_san_sebastian_019-768x768.jpg 768w, https:\/\/www.arquimaster.com.ar\/web\/wp-content\/uploads\/2023\/01\/hospedaje_san_sebastian_019.jpg 1500w\" sizes=\"auto, (max-width: 150px) 100vw, 150px\" \/><\/a>\n\t\t\t<\/div>\n\t\t\t\t<figcaption class='wp-caption-text gallery-caption' id='gallery-1-74195'>\n\t\t\t\tHospedaje de San Sebasti\u00e1n \/ Tiago do Vale Architects (\u00a9 Jo\u00e3o Morgado)\n\t\t\t\t<\/figcaption><\/figure><figure class='gallery-item'>\n\t\t\t<div class='gallery-icon landscape'>\n\t\t\t\t<a href='https:\/\/www.arquimaster.com.ar\/web\/wp-content\/uploads\/2023\/01\/hospedaje_san_sebastian_020.jpg' title=\"Hospedaje de San Sebasti\u00e1n \/ Tiago do Vale Architects (\u00a9 Jo\u00e3o Morgado)\" data-rl_title=\"Hospedaje de San Sebasti\u00e1n \/ Tiago do Vale Architects (\u00a9 Jo\u00e3o Morgado)\" class=\"rl-gallery-link\" data-rl_caption=\"Hospedaje de San Sebasti\u00e1n \/ Tiago do Vale Architects (\u00a9 Jo\u00e3o Morgado)\" data-rel=\"lightbox-gallery-1\"><img loading=\"lazy\" decoding=\"async\" width=\"150\" height=\"150\" src=\"https:\/\/www.arquimaster.com.ar\/web\/wp-content\/uploads\/2023\/01\/hospedaje_san_sebastian_020-150x150.jpg\" class=\"attachment-thumbnail size-thumbnail\" alt=\"Hospedaje de San Sebasti\u00e1n \/ Tiago do Vale Architects\" aria-describedby=\"gallery-1-74196\" srcset=\"https:\/\/www.arquimaster.com.ar\/web\/wp-content\/uploads\/2023\/01\/hospedaje_san_sebastian_020-150x150.jpg 150w, https:\/\/www.arquimaster.com.ar\/web\/wp-content\/uploads\/2023\/01\/hospedaje_san_sebastian_020-768x768.jpg 768w, https:\/\/www.arquimaster.com.ar\/web\/wp-content\/uploads\/2023\/01\/hospedaje_san_sebastian_020.jpg 1500w\" sizes=\"auto, (max-width: 150px) 100vw, 150px\" \/><\/a>\n\t\t\t<\/div>\n\t\t\t\t<figcaption class='wp-caption-text gallery-caption' id='gallery-1-74196'>\n\t\t\t\tHospedaje de San Sebasti\u00e1n \/ Tiago do Vale Architects (\u00a9 Jo\u00e3o Morgado)\n\t\t\t\t<\/figcaption><\/figure><figure class='gallery-item'>\n\t\t\t<div class='gallery-icon portrait'>\n\t\t\t\t<a href='https:\/\/www.arquimaster.com.ar\/web\/wp-content\/uploads\/2023\/01\/hospedaje_san_sebastian_021.jpg' title=\"Hospedaje de San Sebasti\u00e1n \/ Tiago do Vale Architects (\u00a9 Jo\u00e3o Morgado)\" data-rl_title=\"Hospedaje de San Sebasti\u00e1n \/ Tiago do Vale Architects (\u00a9 Jo\u00e3o Morgado)\" class=\"rl-gallery-link\" data-rl_caption=\"Hospedaje de San Sebasti\u00e1n \/ Tiago do Vale Architects (\u00a9 Jo\u00e3o Morgado)\" data-rel=\"lightbox-gallery-1\"><img loading=\"lazy\" decoding=\"async\" width=\"150\" height=\"150\" src=\"https:\/\/www.arquimaster.com.ar\/web\/wp-content\/uploads\/2023\/01\/hospedaje_san_sebastian_021-150x150.jpg\" class=\"attachment-thumbnail size-thumbnail\" alt=\"Hospedaje de San Sebasti\u00e1n \/ Tiago do Vale Architects\" aria-describedby=\"gallery-1-74197\" \/><\/a>\n\t\t\t<\/div>\n\t\t\t\t<figcaption class='wp-caption-text gallery-caption' id='gallery-1-74197'>\n\t\t\t\tHospedaje de San Sebasti\u00e1n \/ Tiago do Vale Architects (\u00a9 Jo\u00e3o Morgado)\n\t\t\t\t<\/figcaption><\/figure><figure class='gallery-item'>\n\t\t\t<div class='gallery-icon portrait'>\n\t\t\t\t<a href='https:\/\/www.arquimaster.com.ar\/web\/wp-content\/uploads\/2023\/01\/hospedaje_san_sebastian_022.jpg' title=\"Hospedaje de San Sebasti\u00e1n \/ Tiago do Vale Architects (\u00a9 Jo\u00e3o Morgado)\" data-rl_title=\"Hospedaje de San Sebasti\u00e1n \/ Tiago do Vale Architects (\u00a9 Jo\u00e3o Morgado)\" class=\"rl-gallery-link\" data-rl_caption=\"Hospedaje de San Sebasti\u00e1n \/ Tiago do Vale Architects (\u00a9 Jo\u00e3o Morgado)\" data-rel=\"lightbox-gallery-1\"><img loading=\"lazy\" decoding=\"async\" width=\"150\" height=\"150\" src=\"https:\/\/www.arquimaster.com.ar\/web\/wp-content\/uploads\/2023\/01\/hospedaje_san_sebastian_022-150x150.jpg\" class=\"attachment-thumbnail size-thumbnail\" alt=\"Hospedaje de San Sebasti\u00e1n \/ Tiago do Vale Architects\" aria-describedby=\"gallery-1-74198\" \/><\/a>\n\t\t\t<\/div>\n\t\t\t\t<figcaption class='wp-caption-text gallery-caption' id='gallery-1-74198'>\n\t\t\t\tHospedaje de San Sebasti\u00e1n \/ Tiago do Vale Architects (\u00a9 Jo\u00e3o Morgado)\n\t\t\t\t<\/figcaption><\/figure><figure class='gallery-item'>\n\t\t\t<div class='gallery-icon portrait'>\n\t\t\t\t<a href='https:\/\/www.arquimaster.com.ar\/web\/wp-content\/uploads\/2023\/01\/hospedaje_san_sebastian_023.jpg' title=\"Hospedaje de San Sebasti\u00e1n \/ Tiago do Vale Architects (\u00a9 Jo\u00e3o Morgado)\" data-rl_title=\"Hospedaje de San Sebasti\u00e1n \/ Tiago do Vale Architects (\u00a9 Jo\u00e3o Morgado)\" class=\"rl-gallery-link\" data-rl_caption=\"Hospedaje de San Sebasti\u00e1n \/ Tiago do Vale Architects (\u00a9 Jo\u00e3o Morgado)\" data-rel=\"lightbox-gallery-1\"><img loading=\"lazy\" decoding=\"async\" width=\"150\" height=\"150\" src=\"https:\/\/www.arquimaster.com.ar\/web\/wp-content\/uploads\/2023\/01\/hospedaje_san_sebastian_023-150x150.jpg\" class=\"attachment-thumbnail size-thumbnail\" alt=\"Hospedaje de San Sebasti\u00e1n \/ Tiago do Vale Architects\" aria-describedby=\"gallery-1-74199\" \/><\/a>\n\t\t\t<\/div>\n\t\t\t\t<figcaption class='wp-caption-text gallery-caption' id='gallery-1-74199'>\n\t\t\t\tHospedaje de San Sebasti\u00e1n \/ Tiago do Vale Architects (\u00a9 Jo\u00e3o Morgado)\n\t\t\t\t<\/figcaption><\/figure><figure class='gallery-item'>\n\t\t\t<div class='gallery-icon portrait'>\n\t\t\t\t<a href='https:\/\/www.arquimaster.com.ar\/web\/wp-content\/uploads\/2023\/01\/hospedaje_san_sebastian_024.jpg' title=\"Hospedaje de San Sebasti\u00e1n \/ Tiago do Vale Architects (\u00a9 Jo\u00e3o Morgado)\" data-rl_title=\"Hospedaje de San Sebasti\u00e1n \/ Tiago do Vale Architects (\u00a9 Jo\u00e3o Morgado)\" class=\"rl-gallery-link\" data-rl_caption=\"Hospedaje de San Sebasti\u00e1n \/ Tiago do Vale Architects (\u00a9 Jo\u00e3o Morgado)\" data-rel=\"lightbox-gallery-1\"><img loading=\"lazy\" decoding=\"async\" width=\"150\" height=\"150\" src=\"https:\/\/www.arquimaster.com.ar\/web\/wp-content\/uploads\/2023\/01\/hospedaje_san_sebastian_024-150x150.jpg\" class=\"attachment-thumbnail size-thumbnail\" alt=\"Hospedaje de San Sebasti\u00e1n \/ Tiago do Vale Architects\" aria-describedby=\"gallery-1-74200\" \/><\/a>\n\t\t\t<\/div>\n\t\t\t\t<figcaption class='wp-caption-text gallery-caption' id='gallery-1-74200'>\n\t\t\t\tHospedaje de San Sebasti\u00e1n \/ Tiago do Vale Architects (\u00a9 Jo\u00e3o Morgado)\n\t\t\t\t<\/figcaption><\/figure><figure class='gallery-item'>\n\t\t\t<div class='gallery-icon landscape'>\n\t\t\t\t<a href='https:\/\/www.arquimaster.com.ar\/web\/wp-content\/uploads\/2023\/01\/hospedaje_san_sebastian_025.jpg' title=\"Hospedaje de San Sebasti\u00e1n \/ Tiago do Vale Architects (\u00a9 Jo\u00e3o Morgado)\" data-rl_title=\"Hospedaje de San Sebasti\u00e1n \/ Tiago do Vale Architects (\u00a9 Jo\u00e3o Morgado)\" class=\"rl-gallery-link\" data-rl_caption=\"Hospedaje de San Sebasti\u00e1n \/ Tiago do Vale Architects (\u00a9 Jo\u00e3o Morgado)\" data-rel=\"lightbox-gallery-1\"><img loading=\"lazy\" decoding=\"async\" width=\"150\" height=\"150\" src=\"https:\/\/www.arquimaster.com.ar\/web\/wp-content\/uploads\/2023\/01\/hospedaje_san_sebastian_025-150x150.jpg\" class=\"attachment-thumbnail size-thumbnail\" alt=\"Hospedaje de San Sebasti\u00e1n \/ Tiago do Vale Architects\" aria-describedby=\"gallery-1-74201\" srcset=\"https:\/\/www.arquimaster.com.ar\/web\/wp-content\/uploads\/2023\/01\/hospedaje_san_sebastian_025-150x150.jpg 150w, https:\/\/www.arquimaster.com.ar\/web\/wp-content\/uploads\/2023\/01\/hospedaje_san_sebastian_025-768x768.jpg 768w, https:\/\/www.arquimaster.com.ar\/web\/wp-content\/uploads\/2023\/01\/hospedaje_san_sebastian_025.jpg 1500w\" sizes=\"auto, (max-width: 150px) 100vw, 150px\" \/><\/a>\n\t\t\t<\/div>\n\t\t\t\t<figcaption class='wp-caption-text gallery-caption' id='gallery-1-74201'>\n\t\t\t\tHospedaje de San Sebasti\u00e1n \/ Tiago do Vale Architects (\u00a9 Jo\u00e3o Morgado)\n\t\t\t\t<\/figcaption><\/figure><figure class='gallery-item'>\n\t\t\t<div class='gallery-icon landscape'>\n\t\t\t\t<a href='https:\/\/www.arquimaster.com.ar\/web\/wp-content\/uploads\/2023\/01\/hospedaje_san_sebastian_026.jpg' title=\"Hospedaje de San Sebasti\u00e1n \/ Tiago do Vale Architects (\u00a9 Jo\u00e3o Morgado)\" data-rl_title=\"Hospedaje de San Sebasti\u00e1n \/ Tiago do Vale Architects (\u00a9 Jo\u00e3o Morgado)\" class=\"rl-gallery-link\" data-rl_caption=\"Hospedaje de San Sebasti\u00e1n \/ Tiago do Vale Architects (\u00a9 Jo\u00e3o Morgado)\" data-rel=\"lightbox-gallery-1\"><img loading=\"lazy\" decoding=\"async\" width=\"150\" height=\"150\" src=\"https:\/\/www.arquimaster.com.ar\/web\/wp-content\/uploads\/2023\/01\/hospedaje_san_sebastian_026-150x150.jpg\" class=\"attachment-thumbnail size-thumbnail\" alt=\"Hospedaje de San Sebasti\u00e1n \/ Tiago do Vale Architects\" aria-describedby=\"gallery-1-74202\" srcset=\"https:\/\/www.arquimaster.com.ar\/web\/wp-content\/uploads\/2023\/01\/hospedaje_san_sebastian_026-150x150.jpg 150w, https:\/\/www.arquimaster.com.ar\/web\/wp-content\/uploads\/2023\/01\/hospedaje_san_sebastian_026-768x768.jpg 768w, https:\/\/www.arquimaster.com.ar\/web\/wp-content\/uploads\/2023\/01\/hospedaje_san_sebastian_026.jpg 1500w\" sizes=\"auto, (max-width: 150px) 100vw, 150px\" \/><\/a>\n\t\t\t<\/div>\n\t\t\t\t<figcaption class='wp-caption-text gallery-caption' id='gallery-1-74202'>\n\t\t\t\tHospedaje de San Sebasti\u00e1n \/ Tiago do Vale Architects (\u00a9 Jo\u00e3o Morgado)\n\t\t\t\t<\/figcaption><\/figure><figure class='gallery-item'>\n\t\t\t<div class='gallery-icon portrait'>\n\t\t\t\t<a href='https:\/\/www.arquimaster.com.ar\/web\/wp-content\/uploads\/2023\/01\/hospedaje_san_sebastian_027.jpg' title=\"Hospedaje de San Sebasti\u00e1n \/ Tiago do Vale Architects (\u00a9 Jo\u00e3o Morgado)\" data-rl_title=\"Hospedaje de San Sebasti\u00e1n \/ Tiago do Vale Architects (\u00a9 Jo\u00e3o Morgado)\" class=\"rl-gallery-link\" data-rl_caption=\"Hospedaje de San Sebasti\u00e1n \/ Tiago do Vale Architects (\u00a9 Jo\u00e3o Morgado)\" data-rel=\"lightbox-gallery-1\"><img loading=\"lazy\" decoding=\"async\" width=\"150\" height=\"150\" src=\"https:\/\/www.arquimaster.com.ar\/web\/wp-content\/uploads\/2023\/01\/hospedaje_san_sebastian_027-150x150.jpg\" class=\"attachment-thumbnail size-thumbnail\" alt=\"Hospedaje de San Sebasti\u00e1n \/ Tiago do Vale Architects\" aria-describedby=\"gallery-1-74203\" \/><\/a>\n\t\t\t<\/div>\n\t\t\t\t<figcaption class='wp-caption-text gallery-caption' id='gallery-1-74203'>\n\t\t\t\tHospedaje de San Sebasti\u00e1n \/ Tiago do Vale Architects (\u00a9 Jo\u00e3o Morgado)\n\t\t\t\t<\/figcaption><\/figure><figure class='gallery-item'>\n\t\t\t<div class='gallery-icon portrait'>\n\t\t\t\t<a href='https:\/\/www.arquimaster.com.ar\/web\/wp-content\/uploads\/2023\/01\/hospedaje_san_sebastian_028.jpg' title=\"Hospedaje de San Sebasti\u00e1n \/ Tiago do Vale Architects (\u00a9 Jo\u00e3o Morgado)\" data-rl_title=\"Hospedaje de San Sebasti\u00e1n \/ Tiago do Vale Architects (\u00a9 Jo\u00e3o Morgado)\" class=\"rl-gallery-link\" data-rl_caption=\"Hospedaje de San Sebasti\u00e1n \/ Tiago do Vale Architects (\u00a9 Jo\u00e3o Morgado)\" data-rel=\"lightbox-gallery-1\"><img loading=\"lazy\" decoding=\"async\" width=\"150\" height=\"150\" src=\"https:\/\/www.arquimaster.com.ar\/web\/wp-content\/uploads\/2023\/01\/hospedaje_san_sebastian_028-150x150.jpg\" class=\"attachment-thumbnail size-thumbnail\" alt=\"Hospedaje de San Sebasti\u00e1n \/ Tiago do Vale Architects\" aria-describedby=\"gallery-1-74204\" \/><\/a>\n\t\t\t<\/div>\n\t\t\t\t<figcaption class='wp-caption-text gallery-caption' id='gallery-1-74204'>\n\t\t\t\tHospedaje de San Sebasti\u00e1n \/ Tiago do Vale Architects (\u00a9 Jo\u00e3o Morgado)\n\t\t\t\t<\/figcaption><\/figure><figure class='gallery-item'>\n\t\t\t<div class='gallery-icon landscape'>\n\t\t\t\t<a href='https:\/\/www.arquimaster.com.ar\/web\/wp-content\/uploads\/2023\/01\/hospedaje_san_sebastian_029.jpg' title=\"Hospedaje de San Sebasti\u00e1n \/ Tiago do Vale Architects (\u00a9 Jo\u00e3o Morgado)\" data-rl_title=\"Hospedaje de San Sebasti\u00e1n \/ Tiago do Vale Architects (\u00a9 Jo\u00e3o Morgado)\" class=\"rl-gallery-link\" data-rl_caption=\"Hospedaje de San Sebasti\u00e1n \/ Tiago do Vale Architects (\u00a9 Jo\u00e3o Morgado)\" data-rel=\"lightbox-gallery-1\"><img loading=\"lazy\" decoding=\"async\" width=\"150\" height=\"150\" src=\"https:\/\/www.arquimaster.com.ar\/web\/wp-content\/uploads\/2023\/01\/hospedaje_san_sebastian_029-150x150.jpg\" class=\"attachment-thumbnail size-thumbnail\" alt=\"Hospedaje de San Sebasti\u00e1n \/ Tiago do Vale Architects\" aria-describedby=\"gallery-1-74205\" srcset=\"https:\/\/www.arquimaster.com.ar\/web\/wp-content\/uploads\/2023\/01\/hospedaje_san_sebastian_029-150x150.jpg 150w, https:\/\/www.arquimaster.com.ar\/web\/wp-content\/uploads\/2023\/01\/hospedaje_san_sebastian_029-768x768.jpg 768w, https:\/\/www.arquimaster.com.ar\/web\/wp-content\/uploads\/2023\/01\/hospedaje_san_sebastian_029.jpg 1500w\" sizes=\"auto, (max-width: 150px) 100vw, 150px\" \/><\/a>\n\t\t\t<\/div>\n\t\t\t\t<figcaption class='wp-caption-text gallery-caption' id='gallery-1-74205'>\n\t\t\t\tHospedaje de San Sebasti\u00e1n \/ Tiago do Vale Architects (\u00a9 Jo\u00e3o Morgado)\n\t\t\t\t<\/figcaption><\/figure><figure class='gallery-item'>\n\t\t\t<div class='gallery-icon portrait'>\n\t\t\t\t<a href='https:\/\/www.arquimaster.com.ar\/web\/wp-content\/uploads\/2023\/01\/hospedaje_san_sebastian_030.jpg' title=\"Hospedaje de San Sebasti\u00e1n \/ Tiago do Vale Architects (\u00a9 Jo\u00e3o Morgado)\" data-rl_title=\"Hospedaje de San Sebasti\u00e1n \/ Tiago do Vale Architects (\u00a9 Jo\u00e3o Morgado)\" class=\"rl-gallery-link\" data-rl_caption=\"Hospedaje de San Sebasti\u00e1n \/ Tiago do Vale Architects (\u00a9 Jo\u00e3o Morgado)\" data-rel=\"lightbox-gallery-1\"><img loading=\"lazy\" decoding=\"async\" width=\"150\" height=\"150\" src=\"https:\/\/www.arquimaster.com.ar\/web\/wp-content\/uploads\/2023\/01\/hospedaje_san_sebastian_030-150x150.jpg\" class=\"attachment-thumbnail size-thumbnail\" alt=\"Hospedaje de San Sebasti\u00e1n \/ Tiago do Vale Architects\" aria-describedby=\"gallery-1-74206\" \/><\/a>\n\t\t\t<\/div>\n\t\t\t\t<figcaption class='wp-caption-text gallery-caption' id='gallery-1-74206'>\n\t\t\t\tHospedaje de San Sebasti\u00e1n \/ Tiago do Vale Architects (\u00a9 Jo\u00e3o Morgado)\n\t\t\t\t<\/figcaption><\/figure><figure class='gallery-item'>\n\t\t\t<div class='gallery-icon landscape'>\n\t\t\t\t<a href='https:\/\/www.arquimaster.com.ar\/web\/wp-content\/uploads\/2023\/01\/hospedaje_san_sebastian_031.jpg' title=\"Hospedaje de San Sebasti\u00e1n \/ Tiago do Vale Architects (\u00a9 Jo\u00e3o Morgado)\" data-rl_title=\"Hospedaje de San Sebasti\u00e1n \/ Tiago do Vale Architects (\u00a9 Jo\u00e3o Morgado)\" class=\"rl-gallery-link\" data-rl_caption=\"Hospedaje de San Sebasti\u00e1n \/ Tiago do Vale Architects (\u00a9 Jo\u00e3o Morgado)\" data-rel=\"lightbox-gallery-1\"><img loading=\"lazy\" decoding=\"async\" width=\"150\" height=\"150\" src=\"https:\/\/www.arquimaster.com.ar\/web\/wp-content\/uploads\/2023\/01\/hospedaje_san_sebastian_031-150x150.jpg\" class=\"attachment-thumbnail size-thumbnail\" alt=\"Hospedaje de San Sebasti\u00e1n \/ Tiago do Vale Architects\" aria-describedby=\"gallery-1-74207\" \/><\/a>\n\t\t\t<\/div>\n\t\t\t\t<figcaption class='wp-caption-text gallery-caption' id='gallery-1-74207'>\n\t\t\t\tHospedaje de San Sebasti\u00e1n \/ Tiago do Vale Architects (\u00a9 Jo\u00e3o Morgado)\n\t\t\t\t<\/figcaption><\/figure><figure class='gallery-item'>\n\t\t\t<div class='gallery-icon portrait'>\n\t\t\t\t<a href='https:\/\/www.arquimaster.com.ar\/web\/wp-content\/uploads\/2023\/01\/hospedaje_san_sebastian_032.jpg' title=\"Hospedaje de San Sebasti\u00e1n \/ Tiago do Vale Architects (\u00a9 Jo\u00e3o Morgado)\" data-rl_title=\"Hospedaje de San Sebasti\u00e1n \/ Tiago do Vale Architects (\u00a9 Jo\u00e3o Morgado)\" class=\"rl-gallery-link\" data-rl_caption=\"Hospedaje de San Sebasti\u00e1n \/ Tiago do Vale Architects (\u00a9 Jo\u00e3o Morgado)\" data-rel=\"lightbox-gallery-1\"><img loading=\"lazy\" decoding=\"async\" width=\"150\" height=\"150\" src=\"https:\/\/www.arquimaster.com.ar\/web\/wp-content\/uploads\/2023\/01\/hospedaje_san_sebastian_032-150x150.jpg\" class=\"attachment-thumbnail size-thumbnail\" alt=\"Hospedaje de San Sebasti\u00e1n \/ Tiago do Vale Architects\" aria-describedby=\"gallery-1-74208\" \/><\/a>\n\t\t\t<\/div>\n\t\t\t\t<figcaption class='wp-caption-text gallery-caption' id='gallery-1-74208'>\n\t\t\t\tHospedaje de San Sebasti\u00e1n \/ Tiago do Vale Architects (\u00a9 Jo\u00e3o Morgado)\n\t\t\t\t<\/figcaption><\/figure><figure class='gallery-item'>\n\t\t\t<div class='gallery-icon landscape'>\n\t\t\t\t<a href='https:\/\/www.arquimaster.com.ar\/web\/wp-content\/uploads\/2023\/01\/hospedaje_san_sebastian_033.jpg' title=\"Hospedaje de San Sebasti\u00e1n \/ Tiago do Vale Architects (planta)\" data-rl_title=\"Hospedaje de San Sebasti\u00e1n \/ Tiago do Vale Architects (planta)\" class=\"rl-gallery-link\" data-rl_caption=\"Hospedaje de San Sebasti\u00e1n \/ Tiago do Vale Architects (planta)\" data-rel=\"lightbox-gallery-1\"><img loading=\"lazy\" decoding=\"async\" width=\"150\" height=\"150\" src=\"https:\/\/www.arquimaster.com.ar\/web\/wp-content\/uploads\/2023\/01\/hospedaje_san_sebastian_033-150x150.jpg\" class=\"attachment-thumbnail size-thumbnail\" alt=\"Hospedaje de San Sebasti\u00e1n \/ Tiago do Vale Architects\" aria-describedby=\"gallery-1-74209\" \/><\/a>\n\t\t\t<\/div>\n\t\t\t\t<figcaption class='wp-caption-text gallery-caption' id='gallery-1-74209'>\n\t\t\t\tHospedaje de San Sebasti\u00e1n \/ Tiago do Vale Architects (planta)\n\t\t\t\t<\/figcaption><\/figure><figure class='gallery-item'>\n\t\t\t<div class='gallery-icon landscape'>\n\t\t\t\t<a href='https:\/\/www.arquimaster.com.ar\/web\/wp-content\/uploads\/2023\/01\/hospedaje_san_sebastian_034.jpg' title=\"Hospedaje de San Sebasti\u00e1n \/ Tiago do Vale Architects (corte)\" data-rl_title=\"Hospedaje de San Sebasti\u00e1n \/ Tiago do Vale Architects (corte)\" class=\"rl-gallery-link\" data-rl_caption=\"Hospedaje de San Sebasti\u00e1n \/ Tiago do Vale Architects (corte)\" data-rel=\"lightbox-gallery-1\"><img loading=\"lazy\" decoding=\"async\" width=\"150\" height=\"150\" src=\"https:\/\/www.arquimaster.com.ar\/web\/wp-content\/uploads\/2023\/01\/hospedaje_san_sebastian_034-150x150.jpg\" class=\"attachment-thumbnail size-thumbnail\" alt=\"Hospedaje de San Sebasti\u00e1n \/ Tiago do Vale Architects\" aria-describedby=\"gallery-1-74210\" \/><\/a>\n\t\t\t<\/div>\n\t\t\t\t<figcaption class='wp-caption-text gallery-caption' id='gallery-1-74210'>\n\t\t\t\tHospedaje de San Sebasti\u00e1n \/ Tiago do Vale Architects (corte)\n\t\t\t\t<\/figcaption><\/figure><figure class='gallery-item'>\n\t\t\t<div class='gallery-icon portrait'>\n\t\t\t\t<a href='https:\/\/www.arquimaster.com.ar\/web\/wp-content\/uploads\/2023\/01\/hospedaje_san_sebastian_035.jpg' title=\"Hospedaje de San Sebasti\u00e1n \/ Tiago do Vale Architects (estado anterior \/ cortes\u00eda de Tiago do Vale Architects)\" data-rl_title=\"Hospedaje de San Sebasti\u00e1n \/ Tiago do Vale Architects (estado anterior \/ cortes\u00eda de Tiago do Vale Architects)\" class=\"rl-gallery-link\" data-rl_caption=\"Hospedaje de San Sebasti\u00e1n \/ Tiago do Vale Architects (estado anterior \/ cortes\u00eda de Tiago do Vale Architects)\" data-rel=\"lightbox-gallery-1\"><img loading=\"lazy\" decoding=\"async\" width=\"150\" height=\"150\" src=\"https:\/\/www.arquimaster.com.ar\/web\/wp-content\/uploads\/2023\/01\/hospedaje_san_sebastian_035-150x150.jpg\" class=\"attachment-thumbnail size-thumbnail\" alt=\"Hospedaje de San Sebasti\u00e1n \/ Tiago do Vale Architects\" aria-describedby=\"gallery-1-74211\" \/><\/a>\n\t\t\t<\/div>\n\t\t\t\t<figcaption class='wp-caption-text gallery-caption' id='gallery-1-74211'>\n\t\t\t\tHospedaje de San Sebasti\u00e1n \/ Tiago do Vale Architects (estado anterior \/ cortes\u00eda de Tiago do Vale Architects)\n\t\t\t\t<\/figcaption><\/figure><figure class='gallery-item'>\n\t\t\t<div class='gallery-icon portrait'>\n\t\t\t\t<a href='https:\/\/www.arquimaster.com.ar\/web\/wp-content\/uploads\/2023\/01\/hospedaje_san_sebastian_036.jpg' title=\"Hospedaje de San Sebasti\u00e1n \/ Tiago do Vale Architects (estado anterior \/ cortes\u00eda de Tiago do Vale Architects)\" data-rl_title=\"Hospedaje de San Sebasti\u00e1n \/ Tiago do Vale Architects (estado anterior \/ cortes\u00eda de Tiago do Vale Architects)\" class=\"rl-gallery-link\" data-rl_caption=\"Hospedaje de San Sebasti\u00e1n \/ Tiago do Vale Architects (estado anterior \/ cortes\u00eda de Tiago do Vale Architects)\" data-rel=\"lightbox-gallery-1\"><img loading=\"lazy\" decoding=\"async\" width=\"150\" height=\"150\" src=\"https:\/\/www.arquimaster.com.ar\/web\/wp-content\/uploads\/2023\/01\/hospedaje_san_sebastian_036-150x150.jpg\" class=\"attachment-thumbnail size-thumbnail\" alt=\"Hospedaje de San Sebasti\u00e1n \/ Tiago do Vale Architects\" aria-describedby=\"gallery-1-74212\" \/><\/a>\n\t\t\t<\/div>\n\t\t\t\t<figcaption class='wp-caption-text gallery-caption' id='gallery-1-74212'>\n\t\t\t\tHospedaje de San Sebasti\u00e1n \/ Tiago do Vale Architects (estado anterior \/ cortes\u00eda de Tiago do Vale Architects)\n\t\t\t\t<\/figcaption><\/figure><figure class='gallery-item'>\n\t\t\t<div class='gallery-icon portrait'>\n\t\t\t\t<a href='https:\/\/www.arquimaster.com.ar\/web\/wp-content\/uploads\/2023\/01\/hospedaje_san_sebastian_037.jpg' title=\"Hospedaje de San Sebasti\u00e1n \/ Tiago do Vale Architects (estado anterior \/ cortes\u00eda de Tiago do Vale Architects)\" data-rl_title=\"Hospedaje de San Sebasti\u00e1n \/ Tiago do Vale Architects (estado anterior \/ cortes\u00eda de Tiago do Vale Architects)\" class=\"rl-gallery-link\" data-rl_caption=\"Hospedaje de San Sebasti\u00e1n \/ Tiago do Vale Architects (estado anterior \/ cortes\u00eda de Tiago do Vale Architects)\" data-rel=\"lightbox-gallery-1\"><img loading=\"lazy\" decoding=\"async\" width=\"150\" height=\"150\" src=\"https:\/\/www.arquimaster.com.ar\/web\/wp-content\/uploads\/2023\/01\/hospedaje_san_sebastian_037-150x150.jpg\" class=\"attachment-thumbnail size-thumbnail\" alt=\"Hospedaje de San Sebasti\u00e1n \/ Tiago do Vale Architects\" aria-describedby=\"gallery-1-74213\" \/><\/a>\n\t\t\t<\/div>\n\t\t\t\t<figcaption class='wp-caption-text gallery-caption' id='gallery-1-74213'>\n\t\t\t\tHospedaje de San Sebasti\u00e1n \/ Tiago do Vale Architects (estado anterior \/ cortes\u00eda de Tiago do Vale Architects)\n\t\t\t\t<\/figcaption><\/figure><figure class='gallery-item'>\n\t\t\t<div class='gallery-icon portrait'>\n\t\t\t\t<a href='https:\/\/www.arquimaster.com.ar\/web\/wp-content\/uploads\/2023\/01\/hospedaje_san_sebastian_038.jpg' title=\"Hospedaje de San Sebasti\u00e1n \/ Tiago do Vale Architects (estado anterior \/ cortes\u00eda de Tiago do Vale Architects)\" data-rl_title=\"Hospedaje de San Sebasti\u00e1n \/ Tiago do Vale Architects (estado anterior \/ cortes\u00eda de Tiago do Vale Architects)\" class=\"rl-gallery-link\" data-rl_caption=\"Hospedaje de San Sebasti\u00e1n \/ Tiago do Vale Architects (estado anterior \/ cortes\u00eda de Tiago do Vale Architects)\" data-rel=\"lightbox-gallery-1\"><img loading=\"lazy\" decoding=\"async\" width=\"150\" height=\"150\" src=\"https:\/\/www.arquimaster.com.ar\/web\/wp-content\/uploads\/2023\/01\/hospedaje_san_sebastian_038-150x150.jpg\" class=\"attachment-thumbnail size-thumbnail\" alt=\"Hospedaje de San Sebasti\u00e1n \/ Tiago do Vale Architects\" aria-describedby=\"gallery-1-74214\" \/><\/a>\n\t\t\t<\/div>\n\t\t\t\t<figcaption class='wp-caption-text gallery-caption' id='gallery-1-74214'>\n\t\t\t\tHospedaje de San Sebasti\u00e1n \/ Tiago do Vale Architects (estado anterior \/ cortes\u00eda de Tiago do Vale Architects)\n\t\t\t\t<\/figcaption><\/figure>\n\t\t<\/div>\n\n<p>A medida que la ciudad medieval avanzaba hacia el norte, abrazando la Catedral, el territorio alrededor de la calle de San Sebasti\u00e1n se fue ruralizando, abasteciendo a la ciudad de cultivos y ganado.<\/p>\n<p>Finalmente, la expansi\u00f3n de la ciudad del siglo XX impuso una fuerte transformaci\u00f3n, forzando una inc\u00f3moda convivencia entre, por un lado, la gran sensibilidad arqueol\u00f3gica de la calle y la matriz rural de la construcci\u00f3n existente y, por otro, las fuertes presiones urbanas, los programas, la imagen y las t\u00e9cnicas constructivas de la ciudad contempor\u00e1nea.<\/p>\n<p>La construcci\u00f3n que alberga al Hospedaje de San Sebasti\u00e1n es una s\u00edntesis de estas circunstancias hist\u00f3ricas y de los r\u00e1pidos cambios que ha sufrido esta calle.<\/p>\n<p>En ruinas, conservando con cierta integridad solo la fachada de la planta baja y el primer piso, podemos identificar un edificio de gran modestia constructiva, que presenta rasgos que apuntan a una fundaci\u00f3n de finales del siglo XVIII y presentando peque\u00f1as \u00e1reas.<\/p>\n<p>De restos supervivientes en la fachada y muro de aparcer\u00eda se identifica una segunda planta posterior, con fachada tabicada y escayola de yeso y una volumetr\u00eda m\u00e1s ambiciosa, que dejaba entrever una voluntad de ampliar la capacidad del edificio en una construcci\u00f3n que acab\u00f3 por no perdurar.<\/p>\n<p>El programa de la comisi\u00f3n (un establecimiento de hospedaje) requer\u00eda una fuerte eficiencia en el uso de la limitada \u00e1rea disponible y volumetr\u00eda posible, en un ejercicio de muy bajo costo, mientras que el gran inter\u00e9s arqueol\u00f3gico del \u00e1rea tambi\u00e9n implicaba la adopci\u00f3n de t\u00e9cnicas constructivas m\u00ednimamente invasivas.<\/p>\n<p>La soluci\u00f3n se present\u00f3 bajo la forma de un dise\u00f1o altamente sistematizado, que permit\u00eda econom\u00edas de escala a trav\u00e9s de la repetici\u00f3n de elementos estandarizados y de una gran eficiencia en el uso del \u00e1rea disponible a trav\u00e9s de la integraci\u00f3n de todas las necesidades de cada unidad en el dise\u00f1o modular de su mobiliario.<\/p>\n<p>Un gran lavabo de cer\u00e1mica sirve simult\u00e1neamente el ba\u00f1o, la cocineta y el lavado de ropa (aunque se proporcionan lavadoras y secadoras compartidas en la planta baja). Este lavabo forma parte de un aparador que tambi\u00e9n soporta la entrada de las unidades con un gran espejo y espacios para calzado y llaves, por ejemplo.<\/p>\n<p>Esta pieza forma parte de un conjunto lineal de mobiliario modular que resuelve tambi\u00e9n la cocineta, la cama abatible, el almacenaje y el armario. En el lado opuesto de la unidad, el ba\u00f1o compacto dise\u00f1a el vest\u00edbulo de entrada.<\/p>\n<p>Para lograr la m\u00e1s eficiente organizaci\u00f3n de las unidades y sus interconexiones en el volumen, el nivel de losa de piso se alterna entre ambos frentes, lo que permite un n\u00facleo de circulaci\u00f3n vertical con el m\u00ednimo gasto de \u00e1rea.<\/p>\n<p>Esta soluci\u00f3n est\u00e1 coronada por un lucernario piramidal, reproduciendo una tipolog\u00eda recurrente en la construcci\u00f3n urbana portuguesa.<\/p>\n<p>La fachada principal recupera los elementos sobrevivientes del alzado original mientras que, en las plantas superiores, cita la memoria de la presencia urbana del volumen perdido, buscando simult\u00e1neamente su integraci\u00f3n con la calle actual, en escala, lenguaje y alturas dominantes.<\/p>\n<p>El alzado posterior se posiciona en la alineaci\u00f3n de la construcci\u00f3n perdida y, aunque es una edificaci\u00f3n totalmente nueva, tambi\u00e9n cita tipolog\u00edas de elevaci\u00f3n recurrentes de este contexto urbano.<\/p>\n<p>Al final, el Hospedaje de San Sebasti\u00e1n se configura entre, por un lado, la necesidad de la m\u00e1xima eficacia y, por el otro, el debido respeto tanto a los restos supervivientes de la construcci\u00f3n existente como a la larga y compleja historia de la calle San Sebasti\u00e1n.<\/p>\n\n\n<div style=\"height:20px\" aria-hidden=\"true\" class=\"wp-block-spacer\"><\/div>\n\n\n\n<p class=\"has-background\" style=\"background-color:#eaeaea\"><strong>Ficha t\u00e9cnica<\/strong><br>Nombre: Hospedaje de San Sebasti\u00e1n<br>Ubicaci\u00f3n: Braga, Portugal<br>Oficina de arquitectura: Tiago do Vale Architects Equipo de proyecto: Tiago do Vale, con Maria Jo\u00e3o Ara\u00fajo, Camille Martin, Priscilla Moreira, Florisa Novo Rodrigues, Teresa Vilar, Clementina Silva, Hugo Quintela, Adriana Gomes<br>Cliente: Vale Escuro Investimentos Imobili\u00e1rios L.da<br>Ingenieria: SIPC L.da<br>Constructor: Edinfantas Constru\u00e7\u00f5es L.da<br>A\u00f1o de proyecto: 2018-2020<br>A\u00f1o de construcci\u00f3n : 2020-2022<br>Area de implantaci\u00f3n: 560 ft2 (52 m2)<br>Area de construcci\u00f3n: 2336 ft2 (217 m2)<br>Mobiliario: <a href=\"http:\/\/instagram.com\/vintagealternativestore\" target=\"_blank\" rel=\"noreferrer noopener\">Vintage Alternative Store<\/a><br>Fotos: <a href=\"https:\/\/joaomorgado.com\" target=\"_blank\" rel=\"noreferrer noopener\">Jo\u00e3o Morgado<\/a><br><br><strong>Contacto<\/strong><br><a href=\"https:\/\/tiagodovale.com\/portfolio\/sebastian\/\" target=\"_blank\" rel=\"noreferrer noopener\">https:\/\/tiagodovale.com\/<\/a><\/p>\n\n\n\n<div style=\"height:40px\" aria-hidden=\"true\" class=\"wp-block-spacer\"><\/div>\n\n\n<p><em><strong>English version<\/strong><\/em><\/p>\n<p><em><strong>Saint Sebastian Lodging<\/strong><\/em><br><em>(A play between Memory and Program)<\/em><\/p>\n<p><em>Saint Sebastian Street is a singular artery in the urban History of Braga.<\/em><\/p>\n<p><em>Its layout coincides with the Decumanus Maximus of the roman Braga, rising from west to east towards the Forum, and it&#8217;s the final leg of both the Via XX (connecting Astorga to Braga partially by sea) and the Via XVI (connecting Lisbon to Braga by land). In consequence, this is an area of high archeological sensitivity.<\/em><\/p>\n<p><em>As the medieval city moved towards the north, embracing the cathedral, the territory around Saint Sebastian Street became more ruralized, supplying the city with crops and livestock.<\/em><\/p>\n<p><em>Finally, the 20th-century city expansion imposed a strong transformation, forcing an uncomfortable relationship between, on one hand, the street&#8217;s great archeological sensitivity and the rural matrix of the existing construction and, on the other, the strong urban pressures, programs, image and building techniques of the contemporary city.<\/em><\/p>\n<p><em>The construction that gives Saint Sebastian Lodging its starting point is a synthesis of these historical circumstances and of the rapid changes that this street went through.<\/em><\/p>\n<p><em>In ruins, with only the ground-floor and first-floor fa\u00e7ade surviving with some integrity, we can identify a building of great constructive modesty, displaying features that point towards a late 18th-century foundation, with a minute footprint and envelope.<\/em><\/p>\n<p><em>From surviving remains on the fa\u00e7ade and the sharecropping wall, a later second floor is identifiable, with a fa\u00e7ade made of a plaster cast thin wall and a more ambitious volume, noting in a short-lasting construction a willingness to expand the capacity of the building.<\/em><\/p>\n<p><em>The commission&#8217;s program (a lodging) required strong efficiency in the use of the limited available footprint and possible volume, in a very low-cost exercise, while the great archeological interest of the area required minimally invasive constructive techniques.<\/em><\/p>\n<p><em>The solution presented itself with a highly systematized design, allowing for economies of scale through the repetition of standardized elements, and a great area usage efficiency by integrating all of the units&#8217; functions and needs in their modular furniture design.<\/em><\/p>\n<p><em>A big ceramic basin simultaneously serves the bathroom, the kitchenette and clothes washing (though shared washing and drying machines are provided on the ground floor). This basin is part of a cabinet that also supports the unit&#8217;s entrance with a large mirror and spaces for footwear and keys, for instance.<\/em><\/p>\n<p><em>This piece is part of a linear set of modular furniture that equally solves a kitchenette, folding bed, storage and closet.<\/em><\/p>\n<p><em>On the opposite side of the unit, the compact bathroom shapes its entrance hall.<\/em><\/p>\n<p><em>Aiming to achieve the most efficient unit distribution and interconnections, the floor slab level alternates between both fronts, allowing for a vertical circulation core with the smallest footprint.<\/em><\/p>\n<p><em>This solution is crowned by a pyramidal skylight, reproducing a recurrent typology in Portuguese city dwellings.<\/em><\/p>\n<p><em>The main fa\u00e7ade restores the surviving elements from the original elevation while, on the top floors, citing the memory of the lost volume&#8217;s urban presence, simultaneously looking for its integration with today&#8217;s street, its scale, languages and dominant heights.<\/em><\/p>\n<p><em>The back fa\u00e7ade positions itself at the alignment of the lost construction and though it&#8217;s a totally new edification it also quotes recurring elevation typologies of this urban context.<\/em><\/p>\n<p><em>In the end, the Saint Sebastian Lodging is shaped between the need for maximum efficacy and the due respect for both the surviving remains of the existing construction and the long and complex history of Saint Sebastian Street.<\/em><\/p>\n\n\n<div style=\"height:20px\" aria-hidden=\"true\" class=\"wp-block-spacer\"><\/div>\n\n\n<p><em><strong>Vers\u00e3o em portugu\u00eas<\/strong><\/em><\/p>\n<p><em><strong>Alojamento de S\u00e3o Sebasti\u00e3o<\/strong><\/em><br><em>(Entre Mem\u00f3ria e Programa)<\/em><\/p>\n<p><em>A Rua de S\u00e3o Sebasti\u00e3o \u00e9 uma art\u00e9ria singular na hist\u00f3ria urbana de Braga.<\/em><\/p>\n<p><em>O seu tra\u00e7ado coincide com o Decumano M\u00e1ximo da cidade romana, subindo de Poente para Nascente em dire\u00e7\u00e3o ao F\u00f3rum e constituindo o tramo final da Via XX (que ligava Astorga a Braga parcialmente por via mar\u00edtima), sendo tamb\u00e9m uma chegada alternativa da Via XVI (que ligava Lisboa a Braga por terra). \u00c9 portanto, uma zona de grande sensibilidade arqueol\u00f3gica.<\/em><\/p>\n<p><em>\u00c0 medida que a urbe medieval se moveu em dire\u00e7\u00e3o a norte, abra\u00e7ando a S\u00e9, este territ\u00f3rio ruralizou-se, ocupado com produ\u00e7\u00e3o agropecu\u00e1ria que alimentava a cidade.<\/em><\/p>\n<p><em>Finalmente, a expans\u00e3o da cidade no s\u00e9culo XX imp\u00f4s uma forte transforma\u00e7\u00e3o \u00e0 rua, for\u00e7ando um conv\u00edvio desconfort\u00e1vel entre, por um lado, a sua grande sensibilidade arqueol\u00f3gica e a matriz eminentemente rural das constru\u00e7\u00f5es existentes e, pelo outro, as press\u00f5es urban\u00edsticas, os programas, a imagem e as formas de construir da cidade contempor\u00e2nea.<\/em><\/p>\n<p><em>A constru\u00e7\u00e3o que acolhe o Alojamento de S\u00e3o Sebasti\u00e3o \u00e9 uma s\u00edntese destas circunst\u00e2ncias hist\u00f3ricas e das r\u00e1pidas mudan\u00e7as que a rua sofreu.<\/em><\/p>\n<p><em>Encontrando-se em ru\u00edna, sobrevivendo com alguma integridade apenas um pano de fachada com r\u00e9s-do-ch\u00e3o e primeiro piso voltados para a rua, identifica-se uma edifica\u00e7\u00e3o de grande mod\u00e9stia construtiva, com caracter\u00edsticas que apontam para uma funda\u00e7\u00e3o de finais do s\u00e9culo XVIII e apresentando \u00e1reas diminutas.<\/em><\/p>\n<p><em>Reconhece-se tamb\u00e9m, atrav\u00e9s de vest\u00edgios sobreviventes no al\u00e7ado e na empena meeira, um segundo piso mais tardio, com fachada em tabique e uma volumetria mais ambiciosa, que anotou uma vontade de ampliar a capacidade do edif\u00edcio numa constru\u00e7\u00e3o que acabou por n\u00e3o perdurar.<\/em><\/p>\n<p><em>O programa da encomenda (um estabelecimento de hospedagem) pedia uma forte efic\u00e1cia no uso da ex\u00edgua \u00e1rea dispon\u00edvel e volumetria poss\u00edvel, num exerc\u00edcio de muito baixo custo, enquanto que o grande interesse arqueol\u00f3gico da zona implicava igualmente a ado\u00e7\u00e3o de t\u00e9cnicas construtivas minimamente invasivas.<\/em><\/p>\n<p><em>A solu\u00e7\u00e3o apresentou-se por forma de um desenho altamente sistematizado, permitindo economias de escala atrav\u00e9s da repeti\u00e7\u00e3o de elementos padronizados e uma maior efici\u00eancia no uso das \u00e1reas por meio da integra\u00e7\u00e3o de todas as necessidades de cada unidade no desenho modular do seu mobili\u00e1rio.<\/em><\/p>\n<p><em>Uma grande cuba cer\u00e2mica serve simultaneamente a instala\u00e7\u00e3o sanit\u00e1ria, a kitchenette e a lavagem de roupa (embora sejam disponibilizadas m\u00e1quinas comunit\u00e1rias de lavagem e secagem de roupa no piso t\u00e9rreo). Esta cuba \u00e9 parte de um aparador que apoia tamb\u00e9m a entrada das unidades, com espa\u00e7os para sapatos e chaves.<\/em><\/p>\n<p><em>Esta pe\u00e7a integra-se num conjunto linear de mobili\u00e1rio modular que resolve igualmente a kitchenette, a cama escamote\u00e1vel, os arrumos e o roupeiro.<\/em><\/p>\n<p><em>No lado oposto, a compacta instala\u00e7\u00e3o sanit\u00e1ria desenha o hall de entrada da unidade.<\/em><\/p>\n<p><em>Para alcan\u00e7ar a mais eficiente organiza\u00e7\u00e3o das unidades e das suas interconex\u00f5es no volume propuseram-se pisos alternados entre as frentes, garantindo uma solu\u00e7\u00e3o de circula\u00e7\u00e3o vertical central com o m\u00ednimo disp\u00eandio de \u00e1rea.<\/em><\/p>\n<p><em>Esta solu\u00e7\u00e3o \u00e9 encimada por uma claraboia piramidal, reproduzindo uma tipologia recorrente na constru\u00e7\u00e3o urbana portuguesa.<\/em><\/p>\n<p><em>A fachada principal recupera os elementos sobreviventes do al\u00e7ado original, propondo a reconstru\u00e7\u00e3o dos pisos superiores citando a mem\u00f3ria da presen\u00e7a urbana da volumetria desaparecida mas procurando, tamb\u00e9m, a sua integra\u00e7\u00e3o na rua de hoje, em escala, linguagem e c\u00e9rceas dominantes.<\/em><\/p>\n<p><em>O al\u00e7ado tardoz recupera o alinhamento original da constru\u00e7\u00e3o preexistente e, embora constituindo uma edifica\u00e7\u00e3o integralmente nova, cita tamb\u00e9m tipologias de al\u00e7ado recorrentes neste contexto urbano.<\/em><\/p>\n<p><em>Em suma, o Alojamento de S\u00e3o Sebasti\u00e3o conforma-se entre, por um lado, a m\u00e1xima efic\u00e1cia e, pelo outro, o respeito pela mem\u00f3ria da presen\u00e7a do edif\u00edcio existente e a longa e complexa hist\u00f3ria da Rua de S\u00e3o Sebasti\u00e3o.<\/em><\/p>\n<div style=\"font-size: 0px; height: 0px; line-height: 0px; margin: 0; padding: 0; clear: both;\"><\/div><div style=\"margin-top: 0px; margin-bottom: 0px;\" class=\"sharethis-inline-share-buttons\" ><\/div>","protected":false},"excerpt":{"rendered":"<p>El gran inter\u00e9s arqueol\u00f3gico del \u00e1rea implic\u00f3 la adopci\u00f3n de t\u00e9cnicas constructivas&#8230;<\/p>\n","protected":false},"author":1,"featured_media":74176,"comment_status":"closed","ping_status":"closed","sticky":false,"template":"","format":"standard","meta":{"_uag_custom_page_level_css":"","footnotes":""},"categories":[75,1],"tags":[6583,7617,7614,111,3825,7615,7616,671,6399,7618],"class_list":["post-74175","post","type-post","status-publish","format-standard","has-post-thumbnail","hentry","category-arquitectura-comercial","category-proyecto","tag-alojamiento-temporario","tag-braga","tag-hospedaje","tag-hotel","tag-hoteleria","tag-lodge","tag-lodging","tag-portugal","tag-tiago-do-vale","tag-tiago-do-vale-architects","generate-columns","tablet-grid-50","mobile-grid-100","grid-parent","grid-50"],"yoast_head":"<!-- This site is optimized with the Yoast SEO plugin v27.3 - https:\/\/yoast.com\/product\/yoast-seo-wordpress\/ -->\n<title>Hospedaje de San Sebasti\u00e1n \/ Tiago do Vale Architects - Arquimaster<\/title>\n<meta name=\"description\" content=\"El gran inter\u00e9s arqueol\u00f3gico del \u00e1rea implic\u00f3 la adopci\u00f3n de t\u00e9cnicas constructivas m\u00ednimamente invasivas.\" \/>\n<meta name=\"robots\" content=\"index, follow, max-snippet:-1, max-image-preview:large, max-video-preview:-1\" \/>\n<link rel=\"canonical\" href=\"https:\/\/www.arquimaster.com.ar\/web\/hospedaje-de-san-sebastian-tiago-do-vale-architects\/\" \/>\n<meta property=\"og:locale\" content=\"es_ES\" \/>\n<meta property=\"og:type\" content=\"article\" \/>\n<meta property=\"og:title\" content=\"Hospedaje de San Sebasti\u00e1n \/ Tiago do Vale Architects\" \/>\n<meta property=\"og:description\" content=\"El gran inter\u00e9s arqueol\u00f3gico del \u00e1rea implic\u00f3 la adopci\u00f3n de t\u00e9cnicas constructivas m\u00ednimamente invasivas.\" \/>\n<meta property=\"og:url\" content=\"https:\/\/www.arquimaster.com.ar\/web\/hospedaje-de-san-sebastian-tiago-do-vale-architects\/\" \/>\n<meta property=\"og:site_name\" content=\"Arquimaster\" \/>\n<meta property=\"article:publisher\" content=\"http:\/\/www.facebook.com\/ARQUIMASTER.com.ar\" \/>\n<meta property=\"article:published_time\" content=\"2023-01-19T16:59:32+00:00\" \/>\n<meta property=\"article:modified_time\" content=\"2023-04-13T19:29:39+00:00\" \/>\n<meta property=\"og:image\" content=\"https:\/\/www.arquimaster.com.ar\/web\/wp-content\/uploads\/2023\/01\/hospedaje_san_sebastian_slide.jpg\" \/>\n\t<meta property=\"og:image:width\" content=\"698\" \/>\n\t<meta property=\"og:image:height\" content=\"364\" \/>\n\t<meta property=\"og:image:type\" content=\"image\/jpeg\" \/>\n<meta name=\"author\" content=\"Arquimaster\" \/>\n<meta name=\"twitter:card\" content=\"summary_large_image\" \/>\n<meta name=\"twitter:title\" content=\"Hospedaje de San Sebasti\u00e1n \/ Tiago do Vale Architects\" \/>\n<meta name=\"twitter:description\" content=\"El gran inter\u00e9s arqueol\u00f3gico del \u00e1rea implic\u00f3 la adopci\u00f3n de t\u00e9cnicas constructivas m\u00ednimamente invasivas.\" \/>\n<meta name=\"twitter:image\" content=\"https:\/\/www.arquimaster.com.ar\/web\/wp-content\/uploads\/2023\/01\/hospedaje_san_sebastian_slide.jpg\" \/>\n<meta name=\"twitter:creator\" content=\"@arquimaster\" \/>\n<meta name=\"twitter:site\" content=\"@arquimaster\" \/>\n<meta name=\"twitter:label1\" content=\"Escrito por\" \/>\n\t<meta name=\"twitter:data1\" content=\"Arquimaster\" \/>\n\t<meta name=\"twitter:label2\" content=\"Tiempo de lectura\" \/>\n\t<meta name=\"twitter:data2\" content=\"9 minutos\" \/>\n<script type=\"application\/ld+json\" class=\"yoast-schema-graph\">{\"@context\":\"https:\\\/\\\/schema.org\",\"@graph\":[{\"@type\":\"Article\",\"@id\":\"https:\\\/\\\/www.arquimaster.com.ar\\\/web\\\/hospedaje-de-san-sebastian-tiago-do-vale-architects\\\/#article\",\"isPartOf\":{\"@id\":\"https:\\\/\\\/www.arquimaster.com.ar\\\/web\\\/hospedaje-de-san-sebastian-tiago-do-vale-architects\\\/\"},\"author\":{\"name\":\"Arquimaster\",\"@id\":\"https:\\\/\\\/www.arquimaster.com.ar\\\/web\\\/#\\\/schema\\\/person\\\/359e9f7c00193fcde068e0dd2ceb0028\"},\"headline\":\"Hospedaje de San Sebasti\u00e1n \\\/ Tiago do Vale Architects\",\"datePublished\":\"2023-01-19T16:59:32+00:00\",\"dateModified\":\"2023-04-13T19:29:39+00:00\",\"mainEntityOfPage\":{\"@id\":\"https:\\\/\\\/www.arquimaster.com.ar\\\/web\\\/hospedaje-de-san-sebastian-tiago-do-vale-architects\\\/\"},\"wordCount\":2143,\"publisher\":{\"@id\":\"https:\\\/\\\/www.arquimaster.com.ar\\\/web\\\/#organization\"},\"image\":{\"@id\":\"https:\\\/\\\/www.arquimaster.com.ar\\\/web\\\/hospedaje-de-san-sebastian-tiago-do-vale-architects\\\/#primaryimage\"},\"thumbnailUrl\":\"https:\\\/\\\/www.arquimaster.com.ar\\\/web\\\/wp-content\\\/uploads\\\/2023\\\/01\\\/hospedaje_san_sebastian_slide.jpg\",\"keywords\":[\"alojamiento temporario\",\"Braga\",\"hospedaje\",\"hotel\",\"hoteler\u00eda\",\"lodge\",\"lodging\",\"Portugal\",\"Tiago do Vale\",\"Tiago do Vale Architects\"],\"articleSection\":[\"Arquitectura comercial\",\"Proyecto\"],\"inLanguage\":\"es\"},{\"@type\":\"WebPage\",\"@id\":\"https:\\\/\\\/www.arquimaster.com.ar\\\/web\\\/hospedaje-de-san-sebastian-tiago-do-vale-architects\\\/\",\"url\":\"https:\\\/\\\/www.arquimaster.com.ar\\\/web\\\/hospedaje-de-san-sebastian-tiago-do-vale-architects\\\/\",\"name\":\"Hospedaje de San Sebasti\u00e1n \\\/ Tiago do Vale Architects - Arquimaster\",\"isPartOf\":{\"@id\":\"https:\\\/\\\/www.arquimaster.com.ar\\\/web\\\/#website\"},\"primaryImageOfPage\":{\"@id\":\"https:\\\/\\\/www.arquimaster.com.ar\\\/web\\\/hospedaje-de-san-sebastian-tiago-do-vale-architects\\\/#primaryimage\"},\"image\":{\"@id\":\"https:\\\/\\\/www.arquimaster.com.ar\\\/web\\\/hospedaje-de-san-sebastian-tiago-do-vale-architects\\\/#primaryimage\"},\"thumbnailUrl\":\"https:\\\/\\\/www.arquimaster.com.ar\\\/web\\\/wp-content\\\/uploads\\\/2023\\\/01\\\/hospedaje_san_sebastian_slide.jpg\",\"datePublished\":\"2023-01-19T16:59:32+00:00\",\"dateModified\":\"2023-04-13T19:29:39+00:00\",\"description\":\"El gran inter\u00e9s arqueol\u00f3gico del \u00e1rea implic\u00f3 la adopci\u00f3n de t\u00e9cnicas constructivas m\u00ednimamente invasivas.\",\"breadcrumb\":{\"@id\":\"https:\\\/\\\/www.arquimaster.com.ar\\\/web\\\/hospedaje-de-san-sebastian-tiago-do-vale-architects\\\/#breadcrumb\"},\"inLanguage\":\"es\",\"potentialAction\":[{\"@type\":\"ReadAction\",\"target\":[\"https:\\\/\\\/www.arquimaster.com.ar\\\/web\\\/hospedaje-de-san-sebastian-tiago-do-vale-architects\\\/\"]}]},{\"@type\":\"ImageObject\",\"inLanguage\":\"es\",\"@id\":\"https:\\\/\\\/www.arquimaster.com.ar\\\/web\\\/hospedaje-de-san-sebastian-tiago-do-vale-architects\\\/#primaryimage\",\"url\":\"https:\\\/\\\/www.arquimaster.com.ar\\\/web\\\/wp-content\\\/uploads\\\/2023\\\/01\\\/hospedaje_san_sebastian_slide.jpg\",\"contentUrl\":\"https:\\\/\\\/www.arquimaster.com.ar\\\/web\\\/wp-content\\\/uploads\\\/2023\\\/01\\\/hospedaje_san_sebastian_slide.jpg\",\"width\":698,\"height\":364,\"caption\":\"Hospedaje de San Sebasti\u00e1n \\\/ Tiago do Vale Architects\"},{\"@type\":\"BreadcrumbList\",\"@id\":\"https:\\\/\\\/www.arquimaster.com.ar\\\/web\\\/hospedaje-de-san-sebastian-tiago-do-vale-architects\\\/#breadcrumb\",\"itemListElement\":[{\"@type\":\"ListItem\",\"position\":1,\"name\":\"Portada\",\"item\":\"https:\\\/\\\/www.arquimaster.com.ar\\\/web\\\/\"},{\"@type\":\"ListItem\",\"position\":2,\"name\":\"Hospedaje de San Sebasti\u00e1n \\\/ Tiago do Vale Architects\"}]},{\"@type\":\"WebSite\",\"@id\":\"https:\\\/\\\/www.arquimaster.com.ar\\\/web\\\/#website\",\"url\":\"https:\\\/\\\/www.arquimaster.com.ar\\\/web\\\/\",\"name\":\"Arquimaster\",\"description\":\"Web de arquitectura, dise\u00f1o y construccion\",\"publisher\":{\"@id\":\"https:\\\/\\\/www.arquimaster.com.ar\\\/web\\\/#organization\"},\"potentialAction\":[{\"@type\":\"SearchAction\",\"target\":{\"@type\":\"EntryPoint\",\"urlTemplate\":\"https:\\\/\\\/www.arquimaster.com.ar\\\/web\\\/?s={search_term_string}\"},\"query-input\":{\"@type\":\"PropertyValueSpecification\",\"valueRequired\":true,\"valueName\":\"search_term_string\"}}],\"inLanguage\":\"es\"},{\"@type\":\"Organization\",\"@id\":\"https:\\\/\\\/www.arquimaster.com.ar\\\/web\\\/#organization\",\"name\":\"Arquimaster\",\"url\":\"https:\\\/\\\/www.arquimaster.com.ar\\\/web\\\/\",\"logo\":{\"@type\":\"ImageObject\",\"inLanguage\":\"es\",\"@id\":\"https:\\\/\\\/www.arquimaster.com.ar\\\/web\\\/#\\\/schema\\\/logo\\\/image\\\/\",\"url\":\"https:\\\/\\\/www.arquimaster.com.ar\\\/web\\\/wp-content\\\/uploads\\\/2022\\\/06\\\/arquimaster.png\",\"contentUrl\":\"https:\\\/\\\/www.arquimaster.com.ar\\\/web\\\/wp-content\\\/uploads\\\/2022\\\/06\\\/arquimaster.png\",\"width\":594,\"height\":78,\"caption\":\"Arquimaster\"},\"image\":{\"@id\":\"https:\\\/\\\/www.arquimaster.com.ar\\\/web\\\/#\\\/schema\\\/logo\\\/image\\\/\"},\"sameAs\":[\"http:\\\/\\\/www.facebook.com\\\/ARQUIMASTER.com.ar\",\"https:\\\/\\\/x.com\\\/arquimaster\",\"https:\\\/\\\/www.instagram.com\\\/arquimasterblog\\\/\",\"https:\\\/\\\/www.linkedin.com\\\/company\\\/arquimaster\",\"https:\\\/\\\/www.pinterest.com\\\/arquimaster\",\"https:\\\/\\\/t.me\\\/arquimaster\"]},{\"@type\":\"Person\",\"@id\":\"https:\\\/\\\/www.arquimaster.com.ar\\\/web\\\/#\\\/schema\\\/person\\\/359e9f7c00193fcde068e0dd2ceb0028\",\"name\":\"Arquimaster\"}]}<\/script>\n<!-- \/ Yoast SEO plugin. -->","yoast_head_json":{"title":"Hospedaje de San Sebasti\u00e1n \/ Tiago do Vale Architects - Arquimaster","description":"El gran inter\u00e9s arqueol\u00f3gico del \u00e1rea implic\u00f3 la adopci\u00f3n de t\u00e9cnicas constructivas m\u00ednimamente invasivas.","robots":{"index":"index","follow":"follow","max-snippet":"max-snippet:-1","max-image-preview":"max-image-preview:large","max-video-preview":"max-video-preview:-1"},"canonical":"https:\/\/www.arquimaster.com.ar\/web\/hospedaje-de-san-sebastian-tiago-do-vale-architects\/","og_locale":"es_ES","og_type":"article","og_title":"Hospedaje de San Sebasti\u00e1n \/ Tiago do Vale Architects","og_description":"El gran inter\u00e9s arqueol\u00f3gico del \u00e1rea implic\u00f3 la adopci\u00f3n de t\u00e9cnicas constructivas m\u00ednimamente invasivas.","og_url":"https:\/\/www.arquimaster.com.ar\/web\/hospedaje-de-san-sebastian-tiago-do-vale-architects\/","og_site_name":"Arquimaster","article_publisher":"http:\/\/www.facebook.com\/ARQUIMASTER.com.ar","article_published_time":"2023-01-19T16:59:32+00:00","article_modified_time":"2023-04-13T19:29:39+00:00","og_image":[{"width":698,"height":364,"url":"https:\/\/www.arquimaster.com.ar\/web\/wp-content\/uploads\/2023\/01\/hospedaje_san_sebastian_slide.jpg","type":"image\/jpeg"}],"author":"Arquimaster","twitter_card":"summary_large_image","twitter_title":"Hospedaje de San Sebasti\u00e1n \/ Tiago do Vale Architects","twitter_description":"El gran inter\u00e9s arqueol\u00f3gico del \u00e1rea implic\u00f3 la adopci\u00f3n de t\u00e9cnicas constructivas m\u00ednimamente invasivas.","twitter_image":"https:\/\/www.arquimaster.com.ar\/web\/wp-content\/uploads\/2023\/01\/hospedaje_san_sebastian_slide.jpg","twitter_creator":"@arquimaster","twitter_site":"@arquimaster","twitter_misc":{"Escrito por":"Arquimaster","Tiempo de lectura":"9 minutos"},"schema":{"@context":"https:\/\/schema.org","@graph":[{"@type":"Article","@id":"https:\/\/www.arquimaster.com.ar\/web\/hospedaje-de-san-sebastian-tiago-do-vale-architects\/#article","isPartOf":{"@id":"https:\/\/www.arquimaster.com.ar\/web\/hospedaje-de-san-sebastian-tiago-do-vale-architects\/"},"author":{"name":"Arquimaster","@id":"https:\/\/www.arquimaster.com.ar\/web\/#\/schema\/person\/359e9f7c00193fcde068e0dd2ceb0028"},"headline":"Hospedaje de San Sebasti\u00e1n \/ Tiago do Vale Architects","datePublished":"2023-01-19T16:59:32+00:00","dateModified":"2023-04-13T19:29:39+00:00","mainEntityOfPage":{"@id":"https:\/\/www.arquimaster.com.ar\/web\/hospedaje-de-san-sebastian-tiago-do-vale-architects\/"},"wordCount":2143,"publisher":{"@id":"https:\/\/www.arquimaster.com.ar\/web\/#organization"},"image":{"@id":"https:\/\/www.arquimaster.com.ar\/web\/hospedaje-de-san-sebastian-tiago-do-vale-architects\/#primaryimage"},"thumbnailUrl":"https:\/\/www.arquimaster.com.ar\/web\/wp-content\/uploads\/2023\/01\/hospedaje_san_sebastian_slide.jpg","keywords":["alojamiento temporario","Braga","hospedaje","hotel","hoteler\u00eda","lodge","lodging","Portugal","Tiago do Vale","Tiago do Vale Architects"],"articleSection":["Arquitectura comercial","Proyecto"],"inLanguage":"es"},{"@type":"WebPage","@id":"https:\/\/www.arquimaster.com.ar\/web\/hospedaje-de-san-sebastian-tiago-do-vale-architects\/","url":"https:\/\/www.arquimaster.com.ar\/web\/hospedaje-de-san-sebastian-tiago-do-vale-architects\/","name":"Hospedaje de San Sebasti\u00e1n \/ Tiago do Vale Architects - Arquimaster","isPartOf":{"@id":"https:\/\/www.arquimaster.com.ar\/web\/#website"},"primaryImageOfPage":{"@id":"https:\/\/www.arquimaster.com.ar\/web\/hospedaje-de-san-sebastian-tiago-do-vale-architects\/#primaryimage"},"image":{"@id":"https:\/\/www.arquimaster.com.ar\/web\/hospedaje-de-san-sebastian-tiago-do-vale-architects\/#primaryimage"},"thumbnailUrl":"https:\/\/www.arquimaster.com.ar\/web\/wp-content\/uploads\/2023\/01\/hospedaje_san_sebastian_slide.jpg","datePublished":"2023-01-19T16:59:32+00:00","dateModified":"2023-04-13T19:29:39+00:00","description":"El gran inter\u00e9s arqueol\u00f3gico del \u00e1rea implic\u00f3 la adopci\u00f3n de t\u00e9cnicas constructivas m\u00ednimamente invasivas.","breadcrumb":{"@id":"https:\/\/www.arquimaster.com.ar\/web\/hospedaje-de-san-sebastian-tiago-do-vale-architects\/#breadcrumb"},"inLanguage":"es","potentialAction":[{"@type":"ReadAction","target":["https:\/\/www.arquimaster.com.ar\/web\/hospedaje-de-san-sebastian-tiago-do-vale-architects\/"]}]},{"@type":"ImageObject","inLanguage":"es","@id":"https:\/\/www.arquimaster.com.ar\/web\/hospedaje-de-san-sebastian-tiago-do-vale-architects\/#primaryimage","url":"https:\/\/www.arquimaster.com.ar\/web\/wp-content\/uploads\/2023\/01\/hospedaje_san_sebastian_slide.jpg","contentUrl":"https:\/\/www.arquimaster.com.ar\/web\/wp-content\/uploads\/2023\/01\/hospedaje_san_sebastian_slide.jpg","width":698,"height":364,"caption":"Hospedaje de San Sebasti\u00e1n \/ Tiago do Vale Architects"},{"@type":"BreadcrumbList","@id":"https:\/\/www.arquimaster.com.ar\/web\/hospedaje-de-san-sebastian-tiago-do-vale-architects\/#breadcrumb","itemListElement":[{"@type":"ListItem","position":1,"name":"Portada","item":"https:\/\/www.arquimaster.com.ar\/web\/"},{"@type":"ListItem","position":2,"name":"Hospedaje de San Sebasti\u00e1n \/ Tiago do Vale Architects"}]},{"@type":"WebSite","@id":"https:\/\/www.arquimaster.com.ar\/web\/#website","url":"https:\/\/www.arquimaster.com.ar\/web\/","name":"Arquimaster","description":"Web de arquitectura, dise\u00f1o y construccion","publisher":{"@id":"https:\/\/www.arquimaster.com.ar\/web\/#organization"},"potentialAction":[{"@type":"SearchAction","target":{"@type":"EntryPoint","urlTemplate":"https:\/\/www.arquimaster.com.ar\/web\/?s={search_term_string}"},"query-input":{"@type":"PropertyValueSpecification","valueRequired":true,"valueName":"search_term_string"}}],"inLanguage":"es"},{"@type":"Organization","@id":"https:\/\/www.arquimaster.com.ar\/web\/#organization","name":"Arquimaster","url":"https:\/\/www.arquimaster.com.ar\/web\/","logo":{"@type":"ImageObject","inLanguage":"es","@id":"https:\/\/www.arquimaster.com.ar\/web\/#\/schema\/logo\/image\/","url":"https:\/\/www.arquimaster.com.ar\/web\/wp-content\/uploads\/2022\/06\/arquimaster.png","contentUrl":"https:\/\/www.arquimaster.com.ar\/web\/wp-content\/uploads\/2022\/06\/arquimaster.png","width":594,"height":78,"caption":"Arquimaster"},"image":{"@id":"https:\/\/www.arquimaster.com.ar\/web\/#\/schema\/logo\/image\/"},"sameAs":["http:\/\/www.facebook.com\/ARQUIMASTER.com.ar","https:\/\/x.com\/arquimaster","https:\/\/www.instagram.com\/arquimasterblog\/","https:\/\/www.linkedin.com\/company\/arquimaster","https:\/\/www.pinterest.com\/arquimaster","https:\/\/t.me\/arquimaster"]},{"@type":"Person","@id":"https:\/\/www.arquimaster.com.ar\/web\/#\/schema\/person\/359e9f7c00193fcde068e0dd2ceb0028","name":"Arquimaster"}]}},"uagb_featured_image_src":{"full":["https:\/\/www.arquimaster.com.ar\/web\/wp-content\/uploads\/2023\/01\/hospedaje_san_sebastian_slide.jpg",698,364,false],"thumbnail":["https:\/\/www.arquimaster.com.ar\/web\/wp-content\/uploads\/2023\/01\/hospedaje_san_sebastian_slide-150x150.jpg",150,150,true],"medium":["https:\/\/www.arquimaster.com.ar\/web\/wp-content\/uploads\/2023\/01\/hospedaje_san_sebastian_slide.jpg",698,364,false],"medium_large":["https:\/\/www.arquimaster.com.ar\/web\/wp-content\/uploads\/2023\/01\/hospedaje_san_sebastian_slide.jpg",698,364,false],"large":["https:\/\/www.arquimaster.com.ar\/web\/wp-content\/uploads\/2023\/01\/hospedaje_san_sebastian_slide.jpg",698,364,false],"1536x1536":["https:\/\/www.arquimaster.com.ar\/web\/wp-content\/uploads\/2023\/01\/hospedaje_san_sebastian_slide.jpg",698,364,false],"2048x2048":["https:\/\/www.arquimaster.com.ar\/web\/wp-content\/uploads\/2023\/01\/hospedaje_san_sebastian_slide.jpg",698,364,false]},"uagb_author_info":{"display_name":"Arquimaster","author_link":"https:\/\/www.arquimaster.com.ar\/web\/author\/arquimaster\/"},"uagb_comment_info":0,"uagb_excerpt":"El gran inter\u00e9s arqueol\u00f3gico del \u00e1rea implic\u00f3 la adopci\u00f3n de t\u00e9cnicas constructivas...","_links":{"self":[{"href":"https:\/\/www.arquimaster.com.ar\/web\/wp-json\/wp\/v2\/posts\/74175","targetHints":{"allow":["GET"]}}],"collection":[{"href":"https:\/\/www.arquimaster.com.ar\/web\/wp-json\/wp\/v2\/posts"}],"about":[{"href":"https:\/\/www.arquimaster.com.ar\/web\/wp-json\/wp\/v2\/types\/post"}],"author":[{"embeddable":true,"href":"https:\/\/www.arquimaster.com.ar\/web\/wp-json\/wp\/v2\/users\/1"}],"replies":[{"embeddable":true,"href":"https:\/\/www.arquimaster.com.ar\/web\/wp-json\/wp\/v2\/comments?post=74175"}],"version-history":[{"count":2,"href":"https:\/\/www.arquimaster.com.ar\/web\/wp-json\/wp\/v2\/posts\/74175\/revisions"}],"predecessor-version":[{"id":75781,"href":"https:\/\/www.arquimaster.com.ar\/web\/wp-json\/wp\/v2\/posts\/74175\/revisions\/75781"}],"wp:featuredmedia":[{"embeddable":true,"href":"https:\/\/www.arquimaster.com.ar\/web\/wp-json\/wp\/v2\/media\/74176"}],"wp:attachment":[{"href":"https:\/\/www.arquimaster.com.ar\/web\/wp-json\/wp\/v2\/media?parent=74175"}],"wp:term":[{"taxonomy":"category","embeddable":true,"href":"https:\/\/www.arquimaster.com.ar\/web\/wp-json\/wp\/v2\/categories?post=74175"},{"taxonomy":"post_tag","embeddable":true,"href":"https:\/\/www.arquimaster.com.ar\/web\/wp-json\/wp\/v2\/tags?post=74175"}],"curies":[{"name":"wp","href":"https:\/\/api.w.org\/{rel}","templated":true}]}}