{"id":74216,"date":"2023-01-19T14:49:37","date_gmt":"2023-01-19T17:49:37","guid":{"rendered":"https:\/\/www.arquimaster.com.ar\/web\/?p=74216"},"modified":"2023-04-05T18:57:46","modified_gmt":"2023-04-05T21:57:46","slug":"edificio-organic-brigati-polak-arquitectos","status":"publish","type":"post","link":"https:\/\/www.arquimaster.com.ar\/web\/edificio-organic-brigati-polak-arquitectos\/","title":{"rendered":"Edificio Organic \/ Brigati-Polak Arquitectos"},"content":{"rendered":"<div style=\"margin-top: 0px; margin-bottom: 0px;\" class=\"sharethis-inline-share-buttons\" ><\/div><div class=\"b812932af2e751442846f039925109de\" data-index=\"1\" style=\"float: none; margin:25px 0 25px 0; text-align:center;\">\n<script async src=\"https:\/\/pagead2.googlesyndication.com\/pagead\/js\/adsbygoogle.js\"><\/script>\r\n<!-- Arquimaster (superior) -->\r\n<ins class=\"adsbygoogle\"\r\n     style=\"display:block\"\r\n     data-ad-client=\"ca-pub-6351072698456832\"\r\n     data-ad-slot=\"6455489680\"\r\n     data-ad-format=\"auto\"\r\n     data-full-width-responsive=\"true\"><\/ins>\r\n<script>\r\n     (adsbygoogle = window.adsbygoogle || []).push({});\r\n<\/script>\n<\/div>\n<p><strong>Edificio de viviendas Organic<\/strong> (Rosario, Pcia. de Santa Fe, Argentina) por <strong>Brigati-Polak Arquitectos<\/strong>. \u00bfQue expectativas debe satisfacer una obra de arquitectura cuando estamos frente ella? Que ejerza la tracci\u00f3n necesaria para que nos despierte inter\u00e9s. Que responda temporalmente a su \u00e9poca. Tanto en lo formal y funcional, como tambi\u00e9n en lo tecnol\u00f3gico. Que beneficie directa e indirectamente la mayor cantidad de personas. No solo las que habiten el edificio. Que sea positiva la resultante de la intervenci\u00f3n realizada sobre la parcela.<\/p>\n<div id='gallery-1' class='gallery galleryid-74216 gallery-columns-3 gallery-size-thumbnail'><figure class='gallery-item'>\n\t\t\t<div class='gallery-icon portrait'>\n\t\t\t\t<a href='https:\/\/www.arquimaster.com.ar\/web\/wp-content\/uploads\/2023\/01\/edificio_organic_001.jpg' title=\"Edificio Organic \/ Brigati-Polak Arquitectos (\u00a9 Ramiro Sosa)\" data-rl_title=\"Edificio Organic \/ Brigati-Polak Arquitectos (\u00a9 Ramiro Sosa)\" class=\"rl-gallery-link\" data-rl_caption=\"Edificio Organic \/ Brigati-Polak Arquitectos (\u00a9 Ramiro Sosa)\" data-rel=\"lightbox-gallery-1\"><img loading=\"lazy\" decoding=\"async\" width=\"150\" height=\"150\" src=\"https:\/\/www.arquimaster.com.ar\/web\/wp-content\/uploads\/2023\/01\/edificio_organic_001-150x150.jpg\" class=\"attachment-thumbnail size-thumbnail\" alt=\"Edificio Organic \/ Brigati-Polak Arquitectos\" aria-describedby=\"gallery-1-74218\" \/><\/a>\n\t\t\t<\/div>\n\t\t\t\t<figcaption class='wp-caption-text gallery-caption' id='gallery-1-74218'>\n\t\t\t\tEdificio Organic \/ Brigati-Polak Arquitectos (\u00a9 Ramiro Sosa)\n\t\t\t\t<\/figcaption><\/figure><figure class='gallery-item'>\n\t\t\t<div class='gallery-icon portrait'>\n\t\t\t\t<a href='https:\/\/www.arquimaster.com.ar\/web\/wp-content\/uploads\/2023\/01\/edificio_organic_002.jpg' title=\"Edificio Organic \/ Brigati-Polak Arquitectos (\u00a9 Ramiro Sosa)\" data-rl_title=\"Edificio Organic \/ Brigati-Polak Arquitectos (\u00a9 Ramiro Sosa)\" class=\"rl-gallery-link\" data-rl_caption=\"Edificio Organic \/ Brigati-Polak Arquitectos (\u00a9 Ramiro Sosa)\" data-rel=\"lightbox-gallery-1\"><img loading=\"lazy\" decoding=\"async\" width=\"150\" height=\"150\" src=\"https:\/\/www.arquimaster.com.ar\/web\/wp-content\/uploads\/2023\/01\/edificio_organic_002-150x150.jpg\" class=\"attachment-thumbnail size-thumbnail\" alt=\"Edificio Organic \/ Brigati-Polak Arquitectos\" aria-describedby=\"gallery-1-74219\" \/><\/a>\n\t\t\t<\/div>\n\t\t\t\t<figcaption class='wp-caption-text gallery-caption' id='gallery-1-74219'>\n\t\t\t\tEdificio Organic \/ Brigati-Polak Arquitectos (\u00a9 Ramiro Sosa)\n\t\t\t\t<\/figcaption><\/figure><figure class='gallery-item'>\n\t\t\t<div class='gallery-icon portrait'>\n\t\t\t\t<a href='https:\/\/www.arquimaster.com.ar\/web\/wp-content\/uploads\/2023\/01\/edificio_organic_003.jpg' title=\"Edificio Organic \/ Brigati-Polak Arquitectos (\u00a9 Ramiro Sosa)\" data-rl_title=\"Edificio Organic \/ Brigati-Polak Arquitectos (\u00a9 Ramiro Sosa)\" class=\"rl-gallery-link\" data-rl_caption=\"Edificio Organic \/ Brigati-Polak Arquitectos (\u00a9 Ramiro Sosa)\" data-rel=\"lightbox-gallery-1\"><img loading=\"lazy\" decoding=\"async\" width=\"150\" height=\"150\" src=\"https:\/\/www.arquimaster.com.ar\/web\/wp-content\/uploads\/2023\/01\/edificio_organic_003-150x150.jpg\" class=\"attachment-thumbnail size-thumbnail\" alt=\"Edificio Organic \/ Brigati-Polak Arquitectos\" aria-describedby=\"gallery-1-74220\" \/><\/a>\n\t\t\t<\/div>\n\t\t\t\t<figcaption class='wp-caption-text gallery-caption' id='gallery-1-74220'>\n\t\t\t\tEdificio Organic \/ Brigati-Polak Arquitectos (\u00a9 Ramiro Sosa)\n\t\t\t\t<\/figcaption><\/figure><figure class='gallery-item'>\n\t\t\t<div class='gallery-icon portrait'>\n\t\t\t\t<a href='https:\/\/www.arquimaster.com.ar\/web\/wp-content\/uploads\/2023\/01\/edificio_organic_004.jpg' title=\"Edificio Organic \/ Brigati-Polak Arquitectos (\u00a9 Ramiro Sosa)\" data-rl_title=\"Edificio Organic \/ Brigati-Polak Arquitectos (\u00a9 Ramiro Sosa)\" class=\"rl-gallery-link\" data-rl_caption=\"Edificio Organic \/ Brigati-Polak Arquitectos (\u00a9 Ramiro Sosa)\" data-rel=\"lightbox-gallery-1\"><img loading=\"lazy\" decoding=\"async\" width=\"150\" height=\"150\" src=\"https:\/\/www.arquimaster.com.ar\/web\/wp-content\/uploads\/2023\/01\/edificio_organic_004-150x150.jpg\" class=\"attachment-thumbnail size-thumbnail\" alt=\"Edificio Organic \/ Brigati-Polak Arquitectos\" aria-describedby=\"gallery-1-74221\" \/><\/a>\n\t\t\t<\/div>\n\t\t\t\t<figcaption class='wp-caption-text gallery-caption' id='gallery-1-74221'>\n\t\t\t\tEdificio Organic \/ Brigati-Polak Arquitectos (\u00a9 Ramiro Sosa)\n\t\t\t\t<\/figcaption><\/figure><figure class='gallery-item'>\n\t\t\t<div class='gallery-icon portrait'>\n\t\t\t\t<a href='https:\/\/www.arquimaster.com.ar\/web\/wp-content\/uploads\/2023\/01\/edificio_organic_005.jpg' title=\"Edificio Organic \/ Brigati-Polak Arquitectos (\u00a9 Ramiro Sosa)\" data-rl_title=\"Edificio Organic \/ Brigati-Polak Arquitectos (\u00a9 Ramiro Sosa)\" class=\"rl-gallery-link\" data-rl_caption=\"Edificio Organic \/ Brigati-Polak Arquitectos (\u00a9 Ramiro Sosa)\" data-rel=\"lightbox-gallery-1\"><img loading=\"lazy\" decoding=\"async\" width=\"150\" height=\"150\" src=\"https:\/\/www.arquimaster.com.ar\/web\/wp-content\/uploads\/2023\/01\/edificio_organic_005-150x150.jpg\" class=\"attachment-thumbnail size-thumbnail\" alt=\"Edificio Organic \/ Brigati-Polak Arquitectos\" aria-describedby=\"gallery-1-74222\" \/><\/a>\n\t\t\t<\/div>\n\t\t\t\t<figcaption class='wp-caption-text gallery-caption' id='gallery-1-74222'>\n\t\t\t\tEdificio Organic \/ Brigati-Polak Arquitectos (\u00a9 Ramiro Sosa)\n\t\t\t\t<\/figcaption><\/figure><figure class='gallery-item'>\n\t\t\t<div class='gallery-icon portrait'>\n\t\t\t\t<a href='https:\/\/www.arquimaster.com.ar\/web\/wp-content\/uploads\/2023\/01\/edificio_organic_006.jpg' title=\"Edificio Organic \/ Brigati-Polak Arquitectos (\u00a9 Ramiro Sosa)\" data-rl_title=\"Edificio Organic \/ Brigati-Polak Arquitectos (\u00a9 Ramiro Sosa)\" class=\"rl-gallery-link\" data-rl_caption=\"Edificio Organic \/ Brigati-Polak Arquitectos (\u00a9 Ramiro Sosa)\" data-rel=\"lightbox-gallery-1\"><img loading=\"lazy\" decoding=\"async\" width=\"150\" height=\"150\" src=\"https:\/\/www.arquimaster.com.ar\/web\/wp-content\/uploads\/2023\/01\/edificio_organic_006-150x150.jpg\" class=\"attachment-thumbnail size-thumbnail\" alt=\"Edificio Organic \/ Brigati-Polak Arquitectos\" aria-describedby=\"gallery-1-74223\" \/><\/a>\n\t\t\t<\/div>\n\t\t\t\t<figcaption class='wp-caption-text gallery-caption' id='gallery-1-74223'>\n\t\t\t\tEdificio Organic \/ Brigati-Polak Arquitectos (\u00a9 Ramiro Sosa)\n\t\t\t\t<\/figcaption><\/figure><figure class='gallery-item'>\n\t\t\t<div class='gallery-icon portrait'>\n\t\t\t\t<a href='https:\/\/www.arquimaster.com.ar\/web\/wp-content\/uploads\/2023\/01\/edificio_organic_007.jpg' title=\"Edificio Organic \/ Brigati-Polak Arquitectos (\u00a9 Ramiro Sosa)\" data-rl_title=\"Edificio Organic \/ Brigati-Polak Arquitectos (\u00a9 Ramiro Sosa)\" class=\"rl-gallery-link\" data-rl_caption=\"Edificio Organic \/ Brigati-Polak Arquitectos (\u00a9 Ramiro Sosa)\" data-rel=\"lightbox-gallery-1\"><img loading=\"lazy\" decoding=\"async\" width=\"150\" height=\"150\" src=\"https:\/\/www.arquimaster.com.ar\/web\/wp-content\/uploads\/2023\/01\/edificio_organic_007-150x150.jpg\" class=\"attachment-thumbnail size-thumbnail\" alt=\"Edificio Organic \/ Brigati-Polak Arquitectos\" aria-describedby=\"gallery-1-74224\" \/><\/a>\n\t\t\t<\/div>\n\t\t\t\t<figcaption class='wp-caption-text gallery-caption' id='gallery-1-74224'>\n\t\t\t\tEdificio Organic \/ Brigati-Polak Arquitectos (\u00a9 Ramiro Sosa)\n\t\t\t\t<\/figcaption><\/figure><figure class='gallery-item'>\n\t\t\t<div class='gallery-icon portrait'>\n\t\t\t\t<a href='https:\/\/www.arquimaster.com.ar\/web\/wp-content\/uploads\/2023\/01\/edificio_organic_008.jpg' title=\"Edificio Organic \/ Brigati-Polak Arquitectos (\u00a9 Ramiro Sosa)\" data-rl_title=\"Edificio Organic \/ Brigati-Polak Arquitectos (\u00a9 Ramiro Sosa)\" class=\"rl-gallery-link\" data-rl_caption=\"Edificio Organic \/ Brigati-Polak Arquitectos (\u00a9 Ramiro Sosa)\" data-rel=\"lightbox-gallery-1\"><img loading=\"lazy\" decoding=\"async\" width=\"150\" height=\"150\" src=\"https:\/\/www.arquimaster.com.ar\/web\/wp-content\/uploads\/2023\/01\/edificio_organic_008-150x150.jpg\" class=\"attachment-thumbnail size-thumbnail\" alt=\"Edificio Organic \/ Brigati-Polak Arquitectos\" aria-describedby=\"gallery-1-74225\" \/><\/a>\n\t\t\t<\/div>\n\t\t\t\t<figcaption class='wp-caption-text gallery-caption' id='gallery-1-74225'>\n\t\t\t\tEdificio Organic \/ Brigati-Polak Arquitectos (\u00a9 Ramiro Sosa)\n\t\t\t\t<\/figcaption><\/figure><figure class='gallery-item'>\n\t\t\t<div class='gallery-icon portrait'>\n\t\t\t\t<a href='https:\/\/www.arquimaster.com.ar\/web\/wp-content\/uploads\/2023\/01\/edificio_organic_009.jpg' title=\"Edificio Organic \/ Brigati-Polak Arquitectos (\u00a9 Ramiro Sosa)\" data-rl_title=\"Edificio Organic \/ Brigati-Polak Arquitectos (\u00a9 Ramiro Sosa)\" class=\"rl-gallery-link\" data-rl_caption=\"Edificio Organic \/ Brigati-Polak Arquitectos (\u00a9 Ramiro Sosa)\" data-rel=\"lightbox-gallery-1\"><img loading=\"lazy\" decoding=\"async\" width=\"150\" height=\"150\" src=\"https:\/\/www.arquimaster.com.ar\/web\/wp-content\/uploads\/2023\/01\/edificio_organic_009-150x150.jpg\" class=\"attachment-thumbnail size-thumbnail\" alt=\"Edificio Organic \/ Brigati-Polak Arquitectos\" aria-describedby=\"gallery-1-74226\" \/><\/a>\n\t\t\t<\/div>\n\t\t\t\t<figcaption class='wp-caption-text gallery-caption' id='gallery-1-74226'>\n\t\t\t\tEdificio Organic \/ Brigati-Polak Arquitectos (\u00a9 Ramiro Sosa)\n\t\t\t\t<\/figcaption><\/figure><figure class='gallery-item'>\n\t\t\t<div class='gallery-icon portrait'>\n\t\t\t\t<a href='https:\/\/www.arquimaster.com.ar\/web\/wp-content\/uploads\/2023\/01\/edificio_organic_010.jpg' title=\"Edificio Organic \/ Brigati-Polak Arquitectos (\u00a9 Ramiro Sosa)\" data-rl_title=\"Edificio Organic \/ Brigati-Polak Arquitectos (\u00a9 Ramiro Sosa)\" class=\"rl-gallery-link\" data-rl_caption=\"Edificio Organic \/ Brigati-Polak Arquitectos (\u00a9 Ramiro Sosa)\" data-rel=\"lightbox-gallery-1\"><img loading=\"lazy\" decoding=\"async\" width=\"150\" height=\"150\" src=\"https:\/\/www.arquimaster.com.ar\/web\/wp-content\/uploads\/2023\/01\/edificio_organic_010-150x150.jpg\" class=\"attachment-thumbnail size-thumbnail\" alt=\"Edificio Organic \/ Brigati-Polak Arquitectos\" aria-describedby=\"gallery-1-74227\" \/><\/a>\n\t\t\t<\/div>\n\t\t\t\t<figcaption class='wp-caption-text gallery-caption' id='gallery-1-74227'>\n\t\t\t\tEdificio Organic \/ Brigati-Polak Arquitectos (\u00a9 Ramiro Sosa)\n\t\t\t\t<\/figcaption><\/figure><figure class='gallery-item'>\n\t\t\t<div class='gallery-icon portrait'>\n\t\t\t\t<a href='https:\/\/www.arquimaster.com.ar\/web\/wp-content\/uploads\/2023\/01\/edificio_organic_011.jpg' title=\"Edificio Organic \/ Brigati-Polak Arquitectos (\u00a9 Ramiro Sosa)\" data-rl_title=\"Edificio Organic \/ Brigati-Polak Arquitectos (\u00a9 Ramiro Sosa)\" class=\"rl-gallery-link\" data-rl_caption=\"Edificio Organic \/ Brigati-Polak Arquitectos (\u00a9 Ramiro Sosa)\" data-rel=\"lightbox-gallery-1\"><img loading=\"lazy\" decoding=\"async\" width=\"150\" height=\"150\" src=\"https:\/\/www.arquimaster.com.ar\/web\/wp-content\/uploads\/2023\/01\/edificio_organic_011-150x150.jpg\" class=\"attachment-thumbnail size-thumbnail\" alt=\"Edificio Organic \/ Brigati-Polak Arquitectos\" aria-describedby=\"gallery-1-74228\" \/><\/a>\n\t\t\t<\/div>\n\t\t\t\t<figcaption class='wp-caption-text gallery-caption' id='gallery-1-74228'>\n\t\t\t\tEdificio Organic \/ Brigati-Polak Arquitectos (\u00a9 Ramiro Sosa)\n\t\t\t\t<\/figcaption><\/figure><figure class='gallery-item'>\n\t\t\t<div class='gallery-icon portrait'>\n\t\t\t\t<a href='https:\/\/www.arquimaster.com.ar\/web\/wp-content\/uploads\/2023\/01\/edificio_organic_012.jpg' title=\"Edificio Organic \/ Brigati-Polak Arquitectos (\u00a9 Ramiro Sosa)\" data-rl_title=\"Edificio Organic \/ Brigati-Polak Arquitectos (\u00a9 Ramiro Sosa)\" class=\"rl-gallery-link\" data-rl_caption=\"Edificio Organic \/ Brigati-Polak Arquitectos (\u00a9 Ramiro Sosa)\" data-rel=\"lightbox-gallery-1\"><img loading=\"lazy\" decoding=\"async\" width=\"150\" height=\"150\" src=\"https:\/\/www.arquimaster.com.ar\/web\/wp-content\/uploads\/2023\/01\/edificio_organic_012-150x150.jpg\" class=\"attachment-thumbnail size-thumbnail\" alt=\"Edificio Organic \/ Brigati-Polak Arquitectos\" aria-describedby=\"gallery-1-74229\" \/><\/a>\n\t\t\t<\/div>\n\t\t\t\t<figcaption class='wp-caption-text gallery-caption' id='gallery-1-74229'>\n\t\t\t\tEdificio Organic \/ Brigati-Polak Arquitectos (\u00a9 Ramiro Sosa)\n\t\t\t\t<\/figcaption><\/figure><figure class='gallery-item'>\n\t\t\t<div class='gallery-icon portrait'>\n\t\t\t\t<a href='https:\/\/www.arquimaster.com.ar\/web\/wp-content\/uploads\/2023\/01\/edificio_organic_013.jpg' title=\"Edificio Organic \/ Brigati-Polak Arquitectos (\u00a9 Ramiro Sosa)\" data-rl_title=\"Edificio Organic \/ Brigati-Polak Arquitectos (\u00a9 Ramiro Sosa)\" class=\"rl-gallery-link\" data-rl_caption=\"Edificio Organic \/ Brigati-Polak Arquitectos (\u00a9 Ramiro Sosa)\" data-rel=\"lightbox-gallery-1\"><img loading=\"lazy\" decoding=\"async\" width=\"150\" height=\"150\" src=\"https:\/\/www.arquimaster.com.ar\/web\/wp-content\/uploads\/2023\/01\/edificio_organic_013-150x150.jpg\" class=\"attachment-thumbnail size-thumbnail\" alt=\"Edificio Organic \/ Brigati-Polak Arquitectos\" aria-describedby=\"gallery-1-74230\" \/><\/a>\n\t\t\t<\/div>\n\t\t\t\t<figcaption class='wp-caption-text gallery-caption' id='gallery-1-74230'>\n\t\t\t\tEdificio Organic \/ Brigati-Polak Arquitectos (\u00a9 Ramiro Sosa)\n\t\t\t\t<\/figcaption><\/figure><figure class='gallery-item'>\n\t\t\t<div class='gallery-icon portrait'>\n\t\t\t\t<a href='https:\/\/www.arquimaster.com.ar\/web\/wp-content\/uploads\/2023\/01\/edificio_organic_014.jpg' title=\"Edificio Organic \/ Brigati-Polak Arquitectos (\u00a9 Ramiro Sosa)\" data-rl_title=\"Edificio Organic \/ Brigati-Polak Arquitectos (\u00a9 Ramiro Sosa)\" class=\"rl-gallery-link\" data-rl_caption=\"Edificio Organic \/ Brigati-Polak Arquitectos (\u00a9 Ramiro Sosa)\" data-rel=\"lightbox-gallery-1\"><img loading=\"lazy\" decoding=\"async\" width=\"150\" height=\"150\" src=\"https:\/\/www.arquimaster.com.ar\/web\/wp-content\/uploads\/2023\/01\/edificio_organic_014-150x150.jpg\" class=\"attachment-thumbnail size-thumbnail\" alt=\"Edificio Organic \/ Brigati-Polak Arquitectos\" aria-describedby=\"gallery-1-74231\" \/><\/a>\n\t\t\t<\/div>\n\t\t\t\t<figcaption class='wp-caption-text gallery-caption' id='gallery-1-74231'>\n\t\t\t\tEdificio Organic \/ Brigati-Polak Arquitectos (\u00a9 Ramiro Sosa)\n\t\t\t\t<\/figcaption><\/figure><figure class='gallery-item'>\n\t\t\t<div class='gallery-icon landscape'>\n\t\t\t\t<a href='https:\/\/www.arquimaster.com.ar\/web\/wp-content\/uploads\/2023\/01\/edificio_organic_015.jpg' title=\"Edificio Organic \/ Brigati-Polak Arquitectos (\u00a9 Ramiro Sosa)\" data-rl_title=\"Edificio Organic \/ Brigati-Polak Arquitectos (\u00a9 Ramiro Sosa)\" class=\"rl-gallery-link\" data-rl_caption=\"Edificio Organic \/ Brigati-Polak Arquitectos (\u00a9 Ramiro Sosa)\" data-rel=\"lightbox-gallery-1\"><img loading=\"lazy\" decoding=\"async\" width=\"150\" height=\"150\" src=\"https:\/\/www.arquimaster.com.ar\/web\/wp-content\/uploads\/2023\/01\/edificio_organic_015-150x150.jpg\" class=\"attachment-thumbnail size-thumbnail\" alt=\"Edificio Organic \/ Brigati-Polak Arquitectos\" aria-describedby=\"gallery-1-74232\" \/><\/a>\n\t\t\t<\/div>\n\t\t\t\t<figcaption class='wp-caption-text gallery-caption' id='gallery-1-74232'>\n\t\t\t\tEdificio Organic \/ Brigati-Polak Arquitectos (\u00a9 Ramiro Sosa)\n\t\t\t\t<\/figcaption><\/figure><figure class='gallery-item'>\n\t\t\t<div class='gallery-icon landscape'>\n\t\t\t\t<a href='https:\/\/www.arquimaster.com.ar\/web\/wp-content\/uploads\/2023\/01\/edificio_organic_016.jpg' title=\"Edificio Organic \/ Brigati-Polak Arquitectos (\u00a9 Ramiro Sosa)\" data-rl_title=\"Edificio Organic \/ Brigati-Polak Arquitectos (\u00a9 Ramiro Sosa)\" class=\"rl-gallery-link\" data-rl_caption=\"Edificio Organic \/ Brigati-Polak Arquitectos (\u00a9 Ramiro Sosa)\" data-rel=\"lightbox-gallery-1\"><img loading=\"lazy\" decoding=\"async\" width=\"150\" height=\"150\" src=\"https:\/\/www.arquimaster.com.ar\/web\/wp-content\/uploads\/2023\/01\/edificio_organic_016-150x150.jpg\" class=\"attachment-thumbnail size-thumbnail\" alt=\"Edificio Organic \/ Brigati-Polak Arquitectos\" aria-describedby=\"gallery-1-74233\" \/><\/a>\n\t\t\t<\/div>\n\t\t\t\t<figcaption class='wp-caption-text gallery-caption' id='gallery-1-74233'>\n\t\t\t\tEdificio Organic \/ Brigati-Polak Arquitectos (\u00a9 Ramiro Sosa)\n\t\t\t\t<\/figcaption><\/figure><figure class='gallery-item'>\n\t\t\t<div class='gallery-icon portrait'>\n\t\t\t\t<a href='https:\/\/www.arquimaster.com.ar\/web\/wp-content\/uploads\/2023\/01\/edificio_organic_017.jpg' title=\"Edificio Organic \/ Brigati-Polak Arquitectos (\u00a9 Ramiro Sosa)\" data-rl_title=\"Edificio Organic \/ Brigati-Polak Arquitectos (\u00a9 Ramiro Sosa)\" class=\"rl-gallery-link\" data-rl_caption=\"Edificio Organic \/ Brigati-Polak Arquitectos (\u00a9 Ramiro Sosa)\" data-rel=\"lightbox-gallery-1\"><img loading=\"lazy\" decoding=\"async\" width=\"150\" height=\"150\" src=\"https:\/\/www.arquimaster.com.ar\/web\/wp-content\/uploads\/2023\/01\/edificio_organic_017-150x150.jpg\" class=\"attachment-thumbnail size-thumbnail\" alt=\"Edificio Organic \/ Brigati-Polak Arquitectos\" aria-describedby=\"gallery-1-74234\" \/><\/a>\n\t\t\t<\/div>\n\t\t\t\t<figcaption class='wp-caption-text gallery-caption' id='gallery-1-74234'>\n\t\t\t\tEdificio Organic \/ Brigati-Polak Arquitectos (\u00a9 Ramiro Sosa)\n\t\t\t\t<\/figcaption><\/figure><figure class='gallery-item'>\n\t\t\t<div class='gallery-icon portrait'>\n\t\t\t\t<a href='https:\/\/www.arquimaster.com.ar\/web\/wp-content\/uploads\/2023\/01\/edificio_organic_018.jpg' title=\"Edificio Organic \/ Brigati-Polak Arquitectos (\u00a9 Ramiro Sosa)\" data-rl_title=\"Edificio Organic \/ Brigati-Polak Arquitectos (\u00a9 Ramiro Sosa)\" class=\"rl-gallery-link\" data-rl_caption=\"Edificio Organic \/ Brigati-Polak Arquitectos (\u00a9 Ramiro Sosa)\" data-rel=\"lightbox-gallery-1\"><img loading=\"lazy\" decoding=\"async\" width=\"150\" height=\"150\" src=\"https:\/\/www.arquimaster.com.ar\/web\/wp-content\/uploads\/2023\/01\/edificio_organic_018-150x150.jpg\" class=\"attachment-thumbnail size-thumbnail\" alt=\"Edificio Organic \/ Brigati-Polak Arquitectos\" aria-describedby=\"gallery-1-74235\" \/><\/a>\n\t\t\t<\/div>\n\t\t\t\t<figcaption class='wp-caption-text gallery-caption' id='gallery-1-74235'>\n\t\t\t\tEdificio Organic \/ Brigati-Polak Arquitectos (\u00a9 Ramiro Sosa)\n\t\t\t\t<\/figcaption><\/figure><figure class='gallery-item'>\n\t\t\t<div class='gallery-icon landscape'>\n\t\t\t\t<a href='https:\/\/www.arquimaster.com.ar\/web\/wp-content\/uploads\/2023\/01\/edificio_organic_019.jpg' title=\"Edificio Organic \/ Brigati-Polak Arquitectos (\u00a9 Ramiro Sosa)\" data-rl_title=\"Edificio Organic \/ Brigati-Polak Arquitectos (\u00a9 Ramiro Sosa)\" class=\"rl-gallery-link\" data-rl_caption=\"Edificio Organic \/ Brigati-Polak Arquitectos (\u00a9 Ramiro Sosa)\" data-rel=\"lightbox-gallery-1\"><img loading=\"lazy\" decoding=\"async\" width=\"150\" height=\"150\" src=\"https:\/\/www.arquimaster.com.ar\/web\/wp-content\/uploads\/2023\/01\/edificio_organic_019-150x150.jpg\" class=\"attachment-thumbnail size-thumbnail\" alt=\"Edificio Organic \/ Brigati-Polak Arquitectos\" aria-describedby=\"gallery-1-74236\" srcset=\"https:\/\/www.arquimaster.com.ar\/web\/wp-content\/uploads\/2023\/01\/edificio_organic_019-150x150.jpg 150w, https:\/\/www.arquimaster.com.ar\/web\/wp-content\/uploads\/2023\/01\/edificio_organic_019-768x768.jpg 768w, https:\/\/www.arquimaster.com.ar\/web\/wp-content\/uploads\/2023\/01\/edificio_organic_019.jpg 1500w\" sizes=\"auto, (max-width: 150px) 100vw, 150px\" \/><\/a>\n\t\t\t<\/div>\n\t\t\t\t<figcaption class='wp-caption-text gallery-caption' id='gallery-1-74236'>\n\t\t\t\tEdificio Organic \/ Brigati-Polak Arquitectos (\u00a9 Ramiro Sosa)\n\t\t\t\t<\/figcaption><\/figure><figure class='gallery-item'>\n\t\t\t<div class='gallery-icon landscape'>\n\t\t\t\t<a href='https:\/\/www.arquimaster.com.ar\/web\/wp-content\/uploads\/2023\/01\/edificio_organic_020.jpg' title=\"Edificio Organic \/ Brigati-Polak Arquitectos (\u00a9 Ramiro Sosa)\" data-rl_title=\"Edificio Organic \/ Brigati-Polak Arquitectos (\u00a9 Ramiro Sosa)\" class=\"rl-gallery-link\" data-rl_caption=\"Edificio Organic \/ Brigati-Polak Arquitectos (\u00a9 Ramiro Sosa)\" data-rel=\"lightbox-gallery-1\"><img loading=\"lazy\" decoding=\"async\" width=\"150\" height=\"150\" src=\"https:\/\/www.arquimaster.com.ar\/web\/wp-content\/uploads\/2023\/01\/edificio_organic_020-150x150.jpg\" class=\"attachment-thumbnail size-thumbnail\" alt=\"Edificio Organic \/ Brigati-Polak Arquitectos\" aria-describedby=\"gallery-1-74237\" \/><\/a>\n\t\t\t<\/div>\n\t\t\t\t<figcaption class='wp-caption-text gallery-caption' id='gallery-1-74237'>\n\t\t\t\tEdificio Organic \/ Brigati-Polak Arquitectos (\u00a9 Ramiro Sosa)\n\t\t\t\t<\/figcaption><\/figure><figure class='gallery-item'>\n\t\t\t<div class='gallery-icon landscape'>\n\t\t\t\t<a href='https:\/\/www.arquimaster.com.ar\/web\/wp-content\/uploads\/2023\/01\/edificio_organic_021.jpg' title=\"Edificio Organic \/ Brigati-Polak Arquitectos (\u00a9 Ramiro Sosa)\" data-rl_title=\"Edificio Organic \/ Brigati-Polak Arquitectos (\u00a9 Ramiro Sosa)\" class=\"rl-gallery-link\" data-rl_caption=\"Edificio Organic \/ Brigati-Polak Arquitectos (\u00a9 Ramiro Sosa)\" data-rel=\"lightbox-gallery-1\"><img loading=\"lazy\" decoding=\"async\" width=\"150\" height=\"150\" src=\"https:\/\/www.arquimaster.com.ar\/web\/wp-content\/uploads\/2023\/01\/edificio_organic_021-150x150.jpg\" class=\"attachment-thumbnail size-thumbnail\" alt=\"Edificio Organic \/ Brigati-Polak Arquitectos\" aria-describedby=\"gallery-1-74238\" srcset=\"https:\/\/www.arquimaster.com.ar\/web\/wp-content\/uploads\/2023\/01\/edificio_organic_021-150x150.jpg 150w, https:\/\/www.arquimaster.com.ar\/web\/wp-content\/uploads\/2023\/01\/edificio_organic_021-768x768.jpg 768w, https:\/\/www.arquimaster.com.ar\/web\/wp-content\/uploads\/2023\/01\/edificio_organic_021.jpg 1500w\" sizes=\"auto, (max-width: 150px) 100vw, 150px\" \/><\/a>\n\t\t\t<\/div>\n\t\t\t\t<figcaption class='wp-caption-text gallery-caption' id='gallery-1-74238'>\n\t\t\t\tEdificio Organic \/ Brigati-Polak Arquitectos (\u00a9 Ramiro Sosa)\n\t\t\t\t<\/figcaption><\/figure><figure class='gallery-item'>\n\t\t\t<div class='gallery-icon portrait'>\n\t\t\t\t<a href='https:\/\/www.arquimaster.com.ar\/web\/wp-content\/uploads\/2023\/01\/edificio_organic_022.jpg' title=\"Edificio Organic \/ Brigati-Polak Arquitectos (\u00a9 Ramiro Sosa)\" data-rl_title=\"Edificio Organic \/ Brigati-Polak Arquitectos (\u00a9 Ramiro Sosa)\" class=\"rl-gallery-link\" data-rl_caption=\"Edificio Organic \/ Brigati-Polak Arquitectos (\u00a9 Ramiro Sosa)\" data-rel=\"lightbox-gallery-1\"><img loading=\"lazy\" decoding=\"async\" width=\"150\" height=\"150\" src=\"https:\/\/www.arquimaster.com.ar\/web\/wp-content\/uploads\/2023\/01\/edificio_organic_022-150x150.jpg\" class=\"attachment-thumbnail size-thumbnail\" alt=\"Edificio Organic \/ Brigati-Polak Arquitectos\" aria-describedby=\"gallery-1-74239\" \/><\/a>\n\t\t\t<\/div>\n\t\t\t\t<figcaption class='wp-caption-text gallery-caption' id='gallery-1-74239'>\n\t\t\t\tEdificio Organic \/ Brigati-Polak Arquitectos (\u00a9 Ramiro Sosa)\n\t\t\t\t<\/figcaption><\/figure><figure class='gallery-item'>\n\t\t\t<div class='gallery-icon landscape'>\n\t\t\t\t<a href='https:\/\/www.arquimaster.com.ar\/web\/wp-content\/uploads\/2023\/01\/edificio_organic_023.jpg' title=\"Edificio Organic \/ Brigati-Polak Arquitectos (\u00a9 Ramiro Sosa)\" data-rl_title=\"Edificio Organic \/ Brigati-Polak Arquitectos (\u00a9 Ramiro Sosa)\" class=\"rl-gallery-link\" data-rl_caption=\"Edificio Organic \/ Brigati-Polak Arquitectos (\u00a9 Ramiro Sosa)\" data-rel=\"lightbox-gallery-1\"><img loading=\"lazy\" decoding=\"async\" width=\"150\" height=\"150\" src=\"https:\/\/www.arquimaster.com.ar\/web\/wp-content\/uploads\/2023\/01\/edificio_organic_023-150x150.jpg\" class=\"attachment-thumbnail size-thumbnail\" alt=\"Edificio Organic \/ Brigati-Polak Arquitectos\" aria-describedby=\"gallery-1-74240\" \/><\/a>\n\t\t\t<\/div>\n\t\t\t\t<figcaption class='wp-caption-text gallery-caption' id='gallery-1-74240'>\n\t\t\t\tEdificio Organic \/ Brigati-Polak Arquitectos (\u00a9 Ramiro Sosa)\n\t\t\t\t<\/figcaption><\/figure><figure class='gallery-item'>\n\t\t\t<div class='gallery-icon landscape'>\n\t\t\t\t<a href='https:\/\/www.arquimaster.com.ar\/web\/wp-content\/uploads\/2023\/01\/edificio_organic_024.jpg' title=\"Edificio Organic \/ Brigati-Polak Arquitectos (\u00a9 Ramiro Sosa)\" data-rl_title=\"Edificio Organic \/ Brigati-Polak Arquitectos (\u00a9 Ramiro Sosa)\" class=\"rl-gallery-link\" data-rl_caption=\"Edificio Organic \/ Brigati-Polak Arquitectos (\u00a9 Ramiro Sosa)\" data-rel=\"lightbox-gallery-1\"><img loading=\"lazy\" decoding=\"async\" width=\"150\" height=\"150\" src=\"https:\/\/www.arquimaster.com.ar\/web\/wp-content\/uploads\/2023\/01\/edificio_organic_024-150x150.jpg\" class=\"attachment-thumbnail size-thumbnail\" alt=\"Edificio Organic \/ Brigati-Polak Arquitectos\" aria-describedby=\"gallery-1-74241\" \/><\/a>\n\t\t\t<\/div>\n\t\t\t\t<figcaption class='wp-caption-text gallery-caption' id='gallery-1-74241'>\n\t\t\t\tEdificio Organic \/ Brigati-Polak Arquitectos (\u00a9 Ramiro Sosa)\n\t\t\t\t<\/figcaption><\/figure><figure class='gallery-item'>\n\t\t\t<div class='gallery-icon landscape'>\n\t\t\t\t<a href='https:\/\/www.arquimaster.com.ar\/web\/wp-content\/uploads\/2023\/01\/edificio_organic_025.jpg' title=\"Edificio Organic \/ Brigati-Polak Arquitectos (\u00a9 Ramiro Sosa)\" data-rl_title=\"Edificio Organic \/ Brigati-Polak Arquitectos (\u00a9 Ramiro Sosa)\" class=\"rl-gallery-link\" data-rl_caption=\"Edificio Organic \/ Brigati-Polak Arquitectos (\u00a9 Ramiro Sosa)\" data-rel=\"lightbox-gallery-1\"><img loading=\"lazy\" decoding=\"async\" width=\"150\" height=\"150\" src=\"https:\/\/www.arquimaster.com.ar\/web\/wp-content\/uploads\/2023\/01\/edificio_organic_025-150x150.jpg\" class=\"attachment-thumbnail size-thumbnail\" alt=\"Edificio Organic \/ Brigati-Polak Arquitectos\" aria-describedby=\"gallery-1-74242\" \/><\/a>\n\t\t\t<\/div>\n\t\t\t\t<figcaption class='wp-caption-text gallery-caption' id='gallery-1-74242'>\n\t\t\t\tEdificio Organic \/ Brigati-Polak Arquitectos (\u00a9 Ramiro Sosa)\n\t\t\t\t<\/figcaption><\/figure><figure class='gallery-item'>\n\t\t\t<div class='gallery-icon portrait'>\n\t\t\t\t<a href='https:\/\/www.arquimaster.com.ar\/web\/wp-content\/uploads\/2023\/01\/edificio_organic_026.jpg' title=\"Edificio Organic \/ Brigati-Polak Arquitectos (\u00a9 Ramiro Sosa)\" data-rl_title=\"Edificio Organic \/ Brigati-Polak Arquitectos (\u00a9 Ramiro Sosa)\" class=\"rl-gallery-link\" data-rl_caption=\"Edificio Organic \/ Brigati-Polak Arquitectos (\u00a9 Ramiro Sosa)\" data-rel=\"lightbox-gallery-1\"><img loading=\"lazy\" decoding=\"async\" width=\"150\" height=\"150\" src=\"https:\/\/www.arquimaster.com.ar\/web\/wp-content\/uploads\/2023\/01\/edificio_organic_026-150x150.jpg\" class=\"attachment-thumbnail size-thumbnail\" alt=\"Edificio Organic \/ Brigati-Polak Arquitectos\" aria-describedby=\"gallery-1-74243\" \/><\/a>\n\t\t\t<\/div>\n\t\t\t\t<figcaption class='wp-caption-text gallery-caption' id='gallery-1-74243'>\n\t\t\t\tEdificio Organic \/ Brigati-Polak Arquitectos (\u00a9 Ramiro Sosa)\n\t\t\t\t<\/figcaption><\/figure><figure class='gallery-item'>\n\t\t\t<div class='gallery-icon landscape'>\n\t\t\t\t<a href='https:\/\/www.arquimaster.com.ar\/web\/wp-content\/uploads\/2023\/01\/edificio_organic_027.jpg' title=\"Edificio Organic \/ Brigati-Polak Arquitectos (\u00a9 Ramiro Sosa)\" data-rl_title=\"Edificio Organic \/ Brigati-Polak Arquitectos (\u00a9 Ramiro Sosa)\" class=\"rl-gallery-link\" data-rl_caption=\"Edificio Organic \/ Brigati-Polak Arquitectos (\u00a9 Ramiro Sosa)\" data-rel=\"lightbox-gallery-1\"><img loading=\"lazy\" decoding=\"async\" width=\"150\" height=\"150\" src=\"https:\/\/www.arquimaster.com.ar\/web\/wp-content\/uploads\/2023\/01\/edificio_organic_027-150x150.jpg\" class=\"attachment-thumbnail size-thumbnail\" alt=\"Edificio Organic \/ Brigati-Polak Arquitectos\" aria-describedby=\"gallery-1-74244\" \/><\/a>\n\t\t\t<\/div>\n\t\t\t\t<figcaption class='wp-caption-text gallery-caption' id='gallery-1-74244'>\n\t\t\t\tEdificio Organic \/ Brigati-Polak Arquitectos (\u00a9 Ramiro Sosa)\n\t\t\t\t<\/figcaption><\/figure><figure class='gallery-item'>\n\t\t\t<div class='gallery-icon portrait'>\n\t\t\t\t<a href='https:\/\/www.arquimaster.com.ar\/web\/wp-content\/uploads\/2023\/01\/edificio_organic_028.jpg' title=\"Edificio Organic \/ Brigati-Polak Arquitectos (\u00a9 Ramiro Sosa)\" data-rl_title=\"Edificio Organic \/ Brigati-Polak Arquitectos (\u00a9 Ramiro Sosa)\" class=\"rl-gallery-link\" data-rl_caption=\"Edificio Organic \/ Brigati-Polak Arquitectos (\u00a9 Ramiro Sosa)\" data-rel=\"lightbox-gallery-1\"><img loading=\"lazy\" decoding=\"async\" width=\"150\" height=\"150\" src=\"https:\/\/www.arquimaster.com.ar\/web\/wp-content\/uploads\/2023\/01\/edificio_organic_028-150x150.jpg\" class=\"attachment-thumbnail size-thumbnail\" alt=\"Edificio Organic \/ Brigati-Polak Arquitectos\" aria-describedby=\"gallery-1-74245\" \/><\/a>\n\t\t\t<\/div>\n\t\t\t\t<figcaption class='wp-caption-text gallery-caption' id='gallery-1-74245'>\n\t\t\t\tEdificio Organic \/ Brigati-Polak Arquitectos (\u00a9 Ramiro Sosa)\n\t\t\t\t<\/figcaption><\/figure><figure class='gallery-item'>\n\t\t\t<div class='gallery-icon portrait'>\n\t\t\t\t<a href='https:\/\/www.arquimaster.com.ar\/web\/wp-content\/uploads\/2023\/01\/edificio_organic_029.jpg' title=\"Edificio Organic \/ Brigati-Polak Arquitectos (\u00a9 Ramiro Sosa)\" data-rl_title=\"Edificio Organic \/ Brigati-Polak Arquitectos (\u00a9 Ramiro Sosa)\" class=\"rl-gallery-link\" data-rl_caption=\"Edificio Organic \/ Brigati-Polak Arquitectos (\u00a9 Ramiro Sosa)\" data-rel=\"lightbox-gallery-1\"><img loading=\"lazy\" decoding=\"async\" width=\"150\" height=\"150\" src=\"https:\/\/www.arquimaster.com.ar\/web\/wp-content\/uploads\/2023\/01\/edificio_organic_029-150x150.jpg\" class=\"attachment-thumbnail size-thumbnail\" alt=\"Edificio Organic \/ Brigati-Polak Arquitectos\" aria-describedby=\"gallery-1-74246\" \/><\/a>\n\t\t\t<\/div>\n\t\t\t\t<figcaption class='wp-caption-text gallery-caption' id='gallery-1-74246'>\n\t\t\t\tEdificio Organic \/ Brigati-Polak Arquitectos (\u00a9 Ramiro Sosa)\n\t\t\t\t<\/figcaption><\/figure><figure class='gallery-item'>\n\t\t\t<div class='gallery-icon portrait'>\n\t\t\t\t<a href='https:\/\/www.arquimaster.com.ar\/web\/wp-content\/uploads\/2023\/01\/edificio_organic_030.jpg' title=\"Edificio Organic \/ Brigati-Polak Arquitectos (\u00a9 Ramiro Sosa)\" data-rl_title=\"Edificio Organic \/ Brigati-Polak Arquitectos (\u00a9 Ramiro Sosa)\" class=\"rl-gallery-link\" data-rl_caption=\"Edificio Organic \/ Brigati-Polak Arquitectos (\u00a9 Ramiro Sosa)\" data-rel=\"lightbox-gallery-1\"><img loading=\"lazy\" decoding=\"async\" width=\"150\" height=\"150\" src=\"https:\/\/www.arquimaster.com.ar\/web\/wp-content\/uploads\/2023\/01\/edificio_organic_030-150x150.jpg\" class=\"attachment-thumbnail size-thumbnail\" alt=\"Edificio Organic \/ Brigati-Polak Arquitectos\" aria-describedby=\"gallery-1-74247\" \/><\/a>\n\t\t\t<\/div>\n\t\t\t\t<figcaption class='wp-caption-text gallery-caption' id='gallery-1-74247'>\n\t\t\t\tEdificio Organic \/ Brigati-Polak Arquitectos (\u00a9 Ramiro Sosa)\n\t\t\t\t<\/figcaption><\/figure><figure class='gallery-item'>\n\t\t\t<div class='gallery-icon landscape'>\n\t\t\t\t<a href='https:\/\/www.arquimaster.com.ar\/web\/wp-content\/uploads\/2023\/01\/edificio_organic_031.jpg' title=\"Edificio Organic \/ Brigati-Polak Arquitectos (\u00a9 Ramiro Sosa)\" data-rl_title=\"Edificio Organic \/ Brigati-Polak Arquitectos (\u00a9 Ramiro Sosa)\" class=\"rl-gallery-link\" data-rl_caption=\"Edificio Organic \/ Brigati-Polak Arquitectos (\u00a9 Ramiro Sosa)\" data-rel=\"lightbox-gallery-1\"><img loading=\"lazy\" decoding=\"async\" width=\"150\" height=\"150\" src=\"https:\/\/www.arquimaster.com.ar\/web\/wp-content\/uploads\/2023\/01\/edificio_organic_031-150x150.jpg\" class=\"attachment-thumbnail size-thumbnail\" alt=\"Edificio Organic \/ Brigati-Polak Arquitectos\" aria-describedby=\"gallery-1-74248\" \/><\/a>\n\t\t\t<\/div>\n\t\t\t\t<figcaption class='wp-caption-text gallery-caption' id='gallery-1-74248'>\n\t\t\t\tEdificio Organic \/ Brigati-Polak Arquitectos (\u00a9 Ramiro Sosa)\n\t\t\t\t<\/figcaption><\/figure><figure class='gallery-item'>\n\t\t\t<div class='gallery-icon portrait'>\n\t\t\t\t<a href='https:\/\/www.arquimaster.com.ar\/web\/wp-content\/uploads\/2023\/01\/edificio_organic_032.jpg' title=\"Edificio Organic \/ Brigati-Polak Arquitectos (\u00a9 Ramiro Sosa)\" data-rl_title=\"Edificio Organic \/ Brigati-Polak Arquitectos (\u00a9 Ramiro Sosa)\" class=\"rl-gallery-link\" data-rl_caption=\"Edificio Organic \/ Brigati-Polak Arquitectos (\u00a9 Ramiro Sosa)\" data-rel=\"lightbox-gallery-1\"><img loading=\"lazy\" decoding=\"async\" width=\"150\" height=\"150\" src=\"https:\/\/www.arquimaster.com.ar\/web\/wp-content\/uploads\/2023\/01\/edificio_organic_032-150x150.jpg\" class=\"attachment-thumbnail size-thumbnail\" alt=\"Edificio Organic \/ Brigati-Polak Arquitectos\" aria-describedby=\"gallery-1-74249\" \/><\/a>\n\t\t\t<\/div>\n\t\t\t\t<figcaption class='wp-caption-text gallery-caption' id='gallery-1-74249'>\n\t\t\t\tEdificio Organic \/ Brigati-Polak Arquitectos (\u00a9 Ramiro Sosa)\n\t\t\t\t<\/figcaption><\/figure><figure class='gallery-item'>\n\t\t\t<div class='gallery-icon portrait'>\n\t\t\t\t<a href='https:\/\/www.arquimaster.com.ar\/web\/wp-content\/uploads\/2023\/01\/edificio_organic_033.jpg' title=\"Edificio Organic \/ Brigati-Polak Arquitectos (\u00a9 Ramiro Sosa)\" data-rl_title=\"Edificio Organic \/ Brigati-Polak Arquitectos (\u00a9 Ramiro Sosa)\" class=\"rl-gallery-link\" data-rl_caption=\"Edificio Organic \/ Brigati-Polak Arquitectos (\u00a9 Ramiro Sosa)\" data-rel=\"lightbox-gallery-1\"><img loading=\"lazy\" decoding=\"async\" width=\"150\" height=\"150\" src=\"https:\/\/www.arquimaster.com.ar\/web\/wp-content\/uploads\/2023\/01\/edificio_organic_033-150x150.jpg\" class=\"attachment-thumbnail size-thumbnail\" alt=\"Edificio Organic \/ Brigati-Polak Arquitectos\" aria-describedby=\"gallery-1-74250\" \/><\/a>\n\t\t\t<\/div>\n\t\t\t\t<figcaption class='wp-caption-text gallery-caption' id='gallery-1-74250'>\n\t\t\t\tEdificio Organic \/ Brigati-Polak Arquitectos (\u00a9 Ramiro Sosa)\n\t\t\t\t<\/figcaption><\/figure><figure class='gallery-item'>\n\t\t\t<div class='gallery-icon landscape'>\n\t\t\t\t<a href='https:\/\/www.arquimaster.com.ar\/web\/wp-content\/uploads\/2023\/01\/edificio_organic_034.jpg' title=\"Edificio Organic \/ Brigati-Polak Arquitectos (\u00a9 Ramiro Sosa)\" data-rl_title=\"Edificio Organic \/ Brigati-Polak Arquitectos (\u00a9 Ramiro Sosa)\" class=\"rl-gallery-link\" data-rl_caption=\"Edificio Organic \/ Brigati-Polak Arquitectos (\u00a9 Ramiro Sosa)\" data-rel=\"lightbox-gallery-1\"><img loading=\"lazy\" decoding=\"async\" width=\"150\" height=\"150\" src=\"https:\/\/www.arquimaster.com.ar\/web\/wp-content\/uploads\/2023\/01\/edificio_organic_034-150x150.jpg\" class=\"attachment-thumbnail size-thumbnail\" alt=\"Edificio Organic \/ Brigati-Polak Arquitectos\" aria-describedby=\"gallery-1-74251\" srcset=\"https:\/\/www.arquimaster.com.ar\/web\/wp-content\/uploads\/2023\/01\/edificio_organic_034-150x150.jpg 150w, https:\/\/www.arquimaster.com.ar\/web\/wp-content\/uploads\/2023\/01\/edificio_organic_034-768x768.jpg 768w, https:\/\/www.arquimaster.com.ar\/web\/wp-content\/uploads\/2023\/01\/edificio_organic_034.jpg 1500w\" sizes=\"auto, (max-width: 150px) 100vw, 150px\" \/><\/a>\n\t\t\t<\/div>\n\t\t\t\t<figcaption class='wp-caption-text gallery-caption' id='gallery-1-74251'>\n\t\t\t\tEdificio Organic \/ Brigati-Polak Arquitectos (\u00a9 Ramiro Sosa)\n\t\t\t\t<\/figcaption><\/figure><figure class='gallery-item'>\n\t\t\t<div class='gallery-icon portrait'>\n\t\t\t\t<a href='https:\/\/www.arquimaster.com.ar\/web\/wp-content\/uploads\/2023\/01\/edificio_organic_035.jpg' title=\"Edificio Organic \/ Brigati-Polak Arquitectos (\u00a9 Ramiro Sosa)\" data-rl_title=\"Edificio Organic \/ Brigati-Polak Arquitectos (\u00a9 Ramiro Sosa)\" class=\"rl-gallery-link\" data-rl_caption=\"Edificio Organic \/ Brigati-Polak Arquitectos (\u00a9 Ramiro Sosa)\" data-rel=\"lightbox-gallery-1\"><img loading=\"lazy\" decoding=\"async\" width=\"150\" height=\"150\" src=\"https:\/\/www.arquimaster.com.ar\/web\/wp-content\/uploads\/2023\/01\/edificio_organic_035-150x150.jpg\" class=\"attachment-thumbnail size-thumbnail\" alt=\"Edificio Organic \/ Brigati-Polak Arquitectos\" aria-describedby=\"gallery-1-74252\" \/><\/a>\n\t\t\t<\/div>\n\t\t\t\t<figcaption class='wp-caption-text gallery-caption' id='gallery-1-74252'>\n\t\t\t\tEdificio Organic \/ Brigati-Polak Arquitectos (\u00a9 Ramiro Sosa)\n\t\t\t\t<\/figcaption><\/figure><figure class='gallery-item'>\n\t\t\t<div class='gallery-icon portrait'>\n\t\t\t\t<a href='https:\/\/www.arquimaster.com.ar\/web\/wp-content\/uploads\/2023\/01\/edificio_organic_036.jpg' title=\"Edificio Organic \/ Brigati-Polak Arquitectos (\u00a9 Ramiro Sosa)\" data-rl_title=\"Edificio Organic \/ Brigati-Polak Arquitectos (\u00a9 Ramiro Sosa)\" class=\"rl-gallery-link\" data-rl_caption=\"Edificio Organic \/ Brigati-Polak Arquitectos (\u00a9 Ramiro Sosa)\" data-rel=\"lightbox-gallery-1\"><img loading=\"lazy\" decoding=\"async\" width=\"150\" height=\"150\" src=\"https:\/\/www.arquimaster.com.ar\/web\/wp-content\/uploads\/2023\/01\/edificio_organic_036-150x150.jpg\" class=\"attachment-thumbnail size-thumbnail\" alt=\"Edificio Organic \/ Brigati-Polak Arquitectos\" aria-describedby=\"gallery-1-74253\" \/><\/a>\n\t\t\t<\/div>\n\t\t\t\t<figcaption class='wp-caption-text gallery-caption' id='gallery-1-74253'>\n\t\t\t\tEdificio Organic \/ Brigati-Polak Arquitectos (\u00a9 Ramiro Sosa)\n\t\t\t\t<\/figcaption><\/figure><figure class='gallery-item'>\n\t\t\t<div class='gallery-icon portrait'>\n\t\t\t\t<a href='https:\/\/www.arquimaster.com.ar\/web\/wp-content\/uploads\/2023\/01\/edificio_organic_037.jpg' title=\"Edificio Organic \/ Brigati-Polak Arquitectos (\u00a9 Ramiro Sosa)\" data-rl_title=\"Edificio Organic \/ Brigati-Polak Arquitectos (\u00a9 Ramiro Sosa)\" class=\"rl-gallery-link\" data-rl_caption=\"Edificio Organic \/ Brigati-Polak Arquitectos (\u00a9 Ramiro Sosa)\" data-rel=\"lightbox-gallery-1\"><img loading=\"lazy\" decoding=\"async\" width=\"150\" height=\"150\" src=\"https:\/\/www.arquimaster.com.ar\/web\/wp-content\/uploads\/2023\/01\/edificio_organic_037-150x150.jpg\" class=\"attachment-thumbnail size-thumbnail\" alt=\"Edificio Organic \/ Brigati-Polak Arquitectos\" aria-describedby=\"gallery-1-74254\" \/><\/a>\n\t\t\t<\/div>\n\t\t\t\t<figcaption class='wp-caption-text gallery-caption' id='gallery-1-74254'>\n\t\t\t\tEdificio Organic \/ Brigati-Polak Arquitectos (\u00a9 Ramiro Sosa)\n\t\t\t\t<\/figcaption><\/figure><figure class='gallery-item'>\n\t\t\t<div class='gallery-icon landscape'>\n\t\t\t\t<a href='https:\/\/www.arquimaster.com.ar\/web\/wp-content\/uploads\/2023\/01\/edificio_organic_038.jpg' title=\"Edificio Organic \/ Brigati-Polak Arquitectos (\u00a9 Ramiro Sosa)\" data-rl_title=\"Edificio Organic \/ Brigati-Polak Arquitectos (\u00a9 Ramiro Sosa)\" class=\"rl-gallery-link\" data-rl_caption=\"Edificio Organic \/ Brigati-Polak Arquitectos (\u00a9 Ramiro Sosa)\" data-rel=\"lightbox-gallery-1\"><img loading=\"lazy\" decoding=\"async\" width=\"150\" height=\"150\" src=\"https:\/\/www.arquimaster.com.ar\/web\/wp-content\/uploads\/2023\/01\/edificio_organic_038-150x150.jpg\" class=\"attachment-thumbnail size-thumbnail\" alt=\"Edificio Organic \/ Brigati-Polak Arquitectos\" aria-describedby=\"gallery-1-74255\" srcset=\"https:\/\/www.arquimaster.com.ar\/web\/wp-content\/uploads\/2023\/01\/edificio_organic_038-150x150.jpg 150w, https:\/\/www.arquimaster.com.ar\/web\/wp-content\/uploads\/2023\/01\/edificio_organic_038-768x768.jpg 768w, https:\/\/www.arquimaster.com.ar\/web\/wp-content\/uploads\/2023\/01\/edificio_organic_038.jpg 1500w\" sizes=\"auto, (max-width: 150px) 100vw, 150px\" \/><\/a>\n\t\t\t<\/div>\n\t\t\t\t<figcaption class='wp-caption-text gallery-caption' id='gallery-1-74255'>\n\t\t\t\tEdificio Organic \/ Brigati-Polak Arquitectos (\u00a9 Ramiro Sosa)\n\t\t\t\t<\/figcaption><\/figure><figure class='gallery-item'>\n\t\t\t<div class='gallery-icon portrait'>\n\t\t\t\t<a href='https:\/\/www.arquimaster.com.ar\/web\/wp-content\/uploads\/2023\/01\/edificio_organic_039.jpg' title=\"Edificio Organic \/ Brigati-Polak Arquitectos (\u00a9 Ramiro Sosa)\" data-rl_title=\"Edificio Organic \/ Brigati-Polak Arquitectos (\u00a9 Ramiro Sosa)\" class=\"rl-gallery-link\" data-rl_caption=\"Edificio Organic \/ Brigati-Polak Arquitectos (\u00a9 Ramiro Sosa)\" data-rel=\"lightbox-gallery-1\"><img loading=\"lazy\" decoding=\"async\" width=\"150\" height=\"150\" src=\"https:\/\/www.arquimaster.com.ar\/web\/wp-content\/uploads\/2023\/01\/edificio_organic_039-150x150.jpg\" class=\"attachment-thumbnail size-thumbnail\" alt=\"Edificio Organic \/ Brigati-Polak Arquitectos\" aria-describedby=\"gallery-1-74256\" \/><\/a>\n\t\t\t<\/div>\n\t\t\t\t<figcaption class='wp-caption-text gallery-caption' id='gallery-1-74256'>\n\t\t\t\tEdificio Organic \/ Brigati-Polak Arquitectos (\u00a9 Ramiro Sosa)\n\t\t\t\t<\/figcaption><\/figure><figure class='gallery-item'>\n\t\t\t<div class='gallery-icon portrait'>\n\t\t\t\t<a href='https:\/\/www.arquimaster.com.ar\/web\/wp-content\/uploads\/2023\/01\/edificio_organic_040.jpg' title=\"Edificio Organic \/ Brigati-Polak Arquitectos (\u00a9 Ramiro Sosa)\" data-rl_title=\"Edificio Organic \/ Brigati-Polak Arquitectos (\u00a9 Ramiro Sosa)\" class=\"rl-gallery-link\" data-rl_caption=\"Edificio Organic \/ Brigati-Polak Arquitectos (\u00a9 Ramiro Sosa)\" data-rel=\"lightbox-gallery-1\"><img loading=\"lazy\" decoding=\"async\" width=\"150\" height=\"150\" src=\"https:\/\/www.arquimaster.com.ar\/web\/wp-content\/uploads\/2023\/01\/edificio_organic_040-150x150.jpg\" class=\"attachment-thumbnail size-thumbnail\" alt=\"Edificio Organic \/ Brigati-Polak Arquitectos\" aria-describedby=\"gallery-1-74257\" \/><\/a>\n\t\t\t<\/div>\n\t\t\t\t<figcaption class='wp-caption-text gallery-caption' id='gallery-1-74257'>\n\t\t\t\tEdificio Organic \/ Brigati-Polak Arquitectos (\u00a9 Ramiro Sosa)\n\t\t\t\t<\/figcaption><\/figure><figure class='gallery-item'>\n\t\t\t<div class='gallery-icon landscape'>\n\t\t\t\t<a href='https:\/\/www.arquimaster.com.ar\/web\/wp-content\/uploads\/2023\/01\/edificio_organic_041.jpg' title=\"Edificio Organic \/ Brigati-Polak Arquitectos (\u00a9 Ramiro Sosa)\" data-rl_title=\"Edificio Organic \/ Brigati-Polak Arquitectos (\u00a9 Ramiro Sosa)\" class=\"rl-gallery-link\" data-rl_caption=\"Edificio Organic \/ Brigati-Polak Arquitectos (\u00a9 Ramiro Sosa)\" data-rel=\"lightbox-gallery-1\"><img loading=\"lazy\" decoding=\"async\" width=\"150\" height=\"150\" src=\"https:\/\/www.arquimaster.com.ar\/web\/wp-content\/uploads\/2023\/01\/edificio_organic_041-150x150.jpg\" class=\"attachment-thumbnail size-thumbnail\" alt=\"Edificio Organic \/ Brigati-Polak Arquitectos\" aria-describedby=\"gallery-1-74258\" \/><\/a>\n\t\t\t<\/div>\n\t\t\t\t<figcaption class='wp-caption-text gallery-caption' id='gallery-1-74258'>\n\t\t\t\tEdificio Organic \/ Brigati-Polak Arquitectos (\u00a9 Ramiro Sosa)\n\t\t\t\t<\/figcaption><\/figure><figure class='gallery-item'>\n\t\t\t<div class='gallery-icon landscape'>\n\t\t\t\t<a href='https:\/\/www.arquimaster.com.ar\/web\/wp-content\/uploads\/2023\/01\/edificio_organic_042.jpg' title=\"Edificio Organic \/ Brigati-Polak Arquitectos (\u00a9 Ramiro Sosa)\" data-rl_title=\"Edificio Organic \/ Brigati-Polak Arquitectos (\u00a9 Ramiro Sosa)\" class=\"rl-gallery-link\" data-rl_caption=\"Edificio Organic \/ Brigati-Polak Arquitectos (\u00a9 Ramiro Sosa)\" data-rel=\"lightbox-gallery-1\"><img loading=\"lazy\" decoding=\"async\" width=\"150\" height=\"150\" src=\"https:\/\/www.arquimaster.com.ar\/web\/wp-content\/uploads\/2023\/01\/edificio_organic_042-150x150.jpg\" class=\"attachment-thumbnail size-thumbnail\" alt=\"Edificio Organic \/ Brigati-Polak Arquitectos\" aria-describedby=\"gallery-1-74259\" \/><\/a>\n\t\t\t<\/div>\n\t\t\t\t<figcaption class='wp-caption-text gallery-caption' id='gallery-1-74259'>\n\t\t\t\tEdificio Organic \/ Brigati-Polak Arquitectos (\u00a9 Ramiro Sosa)\n\t\t\t\t<\/figcaption><\/figure><figure class='gallery-item'>\n\t\t\t<div class='gallery-icon landscape'>\n\t\t\t\t<a href='https:\/\/www.arquimaster.com.ar\/web\/wp-content\/uploads\/2023\/01\/edificio_organic_043.jpg' title=\"Edificio Organic \/ Brigati-Polak Arquitectos (\u00a9 Ramiro Sosa)\" data-rl_title=\"Edificio Organic \/ Brigati-Polak Arquitectos (\u00a9 Ramiro Sosa)\" class=\"rl-gallery-link\" data-rl_caption=\"Edificio Organic \/ Brigati-Polak Arquitectos (\u00a9 Ramiro Sosa)\" data-rel=\"lightbox-gallery-1\"><img loading=\"lazy\" decoding=\"async\" width=\"150\" height=\"150\" src=\"https:\/\/www.arquimaster.com.ar\/web\/wp-content\/uploads\/2023\/01\/edificio_organic_043-150x150.jpg\" class=\"attachment-thumbnail size-thumbnail\" alt=\"Edificio Organic \/ Brigati-Polak Arquitectos\" aria-describedby=\"gallery-1-74260\" \/><\/a>\n\t\t\t<\/div>\n\t\t\t\t<figcaption class='wp-caption-text gallery-caption' id='gallery-1-74260'>\n\t\t\t\tEdificio Organic \/ Brigati-Polak Arquitectos (\u00a9 Ramiro Sosa)\n\t\t\t\t<\/figcaption><\/figure><figure class='gallery-item'>\n\t\t\t<div class='gallery-icon landscape'>\n\t\t\t\t<a href='https:\/\/www.arquimaster.com.ar\/web\/wp-content\/uploads\/2023\/01\/edificio_organic_044.jpg' title=\"Edificio Organic \/ Brigati-Polak Arquitectos (\u00a9 Ramiro Sosa)\" data-rl_title=\"Edificio Organic \/ Brigati-Polak Arquitectos (\u00a9 Ramiro Sosa)\" class=\"rl-gallery-link\" data-rl_caption=\"Edificio Organic \/ Brigati-Polak Arquitectos (\u00a9 Ramiro Sosa)\" data-rel=\"lightbox-gallery-1\"><img loading=\"lazy\" decoding=\"async\" width=\"150\" height=\"150\" src=\"https:\/\/www.arquimaster.com.ar\/web\/wp-content\/uploads\/2023\/01\/edificio_organic_044-150x150.jpg\" class=\"attachment-thumbnail size-thumbnail\" alt=\"Edificio Organic \/ Brigati-Polak Arquitectos\" aria-describedby=\"gallery-1-74261\" srcset=\"https:\/\/www.arquimaster.com.ar\/web\/wp-content\/uploads\/2023\/01\/edificio_organic_044-150x150.jpg 150w, https:\/\/www.arquimaster.com.ar\/web\/wp-content\/uploads\/2023\/01\/edificio_organic_044-768x768.jpg 768w, https:\/\/www.arquimaster.com.ar\/web\/wp-content\/uploads\/2023\/01\/edificio_organic_044.jpg 1500w\" sizes=\"auto, (max-width: 150px) 100vw, 150px\" \/><\/a>\n\t\t\t<\/div>\n\t\t\t\t<figcaption class='wp-caption-text gallery-caption' id='gallery-1-74261'>\n\t\t\t\tEdificio Organic \/ Brigati-Polak Arquitectos (\u00a9 Ramiro Sosa)\n\t\t\t\t<\/figcaption><\/figure><figure class='gallery-item'>\n\t\t\t<div class='gallery-icon portrait'>\n\t\t\t\t<a href='https:\/\/www.arquimaster.com.ar\/web\/wp-content\/uploads\/2023\/01\/edificio_organic_045.jpg' title=\"Edificio Organic \/ Brigati-Polak Arquitectos (\u00a9 Ramiro Sosa)\" data-rl_title=\"Edificio Organic \/ Brigati-Polak Arquitectos (\u00a9 Ramiro Sosa)\" class=\"rl-gallery-link\" data-rl_caption=\"Edificio Organic \/ Brigati-Polak Arquitectos (\u00a9 Ramiro Sosa)\" data-rel=\"lightbox-gallery-1\"><img loading=\"lazy\" decoding=\"async\" width=\"150\" height=\"150\" src=\"https:\/\/www.arquimaster.com.ar\/web\/wp-content\/uploads\/2023\/01\/edificio_organic_045-150x150.jpg\" class=\"attachment-thumbnail size-thumbnail\" alt=\"Edificio Organic \/ Brigati-Polak Arquitectos\" aria-describedby=\"gallery-1-74262\" \/><\/a>\n\t\t\t<\/div>\n\t\t\t\t<figcaption class='wp-caption-text gallery-caption' id='gallery-1-74262'>\n\t\t\t\tEdificio Organic \/ Brigati-Polak Arquitectos (\u00a9 Ramiro Sosa)\n\t\t\t\t<\/figcaption><\/figure><figure class='gallery-item'>\n\t\t\t<div class='gallery-icon portrait'>\n\t\t\t\t<a href='https:\/\/www.arquimaster.com.ar\/web\/wp-content\/uploads\/2023\/01\/edificio_organic_046.jpg' title=\"Edificio Organic \/ Brigati-Polak Arquitectos (\u00a9 Ramiro Sosa)\" data-rl_title=\"Edificio Organic \/ Brigati-Polak Arquitectos (\u00a9 Ramiro Sosa)\" class=\"rl-gallery-link\" data-rl_caption=\"Edificio Organic \/ Brigati-Polak Arquitectos (\u00a9 Ramiro Sosa)\" data-rel=\"lightbox-gallery-1\"><img loading=\"lazy\" decoding=\"async\" width=\"150\" height=\"150\" src=\"https:\/\/www.arquimaster.com.ar\/web\/wp-content\/uploads\/2023\/01\/edificio_organic_046-150x150.jpg\" class=\"attachment-thumbnail size-thumbnail\" alt=\"Edificio Organic \/ Brigati-Polak Arquitectos\" aria-describedby=\"gallery-1-74263\" \/><\/a>\n\t\t\t<\/div>\n\t\t\t\t<figcaption class='wp-caption-text gallery-caption' id='gallery-1-74263'>\n\t\t\t\tEdificio Organic \/ Brigati-Polak Arquitectos (\u00a9 Ramiro Sosa)\n\t\t\t\t<\/figcaption><\/figure><figure class='gallery-item'>\n\t\t\t<div class='gallery-icon portrait'>\n\t\t\t\t<a href='https:\/\/www.arquimaster.com.ar\/web\/wp-content\/uploads\/2023\/01\/edificio_organic_047.jpg' title=\"Edificio Organic \/ Brigati-Polak Arquitectos (\u00a9 Ramiro Sosa)\" data-rl_title=\"Edificio Organic \/ Brigati-Polak Arquitectos (\u00a9 Ramiro Sosa)\" class=\"rl-gallery-link\" data-rl_caption=\"Edificio Organic \/ Brigati-Polak Arquitectos (\u00a9 Ramiro Sosa)\" data-rel=\"lightbox-gallery-1\"><img loading=\"lazy\" decoding=\"async\" width=\"150\" height=\"150\" src=\"https:\/\/www.arquimaster.com.ar\/web\/wp-content\/uploads\/2023\/01\/edificio_organic_047-150x150.jpg\" class=\"attachment-thumbnail size-thumbnail\" alt=\"Edificio Organic \/ Brigati-Polak Arquitectos\" aria-describedby=\"gallery-1-74264\" \/><\/a>\n\t\t\t<\/div>\n\t\t\t\t<figcaption class='wp-caption-text gallery-caption' id='gallery-1-74264'>\n\t\t\t\tEdificio Organic \/ Brigati-Polak Arquitectos (\u00a9 Ramiro Sosa)\n\t\t\t\t<\/figcaption><\/figure><figure class='gallery-item'>\n\t\t\t<div class='gallery-icon landscape'>\n\t\t\t\t<a href='https:\/\/www.arquimaster.com.ar\/web\/wp-content\/uploads\/2023\/01\/edificio_organic_048.jpg' title=\"Edificio Organic \/ Brigati-Polak Arquitectos (\u00a9 Ramiro Sosa)\" data-rl_title=\"Edificio Organic \/ Brigati-Polak Arquitectos (\u00a9 Ramiro Sosa)\" class=\"rl-gallery-link\" data-rl_caption=\"Edificio Organic \/ Brigati-Polak Arquitectos (\u00a9 Ramiro Sosa)\" data-rel=\"lightbox-gallery-1\"><img loading=\"lazy\" decoding=\"async\" width=\"150\" height=\"150\" src=\"https:\/\/www.arquimaster.com.ar\/web\/wp-content\/uploads\/2023\/01\/edificio_organic_048-150x150.jpg\" class=\"attachment-thumbnail size-thumbnail\" alt=\"Edificio Organic \/ Brigati-Polak Arquitectos\" aria-describedby=\"gallery-1-74265\" \/><\/a>\n\t\t\t<\/div>\n\t\t\t\t<figcaption class='wp-caption-text gallery-caption' id='gallery-1-74265'>\n\t\t\t\tEdificio Organic \/ Brigati-Polak Arquitectos (\u00a9 Ramiro Sosa)\n\t\t\t\t<\/figcaption><\/figure>\n\t\t<\/div>\n\n<p>Sobre estas cuatro premisas actuamos en ORGANIC. La resultante es un edificio que a nadie le resulta indiferente, ejerce as\u00ed la atracci\u00f3n necesaria para que se cumpla la primera premisa, esta pulsi\u00f3n, que es preponderante en tantos aspectos de la forma de vida actual, no es ajena a nuestra forma de proyectar.<\/p>\n<p>Sin miedos heredados, asumiendo que un edificio puede temporalmente quedar atado a un periodo, y aun as\u00ed salir ileso, es que donde antes sac\u00e1bamos esta vez pusimos. Sin complejos. Sin ataduras.<\/p>\n<div id='gallery-2' class='gallery galleryid-74216 gallery-columns-3 gallery-size-thumbnail'><figure class='gallery-item'>\n\t\t\t<div class='gallery-icon landscape'>\n\t\t\t\t<a href='https:\/\/www.arquimaster.com.ar\/web\/wp-content\/uploads\/2023\/01\/edificio_organic_049.jpg' title=\"Edificio Organic \/ Brigati-Polak Arquitectos (\u00a9 Ramiro Sosa)\" data-rl_title=\"Edificio Organic \/ Brigati-Polak Arquitectos (\u00a9 Ramiro Sosa)\" class=\"rl-gallery-link\" data-rl_caption=\"Edificio Organic \/ Brigati-Polak Arquitectos (\u00a9 Ramiro Sosa)\" data-rel=\"lightbox-gallery-2\"><img loading=\"lazy\" decoding=\"async\" width=\"150\" height=\"150\" src=\"https:\/\/www.arquimaster.com.ar\/web\/wp-content\/uploads\/2023\/01\/edificio_organic_049-150x150.jpg\" class=\"attachment-thumbnail size-thumbnail\" alt=\"Edificio Organic \/ Brigati-Polak Arquitectos\" aria-describedby=\"gallery-2-74266\" \/><\/a>\n\t\t\t<\/div>\n\t\t\t\t<figcaption class='wp-caption-text gallery-caption' id='gallery-2-74266'>\n\t\t\t\tEdificio Organic \/ Brigati-Polak Arquitectos (\u00a9 Ramiro Sosa)\n\t\t\t\t<\/figcaption><\/figure><figure class='gallery-item'>\n\t\t\t<div class='gallery-icon landscape'>\n\t\t\t\t<a href='https:\/\/www.arquimaster.com.ar\/web\/wp-content\/uploads\/2023\/01\/edificio_organic_050.jpg' title=\"Edificio Organic \/ Brigati-Polak Arquitectos (\u00a9 Ramiro Sosa)\" data-rl_title=\"Edificio Organic \/ Brigati-Polak Arquitectos (\u00a9 Ramiro Sosa)\" class=\"rl-gallery-link\" data-rl_caption=\"Edificio Organic \/ Brigati-Polak Arquitectos (\u00a9 Ramiro Sosa)\" data-rel=\"lightbox-gallery-2\"><img loading=\"lazy\" decoding=\"async\" width=\"150\" height=\"150\" src=\"https:\/\/www.arquimaster.com.ar\/web\/wp-content\/uploads\/2023\/01\/edificio_organic_050-150x150.jpg\" class=\"attachment-thumbnail size-thumbnail\" alt=\"Edificio Organic \/ Brigati-Polak Arquitectos\" aria-describedby=\"gallery-2-74267\" \/><\/a>\n\t\t\t<\/div>\n\t\t\t\t<figcaption class='wp-caption-text gallery-caption' id='gallery-2-74267'>\n\t\t\t\tEdificio Organic \/ Brigati-Polak Arquitectos (\u00a9 Ramiro Sosa)\n\t\t\t\t<\/figcaption><\/figure><figure class='gallery-item'>\n\t\t\t<div class='gallery-icon landscape'>\n\t\t\t\t<a href='https:\/\/www.arquimaster.com.ar\/web\/wp-content\/uploads\/2023\/01\/edificio_organic_051.jpg' title=\"Edificio Organic \/ Brigati-Polak Arquitectos (\u00a9 Ramiro Sosa)\" data-rl_title=\"Edificio Organic \/ Brigati-Polak Arquitectos (\u00a9 Ramiro Sosa)\" class=\"rl-gallery-link\" data-rl_caption=\"Edificio Organic \/ Brigati-Polak Arquitectos (\u00a9 Ramiro Sosa)\" data-rel=\"lightbox-gallery-2\"><img loading=\"lazy\" decoding=\"async\" width=\"150\" height=\"150\" src=\"https:\/\/www.arquimaster.com.ar\/web\/wp-content\/uploads\/2023\/01\/edificio_organic_051-150x150.jpg\" class=\"attachment-thumbnail size-thumbnail\" alt=\"Edificio Organic \/ Brigati-Polak Arquitectos\" aria-describedby=\"gallery-2-74268\" \/><\/a>\n\t\t\t<\/div>\n\t\t\t\t<figcaption class='wp-caption-text gallery-caption' id='gallery-2-74268'>\n\t\t\t\tEdificio Organic \/ Brigati-Polak Arquitectos (\u00a9 Ramiro Sosa)\n\t\t\t\t<\/figcaption><\/figure><figure class='gallery-item'>\n\t\t\t<div class='gallery-icon landscape'>\n\t\t\t\t<a href='https:\/\/www.arquimaster.com.ar\/web\/wp-content\/uploads\/2023\/01\/edificio_organic_052.jpg' title=\"Edificio Organic \/ Brigati-Polak Arquitectos (\u00a9 Ramiro Sosa)\" data-rl_title=\"Edificio Organic \/ Brigati-Polak Arquitectos (\u00a9 Ramiro Sosa)\" class=\"rl-gallery-link\" data-rl_caption=\"Edificio Organic \/ Brigati-Polak Arquitectos (\u00a9 Ramiro Sosa)\" data-rel=\"lightbox-gallery-2\"><img loading=\"lazy\" decoding=\"async\" width=\"150\" height=\"150\" src=\"https:\/\/www.arquimaster.com.ar\/web\/wp-content\/uploads\/2023\/01\/edificio_organic_052-150x150.jpg\" class=\"attachment-thumbnail size-thumbnail\" alt=\"Edificio Organic \/ Brigati-Polak Arquitectos\" aria-describedby=\"gallery-2-74269\" \/><\/a>\n\t\t\t<\/div>\n\t\t\t\t<figcaption class='wp-caption-text gallery-caption' id='gallery-2-74269'>\n\t\t\t\tEdificio Organic \/ Brigati-Polak Arquitectos (\u00a9 Ramiro Sosa)\n\t\t\t\t<\/figcaption><\/figure><figure class='gallery-item'>\n\t\t\t<div class='gallery-icon landscape'>\n\t\t\t\t<a href='https:\/\/www.arquimaster.com.ar\/web\/wp-content\/uploads\/2023\/01\/edificio_organic_053.jpg' title=\"Edificio Organic \/ Brigati-Polak Arquitectos (\u00a9 Ramiro Sosa)\" data-rl_title=\"Edificio Organic \/ Brigati-Polak Arquitectos (\u00a9 Ramiro Sosa)\" class=\"rl-gallery-link\" data-rl_caption=\"Edificio Organic \/ Brigati-Polak Arquitectos (\u00a9 Ramiro Sosa)\" data-rel=\"lightbox-gallery-2\"><img loading=\"lazy\" decoding=\"async\" width=\"150\" height=\"150\" src=\"https:\/\/www.arquimaster.com.ar\/web\/wp-content\/uploads\/2023\/01\/edificio_organic_053-150x150.jpg\" class=\"attachment-thumbnail size-thumbnail\" alt=\"Edificio Organic \/ Brigati-Polak Arquitectos\" aria-describedby=\"gallery-2-74270\" \/><\/a>\n\t\t\t<\/div>\n\t\t\t\t<figcaption class='wp-caption-text gallery-caption' id='gallery-2-74270'>\n\t\t\t\tEdificio Organic \/ Brigati-Polak Arquitectos (\u00a9 Ramiro Sosa)\n\t\t\t\t<\/figcaption><\/figure><figure class='gallery-item'>\n\t\t\t<div class='gallery-icon landscape'>\n\t\t\t\t<a href='https:\/\/www.arquimaster.com.ar\/web\/wp-content\/uploads\/2023\/01\/edificio_organic_054.jpg' title=\"Edificio Organic \/ Brigati-Polak Arquitectos (\u00a9 Ramiro Sosa)\" data-rl_title=\"Edificio Organic \/ Brigati-Polak Arquitectos (\u00a9 Ramiro Sosa)\" class=\"rl-gallery-link\" data-rl_caption=\"Edificio Organic \/ Brigati-Polak Arquitectos (\u00a9 Ramiro Sosa)\" data-rel=\"lightbox-gallery-2\"><img loading=\"lazy\" decoding=\"async\" width=\"150\" height=\"150\" src=\"https:\/\/www.arquimaster.com.ar\/web\/wp-content\/uploads\/2023\/01\/edificio_organic_054-150x150.jpg\" class=\"attachment-thumbnail size-thumbnail\" alt=\"Edificio Organic \/ Brigati-Polak Arquitectos\" aria-describedby=\"gallery-2-74271\" \/><\/a>\n\t\t\t<\/div>\n\t\t\t\t<figcaption class='wp-caption-text gallery-caption' id='gallery-2-74271'>\n\t\t\t\tEdificio Organic \/ Brigati-Polak Arquitectos (\u00a9 Ramiro Sosa)\n\t\t\t\t<\/figcaption><\/figure><figure class='gallery-item'>\n\t\t\t<div class='gallery-icon landscape'>\n\t\t\t\t<a href='https:\/\/www.arquimaster.com.ar\/web\/wp-content\/uploads\/2023\/01\/edificio_organic_055.jpg' title=\"Edificio Organic \/ Brigati-Polak Arquitectos (\u00a9 Ramiro Sosa)\" data-rl_title=\"Edificio Organic \/ Brigati-Polak Arquitectos (\u00a9 Ramiro Sosa)\" class=\"rl-gallery-link\" data-rl_caption=\"Edificio Organic \/ Brigati-Polak Arquitectos (\u00a9 Ramiro Sosa)\" data-rel=\"lightbox-gallery-2\"><img loading=\"lazy\" decoding=\"async\" width=\"150\" height=\"150\" src=\"https:\/\/www.arquimaster.com.ar\/web\/wp-content\/uploads\/2023\/01\/edificio_organic_055-150x150.jpg\" class=\"attachment-thumbnail size-thumbnail\" alt=\"Edificio Organic \/ Brigati-Polak Arquitectos\" aria-describedby=\"gallery-2-74272\" \/><\/a>\n\t\t\t<\/div>\n\t\t\t\t<figcaption class='wp-caption-text gallery-caption' id='gallery-2-74272'>\n\t\t\t\tEdificio Organic \/ Brigati-Polak Arquitectos (\u00a9 Ramiro Sosa)\n\t\t\t\t<\/figcaption><\/figure><figure class='gallery-item'>\n\t\t\t<div class='gallery-icon landscape'>\n\t\t\t\t<a href='https:\/\/www.arquimaster.com.ar\/web\/wp-content\/uploads\/2023\/01\/edificio_organic_056.jpg' title=\"Edificio Organic \/ Brigati-Polak Arquitectos (\u00a9 Ramiro Sosa)\" data-rl_title=\"Edificio Organic \/ Brigati-Polak Arquitectos (\u00a9 Ramiro Sosa)\" class=\"rl-gallery-link\" data-rl_caption=\"Edificio Organic \/ Brigati-Polak Arquitectos (\u00a9 Ramiro Sosa)\" data-rel=\"lightbox-gallery-2\"><img loading=\"lazy\" decoding=\"async\" width=\"150\" height=\"150\" src=\"https:\/\/www.arquimaster.com.ar\/web\/wp-content\/uploads\/2023\/01\/edificio_organic_056-150x150.jpg\" class=\"attachment-thumbnail size-thumbnail\" alt=\"Edificio Organic \/ Brigati-Polak Arquitectos\" aria-describedby=\"gallery-2-74273\" \/><\/a>\n\t\t\t<\/div>\n\t\t\t\t<figcaption class='wp-caption-text gallery-caption' id='gallery-2-74273'>\n\t\t\t\tEdificio Organic \/ Brigati-Polak Arquitectos (\u00a9 Ramiro Sosa)\n\t\t\t\t<\/figcaption><\/figure><figure class='gallery-item'>\n\t\t\t<div class='gallery-icon landscape'>\n\t\t\t\t<a href='https:\/\/www.arquimaster.com.ar\/web\/wp-content\/uploads\/2023\/01\/edificio_organic_057.jpg' title=\"Edificio Organic \/ Brigati-Polak Arquitectos (\u00a9 Ramiro Sosa)\" data-rl_title=\"Edificio Organic \/ Brigati-Polak Arquitectos (\u00a9 Ramiro Sosa)\" class=\"rl-gallery-link\" data-rl_caption=\"Edificio Organic \/ Brigati-Polak Arquitectos (\u00a9 Ramiro Sosa)\" data-rel=\"lightbox-gallery-2\"><img loading=\"lazy\" decoding=\"async\" width=\"150\" height=\"150\" src=\"https:\/\/www.arquimaster.com.ar\/web\/wp-content\/uploads\/2023\/01\/edificio_organic_057-150x150.jpg\" class=\"attachment-thumbnail size-thumbnail\" alt=\"Edificio Organic \/ Brigati-Polak Arquitectos\" aria-describedby=\"gallery-2-74274\" \/><\/a>\n\t\t\t<\/div>\n\t\t\t\t<figcaption class='wp-caption-text gallery-caption' id='gallery-2-74274'>\n\t\t\t\tEdificio Organic \/ Brigati-Polak Arquitectos (\u00a9 Ramiro Sosa)\n\t\t\t\t<\/figcaption><\/figure><figure class='gallery-item'>\n\t\t\t<div class='gallery-icon landscape'>\n\t\t\t\t<a href='https:\/\/www.arquimaster.com.ar\/web\/wp-content\/uploads\/2023\/01\/edificio_organic_058.jpg' title=\"Edificio Organic \/ Brigati-Polak Arquitectos (\u00a9 Ramiro Sosa)\" data-rl_title=\"Edificio Organic \/ Brigati-Polak Arquitectos (\u00a9 Ramiro Sosa)\" class=\"rl-gallery-link\" data-rl_caption=\"Edificio Organic \/ Brigati-Polak Arquitectos (\u00a9 Ramiro Sosa)\" data-rel=\"lightbox-gallery-2\"><img loading=\"lazy\" decoding=\"async\" width=\"150\" height=\"150\" src=\"https:\/\/www.arquimaster.com.ar\/web\/wp-content\/uploads\/2023\/01\/edificio_organic_058-150x150.jpg\" class=\"attachment-thumbnail size-thumbnail\" alt=\"Edificio Organic \/ Brigati-Polak Arquitectos\" aria-describedby=\"gallery-2-74275\" srcset=\"https:\/\/www.arquimaster.com.ar\/web\/wp-content\/uploads\/2023\/01\/edificio_organic_058-150x150.jpg 150w, https:\/\/www.arquimaster.com.ar\/web\/wp-content\/uploads\/2023\/01\/edificio_organic_058-768x768.jpg 768w, https:\/\/www.arquimaster.com.ar\/web\/wp-content\/uploads\/2023\/01\/edificio_organic_058.jpg 1500w\" sizes=\"auto, (max-width: 150px) 100vw, 150px\" \/><\/a>\n\t\t\t<\/div>\n\t\t\t\t<figcaption class='wp-caption-text gallery-caption' id='gallery-2-74275'>\n\t\t\t\tEdificio Organic \/ Brigati-Polak Arquitectos (\u00a9 Ramiro Sosa)\n\t\t\t\t<\/figcaption><\/figure><figure class='gallery-item'>\n\t\t\t<div class='gallery-icon landscape'>\n\t\t\t\t<a href='https:\/\/www.arquimaster.com.ar\/web\/wp-content\/uploads\/2023\/01\/edificio_organic_059.jpg' title=\"Edificio Organic \/ Brigati-Polak Arquitectos (\u00a9 Ramiro Sosa)\" data-rl_title=\"Edificio Organic \/ Brigati-Polak Arquitectos (\u00a9 Ramiro Sosa)\" class=\"rl-gallery-link\" data-rl_caption=\"Edificio Organic \/ Brigati-Polak Arquitectos (\u00a9 Ramiro Sosa)\" data-rel=\"lightbox-gallery-2\"><img loading=\"lazy\" decoding=\"async\" width=\"150\" height=\"150\" src=\"https:\/\/www.arquimaster.com.ar\/web\/wp-content\/uploads\/2023\/01\/edificio_organic_059-150x150.jpg\" class=\"attachment-thumbnail size-thumbnail\" alt=\"Edificio Organic \/ Brigati-Polak Arquitectos\" aria-describedby=\"gallery-2-74276\" \/><\/a>\n\t\t\t<\/div>\n\t\t\t\t<figcaption class='wp-caption-text gallery-caption' id='gallery-2-74276'>\n\t\t\t\tEdificio Organic \/ Brigati-Polak Arquitectos (\u00a9 Ramiro Sosa)\n\t\t\t\t<\/figcaption><\/figure><figure class='gallery-item'>\n\t\t\t<div class='gallery-icon landscape'>\n\t\t\t\t<a href='https:\/\/www.arquimaster.com.ar\/web\/wp-content\/uploads\/2023\/01\/edificio_organic_060.jpg' title=\"Edificio Organic \/ Brigati-Polak Arquitectos (\u00a9 Ramiro Sosa)\" data-rl_title=\"Edificio Organic \/ Brigati-Polak Arquitectos (\u00a9 Ramiro Sosa)\" class=\"rl-gallery-link\" data-rl_caption=\"Edificio Organic \/ Brigati-Polak Arquitectos (\u00a9 Ramiro Sosa)\" data-rel=\"lightbox-gallery-2\"><img loading=\"lazy\" decoding=\"async\" width=\"150\" height=\"150\" src=\"https:\/\/www.arquimaster.com.ar\/web\/wp-content\/uploads\/2023\/01\/edificio_organic_060-150x150.jpg\" class=\"attachment-thumbnail size-thumbnail\" alt=\"Edificio Organic \/ Brigati-Polak Arquitectos\" aria-describedby=\"gallery-2-74277\" \/><\/a>\n\t\t\t<\/div>\n\t\t\t\t<figcaption class='wp-caption-text gallery-caption' id='gallery-2-74277'>\n\t\t\t\tEdificio Organic \/ Brigati-Polak Arquitectos (\u00a9 Ramiro Sosa)\n\t\t\t\t<\/figcaption><\/figure><figure class='gallery-item'>\n\t\t\t<div class='gallery-icon landscape'>\n\t\t\t\t<a href='https:\/\/www.arquimaster.com.ar\/web\/wp-content\/uploads\/2023\/01\/edificio_organic_061.jpg' title=\"Edificio Organic \/ Brigati-Polak Arquitectos (\u00a9 Ramiro Sosa)\" data-rl_title=\"Edificio Organic \/ Brigati-Polak Arquitectos (\u00a9 Ramiro Sosa)\" class=\"rl-gallery-link\" data-rl_caption=\"Edificio Organic \/ Brigati-Polak Arquitectos (\u00a9 Ramiro Sosa)\" data-rel=\"lightbox-gallery-2\"><img loading=\"lazy\" decoding=\"async\" width=\"150\" height=\"150\" src=\"https:\/\/www.arquimaster.com.ar\/web\/wp-content\/uploads\/2023\/01\/edificio_organic_061-150x150.jpg\" class=\"attachment-thumbnail size-thumbnail\" alt=\"Edificio Organic \/ Brigati-Polak Arquitectos\" aria-describedby=\"gallery-2-74278\" \/><\/a>\n\t\t\t<\/div>\n\t\t\t\t<figcaption class='wp-caption-text gallery-caption' id='gallery-2-74278'>\n\t\t\t\tEdificio Organic \/ Brigati-Polak Arquitectos (\u00a9 Ramiro Sosa)\n\t\t\t\t<\/figcaption><\/figure><figure class='gallery-item'>\n\t\t\t<div class='gallery-icon portrait'>\n\t\t\t\t<a href='https:\/\/www.arquimaster.com.ar\/web\/wp-content\/uploads\/2023\/01\/edificio_organic_062.jpg' title=\"Edificio Organic \/ Brigati-Polak Arquitectos (\u00a9 Ramiro Sosa)\" data-rl_title=\"Edificio Organic \/ Brigati-Polak Arquitectos (\u00a9 Ramiro Sosa)\" class=\"rl-gallery-link\" data-rl_caption=\"Edificio Organic \/ Brigati-Polak Arquitectos (\u00a9 Ramiro Sosa)\" data-rel=\"lightbox-gallery-2\"><img loading=\"lazy\" decoding=\"async\" width=\"150\" height=\"150\" src=\"https:\/\/www.arquimaster.com.ar\/web\/wp-content\/uploads\/2023\/01\/edificio_organic_062-150x150.jpg\" class=\"attachment-thumbnail size-thumbnail\" alt=\"Edificio Organic \/ Brigati-Polak Arquitectos\" aria-describedby=\"gallery-2-74279\" \/><\/a>\n\t\t\t<\/div>\n\t\t\t\t<figcaption class='wp-caption-text gallery-caption' id='gallery-2-74279'>\n\t\t\t\tEdificio Organic \/ Brigati-Polak Arquitectos (\u00a9 Ramiro Sosa)\n\t\t\t\t<\/figcaption><\/figure><figure class='gallery-item'>\n\t\t\t<div class='gallery-icon portrait'>\n\t\t\t\t<a href='https:\/\/www.arquimaster.com.ar\/web\/wp-content\/uploads\/2023\/01\/edificio_organic_063.jpg' title=\"Edificio Organic \/ Brigati-Polak Arquitectos (\u00a9 Ramiro Sosa)\" data-rl_title=\"Edificio Organic \/ Brigati-Polak Arquitectos (\u00a9 Ramiro Sosa)\" class=\"rl-gallery-link\" data-rl_caption=\"Edificio Organic \/ Brigati-Polak Arquitectos (\u00a9 Ramiro Sosa)\" data-rel=\"lightbox-gallery-2\"><img loading=\"lazy\" decoding=\"async\" width=\"150\" height=\"150\" src=\"https:\/\/www.arquimaster.com.ar\/web\/wp-content\/uploads\/2023\/01\/edificio_organic_063-150x150.jpg\" class=\"attachment-thumbnail size-thumbnail\" alt=\"Edificio Organic \/ Brigati-Polak Arquitectos\" aria-describedby=\"gallery-2-74280\" \/><\/a>\n\t\t\t<\/div>\n\t\t\t\t<figcaption class='wp-caption-text gallery-caption' id='gallery-2-74280'>\n\t\t\t\tEdificio Organic \/ Brigati-Polak Arquitectos (\u00a9 Ramiro Sosa)\n\t\t\t\t<\/figcaption><\/figure><figure class='gallery-item'>\n\t\t\t<div class='gallery-icon landscape'>\n\t\t\t\t<a href='https:\/\/www.arquimaster.com.ar\/web\/wp-content\/uploads\/2023\/01\/edificio_organic_064.jpg' title=\"Edificio Organic \/ Brigati-Polak Arquitectos (\u00a9 Ramiro Sosa)\" data-rl_title=\"Edificio Organic \/ Brigati-Polak Arquitectos (\u00a9 Ramiro Sosa)\" class=\"rl-gallery-link\" data-rl_caption=\"Edificio Organic \/ Brigati-Polak Arquitectos (\u00a9 Ramiro Sosa)\" data-rel=\"lightbox-gallery-2\"><img loading=\"lazy\" decoding=\"async\" width=\"150\" height=\"150\" src=\"https:\/\/www.arquimaster.com.ar\/web\/wp-content\/uploads\/2023\/01\/edificio_organic_064-150x150.jpg\" class=\"attachment-thumbnail size-thumbnail\" alt=\"Edificio Organic \/ Brigati-Polak Arquitectos\" aria-describedby=\"gallery-2-74281\" \/><\/a>\n\t\t\t<\/div>\n\t\t\t\t<figcaption class='wp-caption-text gallery-caption' id='gallery-2-74281'>\n\t\t\t\tEdificio Organic \/ Brigati-Polak Arquitectos (\u00a9 Ramiro Sosa)\n\t\t\t\t<\/figcaption><\/figure><figure class='gallery-item'>\n\t\t\t<div class='gallery-icon landscape'>\n\t\t\t\t<a href='https:\/\/www.arquimaster.com.ar\/web\/wp-content\/uploads\/2023\/01\/edificio_organic_065.jpg' title=\"Edificio Organic \/ Brigati-Polak Arquitectos (\u00a9 Ramiro Sosa)\" data-rl_title=\"Edificio Organic \/ Brigati-Polak Arquitectos (\u00a9 Ramiro Sosa)\" class=\"rl-gallery-link\" data-rl_caption=\"Edificio Organic \/ Brigati-Polak Arquitectos (\u00a9 Ramiro Sosa)\" data-rel=\"lightbox-gallery-2\"><img loading=\"lazy\" decoding=\"async\" width=\"150\" height=\"150\" src=\"https:\/\/www.arquimaster.com.ar\/web\/wp-content\/uploads\/2023\/01\/edificio_organic_065-150x150.jpg\" class=\"attachment-thumbnail size-thumbnail\" alt=\"Edificio Organic \/ Brigati-Polak Arquitectos\" aria-describedby=\"gallery-2-74282\" \/><\/a>\n\t\t\t<\/div>\n\t\t\t\t<figcaption class='wp-caption-text gallery-caption' id='gallery-2-74282'>\n\t\t\t\tEdificio Organic \/ Brigati-Polak Arquitectos (\u00a9 Ramiro Sosa)\n\t\t\t\t<\/figcaption><\/figure><figure class='gallery-item'>\n\t\t\t<div class='gallery-icon portrait'>\n\t\t\t\t<a href='https:\/\/www.arquimaster.com.ar\/web\/wp-content\/uploads\/2023\/01\/edificio_organic_066.jpg' title=\"Edificio Organic \/ Brigati-Polak Arquitectos (\u00a9 Ramiro Sosa)\" data-rl_title=\"Edificio Organic \/ Brigati-Polak Arquitectos (\u00a9 Ramiro Sosa)\" class=\"rl-gallery-link\" data-rl_caption=\"Edificio Organic \/ Brigati-Polak Arquitectos (\u00a9 Ramiro Sosa)\" data-rel=\"lightbox-gallery-2\"><img loading=\"lazy\" decoding=\"async\" width=\"150\" height=\"150\" src=\"https:\/\/www.arquimaster.com.ar\/web\/wp-content\/uploads\/2023\/01\/edificio_organic_066-150x150.jpg\" class=\"attachment-thumbnail size-thumbnail\" alt=\"Edificio Organic \/ Brigati-Polak Arquitectos\" aria-describedby=\"gallery-2-74283\" \/><\/a>\n\t\t\t<\/div>\n\t\t\t\t<figcaption class='wp-caption-text gallery-caption' id='gallery-2-74283'>\n\t\t\t\tEdificio Organic \/ Brigati-Polak Arquitectos (\u00a9 Ramiro Sosa)\n\t\t\t\t<\/figcaption><\/figure><figure class='gallery-item'>\n\t\t\t<div class='gallery-icon portrait'>\n\t\t\t\t<a href='https:\/\/www.arquimaster.com.ar\/web\/wp-content\/uploads\/2023\/01\/edificio_organic_067.jpg' title=\"Edificio Organic \/ Brigati-Polak Arquitectos (\u00a9 Ramiro Sosa)\" data-rl_title=\"Edificio Organic \/ Brigati-Polak Arquitectos (\u00a9 Ramiro Sosa)\" class=\"rl-gallery-link\" data-rl_caption=\"Edificio Organic \/ Brigati-Polak Arquitectos (\u00a9 Ramiro Sosa)\" data-rel=\"lightbox-gallery-2\"><img loading=\"lazy\" decoding=\"async\" width=\"150\" height=\"150\" src=\"https:\/\/www.arquimaster.com.ar\/web\/wp-content\/uploads\/2023\/01\/edificio_organic_067-150x150.jpg\" class=\"attachment-thumbnail size-thumbnail\" alt=\"Edificio Organic \/ Brigati-Polak Arquitectos\" aria-describedby=\"gallery-2-74284\" \/><\/a>\n\t\t\t<\/div>\n\t\t\t\t<figcaption class='wp-caption-text gallery-caption' id='gallery-2-74284'>\n\t\t\t\tEdificio Organic \/ Brigati-Polak Arquitectos (\u00a9 Ramiro Sosa)\n\t\t\t\t<\/figcaption><\/figure><figure class='gallery-item'>\n\t\t\t<div class='gallery-icon portrait'>\n\t\t\t\t<a href='https:\/\/www.arquimaster.com.ar\/web\/wp-content\/uploads\/2023\/01\/edificio_organic_068.jpg' title=\"Edificio Organic \/ Brigati-Polak Arquitectos (\u00a9 Ramiro Sosa)\" data-rl_title=\"Edificio Organic \/ Brigati-Polak Arquitectos (\u00a9 Ramiro Sosa)\" class=\"rl-gallery-link\" data-rl_caption=\"Edificio Organic \/ Brigati-Polak Arquitectos (\u00a9 Ramiro Sosa)\" data-rel=\"lightbox-gallery-2\"><img loading=\"lazy\" decoding=\"async\" width=\"150\" height=\"150\" src=\"https:\/\/www.arquimaster.com.ar\/web\/wp-content\/uploads\/2023\/01\/edificio_organic_068-150x150.jpg\" class=\"attachment-thumbnail size-thumbnail\" alt=\"Edificio Organic \/ Brigati-Polak Arquitectos\" aria-describedby=\"gallery-2-74285\" \/><\/a>\n\t\t\t<\/div>\n\t\t\t\t<figcaption class='wp-caption-text gallery-caption' id='gallery-2-74285'>\n\t\t\t\tEdificio Organic \/ Brigati-Polak Arquitectos (\u00a9 Ramiro Sosa)\n\t\t\t\t<\/figcaption><\/figure><figure class='gallery-item'>\n\t\t\t<div class='gallery-icon portrait'>\n\t\t\t\t<a href='https:\/\/www.arquimaster.com.ar\/web\/wp-content\/uploads\/2023\/01\/edificio_organic_069.jpg' title=\"Edificio Organic \/ Brigati-Polak Arquitectos (\u00a9 Ramiro Sosa)\" data-rl_title=\"Edificio Organic \/ Brigati-Polak Arquitectos (\u00a9 Ramiro Sosa)\" class=\"rl-gallery-link\" data-rl_caption=\"Edificio Organic \/ Brigati-Polak Arquitectos (\u00a9 Ramiro Sosa)\" data-rel=\"lightbox-gallery-2\"><img loading=\"lazy\" decoding=\"async\" width=\"150\" height=\"150\" src=\"https:\/\/www.arquimaster.com.ar\/web\/wp-content\/uploads\/2023\/01\/edificio_organic_069-150x150.jpg\" class=\"attachment-thumbnail size-thumbnail\" alt=\"Edificio Organic \/ Brigati-Polak Arquitectos\" aria-describedby=\"gallery-2-74286\" \/><\/a>\n\t\t\t<\/div>\n\t\t\t\t<figcaption class='wp-caption-text gallery-caption' id='gallery-2-74286'>\n\t\t\t\tEdificio Organic \/ Brigati-Polak Arquitectos (\u00a9 Ramiro Sosa)\n\t\t\t\t<\/figcaption><\/figure><figure class='gallery-item'>\n\t\t\t<div class='gallery-icon portrait'>\n\t\t\t\t<a href='https:\/\/www.arquimaster.com.ar\/web\/wp-content\/uploads\/2023\/01\/edificio_organic_070.jpg' title=\"Edificio Organic \/ Brigati-Polak Arquitectos (\u00a9 Ramiro Sosa)\" data-rl_title=\"Edificio Organic \/ Brigati-Polak Arquitectos (\u00a9 Ramiro Sosa)\" class=\"rl-gallery-link\" data-rl_caption=\"Edificio Organic \/ Brigati-Polak Arquitectos (\u00a9 Ramiro Sosa)\" data-rel=\"lightbox-gallery-2\"><img loading=\"lazy\" decoding=\"async\" width=\"150\" height=\"150\" src=\"https:\/\/www.arquimaster.com.ar\/web\/wp-content\/uploads\/2023\/01\/edificio_organic_070-150x150.jpg\" class=\"attachment-thumbnail size-thumbnail\" alt=\"Edificio Organic \/ Brigati-Polak Arquitectos\" aria-describedby=\"gallery-2-74287\" \/><\/a>\n\t\t\t<\/div>\n\t\t\t\t<figcaption class='wp-caption-text gallery-caption' id='gallery-2-74287'>\n\t\t\t\tEdificio Organic \/ Brigati-Polak Arquitectos (\u00a9 Ramiro Sosa)\n\t\t\t\t<\/figcaption><\/figure><figure class='gallery-item'>\n\t\t\t<div class='gallery-icon portrait'>\n\t\t\t\t<a href='https:\/\/www.arquimaster.com.ar\/web\/wp-content\/uploads\/2023\/01\/edificio_organic_071.jpg' title=\"Edificio Organic \/ Brigati-Polak Arquitectos (\u00a9 Ramiro Sosa)\" data-rl_title=\"Edificio Organic \/ Brigati-Polak Arquitectos (\u00a9 Ramiro Sosa)\" class=\"rl-gallery-link\" data-rl_caption=\"Edificio Organic \/ Brigati-Polak Arquitectos (\u00a9 Ramiro Sosa)\" data-rel=\"lightbox-gallery-2\"><img loading=\"lazy\" decoding=\"async\" width=\"150\" height=\"150\" src=\"https:\/\/www.arquimaster.com.ar\/web\/wp-content\/uploads\/2023\/01\/edificio_organic_071-150x150.jpg\" class=\"attachment-thumbnail size-thumbnail\" alt=\"Edificio Organic \/ Brigati-Polak Arquitectos\" aria-describedby=\"gallery-2-74288\" \/><\/a>\n\t\t\t<\/div>\n\t\t\t\t<figcaption class='wp-caption-text gallery-caption' id='gallery-2-74288'>\n\t\t\t\tEdificio Organic \/ Brigati-Polak Arquitectos (\u00a9 Ramiro Sosa)\n\t\t\t\t<\/figcaption><\/figure><figure class='gallery-item'>\n\t\t\t<div class='gallery-icon portrait'>\n\t\t\t\t<a href='https:\/\/www.arquimaster.com.ar\/web\/wp-content\/uploads\/2023\/01\/edificio_organic_072.jpg' title=\"Edificio Organic \/ Brigati-Polak Arquitectos (\u00a9 Ramiro Sosa)\" data-rl_title=\"Edificio Organic \/ Brigati-Polak Arquitectos (\u00a9 Ramiro Sosa)\" class=\"rl-gallery-link\" data-rl_caption=\"Edificio Organic \/ Brigati-Polak Arquitectos (\u00a9 Ramiro Sosa)\" data-rel=\"lightbox-gallery-2\"><img loading=\"lazy\" decoding=\"async\" width=\"150\" height=\"150\" src=\"https:\/\/www.arquimaster.com.ar\/web\/wp-content\/uploads\/2023\/01\/edificio_organic_072-150x150.jpg\" class=\"attachment-thumbnail size-thumbnail\" alt=\"Edificio Organic \/ Brigati-Polak Arquitectos\" aria-describedby=\"gallery-2-74289\" \/><\/a>\n\t\t\t<\/div>\n\t\t\t\t<figcaption class='wp-caption-text gallery-caption' id='gallery-2-74289'>\n\t\t\t\tEdificio Organic \/ Brigati-Polak Arquitectos (\u00a9 Ramiro Sosa)\n\t\t\t\t<\/figcaption><\/figure><figure class='gallery-item'>\n\t\t\t<div class='gallery-icon portrait'>\n\t\t\t\t<a href='https:\/\/www.arquimaster.com.ar\/web\/wp-content\/uploads\/2023\/01\/edificio_organic_073.jpg' title=\"Edificio Organic \/ Brigati-Polak Arquitectos (\u00a9 Ramiro Sosa)\" data-rl_title=\"Edificio Organic \/ Brigati-Polak Arquitectos (\u00a9 Ramiro Sosa)\" class=\"rl-gallery-link\" data-rl_caption=\"Edificio Organic \/ Brigati-Polak Arquitectos (\u00a9 Ramiro Sosa)\" data-rel=\"lightbox-gallery-2\"><img loading=\"lazy\" decoding=\"async\" width=\"150\" height=\"150\" src=\"https:\/\/www.arquimaster.com.ar\/web\/wp-content\/uploads\/2023\/01\/edificio_organic_073-150x150.jpg\" class=\"attachment-thumbnail size-thumbnail\" alt=\"Edificio Organic \/ Brigati-Polak Arquitectos\" aria-describedby=\"gallery-2-74290\" \/><\/a>\n\t\t\t<\/div>\n\t\t\t\t<figcaption class='wp-caption-text gallery-caption' id='gallery-2-74290'>\n\t\t\t\tEdificio Organic \/ Brigati-Polak Arquitectos (\u00a9 Ramiro Sosa)\n\t\t\t\t<\/figcaption><\/figure><figure class='gallery-item'>\n\t\t\t<div class='gallery-icon portrait'>\n\t\t\t\t<a href='https:\/\/www.arquimaster.com.ar\/web\/wp-content\/uploads\/2023\/01\/edificio_organic_074.jpg' title=\"Edificio Organic \/ Brigati-Polak Arquitectos (\u00a9 Ramiro Sosa)\" data-rl_title=\"Edificio Organic \/ Brigati-Polak Arquitectos (\u00a9 Ramiro Sosa)\" class=\"rl-gallery-link\" data-rl_caption=\"Edificio Organic \/ Brigati-Polak Arquitectos (\u00a9 Ramiro Sosa)\" data-rel=\"lightbox-gallery-2\"><img loading=\"lazy\" decoding=\"async\" width=\"150\" height=\"150\" src=\"https:\/\/www.arquimaster.com.ar\/web\/wp-content\/uploads\/2023\/01\/edificio_organic_074-150x150.jpg\" class=\"attachment-thumbnail size-thumbnail\" alt=\"Edificio Organic \/ Brigati-Polak Arquitectos\" aria-describedby=\"gallery-2-74291\" \/><\/a>\n\t\t\t<\/div>\n\t\t\t\t<figcaption class='wp-caption-text gallery-caption' id='gallery-2-74291'>\n\t\t\t\tEdificio Organic \/ Brigati-Polak Arquitectos (\u00a9 Ramiro Sosa)\n\t\t\t\t<\/figcaption><\/figure><figure class='gallery-item'>\n\t\t\t<div class='gallery-icon portrait'>\n\t\t\t\t<a href='https:\/\/www.arquimaster.com.ar\/web\/wp-content\/uploads\/2023\/01\/edificio_organic_075.jpg' title=\"Edificio Organic \/ Brigati-Polak Arquitectos (\u00a9 Ramiro Sosa)\" data-rl_title=\"Edificio Organic \/ Brigati-Polak Arquitectos (\u00a9 Ramiro Sosa)\" class=\"rl-gallery-link\" data-rl_caption=\"Edificio Organic \/ Brigati-Polak Arquitectos (\u00a9 Ramiro Sosa)\" data-rel=\"lightbox-gallery-2\"><img loading=\"lazy\" decoding=\"async\" width=\"150\" height=\"150\" src=\"https:\/\/www.arquimaster.com.ar\/web\/wp-content\/uploads\/2023\/01\/edificio_organic_075-150x150.jpg\" class=\"attachment-thumbnail size-thumbnail\" alt=\"Edificio Organic \/ Brigati-Polak Arquitectos\" aria-describedby=\"gallery-2-74292\" \/><\/a>\n\t\t\t<\/div>\n\t\t\t\t<figcaption class='wp-caption-text gallery-caption' id='gallery-2-74292'>\n\t\t\t\tEdificio Organic \/ Brigati-Polak Arquitectos (\u00a9 Ramiro Sosa)\n\t\t\t\t<\/figcaption><\/figure><figure class='gallery-item'>\n\t\t\t<div class='gallery-icon portrait'>\n\t\t\t\t<a href='https:\/\/www.arquimaster.com.ar\/web\/wp-content\/uploads\/2023\/01\/edificio_organic_076.jpg' title=\"Edificio Organic \/ Brigati-Polak Arquitectos (\u00a9 Ramiro Sosa)\" data-rl_title=\"Edificio Organic \/ Brigati-Polak Arquitectos (\u00a9 Ramiro Sosa)\" class=\"rl-gallery-link\" data-rl_caption=\"Edificio Organic \/ Brigati-Polak Arquitectos (\u00a9 Ramiro Sosa)\" data-rel=\"lightbox-gallery-2\"><img loading=\"lazy\" decoding=\"async\" width=\"150\" height=\"150\" src=\"https:\/\/www.arquimaster.com.ar\/web\/wp-content\/uploads\/2023\/01\/edificio_organic_076-150x150.jpg\" class=\"attachment-thumbnail size-thumbnail\" alt=\"Edificio Organic \/ Brigati-Polak Arquitectos\" aria-describedby=\"gallery-2-74293\" \/><\/a>\n\t\t\t<\/div>\n\t\t\t\t<figcaption class='wp-caption-text gallery-caption' id='gallery-2-74293'>\n\t\t\t\tEdificio Organic \/ Brigati-Polak Arquitectos (\u00a9 Ramiro Sosa)\n\t\t\t\t<\/figcaption><\/figure><figure class='gallery-item'>\n\t\t\t<div class='gallery-icon portrait'>\n\t\t\t\t<a href='https:\/\/www.arquimaster.com.ar\/web\/wp-content\/uploads\/2023\/01\/edificio_organic_077.jpg' title=\"Edificio Organic \/ Brigati-Polak Arquitectos (\u00a9 Ramiro Sosa)\" data-rl_title=\"Edificio Organic \/ Brigati-Polak Arquitectos (\u00a9 Ramiro Sosa)\" class=\"rl-gallery-link\" data-rl_caption=\"Edificio Organic \/ Brigati-Polak Arquitectos (\u00a9 Ramiro Sosa)\" data-rel=\"lightbox-gallery-2\"><img loading=\"lazy\" decoding=\"async\" width=\"150\" height=\"150\" src=\"https:\/\/www.arquimaster.com.ar\/web\/wp-content\/uploads\/2023\/01\/edificio_organic_077-150x150.jpg\" class=\"attachment-thumbnail size-thumbnail\" alt=\"Edificio Organic \/ Brigati-Polak Arquitectos\" aria-describedby=\"gallery-2-74294\" \/><\/a>\n\t\t\t<\/div>\n\t\t\t\t<figcaption class='wp-caption-text gallery-caption' id='gallery-2-74294'>\n\t\t\t\tEdificio Organic \/ Brigati-Polak Arquitectos (\u00a9 Ramiro Sosa)\n\t\t\t\t<\/figcaption><\/figure><figure class='gallery-item'>\n\t\t\t<div class='gallery-icon portrait'>\n\t\t\t\t<a href='https:\/\/www.arquimaster.com.ar\/web\/wp-content\/uploads\/2023\/01\/edificio_organic_078.jpg' title=\"Edificio Organic \/ Brigati-Polak Arquitectos (\u00a9 Ramiro Sosa)\" data-rl_title=\"Edificio Organic \/ Brigati-Polak Arquitectos (\u00a9 Ramiro Sosa)\" class=\"rl-gallery-link\" data-rl_caption=\"Edificio Organic \/ Brigati-Polak Arquitectos (\u00a9 Ramiro Sosa)\" data-rel=\"lightbox-gallery-2\"><img loading=\"lazy\" decoding=\"async\" width=\"150\" height=\"150\" src=\"https:\/\/www.arquimaster.com.ar\/web\/wp-content\/uploads\/2023\/01\/edificio_organic_078-150x150.jpg\" class=\"attachment-thumbnail size-thumbnail\" alt=\"Edificio Organic \/ Brigati-Polak Arquitectos\" aria-describedby=\"gallery-2-74295\" \/><\/a>\n\t\t\t<\/div>\n\t\t\t\t<figcaption class='wp-caption-text gallery-caption' id='gallery-2-74295'>\n\t\t\t\tEdificio Organic \/ Brigati-Polak Arquitectos (\u00a9 Ramiro Sosa)\n\t\t\t\t<\/figcaption><\/figure><figure class='gallery-item'>\n\t\t\t<div class='gallery-icon portrait'>\n\t\t\t\t<a href='https:\/\/www.arquimaster.com.ar\/web\/wp-content\/uploads\/2023\/01\/edificio_organic_079.jpg' title=\"Edificio Organic \/ Brigati-Polak Arquitectos (\u00a9 Ramiro Sosa)\" data-rl_title=\"Edificio Organic \/ Brigati-Polak Arquitectos (\u00a9 Ramiro Sosa)\" class=\"rl-gallery-link\" data-rl_caption=\"Edificio Organic \/ Brigati-Polak Arquitectos (\u00a9 Ramiro Sosa)\" data-rel=\"lightbox-gallery-2\"><img loading=\"lazy\" decoding=\"async\" width=\"150\" height=\"150\" src=\"https:\/\/www.arquimaster.com.ar\/web\/wp-content\/uploads\/2023\/01\/edificio_organic_079-150x150.jpg\" class=\"attachment-thumbnail size-thumbnail\" alt=\"Edificio Organic \/ Brigati-Polak Arquitectos\" aria-describedby=\"gallery-2-74296\" \/><\/a>\n\t\t\t<\/div>\n\t\t\t\t<figcaption class='wp-caption-text gallery-caption' id='gallery-2-74296'>\n\t\t\t\tEdificio Organic \/ Brigati-Polak Arquitectos (\u00a9 Ramiro Sosa)\n\t\t\t\t<\/figcaption><\/figure><figure class='gallery-item'>\n\t\t\t<div class='gallery-icon landscape'>\n\t\t\t\t<a href='https:\/\/www.arquimaster.com.ar\/web\/wp-content\/uploads\/2023\/01\/edificio_organic_080.jpg' title=\"Edificio Organic \/ Brigati-Polak Arquitectos (\u00a9 Santiago del Hoyo - Ramiro Sosa)\" data-rl_title=\"Edificio Organic \/ Brigati-Polak Arquitectos (\u00a9 Santiago del Hoyo - Ramiro Sosa)\" class=\"rl-gallery-link\" data-rl_caption=\"Edificio Organic \/ Brigati-Polak Arquitectos (\u00a9 Santiago del Hoyo - Ramiro Sosa)\" data-rel=\"lightbox-gallery-2\"><img loading=\"lazy\" decoding=\"async\" width=\"150\" height=\"150\" src=\"https:\/\/www.arquimaster.com.ar\/web\/wp-content\/uploads\/2023\/01\/edificio_organic_080-150x150.jpg\" class=\"attachment-thumbnail size-thumbnail\" alt=\"Edificio Organic \/ Brigati-Polak Arquitectos\" aria-describedby=\"gallery-2-74297\" \/><\/a>\n\t\t\t<\/div>\n\t\t\t\t<figcaption class='wp-caption-text gallery-caption' id='gallery-2-74297'>\n\t\t\t\tEdificio Organic \/ Brigati-Polak Arquitectos (\u00a9 Santiago del Hoyo &#8211; Ramiro Sosa)\n\t\t\t\t<\/figcaption><\/figure><figure class='gallery-item'>\n\t\t\t<div class='gallery-icon landscape'>\n\t\t\t\t<a href='https:\/\/www.arquimaster.com.ar\/web\/wp-content\/uploads\/2023\/01\/edificio_organic_081.jpg' title=\"Edificio Organic \/ Brigati-Polak Arquitectos (\u00a9 Santiago del Hoyo - Ramiro Sosa)\" data-rl_title=\"Edificio Organic \/ Brigati-Polak Arquitectos (\u00a9 Santiago del Hoyo - Ramiro Sosa)\" class=\"rl-gallery-link\" data-rl_caption=\"Edificio Organic \/ Brigati-Polak Arquitectos (\u00a9 Santiago del Hoyo - Ramiro Sosa)\" data-rel=\"lightbox-gallery-2\"><img loading=\"lazy\" decoding=\"async\" width=\"150\" height=\"150\" src=\"https:\/\/www.arquimaster.com.ar\/web\/wp-content\/uploads\/2023\/01\/edificio_organic_081-150x150.jpg\" class=\"attachment-thumbnail size-thumbnail\" alt=\"Edificio Organic \/ Brigati-Polak Arquitectos\" aria-describedby=\"gallery-2-74298\" srcset=\"https:\/\/www.arquimaster.com.ar\/web\/wp-content\/uploads\/2023\/01\/edificio_organic_081-150x150.jpg 150w, https:\/\/www.arquimaster.com.ar\/web\/wp-content\/uploads\/2023\/01\/edificio_organic_081-768x768.jpg 768w, https:\/\/www.arquimaster.com.ar\/web\/wp-content\/uploads\/2023\/01\/edificio_organic_081.jpg 1500w\" sizes=\"auto, (max-width: 150px) 100vw, 150px\" \/><\/a>\n\t\t\t<\/div>\n\t\t\t\t<figcaption class='wp-caption-text gallery-caption' id='gallery-2-74298'>\n\t\t\t\tEdificio Organic \/ Brigati-Polak Arquitectos (\u00a9 Santiago del Hoyo &#8211; Ramiro Sosa)\n\t\t\t\t<\/figcaption><\/figure><figure class='gallery-item'>\n\t\t\t<div class='gallery-icon landscape'>\n\t\t\t\t<a href='https:\/\/www.arquimaster.com.ar\/web\/wp-content\/uploads\/2023\/01\/edificio_organic_082.jpg' title=\"Edificio Organic \/ Brigati-Polak Arquitectos (\u00a9 Santiago del Hoyo - Ramiro Sosa)\" data-rl_title=\"Edificio Organic \/ Brigati-Polak Arquitectos (\u00a9 Santiago del Hoyo - Ramiro Sosa)\" class=\"rl-gallery-link\" data-rl_caption=\"Edificio Organic \/ Brigati-Polak Arquitectos (\u00a9 Santiago del Hoyo - Ramiro Sosa)\" data-rel=\"lightbox-gallery-2\"><img loading=\"lazy\" decoding=\"async\" width=\"150\" height=\"150\" src=\"https:\/\/www.arquimaster.com.ar\/web\/wp-content\/uploads\/2023\/01\/edificio_organic_082-150x150.jpg\" class=\"attachment-thumbnail size-thumbnail\" alt=\"Edificio Organic \/ Brigati-Polak Arquitectos\" aria-describedby=\"gallery-2-74299\" \/><\/a>\n\t\t\t<\/div>\n\t\t\t\t<figcaption class='wp-caption-text gallery-caption' id='gallery-2-74299'>\n\t\t\t\tEdificio Organic \/ Brigati-Polak Arquitectos (\u00a9 Santiago del Hoyo &#8211; Ramiro Sosa)\n\t\t\t\t<\/figcaption><\/figure><figure class='gallery-item'>\n\t\t\t<div class='gallery-icon landscape'>\n\t\t\t\t<a href='https:\/\/www.arquimaster.com.ar\/web\/wp-content\/uploads\/2023\/01\/edificio_organic_083.jpg' title=\"Edificio Organic \/ Brigati-Polak Arquitectos (planta baja)\" data-rl_title=\"Edificio Organic \/ Brigati-Polak Arquitectos (planta baja)\" class=\"rl-gallery-link\" data-rl_caption=\"Edificio Organic \/ Brigati-Polak Arquitectos (planta baja)\" data-rel=\"lightbox-gallery-2\"><img loading=\"lazy\" decoding=\"async\" width=\"150\" height=\"150\" src=\"https:\/\/www.arquimaster.com.ar\/web\/wp-content\/uploads\/2023\/01\/edificio_organic_083-150x150.jpg\" class=\"attachment-thumbnail size-thumbnail\" alt=\"Edificio Organic \/ Brigati-Polak Arquitectos\" aria-describedby=\"gallery-2-74300\" \/><\/a>\n\t\t\t<\/div>\n\t\t\t\t<figcaption class='wp-caption-text gallery-caption' id='gallery-2-74300'>\n\t\t\t\tEdificio Organic \/ Brigati-Polak Arquitectos (planta baja)\n\t\t\t\t<\/figcaption><\/figure><figure class='gallery-item'>\n\t\t\t<div class='gallery-icon landscape'>\n\t\t\t\t<a href='https:\/\/www.arquimaster.com.ar\/web\/wp-content\/uploads\/2023\/01\/edificio_organic_084.jpg' title=\"Edificio Organic \/ Brigati-Polak Arquitectos (planta 1\u00ba piso)\" data-rl_title=\"Edificio Organic \/ Brigati-Polak Arquitectos (planta 1\u00ba piso)\" class=\"rl-gallery-link\" data-rl_caption=\"Edificio Organic \/ Brigati-Polak Arquitectos (planta 1\u00ba piso)\" data-rel=\"lightbox-gallery-2\"><img loading=\"lazy\" decoding=\"async\" width=\"150\" height=\"150\" src=\"https:\/\/www.arquimaster.com.ar\/web\/wp-content\/uploads\/2023\/01\/edificio_organic_084-150x150.jpg\" class=\"attachment-thumbnail size-thumbnail\" alt=\"Edificio Organic \/ Brigati-Polak Arquitectos\" aria-describedby=\"gallery-2-74301\" \/><\/a>\n\t\t\t<\/div>\n\t\t\t\t<figcaption class='wp-caption-text gallery-caption' id='gallery-2-74301'>\n\t\t\t\tEdificio Organic \/ Brigati-Polak Arquitectos (planta 1\u00ba piso)\n\t\t\t\t<\/figcaption><\/figure><figure class='gallery-item'>\n\t\t\t<div class='gallery-icon landscape'>\n\t\t\t\t<a href='https:\/\/www.arquimaster.com.ar\/web\/wp-content\/uploads\/2023\/01\/edificio_organic_085.jpg' title=\"Edificio Organic \/ Brigati-Polak Arquitectos (planta 2\u00ba piso)\" data-rl_title=\"Edificio Organic \/ Brigati-Polak Arquitectos (planta 2\u00ba piso)\" class=\"rl-gallery-link\" data-rl_caption=\"Edificio Organic \/ Brigati-Polak Arquitectos (planta 2\u00ba piso)\" data-rel=\"lightbox-gallery-2\"><img loading=\"lazy\" decoding=\"async\" width=\"150\" height=\"150\" src=\"https:\/\/www.arquimaster.com.ar\/web\/wp-content\/uploads\/2023\/01\/edificio_organic_085-150x150.jpg\" class=\"attachment-thumbnail size-thumbnail\" alt=\"Edificio Organic \/ Brigati-Polak Arquitectos\" aria-describedby=\"gallery-2-74302\" \/><\/a>\n\t\t\t<\/div>\n\t\t\t\t<figcaption class='wp-caption-text gallery-caption' id='gallery-2-74302'>\n\t\t\t\tEdificio Organic \/ Brigati-Polak Arquitectos (planta 2\u00ba piso)\n\t\t\t\t<\/figcaption><\/figure><figure class='gallery-item'>\n\t\t\t<div class='gallery-icon landscape'>\n\t\t\t\t<a href='https:\/\/www.arquimaster.com.ar\/web\/wp-content\/uploads\/2023\/01\/edificio_organic_086.jpg' title=\"Edificio Organic \/ Brigati-Polak Arquitectos (planta 3\u00ba piso)\" data-rl_title=\"Edificio Organic \/ Brigati-Polak Arquitectos (planta 3\u00ba piso)\" class=\"rl-gallery-link\" data-rl_caption=\"Edificio Organic \/ Brigati-Polak Arquitectos (planta 3\u00ba piso)\" data-rel=\"lightbox-gallery-2\"><img loading=\"lazy\" decoding=\"async\" width=\"150\" height=\"150\" src=\"https:\/\/www.arquimaster.com.ar\/web\/wp-content\/uploads\/2023\/01\/edificio_organic_086-150x150.jpg\" class=\"attachment-thumbnail size-thumbnail\" alt=\"Edificio Organic \/ Brigati-Polak Arquitectos\" aria-describedby=\"gallery-2-74303\" \/><\/a>\n\t\t\t<\/div>\n\t\t\t\t<figcaption class='wp-caption-text gallery-caption' id='gallery-2-74303'>\n\t\t\t\tEdificio Organic \/ Brigati-Polak Arquitectos (planta 3\u00ba piso)\n\t\t\t\t<\/figcaption><\/figure><figure class='gallery-item'>\n\t\t\t<div class='gallery-icon landscape'>\n\t\t\t\t<a href='https:\/\/www.arquimaster.com.ar\/web\/wp-content\/uploads\/2023\/01\/edificio_organic_087.jpg' title=\"Edificio Organic \/ Brigati-Polak Arquitectos (planta 4\u00ba piso)\" data-rl_title=\"Edificio Organic \/ Brigati-Polak Arquitectos (planta 4\u00ba piso)\" class=\"rl-gallery-link\" data-rl_caption=\"Edificio Organic \/ Brigati-Polak Arquitectos (planta 4\u00ba piso)\" data-rel=\"lightbox-gallery-2\"><img loading=\"lazy\" decoding=\"async\" width=\"150\" height=\"150\" src=\"https:\/\/www.arquimaster.com.ar\/web\/wp-content\/uploads\/2023\/01\/edificio_organic_087-150x150.jpg\" class=\"attachment-thumbnail size-thumbnail\" alt=\"Edificio Organic \/ Brigati-Polak Arquitectos\" aria-describedby=\"gallery-2-74304\" \/><\/a>\n\t\t\t<\/div>\n\t\t\t\t<figcaption class='wp-caption-text gallery-caption' id='gallery-2-74304'>\n\t\t\t\tEdificio Organic \/ Brigati-Polak Arquitectos (planta 4\u00ba piso)\n\t\t\t\t<\/figcaption><\/figure><figure class='gallery-item'>\n\t\t\t<div class='gallery-icon landscape'>\n\t\t\t\t<a href='https:\/\/www.arquimaster.com.ar\/web\/wp-content\/uploads\/2023\/01\/edificio_organic_088.jpg' title=\"Edificio Organic \/ Brigati-Polak Arquitectos (planta 5\u00ba piso)\" data-rl_title=\"Edificio Organic \/ Brigati-Polak Arquitectos (planta 5\u00ba piso)\" class=\"rl-gallery-link\" data-rl_caption=\"Edificio Organic \/ Brigati-Polak Arquitectos (planta 5\u00ba piso)\" data-rel=\"lightbox-gallery-2\"><img loading=\"lazy\" decoding=\"async\" width=\"150\" height=\"150\" src=\"https:\/\/www.arquimaster.com.ar\/web\/wp-content\/uploads\/2023\/01\/edificio_organic_088-150x150.jpg\" class=\"attachment-thumbnail size-thumbnail\" alt=\"Edificio Organic \/ Brigati-Polak Arquitectos\" aria-describedby=\"gallery-2-74305\" \/><\/a>\n\t\t\t<\/div>\n\t\t\t\t<figcaption class='wp-caption-text gallery-caption' id='gallery-2-74305'>\n\t\t\t\tEdificio Organic \/ Brigati-Polak Arquitectos (planta 5\u00ba piso)\n\t\t\t\t<\/figcaption><\/figure><figure class='gallery-item'>\n\t\t\t<div class='gallery-icon landscape'>\n\t\t\t\t<a href='https:\/\/www.arquimaster.com.ar\/web\/wp-content\/uploads\/2023\/01\/edificio_organic_089.jpg' title=\"Edificio Organic \/ Brigati-Polak Arquitectos (planta 6\u00ba piso)\" data-rl_title=\"Edificio Organic \/ Brigati-Polak Arquitectos (planta 6\u00ba piso)\" class=\"rl-gallery-link\" data-rl_caption=\"Edificio Organic \/ Brigati-Polak Arquitectos (planta 6\u00ba piso)\" data-rel=\"lightbox-gallery-2\"><img loading=\"lazy\" decoding=\"async\" width=\"150\" height=\"150\" src=\"https:\/\/www.arquimaster.com.ar\/web\/wp-content\/uploads\/2023\/01\/edificio_organic_089-150x150.jpg\" class=\"attachment-thumbnail size-thumbnail\" alt=\"Edificio Organic \/ Brigati-Polak Arquitectos\" aria-describedby=\"gallery-2-74306\" \/><\/a>\n\t\t\t<\/div>\n\t\t\t\t<figcaption class='wp-caption-text gallery-caption' id='gallery-2-74306'>\n\t\t\t\tEdificio Organic \/ Brigati-Polak Arquitectos (planta 6\u00ba piso)\n\t\t\t\t<\/figcaption><\/figure><figure class='gallery-item'>\n\t\t\t<div class='gallery-icon landscape'>\n\t\t\t\t<a href='https:\/\/www.arquimaster.com.ar\/web\/wp-content\/uploads\/2023\/01\/edificio_organic_090.jpg' title=\"Edificio Organic \/ Brigati-Polak Arquitectos (planta 7\u00ba piso)\" data-rl_title=\"Edificio Organic \/ Brigati-Polak Arquitectos (planta 7\u00ba piso)\" class=\"rl-gallery-link\" data-rl_caption=\"Edificio Organic \/ Brigati-Polak Arquitectos (planta 7\u00ba piso)\" data-rel=\"lightbox-gallery-2\"><img loading=\"lazy\" decoding=\"async\" width=\"150\" height=\"150\" src=\"https:\/\/www.arquimaster.com.ar\/web\/wp-content\/uploads\/2023\/01\/edificio_organic_090-150x150.jpg\" class=\"attachment-thumbnail size-thumbnail\" alt=\"Edificio Organic \/ Brigati-Polak Arquitectos\" aria-describedby=\"gallery-2-74307\" \/><\/a>\n\t\t\t<\/div>\n\t\t\t\t<figcaption class='wp-caption-text gallery-caption' id='gallery-2-74307'>\n\t\t\t\tEdificio Organic \/ Brigati-Polak Arquitectos (planta 7\u00ba piso)\n\t\t\t\t<\/figcaption><\/figure><figure class='gallery-item'>\n\t\t\t<div class='gallery-icon landscape'>\n\t\t\t\t<a href='https:\/\/www.arquimaster.com.ar\/web\/wp-content\/uploads\/2023\/01\/edificio_organic_091.jpg' title=\"Edificio Organic \/ Brigati-Polak Arquitectos (planta 8\u00ba piso)\" data-rl_title=\"Edificio Organic \/ Brigati-Polak Arquitectos (planta 8\u00ba piso)\" class=\"rl-gallery-link\" data-rl_caption=\"Edificio Organic \/ Brigati-Polak Arquitectos (planta 8\u00ba piso)\" data-rel=\"lightbox-gallery-2\"><img loading=\"lazy\" decoding=\"async\" width=\"150\" height=\"150\" src=\"https:\/\/www.arquimaster.com.ar\/web\/wp-content\/uploads\/2023\/01\/edificio_organic_091-150x150.jpg\" class=\"attachment-thumbnail size-thumbnail\" alt=\"Edificio Organic \/ Brigati-Polak Arquitectos\" aria-describedby=\"gallery-2-74308\" \/><\/a>\n\t\t\t<\/div>\n\t\t\t\t<figcaption class='wp-caption-text gallery-caption' id='gallery-2-74308'>\n\t\t\t\tEdificio Organic \/ Brigati-Polak Arquitectos (planta 8\u00ba piso)\n\t\t\t\t<\/figcaption><\/figure><figure class='gallery-item'>\n\t\t\t<div class='gallery-icon landscape'>\n\t\t\t\t<a href='https:\/\/www.arquimaster.com.ar\/web\/wp-content\/uploads\/2023\/01\/edificio_organic_092.jpg' title=\"Edificio Organic \/ Brigati-Polak Arquitectos (planta terraza)\" data-rl_title=\"Edificio Organic \/ Brigati-Polak Arquitectos (planta terraza)\" class=\"rl-gallery-link\" data-rl_caption=\"Edificio Organic \/ Brigati-Polak Arquitectos (planta terraza)\" data-rel=\"lightbox-gallery-2\"><img loading=\"lazy\" decoding=\"async\" width=\"150\" height=\"150\" src=\"https:\/\/www.arquimaster.com.ar\/web\/wp-content\/uploads\/2023\/01\/edificio_organic_092-150x150.jpg\" class=\"attachment-thumbnail size-thumbnail\" alt=\"Edificio Organic \/ Brigati-Polak Arquitectos\" aria-describedby=\"gallery-2-74309\" \/><\/a>\n\t\t\t<\/div>\n\t\t\t\t<figcaption class='wp-caption-text gallery-caption' id='gallery-2-74309'>\n\t\t\t\tEdificio Organic \/ Brigati-Polak Arquitectos (planta terraza)\n\t\t\t\t<\/figcaption><\/figure><figure class='gallery-item'>\n\t\t\t<div class='gallery-icon portrait'>\n\t\t\t\t<a href='https:\/\/www.arquimaster.com.ar\/web\/wp-content\/uploads\/2023\/01\/edificio_organic_093-scaled.jpg' title=\"Edificio Organic \/ Brigati-Polak Arquitectos (corte)\" data-rl_title=\"Edificio Organic \/ Brigati-Polak Arquitectos (corte)\" class=\"rl-gallery-link\" data-rl_caption=\"Edificio Organic \/ Brigati-Polak Arquitectos (corte)\" data-rel=\"lightbox-gallery-2\"><img loading=\"lazy\" decoding=\"async\" width=\"150\" height=\"150\" src=\"https:\/\/www.arquimaster.com.ar\/web\/wp-content\/uploads\/2023\/01\/edificio_organic_093-150x150.jpg\" class=\"attachment-thumbnail size-thumbnail\" alt=\"Edificio Organic \/ Brigati-Polak Arquitectos\" aria-describedby=\"gallery-2-74310\" \/><\/a>\n\t\t\t<\/div>\n\t\t\t\t<figcaption class='wp-caption-text gallery-caption' id='gallery-2-74310'>\n\t\t\t\tEdificio Organic \/ Brigati-Polak Arquitectos (corte)\n\t\t\t\t<\/figcaption><\/figure><figure class='gallery-item'>\n\t\t\t<div class='gallery-icon portrait'>\n\t\t\t\t<a href='https:\/\/www.arquimaster.com.ar\/web\/wp-content\/uploads\/2023\/01\/edificio_organic_094-scaled.jpg' title=\"Edificio Organic \/ Brigati-Polak Arquitectos (vista)\" data-rl_title=\"Edificio Organic \/ Brigati-Polak Arquitectos (vista)\" class=\"rl-gallery-link\" data-rl_caption=\"Edificio Organic \/ Brigati-Polak Arquitectos (vista)\" data-rel=\"lightbox-gallery-2\"><img loading=\"lazy\" decoding=\"async\" width=\"150\" height=\"150\" src=\"https:\/\/www.arquimaster.com.ar\/web\/wp-content\/uploads\/2023\/01\/edificio_organic_094-150x150.jpg\" class=\"attachment-thumbnail size-thumbnail\" alt=\"Edificio Organic \/ Brigati-Polak Arquitectos\" aria-describedby=\"gallery-2-74311\" \/><\/a>\n\t\t\t<\/div>\n\t\t\t\t<figcaption class='wp-caption-text gallery-caption' id='gallery-2-74311'>\n\t\t\t\tEdificio Organic \/ Brigati-Polak Arquitectos (vista)\n\t\t\t\t<\/figcaption><\/figure><figure class='gallery-item'>\n\t\t\t<div class='gallery-icon portrait'>\n\t\t\t\t<a href='https:\/\/www.arquimaster.com.ar\/web\/wp-content\/uploads\/2023\/01\/edificio_organic_095-scaled.jpg' title=\"Edificio Organic \/ Brigati-Polak Arquitectos (vista)\" data-rl_title=\"Edificio Organic \/ Brigati-Polak Arquitectos (vista)\" class=\"rl-gallery-link\" data-rl_caption=\"Edificio Organic \/ Brigati-Polak Arquitectos (vista)\" data-rel=\"lightbox-gallery-2\"><img loading=\"lazy\" decoding=\"async\" width=\"150\" height=\"150\" src=\"https:\/\/www.arquimaster.com.ar\/web\/wp-content\/uploads\/2023\/01\/edificio_organic_095-150x150.jpg\" class=\"attachment-thumbnail size-thumbnail\" alt=\"Edificio Organic \/ Brigati-Polak Arquitectos\" aria-describedby=\"gallery-2-74312\" \/><\/a>\n\t\t\t<\/div>\n\t\t\t\t<figcaption class='wp-caption-text gallery-caption' id='gallery-2-74312'>\n\t\t\t\tEdificio Organic \/ Brigati-Polak Arquitectos (vista)\n\t\t\t\t<\/figcaption><\/figure>\n\t\t<\/div>\n\n<p>El refugio que otorga el gran techo en la esquina da amparo, tanto a los propios como \u00e1jenos, volvi\u00e9ndose esta expansi\u00f3n del espacio p\u00fablico un punto de encuentro y referencia inequ\u00edvoca, en una trama urbana mon\u00f3tona con veredas angostas propusimos vegetaci\u00f3n y ensanchamientos, favoreciendo el espacio p\u00fablico inmediato.<\/p>\n<p>La intervenci\u00f3n aporta as\u00ed beneficios a la ciudad como a los residentes, dejando un balance positivo en relaci\u00f3n a lo preexistente.<\/p>\n\n\n<div style=\"height:20px\" aria-hidden=\"true\" class=\"wp-block-spacer\"><\/div>\n\n\n\n<p class=\"has-background\" style=\"background-color:#eaeaea\"><strong>Ficha t\u00e9cnica<\/strong><br>Nombre: Organic<br>Ubicaci\u00f3n: Zeballos Esquina Espa\u00f1a, Rosario, Pcia. de Santa Fe, Argentina<br>Proyecto y Direcci\u00f3n T\u00e9cnica: Brigati-Polak Arquitectos<br>Tipolog\u00eda: vivienda multifamiliar<br>Desarrolladora: Kramer SRL<br>A\u00f1o de Proyecto\/Construcci\u00f3n: 2020\/2022<br>Superficie terreno: 27 m2<br>Superficie edificada: 1365 m2<br>Fotos: <a href=\"https:\/\/www.instagram.com\/ramirososafotografia\/\" target=\"_blank\" rel=\"noreferrer noopener\">Ramiro Sosa<\/a><br><br><strong>Contacto<\/strong><br><a href=\"https:\/\/www.brigatipolak.com\" target=\"_blank\" rel=\"noreferrer noopener\">https:\/\/www.brigatipolak.com<\/a><br>Instagram: @brigatipolak<\/p>\n\n\n\n<div style=\"height:40px\" aria-hidden=\"true\" class=\"wp-block-spacer\"><\/div>\n\n<div style=\"font-size: 0px; height: 0px; line-height: 0px; margin: 0; padding: 0; clear: both;\"><\/div><div style=\"margin-top: 0px; margin-bottom: 0px;\" class=\"sharethis-inline-share-buttons\" ><\/div>","protected":false},"excerpt":{"rendered":"<p>Un edificio que responde a su \u00e9poca tanto en lo formal y funcional, como en lo tecnol\u00f3gico&#8230;<\/p>\n","protected":false},"author":1,"featured_media":74217,"comment_status":"closed","ping_status":"closed","sticky":false,"template":"","format":"standard","meta":{"_uag_custom_page_level_css":"","footnotes":""},"categories":[80,1],"tags":[14,4614,87,468,29,5539,91],"class_list":["post-74216","post","type-post","status-publish","format-standard","has-post-thumbnail","hentry","category-edificio-viviendas","category-proyecto","tag-argentina","tag-brigati-polak-arquitectos","tag-edificio-de-viviendas","tag-rosario","tag-santa-fe","tag-vivienda-colectiva","tag-vivienda-multifamiliar","generate-columns","tablet-grid-50","mobile-grid-100","grid-parent","grid-50"],"yoast_head":"<!-- This site is optimized with the Yoast SEO plugin v27.3 - https:\/\/yoast.com\/product\/yoast-seo-wordpress\/ -->\n<title>Edificio Organic \/ Brigati-Polak Arquitectos - Arquimaster<\/title>\n<meta name=\"description\" content=\"Un edificio que responde a su \u00e9poca tanto en lo formal y funcional, como en lo tecnol\u00f3gico.\" \/>\n<meta name=\"robots\" content=\"index, follow, max-snippet:-1, max-image-preview:large, max-video-preview:-1\" \/>\n<link rel=\"canonical\" href=\"https:\/\/www.arquimaster.com.ar\/web\/edificio-organic-brigati-polak-arquitectos\/\" \/>\n<meta property=\"og:locale\" content=\"es_ES\" \/>\n<meta property=\"og:type\" content=\"article\" \/>\n<meta property=\"og:title\" content=\"Edificio Organic \/ Brigati-Polak Arquitectos\" \/>\n<meta property=\"og:description\" content=\"Un edificio que responde a su \u00e9poca tanto en lo formal y funcional, como en lo tecnol\u00f3gico.\" \/>\n<meta property=\"og:url\" content=\"https:\/\/www.arquimaster.com.ar\/web\/edificio-organic-brigati-polak-arquitectos\/\" \/>\n<meta property=\"og:site_name\" content=\"Arquimaster\" \/>\n<meta property=\"article:publisher\" content=\"http:\/\/www.facebook.com\/ARQUIMASTER.com.ar\" \/>\n<meta property=\"article:published_time\" content=\"2023-01-19T17:49:37+00:00\" \/>\n<meta property=\"article:modified_time\" content=\"2023-04-05T21:57:46+00:00\" \/>\n<meta property=\"og:image\" content=\"https:\/\/www.arquimaster.com.ar\/web\/wp-content\/uploads\/2023\/01\/edificio_organic_slide.jpg\" \/>\n\t<meta property=\"og:image:width\" content=\"698\" \/>\n\t<meta property=\"og:image:height\" content=\"364\" \/>\n\t<meta property=\"og:image:type\" content=\"image\/jpeg\" \/>\n<meta name=\"author\" content=\"Arquimaster\" \/>\n<meta name=\"twitter:card\" content=\"summary_large_image\" \/>\n<meta name=\"twitter:title\" content=\"Edificio Organic \/ Brigati-Polak Arquitectos\" \/>\n<meta name=\"twitter:description\" content=\"Un edificio que responde a su \u00e9poca tanto en lo formal y funcional, como en lo tecnol\u00f3gico.\" \/>\n<meta name=\"twitter:image\" content=\"https:\/\/www.arquimaster.com.ar\/web\/wp-content\/uploads\/2023\/01\/edificio_organic_slide.jpg\" \/>\n<meta name=\"twitter:creator\" content=\"@arquimaster\" \/>\n<meta name=\"twitter:site\" content=\"@arquimaster\" \/>\n<meta name=\"twitter:label1\" content=\"Escrito por\" \/>\n\t<meta name=\"twitter:data1\" content=\"Arquimaster\" \/>\n\t<meta name=\"twitter:label2\" content=\"Tiempo de lectura\" \/>\n\t<meta name=\"twitter:data2\" content=\"2 minutos\" \/>\n<script type=\"application\/ld+json\" class=\"yoast-schema-graph\">{\"@context\":\"https:\\\/\\\/schema.org\",\"@graph\":[{\"@type\":\"Article\",\"@id\":\"https:\\\/\\\/www.arquimaster.com.ar\\\/web\\\/edificio-organic-brigati-polak-arquitectos\\\/#article\",\"isPartOf\":{\"@id\":\"https:\\\/\\\/www.arquimaster.com.ar\\\/web\\\/edificio-organic-brigati-polak-arquitectos\\\/\"},\"author\":{\"name\":\"Arquimaster\",\"@id\":\"https:\\\/\\\/www.arquimaster.com.ar\\\/web\\\/#\\\/schema\\\/person\\\/359e9f7c00193fcde068e0dd2ceb0028\"},\"headline\":\"Edificio Organic \\\/ Brigati-Polak Arquitectos\",\"datePublished\":\"2023-01-19T17:49:37+00:00\",\"dateModified\":\"2023-04-05T21:57:46+00:00\",\"mainEntityOfPage\":{\"@id\":\"https:\\\/\\\/www.arquimaster.com.ar\\\/web\\\/edificio-organic-brigati-polak-arquitectos\\\/\"},\"wordCount\":311,\"publisher\":{\"@id\":\"https:\\\/\\\/www.arquimaster.com.ar\\\/web\\\/#organization\"},\"image\":{\"@id\":\"https:\\\/\\\/www.arquimaster.com.ar\\\/web\\\/edificio-organic-brigati-polak-arquitectos\\\/#primaryimage\"},\"thumbnailUrl\":\"https:\\\/\\\/www.arquimaster.com.ar\\\/web\\\/wp-content\\\/uploads\\\/2023\\\/01\\\/edificio_organic_slide.jpg\",\"keywords\":[\"Argentina\",\"Brigati-Polak Arquitectos\",\"edificio de viviendas\",\"Rosario\",\"Santa Fe\",\"vivienda colectiva\",\"vivienda multifamiliar\"],\"articleSection\":[\"Edificios de viviendas\",\"Proyecto\"],\"inLanguage\":\"es\"},{\"@type\":\"WebPage\",\"@id\":\"https:\\\/\\\/www.arquimaster.com.ar\\\/web\\\/edificio-organic-brigati-polak-arquitectos\\\/\",\"url\":\"https:\\\/\\\/www.arquimaster.com.ar\\\/web\\\/edificio-organic-brigati-polak-arquitectos\\\/\",\"name\":\"Edificio Organic \\\/ Brigati-Polak Arquitectos - Arquimaster\",\"isPartOf\":{\"@id\":\"https:\\\/\\\/www.arquimaster.com.ar\\\/web\\\/#website\"},\"primaryImageOfPage\":{\"@id\":\"https:\\\/\\\/www.arquimaster.com.ar\\\/web\\\/edificio-organic-brigati-polak-arquitectos\\\/#primaryimage\"},\"image\":{\"@id\":\"https:\\\/\\\/www.arquimaster.com.ar\\\/web\\\/edificio-organic-brigati-polak-arquitectos\\\/#primaryimage\"},\"thumbnailUrl\":\"https:\\\/\\\/www.arquimaster.com.ar\\\/web\\\/wp-content\\\/uploads\\\/2023\\\/01\\\/edificio_organic_slide.jpg\",\"datePublished\":\"2023-01-19T17:49:37+00:00\",\"dateModified\":\"2023-04-05T21:57:46+00:00\",\"description\":\"Un edificio que responde a su \u00e9poca tanto en lo formal y funcional, como en lo tecnol\u00f3gico.\",\"breadcrumb\":{\"@id\":\"https:\\\/\\\/www.arquimaster.com.ar\\\/web\\\/edificio-organic-brigati-polak-arquitectos\\\/#breadcrumb\"},\"inLanguage\":\"es\",\"potentialAction\":[{\"@type\":\"ReadAction\",\"target\":[\"https:\\\/\\\/www.arquimaster.com.ar\\\/web\\\/edificio-organic-brigati-polak-arquitectos\\\/\"]}]},{\"@type\":\"ImageObject\",\"inLanguage\":\"es\",\"@id\":\"https:\\\/\\\/www.arquimaster.com.ar\\\/web\\\/edificio-organic-brigati-polak-arquitectos\\\/#primaryimage\",\"url\":\"https:\\\/\\\/www.arquimaster.com.ar\\\/web\\\/wp-content\\\/uploads\\\/2023\\\/01\\\/edificio_organic_slide.jpg\",\"contentUrl\":\"https:\\\/\\\/www.arquimaster.com.ar\\\/web\\\/wp-content\\\/uploads\\\/2023\\\/01\\\/edificio_organic_slide.jpg\",\"width\":698,\"height\":364,\"caption\":\"Edificio Organic \\\/ Brigati-Polak Arquitectos\"},{\"@type\":\"BreadcrumbList\",\"@id\":\"https:\\\/\\\/www.arquimaster.com.ar\\\/web\\\/edificio-organic-brigati-polak-arquitectos\\\/#breadcrumb\",\"itemListElement\":[{\"@type\":\"ListItem\",\"position\":1,\"name\":\"Portada\",\"item\":\"https:\\\/\\\/www.arquimaster.com.ar\\\/web\\\/\"},{\"@type\":\"ListItem\",\"position\":2,\"name\":\"Edificio Organic \\\/ Brigati-Polak Arquitectos\"}]},{\"@type\":\"WebSite\",\"@id\":\"https:\\\/\\\/www.arquimaster.com.ar\\\/web\\\/#website\",\"url\":\"https:\\\/\\\/www.arquimaster.com.ar\\\/web\\\/\",\"name\":\"Arquimaster\",\"description\":\"Web de arquitectura, dise\u00f1o y construccion\",\"publisher\":{\"@id\":\"https:\\\/\\\/www.arquimaster.com.ar\\\/web\\\/#organization\"},\"potentialAction\":[{\"@type\":\"SearchAction\",\"target\":{\"@type\":\"EntryPoint\",\"urlTemplate\":\"https:\\\/\\\/www.arquimaster.com.ar\\\/web\\\/?s={search_term_string}\"},\"query-input\":{\"@type\":\"PropertyValueSpecification\",\"valueRequired\":true,\"valueName\":\"search_term_string\"}}],\"inLanguage\":\"es\"},{\"@type\":\"Organization\",\"@id\":\"https:\\\/\\\/www.arquimaster.com.ar\\\/web\\\/#organization\",\"name\":\"Arquimaster\",\"url\":\"https:\\\/\\\/www.arquimaster.com.ar\\\/web\\\/\",\"logo\":{\"@type\":\"ImageObject\",\"inLanguage\":\"es\",\"@id\":\"https:\\\/\\\/www.arquimaster.com.ar\\\/web\\\/#\\\/schema\\\/logo\\\/image\\\/\",\"url\":\"https:\\\/\\\/www.arquimaster.com.ar\\\/web\\\/wp-content\\\/uploads\\\/2022\\\/06\\\/arquimaster.png\",\"contentUrl\":\"https:\\\/\\\/www.arquimaster.com.ar\\\/web\\\/wp-content\\\/uploads\\\/2022\\\/06\\\/arquimaster.png\",\"width\":594,\"height\":78,\"caption\":\"Arquimaster\"},\"image\":{\"@id\":\"https:\\\/\\\/www.arquimaster.com.ar\\\/web\\\/#\\\/schema\\\/logo\\\/image\\\/\"},\"sameAs\":[\"http:\\\/\\\/www.facebook.com\\\/ARQUIMASTER.com.ar\",\"https:\\\/\\\/x.com\\\/arquimaster\",\"https:\\\/\\\/www.instagram.com\\\/arquimasterblog\\\/\",\"https:\\\/\\\/www.linkedin.com\\\/company\\\/arquimaster\",\"https:\\\/\\\/www.pinterest.com\\\/arquimaster\",\"https:\\\/\\\/t.me\\\/arquimaster\"]},{\"@type\":\"Person\",\"@id\":\"https:\\\/\\\/www.arquimaster.com.ar\\\/web\\\/#\\\/schema\\\/person\\\/359e9f7c00193fcde068e0dd2ceb0028\",\"name\":\"Arquimaster\"}]}<\/script>\n<!-- \/ Yoast SEO plugin. -->","yoast_head_json":{"title":"Edificio Organic \/ Brigati-Polak Arquitectos - Arquimaster","description":"Un edificio que responde a su \u00e9poca tanto en lo formal y funcional, como en lo tecnol\u00f3gico.","robots":{"index":"index","follow":"follow","max-snippet":"max-snippet:-1","max-image-preview":"max-image-preview:large","max-video-preview":"max-video-preview:-1"},"canonical":"https:\/\/www.arquimaster.com.ar\/web\/edificio-organic-brigati-polak-arquitectos\/","og_locale":"es_ES","og_type":"article","og_title":"Edificio Organic \/ Brigati-Polak Arquitectos","og_description":"Un edificio que responde a su \u00e9poca tanto en lo formal y funcional, como en lo tecnol\u00f3gico.","og_url":"https:\/\/www.arquimaster.com.ar\/web\/edificio-organic-brigati-polak-arquitectos\/","og_site_name":"Arquimaster","article_publisher":"http:\/\/www.facebook.com\/ARQUIMASTER.com.ar","article_published_time":"2023-01-19T17:49:37+00:00","article_modified_time":"2023-04-05T21:57:46+00:00","og_image":[{"width":698,"height":364,"url":"https:\/\/www.arquimaster.com.ar\/web\/wp-content\/uploads\/2023\/01\/edificio_organic_slide.jpg","type":"image\/jpeg"}],"author":"Arquimaster","twitter_card":"summary_large_image","twitter_title":"Edificio Organic \/ Brigati-Polak Arquitectos","twitter_description":"Un edificio que responde a su \u00e9poca tanto en lo formal y funcional, como en lo tecnol\u00f3gico.","twitter_image":"https:\/\/www.arquimaster.com.ar\/web\/wp-content\/uploads\/2023\/01\/edificio_organic_slide.jpg","twitter_creator":"@arquimaster","twitter_site":"@arquimaster","twitter_misc":{"Escrito por":"Arquimaster","Tiempo de lectura":"2 minutos"},"schema":{"@context":"https:\/\/schema.org","@graph":[{"@type":"Article","@id":"https:\/\/www.arquimaster.com.ar\/web\/edificio-organic-brigati-polak-arquitectos\/#article","isPartOf":{"@id":"https:\/\/www.arquimaster.com.ar\/web\/edificio-organic-brigati-polak-arquitectos\/"},"author":{"name":"Arquimaster","@id":"https:\/\/www.arquimaster.com.ar\/web\/#\/schema\/person\/359e9f7c00193fcde068e0dd2ceb0028"},"headline":"Edificio Organic \/ Brigati-Polak Arquitectos","datePublished":"2023-01-19T17:49:37+00:00","dateModified":"2023-04-05T21:57:46+00:00","mainEntityOfPage":{"@id":"https:\/\/www.arquimaster.com.ar\/web\/edificio-organic-brigati-polak-arquitectos\/"},"wordCount":311,"publisher":{"@id":"https:\/\/www.arquimaster.com.ar\/web\/#organization"},"image":{"@id":"https:\/\/www.arquimaster.com.ar\/web\/edificio-organic-brigati-polak-arquitectos\/#primaryimage"},"thumbnailUrl":"https:\/\/www.arquimaster.com.ar\/web\/wp-content\/uploads\/2023\/01\/edificio_organic_slide.jpg","keywords":["Argentina","Brigati-Polak Arquitectos","edificio de viviendas","Rosario","Santa Fe","vivienda colectiva","vivienda multifamiliar"],"articleSection":["Edificios de viviendas","Proyecto"],"inLanguage":"es"},{"@type":"WebPage","@id":"https:\/\/www.arquimaster.com.ar\/web\/edificio-organic-brigati-polak-arquitectos\/","url":"https:\/\/www.arquimaster.com.ar\/web\/edificio-organic-brigati-polak-arquitectos\/","name":"Edificio Organic \/ Brigati-Polak Arquitectos - Arquimaster","isPartOf":{"@id":"https:\/\/www.arquimaster.com.ar\/web\/#website"},"primaryImageOfPage":{"@id":"https:\/\/www.arquimaster.com.ar\/web\/edificio-organic-brigati-polak-arquitectos\/#primaryimage"},"image":{"@id":"https:\/\/www.arquimaster.com.ar\/web\/edificio-organic-brigati-polak-arquitectos\/#primaryimage"},"thumbnailUrl":"https:\/\/www.arquimaster.com.ar\/web\/wp-content\/uploads\/2023\/01\/edificio_organic_slide.jpg","datePublished":"2023-01-19T17:49:37+00:00","dateModified":"2023-04-05T21:57:46+00:00","description":"Un edificio que responde a su \u00e9poca tanto en lo formal y funcional, como en lo tecnol\u00f3gico.","breadcrumb":{"@id":"https:\/\/www.arquimaster.com.ar\/web\/edificio-organic-brigati-polak-arquitectos\/#breadcrumb"},"inLanguage":"es","potentialAction":[{"@type":"ReadAction","target":["https:\/\/www.arquimaster.com.ar\/web\/edificio-organic-brigati-polak-arquitectos\/"]}]},{"@type":"ImageObject","inLanguage":"es","@id":"https:\/\/www.arquimaster.com.ar\/web\/edificio-organic-brigati-polak-arquitectos\/#primaryimage","url":"https:\/\/www.arquimaster.com.ar\/web\/wp-content\/uploads\/2023\/01\/edificio_organic_slide.jpg","contentUrl":"https:\/\/www.arquimaster.com.ar\/web\/wp-content\/uploads\/2023\/01\/edificio_organic_slide.jpg","width":698,"height":364,"caption":"Edificio Organic \/ Brigati-Polak Arquitectos"},{"@type":"BreadcrumbList","@id":"https:\/\/www.arquimaster.com.ar\/web\/edificio-organic-brigati-polak-arquitectos\/#breadcrumb","itemListElement":[{"@type":"ListItem","position":1,"name":"Portada","item":"https:\/\/www.arquimaster.com.ar\/web\/"},{"@type":"ListItem","position":2,"name":"Edificio Organic \/ Brigati-Polak Arquitectos"}]},{"@type":"WebSite","@id":"https:\/\/www.arquimaster.com.ar\/web\/#website","url":"https:\/\/www.arquimaster.com.ar\/web\/","name":"Arquimaster","description":"Web de arquitectura, dise\u00f1o y construccion","publisher":{"@id":"https:\/\/www.arquimaster.com.ar\/web\/#organization"},"potentialAction":[{"@type":"SearchAction","target":{"@type":"EntryPoint","urlTemplate":"https:\/\/www.arquimaster.com.ar\/web\/?s={search_term_string}"},"query-input":{"@type":"PropertyValueSpecification","valueRequired":true,"valueName":"search_term_string"}}],"inLanguage":"es"},{"@type":"Organization","@id":"https:\/\/www.arquimaster.com.ar\/web\/#organization","name":"Arquimaster","url":"https:\/\/www.arquimaster.com.ar\/web\/","logo":{"@type":"ImageObject","inLanguage":"es","@id":"https:\/\/www.arquimaster.com.ar\/web\/#\/schema\/logo\/image\/","url":"https:\/\/www.arquimaster.com.ar\/web\/wp-content\/uploads\/2022\/06\/arquimaster.png","contentUrl":"https:\/\/www.arquimaster.com.ar\/web\/wp-content\/uploads\/2022\/06\/arquimaster.png","width":594,"height":78,"caption":"Arquimaster"},"image":{"@id":"https:\/\/www.arquimaster.com.ar\/web\/#\/schema\/logo\/image\/"},"sameAs":["http:\/\/www.facebook.com\/ARQUIMASTER.com.ar","https:\/\/x.com\/arquimaster","https:\/\/www.instagram.com\/arquimasterblog\/","https:\/\/www.linkedin.com\/company\/arquimaster","https:\/\/www.pinterest.com\/arquimaster","https:\/\/t.me\/arquimaster"]},{"@type":"Person","@id":"https:\/\/www.arquimaster.com.ar\/web\/#\/schema\/person\/359e9f7c00193fcde068e0dd2ceb0028","name":"Arquimaster"}]}},"uagb_featured_image_src":{"full":["https:\/\/www.arquimaster.com.ar\/web\/wp-content\/uploads\/2023\/01\/edificio_organic_slide.jpg",698,364,false],"thumbnail":["https:\/\/www.arquimaster.com.ar\/web\/wp-content\/uploads\/2023\/01\/edificio_organic_slide-150x150.jpg",150,150,true],"medium":["https:\/\/www.arquimaster.com.ar\/web\/wp-content\/uploads\/2023\/01\/edificio_organic_slide.jpg",698,364,false],"medium_large":["https:\/\/www.arquimaster.com.ar\/web\/wp-content\/uploads\/2023\/01\/edificio_organic_slide.jpg",698,364,false],"large":["https:\/\/www.arquimaster.com.ar\/web\/wp-content\/uploads\/2023\/01\/edificio_organic_slide.jpg",698,364,false],"1536x1536":["https:\/\/www.arquimaster.com.ar\/web\/wp-content\/uploads\/2023\/01\/edificio_organic_slide.jpg",698,364,false],"2048x2048":["https:\/\/www.arquimaster.com.ar\/web\/wp-content\/uploads\/2023\/01\/edificio_organic_slide.jpg",698,364,false]},"uagb_author_info":{"display_name":"Arquimaster","author_link":"https:\/\/www.arquimaster.com.ar\/web\/author\/arquimaster\/"},"uagb_comment_info":0,"uagb_excerpt":"Un edificio que responde a su \u00e9poca tanto en lo formal y funcional, como en lo tecnol\u00f3gico...","_links":{"self":[{"href":"https:\/\/www.arquimaster.com.ar\/web\/wp-json\/wp\/v2\/posts\/74216","targetHints":{"allow":["GET"]}}],"collection":[{"href":"https:\/\/www.arquimaster.com.ar\/web\/wp-json\/wp\/v2\/posts"}],"about":[{"href":"https:\/\/www.arquimaster.com.ar\/web\/wp-json\/wp\/v2\/types\/post"}],"author":[{"embeddable":true,"href":"https:\/\/www.arquimaster.com.ar\/web\/wp-json\/wp\/v2\/users\/1"}],"replies":[{"embeddable":true,"href":"https:\/\/www.arquimaster.com.ar\/web\/wp-json\/wp\/v2\/comments?post=74216"}],"version-history":[{"count":2,"href":"https:\/\/www.arquimaster.com.ar\/web\/wp-json\/wp\/v2\/posts\/74216\/revisions"}],"predecessor-version":[{"id":74315,"href":"https:\/\/www.arquimaster.com.ar\/web\/wp-json\/wp\/v2\/posts\/74216\/revisions\/74315"}],"wp:featuredmedia":[{"embeddable":true,"href":"https:\/\/www.arquimaster.com.ar\/web\/wp-json\/wp\/v2\/media\/74217"}],"wp:attachment":[{"href":"https:\/\/www.arquimaster.com.ar\/web\/wp-json\/wp\/v2\/media?parent=74216"}],"wp:term":[{"taxonomy":"category","embeddable":true,"href":"https:\/\/www.arquimaster.com.ar\/web\/wp-json\/wp\/v2\/categories?post=74216"},{"taxonomy":"post_tag","embeddable":true,"href":"https:\/\/www.arquimaster.com.ar\/web\/wp-json\/wp\/v2\/tags?post=74216"}],"curies":[{"name":"wp","href":"https:\/\/api.w.org\/{rel}","templated":true}]}}