{"id":74320,"date":"2023-01-26T16:11:58","date_gmt":"2023-01-26T19:11:58","guid":{"rendered":"https:\/\/www.arquimaster.com.ar\/web\/?p=74320"},"modified":"2023-01-26T16:46:56","modified_gmt":"2023-01-26T19:46:56","slug":"hotel-sexto-sentido-din-interiorismo","status":"publish","type":"post","link":"https:\/\/www.arquimaster.com.ar\/web\/hotel-sexto-sentido-din-interiorismo\/","title":{"rendered":"Hotel Sexto Sentido \/ DIN Interiorismo"},"content":{"rendered":"<div style=\"margin-top: 0px; margin-bottom: 0px;\" class=\"sharethis-inline-share-buttons\" ><\/div><div class=\"b812932af2e751442846f039925109de\" data-index=\"1\" style=\"float: none; margin:25px 0 25px 0; text-align:center;\">\n<script async src=\"https:\/\/pagead2.googlesyndication.com\/pagead\/js\/adsbygoogle.js\"><\/script>\r\n<!-- Arquimaster (superior) -->\r\n<ins class=\"adsbygoogle\"\r\n     style=\"display:block\"\r\n     data-ad-client=\"ca-pub-6351072698456832\"\r\n     data-ad-slot=\"6455489680\"\r\n     data-ad-format=\"auto\"\r\n     data-full-width-responsive=\"true\"><\/ins>\r\n<script>\r\n     (adsbygoogle = window.adsbygoogle || []).push({});\r\n<\/script>\n<\/div>\n<p><strong>Hotel Sexto Sentido<\/strong> (Canc\u00fan, Quintana Roo, M\u00e9xico) por <strong>DIN Interiorismo<\/strong>. A diferencia de los hoteles que se desarrollan en Canc\u00fan, pensados para satisfacer la creciente demanda de visitantes a esta joya del caribe, el Hotel Sexto Sentido es un Hotel de Amor dise\u00f1ado por el equipo de DIN interiorismo pensado para los habitantes de esta ciudad. El enfoque en el p\u00fablico objetivo permiti\u00f3 dar forma a un concepto que no estuviera relacionado con el mar, un reto que disfruta este grupo de creativos.<\/p>\n<div id='gallery-1' class='gallery galleryid-74320 gallery-columns-3 gallery-size-thumbnail'><figure class='gallery-item'>\n\t\t\t<div class='gallery-icon landscape'>\n\t\t\t\t<a href='https:\/\/www.arquimaster.com.ar\/web\/wp-content\/uploads\/2023\/01\/hotel_sexto_sentido1.jpg' title=\"Hotel Sexto Sentido \/ DIN Interiorismo (\u00a9 Arturo Ch\u00e1vez L\u00f3pez)\" data-rl_title=\"Hotel Sexto Sentido \/ DIN Interiorismo (\u00a9 Arturo Ch\u00e1vez L\u00f3pez)\" class=\"rl-gallery-link\" data-rl_caption=\"Hotel Sexto Sentido \/ DIN Interiorismo (\u00a9 Arturo Ch\u00e1vez L\u00f3pez)\" data-rel=\"lightbox-gallery-1\"><img loading=\"lazy\" decoding=\"async\" width=\"150\" height=\"150\" src=\"https:\/\/www.arquimaster.com.ar\/web\/wp-content\/uploads\/2023\/01\/hotel_sexto_sentido1-150x150.jpg\" class=\"attachment-thumbnail size-thumbnail\" alt=\"Hotel Sexto Sentido \/ DIN Interiorismo\" aria-describedby=\"gallery-1-74322\" \/><\/a>\n\t\t\t<\/div>\n\t\t\t\t<figcaption class='wp-caption-text gallery-caption' id='gallery-1-74322'>\n\t\t\t\tHotel Sexto Sentido \/ DIN Interiorismo (\u00a9 Arturo Ch\u00e1vez L\u00f3pez)\n\t\t\t\t<\/figcaption><\/figure><figure class='gallery-item'>\n\t\t\t<div class='gallery-icon landscape'>\n\t\t\t\t<a href='https:\/\/www.arquimaster.com.ar\/web\/wp-content\/uploads\/2023\/01\/hotel_sexto_sentido2.jpg' title=\"Hotel Sexto Sentido \/ DIN Interiorismo (\u00a9 Arturo Ch\u00e1vez L\u00f3pez)\" data-rl_title=\"Hotel Sexto Sentido \/ DIN Interiorismo (\u00a9 Arturo Ch\u00e1vez L\u00f3pez)\" class=\"rl-gallery-link\" data-rl_caption=\"Hotel Sexto Sentido \/ DIN Interiorismo (\u00a9 Arturo Ch\u00e1vez L\u00f3pez)\" data-rel=\"lightbox-gallery-1\"><img loading=\"lazy\" decoding=\"async\" width=\"150\" height=\"150\" src=\"https:\/\/www.arquimaster.com.ar\/web\/wp-content\/uploads\/2023\/01\/hotel_sexto_sentido2-150x150.jpg\" class=\"attachment-thumbnail size-thumbnail\" alt=\"Hotel Sexto Sentido \/ DIN Interiorismo\" aria-describedby=\"gallery-1-74323\" \/><\/a>\n\t\t\t<\/div>\n\t\t\t\t<figcaption class='wp-caption-text gallery-caption' id='gallery-1-74323'>\n\t\t\t\tHotel Sexto Sentido \/ DIN Interiorismo (\u00a9 Arturo Ch\u00e1vez L\u00f3pez)\n\t\t\t\t<\/figcaption><\/figure><figure class='gallery-item'>\n\t\t\t<div class='gallery-icon landscape'>\n\t\t\t\t<a href='https:\/\/www.arquimaster.com.ar\/web\/wp-content\/uploads\/2023\/01\/hotel_sexto_sentido3.jpg' title=\"Hotel Sexto Sentido \/ DIN Interiorismo (\u00a9 Arturo Ch\u00e1vez L\u00f3pez)\" data-rl_title=\"Hotel Sexto Sentido \/ DIN Interiorismo (\u00a9 Arturo Ch\u00e1vez L\u00f3pez)\" class=\"rl-gallery-link\" data-rl_caption=\"Hotel Sexto Sentido \/ DIN Interiorismo (\u00a9 Arturo Ch\u00e1vez L\u00f3pez)\" data-rel=\"lightbox-gallery-1\"><img loading=\"lazy\" decoding=\"async\" width=\"150\" height=\"150\" src=\"https:\/\/www.arquimaster.com.ar\/web\/wp-content\/uploads\/2023\/01\/hotel_sexto_sentido3-150x150.jpg\" class=\"attachment-thumbnail size-thumbnail\" alt=\"Hotel Sexto Sentido \/ DIN Interiorismo\" aria-describedby=\"gallery-1-74324\" \/><\/a>\n\t\t\t<\/div>\n\t\t\t\t<figcaption class='wp-caption-text gallery-caption' id='gallery-1-74324'>\n\t\t\t\tHotel Sexto Sentido \/ DIN Interiorismo (\u00a9 Arturo Ch\u00e1vez L\u00f3pez)\n\t\t\t\t<\/figcaption><\/figure><figure class='gallery-item'>\n\t\t\t<div class='gallery-icon landscape'>\n\t\t\t\t<a href='https:\/\/www.arquimaster.com.ar\/web\/wp-content\/uploads\/2023\/01\/hotel_sexto_sentido4.jpg' title=\"Hotel Sexto Sentido \/ DIN Interiorismo (\u00a9 Arturo Ch\u00e1vez L\u00f3pez)\" data-rl_title=\"Hotel Sexto Sentido \/ DIN Interiorismo (\u00a9 Arturo Ch\u00e1vez L\u00f3pez)\" class=\"rl-gallery-link\" data-rl_caption=\"Hotel Sexto Sentido \/ DIN Interiorismo (\u00a9 Arturo Ch\u00e1vez L\u00f3pez)\" data-rel=\"lightbox-gallery-1\"><img loading=\"lazy\" decoding=\"async\" width=\"150\" height=\"150\" src=\"https:\/\/www.arquimaster.com.ar\/web\/wp-content\/uploads\/2023\/01\/hotel_sexto_sentido4-150x150.jpg\" class=\"attachment-thumbnail size-thumbnail\" alt=\"Hotel Sexto Sentido \/ DIN Interiorismo\" aria-describedby=\"gallery-1-74325\" \/><\/a>\n\t\t\t<\/div>\n\t\t\t\t<figcaption class='wp-caption-text gallery-caption' id='gallery-1-74325'>\n\t\t\t\tHotel Sexto Sentido \/ DIN Interiorismo (\u00a9 Arturo Ch\u00e1vez L\u00f3pez)\n\t\t\t\t<\/figcaption><\/figure><figure class='gallery-item'>\n\t\t\t<div class='gallery-icon portrait'>\n\t\t\t\t<a href='https:\/\/www.arquimaster.com.ar\/web\/wp-content\/uploads\/2023\/01\/hotel_sexto_sentido5.jpg' title=\"Hotel Sexto Sentido \/ DIN Interiorismo (\u00a9 Arturo Ch\u00e1vez L\u00f3pez)\" data-rl_title=\"Hotel Sexto Sentido \/ DIN Interiorismo (\u00a9 Arturo Ch\u00e1vez L\u00f3pez)\" class=\"rl-gallery-link\" data-rl_caption=\"Hotel Sexto Sentido \/ DIN Interiorismo (\u00a9 Arturo Ch\u00e1vez L\u00f3pez)\" data-rel=\"lightbox-gallery-1\"><img loading=\"lazy\" decoding=\"async\" width=\"150\" height=\"150\" src=\"https:\/\/www.arquimaster.com.ar\/web\/wp-content\/uploads\/2023\/01\/hotel_sexto_sentido5-150x150.jpg\" class=\"attachment-thumbnail size-thumbnail\" alt=\"Hotel Sexto Sentido \/ DIN Interiorismo\" aria-describedby=\"gallery-1-74326\" \/><\/a>\n\t\t\t<\/div>\n\t\t\t\t<figcaption class='wp-caption-text gallery-caption' id='gallery-1-74326'>\n\t\t\t\tHotel Sexto Sentido \/ DIN Interiorismo (\u00a9 Arturo Ch\u00e1vez L\u00f3pez)\n\t\t\t\t<\/figcaption><\/figure><figure class='gallery-item'>\n\t\t\t<div class='gallery-icon landscape'>\n\t\t\t\t<a href='https:\/\/www.arquimaster.com.ar\/web\/wp-content\/uploads\/2023\/01\/hotel_sexto_sentido6.jpg' title=\"Hotel Sexto Sentido \/ DIN Interiorismo (\u00a9 Arturo Ch\u00e1vez L\u00f3pez)\" data-rl_title=\"Hotel Sexto Sentido \/ DIN Interiorismo (\u00a9 Arturo Ch\u00e1vez L\u00f3pez)\" class=\"rl-gallery-link\" data-rl_caption=\"Hotel Sexto Sentido \/ DIN Interiorismo (\u00a9 Arturo Ch\u00e1vez L\u00f3pez)\" data-rel=\"lightbox-gallery-1\"><img loading=\"lazy\" decoding=\"async\" width=\"150\" height=\"150\" src=\"https:\/\/www.arquimaster.com.ar\/web\/wp-content\/uploads\/2023\/01\/hotel_sexto_sentido6-150x150.jpg\" class=\"attachment-thumbnail size-thumbnail\" alt=\"Hotel Sexto Sentido \/ DIN Interiorismo\" aria-describedby=\"gallery-1-74327\" \/><\/a>\n\t\t\t<\/div>\n\t\t\t\t<figcaption class='wp-caption-text gallery-caption' id='gallery-1-74327'>\n\t\t\t\tHotel Sexto Sentido \/ DIN Interiorismo (\u00a9 Arturo Ch\u00e1vez L\u00f3pez)\n\t\t\t\t<\/figcaption><\/figure><figure class='gallery-item'>\n\t\t\t<div class='gallery-icon portrait'>\n\t\t\t\t<a href='https:\/\/www.arquimaster.com.ar\/web\/wp-content\/uploads\/2023\/01\/hotel_sexto_sentido7.jpg' title=\"Hotel Sexto Sentido \/ DIN Interiorismo (\u00a9 Arturo Ch\u00e1vez L\u00f3pez)\" data-rl_title=\"Hotel Sexto Sentido \/ DIN Interiorismo (\u00a9 Arturo Ch\u00e1vez L\u00f3pez)\" class=\"rl-gallery-link\" data-rl_caption=\"Hotel Sexto Sentido \/ DIN Interiorismo (\u00a9 Arturo Ch\u00e1vez L\u00f3pez)\" data-rel=\"lightbox-gallery-1\"><img loading=\"lazy\" decoding=\"async\" width=\"150\" height=\"150\" src=\"https:\/\/www.arquimaster.com.ar\/web\/wp-content\/uploads\/2023\/01\/hotel_sexto_sentido7-150x150.jpg\" class=\"attachment-thumbnail size-thumbnail\" alt=\"Hotel Sexto Sentido \/ DIN Interiorismo\" aria-describedby=\"gallery-1-74328\" \/><\/a>\n\t\t\t<\/div>\n\t\t\t\t<figcaption class='wp-caption-text gallery-caption' id='gallery-1-74328'>\n\t\t\t\tHotel Sexto Sentido \/ DIN Interiorismo (\u00a9 Arturo Ch\u00e1vez L\u00f3pez)\n\t\t\t\t<\/figcaption><\/figure><figure class='gallery-item'>\n\t\t\t<div class='gallery-icon portrait'>\n\t\t\t\t<a href='https:\/\/www.arquimaster.com.ar\/web\/wp-content\/uploads\/2023\/01\/hotel_sexto_sentido8.jpg' title=\"Hotel Sexto Sentido \/ DIN Interiorismo (\u00a9 Arturo Ch\u00e1vez L\u00f3pez)\" data-rl_title=\"Hotel Sexto Sentido \/ DIN Interiorismo (\u00a9 Arturo Ch\u00e1vez L\u00f3pez)\" class=\"rl-gallery-link\" data-rl_caption=\"Hotel Sexto Sentido \/ DIN Interiorismo (\u00a9 Arturo Ch\u00e1vez L\u00f3pez)\" data-rel=\"lightbox-gallery-1\"><img loading=\"lazy\" decoding=\"async\" width=\"150\" height=\"150\" src=\"https:\/\/www.arquimaster.com.ar\/web\/wp-content\/uploads\/2023\/01\/hotel_sexto_sentido8-150x150.jpg\" class=\"attachment-thumbnail size-thumbnail\" alt=\"Hotel Sexto Sentido \/ DIN Interiorismo\" aria-describedby=\"gallery-1-74329\" \/><\/a>\n\t\t\t<\/div>\n\t\t\t\t<figcaption class='wp-caption-text gallery-caption' id='gallery-1-74329'>\n\t\t\t\tHotel Sexto Sentido \/ DIN Interiorismo (\u00a9 Arturo Ch\u00e1vez L\u00f3pez)\n\t\t\t\t<\/figcaption><\/figure><figure class='gallery-item'>\n\t\t\t<div class='gallery-icon landscape'>\n\t\t\t\t<a href='https:\/\/www.arquimaster.com.ar\/web\/wp-content\/uploads\/2023\/01\/hotel_sexto_sentido9.jpg' title=\"Hotel Sexto Sentido \/ DIN Interiorismo (\u00a9 Arturo Ch\u00e1vez L\u00f3pez)\" data-rl_title=\"Hotel Sexto Sentido \/ DIN Interiorismo (\u00a9 Arturo Ch\u00e1vez L\u00f3pez)\" class=\"rl-gallery-link\" data-rl_caption=\"Hotel Sexto Sentido \/ DIN Interiorismo (\u00a9 Arturo Ch\u00e1vez L\u00f3pez)\" data-rel=\"lightbox-gallery-1\"><img loading=\"lazy\" decoding=\"async\" width=\"150\" height=\"150\" src=\"https:\/\/www.arquimaster.com.ar\/web\/wp-content\/uploads\/2023\/01\/hotel_sexto_sentido9-150x150.jpg\" class=\"attachment-thumbnail size-thumbnail\" alt=\"Hotel Sexto Sentido \/ DIN Interiorismo\" aria-describedby=\"gallery-1-74330\" \/><\/a>\n\t\t\t<\/div>\n\t\t\t\t<figcaption class='wp-caption-text gallery-caption' id='gallery-1-74330'>\n\t\t\t\tHotel Sexto Sentido \/ DIN Interiorismo (\u00a9 Arturo Ch\u00e1vez L\u00f3pez)\n\t\t\t\t<\/figcaption><\/figure><figure class='gallery-item'>\n\t\t\t<div class='gallery-icon portrait'>\n\t\t\t\t<a href='https:\/\/www.arquimaster.com.ar\/web\/wp-content\/uploads\/2023\/01\/hotel_sexto_sentido10.jpg' title=\"Hotel Sexto Sentido \/ DIN Interiorismo (\u00a9 Arturo Ch\u00e1vez L\u00f3pez)\" data-rl_title=\"Hotel Sexto Sentido \/ DIN Interiorismo (\u00a9 Arturo Ch\u00e1vez L\u00f3pez)\" class=\"rl-gallery-link\" data-rl_caption=\"Hotel Sexto Sentido \/ DIN Interiorismo (\u00a9 Arturo Ch\u00e1vez L\u00f3pez)\" data-rel=\"lightbox-gallery-1\"><img loading=\"lazy\" decoding=\"async\" width=\"150\" height=\"150\" src=\"https:\/\/www.arquimaster.com.ar\/web\/wp-content\/uploads\/2023\/01\/hotel_sexto_sentido10-150x150.jpg\" class=\"attachment-thumbnail size-thumbnail\" alt=\"Hotel Sexto Sentido \/ DIN Interiorismo\" aria-describedby=\"gallery-1-74331\" \/><\/a>\n\t\t\t<\/div>\n\t\t\t\t<figcaption class='wp-caption-text gallery-caption' id='gallery-1-74331'>\n\t\t\t\tHotel Sexto Sentido \/ DIN Interiorismo (\u00a9 Arturo Ch\u00e1vez L\u00f3pez)\n\t\t\t\t<\/figcaption><\/figure><figure class='gallery-item'>\n\t\t\t<div class='gallery-icon portrait'>\n\t\t\t\t<a href='https:\/\/www.arquimaster.com.ar\/web\/wp-content\/uploads\/2023\/01\/hotel_sexto_sentido11.jpg' title=\"Hotel Sexto Sentido \/ DIN Interiorismo (\u00a9 Arturo Ch\u00e1vez L\u00f3pez)\" data-rl_title=\"Hotel Sexto Sentido \/ DIN Interiorismo (\u00a9 Arturo Ch\u00e1vez L\u00f3pez)\" class=\"rl-gallery-link\" data-rl_caption=\"Hotel Sexto Sentido \/ DIN Interiorismo (\u00a9 Arturo Ch\u00e1vez L\u00f3pez)\" data-rel=\"lightbox-gallery-1\"><img loading=\"lazy\" decoding=\"async\" width=\"150\" height=\"150\" src=\"https:\/\/www.arquimaster.com.ar\/web\/wp-content\/uploads\/2023\/01\/hotel_sexto_sentido11-150x150.jpg\" class=\"attachment-thumbnail size-thumbnail\" alt=\"Hotel Sexto Sentido \/ DIN Interiorismo\" aria-describedby=\"gallery-1-74332\" \/><\/a>\n\t\t\t<\/div>\n\t\t\t\t<figcaption class='wp-caption-text gallery-caption' id='gallery-1-74332'>\n\t\t\t\tHotel Sexto Sentido \/ DIN Interiorismo (\u00a9 Arturo Ch\u00e1vez L\u00f3pez)\n\t\t\t\t<\/figcaption><\/figure><figure class='gallery-item'>\n\t\t\t<div class='gallery-icon portrait'>\n\t\t\t\t<a href='https:\/\/www.arquimaster.com.ar\/web\/wp-content\/uploads\/2023\/01\/hotel_sexto_sentido12.jpg' title=\"Hotel Sexto Sentido \/ DIN Interiorismo (planta general)\" data-rl_title=\"Hotel Sexto Sentido \/ DIN Interiorismo (planta general)\" class=\"rl-gallery-link\" data-rl_caption=\"Hotel Sexto Sentido \/ DIN Interiorismo (planta general)\" data-rel=\"lightbox-gallery-1\"><img loading=\"lazy\" decoding=\"async\" width=\"150\" height=\"150\" src=\"https:\/\/www.arquimaster.com.ar\/web\/wp-content\/uploads\/2023\/01\/hotel_sexto_sentido12-150x150.jpg\" class=\"attachment-thumbnail size-thumbnail\" alt=\"Hotel Sexto Sentido \/ DIN Interiorismo\" aria-describedby=\"gallery-1-74333\" \/><\/a>\n\t\t\t<\/div>\n\t\t\t\t<figcaption class='wp-caption-text gallery-caption' id='gallery-1-74333'>\n\t\t\t\tHotel Sexto Sentido \/ DIN Interiorismo (planta general)\n\t\t\t\t<\/figcaption><\/figure><figure class='gallery-item'>\n\t\t\t<div class='gallery-icon portrait'>\n\t\t\t\t<a href='https:\/\/www.arquimaster.com.ar\/web\/wp-content\/uploads\/2023\/01\/hotel_sexto_sentido13.jpg' title=\"Hotel Sexto Sentido \/ DIN Interiorismo (planta habitaci\u00f3n)\" data-rl_title=\"Hotel Sexto Sentido \/ DIN Interiorismo (planta habitaci\u00f3n)\" class=\"rl-gallery-link\" data-rl_caption=\"Hotel Sexto Sentido \/ DIN Interiorismo (planta habitaci\u00f3n)\" data-rel=\"lightbox-gallery-1\"><img loading=\"lazy\" decoding=\"async\" width=\"150\" height=\"150\" src=\"https:\/\/www.arquimaster.com.ar\/web\/wp-content\/uploads\/2023\/01\/hotel_sexto_sentido13-150x150.jpg\" class=\"attachment-thumbnail size-thumbnail\" alt=\"Hotel Sexto Sentido \/ DIN Interiorismo\" aria-describedby=\"gallery-1-74334\" \/><\/a>\n\t\t\t<\/div>\n\t\t\t\t<figcaption class='wp-caption-text gallery-caption' id='gallery-1-74334'>\n\t\t\t\tHotel Sexto Sentido \/ DIN Interiorismo (planta habitaci\u00f3n)\n\t\t\t\t<\/figcaption><\/figure>\n\t\t<\/div>\n\n<p>El tema seleccionado fueron las emociones y se acotaron a aquellas relacionadas con lo mejor de las actividades sexuales. Alegr\u00eda: el sentimiento de placer por un suceso agradable. La euforia: esa sensaci\u00f3n de optimismo y bienestar producida por la satisfacci\u00f3n. La lujuria: tomando su lado vibrante, el deseo sexual desordenado e indomable. Y no pod\u00eda faltar el \u00e9xtasis: ese estado de plenitud m\u00e1xima. En total cuatro emociones que dan forma al concepto total.<\/p>\n<p>Una vez acotadas las emociones se relacionaron con un color que en combinaci\u00f3n con todos los elementos de cada una de las habitaciones definen un lenguaje gr\u00e1fico que genera cuatro diferentes tipos de ambientes. Para la alegr\u00eda el amarillo, la euforia en naranja, la lujuria el rojo y el \u00e9xtasis en morado, una selecci\u00f3n din\u00e1mica y llena de energ\u00eda.<\/p>\n<p>El dise\u00f1o de las habitaciones fue apoyado con gr\u00e1ficos inspirados en el trabajo de la artista Barbara Kruger, que se balance\u00f3 con muros en blanco para lograr los porcentajes adecuados de elementos gr\u00e1ficos y color, en armon\u00eda con los elementos principales de la habitaci\u00f3n.<\/p>\n<p>La cama se coloc\u00f3 a 30\u00ba definiendo el punto de partida de la distribuci\u00f3n del espacio. Detr\u00e1s de la cabecera se dise\u00f1\u00f3 un Fajodromo inclinado y la regadera es acristalada enmarcando la vista hacia la habitaci\u00f3n.<\/p>\n\n\n<div style=\"height:20px\" aria-hidden=\"true\" class=\"wp-block-spacer\"><\/div>\n\n\n\n<p class=\"has-background\" style=\"background-color:#eaeaea\"><strong>Ficha t\u00e9cnica<\/strong><br>Nombre: Hotel Sexto Sentido<br>Ubicaci\u00f3n: Canc\u00fan, Quintana Roo, M\u00e9xico<br>Proyecto: DIN Interiorismo<br>Interiorista Aurelio V\u00e1zquez<br>Categor\u00eda: Hotel<br>Superficie: 261 m2<br>A\u00f1o: 2018<br>Fotograf\u00eda: Arturo Ch\u00e1vez L\u00f3pez<br><br><strong>Contacto<\/strong><br><a href=\"https:\/\/www.din.com.mx\" target=\"_blank\" rel=\"noreferrer noopener\">https:\/\/www.din.com.mx<\/a><br>Twitter: @DINinteriorismo<br>Instagram: @dininteriorismo<br>Facebook: DIN interiorismo<\/p>\n\n\n\n<div style=\"height:40px\" aria-hidden=\"true\" class=\"wp-block-spacer\"><\/div>\n\n<div style=\"font-size: 0px; height: 0px; line-height: 0px; margin: 0; padding: 0; clear: both;\"><\/div><div style=\"margin-top: 0px; margin-bottom: 0px;\" class=\"sharethis-inline-share-buttons\" ><\/div>","protected":false},"excerpt":{"rendered":"<p>El tema seleccionado fueron las emociones y se acotaron a aquellas relacionadas&#8230;<\/p>\n","protected":false},"author":1,"featured_media":74321,"comment_status":"closed","ping_status":"closed","sticky":false,"template":"","format":"standard","meta":{"_uag_custom_page_level_css":"","footnotes":""},"categories":[75,1],"tags":[1233,2159,7487,2158,111,24,7488],"class_list":["post-74320","post","type-post","status-publish","format-standard","has-post-thumbnail","hentry","category-arquitectura-comercial","category-proyecto","tag-arquitectura-comercial-2","tag-aurelio-vazquez","tag-cancun","tag-din-interiorismo","tag-hotel","tag-mexico","tag-quintana-roo","generate-columns","tablet-grid-50","mobile-grid-100","grid-parent","grid-50"],"yoast_head":"<!-- This site is optimized with the Yoast SEO plugin v27.3 - https:\/\/yoast.com\/product\/yoast-seo-wordpress\/ -->\n<title>Hotel Sexto Sentido \/ DIN Interiorismo - Arquimaster<\/title>\n<meta name=\"description\" content=\"El enfoque en el p\u00fablico objetivo permiti\u00f3 dar forma a un concepto que no estuviera relacionado con el mar.\" \/>\n<meta name=\"robots\" content=\"index, follow, max-snippet:-1, max-image-preview:large, max-video-preview:-1\" \/>\n<link rel=\"canonical\" href=\"https:\/\/www.arquimaster.com.ar\/web\/hotel-sexto-sentido-din-interiorismo\/\" \/>\n<meta property=\"og:locale\" content=\"es_ES\" \/>\n<meta property=\"og:type\" content=\"article\" \/>\n<meta property=\"og:title\" content=\"Hotel Sexto Sentido \/ DIN Interiorismo\" \/>\n<meta property=\"og:description\" content=\"El enfoque en el p\u00fablico objetivo permiti\u00f3 dar forma a un concepto que no estuviera relacionado con el mar.\" \/>\n<meta property=\"og:url\" content=\"https:\/\/www.arquimaster.com.ar\/web\/hotel-sexto-sentido-din-interiorismo\/\" \/>\n<meta property=\"og:site_name\" content=\"Arquimaster\" \/>\n<meta property=\"article:publisher\" content=\"http:\/\/www.facebook.com\/ARQUIMASTER.com.ar\" \/>\n<meta property=\"article:published_time\" content=\"2023-01-26T19:11:58+00:00\" \/>\n<meta property=\"article:modified_time\" content=\"2023-01-26T19:46:56+00:00\" \/>\n<meta property=\"og:image\" content=\"https:\/\/www.arquimaster.com.ar\/web\/wp-content\/uploads\/2023\/01\/hotel_sexto_sentido_slide.jpg\" \/>\n\t<meta property=\"og:image:width\" content=\"698\" \/>\n\t<meta property=\"og:image:height\" content=\"364\" \/>\n\t<meta property=\"og:image:type\" content=\"image\/jpeg\" \/>\n<meta name=\"author\" content=\"Arquimaster\" \/>\n<meta name=\"twitter:card\" content=\"summary_large_image\" \/>\n<meta name=\"twitter:title\" content=\"Hotel Sexto Sentido \/ DIN Interiorismo\" \/>\n<meta name=\"twitter:description\" content=\"El enfoque en el p\u00fablico objetivo permiti\u00f3 dar forma a un concepto que no estuviera relacionado con el mar.\" \/>\n<meta name=\"twitter:image\" content=\"https:\/\/www.arquimaster.com.ar\/web\/wp-content\/uploads\/2023\/01\/hotel_sexto_sentido_slide.jpg\" \/>\n<meta name=\"twitter:creator\" content=\"@arquimaster\" \/>\n<meta name=\"twitter:site\" content=\"@arquimaster\" \/>\n<meta name=\"twitter:label1\" content=\"Escrito por\" \/>\n\t<meta name=\"twitter:data1\" content=\"Arquimaster\" \/>\n\t<meta name=\"twitter:label2\" content=\"Tiempo de lectura\" \/>\n\t<meta name=\"twitter:data2\" content=\"2 minutos\" \/>\n<script type=\"application\/ld+json\" class=\"yoast-schema-graph\">{\"@context\":\"https:\\\/\\\/schema.org\",\"@graph\":[{\"@type\":\"Article\",\"@id\":\"https:\\\/\\\/www.arquimaster.com.ar\\\/web\\\/hotel-sexto-sentido-din-interiorismo\\\/#article\",\"isPartOf\":{\"@id\":\"https:\\\/\\\/www.arquimaster.com.ar\\\/web\\\/hotel-sexto-sentido-din-interiorismo\\\/\"},\"author\":{\"name\":\"Arquimaster\",\"@id\":\"https:\\\/\\\/www.arquimaster.com.ar\\\/web\\\/#\\\/schema\\\/person\\\/359e9f7c00193fcde068e0dd2ceb0028\"},\"headline\":\"Hotel Sexto Sentido \\\/ DIN Interiorismo\",\"datePublished\":\"2023-01-26T19:11:58+00:00\",\"dateModified\":\"2023-01-26T19:46:56+00:00\",\"mainEntityOfPage\":{\"@id\":\"https:\\\/\\\/www.arquimaster.com.ar\\\/web\\\/hotel-sexto-sentido-din-interiorismo\\\/\"},\"wordCount\":369,\"publisher\":{\"@id\":\"https:\\\/\\\/www.arquimaster.com.ar\\\/web\\\/#organization\"},\"image\":{\"@id\":\"https:\\\/\\\/www.arquimaster.com.ar\\\/web\\\/hotel-sexto-sentido-din-interiorismo\\\/#primaryimage\"},\"thumbnailUrl\":\"https:\\\/\\\/www.arquimaster.com.ar\\\/web\\\/wp-content\\\/uploads\\\/2023\\\/01\\\/hotel_sexto_sentido_slide.jpg\",\"keywords\":[\"arquitectura comercial\",\"Aurelio V\u00e1zquez\",\"Canc\u00fan\",\"DIN interiorismo\",\"hotel\",\"Mexico\",\"Quintana Roo\"],\"articleSection\":[\"Arquitectura comercial\",\"Proyecto\"],\"inLanguage\":\"es\"},{\"@type\":\"WebPage\",\"@id\":\"https:\\\/\\\/www.arquimaster.com.ar\\\/web\\\/hotel-sexto-sentido-din-interiorismo\\\/\",\"url\":\"https:\\\/\\\/www.arquimaster.com.ar\\\/web\\\/hotel-sexto-sentido-din-interiorismo\\\/\",\"name\":\"Hotel Sexto Sentido \\\/ DIN Interiorismo - Arquimaster\",\"isPartOf\":{\"@id\":\"https:\\\/\\\/www.arquimaster.com.ar\\\/web\\\/#website\"},\"primaryImageOfPage\":{\"@id\":\"https:\\\/\\\/www.arquimaster.com.ar\\\/web\\\/hotel-sexto-sentido-din-interiorismo\\\/#primaryimage\"},\"image\":{\"@id\":\"https:\\\/\\\/www.arquimaster.com.ar\\\/web\\\/hotel-sexto-sentido-din-interiorismo\\\/#primaryimage\"},\"thumbnailUrl\":\"https:\\\/\\\/www.arquimaster.com.ar\\\/web\\\/wp-content\\\/uploads\\\/2023\\\/01\\\/hotel_sexto_sentido_slide.jpg\",\"datePublished\":\"2023-01-26T19:11:58+00:00\",\"dateModified\":\"2023-01-26T19:46:56+00:00\",\"description\":\"El enfoque en el p\u00fablico objetivo permiti\u00f3 dar forma a un concepto que no estuviera relacionado con el mar.\",\"breadcrumb\":{\"@id\":\"https:\\\/\\\/www.arquimaster.com.ar\\\/web\\\/hotel-sexto-sentido-din-interiorismo\\\/#breadcrumb\"},\"inLanguage\":\"es\",\"potentialAction\":[{\"@type\":\"ReadAction\",\"target\":[\"https:\\\/\\\/www.arquimaster.com.ar\\\/web\\\/hotel-sexto-sentido-din-interiorismo\\\/\"]}]},{\"@type\":\"ImageObject\",\"inLanguage\":\"es\",\"@id\":\"https:\\\/\\\/www.arquimaster.com.ar\\\/web\\\/hotel-sexto-sentido-din-interiorismo\\\/#primaryimage\",\"url\":\"https:\\\/\\\/www.arquimaster.com.ar\\\/web\\\/wp-content\\\/uploads\\\/2023\\\/01\\\/hotel_sexto_sentido_slide.jpg\",\"contentUrl\":\"https:\\\/\\\/www.arquimaster.com.ar\\\/web\\\/wp-content\\\/uploads\\\/2023\\\/01\\\/hotel_sexto_sentido_slide.jpg\",\"width\":698,\"height\":364,\"caption\":\"Hotel Sexto Sentido \\\/ DIN Interiorismo\"},{\"@type\":\"BreadcrumbList\",\"@id\":\"https:\\\/\\\/www.arquimaster.com.ar\\\/web\\\/hotel-sexto-sentido-din-interiorismo\\\/#breadcrumb\",\"itemListElement\":[{\"@type\":\"ListItem\",\"position\":1,\"name\":\"Portada\",\"item\":\"https:\\\/\\\/www.arquimaster.com.ar\\\/web\\\/\"},{\"@type\":\"ListItem\",\"position\":2,\"name\":\"Hotel Sexto Sentido \\\/ DIN Interiorismo\"}]},{\"@type\":\"WebSite\",\"@id\":\"https:\\\/\\\/www.arquimaster.com.ar\\\/web\\\/#website\",\"url\":\"https:\\\/\\\/www.arquimaster.com.ar\\\/web\\\/\",\"name\":\"Arquimaster\",\"description\":\"Web de arquitectura, dise\u00f1o y construccion\",\"publisher\":{\"@id\":\"https:\\\/\\\/www.arquimaster.com.ar\\\/web\\\/#organization\"},\"potentialAction\":[{\"@type\":\"SearchAction\",\"target\":{\"@type\":\"EntryPoint\",\"urlTemplate\":\"https:\\\/\\\/www.arquimaster.com.ar\\\/web\\\/?s={search_term_string}\"},\"query-input\":{\"@type\":\"PropertyValueSpecification\",\"valueRequired\":true,\"valueName\":\"search_term_string\"}}],\"inLanguage\":\"es\"},{\"@type\":\"Organization\",\"@id\":\"https:\\\/\\\/www.arquimaster.com.ar\\\/web\\\/#organization\",\"name\":\"Arquimaster\",\"url\":\"https:\\\/\\\/www.arquimaster.com.ar\\\/web\\\/\",\"logo\":{\"@type\":\"ImageObject\",\"inLanguage\":\"es\",\"@id\":\"https:\\\/\\\/www.arquimaster.com.ar\\\/web\\\/#\\\/schema\\\/logo\\\/image\\\/\",\"url\":\"https:\\\/\\\/www.arquimaster.com.ar\\\/web\\\/wp-content\\\/uploads\\\/2022\\\/06\\\/arquimaster.png\",\"contentUrl\":\"https:\\\/\\\/www.arquimaster.com.ar\\\/web\\\/wp-content\\\/uploads\\\/2022\\\/06\\\/arquimaster.png\",\"width\":594,\"height\":78,\"caption\":\"Arquimaster\"},\"image\":{\"@id\":\"https:\\\/\\\/www.arquimaster.com.ar\\\/web\\\/#\\\/schema\\\/logo\\\/image\\\/\"},\"sameAs\":[\"http:\\\/\\\/www.facebook.com\\\/ARQUIMASTER.com.ar\",\"https:\\\/\\\/x.com\\\/arquimaster\",\"https:\\\/\\\/www.instagram.com\\\/arquimasterblog\\\/\",\"https:\\\/\\\/www.linkedin.com\\\/company\\\/arquimaster\",\"https:\\\/\\\/www.pinterest.com\\\/arquimaster\",\"https:\\\/\\\/t.me\\\/arquimaster\"]},{\"@type\":\"Person\",\"@id\":\"https:\\\/\\\/www.arquimaster.com.ar\\\/web\\\/#\\\/schema\\\/person\\\/359e9f7c00193fcde068e0dd2ceb0028\",\"name\":\"Arquimaster\"}]}<\/script>\n<!-- \/ Yoast SEO plugin. -->","yoast_head_json":{"title":"Hotel Sexto Sentido \/ DIN Interiorismo - Arquimaster","description":"El enfoque en el p\u00fablico objetivo permiti\u00f3 dar forma a un concepto que no estuviera relacionado con el mar.","robots":{"index":"index","follow":"follow","max-snippet":"max-snippet:-1","max-image-preview":"max-image-preview:large","max-video-preview":"max-video-preview:-1"},"canonical":"https:\/\/www.arquimaster.com.ar\/web\/hotel-sexto-sentido-din-interiorismo\/","og_locale":"es_ES","og_type":"article","og_title":"Hotel Sexto Sentido \/ DIN Interiorismo","og_description":"El enfoque en el p\u00fablico objetivo permiti\u00f3 dar forma a un concepto que no estuviera relacionado con el mar.","og_url":"https:\/\/www.arquimaster.com.ar\/web\/hotel-sexto-sentido-din-interiorismo\/","og_site_name":"Arquimaster","article_publisher":"http:\/\/www.facebook.com\/ARQUIMASTER.com.ar","article_published_time":"2023-01-26T19:11:58+00:00","article_modified_time":"2023-01-26T19:46:56+00:00","og_image":[{"width":698,"height":364,"url":"https:\/\/www.arquimaster.com.ar\/web\/wp-content\/uploads\/2023\/01\/hotel_sexto_sentido_slide.jpg","type":"image\/jpeg"}],"author":"Arquimaster","twitter_card":"summary_large_image","twitter_title":"Hotel Sexto Sentido \/ DIN Interiorismo","twitter_description":"El enfoque en el p\u00fablico objetivo permiti\u00f3 dar forma a un concepto que no estuviera relacionado con el mar.","twitter_image":"https:\/\/www.arquimaster.com.ar\/web\/wp-content\/uploads\/2023\/01\/hotel_sexto_sentido_slide.jpg","twitter_creator":"@arquimaster","twitter_site":"@arquimaster","twitter_misc":{"Escrito por":"Arquimaster","Tiempo de lectura":"2 minutos"},"schema":{"@context":"https:\/\/schema.org","@graph":[{"@type":"Article","@id":"https:\/\/www.arquimaster.com.ar\/web\/hotel-sexto-sentido-din-interiorismo\/#article","isPartOf":{"@id":"https:\/\/www.arquimaster.com.ar\/web\/hotel-sexto-sentido-din-interiorismo\/"},"author":{"name":"Arquimaster","@id":"https:\/\/www.arquimaster.com.ar\/web\/#\/schema\/person\/359e9f7c00193fcde068e0dd2ceb0028"},"headline":"Hotel Sexto Sentido \/ DIN Interiorismo","datePublished":"2023-01-26T19:11:58+00:00","dateModified":"2023-01-26T19:46:56+00:00","mainEntityOfPage":{"@id":"https:\/\/www.arquimaster.com.ar\/web\/hotel-sexto-sentido-din-interiorismo\/"},"wordCount":369,"publisher":{"@id":"https:\/\/www.arquimaster.com.ar\/web\/#organization"},"image":{"@id":"https:\/\/www.arquimaster.com.ar\/web\/hotel-sexto-sentido-din-interiorismo\/#primaryimage"},"thumbnailUrl":"https:\/\/www.arquimaster.com.ar\/web\/wp-content\/uploads\/2023\/01\/hotel_sexto_sentido_slide.jpg","keywords":["arquitectura comercial","Aurelio V\u00e1zquez","Canc\u00fan","DIN interiorismo","hotel","Mexico","Quintana Roo"],"articleSection":["Arquitectura comercial","Proyecto"],"inLanguage":"es"},{"@type":"WebPage","@id":"https:\/\/www.arquimaster.com.ar\/web\/hotel-sexto-sentido-din-interiorismo\/","url":"https:\/\/www.arquimaster.com.ar\/web\/hotel-sexto-sentido-din-interiorismo\/","name":"Hotel Sexto Sentido \/ DIN Interiorismo - Arquimaster","isPartOf":{"@id":"https:\/\/www.arquimaster.com.ar\/web\/#website"},"primaryImageOfPage":{"@id":"https:\/\/www.arquimaster.com.ar\/web\/hotel-sexto-sentido-din-interiorismo\/#primaryimage"},"image":{"@id":"https:\/\/www.arquimaster.com.ar\/web\/hotel-sexto-sentido-din-interiorismo\/#primaryimage"},"thumbnailUrl":"https:\/\/www.arquimaster.com.ar\/web\/wp-content\/uploads\/2023\/01\/hotel_sexto_sentido_slide.jpg","datePublished":"2023-01-26T19:11:58+00:00","dateModified":"2023-01-26T19:46:56+00:00","description":"El enfoque en el p\u00fablico objetivo permiti\u00f3 dar forma a un concepto que no estuviera relacionado con el mar.","breadcrumb":{"@id":"https:\/\/www.arquimaster.com.ar\/web\/hotel-sexto-sentido-din-interiorismo\/#breadcrumb"},"inLanguage":"es","potentialAction":[{"@type":"ReadAction","target":["https:\/\/www.arquimaster.com.ar\/web\/hotel-sexto-sentido-din-interiorismo\/"]}]},{"@type":"ImageObject","inLanguage":"es","@id":"https:\/\/www.arquimaster.com.ar\/web\/hotel-sexto-sentido-din-interiorismo\/#primaryimage","url":"https:\/\/www.arquimaster.com.ar\/web\/wp-content\/uploads\/2023\/01\/hotel_sexto_sentido_slide.jpg","contentUrl":"https:\/\/www.arquimaster.com.ar\/web\/wp-content\/uploads\/2023\/01\/hotel_sexto_sentido_slide.jpg","width":698,"height":364,"caption":"Hotel Sexto Sentido \/ DIN Interiorismo"},{"@type":"BreadcrumbList","@id":"https:\/\/www.arquimaster.com.ar\/web\/hotel-sexto-sentido-din-interiorismo\/#breadcrumb","itemListElement":[{"@type":"ListItem","position":1,"name":"Portada","item":"https:\/\/www.arquimaster.com.ar\/web\/"},{"@type":"ListItem","position":2,"name":"Hotel Sexto Sentido \/ DIN Interiorismo"}]},{"@type":"WebSite","@id":"https:\/\/www.arquimaster.com.ar\/web\/#website","url":"https:\/\/www.arquimaster.com.ar\/web\/","name":"Arquimaster","description":"Web de arquitectura, dise\u00f1o y construccion","publisher":{"@id":"https:\/\/www.arquimaster.com.ar\/web\/#organization"},"potentialAction":[{"@type":"SearchAction","target":{"@type":"EntryPoint","urlTemplate":"https:\/\/www.arquimaster.com.ar\/web\/?s={search_term_string}"},"query-input":{"@type":"PropertyValueSpecification","valueRequired":true,"valueName":"search_term_string"}}],"inLanguage":"es"},{"@type":"Organization","@id":"https:\/\/www.arquimaster.com.ar\/web\/#organization","name":"Arquimaster","url":"https:\/\/www.arquimaster.com.ar\/web\/","logo":{"@type":"ImageObject","inLanguage":"es","@id":"https:\/\/www.arquimaster.com.ar\/web\/#\/schema\/logo\/image\/","url":"https:\/\/www.arquimaster.com.ar\/web\/wp-content\/uploads\/2022\/06\/arquimaster.png","contentUrl":"https:\/\/www.arquimaster.com.ar\/web\/wp-content\/uploads\/2022\/06\/arquimaster.png","width":594,"height":78,"caption":"Arquimaster"},"image":{"@id":"https:\/\/www.arquimaster.com.ar\/web\/#\/schema\/logo\/image\/"},"sameAs":["http:\/\/www.facebook.com\/ARQUIMASTER.com.ar","https:\/\/x.com\/arquimaster","https:\/\/www.instagram.com\/arquimasterblog\/","https:\/\/www.linkedin.com\/company\/arquimaster","https:\/\/www.pinterest.com\/arquimaster","https:\/\/t.me\/arquimaster"]},{"@type":"Person","@id":"https:\/\/www.arquimaster.com.ar\/web\/#\/schema\/person\/359e9f7c00193fcde068e0dd2ceb0028","name":"Arquimaster"}]}},"uagb_featured_image_src":{"full":["https:\/\/www.arquimaster.com.ar\/web\/wp-content\/uploads\/2023\/01\/hotel_sexto_sentido_slide.jpg",698,364,false],"thumbnail":["https:\/\/www.arquimaster.com.ar\/web\/wp-content\/uploads\/2023\/01\/hotel_sexto_sentido_slide-150x150.jpg",150,150,true],"medium":["https:\/\/www.arquimaster.com.ar\/web\/wp-content\/uploads\/2023\/01\/hotel_sexto_sentido_slide.jpg",698,364,false],"medium_large":["https:\/\/www.arquimaster.com.ar\/web\/wp-content\/uploads\/2023\/01\/hotel_sexto_sentido_slide.jpg",698,364,false],"large":["https:\/\/www.arquimaster.com.ar\/web\/wp-content\/uploads\/2023\/01\/hotel_sexto_sentido_slide.jpg",698,364,false],"1536x1536":["https:\/\/www.arquimaster.com.ar\/web\/wp-content\/uploads\/2023\/01\/hotel_sexto_sentido_slide.jpg",698,364,false],"2048x2048":["https:\/\/www.arquimaster.com.ar\/web\/wp-content\/uploads\/2023\/01\/hotel_sexto_sentido_slide.jpg",698,364,false]},"uagb_author_info":{"display_name":"Arquimaster","author_link":"https:\/\/www.arquimaster.com.ar\/web\/author\/arquimaster\/"},"uagb_comment_info":0,"uagb_excerpt":"El tema seleccionado fueron las emociones y se acotaron a aquellas relacionadas...","_links":{"self":[{"href":"https:\/\/www.arquimaster.com.ar\/web\/wp-json\/wp\/v2\/posts\/74320","targetHints":{"allow":["GET"]}}],"collection":[{"href":"https:\/\/www.arquimaster.com.ar\/web\/wp-json\/wp\/v2\/posts"}],"about":[{"href":"https:\/\/www.arquimaster.com.ar\/web\/wp-json\/wp\/v2\/types\/post"}],"author":[{"embeddable":true,"href":"https:\/\/www.arquimaster.com.ar\/web\/wp-json\/wp\/v2\/users\/1"}],"replies":[{"embeddable":true,"href":"https:\/\/www.arquimaster.com.ar\/web\/wp-json\/wp\/v2\/comments?post=74320"}],"version-history":[{"count":1,"href":"https:\/\/www.arquimaster.com.ar\/web\/wp-json\/wp\/v2\/posts\/74320\/revisions"}],"predecessor-version":[{"id":74335,"href":"https:\/\/www.arquimaster.com.ar\/web\/wp-json\/wp\/v2\/posts\/74320\/revisions\/74335"}],"wp:featuredmedia":[{"embeddable":true,"href":"https:\/\/www.arquimaster.com.ar\/web\/wp-json\/wp\/v2\/media\/74321"}],"wp:attachment":[{"href":"https:\/\/www.arquimaster.com.ar\/web\/wp-json\/wp\/v2\/media?parent=74320"}],"wp:term":[{"taxonomy":"category","embeddable":true,"href":"https:\/\/www.arquimaster.com.ar\/web\/wp-json\/wp\/v2\/categories?post=74320"},{"taxonomy":"post_tag","embeddable":true,"href":"https:\/\/www.arquimaster.com.ar\/web\/wp-json\/wp\/v2\/tags?post=74320"}],"curies":[{"name":"wp","href":"https:\/\/api.w.org\/{rel}","templated":true}]}}