{"id":74385,"date":"2023-01-26T16:46:33","date_gmt":"2023-01-26T19:46:33","guid":{"rendered":"https:\/\/www.arquimaster.com.ar\/web\/?p=74385"},"modified":"2023-04-14T15:06:51","modified_gmt":"2023-04-14T18:06:51","slug":"cueva-en-suburbio-santiago-din-interiorismo","status":"publish","type":"post","link":"https:\/\/www.arquimaster.com.ar\/web\/cueva-en-suburbio-santiago-din-interiorismo\/","title":{"rendered":"Cueva en Suburbio Santiago \/ DIN interiorismo"},"content":{"rendered":"<div style=\"margin-top: 0px; margin-bottom: 0px;\" class=\"sharethis-inline-share-buttons\" ><\/div><div class=\"b812932af2e751442846f039925109de\" data-index=\"1\" style=\"float: none; margin:25px 0 25px 0; text-align:center;\">\n<script async src=\"https:\/\/pagead2.googlesyndication.com\/pagead\/js\/adsbygoogle.js\"><\/script>\r\n<!-- Arquimaster (superior) -->\r\n<ins class=\"adsbygoogle\"\r\n     style=\"display:block\"\r\n     data-ad-client=\"ca-pub-6351072698456832\"\r\n     data-ad-slot=\"6455489680\"\r\n     data-ad-format=\"auto\"\r\n     data-full-width-responsive=\"true\"><\/ins>\r\n<script>\r\n     (adsbygoogle = window.adsbygoogle || []).push({});\r\n<\/script>\n<\/div>\n<p><strong>Cueva en Suburbio Santiago<\/strong> (Quer\u00e9taro, M\u00e9xico) por <strong>DIN interiorismo<\/strong>. Este proyecto, uno de los m\u00e1s peculiares que hemos hecho hasta ahora, presentaba unas dificultades a las que nunca nos hab\u00edamos enfrentado. Consiste en desarrollar dos \u00e1reas, conectadas entre s\u00ed, pero radicalmente distintas. La primera, el interior de una cueva en una monta\u00f1a ubicada en el \u00e1rea verde de un desarrollo inmobiliario muy ambicioso en el estado de Quer\u00e9taro. Esta cueva -de unos 80 m2 en su planta- ten\u00eda como primer reto el levantamiento del espacio para lo que utilizamos tecnolog\u00eda de \u00faltima generaci\u00f3n.<\/p>\n<div id='gallery-1' class='gallery galleryid-74385 gallery-columns-3 gallery-size-thumbnail'><figure class='gallery-item'>\n\t\t\t<div class='gallery-icon landscape'>\n\t\t\t\t<a href='https:\/\/www.arquimaster.com.ar\/web\/wp-content\/uploads\/2023\/01\/cueva_suburbio_santiago1.jpg' title=\"Cueva en Suburbio Santiago \/ DIN interiorismo\" data-rl_title=\"Cueva en Suburbio Santiago \/ DIN interiorismo\" class=\"rl-gallery-link\" data-rl_caption=\"Cueva en Suburbio Santiago \/ DIN interiorismo\" data-rel=\"lightbox-gallery-1\"><img loading=\"lazy\" decoding=\"async\" width=\"150\" height=\"150\" src=\"https:\/\/www.arquimaster.com.ar\/web\/wp-content\/uploads\/2023\/01\/cueva_suburbio_santiago1-150x150.jpg\" class=\"attachment-thumbnail size-thumbnail\" alt=\"Cueva en Suburbio Santiago \/ DIN interiorismo\" aria-describedby=\"gallery-1-74387\" \/><\/a>\n\t\t\t<\/div>\n\t\t\t\t<figcaption class='wp-caption-text gallery-caption' id='gallery-1-74387'>\n\t\t\t\tCueva en Suburbio Santiago \/ DIN interiorismo\n\t\t\t\t<\/figcaption><\/figure><figure class='gallery-item'>\n\t\t\t<div class='gallery-icon landscape'>\n\t\t\t\t<a href='https:\/\/www.arquimaster.com.ar\/web\/wp-content\/uploads\/2023\/01\/cueva_suburbio_santiago2.jpg' title=\"Cueva en Suburbio Santiago \/ DIN interiorismo\" data-rl_title=\"Cueva en Suburbio Santiago \/ DIN interiorismo\" class=\"rl-gallery-link\" data-rl_caption=\"Cueva en Suburbio Santiago \/ DIN interiorismo\" data-rel=\"lightbox-gallery-1\"><img loading=\"lazy\" decoding=\"async\" width=\"150\" height=\"150\" src=\"https:\/\/www.arquimaster.com.ar\/web\/wp-content\/uploads\/2023\/01\/cueva_suburbio_santiago2-150x150.jpg\" class=\"attachment-thumbnail size-thumbnail\" alt=\"Cueva en Suburbio Santiago \/ DIN interiorismo\" aria-describedby=\"gallery-1-74388\" \/><\/a>\n\t\t\t<\/div>\n\t\t\t\t<figcaption class='wp-caption-text gallery-caption' id='gallery-1-74388'>\n\t\t\t\tCueva en Suburbio Santiago \/ DIN interiorismo\n\t\t\t\t<\/figcaption><\/figure><figure class='gallery-item'>\n\t\t\t<div class='gallery-icon landscape'>\n\t\t\t\t<a href='https:\/\/www.arquimaster.com.ar\/web\/wp-content\/uploads\/2023\/01\/cueva_suburbio_santiago3.jpg' title=\"Cueva en Suburbio Santiago \/ DIN interiorismo\" data-rl_title=\"Cueva en Suburbio Santiago \/ DIN interiorismo\" class=\"rl-gallery-link\" data-rl_caption=\"Cueva en Suburbio Santiago \/ DIN interiorismo\" data-rel=\"lightbox-gallery-1\"><img loading=\"lazy\" decoding=\"async\" width=\"150\" height=\"150\" src=\"https:\/\/www.arquimaster.com.ar\/web\/wp-content\/uploads\/2023\/01\/cueva_suburbio_santiago3-150x150.jpg\" class=\"attachment-thumbnail size-thumbnail\" alt=\"Cueva en Suburbio Santiago \/ DIN interiorismo\" aria-describedby=\"gallery-1-74389\" \/><\/a>\n\t\t\t<\/div>\n\t\t\t\t<figcaption class='wp-caption-text gallery-caption' id='gallery-1-74389'>\n\t\t\t\tCueva en Suburbio Santiago \/ DIN interiorismo\n\t\t\t\t<\/figcaption><\/figure><figure class='gallery-item'>\n\t\t\t<div class='gallery-icon landscape'>\n\t\t\t\t<a href='https:\/\/www.arquimaster.com.ar\/web\/wp-content\/uploads\/2023\/01\/cueva_suburbio_santiago4.jpg' title=\"Cueva en Suburbio Santiago \/ DIN interiorismo\" data-rl_title=\"Cueva en Suburbio Santiago \/ DIN interiorismo\" class=\"rl-gallery-link\" data-rl_caption=\"Cueva en Suburbio Santiago \/ DIN interiorismo\" data-rel=\"lightbox-gallery-1\"><img loading=\"lazy\" decoding=\"async\" width=\"150\" height=\"150\" src=\"https:\/\/www.arquimaster.com.ar\/web\/wp-content\/uploads\/2023\/01\/cueva_suburbio_santiago4-150x150.jpg\" class=\"attachment-thumbnail size-thumbnail\" alt=\"Cueva en Suburbio Santiago \/ DIN interiorismo\" aria-describedby=\"gallery-1-74390\" \/><\/a>\n\t\t\t<\/div>\n\t\t\t\t<figcaption class='wp-caption-text gallery-caption' id='gallery-1-74390'>\n\t\t\t\tCueva en Suburbio Santiago \/ DIN interiorismo\n\t\t\t\t<\/figcaption><\/figure><figure class='gallery-item'>\n\t\t\t<div class='gallery-icon landscape'>\n\t\t\t\t<a href='https:\/\/www.arquimaster.com.ar\/web\/wp-content\/uploads\/2023\/01\/cueva_suburbio_santiago5.jpg' title=\"Cueva en Suburbio Santiago \/ DIN interiorismo\" data-rl_title=\"Cueva en Suburbio Santiago \/ DIN interiorismo\" class=\"rl-gallery-link\" data-rl_caption=\"Cueva en Suburbio Santiago \/ DIN interiorismo\" data-rel=\"lightbox-gallery-1\"><img loading=\"lazy\" decoding=\"async\" width=\"150\" height=\"150\" src=\"https:\/\/www.arquimaster.com.ar\/web\/wp-content\/uploads\/2023\/01\/cueva_suburbio_santiago5-150x150.jpg\" class=\"attachment-thumbnail size-thumbnail\" alt=\"Cueva en Suburbio Santiago \/ DIN interiorismo\" aria-describedby=\"gallery-1-74391\" \/><\/a>\n\t\t\t<\/div>\n\t\t\t\t<figcaption class='wp-caption-text gallery-caption' id='gallery-1-74391'>\n\t\t\t\tCueva en Suburbio Santiago \/ DIN interiorismo\n\t\t\t\t<\/figcaption><\/figure><figure class='gallery-item'>\n\t\t\t<div class='gallery-icon landscape'>\n\t\t\t\t<a href='https:\/\/www.arquimaster.com.ar\/web\/wp-content\/uploads\/2023\/01\/cueva_suburbio_santiago6.jpg' title=\"Cueva en Suburbio Santiago \/ DIN interiorismo\" data-rl_title=\"Cueva en Suburbio Santiago \/ DIN interiorismo\" class=\"rl-gallery-link\" data-rl_caption=\"Cueva en Suburbio Santiago \/ DIN interiorismo\" data-rel=\"lightbox-gallery-1\"><img loading=\"lazy\" decoding=\"async\" width=\"150\" height=\"150\" src=\"https:\/\/www.arquimaster.com.ar\/web\/wp-content\/uploads\/2023\/01\/cueva_suburbio_santiago6-150x150.jpg\" class=\"attachment-thumbnail size-thumbnail\" alt=\"Cueva en Suburbio Santiago \/ DIN interiorismo\" aria-describedby=\"gallery-1-74392\" \/><\/a>\n\t\t\t<\/div>\n\t\t\t\t<figcaption class='wp-caption-text gallery-caption' id='gallery-1-74392'>\n\t\t\t\tCueva en Suburbio Santiago \/ DIN interiorismo\n\t\t\t\t<\/figcaption><\/figure><figure class='gallery-item'>\n\t\t\t<div class='gallery-icon landscape'>\n\t\t\t\t<a href='https:\/\/www.arquimaster.com.ar\/web\/wp-content\/uploads\/2023\/01\/cueva_suburbio_santiago7.jpg' title=\"Cueva en Suburbio Santiago \/ DIN interiorismo\" data-rl_title=\"Cueva en Suburbio Santiago \/ DIN interiorismo\" class=\"rl-gallery-link\" data-rl_caption=\"Cueva en Suburbio Santiago \/ DIN interiorismo\" data-rel=\"lightbox-gallery-1\"><img loading=\"lazy\" decoding=\"async\" width=\"150\" height=\"150\" src=\"https:\/\/www.arquimaster.com.ar\/web\/wp-content\/uploads\/2023\/01\/cueva_suburbio_santiago7-150x150.jpg\" class=\"attachment-thumbnail size-thumbnail\" alt=\"Cueva en Suburbio Santiago \/ DIN interiorismo\" aria-describedby=\"gallery-1-74393\" \/><\/a>\n\t\t\t<\/div>\n\t\t\t\t<figcaption class='wp-caption-text gallery-caption' id='gallery-1-74393'>\n\t\t\t\tCueva en Suburbio Santiago \/ DIN interiorismo\n\t\t\t\t<\/figcaption><\/figure><figure class='gallery-item'>\n\t\t\t<div class='gallery-icon landscape'>\n\t\t\t\t<a href='https:\/\/www.arquimaster.com.ar\/web\/wp-content\/uploads\/2023\/01\/cueva_suburbio_santiago8.jpg' title=\"Cueva en Suburbio Santiago \/ DIN interiorismo\" data-rl_title=\"Cueva en Suburbio Santiago \/ DIN interiorismo\" class=\"rl-gallery-link\" data-rl_caption=\"Cueva en Suburbio Santiago \/ DIN interiorismo\" data-rel=\"lightbox-gallery-1\"><img loading=\"lazy\" decoding=\"async\" width=\"150\" height=\"150\" src=\"https:\/\/www.arquimaster.com.ar\/web\/wp-content\/uploads\/2023\/01\/cueva_suburbio_santiago8-150x150.jpg\" class=\"attachment-thumbnail size-thumbnail\" alt=\"Cueva en Suburbio Santiago \/ DIN interiorismo\" aria-describedby=\"gallery-1-74394\" \/><\/a>\n\t\t\t<\/div>\n\t\t\t\t<figcaption class='wp-caption-text gallery-caption' id='gallery-1-74394'>\n\t\t\t\tCueva en Suburbio Santiago \/ DIN interiorismo\n\t\t\t\t<\/figcaption><\/figure><figure class='gallery-item'>\n\t\t\t<div class='gallery-icon landscape'>\n\t\t\t\t<a href='https:\/\/www.arquimaster.com.ar\/web\/wp-content\/uploads\/2023\/01\/cueva_suburbio_santiago9.jpg' title=\"Cueva en Suburbio Santiago \/ DIN interiorismo\" data-rl_title=\"Cueva en Suburbio Santiago \/ DIN interiorismo\" class=\"rl-gallery-link\" data-rl_caption=\"Cueva en Suburbio Santiago \/ DIN interiorismo\" data-rel=\"lightbox-gallery-1\"><img loading=\"lazy\" decoding=\"async\" width=\"150\" height=\"150\" src=\"https:\/\/www.arquimaster.com.ar\/web\/wp-content\/uploads\/2023\/01\/cueva_suburbio_santiago9-150x150.jpg\" class=\"attachment-thumbnail size-thumbnail\" alt=\"Cueva en Suburbio Santiago \/ DIN interiorismo\" aria-describedby=\"gallery-1-74395\" \/><\/a>\n\t\t\t<\/div>\n\t\t\t\t<figcaption class='wp-caption-text gallery-caption' id='gallery-1-74395'>\n\t\t\t\tCueva en Suburbio Santiago \/ DIN interiorismo\n\t\t\t\t<\/figcaption><\/figure><figure class='gallery-item'>\n\t\t\t<div class='gallery-icon landscape'>\n\t\t\t\t<a href='https:\/\/www.arquimaster.com.ar\/web\/wp-content\/uploads\/2023\/01\/cueva_suburbio_santiago10.jpg' title=\"Cueva en Suburbio Santiago \/ DIN interiorismo\" data-rl_title=\"Cueva en Suburbio Santiago \/ DIN interiorismo\" class=\"rl-gallery-link\" data-rl_caption=\"Cueva en Suburbio Santiago \/ DIN interiorismo\" data-rel=\"lightbox-gallery-1\"><img loading=\"lazy\" decoding=\"async\" width=\"150\" height=\"150\" src=\"https:\/\/www.arquimaster.com.ar\/web\/wp-content\/uploads\/2023\/01\/cueva_suburbio_santiago10-150x150.jpg\" class=\"attachment-thumbnail size-thumbnail\" alt=\"Cueva en Suburbio Santiago \/ DIN interiorismo\" aria-describedby=\"gallery-1-74396\" \/><\/a>\n\t\t\t<\/div>\n\t\t\t\t<figcaption class='wp-caption-text gallery-caption' id='gallery-1-74396'>\n\t\t\t\tCueva en Suburbio Santiago \/ DIN interiorismo\n\t\t\t\t<\/figcaption><\/figure><figure class='gallery-item'>\n\t\t\t<div class='gallery-icon portrait'>\n\t\t\t\t<a href='https:\/\/www.arquimaster.com.ar\/web\/wp-content\/uploads\/2023\/01\/cueva_suburbio_santiago11.jpg' title=\"Cueva en Suburbio Santiago \/ DIN interiorismo (planta)\" data-rl_title=\"Cueva en Suburbio Santiago \/ DIN interiorismo (planta)\" class=\"rl-gallery-link\" data-rl_caption=\"Cueva en Suburbio Santiago \/ DIN interiorismo (planta)\" data-rel=\"lightbox-gallery-1\"><img loading=\"lazy\" decoding=\"async\" width=\"150\" height=\"150\" src=\"https:\/\/www.arquimaster.com.ar\/web\/wp-content\/uploads\/2023\/01\/cueva_suburbio_santiago11-150x150.jpg\" class=\"attachment-thumbnail size-thumbnail\" alt=\"Cueva en Suburbio Santiago \/ DIN interiorismo\" aria-describedby=\"gallery-1-74397\" \/><\/a>\n\t\t\t<\/div>\n\t\t\t\t<figcaption class='wp-caption-text gallery-caption' id='gallery-1-74397'>\n\t\t\t\tCueva en Suburbio Santiago \/ DIN interiorismo (planta)\n\t\t\t\t<\/figcaption><\/figure><figure class='gallery-item'>\n\t\t\t<div class='gallery-icon landscape'>\n\t\t\t\t<a href='https:\/\/www.arquimaster.com.ar\/web\/wp-content\/uploads\/2023\/01\/cueva_suburbio_santiago12.jpg' title=\"Cueva en Suburbio Santiago \/ DIN interiorismo (corte)\" data-rl_title=\"Cueva en Suburbio Santiago \/ DIN interiorismo (corte)\" class=\"rl-gallery-link\" data-rl_caption=\"Cueva en Suburbio Santiago \/ DIN interiorismo (corte)\" data-rel=\"lightbox-gallery-1\"><img loading=\"lazy\" decoding=\"async\" width=\"150\" height=\"150\" src=\"https:\/\/www.arquimaster.com.ar\/web\/wp-content\/uploads\/2023\/01\/cueva_suburbio_santiago12-150x150.jpg\" class=\"attachment-thumbnail size-thumbnail\" alt=\"Cueva en Suburbio Santiago \/ DIN interiorismo\" aria-describedby=\"gallery-1-74398\" \/><\/a>\n\t\t\t<\/div>\n\t\t\t\t<figcaption class='wp-caption-text gallery-caption' id='gallery-1-74398'>\n\t\t\t\tCueva en Suburbio Santiago \/ DIN interiorismo (corte)\n\t\t\t\t<\/figcaption><\/figure><figure class='gallery-item'>\n\t\t\t<div class='gallery-icon landscape'>\n\t\t\t\t<a href='https:\/\/www.arquimaster.com.ar\/web\/wp-content\/uploads\/2023\/01\/cueva_suburbio_santiago13.jpg' title=\"Cueva en Suburbio Santiago \/ DIN interiorismo (corte)\" data-rl_title=\"Cueva en Suburbio Santiago \/ DIN interiorismo (corte)\" class=\"rl-gallery-link\" data-rl_caption=\"Cueva en Suburbio Santiago \/ DIN interiorismo (corte)\" data-rel=\"lightbox-gallery-1\"><img loading=\"lazy\" decoding=\"async\" width=\"150\" height=\"150\" src=\"https:\/\/www.arquimaster.com.ar\/web\/wp-content\/uploads\/2023\/01\/cueva_suburbio_santiago13-150x150.jpg\" class=\"attachment-thumbnail size-thumbnail\" alt=\"Cueva en Suburbio Santiago \/ DIN interiorismo\" aria-describedby=\"gallery-1-74399\" \/><\/a>\n\t\t\t<\/div>\n\t\t\t\t<figcaption class='wp-caption-text gallery-caption' id='gallery-1-74399'>\n\t\t\t\tCueva en Suburbio Santiago \/ DIN interiorismo (corte)\n\t\t\t\t<\/figcaption><\/figure><figure class='gallery-item'>\n\t\t\t<div class='gallery-icon landscape'>\n\t\t\t\t<a href='https:\/\/www.arquimaster.com.ar\/web\/wp-content\/uploads\/2023\/01\/cueva_suburbio_santiago14.jpg' title=\"Cueva en Suburbio Santiago \/ DIN interiorismo (corte)\" data-rl_title=\"Cueva en Suburbio Santiago \/ DIN interiorismo (corte)\" class=\"rl-gallery-link\" data-rl_caption=\"Cueva en Suburbio Santiago \/ DIN interiorismo (corte)\" data-rel=\"lightbox-gallery-1\"><img loading=\"lazy\" decoding=\"async\" width=\"150\" height=\"150\" src=\"https:\/\/www.arquimaster.com.ar\/web\/wp-content\/uploads\/2023\/01\/cueva_suburbio_santiago14-150x150.jpg\" class=\"attachment-thumbnail size-thumbnail\" alt=\"Cueva en Suburbio Santiago \/ DIN interiorismo\" aria-describedby=\"gallery-1-74400\" \/><\/a>\n\t\t\t<\/div>\n\t\t\t\t<figcaption class='wp-caption-text gallery-caption' id='gallery-1-74400'>\n\t\t\t\tCueva en Suburbio Santiago \/ DIN interiorismo (corte)\n\t\t\t\t<\/figcaption><\/figure><figure class='gallery-item'>\n\t\t\t<div class='gallery-icon landscape'>\n\t\t\t\t<a href='https:\/\/www.arquimaster.com.ar\/web\/wp-content\/uploads\/2023\/01\/cueva_suburbio_santiago15.jpg' title=\"Cueva en Suburbio Santiago \/ DIN interiorismo (corte)\" data-rl_title=\"Cueva en Suburbio Santiago \/ DIN interiorismo (corte)\" class=\"rl-gallery-link\" data-rl_caption=\"Cueva en Suburbio Santiago \/ DIN interiorismo (corte)\" data-rel=\"lightbox-gallery-1\"><img loading=\"lazy\" decoding=\"async\" width=\"150\" height=\"150\" src=\"https:\/\/www.arquimaster.com.ar\/web\/wp-content\/uploads\/2023\/01\/cueva_suburbio_santiago15-150x150.jpg\" class=\"attachment-thumbnail size-thumbnail\" alt=\"Cueva en Suburbio Santiago \/ DIN interiorismo\" aria-describedby=\"gallery-1-74401\" \/><\/a>\n\t\t\t<\/div>\n\t\t\t\t<figcaption class='wp-caption-text gallery-caption' id='gallery-1-74401'>\n\t\t\t\tCueva en Suburbio Santiago \/ DIN interiorismo (corte)\n\t\t\t\t<\/figcaption><\/figure><figure class='gallery-item'>\n\t\t\t<div class='gallery-icon landscape'>\n\t\t\t\t<a href='https:\/\/www.arquimaster.com.ar\/web\/wp-content\/uploads\/2023\/01\/cueva_suburbio_santiago16.jpg' title=\"Cueva en Suburbio Santiago \/ DIN interiorismo (corte)\" data-rl_title=\"Cueva en Suburbio Santiago \/ DIN interiorismo (corte)\" class=\"rl-gallery-link\" data-rl_caption=\"Cueva en Suburbio Santiago \/ DIN interiorismo (corte)\" data-rel=\"lightbox-gallery-1\"><img loading=\"lazy\" decoding=\"async\" width=\"150\" height=\"150\" src=\"https:\/\/www.arquimaster.com.ar\/web\/wp-content\/uploads\/2023\/01\/cueva_suburbio_santiago16-150x150.jpg\" class=\"attachment-thumbnail size-thumbnail\" alt=\"Cueva en Suburbio Santiago \/ DIN interiorismo\" aria-describedby=\"gallery-1-74402\" \/><\/a>\n\t\t\t<\/div>\n\t\t\t\t<figcaption class='wp-caption-text gallery-caption' id='gallery-1-74402'>\n\t\t\t\tCueva en Suburbio Santiago \/ DIN interiorismo (corte)\n\t\t\t\t<\/figcaption><\/figure><figure class='gallery-item'>\n\t\t\t<div class='gallery-icon landscape'>\n\t\t\t\t<a href='https:\/\/www.arquimaster.com.ar\/web\/wp-content\/uploads\/2023\/01\/cueva_suburbio_santiago17.jpg' title=\"Cueva en Suburbio Santiago \/ DIN interiorismo (corte)\" data-rl_title=\"Cueva en Suburbio Santiago \/ DIN interiorismo (corte)\" class=\"rl-gallery-link\" data-rl_caption=\"Cueva en Suburbio Santiago \/ DIN interiorismo (corte)\" data-rel=\"lightbox-gallery-1\"><img loading=\"lazy\" decoding=\"async\" width=\"150\" height=\"150\" src=\"https:\/\/www.arquimaster.com.ar\/web\/wp-content\/uploads\/2023\/01\/cueva_suburbio_santiago17-150x150.jpg\" class=\"attachment-thumbnail size-thumbnail\" alt=\"Cueva en Suburbio Santiago \/ DIN interiorismo\" aria-describedby=\"gallery-1-74403\" \/><\/a>\n\t\t\t<\/div>\n\t\t\t\t<figcaption class='wp-caption-text gallery-caption' id='gallery-1-74403'>\n\t\t\t\tCueva en Suburbio Santiago \/ DIN interiorismo (corte)\n\t\t\t\t<\/figcaption><\/figure>\n\t\t<\/div>\n\n<p>La segunda parte era la ladera de la monta\u00f1a a donde desembocaba la entrada de la cueva, es decir, un espacio totalmente abierto, con pronunciadas inclinaciones y variada vegetaci\u00f3n. Al igual que el interior de la cueva, \u00e9ste tambi\u00e9n requiri\u00f3 de sofisticados m\u00e9todos para generar los planos necesarios para el desarrollo del proyecto.<\/p>\n<p>Una vez superados los obst\u00e1culos iniciales y con planos en mano, nos dimos a la tarea de desarrollar la parte conceptual del espacio. En este se plante\u00f3 un lugar para la cata de vinos en el interior de la cueva y unas plataformas para hacer eventos en la monta\u00f1a y la interacci\u00f3n de ambos conceptos.<\/p>\n<p>Se decidi\u00f3 respetar al m\u00e1ximo las formas naturales de la cueva, oblig\u00e1ndonos a delimitar las zonas por las que las personas pod\u00edan caminar. Esto se logr\u00f3 con una especie de tapetes de madera en forma de tarimas sobre el suelo arenoso existente que, con juegos de luces en sus partes flotadas da la sensaci\u00f3n de estar en un espacio espeleol\u00f3gico.<\/p>\n<p>La iluminaci\u00f3n tiene un papel esencial en el interior de la cueva, generando ambientes dram\u00e1ticos y teatrales. El mobiliario, rustico y m\u00ednimo, enfatiza la atm\u00f3sfera natural del espacio, adem\u00e1s de aprovechar la fuerte luz natural que entra por la boca de la cueva contrastando con la luz artificial.<\/p>\n<p>Al igual que en el interior, en la monta\u00f1a se propusieron una serie de plataformas flotadas, de mucho mayor tama\u00f1o que las de la cueva, a distintos niveles que descienden paralelamente a la inclinaci\u00f3n natural y est\u00e1n colocadas intencionalmente de forma ligeramente irregular.<\/p>\n<p>Bajo una de estas plataformas se ubicaron los ba\u00f1os y las instalaciones de cocina para eventos. Finalmente, para proteger a las personas del sol directo se coloc\u00f3 una gran velar\u00eda que sirve tambi\u00e9n como referencia visual desde una larga distancia.<\/p>\n<p>El resultado es un agradable lugar para hacer desde peque\u00f1as reuniones en torno a la cultura del vino dentro de la cueva o un coctel para unas 150 personas en las tarimas exteriores. Todo con un car\u00e1cter comercial importante ya que se cree que este ser\u00e1 el punto donde m\u00e1s ventas se cerrar\u00e1n del conjunto inmobiliario.<\/p>\n\n\n<div style=\"height:20px\" aria-hidden=\"true\" class=\"wp-block-spacer\"><\/div>\n\n\n\n<p class=\"has-background\" style=\"background-color:#eaeaea\"><strong>Ficha t\u00e9cnica<\/strong><br>Nombre: Cueva en Suburbio Santiago<br>Ubicaci\u00f3n: Quer\u00e9taro, M\u00e9xico<br>Proyecto: DIN interiorismo<br>Interiorista Aurelio V\u00e1zquez<br>Categor\u00eda: Comercial<br>Superficie: 80 m2<br>Fecha de inicio: Mayo 2020<br>Fecha de conclusi\u00f3n: Julio 2021<br>Fotograf\u00eda: DIN interiorismo<br><br><strong>Contacto<\/strong><br><a href=\"https:\/\/www.din.com.mx\" target=\"_blank\" rel=\"noreferrer noopener\">https:\/\/www.din.com.mx<\/a><br>Twitter: @DINinteriorismo<br>Instagram: @dininteriorismo<br>Facebook: DIN interiorismo<\/p>\n\n<div style=\"font-size: 0px; height: 0px; line-height: 0px; margin: 0; padding: 0; clear: both;\"><\/div><div style=\"margin-top: 0px; margin-bottom: 0px;\" class=\"sharethis-inline-share-buttons\" ><\/div>","protected":false},"excerpt":{"rendered":"<p>Se decidi\u00f3 respetar al m\u00e1ximo las formas naturales de la cueva&#8230;<\/p>\n","protected":false},"author":1,"featured_media":74386,"comment_status":"closed","ping_status":"closed","sticky":false,"template":"","format":"standard","meta":{"_uag_custom_page_level_css":"","footnotes":""},"categories":[75,1],"tags":[1233,2159,2396,7620,2158,24,3620,257],"class_list":["post-74385","post","type-post","status-publish","format-standard","has-post-thumbnail","hentry","category-arquitectura-comercial","category-proyecto","tag-arquitectura-comercial-2","tag-aurelio-vazquez","tag-cava","tag-cueva","tag-din-interiorismo","tag-mexico","tag-queretaro","tag-restaurante","generate-columns","tablet-grid-50","mobile-grid-100","grid-parent","grid-50"],"yoast_head":"<!-- This site is optimized with the Yoast SEO plugin v27.3 - https:\/\/yoast.com\/product\/yoast-seo-wordpress\/ -->\n<title>Cueva en Suburbio Santiago \/ DIN interiorismo - Arquimaster<\/title>\n<meta name=\"description\" content=\"Se decidi\u00f3 respetar al m\u00e1ximo las formas naturales de la cueva, oblig\u00e1ndonos a delimitar las zonas por las que las personas pod\u00edan caminar.\" \/>\n<meta name=\"robots\" content=\"index, follow, max-snippet:-1, max-image-preview:large, max-video-preview:-1\" \/>\n<link rel=\"canonical\" href=\"https:\/\/www.arquimaster.com.ar\/web\/cueva-en-suburbio-santiago-din-interiorismo\/\" \/>\n<meta property=\"og:locale\" content=\"es_ES\" \/>\n<meta property=\"og:type\" content=\"article\" \/>\n<meta property=\"og:title\" content=\"Cueva en Suburbio Santiago \/ DIN interiorismo\" \/>\n<meta property=\"og:description\" content=\"Se decidi\u00f3 respetar al m\u00e1ximo las formas naturales de la cueva, oblig\u00e1ndonos a delimitar las zonas por las que las personas pod\u00edan caminar.\" \/>\n<meta property=\"og:url\" content=\"https:\/\/www.arquimaster.com.ar\/web\/cueva-en-suburbio-santiago-din-interiorismo\/\" \/>\n<meta property=\"og:site_name\" content=\"Arquimaster\" \/>\n<meta property=\"article:publisher\" content=\"http:\/\/www.facebook.com\/ARQUIMASTER.com.ar\" \/>\n<meta property=\"article:published_time\" content=\"2023-01-26T19:46:33+00:00\" \/>\n<meta property=\"article:modified_time\" content=\"2023-04-14T18:06:51+00:00\" \/>\n<meta property=\"og:image\" content=\"https:\/\/www.arquimaster.com.ar\/web\/wp-content\/uploads\/2023\/01\/cueva_suburbio_santiago_slide.jpg\" \/>\n\t<meta property=\"og:image:width\" content=\"698\" \/>\n\t<meta property=\"og:image:height\" content=\"364\" \/>\n\t<meta property=\"og:image:type\" content=\"image\/jpeg\" \/>\n<meta name=\"author\" content=\"Arquimaster\" \/>\n<meta name=\"twitter:card\" content=\"summary_large_image\" \/>\n<meta name=\"twitter:title\" content=\"Cueva en Suburbio Santiago \/ DIN interiorismo\" \/>\n<meta name=\"twitter:description\" content=\"Se decidi\u00f3 respetar al m\u00e1ximo las formas naturales de la cueva, oblig\u00e1ndonos a delimitar las zonas por las que las personas pod\u00edan caminar.\" \/>\n<meta name=\"twitter:image\" content=\"https:\/\/www.arquimaster.com.ar\/web\/wp-content\/uploads\/2023\/01\/cueva_suburbio_santiago_slide.jpg\" \/>\n<meta name=\"twitter:creator\" content=\"@arquimaster\" \/>\n<meta name=\"twitter:site\" content=\"@arquimaster\" \/>\n<meta name=\"twitter:label1\" content=\"Escrito por\" \/>\n\t<meta name=\"twitter:data1\" content=\"Arquimaster\" \/>\n\t<meta name=\"twitter:label2\" content=\"Tiempo de lectura\" \/>\n\t<meta name=\"twitter:data2\" content=\"3 minutos\" \/>\n<script type=\"application\/ld+json\" class=\"yoast-schema-graph\">{\"@context\":\"https:\\\/\\\/schema.org\",\"@graph\":[{\"@type\":\"Article\",\"@id\":\"https:\\\/\\\/www.arquimaster.com.ar\\\/web\\\/cueva-en-suburbio-santiago-din-interiorismo\\\/#article\",\"isPartOf\":{\"@id\":\"https:\\\/\\\/www.arquimaster.com.ar\\\/web\\\/cueva-en-suburbio-santiago-din-interiorismo\\\/\"},\"author\":{\"name\":\"Arquimaster\",\"@id\":\"https:\\\/\\\/www.arquimaster.com.ar\\\/web\\\/#\\\/schema\\\/person\\\/359e9f7c00193fcde068e0dd2ceb0028\"},\"headline\":\"Cueva en Suburbio Santiago \\\/ DIN interiorismo\",\"datePublished\":\"2023-01-26T19:46:33+00:00\",\"dateModified\":\"2023-04-14T18:06:51+00:00\",\"mainEntityOfPage\":{\"@id\":\"https:\\\/\\\/www.arquimaster.com.ar\\\/web\\\/cueva-en-suburbio-santiago-din-interiorismo\\\/\"},\"wordCount\":538,\"publisher\":{\"@id\":\"https:\\\/\\\/www.arquimaster.com.ar\\\/web\\\/#organization\"},\"image\":{\"@id\":\"https:\\\/\\\/www.arquimaster.com.ar\\\/web\\\/cueva-en-suburbio-santiago-din-interiorismo\\\/#primaryimage\"},\"thumbnailUrl\":\"https:\\\/\\\/www.arquimaster.com.ar\\\/web\\\/wp-content\\\/uploads\\\/2023\\\/01\\\/cueva_suburbio_santiago_slide.jpg\",\"keywords\":[\"arquitectura comercial\",\"Aurelio V\u00e1zquez\",\"cava\",\"cueva\",\"DIN interiorismo\",\"Mexico\",\"Queretaro\",\"restaurante\"],\"articleSection\":[\"Arquitectura comercial\",\"Proyecto\"],\"inLanguage\":\"es\"},{\"@type\":\"WebPage\",\"@id\":\"https:\\\/\\\/www.arquimaster.com.ar\\\/web\\\/cueva-en-suburbio-santiago-din-interiorismo\\\/\",\"url\":\"https:\\\/\\\/www.arquimaster.com.ar\\\/web\\\/cueva-en-suburbio-santiago-din-interiorismo\\\/\",\"name\":\"Cueva en Suburbio Santiago \\\/ DIN interiorismo - Arquimaster\",\"isPartOf\":{\"@id\":\"https:\\\/\\\/www.arquimaster.com.ar\\\/web\\\/#website\"},\"primaryImageOfPage\":{\"@id\":\"https:\\\/\\\/www.arquimaster.com.ar\\\/web\\\/cueva-en-suburbio-santiago-din-interiorismo\\\/#primaryimage\"},\"image\":{\"@id\":\"https:\\\/\\\/www.arquimaster.com.ar\\\/web\\\/cueva-en-suburbio-santiago-din-interiorismo\\\/#primaryimage\"},\"thumbnailUrl\":\"https:\\\/\\\/www.arquimaster.com.ar\\\/web\\\/wp-content\\\/uploads\\\/2023\\\/01\\\/cueva_suburbio_santiago_slide.jpg\",\"datePublished\":\"2023-01-26T19:46:33+00:00\",\"dateModified\":\"2023-04-14T18:06:51+00:00\",\"description\":\"Se decidi\u00f3 respetar al m\u00e1ximo las formas naturales de la cueva, oblig\u00e1ndonos a delimitar las zonas por las que las personas pod\u00edan caminar.\",\"breadcrumb\":{\"@id\":\"https:\\\/\\\/www.arquimaster.com.ar\\\/web\\\/cueva-en-suburbio-santiago-din-interiorismo\\\/#breadcrumb\"},\"inLanguage\":\"es\",\"potentialAction\":[{\"@type\":\"ReadAction\",\"target\":[\"https:\\\/\\\/www.arquimaster.com.ar\\\/web\\\/cueva-en-suburbio-santiago-din-interiorismo\\\/\"]}]},{\"@type\":\"ImageObject\",\"inLanguage\":\"es\",\"@id\":\"https:\\\/\\\/www.arquimaster.com.ar\\\/web\\\/cueva-en-suburbio-santiago-din-interiorismo\\\/#primaryimage\",\"url\":\"https:\\\/\\\/www.arquimaster.com.ar\\\/web\\\/wp-content\\\/uploads\\\/2023\\\/01\\\/cueva_suburbio_santiago_slide.jpg\",\"contentUrl\":\"https:\\\/\\\/www.arquimaster.com.ar\\\/web\\\/wp-content\\\/uploads\\\/2023\\\/01\\\/cueva_suburbio_santiago_slide.jpg\",\"width\":698,\"height\":364,\"caption\":\"Cueva en Suburbio Santiago \\\/ DIN interiorismo\"},{\"@type\":\"BreadcrumbList\",\"@id\":\"https:\\\/\\\/www.arquimaster.com.ar\\\/web\\\/cueva-en-suburbio-santiago-din-interiorismo\\\/#breadcrumb\",\"itemListElement\":[{\"@type\":\"ListItem\",\"position\":1,\"name\":\"Portada\",\"item\":\"https:\\\/\\\/www.arquimaster.com.ar\\\/web\\\/\"},{\"@type\":\"ListItem\",\"position\":2,\"name\":\"Cueva en Suburbio Santiago \\\/ DIN interiorismo\"}]},{\"@type\":\"WebSite\",\"@id\":\"https:\\\/\\\/www.arquimaster.com.ar\\\/web\\\/#website\",\"url\":\"https:\\\/\\\/www.arquimaster.com.ar\\\/web\\\/\",\"name\":\"Arquimaster\",\"description\":\"Web de arquitectura, dise\u00f1o y construccion\",\"publisher\":{\"@id\":\"https:\\\/\\\/www.arquimaster.com.ar\\\/web\\\/#organization\"},\"potentialAction\":[{\"@type\":\"SearchAction\",\"target\":{\"@type\":\"EntryPoint\",\"urlTemplate\":\"https:\\\/\\\/www.arquimaster.com.ar\\\/web\\\/?s={search_term_string}\"},\"query-input\":{\"@type\":\"PropertyValueSpecification\",\"valueRequired\":true,\"valueName\":\"search_term_string\"}}],\"inLanguage\":\"es\"},{\"@type\":\"Organization\",\"@id\":\"https:\\\/\\\/www.arquimaster.com.ar\\\/web\\\/#organization\",\"name\":\"Arquimaster\",\"url\":\"https:\\\/\\\/www.arquimaster.com.ar\\\/web\\\/\",\"logo\":{\"@type\":\"ImageObject\",\"inLanguage\":\"es\",\"@id\":\"https:\\\/\\\/www.arquimaster.com.ar\\\/web\\\/#\\\/schema\\\/logo\\\/image\\\/\",\"url\":\"https:\\\/\\\/www.arquimaster.com.ar\\\/web\\\/wp-content\\\/uploads\\\/2022\\\/06\\\/arquimaster.png\",\"contentUrl\":\"https:\\\/\\\/www.arquimaster.com.ar\\\/web\\\/wp-content\\\/uploads\\\/2022\\\/06\\\/arquimaster.png\",\"width\":594,\"height\":78,\"caption\":\"Arquimaster\"},\"image\":{\"@id\":\"https:\\\/\\\/www.arquimaster.com.ar\\\/web\\\/#\\\/schema\\\/logo\\\/image\\\/\"},\"sameAs\":[\"http:\\\/\\\/www.facebook.com\\\/ARQUIMASTER.com.ar\",\"https:\\\/\\\/x.com\\\/arquimaster\",\"https:\\\/\\\/www.instagram.com\\\/arquimasterblog\\\/\",\"https:\\\/\\\/www.linkedin.com\\\/company\\\/arquimaster\",\"https:\\\/\\\/www.pinterest.com\\\/arquimaster\",\"https:\\\/\\\/t.me\\\/arquimaster\"]},{\"@type\":\"Person\",\"@id\":\"https:\\\/\\\/www.arquimaster.com.ar\\\/web\\\/#\\\/schema\\\/person\\\/359e9f7c00193fcde068e0dd2ceb0028\",\"name\":\"Arquimaster\"}]}<\/script>\n<!-- \/ Yoast SEO plugin. -->","yoast_head_json":{"title":"Cueva en Suburbio Santiago \/ DIN interiorismo - Arquimaster","description":"Se decidi\u00f3 respetar al m\u00e1ximo las formas naturales de la cueva, oblig\u00e1ndonos a delimitar las zonas por las que las personas pod\u00edan caminar.","robots":{"index":"index","follow":"follow","max-snippet":"max-snippet:-1","max-image-preview":"max-image-preview:large","max-video-preview":"max-video-preview:-1"},"canonical":"https:\/\/www.arquimaster.com.ar\/web\/cueva-en-suburbio-santiago-din-interiorismo\/","og_locale":"es_ES","og_type":"article","og_title":"Cueva en Suburbio Santiago \/ DIN interiorismo","og_description":"Se decidi\u00f3 respetar al m\u00e1ximo las formas naturales de la cueva, oblig\u00e1ndonos a delimitar las zonas por las que las personas pod\u00edan caminar.","og_url":"https:\/\/www.arquimaster.com.ar\/web\/cueva-en-suburbio-santiago-din-interiorismo\/","og_site_name":"Arquimaster","article_publisher":"http:\/\/www.facebook.com\/ARQUIMASTER.com.ar","article_published_time":"2023-01-26T19:46:33+00:00","article_modified_time":"2023-04-14T18:06:51+00:00","og_image":[{"width":698,"height":364,"url":"https:\/\/www.arquimaster.com.ar\/web\/wp-content\/uploads\/2023\/01\/cueva_suburbio_santiago_slide.jpg","type":"image\/jpeg"}],"author":"Arquimaster","twitter_card":"summary_large_image","twitter_title":"Cueva en Suburbio Santiago \/ DIN interiorismo","twitter_description":"Se decidi\u00f3 respetar al m\u00e1ximo las formas naturales de la cueva, oblig\u00e1ndonos a delimitar las zonas por las que las personas pod\u00edan caminar.","twitter_image":"https:\/\/www.arquimaster.com.ar\/web\/wp-content\/uploads\/2023\/01\/cueva_suburbio_santiago_slide.jpg","twitter_creator":"@arquimaster","twitter_site":"@arquimaster","twitter_misc":{"Escrito por":"Arquimaster","Tiempo de lectura":"3 minutos"},"schema":{"@context":"https:\/\/schema.org","@graph":[{"@type":"Article","@id":"https:\/\/www.arquimaster.com.ar\/web\/cueva-en-suburbio-santiago-din-interiorismo\/#article","isPartOf":{"@id":"https:\/\/www.arquimaster.com.ar\/web\/cueva-en-suburbio-santiago-din-interiorismo\/"},"author":{"name":"Arquimaster","@id":"https:\/\/www.arquimaster.com.ar\/web\/#\/schema\/person\/359e9f7c00193fcde068e0dd2ceb0028"},"headline":"Cueva en Suburbio Santiago \/ DIN interiorismo","datePublished":"2023-01-26T19:46:33+00:00","dateModified":"2023-04-14T18:06:51+00:00","mainEntityOfPage":{"@id":"https:\/\/www.arquimaster.com.ar\/web\/cueva-en-suburbio-santiago-din-interiorismo\/"},"wordCount":538,"publisher":{"@id":"https:\/\/www.arquimaster.com.ar\/web\/#organization"},"image":{"@id":"https:\/\/www.arquimaster.com.ar\/web\/cueva-en-suburbio-santiago-din-interiorismo\/#primaryimage"},"thumbnailUrl":"https:\/\/www.arquimaster.com.ar\/web\/wp-content\/uploads\/2023\/01\/cueva_suburbio_santiago_slide.jpg","keywords":["arquitectura comercial","Aurelio V\u00e1zquez","cava","cueva","DIN interiorismo","Mexico","Queretaro","restaurante"],"articleSection":["Arquitectura comercial","Proyecto"],"inLanguage":"es"},{"@type":"WebPage","@id":"https:\/\/www.arquimaster.com.ar\/web\/cueva-en-suburbio-santiago-din-interiorismo\/","url":"https:\/\/www.arquimaster.com.ar\/web\/cueva-en-suburbio-santiago-din-interiorismo\/","name":"Cueva en Suburbio Santiago \/ DIN interiorismo - Arquimaster","isPartOf":{"@id":"https:\/\/www.arquimaster.com.ar\/web\/#website"},"primaryImageOfPage":{"@id":"https:\/\/www.arquimaster.com.ar\/web\/cueva-en-suburbio-santiago-din-interiorismo\/#primaryimage"},"image":{"@id":"https:\/\/www.arquimaster.com.ar\/web\/cueva-en-suburbio-santiago-din-interiorismo\/#primaryimage"},"thumbnailUrl":"https:\/\/www.arquimaster.com.ar\/web\/wp-content\/uploads\/2023\/01\/cueva_suburbio_santiago_slide.jpg","datePublished":"2023-01-26T19:46:33+00:00","dateModified":"2023-04-14T18:06:51+00:00","description":"Se decidi\u00f3 respetar al m\u00e1ximo las formas naturales de la cueva, oblig\u00e1ndonos a delimitar las zonas por las que las personas pod\u00edan caminar.","breadcrumb":{"@id":"https:\/\/www.arquimaster.com.ar\/web\/cueva-en-suburbio-santiago-din-interiorismo\/#breadcrumb"},"inLanguage":"es","potentialAction":[{"@type":"ReadAction","target":["https:\/\/www.arquimaster.com.ar\/web\/cueva-en-suburbio-santiago-din-interiorismo\/"]}]},{"@type":"ImageObject","inLanguage":"es","@id":"https:\/\/www.arquimaster.com.ar\/web\/cueva-en-suburbio-santiago-din-interiorismo\/#primaryimage","url":"https:\/\/www.arquimaster.com.ar\/web\/wp-content\/uploads\/2023\/01\/cueva_suburbio_santiago_slide.jpg","contentUrl":"https:\/\/www.arquimaster.com.ar\/web\/wp-content\/uploads\/2023\/01\/cueva_suburbio_santiago_slide.jpg","width":698,"height":364,"caption":"Cueva en Suburbio Santiago \/ DIN interiorismo"},{"@type":"BreadcrumbList","@id":"https:\/\/www.arquimaster.com.ar\/web\/cueva-en-suburbio-santiago-din-interiorismo\/#breadcrumb","itemListElement":[{"@type":"ListItem","position":1,"name":"Portada","item":"https:\/\/www.arquimaster.com.ar\/web\/"},{"@type":"ListItem","position":2,"name":"Cueva en Suburbio Santiago \/ DIN interiorismo"}]},{"@type":"WebSite","@id":"https:\/\/www.arquimaster.com.ar\/web\/#website","url":"https:\/\/www.arquimaster.com.ar\/web\/","name":"Arquimaster","description":"Web de arquitectura, dise\u00f1o y construccion","publisher":{"@id":"https:\/\/www.arquimaster.com.ar\/web\/#organization"},"potentialAction":[{"@type":"SearchAction","target":{"@type":"EntryPoint","urlTemplate":"https:\/\/www.arquimaster.com.ar\/web\/?s={search_term_string}"},"query-input":{"@type":"PropertyValueSpecification","valueRequired":true,"valueName":"search_term_string"}}],"inLanguage":"es"},{"@type":"Organization","@id":"https:\/\/www.arquimaster.com.ar\/web\/#organization","name":"Arquimaster","url":"https:\/\/www.arquimaster.com.ar\/web\/","logo":{"@type":"ImageObject","inLanguage":"es","@id":"https:\/\/www.arquimaster.com.ar\/web\/#\/schema\/logo\/image\/","url":"https:\/\/www.arquimaster.com.ar\/web\/wp-content\/uploads\/2022\/06\/arquimaster.png","contentUrl":"https:\/\/www.arquimaster.com.ar\/web\/wp-content\/uploads\/2022\/06\/arquimaster.png","width":594,"height":78,"caption":"Arquimaster"},"image":{"@id":"https:\/\/www.arquimaster.com.ar\/web\/#\/schema\/logo\/image\/"},"sameAs":["http:\/\/www.facebook.com\/ARQUIMASTER.com.ar","https:\/\/x.com\/arquimaster","https:\/\/www.instagram.com\/arquimasterblog\/","https:\/\/www.linkedin.com\/company\/arquimaster","https:\/\/www.pinterest.com\/arquimaster","https:\/\/t.me\/arquimaster"]},{"@type":"Person","@id":"https:\/\/www.arquimaster.com.ar\/web\/#\/schema\/person\/359e9f7c00193fcde068e0dd2ceb0028","name":"Arquimaster"}]}},"uagb_featured_image_src":{"full":["https:\/\/www.arquimaster.com.ar\/web\/wp-content\/uploads\/2023\/01\/cueva_suburbio_santiago_slide.jpg",698,364,false],"thumbnail":["https:\/\/www.arquimaster.com.ar\/web\/wp-content\/uploads\/2023\/01\/cueva_suburbio_santiago_slide-150x150.jpg",150,150,true],"medium":["https:\/\/www.arquimaster.com.ar\/web\/wp-content\/uploads\/2023\/01\/cueva_suburbio_santiago_slide.jpg",698,364,false],"medium_large":["https:\/\/www.arquimaster.com.ar\/web\/wp-content\/uploads\/2023\/01\/cueva_suburbio_santiago_slide.jpg",698,364,false],"large":["https:\/\/www.arquimaster.com.ar\/web\/wp-content\/uploads\/2023\/01\/cueva_suburbio_santiago_slide.jpg",698,364,false],"1536x1536":["https:\/\/www.arquimaster.com.ar\/web\/wp-content\/uploads\/2023\/01\/cueva_suburbio_santiago_slide.jpg",698,364,false],"2048x2048":["https:\/\/www.arquimaster.com.ar\/web\/wp-content\/uploads\/2023\/01\/cueva_suburbio_santiago_slide.jpg",698,364,false]},"uagb_author_info":{"display_name":"Arquimaster","author_link":"https:\/\/www.arquimaster.com.ar\/web\/author\/arquimaster\/"},"uagb_comment_info":0,"uagb_excerpt":"Se decidi\u00f3 respetar al m\u00e1ximo las formas naturales de la cueva...","_links":{"self":[{"href":"https:\/\/www.arquimaster.com.ar\/web\/wp-json\/wp\/v2\/posts\/74385","targetHints":{"allow":["GET"]}}],"collection":[{"href":"https:\/\/www.arquimaster.com.ar\/web\/wp-json\/wp\/v2\/posts"}],"about":[{"href":"https:\/\/www.arquimaster.com.ar\/web\/wp-json\/wp\/v2\/types\/post"}],"author":[{"embeddable":true,"href":"https:\/\/www.arquimaster.com.ar\/web\/wp-json\/wp\/v2\/users\/1"}],"replies":[{"embeddable":true,"href":"https:\/\/www.arquimaster.com.ar\/web\/wp-json\/wp\/v2\/comments?post=74385"}],"version-history":[{"count":1,"href":"https:\/\/www.arquimaster.com.ar\/web\/wp-json\/wp\/v2\/posts\/74385\/revisions"}],"predecessor-version":[{"id":74404,"href":"https:\/\/www.arquimaster.com.ar\/web\/wp-json\/wp\/v2\/posts\/74385\/revisions\/74404"}],"wp:featuredmedia":[{"embeddable":true,"href":"https:\/\/www.arquimaster.com.ar\/web\/wp-json\/wp\/v2\/media\/74386"}],"wp:attachment":[{"href":"https:\/\/www.arquimaster.com.ar\/web\/wp-json\/wp\/v2\/media?parent=74385"}],"wp:term":[{"taxonomy":"category","embeddable":true,"href":"https:\/\/www.arquimaster.com.ar\/web\/wp-json\/wp\/v2\/categories?post=74385"},{"taxonomy":"post_tag","embeddable":true,"href":"https:\/\/www.arquimaster.com.ar\/web\/wp-json\/wp\/v2\/tags?post=74385"}],"curies":[{"name":"wp","href":"https:\/\/api.w.org\/{rel}","templated":true}]}}