{"id":74406,"date":"2023-01-26T17:25:48","date_gmt":"2023-01-26T20:25:48","guid":{"rendered":"https:\/\/www.arquimaster.com.ar\/web\/?p=74406"},"modified":"2023-04-12T17:16:18","modified_gmt":"2023-04-12T20:16:18","slug":"54-viviendas-sociales-en-bon-pastor-peristoral-arquitectes","status":"publish","type":"post","link":"https:\/\/www.arquimaster.com.ar\/web\/54-viviendas-sociales-en-bon-pastor-peristoral-arquitectes\/","title":{"rendered":"54 viviendas sociales en Bon Pastor \/ Peris+Toral Arquitectes"},"content":{"rendered":"<div style=\"margin-top: 0px; margin-bottom: 0px;\" class=\"sharethis-inline-share-buttons\" ><\/div><div class=\"b812932af2e751442846f039925109de\" data-index=\"1\" style=\"float: none; margin:25px 0 25px 0; text-align:center;\">\n<script async src=\"https:\/\/pagead2.googlesyndication.com\/pagead\/js\/adsbygoogle.js\"><\/script>\r\n<!-- Arquimaster (superior) -->\r\n<ins class=\"adsbygoogle\"\r\n     style=\"display:block\"\r\n     data-ad-client=\"ca-pub-6351072698456832\"\r\n     data-ad-slot=\"6455489680\"\r\n     data-ad-format=\"auto\"\r\n     data-full-width-responsive=\"true\"><\/ins>\r\n<script>\r\n     (adsbygoogle = window.adsbygoogle || []).push({});\r\n<\/script>\n<\/div>\n<p><strong>54 viviendas sociales en Bon Pastor<\/strong> (Barcelona, Espa\u00f1a) por <strong>Peris+Toral Arquitectes<\/strong>. El Plan de Remodelaci\u00f3n de Bon Pastor prev\u00e9 el derribo de las 784 Casas Baratas del pol\u00edgono construido en 1929 y su sustituci\u00f3n por bloques aislados para el realojamiento de todos los vecinos. La estructura urban\u00edstica de viviendas en planta baja y la proximidad de los vecinos favorecieron una forma de vida comunitaria que otorgaba al barrio la atm\u00f3sfera de un pueblo dentro de la ciudad, con mucha vida en la calle.<\/p>\n<div id='gallery-1' class='gallery galleryid-74406 gallery-columns-3 gallery-size-thumbnail'><figure class='gallery-item'>\n\t\t\t<div class='gallery-icon landscape'>\n\t\t\t\t<a href='https:\/\/www.arquimaster.com.ar\/web\/wp-content\/uploads\/2023\/01\/edificio_bon_pastor1.jpg' title=\"54 viviendas sociales en Bon Pastor \/ Peris+Toral Arquitectes (\u00a9 Jos\u00e9 Hevia)\" data-rl_title=\"54 viviendas sociales en Bon Pastor \/ Peris+Toral Arquitectes (\u00a9 Jos\u00e9 Hevia)\" class=\"rl-gallery-link\" data-rl_caption=\"54 viviendas sociales en Bon Pastor \/ Peris+Toral Arquitectes (\u00a9 Jos\u00e9 Hevia)\" data-rel=\"lightbox-gallery-1\"><img loading=\"lazy\" decoding=\"async\" width=\"150\" height=\"150\" src=\"https:\/\/www.arquimaster.com.ar\/web\/wp-content\/uploads\/2023\/01\/edificio_bon_pastor1-150x150.jpg\" class=\"attachment-thumbnail size-thumbnail\" alt=\"54 viviendas sociales en Bon Pastor \/ Peris+Toral Arquitectes\" aria-describedby=\"gallery-1-74408\" \/><\/a>\n\t\t\t<\/div>\n\t\t\t\t<figcaption class='wp-caption-text gallery-caption' id='gallery-1-74408'>\n\t\t\t\t54 viviendas sociales en Bon Pastor \/ Peris+Toral Arquitectes (\u00a9 Jos\u00e9 Hevia)\n\t\t\t\t<\/figcaption><\/figure><figure class='gallery-item'>\n\t\t\t<div class='gallery-icon portrait'>\n\t\t\t\t<a href='https:\/\/www.arquimaster.com.ar\/web\/wp-content\/uploads\/2023\/01\/edificio_bon_pastor2.jpg' title=\"54 viviendas sociales en Bon Pastor \/ Peris+Toral Arquitectes (\u00a9 Jos\u00e9 Hevia)\" data-rl_title=\"54 viviendas sociales en Bon Pastor \/ Peris+Toral Arquitectes (\u00a9 Jos\u00e9 Hevia)\" class=\"rl-gallery-link\" data-rl_caption=\"54 viviendas sociales en Bon Pastor \/ Peris+Toral Arquitectes (\u00a9 Jos\u00e9 Hevia)\" data-rel=\"lightbox-gallery-1\"><img loading=\"lazy\" decoding=\"async\" width=\"150\" height=\"150\" src=\"https:\/\/www.arquimaster.com.ar\/web\/wp-content\/uploads\/2023\/01\/edificio_bon_pastor2-150x150.jpg\" class=\"attachment-thumbnail size-thumbnail\" alt=\"54 viviendas sociales en Bon Pastor \/ Peris+Toral Arquitectes\" aria-describedby=\"gallery-1-74409\" \/><\/a>\n\t\t\t<\/div>\n\t\t\t\t<figcaption class='wp-caption-text gallery-caption' id='gallery-1-74409'>\n\t\t\t\t54 viviendas sociales en Bon Pastor \/ Peris+Toral Arquitectes (\u00a9 Jos\u00e9 Hevia)\n\t\t\t\t<\/figcaption><\/figure><figure class='gallery-item'>\n\t\t\t<div class='gallery-icon portrait'>\n\t\t\t\t<a href='https:\/\/www.arquimaster.com.ar\/web\/wp-content\/uploads\/2023\/01\/edificio_bon_pastor3.jpg' title=\"54 viviendas sociales en Bon Pastor \/ Peris+Toral Arquitectes (\u00a9 Jos\u00e9 Hevia)\" data-rl_title=\"54 viviendas sociales en Bon Pastor \/ Peris+Toral Arquitectes (\u00a9 Jos\u00e9 Hevia)\" class=\"rl-gallery-link\" data-rl_caption=\"54 viviendas sociales en Bon Pastor \/ Peris+Toral Arquitectes (\u00a9 Jos\u00e9 Hevia)\" data-rel=\"lightbox-gallery-1\"><img loading=\"lazy\" decoding=\"async\" width=\"150\" height=\"150\" src=\"https:\/\/www.arquimaster.com.ar\/web\/wp-content\/uploads\/2023\/01\/edificio_bon_pastor3-150x150.jpg\" class=\"attachment-thumbnail size-thumbnail\" alt=\"54 viviendas sociales en Bon Pastor \/ Peris+Toral Arquitectes\" aria-describedby=\"gallery-1-74410\" \/><\/a>\n\t\t\t<\/div>\n\t\t\t\t<figcaption class='wp-caption-text gallery-caption' id='gallery-1-74410'>\n\t\t\t\t54 viviendas sociales en Bon Pastor \/ Peris+Toral Arquitectes (\u00a9 Jos\u00e9 Hevia)\n\t\t\t\t<\/figcaption><\/figure><figure class='gallery-item'>\n\t\t\t<div class='gallery-icon portrait'>\n\t\t\t\t<a href='https:\/\/www.arquimaster.com.ar\/web\/wp-content\/uploads\/2023\/01\/edificio_bon_pastor4.jpg' title=\"54 viviendas sociales en Bon Pastor \/ Peris+Toral Arquitectes (\u00a9 Jos\u00e9 Hevia)\" data-rl_title=\"54 viviendas sociales en Bon Pastor \/ Peris+Toral Arquitectes (\u00a9 Jos\u00e9 Hevia)\" class=\"rl-gallery-link\" data-rl_caption=\"54 viviendas sociales en Bon Pastor \/ Peris+Toral Arquitectes (\u00a9 Jos\u00e9 Hevia)\" data-rel=\"lightbox-gallery-1\"><img loading=\"lazy\" decoding=\"async\" width=\"150\" height=\"150\" src=\"https:\/\/www.arquimaster.com.ar\/web\/wp-content\/uploads\/2023\/01\/edificio_bon_pastor4-150x150.jpg\" class=\"attachment-thumbnail size-thumbnail\" alt=\"54 viviendas sociales en Bon Pastor \/ Peris+Toral Arquitectes\" aria-describedby=\"gallery-1-74411\" \/><\/a>\n\t\t\t<\/div>\n\t\t\t\t<figcaption class='wp-caption-text gallery-caption' id='gallery-1-74411'>\n\t\t\t\t54 viviendas sociales en Bon Pastor \/ Peris+Toral Arquitectes (\u00a9 Jos\u00e9 Hevia)\n\t\t\t\t<\/figcaption><\/figure><figure class='gallery-item'>\n\t\t\t<div class='gallery-icon portrait'>\n\t\t\t\t<a href='https:\/\/www.arquimaster.com.ar\/web\/wp-content\/uploads\/2023\/01\/edificio_bon_pastor5.jpg' title=\"54 viviendas sociales en Bon Pastor \/ Peris+Toral Arquitectes (\u00a9 Jos\u00e9 Hevia)\" data-rl_title=\"54 viviendas sociales en Bon Pastor \/ Peris+Toral Arquitectes (\u00a9 Jos\u00e9 Hevia)\" class=\"rl-gallery-link\" data-rl_caption=\"54 viviendas sociales en Bon Pastor \/ Peris+Toral Arquitectes (\u00a9 Jos\u00e9 Hevia)\" data-rel=\"lightbox-gallery-1\"><img loading=\"lazy\" decoding=\"async\" width=\"150\" height=\"150\" src=\"https:\/\/www.arquimaster.com.ar\/web\/wp-content\/uploads\/2023\/01\/edificio_bon_pastor5-150x150.jpg\" class=\"attachment-thumbnail size-thumbnail\" alt=\"54 viviendas sociales en Bon Pastor \/ Peris+Toral Arquitectes\" aria-describedby=\"gallery-1-74412\" \/><\/a>\n\t\t\t<\/div>\n\t\t\t\t<figcaption class='wp-caption-text gallery-caption' id='gallery-1-74412'>\n\t\t\t\t54 viviendas sociales en Bon Pastor \/ Peris+Toral Arquitectes (\u00a9 Jos\u00e9 Hevia)\n\t\t\t\t<\/figcaption><\/figure><figure class='gallery-item'>\n\t\t\t<div class='gallery-icon portrait'>\n\t\t\t\t<a href='https:\/\/www.arquimaster.com.ar\/web\/wp-content\/uploads\/2023\/01\/edificio_bon_pastor6.jpg' title=\"54 viviendas sociales en Bon Pastor \/ Peris+Toral Arquitectes (\u00a9 Jos\u00e9 Hevia)\" data-rl_title=\"54 viviendas sociales en Bon Pastor \/ Peris+Toral Arquitectes (\u00a9 Jos\u00e9 Hevia)\" class=\"rl-gallery-link\" data-rl_caption=\"54 viviendas sociales en Bon Pastor \/ Peris+Toral Arquitectes (\u00a9 Jos\u00e9 Hevia)\" data-rel=\"lightbox-gallery-1\"><img loading=\"lazy\" decoding=\"async\" width=\"150\" height=\"150\" src=\"https:\/\/www.arquimaster.com.ar\/web\/wp-content\/uploads\/2023\/01\/edificio_bon_pastor6-150x150.jpg\" class=\"attachment-thumbnail size-thumbnail\" alt=\"54 viviendas sociales en Bon Pastor \/ Peris+Toral Arquitectes\" aria-describedby=\"gallery-1-74413\" \/><\/a>\n\t\t\t<\/div>\n\t\t\t\t<figcaption class='wp-caption-text gallery-caption' id='gallery-1-74413'>\n\t\t\t\t54 viviendas sociales en Bon Pastor \/ Peris+Toral Arquitectes (\u00a9 Jos\u00e9 Hevia)\n\t\t\t\t<\/figcaption><\/figure><figure class='gallery-item'>\n\t\t\t<div class='gallery-icon portrait'>\n\t\t\t\t<a href='https:\/\/www.arquimaster.com.ar\/web\/wp-content\/uploads\/2023\/01\/edificio_bon_pastor7.jpg' title=\"54 viviendas sociales en Bon Pastor \/ Peris+Toral Arquitectes (\u00a9 Jos\u00e9 Hevia)\" data-rl_title=\"54 viviendas sociales en Bon Pastor \/ Peris+Toral Arquitectes (\u00a9 Jos\u00e9 Hevia)\" class=\"rl-gallery-link\" data-rl_caption=\"54 viviendas sociales en Bon Pastor \/ Peris+Toral Arquitectes (\u00a9 Jos\u00e9 Hevia)\" data-rel=\"lightbox-gallery-1\"><img loading=\"lazy\" decoding=\"async\" width=\"150\" height=\"150\" src=\"https:\/\/www.arquimaster.com.ar\/web\/wp-content\/uploads\/2023\/01\/edificio_bon_pastor7-150x150.jpg\" class=\"attachment-thumbnail size-thumbnail\" alt=\"54 viviendas sociales en Bon Pastor \/ Peris+Toral Arquitectes\" aria-describedby=\"gallery-1-74414\" \/><\/a>\n\t\t\t<\/div>\n\t\t\t\t<figcaption class='wp-caption-text gallery-caption' id='gallery-1-74414'>\n\t\t\t\t54 viviendas sociales en Bon Pastor \/ Peris+Toral Arquitectes (\u00a9 Jos\u00e9 Hevia)\n\t\t\t\t<\/figcaption><\/figure><figure class='gallery-item'>\n\t\t\t<div class='gallery-icon portrait'>\n\t\t\t\t<a href='https:\/\/www.arquimaster.com.ar\/web\/wp-content\/uploads\/2023\/01\/edificio_bon_pastor8.jpg' title=\"54 viviendas sociales en Bon Pastor \/ Peris+Toral Arquitectes (\u00a9 Jos\u00e9 Hevia)\" data-rl_title=\"54 viviendas sociales en Bon Pastor \/ Peris+Toral Arquitectes (\u00a9 Jos\u00e9 Hevia)\" class=\"rl-gallery-link\" data-rl_caption=\"54 viviendas sociales en Bon Pastor \/ Peris+Toral Arquitectes (\u00a9 Jos\u00e9 Hevia)\" data-rel=\"lightbox-gallery-1\"><img loading=\"lazy\" decoding=\"async\" width=\"150\" height=\"150\" src=\"https:\/\/www.arquimaster.com.ar\/web\/wp-content\/uploads\/2023\/01\/edificio_bon_pastor8-150x150.jpg\" class=\"attachment-thumbnail size-thumbnail\" alt=\"54 viviendas sociales en Bon Pastor \/ Peris+Toral Arquitectes\" aria-describedby=\"gallery-1-74415\" \/><\/a>\n\t\t\t<\/div>\n\t\t\t\t<figcaption class='wp-caption-text gallery-caption' id='gallery-1-74415'>\n\t\t\t\t54 viviendas sociales en Bon Pastor \/ Peris+Toral Arquitectes (\u00a9 Jos\u00e9 Hevia)\n\t\t\t\t<\/figcaption><\/figure><figure class='gallery-item'>\n\t\t\t<div class='gallery-icon portrait'>\n\t\t\t\t<a href='https:\/\/www.arquimaster.com.ar\/web\/wp-content\/uploads\/2023\/01\/edificio_bon_pastor9.jpg' title=\"54 viviendas sociales en Bon Pastor \/ Peris+Toral Arquitectes (\u00a9 Jos\u00e9 Hevia)\" data-rl_title=\"54 viviendas sociales en Bon Pastor \/ Peris+Toral Arquitectes (\u00a9 Jos\u00e9 Hevia)\" class=\"rl-gallery-link\" data-rl_caption=\"54 viviendas sociales en Bon Pastor \/ Peris+Toral Arquitectes (\u00a9 Jos\u00e9 Hevia)\" data-rel=\"lightbox-gallery-1\"><img loading=\"lazy\" decoding=\"async\" width=\"150\" height=\"150\" src=\"https:\/\/www.arquimaster.com.ar\/web\/wp-content\/uploads\/2023\/01\/edificio_bon_pastor9-150x150.jpg\" class=\"attachment-thumbnail size-thumbnail\" alt=\"54 viviendas sociales en Bon Pastor \/ Peris+Toral Arquitectes\" aria-describedby=\"gallery-1-74416\" \/><\/a>\n\t\t\t<\/div>\n\t\t\t\t<figcaption class='wp-caption-text gallery-caption' id='gallery-1-74416'>\n\t\t\t\t54 viviendas sociales en Bon Pastor \/ Peris+Toral Arquitectes (\u00a9 Jos\u00e9 Hevia)\n\t\t\t\t<\/figcaption><\/figure><figure class='gallery-item'>\n\t\t\t<div class='gallery-icon portrait'>\n\t\t\t\t<a href='https:\/\/www.arquimaster.com.ar\/web\/wp-content\/uploads\/2023\/01\/edificio_bon_pastor10.jpg' title=\"54 viviendas sociales en Bon Pastor \/ Peris+Toral Arquitectes (implataci\u00f3n)\" data-rl_title=\"54 viviendas sociales en Bon Pastor \/ Peris+Toral Arquitectes (implataci\u00f3n)\" class=\"rl-gallery-link\" data-rl_caption=\"54 viviendas sociales en Bon Pastor \/ Peris+Toral Arquitectes (implataci\u00f3n)\" data-rel=\"lightbox-gallery-1\"><img loading=\"lazy\" decoding=\"async\" width=\"150\" height=\"150\" src=\"https:\/\/www.arquimaster.com.ar\/web\/wp-content\/uploads\/2023\/01\/edificio_bon_pastor10-150x150.jpg\" class=\"attachment-thumbnail size-thumbnail\" alt=\"54 viviendas sociales en Bon Pastor \/ Peris+Toral Arquitectes\" aria-describedby=\"gallery-1-74417\" \/><\/a>\n\t\t\t<\/div>\n\t\t\t\t<figcaption class='wp-caption-text gallery-caption' id='gallery-1-74417'>\n\t\t\t\t54 viviendas sociales en Bon Pastor \/ Peris+Toral Arquitectes (implataci\u00f3n)\n\t\t\t\t<\/figcaption><\/figure><figure class='gallery-item'>\n\t\t\t<div class='gallery-icon landscape'>\n\t\t\t\t<a href='https:\/\/www.arquimaster.com.ar\/web\/wp-content\/uploads\/2023\/01\/edificio_bon_pastor11.jpg' title=\"54 viviendas sociales en Bon Pastor \/ Peris+Toral Arquitectes (planta baja)\" data-rl_title=\"54 viviendas sociales en Bon Pastor \/ Peris+Toral Arquitectes (planta baja)\" class=\"rl-gallery-link\" data-rl_caption=\"54 viviendas sociales en Bon Pastor \/ Peris+Toral Arquitectes (planta baja)\" data-rel=\"lightbox-gallery-1\"><img loading=\"lazy\" decoding=\"async\" width=\"150\" height=\"150\" src=\"https:\/\/www.arquimaster.com.ar\/web\/wp-content\/uploads\/2023\/01\/edificio_bon_pastor11-150x150.jpg\" class=\"attachment-thumbnail size-thumbnail\" alt=\"54 viviendas sociales en Bon Pastor \/ Peris+Toral Arquitectes\" aria-describedby=\"gallery-1-74418\" \/><\/a>\n\t\t\t<\/div>\n\t\t\t\t<figcaption class='wp-caption-text gallery-caption' id='gallery-1-74418'>\n\t\t\t\t54 viviendas sociales en Bon Pastor \/ Peris+Toral Arquitectes (planta baja)\n\t\t\t\t<\/figcaption><\/figure><figure class='gallery-item'>\n\t\t\t<div class='gallery-icon landscape'>\n\t\t\t\t<a href='https:\/\/www.arquimaster.com.ar\/web\/wp-content\/uploads\/2023\/01\/edificio_bon_pastor12.jpg' title=\"54 viviendas sociales en Bon Pastor \/ Peris+Toral Arquitectes (planta 1\u00ba nivel)\" data-rl_title=\"54 viviendas sociales en Bon Pastor \/ Peris+Toral Arquitectes (planta 1\u00ba nivel)\" class=\"rl-gallery-link\" data-rl_caption=\"54 viviendas sociales en Bon Pastor \/ Peris+Toral Arquitectes (planta 1\u00ba nivel)\" data-rel=\"lightbox-gallery-1\"><img loading=\"lazy\" decoding=\"async\" width=\"150\" height=\"150\" src=\"https:\/\/www.arquimaster.com.ar\/web\/wp-content\/uploads\/2023\/01\/edificio_bon_pastor12-150x150.jpg\" class=\"attachment-thumbnail size-thumbnail\" alt=\"54 viviendas sociales en Bon Pastor \/ Peris+Toral Arquitectes\" aria-describedby=\"gallery-1-74419\" \/><\/a>\n\t\t\t<\/div>\n\t\t\t\t<figcaption class='wp-caption-text gallery-caption' id='gallery-1-74419'>\n\t\t\t\t54 viviendas sociales en Bon Pastor \/ Peris+Toral Arquitectes (planta 1\u00ba nivel)\n\t\t\t\t<\/figcaption><\/figure><figure class='gallery-item'>\n\t\t\t<div class='gallery-icon landscape'>\n\t\t\t\t<a href='https:\/\/www.arquimaster.com.ar\/web\/wp-content\/uploads\/2023\/01\/edificio_bon_pastor13.jpg' title=\"54 viviendas sociales en Bon Pastor \/ Peris+Toral Arquitectes (planta 2\u00ba nivel)\" data-rl_title=\"54 viviendas sociales en Bon Pastor \/ Peris+Toral Arquitectes (planta 2\u00ba nivel)\" class=\"rl-gallery-link\" data-rl_caption=\"54 viviendas sociales en Bon Pastor \/ Peris+Toral Arquitectes (planta 2\u00ba nivel)\" data-rel=\"lightbox-gallery-1\"><img loading=\"lazy\" decoding=\"async\" width=\"150\" height=\"150\" src=\"https:\/\/www.arquimaster.com.ar\/web\/wp-content\/uploads\/2023\/01\/edificio_bon_pastor13-150x150.jpg\" class=\"attachment-thumbnail size-thumbnail\" alt=\"54 viviendas sociales en Bon Pastor \/ Peris+Toral Arquitectes\" aria-describedby=\"gallery-1-74420\" \/><\/a>\n\t\t\t<\/div>\n\t\t\t\t<figcaption class='wp-caption-text gallery-caption' id='gallery-1-74420'>\n\t\t\t\t54 viviendas sociales en Bon Pastor \/ Peris+Toral Arquitectes (planta 2\u00ba nivel)\n\t\t\t\t<\/figcaption><\/figure><figure class='gallery-item'>\n\t\t\t<div class='gallery-icon landscape'>\n\t\t\t\t<a href='https:\/\/www.arquimaster.com.ar\/web\/wp-content\/uploads\/2023\/01\/edificio_bon_pastor14.jpg' title=\"54 viviendas sociales en Bon Pastor \/ Peris+Toral Arquitectes (planta 3\u00ba nivel)\" data-rl_title=\"54 viviendas sociales en Bon Pastor \/ Peris+Toral Arquitectes (planta 3\u00ba nivel)\" class=\"rl-gallery-link\" data-rl_caption=\"54 viviendas sociales en Bon Pastor \/ Peris+Toral Arquitectes (planta 3\u00ba nivel)\" data-rel=\"lightbox-gallery-1\"><img loading=\"lazy\" decoding=\"async\" width=\"150\" height=\"150\" src=\"https:\/\/www.arquimaster.com.ar\/web\/wp-content\/uploads\/2023\/01\/edificio_bon_pastor14-150x150.jpg\" class=\"attachment-thumbnail size-thumbnail\" alt=\"54 viviendas sociales en Bon Pastor \/ Peris+Toral Arquitectes\" aria-describedby=\"gallery-1-74421\" \/><\/a>\n\t\t\t<\/div>\n\t\t\t\t<figcaption class='wp-caption-text gallery-caption' id='gallery-1-74421'>\n\t\t\t\t54 viviendas sociales en Bon Pastor \/ Peris+Toral Arquitectes (planta 3\u00ba nivel)\n\t\t\t\t<\/figcaption><\/figure><figure class='gallery-item'>\n\t\t\t<div class='gallery-icon landscape'>\n\t\t\t\t<a href='https:\/\/www.arquimaster.com.ar\/web\/wp-content\/uploads\/2023\/01\/edificio_bon_pastor15.jpg' title=\"54 viviendas sociales en Bon Pastor \/ Peris+Toral Arquitectes (planta 4\u00ba nivel)\" data-rl_title=\"54 viviendas sociales en Bon Pastor \/ Peris+Toral Arquitectes (planta 4\u00ba nivel)\" class=\"rl-gallery-link\" data-rl_caption=\"54 viviendas sociales en Bon Pastor \/ Peris+Toral Arquitectes (planta 4\u00ba nivel)\" data-rel=\"lightbox-gallery-1\"><img loading=\"lazy\" decoding=\"async\" width=\"150\" height=\"150\" src=\"https:\/\/www.arquimaster.com.ar\/web\/wp-content\/uploads\/2023\/01\/edificio_bon_pastor15-150x150.jpg\" class=\"attachment-thumbnail size-thumbnail\" alt=\"54 viviendas sociales en Bon Pastor \/ Peris+Toral Arquitectes\" aria-describedby=\"gallery-1-74422\" \/><\/a>\n\t\t\t<\/div>\n\t\t\t\t<figcaption class='wp-caption-text gallery-caption' id='gallery-1-74422'>\n\t\t\t\t54 viviendas sociales en Bon Pastor \/ Peris+Toral Arquitectes (planta 4\u00ba nivel)\n\t\t\t\t<\/figcaption><\/figure><figure class='gallery-item'>\n\t\t\t<div class='gallery-icon portrait'>\n\t\t\t\t<a href='https:\/\/www.arquimaster.com.ar\/web\/wp-content\/uploads\/2023\/01\/edificio_bon_pastor16.jpg' title=\"54 viviendas sociales en Bon Pastor \/ Peris+Toral Arquitectes (planta tipologia)\" data-rl_title=\"54 viviendas sociales en Bon Pastor \/ Peris+Toral Arquitectes (planta tipologia)\" class=\"rl-gallery-link\" data-rl_caption=\"54 viviendas sociales en Bon Pastor \/ Peris+Toral Arquitectes (planta tipologia)\" data-rel=\"lightbox-gallery-1\"><img loading=\"lazy\" decoding=\"async\" width=\"150\" height=\"150\" src=\"https:\/\/www.arquimaster.com.ar\/web\/wp-content\/uploads\/2023\/01\/edificio_bon_pastor16-150x150.jpg\" class=\"attachment-thumbnail size-thumbnail\" alt=\"54 viviendas sociales en Bon Pastor \/ Peris+Toral Arquitectes\" aria-describedby=\"gallery-1-74423\" \/><\/a>\n\t\t\t<\/div>\n\t\t\t\t<figcaption class='wp-caption-text gallery-caption' id='gallery-1-74423'>\n\t\t\t\t54 viviendas sociales en Bon Pastor \/ Peris+Toral Arquitectes (planta tipologia)\n\t\t\t\t<\/figcaption><\/figure><figure class='gallery-item'>\n\t\t\t<div class='gallery-icon landscape'>\n\t\t\t\t<a href='https:\/\/www.arquimaster.com.ar\/web\/wp-content\/uploads\/2023\/01\/edificio_bon_pastor17.jpg' title=\"54 viviendas sociales en Bon Pastor \/ Peris+Toral Arquitectes (corte)\" data-rl_title=\"54 viviendas sociales en Bon Pastor \/ Peris+Toral Arquitectes (corte)\" class=\"rl-gallery-link\" data-rl_caption=\"54 viviendas sociales en Bon Pastor \/ Peris+Toral Arquitectes (corte)\" data-rel=\"lightbox-gallery-1\"><img loading=\"lazy\" decoding=\"async\" width=\"150\" height=\"150\" src=\"https:\/\/www.arquimaster.com.ar\/web\/wp-content\/uploads\/2023\/01\/edificio_bon_pastor17-150x150.jpg\" class=\"attachment-thumbnail size-thumbnail\" alt=\"54 viviendas sociales en Bon Pastor \/ Peris+Toral Arquitectes\" aria-describedby=\"gallery-1-74424\" \/><\/a>\n\t\t\t<\/div>\n\t\t\t\t<figcaption class='wp-caption-text gallery-caption' id='gallery-1-74424'>\n\t\t\t\t54 viviendas sociales en Bon Pastor \/ Peris+Toral Arquitectes (corte)\n\t\t\t\t<\/figcaption><\/figure><figure class='gallery-item'>\n\t\t\t<div class='gallery-icon portrait'>\n\t\t\t\t<a href='https:\/\/www.arquimaster.com.ar\/web\/wp-content\/uploads\/2023\/01\/edificio_bon_pastor18.jpg' title=\"54 viviendas sociales en Bon Pastor \/ Peris+Toral Arquitectes (corte)\" data-rl_title=\"54 viviendas sociales en Bon Pastor \/ Peris+Toral Arquitectes (corte)\" class=\"rl-gallery-link\" data-rl_caption=\"54 viviendas sociales en Bon Pastor \/ Peris+Toral Arquitectes (corte)\" data-rel=\"lightbox-gallery-1\"><img loading=\"lazy\" decoding=\"async\" width=\"150\" height=\"150\" src=\"https:\/\/www.arquimaster.com.ar\/web\/wp-content\/uploads\/2023\/01\/edificio_bon_pastor18-150x150.jpg\" class=\"attachment-thumbnail size-thumbnail\" alt=\"54 viviendas sociales en Bon Pastor \/ Peris+Toral Arquitectes\" aria-describedby=\"gallery-1-74425\" \/><\/a>\n\t\t\t<\/div>\n\t\t\t\t<figcaption class='wp-caption-text gallery-caption' id='gallery-1-74425'>\n\t\t\t\t54 viviendas sociales en Bon Pastor \/ Peris+Toral Arquitectes (corte)\n\t\t\t\t<\/figcaption><\/figure><figure class='gallery-item'>\n\t\t\t<div class='gallery-icon portrait'>\n\t\t\t\t<a href='https:\/\/www.arquimaster.com.ar\/web\/wp-content\/uploads\/2023\/01\/edificio_bon_pastor19.jpg' title=\"54 viviendas sociales en Bon Pastor \/ Peris+Toral Arquitectes (corte)\" data-rl_title=\"54 viviendas sociales en Bon Pastor \/ Peris+Toral Arquitectes (corte)\" class=\"rl-gallery-link\" data-rl_caption=\"54 viviendas sociales en Bon Pastor \/ Peris+Toral Arquitectes (corte)\" data-rel=\"lightbox-gallery-1\"><img loading=\"lazy\" decoding=\"async\" width=\"150\" height=\"150\" src=\"https:\/\/www.arquimaster.com.ar\/web\/wp-content\/uploads\/2023\/01\/edificio_bon_pastor19-150x150.jpg\" class=\"attachment-thumbnail size-thumbnail\" alt=\"54 viviendas sociales en Bon Pastor \/ Peris+Toral Arquitectes\" aria-describedby=\"gallery-1-74426\" \/><\/a>\n\t\t\t<\/div>\n\t\t\t\t<figcaption class='wp-caption-text gallery-caption' id='gallery-1-74426'>\n\t\t\t\t54 viviendas sociales en Bon Pastor \/ Peris+Toral Arquitectes (corte)\n\t\t\t\t<\/figcaption><\/figure>\n\t\t<\/div>\n\n<p>El cambio de tipolog\u00eda de edificaci\u00f3n, pactado con los vecinos, ofrece unas ventajas de la vivienda en altura, como las vistas privilegiadas al r\u00edo Bes\u00f2s, en detrimento de la vida comunitaria a ras de suelo donde las viviendas en planta baja se abren y se apropian de la calle.<\/p>\n<p>Con el fin de recuperar y preservar parte de este modo de vida exterior se incorporan una serie de espacios intermedios entre el espacio p\u00fablico y las viviendas. En planta baja, se accede a trav\u00e9s de unos patios comunitarios que anteceden a los vest\u00edbulos. El cerramiento de celos\u00eda de la escalera exterioriza los recorridos verticales del edificio.<\/p>\n<p>En planta piso, se disponen unas generosas terrazas, a modo de habitaciones exteriores, orientadas hacia el nuevo parque que linda con el frente fluvial. El aparcamiento discurre en una sola planta y consta de ventilaci\u00f3n e iluminaci\u00f3n natural ofreciendo un espacio adaptable en el tiempo a otros usos.<\/p>\n<p>La vivienda pasante dispone el ba\u00f1o exento articulando la sala en dos espacios alrededor del n\u00facleo y dobles circulaciones que permiten que la casa parezca m\u00e1s grande. Esta organizaci\u00f3n favorece la ventilaci\u00f3n cruzada y la permeabilidad de la planta, tanto al aire como a la mirada, de manera que largas visuales atraviesan la casa de fachada a fachada.<\/p>\n<p>Los bucles de circulaciones no solo se activan alrededor del ba\u00f1o sino tambi\u00e9n a trav\u00e9s de las habitaciones mediante una terraza pasante que alarga el paseo por la casa, minimizando los espacios estancos y resiguiendo el contorno de la casa sin interrupci\u00f3n. El sistema de balcones met\u00e1licos volados incorpora persianas enrollables y act\u00faa como soporte de vegetaci\u00f3n.<\/p>\n<p>En planta baja, las terrazas orientadas al parque se intercalan con los patios de ventilaci\u00f3n del aparcamiento, generando un grosor a modo de filtro de intimidad entre el espacio p\u00fablico y la casa. El cerramiento de los patios orientados a la calle se desdobla para crear otra entrada de aire que permite la ventilaci\u00f3n cruzada en el aparcamiento.<\/p>\n<p>El uso de la obra vista, como materialidad determinada por el planeamiento, supone una oportunidad para introducir celos\u00edas que permiten dar una textura porosa a la fachada del edificio.<\/p>\n\n\n<div style=\"height:20px\" aria-hidden=\"true\" class=\"wp-block-spacer\"><\/div>\n\n\n\n<p class=\"has-background\" style=\"background-color:#eaeaea\"><strong>Ficha t\u00e9cnica<\/strong><br>Nombre: 54 viviendas sociales en Bon Pastor<br>Ubicaci\u00f3n: Bon Pastor, Barcelona, Espa\u00f1a<br>Arquitectos: PERIS+TORAL ARQUITECTES (Marta Peris, Jos\u00e9 Manuel Toral) + L3J T\u00c8CNICS ASSOCIATS (Jaime Pastor)<br>Equipo P+T: Ana Espinosa, Guillem Pascual, Maria Megias, Izaskun Gonz\u00e1lez, Cristina Porta, Miguel Bernat<br>Ingenieria y Estructuras: L3J T\u00e8cnics Associats<br>Direcci\u00f3n de ejecuci\u00f3n: Joan March i Raurell<br>Promotor: IMHAB. Instituto Municipal de la Vivienda de Barcelona<br>Presupuesto: 760 \u20ac\/m2 PEM<br>Superficie: 8085 m2<br>Fecha: 2015- 2022<br>Fotograf\u00eda: Jos\u00e9 Hevia<br><br><strong>Contacto<\/strong><br><a href=\"https:\/\/peristoral.com\/\" target=\"_blank\" rel=\"noreferrer noopener\">https:\/\/peristoral.com\/<\/a><\/p>\n\n\n\n<div style=\"height:40px\" aria-hidden=\"true\" class=\"wp-block-spacer\"><\/div>\n\n\n<p><strong><em>English version<\/em><\/strong><\/p>\n<p><em>The Remodelling Plan for the neighbourhood of Bon Pastor anticipates the demolition of the 784 Casas Baratas (cheap houses) on the estate that was built in 1929, and their replacement by freestanding blocks to rehouse all of their occupants. The planning structure of single-storey houses and the closeness of the neighbours produced a form of community life that gave the district the atmosphere of a village within the city, with lots of life in the street.<\/em><\/p>\n<p><em>The change in building typology, which was agreed on with the occupants, offers some advantages of high-rise living, such as prime views of the river Bes\u00f2s, to the detriment of community life at ground level, where the single-storey dwellings open up and emerge into the street. In order to recover and preserve part of this outdoor way of life, a series of intermediate areas are incorporated between the public space and the dwellings.<\/em><\/p>\n<p><em>At ground floor level, entrance is via communal courtyards that lead into the foyers. The lattice facing of the stairway externalizes the building&#8217;s vertical communications. On the first floor, generous terraces like outdoor rooms overlook the new park that borders the riverfront. The car park is laid out on a single level with natural ventilation and lighting, offering a space that can, in time, adapt to other uses.<\/em><\/p>\n<p><em>The cross-ventilated dwelling has a free-standing bathroom, arranging the lounge in two spaces around this nucleus with two-way circulations that make the apartment seem bigger. This layout favours cross ventilation and opens up the floor plan to both air and views, with long lines of sight between the two fa\u00e7ades.<\/em><\/p>\n<p><em>These loops of circulation are created not just around the bathroom, but also through the bedrooms by means of a terrace that continues its route through the apartment, minimizing self-contained spaces and following the outline of the apartment without interruption. The cantilevered metal balcony system incorporates rolling shutters and provides a support for vegetation.<\/em><\/p>\n<p><em>A park runs between the building and the river, filtering the sea air that circulates along the Bes\u00f2s river corridor. The use of exposed brickwork, a material determined by planning, is an opportunity to introduce lattices that give the building&#8217;s fa\u00e7ade a porous texture.<\/em><\/p>\n<p><em>At ground floor level, the terraces overlooking the park are interspersed with the car park&#8217;s ventilation shafts, generating a thickness that forms a filter of privacy between public space and home. The facing of the courtyards on the street side doubles up to create another air inlet that allows cross ventilation in the car park.<\/em><\/p>\n<div style=\"font-size: 0px; height: 0px; line-height: 0px; margin: 0; padding: 0; clear: both;\"><\/div><div style=\"margin-top: 0px; margin-bottom: 0px;\" class=\"sharethis-inline-share-buttons\" ><\/div>","protected":false},"excerpt":{"rendered":"<p>El proyecto incorpora espacios intermedios entre el espacio p\u00fablico y las viviendas&#8230;<\/p>\n","protected":false},"author":1,"featured_media":74407,"comment_status":"closed","ping_status":"closed","sticky":false,"template":"","format":"standard","meta":{"_uag_custom_page_level_css":"","footnotes":""},"categories":[80,1],"tags":[679,7622,7520,87,104,7625,7624,7626,7623,7621,1438,5539,91,105],"class_list":["post-74406","post","type-post","status-publish","format-standard","has-post-thumbnail","hentry","category-edificio-viviendas","category-proyecto","tag-barcelona","tag-bon-pastor","tag-celosia","tag-edificio-de-viviendas","tag-espana","tag-jaime-pastor","tag-jose-manuel-toral","tag-l3j-tecnics-associats","tag-marta-peris","tag-peristoral-arquitectes","tag-social-housing","tag-vivienda-colectiva","tag-vivienda-multifamiliar","tag-vivienda-social","generate-columns","tablet-grid-50","mobile-grid-100","grid-parent","grid-50"],"yoast_head":"<!-- This site is optimized with the Yoast SEO plugin v27.3 - https:\/\/yoast.com\/product\/yoast-seo-wordpress\/ -->\n<title>54 viviendas sociales en Bon Pastor \/ Peris+Toral Arquitectes - Arquimaster<\/title>\n<meta name=\"description\" content=\"Con el fin de recuperar y preservar el modo de vida exterior se incorporan una serie de espacios intermedios entre el espacio p\u00fablico y las viviendas.\" \/>\n<meta name=\"robots\" content=\"index, follow, max-snippet:-1, max-image-preview:large, max-video-preview:-1\" \/>\n<link rel=\"canonical\" href=\"https:\/\/www.arquimaster.com.ar\/web\/54-viviendas-sociales-en-bon-pastor-peristoral-arquitectes\/\" \/>\n<meta property=\"og:locale\" content=\"es_ES\" \/>\n<meta property=\"og:type\" content=\"article\" \/>\n<meta property=\"og:title\" content=\"54 viviendas sociales en Bon Pastor \/ Peris+Toral Arquitectes\" \/>\n<meta property=\"og:description\" content=\"Con el fin de recuperar y preservar el modo de vida exterior se incorporan una serie de espacios intermedios entre el espacio p\u00fablico y las viviendas.\" \/>\n<meta property=\"og:url\" content=\"https:\/\/www.arquimaster.com.ar\/web\/54-viviendas-sociales-en-bon-pastor-peristoral-arquitectes\/\" \/>\n<meta property=\"og:site_name\" content=\"Arquimaster\" \/>\n<meta property=\"article:publisher\" content=\"http:\/\/www.facebook.com\/ARQUIMASTER.com.ar\" \/>\n<meta property=\"article:published_time\" content=\"2023-01-26T20:25:48+00:00\" \/>\n<meta property=\"article:modified_time\" content=\"2023-04-12T20:16:18+00:00\" \/>\n<meta property=\"og:image\" content=\"https:\/\/www.arquimaster.com.ar\/web\/wp-content\/uploads\/2023\/01\/edificio_bon_pastor_slide.jpg\" \/>\n\t<meta property=\"og:image:width\" content=\"698\" \/>\n\t<meta property=\"og:image:height\" content=\"364\" \/>\n\t<meta property=\"og:image:type\" content=\"image\/jpeg\" \/>\n<meta name=\"author\" content=\"Arquimaster\" \/>\n<meta name=\"twitter:card\" content=\"summary_large_image\" \/>\n<meta name=\"twitter:title\" content=\"54 viviendas sociales en Bon Pastor \/ Peris+Toral Arquitectes\" \/>\n<meta name=\"twitter:description\" content=\"Con el fin de recuperar y preservar el modo de vida exterior se incorporan una serie de espacios intermedios entre el espacio p\u00fablico y las viviendas.\" \/>\n<meta name=\"twitter:image\" content=\"https:\/\/www.arquimaster.com.ar\/web\/wp-content\/uploads\/2023\/01\/edificio_bon_pastor_slide.jpg\" \/>\n<meta name=\"twitter:creator\" content=\"@arquimaster\" \/>\n<meta name=\"twitter:site\" content=\"@arquimaster\" \/>\n<meta name=\"twitter:label1\" content=\"Escrito por\" \/>\n\t<meta name=\"twitter:data1\" content=\"Arquimaster\" \/>\n\t<meta name=\"twitter:label2\" content=\"Tiempo de lectura\" \/>\n\t<meta name=\"twitter:data2\" content=\"5 minutos\" \/>\n<script type=\"application\/ld+json\" class=\"yoast-schema-graph\">{\"@context\":\"https:\\\/\\\/schema.org\",\"@graph\":[{\"@type\":\"Article\",\"@id\":\"https:\\\/\\\/www.arquimaster.com.ar\\\/web\\\/54-viviendas-sociales-en-bon-pastor-peristoral-arquitectes\\\/#article\",\"isPartOf\":{\"@id\":\"https:\\\/\\\/www.arquimaster.com.ar\\\/web\\\/54-viviendas-sociales-en-bon-pastor-peristoral-arquitectes\\\/\"},\"author\":{\"name\":\"Arquimaster\",\"@id\":\"https:\\\/\\\/www.arquimaster.com.ar\\\/web\\\/#\\\/schema\\\/person\\\/359e9f7c00193fcde068e0dd2ceb0028\"},\"headline\":\"54 viviendas sociales en Bon Pastor \\\/ Peris+Toral Arquitectes\",\"datePublished\":\"2023-01-26T20:25:48+00:00\",\"dateModified\":\"2023-04-12T20:16:18+00:00\",\"mainEntityOfPage\":{\"@id\":\"https:\\\/\\\/www.arquimaster.com.ar\\\/web\\\/54-viviendas-sociales-en-bon-pastor-peristoral-arquitectes\\\/\"},\"wordCount\":990,\"publisher\":{\"@id\":\"https:\\\/\\\/www.arquimaster.com.ar\\\/web\\\/#organization\"},\"image\":{\"@id\":\"https:\\\/\\\/www.arquimaster.com.ar\\\/web\\\/54-viviendas-sociales-en-bon-pastor-peristoral-arquitectes\\\/#primaryimage\"},\"thumbnailUrl\":\"https:\\\/\\\/www.arquimaster.com.ar\\\/web\\\/wp-content\\\/uploads\\\/2023\\\/01\\\/edificio_bon_pastor_slide.jpg\",\"keywords\":[\"Barcelona\",\"Bon Pastor\",\"celos\u00eda\",\"edificio de viviendas\",\"Espa\u00f1a\",\"Jaime Pastor\",\"Jos\u00e9 Manuel Toral\",\"L3J T\u00e8cnics Associats\",\"Marta Peris\",\"Peris+Toral Arquitectes\",\"social housing\",\"vivienda colectiva\",\"vivienda multifamiliar\",\"vivienda social\"],\"articleSection\":[\"Edificios de viviendas\",\"Proyecto\"],\"inLanguage\":\"es\"},{\"@type\":\"WebPage\",\"@id\":\"https:\\\/\\\/www.arquimaster.com.ar\\\/web\\\/54-viviendas-sociales-en-bon-pastor-peristoral-arquitectes\\\/\",\"url\":\"https:\\\/\\\/www.arquimaster.com.ar\\\/web\\\/54-viviendas-sociales-en-bon-pastor-peristoral-arquitectes\\\/\",\"name\":\"54 viviendas sociales en Bon Pastor \\\/ Peris+Toral Arquitectes - Arquimaster\",\"isPartOf\":{\"@id\":\"https:\\\/\\\/www.arquimaster.com.ar\\\/web\\\/#website\"},\"primaryImageOfPage\":{\"@id\":\"https:\\\/\\\/www.arquimaster.com.ar\\\/web\\\/54-viviendas-sociales-en-bon-pastor-peristoral-arquitectes\\\/#primaryimage\"},\"image\":{\"@id\":\"https:\\\/\\\/www.arquimaster.com.ar\\\/web\\\/54-viviendas-sociales-en-bon-pastor-peristoral-arquitectes\\\/#primaryimage\"},\"thumbnailUrl\":\"https:\\\/\\\/www.arquimaster.com.ar\\\/web\\\/wp-content\\\/uploads\\\/2023\\\/01\\\/edificio_bon_pastor_slide.jpg\",\"datePublished\":\"2023-01-26T20:25:48+00:00\",\"dateModified\":\"2023-04-12T20:16:18+00:00\",\"description\":\"Con el fin de recuperar y preservar el modo de vida exterior se incorporan una serie de espacios intermedios entre el espacio p\u00fablico y las viviendas.\",\"breadcrumb\":{\"@id\":\"https:\\\/\\\/www.arquimaster.com.ar\\\/web\\\/54-viviendas-sociales-en-bon-pastor-peristoral-arquitectes\\\/#breadcrumb\"},\"inLanguage\":\"es\",\"potentialAction\":[{\"@type\":\"ReadAction\",\"target\":[\"https:\\\/\\\/www.arquimaster.com.ar\\\/web\\\/54-viviendas-sociales-en-bon-pastor-peristoral-arquitectes\\\/\"]}]},{\"@type\":\"ImageObject\",\"inLanguage\":\"es\",\"@id\":\"https:\\\/\\\/www.arquimaster.com.ar\\\/web\\\/54-viviendas-sociales-en-bon-pastor-peristoral-arquitectes\\\/#primaryimage\",\"url\":\"https:\\\/\\\/www.arquimaster.com.ar\\\/web\\\/wp-content\\\/uploads\\\/2023\\\/01\\\/edificio_bon_pastor_slide.jpg\",\"contentUrl\":\"https:\\\/\\\/www.arquimaster.com.ar\\\/web\\\/wp-content\\\/uploads\\\/2023\\\/01\\\/edificio_bon_pastor_slide.jpg\",\"width\":698,\"height\":364,\"caption\":\"54 viviendas sociales en Bon Pastor \\\/ Peris+Toral Arquitectes\"},{\"@type\":\"BreadcrumbList\",\"@id\":\"https:\\\/\\\/www.arquimaster.com.ar\\\/web\\\/54-viviendas-sociales-en-bon-pastor-peristoral-arquitectes\\\/#breadcrumb\",\"itemListElement\":[{\"@type\":\"ListItem\",\"position\":1,\"name\":\"Portada\",\"item\":\"https:\\\/\\\/www.arquimaster.com.ar\\\/web\\\/\"},{\"@type\":\"ListItem\",\"position\":2,\"name\":\"54 viviendas sociales en Bon Pastor \\\/ Peris+Toral Arquitectes\"}]},{\"@type\":\"WebSite\",\"@id\":\"https:\\\/\\\/www.arquimaster.com.ar\\\/web\\\/#website\",\"url\":\"https:\\\/\\\/www.arquimaster.com.ar\\\/web\\\/\",\"name\":\"Arquimaster\",\"description\":\"Web de arquitectura, dise\u00f1o y construccion\",\"publisher\":{\"@id\":\"https:\\\/\\\/www.arquimaster.com.ar\\\/web\\\/#organization\"},\"potentialAction\":[{\"@type\":\"SearchAction\",\"target\":{\"@type\":\"EntryPoint\",\"urlTemplate\":\"https:\\\/\\\/www.arquimaster.com.ar\\\/web\\\/?s={search_term_string}\"},\"query-input\":{\"@type\":\"PropertyValueSpecification\",\"valueRequired\":true,\"valueName\":\"search_term_string\"}}],\"inLanguage\":\"es\"},{\"@type\":\"Organization\",\"@id\":\"https:\\\/\\\/www.arquimaster.com.ar\\\/web\\\/#organization\",\"name\":\"Arquimaster\",\"url\":\"https:\\\/\\\/www.arquimaster.com.ar\\\/web\\\/\",\"logo\":{\"@type\":\"ImageObject\",\"inLanguage\":\"es\",\"@id\":\"https:\\\/\\\/www.arquimaster.com.ar\\\/web\\\/#\\\/schema\\\/logo\\\/image\\\/\",\"url\":\"https:\\\/\\\/www.arquimaster.com.ar\\\/web\\\/wp-content\\\/uploads\\\/2022\\\/06\\\/arquimaster.png\",\"contentUrl\":\"https:\\\/\\\/www.arquimaster.com.ar\\\/web\\\/wp-content\\\/uploads\\\/2022\\\/06\\\/arquimaster.png\",\"width\":594,\"height\":78,\"caption\":\"Arquimaster\"},\"image\":{\"@id\":\"https:\\\/\\\/www.arquimaster.com.ar\\\/web\\\/#\\\/schema\\\/logo\\\/image\\\/\"},\"sameAs\":[\"http:\\\/\\\/www.facebook.com\\\/ARQUIMASTER.com.ar\",\"https:\\\/\\\/x.com\\\/arquimaster\",\"https:\\\/\\\/www.instagram.com\\\/arquimasterblog\\\/\",\"https:\\\/\\\/www.linkedin.com\\\/company\\\/arquimaster\",\"https:\\\/\\\/www.pinterest.com\\\/arquimaster\",\"https:\\\/\\\/t.me\\\/arquimaster\"]},{\"@type\":\"Person\",\"@id\":\"https:\\\/\\\/www.arquimaster.com.ar\\\/web\\\/#\\\/schema\\\/person\\\/359e9f7c00193fcde068e0dd2ceb0028\",\"name\":\"Arquimaster\"}]}<\/script>\n<!-- \/ Yoast SEO plugin. -->","yoast_head_json":{"title":"54 viviendas sociales en Bon Pastor \/ Peris+Toral Arquitectes - Arquimaster","description":"Con el fin de recuperar y preservar el modo de vida exterior se incorporan una serie de espacios intermedios entre el espacio p\u00fablico y las viviendas.","robots":{"index":"index","follow":"follow","max-snippet":"max-snippet:-1","max-image-preview":"max-image-preview:large","max-video-preview":"max-video-preview:-1"},"canonical":"https:\/\/www.arquimaster.com.ar\/web\/54-viviendas-sociales-en-bon-pastor-peristoral-arquitectes\/","og_locale":"es_ES","og_type":"article","og_title":"54 viviendas sociales en Bon Pastor \/ Peris+Toral Arquitectes","og_description":"Con el fin de recuperar y preservar el modo de vida exterior se incorporan una serie de espacios intermedios entre el espacio p\u00fablico y las viviendas.","og_url":"https:\/\/www.arquimaster.com.ar\/web\/54-viviendas-sociales-en-bon-pastor-peristoral-arquitectes\/","og_site_name":"Arquimaster","article_publisher":"http:\/\/www.facebook.com\/ARQUIMASTER.com.ar","article_published_time":"2023-01-26T20:25:48+00:00","article_modified_time":"2023-04-12T20:16:18+00:00","og_image":[{"width":698,"height":364,"url":"https:\/\/www.arquimaster.com.ar\/web\/wp-content\/uploads\/2023\/01\/edificio_bon_pastor_slide.jpg","type":"image\/jpeg"}],"author":"Arquimaster","twitter_card":"summary_large_image","twitter_title":"54 viviendas sociales en Bon Pastor \/ Peris+Toral Arquitectes","twitter_description":"Con el fin de recuperar y preservar el modo de vida exterior se incorporan una serie de espacios intermedios entre el espacio p\u00fablico y las viviendas.","twitter_image":"https:\/\/www.arquimaster.com.ar\/web\/wp-content\/uploads\/2023\/01\/edificio_bon_pastor_slide.jpg","twitter_creator":"@arquimaster","twitter_site":"@arquimaster","twitter_misc":{"Escrito por":"Arquimaster","Tiempo de lectura":"5 minutos"},"schema":{"@context":"https:\/\/schema.org","@graph":[{"@type":"Article","@id":"https:\/\/www.arquimaster.com.ar\/web\/54-viviendas-sociales-en-bon-pastor-peristoral-arquitectes\/#article","isPartOf":{"@id":"https:\/\/www.arquimaster.com.ar\/web\/54-viviendas-sociales-en-bon-pastor-peristoral-arquitectes\/"},"author":{"name":"Arquimaster","@id":"https:\/\/www.arquimaster.com.ar\/web\/#\/schema\/person\/359e9f7c00193fcde068e0dd2ceb0028"},"headline":"54 viviendas sociales en Bon Pastor \/ Peris+Toral Arquitectes","datePublished":"2023-01-26T20:25:48+00:00","dateModified":"2023-04-12T20:16:18+00:00","mainEntityOfPage":{"@id":"https:\/\/www.arquimaster.com.ar\/web\/54-viviendas-sociales-en-bon-pastor-peristoral-arquitectes\/"},"wordCount":990,"publisher":{"@id":"https:\/\/www.arquimaster.com.ar\/web\/#organization"},"image":{"@id":"https:\/\/www.arquimaster.com.ar\/web\/54-viviendas-sociales-en-bon-pastor-peristoral-arquitectes\/#primaryimage"},"thumbnailUrl":"https:\/\/www.arquimaster.com.ar\/web\/wp-content\/uploads\/2023\/01\/edificio_bon_pastor_slide.jpg","keywords":["Barcelona","Bon Pastor","celos\u00eda","edificio de viviendas","Espa\u00f1a","Jaime Pastor","Jos\u00e9 Manuel Toral","L3J T\u00e8cnics Associats","Marta Peris","Peris+Toral Arquitectes","social housing","vivienda colectiva","vivienda multifamiliar","vivienda social"],"articleSection":["Edificios de viviendas","Proyecto"],"inLanguage":"es"},{"@type":"WebPage","@id":"https:\/\/www.arquimaster.com.ar\/web\/54-viviendas-sociales-en-bon-pastor-peristoral-arquitectes\/","url":"https:\/\/www.arquimaster.com.ar\/web\/54-viviendas-sociales-en-bon-pastor-peristoral-arquitectes\/","name":"54 viviendas sociales en Bon Pastor \/ Peris+Toral Arquitectes - Arquimaster","isPartOf":{"@id":"https:\/\/www.arquimaster.com.ar\/web\/#website"},"primaryImageOfPage":{"@id":"https:\/\/www.arquimaster.com.ar\/web\/54-viviendas-sociales-en-bon-pastor-peristoral-arquitectes\/#primaryimage"},"image":{"@id":"https:\/\/www.arquimaster.com.ar\/web\/54-viviendas-sociales-en-bon-pastor-peristoral-arquitectes\/#primaryimage"},"thumbnailUrl":"https:\/\/www.arquimaster.com.ar\/web\/wp-content\/uploads\/2023\/01\/edificio_bon_pastor_slide.jpg","datePublished":"2023-01-26T20:25:48+00:00","dateModified":"2023-04-12T20:16:18+00:00","description":"Con el fin de recuperar y preservar el modo de vida exterior se incorporan una serie de espacios intermedios entre el espacio p\u00fablico y las viviendas.","breadcrumb":{"@id":"https:\/\/www.arquimaster.com.ar\/web\/54-viviendas-sociales-en-bon-pastor-peristoral-arquitectes\/#breadcrumb"},"inLanguage":"es","potentialAction":[{"@type":"ReadAction","target":["https:\/\/www.arquimaster.com.ar\/web\/54-viviendas-sociales-en-bon-pastor-peristoral-arquitectes\/"]}]},{"@type":"ImageObject","inLanguage":"es","@id":"https:\/\/www.arquimaster.com.ar\/web\/54-viviendas-sociales-en-bon-pastor-peristoral-arquitectes\/#primaryimage","url":"https:\/\/www.arquimaster.com.ar\/web\/wp-content\/uploads\/2023\/01\/edificio_bon_pastor_slide.jpg","contentUrl":"https:\/\/www.arquimaster.com.ar\/web\/wp-content\/uploads\/2023\/01\/edificio_bon_pastor_slide.jpg","width":698,"height":364,"caption":"54 viviendas sociales en Bon Pastor \/ Peris+Toral Arquitectes"},{"@type":"BreadcrumbList","@id":"https:\/\/www.arquimaster.com.ar\/web\/54-viviendas-sociales-en-bon-pastor-peristoral-arquitectes\/#breadcrumb","itemListElement":[{"@type":"ListItem","position":1,"name":"Portada","item":"https:\/\/www.arquimaster.com.ar\/web\/"},{"@type":"ListItem","position":2,"name":"54 viviendas sociales en Bon Pastor \/ Peris+Toral Arquitectes"}]},{"@type":"WebSite","@id":"https:\/\/www.arquimaster.com.ar\/web\/#website","url":"https:\/\/www.arquimaster.com.ar\/web\/","name":"Arquimaster","description":"Web de arquitectura, dise\u00f1o y construccion","publisher":{"@id":"https:\/\/www.arquimaster.com.ar\/web\/#organization"},"potentialAction":[{"@type":"SearchAction","target":{"@type":"EntryPoint","urlTemplate":"https:\/\/www.arquimaster.com.ar\/web\/?s={search_term_string}"},"query-input":{"@type":"PropertyValueSpecification","valueRequired":true,"valueName":"search_term_string"}}],"inLanguage":"es"},{"@type":"Organization","@id":"https:\/\/www.arquimaster.com.ar\/web\/#organization","name":"Arquimaster","url":"https:\/\/www.arquimaster.com.ar\/web\/","logo":{"@type":"ImageObject","inLanguage":"es","@id":"https:\/\/www.arquimaster.com.ar\/web\/#\/schema\/logo\/image\/","url":"https:\/\/www.arquimaster.com.ar\/web\/wp-content\/uploads\/2022\/06\/arquimaster.png","contentUrl":"https:\/\/www.arquimaster.com.ar\/web\/wp-content\/uploads\/2022\/06\/arquimaster.png","width":594,"height":78,"caption":"Arquimaster"},"image":{"@id":"https:\/\/www.arquimaster.com.ar\/web\/#\/schema\/logo\/image\/"},"sameAs":["http:\/\/www.facebook.com\/ARQUIMASTER.com.ar","https:\/\/x.com\/arquimaster","https:\/\/www.instagram.com\/arquimasterblog\/","https:\/\/www.linkedin.com\/company\/arquimaster","https:\/\/www.pinterest.com\/arquimaster","https:\/\/t.me\/arquimaster"]},{"@type":"Person","@id":"https:\/\/www.arquimaster.com.ar\/web\/#\/schema\/person\/359e9f7c00193fcde068e0dd2ceb0028","name":"Arquimaster"}]}},"uagb_featured_image_src":{"full":["https:\/\/www.arquimaster.com.ar\/web\/wp-content\/uploads\/2023\/01\/edificio_bon_pastor_slide.jpg",698,364,false],"thumbnail":["https:\/\/www.arquimaster.com.ar\/web\/wp-content\/uploads\/2023\/01\/edificio_bon_pastor_slide-150x150.jpg",150,150,true],"medium":["https:\/\/www.arquimaster.com.ar\/web\/wp-content\/uploads\/2023\/01\/edificio_bon_pastor_slide.jpg",698,364,false],"medium_large":["https:\/\/www.arquimaster.com.ar\/web\/wp-content\/uploads\/2023\/01\/edificio_bon_pastor_slide.jpg",698,364,false],"large":["https:\/\/www.arquimaster.com.ar\/web\/wp-content\/uploads\/2023\/01\/edificio_bon_pastor_slide.jpg",698,364,false],"1536x1536":["https:\/\/www.arquimaster.com.ar\/web\/wp-content\/uploads\/2023\/01\/edificio_bon_pastor_slide.jpg",698,364,false],"2048x2048":["https:\/\/www.arquimaster.com.ar\/web\/wp-content\/uploads\/2023\/01\/edificio_bon_pastor_slide.jpg",698,364,false]},"uagb_author_info":{"display_name":"Arquimaster","author_link":"https:\/\/www.arquimaster.com.ar\/web\/author\/arquimaster\/"},"uagb_comment_info":0,"uagb_excerpt":"El proyecto incorpora espacios intermedios entre el espacio p\u00fablico y las viviendas...","_links":{"self":[{"href":"https:\/\/www.arquimaster.com.ar\/web\/wp-json\/wp\/v2\/posts\/74406","targetHints":{"allow":["GET"]}}],"collection":[{"href":"https:\/\/www.arquimaster.com.ar\/web\/wp-json\/wp\/v2\/posts"}],"about":[{"href":"https:\/\/www.arquimaster.com.ar\/web\/wp-json\/wp\/v2\/types\/post"}],"author":[{"embeddable":true,"href":"https:\/\/www.arquimaster.com.ar\/web\/wp-json\/wp\/v2\/users\/1"}],"replies":[{"embeddable":true,"href":"https:\/\/www.arquimaster.com.ar\/web\/wp-json\/wp\/v2\/comments?post=74406"}],"version-history":[{"count":1,"href":"https:\/\/www.arquimaster.com.ar\/web\/wp-json\/wp\/v2\/posts\/74406\/revisions"}],"predecessor-version":[{"id":74427,"href":"https:\/\/www.arquimaster.com.ar\/web\/wp-json\/wp\/v2\/posts\/74406\/revisions\/74427"}],"wp:featuredmedia":[{"embeddable":true,"href":"https:\/\/www.arquimaster.com.ar\/web\/wp-json\/wp\/v2\/media\/74407"}],"wp:attachment":[{"href":"https:\/\/www.arquimaster.com.ar\/web\/wp-json\/wp\/v2\/media?parent=74406"}],"wp:term":[{"taxonomy":"category","embeddable":true,"href":"https:\/\/www.arquimaster.com.ar\/web\/wp-json\/wp\/v2\/categories?post=74406"},{"taxonomy":"post_tag","embeddable":true,"href":"https:\/\/www.arquimaster.com.ar\/web\/wp-json\/wp\/v2\/tags?post=74406"}],"curies":[{"name":"wp","href":"https:\/\/api.w.org\/{rel}","templated":true}]}}