{"id":74428,"date":"2023-01-26T17:34:27","date_gmt":"2023-01-26T20:34:27","guid":{"rendered":"https:\/\/www.arquimaster.com.ar\/web\/?p=74428"},"modified":"2023-04-18T16:53:46","modified_gmt":"2023-04-18T19:53:46","slug":"reforma-de-vivienda-en-planta-baja-en-sant-gervasi-2bmfg-arquitectes","status":"publish","type":"post","link":"https:\/\/www.arquimaster.com.ar\/web\/reforma-de-vivienda-en-planta-baja-en-sant-gervasi-2bmfg-arquitectes\/","title":{"rendered":"Reforma de Vivienda en planta baja en Sant Gervasi \/ 2BMFG arquitectes"},"content":{"rendered":"<div style=\"margin-top: 0px; margin-bottom: 0px;\" class=\"sharethis-inline-share-buttons\" ><\/div><div class=\"b812932af2e751442846f039925109de\" data-index=\"1\" style=\"float: none; margin:25px 0 25px 0; text-align:center;\">\n<script async src=\"https:\/\/pagead2.googlesyndication.com\/pagead\/js\/adsbygoogle.js\"><\/script>\r\n<!-- Arquimaster (superior) -->\r\n<ins class=\"adsbygoogle\"\r\n     style=\"display:block\"\r\n     data-ad-client=\"ca-pub-6351072698456832\"\r\n     data-ad-slot=\"6455489680\"\r\n     data-ad-format=\"auto\"\r\n     data-full-width-responsive=\"true\"><\/ins>\r\n<script>\r\n     (adsbygoogle = window.adsbygoogle || []).push({});\r\n<\/script>\n<\/div>\n<p><strong>Reforma de Vivienda en planta baja en Sant Gervasi<\/strong> (Barcelona) por <strong>2BMFG arquitectes<\/strong>. Proyecto de reforma integral de una vivienda en planta baja en Sant Gervasi, en un barrio residencial de Barcelona. Esta vivienda forma parte de un conjunto de casas adosadas construidas por el maestro de obras Joaquim Codina y Matal\u00ed en 1899, de estilo historicista, y que est\u00e1n protegidas como patrimonio arquitect\u00f3nico con el nivel C: Bien de inter\u00e9s urban\u00edstico.<\/p>\n<div id='gallery-1' class='gallery galleryid-74428 gallery-columns-3 gallery-size-thumbnail'><figure class='gallery-item'>\n\t\t\t<div class='gallery-icon landscape'>\n\t\t\t\t<a href='https:\/\/www.arquimaster.com.ar\/web\/wp-content\/uploads\/2023\/01\/vivienda_sant_gervasi1.jpg' title=\"Reforma de Vivienda en planta baja en Sant Gervasi \/ 2BMFG arquitectes (\u00a9 Sim\u00f3n Garc\u00eda | arqfoto)\" data-rl_title=\"Reforma de Vivienda en planta baja en Sant Gervasi \/ 2BMFG arquitectes (\u00a9 Sim\u00f3n Garc\u00eda | arqfoto)\" class=\"rl-gallery-link\" data-rl_caption=\"Reforma de Vivienda en planta baja en Sant Gervasi \/ 2BMFG arquitectes (\u00a9 Sim\u00f3n Garc\u00eda | arqfoto)\" data-rel=\"lightbox-gallery-1\"><img loading=\"lazy\" decoding=\"async\" width=\"150\" height=\"150\" src=\"https:\/\/www.arquimaster.com.ar\/web\/wp-content\/uploads\/2023\/01\/vivienda_sant_gervasi1-150x150.jpg\" class=\"attachment-thumbnail size-thumbnail\" alt=\"Reforma de Vivienda en planta baja en Sant Gervasi \/ 2BMFG arquitectes\" aria-describedby=\"gallery-1-74430\" \/><\/a>\n\t\t\t<\/div>\n\t\t\t\t<figcaption class='wp-caption-text gallery-caption' id='gallery-1-74430'>\n\t\t\t\tReforma de Vivienda en planta baja en Sant Gervasi \/ 2BMFG arquitectes (\u00a9 Sim\u00f3n Garc\u00eda | arqfoto)\n\t\t\t\t<\/figcaption><\/figure><figure class='gallery-item'>\n\t\t\t<div class='gallery-icon landscape'>\n\t\t\t\t<a href='https:\/\/www.arquimaster.com.ar\/web\/wp-content\/uploads\/2023\/01\/vivienda_sant_gervasi2.jpg' title=\"Reforma de Vivienda en planta baja en Sant Gervasi \/ 2BMFG arquitectes (\u00a9 Sim\u00f3n Garc\u00eda | arqfoto)\" data-rl_title=\"Reforma de Vivienda en planta baja en Sant Gervasi \/ 2BMFG arquitectes (\u00a9 Sim\u00f3n Garc\u00eda | arqfoto)\" class=\"rl-gallery-link\" data-rl_caption=\"Reforma de Vivienda en planta baja en Sant Gervasi \/ 2BMFG arquitectes (\u00a9 Sim\u00f3n Garc\u00eda | arqfoto)\" data-rel=\"lightbox-gallery-1\"><img loading=\"lazy\" decoding=\"async\" width=\"150\" height=\"150\" src=\"https:\/\/www.arquimaster.com.ar\/web\/wp-content\/uploads\/2023\/01\/vivienda_sant_gervasi2-150x150.jpg\" class=\"attachment-thumbnail size-thumbnail\" alt=\"Reforma de Vivienda en planta baja en Sant Gervasi \/ 2BMFG arquitectes\" aria-describedby=\"gallery-1-74431\" \/><\/a>\n\t\t\t<\/div>\n\t\t\t\t<figcaption class='wp-caption-text gallery-caption' id='gallery-1-74431'>\n\t\t\t\tReforma de Vivienda en planta baja en Sant Gervasi \/ 2BMFG arquitectes (\u00a9 Sim\u00f3n Garc\u00eda | arqfoto)\n\t\t\t\t<\/figcaption><\/figure><figure class='gallery-item'>\n\t\t\t<div class='gallery-icon landscape'>\n\t\t\t\t<a href='https:\/\/www.arquimaster.com.ar\/web\/wp-content\/uploads\/2023\/01\/vivienda_sant_gervasi3.jpg' title=\"Reforma de Vivienda en planta baja en Sant Gervasi \/ 2BMFG arquitectes (\u00a9 Sim\u00f3n Garc\u00eda | arqfoto)\" data-rl_title=\"Reforma de Vivienda en planta baja en Sant Gervasi \/ 2BMFG arquitectes (\u00a9 Sim\u00f3n Garc\u00eda | arqfoto)\" class=\"rl-gallery-link\" data-rl_caption=\"Reforma de Vivienda en planta baja en Sant Gervasi \/ 2BMFG arquitectes (\u00a9 Sim\u00f3n Garc\u00eda | arqfoto)\" data-rel=\"lightbox-gallery-1\"><img loading=\"lazy\" decoding=\"async\" width=\"150\" height=\"150\" src=\"https:\/\/www.arquimaster.com.ar\/web\/wp-content\/uploads\/2023\/01\/vivienda_sant_gervasi3-150x150.jpg\" class=\"attachment-thumbnail size-thumbnail\" alt=\"Reforma de Vivienda en planta baja en Sant Gervasi \/ 2BMFG arquitectes\" aria-describedby=\"gallery-1-74432\" \/><\/a>\n\t\t\t<\/div>\n\t\t\t\t<figcaption class='wp-caption-text gallery-caption' id='gallery-1-74432'>\n\t\t\t\tReforma de Vivienda en planta baja en Sant Gervasi \/ 2BMFG arquitectes (\u00a9 Sim\u00f3n Garc\u00eda | arqfoto)\n\t\t\t\t<\/figcaption><\/figure><figure class='gallery-item'>\n\t\t\t<div class='gallery-icon portrait'>\n\t\t\t\t<a href='https:\/\/www.arquimaster.com.ar\/web\/wp-content\/uploads\/2023\/01\/vivienda_sant_gervasi4.jpg' title=\"Reforma de Vivienda en planta baja en Sant Gervasi \/ 2BMFG arquitectes (\u00a9 Sim\u00f3n Garc\u00eda | arqfoto)\" data-rl_title=\"Reforma de Vivienda en planta baja en Sant Gervasi \/ 2BMFG arquitectes (\u00a9 Sim\u00f3n Garc\u00eda | arqfoto)\" class=\"rl-gallery-link\" data-rl_caption=\"Reforma de Vivienda en planta baja en Sant Gervasi \/ 2BMFG arquitectes (\u00a9 Sim\u00f3n Garc\u00eda | arqfoto)\" data-rel=\"lightbox-gallery-1\"><img loading=\"lazy\" decoding=\"async\" width=\"150\" height=\"150\" src=\"https:\/\/www.arquimaster.com.ar\/web\/wp-content\/uploads\/2023\/01\/vivienda_sant_gervasi4-150x150.jpg\" class=\"attachment-thumbnail size-thumbnail\" alt=\"Reforma de Vivienda en planta baja en Sant Gervasi \/ 2BMFG arquitectes\" aria-describedby=\"gallery-1-74433\" \/><\/a>\n\t\t\t<\/div>\n\t\t\t\t<figcaption class='wp-caption-text gallery-caption' id='gallery-1-74433'>\n\t\t\t\tReforma de Vivienda en planta baja en Sant Gervasi \/ 2BMFG arquitectes (\u00a9 Sim\u00f3n Garc\u00eda | arqfoto)\n\t\t\t\t<\/figcaption><\/figure><figure class='gallery-item'>\n\t\t\t<div class='gallery-icon landscape'>\n\t\t\t\t<a href='https:\/\/www.arquimaster.com.ar\/web\/wp-content\/uploads\/2023\/01\/vivienda_sant_gervasi5.jpg' title=\"Reforma de Vivienda en planta baja en Sant Gervasi \/ 2BMFG arquitectes (\u00a9 Sim\u00f3n Garc\u00eda | arqfoto)\" data-rl_title=\"Reforma de Vivienda en planta baja en Sant Gervasi \/ 2BMFG arquitectes (\u00a9 Sim\u00f3n Garc\u00eda | arqfoto)\" class=\"rl-gallery-link\" data-rl_caption=\"Reforma de Vivienda en planta baja en Sant Gervasi \/ 2BMFG arquitectes (\u00a9 Sim\u00f3n Garc\u00eda | arqfoto)\" data-rel=\"lightbox-gallery-1\"><img loading=\"lazy\" decoding=\"async\" width=\"150\" height=\"150\" src=\"https:\/\/www.arquimaster.com.ar\/web\/wp-content\/uploads\/2023\/01\/vivienda_sant_gervasi5-150x150.jpg\" class=\"attachment-thumbnail size-thumbnail\" alt=\"Reforma de Vivienda en planta baja en Sant Gervasi \/ 2BMFG arquitectes\" aria-describedby=\"gallery-1-74434\" \/><\/a>\n\t\t\t<\/div>\n\t\t\t\t<figcaption class='wp-caption-text gallery-caption' id='gallery-1-74434'>\n\t\t\t\tReforma de Vivienda en planta baja en Sant Gervasi \/ 2BMFG arquitectes (\u00a9 Sim\u00f3n Garc\u00eda | arqfoto)\n\t\t\t\t<\/figcaption><\/figure><figure class='gallery-item'>\n\t\t\t<div class='gallery-icon landscape'>\n\t\t\t\t<a href='https:\/\/www.arquimaster.com.ar\/web\/wp-content\/uploads\/2023\/01\/vivienda_sant_gervasi6.jpg' title=\"Reforma de Vivienda en planta baja en Sant Gervasi \/ 2BMFG arquitectes (\u00a9 Sim\u00f3n Garc\u00eda | arqfoto)\" data-rl_title=\"Reforma de Vivienda en planta baja en Sant Gervasi \/ 2BMFG arquitectes (\u00a9 Sim\u00f3n Garc\u00eda | arqfoto)\" class=\"rl-gallery-link\" data-rl_caption=\"Reforma de Vivienda en planta baja en Sant Gervasi \/ 2BMFG arquitectes (\u00a9 Sim\u00f3n Garc\u00eda | arqfoto)\" data-rel=\"lightbox-gallery-1\"><img loading=\"lazy\" decoding=\"async\" width=\"150\" height=\"150\" src=\"https:\/\/www.arquimaster.com.ar\/web\/wp-content\/uploads\/2023\/01\/vivienda_sant_gervasi6-150x150.jpg\" class=\"attachment-thumbnail size-thumbnail\" alt=\"Reforma de Vivienda en planta baja en Sant Gervasi \/ 2BMFG arquitectes\" aria-describedby=\"gallery-1-74435\" \/><\/a>\n\t\t\t<\/div>\n\t\t\t\t<figcaption class='wp-caption-text gallery-caption' id='gallery-1-74435'>\n\t\t\t\tReforma de Vivienda en planta baja en Sant Gervasi \/ 2BMFG arquitectes (\u00a9 Sim\u00f3n Garc\u00eda | arqfoto)\n\t\t\t\t<\/figcaption><\/figure><figure class='gallery-item'>\n\t\t\t<div class='gallery-icon portrait'>\n\t\t\t\t<a href='https:\/\/www.arquimaster.com.ar\/web\/wp-content\/uploads\/2023\/01\/vivienda_sant_gervasi7.jpg' title=\"Reforma de Vivienda en planta baja en Sant Gervasi \/ 2BMFG arquitectes (\u00a9 Sim\u00f3n Garc\u00eda | arqfoto)\" data-rl_title=\"Reforma de Vivienda en planta baja en Sant Gervasi \/ 2BMFG arquitectes (\u00a9 Sim\u00f3n Garc\u00eda | arqfoto)\" class=\"rl-gallery-link\" data-rl_caption=\"Reforma de Vivienda en planta baja en Sant Gervasi \/ 2BMFG arquitectes (\u00a9 Sim\u00f3n Garc\u00eda | arqfoto)\" data-rel=\"lightbox-gallery-1\"><img loading=\"lazy\" decoding=\"async\" width=\"150\" height=\"150\" src=\"https:\/\/www.arquimaster.com.ar\/web\/wp-content\/uploads\/2023\/01\/vivienda_sant_gervasi7-150x150.jpg\" class=\"attachment-thumbnail size-thumbnail\" alt=\"Reforma de Vivienda en planta baja en Sant Gervasi \/ 2BMFG arquitectes\" aria-describedby=\"gallery-1-74436\" \/><\/a>\n\t\t\t<\/div>\n\t\t\t\t<figcaption class='wp-caption-text gallery-caption' id='gallery-1-74436'>\n\t\t\t\tReforma de Vivienda en planta baja en Sant Gervasi \/ 2BMFG arquitectes (\u00a9 Sim\u00f3n Garc\u00eda | arqfoto)\n\t\t\t\t<\/figcaption><\/figure><figure class='gallery-item'>\n\t\t\t<div class='gallery-icon landscape'>\n\t\t\t\t<a href='https:\/\/www.arquimaster.com.ar\/web\/wp-content\/uploads\/2023\/01\/vivienda_sant_gervasi8.jpg' title=\"Reforma de Vivienda en planta baja en Sant Gervasi \/ 2BMFG arquitectes (\u00a9 Sim\u00f3n Garc\u00eda | arqfoto)\" data-rl_title=\"Reforma de Vivienda en planta baja en Sant Gervasi \/ 2BMFG arquitectes (\u00a9 Sim\u00f3n Garc\u00eda | arqfoto)\" class=\"rl-gallery-link\" data-rl_caption=\"Reforma de Vivienda en planta baja en Sant Gervasi \/ 2BMFG arquitectes (\u00a9 Sim\u00f3n Garc\u00eda | arqfoto)\" data-rel=\"lightbox-gallery-1\"><img loading=\"lazy\" decoding=\"async\" width=\"150\" height=\"150\" src=\"https:\/\/www.arquimaster.com.ar\/web\/wp-content\/uploads\/2023\/01\/vivienda_sant_gervasi8-150x150.jpg\" class=\"attachment-thumbnail size-thumbnail\" alt=\"Reforma de Vivienda en planta baja en Sant Gervasi \/ 2BMFG arquitectes\" aria-describedby=\"gallery-1-74437\" \/><\/a>\n\t\t\t<\/div>\n\t\t\t\t<figcaption class='wp-caption-text gallery-caption' id='gallery-1-74437'>\n\t\t\t\tReforma de Vivienda en planta baja en Sant Gervasi \/ 2BMFG arquitectes (\u00a9 Sim\u00f3n Garc\u00eda | arqfoto)\n\t\t\t\t<\/figcaption><\/figure><figure class='gallery-item'>\n\t\t\t<div class='gallery-icon landscape'>\n\t\t\t\t<a href='https:\/\/www.arquimaster.com.ar\/web\/wp-content\/uploads\/2023\/01\/vivienda_sant_gervasi9.jpg' title=\"Reforma de Vivienda en planta baja en Sant Gervasi \/ 2BMFG arquitectes (planta)\" data-rl_title=\"Reforma de Vivienda en planta baja en Sant Gervasi \/ 2BMFG arquitectes (planta)\" class=\"rl-gallery-link\" data-rl_caption=\"Reforma de Vivienda en planta baja en Sant Gervasi \/ 2BMFG arquitectes (planta)\" data-rel=\"lightbox-gallery-1\"><img loading=\"lazy\" decoding=\"async\" width=\"150\" height=\"150\" src=\"https:\/\/www.arquimaster.com.ar\/web\/wp-content\/uploads\/2023\/01\/vivienda_sant_gervasi9-150x150.jpg\" class=\"attachment-thumbnail size-thumbnail\" alt=\"Reforma de Vivienda en planta baja en Sant Gervasi \/ 2BMFG arquitectes\" aria-describedby=\"gallery-1-74438\" \/><\/a>\n\t\t\t<\/div>\n\t\t\t\t<figcaption class='wp-caption-text gallery-caption' id='gallery-1-74438'>\n\t\t\t\tReforma de Vivienda en planta baja en Sant Gervasi \/ 2BMFG arquitectes (planta)\n\t\t\t\t<\/figcaption><\/figure><figure class='gallery-item'>\n\t\t\t<div class='gallery-icon landscape'>\n\t\t\t\t<a href='https:\/\/www.arquimaster.com.ar\/web\/wp-content\/uploads\/2023\/01\/vivienda_sant_gervasi10.jpg' title=\"Reforma de Vivienda en planta baja en Sant Gervasi \/ 2BMFG arquitectes (corte)\" data-rl_title=\"Reforma de Vivienda en planta baja en Sant Gervasi \/ 2BMFG arquitectes (corte)\" class=\"rl-gallery-link\" data-rl_caption=\"Reforma de Vivienda en planta baja en Sant Gervasi \/ 2BMFG arquitectes (corte)\" data-rel=\"lightbox-gallery-1\"><img loading=\"lazy\" decoding=\"async\" width=\"150\" height=\"150\" src=\"https:\/\/www.arquimaster.com.ar\/web\/wp-content\/uploads\/2023\/01\/vivienda_sant_gervasi10-150x150.jpg\" class=\"attachment-thumbnail size-thumbnail\" alt=\"Reforma de Vivienda en planta baja en Sant Gervasi \/ 2BMFG arquitectes\" aria-describedby=\"gallery-1-74439\" \/><\/a>\n\t\t\t<\/div>\n\t\t\t\t<figcaption class='wp-caption-text gallery-caption' id='gallery-1-74439'>\n\t\t\t\tReforma de Vivienda en planta baja en Sant Gervasi \/ 2BMFG arquitectes (corte)\n\t\t\t\t<\/figcaption><\/figure><figure class='gallery-item'>\n\t\t\t<div class='gallery-icon portrait'>\n\t\t\t\t<a href='https:\/\/www.arquimaster.com.ar\/web\/wp-content\/uploads\/2023\/01\/vivienda_sant_gervasi11.jpg' title=\"Reforma de Vivienda en planta baja en Sant Gervasi \/ 2BMFG arquitectes (vista frente)\" data-rl_title=\"Reforma de Vivienda en planta baja en Sant Gervasi \/ 2BMFG arquitectes (vista frente)\" class=\"rl-gallery-link\" data-rl_caption=\"Reforma de Vivienda en planta baja en Sant Gervasi \/ 2BMFG arquitectes (vista frente)\" data-rel=\"lightbox-gallery-1\"><img loading=\"lazy\" decoding=\"async\" width=\"150\" height=\"150\" src=\"https:\/\/www.arquimaster.com.ar\/web\/wp-content\/uploads\/2023\/01\/vivienda_sant_gervasi11-150x150.jpg\" class=\"attachment-thumbnail size-thumbnail\" alt=\"Reforma de Vivienda en planta baja en Sant Gervasi \/ 2BMFG arquitectes\" aria-describedby=\"gallery-1-74440\" \/><\/a>\n\t\t\t<\/div>\n\t\t\t\t<figcaption class='wp-caption-text gallery-caption' id='gallery-1-74440'>\n\t\t\t\tReforma de Vivienda en planta baja en Sant Gervasi \/ 2BMFG arquitectes (vista frente)\n\t\t\t\t<\/figcaption><\/figure><figure class='gallery-item'>\n\t\t\t<div class='gallery-icon landscape'>\n\t\t\t\t<a href='https:\/\/www.arquimaster.com.ar\/web\/wp-content\/uploads\/2023\/01\/vivienda_sant_gervasi12.jpg' title=\"Reforma de Vivienda en planta baja en Sant Gervasi \/ 2BMFG arquitectes (vista contrafrente)\" data-rl_title=\"Reforma de Vivienda en planta baja en Sant Gervasi \/ 2BMFG arquitectes (vista contrafrente)\" class=\"rl-gallery-link\" data-rl_caption=\"Reforma de Vivienda en planta baja en Sant Gervasi \/ 2BMFG arquitectes (vista contrafrente)\" data-rel=\"lightbox-gallery-1\"><img loading=\"lazy\" decoding=\"async\" width=\"150\" height=\"150\" src=\"https:\/\/www.arquimaster.com.ar\/web\/wp-content\/uploads\/2023\/01\/vivienda_sant_gervasi12-150x150.jpg\" class=\"attachment-thumbnail size-thumbnail\" alt=\"Reforma de Vivienda en planta baja en Sant Gervasi \/ 2BMFG arquitectes\" aria-describedby=\"gallery-1-74441\" \/><\/a>\n\t\t\t<\/div>\n\t\t\t\t<figcaption class='wp-caption-text gallery-caption' id='gallery-1-74441'>\n\t\t\t\tReforma de Vivienda en planta baja en Sant Gervasi \/ 2BMFG arquitectes (vista contrafrente)\n\t\t\t\t<\/figcaption><\/figure>\n\t\t<\/div>\n\n<p>La tipolog\u00eda del conjunto de viviendas unifamiliares del que forma parte tiene una particularidad atractiva, cuentan, todas ellas, con un patio delantero de 44 m2 que las separa de la calle y un patio posterior de 96 m2 que participa de un patio de manzana arbolado y tranquilo.<\/p>\n<p>La premisa de partida del proyecto es la reforma total de la vivienda para conseguir estancias m\u00e1s abiertas para la zona de d\u00eda y relacionadas con el patio posterior. Esta redistribuci\u00f3n de los espacios oblig\u00f3 a apear la fachada posterior con el fin de ampliar el espacio bajo el balc\u00f3n de planta primera.<\/p>\n<p>La propuesta se basa principalmente en situar en la zona posterior ligada al patio un gran y \u00fanico espacio que engloba sala de estar, comedor y cocina. En la parte delantera de la vivienda, ligada al patio de entrada, de dimensiones reducidas y poco utilizado, se trasladan los dormitorios.<\/p>\n<p>Por otra parte, tambi\u00e9n se ampli\u00f3 el s\u00f3tano existente para conseguir m\u00e1s espacio de almacenamiento para el hogar y mejorar la comunicaci\u00f3n del garaje privado con el resto de la vivienda.<\/p>\n<p>El s\u00f3tano original s\u00f3lo dispon\u00eda de un espacio para el aparcamiento del coche y otro peque\u00f1o espacio anexo donde se ha ubicado cierta maquinaria de las instalaciones, pero con la ampliaci\u00f3n del s\u00f3tano, que se realiza excavando hacia el sureste de la parcela, se gana un gran espacio de almacenamiento bajo la entrada actual de la vivienda.<\/p>\n<p>Al ampliar este nuevo espacio en planta s\u00f3tano, se hace inevitable pensar en la uni\u00f3n de las dos plantas mediante una escalera de servicio. Esta nueva comunicaci\u00f3n vertical, que dar\u00e1 acceso al aparcamiento y al almac\u00e9n del s\u00f3tano desde el recibidor de la planta baja se conforma a trav\u00e9s de una escalera de madera con escalonado compensado.<\/p>\n<p>La reforma, adem\u00e1s, trat\u00e1ndose de una planta baja en contacte con el terreno, ha dotado la vivienda de calefacci\u00f3n por suelo radiante y aire acondicionado. <br>Se han cambiado todas las carpinter\u00edas exteriores e interiores, las primeras con corte de puente t\u00e9rmico.<br>Se han recuperado mosaicos hidr\u00e1ulicos de principios del siglo XX y, una vez restaurados, se han pavimentado con ellos, las estancias h\u00famedas de la casa como si de unos tapices se tratara.<\/p>\n\n\n<div style=\"height:20px\" aria-hidden=\"true\" class=\"wp-block-spacer\"><\/div>\n\n\n\n<p class=\"has-background\" style=\"background-color:#eaeaea\"><strong>Ficha t\u00e9cnica<\/strong><br>Nombre: Reforma de una Vivienda en planta baja en la calle Iradier de Barcelona<br>Ubicaci\u00f3n proyecto: Sant Gervasi-La Bonanova, Barcelona<br>Arquitectos autores de la obra: Carles Gelp\u00ed, \u00c0gata Buxad\u00e9 i Ramon Ferrando de 2BMFG arquitectes<br>Construcci\u00f3n: Construccions Prat de la Riba 86 sl<br>C\u00e1lculo Estructural: 2BMFG arquitectes slp<br>Superficie construida: 202,61 m2<br>A\u00f1o t\u00e9rmino construcci\u00f3n: 2016<br>Fotografias: <a href=\"http:\/\/www.arqfoto.com\/\" target=\"_blank\" rel=\"noreferrer noopener\">Sim\u00f3n Garc\u00eda | arqfoto<\/a><br><br><strong>Contacto<\/strong><br><a href=\"https:\/\/www.2BMFG.com\" target=\"_blank\" rel=\"noreferrer noopener\">https:\/\/www.2BMFG.com<\/a><\/p>\n\n\n\n<div style=\"height:40px\" aria-hidden=\"true\" class=\"wp-block-spacer\"><\/div>\n\n\n<p><strong><em>English version<\/em><\/strong><\/p>\n<p><em>Comprehensive renovation project of a ground-floor home in Sant Gervasi, a residential district in Barcelona. This home is part of a group of semi-detached houses that were built by master builder Joaquim Codina i Matal\u00ed in 1899 in the historicist style and are protected as architectural heritage by the city of Barcelona, which has assigned them C-level status (i.e. a \u00absite of urban interest\u00bb).<\/em><\/p>\n<p><em>This group of single-family homes (to which this home belongs) has an attractive and peculiar feature: each one has a 44&nbsp;m2 front yard that separates it from the street and a 96&nbsp;m2 backyard integrated into a quiet, tree-studded rear courtyard.<\/em><\/p>\n<p><em>The project\u2019s premise was the complete renovation of the dwelling in order to create more open, spacious rooms in the area used during the day and to establish a relationship between them and the backyard. Due to the rearrangement of the spaces, it was necessary to prop up the rear fa\u00e7ade to allow for the expansion of the space underneath the first floor balcony.<\/em><\/p>\n<p><em>At the heart of the project was the creation of a large, unique space that encompassed the living room, dining room and kitchen in the rear area facing the interior yard. Since the bedrooms were used less, they were reduced in size and moved up to the front part of the apartment, which faces the front yard.<\/em><\/p>\n<p><em>In addition, the basement was expanded in order to gain more storage space and improve the connection between the private garage and the rest of the dwelling.<\/em><\/p>\n<p><em>The original basement only had a parking spot for one car and another small adjoining unit for some utility equipment. However, once the basement was expanded \u2013 which was done by excavating towards the southeast part of the plot \u2013 it created a large storage space beneath the current entrance of the dwelling.<\/em><\/p>\n<p><em>Once this new space in the basement was enlarged, it was clear that the two floors needed to be joined by stairs. This new vertical connection, which provides access to the garage and basement storage space from the entrance hall on the ground floor, took the form of a wooden winder staircase.<\/em><\/p>\n<p><em>As a ground-floor apartment that actually touches the actual ground, it was logical to install underfloor heating and air conditioning as part of the renovation. Also, all exterior and interior carpentry was updated; the former with a thermal bridge cut.<\/em><\/p>\n<p><em>Hydraulic mosaic tiles from the early 20th century were also recovered, restored and used like decorative tapestries to tile the bathrooms and kitchen.<\/em><\/p>\n<div style=\"font-size: 0px; height: 0px; line-height: 0px; margin: 0; padding: 0; clear: both;\"><\/div><div style=\"margin-top: 0px; margin-bottom: 0px;\" class=\"sharethis-inline-share-buttons\" ><\/div>","protected":false},"excerpt":{"rendered":"<p>La vivienda forma parte de un conjunto de casas adosadas protegidas&#8230;<\/p>\n","protected":false},"author":1,"featured_media":74429,"comment_status":"closed","ping_status":"closed","sticky":false,"template":"","format":"standard","meta":{"_uag_custom_page_level_css":"","footnotes":""},"categories":[1,83],"tags":[7631,7627,679,7630,104,7628,1228,1043,7629,254],"class_list":["post-74428","post","type-post","status-publish","format-standard","has-post-thumbnail","hentry","category-proyecto","category-vivienda-unifamiliar","tag-2bmfg-arquitectes","tag-agata-buxade-i-ramon-ferrando","tag-barcelona","tag-carles-gelpi","tag-espana","tag-la-bonanova","tag-patrimonio-arquitectonico","tag-reforma-de-vivienda","tag-sant-gervasi","tag-vivienda-unifamiliar-2","generate-columns","tablet-grid-50","mobile-grid-100","grid-parent","grid-50"],"yoast_head":"<!-- This site is optimized with the Yoast SEO plugin v27.3 - https:\/\/yoast.com\/product\/yoast-seo-wordpress\/ -->\n<title>Reforma de Vivienda en planta baja en Sant Gervasi \/ 2BMFG arquitectes - Arquimaster<\/title>\n<meta name=\"description\" content=\"La vivienda forma parte de un conjunto de casas adosadas construidas por Joaquim Codina y Matal\u00ed en 1899 y est\u00e1n protegidas como patrimonio arquitect\u00f3nico.\" \/>\n<meta name=\"robots\" content=\"index, follow, max-snippet:-1, max-image-preview:large, max-video-preview:-1\" \/>\n<link rel=\"canonical\" href=\"https:\/\/www.arquimaster.com.ar\/web\/reforma-de-vivienda-en-planta-baja-en-sant-gervasi-2bmfg-arquitectes\/\" \/>\n<meta property=\"og:locale\" content=\"es_ES\" \/>\n<meta property=\"og:type\" content=\"article\" \/>\n<meta property=\"og:title\" content=\"Reforma de Vivienda en planta baja en Sant Gervasi \/ 2BMFG arquitectes\" \/>\n<meta property=\"og:description\" content=\"La vivienda forma parte de un conjunto de casas adosadas construidas por Joaquim Codina y Matal\u00ed en 1899 y est\u00e1n protegidas como patrimonio arquitect\u00f3nico.\" \/>\n<meta property=\"og:url\" content=\"https:\/\/www.arquimaster.com.ar\/web\/reforma-de-vivienda-en-planta-baja-en-sant-gervasi-2bmfg-arquitectes\/\" \/>\n<meta property=\"og:site_name\" content=\"Arquimaster\" \/>\n<meta property=\"article:publisher\" content=\"http:\/\/www.facebook.com\/ARQUIMASTER.com.ar\" \/>\n<meta property=\"article:published_time\" content=\"2023-01-26T20:34:27+00:00\" \/>\n<meta property=\"article:modified_time\" content=\"2023-04-18T19:53:46+00:00\" \/>\n<meta property=\"og:image\" content=\"https:\/\/www.arquimaster.com.ar\/web\/wp-content\/uploads\/2023\/01\/vivienda_sant_gervasi_slide.jpg\" \/>\n\t<meta property=\"og:image:width\" content=\"698\" \/>\n\t<meta property=\"og:image:height\" content=\"364\" \/>\n\t<meta property=\"og:image:type\" content=\"image\/jpeg\" \/>\n<meta name=\"author\" content=\"Arquimaster\" \/>\n<meta name=\"twitter:card\" content=\"summary_large_image\" \/>\n<meta name=\"twitter:title\" content=\"Reforma de Vivienda en planta baja en Sant Gervasi \/ 2BMFG arquitectes\" \/>\n<meta name=\"twitter:description\" content=\"La vivienda forma parte de un conjunto de casas adosadas construidas por Joaquim Codina y Matal\u00ed en 1899 y est\u00e1n protegidas como patrimonio arquitect\u00f3nico.\" \/>\n<meta name=\"twitter:image\" content=\"https:\/\/www.arquimaster.com.ar\/web\/wp-content\/uploads\/2023\/01\/vivienda_sant_gervasi_slide.jpg\" \/>\n<meta name=\"twitter:creator\" content=\"@arquimaster\" \/>\n<meta name=\"twitter:site\" content=\"@arquimaster\" \/>\n<meta name=\"twitter:label1\" content=\"Escrito por\" \/>\n\t<meta name=\"twitter:data1\" content=\"Arquimaster\" \/>\n\t<meta name=\"twitter:label2\" content=\"Tiempo de lectura\" \/>\n\t<meta name=\"twitter:data2\" content=\"5 minutos\" \/>\n<script type=\"application\/ld+json\" class=\"yoast-schema-graph\">{\"@context\":\"https:\\\/\\\/schema.org\",\"@graph\":[{\"@type\":\"Article\",\"@id\":\"https:\\\/\\\/www.arquimaster.com.ar\\\/web\\\/reforma-de-vivienda-en-planta-baja-en-sant-gervasi-2bmfg-arquitectes\\\/#article\",\"isPartOf\":{\"@id\":\"https:\\\/\\\/www.arquimaster.com.ar\\\/web\\\/reforma-de-vivienda-en-planta-baja-en-sant-gervasi-2bmfg-arquitectes\\\/\"},\"author\":{\"name\":\"Arquimaster\",\"@id\":\"https:\\\/\\\/www.arquimaster.com.ar\\\/web\\\/#\\\/schema\\\/person\\\/359e9f7c00193fcde068e0dd2ceb0028\"},\"headline\":\"Reforma de Vivienda en planta baja en Sant Gervasi \\\/ 2BMFG arquitectes\",\"datePublished\":\"2023-01-26T20:34:27+00:00\",\"dateModified\":\"2023-04-18T19:53:46+00:00\",\"mainEntityOfPage\":{\"@id\":\"https:\\\/\\\/www.arquimaster.com.ar\\\/web\\\/reforma-de-vivienda-en-planta-baja-en-sant-gervasi-2bmfg-arquitectes\\\/\"},\"wordCount\":976,\"publisher\":{\"@id\":\"https:\\\/\\\/www.arquimaster.com.ar\\\/web\\\/#organization\"},\"image\":{\"@id\":\"https:\\\/\\\/www.arquimaster.com.ar\\\/web\\\/reforma-de-vivienda-en-planta-baja-en-sant-gervasi-2bmfg-arquitectes\\\/#primaryimage\"},\"thumbnailUrl\":\"https:\\\/\\\/www.arquimaster.com.ar\\\/web\\\/wp-content\\\/uploads\\\/2023\\\/01\\\/vivienda_sant_gervasi_slide.jpg\",\"keywords\":[\"2BMFG arquitectes\",\"\u00c0gata Buxad\u00e9 i Ramon Ferrando\",\"Barcelona\",\"Carles Gelp\u00ed\",\"Espa\u00f1a\",\"La Bonanova\",\"patrimonio arquitectonico\",\"reforma de vivienda\",\"Sant Gervasi\",\"vivienda unifamiliar\"],\"articleSection\":[\"Proyecto\",\"Vivienda unifamiliar y PH\"],\"inLanguage\":\"es\"},{\"@type\":\"WebPage\",\"@id\":\"https:\\\/\\\/www.arquimaster.com.ar\\\/web\\\/reforma-de-vivienda-en-planta-baja-en-sant-gervasi-2bmfg-arquitectes\\\/\",\"url\":\"https:\\\/\\\/www.arquimaster.com.ar\\\/web\\\/reforma-de-vivienda-en-planta-baja-en-sant-gervasi-2bmfg-arquitectes\\\/\",\"name\":\"Reforma de Vivienda en planta baja en Sant Gervasi \\\/ 2BMFG arquitectes - Arquimaster\",\"isPartOf\":{\"@id\":\"https:\\\/\\\/www.arquimaster.com.ar\\\/web\\\/#website\"},\"primaryImageOfPage\":{\"@id\":\"https:\\\/\\\/www.arquimaster.com.ar\\\/web\\\/reforma-de-vivienda-en-planta-baja-en-sant-gervasi-2bmfg-arquitectes\\\/#primaryimage\"},\"image\":{\"@id\":\"https:\\\/\\\/www.arquimaster.com.ar\\\/web\\\/reforma-de-vivienda-en-planta-baja-en-sant-gervasi-2bmfg-arquitectes\\\/#primaryimage\"},\"thumbnailUrl\":\"https:\\\/\\\/www.arquimaster.com.ar\\\/web\\\/wp-content\\\/uploads\\\/2023\\\/01\\\/vivienda_sant_gervasi_slide.jpg\",\"datePublished\":\"2023-01-26T20:34:27+00:00\",\"dateModified\":\"2023-04-18T19:53:46+00:00\",\"description\":\"La vivienda forma parte de un conjunto de casas adosadas construidas por Joaquim Codina y Matal\u00ed en 1899 y est\u00e1n protegidas como patrimonio arquitect\u00f3nico.\",\"breadcrumb\":{\"@id\":\"https:\\\/\\\/www.arquimaster.com.ar\\\/web\\\/reforma-de-vivienda-en-planta-baja-en-sant-gervasi-2bmfg-arquitectes\\\/#breadcrumb\"},\"inLanguage\":\"es\",\"potentialAction\":[{\"@type\":\"ReadAction\",\"target\":[\"https:\\\/\\\/www.arquimaster.com.ar\\\/web\\\/reforma-de-vivienda-en-planta-baja-en-sant-gervasi-2bmfg-arquitectes\\\/\"]}]},{\"@type\":\"ImageObject\",\"inLanguage\":\"es\",\"@id\":\"https:\\\/\\\/www.arquimaster.com.ar\\\/web\\\/reforma-de-vivienda-en-planta-baja-en-sant-gervasi-2bmfg-arquitectes\\\/#primaryimage\",\"url\":\"https:\\\/\\\/www.arquimaster.com.ar\\\/web\\\/wp-content\\\/uploads\\\/2023\\\/01\\\/vivienda_sant_gervasi_slide.jpg\",\"contentUrl\":\"https:\\\/\\\/www.arquimaster.com.ar\\\/web\\\/wp-content\\\/uploads\\\/2023\\\/01\\\/vivienda_sant_gervasi_slide.jpg\",\"width\":698,\"height\":364,\"caption\":\"Reforma de Vivienda en planta baja en Sant Gervasi \\\/ 2BMFG arquitectes\"},{\"@type\":\"BreadcrumbList\",\"@id\":\"https:\\\/\\\/www.arquimaster.com.ar\\\/web\\\/reforma-de-vivienda-en-planta-baja-en-sant-gervasi-2bmfg-arquitectes\\\/#breadcrumb\",\"itemListElement\":[{\"@type\":\"ListItem\",\"position\":1,\"name\":\"Portada\",\"item\":\"https:\\\/\\\/www.arquimaster.com.ar\\\/web\\\/\"},{\"@type\":\"ListItem\",\"position\":2,\"name\":\"Reforma de Vivienda en planta baja en Sant Gervasi \\\/ 2BMFG arquitectes\"}]},{\"@type\":\"WebSite\",\"@id\":\"https:\\\/\\\/www.arquimaster.com.ar\\\/web\\\/#website\",\"url\":\"https:\\\/\\\/www.arquimaster.com.ar\\\/web\\\/\",\"name\":\"Arquimaster\",\"description\":\"Web de arquitectura, dise\u00f1o y construccion\",\"publisher\":{\"@id\":\"https:\\\/\\\/www.arquimaster.com.ar\\\/web\\\/#organization\"},\"potentialAction\":[{\"@type\":\"SearchAction\",\"target\":{\"@type\":\"EntryPoint\",\"urlTemplate\":\"https:\\\/\\\/www.arquimaster.com.ar\\\/web\\\/?s={search_term_string}\"},\"query-input\":{\"@type\":\"PropertyValueSpecification\",\"valueRequired\":true,\"valueName\":\"search_term_string\"}}],\"inLanguage\":\"es\"},{\"@type\":\"Organization\",\"@id\":\"https:\\\/\\\/www.arquimaster.com.ar\\\/web\\\/#organization\",\"name\":\"Arquimaster\",\"url\":\"https:\\\/\\\/www.arquimaster.com.ar\\\/web\\\/\",\"logo\":{\"@type\":\"ImageObject\",\"inLanguage\":\"es\",\"@id\":\"https:\\\/\\\/www.arquimaster.com.ar\\\/web\\\/#\\\/schema\\\/logo\\\/image\\\/\",\"url\":\"https:\\\/\\\/www.arquimaster.com.ar\\\/web\\\/wp-content\\\/uploads\\\/2022\\\/06\\\/arquimaster.png\",\"contentUrl\":\"https:\\\/\\\/www.arquimaster.com.ar\\\/web\\\/wp-content\\\/uploads\\\/2022\\\/06\\\/arquimaster.png\",\"width\":594,\"height\":78,\"caption\":\"Arquimaster\"},\"image\":{\"@id\":\"https:\\\/\\\/www.arquimaster.com.ar\\\/web\\\/#\\\/schema\\\/logo\\\/image\\\/\"},\"sameAs\":[\"http:\\\/\\\/www.facebook.com\\\/ARQUIMASTER.com.ar\",\"https:\\\/\\\/x.com\\\/arquimaster\",\"https:\\\/\\\/www.instagram.com\\\/arquimasterblog\\\/\",\"https:\\\/\\\/www.linkedin.com\\\/company\\\/arquimaster\",\"https:\\\/\\\/www.pinterest.com\\\/arquimaster\",\"https:\\\/\\\/t.me\\\/arquimaster\"]},{\"@type\":\"Person\",\"@id\":\"https:\\\/\\\/www.arquimaster.com.ar\\\/web\\\/#\\\/schema\\\/person\\\/359e9f7c00193fcde068e0dd2ceb0028\",\"name\":\"Arquimaster\"}]}<\/script>\n<!-- \/ Yoast SEO plugin. -->","yoast_head_json":{"title":"Reforma de Vivienda en planta baja en Sant Gervasi \/ 2BMFG arquitectes - Arquimaster","description":"La vivienda forma parte de un conjunto de casas adosadas construidas por Joaquim Codina y Matal\u00ed en 1899 y est\u00e1n protegidas como patrimonio arquitect\u00f3nico.","robots":{"index":"index","follow":"follow","max-snippet":"max-snippet:-1","max-image-preview":"max-image-preview:large","max-video-preview":"max-video-preview:-1"},"canonical":"https:\/\/www.arquimaster.com.ar\/web\/reforma-de-vivienda-en-planta-baja-en-sant-gervasi-2bmfg-arquitectes\/","og_locale":"es_ES","og_type":"article","og_title":"Reforma de Vivienda en planta baja en Sant Gervasi \/ 2BMFG arquitectes","og_description":"La vivienda forma parte de un conjunto de casas adosadas construidas por Joaquim Codina y Matal\u00ed en 1899 y est\u00e1n protegidas como patrimonio arquitect\u00f3nico.","og_url":"https:\/\/www.arquimaster.com.ar\/web\/reforma-de-vivienda-en-planta-baja-en-sant-gervasi-2bmfg-arquitectes\/","og_site_name":"Arquimaster","article_publisher":"http:\/\/www.facebook.com\/ARQUIMASTER.com.ar","article_published_time":"2023-01-26T20:34:27+00:00","article_modified_time":"2023-04-18T19:53:46+00:00","og_image":[{"width":698,"height":364,"url":"https:\/\/www.arquimaster.com.ar\/web\/wp-content\/uploads\/2023\/01\/vivienda_sant_gervasi_slide.jpg","type":"image\/jpeg"}],"author":"Arquimaster","twitter_card":"summary_large_image","twitter_title":"Reforma de Vivienda en planta baja en Sant Gervasi \/ 2BMFG arquitectes","twitter_description":"La vivienda forma parte de un conjunto de casas adosadas construidas por Joaquim Codina y Matal\u00ed en 1899 y est\u00e1n protegidas como patrimonio arquitect\u00f3nico.","twitter_image":"https:\/\/www.arquimaster.com.ar\/web\/wp-content\/uploads\/2023\/01\/vivienda_sant_gervasi_slide.jpg","twitter_creator":"@arquimaster","twitter_site":"@arquimaster","twitter_misc":{"Escrito por":"Arquimaster","Tiempo de lectura":"5 minutos"},"schema":{"@context":"https:\/\/schema.org","@graph":[{"@type":"Article","@id":"https:\/\/www.arquimaster.com.ar\/web\/reforma-de-vivienda-en-planta-baja-en-sant-gervasi-2bmfg-arquitectes\/#article","isPartOf":{"@id":"https:\/\/www.arquimaster.com.ar\/web\/reforma-de-vivienda-en-planta-baja-en-sant-gervasi-2bmfg-arquitectes\/"},"author":{"name":"Arquimaster","@id":"https:\/\/www.arquimaster.com.ar\/web\/#\/schema\/person\/359e9f7c00193fcde068e0dd2ceb0028"},"headline":"Reforma de Vivienda en planta baja en Sant Gervasi \/ 2BMFG arquitectes","datePublished":"2023-01-26T20:34:27+00:00","dateModified":"2023-04-18T19:53:46+00:00","mainEntityOfPage":{"@id":"https:\/\/www.arquimaster.com.ar\/web\/reforma-de-vivienda-en-planta-baja-en-sant-gervasi-2bmfg-arquitectes\/"},"wordCount":976,"publisher":{"@id":"https:\/\/www.arquimaster.com.ar\/web\/#organization"},"image":{"@id":"https:\/\/www.arquimaster.com.ar\/web\/reforma-de-vivienda-en-planta-baja-en-sant-gervasi-2bmfg-arquitectes\/#primaryimage"},"thumbnailUrl":"https:\/\/www.arquimaster.com.ar\/web\/wp-content\/uploads\/2023\/01\/vivienda_sant_gervasi_slide.jpg","keywords":["2BMFG arquitectes","\u00c0gata Buxad\u00e9 i Ramon Ferrando","Barcelona","Carles Gelp\u00ed","Espa\u00f1a","La Bonanova","patrimonio arquitectonico","reforma de vivienda","Sant Gervasi","vivienda unifamiliar"],"articleSection":["Proyecto","Vivienda unifamiliar y PH"],"inLanguage":"es"},{"@type":"WebPage","@id":"https:\/\/www.arquimaster.com.ar\/web\/reforma-de-vivienda-en-planta-baja-en-sant-gervasi-2bmfg-arquitectes\/","url":"https:\/\/www.arquimaster.com.ar\/web\/reforma-de-vivienda-en-planta-baja-en-sant-gervasi-2bmfg-arquitectes\/","name":"Reforma de Vivienda en planta baja en Sant Gervasi \/ 2BMFG arquitectes - Arquimaster","isPartOf":{"@id":"https:\/\/www.arquimaster.com.ar\/web\/#website"},"primaryImageOfPage":{"@id":"https:\/\/www.arquimaster.com.ar\/web\/reforma-de-vivienda-en-planta-baja-en-sant-gervasi-2bmfg-arquitectes\/#primaryimage"},"image":{"@id":"https:\/\/www.arquimaster.com.ar\/web\/reforma-de-vivienda-en-planta-baja-en-sant-gervasi-2bmfg-arquitectes\/#primaryimage"},"thumbnailUrl":"https:\/\/www.arquimaster.com.ar\/web\/wp-content\/uploads\/2023\/01\/vivienda_sant_gervasi_slide.jpg","datePublished":"2023-01-26T20:34:27+00:00","dateModified":"2023-04-18T19:53:46+00:00","description":"La vivienda forma parte de un conjunto de casas adosadas construidas por Joaquim Codina y Matal\u00ed en 1899 y est\u00e1n protegidas como patrimonio arquitect\u00f3nico.","breadcrumb":{"@id":"https:\/\/www.arquimaster.com.ar\/web\/reforma-de-vivienda-en-planta-baja-en-sant-gervasi-2bmfg-arquitectes\/#breadcrumb"},"inLanguage":"es","potentialAction":[{"@type":"ReadAction","target":["https:\/\/www.arquimaster.com.ar\/web\/reforma-de-vivienda-en-planta-baja-en-sant-gervasi-2bmfg-arquitectes\/"]}]},{"@type":"ImageObject","inLanguage":"es","@id":"https:\/\/www.arquimaster.com.ar\/web\/reforma-de-vivienda-en-planta-baja-en-sant-gervasi-2bmfg-arquitectes\/#primaryimage","url":"https:\/\/www.arquimaster.com.ar\/web\/wp-content\/uploads\/2023\/01\/vivienda_sant_gervasi_slide.jpg","contentUrl":"https:\/\/www.arquimaster.com.ar\/web\/wp-content\/uploads\/2023\/01\/vivienda_sant_gervasi_slide.jpg","width":698,"height":364,"caption":"Reforma de Vivienda en planta baja en Sant Gervasi \/ 2BMFG arquitectes"},{"@type":"BreadcrumbList","@id":"https:\/\/www.arquimaster.com.ar\/web\/reforma-de-vivienda-en-planta-baja-en-sant-gervasi-2bmfg-arquitectes\/#breadcrumb","itemListElement":[{"@type":"ListItem","position":1,"name":"Portada","item":"https:\/\/www.arquimaster.com.ar\/web\/"},{"@type":"ListItem","position":2,"name":"Reforma de Vivienda en planta baja en Sant Gervasi \/ 2BMFG arquitectes"}]},{"@type":"WebSite","@id":"https:\/\/www.arquimaster.com.ar\/web\/#website","url":"https:\/\/www.arquimaster.com.ar\/web\/","name":"Arquimaster","description":"Web de arquitectura, dise\u00f1o y construccion","publisher":{"@id":"https:\/\/www.arquimaster.com.ar\/web\/#organization"},"potentialAction":[{"@type":"SearchAction","target":{"@type":"EntryPoint","urlTemplate":"https:\/\/www.arquimaster.com.ar\/web\/?s={search_term_string}"},"query-input":{"@type":"PropertyValueSpecification","valueRequired":true,"valueName":"search_term_string"}}],"inLanguage":"es"},{"@type":"Organization","@id":"https:\/\/www.arquimaster.com.ar\/web\/#organization","name":"Arquimaster","url":"https:\/\/www.arquimaster.com.ar\/web\/","logo":{"@type":"ImageObject","inLanguage":"es","@id":"https:\/\/www.arquimaster.com.ar\/web\/#\/schema\/logo\/image\/","url":"https:\/\/www.arquimaster.com.ar\/web\/wp-content\/uploads\/2022\/06\/arquimaster.png","contentUrl":"https:\/\/www.arquimaster.com.ar\/web\/wp-content\/uploads\/2022\/06\/arquimaster.png","width":594,"height":78,"caption":"Arquimaster"},"image":{"@id":"https:\/\/www.arquimaster.com.ar\/web\/#\/schema\/logo\/image\/"},"sameAs":["http:\/\/www.facebook.com\/ARQUIMASTER.com.ar","https:\/\/x.com\/arquimaster","https:\/\/www.instagram.com\/arquimasterblog\/","https:\/\/www.linkedin.com\/company\/arquimaster","https:\/\/www.pinterest.com\/arquimaster","https:\/\/t.me\/arquimaster"]},{"@type":"Person","@id":"https:\/\/www.arquimaster.com.ar\/web\/#\/schema\/person\/359e9f7c00193fcde068e0dd2ceb0028","name":"Arquimaster"}]}},"uagb_featured_image_src":{"full":["https:\/\/www.arquimaster.com.ar\/web\/wp-content\/uploads\/2023\/01\/vivienda_sant_gervasi_slide.jpg",698,364,false],"thumbnail":["https:\/\/www.arquimaster.com.ar\/web\/wp-content\/uploads\/2023\/01\/vivienda_sant_gervasi_slide-150x150.jpg",150,150,true],"medium":["https:\/\/www.arquimaster.com.ar\/web\/wp-content\/uploads\/2023\/01\/vivienda_sant_gervasi_slide.jpg",698,364,false],"medium_large":["https:\/\/www.arquimaster.com.ar\/web\/wp-content\/uploads\/2023\/01\/vivienda_sant_gervasi_slide.jpg",698,364,false],"large":["https:\/\/www.arquimaster.com.ar\/web\/wp-content\/uploads\/2023\/01\/vivienda_sant_gervasi_slide.jpg",698,364,false],"1536x1536":["https:\/\/www.arquimaster.com.ar\/web\/wp-content\/uploads\/2023\/01\/vivienda_sant_gervasi_slide.jpg",698,364,false],"2048x2048":["https:\/\/www.arquimaster.com.ar\/web\/wp-content\/uploads\/2023\/01\/vivienda_sant_gervasi_slide.jpg",698,364,false]},"uagb_author_info":{"display_name":"Arquimaster","author_link":"https:\/\/www.arquimaster.com.ar\/web\/author\/arquimaster\/"},"uagb_comment_info":0,"uagb_excerpt":"La vivienda forma parte de un conjunto de casas adosadas protegidas...","_links":{"self":[{"href":"https:\/\/www.arquimaster.com.ar\/web\/wp-json\/wp\/v2\/posts\/74428","targetHints":{"allow":["GET"]}}],"collection":[{"href":"https:\/\/www.arquimaster.com.ar\/web\/wp-json\/wp\/v2\/posts"}],"about":[{"href":"https:\/\/www.arquimaster.com.ar\/web\/wp-json\/wp\/v2\/types\/post"}],"author":[{"embeddable":true,"href":"https:\/\/www.arquimaster.com.ar\/web\/wp-json\/wp\/v2\/users\/1"}],"replies":[{"embeddable":true,"href":"https:\/\/www.arquimaster.com.ar\/web\/wp-json\/wp\/v2\/comments?post=74428"}],"version-history":[{"count":2,"href":"https:\/\/www.arquimaster.com.ar\/web\/wp-json\/wp\/v2\/posts\/74428\/revisions"}],"predecessor-version":[{"id":74443,"href":"https:\/\/www.arquimaster.com.ar\/web\/wp-json\/wp\/v2\/posts\/74428\/revisions\/74443"}],"wp:featuredmedia":[{"embeddable":true,"href":"https:\/\/www.arquimaster.com.ar\/web\/wp-json\/wp\/v2\/media\/74429"}],"wp:attachment":[{"href":"https:\/\/www.arquimaster.com.ar\/web\/wp-json\/wp\/v2\/media?parent=74428"}],"wp:term":[{"taxonomy":"category","embeddable":true,"href":"https:\/\/www.arquimaster.com.ar\/web\/wp-json\/wp\/v2\/categories?post=74428"},{"taxonomy":"post_tag","embeddable":true,"href":"https:\/\/www.arquimaster.com.ar\/web\/wp-json\/wp\/v2\/tags?post=74428"}],"curies":[{"name":"wp","href":"https:\/\/api.w.org\/{rel}","templated":true}]}}