{"id":74474,"date":"2023-02-16T19:59:06","date_gmt":"2023-02-16T22:59:06","guid":{"rendered":"https:\/\/www.arquimaster.com.ar\/web\/?p=74474"},"modified":"2023-05-05T17:03:37","modified_gmt":"2023-05-05T20:03:37","slug":"estacion-de-autobuses-de-santiago-de-compostela-idom","status":"publish","type":"post","link":"https:\/\/www.arquimaster.com.ar\/web\/estacion-de-autobuses-de-santiago-de-compostela-idom\/","title":{"rendered":"Estaci\u00f3n de autobuses de Santiago de Compostela \/ IDOM"},"content":{"rendered":"<div style=\"margin-top: 0px; margin-bottom: 0px;\" class=\"sharethis-inline-share-buttons\" ><\/div><div class=\"b812932af2e751442846f039925109de\" data-index=\"1\" style=\"float: none; margin:25px 0 25px 0; text-align:center;\">\n<script async src=\"https:\/\/pagead2.googlesyndication.com\/pagead\/js\/adsbygoogle.js\"><\/script>\r\n<!-- Arquimaster (superior) -->\r\n<ins class=\"adsbygoogle\"\r\n     style=\"display:block\"\r\n     data-ad-client=\"ca-pub-6351072698456832\"\r\n     data-ad-slot=\"6455489680\"\r\n     data-ad-format=\"auto\"\r\n     data-full-width-responsive=\"true\"><\/ins>\r\n<script>\r\n     (adsbygoogle = window.adsbygoogle || []).push({});\r\n<\/script>\n<\/div>\n<p><strong>Estaci\u00f3n de Autobuses integrada en la Estaci\u00f3n Intermodal de Santiago de Compostela<\/strong> (Santiago de Compostela, A Coru\u00f1a, Espa\u00f1a) por <strong>IDOM<\/strong>. El eje atl\u00e1ntico que recorre Galicia de norte a sur discurre por Santiago de Compostela a media ladera en paralelo al r\u00edo Sar. Para asentar la estaci\u00f3n de ferrocarril a mediados del XX fue necesario generar una amplia explanada para la playa de v\u00edas que hizo aparecer un fuerte talud hacia la ciudad e importantes rellenos hacia la vega del Sar. A partir de ese momento las v\u00edas ferroviarias limitaron el crecimiento de la ciudad hacia el sur, constituy\u00e9ndose de facto en una barrera. La disposici\u00f3n de la actual estaci\u00f3n de ferrocarril responde a los modelos habituales en estaciones pasantes, en las que el edificio de viajeros se situa en paralelo a las vias que se cubren con una marquesina met\u00e1lica.<\/p>\n<div id='gallery-1' class='gallery galleryid-74474 gallery-columns-3 gallery-size-thumbnail'><figure class='gallery-item'>\n\t\t\t<div class='gallery-icon landscape'>\n\t\t\t\t<a href='https:\/\/www.arquimaster.com.ar\/web\/wp-content\/uploads\/2023\/02\/estacion_autobuses_santiago_compostela1.jpg' title=\"Estaci\u00f3n de autobuses de Santiago de Compostela \/ IDOM (\u00a9 Aitor Ortiz)\" data-rl_title=\"Estaci\u00f3n de autobuses de Santiago de Compostela \/ IDOM (\u00a9 Aitor Ortiz)\" class=\"rl-gallery-link\" data-rl_caption=\"Estaci\u00f3n de autobuses de Santiago de Compostela \/ IDOM (\u00a9 Aitor Ortiz)\" data-rel=\"lightbox-gallery-1\"><img loading=\"lazy\" decoding=\"async\" width=\"150\" height=\"150\" src=\"https:\/\/www.arquimaster.com.ar\/web\/wp-content\/uploads\/2023\/02\/estacion_autobuses_santiago_compostela1-150x150.jpg\" class=\"attachment-thumbnail size-thumbnail\" alt=\"Estaci\u00f3n de autobuses de Santiago de Compostela \/ IDOM\" aria-describedby=\"gallery-1-74476\" \/><\/a>\n\t\t\t<\/div>\n\t\t\t\t<figcaption class='wp-caption-text gallery-caption' id='gallery-1-74476'>\n\t\t\t\tEstaci\u00f3n de autobuses de Santiago de Compostela \/ IDOM (\u00a9 Aitor Ortiz)\n\t\t\t\t<\/figcaption><\/figure><figure class='gallery-item'>\n\t\t\t<div class='gallery-icon landscape'>\n\t\t\t\t<a href='https:\/\/www.arquimaster.com.ar\/web\/wp-content\/uploads\/2023\/02\/estacion_autobuses_santiago_compostela2.jpg' title=\"Estaci\u00f3n de autobuses de Santiago de Compostela \/ IDOM (\u00a9 Aitor Ortiz)\" data-rl_title=\"Estaci\u00f3n de autobuses de Santiago de Compostela \/ IDOM (\u00a9 Aitor Ortiz)\" class=\"rl-gallery-link\" data-rl_caption=\"Estaci\u00f3n de autobuses de Santiago de Compostela \/ IDOM (\u00a9 Aitor Ortiz)\" data-rel=\"lightbox-gallery-1\"><img loading=\"lazy\" decoding=\"async\" width=\"150\" height=\"150\" src=\"https:\/\/www.arquimaster.com.ar\/web\/wp-content\/uploads\/2023\/02\/estacion_autobuses_santiago_compostela2-150x150.jpg\" class=\"attachment-thumbnail size-thumbnail\" alt=\"Estaci\u00f3n de autobuses de Santiago de Compostela \/ IDOM\" aria-describedby=\"gallery-1-74477\" \/><\/a>\n\t\t\t<\/div>\n\t\t\t\t<figcaption class='wp-caption-text gallery-caption' id='gallery-1-74477'>\n\t\t\t\tEstaci\u00f3n de autobuses de Santiago de Compostela \/ IDOM (\u00a9 Aitor Ortiz)\n\t\t\t\t<\/figcaption><\/figure><figure class='gallery-item'>\n\t\t\t<div class='gallery-icon landscape'>\n\t\t\t\t<a href='https:\/\/www.arquimaster.com.ar\/web\/wp-content\/uploads\/2023\/02\/estacion_autobuses_santiago_compostela3.jpg' title=\"Estaci\u00f3n de autobuses de Santiago de Compostela \/ IDOM (\u00a9 Aitor Ortiz)\" data-rl_title=\"Estaci\u00f3n de autobuses de Santiago de Compostela \/ IDOM (\u00a9 Aitor Ortiz)\" class=\"rl-gallery-link\" data-rl_caption=\"Estaci\u00f3n de autobuses de Santiago de Compostela \/ IDOM (\u00a9 Aitor Ortiz)\" data-rel=\"lightbox-gallery-1\"><img loading=\"lazy\" decoding=\"async\" width=\"150\" height=\"150\" src=\"https:\/\/www.arquimaster.com.ar\/web\/wp-content\/uploads\/2023\/02\/estacion_autobuses_santiago_compostela3-150x150.jpg\" class=\"attachment-thumbnail size-thumbnail\" alt=\"Estaci\u00f3n de autobuses de Santiago de Compostela \/ IDOM\" aria-describedby=\"gallery-1-74478\" \/><\/a>\n\t\t\t<\/div>\n\t\t\t\t<figcaption class='wp-caption-text gallery-caption' id='gallery-1-74478'>\n\t\t\t\tEstaci\u00f3n de autobuses de Santiago de Compostela \/ IDOM (\u00a9 Aitor Ortiz)\n\t\t\t\t<\/figcaption><\/figure><figure class='gallery-item'>\n\t\t\t<div class='gallery-icon landscape'>\n\t\t\t\t<a href='https:\/\/www.arquimaster.com.ar\/web\/wp-content\/uploads\/2023\/02\/estacion_autobuses_santiago_compostela4.jpg' title=\"Estaci\u00f3n de autobuses de Santiago de Compostela \/ IDOM (\u00a9 Aitor Ortiz)\" data-rl_title=\"Estaci\u00f3n de autobuses de Santiago de Compostela \/ IDOM (\u00a9 Aitor Ortiz)\" class=\"rl-gallery-link\" data-rl_caption=\"Estaci\u00f3n de autobuses de Santiago de Compostela \/ IDOM (\u00a9 Aitor Ortiz)\" data-rel=\"lightbox-gallery-1\"><img loading=\"lazy\" decoding=\"async\" width=\"150\" height=\"150\" src=\"https:\/\/www.arquimaster.com.ar\/web\/wp-content\/uploads\/2023\/02\/estacion_autobuses_santiago_compostela4-150x150.jpg\" class=\"attachment-thumbnail size-thumbnail\" alt=\"Estaci\u00f3n de autobuses de Santiago de Compostela \/ IDOM\" aria-describedby=\"gallery-1-74479\" \/><\/a>\n\t\t\t<\/div>\n\t\t\t\t<figcaption class='wp-caption-text gallery-caption' id='gallery-1-74479'>\n\t\t\t\tEstaci\u00f3n de autobuses de Santiago de Compostela \/ IDOM (\u00a9 Aitor Ortiz)\n\t\t\t\t<\/figcaption><\/figure><figure class='gallery-item'>\n\t\t\t<div class='gallery-icon portrait'>\n\t\t\t\t<a href='https:\/\/www.arquimaster.com.ar\/web\/wp-content\/uploads\/2023\/02\/estacion_autobuses_santiago_compostela5.jpg' title=\"Estaci\u00f3n de autobuses de Santiago de Compostela \/ IDOM (\u00a9 Aitor Ortiz)\" data-rl_title=\"Estaci\u00f3n de autobuses de Santiago de Compostela \/ IDOM (\u00a9 Aitor Ortiz)\" class=\"rl-gallery-link\" data-rl_caption=\"Estaci\u00f3n de autobuses de Santiago de Compostela \/ IDOM (\u00a9 Aitor Ortiz)\" data-rel=\"lightbox-gallery-1\"><img loading=\"lazy\" decoding=\"async\" width=\"150\" height=\"150\" src=\"https:\/\/www.arquimaster.com.ar\/web\/wp-content\/uploads\/2023\/02\/estacion_autobuses_santiago_compostela5-150x150.jpg\" class=\"attachment-thumbnail size-thumbnail\" alt=\"Estaci\u00f3n de autobuses de Santiago de Compostela \/ IDOM\" aria-describedby=\"gallery-1-74480\" \/><\/a>\n\t\t\t<\/div>\n\t\t\t\t<figcaption class='wp-caption-text gallery-caption' id='gallery-1-74480'>\n\t\t\t\tEstaci\u00f3n de autobuses de Santiago de Compostela \/ IDOM (\u00a9 Aitor Ortiz)\n\t\t\t\t<\/figcaption><\/figure><figure class='gallery-item'>\n\t\t\t<div class='gallery-icon landscape'>\n\t\t\t\t<a href='https:\/\/www.arquimaster.com.ar\/web\/wp-content\/uploads\/2023\/02\/estacion_autobuses_santiago_compostela6.jpg' title=\"Estaci\u00f3n de autobuses de Santiago de Compostela \/ IDOM (\u00a9 Aitor Ortiz)\" data-rl_title=\"Estaci\u00f3n de autobuses de Santiago de Compostela \/ IDOM (\u00a9 Aitor Ortiz)\" class=\"rl-gallery-link\" data-rl_caption=\"Estaci\u00f3n de autobuses de Santiago de Compostela \/ IDOM (\u00a9 Aitor Ortiz)\" data-rel=\"lightbox-gallery-1\"><img loading=\"lazy\" decoding=\"async\" width=\"150\" height=\"150\" src=\"https:\/\/www.arquimaster.com.ar\/web\/wp-content\/uploads\/2023\/02\/estacion_autobuses_santiago_compostela6-150x150.jpg\" class=\"attachment-thumbnail size-thumbnail\" alt=\"Estaci\u00f3n de autobuses de Santiago de Compostela \/ IDOM\" aria-describedby=\"gallery-1-74481\" \/><\/a>\n\t\t\t<\/div>\n\t\t\t\t<figcaption class='wp-caption-text gallery-caption' id='gallery-1-74481'>\n\t\t\t\tEstaci\u00f3n de autobuses de Santiago de Compostela \/ IDOM (\u00a9 Aitor Ortiz)\n\t\t\t\t<\/figcaption><\/figure><figure class='gallery-item'>\n\t\t\t<div class='gallery-icon landscape'>\n\t\t\t\t<a href='https:\/\/www.arquimaster.com.ar\/web\/wp-content\/uploads\/2023\/02\/estacion_autobuses_santiago_compostela7.jpg' title=\"Estaci\u00f3n de autobuses de Santiago de Compostela \/ IDOM (\u00a9 Aitor Ortiz)\" data-rl_title=\"Estaci\u00f3n de autobuses de Santiago de Compostela \/ IDOM (\u00a9 Aitor Ortiz)\" class=\"rl-gallery-link\" data-rl_caption=\"Estaci\u00f3n de autobuses de Santiago de Compostela \/ IDOM (\u00a9 Aitor Ortiz)\" data-rel=\"lightbox-gallery-1\"><img loading=\"lazy\" decoding=\"async\" width=\"150\" height=\"150\" src=\"https:\/\/www.arquimaster.com.ar\/web\/wp-content\/uploads\/2023\/02\/estacion_autobuses_santiago_compostela7-150x150.jpg\" class=\"attachment-thumbnail size-thumbnail\" alt=\"Estaci\u00f3n de autobuses de Santiago de Compostela \/ IDOM\" aria-describedby=\"gallery-1-74482\" \/><\/a>\n\t\t\t<\/div>\n\t\t\t\t<figcaption class='wp-caption-text gallery-caption' id='gallery-1-74482'>\n\t\t\t\tEstaci\u00f3n de autobuses de Santiago de Compostela \/ IDOM (\u00a9 Aitor Ortiz)\n\t\t\t\t<\/figcaption><\/figure><figure class='gallery-item'>\n\t\t\t<div class='gallery-icon portrait'>\n\t\t\t\t<a href='https:\/\/www.arquimaster.com.ar\/web\/wp-content\/uploads\/2023\/02\/estacion_autobuses_santiago_compostela8.jpg' title=\"Estaci\u00f3n de autobuses de Santiago de Compostela \/ IDOM (\u00a9 Aitor Ortiz)\" data-rl_title=\"Estaci\u00f3n de autobuses de Santiago de Compostela \/ IDOM (\u00a9 Aitor Ortiz)\" class=\"rl-gallery-link\" data-rl_caption=\"Estaci\u00f3n de autobuses de Santiago de Compostela \/ IDOM (\u00a9 Aitor Ortiz)\" data-rel=\"lightbox-gallery-1\"><img loading=\"lazy\" decoding=\"async\" width=\"150\" height=\"150\" src=\"https:\/\/www.arquimaster.com.ar\/web\/wp-content\/uploads\/2023\/02\/estacion_autobuses_santiago_compostela8-150x150.jpg\" class=\"attachment-thumbnail size-thumbnail\" alt=\"Estaci\u00f3n de autobuses de Santiago de Compostela \/ IDOM\" aria-describedby=\"gallery-1-74483\" \/><\/a>\n\t\t\t<\/div>\n\t\t\t\t<figcaption class='wp-caption-text gallery-caption' id='gallery-1-74483'>\n\t\t\t\tEstaci\u00f3n de autobuses de Santiago de Compostela \/ IDOM (\u00a9 Aitor Ortiz)\n\t\t\t\t<\/figcaption><\/figure><figure class='gallery-item'>\n\t\t\t<div class='gallery-icon landscape'>\n\t\t\t\t<a href='https:\/\/www.arquimaster.com.ar\/web\/wp-content\/uploads\/2023\/02\/estacion_autobuses_santiago_compostela9.jpg' title=\"Estaci\u00f3n de autobuses de Santiago de Compostela \/ IDOM (\u00a9 Aitor Ortiz)\" data-rl_title=\"Estaci\u00f3n de autobuses de Santiago de Compostela \/ IDOM (\u00a9 Aitor Ortiz)\" class=\"rl-gallery-link\" data-rl_caption=\"Estaci\u00f3n de autobuses de Santiago de Compostela \/ IDOM (\u00a9 Aitor Ortiz)\" data-rel=\"lightbox-gallery-1\"><img loading=\"lazy\" decoding=\"async\" width=\"150\" height=\"150\" src=\"https:\/\/www.arquimaster.com.ar\/web\/wp-content\/uploads\/2023\/02\/estacion_autobuses_santiago_compostela9-150x150.jpg\" class=\"attachment-thumbnail size-thumbnail\" alt=\"Estaci\u00f3n de autobuses de Santiago de Compostela \/ IDOM\" aria-describedby=\"gallery-1-74484\" \/><\/a>\n\t\t\t<\/div>\n\t\t\t\t<figcaption class='wp-caption-text gallery-caption' id='gallery-1-74484'>\n\t\t\t\tEstaci\u00f3n de autobuses de Santiago de Compostela \/ IDOM (\u00a9 Aitor Ortiz)\n\t\t\t\t<\/figcaption><\/figure><figure class='gallery-item'>\n\t\t\t<div class='gallery-icon landscape'>\n\t\t\t\t<a href='https:\/\/www.arquimaster.com.ar\/web\/wp-content\/uploads\/2023\/02\/estacion_autobuses_santiago_compostela10.jpg' title=\"Estaci\u00f3n de autobuses de Santiago de Compostela \/ IDOM (\u00a9 Aitor Ortiz)\" data-rl_title=\"Estaci\u00f3n de autobuses de Santiago de Compostela \/ IDOM (\u00a9 Aitor Ortiz)\" class=\"rl-gallery-link\" data-rl_caption=\"Estaci\u00f3n de autobuses de Santiago de Compostela \/ IDOM (\u00a9 Aitor Ortiz)\" data-rel=\"lightbox-gallery-1\"><img loading=\"lazy\" decoding=\"async\" width=\"150\" height=\"150\" src=\"https:\/\/www.arquimaster.com.ar\/web\/wp-content\/uploads\/2023\/02\/estacion_autobuses_santiago_compostela10-150x150.jpg\" class=\"attachment-thumbnail size-thumbnail\" alt=\"Estaci\u00f3n de autobuses de Santiago de Compostela \/ IDOM\" aria-describedby=\"gallery-1-74485\" \/><\/a>\n\t\t\t<\/div>\n\t\t\t\t<figcaption class='wp-caption-text gallery-caption' id='gallery-1-74485'>\n\t\t\t\tEstaci\u00f3n de autobuses de Santiago de Compostela \/ IDOM (\u00a9 Aitor Ortiz)\n\t\t\t\t<\/figcaption><\/figure><figure class='gallery-item'>\n\t\t\t<div class='gallery-icon landscape'>\n\t\t\t\t<a href='https:\/\/www.arquimaster.com.ar\/web\/wp-content\/uploads\/2023\/02\/estacion_autobuses_santiago_compostela11.jpg' title=\"Estaci\u00f3n de autobuses de Santiago de Compostela \/ IDOM (\u00a9 Aitor Ortiz)\" data-rl_title=\"Estaci\u00f3n de autobuses de Santiago de Compostela \/ IDOM (\u00a9 Aitor Ortiz)\" class=\"rl-gallery-link\" data-rl_caption=\"Estaci\u00f3n de autobuses de Santiago de Compostela \/ IDOM (\u00a9 Aitor Ortiz)\" data-rel=\"lightbox-gallery-1\"><img loading=\"lazy\" decoding=\"async\" width=\"150\" height=\"150\" src=\"https:\/\/www.arquimaster.com.ar\/web\/wp-content\/uploads\/2023\/02\/estacion_autobuses_santiago_compostela11-150x150.jpg\" class=\"attachment-thumbnail size-thumbnail\" alt=\"Estaci\u00f3n de autobuses de Santiago de Compostela \/ IDOM\" aria-describedby=\"gallery-1-74486\" \/><\/a>\n\t\t\t<\/div>\n\t\t\t\t<figcaption class='wp-caption-text gallery-caption' id='gallery-1-74486'>\n\t\t\t\tEstaci\u00f3n de autobuses de Santiago de Compostela \/ IDOM (\u00a9 Aitor Ortiz)\n\t\t\t\t<\/figcaption><\/figure><figure class='gallery-item'>\n\t\t\t<div class='gallery-icon landscape'>\n\t\t\t\t<a href='https:\/\/www.arquimaster.com.ar\/web\/wp-content\/uploads\/2023\/02\/estacion_autobuses_santiago_compostela12.jpg' title=\"Estaci\u00f3n de autobuses de Santiago de Compostela \/ IDOM (\u00a9 Aitor Ortiz)\" data-rl_title=\"Estaci\u00f3n de autobuses de Santiago de Compostela \/ IDOM (\u00a9 Aitor Ortiz)\" class=\"rl-gallery-link\" data-rl_caption=\"Estaci\u00f3n de autobuses de Santiago de Compostela \/ IDOM (\u00a9 Aitor Ortiz)\" data-rel=\"lightbox-gallery-1\"><img loading=\"lazy\" decoding=\"async\" width=\"150\" height=\"150\" src=\"https:\/\/www.arquimaster.com.ar\/web\/wp-content\/uploads\/2023\/02\/estacion_autobuses_santiago_compostela12-150x150.jpg\" class=\"attachment-thumbnail size-thumbnail\" alt=\"Estaci\u00f3n de autobuses de Santiago de Compostela \/ IDOM\" aria-describedby=\"gallery-1-74487\" \/><\/a>\n\t\t\t<\/div>\n\t\t\t\t<figcaption class='wp-caption-text gallery-caption' id='gallery-1-74487'>\n\t\t\t\tEstaci\u00f3n de autobuses de Santiago de Compostela \/ IDOM (\u00a9 Aitor Ortiz)\n\t\t\t\t<\/figcaption><\/figure><figure class='gallery-item'>\n\t\t\t<div class='gallery-icon landscape'>\n\t\t\t\t<a href='https:\/\/www.arquimaster.com.ar\/web\/wp-content\/uploads\/2023\/02\/estacion_autobuses_santiago_compostela13.jpg' title=\"Estaci\u00f3n de autobuses de Santiago de Compostela \/ IDOM (\u00a9 Aitor Ortiz)\" data-rl_title=\"Estaci\u00f3n de autobuses de Santiago de Compostela \/ IDOM (\u00a9 Aitor Ortiz)\" class=\"rl-gallery-link\" data-rl_caption=\"Estaci\u00f3n de autobuses de Santiago de Compostela \/ IDOM (\u00a9 Aitor Ortiz)\" data-rel=\"lightbox-gallery-1\"><img loading=\"lazy\" decoding=\"async\" width=\"150\" height=\"150\" src=\"https:\/\/www.arquimaster.com.ar\/web\/wp-content\/uploads\/2023\/02\/estacion_autobuses_santiago_compostela13-150x150.jpg\" class=\"attachment-thumbnail size-thumbnail\" alt=\"Estaci\u00f3n de autobuses de Santiago de Compostela \/ IDOM\" aria-describedby=\"gallery-1-74488\" \/><\/a>\n\t\t\t<\/div>\n\t\t\t\t<figcaption class='wp-caption-text gallery-caption' id='gallery-1-74488'>\n\t\t\t\tEstaci\u00f3n de autobuses de Santiago de Compostela \/ IDOM (\u00a9 Aitor Ortiz)\n\t\t\t\t<\/figcaption><\/figure><figure class='gallery-item'>\n\t\t\t<div class='gallery-icon landscape'>\n\t\t\t\t<a href='https:\/\/www.arquimaster.com.ar\/web\/wp-content\/uploads\/2023\/02\/estacion_autobuses_santiago_compostela14.jpg' title=\"Estaci\u00f3n de autobuses de Santiago de Compostela \/ IDOM (\u00a9 Aitor Ortiz)\" data-rl_title=\"Estaci\u00f3n de autobuses de Santiago de Compostela \/ IDOM (\u00a9 Aitor Ortiz)\" class=\"rl-gallery-link\" data-rl_caption=\"Estaci\u00f3n de autobuses de Santiago de Compostela \/ IDOM (\u00a9 Aitor Ortiz)\" data-rel=\"lightbox-gallery-1\"><img loading=\"lazy\" decoding=\"async\" width=\"150\" height=\"150\" src=\"https:\/\/www.arquimaster.com.ar\/web\/wp-content\/uploads\/2023\/02\/estacion_autobuses_santiago_compostela14-150x150.jpg\" class=\"attachment-thumbnail size-thumbnail\" alt=\"Estaci\u00f3n de autobuses de Santiago de Compostela \/ IDOM\" aria-describedby=\"gallery-1-74489\" \/><\/a>\n\t\t\t<\/div>\n\t\t\t\t<figcaption class='wp-caption-text gallery-caption' id='gallery-1-74489'>\n\t\t\t\tEstaci\u00f3n de autobuses de Santiago de Compostela \/ IDOM (\u00a9 Aitor Ortiz)\n\t\t\t\t<\/figcaption><\/figure><figure class='gallery-item'>\n\t\t\t<div class='gallery-icon landscape'>\n\t\t\t\t<a href='https:\/\/www.arquimaster.com.ar\/web\/wp-content\/uploads\/2023\/02\/estacion_autobuses_santiago_compostela15.jpg' title=\"Estaci\u00f3n de autobuses de Santiago de Compostela \/ IDOM (\u00a9 Aitor Ortiz)\" data-rl_title=\"Estaci\u00f3n de autobuses de Santiago de Compostela \/ IDOM (\u00a9 Aitor Ortiz)\" class=\"rl-gallery-link\" data-rl_caption=\"Estaci\u00f3n de autobuses de Santiago de Compostela \/ IDOM (\u00a9 Aitor Ortiz)\" data-rel=\"lightbox-gallery-1\"><img loading=\"lazy\" decoding=\"async\" width=\"150\" height=\"150\" src=\"https:\/\/www.arquimaster.com.ar\/web\/wp-content\/uploads\/2023\/02\/estacion_autobuses_santiago_compostela15-150x150.jpg\" class=\"attachment-thumbnail size-thumbnail\" alt=\"Estaci\u00f3n de autobuses de Santiago de Compostela \/ IDOM\" aria-describedby=\"gallery-1-74490\" \/><\/a>\n\t\t\t<\/div>\n\t\t\t\t<figcaption class='wp-caption-text gallery-caption' id='gallery-1-74490'>\n\t\t\t\tEstaci\u00f3n de autobuses de Santiago de Compostela \/ IDOM (\u00a9 Aitor Ortiz)\n\t\t\t\t<\/figcaption><\/figure><figure class='gallery-item'>\n\t\t\t<div class='gallery-icon landscape'>\n\t\t\t\t<a href='https:\/\/www.arquimaster.com.ar\/web\/wp-content\/uploads\/2023\/02\/estacion_autobuses_santiago_compostela16.jpg' title=\"Estaci\u00f3n de autobuses de Santiago de Compostela \/ IDOM (\u00a9 Aitor Ortiz)\" data-rl_title=\"Estaci\u00f3n de autobuses de Santiago de Compostela \/ IDOM (\u00a9 Aitor Ortiz)\" class=\"rl-gallery-link\" data-rl_caption=\"Estaci\u00f3n de autobuses de Santiago de Compostela \/ IDOM (\u00a9 Aitor Ortiz)\" data-rel=\"lightbox-gallery-1\"><img loading=\"lazy\" decoding=\"async\" width=\"150\" height=\"150\" src=\"https:\/\/www.arquimaster.com.ar\/web\/wp-content\/uploads\/2023\/02\/estacion_autobuses_santiago_compostela16-150x150.jpg\" class=\"attachment-thumbnail size-thumbnail\" alt=\"Estaci\u00f3n de autobuses de Santiago de Compostela \/ IDOM\" aria-describedby=\"gallery-1-74491\" \/><\/a>\n\t\t\t<\/div>\n\t\t\t\t<figcaption class='wp-caption-text gallery-caption' id='gallery-1-74491'>\n\t\t\t\tEstaci\u00f3n de autobuses de Santiago de Compostela \/ IDOM (\u00a9 Aitor Ortiz)\n\t\t\t\t<\/figcaption><\/figure><figure class='gallery-item'>\n\t\t\t<div class='gallery-icon landscape'>\n\t\t\t\t<a href='https:\/\/www.arquimaster.com.ar\/web\/wp-content\/uploads\/2023\/02\/estacion_autobuses_santiago_compostela17.jpg' title=\"Estaci\u00f3n de autobuses de Santiago de Compostela \/ IDOM (\u00a9 Aitor Ortiz)\" data-rl_title=\"Estaci\u00f3n de autobuses de Santiago de Compostela \/ IDOM (\u00a9 Aitor Ortiz)\" class=\"rl-gallery-link\" data-rl_caption=\"Estaci\u00f3n de autobuses de Santiago de Compostela \/ IDOM (\u00a9 Aitor Ortiz)\" data-rel=\"lightbox-gallery-1\"><img loading=\"lazy\" decoding=\"async\" width=\"150\" height=\"150\" src=\"https:\/\/www.arquimaster.com.ar\/web\/wp-content\/uploads\/2023\/02\/estacion_autobuses_santiago_compostela17-150x150.jpg\" class=\"attachment-thumbnail size-thumbnail\" alt=\"Estaci\u00f3n de autobuses de Santiago de Compostela \/ IDOM\" aria-describedby=\"gallery-1-74492\" \/><\/a>\n\t\t\t<\/div>\n\t\t\t\t<figcaption class='wp-caption-text gallery-caption' id='gallery-1-74492'>\n\t\t\t\tEstaci\u00f3n de autobuses de Santiago de Compostela \/ IDOM (\u00a9 Aitor Ortiz)\n\t\t\t\t<\/figcaption><\/figure><figure class='gallery-item'>\n\t\t\t<div class='gallery-icon portrait'>\n\t\t\t\t<a href='https:\/\/www.arquimaster.com.ar\/web\/wp-content\/uploads\/2023\/02\/estacion_autobuses_santiago_compostela18.jpg' title=\"Estaci\u00f3n de autobuses de Santiago de Compostela \/ IDOM (\u00a9 Aitor Ortiz)\" data-rl_title=\"Estaci\u00f3n de autobuses de Santiago de Compostela \/ IDOM (\u00a9 Aitor Ortiz)\" class=\"rl-gallery-link\" data-rl_caption=\"Estaci\u00f3n de autobuses de Santiago de Compostela \/ IDOM (\u00a9 Aitor Ortiz)\" data-rel=\"lightbox-gallery-1\"><img loading=\"lazy\" decoding=\"async\" width=\"150\" height=\"150\" src=\"https:\/\/www.arquimaster.com.ar\/web\/wp-content\/uploads\/2023\/02\/estacion_autobuses_santiago_compostela18-150x150.jpg\" class=\"attachment-thumbnail size-thumbnail\" alt=\"Estaci\u00f3n de autobuses de Santiago de Compostela \/ IDOM\" aria-describedby=\"gallery-1-74493\" \/><\/a>\n\t\t\t<\/div>\n\t\t\t\t<figcaption class='wp-caption-text gallery-caption' id='gallery-1-74493'>\n\t\t\t\tEstaci\u00f3n de autobuses de Santiago de Compostela \/ IDOM (\u00a9 Aitor Ortiz)\n\t\t\t\t<\/figcaption><\/figure><figure class='gallery-item'>\n\t\t\t<div class='gallery-icon landscape'>\n\t\t\t\t<a href='https:\/\/www.arquimaster.com.ar\/web\/wp-content\/uploads\/2023\/02\/estacion_autobuses_santiago_compostela19.jpg' title=\"Estaci\u00f3n de autobuses de Santiago de Compostela \/ IDOM (\u00a9 Aitor Ortiz)\" data-rl_title=\"Estaci\u00f3n de autobuses de Santiago de Compostela \/ IDOM (\u00a9 Aitor Ortiz)\" class=\"rl-gallery-link\" data-rl_caption=\"Estaci\u00f3n de autobuses de Santiago de Compostela \/ IDOM (\u00a9 Aitor Ortiz)\" data-rel=\"lightbox-gallery-1\"><img loading=\"lazy\" decoding=\"async\" width=\"150\" height=\"150\" src=\"https:\/\/www.arquimaster.com.ar\/web\/wp-content\/uploads\/2023\/02\/estacion_autobuses_santiago_compostela19-150x150.jpg\" class=\"attachment-thumbnail size-thumbnail\" alt=\"Estaci\u00f3n de autobuses de Santiago de Compostela \/ IDOM\" aria-describedby=\"gallery-1-74494\" \/><\/a>\n\t\t\t<\/div>\n\t\t\t\t<figcaption class='wp-caption-text gallery-caption' id='gallery-1-74494'>\n\t\t\t\tEstaci\u00f3n de autobuses de Santiago de Compostela \/ IDOM (\u00a9 Aitor Ortiz)\n\t\t\t\t<\/figcaption><\/figure><figure class='gallery-item'>\n\t\t\t<div class='gallery-icon landscape'>\n\t\t\t\t<a href='https:\/\/www.arquimaster.com.ar\/web\/wp-content\/uploads\/2023\/02\/estacion_autobuses_santiago_compostela20.jpg' title=\"Estaci\u00f3n de autobuses de Santiago de Compostela \/ IDOM (\u00a9 Aitor Ortiz)\" data-rl_title=\"Estaci\u00f3n de autobuses de Santiago de Compostela \/ IDOM (\u00a9 Aitor Ortiz)\" class=\"rl-gallery-link\" data-rl_caption=\"Estaci\u00f3n de autobuses de Santiago de Compostela \/ IDOM (\u00a9 Aitor Ortiz)\" data-rel=\"lightbox-gallery-1\"><img loading=\"lazy\" decoding=\"async\" width=\"150\" height=\"150\" src=\"https:\/\/www.arquimaster.com.ar\/web\/wp-content\/uploads\/2023\/02\/estacion_autobuses_santiago_compostela20-150x150.jpg\" class=\"attachment-thumbnail size-thumbnail\" alt=\"Estaci\u00f3n de autobuses de Santiago de Compostela \/ IDOM\" aria-describedby=\"gallery-1-74495\" \/><\/a>\n\t\t\t<\/div>\n\t\t\t\t<figcaption class='wp-caption-text gallery-caption' id='gallery-1-74495'>\n\t\t\t\tEstaci\u00f3n de autobuses de Santiago de Compostela \/ IDOM (\u00a9 Aitor Ortiz)\n\t\t\t\t<\/figcaption><\/figure><figure class='gallery-item'>\n\t\t\t<div class='gallery-icon landscape'>\n\t\t\t\t<a href='https:\/\/www.arquimaster.com.ar\/web\/wp-content\/uploads\/2023\/02\/estacion_autobuses_santiago_compostela21.jpg' title=\"Estaci\u00f3n de autobuses de Santiago de Compostela \/ IDOM (\u00a9 Aitor Ortiz)\" data-rl_title=\"Estaci\u00f3n de autobuses de Santiago de Compostela \/ IDOM (\u00a9 Aitor Ortiz)\" class=\"rl-gallery-link\" data-rl_caption=\"Estaci\u00f3n de autobuses de Santiago de Compostela \/ IDOM (\u00a9 Aitor Ortiz)\" data-rel=\"lightbox-gallery-1\"><img loading=\"lazy\" decoding=\"async\" width=\"150\" height=\"150\" src=\"https:\/\/www.arquimaster.com.ar\/web\/wp-content\/uploads\/2023\/02\/estacion_autobuses_santiago_compostela21-150x150.jpg\" class=\"attachment-thumbnail size-thumbnail\" alt=\"Estaci\u00f3n de autobuses de Santiago de Compostela \/ IDOM\" aria-describedby=\"gallery-1-74496\" \/><\/a>\n\t\t\t<\/div>\n\t\t\t\t<figcaption class='wp-caption-text gallery-caption' id='gallery-1-74496'>\n\t\t\t\tEstaci\u00f3n de autobuses de Santiago de Compostela \/ IDOM (\u00a9 Aitor Ortiz)\n\t\t\t\t<\/figcaption><\/figure><figure class='gallery-item'>\n\t\t\t<div class='gallery-icon landscape'>\n\t\t\t\t<a href='https:\/\/www.arquimaster.com.ar\/web\/wp-content\/uploads\/2023\/02\/estacion_autobuses_santiago_compostela22.jpg' title=\"Estaci\u00f3n de autobuses de Santiago de Compostela \/ IDOM (\u00a9 Aitor Ortiz)\" data-rl_title=\"Estaci\u00f3n de autobuses de Santiago de Compostela \/ IDOM (\u00a9 Aitor Ortiz)\" class=\"rl-gallery-link\" data-rl_caption=\"Estaci\u00f3n de autobuses de Santiago de Compostela \/ IDOM (\u00a9 Aitor Ortiz)\" data-rel=\"lightbox-gallery-1\"><img loading=\"lazy\" decoding=\"async\" width=\"150\" height=\"150\" src=\"https:\/\/www.arquimaster.com.ar\/web\/wp-content\/uploads\/2023\/02\/estacion_autobuses_santiago_compostela22-150x150.jpg\" class=\"attachment-thumbnail size-thumbnail\" alt=\"Estaci\u00f3n de autobuses de Santiago de Compostela \/ IDOM\" aria-describedby=\"gallery-1-74497\" \/><\/a>\n\t\t\t<\/div>\n\t\t\t\t<figcaption class='wp-caption-text gallery-caption' id='gallery-1-74497'>\n\t\t\t\tEstaci\u00f3n de autobuses de Santiago de Compostela \/ IDOM (\u00a9 Aitor Ortiz)\n\t\t\t\t<\/figcaption><\/figure><figure class='gallery-item'>\n\t\t\t<div class='gallery-icon landscape'>\n\t\t\t\t<a href='https:\/\/www.arquimaster.com.ar\/web\/wp-content\/uploads\/2023\/02\/estacion_autobuses_santiago_compostela23.jpg' title=\"Estaci\u00f3n de autobuses de Santiago de Compostela \/ IDOM (\u00a9 Aitor Ortiz)\" data-rl_title=\"Estaci\u00f3n de autobuses de Santiago de Compostela \/ IDOM (\u00a9 Aitor Ortiz)\" class=\"rl-gallery-link\" data-rl_caption=\"Estaci\u00f3n de autobuses de Santiago de Compostela \/ IDOM (\u00a9 Aitor Ortiz)\" data-rel=\"lightbox-gallery-1\"><img loading=\"lazy\" decoding=\"async\" width=\"150\" height=\"150\" src=\"https:\/\/www.arquimaster.com.ar\/web\/wp-content\/uploads\/2023\/02\/estacion_autobuses_santiago_compostela23-150x150.jpg\" class=\"attachment-thumbnail size-thumbnail\" alt=\"Estaci\u00f3n de autobuses de Santiago de Compostela \/ IDOM\" aria-describedby=\"gallery-1-74498\" \/><\/a>\n\t\t\t<\/div>\n\t\t\t\t<figcaption class='wp-caption-text gallery-caption' id='gallery-1-74498'>\n\t\t\t\tEstaci\u00f3n de autobuses de Santiago de Compostela \/ IDOM (\u00a9 Aitor Ortiz)\n\t\t\t\t<\/figcaption><\/figure><figure class='gallery-item'>\n\t\t\t<div class='gallery-icon landscape'>\n\t\t\t\t<a href='https:\/\/www.arquimaster.com.ar\/web\/wp-content\/uploads\/2023\/02\/estacion_autobuses_santiago_compostela24.jpg' title=\"Estaci\u00f3n de autobuses de Santiago de Compostela \/ IDOM (planta darsenas con circulaciones)\" data-rl_title=\"Estaci\u00f3n de autobuses de Santiago de Compostela \/ IDOM (planta darsenas con circulaciones)\" class=\"rl-gallery-link\" data-rl_caption=\"Estaci\u00f3n de autobuses de Santiago de Compostela \/ IDOM (planta darsenas con circulaciones)\" data-rel=\"lightbox-gallery-1\"><img loading=\"lazy\" decoding=\"async\" width=\"150\" height=\"150\" src=\"https:\/\/www.arquimaster.com.ar\/web\/wp-content\/uploads\/2023\/02\/estacion_autobuses_santiago_compostela24-150x150.jpg\" class=\"attachment-thumbnail size-thumbnail\" alt=\"Estaci\u00f3n de autobuses de Santiago de Compostela \/ IDOM\" aria-describedby=\"gallery-1-74499\" \/><\/a>\n\t\t\t<\/div>\n\t\t\t\t<figcaption class='wp-caption-text gallery-caption' id='gallery-1-74499'>\n\t\t\t\tEstaci\u00f3n de autobuses de Santiago de Compostela \/ IDOM (planta darsenas con circulaciones)\n\t\t\t\t<\/figcaption><\/figure><figure class='gallery-item'>\n\t\t\t<div class='gallery-icon landscape'>\n\t\t\t\t<a href='https:\/\/www.arquimaster.com.ar\/web\/wp-content\/uploads\/2023\/02\/estacion_autobuses_santiago_compostela25.jpg' title=\"Estaci\u00f3n de autobuses de Santiago de Compostela \/ IDOM (planta darsenas)\" data-rl_title=\"Estaci\u00f3n de autobuses de Santiago de Compostela \/ IDOM (planta darsenas)\" class=\"rl-gallery-link\" data-rl_caption=\"Estaci\u00f3n de autobuses de Santiago de Compostela \/ IDOM (planta darsenas)\" data-rel=\"lightbox-gallery-1\"><img loading=\"lazy\" decoding=\"async\" width=\"150\" height=\"150\" src=\"https:\/\/www.arquimaster.com.ar\/web\/wp-content\/uploads\/2023\/02\/estacion_autobuses_santiago_compostela25-150x150.jpg\" class=\"attachment-thumbnail size-thumbnail\" alt=\"Estaci\u00f3n de autobuses de Santiago de Compostela \/ IDOM\" aria-describedby=\"gallery-1-74500\" \/><\/a>\n\t\t\t<\/div>\n\t\t\t\t<figcaption class='wp-caption-text gallery-caption' id='gallery-1-74500'>\n\t\t\t\tEstaci\u00f3n de autobuses de Santiago de Compostela \/ IDOM (planta darsenas)\n\t\t\t\t<\/figcaption><\/figure><figure class='gallery-item'>\n\t\t\t<div class='gallery-icon landscape'>\n\t\t\t\t<a href='https:\/\/www.arquimaster.com.ar\/web\/wp-content\/uploads\/2023\/02\/estacion_autobuses_santiago_compostela26.jpg' title=\"Estaci\u00f3n de autobuses de Santiago de Compostela \/ IDOM (planta darsenas)\" data-rl_title=\"Estaci\u00f3n de autobuses de Santiago de Compostela \/ IDOM (planta darsenas)\" class=\"rl-gallery-link\" data-rl_caption=\"Estaci\u00f3n de autobuses de Santiago de Compostela \/ IDOM (planta darsenas)\" data-rel=\"lightbox-gallery-1\"><img loading=\"lazy\" decoding=\"async\" width=\"150\" height=\"150\" src=\"https:\/\/www.arquimaster.com.ar\/web\/wp-content\/uploads\/2023\/02\/estacion_autobuses_santiago_compostela26-150x150.jpg\" class=\"attachment-thumbnail size-thumbnail\" alt=\"Estaci\u00f3n de autobuses de Santiago de Compostela \/ IDOM\" aria-describedby=\"gallery-1-74501\" \/><\/a>\n\t\t\t<\/div>\n\t\t\t\t<figcaption class='wp-caption-text gallery-caption' id='gallery-1-74501'>\n\t\t\t\tEstaci\u00f3n de autobuses de Santiago de Compostela \/ IDOM (planta darsenas)\n\t\t\t\t<\/figcaption><\/figure><figure class='gallery-item'>\n\t\t\t<div class='gallery-icon landscape'>\n\t\t\t\t<a href='https:\/\/www.arquimaster.com.ar\/web\/wp-content\/uploads\/2023\/02\/estacion_autobuses_santiago_compostela27.jpg' title=\"Estaci\u00f3n de autobuses de Santiago de Compostela \/ IDOM (planta servicios al viajero)\" data-rl_title=\"Estaci\u00f3n de autobuses de Santiago de Compostela \/ IDOM (planta servicios al viajero)\" class=\"rl-gallery-link\" data-rl_caption=\"Estaci\u00f3n de autobuses de Santiago de Compostela \/ IDOM (planta servicios al viajero)\" data-rel=\"lightbox-gallery-1\"><img loading=\"lazy\" decoding=\"async\" width=\"150\" height=\"150\" src=\"https:\/\/www.arquimaster.com.ar\/web\/wp-content\/uploads\/2023\/02\/estacion_autobuses_santiago_compostela27-150x150.jpg\" class=\"attachment-thumbnail size-thumbnail\" alt=\"Estaci\u00f3n de autobuses de Santiago de Compostela \/ IDOM\" aria-describedby=\"gallery-1-74502\" \/><\/a>\n\t\t\t<\/div>\n\t\t\t\t<figcaption class='wp-caption-text gallery-caption' id='gallery-1-74502'>\n\t\t\t\tEstaci\u00f3n de autobuses de Santiago de Compostela \/ IDOM (planta servicios al viajero)\n\t\t\t\t<\/figcaption><\/figure><figure class='gallery-item'>\n\t\t\t<div class='gallery-icon landscape'>\n\t\t\t\t<a href='https:\/\/www.arquimaster.com.ar\/web\/wp-content\/uploads\/2023\/02\/estacion_autobuses_santiago_compostela28.jpg' title=\"Estaci\u00f3n de autobuses de Santiago de Compostela \/ IDOM (planta servicios al viajero)\" data-rl_title=\"Estaci\u00f3n de autobuses de Santiago de Compostela \/ IDOM (planta servicios al viajero)\" class=\"rl-gallery-link\" data-rl_caption=\"Estaci\u00f3n de autobuses de Santiago de Compostela \/ IDOM (planta servicios al viajero)\" data-rel=\"lightbox-gallery-1\"><img loading=\"lazy\" decoding=\"async\" width=\"150\" height=\"150\" src=\"https:\/\/www.arquimaster.com.ar\/web\/wp-content\/uploads\/2023\/02\/estacion_autobuses_santiago_compostela28-150x150.jpg\" class=\"attachment-thumbnail size-thumbnail\" alt=\"Estaci\u00f3n de autobuses de Santiago de Compostela \/ IDOM\" aria-describedby=\"gallery-1-74503\" \/><\/a>\n\t\t\t<\/div>\n\t\t\t\t<figcaption class='wp-caption-text gallery-caption' id='gallery-1-74503'>\n\t\t\t\tEstaci\u00f3n de autobuses de Santiago de Compostela \/ IDOM (planta servicios al viajero)\n\t\t\t\t<\/figcaption><\/figure><figure class='gallery-item'>\n\t\t\t<div class='gallery-icon landscape'>\n\t\t\t\t<a href='https:\/\/www.arquimaster.com.ar\/web\/wp-content\/uploads\/2023\/02\/estacion_autobuses_santiago_compostela29.jpg' title=\"Estaci\u00f3n de autobuses de Santiago de Compostela \/ IDOM (corte)\" data-rl_title=\"Estaci\u00f3n de autobuses de Santiago de Compostela \/ IDOM (corte)\" class=\"rl-gallery-link\" data-rl_caption=\"Estaci\u00f3n de autobuses de Santiago de Compostela \/ IDOM (corte)\" data-rel=\"lightbox-gallery-1\"><img loading=\"lazy\" decoding=\"async\" width=\"150\" height=\"150\" src=\"https:\/\/www.arquimaster.com.ar\/web\/wp-content\/uploads\/2023\/02\/estacion_autobuses_santiago_compostela29-150x150.jpg\" class=\"attachment-thumbnail size-thumbnail\" alt=\"Estaci\u00f3n de autobuses de Santiago de Compostela \/ IDOM\" aria-describedby=\"gallery-1-74504\" \/><\/a>\n\t\t\t<\/div>\n\t\t\t\t<figcaption class='wp-caption-text gallery-caption' id='gallery-1-74504'>\n\t\t\t\tEstaci\u00f3n de autobuses de Santiago de Compostela \/ IDOM (corte)\n\t\t\t\t<\/figcaption><\/figure><figure class='gallery-item'>\n\t\t\t<div class='gallery-icon landscape'>\n\t\t\t\t<a href='https:\/\/www.arquimaster.com.ar\/web\/wp-content\/uploads\/2023\/02\/estacion_autobuses_santiago_compostela30.jpg' title=\"Estaci\u00f3n de autobuses de Santiago de Compostela \/ IDOM (corte)\" data-rl_title=\"Estaci\u00f3n de autobuses de Santiago de Compostela \/ IDOM (corte)\" class=\"rl-gallery-link\" data-rl_caption=\"Estaci\u00f3n de autobuses de Santiago de Compostela \/ IDOM (corte)\" data-rel=\"lightbox-gallery-1\"><img loading=\"lazy\" decoding=\"async\" width=\"150\" height=\"150\" src=\"https:\/\/www.arquimaster.com.ar\/web\/wp-content\/uploads\/2023\/02\/estacion_autobuses_santiago_compostela30-150x150.jpg\" class=\"attachment-thumbnail size-thumbnail\" alt=\"Estaci\u00f3n de autobuses de Santiago de Compostela \/ IDOM\" aria-describedby=\"gallery-1-74505\" \/><\/a>\n\t\t\t<\/div>\n\t\t\t\t<figcaption class='wp-caption-text gallery-caption' id='gallery-1-74505'>\n\t\t\t\tEstaci\u00f3n de autobuses de Santiago de Compostela \/ IDOM (corte)\n\t\t\t\t<\/figcaption><\/figure><figure class='gallery-item'>\n\t\t\t<div class='gallery-icon landscape'>\n\t\t\t\t<a href='https:\/\/www.arquimaster.com.ar\/web\/wp-content\/uploads\/2023\/02\/estacion_autobuses_santiago_compostela31.jpg' title=\"Estaci\u00f3n de autobuses de Santiago de Compostela \/ IDOM (corte)\" data-rl_title=\"Estaci\u00f3n de autobuses de Santiago de Compostela \/ IDOM (corte)\" class=\"rl-gallery-link\" data-rl_caption=\"Estaci\u00f3n de autobuses de Santiago de Compostela \/ IDOM (corte)\" data-rel=\"lightbox-gallery-1\"><img loading=\"lazy\" decoding=\"async\" width=\"150\" height=\"150\" src=\"https:\/\/www.arquimaster.com.ar\/web\/wp-content\/uploads\/2023\/02\/estacion_autobuses_santiago_compostela31-150x150.jpg\" class=\"attachment-thumbnail size-thumbnail\" alt=\"Estaci\u00f3n de autobuses de Santiago de Compostela \/ IDOM\" aria-describedby=\"gallery-1-74506\" \/><\/a>\n\t\t\t<\/div>\n\t\t\t\t<figcaption class='wp-caption-text gallery-caption' id='gallery-1-74506'>\n\t\t\t\tEstaci\u00f3n de autobuses de Santiago de Compostela \/ IDOM (corte)\n\t\t\t\t<\/figcaption><\/figure><figure class='gallery-item'>\n\t\t\t<div class='gallery-icon landscape'>\n\t\t\t\t<a href='https:\/\/www.arquimaster.com.ar\/web\/wp-content\/uploads\/2023\/02\/estacion_autobuses_santiago_compostela32.jpg' title=\"Estaci\u00f3n de autobuses de Santiago de Compostela \/ IDOM (corte)\" data-rl_title=\"Estaci\u00f3n de autobuses de Santiago de Compostela \/ IDOM (corte)\" class=\"rl-gallery-link\" data-rl_caption=\"Estaci\u00f3n de autobuses de Santiago de Compostela \/ IDOM (corte)\" data-rel=\"lightbox-gallery-1\"><img loading=\"lazy\" decoding=\"async\" width=\"150\" height=\"150\" src=\"https:\/\/www.arquimaster.com.ar\/web\/wp-content\/uploads\/2023\/02\/estacion_autobuses_santiago_compostela32-150x150.jpg\" class=\"attachment-thumbnail size-thumbnail\" alt=\"Estaci\u00f3n de autobuses de Santiago de Compostela \/ IDOM\" aria-describedby=\"gallery-1-74507\" \/><\/a>\n\t\t\t<\/div>\n\t\t\t\t<figcaption class='wp-caption-text gallery-caption' id='gallery-1-74507'>\n\t\t\t\tEstaci\u00f3n de autobuses de Santiago de Compostela \/ IDOM (corte)\n\t\t\t\t<\/figcaption><\/figure><figure class='gallery-item'>\n\t\t\t<div class='gallery-icon landscape'>\n\t\t\t\t<a href='https:\/\/www.arquimaster.com.ar\/web\/wp-content\/uploads\/2023\/02\/estacion_autobuses_santiago_compostela33.jpg' title=\"Estaci\u00f3n de autobuses de Santiago de Compostela \/ IDOM (corte)\" data-rl_title=\"Estaci\u00f3n de autobuses de Santiago de Compostela \/ IDOM (corte)\" class=\"rl-gallery-link\" data-rl_caption=\"Estaci\u00f3n de autobuses de Santiago de Compostela \/ IDOM (corte)\" data-rel=\"lightbox-gallery-1\"><img loading=\"lazy\" decoding=\"async\" width=\"150\" height=\"150\" src=\"https:\/\/www.arquimaster.com.ar\/web\/wp-content\/uploads\/2023\/02\/estacion_autobuses_santiago_compostela33-150x150.jpg\" class=\"attachment-thumbnail size-thumbnail\" alt=\"Estaci\u00f3n de autobuses de Santiago de Compostela \/ IDOM\" aria-describedby=\"gallery-1-74508\" \/><\/a>\n\t\t\t<\/div>\n\t\t\t\t<figcaption class='wp-caption-text gallery-caption' id='gallery-1-74508'>\n\t\t\t\tEstaci\u00f3n de autobuses de Santiago de Compostela \/ IDOM (corte)\n\t\t\t\t<\/figcaption><\/figure><figure class='gallery-item'>\n\t\t\t<div class='gallery-icon landscape'>\n\t\t\t\t<a href='https:\/\/www.arquimaster.com.ar\/web\/wp-content\/uploads\/2023\/02\/estacion_autobuses_santiago_compostela34.jpg' title=\"Estaci\u00f3n de autobuses de Santiago de Compostela \/ IDOM (vista norte)\" data-rl_title=\"Estaci\u00f3n de autobuses de Santiago de Compostela \/ IDOM (vista norte)\" class=\"rl-gallery-link\" data-rl_caption=\"Estaci\u00f3n de autobuses de Santiago de Compostela \/ IDOM (vista norte)\" data-rel=\"lightbox-gallery-1\"><img loading=\"lazy\" decoding=\"async\" width=\"150\" height=\"150\" src=\"https:\/\/www.arquimaster.com.ar\/web\/wp-content\/uploads\/2023\/02\/estacion_autobuses_santiago_compostela34-150x150.jpg\" class=\"attachment-thumbnail size-thumbnail\" alt=\"Estaci\u00f3n de autobuses de Santiago de Compostela \/ IDOM\" aria-describedby=\"gallery-1-74509\" \/><\/a>\n\t\t\t<\/div>\n\t\t\t\t<figcaption class='wp-caption-text gallery-caption' id='gallery-1-74509'>\n\t\t\t\tEstaci\u00f3n de autobuses de Santiago de Compostela \/ IDOM (vista norte)\n\t\t\t\t<\/figcaption><\/figure><figure class='gallery-item'>\n\t\t\t<div class='gallery-icon landscape'>\n\t\t\t\t<a href='https:\/\/www.arquimaster.com.ar\/web\/wp-content\/uploads\/2023\/02\/estacion_autobuses_santiago_compostela35.jpg' title=\"Estaci\u00f3n de autobuses de Santiago de Compostela \/ IDOM (vista sur)\" data-rl_title=\"Estaci\u00f3n de autobuses de Santiago de Compostela \/ IDOM (vista sur)\" class=\"rl-gallery-link\" data-rl_caption=\"Estaci\u00f3n de autobuses de Santiago de Compostela \/ IDOM (vista sur)\" data-rel=\"lightbox-gallery-1\"><img loading=\"lazy\" decoding=\"async\" width=\"150\" height=\"150\" src=\"https:\/\/www.arquimaster.com.ar\/web\/wp-content\/uploads\/2023\/02\/estacion_autobuses_santiago_compostela35-150x150.jpg\" class=\"attachment-thumbnail size-thumbnail\" alt=\"Estaci\u00f3n de autobuses de Santiago de Compostela \/ IDOM\" aria-describedby=\"gallery-1-74510\" \/><\/a>\n\t\t\t<\/div>\n\t\t\t\t<figcaption class='wp-caption-text gallery-caption' id='gallery-1-74510'>\n\t\t\t\tEstaci\u00f3n de autobuses de Santiago de Compostela \/ IDOM (vista sur)\n\t\t\t\t<\/figcaption><\/figure><figure class='gallery-item'>\n\t\t\t<div class='gallery-icon landscape'>\n\t\t\t\t<a href='https:\/\/www.arquimaster.com.ar\/web\/wp-content\/uploads\/2023\/02\/estacion_autobuses_santiago_compostela36.jpg' title=\"Estaci\u00f3n de autobuses de Santiago de Compostela \/ IDOM (vista vista sur darsenas)\" data-rl_title=\"Estaci\u00f3n de autobuses de Santiago de Compostela \/ IDOM (vista vista sur darsenas)\" class=\"rl-gallery-link\" data-rl_caption=\"Estaci\u00f3n de autobuses de Santiago de Compostela \/ IDOM (vista vista sur darsenas)\" data-rel=\"lightbox-gallery-1\"><img loading=\"lazy\" decoding=\"async\" width=\"150\" height=\"150\" src=\"https:\/\/www.arquimaster.com.ar\/web\/wp-content\/uploads\/2023\/02\/estacion_autobuses_santiago_compostela36-150x150.jpg\" class=\"attachment-thumbnail size-thumbnail\" alt=\"Estaci\u00f3n de autobuses de Santiago de Compostela \/ IDOM\" aria-describedby=\"gallery-1-74511\" \/><\/a>\n\t\t\t<\/div>\n\t\t\t\t<figcaption class='wp-caption-text gallery-caption' id='gallery-1-74511'>\n\t\t\t\tEstaci\u00f3n de autobuses de Santiago de Compostela \/ IDOM (vista vista sur darsenas)\n\t\t\t\t<\/figcaption><\/figure>\n\t\t<\/div>\n\n<p><strong>Intermodalidad<\/strong><br>La llegada de la Alta Velocidad a la ciudad ha ido acompa\u00f1ada de la transformaci\u00f3n de la actual estaci\u00f3n de ferrocarril en una estaci\u00f3n intermodal que se est\u00e1 convirtiendo en el nodo central del transporte p\u00fablico de la ciudad y de su \u00e1rea de influencia, al poner a disposici\u00f3n del usuario la posibilidad de combinar diferentes modos de transporte p\u00fablico (ferrocarril y autob\u00fas) de una manera r\u00e1pida y eficiente en un punto muy pr\u00f3ximo al centro urbano.<\/p>\n<p>Unida a esta transformaci\u00f3n surgi\u00f3 la oportunidad de superar la barrera de las v\u00edas que separaba la ciudad de los nuevos barrios que han crecido hacia el sur y del parque de las Bra\u00f1as del Sar, nuevo pulm\u00f3n verde de la ciudad.<\/p>\n<p>Para lograr estos objetivos el proyecto de la estaci\u00f3n intermodal contemplaba la ejecuci\u00f3n de una una pasarela transversal que aprovechando el desnivel existente entre la R\u00faa Horreo y la Avenida Clara Campoamor pasase sobre las v\u00edas del tren. Desde esta pasarela se acceder\u00e1 a la nueva terminal de ferrocarril y a la nueva terminal de autobuses permitiendo salvar las diferencias de cota existentes y garantizando un r\u00e1pido acceso a los distintos medios de transporte p\u00fablico y desde ambas terminales a la ciudad.<\/p>\n<p><strong>Construir en el borde de la ciudad &#8211; relaci\u00f3n con el entorno inmediato y lejano<\/strong><br>Si la nueva pasarela de la intermodal ha permitido superar la barrera que supon\u00edan las v\u00edas del tren, la nueva terminal de autobuses ha contribuido a reconfigurar el borde urbano que limita con la vega del Sar. Esa condici\u00f3n de l\u00edmite va unida a la posibilidad de transformar el edificio en un mirador sobre su entorno tanto inmediato, las Bra\u00f1as y la Colegiata del Sar, como lejano, la Ciudad de la Cultura.<\/p>\n<p>A partir de aqu\u00ed solo queda ordenar los elementos que tenemos a nuestra disposici\u00f3n. La estructura se concentra en la zona central del edificio para evitar interferencias con las d\u00e1rsenas facilitando el movimiento de veh\u00edculos y personas. A ambos lados se disponen dos grandes vuelos que cubren las d\u00e1rsenas de las inclemencias del tiempo.<\/p>\n<p>Esta misma geometr\u00eda se reproduce en la cubrici\u00f3n de la planta superior, pero en esta ocasi\u00f3n el plano superior se inclina para ayudar a adaptar su escala a las diferentes caracter\u00edsticas de su entorno, una mayor altura hacia las playas de v\u00edas y andenes, un volumen m\u00e1s controlado hacia el borde de la ciudad y el parque, protegiendo los espacios de espera y estancia. Este cambio de escala tambi\u00e9n permite diferenciar los usos que se disponen a ambos lados del vest\u00edbulo. Al sur una gran terraza a la que se abre la cafeter\u00eda, de la que disfrutan tanto los usuarios como los vecinos de Santiago. Al norte, los servicios agrupados en unos cuerpos bajos que sobresalen del cerramiento acristalado perimetral.<\/p>\n<p><strong>Organizaci\u00f3n interna de la terminal de autobuses<\/strong><br>Frente a los modelos tradicionales de las estaciones de autobuses aisladas en las que viajeros y autobuses acced\u00edan a la misma cota y la circulaci\u00f3n de unos y otros se desarrollaban en paralelo, en las estaciones intermodales estas circulaciones se superponen para facilitar los flujos de los futuros usuarios entre terminales y entre \u00e9stas y la ciudad. Esta forma de organizar internamente las estaciones facilita el control de accesos y equipajes.<\/p>\n<p>La terminal de autobuses se organiza en dos plantas superpuestas, en la inferior se sit\u00faan el \u00e1rea de las d\u00e1rsenas y los viales de circulaci\u00f3n y maniobra de veh\u00edculos, en la superior el edificio que acoge los servicios necesarios para atender a los viajeros.<\/p>\n<p>Las d\u00e1rsenas se ordenan en torno a una plataforma central que permite optimizar los recorridos de los viajeros que acceden desde la planta superior a trav\u00e9s de escaleras y ascensores situados en la zona central. A un lado de esta plataforma central se alinean las 19 d\u00e1rsenas de transporte interurbano organizadas en espina de pez. Al otro lado las 6 de transporte metropolitano, en diente de sierra para agilizar los movimientos de entrada y salida de los autobuses en las d\u00e1rsenas, soluci\u00f3n \u00f3ptima para servicios con altas frecuencias y bajos tiempos de estancia.<\/p>\n<p>Adem\u00e1s, la terminal dispone de 11 d\u00e1rsenas de regulaci\u00f3n para facilitar la gesti\u00f3n por parte de las empresas de los periodos de servicio de los veh\u00edculos y en una siguiente fase se podr\u00e1 implantar un aparcamiento para otros 11 autobuses y un \u00e1rea de servicios.<\/p>\n<p>La circulaci\u00f3n de los autobuses se organiza en sentido horario al estar las puertas destinadas a los viajeros en el lado derecho. Para evitar el cruce de los movimientos de entrada y salida, se separan ambos carriles que conectan de manera independiente con la Avenida Clara Campoamor.<\/p>\n<p>Por otra parte, las d\u00e1rsenas se han dimensionado para garantizar la accesibilidad de las personas con movilidad reducida, teniendo en cuenta las necesidades de las distintas plataformas integradas en los autobuses que existen actualmente en el mercado.<\/p>\n<p>En la planta superior se concentran los servicios necesarios para los viajeros. Los accesos y circulaciones desde la pasarela y hacia las d\u00e1rsenas son claros para facilitar la orientaci\u00f3n de los viajeros. Por ello, todo queda a la vista. Ambas plantas se comunican a trav\u00e9s de 2 n\u00facleos de comunicaciones verticales, dotados de medios mec\u00e1nicos (ascensores, escaleras mec\u00e1nicas). Su posici\u00f3n permite gestionar los distintos tipos de viajeros, destinando cada n\u00facleo a un flujo de pasajeros y permitiendo tr\u00e1ficos de personas ordenados.<\/p>\n<p><strong>Sostenibilidad &#8211; Sistemas pasivos<\/strong><\/p>\n<p><strong>El control de la luz natural<\/strong><br>El gran plano de cubierta se perfora mediante lucernarios longitudinales que garantizan que la luz natural llegue a todos los espacios interiores. Adem\u00e1s, sobre los usos dispuestos en la fachada norte para dar servicio a los usuarios de la estaci\u00f3n, se dispone una ventana corrida que suelta el plano de cubierta, permite fugas visuales y facilita la introducci\u00f3n de una luz difusa que complementa la luz de los lucernarios y de la fachada sur que se protege de la radiaci\u00f3n directa del sol mediante un gran vuelo.<\/p>\n<p>Mediante estos sencillos mecanismos se consigue:<\/p>\n<p>&#8211; Minimizar los deslumbramientos y reflejos molestos.<br>&#8211; Evitar los contrastes de luz excesivos, dado que la luz proviene de varias direcciones y no s\u00f3lo de una.<br>&#8211; Conseguir una elevada luminosidad que adem\u00e1s es uniforme y adecuada al uso previsto de zonas de circulaci\u00f3n y espera de viajeros.<br>&#8211; Mantener el contacto visual con el exterior en todo momento, de forma controlada.<br>&#8211; Reducir el consumo el\u00e9ctrico para alumbrado artificial cuando las condiciones exteriores sean favorables.<\/p>\n<p>La prolongaci\u00f3n de la cubierta evita la radiaci\u00f3n directa del sol en el interior de la terminal, evitando la necesidad de recurrir durante muchos d\u00edas al a\u00f1o al uso de los sistemas de climatizaci\u00f3n previstos.<\/p>\n<p>Para la producci\u00f3n de calor se recurre a una caldera de biomasa para garantizar que se cumplen con los par\u00e1metros de utilizaci\u00f3n de energ\u00edas renovables que plantea la normativa.<\/p>\n<p><strong>Protecci\u00f3n frente a la lluvia<\/strong><br>Se ha analizado as\u00ed mismo, la incidencia de la lluvia en la planta baja. La zona central de espera y acceso a los autobuses y las d\u00e1rsenas donde se sit\u00faan los mismos est\u00e1n cubiertas. El \u00e1rea m\u00e1s expuesta, abierto a los vientos del suroeste, son las d\u00e1rsenas de los autobuses metropolitanos que se disponen en diente de sierra, contribuyendo la propia disposici\u00f3n longitudinal de los autobuses a proteger de la lluvia a sus usuarios. El vuelo estructural, se prolonga mediante una estructura ligera de perfiles met\u00e1licos y un revestimiento de ETFE para mejorar la protecci\u00f3n frente a la lluvia de los usuarios. Como se puede ver en el gr\u00e1fico que se acompa\u00f1an la dimensi\u00f3n final de estos vuelos garantiza que en las zonas de las d\u00e1rsenas con presencia de viajeros se minimice la incidencia de la lluvia.<\/p>\n\n\n<div style=\"height:20px\" aria-hidden=\"true\" class=\"wp-block-spacer\"><\/div>\n\n\n\n<p class=\"has-background\" style=\"background-color:#eaeaea\"><strong>Ficha t\u00e9cnica<\/strong><br>Nombre: Estaci\u00f3n de Autobuses integrada en la Estaci\u00f3n Intermodal de Santiago de Compostela<br>Ubicaci\u00f3n: Avenida de Clara Campoamor s\/n, Santiago de Compostela, A Coru\u00f1a, Espa\u00f1a<br>Cliente: Xunta de Galicia. Conseller\u00eda de Infraestruturas e Mobilidade<br>Proyectista: IDOM<br>Arquitecto responsable: Galo Zayas Carvajal, Eduardo Arag\u00fces Rioja<br>Arquitectos colaboradores: Victor Ramos Rodr\u00edguez<br>Costes: Jos\u00e9 \u00c1ngel Rodr\u00edguez Souto<br>Estructuras: Xabier Mas Garc\u00eda<br>Climatizaci\u00f3n: Antonio Rodr\u00edguez Sixto<br>Iluminaci\u00f3n: Victor Lojo Paz<br>Electricidad: Victor Lojo Paz<br>Protecci\u00f3n contra incendios: Daniel Pose Andrade<br>Telecomunicaciones: Roberto Dios Garc\u00eda<br>Direcci\u00f3n de Obra: Galo Zayas Carvajal<br>Direcci\u00f3n de Ejecuci\u00f3n de Obra: Jos\u00e9 Luis Pardo P\u00e9rez<br>Constructor: ACCIONA<br>Superficie aproximada: 8.870,81 m2<br>PEM: 7.657.192 \u20ac<br>Fecha de proyecto: 20 meses, 05-2016\/12-2017<br>Fecha de ejecuci\u00f3n de obra: 32 meses, 07-2018\/03-2021<br>Fotograf\u00edas: Aitor Ortiz<br><br><strong>Contacto<\/strong><br><a href=\"https:\/\/www.idom.com\" target=\"_blank\" rel=\"noreferrer noopener\">https:\/\/www.idom.com<\/a><\/p>\n\n\n\n<div style=\"height:40px\" aria-hidden=\"true\" class=\"wp-block-spacer\"><\/div>\n\n\n<p><em><strong>English version<\/strong><\/em><\/p>\n<p><em><strong>Santiago de Compostela bus station<\/strong><\/em><\/p>\n<p><em><strong>Site<\/strong><\/em><br><em>The Atlantic axis that runs through Galicia from north to south runs through Santiago de Compostela halfway up a slope running parallel to the river Sar. In order to establish the railway station in the mid-twentieth century, it was necessary to create a wide esplanade for the railway yard, a marked embankment stretching towards the city and important landfills on the lowlands of the River Sar. From that moment on, the railway limited the growth of the city to the south, constituting a de facto barrier. The layout of the current railway station, responding to a typical station on the line, in which the passenger building is located parallel to the tracks that are covered with a metal canopy.<\/em><\/p>\n<p><em><strong>Intermodality<\/strong><\/em><br><em>The arrival of High Speed&nbsp; to the city has been accompanied by the transformation of the current railway station into an intermodal station, fast becoming the central node of public transport in the city and its area of ??influence, by offering the user the possibility of combining different modes of public transport (rail and bus) quickly and efficiently at a location very close to the city Centre.<\/em><\/p>\n<p><em>Together with this transformation, the opportunity arose to overcome the road barrier that separated the city from the new neighborhoods that have grown to the south and from the Bra\u00f1as del Sar Park, the city&#8217;s new green lung.<\/em><\/p>\n<p><em>To achieve these objectives, the project for the intermodal station contemplated the execution of a transverse walkway that, taking advantage of the difference in level between R\u00faa Horreo and Avenida Clara Campoamor, would pass over the train tracks. The new railway terminal and the new bus terminal will be accessed from this footbridge, allowing the existing differences in elevation to be resolved while guaranteeing quick access to the different means of public transport and from both terminals to the city.<\/em><\/p>\n<p><em><strong>Building on the edge of the city-relationship with the immediate and distant surroundings<\/strong><\/em><br><em>If the new intermodal transverse walkway has made it possible to overcome the barrier posed by the train tracks, the new bus terminal has contributed to reconfiguring the urban fringe that borders the lowlands of the Sar River. This condition of limit is linked to the possibility of transforming the building into a viewpoint over its immediate surroundings, Las Bra\u00f1as and la Colegiata del Sar, and in the distance, the City of Culture.<\/em><\/p>\n<p><em>From this starting point, all that remains is to organize the elements that we have at our disposal. The structure is concentrated in the central area of ??the building to avoid interference with the bus loading bays, facilitating the movement of vehicles and people. On both sides there are two large overhangs that cover the loading bays from inclement weather.<\/em><\/p>\n<p><em>This same geometry is reproduced in the covering of the upper floor, but this time the upper plane is inclined to help adapt its scale to the different characteristics of its surroundings, with a greater height towards the track yard and platforms, a volume more controlled towards the edge of the city and the park, protecting the waiting and standing spaces. This change of scale also makes it possible to differentiate the uses that are arranged on both sides of the entrance hall. To the south, a large terrace to which the cafeteria opens, which is enjoyed by both users and residents of Santiago. To the north, the services grouped into low bodies that protrude from the perimeter glass enclosure.<\/em><\/p>\n<p><em><strong>Internal organization of the bus terminal<\/strong><\/em><br><em>Compared to the traditional models of isolated bus stations in which passengers and buses accessed at the same level and the circulation of one and the other happened in parallel, in intermodal stations these circulations overlap to facilitate the flows of future users between terminals and between these and the city. This way of organizing the stations internally facilitates access and baggage control.<\/em><\/p>\n<p><em>The bus terminal is organized on two superimposed floors, on the lower one there is the area of ??the loading bays and the vehicle circulation and maneuvering lanes, on the upper one there is the building that houses the necessary services to attend to passengers.<\/em><\/p>\n<p><em>The loading bays are arranged around a central platform that optimizes the routes of passengers who access from the upper floor through stairs and elevators located in the central area. On one side of this central platform are the 19 intercity transport loading bays organized in a herringbone pattern. On the other side, the 6 metropolitan transport lines, in a sawtooth shape to speed up the entry and exit of buses to and from the loading bays, an optimal solution for services with high frequencies and low stay times.<\/em><\/p>\n<p><em>In addition, the terminal has 11 regulation loading bays for companies to manage periods while the vehicles are in service, and in a subsequent phase, there will be parking bays for a further 11 buses and where a service area can be implemented.<\/em><\/p>\n<p><em>The circulation of the buses is organized in a clockwise direction as the doors for passengers are on the right side. To avoid the crossing of entry and exit movements, both lanes that connect independently with Clara Campoamor Avenue are separated.<\/em><\/p>\n<p><em>On the other hand, the loading bays have been sized to guarantee accessibility for people with reduced mobility, taking into account the needs of the different platforms integrated in the buses that currently exist on the market.<\/em><\/p>\n<p><em>On the upper floor, the necessary services for travelers are concentrated. The accesses and circulations from the footbridge and towards the loading bays are clear to facilitate the orientation of the travelers. Therefore, everything is visible. Both floors communicate through 2 vertical communications cores, equipped with mechanical means (elevators, escalators). Its position makes it possible to manage the different types of travelers, allocating each nucleus to a flow of passengers and allowing the orderly transit of people.<\/em><\/p>\n<p><em><strong>Sustainability &#8211; Passive Systems<\/strong><\/em><\/p>\n<p><em><strong>Control of natural light<\/strong> <\/em><br><em>The large roof plane is perforated by longitudinal skylights that guarantee that natural light reaches all interior spaces. In addition, there is also natural light on the uses arranged on the north fa\u00e7ade to serve station users, with a continuous window that breaks up the roof plane, allows visual leaks and facilitates the introduction of diffuse light that complements the light from the skylights. and the south fa\u00e7ade that is protected from the direct solar radiation by means of a large overhang.<\/em><\/p>\n<p><em>These simple mechanisms:<\/em><\/p>\n<p><em>&#8211; Minimize annoying glare and reflections.<\/em><br><em>Avoid excessive light contrasts, since the light comes from several directions and not just one.<\/em><br><em>&#8211; Achieve a high luminosity that is also uniform and suitable for the intended use of passenger circulation and waiting areas.<\/em><br><em>&#8211; Maintain visual contact with the outside world at all times, in a controlled manner.<\/em><br><em>&#8211; Reduce electricity consumption for artificial lighting when outdoor conditions are favorable.<\/em><br><em>The extension of the roof avoids direct solar radiation inside the terminal, avoiding the need to resort to the use of the planned air conditioning systems on many days a year.<\/em><br><em>&#8211; For heat production, a biomass boiler is used to guarantee that the parameters for the use of renewable energies established by the regulations are met.<\/em><\/p>\n<p><em><strong>Rain protection<\/strong><\/em><br><em>Likewise, the incidence of rain on the ground floor has been analyzed. The central waiting and access area for buses and the loading bays are covered. The most exposed area, open to southwesterly winds, are the metropolitan bus loading bays, arranged in a sawtooth pattern, with the longitudinal layout of the buses helping to protect the users from the rain. The structural overhang is extended by a light structure of metal profiles and an ETFE coating to improve protection against rain for users. As can be seen in the accompanying render, the final dimension of these overhangs guarantees that in the areas of the loading bays where passengers are present, are protected from rain as much as possible.<\/em><\/p>\n<div style=\"font-size: 0px; height: 0px; line-height: 0px; margin: 0; padding: 0; clear: both;\"><\/div><div style=\"margin-top: 0px; margin-bottom: 0px;\" class=\"sharethis-inline-share-buttons\" ><\/div>","protected":false},"excerpt":{"rendered":"<p>La nueva terminal de autobuses ha contribuido a reconfigurar el borde urbano&#8230;<\/p>\n","protected":false},"author":1,"featured_media":74475,"comment_status":"closed","ping_status":"closed","sticky":false,"template":"","format":"standard","meta":{"_uag_custom_page_level_css":"","footnotes":""},"categories":[3767,1],"tags":[3920,104,7636,5915,5916,7073,1467,553,7637],"class_list":["post-74474","post","type-post","status-publish","format-standard","has-post-thumbnail","hentry","category-arquitectura-institucional","category-proyecto","tag-a-coruna","tag-espana","tag-estacion-de-autobuses","tag-estacion-de-transferencia","tag-estacion-de-transferencia-multimodal","tag-estacion-intermodal","tag-idom","tag-infraestructura","tag-santiago-de-compostela","generate-columns","tablet-grid-50","mobile-grid-100","grid-parent","grid-50"],"yoast_head":"<!-- This site is optimized with the Yoast SEO plugin v27.3 - https:\/\/yoast.com\/product\/yoast-seo-wordpress\/ -->\n<title>Estaci\u00f3n de autobuses de Santiago de Compostela \/ IDOM - Arquimaster<\/title>\n<meta name=\"description\" content=\"La nueva terminal de autobuses ha contribuido a reconfigurar el borde urbano, condici\u00f3n de l\u00edmite que transforma el edificio en un mirador sobre su entorno.\" \/>\n<meta name=\"robots\" content=\"index, follow, max-snippet:-1, max-image-preview:large, max-video-preview:-1\" \/>\n<link rel=\"canonical\" href=\"https:\/\/www.arquimaster.com.ar\/web\/estacion-de-autobuses-de-santiago-de-compostela-idom\/\" \/>\n<meta property=\"og:locale\" content=\"es_ES\" \/>\n<meta property=\"og:type\" content=\"article\" \/>\n<meta property=\"og:title\" content=\"Estaci\u00f3n de autobuses de Santiago de Compostela \/ IDOM\" \/>\n<meta property=\"og:description\" content=\"La nueva terminal de autobuses ha contribuido a reconfigurar el borde urbano, condici\u00f3n de l\u00edmite que transforma el edificio en un mirador sobre su entorno.\" \/>\n<meta property=\"og:url\" content=\"https:\/\/www.arquimaster.com.ar\/web\/estacion-de-autobuses-de-santiago-de-compostela-idom\/\" \/>\n<meta property=\"og:site_name\" content=\"Arquimaster\" \/>\n<meta property=\"article:publisher\" content=\"http:\/\/www.facebook.com\/ARQUIMASTER.com.ar\" \/>\n<meta property=\"article:published_time\" content=\"2023-02-16T22:59:06+00:00\" \/>\n<meta property=\"article:modified_time\" content=\"2023-05-05T20:03:37+00:00\" \/>\n<meta property=\"og:image\" content=\"https:\/\/www.arquimaster.com.ar\/web\/wp-content\/uploads\/2023\/02\/estacion_autobuses_santiago_compostela_slide.jpg\" \/>\n\t<meta property=\"og:image:width\" content=\"698\" \/>\n\t<meta property=\"og:image:height\" content=\"364\" \/>\n\t<meta property=\"og:image:type\" content=\"image\/jpeg\" \/>\n<meta name=\"author\" content=\"Arquimaster\" \/>\n<meta name=\"twitter:card\" content=\"summary_large_image\" \/>\n<meta name=\"twitter:title\" content=\"Estaci\u00f3n de autobuses de Santiago de Compostela \/ IDOM\" \/>\n<meta name=\"twitter:description\" content=\"La nueva terminal de autobuses ha contribuido a reconfigurar el borde urbano, condici\u00f3n de l\u00edmite que transforma el edificio en un mirador sobre su entorno.\" \/>\n<meta name=\"twitter:image\" content=\"https:\/\/www.arquimaster.com.ar\/web\/wp-content\/uploads\/2023\/02\/estacion_autobuses_santiago_compostela_slide.jpg\" \/>\n<meta name=\"twitter:creator\" content=\"@arquimaster\" \/>\n<meta name=\"twitter:site\" content=\"@arquimaster\" \/>\n<meta name=\"twitter:label1\" content=\"Escrito por\" \/>\n\t<meta name=\"twitter:data1\" content=\"Arquimaster\" \/>\n\t<meta name=\"twitter:label2\" content=\"Tiempo de lectura\" \/>\n\t<meta name=\"twitter:data2\" content=\"14 minutos\" \/>\n<script type=\"application\/ld+json\" class=\"yoast-schema-graph\">{\"@context\":\"https:\\\/\\\/schema.org\",\"@graph\":[{\"@type\":\"Article\",\"@id\":\"https:\\\/\\\/www.arquimaster.com.ar\\\/web\\\/estacion-de-autobuses-de-santiago-de-compostela-idom\\\/#article\",\"isPartOf\":{\"@id\":\"https:\\\/\\\/www.arquimaster.com.ar\\\/web\\\/estacion-de-autobuses-de-santiago-de-compostela-idom\\\/\"},\"author\":{\"name\":\"Arquimaster\",\"@id\":\"https:\\\/\\\/www.arquimaster.com.ar\\\/web\\\/#\\\/schema\\\/person\\\/359e9f7c00193fcde068e0dd2ceb0028\"},\"headline\":\"Estaci\u00f3n de autobuses de Santiago de Compostela \\\/ IDOM\",\"datePublished\":\"2023-02-16T22:59:06+00:00\",\"dateModified\":\"2023-05-05T20:03:37+00:00\",\"mainEntityOfPage\":{\"@id\":\"https:\\\/\\\/www.arquimaster.com.ar\\\/web\\\/estacion-de-autobuses-de-santiago-de-compostela-idom\\\/\"},\"wordCount\":2986,\"publisher\":{\"@id\":\"https:\\\/\\\/www.arquimaster.com.ar\\\/web\\\/#organization\"},\"image\":{\"@id\":\"https:\\\/\\\/www.arquimaster.com.ar\\\/web\\\/estacion-de-autobuses-de-santiago-de-compostela-idom\\\/#primaryimage\"},\"thumbnailUrl\":\"https:\\\/\\\/www.arquimaster.com.ar\\\/web\\\/wp-content\\\/uploads\\\/2023\\\/02\\\/estacion_autobuses_santiago_compostela_slide.jpg\",\"keywords\":[\"A Coru\u00f1a\",\"Espa\u00f1a\",\"estaci\u00f3n de autobuses\",\"estacion de transferencia\",\"estacion de transferencia multimodal\",\"estacion intermodal\",\"IDOM\",\"infraestructura\",\"Santiago de Compostela\"],\"articleSection\":[\"Arquitectura institucional\",\"Proyecto\"],\"inLanguage\":\"es\"},{\"@type\":\"WebPage\",\"@id\":\"https:\\\/\\\/www.arquimaster.com.ar\\\/web\\\/estacion-de-autobuses-de-santiago-de-compostela-idom\\\/\",\"url\":\"https:\\\/\\\/www.arquimaster.com.ar\\\/web\\\/estacion-de-autobuses-de-santiago-de-compostela-idom\\\/\",\"name\":\"Estaci\u00f3n de autobuses de Santiago de Compostela \\\/ IDOM - Arquimaster\",\"isPartOf\":{\"@id\":\"https:\\\/\\\/www.arquimaster.com.ar\\\/web\\\/#website\"},\"primaryImageOfPage\":{\"@id\":\"https:\\\/\\\/www.arquimaster.com.ar\\\/web\\\/estacion-de-autobuses-de-santiago-de-compostela-idom\\\/#primaryimage\"},\"image\":{\"@id\":\"https:\\\/\\\/www.arquimaster.com.ar\\\/web\\\/estacion-de-autobuses-de-santiago-de-compostela-idom\\\/#primaryimage\"},\"thumbnailUrl\":\"https:\\\/\\\/www.arquimaster.com.ar\\\/web\\\/wp-content\\\/uploads\\\/2023\\\/02\\\/estacion_autobuses_santiago_compostela_slide.jpg\",\"datePublished\":\"2023-02-16T22:59:06+00:00\",\"dateModified\":\"2023-05-05T20:03:37+00:00\",\"description\":\"La nueva terminal de autobuses ha contribuido a reconfigurar el borde urbano, condici\u00f3n de l\u00edmite que transforma el edificio en un mirador sobre su entorno.\",\"breadcrumb\":{\"@id\":\"https:\\\/\\\/www.arquimaster.com.ar\\\/web\\\/estacion-de-autobuses-de-santiago-de-compostela-idom\\\/#breadcrumb\"},\"inLanguage\":\"es\",\"potentialAction\":[{\"@type\":\"ReadAction\",\"target\":[\"https:\\\/\\\/www.arquimaster.com.ar\\\/web\\\/estacion-de-autobuses-de-santiago-de-compostela-idom\\\/\"]}]},{\"@type\":\"ImageObject\",\"inLanguage\":\"es\",\"@id\":\"https:\\\/\\\/www.arquimaster.com.ar\\\/web\\\/estacion-de-autobuses-de-santiago-de-compostela-idom\\\/#primaryimage\",\"url\":\"https:\\\/\\\/www.arquimaster.com.ar\\\/web\\\/wp-content\\\/uploads\\\/2023\\\/02\\\/estacion_autobuses_santiago_compostela_slide.jpg\",\"contentUrl\":\"https:\\\/\\\/www.arquimaster.com.ar\\\/web\\\/wp-content\\\/uploads\\\/2023\\\/02\\\/estacion_autobuses_santiago_compostela_slide.jpg\",\"width\":698,\"height\":364,\"caption\":\"Estaci\u00f3n de autobuses de Santiago de Compostela \\\/ IDOM\"},{\"@type\":\"BreadcrumbList\",\"@id\":\"https:\\\/\\\/www.arquimaster.com.ar\\\/web\\\/estacion-de-autobuses-de-santiago-de-compostela-idom\\\/#breadcrumb\",\"itemListElement\":[{\"@type\":\"ListItem\",\"position\":1,\"name\":\"Portada\",\"item\":\"https:\\\/\\\/www.arquimaster.com.ar\\\/web\\\/\"},{\"@type\":\"ListItem\",\"position\":2,\"name\":\"Estaci\u00f3n de autobuses de Santiago de Compostela \\\/ IDOM\"}]},{\"@type\":\"WebSite\",\"@id\":\"https:\\\/\\\/www.arquimaster.com.ar\\\/web\\\/#website\",\"url\":\"https:\\\/\\\/www.arquimaster.com.ar\\\/web\\\/\",\"name\":\"Arquimaster\",\"description\":\"Web de arquitectura, dise\u00f1o y construccion\",\"publisher\":{\"@id\":\"https:\\\/\\\/www.arquimaster.com.ar\\\/web\\\/#organization\"},\"potentialAction\":[{\"@type\":\"SearchAction\",\"target\":{\"@type\":\"EntryPoint\",\"urlTemplate\":\"https:\\\/\\\/www.arquimaster.com.ar\\\/web\\\/?s={search_term_string}\"},\"query-input\":{\"@type\":\"PropertyValueSpecification\",\"valueRequired\":true,\"valueName\":\"search_term_string\"}}],\"inLanguage\":\"es\"},{\"@type\":\"Organization\",\"@id\":\"https:\\\/\\\/www.arquimaster.com.ar\\\/web\\\/#organization\",\"name\":\"Arquimaster\",\"url\":\"https:\\\/\\\/www.arquimaster.com.ar\\\/web\\\/\",\"logo\":{\"@type\":\"ImageObject\",\"inLanguage\":\"es\",\"@id\":\"https:\\\/\\\/www.arquimaster.com.ar\\\/web\\\/#\\\/schema\\\/logo\\\/image\\\/\",\"url\":\"https:\\\/\\\/www.arquimaster.com.ar\\\/web\\\/wp-content\\\/uploads\\\/2022\\\/06\\\/arquimaster.png\",\"contentUrl\":\"https:\\\/\\\/www.arquimaster.com.ar\\\/web\\\/wp-content\\\/uploads\\\/2022\\\/06\\\/arquimaster.png\",\"width\":594,\"height\":78,\"caption\":\"Arquimaster\"},\"image\":{\"@id\":\"https:\\\/\\\/www.arquimaster.com.ar\\\/web\\\/#\\\/schema\\\/logo\\\/image\\\/\"},\"sameAs\":[\"http:\\\/\\\/www.facebook.com\\\/ARQUIMASTER.com.ar\",\"https:\\\/\\\/x.com\\\/arquimaster\",\"https:\\\/\\\/www.instagram.com\\\/arquimasterblog\\\/\",\"https:\\\/\\\/www.linkedin.com\\\/company\\\/arquimaster\",\"https:\\\/\\\/www.pinterest.com\\\/arquimaster\",\"https:\\\/\\\/t.me\\\/arquimaster\"]},{\"@type\":\"Person\",\"@id\":\"https:\\\/\\\/www.arquimaster.com.ar\\\/web\\\/#\\\/schema\\\/person\\\/359e9f7c00193fcde068e0dd2ceb0028\",\"name\":\"Arquimaster\"}]}<\/script>\n<!-- \/ Yoast SEO plugin. -->","yoast_head_json":{"title":"Estaci\u00f3n de autobuses de Santiago de Compostela \/ IDOM - Arquimaster","description":"La nueva terminal de autobuses ha contribuido a reconfigurar el borde urbano, condici\u00f3n de l\u00edmite que transforma el edificio en un mirador sobre su entorno.","robots":{"index":"index","follow":"follow","max-snippet":"max-snippet:-1","max-image-preview":"max-image-preview:large","max-video-preview":"max-video-preview:-1"},"canonical":"https:\/\/www.arquimaster.com.ar\/web\/estacion-de-autobuses-de-santiago-de-compostela-idom\/","og_locale":"es_ES","og_type":"article","og_title":"Estaci\u00f3n de autobuses de Santiago de Compostela \/ IDOM","og_description":"La nueva terminal de autobuses ha contribuido a reconfigurar el borde urbano, condici\u00f3n de l\u00edmite que transforma el edificio en un mirador sobre su entorno.","og_url":"https:\/\/www.arquimaster.com.ar\/web\/estacion-de-autobuses-de-santiago-de-compostela-idom\/","og_site_name":"Arquimaster","article_publisher":"http:\/\/www.facebook.com\/ARQUIMASTER.com.ar","article_published_time":"2023-02-16T22:59:06+00:00","article_modified_time":"2023-05-05T20:03:37+00:00","og_image":[{"width":698,"height":364,"url":"https:\/\/www.arquimaster.com.ar\/web\/wp-content\/uploads\/2023\/02\/estacion_autobuses_santiago_compostela_slide.jpg","type":"image\/jpeg"}],"author":"Arquimaster","twitter_card":"summary_large_image","twitter_title":"Estaci\u00f3n de autobuses de Santiago de Compostela \/ IDOM","twitter_description":"La nueva terminal de autobuses ha contribuido a reconfigurar el borde urbano, condici\u00f3n de l\u00edmite que transforma el edificio en un mirador sobre su entorno.","twitter_image":"https:\/\/www.arquimaster.com.ar\/web\/wp-content\/uploads\/2023\/02\/estacion_autobuses_santiago_compostela_slide.jpg","twitter_creator":"@arquimaster","twitter_site":"@arquimaster","twitter_misc":{"Escrito por":"Arquimaster","Tiempo de lectura":"14 minutos"},"schema":{"@context":"https:\/\/schema.org","@graph":[{"@type":"Article","@id":"https:\/\/www.arquimaster.com.ar\/web\/estacion-de-autobuses-de-santiago-de-compostela-idom\/#article","isPartOf":{"@id":"https:\/\/www.arquimaster.com.ar\/web\/estacion-de-autobuses-de-santiago-de-compostela-idom\/"},"author":{"name":"Arquimaster","@id":"https:\/\/www.arquimaster.com.ar\/web\/#\/schema\/person\/359e9f7c00193fcde068e0dd2ceb0028"},"headline":"Estaci\u00f3n de autobuses de Santiago de Compostela \/ IDOM","datePublished":"2023-02-16T22:59:06+00:00","dateModified":"2023-05-05T20:03:37+00:00","mainEntityOfPage":{"@id":"https:\/\/www.arquimaster.com.ar\/web\/estacion-de-autobuses-de-santiago-de-compostela-idom\/"},"wordCount":2986,"publisher":{"@id":"https:\/\/www.arquimaster.com.ar\/web\/#organization"},"image":{"@id":"https:\/\/www.arquimaster.com.ar\/web\/estacion-de-autobuses-de-santiago-de-compostela-idom\/#primaryimage"},"thumbnailUrl":"https:\/\/www.arquimaster.com.ar\/web\/wp-content\/uploads\/2023\/02\/estacion_autobuses_santiago_compostela_slide.jpg","keywords":["A Coru\u00f1a","Espa\u00f1a","estaci\u00f3n de autobuses","estacion de transferencia","estacion de transferencia multimodal","estacion intermodal","IDOM","infraestructura","Santiago de Compostela"],"articleSection":["Arquitectura institucional","Proyecto"],"inLanguage":"es"},{"@type":"WebPage","@id":"https:\/\/www.arquimaster.com.ar\/web\/estacion-de-autobuses-de-santiago-de-compostela-idom\/","url":"https:\/\/www.arquimaster.com.ar\/web\/estacion-de-autobuses-de-santiago-de-compostela-idom\/","name":"Estaci\u00f3n de autobuses de Santiago de Compostela \/ IDOM - Arquimaster","isPartOf":{"@id":"https:\/\/www.arquimaster.com.ar\/web\/#website"},"primaryImageOfPage":{"@id":"https:\/\/www.arquimaster.com.ar\/web\/estacion-de-autobuses-de-santiago-de-compostela-idom\/#primaryimage"},"image":{"@id":"https:\/\/www.arquimaster.com.ar\/web\/estacion-de-autobuses-de-santiago-de-compostela-idom\/#primaryimage"},"thumbnailUrl":"https:\/\/www.arquimaster.com.ar\/web\/wp-content\/uploads\/2023\/02\/estacion_autobuses_santiago_compostela_slide.jpg","datePublished":"2023-02-16T22:59:06+00:00","dateModified":"2023-05-05T20:03:37+00:00","description":"La nueva terminal de autobuses ha contribuido a reconfigurar el borde urbano, condici\u00f3n de l\u00edmite que transforma el edificio en un mirador sobre su entorno.","breadcrumb":{"@id":"https:\/\/www.arquimaster.com.ar\/web\/estacion-de-autobuses-de-santiago-de-compostela-idom\/#breadcrumb"},"inLanguage":"es","potentialAction":[{"@type":"ReadAction","target":["https:\/\/www.arquimaster.com.ar\/web\/estacion-de-autobuses-de-santiago-de-compostela-idom\/"]}]},{"@type":"ImageObject","inLanguage":"es","@id":"https:\/\/www.arquimaster.com.ar\/web\/estacion-de-autobuses-de-santiago-de-compostela-idom\/#primaryimage","url":"https:\/\/www.arquimaster.com.ar\/web\/wp-content\/uploads\/2023\/02\/estacion_autobuses_santiago_compostela_slide.jpg","contentUrl":"https:\/\/www.arquimaster.com.ar\/web\/wp-content\/uploads\/2023\/02\/estacion_autobuses_santiago_compostela_slide.jpg","width":698,"height":364,"caption":"Estaci\u00f3n de autobuses de Santiago de Compostela \/ IDOM"},{"@type":"BreadcrumbList","@id":"https:\/\/www.arquimaster.com.ar\/web\/estacion-de-autobuses-de-santiago-de-compostela-idom\/#breadcrumb","itemListElement":[{"@type":"ListItem","position":1,"name":"Portada","item":"https:\/\/www.arquimaster.com.ar\/web\/"},{"@type":"ListItem","position":2,"name":"Estaci\u00f3n de autobuses de Santiago de Compostela \/ IDOM"}]},{"@type":"WebSite","@id":"https:\/\/www.arquimaster.com.ar\/web\/#website","url":"https:\/\/www.arquimaster.com.ar\/web\/","name":"Arquimaster","description":"Web de arquitectura, dise\u00f1o y construccion","publisher":{"@id":"https:\/\/www.arquimaster.com.ar\/web\/#organization"},"potentialAction":[{"@type":"SearchAction","target":{"@type":"EntryPoint","urlTemplate":"https:\/\/www.arquimaster.com.ar\/web\/?s={search_term_string}"},"query-input":{"@type":"PropertyValueSpecification","valueRequired":true,"valueName":"search_term_string"}}],"inLanguage":"es"},{"@type":"Organization","@id":"https:\/\/www.arquimaster.com.ar\/web\/#organization","name":"Arquimaster","url":"https:\/\/www.arquimaster.com.ar\/web\/","logo":{"@type":"ImageObject","inLanguage":"es","@id":"https:\/\/www.arquimaster.com.ar\/web\/#\/schema\/logo\/image\/","url":"https:\/\/www.arquimaster.com.ar\/web\/wp-content\/uploads\/2022\/06\/arquimaster.png","contentUrl":"https:\/\/www.arquimaster.com.ar\/web\/wp-content\/uploads\/2022\/06\/arquimaster.png","width":594,"height":78,"caption":"Arquimaster"},"image":{"@id":"https:\/\/www.arquimaster.com.ar\/web\/#\/schema\/logo\/image\/"},"sameAs":["http:\/\/www.facebook.com\/ARQUIMASTER.com.ar","https:\/\/x.com\/arquimaster","https:\/\/www.instagram.com\/arquimasterblog\/","https:\/\/www.linkedin.com\/company\/arquimaster","https:\/\/www.pinterest.com\/arquimaster","https:\/\/t.me\/arquimaster"]},{"@type":"Person","@id":"https:\/\/www.arquimaster.com.ar\/web\/#\/schema\/person\/359e9f7c00193fcde068e0dd2ceb0028","name":"Arquimaster"}]}},"uagb_featured_image_src":{"full":["https:\/\/www.arquimaster.com.ar\/web\/wp-content\/uploads\/2023\/02\/estacion_autobuses_santiago_compostela_slide.jpg",698,364,false],"thumbnail":["https:\/\/www.arquimaster.com.ar\/web\/wp-content\/uploads\/2023\/02\/estacion_autobuses_santiago_compostela_slide-150x150.jpg",150,150,true],"medium":["https:\/\/www.arquimaster.com.ar\/web\/wp-content\/uploads\/2023\/02\/estacion_autobuses_santiago_compostela_slide.jpg",698,364,false],"medium_large":["https:\/\/www.arquimaster.com.ar\/web\/wp-content\/uploads\/2023\/02\/estacion_autobuses_santiago_compostela_slide.jpg",698,364,false],"large":["https:\/\/www.arquimaster.com.ar\/web\/wp-content\/uploads\/2023\/02\/estacion_autobuses_santiago_compostela_slide.jpg",698,364,false],"1536x1536":["https:\/\/www.arquimaster.com.ar\/web\/wp-content\/uploads\/2023\/02\/estacion_autobuses_santiago_compostela_slide.jpg",698,364,false],"2048x2048":["https:\/\/www.arquimaster.com.ar\/web\/wp-content\/uploads\/2023\/02\/estacion_autobuses_santiago_compostela_slide.jpg",698,364,false]},"uagb_author_info":{"display_name":"Arquimaster","author_link":"https:\/\/www.arquimaster.com.ar\/web\/author\/arquimaster\/"},"uagb_comment_info":0,"uagb_excerpt":"La nueva terminal de autobuses ha contribuido a reconfigurar el borde urbano...","_links":{"self":[{"href":"https:\/\/www.arquimaster.com.ar\/web\/wp-json\/wp\/v2\/posts\/74474","targetHints":{"allow":["GET"]}}],"collection":[{"href":"https:\/\/www.arquimaster.com.ar\/web\/wp-json\/wp\/v2\/posts"}],"about":[{"href":"https:\/\/www.arquimaster.com.ar\/web\/wp-json\/wp\/v2\/types\/post"}],"author":[{"embeddable":true,"href":"https:\/\/www.arquimaster.com.ar\/web\/wp-json\/wp\/v2\/users\/1"}],"replies":[{"embeddable":true,"href":"https:\/\/www.arquimaster.com.ar\/web\/wp-json\/wp\/v2\/comments?post=74474"}],"version-history":[{"count":2,"href":"https:\/\/www.arquimaster.com.ar\/web\/wp-json\/wp\/v2\/posts\/74474\/revisions"}],"predecessor-version":[{"id":75893,"href":"https:\/\/www.arquimaster.com.ar\/web\/wp-json\/wp\/v2\/posts\/74474\/revisions\/75893"}],"wp:featuredmedia":[{"embeddable":true,"href":"https:\/\/www.arquimaster.com.ar\/web\/wp-json\/wp\/v2\/media\/74475"}],"wp:attachment":[{"href":"https:\/\/www.arquimaster.com.ar\/web\/wp-json\/wp\/v2\/media?parent=74474"}],"wp:term":[{"taxonomy":"category","embeddable":true,"href":"https:\/\/www.arquimaster.com.ar\/web\/wp-json\/wp\/v2\/categories?post=74474"},{"taxonomy":"post_tag","embeddable":true,"href":"https:\/\/www.arquimaster.com.ar\/web\/wp-json\/wp\/v2\/tags?post=74474"}],"curies":[{"name":"wp","href":"https:\/\/api.w.org\/{rel}","templated":true}]}}