{"id":75136,"date":"2023-03-09T16:14:16","date_gmt":"2023-03-09T19:14:16","guid":{"rendered":"https:\/\/www.arquimaster.com.ar\/web\/?p=75136"},"modified":"2023-05-22T19:27:25","modified_gmt":"2023-05-22T22:27:25","slug":"residencia-og-ordaz-coppel-arquitectos","status":"publish","type":"post","link":"https:\/\/www.arquimaster.com.ar\/web\/residencia-og-ordaz-coppel-arquitectos\/","title":{"rendered":"Residencia OG \/ Ordaz Coppel Arquitectos"},"content":{"rendered":"<div style=\"margin-top: 0px; margin-bottom: 0px;\" class=\"sharethis-inline-share-buttons\" ><\/div><div class=\"b812932af2e751442846f039925109de\" data-index=\"1\" style=\"float: none; margin:25px 0 25px 0; text-align:center;\">\n<script async src=\"https:\/\/pagead2.googlesyndication.com\/pagead\/js\/adsbygoogle.js\"><\/script>\r\n<!-- Arquimaster (superior) -->\r\n<ins class=\"adsbygoogle\"\r\n     style=\"display:block\"\r\n     data-ad-client=\"ca-pub-6351072698456832\"\r\n     data-ad-slot=\"6455489680\"\r\n     data-ad-format=\"auto\"\r\n     data-full-width-responsive=\"true\"><\/ins>\r\n<script>\r\n     (adsbygoogle = window.adsbygoogle || []).push({});\r\n<\/script>\n<\/div>\n<p><strong>Residencia OG<\/strong> (Mazatl\u00e1n, Sinaloa, M\u00e9xico) por <strong>Ordaz Coppel Arquitectos<\/strong>. Un proyecto acogedor de dise\u00f1o atemporal y ecl\u00e9ctico, cuya paleta de colores neutra busca brindar protagonismo a detalles artesanales y obras de arte, colocadas para dotar de calidez al espacio. Ubicada en la ciudad de Mazatl\u00e1n, Sinaloa, este proyecto de rehabilitaci\u00f3n, realizado por el despacho mexicano Ordaz Coppel Arquitectos consta de 632.00 m2 y data de los a\u00f1os 80s, por lo cual se busc\u00f3 destacar su labor arquitect\u00f3nica y de interiorismo con un dise\u00f1o dotado de amenidades premium que se adaptan al estilo de vida de sus habitantes.<\/p>\n<div id='gallery-1' class='gallery galleryid-75136 gallery-columns-3 gallery-size-thumbnail'><figure class='gallery-item'>\n\t\t\t<div class='gallery-icon landscape'>\n\t\t\t\t<a href='https:\/\/www.arquimaster.com.ar\/web\/wp-content\/uploads\/2023\/03\/residencia_og1.jpg' title=\"Residencia OG \/ Ordaz Coppel Arquitectos (\u00a9 Jorge Fregoso)\" data-rl_title=\"Residencia OG \/ Ordaz Coppel Arquitectos (\u00a9 Jorge Fregoso)\" class=\"rl-gallery-link\" data-rl_caption=\"Residencia OG \/ Ordaz Coppel Arquitectos (\u00a9 Jorge Fregoso)\" data-rel=\"lightbox-gallery-1\"><img loading=\"lazy\" decoding=\"async\" width=\"150\" height=\"150\" src=\"https:\/\/www.arquimaster.com.ar\/web\/wp-content\/uploads\/2023\/03\/residencia_og1-150x150.jpg\" class=\"attachment-thumbnail size-thumbnail\" alt=\"Residencia OG \/ Ordaz Coppel Arquitectos\" aria-describedby=\"gallery-1-75138\" \/><\/a>\n\t\t\t<\/div>\n\t\t\t\t<figcaption class='wp-caption-text gallery-caption' id='gallery-1-75138'>\n\t\t\t\tResidencia OG \/ Ordaz Coppel Arquitectos (\u00a9 Jorge Fregoso)\n\t\t\t\t<\/figcaption><\/figure><figure class='gallery-item'>\n\t\t\t<div class='gallery-icon landscape'>\n\t\t\t\t<a href='https:\/\/www.arquimaster.com.ar\/web\/wp-content\/uploads\/2023\/03\/residencia_og2.jpg' title=\"Residencia OG \/ Ordaz Coppel Arquitectos (\u00a9 Jorge Fregoso)\" data-rl_title=\"Residencia OG \/ Ordaz Coppel Arquitectos (\u00a9 Jorge Fregoso)\" class=\"rl-gallery-link\" data-rl_caption=\"Residencia OG \/ Ordaz Coppel Arquitectos (\u00a9 Jorge Fregoso)\" data-rel=\"lightbox-gallery-1\"><img loading=\"lazy\" decoding=\"async\" width=\"150\" height=\"150\" src=\"https:\/\/www.arquimaster.com.ar\/web\/wp-content\/uploads\/2023\/03\/residencia_og2-150x150.jpg\" class=\"attachment-thumbnail size-thumbnail\" alt=\"Residencia OG \/ Ordaz Coppel Arquitectos\" aria-describedby=\"gallery-1-75139\" \/><\/a>\n\t\t\t<\/div>\n\t\t\t\t<figcaption class='wp-caption-text gallery-caption' id='gallery-1-75139'>\n\t\t\t\tResidencia OG \/ Ordaz Coppel Arquitectos (\u00a9 Jorge Fregoso)\n\t\t\t\t<\/figcaption><\/figure><figure class='gallery-item'>\n\t\t\t<div class='gallery-icon portrait'>\n\t\t\t\t<a href='https:\/\/www.arquimaster.com.ar\/web\/wp-content\/uploads\/2023\/03\/residencia_og3.jpg' title=\"Residencia OG \/ Ordaz Coppel Arquitectos (\u00a9 Jorge Fregoso)\" data-rl_title=\"Residencia OG \/ Ordaz Coppel Arquitectos (\u00a9 Jorge Fregoso)\" class=\"rl-gallery-link\" data-rl_caption=\"Residencia OG \/ Ordaz Coppel Arquitectos (\u00a9 Jorge Fregoso)\" data-rel=\"lightbox-gallery-1\"><img loading=\"lazy\" decoding=\"async\" width=\"150\" height=\"150\" src=\"https:\/\/www.arquimaster.com.ar\/web\/wp-content\/uploads\/2023\/03\/residencia_og3-150x150.jpg\" class=\"attachment-thumbnail size-thumbnail\" alt=\"Residencia OG \/ Ordaz Coppel Arquitectos\" aria-describedby=\"gallery-1-75140\" \/><\/a>\n\t\t\t<\/div>\n\t\t\t\t<figcaption class='wp-caption-text gallery-caption' id='gallery-1-75140'>\n\t\t\t\tResidencia OG \/ Ordaz Coppel Arquitectos (\u00a9 Jorge Fregoso)\n\t\t\t\t<\/figcaption><\/figure><figure class='gallery-item'>\n\t\t\t<div class='gallery-icon landscape'>\n\t\t\t\t<a href='https:\/\/www.arquimaster.com.ar\/web\/wp-content\/uploads\/2023\/03\/residencia_og4.jpg' title=\"Residencia OG \/ Ordaz Coppel Arquitectos (\u00a9 Jorge Fregoso)\" data-rl_title=\"Residencia OG \/ Ordaz Coppel Arquitectos (\u00a9 Jorge Fregoso)\" class=\"rl-gallery-link\" data-rl_caption=\"Residencia OG \/ Ordaz Coppel Arquitectos (\u00a9 Jorge Fregoso)\" data-rel=\"lightbox-gallery-1\"><img loading=\"lazy\" decoding=\"async\" width=\"150\" height=\"150\" src=\"https:\/\/www.arquimaster.com.ar\/web\/wp-content\/uploads\/2023\/03\/residencia_og4-150x150.jpg\" class=\"attachment-thumbnail size-thumbnail\" alt=\"Residencia OG \/ Ordaz Coppel Arquitectos\" aria-describedby=\"gallery-1-75141\" \/><\/a>\n\t\t\t<\/div>\n\t\t\t\t<figcaption class='wp-caption-text gallery-caption' id='gallery-1-75141'>\n\t\t\t\tResidencia OG \/ Ordaz Coppel Arquitectos (\u00a9 Jorge Fregoso)\n\t\t\t\t<\/figcaption><\/figure><figure class='gallery-item'>\n\t\t\t<div class='gallery-icon landscape'>\n\t\t\t\t<a href='https:\/\/www.arquimaster.com.ar\/web\/wp-content\/uploads\/2023\/03\/residencia_og5.jpg' title=\"Residencia OG \/ Ordaz Coppel Arquitectos (\u00a9 Jorge Fregoso)\" data-rl_title=\"Residencia OG \/ Ordaz Coppel Arquitectos (\u00a9 Jorge Fregoso)\" class=\"rl-gallery-link\" data-rl_caption=\"Residencia OG \/ Ordaz Coppel Arquitectos (\u00a9 Jorge Fregoso)\" data-rel=\"lightbox-gallery-1\"><img loading=\"lazy\" decoding=\"async\" width=\"150\" height=\"150\" src=\"https:\/\/www.arquimaster.com.ar\/web\/wp-content\/uploads\/2023\/03\/residencia_og5-150x150.jpg\" class=\"attachment-thumbnail size-thumbnail\" alt=\"Residencia OG \/ Ordaz Coppel Arquitectos\" aria-describedby=\"gallery-1-75142\" \/><\/a>\n\t\t\t<\/div>\n\t\t\t\t<figcaption class='wp-caption-text gallery-caption' id='gallery-1-75142'>\n\t\t\t\tResidencia OG \/ Ordaz Coppel Arquitectos (\u00a9 Jorge Fregoso)\n\t\t\t\t<\/figcaption><\/figure><figure class='gallery-item'>\n\t\t\t<div class='gallery-icon landscape'>\n\t\t\t\t<a href='https:\/\/www.arquimaster.com.ar\/web\/wp-content\/uploads\/2023\/03\/residencia_og6.jpg' title=\"Residencia OG \/ Ordaz Coppel Arquitectos (\u00a9 Jorge Fregoso)\" data-rl_title=\"Residencia OG \/ Ordaz Coppel Arquitectos (\u00a9 Jorge Fregoso)\" class=\"rl-gallery-link\" data-rl_caption=\"Residencia OG \/ Ordaz Coppel Arquitectos (\u00a9 Jorge Fregoso)\" data-rel=\"lightbox-gallery-1\"><img loading=\"lazy\" decoding=\"async\" width=\"150\" height=\"150\" src=\"https:\/\/www.arquimaster.com.ar\/web\/wp-content\/uploads\/2023\/03\/residencia_og6-150x150.jpg\" class=\"attachment-thumbnail size-thumbnail\" alt=\"Residencia OG \/ Ordaz Coppel Arquitectos\" aria-describedby=\"gallery-1-75143\" \/><\/a>\n\t\t\t<\/div>\n\t\t\t\t<figcaption class='wp-caption-text gallery-caption' id='gallery-1-75143'>\n\t\t\t\tResidencia OG \/ Ordaz Coppel Arquitectos (\u00a9 Jorge Fregoso)\n\t\t\t\t<\/figcaption><\/figure><figure class='gallery-item'>\n\t\t\t<div class='gallery-icon landscape'>\n\t\t\t\t<a href='https:\/\/www.arquimaster.com.ar\/web\/wp-content\/uploads\/2023\/03\/residencia_og7.jpg' title=\"Residencia OG \/ Ordaz Coppel Arquitectos (\u00a9 Jorge Fregoso)\" data-rl_title=\"Residencia OG \/ Ordaz Coppel Arquitectos (\u00a9 Jorge Fregoso)\" class=\"rl-gallery-link\" data-rl_caption=\"Residencia OG \/ Ordaz Coppel Arquitectos (\u00a9 Jorge Fregoso)\" data-rel=\"lightbox-gallery-1\"><img loading=\"lazy\" decoding=\"async\" width=\"150\" height=\"150\" src=\"https:\/\/www.arquimaster.com.ar\/web\/wp-content\/uploads\/2023\/03\/residencia_og7-150x150.jpg\" class=\"attachment-thumbnail size-thumbnail\" alt=\"Residencia OG \/ Ordaz Coppel Arquitectos\" aria-describedby=\"gallery-1-75144\" \/><\/a>\n\t\t\t<\/div>\n\t\t\t\t<figcaption class='wp-caption-text gallery-caption' id='gallery-1-75144'>\n\t\t\t\tResidencia OG \/ Ordaz Coppel Arquitectos (\u00a9 Jorge Fregoso)\n\t\t\t\t<\/figcaption><\/figure><figure class='gallery-item'>\n\t\t\t<div class='gallery-icon portrait'>\n\t\t\t\t<a href='https:\/\/www.arquimaster.com.ar\/web\/wp-content\/uploads\/2023\/03\/residencia_og8.jpg' title=\"Residencia OG \/ Ordaz Coppel Arquitectos (\u00a9 Jorge Fregoso)\" data-rl_title=\"Residencia OG \/ Ordaz Coppel Arquitectos (\u00a9 Jorge Fregoso)\" class=\"rl-gallery-link\" data-rl_caption=\"Residencia OG \/ Ordaz Coppel Arquitectos (\u00a9 Jorge Fregoso)\" data-rel=\"lightbox-gallery-1\"><img loading=\"lazy\" decoding=\"async\" width=\"150\" height=\"150\" src=\"https:\/\/www.arquimaster.com.ar\/web\/wp-content\/uploads\/2023\/03\/residencia_og8-150x150.jpg\" class=\"attachment-thumbnail size-thumbnail\" alt=\"Residencia OG \/ Ordaz Coppel Arquitectos\" aria-describedby=\"gallery-1-75145\" \/><\/a>\n\t\t\t<\/div>\n\t\t\t\t<figcaption class='wp-caption-text gallery-caption' id='gallery-1-75145'>\n\t\t\t\tResidencia OG \/ Ordaz Coppel Arquitectos (\u00a9 Jorge Fregoso)\n\t\t\t\t<\/figcaption><\/figure><figure class='gallery-item'>\n\t\t\t<div class='gallery-icon portrait'>\n\t\t\t\t<a href='https:\/\/www.arquimaster.com.ar\/web\/wp-content\/uploads\/2023\/03\/residencia_og9.jpg' title=\"Residencia OG \/ Ordaz Coppel Arquitectos (\u00a9 Jorge Fregoso)\" data-rl_title=\"Residencia OG \/ Ordaz Coppel Arquitectos (\u00a9 Jorge Fregoso)\" class=\"rl-gallery-link\" data-rl_caption=\"Residencia OG \/ Ordaz Coppel Arquitectos (\u00a9 Jorge Fregoso)\" data-rel=\"lightbox-gallery-1\"><img loading=\"lazy\" decoding=\"async\" width=\"150\" height=\"150\" src=\"https:\/\/www.arquimaster.com.ar\/web\/wp-content\/uploads\/2023\/03\/residencia_og9-150x150.jpg\" class=\"attachment-thumbnail size-thumbnail\" alt=\"Residencia OG \/ Ordaz Coppel Arquitectos\" aria-describedby=\"gallery-1-75146\" \/><\/a>\n\t\t\t<\/div>\n\t\t\t\t<figcaption class='wp-caption-text gallery-caption' id='gallery-1-75146'>\n\t\t\t\tResidencia OG \/ Ordaz Coppel Arquitectos (\u00a9 Jorge Fregoso)\n\t\t\t\t<\/figcaption><\/figure><figure class='gallery-item'>\n\t\t\t<div class='gallery-icon portrait'>\n\t\t\t\t<a href='https:\/\/www.arquimaster.com.ar\/web\/wp-content\/uploads\/2023\/03\/residencia_og10.jpg' title=\"Residencia OG \/ Ordaz Coppel Arquitectos (\u00a9 Jorge Fregoso)\" data-rl_title=\"Residencia OG \/ Ordaz Coppel Arquitectos (\u00a9 Jorge Fregoso)\" class=\"rl-gallery-link\" data-rl_caption=\"Residencia OG \/ Ordaz Coppel Arquitectos (\u00a9 Jorge Fregoso)\" data-rel=\"lightbox-gallery-1\"><img loading=\"lazy\" decoding=\"async\" width=\"150\" height=\"150\" src=\"https:\/\/www.arquimaster.com.ar\/web\/wp-content\/uploads\/2023\/03\/residencia_og10-150x150.jpg\" class=\"attachment-thumbnail size-thumbnail\" alt=\"Residencia OG \/ Ordaz Coppel Arquitectos\" aria-describedby=\"gallery-1-75147\" \/><\/a>\n\t\t\t<\/div>\n\t\t\t\t<figcaption class='wp-caption-text gallery-caption' id='gallery-1-75147'>\n\t\t\t\tResidencia OG \/ Ordaz Coppel Arquitectos (\u00a9 Jorge Fregoso)\n\t\t\t\t<\/figcaption><\/figure><figure class='gallery-item'>\n\t\t\t<div class='gallery-icon portrait'>\n\t\t\t\t<a href='https:\/\/www.arquimaster.com.ar\/web\/wp-content\/uploads\/2023\/03\/residencia_og11.jpg' title=\"Residencia OG \/ Ordaz Coppel Arquitectos (\u00a9 Jorge Fregoso)\" data-rl_title=\"Residencia OG \/ Ordaz Coppel Arquitectos (\u00a9 Jorge Fregoso)\" class=\"rl-gallery-link\" data-rl_caption=\"Residencia OG \/ Ordaz Coppel Arquitectos (\u00a9 Jorge Fregoso)\" data-rel=\"lightbox-gallery-1\"><img loading=\"lazy\" decoding=\"async\" width=\"150\" height=\"150\" src=\"https:\/\/www.arquimaster.com.ar\/web\/wp-content\/uploads\/2023\/03\/residencia_og11-150x150.jpg\" class=\"attachment-thumbnail size-thumbnail\" alt=\"Residencia OG \/ Ordaz Coppel Arquitectos\" aria-describedby=\"gallery-1-75148\" \/><\/a>\n\t\t\t<\/div>\n\t\t\t\t<figcaption class='wp-caption-text gallery-caption' id='gallery-1-75148'>\n\t\t\t\tResidencia OG \/ Ordaz Coppel Arquitectos (\u00a9 Jorge Fregoso)\n\t\t\t\t<\/figcaption><\/figure><figure class='gallery-item'>\n\t\t\t<div class='gallery-icon portrait'>\n\t\t\t\t<a href='https:\/\/www.arquimaster.com.ar\/web\/wp-content\/uploads\/2023\/03\/residencia_og12.jpg' title=\"Residencia OG \/ Ordaz Coppel Arquitectos (\u00a9 Jorge Fregoso)\" data-rl_title=\"Residencia OG \/ Ordaz Coppel Arquitectos (\u00a9 Jorge Fregoso)\" class=\"rl-gallery-link\" data-rl_caption=\"Residencia OG \/ Ordaz Coppel Arquitectos (\u00a9 Jorge Fregoso)\" data-rel=\"lightbox-gallery-1\"><img loading=\"lazy\" decoding=\"async\" width=\"150\" height=\"150\" src=\"https:\/\/www.arquimaster.com.ar\/web\/wp-content\/uploads\/2023\/03\/residencia_og12-150x150.jpg\" class=\"attachment-thumbnail size-thumbnail\" alt=\"Residencia OG \/ Ordaz Coppel Arquitectos\" aria-describedby=\"gallery-1-75149\" \/><\/a>\n\t\t\t<\/div>\n\t\t\t\t<figcaption class='wp-caption-text gallery-caption' id='gallery-1-75149'>\n\t\t\t\tResidencia OG \/ Ordaz Coppel Arquitectos (\u00a9 Jorge Fregoso)\n\t\t\t\t<\/figcaption><\/figure><figure class='gallery-item'>\n\t\t\t<div class='gallery-icon portrait'>\n\t\t\t\t<a href='https:\/\/www.arquimaster.com.ar\/web\/wp-content\/uploads\/2023\/03\/residencia_og13.jpg' title=\"Residencia OG \/ Ordaz Coppel Arquitectos (\u00a9 Jorge Fregoso)\" data-rl_title=\"Residencia OG \/ Ordaz Coppel Arquitectos (\u00a9 Jorge Fregoso)\" class=\"rl-gallery-link\" data-rl_caption=\"Residencia OG \/ Ordaz Coppel Arquitectos (\u00a9 Jorge Fregoso)\" data-rel=\"lightbox-gallery-1\"><img loading=\"lazy\" decoding=\"async\" width=\"150\" height=\"150\" src=\"https:\/\/www.arquimaster.com.ar\/web\/wp-content\/uploads\/2023\/03\/residencia_og13-150x150.jpg\" class=\"attachment-thumbnail size-thumbnail\" alt=\"Residencia OG \/ Ordaz Coppel Arquitectos\" aria-describedby=\"gallery-1-75150\" \/><\/a>\n\t\t\t<\/div>\n\t\t\t\t<figcaption class='wp-caption-text gallery-caption' id='gallery-1-75150'>\n\t\t\t\tResidencia OG \/ Ordaz Coppel Arquitectos (\u00a9 Jorge Fregoso)\n\t\t\t\t<\/figcaption><\/figure><figure class='gallery-item'>\n\t\t\t<div class='gallery-icon portrait'>\n\t\t\t\t<a href='https:\/\/www.arquimaster.com.ar\/web\/wp-content\/uploads\/2023\/03\/residencia_og14.jpg' title=\"Residencia OG \/ Ordaz Coppel Arquitectos (\u00a9 Jorge Fregoso)\" data-rl_title=\"Residencia OG \/ Ordaz Coppel Arquitectos (\u00a9 Jorge Fregoso)\" class=\"rl-gallery-link\" data-rl_caption=\"Residencia OG \/ Ordaz Coppel Arquitectos (\u00a9 Jorge Fregoso)\" data-rel=\"lightbox-gallery-1\"><img loading=\"lazy\" decoding=\"async\" width=\"150\" height=\"150\" src=\"https:\/\/www.arquimaster.com.ar\/web\/wp-content\/uploads\/2023\/03\/residencia_og14-150x150.jpg\" class=\"attachment-thumbnail size-thumbnail\" alt=\"Residencia OG \/ Ordaz Coppel Arquitectos\" aria-describedby=\"gallery-1-75151\" \/><\/a>\n\t\t\t<\/div>\n\t\t\t\t<figcaption class='wp-caption-text gallery-caption' id='gallery-1-75151'>\n\t\t\t\tResidencia OG \/ Ordaz Coppel Arquitectos (\u00a9 Jorge Fregoso)\n\t\t\t\t<\/figcaption><\/figure><figure class='gallery-item'>\n\t\t\t<div class='gallery-icon landscape'>\n\t\t\t\t<a href='https:\/\/www.arquimaster.com.ar\/web\/wp-content\/uploads\/2023\/03\/residencia_og15.jpg' title=\"Residencia OG \/ Ordaz Coppel Arquitectos (\u00a9 Jorge Fregoso)\" data-rl_title=\"Residencia OG \/ Ordaz Coppel Arquitectos (\u00a9 Jorge Fregoso)\" class=\"rl-gallery-link\" data-rl_caption=\"Residencia OG \/ Ordaz Coppel Arquitectos (\u00a9 Jorge Fregoso)\" data-rel=\"lightbox-gallery-1\"><img loading=\"lazy\" decoding=\"async\" width=\"150\" height=\"150\" src=\"https:\/\/www.arquimaster.com.ar\/web\/wp-content\/uploads\/2023\/03\/residencia_og15-150x150.jpg\" class=\"attachment-thumbnail size-thumbnail\" alt=\"Residencia OG \/ Ordaz Coppel Arquitectos\" aria-describedby=\"gallery-1-75152\" \/><\/a>\n\t\t\t<\/div>\n\t\t\t\t<figcaption class='wp-caption-text gallery-caption' id='gallery-1-75152'>\n\t\t\t\tResidencia OG \/ Ordaz Coppel Arquitectos (\u00a9 Jorge Fregoso)\n\t\t\t\t<\/figcaption><\/figure><figure class='gallery-item'>\n\t\t\t<div class='gallery-icon landscape'>\n\t\t\t\t<a href='https:\/\/www.arquimaster.com.ar\/web\/wp-content\/uploads\/2023\/03\/residencia_og16.jpg' title=\"Residencia OG \/ Ordaz Coppel Arquitectos (\u00a9 Jorge Fregoso)\" data-rl_title=\"Residencia OG \/ Ordaz Coppel Arquitectos (\u00a9 Jorge Fregoso)\" class=\"rl-gallery-link\" data-rl_caption=\"Residencia OG \/ Ordaz Coppel Arquitectos (\u00a9 Jorge Fregoso)\" data-rel=\"lightbox-gallery-1\"><img loading=\"lazy\" decoding=\"async\" width=\"150\" height=\"150\" src=\"https:\/\/www.arquimaster.com.ar\/web\/wp-content\/uploads\/2023\/03\/residencia_og16-150x150.jpg\" class=\"attachment-thumbnail size-thumbnail\" alt=\"Residencia OG \/ Ordaz Coppel Arquitectos\" aria-describedby=\"gallery-1-75153\" \/><\/a>\n\t\t\t<\/div>\n\t\t\t\t<figcaption class='wp-caption-text gallery-caption' id='gallery-1-75153'>\n\t\t\t\tResidencia OG \/ Ordaz Coppel Arquitectos (\u00a9 Jorge Fregoso)\n\t\t\t\t<\/figcaption><\/figure><figure class='gallery-item'>\n\t\t\t<div class='gallery-icon portrait'>\n\t\t\t\t<a href='https:\/\/www.arquimaster.com.ar\/web\/wp-content\/uploads\/2023\/03\/residencia_og17.jpg' title=\"Residencia OG \/ Ordaz Coppel Arquitectos (\u00a9 Jorge Fregoso)\" data-rl_title=\"Residencia OG \/ Ordaz Coppel Arquitectos (\u00a9 Jorge Fregoso)\" class=\"rl-gallery-link\" data-rl_caption=\"Residencia OG \/ Ordaz Coppel Arquitectos (\u00a9 Jorge Fregoso)\" data-rel=\"lightbox-gallery-1\"><img loading=\"lazy\" decoding=\"async\" width=\"150\" height=\"150\" src=\"https:\/\/www.arquimaster.com.ar\/web\/wp-content\/uploads\/2023\/03\/residencia_og17-150x150.jpg\" class=\"attachment-thumbnail size-thumbnail\" alt=\"Residencia OG \/ Ordaz Coppel Arquitectos\" aria-describedby=\"gallery-1-75154\" \/><\/a>\n\t\t\t<\/div>\n\t\t\t\t<figcaption class='wp-caption-text gallery-caption' id='gallery-1-75154'>\n\t\t\t\tResidencia OG \/ Ordaz Coppel Arquitectos (\u00a9 Jorge Fregoso)\n\t\t\t\t<\/figcaption><\/figure><figure class='gallery-item'>\n\t\t\t<div class='gallery-icon portrait'>\n\t\t\t\t<a href='https:\/\/www.arquimaster.com.ar\/web\/wp-content\/uploads\/2023\/03\/residencia_og18.jpg' title=\"Residencia OG \/ Ordaz Coppel Arquitectos (\u00a9 Jorge Fregoso)\" data-rl_title=\"Residencia OG \/ Ordaz Coppel Arquitectos (\u00a9 Jorge Fregoso)\" class=\"rl-gallery-link\" data-rl_caption=\"Residencia OG \/ Ordaz Coppel Arquitectos (\u00a9 Jorge Fregoso)\" data-rel=\"lightbox-gallery-1\"><img loading=\"lazy\" decoding=\"async\" width=\"150\" height=\"150\" src=\"https:\/\/www.arquimaster.com.ar\/web\/wp-content\/uploads\/2023\/03\/residencia_og18-150x150.jpg\" class=\"attachment-thumbnail size-thumbnail\" alt=\"Residencia OG \/ Ordaz Coppel Arquitectos\" aria-describedby=\"gallery-1-75155\" \/><\/a>\n\t\t\t<\/div>\n\t\t\t\t<figcaption class='wp-caption-text gallery-caption' id='gallery-1-75155'>\n\t\t\t\tResidencia OG \/ Ordaz Coppel Arquitectos (\u00a9 Jorge Fregoso)\n\t\t\t\t<\/figcaption><\/figure><figure class='gallery-item'>\n\t\t\t<div class='gallery-icon portrait'>\n\t\t\t\t<a href='https:\/\/www.arquimaster.com.ar\/web\/wp-content\/uploads\/2023\/03\/residencia_og19.jpg' title=\"Residencia OG \/ Ordaz Coppel Arquitectos (\u00a9 Jorge Fregoso)\" data-rl_title=\"Residencia OG \/ Ordaz Coppel Arquitectos (\u00a9 Jorge Fregoso)\" class=\"rl-gallery-link\" data-rl_caption=\"Residencia OG \/ Ordaz Coppel Arquitectos (\u00a9 Jorge Fregoso)\" data-rel=\"lightbox-gallery-1\"><img loading=\"lazy\" decoding=\"async\" width=\"150\" height=\"150\" src=\"https:\/\/www.arquimaster.com.ar\/web\/wp-content\/uploads\/2023\/03\/residencia_og19-150x150.jpg\" class=\"attachment-thumbnail size-thumbnail\" alt=\"Residencia OG \/ Ordaz Coppel Arquitectos\" aria-describedby=\"gallery-1-75156\" \/><\/a>\n\t\t\t<\/div>\n\t\t\t\t<figcaption class='wp-caption-text gallery-caption' id='gallery-1-75156'>\n\t\t\t\tResidencia OG \/ Ordaz Coppel Arquitectos (\u00a9 Jorge Fregoso)\n\t\t\t\t<\/figcaption><\/figure><figure class='gallery-item'>\n\t\t\t<div class='gallery-icon portrait'>\n\t\t\t\t<a href='https:\/\/www.arquimaster.com.ar\/web\/wp-content\/uploads\/2023\/03\/residencia_og20.jpg' title=\"Residencia OG \/ Ordaz Coppel Arquitectos (\u00a9 Jorge Fregoso)\" data-rl_title=\"Residencia OG \/ Ordaz Coppel Arquitectos (\u00a9 Jorge Fregoso)\" class=\"rl-gallery-link\" data-rl_caption=\"Residencia OG \/ Ordaz Coppel Arquitectos (\u00a9 Jorge Fregoso)\" data-rel=\"lightbox-gallery-1\"><img loading=\"lazy\" decoding=\"async\" width=\"150\" height=\"150\" src=\"https:\/\/www.arquimaster.com.ar\/web\/wp-content\/uploads\/2023\/03\/residencia_og20-150x150.jpg\" class=\"attachment-thumbnail size-thumbnail\" alt=\"Residencia OG \/ Ordaz Coppel Arquitectos\" aria-describedby=\"gallery-1-75157\" \/><\/a>\n\t\t\t<\/div>\n\t\t\t\t<figcaption class='wp-caption-text gallery-caption' id='gallery-1-75157'>\n\t\t\t\tResidencia OG \/ Ordaz Coppel Arquitectos (\u00a9 Jorge Fregoso)\n\t\t\t\t<\/figcaption><\/figure><figure class='gallery-item'>\n\t\t\t<div class='gallery-icon landscape'>\n\t\t\t\t<a href='https:\/\/www.arquimaster.com.ar\/web\/wp-content\/uploads\/2023\/03\/residencia_og21.jpg' title=\"Residencia OG \/ Ordaz Coppel Arquitectos (\u00a9 Jorge Fregoso)\" data-rl_title=\"Residencia OG \/ Ordaz Coppel Arquitectos (\u00a9 Jorge Fregoso)\" class=\"rl-gallery-link\" data-rl_caption=\"Residencia OG \/ Ordaz Coppel Arquitectos (\u00a9 Jorge Fregoso)\" data-rel=\"lightbox-gallery-1\"><img loading=\"lazy\" decoding=\"async\" width=\"150\" height=\"150\" src=\"https:\/\/www.arquimaster.com.ar\/web\/wp-content\/uploads\/2023\/03\/residencia_og21-150x150.jpg\" class=\"attachment-thumbnail size-thumbnail\" alt=\"Residencia OG \/ Ordaz Coppel Arquitectos\" aria-describedby=\"gallery-1-75158\" \/><\/a>\n\t\t\t<\/div>\n\t\t\t\t<figcaption class='wp-caption-text gallery-caption' id='gallery-1-75158'>\n\t\t\t\tResidencia OG \/ Ordaz Coppel Arquitectos (\u00a9 Jorge Fregoso)\n\t\t\t\t<\/figcaption><\/figure><figure class='gallery-item'>\n\t\t\t<div class='gallery-icon portrait'>\n\t\t\t\t<a href='https:\/\/www.arquimaster.com.ar\/web\/wp-content\/uploads\/2023\/03\/residencia_og22.jpg' title=\"Residencia OG \/ Ordaz Coppel Arquitectos (\u00a9 Jorge Fregoso)\" data-rl_title=\"Residencia OG \/ Ordaz Coppel Arquitectos (\u00a9 Jorge Fregoso)\" class=\"rl-gallery-link\" data-rl_caption=\"Residencia OG \/ Ordaz Coppel Arquitectos (\u00a9 Jorge Fregoso)\" data-rel=\"lightbox-gallery-1\"><img loading=\"lazy\" decoding=\"async\" width=\"150\" height=\"150\" src=\"https:\/\/www.arquimaster.com.ar\/web\/wp-content\/uploads\/2023\/03\/residencia_og22-150x150.jpg\" class=\"attachment-thumbnail size-thumbnail\" alt=\"Residencia OG \/ Ordaz Coppel Arquitectos\" aria-describedby=\"gallery-1-75159\" \/><\/a>\n\t\t\t<\/div>\n\t\t\t\t<figcaption class='wp-caption-text gallery-caption' id='gallery-1-75159'>\n\t\t\t\tResidencia OG \/ Ordaz Coppel Arquitectos (\u00a9 Jorge Fregoso)\n\t\t\t\t<\/figcaption><\/figure><figure class='gallery-item'>\n\t\t\t<div class='gallery-icon landscape'>\n\t\t\t\t<a href='https:\/\/www.arquimaster.com.ar\/web\/wp-content\/uploads\/2023\/03\/residencia_og23.jpg' title=\"Residencia OG \/ Ordaz Coppel Arquitectos (\u00a9 Jorge Fregoso)\" data-rl_title=\"Residencia OG \/ Ordaz Coppel Arquitectos (\u00a9 Jorge Fregoso)\" class=\"rl-gallery-link\" data-rl_caption=\"Residencia OG \/ Ordaz Coppel Arquitectos (\u00a9 Jorge Fregoso)\" data-rel=\"lightbox-gallery-1\"><img loading=\"lazy\" decoding=\"async\" width=\"150\" height=\"150\" src=\"https:\/\/www.arquimaster.com.ar\/web\/wp-content\/uploads\/2023\/03\/residencia_og23-150x150.jpg\" class=\"attachment-thumbnail size-thumbnail\" alt=\"Residencia OG \/ Ordaz Coppel Arquitectos\" aria-describedby=\"gallery-1-75160\" \/><\/a>\n\t\t\t<\/div>\n\t\t\t\t<figcaption class='wp-caption-text gallery-caption' id='gallery-1-75160'>\n\t\t\t\tResidencia OG \/ Ordaz Coppel Arquitectos (\u00a9 Jorge Fregoso)\n\t\t\t\t<\/figcaption><\/figure><figure class='gallery-item'>\n\t\t\t<div class='gallery-icon portrait'>\n\t\t\t\t<a href='https:\/\/www.arquimaster.com.ar\/web\/wp-content\/uploads\/2023\/03\/residencia_og24.jpg' title=\"Residencia OG \/ Ordaz Coppel Arquitectos (\u00a9 Jorge Fregoso)\" data-rl_title=\"Residencia OG \/ Ordaz Coppel Arquitectos (\u00a9 Jorge Fregoso)\" class=\"rl-gallery-link\" data-rl_caption=\"Residencia OG \/ Ordaz Coppel Arquitectos (\u00a9 Jorge Fregoso)\" data-rel=\"lightbox-gallery-1\"><img loading=\"lazy\" decoding=\"async\" width=\"150\" height=\"150\" src=\"https:\/\/www.arquimaster.com.ar\/web\/wp-content\/uploads\/2023\/03\/residencia_og24-150x150.jpg\" class=\"attachment-thumbnail size-thumbnail\" alt=\"Residencia OG \/ Ordaz Coppel Arquitectos\" aria-describedby=\"gallery-1-75161\" \/><\/a>\n\t\t\t<\/div>\n\t\t\t\t<figcaption class='wp-caption-text gallery-caption' id='gallery-1-75161'>\n\t\t\t\tResidencia OG \/ Ordaz Coppel Arquitectos (\u00a9 Jorge Fregoso)\n\t\t\t\t<\/figcaption><\/figure><figure class='gallery-item'>\n\t\t\t<div class='gallery-icon landscape'>\n\t\t\t\t<a href='https:\/\/www.arquimaster.com.ar\/web\/wp-content\/uploads\/2023\/03\/residencia_og34.jpg' title=\"Residencia OG \/ Ordaz Coppel Arquitectos (planta)\" data-rl_title=\"Residencia OG \/ Ordaz Coppel Arquitectos (planta)\" class=\"rl-gallery-link\" data-rl_caption=\"Residencia OG \/ Ordaz Coppel Arquitectos (planta)\" data-rel=\"lightbox-gallery-1\"><img loading=\"lazy\" decoding=\"async\" width=\"150\" height=\"150\" src=\"https:\/\/www.arquimaster.com.ar\/web\/wp-content\/uploads\/2023\/03\/residencia_og34-150x150.jpg\" class=\"attachment-thumbnail size-thumbnail\" alt=\"Residencia OG \/ Ordaz Coppel Arquitectos\" aria-describedby=\"gallery-1-75171\" \/><\/a>\n\t\t\t<\/div>\n\t\t\t\t<figcaption class='wp-caption-text gallery-caption' id='gallery-1-75171'>\n\t\t\t\tResidencia OG \/ Ordaz Coppel Arquitectos (planta)\n\t\t\t\t<\/figcaption><\/figure>\n\t\t<\/div>\n\n<p>Desde la distribuci\u00f3n, fachadas e interiores se realizaron trabajos de dise\u00f1o exterior e interior otorgando al proyecto una nueva personalidad moderna, sin dejar de lado su estilo ochentero original. La experiencia inicia en el acceso principal donde resaltan los remates visuales, en el cual se puede apreciar la jardiner\u00eda con plantas tropicales de la regi\u00f3n.<\/p>\n<p>Conectado con el ingreso un vest\u00edbulo iluminado naturalmente nos brinda una c\u00e1lida bienvenida, gracias a un domo de gran altura y formato, del que sobresalen las vigas en concreto color azulado, cuyo tono hace contraste con el cielo panor\u00e1mico de la regi\u00f3n. En el mismo vest\u00edbulo se cuenta con diversas maceteras y obras de arte, que brindan un toque de personalizaci\u00f3n y sofisticaci\u00f3n al espacio.<\/p>\n<p>Como remate visual la Residencia OG cuenta con una peque\u00f1a \u00e1rea social que se jerarquiza por un muro de madera el cual marca el camino hacia el \u00e1rea privada de la residencia. Conectado al \u00e1rea del distribuidor se encuentran espacios p\u00fablicos como el estudio, la sala, y el \u00e1rea de comedor-cocina, estos dos \u00faltimos interconectados por un \u00e1rea abierta.<\/p>\n<p>En el \u00e1rea de sala se utilizaron materiales que, en conjunto con el mobiliario, paleta de colores y detalles personalizados generan una calidez singular, teniendo como resultado un espacio acogedor y relajado en el que puedes disfrutar un tiempo de calidad en familia.<\/p>\n<p>El \u00e1rea de comedor es otro de los espacios para destacar dentro de la Residencia OG, en el que se utiliz\u00f3 una paleta de colores neutra, buscando brindar protagonismo al arte en los muros.<\/p>\n<p>Espacios como la cocina cuentan con un dise\u00f1o ecl\u00e9ctico y mantienen la paleta de colores neutros con el fin de resaltar la belleza singular de su dise\u00f1o, el cual es realzado a trav\u00e9s de detalles personalizados, como el piso de cemento decorado con mosaicos italianos, los cuales tambi\u00e9n decoran una parte de la estufa y le brindan un hermoso toque artesanal a dicho espacio.<\/p>\n<p>Por \u00faltimo, un importante aspecto a destacar es la conjunci\u00f3n arm\u00f3nica de elementos tanto vintage como modernos, creando as\u00ed un dise\u00f1o atemporal, el cual busca preservar elementos del dise\u00f1o y estilo originales de dicha vivienda, permitiendo as\u00ed contar su historia, al tiempo que permite contar una nueva a los miembros de la familia, gracias a una remodelaci\u00f3n creativa y bien ejecutada por parte del despacho.<\/p>\n<p>Cabe destacar que el interiorismo realizado por el despacho Ordaz Coppel Arquitectos para este proyecto fue galardonado con una \u00abdoble menci\u00f3n de honor\u00bb por parte del CIDI -Consejo Iberoamericano de Dise\u00f1adores de Interiores- como parte de la IV World-Wide of Interior Design &amp; Landscape 2022, formato en el que se reconocen las obras de arquitectura e interiorismo que representan el m\u00e1s alto nivel de creatividad, originalidad y excelencia en el \u00e1mbito del dise\u00f1o por todo el mundo.<\/p>\n\n\n<div style=\"height:20px\" aria-hidden=\"true\" class=\"wp-block-spacer\"><\/div>\n\n\n\n<p class=\"has-background\" style=\"background-color:#eaeaea\"><strong>Ficha t\u00e9cnica<\/strong><br>Nombre: Residencia OG<br>Ubicaci\u00f3n: Mazatl\u00e1n, Sinaloa, M\u00e9xico<br>Oficina de arquitectura: Ordaz Coppel Arquitectos<br>Superficie: 632.00 m2<br>Fotografias: Jorge Fregoso<br><br><strong>Contacto<\/strong><br><a href=\"https:\/\/www.ordazcoppel.com\" target=\"_blank\" rel=\"noreferrer noopener\">https:\/\/www.ordazcoppel.com<\/a><br>Facebook: Arquitectos Ordaz Coppel<br>Instagram: @ordaz.coppel.arquitectos<\/p>\n\n\n\n<div style=\"height:40px\" aria-hidden=\"true\" class=\"wp-block-spacer\"><\/div>\n\n<div style=\"font-size: 0px; height: 0px; line-height: 0px; margin: 0; padding: 0; clear: both;\"><\/div><div style=\"margin-top: 0px; margin-bottom: 0px;\" class=\"sharethis-inline-share-buttons\" ><\/div>","protected":false},"excerpt":{"rendered":"<p>Un proyecto acogedor de dise\u00f1o atemporal y ecl\u00e9ctico&#8230;<\/p>\n","protected":false},"author":1,"featured_media":75244,"comment_status":"closed","ping_status":"closed","sticky":false,"template":"","format":"standard","meta":{"_uag_custom_page_level_css":"","footnotes":""},"categories":[1,83],"tags":[4282,7663,24,7665,7664,254],"class_list":["post-75136","post","type-post","status-publish","format-standard","has-post-thumbnail","hentry","category-proyecto","category-vivienda-unifamiliar","tag-arquitectura-residencial","tag-mazatlan","tag-mexico","tag-ordaz-coppel-arquitectos","tag-sinaloa","tag-vivienda-unifamiliar-2","generate-columns","tablet-grid-50","mobile-grid-100","grid-parent","grid-50"],"yoast_head":"<!-- This site is optimized with the Yoast SEO plugin v27.3 - https:\/\/yoast.com\/product\/yoast-seo-wordpress\/ -->\n<title>Residencia OG \/ Ordaz Coppel Arquitectos - Arquimaster<\/title>\n<meta name=\"description\" content=\"Un proyecto acogedor de dise\u00f1o atemporal y ecl\u00e9ctico, cuya paleta de colores neutra busca brindar protagonismo a detalles artesanales y obras de arte.\" \/>\n<meta name=\"robots\" content=\"index, follow, max-snippet:-1, max-image-preview:large, max-video-preview:-1\" \/>\n<link rel=\"canonical\" href=\"https:\/\/www.arquimaster.com.ar\/web\/residencia-og-ordaz-coppel-arquitectos\/\" \/>\n<meta property=\"og:locale\" content=\"es_ES\" \/>\n<meta property=\"og:type\" content=\"article\" \/>\n<meta property=\"og:title\" content=\"Residencia OG \/ Ordaz Coppel Arquitectos\" \/>\n<meta property=\"og:description\" content=\"Un proyecto acogedor de dise\u00f1o atemporal y ecl\u00e9ctico, cuya paleta de colores neutra busca brindar protagonismo a detalles artesanales y obras de arte.\" \/>\n<meta property=\"og:url\" content=\"https:\/\/www.arquimaster.com.ar\/web\/residencia-og-ordaz-coppel-arquitectos\/\" \/>\n<meta property=\"og:site_name\" content=\"Arquimaster\" \/>\n<meta property=\"article:publisher\" content=\"http:\/\/www.facebook.com\/ARQUIMASTER.com.ar\" \/>\n<meta property=\"article:published_time\" content=\"2023-03-09T19:14:16+00:00\" \/>\n<meta property=\"article:modified_time\" content=\"2023-05-22T22:27:25+00:00\" \/>\n<meta property=\"og:image\" content=\"https:\/\/www.arquimaster.com.ar\/web\/wp-content\/uploads\/2023\/03\/residencia_og_slide.jpg\" \/>\n\t<meta property=\"og:image:width\" content=\"698\" \/>\n\t<meta property=\"og:image:height\" content=\"364\" \/>\n\t<meta property=\"og:image:type\" content=\"image\/jpeg\" \/>\n<meta name=\"author\" content=\"Arquimaster\" \/>\n<meta name=\"twitter:card\" content=\"summary_large_image\" \/>\n<meta name=\"twitter:title\" content=\"Residencia OG \/ Ordaz Coppel Arquitectos\" \/>\n<meta name=\"twitter:description\" content=\"Un proyecto acogedor de dise\u00f1o atemporal y ecl\u00e9ctico, cuya paleta de colores neutra busca brindar protagonismo a detalles artesanales y obras de arte.\" \/>\n<meta name=\"twitter:image\" content=\"https:\/\/www.arquimaster.com.ar\/web\/wp-content\/uploads\/2023\/03\/residencia_og_slide.jpg\" \/>\n<meta name=\"twitter:creator\" content=\"@arquimaster\" \/>\n<meta name=\"twitter:site\" content=\"@arquimaster\" \/>\n<meta name=\"twitter:label1\" content=\"Escrito por\" \/>\n\t<meta name=\"twitter:data1\" content=\"Arquimaster\" \/>\n\t<meta name=\"twitter:label2\" content=\"Tiempo de lectura\" \/>\n\t<meta name=\"twitter:data2\" content=\"3 minutos\" \/>\n<script type=\"application\/ld+json\" class=\"yoast-schema-graph\">{\"@context\":\"https:\\\/\\\/schema.org\",\"@graph\":[{\"@type\":\"Article\",\"@id\":\"https:\\\/\\\/www.arquimaster.com.ar\\\/web\\\/residencia-og-ordaz-coppel-arquitectos\\\/#article\",\"isPartOf\":{\"@id\":\"https:\\\/\\\/www.arquimaster.com.ar\\\/web\\\/residencia-og-ordaz-coppel-arquitectos\\\/\"},\"author\":{\"name\":\"Arquimaster\",\"@id\":\"https:\\\/\\\/www.arquimaster.com.ar\\\/web\\\/#\\\/schema\\\/person\\\/359e9f7c00193fcde068e0dd2ceb0028\"},\"headline\":\"Residencia OG \\\/ Ordaz Coppel Arquitectos\",\"datePublished\":\"2023-03-09T19:14:16+00:00\",\"dateModified\":\"2023-05-22T22:27:25+00:00\",\"mainEntityOfPage\":{\"@id\":\"https:\\\/\\\/www.arquimaster.com.ar\\\/web\\\/residencia-og-ordaz-coppel-arquitectos\\\/\"},\"wordCount\":635,\"publisher\":{\"@id\":\"https:\\\/\\\/www.arquimaster.com.ar\\\/web\\\/#organization\"},\"image\":{\"@id\":\"https:\\\/\\\/www.arquimaster.com.ar\\\/web\\\/residencia-og-ordaz-coppel-arquitectos\\\/#primaryimage\"},\"thumbnailUrl\":\"https:\\\/\\\/www.arquimaster.com.ar\\\/web\\\/wp-content\\\/uploads\\\/2023\\\/03\\\/residencia_og_slide.jpg\",\"keywords\":[\"arquitectura residencial\",\"Mazatl\u00e1n\",\"Mexico\",\"Ordaz Coppel Arquitectos\",\"Sinaloa\",\"vivienda unifamiliar\"],\"articleSection\":[\"Proyecto\",\"Vivienda unifamiliar y PH\"],\"inLanguage\":\"es\"},{\"@type\":\"WebPage\",\"@id\":\"https:\\\/\\\/www.arquimaster.com.ar\\\/web\\\/residencia-og-ordaz-coppel-arquitectos\\\/\",\"url\":\"https:\\\/\\\/www.arquimaster.com.ar\\\/web\\\/residencia-og-ordaz-coppel-arquitectos\\\/\",\"name\":\"Residencia OG \\\/ Ordaz Coppel Arquitectos - Arquimaster\",\"isPartOf\":{\"@id\":\"https:\\\/\\\/www.arquimaster.com.ar\\\/web\\\/#website\"},\"primaryImageOfPage\":{\"@id\":\"https:\\\/\\\/www.arquimaster.com.ar\\\/web\\\/residencia-og-ordaz-coppel-arquitectos\\\/#primaryimage\"},\"image\":{\"@id\":\"https:\\\/\\\/www.arquimaster.com.ar\\\/web\\\/residencia-og-ordaz-coppel-arquitectos\\\/#primaryimage\"},\"thumbnailUrl\":\"https:\\\/\\\/www.arquimaster.com.ar\\\/web\\\/wp-content\\\/uploads\\\/2023\\\/03\\\/residencia_og_slide.jpg\",\"datePublished\":\"2023-03-09T19:14:16+00:00\",\"dateModified\":\"2023-05-22T22:27:25+00:00\",\"description\":\"Un proyecto acogedor de dise\u00f1o atemporal y ecl\u00e9ctico, cuya paleta de colores neutra busca brindar protagonismo a detalles artesanales y obras de arte.\",\"breadcrumb\":{\"@id\":\"https:\\\/\\\/www.arquimaster.com.ar\\\/web\\\/residencia-og-ordaz-coppel-arquitectos\\\/#breadcrumb\"},\"inLanguage\":\"es\",\"potentialAction\":[{\"@type\":\"ReadAction\",\"target\":[\"https:\\\/\\\/www.arquimaster.com.ar\\\/web\\\/residencia-og-ordaz-coppel-arquitectos\\\/\"]}]},{\"@type\":\"ImageObject\",\"inLanguage\":\"es\",\"@id\":\"https:\\\/\\\/www.arquimaster.com.ar\\\/web\\\/residencia-og-ordaz-coppel-arquitectos\\\/#primaryimage\",\"url\":\"https:\\\/\\\/www.arquimaster.com.ar\\\/web\\\/wp-content\\\/uploads\\\/2023\\\/03\\\/residencia_og_slide.jpg\",\"contentUrl\":\"https:\\\/\\\/www.arquimaster.com.ar\\\/web\\\/wp-content\\\/uploads\\\/2023\\\/03\\\/residencia_og_slide.jpg\",\"width\":698,\"height\":364,\"caption\":\"Residencia OG \\\/ Ordaz Coppel Arquitectos\"},{\"@type\":\"BreadcrumbList\",\"@id\":\"https:\\\/\\\/www.arquimaster.com.ar\\\/web\\\/residencia-og-ordaz-coppel-arquitectos\\\/#breadcrumb\",\"itemListElement\":[{\"@type\":\"ListItem\",\"position\":1,\"name\":\"Portada\",\"item\":\"https:\\\/\\\/www.arquimaster.com.ar\\\/web\\\/\"},{\"@type\":\"ListItem\",\"position\":2,\"name\":\"Residencia OG \\\/ Ordaz Coppel Arquitectos\"}]},{\"@type\":\"WebSite\",\"@id\":\"https:\\\/\\\/www.arquimaster.com.ar\\\/web\\\/#website\",\"url\":\"https:\\\/\\\/www.arquimaster.com.ar\\\/web\\\/\",\"name\":\"Arquimaster\",\"description\":\"Web de arquitectura, dise\u00f1o y construccion\",\"publisher\":{\"@id\":\"https:\\\/\\\/www.arquimaster.com.ar\\\/web\\\/#organization\"},\"potentialAction\":[{\"@type\":\"SearchAction\",\"target\":{\"@type\":\"EntryPoint\",\"urlTemplate\":\"https:\\\/\\\/www.arquimaster.com.ar\\\/web\\\/?s={search_term_string}\"},\"query-input\":{\"@type\":\"PropertyValueSpecification\",\"valueRequired\":true,\"valueName\":\"search_term_string\"}}],\"inLanguage\":\"es\"},{\"@type\":\"Organization\",\"@id\":\"https:\\\/\\\/www.arquimaster.com.ar\\\/web\\\/#organization\",\"name\":\"Arquimaster\",\"url\":\"https:\\\/\\\/www.arquimaster.com.ar\\\/web\\\/\",\"logo\":{\"@type\":\"ImageObject\",\"inLanguage\":\"es\",\"@id\":\"https:\\\/\\\/www.arquimaster.com.ar\\\/web\\\/#\\\/schema\\\/logo\\\/image\\\/\",\"url\":\"https:\\\/\\\/www.arquimaster.com.ar\\\/web\\\/wp-content\\\/uploads\\\/2022\\\/06\\\/arquimaster.png\",\"contentUrl\":\"https:\\\/\\\/www.arquimaster.com.ar\\\/web\\\/wp-content\\\/uploads\\\/2022\\\/06\\\/arquimaster.png\",\"width\":594,\"height\":78,\"caption\":\"Arquimaster\"},\"image\":{\"@id\":\"https:\\\/\\\/www.arquimaster.com.ar\\\/web\\\/#\\\/schema\\\/logo\\\/image\\\/\"},\"sameAs\":[\"http:\\\/\\\/www.facebook.com\\\/ARQUIMASTER.com.ar\",\"https:\\\/\\\/x.com\\\/arquimaster\",\"https:\\\/\\\/www.instagram.com\\\/arquimasterblog\\\/\",\"https:\\\/\\\/www.linkedin.com\\\/company\\\/arquimaster\",\"https:\\\/\\\/www.pinterest.com\\\/arquimaster\",\"https:\\\/\\\/t.me\\\/arquimaster\"]},{\"@type\":\"Person\",\"@id\":\"https:\\\/\\\/www.arquimaster.com.ar\\\/web\\\/#\\\/schema\\\/person\\\/359e9f7c00193fcde068e0dd2ceb0028\",\"name\":\"Arquimaster\"}]}<\/script>\n<!-- \/ Yoast SEO plugin. -->","yoast_head_json":{"title":"Residencia OG \/ Ordaz Coppel Arquitectos - Arquimaster","description":"Un proyecto acogedor de dise\u00f1o atemporal y ecl\u00e9ctico, cuya paleta de colores neutra busca brindar protagonismo a detalles artesanales y obras de arte.","robots":{"index":"index","follow":"follow","max-snippet":"max-snippet:-1","max-image-preview":"max-image-preview:large","max-video-preview":"max-video-preview:-1"},"canonical":"https:\/\/www.arquimaster.com.ar\/web\/residencia-og-ordaz-coppel-arquitectos\/","og_locale":"es_ES","og_type":"article","og_title":"Residencia OG \/ Ordaz Coppel Arquitectos","og_description":"Un proyecto acogedor de dise\u00f1o atemporal y ecl\u00e9ctico, cuya paleta de colores neutra busca brindar protagonismo a detalles artesanales y obras de arte.","og_url":"https:\/\/www.arquimaster.com.ar\/web\/residencia-og-ordaz-coppel-arquitectos\/","og_site_name":"Arquimaster","article_publisher":"http:\/\/www.facebook.com\/ARQUIMASTER.com.ar","article_published_time":"2023-03-09T19:14:16+00:00","article_modified_time":"2023-05-22T22:27:25+00:00","og_image":[{"width":698,"height":364,"url":"https:\/\/www.arquimaster.com.ar\/web\/wp-content\/uploads\/2023\/03\/residencia_og_slide.jpg","type":"image\/jpeg"}],"author":"Arquimaster","twitter_card":"summary_large_image","twitter_title":"Residencia OG \/ Ordaz Coppel Arquitectos","twitter_description":"Un proyecto acogedor de dise\u00f1o atemporal y ecl\u00e9ctico, cuya paleta de colores neutra busca brindar protagonismo a detalles artesanales y obras de arte.","twitter_image":"https:\/\/www.arquimaster.com.ar\/web\/wp-content\/uploads\/2023\/03\/residencia_og_slide.jpg","twitter_creator":"@arquimaster","twitter_site":"@arquimaster","twitter_misc":{"Escrito por":"Arquimaster","Tiempo de lectura":"3 minutos"},"schema":{"@context":"https:\/\/schema.org","@graph":[{"@type":"Article","@id":"https:\/\/www.arquimaster.com.ar\/web\/residencia-og-ordaz-coppel-arquitectos\/#article","isPartOf":{"@id":"https:\/\/www.arquimaster.com.ar\/web\/residencia-og-ordaz-coppel-arquitectos\/"},"author":{"name":"Arquimaster","@id":"https:\/\/www.arquimaster.com.ar\/web\/#\/schema\/person\/359e9f7c00193fcde068e0dd2ceb0028"},"headline":"Residencia OG \/ Ordaz Coppel Arquitectos","datePublished":"2023-03-09T19:14:16+00:00","dateModified":"2023-05-22T22:27:25+00:00","mainEntityOfPage":{"@id":"https:\/\/www.arquimaster.com.ar\/web\/residencia-og-ordaz-coppel-arquitectos\/"},"wordCount":635,"publisher":{"@id":"https:\/\/www.arquimaster.com.ar\/web\/#organization"},"image":{"@id":"https:\/\/www.arquimaster.com.ar\/web\/residencia-og-ordaz-coppel-arquitectos\/#primaryimage"},"thumbnailUrl":"https:\/\/www.arquimaster.com.ar\/web\/wp-content\/uploads\/2023\/03\/residencia_og_slide.jpg","keywords":["arquitectura residencial","Mazatl\u00e1n","Mexico","Ordaz Coppel Arquitectos","Sinaloa","vivienda unifamiliar"],"articleSection":["Proyecto","Vivienda unifamiliar y PH"],"inLanguage":"es"},{"@type":"WebPage","@id":"https:\/\/www.arquimaster.com.ar\/web\/residencia-og-ordaz-coppel-arquitectos\/","url":"https:\/\/www.arquimaster.com.ar\/web\/residencia-og-ordaz-coppel-arquitectos\/","name":"Residencia OG \/ Ordaz Coppel Arquitectos - Arquimaster","isPartOf":{"@id":"https:\/\/www.arquimaster.com.ar\/web\/#website"},"primaryImageOfPage":{"@id":"https:\/\/www.arquimaster.com.ar\/web\/residencia-og-ordaz-coppel-arquitectos\/#primaryimage"},"image":{"@id":"https:\/\/www.arquimaster.com.ar\/web\/residencia-og-ordaz-coppel-arquitectos\/#primaryimage"},"thumbnailUrl":"https:\/\/www.arquimaster.com.ar\/web\/wp-content\/uploads\/2023\/03\/residencia_og_slide.jpg","datePublished":"2023-03-09T19:14:16+00:00","dateModified":"2023-05-22T22:27:25+00:00","description":"Un proyecto acogedor de dise\u00f1o atemporal y ecl\u00e9ctico, cuya paleta de colores neutra busca brindar protagonismo a detalles artesanales y obras de arte.","breadcrumb":{"@id":"https:\/\/www.arquimaster.com.ar\/web\/residencia-og-ordaz-coppel-arquitectos\/#breadcrumb"},"inLanguage":"es","potentialAction":[{"@type":"ReadAction","target":["https:\/\/www.arquimaster.com.ar\/web\/residencia-og-ordaz-coppel-arquitectos\/"]}]},{"@type":"ImageObject","inLanguage":"es","@id":"https:\/\/www.arquimaster.com.ar\/web\/residencia-og-ordaz-coppel-arquitectos\/#primaryimage","url":"https:\/\/www.arquimaster.com.ar\/web\/wp-content\/uploads\/2023\/03\/residencia_og_slide.jpg","contentUrl":"https:\/\/www.arquimaster.com.ar\/web\/wp-content\/uploads\/2023\/03\/residencia_og_slide.jpg","width":698,"height":364,"caption":"Residencia OG \/ Ordaz Coppel Arquitectos"},{"@type":"BreadcrumbList","@id":"https:\/\/www.arquimaster.com.ar\/web\/residencia-og-ordaz-coppel-arquitectos\/#breadcrumb","itemListElement":[{"@type":"ListItem","position":1,"name":"Portada","item":"https:\/\/www.arquimaster.com.ar\/web\/"},{"@type":"ListItem","position":2,"name":"Residencia OG \/ Ordaz Coppel Arquitectos"}]},{"@type":"WebSite","@id":"https:\/\/www.arquimaster.com.ar\/web\/#website","url":"https:\/\/www.arquimaster.com.ar\/web\/","name":"Arquimaster","description":"Web de arquitectura, dise\u00f1o y construccion","publisher":{"@id":"https:\/\/www.arquimaster.com.ar\/web\/#organization"},"potentialAction":[{"@type":"SearchAction","target":{"@type":"EntryPoint","urlTemplate":"https:\/\/www.arquimaster.com.ar\/web\/?s={search_term_string}"},"query-input":{"@type":"PropertyValueSpecification","valueRequired":true,"valueName":"search_term_string"}}],"inLanguage":"es"},{"@type":"Organization","@id":"https:\/\/www.arquimaster.com.ar\/web\/#organization","name":"Arquimaster","url":"https:\/\/www.arquimaster.com.ar\/web\/","logo":{"@type":"ImageObject","inLanguage":"es","@id":"https:\/\/www.arquimaster.com.ar\/web\/#\/schema\/logo\/image\/","url":"https:\/\/www.arquimaster.com.ar\/web\/wp-content\/uploads\/2022\/06\/arquimaster.png","contentUrl":"https:\/\/www.arquimaster.com.ar\/web\/wp-content\/uploads\/2022\/06\/arquimaster.png","width":594,"height":78,"caption":"Arquimaster"},"image":{"@id":"https:\/\/www.arquimaster.com.ar\/web\/#\/schema\/logo\/image\/"},"sameAs":["http:\/\/www.facebook.com\/ARQUIMASTER.com.ar","https:\/\/x.com\/arquimaster","https:\/\/www.instagram.com\/arquimasterblog\/","https:\/\/www.linkedin.com\/company\/arquimaster","https:\/\/www.pinterest.com\/arquimaster","https:\/\/t.me\/arquimaster"]},{"@type":"Person","@id":"https:\/\/www.arquimaster.com.ar\/web\/#\/schema\/person\/359e9f7c00193fcde068e0dd2ceb0028","name":"Arquimaster"}]}},"uagb_featured_image_src":{"full":["https:\/\/www.arquimaster.com.ar\/web\/wp-content\/uploads\/2023\/03\/residencia_og_slide.jpg",698,364,false],"thumbnail":["https:\/\/www.arquimaster.com.ar\/web\/wp-content\/uploads\/2023\/03\/residencia_og_slide-150x150.jpg",150,150,true],"medium":["https:\/\/www.arquimaster.com.ar\/web\/wp-content\/uploads\/2023\/03\/residencia_og_slide.jpg",698,364,false],"medium_large":["https:\/\/www.arquimaster.com.ar\/web\/wp-content\/uploads\/2023\/03\/residencia_og_slide.jpg",698,364,false],"large":["https:\/\/www.arquimaster.com.ar\/web\/wp-content\/uploads\/2023\/03\/residencia_og_slide.jpg",698,364,false],"1536x1536":["https:\/\/www.arquimaster.com.ar\/web\/wp-content\/uploads\/2023\/03\/residencia_og_slide.jpg",698,364,false],"2048x2048":["https:\/\/www.arquimaster.com.ar\/web\/wp-content\/uploads\/2023\/03\/residencia_og_slide.jpg",698,364,false]},"uagb_author_info":{"display_name":"Arquimaster","author_link":"https:\/\/www.arquimaster.com.ar\/web\/author\/arquimaster\/"},"uagb_comment_info":0,"uagb_excerpt":"Un proyecto acogedor de dise\u00f1o atemporal y ecl\u00e9ctico...","_links":{"self":[{"href":"https:\/\/www.arquimaster.com.ar\/web\/wp-json\/wp\/v2\/posts\/75136","targetHints":{"allow":["GET"]}}],"collection":[{"href":"https:\/\/www.arquimaster.com.ar\/web\/wp-json\/wp\/v2\/posts"}],"about":[{"href":"https:\/\/www.arquimaster.com.ar\/web\/wp-json\/wp\/v2\/types\/post"}],"author":[{"embeddable":true,"href":"https:\/\/www.arquimaster.com.ar\/web\/wp-json\/wp\/v2\/users\/1"}],"replies":[{"embeddable":true,"href":"https:\/\/www.arquimaster.com.ar\/web\/wp-json\/wp\/v2\/comments?post=75136"}],"version-history":[{"count":3,"href":"https:\/\/www.arquimaster.com.ar\/web\/wp-json\/wp\/v2\/posts\/75136\/revisions"}],"predecessor-version":[{"id":75246,"href":"https:\/\/www.arquimaster.com.ar\/web\/wp-json\/wp\/v2\/posts\/75136\/revisions\/75246"}],"wp:featuredmedia":[{"embeddable":true,"href":"https:\/\/www.arquimaster.com.ar\/web\/wp-json\/wp\/v2\/media\/75244"}],"wp:attachment":[{"href":"https:\/\/www.arquimaster.com.ar\/web\/wp-json\/wp\/v2\/media?parent=75136"}],"wp:term":[{"taxonomy":"category","embeddable":true,"href":"https:\/\/www.arquimaster.com.ar\/web\/wp-json\/wp\/v2\/categories?post=75136"},{"taxonomy":"post_tag","embeddable":true,"href":"https:\/\/www.arquimaster.com.ar\/web\/wp-json\/wp\/v2\/tags?post=75136"}],"curies":[{"name":"wp","href":"https:\/\/api.w.org\/{rel}","templated":true}]}}