{"id":75249,"date":"2023-03-16T21:55:29","date_gmt":"2023-03-17T00:55:29","guid":{"rendered":"https:\/\/www.arquimaster.com.ar\/web\/?p=75249"},"modified":"2023-06-01T15:44:18","modified_gmt":"2023-06-01T18:44:18","slug":"ascensor-urbano-en-bellavista-jiga","status":"publish","type":"post","link":"https:\/\/www.arquimaster.com.ar\/web\/ascensor-urbano-en-bellavista-jiga\/","title":{"rendered":"Ascensor urbano en Bellavista \/ JIGA"},"content":{"rendered":"<div style=\"margin-top: 0px; margin-bottom: 0px;\" class=\"sharethis-inline-share-buttons\" ><\/div><div class=\"b812932af2e751442846f039925109de\" data-index=\"1\" style=\"float: none; margin:25px 0 25px 0; text-align:center;\">\n<script async src=\"https:\/\/pagead2.googlesyndication.com\/pagead\/js\/adsbygoogle.js\"><\/script>\r\n<!-- Arquimaster (superior) -->\r\n<ins class=\"adsbygoogle\"\r\n     style=\"display:block\"\r\n     data-ad-client=\"ca-pub-6351072698456832\"\r\n     data-ad-slot=\"6455489680\"\r\n     data-ad-format=\"auto\"\r\n     data-full-width-responsive=\"true\"><\/ins>\r\n<script>\r\n     (adsbygoogle = window.adsbygoogle || []).push({});\r\n<\/script>\n<\/div>\n<p><strong>Ascensor urbano en Bellavista<\/strong> (Les Franqueses del Vall\u00e8s, Espa\u00f1a) por <strong>JIGA<\/strong>. Bellavista es un barrio del municipio de Les Franqueses del Vall\u00e8s situado en una peque\u00f1a colina. Varios equipamientos como una escuela, un instituto, un centro cultural y una zona deportiva se sit\u00faan en la parte m\u00e1s alta de Bellavista, mientras que la zona residencial se ubica en la parte baja. El recorrido principal de acceso a los equipamientos pasa por el parque Pa\u00efsos Catalans, donde nos encontramos largas rampas peatonales y unas escalinatas, sin disponer de una soluci\u00f3n c\u00f3moda y adaptada para salvar el gran desnivel.<\/p>\n<div id='gallery-1' class='gallery galleryid-75249 gallery-columns-3 gallery-size-thumbnail'><figure class='gallery-item'>\n\t\t\t<div class='gallery-icon portrait'>\n\t\t\t\t<a href='https:\/\/www.arquimaster.com.ar\/web\/wp-content\/uploads\/2023\/03\/ascensor_urbano_bellavista1.jpg' title=\"Ascensor urbano en Bellavista \/ JIGA (\u00a9 Davide Pellegrini)\" data-rl_title=\"Ascensor urbano en Bellavista \/ JIGA (\u00a9 Davide Pellegrini)\" class=\"rl-gallery-link\" data-rl_caption=\"Ascensor urbano en Bellavista \/ JIGA (\u00a9 Davide Pellegrini)\" data-rel=\"lightbox-gallery-1\"><img loading=\"lazy\" decoding=\"async\" width=\"150\" height=\"150\" src=\"https:\/\/www.arquimaster.com.ar\/web\/wp-content\/uploads\/2023\/03\/ascensor_urbano_bellavista1-150x150.jpg\" class=\"attachment-thumbnail size-thumbnail\" alt=\"Ascensor urbano en Bellavista \/ JIGA\" aria-describedby=\"gallery-1-75251\" \/><\/a>\n\t\t\t<\/div>\n\t\t\t\t<figcaption class='wp-caption-text gallery-caption' id='gallery-1-75251'>\n\t\t\t\tAscensor urbano en Bellavista \/ JIGA (\u00a9 Davide Pellegrini)\n\t\t\t\t<\/figcaption><\/figure><figure class='gallery-item'>\n\t\t\t<div class='gallery-icon portrait'>\n\t\t\t\t<a href='https:\/\/www.arquimaster.com.ar\/web\/wp-content\/uploads\/2023\/03\/ascensor_urbano_bellavista2.jpg' title=\"Ascensor urbano en Bellavista \/ JIGA (\u00a9 Davide Pellegrini)\" data-rl_title=\"Ascensor urbano en Bellavista \/ JIGA (\u00a9 Davide Pellegrini)\" class=\"rl-gallery-link\" data-rl_caption=\"Ascensor urbano en Bellavista \/ JIGA (\u00a9 Davide Pellegrini)\" data-rel=\"lightbox-gallery-1\"><img loading=\"lazy\" decoding=\"async\" width=\"150\" height=\"150\" src=\"https:\/\/www.arquimaster.com.ar\/web\/wp-content\/uploads\/2023\/03\/ascensor_urbano_bellavista2-150x150.jpg\" class=\"attachment-thumbnail size-thumbnail\" alt=\"Ascensor urbano en Bellavista \/ JIGA\" aria-describedby=\"gallery-1-75252\" \/><\/a>\n\t\t\t<\/div>\n\t\t\t\t<figcaption class='wp-caption-text gallery-caption' id='gallery-1-75252'>\n\t\t\t\tAscensor urbano en Bellavista \/ JIGA (\u00a9 Davide Pellegrini)\n\t\t\t\t<\/figcaption><\/figure><figure class='gallery-item'>\n\t\t\t<div class='gallery-icon portrait'>\n\t\t\t\t<a href='https:\/\/www.arquimaster.com.ar\/web\/wp-content\/uploads\/2023\/03\/ascensor_urbano_bellavista3.jpg' title=\"Ascensor urbano en Bellavista \/ JIGA (\u00a9 Davide Pellegrini)\" data-rl_title=\"Ascensor urbano en Bellavista \/ JIGA (\u00a9 Davide Pellegrini)\" class=\"rl-gallery-link\" data-rl_caption=\"Ascensor urbano en Bellavista \/ JIGA (\u00a9 Davide Pellegrini)\" data-rel=\"lightbox-gallery-1\"><img loading=\"lazy\" decoding=\"async\" width=\"150\" height=\"150\" src=\"https:\/\/www.arquimaster.com.ar\/web\/wp-content\/uploads\/2023\/03\/ascensor_urbano_bellavista3-150x150.jpg\" class=\"attachment-thumbnail size-thumbnail\" alt=\"Ascensor urbano en Bellavista \/ JIGA\" aria-describedby=\"gallery-1-75253\" \/><\/a>\n\t\t\t<\/div>\n\t\t\t\t<figcaption class='wp-caption-text gallery-caption' id='gallery-1-75253'>\n\t\t\t\tAscensor urbano en Bellavista \/ JIGA (\u00a9 Davide Pellegrini)\n\t\t\t\t<\/figcaption><\/figure><figure class='gallery-item'>\n\t\t\t<div class='gallery-icon portrait'>\n\t\t\t\t<a href='https:\/\/www.arquimaster.com.ar\/web\/wp-content\/uploads\/2023\/03\/ascensor_urbano_bellavista4.jpg' title=\"Ascensor urbano en Bellavista \/ JIGA (\u00a9 Davide Pellegrini)\" data-rl_title=\"Ascensor urbano en Bellavista \/ JIGA (\u00a9 Davide Pellegrini)\" class=\"rl-gallery-link\" data-rl_caption=\"Ascensor urbano en Bellavista \/ JIGA (\u00a9 Davide Pellegrini)\" data-rel=\"lightbox-gallery-1\"><img loading=\"lazy\" decoding=\"async\" width=\"150\" height=\"150\" src=\"https:\/\/www.arquimaster.com.ar\/web\/wp-content\/uploads\/2023\/03\/ascensor_urbano_bellavista4-150x150.jpg\" class=\"attachment-thumbnail size-thumbnail\" alt=\"Ascensor urbano en Bellavista \/ JIGA\" aria-describedby=\"gallery-1-75254\" \/><\/a>\n\t\t\t<\/div>\n\t\t\t\t<figcaption class='wp-caption-text gallery-caption' id='gallery-1-75254'>\n\t\t\t\tAscensor urbano en Bellavista \/ JIGA (\u00a9 Davide Pellegrini)\n\t\t\t\t<\/figcaption><\/figure><figure class='gallery-item'>\n\t\t\t<div class='gallery-icon landscape'>\n\t\t\t\t<a href='https:\/\/www.arquimaster.com.ar\/web\/wp-content\/uploads\/2023\/03\/ascensor_urbano_bellavista5.jpg' title=\"Ascensor urbano en Bellavista \/ JIGA (\u00a9 Davide Pellegrini)\" data-rl_title=\"Ascensor urbano en Bellavista \/ JIGA (\u00a9 Davide Pellegrini)\" class=\"rl-gallery-link\" data-rl_caption=\"Ascensor urbano en Bellavista \/ JIGA (\u00a9 Davide Pellegrini)\" data-rel=\"lightbox-gallery-1\"><img loading=\"lazy\" decoding=\"async\" width=\"150\" height=\"150\" src=\"https:\/\/www.arquimaster.com.ar\/web\/wp-content\/uploads\/2023\/03\/ascensor_urbano_bellavista5-150x150.jpg\" class=\"attachment-thumbnail size-thumbnail\" alt=\"Ascensor urbano en Bellavista \/ JIGA\" aria-describedby=\"gallery-1-75255\" \/><\/a>\n\t\t\t<\/div>\n\t\t\t\t<figcaption class='wp-caption-text gallery-caption' id='gallery-1-75255'>\n\t\t\t\tAscensor urbano en Bellavista \/ JIGA (\u00a9 Davide Pellegrini)\n\t\t\t\t<\/figcaption><\/figure><figure class='gallery-item'>\n\t\t\t<div class='gallery-icon portrait'>\n\t\t\t\t<a href='https:\/\/www.arquimaster.com.ar\/web\/wp-content\/uploads\/2023\/03\/ascensor_urbano_bellavista6.jpg' title=\"Ascensor urbano en Bellavista \/ JIGA (\u00a9 Davide Pellegrini)\" data-rl_title=\"Ascensor urbano en Bellavista \/ JIGA (\u00a9 Davide Pellegrini)\" class=\"rl-gallery-link\" data-rl_caption=\"Ascensor urbano en Bellavista \/ JIGA (\u00a9 Davide Pellegrini)\" data-rel=\"lightbox-gallery-1\"><img loading=\"lazy\" decoding=\"async\" width=\"150\" height=\"150\" src=\"https:\/\/www.arquimaster.com.ar\/web\/wp-content\/uploads\/2023\/03\/ascensor_urbano_bellavista6-150x150.jpg\" class=\"attachment-thumbnail size-thumbnail\" alt=\"Ascensor urbano en Bellavista \/ JIGA\" aria-describedby=\"gallery-1-75256\" \/><\/a>\n\t\t\t<\/div>\n\t\t\t\t<figcaption class='wp-caption-text gallery-caption' id='gallery-1-75256'>\n\t\t\t\tAscensor urbano en Bellavista \/ JIGA (\u00a9 Davide Pellegrini)\n\t\t\t\t<\/figcaption><\/figure><figure class='gallery-item'>\n\t\t\t<div class='gallery-icon landscape'>\n\t\t\t\t<a href='https:\/\/www.arquimaster.com.ar\/web\/wp-content\/uploads\/2023\/03\/ascensor_urbano_bellavista7.jpg' title=\"Ascensor urbano en Bellavista \/ JIGA (\u00a9 Davide Pellegrini)\" data-rl_title=\"Ascensor urbano en Bellavista \/ JIGA (\u00a9 Davide Pellegrini)\" class=\"rl-gallery-link\" data-rl_caption=\"Ascensor urbano en Bellavista \/ JIGA (\u00a9 Davide Pellegrini)\" data-rel=\"lightbox-gallery-1\"><img loading=\"lazy\" decoding=\"async\" width=\"150\" height=\"150\" src=\"https:\/\/www.arquimaster.com.ar\/web\/wp-content\/uploads\/2023\/03\/ascensor_urbano_bellavista7-150x150.jpg\" class=\"attachment-thumbnail size-thumbnail\" alt=\"Ascensor urbano en Bellavista \/ JIGA\" aria-describedby=\"gallery-1-75257\" \/><\/a>\n\t\t\t<\/div>\n\t\t\t\t<figcaption class='wp-caption-text gallery-caption' id='gallery-1-75257'>\n\t\t\t\tAscensor urbano en Bellavista \/ JIGA (\u00a9 Davide Pellegrini)\n\t\t\t\t<\/figcaption><\/figure><figure class='gallery-item'>\n\t\t\t<div class='gallery-icon portrait'>\n\t\t\t\t<a href='https:\/\/www.arquimaster.com.ar\/web\/wp-content\/uploads\/2023\/03\/ascensor_urbano_bellavista8.jpg' title=\"Ascensor urbano en Bellavista \/ JIGA (\u00a9 Davide Pellegrini)\" data-rl_title=\"Ascensor urbano en Bellavista \/ JIGA (\u00a9 Davide Pellegrini)\" class=\"rl-gallery-link\" data-rl_caption=\"Ascensor urbano en Bellavista \/ JIGA (\u00a9 Davide Pellegrini)\" data-rel=\"lightbox-gallery-1\"><img loading=\"lazy\" decoding=\"async\" width=\"150\" height=\"150\" src=\"https:\/\/www.arquimaster.com.ar\/web\/wp-content\/uploads\/2023\/03\/ascensor_urbano_bellavista8-150x150.jpg\" class=\"attachment-thumbnail size-thumbnail\" alt=\"Ascensor urbano en Bellavista \/ JIGA\" aria-describedby=\"gallery-1-75258\" \/><\/a>\n\t\t\t<\/div>\n\t\t\t\t<figcaption class='wp-caption-text gallery-caption' id='gallery-1-75258'>\n\t\t\t\tAscensor urbano en Bellavista \/ JIGA (\u00a9 Davide Pellegrini)\n\t\t\t\t<\/figcaption><\/figure><figure class='gallery-item'>\n\t\t\t<div class='gallery-icon landscape'>\n\t\t\t\t<a href='https:\/\/www.arquimaster.com.ar\/web\/wp-content\/uploads\/2023\/03\/ascensor_urbano_bellavista9.jpg' title=\"Ascensor urbano en Bellavista \/ JIGA (\u00a9 Davide Pellegrini)\" data-rl_title=\"Ascensor urbano en Bellavista \/ JIGA (\u00a9 Davide Pellegrini)\" class=\"rl-gallery-link\" data-rl_caption=\"Ascensor urbano en Bellavista \/ JIGA (\u00a9 Davide Pellegrini)\" data-rel=\"lightbox-gallery-1\"><img loading=\"lazy\" decoding=\"async\" width=\"150\" height=\"150\" src=\"https:\/\/www.arquimaster.com.ar\/web\/wp-content\/uploads\/2023\/03\/ascensor_urbano_bellavista9-150x150.jpg\" class=\"attachment-thumbnail size-thumbnail\" alt=\"Ascensor urbano en Bellavista \/ JIGA\" aria-describedby=\"gallery-1-75259\" \/><\/a>\n\t\t\t<\/div>\n\t\t\t\t<figcaption class='wp-caption-text gallery-caption' id='gallery-1-75259'>\n\t\t\t\tAscensor urbano en Bellavista \/ JIGA (\u00a9 Davide Pellegrini)\n\t\t\t\t<\/figcaption><\/figure><figure class='gallery-item'>\n\t\t\t<div class='gallery-icon landscape'>\n\t\t\t\t<a href='https:\/\/www.arquimaster.com.ar\/web\/wp-content\/uploads\/2023\/03\/ascensor_urbano_bellavista10.jpg' title=\"Ascensor urbano en Bellavista \/ JIGA (\u00a9 Davide Pellegrini)\" data-rl_title=\"Ascensor urbano en Bellavista \/ JIGA (\u00a9 Davide Pellegrini)\" class=\"rl-gallery-link\" data-rl_caption=\"Ascensor urbano en Bellavista \/ JIGA (\u00a9 Davide Pellegrini)\" data-rel=\"lightbox-gallery-1\"><img loading=\"lazy\" decoding=\"async\" width=\"150\" height=\"150\" src=\"https:\/\/www.arquimaster.com.ar\/web\/wp-content\/uploads\/2023\/03\/ascensor_urbano_bellavista10-150x150.jpg\" class=\"attachment-thumbnail size-thumbnail\" alt=\"Ascensor urbano en Bellavista \/ JIGA\" aria-describedby=\"gallery-1-75260\" \/><\/a>\n\t\t\t<\/div>\n\t\t\t\t<figcaption class='wp-caption-text gallery-caption' id='gallery-1-75260'>\n\t\t\t\tAscensor urbano en Bellavista \/ JIGA (\u00a9 Davide Pellegrini)\n\t\t\t\t<\/figcaption><\/figure><figure class='gallery-item'>\n\t\t\t<div class='gallery-icon landscape'>\n\t\t\t\t<a href='https:\/\/www.arquimaster.com.ar\/web\/wp-content\/uploads\/2023\/03\/ascensor_urbano_bellavista11.jpg' title=\"Ascensor urbano en Bellavista \/ JIGA (\u00a9 Davide Pellegrini)\" data-rl_title=\"Ascensor urbano en Bellavista \/ JIGA (\u00a9 Davide Pellegrini)\" class=\"rl-gallery-link\" data-rl_caption=\"Ascensor urbano en Bellavista \/ JIGA (\u00a9 Davide Pellegrini)\" data-rel=\"lightbox-gallery-1\"><img loading=\"lazy\" decoding=\"async\" width=\"150\" height=\"150\" src=\"https:\/\/www.arquimaster.com.ar\/web\/wp-content\/uploads\/2023\/03\/ascensor_urbano_bellavista11-150x150.jpg\" class=\"attachment-thumbnail size-thumbnail\" alt=\"Ascensor urbano en Bellavista \/ JIGA\" aria-describedby=\"gallery-1-75261\" \/><\/a>\n\t\t\t<\/div>\n\t\t\t\t<figcaption class='wp-caption-text gallery-caption' id='gallery-1-75261'>\n\t\t\t\tAscensor urbano en Bellavista \/ JIGA (\u00a9 Davide Pellegrini)\n\t\t\t\t<\/figcaption><\/figure><figure class='gallery-item'>\n\t\t\t<div class='gallery-icon portrait'>\n\t\t\t\t<a href='https:\/\/www.arquimaster.com.ar\/web\/wp-content\/uploads\/2023\/03\/ascensor_urbano_bellavista12.jpg' title=\"Ascensor urbano en Bellavista \/ JIGA (\u00a9 Davide Pellegrini)\" data-rl_title=\"Ascensor urbano en Bellavista \/ JIGA (\u00a9 Davide Pellegrini)\" class=\"rl-gallery-link\" data-rl_caption=\"Ascensor urbano en Bellavista \/ JIGA (\u00a9 Davide Pellegrini)\" data-rel=\"lightbox-gallery-1\"><img loading=\"lazy\" decoding=\"async\" width=\"150\" height=\"150\" src=\"https:\/\/www.arquimaster.com.ar\/web\/wp-content\/uploads\/2023\/03\/ascensor_urbano_bellavista12-150x150.jpg\" class=\"attachment-thumbnail size-thumbnail\" alt=\"Ascensor urbano en Bellavista \/ JIGA\" aria-describedby=\"gallery-1-75262\" \/><\/a>\n\t\t\t<\/div>\n\t\t\t\t<figcaption class='wp-caption-text gallery-caption' id='gallery-1-75262'>\n\t\t\t\tAscensor urbano en Bellavista \/ JIGA (\u00a9 Davide Pellegrini)\n\t\t\t\t<\/figcaption><\/figure><figure class='gallery-item'>\n\t\t\t<div class='gallery-icon portrait'>\n\t\t\t\t<a href='https:\/\/www.arquimaster.com.ar\/web\/wp-content\/uploads\/2023\/03\/ascensor_urbano_bellavista13.jpg' title=\"Ascensor urbano en Bellavista \/ JIGA (\u00a9 Davide Pellegrini)\" data-rl_title=\"Ascensor urbano en Bellavista \/ JIGA (\u00a9 Davide Pellegrini)\" class=\"rl-gallery-link\" data-rl_caption=\"Ascensor urbano en Bellavista \/ JIGA (\u00a9 Davide Pellegrini)\" data-rel=\"lightbox-gallery-1\"><img loading=\"lazy\" decoding=\"async\" width=\"150\" height=\"150\" src=\"https:\/\/www.arquimaster.com.ar\/web\/wp-content\/uploads\/2023\/03\/ascensor_urbano_bellavista13-150x150.jpg\" class=\"attachment-thumbnail size-thumbnail\" alt=\"Ascensor urbano en Bellavista \/ JIGA\" aria-describedby=\"gallery-1-75263\" \/><\/a>\n\t\t\t<\/div>\n\t\t\t\t<figcaption class='wp-caption-text gallery-caption' id='gallery-1-75263'>\n\t\t\t\tAscensor urbano en Bellavista \/ JIGA (\u00a9 Davide Pellegrini)\n\t\t\t\t<\/figcaption><\/figure><figure class='gallery-item'>\n\t\t\t<div class='gallery-icon portrait'>\n\t\t\t\t<a href='https:\/\/www.arquimaster.com.ar\/web\/wp-content\/uploads\/2023\/03\/ascensor_urbano_bellavista14.jpg' title=\"Ascensor urbano en Bellavista \/ JIGA (\u00a9 Davide Pellegrini)\" data-rl_title=\"Ascensor urbano en Bellavista \/ JIGA (\u00a9 Davide Pellegrini)\" class=\"rl-gallery-link\" data-rl_caption=\"Ascensor urbano en Bellavista \/ JIGA (\u00a9 Davide Pellegrini)\" data-rel=\"lightbox-gallery-1\"><img loading=\"lazy\" decoding=\"async\" width=\"150\" height=\"150\" src=\"https:\/\/www.arquimaster.com.ar\/web\/wp-content\/uploads\/2023\/03\/ascensor_urbano_bellavista14-150x150.jpg\" class=\"attachment-thumbnail size-thumbnail\" alt=\"Ascensor urbano en Bellavista \/ JIGA\" aria-describedby=\"gallery-1-75264\" \/><\/a>\n\t\t\t<\/div>\n\t\t\t\t<figcaption class='wp-caption-text gallery-caption' id='gallery-1-75264'>\n\t\t\t\tAscensor urbano en Bellavista \/ JIGA (\u00a9 Davide Pellegrini)\n\t\t\t\t<\/figcaption><\/figure><figure class='gallery-item'>\n\t\t\t<div class='gallery-icon portrait'>\n\t\t\t\t<a href='https:\/\/www.arquimaster.com.ar\/web\/wp-content\/uploads\/2023\/03\/ascensor_urbano_bellavista15.jpg' title=\"Ascensor urbano en Bellavista \/ JIGA (\u00a9 Davide Pellegrini)\" data-rl_title=\"Ascensor urbano en Bellavista \/ JIGA (\u00a9 Davide Pellegrini)\" class=\"rl-gallery-link\" data-rl_caption=\"Ascensor urbano en Bellavista \/ JIGA (\u00a9 Davide Pellegrini)\" data-rel=\"lightbox-gallery-1\"><img loading=\"lazy\" decoding=\"async\" width=\"150\" height=\"150\" src=\"https:\/\/www.arquimaster.com.ar\/web\/wp-content\/uploads\/2023\/03\/ascensor_urbano_bellavista15-150x150.jpg\" class=\"attachment-thumbnail size-thumbnail\" alt=\"Ascensor urbano en Bellavista \/ JIGA\" aria-describedby=\"gallery-1-75265\" \/><\/a>\n\t\t\t<\/div>\n\t\t\t\t<figcaption class='wp-caption-text gallery-caption' id='gallery-1-75265'>\n\t\t\t\tAscensor urbano en Bellavista \/ JIGA (\u00a9 Davide Pellegrini)\n\t\t\t\t<\/figcaption><\/figure><figure class='gallery-item'>\n\t\t\t<div class='gallery-icon landscape'>\n\t\t\t\t<a href='https:\/\/www.arquimaster.com.ar\/web\/wp-content\/uploads\/2023\/03\/ascensor_urbano_bellavista16.jpg' title=\"Ascensor urbano en Bellavista \/ JIGA (implantaci\u00f3n)\" data-rl_title=\"Ascensor urbano en Bellavista \/ JIGA (implantaci\u00f3n)\" class=\"rl-gallery-link\" data-rl_caption=\"Ascensor urbano en Bellavista \/ JIGA (implantaci\u00f3n)\" data-rel=\"lightbox-gallery-1\"><img loading=\"lazy\" decoding=\"async\" width=\"150\" height=\"150\" src=\"https:\/\/www.arquimaster.com.ar\/web\/wp-content\/uploads\/2023\/03\/ascensor_urbano_bellavista16-150x150.jpg\" class=\"attachment-thumbnail size-thumbnail\" alt=\"Ascensor urbano en Bellavista \/ JIGA\" aria-describedby=\"gallery-1-75266\" \/><\/a>\n\t\t\t<\/div>\n\t\t\t\t<figcaption class='wp-caption-text gallery-caption' id='gallery-1-75266'>\n\t\t\t\tAscensor urbano en Bellavista \/ JIGA (implantaci\u00f3n)\n\t\t\t\t<\/figcaption><\/figure><figure class='gallery-item'>\n\t\t\t<div class='gallery-icon landscape'>\n\t\t\t\t<a href='https:\/\/www.arquimaster.com.ar\/web\/wp-content\/uploads\/2023\/03\/ascensor_urbano_bellavista17.jpg' title=\"Ascensor urbano en Bellavista \/ JIGA (planta)\" data-rl_title=\"Ascensor urbano en Bellavista \/ JIGA (planta)\" class=\"rl-gallery-link\" data-rl_caption=\"Ascensor urbano en Bellavista \/ JIGA (planta)\" data-rel=\"lightbox-gallery-1\"><img loading=\"lazy\" decoding=\"async\" width=\"150\" height=\"150\" src=\"https:\/\/www.arquimaster.com.ar\/web\/wp-content\/uploads\/2023\/03\/ascensor_urbano_bellavista17-150x150.jpg\" class=\"attachment-thumbnail size-thumbnail\" alt=\"Ascensor urbano en Bellavista \/ JIGA\" aria-describedby=\"gallery-1-75267\" \/><\/a>\n\t\t\t<\/div>\n\t\t\t\t<figcaption class='wp-caption-text gallery-caption' id='gallery-1-75267'>\n\t\t\t\tAscensor urbano en Bellavista \/ JIGA (planta)\n\t\t\t\t<\/figcaption><\/figure><figure class='gallery-item'>\n\t\t\t<div class='gallery-icon landscape'>\n\t\t\t\t<a href='https:\/\/www.arquimaster.com.ar\/web\/wp-content\/uploads\/2023\/03\/ascensor_urbano_bellavista18.jpg' title=\"Ascensor urbano en Bellavista \/ JIGA (vista)\" data-rl_title=\"Ascensor urbano en Bellavista \/ JIGA (vista)\" class=\"rl-gallery-link\" data-rl_caption=\"Ascensor urbano en Bellavista \/ JIGA (vista)\" data-rel=\"lightbox-gallery-1\"><img loading=\"lazy\" decoding=\"async\" width=\"150\" height=\"150\" src=\"https:\/\/www.arquimaster.com.ar\/web\/wp-content\/uploads\/2023\/03\/ascensor_urbano_bellavista18-150x150.jpg\" class=\"attachment-thumbnail size-thumbnail\" alt=\"Ascensor urbano en Bellavista \/ JIGA\" aria-describedby=\"gallery-1-75268\" \/><\/a>\n\t\t\t<\/div>\n\t\t\t\t<figcaption class='wp-caption-text gallery-caption' id='gallery-1-75268'>\n\t\t\t\tAscensor urbano en Bellavista \/ JIGA (vista)\n\t\t\t\t<\/figcaption><\/figure><figure class='gallery-item'>\n\t\t\t<div class='gallery-icon portrait'>\n\t\t\t\t<a href='https:\/\/www.arquimaster.com.ar\/web\/wp-content\/uploads\/2023\/03\/ascensor_urbano_bellavista19.jpg' title=\"Ascensor urbano en Bellavista \/ JIGA (vista)\" data-rl_title=\"Ascensor urbano en Bellavista \/ JIGA (vista)\" class=\"rl-gallery-link\" data-rl_caption=\"Ascensor urbano en Bellavista \/ JIGA (vista)\" data-rel=\"lightbox-gallery-1\"><img loading=\"lazy\" decoding=\"async\" width=\"150\" height=\"150\" src=\"https:\/\/www.arquimaster.com.ar\/web\/wp-content\/uploads\/2023\/03\/ascensor_urbano_bellavista19-150x150.jpg\" class=\"attachment-thumbnail size-thumbnail\" alt=\"Ascensor urbano en Bellavista \/ JIGA\" aria-describedby=\"gallery-1-75269\" \/><\/a>\n\t\t\t<\/div>\n\t\t\t\t<figcaption class='wp-caption-text gallery-caption' id='gallery-1-75269'>\n\t\t\t\tAscensor urbano en Bellavista \/ JIGA (vista)\n\t\t\t\t<\/figcaption><\/figure><figure class='gallery-item'>\n\t\t\t<div class='gallery-icon portrait'>\n\t\t\t\t<a href='https:\/\/www.arquimaster.com.ar\/web\/wp-content\/uploads\/2023\/03\/ascensor_urbano_bellavista20.jpg' title=\"Ascensor urbano en Bellavista \/ JIGA (vista)\" data-rl_title=\"Ascensor urbano en Bellavista \/ JIGA (vista)\" class=\"rl-gallery-link\" data-rl_caption=\"Ascensor urbano en Bellavista \/ JIGA (vista)\" data-rel=\"lightbox-gallery-1\"><img loading=\"lazy\" decoding=\"async\" width=\"150\" height=\"150\" src=\"https:\/\/www.arquimaster.com.ar\/web\/wp-content\/uploads\/2023\/03\/ascensor_urbano_bellavista20-150x150.jpg\" class=\"attachment-thumbnail size-thumbnail\" alt=\"Ascensor urbano en Bellavista \/ JIGA\" aria-describedby=\"gallery-1-75270\" \/><\/a>\n\t\t\t<\/div>\n\t\t\t\t<figcaption class='wp-caption-text gallery-caption' id='gallery-1-75270'>\n\t\t\t\tAscensor urbano en Bellavista \/ JIGA (vista)\n\t\t\t\t<\/figcaption><\/figure><figure class='gallery-item'>\n\t\t\t<div class='gallery-icon portrait'>\n\t\t\t\t<a href='https:\/\/www.arquimaster.com.ar\/web\/wp-content\/uploads\/2023\/03\/ascensor_urbano_bellavista21.jpg' title=\"Ascensor urbano en Bellavista \/ JIGA (vista)\" data-rl_title=\"Ascensor urbano en Bellavista \/ JIGA (vista)\" class=\"rl-gallery-link\" data-rl_caption=\"Ascensor urbano en Bellavista \/ JIGA (vista)\" data-rel=\"lightbox-gallery-1\"><img loading=\"lazy\" decoding=\"async\" width=\"150\" height=\"150\" src=\"https:\/\/www.arquimaster.com.ar\/web\/wp-content\/uploads\/2023\/03\/ascensor_urbano_bellavista21-150x150.jpg\" class=\"attachment-thumbnail size-thumbnail\" alt=\"Ascensor urbano en Bellavista \/ JIGA\" aria-describedby=\"gallery-1-75271\" \/><\/a>\n\t\t\t<\/div>\n\t\t\t\t<figcaption class='wp-caption-text gallery-caption' id='gallery-1-75271'>\n\t\t\t\tAscensor urbano en Bellavista \/ JIGA (vista)\n\t\t\t\t<\/figcaption><\/figure><figure class='gallery-item'>\n\t\t\t<div class='gallery-icon portrait'>\n\t\t\t\t<a href='https:\/\/www.arquimaster.com.ar\/web\/wp-content\/uploads\/2023\/03\/ascensor_urbano_bellavista22.jpg' title=\"Ascensor urbano en Bellavista \/ JIGA (corte vista)\" data-rl_title=\"Ascensor urbano en Bellavista \/ JIGA (corte vista)\" class=\"rl-gallery-link\" data-rl_caption=\"Ascensor urbano en Bellavista \/ JIGA (corte vista)\" data-rel=\"lightbox-gallery-1\"><img loading=\"lazy\" decoding=\"async\" width=\"150\" height=\"150\" src=\"https:\/\/www.arquimaster.com.ar\/web\/wp-content\/uploads\/2023\/03\/ascensor_urbano_bellavista22-150x150.jpg\" class=\"attachment-thumbnail size-thumbnail\" alt=\"Ascensor urbano en Bellavista \/ JIGA\" aria-describedby=\"gallery-1-75272\" \/><\/a>\n\t\t\t<\/div>\n\t\t\t\t<figcaption class='wp-caption-text gallery-caption' id='gallery-1-75272'>\n\t\t\t\tAscensor urbano en Bellavista \/ JIGA (corte vista)\n\t\t\t\t<\/figcaption><\/figure><figure class='gallery-item'>\n\t\t\t<div class='gallery-icon landscape'>\n\t\t\t\t<a href='https:\/\/www.arquimaster.com.ar\/web\/wp-content\/uploads\/2023\/03\/ascensor_urbano_bellavista23.jpg' title=\"Ascensor urbano en Bellavista \/ JIGA (detalle)\" data-rl_title=\"Ascensor urbano en Bellavista \/ JIGA (detalle)\" class=\"rl-gallery-link\" data-rl_caption=\"Ascensor urbano en Bellavista \/ JIGA (detalle)\" data-rel=\"lightbox-gallery-1\"><img loading=\"lazy\" decoding=\"async\" width=\"150\" height=\"150\" src=\"https:\/\/www.arquimaster.com.ar\/web\/wp-content\/uploads\/2023\/03\/ascensor_urbano_bellavista23-150x150.jpg\" class=\"attachment-thumbnail size-thumbnail\" alt=\"Ascensor urbano en Bellavista \/ JIGA\" aria-describedby=\"gallery-1-75273\" \/><\/a>\n\t\t\t<\/div>\n\t\t\t\t<figcaption class='wp-caption-text gallery-caption' id='gallery-1-75273'>\n\t\t\t\tAscensor urbano en Bellavista \/ JIGA (detalle)\n\t\t\t\t<\/figcaption><\/figure>\n\t\t<\/div>\n\n<p>El objeto del encargo es construir un ascensor que permita una \u00f3ptima accesibilidad entre la parte alta y la baja del parque Pa\u00efsos Catalans, salvando as\u00ed una diferencia de cota de 10 metros de altura y m\u00e1s de 20 metros en horizontal.<\/p>\n<p>El conjunto del proyecto consiste en una caja vertical donde se ubica el ascensor, una pasarela y la urbanizaci\u00f3n de los espacios de recibida inferior y superior. La intervenci\u00f3n se encaja en el entorno cuidadosamente evitando tener que talar ning\u00fan \u00e1rbol existente.<\/p>\n<p>Un giro de 30 grados de la caja de ascensor respecto al eje de la pasarela permite dar lugar a un peque\u00f1o mirador elevado delante de la puerta superior desde donde se disfruta de unas vistas privilegiadas al parque. Este peque\u00f1o gesto tambi\u00e9n se adapta a la urbanizaci\u00f3n presente en la zona inferior, colocando la caja de ascensor en la misma direcci\u00f3n que uno de los muros de contenci\u00f3n existentes.<\/p>\n<p>Tanto la caja de ascensor como la pasarela se han construido con estructura de acero laminado cuidadosamente modulada, realizada a taller y acabada con cristal reflectante. El pavimento de la pasarela se ha realizado con chapa perforada prefabricada solucionando as\u00ed la evacuaci\u00f3n de aguas pluviales y contribuyendo a la ligereza de construcci\u00f3n.<\/p>\n<p>Se ha buscado un alto grado de prefabricaci\u00f3n al dise\u00f1o estructural y al resto de los elementos constructivos, as\u00ed como la optimizaci\u00f3n de los perfiles para aligerar su peso y su coste.<\/p>\n\n\n<div style=\"height:20px\" aria-hidden=\"true\" class=\"wp-block-spacer\"><\/div>\n\n\n\n<p class=\"has-background\" style=\"background-color:#eaeaea\"><strong>Ficha t\u00e9cnica<\/strong><br>Nombre: Ascensor urbano en Bellavista<br>Ubicaci\u00f3n: Les Franqueses del Vall\u00e8s, Espa\u00f1a<br>Oficina de arquitectura: JIGA<br>Arquitectos a cargo: Jordi Pela\u00f3 y Gerard Corominas<br>Superficie construida: 140 m2<br>A\u00f1o finalizaci\u00f3n construcci\u00f3n: 2022<br>Programa: Ascensor urbano<br>Fotograf\u00eda: <a href=\"https:\/\/www.davidepellegrini.com\" target=\"_blank\" rel=\"noreferrer noopener\">Davide Pellegrini<\/a><br><br><strong>Contacto<\/strong><br><a href=\"https:\/\/www.jiga.cat\" target=\"_blank\" rel=\"noreferrer noopener\">https:\/\/www.jiga.cat<\/a><br>Instagram: @jigaarquitectura<\/p>\n\n\n\n<div style=\"height:40px\" aria-hidden=\"true\" class=\"wp-block-spacer\"><\/div>\n\n\n<p><em><strong>English version<\/strong><\/em><\/p>\n<p><em>Bellavista is a neighborhood in the municipality of Les Franqueses del Valles located on a small hill. Several facilities such as a school, an institute, a cultural center and a sports area are located in the highest part of Bellavista, while the residential area is located in the lower part. The main access route to the facilities passes through the Paisos Catalans park, where we find long pedestrian ramps and many steps, without having a comfortable and adapted solution to overcome the great unevenness.<\/em><\/p>\n<p><em>The purpose of the order is to build an elevator that allows optimal accessibility between the upper and lower parts of the Paisos Catalans park, thus bridging a height difference of 10 meters in height and more than 20 meters horizontally.<\/em><\/p>\n<p><em>The project as a whole consists of a vertical shaft where the elevator is located, a walkway and the urbanization of the lower and upper reception spaces. The intervention fits into the environment carefully, avoiding having to cut down any existing trees.<\/em><\/p>\n<p><em>A 30-degree turn of the elevator shaft with respect to the axis of the walkway allows for a small raised viewpoint in front of the upper door from where privileged views of the park can be enjoyed. This small gesture also adapts to the urbanization present in the lower area, placing the elevator shaft in the same direction as one of the existing retaining walls.<\/em><\/p>\n<p><em>Both the elevator shaft and the walkway have been built with a carefully modulated laminated steel structure, made in a workshop and finished with reflective glass. The pavement of the walkway has been made with prefabricated perforated sheet metal, thus solving the evacuation of rainwater and contributing to the lightness of the construction. A high degree of prefabrication has been sought for the structural design and the rest of the construction elements, as well as the optimization of the sections to lighten their weight and cost.<\/em><\/p>\n<div style=\"font-size: 0px; height: 0px; line-height: 0px; margin: 0; padding: 0; clear: both;\"><\/div><div style=\"margin-top: 0px; margin-bottom: 0px;\" class=\"sharethis-inline-share-buttons\" ><\/div>","protected":false},"excerpt":{"rendered":"<p>La intervenci\u00f3n se encaja en el entorno cuidadosamente&#8230;<\/p>\n","protected":false},"author":1,"featured_media":75250,"comment_status":"closed","ping_status":"closed","sticky":false,"template":"","format":"standard","meta":{"_uag_custom_page_level_css":"","footnotes":""},"categories":[1,713],"tags":[5617,7673,5618,679,7340,2354,104,5484,7674,5483,7675,7676],"class_list":["post-75249","post","type-post","status-publish","format-standard","has-post-thumbnail","hentry","category-proyecto","category-proyectos-urbanos","tag-ascensor","tag-ascensor-urbano","tag-ascensores","tag-barcelona","tag-cataluna","tag-equipamiento-urbano","tag-espana","tag-gerard-corominas","tag-jiga","tag-jordi-pelao","tag-les-franqueses-del-valles","tag-valles-oriental","generate-columns","tablet-grid-50","mobile-grid-100","grid-parent","grid-50"],"yoast_head":"<!-- This site is optimized with the Yoast SEO plugin v27.3 - https:\/\/yoast.com\/product\/yoast-seo-wordpress\/ -->\n<title>Ascensor urbano en Bellavista \/ JIGA - Arquimaster<\/title>\n<meta name=\"description\" content=\"La intervenci\u00f3n se encaja en el entorno cuidadosamente evitando tener que talar ning\u00fan \u00e1rbol existente.\" \/>\n<meta name=\"robots\" content=\"index, follow, max-snippet:-1, max-image-preview:large, max-video-preview:-1\" \/>\n<link rel=\"canonical\" href=\"https:\/\/www.arquimaster.com.ar\/web\/ascensor-urbano-en-bellavista-jiga\/\" \/>\n<meta property=\"og:locale\" content=\"es_ES\" \/>\n<meta property=\"og:type\" content=\"article\" \/>\n<meta property=\"og:title\" content=\"Ascensor urbano en Bellavista \/ JIGA\" \/>\n<meta property=\"og:description\" content=\"La intervenci\u00f3n se encaja en el entorno cuidadosamente evitando tener que talar ning\u00fan \u00e1rbol existente.\" \/>\n<meta property=\"og:url\" content=\"https:\/\/www.arquimaster.com.ar\/web\/ascensor-urbano-en-bellavista-jiga\/\" \/>\n<meta property=\"og:site_name\" content=\"Arquimaster\" \/>\n<meta property=\"article:publisher\" content=\"http:\/\/www.facebook.com\/ARQUIMASTER.com.ar\" \/>\n<meta property=\"article:published_time\" content=\"2023-03-17T00:55:29+00:00\" \/>\n<meta property=\"article:modified_time\" content=\"2023-06-01T18:44:18+00:00\" \/>\n<meta property=\"og:image\" content=\"https:\/\/www.arquimaster.com.ar\/web\/wp-content\/uploads\/2023\/03\/ascensor_urbano_bellavista_slide.jpg\" \/>\n\t<meta property=\"og:image:width\" content=\"698\" \/>\n\t<meta property=\"og:image:height\" content=\"364\" \/>\n\t<meta property=\"og:image:type\" content=\"image\/jpeg\" \/>\n<meta name=\"author\" content=\"Arquimaster\" \/>\n<meta name=\"twitter:card\" content=\"summary_large_image\" \/>\n<meta name=\"twitter:title\" content=\"Ascensor urbano en Bellavista \/ JIGA\" \/>\n<meta name=\"twitter:description\" content=\"La intervenci\u00f3n se encaja en el entorno cuidadosamente evitando tener que talar ning\u00fan \u00e1rbol existente.\" \/>\n<meta name=\"twitter:image\" content=\"https:\/\/www.arquimaster.com.ar\/web\/wp-content\/uploads\/2023\/03\/ascensor_urbano_bellavista_slide.jpg\" \/>\n<meta name=\"twitter:creator\" content=\"@arquimaster\" \/>\n<meta name=\"twitter:site\" content=\"@arquimaster\" \/>\n<meta name=\"twitter:label1\" content=\"Escrito por\" \/>\n\t<meta name=\"twitter:data1\" content=\"Arquimaster\" \/>\n\t<meta name=\"twitter:label2\" content=\"Tiempo de lectura\" \/>\n\t<meta name=\"twitter:data2\" content=\"4 minutos\" \/>\n<script type=\"application\/ld+json\" class=\"yoast-schema-graph\">{\"@context\":\"https:\\\/\\\/schema.org\",\"@graph\":[{\"@type\":\"Article\",\"@id\":\"https:\\\/\\\/www.arquimaster.com.ar\\\/web\\\/ascensor-urbano-en-bellavista-jiga\\\/#article\",\"isPartOf\":{\"@id\":\"https:\\\/\\\/www.arquimaster.com.ar\\\/web\\\/ascensor-urbano-en-bellavista-jiga\\\/\"},\"author\":{\"name\":\"Arquimaster\",\"@id\":\"https:\\\/\\\/www.arquimaster.com.ar\\\/web\\\/#\\\/schema\\\/person\\\/359e9f7c00193fcde068e0dd2ceb0028\"},\"headline\":\"Ascensor urbano en Bellavista \\\/ JIGA\",\"datePublished\":\"2023-03-17T00:55:29+00:00\",\"dateModified\":\"2023-06-01T18:44:18+00:00\",\"mainEntityOfPage\":{\"@id\":\"https:\\\/\\\/www.arquimaster.com.ar\\\/web\\\/ascensor-urbano-en-bellavista-jiga\\\/\"},\"wordCount\":731,\"publisher\":{\"@id\":\"https:\\\/\\\/www.arquimaster.com.ar\\\/web\\\/#organization\"},\"image\":{\"@id\":\"https:\\\/\\\/www.arquimaster.com.ar\\\/web\\\/ascensor-urbano-en-bellavista-jiga\\\/#primaryimage\"},\"thumbnailUrl\":\"https:\\\/\\\/www.arquimaster.com.ar\\\/web\\\/wp-content\\\/uploads\\\/2023\\\/03\\\/ascensor_urbano_bellavista_slide.jpg\",\"keywords\":[\"ascensor\",\"ascensor urbano\",\"ascensores\",\"Barcelona\",\"Catalu\u00f1a\",\"equipamiento urbano\",\"Espa\u00f1a\",\"Gerard Corominas\",\"JIGA\",\"Jordi Pela\u00f3\",\"Les Franqueses del Vall\u00e8s\",\"Valles Oriental\"],\"articleSection\":[\"Proyecto\",\"Proyectos urbanos\"],\"inLanguage\":\"es\"},{\"@type\":\"WebPage\",\"@id\":\"https:\\\/\\\/www.arquimaster.com.ar\\\/web\\\/ascensor-urbano-en-bellavista-jiga\\\/\",\"url\":\"https:\\\/\\\/www.arquimaster.com.ar\\\/web\\\/ascensor-urbano-en-bellavista-jiga\\\/\",\"name\":\"Ascensor urbano en Bellavista \\\/ JIGA - Arquimaster\",\"isPartOf\":{\"@id\":\"https:\\\/\\\/www.arquimaster.com.ar\\\/web\\\/#website\"},\"primaryImageOfPage\":{\"@id\":\"https:\\\/\\\/www.arquimaster.com.ar\\\/web\\\/ascensor-urbano-en-bellavista-jiga\\\/#primaryimage\"},\"image\":{\"@id\":\"https:\\\/\\\/www.arquimaster.com.ar\\\/web\\\/ascensor-urbano-en-bellavista-jiga\\\/#primaryimage\"},\"thumbnailUrl\":\"https:\\\/\\\/www.arquimaster.com.ar\\\/web\\\/wp-content\\\/uploads\\\/2023\\\/03\\\/ascensor_urbano_bellavista_slide.jpg\",\"datePublished\":\"2023-03-17T00:55:29+00:00\",\"dateModified\":\"2023-06-01T18:44:18+00:00\",\"description\":\"La intervenci\u00f3n se encaja en el entorno cuidadosamente evitando tener que talar ning\u00fan \u00e1rbol existente.\",\"breadcrumb\":{\"@id\":\"https:\\\/\\\/www.arquimaster.com.ar\\\/web\\\/ascensor-urbano-en-bellavista-jiga\\\/#breadcrumb\"},\"inLanguage\":\"es\",\"potentialAction\":[{\"@type\":\"ReadAction\",\"target\":[\"https:\\\/\\\/www.arquimaster.com.ar\\\/web\\\/ascensor-urbano-en-bellavista-jiga\\\/\"]}]},{\"@type\":\"ImageObject\",\"inLanguage\":\"es\",\"@id\":\"https:\\\/\\\/www.arquimaster.com.ar\\\/web\\\/ascensor-urbano-en-bellavista-jiga\\\/#primaryimage\",\"url\":\"https:\\\/\\\/www.arquimaster.com.ar\\\/web\\\/wp-content\\\/uploads\\\/2023\\\/03\\\/ascensor_urbano_bellavista_slide.jpg\",\"contentUrl\":\"https:\\\/\\\/www.arquimaster.com.ar\\\/web\\\/wp-content\\\/uploads\\\/2023\\\/03\\\/ascensor_urbano_bellavista_slide.jpg\",\"width\":698,\"height\":364,\"caption\":\"Ascensor urbano en Bellavista \\\/ JIGA\"},{\"@type\":\"BreadcrumbList\",\"@id\":\"https:\\\/\\\/www.arquimaster.com.ar\\\/web\\\/ascensor-urbano-en-bellavista-jiga\\\/#breadcrumb\",\"itemListElement\":[{\"@type\":\"ListItem\",\"position\":1,\"name\":\"Portada\",\"item\":\"https:\\\/\\\/www.arquimaster.com.ar\\\/web\\\/\"},{\"@type\":\"ListItem\",\"position\":2,\"name\":\"Ascensor urbano en Bellavista \\\/ JIGA\"}]},{\"@type\":\"WebSite\",\"@id\":\"https:\\\/\\\/www.arquimaster.com.ar\\\/web\\\/#website\",\"url\":\"https:\\\/\\\/www.arquimaster.com.ar\\\/web\\\/\",\"name\":\"Arquimaster\",\"description\":\"Web de arquitectura, dise\u00f1o y construccion\",\"publisher\":{\"@id\":\"https:\\\/\\\/www.arquimaster.com.ar\\\/web\\\/#organization\"},\"potentialAction\":[{\"@type\":\"SearchAction\",\"target\":{\"@type\":\"EntryPoint\",\"urlTemplate\":\"https:\\\/\\\/www.arquimaster.com.ar\\\/web\\\/?s={search_term_string}\"},\"query-input\":{\"@type\":\"PropertyValueSpecification\",\"valueRequired\":true,\"valueName\":\"search_term_string\"}}],\"inLanguage\":\"es\"},{\"@type\":\"Organization\",\"@id\":\"https:\\\/\\\/www.arquimaster.com.ar\\\/web\\\/#organization\",\"name\":\"Arquimaster\",\"url\":\"https:\\\/\\\/www.arquimaster.com.ar\\\/web\\\/\",\"logo\":{\"@type\":\"ImageObject\",\"inLanguage\":\"es\",\"@id\":\"https:\\\/\\\/www.arquimaster.com.ar\\\/web\\\/#\\\/schema\\\/logo\\\/image\\\/\",\"url\":\"https:\\\/\\\/www.arquimaster.com.ar\\\/web\\\/wp-content\\\/uploads\\\/2022\\\/06\\\/arquimaster.png\",\"contentUrl\":\"https:\\\/\\\/www.arquimaster.com.ar\\\/web\\\/wp-content\\\/uploads\\\/2022\\\/06\\\/arquimaster.png\",\"width\":594,\"height\":78,\"caption\":\"Arquimaster\"},\"image\":{\"@id\":\"https:\\\/\\\/www.arquimaster.com.ar\\\/web\\\/#\\\/schema\\\/logo\\\/image\\\/\"},\"sameAs\":[\"http:\\\/\\\/www.facebook.com\\\/ARQUIMASTER.com.ar\",\"https:\\\/\\\/x.com\\\/arquimaster\",\"https:\\\/\\\/www.instagram.com\\\/arquimasterblog\\\/\",\"https:\\\/\\\/www.linkedin.com\\\/company\\\/arquimaster\",\"https:\\\/\\\/www.pinterest.com\\\/arquimaster\",\"https:\\\/\\\/t.me\\\/arquimaster\"]},{\"@type\":\"Person\",\"@id\":\"https:\\\/\\\/www.arquimaster.com.ar\\\/web\\\/#\\\/schema\\\/person\\\/359e9f7c00193fcde068e0dd2ceb0028\",\"name\":\"Arquimaster\"}]}<\/script>\n<!-- \/ Yoast SEO plugin. -->","yoast_head_json":{"title":"Ascensor urbano en Bellavista \/ JIGA - Arquimaster","description":"La intervenci\u00f3n se encaja en el entorno cuidadosamente evitando tener que talar ning\u00fan \u00e1rbol existente.","robots":{"index":"index","follow":"follow","max-snippet":"max-snippet:-1","max-image-preview":"max-image-preview:large","max-video-preview":"max-video-preview:-1"},"canonical":"https:\/\/www.arquimaster.com.ar\/web\/ascensor-urbano-en-bellavista-jiga\/","og_locale":"es_ES","og_type":"article","og_title":"Ascensor urbano en Bellavista \/ JIGA","og_description":"La intervenci\u00f3n se encaja en el entorno cuidadosamente evitando tener que talar ning\u00fan \u00e1rbol existente.","og_url":"https:\/\/www.arquimaster.com.ar\/web\/ascensor-urbano-en-bellavista-jiga\/","og_site_name":"Arquimaster","article_publisher":"http:\/\/www.facebook.com\/ARQUIMASTER.com.ar","article_published_time":"2023-03-17T00:55:29+00:00","article_modified_time":"2023-06-01T18:44:18+00:00","og_image":[{"width":698,"height":364,"url":"https:\/\/www.arquimaster.com.ar\/web\/wp-content\/uploads\/2023\/03\/ascensor_urbano_bellavista_slide.jpg","type":"image\/jpeg"}],"author":"Arquimaster","twitter_card":"summary_large_image","twitter_title":"Ascensor urbano en Bellavista \/ JIGA","twitter_description":"La intervenci\u00f3n se encaja en el entorno cuidadosamente evitando tener que talar ning\u00fan \u00e1rbol existente.","twitter_image":"https:\/\/www.arquimaster.com.ar\/web\/wp-content\/uploads\/2023\/03\/ascensor_urbano_bellavista_slide.jpg","twitter_creator":"@arquimaster","twitter_site":"@arquimaster","twitter_misc":{"Escrito por":"Arquimaster","Tiempo de lectura":"4 minutos"},"schema":{"@context":"https:\/\/schema.org","@graph":[{"@type":"Article","@id":"https:\/\/www.arquimaster.com.ar\/web\/ascensor-urbano-en-bellavista-jiga\/#article","isPartOf":{"@id":"https:\/\/www.arquimaster.com.ar\/web\/ascensor-urbano-en-bellavista-jiga\/"},"author":{"name":"Arquimaster","@id":"https:\/\/www.arquimaster.com.ar\/web\/#\/schema\/person\/359e9f7c00193fcde068e0dd2ceb0028"},"headline":"Ascensor urbano en Bellavista \/ JIGA","datePublished":"2023-03-17T00:55:29+00:00","dateModified":"2023-06-01T18:44:18+00:00","mainEntityOfPage":{"@id":"https:\/\/www.arquimaster.com.ar\/web\/ascensor-urbano-en-bellavista-jiga\/"},"wordCount":731,"publisher":{"@id":"https:\/\/www.arquimaster.com.ar\/web\/#organization"},"image":{"@id":"https:\/\/www.arquimaster.com.ar\/web\/ascensor-urbano-en-bellavista-jiga\/#primaryimage"},"thumbnailUrl":"https:\/\/www.arquimaster.com.ar\/web\/wp-content\/uploads\/2023\/03\/ascensor_urbano_bellavista_slide.jpg","keywords":["ascensor","ascensor urbano","ascensores","Barcelona","Catalu\u00f1a","equipamiento urbano","Espa\u00f1a","Gerard Corominas","JIGA","Jordi Pela\u00f3","Les Franqueses del Vall\u00e8s","Valles Oriental"],"articleSection":["Proyecto","Proyectos urbanos"],"inLanguage":"es"},{"@type":"WebPage","@id":"https:\/\/www.arquimaster.com.ar\/web\/ascensor-urbano-en-bellavista-jiga\/","url":"https:\/\/www.arquimaster.com.ar\/web\/ascensor-urbano-en-bellavista-jiga\/","name":"Ascensor urbano en Bellavista \/ JIGA - Arquimaster","isPartOf":{"@id":"https:\/\/www.arquimaster.com.ar\/web\/#website"},"primaryImageOfPage":{"@id":"https:\/\/www.arquimaster.com.ar\/web\/ascensor-urbano-en-bellavista-jiga\/#primaryimage"},"image":{"@id":"https:\/\/www.arquimaster.com.ar\/web\/ascensor-urbano-en-bellavista-jiga\/#primaryimage"},"thumbnailUrl":"https:\/\/www.arquimaster.com.ar\/web\/wp-content\/uploads\/2023\/03\/ascensor_urbano_bellavista_slide.jpg","datePublished":"2023-03-17T00:55:29+00:00","dateModified":"2023-06-01T18:44:18+00:00","description":"La intervenci\u00f3n se encaja en el entorno cuidadosamente evitando tener que talar ning\u00fan \u00e1rbol existente.","breadcrumb":{"@id":"https:\/\/www.arquimaster.com.ar\/web\/ascensor-urbano-en-bellavista-jiga\/#breadcrumb"},"inLanguage":"es","potentialAction":[{"@type":"ReadAction","target":["https:\/\/www.arquimaster.com.ar\/web\/ascensor-urbano-en-bellavista-jiga\/"]}]},{"@type":"ImageObject","inLanguage":"es","@id":"https:\/\/www.arquimaster.com.ar\/web\/ascensor-urbano-en-bellavista-jiga\/#primaryimage","url":"https:\/\/www.arquimaster.com.ar\/web\/wp-content\/uploads\/2023\/03\/ascensor_urbano_bellavista_slide.jpg","contentUrl":"https:\/\/www.arquimaster.com.ar\/web\/wp-content\/uploads\/2023\/03\/ascensor_urbano_bellavista_slide.jpg","width":698,"height":364,"caption":"Ascensor urbano en Bellavista \/ JIGA"},{"@type":"BreadcrumbList","@id":"https:\/\/www.arquimaster.com.ar\/web\/ascensor-urbano-en-bellavista-jiga\/#breadcrumb","itemListElement":[{"@type":"ListItem","position":1,"name":"Portada","item":"https:\/\/www.arquimaster.com.ar\/web\/"},{"@type":"ListItem","position":2,"name":"Ascensor urbano en Bellavista \/ JIGA"}]},{"@type":"WebSite","@id":"https:\/\/www.arquimaster.com.ar\/web\/#website","url":"https:\/\/www.arquimaster.com.ar\/web\/","name":"Arquimaster","description":"Web de arquitectura, dise\u00f1o y construccion","publisher":{"@id":"https:\/\/www.arquimaster.com.ar\/web\/#organization"},"potentialAction":[{"@type":"SearchAction","target":{"@type":"EntryPoint","urlTemplate":"https:\/\/www.arquimaster.com.ar\/web\/?s={search_term_string}"},"query-input":{"@type":"PropertyValueSpecification","valueRequired":true,"valueName":"search_term_string"}}],"inLanguage":"es"},{"@type":"Organization","@id":"https:\/\/www.arquimaster.com.ar\/web\/#organization","name":"Arquimaster","url":"https:\/\/www.arquimaster.com.ar\/web\/","logo":{"@type":"ImageObject","inLanguage":"es","@id":"https:\/\/www.arquimaster.com.ar\/web\/#\/schema\/logo\/image\/","url":"https:\/\/www.arquimaster.com.ar\/web\/wp-content\/uploads\/2022\/06\/arquimaster.png","contentUrl":"https:\/\/www.arquimaster.com.ar\/web\/wp-content\/uploads\/2022\/06\/arquimaster.png","width":594,"height":78,"caption":"Arquimaster"},"image":{"@id":"https:\/\/www.arquimaster.com.ar\/web\/#\/schema\/logo\/image\/"},"sameAs":["http:\/\/www.facebook.com\/ARQUIMASTER.com.ar","https:\/\/x.com\/arquimaster","https:\/\/www.instagram.com\/arquimasterblog\/","https:\/\/www.linkedin.com\/company\/arquimaster","https:\/\/www.pinterest.com\/arquimaster","https:\/\/t.me\/arquimaster"]},{"@type":"Person","@id":"https:\/\/www.arquimaster.com.ar\/web\/#\/schema\/person\/359e9f7c00193fcde068e0dd2ceb0028","name":"Arquimaster"}]}},"uagb_featured_image_src":{"full":["https:\/\/www.arquimaster.com.ar\/web\/wp-content\/uploads\/2023\/03\/ascensor_urbano_bellavista_slide.jpg",698,364,false],"thumbnail":["https:\/\/www.arquimaster.com.ar\/web\/wp-content\/uploads\/2023\/03\/ascensor_urbano_bellavista_slide-150x150.jpg",150,150,true],"medium":["https:\/\/www.arquimaster.com.ar\/web\/wp-content\/uploads\/2023\/03\/ascensor_urbano_bellavista_slide.jpg",698,364,false],"medium_large":["https:\/\/www.arquimaster.com.ar\/web\/wp-content\/uploads\/2023\/03\/ascensor_urbano_bellavista_slide.jpg",698,364,false],"large":["https:\/\/www.arquimaster.com.ar\/web\/wp-content\/uploads\/2023\/03\/ascensor_urbano_bellavista_slide.jpg",698,364,false],"1536x1536":["https:\/\/www.arquimaster.com.ar\/web\/wp-content\/uploads\/2023\/03\/ascensor_urbano_bellavista_slide.jpg",698,364,false],"2048x2048":["https:\/\/www.arquimaster.com.ar\/web\/wp-content\/uploads\/2023\/03\/ascensor_urbano_bellavista_slide.jpg",698,364,false]},"uagb_author_info":{"display_name":"Arquimaster","author_link":"https:\/\/www.arquimaster.com.ar\/web\/author\/arquimaster\/"},"uagb_comment_info":0,"uagb_excerpt":"La intervenci\u00f3n se encaja en el entorno cuidadosamente...","_links":{"self":[{"href":"https:\/\/www.arquimaster.com.ar\/web\/wp-json\/wp\/v2\/posts\/75249","targetHints":{"allow":["GET"]}}],"collection":[{"href":"https:\/\/www.arquimaster.com.ar\/web\/wp-json\/wp\/v2\/posts"}],"about":[{"href":"https:\/\/www.arquimaster.com.ar\/web\/wp-json\/wp\/v2\/types\/post"}],"author":[{"embeddable":true,"href":"https:\/\/www.arquimaster.com.ar\/web\/wp-json\/wp\/v2\/users\/1"}],"replies":[{"embeddable":true,"href":"https:\/\/www.arquimaster.com.ar\/web\/wp-json\/wp\/v2\/comments?post=75249"}],"version-history":[{"count":1,"href":"https:\/\/www.arquimaster.com.ar\/web\/wp-json\/wp\/v2\/posts\/75249\/revisions"}],"predecessor-version":[{"id":75274,"href":"https:\/\/www.arquimaster.com.ar\/web\/wp-json\/wp\/v2\/posts\/75249\/revisions\/75274"}],"wp:featuredmedia":[{"embeddable":true,"href":"https:\/\/www.arquimaster.com.ar\/web\/wp-json\/wp\/v2\/media\/75250"}],"wp:attachment":[{"href":"https:\/\/www.arquimaster.com.ar\/web\/wp-json\/wp\/v2\/media?parent=75249"}],"wp:term":[{"taxonomy":"category","embeddable":true,"href":"https:\/\/www.arquimaster.com.ar\/web\/wp-json\/wp\/v2\/categories?post=75249"},{"taxonomy":"post_tag","embeddable":true,"href":"https:\/\/www.arquimaster.com.ar\/web\/wp-json\/wp\/v2\/tags?post=75249"}],"curies":[{"name":"wp","href":"https:\/\/api.w.org\/{rel}","templated":true}]}}