{"id":75275,"date":"2023-03-16T22:08:21","date_gmt":"2023-03-17T01:08:21","guid":{"rendered":"https:\/\/www.arquimaster.com.ar\/web\/?p=75275"},"modified":"2023-06-02T14:01:20","modified_gmt":"2023-06-02T17:01:20","slug":"oficinas-produbanco-guayaquil-contract-workplaces","status":"publish","type":"post","link":"https:\/\/www.arquimaster.com.ar\/web\/oficinas-produbanco-guayaquil-contract-workplaces\/","title":{"rendered":"Oficinas Produbanco Guayaquil \/ Contract Workplaces"},"content":{"rendered":"<div style=\"margin-top: 0px; margin-bottom: 0px;\" class=\"sharethis-inline-share-buttons\" ><\/div><div class=\"b812932af2e751442846f039925109de\" data-index=\"1\" style=\"float: none; margin:25px 0 25px 0; text-align:center;\">\n<script async src=\"https:\/\/pagead2.googlesyndication.com\/pagead\/js\/adsbygoogle.js\"><\/script>\r\n<!-- Arquimaster (superior) -->\r\n<ins class=\"adsbygoogle\"\r\n     style=\"display:block\"\r\n     data-ad-client=\"ca-pub-6351072698456832\"\r\n     data-ad-slot=\"6455489680\"\r\n     data-ad-format=\"auto\"\r\n     data-full-width-responsive=\"true\"><\/ins>\r\n<script>\r\n     (adsbygoogle = window.adsbygoogle || []).push({});\r\n<\/script>\n<\/div>\n<p><strong>Oficinas Produbanco Guayaquil<\/strong> (Guayaquil, Ecuador) por <strong>Contract Workplaces<\/strong>. Produbanco es una de las instituciones financieras m\u00e1s importantes de Ecuador, parte del Grupo Promerica, que opera en el pa\u00eds desde hace casi cuatro d\u00e9cadas y cuenta con una s\u00f3lida trayectoria a nivel local. Desde el a\u00f1o 2016 Produbanco ha confiado varios de sus proyectos a Contract Workplaces, como sus sedes de Quito e I\u00f1aquito, entre ellos se encuentra este edificio de la Sucursal Guayaquil ubicado dentro del Parque Empresarial Col\u00f3n.<\/p>\n<div id='gallery-1' class='gallery galleryid-75275 gallery-columns-3 gallery-size-thumbnail'><figure class='gallery-item'>\n\t\t\t<div class='gallery-icon landscape'>\n\t\t\t\t<a href='https:\/\/www.arquimaster.com.ar\/web\/wp-content\/uploads\/2023\/03\/oficinas_produbanco_guayaquil1.jpg' title=\"Oficinas Produbanco Guayaquil \/ Contract Workplaces\" data-rl_title=\"Oficinas Produbanco Guayaquil \/ Contract Workplaces\" class=\"rl-gallery-link\" data-rl_caption=\"Oficinas Produbanco Guayaquil \/ Contract Workplaces\" data-rel=\"lightbox-gallery-1\"><img loading=\"lazy\" decoding=\"async\" width=\"150\" height=\"150\" src=\"https:\/\/www.arquimaster.com.ar\/web\/wp-content\/uploads\/2023\/03\/oficinas_produbanco_guayaquil1-150x150.jpg\" class=\"attachment-thumbnail size-thumbnail\" alt=\"Oficinas Produbanco Guayaquil \/ Contract Workplaces\" aria-describedby=\"gallery-1-75277\" \/><\/a>\n\t\t\t<\/div>\n\t\t\t\t<figcaption class='wp-caption-text gallery-caption' id='gallery-1-75277'>\n\t\t\t\tOficinas Produbanco Guayaquil \/ Contract Workplaces\n\t\t\t\t<\/figcaption><\/figure><figure class='gallery-item'>\n\t\t\t<div class='gallery-icon landscape'>\n\t\t\t\t<a href='https:\/\/www.arquimaster.com.ar\/web\/wp-content\/uploads\/2023\/03\/oficinas_produbanco_guayaquil2.jpg' title=\"Oficinas Produbanco Guayaquil \/ Contract Workplaces\" data-rl_title=\"Oficinas Produbanco Guayaquil \/ Contract Workplaces\" class=\"rl-gallery-link\" data-rl_caption=\"Oficinas Produbanco Guayaquil \/ Contract Workplaces\" data-rel=\"lightbox-gallery-1\"><img loading=\"lazy\" decoding=\"async\" width=\"150\" height=\"150\" src=\"https:\/\/www.arquimaster.com.ar\/web\/wp-content\/uploads\/2023\/03\/oficinas_produbanco_guayaquil2-150x150.jpg\" class=\"attachment-thumbnail size-thumbnail\" alt=\"Oficinas Produbanco Guayaquil \/ Contract Workplaces\" aria-describedby=\"gallery-1-75278\" \/><\/a>\n\t\t\t<\/div>\n\t\t\t\t<figcaption class='wp-caption-text gallery-caption' id='gallery-1-75278'>\n\t\t\t\tOficinas Produbanco Guayaquil \/ Contract Workplaces\n\t\t\t\t<\/figcaption><\/figure><figure class='gallery-item'>\n\t\t\t<div class='gallery-icon landscape'>\n\t\t\t\t<a href='https:\/\/www.arquimaster.com.ar\/web\/wp-content\/uploads\/2023\/03\/oficinas_produbanco_guayaquil3.jpg' title=\"Oficinas Produbanco Guayaquil \/ Contract Workplaces\" data-rl_title=\"Oficinas Produbanco Guayaquil \/ Contract Workplaces\" class=\"rl-gallery-link\" data-rl_caption=\"Oficinas Produbanco Guayaquil \/ Contract Workplaces\" data-rel=\"lightbox-gallery-1\"><img loading=\"lazy\" decoding=\"async\" width=\"150\" height=\"150\" src=\"https:\/\/www.arquimaster.com.ar\/web\/wp-content\/uploads\/2023\/03\/oficinas_produbanco_guayaquil3-150x150.jpg\" class=\"attachment-thumbnail size-thumbnail\" alt=\"Oficinas Produbanco Guayaquil \/ Contract Workplaces\" aria-describedby=\"gallery-1-75279\" \/><\/a>\n\t\t\t<\/div>\n\t\t\t\t<figcaption class='wp-caption-text gallery-caption' id='gallery-1-75279'>\n\t\t\t\tOficinas Produbanco Guayaquil \/ Contract Workplaces\n\t\t\t\t<\/figcaption><\/figure><figure class='gallery-item'>\n\t\t\t<div class='gallery-icon landscape'>\n\t\t\t\t<a href='https:\/\/www.arquimaster.com.ar\/web\/wp-content\/uploads\/2023\/03\/oficinas_produbanco_guayaquil4.jpg' title=\"Oficinas Produbanco Guayaquil \/ Contract Workplaces\" data-rl_title=\"Oficinas Produbanco Guayaquil \/ Contract Workplaces\" class=\"rl-gallery-link\" data-rl_caption=\"Oficinas Produbanco Guayaquil \/ Contract Workplaces\" data-rel=\"lightbox-gallery-1\"><img loading=\"lazy\" decoding=\"async\" width=\"150\" height=\"150\" src=\"https:\/\/www.arquimaster.com.ar\/web\/wp-content\/uploads\/2023\/03\/oficinas_produbanco_guayaquil4-150x150.jpg\" class=\"attachment-thumbnail size-thumbnail\" alt=\"Oficinas Produbanco Guayaquil \/ Contract Workplaces\" aria-describedby=\"gallery-1-75280\" \/><\/a>\n\t\t\t<\/div>\n\t\t\t\t<figcaption class='wp-caption-text gallery-caption' id='gallery-1-75280'>\n\t\t\t\tOficinas Produbanco Guayaquil \/ Contract Workplaces\n\t\t\t\t<\/figcaption><\/figure><figure class='gallery-item'>\n\t\t\t<div class='gallery-icon landscape'>\n\t\t\t\t<a href='https:\/\/www.arquimaster.com.ar\/web\/wp-content\/uploads\/2023\/03\/oficinas_produbanco_guayaquil5.jpg' title=\"Oficinas Produbanco Guayaquil \/ Contract Workplaces\" data-rl_title=\"Oficinas Produbanco Guayaquil \/ Contract Workplaces\" class=\"rl-gallery-link\" data-rl_caption=\"Oficinas Produbanco Guayaquil \/ Contract Workplaces\" data-rel=\"lightbox-gallery-1\"><img loading=\"lazy\" decoding=\"async\" width=\"150\" height=\"150\" src=\"https:\/\/www.arquimaster.com.ar\/web\/wp-content\/uploads\/2023\/03\/oficinas_produbanco_guayaquil5-150x150.jpg\" class=\"attachment-thumbnail size-thumbnail\" alt=\"Oficinas Produbanco Guayaquil \/ Contract Workplaces\" aria-describedby=\"gallery-1-75281\" \/><\/a>\n\t\t\t<\/div>\n\t\t\t\t<figcaption class='wp-caption-text gallery-caption' id='gallery-1-75281'>\n\t\t\t\tOficinas Produbanco Guayaquil \/ Contract Workplaces\n\t\t\t\t<\/figcaption><\/figure><figure class='gallery-item'>\n\t\t\t<div class='gallery-icon landscape'>\n\t\t\t\t<a href='https:\/\/www.arquimaster.com.ar\/web\/wp-content\/uploads\/2023\/03\/oficinas_produbanco_guayaquil6.jpg' title=\"Oficinas Produbanco Guayaquil \/ Contract Workplaces\" data-rl_title=\"Oficinas Produbanco Guayaquil \/ Contract Workplaces\" class=\"rl-gallery-link\" data-rl_caption=\"Oficinas Produbanco Guayaquil \/ Contract Workplaces\" data-rel=\"lightbox-gallery-1\"><img loading=\"lazy\" decoding=\"async\" width=\"150\" height=\"150\" src=\"https:\/\/www.arquimaster.com.ar\/web\/wp-content\/uploads\/2023\/03\/oficinas_produbanco_guayaquil6-150x150.jpg\" class=\"attachment-thumbnail size-thumbnail\" alt=\"Oficinas Produbanco Guayaquil \/ Contract Workplaces\" aria-describedby=\"gallery-1-75282\" \/><\/a>\n\t\t\t<\/div>\n\t\t\t\t<figcaption class='wp-caption-text gallery-caption' id='gallery-1-75282'>\n\t\t\t\tOficinas Produbanco Guayaquil \/ Contract Workplaces\n\t\t\t\t<\/figcaption><\/figure><figure class='gallery-item'>\n\t\t\t<div class='gallery-icon landscape'>\n\t\t\t\t<a href='https:\/\/www.arquimaster.com.ar\/web\/wp-content\/uploads\/2023\/03\/oficinas_produbanco_guayaquil7.jpg' title=\"Oficinas Produbanco Guayaquil \/ Contract Workplaces\" data-rl_title=\"Oficinas Produbanco Guayaquil \/ Contract Workplaces\" class=\"rl-gallery-link\" data-rl_caption=\"Oficinas Produbanco Guayaquil \/ Contract Workplaces\" data-rel=\"lightbox-gallery-1\"><img loading=\"lazy\" decoding=\"async\" width=\"150\" height=\"150\" src=\"https:\/\/www.arquimaster.com.ar\/web\/wp-content\/uploads\/2023\/03\/oficinas_produbanco_guayaquil7-150x150.jpg\" class=\"attachment-thumbnail size-thumbnail\" alt=\"Oficinas Produbanco Guayaquil \/ Contract Workplaces\" aria-describedby=\"gallery-1-75283\" \/><\/a>\n\t\t\t<\/div>\n\t\t\t\t<figcaption class='wp-caption-text gallery-caption' id='gallery-1-75283'>\n\t\t\t\tOficinas Produbanco Guayaquil \/ Contract Workplaces\n\t\t\t\t<\/figcaption><\/figure><figure class='gallery-item'>\n\t\t\t<div class='gallery-icon landscape'>\n\t\t\t\t<a href='https:\/\/www.arquimaster.com.ar\/web\/wp-content\/uploads\/2023\/03\/oficinas_produbanco_guayaquil8.jpg' title=\"Oficinas Produbanco Guayaquil \/ Contract Workplaces\" data-rl_title=\"Oficinas Produbanco Guayaquil \/ Contract Workplaces\" class=\"rl-gallery-link\" data-rl_caption=\"Oficinas Produbanco Guayaquil \/ Contract Workplaces\" data-rel=\"lightbox-gallery-1\"><img loading=\"lazy\" decoding=\"async\" width=\"150\" height=\"150\" src=\"https:\/\/www.arquimaster.com.ar\/web\/wp-content\/uploads\/2023\/03\/oficinas_produbanco_guayaquil8-150x150.jpg\" class=\"attachment-thumbnail size-thumbnail\" alt=\"Oficinas Produbanco Guayaquil \/ Contract Workplaces\" aria-describedby=\"gallery-1-75284\" \/><\/a>\n\t\t\t<\/div>\n\t\t\t\t<figcaption class='wp-caption-text gallery-caption' id='gallery-1-75284'>\n\t\t\t\tOficinas Produbanco Guayaquil \/ Contract Workplaces\n\t\t\t\t<\/figcaption><\/figure><figure class='gallery-item'>\n\t\t\t<div class='gallery-icon landscape'>\n\t\t\t\t<a href='https:\/\/www.arquimaster.com.ar\/web\/wp-content\/uploads\/2023\/03\/oficinas_produbanco_guayaquil9.jpg' title=\"Oficinas Produbanco Guayaquil \/ Contract Workplaces\" data-rl_title=\"Oficinas Produbanco Guayaquil \/ Contract Workplaces\" class=\"rl-gallery-link\" data-rl_caption=\"Oficinas Produbanco Guayaquil \/ Contract Workplaces\" data-rel=\"lightbox-gallery-1\"><img loading=\"lazy\" decoding=\"async\" width=\"150\" height=\"150\" src=\"https:\/\/www.arquimaster.com.ar\/web\/wp-content\/uploads\/2023\/03\/oficinas_produbanco_guayaquil9-150x150.jpg\" class=\"attachment-thumbnail size-thumbnail\" alt=\"Oficinas Produbanco Guayaquil \/ Contract Workplaces\" aria-describedby=\"gallery-1-75285\" \/><\/a>\n\t\t\t<\/div>\n\t\t\t\t<figcaption class='wp-caption-text gallery-caption' id='gallery-1-75285'>\n\t\t\t\tOficinas Produbanco Guayaquil \/ Contract Workplaces\n\t\t\t\t<\/figcaption><\/figure><figure class='gallery-item'>\n\t\t\t<div class='gallery-icon landscape'>\n\t\t\t\t<a href='https:\/\/www.arquimaster.com.ar\/web\/wp-content\/uploads\/2023\/03\/oficinas_produbanco_guayaquil10.jpg' title=\"Oficinas Produbanco Guayaquil \/ Contract Workplaces\" data-rl_title=\"Oficinas Produbanco Guayaquil \/ Contract Workplaces\" class=\"rl-gallery-link\" data-rl_caption=\"Oficinas Produbanco Guayaquil \/ Contract Workplaces\" data-rel=\"lightbox-gallery-1\"><img loading=\"lazy\" decoding=\"async\" width=\"150\" height=\"150\" src=\"https:\/\/www.arquimaster.com.ar\/web\/wp-content\/uploads\/2023\/03\/oficinas_produbanco_guayaquil10-150x150.jpg\" class=\"attachment-thumbnail size-thumbnail\" alt=\"Oficinas Produbanco Guayaquil \/ Contract Workplaces\" aria-describedby=\"gallery-1-75286\" \/><\/a>\n\t\t\t<\/div>\n\t\t\t\t<figcaption class='wp-caption-text gallery-caption' id='gallery-1-75286'>\n\t\t\t\tOficinas Produbanco Guayaquil \/ Contract Workplaces\n\t\t\t\t<\/figcaption><\/figure><figure class='gallery-item'>\n\t\t\t<div class='gallery-icon landscape'>\n\t\t\t\t<a href='https:\/\/www.arquimaster.com.ar\/web\/wp-content\/uploads\/2023\/03\/oficinas_produbanco_guayaquil11.jpg' title=\"Oficinas Produbanco Guayaquil \/ Contract Workplaces\" data-rl_title=\"Oficinas Produbanco Guayaquil \/ Contract Workplaces\" class=\"rl-gallery-link\" data-rl_caption=\"Oficinas Produbanco Guayaquil \/ Contract Workplaces\" data-rel=\"lightbox-gallery-1\"><img loading=\"lazy\" decoding=\"async\" width=\"150\" height=\"150\" src=\"https:\/\/www.arquimaster.com.ar\/web\/wp-content\/uploads\/2023\/03\/oficinas_produbanco_guayaquil11-150x150.jpg\" class=\"attachment-thumbnail size-thumbnail\" alt=\"Oficinas Produbanco Guayaquil \/ Contract Workplaces\" aria-describedby=\"gallery-1-75287\" \/><\/a>\n\t\t\t<\/div>\n\t\t\t\t<figcaption class='wp-caption-text gallery-caption' id='gallery-1-75287'>\n\t\t\t\tOficinas Produbanco Guayaquil \/ Contract Workplaces\n\t\t\t\t<\/figcaption><\/figure><figure class='gallery-item'>\n\t\t\t<div class='gallery-icon landscape'>\n\t\t\t\t<a href='https:\/\/www.arquimaster.com.ar\/web\/wp-content\/uploads\/2023\/03\/oficinas_produbanco_guayaquil12.jpg' title=\"Oficinas Produbanco Guayaquil \/ Contract Workplaces\" data-rl_title=\"Oficinas Produbanco Guayaquil \/ Contract Workplaces\" class=\"rl-gallery-link\" data-rl_caption=\"Oficinas Produbanco Guayaquil \/ Contract Workplaces\" data-rel=\"lightbox-gallery-1\"><img loading=\"lazy\" decoding=\"async\" width=\"150\" height=\"150\" src=\"https:\/\/www.arquimaster.com.ar\/web\/wp-content\/uploads\/2023\/03\/oficinas_produbanco_guayaquil12-150x150.jpg\" class=\"attachment-thumbnail size-thumbnail\" alt=\"Oficinas Produbanco Guayaquil \/ Contract Workplaces\" aria-describedby=\"gallery-1-75288\" \/><\/a>\n\t\t\t<\/div>\n\t\t\t\t<figcaption class='wp-caption-text gallery-caption' id='gallery-1-75288'>\n\t\t\t\tOficinas Produbanco Guayaquil \/ Contract Workplaces\n\t\t\t\t<\/figcaption><\/figure><figure class='gallery-item'>\n\t\t\t<div class='gallery-icon landscape'>\n\t\t\t\t<a href='https:\/\/www.arquimaster.com.ar\/web\/wp-content\/uploads\/2023\/03\/oficinas_produbanco_guayaquil13.jpg' title=\"Oficinas Produbanco Guayaquil \/ Contract Workplaces\" data-rl_title=\"Oficinas Produbanco Guayaquil \/ Contract Workplaces\" class=\"rl-gallery-link\" data-rl_caption=\"Oficinas Produbanco Guayaquil \/ Contract Workplaces\" data-rel=\"lightbox-gallery-1\"><img loading=\"lazy\" decoding=\"async\" width=\"150\" height=\"150\" src=\"https:\/\/www.arquimaster.com.ar\/web\/wp-content\/uploads\/2023\/03\/oficinas_produbanco_guayaquil13-150x150.jpg\" class=\"attachment-thumbnail size-thumbnail\" alt=\"Oficinas Produbanco Guayaquil \/ Contract Workplaces\" aria-describedby=\"gallery-1-75289\" \/><\/a>\n\t\t\t<\/div>\n\t\t\t\t<figcaption class='wp-caption-text gallery-caption' id='gallery-1-75289'>\n\t\t\t\tOficinas Produbanco Guayaquil \/ Contract Workplaces\n\t\t\t\t<\/figcaption><\/figure><figure class='gallery-item'>\n\t\t\t<div class='gallery-icon landscape'>\n\t\t\t\t<a href='https:\/\/www.arquimaster.com.ar\/web\/wp-content\/uploads\/2023\/03\/oficinas_produbanco_guayaquil14.jpg' title=\"Oficinas Produbanco Guayaquil \/ Contract Workplaces\" data-rl_title=\"Oficinas Produbanco Guayaquil \/ Contract Workplaces\" class=\"rl-gallery-link\" data-rl_caption=\"Oficinas Produbanco Guayaquil \/ Contract Workplaces\" data-rel=\"lightbox-gallery-1\"><img loading=\"lazy\" decoding=\"async\" width=\"150\" height=\"150\" src=\"https:\/\/www.arquimaster.com.ar\/web\/wp-content\/uploads\/2023\/03\/oficinas_produbanco_guayaquil14-150x150.jpg\" class=\"attachment-thumbnail size-thumbnail\" alt=\"Oficinas Produbanco Guayaquil \/ Contract Workplaces\" aria-describedby=\"gallery-1-75290\" \/><\/a>\n\t\t\t<\/div>\n\t\t\t\t<figcaption class='wp-caption-text gallery-caption' id='gallery-1-75290'>\n\t\t\t\tOficinas Produbanco Guayaquil \/ Contract Workplaces\n\t\t\t\t<\/figcaption><\/figure><figure class='gallery-item'>\n\t\t\t<div class='gallery-icon portrait'>\n\t\t\t\t<a href='https:\/\/www.arquimaster.com.ar\/web\/wp-content\/uploads\/2023\/03\/oficinas_produbanco_guayaquil15.jpg' title=\"Oficinas Produbanco Guayaquil \/ Contract Workplaces\" data-rl_title=\"Oficinas Produbanco Guayaquil \/ Contract Workplaces\" class=\"rl-gallery-link\" data-rl_caption=\"Oficinas Produbanco Guayaquil \/ Contract Workplaces\" data-rel=\"lightbox-gallery-1\"><img loading=\"lazy\" decoding=\"async\" width=\"150\" height=\"150\" src=\"https:\/\/www.arquimaster.com.ar\/web\/wp-content\/uploads\/2023\/03\/oficinas_produbanco_guayaquil15-150x150.jpg\" class=\"attachment-thumbnail size-thumbnail\" alt=\"Oficinas Produbanco Guayaquil \/ Contract Workplaces\" aria-describedby=\"gallery-1-75291\" \/><\/a>\n\t\t\t<\/div>\n\t\t\t\t<figcaption class='wp-caption-text gallery-caption' id='gallery-1-75291'>\n\t\t\t\tOficinas Produbanco Guayaquil \/ Contract Workplaces\n\t\t\t\t<\/figcaption><\/figure><figure class='gallery-item'>\n\t\t\t<div class='gallery-icon landscape'>\n\t\t\t\t<a href='https:\/\/www.arquimaster.com.ar\/web\/wp-content\/uploads\/2023\/03\/oficinas_produbanco_guayaquil16.jpg' title=\"Oficinas Produbanco Guayaquil \/ Contract Workplaces\" data-rl_title=\"Oficinas Produbanco Guayaquil \/ Contract Workplaces\" class=\"rl-gallery-link\" data-rl_caption=\"Oficinas Produbanco Guayaquil \/ Contract Workplaces\" data-rel=\"lightbox-gallery-1\"><img loading=\"lazy\" decoding=\"async\" width=\"150\" height=\"150\" src=\"https:\/\/www.arquimaster.com.ar\/web\/wp-content\/uploads\/2023\/03\/oficinas_produbanco_guayaquil16-150x150.jpg\" class=\"attachment-thumbnail size-thumbnail\" alt=\"Oficinas Produbanco Guayaquil \/ Contract Workplaces\" aria-describedby=\"gallery-1-75292\" \/><\/a>\n\t\t\t<\/div>\n\t\t\t\t<figcaption class='wp-caption-text gallery-caption' id='gallery-1-75292'>\n\t\t\t\tOficinas Produbanco Guayaquil \/ Contract Workplaces\n\t\t\t\t<\/figcaption><\/figure><figure class='gallery-item'>\n\t\t\t<div class='gallery-icon landscape'>\n\t\t\t\t<a href='https:\/\/www.arquimaster.com.ar\/web\/wp-content\/uploads\/2023\/03\/oficinas_produbanco_guayaquil17.jpg' title=\"Oficinas Produbanco Guayaquil \/ Contract Workplaces\" data-rl_title=\"Oficinas Produbanco Guayaquil \/ Contract Workplaces\" class=\"rl-gallery-link\" data-rl_caption=\"Oficinas Produbanco Guayaquil \/ Contract Workplaces\" data-rel=\"lightbox-gallery-1\"><img loading=\"lazy\" decoding=\"async\" width=\"150\" height=\"150\" src=\"https:\/\/www.arquimaster.com.ar\/web\/wp-content\/uploads\/2023\/03\/oficinas_produbanco_guayaquil17-150x150.jpg\" class=\"attachment-thumbnail size-thumbnail\" alt=\"Oficinas Produbanco Guayaquil \/ Contract Workplaces\" aria-describedby=\"gallery-1-75293\" \/><\/a>\n\t\t\t<\/div>\n\t\t\t\t<figcaption class='wp-caption-text gallery-caption' id='gallery-1-75293'>\n\t\t\t\tOficinas Produbanco Guayaquil \/ Contract Workplaces\n\t\t\t\t<\/figcaption><\/figure><figure class='gallery-item'>\n\t\t\t<div class='gallery-icon landscape'>\n\t\t\t\t<a href='https:\/\/www.arquimaster.com.ar\/web\/wp-content\/uploads\/2023\/03\/oficinas_produbanco_guayaquil18.jpg' title=\"Oficinas Produbanco Guayaquil \/ Contract Workplaces\" data-rl_title=\"Oficinas Produbanco Guayaquil \/ Contract Workplaces\" class=\"rl-gallery-link\" data-rl_caption=\"Oficinas Produbanco Guayaquil \/ Contract Workplaces\" data-rel=\"lightbox-gallery-1\"><img loading=\"lazy\" decoding=\"async\" width=\"150\" height=\"150\" src=\"https:\/\/www.arquimaster.com.ar\/web\/wp-content\/uploads\/2023\/03\/oficinas_produbanco_guayaquil18-150x150.jpg\" class=\"attachment-thumbnail size-thumbnail\" alt=\"Oficinas Produbanco Guayaquil \/ Contract Workplaces\" aria-describedby=\"gallery-1-75294\" \/><\/a>\n\t\t\t<\/div>\n\t\t\t\t<figcaption class='wp-caption-text gallery-caption' id='gallery-1-75294'>\n\t\t\t\tOficinas Produbanco Guayaquil \/ Contract Workplaces\n\t\t\t\t<\/figcaption><\/figure><figure class='gallery-item'>\n\t\t\t<div class='gallery-icon landscape'>\n\t\t\t\t<a href='https:\/\/www.arquimaster.com.ar\/web\/wp-content\/uploads\/2023\/03\/oficinas_produbanco_guayaquil19.jpg' title=\"Oficinas Produbanco Guayaquil \/ Contract Workplaces\" data-rl_title=\"Oficinas Produbanco Guayaquil \/ Contract Workplaces\" class=\"rl-gallery-link\" data-rl_caption=\"Oficinas Produbanco Guayaquil \/ Contract Workplaces\" data-rel=\"lightbox-gallery-1\"><img loading=\"lazy\" decoding=\"async\" width=\"150\" height=\"150\" src=\"https:\/\/www.arquimaster.com.ar\/web\/wp-content\/uploads\/2023\/03\/oficinas_produbanco_guayaquil19-150x150.jpg\" class=\"attachment-thumbnail size-thumbnail\" alt=\"Oficinas Produbanco Guayaquil \/ Contract Workplaces\" aria-describedby=\"gallery-1-75295\" \/><\/a>\n\t\t\t<\/div>\n\t\t\t\t<figcaption class='wp-caption-text gallery-caption' id='gallery-1-75295'>\n\t\t\t\tOficinas Produbanco Guayaquil \/ Contract Workplaces\n\t\t\t\t<\/figcaption><\/figure><figure class='gallery-item'>\n\t\t\t<div class='gallery-icon landscape'>\n\t\t\t\t<a href='https:\/\/www.arquimaster.com.ar\/web\/wp-content\/uploads\/2023\/03\/oficinas_produbanco_guayaquil20.jpg' title=\"Oficinas Produbanco Guayaquil \/ Contract Workplaces\" data-rl_title=\"Oficinas Produbanco Guayaquil \/ Contract Workplaces\" class=\"rl-gallery-link\" data-rl_caption=\"Oficinas Produbanco Guayaquil \/ Contract Workplaces\" data-rel=\"lightbox-gallery-1\"><img loading=\"lazy\" decoding=\"async\" width=\"150\" height=\"150\" src=\"https:\/\/www.arquimaster.com.ar\/web\/wp-content\/uploads\/2023\/03\/oficinas_produbanco_guayaquil20-150x150.jpg\" class=\"attachment-thumbnail size-thumbnail\" alt=\"Oficinas Produbanco Guayaquil \/ Contract Workplaces\" aria-describedby=\"gallery-1-75296\" \/><\/a>\n\t\t\t<\/div>\n\t\t\t\t<figcaption class='wp-caption-text gallery-caption' id='gallery-1-75296'>\n\t\t\t\tOficinas Produbanco Guayaquil \/ Contract Workplaces\n\t\t\t\t<\/figcaption><\/figure><figure class='gallery-item'>\n\t\t\t<div class='gallery-icon landscape'>\n\t\t\t\t<a href='https:\/\/www.arquimaster.com.ar\/web\/wp-content\/uploads\/2023\/03\/oficinas_produbanco_guayaquil21.jpg' title=\"Oficinas Produbanco Guayaquil \/ Contract Workplaces\" data-rl_title=\"Oficinas Produbanco Guayaquil \/ Contract Workplaces\" class=\"rl-gallery-link\" data-rl_caption=\"Oficinas Produbanco Guayaquil \/ Contract Workplaces\" data-rel=\"lightbox-gallery-1\"><img loading=\"lazy\" decoding=\"async\" width=\"150\" height=\"150\" src=\"https:\/\/www.arquimaster.com.ar\/web\/wp-content\/uploads\/2023\/03\/oficinas_produbanco_guayaquil21-150x150.jpg\" class=\"attachment-thumbnail size-thumbnail\" alt=\"Oficinas Produbanco Guayaquil \/ Contract Workplaces\" aria-describedby=\"gallery-1-75297\" \/><\/a>\n\t\t\t<\/div>\n\t\t\t\t<figcaption class='wp-caption-text gallery-caption' id='gallery-1-75297'>\n\t\t\t\tOficinas Produbanco Guayaquil \/ Contract Workplaces\n\t\t\t\t<\/figcaption><\/figure><figure class='gallery-item'>\n\t\t\t<div class='gallery-icon landscape'>\n\t\t\t\t<a href='https:\/\/www.arquimaster.com.ar\/web\/wp-content\/uploads\/2023\/03\/oficinas_produbanco_guayaquil22.jpg' title=\"Oficinas Produbanco Guayaquil \/ Contract Workplaces\" data-rl_title=\"Oficinas Produbanco Guayaquil \/ Contract Workplaces\" class=\"rl-gallery-link\" data-rl_caption=\"Oficinas Produbanco Guayaquil \/ Contract Workplaces\" data-rel=\"lightbox-gallery-1\"><img loading=\"lazy\" decoding=\"async\" width=\"150\" height=\"150\" src=\"https:\/\/www.arquimaster.com.ar\/web\/wp-content\/uploads\/2023\/03\/oficinas_produbanco_guayaquil22-150x150.jpg\" class=\"attachment-thumbnail size-thumbnail\" alt=\"Oficinas Produbanco Guayaquil \/ Contract Workplaces\" aria-describedby=\"gallery-1-75298\" \/><\/a>\n\t\t\t<\/div>\n\t\t\t\t<figcaption class='wp-caption-text gallery-caption' id='gallery-1-75298'>\n\t\t\t\tOficinas Produbanco Guayaquil \/ Contract Workplaces\n\t\t\t\t<\/figcaption><\/figure><figure class='gallery-item'>\n\t\t\t<div class='gallery-icon landscape'>\n\t\t\t\t<a href='https:\/\/www.arquimaster.com.ar\/web\/wp-content\/uploads\/2023\/03\/oficinas_produbanco_guayaquil23.jpg' title=\"Oficinas Produbanco Guayaquil \/ Contract Workplaces\" data-rl_title=\"Oficinas Produbanco Guayaquil \/ Contract Workplaces\" class=\"rl-gallery-link\" data-rl_caption=\"Oficinas Produbanco Guayaquil \/ Contract Workplaces\" data-rel=\"lightbox-gallery-1\"><img loading=\"lazy\" decoding=\"async\" width=\"150\" height=\"150\" src=\"https:\/\/www.arquimaster.com.ar\/web\/wp-content\/uploads\/2023\/03\/oficinas_produbanco_guayaquil23-150x150.jpg\" class=\"attachment-thumbnail size-thumbnail\" alt=\"Oficinas Produbanco Guayaquil \/ Contract Workplaces\" aria-describedby=\"gallery-1-75299\" \/><\/a>\n\t\t\t<\/div>\n\t\t\t\t<figcaption class='wp-caption-text gallery-caption' id='gallery-1-75299'>\n\t\t\t\tOficinas Produbanco Guayaquil \/ Contract Workplaces\n\t\t\t\t<\/figcaption><\/figure><figure class='gallery-item'>\n\t\t\t<div class='gallery-icon landscape'>\n\t\t\t\t<a href='https:\/\/www.arquimaster.com.ar\/web\/wp-content\/uploads\/2023\/03\/oficinas_produbanco_guayaquil24.jpg' title=\"Oficinas Produbanco Guayaquil \/ Contract Workplaces\" data-rl_title=\"Oficinas Produbanco Guayaquil \/ Contract Workplaces\" class=\"rl-gallery-link\" data-rl_caption=\"Oficinas Produbanco Guayaquil \/ Contract Workplaces\" data-rel=\"lightbox-gallery-1\"><img loading=\"lazy\" decoding=\"async\" width=\"150\" height=\"150\" src=\"https:\/\/www.arquimaster.com.ar\/web\/wp-content\/uploads\/2023\/03\/oficinas_produbanco_guayaquil24-150x150.jpg\" class=\"attachment-thumbnail size-thumbnail\" alt=\"Oficinas Produbanco Guayaquil \/ Contract Workplaces\" aria-describedby=\"gallery-1-75300\" \/><\/a>\n\t\t\t<\/div>\n\t\t\t\t<figcaption class='wp-caption-text gallery-caption' id='gallery-1-75300'>\n\t\t\t\tOficinas Produbanco Guayaquil \/ Contract Workplaces\n\t\t\t\t<\/figcaption><\/figure><figure class='gallery-item'>\n\t\t\t<div class='gallery-icon landscape'>\n\t\t\t\t<a href='https:\/\/www.arquimaster.com.ar\/web\/wp-content\/uploads\/2023\/03\/oficinas_produbanco_guayaquil25.jpg' title=\"Oficinas Produbanco Guayaquil \/ Contract Workplaces\" data-rl_title=\"Oficinas Produbanco Guayaquil \/ Contract Workplaces\" class=\"rl-gallery-link\" data-rl_caption=\"Oficinas Produbanco Guayaquil \/ Contract Workplaces\" data-rel=\"lightbox-gallery-1\"><img loading=\"lazy\" decoding=\"async\" width=\"150\" height=\"150\" src=\"https:\/\/www.arquimaster.com.ar\/web\/wp-content\/uploads\/2023\/03\/oficinas_produbanco_guayaquil25-150x150.jpg\" class=\"attachment-thumbnail size-thumbnail\" alt=\"Oficinas Produbanco Guayaquil \/ Contract Workplaces\" aria-describedby=\"gallery-1-75301\" \/><\/a>\n\t\t\t<\/div>\n\t\t\t\t<figcaption class='wp-caption-text gallery-caption' id='gallery-1-75301'>\n\t\t\t\tOficinas Produbanco Guayaquil \/ Contract Workplaces\n\t\t\t\t<\/figcaption><\/figure><figure class='gallery-item'>\n\t\t\t<div class='gallery-icon landscape'>\n\t\t\t\t<a href='https:\/\/www.arquimaster.com.ar\/web\/wp-content\/uploads\/2023\/03\/oficinas_produbanco_guayaquil26.jpg' title=\"Oficinas Produbanco Guayaquil \/ Contract Workplaces\" data-rl_title=\"Oficinas Produbanco Guayaquil \/ Contract Workplaces\" class=\"rl-gallery-link\" data-rl_caption=\"Oficinas Produbanco Guayaquil \/ Contract Workplaces\" data-rel=\"lightbox-gallery-1\"><img loading=\"lazy\" decoding=\"async\" width=\"150\" height=\"150\" src=\"https:\/\/www.arquimaster.com.ar\/web\/wp-content\/uploads\/2023\/03\/oficinas_produbanco_guayaquil26-150x150.jpg\" class=\"attachment-thumbnail size-thumbnail\" alt=\"Oficinas Produbanco Guayaquil \/ Contract Workplaces\" aria-describedby=\"gallery-1-75302\" \/><\/a>\n\t\t\t<\/div>\n\t\t\t\t<figcaption class='wp-caption-text gallery-caption' id='gallery-1-75302'>\n\t\t\t\tOficinas Produbanco Guayaquil \/ Contract Workplaces\n\t\t\t\t<\/figcaption><\/figure><figure class='gallery-item'>\n\t\t\t<div class='gallery-icon landscape'>\n\t\t\t\t<a href='https:\/\/www.arquimaster.com.ar\/web\/wp-content\/uploads\/2023\/03\/oficinas_produbanco_guayaquil27.jpg' title=\"Oficinas Produbanco Guayaquil \/ Contract Workplaces\" data-rl_title=\"Oficinas Produbanco Guayaquil \/ Contract Workplaces\" class=\"rl-gallery-link\" data-rl_caption=\"Oficinas Produbanco Guayaquil \/ Contract Workplaces\" data-rel=\"lightbox-gallery-1\"><img loading=\"lazy\" decoding=\"async\" width=\"150\" height=\"150\" src=\"https:\/\/www.arquimaster.com.ar\/web\/wp-content\/uploads\/2023\/03\/oficinas_produbanco_guayaquil27-150x150.jpg\" class=\"attachment-thumbnail size-thumbnail\" alt=\"Oficinas Produbanco Guayaquil \/ Contract Workplaces\" aria-describedby=\"gallery-1-75303\" \/><\/a>\n\t\t\t<\/div>\n\t\t\t\t<figcaption class='wp-caption-text gallery-caption' id='gallery-1-75303'>\n\t\t\t\tOficinas Produbanco Guayaquil \/ Contract Workplaces\n\t\t\t\t<\/figcaption><\/figure><figure class='gallery-item'>\n\t\t\t<div class='gallery-icon landscape'>\n\t\t\t\t<a href='https:\/\/www.arquimaster.com.ar\/web\/wp-content\/uploads\/2023\/03\/oficinas_produbanco_guayaquil28.jpg' title=\"Oficinas Produbanco Guayaquil \/ Contract Workplaces\" data-rl_title=\"Oficinas Produbanco Guayaquil \/ Contract Workplaces\" class=\"rl-gallery-link\" data-rl_caption=\"Oficinas Produbanco Guayaquil \/ Contract Workplaces\" data-rel=\"lightbox-gallery-1\"><img loading=\"lazy\" decoding=\"async\" width=\"150\" height=\"150\" src=\"https:\/\/www.arquimaster.com.ar\/web\/wp-content\/uploads\/2023\/03\/oficinas_produbanco_guayaquil28-150x150.jpg\" class=\"attachment-thumbnail size-thumbnail\" alt=\"Oficinas Produbanco Guayaquil \/ Contract Workplaces\" aria-describedby=\"gallery-1-75304\" \/><\/a>\n\t\t\t<\/div>\n\t\t\t\t<figcaption class='wp-caption-text gallery-caption' id='gallery-1-75304'>\n\t\t\t\tOficinas Produbanco Guayaquil \/ Contract Workplaces\n\t\t\t\t<\/figcaption><\/figure><figure class='gallery-item'>\n\t\t\t<div class='gallery-icon landscape'>\n\t\t\t\t<a href='https:\/\/www.arquimaster.com.ar\/web\/wp-content\/uploads\/2023\/03\/oficinas_produbanco_guayaquil29.jpg' title=\"Oficinas Produbanco Guayaquil \/ Contract Workplaces\" data-rl_title=\"Oficinas Produbanco Guayaquil \/ Contract Workplaces\" class=\"rl-gallery-link\" data-rl_caption=\"Oficinas Produbanco Guayaquil \/ Contract Workplaces\" data-rel=\"lightbox-gallery-1\"><img loading=\"lazy\" decoding=\"async\" width=\"150\" height=\"150\" src=\"https:\/\/www.arquimaster.com.ar\/web\/wp-content\/uploads\/2023\/03\/oficinas_produbanco_guayaquil29-150x150.jpg\" class=\"attachment-thumbnail size-thumbnail\" alt=\"Oficinas Produbanco Guayaquil \/ Contract Workplaces\" aria-describedby=\"gallery-1-75305\" \/><\/a>\n\t\t\t<\/div>\n\t\t\t\t<figcaption class='wp-caption-text gallery-caption' id='gallery-1-75305'>\n\t\t\t\tOficinas Produbanco Guayaquil \/ Contract Workplaces\n\t\t\t\t<\/figcaption><\/figure><figure class='gallery-item'>\n\t\t\t<div class='gallery-icon landscape'>\n\t\t\t\t<a href='https:\/\/www.arquimaster.com.ar\/web\/wp-content\/uploads\/2023\/03\/oficinas_produbanco_guayaquil30.jpg' title=\"Oficinas Produbanco Guayaquil \/ Contract Workplaces\" data-rl_title=\"Oficinas Produbanco Guayaquil \/ Contract Workplaces\" class=\"rl-gallery-link\" data-rl_caption=\"Oficinas Produbanco Guayaquil \/ Contract Workplaces\" data-rel=\"lightbox-gallery-1\"><img loading=\"lazy\" decoding=\"async\" width=\"150\" height=\"150\" src=\"https:\/\/www.arquimaster.com.ar\/web\/wp-content\/uploads\/2023\/03\/oficinas_produbanco_guayaquil30-150x150.jpg\" class=\"attachment-thumbnail size-thumbnail\" alt=\"Oficinas Produbanco Guayaquil \/ Contract Workplaces\" aria-describedby=\"gallery-1-75306\" \/><\/a>\n\t\t\t<\/div>\n\t\t\t\t<figcaption class='wp-caption-text gallery-caption' id='gallery-1-75306'>\n\t\t\t\tOficinas Produbanco Guayaquil \/ Contract Workplaces\n\t\t\t\t<\/figcaption><\/figure><figure class='gallery-item'>\n\t\t\t<div class='gallery-icon landscape'>\n\t\t\t\t<a href='https:\/\/www.arquimaster.com.ar\/web\/wp-content\/uploads\/2023\/03\/oficinas_produbanco_guayaquil31.jpg' title=\"Oficinas Produbanco Guayaquil \/ Contract Workplaces (planta subsuelo)\" data-rl_title=\"Oficinas Produbanco Guayaquil \/ Contract Workplaces (planta subsuelo)\" class=\"rl-gallery-link\" data-rl_caption=\"Oficinas Produbanco Guayaquil \/ Contract Workplaces (planta subsuelo)\" data-rel=\"lightbox-gallery-1\"><img loading=\"lazy\" decoding=\"async\" width=\"150\" height=\"150\" src=\"https:\/\/www.arquimaster.com.ar\/web\/wp-content\/uploads\/2023\/03\/oficinas_produbanco_guayaquil31-150x150.jpg\" class=\"attachment-thumbnail size-thumbnail\" alt=\"Oficinas Produbanco Guayaquil \/ Contract Workplaces\" aria-describedby=\"gallery-1-75307\" \/><\/a>\n\t\t\t<\/div>\n\t\t\t\t<figcaption class='wp-caption-text gallery-caption' id='gallery-1-75307'>\n\t\t\t\tOficinas Produbanco Guayaquil \/ Contract Workplaces (planta subsuelo)\n\t\t\t\t<\/figcaption><\/figure><figure class='gallery-item'>\n\t\t\t<div class='gallery-icon landscape'>\n\t\t\t\t<a href='https:\/\/www.arquimaster.com.ar\/web\/wp-content\/uploads\/2023\/03\/oficinas_produbanco_guayaquil32.jpg' title=\"Oficinas Produbanco Guayaquil \/ Contract Workplaces (planta baja)\" data-rl_title=\"Oficinas Produbanco Guayaquil \/ Contract Workplaces (planta baja)\" class=\"rl-gallery-link\" data-rl_caption=\"Oficinas Produbanco Guayaquil \/ Contract Workplaces (planta baja)\" data-rel=\"lightbox-gallery-1\"><img loading=\"lazy\" decoding=\"async\" width=\"150\" height=\"150\" src=\"https:\/\/www.arquimaster.com.ar\/web\/wp-content\/uploads\/2023\/03\/oficinas_produbanco_guayaquil32-150x150.jpg\" class=\"attachment-thumbnail size-thumbnail\" alt=\"Oficinas Produbanco Guayaquil \/ Contract Workplaces\" aria-describedby=\"gallery-1-75308\" \/><\/a>\n\t\t\t<\/div>\n\t\t\t\t<figcaption class='wp-caption-text gallery-caption' id='gallery-1-75308'>\n\t\t\t\tOficinas Produbanco Guayaquil \/ Contract Workplaces (planta baja)\n\t\t\t\t<\/figcaption><\/figure><figure class='gallery-item'>\n\t\t\t<div class='gallery-icon landscape'>\n\t\t\t\t<a href='https:\/\/www.arquimaster.com.ar\/web\/wp-content\/uploads\/2023\/03\/oficinas_produbanco_guayaquil33.jpg' title=\"Oficinas Produbanco Guayaquil \/ Contract Workplaces (planta piso 1)\" data-rl_title=\"Oficinas Produbanco Guayaquil \/ Contract Workplaces (planta piso 1)\" class=\"rl-gallery-link\" data-rl_caption=\"Oficinas Produbanco Guayaquil \/ Contract Workplaces (planta piso 1)\" data-rel=\"lightbox-gallery-1\"><img loading=\"lazy\" decoding=\"async\" width=\"150\" height=\"150\" src=\"https:\/\/www.arquimaster.com.ar\/web\/wp-content\/uploads\/2023\/03\/oficinas_produbanco_guayaquil33-150x150.jpg\" class=\"attachment-thumbnail size-thumbnail\" alt=\"Oficinas Produbanco Guayaquil \/ Contract Workplaces\" aria-describedby=\"gallery-1-75309\" \/><\/a>\n\t\t\t<\/div>\n\t\t\t\t<figcaption class='wp-caption-text gallery-caption' id='gallery-1-75309'>\n\t\t\t\tOficinas Produbanco Guayaquil \/ Contract Workplaces (planta piso 1)\n\t\t\t\t<\/figcaption><\/figure><figure class='gallery-item'>\n\t\t\t<div class='gallery-icon landscape'>\n\t\t\t\t<a href='https:\/\/www.arquimaster.com.ar\/web\/wp-content\/uploads\/2023\/03\/oficinas_produbanco_guayaquil34.jpg' title=\"Oficinas Produbanco Guayaquil \/ Contract Workplaces (planta piso 2)\" data-rl_title=\"Oficinas Produbanco Guayaquil \/ Contract Workplaces (planta piso 2)\" class=\"rl-gallery-link\" data-rl_caption=\"Oficinas Produbanco Guayaquil \/ Contract Workplaces (planta piso 2)\" data-rel=\"lightbox-gallery-1\"><img loading=\"lazy\" decoding=\"async\" width=\"150\" height=\"150\" src=\"https:\/\/www.arquimaster.com.ar\/web\/wp-content\/uploads\/2023\/03\/oficinas_produbanco_guayaquil34-150x150.jpg\" class=\"attachment-thumbnail size-thumbnail\" alt=\"Oficinas Produbanco Guayaquil \/ Contract Workplaces\" aria-describedby=\"gallery-1-75310\" \/><\/a>\n\t\t\t<\/div>\n\t\t\t\t<figcaption class='wp-caption-text gallery-caption' id='gallery-1-75310'>\n\t\t\t\tOficinas Produbanco Guayaquil \/ Contract Workplaces (planta piso 2)\n\t\t\t\t<\/figcaption><\/figure><figure class='gallery-item'>\n\t\t\t<div class='gallery-icon landscape'>\n\t\t\t\t<a href='https:\/\/www.arquimaster.com.ar\/web\/wp-content\/uploads\/2023\/03\/oficinas_produbanco_guayaquil35.jpg' title=\"Oficinas Produbanco Guayaquil \/ Contract Workplaces (planta piso 3)\" data-rl_title=\"Oficinas Produbanco Guayaquil \/ Contract Workplaces (planta piso 3)\" class=\"rl-gallery-link\" data-rl_caption=\"Oficinas Produbanco Guayaquil \/ Contract Workplaces (planta piso 3)\" data-rel=\"lightbox-gallery-1\"><img loading=\"lazy\" decoding=\"async\" width=\"150\" height=\"150\" src=\"https:\/\/www.arquimaster.com.ar\/web\/wp-content\/uploads\/2023\/03\/oficinas_produbanco_guayaquil35-150x150.jpg\" class=\"attachment-thumbnail size-thumbnail\" alt=\"Oficinas Produbanco Guayaquil \/ Contract Workplaces\" aria-describedby=\"gallery-1-75311\" \/><\/a>\n\t\t\t<\/div>\n\t\t\t\t<figcaption class='wp-caption-text gallery-caption' id='gallery-1-75311'>\n\t\t\t\tOficinas Produbanco Guayaquil \/ Contract Workplaces (planta piso 3)\n\t\t\t\t<\/figcaption><\/figure><figure class='gallery-item'>\n\t\t\t<div class='gallery-icon landscape'>\n\t\t\t\t<a href='https:\/\/www.arquimaster.com.ar\/web\/wp-content\/uploads\/2023\/03\/oficinas_produbanco_guayaquil36.jpg' title=\"Oficinas Produbanco Guayaquil \/ Contract Workplaces (planta piso 4)\" data-rl_title=\"Oficinas Produbanco Guayaquil \/ Contract Workplaces (planta piso 4)\" class=\"rl-gallery-link\" data-rl_caption=\"Oficinas Produbanco Guayaquil \/ Contract Workplaces (planta piso 4)\" data-rel=\"lightbox-gallery-1\"><img loading=\"lazy\" decoding=\"async\" width=\"150\" height=\"150\" src=\"https:\/\/www.arquimaster.com.ar\/web\/wp-content\/uploads\/2023\/03\/oficinas_produbanco_guayaquil36-150x150.jpg\" class=\"attachment-thumbnail size-thumbnail\" alt=\"Oficinas Produbanco Guayaquil \/ Contract Workplaces\" aria-describedby=\"gallery-1-75312\" \/><\/a>\n\t\t\t<\/div>\n\t\t\t\t<figcaption class='wp-caption-text gallery-caption' id='gallery-1-75312'>\n\t\t\t\tOficinas Produbanco Guayaquil \/ Contract Workplaces (planta piso 4)\n\t\t\t\t<\/figcaption><\/figure><figure class='gallery-item'>\n\t\t\t<div class='gallery-icon landscape'>\n\t\t\t\t<a href='https:\/\/www.arquimaster.com.ar\/web\/wp-content\/uploads\/2023\/03\/oficinas_produbanco_guayaquil37.jpg' title=\"Oficinas Produbanco Guayaquil \/ Contract Workplaces (planta piso 5)\" data-rl_title=\"Oficinas Produbanco Guayaquil \/ Contract Workplaces (planta piso 5)\" class=\"rl-gallery-link\" data-rl_caption=\"Oficinas Produbanco Guayaquil \/ Contract Workplaces (planta piso 5)\" data-rel=\"lightbox-gallery-1\"><img loading=\"lazy\" decoding=\"async\" width=\"150\" height=\"150\" src=\"https:\/\/www.arquimaster.com.ar\/web\/wp-content\/uploads\/2023\/03\/oficinas_produbanco_guayaquil37-150x150.jpg\" class=\"attachment-thumbnail size-thumbnail\" alt=\"Oficinas Produbanco Guayaquil \/ Contract Workplaces\" aria-describedby=\"gallery-1-75313\" \/><\/a>\n\t\t\t<\/div>\n\t\t\t\t<figcaption class='wp-caption-text gallery-caption' id='gallery-1-75313'>\n\t\t\t\tOficinas Produbanco Guayaquil \/ Contract Workplaces (planta piso 5)\n\t\t\t\t<\/figcaption><\/figure><figure class='gallery-item'>\n\t\t\t<div class='gallery-icon landscape'>\n\t\t\t\t<a href='https:\/\/www.arquimaster.com.ar\/web\/wp-content\/uploads\/2023\/03\/oficinas_produbanco_guayaquil38.jpg' title=\"Oficinas Produbanco Guayaquil \/ Contract Workplaces (planta piso 6)\" data-rl_title=\"Oficinas Produbanco Guayaquil \/ Contract Workplaces (planta piso 6)\" class=\"rl-gallery-link\" data-rl_caption=\"Oficinas Produbanco Guayaquil \/ Contract Workplaces (planta piso 6)\" data-rel=\"lightbox-gallery-1\"><img loading=\"lazy\" decoding=\"async\" width=\"150\" height=\"150\" src=\"https:\/\/www.arquimaster.com.ar\/web\/wp-content\/uploads\/2023\/03\/oficinas_produbanco_guayaquil38-150x150.jpg\" class=\"attachment-thumbnail size-thumbnail\" alt=\"Oficinas Produbanco Guayaquil \/ Contract Workplaces\" aria-describedby=\"gallery-1-75314\" \/><\/a>\n\t\t\t<\/div>\n\t\t\t\t<figcaption class='wp-caption-text gallery-caption' id='gallery-1-75314'>\n\t\t\t\tOficinas Produbanco Guayaquil \/ Contract Workplaces (planta piso 6)\n\t\t\t\t<\/figcaption><\/figure><figure class='gallery-item'>\n\t\t\t<div class='gallery-icon landscape'>\n\t\t\t\t<a href='https:\/\/www.arquimaster.com.ar\/web\/wp-content\/uploads\/2023\/03\/oficinas_produbanco_guayaquil39.jpg' title=\"Oficinas Produbanco Guayaquil \/ Contract Workplaces (planta piso 7)\" data-rl_title=\"Oficinas Produbanco Guayaquil \/ Contract Workplaces (planta piso 7)\" class=\"rl-gallery-link\" data-rl_caption=\"Oficinas Produbanco Guayaquil \/ Contract Workplaces (planta piso 7)\" data-rel=\"lightbox-gallery-1\"><img loading=\"lazy\" decoding=\"async\" width=\"150\" height=\"150\" src=\"https:\/\/www.arquimaster.com.ar\/web\/wp-content\/uploads\/2023\/03\/oficinas_produbanco_guayaquil39-150x150.jpg\" class=\"attachment-thumbnail size-thumbnail\" alt=\"Oficinas Produbanco Guayaquil \/ Contract Workplaces\" aria-describedby=\"gallery-1-75315\" \/><\/a>\n\t\t\t<\/div>\n\t\t\t\t<figcaption class='wp-caption-text gallery-caption' id='gallery-1-75315'>\n\t\t\t\tOficinas Produbanco Guayaquil \/ Contract Workplaces (planta piso 7)\n\t\t\t\t<\/figcaption><\/figure>\n\t\t<\/div>\n\n<p>El proceso comenz\u00f3 con una consultor\u00eda de Workplace Strategy seguida del dise\u00f1o y la ejecuci\u00f3n de un edificio de 12.680 m2 distribuidos en 7 pisos y un subsuelo. El concepto central del proyecto se enfoc\u00f3 en consolidar los valores de la compa\u00f1\u00eda dentro del espacio de trabajo.<\/p>\n<p>El programa de necesidades definido por el cliente se desarroll\u00f3 equilibradamente en las diferentes plantas. En la planta baja se ubicaron las \u00e1reas m\u00e1s p\u00fablicas tales como la recepci\u00f3n, la atenci\u00f3n al p\u00fablico y la agencia. Mientras que el primer piso se destin\u00f3 completamente a los servicios destinados al bienestar tales como el gimnasio, el dispensario m\u00e9dico y lactario, el play room y el comedor.<\/p>\n<p>Entre los pisos 2 y 5 -concebidos como plantas tipo- se ubicaron los puestos de trabajo del \u00e1rea operativa junto con coffee points, salas de reuniones y espacios colaborativos. El esquema general de las plantas se organiz\u00f3 en open space con los puestos ubicados perpendicularmente al per\u00edmetro exterior a fin de aprovechar la luz natural y las excelentes vistas del edificio. Las \u00e1reas de servicios y archivo se ubicaron recostadas contra el n\u00facleo central del edificio rodeadas por salas y \u00e1reas de reuniones de diverso tama\u00f1o.<\/p>\n<p>El piso 6 se dedic\u00f3 al \u00e1rea VIP del banco y cuenta con salas de espera y reuniones especiales, as\u00ed como tambi\u00e9n con un \u00e1rea de Brainstorming para uso de los funcionarios. Y, finalmente, en el piso 7 se ubicaron las salas de capacitaci\u00f3n y el \u00e1rea de Directorio, todo equipado con tecnolog\u00eda multimedia de punta. Como plus adicional cabe mencionar la flexibilidad del mobiliario que permite la configuraci\u00f3n de diferentes escenarios de acuerdo con las necesidades del momento.<\/p>\n<p>Si bien el concepto general y el est\u00e1ndar del edificio tiene como referencia tanto la sede de Quito como la de I\u00f1aquito, tambi\u00e9n cuenta con espacios que son \u00fanicos y propios. Uno de ellos es la tarima colaborativa de los pisos 3, 5 y 6, pensada para fomentar el trabajo en equipo y generar puntos de encuentro y conversaciones informales. El otro es la terraza exterior del piso 7 que cuenta con un paisajismo \u00fanico adem\u00e1s de una vista privilegiada y un clima muy agradable que permite realizar eventos al aire libre.<\/p>\n<p>En cuanto a la selecci\u00f3n de los materiales, se utilizaron elementos y colores destinados a reforzar la imagen de la marca, solados vin\u00edlicos y cielorrasos con una combinaci\u00f3n de componentes y texturas variadas.<\/p>\n<p>El proyecto tambi\u00e9n cuenta con un sistema de ingenier\u00eda con los m\u00e1s altos est\u00e1ndares, entre los que se destaca la implementaci\u00f3n de un sistema BMS (Building Management Systems) que permite la automatizaci\u00f3n y el control centralizado del inmueble para convertirlo en un verdadero edificio inteligente.<\/p>\n<p>El resultado fue un entorno donde priman la transparencia y la luminosidad, con espacios concebidos para fomentar la innovaci\u00f3n, la colaboraci\u00f3n y la creatividad al mismo tiempo que brindan apoyo a la consolidaci\u00f3n de una nueva cultura corporativa y al fortalecimiento del enfoque institucional centrado en la satisfacci\u00f3n del cliente y de los colaboradores.<\/p>\n\n\n<div style=\"height:20px\" aria-hidden=\"true\" class=\"wp-block-spacer\"><\/div>\n\n\n\n<p class=\"has-background\" style=\"background-color:#eaeaea\"><strong>Ficha t\u00e9cnica<\/strong><br>Nombre: Oficinas Produbanco Guayaquil<br>Ubicaci\u00f3n: Guayaquil, Ecuador<br>Dise\u00f1o y construcci\u00f3n: Contract Workplaces<br>Plazo de la obra: 9 meses<br>Superficie: 12.680 m2<br>A\u00f1o: 2021<br><br><strong>Contacto<\/strong><br><a href=\"https:\/\/www.contractwokplaces.com\" target=\"_blank\" rel=\"noreferrer noopener\">https:\/\/www.contractwokplaces.com<\/a><\/p>\n\n\n\n<div style=\"height:40px\" aria-hidden=\"true\" class=\"wp-block-spacer\"><\/div>\n\n\n<p><em><strong>English version<\/strong><\/em><\/p>\n<p><em>Produbanco is one of the most important financial institutions in Ecuador, part of Grupo Promerica, which has been operating in the country for almost four decades and has a solid local performance record.<\/em><\/p>\n<p><em>Since 2016, Produbanco has entrusted several of its projects to Contract Workplaces, such as its headquarters in Quito and I\u00f1aquito, including this Guayaquil Branch building located within the Col\u00f3n Business Park.<\/em><\/p>\n<p><em>The process began with a Workplace Strategy consultancy followed by the design and execution of a 12,680&nbsp;m2 building with 7&nbsp;floors and a basement. The central concept of the project focused on consolidating the values of the company within the workspace.<\/em><\/p>\n<p><em>The needs program defined by the client was developed in a balanced way in each floor. The most public areas, such as the reception, the customer service area and the agency, were located on the ground floor, while the first floor was used entirely for wellness services, such as the gym, the medical supplies unit, the breastfeeding room, the playroom and the dining room.<\/em><\/p>\n<p><em>Floors 2 to 5 -conceived as standard floors- included the workstations of the operational area along with coffee points, meeting rooms and collaborative spaces. The general layout of each floor was organised as an open space, with workstations located perpendicular to the outer perimeter in order to take advantage of the natural light and the excellent views of the building. Service and filing areas were laid against the core of the building and surrounded by meeting rooms and areas of different sizes.<\/em><\/p>\n<p><em>Floor&nbsp;6 was dedicated to the VIP area of the bank, and it has special waiting rooms and meeting rooms, as well as a brainstorming area for employees. And, lastly, the 7th floor consisted of the training rooms and the Board area, all equipped with state-of-the-art multimedia technology. The flexibility of the furniture is worth mentioning, as it allows to set up different scenarios according to the needs.<\/em><\/p>\n<p><em>Although the building&#8217;s general concept and standard refer to both the Quito and I\u00f1aquito headquarters, it also has spaces that are unique and specific to this building. One of them is the collaborative platform on floors&nbsp;3, 5 and 6, designed to encourage teamwork, provide meeting points and generate informal conversations. The other space is the outdoor terrace on the 7th floor, which has unique landscaping as well as a privileged view and a very pleasant climate that allows outdoor events to be held.<\/em><\/p>\n<p><em>As for the selection of materials, we deployed elements and colours which aim to reinforce brand image: vinyl floorings and ceilings which combined a variety of components and textures.<\/em><\/p>\n<p><em>The project also has an engineering system with the highest standards, such as the implementation of a BMS (Building Management System) that allows automation and centralised control of the building to turn it into a true smart building.<\/em><\/p>\n<p><em>The result was an environment where transparency and brightness prevail, with spaces conceived to promote innovation and creativity while supporting the consolidation of a new corporate culture and strengthening the institutional approach focused on customer and employee satisfaction.<\/em><\/p>\n<div style=\"font-size: 0px; height: 0px; line-height: 0px; margin: 0; padding: 0; clear: both;\"><\/div><div style=\"margin-top: 0px; margin-bottom: 0px;\" class=\"sharethis-inline-share-buttons\" ><\/div>","protected":false},"excerpt":{"rendered":"<p>El esquema general de las plantas se organiz\u00f3 en open space&#8230;<\/p>\n","protected":false},"author":1,"featured_media":75276,"comment_status":"closed","ping_status":"closed","sticky":false,"template":"","format":"standard","meta":{"_uag_custom_page_level_css":"","footnotes":""},"categories":[76,1],"tags":[2673,1294,2447,7677,255,1292],"class_list":["post-75275","post","type-post","status-publish","format-standard","has-post-thumbnail","hentry","category-arquitectura-corporativa","category-proyecto","tag-contract-workplaces","tag-diseno-de-oficinas","tag-ecuador","tag-guayaquil","tag-oficinas","tag-workplaces","generate-columns","tablet-grid-50","mobile-grid-100","grid-parent","grid-50"],"yoast_head":"<!-- This site is optimized with the Yoast SEO plugin v27.3 - https:\/\/yoast.com\/product\/yoast-seo-wordpress\/ -->\n<title>Oficinas Produbanco Guayaquil \/ Contract Workplaces - Arquimaster<\/title>\n<meta name=\"description\" content=\"El esquema general de las plantas se organiz\u00f3 en open space con el fin de aprovechar la luz natural y las excelentes vistas del edificio.\" \/>\n<meta name=\"robots\" content=\"index, follow, max-snippet:-1, max-image-preview:large, max-video-preview:-1\" \/>\n<link rel=\"canonical\" href=\"https:\/\/www.arquimaster.com.ar\/web\/oficinas-produbanco-guayaquil-contract-workplaces\/\" \/>\n<meta property=\"og:locale\" content=\"es_ES\" \/>\n<meta property=\"og:type\" content=\"article\" \/>\n<meta property=\"og:title\" content=\"Oficinas Produbanco Guayaquil \/ Contract Workplaces\" \/>\n<meta property=\"og:description\" content=\"El esquema general de las plantas se organiz\u00f3 en open space con el fin de aprovechar la luz natural y las excelentes vistas del edificio.\" \/>\n<meta property=\"og:url\" content=\"https:\/\/www.arquimaster.com.ar\/web\/oficinas-produbanco-guayaquil-contract-workplaces\/\" \/>\n<meta property=\"og:site_name\" content=\"Arquimaster\" \/>\n<meta property=\"article:publisher\" content=\"http:\/\/www.facebook.com\/ARQUIMASTER.com.ar\" \/>\n<meta property=\"article:published_time\" content=\"2023-03-17T01:08:21+00:00\" \/>\n<meta property=\"article:modified_time\" content=\"2023-06-02T17:01:20+00:00\" \/>\n<meta property=\"og:image\" content=\"https:\/\/www.arquimaster.com.ar\/web\/wp-content\/uploads\/2023\/03\/oficinas_produbanco_guayaquil_slide.jpg\" \/>\n\t<meta property=\"og:image:width\" content=\"698\" \/>\n\t<meta property=\"og:image:height\" content=\"364\" \/>\n\t<meta property=\"og:image:type\" content=\"image\/jpeg\" \/>\n<meta name=\"author\" content=\"Arquimaster\" \/>\n<meta name=\"twitter:card\" content=\"summary_large_image\" \/>\n<meta name=\"twitter:title\" content=\"Oficinas Produbanco Guayaquil \/ Contract Workplaces\" \/>\n<meta name=\"twitter:description\" content=\"El esquema general de las plantas se organiz\u00f3 en open space con el fin de aprovechar la luz natural y las excelentes vistas del edificio.\" \/>\n<meta name=\"twitter:image\" content=\"https:\/\/www.arquimaster.com.ar\/web\/wp-content\/uploads\/2023\/03\/oficinas_produbanco_guayaquil_slide.jpg\" \/>\n<meta name=\"twitter:creator\" content=\"@arquimaster\" \/>\n<meta name=\"twitter:site\" content=\"@arquimaster\" \/>\n<meta name=\"twitter:label1\" content=\"Escrito por\" \/>\n\t<meta name=\"twitter:data1\" content=\"Arquimaster\" \/>\n\t<meta name=\"twitter:label2\" content=\"Tiempo de lectura\" \/>\n\t<meta name=\"twitter:data2\" content=\"6 minutos\" \/>\n<script type=\"application\/ld+json\" class=\"yoast-schema-graph\">{\"@context\":\"https:\\\/\\\/schema.org\",\"@graph\":[{\"@type\":\"Article\",\"@id\":\"https:\\\/\\\/www.arquimaster.com.ar\\\/web\\\/oficinas-produbanco-guayaquil-contract-workplaces\\\/#article\",\"isPartOf\":{\"@id\":\"https:\\\/\\\/www.arquimaster.com.ar\\\/web\\\/oficinas-produbanco-guayaquil-contract-workplaces\\\/\"},\"author\":{\"name\":\"Arquimaster\",\"@id\":\"https:\\\/\\\/www.arquimaster.com.ar\\\/web\\\/#\\\/schema\\\/person\\\/359e9f7c00193fcde068e0dd2ceb0028\"},\"headline\":\"Oficinas Produbanco Guayaquil \\\/ Contract Workplaces\",\"datePublished\":\"2023-03-17T01:08:21+00:00\",\"dateModified\":\"2023-06-02T17:01:20+00:00\",\"mainEntityOfPage\":{\"@id\":\"https:\\\/\\\/www.arquimaster.com.ar\\\/web\\\/oficinas-produbanco-guayaquil-contract-workplaces\\\/\"},\"wordCount\":1157,\"publisher\":{\"@id\":\"https:\\\/\\\/www.arquimaster.com.ar\\\/web\\\/#organization\"},\"image\":{\"@id\":\"https:\\\/\\\/www.arquimaster.com.ar\\\/web\\\/oficinas-produbanco-guayaquil-contract-workplaces\\\/#primaryimage\"},\"thumbnailUrl\":\"https:\\\/\\\/www.arquimaster.com.ar\\\/web\\\/wp-content\\\/uploads\\\/2023\\\/03\\\/oficinas_produbanco_guayaquil_slide.jpg\",\"keywords\":[\"Contract Workplaces\",\"dise\u00f1o de oficinas\",\"Ecuador\",\"Guayaquil\",\"oficinas\",\"workplaces\"],\"articleSection\":[\"Arquitectura corporativa\",\"Proyecto\"],\"inLanguage\":\"es\"},{\"@type\":\"WebPage\",\"@id\":\"https:\\\/\\\/www.arquimaster.com.ar\\\/web\\\/oficinas-produbanco-guayaquil-contract-workplaces\\\/\",\"url\":\"https:\\\/\\\/www.arquimaster.com.ar\\\/web\\\/oficinas-produbanco-guayaquil-contract-workplaces\\\/\",\"name\":\"Oficinas Produbanco Guayaquil \\\/ Contract Workplaces - Arquimaster\",\"isPartOf\":{\"@id\":\"https:\\\/\\\/www.arquimaster.com.ar\\\/web\\\/#website\"},\"primaryImageOfPage\":{\"@id\":\"https:\\\/\\\/www.arquimaster.com.ar\\\/web\\\/oficinas-produbanco-guayaquil-contract-workplaces\\\/#primaryimage\"},\"image\":{\"@id\":\"https:\\\/\\\/www.arquimaster.com.ar\\\/web\\\/oficinas-produbanco-guayaquil-contract-workplaces\\\/#primaryimage\"},\"thumbnailUrl\":\"https:\\\/\\\/www.arquimaster.com.ar\\\/web\\\/wp-content\\\/uploads\\\/2023\\\/03\\\/oficinas_produbanco_guayaquil_slide.jpg\",\"datePublished\":\"2023-03-17T01:08:21+00:00\",\"dateModified\":\"2023-06-02T17:01:20+00:00\",\"description\":\"El esquema general de las plantas se organiz\u00f3 en open space con el fin de aprovechar la luz natural y las excelentes vistas del edificio.\",\"breadcrumb\":{\"@id\":\"https:\\\/\\\/www.arquimaster.com.ar\\\/web\\\/oficinas-produbanco-guayaquil-contract-workplaces\\\/#breadcrumb\"},\"inLanguage\":\"es\",\"potentialAction\":[{\"@type\":\"ReadAction\",\"target\":[\"https:\\\/\\\/www.arquimaster.com.ar\\\/web\\\/oficinas-produbanco-guayaquil-contract-workplaces\\\/\"]}]},{\"@type\":\"ImageObject\",\"inLanguage\":\"es\",\"@id\":\"https:\\\/\\\/www.arquimaster.com.ar\\\/web\\\/oficinas-produbanco-guayaquil-contract-workplaces\\\/#primaryimage\",\"url\":\"https:\\\/\\\/www.arquimaster.com.ar\\\/web\\\/wp-content\\\/uploads\\\/2023\\\/03\\\/oficinas_produbanco_guayaquil_slide.jpg\",\"contentUrl\":\"https:\\\/\\\/www.arquimaster.com.ar\\\/web\\\/wp-content\\\/uploads\\\/2023\\\/03\\\/oficinas_produbanco_guayaquil_slide.jpg\",\"width\":698,\"height\":364,\"caption\":\"Oficinas Produbanco Guayaquil \\\/ Contract Workplaces\"},{\"@type\":\"BreadcrumbList\",\"@id\":\"https:\\\/\\\/www.arquimaster.com.ar\\\/web\\\/oficinas-produbanco-guayaquil-contract-workplaces\\\/#breadcrumb\",\"itemListElement\":[{\"@type\":\"ListItem\",\"position\":1,\"name\":\"Portada\",\"item\":\"https:\\\/\\\/www.arquimaster.com.ar\\\/web\\\/\"},{\"@type\":\"ListItem\",\"position\":2,\"name\":\"Oficinas Produbanco Guayaquil \\\/ Contract Workplaces\"}]},{\"@type\":\"WebSite\",\"@id\":\"https:\\\/\\\/www.arquimaster.com.ar\\\/web\\\/#website\",\"url\":\"https:\\\/\\\/www.arquimaster.com.ar\\\/web\\\/\",\"name\":\"Arquimaster\",\"description\":\"Web de arquitectura, dise\u00f1o y construccion\",\"publisher\":{\"@id\":\"https:\\\/\\\/www.arquimaster.com.ar\\\/web\\\/#organization\"},\"potentialAction\":[{\"@type\":\"SearchAction\",\"target\":{\"@type\":\"EntryPoint\",\"urlTemplate\":\"https:\\\/\\\/www.arquimaster.com.ar\\\/web\\\/?s={search_term_string}\"},\"query-input\":{\"@type\":\"PropertyValueSpecification\",\"valueRequired\":true,\"valueName\":\"search_term_string\"}}],\"inLanguage\":\"es\"},{\"@type\":\"Organization\",\"@id\":\"https:\\\/\\\/www.arquimaster.com.ar\\\/web\\\/#organization\",\"name\":\"Arquimaster\",\"url\":\"https:\\\/\\\/www.arquimaster.com.ar\\\/web\\\/\",\"logo\":{\"@type\":\"ImageObject\",\"inLanguage\":\"es\",\"@id\":\"https:\\\/\\\/www.arquimaster.com.ar\\\/web\\\/#\\\/schema\\\/logo\\\/image\\\/\",\"url\":\"https:\\\/\\\/www.arquimaster.com.ar\\\/web\\\/wp-content\\\/uploads\\\/2022\\\/06\\\/arquimaster.png\",\"contentUrl\":\"https:\\\/\\\/www.arquimaster.com.ar\\\/web\\\/wp-content\\\/uploads\\\/2022\\\/06\\\/arquimaster.png\",\"width\":594,\"height\":78,\"caption\":\"Arquimaster\"},\"image\":{\"@id\":\"https:\\\/\\\/www.arquimaster.com.ar\\\/web\\\/#\\\/schema\\\/logo\\\/image\\\/\"},\"sameAs\":[\"http:\\\/\\\/www.facebook.com\\\/ARQUIMASTER.com.ar\",\"https:\\\/\\\/x.com\\\/arquimaster\",\"https:\\\/\\\/www.instagram.com\\\/arquimasterblog\\\/\",\"https:\\\/\\\/www.linkedin.com\\\/company\\\/arquimaster\",\"https:\\\/\\\/www.pinterest.com\\\/arquimaster\",\"https:\\\/\\\/t.me\\\/arquimaster\"]},{\"@type\":\"Person\",\"@id\":\"https:\\\/\\\/www.arquimaster.com.ar\\\/web\\\/#\\\/schema\\\/person\\\/359e9f7c00193fcde068e0dd2ceb0028\",\"name\":\"Arquimaster\"}]}<\/script>\n<!-- \/ Yoast SEO plugin. -->","yoast_head_json":{"title":"Oficinas Produbanco Guayaquil \/ Contract Workplaces - Arquimaster","description":"El esquema general de las plantas se organiz\u00f3 en open space con el fin de aprovechar la luz natural y las excelentes vistas del edificio.","robots":{"index":"index","follow":"follow","max-snippet":"max-snippet:-1","max-image-preview":"max-image-preview:large","max-video-preview":"max-video-preview:-1"},"canonical":"https:\/\/www.arquimaster.com.ar\/web\/oficinas-produbanco-guayaquil-contract-workplaces\/","og_locale":"es_ES","og_type":"article","og_title":"Oficinas Produbanco Guayaquil \/ Contract Workplaces","og_description":"El esquema general de las plantas se organiz\u00f3 en open space con el fin de aprovechar la luz natural y las excelentes vistas del edificio.","og_url":"https:\/\/www.arquimaster.com.ar\/web\/oficinas-produbanco-guayaquil-contract-workplaces\/","og_site_name":"Arquimaster","article_publisher":"http:\/\/www.facebook.com\/ARQUIMASTER.com.ar","article_published_time":"2023-03-17T01:08:21+00:00","article_modified_time":"2023-06-02T17:01:20+00:00","og_image":[{"width":698,"height":364,"url":"https:\/\/www.arquimaster.com.ar\/web\/wp-content\/uploads\/2023\/03\/oficinas_produbanco_guayaquil_slide.jpg","type":"image\/jpeg"}],"author":"Arquimaster","twitter_card":"summary_large_image","twitter_title":"Oficinas Produbanco Guayaquil \/ Contract Workplaces","twitter_description":"El esquema general de las plantas se organiz\u00f3 en open space con el fin de aprovechar la luz natural y las excelentes vistas del edificio.","twitter_image":"https:\/\/www.arquimaster.com.ar\/web\/wp-content\/uploads\/2023\/03\/oficinas_produbanco_guayaquil_slide.jpg","twitter_creator":"@arquimaster","twitter_site":"@arquimaster","twitter_misc":{"Escrito por":"Arquimaster","Tiempo de lectura":"6 minutos"},"schema":{"@context":"https:\/\/schema.org","@graph":[{"@type":"Article","@id":"https:\/\/www.arquimaster.com.ar\/web\/oficinas-produbanco-guayaquil-contract-workplaces\/#article","isPartOf":{"@id":"https:\/\/www.arquimaster.com.ar\/web\/oficinas-produbanco-guayaquil-contract-workplaces\/"},"author":{"name":"Arquimaster","@id":"https:\/\/www.arquimaster.com.ar\/web\/#\/schema\/person\/359e9f7c00193fcde068e0dd2ceb0028"},"headline":"Oficinas Produbanco Guayaquil \/ Contract Workplaces","datePublished":"2023-03-17T01:08:21+00:00","dateModified":"2023-06-02T17:01:20+00:00","mainEntityOfPage":{"@id":"https:\/\/www.arquimaster.com.ar\/web\/oficinas-produbanco-guayaquil-contract-workplaces\/"},"wordCount":1157,"publisher":{"@id":"https:\/\/www.arquimaster.com.ar\/web\/#organization"},"image":{"@id":"https:\/\/www.arquimaster.com.ar\/web\/oficinas-produbanco-guayaquil-contract-workplaces\/#primaryimage"},"thumbnailUrl":"https:\/\/www.arquimaster.com.ar\/web\/wp-content\/uploads\/2023\/03\/oficinas_produbanco_guayaquil_slide.jpg","keywords":["Contract Workplaces","dise\u00f1o de oficinas","Ecuador","Guayaquil","oficinas","workplaces"],"articleSection":["Arquitectura corporativa","Proyecto"],"inLanguage":"es"},{"@type":"WebPage","@id":"https:\/\/www.arquimaster.com.ar\/web\/oficinas-produbanco-guayaquil-contract-workplaces\/","url":"https:\/\/www.arquimaster.com.ar\/web\/oficinas-produbanco-guayaquil-contract-workplaces\/","name":"Oficinas Produbanco Guayaquil \/ Contract Workplaces - Arquimaster","isPartOf":{"@id":"https:\/\/www.arquimaster.com.ar\/web\/#website"},"primaryImageOfPage":{"@id":"https:\/\/www.arquimaster.com.ar\/web\/oficinas-produbanco-guayaquil-contract-workplaces\/#primaryimage"},"image":{"@id":"https:\/\/www.arquimaster.com.ar\/web\/oficinas-produbanco-guayaquil-contract-workplaces\/#primaryimage"},"thumbnailUrl":"https:\/\/www.arquimaster.com.ar\/web\/wp-content\/uploads\/2023\/03\/oficinas_produbanco_guayaquil_slide.jpg","datePublished":"2023-03-17T01:08:21+00:00","dateModified":"2023-06-02T17:01:20+00:00","description":"El esquema general de las plantas se organiz\u00f3 en open space con el fin de aprovechar la luz natural y las excelentes vistas del edificio.","breadcrumb":{"@id":"https:\/\/www.arquimaster.com.ar\/web\/oficinas-produbanco-guayaquil-contract-workplaces\/#breadcrumb"},"inLanguage":"es","potentialAction":[{"@type":"ReadAction","target":["https:\/\/www.arquimaster.com.ar\/web\/oficinas-produbanco-guayaquil-contract-workplaces\/"]}]},{"@type":"ImageObject","inLanguage":"es","@id":"https:\/\/www.arquimaster.com.ar\/web\/oficinas-produbanco-guayaquil-contract-workplaces\/#primaryimage","url":"https:\/\/www.arquimaster.com.ar\/web\/wp-content\/uploads\/2023\/03\/oficinas_produbanco_guayaquil_slide.jpg","contentUrl":"https:\/\/www.arquimaster.com.ar\/web\/wp-content\/uploads\/2023\/03\/oficinas_produbanco_guayaquil_slide.jpg","width":698,"height":364,"caption":"Oficinas Produbanco Guayaquil \/ Contract Workplaces"},{"@type":"BreadcrumbList","@id":"https:\/\/www.arquimaster.com.ar\/web\/oficinas-produbanco-guayaquil-contract-workplaces\/#breadcrumb","itemListElement":[{"@type":"ListItem","position":1,"name":"Portada","item":"https:\/\/www.arquimaster.com.ar\/web\/"},{"@type":"ListItem","position":2,"name":"Oficinas Produbanco Guayaquil \/ Contract Workplaces"}]},{"@type":"WebSite","@id":"https:\/\/www.arquimaster.com.ar\/web\/#website","url":"https:\/\/www.arquimaster.com.ar\/web\/","name":"Arquimaster","description":"Web de arquitectura, dise\u00f1o y construccion","publisher":{"@id":"https:\/\/www.arquimaster.com.ar\/web\/#organization"},"potentialAction":[{"@type":"SearchAction","target":{"@type":"EntryPoint","urlTemplate":"https:\/\/www.arquimaster.com.ar\/web\/?s={search_term_string}"},"query-input":{"@type":"PropertyValueSpecification","valueRequired":true,"valueName":"search_term_string"}}],"inLanguage":"es"},{"@type":"Organization","@id":"https:\/\/www.arquimaster.com.ar\/web\/#organization","name":"Arquimaster","url":"https:\/\/www.arquimaster.com.ar\/web\/","logo":{"@type":"ImageObject","inLanguage":"es","@id":"https:\/\/www.arquimaster.com.ar\/web\/#\/schema\/logo\/image\/","url":"https:\/\/www.arquimaster.com.ar\/web\/wp-content\/uploads\/2022\/06\/arquimaster.png","contentUrl":"https:\/\/www.arquimaster.com.ar\/web\/wp-content\/uploads\/2022\/06\/arquimaster.png","width":594,"height":78,"caption":"Arquimaster"},"image":{"@id":"https:\/\/www.arquimaster.com.ar\/web\/#\/schema\/logo\/image\/"},"sameAs":["http:\/\/www.facebook.com\/ARQUIMASTER.com.ar","https:\/\/x.com\/arquimaster","https:\/\/www.instagram.com\/arquimasterblog\/","https:\/\/www.linkedin.com\/company\/arquimaster","https:\/\/www.pinterest.com\/arquimaster","https:\/\/t.me\/arquimaster"]},{"@type":"Person","@id":"https:\/\/www.arquimaster.com.ar\/web\/#\/schema\/person\/359e9f7c00193fcde068e0dd2ceb0028","name":"Arquimaster"}]}},"uagb_featured_image_src":{"full":["https:\/\/www.arquimaster.com.ar\/web\/wp-content\/uploads\/2023\/03\/oficinas_produbanco_guayaquil_slide.jpg",698,364,false],"thumbnail":["https:\/\/www.arquimaster.com.ar\/web\/wp-content\/uploads\/2023\/03\/oficinas_produbanco_guayaquil_slide-150x150.jpg",150,150,true],"medium":["https:\/\/www.arquimaster.com.ar\/web\/wp-content\/uploads\/2023\/03\/oficinas_produbanco_guayaquil_slide.jpg",698,364,false],"medium_large":["https:\/\/www.arquimaster.com.ar\/web\/wp-content\/uploads\/2023\/03\/oficinas_produbanco_guayaquil_slide.jpg",698,364,false],"large":["https:\/\/www.arquimaster.com.ar\/web\/wp-content\/uploads\/2023\/03\/oficinas_produbanco_guayaquil_slide.jpg",698,364,false],"1536x1536":["https:\/\/www.arquimaster.com.ar\/web\/wp-content\/uploads\/2023\/03\/oficinas_produbanco_guayaquil_slide.jpg",698,364,false],"2048x2048":["https:\/\/www.arquimaster.com.ar\/web\/wp-content\/uploads\/2023\/03\/oficinas_produbanco_guayaquil_slide.jpg",698,364,false]},"uagb_author_info":{"display_name":"Arquimaster","author_link":"https:\/\/www.arquimaster.com.ar\/web\/author\/arquimaster\/"},"uagb_comment_info":0,"uagb_excerpt":"El esquema general de las plantas se organiz\u00f3 en open space...","_links":{"self":[{"href":"https:\/\/www.arquimaster.com.ar\/web\/wp-json\/wp\/v2\/posts\/75275","targetHints":{"allow":["GET"]}}],"collection":[{"href":"https:\/\/www.arquimaster.com.ar\/web\/wp-json\/wp\/v2\/posts"}],"about":[{"href":"https:\/\/www.arquimaster.com.ar\/web\/wp-json\/wp\/v2\/types\/post"}],"author":[{"embeddable":true,"href":"https:\/\/www.arquimaster.com.ar\/web\/wp-json\/wp\/v2\/users\/1"}],"replies":[{"embeddable":true,"href":"https:\/\/www.arquimaster.com.ar\/web\/wp-json\/wp\/v2\/comments?post=75275"}],"version-history":[{"count":2,"href":"https:\/\/www.arquimaster.com.ar\/web\/wp-json\/wp\/v2\/posts\/75275\/revisions"}],"predecessor-version":[{"id":76296,"href":"https:\/\/www.arquimaster.com.ar\/web\/wp-json\/wp\/v2\/posts\/75275\/revisions\/76296"}],"wp:featuredmedia":[{"embeddable":true,"href":"https:\/\/www.arquimaster.com.ar\/web\/wp-json\/wp\/v2\/media\/75276"}],"wp:attachment":[{"href":"https:\/\/www.arquimaster.com.ar\/web\/wp-json\/wp\/v2\/media?parent=75275"}],"wp:term":[{"taxonomy":"category","embeddable":true,"href":"https:\/\/www.arquimaster.com.ar\/web\/wp-json\/wp\/v2\/categories?post=75275"},{"taxonomy":"post_tag","embeddable":true,"href":"https:\/\/www.arquimaster.com.ar\/web\/wp-json\/wp\/v2\/tags?post=75275"}],"curies":[{"name":"wp","href":"https:\/\/api.w.org\/{rel}","templated":true}]}}