{"id":75386,"date":"2023-03-23T19:41:51","date_gmt":"2023-03-23T22:41:51","guid":{"rendered":"https:\/\/www.arquimaster.com.ar\/web\/?p=75386"},"modified":"2023-07-20T18:48:28","modified_gmt":"2023-07-20T21:48:28","slug":"casa-roig-destudio-arquitectura","status":"publish","type":"post","link":"https:\/\/www.arquimaster.com.ar\/web\/casa-roig-destudio-arquitectura\/","title":{"rendered":"Casa Roig \/ Destudio Arquitectura"},"content":{"rendered":"<div style=\"margin-top: 0px; margin-bottom: 0px;\" class=\"sharethis-inline-share-buttons\" ><\/div><div class=\"b812932af2e751442846f039925109de\" data-index=\"1\" style=\"float: none; margin:25px 0 25px 0; text-align:center;\">\n<script async src=\"https:\/\/pagead2.googlesyndication.com\/pagead\/js\/adsbygoogle.js\"><\/script>\r\n<!-- Arquimaster (superior) -->\r\n<ins class=\"adsbygoogle\"\r\n     style=\"display:block\"\r\n     data-ad-client=\"ca-pub-6351072698456832\"\r\n     data-ad-slot=\"6455489680\"\r\n     data-ad-format=\"auto\"\r\n     data-full-width-responsive=\"true\"><\/ins>\r\n<script>\r\n     (adsbygoogle = window.adsbygoogle || []).push({});\r\n<\/script>\n<\/div>\n<p><strong>Casa Roig<\/strong> (Valencia, Espa\u00f1a) por <strong>Destudio Arquitectura<\/strong>. La nueva propuesta de vivienda Casa Roig parte de la premisa de poner en valor un equilibrio arm\u00f3nico entre elegancia y modernidad. Por tanto, la reforma integral de este proyecto ha supuesto el desaf\u00edo de dotar de personalidad y car\u00e1cter a toda la vivienda. Casa Roig cuenta con 140 m2 de superficie, los cuales est\u00e1n distribuidos con el objetivo de ganar espacio y amplitud en cada una de sus estancias.<\/p>\n<div id='gallery-1' class='gallery galleryid-75386 gallery-columns-3 gallery-size-thumbnail'><figure class='gallery-item'>\n\t\t\t<div class='gallery-icon landscape'>\n\t\t\t\t<a href='https:\/\/www.arquimaster.com.ar\/web\/wp-content\/uploads\/2023\/03\/casa_roig1.jpg' title=\"Casa Roig \/ Destudio Arquitectura (\u00a9 Sebastian Erras)\" data-rl_title=\"Casa Roig \/ Destudio Arquitectura (\u00a9 Sebastian Erras)\" class=\"rl-gallery-link\" data-rl_caption=\"Casa Roig \/ Destudio Arquitectura (\u00a9 Sebastian Erras)\" data-rel=\"lightbox-gallery-1\"><img loading=\"lazy\" decoding=\"async\" width=\"150\" height=\"150\" src=\"https:\/\/www.arquimaster.com.ar\/web\/wp-content\/uploads\/2023\/03\/casa_roig1-150x150.jpg\" class=\"attachment-thumbnail size-thumbnail\" alt=\"Casa Roig \/ Destudio Arquitectura\" aria-describedby=\"gallery-1-75388\" \/><\/a>\n\t\t\t<\/div>\n\t\t\t\t<figcaption class='wp-caption-text gallery-caption' id='gallery-1-75388'>\n\t\t\t\tCasa Roig \/ Destudio Arquitectura (\u00a9 Sebastian Erras)\n\t\t\t\t<\/figcaption><\/figure><figure class='gallery-item'>\n\t\t\t<div class='gallery-icon portrait'>\n\t\t\t\t<a href='https:\/\/www.arquimaster.com.ar\/web\/wp-content\/uploads\/2023\/03\/casa_roig2.jpg' title=\"Casa Roig \/ Destudio Arquitectura (\u00a9 Sebastian Erras)\" data-rl_title=\"Casa Roig \/ Destudio Arquitectura (\u00a9 Sebastian Erras)\" class=\"rl-gallery-link\" data-rl_caption=\"Casa Roig \/ Destudio Arquitectura (\u00a9 Sebastian Erras)\" data-rel=\"lightbox-gallery-1\"><img loading=\"lazy\" decoding=\"async\" width=\"150\" height=\"150\" src=\"https:\/\/www.arquimaster.com.ar\/web\/wp-content\/uploads\/2023\/03\/casa_roig2-150x150.jpg\" class=\"attachment-thumbnail size-thumbnail\" alt=\"Casa Roig \/ Destudio Arquitectura\" aria-describedby=\"gallery-1-75389\" \/><\/a>\n\t\t\t<\/div>\n\t\t\t\t<figcaption class='wp-caption-text gallery-caption' id='gallery-1-75389'>\n\t\t\t\tCasa Roig \/ Destudio Arquitectura (\u00a9 Sebastian Erras)\n\t\t\t\t<\/figcaption><\/figure><figure class='gallery-item'>\n\t\t\t<div class='gallery-icon portrait'>\n\t\t\t\t<a href='https:\/\/www.arquimaster.com.ar\/web\/wp-content\/uploads\/2023\/03\/casa_roig3.jpg' title=\"Casa Roig \/ Destudio Arquitectura (\u00a9 Sebastian Erras)\" data-rl_title=\"Casa Roig \/ Destudio Arquitectura (\u00a9 Sebastian Erras)\" class=\"rl-gallery-link\" data-rl_caption=\"Casa Roig \/ Destudio Arquitectura (\u00a9 Sebastian Erras)\" data-rel=\"lightbox-gallery-1\"><img loading=\"lazy\" decoding=\"async\" width=\"150\" height=\"150\" src=\"https:\/\/www.arquimaster.com.ar\/web\/wp-content\/uploads\/2023\/03\/casa_roig3-150x150.jpg\" class=\"attachment-thumbnail size-thumbnail\" alt=\"Casa Roig \/ Destudio Arquitectura\" aria-describedby=\"gallery-1-75390\" \/><\/a>\n\t\t\t<\/div>\n\t\t\t\t<figcaption class='wp-caption-text gallery-caption' id='gallery-1-75390'>\n\t\t\t\tCasa Roig \/ Destudio Arquitectura (\u00a9 Sebastian Erras)\n\t\t\t\t<\/figcaption><\/figure><figure class='gallery-item'>\n\t\t\t<div class='gallery-icon portrait'>\n\t\t\t\t<a href='https:\/\/www.arquimaster.com.ar\/web\/wp-content\/uploads\/2023\/03\/casa_roig4.jpg' title=\"Casa Roig \/ Destudio Arquitectura (\u00a9 Sebastian Erras)\" data-rl_title=\"Casa Roig \/ Destudio Arquitectura (\u00a9 Sebastian Erras)\" class=\"rl-gallery-link\" data-rl_caption=\"Casa Roig \/ Destudio Arquitectura (\u00a9 Sebastian Erras)\" data-rel=\"lightbox-gallery-1\"><img loading=\"lazy\" decoding=\"async\" width=\"150\" height=\"150\" src=\"https:\/\/www.arquimaster.com.ar\/web\/wp-content\/uploads\/2023\/03\/casa_roig4-150x150.jpg\" class=\"attachment-thumbnail size-thumbnail\" alt=\"Casa Roig \/ Destudio Arquitectura\" aria-describedby=\"gallery-1-75391\" \/><\/a>\n\t\t\t<\/div>\n\t\t\t\t<figcaption class='wp-caption-text gallery-caption' id='gallery-1-75391'>\n\t\t\t\tCasa Roig \/ Destudio Arquitectura (\u00a9 Sebastian Erras)\n\t\t\t\t<\/figcaption><\/figure><figure class='gallery-item'>\n\t\t\t<div class='gallery-icon portrait'>\n\t\t\t\t<a href='https:\/\/www.arquimaster.com.ar\/web\/wp-content\/uploads\/2023\/03\/casa_roig5.jpg' title=\"Casa Roig \/ Destudio Arquitectura (\u00a9 Sebastian Erras)\" data-rl_title=\"Casa Roig \/ Destudio Arquitectura (\u00a9 Sebastian Erras)\" class=\"rl-gallery-link\" data-rl_caption=\"Casa Roig \/ Destudio Arquitectura (\u00a9 Sebastian Erras)\" data-rel=\"lightbox-gallery-1\"><img loading=\"lazy\" decoding=\"async\" width=\"150\" height=\"150\" src=\"https:\/\/www.arquimaster.com.ar\/web\/wp-content\/uploads\/2023\/03\/casa_roig5-150x150.jpg\" class=\"attachment-thumbnail size-thumbnail\" alt=\"Casa Roig \/ Destudio Arquitectura\" aria-describedby=\"gallery-1-75392\" \/><\/a>\n\t\t\t<\/div>\n\t\t\t\t<figcaption class='wp-caption-text gallery-caption' id='gallery-1-75392'>\n\t\t\t\tCasa Roig \/ Destudio Arquitectura (\u00a9 Sebastian Erras)\n\t\t\t\t<\/figcaption><\/figure><figure class='gallery-item'>\n\t\t\t<div class='gallery-icon landscape'>\n\t\t\t\t<a href='https:\/\/www.arquimaster.com.ar\/web\/wp-content\/uploads\/2023\/03\/casa_roig6.jpg' title=\"Casa Roig \/ Destudio Arquitectura (\u00a9 Sebastian Erras)\" data-rl_title=\"Casa Roig \/ Destudio Arquitectura (\u00a9 Sebastian Erras)\" class=\"rl-gallery-link\" data-rl_caption=\"Casa Roig \/ Destudio Arquitectura (\u00a9 Sebastian Erras)\" data-rel=\"lightbox-gallery-1\"><img loading=\"lazy\" decoding=\"async\" width=\"150\" height=\"150\" src=\"https:\/\/www.arquimaster.com.ar\/web\/wp-content\/uploads\/2023\/03\/casa_roig6-150x150.jpg\" class=\"attachment-thumbnail size-thumbnail\" alt=\"Casa Roig \/ Destudio Arquitectura\" aria-describedby=\"gallery-1-75393\" \/><\/a>\n\t\t\t<\/div>\n\t\t\t\t<figcaption class='wp-caption-text gallery-caption' id='gallery-1-75393'>\n\t\t\t\tCasa Roig \/ Destudio Arquitectura (\u00a9 Sebastian Erras)\n\t\t\t\t<\/figcaption><\/figure><figure class='gallery-item'>\n\t\t\t<div class='gallery-icon portrait'>\n\t\t\t\t<a href='https:\/\/www.arquimaster.com.ar\/web\/wp-content\/uploads\/2023\/03\/casa_roig7.jpg' title=\"Casa Roig \/ Destudio Arquitectura (\u00a9 Sebastian Erras)\" data-rl_title=\"Casa Roig \/ Destudio Arquitectura (\u00a9 Sebastian Erras)\" class=\"rl-gallery-link\" data-rl_caption=\"Casa Roig \/ Destudio Arquitectura (\u00a9 Sebastian Erras)\" data-rel=\"lightbox-gallery-1\"><img loading=\"lazy\" decoding=\"async\" width=\"150\" height=\"150\" src=\"https:\/\/www.arquimaster.com.ar\/web\/wp-content\/uploads\/2023\/03\/casa_roig7-150x150.jpg\" class=\"attachment-thumbnail size-thumbnail\" alt=\"Casa Roig \/ Destudio Arquitectura\" aria-describedby=\"gallery-1-75394\" \/><\/a>\n\t\t\t<\/div>\n\t\t\t\t<figcaption class='wp-caption-text gallery-caption' id='gallery-1-75394'>\n\t\t\t\tCasa Roig \/ Destudio Arquitectura (\u00a9 Sebastian Erras)\n\t\t\t\t<\/figcaption><\/figure><figure class='gallery-item'>\n\t\t\t<div class='gallery-icon portrait'>\n\t\t\t\t<a href='https:\/\/www.arquimaster.com.ar\/web\/wp-content\/uploads\/2023\/03\/casa_roig8.jpg' title=\"Casa Roig \/ Destudio Arquitectura (\u00a9 Sebastian Erras)\" data-rl_title=\"Casa Roig \/ Destudio Arquitectura (\u00a9 Sebastian Erras)\" class=\"rl-gallery-link\" data-rl_caption=\"Casa Roig \/ Destudio Arquitectura (\u00a9 Sebastian Erras)\" data-rel=\"lightbox-gallery-1\"><img loading=\"lazy\" decoding=\"async\" width=\"150\" height=\"150\" src=\"https:\/\/www.arquimaster.com.ar\/web\/wp-content\/uploads\/2023\/03\/casa_roig8-150x150.jpg\" class=\"attachment-thumbnail size-thumbnail\" alt=\"Casa Roig \/ Destudio Arquitectura\" aria-describedby=\"gallery-1-75395\" \/><\/a>\n\t\t\t<\/div>\n\t\t\t\t<figcaption class='wp-caption-text gallery-caption' id='gallery-1-75395'>\n\t\t\t\tCasa Roig \/ Destudio Arquitectura (\u00a9 Sebastian Erras)\n\t\t\t\t<\/figcaption><\/figure><figure class='gallery-item'>\n\t\t\t<div class='gallery-icon portrait'>\n\t\t\t\t<a href='https:\/\/www.arquimaster.com.ar\/web\/wp-content\/uploads\/2023\/03\/casa_roig9.jpg' title=\"Casa Roig \/ Destudio Arquitectura (\u00a9 Sebastian Erras)\" data-rl_title=\"Casa Roig \/ Destudio Arquitectura (\u00a9 Sebastian Erras)\" class=\"rl-gallery-link\" data-rl_caption=\"Casa Roig \/ Destudio Arquitectura (\u00a9 Sebastian Erras)\" data-rel=\"lightbox-gallery-1\"><img loading=\"lazy\" decoding=\"async\" width=\"150\" height=\"150\" src=\"https:\/\/www.arquimaster.com.ar\/web\/wp-content\/uploads\/2023\/03\/casa_roig9-150x150.jpg\" class=\"attachment-thumbnail size-thumbnail\" alt=\"Casa Roig \/ Destudio Arquitectura\" aria-describedby=\"gallery-1-75396\" \/><\/a>\n\t\t\t<\/div>\n\t\t\t\t<figcaption class='wp-caption-text gallery-caption' id='gallery-1-75396'>\n\t\t\t\tCasa Roig \/ Destudio Arquitectura (\u00a9 Sebastian Erras)\n\t\t\t\t<\/figcaption><\/figure><figure class='gallery-item'>\n\t\t\t<div class='gallery-icon portrait'>\n\t\t\t\t<a href='https:\/\/www.arquimaster.com.ar\/web\/wp-content\/uploads\/2023\/03\/casa_roig10.jpg' title=\"Casa Roig \/ Destudio Arquitectura (\u00a9 Sebastian Erras)\" data-rl_title=\"Casa Roig \/ Destudio Arquitectura (\u00a9 Sebastian Erras)\" class=\"rl-gallery-link\" data-rl_caption=\"Casa Roig \/ Destudio Arquitectura (\u00a9 Sebastian Erras)\" data-rel=\"lightbox-gallery-1\"><img loading=\"lazy\" decoding=\"async\" width=\"150\" height=\"150\" src=\"https:\/\/www.arquimaster.com.ar\/web\/wp-content\/uploads\/2023\/03\/casa_roig10-150x150.jpg\" class=\"attachment-thumbnail size-thumbnail\" alt=\"Casa Roig \/ Destudio Arquitectura\" aria-describedby=\"gallery-1-75397\" \/><\/a>\n\t\t\t<\/div>\n\t\t\t\t<figcaption class='wp-caption-text gallery-caption' id='gallery-1-75397'>\n\t\t\t\tCasa Roig \/ Destudio Arquitectura (\u00a9 Sebastian Erras)\n\t\t\t\t<\/figcaption><\/figure><figure class='gallery-item'>\n\t\t\t<div class='gallery-icon landscape'>\n\t\t\t\t<a href='https:\/\/www.arquimaster.com.ar\/web\/wp-content\/uploads\/2023\/03\/casa_roig11.jpg' title=\"Casa Roig \/ Destudio Arquitectura (\u00a9 Sebastian Erras)\" data-rl_title=\"Casa Roig \/ Destudio Arquitectura (\u00a9 Sebastian Erras)\" class=\"rl-gallery-link\" data-rl_caption=\"Casa Roig \/ Destudio Arquitectura (\u00a9 Sebastian Erras)\" data-rel=\"lightbox-gallery-1\"><img loading=\"lazy\" decoding=\"async\" width=\"150\" height=\"150\" src=\"https:\/\/www.arquimaster.com.ar\/web\/wp-content\/uploads\/2023\/03\/casa_roig11-150x150.jpg\" class=\"attachment-thumbnail size-thumbnail\" alt=\"Casa Roig \/ Destudio Arquitectura\" aria-describedby=\"gallery-1-75398\" \/><\/a>\n\t\t\t<\/div>\n\t\t\t\t<figcaption class='wp-caption-text gallery-caption' id='gallery-1-75398'>\n\t\t\t\tCasa Roig \/ Destudio Arquitectura (\u00a9 Sebastian Erras)\n\t\t\t\t<\/figcaption><\/figure><figure class='gallery-item'>\n\t\t\t<div class='gallery-icon portrait'>\n\t\t\t\t<a href='https:\/\/www.arquimaster.com.ar\/web\/wp-content\/uploads\/2023\/03\/casa_roig12.jpg' title=\"Casa Roig \/ Destudio Arquitectura (\u00a9 Sebastian Erras)\" data-rl_title=\"Casa Roig \/ Destudio Arquitectura (\u00a9 Sebastian Erras)\" class=\"rl-gallery-link\" data-rl_caption=\"Casa Roig \/ Destudio Arquitectura (\u00a9 Sebastian Erras)\" data-rel=\"lightbox-gallery-1\"><img loading=\"lazy\" decoding=\"async\" width=\"150\" height=\"150\" src=\"https:\/\/www.arquimaster.com.ar\/web\/wp-content\/uploads\/2023\/03\/casa_roig12-150x150.jpg\" class=\"attachment-thumbnail size-thumbnail\" alt=\"Casa Roig \/ Destudio Arquitectura\" aria-describedby=\"gallery-1-75399\" \/><\/a>\n\t\t\t<\/div>\n\t\t\t\t<figcaption class='wp-caption-text gallery-caption' id='gallery-1-75399'>\n\t\t\t\tCasa Roig \/ Destudio Arquitectura (\u00a9 Sebastian Erras)\n\t\t\t\t<\/figcaption><\/figure><figure class='gallery-item'>\n\t\t\t<div class='gallery-icon portrait'>\n\t\t\t\t<a href='https:\/\/www.arquimaster.com.ar\/web\/wp-content\/uploads\/2023\/03\/casa_roig13.jpg' title=\"Casa Roig \/ Destudio Arquitectura (\u00a9 Sebastian Erras)\" data-rl_title=\"Casa Roig \/ Destudio Arquitectura (\u00a9 Sebastian Erras)\" class=\"rl-gallery-link\" data-rl_caption=\"Casa Roig \/ Destudio Arquitectura (\u00a9 Sebastian Erras)\" data-rel=\"lightbox-gallery-1\"><img loading=\"lazy\" decoding=\"async\" width=\"150\" height=\"150\" src=\"https:\/\/www.arquimaster.com.ar\/web\/wp-content\/uploads\/2023\/03\/casa_roig13-150x150.jpg\" class=\"attachment-thumbnail size-thumbnail\" alt=\"Casa Roig \/ Destudio Arquitectura\" aria-describedby=\"gallery-1-75400\" \/><\/a>\n\t\t\t<\/div>\n\t\t\t\t<figcaption class='wp-caption-text gallery-caption' id='gallery-1-75400'>\n\t\t\t\tCasa Roig \/ Destudio Arquitectura (\u00a9 Sebastian Erras)\n\t\t\t\t<\/figcaption><\/figure><figure class='gallery-item'>\n\t\t\t<div class='gallery-icon portrait'>\n\t\t\t\t<a href='https:\/\/www.arquimaster.com.ar\/web\/wp-content\/uploads\/2023\/03\/casa_roig14.jpg' title=\"Casa Roig \/ Destudio Arquitectura (\u00a9 Sebastian Erras)\" data-rl_title=\"Casa Roig \/ Destudio Arquitectura (\u00a9 Sebastian Erras)\" class=\"rl-gallery-link\" data-rl_caption=\"Casa Roig \/ Destudio Arquitectura (\u00a9 Sebastian Erras)\" data-rel=\"lightbox-gallery-1\"><img loading=\"lazy\" decoding=\"async\" width=\"150\" height=\"150\" src=\"https:\/\/www.arquimaster.com.ar\/web\/wp-content\/uploads\/2023\/03\/casa_roig14-150x150.jpg\" class=\"attachment-thumbnail size-thumbnail\" alt=\"Casa Roig \/ Destudio Arquitectura\" aria-describedby=\"gallery-1-75401\" \/><\/a>\n\t\t\t<\/div>\n\t\t\t\t<figcaption class='wp-caption-text gallery-caption' id='gallery-1-75401'>\n\t\t\t\tCasa Roig \/ Destudio Arquitectura (\u00a9 Sebastian Erras)\n\t\t\t\t<\/figcaption><\/figure><figure class='gallery-item'>\n\t\t\t<div class='gallery-icon portrait'>\n\t\t\t\t<a href='https:\/\/www.arquimaster.com.ar\/web\/wp-content\/uploads\/2023\/03\/casa_roig15.jpg' title=\"Casa Roig \/ Destudio Arquitectura (\u00a9 Sebastian Erras)\" data-rl_title=\"Casa Roig \/ Destudio Arquitectura (\u00a9 Sebastian Erras)\" class=\"rl-gallery-link\" data-rl_caption=\"Casa Roig \/ Destudio Arquitectura (\u00a9 Sebastian Erras)\" data-rel=\"lightbox-gallery-1\"><img loading=\"lazy\" decoding=\"async\" width=\"150\" height=\"150\" src=\"https:\/\/www.arquimaster.com.ar\/web\/wp-content\/uploads\/2023\/03\/casa_roig15-150x150.jpg\" class=\"attachment-thumbnail size-thumbnail\" alt=\"Casa Roig \/ Destudio Arquitectura\" aria-describedby=\"gallery-1-75402\" \/><\/a>\n\t\t\t<\/div>\n\t\t\t\t<figcaption class='wp-caption-text gallery-caption' id='gallery-1-75402'>\n\t\t\t\tCasa Roig \/ Destudio Arquitectura (\u00a9 Sebastian Erras)\n\t\t\t\t<\/figcaption><\/figure><figure class='gallery-item'>\n\t\t\t<div class='gallery-icon portrait'>\n\t\t\t\t<a href='https:\/\/www.arquimaster.com.ar\/web\/wp-content\/uploads\/2023\/03\/casa_roig16.jpg' title=\"Casa Roig \/ Destudio Arquitectura (\u00a9 Sebastian Erras)\" data-rl_title=\"Casa Roig \/ Destudio Arquitectura (\u00a9 Sebastian Erras)\" class=\"rl-gallery-link\" data-rl_caption=\"Casa Roig \/ Destudio Arquitectura (\u00a9 Sebastian Erras)\" data-rel=\"lightbox-gallery-1\"><img loading=\"lazy\" decoding=\"async\" width=\"150\" height=\"150\" src=\"https:\/\/www.arquimaster.com.ar\/web\/wp-content\/uploads\/2023\/03\/casa_roig16-150x150.jpg\" class=\"attachment-thumbnail size-thumbnail\" alt=\"Casa Roig \/ Destudio Arquitectura\" aria-describedby=\"gallery-1-75403\" \/><\/a>\n\t\t\t<\/div>\n\t\t\t\t<figcaption class='wp-caption-text gallery-caption' id='gallery-1-75403'>\n\t\t\t\tCasa Roig \/ Destudio Arquitectura (\u00a9 Sebastian Erras)\n\t\t\t\t<\/figcaption><\/figure><figure class='gallery-item'>\n\t\t\t<div class='gallery-icon portrait'>\n\t\t\t\t<a href='https:\/\/www.arquimaster.com.ar\/web\/wp-content\/uploads\/2023\/03\/casa_roig17.jpg' title=\"Casa Roig \/ Destudio Arquitectura (\u00a9 Sebastian Erras)\" data-rl_title=\"Casa Roig \/ Destudio Arquitectura (\u00a9 Sebastian Erras)\" class=\"rl-gallery-link\" data-rl_caption=\"Casa Roig \/ Destudio Arquitectura (\u00a9 Sebastian Erras)\" data-rel=\"lightbox-gallery-1\"><img loading=\"lazy\" decoding=\"async\" width=\"150\" height=\"150\" src=\"https:\/\/www.arquimaster.com.ar\/web\/wp-content\/uploads\/2023\/03\/casa_roig17-150x150.jpg\" class=\"attachment-thumbnail size-thumbnail\" alt=\"Casa Roig \/ Destudio Arquitectura\" aria-describedby=\"gallery-1-75404\" \/><\/a>\n\t\t\t<\/div>\n\t\t\t\t<figcaption class='wp-caption-text gallery-caption' id='gallery-1-75404'>\n\t\t\t\tCasa Roig \/ Destudio Arquitectura (\u00a9 Sebastian Erras)\n\t\t\t\t<\/figcaption><\/figure><figure class='gallery-item'>\n\t\t\t<div class='gallery-icon portrait'>\n\t\t\t\t<a href='https:\/\/www.arquimaster.com.ar\/web\/wp-content\/uploads\/2023\/03\/casa_roig18.jpg' title=\"Casa Roig \/ Destudio Arquitectura (\u00a9 Sebastian Erras)\" data-rl_title=\"Casa Roig \/ Destudio Arquitectura (\u00a9 Sebastian Erras)\" class=\"rl-gallery-link\" data-rl_caption=\"Casa Roig \/ Destudio Arquitectura (\u00a9 Sebastian Erras)\" data-rel=\"lightbox-gallery-1\"><img loading=\"lazy\" decoding=\"async\" width=\"150\" height=\"150\" src=\"https:\/\/www.arquimaster.com.ar\/web\/wp-content\/uploads\/2023\/03\/casa_roig18-150x150.jpg\" class=\"attachment-thumbnail size-thumbnail\" alt=\"Casa Roig \/ Destudio Arquitectura\" aria-describedby=\"gallery-1-75405\" \/><\/a>\n\t\t\t<\/div>\n\t\t\t\t<figcaption class='wp-caption-text gallery-caption' id='gallery-1-75405'>\n\t\t\t\tCasa Roig \/ Destudio Arquitectura (\u00a9 Sebastian Erras)\n\t\t\t\t<\/figcaption><\/figure><figure class='gallery-item'>\n\t\t\t<div class='gallery-icon portrait'>\n\t\t\t\t<a href='https:\/\/www.arquimaster.com.ar\/web\/wp-content\/uploads\/2023\/03\/casa_roig19.jpg' title=\"Casa Roig \/ Destudio Arquitectura (\u00a9 Sebastian Erras)\" data-rl_title=\"Casa Roig \/ Destudio Arquitectura (\u00a9 Sebastian Erras)\" class=\"rl-gallery-link\" data-rl_caption=\"Casa Roig \/ Destudio Arquitectura (\u00a9 Sebastian Erras)\" data-rel=\"lightbox-gallery-1\"><img loading=\"lazy\" decoding=\"async\" width=\"150\" height=\"150\" src=\"https:\/\/www.arquimaster.com.ar\/web\/wp-content\/uploads\/2023\/03\/casa_roig19-150x150.jpg\" class=\"attachment-thumbnail size-thumbnail\" alt=\"Casa Roig \/ Destudio Arquitectura\" aria-describedby=\"gallery-1-75406\" \/><\/a>\n\t\t\t<\/div>\n\t\t\t\t<figcaption class='wp-caption-text gallery-caption' id='gallery-1-75406'>\n\t\t\t\tCasa Roig \/ Destudio Arquitectura (\u00a9 Sebastian Erras)\n\t\t\t\t<\/figcaption><\/figure><figure class='gallery-item'>\n\t\t\t<div class='gallery-icon landscape'>\n\t\t\t\t<a href='https:\/\/www.arquimaster.com.ar\/web\/wp-content\/uploads\/2023\/03\/casa_roig20.jpg' title=\"Casa Roig \/ Destudio Arquitectura (\u00a9 Sebastian Erras)\" data-rl_title=\"Casa Roig \/ Destudio Arquitectura (\u00a9 Sebastian Erras)\" class=\"rl-gallery-link\" data-rl_caption=\"Casa Roig \/ Destudio Arquitectura (\u00a9 Sebastian Erras)\" data-rel=\"lightbox-gallery-1\"><img loading=\"lazy\" decoding=\"async\" width=\"150\" height=\"150\" src=\"https:\/\/www.arquimaster.com.ar\/web\/wp-content\/uploads\/2023\/03\/casa_roig20-150x150.jpg\" class=\"attachment-thumbnail size-thumbnail\" alt=\"Casa Roig \/ Destudio Arquitectura\" aria-describedby=\"gallery-1-75407\" \/><\/a>\n\t\t\t<\/div>\n\t\t\t\t<figcaption class='wp-caption-text gallery-caption' id='gallery-1-75407'>\n\t\t\t\tCasa Roig \/ Destudio Arquitectura (\u00a9 Sebastian Erras)\n\t\t\t\t<\/figcaption><\/figure><figure class='gallery-item'>\n\t\t\t<div class='gallery-icon portrait'>\n\t\t\t\t<a href='https:\/\/www.arquimaster.com.ar\/web\/wp-content\/uploads\/2023\/03\/casa_roig21.jpg' title=\"Casa Roig \/ Destudio Arquitectura (\u00a9 Sebastian Erras)\" data-rl_title=\"Casa Roig \/ Destudio Arquitectura (\u00a9 Sebastian Erras)\" class=\"rl-gallery-link\" data-rl_caption=\"Casa Roig \/ Destudio Arquitectura (\u00a9 Sebastian Erras)\" data-rel=\"lightbox-gallery-1\"><img loading=\"lazy\" decoding=\"async\" width=\"150\" height=\"150\" src=\"https:\/\/www.arquimaster.com.ar\/web\/wp-content\/uploads\/2023\/03\/casa_roig21-150x150.jpg\" class=\"attachment-thumbnail size-thumbnail\" alt=\"Casa Roig \/ Destudio Arquitectura\" aria-describedby=\"gallery-1-75408\" \/><\/a>\n\t\t\t<\/div>\n\t\t\t\t<figcaption class='wp-caption-text gallery-caption' id='gallery-1-75408'>\n\t\t\t\tCasa Roig \/ Destudio Arquitectura (\u00a9 Sebastian Erras)\n\t\t\t\t<\/figcaption><\/figure><figure class='gallery-item'>\n\t\t\t<div class='gallery-icon landscape'>\n\t\t\t\t<a href='https:\/\/www.arquimaster.com.ar\/web\/wp-content\/uploads\/2023\/03\/casa_roig22.jpg' title=\"Casa Roig \/ Destudio Arquitectura (\u00a9 Sebastian Erras)\" data-rl_title=\"Casa Roig \/ Destudio Arquitectura (\u00a9 Sebastian Erras)\" class=\"rl-gallery-link\" data-rl_caption=\"Casa Roig \/ Destudio Arquitectura (\u00a9 Sebastian Erras)\" data-rel=\"lightbox-gallery-1\"><img loading=\"lazy\" decoding=\"async\" width=\"150\" height=\"150\" src=\"https:\/\/www.arquimaster.com.ar\/web\/wp-content\/uploads\/2023\/03\/casa_roig22-150x150.jpg\" class=\"attachment-thumbnail size-thumbnail\" alt=\"Casa Roig \/ Destudio Arquitectura\" aria-describedby=\"gallery-1-75409\" \/><\/a>\n\t\t\t<\/div>\n\t\t\t\t<figcaption class='wp-caption-text gallery-caption' id='gallery-1-75409'>\n\t\t\t\tCasa Roig \/ Destudio Arquitectura (\u00a9 Sebastian Erras)\n\t\t\t\t<\/figcaption><\/figure><figure class='gallery-item'>\n\t\t\t<div class='gallery-icon portrait'>\n\t\t\t\t<a href='https:\/\/www.arquimaster.com.ar\/web\/wp-content\/uploads\/2023\/03\/casa_roig23.jpg' title=\"Casa Roig \/ Destudio Arquitectura (\u00a9 Sebastian Erras)\" data-rl_title=\"Casa Roig \/ Destudio Arquitectura (\u00a9 Sebastian Erras)\" class=\"rl-gallery-link\" data-rl_caption=\"Casa Roig \/ Destudio Arquitectura (\u00a9 Sebastian Erras)\" data-rel=\"lightbox-gallery-1\"><img loading=\"lazy\" decoding=\"async\" width=\"150\" height=\"150\" src=\"https:\/\/www.arquimaster.com.ar\/web\/wp-content\/uploads\/2023\/03\/casa_roig23-150x150.jpg\" class=\"attachment-thumbnail size-thumbnail\" alt=\"Casa Roig \/ Destudio Arquitectura\" aria-describedby=\"gallery-1-75410\" \/><\/a>\n\t\t\t<\/div>\n\t\t\t\t<figcaption class='wp-caption-text gallery-caption' id='gallery-1-75410'>\n\t\t\t\tCasa Roig \/ Destudio Arquitectura (\u00a9 Sebastian Erras)\n\t\t\t\t<\/figcaption><\/figure><figure class='gallery-item'>\n\t\t\t<div class='gallery-icon portrait'>\n\t\t\t\t<a href='https:\/\/www.arquimaster.com.ar\/web\/wp-content\/uploads\/2023\/03\/casa_roig24.jpg' title=\"Casa Roig \/ Destudio Arquitectura (\u00a9 Sebastian Erras)\" data-rl_title=\"Casa Roig \/ Destudio Arquitectura (\u00a9 Sebastian Erras)\" class=\"rl-gallery-link\" data-rl_caption=\"Casa Roig \/ Destudio Arquitectura (\u00a9 Sebastian Erras)\" data-rel=\"lightbox-gallery-1\"><img loading=\"lazy\" decoding=\"async\" width=\"150\" height=\"150\" src=\"https:\/\/www.arquimaster.com.ar\/web\/wp-content\/uploads\/2023\/03\/casa_roig24-150x150.jpg\" class=\"attachment-thumbnail size-thumbnail\" alt=\"Casa Roig \/ Destudio Arquitectura\" aria-describedby=\"gallery-1-75411\" \/><\/a>\n\t\t\t<\/div>\n\t\t\t\t<figcaption class='wp-caption-text gallery-caption' id='gallery-1-75411'>\n\t\t\t\tCasa Roig \/ Destudio Arquitectura (\u00a9 Sebastian Erras)\n\t\t\t\t<\/figcaption><\/figure><figure class='gallery-item'>\n\t\t\t<div class='gallery-icon portrait'>\n\t\t\t\t<a href='https:\/\/www.arquimaster.com.ar\/web\/wp-content\/uploads\/2023\/03\/casa_roig25.jpg' title=\"Casa Roig \/ Destudio Arquitectura (\u00a9 Sebastian Erras)\" data-rl_title=\"Casa Roig \/ Destudio Arquitectura (\u00a9 Sebastian Erras)\" class=\"rl-gallery-link\" data-rl_caption=\"Casa Roig \/ Destudio Arquitectura (\u00a9 Sebastian Erras)\" data-rel=\"lightbox-gallery-1\"><img loading=\"lazy\" decoding=\"async\" width=\"150\" height=\"150\" src=\"https:\/\/www.arquimaster.com.ar\/web\/wp-content\/uploads\/2023\/03\/casa_roig25-150x150.jpg\" class=\"attachment-thumbnail size-thumbnail\" alt=\"Casa Roig \/ Destudio Arquitectura\" aria-describedby=\"gallery-1-75412\" \/><\/a>\n\t\t\t<\/div>\n\t\t\t\t<figcaption class='wp-caption-text gallery-caption' id='gallery-1-75412'>\n\t\t\t\tCasa Roig \/ Destudio Arquitectura (\u00a9 Sebastian Erras)\n\t\t\t\t<\/figcaption><\/figure><figure class='gallery-item'>\n\t\t\t<div class='gallery-icon portrait'>\n\t\t\t\t<a href='https:\/\/www.arquimaster.com.ar\/web\/wp-content\/uploads\/2023\/03\/casa_roig26.jpg' title=\"Casa Roig \/ Destudio Arquitectura (\u00a9 Sebastian Erras)\" data-rl_title=\"Casa Roig \/ Destudio Arquitectura (\u00a9 Sebastian Erras)\" class=\"rl-gallery-link\" data-rl_caption=\"Casa Roig \/ Destudio Arquitectura (\u00a9 Sebastian Erras)\" data-rel=\"lightbox-gallery-1\"><img loading=\"lazy\" decoding=\"async\" width=\"150\" height=\"150\" src=\"https:\/\/www.arquimaster.com.ar\/web\/wp-content\/uploads\/2023\/03\/casa_roig26-150x150.jpg\" class=\"attachment-thumbnail size-thumbnail\" alt=\"Casa Roig \/ Destudio Arquitectura\" aria-describedby=\"gallery-1-75413\" \/><\/a>\n\t\t\t<\/div>\n\t\t\t\t<figcaption class='wp-caption-text gallery-caption' id='gallery-1-75413'>\n\t\t\t\tCasa Roig \/ Destudio Arquitectura (\u00a9 Sebastian Erras)\n\t\t\t\t<\/figcaption><\/figure><figure class='gallery-item'>\n\t\t\t<div class='gallery-icon portrait'>\n\t\t\t\t<a href='https:\/\/www.arquimaster.com.ar\/web\/wp-content\/uploads\/2023\/03\/casa_roig27.jpg' title=\"Casa Roig \/ Destudio Arquitectura (\u00a9 Sebastian Erras)\" data-rl_title=\"Casa Roig \/ Destudio Arquitectura (\u00a9 Sebastian Erras)\" class=\"rl-gallery-link\" data-rl_caption=\"Casa Roig \/ Destudio Arquitectura (\u00a9 Sebastian Erras)\" data-rel=\"lightbox-gallery-1\"><img loading=\"lazy\" decoding=\"async\" width=\"150\" height=\"150\" src=\"https:\/\/www.arquimaster.com.ar\/web\/wp-content\/uploads\/2023\/03\/casa_roig27-150x150.jpg\" class=\"attachment-thumbnail size-thumbnail\" alt=\"Casa Roig \/ Destudio Arquitectura\" aria-describedby=\"gallery-1-75414\" \/><\/a>\n\t\t\t<\/div>\n\t\t\t\t<figcaption class='wp-caption-text gallery-caption' id='gallery-1-75414'>\n\t\t\t\tCasa Roig \/ Destudio Arquitectura (\u00a9 Sebastian Erras)\n\t\t\t\t<\/figcaption><\/figure><figure class='gallery-item'>\n\t\t\t<div class='gallery-icon landscape'>\n\t\t\t\t<a href='https:\/\/www.arquimaster.com.ar\/web\/wp-content\/uploads\/2023\/03\/casa_roig28.jpg' title=\"Casa Roig \/ Destudio Arquitectura (planta)\" data-rl_title=\"Casa Roig \/ Destudio Arquitectura (planta)\" class=\"rl-gallery-link\" data-rl_caption=\"Casa Roig \/ Destudio Arquitectura (planta)\" data-rel=\"lightbox-gallery-1\"><img loading=\"lazy\" decoding=\"async\" width=\"150\" height=\"150\" src=\"https:\/\/www.arquimaster.com.ar\/web\/wp-content\/uploads\/2023\/03\/casa_roig28-150x150.jpg\" class=\"attachment-thumbnail size-thumbnail\" alt=\"Casa Roig \/ Destudio Arquitectura\" aria-describedby=\"gallery-1-75415\" \/><\/a>\n\t\t\t<\/div>\n\t\t\t\t<figcaption class='wp-caption-text gallery-caption' id='gallery-1-75415'>\n\t\t\t\tCasa Roig \/ Destudio Arquitectura (planta)\n\t\t\t\t<\/figcaption><\/figure>\n\t\t<\/div>\n\n<p>En la entrada se encuentra un amplio recibidor que da la bienvenida al sal\u00f3n\/comedor de la vivienda. Por uno de sus lados dicho acceso est\u00e1 revestido con un panelado de madera que continua y viste el comedor de la casa. En otro de sus lados el recibidor est\u00e1 revestido con microcemento, el cual se prolonga hacia la zona de estar.<\/p>\n<p>Este juego visual entre madera y microcemento aporta sensaci\u00f3n de continuidad y armon\u00eda a gran parte de la zona principal de la vivienda. Dotando de personalidad y car\u00e1cter a todo el espacio.<\/p>\n<p>Siguiendo con el planteamiento de dise\u00f1o elegante y sobrio, el pavimento escogido para vestir el suelo de Casa Roig ha sido la madera natural. Este elemento est\u00e1 muy presente a la hora de dar vida a este proyecto, pensado como el ingrediente principal e hilo conductor del dise\u00f1o interior de este hogar.<\/p>\n<p>La cocina la encontramos en la zona de entrada de la vivienda. Integrada en el espacio, pero diferenciada del resto de estancias mediante una puerta corredera de cristal y madera. De este modo permitimos que la luz se abra paso y a la vez generamos esa sensaci\u00f3n de independencia de espacios.<\/p>\n<p>La habitaci\u00f3n principal cuanto con un ba\u00f1o en suite y una amplia armariada dise\u00f1ada a modo de vestidor. Tanto el ba\u00f1o secundario como el principal est\u00e1n dise\u00f1ados con acabados de alta gama de la firma Porcelanosa, revestidos con porcel\u00e1nico de gran formato y dise\u00f1ados con el cuidado del m\u00e1s m\u00ednimo detalle.<\/p>\n<p>En definitiva, los materiales empleados en este proyecto son de origen natural y puro, siendo la madera el eje vertebrador sobre el que se configura todo. Los tonos neutros, como el blanco y el microcemento gris claro, junto con el marr\u00f3n predominan en las estancias, pasando por toda la paleta de tonos c\u00e1lidos.<\/p>\n<p>Casa Roig ve la luz como un proyecto de reforma integral moderno y reforzado en la idea visual de la armon\u00eda de los espacios.<\/p>\n\n\n<div style=\"height:20px\" aria-hidden=\"true\" class=\"wp-block-spacer\"><\/div>\n\n\n\n<p class=\"has-background\" style=\"background-color:#eaeaea\"><strong>Ficha t\u00e9cnica<\/strong><br>Nombre: Casa Roig<br>Ubicaci\u00f3n: Valencia, Espa\u00f1a<br>Arquitectura, dise\u00f1o y construcci\u00f3n: Destudio Arquitectura<br>Superficie: 140 m2<br>Fotograf\u00edas: <a href=\"https:\/\/sebastianerras.com\/\" target=\"_blank\" rel=\"noreferrer noopener\">Sebastian Erras<\/a><br><br><strong>Contacto<\/strong><br><a href=\"https:\/\/destudio.es\/proyecto-casa-roig\/\" target=\"_blank\" rel=\"noreferrer noopener\">https:\/\/destudio.es\/<\/a><\/p>\n\n\n\n<div style=\"height:40px\" aria-hidden=\"true\" class=\"wp-block-spacer\"><\/div>\n\n\n<p><strong>Acerca del proyectista<\/strong><br>Destudio somos un estudio de arquitectura, dise\u00f1o, construcci\u00f3n e interiorismo formado por un equipo multidisciplinar de profesionales que realizamos proyectos residenciales, de farmacias, de retail y de oficinas, entre otras especialidades, ubicados en diferentes ciudades. Enfocamos nuestros proyectos de arquitectura desde un compromiso no s\u00f3lo con la est\u00e9tica y la funcionalidad, sino tambi\u00e9n con la sostenibilidad y la econom\u00eda. Esto lo conseguimos haciendo una gesti\u00f3n \u00edntegra del proyecto, desde el dise\u00f1o, y cuidando de todo el proceso hasta la entrega final de la obra. Cada uno de nuestros proyectos debe adaptarse al entorno en el que debe existir y para ello nos auto-exigimos precisi\u00f3n en el dise\u00f1o e innovaci\u00f3n en nuevas tecnolog\u00edas y materiales, adem\u00e1s de una conciencia sostenible que debe estar reflejada no s\u00f3lo en el proceso de la obra, sino tambi\u00e9n en el resultado final. Contamos con un equipo propio de construcci\u00f3n y ejecuci\u00f3n integral de la obra para cuidar todos esos detalles y poder entregar el proyecto llave en mano. A ello le sumamos nuestro trabajo de interiorismo, centrado en el dise\u00f1o de mobiliario a medida y la definici\u00f3n de los proyectos hasta el \u00faltimo detalle. Todo ello es posible gracias a un capital humano que es la gran fuerza del estudio, con profesionales que disfrutan con la excelencia en su trabajo y vuelcan toda su ilusi\u00f3n en que se cumplan los objetivos de nuestros clientes.<\/p>\n<div style=\"font-size: 0px; height: 0px; line-height: 0px; margin: 0; padding: 0; clear: both;\"><\/div><div style=\"margin-top: 0px; margin-bottom: 0px;\" class=\"sharethis-inline-share-buttons\" ><\/div>","protected":false},"excerpt":{"rendered":"<p>Armon\u00eda de espacios, el baile entre elegancia y modernidad&#8230;<\/p>\n","protected":false},"author":1,"featured_media":75387,"comment_status":"closed","ping_status":"closed","sticky":false,"template":"","format":"standard","meta":{"_uag_custom_page_level_css":"","footnotes":""},"categories":[79,1],"tags":[5581,249,7048,104,6485,1043,260],"class_list":["post-75386","post","type-post","status-publish","format-standard","has-post-thumbnail","hentry","category-departamentos","category-proyecto","tag-apartamento","tag-departamento","tag-destudio","tag-espana","tag-reforma-de-apartamento","tag-reforma-de-vivienda","tag-valencia","generate-columns","tablet-grid-50","mobile-grid-100","grid-parent","grid-50"],"yoast_head":"<!-- This site is optimized with the Yoast SEO plugin v27.3 - https:\/\/yoast.com\/product\/yoast-seo-wordpress\/ -->\n<title>Casa Roig \/ Destudio Arquitectura - Arquimaster<\/title>\n<meta name=\"description\" content=\"Armon\u00eda de espacios, el baile entre elegancia y modernidad de esta vivienda de dise\u00f1o.\" \/>\n<meta name=\"robots\" content=\"index, follow, max-snippet:-1, max-image-preview:large, max-video-preview:-1\" \/>\n<link rel=\"canonical\" href=\"https:\/\/www.arquimaster.com.ar\/web\/casa-roig-destudio-arquitectura\/\" \/>\n<meta property=\"og:locale\" content=\"es_ES\" \/>\n<meta property=\"og:type\" content=\"article\" \/>\n<meta property=\"og:title\" content=\"Casa Roig \/ Destudio Arquitectura\" \/>\n<meta property=\"og:description\" content=\"Armon\u00eda de espacios, el baile entre elegancia y modernidad de esta vivienda de dise\u00f1o.\" \/>\n<meta property=\"og:url\" content=\"https:\/\/www.arquimaster.com.ar\/web\/casa-roig-destudio-arquitectura\/\" \/>\n<meta property=\"og:site_name\" content=\"Arquimaster\" \/>\n<meta property=\"article:publisher\" content=\"http:\/\/www.facebook.com\/ARQUIMASTER.com.ar\" \/>\n<meta property=\"article:published_time\" content=\"2023-03-23T22:41:51+00:00\" \/>\n<meta property=\"article:modified_time\" content=\"2023-07-20T21:48:28+00:00\" \/>\n<meta property=\"og:image\" content=\"https:\/\/www.arquimaster.com.ar\/web\/wp-content\/uploads\/2023\/03\/casa_roig_slide.jpg\" \/>\n\t<meta property=\"og:image:width\" content=\"698\" \/>\n\t<meta property=\"og:image:height\" content=\"364\" \/>\n\t<meta property=\"og:image:type\" content=\"image\/jpeg\" \/>\n<meta name=\"author\" content=\"Arquimaster\" \/>\n<meta name=\"twitter:card\" content=\"summary_large_image\" \/>\n<meta name=\"twitter:title\" content=\"Casa Roig \/ Destudio Arquitectura\" \/>\n<meta name=\"twitter:description\" content=\"Armon\u00eda de espacios, el baile entre elegancia y modernidad de esta vivienda de dise\u00f1o.\" \/>\n<meta name=\"twitter:image\" content=\"https:\/\/www.arquimaster.com.ar\/web\/wp-content\/uploads\/2023\/03\/casa_roig_slide.jpg\" \/>\n<meta name=\"twitter:creator\" content=\"@arquimaster\" \/>\n<meta name=\"twitter:site\" content=\"@arquimaster\" \/>\n<meta name=\"twitter:label1\" content=\"Escrito por\" \/>\n\t<meta name=\"twitter:data1\" content=\"Arquimaster\" \/>\n\t<meta name=\"twitter:label2\" content=\"Tiempo de lectura\" \/>\n\t<meta name=\"twitter:data2\" content=\"4 minutos\" \/>\n<script type=\"application\/ld+json\" class=\"yoast-schema-graph\">{\"@context\":\"https:\\\/\\\/schema.org\",\"@graph\":[{\"@type\":\"Article\",\"@id\":\"https:\\\/\\\/www.arquimaster.com.ar\\\/web\\\/casa-roig-destudio-arquitectura\\\/#article\",\"isPartOf\":{\"@id\":\"https:\\\/\\\/www.arquimaster.com.ar\\\/web\\\/casa-roig-destudio-arquitectura\\\/\"},\"author\":{\"name\":\"Arquimaster\",\"@id\":\"https:\\\/\\\/www.arquimaster.com.ar\\\/web\\\/#\\\/schema\\\/person\\\/359e9f7c00193fcde068e0dd2ceb0028\"},\"headline\":\"Casa Roig \\\/ Destudio Arquitectura\",\"datePublished\":\"2023-03-23T22:41:51+00:00\",\"dateModified\":\"2023-07-20T21:48:28+00:00\",\"mainEntityOfPage\":{\"@id\":\"https:\\\/\\\/www.arquimaster.com.ar\\\/web\\\/casa-roig-destudio-arquitectura\\\/\"},\"wordCount\":711,\"publisher\":{\"@id\":\"https:\\\/\\\/www.arquimaster.com.ar\\\/web\\\/#organization\"},\"image\":{\"@id\":\"https:\\\/\\\/www.arquimaster.com.ar\\\/web\\\/casa-roig-destudio-arquitectura\\\/#primaryimage\"},\"thumbnailUrl\":\"https:\\\/\\\/www.arquimaster.com.ar\\\/web\\\/wp-content\\\/uploads\\\/2023\\\/03\\\/casa_roig_slide.jpg\",\"keywords\":[\"apartamento\",\"departamento\",\"Destudio\",\"Espa\u00f1a\",\"reforma de apartamento\",\"reforma de vivienda\",\"Valencia\"],\"articleSection\":[\"Departamentos y Lofts\",\"Proyecto\"],\"inLanguage\":\"es\"},{\"@type\":\"WebPage\",\"@id\":\"https:\\\/\\\/www.arquimaster.com.ar\\\/web\\\/casa-roig-destudio-arquitectura\\\/\",\"url\":\"https:\\\/\\\/www.arquimaster.com.ar\\\/web\\\/casa-roig-destudio-arquitectura\\\/\",\"name\":\"Casa Roig \\\/ Destudio Arquitectura - Arquimaster\",\"isPartOf\":{\"@id\":\"https:\\\/\\\/www.arquimaster.com.ar\\\/web\\\/#website\"},\"primaryImageOfPage\":{\"@id\":\"https:\\\/\\\/www.arquimaster.com.ar\\\/web\\\/casa-roig-destudio-arquitectura\\\/#primaryimage\"},\"image\":{\"@id\":\"https:\\\/\\\/www.arquimaster.com.ar\\\/web\\\/casa-roig-destudio-arquitectura\\\/#primaryimage\"},\"thumbnailUrl\":\"https:\\\/\\\/www.arquimaster.com.ar\\\/web\\\/wp-content\\\/uploads\\\/2023\\\/03\\\/casa_roig_slide.jpg\",\"datePublished\":\"2023-03-23T22:41:51+00:00\",\"dateModified\":\"2023-07-20T21:48:28+00:00\",\"description\":\"Armon\u00eda de espacios, el baile entre elegancia y modernidad de esta vivienda de dise\u00f1o.\",\"breadcrumb\":{\"@id\":\"https:\\\/\\\/www.arquimaster.com.ar\\\/web\\\/casa-roig-destudio-arquitectura\\\/#breadcrumb\"},\"inLanguage\":\"es\",\"potentialAction\":[{\"@type\":\"ReadAction\",\"target\":[\"https:\\\/\\\/www.arquimaster.com.ar\\\/web\\\/casa-roig-destudio-arquitectura\\\/\"]}]},{\"@type\":\"ImageObject\",\"inLanguage\":\"es\",\"@id\":\"https:\\\/\\\/www.arquimaster.com.ar\\\/web\\\/casa-roig-destudio-arquitectura\\\/#primaryimage\",\"url\":\"https:\\\/\\\/www.arquimaster.com.ar\\\/web\\\/wp-content\\\/uploads\\\/2023\\\/03\\\/casa_roig_slide.jpg\",\"contentUrl\":\"https:\\\/\\\/www.arquimaster.com.ar\\\/web\\\/wp-content\\\/uploads\\\/2023\\\/03\\\/casa_roig_slide.jpg\",\"width\":698,\"height\":364,\"caption\":\"Casa Roig \\\/ Destudio Arquitectura\"},{\"@type\":\"BreadcrumbList\",\"@id\":\"https:\\\/\\\/www.arquimaster.com.ar\\\/web\\\/casa-roig-destudio-arquitectura\\\/#breadcrumb\",\"itemListElement\":[{\"@type\":\"ListItem\",\"position\":1,\"name\":\"Portada\",\"item\":\"https:\\\/\\\/www.arquimaster.com.ar\\\/web\\\/\"},{\"@type\":\"ListItem\",\"position\":2,\"name\":\"Casa Roig \\\/ Destudio Arquitectura\"}]},{\"@type\":\"WebSite\",\"@id\":\"https:\\\/\\\/www.arquimaster.com.ar\\\/web\\\/#website\",\"url\":\"https:\\\/\\\/www.arquimaster.com.ar\\\/web\\\/\",\"name\":\"Arquimaster\",\"description\":\"Web de arquitectura, dise\u00f1o y construccion\",\"publisher\":{\"@id\":\"https:\\\/\\\/www.arquimaster.com.ar\\\/web\\\/#organization\"},\"potentialAction\":[{\"@type\":\"SearchAction\",\"target\":{\"@type\":\"EntryPoint\",\"urlTemplate\":\"https:\\\/\\\/www.arquimaster.com.ar\\\/web\\\/?s={search_term_string}\"},\"query-input\":{\"@type\":\"PropertyValueSpecification\",\"valueRequired\":true,\"valueName\":\"search_term_string\"}}],\"inLanguage\":\"es\"},{\"@type\":\"Organization\",\"@id\":\"https:\\\/\\\/www.arquimaster.com.ar\\\/web\\\/#organization\",\"name\":\"Arquimaster\",\"url\":\"https:\\\/\\\/www.arquimaster.com.ar\\\/web\\\/\",\"logo\":{\"@type\":\"ImageObject\",\"inLanguage\":\"es\",\"@id\":\"https:\\\/\\\/www.arquimaster.com.ar\\\/web\\\/#\\\/schema\\\/logo\\\/image\\\/\",\"url\":\"https:\\\/\\\/www.arquimaster.com.ar\\\/web\\\/wp-content\\\/uploads\\\/2022\\\/06\\\/arquimaster.png\",\"contentUrl\":\"https:\\\/\\\/www.arquimaster.com.ar\\\/web\\\/wp-content\\\/uploads\\\/2022\\\/06\\\/arquimaster.png\",\"width\":594,\"height\":78,\"caption\":\"Arquimaster\"},\"image\":{\"@id\":\"https:\\\/\\\/www.arquimaster.com.ar\\\/web\\\/#\\\/schema\\\/logo\\\/image\\\/\"},\"sameAs\":[\"http:\\\/\\\/www.facebook.com\\\/ARQUIMASTER.com.ar\",\"https:\\\/\\\/x.com\\\/arquimaster\",\"https:\\\/\\\/www.instagram.com\\\/arquimasterblog\\\/\",\"https:\\\/\\\/www.linkedin.com\\\/company\\\/arquimaster\",\"https:\\\/\\\/www.pinterest.com\\\/arquimaster\",\"https:\\\/\\\/t.me\\\/arquimaster\"]},{\"@type\":\"Person\",\"@id\":\"https:\\\/\\\/www.arquimaster.com.ar\\\/web\\\/#\\\/schema\\\/person\\\/359e9f7c00193fcde068e0dd2ceb0028\",\"name\":\"Arquimaster\"}]}<\/script>\n<!-- \/ Yoast SEO plugin. -->","yoast_head_json":{"title":"Casa Roig \/ Destudio Arquitectura - Arquimaster","description":"Armon\u00eda de espacios, el baile entre elegancia y modernidad de esta vivienda de dise\u00f1o.","robots":{"index":"index","follow":"follow","max-snippet":"max-snippet:-1","max-image-preview":"max-image-preview:large","max-video-preview":"max-video-preview:-1"},"canonical":"https:\/\/www.arquimaster.com.ar\/web\/casa-roig-destudio-arquitectura\/","og_locale":"es_ES","og_type":"article","og_title":"Casa Roig \/ Destudio Arquitectura","og_description":"Armon\u00eda de espacios, el baile entre elegancia y modernidad de esta vivienda de dise\u00f1o.","og_url":"https:\/\/www.arquimaster.com.ar\/web\/casa-roig-destudio-arquitectura\/","og_site_name":"Arquimaster","article_publisher":"http:\/\/www.facebook.com\/ARQUIMASTER.com.ar","article_published_time":"2023-03-23T22:41:51+00:00","article_modified_time":"2023-07-20T21:48:28+00:00","og_image":[{"width":698,"height":364,"url":"https:\/\/www.arquimaster.com.ar\/web\/wp-content\/uploads\/2023\/03\/casa_roig_slide.jpg","type":"image\/jpeg"}],"author":"Arquimaster","twitter_card":"summary_large_image","twitter_title":"Casa Roig \/ Destudio Arquitectura","twitter_description":"Armon\u00eda de espacios, el baile entre elegancia y modernidad de esta vivienda de dise\u00f1o.","twitter_image":"https:\/\/www.arquimaster.com.ar\/web\/wp-content\/uploads\/2023\/03\/casa_roig_slide.jpg","twitter_creator":"@arquimaster","twitter_site":"@arquimaster","twitter_misc":{"Escrito por":"Arquimaster","Tiempo de lectura":"4 minutos"},"schema":{"@context":"https:\/\/schema.org","@graph":[{"@type":"Article","@id":"https:\/\/www.arquimaster.com.ar\/web\/casa-roig-destudio-arquitectura\/#article","isPartOf":{"@id":"https:\/\/www.arquimaster.com.ar\/web\/casa-roig-destudio-arquitectura\/"},"author":{"name":"Arquimaster","@id":"https:\/\/www.arquimaster.com.ar\/web\/#\/schema\/person\/359e9f7c00193fcde068e0dd2ceb0028"},"headline":"Casa Roig \/ Destudio Arquitectura","datePublished":"2023-03-23T22:41:51+00:00","dateModified":"2023-07-20T21:48:28+00:00","mainEntityOfPage":{"@id":"https:\/\/www.arquimaster.com.ar\/web\/casa-roig-destudio-arquitectura\/"},"wordCount":711,"publisher":{"@id":"https:\/\/www.arquimaster.com.ar\/web\/#organization"},"image":{"@id":"https:\/\/www.arquimaster.com.ar\/web\/casa-roig-destudio-arquitectura\/#primaryimage"},"thumbnailUrl":"https:\/\/www.arquimaster.com.ar\/web\/wp-content\/uploads\/2023\/03\/casa_roig_slide.jpg","keywords":["apartamento","departamento","Destudio","Espa\u00f1a","reforma de apartamento","reforma de vivienda","Valencia"],"articleSection":["Departamentos y Lofts","Proyecto"],"inLanguage":"es"},{"@type":"WebPage","@id":"https:\/\/www.arquimaster.com.ar\/web\/casa-roig-destudio-arquitectura\/","url":"https:\/\/www.arquimaster.com.ar\/web\/casa-roig-destudio-arquitectura\/","name":"Casa Roig \/ Destudio Arquitectura - Arquimaster","isPartOf":{"@id":"https:\/\/www.arquimaster.com.ar\/web\/#website"},"primaryImageOfPage":{"@id":"https:\/\/www.arquimaster.com.ar\/web\/casa-roig-destudio-arquitectura\/#primaryimage"},"image":{"@id":"https:\/\/www.arquimaster.com.ar\/web\/casa-roig-destudio-arquitectura\/#primaryimage"},"thumbnailUrl":"https:\/\/www.arquimaster.com.ar\/web\/wp-content\/uploads\/2023\/03\/casa_roig_slide.jpg","datePublished":"2023-03-23T22:41:51+00:00","dateModified":"2023-07-20T21:48:28+00:00","description":"Armon\u00eda de espacios, el baile entre elegancia y modernidad de esta vivienda de dise\u00f1o.","breadcrumb":{"@id":"https:\/\/www.arquimaster.com.ar\/web\/casa-roig-destudio-arquitectura\/#breadcrumb"},"inLanguage":"es","potentialAction":[{"@type":"ReadAction","target":["https:\/\/www.arquimaster.com.ar\/web\/casa-roig-destudio-arquitectura\/"]}]},{"@type":"ImageObject","inLanguage":"es","@id":"https:\/\/www.arquimaster.com.ar\/web\/casa-roig-destudio-arquitectura\/#primaryimage","url":"https:\/\/www.arquimaster.com.ar\/web\/wp-content\/uploads\/2023\/03\/casa_roig_slide.jpg","contentUrl":"https:\/\/www.arquimaster.com.ar\/web\/wp-content\/uploads\/2023\/03\/casa_roig_slide.jpg","width":698,"height":364,"caption":"Casa Roig \/ Destudio Arquitectura"},{"@type":"BreadcrumbList","@id":"https:\/\/www.arquimaster.com.ar\/web\/casa-roig-destudio-arquitectura\/#breadcrumb","itemListElement":[{"@type":"ListItem","position":1,"name":"Portada","item":"https:\/\/www.arquimaster.com.ar\/web\/"},{"@type":"ListItem","position":2,"name":"Casa Roig \/ Destudio Arquitectura"}]},{"@type":"WebSite","@id":"https:\/\/www.arquimaster.com.ar\/web\/#website","url":"https:\/\/www.arquimaster.com.ar\/web\/","name":"Arquimaster","description":"Web de arquitectura, dise\u00f1o y construccion","publisher":{"@id":"https:\/\/www.arquimaster.com.ar\/web\/#organization"},"potentialAction":[{"@type":"SearchAction","target":{"@type":"EntryPoint","urlTemplate":"https:\/\/www.arquimaster.com.ar\/web\/?s={search_term_string}"},"query-input":{"@type":"PropertyValueSpecification","valueRequired":true,"valueName":"search_term_string"}}],"inLanguage":"es"},{"@type":"Organization","@id":"https:\/\/www.arquimaster.com.ar\/web\/#organization","name":"Arquimaster","url":"https:\/\/www.arquimaster.com.ar\/web\/","logo":{"@type":"ImageObject","inLanguage":"es","@id":"https:\/\/www.arquimaster.com.ar\/web\/#\/schema\/logo\/image\/","url":"https:\/\/www.arquimaster.com.ar\/web\/wp-content\/uploads\/2022\/06\/arquimaster.png","contentUrl":"https:\/\/www.arquimaster.com.ar\/web\/wp-content\/uploads\/2022\/06\/arquimaster.png","width":594,"height":78,"caption":"Arquimaster"},"image":{"@id":"https:\/\/www.arquimaster.com.ar\/web\/#\/schema\/logo\/image\/"},"sameAs":["http:\/\/www.facebook.com\/ARQUIMASTER.com.ar","https:\/\/x.com\/arquimaster","https:\/\/www.instagram.com\/arquimasterblog\/","https:\/\/www.linkedin.com\/company\/arquimaster","https:\/\/www.pinterest.com\/arquimaster","https:\/\/t.me\/arquimaster"]},{"@type":"Person","@id":"https:\/\/www.arquimaster.com.ar\/web\/#\/schema\/person\/359e9f7c00193fcde068e0dd2ceb0028","name":"Arquimaster"}]}},"uagb_featured_image_src":{"full":["https:\/\/www.arquimaster.com.ar\/web\/wp-content\/uploads\/2023\/03\/casa_roig_slide.jpg",698,364,false],"thumbnail":["https:\/\/www.arquimaster.com.ar\/web\/wp-content\/uploads\/2023\/03\/casa_roig_slide-150x150.jpg",150,150,true],"medium":["https:\/\/www.arquimaster.com.ar\/web\/wp-content\/uploads\/2023\/03\/casa_roig_slide.jpg",698,364,false],"medium_large":["https:\/\/www.arquimaster.com.ar\/web\/wp-content\/uploads\/2023\/03\/casa_roig_slide.jpg",698,364,false],"large":["https:\/\/www.arquimaster.com.ar\/web\/wp-content\/uploads\/2023\/03\/casa_roig_slide.jpg",698,364,false],"1536x1536":["https:\/\/www.arquimaster.com.ar\/web\/wp-content\/uploads\/2023\/03\/casa_roig_slide.jpg",698,364,false],"2048x2048":["https:\/\/www.arquimaster.com.ar\/web\/wp-content\/uploads\/2023\/03\/casa_roig_slide.jpg",698,364,false]},"uagb_author_info":{"display_name":"Arquimaster","author_link":"https:\/\/www.arquimaster.com.ar\/web\/author\/arquimaster\/"},"uagb_comment_info":0,"uagb_excerpt":"Armon\u00eda de espacios, el baile entre elegancia y modernidad...","_links":{"self":[{"href":"https:\/\/www.arquimaster.com.ar\/web\/wp-json\/wp\/v2\/posts\/75386","targetHints":{"allow":["GET"]}}],"collection":[{"href":"https:\/\/www.arquimaster.com.ar\/web\/wp-json\/wp\/v2\/posts"}],"about":[{"href":"https:\/\/www.arquimaster.com.ar\/web\/wp-json\/wp\/v2\/types\/post"}],"author":[{"embeddable":true,"href":"https:\/\/www.arquimaster.com.ar\/web\/wp-json\/wp\/v2\/users\/1"}],"replies":[{"embeddable":true,"href":"https:\/\/www.arquimaster.com.ar\/web\/wp-json\/wp\/v2\/comments?post=75386"}],"version-history":[{"count":2,"href":"https:\/\/www.arquimaster.com.ar\/web\/wp-json\/wp\/v2\/posts\/75386\/revisions"}],"predecessor-version":[{"id":76695,"href":"https:\/\/www.arquimaster.com.ar\/web\/wp-json\/wp\/v2\/posts\/75386\/revisions\/76695"}],"wp:featuredmedia":[{"embeddable":true,"href":"https:\/\/www.arquimaster.com.ar\/web\/wp-json\/wp\/v2\/media\/75387"}],"wp:attachment":[{"href":"https:\/\/www.arquimaster.com.ar\/web\/wp-json\/wp\/v2\/media?parent=75386"}],"wp:term":[{"taxonomy":"category","embeddable":true,"href":"https:\/\/www.arquimaster.com.ar\/web\/wp-json\/wp\/v2\/categories?post=75386"},{"taxonomy":"post_tag","embeddable":true,"href":"https:\/\/www.arquimaster.com.ar\/web\/wp-json\/wp\/v2\/tags?post=75386"}],"curies":[{"name":"wp","href":"https:\/\/api.w.org\/{rel}","templated":true}]}}