{"id":75486,"date":"2023-03-30T13:57:29","date_gmt":"2023-03-30T16:57:29","guid":{"rendered":"https:\/\/www.arquimaster.com.ar\/web\/?p=75486"},"modified":"2023-07-18T19:07:48","modified_gmt":"2023-07-18T22:07:48","slug":"casa-rm-interdek","status":"publish","type":"post","link":"https:\/\/www.arquimaster.com.ar\/web\/casa-rm-interdek\/","title":{"rendered":"Casa RM \/ Interdek"},"content":{"rendered":"<div style=\"margin-top: 0px; margin-bottom: 0px;\" class=\"sharethis-inline-share-buttons\" ><\/div><div class=\"b812932af2e751442846f039925109de\" data-index=\"1\" style=\"float: none; margin:25px 0 25px 0; text-align:center;\">\n<script async src=\"https:\/\/pagead2.googlesyndication.com\/pagead\/js\/adsbygoogle.js\"><\/script>\r\n<!-- Arquimaster (superior) -->\r\n<ins class=\"adsbygoogle\"\r\n     style=\"display:block\"\r\n     data-ad-client=\"ca-pub-6351072698456832\"\r\n     data-ad-slot=\"6455489680\"\r\n     data-ad-format=\"auto\"\r\n     data-full-width-responsive=\"true\"><\/ins>\r\n<script>\r\n     (adsbygoogle = window.adsbygoogle || []).push({});\r\n<\/script>\n<\/div>\n<p><strong>Casa RM<\/strong> (Mazatl\u00e1n, Sinaloa, M\u00e9xico) por <strong>Interdek<\/strong>. Casa RM, de solo ser un sue\u00f1o, hoy es toda una hermosa realidad. Un proyecto repleto de colores, lleno de vida, buena energ\u00eda y sobre todo mucha magia. Desde que conocimos a Rick Martinez sabr\u00edamos que ser\u00eda un gran reto, nos emocionamos mucho, ya que anhel\u00e1bamos hacer algo completamente distinto y superar con imaginaci\u00f3n, dise\u00f1o y tendencia. Est\u00e1bamos dispuestos a crear algo arriesgado y divertido, algo que hablara por s\u00ed mismo y refleja la esencia del cliente.<\/p>\n<div id='gallery-1' class='gallery galleryid-75486 gallery-columns-3 gallery-size-thumbnail'><figure class='gallery-item'>\n\t\t\t<div class='gallery-icon portrait'>\n\t\t\t\t<a href='https:\/\/www.arquimaster.com.ar\/web\/wp-content\/uploads\/2023\/03\/casa_rm_001.jpg' title=\"Casa RM \/ Interdek (\u00a9 Andr\u00e9s Alejos)\" data-rl_title=\"Casa RM \/ Interdek (\u00a9 Andr\u00e9s Alejos)\" class=\"rl-gallery-link\" data-rl_caption=\"Casa RM \/ Interdek (\u00a9 Andr\u00e9s Alejos)\" data-rel=\"lightbox-gallery-1\"><img loading=\"lazy\" decoding=\"async\" width=\"150\" height=\"150\" src=\"https:\/\/www.arquimaster.com.ar\/web\/wp-content\/uploads\/2023\/03\/casa_rm_001-150x150.jpg\" class=\"attachment-thumbnail size-thumbnail\" alt=\"Casa RM \/ Interdek\" aria-describedby=\"gallery-1-75488\" \/><\/a>\n\t\t\t<\/div>\n\t\t\t\t<figcaption class='wp-caption-text gallery-caption' id='gallery-1-75488'>\n\t\t\t\tCasa RM \/ Interdek (\u00a9 Andr\u00e9s Alejos)\n\t\t\t\t<\/figcaption><\/figure><figure class='gallery-item'>\n\t\t\t<div class='gallery-icon portrait'>\n\t\t\t\t<a href='https:\/\/www.arquimaster.com.ar\/web\/wp-content\/uploads\/2023\/03\/casa_rm_002.jpg' title=\"Casa RM \/ Interdek (\u00a9 Andr\u00e9s Alejos)\" data-rl_title=\"Casa RM \/ Interdek (\u00a9 Andr\u00e9s Alejos)\" class=\"rl-gallery-link\" data-rl_caption=\"Casa RM \/ Interdek (\u00a9 Andr\u00e9s Alejos)\" data-rel=\"lightbox-gallery-1\"><img loading=\"lazy\" decoding=\"async\" width=\"150\" height=\"150\" src=\"https:\/\/www.arquimaster.com.ar\/web\/wp-content\/uploads\/2023\/03\/casa_rm_002-150x150.jpg\" class=\"attachment-thumbnail size-thumbnail\" alt=\"Casa RM \/ Interdek\" aria-describedby=\"gallery-1-75489\" \/><\/a>\n\t\t\t<\/div>\n\t\t\t\t<figcaption class='wp-caption-text gallery-caption' id='gallery-1-75489'>\n\t\t\t\tCasa RM \/ Interdek (\u00a9 Andr\u00e9s Alejos)\n\t\t\t\t<\/figcaption><\/figure><figure class='gallery-item'>\n\t\t\t<div class='gallery-icon portrait'>\n\t\t\t\t<a href='https:\/\/www.arquimaster.com.ar\/web\/wp-content\/uploads\/2023\/03\/casa_rm_003.jpg' title=\"Casa RM \/ Interdek (\u00a9 Andr\u00e9s Alejos)\" data-rl_title=\"Casa RM \/ Interdek (\u00a9 Andr\u00e9s Alejos)\" class=\"rl-gallery-link\" data-rl_caption=\"Casa RM \/ Interdek (\u00a9 Andr\u00e9s Alejos)\" data-rel=\"lightbox-gallery-1\"><img loading=\"lazy\" decoding=\"async\" width=\"150\" height=\"150\" src=\"https:\/\/www.arquimaster.com.ar\/web\/wp-content\/uploads\/2023\/03\/casa_rm_003-150x150.jpg\" class=\"attachment-thumbnail size-thumbnail\" alt=\"Casa RM \/ Interdek\" aria-describedby=\"gallery-1-75490\" \/><\/a>\n\t\t\t<\/div>\n\t\t\t\t<figcaption class='wp-caption-text gallery-caption' id='gallery-1-75490'>\n\t\t\t\tCasa RM \/ Interdek (\u00a9 Andr\u00e9s Alejos)\n\t\t\t\t<\/figcaption><\/figure><figure class='gallery-item'>\n\t\t\t<div class='gallery-icon portrait'>\n\t\t\t\t<a href='https:\/\/www.arquimaster.com.ar\/web\/wp-content\/uploads\/2023\/03\/casa_rm_004.jpg' title=\"Casa RM \/ Interdek (\u00a9 Andr\u00e9s Alejos)\" data-rl_title=\"Casa RM \/ Interdek (\u00a9 Andr\u00e9s Alejos)\" class=\"rl-gallery-link\" data-rl_caption=\"Casa RM \/ Interdek (\u00a9 Andr\u00e9s Alejos)\" data-rel=\"lightbox-gallery-1\"><img loading=\"lazy\" decoding=\"async\" width=\"150\" height=\"150\" src=\"https:\/\/www.arquimaster.com.ar\/web\/wp-content\/uploads\/2023\/03\/casa_rm_004-150x150.jpg\" class=\"attachment-thumbnail size-thumbnail\" alt=\"Casa RM \/ Interdek\" aria-describedby=\"gallery-1-75491\" \/><\/a>\n\t\t\t<\/div>\n\t\t\t\t<figcaption class='wp-caption-text gallery-caption' id='gallery-1-75491'>\n\t\t\t\tCasa RM \/ Interdek (\u00a9 Andr\u00e9s Alejos)\n\t\t\t\t<\/figcaption><\/figure><figure class='gallery-item'>\n\t\t\t<div class='gallery-icon portrait'>\n\t\t\t\t<a href='https:\/\/www.arquimaster.com.ar\/web\/wp-content\/uploads\/2023\/03\/casa_rm_005.jpg' title=\"Casa RM \/ Interdek (\u00a9 Andr\u00e9s Alejos)\" data-rl_title=\"Casa RM \/ Interdek (\u00a9 Andr\u00e9s Alejos)\" class=\"rl-gallery-link\" data-rl_caption=\"Casa RM \/ Interdek (\u00a9 Andr\u00e9s Alejos)\" data-rel=\"lightbox-gallery-1\"><img loading=\"lazy\" decoding=\"async\" width=\"150\" height=\"150\" src=\"https:\/\/www.arquimaster.com.ar\/web\/wp-content\/uploads\/2023\/03\/casa_rm_005-150x150.jpg\" class=\"attachment-thumbnail size-thumbnail\" alt=\"Casa RM \/ Interdek\" aria-describedby=\"gallery-1-75492\" \/><\/a>\n\t\t\t<\/div>\n\t\t\t\t<figcaption class='wp-caption-text gallery-caption' id='gallery-1-75492'>\n\t\t\t\tCasa RM \/ Interdek (\u00a9 Andr\u00e9s Alejos)\n\t\t\t\t<\/figcaption><\/figure><figure class='gallery-item'>\n\t\t\t<div class='gallery-icon portrait'>\n\t\t\t\t<a href='https:\/\/www.arquimaster.com.ar\/web\/wp-content\/uploads\/2023\/03\/casa_rm_006.jpg' title=\"Casa RM \/ Interdek (\u00a9 Andr\u00e9s Alejos)\" data-rl_title=\"Casa RM \/ Interdek (\u00a9 Andr\u00e9s Alejos)\" class=\"rl-gallery-link\" data-rl_caption=\"Casa RM \/ Interdek (\u00a9 Andr\u00e9s Alejos)\" data-rel=\"lightbox-gallery-1\"><img loading=\"lazy\" decoding=\"async\" width=\"150\" height=\"150\" src=\"https:\/\/www.arquimaster.com.ar\/web\/wp-content\/uploads\/2023\/03\/casa_rm_006-150x150.jpg\" class=\"attachment-thumbnail size-thumbnail\" alt=\"Casa RM \/ Interdek\" aria-describedby=\"gallery-1-75493\" \/><\/a>\n\t\t\t<\/div>\n\t\t\t\t<figcaption class='wp-caption-text gallery-caption' id='gallery-1-75493'>\n\t\t\t\tCasa RM \/ Interdek (\u00a9 Andr\u00e9s Alejos)\n\t\t\t\t<\/figcaption><\/figure><figure class='gallery-item'>\n\t\t\t<div class='gallery-icon portrait'>\n\t\t\t\t<a href='https:\/\/www.arquimaster.com.ar\/web\/wp-content\/uploads\/2023\/03\/casa_rm_007.jpg' title=\"Casa RM \/ Interdek (\u00a9 Andr\u00e9s Alejos)\" data-rl_title=\"Casa RM \/ Interdek (\u00a9 Andr\u00e9s Alejos)\" class=\"rl-gallery-link\" data-rl_caption=\"Casa RM \/ Interdek (\u00a9 Andr\u00e9s Alejos)\" data-rel=\"lightbox-gallery-1\"><img loading=\"lazy\" decoding=\"async\" width=\"150\" height=\"150\" src=\"https:\/\/www.arquimaster.com.ar\/web\/wp-content\/uploads\/2023\/03\/casa_rm_007-150x150.jpg\" class=\"attachment-thumbnail size-thumbnail\" alt=\"Casa RM \/ Interdek\" aria-describedby=\"gallery-1-75494\" \/><\/a>\n\t\t\t<\/div>\n\t\t\t\t<figcaption class='wp-caption-text gallery-caption' id='gallery-1-75494'>\n\t\t\t\tCasa RM \/ Interdek (\u00a9 Andr\u00e9s Alejos)\n\t\t\t\t<\/figcaption><\/figure><figure class='gallery-item'>\n\t\t\t<div class='gallery-icon portrait'>\n\t\t\t\t<a href='https:\/\/www.arquimaster.com.ar\/web\/wp-content\/uploads\/2023\/03\/casa_rm_008.jpg' title=\"Casa RM \/ Interdek (\u00a9 Andr\u00e9s Alejos)\" data-rl_title=\"Casa RM \/ Interdek (\u00a9 Andr\u00e9s Alejos)\" class=\"rl-gallery-link\" data-rl_caption=\"Casa RM \/ Interdek (\u00a9 Andr\u00e9s Alejos)\" data-rel=\"lightbox-gallery-1\"><img loading=\"lazy\" decoding=\"async\" width=\"150\" height=\"150\" src=\"https:\/\/www.arquimaster.com.ar\/web\/wp-content\/uploads\/2023\/03\/casa_rm_008-150x150.jpg\" class=\"attachment-thumbnail size-thumbnail\" alt=\"Casa RM \/ Interdek\" aria-describedby=\"gallery-1-75495\" \/><\/a>\n\t\t\t<\/div>\n\t\t\t\t<figcaption class='wp-caption-text gallery-caption' id='gallery-1-75495'>\n\t\t\t\tCasa RM \/ Interdek (\u00a9 Andr\u00e9s Alejos)\n\t\t\t\t<\/figcaption><\/figure><figure class='gallery-item'>\n\t\t\t<div class='gallery-icon landscape'>\n\t\t\t\t<a href='https:\/\/www.arquimaster.com.ar\/web\/wp-content\/uploads\/2023\/03\/casa_rm_009.jpg' title=\"Casa RM \/ Interdek (\u00a9 Andr\u00e9s Alejos)\" data-rl_title=\"Casa RM \/ Interdek (\u00a9 Andr\u00e9s Alejos)\" class=\"rl-gallery-link\" data-rl_caption=\"Casa RM \/ Interdek (\u00a9 Andr\u00e9s Alejos)\" data-rel=\"lightbox-gallery-1\"><img loading=\"lazy\" decoding=\"async\" width=\"150\" height=\"150\" src=\"https:\/\/www.arquimaster.com.ar\/web\/wp-content\/uploads\/2023\/03\/casa_rm_009-150x150.jpg\" class=\"attachment-thumbnail size-thumbnail\" alt=\"Casa RM \/ Interdek\" aria-describedby=\"gallery-1-75496\" \/><\/a>\n\t\t\t<\/div>\n\t\t\t\t<figcaption class='wp-caption-text gallery-caption' id='gallery-1-75496'>\n\t\t\t\tCasa RM \/ Interdek (\u00a9 Andr\u00e9s Alejos)\n\t\t\t\t<\/figcaption><\/figure><figure class='gallery-item'>\n\t\t\t<div class='gallery-icon portrait'>\n\t\t\t\t<a href='https:\/\/www.arquimaster.com.ar\/web\/wp-content\/uploads\/2023\/03\/casa_rm_010.jpg' title=\"Casa RM \/ Interdek (\u00a9 Andr\u00e9s Alejos)\" data-rl_title=\"Casa RM \/ Interdek (\u00a9 Andr\u00e9s Alejos)\" class=\"rl-gallery-link\" data-rl_caption=\"Casa RM \/ Interdek (\u00a9 Andr\u00e9s Alejos)\" data-rel=\"lightbox-gallery-1\"><img loading=\"lazy\" decoding=\"async\" width=\"150\" height=\"150\" src=\"https:\/\/www.arquimaster.com.ar\/web\/wp-content\/uploads\/2023\/03\/casa_rm_010-150x150.jpg\" class=\"attachment-thumbnail size-thumbnail\" alt=\"Casa RM \/ Interdek\" aria-describedby=\"gallery-1-75497\" \/><\/a>\n\t\t\t<\/div>\n\t\t\t\t<figcaption class='wp-caption-text gallery-caption' id='gallery-1-75497'>\n\t\t\t\tCasa RM \/ Interdek (\u00a9 Andr\u00e9s Alejos)\n\t\t\t\t<\/figcaption><\/figure><figure class='gallery-item'>\n\t\t\t<div class='gallery-icon landscape'>\n\t\t\t\t<a href='https:\/\/www.arquimaster.com.ar\/web\/wp-content\/uploads\/2023\/03\/casa_rm_011.jpg' title=\"Casa RM \/ Interdek (\u00a9 Andr\u00e9s Alejos)\" data-rl_title=\"Casa RM \/ Interdek (\u00a9 Andr\u00e9s Alejos)\" class=\"rl-gallery-link\" data-rl_caption=\"Casa RM \/ Interdek (\u00a9 Andr\u00e9s Alejos)\" data-rel=\"lightbox-gallery-1\"><img loading=\"lazy\" decoding=\"async\" width=\"150\" height=\"150\" src=\"https:\/\/www.arquimaster.com.ar\/web\/wp-content\/uploads\/2023\/03\/casa_rm_011-150x150.jpg\" class=\"attachment-thumbnail size-thumbnail\" alt=\"Casa RM \/ Interdek\" aria-describedby=\"gallery-1-75498\" \/><\/a>\n\t\t\t<\/div>\n\t\t\t\t<figcaption class='wp-caption-text gallery-caption' id='gallery-1-75498'>\n\t\t\t\tCasa RM \/ Interdek (\u00a9 Andr\u00e9s Alejos)\n\t\t\t\t<\/figcaption><\/figure><figure class='gallery-item'>\n\t\t\t<div class='gallery-icon landscape'>\n\t\t\t\t<a href='https:\/\/www.arquimaster.com.ar\/web\/wp-content\/uploads\/2023\/03\/casa_rm_012.jpg' title=\"Casa RM \/ Interdek (\u00a9 Andr\u00e9s Alejos)\" data-rl_title=\"Casa RM \/ Interdek (\u00a9 Andr\u00e9s Alejos)\" class=\"rl-gallery-link\" data-rl_caption=\"Casa RM \/ Interdek (\u00a9 Andr\u00e9s Alejos)\" data-rel=\"lightbox-gallery-1\"><img loading=\"lazy\" decoding=\"async\" width=\"150\" height=\"150\" src=\"https:\/\/www.arquimaster.com.ar\/web\/wp-content\/uploads\/2023\/03\/casa_rm_012-150x150.jpg\" class=\"attachment-thumbnail size-thumbnail\" alt=\"Casa RM \/ Interdek\" aria-describedby=\"gallery-1-75499\" \/><\/a>\n\t\t\t<\/div>\n\t\t\t\t<figcaption class='wp-caption-text gallery-caption' id='gallery-1-75499'>\n\t\t\t\tCasa RM \/ Interdek (\u00a9 Andr\u00e9s Alejos)\n\t\t\t\t<\/figcaption><\/figure><figure class='gallery-item'>\n\t\t\t<div class='gallery-icon portrait'>\n\t\t\t\t<a href='https:\/\/www.arquimaster.com.ar\/web\/wp-content\/uploads\/2023\/03\/casa_rm_013.jpg' title=\"Casa RM \/ Interdek (\u00a9 Andr\u00e9s Alejos)\" data-rl_title=\"Casa RM \/ Interdek (\u00a9 Andr\u00e9s Alejos)\" class=\"rl-gallery-link\" data-rl_caption=\"Casa RM \/ Interdek (\u00a9 Andr\u00e9s Alejos)\" data-rel=\"lightbox-gallery-1\"><img loading=\"lazy\" decoding=\"async\" width=\"150\" height=\"150\" src=\"https:\/\/www.arquimaster.com.ar\/web\/wp-content\/uploads\/2023\/03\/casa_rm_013-150x150.jpg\" class=\"attachment-thumbnail size-thumbnail\" alt=\"Casa RM \/ Interdek\" aria-describedby=\"gallery-1-75500\" \/><\/a>\n\t\t\t<\/div>\n\t\t\t\t<figcaption class='wp-caption-text gallery-caption' id='gallery-1-75500'>\n\t\t\t\tCasa RM \/ Interdek (\u00a9 Andr\u00e9s Alejos)\n\t\t\t\t<\/figcaption><\/figure><figure class='gallery-item'>\n\t\t\t<div class='gallery-icon landscape'>\n\t\t\t\t<a href='https:\/\/www.arquimaster.com.ar\/web\/wp-content\/uploads\/2023\/03\/casa_rm_014.jpg' title=\"Casa RM \/ Interdek (\u00a9 Andr\u00e9s Alejos)\" data-rl_title=\"Casa RM \/ Interdek (\u00a9 Andr\u00e9s Alejos)\" class=\"rl-gallery-link\" data-rl_caption=\"Casa RM \/ Interdek (\u00a9 Andr\u00e9s Alejos)\" data-rel=\"lightbox-gallery-1\"><img loading=\"lazy\" decoding=\"async\" width=\"150\" height=\"150\" src=\"https:\/\/www.arquimaster.com.ar\/web\/wp-content\/uploads\/2023\/03\/casa_rm_014-150x150.jpg\" class=\"attachment-thumbnail size-thumbnail\" alt=\"Casa RM \/ Interdek\" aria-describedby=\"gallery-1-75501\" \/><\/a>\n\t\t\t<\/div>\n\t\t\t\t<figcaption class='wp-caption-text gallery-caption' id='gallery-1-75501'>\n\t\t\t\tCasa RM \/ Interdek (\u00a9 Andr\u00e9s Alejos)\n\t\t\t\t<\/figcaption><\/figure><figure class='gallery-item'>\n\t\t\t<div class='gallery-icon portrait'>\n\t\t\t\t<a href='https:\/\/www.arquimaster.com.ar\/web\/wp-content\/uploads\/2023\/03\/casa_rm_015.jpg' title=\"Casa RM \/ Interdek (\u00a9 Andr\u00e9s Alejos)\" data-rl_title=\"Casa RM \/ Interdek (\u00a9 Andr\u00e9s Alejos)\" class=\"rl-gallery-link\" data-rl_caption=\"Casa RM \/ Interdek (\u00a9 Andr\u00e9s Alejos)\" data-rel=\"lightbox-gallery-1\"><img loading=\"lazy\" decoding=\"async\" width=\"150\" height=\"150\" src=\"https:\/\/www.arquimaster.com.ar\/web\/wp-content\/uploads\/2023\/03\/casa_rm_015-150x150.jpg\" class=\"attachment-thumbnail size-thumbnail\" alt=\"Casa RM \/ Interdek\" aria-describedby=\"gallery-1-75502\" \/><\/a>\n\t\t\t<\/div>\n\t\t\t\t<figcaption class='wp-caption-text gallery-caption' id='gallery-1-75502'>\n\t\t\t\tCasa RM \/ Interdek (\u00a9 Andr\u00e9s Alejos)\n\t\t\t\t<\/figcaption><\/figure><figure class='gallery-item'>\n\t\t\t<div class='gallery-icon portrait'>\n\t\t\t\t<a href='https:\/\/www.arquimaster.com.ar\/web\/wp-content\/uploads\/2023\/03\/casa_rm_016.jpg' title=\"Casa RM \/ Interdek (\u00a9 Andr\u00e9s Alejos)\" data-rl_title=\"Casa RM \/ Interdek (\u00a9 Andr\u00e9s Alejos)\" class=\"rl-gallery-link\" data-rl_caption=\"Casa RM \/ Interdek (\u00a9 Andr\u00e9s Alejos)\" data-rel=\"lightbox-gallery-1\"><img loading=\"lazy\" decoding=\"async\" width=\"150\" height=\"150\" src=\"https:\/\/www.arquimaster.com.ar\/web\/wp-content\/uploads\/2023\/03\/casa_rm_016-150x150.jpg\" class=\"attachment-thumbnail size-thumbnail\" alt=\"Casa RM \/ Interdek\" aria-describedby=\"gallery-1-75503\" \/><\/a>\n\t\t\t<\/div>\n\t\t\t\t<figcaption class='wp-caption-text gallery-caption' id='gallery-1-75503'>\n\t\t\t\tCasa RM \/ Interdek (\u00a9 Andr\u00e9s Alejos)\n\t\t\t\t<\/figcaption><\/figure><figure class='gallery-item'>\n\t\t\t<div class='gallery-icon landscape'>\n\t\t\t\t<a href='https:\/\/www.arquimaster.com.ar\/web\/wp-content\/uploads\/2023\/03\/casa_rm_017.jpg' title=\"Casa RM \/ Interdek (\u00a9 Andr\u00e9s Alejos)\" data-rl_title=\"Casa RM \/ Interdek (\u00a9 Andr\u00e9s Alejos)\" class=\"rl-gallery-link\" data-rl_caption=\"Casa RM \/ Interdek (\u00a9 Andr\u00e9s Alejos)\" data-rel=\"lightbox-gallery-1\"><img loading=\"lazy\" decoding=\"async\" width=\"150\" height=\"150\" src=\"https:\/\/www.arquimaster.com.ar\/web\/wp-content\/uploads\/2023\/03\/casa_rm_017-150x150.jpg\" class=\"attachment-thumbnail size-thumbnail\" alt=\"Casa RM \/ Interdek\" aria-describedby=\"gallery-1-75504\" \/><\/a>\n\t\t\t<\/div>\n\t\t\t\t<figcaption class='wp-caption-text gallery-caption' id='gallery-1-75504'>\n\t\t\t\tCasa RM \/ Interdek (\u00a9 Andr\u00e9s Alejos)\n\t\t\t\t<\/figcaption><\/figure><figure class='gallery-item'>\n\t\t\t<div class='gallery-icon landscape'>\n\t\t\t\t<a href='https:\/\/www.arquimaster.com.ar\/web\/wp-content\/uploads\/2023\/03\/casa_rm_018.jpg' title=\"Casa RM \/ Interdek (\u00a9 Andr\u00e9s Alejos)\" data-rl_title=\"Casa RM \/ Interdek (\u00a9 Andr\u00e9s Alejos)\" class=\"rl-gallery-link\" data-rl_caption=\"Casa RM \/ Interdek (\u00a9 Andr\u00e9s Alejos)\" data-rel=\"lightbox-gallery-1\"><img loading=\"lazy\" decoding=\"async\" width=\"150\" height=\"150\" src=\"https:\/\/www.arquimaster.com.ar\/web\/wp-content\/uploads\/2023\/03\/casa_rm_018-150x150.jpg\" class=\"attachment-thumbnail size-thumbnail\" alt=\"Casa RM \/ Interdek\" aria-describedby=\"gallery-1-75505\" \/><\/a>\n\t\t\t<\/div>\n\t\t\t\t<figcaption class='wp-caption-text gallery-caption' id='gallery-1-75505'>\n\t\t\t\tCasa RM \/ Interdek (\u00a9 Andr\u00e9s Alejos)\n\t\t\t\t<\/figcaption><\/figure><figure class='gallery-item'>\n\t\t\t<div class='gallery-icon portrait'>\n\t\t\t\t<a href='https:\/\/www.arquimaster.com.ar\/web\/wp-content\/uploads\/2023\/03\/casa_rm_019.jpg' title=\"Casa RM \/ Interdek (\u00a9 Andr\u00e9s Alejos)\" data-rl_title=\"Casa RM \/ Interdek (\u00a9 Andr\u00e9s Alejos)\" class=\"rl-gallery-link\" data-rl_caption=\"Casa RM \/ Interdek (\u00a9 Andr\u00e9s Alejos)\" data-rel=\"lightbox-gallery-1\"><img loading=\"lazy\" decoding=\"async\" width=\"150\" height=\"150\" src=\"https:\/\/www.arquimaster.com.ar\/web\/wp-content\/uploads\/2023\/03\/casa_rm_019-150x150.jpg\" class=\"attachment-thumbnail size-thumbnail\" alt=\"Casa RM \/ Interdek\" aria-describedby=\"gallery-1-75506\" \/><\/a>\n\t\t\t<\/div>\n\t\t\t\t<figcaption class='wp-caption-text gallery-caption' id='gallery-1-75506'>\n\t\t\t\tCasa RM \/ Interdek (\u00a9 Andr\u00e9s Alejos)\n\t\t\t\t<\/figcaption><\/figure><figure class='gallery-item'>\n\t\t\t<div class='gallery-icon portrait'>\n\t\t\t\t<a href='https:\/\/www.arquimaster.com.ar\/web\/wp-content\/uploads\/2023\/03\/casa_rm_020.jpg' title=\"Casa RM \/ Interdek (\u00a9 Andr\u00e9s Alejos)\" data-rl_title=\"Casa RM \/ Interdek (\u00a9 Andr\u00e9s Alejos)\" class=\"rl-gallery-link\" data-rl_caption=\"Casa RM \/ Interdek (\u00a9 Andr\u00e9s Alejos)\" data-rel=\"lightbox-gallery-1\"><img loading=\"lazy\" decoding=\"async\" width=\"150\" height=\"150\" src=\"https:\/\/www.arquimaster.com.ar\/web\/wp-content\/uploads\/2023\/03\/casa_rm_020-150x150.jpg\" class=\"attachment-thumbnail size-thumbnail\" alt=\"Casa RM \/ Interdek\" aria-describedby=\"gallery-1-75507\" \/><\/a>\n\t\t\t<\/div>\n\t\t\t\t<figcaption class='wp-caption-text gallery-caption' id='gallery-1-75507'>\n\t\t\t\tCasa RM \/ Interdek (\u00a9 Andr\u00e9s Alejos)\n\t\t\t\t<\/figcaption><\/figure><figure class='gallery-item'>\n\t\t\t<div class='gallery-icon portrait'>\n\t\t\t\t<a href='https:\/\/www.arquimaster.com.ar\/web\/wp-content\/uploads\/2023\/03\/casa_rm_021.jpg' title=\"Casa RM \/ Interdek (\u00a9 Andr\u00e9s Alejos)\" data-rl_title=\"Casa RM \/ Interdek (\u00a9 Andr\u00e9s Alejos)\" class=\"rl-gallery-link\" data-rl_caption=\"Casa RM \/ Interdek (\u00a9 Andr\u00e9s Alejos)\" data-rel=\"lightbox-gallery-1\"><img loading=\"lazy\" decoding=\"async\" width=\"150\" height=\"150\" src=\"https:\/\/www.arquimaster.com.ar\/web\/wp-content\/uploads\/2023\/03\/casa_rm_021-150x150.jpg\" class=\"attachment-thumbnail size-thumbnail\" alt=\"Casa RM \/ Interdek\" aria-describedby=\"gallery-1-75508\" \/><\/a>\n\t\t\t<\/div>\n\t\t\t\t<figcaption class='wp-caption-text gallery-caption' id='gallery-1-75508'>\n\t\t\t\tCasa RM \/ Interdek (\u00a9 Andr\u00e9s Alejos)\n\t\t\t\t<\/figcaption><\/figure><figure class='gallery-item'>\n\t\t\t<div class='gallery-icon landscape'>\n\t\t\t\t<a href='https:\/\/www.arquimaster.com.ar\/web\/wp-content\/uploads\/2023\/03\/casa_rm_022.jpg' title=\"Casa RM \/ Interdek (\u00a9 Andr\u00e9s Alejos)\" data-rl_title=\"Casa RM \/ Interdek (\u00a9 Andr\u00e9s Alejos)\" class=\"rl-gallery-link\" data-rl_caption=\"Casa RM \/ Interdek (\u00a9 Andr\u00e9s Alejos)\" data-rel=\"lightbox-gallery-1\"><img loading=\"lazy\" decoding=\"async\" width=\"150\" height=\"150\" src=\"https:\/\/www.arquimaster.com.ar\/web\/wp-content\/uploads\/2023\/03\/casa_rm_022-150x150.jpg\" class=\"attachment-thumbnail size-thumbnail\" alt=\"Casa RM \/ Interdek\" aria-describedby=\"gallery-1-75509\" \/><\/a>\n\t\t\t<\/div>\n\t\t\t\t<figcaption class='wp-caption-text gallery-caption' id='gallery-1-75509'>\n\t\t\t\tCasa RM \/ Interdek (\u00a9 Andr\u00e9s Alejos)\n\t\t\t\t<\/figcaption><\/figure><figure class='gallery-item'>\n\t\t\t<div class='gallery-icon landscape'>\n\t\t\t\t<a href='https:\/\/www.arquimaster.com.ar\/web\/wp-content\/uploads\/2023\/03\/casa_rm_023.jpg' title=\"Casa RM \/ Interdek (\u00a9 Andr\u00e9s Alejos)\" data-rl_title=\"Casa RM \/ Interdek (\u00a9 Andr\u00e9s Alejos)\" class=\"rl-gallery-link\" data-rl_caption=\"Casa RM \/ Interdek (\u00a9 Andr\u00e9s Alejos)\" data-rel=\"lightbox-gallery-1\"><img loading=\"lazy\" decoding=\"async\" width=\"150\" height=\"150\" src=\"https:\/\/www.arquimaster.com.ar\/web\/wp-content\/uploads\/2023\/03\/casa_rm_023-150x150.jpg\" class=\"attachment-thumbnail size-thumbnail\" alt=\"Casa RM \/ Interdek\" aria-describedby=\"gallery-1-75510\" \/><\/a>\n\t\t\t<\/div>\n\t\t\t\t<figcaption class='wp-caption-text gallery-caption' id='gallery-1-75510'>\n\t\t\t\tCasa RM \/ Interdek (\u00a9 Andr\u00e9s Alejos)\n\t\t\t\t<\/figcaption><\/figure><figure class='gallery-item'>\n\t\t\t<div class='gallery-icon landscape'>\n\t\t\t\t<a href='https:\/\/www.arquimaster.com.ar\/web\/wp-content\/uploads\/2023\/03\/casa_rm_024.jpg' title=\"Casa RM \/ Interdek (\u00a9 Andr\u00e9s Alejos)\" data-rl_title=\"Casa RM \/ Interdek (\u00a9 Andr\u00e9s Alejos)\" class=\"rl-gallery-link\" data-rl_caption=\"Casa RM \/ Interdek (\u00a9 Andr\u00e9s Alejos)\" data-rel=\"lightbox-gallery-1\"><img loading=\"lazy\" decoding=\"async\" width=\"150\" height=\"150\" src=\"https:\/\/www.arquimaster.com.ar\/web\/wp-content\/uploads\/2023\/03\/casa_rm_024-150x150.jpg\" class=\"attachment-thumbnail size-thumbnail\" alt=\"Casa RM \/ Interdek\" aria-describedby=\"gallery-1-75511\" \/><\/a>\n\t\t\t<\/div>\n\t\t\t\t<figcaption class='wp-caption-text gallery-caption' id='gallery-1-75511'>\n\t\t\t\tCasa RM \/ Interdek (\u00a9 Andr\u00e9s Alejos)\n\t\t\t\t<\/figcaption><\/figure><figure class='gallery-item'>\n\t\t\t<div class='gallery-icon portrait'>\n\t\t\t\t<a href='https:\/\/www.arquimaster.com.ar\/web\/wp-content\/uploads\/2023\/03\/casa_rm_025.jpg' title=\"Casa RM \/ Interdek (\u00a9 Andr\u00e9s Alejos)\" data-rl_title=\"Casa RM \/ Interdek (\u00a9 Andr\u00e9s Alejos)\" class=\"rl-gallery-link\" data-rl_caption=\"Casa RM \/ Interdek (\u00a9 Andr\u00e9s Alejos)\" data-rel=\"lightbox-gallery-1\"><img loading=\"lazy\" decoding=\"async\" width=\"150\" height=\"150\" src=\"https:\/\/www.arquimaster.com.ar\/web\/wp-content\/uploads\/2023\/03\/casa_rm_025-150x150.jpg\" class=\"attachment-thumbnail size-thumbnail\" alt=\"Casa RM \/ Interdek\" aria-describedby=\"gallery-1-75512\" \/><\/a>\n\t\t\t<\/div>\n\t\t\t\t<figcaption class='wp-caption-text gallery-caption' id='gallery-1-75512'>\n\t\t\t\tCasa RM \/ Interdek (\u00a9 Andr\u00e9s Alejos)\n\t\t\t\t<\/figcaption><\/figure><figure class='gallery-item'>\n\t\t\t<div class='gallery-icon portrait'>\n\t\t\t\t<a href='https:\/\/www.arquimaster.com.ar\/web\/wp-content\/uploads\/2023\/03\/casa_rm_026.jpg' title=\"Casa RM \/ Interdek (\u00a9 Andr\u00e9s Alejos)\" data-rl_title=\"Casa RM \/ Interdek (\u00a9 Andr\u00e9s Alejos)\" class=\"rl-gallery-link\" data-rl_caption=\"Casa RM \/ Interdek (\u00a9 Andr\u00e9s Alejos)\" data-rel=\"lightbox-gallery-1\"><img loading=\"lazy\" decoding=\"async\" width=\"150\" height=\"150\" src=\"https:\/\/www.arquimaster.com.ar\/web\/wp-content\/uploads\/2023\/03\/casa_rm_026-150x150.jpg\" class=\"attachment-thumbnail size-thumbnail\" alt=\"Casa RM \/ Interdek\" aria-describedby=\"gallery-1-75513\" \/><\/a>\n\t\t\t<\/div>\n\t\t\t\t<figcaption class='wp-caption-text gallery-caption' id='gallery-1-75513'>\n\t\t\t\tCasa RM \/ Interdek (\u00a9 Andr\u00e9s Alejos)\n\t\t\t\t<\/figcaption><\/figure><figure class='gallery-item'>\n\t\t\t<div class='gallery-icon portrait'>\n\t\t\t\t<a href='https:\/\/www.arquimaster.com.ar\/web\/wp-content\/uploads\/2023\/03\/casa_rm_027.jpg' title=\"Casa RM \/ Interdek (\u00a9 Andr\u00e9s Alejos)\" data-rl_title=\"Casa RM \/ Interdek (\u00a9 Andr\u00e9s Alejos)\" class=\"rl-gallery-link\" data-rl_caption=\"Casa RM \/ Interdek (\u00a9 Andr\u00e9s Alejos)\" data-rel=\"lightbox-gallery-1\"><img loading=\"lazy\" decoding=\"async\" width=\"150\" height=\"150\" src=\"https:\/\/www.arquimaster.com.ar\/web\/wp-content\/uploads\/2023\/03\/casa_rm_027-150x150.jpg\" class=\"attachment-thumbnail size-thumbnail\" alt=\"Casa RM \/ Interdek\" aria-describedby=\"gallery-1-75514\" \/><\/a>\n\t\t\t<\/div>\n\t\t\t\t<figcaption class='wp-caption-text gallery-caption' id='gallery-1-75514'>\n\t\t\t\tCasa RM \/ Interdek (\u00a9 Andr\u00e9s Alejos)\n\t\t\t\t<\/figcaption><\/figure><figure class='gallery-item'>\n\t\t\t<div class='gallery-icon portrait'>\n\t\t\t\t<a href='https:\/\/www.arquimaster.com.ar\/web\/wp-content\/uploads\/2023\/03\/casa_rm_028.jpg' title=\"Casa RM \/ Interdek (\u00a9 Andr\u00e9s Alejos)\" data-rl_title=\"Casa RM \/ Interdek (\u00a9 Andr\u00e9s Alejos)\" class=\"rl-gallery-link\" data-rl_caption=\"Casa RM \/ Interdek (\u00a9 Andr\u00e9s Alejos)\" data-rel=\"lightbox-gallery-1\"><img loading=\"lazy\" decoding=\"async\" width=\"150\" height=\"150\" src=\"https:\/\/www.arquimaster.com.ar\/web\/wp-content\/uploads\/2023\/03\/casa_rm_028-150x150.jpg\" class=\"attachment-thumbnail size-thumbnail\" alt=\"Casa RM \/ Interdek\" aria-describedby=\"gallery-1-75515\" \/><\/a>\n\t\t\t<\/div>\n\t\t\t\t<figcaption class='wp-caption-text gallery-caption' id='gallery-1-75515'>\n\t\t\t\tCasa RM \/ Interdek (\u00a9 Andr\u00e9s Alejos)\n\t\t\t\t<\/figcaption><\/figure><figure class='gallery-item'>\n\t\t\t<div class='gallery-icon landscape'>\n\t\t\t\t<a href='https:\/\/www.arquimaster.com.ar\/web\/wp-content\/uploads\/2023\/03\/casa_rm_029.jpg' title=\"Casa RM \/ Interdek (\u00a9 Andr\u00e9s Alejos)\" data-rl_title=\"Casa RM \/ Interdek (\u00a9 Andr\u00e9s Alejos)\" class=\"rl-gallery-link\" data-rl_caption=\"Casa RM \/ Interdek (\u00a9 Andr\u00e9s Alejos)\" data-rel=\"lightbox-gallery-1\"><img loading=\"lazy\" decoding=\"async\" width=\"150\" height=\"150\" src=\"https:\/\/www.arquimaster.com.ar\/web\/wp-content\/uploads\/2023\/03\/casa_rm_029-150x150.jpg\" class=\"attachment-thumbnail size-thumbnail\" alt=\"Casa RM \/ Interdek\" aria-describedby=\"gallery-1-75516\" \/><\/a>\n\t\t\t<\/div>\n\t\t\t\t<figcaption class='wp-caption-text gallery-caption' id='gallery-1-75516'>\n\t\t\t\tCasa RM \/ Interdek (\u00a9 Andr\u00e9s Alejos)\n\t\t\t\t<\/figcaption><\/figure><figure class='gallery-item'>\n\t\t\t<div class='gallery-icon portrait'>\n\t\t\t\t<a href='https:\/\/www.arquimaster.com.ar\/web\/wp-content\/uploads\/2023\/03\/casa_rm_030.jpg' title=\"Casa RM \/ Interdek (\u00a9 Andr\u00e9s Alejos)\" data-rl_title=\"Casa RM \/ Interdek (\u00a9 Andr\u00e9s Alejos)\" class=\"rl-gallery-link\" data-rl_caption=\"Casa RM \/ Interdek (\u00a9 Andr\u00e9s Alejos)\" data-rel=\"lightbox-gallery-1\"><img loading=\"lazy\" decoding=\"async\" width=\"150\" height=\"150\" src=\"https:\/\/www.arquimaster.com.ar\/web\/wp-content\/uploads\/2023\/03\/casa_rm_030-150x150.jpg\" class=\"attachment-thumbnail size-thumbnail\" alt=\"Casa RM \/ Interdek\" aria-describedby=\"gallery-1-75517\" \/><\/a>\n\t\t\t<\/div>\n\t\t\t\t<figcaption class='wp-caption-text gallery-caption' id='gallery-1-75517'>\n\t\t\t\tCasa RM \/ Interdek (\u00a9 Andr\u00e9s Alejos)\n\t\t\t\t<\/figcaption><\/figure><figure class='gallery-item'>\n\t\t\t<div class='gallery-icon portrait'>\n\t\t\t\t<a href='https:\/\/www.arquimaster.com.ar\/web\/wp-content\/uploads\/2023\/03\/casa_rm_031.jpg' title=\"Casa RM \/ Interdek (\u00a9 Andr\u00e9s Alejos)\" data-rl_title=\"Casa RM \/ Interdek (\u00a9 Andr\u00e9s Alejos)\" class=\"rl-gallery-link\" data-rl_caption=\"Casa RM \/ Interdek (\u00a9 Andr\u00e9s Alejos)\" data-rel=\"lightbox-gallery-1\"><img loading=\"lazy\" decoding=\"async\" width=\"150\" height=\"150\" src=\"https:\/\/www.arquimaster.com.ar\/web\/wp-content\/uploads\/2023\/03\/casa_rm_031-150x150.jpg\" class=\"attachment-thumbnail size-thumbnail\" alt=\"Casa RM \/ Interdek\" aria-describedby=\"gallery-1-75518\" \/><\/a>\n\t\t\t<\/div>\n\t\t\t\t<figcaption class='wp-caption-text gallery-caption' id='gallery-1-75518'>\n\t\t\t\tCasa RM \/ Interdek (\u00a9 Andr\u00e9s Alejos)\n\t\t\t\t<\/figcaption><\/figure><figure class='gallery-item'>\n\t\t\t<div class='gallery-icon portrait'>\n\t\t\t\t<a href='https:\/\/www.arquimaster.com.ar\/web\/wp-content\/uploads\/2023\/03\/casa_rm_032.jpg' title=\"Casa RM \/ Interdek (\u00a9 Andr\u00e9s Alejos)\" data-rl_title=\"Casa RM \/ Interdek (\u00a9 Andr\u00e9s Alejos)\" class=\"rl-gallery-link\" data-rl_caption=\"Casa RM \/ Interdek (\u00a9 Andr\u00e9s Alejos)\" data-rel=\"lightbox-gallery-1\"><img loading=\"lazy\" decoding=\"async\" width=\"150\" height=\"150\" src=\"https:\/\/www.arquimaster.com.ar\/web\/wp-content\/uploads\/2023\/03\/casa_rm_032-150x150.jpg\" class=\"attachment-thumbnail size-thumbnail\" alt=\"Casa RM \/ Interdek\" aria-describedby=\"gallery-1-75519\" \/><\/a>\n\t\t\t<\/div>\n\t\t\t\t<figcaption class='wp-caption-text gallery-caption' id='gallery-1-75519'>\n\t\t\t\tCasa RM \/ Interdek (\u00a9 Andr\u00e9s Alejos)\n\t\t\t\t<\/figcaption><\/figure><figure class='gallery-item'>\n\t\t\t<div class='gallery-icon portrait'>\n\t\t\t\t<a href='https:\/\/www.arquimaster.com.ar\/web\/wp-content\/uploads\/2023\/03\/casa_rm_033.jpg' title=\"Casa RM \/ Interdek (\u00a9 Andr\u00e9s Alejos)\" data-rl_title=\"Casa RM \/ Interdek (\u00a9 Andr\u00e9s Alejos)\" class=\"rl-gallery-link\" data-rl_caption=\"Casa RM \/ Interdek (\u00a9 Andr\u00e9s Alejos)\" data-rel=\"lightbox-gallery-1\"><img loading=\"lazy\" decoding=\"async\" width=\"150\" height=\"150\" src=\"https:\/\/www.arquimaster.com.ar\/web\/wp-content\/uploads\/2023\/03\/casa_rm_033-150x150.jpg\" class=\"attachment-thumbnail size-thumbnail\" alt=\"Casa RM \/ Interdek\" aria-describedby=\"gallery-1-75520\" \/><\/a>\n\t\t\t<\/div>\n\t\t\t\t<figcaption class='wp-caption-text gallery-caption' id='gallery-1-75520'>\n\t\t\t\tCasa RM \/ Interdek (\u00a9 Andr\u00e9s Alejos)\n\t\t\t\t<\/figcaption><\/figure><figure class='gallery-item'>\n\t\t\t<div class='gallery-icon portrait'>\n\t\t\t\t<a href='https:\/\/www.arquimaster.com.ar\/web\/wp-content\/uploads\/2023\/03\/casa_rm_034.jpg' title=\"Casa RM \/ Interdek (\u00a9 Andr\u00e9s Alejos)\" data-rl_title=\"Casa RM \/ Interdek (\u00a9 Andr\u00e9s Alejos)\" class=\"rl-gallery-link\" data-rl_caption=\"Casa RM \/ Interdek (\u00a9 Andr\u00e9s Alejos)\" data-rel=\"lightbox-gallery-1\"><img loading=\"lazy\" decoding=\"async\" width=\"150\" height=\"150\" src=\"https:\/\/www.arquimaster.com.ar\/web\/wp-content\/uploads\/2023\/03\/casa_rm_034-150x150.jpg\" class=\"attachment-thumbnail size-thumbnail\" alt=\"Casa RM \/ Interdek\" aria-describedby=\"gallery-1-75521\" \/><\/a>\n\t\t\t<\/div>\n\t\t\t\t<figcaption class='wp-caption-text gallery-caption' id='gallery-1-75521'>\n\t\t\t\tCasa RM \/ Interdek (\u00a9 Andr\u00e9s Alejos)\n\t\t\t\t<\/figcaption><\/figure><figure class='gallery-item'>\n\t\t\t<div class='gallery-icon portrait'>\n\t\t\t\t<a href='https:\/\/www.arquimaster.com.ar\/web\/wp-content\/uploads\/2023\/03\/casa_rm_035.jpg' title=\"Casa RM \/ Interdek (\u00a9 Andr\u00e9s Alejos)\" data-rl_title=\"Casa RM \/ Interdek (\u00a9 Andr\u00e9s Alejos)\" class=\"rl-gallery-link\" data-rl_caption=\"Casa RM \/ Interdek (\u00a9 Andr\u00e9s Alejos)\" data-rel=\"lightbox-gallery-1\"><img loading=\"lazy\" decoding=\"async\" width=\"150\" height=\"150\" src=\"https:\/\/www.arquimaster.com.ar\/web\/wp-content\/uploads\/2023\/03\/casa_rm_035-150x150.jpg\" class=\"attachment-thumbnail size-thumbnail\" alt=\"Casa RM \/ Interdek\" aria-describedby=\"gallery-1-75522\" \/><\/a>\n\t\t\t<\/div>\n\t\t\t\t<figcaption class='wp-caption-text gallery-caption' id='gallery-1-75522'>\n\t\t\t\tCasa RM \/ Interdek (\u00a9 Andr\u00e9s Alejos)\n\t\t\t\t<\/figcaption><\/figure><figure class='gallery-item'>\n\t\t\t<div class='gallery-icon portrait'>\n\t\t\t\t<a href='https:\/\/www.arquimaster.com.ar\/web\/wp-content\/uploads\/2023\/03\/casa_rm_043.jpg' title=\"Casa RM \/ Interdek (\u00a9 Andr\u00e9s Alejos)\" data-rl_title=\"Casa RM \/ Interdek (\u00a9 Andr\u00e9s Alejos)\" class=\"rl-gallery-link\" data-rl_caption=\"Casa RM \/ Interdek (\u00a9 Andr\u00e9s Alejos)\" data-rel=\"lightbox-gallery-1\"><img loading=\"lazy\" decoding=\"async\" width=\"150\" height=\"150\" src=\"https:\/\/www.arquimaster.com.ar\/web\/wp-content\/uploads\/2023\/03\/casa_rm_043-150x150.jpg\" class=\"attachment-thumbnail size-thumbnail\" alt=\"Casa RM \/ Interdek\" aria-describedby=\"gallery-1-75530\" \/><\/a>\n\t\t\t<\/div>\n\t\t\t\t<figcaption class='wp-caption-text gallery-caption' id='gallery-1-75530'>\n\t\t\t\tCasa RM \/ Interdek (\u00a9 Andr\u00e9s Alejos)\n\t\t\t\t<\/figcaption><\/figure>\n\t\t<\/div>\n\n<p>El gran chef, vivi\u00f3 mayor parte de su vida en Nueva York, el hoy vuelve a sus ra\u00edces en M\u00e9xico en Mazatl\u00e1n, ah\u00ed fue donde Interdek encontr\u00f3 la inspiraci\u00f3n en el alma vibrante y glamourosa de la gran manzana fusionado con la playa.<\/p>\n<p><strong>Balance<\/strong><br>Este estilo \u00fanico nos llev\u00f3 a experimentar y jugar con materiales una y otra vez hasta llegar al punto de equilibrio y confort. As\u00ed fue como llegamos a la selecci\u00f3n de materiales naturales como el barro, el bejuco, el vidrio, madera s\u00f3lida como la rosa morada, m\u00e1rmoles y granitos que poseen texturas y colores originales, los cuales se fueron fusionando y creando estilos \u00fanicos con textiles brillantes como la tapicer\u00eda velvet en tonos azules y rosas. Toques met\u00e1licos dorados en herrajes, l\u00e1mparas y estructuras.<\/p>\n<p>Una de las necesidades primordiales del usuario era generar un \u00e1rea para bar, donde pudiera preparar ex\u00f3ticas bebidas y crear contenido para redes sociales, as\u00ed como un espacio para sus invitados, por lo que optamos por que formara parte del remate visual de ingreso, ubicamos el bar hasta el muro de fondo en la parte derecha de la casa, complementado con un respaldo de muro forrado de espejo avejentado.<\/p>\n<div id='gallery-2' class='gallery galleryid-75486 gallery-columns-3 gallery-size-thumbnail'><figure class='gallery-item'>\n\t\t\t<div class='gallery-icon portrait'>\n\t\t\t\t<a href='https:\/\/www.arquimaster.com.ar\/web\/wp-content\/uploads\/2023\/03\/casa_rm_046.jpg' title=\"Casa RM \/ Interdek (\u00a9 Andr\u00e9s Alejos)\" data-rl_title=\"Casa RM \/ Interdek (\u00a9 Andr\u00e9s Alejos)\" class=\"rl-gallery-link\" data-rl_caption=\"Casa RM \/ Interdek (\u00a9 Andr\u00e9s Alejos)\" data-rel=\"lightbox-gallery-2\"><img loading=\"lazy\" decoding=\"async\" width=\"150\" height=\"150\" src=\"https:\/\/www.arquimaster.com.ar\/web\/wp-content\/uploads\/2023\/03\/casa_rm_046-150x150.jpg\" class=\"attachment-thumbnail size-thumbnail\" alt=\"Casa RM \/ Interdek\" aria-describedby=\"gallery-2-75533\" \/><\/a>\n\t\t\t<\/div>\n\t\t\t\t<figcaption class='wp-caption-text gallery-caption' id='gallery-2-75533'>\n\t\t\t\tCasa RM \/ Interdek (\u00a9 Andr\u00e9s Alejos)\n\t\t\t\t<\/figcaption><\/figure><figure class='gallery-item'>\n\t\t\t<div class='gallery-icon portrait'>\n\t\t\t\t<a href='https:\/\/www.arquimaster.com.ar\/web\/wp-content\/uploads\/2023\/03\/casa_rm_036.jpg' title=\"Casa RM \/ Interdek (\u00a9 Andr\u00e9s Alejos)\" data-rl_title=\"Casa RM \/ Interdek (\u00a9 Andr\u00e9s Alejos)\" class=\"rl-gallery-link\" data-rl_caption=\"Casa RM \/ Interdek (\u00a9 Andr\u00e9s Alejos)\" data-rel=\"lightbox-gallery-2\"><img loading=\"lazy\" decoding=\"async\" width=\"150\" height=\"150\" src=\"https:\/\/www.arquimaster.com.ar\/web\/wp-content\/uploads\/2023\/03\/casa_rm_036-150x150.jpg\" class=\"attachment-thumbnail size-thumbnail\" alt=\"Casa RM \/ Interdek\" aria-describedby=\"gallery-2-75523\" \/><\/a>\n\t\t\t<\/div>\n\t\t\t\t<figcaption class='wp-caption-text gallery-caption' id='gallery-2-75523'>\n\t\t\t\tCasa RM \/ Interdek (\u00a9 Andr\u00e9s Alejos)\n\t\t\t\t<\/figcaption><\/figure><figure class='gallery-item'>\n\t\t\t<div class='gallery-icon portrait'>\n\t\t\t\t<a href='https:\/\/www.arquimaster.com.ar\/web\/wp-content\/uploads\/2023\/03\/casa_rm_037.jpg' title=\"Casa RM \/ Interdek (\u00a9 Andr\u00e9s Alejos)\" data-rl_title=\"Casa RM \/ Interdek (\u00a9 Andr\u00e9s Alejos)\" class=\"rl-gallery-link\" data-rl_caption=\"Casa RM \/ Interdek (\u00a9 Andr\u00e9s Alejos)\" data-rel=\"lightbox-gallery-2\"><img loading=\"lazy\" decoding=\"async\" width=\"150\" height=\"150\" src=\"https:\/\/www.arquimaster.com.ar\/web\/wp-content\/uploads\/2023\/03\/casa_rm_037-150x150.jpg\" class=\"attachment-thumbnail size-thumbnail\" alt=\"Casa RM \/ Interdek\" aria-describedby=\"gallery-2-75524\" \/><\/a>\n\t\t\t<\/div>\n\t\t\t\t<figcaption class='wp-caption-text gallery-caption' id='gallery-2-75524'>\n\t\t\t\tCasa RM \/ Interdek (\u00a9 Andr\u00e9s Alejos)\n\t\t\t\t<\/figcaption><\/figure><figure class='gallery-item'>\n\t\t\t<div class='gallery-icon portrait'>\n\t\t\t\t<a href='https:\/\/www.arquimaster.com.ar\/web\/wp-content\/uploads\/2023\/03\/casa_rm_038.jpg' title=\"Casa RM \/ Interdek (\u00a9 Andr\u00e9s Alejos)\" data-rl_title=\"Casa RM \/ Interdek (\u00a9 Andr\u00e9s Alejos)\" class=\"rl-gallery-link\" data-rl_caption=\"Casa RM \/ Interdek (\u00a9 Andr\u00e9s Alejos)\" data-rel=\"lightbox-gallery-2\"><img loading=\"lazy\" decoding=\"async\" width=\"150\" height=\"150\" src=\"https:\/\/www.arquimaster.com.ar\/web\/wp-content\/uploads\/2023\/03\/casa_rm_038-150x150.jpg\" class=\"attachment-thumbnail size-thumbnail\" alt=\"Casa RM \/ Interdek\" aria-describedby=\"gallery-2-75525\" \/><\/a>\n\t\t\t<\/div>\n\t\t\t\t<figcaption class='wp-caption-text gallery-caption' id='gallery-2-75525'>\n\t\t\t\tCasa RM \/ Interdek (\u00a9 Andr\u00e9s Alejos)\n\t\t\t\t<\/figcaption><\/figure><figure class='gallery-item'>\n\t\t\t<div class='gallery-icon portrait'>\n\t\t\t\t<a href='https:\/\/www.arquimaster.com.ar\/web\/wp-content\/uploads\/2023\/03\/casa_rm_039.jpg' title=\"Casa RM \/ Interdek (\u00a9 Andr\u00e9s Alejos)\" data-rl_title=\"Casa RM \/ Interdek (\u00a9 Andr\u00e9s Alejos)\" class=\"rl-gallery-link\" data-rl_caption=\"Casa RM \/ Interdek (\u00a9 Andr\u00e9s Alejos)\" data-rel=\"lightbox-gallery-2\"><img loading=\"lazy\" decoding=\"async\" width=\"150\" height=\"150\" src=\"https:\/\/www.arquimaster.com.ar\/web\/wp-content\/uploads\/2023\/03\/casa_rm_039-150x150.jpg\" class=\"attachment-thumbnail size-thumbnail\" alt=\"Casa RM \/ Interdek\" aria-describedby=\"gallery-2-75526\" \/><\/a>\n\t\t\t<\/div>\n\t\t\t\t<figcaption class='wp-caption-text gallery-caption' id='gallery-2-75526'>\n\t\t\t\tCasa RM \/ Interdek (\u00a9 Andr\u00e9s Alejos)\n\t\t\t\t<\/figcaption><\/figure><figure class='gallery-item'>\n\t\t\t<div class='gallery-icon portrait'>\n\t\t\t\t<a href='https:\/\/www.arquimaster.com.ar\/web\/wp-content\/uploads\/2023\/03\/casa_rm_040.jpg' title=\"Casa RM \/ Interdek (\u00a9 Andr\u00e9s Alejos)\" data-rl_title=\"Casa RM \/ Interdek (\u00a9 Andr\u00e9s Alejos)\" class=\"rl-gallery-link\" data-rl_caption=\"Casa RM \/ Interdek (\u00a9 Andr\u00e9s Alejos)\" data-rel=\"lightbox-gallery-2\"><img loading=\"lazy\" decoding=\"async\" width=\"150\" height=\"150\" src=\"https:\/\/www.arquimaster.com.ar\/web\/wp-content\/uploads\/2023\/03\/casa_rm_040-150x150.jpg\" class=\"attachment-thumbnail size-thumbnail\" alt=\"Casa RM \/ Interdek\" aria-describedby=\"gallery-2-75527\" \/><\/a>\n\t\t\t<\/div>\n\t\t\t\t<figcaption class='wp-caption-text gallery-caption' id='gallery-2-75527'>\n\t\t\t\tCasa RM \/ Interdek (\u00a9 Andr\u00e9s Alejos)\n\t\t\t\t<\/figcaption><\/figure><figure class='gallery-item'>\n\t\t\t<div class='gallery-icon portrait'>\n\t\t\t\t<a href='https:\/\/www.arquimaster.com.ar\/web\/wp-content\/uploads\/2023\/03\/casa_rm_041.jpg' title=\"Casa RM \/ Interdek (\u00a9 Andr\u00e9s Alejos)\" data-rl_title=\"Casa RM \/ Interdek (\u00a9 Andr\u00e9s Alejos)\" class=\"rl-gallery-link\" data-rl_caption=\"Casa RM \/ Interdek (\u00a9 Andr\u00e9s Alejos)\" data-rel=\"lightbox-gallery-2\"><img loading=\"lazy\" decoding=\"async\" width=\"150\" height=\"150\" src=\"https:\/\/www.arquimaster.com.ar\/web\/wp-content\/uploads\/2023\/03\/casa_rm_041-150x150.jpg\" class=\"attachment-thumbnail size-thumbnail\" alt=\"Casa RM \/ Interdek\" aria-describedby=\"gallery-2-75528\" \/><\/a>\n\t\t\t<\/div>\n\t\t\t\t<figcaption class='wp-caption-text gallery-caption' id='gallery-2-75528'>\n\t\t\t\tCasa RM \/ Interdek (\u00a9 Andr\u00e9s Alejos)\n\t\t\t\t<\/figcaption><\/figure><figure class='gallery-item'>\n\t\t\t<div class='gallery-icon portrait'>\n\t\t\t\t<a href='https:\/\/www.arquimaster.com.ar\/web\/wp-content\/uploads\/2023\/03\/casa_rm_042.jpg' title=\"Casa RM \/ Interdek (\u00a9 Andr\u00e9s Alejos)\" data-rl_title=\"Casa RM \/ Interdek (\u00a9 Andr\u00e9s Alejos)\" class=\"rl-gallery-link\" data-rl_caption=\"Casa RM \/ Interdek (\u00a9 Andr\u00e9s Alejos)\" data-rel=\"lightbox-gallery-2\"><img loading=\"lazy\" decoding=\"async\" width=\"150\" height=\"150\" src=\"https:\/\/www.arquimaster.com.ar\/web\/wp-content\/uploads\/2023\/03\/casa_rm_042-150x150.jpg\" class=\"attachment-thumbnail size-thumbnail\" alt=\"Casa RM \/ Interdek\" aria-describedby=\"gallery-2-75529\" \/><\/a>\n\t\t\t<\/div>\n\t\t\t\t<figcaption class='wp-caption-text gallery-caption' id='gallery-2-75529'>\n\t\t\t\tCasa RM \/ Interdek (\u00a9 Andr\u00e9s Alejos)\n\t\t\t\t<\/figcaption><\/figure><figure class='gallery-item'>\n\t\t\t<div class='gallery-icon landscape'>\n\t\t\t\t<a href='https:\/\/www.arquimaster.com.ar\/web\/wp-content\/uploads\/2023\/03\/casa_rm_044.jpg' title=\"Casa RM \/ Interdek (\u00a9 Andr\u00e9s Alejos)\" data-rl_title=\"Casa RM \/ Interdek (\u00a9 Andr\u00e9s Alejos)\" class=\"rl-gallery-link\" data-rl_caption=\"Casa RM \/ Interdek (\u00a9 Andr\u00e9s Alejos)\" data-rel=\"lightbox-gallery-2\"><img loading=\"lazy\" decoding=\"async\" width=\"150\" height=\"150\" src=\"https:\/\/www.arquimaster.com.ar\/web\/wp-content\/uploads\/2023\/03\/casa_rm_044-150x150.jpg\" class=\"attachment-thumbnail size-thumbnail\" alt=\"Casa RM \/ Interdek\" aria-describedby=\"gallery-2-75531\" \/><\/a>\n\t\t\t<\/div>\n\t\t\t\t<figcaption class='wp-caption-text gallery-caption' id='gallery-2-75531'>\n\t\t\t\tCasa RM \/ Interdek (\u00a9 Andr\u00e9s Alejos)\n\t\t\t\t<\/figcaption><\/figure><figure class='gallery-item'>\n\t\t\t<div class='gallery-icon landscape'>\n\t\t\t\t<a href='https:\/\/www.arquimaster.com.ar\/web\/wp-content\/uploads\/2023\/03\/casa_rm_045.jpg' title=\"Casa RM \/ Interdek (\u00a9 Andr\u00e9s Alejos)\" data-rl_title=\"Casa RM \/ Interdek (\u00a9 Andr\u00e9s Alejos)\" class=\"rl-gallery-link\" data-rl_caption=\"Casa RM \/ Interdek (\u00a9 Andr\u00e9s Alejos)\" data-rel=\"lightbox-gallery-2\"><img loading=\"lazy\" decoding=\"async\" width=\"150\" height=\"150\" src=\"https:\/\/www.arquimaster.com.ar\/web\/wp-content\/uploads\/2023\/03\/casa_rm_045-150x150.jpg\" class=\"attachment-thumbnail size-thumbnail\" alt=\"Casa RM \/ Interdek\" aria-describedby=\"gallery-2-75532\" \/><\/a>\n\t\t\t<\/div>\n\t\t\t\t<figcaption class='wp-caption-text gallery-caption' id='gallery-2-75532'>\n\t\t\t\tCasa RM \/ Interdek (\u00a9 Andr\u00e9s Alejos)\n\t\t\t\t<\/figcaption><\/figure><figure class='gallery-item'>\n\t\t\t<div class='gallery-icon landscape'>\n\t\t\t\t<a href='https:\/\/www.arquimaster.com.ar\/web\/wp-content\/uploads\/2023\/03\/casa_rm_047.jpg' title=\"Casa RM \/ Interdek (\u00a9 Andr\u00e9s Alejos)\" data-rl_title=\"Casa RM \/ Interdek (\u00a9 Andr\u00e9s Alejos)\" class=\"rl-gallery-link\" data-rl_caption=\"Casa RM \/ Interdek (\u00a9 Andr\u00e9s Alejos)\" data-rel=\"lightbox-gallery-2\"><img loading=\"lazy\" decoding=\"async\" width=\"150\" height=\"150\" src=\"https:\/\/www.arquimaster.com.ar\/web\/wp-content\/uploads\/2023\/03\/casa_rm_047-150x150.jpg\" class=\"attachment-thumbnail size-thumbnail\" alt=\"Casa RM \/ Interdek\" aria-describedby=\"gallery-2-75534\" \/><\/a>\n\t\t\t<\/div>\n\t\t\t\t<figcaption class='wp-caption-text gallery-caption' id='gallery-2-75534'>\n\t\t\t\tCasa RM \/ Interdek (\u00a9 Andr\u00e9s Alejos)\n\t\t\t\t<\/figcaption><\/figure><figure class='gallery-item'>\n\t\t\t<div class='gallery-icon landscape'>\n\t\t\t\t<a href='https:\/\/www.arquimaster.com.ar\/web\/wp-content\/uploads\/2023\/03\/casa_rm_048.jpg' title=\"Casa RM \/ Interdek (\u00a9 Andr\u00e9s Alejos)\" data-rl_title=\"Casa RM \/ Interdek (\u00a9 Andr\u00e9s Alejos)\" class=\"rl-gallery-link\" data-rl_caption=\"Casa RM \/ Interdek (\u00a9 Andr\u00e9s Alejos)\" data-rel=\"lightbox-gallery-2\"><img loading=\"lazy\" decoding=\"async\" width=\"150\" height=\"150\" src=\"https:\/\/www.arquimaster.com.ar\/web\/wp-content\/uploads\/2023\/03\/casa_rm_048-150x150.jpg\" class=\"attachment-thumbnail size-thumbnail\" alt=\"Casa RM \/ Interdek\" aria-describedby=\"gallery-2-75535\" \/><\/a>\n\t\t\t<\/div>\n\t\t\t\t<figcaption class='wp-caption-text gallery-caption' id='gallery-2-75535'>\n\t\t\t\tCasa RM \/ Interdek (\u00a9 Andr\u00e9s Alejos)\n\t\t\t\t<\/figcaption><\/figure><figure class='gallery-item'>\n\t\t\t<div class='gallery-icon portrait'>\n\t\t\t\t<a href='https:\/\/www.arquimaster.com.ar\/web\/wp-content\/uploads\/2023\/03\/casa_rm_049.jpg' title=\"Casa RM \/ Interdek (\u00a9 Andr\u00e9s Alejos)\" data-rl_title=\"Casa RM \/ Interdek (\u00a9 Andr\u00e9s Alejos)\" class=\"rl-gallery-link\" data-rl_caption=\"Casa RM \/ Interdek (\u00a9 Andr\u00e9s Alejos)\" data-rel=\"lightbox-gallery-2\"><img loading=\"lazy\" decoding=\"async\" width=\"150\" height=\"150\" src=\"https:\/\/www.arquimaster.com.ar\/web\/wp-content\/uploads\/2023\/03\/casa_rm_049-150x150.jpg\" class=\"attachment-thumbnail size-thumbnail\" alt=\"Casa RM \/ Interdek\" aria-describedby=\"gallery-2-75536\" \/><\/a>\n\t\t\t<\/div>\n\t\t\t\t<figcaption class='wp-caption-text gallery-caption' id='gallery-2-75536'>\n\t\t\t\tCasa RM \/ Interdek (\u00a9 Andr\u00e9s Alejos)\n\t\t\t\t<\/figcaption><\/figure><figure class='gallery-item'>\n\t\t\t<div class='gallery-icon portrait'>\n\t\t\t\t<a href='https:\/\/www.arquimaster.com.ar\/web\/wp-content\/uploads\/2023\/03\/casa_rm_050.jpg' title=\"Casa RM \/ Interdek (\u00a9 Andr\u00e9s Alejos)\" data-rl_title=\"Casa RM \/ Interdek (\u00a9 Andr\u00e9s Alejos)\" class=\"rl-gallery-link\" data-rl_caption=\"Casa RM \/ Interdek (\u00a9 Andr\u00e9s Alejos)\" data-rel=\"lightbox-gallery-2\"><img loading=\"lazy\" decoding=\"async\" width=\"150\" height=\"150\" src=\"https:\/\/www.arquimaster.com.ar\/web\/wp-content\/uploads\/2023\/03\/casa_rm_050-150x150.jpg\" class=\"attachment-thumbnail size-thumbnail\" alt=\"Casa RM \/ Interdek\" aria-describedby=\"gallery-2-75537\" \/><\/a>\n\t\t\t<\/div>\n\t\t\t\t<figcaption class='wp-caption-text gallery-caption' id='gallery-2-75537'>\n\t\t\t\tCasa RM \/ Interdek (\u00a9 Andr\u00e9s Alejos)\n\t\t\t\t<\/figcaption><\/figure><figure class='gallery-item'>\n\t\t\t<div class='gallery-icon portrait'>\n\t\t\t\t<a href='https:\/\/www.arquimaster.com.ar\/web\/wp-content\/uploads\/2023\/03\/casa_rm_051.jpg' title=\"Casa RM \/ Interdek (\u00a9 Andr\u00e9s Alejos)\" data-rl_title=\"Casa RM \/ Interdek (\u00a9 Andr\u00e9s Alejos)\" class=\"rl-gallery-link\" data-rl_caption=\"Casa RM \/ Interdek (\u00a9 Andr\u00e9s Alejos)\" data-rel=\"lightbox-gallery-2\"><img loading=\"lazy\" decoding=\"async\" width=\"150\" height=\"150\" src=\"https:\/\/www.arquimaster.com.ar\/web\/wp-content\/uploads\/2023\/03\/casa_rm_051-150x150.jpg\" class=\"attachment-thumbnail size-thumbnail\" alt=\"Casa RM \/ Interdek\" aria-describedby=\"gallery-2-75538\" \/><\/a>\n\t\t\t<\/div>\n\t\t\t\t<figcaption class='wp-caption-text gallery-caption' id='gallery-2-75538'>\n\t\t\t\tCasa RM \/ Interdek (\u00a9 Andr\u00e9s Alejos)\n\t\t\t\t<\/figcaption><\/figure><figure class='gallery-item'>\n\t\t\t<div class='gallery-icon portrait'>\n\t\t\t\t<a href='https:\/\/www.arquimaster.com.ar\/web\/wp-content\/uploads\/2023\/03\/casa_rm_052.jpg' title=\"Casa RM \/ Interdek (\u00a9 Andr\u00e9s Alejos)\" data-rl_title=\"Casa RM \/ Interdek (\u00a9 Andr\u00e9s Alejos)\" class=\"rl-gallery-link\" data-rl_caption=\"Casa RM \/ Interdek (\u00a9 Andr\u00e9s Alejos)\" data-rel=\"lightbox-gallery-2\"><img loading=\"lazy\" decoding=\"async\" width=\"150\" height=\"150\" src=\"https:\/\/www.arquimaster.com.ar\/web\/wp-content\/uploads\/2023\/03\/casa_rm_052-150x150.jpg\" class=\"attachment-thumbnail size-thumbnail\" alt=\"Casa RM \/ Interdek\" aria-describedby=\"gallery-2-75539\" \/><\/a>\n\t\t\t<\/div>\n\t\t\t\t<figcaption class='wp-caption-text gallery-caption' id='gallery-2-75539'>\n\t\t\t\tCasa RM \/ Interdek (\u00a9 Andr\u00e9s Alejos)\n\t\t\t\t<\/figcaption><\/figure><figure class='gallery-item'>\n\t\t\t<div class='gallery-icon portrait'>\n\t\t\t\t<a href='https:\/\/www.arquimaster.com.ar\/web\/wp-content\/uploads\/2023\/03\/casa_rm_053.jpg' title=\"Casa RM \/ Interdek (\u00a9 Andr\u00e9s Alejos)\" data-rl_title=\"Casa RM \/ Interdek (\u00a9 Andr\u00e9s Alejos)\" class=\"rl-gallery-link\" data-rl_caption=\"Casa RM \/ Interdek (\u00a9 Andr\u00e9s Alejos)\" data-rel=\"lightbox-gallery-2\"><img loading=\"lazy\" decoding=\"async\" width=\"150\" height=\"150\" src=\"https:\/\/www.arquimaster.com.ar\/web\/wp-content\/uploads\/2023\/03\/casa_rm_053-150x150.jpg\" class=\"attachment-thumbnail size-thumbnail\" alt=\"Casa RM \/ Interdek\" aria-describedby=\"gallery-2-75540\" \/><\/a>\n\t\t\t<\/div>\n\t\t\t\t<figcaption class='wp-caption-text gallery-caption' id='gallery-2-75540'>\n\t\t\t\tCasa RM \/ Interdek (\u00a9 Andr\u00e9s Alejos)\n\t\t\t\t<\/figcaption><\/figure><figure class='gallery-item'>\n\t\t\t<div class='gallery-icon portrait'>\n\t\t\t\t<a href='https:\/\/www.arquimaster.com.ar\/web\/wp-content\/uploads\/2023\/03\/casa_rm_054.jpg' title=\"Casa RM \/ Interdek (\u00a9 Andr\u00e9s Alejos)\" data-rl_title=\"Casa RM \/ Interdek (\u00a9 Andr\u00e9s Alejos)\" class=\"rl-gallery-link\" data-rl_caption=\"Casa RM \/ Interdek (\u00a9 Andr\u00e9s Alejos)\" data-rel=\"lightbox-gallery-2\"><img loading=\"lazy\" decoding=\"async\" width=\"150\" height=\"150\" src=\"https:\/\/www.arquimaster.com.ar\/web\/wp-content\/uploads\/2023\/03\/casa_rm_054-150x150.jpg\" class=\"attachment-thumbnail size-thumbnail\" alt=\"Casa RM \/ Interdek\" aria-describedby=\"gallery-2-75541\" \/><\/a>\n\t\t\t<\/div>\n\t\t\t\t<figcaption class='wp-caption-text gallery-caption' id='gallery-2-75541'>\n\t\t\t\tCasa RM \/ Interdek (\u00a9 Andr\u00e9s Alejos)\n\t\t\t\t<\/figcaption><\/figure><figure class='gallery-item'>\n\t\t\t<div class='gallery-icon portrait'>\n\t\t\t\t<a href='https:\/\/www.arquimaster.com.ar\/web\/wp-content\/uploads\/2023\/03\/casa_rm_055.jpg' title=\"Casa RM \/ Interdek (\u00a9 Andr\u00e9s Alejos)\" data-rl_title=\"Casa RM \/ Interdek (\u00a9 Andr\u00e9s Alejos)\" class=\"rl-gallery-link\" data-rl_caption=\"Casa RM \/ Interdek (\u00a9 Andr\u00e9s Alejos)\" data-rel=\"lightbox-gallery-2\"><img loading=\"lazy\" decoding=\"async\" width=\"150\" height=\"150\" src=\"https:\/\/www.arquimaster.com.ar\/web\/wp-content\/uploads\/2023\/03\/casa_rm_055-150x150.jpg\" class=\"attachment-thumbnail size-thumbnail\" alt=\"Casa RM \/ Interdek\" aria-describedby=\"gallery-2-75542\" \/><\/a>\n\t\t\t<\/div>\n\t\t\t\t<figcaption class='wp-caption-text gallery-caption' id='gallery-2-75542'>\n\t\t\t\tCasa RM \/ Interdek (\u00a9 Andr\u00e9s Alejos)\n\t\t\t\t<\/figcaption><\/figure><figure class='gallery-item'>\n\t\t\t<div class='gallery-icon portrait'>\n\t\t\t\t<a href='https:\/\/www.arquimaster.com.ar\/web\/wp-content\/uploads\/2023\/03\/casa_rm_056.jpg' title=\"Casa RM \/ Interdek (\u00a9 Andr\u00e9s Alejos)\" data-rl_title=\"Casa RM \/ Interdek (\u00a9 Andr\u00e9s Alejos)\" class=\"rl-gallery-link\" data-rl_caption=\"Casa RM \/ Interdek (\u00a9 Andr\u00e9s Alejos)\" data-rel=\"lightbox-gallery-2\"><img loading=\"lazy\" decoding=\"async\" width=\"150\" height=\"150\" src=\"https:\/\/www.arquimaster.com.ar\/web\/wp-content\/uploads\/2023\/03\/casa_rm_056-150x150.jpg\" class=\"attachment-thumbnail size-thumbnail\" alt=\"Casa RM \/ Interdek\" aria-describedby=\"gallery-2-75543\" \/><\/a>\n\t\t\t<\/div>\n\t\t\t\t<figcaption class='wp-caption-text gallery-caption' id='gallery-2-75543'>\n\t\t\t\tCasa RM \/ Interdek (\u00a9 Andr\u00e9s Alejos)\n\t\t\t\t<\/figcaption><\/figure><figure class='gallery-item'>\n\t\t\t<div class='gallery-icon portrait'>\n\t\t\t\t<a href='https:\/\/www.arquimaster.com.ar\/web\/wp-content\/uploads\/2023\/03\/casa_rm_057.jpg' title=\"Casa RM \/ Interdek (\u00a9 Andr\u00e9s Alejos)\" data-rl_title=\"Casa RM \/ Interdek (\u00a9 Andr\u00e9s Alejos)\" class=\"rl-gallery-link\" data-rl_caption=\"Casa RM \/ Interdek (\u00a9 Andr\u00e9s Alejos)\" data-rel=\"lightbox-gallery-2\"><img loading=\"lazy\" decoding=\"async\" width=\"150\" height=\"150\" src=\"https:\/\/www.arquimaster.com.ar\/web\/wp-content\/uploads\/2023\/03\/casa_rm_057-150x150.jpg\" class=\"attachment-thumbnail size-thumbnail\" alt=\"Casa RM \/ Interdek\" aria-describedby=\"gallery-2-75544\" \/><\/a>\n\t\t\t<\/div>\n\t\t\t\t<figcaption class='wp-caption-text gallery-caption' id='gallery-2-75544'>\n\t\t\t\tCasa RM \/ Interdek (\u00a9 Andr\u00e9s Alejos)\n\t\t\t\t<\/figcaption><\/figure><figure class='gallery-item'>\n\t\t\t<div class='gallery-icon portrait'>\n\t\t\t\t<a href='https:\/\/www.arquimaster.com.ar\/web\/wp-content\/uploads\/2023\/03\/casa_rm_058.jpg' title=\"Casa RM \/ Interdek (\u00a9 Andr\u00e9s Alejos)\" data-rl_title=\"Casa RM \/ Interdek (\u00a9 Andr\u00e9s Alejos)\" class=\"rl-gallery-link\" data-rl_caption=\"Casa RM \/ Interdek (\u00a9 Andr\u00e9s Alejos)\" data-rel=\"lightbox-gallery-2\"><img loading=\"lazy\" decoding=\"async\" width=\"150\" height=\"150\" src=\"https:\/\/www.arquimaster.com.ar\/web\/wp-content\/uploads\/2023\/03\/casa_rm_058-150x150.jpg\" class=\"attachment-thumbnail size-thumbnail\" alt=\"Casa RM \/ Interdek\" aria-describedby=\"gallery-2-75545\" \/><\/a>\n\t\t\t<\/div>\n\t\t\t\t<figcaption class='wp-caption-text gallery-caption' id='gallery-2-75545'>\n\t\t\t\tCasa RM \/ Interdek (\u00a9 Andr\u00e9s Alejos)\n\t\t\t\t<\/figcaption><\/figure><figure class='gallery-item'>\n\t\t\t<div class='gallery-icon portrait'>\n\t\t\t\t<a href='https:\/\/www.arquimaster.com.ar\/web\/wp-content\/uploads\/2023\/03\/casa_rm_059.jpg' title=\"Casa RM \/ Interdek (\u00a9 Andr\u00e9s Alejos)\" data-rl_title=\"Casa RM \/ Interdek (\u00a9 Andr\u00e9s Alejos)\" class=\"rl-gallery-link\" data-rl_caption=\"Casa RM \/ Interdek (\u00a9 Andr\u00e9s Alejos)\" data-rel=\"lightbox-gallery-2\"><img loading=\"lazy\" decoding=\"async\" width=\"150\" height=\"150\" src=\"https:\/\/www.arquimaster.com.ar\/web\/wp-content\/uploads\/2023\/03\/casa_rm_059-150x150.jpg\" class=\"attachment-thumbnail size-thumbnail\" alt=\"Casa RM \/ Interdek\" aria-describedby=\"gallery-2-75546\" \/><\/a>\n\t\t\t<\/div>\n\t\t\t\t<figcaption class='wp-caption-text gallery-caption' id='gallery-2-75546'>\n\t\t\t\tCasa RM \/ Interdek (\u00a9 Andr\u00e9s Alejos)\n\t\t\t\t<\/figcaption><\/figure><figure class='gallery-item'>\n\t\t\t<div class='gallery-icon portrait'>\n\t\t\t\t<a href='https:\/\/www.arquimaster.com.ar\/web\/wp-content\/uploads\/2023\/03\/casa_rm_060.jpg' title=\"Casa RM \/ Interdek (\u00a9 Andr\u00e9s Alejos)\" data-rl_title=\"Casa RM \/ Interdek (\u00a9 Andr\u00e9s Alejos)\" class=\"rl-gallery-link\" data-rl_caption=\"Casa RM \/ Interdek (\u00a9 Andr\u00e9s Alejos)\" data-rel=\"lightbox-gallery-2\"><img loading=\"lazy\" decoding=\"async\" width=\"150\" height=\"150\" src=\"https:\/\/www.arquimaster.com.ar\/web\/wp-content\/uploads\/2023\/03\/casa_rm_060-150x150.jpg\" class=\"attachment-thumbnail size-thumbnail\" alt=\"Casa RM \/ Interdek\" aria-describedby=\"gallery-2-75547\" \/><\/a>\n\t\t\t<\/div>\n\t\t\t\t<figcaption class='wp-caption-text gallery-caption' id='gallery-2-75547'>\n\t\t\t\tCasa RM \/ Interdek (\u00a9 Andr\u00e9s Alejos)\n\t\t\t\t<\/figcaption><\/figure><figure class='gallery-item'>\n\t\t\t<div class='gallery-icon landscape'>\n\t\t\t\t<a href='https:\/\/www.arquimaster.com.ar\/web\/wp-content\/uploads\/2023\/03\/casa_rm_061.jpg' title=\"Casa RM \/ Interdek (\u00a9 Andr\u00e9s Alejos)\" data-rl_title=\"Casa RM \/ Interdek (\u00a9 Andr\u00e9s Alejos)\" class=\"rl-gallery-link\" data-rl_caption=\"Casa RM \/ Interdek (\u00a9 Andr\u00e9s Alejos)\" data-rel=\"lightbox-gallery-2\"><img loading=\"lazy\" decoding=\"async\" width=\"150\" height=\"150\" src=\"https:\/\/www.arquimaster.com.ar\/web\/wp-content\/uploads\/2023\/03\/casa_rm_061-150x150.jpg\" class=\"attachment-thumbnail size-thumbnail\" alt=\"Casa RM \/ Interdek\" aria-describedby=\"gallery-2-75548\" \/><\/a>\n\t\t\t<\/div>\n\t\t\t\t<figcaption class='wp-caption-text gallery-caption' id='gallery-2-75548'>\n\t\t\t\tCasa RM \/ Interdek (\u00a9 Andr\u00e9s Alejos)\n\t\t\t\t<\/figcaption><\/figure><figure class='gallery-item'>\n\t\t\t<div class='gallery-icon portrait'>\n\t\t\t\t<a href='https:\/\/www.arquimaster.com.ar\/web\/wp-content\/uploads\/2023\/03\/casa_rm_062.jpg' title=\"Casa RM \/ Interdek (\u00a9 Andr\u00e9s Alejos)\" data-rl_title=\"Casa RM \/ Interdek (\u00a9 Andr\u00e9s Alejos)\" class=\"rl-gallery-link\" data-rl_caption=\"Casa RM \/ Interdek (\u00a9 Andr\u00e9s Alejos)\" data-rel=\"lightbox-gallery-2\"><img loading=\"lazy\" decoding=\"async\" width=\"150\" height=\"150\" src=\"https:\/\/www.arquimaster.com.ar\/web\/wp-content\/uploads\/2023\/03\/casa_rm_062-150x150.jpg\" class=\"attachment-thumbnail size-thumbnail\" alt=\"Casa RM \/ Interdek\" aria-describedby=\"gallery-2-75549\" \/><\/a>\n\t\t\t<\/div>\n\t\t\t\t<figcaption class='wp-caption-text gallery-caption' id='gallery-2-75549'>\n\t\t\t\tCasa RM \/ Interdek (\u00a9 Andr\u00e9s Alejos)\n\t\t\t\t<\/figcaption><\/figure><figure class='gallery-item'>\n\t\t\t<div class='gallery-icon portrait'>\n\t\t\t\t<a href='https:\/\/www.arquimaster.com.ar\/web\/wp-content\/uploads\/2023\/03\/casa_rm_063.jpg' title=\"Casa RM \/ Interdek (\u00a9 Andr\u00e9s Alejos)\" data-rl_title=\"Casa RM \/ Interdek (\u00a9 Andr\u00e9s Alejos)\" class=\"rl-gallery-link\" data-rl_caption=\"Casa RM \/ Interdek (\u00a9 Andr\u00e9s Alejos)\" data-rel=\"lightbox-gallery-2\"><img loading=\"lazy\" decoding=\"async\" width=\"150\" height=\"150\" src=\"https:\/\/www.arquimaster.com.ar\/web\/wp-content\/uploads\/2023\/03\/casa_rm_063-150x150.jpg\" class=\"attachment-thumbnail size-thumbnail\" alt=\"Casa RM \/ Interdek\" aria-describedby=\"gallery-2-75550\" \/><\/a>\n\t\t\t<\/div>\n\t\t\t\t<figcaption class='wp-caption-text gallery-caption' id='gallery-2-75550'>\n\t\t\t\tCasa RM \/ Interdek (\u00a9 Andr\u00e9s Alejos)\n\t\t\t\t<\/figcaption><\/figure><figure class='gallery-item'>\n\t\t\t<div class='gallery-icon landscape'>\n\t\t\t\t<a href='https:\/\/www.arquimaster.com.ar\/web\/wp-content\/uploads\/2023\/03\/casa_rm_064.jpg' title=\"Casa RM \/ Interdek (\u00a9 Andr\u00e9s Alejos)\" data-rl_title=\"Casa RM \/ Interdek (\u00a9 Andr\u00e9s Alejos)\" class=\"rl-gallery-link\" data-rl_caption=\"Casa RM \/ Interdek (\u00a9 Andr\u00e9s Alejos)\" data-rel=\"lightbox-gallery-2\"><img loading=\"lazy\" decoding=\"async\" width=\"150\" height=\"150\" src=\"https:\/\/www.arquimaster.com.ar\/web\/wp-content\/uploads\/2023\/03\/casa_rm_064-150x150.jpg\" class=\"attachment-thumbnail size-thumbnail\" alt=\"Casa RM \/ Interdek\" aria-describedby=\"gallery-2-75551\" \/><\/a>\n\t\t\t<\/div>\n\t\t\t\t<figcaption class='wp-caption-text gallery-caption' id='gallery-2-75551'>\n\t\t\t\tCasa RM \/ Interdek (\u00a9 Andr\u00e9s Alejos)\n\t\t\t\t<\/figcaption><\/figure><figure class='gallery-item'>\n\t\t\t<div class='gallery-icon landscape'>\n\t\t\t\t<a href='https:\/\/www.arquimaster.com.ar\/web\/wp-content\/uploads\/2023\/03\/casa_rm_065.jpg' title=\"Casa RM \/ Interdek (\u00a9 Andr\u00e9s Alejos)\" data-rl_title=\"Casa RM \/ Interdek (\u00a9 Andr\u00e9s Alejos)\" class=\"rl-gallery-link\" data-rl_caption=\"Casa RM \/ Interdek (\u00a9 Andr\u00e9s Alejos)\" data-rel=\"lightbox-gallery-2\"><img loading=\"lazy\" decoding=\"async\" width=\"150\" height=\"150\" src=\"https:\/\/www.arquimaster.com.ar\/web\/wp-content\/uploads\/2023\/03\/casa_rm_065-150x150.jpg\" class=\"attachment-thumbnail size-thumbnail\" alt=\"Casa RM \/ Interdek\" aria-describedby=\"gallery-2-75552\" \/><\/a>\n\t\t\t<\/div>\n\t\t\t\t<figcaption class='wp-caption-text gallery-caption' id='gallery-2-75552'>\n\t\t\t\tCasa RM \/ Interdek (\u00a9 Andr\u00e9s Alejos)\n\t\t\t\t<\/figcaption><\/figure><figure class='gallery-item'>\n\t\t\t<div class='gallery-icon landscape'>\n\t\t\t\t<a href='https:\/\/www.arquimaster.com.ar\/web\/wp-content\/uploads\/2023\/03\/casa_rm_066.jpg' title=\"Casa RM \/ Interdek (\u00a9 Andr\u00e9s Alejos)\" data-rl_title=\"Casa RM \/ Interdek (\u00a9 Andr\u00e9s Alejos)\" class=\"rl-gallery-link\" data-rl_caption=\"Casa RM \/ Interdek (\u00a9 Andr\u00e9s Alejos)\" data-rel=\"lightbox-gallery-2\"><img loading=\"lazy\" decoding=\"async\" width=\"150\" height=\"150\" src=\"https:\/\/www.arquimaster.com.ar\/web\/wp-content\/uploads\/2023\/03\/casa_rm_066-150x150.jpg\" class=\"attachment-thumbnail size-thumbnail\" alt=\"Casa RM \/ Interdek\" aria-describedby=\"gallery-2-75553\" \/><\/a>\n\t\t\t<\/div>\n\t\t\t\t<figcaption class='wp-caption-text gallery-caption' id='gallery-2-75553'>\n\t\t\t\tCasa RM \/ Interdek (\u00a9 Andr\u00e9s Alejos)\n\t\t\t\t<\/figcaption><\/figure><figure class='gallery-item'>\n\t\t\t<div class='gallery-icon landscape'>\n\t\t\t\t<a href='https:\/\/www.arquimaster.com.ar\/web\/wp-content\/uploads\/2023\/03\/casa_rm_067.jpg' title=\"Casa RM \/ Interdek (\u00a9 Andr\u00e9s Alejos)\" data-rl_title=\"Casa RM \/ Interdek (\u00a9 Andr\u00e9s Alejos)\" class=\"rl-gallery-link\" data-rl_caption=\"Casa RM \/ Interdek (\u00a9 Andr\u00e9s Alejos)\" data-rel=\"lightbox-gallery-2\"><img loading=\"lazy\" decoding=\"async\" width=\"150\" height=\"150\" src=\"https:\/\/www.arquimaster.com.ar\/web\/wp-content\/uploads\/2023\/03\/casa_rm_067-150x150.jpg\" class=\"attachment-thumbnail size-thumbnail\" alt=\"Casa RM \/ Interdek\" aria-describedby=\"gallery-2-75554\" \/><\/a>\n\t\t\t<\/div>\n\t\t\t\t<figcaption class='wp-caption-text gallery-caption' id='gallery-2-75554'>\n\t\t\t\tCasa RM \/ Interdek (\u00a9 Andr\u00e9s Alejos)\n\t\t\t\t<\/figcaption><\/figure><figure class='gallery-item'>\n\t\t\t<div class='gallery-icon landscape'>\n\t\t\t\t<a href='https:\/\/www.arquimaster.com.ar\/web\/wp-content\/uploads\/2023\/03\/casa_rm_068.jpg' title=\"Casa RM \/ Interdek (\u00a9 Andr\u00e9s Alejos)\" data-rl_title=\"Casa RM \/ Interdek (\u00a9 Andr\u00e9s Alejos)\" class=\"rl-gallery-link\" data-rl_caption=\"Casa RM \/ Interdek (\u00a9 Andr\u00e9s Alejos)\" data-rel=\"lightbox-gallery-2\"><img loading=\"lazy\" decoding=\"async\" width=\"150\" height=\"150\" src=\"https:\/\/www.arquimaster.com.ar\/web\/wp-content\/uploads\/2023\/03\/casa_rm_068-150x150.jpg\" class=\"attachment-thumbnail size-thumbnail\" alt=\"Casa RM \/ Interdek\" aria-describedby=\"gallery-2-75555\" \/><\/a>\n\t\t\t<\/div>\n\t\t\t\t<figcaption class='wp-caption-text gallery-caption' id='gallery-2-75555'>\n\t\t\t\tCasa RM \/ Interdek (\u00a9 Andr\u00e9s Alejos)\n\t\t\t\t<\/figcaption><\/figure><figure class='gallery-item'>\n\t\t\t<div class='gallery-icon portrait'>\n\t\t\t\t<a href='https:\/\/www.arquimaster.com.ar\/web\/wp-content\/uploads\/2023\/03\/casa_rm_069.jpg' title=\"Casa RM \/ Interdek (\u00a9 Andr\u00e9s Alejos)\" data-rl_title=\"Casa RM \/ Interdek (\u00a9 Andr\u00e9s Alejos)\" class=\"rl-gallery-link\" data-rl_caption=\"Casa RM \/ Interdek (\u00a9 Andr\u00e9s Alejos)\" data-rel=\"lightbox-gallery-2\"><img loading=\"lazy\" decoding=\"async\" width=\"150\" height=\"150\" src=\"https:\/\/www.arquimaster.com.ar\/web\/wp-content\/uploads\/2023\/03\/casa_rm_069-150x150.jpg\" class=\"attachment-thumbnail size-thumbnail\" alt=\"Casa RM \/ Interdek\" aria-describedby=\"gallery-2-75556\" \/><\/a>\n\t\t\t<\/div>\n\t\t\t\t<figcaption class='wp-caption-text gallery-caption' id='gallery-2-75556'>\n\t\t\t\tCasa RM \/ Interdek (\u00a9 Andr\u00e9s Alejos)\n\t\t\t\t<\/figcaption><\/figure><figure class='gallery-item'>\n\t\t\t<div class='gallery-icon landscape'>\n\t\t\t\t<a href='https:\/\/www.arquimaster.com.ar\/web\/wp-content\/uploads\/2023\/03\/casa_rm_070.jpg' title=\"Casa RM \/ Interdek (\u00a9 Andr\u00e9s Alejos)\" data-rl_title=\"Casa RM \/ Interdek (\u00a9 Andr\u00e9s Alejos)\" class=\"rl-gallery-link\" data-rl_caption=\"Casa RM \/ Interdek (\u00a9 Andr\u00e9s Alejos)\" data-rel=\"lightbox-gallery-2\"><img loading=\"lazy\" decoding=\"async\" width=\"150\" height=\"150\" src=\"https:\/\/www.arquimaster.com.ar\/web\/wp-content\/uploads\/2023\/03\/casa_rm_070-150x150.jpg\" class=\"attachment-thumbnail size-thumbnail\" alt=\"Casa RM \/ Interdek\" aria-describedby=\"gallery-2-75557\" \/><\/a>\n\t\t\t<\/div>\n\t\t\t\t<figcaption class='wp-caption-text gallery-caption' id='gallery-2-75557'>\n\t\t\t\tCasa RM \/ Interdek (\u00a9 Andr\u00e9s Alejos)\n\t\t\t\t<\/figcaption><\/figure><figure class='gallery-item'>\n\t\t\t<div class='gallery-icon landscape'>\n\t\t\t\t<a href='https:\/\/www.arquimaster.com.ar\/web\/wp-content\/uploads\/2023\/03\/casa_rm_071.jpg' title=\"Casa RM \/ Interdek (\u00a9 Andr\u00e9s Alejos)\" data-rl_title=\"Casa RM \/ Interdek (\u00a9 Andr\u00e9s Alejos)\" class=\"rl-gallery-link\" data-rl_caption=\"Casa RM \/ Interdek (\u00a9 Andr\u00e9s Alejos)\" data-rel=\"lightbox-gallery-2\"><img loading=\"lazy\" decoding=\"async\" width=\"150\" height=\"150\" src=\"https:\/\/www.arquimaster.com.ar\/web\/wp-content\/uploads\/2023\/03\/casa_rm_071-150x150.jpg\" class=\"attachment-thumbnail size-thumbnail\" alt=\"Casa RM \/ Interdek\" aria-describedby=\"gallery-2-75558\" \/><\/a>\n\t\t\t<\/div>\n\t\t\t\t<figcaption class='wp-caption-text gallery-caption' id='gallery-2-75558'>\n\t\t\t\tCasa RM \/ Interdek (\u00a9 Andr\u00e9s Alejos)\n\t\t\t\t<\/figcaption><\/figure><figure class='gallery-item'>\n\t\t\t<div class='gallery-icon portrait'>\n\t\t\t\t<a href='https:\/\/www.arquimaster.com.ar\/web\/wp-content\/uploads\/2023\/03\/casa_rm_072.jpg' title=\"Casa RM \/ Interdek (\u00a9 Andr\u00e9s Alejos)\" data-rl_title=\"Casa RM \/ Interdek (\u00a9 Andr\u00e9s Alejos)\" class=\"rl-gallery-link\" data-rl_caption=\"Casa RM \/ Interdek (\u00a9 Andr\u00e9s Alejos)\" data-rel=\"lightbox-gallery-2\"><img loading=\"lazy\" decoding=\"async\" width=\"150\" height=\"150\" src=\"https:\/\/www.arquimaster.com.ar\/web\/wp-content\/uploads\/2023\/03\/casa_rm_072-150x150.jpg\" class=\"attachment-thumbnail size-thumbnail\" alt=\"Casa RM \/ Interdek\" aria-describedby=\"gallery-2-75559\" \/><\/a>\n\t\t\t<\/div>\n\t\t\t\t<figcaption class='wp-caption-text gallery-caption' id='gallery-2-75559'>\n\t\t\t\tCasa RM \/ Interdek (\u00a9 Andr\u00e9s Alejos)\n\t\t\t\t<\/figcaption><\/figure>\n\t\t<\/div>\n\n<p>Una barra curva abraza una esquina de la casa para aprovechar el espacio, en color azul, con toques met\u00e1licos dorados y una cubierta de m\u00e1rmol alicante terracota son protagonistas de este espacio.<\/p>\n<p>Se eligieron elementos con curvas como el sof\u00e1 principal de la sala en terciopelo azul, sillones ocasionales con formas curvas en terciopelo cobre y bejuco, y para hacerlo a\u00fan m\u00e1s peculiar, se agregaron un par de columpios colgantes en terciopelo rosa y cadenas doradas que acompa\u00f1an la barra del bar, donde el usuario y sus invitados pueden estar durante horas disfrutando del espacio.<\/p>\n<p><strong>Arte<\/strong><br>El arte fue pieza clave a la hora de dise\u00f1ar esta casa, ya que ciertos espacios se dise\u00f1aron en base a dar protagonismo a algunas piezas como la del comedor y la rec\u00e1mara.<\/p>\n<p>En este proyecto tuvimos el reto de generar espacios din\u00e1micos ya que jugamos con las circulaciones y pasillos org\u00e1nicos. Los muros como remates visuales tienen un acabado de chukum natural y chukum rosa, quer\u00edamos algo que siguiera esta esencia de playa, con muros con texturas naturales y un poco m\u00e1s dram\u00e1ticos, para que acompa\u00f1ara todo el arte y las texturas.<\/p>\n<div id='gallery-3' class='gallery galleryid-75486 gallery-columns-3 gallery-size-thumbnail'><figure class='gallery-item'>\n\t\t\t<div class='gallery-icon landscape'>\n\t\t\t\t<a href='https:\/\/www.arquimaster.com.ar\/web\/wp-content\/uploads\/2023\/03\/casa_rm_073.jpg' title=\"Casa RM \/ Interdek (\u00a9 Andr\u00e9s Alejos)\" data-rl_title=\"Casa RM \/ Interdek (\u00a9 Andr\u00e9s Alejos)\" class=\"rl-gallery-link\" data-rl_caption=\"Casa RM \/ Interdek (\u00a9 Andr\u00e9s Alejos)\" data-rel=\"lightbox-gallery-3\"><img loading=\"lazy\" decoding=\"async\" width=\"150\" height=\"150\" src=\"https:\/\/www.arquimaster.com.ar\/web\/wp-content\/uploads\/2023\/03\/casa_rm_073-150x150.jpg\" class=\"attachment-thumbnail size-thumbnail\" alt=\"Casa RM \/ Interdek\" aria-describedby=\"gallery-3-75560\" \/><\/a>\n\t\t\t<\/div>\n\t\t\t\t<figcaption class='wp-caption-text gallery-caption' id='gallery-3-75560'>\n\t\t\t\tCasa RM \/ Interdek (\u00a9 Andr\u00e9s Alejos)\n\t\t\t\t<\/figcaption><\/figure><figure class='gallery-item'>\n\t\t\t<div class='gallery-icon landscape'>\n\t\t\t\t<a href='https:\/\/www.arquimaster.com.ar\/web\/wp-content\/uploads\/2023\/03\/casa_rm_074.jpg' title=\"Casa RM \/ Interdek (\u00a9 Andr\u00e9s Alejos)\" data-rl_title=\"Casa RM \/ Interdek (\u00a9 Andr\u00e9s Alejos)\" class=\"rl-gallery-link\" data-rl_caption=\"Casa RM \/ Interdek (\u00a9 Andr\u00e9s Alejos)\" data-rel=\"lightbox-gallery-3\"><img loading=\"lazy\" decoding=\"async\" width=\"150\" height=\"150\" src=\"https:\/\/www.arquimaster.com.ar\/web\/wp-content\/uploads\/2023\/03\/casa_rm_074-150x150.jpg\" class=\"attachment-thumbnail size-thumbnail\" alt=\"Casa RM \/ Interdek\" aria-describedby=\"gallery-3-75561\" \/><\/a>\n\t\t\t<\/div>\n\t\t\t\t<figcaption class='wp-caption-text gallery-caption' id='gallery-3-75561'>\n\t\t\t\tCasa RM \/ Interdek (\u00a9 Andr\u00e9s Alejos)\n\t\t\t\t<\/figcaption><\/figure><figure class='gallery-item'>\n\t\t\t<div class='gallery-icon landscape'>\n\t\t\t\t<a href='https:\/\/www.arquimaster.com.ar\/web\/wp-content\/uploads\/2023\/03\/casa_rm_075.jpg' title=\"Casa RM \/ Interdek (\u00a9 Andr\u00e9s Alejos)\" data-rl_title=\"Casa RM \/ Interdek (\u00a9 Andr\u00e9s Alejos)\" class=\"rl-gallery-link\" data-rl_caption=\"Casa RM \/ Interdek (\u00a9 Andr\u00e9s Alejos)\" data-rel=\"lightbox-gallery-3\"><img loading=\"lazy\" decoding=\"async\" width=\"150\" height=\"150\" src=\"https:\/\/www.arquimaster.com.ar\/web\/wp-content\/uploads\/2023\/03\/casa_rm_075-150x150.jpg\" class=\"attachment-thumbnail size-thumbnail\" alt=\"Casa RM \/ Interdek\" aria-describedby=\"gallery-3-75562\" \/><\/a>\n\t\t\t<\/div>\n\t\t\t\t<figcaption class='wp-caption-text gallery-caption' id='gallery-3-75562'>\n\t\t\t\tCasa RM \/ Interdek (\u00a9 Andr\u00e9s Alejos)\n\t\t\t\t<\/figcaption><\/figure><figure class='gallery-item'>\n\t\t\t<div class='gallery-icon portrait'>\n\t\t\t\t<a href='https:\/\/www.arquimaster.com.ar\/web\/wp-content\/uploads\/2023\/03\/casa_rm_076.jpg' title=\"Casa RM \/ Interdek (\u00a9 Andr\u00e9s Alejos)\" data-rl_title=\"Casa RM \/ Interdek (\u00a9 Andr\u00e9s Alejos)\" class=\"rl-gallery-link\" data-rl_caption=\"Casa RM \/ Interdek (\u00a9 Andr\u00e9s Alejos)\" data-rel=\"lightbox-gallery-3\"><img loading=\"lazy\" decoding=\"async\" width=\"150\" height=\"150\" src=\"https:\/\/www.arquimaster.com.ar\/web\/wp-content\/uploads\/2023\/03\/casa_rm_076-150x150.jpg\" class=\"attachment-thumbnail size-thumbnail\" alt=\"Casa RM \/ Interdek\" aria-describedby=\"gallery-3-75563\" \/><\/a>\n\t\t\t<\/div>\n\t\t\t\t<figcaption class='wp-caption-text gallery-caption' id='gallery-3-75563'>\n\t\t\t\tCasa RM \/ Interdek (\u00a9 Andr\u00e9s Alejos)\n\t\t\t\t<\/figcaption><\/figure><figure class='gallery-item'>\n\t\t\t<div class='gallery-icon landscape'>\n\t\t\t\t<a href='https:\/\/www.arquimaster.com.ar\/web\/wp-content\/uploads\/2023\/03\/casa_rm_078.jpg' title=\"Casa RM \/ Interdek (\u00a9 Andr\u00e9s Alejos)\" data-rl_title=\"Casa RM \/ Interdek (\u00a9 Andr\u00e9s Alejos)\" class=\"rl-gallery-link\" data-rl_caption=\"Casa RM \/ Interdek (\u00a9 Andr\u00e9s Alejos)\" data-rel=\"lightbox-gallery-3\"><img loading=\"lazy\" decoding=\"async\" width=\"150\" height=\"150\" src=\"https:\/\/www.arquimaster.com.ar\/web\/wp-content\/uploads\/2023\/03\/casa_rm_078-150x150.jpg\" class=\"attachment-thumbnail size-thumbnail\" alt=\"Casa RM \/ Interdek\" aria-describedby=\"gallery-3-75565\" \/><\/a>\n\t\t\t<\/div>\n\t\t\t\t<figcaption class='wp-caption-text gallery-caption' id='gallery-3-75565'>\n\t\t\t\tCasa RM \/ Interdek (\u00a9 Andr\u00e9s Alejos)\n\t\t\t\t<\/figcaption><\/figure><figure class='gallery-item'>\n\t\t\t<div class='gallery-icon landscape'>\n\t\t\t\t<a href='https:\/\/www.arquimaster.com.ar\/web\/wp-content\/uploads\/2023\/03\/casa_rm_079.jpg' title=\"Casa RM \/ Interdek (\u00a9 Andr\u00e9s Alejos)\" data-rl_title=\"Casa RM \/ Interdek (\u00a9 Andr\u00e9s Alejos)\" class=\"rl-gallery-link\" data-rl_caption=\"Casa RM \/ Interdek (\u00a9 Andr\u00e9s Alejos)\" data-rel=\"lightbox-gallery-3\"><img loading=\"lazy\" decoding=\"async\" width=\"150\" height=\"150\" src=\"https:\/\/www.arquimaster.com.ar\/web\/wp-content\/uploads\/2023\/03\/casa_rm_079-150x150.jpg\" class=\"attachment-thumbnail size-thumbnail\" alt=\"Casa RM \/ Interdek\" aria-describedby=\"gallery-3-75566\" \/><\/a>\n\t\t\t<\/div>\n\t\t\t\t<figcaption class='wp-caption-text gallery-caption' id='gallery-3-75566'>\n\t\t\t\tCasa RM \/ Interdek (\u00a9 Andr\u00e9s Alejos)\n\t\t\t\t<\/figcaption><\/figure><figure class='gallery-item'>\n\t\t\t<div class='gallery-icon portrait'>\n\t\t\t\t<a href='https:\/\/www.arquimaster.com.ar\/web\/wp-content\/uploads\/2023\/03\/casa_rm_080.jpg' title=\"Casa RM \/ Interdek (\u00a9 Andr\u00e9s Alejos)\" data-rl_title=\"Casa RM \/ Interdek (\u00a9 Andr\u00e9s Alejos)\" class=\"rl-gallery-link\" data-rl_caption=\"Casa RM \/ Interdek (\u00a9 Andr\u00e9s Alejos)\" data-rel=\"lightbox-gallery-3\"><img loading=\"lazy\" decoding=\"async\" width=\"150\" height=\"150\" src=\"https:\/\/www.arquimaster.com.ar\/web\/wp-content\/uploads\/2023\/03\/casa_rm_080-150x150.jpg\" class=\"attachment-thumbnail size-thumbnail\" alt=\"Casa RM \/ Interdek\" aria-describedby=\"gallery-3-75567\" \/><\/a>\n\t\t\t<\/div>\n\t\t\t\t<figcaption class='wp-caption-text gallery-caption' id='gallery-3-75567'>\n\t\t\t\tCasa RM \/ Interdek (\u00a9 Andr\u00e9s Alejos)\n\t\t\t\t<\/figcaption><\/figure><figure class='gallery-item'>\n\t\t\t<div class='gallery-icon landscape'>\n\t\t\t\t<a href='https:\/\/www.arquimaster.com.ar\/web\/wp-content\/uploads\/2023\/03\/casa_rm_081.jpg' title=\"Casa RM \/ Interdek (\u00a9 Andr\u00e9s Alejos)\" data-rl_title=\"Casa RM \/ Interdek (\u00a9 Andr\u00e9s Alejos)\" class=\"rl-gallery-link\" data-rl_caption=\"Casa RM \/ Interdek (\u00a9 Andr\u00e9s Alejos)\" data-rel=\"lightbox-gallery-3\"><img loading=\"lazy\" decoding=\"async\" width=\"150\" height=\"150\" src=\"https:\/\/www.arquimaster.com.ar\/web\/wp-content\/uploads\/2023\/03\/casa_rm_081-150x150.jpg\" class=\"attachment-thumbnail size-thumbnail\" alt=\"Casa RM \/ Interdek\" aria-describedby=\"gallery-3-75568\" \/><\/a>\n\t\t\t<\/div>\n\t\t\t\t<figcaption class='wp-caption-text gallery-caption' id='gallery-3-75568'>\n\t\t\t\tCasa RM \/ Interdek (\u00a9 Andr\u00e9s Alejos)\n\t\t\t\t<\/figcaption><\/figure><figure class='gallery-item'>\n\t\t\t<div class='gallery-icon portrait'>\n\t\t\t\t<a href='https:\/\/www.arquimaster.com.ar\/web\/wp-content\/uploads\/2023\/03\/casa_rm_082.jpg' title=\"Casa RM \/ Interdek (\u00a9 Andr\u00e9s Alejos)\" data-rl_title=\"Casa RM \/ Interdek (\u00a9 Andr\u00e9s Alejos)\" class=\"rl-gallery-link\" data-rl_caption=\"Casa RM \/ Interdek (\u00a9 Andr\u00e9s Alejos)\" data-rel=\"lightbox-gallery-3\"><img loading=\"lazy\" decoding=\"async\" width=\"150\" height=\"150\" src=\"https:\/\/www.arquimaster.com.ar\/web\/wp-content\/uploads\/2023\/03\/casa_rm_082-150x150.jpg\" class=\"attachment-thumbnail size-thumbnail\" alt=\"Casa RM \/ Interdek\" aria-describedby=\"gallery-3-75569\" \/><\/a>\n\t\t\t<\/div>\n\t\t\t\t<figcaption class='wp-caption-text gallery-caption' id='gallery-3-75569'>\n\t\t\t\tCasa RM \/ Interdek (\u00a9 Andr\u00e9s Alejos)\n\t\t\t\t<\/figcaption><\/figure><figure class='gallery-item'>\n\t\t\t<div class='gallery-icon portrait'>\n\t\t\t\t<a href='https:\/\/www.arquimaster.com.ar\/web\/wp-content\/uploads\/2023\/03\/casa_rm_083.jpg' title=\"Casa RM \/ Interdek (\u00a9 Andr\u00e9s Alejos)\" data-rl_title=\"Casa RM \/ Interdek (\u00a9 Andr\u00e9s Alejos)\" class=\"rl-gallery-link\" data-rl_caption=\"Casa RM \/ Interdek (\u00a9 Andr\u00e9s Alejos)\" data-rel=\"lightbox-gallery-3\"><img loading=\"lazy\" decoding=\"async\" width=\"150\" height=\"150\" src=\"https:\/\/www.arquimaster.com.ar\/web\/wp-content\/uploads\/2023\/03\/casa_rm_083-150x150.jpg\" class=\"attachment-thumbnail size-thumbnail\" alt=\"Casa RM \/ Interdek\" aria-describedby=\"gallery-3-75570\" \/><\/a>\n\t\t\t<\/div>\n\t\t\t\t<figcaption class='wp-caption-text gallery-caption' id='gallery-3-75570'>\n\t\t\t\tCasa RM \/ Interdek (\u00a9 Andr\u00e9s Alejos)\n\t\t\t\t<\/figcaption><\/figure><figure class='gallery-item'>\n\t\t\t<div class='gallery-icon landscape'>\n\t\t\t\t<a href='https:\/\/www.arquimaster.com.ar\/web\/wp-content\/uploads\/2023\/03\/casa_rm_084.jpg' title=\"Casa RM \/ Interdek (\u00a9 Andr\u00e9s Alejos)\" data-rl_title=\"Casa RM \/ Interdek (\u00a9 Andr\u00e9s Alejos)\" class=\"rl-gallery-link\" data-rl_caption=\"Casa RM \/ Interdek (\u00a9 Andr\u00e9s Alejos)\" data-rel=\"lightbox-gallery-3\"><img loading=\"lazy\" decoding=\"async\" width=\"150\" height=\"150\" src=\"https:\/\/www.arquimaster.com.ar\/web\/wp-content\/uploads\/2023\/03\/casa_rm_084-150x150.jpg\" class=\"attachment-thumbnail size-thumbnail\" alt=\"Casa RM \/ Interdek\" aria-describedby=\"gallery-3-75571\" \/><\/a>\n\t\t\t<\/div>\n\t\t\t\t<figcaption class='wp-caption-text gallery-caption' id='gallery-3-75571'>\n\t\t\t\tCasa RM \/ Interdek (\u00a9 Andr\u00e9s Alejos)\n\t\t\t\t<\/figcaption><\/figure><figure class='gallery-item'>\n\t\t\t<div class='gallery-icon portrait'>\n\t\t\t\t<a href='https:\/\/www.arquimaster.com.ar\/web\/wp-content\/uploads\/2023\/03\/casa_rm_085.jpg' title=\"Casa RM \/ Interdek (\u00a9 Andr\u00e9s Alejos)\" data-rl_title=\"Casa RM \/ Interdek (\u00a9 Andr\u00e9s Alejos)\" class=\"rl-gallery-link\" data-rl_caption=\"Casa RM \/ Interdek (\u00a9 Andr\u00e9s Alejos)\" data-rel=\"lightbox-gallery-3\"><img loading=\"lazy\" decoding=\"async\" width=\"150\" height=\"150\" src=\"https:\/\/www.arquimaster.com.ar\/web\/wp-content\/uploads\/2023\/03\/casa_rm_085-150x150.jpg\" class=\"attachment-thumbnail size-thumbnail\" alt=\"Casa RM \/ Interdek\" aria-describedby=\"gallery-3-75572\" \/><\/a>\n\t\t\t<\/div>\n\t\t\t\t<figcaption class='wp-caption-text gallery-caption' id='gallery-3-75572'>\n\t\t\t\tCasa RM \/ Interdek (\u00a9 Andr\u00e9s Alejos)\n\t\t\t\t<\/figcaption><\/figure><figure class='gallery-item'>\n\t\t\t<div class='gallery-icon landscape'>\n\t\t\t\t<a href='https:\/\/www.arquimaster.com.ar\/web\/wp-content\/uploads\/2023\/03\/casa_rm_086.jpg' title=\"Casa RM \/ Interdek (\u00a9 Andr\u00e9s Alejos)\" data-rl_title=\"Casa RM \/ Interdek (\u00a9 Andr\u00e9s Alejos)\" class=\"rl-gallery-link\" data-rl_caption=\"Casa RM \/ Interdek (\u00a9 Andr\u00e9s Alejos)\" data-rel=\"lightbox-gallery-3\"><img loading=\"lazy\" decoding=\"async\" width=\"150\" height=\"150\" src=\"https:\/\/www.arquimaster.com.ar\/web\/wp-content\/uploads\/2023\/03\/casa_rm_086-150x150.jpg\" class=\"attachment-thumbnail size-thumbnail\" alt=\"Casa RM \/ Interdek\" aria-describedby=\"gallery-3-75573\" \/><\/a>\n\t\t\t<\/div>\n\t\t\t\t<figcaption class='wp-caption-text gallery-caption' id='gallery-3-75573'>\n\t\t\t\tCasa RM \/ Interdek (\u00a9 Andr\u00e9s Alejos)\n\t\t\t\t<\/figcaption><\/figure><figure class='gallery-item'>\n\t\t\t<div class='gallery-icon portrait'>\n\t\t\t\t<a href='https:\/\/www.arquimaster.com.ar\/web\/wp-content\/uploads\/2023\/03\/casa_rm_087.jpg' title=\"Casa RM \/ Interdek (\u00a9 Andr\u00e9s Alejos)\" data-rl_title=\"Casa RM \/ Interdek (\u00a9 Andr\u00e9s Alejos)\" class=\"rl-gallery-link\" data-rl_caption=\"Casa RM \/ Interdek (\u00a9 Andr\u00e9s Alejos)\" data-rel=\"lightbox-gallery-3\"><img loading=\"lazy\" decoding=\"async\" width=\"150\" height=\"150\" src=\"https:\/\/www.arquimaster.com.ar\/web\/wp-content\/uploads\/2023\/03\/casa_rm_087-150x150.jpg\" class=\"attachment-thumbnail size-thumbnail\" alt=\"Casa RM \/ Interdek\" aria-describedby=\"gallery-3-75574\" \/><\/a>\n\t\t\t<\/div>\n\t\t\t\t<figcaption class='wp-caption-text gallery-caption' id='gallery-3-75574'>\n\t\t\t\tCasa RM \/ Interdek (\u00a9 Andr\u00e9s Alejos)\n\t\t\t\t<\/figcaption><\/figure><figure class='gallery-item'>\n\t\t\t<div class='gallery-icon landscape'>\n\t\t\t\t<a href='https:\/\/www.arquimaster.com.ar\/web\/wp-content\/uploads\/2023\/03\/casa_rm_088.jpg' title=\"Casa RM \/ Interdek (\u00a9 Andr\u00e9s Alejos)\" data-rl_title=\"Casa RM \/ Interdek (\u00a9 Andr\u00e9s Alejos)\" class=\"rl-gallery-link\" data-rl_caption=\"Casa RM \/ Interdek (\u00a9 Andr\u00e9s Alejos)\" data-rel=\"lightbox-gallery-3\"><img loading=\"lazy\" decoding=\"async\" width=\"150\" height=\"150\" src=\"https:\/\/www.arquimaster.com.ar\/web\/wp-content\/uploads\/2023\/03\/casa_rm_088-150x150.jpg\" class=\"attachment-thumbnail size-thumbnail\" alt=\"Casa RM \/ Interdek\" aria-describedby=\"gallery-3-75575\" \/><\/a>\n\t\t\t<\/div>\n\t\t\t\t<figcaption class='wp-caption-text gallery-caption' id='gallery-3-75575'>\n\t\t\t\tCasa RM \/ Interdek (\u00a9 Andr\u00e9s Alejos)\n\t\t\t\t<\/figcaption><\/figure><figure class='gallery-item'>\n\t\t\t<div class='gallery-icon portrait'>\n\t\t\t\t<a href='https:\/\/www.arquimaster.com.ar\/web\/wp-content\/uploads\/2023\/03\/casa_rm_089.jpg' title=\"Casa RM \/ Interdek (\u00a9 Andr\u00e9s Alejos)\" data-rl_title=\"Casa RM \/ Interdek (\u00a9 Andr\u00e9s Alejos)\" class=\"rl-gallery-link\" data-rl_caption=\"Casa RM \/ Interdek (\u00a9 Andr\u00e9s Alejos)\" data-rel=\"lightbox-gallery-3\"><img loading=\"lazy\" decoding=\"async\" width=\"150\" height=\"150\" src=\"https:\/\/www.arquimaster.com.ar\/web\/wp-content\/uploads\/2023\/03\/casa_rm_089-150x150.jpg\" class=\"attachment-thumbnail size-thumbnail\" alt=\"Casa RM \/ Interdek\" aria-describedby=\"gallery-3-75576\" \/><\/a>\n\t\t\t<\/div>\n\t\t\t\t<figcaption class='wp-caption-text gallery-caption' id='gallery-3-75576'>\n\t\t\t\tCasa RM \/ Interdek (\u00a9 Andr\u00e9s Alejos)\n\t\t\t\t<\/figcaption><\/figure><figure class='gallery-item'>\n\t\t\t<div class='gallery-icon landscape'>\n\t\t\t\t<a href='https:\/\/www.arquimaster.com.ar\/web\/wp-content\/uploads\/2023\/03\/casa_rm_090.jpg' title=\"Casa RM \/ Interdek (\u00a9 Andr\u00e9s Alejos)\" data-rl_title=\"Casa RM \/ Interdek (\u00a9 Andr\u00e9s Alejos)\" class=\"rl-gallery-link\" data-rl_caption=\"Casa RM \/ Interdek (\u00a9 Andr\u00e9s Alejos)\" data-rel=\"lightbox-gallery-3\"><img loading=\"lazy\" decoding=\"async\" width=\"150\" height=\"150\" src=\"https:\/\/www.arquimaster.com.ar\/web\/wp-content\/uploads\/2023\/03\/casa_rm_090-150x150.jpg\" class=\"attachment-thumbnail size-thumbnail\" alt=\"Casa RM \/ Interdek\" aria-describedby=\"gallery-3-75577\" \/><\/a>\n\t\t\t<\/div>\n\t\t\t\t<figcaption class='wp-caption-text gallery-caption' id='gallery-3-75577'>\n\t\t\t\tCasa RM \/ Interdek (\u00a9 Andr\u00e9s Alejos)\n\t\t\t\t<\/figcaption><\/figure><figure class='gallery-item'>\n\t\t\t<div class='gallery-icon portrait'>\n\t\t\t\t<a href='https:\/\/www.arquimaster.com.ar\/web\/wp-content\/uploads\/2023\/03\/casa_rm_091.jpg' title=\"Casa RM \/ Interdek (\u00a9 Andr\u00e9s Alejos)\" data-rl_title=\"Casa RM \/ Interdek (\u00a9 Andr\u00e9s Alejos)\" class=\"rl-gallery-link\" data-rl_caption=\"Casa RM \/ Interdek (\u00a9 Andr\u00e9s Alejos)\" data-rel=\"lightbox-gallery-3\"><img loading=\"lazy\" decoding=\"async\" width=\"150\" height=\"150\" src=\"https:\/\/www.arquimaster.com.ar\/web\/wp-content\/uploads\/2023\/03\/casa_rm_091-150x150.jpg\" class=\"attachment-thumbnail size-thumbnail\" alt=\"Casa RM \/ Interdek\" aria-describedby=\"gallery-3-75578\" \/><\/a>\n\t\t\t<\/div>\n\t\t\t\t<figcaption class='wp-caption-text gallery-caption' id='gallery-3-75578'>\n\t\t\t\tCasa RM \/ Interdek (\u00a9 Andr\u00e9s Alejos)\n\t\t\t\t<\/figcaption><\/figure><figure class='gallery-item'>\n\t\t\t<div class='gallery-icon landscape'>\n\t\t\t\t<a href='https:\/\/www.arquimaster.com.ar\/web\/wp-content\/uploads\/2023\/03\/casa_rm_092.jpg' title=\"Casa RM \/ Interdek (\u00a9 Andr\u00e9s Alejos)\" data-rl_title=\"Casa RM \/ Interdek (\u00a9 Andr\u00e9s Alejos)\" class=\"rl-gallery-link\" data-rl_caption=\"Casa RM \/ Interdek (\u00a9 Andr\u00e9s Alejos)\" data-rel=\"lightbox-gallery-3\"><img loading=\"lazy\" decoding=\"async\" width=\"150\" height=\"150\" src=\"https:\/\/www.arquimaster.com.ar\/web\/wp-content\/uploads\/2023\/03\/casa_rm_092-150x150.jpg\" class=\"attachment-thumbnail size-thumbnail\" alt=\"Casa RM \/ Interdek\" aria-describedby=\"gallery-3-75579\" \/><\/a>\n\t\t\t<\/div>\n\t\t\t\t<figcaption class='wp-caption-text gallery-caption' id='gallery-3-75579'>\n\t\t\t\tCasa RM \/ Interdek (\u00a9 Andr\u00e9s Alejos)\n\t\t\t\t<\/figcaption><\/figure><figure class='gallery-item'>\n\t\t\t<div class='gallery-icon landscape'>\n\t\t\t\t<a href='https:\/\/www.arquimaster.com.ar\/web\/wp-content\/uploads\/2023\/03\/casa_rm_093.jpg' title=\"Casa RM \/ Interdek (\u00a9 Andr\u00e9s Alejos)\" data-rl_title=\"Casa RM \/ Interdek (\u00a9 Andr\u00e9s Alejos)\" class=\"rl-gallery-link\" data-rl_caption=\"Casa RM \/ Interdek (\u00a9 Andr\u00e9s Alejos)\" data-rel=\"lightbox-gallery-3\"><img loading=\"lazy\" decoding=\"async\" width=\"150\" height=\"150\" src=\"https:\/\/www.arquimaster.com.ar\/web\/wp-content\/uploads\/2023\/03\/casa_rm_093-150x150.jpg\" class=\"attachment-thumbnail size-thumbnail\" alt=\"Casa RM \/ Interdek\" aria-describedby=\"gallery-3-75580\" \/><\/a>\n\t\t\t<\/div>\n\t\t\t\t<figcaption class='wp-caption-text gallery-caption' id='gallery-3-75580'>\n\t\t\t\tCasa RM \/ Interdek (\u00a9 Andr\u00e9s Alejos)\n\t\t\t\t<\/figcaption><\/figure><figure class='gallery-item'>\n\t\t\t<div class='gallery-icon landscape'>\n\t\t\t\t<a href='https:\/\/www.arquimaster.com.ar\/web\/wp-content\/uploads\/2023\/03\/casa_rm_094.jpg' title=\"Casa RM \/ Interdek (\u00a9 Andr\u00e9s Alejos)\" data-rl_title=\"Casa RM \/ Interdek (\u00a9 Andr\u00e9s Alejos)\" class=\"rl-gallery-link\" data-rl_caption=\"Casa RM \/ Interdek (\u00a9 Andr\u00e9s Alejos)\" data-rel=\"lightbox-gallery-3\"><img loading=\"lazy\" decoding=\"async\" width=\"150\" height=\"150\" src=\"https:\/\/www.arquimaster.com.ar\/web\/wp-content\/uploads\/2023\/03\/casa_rm_094-150x150.jpg\" class=\"attachment-thumbnail size-thumbnail\" alt=\"Casa RM \/ Interdek\" aria-describedby=\"gallery-3-75581\" \/><\/a>\n\t\t\t<\/div>\n\t\t\t\t<figcaption class='wp-caption-text gallery-caption' id='gallery-3-75581'>\n\t\t\t\tCasa RM \/ Interdek (\u00a9 Andr\u00e9s Alejos)\n\t\t\t\t<\/figcaption><\/figure><figure class='gallery-item'>\n\t\t\t<div class='gallery-icon landscape'>\n\t\t\t\t<a href='https:\/\/www.arquimaster.com.ar\/web\/wp-content\/uploads\/2023\/03\/casa_rm_095.jpg' title=\"Casa RM \/ Interdek (\u00a9 Andr\u00e9s Alejos)\" data-rl_title=\"Casa RM \/ Interdek (\u00a9 Andr\u00e9s Alejos)\" class=\"rl-gallery-link\" data-rl_caption=\"Casa RM \/ Interdek (\u00a9 Andr\u00e9s Alejos)\" data-rel=\"lightbox-gallery-3\"><img loading=\"lazy\" decoding=\"async\" width=\"150\" height=\"150\" src=\"https:\/\/www.arquimaster.com.ar\/web\/wp-content\/uploads\/2023\/03\/casa_rm_095-150x150.jpg\" class=\"attachment-thumbnail size-thumbnail\" alt=\"Casa RM \/ Interdek\" aria-describedby=\"gallery-3-75582\" \/><\/a>\n\t\t\t<\/div>\n\t\t\t\t<figcaption class='wp-caption-text gallery-caption' id='gallery-3-75582'>\n\t\t\t\tCasa RM \/ Interdek (\u00a9 Andr\u00e9s Alejos)\n\t\t\t\t<\/figcaption><\/figure><figure class='gallery-item'>\n\t\t\t<div class='gallery-icon landscape'>\n\t\t\t\t<a href='https:\/\/www.arquimaster.com.ar\/web\/wp-content\/uploads\/2023\/03\/casa_rm_096.jpg' title=\"Casa RM \/ Interdek (\u00a9 Andr\u00e9s Alejos)\" data-rl_title=\"Casa RM \/ Interdek (\u00a9 Andr\u00e9s Alejos)\" class=\"rl-gallery-link\" data-rl_caption=\"Casa RM \/ Interdek (\u00a9 Andr\u00e9s Alejos)\" data-rel=\"lightbox-gallery-3\"><img loading=\"lazy\" decoding=\"async\" width=\"150\" height=\"150\" src=\"https:\/\/www.arquimaster.com.ar\/web\/wp-content\/uploads\/2023\/03\/casa_rm_096-150x150.jpg\" class=\"attachment-thumbnail size-thumbnail\" alt=\"Casa RM \/ Interdek\" aria-describedby=\"gallery-3-75583\" \/><\/a>\n\t\t\t<\/div>\n\t\t\t\t<figcaption class='wp-caption-text gallery-caption' id='gallery-3-75583'>\n\t\t\t\tCasa RM \/ Interdek (\u00a9 Andr\u00e9s Alejos)\n\t\t\t\t<\/figcaption><\/figure><figure class='gallery-item'>\n\t\t\t<div class='gallery-icon portrait'>\n\t\t\t\t<a href='https:\/\/www.arquimaster.com.ar\/web\/wp-content\/uploads\/2023\/03\/casa_rm_097.jpg' title=\"Casa RM \/ Interdek (\u00a9 Andr\u00e9s Alejos)\" data-rl_title=\"Casa RM \/ Interdek (\u00a9 Andr\u00e9s Alejos)\" class=\"rl-gallery-link\" data-rl_caption=\"Casa RM \/ Interdek (\u00a9 Andr\u00e9s Alejos)\" data-rel=\"lightbox-gallery-3\"><img loading=\"lazy\" decoding=\"async\" width=\"150\" height=\"150\" src=\"https:\/\/www.arquimaster.com.ar\/web\/wp-content\/uploads\/2023\/03\/casa_rm_097-150x150.jpg\" class=\"attachment-thumbnail size-thumbnail\" alt=\"Casa RM \/ Interdek\" aria-describedby=\"gallery-3-75584\" \/><\/a>\n\t\t\t<\/div>\n\t\t\t\t<figcaption class='wp-caption-text gallery-caption' id='gallery-3-75584'>\n\t\t\t\tCasa RM \/ Interdek (\u00a9 Andr\u00e9s Alejos)\n\t\t\t\t<\/figcaption><\/figure><figure class='gallery-item'>\n\t\t\t<div class='gallery-icon portrait'>\n\t\t\t\t<a href='https:\/\/www.arquimaster.com.ar\/web\/wp-content\/uploads\/2023\/03\/casa_rm_098.jpg' title=\"Casa RM \/ Interdek (\u00a9 Andr\u00e9s Alejos)\" data-rl_title=\"Casa RM \/ Interdek (\u00a9 Andr\u00e9s Alejos)\" class=\"rl-gallery-link\" data-rl_caption=\"Casa RM \/ Interdek (\u00a9 Andr\u00e9s Alejos)\" data-rel=\"lightbox-gallery-3\"><img loading=\"lazy\" decoding=\"async\" width=\"150\" height=\"150\" src=\"https:\/\/www.arquimaster.com.ar\/web\/wp-content\/uploads\/2023\/03\/casa_rm_098-150x150.jpg\" class=\"attachment-thumbnail size-thumbnail\" alt=\"Casa RM \/ Interdek\" aria-describedby=\"gallery-3-75585\" \/><\/a>\n\t\t\t<\/div>\n\t\t\t\t<figcaption class='wp-caption-text gallery-caption' id='gallery-3-75585'>\n\t\t\t\tCasa RM \/ Interdek (\u00a9 Andr\u00e9s Alejos)\n\t\t\t\t<\/figcaption><\/figure><figure class='gallery-item'>\n\t\t\t<div class='gallery-icon portrait'>\n\t\t\t\t<a href='https:\/\/www.arquimaster.com.ar\/web\/wp-content\/uploads\/2023\/03\/casa_rm_099.jpg' title=\"Casa RM \/ Interdek (\u00a9 Andr\u00e9s Alejos)\" data-rl_title=\"Casa RM \/ Interdek (\u00a9 Andr\u00e9s Alejos)\" class=\"rl-gallery-link\" data-rl_caption=\"Casa RM \/ Interdek (\u00a9 Andr\u00e9s Alejos)\" data-rel=\"lightbox-gallery-3\"><img loading=\"lazy\" decoding=\"async\" width=\"150\" height=\"150\" src=\"https:\/\/www.arquimaster.com.ar\/web\/wp-content\/uploads\/2023\/03\/casa_rm_099-150x150.jpg\" class=\"attachment-thumbnail size-thumbnail\" alt=\"Casa RM \/ Interdek\" aria-describedby=\"gallery-3-75586\" \/><\/a>\n\t\t\t<\/div>\n\t\t\t\t<figcaption class='wp-caption-text gallery-caption' id='gallery-3-75586'>\n\t\t\t\tCasa RM \/ Interdek (\u00a9 Andr\u00e9s Alejos)\n\t\t\t\t<\/figcaption><\/figure><figure class='gallery-item'>\n\t\t\t<div class='gallery-icon landscape'>\n\t\t\t\t<a href='https:\/\/www.arquimaster.com.ar\/web\/wp-content\/uploads\/2023\/03\/casa_rm_100.jpg' title=\"Casa RM \/ Interdek (\u00a9 Andr\u00e9s Alejos)\" data-rl_title=\"Casa RM \/ Interdek (\u00a9 Andr\u00e9s Alejos)\" class=\"rl-gallery-link\" data-rl_caption=\"Casa RM \/ Interdek (\u00a9 Andr\u00e9s Alejos)\" data-rel=\"lightbox-gallery-3\"><img loading=\"lazy\" decoding=\"async\" width=\"150\" height=\"150\" src=\"https:\/\/www.arquimaster.com.ar\/web\/wp-content\/uploads\/2023\/03\/casa_rm_100-150x150.jpg\" class=\"attachment-thumbnail size-thumbnail\" alt=\"Casa RM \/ Interdek\" aria-describedby=\"gallery-3-75587\" \/><\/a>\n\t\t\t<\/div>\n\t\t\t\t<figcaption class='wp-caption-text gallery-caption' id='gallery-3-75587'>\n\t\t\t\tCasa RM \/ Interdek (\u00a9 Andr\u00e9s Alejos)\n\t\t\t\t<\/figcaption><\/figure><figure class='gallery-item'>\n\t\t\t<div class='gallery-icon portrait'>\n\t\t\t\t<a href='https:\/\/www.arquimaster.com.ar\/web\/wp-content\/uploads\/2023\/03\/casa_rm_101.jpg' title=\"Casa RM \/ Interdek (\u00a9 Andr\u00e9s Alejos)\" data-rl_title=\"Casa RM \/ Interdek (\u00a9 Andr\u00e9s Alejos)\" class=\"rl-gallery-link\" data-rl_caption=\"Casa RM \/ Interdek (\u00a9 Andr\u00e9s Alejos)\" data-rel=\"lightbox-gallery-3\"><img loading=\"lazy\" decoding=\"async\" width=\"150\" height=\"150\" src=\"https:\/\/www.arquimaster.com.ar\/web\/wp-content\/uploads\/2023\/03\/casa_rm_101-150x150.jpg\" class=\"attachment-thumbnail size-thumbnail\" alt=\"Casa RM \/ Interdek\" aria-describedby=\"gallery-3-75588\" \/><\/a>\n\t\t\t<\/div>\n\t\t\t\t<figcaption class='wp-caption-text gallery-caption' id='gallery-3-75588'>\n\t\t\t\tCasa RM \/ Interdek (\u00a9 Andr\u00e9s Alejos)\n\t\t\t\t<\/figcaption><\/figure><figure class='gallery-item'>\n\t\t\t<div class='gallery-icon portrait'>\n\t\t\t\t<a href='https:\/\/www.arquimaster.com.ar\/web\/wp-content\/uploads\/2023\/03\/casa_rm_102.jpg' title=\"Casa RM \/ Interdek (\u00a9 Andr\u00e9s Alejos)\" data-rl_title=\"Casa RM \/ Interdek (\u00a9 Andr\u00e9s Alejos)\" class=\"rl-gallery-link\" data-rl_caption=\"Casa RM \/ Interdek (\u00a9 Andr\u00e9s Alejos)\" data-rel=\"lightbox-gallery-3\"><img loading=\"lazy\" decoding=\"async\" width=\"150\" height=\"150\" src=\"https:\/\/www.arquimaster.com.ar\/web\/wp-content\/uploads\/2023\/03\/casa_rm_102-150x150.jpg\" class=\"attachment-thumbnail size-thumbnail\" alt=\"Casa RM \/ Interdek\" aria-describedby=\"gallery-3-75589\" \/><\/a>\n\t\t\t<\/div>\n\t\t\t\t<figcaption class='wp-caption-text gallery-caption' id='gallery-3-75589'>\n\t\t\t\tCasa RM \/ Interdek (\u00a9 Andr\u00e9s Alejos)\n\t\t\t\t<\/figcaption><\/figure><figure class='gallery-item'>\n\t\t\t<div class='gallery-icon landscape'>\n\t\t\t\t<a href='https:\/\/www.arquimaster.com.ar\/web\/wp-content\/uploads\/2023\/03\/casa_rm_103.jpg' title=\"Casa RM \/ Interdek (\u00a9 Andr\u00e9s Alejos)\" data-rl_title=\"Casa RM \/ Interdek (\u00a9 Andr\u00e9s Alejos)\" class=\"rl-gallery-link\" data-rl_caption=\"Casa RM \/ Interdek (\u00a9 Andr\u00e9s Alejos)\" data-rel=\"lightbox-gallery-3\"><img loading=\"lazy\" decoding=\"async\" width=\"150\" height=\"150\" src=\"https:\/\/www.arquimaster.com.ar\/web\/wp-content\/uploads\/2023\/03\/casa_rm_103-150x150.jpg\" class=\"attachment-thumbnail size-thumbnail\" alt=\"Casa RM \/ Interdek\" aria-describedby=\"gallery-3-75590\" \/><\/a>\n\t\t\t<\/div>\n\t\t\t\t<figcaption class='wp-caption-text gallery-caption' id='gallery-3-75590'>\n\t\t\t\tCasa RM \/ Interdek (\u00a9 Andr\u00e9s Alejos)\n\t\t\t\t<\/figcaption><\/figure><figure class='gallery-item'>\n\t\t\t<div class='gallery-icon portrait'>\n\t\t\t\t<a href='https:\/\/www.arquimaster.com.ar\/web\/wp-content\/uploads\/2023\/03\/casa_rm_104.jpg' title=\"Casa RM \/ Interdek (\u00a9 Andr\u00e9s Alejos)\" data-rl_title=\"Casa RM \/ Interdek (\u00a9 Andr\u00e9s Alejos)\" class=\"rl-gallery-link\" data-rl_caption=\"Casa RM \/ Interdek (\u00a9 Andr\u00e9s Alejos)\" data-rel=\"lightbox-gallery-3\"><img loading=\"lazy\" decoding=\"async\" width=\"150\" height=\"150\" src=\"https:\/\/www.arquimaster.com.ar\/web\/wp-content\/uploads\/2023\/03\/casa_rm_104-150x150.jpg\" class=\"attachment-thumbnail size-thumbnail\" alt=\"Casa RM \/ Interdek\" aria-describedby=\"gallery-3-75591\" \/><\/a>\n\t\t\t<\/div>\n\t\t\t\t<figcaption class='wp-caption-text gallery-caption' id='gallery-3-75591'>\n\t\t\t\tCasa RM \/ Interdek (\u00a9 Andr\u00e9s Alejos)\n\t\t\t\t<\/figcaption><\/figure><figure class='gallery-item'>\n\t\t\t<div class='gallery-icon portrait'>\n\t\t\t\t<a href='https:\/\/www.arquimaster.com.ar\/web\/wp-content\/uploads\/2023\/03\/casa_rm_105.jpg' title=\"Casa RM \/ Interdek (\u00a9 Andr\u00e9s Alejos)\" data-rl_title=\"Casa RM \/ Interdek (\u00a9 Andr\u00e9s Alejos)\" class=\"rl-gallery-link\" data-rl_caption=\"Casa RM \/ Interdek (\u00a9 Andr\u00e9s Alejos)\" data-rel=\"lightbox-gallery-3\"><img loading=\"lazy\" decoding=\"async\" width=\"150\" height=\"150\" src=\"https:\/\/www.arquimaster.com.ar\/web\/wp-content\/uploads\/2023\/03\/casa_rm_105-150x150.jpg\" class=\"attachment-thumbnail size-thumbnail\" alt=\"Casa RM \/ Interdek\" aria-describedby=\"gallery-3-75592\" \/><\/a>\n\t\t\t<\/div>\n\t\t\t\t<figcaption class='wp-caption-text gallery-caption' id='gallery-3-75592'>\n\t\t\t\tCasa RM \/ Interdek (\u00a9 Andr\u00e9s Alejos)\n\t\t\t\t<\/figcaption><\/figure><figure class='gallery-item'>\n\t\t\t<div class='gallery-icon landscape'>\n\t\t\t\t<a href='https:\/\/www.arquimaster.com.ar\/web\/wp-content\/uploads\/2023\/03\/casa_rm_106.jpg' title=\"Casa RM \/ Interdek (\u00a9 Andr\u00e9s Alejos)\" data-rl_title=\"Casa RM \/ Interdek (\u00a9 Andr\u00e9s Alejos)\" class=\"rl-gallery-link\" data-rl_caption=\"Casa RM \/ Interdek (\u00a9 Andr\u00e9s Alejos)\" data-rel=\"lightbox-gallery-3\"><img loading=\"lazy\" decoding=\"async\" width=\"150\" height=\"150\" src=\"https:\/\/www.arquimaster.com.ar\/web\/wp-content\/uploads\/2023\/03\/casa_rm_106-150x150.jpg\" class=\"attachment-thumbnail size-thumbnail\" alt=\"Casa RM \/ Interdek\" aria-describedby=\"gallery-3-75593\" \/><\/a>\n\t\t\t<\/div>\n\t\t\t\t<figcaption class='wp-caption-text gallery-caption' id='gallery-3-75593'>\n\t\t\t\tCasa RM \/ Interdek (\u00a9 Andr\u00e9s Alejos)\n\t\t\t\t<\/figcaption><\/figure>\n\t\t<\/div>\n\n<p>La madera s\u00f3lida fue uno de los materiales protagonistas, us\u00e1ndola como elemento principal en muros y muebles, jugando con patrones y formas en lambrines completos que conectan estas \u00e1reas desde el ingreso hasta la cocina y tambi\u00e9n, generan nichos para resaltar piezas de arte, lo que nos ayud\u00f3 a neutralizar la variedad de colores y texturas.<\/p>\n<p><strong>Luz<\/strong><br>Se trabaj\u00f3 en dos etapas:<\/p>\n<p>El estudio: iniciando con el, ah\u00ed se encuentra un estilo m\u00e1s relajado con materiales y texturas m\u00e1s c\u00e1lidas, como tapicer\u00eda en tonos ivory, muros terracota, acabados en estuco, madera de rosa morada y bejuco natural tejido a mano, esto en contraste con el piso que es brillante y colorido.<\/p>\n<p>Se aprovech\u00f3 la luz natural y el espacio, dejando el escritorio cerca de la ventana ya que el cliente buscaba un \u00e1rea de home office, un espacio para grabar sus podcasts y a la vez que este cuarto funcionara como sala de televisi\u00f3n y almacenamiento para utensilios de cocina y utensilios b\u00e1sicos de Rick.<\/p>\n<p>Areas comunes y privadas: fueron parte de la segunda etapa de este proyecto en las cuales la mezcla de texturas y colores es un factor primordial que gui\u00f3 todo el proyecto. Desde el ingreso se genera una vista hacia todas las \u00e1reas comunes como la sala, el bar y comedor donde el contraste del piso azul con lo c\u00e1lido de la madera s\u00f3lida comienza a darnos la bienvenida a este espacio acogedor.<\/p>\n<div id='gallery-4' class='gallery galleryid-75486 gallery-columns-3 gallery-size-thumbnail'><figure class='gallery-item'>\n\t\t\t<div class='gallery-icon portrait'>\n\t\t\t\t<a href='https:\/\/www.arquimaster.com.ar\/web\/wp-content\/uploads\/2023\/03\/casa_rm_121.jpg' title=\"Casa RM \/ Interdek (\u00a9 Andr\u00e9s Alejos)\" data-rl_title=\"Casa RM \/ Interdek (\u00a9 Andr\u00e9s Alejos)\" class=\"rl-gallery-link\" data-rl_caption=\"Casa RM \/ Interdek (\u00a9 Andr\u00e9s Alejos)\" data-rel=\"lightbox-gallery-4\"><img loading=\"lazy\" decoding=\"async\" width=\"150\" height=\"150\" src=\"https:\/\/www.arquimaster.com.ar\/web\/wp-content\/uploads\/2023\/03\/casa_rm_121-150x150.jpg\" class=\"attachment-thumbnail size-thumbnail\" alt=\"Casa RM \/ Interdek\" aria-describedby=\"gallery-4-75608\" \/><\/a>\n\t\t\t<\/div>\n\t\t\t\t<figcaption class='wp-caption-text gallery-caption' id='gallery-4-75608'>\n\t\t\t\tCasa RM \/ Interdek (\u00a9 Andr\u00e9s Alejos)\n\t\t\t\t<\/figcaption><\/figure><figure class='gallery-item'>\n\t\t\t<div class='gallery-icon portrait'>\n\t\t\t\t<a href='https:\/\/www.arquimaster.com.ar\/web\/wp-content\/uploads\/2023\/03\/casa_rm_077.jpg' title=\"Casa RM \/ Interdek (\u00a9 Andr\u00e9s Alejos)\" data-rl_title=\"Casa RM \/ Interdek (\u00a9 Andr\u00e9s Alejos)\" class=\"rl-gallery-link\" data-rl_caption=\"Casa RM \/ Interdek (\u00a9 Andr\u00e9s Alejos)\" data-rel=\"lightbox-gallery-4\"><img loading=\"lazy\" decoding=\"async\" width=\"150\" height=\"150\" src=\"https:\/\/www.arquimaster.com.ar\/web\/wp-content\/uploads\/2023\/03\/casa_rm_077-150x150.jpg\" class=\"attachment-thumbnail size-thumbnail\" alt=\"Casa RM \/ Interdek\" aria-describedby=\"gallery-4-75564\" \/><\/a>\n\t\t\t<\/div>\n\t\t\t\t<figcaption class='wp-caption-text gallery-caption' id='gallery-4-75564'>\n\t\t\t\tCasa RM \/ Interdek (\u00a9 Andr\u00e9s Alejos)\n\t\t\t\t<\/figcaption><\/figure><figure class='gallery-item'>\n\t\t\t<div class='gallery-icon landscape'>\n\t\t\t\t<a href='https:\/\/www.arquimaster.com.ar\/web\/wp-content\/uploads\/2023\/03\/casa_rm_107.jpg' title=\"Casa RM \/ Interdek (\u00a9 Andr\u00e9s Alejos)\" data-rl_title=\"Casa RM \/ Interdek (\u00a9 Andr\u00e9s Alejos)\" class=\"rl-gallery-link\" data-rl_caption=\"Casa RM \/ Interdek (\u00a9 Andr\u00e9s Alejos)\" data-rel=\"lightbox-gallery-4\"><img loading=\"lazy\" decoding=\"async\" width=\"150\" height=\"150\" src=\"https:\/\/www.arquimaster.com.ar\/web\/wp-content\/uploads\/2023\/03\/casa_rm_107-150x150.jpg\" class=\"attachment-thumbnail size-thumbnail\" alt=\"Casa RM \/ Interdek\" aria-describedby=\"gallery-4-75594\" \/><\/a>\n\t\t\t<\/div>\n\t\t\t\t<figcaption class='wp-caption-text gallery-caption' id='gallery-4-75594'>\n\t\t\t\tCasa RM \/ Interdek (\u00a9 Andr\u00e9s Alejos)\n\t\t\t\t<\/figcaption><\/figure><figure class='gallery-item'>\n\t\t\t<div class='gallery-icon landscape'>\n\t\t\t\t<a href='https:\/\/www.arquimaster.com.ar\/web\/wp-content\/uploads\/2023\/03\/casa_rm_108.jpg' title=\"Casa RM \/ Interdek (\u00a9 Andr\u00e9s Alejos)\" data-rl_title=\"Casa RM \/ Interdek (\u00a9 Andr\u00e9s Alejos)\" class=\"rl-gallery-link\" data-rl_caption=\"Casa RM \/ Interdek (\u00a9 Andr\u00e9s Alejos)\" data-rel=\"lightbox-gallery-4\"><img loading=\"lazy\" decoding=\"async\" width=\"150\" height=\"150\" src=\"https:\/\/www.arquimaster.com.ar\/web\/wp-content\/uploads\/2023\/03\/casa_rm_108-150x150.jpg\" class=\"attachment-thumbnail size-thumbnail\" alt=\"Casa RM \/ Interdek\" aria-describedby=\"gallery-4-75595\" \/><\/a>\n\t\t\t<\/div>\n\t\t\t\t<figcaption class='wp-caption-text gallery-caption' id='gallery-4-75595'>\n\t\t\t\tCasa RM \/ Interdek (\u00a9 Andr\u00e9s Alejos)\n\t\t\t\t<\/figcaption><\/figure><figure class='gallery-item'>\n\t\t\t<div class='gallery-icon portrait'>\n\t\t\t\t<a href='https:\/\/www.arquimaster.com.ar\/web\/wp-content\/uploads\/2023\/03\/casa_rm_119.jpg' title=\"Casa RM \/ Interdek (\u00a9 Andr\u00e9s Alejos)\" data-rl_title=\"Casa RM \/ Interdek (\u00a9 Andr\u00e9s Alejos)\" class=\"rl-gallery-link\" data-rl_caption=\"Casa RM \/ Interdek (\u00a9 Andr\u00e9s Alejos)\" data-rel=\"lightbox-gallery-4\"><img loading=\"lazy\" decoding=\"async\" width=\"150\" height=\"150\" src=\"https:\/\/www.arquimaster.com.ar\/web\/wp-content\/uploads\/2023\/03\/casa_rm_119-150x150.jpg\" class=\"attachment-thumbnail size-thumbnail\" alt=\"Casa RM \/ Interdek\" aria-describedby=\"gallery-4-75606\" \/><\/a>\n\t\t\t<\/div>\n\t\t\t\t<figcaption class='wp-caption-text gallery-caption' id='gallery-4-75606'>\n\t\t\t\tCasa RM \/ Interdek (\u00a9 Andr\u00e9s Alejos)\n\t\t\t\t<\/figcaption><\/figure><figure class='gallery-item'>\n\t\t\t<div class='gallery-icon portrait'>\n\t\t\t\t<a href='https:\/\/www.arquimaster.com.ar\/web\/wp-content\/uploads\/2023\/03\/casa_rm_120.jpg' title=\"Casa RM \/ Interdek (\u00a9 Andr\u00e9s Alejos)\" data-rl_title=\"Casa RM \/ Interdek (\u00a9 Andr\u00e9s Alejos)\" class=\"rl-gallery-link\" data-rl_caption=\"Casa RM \/ Interdek (\u00a9 Andr\u00e9s Alejos)\" data-rel=\"lightbox-gallery-4\"><img loading=\"lazy\" decoding=\"async\" width=\"150\" height=\"150\" src=\"https:\/\/www.arquimaster.com.ar\/web\/wp-content\/uploads\/2023\/03\/casa_rm_120-150x150.jpg\" class=\"attachment-thumbnail size-thumbnail\" alt=\"Casa RM \/ Interdek\" aria-describedby=\"gallery-4-75607\" \/><\/a>\n\t\t\t<\/div>\n\t\t\t\t<figcaption class='wp-caption-text gallery-caption' id='gallery-4-75607'>\n\t\t\t\tCasa RM \/ Interdek (\u00a9 Andr\u00e9s Alejos)\n\t\t\t\t<\/figcaption><\/figure><figure class='gallery-item'>\n\t\t\t<div class='gallery-icon portrait'>\n\t\t\t\t<a href='https:\/\/www.arquimaster.com.ar\/web\/wp-content\/uploads\/2023\/03\/casa_rm_122.jpg' title=\"Casa RM \/ Interdek (\u00a9 Andr\u00e9s Alejos)\" data-rl_title=\"Casa RM \/ Interdek (\u00a9 Andr\u00e9s Alejos)\" class=\"rl-gallery-link\" data-rl_caption=\"Casa RM \/ Interdek (\u00a9 Andr\u00e9s Alejos)\" data-rel=\"lightbox-gallery-4\"><img loading=\"lazy\" decoding=\"async\" width=\"150\" height=\"150\" src=\"https:\/\/www.arquimaster.com.ar\/web\/wp-content\/uploads\/2023\/03\/casa_rm_122-150x150.jpg\" class=\"attachment-thumbnail size-thumbnail\" alt=\"Casa RM \/ Interdek\" aria-describedby=\"gallery-4-75609\" \/><\/a>\n\t\t\t<\/div>\n\t\t\t\t<figcaption class='wp-caption-text gallery-caption' id='gallery-4-75609'>\n\t\t\t\tCasa RM \/ Interdek (\u00a9 Andr\u00e9s Alejos)\n\t\t\t\t<\/figcaption><\/figure><figure class='gallery-item'>\n\t\t\t<div class='gallery-icon portrait'>\n\t\t\t\t<a href='https:\/\/www.arquimaster.com.ar\/web\/wp-content\/uploads\/2023\/03\/casa_rm_123.jpg' title=\"Casa RM \/ Interdek (\u00a9 Andr\u00e9s Alejos)\" data-rl_title=\"Casa RM \/ Interdek (\u00a9 Andr\u00e9s Alejos)\" class=\"rl-gallery-link\" data-rl_caption=\"Casa RM \/ Interdek (\u00a9 Andr\u00e9s Alejos)\" data-rel=\"lightbox-gallery-4\"><img loading=\"lazy\" decoding=\"async\" width=\"150\" height=\"150\" src=\"https:\/\/www.arquimaster.com.ar\/web\/wp-content\/uploads\/2023\/03\/casa_rm_123-150x150.jpg\" class=\"attachment-thumbnail size-thumbnail\" alt=\"Casa RM \/ Interdek\" aria-describedby=\"gallery-4-75610\" \/><\/a>\n\t\t\t<\/div>\n\t\t\t\t<figcaption class='wp-caption-text gallery-caption' id='gallery-4-75610'>\n\t\t\t\tCasa RM \/ Interdek (\u00a9 Andr\u00e9s Alejos)\n\t\t\t\t<\/figcaption><\/figure><figure class='gallery-item'>\n\t\t\t<div class='gallery-icon portrait'>\n\t\t\t\t<a href='https:\/\/www.arquimaster.com.ar\/web\/wp-content\/uploads\/2023\/03\/casa_rm_124.jpg' title=\"Casa RM \/ Interdek (\u00a9 Andr\u00e9s Alejos)\" data-rl_title=\"Casa RM \/ Interdek (\u00a9 Andr\u00e9s Alejos)\" class=\"rl-gallery-link\" data-rl_caption=\"Casa RM \/ Interdek (\u00a9 Andr\u00e9s Alejos)\" data-rel=\"lightbox-gallery-4\"><img loading=\"lazy\" decoding=\"async\" width=\"150\" height=\"150\" src=\"https:\/\/www.arquimaster.com.ar\/web\/wp-content\/uploads\/2023\/03\/casa_rm_124-150x150.jpg\" class=\"attachment-thumbnail size-thumbnail\" alt=\"Casa RM \/ Interdek\" aria-describedby=\"gallery-4-75611\" \/><\/a>\n\t\t\t<\/div>\n\t\t\t\t<figcaption class='wp-caption-text gallery-caption' id='gallery-4-75611'>\n\t\t\t\tCasa RM \/ Interdek (\u00a9 Andr\u00e9s Alejos)\n\t\t\t\t<\/figcaption><\/figure><figure class='gallery-item'>\n\t\t\t<div class='gallery-icon portrait'>\n\t\t\t\t<a href='https:\/\/www.arquimaster.com.ar\/web\/wp-content\/uploads\/2023\/03\/casa_rm_125.jpg' title=\"Casa RM \/ Interdek (\u00a9 Andr\u00e9s Alejos)\" data-rl_title=\"Casa RM \/ Interdek (\u00a9 Andr\u00e9s Alejos)\" class=\"rl-gallery-link\" data-rl_caption=\"Casa RM \/ Interdek (\u00a9 Andr\u00e9s Alejos)\" data-rel=\"lightbox-gallery-4\"><img loading=\"lazy\" decoding=\"async\" width=\"150\" height=\"150\" src=\"https:\/\/www.arquimaster.com.ar\/web\/wp-content\/uploads\/2023\/03\/casa_rm_125-150x150.jpg\" class=\"attachment-thumbnail size-thumbnail\" alt=\"Casa RM \/ Interdek\" aria-describedby=\"gallery-4-75612\" \/><\/a>\n\t\t\t<\/div>\n\t\t\t\t<figcaption class='wp-caption-text gallery-caption' id='gallery-4-75612'>\n\t\t\t\tCasa RM \/ Interdek (\u00a9 Andr\u00e9s Alejos)\n\t\t\t\t<\/figcaption><\/figure><figure class='gallery-item'>\n\t\t\t<div class='gallery-icon portrait'>\n\t\t\t\t<a href='https:\/\/www.arquimaster.com.ar\/web\/wp-content\/uploads\/2023\/03\/casa_rm_126.jpg' title=\"Casa RM \/ Interdek (\u00a9 Andr\u00e9s Alejos)\" data-rl_title=\"Casa RM \/ Interdek (\u00a9 Andr\u00e9s Alejos)\" class=\"rl-gallery-link\" data-rl_caption=\"Casa RM \/ Interdek (\u00a9 Andr\u00e9s Alejos)\" data-rel=\"lightbox-gallery-4\"><img loading=\"lazy\" decoding=\"async\" width=\"150\" height=\"150\" src=\"https:\/\/www.arquimaster.com.ar\/web\/wp-content\/uploads\/2023\/03\/casa_rm_126-150x150.jpg\" class=\"attachment-thumbnail size-thumbnail\" alt=\"Casa RM \/ Interdek\" aria-describedby=\"gallery-4-75613\" \/><\/a>\n\t\t\t<\/div>\n\t\t\t\t<figcaption class='wp-caption-text gallery-caption' id='gallery-4-75613'>\n\t\t\t\tCasa RM \/ Interdek (\u00a9 Andr\u00e9s Alejos)\n\t\t\t\t<\/figcaption><\/figure><figure class='gallery-item'>\n\t\t\t<div class='gallery-icon portrait'>\n\t\t\t\t<a href='https:\/\/www.arquimaster.com.ar\/web\/wp-content\/uploads\/2023\/03\/casa_rm_127.jpg' title=\"Casa RM \/ Interdek (\u00a9 Andr\u00e9s Alejos)\" data-rl_title=\"Casa RM \/ Interdek (\u00a9 Andr\u00e9s Alejos)\" class=\"rl-gallery-link\" data-rl_caption=\"Casa RM \/ Interdek (\u00a9 Andr\u00e9s Alejos)\" data-rel=\"lightbox-gallery-4\"><img loading=\"lazy\" decoding=\"async\" width=\"150\" height=\"150\" src=\"https:\/\/www.arquimaster.com.ar\/web\/wp-content\/uploads\/2023\/03\/casa_rm_127-150x150.jpg\" class=\"attachment-thumbnail size-thumbnail\" alt=\"Casa RM \/ Interdek\" aria-describedby=\"gallery-4-75614\" \/><\/a>\n\t\t\t<\/div>\n\t\t\t\t<figcaption class='wp-caption-text gallery-caption' id='gallery-4-75614'>\n\t\t\t\tCasa RM \/ Interdek (\u00a9 Andr\u00e9s Alejos)\n\t\t\t\t<\/figcaption><\/figure><figure class='gallery-item'>\n\t\t\t<div class='gallery-icon portrait'>\n\t\t\t\t<a href='https:\/\/www.arquimaster.com.ar\/web\/wp-content\/uploads\/2023\/03\/casa_rm_128.jpg' title=\"Casa RM \/ Interdek (\u00a9 Andr\u00e9s Alejos)\" data-rl_title=\"Casa RM \/ Interdek (\u00a9 Andr\u00e9s Alejos)\" class=\"rl-gallery-link\" data-rl_caption=\"Casa RM \/ Interdek (\u00a9 Andr\u00e9s Alejos)\" data-rel=\"lightbox-gallery-4\"><img loading=\"lazy\" decoding=\"async\" width=\"150\" height=\"150\" src=\"https:\/\/www.arquimaster.com.ar\/web\/wp-content\/uploads\/2023\/03\/casa_rm_128-150x150.jpg\" class=\"attachment-thumbnail size-thumbnail\" alt=\"Casa RM \/ Interdek\" aria-describedby=\"gallery-4-75615\" \/><\/a>\n\t\t\t<\/div>\n\t\t\t\t<figcaption class='wp-caption-text gallery-caption' id='gallery-4-75615'>\n\t\t\t\tCasa RM \/ Interdek (\u00a9 Andr\u00e9s Alejos)\n\t\t\t\t<\/figcaption><\/figure><figure class='gallery-item'>\n\t\t\t<div class='gallery-icon portrait'>\n\t\t\t\t<a href='https:\/\/www.arquimaster.com.ar\/web\/wp-content\/uploads\/2023\/03\/casa_rm_129.jpg' title=\"Casa RM \/ Interdek (\u00a9 Andr\u00e9s Alejos)\" data-rl_title=\"Casa RM \/ Interdek (\u00a9 Andr\u00e9s Alejos)\" class=\"rl-gallery-link\" data-rl_caption=\"Casa RM \/ Interdek (\u00a9 Andr\u00e9s Alejos)\" data-rel=\"lightbox-gallery-4\"><img loading=\"lazy\" decoding=\"async\" width=\"150\" height=\"150\" src=\"https:\/\/www.arquimaster.com.ar\/web\/wp-content\/uploads\/2023\/03\/casa_rm_129-150x150.jpg\" class=\"attachment-thumbnail size-thumbnail\" alt=\"Casa RM \/ Interdek\" aria-describedby=\"gallery-4-75616\" \/><\/a>\n\t\t\t<\/div>\n\t\t\t\t<figcaption class='wp-caption-text gallery-caption' id='gallery-4-75616'>\n\t\t\t\tCasa RM \/ Interdek (\u00a9 Andr\u00e9s Alejos)\n\t\t\t\t<\/figcaption><\/figure><figure class='gallery-item'>\n\t\t\t<div class='gallery-icon portrait'>\n\t\t\t\t<a href='https:\/\/www.arquimaster.com.ar\/web\/wp-content\/uploads\/2023\/03\/casa_rm_130.jpg' title=\"Casa RM \/ Interdek (\u00a9 Andr\u00e9s Alejos)\" data-rl_title=\"Casa RM \/ Interdek (\u00a9 Andr\u00e9s Alejos)\" class=\"rl-gallery-link\" data-rl_caption=\"Casa RM \/ Interdek (\u00a9 Andr\u00e9s Alejos)\" data-rel=\"lightbox-gallery-4\"><img loading=\"lazy\" decoding=\"async\" width=\"150\" height=\"150\" src=\"https:\/\/www.arquimaster.com.ar\/web\/wp-content\/uploads\/2023\/03\/casa_rm_130-150x150.jpg\" class=\"attachment-thumbnail size-thumbnail\" alt=\"Casa RM \/ Interdek\" aria-describedby=\"gallery-4-75617\" \/><\/a>\n\t\t\t<\/div>\n\t\t\t\t<figcaption class='wp-caption-text gallery-caption' id='gallery-4-75617'>\n\t\t\t\tCasa RM \/ Interdek (\u00a9 Andr\u00e9s Alejos)\n\t\t\t\t<\/figcaption><\/figure><figure class='gallery-item'>\n\t\t\t<div class='gallery-icon portrait'>\n\t\t\t\t<a href='https:\/\/www.arquimaster.com.ar\/web\/wp-content\/uploads\/2023\/03\/casa_rm_109.jpg' title=\"Casa RM \/ Interdek (\u00a9 Andr\u00e9s Alejos)\" data-rl_title=\"Casa RM \/ Interdek (\u00a9 Andr\u00e9s Alejos)\" class=\"rl-gallery-link\" data-rl_caption=\"Casa RM \/ Interdek (\u00a9 Andr\u00e9s Alejos)\" data-rel=\"lightbox-gallery-4\"><img loading=\"lazy\" decoding=\"async\" width=\"150\" height=\"150\" src=\"https:\/\/www.arquimaster.com.ar\/web\/wp-content\/uploads\/2023\/03\/casa_rm_109-150x150.jpg\" class=\"attachment-thumbnail size-thumbnail\" alt=\"Casa RM \/ Interdek\" aria-describedby=\"gallery-4-75596\" \/><\/a>\n\t\t\t<\/div>\n\t\t\t\t<figcaption class='wp-caption-text gallery-caption' id='gallery-4-75596'>\n\t\t\t\tCasa RM \/ Interdek (\u00a9 Andr\u00e9s Alejos)\n\t\t\t\t<\/figcaption><\/figure><figure class='gallery-item'>\n\t\t\t<div class='gallery-icon landscape'>\n\t\t\t\t<a href='https:\/\/www.arquimaster.com.ar\/web\/wp-content\/uploads\/2023\/03\/casa_rm_110.jpg' title=\"Casa RM \/ Interdek (\u00a9 Andr\u00e9s Alejos)\" data-rl_title=\"Casa RM \/ Interdek (\u00a9 Andr\u00e9s Alejos)\" class=\"rl-gallery-link\" data-rl_caption=\"Casa RM \/ Interdek (\u00a9 Andr\u00e9s Alejos)\" data-rel=\"lightbox-gallery-4\"><img loading=\"lazy\" decoding=\"async\" width=\"150\" height=\"150\" src=\"https:\/\/www.arquimaster.com.ar\/web\/wp-content\/uploads\/2023\/03\/casa_rm_110-150x150.jpg\" class=\"attachment-thumbnail size-thumbnail\" alt=\"Casa RM \/ Interdek\" aria-describedby=\"gallery-4-75597\" \/><\/a>\n\t\t\t<\/div>\n\t\t\t\t<figcaption class='wp-caption-text gallery-caption' id='gallery-4-75597'>\n\t\t\t\tCasa RM \/ Interdek (\u00a9 Andr\u00e9s Alejos)\n\t\t\t\t<\/figcaption><\/figure><figure class='gallery-item'>\n\t\t\t<div class='gallery-icon landscape'>\n\t\t\t\t<a href='https:\/\/www.arquimaster.com.ar\/web\/wp-content\/uploads\/2023\/03\/casa_rm_111.jpg' title=\"Casa RM \/ Interdek (\u00a9 Andr\u00e9s Alejos)\" data-rl_title=\"Casa RM \/ Interdek (\u00a9 Andr\u00e9s Alejos)\" class=\"rl-gallery-link\" data-rl_caption=\"Casa RM \/ Interdek (\u00a9 Andr\u00e9s Alejos)\" data-rel=\"lightbox-gallery-4\"><img loading=\"lazy\" decoding=\"async\" width=\"150\" height=\"150\" src=\"https:\/\/www.arquimaster.com.ar\/web\/wp-content\/uploads\/2023\/03\/casa_rm_111-150x150.jpg\" class=\"attachment-thumbnail size-thumbnail\" alt=\"Casa RM \/ Interdek\" aria-describedby=\"gallery-4-75598\" \/><\/a>\n\t\t\t<\/div>\n\t\t\t\t<figcaption class='wp-caption-text gallery-caption' id='gallery-4-75598'>\n\t\t\t\tCasa RM \/ Interdek (\u00a9 Andr\u00e9s Alejos)\n\t\t\t\t<\/figcaption><\/figure><figure class='gallery-item'>\n\t\t\t<div class='gallery-icon portrait'>\n\t\t\t\t<a href='https:\/\/www.arquimaster.com.ar\/web\/wp-content\/uploads\/2023\/03\/casa_rm_112.jpg' title=\"Casa RM \/ Interdek (\u00a9 Andr\u00e9s Alejos)\" data-rl_title=\"Casa RM \/ Interdek (\u00a9 Andr\u00e9s Alejos)\" class=\"rl-gallery-link\" data-rl_caption=\"Casa RM \/ Interdek (\u00a9 Andr\u00e9s Alejos)\" data-rel=\"lightbox-gallery-4\"><img loading=\"lazy\" decoding=\"async\" width=\"150\" height=\"150\" src=\"https:\/\/www.arquimaster.com.ar\/web\/wp-content\/uploads\/2023\/03\/casa_rm_112-150x150.jpg\" class=\"attachment-thumbnail size-thumbnail\" alt=\"Casa RM \/ Interdek\" aria-describedby=\"gallery-4-75599\" \/><\/a>\n\t\t\t<\/div>\n\t\t\t\t<figcaption class='wp-caption-text gallery-caption' id='gallery-4-75599'>\n\t\t\t\tCasa RM \/ Interdek (\u00a9 Andr\u00e9s Alejos)\n\t\t\t\t<\/figcaption><\/figure><figure class='gallery-item'>\n\t\t\t<div class='gallery-icon portrait'>\n\t\t\t\t<a href='https:\/\/www.arquimaster.com.ar\/web\/wp-content\/uploads\/2023\/03\/casa_rm_113.jpg' title=\"Casa RM \/ Interdek (\u00a9 Andr\u00e9s Alejos)\" data-rl_title=\"Casa RM \/ Interdek (\u00a9 Andr\u00e9s Alejos)\" class=\"rl-gallery-link\" data-rl_caption=\"Casa RM \/ Interdek (\u00a9 Andr\u00e9s Alejos)\" data-rel=\"lightbox-gallery-4\"><img loading=\"lazy\" decoding=\"async\" width=\"150\" height=\"150\" src=\"https:\/\/www.arquimaster.com.ar\/web\/wp-content\/uploads\/2023\/03\/casa_rm_113-150x150.jpg\" class=\"attachment-thumbnail size-thumbnail\" alt=\"Casa RM \/ Interdek\" aria-describedby=\"gallery-4-75600\" \/><\/a>\n\t\t\t<\/div>\n\t\t\t\t<figcaption class='wp-caption-text gallery-caption' id='gallery-4-75600'>\n\t\t\t\tCasa RM \/ Interdek (\u00a9 Andr\u00e9s Alejos)\n\t\t\t\t<\/figcaption><\/figure><figure class='gallery-item'>\n\t\t\t<div class='gallery-icon portrait'>\n\t\t\t\t<a href='https:\/\/www.arquimaster.com.ar\/web\/wp-content\/uploads\/2023\/03\/casa_rm_114.jpg' title=\"Casa RM \/ Interdek (\u00a9 Andr\u00e9s Alejos)\" data-rl_title=\"Casa RM \/ Interdek (\u00a9 Andr\u00e9s Alejos)\" class=\"rl-gallery-link\" data-rl_caption=\"Casa RM \/ Interdek (\u00a9 Andr\u00e9s Alejos)\" data-rel=\"lightbox-gallery-4\"><img loading=\"lazy\" decoding=\"async\" width=\"150\" height=\"150\" src=\"https:\/\/www.arquimaster.com.ar\/web\/wp-content\/uploads\/2023\/03\/casa_rm_114-150x150.jpg\" class=\"attachment-thumbnail size-thumbnail\" alt=\"Casa RM \/ Interdek\" aria-describedby=\"gallery-4-75601\" \/><\/a>\n\t\t\t<\/div>\n\t\t\t\t<figcaption class='wp-caption-text gallery-caption' id='gallery-4-75601'>\n\t\t\t\tCasa RM \/ Interdek (\u00a9 Andr\u00e9s Alejos)\n\t\t\t\t<\/figcaption><\/figure><figure class='gallery-item'>\n\t\t\t<div class='gallery-icon portrait'>\n\t\t\t\t<a href='https:\/\/www.arquimaster.com.ar\/web\/wp-content\/uploads\/2023\/03\/casa_rm_115.jpg' title=\"Casa RM \/ Interdek (\u00a9 Andr\u00e9s Alejos)\" data-rl_title=\"Casa RM \/ Interdek (\u00a9 Andr\u00e9s Alejos)\" class=\"rl-gallery-link\" data-rl_caption=\"Casa RM \/ Interdek (\u00a9 Andr\u00e9s Alejos)\" data-rel=\"lightbox-gallery-4\"><img loading=\"lazy\" decoding=\"async\" width=\"150\" height=\"150\" src=\"https:\/\/www.arquimaster.com.ar\/web\/wp-content\/uploads\/2023\/03\/casa_rm_115-150x150.jpg\" class=\"attachment-thumbnail size-thumbnail\" alt=\"Casa RM \/ Interdek\" aria-describedby=\"gallery-4-75602\" \/><\/a>\n\t\t\t<\/div>\n\t\t\t\t<figcaption class='wp-caption-text gallery-caption' id='gallery-4-75602'>\n\t\t\t\tCasa RM \/ Interdek (\u00a9 Andr\u00e9s Alejos)\n\t\t\t\t<\/figcaption><\/figure><figure class='gallery-item'>\n\t\t\t<div class='gallery-icon portrait'>\n\t\t\t\t<a href='https:\/\/www.arquimaster.com.ar\/web\/wp-content\/uploads\/2023\/03\/casa_rm_116.jpg' title=\"Casa RM \/ Interdek (\u00a9 Andr\u00e9s Alejos)\" data-rl_title=\"Casa RM \/ Interdek (\u00a9 Andr\u00e9s Alejos)\" class=\"rl-gallery-link\" data-rl_caption=\"Casa RM \/ Interdek (\u00a9 Andr\u00e9s Alejos)\" data-rel=\"lightbox-gallery-4\"><img loading=\"lazy\" decoding=\"async\" width=\"150\" height=\"150\" src=\"https:\/\/www.arquimaster.com.ar\/web\/wp-content\/uploads\/2023\/03\/casa_rm_116-150x150.jpg\" class=\"attachment-thumbnail size-thumbnail\" alt=\"Casa RM \/ Interdek\" aria-describedby=\"gallery-4-75603\" \/><\/a>\n\t\t\t<\/div>\n\t\t\t\t<figcaption class='wp-caption-text gallery-caption' id='gallery-4-75603'>\n\t\t\t\tCasa RM \/ Interdek (\u00a9 Andr\u00e9s Alejos)\n\t\t\t\t<\/figcaption><\/figure><figure class='gallery-item'>\n\t\t\t<div class='gallery-icon portrait'>\n\t\t\t\t<a href='https:\/\/www.arquimaster.com.ar\/web\/wp-content\/uploads\/2023\/03\/casa_rm_117.jpg' title=\"Casa RM \/ Interdek (\u00a9 Andr\u00e9s Alejos)\" data-rl_title=\"Casa RM \/ Interdek (\u00a9 Andr\u00e9s Alejos)\" class=\"rl-gallery-link\" data-rl_caption=\"Casa RM \/ Interdek (\u00a9 Andr\u00e9s Alejos)\" data-rel=\"lightbox-gallery-4\"><img loading=\"lazy\" decoding=\"async\" width=\"150\" height=\"150\" src=\"https:\/\/www.arquimaster.com.ar\/web\/wp-content\/uploads\/2023\/03\/casa_rm_117-150x150.jpg\" class=\"attachment-thumbnail size-thumbnail\" alt=\"Casa RM \/ Interdek\" aria-describedby=\"gallery-4-75604\" \/><\/a>\n\t\t\t<\/div>\n\t\t\t\t<figcaption class='wp-caption-text gallery-caption' id='gallery-4-75604'>\n\t\t\t\tCasa RM \/ Interdek (\u00a9 Andr\u00e9s Alejos)\n\t\t\t\t<\/figcaption><\/figure><figure class='gallery-item'>\n\t\t\t<div class='gallery-icon portrait'>\n\t\t\t\t<a href='https:\/\/www.arquimaster.com.ar\/web\/wp-content\/uploads\/2023\/03\/casa_rm_118.jpg' title=\"Casa RM \/ Interdek (\u00a9 Andr\u00e9s Alejos)\" data-rl_title=\"Casa RM \/ Interdek (\u00a9 Andr\u00e9s Alejos)\" class=\"rl-gallery-link\" data-rl_caption=\"Casa RM \/ Interdek (\u00a9 Andr\u00e9s Alejos)\" data-rel=\"lightbox-gallery-4\"><img loading=\"lazy\" decoding=\"async\" width=\"150\" height=\"150\" src=\"https:\/\/www.arquimaster.com.ar\/web\/wp-content\/uploads\/2023\/03\/casa_rm_118-150x150.jpg\" class=\"attachment-thumbnail size-thumbnail\" alt=\"Casa RM \/ Interdek\" aria-describedby=\"gallery-4-75605\" \/><\/a>\n\t\t\t<\/div>\n\t\t\t\t<figcaption class='wp-caption-text gallery-caption' id='gallery-4-75605'>\n\t\t\t\tCasa RM \/ Interdek (\u00a9 Andr\u00e9s Alejos)\n\t\t\t\t<\/figcaption><\/figure><figure class='gallery-item'>\n\t\t\t<div class='gallery-icon portrait'>\n\t\t\t\t<a href='https:\/\/www.arquimaster.com.ar\/web\/wp-content\/uploads\/2023\/03\/casa_rm_131.jpg' title=\"Casa RM \/ Interdek (\u00a9 Andr\u00e9s Alejos)\" data-rl_title=\"Casa RM \/ Interdek (\u00a9 Andr\u00e9s Alejos)\" class=\"rl-gallery-link\" data-rl_caption=\"Casa RM \/ Interdek (\u00a9 Andr\u00e9s Alejos)\" data-rel=\"lightbox-gallery-4\"><img loading=\"lazy\" decoding=\"async\" width=\"150\" height=\"150\" src=\"https:\/\/www.arquimaster.com.ar\/web\/wp-content\/uploads\/2023\/03\/casa_rm_131-150x150.jpg\" class=\"attachment-thumbnail size-thumbnail\" alt=\"Casa RM \/ Interdek\" aria-describedby=\"gallery-4-75618\" \/><\/a>\n\t\t\t<\/div>\n\t\t\t\t<figcaption class='wp-caption-text gallery-caption' id='gallery-4-75618'>\n\t\t\t\tCasa RM \/ Interdek (\u00a9 Andr\u00e9s Alejos)\n\t\t\t\t<\/figcaption><\/figure><figure class='gallery-item'>\n\t\t\t<div class='gallery-icon portrait'>\n\t\t\t\t<a href='https:\/\/www.arquimaster.com.ar\/web\/wp-content\/uploads\/2023\/03\/casa_rm_132.jpg' title=\"Casa RM \/ Interdek (\u00a9 Andr\u00e9s Alejos)\" data-rl_title=\"Casa RM \/ Interdek (\u00a9 Andr\u00e9s Alejos)\" class=\"rl-gallery-link\" data-rl_caption=\"Casa RM \/ Interdek (\u00a9 Andr\u00e9s Alejos)\" data-rel=\"lightbox-gallery-4\"><img loading=\"lazy\" decoding=\"async\" width=\"150\" height=\"150\" src=\"https:\/\/www.arquimaster.com.ar\/web\/wp-content\/uploads\/2023\/03\/casa_rm_132-150x150.jpg\" class=\"attachment-thumbnail size-thumbnail\" alt=\"Casa RM \/ Interdek\" aria-describedby=\"gallery-4-75619\" \/><\/a>\n\t\t\t<\/div>\n\t\t\t\t<figcaption class='wp-caption-text gallery-caption' id='gallery-4-75619'>\n\t\t\t\tCasa RM \/ Interdek (\u00a9 Andr\u00e9s Alejos)\n\t\t\t\t<\/figcaption><\/figure><figure class='gallery-item'>\n\t\t\t<div class='gallery-icon portrait'>\n\t\t\t\t<a href='https:\/\/www.arquimaster.com.ar\/web\/wp-content\/uploads\/2023\/03\/casa_rm_133.jpg' title=\"Casa RM \/ Interdek (\u00a9 Andr\u00e9s Alejos)\" data-rl_title=\"Casa RM \/ Interdek (\u00a9 Andr\u00e9s Alejos)\" class=\"rl-gallery-link\" data-rl_caption=\"Casa RM \/ Interdek (\u00a9 Andr\u00e9s Alejos)\" data-rel=\"lightbox-gallery-4\"><img loading=\"lazy\" decoding=\"async\" width=\"150\" height=\"150\" src=\"https:\/\/www.arquimaster.com.ar\/web\/wp-content\/uploads\/2023\/03\/casa_rm_133-150x150.jpg\" class=\"attachment-thumbnail size-thumbnail\" alt=\"Casa RM \/ Interdek\" aria-describedby=\"gallery-4-75620\" \/><\/a>\n\t\t\t<\/div>\n\t\t\t\t<figcaption class='wp-caption-text gallery-caption' id='gallery-4-75620'>\n\t\t\t\tCasa RM \/ Interdek (\u00a9 Andr\u00e9s Alejos)\n\t\t\t\t<\/figcaption><\/figure><figure class='gallery-item'>\n\t\t\t<div class='gallery-icon portrait'>\n\t\t\t\t<a href='https:\/\/www.arquimaster.com.ar\/web\/wp-content\/uploads\/2023\/03\/casa_rm_134.jpg' title=\"Casa RM \/ Interdek (\u00a9 Andr\u00e9s Alejos)\" data-rl_title=\"Casa RM \/ Interdek (\u00a9 Andr\u00e9s Alejos)\" class=\"rl-gallery-link\" data-rl_caption=\"Casa RM \/ Interdek (\u00a9 Andr\u00e9s Alejos)\" data-rel=\"lightbox-gallery-4\"><img loading=\"lazy\" decoding=\"async\" width=\"150\" height=\"150\" src=\"https:\/\/www.arquimaster.com.ar\/web\/wp-content\/uploads\/2023\/03\/casa_rm_134-150x150.jpg\" class=\"attachment-thumbnail size-thumbnail\" alt=\"Casa RM \/ Interdek\" aria-describedby=\"gallery-4-75621\" \/><\/a>\n\t\t\t<\/div>\n\t\t\t\t<figcaption class='wp-caption-text gallery-caption' id='gallery-4-75621'>\n\t\t\t\tCasa RM \/ Interdek (\u00a9 Andr\u00e9s Alejos)\n\t\t\t\t<\/figcaption><\/figure><figure class='gallery-item'>\n\t\t\t<div class='gallery-icon portrait'>\n\t\t\t\t<a href='https:\/\/www.arquimaster.com.ar\/web\/wp-content\/uploads\/2023\/03\/casa_rm_135.jpg' title=\"Casa RM \/ Interdek (\u00a9 Andr\u00e9s Alejos)\" data-rl_title=\"Casa RM \/ Interdek (\u00a9 Andr\u00e9s Alejos)\" class=\"rl-gallery-link\" data-rl_caption=\"Casa RM \/ Interdek (\u00a9 Andr\u00e9s Alejos)\" data-rel=\"lightbox-gallery-4\"><img loading=\"lazy\" decoding=\"async\" width=\"150\" height=\"150\" src=\"https:\/\/www.arquimaster.com.ar\/web\/wp-content\/uploads\/2023\/03\/casa_rm_135-150x150.jpg\" class=\"attachment-thumbnail size-thumbnail\" alt=\"Casa RM \/ Interdek\" aria-describedby=\"gallery-4-75622\" \/><\/a>\n\t\t\t<\/div>\n\t\t\t\t<figcaption class='wp-caption-text gallery-caption' id='gallery-4-75622'>\n\t\t\t\tCasa RM \/ Interdek (\u00a9 Andr\u00e9s Alejos)\n\t\t\t\t<\/figcaption><\/figure><figure class='gallery-item'>\n\t\t\t<div class='gallery-icon portrait'>\n\t\t\t\t<a href='https:\/\/www.arquimaster.com.ar\/web\/wp-content\/uploads\/2023\/03\/casa_rm_136.jpg' title=\"Casa RM \/ Interdek (\u00a9 Andr\u00e9s Alejos)\" data-rl_title=\"Casa RM \/ Interdek (\u00a9 Andr\u00e9s Alejos)\" class=\"rl-gallery-link\" data-rl_caption=\"Casa RM \/ Interdek (\u00a9 Andr\u00e9s Alejos)\" data-rel=\"lightbox-gallery-4\"><img loading=\"lazy\" decoding=\"async\" width=\"150\" height=\"150\" src=\"https:\/\/www.arquimaster.com.ar\/web\/wp-content\/uploads\/2023\/03\/casa_rm_136-150x150.jpg\" class=\"attachment-thumbnail size-thumbnail\" alt=\"Casa RM \/ Interdek\" aria-describedby=\"gallery-4-75623\" \/><\/a>\n\t\t\t<\/div>\n\t\t\t\t<figcaption class='wp-caption-text gallery-caption' id='gallery-4-75623'>\n\t\t\t\tCasa RM \/ Interdek (\u00a9 Andr\u00e9s Alejos)\n\t\t\t\t<\/figcaption><\/figure><figure class='gallery-item'>\n\t\t\t<div class='gallery-icon portrait'>\n\t\t\t\t<a href='https:\/\/www.arquimaster.com.ar\/web\/wp-content\/uploads\/2023\/03\/casa_rm_137.jpg' title=\"Casa RM \/ Interdek (\u00a9 Andr\u00e9s Alejos)\" data-rl_title=\"Casa RM \/ Interdek (\u00a9 Andr\u00e9s Alejos)\" class=\"rl-gallery-link\" data-rl_caption=\"Casa RM \/ Interdek (\u00a9 Andr\u00e9s Alejos)\" data-rel=\"lightbox-gallery-4\"><img loading=\"lazy\" decoding=\"async\" width=\"150\" height=\"150\" src=\"https:\/\/www.arquimaster.com.ar\/web\/wp-content\/uploads\/2023\/03\/casa_rm_137-150x150.jpg\" class=\"attachment-thumbnail size-thumbnail\" alt=\"Casa RM \/ Interdek\" aria-describedby=\"gallery-4-75624\" \/><\/a>\n\t\t\t<\/div>\n\t\t\t\t<figcaption class='wp-caption-text gallery-caption' id='gallery-4-75624'>\n\t\t\t\tCasa RM \/ Interdek (\u00a9 Andr\u00e9s Alejos)\n\t\t\t\t<\/figcaption><\/figure><figure class='gallery-item'>\n\t\t\t<div class='gallery-icon portrait'>\n\t\t\t\t<a href='https:\/\/www.arquimaster.com.ar\/web\/wp-content\/uploads\/2023\/03\/casa_rm_138.jpg' title=\"Casa RM \/ Interdek (\u00a9 Andr\u00e9s Alejos)\" data-rl_title=\"Casa RM \/ Interdek (\u00a9 Andr\u00e9s Alejos)\" class=\"rl-gallery-link\" data-rl_caption=\"Casa RM \/ Interdek (\u00a9 Andr\u00e9s Alejos)\" data-rel=\"lightbox-gallery-4\"><img loading=\"lazy\" decoding=\"async\" width=\"150\" height=\"150\" src=\"https:\/\/www.arquimaster.com.ar\/web\/wp-content\/uploads\/2023\/03\/casa_rm_138-150x150.jpg\" class=\"attachment-thumbnail size-thumbnail\" alt=\"Casa RM \/ Interdek\" aria-describedby=\"gallery-4-75625\" \/><\/a>\n\t\t\t<\/div>\n\t\t\t\t<figcaption class='wp-caption-text gallery-caption' id='gallery-4-75625'>\n\t\t\t\tCasa RM \/ Interdek (\u00a9 Andr\u00e9s Alejos)\n\t\t\t\t<\/figcaption><\/figure><figure class='gallery-item'>\n\t\t\t<div class='gallery-icon portrait'>\n\t\t\t\t<a href='https:\/\/www.arquimaster.com.ar\/web\/wp-content\/uploads\/2023\/03\/casa_rm_139.jpg' title=\"Casa RM \/ Interdek (\u00a9 Andr\u00e9s Alejos)\" data-rl_title=\"Casa RM \/ Interdek (\u00a9 Andr\u00e9s Alejos)\" class=\"rl-gallery-link\" data-rl_caption=\"Casa RM \/ Interdek (\u00a9 Andr\u00e9s Alejos)\" data-rel=\"lightbox-gallery-4\"><img loading=\"lazy\" decoding=\"async\" width=\"150\" height=\"150\" src=\"https:\/\/www.arquimaster.com.ar\/web\/wp-content\/uploads\/2023\/03\/casa_rm_139-150x150.jpg\" class=\"attachment-thumbnail size-thumbnail\" alt=\"Casa RM \/ Interdek\" aria-describedby=\"gallery-4-75626\" \/><\/a>\n\t\t\t<\/div>\n\t\t\t\t<figcaption class='wp-caption-text gallery-caption' id='gallery-4-75626'>\n\t\t\t\tCasa RM \/ Interdek (\u00a9 Andr\u00e9s Alejos)\n\t\t\t\t<\/figcaption><\/figure><figure class='gallery-item'>\n\t\t\t<div class='gallery-icon portrait'>\n\t\t\t\t<a href='https:\/\/www.arquimaster.com.ar\/web\/wp-content\/uploads\/2023\/03\/casa_rm_140.jpg' title=\"Casa RM \/ Interdek (\u00a9 Andr\u00e9s Alejos)\" data-rl_title=\"Casa RM \/ Interdek (\u00a9 Andr\u00e9s Alejos)\" class=\"rl-gallery-link\" data-rl_caption=\"Casa RM \/ Interdek (\u00a9 Andr\u00e9s Alejos)\" data-rel=\"lightbox-gallery-4\"><img loading=\"lazy\" decoding=\"async\" width=\"150\" height=\"150\" src=\"https:\/\/www.arquimaster.com.ar\/web\/wp-content\/uploads\/2023\/03\/casa_rm_140-150x150.jpg\" class=\"attachment-thumbnail size-thumbnail\" alt=\"Casa RM \/ Interdek\" aria-describedby=\"gallery-4-75627\" \/><\/a>\n\t\t\t<\/div>\n\t\t\t\t<figcaption class='wp-caption-text gallery-caption' id='gallery-4-75627'>\n\t\t\t\tCasa RM \/ Interdek (\u00a9 Andr\u00e9s Alejos)\n\t\t\t\t<\/figcaption><\/figure><figure class='gallery-item'>\n\t\t\t<div class='gallery-icon portrait'>\n\t\t\t\t<a href='https:\/\/www.arquimaster.com.ar\/web\/wp-content\/uploads\/2023\/03\/casa_rm_141.jpg' title=\"Casa RM \/ Interdek (\u00a9 Andr\u00e9s Alejos)\" data-rl_title=\"Casa RM \/ Interdek (\u00a9 Andr\u00e9s Alejos)\" class=\"rl-gallery-link\" data-rl_caption=\"Casa RM \/ Interdek (\u00a9 Andr\u00e9s Alejos)\" data-rel=\"lightbox-gallery-4\"><img loading=\"lazy\" decoding=\"async\" width=\"150\" height=\"150\" src=\"https:\/\/www.arquimaster.com.ar\/web\/wp-content\/uploads\/2023\/03\/casa_rm_141-150x150.jpg\" class=\"attachment-thumbnail size-thumbnail\" alt=\"Casa RM \/ Interdek\" aria-describedby=\"gallery-4-75628\" \/><\/a>\n\t\t\t<\/div>\n\t\t\t\t<figcaption class='wp-caption-text gallery-caption' id='gallery-4-75628'>\n\t\t\t\tCasa RM \/ Interdek (\u00a9 Andr\u00e9s Alejos)\n\t\t\t\t<\/figcaption><\/figure><figure class='gallery-item'>\n\t\t\t<div class='gallery-icon portrait'>\n\t\t\t\t<a href='https:\/\/www.arquimaster.com.ar\/web\/wp-content\/uploads\/2023\/03\/casa_rm_142.jpg' title=\"Casa RM \/ Interdek (\u00a9 Andr\u00e9s Alejos)\" data-rl_title=\"Casa RM \/ Interdek (\u00a9 Andr\u00e9s Alejos)\" class=\"rl-gallery-link\" data-rl_caption=\"Casa RM \/ Interdek (\u00a9 Andr\u00e9s Alejos)\" data-rel=\"lightbox-gallery-4\"><img loading=\"lazy\" decoding=\"async\" width=\"150\" height=\"150\" src=\"https:\/\/www.arquimaster.com.ar\/web\/wp-content\/uploads\/2023\/03\/casa_rm_142-150x150.jpg\" class=\"attachment-thumbnail size-thumbnail\" alt=\"Casa RM \/ Interdek\" aria-describedby=\"gallery-4-75629\" \/><\/a>\n\t\t\t<\/div>\n\t\t\t\t<figcaption class='wp-caption-text gallery-caption' id='gallery-4-75629'>\n\t\t\t\tCasa RM \/ Interdek (\u00a9 Andr\u00e9s Alejos)\n\t\t\t\t<\/figcaption><\/figure><figure class='gallery-item'>\n\t\t\t<div class='gallery-icon portrait'>\n\t\t\t\t<a href='https:\/\/www.arquimaster.com.ar\/web\/wp-content\/uploads\/2023\/03\/casa_rm_143.jpg' title=\"Casa RM \/ Interdek (\u00a9 Andr\u00e9s Alejos)\" data-rl_title=\"Casa RM \/ Interdek (\u00a9 Andr\u00e9s Alejos)\" class=\"rl-gallery-link\" data-rl_caption=\"Casa RM \/ Interdek (\u00a9 Andr\u00e9s Alejos)\" data-rel=\"lightbox-gallery-4\"><img loading=\"lazy\" decoding=\"async\" width=\"150\" height=\"150\" src=\"https:\/\/www.arquimaster.com.ar\/web\/wp-content\/uploads\/2023\/03\/casa_rm_143-150x150.jpg\" class=\"attachment-thumbnail size-thumbnail\" alt=\"Casa RM \/ Interdek\" aria-describedby=\"gallery-4-75630\" \/><\/a>\n\t\t\t<\/div>\n\t\t\t\t<figcaption class='wp-caption-text gallery-caption' id='gallery-4-75630'>\n\t\t\t\tCasa RM \/ Interdek (\u00a9 Andr\u00e9s Alejos)\n\t\t\t\t<\/figcaption><\/figure><figure class='gallery-item'>\n\t\t\t<div class='gallery-icon portrait'>\n\t\t\t\t<a href='https:\/\/www.arquimaster.com.ar\/web\/wp-content\/uploads\/2023\/03\/casa_rm_144.jpg' title=\"Casa RM \/ Interdek (\u00a9 Andr\u00e9s Alejos)\" data-rl_title=\"Casa RM \/ Interdek (\u00a9 Andr\u00e9s Alejos)\" class=\"rl-gallery-link\" data-rl_caption=\"Casa RM \/ Interdek (\u00a9 Andr\u00e9s Alejos)\" data-rel=\"lightbox-gallery-4\"><img loading=\"lazy\" decoding=\"async\" width=\"150\" height=\"150\" src=\"https:\/\/www.arquimaster.com.ar\/web\/wp-content\/uploads\/2023\/03\/casa_rm_144-150x150.jpg\" class=\"attachment-thumbnail size-thumbnail\" alt=\"Casa RM \/ Interdek\" aria-describedby=\"gallery-4-75631\" \/><\/a>\n\t\t\t<\/div>\n\t\t\t\t<figcaption class='wp-caption-text gallery-caption' id='gallery-4-75631'>\n\t\t\t\tCasa RM \/ Interdek (\u00a9 Andr\u00e9s Alejos)\n\t\t\t\t<\/figcaption><\/figure><figure class='gallery-item'>\n\t\t\t<div class='gallery-icon portrait'>\n\t\t\t\t<a href='https:\/\/www.arquimaster.com.ar\/web\/wp-content\/uploads\/2023\/03\/casa_rm_145.jpg' title=\"Casa RM \/ Interdek (\u00a9 Andr\u00e9s Alejos)\" data-rl_title=\"Casa RM \/ Interdek (\u00a9 Andr\u00e9s Alejos)\" class=\"rl-gallery-link\" data-rl_caption=\"Casa RM \/ Interdek (\u00a9 Andr\u00e9s Alejos)\" data-rel=\"lightbox-gallery-4\"><img loading=\"lazy\" decoding=\"async\" width=\"150\" height=\"150\" src=\"https:\/\/www.arquimaster.com.ar\/web\/wp-content\/uploads\/2023\/03\/casa_rm_145-150x150.jpg\" class=\"attachment-thumbnail size-thumbnail\" alt=\"Casa RM \/ Interdek\" aria-describedby=\"gallery-4-75632\" \/><\/a>\n\t\t\t<\/div>\n\t\t\t\t<figcaption class='wp-caption-text gallery-caption' id='gallery-4-75632'>\n\t\t\t\tCasa RM \/ Interdek (\u00a9 Andr\u00e9s Alejos)\n\t\t\t\t<\/figcaption><\/figure><figure class='gallery-item'>\n\t\t\t<div class='gallery-icon portrait'>\n\t\t\t\t<a href='https:\/\/www.arquimaster.com.ar\/web\/wp-content\/uploads\/2023\/03\/casa_rm_146.jpg' title=\"Casa RM \/ Interdek (\u00a9 Andr\u00e9s Alejos)\" data-rl_title=\"Casa RM \/ Interdek (\u00a9 Andr\u00e9s Alejos)\" class=\"rl-gallery-link\" data-rl_caption=\"Casa RM \/ Interdek (\u00a9 Andr\u00e9s Alejos)\" data-rel=\"lightbox-gallery-4\"><img loading=\"lazy\" decoding=\"async\" width=\"150\" height=\"150\" src=\"https:\/\/www.arquimaster.com.ar\/web\/wp-content\/uploads\/2023\/03\/casa_rm_146-150x150.jpg\" class=\"attachment-thumbnail size-thumbnail\" alt=\"Casa RM \/ Interdek\" aria-describedby=\"gallery-4-75633\" \/><\/a>\n\t\t\t<\/div>\n\t\t\t\t<figcaption class='wp-caption-text gallery-caption' id='gallery-4-75633'>\n\t\t\t\tCasa RM \/ Interdek (\u00a9 Andr\u00e9s Alejos)\n\t\t\t\t<\/figcaption><\/figure><figure class='gallery-item'>\n\t\t\t<div class='gallery-icon portrait'>\n\t\t\t\t<a href='https:\/\/www.arquimaster.com.ar\/web\/wp-content\/uploads\/2023\/03\/casa_rm_147.jpg' title=\"Casa RM \/ Interdek (\u00a9 Andr\u00e9s Alejos)\" data-rl_title=\"Casa RM \/ Interdek (\u00a9 Andr\u00e9s Alejos)\" class=\"rl-gallery-link\" data-rl_caption=\"Casa RM \/ Interdek (\u00a9 Andr\u00e9s Alejos)\" data-rel=\"lightbox-gallery-4\"><img loading=\"lazy\" decoding=\"async\" width=\"150\" height=\"150\" src=\"https:\/\/www.arquimaster.com.ar\/web\/wp-content\/uploads\/2023\/03\/casa_rm_147-150x150.jpg\" class=\"attachment-thumbnail size-thumbnail\" alt=\"Casa RM \/ Interdek\" aria-describedby=\"gallery-4-75634\" \/><\/a>\n\t\t\t<\/div>\n\t\t\t\t<figcaption class='wp-caption-text gallery-caption' id='gallery-4-75634'>\n\t\t\t\tCasa RM \/ Interdek (\u00a9 Andr\u00e9s Alejos)\n\t\t\t\t<\/figcaption><\/figure>\n\t\t<\/div>\n\n<p>El comedor como centro de la casa, se caracteriza por la textura peculiar, fabricada en granito desde la base hasta la cubierta en tonos negros y dorados, siguiendo las formar irregulares, contrastando con elementos c\u00e1lidos como las l\u00e1mparas de cobre y las sillas en madera.<\/p>\n<p>El ba\u00f1o de visitas tiene un alma m\u00e1s glamurosa, elegante y dram\u00e1tica, utilizamos texturas y colores m\u00e1s oscuros, jugamos con la luz a trav\u00e9s de los cristales de las ventanas que ba\u00f1an de color todo el espacio, aplicamos texturas org\u00e1nicas en los muros y brindamos elegancia y profundidad utilizando espejos grandes como elementos principales del espacio.<\/p>\n<p><strong>Calidez<\/strong><br>Este mismo principio del uso de la madera s\u00f3lida lo seguimos en el ba\u00f1o principal, pero nos tomamos la libertad de hacer algo m\u00e1s dram\u00e1tico, que nos retara a jugar con el color y sentirnos libres de usar texturas sin miedo, respetando el piso azul, aplicamos chukum pigmentado para generar estos muros rosas con textura terrosa, y como punto focal una placa de m\u00e1rmol con tonos verdes al centro del muro de ingreso que da bienvenida y acompa\u00f1a el lavamanos, cuidando las formas, los detalles y las sensaciones de hacer sentir libre y acogido al usuario en cada espacio de esta casa.<\/p>\n<p><strong>Inspiraci\u00f3n<\/strong><br>La propuesta de estos espacios nace a partir del complemento de texturas y materiales, fue una oportunidad para crear y jugar con la naturalidad de ellos. Podr\u00edamos interpretar esto como un estilo ecl\u00e9ctico, pero m\u00e1s all\u00e1 de condicionarnos a un estilo quisimos arriesgarnos con la yuxtaposici\u00f3n de los elementos. Busc\u00e1bamos crear un espacio a partir de piezas simples que en conjunto nos hablen de qui\u00e9n habita el lugar, qui\u00e9n es Rick Mart\u00ednez, su esencia, sus matices; la transici\u00f3n del cambio de Nueva York a Mazatl\u00e1n. Su historia; una historia de sabores, excentricidades, arte y fusi\u00f3n. Una historia que nosotros estamos dispuestos a contar.<\/p>\n\n\n<div style=\"height:20px\" aria-hidden=\"true\" class=\"wp-block-spacer\"><\/div>\n\n\n\n<p class=\"has-background\" style=\"background-color:#eaeaea\"><strong>Ficha t\u00e9cnica<\/strong><br>Nombre: Casa RM<br>Ubicaci\u00f3n: Mazatl\u00e1n, Sinaloa, M\u00e9xico<br>Oficina de arquitectura: Interdek<br>Autores: Paulina Zaragoza, Italia Guti\u00e9rrez, Ana Paula Gonz\u00e1lez Guerra<br>Equipo de Dise\u00f1o: Paulina Zaragoza, Italia Guti\u00e9rrez, Ana Paula Gonz\u00e1lez Guerra<br>Dise\u00f1o de interiores: Interdek<br>Proveedores materiales: Maderisimo, M\u00e1rmoles y pisos Gaeta, Papel tapiz GDL, Carlo Importaciones, Alfarer\u00eda Alvarez, Has dise\u00f1o de muebles, Casa mar\u00eda, Ruiz Bazan Tapetes, Tributo, Taller Hormiga, Taller Lu&#8217;um, Cu29, Anba Iluminaci\u00f3n, Nu espacios.<br>Superficie: 111 m2<br>A\u00f1o finalizaci\u00f3n: 2022<br>Fot\u00f3grafo: Andr\u00e9s Alejos<br><br><strong>Contacto<\/strong><br><a href=\"https:\/\/www.interdek.com.mx\/\" target=\"_blank\" rel=\"noreferrer noopener\">https:\/\/www.interdek.com.mx\/<\/a><br>Instagram: @interdek_<br>Facebook: Interdek<\/p>\n\n\n\n<div style=\"height:40px\" aria-hidden=\"true\" class=\"wp-block-spacer\"><\/div>\n\n\n<p><em><strong>English version<\/strong><\/em><\/p>\n<p><em><strong>Rick Martinez House<\/strong><\/em><\/p>\n<p><em>Casa RM, from being just a dream, today is a beautiful reality. A project full of colors, full of life, Good energy and above all a lot of magic. Since we met Rick we knew it would be a great challenge, we were very excited, because we wanted to do something completely different and overcome with imagination, design and trend.<\/em><\/p>\n<p><em>We were willing to create something risky and fun, something that would speak for itself and reflect the essenceof the client. The great chef, who lived most of his life in New York, today returns to his roots in Mexico in Mazatlan, where Interdek found inspiration in the vibrant and glamorous soul of the Big Apple fused with the beach.<\/em><\/p>\n<p><em><strong>Balance<\/strong><\/em><br><em>This unique style led us to experiment and play with materials over and over again until we reached the point of balance and comfort. This is how we came to the selection of natural materials such as clay, bejuco, glass, solid wood such as purple rose, marble and granite that have original textures and colors, which were merged and created unique styles with bright textiles such as velvet upholstery in blue and pink tones. Golden metallic touches in hardware, lamps and structures.<\/em><\/p>\n<p><em>One of the user&#8217;s primary needs was to create a bar area, where he could prepare exotic drinks and create content for social networks, as well as a space for his guests, so we chose to make it part of the visual finishing touch of the entrance, we placed the bar to the back wall on the right side of the house, complemented with a back wall lined with aged mirror.<\/em><\/p>\n<p><em>A curved bar embraces a corner of the house to take advantage of the space, in blue, with golden metallic touches and a terracotta alicante marble top are the protagonists of this space.<\/em><\/p>\n<p><em>Curved elements were chosen such as the main sofain the living room in blue velvet, occasional armchairs with curved shapes in copper velvet and bejuco, and to make it even more peculiar, a pair of hanging swings in pink velvet and golden chains were added to accompany the bar counter, where the user and his guests can stay for hours enjoying the space.<\/em><\/p>\n<p><em><strong>Art<\/strong><\/em><br><em>Art was a key element in the design of this house, since certain spaces were designed based on giving prominence to some pieces such as the dining room and the bedroom. In this project we had the challenge of generating dynamic spaces as we played with circulations and organic corridors. The walls as visual finishes have a natural chukum and pink chukum finish, we wanted something that followed this beach essence, with walls with natural textures and a little more dramatic, to accompany all the art and textures.<\/em><\/p>\n<p><em>Solid wood was one of the main materials, using it as the main element in walls and furniture, playing with patterns and shapes in full lambrines that connect these areas from the entrance to the kitchen and also, generate niches to highlight art pieces, which helped us to neutralize the variety of colors and textures.<\/em><\/p>\n<p><em><strong>Light<\/strong><\/em><br><em>We worked in two stages:<\/em><\/p>\n<p><em>The studio: starting with a more relaxed style with warmer materials and textures, such as ivoryupholstery, terracotta walls, stucco finishes, purple rose wood and natural hand-woven bejuco, incontrast to the floor, which is bright and colorful.<\/em><\/p>\n<p><em>We took advantage of the natural light and space,leaving the desk near the window since the client was looking for a home office area, a space torecord his podcasts and at the same time for this room to function as a TV room and storage forkitchen utensils and basic utensils for Rick.<\/em><\/p>\n<p><em>Common and private areas: were part of the second stage of this project in which the mixture of textures and colors is a primary factor that guided the entire project. From the entrance there is a view to all the common areas such as the living room, bar and dining room where the contrast of the blue floor with the warmth of the solid wood begins to welcome us to this cozy space.<\/em><\/p>\n<p><em><strong>The dining<\/strong><\/em><br><em>room as the center of the house, is characterized by the peculiar texture, made of granite from the base to the cover in black and gold tones, following the irregular shapes, contrasting with warm elements such as copper lamps and wooden chairs. The guest bathroom has a more glamorous, elegant and dramatic soul, we use darker textures and colors, we play with the light through the crystals of the windows that bathe the entire space with color, we apply organic textures on the walls and provide elegance and depth using large mirrors as the main elements of the space.<\/em><\/p>\n<p><em><strong>Warmth<\/strong><\/em><br><em>We followed this same principle of using solid wood in the master bathroom, but we took the Liberty of doing something more dramatic, that challenged us to play with color and feel free to use textures without fear, respecting the blue floor, we applied pigmented chukum to generate these pink walls with earthy texture, and as a focal point a marble plaque with green tones in the center of the entrance wall that welcomes and accompanies the sink, taking care of the shapes, details and sensations to make the user feel free and welcomed in every space of this house.<\/em><\/p>\n<p><em><strong>Inspiration<\/strong><\/em><br><em>The proposal of these spaces is born from the complement of textures and materials, it was an opportunity to create and play with the naturalness of them. We could interpret this as an eclectic style, but beyond conditioning ourselves to a style we wanted to take a risk with the juxtaposition of the elements. We wanted to create a space from simple pieces that together tell us who inhabits the place, who Rick Martinez is, his essence, his nuances; the transition of the change from New York to Mazatlan. His story; a story of flavors, eccentricities, art and fusion. A story we are willing to tell.<\/em><\/p>\n<div style=\"font-size: 0px; height: 0px; line-height: 0px; margin: 0; padding: 0; clear: both;\"><\/div><div style=\"margin-top: 0px; margin-bottom: 0px;\" class=\"sharethis-inline-share-buttons\" ><\/div>","protected":false},"excerpt":{"rendered":"<p>Un proyecto repleto de colores, lleno de vida, buena energ\u00eda y mucha magia&#8230;<\/p>\n","protected":false},"author":1,"featured_media":75487,"comment_status":"closed","ping_status":"closed","sticky":false,"template":"","format":"standard","meta":{"_uag_custom_page_level_css":"","footnotes":""},"categories":[1,83],"tags":[7682,4282,7679,7681,7663,24,7680,7664,254],"class_list":["post-75486","post","type-post","status-publish","format-standard","has-post-thumbnail","hentry","category-proyecto","category-vivienda-unifamiliar","tag-ana-paula-gonzalez-guerra","tag-arquitectura-residencial","tag-interdek","tag-italia-gutierrez","tag-mazatlan","tag-mexico","tag-paulina-zaragoza","tag-sinaloa","tag-vivienda-unifamiliar-2","generate-columns","tablet-grid-50","mobile-grid-100","grid-parent","grid-50"],"yoast_head":"<!-- This site is optimized with the Yoast SEO plugin v27.3 - https:\/\/yoast.com\/product\/yoast-seo-wordpress\/ -->\n<title>Casa RM \/ Interdek - Arquimaster<\/title>\n<meta name=\"description\" content=\"Un proyecto repleto de colores, lleno de vida, buena energ\u00eda y sobre todo mucha magia.\" \/>\n<meta name=\"robots\" content=\"index, follow, max-snippet:-1, max-image-preview:large, max-video-preview:-1\" \/>\n<link rel=\"canonical\" href=\"https:\/\/www.arquimaster.com.ar\/web\/casa-rm-interdek\/\" \/>\n<meta property=\"og:locale\" content=\"es_ES\" \/>\n<meta property=\"og:type\" content=\"article\" \/>\n<meta property=\"og:title\" content=\"Casa RM \/ Interdek\" \/>\n<meta property=\"og:description\" content=\"Un proyecto repleto de colores, lleno de vida, buena energ\u00eda y sobre todo mucha magia.\" \/>\n<meta property=\"og:url\" content=\"https:\/\/www.arquimaster.com.ar\/web\/casa-rm-interdek\/\" \/>\n<meta property=\"og:site_name\" content=\"Arquimaster\" \/>\n<meta property=\"article:publisher\" content=\"http:\/\/www.facebook.com\/ARQUIMASTER.com.ar\" \/>\n<meta property=\"article:published_time\" content=\"2023-03-30T16:57:29+00:00\" \/>\n<meta property=\"article:modified_time\" content=\"2023-07-18T22:07:48+00:00\" \/>\n<meta property=\"og:image\" content=\"https:\/\/www.arquimaster.com.ar\/web\/wp-content\/uploads\/2023\/03\/casa_rm_slide.jpg\" \/>\n\t<meta property=\"og:image:width\" content=\"698\" \/>\n\t<meta property=\"og:image:height\" content=\"364\" \/>\n\t<meta property=\"og:image:type\" content=\"image\/jpeg\" \/>\n<meta name=\"author\" content=\"Arquimaster\" \/>\n<meta name=\"twitter:card\" content=\"summary_large_image\" \/>\n<meta name=\"twitter:title\" content=\"Casa RM \/ Interdek\" \/>\n<meta name=\"twitter:description\" content=\"Un proyecto repleto de colores, lleno de vida, buena energ\u00eda y sobre todo mucha magia.\" \/>\n<meta name=\"twitter:image\" content=\"https:\/\/www.arquimaster.com.ar\/web\/wp-content\/uploads\/2023\/03\/casa_rm_slide.jpg\" \/>\n<meta name=\"twitter:creator\" content=\"@arquimaster\" \/>\n<meta name=\"twitter:site\" content=\"@arquimaster\" \/>\n<meta name=\"twitter:label1\" content=\"Escrito por\" \/>\n\t<meta name=\"twitter:data1\" content=\"Arquimaster\" \/>\n\t<meta name=\"twitter:label2\" content=\"Tiempo de lectura\" \/>\n\t<meta name=\"twitter:data2\" content=\"10 minutos\" \/>\n<script type=\"application\/ld+json\" class=\"yoast-schema-graph\">{\"@context\":\"https:\\\/\\\/schema.org\",\"@graph\":[{\"@type\":\"Article\",\"@id\":\"https:\\\/\\\/www.arquimaster.com.ar\\\/web\\\/casa-rm-interdek\\\/#article\",\"isPartOf\":{\"@id\":\"https:\\\/\\\/www.arquimaster.com.ar\\\/web\\\/casa-rm-interdek\\\/\"},\"author\":{\"name\":\"Arquimaster\",\"@id\":\"https:\\\/\\\/www.arquimaster.com.ar\\\/web\\\/#\\\/schema\\\/person\\\/359e9f7c00193fcde068e0dd2ceb0028\"},\"headline\":\"Casa RM \\\/ Interdek\",\"datePublished\":\"2023-03-30T16:57:29+00:00\",\"dateModified\":\"2023-07-18T22:07:48+00:00\",\"mainEntityOfPage\":{\"@id\":\"https:\\\/\\\/www.arquimaster.com.ar\\\/web\\\/casa-rm-interdek\\\/\"},\"wordCount\":2205,\"publisher\":{\"@id\":\"https:\\\/\\\/www.arquimaster.com.ar\\\/web\\\/#organization\"},\"image\":{\"@id\":\"https:\\\/\\\/www.arquimaster.com.ar\\\/web\\\/casa-rm-interdek\\\/#primaryimage\"},\"thumbnailUrl\":\"https:\\\/\\\/www.arquimaster.com.ar\\\/web\\\/wp-content\\\/uploads\\\/2023\\\/03\\\/casa_rm_slide.jpg\",\"keywords\":[\"Ana Paula Gonz\u00e1lez Guerra\",\"arquitectura residencial\",\"Interdek\",\"Italia Guti\u00e9rrez\",\"Mazatl\u00e1n\",\"Mexico\",\"Paulina Zaragoza\",\"Sinaloa\",\"vivienda unifamiliar\"],\"articleSection\":[\"Proyecto\",\"Vivienda unifamiliar y PH\"],\"inLanguage\":\"es\"},{\"@type\":\"WebPage\",\"@id\":\"https:\\\/\\\/www.arquimaster.com.ar\\\/web\\\/casa-rm-interdek\\\/\",\"url\":\"https:\\\/\\\/www.arquimaster.com.ar\\\/web\\\/casa-rm-interdek\\\/\",\"name\":\"Casa RM \\\/ Interdek - Arquimaster\",\"isPartOf\":{\"@id\":\"https:\\\/\\\/www.arquimaster.com.ar\\\/web\\\/#website\"},\"primaryImageOfPage\":{\"@id\":\"https:\\\/\\\/www.arquimaster.com.ar\\\/web\\\/casa-rm-interdek\\\/#primaryimage\"},\"image\":{\"@id\":\"https:\\\/\\\/www.arquimaster.com.ar\\\/web\\\/casa-rm-interdek\\\/#primaryimage\"},\"thumbnailUrl\":\"https:\\\/\\\/www.arquimaster.com.ar\\\/web\\\/wp-content\\\/uploads\\\/2023\\\/03\\\/casa_rm_slide.jpg\",\"datePublished\":\"2023-03-30T16:57:29+00:00\",\"dateModified\":\"2023-07-18T22:07:48+00:00\",\"description\":\"Un proyecto repleto de colores, lleno de vida, buena energ\u00eda y sobre todo mucha magia.\",\"breadcrumb\":{\"@id\":\"https:\\\/\\\/www.arquimaster.com.ar\\\/web\\\/casa-rm-interdek\\\/#breadcrumb\"},\"inLanguage\":\"es\",\"potentialAction\":[{\"@type\":\"ReadAction\",\"target\":[\"https:\\\/\\\/www.arquimaster.com.ar\\\/web\\\/casa-rm-interdek\\\/\"]}]},{\"@type\":\"ImageObject\",\"inLanguage\":\"es\",\"@id\":\"https:\\\/\\\/www.arquimaster.com.ar\\\/web\\\/casa-rm-interdek\\\/#primaryimage\",\"url\":\"https:\\\/\\\/www.arquimaster.com.ar\\\/web\\\/wp-content\\\/uploads\\\/2023\\\/03\\\/casa_rm_slide.jpg\",\"contentUrl\":\"https:\\\/\\\/www.arquimaster.com.ar\\\/web\\\/wp-content\\\/uploads\\\/2023\\\/03\\\/casa_rm_slide.jpg\",\"width\":698,\"height\":364,\"caption\":\"Casa RM \\\/ Interdek\"},{\"@type\":\"BreadcrumbList\",\"@id\":\"https:\\\/\\\/www.arquimaster.com.ar\\\/web\\\/casa-rm-interdek\\\/#breadcrumb\",\"itemListElement\":[{\"@type\":\"ListItem\",\"position\":1,\"name\":\"Portada\",\"item\":\"https:\\\/\\\/www.arquimaster.com.ar\\\/web\\\/\"},{\"@type\":\"ListItem\",\"position\":2,\"name\":\"Casa RM \\\/ Interdek\"}]},{\"@type\":\"WebSite\",\"@id\":\"https:\\\/\\\/www.arquimaster.com.ar\\\/web\\\/#website\",\"url\":\"https:\\\/\\\/www.arquimaster.com.ar\\\/web\\\/\",\"name\":\"Arquimaster\",\"description\":\"Web de arquitectura, dise\u00f1o y construccion\",\"publisher\":{\"@id\":\"https:\\\/\\\/www.arquimaster.com.ar\\\/web\\\/#organization\"},\"potentialAction\":[{\"@type\":\"SearchAction\",\"target\":{\"@type\":\"EntryPoint\",\"urlTemplate\":\"https:\\\/\\\/www.arquimaster.com.ar\\\/web\\\/?s={search_term_string}\"},\"query-input\":{\"@type\":\"PropertyValueSpecification\",\"valueRequired\":true,\"valueName\":\"search_term_string\"}}],\"inLanguage\":\"es\"},{\"@type\":\"Organization\",\"@id\":\"https:\\\/\\\/www.arquimaster.com.ar\\\/web\\\/#organization\",\"name\":\"Arquimaster\",\"url\":\"https:\\\/\\\/www.arquimaster.com.ar\\\/web\\\/\",\"logo\":{\"@type\":\"ImageObject\",\"inLanguage\":\"es\",\"@id\":\"https:\\\/\\\/www.arquimaster.com.ar\\\/web\\\/#\\\/schema\\\/logo\\\/image\\\/\",\"url\":\"https:\\\/\\\/www.arquimaster.com.ar\\\/web\\\/wp-content\\\/uploads\\\/2022\\\/06\\\/arquimaster.png\",\"contentUrl\":\"https:\\\/\\\/www.arquimaster.com.ar\\\/web\\\/wp-content\\\/uploads\\\/2022\\\/06\\\/arquimaster.png\",\"width\":594,\"height\":78,\"caption\":\"Arquimaster\"},\"image\":{\"@id\":\"https:\\\/\\\/www.arquimaster.com.ar\\\/web\\\/#\\\/schema\\\/logo\\\/image\\\/\"},\"sameAs\":[\"http:\\\/\\\/www.facebook.com\\\/ARQUIMASTER.com.ar\",\"https:\\\/\\\/x.com\\\/arquimaster\",\"https:\\\/\\\/www.instagram.com\\\/arquimasterblog\\\/\",\"https:\\\/\\\/www.linkedin.com\\\/company\\\/arquimaster\",\"https:\\\/\\\/www.pinterest.com\\\/arquimaster\",\"https:\\\/\\\/t.me\\\/arquimaster\"]},{\"@type\":\"Person\",\"@id\":\"https:\\\/\\\/www.arquimaster.com.ar\\\/web\\\/#\\\/schema\\\/person\\\/359e9f7c00193fcde068e0dd2ceb0028\",\"name\":\"Arquimaster\"}]}<\/script>\n<!-- \/ Yoast SEO plugin. -->","yoast_head_json":{"title":"Casa RM \/ Interdek - Arquimaster","description":"Un proyecto repleto de colores, lleno de vida, buena energ\u00eda y sobre todo mucha magia.","robots":{"index":"index","follow":"follow","max-snippet":"max-snippet:-1","max-image-preview":"max-image-preview:large","max-video-preview":"max-video-preview:-1"},"canonical":"https:\/\/www.arquimaster.com.ar\/web\/casa-rm-interdek\/","og_locale":"es_ES","og_type":"article","og_title":"Casa RM \/ Interdek","og_description":"Un proyecto repleto de colores, lleno de vida, buena energ\u00eda y sobre todo mucha magia.","og_url":"https:\/\/www.arquimaster.com.ar\/web\/casa-rm-interdek\/","og_site_name":"Arquimaster","article_publisher":"http:\/\/www.facebook.com\/ARQUIMASTER.com.ar","article_published_time":"2023-03-30T16:57:29+00:00","article_modified_time":"2023-07-18T22:07:48+00:00","og_image":[{"width":698,"height":364,"url":"https:\/\/www.arquimaster.com.ar\/web\/wp-content\/uploads\/2023\/03\/casa_rm_slide.jpg","type":"image\/jpeg"}],"author":"Arquimaster","twitter_card":"summary_large_image","twitter_title":"Casa RM \/ Interdek","twitter_description":"Un proyecto repleto de colores, lleno de vida, buena energ\u00eda y sobre todo mucha magia.","twitter_image":"https:\/\/www.arquimaster.com.ar\/web\/wp-content\/uploads\/2023\/03\/casa_rm_slide.jpg","twitter_creator":"@arquimaster","twitter_site":"@arquimaster","twitter_misc":{"Escrito por":"Arquimaster","Tiempo de lectura":"10 minutos"},"schema":{"@context":"https:\/\/schema.org","@graph":[{"@type":"Article","@id":"https:\/\/www.arquimaster.com.ar\/web\/casa-rm-interdek\/#article","isPartOf":{"@id":"https:\/\/www.arquimaster.com.ar\/web\/casa-rm-interdek\/"},"author":{"name":"Arquimaster","@id":"https:\/\/www.arquimaster.com.ar\/web\/#\/schema\/person\/359e9f7c00193fcde068e0dd2ceb0028"},"headline":"Casa RM \/ Interdek","datePublished":"2023-03-30T16:57:29+00:00","dateModified":"2023-07-18T22:07:48+00:00","mainEntityOfPage":{"@id":"https:\/\/www.arquimaster.com.ar\/web\/casa-rm-interdek\/"},"wordCount":2205,"publisher":{"@id":"https:\/\/www.arquimaster.com.ar\/web\/#organization"},"image":{"@id":"https:\/\/www.arquimaster.com.ar\/web\/casa-rm-interdek\/#primaryimage"},"thumbnailUrl":"https:\/\/www.arquimaster.com.ar\/web\/wp-content\/uploads\/2023\/03\/casa_rm_slide.jpg","keywords":["Ana Paula Gonz\u00e1lez Guerra","arquitectura residencial","Interdek","Italia Guti\u00e9rrez","Mazatl\u00e1n","Mexico","Paulina Zaragoza","Sinaloa","vivienda unifamiliar"],"articleSection":["Proyecto","Vivienda unifamiliar y PH"],"inLanguage":"es"},{"@type":"WebPage","@id":"https:\/\/www.arquimaster.com.ar\/web\/casa-rm-interdek\/","url":"https:\/\/www.arquimaster.com.ar\/web\/casa-rm-interdek\/","name":"Casa RM \/ Interdek - Arquimaster","isPartOf":{"@id":"https:\/\/www.arquimaster.com.ar\/web\/#website"},"primaryImageOfPage":{"@id":"https:\/\/www.arquimaster.com.ar\/web\/casa-rm-interdek\/#primaryimage"},"image":{"@id":"https:\/\/www.arquimaster.com.ar\/web\/casa-rm-interdek\/#primaryimage"},"thumbnailUrl":"https:\/\/www.arquimaster.com.ar\/web\/wp-content\/uploads\/2023\/03\/casa_rm_slide.jpg","datePublished":"2023-03-30T16:57:29+00:00","dateModified":"2023-07-18T22:07:48+00:00","description":"Un proyecto repleto de colores, lleno de vida, buena energ\u00eda y sobre todo mucha magia.","breadcrumb":{"@id":"https:\/\/www.arquimaster.com.ar\/web\/casa-rm-interdek\/#breadcrumb"},"inLanguage":"es","potentialAction":[{"@type":"ReadAction","target":["https:\/\/www.arquimaster.com.ar\/web\/casa-rm-interdek\/"]}]},{"@type":"ImageObject","inLanguage":"es","@id":"https:\/\/www.arquimaster.com.ar\/web\/casa-rm-interdek\/#primaryimage","url":"https:\/\/www.arquimaster.com.ar\/web\/wp-content\/uploads\/2023\/03\/casa_rm_slide.jpg","contentUrl":"https:\/\/www.arquimaster.com.ar\/web\/wp-content\/uploads\/2023\/03\/casa_rm_slide.jpg","width":698,"height":364,"caption":"Casa RM \/ Interdek"},{"@type":"BreadcrumbList","@id":"https:\/\/www.arquimaster.com.ar\/web\/casa-rm-interdek\/#breadcrumb","itemListElement":[{"@type":"ListItem","position":1,"name":"Portada","item":"https:\/\/www.arquimaster.com.ar\/web\/"},{"@type":"ListItem","position":2,"name":"Casa RM \/ Interdek"}]},{"@type":"WebSite","@id":"https:\/\/www.arquimaster.com.ar\/web\/#website","url":"https:\/\/www.arquimaster.com.ar\/web\/","name":"Arquimaster","description":"Web de arquitectura, dise\u00f1o y construccion","publisher":{"@id":"https:\/\/www.arquimaster.com.ar\/web\/#organization"},"potentialAction":[{"@type":"SearchAction","target":{"@type":"EntryPoint","urlTemplate":"https:\/\/www.arquimaster.com.ar\/web\/?s={search_term_string}"},"query-input":{"@type":"PropertyValueSpecification","valueRequired":true,"valueName":"search_term_string"}}],"inLanguage":"es"},{"@type":"Organization","@id":"https:\/\/www.arquimaster.com.ar\/web\/#organization","name":"Arquimaster","url":"https:\/\/www.arquimaster.com.ar\/web\/","logo":{"@type":"ImageObject","inLanguage":"es","@id":"https:\/\/www.arquimaster.com.ar\/web\/#\/schema\/logo\/image\/","url":"https:\/\/www.arquimaster.com.ar\/web\/wp-content\/uploads\/2022\/06\/arquimaster.png","contentUrl":"https:\/\/www.arquimaster.com.ar\/web\/wp-content\/uploads\/2022\/06\/arquimaster.png","width":594,"height":78,"caption":"Arquimaster"},"image":{"@id":"https:\/\/www.arquimaster.com.ar\/web\/#\/schema\/logo\/image\/"},"sameAs":["http:\/\/www.facebook.com\/ARQUIMASTER.com.ar","https:\/\/x.com\/arquimaster","https:\/\/www.instagram.com\/arquimasterblog\/","https:\/\/www.linkedin.com\/company\/arquimaster","https:\/\/www.pinterest.com\/arquimaster","https:\/\/t.me\/arquimaster"]},{"@type":"Person","@id":"https:\/\/www.arquimaster.com.ar\/web\/#\/schema\/person\/359e9f7c00193fcde068e0dd2ceb0028","name":"Arquimaster"}]}},"uagb_featured_image_src":{"full":["https:\/\/www.arquimaster.com.ar\/web\/wp-content\/uploads\/2023\/03\/casa_rm_slide.jpg",698,364,false],"thumbnail":["https:\/\/www.arquimaster.com.ar\/web\/wp-content\/uploads\/2023\/03\/casa_rm_slide-150x150.jpg",150,150,true],"medium":["https:\/\/www.arquimaster.com.ar\/web\/wp-content\/uploads\/2023\/03\/casa_rm_slide.jpg",698,364,false],"medium_large":["https:\/\/www.arquimaster.com.ar\/web\/wp-content\/uploads\/2023\/03\/casa_rm_slide.jpg",698,364,false],"large":["https:\/\/www.arquimaster.com.ar\/web\/wp-content\/uploads\/2023\/03\/casa_rm_slide.jpg",698,364,false],"1536x1536":["https:\/\/www.arquimaster.com.ar\/web\/wp-content\/uploads\/2023\/03\/casa_rm_slide.jpg",698,364,false],"2048x2048":["https:\/\/www.arquimaster.com.ar\/web\/wp-content\/uploads\/2023\/03\/casa_rm_slide.jpg",698,364,false]},"uagb_author_info":{"display_name":"Arquimaster","author_link":"https:\/\/www.arquimaster.com.ar\/web\/author\/arquimaster\/"},"uagb_comment_info":0,"uagb_excerpt":"Un proyecto repleto de colores, lleno de vida, buena energ\u00eda y mucha magia...","_links":{"self":[{"href":"https:\/\/www.arquimaster.com.ar\/web\/wp-json\/wp\/v2\/posts\/75486","targetHints":{"allow":["GET"]}}],"collection":[{"href":"https:\/\/www.arquimaster.com.ar\/web\/wp-json\/wp\/v2\/posts"}],"about":[{"href":"https:\/\/www.arquimaster.com.ar\/web\/wp-json\/wp\/v2\/types\/post"}],"author":[{"embeddable":true,"href":"https:\/\/www.arquimaster.com.ar\/web\/wp-json\/wp\/v2\/users\/1"}],"replies":[{"embeddable":true,"href":"https:\/\/www.arquimaster.com.ar\/web\/wp-json\/wp\/v2\/comments?post=75486"}],"version-history":[{"count":2,"href":"https:\/\/www.arquimaster.com.ar\/web\/wp-json\/wp\/v2\/posts\/75486\/revisions"}],"predecessor-version":[{"id":76298,"href":"https:\/\/www.arquimaster.com.ar\/web\/wp-json\/wp\/v2\/posts\/75486\/revisions\/76298"}],"wp:featuredmedia":[{"embeddable":true,"href":"https:\/\/www.arquimaster.com.ar\/web\/wp-json\/wp\/v2\/media\/75487"}],"wp:attachment":[{"href":"https:\/\/www.arquimaster.com.ar\/web\/wp-json\/wp\/v2\/media?parent=75486"}],"wp:term":[{"taxonomy":"category","embeddable":true,"href":"https:\/\/www.arquimaster.com.ar\/web\/wp-json\/wp\/v2\/categories?post=75486"},{"taxonomy":"post_tag","embeddable":true,"href":"https:\/\/www.arquimaster.com.ar\/web\/wp-json\/wp\/v2\/tags?post=75486"}],"curies":[{"name":"wp","href":"https:\/\/api.w.org\/{rel}","templated":true}]}}