{"id":75792,"date":"2023-04-29T14:51:55","date_gmt":"2023-04-29T17:51:55","guid":{"rendered":"https:\/\/www.arquimaster.com.ar\/web\/?p=75792"},"modified":"2023-07-10T20:23:06","modified_gmt":"2023-07-10T23:23:06","slug":"pacific-palace-ph-ordaz-coppel-arquitectos","status":"publish","type":"post","link":"https:\/\/www.arquimaster.com.ar\/web\/pacific-palace-ph-ordaz-coppel-arquitectos\/","title":{"rendered":"Pacific Palace PH \/ Ordaz Coppel Arquitectos"},"content":{"rendered":"<div style=\"margin-top: 0px; margin-bottom: 0px;\" class=\"sharethis-inline-share-buttons\" ><\/div><div class=\"b812932af2e751442846f039925109de\" data-index=\"1\" style=\"float: none; margin:25px 0 25px 0; text-align:center;\">\n<script async src=\"https:\/\/pagead2.googlesyndication.com\/pagead\/js\/adsbygoogle.js\"><\/script>\r\n<!-- Arquimaster (superior) -->\r\n<ins class=\"adsbygoogle\"\r\n     style=\"display:block\"\r\n     data-ad-client=\"ca-pub-6351072698456832\"\r\n     data-ad-slot=\"6455489680\"\r\n     data-ad-format=\"auto\"\r\n     data-full-width-responsive=\"true\"><\/ins>\r\n<script>\r\n     (adsbygoogle = window.adsbygoogle || []).push({});\r\n<\/script>\n<\/div>\n<p><strong>Pacific Palace PH<\/strong> (Mazatl\u00e1n, Sinaloa, M\u00e9xico) por <strong>Ordaz Coppel Arquitectos<\/strong>. Situado en lo alto del hotel Pacific Palace en Mazatl\u00e1n, Sinaloa, el Penthouse del Pacific Palace es una obra maestra arquitect\u00f3nica con una impresionante \u00e1rea de construcci\u00f3n de 758 m2, completamente amueblado y con una de las vistas m\u00e1s espectaculares del profundo azul del Oc\u00e9ano Pac\u00edfico. Dise\u00f1ado por el despacho mexicano Ordaz Coppel Arquitectos, este proyecto es sin duda alguna un distintivo sobresaliente en la perla del Pac\u00edfico.<\/p>\n<div id='gallery-1' class='gallery galleryid-75792 gallery-columns-3 gallery-size-thumbnail'><figure class='gallery-item'>\n\t\t\t<div class='gallery-icon landscape'>\n\t\t\t\t<a href='https:\/\/www.arquimaster.com.ar\/web\/wp-content\/uploads\/2023\/04\/pacifico_palace_ph1.jpg' title=\"Pacific Palace PH \/ Ordaz Coppel Arquitectos (\u00a9 Aldo C\u00e1rdenas Gracia)\" data-rl_title=\"Pacific Palace PH \/ Ordaz Coppel Arquitectos (\u00a9 Aldo C\u00e1rdenas Gracia)\" class=\"rl-gallery-link\" data-rl_caption=\"Pacific Palace PH \/ Ordaz Coppel Arquitectos (\u00a9 Aldo C\u00e1rdenas Gracia)\" data-rel=\"lightbox-gallery-1\"><img loading=\"lazy\" decoding=\"async\" width=\"150\" height=\"150\" src=\"https:\/\/www.arquimaster.com.ar\/web\/wp-content\/uploads\/2023\/04\/pacifico_palace_ph1-150x150.jpg\" class=\"attachment-thumbnail size-thumbnail\" alt=\"Pacific Palace PH \/ Ordaz Coppel Arquitectos\" aria-describedby=\"gallery-1-75794\" \/><\/a>\n\t\t\t<\/div>\n\t\t\t\t<figcaption class='wp-caption-text gallery-caption' id='gallery-1-75794'>\n\t\t\t\tPacific Palace PH \/ Ordaz Coppel Arquitectos (\u00a9 Aldo C\u00e1rdenas Gracia)\n\t\t\t\t<\/figcaption><\/figure><figure class='gallery-item'>\n\t\t\t<div class='gallery-icon landscape'>\n\t\t\t\t<a href='https:\/\/www.arquimaster.com.ar\/web\/wp-content\/uploads\/2023\/04\/pacifico_palace_ph2.jpg' title=\"Pacific Palace PH \/ Ordaz Coppel Arquitectos (\u00a9 Aldo C\u00e1rdenas Gracia)\" data-rl_title=\"Pacific Palace PH \/ Ordaz Coppel Arquitectos (\u00a9 Aldo C\u00e1rdenas Gracia)\" class=\"rl-gallery-link\" data-rl_caption=\"Pacific Palace PH \/ Ordaz Coppel Arquitectos (\u00a9 Aldo C\u00e1rdenas Gracia)\" data-rel=\"lightbox-gallery-1\"><img loading=\"lazy\" decoding=\"async\" width=\"150\" height=\"150\" src=\"https:\/\/www.arquimaster.com.ar\/web\/wp-content\/uploads\/2023\/04\/pacifico_palace_ph2-150x150.jpg\" class=\"attachment-thumbnail size-thumbnail\" alt=\"Pacific Palace PH \/ Ordaz Coppel Arquitectos\" aria-describedby=\"gallery-1-75795\" \/><\/a>\n\t\t\t<\/div>\n\t\t\t\t<figcaption class='wp-caption-text gallery-caption' id='gallery-1-75795'>\n\t\t\t\tPacific Palace PH \/ Ordaz Coppel Arquitectos (\u00a9 Aldo C\u00e1rdenas Gracia)\n\t\t\t\t<\/figcaption><\/figure><figure class='gallery-item'>\n\t\t\t<div class='gallery-icon landscape'>\n\t\t\t\t<a href='https:\/\/www.arquimaster.com.ar\/web\/wp-content\/uploads\/2023\/04\/pacifico_palace_ph3.jpg' title=\"Pacific Palace PH \/ Ordaz Coppel Arquitectos (\u00a9 Aldo C\u00e1rdenas Gracia)\" data-rl_title=\"Pacific Palace PH \/ Ordaz Coppel Arquitectos (\u00a9 Aldo C\u00e1rdenas Gracia)\" class=\"rl-gallery-link\" data-rl_caption=\"Pacific Palace PH \/ Ordaz Coppel Arquitectos (\u00a9 Aldo C\u00e1rdenas Gracia)\" data-rel=\"lightbox-gallery-1\"><img loading=\"lazy\" decoding=\"async\" width=\"150\" height=\"150\" src=\"https:\/\/www.arquimaster.com.ar\/web\/wp-content\/uploads\/2023\/04\/pacifico_palace_ph3-150x150.jpg\" class=\"attachment-thumbnail size-thumbnail\" alt=\"Pacific Palace PH \/ Ordaz Coppel Arquitectos\" aria-describedby=\"gallery-1-75796\" \/><\/a>\n\t\t\t<\/div>\n\t\t\t\t<figcaption class='wp-caption-text gallery-caption' id='gallery-1-75796'>\n\t\t\t\tPacific Palace PH \/ Ordaz Coppel Arquitectos (\u00a9 Aldo C\u00e1rdenas Gracia)\n\t\t\t\t<\/figcaption><\/figure><figure class='gallery-item'>\n\t\t\t<div class='gallery-icon landscape'>\n\t\t\t\t<a href='https:\/\/www.arquimaster.com.ar\/web\/wp-content\/uploads\/2023\/04\/pacifico_palace_ph4.jpg' title=\"Pacific Palace PH \/ Ordaz Coppel Arquitectos (\u00a9 Aldo C\u00e1rdenas Gracia)\" data-rl_title=\"Pacific Palace PH \/ Ordaz Coppel Arquitectos (\u00a9 Aldo C\u00e1rdenas Gracia)\" class=\"rl-gallery-link\" data-rl_caption=\"Pacific Palace PH \/ Ordaz Coppel Arquitectos (\u00a9 Aldo C\u00e1rdenas Gracia)\" data-rel=\"lightbox-gallery-1\"><img loading=\"lazy\" decoding=\"async\" width=\"150\" height=\"150\" src=\"https:\/\/www.arquimaster.com.ar\/web\/wp-content\/uploads\/2023\/04\/pacifico_palace_ph4-150x150.jpg\" class=\"attachment-thumbnail size-thumbnail\" alt=\"Pacific Palace PH \/ Ordaz Coppel Arquitectos\" aria-describedby=\"gallery-1-75797\" \/><\/a>\n\t\t\t<\/div>\n\t\t\t\t<figcaption class='wp-caption-text gallery-caption' id='gallery-1-75797'>\n\t\t\t\tPacific Palace PH \/ Ordaz Coppel Arquitectos (\u00a9 Aldo C\u00e1rdenas Gracia)\n\t\t\t\t<\/figcaption><\/figure><figure class='gallery-item'>\n\t\t\t<div class='gallery-icon landscape'>\n\t\t\t\t<a href='https:\/\/www.arquimaster.com.ar\/web\/wp-content\/uploads\/2023\/04\/pacifico_palace_ph5.jpg' title=\"Pacific Palace PH \/ Ordaz Coppel Arquitectos (\u00a9 Aldo C\u00e1rdenas Gracia)\" data-rl_title=\"Pacific Palace PH \/ Ordaz Coppel Arquitectos (\u00a9 Aldo C\u00e1rdenas Gracia)\" class=\"rl-gallery-link\" data-rl_caption=\"Pacific Palace PH \/ Ordaz Coppel Arquitectos (\u00a9 Aldo C\u00e1rdenas Gracia)\" data-rel=\"lightbox-gallery-1\"><img loading=\"lazy\" decoding=\"async\" width=\"150\" height=\"150\" src=\"https:\/\/www.arquimaster.com.ar\/web\/wp-content\/uploads\/2023\/04\/pacifico_palace_ph5-150x150.jpg\" class=\"attachment-thumbnail size-thumbnail\" alt=\"Pacific Palace PH \/ Ordaz Coppel Arquitectos\" aria-describedby=\"gallery-1-75798\" \/><\/a>\n\t\t\t<\/div>\n\t\t\t\t<figcaption class='wp-caption-text gallery-caption' id='gallery-1-75798'>\n\t\t\t\tPacific Palace PH \/ Ordaz Coppel Arquitectos (\u00a9 Aldo C\u00e1rdenas Gracia)\n\t\t\t\t<\/figcaption><\/figure><figure class='gallery-item'>\n\t\t\t<div class='gallery-icon landscape'>\n\t\t\t\t<a href='https:\/\/www.arquimaster.com.ar\/web\/wp-content\/uploads\/2023\/04\/pacifico_palace_ph6.jpg' title=\"Pacific Palace PH \/ Ordaz Coppel Arquitectos (\u00a9 Aldo C\u00e1rdenas Gracia)\" data-rl_title=\"Pacific Palace PH \/ Ordaz Coppel Arquitectos (\u00a9 Aldo C\u00e1rdenas Gracia)\" class=\"rl-gallery-link\" data-rl_caption=\"Pacific Palace PH \/ Ordaz Coppel Arquitectos (\u00a9 Aldo C\u00e1rdenas Gracia)\" data-rel=\"lightbox-gallery-1\"><img loading=\"lazy\" decoding=\"async\" width=\"150\" height=\"150\" src=\"https:\/\/www.arquimaster.com.ar\/web\/wp-content\/uploads\/2023\/04\/pacifico_palace_ph6-150x150.jpg\" class=\"attachment-thumbnail size-thumbnail\" alt=\"Pacific Palace PH \/ Ordaz Coppel Arquitectos\" aria-describedby=\"gallery-1-75799\" \/><\/a>\n\t\t\t<\/div>\n\t\t\t\t<figcaption class='wp-caption-text gallery-caption' id='gallery-1-75799'>\n\t\t\t\tPacific Palace PH \/ Ordaz Coppel Arquitectos (\u00a9 Aldo C\u00e1rdenas Gracia)\n\t\t\t\t<\/figcaption><\/figure><figure class='gallery-item'>\n\t\t\t<div class='gallery-icon landscape'>\n\t\t\t\t<a href='https:\/\/www.arquimaster.com.ar\/web\/wp-content\/uploads\/2023\/04\/pacifico_palace_ph7.jpg' title=\"Pacific Palace PH \/ Ordaz Coppel Arquitectos (\u00a9 Aldo C\u00e1rdenas Gracia)\" data-rl_title=\"Pacific Palace PH \/ Ordaz Coppel Arquitectos (\u00a9 Aldo C\u00e1rdenas Gracia)\" class=\"rl-gallery-link\" data-rl_caption=\"Pacific Palace PH \/ Ordaz Coppel Arquitectos (\u00a9 Aldo C\u00e1rdenas Gracia)\" data-rel=\"lightbox-gallery-1\"><img loading=\"lazy\" decoding=\"async\" width=\"150\" height=\"150\" src=\"https:\/\/www.arquimaster.com.ar\/web\/wp-content\/uploads\/2023\/04\/pacifico_palace_ph7-150x150.jpg\" class=\"attachment-thumbnail size-thumbnail\" alt=\"Pacific Palace PH \/ Ordaz Coppel Arquitectos\" aria-describedby=\"gallery-1-75800\" \/><\/a>\n\t\t\t<\/div>\n\t\t\t\t<figcaption class='wp-caption-text gallery-caption' id='gallery-1-75800'>\n\t\t\t\tPacific Palace PH \/ Ordaz Coppel Arquitectos (\u00a9 Aldo C\u00e1rdenas Gracia)\n\t\t\t\t<\/figcaption><\/figure><figure class='gallery-item'>\n\t\t\t<div class='gallery-icon landscape'>\n\t\t\t\t<a href='https:\/\/www.arquimaster.com.ar\/web\/wp-content\/uploads\/2023\/04\/pacifico_palace_ph8.jpg' title=\"Pacific Palace PH \/ Ordaz Coppel Arquitectos (\u00a9 Aldo C\u00e1rdenas Gracia)\" data-rl_title=\"Pacific Palace PH \/ Ordaz Coppel Arquitectos (\u00a9 Aldo C\u00e1rdenas Gracia)\" class=\"rl-gallery-link\" data-rl_caption=\"Pacific Palace PH \/ Ordaz Coppel Arquitectos (\u00a9 Aldo C\u00e1rdenas Gracia)\" data-rel=\"lightbox-gallery-1\"><img loading=\"lazy\" decoding=\"async\" width=\"150\" height=\"150\" src=\"https:\/\/www.arquimaster.com.ar\/web\/wp-content\/uploads\/2023\/04\/pacifico_palace_ph8-150x150.jpg\" class=\"attachment-thumbnail size-thumbnail\" alt=\"Pacific Palace PH \/ Ordaz Coppel Arquitectos\" aria-describedby=\"gallery-1-75801\" \/><\/a>\n\t\t\t<\/div>\n\t\t\t\t<figcaption class='wp-caption-text gallery-caption' id='gallery-1-75801'>\n\t\t\t\tPacific Palace PH \/ Ordaz Coppel Arquitectos (\u00a9 Aldo C\u00e1rdenas Gracia)\n\t\t\t\t<\/figcaption><\/figure><figure class='gallery-item'>\n\t\t\t<div class='gallery-icon landscape'>\n\t\t\t\t<a href='https:\/\/www.arquimaster.com.ar\/web\/wp-content\/uploads\/2023\/04\/pacifico_palace_ph9.jpg' title=\"Pacific Palace PH \/ Ordaz Coppel Arquitectos (\u00a9 Aldo C\u00e1rdenas Gracia)\" data-rl_title=\"Pacific Palace PH \/ Ordaz Coppel Arquitectos (\u00a9 Aldo C\u00e1rdenas Gracia)\" class=\"rl-gallery-link\" data-rl_caption=\"Pacific Palace PH \/ Ordaz Coppel Arquitectos (\u00a9 Aldo C\u00e1rdenas Gracia)\" data-rel=\"lightbox-gallery-1\"><img loading=\"lazy\" decoding=\"async\" width=\"150\" height=\"150\" src=\"https:\/\/www.arquimaster.com.ar\/web\/wp-content\/uploads\/2023\/04\/pacifico_palace_ph9-150x150.jpg\" class=\"attachment-thumbnail size-thumbnail\" alt=\"Pacific Palace PH \/ Ordaz Coppel Arquitectos\" aria-describedby=\"gallery-1-75802\" \/><\/a>\n\t\t\t<\/div>\n\t\t\t\t<figcaption class='wp-caption-text gallery-caption' id='gallery-1-75802'>\n\t\t\t\tPacific Palace PH \/ Ordaz Coppel Arquitectos (\u00a9 Aldo C\u00e1rdenas Gracia)\n\t\t\t\t<\/figcaption><\/figure><figure class='gallery-item'>\n\t\t\t<div class='gallery-icon landscape'>\n\t\t\t\t<a href='https:\/\/www.arquimaster.com.ar\/web\/wp-content\/uploads\/2023\/04\/pacifico_palace_ph10.jpg' title=\"Pacific Palace PH \/ Ordaz Coppel Arquitectos (planta)\" data-rl_title=\"Pacific Palace PH \/ Ordaz Coppel Arquitectos (planta)\" class=\"rl-gallery-link\" data-rl_caption=\"Pacific Palace PH \/ Ordaz Coppel Arquitectos (planta)\" data-rel=\"lightbox-gallery-1\"><img loading=\"lazy\" decoding=\"async\" width=\"150\" height=\"150\" src=\"https:\/\/www.arquimaster.com.ar\/web\/wp-content\/uploads\/2023\/04\/pacifico_palace_ph10-150x150.jpg\" class=\"attachment-thumbnail size-thumbnail\" alt=\"Pacific Palace PH \/ Ordaz Coppel Arquitectos\" aria-describedby=\"gallery-1-75803\" \/><\/a>\n\t\t\t<\/div>\n\t\t\t\t<figcaption class='wp-caption-text gallery-caption' id='gallery-1-75803'>\n\t\t\t\tPacific Palace PH \/ Ordaz Coppel Arquitectos (planta)\n\t\t\t\t<\/figcaption><\/figure>\n\t\t<\/div>\n\n<p>El lujo tropical, la simplicidad, la modernidad y la elegancia son los rasgos distintivos de este impresionante proyecto. La arquitectura del Penthouse refleja un dise\u00f1o personalizado, integral y funcional, en el que el comedor, la cocina, tres habitaciones, la habitaci\u00f3n principal, un gimnasio equipado y una enorme terraza de 148 m2 se convierten en un conjunto de elementos que, junto con la vista impresionante del inmenso Oc\u00e9ano Pac\u00edfico y las islas de Mazatl\u00e1n, representan un \u00edcono palpitante y representativo de una arquitectura moderna y elegante que cautiva a todos los hu\u00e9spedes.<\/p>\n<p>El equipo multidisciplinario de Ordaz Coppel Arquitectos aprovech\u00f3 la cautivadora vista del Penthouse al m\u00e1ximo, al estar ubicado en la parte alta del hotel, lo que permite una vista impresionante de 360 grados que abarca la ciudad de Mazatl\u00e1n y el Oc\u00e9ano Pac\u00edfico simult\u00e1neamente. Esta experiencia sensorial de lujo crea recuerdos \u00fanicos y memorables para los hu\u00e9spedes que se alojan en este hermoso hotel.<\/p>\n<p>La metodolog\u00eda enfocada del equipo de Ordaz Coppel Arquitectos se tradujo en un dise\u00f1o arquitect\u00f3nico sublime, con el m\u00e1s alto nivel est\u00e9tico, utilizando las t\u00e9cnicas m\u00e1s innovadoras de construcci\u00f3n e instalaci\u00f3n, as\u00ed como un interiorismo AAA personalizado con atributos diferenciadores, siempre dentro de un presupuesto establecido.<\/p>\n<p>La elecci\u00f3n meticulosa de los materiales utilizados en el PH Pacific Palace se bas\u00f3 en las condiciones y caracter\u00edsticas del lugar, ya que Mazatl\u00e1n es conocido por sus condiciones climatol\u00f3gicas extremadamente h\u00famedas y la alta salinidad del aire. Por lo tanto, se utilizaron materiales que requerir\u00edan un mantenimiento m\u00ednimo, resistentes y duraderos al clima, y con la m\u00e1s alta tecnolog\u00eda en construcci\u00f3n.<\/p>\n<p>Entre los materiales m\u00e1s destacados utilizados se encuentran las piedras tecnol\u00f3gicas importadas de Italia, el uso de cuarzos para refrescar el espacio, la madera de cedro y los cristales de alta tecnolog\u00eda para mejorar tanto la iluminaci\u00f3n natural como la retenci\u00f3n del calor, lo que convierte este proyecto en un modelo de eficiencia energ\u00e9tica.<\/p>\n<p>Sin duda este proyecto es una obra maestra de la arquitectura contempor\u00e1nea, que combina la elegancia y el lujo con la funcionalidad y la comodidad, en un ambiente tropical de ensue\u00f1o.<\/p>\n<p>La intervenci\u00f3n del equipo multidisciplinario de Ordaz Coppel Arquitectos, su meticulosa selecci\u00f3n de materiales de alta calidad y tecnolog\u00eda, y su enfoque en la personalizaci\u00f3n de cada espacio, han dado como resultado una obra arquitect\u00f3nica que no solo es un distintivo sobresaliente en la perla del Pac\u00edfico, sino que tambi\u00e9n es una prueba del talento y la creatividad del dise\u00f1o mexicano.<\/p>\n<p>El Penthouse de Pacific Palace es sin duda una experiencia \u00fanica y exclusiva que cautivar\u00e1 a cualquier hu\u00e9sped que tenga la oportunidad de disfrutarla.<\/p>\n\n\n<div style=\"height:20px\" aria-hidden=\"true\" class=\"wp-block-spacer\"><\/div>\n\n\n\n<p class=\"has-background\" style=\"background-color:#eaeaea\"><strong>Ficha t\u00e9cnica<\/strong><br>Nombre: Pacific Palace PH<br>Ubicaci\u00f3n: Hotel Pacific Palace, Mazatl\u00e1n, Sinaloa, M\u00e9xico<br>Oficina de arquitectura: Ordaz Coppel Arquitectos<br>Superficie: 758 m2<br>Fotograf\u00edas: Aldo C\u00e1rdenas Gracia<br><br><strong>Contacto<\/strong><br><a href=\"https:\/\/www.ordazcoppel.com\" target=\"_blank\" rel=\"noreferrer noopener\">https:\/\/www.ordazcoppel.com<\/a><br>Facebook: Arquitectos Ordaz Coppel<br>Instagram: @ordaz.coppel.arquitectos<\/p>\n\n\n\n<div style=\"height:40px\" aria-hidden=\"true\" class=\"wp-block-spacer\"><\/div>\n\n<div style=\"font-size: 0px; height: 0px; line-height: 0px; margin: 0; padding: 0; clear: both;\"><\/div><div style=\"margin-top: 0px; margin-bottom: 0px;\" class=\"sharethis-inline-share-buttons\" ><\/div>","protected":false},"excerpt":{"rendered":"<p>Elegancia, eficiencia energ\u00e9tica, funcionalidad y una inmejorable vista&#8230;<\/p>\n","protected":false},"author":1,"featured_media":75793,"comment_status":"closed","ping_status":"closed","sticky":false,"template":"","format":"standard","meta":{"_uag_custom_page_level_css":"","footnotes":""},"categories":[75,1],"tags":[111,3825,7663,24,7665,5162,1488,7664],"class_list":["post-75792","post","type-post","status-publish","format-standard","has-post-thumbnail","hentry","category-arquitectura-comercial","category-proyecto","tag-hotel","tag-hoteleria","tag-mazatlan","tag-mexico","tag-ordaz-coppel-arquitectos","tag-penthouse","tag-ph","tag-sinaloa","generate-columns","tablet-grid-50","mobile-grid-100","grid-parent","grid-50"],"yoast_head":"<!-- This site is optimized with the Yoast SEO plugin v27.3 - https:\/\/yoast.com\/product\/yoast-seo-wordpress\/ -->\n<title>Pacific Palace PH \/ Ordaz Coppel Arquitectos - Arquimaster<\/title>\n<meta name=\"description\" content=\"Una obra maestra de arquitectura contempor\u00e1nea que combina elegancia, eficiencia energ\u00e9tica, funcionalidad y una inmejorable vista al Oc\u00e9ano Pac\u00edfico.\" \/>\n<meta name=\"robots\" content=\"index, follow, max-snippet:-1, max-image-preview:large, max-video-preview:-1\" \/>\n<link rel=\"canonical\" href=\"https:\/\/www.arquimaster.com.ar\/web\/pacific-palace-ph-ordaz-coppel-arquitectos\/\" \/>\n<meta property=\"og:locale\" content=\"es_ES\" \/>\n<meta property=\"og:type\" content=\"article\" \/>\n<meta property=\"og:title\" content=\"Pacific Palace PH \/ Ordaz Coppel Arquitectos\" \/>\n<meta property=\"og:description\" content=\"Una obra maestra de arquitectura contempor\u00e1nea que combina elegancia, eficiencia energ\u00e9tica, funcionalidad y una inmejorable vista al Oc\u00e9ano Pac\u00edfico.\" \/>\n<meta property=\"og:url\" content=\"https:\/\/www.arquimaster.com.ar\/web\/pacific-palace-ph-ordaz-coppel-arquitectos\/\" \/>\n<meta property=\"og:site_name\" content=\"Arquimaster\" \/>\n<meta property=\"article:publisher\" content=\"http:\/\/www.facebook.com\/ARQUIMASTER.com.ar\" \/>\n<meta property=\"article:published_time\" content=\"2023-04-29T17:51:55+00:00\" \/>\n<meta property=\"article:modified_time\" content=\"2023-07-10T23:23:06+00:00\" \/>\n<meta property=\"og:image\" content=\"https:\/\/www.arquimaster.com.ar\/web\/wp-content\/uploads\/2023\/04\/pacifico_palace_ph_slide.jpg\" \/>\n\t<meta property=\"og:image:width\" content=\"698\" \/>\n\t<meta property=\"og:image:height\" content=\"364\" \/>\n\t<meta property=\"og:image:type\" content=\"image\/jpeg\" \/>\n<meta name=\"author\" content=\"Arquimaster\" \/>\n<meta name=\"twitter:card\" content=\"summary_large_image\" \/>\n<meta name=\"twitter:title\" content=\"Pacific Palace PH \/ Ordaz Coppel Arquitectos\" \/>\n<meta name=\"twitter:description\" content=\"Una obra maestra de arquitectura contempor\u00e1nea que combina elegancia, eficiencia energ\u00e9tica, funcionalidad y una inmejorable vista al Oc\u00e9ano Pac\u00edfico.\" \/>\n<meta name=\"twitter:image\" content=\"https:\/\/www.arquimaster.com.ar\/web\/wp-content\/uploads\/2023\/04\/pacifico_palace_ph_slide.jpg\" \/>\n<meta name=\"twitter:creator\" content=\"@arquimaster\" \/>\n<meta name=\"twitter:site\" content=\"@arquimaster\" \/>\n<meta name=\"twitter:label1\" content=\"Escrito por\" \/>\n\t<meta name=\"twitter:data1\" content=\"Arquimaster\" \/>\n\t<meta name=\"twitter:label2\" content=\"Tiempo de lectura\" \/>\n\t<meta name=\"twitter:data2\" content=\"3 minutos\" \/>\n<script type=\"application\/ld+json\" class=\"yoast-schema-graph\">{\"@context\":\"https:\\\/\\\/schema.org\",\"@graph\":[{\"@type\":\"Article\",\"@id\":\"https:\\\/\\\/www.arquimaster.com.ar\\\/web\\\/pacific-palace-ph-ordaz-coppel-arquitectos\\\/#article\",\"isPartOf\":{\"@id\":\"https:\\\/\\\/www.arquimaster.com.ar\\\/web\\\/pacific-palace-ph-ordaz-coppel-arquitectos\\\/\"},\"author\":{\"name\":\"Arquimaster\",\"@id\":\"https:\\\/\\\/www.arquimaster.com.ar\\\/web\\\/#\\\/schema\\\/person\\\/359e9f7c00193fcde068e0dd2ceb0028\"},\"headline\":\"Pacific Palace PH \\\/ Ordaz Coppel Arquitectos\",\"datePublished\":\"2023-04-29T17:51:55+00:00\",\"dateModified\":\"2023-07-10T23:23:06+00:00\",\"mainEntityOfPage\":{\"@id\":\"https:\\\/\\\/www.arquimaster.com.ar\\\/web\\\/pacific-palace-ph-ordaz-coppel-arquitectos\\\/\"},\"wordCount\":616,\"publisher\":{\"@id\":\"https:\\\/\\\/www.arquimaster.com.ar\\\/web\\\/#organization\"},\"image\":{\"@id\":\"https:\\\/\\\/www.arquimaster.com.ar\\\/web\\\/pacific-palace-ph-ordaz-coppel-arquitectos\\\/#primaryimage\"},\"thumbnailUrl\":\"https:\\\/\\\/www.arquimaster.com.ar\\\/web\\\/wp-content\\\/uploads\\\/2023\\\/04\\\/pacifico_palace_ph_slide.jpg\",\"keywords\":[\"hotel\",\"hoteler\u00eda\",\"Mazatl\u00e1n\",\"Mexico\",\"Ordaz Coppel Arquitectos\",\"penthouse\",\"PH\",\"Sinaloa\"],\"articleSection\":[\"Arquitectura comercial\",\"Proyecto\"],\"inLanguage\":\"es\"},{\"@type\":\"WebPage\",\"@id\":\"https:\\\/\\\/www.arquimaster.com.ar\\\/web\\\/pacific-palace-ph-ordaz-coppel-arquitectos\\\/\",\"url\":\"https:\\\/\\\/www.arquimaster.com.ar\\\/web\\\/pacific-palace-ph-ordaz-coppel-arquitectos\\\/\",\"name\":\"Pacific Palace PH \\\/ Ordaz Coppel Arquitectos - Arquimaster\",\"isPartOf\":{\"@id\":\"https:\\\/\\\/www.arquimaster.com.ar\\\/web\\\/#website\"},\"primaryImageOfPage\":{\"@id\":\"https:\\\/\\\/www.arquimaster.com.ar\\\/web\\\/pacific-palace-ph-ordaz-coppel-arquitectos\\\/#primaryimage\"},\"image\":{\"@id\":\"https:\\\/\\\/www.arquimaster.com.ar\\\/web\\\/pacific-palace-ph-ordaz-coppel-arquitectos\\\/#primaryimage\"},\"thumbnailUrl\":\"https:\\\/\\\/www.arquimaster.com.ar\\\/web\\\/wp-content\\\/uploads\\\/2023\\\/04\\\/pacifico_palace_ph_slide.jpg\",\"datePublished\":\"2023-04-29T17:51:55+00:00\",\"dateModified\":\"2023-07-10T23:23:06+00:00\",\"description\":\"Una obra maestra de arquitectura contempor\u00e1nea que combina elegancia, eficiencia energ\u00e9tica, funcionalidad y una inmejorable vista al Oc\u00e9ano Pac\u00edfico.\",\"breadcrumb\":{\"@id\":\"https:\\\/\\\/www.arquimaster.com.ar\\\/web\\\/pacific-palace-ph-ordaz-coppel-arquitectos\\\/#breadcrumb\"},\"inLanguage\":\"es\",\"potentialAction\":[{\"@type\":\"ReadAction\",\"target\":[\"https:\\\/\\\/www.arquimaster.com.ar\\\/web\\\/pacific-palace-ph-ordaz-coppel-arquitectos\\\/\"]}]},{\"@type\":\"ImageObject\",\"inLanguage\":\"es\",\"@id\":\"https:\\\/\\\/www.arquimaster.com.ar\\\/web\\\/pacific-palace-ph-ordaz-coppel-arquitectos\\\/#primaryimage\",\"url\":\"https:\\\/\\\/www.arquimaster.com.ar\\\/web\\\/wp-content\\\/uploads\\\/2023\\\/04\\\/pacifico_palace_ph_slide.jpg\",\"contentUrl\":\"https:\\\/\\\/www.arquimaster.com.ar\\\/web\\\/wp-content\\\/uploads\\\/2023\\\/04\\\/pacifico_palace_ph_slide.jpg\",\"width\":698,\"height\":364,\"caption\":\"Pacific Palace PH \\\/ Ordaz Coppel Arquitectos\"},{\"@type\":\"BreadcrumbList\",\"@id\":\"https:\\\/\\\/www.arquimaster.com.ar\\\/web\\\/pacific-palace-ph-ordaz-coppel-arquitectos\\\/#breadcrumb\",\"itemListElement\":[{\"@type\":\"ListItem\",\"position\":1,\"name\":\"Portada\",\"item\":\"https:\\\/\\\/www.arquimaster.com.ar\\\/web\\\/\"},{\"@type\":\"ListItem\",\"position\":2,\"name\":\"Pacific Palace PH \\\/ Ordaz Coppel Arquitectos\"}]},{\"@type\":\"WebSite\",\"@id\":\"https:\\\/\\\/www.arquimaster.com.ar\\\/web\\\/#website\",\"url\":\"https:\\\/\\\/www.arquimaster.com.ar\\\/web\\\/\",\"name\":\"Arquimaster\",\"description\":\"Web de arquitectura, dise\u00f1o y construccion\",\"publisher\":{\"@id\":\"https:\\\/\\\/www.arquimaster.com.ar\\\/web\\\/#organization\"},\"potentialAction\":[{\"@type\":\"SearchAction\",\"target\":{\"@type\":\"EntryPoint\",\"urlTemplate\":\"https:\\\/\\\/www.arquimaster.com.ar\\\/web\\\/?s={search_term_string}\"},\"query-input\":{\"@type\":\"PropertyValueSpecification\",\"valueRequired\":true,\"valueName\":\"search_term_string\"}}],\"inLanguage\":\"es\"},{\"@type\":\"Organization\",\"@id\":\"https:\\\/\\\/www.arquimaster.com.ar\\\/web\\\/#organization\",\"name\":\"Arquimaster\",\"url\":\"https:\\\/\\\/www.arquimaster.com.ar\\\/web\\\/\",\"logo\":{\"@type\":\"ImageObject\",\"inLanguage\":\"es\",\"@id\":\"https:\\\/\\\/www.arquimaster.com.ar\\\/web\\\/#\\\/schema\\\/logo\\\/image\\\/\",\"url\":\"https:\\\/\\\/www.arquimaster.com.ar\\\/web\\\/wp-content\\\/uploads\\\/2022\\\/06\\\/arquimaster.png\",\"contentUrl\":\"https:\\\/\\\/www.arquimaster.com.ar\\\/web\\\/wp-content\\\/uploads\\\/2022\\\/06\\\/arquimaster.png\",\"width\":594,\"height\":78,\"caption\":\"Arquimaster\"},\"image\":{\"@id\":\"https:\\\/\\\/www.arquimaster.com.ar\\\/web\\\/#\\\/schema\\\/logo\\\/image\\\/\"},\"sameAs\":[\"http:\\\/\\\/www.facebook.com\\\/ARQUIMASTER.com.ar\",\"https:\\\/\\\/x.com\\\/arquimaster\",\"https:\\\/\\\/www.instagram.com\\\/arquimasterblog\\\/\",\"https:\\\/\\\/www.linkedin.com\\\/company\\\/arquimaster\",\"https:\\\/\\\/www.pinterest.com\\\/arquimaster\",\"https:\\\/\\\/t.me\\\/arquimaster\"]},{\"@type\":\"Person\",\"@id\":\"https:\\\/\\\/www.arquimaster.com.ar\\\/web\\\/#\\\/schema\\\/person\\\/359e9f7c00193fcde068e0dd2ceb0028\",\"name\":\"Arquimaster\"}]}<\/script>\n<!-- \/ Yoast SEO plugin. -->","yoast_head_json":{"title":"Pacific Palace PH \/ Ordaz Coppel Arquitectos - Arquimaster","description":"Una obra maestra de arquitectura contempor\u00e1nea que combina elegancia, eficiencia energ\u00e9tica, funcionalidad y una inmejorable vista al Oc\u00e9ano Pac\u00edfico.","robots":{"index":"index","follow":"follow","max-snippet":"max-snippet:-1","max-image-preview":"max-image-preview:large","max-video-preview":"max-video-preview:-1"},"canonical":"https:\/\/www.arquimaster.com.ar\/web\/pacific-palace-ph-ordaz-coppel-arquitectos\/","og_locale":"es_ES","og_type":"article","og_title":"Pacific Palace PH \/ Ordaz Coppel Arquitectos","og_description":"Una obra maestra de arquitectura contempor\u00e1nea que combina elegancia, eficiencia energ\u00e9tica, funcionalidad y una inmejorable vista al Oc\u00e9ano Pac\u00edfico.","og_url":"https:\/\/www.arquimaster.com.ar\/web\/pacific-palace-ph-ordaz-coppel-arquitectos\/","og_site_name":"Arquimaster","article_publisher":"http:\/\/www.facebook.com\/ARQUIMASTER.com.ar","article_published_time":"2023-04-29T17:51:55+00:00","article_modified_time":"2023-07-10T23:23:06+00:00","og_image":[{"width":698,"height":364,"url":"https:\/\/www.arquimaster.com.ar\/web\/wp-content\/uploads\/2023\/04\/pacifico_palace_ph_slide.jpg","type":"image\/jpeg"}],"author":"Arquimaster","twitter_card":"summary_large_image","twitter_title":"Pacific Palace PH \/ Ordaz Coppel Arquitectos","twitter_description":"Una obra maestra de arquitectura contempor\u00e1nea que combina elegancia, eficiencia energ\u00e9tica, funcionalidad y una inmejorable vista al Oc\u00e9ano Pac\u00edfico.","twitter_image":"https:\/\/www.arquimaster.com.ar\/web\/wp-content\/uploads\/2023\/04\/pacifico_palace_ph_slide.jpg","twitter_creator":"@arquimaster","twitter_site":"@arquimaster","twitter_misc":{"Escrito por":"Arquimaster","Tiempo de lectura":"3 minutos"},"schema":{"@context":"https:\/\/schema.org","@graph":[{"@type":"Article","@id":"https:\/\/www.arquimaster.com.ar\/web\/pacific-palace-ph-ordaz-coppel-arquitectos\/#article","isPartOf":{"@id":"https:\/\/www.arquimaster.com.ar\/web\/pacific-palace-ph-ordaz-coppel-arquitectos\/"},"author":{"name":"Arquimaster","@id":"https:\/\/www.arquimaster.com.ar\/web\/#\/schema\/person\/359e9f7c00193fcde068e0dd2ceb0028"},"headline":"Pacific Palace PH \/ Ordaz Coppel Arquitectos","datePublished":"2023-04-29T17:51:55+00:00","dateModified":"2023-07-10T23:23:06+00:00","mainEntityOfPage":{"@id":"https:\/\/www.arquimaster.com.ar\/web\/pacific-palace-ph-ordaz-coppel-arquitectos\/"},"wordCount":616,"publisher":{"@id":"https:\/\/www.arquimaster.com.ar\/web\/#organization"},"image":{"@id":"https:\/\/www.arquimaster.com.ar\/web\/pacific-palace-ph-ordaz-coppel-arquitectos\/#primaryimage"},"thumbnailUrl":"https:\/\/www.arquimaster.com.ar\/web\/wp-content\/uploads\/2023\/04\/pacifico_palace_ph_slide.jpg","keywords":["hotel","hoteler\u00eda","Mazatl\u00e1n","Mexico","Ordaz Coppel Arquitectos","penthouse","PH","Sinaloa"],"articleSection":["Arquitectura comercial","Proyecto"],"inLanguage":"es"},{"@type":"WebPage","@id":"https:\/\/www.arquimaster.com.ar\/web\/pacific-palace-ph-ordaz-coppel-arquitectos\/","url":"https:\/\/www.arquimaster.com.ar\/web\/pacific-palace-ph-ordaz-coppel-arquitectos\/","name":"Pacific Palace PH \/ Ordaz Coppel Arquitectos - Arquimaster","isPartOf":{"@id":"https:\/\/www.arquimaster.com.ar\/web\/#website"},"primaryImageOfPage":{"@id":"https:\/\/www.arquimaster.com.ar\/web\/pacific-palace-ph-ordaz-coppel-arquitectos\/#primaryimage"},"image":{"@id":"https:\/\/www.arquimaster.com.ar\/web\/pacific-palace-ph-ordaz-coppel-arquitectos\/#primaryimage"},"thumbnailUrl":"https:\/\/www.arquimaster.com.ar\/web\/wp-content\/uploads\/2023\/04\/pacifico_palace_ph_slide.jpg","datePublished":"2023-04-29T17:51:55+00:00","dateModified":"2023-07-10T23:23:06+00:00","description":"Una obra maestra de arquitectura contempor\u00e1nea que combina elegancia, eficiencia energ\u00e9tica, funcionalidad y una inmejorable vista al Oc\u00e9ano Pac\u00edfico.","breadcrumb":{"@id":"https:\/\/www.arquimaster.com.ar\/web\/pacific-palace-ph-ordaz-coppel-arquitectos\/#breadcrumb"},"inLanguage":"es","potentialAction":[{"@type":"ReadAction","target":["https:\/\/www.arquimaster.com.ar\/web\/pacific-palace-ph-ordaz-coppel-arquitectos\/"]}]},{"@type":"ImageObject","inLanguage":"es","@id":"https:\/\/www.arquimaster.com.ar\/web\/pacific-palace-ph-ordaz-coppel-arquitectos\/#primaryimage","url":"https:\/\/www.arquimaster.com.ar\/web\/wp-content\/uploads\/2023\/04\/pacifico_palace_ph_slide.jpg","contentUrl":"https:\/\/www.arquimaster.com.ar\/web\/wp-content\/uploads\/2023\/04\/pacifico_palace_ph_slide.jpg","width":698,"height":364,"caption":"Pacific Palace PH \/ Ordaz Coppel Arquitectos"},{"@type":"BreadcrumbList","@id":"https:\/\/www.arquimaster.com.ar\/web\/pacific-palace-ph-ordaz-coppel-arquitectos\/#breadcrumb","itemListElement":[{"@type":"ListItem","position":1,"name":"Portada","item":"https:\/\/www.arquimaster.com.ar\/web\/"},{"@type":"ListItem","position":2,"name":"Pacific Palace PH \/ Ordaz Coppel Arquitectos"}]},{"@type":"WebSite","@id":"https:\/\/www.arquimaster.com.ar\/web\/#website","url":"https:\/\/www.arquimaster.com.ar\/web\/","name":"Arquimaster","description":"Web de arquitectura, dise\u00f1o y construccion","publisher":{"@id":"https:\/\/www.arquimaster.com.ar\/web\/#organization"},"potentialAction":[{"@type":"SearchAction","target":{"@type":"EntryPoint","urlTemplate":"https:\/\/www.arquimaster.com.ar\/web\/?s={search_term_string}"},"query-input":{"@type":"PropertyValueSpecification","valueRequired":true,"valueName":"search_term_string"}}],"inLanguage":"es"},{"@type":"Organization","@id":"https:\/\/www.arquimaster.com.ar\/web\/#organization","name":"Arquimaster","url":"https:\/\/www.arquimaster.com.ar\/web\/","logo":{"@type":"ImageObject","inLanguage":"es","@id":"https:\/\/www.arquimaster.com.ar\/web\/#\/schema\/logo\/image\/","url":"https:\/\/www.arquimaster.com.ar\/web\/wp-content\/uploads\/2022\/06\/arquimaster.png","contentUrl":"https:\/\/www.arquimaster.com.ar\/web\/wp-content\/uploads\/2022\/06\/arquimaster.png","width":594,"height":78,"caption":"Arquimaster"},"image":{"@id":"https:\/\/www.arquimaster.com.ar\/web\/#\/schema\/logo\/image\/"},"sameAs":["http:\/\/www.facebook.com\/ARQUIMASTER.com.ar","https:\/\/x.com\/arquimaster","https:\/\/www.instagram.com\/arquimasterblog\/","https:\/\/www.linkedin.com\/company\/arquimaster","https:\/\/www.pinterest.com\/arquimaster","https:\/\/t.me\/arquimaster"]},{"@type":"Person","@id":"https:\/\/www.arquimaster.com.ar\/web\/#\/schema\/person\/359e9f7c00193fcde068e0dd2ceb0028","name":"Arquimaster"}]}},"uagb_featured_image_src":{"full":["https:\/\/www.arquimaster.com.ar\/web\/wp-content\/uploads\/2023\/04\/pacifico_palace_ph_slide.jpg",698,364,false],"thumbnail":["https:\/\/www.arquimaster.com.ar\/web\/wp-content\/uploads\/2023\/04\/pacifico_palace_ph_slide-150x150.jpg",150,150,true],"medium":["https:\/\/www.arquimaster.com.ar\/web\/wp-content\/uploads\/2023\/04\/pacifico_palace_ph_slide.jpg",698,364,false],"medium_large":["https:\/\/www.arquimaster.com.ar\/web\/wp-content\/uploads\/2023\/04\/pacifico_palace_ph_slide.jpg",698,364,false],"large":["https:\/\/www.arquimaster.com.ar\/web\/wp-content\/uploads\/2023\/04\/pacifico_palace_ph_slide.jpg",698,364,false],"1536x1536":["https:\/\/www.arquimaster.com.ar\/web\/wp-content\/uploads\/2023\/04\/pacifico_palace_ph_slide.jpg",698,364,false],"2048x2048":["https:\/\/www.arquimaster.com.ar\/web\/wp-content\/uploads\/2023\/04\/pacifico_palace_ph_slide.jpg",698,364,false]},"uagb_author_info":{"display_name":"Arquimaster","author_link":"https:\/\/www.arquimaster.com.ar\/web\/author\/arquimaster\/"},"uagb_comment_info":0,"uagb_excerpt":"Elegancia, eficiencia energ\u00e9tica, funcionalidad y una inmejorable vista...","_links":{"self":[{"href":"https:\/\/www.arquimaster.com.ar\/web\/wp-json\/wp\/v2\/posts\/75792","targetHints":{"allow":["GET"]}}],"collection":[{"href":"https:\/\/www.arquimaster.com.ar\/web\/wp-json\/wp\/v2\/posts"}],"about":[{"href":"https:\/\/www.arquimaster.com.ar\/web\/wp-json\/wp\/v2\/types\/post"}],"author":[{"embeddable":true,"href":"https:\/\/www.arquimaster.com.ar\/web\/wp-json\/wp\/v2\/users\/1"}],"replies":[{"embeddable":true,"href":"https:\/\/www.arquimaster.com.ar\/web\/wp-json\/wp\/v2\/comments?post=75792"}],"version-history":[{"count":2,"href":"https:\/\/www.arquimaster.com.ar\/web\/wp-json\/wp\/v2\/posts\/75792\/revisions"}],"predecessor-version":[{"id":75805,"href":"https:\/\/www.arquimaster.com.ar\/web\/wp-json\/wp\/v2\/posts\/75792\/revisions\/75805"}],"wp:featuredmedia":[{"embeddable":true,"href":"https:\/\/www.arquimaster.com.ar\/web\/wp-json\/wp\/v2\/media\/75793"}],"wp:attachment":[{"href":"https:\/\/www.arquimaster.com.ar\/web\/wp-json\/wp\/v2\/media?parent=75792"}],"wp:term":[{"taxonomy":"category","embeddable":true,"href":"https:\/\/www.arquimaster.com.ar\/web\/wp-json\/wp\/v2\/categories?post=75792"},{"taxonomy":"post_tag","embeddable":true,"href":"https:\/\/www.arquimaster.com.ar\/web\/wp-json\/wp\/v2\/tags?post=75792"}],"curies":[{"name":"wp","href":"https:\/\/api.w.org\/{rel}","templated":true}]}}