{"id":75869,"date":"2023-04-29T15:37:40","date_gmt":"2023-04-29T18:37:40","guid":{"rendered":"https:\/\/www.arquimaster.com.ar\/web\/?p=75869"},"modified":"2024-12-18T16:02:24","modified_gmt":"2024-12-18T19:02:24","slug":"restaurante-compartir-el-equipo-creativo","status":"publish","type":"post","link":"https:\/\/www.arquimaster.com.ar\/web\/restaurante-compartir-el-equipo-creativo\/","title":{"rendered":"Restaurante Compartir \/ EL EQUIPO CREATIVO"},"content":{"rendered":"<div style=\"margin-top: 0px; margin-bottom: 0px;\" class=\"sharethis-inline-share-buttons\" ><\/div><div class=\"b812932af2e751442846f039925109de\" data-index=\"1\" style=\"float: none; margin:25px 0 25px 0; text-align:center;\">\n<script async src=\"https:\/\/pagead2.googlesyndication.com\/pagead\/js\/adsbygoogle.js\"><\/script>\r\n<!-- Arquimaster (superior) -->\r\n<ins class=\"adsbygoogle\"\r\n     style=\"display:block\"\r\n     data-ad-client=\"ca-pub-6351072698456832\"\r\n     data-ad-slot=\"6455489680\"\r\n     data-ad-format=\"auto\"\r\n     data-full-width-responsive=\"true\"><\/ins>\r\n<script>\r\n     (adsbygoogle = window.adsbygoogle || []).push({});\r\n<\/script>\n<\/div>\n<p><strong>Restaurante Compartir<\/strong> (Barcelona, Espa\u00f1a) por <strong>EL EQUIPO CREATIVO<\/strong>. Compartir Cadaqu\u00e9s, el primer restaurante del tr\u00edo de chefs del multipremiado Disfrutar, forma parte del pintoresco car\u00e1cter de Cadaqu\u00e9s, al igual que lo hacen sus calles empedradas de pizarra, sus ventanas azules asom\u00e1ndose al Mediterr\u00e1neo, sus barcas meci\u00e9ndose suavemente en la bah\u00eda, la artesan\u00eda de sus comercios invadiendo las estrechas calles con cestas, mimbres, tejidos\u2026 y ese aura art\u00edstica, casi pict\u00f3rica, que envuelve la villa de Dal\u00ed, y que ha inspirado a tantos otros artistas.<\/p>\n<div id='gallery-1' class='gallery galleryid-75869 gallery-columns-3 gallery-size-thumbnail'><figure class='gallery-item'>\n\t\t\t<div class='gallery-icon landscape'>\n\t\t\t\t<a href='https:\/\/www.arquimaster.com.ar\/web\/wp-content\/uploads\/2023\/04\/restaurante_compartir1.jpg' title=\"Restaurante Compartir \/ EL EQUIPO CREATIVO (\u00a9 Adria Goula)\" data-rl_title=\"Restaurante Compartir \/ EL EQUIPO CREATIVO (\u00a9 Adria Goula)\" class=\"rl-gallery-link\" data-rl_caption=\"Restaurante Compartir \/ EL EQUIPO CREATIVO (\u00a9 Adria Goula)\" data-rel=\"lightbox-gallery-1\"><img loading=\"lazy\" decoding=\"async\" width=\"150\" height=\"150\" src=\"https:\/\/www.arquimaster.com.ar\/web\/wp-content\/uploads\/2023\/04\/restaurante_compartir1-150x150.jpg\" class=\"attachment-thumbnail size-thumbnail\" alt=\"Restaurante Compartir \/ EL EQUIPO CREATIVO\" aria-describedby=\"gallery-1-75871\" \/><\/a>\n\t\t\t<\/div>\n\t\t\t\t<figcaption class='wp-caption-text gallery-caption' id='gallery-1-75871'>\n\t\t\t\tRestaurante Compartir \/ EL EQUIPO CREATIVO (\u00a9 Adria Goula)\n\t\t\t\t<\/figcaption><\/figure><figure class='gallery-item'>\n\t\t\t<div class='gallery-icon portrait'>\n\t\t\t\t<a href='https:\/\/www.arquimaster.com.ar\/web\/wp-content\/uploads\/2023\/04\/restaurante_compartir2.jpg' title=\"Restaurante Compartir \/ EL EQUIPO CREATIVO (\u00a9 Adria Goula)\" data-rl_title=\"Restaurante Compartir \/ EL EQUIPO CREATIVO (\u00a9 Adria Goula)\" class=\"rl-gallery-link\" data-rl_caption=\"Restaurante Compartir \/ EL EQUIPO CREATIVO (\u00a9 Adria Goula)\" data-rel=\"lightbox-gallery-1\"><img loading=\"lazy\" decoding=\"async\" width=\"150\" height=\"150\" src=\"https:\/\/www.arquimaster.com.ar\/web\/wp-content\/uploads\/2023\/04\/restaurante_compartir2-150x150.jpg\" class=\"attachment-thumbnail size-thumbnail\" alt=\"Restaurante Compartir \/ EL EQUIPO CREATIVO\" aria-describedby=\"gallery-1-75872\" \/><\/a>\n\t\t\t<\/div>\n\t\t\t\t<figcaption class='wp-caption-text gallery-caption' id='gallery-1-75872'>\n\t\t\t\tRestaurante Compartir \/ EL EQUIPO CREATIVO (\u00a9 Adria Goula)\n\t\t\t\t<\/figcaption><\/figure><figure class='gallery-item'>\n\t\t\t<div class='gallery-icon landscape'>\n\t\t\t\t<a href='https:\/\/www.arquimaster.com.ar\/web\/wp-content\/uploads\/2023\/04\/restaurante_compartir3.jpg' title=\"Restaurante Compartir \/ EL EQUIPO CREATIVO (\u00a9 Adria Goula)\" data-rl_title=\"Restaurante Compartir \/ EL EQUIPO CREATIVO (\u00a9 Adria Goula)\" class=\"rl-gallery-link\" data-rl_caption=\"Restaurante Compartir \/ EL EQUIPO CREATIVO (\u00a9 Adria Goula)\" data-rel=\"lightbox-gallery-1\"><img loading=\"lazy\" decoding=\"async\" width=\"150\" height=\"150\" src=\"https:\/\/www.arquimaster.com.ar\/web\/wp-content\/uploads\/2023\/04\/restaurante_compartir3-150x150.jpg\" class=\"attachment-thumbnail size-thumbnail\" alt=\"Restaurante Compartir \/ EL EQUIPO CREATIVO\" aria-describedby=\"gallery-1-75873\" \/><\/a>\n\t\t\t<\/div>\n\t\t\t\t<figcaption class='wp-caption-text gallery-caption' id='gallery-1-75873'>\n\t\t\t\tRestaurante Compartir \/ EL EQUIPO CREATIVO (\u00a9 Adria Goula)\n\t\t\t\t<\/figcaption><\/figure><figure class='gallery-item'>\n\t\t\t<div class='gallery-icon landscape'>\n\t\t\t\t<a href='https:\/\/www.arquimaster.com.ar\/web\/wp-content\/uploads\/2023\/04\/restaurante_compartir4.jpg' title=\"Restaurante Compartir \/ EL EQUIPO CREATIVO (\u00a9 Adria Goula)\" data-rl_title=\"Restaurante Compartir \/ EL EQUIPO CREATIVO (\u00a9 Adria Goula)\" class=\"rl-gallery-link\" data-rl_caption=\"Restaurante Compartir \/ EL EQUIPO CREATIVO (\u00a9 Adria Goula)\" data-rel=\"lightbox-gallery-1\"><img loading=\"lazy\" decoding=\"async\" width=\"150\" height=\"150\" src=\"https:\/\/www.arquimaster.com.ar\/web\/wp-content\/uploads\/2023\/04\/restaurante_compartir4-150x150.jpg\" class=\"attachment-thumbnail size-thumbnail\" alt=\"Restaurante Compartir \/ EL EQUIPO CREATIVO\" aria-describedby=\"gallery-1-75874\" \/><\/a>\n\t\t\t<\/div>\n\t\t\t\t<figcaption class='wp-caption-text gallery-caption' id='gallery-1-75874'>\n\t\t\t\tRestaurante Compartir \/ EL EQUIPO CREATIVO (\u00a9 Adria Goula)\n\t\t\t\t<\/figcaption><\/figure><figure class='gallery-item'>\n\t\t\t<div class='gallery-icon portrait'>\n\t\t\t\t<a href='https:\/\/www.arquimaster.com.ar\/web\/wp-content\/uploads\/2023\/04\/restaurante_compartir5.jpg' title=\"Restaurante Compartir \/ EL EQUIPO CREATIVO (\u00a9 Adria Goula)\" data-rl_title=\"Restaurante Compartir \/ EL EQUIPO CREATIVO (\u00a9 Adria Goula)\" class=\"rl-gallery-link\" data-rl_caption=\"Restaurante Compartir \/ EL EQUIPO CREATIVO (\u00a9 Adria Goula)\" data-rel=\"lightbox-gallery-1\"><img loading=\"lazy\" decoding=\"async\" width=\"150\" height=\"150\" src=\"https:\/\/www.arquimaster.com.ar\/web\/wp-content\/uploads\/2023\/04\/restaurante_compartir5-150x150.jpg\" class=\"attachment-thumbnail size-thumbnail\" alt=\"Restaurante Compartir \/ EL EQUIPO CREATIVO\" aria-describedby=\"gallery-1-75875\" \/><\/a>\n\t\t\t<\/div>\n\t\t\t\t<figcaption class='wp-caption-text gallery-caption' id='gallery-1-75875'>\n\t\t\t\tRestaurante Compartir \/ EL EQUIPO CREATIVO (\u00a9 Adria Goula)\n\t\t\t\t<\/figcaption><\/figure><figure class='gallery-item'>\n\t\t\t<div class='gallery-icon landscape'>\n\t\t\t\t<a href='https:\/\/www.arquimaster.com.ar\/web\/wp-content\/uploads\/2023\/04\/restaurante_compartir6.jpg' title=\"Restaurante Compartir \/ EL EQUIPO CREATIVO (\u00a9 Adria Goula)\" data-rl_title=\"Restaurante Compartir \/ EL EQUIPO CREATIVO (\u00a9 Adria Goula)\" class=\"rl-gallery-link\" data-rl_caption=\"Restaurante Compartir \/ EL EQUIPO CREATIVO (\u00a9 Adria Goula)\" data-rel=\"lightbox-gallery-1\"><img loading=\"lazy\" decoding=\"async\" width=\"150\" height=\"150\" src=\"https:\/\/www.arquimaster.com.ar\/web\/wp-content\/uploads\/2023\/04\/restaurante_compartir6-150x150.jpg\" class=\"attachment-thumbnail size-thumbnail\" alt=\"Restaurante Compartir \/ EL EQUIPO CREATIVO\" aria-describedby=\"gallery-1-75876\" \/><\/a>\n\t\t\t<\/div>\n\t\t\t\t<figcaption class='wp-caption-text gallery-caption' id='gallery-1-75876'>\n\t\t\t\tRestaurante Compartir \/ EL EQUIPO CREATIVO (\u00a9 Adria Goula)\n\t\t\t\t<\/figcaption><\/figure><figure class='gallery-item'>\n\t\t\t<div class='gallery-icon landscape'>\n\t\t\t\t<a href='https:\/\/www.arquimaster.com.ar\/web\/wp-content\/uploads\/2023\/04\/restaurante_compartir7.jpg' title=\"Restaurante Compartir \/ EL EQUIPO CREATIVO (\u00a9 Adria Goula)\" data-rl_title=\"Restaurante Compartir \/ EL EQUIPO CREATIVO (\u00a9 Adria Goula)\" class=\"rl-gallery-link\" data-rl_caption=\"Restaurante Compartir \/ EL EQUIPO CREATIVO (\u00a9 Adria Goula)\" data-rel=\"lightbox-gallery-1\"><img loading=\"lazy\" decoding=\"async\" width=\"150\" height=\"150\" src=\"https:\/\/www.arquimaster.com.ar\/web\/wp-content\/uploads\/2023\/04\/restaurante_compartir7-150x150.jpg\" class=\"attachment-thumbnail size-thumbnail\" alt=\"Restaurante Compartir \/ EL EQUIPO CREATIVO\" aria-describedby=\"gallery-1-75877\" srcset=\"https:\/\/www.arquimaster.com.ar\/web\/wp-content\/uploads\/2023\/04\/restaurante_compartir7-150x150.jpg 150w, https:\/\/www.arquimaster.com.ar\/web\/wp-content\/uploads\/2023\/04\/restaurante_compartir7-768x767.jpg 768w, https:\/\/www.arquimaster.com.ar\/web\/wp-content\/uploads\/2023\/04\/restaurante_compartir7.jpg 1501w\" sizes=\"auto, (max-width: 150px) 100vw, 150px\" \/><\/a>\n\t\t\t<\/div>\n\t\t\t\t<figcaption class='wp-caption-text gallery-caption' id='gallery-1-75877'>\n\t\t\t\tRestaurante Compartir \/ EL EQUIPO CREATIVO (\u00a9 Adria Goula)\n\t\t\t\t<\/figcaption><\/figure><figure class='gallery-item'>\n\t\t\t<div class='gallery-icon landscape'>\n\t\t\t\t<a href='https:\/\/www.arquimaster.com.ar\/web\/wp-content\/uploads\/2023\/04\/restaurante_compartir8.jpg' title=\"Restaurante Compartir \/ EL EQUIPO CREATIVO (\u00a9 Adria Goula)\" data-rl_title=\"Restaurante Compartir \/ EL EQUIPO CREATIVO (\u00a9 Adria Goula)\" class=\"rl-gallery-link\" data-rl_caption=\"Restaurante Compartir \/ EL EQUIPO CREATIVO (\u00a9 Adria Goula)\" data-rel=\"lightbox-gallery-1\"><img loading=\"lazy\" decoding=\"async\" width=\"150\" height=\"150\" src=\"https:\/\/www.arquimaster.com.ar\/web\/wp-content\/uploads\/2023\/04\/restaurante_compartir8-150x150.jpg\" class=\"attachment-thumbnail size-thumbnail\" alt=\"Restaurante Compartir \/ EL EQUIPO CREATIVO\" aria-describedby=\"gallery-1-75878\" \/><\/a>\n\t\t\t<\/div>\n\t\t\t\t<figcaption class='wp-caption-text gallery-caption' id='gallery-1-75878'>\n\t\t\t\tRestaurante Compartir \/ EL EQUIPO CREATIVO (\u00a9 Adria Goula)\n\t\t\t\t<\/figcaption><\/figure><figure class='gallery-item'>\n\t\t\t<div class='gallery-icon portrait'>\n\t\t\t\t<a href='https:\/\/www.arquimaster.com.ar\/web\/wp-content\/uploads\/2023\/04\/restaurante_compartir9.jpg' title=\"Restaurante Compartir \/ EL EQUIPO CREATIVO (\u00a9 Adria Goula)\" data-rl_title=\"Restaurante Compartir \/ EL EQUIPO CREATIVO (\u00a9 Adria Goula)\" class=\"rl-gallery-link\" data-rl_caption=\"Restaurante Compartir \/ EL EQUIPO CREATIVO (\u00a9 Adria Goula)\" data-rel=\"lightbox-gallery-1\"><img loading=\"lazy\" decoding=\"async\" width=\"150\" height=\"150\" src=\"https:\/\/www.arquimaster.com.ar\/web\/wp-content\/uploads\/2023\/04\/restaurante_compartir9-150x150.jpg\" class=\"attachment-thumbnail size-thumbnail\" alt=\"Restaurante Compartir \/ EL EQUIPO CREATIVO\" aria-describedby=\"gallery-1-75879\" \/><\/a>\n\t\t\t<\/div>\n\t\t\t\t<figcaption class='wp-caption-text gallery-caption' id='gallery-1-75879'>\n\t\t\t\tRestaurante Compartir \/ EL EQUIPO CREATIVO (\u00a9 Adria Goula)\n\t\t\t\t<\/figcaption><\/figure><figure class='gallery-item'>\n\t\t\t<div class='gallery-icon portrait'>\n\t\t\t\t<a href='https:\/\/www.arquimaster.com.ar\/web\/wp-content\/uploads\/2023\/04\/restaurante_compartir10.jpg' title=\"Restaurante Compartir \/ EL EQUIPO CREATIVO (\u00a9 Adria Goula)\" data-rl_title=\"Restaurante Compartir \/ EL EQUIPO CREATIVO (\u00a9 Adria Goula)\" class=\"rl-gallery-link\" data-rl_caption=\"Restaurante Compartir \/ EL EQUIPO CREATIVO (\u00a9 Adria Goula)\" data-rel=\"lightbox-gallery-1\"><img loading=\"lazy\" decoding=\"async\" width=\"150\" height=\"150\" src=\"https:\/\/www.arquimaster.com.ar\/web\/wp-content\/uploads\/2023\/04\/restaurante_compartir10-150x150.jpg\" class=\"attachment-thumbnail size-thumbnail\" alt=\"Restaurante Compartir \/ EL EQUIPO CREATIVO\" aria-describedby=\"gallery-1-75880\" \/><\/a>\n\t\t\t<\/div>\n\t\t\t\t<figcaption class='wp-caption-text gallery-caption' id='gallery-1-75880'>\n\t\t\t\tRestaurante Compartir \/ EL EQUIPO CREATIVO (\u00a9 Adria Goula)\n\t\t\t\t<\/figcaption><\/figure><figure class='gallery-item'>\n\t\t\t<div class='gallery-icon portrait'>\n\t\t\t\t<a href='https:\/\/www.arquimaster.com.ar\/web\/wp-content\/uploads\/2023\/04\/restaurante_compartir11.jpg' title=\"Restaurante Compartir \/ EL EQUIPO CREATIVO (\u00a9 Adria Goula)\" data-rl_title=\"Restaurante Compartir \/ EL EQUIPO CREATIVO (\u00a9 Adria Goula)\" class=\"rl-gallery-link\" data-rl_caption=\"Restaurante Compartir \/ EL EQUIPO CREATIVO (\u00a9 Adria Goula)\" data-rel=\"lightbox-gallery-1\"><img loading=\"lazy\" decoding=\"async\" width=\"150\" height=\"150\" src=\"https:\/\/www.arquimaster.com.ar\/web\/wp-content\/uploads\/2023\/04\/restaurante_compartir11-150x150.jpg\" class=\"attachment-thumbnail size-thumbnail\" alt=\"Restaurante Compartir \/ EL EQUIPO CREATIVO\" aria-describedby=\"gallery-1-75881\" \/><\/a>\n\t\t\t<\/div>\n\t\t\t\t<figcaption class='wp-caption-text gallery-caption' id='gallery-1-75881'>\n\t\t\t\tRestaurante Compartir \/ EL EQUIPO CREATIVO (\u00a9 Adria Goula)\n\t\t\t\t<\/figcaption><\/figure><figure class='gallery-item'>\n\t\t\t<div class='gallery-icon portrait'>\n\t\t\t\t<a href='https:\/\/www.arquimaster.com.ar\/web\/wp-content\/uploads\/2023\/04\/restaurante_compartir12.jpg' title=\"Restaurante Compartir \/ EL EQUIPO CREATIVO (\u00a9 Adria Goula)\" data-rl_title=\"Restaurante Compartir \/ EL EQUIPO CREATIVO (\u00a9 Adria Goula)\" class=\"rl-gallery-link\" data-rl_caption=\"Restaurante Compartir \/ EL EQUIPO CREATIVO (\u00a9 Adria Goula)\" data-rel=\"lightbox-gallery-1\"><img loading=\"lazy\" decoding=\"async\" width=\"150\" height=\"150\" src=\"https:\/\/www.arquimaster.com.ar\/web\/wp-content\/uploads\/2023\/04\/restaurante_compartir12-150x150.jpg\" class=\"attachment-thumbnail size-thumbnail\" alt=\"Restaurante Compartir \/ EL EQUIPO CREATIVO\" aria-describedby=\"gallery-1-75882\" \/><\/a>\n\t\t\t<\/div>\n\t\t\t\t<figcaption class='wp-caption-text gallery-caption' id='gallery-1-75882'>\n\t\t\t\tRestaurante Compartir \/ EL EQUIPO CREATIVO (\u00a9 Adria Goula)\n\t\t\t\t<\/figcaption><\/figure><figure class='gallery-item'>\n\t\t\t<div class='gallery-icon portrait'>\n\t\t\t\t<a href='https:\/\/www.arquimaster.com.ar\/web\/wp-content\/uploads\/2023\/04\/restaurante_compartir13.jpg' title=\"Restaurante Compartir \/ EL EQUIPO CREATIVO (\u00a9 Adria Goula)\" data-rl_title=\"Restaurante Compartir \/ EL EQUIPO CREATIVO (\u00a9 Adria Goula)\" class=\"rl-gallery-link\" data-rl_caption=\"Restaurante Compartir \/ EL EQUIPO CREATIVO (\u00a9 Adria Goula)\" data-rel=\"lightbox-gallery-1\"><img loading=\"lazy\" decoding=\"async\" width=\"150\" height=\"150\" src=\"https:\/\/www.arquimaster.com.ar\/web\/wp-content\/uploads\/2023\/04\/restaurante_compartir13-150x150.jpg\" class=\"attachment-thumbnail size-thumbnail\" alt=\"Restaurante Compartir \/ EL EQUIPO CREATIVO\" aria-describedby=\"gallery-1-75883\" \/><\/a>\n\t\t\t<\/div>\n\t\t\t\t<figcaption class='wp-caption-text gallery-caption' id='gallery-1-75883'>\n\t\t\t\tRestaurante Compartir \/ EL EQUIPO CREATIVO (\u00a9 Adria Goula)\n\t\t\t\t<\/figcaption><\/figure><figure class='gallery-item'>\n\t\t\t<div class='gallery-icon portrait'>\n\t\t\t\t<a href='https:\/\/www.arquimaster.com.ar\/web\/wp-content\/uploads\/2023\/04\/restaurante_compartir14.jpg' title=\"Restaurante Compartir \/ EL EQUIPO CREATIVO (\u00a9 Adria Goula)\" data-rl_title=\"Restaurante Compartir \/ EL EQUIPO CREATIVO (\u00a9 Adria Goula)\" class=\"rl-gallery-link\" data-rl_caption=\"Restaurante Compartir \/ EL EQUIPO CREATIVO (\u00a9 Adria Goula)\" data-rel=\"lightbox-gallery-1\"><img loading=\"lazy\" decoding=\"async\" width=\"150\" height=\"150\" src=\"https:\/\/www.arquimaster.com.ar\/web\/wp-content\/uploads\/2023\/04\/restaurante_compartir14-150x150.jpg\" class=\"attachment-thumbnail size-thumbnail\" alt=\"Restaurante Compartir \/ EL EQUIPO CREATIVO\" aria-describedby=\"gallery-1-75884\" \/><\/a>\n\t\t\t<\/div>\n\t\t\t\t<figcaption class='wp-caption-text gallery-caption' id='gallery-1-75884'>\n\t\t\t\tRestaurante Compartir \/ EL EQUIPO CREATIVO (\u00a9 Adria Goula)\n\t\t\t\t<\/figcaption><\/figure><figure class='gallery-item'>\n\t\t\t<div class='gallery-icon portrait'>\n\t\t\t\t<a href='https:\/\/www.arquimaster.com.ar\/web\/wp-content\/uploads\/2023\/04\/restaurante_compartir15.jpg' title=\"Restaurante Compartir \/ EL EQUIPO CREATIVO (\u00a9 Adria Goula)\" data-rl_title=\"Restaurante Compartir \/ EL EQUIPO CREATIVO (\u00a9 Adria Goula)\" class=\"rl-gallery-link\" data-rl_caption=\"Restaurante Compartir \/ EL EQUIPO CREATIVO (\u00a9 Adria Goula)\" data-rel=\"lightbox-gallery-1\"><img loading=\"lazy\" decoding=\"async\" width=\"150\" height=\"150\" src=\"https:\/\/www.arquimaster.com.ar\/web\/wp-content\/uploads\/2023\/04\/restaurante_compartir15-150x150.jpg\" class=\"attachment-thumbnail size-thumbnail\" alt=\"Restaurante Compartir \/ EL EQUIPO CREATIVO\" aria-describedby=\"gallery-1-75885\" \/><\/a>\n\t\t\t<\/div>\n\t\t\t\t<figcaption class='wp-caption-text gallery-caption' id='gallery-1-75885'>\n\t\t\t\tRestaurante Compartir \/ EL EQUIPO CREATIVO (\u00a9 Adria Goula)\n\t\t\t\t<\/figcaption><\/figure><figure class='gallery-item'>\n\t\t\t<div class='gallery-icon landscape'>\n\t\t\t\t<a href='https:\/\/www.arquimaster.com.ar\/web\/wp-content\/uploads\/2023\/04\/restaurante_compartir16.jpg' title=\"Restaurante Compartir \/ EL EQUIPO CREATIVO (planta)\" data-rl_title=\"Restaurante Compartir \/ EL EQUIPO CREATIVO (planta)\" class=\"rl-gallery-link\" data-rl_caption=\"Restaurante Compartir \/ EL EQUIPO CREATIVO (planta)\" data-rel=\"lightbox-gallery-1\"><img loading=\"lazy\" decoding=\"async\" width=\"150\" height=\"150\" src=\"https:\/\/www.arquimaster.com.ar\/web\/wp-content\/uploads\/2023\/04\/restaurante_compartir16-150x150.jpg\" class=\"attachment-thumbnail size-thumbnail\" alt=\"Restaurante Compartir \/ EL EQUIPO CREATIVO\" aria-describedby=\"gallery-1-75886\" \/><\/a>\n\t\t\t<\/div>\n\t\t\t\t<figcaption class='wp-caption-text gallery-caption' id='gallery-1-75886'>\n\t\t\t\tRestaurante Compartir \/ EL EQUIPO CREATIVO (planta)\n\t\t\t\t<\/figcaption><\/figure>\n\t\t<\/div>\n\n<p>El dise\u00f1o de EL EQUIPO CREATIVO para Compartir Barcelona pretende recrear parte de ese esp\u00edritu tan propio de Cadaqu\u00e9s, pero interpretado desde una perspectiva m\u00e1s urbana y contempor\u00e1nea.<\/p>\n<p><strong>Espacio y soluciones de dise\u00f1o<\/strong><br>El restaurante se sit\u00faa en un amplio y cl\u00e1sico local del Eixample Barcelon\u00e9s, con una espectacular estructura met\u00e1lica de principios de siglo. Uno de esos locales donde uno imagina una galer\u00eda de arte con grandes cuadros abstractos, abundantes en el barrio.<\/p>\n<p>Y as\u00ed es, tambi\u00e9n como hemos imaginado el dise\u00f1o: un gran espacio blanco presidido por tres abstractas \u00abventanas\u00bb azules al mar Mediterr\u00e1neo: una ventana escult\u00f3rica, una pict\u00f3rica y una textil. Cada una de estas ventanas se convierte en una oportunidad para colaborar con artistas y artesanos locales.<\/p>\n<p>El contrapunto lo dan las formas curvas de espejos y ligeros biombos de mimbre y rat\u00e1n, convertidos en c\u00e1lidas l\u00e1mparas. Situados de forma espont\u00e1nea a lo largo del local, consiguen dar privacidad a las mesas, una de las prioridades de nuestros clientes. Al mismo tiempo recrean un paisaje abstracto de velas y barcas, como referencia a la bah\u00eda de Cadaques.<\/p>\n<p>Las barras y cocinas se muestran con formas sencillas y rotundas y funcionan como nodos de energ\u00eda que activan las diferentes zonas del restaurante.<\/p>\n<p><strong>Materialidad<\/strong><br>Buscamos una materialidad c\u00e1lida y Mediterranea, la cual se traduce en superficies de un blanco roto muy texturizado, enfatizando el toque artesanal.<\/p>\n<p>El tono gris de la piedra pizarra y su aplicaci\u00f3n en \u00abtrencad\u00eds\u00bb, junto con el color teja luminoso de las cer\u00e1micas, en contraste con el abstracto e intenso azul de las ventanas, crean un potente conjunto que se puede leer en t\u00e9rminos casi pict\u00f3ricos, y pretenden dialogar con las incre\u00edbles composiciones de color y textura de los platos propios del Restaurante Compartir.<\/p>\n<p><strong>100% local<\/strong><br>Todos los materiales y productos utilizados en el proyecto han sido 100% locales, as\u00ed como los artistas y artesanos con los que se ha colaborado en la creaci\u00f3n de piezas especialmente dise\u00f1adas para el restaurante.<\/p>\n\n\n<div style=\"height:20px\" aria-hidden=\"true\" class=\"wp-block-spacer\"><\/div>\n\n\n\n<p class=\"has-background\" style=\"background-color:#eaeaea\"><strong>Ficha t\u00e9cnica<\/strong><br>Nombre: Restaurante Compartir<br>Ubicaci\u00f3n: Barcelona, Espa\u00f1a<br>Dise\u00f1o interior: EL EQUIPO CREATIVO<br>Socios: Oliver Franz Schmidt, Natali Canas del Pozo, Lucas Echeveste Lacy<br>Lideres de equipo: Daniel Trujillo, Ricard Fabregat<br>Iluminaci\u00f3n: MMaslighing<br>Fotograf\u00eda: Adria Goula<br><br><strong>Contacto<\/strong><br><a href=\"https:\/\/www.elequipocreativo.com\" target=\"_blank\" rel=\"noreferrer noopener\">https:\/\/www.elequipocreativo.com<\/a><\/p>\n\n\n\n<div style=\"height:40px\" aria-hidden=\"true\" class=\"wp-block-spacer\"><\/div>\n\n\n<p><em><strong>English version<\/strong><\/em><\/p>\n<p><em><strong>The brief &amp; concept<\/strong><\/em><br><em>Our clients aimed to bring the essence of the Mediterranean town of Cadaques, home of their first restaurant, to their new gastronomic concept in Barcelona. Slate roads, blue windows to the Sea, vessels rocking on the bay, and wicker craftsmanship invading its streets are part of the artsy spirit of Dali&#8217;s town.<\/em><\/p>\n<p><em>EL EQUIPO CREATIVO&#8217;s design for Compartir Barcelona aims to recreate part of the characteristic and artsy spirit of the town of Cadaqu\u00e9s but reinterpreted from a contemporary and urban perspective.<\/em><\/p>\n<p><em><strong>Space &amp; design solutions<\/strong><\/em><br><em>The restaurant is located in a classic venue in the Eixample district, with a spectacular steel structure dated from the beginning of the past century. One of those spaces where one would envision an art gallery with large abstract paintings, which is so common in this neighbourhood.<\/em><\/p>\n<p><em>And so it is that we have imagined the design: an ample white space presided by three blue abstract \u00abwindows\u00bb towards the Mediterranean Sea: a sculptural, a pictorial and a textile window. Each of these \u00abwindows\u00bb became an opportunity to collaborate with a different local artist, with whom we created custom-made pieces for the restaurant.<\/em><\/p>\n<p><em>The curved shapes of mirrors and wicker dividers bring a warm counterpoint, converted into lamps of warm light scattered along the space, and bringing privacy to the tables, one of our client&#8217;s priorities. They recreate an abstract landscape of sails and vessels, referencing the bay of Cadaques.<\/em><\/p>\n<p><em>Bars and kitchens have simple and bold shapes, while they perform as energy nodes activating the different areas of the restaurant.<\/em><\/p>\n<p><em><strong>Materiality<\/strong><\/em><br><em>We look for a warm, light materiality with a Mediterranean touch, translated into warm white textured surfaces and a general handmade touch. Different natural materials connect us with the architectural landscape of Cadaqu\u00e9s.<\/em><\/p>\n<p><em>The grey tone of the slate stone and its application in \u00abtrencad\u00eds\u00bb (traditional Mediterranean technique), together with the natural terracotta tile colour, in contrast with the abstract and intense blue of the windows, create a powerful set that can be read in almost pictorial terms.<\/em><\/p>\n<p><em><strong>100% Local<\/strong><\/em><br><em>All the materials and products used in the project are 100% local, as well as the artists and artisans with whom we collaborated to create custom made pieces for the restaurant.<\/em><\/p>\n<div style=\"font-size: 0px; height: 0px; line-height: 0px; margin: 0; padding: 0; clear: both;\"><\/div><div style=\"margin-top: 0px; margin-bottom: 0px;\" class=\"sharethis-inline-share-buttons\" ><\/div>","protected":false},"excerpt":{"rendered":"<p>Recrea el esp\u00edritu de Cadaqu\u00e9s desde una perspectiva m\u00e1s urbana y contempor\u00e1nea&#8230;<\/p>\n","protected":false},"author":1,"featured_media":75870,"comment_status":"closed","ping_status":"closed","sticky":false,"template":"","format":"standard","meta":{"_uag_custom_page_level_css":"","footnotes":""},"categories":[75,1],"tags":[1233,679,7698,5738,104,5745,5743,5744,257,2909],"class_list":["post-75869","post","type-post","status-publish","format-standard","has-post-thumbnail","hentry","category-arquitectura-comercial","category-proyecto","tag-arquitectura-comercial-2","tag-barcelona","tag-cadaques","tag-el-equipo-creativo","tag-espana","tag-lucas-echeveste-lacy","tag-natali-canas-del-pozo","tag-oliver-franz-schmidt","tag-restaurante","tag-trencadis","generate-columns","tablet-grid-50","mobile-grid-100","grid-parent","grid-50"],"yoast_head":"<!-- This site is optimized with the Yoast SEO plugin v27.3 - https:\/\/yoast.com\/product\/yoast-seo-wordpress\/ -->\n<title>Restaurante Compartir \/ EL EQUIPO CREATIVO - Arquimaster<\/title>\n<meta name=\"description\" content=\"El proyecto recrea parte del esp\u00edritu tan propio de Cadaqu\u00e9s, pero interpretado desde una perspectiva m\u00e1s urbana y contempor\u00e1nea.\" \/>\n<meta name=\"robots\" content=\"index, follow, max-snippet:-1, max-image-preview:large, max-video-preview:-1\" \/>\n<link rel=\"canonical\" href=\"https:\/\/www.arquimaster.com.ar\/web\/restaurante-compartir-el-equipo-creativo\/\" \/>\n<meta property=\"og:locale\" content=\"es_ES\" \/>\n<meta property=\"og:type\" content=\"article\" \/>\n<meta property=\"og:title\" content=\"Restaurante Compartir \/ EL EQUIPO CREATIVO\" \/>\n<meta property=\"og:description\" content=\"El proyecto recrea parte del esp\u00edritu tan propio de Cadaqu\u00e9s, pero interpretado desde una perspectiva m\u00e1s urbana y contempor\u00e1nea.\" \/>\n<meta property=\"og:url\" content=\"https:\/\/www.arquimaster.com.ar\/web\/restaurante-compartir-el-equipo-creativo\/\" \/>\n<meta property=\"og:site_name\" content=\"Arquimaster\" \/>\n<meta property=\"article:publisher\" content=\"http:\/\/www.facebook.com\/ARQUIMASTER.com.ar\" \/>\n<meta property=\"article:published_time\" content=\"2023-04-29T18:37:40+00:00\" \/>\n<meta property=\"article:modified_time\" content=\"2024-12-18T19:02:24+00:00\" \/>\n<meta property=\"og:image\" content=\"https:\/\/www.arquimaster.com.ar\/web\/wp-content\/uploads\/2023\/04\/restaurante_compartir_slide.jpg\" \/>\n\t<meta property=\"og:image:width\" content=\"698\" \/>\n\t<meta property=\"og:image:height\" content=\"364\" \/>\n\t<meta property=\"og:image:type\" content=\"image\/jpeg\" \/>\n<meta name=\"author\" content=\"Arquimaster\" \/>\n<meta name=\"twitter:card\" content=\"summary_large_image\" \/>\n<meta name=\"twitter:title\" content=\"Restaurante Compartir \/ EL EQUIPO CREATIVO\" \/>\n<meta name=\"twitter:description\" content=\"El proyecto recrea parte del esp\u00edritu tan propio de Cadaqu\u00e9s, pero interpretado desde una perspectiva m\u00e1s urbana y contempor\u00e1nea.\" \/>\n<meta name=\"twitter:image\" content=\"https:\/\/www.arquimaster.com.ar\/web\/wp-content\/uploads\/2023\/04\/restaurante_compartir_slide.jpg\" \/>\n<meta name=\"twitter:creator\" content=\"@arquimaster\" \/>\n<meta name=\"twitter:site\" content=\"@arquimaster\" \/>\n<meta name=\"twitter:label1\" content=\"Escrito por\" \/>\n\t<meta name=\"twitter:data1\" content=\"Arquimaster\" \/>\n\t<meta name=\"twitter:label2\" content=\"Tiempo de lectura\" \/>\n\t<meta name=\"twitter:data2\" content=\"4 minutos\" \/>\n<script type=\"application\/ld+json\" class=\"yoast-schema-graph\">{\"@context\":\"https:\\\/\\\/schema.org\",\"@graph\":[{\"@type\":\"Article\",\"@id\":\"https:\\\/\\\/www.arquimaster.com.ar\\\/web\\\/restaurante-compartir-el-equipo-creativo\\\/#article\",\"isPartOf\":{\"@id\":\"https:\\\/\\\/www.arquimaster.com.ar\\\/web\\\/restaurante-compartir-el-equipo-creativo\\\/\"},\"author\":{\"name\":\"Arquimaster\",\"@id\":\"https:\\\/\\\/www.arquimaster.com.ar\\\/web\\\/#\\\/schema\\\/person\\\/359e9f7c00193fcde068e0dd2ceb0028\"},\"headline\":\"Restaurante Compartir \\\/ EL EQUIPO CREATIVO\",\"datePublished\":\"2023-04-29T18:37:40+00:00\",\"dateModified\":\"2024-12-18T19:02:24+00:00\",\"mainEntityOfPage\":{\"@id\":\"https:\\\/\\\/www.arquimaster.com.ar\\\/web\\\/restaurante-compartir-el-equipo-creativo\\\/\"},\"wordCount\":879,\"publisher\":{\"@id\":\"https:\\\/\\\/www.arquimaster.com.ar\\\/web\\\/#organization\"},\"image\":{\"@id\":\"https:\\\/\\\/www.arquimaster.com.ar\\\/web\\\/restaurante-compartir-el-equipo-creativo\\\/#primaryimage\"},\"thumbnailUrl\":\"https:\\\/\\\/www.arquimaster.com.ar\\\/web\\\/wp-content\\\/uploads\\\/2023\\\/04\\\/restaurante_compartir_slide.jpg\",\"keywords\":[\"arquitectura comercial\",\"Barcelona\",\"Cadaqu\u00e9s\",\"EL EQUIPO CREATIVO\",\"Espa\u00f1a\",\"Lucas Echeveste Lacy\",\"Natali Canas del Pozo\",\"Oliver Franz Schmidt\",\"restaurante\",\"trencadis\"],\"articleSection\":[\"Arquitectura comercial\",\"Proyecto\"],\"inLanguage\":\"es\"},{\"@type\":\"WebPage\",\"@id\":\"https:\\\/\\\/www.arquimaster.com.ar\\\/web\\\/restaurante-compartir-el-equipo-creativo\\\/\",\"url\":\"https:\\\/\\\/www.arquimaster.com.ar\\\/web\\\/restaurante-compartir-el-equipo-creativo\\\/\",\"name\":\"Restaurante Compartir \\\/ EL EQUIPO CREATIVO - Arquimaster\",\"isPartOf\":{\"@id\":\"https:\\\/\\\/www.arquimaster.com.ar\\\/web\\\/#website\"},\"primaryImageOfPage\":{\"@id\":\"https:\\\/\\\/www.arquimaster.com.ar\\\/web\\\/restaurante-compartir-el-equipo-creativo\\\/#primaryimage\"},\"image\":{\"@id\":\"https:\\\/\\\/www.arquimaster.com.ar\\\/web\\\/restaurante-compartir-el-equipo-creativo\\\/#primaryimage\"},\"thumbnailUrl\":\"https:\\\/\\\/www.arquimaster.com.ar\\\/web\\\/wp-content\\\/uploads\\\/2023\\\/04\\\/restaurante_compartir_slide.jpg\",\"datePublished\":\"2023-04-29T18:37:40+00:00\",\"dateModified\":\"2024-12-18T19:02:24+00:00\",\"description\":\"El proyecto recrea parte del esp\u00edritu tan propio de Cadaqu\u00e9s, pero interpretado desde una perspectiva m\u00e1s urbana y contempor\u00e1nea.\",\"breadcrumb\":{\"@id\":\"https:\\\/\\\/www.arquimaster.com.ar\\\/web\\\/restaurante-compartir-el-equipo-creativo\\\/#breadcrumb\"},\"inLanguage\":\"es\",\"potentialAction\":[{\"@type\":\"ReadAction\",\"target\":[\"https:\\\/\\\/www.arquimaster.com.ar\\\/web\\\/restaurante-compartir-el-equipo-creativo\\\/\"]}]},{\"@type\":\"ImageObject\",\"inLanguage\":\"es\",\"@id\":\"https:\\\/\\\/www.arquimaster.com.ar\\\/web\\\/restaurante-compartir-el-equipo-creativo\\\/#primaryimage\",\"url\":\"https:\\\/\\\/www.arquimaster.com.ar\\\/web\\\/wp-content\\\/uploads\\\/2023\\\/04\\\/restaurante_compartir_slide.jpg\",\"contentUrl\":\"https:\\\/\\\/www.arquimaster.com.ar\\\/web\\\/wp-content\\\/uploads\\\/2023\\\/04\\\/restaurante_compartir_slide.jpg\",\"width\":698,\"height\":364,\"caption\":\"Restaurante Compartir \\\/ EL EQUIPO CREATIVO\"},{\"@type\":\"BreadcrumbList\",\"@id\":\"https:\\\/\\\/www.arquimaster.com.ar\\\/web\\\/restaurante-compartir-el-equipo-creativo\\\/#breadcrumb\",\"itemListElement\":[{\"@type\":\"ListItem\",\"position\":1,\"name\":\"Portada\",\"item\":\"https:\\\/\\\/www.arquimaster.com.ar\\\/web\\\/\"},{\"@type\":\"ListItem\",\"position\":2,\"name\":\"Restaurante Compartir \\\/ EL EQUIPO CREATIVO\"}]},{\"@type\":\"WebSite\",\"@id\":\"https:\\\/\\\/www.arquimaster.com.ar\\\/web\\\/#website\",\"url\":\"https:\\\/\\\/www.arquimaster.com.ar\\\/web\\\/\",\"name\":\"Arquimaster\",\"description\":\"Web de arquitectura, dise\u00f1o y construccion\",\"publisher\":{\"@id\":\"https:\\\/\\\/www.arquimaster.com.ar\\\/web\\\/#organization\"},\"potentialAction\":[{\"@type\":\"SearchAction\",\"target\":{\"@type\":\"EntryPoint\",\"urlTemplate\":\"https:\\\/\\\/www.arquimaster.com.ar\\\/web\\\/?s={search_term_string}\"},\"query-input\":{\"@type\":\"PropertyValueSpecification\",\"valueRequired\":true,\"valueName\":\"search_term_string\"}}],\"inLanguage\":\"es\"},{\"@type\":\"Organization\",\"@id\":\"https:\\\/\\\/www.arquimaster.com.ar\\\/web\\\/#organization\",\"name\":\"Arquimaster\",\"url\":\"https:\\\/\\\/www.arquimaster.com.ar\\\/web\\\/\",\"logo\":{\"@type\":\"ImageObject\",\"inLanguage\":\"es\",\"@id\":\"https:\\\/\\\/www.arquimaster.com.ar\\\/web\\\/#\\\/schema\\\/logo\\\/image\\\/\",\"url\":\"https:\\\/\\\/www.arquimaster.com.ar\\\/web\\\/wp-content\\\/uploads\\\/2022\\\/06\\\/arquimaster.png\",\"contentUrl\":\"https:\\\/\\\/www.arquimaster.com.ar\\\/web\\\/wp-content\\\/uploads\\\/2022\\\/06\\\/arquimaster.png\",\"width\":594,\"height\":78,\"caption\":\"Arquimaster\"},\"image\":{\"@id\":\"https:\\\/\\\/www.arquimaster.com.ar\\\/web\\\/#\\\/schema\\\/logo\\\/image\\\/\"},\"sameAs\":[\"http:\\\/\\\/www.facebook.com\\\/ARQUIMASTER.com.ar\",\"https:\\\/\\\/x.com\\\/arquimaster\",\"https:\\\/\\\/www.instagram.com\\\/arquimasterblog\\\/\",\"https:\\\/\\\/www.linkedin.com\\\/company\\\/arquimaster\",\"https:\\\/\\\/www.pinterest.com\\\/arquimaster\",\"https:\\\/\\\/t.me\\\/arquimaster\"]},{\"@type\":\"Person\",\"@id\":\"https:\\\/\\\/www.arquimaster.com.ar\\\/web\\\/#\\\/schema\\\/person\\\/359e9f7c00193fcde068e0dd2ceb0028\",\"name\":\"Arquimaster\"}]}<\/script>\n<!-- \/ Yoast SEO plugin. -->","yoast_head_json":{"title":"Restaurante Compartir \/ EL EQUIPO CREATIVO - Arquimaster","description":"El proyecto recrea parte del esp\u00edritu tan propio de Cadaqu\u00e9s, pero interpretado desde una perspectiva m\u00e1s urbana y contempor\u00e1nea.","robots":{"index":"index","follow":"follow","max-snippet":"max-snippet:-1","max-image-preview":"max-image-preview:large","max-video-preview":"max-video-preview:-1"},"canonical":"https:\/\/www.arquimaster.com.ar\/web\/restaurante-compartir-el-equipo-creativo\/","og_locale":"es_ES","og_type":"article","og_title":"Restaurante Compartir \/ EL EQUIPO CREATIVO","og_description":"El proyecto recrea parte del esp\u00edritu tan propio de Cadaqu\u00e9s, pero interpretado desde una perspectiva m\u00e1s urbana y contempor\u00e1nea.","og_url":"https:\/\/www.arquimaster.com.ar\/web\/restaurante-compartir-el-equipo-creativo\/","og_site_name":"Arquimaster","article_publisher":"http:\/\/www.facebook.com\/ARQUIMASTER.com.ar","article_published_time":"2023-04-29T18:37:40+00:00","article_modified_time":"2024-12-18T19:02:24+00:00","og_image":[{"width":698,"height":364,"url":"https:\/\/www.arquimaster.com.ar\/web\/wp-content\/uploads\/2023\/04\/restaurante_compartir_slide.jpg","type":"image\/jpeg"}],"author":"Arquimaster","twitter_card":"summary_large_image","twitter_title":"Restaurante Compartir \/ EL EQUIPO CREATIVO","twitter_description":"El proyecto recrea parte del esp\u00edritu tan propio de Cadaqu\u00e9s, pero interpretado desde una perspectiva m\u00e1s urbana y contempor\u00e1nea.","twitter_image":"https:\/\/www.arquimaster.com.ar\/web\/wp-content\/uploads\/2023\/04\/restaurante_compartir_slide.jpg","twitter_creator":"@arquimaster","twitter_site":"@arquimaster","twitter_misc":{"Escrito por":"Arquimaster","Tiempo de lectura":"4 minutos"},"schema":{"@context":"https:\/\/schema.org","@graph":[{"@type":"Article","@id":"https:\/\/www.arquimaster.com.ar\/web\/restaurante-compartir-el-equipo-creativo\/#article","isPartOf":{"@id":"https:\/\/www.arquimaster.com.ar\/web\/restaurante-compartir-el-equipo-creativo\/"},"author":{"name":"Arquimaster","@id":"https:\/\/www.arquimaster.com.ar\/web\/#\/schema\/person\/359e9f7c00193fcde068e0dd2ceb0028"},"headline":"Restaurante Compartir \/ EL EQUIPO CREATIVO","datePublished":"2023-04-29T18:37:40+00:00","dateModified":"2024-12-18T19:02:24+00:00","mainEntityOfPage":{"@id":"https:\/\/www.arquimaster.com.ar\/web\/restaurante-compartir-el-equipo-creativo\/"},"wordCount":879,"publisher":{"@id":"https:\/\/www.arquimaster.com.ar\/web\/#organization"},"image":{"@id":"https:\/\/www.arquimaster.com.ar\/web\/restaurante-compartir-el-equipo-creativo\/#primaryimage"},"thumbnailUrl":"https:\/\/www.arquimaster.com.ar\/web\/wp-content\/uploads\/2023\/04\/restaurante_compartir_slide.jpg","keywords":["arquitectura comercial","Barcelona","Cadaqu\u00e9s","EL EQUIPO CREATIVO","Espa\u00f1a","Lucas Echeveste Lacy","Natali Canas del Pozo","Oliver Franz Schmidt","restaurante","trencadis"],"articleSection":["Arquitectura comercial","Proyecto"],"inLanguage":"es"},{"@type":"WebPage","@id":"https:\/\/www.arquimaster.com.ar\/web\/restaurante-compartir-el-equipo-creativo\/","url":"https:\/\/www.arquimaster.com.ar\/web\/restaurante-compartir-el-equipo-creativo\/","name":"Restaurante Compartir \/ EL EQUIPO CREATIVO - Arquimaster","isPartOf":{"@id":"https:\/\/www.arquimaster.com.ar\/web\/#website"},"primaryImageOfPage":{"@id":"https:\/\/www.arquimaster.com.ar\/web\/restaurante-compartir-el-equipo-creativo\/#primaryimage"},"image":{"@id":"https:\/\/www.arquimaster.com.ar\/web\/restaurante-compartir-el-equipo-creativo\/#primaryimage"},"thumbnailUrl":"https:\/\/www.arquimaster.com.ar\/web\/wp-content\/uploads\/2023\/04\/restaurante_compartir_slide.jpg","datePublished":"2023-04-29T18:37:40+00:00","dateModified":"2024-12-18T19:02:24+00:00","description":"El proyecto recrea parte del esp\u00edritu tan propio de Cadaqu\u00e9s, pero interpretado desde una perspectiva m\u00e1s urbana y contempor\u00e1nea.","breadcrumb":{"@id":"https:\/\/www.arquimaster.com.ar\/web\/restaurante-compartir-el-equipo-creativo\/#breadcrumb"},"inLanguage":"es","potentialAction":[{"@type":"ReadAction","target":["https:\/\/www.arquimaster.com.ar\/web\/restaurante-compartir-el-equipo-creativo\/"]}]},{"@type":"ImageObject","inLanguage":"es","@id":"https:\/\/www.arquimaster.com.ar\/web\/restaurante-compartir-el-equipo-creativo\/#primaryimage","url":"https:\/\/www.arquimaster.com.ar\/web\/wp-content\/uploads\/2023\/04\/restaurante_compartir_slide.jpg","contentUrl":"https:\/\/www.arquimaster.com.ar\/web\/wp-content\/uploads\/2023\/04\/restaurante_compartir_slide.jpg","width":698,"height":364,"caption":"Restaurante Compartir \/ EL EQUIPO CREATIVO"},{"@type":"BreadcrumbList","@id":"https:\/\/www.arquimaster.com.ar\/web\/restaurante-compartir-el-equipo-creativo\/#breadcrumb","itemListElement":[{"@type":"ListItem","position":1,"name":"Portada","item":"https:\/\/www.arquimaster.com.ar\/web\/"},{"@type":"ListItem","position":2,"name":"Restaurante Compartir \/ EL EQUIPO CREATIVO"}]},{"@type":"WebSite","@id":"https:\/\/www.arquimaster.com.ar\/web\/#website","url":"https:\/\/www.arquimaster.com.ar\/web\/","name":"Arquimaster","description":"Web de arquitectura, dise\u00f1o y construccion","publisher":{"@id":"https:\/\/www.arquimaster.com.ar\/web\/#organization"},"potentialAction":[{"@type":"SearchAction","target":{"@type":"EntryPoint","urlTemplate":"https:\/\/www.arquimaster.com.ar\/web\/?s={search_term_string}"},"query-input":{"@type":"PropertyValueSpecification","valueRequired":true,"valueName":"search_term_string"}}],"inLanguage":"es"},{"@type":"Organization","@id":"https:\/\/www.arquimaster.com.ar\/web\/#organization","name":"Arquimaster","url":"https:\/\/www.arquimaster.com.ar\/web\/","logo":{"@type":"ImageObject","inLanguage":"es","@id":"https:\/\/www.arquimaster.com.ar\/web\/#\/schema\/logo\/image\/","url":"https:\/\/www.arquimaster.com.ar\/web\/wp-content\/uploads\/2022\/06\/arquimaster.png","contentUrl":"https:\/\/www.arquimaster.com.ar\/web\/wp-content\/uploads\/2022\/06\/arquimaster.png","width":594,"height":78,"caption":"Arquimaster"},"image":{"@id":"https:\/\/www.arquimaster.com.ar\/web\/#\/schema\/logo\/image\/"},"sameAs":["http:\/\/www.facebook.com\/ARQUIMASTER.com.ar","https:\/\/x.com\/arquimaster","https:\/\/www.instagram.com\/arquimasterblog\/","https:\/\/www.linkedin.com\/company\/arquimaster","https:\/\/www.pinterest.com\/arquimaster","https:\/\/t.me\/arquimaster"]},{"@type":"Person","@id":"https:\/\/www.arquimaster.com.ar\/web\/#\/schema\/person\/359e9f7c00193fcde068e0dd2ceb0028","name":"Arquimaster"}]}},"uagb_featured_image_src":{"full":["https:\/\/www.arquimaster.com.ar\/web\/wp-content\/uploads\/2023\/04\/restaurante_compartir_slide.jpg",698,364,false],"thumbnail":["https:\/\/www.arquimaster.com.ar\/web\/wp-content\/uploads\/2023\/04\/restaurante_compartir_slide-150x150.jpg",150,150,true],"medium":["https:\/\/www.arquimaster.com.ar\/web\/wp-content\/uploads\/2023\/04\/restaurante_compartir_slide.jpg",698,364,false],"medium_large":["https:\/\/www.arquimaster.com.ar\/web\/wp-content\/uploads\/2023\/04\/restaurante_compartir_slide.jpg",698,364,false],"large":["https:\/\/www.arquimaster.com.ar\/web\/wp-content\/uploads\/2023\/04\/restaurante_compartir_slide.jpg",698,364,false],"1536x1536":["https:\/\/www.arquimaster.com.ar\/web\/wp-content\/uploads\/2023\/04\/restaurante_compartir_slide.jpg",698,364,false],"2048x2048":["https:\/\/www.arquimaster.com.ar\/web\/wp-content\/uploads\/2023\/04\/restaurante_compartir_slide.jpg",698,364,false]},"uagb_author_info":{"display_name":"Arquimaster","author_link":"https:\/\/www.arquimaster.com.ar\/web\/author\/arquimaster\/"},"uagb_comment_info":0,"uagb_excerpt":"Recrea el esp\u00edritu de Cadaqu\u00e9s desde una perspectiva m\u00e1s urbana y contempor\u00e1nea...","_links":{"self":[{"href":"https:\/\/www.arquimaster.com.ar\/web\/wp-json\/wp\/v2\/posts\/75869","targetHints":{"allow":["GET"]}}],"collection":[{"href":"https:\/\/www.arquimaster.com.ar\/web\/wp-json\/wp\/v2\/posts"}],"about":[{"href":"https:\/\/www.arquimaster.com.ar\/web\/wp-json\/wp\/v2\/types\/post"}],"author":[{"embeddable":true,"href":"https:\/\/www.arquimaster.com.ar\/web\/wp-json\/wp\/v2\/users\/1"}],"replies":[{"embeddable":true,"href":"https:\/\/www.arquimaster.com.ar\/web\/wp-json\/wp\/v2\/comments?post=75869"}],"version-history":[{"count":2,"href":"https:\/\/www.arquimaster.com.ar\/web\/wp-json\/wp\/v2\/posts\/75869\/revisions"}],"predecessor-version":[{"id":76625,"href":"https:\/\/www.arquimaster.com.ar\/web\/wp-json\/wp\/v2\/posts\/75869\/revisions\/76625"}],"wp:featuredmedia":[{"embeddable":true,"href":"https:\/\/www.arquimaster.com.ar\/web\/wp-json\/wp\/v2\/media\/75870"}],"wp:attachment":[{"href":"https:\/\/www.arquimaster.com.ar\/web\/wp-json\/wp\/v2\/media?parent=75869"}],"wp:term":[{"taxonomy":"category","embeddable":true,"href":"https:\/\/www.arquimaster.com.ar\/web\/wp-json\/wp\/v2\/categories?post=75869"},{"taxonomy":"post_tag","embeddable":true,"href":"https:\/\/www.arquimaster.com.ar\/web\/wp-json\/wp\/v2\/tags?post=75869"}],"curies":[{"name":"wp","href":"https:\/\/api.w.org\/{rel}","templated":true}]}}