{"id":7613,"date":"2014-06-01T20:35:54","date_gmt":"2014-06-01T20:35:54","guid":{"rendered":"http:\/\/www.arquimaster.com.ar\/web\/?p=7613"},"modified":"2026-03-28T18:40:19","modified_gmt":"2026-03-28T21:40:19","slug":"casa-foa-2014-presento-su-nueva-sede-la-historica-abadia-de-san-benito","status":"publish","type":"post","link":"https:\/\/www.arquimaster.com.ar\/web\/casa-foa-2014-presento-su-nueva-sede-la-historica-abadia-de-san-benito\/","title":{"rendered":"Casa FOA 2014 present\u00f3 su nueva sede: La hist\u00f3rica Abad\u00eda de San Benito"},"content":{"rendered":"<div style=\"margin-top: 0px; margin-bottom: 0px;\" class=\"sharethis-inline-share-buttons\" ><\/div><div class=\"b812932af2e751442846f039925109de\" data-index=\"1\" style=\"float: none; margin:25px 0 25px 0; text-align:center;\">\n<script async src=\"https:\/\/pagead2.googlesyndication.com\/pagead\/js\/adsbygoogle.js\"><\/script>\r\n<!-- Arquimaster (superior) -->\r\n<ins class=\"adsbygoogle\"\r\n     style=\"display:block\"\r\n     data-ad-client=\"ca-pub-6351072698456832\"\r\n     data-ad-slot=\"6455489680\"\r\n     data-ad-format=\"auto\"\r\n     data-full-width-responsive=\"true\"><\/ins>\r\n<script>\r\n     (adsbygoogle = window.adsbygoogle || []).push({});\r\n<\/script>\n<\/div>\n<p><em><strong>Ubicada en el barrio de Palermo, la reconocida y prestigiosa exposici\u00f3n transita su camino hacia el aniversario n\u00famero 30.<\/strong><\/em><\/p>\n<p><strong>Casa FOA<\/strong>, la exposici\u00f3n nacional de arquitectura, industria, dise\u00f1o interior y paisajismo, dio a conocer lo que ser\u00e1 su escenario para la edici\u00f3n 2014. Este a\u00f1o se trata de la reconocida <strong>Abad\u00eda de San Benito<\/strong>, un edificio cuya historia se remonta al a\u00f1o 1924 ubicado en la calle Gorostiaga 1908 y Luis M. Campos (Ciudad de Buenos Aires).<\/p>\n<div id='gallery-1' class='gallery galleryid-7613 gallery-columns-3 gallery-size-thumbnail'><figure class='gallery-item'>\n\t\t\t<div class='gallery-icon landscape'>\n\t\t\t\t<a href='https:\/\/www.arquimaster.com.ar\/web\/wp-content\/uploads\/2014\/06\/casa_foa_abadia2.jpg' title=\"Casa FOA 2014 present\u00f3 su nueva sede: La hist\u00f3rica Abad\u00eda de San Benito\" data-rl_title=\"Casa FOA 2014 present\u00f3 su nueva sede: La hist\u00f3rica Abad\u00eda de San Benito\" class=\"rl-gallery-link\" data-rl_caption=\"Casa FOA 2014 present\u00f3 su nueva sede: La hist\u00f3rica Abad\u00eda de San Benito\" data-rel=\"lightbox-gallery-1\"><img loading=\"lazy\" decoding=\"async\" width=\"150\" height=\"150\" src=\"https:\/\/www.arquimaster.com.ar\/web\/wp-content\/uploads\/2014\/06\/casa_foa_abadia2-150x150.jpg\" class=\"attachment-thumbnail size-thumbnail\" alt=\"\" aria-describedby=\"gallery-1-7619\" srcset=\"https:\/\/www.arquimaster.com.ar\/web\/wp-content\/uploads\/2014\/06\/casa_foa_abadia2-150x150.jpg 150w, https:\/\/www.arquimaster.com.ar\/web\/wp-content\/uploads\/2014\/06\/casa_foa_abadia2-50x50.jpg 50w, https:\/\/www.arquimaster.com.ar\/web\/wp-content\/uploads\/2014\/06\/casa_foa_abadia2-125x125.jpg 125w\" sizes=\"auto, (max-width: 150px) 100vw, 150px\" \/><\/a>\n\t\t\t<\/div>\n\t\t\t\t<figcaption class='wp-caption-text gallery-caption' id='gallery-1-7619'>\n\t\t\t\tCasa FOA 2014 present\u00f3 su nueva sede: La hist\u00f3rica Abad\u00eda de San Benito\n\t\t\t\t<\/figcaption><\/figure><figure class='gallery-item'>\n\t\t\t<div class='gallery-icon landscape'>\n\t\t\t\t<a href='https:\/\/www.arquimaster.com.ar\/web\/wp-content\/uploads\/2014\/06\/casa_foa_abadia3.jpg' title=\"Casa FOA 2014 present\u00f3 su nueva sede: La hist\u00f3rica Abad\u00eda de San Benito\" data-rl_title=\"Casa FOA 2014 present\u00f3 su nueva sede: La hist\u00f3rica Abad\u00eda de San Benito\" class=\"rl-gallery-link\" data-rl_caption=\"Casa FOA 2014 present\u00f3 su nueva sede: La hist\u00f3rica Abad\u00eda de San Benito\" data-rel=\"lightbox-gallery-1\"><img loading=\"lazy\" decoding=\"async\" width=\"150\" height=\"150\" src=\"https:\/\/www.arquimaster.com.ar\/web\/wp-content\/uploads\/2014\/06\/casa_foa_abadia3-150x150.jpg\" class=\"attachment-thumbnail size-thumbnail\" alt=\"\" aria-describedby=\"gallery-1-7620\" srcset=\"https:\/\/www.arquimaster.com.ar\/web\/wp-content\/uploads\/2014\/06\/casa_foa_abadia3-150x150.jpg 150w, https:\/\/www.arquimaster.com.ar\/web\/wp-content\/uploads\/2014\/06\/casa_foa_abadia3-50x50.jpg 50w, https:\/\/www.arquimaster.com.ar\/web\/wp-content\/uploads\/2014\/06\/casa_foa_abadia3-125x125.jpg 125w\" sizes=\"auto, (max-width: 150px) 100vw, 150px\" \/><\/a>\n\t\t\t<\/div>\n\t\t\t\t<figcaption class='wp-caption-text gallery-caption' id='gallery-1-7620'>\n\t\t\t\tCasa FOA 2014 present\u00f3 su nueva sede: La hist\u00f3rica Abad\u00eda de San Benito\n\t\t\t\t<\/figcaption><\/figure><figure class='gallery-item'>\n\t\t\t<div class='gallery-icon landscape'>\n\t\t\t\t<a href='https:\/\/www.arquimaster.com.ar\/web\/wp-content\/uploads\/2014\/06\/casa_foa_abadia4.jpg' title=\"Casa FOA 2014 present\u00f3 su nueva sede: La hist\u00f3rica Abad\u00eda de San Benito\" data-rl_title=\"Casa FOA 2014 present\u00f3 su nueva sede: La hist\u00f3rica Abad\u00eda de San Benito\" class=\"rl-gallery-link\" data-rl_caption=\"Casa FOA 2014 present\u00f3 su nueva sede: La hist\u00f3rica Abad\u00eda de San Benito\" data-rel=\"lightbox-gallery-1\"><img loading=\"lazy\" decoding=\"async\" width=\"150\" height=\"150\" src=\"https:\/\/www.arquimaster.com.ar\/web\/wp-content\/uploads\/2014\/06\/casa_foa_abadia4-150x150.jpg\" class=\"attachment-thumbnail size-thumbnail\" alt=\"\" aria-describedby=\"gallery-1-7621\" srcset=\"https:\/\/www.arquimaster.com.ar\/web\/wp-content\/uploads\/2014\/06\/casa_foa_abadia4-150x150.jpg 150w, https:\/\/www.arquimaster.com.ar\/web\/wp-content\/uploads\/2014\/06\/casa_foa_abadia4-50x50.jpg 50w, https:\/\/www.arquimaster.com.ar\/web\/wp-content\/uploads\/2014\/06\/casa_foa_abadia4-125x125.jpg 125w\" sizes=\"auto, (max-width: 150px) 100vw, 150px\" \/><\/a>\n\t\t\t<\/div>\n\t\t\t\t<figcaption class='wp-caption-text gallery-caption' id='gallery-1-7621'>\n\t\t\t\tCasa FOA 2014 present\u00f3 su nueva sede: La hist\u00f3rica Abad\u00eda de San Benito\n\t\t\t\t<\/figcaption><\/figure><figure class='gallery-item'>\n\t\t\t<div class='gallery-icon landscape'>\n\t\t\t\t<a href='https:\/\/www.arquimaster.com.ar\/web\/wp-content\/uploads\/2014\/06\/casa_foa_abadia5.jpg' title=\"Casa FOA 2014 present\u00f3 su nueva sede: La hist\u00f3rica Abad\u00eda de San Benito\" data-rl_title=\"Casa FOA 2014 present\u00f3 su nueva sede: La hist\u00f3rica Abad\u00eda de San Benito\" class=\"rl-gallery-link\" data-rl_caption=\"Casa FOA 2014 present\u00f3 su nueva sede: La hist\u00f3rica Abad\u00eda de San Benito\" data-rel=\"lightbox-gallery-1\"><img loading=\"lazy\" decoding=\"async\" width=\"150\" height=\"150\" src=\"https:\/\/www.arquimaster.com.ar\/web\/wp-content\/uploads\/2014\/06\/casa_foa_abadia5-150x150.jpg\" class=\"attachment-thumbnail size-thumbnail\" alt=\"\" aria-describedby=\"gallery-1-7622\" srcset=\"https:\/\/www.arquimaster.com.ar\/web\/wp-content\/uploads\/2014\/06\/casa_foa_abadia5-150x150.jpg 150w, https:\/\/www.arquimaster.com.ar\/web\/wp-content\/uploads\/2014\/06\/casa_foa_abadia5-50x50.jpg 50w, https:\/\/www.arquimaster.com.ar\/web\/wp-content\/uploads\/2014\/06\/casa_foa_abadia5-125x125.jpg 125w\" sizes=\"auto, (max-width: 150px) 100vw, 150px\" \/><\/a>\n\t\t\t<\/div>\n\t\t\t\t<figcaption class='wp-caption-text gallery-caption' id='gallery-1-7622'>\n\t\t\t\tCasa FOA 2014 present\u00f3 su nueva sede: La hist\u00f3rica Abad\u00eda de San Benito\n\t\t\t\t<\/figcaption><\/figure><figure class='gallery-item'>\n\t\t\t<div class='gallery-icon landscape'>\n\t\t\t\t<a href='https:\/\/www.arquimaster.com.ar\/web\/wp-content\/uploads\/2014\/06\/casa_foa_abadia6.jpg' title=\"Casa FOA 2014 present\u00f3 su nueva sede: La hist\u00f3rica Abad\u00eda de San Benito\" data-rl_title=\"Casa FOA 2014 present\u00f3 su nueva sede: La hist\u00f3rica Abad\u00eda de San Benito\" class=\"rl-gallery-link\" data-rl_caption=\"Casa FOA 2014 present\u00f3 su nueva sede: La hist\u00f3rica Abad\u00eda de San Benito\" data-rel=\"lightbox-gallery-1\"><img loading=\"lazy\" decoding=\"async\" width=\"150\" height=\"150\" src=\"https:\/\/www.arquimaster.com.ar\/web\/wp-content\/uploads\/2014\/06\/casa_foa_abadia6-150x150.jpg\" class=\"attachment-thumbnail size-thumbnail\" alt=\"\" aria-describedby=\"gallery-1-7623\" srcset=\"https:\/\/www.arquimaster.com.ar\/web\/wp-content\/uploads\/2014\/06\/casa_foa_abadia6-150x150.jpg 150w, https:\/\/www.arquimaster.com.ar\/web\/wp-content\/uploads\/2014\/06\/casa_foa_abadia6-50x50.jpg 50w, https:\/\/www.arquimaster.com.ar\/web\/wp-content\/uploads\/2014\/06\/casa_foa_abadia6-125x125.jpg 125w\" sizes=\"auto, (max-width: 150px) 100vw, 150px\" \/><\/a>\n\t\t\t<\/div>\n\t\t\t\t<figcaption class='wp-caption-text gallery-caption' id='gallery-1-7623'>\n\t\t\t\tCasa FOA 2014 present\u00f3 su nueva sede: La hist\u00f3rica Abad\u00eda de San Benito\n\t\t\t\t<\/figcaption><\/figure><figure class='gallery-item'>\n\t\t\t<div class='gallery-icon portrait'>\n\t\t\t\t<a href='https:\/\/www.arquimaster.com.ar\/web\/wp-content\/uploads\/2014\/06\/casa_foa_abadia7.jpg' title=\"Casa FOA 2014 present\u00f3 su nueva sede: La hist\u00f3rica Abad\u00eda de San Benito\" data-rl_title=\"Casa FOA 2014 present\u00f3 su nueva sede: La hist\u00f3rica Abad\u00eda de San Benito\" class=\"rl-gallery-link\" data-rl_caption=\"Casa FOA 2014 present\u00f3 su nueva sede: La hist\u00f3rica Abad\u00eda de San Benito\" data-rel=\"lightbox-gallery-1\"><img loading=\"lazy\" decoding=\"async\" width=\"150\" height=\"150\" src=\"https:\/\/www.arquimaster.com.ar\/web\/wp-content\/uploads\/2014\/06\/casa_foa_abadia7-150x150.jpg\" class=\"attachment-thumbnail size-thumbnail\" alt=\"\" aria-describedby=\"gallery-1-7624\" srcset=\"https:\/\/www.arquimaster.com.ar\/web\/wp-content\/uploads\/2014\/06\/casa_foa_abadia7-150x150.jpg 150w, https:\/\/www.arquimaster.com.ar\/web\/wp-content\/uploads\/2014\/06\/casa_foa_abadia7-50x50.jpg 50w, https:\/\/www.arquimaster.com.ar\/web\/wp-content\/uploads\/2014\/06\/casa_foa_abadia7-125x125.jpg 125w\" sizes=\"auto, (max-width: 150px) 100vw, 150px\" \/><\/a>\n\t\t\t<\/div>\n\t\t\t\t<figcaption class='wp-caption-text gallery-caption' id='gallery-1-7624'>\n\t\t\t\tCasa FOA 2014 present\u00f3 su nueva sede: La hist\u00f3rica Abad\u00eda de San Benito\n\t\t\t\t<\/figcaption><\/figure><figure class='gallery-item'>\n\t\t\t<div class='gallery-icon portrait'>\n\t\t\t\t<a href='https:\/\/www.arquimaster.com.ar\/web\/wp-content\/uploads\/2014\/06\/casa_foa_abadia1.jpg' title=\"Casa FOA 2014 present\u00f3 su nueva sede: La hist\u00f3rica Abad\u00eda de San Benito\" data-rl_title=\"Casa FOA 2014 present\u00f3 su nueva sede: La hist\u00f3rica Abad\u00eda de San Benito\" class=\"rl-gallery-link\" data-rl_caption=\"Casa FOA 2014 present\u00f3 su nueva sede: La hist\u00f3rica Abad\u00eda de San Benito\" data-rel=\"lightbox-gallery-1\"><img loading=\"lazy\" decoding=\"async\" width=\"150\" height=\"150\" src=\"https:\/\/www.arquimaster.com.ar\/web\/wp-content\/uploads\/2014\/06\/casa_foa_abadia1-150x150.jpg\" class=\"attachment-thumbnail size-thumbnail\" alt=\"\" aria-describedby=\"gallery-1-7618\" srcset=\"https:\/\/www.arquimaster.com.ar\/web\/wp-content\/uploads\/2014\/06\/casa_foa_abadia1-150x150.jpg 150w, https:\/\/www.arquimaster.com.ar\/web\/wp-content\/uploads\/2014\/06\/casa_foa_abadia1-50x50.jpg 50w, https:\/\/www.arquimaster.com.ar\/web\/wp-content\/uploads\/2014\/06\/casa_foa_abadia1-125x125.jpg 125w\" sizes=\"auto, (max-width: 150px) 100vw, 150px\" \/><\/a>\n\t\t\t<\/div>\n\t\t\t\t<figcaption class='wp-caption-text gallery-caption' id='gallery-1-7618'>\n\t\t\t\tCasa FOA 2014 present\u00f3 su nueva sede: La hist\u00f3rica Abad\u00eda de San Benito\n\t\t\t\t<\/figcaption><\/figure><figure class='gallery-item'>\n\t\t\t<div class='gallery-icon landscape'>\n\t\t\t\t<a href='https:\/\/www.arquimaster.com.ar\/web\/wp-content\/uploads\/2014\/06\/casa_foa_abadia8.jpg' title=\"Casa FOA 2014 present\u00f3 su nueva sede: La hist\u00f3rica Abad\u00eda de San Benito\" data-rl_title=\"Casa FOA 2014 present\u00f3 su nueva sede: La hist\u00f3rica Abad\u00eda de San Benito\" class=\"rl-gallery-link\" data-rl_caption=\"Casa FOA 2014 present\u00f3 su nueva sede: La hist\u00f3rica Abad\u00eda de San Benito\" data-rel=\"lightbox-gallery-1\"><img loading=\"lazy\" decoding=\"async\" width=\"150\" height=\"150\" src=\"https:\/\/www.arquimaster.com.ar\/web\/wp-content\/uploads\/2014\/06\/casa_foa_abadia8-150x150.jpg\" class=\"attachment-thumbnail size-thumbnail\" alt=\"\" aria-describedby=\"gallery-1-7625\" srcset=\"https:\/\/www.arquimaster.com.ar\/web\/wp-content\/uploads\/2014\/06\/casa_foa_abadia8-150x150.jpg 150w, https:\/\/www.arquimaster.com.ar\/web\/wp-content\/uploads\/2014\/06\/casa_foa_abadia8-50x50.jpg 50w, https:\/\/www.arquimaster.com.ar\/web\/wp-content\/uploads\/2014\/06\/casa_foa_abadia8-125x125.jpg 125w\" sizes=\"auto, (max-width: 150px) 100vw, 150px\" \/><\/a>\n\t\t\t<\/div>\n\t\t\t\t<figcaption class='wp-caption-text gallery-caption' id='gallery-1-7625'>\n\t\t\t\tCasa FOA 2014 present\u00f3 su nueva sede: La hist\u00f3rica Abad\u00eda de San Benito\n\t\t\t\t<\/figcaption><\/figure><figure class='gallery-item'>\n\t\t\t<div class='gallery-icon portrait'>\n\t\t\t\t<a href='https:\/\/www.arquimaster.com.ar\/web\/wp-content\/uploads\/2014\/06\/casa_foa_abadia9.jpg' title=\"Casa FOA 2014 present\u00f3 su nueva sede: La hist\u00f3rica Abad\u00eda de San Benito\" data-rl_title=\"Casa FOA 2014 present\u00f3 su nueva sede: La hist\u00f3rica Abad\u00eda de San Benito\" class=\"rl-gallery-link\" data-rl_caption=\"Casa FOA 2014 present\u00f3 su nueva sede: La hist\u00f3rica Abad\u00eda de San Benito\" data-rel=\"lightbox-gallery-1\"><img loading=\"lazy\" decoding=\"async\" width=\"150\" height=\"150\" src=\"https:\/\/www.arquimaster.com.ar\/web\/wp-content\/uploads\/2014\/06\/casa_foa_abadia9-150x150.jpg\" class=\"attachment-thumbnail size-thumbnail\" alt=\"\" aria-describedby=\"gallery-1-7626\" srcset=\"https:\/\/www.arquimaster.com.ar\/web\/wp-content\/uploads\/2014\/06\/casa_foa_abadia9-150x150.jpg 150w, https:\/\/www.arquimaster.com.ar\/web\/wp-content\/uploads\/2014\/06\/casa_foa_abadia9-50x50.jpg 50w, https:\/\/www.arquimaster.com.ar\/web\/wp-content\/uploads\/2014\/06\/casa_foa_abadia9-125x125.jpg 125w\" sizes=\"auto, (max-width: 150px) 100vw, 150px\" \/><\/a>\n\t\t\t<\/div>\n\t\t\t\t<figcaption class='wp-caption-text gallery-caption' id='gallery-1-7626'>\n\t\t\t\tCasa FOA 2014 present\u00f3 su nueva sede: La hist\u00f3rica Abad\u00eda de San Benito\n\t\t\t\t<\/figcaption><\/figure><figure class='gallery-item'>\n\t\t\t<div class='gallery-icon landscape'>\n\t\t\t\t<a href='https:\/\/www.arquimaster.com.ar\/web\/wp-content\/uploads\/2014\/06\/casa_foa_abadia10.jpg' title=\"Casa FOA 2014 present\u00f3 su nueva sede: La hist\u00f3rica Abad\u00eda de San Benito\" data-rl_title=\"Casa FOA 2014 present\u00f3 su nueva sede: La hist\u00f3rica Abad\u00eda de San Benito\" class=\"rl-gallery-link\" data-rl_caption=\"Casa FOA 2014 present\u00f3 su nueva sede: La hist\u00f3rica Abad\u00eda de San Benito\" data-rel=\"lightbox-gallery-1\"><img loading=\"lazy\" decoding=\"async\" width=\"150\" height=\"150\" src=\"https:\/\/www.arquimaster.com.ar\/web\/wp-content\/uploads\/2014\/06\/casa_foa_abadia10-150x150.jpg\" class=\"attachment-thumbnail size-thumbnail\" alt=\"\" aria-describedby=\"gallery-1-7627\" srcset=\"https:\/\/www.arquimaster.com.ar\/web\/wp-content\/uploads\/2014\/06\/casa_foa_abadia10-150x150.jpg 150w, https:\/\/www.arquimaster.com.ar\/web\/wp-content\/uploads\/2014\/06\/casa_foa_abadia10-50x50.jpg 50w, https:\/\/www.arquimaster.com.ar\/web\/wp-content\/uploads\/2014\/06\/casa_foa_abadia10-125x125.jpg 125w\" sizes=\"auto, (max-width: 150px) 100vw, 150px\" \/><\/a>\n\t\t\t<\/div>\n\t\t\t\t<figcaption class='wp-caption-text gallery-caption' id='gallery-1-7627'>\n\t\t\t\tCasa FOA 2014 present\u00f3 su nueva sede: La hist\u00f3rica Abad\u00eda de San Benito\n\t\t\t\t<\/figcaption><\/figure><figure class='gallery-item'>\n\t\t\t<div class='gallery-icon portrait'>\n\t\t\t\t<a href='https:\/\/www.arquimaster.com.ar\/web\/wp-content\/uploads\/2014\/06\/casa_foa_abadia11.jpg' title=\"Casa FOA 2014 present\u00f3 su nueva sede: La hist\u00f3rica Abad\u00eda de San Benito\" data-rl_title=\"Casa FOA 2014 present\u00f3 su nueva sede: La hist\u00f3rica Abad\u00eda de San Benito\" class=\"rl-gallery-link\" data-rl_caption=\"Casa FOA 2014 present\u00f3 su nueva sede: La hist\u00f3rica Abad\u00eda de San Benito\" data-rel=\"lightbox-gallery-1\"><img loading=\"lazy\" decoding=\"async\" width=\"150\" height=\"150\" src=\"https:\/\/www.arquimaster.com.ar\/web\/wp-content\/uploads\/2014\/06\/casa_foa_abadia11-150x150.jpg\" class=\"attachment-thumbnail size-thumbnail\" alt=\"\" aria-describedby=\"gallery-1-7628\" srcset=\"https:\/\/www.arquimaster.com.ar\/web\/wp-content\/uploads\/2014\/06\/casa_foa_abadia11-150x150.jpg 150w, https:\/\/www.arquimaster.com.ar\/web\/wp-content\/uploads\/2014\/06\/casa_foa_abadia11-50x50.jpg 50w, https:\/\/www.arquimaster.com.ar\/web\/wp-content\/uploads\/2014\/06\/casa_foa_abadia11-125x125.jpg 125w\" sizes=\"auto, (max-width: 150px) 100vw, 150px\" \/><\/a>\n\t\t\t<\/div>\n\t\t\t\t<figcaption class='wp-caption-text gallery-caption' id='gallery-1-7628'>\n\t\t\t\tCasa FOA 2014 present\u00f3 su nueva sede: La hist\u00f3rica Abad\u00eda de San Benito\n\t\t\t\t<\/figcaption><\/figure><figure class='gallery-item'>\n\t\t\t<div class='gallery-icon portrait'>\n\t\t\t\t<a href='https:\/\/www.arquimaster.com.ar\/web\/wp-content\/uploads\/2014\/06\/casa_foa_abadia18.jpg' title=\"Casa FOA 2014 present\u00f3 su nueva sede: La hist\u00f3rica Abad\u00eda de San Benito\" data-rl_title=\"Casa FOA 2014 present\u00f3 su nueva sede: La hist\u00f3rica Abad\u00eda de San Benito\" class=\"rl-gallery-link\" data-rl_caption=\"Casa FOA 2014 present\u00f3 su nueva sede: La hist\u00f3rica Abad\u00eda de San Benito\" data-rel=\"lightbox-gallery-1\"><img loading=\"lazy\" decoding=\"async\" width=\"150\" height=\"150\" src=\"https:\/\/www.arquimaster.com.ar\/web\/wp-content\/uploads\/2014\/06\/casa_foa_abadia18-150x150.jpg\" class=\"attachment-thumbnail size-thumbnail\" alt=\"\" aria-describedby=\"gallery-1-7635\" srcset=\"https:\/\/www.arquimaster.com.ar\/web\/wp-content\/uploads\/2014\/06\/casa_foa_abadia18-150x150.jpg 150w, https:\/\/www.arquimaster.com.ar\/web\/wp-content\/uploads\/2014\/06\/casa_foa_abadia18-50x50.jpg 50w, https:\/\/www.arquimaster.com.ar\/web\/wp-content\/uploads\/2014\/06\/casa_foa_abadia18-125x125.jpg 125w\" sizes=\"auto, (max-width: 150px) 100vw, 150px\" \/><\/a>\n\t\t\t<\/div>\n\t\t\t\t<figcaption class='wp-caption-text gallery-caption' id='gallery-1-7635'>\n\t\t\t\tCasa FOA 2014 present\u00f3 su nueva sede: La hist\u00f3rica Abad\u00eda de San Benito\n\t\t\t\t<\/figcaption><\/figure><figure class='gallery-item'>\n\t\t\t<div class='gallery-icon portrait'>\n\t\t\t\t<a href='https:\/\/www.arquimaster.com.ar\/web\/wp-content\/uploads\/2014\/06\/casa_foa_abadia12.jpg' title=\"Casa FOA 2014 present\u00f3 su nueva sede: La hist\u00f3rica Abad\u00eda de San Benito\" data-rl_title=\"Casa FOA 2014 present\u00f3 su nueva sede: La hist\u00f3rica Abad\u00eda de San Benito\" class=\"rl-gallery-link\" data-rl_caption=\"Casa FOA 2014 present\u00f3 su nueva sede: La hist\u00f3rica Abad\u00eda de San Benito\" data-rel=\"lightbox-gallery-1\"><img loading=\"lazy\" decoding=\"async\" width=\"150\" height=\"150\" src=\"https:\/\/www.arquimaster.com.ar\/web\/wp-content\/uploads\/2014\/06\/casa_foa_abadia12-150x150.jpg\" class=\"attachment-thumbnail size-thumbnail\" alt=\"\" aria-describedby=\"gallery-1-7629\" srcset=\"https:\/\/www.arquimaster.com.ar\/web\/wp-content\/uploads\/2014\/06\/casa_foa_abadia12-150x150.jpg 150w, https:\/\/www.arquimaster.com.ar\/web\/wp-content\/uploads\/2014\/06\/casa_foa_abadia12-50x50.jpg 50w, https:\/\/www.arquimaster.com.ar\/web\/wp-content\/uploads\/2014\/06\/casa_foa_abadia12-125x125.jpg 125w\" sizes=\"auto, (max-width: 150px) 100vw, 150px\" \/><\/a>\n\t\t\t<\/div>\n\t\t\t\t<figcaption class='wp-caption-text gallery-caption' id='gallery-1-7629'>\n\t\t\t\tCasa FOA 2014 present\u00f3 su nueva sede: La hist\u00f3rica Abad\u00eda de San Benito\n\t\t\t\t<\/figcaption><\/figure><figure class='gallery-item'>\n\t\t\t<div class='gallery-icon landscape'>\n\t\t\t\t<a href='https:\/\/www.arquimaster.com.ar\/web\/wp-content\/uploads\/2014\/06\/casa_foa_abadia13.jpg' title=\"Casa FOA 2014 present\u00f3 su nueva sede: La hist\u00f3rica Abad\u00eda de San Benito\" data-rl_title=\"Casa FOA 2014 present\u00f3 su nueva sede: La hist\u00f3rica Abad\u00eda de San Benito\" class=\"rl-gallery-link\" data-rl_caption=\"Casa FOA 2014 present\u00f3 su nueva sede: La hist\u00f3rica Abad\u00eda de San Benito\" data-rel=\"lightbox-gallery-1\"><img loading=\"lazy\" decoding=\"async\" width=\"150\" height=\"150\" src=\"https:\/\/www.arquimaster.com.ar\/web\/wp-content\/uploads\/2014\/06\/casa_foa_abadia13-150x150.jpg\" class=\"attachment-thumbnail size-thumbnail\" alt=\"\" aria-describedby=\"gallery-1-7630\" srcset=\"https:\/\/www.arquimaster.com.ar\/web\/wp-content\/uploads\/2014\/06\/casa_foa_abadia13-150x150.jpg 150w, https:\/\/www.arquimaster.com.ar\/web\/wp-content\/uploads\/2014\/06\/casa_foa_abadia13-50x50.jpg 50w, https:\/\/www.arquimaster.com.ar\/web\/wp-content\/uploads\/2014\/06\/casa_foa_abadia13-125x125.jpg 125w\" sizes=\"auto, (max-width: 150px) 100vw, 150px\" \/><\/a>\n\t\t\t<\/div>\n\t\t\t\t<figcaption class='wp-caption-text gallery-caption' id='gallery-1-7630'>\n\t\t\t\tCasa FOA 2014 present\u00f3 su nueva sede: La hist\u00f3rica Abad\u00eda de San Benito\n\t\t\t\t<\/figcaption><\/figure><figure class='gallery-item'>\n\t\t\t<div class='gallery-icon landscape'>\n\t\t\t\t<a href='https:\/\/www.arquimaster.com.ar\/web\/wp-content\/uploads\/2014\/06\/casa_foa_abadia23.jpg' title=\"Casa FOA 2014 present\u00f3 su nueva sede: La hist\u00f3rica Abad\u00eda de San Benito\" data-rl_title=\"Casa FOA 2014 present\u00f3 su nueva sede: La hist\u00f3rica Abad\u00eda de San Benito\" class=\"rl-gallery-link\" data-rl_caption=\"Casa FOA 2014 present\u00f3 su nueva sede: La hist\u00f3rica Abad\u00eda de San Benito\" data-rel=\"lightbox-gallery-1\"><img loading=\"lazy\" decoding=\"async\" width=\"150\" height=\"150\" src=\"https:\/\/www.arquimaster.com.ar\/web\/wp-content\/uploads\/2014\/06\/casa_foa_abadia23-150x150.jpg\" class=\"attachment-thumbnail size-thumbnail\" alt=\"\" aria-describedby=\"gallery-1-7617\" srcset=\"https:\/\/www.arquimaster.com.ar\/web\/wp-content\/uploads\/2014\/06\/casa_foa_abadia23-150x150.jpg 150w, https:\/\/www.arquimaster.com.ar\/web\/wp-content\/uploads\/2014\/06\/casa_foa_abadia23-50x50.jpg 50w, https:\/\/www.arquimaster.com.ar\/web\/wp-content\/uploads\/2014\/06\/casa_foa_abadia23-125x125.jpg 125w\" sizes=\"auto, (max-width: 150px) 100vw, 150px\" \/><\/a>\n\t\t\t<\/div>\n\t\t\t\t<figcaption class='wp-caption-text gallery-caption' id='gallery-1-7617'>\n\t\t\t\tCasa FOA 2014 present\u00f3 su nueva sede: La hist\u00f3rica Abad\u00eda de San Benito\n\t\t\t\t<\/figcaption><\/figure><figure class='gallery-item'>\n\t\t\t<div class='gallery-icon portrait'>\n\t\t\t\t<a href='https:\/\/www.arquimaster.com.ar\/web\/wp-content\/uploads\/2014\/06\/casa_foa_abadia14.jpg' title=\"Casa FOA 2014 present\u00f3 su nueva sede: La hist\u00f3rica Abad\u00eda de San Benito\" data-rl_title=\"Casa FOA 2014 present\u00f3 su nueva sede: La hist\u00f3rica Abad\u00eda de San Benito\" class=\"rl-gallery-link\" data-rl_caption=\"Casa FOA 2014 present\u00f3 su nueva sede: La hist\u00f3rica Abad\u00eda de San Benito\" data-rel=\"lightbox-gallery-1\"><img loading=\"lazy\" decoding=\"async\" width=\"150\" height=\"150\" src=\"https:\/\/www.arquimaster.com.ar\/web\/wp-content\/uploads\/2014\/06\/casa_foa_abadia14-150x150.jpg\" class=\"attachment-thumbnail size-thumbnail\" alt=\"\" aria-describedby=\"gallery-1-7631\" srcset=\"https:\/\/www.arquimaster.com.ar\/web\/wp-content\/uploads\/2014\/06\/casa_foa_abadia14-150x150.jpg 150w, https:\/\/www.arquimaster.com.ar\/web\/wp-content\/uploads\/2014\/06\/casa_foa_abadia14-50x50.jpg 50w, https:\/\/www.arquimaster.com.ar\/web\/wp-content\/uploads\/2014\/06\/casa_foa_abadia14-125x125.jpg 125w\" sizes=\"auto, (max-width: 150px) 100vw, 150px\" \/><\/a>\n\t\t\t<\/div>\n\t\t\t\t<figcaption class='wp-caption-text gallery-caption' id='gallery-1-7631'>\n\t\t\t\tCasa FOA 2014 present\u00f3 su nueva sede: La hist\u00f3rica Abad\u00eda de San Benito\n\t\t\t\t<\/figcaption><\/figure><figure class='gallery-item'>\n\t\t\t<div class='gallery-icon portrait'>\n\t\t\t\t<a href='https:\/\/www.arquimaster.com.ar\/web\/wp-content\/uploads\/2014\/06\/casa_foa_abadia15.jpg' title=\"Casa FOA 2014 present\u00f3 su nueva sede: La hist\u00f3rica Abad\u00eda de San Benito\" data-rl_title=\"Casa FOA 2014 present\u00f3 su nueva sede: La hist\u00f3rica Abad\u00eda de San Benito\" class=\"rl-gallery-link\" data-rl_caption=\"Casa FOA 2014 present\u00f3 su nueva sede: La hist\u00f3rica Abad\u00eda de San Benito\" data-rel=\"lightbox-gallery-1\"><img loading=\"lazy\" decoding=\"async\" width=\"150\" height=\"150\" src=\"https:\/\/www.arquimaster.com.ar\/web\/wp-content\/uploads\/2014\/06\/casa_foa_abadia15-150x150.jpg\" class=\"attachment-thumbnail size-thumbnail\" alt=\"\" aria-describedby=\"gallery-1-7632\" srcset=\"https:\/\/www.arquimaster.com.ar\/web\/wp-content\/uploads\/2014\/06\/casa_foa_abadia15-150x150.jpg 150w, https:\/\/www.arquimaster.com.ar\/web\/wp-content\/uploads\/2014\/06\/casa_foa_abadia15-50x50.jpg 50w, https:\/\/www.arquimaster.com.ar\/web\/wp-content\/uploads\/2014\/06\/casa_foa_abadia15-125x125.jpg 125w\" sizes=\"auto, (max-width: 150px) 100vw, 150px\" \/><\/a>\n\t\t\t<\/div>\n\t\t\t\t<figcaption class='wp-caption-text gallery-caption' id='gallery-1-7632'>\n\t\t\t\tCasa FOA 2014 present\u00f3 su nueva sede: La hist\u00f3rica Abad\u00eda de San Benito\n\t\t\t\t<\/figcaption><\/figure><figure class='gallery-item'>\n\t\t\t<div class='gallery-icon landscape'>\n\t\t\t\t<a href='https:\/\/www.arquimaster.com.ar\/web\/wp-content\/uploads\/2014\/06\/casa_foa_abadia16.jpg' title=\"Casa FOA 2014 present\u00f3 su nueva sede: La hist\u00f3rica Abad\u00eda de San Benito\" data-rl_title=\"Casa FOA 2014 present\u00f3 su nueva sede: La hist\u00f3rica Abad\u00eda de San Benito\" class=\"rl-gallery-link\" data-rl_caption=\"Casa FOA 2014 present\u00f3 su nueva sede: La hist\u00f3rica Abad\u00eda de San Benito\" data-rel=\"lightbox-gallery-1\"><img loading=\"lazy\" decoding=\"async\" width=\"150\" height=\"150\" src=\"https:\/\/www.arquimaster.com.ar\/web\/wp-content\/uploads\/2014\/06\/casa_foa_abadia16-150x150.jpg\" class=\"attachment-thumbnail size-thumbnail\" alt=\"\" aria-describedby=\"gallery-1-7633\" srcset=\"https:\/\/www.arquimaster.com.ar\/web\/wp-content\/uploads\/2014\/06\/casa_foa_abadia16-150x150.jpg 150w, https:\/\/www.arquimaster.com.ar\/web\/wp-content\/uploads\/2014\/06\/casa_foa_abadia16-50x50.jpg 50w, https:\/\/www.arquimaster.com.ar\/web\/wp-content\/uploads\/2014\/06\/casa_foa_abadia16-125x125.jpg 125w\" sizes=\"auto, (max-width: 150px) 100vw, 150px\" \/><\/a>\n\t\t\t<\/div>\n\t\t\t\t<figcaption class='wp-caption-text gallery-caption' id='gallery-1-7633'>\n\t\t\t\tCasa FOA 2014 present\u00f3 su nueva sede: La hist\u00f3rica Abad\u00eda de San Benito\n\t\t\t\t<\/figcaption><\/figure><figure class='gallery-item'>\n\t\t\t<div class='gallery-icon landscape'>\n\t\t\t\t<a href='https:\/\/www.arquimaster.com.ar\/web\/wp-content\/uploads\/2014\/06\/casa_foa_abadia17.jpg' title=\"Casa FOA 2014 present\u00f3 su nueva sede: La hist\u00f3rica Abad\u00eda de San Benito\" data-rl_title=\"Casa FOA 2014 present\u00f3 su nueva sede: La hist\u00f3rica Abad\u00eda de San Benito\" class=\"rl-gallery-link\" data-rl_caption=\"Casa FOA 2014 present\u00f3 su nueva sede: La hist\u00f3rica Abad\u00eda de San Benito\" data-rel=\"lightbox-gallery-1\"><img loading=\"lazy\" decoding=\"async\" width=\"150\" height=\"150\" src=\"https:\/\/www.arquimaster.com.ar\/web\/wp-content\/uploads\/2014\/06\/casa_foa_abadia17-150x150.jpg\" class=\"attachment-thumbnail size-thumbnail\" alt=\"\" aria-describedby=\"gallery-1-7634\" srcset=\"https:\/\/www.arquimaster.com.ar\/web\/wp-content\/uploads\/2014\/06\/casa_foa_abadia17-150x150.jpg 150w, https:\/\/www.arquimaster.com.ar\/web\/wp-content\/uploads\/2014\/06\/casa_foa_abadia17-50x50.jpg 50w, https:\/\/www.arquimaster.com.ar\/web\/wp-content\/uploads\/2014\/06\/casa_foa_abadia17-125x125.jpg 125w\" sizes=\"auto, (max-width: 150px) 100vw, 150px\" \/><\/a>\n\t\t\t<\/div>\n\t\t\t\t<figcaption class='wp-caption-text gallery-caption' id='gallery-1-7634'>\n\t\t\t\tCasa FOA 2014 present\u00f3 su nueva sede: La hist\u00f3rica Abad\u00eda de San Benito\n\t\t\t\t<\/figcaption><\/figure><figure class='gallery-item'>\n\t\t\t<div class='gallery-icon landscape'>\n\t\t\t\t<a href='https:\/\/www.arquimaster.com.ar\/web\/wp-content\/uploads\/2014\/06\/casa_foa_abadia19.jpg' title=\"Casa FOA 2014 present\u00f3 su nueva sede: La hist\u00f3rica Abad\u00eda de San Benito\" data-rl_title=\"Casa FOA 2014 present\u00f3 su nueva sede: La hist\u00f3rica Abad\u00eda de San Benito\" class=\"rl-gallery-link\" data-rl_caption=\"Casa FOA 2014 present\u00f3 su nueva sede: La hist\u00f3rica Abad\u00eda de San Benito\" data-rel=\"lightbox-gallery-1\"><img loading=\"lazy\" decoding=\"async\" width=\"150\" height=\"150\" src=\"https:\/\/www.arquimaster.com.ar\/web\/wp-content\/uploads\/2014\/06\/casa_foa_abadia19-150x150.jpg\" class=\"attachment-thumbnail size-thumbnail\" alt=\"\" aria-describedby=\"gallery-1-7636\" srcset=\"https:\/\/www.arquimaster.com.ar\/web\/wp-content\/uploads\/2014\/06\/casa_foa_abadia19-150x150.jpg 150w, https:\/\/www.arquimaster.com.ar\/web\/wp-content\/uploads\/2014\/06\/casa_foa_abadia19-50x50.jpg 50w, https:\/\/www.arquimaster.com.ar\/web\/wp-content\/uploads\/2014\/06\/casa_foa_abadia19-125x125.jpg 125w\" sizes=\"auto, (max-width: 150px) 100vw, 150px\" \/><\/a>\n\t\t\t<\/div>\n\t\t\t\t<figcaption class='wp-caption-text gallery-caption' id='gallery-1-7636'>\n\t\t\t\tCasa FOA 2014 present\u00f3 su nueva sede: La hist\u00f3rica Abad\u00eda de San Benito\n\t\t\t\t<\/figcaption><\/figure><figure class='gallery-item'>\n\t\t\t<div class='gallery-icon portrait'>\n\t\t\t\t<a href='https:\/\/www.arquimaster.com.ar\/web\/wp-content\/uploads\/2014\/06\/casa_foa_abadia20.jpg' title=\"Casa FOA 2014 present\u00f3 su nueva sede: La hist\u00f3rica Abad\u00eda de San Benito\" data-rl_title=\"Casa FOA 2014 present\u00f3 su nueva sede: La hist\u00f3rica Abad\u00eda de San Benito\" class=\"rl-gallery-link\" data-rl_caption=\"Casa FOA 2014 present\u00f3 su nueva sede: La hist\u00f3rica Abad\u00eda de San Benito\" data-rel=\"lightbox-gallery-1\"><img loading=\"lazy\" decoding=\"async\" width=\"150\" height=\"150\" src=\"https:\/\/www.arquimaster.com.ar\/web\/wp-content\/uploads\/2014\/06\/casa_foa_abadia20-150x150.jpg\" class=\"attachment-thumbnail size-thumbnail\" alt=\"\" aria-describedby=\"gallery-1-7637\" srcset=\"https:\/\/www.arquimaster.com.ar\/web\/wp-content\/uploads\/2014\/06\/casa_foa_abadia20-150x150.jpg 150w, https:\/\/www.arquimaster.com.ar\/web\/wp-content\/uploads\/2014\/06\/casa_foa_abadia20-50x50.jpg 50w, https:\/\/www.arquimaster.com.ar\/web\/wp-content\/uploads\/2014\/06\/casa_foa_abadia20-125x125.jpg 125w\" sizes=\"auto, (max-width: 150px) 100vw, 150px\" \/><\/a>\n\t\t\t<\/div>\n\t\t\t\t<figcaption class='wp-caption-text gallery-caption' id='gallery-1-7637'>\n\t\t\t\tCasa FOA 2014 present\u00f3 su nueva sede: La hist\u00f3rica Abad\u00eda de San Benito\n\t\t\t\t<\/figcaption><\/figure><figure class='gallery-item'>\n\t\t\t<div class='gallery-icon landscape'>\n\t\t\t\t<a href='https:\/\/www.arquimaster.com.ar\/web\/wp-content\/uploads\/2014\/06\/casa_foa_abadia21.jpg' title=\"Casa FOA 2014 present\u00f3 su nueva sede: La hist\u00f3rica Abad\u00eda de San Benito\" data-rl_title=\"Casa FOA 2014 present\u00f3 su nueva sede: La hist\u00f3rica Abad\u00eda de San Benito\" class=\"rl-gallery-link\" data-rl_caption=\"Casa FOA 2014 present\u00f3 su nueva sede: La hist\u00f3rica Abad\u00eda de San Benito\" data-rel=\"lightbox-gallery-1\"><img loading=\"lazy\" decoding=\"async\" width=\"150\" height=\"150\" src=\"https:\/\/www.arquimaster.com.ar\/web\/wp-content\/uploads\/2014\/06\/casa_foa_abadia21-150x150.jpg\" class=\"attachment-thumbnail size-thumbnail\" alt=\"\" aria-describedby=\"gallery-1-7638\" srcset=\"https:\/\/www.arquimaster.com.ar\/web\/wp-content\/uploads\/2014\/06\/casa_foa_abadia21-150x150.jpg 150w, https:\/\/www.arquimaster.com.ar\/web\/wp-content\/uploads\/2014\/06\/casa_foa_abadia21-50x50.jpg 50w, https:\/\/www.arquimaster.com.ar\/web\/wp-content\/uploads\/2014\/06\/casa_foa_abadia21-125x125.jpg 125w\" sizes=\"auto, (max-width: 150px) 100vw, 150px\" \/><\/a>\n\t\t\t<\/div>\n\t\t\t\t<figcaption class='wp-caption-text gallery-caption' id='gallery-1-7638'>\n\t\t\t\tCasa FOA 2014 present\u00f3 su nueva sede: La hist\u00f3rica Abad\u00eda de San Benito\n\t\t\t\t<\/figcaption><\/figure><figure class='gallery-item'>\n\t\t\t<div class='gallery-icon portrait'>\n\t\t\t\t<a href='https:\/\/www.arquimaster.com.ar\/web\/wp-content\/uploads\/2014\/06\/casa_foa_abadia22.jpg' title=\"Casa FOA 2014 present\u00f3 su nueva sede: La hist\u00f3rica Abad\u00eda de San Benito\" data-rl_title=\"Casa FOA 2014 present\u00f3 su nueva sede: La hist\u00f3rica Abad\u00eda de San Benito\" class=\"rl-gallery-link\" data-rl_caption=\"Casa FOA 2014 present\u00f3 su nueva sede: La hist\u00f3rica Abad\u00eda de San Benito\" data-rel=\"lightbox-gallery-1\"><img loading=\"lazy\" decoding=\"async\" width=\"150\" height=\"150\" src=\"https:\/\/www.arquimaster.com.ar\/web\/wp-content\/uploads\/2014\/06\/casa_foa_abadia22-150x150.jpg\" class=\"attachment-thumbnail size-thumbnail\" alt=\"\" aria-describedby=\"gallery-1-7639\" srcset=\"https:\/\/www.arquimaster.com.ar\/web\/wp-content\/uploads\/2014\/06\/casa_foa_abadia22-150x150.jpg 150w, https:\/\/www.arquimaster.com.ar\/web\/wp-content\/uploads\/2014\/06\/casa_foa_abadia22-50x50.jpg 50w, https:\/\/www.arquimaster.com.ar\/web\/wp-content\/uploads\/2014\/06\/casa_foa_abadia22-125x125.jpg 125w\" sizes=\"auto, (max-width: 150px) 100vw, 150px\" \/><\/a>\n\t\t\t<\/div>\n\t\t\t\t<figcaption class='wp-caption-text gallery-caption' id='gallery-1-7639'>\n\t\t\t\tCasa FOA 2014 present\u00f3 su nueva sede: La hist\u00f3rica Abad\u00eda de San Benito\n\t\t\t\t<\/figcaption><\/figure>\n\t\t<\/div>\n\n<p>El escenario elegido por Casa FOA cuenta con 5000 metros cuadrados, en donde los visitantes podr\u00e1n disfrutar de <strong>45 espacios<\/strong> que ser\u00e1n intervenidos por los mejores dise\u00f1adores y arquitectos del pa\u00eds. Al igual que todos los a\u00f1os la muestra no s\u00f3lo contar\u00e1 con la participaci\u00f3n de referentes de la arquitectura y el dise\u00f1o sino que tambi\u00e9n habr\u00e1 lugar para nuevos talentos, brindando de esta manera un aire fresco y renovador.<\/p>\n<p><em>\u00abAl momento de decidir un nuevo escenario no dudamos en elegir este solar, fundamentalmente porque conjuga una serie de caracter\u00edsticas que forman parte de la filosof\u00eda de Casa FOA. La belleza, prestigio, historia y la espiritualidad se ver\u00e1n plasmadas a lo largo de todo el recorrido de la exposici\u00f3n\u00bb<\/em>, afirmaron desde Casa FOA.<\/p>\n<p><strong>Casa FOA \u00abLa Abad\u00eda\u00bb<\/strong> abrir\u00e1 sus puertas el <strong>10 de octubre hasta el 16 de noviembre<\/strong> de 2014, en donde se podr\u00e1 disfrutar de objetos de arte, de dise\u00f1o, y un pulm\u00f3n verde intervenido con propuestas innovadoras de paisajismo.<\/p>\n<p><em>\u00abConceptos como la tecnolog\u00eda de materiales, la incorporaci\u00f3n del arte en la vida cotidiana, la flexibilidad en el equipamiento, la modernidad en el tratamiento del aporte industrial, la revalorizaci\u00f3n de lo artesanal y el ingenio arquitect\u00f3nico ser\u00e1n parte sustancial en esta nueva edici\u00f3n\u00bb<\/em>, agregaron desde Casa FOA.<\/p>\n<p>Al igual que todos los a\u00f1os se llevar\u00e1n a cabo las <strong>Becas Casa FOA de Arquitectura y Paisajismo<\/strong>, en la cual se invita a arquitectos y dise\u00f1adores a participar de la misma. El ganador de la Beca ser\u00e1 premiado con un espacio en la exposici\u00f3n. <em>\u00abLas ya tradicionales becas son un pilar fundamental en la muestra porque representan una doble oportunidad tanto para los participantes como para Casa FOA. Para los primeros ya que pueden dar a conocer todo su talento y para nosotros ya que nos permiten disfrutar de ese talento que se ve plasmado en la intervenci\u00f3n de un espacio. De esta manera los beneficiados pueden iniciar un camino de crecimiento con gran potencial, dentro de un ambiente que propicia el aprendizaje\u00bb<\/em>.<\/p>\n<p>Asimismo <strong>Casa FOA \u00abLa Abad\u00eda\u00bb<\/strong> contar\u00e1 con la recepci\u00f3n de prototipos para el <strong>concurso de Bancos Urbanos<\/strong>, que a\u00f1o tras a\u00f1o cobra mayor importancia dentro de la muestra. Tomando como premisas la sustentabilidad, uso adecuado del material, comodidad del usuario y la viabilidad productiva, los concursantes deber\u00e1n apelar a su imaginaci\u00f3n y creatividad para la realizaci\u00f3n de un banco urbano. El ganador ser\u00e1 premiado con la posibilidad de colocar su creaci\u00f3n en lugar p\u00fablico de la Ciudad de Buenos Aires.<\/p>\n<p>Todo lo recaudado en la venta de entradas ser\u00e1 destinado a la <strong>Fundaci\u00f3n Oftalmol\u00f3gica Argentina (FOA)<\/strong>. De esta manera Casa FOA afirma su compromiso con la Fundaci\u00f3n que hace a\u00f1os se encuentra embarcada en la docencia, investigaci\u00f3n y prevenci\u00f3n de enfermedades oculares para pacientes de bajos recursos. A trav\u00e9s de su programa <strong>\u00abPara Verte Mejor Argentina\u00bb<\/strong>, la Fundaci\u00f3n recorre lugares rec\u00f3nditos del pa\u00eds brindando asistencia a diferentes comunidades. Este a\u00f1o en particular, durante el mes de noviembre, visitar\u00e1 a una comunidad ind\u00edgena con m\u00e1s de 2.500 habitantes en la provincia de Misiones.<\/p>\n<p>Asimismo FOA contar\u00e1 con un espacio durante el transcurso de la exposici\u00f3n, en donde se brindar\u00e1 informaci\u00f3n respecto a todas las campa\u00f1as realizadas a lo largo de sus 50 a\u00f1os de existencia. Esta nueva edici\u00f3n tambi\u00e9n contar\u00e1 con grandes novedades, una de ellas es el inicio de ciclos nocturnos denominados<strong> Casa FOA de noche<\/strong>. <em>\u00abCasa FOA se expresa de mil maneras y busca, a\u00f1o tras a\u00f1o, sorprender, innovar, dar siempre algo nuevo. Por eso, en esta nueva edici\u00f3n, cada viernes, al caer el sol, La Abad\u00eda dejar\u00e1 sus puertas abiertas para un recorrido nocturno, con actividades, desfiles de moda, grupos de m\u00fasica en vivo y encuentros con los protagonistas que le ponen vida a los espacios de la muestra\u00bb<\/em>, informaron desde FOA.<\/p>\n<p>El edificio fue cedido, de manera muy generosa, por parte de la orden Benedictina al movimiento cristiano \u00abSodalicio de Vida Cristiana\u00bb. Este movimiento se encargar\u00e1 de, una vez finalizada la muestra, realizar actividades de formaci\u00f3n educativa para la comunidad y utilizar la Abad\u00eda como un lugar de residencia universitaria. Asimismo, Casa FOA realizar\u00e1 mejoras en las instalaciones y dejar\u00e1n establecidos ambientes como los ba\u00f1os p\u00fablicos, una biblioteca y un auditorio. De esta forma, se contribuir\u00e1 con la creaci\u00f3n de lugares para la cultura, el arte y la formaci\u00f3n.<\/p>\n<p><strong>Breve rese\u00f1a hist\u00f3rica de La Abad\u00eda de San Benito<\/strong><br \/>\nEl conjunto de La Abad\u00eda comenz\u00f3 a construirse a partir del a\u00f1o 1924, como resultado de un proyecto delineado por el Presb\u00edtero Eleuterio Gonz\u00e1lez, uno de los primeros seis monjes que habitaron desde principios de siglo. La obra tom\u00f3 muchos rasgos ideados por Gonz\u00e1lez, quien contaba con vastos conocimientos sobre arquitectura. La construcci\u00f3n de los distintos sectores se prolong\u00f3 durante m\u00e1s de 6 d\u00e9cadas, factor que contribuy\u00f3 a que se produzca la participaron de numerosos arquitectos y presb\u00edteros en la definici\u00f3n de sus estilos.<\/p>\n<p>La Iglesia Principal fue construida en 1941, gracias a una donaci\u00f3n realizada por la familia Blaquier. Los aportes altruistas de las familias de Buenos Aires, as\u00ed como la donaci\u00f3n del terreno por la familia Tornquist, en primer lugar, ayudaron a que el edificio creciera reflejando la arquitectura de cada \u00e9poca. El Monasterio sigui\u00f3 creciendo hasta llegar a ser considerado Abad\u00eda en octubre de 1950.<\/p>\n<p>El estilo del edificio es considerado ecl\u00e9ctico y resulta un gran ejemplo de historicismo tard\u00edo. Fundamentalmente, en su conjunto posee un estilo neo medieval con referencia de los estilos rom\u00e1nico y g\u00f3tico tard\u00edos. En el edificio se destaca un gran manejo de los llenos y vac\u00edos, as\u00ed como la riqueza de proporciones, donde los espacios de gran verticalidad marcan la caja. Las arcadas y cielorrasos con arcos de medio punto son parte de esa personalidad. En cuanto al parque que abraza la Abad\u00eda se destacan sus galer\u00edas monacales (que reivindican el esp\u00edritu cat\u00f3lico) y el patio central (el cual convoca a situaciones intimistas que responden a la forma de vida benedictina).<\/p>\n<p><strong>Acerca de Casa FOA<\/strong><br \/>\nCasa FOA, la exposici\u00f3n nacional de arquitectura, industria, dise\u00f1o interior y paisajismo, creada por iniciativa de Mercedes Malbran de Campos en el a\u00f1o 1985, con el objetivo de recaudar fondos para la Fundaci\u00f3n Oftalmol\u00f3gica Argentina Jorge Malbran. Casa FOA es un espacio emblem\u00e1tico del dise\u00f1o que congrega propuestas vanguardistas de las m\u00e1s variadas tendencias. Casa Foa es un referente indiscutido de la agenda cultural de la Argentina y una cita ineludible para conocer las \u00faltimas tendencias del dise\u00f1o. Es tambi\u00e9n un producto nacional, que a\u00f1o tras a\u00f1o trasciende internacionalmente.<\/p>\n<p><strong>Acerca de la Fundaci\u00f3n Oftalmol\u00f3gica Argentina Jorge Malbran<\/strong><br \/>\nLa Fundaci\u00f3n Oftalmol\u00f3gica Argentina Jorge Malbran, naci\u00f3 el 30 de noviembre de 1964. Creada por la inquietud e iniciativa del Doctor Enrique Segundo Malbran, con un prop\u00f3sito: La investigaci\u00f3n y docencia dentro de la oftalmolog\u00eda. La Fundaci\u00f3n, Instituto de docencia e investigaci\u00f3n es una instituci\u00f3n privada sin fines de lucro que, es la culminaci\u00f3n institucional de la particular actitud docente de Jorge Malbran inspirada en la m\u00e1xima de S\u00e9neca \u00ablos hombres aprenden mientras ense\u00f1an\u00bb. Durante m\u00e1s cuarenta y cinco a\u00f1os la Fundaci\u00f3n ha llevado una intensa actividad dentro del campo de la investigaci\u00f3n oftalmol\u00f3gica, la docencia y la ayuda a la comunidad.<\/p>\n\n<div style=\"font-size: 0px; height: 0px; line-height: 0px; margin: 0; padding: 0; clear: both;\"><\/div><div style=\"margin-top: 0px; margin-bottom: 0px;\" class=\"sharethis-inline-share-buttons\" ><\/div>","protected":false},"excerpt":{"rendered":"<p>Contar\u00e1 con la participaci\u00f3n de referentes y nuevos talentos de la arquitectura y el dise\u00f1o&#8230;<\/p>\n","protected":false},"author":1,"featured_media":7616,"comment_status":"closed","ping_status":"closed","sticky":false,"template":"","format":"standard","meta":{"_uag_custom_page_level_css":"","footnotes":""},"categories":[55,56],"tags":[2067,470,187,2066,38,1401,1403,1108,709],"class_list":["post-7613","post","type-post","status-publish","format-standard","has-post-thumbnail","hentry","category-diseno","category-diseno-interior-decoracion","tag-abadia-de-san-benito","tag-arquitectura","tag-arte","tag-casa-foa","tag-diseno-interior","tag-foa","tag-fundacion-oftalmologica-argentina","tag-muestras","tag-paisajismo","generate-columns","tablet-grid-50","mobile-grid-100","grid-parent","grid-50"],"yoast_head":"<!-- This site is optimized with the Yoast SEO plugin v27.3 - https:\/\/yoast.com\/product\/yoast-seo-wordpress\/ -->\n<title>Casa FOA 2014 present\u00f3 su nueva sede: La hist\u00f3rica Abad\u00eda de San Benito - Arquimaster<\/title>\n<meta name=\"robots\" content=\"index, follow, max-snippet:-1, max-image-preview:large, max-video-preview:-1\" \/>\n<link rel=\"canonical\" href=\"https:\/\/www.arquimaster.com.ar\/web\/casa-foa-2014-presento-su-nueva-sede-la-historica-abadia-de-san-benito\/\" \/>\n<meta property=\"og:locale\" content=\"es_ES\" \/>\n<meta property=\"og:type\" content=\"article\" \/>\n<meta property=\"og:title\" content=\"Casa FOA 2014 present\u00f3 su nueva sede: La hist\u00f3rica Abad\u00eda de San Benito - Arquimaster\" \/>\n<meta property=\"og:description\" content=\"Contar\u00e1 con la participaci\u00f3n de referentes y nuevos talentos de la arquitectura y el dise\u00f1o...\" \/>\n<meta property=\"og:url\" content=\"https:\/\/www.arquimaster.com.ar\/web\/casa-foa-2014-presento-su-nueva-sede-la-historica-abadia-de-san-benito\/\" \/>\n<meta property=\"og:site_name\" content=\"Arquimaster\" \/>\n<meta property=\"article:publisher\" content=\"http:\/\/www.facebook.com\/ARQUIMASTER.com.ar\" \/>\n<meta property=\"article:published_time\" content=\"2014-06-01T20:35:54+00:00\" \/>\n<meta property=\"article:modified_time\" content=\"2026-03-28T21:40:19+00:00\" \/>\n<meta property=\"og:image\" content=\"https:\/\/www.arquimaster.com.ar\/web\/wp-content\/uploads\/2014\/06\/casa_foa_abadia_slide3.jpg\" \/>\n\t<meta property=\"og:image:width\" content=\"642\" \/>\n\t<meta property=\"og:image:height\" content=\"336\" \/>\n\t<meta property=\"og:image:type\" content=\"image\/jpeg\" \/>\n<meta name=\"author\" content=\"Arquimaster\" \/>\n<meta name=\"twitter:card\" content=\"summary_large_image\" \/>\n<meta name=\"twitter:creator\" content=\"@arquimaster\" \/>\n<meta name=\"twitter:site\" content=\"@arquimaster\" \/>\n<meta name=\"twitter:label1\" content=\"Escrito por\" \/>\n\t<meta name=\"twitter:data1\" content=\"Arquimaster\" \/>\n\t<meta name=\"twitter:label2\" content=\"Tiempo de lectura\" \/>\n\t<meta name=\"twitter:data2\" content=\"7 minutos\" \/>\n<script type=\"application\/ld+json\" class=\"yoast-schema-graph\">{\"@context\":\"https:\\\/\\\/schema.org\",\"@graph\":[{\"@type\":\"Article\",\"@id\":\"https:\\\/\\\/www.arquimaster.com.ar\\\/web\\\/casa-foa-2014-presento-su-nueva-sede-la-historica-abadia-de-san-benito\\\/#article\",\"isPartOf\":{\"@id\":\"https:\\\/\\\/www.arquimaster.com.ar\\\/web\\\/casa-foa-2014-presento-su-nueva-sede-la-historica-abadia-de-san-benito\\\/\"},\"author\":{\"name\":\"Arquimaster\",\"@id\":\"https:\\\/\\\/www.arquimaster.com.ar\\\/web\\\/#\\\/schema\\\/person\\\/359e9f7c00193fcde068e0dd2ceb0028\"},\"headline\":\"Casa FOA 2014 present\u00f3 su nueva sede: La hist\u00f3rica Abad\u00eda de San Benito\",\"datePublished\":\"2014-06-01T20:35:54+00:00\",\"dateModified\":\"2026-03-28T21:40:19+00:00\",\"mainEntityOfPage\":{\"@id\":\"https:\\\/\\\/www.arquimaster.com.ar\\\/web\\\/casa-foa-2014-presento-su-nueva-sede-la-historica-abadia-de-san-benito\\\/\"},\"wordCount\":1395,\"publisher\":{\"@id\":\"https:\\\/\\\/www.arquimaster.com.ar\\\/web\\\/#organization\"},\"image\":{\"@id\":\"https:\\\/\\\/www.arquimaster.com.ar\\\/web\\\/casa-foa-2014-presento-su-nueva-sede-la-historica-abadia-de-san-benito\\\/#primaryimage\"},\"thumbnailUrl\":\"https:\\\/\\\/www.arquimaster.com.ar\\\/web\\\/wp-content\\\/uploads\\\/2014\\\/06\\\/casa_foa_abadia_slide3.jpg\",\"keywords\":[\"Abad\u00eda de San Benito\",\"arquitectura\",\"arte\",\"Casa FOA\",\"dise\u00f1o interior\",\"FOA\",\"Fundaci\u00f3n Oftalmol\u00f3gica Argentina\",\"muestras\",\"paisajismo\"],\"articleSection\":[\"Dise\u00f1o\",\"Dise\u00f1o interior y decoracion\"],\"inLanguage\":\"es\"},{\"@type\":\"WebPage\",\"@id\":\"https:\\\/\\\/www.arquimaster.com.ar\\\/web\\\/casa-foa-2014-presento-su-nueva-sede-la-historica-abadia-de-san-benito\\\/\",\"url\":\"https:\\\/\\\/www.arquimaster.com.ar\\\/web\\\/casa-foa-2014-presento-su-nueva-sede-la-historica-abadia-de-san-benito\\\/\",\"name\":\"Casa FOA 2014 present\u00f3 su nueva sede: La hist\u00f3rica Abad\u00eda de San Benito - Arquimaster\",\"isPartOf\":{\"@id\":\"https:\\\/\\\/www.arquimaster.com.ar\\\/web\\\/#website\"},\"primaryImageOfPage\":{\"@id\":\"https:\\\/\\\/www.arquimaster.com.ar\\\/web\\\/casa-foa-2014-presento-su-nueva-sede-la-historica-abadia-de-san-benito\\\/#primaryimage\"},\"image\":{\"@id\":\"https:\\\/\\\/www.arquimaster.com.ar\\\/web\\\/casa-foa-2014-presento-su-nueva-sede-la-historica-abadia-de-san-benito\\\/#primaryimage\"},\"thumbnailUrl\":\"https:\\\/\\\/www.arquimaster.com.ar\\\/web\\\/wp-content\\\/uploads\\\/2014\\\/06\\\/casa_foa_abadia_slide3.jpg\",\"datePublished\":\"2014-06-01T20:35:54+00:00\",\"dateModified\":\"2026-03-28T21:40:19+00:00\",\"breadcrumb\":{\"@id\":\"https:\\\/\\\/www.arquimaster.com.ar\\\/web\\\/casa-foa-2014-presento-su-nueva-sede-la-historica-abadia-de-san-benito\\\/#breadcrumb\"},\"inLanguage\":\"es\",\"potentialAction\":[{\"@type\":\"ReadAction\",\"target\":[\"https:\\\/\\\/www.arquimaster.com.ar\\\/web\\\/casa-foa-2014-presento-su-nueva-sede-la-historica-abadia-de-san-benito\\\/\"]}]},{\"@type\":\"ImageObject\",\"inLanguage\":\"es\",\"@id\":\"https:\\\/\\\/www.arquimaster.com.ar\\\/web\\\/casa-foa-2014-presento-su-nueva-sede-la-historica-abadia-de-san-benito\\\/#primaryimage\",\"url\":\"https:\\\/\\\/www.arquimaster.com.ar\\\/web\\\/wp-content\\\/uploads\\\/2014\\\/06\\\/casa_foa_abadia_slide3.jpg\",\"contentUrl\":\"https:\\\/\\\/www.arquimaster.com.ar\\\/web\\\/wp-content\\\/uploads\\\/2014\\\/06\\\/casa_foa_abadia_slide3.jpg\",\"width\":642,\"height\":336},{\"@type\":\"BreadcrumbList\",\"@id\":\"https:\\\/\\\/www.arquimaster.com.ar\\\/web\\\/casa-foa-2014-presento-su-nueva-sede-la-historica-abadia-de-san-benito\\\/#breadcrumb\",\"itemListElement\":[{\"@type\":\"ListItem\",\"position\":1,\"name\":\"Portada\",\"item\":\"https:\\\/\\\/www.arquimaster.com.ar\\\/web\\\/\"},{\"@type\":\"ListItem\",\"position\":2,\"name\":\"Casa FOA 2014 present\u00f3 su nueva sede: La hist\u00f3rica Abad\u00eda de San Benito\"}]},{\"@type\":\"WebSite\",\"@id\":\"https:\\\/\\\/www.arquimaster.com.ar\\\/web\\\/#website\",\"url\":\"https:\\\/\\\/www.arquimaster.com.ar\\\/web\\\/\",\"name\":\"Arquimaster\",\"description\":\"Web de arquitectura, dise\u00f1o y construccion\",\"publisher\":{\"@id\":\"https:\\\/\\\/www.arquimaster.com.ar\\\/web\\\/#organization\"},\"potentialAction\":[{\"@type\":\"SearchAction\",\"target\":{\"@type\":\"EntryPoint\",\"urlTemplate\":\"https:\\\/\\\/www.arquimaster.com.ar\\\/web\\\/?s={search_term_string}\"},\"query-input\":{\"@type\":\"PropertyValueSpecification\",\"valueRequired\":true,\"valueName\":\"search_term_string\"}}],\"inLanguage\":\"es\"},{\"@type\":\"Organization\",\"@id\":\"https:\\\/\\\/www.arquimaster.com.ar\\\/web\\\/#organization\",\"name\":\"Arquimaster\",\"url\":\"https:\\\/\\\/www.arquimaster.com.ar\\\/web\\\/\",\"logo\":{\"@type\":\"ImageObject\",\"inLanguage\":\"es\",\"@id\":\"https:\\\/\\\/www.arquimaster.com.ar\\\/web\\\/#\\\/schema\\\/logo\\\/image\\\/\",\"url\":\"https:\\\/\\\/www.arquimaster.com.ar\\\/web\\\/wp-content\\\/uploads\\\/2022\\\/06\\\/arquimaster.png\",\"contentUrl\":\"https:\\\/\\\/www.arquimaster.com.ar\\\/web\\\/wp-content\\\/uploads\\\/2022\\\/06\\\/arquimaster.png\",\"width\":594,\"height\":78,\"caption\":\"Arquimaster\"},\"image\":{\"@id\":\"https:\\\/\\\/www.arquimaster.com.ar\\\/web\\\/#\\\/schema\\\/logo\\\/image\\\/\"},\"sameAs\":[\"http:\\\/\\\/www.facebook.com\\\/ARQUIMASTER.com.ar\",\"https:\\\/\\\/x.com\\\/arquimaster\",\"https:\\\/\\\/www.instagram.com\\\/arquimasterblog\\\/\",\"https:\\\/\\\/www.linkedin.com\\\/company\\\/arquimaster\",\"https:\\\/\\\/www.pinterest.com\\\/arquimaster\",\"https:\\\/\\\/t.me\\\/arquimaster\"]},{\"@type\":\"Person\",\"@id\":\"https:\\\/\\\/www.arquimaster.com.ar\\\/web\\\/#\\\/schema\\\/person\\\/359e9f7c00193fcde068e0dd2ceb0028\",\"name\":\"Arquimaster\"}]}<\/script>\n<!-- \/ Yoast SEO plugin. -->","yoast_head_json":{"title":"Casa FOA 2014 present\u00f3 su nueva sede: La hist\u00f3rica Abad\u00eda de San Benito - Arquimaster","robots":{"index":"index","follow":"follow","max-snippet":"max-snippet:-1","max-image-preview":"max-image-preview:large","max-video-preview":"max-video-preview:-1"},"canonical":"https:\/\/www.arquimaster.com.ar\/web\/casa-foa-2014-presento-su-nueva-sede-la-historica-abadia-de-san-benito\/","og_locale":"es_ES","og_type":"article","og_title":"Casa FOA 2014 present\u00f3 su nueva sede: La hist\u00f3rica Abad\u00eda de San Benito - Arquimaster","og_description":"Contar\u00e1 con la participaci\u00f3n de referentes y nuevos talentos de la arquitectura y el dise\u00f1o...","og_url":"https:\/\/www.arquimaster.com.ar\/web\/casa-foa-2014-presento-su-nueva-sede-la-historica-abadia-de-san-benito\/","og_site_name":"Arquimaster","article_publisher":"http:\/\/www.facebook.com\/ARQUIMASTER.com.ar","article_published_time":"2014-06-01T20:35:54+00:00","article_modified_time":"2026-03-28T21:40:19+00:00","og_image":[{"width":642,"height":336,"url":"https:\/\/www.arquimaster.com.ar\/web\/wp-content\/uploads\/2014\/06\/casa_foa_abadia_slide3.jpg","type":"image\/jpeg"}],"author":"Arquimaster","twitter_card":"summary_large_image","twitter_creator":"@arquimaster","twitter_site":"@arquimaster","twitter_misc":{"Escrito por":"Arquimaster","Tiempo de lectura":"7 minutos"},"schema":{"@context":"https:\/\/schema.org","@graph":[{"@type":"Article","@id":"https:\/\/www.arquimaster.com.ar\/web\/casa-foa-2014-presento-su-nueva-sede-la-historica-abadia-de-san-benito\/#article","isPartOf":{"@id":"https:\/\/www.arquimaster.com.ar\/web\/casa-foa-2014-presento-su-nueva-sede-la-historica-abadia-de-san-benito\/"},"author":{"name":"Arquimaster","@id":"https:\/\/www.arquimaster.com.ar\/web\/#\/schema\/person\/359e9f7c00193fcde068e0dd2ceb0028"},"headline":"Casa FOA 2014 present\u00f3 su nueva sede: La hist\u00f3rica Abad\u00eda de San Benito","datePublished":"2014-06-01T20:35:54+00:00","dateModified":"2026-03-28T21:40:19+00:00","mainEntityOfPage":{"@id":"https:\/\/www.arquimaster.com.ar\/web\/casa-foa-2014-presento-su-nueva-sede-la-historica-abadia-de-san-benito\/"},"wordCount":1395,"publisher":{"@id":"https:\/\/www.arquimaster.com.ar\/web\/#organization"},"image":{"@id":"https:\/\/www.arquimaster.com.ar\/web\/casa-foa-2014-presento-su-nueva-sede-la-historica-abadia-de-san-benito\/#primaryimage"},"thumbnailUrl":"https:\/\/www.arquimaster.com.ar\/web\/wp-content\/uploads\/2014\/06\/casa_foa_abadia_slide3.jpg","keywords":["Abad\u00eda de San Benito","arquitectura","arte","Casa FOA","dise\u00f1o interior","FOA","Fundaci\u00f3n Oftalmol\u00f3gica Argentina","muestras","paisajismo"],"articleSection":["Dise\u00f1o","Dise\u00f1o interior y decoracion"],"inLanguage":"es"},{"@type":"WebPage","@id":"https:\/\/www.arquimaster.com.ar\/web\/casa-foa-2014-presento-su-nueva-sede-la-historica-abadia-de-san-benito\/","url":"https:\/\/www.arquimaster.com.ar\/web\/casa-foa-2014-presento-su-nueva-sede-la-historica-abadia-de-san-benito\/","name":"Casa FOA 2014 present\u00f3 su nueva sede: La hist\u00f3rica Abad\u00eda de San Benito - Arquimaster","isPartOf":{"@id":"https:\/\/www.arquimaster.com.ar\/web\/#website"},"primaryImageOfPage":{"@id":"https:\/\/www.arquimaster.com.ar\/web\/casa-foa-2014-presento-su-nueva-sede-la-historica-abadia-de-san-benito\/#primaryimage"},"image":{"@id":"https:\/\/www.arquimaster.com.ar\/web\/casa-foa-2014-presento-su-nueva-sede-la-historica-abadia-de-san-benito\/#primaryimage"},"thumbnailUrl":"https:\/\/www.arquimaster.com.ar\/web\/wp-content\/uploads\/2014\/06\/casa_foa_abadia_slide3.jpg","datePublished":"2014-06-01T20:35:54+00:00","dateModified":"2026-03-28T21:40:19+00:00","breadcrumb":{"@id":"https:\/\/www.arquimaster.com.ar\/web\/casa-foa-2014-presento-su-nueva-sede-la-historica-abadia-de-san-benito\/#breadcrumb"},"inLanguage":"es","potentialAction":[{"@type":"ReadAction","target":["https:\/\/www.arquimaster.com.ar\/web\/casa-foa-2014-presento-su-nueva-sede-la-historica-abadia-de-san-benito\/"]}]},{"@type":"ImageObject","inLanguage":"es","@id":"https:\/\/www.arquimaster.com.ar\/web\/casa-foa-2014-presento-su-nueva-sede-la-historica-abadia-de-san-benito\/#primaryimage","url":"https:\/\/www.arquimaster.com.ar\/web\/wp-content\/uploads\/2014\/06\/casa_foa_abadia_slide3.jpg","contentUrl":"https:\/\/www.arquimaster.com.ar\/web\/wp-content\/uploads\/2014\/06\/casa_foa_abadia_slide3.jpg","width":642,"height":336},{"@type":"BreadcrumbList","@id":"https:\/\/www.arquimaster.com.ar\/web\/casa-foa-2014-presento-su-nueva-sede-la-historica-abadia-de-san-benito\/#breadcrumb","itemListElement":[{"@type":"ListItem","position":1,"name":"Portada","item":"https:\/\/www.arquimaster.com.ar\/web\/"},{"@type":"ListItem","position":2,"name":"Casa FOA 2014 present\u00f3 su nueva sede: La hist\u00f3rica Abad\u00eda de San Benito"}]},{"@type":"WebSite","@id":"https:\/\/www.arquimaster.com.ar\/web\/#website","url":"https:\/\/www.arquimaster.com.ar\/web\/","name":"Arquimaster","description":"Web de arquitectura, dise\u00f1o y construccion","publisher":{"@id":"https:\/\/www.arquimaster.com.ar\/web\/#organization"},"potentialAction":[{"@type":"SearchAction","target":{"@type":"EntryPoint","urlTemplate":"https:\/\/www.arquimaster.com.ar\/web\/?s={search_term_string}"},"query-input":{"@type":"PropertyValueSpecification","valueRequired":true,"valueName":"search_term_string"}}],"inLanguage":"es"},{"@type":"Organization","@id":"https:\/\/www.arquimaster.com.ar\/web\/#organization","name":"Arquimaster","url":"https:\/\/www.arquimaster.com.ar\/web\/","logo":{"@type":"ImageObject","inLanguage":"es","@id":"https:\/\/www.arquimaster.com.ar\/web\/#\/schema\/logo\/image\/","url":"https:\/\/www.arquimaster.com.ar\/web\/wp-content\/uploads\/2022\/06\/arquimaster.png","contentUrl":"https:\/\/www.arquimaster.com.ar\/web\/wp-content\/uploads\/2022\/06\/arquimaster.png","width":594,"height":78,"caption":"Arquimaster"},"image":{"@id":"https:\/\/www.arquimaster.com.ar\/web\/#\/schema\/logo\/image\/"},"sameAs":["http:\/\/www.facebook.com\/ARQUIMASTER.com.ar","https:\/\/x.com\/arquimaster","https:\/\/www.instagram.com\/arquimasterblog\/","https:\/\/www.linkedin.com\/company\/arquimaster","https:\/\/www.pinterest.com\/arquimaster","https:\/\/t.me\/arquimaster"]},{"@type":"Person","@id":"https:\/\/www.arquimaster.com.ar\/web\/#\/schema\/person\/359e9f7c00193fcde068e0dd2ceb0028","name":"Arquimaster"}]}},"uagb_featured_image_src":{"full":["https:\/\/www.arquimaster.com.ar\/web\/wp-content\/uploads\/2014\/06\/casa_foa_abadia_slide3.jpg",642,336,false],"thumbnail":["https:\/\/www.arquimaster.com.ar\/web\/wp-content\/uploads\/2014\/06\/casa_foa_abadia_slide3-150x150.jpg",150,150,true],"medium":["https:\/\/www.arquimaster.com.ar\/web\/wp-content\/uploads\/2014\/06\/casa_foa_abadia_slide3-300x157.jpg",300,157,true],"medium_large":["https:\/\/www.arquimaster.com.ar\/web\/wp-content\/uploads\/2014\/06\/casa_foa_abadia_slide3.jpg",642,336,false],"large":["https:\/\/www.arquimaster.com.ar\/web\/wp-content\/uploads\/2014\/06\/casa_foa_abadia_slide3.jpg",642,336,false],"1536x1536":["https:\/\/www.arquimaster.com.ar\/web\/wp-content\/uploads\/2014\/06\/casa_foa_abadia_slide3.jpg",642,336,false],"2048x2048":["https:\/\/www.arquimaster.com.ar\/web\/wp-content\/uploads\/2014\/06\/casa_foa_abadia_slide3.jpg",642,336,false]},"uagb_author_info":{"display_name":"Arquimaster","author_link":"https:\/\/www.arquimaster.com.ar\/web\/author\/arquimaster\/"},"uagb_comment_info":0,"uagb_excerpt":"Contar\u00e1 con la participaci\u00f3n de referentes y nuevos talentos de la arquitectura y el dise\u00f1o...","_links":{"self":[{"href":"https:\/\/www.arquimaster.com.ar\/web\/wp-json\/wp\/v2\/posts\/7613","targetHints":{"allow":["GET"]}}],"collection":[{"href":"https:\/\/www.arquimaster.com.ar\/web\/wp-json\/wp\/v2\/posts"}],"about":[{"href":"https:\/\/www.arquimaster.com.ar\/web\/wp-json\/wp\/v2\/types\/post"}],"author":[{"embeddable":true,"href":"https:\/\/www.arquimaster.com.ar\/web\/wp-json\/wp\/v2\/users\/1"}],"replies":[{"embeddable":true,"href":"https:\/\/www.arquimaster.com.ar\/web\/wp-json\/wp\/v2\/comments?post=7613"}],"version-history":[{"count":1,"href":"https:\/\/www.arquimaster.com.ar\/web\/wp-json\/wp\/v2\/posts\/7613\/revisions"}],"predecessor-version":[{"id":87950,"href":"https:\/\/www.arquimaster.com.ar\/web\/wp-json\/wp\/v2\/posts\/7613\/revisions\/87950"}],"wp:featuredmedia":[{"embeddable":true,"href":"https:\/\/www.arquimaster.com.ar\/web\/wp-json\/wp\/v2\/media\/7616"}],"wp:attachment":[{"href":"https:\/\/www.arquimaster.com.ar\/web\/wp-json\/wp\/v2\/media?parent=7613"}],"wp:term":[{"taxonomy":"category","embeddable":true,"href":"https:\/\/www.arquimaster.com.ar\/web\/wp-json\/wp\/v2\/categories?post=7613"},{"taxonomy":"post_tag","embeddable":true,"href":"https:\/\/www.arquimaster.com.ar\/web\/wp-json\/wp\/v2\/tags?post=7613"}],"curies":[{"name":"wp","href":"https:\/\/api.w.org\/{rel}","templated":true}]}}