{"id":76241,"date":"2023-05-25T21:55:41","date_gmt":"2023-05-26T00:55:41","guid":{"rendered":"https:\/\/www.arquimaster.com.ar\/web\/?p=76241"},"modified":"2023-08-07T19:06:32","modified_gmt":"2023-08-07T22:06:32","slug":"casa-medanos-besonias-almeida-arquitectos","status":"publish","type":"post","link":"https:\/\/www.arquimaster.com.ar\/web\/casa-medanos-besonias-almeida-arquitectos\/","title":{"rendered":"Casa M\u00e9danos \/ Beson\u00edas Almeida Arquitectos"},"content":{"rendered":"<div style=\"margin-top: 0px; margin-bottom: 0px;\" class=\"sharethis-inline-share-buttons\" ><\/div><div class=\"b812932af2e751442846f039925109de\" data-index=\"1\" style=\"float: none; margin:25px 0 25px 0; text-align:center;\">\n<script async src=\"https:\/\/pagead2.googlesyndication.com\/pagead\/js\/adsbygoogle.js\"><\/script>\r\n<!-- Arquimaster (superior) -->\r\n<ins class=\"adsbygoogle\"\r\n     style=\"display:block\"\r\n     data-ad-client=\"ca-pub-6351072698456832\"\r\n     data-ad-slot=\"6455489680\"\r\n     data-ad-format=\"auto\"\r\n     data-full-width-responsive=\"true\"><\/ins>\r\n<script>\r\n     (adsbygoogle = window.adsbygoogle || []).push({});\r\n<\/script>\n<\/div>\n<p><strong>Casa M\u00e9danos<\/strong> (El Salvaje, Villa Gesell, Pcia. de Buenos Aires, Argentina) por <strong>Beson\u00edas Almeida Arquitectos<\/strong>. En el kil\u00f3metro 427 de la Ruta Provincial N\u00ba 11, a 10 kil\u00f3metros al sur de Villa Gesell y a s\u00f3lo 3 kil\u00f3metros del bosque de Mar Azul se ubica El Salvaje, un emprendimiento de chacras mar\u00edtimas, ambientalmente sustentable tanto por su baja densidad poblacional como por las condiciones que establece su reglamento en relaci\u00f3n al cuidado del medio ambiente. La normativa determina que todas las construcciones respeten la topograf\u00eda, la vegetaci\u00f3n y la fauna del lugar: una geograf\u00eda, donde la horizontalidad de la llanura pampeana es cortada por la presencia de cordones medanosos, fijados por pastizales, que corren perpendiculares a la costa hasta desaparecer en inmensas playas.<\/p>\n<div id='gallery-1' class='gallery galleryid-76241 gallery-columns-3 gallery-size-thumbnail'><figure class='gallery-item'>\n\t\t\t<div class='gallery-icon landscape'>\n\t\t\t\t<a href='https:\/\/www.arquimaster.com.ar\/web\/wp-content\/uploads\/2023\/05\/casa_medanos1.jpg' title=\"Casa M\u00e9danos \/ Beson\u00edas Almeida Arquitectos (\u00a9 Hern\u00e1n de Almeida)\" data-rl_title=\"Casa M\u00e9danos \/ Beson\u00edas Almeida Arquitectos (\u00a9 Hern\u00e1n de Almeida)\" class=\"rl-gallery-link\" data-rl_caption=\"Casa M\u00e9danos \/ Beson\u00edas Almeida Arquitectos (\u00a9 Hern\u00e1n de Almeida)\" data-rel=\"lightbox-gallery-1\"><img loading=\"lazy\" decoding=\"async\" width=\"150\" height=\"150\" src=\"https:\/\/www.arquimaster.com.ar\/web\/wp-content\/uploads\/2023\/05\/casa_medanos1-150x150.jpg\" class=\"attachment-thumbnail size-thumbnail\" alt=\"Casa M\u00e9danos \/ Beson\u00edas Almeida Arquitectos\" aria-describedby=\"gallery-1-76243\" \/><\/a>\n\t\t\t<\/div>\n\t\t\t\t<figcaption class='wp-caption-text gallery-caption' id='gallery-1-76243'>\n\t\t\t\tCasa M\u00e9danos \/ Beson\u00edas Almeida Arquitectos (\u00a9 Hern\u00e1n de Almeida)\n\t\t\t\t<\/figcaption><\/figure><figure class='gallery-item'>\n\t\t\t<div class='gallery-icon landscape'>\n\t\t\t\t<a href='https:\/\/www.arquimaster.com.ar\/web\/wp-content\/uploads\/2023\/05\/casa_medanos2.jpg' title=\"Casa M\u00e9danos \/ Beson\u00edas Almeida Arquitectos (\u00a9 Hern\u00e1n de Almeida)\" data-rl_title=\"Casa M\u00e9danos \/ Beson\u00edas Almeida Arquitectos (\u00a9 Hern\u00e1n de Almeida)\" class=\"rl-gallery-link\" data-rl_caption=\"Casa M\u00e9danos \/ Beson\u00edas Almeida Arquitectos (\u00a9 Hern\u00e1n de Almeida)\" data-rel=\"lightbox-gallery-1\"><img loading=\"lazy\" decoding=\"async\" width=\"150\" height=\"150\" src=\"https:\/\/www.arquimaster.com.ar\/web\/wp-content\/uploads\/2023\/05\/casa_medanos2-150x150.jpg\" class=\"attachment-thumbnail size-thumbnail\" alt=\"Casa M\u00e9danos \/ Beson\u00edas Almeida Arquitectos\" aria-describedby=\"gallery-1-76244\" \/><\/a>\n\t\t\t<\/div>\n\t\t\t\t<figcaption class='wp-caption-text gallery-caption' id='gallery-1-76244'>\n\t\t\t\tCasa M\u00e9danos \/ Beson\u00edas Almeida Arquitectos (\u00a9 Hern\u00e1n de Almeida)\n\t\t\t\t<\/figcaption><\/figure><figure class='gallery-item'>\n\t\t\t<div class='gallery-icon portrait'>\n\t\t\t\t<a href='https:\/\/www.arquimaster.com.ar\/web\/wp-content\/uploads\/2023\/05\/casa_medanos3.jpg' title=\"Casa M\u00e9danos \/ Beson\u00edas Almeida Arquitectos (\u00a9 Hern\u00e1n de Almeida)\" data-rl_title=\"Casa M\u00e9danos \/ Beson\u00edas Almeida Arquitectos (\u00a9 Hern\u00e1n de Almeida)\" class=\"rl-gallery-link\" data-rl_caption=\"Casa M\u00e9danos \/ Beson\u00edas Almeida Arquitectos (\u00a9 Hern\u00e1n de Almeida)\" data-rel=\"lightbox-gallery-1\"><img loading=\"lazy\" decoding=\"async\" width=\"150\" height=\"150\" src=\"https:\/\/www.arquimaster.com.ar\/web\/wp-content\/uploads\/2023\/05\/casa_medanos3-150x150.jpg\" class=\"attachment-thumbnail size-thumbnail\" alt=\"Casa M\u00e9danos \/ Beson\u00edas Almeida Arquitectos\" aria-describedby=\"gallery-1-76245\" \/><\/a>\n\t\t\t<\/div>\n\t\t\t\t<figcaption class='wp-caption-text gallery-caption' id='gallery-1-76245'>\n\t\t\t\tCasa M\u00e9danos \/ Beson\u00edas Almeida Arquitectos (\u00a9 Hern\u00e1n de Almeida)\n\t\t\t\t<\/figcaption><\/figure><figure class='gallery-item'>\n\t\t\t<div class='gallery-icon portrait'>\n\t\t\t\t<a href='https:\/\/www.arquimaster.com.ar\/web\/wp-content\/uploads\/2023\/05\/casa_medanos4.jpg' title=\"Casa M\u00e9danos \/ Beson\u00edas Almeida Arquitectos (\u00a9 Hern\u00e1n de Almeida)\" data-rl_title=\"Casa M\u00e9danos \/ Beson\u00edas Almeida Arquitectos (\u00a9 Hern\u00e1n de Almeida)\" class=\"rl-gallery-link\" data-rl_caption=\"Casa M\u00e9danos \/ Beson\u00edas Almeida Arquitectos (\u00a9 Hern\u00e1n de Almeida)\" data-rel=\"lightbox-gallery-1\"><img loading=\"lazy\" decoding=\"async\" width=\"150\" height=\"150\" src=\"https:\/\/www.arquimaster.com.ar\/web\/wp-content\/uploads\/2023\/05\/casa_medanos4-150x150.jpg\" class=\"attachment-thumbnail size-thumbnail\" alt=\"Casa M\u00e9danos \/ Beson\u00edas Almeida Arquitectos\" aria-describedby=\"gallery-1-76246\" \/><\/a>\n\t\t\t<\/div>\n\t\t\t\t<figcaption class='wp-caption-text gallery-caption' id='gallery-1-76246'>\n\t\t\t\tCasa M\u00e9danos \/ Beson\u00edas Almeida Arquitectos (\u00a9 Hern\u00e1n de Almeida)\n\t\t\t\t<\/figcaption><\/figure><figure class='gallery-item'>\n\t\t\t<div class='gallery-icon portrait'>\n\t\t\t\t<a href='https:\/\/www.arquimaster.com.ar\/web\/wp-content\/uploads\/2023\/05\/casa_medanos5.jpg' title=\"Casa M\u00e9danos \/ Beson\u00edas Almeida Arquitectos (\u00a9 Hern\u00e1n de Almeida)\" data-rl_title=\"Casa M\u00e9danos \/ Beson\u00edas Almeida Arquitectos (\u00a9 Hern\u00e1n de Almeida)\" class=\"rl-gallery-link\" data-rl_caption=\"Casa M\u00e9danos \/ Beson\u00edas Almeida Arquitectos (\u00a9 Hern\u00e1n de Almeida)\" data-rel=\"lightbox-gallery-1\"><img loading=\"lazy\" decoding=\"async\" width=\"150\" height=\"150\" src=\"https:\/\/www.arquimaster.com.ar\/web\/wp-content\/uploads\/2023\/05\/casa_medanos5-150x150.jpg\" class=\"attachment-thumbnail size-thumbnail\" alt=\"Casa M\u00e9danos \/ Beson\u00edas Almeida Arquitectos\" aria-describedby=\"gallery-1-76247\" \/><\/a>\n\t\t\t<\/div>\n\t\t\t\t<figcaption class='wp-caption-text gallery-caption' id='gallery-1-76247'>\n\t\t\t\tCasa M\u00e9danos \/ Beson\u00edas Almeida Arquitectos (\u00a9 Hern\u00e1n de Almeida)\n\t\t\t\t<\/figcaption><\/figure><figure class='gallery-item'>\n\t\t\t<div class='gallery-icon landscape'>\n\t\t\t\t<a href='https:\/\/www.arquimaster.com.ar\/web\/wp-content\/uploads\/2023\/05\/casa_medanos6.jpg' title=\"Casa M\u00e9danos \/ Beson\u00edas Almeida Arquitectos (\u00a9 Hern\u00e1n de Almeida)\" data-rl_title=\"Casa M\u00e9danos \/ Beson\u00edas Almeida Arquitectos (\u00a9 Hern\u00e1n de Almeida)\" class=\"rl-gallery-link\" data-rl_caption=\"Casa M\u00e9danos \/ Beson\u00edas Almeida Arquitectos (\u00a9 Hern\u00e1n de Almeida)\" data-rel=\"lightbox-gallery-1\"><img loading=\"lazy\" decoding=\"async\" width=\"150\" height=\"150\" src=\"https:\/\/www.arquimaster.com.ar\/web\/wp-content\/uploads\/2023\/05\/casa_medanos6-150x150.jpg\" class=\"attachment-thumbnail size-thumbnail\" alt=\"Casa M\u00e9danos \/ Beson\u00edas Almeida Arquitectos\" aria-describedby=\"gallery-1-76248\" \/><\/a>\n\t\t\t<\/div>\n\t\t\t\t<figcaption class='wp-caption-text gallery-caption' id='gallery-1-76248'>\n\t\t\t\tCasa M\u00e9danos \/ Beson\u00edas Almeida Arquitectos (\u00a9 Hern\u00e1n de Almeida)\n\t\t\t\t<\/figcaption><\/figure><figure class='gallery-item'>\n\t\t\t<div class='gallery-icon landscape'>\n\t\t\t\t<a href='https:\/\/www.arquimaster.com.ar\/web\/wp-content\/uploads\/2023\/05\/casa_medanos7.jpg' title=\"Casa M\u00e9danos \/ Beson\u00edas Almeida Arquitectos (\u00a9 Hern\u00e1n de Almeida)\" data-rl_title=\"Casa M\u00e9danos \/ Beson\u00edas Almeida Arquitectos (\u00a9 Hern\u00e1n de Almeida)\" class=\"rl-gallery-link\" data-rl_caption=\"Casa M\u00e9danos \/ Beson\u00edas Almeida Arquitectos (\u00a9 Hern\u00e1n de Almeida)\" data-rel=\"lightbox-gallery-1\"><img loading=\"lazy\" decoding=\"async\" width=\"150\" height=\"150\" src=\"https:\/\/www.arquimaster.com.ar\/web\/wp-content\/uploads\/2023\/05\/casa_medanos7-150x150.jpg\" class=\"attachment-thumbnail size-thumbnail\" alt=\"Casa M\u00e9danos \/ Beson\u00edas Almeida Arquitectos\" aria-describedby=\"gallery-1-76249\" \/><\/a>\n\t\t\t<\/div>\n\t\t\t\t<figcaption class='wp-caption-text gallery-caption' id='gallery-1-76249'>\n\t\t\t\tCasa M\u00e9danos \/ Beson\u00edas Almeida Arquitectos (\u00a9 Hern\u00e1n de Almeida)\n\t\t\t\t<\/figcaption><\/figure><figure class='gallery-item'>\n\t\t\t<div class='gallery-icon portrait'>\n\t\t\t\t<a href='https:\/\/www.arquimaster.com.ar\/web\/wp-content\/uploads\/2023\/05\/casa_medanos8.jpg' title=\"Casa M\u00e9danos \/ Beson\u00edas Almeida Arquitectos (\u00a9 Hern\u00e1n de Almeida)\" data-rl_title=\"Casa M\u00e9danos \/ Beson\u00edas Almeida Arquitectos (\u00a9 Hern\u00e1n de Almeida)\" class=\"rl-gallery-link\" data-rl_caption=\"Casa M\u00e9danos \/ Beson\u00edas Almeida Arquitectos (\u00a9 Hern\u00e1n de Almeida)\" data-rel=\"lightbox-gallery-1\"><img loading=\"lazy\" decoding=\"async\" width=\"150\" height=\"150\" src=\"https:\/\/www.arquimaster.com.ar\/web\/wp-content\/uploads\/2023\/05\/casa_medanos8-150x150.jpg\" class=\"attachment-thumbnail size-thumbnail\" alt=\"Casa M\u00e9danos \/ Beson\u00edas Almeida Arquitectos\" aria-describedby=\"gallery-1-76250\" \/><\/a>\n\t\t\t<\/div>\n\t\t\t\t<figcaption class='wp-caption-text gallery-caption' id='gallery-1-76250'>\n\t\t\t\tCasa M\u00e9danos \/ Beson\u00edas Almeida Arquitectos (\u00a9 Hern\u00e1n de Almeida)\n\t\t\t\t<\/figcaption><\/figure><figure class='gallery-item'>\n\t\t\t<div class='gallery-icon landscape'>\n\t\t\t\t<a href='https:\/\/www.arquimaster.com.ar\/web\/wp-content\/uploads\/2023\/05\/casa_medanos9.jpg' title=\"Casa M\u00e9danos \/ Beson\u00edas Almeida Arquitectos (\u00a9 Hern\u00e1n de Almeida)\" data-rl_title=\"Casa M\u00e9danos \/ Beson\u00edas Almeida Arquitectos (\u00a9 Hern\u00e1n de Almeida)\" class=\"rl-gallery-link\" data-rl_caption=\"Casa M\u00e9danos \/ Beson\u00edas Almeida Arquitectos (\u00a9 Hern\u00e1n de Almeida)\" data-rel=\"lightbox-gallery-1\"><img loading=\"lazy\" decoding=\"async\" width=\"150\" height=\"150\" src=\"https:\/\/www.arquimaster.com.ar\/web\/wp-content\/uploads\/2023\/05\/casa_medanos9-150x150.jpg\" class=\"attachment-thumbnail size-thumbnail\" alt=\"Casa M\u00e9danos \/ Beson\u00edas Almeida Arquitectos\" aria-describedby=\"gallery-1-76251\" \/><\/a>\n\t\t\t<\/div>\n\t\t\t\t<figcaption class='wp-caption-text gallery-caption' id='gallery-1-76251'>\n\t\t\t\tCasa M\u00e9danos \/ Beson\u00edas Almeida Arquitectos (\u00a9 Hern\u00e1n de Almeida)\n\t\t\t\t<\/figcaption><\/figure><figure class='gallery-item'>\n\t\t\t<div class='gallery-icon landscape'>\n\t\t\t\t<a href='https:\/\/www.arquimaster.com.ar\/web\/wp-content\/uploads\/2023\/05\/casa_medanos10.jpg' title=\"Casa M\u00e9danos \/ Beson\u00edas Almeida Arquitectos (\u00a9 Hern\u00e1n de Almeida)\" data-rl_title=\"Casa M\u00e9danos \/ Beson\u00edas Almeida Arquitectos (\u00a9 Hern\u00e1n de Almeida)\" class=\"rl-gallery-link\" data-rl_caption=\"Casa M\u00e9danos \/ Beson\u00edas Almeida Arquitectos (\u00a9 Hern\u00e1n de Almeida)\" data-rel=\"lightbox-gallery-1\"><img loading=\"lazy\" decoding=\"async\" width=\"150\" height=\"150\" src=\"https:\/\/www.arquimaster.com.ar\/web\/wp-content\/uploads\/2023\/05\/casa_medanos10-150x150.jpg\" class=\"attachment-thumbnail size-thumbnail\" alt=\"Casa M\u00e9danos \/ Beson\u00edas Almeida Arquitectos\" aria-describedby=\"gallery-1-76252\" \/><\/a>\n\t\t\t<\/div>\n\t\t\t\t<figcaption class='wp-caption-text gallery-caption' id='gallery-1-76252'>\n\t\t\t\tCasa M\u00e9danos \/ Beson\u00edas Almeida Arquitectos (\u00a9 Hern\u00e1n de Almeida)\n\t\t\t\t<\/figcaption><\/figure><figure class='gallery-item'>\n\t\t\t<div class='gallery-icon landscape'>\n\t\t\t\t<a href='https:\/\/www.arquimaster.com.ar\/web\/wp-content\/uploads\/2023\/05\/casa_medanos11.jpg' title=\"Casa M\u00e9danos \/ Beson\u00edas Almeida Arquitectos (\u00a9 Hern\u00e1n de Almeida)\" data-rl_title=\"Casa M\u00e9danos \/ Beson\u00edas Almeida Arquitectos (\u00a9 Hern\u00e1n de Almeida)\" class=\"rl-gallery-link\" data-rl_caption=\"Casa M\u00e9danos \/ Beson\u00edas Almeida Arquitectos (\u00a9 Hern\u00e1n de Almeida)\" data-rel=\"lightbox-gallery-1\"><img loading=\"lazy\" decoding=\"async\" width=\"150\" height=\"150\" src=\"https:\/\/www.arquimaster.com.ar\/web\/wp-content\/uploads\/2023\/05\/casa_medanos11-150x150.jpg\" class=\"attachment-thumbnail size-thumbnail\" alt=\"Casa M\u00e9danos \/ Beson\u00edas Almeida Arquitectos\" aria-describedby=\"gallery-1-76253\" \/><\/a>\n\t\t\t<\/div>\n\t\t\t\t<figcaption class='wp-caption-text gallery-caption' id='gallery-1-76253'>\n\t\t\t\tCasa M\u00e9danos \/ Beson\u00edas Almeida Arquitectos (\u00a9 Hern\u00e1n de Almeida)\n\t\t\t\t<\/figcaption><\/figure><figure class='gallery-item'>\n\t\t\t<div class='gallery-icon landscape'>\n\t\t\t\t<a href='https:\/\/www.arquimaster.com.ar\/web\/wp-content\/uploads\/2023\/05\/casa_medanos12.jpg' title=\"Casa M\u00e9danos \/ Beson\u00edas Almeida Arquitectos (\u00a9 Hern\u00e1n de Almeida)\" data-rl_title=\"Casa M\u00e9danos \/ Beson\u00edas Almeida Arquitectos (\u00a9 Hern\u00e1n de Almeida)\" class=\"rl-gallery-link\" data-rl_caption=\"Casa M\u00e9danos \/ Beson\u00edas Almeida Arquitectos (\u00a9 Hern\u00e1n de Almeida)\" data-rel=\"lightbox-gallery-1\"><img loading=\"lazy\" decoding=\"async\" width=\"150\" height=\"150\" src=\"https:\/\/www.arquimaster.com.ar\/web\/wp-content\/uploads\/2023\/05\/casa_medanos12-150x150.jpg\" class=\"attachment-thumbnail size-thumbnail\" alt=\"Casa M\u00e9danos \/ Beson\u00edas Almeida Arquitectos\" aria-describedby=\"gallery-1-76254\" \/><\/a>\n\t\t\t<\/div>\n\t\t\t\t<figcaption class='wp-caption-text gallery-caption' id='gallery-1-76254'>\n\t\t\t\tCasa M\u00e9danos \/ Beson\u00edas Almeida Arquitectos (\u00a9 Hern\u00e1n de Almeida)\n\t\t\t\t<\/figcaption><\/figure><figure class='gallery-item'>\n\t\t\t<div class='gallery-icon landscape'>\n\t\t\t\t<a href='https:\/\/www.arquimaster.com.ar\/web\/wp-content\/uploads\/2023\/05\/casa_medanos13.jpg' title=\"Casa M\u00e9danos \/ Beson\u00edas Almeida Arquitectos (\u00a9 Hern\u00e1n de Almeida)\" data-rl_title=\"Casa M\u00e9danos \/ Beson\u00edas Almeida Arquitectos (\u00a9 Hern\u00e1n de Almeida)\" class=\"rl-gallery-link\" data-rl_caption=\"Casa M\u00e9danos \/ Beson\u00edas Almeida Arquitectos (\u00a9 Hern\u00e1n de Almeida)\" data-rel=\"lightbox-gallery-1\"><img loading=\"lazy\" decoding=\"async\" width=\"150\" height=\"150\" src=\"https:\/\/www.arquimaster.com.ar\/web\/wp-content\/uploads\/2023\/05\/casa_medanos13-150x150.jpg\" class=\"attachment-thumbnail size-thumbnail\" alt=\"Casa M\u00e9danos \/ Beson\u00edas Almeida Arquitectos\" aria-describedby=\"gallery-1-76255\" \/><\/a>\n\t\t\t<\/div>\n\t\t\t\t<figcaption class='wp-caption-text gallery-caption' id='gallery-1-76255'>\n\t\t\t\tCasa M\u00e9danos \/ Beson\u00edas Almeida Arquitectos (\u00a9 Hern\u00e1n de Almeida)\n\t\t\t\t<\/figcaption><\/figure><figure class='gallery-item'>\n\t\t\t<div class='gallery-icon landscape'>\n\t\t\t\t<a href='https:\/\/www.arquimaster.com.ar\/web\/wp-content\/uploads\/2023\/05\/casa_medanos14.jpg' title=\"Casa M\u00e9danos \/ Beson\u00edas Almeida Arquitectos (\u00a9 Hern\u00e1n de Almeida)\" data-rl_title=\"Casa M\u00e9danos \/ Beson\u00edas Almeida Arquitectos (\u00a9 Hern\u00e1n de Almeida)\" class=\"rl-gallery-link\" data-rl_caption=\"Casa M\u00e9danos \/ Beson\u00edas Almeida Arquitectos (\u00a9 Hern\u00e1n de Almeida)\" data-rel=\"lightbox-gallery-1\"><img loading=\"lazy\" decoding=\"async\" width=\"150\" height=\"150\" src=\"https:\/\/www.arquimaster.com.ar\/web\/wp-content\/uploads\/2023\/05\/casa_medanos14-150x150.jpg\" class=\"attachment-thumbnail size-thumbnail\" alt=\"Casa M\u00e9danos \/ Beson\u00edas Almeida Arquitectos\" aria-describedby=\"gallery-1-76256\" \/><\/a>\n\t\t\t<\/div>\n\t\t\t\t<figcaption class='wp-caption-text gallery-caption' id='gallery-1-76256'>\n\t\t\t\tCasa M\u00e9danos \/ Beson\u00edas Almeida Arquitectos (\u00a9 Hern\u00e1n de Almeida)\n\t\t\t\t<\/figcaption><\/figure><figure class='gallery-item'>\n\t\t\t<div class='gallery-icon portrait'>\n\t\t\t\t<a href='https:\/\/www.arquimaster.com.ar\/web\/wp-content\/uploads\/2023\/05\/casa_medanos15.jpg' title=\"Casa M\u00e9danos \/ Beson\u00edas Almeida Arquitectos (\u00a9 Hern\u00e1n de Almeida)\" data-rl_title=\"Casa M\u00e9danos \/ Beson\u00edas Almeida Arquitectos (\u00a9 Hern\u00e1n de Almeida)\" class=\"rl-gallery-link\" data-rl_caption=\"Casa M\u00e9danos \/ Beson\u00edas Almeida Arquitectos (\u00a9 Hern\u00e1n de Almeida)\" data-rel=\"lightbox-gallery-1\"><img loading=\"lazy\" decoding=\"async\" width=\"150\" height=\"150\" src=\"https:\/\/www.arquimaster.com.ar\/web\/wp-content\/uploads\/2023\/05\/casa_medanos15-150x150.jpg\" class=\"attachment-thumbnail size-thumbnail\" alt=\"Casa M\u00e9danos \/ Beson\u00edas Almeida Arquitectos\" aria-describedby=\"gallery-1-76257\" \/><\/a>\n\t\t\t<\/div>\n\t\t\t\t<figcaption class='wp-caption-text gallery-caption' id='gallery-1-76257'>\n\t\t\t\tCasa M\u00e9danos \/ Beson\u00edas Almeida Arquitectos (\u00a9 Hern\u00e1n de Almeida)\n\t\t\t\t<\/figcaption><\/figure><figure class='gallery-item'>\n\t\t\t<div class='gallery-icon portrait'>\n\t\t\t\t<a href='https:\/\/www.arquimaster.com.ar\/web\/wp-content\/uploads\/2023\/05\/casa_medanos16.jpg' title=\"Casa M\u00e9danos \/ Beson\u00edas Almeida Arquitectos (\u00a9 Hern\u00e1n de Almeida)\" data-rl_title=\"Casa M\u00e9danos \/ Beson\u00edas Almeida Arquitectos (\u00a9 Hern\u00e1n de Almeida)\" class=\"rl-gallery-link\" data-rl_caption=\"Casa M\u00e9danos \/ Beson\u00edas Almeida Arquitectos (\u00a9 Hern\u00e1n de Almeida)\" data-rel=\"lightbox-gallery-1\"><img loading=\"lazy\" decoding=\"async\" width=\"150\" height=\"150\" src=\"https:\/\/www.arquimaster.com.ar\/web\/wp-content\/uploads\/2023\/05\/casa_medanos16-150x150.jpg\" class=\"attachment-thumbnail size-thumbnail\" alt=\"Casa M\u00e9danos \/ Beson\u00edas Almeida Arquitectos\" aria-describedby=\"gallery-1-76258\" \/><\/a>\n\t\t\t<\/div>\n\t\t\t\t<figcaption class='wp-caption-text gallery-caption' id='gallery-1-76258'>\n\t\t\t\tCasa M\u00e9danos \/ Beson\u00edas Almeida Arquitectos (\u00a9 Hern\u00e1n de Almeida)\n\t\t\t\t<\/figcaption><\/figure><figure class='gallery-item'>\n\t\t\t<div class='gallery-icon landscape'>\n\t\t\t\t<a href='https:\/\/www.arquimaster.com.ar\/web\/wp-content\/uploads\/2023\/05\/casa_medanos17.jpg' title=\"Casa M\u00e9danos \/ Beson\u00edas Almeida Arquitectos (\u00a9 Hern\u00e1n de Almeida)\" data-rl_title=\"Casa M\u00e9danos \/ Beson\u00edas Almeida Arquitectos (\u00a9 Hern\u00e1n de Almeida)\" class=\"rl-gallery-link\" data-rl_caption=\"Casa M\u00e9danos \/ Beson\u00edas Almeida Arquitectos (\u00a9 Hern\u00e1n de Almeida)\" data-rel=\"lightbox-gallery-1\"><img loading=\"lazy\" decoding=\"async\" width=\"150\" height=\"150\" src=\"https:\/\/www.arquimaster.com.ar\/web\/wp-content\/uploads\/2023\/05\/casa_medanos17-150x150.jpg\" class=\"attachment-thumbnail size-thumbnail\" alt=\"Casa M\u00e9danos \/ Beson\u00edas Almeida Arquitectos\" aria-describedby=\"gallery-1-76259\" \/><\/a>\n\t\t\t<\/div>\n\t\t\t\t<figcaption class='wp-caption-text gallery-caption' id='gallery-1-76259'>\n\t\t\t\tCasa M\u00e9danos \/ Beson\u00edas Almeida Arquitectos (\u00a9 Hern\u00e1n de Almeida)\n\t\t\t\t<\/figcaption><\/figure><figure class='gallery-item'>\n\t\t\t<div class='gallery-icon landscape'>\n\t\t\t\t<a href='https:\/\/www.arquimaster.com.ar\/web\/wp-content\/uploads\/2023\/05\/casa_medanos18.jpg' title=\"Casa M\u00e9danos \/ Beson\u00edas Almeida Arquitectos (\u00a9 Hern\u00e1n de Almeida)\" data-rl_title=\"Casa M\u00e9danos \/ Beson\u00edas Almeida Arquitectos (\u00a9 Hern\u00e1n de Almeida)\" class=\"rl-gallery-link\" data-rl_caption=\"Casa M\u00e9danos \/ Beson\u00edas Almeida Arquitectos (\u00a9 Hern\u00e1n de Almeida)\" data-rel=\"lightbox-gallery-1\"><img loading=\"lazy\" decoding=\"async\" width=\"150\" height=\"150\" src=\"https:\/\/www.arquimaster.com.ar\/web\/wp-content\/uploads\/2023\/05\/casa_medanos18-150x150.jpg\" class=\"attachment-thumbnail size-thumbnail\" alt=\"Casa M\u00e9danos \/ Beson\u00edas Almeida Arquitectos\" aria-describedby=\"gallery-1-76260\" \/><\/a>\n\t\t\t<\/div>\n\t\t\t\t<figcaption class='wp-caption-text gallery-caption' id='gallery-1-76260'>\n\t\t\t\tCasa M\u00e9danos \/ Beson\u00edas Almeida Arquitectos (\u00a9 Hern\u00e1n de Almeida)\n\t\t\t\t<\/figcaption><\/figure><figure class='gallery-item'>\n\t\t\t<div class='gallery-icon landscape'>\n\t\t\t\t<a href='https:\/\/www.arquimaster.com.ar\/web\/wp-content\/uploads\/2023\/05\/casa_medanos19.jpg' title=\"Casa M\u00e9danos \/ Beson\u00edas Almeida Arquitectos (\u00a9 Hern\u00e1n de Almeida)\" data-rl_title=\"Casa M\u00e9danos \/ Beson\u00edas Almeida Arquitectos (\u00a9 Hern\u00e1n de Almeida)\" class=\"rl-gallery-link\" data-rl_caption=\"Casa M\u00e9danos \/ Beson\u00edas Almeida Arquitectos (\u00a9 Hern\u00e1n de Almeida)\" data-rel=\"lightbox-gallery-1\"><img loading=\"lazy\" decoding=\"async\" width=\"150\" height=\"150\" src=\"https:\/\/www.arquimaster.com.ar\/web\/wp-content\/uploads\/2023\/05\/casa_medanos19-150x150.jpg\" class=\"attachment-thumbnail size-thumbnail\" alt=\"Casa M\u00e9danos \/ Beson\u00edas Almeida Arquitectos\" aria-describedby=\"gallery-1-76261\" \/><\/a>\n\t\t\t<\/div>\n\t\t\t\t<figcaption class='wp-caption-text gallery-caption' id='gallery-1-76261'>\n\t\t\t\tCasa M\u00e9danos \/ Beson\u00edas Almeida Arquitectos (\u00a9 Hern\u00e1n de Almeida)\n\t\t\t\t<\/figcaption><\/figure><figure class='gallery-item'>\n\t\t\t<div class='gallery-icon portrait'>\n\t\t\t\t<a href='https:\/\/www.arquimaster.com.ar\/web\/wp-content\/uploads\/2023\/05\/casa_medanos20.jpg' title=\"Casa M\u00e9danos \/ Beson\u00edas Almeida Arquitectos (\u00a9 Hern\u00e1n de Almeida)\" data-rl_title=\"Casa M\u00e9danos \/ Beson\u00edas Almeida Arquitectos (\u00a9 Hern\u00e1n de Almeida)\" class=\"rl-gallery-link\" data-rl_caption=\"Casa M\u00e9danos \/ Beson\u00edas Almeida Arquitectos (\u00a9 Hern\u00e1n de Almeida)\" data-rel=\"lightbox-gallery-1\"><img loading=\"lazy\" decoding=\"async\" width=\"150\" height=\"150\" src=\"https:\/\/www.arquimaster.com.ar\/web\/wp-content\/uploads\/2023\/05\/casa_medanos20-150x150.jpg\" class=\"attachment-thumbnail size-thumbnail\" alt=\"Casa M\u00e9danos \/ Beson\u00edas Almeida Arquitectos\" aria-describedby=\"gallery-1-76262\" \/><\/a>\n\t\t\t<\/div>\n\t\t\t\t<figcaption class='wp-caption-text gallery-caption' id='gallery-1-76262'>\n\t\t\t\tCasa M\u00e9danos \/ Beson\u00edas Almeida Arquitectos (\u00a9 Hern\u00e1n de Almeida)\n\t\t\t\t<\/figcaption><\/figure><figure class='gallery-item'>\n\t\t\t<div class='gallery-icon landscape'>\n\t\t\t\t<a href='https:\/\/www.arquimaster.com.ar\/web\/wp-content\/uploads\/2023\/05\/casa_medanos21.jpg' title=\"Casa M\u00e9danos \/ Beson\u00edas Almeida Arquitectos (\u00a9 Hern\u00e1n de Almeida)\" data-rl_title=\"Casa M\u00e9danos \/ Beson\u00edas Almeida Arquitectos (\u00a9 Hern\u00e1n de Almeida)\" class=\"rl-gallery-link\" data-rl_caption=\"Casa M\u00e9danos \/ Beson\u00edas Almeida Arquitectos (\u00a9 Hern\u00e1n de Almeida)\" data-rel=\"lightbox-gallery-1\"><img loading=\"lazy\" decoding=\"async\" width=\"150\" height=\"150\" src=\"https:\/\/www.arquimaster.com.ar\/web\/wp-content\/uploads\/2023\/05\/casa_medanos21-150x150.jpg\" class=\"attachment-thumbnail size-thumbnail\" alt=\"Casa M\u00e9danos \/ Beson\u00edas Almeida Arquitectos\" aria-describedby=\"gallery-1-76263\" \/><\/a>\n\t\t\t<\/div>\n\t\t\t\t<figcaption class='wp-caption-text gallery-caption' id='gallery-1-76263'>\n\t\t\t\tCasa M\u00e9danos \/ Beson\u00edas Almeida Arquitectos (\u00a9 Hern\u00e1n de Almeida)\n\t\t\t\t<\/figcaption><\/figure><figure class='gallery-item'>\n\t\t\t<div class='gallery-icon landscape'>\n\t\t\t\t<a href='https:\/\/www.arquimaster.com.ar\/web\/wp-content\/uploads\/2023\/05\/casa_medanos22.jpg' title=\"Casa M\u00e9danos \/ Beson\u00edas Almeida Arquitectos (\u00a9 Hern\u00e1n de Almeida)\" data-rl_title=\"Casa M\u00e9danos \/ Beson\u00edas Almeida Arquitectos (\u00a9 Hern\u00e1n de Almeida)\" class=\"rl-gallery-link\" data-rl_caption=\"Casa M\u00e9danos \/ Beson\u00edas Almeida Arquitectos (\u00a9 Hern\u00e1n de Almeida)\" data-rel=\"lightbox-gallery-1\"><img loading=\"lazy\" decoding=\"async\" width=\"150\" height=\"150\" src=\"https:\/\/www.arquimaster.com.ar\/web\/wp-content\/uploads\/2023\/05\/casa_medanos22-150x150.jpg\" class=\"attachment-thumbnail size-thumbnail\" alt=\"Casa M\u00e9danos \/ Beson\u00edas Almeida Arquitectos\" aria-describedby=\"gallery-1-76264\" \/><\/a>\n\t\t\t<\/div>\n\t\t\t\t<figcaption class='wp-caption-text gallery-caption' id='gallery-1-76264'>\n\t\t\t\tCasa M\u00e9danos \/ Beson\u00edas Almeida Arquitectos (\u00a9 Hern\u00e1n de Almeida)\n\t\t\t\t<\/figcaption><\/figure><figure class='gallery-item'>\n\t\t\t<div class='gallery-icon landscape'>\n\t\t\t\t<a href='https:\/\/www.arquimaster.com.ar\/web\/wp-content\/uploads\/2023\/05\/casa_medanos23.jpg' title=\"Casa M\u00e9danos \/ Beson\u00edas Almeida Arquitectos (\u00a9 Hern\u00e1n de Almeida)\" data-rl_title=\"Casa M\u00e9danos \/ Beson\u00edas Almeida Arquitectos (\u00a9 Hern\u00e1n de Almeida)\" class=\"rl-gallery-link\" data-rl_caption=\"Casa M\u00e9danos \/ Beson\u00edas Almeida Arquitectos (\u00a9 Hern\u00e1n de Almeida)\" data-rel=\"lightbox-gallery-1\"><img loading=\"lazy\" decoding=\"async\" width=\"150\" height=\"150\" src=\"https:\/\/www.arquimaster.com.ar\/web\/wp-content\/uploads\/2023\/05\/casa_medanos23-150x150.jpg\" class=\"attachment-thumbnail size-thumbnail\" alt=\"Casa M\u00e9danos \/ Beson\u00edas Almeida Arquitectos\" aria-describedby=\"gallery-1-76265\" \/><\/a>\n\t\t\t<\/div>\n\t\t\t\t<figcaption class='wp-caption-text gallery-caption' id='gallery-1-76265'>\n\t\t\t\tCasa M\u00e9danos \/ Beson\u00edas Almeida Arquitectos (\u00a9 Hern\u00e1n de Almeida)\n\t\t\t\t<\/figcaption><\/figure><figure class='gallery-item'>\n\t\t\t<div class='gallery-icon landscape'>\n\t\t\t\t<a href='https:\/\/www.arquimaster.com.ar\/web\/wp-content\/uploads\/2023\/05\/casa_medanos24.jpg' title=\"Casa M\u00e9danos \/ Beson\u00edas Almeida Arquitectos (\u00a9 Hern\u00e1n de Almeida)\" data-rl_title=\"Casa M\u00e9danos \/ Beson\u00edas Almeida Arquitectos (\u00a9 Hern\u00e1n de Almeida)\" class=\"rl-gallery-link\" data-rl_caption=\"Casa M\u00e9danos \/ Beson\u00edas Almeida Arquitectos (\u00a9 Hern\u00e1n de Almeida)\" data-rel=\"lightbox-gallery-1\"><img loading=\"lazy\" decoding=\"async\" width=\"150\" height=\"150\" src=\"https:\/\/www.arquimaster.com.ar\/web\/wp-content\/uploads\/2023\/05\/casa_medanos24-150x150.jpg\" class=\"attachment-thumbnail size-thumbnail\" alt=\"Casa M\u00e9danos \/ Beson\u00edas Almeida Arquitectos\" aria-describedby=\"gallery-1-76266\" \/><\/a>\n\t\t\t<\/div>\n\t\t\t\t<figcaption class='wp-caption-text gallery-caption' id='gallery-1-76266'>\n\t\t\t\tCasa M\u00e9danos \/ Beson\u00edas Almeida Arquitectos (\u00a9 Hern\u00e1n de Almeida)\n\t\t\t\t<\/figcaption><\/figure><figure class='gallery-item'>\n\t\t\t<div class='gallery-icon landscape'>\n\t\t\t\t<a href='https:\/\/www.arquimaster.com.ar\/web\/wp-content\/uploads\/2023\/05\/casa_medanos25.jpg' title=\"Casa M\u00e9danos \/ Beson\u00edas Almeida Arquitectos (\u00a9 Hern\u00e1n de Almeida)\" data-rl_title=\"Casa M\u00e9danos \/ Beson\u00edas Almeida Arquitectos (\u00a9 Hern\u00e1n de Almeida)\" class=\"rl-gallery-link\" data-rl_caption=\"Casa M\u00e9danos \/ Beson\u00edas Almeida Arquitectos (\u00a9 Hern\u00e1n de Almeida)\" data-rel=\"lightbox-gallery-1\"><img loading=\"lazy\" decoding=\"async\" width=\"150\" height=\"150\" src=\"https:\/\/www.arquimaster.com.ar\/web\/wp-content\/uploads\/2023\/05\/casa_medanos25-150x150.jpg\" class=\"attachment-thumbnail size-thumbnail\" alt=\"Casa M\u00e9danos \/ Beson\u00edas Almeida Arquitectos\" aria-describedby=\"gallery-1-76267\" \/><\/a>\n\t\t\t<\/div>\n\t\t\t\t<figcaption class='wp-caption-text gallery-caption' id='gallery-1-76267'>\n\t\t\t\tCasa M\u00e9danos \/ Beson\u00edas Almeida Arquitectos (\u00a9 Hern\u00e1n de Almeida)\n\t\t\t\t<\/figcaption><\/figure><figure class='gallery-item'>\n\t\t\t<div class='gallery-icon landscape'>\n\t\t\t\t<a href='https:\/\/www.arquimaster.com.ar\/web\/wp-content\/uploads\/2023\/05\/casa_medanos26.jpg' title=\"Casa M\u00e9danos \/ Beson\u00edas Almeida Arquitectos (\u00a9 Hern\u00e1n de Almeida)\" data-rl_title=\"Casa M\u00e9danos \/ Beson\u00edas Almeida Arquitectos (\u00a9 Hern\u00e1n de Almeida)\" class=\"rl-gallery-link\" data-rl_caption=\"Casa M\u00e9danos \/ Beson\u00edas Almeida Arquitectos (\u00a9 Hern\u00e1n de Almeida)\" data-rel=\"lightbox-gallery-1\"><img loading=\"lazy\" decoding=\"async\" width=\"150\" height=\"150\" src=\"https:\/\/www.arquimaster.com.ar\/web\/wp-content\/uploads\/2023\/05\/casa_medanos26-150x150.jpg\" class=\"attachment-thumbnail size-thumbnail\" alt=\"Casa M\u00e9danos \/ Beson\u00edas Almeida Arquitectos\" aria-describedby=\"gallery-1-76268\" \/><\/a>\n\t\t\t<\/div>\n\t\t\t\t<figcaption class='wp-caption-text gallery-caption' id='gallery-1-76268'>\n\t\t\t\tCasa M\u00e9danos \/ Beson\u00edas Almeida Arquitectos (\u00a9 Hern\u00e1n de Almeida)\n\t\t\t\t<\/figcaption><\/figure><figure class='gallery-item'>\n\t\t\t<div class='gallery-icon landscape'>\n\t\t\t\t<a href='https:\/\/www.arquimaster.com.ar\/web\/wp-content\/uploads\/2023\/05\/casa_medanos27.jpg' title=\"Casa M\u00e9danos \/ Beson\u00edas Almeida Arquitectos (\u00a9 Hern\u00e1n de Almeida)\" data-rl_title=\"Casa M\u00e9danos \/ Beson\u00edas Almeida Arquitectos (\u00a9 Hern\u00e1n de Almeida)\" class=\"rl-gallery-link\" data-rl_caption=\"Casa M\u00e9danos \/ Beson\u00edas Almeida Arquitectos (\u00a9 Hern\u00e1n de Almeida)\" data-rel=\"lightbox-gallery-1\"><img loading=\"lazy\" decoding=\"async\" width=\"150\" height=\"150\" src=\"https:\/\/www.arquimaster.com.ar\/web\/wp-content\/uploads\/2023\/05\/casa_medanos27-150x150.jpg\" class=\"attachment-thumbnail size-thumbnail\" alt=\"Casa M\u00e9danos \/ Beson\u00edas Almeida Arquitectos\" aria-describedby=\"gallery-1-76269\" \/><\/a>\n\t\t\t<\/div>\n\t\t\t\t<figcaption class='wp-caption-text gallery-caption' id='gallery-1-76269'>\n\t\t\t\tCasa M\u00e9danos \/ Beson\u00edas Almeida Arquitectos (\u00a9 Hern\u00e1n de Almeida)\n\t\t\t\t<\/figcaption><\/figure><figure class='gallery-item'>\n\t\t\t<div class='gallery-icon landscape'>\n\t\t\t\t<a href='https:\/\/www.arquimaster.com.ar\/web\/wp-content\/uploads\/2023\/05\/casa_medanos28.jpg' title=\"Casa M\u00e9danos \/ Beson\u00edas Almeida Arquitectos (\u00a9 Hern\u00e1n de Almeida)\" data-rl_title=\"Casa M\u00e9danos \/ Beson\u00edas Almeida Arquitectos (\u00a9 Hern\u00e1n de Almeida)\" class=\"rl-gallery-link\" data-rl_caption=\"Casa M\u00e9danos \/ Beson\u00edas Almeida Arquitectos (\u00a9 Hern\u00e1n de Almeida)\" data-rel=\"lightbox-gallery-1\"><img loading=\"lazy\" decoding=\"async\" width=\"150\" height=\"150\" src=\"https:\/\/www.arquimaster.com.ar\/web\/wp-content\/uploads\/2023\/05\/casa_medanos28-150x150.jpg\" class=\"attachment-thumbnail size-thumbnail\" alt=\"Casa M\u00e9danos \/ Beson\u00edas Almeida Arquitectos\" aria-describedby=\"gallery-1-76270\" \/><\/a>\n\t\t\t<\/div>\n\t\t\t\t<figcaption class='wp-caption-text gallery-caption' id='gallery-1-76270'>\n\t\t\t\tCasa M\u00e9danos \/ Beson\u00edas Almeida Arquitectos (\u00a9 Hern\u00e1n de Almeida)\n\t\t\t\t<\/figcaption><\/figure><figure class='gallery-item'>\n\t\t\t<div class='gallery-icon landscape'>\n\t\t\t\t<a href='https:\/\/www.arquimaster.com.ar\/web\/wp-content\/uploads\/2023\/05\/casa_medanos29.jpg' title=\"Casa M\u00e9danos \/ Beson\u00edas Almeida Arquitectos (\u00a9 Hern\u00e1n de Almeida)\" data-rl_title=\"Casa M\u00e9danos \/ Beson\u00edas Almeida Arquitectos (\u00a9 Hern\u00e1n de Almeida)\" class=\"rl-gallery-link\" data-rl_caption=\"Casa M\u00e9danos \/ Beson\u00edas Almeida Arquitectos (\u00a9 Hern\u00e1n de Almeida)\" data-rel=\"lightbox-gallery-1\"><img loading=\"lazy\" decoding=\"async\" width=\"150\" height=\"150\" src=\"https:\/\/www.arquimaster.com.ar\/web\/wp-content\/uploads\/2023\/05\/casa_medanos29-150x150.jpg\" class=\"attachment-thumbnail size-thumbnail\" alt=\"Casa M\u00e9danos \/ Beson\u00edas Almeida Arquitectos\" aria-describedby=\"gallery-1-76271\" \/><\/a>\n\t\t\t<\/div>\n\t\t\t\t<figcaption class='wp-caption-text gallery-caption' id='gallery-1-76271'>\n\t\t\t\tCasa M\u00e9danos \/ Beson\u00edas Almeida Arquitectos (\u00a9 Hern\u00e1n de Almeida)\n\t\t\t\t<\/figcaption><\/figure><figure class='gallery-item'>\n\t\t\t<div class='gallery-icon landscape'>\n\t\t\t\t<a href='https:\/\/www.arquimaster.com.ar\/web\/wp-content\/uploads\/2023\/05\/casa_medanos30.jpg' title=\"Casa M\u00e9danos \/ Beson\u00edas Almeida Arquitectos (\u00a9 Hern\u00e1n de Almeida)\" data-rl_title=\"Casa M\u00e9danos \/ Beson\u00edas Almeida Arquitectos (\u00a9 Hern\u00e1n de Almeida)\" class=\"rl-gallery-link\" data-rl_caption=\"Casa M\u00e9danos \/ Beson\u00edas Almeida Arquitectos (\u00a9 Hern\u00e1n de Almeida)\" data-rel=\"lightbox-gallery-1\"><img loading=\"lazy\" decoding=\"async\" width=\"150\" height=\"150\" src=\"https:\/\/www.arquimaster.com.ar\/web\/wp-content\/uploads\/2023\/05\/casa_medanos30-150x150.jpg\" class=\"attachment-thumbnail size-thumbnail\" alt=\"Casa M\u00e9danos \/ Beson\u00edas Almeida Arquitectos\" aria-describedby=\"gallery-1-76272\" \/><\/a>\n\t\t\t<\/div>\n\t\t\t\t<figcaption class='wp-caption-text gallery-caption' id='gallery-1-76272'>\n\t\t\t\tCasa M\u00e9danos \/ Beson\u00edas Almeida Arquitectos (\u00a9 Hern\u00e1n de Almeida)\n\t\t\t\t<\/figcaption><\/figure><figure class='gallery-item'>\n\t\t\t<div class='gallery-icon portrait'>\n\t\t\t\t<a href='https:\/\/www.arquimaster.com.ar\/web\/wp-content\/uploads\/2023\/05\/casa_medanos31.jpg' title=\"Casa M\u00e9danos \/ Beson\u00edas Almeida Arquitectos (\u00a9 Hern\u00e1n de Almeida)\" data-rl_title=\"Casa M\u00e9danos \/ Beson\u00edas Almeida Arquitectos (\u00a9 Hern\u00e1n de Almeida)\" class=\"rl-gallery-link\" data-rl_caption=\"Casa M\u00e9danos \/ Beson\u00edas Almeida Arquitectos (\u00a9 Hern\u00e1n de Almeida)\" data-rel=\"lightbox-gallery-1\"><img loading=\"lazy\" decoding=\"async\" width=\"150\" height=\"150\" src=\"https:\/\/www.arquimaster.com.ar\/web\/wp-content\/uploads\/2023\/05\/casa_medanos31-150x150.jpg\" class=\"attachment-thumbnail size-thumbnail\" alt=\"Casa M\u00e9danos \/ Beson\u00edas Almeida Arquitectos\" aria-describedby=\"gallery-1-76273\" \/><\/a>\n\t\t\t<\/div>\n\t\t\t\t<figcaption class='wp-caption-text gallery-caption' id='gallery-1-76273'>\n\t\t\t\tCasa M\u00e9danos \/ Beson\u00edas Almeida Arquitectos (\u00a9 Hern\u00e1n de Almeida)\n\t\t\t\t<\/figcaption><\/figure><figure class='gallery-item'>\n\t\t\t<div class='gallery-icon landscape'>\n\t\t\t\t<a href='https:\/\/www.arquimaster.com.ar\/web\/wp-content\/uploads\/2023\/05\/casa_medanos32.jpg' title=\"Casa M\u00e9danos \/ Beson\u00edas Almeida Arquitectos (\u00a9 Hern\u00e1n de Almeida)\" data-rl_title=\"Casa M\u00e9danos \/ Beson\u00edas Almeida Arquitectos (\u00a9 Hern\u00e1n de Almeida)\" class=\"rl-gallery-link\" data-rl_caption=\"Casa M\u00e9danos \/ Beson\u00edas Almeida Arquitectos (\u00a9 Hern\u00e1n de Almeida)\" data-rel=\"lightbox-gallery-1\"><img loading=\"lazy\" decoding=\"async\" width=\"150\" height=\"150\" src=\"https:\/\/www.arquimaster.com.ar\/web\/wp-content\/uploads\/2023\/05\/casa_medanos32-150x150.jpg\" class=\"attachment-thumbnail size-thumbnail\" alt=\"Casa M\u00e9danos \/ Beson\u00edas Almeida Arquitectos\" aria-describedby=\"gallery-1-76274\" \/><\/a>\n\t\t\t<\/div>\n\t\t\t\t<figcaption class='wp-caption-text gallery-caption' id='gallery-1-76274'>\n\t\t\t\tCasa M\u00e9danos \/ Beson\u00edas Almeida Arquitectos (\u00a9 Hern\u00e1n de Almeida)\n\t\t\t\t<\/figcaption><\/figure><figure class='gallery-item'>\n\t\t\t<div class='gallery-icon landscape'>\n\t\t\t\t<a href='https:\/\/www.arquimaster.com.ar\/web\/wp-content\/uploads\/2023\/05\/casa_medanos33.jpg' title=\"Casa M\u00e9danos \/ Beson\u00edas Almeida Arquitectos (\u00a9 Hern\u00e1n de Almeida)\" data-rl_title=\"Casa M\u00e9danos \/ Beson\u00edas Almeida Arquitectos (\u00a9 Hern\u00e1n de Almeida)\" class=\"rl-gallery-link\" data-rl_caption=\"Casa M\u00e9danos \/ Beson\u00edas Almeida Arquitectos (\u00a9 Hern\u00e1n de Almeida)\" data-rel=\"lightbox-gallery-1\"><img loading=\"lazy\" decoding=\"async\" width=\"150\" height=\"150\" src=\"https:\/\/www.arquimaster.com.ar\/web\/wp-content\/uploads\/2023\/05\/casa_medanos33-150x150.jpg\" class=\"attachment-thumbnail size-thumbnail\" alt=\"Casa M\u00e9danos \/ Beson\u00edas Almeida Arquitectos\" aria-describedby=\"gallery-1-76275\" \/><\/a>\n\t\t\t<\/div>\n\t\t\t\t<figcaption class='wp-caption-text gallery-caption' id='gallery-1-76275'>\n\t\t\t\tCasa M\u00e9danos \/ Beson\u00edas Almeida Arquitectos (\u00a9 Hern\u00e1n de Almeida)\n\t\t\t\t<\/figcaption><\/figure><figure class='gallery-item'>\n\t\t\t<div class='gallery-icon landscape'>\n\t\t\t\t<a href='https:\/\/www.arquimaster.com.ar\/web\/wp-content\/uploads\/2023\/05\/casa_medanos34.jpg' title=\"Casa M\u00e9danos \/ Beson\u00edas Almeida Arquitectos (\u00a9 Hern\u00e1n de Almeida)\" data-rl_title=\"Casa M\u00e9danos \/ Beson\u00edas Almeida Arquitectos (\u00a9 Hern\u00e1n de Almeida)\" class=\"rl-gallery-link\" data-rl_caption=\"Casa M\u00e9danos \/ Beson\u00edas Almeida Arquitectos (\u00a9 Hern\u00e1n de Almeida)\" data-rel=\"lightbox-gallery-1\"><img loading=\"lazy\" decoding=\"async\" width=\"150\" height=\"150\" src=\"https:\/\/www.arquimaster.com.ar\/web\/wp-content\/uploads\/2023\/05\/casa_medanos34-150x150.jpg\" class=\"attachment-thumbnail size-thumbnail\" alt=\"Casa M\u00e9danos \/ Beson\u00edas Almeida Arquitectos\" aria-describedby=\"gallery-1-76276\" \/><\/a>\n\t\t\t<\/div>\n\t\t\t\t<figcaption class='wp-caption-text gallery-caption' id='gallery-1-76276'>\n\t\t\t\tCasa M\u00e9danos \/ Beson\u00edas Almeida Arquitectos (\u00a9 Hern\u00e1n de Almeida)\n\t\t\t\t<\/figcaption><\/figure><figure class='gallery-item'>\n\t\t\t<div class='gallery-icon landscape'>\n\t\t\t\t<a href='https:\/\/www.arquimaster.com.ar\/web\/wp-content\/uploads\/2023\/05\/casa_medanos35.jpg' title=\"Casa M\u00e9danos \/ Beson\u00edas Almeida Arquitectos (\u00a9 Hern\u00e1n de Almeida)\" data-rl_title=\"Casa M\u00e9danos \/ Beson\u00edas Almeida Arquitectos (\u00a9 Hern\u00e1n de Almeida)\" class=\"rl-gallery-link\" data-rl_caption=\"Casa M\u00e9danos \/ Beson\u00edas Almeida Arquitectos (\u00a9 Hern\u00e1n de Almeida)\" data-rel=\"lightbox-gallery-1\"><img loading=\"lazy\" decoding=\"async\" width=\"150\" height=\"150\" src=\"https:\/\/www.arquimaster.com.ar\/web\/wp-content\/uploads\/2023\/05\/casa_medanos35-150x150.jpg\" class=\"attachment-thumbnail size-thumbnail\" alt=\"Casa M\u00e9danos \/ Beson\u00edas Almeida Arquitectos\" aria-describedby=\"gallery-1-76277\" \/><\/a>\n\t\t\t<\/div>\n\t\t\t\t<figcaption class='wp-caption-text gallery-caption' id='gallery-1-76277'>\n\t\t\t\tCasa M\u00e9danos \/ Beson\u00edas Almeida Arquitectos (\u00a9 Hern\u00e1n de Almeida)\n\t\t\t\t<\/figcaption><\/figure><figure class='gallery-item'>\n\t\t\t<div class='gallery-icon landscape'>\n\t\t\t\t<a href='https:\/\/www.arquimaster.com.ar\/web\/wp-content\/uploads\/2023\/05\/casa_medanos36.jpg' title=\"Casa M\u00e9danos \/ Beson\u00edas Almeida Arquitectos (planta baja)\" data-rl_title=\"Casa M\u00e9danos \/ Beson\u00edas Almeida Arquitectos (planta baja)\" class=\"rl-gallery-link\" data-rl_caption=\"Casa M\u00e9danos \/ Beson\u00edas Almeida Arquitectos (planta baja)\" data-rel=\"lightbox-gallery-1\"><img loading=\"lazy\" decoding=\"async\" width=\"150\" height=\"150\" src=\"https:\/\/www.arquimaster.com.ar\/web\/wp-content\/uploads\/2023\/05\/casa_medanos36-150x150.jpg\" class=\"attachment-thumbnail size-thumbnail\" alt=\"Casa M\u00e9danos \/ Beson\u00edas Almeida Arquitectos\" aria-describedby=\"gallery-1-76278\" \/><\/a>\n\t\t\t<\/div>\n\t\t\t\t<figcaption class='wp-caption-text gallery-caption' id='gallery-1-76278'>\n\t\t\t\tCasa M\u00e9danos \/ Beson\u00edas Almeida Arquitectos (planta baja)\n\t\t\t\t<\/figcaption><\/figure><figure class='gallery-item'>\n\t\t\t<div class='gallery-icon landscape'>\n\t\t\t\t<a href='https:\/\/www.arquimaster.com.ar\/web\/wp-content\/uploads\/2023\/05\/casa_medanos37.jpg' title=\"Casa M\u00e9danos \/ Beson\u00edas Almeida Arquitectos (planta terraza)\" data-rl_title=\"Casa M\u00e9danos \/ Beson\u00edas Almeida Arquitectos (planta terraza)\" class=\"rl-gallery-link\" data-rl_caption=\"Casa M\u00e9danos \/ Beson\u00edas Almeida Arquitectos (planta terraza)\" data-rel=\"lightbox-gallery-1\"><img loading=\"lazy\" decoding=\"async\" width=\"150\" height=\"150\" src=\"https:\/\/www.arquimaster.com.ar\/web\/wp-content\/uploads\/2023\/05\/casa_medanos37-150x150.jpg\" class=\"attachment-thumbnail size-thumbnail\" alt=\"Casa M\u00e9danos \/ Beson\u00edas Almeida Arquitectos\" aria-describedby=\"gallery-1-76279\" \/><\/a>\n\t\t\t<\/div>\n\t\t\t\t<figcaption class='wp-caption-text gallery-caption' id='gallery-1-76279'>\n\t\t\t\tCasa M\u00e9danos \/ Beson\u00edas Almeida Arquitectos (planta terraza)\n\t\t\t\t<\/figcaption><\/figure><figure class='gallery-item'>\n\t\t\t<div class='gallery-icon landscape'>\n\t\t\t\t<a href='https:\/\/www.arquimaster.com.ar\/web\/wp-content\/uploads\/2023\/05\/casa_medanos38.jpg' title=\"Casa M\u00e9danos \/ Beson\u00edas Almeida Arquitectos (corte)\" data-rl_title=\"Casa M\u00e9danos \/ Beson\u00edas Almeida Arquitectos (corte)\" class=\"rl-gallery-link\" data-rl_caption=\"Casa M\u00e9danos \/ Beson\u00edas Almeida Arquitectos (corte)\" data-rel=\"lightbox-gallery-1\"><img loading=\"lazy\" decoding=\"async\" width=\"150\" height=\"150\" src=\"https:\/\/www.arquimaster.com.ar\/web\/wp-content\/uploads\/2023\/05\/casa_medanos38-150x150.jpg\" class=\"attachment-thumbnail size-thumbnail\" alt=\"Casa M\u00e9danos \/ Beson\u00edas Almeida Arquitectos\" aria-describedby=\"gallery-1-76280\" \/><\/a>\n\t\t\t<\/div>\n\t\t\t\t<figcaption class='wp-caption-text gallery-caption' id='gallery-1-76280'>\n\t\t\t\tCasa M\u00e9danos \/ Beson\u00edas Almeida Arquitectos (corte)\n\t\t\t\t<\/figcaption><\/figure><figure class='gallery-item'>\n\t\t\t<div class='gallery-icon landscape'>\n\t\t\t\t<a href='https:\/\/www.arquimaster.com.ar\/web\/wp-content\/uploads\/2023\/05\/casa_medanos39.jpg' title=\"Casa M\u00e9danos \/ Beson\u00edas Almeida Arquitectos (corte)\" data-rl_title=\"Casa M\u00e9danos \/ Beson\u00edas Almeida Arquitectos (corte)\" class=\"rl-gallery-link\" data-rl_caption=\"Casa M\u00e9danos \/ Beson\u00edas Almeida Arquitectos (corte)\" data-rel=\"lightbox-gallery-1\"><img loading=\"lazy\" decoding=\"async\" width=\"150\" height=\"150\" src=\"https:\/\/www.arquimaster.com.ar\/web\/wp-content\/uploads\/2023\/05\/casa_medanos39-150x150.jpg\" class=\"attachment-thumbnail size-thumbnail\" alt=\"Casa M\u00e9danos \/ Beson\u00edas Almeida Arquitectos\" aria-describedby=\"gallery-1-76281\" \/><\/a>\n\t\t\t<\/div>\n\t\t\t\t<figcaption class='wp-caption-text gallery-caption' id='gallery-1-76281'>\n\t\t\t\tCasa M\u00e9danos \/ Beson\u00edas Almeida Arquitectos (corte)\n\t\t\t\t<\/figcaption><\/figure><figure class='gallery-item'>\n\t\t\t<div class='gallery-icon landscape'>\n\t\t\t\t<a href='https:\/\/www.arquimaster.com.ar\/web\/wp-content\/uploads\/2023\/05\/casa_medanos40.jpg' title=\"Casa M\u00e9danos \/ Beson\u00edas Almeida Arquitectos (axonometria)\" data-rl_title=\"Casa M\u00e9danos \/ Beson\u00edas Almeida Arquitectos (axonometria)\" class=\"rl-gallery-link\" data-rl_caption=\"Casa M\u00e9danos \/ Beson\u00edas Almeida Arquitectos (axonometria)\" data-rel=\"lightbox-gallery-1\"><img loading=\"lazy\" decoding=\"async\" width=\"150\" height=\"150\" src=\"https:\/\/www.arquimaster.com.ar\/web\/wp-content\/uploads\/2023\/05\/casa_medanos40-150x150.jpg\" class=\"attachment-thumbnail size-thumbnail\" alt=\"Casa M\u00e9danos \/ Beson\u00edas Almeida Arquitectos\" aria-describedby=\"gallery-1-76282\" \/><\/a>\n\t\t\t<\/div>\n\t\t\t\t<figcaption class='wp-caption-text gallery-caption' id='gallery-1-76282'>\n\t\t\t\tCasa M\u00e9danos \/ Beson\u00edas Almeida Arquitectos (axonometria)\n\t\t\t\t<\/figcaption><\/figure>\n\t\t<\/div>\n\n<p>Este territorio est\u00e1 sometido a fuertes vientos gran parte del a\u00f1o y, al no haber sufrido alteraciones en su ecosistema que los amortig\u00fcen -como las plantaciones de pinos, tan comunes en toda esa costa-, soportan r\u00e1fagas que, en oportunidades, alcanzan los 100 km\/h.<\/p>\n<p>Este paisaje vasto, homog\u00e9neo, barrido por fuertes vientos, expuesto a los rayos del sol, casi deshabitado, que invita adisfrutar del silencio y de sorprendentes atardeceres, fue el elegido por el comitente para encargarnos el proyecto de una peque\u00f1a casa de veraneo con una generosa piscina. Y fue tambi\u00e9n el que nos permiti\u00f3 desarrollar una interesante experiencia al reconocerlo como el principal disparador de la propuesta.<\/p>\n<p>La primera decisi\u00f3n proyectual fue ubicar la casa en la zona m\u00e1s alta del lote para as\u00ed poder disfrutar de ese paisaje admirado por el propietario. Establecimos un recorrido desde la calle a trav\u00e9s de una p\u00e9rgola y una escalera que, ascendiendo el m\u00e9dano, permite ingresar a dos plataformas a diferente altura: una que conecta con el sector de la piscina, y la otra que establece el plano de desarrollo de toda la casa y su expansi\u00f3n en una generosa galer\u00eda.<\/p>\n<p>Una vez situados en ese nivel que domina el paisaje, hab\u00eda que protegerse de los fuertes vientos del SE y del N -en ocasiones de tal intensidad que hacen que la arena azote los cristales, esmeril\u00e1ndolos-.<\/p>\n<p>Propusimos entonces un volumen que se repliega hacia un patio interior, se protege de los fuertes vientos y del intenso sol del verano mediante pantallas realizadas con tablas de madera regulables en tres de sus lados, y se abre completamente al paisaje en la cara expuesta a la mejor orientaci\u00f3n.<\/p>\n<p>Ese patio es propositivamente el espacio organizador de la casa. Intercalado entre el sector que aloja las actividades sociales y el m\u00e1s \u00edntimo de los dos dormitorios con sus ba\u00f1os privados, puede funcionar como expansi\u00f3n de estos ambientes en los d\u00edas ventosos y como conexi\u00f3n con la terraza superior en los d\u00edas calmos. Por otro lado, la luz que lo ba\u00f1a produce sombras siempre cambiantes que, combinadas con los diferentes reflejos que produce la caja de cristal que lo envuelve, crean una situaci\u00f3n espacial de gran inter\u00e9s.<\/p>\n<p>A la vez, en los calurosos d\u00edas de verano, la introducci\u00f3n de este patio, la posici\u00f3n de las aberturas y la creaci\u00f3n de una profunda galer\u00eda a lo largo de todo el sector social de la casa hacen posible que una corriente de aire recorra todos los ambientes refresc\u00e1ndolos, y que todas las actividades de la casa se relacionen entre s\u00ed y con el exterior.<\/p>\n<p>Desde la galer\u00eda y tambi\u00e9n desde la terraza superior se puede disfrutar de vistas hacia la piscina inmersa entre los suaves m\u00e9danos y del espect\u00e1culo siempre cambiante de los atardeceres.<\/p>\n<p>De noche la casa conserva la intimidad gracias a los filtros de madera, y como resultado sorpresa, la luz que se cuela a trav\u00e9s de ellos, ilumina el entorno inmediato produciendo variados efectos de luces y sombras.<\/p>\n\n\n<div style=\"height:20px\" aria-hidden=\"true\" class=\"wp-block-spacer\"><\/div>\n\n\n\n<p class=\"has-background\" style=\"background-color:#eaeaea\"><strong>Ficha t\u00e9cnica<\/strong><br>Nombre: Casa M\u00e9danos<br>Ubicaci\u00f3n: El Salvaje, Villa Gesell, Provincia de Buenos Aires, Argentina<br>Proyecto y Direcci\u00f3n: Arq. Mar\u00eda Victoria Beson\u00edas, Arq. Guillermo de Almeida<br>Colaboradores: Arq. Micaela Salibe, Arq. Candela Barrios, Hern\u00e1n de Almeida<br>Tipolog\u00eda: Vivienda de veraneo<br>Superficie del terreno: 2503 m2<br>Superficie construida: 128 m2<br>A\u00f1o de construcci\u00f3n: 2022<br>Fotos: Hern\u00e1n de Almeida<br><br><strong>Contacto<\/strong><br><a href=\"https:\/\/www.besoniasalmeida.com\/\" target=\"_blank\" rel=\"noreferrer noopener\">https:\/\/www.besoniasalmeida.com\/<\/a><\/p>\n\n\n\n<div style=\"height:40px\" aria-hidden=\"true\" class=\"wp-block-spacer\"><\/div>\n\n\n<p><strong><em>English version<\/em><\/strong><\/p>\n<p><em>El Salvaje is located at km 427 of Provincial Route N\u00ba 11, 10 km south of Villa Gesell and only 3 km from Mar Azul forest. It is a development of maritime farms, environmentally sustainable both for its low population density and for the conditions established by its regulations in relation to the environmental care. The legislation determines that all developments must respect the topography, vegetation and wildlife of the area: a geography where the horizontality of the Pampean plain is cut by the presence of sandy ridges, fixed by grasslands, which run perpendicular to the coast until they disappear in huge beaches.<\/em><\/p>\n<p><em>This territory is subjected to strong winds most of the year and, not having suffered alterations in its ecosystem to dampen them -such as pine plantations, so common in this coast -, it withstands gusts that, on occasions, reach 100 km\/h.<\/em><\/p>\n<p><em>This vast, homogeneous landscape, swept by strong winds, exposed to the harsh rays of the sun, almost uninhabited, which invites us to enjoy the silence and amazing sunsets, was the one chosen by the client to commission us the project of a small summer house with a generous swimming pool. And it was also the one that allowed us to develop an interesting experience by recognizing it as the main trigger of the proposal.<\/em><\/p>\n<p><em>The first project decision was to locate the house in the highest area of the lot in order to fully enjoy the landscape admired by the owner. We established a route from the street through a pergola and a staircase that, ascending the dune, allows access to two platforms at different heights: one that connects to the pool area, and the other that defines the development plan of the entire house and its expansion into a generous gallery.<\/em><\/p>\n<p><em>Once located on this level that dominates the landscape, it was necessary to protect the house from the strong winds from the SE and N -sometimes so strong that the sand whips the glass and grinds it down.<\/em><\/p>\n<p><em>We then proposed a volume that retreats into an inner courtyard, is protected from the strong winds and the intense summer sun by screens made of adjustable wooden boards on three sides, and opens completely to the landscape on the side exposed to the best orientation.<\/em><\/p>\n<p><em>This courtyard is the organizing space of the house. Interspersed between the sector that houses the social activities and the more intimate two bedrooms with their private bathrooms, it can function as an expansion of these ambiences on windy days and as a connection to the upper terrace on calm days. On the other hand, the light that bathes it produces ever-changing shadows that, combined with the different reflections produced by the glass box that surrounds it, create a spatial situation of great interest.<\/em><\/p>\n<p><em>At the same time, on hot summer days, the introduction of this courtyard, the position of the openings and the creation of a deep gallery along the entire social sector of the house make it possible for a current of air to run through all the rooms, cooling them, and for all the activities of the house to relate to each other and to the outside.<\/em><\/p>\n<p><em>From the gallery and also from the upper terrace you can enjoy views of the swimming pool immersed in the soft sand dunes and the ever-changing display of sunsets.<\/em><\/p>\n<p><em>At night the house preserves its intimacy thanks to the wooden filters and, as a surprise result, the light that filters through them illuminates the immediate surroundings producing varied effects of light and shadow.<\/em><\/p>\n<div style=\"font-size: 0px; height: 0px; line-height: 0px; margin: 0; padding: 0; clear: both;\"><\/div><div style=\"margin-top: 0px; margin-bottom: 0px;\" class=\"sharethis-inline-share-buttons\" ><\/div>","protected":false},"excerpt":{"rendered":"<p>Un volumen que se repliega hacia un patio interior y se protege del viento y del sol&#8230;<\/p>\n","protected":false},"author":1,"featured_media":76242,"comment_status":"closed","ping_status":"closed","sticky":false,"template":"","format":"standard","meta":{"_uag_custom_page_level_css":"","footnotes":""},"categories":[1,251],"tags":[3373,16,2157,2156,252,7400,1026,6711,3376,3375,3299,6471],"class_list":["post-76241","post","type-post","status-publish","format-standard","has-post-thumbnail","hentry","category-proyecto","category-casas-de-playa","tag-besonias-almeida-arquitectos","tag-buenos-aires","tag-casa-de-descanso","tag-casa-de-fin-de-semana","tag-casa-de-playa","tag-casa-de-vacaciones","tag-casa-de-veraneo","tag-chacras-maritimas","tag-guillermo-de-almeida","tag-maria-victoria-besonias","tag-villa-gesell","tag-vivienda-no-permanente","generate-columns","tablet-grid-50","mobile-grid-100","grid-parent","grid-50"],"yoast_head":"<!-- This site is optimized with the Yoast SEO plugin v27.3 - https:\/\/yoast.com\/product\/yoast-seo-wordpress\/ -->\n<title>Casa M\u00e9danos \/ Beson\u00edas Almeida Arquitectos - Arquimaster<\/title>\n<meta name=\"description\" content=\"Un volumen que se repliega hacia un patio interior, se protege de los fuertes vientos y del intenso sol del verano mediante pantallas de tablas de madera regulables.\" \/>\n<meta name=\"robots\" content=\"index, follow, max-snippet:-1, max-image-preview:large, max-video-preview:-1\" \/>\n<link rel=\"canonical\" href=\"https:\/\/www.arquimaster.com.ar\/web\/casa-medanos-besonias-almeida-arquitectos\/\" \/>\n<meta property=\"og:locale\" content=\"es_ES\" \/>\n<meta property=\"og:type\" content=\"article\" \/>\n<meta property=\"og:title\" content=\"Casa M\u00e9danos \/ Beson\u00edas Almeida Arquitectos\" \/>\n<meta property=\"og:description\" content=\"Un volumen que se repliega hacia un patio interior, se protege de los fuertes vientos y del intenso sol del verano mediante pantallas de tablas de madera regulables.\" \/>\n<meta property=\"og:url\" content=\"https:\/\/www.arquimaster.com.ar\/web\/casa-medanos-besonias-almeida-arquitectos\/\" \/>\n<meta property=\"og:site_name\" content=\"Arquimaster\" \/>\n<meta property=\"article:publisher\" content=\"http:\/\/www.facebook.com\/ARQUIMASTER.com.ar\" \/>\n<meta property=\"article:published_time\" content=\"2023-05-26T00:55:41+00:00\" \/>\n<meta property=\"article:modified_time\" content=\"2023-08-07T22:06:32+00:00\" \/>\n<meta property=\"og:image\" content=\"https:\/\/www.arquimaster.com.ar\/web\/wp-content\/uploads\/2023\/05\/casa_medanos_slide.jpg\" \/>\n\t<meta property=\"og:image:width\" content=\"698\" \/>\n\t<meta property=\"og:image:height\" content=\"364\" \/>\n\t<meta property=\"og:image:type\" content=\"image\/jpeg\" \/>\n<meta name=\"author\" content=\"Arquimaster\" \/>\n<meta name=\"twitter:card\" content=\"summary_large_image\" \/>\n<meta name=\"twitter:title\" content=\"Casa M\u00e9danos \/ Beson\u00edas Almeida Arquitectos\" \/>\n<meta name=\"twitter:description\" content=\"Un volumen que se repliega hacia un patio interior, se protege de los fuertes vientos y del intenso sol del verano mediante pantallas de tablas de madera regulables.\" \/>\n<meta name=\"twitter:image\" content=\"https:\/\/www.arquimaster.com.ar\/web\/wp-content\/uploads\/2023\/05\/casa_medanos_slide.jpg\" \/>\n<meta name=\"twitter:creator\" content=\"@arquimaster\" \/>\n<meta name=\"twitter:site\" content=\"@arquimaster\" \/>\n<meta name=\"twitter:label1\" content=\"Escrito por\" \/>\n\t<meta name=\"twitter:data1\" content=\"Arquimaster\" \/>\n\t<meta name=\"twitter:label2\" content=\"Tiempo de lectura\" \/>\n\t<meta name=\"twitter:data2\" content=\"6 minutos\" \/>\n<script type=\"application\/ld+json\" class=\"yoast-schema-graph\">{\"@context\":\"https:\\\/\\\/schema.org\",\"@graph\":[{\"@type\":\"Article\",\"@id\":\"https:\\\/\\\/www.arquimaster.com.ar\\\/web\\\/casa-medanos-besonias-almeida-arquitectos\\\/#article\",\"isPartOf\":{\"@id\":\"https:\\\/\\\/www.arquimaster.com.ar\\\/web\\\/casa-medanos-besonias-almeida-arquitectos\\\/\"},\"author\":{\"name\":\"Arquimaster\",\"@id\":\"https:\\\/\\\/www.arquimaster.com.ar\\\/web\\\/#\\\/schema\\\/person\\\/359e9f7c00193fcde068e0dd2ceb0028\"},\"headline\":\"Casa M\u00e9danos \\\/ Beson\u00edas Almeida Arquitectos\",\"datePublished\":\"2023-05-26T00:55:41+00:00\",\"dateModified\":\"2023-08-07T22:06:32+00:00\",\"mainEntityOfPage\":{\"@id\":\"https:\\\/\\\/www.arquimaster.com.ar\\\/web\\\/casa-medanos-besonias-almeida-arquitectos\\\/\"},\"wordCount\":1327,\"publisher\":{\"@id\":\"https:\\\/\\\/www.arquimaster.com.ar\\\/web\\\/#organization\"},\"image\":{\"@id\":\"https:\\\/\\\/www.arquimaster.com.ar\\\/web\\\/casa-medanos-besonias-almeida-arquitectos\\\/#primaryimage\"},\"thumbnailUrl\":\"https:\\\/\\\/www.arquimaster.com.ar\\\/web\\\/wp-content\\\/uploads\\\/2023\\\/05\\\/casa_medanos_slide.jpg\",\"keywords\":[\"Besonias Almeida Arquitectos\",\"Buenos Aires\",\"casa de descanso\",\"casa de fin de semana\",\"casa de playa\",\"casa de vacaciones\",\"casa de veraneo\",\"chacras maritimas\",\"Guillermo de Almeida\",\"Mar\u00eda Victoria Besonias\",\"Villa Gesell\",\"vivienda no permanente\"],\"articleSection\":[\"Proyecto\",\"Vivienda no permanente\"],\"inLanguage\":\"es\"},{\"@type\":\"WebPage\",\"@id\":\"https:\\\/\\\/www.arquimaster.com.ar\\\/web\\\/casa-medanos-besonias-almeida-arquitectos\\\/\",\"url\":\"https:\\\/\\\/www.arquimaster.com.ar\\\/web\\\/casa-medanos-besonias-almeida-arquitectos\\\/\",\"name\":\"Casa M\u00e9danos \\\/ Beson\u00edas Almeida Arquitectos - Arquimaster\",\"isPartOf\":{\"@id\":\"https:\\\/\\\/www.arquimaster.com.ar\\\/web\\\/#website\"},\"primaryImageOfPage\":{\"@id\":\"https:\\\/\\\/www.arquimaster.com.ar\\\/web\\\/casa-medanos-besonias-almeida-arquitectos\\\/#primaryimage\"},\"image\":{\"@id\":\"https:\\\/\\\/www.arquimaster.com.ar\\\/web\\\/casa-medanos-besonias-almeida-arquitectos\\\/#primaryimage\"},\"thumbnailUrl\":\"https:\\\/\\\/www.arquimaster.com.ar\\\/web\\\/wp-content\\\/uploads\\\/2023\\\/05\\\/casa_medanos_slide.jpg\",\"datePublished\":\"2023-05-26T00:55:41+00:00\",\"dateModified\":\"2023-08-07T22:06:32+00:00\",\"description\":\"Un volumen que se repliega hacia un patio interior, se protege de los fuertes vientos y del intenso sol del verano mediante pantallas de tablas de madera regulables.\",\"breadcrumb\":{\"@id\":\"https:\\\/\\\/www.arquimaster.com.ar\\\/web\\\/casa-medanos-besonias-almeida-arquitectos\\\/#breadcrumb\"},\"inLanguage\":\"es\",\"potentialAction\":[{\"@type\":\"ReadAction\",\"target\":[\"https:\\\/\\\/www.arquimaster.com.ar\\\/web\\\/casa-medanos-besonias-almeida-arquitectos\\\/\"]}]},{\"@type\":\"ImageObject\",\"inLanguage\":\"es\",\"@id\":\"https:\\\/\\\/www.arquimaster.com.ar\\\/web\\\/casa-medanos-besonias-almeida-arquitectos\\\/#primaryimage\",\"url\":\"https:\\\/\\\/www.arquimaster.com.ar\\\/web\\\/wp-content\\\/uploads\\\/2023\\\/05\\\/casa_medanos_slide.jpg\",\"contentUrl\":\"https:\\\/\\\/www.arquimaster.com.ar\\\/web\\\/wp-content\\\/uploads\\\/2023\\\/05\\\/casa_medanos_slide.jpg\",\"width\":698,\"height\":364,\"caption\":\"Casa M\u00e9danos \\\/ Beson\u00edas Almeida Arquitectos\"},{\"@type\":\"BreadcrumbList\",\"@id\":\"https:\\\/\\\/www.arquimaster.com.ar\\\/web\\\/casa-medanos-besonias-almeida-arquitectos\\\/#breadcrumb\",\"itemListElement\":[{\"@type\":\"ListItem\",\"position\":1,\"name\":\"Portada\",\"item\":\"https:\\\/\\\/www.arquimaster.com.ar\\\/web\\\/\"},{\"@type\":\"ListItem\",\"position\":2,\"name\":\"Casa M\u00e9danos \\\/ Beson\u00edas Almeida Arquitectos\"}]},{\"@type\":\"WebSite\",\"@id\":\"https:\\\/\\\/www.arquimaster.com.ar\\\/web\\\/#website\",\"url\":\"https:\\\/\\\/www.arquimaster.com.ar\\\/web\\\/\",\"name\":\"Arquimaster\",\"description\":\"Web de arquitectura, dise\u00f1o y construccion\",\"publisher\":{\"@id\":\"https:\\\/\\\/www.arquimaster.com.ar\\\/web\\\/#organization\"},\"potentialAction\":[{\"@type\":\"SearchAction\",\"target\":{\"@type\":\"EntryPoint\",\"urlTemplate\":\"https:\\\/\\\/www.arquimaster.com.ar\\\/web\\\/?s={search_term_string}\"},\"query-input\":{\"@type\":\"PropertyValueSpecification\",\"valueRequired\":true,\"valueName\":\"search_term_string\"}}],\"inLanguage\":\"es\"},{\"@type\":\"Organization\",\"@id\":\"https:\\\/\\\/www.arquimaster.com.ar\\\/web\\\/#organization\",\"name\":\"Arquimaster\",\"url\":\"https:\\\/\\\/www.arquimaster.com.ar\\\/web\\\/\",\"logo\":{\"@type\":\"ImageObject\",\"inLanguage\":\"es\",\"@id\":\"https:\\\/\\\/www.arquimaster.com.ar\\\/web\\\/#\\\/schema\\\/logo\\\/image\\\/\",\"url\":\"https:\\\/\\\/www.arquimaster.com.ar\\\/web\\\/wp-content\\\/uploads\\\/2022\\\/06\\\/arquimaster.png\",\"contentUrl\":\"https:\\\/\\\/www.arquimaster.com.ar\\\/web\\\/wp-content\\\/uploads\\\/2022\\\/06\\\/arquimaster.png\",\"width\":594,\"height\":78,\"caption\":\"Arquimaster\"},\"image\":{\"@id\":\"https:\\\/\\\/www.arquimaster.com.ar\\\/web\\\/#\\\/schema\\\/logo\\\/image\\\/\"},\"sameAs\":[\"http:\\\/\\\/www.facebook.com\\\/ARQUIMASTER.com.ar\",\"https:\\\/\\\/x.com\\\/arquimaster\",\"https:\\\/\\\/www.instagram.com\\\/arquimasterblog\\\/\",\"https:\\\/\\\/www.linkedin.com\\\/company\\\/arquimaster\",\"https:\\\/\\\/www.pinterest.com\\\/arquimaster\",\"https:\\\/\\\/t.me\\\/arquimaster\"]},{\"@type\":\"Person\",\"@id\":\"https:\\\/\\\/www.arquimaster.com.ar\\\/web\\\/#\\\/schema\\\/person\\\/359e9f7c00193fcde068e0dd2ceb0028\",\"name\":\"Arquimaster\"}]}<\/script>\n<!-- \/ Yoast SEO plugin. -->","yoast_head_json":{"title":"Casa M\u00e9danos \/ Beson\u00edas Almeida Arquitectos - Arquimaster","description":"Un volumen que se repliega hacia un patio interior, se protege de los fuertes vientos y del intenso sol del verano mediante pantallas de tablas de madera regulables.","robots":{"index":"index","follow":"follow","max-snippet":"max-snippet:-1","max-image-preview":"max-image-preview:large","max-video-preview":"max-video-preview:-1"},"canonical":"https:\/\/www.arquimaster.com.ar\/web\/casa-medanos-besonias-almeida-arquitectos\/","og_locale":"es_ES","og_type":"article","og_title":"Casa M\u00e9danos \/ Beson\u00edas Almeida Arquitectos","og_description":"Un volumen que se repliega hacia un patio interior, se protege de los fuertes vientos y del intenso sol del verano mediante pantallas de tablas de madera regulables.","og_url":"https:\/\/www.arquimaster.com.ar\/web\/casa-medanos-besonias-almeida-arquitectos\/","og_site_name":"Arquimaster","article_publisher":"http:\/\/www.facebook.com\/ARQUIMASTER.com.ar","article_published_time":"2023-05-26T00:55:41+00:00","article_modified_time":"2023-08-07T22:06:32+00:00","og_image":[{"width":698,"height":364,"url":"https:\/\/www.arquimaster.com.ar\/web\/wp-content\/uploads\/2023\/05\/casa_medanos_slide.jpg","type":"image\/jpeg"}],"author":"Arquimaster","twitter_card":"summary_large_image","twitter_title":"Casa M\u00e9danos \/ Beson\u00edas Almeida Arquitectos","twitter_description":"Un volumen que se repliega hacia un patio interior, se protege de los fuertes vientos y del intenso sol del verano mediante pantallas de tablas de madera regulables.","twitter_image":"https:\/\/www.arquimaster.com.ar\/web\/wp-content\/uploads\/2023\/05\/casa_medanos_slide.jpg","twitter_creator":"@arquimaster","twitter_site":"@arquimaster","twitter_misc":{"Escrito por":"Arquimaster","Tiempo de lectura":"6 minutos"},"schema":{"@context":"https:\/\/schema.org","@graph":[{"@type":"Article","@id":"https:\/\/www.arquimaster.com.ar\/web\/casa-medanos-besonias-almeida-arquitectos\/#article","isPartOf":{"@id":"https:\/\/www.arquimaster.com.ar\/web\/casa-medanos-besonias-almeida-arquitectos\/"},"author":{"name":"Arquimaster","@id":"https:\/\/www.arquimaster.com.ar\/web\/#\/schema\/person\/359e9f7c00193fcde068e0dd2ceb0028"},"headline":"Casa M\u00e9danos \/ Beson\u00edas Almeida Arquitectos","datePublished":"2023-05-26T00:55:41+00:00","dateModified":"2023-08-07T22:06:32+00:00","mainEntityOfPage":{"@id":"https:\/\/www.arquimaster.com.ar\/web\/casa-medanos-besonias-almeida-arquitectos\/"},"wordCount":1327,"publisher":{"@id":"https:\/\/www.arquimaster.com.ar\/web\/#organization"},"image":{"@id":"https:\/\/www.arquimaster.com.ar\/web\/casa-medanos-besonias-almeida-arquitectos\/#primaryimage"},"thumbnailUrl":"https:\/\/www.arquimaster.com.ar\/web\/wp-content\/uploads\/2023\/05\/casa_medanos_slide.jpg","keywords":["Besonias Almeida Arquitectos","Buenos Aires","casa de descanso","casa de fin de semana","casa de playa","casa de vacaciones","casa de veraneo","chacras maritimas","Guillermo de Almeida","Mar\u00eda Victoria Besonias","Villa Gesell","vivienda no permanente"],"articleSection":["Proyecto","Vivienda no permanente"],"inLanguage":"es"},{"@type":"WebPage","@id":"https:\/\/www.arquimaster.com.ar\/web\/casa-medanos-besonias-almeida-arquitectos\/","url":"https:\/\/www.arquimaster.com.ar\/web\/casa-medanos-besonias-almeida-arquitectos\/","name":"Casa M\u00e9danos \/ Beson\u00edas Almeida Arquitectos - Arquimaster","isPartOf":{"@id":"https:\/\/www.arquimaster.com.ar\/web\/#website"},"primaryImageOfPage":{"@id":"https:\/\/www.arquimaster.com.ar\/web\/casa-medanos-besonias-almeida-arquitectos\/#primaryimage"},"image":{"@id":"https:\/\/www.arquimaster.com.ar\/web\/casa-medanos-besonias-almeida-arquitectos\/#primaryimage"},"thumbnailUrl":"https:\/\/www.arquimaster.com.ar\/web\/wp-content\/uploads\/2023\/05\/casa_medanos_slide.jpg","datePublished":"2023-05-26T00:55:41+00:00","dateModified":"2023-08-07T22:06:32+00:00","description":"Un volumen que se repliega hacia un patio interior, se protege de los fuertes vientos y del intenso sol del verano mediante pantallas de tablas de madera regulables.","breadcrumb":{"@id":"https:\/\/www.arquimaster.com.ar\/web\/casa-medanos-besonias-almeida-arquitectos\/#breadcrumb"},"inLanguage":"es","potentialAction":[{"@type":"ReadAction","target":["https:\/\/www.arquimaster.com.ar\/web\/casa-medanos-besonias-almeida-arquitectos\/"]}]},{"@type":"ImageObject","inLanguage":"es","@id":"https:\/\/www.arquimaster.com.ar\/web\/casa-medanos-besonias-almeida-arquitectos\/#primaryimage","url":"https:\/\/www.arquimaster.com.ar\/web\/wp-content\/uploads\/2023\/05\/casa_medanos_slide.jpg","contentUrl":"https:\/\/www.arquimaster.com.ar\/web\/wp-content\/uploads\/2023\/05\/casa_medanos_slide.jpg","width":698,"height":364,"caption":"Casa M\u00e9danos \/ Beson\u00edas Almeida Arquitectos"},{"@type":"BreadcrumbList","@id":"https:\/\/www.arquimaster.com.ar\/web\/casa-medanos-besonias-almeida-arquitectos\/#breadcrumb","itemListElement":[{"@type":"ListItem","position":1,"name":"Portada","item":"https:\/\/www.arquimaster.com.ar\/web\/"},{"@type":"ListItem","position":2,"name":"Casa M\u00e9danos \/ Beson\u00edas Almeida Arquitectos"}]},{"@type":"WebSite","@id":"https:\/\/www.arquimaster.com.ar\/web\/#website","url":"https:\/\/www.arquimaster.com.ar\/web\/","name":"Arquimaster","description":"Web de arquitectura, dise\u00f1o y construccion","publisher":{"@id":"https:\/\/www.arquimaster.com.ar\/web\/#organization"},"potentialAction":[{"@type":"SearchAction","target":{"@type":"EntryPoint","urlTemplate":"https:\/\/www.arquimaster.com.ar\/web\/?s={search_term_string}"},"query-input":{"@type":"PropertyValueSpecification","valueRequired":true,"valueName":"search_term_string"}}],"inLanguage":"es"},{"@type":"Organization","@id":"https:\/\/www.arquimaster.com.ar\/web\/#organization","name":"Arquimaster","url":"https:\/\/www.arquimaster.com.ar\/web\/","logo":{"@type":"ImageObject","inLanguage":"es","@id":"https:\/\/www.arquimaster.com.ar\/web\/#\/schema\/logo\/image\/","url":"https:\/\/www.arquimaster.com.ar\/web\/wp-content\/uploads\/2022\/06\/arquimaster.png","contentUrl":"https:\/\/www.arquimaster.com.ar\/web\/wp-content\/uploads\/2022\/06\/arquimaster.png","width":594,"height":78,"caption":"Arquimaster"},"image":{"@id":"https:\/\/www.arquimaster.com.ar\/web\/#\/schema\/logo\/image\/"},"sameAs":["http:\/\/www.facebook.com\/ARQUIMASTER.com.ar","https:\/\/x.com\/arquimaster","https:\/\/www.instagram.com\/arquimasterblog\/","https:\/\/www.linkedin.com\/company\/arquimaster","https:\/\/www.pinterest.com\/arquimaster","https:\/\/t.me\/arquimaster"]},{"@type":"Person","@id":"https:\/\/www.arquimaster.com.ar\/web\/#\/schema\/person\/359e9f7c00193fcde068e0dd2ceb0028","name":"Arquimaster"}]}},"uagb_featured_image_src":{"full":["https:\/\/www.arquimaster.com.ar\/web\/wp-content\/uploads\/2023\/05\/casa_medanos_slide.jpg",698,364,false],"thumbnail":["https:\/\/www.arquimaster.com.ar\/web\/wp-content\/uploads\/2023\/05\/casa_medanos_slide-150x150.jpg",150,150,true],"medium":["https:\/\/www.arquimaster.com.ar\/web\/wp-content\/uploads\/2023\/05\/casa_medanos_slide.jpg",698,364,false],"medium_large":["https:\/\/www.arquimaster.com.ar\/web\/wp-content\/uploads\/2023\/05\/casa_medanos_slide.jpg",698,364,false],"large":["https:\/\/www.arquimaster.com.ar\/web\/wp-content\/uploads\/2023\/05\/casa_medanos_slide.jpg",698,364,false],"1536x1536":["https:\/\/www.arquimaster.com.ar\/web\/wp-content\/uploads\/2023\/05\/casa_medanos_slide.jpg",698,364,false],"2048x2048":["https:\/\/www.arquimaster.com.ar\/web\/wp-content\/uploads\/2023\/05\/casa_medanos_slide.jpg",698,364,false]},"uagb_author_info":{"display_name":"Arquimaster","author_link":"https:\/\/www.arquimaster.com.ar\/web\/author\/arquimaster\/"},"uagb_comment_info":0,"uagb_excerpt":"Un volumen que se repliega hacia un patio interior y se protege del viento y del sol...","_links":{"self":[{"href":"https:\/\/www.arquimaster.com.ar\/web\/wp-json\/wp\/v2\/posts\/76241","targetHints":{"allow":["GET"]}}],"collection":[{"href":"https:\/\/www.arquimaster.com.ar\/web\/wp-json\/wp\/v2\/posts"}],"about":[{"href":"https:\/\/www.arquimaster.com.ar\/web\/wp-json\/wp\/v2\/types\/post"}],"author":[{"embeddable":true,"href":"https:\/\/www.arquimaster.com.ar\/web\/wp-json\/wp\/v2\/users\/1"}],"replies":[{"embeddable":true,"href":"https:\/\/www.arquimaster.com.ar\/web\/wp-json\/wp\/v2\/comments?post=76241"}],"version-history":[{"count":1,"href":"https:\/\/www.arquimaster.com.ar\/web\/wp-json\/wp\/v2\/posts\/76241\/revisions"}],"predecessor-version":[{"id":76283,"href":"https:\/\/www.arquimaster.com.ar\/web\/wp-json\/wp\/v2\/posts\/76241\/revisions\/76283"}],"wp:featuredmedia":[{"embeddable":true,"href":"https:\/\/www.arquimaster.com.ar\/web\/wp-json\/wp\/v2\/media\/76242"}],"wp:attachment":[{"href":"https:\/\/www.arquimaster.com.ar\/web\/wp-json\/wp\/v2\/media?parent=76241"}],"wp:term":[{"taxonomy":"category","embeddable":true,"href":"https:\/\/www.arquimaster.com.ar\/web\/wp-json\/wp\/v2\/categories?post=76241"},{"taxonomy":"post_tag","embeddable":true,"href":"https:\/\/www.arquimaster.com.ar\/web\/wp-json\/wp\/v2\/tags?post=76241"}],"curies":[{"name":"wp","href":"https:\/\/api.w.org\/{rel}","templated":true}]}}