{"id":76307,"date":"2023-06-22T19:18:47","date_gmt":"2023-06-22T22:18:47","guid":{"rendered":"https:\/\/www.arquimaster.com.ar\/web\/?p=76307"},"modified":"2023-06-22T19:18:49","modified_gmt":"2023-06-22T22:18:49","slug":"oficinas-naves-contract-workplaces","status":"publish","type":"post","link":"https:\/\/www.arquimaster.com.ar\/web\/oficinas-naves-contract-workplaces\/","title":{"rendered":"Oficinas Naves \/ Contract Workplaces"},"content":{"rendered":"<div style=\"margin-top: 0px; margin-bottom: 0px;\" class=\"sharethis-inline-share-buttons\" ><\/div><div class=\"b812932af2e751442846f039925109de\" data-index=\"1\" style=\"float: none; margin:25px 0 25px 0; text-align:center;\">\n<script async src=\"https:\/\/pagead2.googlesyndication.com\/pagead\/js\/adsbygoogle.js\"><\/script>\r\n<!-- Arquimaster (superior) -->\r\n<ins class=\"adsbygoogle\"\r\n     style=\"display:block\"\r\n     data-ad-client=\"ca-pub-6351072698456832\"\r\n     data-ad-slot=\"6455489680\"\r\n     data-ad-format=\"auto\"\r\n     data-full-width-responsive=\"true\"><\/ins>\r\n<script>\r\n     (adsbygoogle = window.adsbygoogle || []).push({});\r\n<\/script>\n<\/div>\n<p><strong>Oficinas Naves<\/strong> (Bogot\u00e1, Colombia) por <strong>Contract Workplaces<\/strong>. La empresa Naves es una compa\u00f1\u00eda colombiana que, desde hace casi 4 d\u00e9cadas, se dedica al agenciamiento mar\u00edtimo y la log\u00edstica. Con un negocio en constante evoluci\u00f3n, a la hora de pensar en el dise\u00f1o de una nueva sede para sus operaciones eligi\u00f3 a Contract Workplaces.<\/p>\n<div id='gallery-1' class='gallery galleryid-76307 gallery-columns-3 gallery-size-thumbnail'><figure class='gallery-item'>\n\t\t\t<div class='gallery-icon landscape'>\n\t\t\t\t<a href='https:\/\/www.arquimaster.com.ar\/web\/wp-content\/uploads\/2023\/06\/oficinas_naves1.jpg' title=\"Oficinas Naves \/ Contract Workplaces (\u00a9 Llano Fotografia)\" data-rl_title=\"Oficinas Naves \/ Contract Workplaces (\u00a9 Llano Fotografia)\" class=\"rl-gallery-link\" data-rl_caption=\"Oficinas Naves \/ Contract Workplaces (\u00a9 Llano Fotografia)\" data-rel=\"lightbox-gallery-1\"><img loading=\"lazy\" decoding=\"async\" width=\"150\" height=\"150\" src=\"https:\/\/www.arquimaster.com.ar\/web\/wp-content\/uploads\/2023\/06\/oficinas_naves1-150x150.jpg\" class=\"attachment-thumbnail size-thumbnail\" alt=\"Oficinas Naves \/ Contract Workplaces\" aria-describedby=\"gallery-1-76309\" \/><\/a>\n\t\t\t<\/div>\n\t\t\t\t<figcaption class='wp-caption-text gallery-caption' id='gallery-1-76309'>\n\t\t\t\tOficinas Naves \/ Contract Workplaces (\u00a9 Llano Fotografia)\n\t\t\t\t<\/figcaption><\/figure><figure class='gallery-item'>\n\t\t\t<div class='gallery-icon landscape'>\n\t\t\t\t<a href='https:\/\/www.arquimaster.com.ar\/web\/wp-content\/uploads\/2023\/06\/oficinas_naves2.jpg' title=\"Oficinas Naves \/ Contract Workplaces (\u00a9 Llano Fotografia)\" data-rl_title=\"Oficinas Naves \/ Contract Workplaces (\u00a9 Llano Fotografia)\" class=\"rl-gallery-link\" data-rl_caption=\"Oficinas Naves \/ Contract Workplaces (\u00a9 Llano Fotografia)\" data-rel=\"lightbox-gallery-1\"><img loading=\"lazy\" decoding=\"async\" width=\"150\" height=\"150\" src=\"https:\/\/www.arquimaster.com.ar\/web\/wp-content\/uploads\/2023\/06\/oficinas_naves2-150x150.jpg\" class=\"attachment-thumbnail size-thumbnail\" alt=\"Oficinas Naves \/ Contract Workplaces\" aria-describedby=\"gallery-1-76310\" \/><\/a>\n\t\t\t<\/div>\n\t\t\t\t<figcaption class='wp-caption-text gallery-caption' id='gallery-1-76310'>\n\t\t\t\tOficinas Naves \/ Contract Workplaces (\u00a9 Llano Fotografia)\n\t\t\t\t<\/figcaption><\/figure><figure class='gallery-item'>\n\t\t\t<div class='gallery-icon landscape'>\n\t\t\t\t<a href='https:\/\/www.arquimaster.com.ar\/web\/wp-content\/uploads\/2023\/06\/oficinas_naves3.jpg' title=\"Oficinas Naves \/ Contract Workplaces (\u00a9 Llano Fotografia)\" data-rl_title=\"Oficinas Naves \/ Contract Workplaces (\u00a9 Llano Fotografia)\" class=\"rl-gallery-link\" data-rl_caption=\"Oficinas Naves \/ Contract Workplaces (\u00a9 Llano Fotografia)\" data-rel=\"lightbox-gallery-1\"><img loading=\"lazy\" decoding=\"async\" width=\"150\" height=\"150\" src=\"https:\/\/www.arquimaster.com.ar\/web\/wp-content\/uploads\/2023\/06\/oficinas_naves3-150x150.jpg\" class=\"attachment-thumbnail size-thumbnail\" alt=\"Oficinas Naves \/ Contract Workplaces\" aria-describedby=\"gallery-1-76311\" \/><\/a>\n\t\t\t<\/div>\n\t\t\t\t<figcaption class='wp-caption-text gallery-caption' id='gallery-1-76311'>\n\t\t\t\tOficinas Naves \/ Contract Workplaces (\u00a9 Llano Fotografia)\n\t\t\t\t<\/figcaption><\/figure><figure class='gallery-item'>\n\t\t\t<div class='gallery-icon landscape'>\n\t\t\t\t<a href='https:\/\/www.arquimaster.com.ar\/web\/wp-content\/uploads\/2023\/06\/oficinas_naves4.jpg' title=\"Oficinas Naves \/ Contract Workplaces (\u00a9 Llano Fotografia)\" data-rl_title=\"Oficinas Naves \/ Contract Workplaces (\u00a9 Llano Fotografia)\" class=\"rl-gallery-link\" data-rl_caption=\"Oficinas Naves \/ Contract Workplaces (\u00a9 Llano Fotografia)\" data-rel=\"lightbox-gallery-1\"><img loading=\"lazy\" decoding=\"async\" width=\"150\" height=\"150\" src=\"https:\/\/www.arquimaster.com.ar\/web\/wp-content\/uploads\/2023\/06\/oficinas_naves4-150x150.jpg\" class=\"attachment-thumbnail size-thumbnail\" alt=\"Oficinas Naves \/ Contract Workplaces\" aria-describedby=\"gallery-1-76312\" \/><\/a>\n\t\t\t<\/div>\n\t\t\t\t<figcaption class='wp-caption-text gallery-caption' id='gallery-1-76312'>\n\t\t\t\tOficinas Naves \/ Contract Workplaces (\u00a9 Llano Fotografia)\n\t\t\t\t<\/figcaption><\/figure><figure class='gallery-item'>\n\t\t\t<div class='gallery-icon landscape'>\n\t\t\t\t<a href='https:\/\/www.arquimaster.com.ar\/web\/wp-content\/uploads\/2023\/06\/oficinas_naves5.jpg' title=\"Oficinas Naves \/ Contract Workplaces (\u00a9 Llano Fotografia)\" data-rl_title=\"Oficinas Naves \/ Contract Workplaces (\u00a9 Llano Fotografia)\" class=\"rl-gallery-link\" data-rl_caption=\"Oficinas Naves \/ Contract Workplaces (\u00a9 Llano Fotografia)\" data-rel=\"lightbox-gallery-1\"><img loading=\"lazy\" decoding=\"async\" width=\"150\" height=\"150\" src=\"https:\/\/www.arquimaster.com.ar\/web\/wp-content\/uploads\/2023\/06\/oficinas_naves5-150x150.jpg\" class=\"attachment-thumbnail size-thumbnail\" alt=\"Oficinas Naves \/ Contract Workplaces\" aria-describedby=\"gallery-1-76313\" \/><\/a>\n\t\t\t<\/div>\n\t\t\t\t<figcaption class='wp-caption-text gallery-caption' id='gallery-1-76313'>\n\t\t\t\tOficinas Naves \/ Contract Workplaces (\u00a9 Llano Fotografia)\n\t\t\t\t<\/figcaption><\/figure><figure class='gallery-item'>\n\t\t\t<div class='gallery-icon landscape'>\n\t\t\t\t<a href='https:\/\/www.arquimaster.com.ar\/web\/wp-content\/uploads\/2023\/06\/oficinas_naves6.jpg' title=\"Oficinas Naves \/ Contract Workplaces (\u00a9 Llano Fotografia)\" data-rl_title=\"Oficinas Naves \/ Contract Workplaces (\u00a9 Llano Fotografia)\" class=\"rl-gallery-link\" data-rl_caption=\"Oficinas Naves \/ Contract Workplaces (\u00a9 Llano Fotografia)\" data-rel=\"lightbox-gallery-1\"><img loading=\"lazy\" decoding=\"async\" width=\"150\" height=\"150\" src=\"https:\/\/www.arquimaster.com.ar\/web\/wp-content\/uploads\/2023\/06\/oficinas_naves6-150x150.jpg\" class=\"attachment-thumbnail size-thumbnail\" alt=\"Oficinas Naves \/ Contract Workplaces\" aria-describedby=\"gallery-1-76314\" \/><\/a>\n\t\t\t<\/div>\n\t\t\t\t<figcaption class='wp-caption-text gallery-caption' id='gallery-1-76314'>\n\t\t\t\tOficinas Naves \/ Contract Workplaces (\u00a9 Llano Fotografia)\n\t\t\t\t<\/figcaption><\/figure><figure class='gallery-item'>\n\t\t\t<div class='gallery-icon landscape'>\n\t\t\t\t<a href='https:\/\/www.arquimaster.com.ar\/web\/wp-content\/uploads\/2023\/06\/oficinas_naves7.jpg' title=\"Oficinas Naves \/ Contract Workplaces (\u00a9 Llano Fotografia)\" data-rl_title=\"Oficinas Naves \/ Contract Workplaces (\u00a9 Llano Fotografia)\" class=\"rl-gallery-link\" data-rl_caption=\"Oficinas Naves \/ Contract Workplaces (\u00a9 Llano Fotografia)\" data-rel=\"lightbox-gallery-1\"><img loading=\"lazy\" decoding=\"async\" width=\"150\" height=\"150\" src=\"https:\/\/www.arquimaster.com.ar\/web\/wp-content\/uploads\/2023\/06\/oficinas_naves7-150x150.jpg\" class=\"attachment-thumbnail size-thumbnail\" alt=\"Oficinas Naves \/ Contract Workplaces\" aria-describedby=\"gallery-1-76315\" \/><\/a>\n\t\t\t<\/div>\n\t\t\t\t<figcaption class='wp-caption-text gallery-caption' id='gallery-1-76315'>\n\t\t\t\tOficinas Naves \/ Contract Workplaces (\u00a9 Llano Fotografia)\n\t\t\t\t<\/figcaption><\/figure><figure class='gallery-item'>\n\t\t\t<div class='gallery-icon landscape'>\n\t\t\t\t<a href='https:\/\/www.arquimaster.com.ar\/web\/wp-content\/uploads\/2023\/06\/oficinas_naves8.jpg' title=\"Oficinas Naves \/ Contract Workplaces (\u00a9 Llano Fotografia)\" data-rl_title=\"Oficinas Naves \/ Contract Workplaces (\u00a9 Llano Fotografia)\" class=\"rl-gallery-link\" data-rl_caption=\"Oficinas Naves \/ Contract Workplaces (\u00a9 Llano Fotografia)\" data-rel=\"lightbox-gallery-1\"><img loading=\"lazy\" decoding=\"async\" width=\"150\" height=\"150\" src=\"https:\/\/www.arquimaster.com.ar\/web\/wp-content\/uploads\/2023\/06\/oficinas_naves8-150x150.jpg\" class=\"attachment-thumbnail size-thumbnail\" alt=\"Oficinas Naves \/ Contract Workplaces\" aria-describedby=\"gallery-1-76316\" \/><\/a>\n\t\t\t<\/div>\n\t\t\t\t<figcaption class='wp-caption-text gallery-caption' id='gallery-1-76316'>\n\t\t\t\tOficinas Naves \/ Contract Workplaces (\u00a9 Llano Fotografia)\n\t\t\t\t<\/figcaption><\/figure><figure class='gallery-item'>\n\t\t\t<div class='gallery-icon landscape'>\n\t\t\t\t<a href='https:\/\/www.arquimaster.com.ar\/web\/wp-content\/uploads\/2023\/06\/oficinas_naves9.jpg' title=\"Oficinas Naves \/ Contract Workplaces (\u00a9 Llano Fotografia)\" data-rl_title=\"Oficinas Naves \/ Contract Workplaces (\u00a9 Llano Fotografia)\" class=\"rl-gallery-link\" data-rl_caption=\"Oficinas Naves \/ Contract Workplaces (\u00a9 Llano Fotografia)\" data-rel=\"lightbox-gallery-1\"><img loading=\"lazy\" decoding=\"async\" width=\"150\" height=\"150\" src=\"https:\/\/www.arquimaster.com.ar\/web\/wp-content\/uploads\/2023\/06\/oficinas_naves9-150x150.jpg\" class=\"attachment-thumbnail size-thumbnail\" alt=\"Oficinas Naves \/ Contract Workplaces\" aria-describedby=\"gallery-1-76317\" \/><\/a>\n\t\t\t<\/div>\n\t\t\t\t<figcaption class='wp-caption-text gallery-caption' id='gallery-1-76317'>\n\t\t\t\tOficinas Naves \/ Contract Workplaces (\u00a9 Llano Fotografia)\n\t\t\t\t<\/figcaption><\/figure><figure class='gallery-item'>\n\t\t\t<div class='gallery-icon landscape'>\n\t\t\t\t<a href='https:\/\/www.arquimaster.com.ar\/web\/wp-content\/uploads\/2023\/06\/oficinas_naves10.jpg' title=\"Oficinas Naves \/ Contract Workplaces (\u00a9 Llano Fotografia)\" data-rl_title=\"Oficinas Naves \/ Contract Workplaces (\u00a9 Llano Fotografia)\" class=\"rl-gallery-link\" data-rl_caption=\"Oficinas Naves \/ Contract Workplaces (\u00a9 Llano Fotografia)\" data-rel=\"lightbox-gallery-1\"><img loading=\"lazy\" decoding=\"async\" width=\"150\" height=\"150\" src=\"https:\/\/www.arquimaster.com.ar\/web\/wp-content\/uploads\/2023\/06\/oficinas_naves10-150x150.jpg\" class=\"attachment-thumbnail size-thumbnail\" alt=\"Oficinas Naves \/ Contract Workplaces\" aria-describedby=\"gallery-1-76318\" \/><\/a>\n\t\t\t<\/div>\n\t\t\t\t<figcaption class='wp-caption-text gallery-caption' id='gallery-1-76318'>\n\t\t\t\tOficinas Naves \/ Contract Workplaces (\u00a9 Llano Fotografia)\n\t\t\t\t<\/figcaption><\/figure><figure class='gallery-item'>\n\t\t\t<div class='gallery-icon landscape'>\n\t\t\t\t<a href='https:\/\/www.arquimaster.com.ar\/web\/wp-content\/uploads\/2023\/06\/oficinas_naves11.jpg' title=\"Oficinas Naves \/ Contract Workplaces (planta)\" data-rl_title=\"Oficinas Naves \/ Contract Workplaces (planta)\" class=\"rl-gallery-link\" data-rl_caption=\"Oficinas Naves \/ Contract Workplaces (planta)\" data-rel=\"lightbox-gallery-1\"><img loading=\"lazy\" decoding=\"async\" width=\"150\" height=\"150\" src=\"https:\/\/www.arquimaster.com.ar\/web\/wp-content\/uploads\/2023\/06\/oficinas_naves11-150x150.jpg\" class=\"attachment-thumbnail size-thumbnail\" alt=\"Oficinas Naves \/ Contract Workplaces\" aria-describedby=\"gallery-1-76319\" \/><\/a>\n\t\t\t<\/div>\n\t\t\t\t<figcaption class='wp-caption-text gallery-caption' id='gallery-1-76319'>\n\t\t\t\tOficinas Naves \/ Contract Workplaces (planta)\n\t\t\t\t<\/figcaption><\/figure>\n\t\t<\/div>\n\n<p>El proyecto -que se desarroll\u00f3 sobre una planta de 597 m2 en el Edificio Torre Andina de la ciudad de Bogot\u00e1- se conceptualiz\u00f3 a partir del reconocimiento de varios factores condicionantes: la actividad econ\u00f3mica de la empresa, junto con la trayectoria y proyecci\u00f3n de la marca; la cultura organizacional y su concepto de espacio de trabajo; el estudio y an\u00e1lisis del sitio gracias al cual se determin\u00f3 la estrategia de ocupaci\u00f3n o zonificaci\u00f3n m\u00e1s eficiente para adaptar el proyecto al programa arquitect\u00f3nico requerido por el cliente.<\/p>\n<p>Esta evaluaci\u00f3n dio origen a la idea del puerto como escenario que evoca la actividad de la marca. Dentro de este contexto se reconoce una atm\u00f3sfera particular que cuenta con una gran variedad de colores y paisajes cambiantes. Esto incluye la profusi\u00f3n de la naturaleza y la biodiversidad que rodean las \u00e1reas de carga de los puertos m\u00e1s importantes del pa\u00eds, y las caracter\u00edsticas de la arquitectura tradicional caribe\u00f1a junto con las costumbres sociales que impregnan la cultura de las costas colombianas. Todas estas ideas se volcaron en el dise\u00f1o de la nueva oficina.<\/p>\n<p>La zonificaci\u00f3n de la planta se materializ\u00f3 en bandas conc\u00e9ntricas de actividades graduadas a partir del n\u00facleo central. Mientras que las \u00e1reas de trabajo privado se dispusieron en el exterior del per\u00edmetro, en la banda intermedia se ubicaron los espacios colaborativos y de reuni\u00f3n informal que transmiten la cultura caribe\u00f1a caracterizada por ser socialmente activa, ruidosa y llena de colores c\u00e1lidos que se reflejan tanto en el mobiliario como en los muros y los complementos.<\/p>\n<p>La superficie restante se dedic\u00f3 al \u00e1rea operativa configurada en open space con puestos de trabajo dedicados y espacios de concentraci\u00f3n. Aqu\u00ed se jug\u00f3 con el revestimiento de los muros con l\u00e1minas met\u00e1licas que refieren al paisaje portuario donde los contenedores de colores vivos predominan en el horizonte.<\/p>\n<p>En el v\u00e9rtice de la planta y alineado con el eje central del edificio se ubic\u00f3 el Town Hall, un espacio dedicado especialmente a la actividad social y el descanso. Este espacio cuenta con una grader\u00eda, mesas para el trabajo compartido y un Work Coffee donde se pueden realizar reuniones informales dentro de un \u00e1mbito que invita a la colaboraci\u00f3n y el intercambio de ideas.<\/p>\n<p>En cuanto a la materialidad del proyecto, el lenguaje arquitect\u00f3nico tom\u00f3 prestados del logo de la empresa sus cortes, \u00e1ngulos y curvas mediante la abstracci\u00f3n del mismo. La paleta de colores elegida tambi\u00e9n privilegi\u00f3 el azul corporativo que, junto con la gr\u00e1fica de ondas aplicada sobre los frentes vidriados de los despachos cerrados evoca el mar sobre las costas colombianas, elemento fundamental para el funcionamiento de Naves.<\/p>\n<p>El resultado es un espacio de trabajo armonioso, din\u00e1mico y vibrante que brinda una gran experiencia a los colaboradores para que contin\u00faen contribuyendo con pasi\u00f3n al desarrollo de la empresa.<\/p>\n\n\n<div style=\"height:20px\" aria-hidden=\"true\" class=\"wp-block-spacer\"><\/div>\n\n\n\n<p class=\"has-background\" style=\"background-color:#eaeaea\"><strong>Ficha t\u00e9cnica<\/strong><br>Nombre: Oficinas Naves<br>Ubicaci\u00f3n: Bogot\u00e1, Colombia<br>Proyectista: Contract Workplaces<br>Plazo de obra: 120 d\u00edas<br>Tipo de obra: Llave en mano<br>Tipo de industria: Transporte y Log\u00edstica<br>Superficie: 597 m2<br>A\u00f1o: 2022<br>Fotograf\u00edas: Llano Fotografia<br><br><strong>Contacto<\/strong><br><a href=\"https:\/\/www.contractworkplaces.com\" target=\"_blank\" rel=\"noreferrer noopener\">https:\/\/www.contractworkplaces.com<\/a><\/p>\n\n\n\n<div style=\"height:40px\" aria-hidden=\"true\" class=\"wp-block-spacer\"><\/div>\n\n<div style=\"font-size: 0px; height: 0px; line-height: 0px; margin: 0; padding: 0; clear: both;\"><\/div><div style=\"margin-top: 0px; margin-bottom: 0px;\" class=\"sharethis-inline-share-buttons\" ><\/div>","protected":false},"excerpt":{"rendered":"<p>La idea del puerto como escenario evoca la actividad de la marca&#8230;<\/p>\n","protected":false},"author":1,"featured_media":76308,"comment_status":"closed","ping_status":"closed","sticky":false,"template":"","format":"standard","meta":{"_uag_custom_page_level_css":"","footnotes":""},"categories":[76,1],"tags":[1362,1085,889,2673,1294,255,1292],"class_list":["post-76307","post","type-post","status-publish","format-standard","has-post-thumbnail","hentry","category-arquitectura-corporativa","category-proyecto","tag-arquitectura-corporativa-2","tag-bogota","tag-colombia","tag-contract-workplaces","tag-diseno-de-oficinas","tag-oficinas","tag-workplaces","generate-columns","tablet-grid-50","mobile-grid-100","grid-parent","grid-50"],"yoast_head":"<!-- This site is optimized with the Yoast SEO plugin v27.3 - https:\/\/yoast.com\/product\/yoast-seo-wordpress\/ -->\n<title>Oficinas Naves \/ Contract Workplaces - Arquimaster<\/title>\n<meta name=\"description\" content=\"La idea del puerto como escenario evoca la actividad de la marca y reconoce una atm\u00f3sfera con una gran variedad de colores y paisajes cambiantes.\" \/>\n<meta name=\"robots\" content=\"index, follow, max-snippet:-1, max-image-preview:large, max-video-preview:-1\" \/>\n<link rel=\"canonical\" href=\"https:\/\/www.arquimaster.com.ar\/web\/oficinas-naves-contract-workplaces\/\" \/>\n<meta property=\"og:locale\" content=\"es_ES\" \/>\n<meta property=\"og:type\" content=\"article\" \/>\n<meta property=\"og:title\" content=\"Oficinas Naves \/ Contract Workplaces\" \/>\n<meta property=\"og:description\" content=\"La idea del puerto como escenario evoca la actividad de la marca y reconoce una atm\u00f3sfera con una gran variedad de colores y paisajes cambiantes.\" \/>\n<meta property=\"og:url\" content=\"https:\/\/www.arquimaster.com.ar\/web\/oficinas-naves-contract-workplaces\/\" \/>\n<meta property=\"og:site_name\" content=\"Arquimaster\" \/>\n<meta property=\"article:publisher\" content=\"http:\/\/www.facebook.com\/ARQUIMASTER.com.ar\" \/>\n<meta property=\"article:published_time\" content=\"2023-06-22T22:18:47+00:00\" \/>\n<meta property=\"article:modified_time\" content=\"2023-06-22T22:18:49+00:00\" \/>\n<meta property=\"og:image\" content=\"https:\/\/www.arquimaster.com.ar\/web\/wp-content\/uploads\/2023\/06\/oficinas_naves_slide.jpg\" \/>\n\t<meta property=\"og:image:width\" content=\"698\" \/>\n\t<meta property=\"og:image:height\" content=\"364\" \/>\n\t<meta property=\"og:image:type\" content=\"image\/jpeg\" \/>\n<meta name=\"author\" content=\"Arquimaster\" \/>\n<meta name=\"twitter:card\" content=\"summary_large_image\" \/>\n<meta name=\"twitter:title\" content=\"Oficinas Naves \/ Contract Workplaces\" \/>\n<meta name=\"twitter:description\" content=\"La idea del puerto como escenario evoca la actividad de la marca y reconoce una atm\u00f3sfera con una gran variedad de colores y paisajes cambiantes.\" \/>\n<meta name=\"twitter:image\" content=\"https:\/\/www.arquimaster.com.ar\/web\/wp-content\/uploads\/2023\/06\/oficinas_naves_slide.jpg\" \/>\n<meta name=\"twitter:creator\" content=\"@arquimaster\" \/>\n<meta name=\"twitter:site\" content=\"@arquimaster\" \/>\n<meta name=\"twitter:label1\" content=\"Escrito por\" \/>\n\t<meta name=\"twitter:data1\" content=\"Arquimaster\" \/>\n\t<meta name=\"twitter:label2\" content=\"Tiempo de lectura\" \/>\n\t<meta name=\"twitter:data2\" content=\"3 minutos\" \/>\n<script type=\"application\/ld+json\" class=\"yoast-schema-graph\">{\"@context\":\"https:\\\/\\\/schema.org\",\"@graph\":[{\"@type\":\"Article\",\"@id\":\"https:\\\/\\\/www.arquimaster.com.ar\\\/web\\\/oficinas-naves-contract-workplaces\\\/#article\",\"isPartOf\":{\"@id\":\"https:\\\/\\\/www.arquimaster.com.ar\\\/web\\\/oficinas-naves-contract-workplaces\\\/\"},\"author\":{\"name\":\"Arquimaster\",\"@id\":\"https:\\\/\\\/www.arquimaster.com.ar\\\/web\\\/#\\\/schema\\\/person\\\/359e9f7c00193fcde068e0dd2ceb0028\"},\"headline\":\"Oficinas Naves \\\/ Contract Workplaces\",\"datePublished\":\"2023-06-22T22:18:47+00:00\",\"dateModified\":\"2023-06-22T22:18:49+00:00\",\"mainEntityOfPage\":{\"@id\":\"https:\\\/\\\/www.arquimaster.com.ar\\\/web\\\/oficinas-naves-contract-workplaces\\\/\"},\"wordCount\":604,\"publisher\":{\"@id\":\"https:\\\/\\\/www.arquimaster.com.ar\\\/web\\\/#organization\"},\"image\":{\"@id\":\"https:\\\/\\\/www.arquimaster.com.ar\\\/web\\\/oficinas-naves-contract-workplaces\\\/#primaryimage\"},\"thumbnailUrl\":\"https:\\\/\\\/www.arquimaster.com.ar\\\/web\\\/wp-content\\\/uploads\\\/2023\\\/06\\\/oficinas_naves_slide.jpg\",\"keywords\":[\"arquitectura corporativa\",\"Bogota\",\"Colombia\",\"Contract Workplaces\",\"dise\u00f1o de oficinas\",\"oficinas\",\"workplaces\"],\"articleSection\":[\"Arquitectura corporativa\",\"Proyecto\"],\"inLanguage\":\"es\"},{\"@type\":\"WebPage\",\"@id\":\"https:\\\/\\\/www.arquimaster.com.ar\\\/web\\\/oficinas-naves-contract-workplaces\\\/\",\"url\":\"https:\\\/\\\/www.arquimaster.com.ar\\\/web\\\/oficinas-naves-contract-workplaces\\\/\",\"name\":\"Oficinas Naves \\\/ Contract Workplaces - Arquimaster\",\"isPartOf\":{\"@id\":\"https:\\\/\\\/www.arquimaster.com.ar\\\/web\\\/#website\"},\"primaryImageOfPage\":{\"@id\":\"https:\\\/\\\/www.arquimaster.com.ar\\\/web\\\/oficinas-naves-contract-workplaces\\\/#primaryimage\"},\"image\":{\"@id\":\"https:\\\/\\\/www.arquimaster.com.ar\\\/web\\\/oficinas-naves-contract-workplaces\\\/#primaryimage\"},\"thumbnailUrl\":\"https:\\\/\\\/www.arquimaster.com.ar\\\/web\\\/wp-content\\\/uploads\\\/2023\\\/06\\\/oficinas_naves_slide.jpg\",\"datePublished\":\"2023-06-22T22:18:47+00:00\",\"dateModified\":\"2023-06-22T22:18:49+00:00\",\"description\":\"La idea del puerto como escenario evoca la actividad de la marca y reconoce una atm\u00f3sfera con una gran variedad de colores y paisajes cambiantes.\",\"breadcrumb\":{\"@id\":\"https:\\\/\\\/www.arquimaster.com.ar\\\/web\\\/oficinas-naves-contract-workplaces\\\/#breadcrumb\"},\"inLanguage\":\"es\",\"potentialAction\":[{\"@type\":\"ReadAction\",\"target\":[\"https:\\\/\\\/www.arquimaster.com.ar\\\/web\\\/oficinas-naves-contract-workplaces\\\/\"]}]},{\"@type\":\"ImageObject\",\"inLanguage\":\"es\",\"@id\":\"https:\\\/\\\/www.arquimaster.com.ar\\\/web\\\/oficinas-naves-contract-workplaces\\\/#primaryimage\",\"url\":\"https:\\\/\\\/www.arquimaster.com.ar\\\/web\\\/wp-content\\\/uploads\\\/2023\\\/06\\\/oficinas_naves_slide.jpg\",\"contentUrl\":\"https:\\\/\\\/www.arquimaster.com.ar\\\/web\\\/wp-content\\\/uploads\\\/2023\\\/06\\\/oficinas_naves_slide.jpg\",\"width\":698,\"height\":364,\"caption\":\"Oficinas Naves \\\/ Contract Workplaces\"},{\"@type\":\"BreadcrumbList\",\"@id\":\"https:\\\/\\\/www.arquimaster.com.ar\\\/web\\\/oficinas-naves-contract-workplaces\\\/#breadcrumb\",\"itemListElement\":[{\"@type\":\"ListItem\",\"position\":1,\"name\":\"Portada\",\"item\":\"https:\\\/\\\/www.arquimaster.com.ar\\\/web\\\/\"},{\"@type\":\"ListItem\",\"position\":2,\"name\":\"Oficinas Naves \\\/ Contract Workplaces\"}]},{\"@type\":\"WebSite\",\"@id\":\"https:\\\/\\\/www.arquimaster.com.ar\\\/web\\\/#website\",\"url\":\"https:\\\/\\\/www.arquimaster.com.ar\\\/web\\\/\",\"name\":\"Arquimaster\",\"description\":\"Web de arquitectura, dise\u00f1o y construccion\",\"publisher\":{\"@id\":\"https:\\\/\\\/www.arquimaster.com.ar\\\/web\\\/#organization\"},\"potentialAction\":[{\"@type\":\"SearchAction\",\"target\":{\"@type\":\"EntryPoint\",\"urlTemplate\":\"https:\\\/\\\/www.arquimaster.com.ar\\\/web\\\/?s={search_term_string}\"},\"query-input\":{\"@type\":\"PropertyValueSpecification\",\"valueRequired\":true,\"valueName\":\"search_term_string\"}}],\"inLanguage\":\"es\"},{\"@type\":\"Organization\",\"@id\":\"https:\\\/\\\/www.arquimaster.com.ar\\\/web\\\/#organization\",\"name\":\"Arquimaster\",\"url\":\"https:\\\/\\\/www.arquimaster.com.ar\\\/web\\\/\",\"logo\":{\"@type\":\"ImageObject\",\"inLanguage\":\"es\",\"@id\":\"https:\\\/\\\/www.arquimaster.com.ar\\\/web\\\/#\\\/schema\\\/logo\\\/image\\\/\",\"url\":\"https:\\\/\\\/www.arquimaster.com.ar\\\/web\\\/wp-content\\\/uploads\\\/2022\\\/06\\\/arquimaster.png\",\"contentUrl\":\"https:\\\/\\\/www.arquimaster.com.ar\\\/web\\\/wp-content\\\/uploads\\\/2022\\\/06\\\/arquimaster.png\",\"width\":594,\"height\":78,\"caption\":\"Arquimaster\"},\"image\":{\"@id\":\"https:\\\/\\\/www.arquimaster.com.ar\\\/web\\\/#\\\/schema\\\/logo\\\/image\\\/\"},\"sameAs\":[\"http:\\\/\\\/www.facebook.com\\\/ARQUIMASTER.com.ar\",\"https:\\\/\\\/x.com\\\/arquimaster\",\"https:\\\/\\\/www.instagram.com\\\/arquimasterblog\\\/\",\"https:\\\/\\\/www.linkedin.com\\\/company\\\/arquimaster\",\"https:\\\/\\\/www.pinterest.com\\\/arquimaster\",\"https:\\\/\\\/t.me\\\/arquimaster\"]},{\"@type\":\"Person\",\"@id\":\"https:\\\/\\\/www.arquimaster.com.ar\\\/web\\\/#\\\/schema\\\/person\\\/359e9f7c00193fcde068e0dd2ceb0028\",\"name\":\"Arquimaster\"}]}<\/script>\n<!-- \/ Yoast SEO plugin. -->","yoast_head_json":{"title":"Oficinas Naves \/ Contract Workplaces - Arquimaster","description":"La idea del puerto como escenario evoca la actividad de la marca y reconoce una atm\u00f3sfera con una gran variedad de colores y paisajes cambiantes.","robots":{"index":"index","follow":"follow","max-snippet":"max-snippet:-1","max-image-preview":"max-image-preview:large","max-video-preview":"max-video-preview:-1"},"canonical":"https:\/\/www.arquimaster.com.ar\/web\/oficinas-naves-contract-workplaces\/","og_locale":"es_ES","og_type":"article","og_title":"Oficinas Naves \/ Contract Workplaces","og_description":"La idea del puerto como escenario evoca la actividad de la marca y reconoce una atm\u00f3sfera con una gran variedad de colores y paisajes cambiantes.","og_url":"https:\/\/www.arquimaster.com.ar\/web\/oficinas-naves-contract-workplaces\/","og_site_name":"Arquimaster","article_publisher":"http:\/\/www.facebook.com\/ARQUIMASTER.com.ar","article_published_time":"2023-06-22T22:18:47+00:00","article_modified_time":"2023-06-22T22:18:49+00:00","og_image":[{"width":698,"height":364,"url":"https:\/\/www.arquimaster.com.ar\/web\/wp-content\/uploads\/2023\/06\/oficinas_naves_slide.jpg","type":"image\/jpeg"}],"author":"Arquimaster","twitter_card":"summary_large_image","twitter_title":"Oficinas Naves \/ Contract Workplaces","twitter_description":"La idea del puerto como escenario evoca la actividad de la marca y reconoce una atm\u00f3sfera con una gran variedad de colores y paisajes cambiantes.","twitter_image":"https:\/\/www.arquimaster.com.ar\/web\/wp-content\/uploads\/2023\/06\/oficinas_naves_slide.jpg","twitter_creator":"@arquimaster","twitter_site":"@arquimaster","twitter_misc":{"Escrito por":"Arquimaster","Tiempo de lectura":"3 minutos"},"schema":{"@context":"https:\/\/schema.org","@graph":[{"@type":"Article","@id":"https:\/\/www.arquimaster.com.ar\/web\/oficinas-naves-contract-workplaces\/#article","isPartOf":{"@id":"https:\/\/www.arquimaster.com.ar\/web\/oficinas-naves-contract-workplaces\/"},"author":{"name":"Arquimaster","@id":"https:\/\/www.arquimaster.com.ar\/web\/#\/schema\/person\/359e9f7c00193fcde068e0dd2ceb0028"},"headline":"Oficinas Naves \/ Contract Workplaces","datePublished":"2023-06-22T22:18:47+00:00","dateModified":"2023-06-22T22:18:49+00:00","mainEntityOfPage":{"@id":"https:\/\/www.arquimaster.com.ar\/web\/oficinas-naves-contract-workplaces\/"},"wordCount":604,"publisher":{"@id":"https:\/\/www.arquimaster.com.ar\/web\/#organization"},"image":{"@id":"https:\/\/www.arquimaster.com.ar\/web\/oficinas-naves-contract-workplaces\/#primaryimage"},"thumbnailUrl":"https:\/\/www.arquimaster.com.ar\/web\/wp-content\/uploads\/2023\/06\/oficinas_naves_slide.jpg","keywords":["arquitectura corporativa","Bogota","Colombia","Contract Workplaces","dise\u00f1o de oficinas","oficinas","workplaces"],"articleSection":["Arquitectura corporativa","Proyecto"],"inLanguage":"es"},{"@type":"WebPage","@id":"https:\/\/www.arquimaster.com.ar\/web\/oficinas-naves-contract-workplaces\/","url":"https:\/\/www.arquimaster.com.ar\/web\/oficinas-naves-contract-workplaces\/","name":"Oficinas Naves \/ Contract Workplaces - Arquimaster","isPartOf":{"@id":"https:\/\/www.arquimaster.com.ar\/web\/#website"},"primaryImageOfPage":{"@id":"https:\/\/www.arquimaster.com.ar\/web\/oficinas-naves-contract-workplaces\/#primaryimage"},"image":{"@id":"https:\/\/www.arquimaster.com.ar\/web\/oficinas-naves-contract-workplaces\/#primaryimage"},"thumbnailUrl":"https:\/\/www.arquimaster.com.ar\/web\/wp-content\/uploads\/2023\/06\/oficinas_naves_slide.jpg","datePublished":"2023-06-22T22:18:47+00:00","dateModified":"2023-06-22T22:18:49+00:00","description":"La idea del puerto como escenario evoca la actividad de la marca y reconoce una atm\u00f3sfera con una gran variedad de colores y paisajes cambiantes.","breadcrumb":{"@id":"https:\/\/www.arquimaster.com.ar\/web\/oficinas-naves-contract-workplaces\/#breadcrumb"},"inLanguage":"es","potentialAction":[{"@type":"ReadAction","target":["https:\/\/www.arquimaster.com.ar\/web\/oficinas-naves-contract-workplaces\/"]}]},{"@type":"ImageObject","inLanguage":"es","@id":"https:\/\/www.arquimaster.com.ar\/web\/oficinas-naves-contract-workplaces\/#primaryimage","url":"https:\/\/www.arquimaster.com.ar\/web\/wp-content\/uploads\/2023\/06\/oficinas_naves_slide.jpg","contentUrl":"https:\/\/www.arquimaster.com.ar\/web\/wp-content\/uploads\/2023\/06\/oficinas_naves_slide.jpg","width":698,"height":364,"caption":"Oficinas Naves \/ Contract Workplaces"},{"@type":"BreadcrumbList","@id":"https:\/\/www.arquimaster.com.ar\/web\/oficinas-naves-contract-workplaces\/#breadcrumb","itemListElement":[{"@type":"ListItem","position":1,"name":"Portada","item":"https:\/\/www.arquimaster.com.ar\/web\/"},{"@type":"ListItem","position":2,"name":"Oficinas Naves \/ Contract Workplaces"}]},{"@type":"WebSite","@id":"https:\/\/www.arquimaster.com.ar\/web\/#website","url":"https:\/\/www.arquimaster.com.ar\/web\/","name":"Arquimaster","description":"Web de arquitectura, dise\u00f1o y construccion","publisher":{"@id":"https:\/\/www.arquimaster.com.ar\/web\/#organization"},"potentialAction":[{"@type":"SearchAction","target":{"@type":"EntryPoint","urlTemplate":"https:\/\/www.arquimaster.com.ar\/web\/?s={search_term_string}"},"query-input":{"@type":"PropertyValueSpecification","valueRequired":true,"valueName":"search_term_string"}}],"inLanguage":"es"},{"@type":"Organization","@id":"https:\/\/www.arquimaster.com.ar\/web\/#organization","name":"Arquimaster","url":"https:\/\/www.arquimaster.com.ar\/web\/","logo":{"@type":"ImageObject","inLanguage":"es","@id":"https:\/\/www.arquimaster.com.ar\/web\/#\/schema\/logo\/image\/","url":"https:\/\/www.arquimaster.com.ar\/web\/wp-content\/uploads\/2022\/06\/arquimaster.png","contentUrl":"https:\/\/www.arquimaster.com.ar\/web\/wp-content\/uploads\/2022\/06\/arquimaster.png","width":594,"height":78,"caption":"Arquimaster"},"image":{"@id":"https:\/\/www.arquimaster.com.ar\/web\/#\/schema\/logo\/image\/"},"sameAs":["http:\/\/www.facebook.com\/ARQUIMASTER.com.ar","https:\/\/x.com\/arquimaster","https:\/\/www.instagram.com\/arquimasterblog\/","https:\/\/www.linkedin.com\/company\/arquimaster","https:\/\/www.pinterest.com\/arquimaster","https:\/\/t.me\/arquimaster"]},{"@type":"Person","@id":"https:\/\/www.arquimaster.com.ar\/web\/#\/schema\/person\/359e9f7c00193fcde068e0dd2ceb0028","name":"Arquimaster"}]}},"uagb_featured_image_src":{"full":["https:\/\/www.arquimaster.com.ar\/web\/wp-content\/uploads\/2023\/06\/oficinas_naves_slide.jpg",698,364,false],"thumbnail":["https:\/\/www.arquimaster.com.ar\/web\/wp-content\/uploads\/2023\/06\/oficinas_naves_slide-150x150.jpg",150,150,true],"medium":["https:\/\/www.arquimaster.com.ar\/web\/wp-content\/uploads\/2023\/06\/oficinas_naves_slide.jpg",698,364,false],"medium_large":["https:\/\/www.arquimaster.com.ar\/web\/wp-content\/uploads\/2023\/06\/oficinas_naves_slide.jpg",698,364,false],"large":["https:\/\/www.arquimaster.com.ar\/web\/wp-content\/uploads\/2023\/06\/oficinas_naves_slide.jpg",698,364,false],"1536x1536":["https:\/\/www.arquimaster.com.ar\/web\/wp-content\/uploads\/2023\/06\/oficinas_naves_slide.jpg",698,364,false],"2048x2048":["https:\/\/www.arquimaster.com.ar\/web\/wp-content\/uploads\/2023\/06\/oficinas_naves_slide.jpg",698,364,false]},"uagb_author_info":{"display_name":"Arquimaster","author_link":"https:\/\/www.arquimaster.com.ar\/web\/author\/arquimaster\/"},"uagb_comment_info":0,"uagb_excerpt":"La idea del puerto como escenario evoca la actividad de la marca...","_links":{"self":[{"href":"https:\/\/www.arquimaster.com.ar\/web\/wp-json\/wp\/v2\/posts\/76307","targetHints":{"allow":["GET"]}}],"collection":[{"href":"https:\/\/www.arquimaster.com.ar\/web\/wp-json\/wp\/v2\/posts"}],"about":[{"href":"https:\/\/www.arquimaster.com.ar\/web\/wp-json\/wp\/v2\/types\/post"}],"author":[{"embeddable":true,"href":"https:\/\/www.arquimaster.com.ar\/web\/wp-json\/wp\/v2\/users\/1"}],"replies":[{"embeddable":true,"href":"https:\/\/www.arquimaster.com.ar\/web\/wp-json\/wp\/v2\/comments?post=76307"}],"version-history":[{"count":1,"href":"https:\/\/www.arquimaster.com.ar\/web\/wp-json\/wp\/v2\/posts\/76307\/revisions"}],"predecessor-version":[{"id":76320,"href":"https:\/\/www.arquimaster.com.ar\/web\/wp-json\/wp\/v2\/posts\/76307\/revisions\/76320"}],"wp:featuredmedia":[{"embeddable":true,"href":"https:\/\/www.arquimaster.com.ar\/web\/wp-json\/wp\/v2\/media\/76308"}],"wp:attachment":[{"href":"https:\/\/www.arquimaster.com.ar\/web\/wp-json\/wp\/v2\/media?parent=76307"}],"wp:term":[{"taxonomy":"category","embeddable":true,"href":"https:\/\/www.arquimaster.com.ar\/web\/wp-json\/wp\/v2\/categories?post=76307"},{"taxonomy":"post_tag","embeddable":true,"href":"https:\/\/www.arquimaster.com.ar\/web\/wp-json\/wp\/v2\/tags?post=76307"}],"curies":[{"name":"wp","href":"https:\/\/api.w.org\/{rel}","templated":true}]}}