{"id":7650,"date":"2014-06-01T22:48:45","date_gmt":"2014-06-01T22:48:45","guid":{"rendered":"http:\/\/www.arquimaster.com.ar\/web\/?p=7650"},"modified":"2026-03-28T18:39:56","modified_gmt":"2026-03-28T21:39:56","slug":"el-gran-museo-del-mundo-maya-gana-la-xii-bienal-internacional-de-arquitectura-de-costa-rica","status":"publish","type":"post","link":"https:\/\/www.arquimaster.com.ar\/web\/el-gran-museo-del-mundo-maya-gana-la-xii-bienal-internacional-de-arquitectura-de-costa-rica\/","title":{"rendered":"El Gran Museo del Mundo Maya gana la XII Bienal Internacional de Arquitectura de Costa Rica"},"content":{"rendered":"<div style=\"margin-top: 0px; margin-bottom: 0px;\" class=\"sharethis-inline-share-buttons\" ><\/div><div class=\"b812932af2e751442846f039925109de\" data-index=\"1\" style=\"float: none; margin:25px 0 25px 0; text-align:center;\">\n<script async src=\"https:\/\/pagead2.googlesyndication.com\/pagead\/js\/adsbygoogle.js\"><\/script>\r\n<!-- Arquimaster (superior) -->\r\n<ins class=\"adsbygoogle\"\r\n     style=\"display:block\"\r\n     data-ad-client=\"ca-pub-6351072698456832\"\r\n     data-ad-slot=\"6455489680\"\r\n     data-ad-format=\"auto\"\r\n     data-full-width-responsive=\"true\"><\/ins>\r\n<script>\r\n     (adsbygoogle = window.adsbygoogle || []).push({});\r\n<\/script>\n<\/div>\n<p><em><strong>Entre mas de 200 trabajos de 17 pa\u00edses presentados en el marco de la XII Bienal Internacional de Arquitectura de Costa Rica, M\u00e9xico obtuvo el Gran Premio Internacional con el dise\u00f1o del Gran Museo del Mundo Maya. La ceremonia de premiaci\u00f3n se llev\u00f3 a cabo el pasado s\u00e1bado 17 de mayo de 2014 en San Jos\u00e9, Costa Rica, a la cual asisti\u00f3 la Arquitecta Josefina Rivas en representaci\u00f3n del equipo para recibir el reconocimiento. El jurado otorg\u00f3 el Gran Premio Internacional de la XII Bienal al Gran Museo del Mundo Maya.<\/strong><\/em><\/p>\n<div id='gallery-1' class='gallery galleryid-7650 gallery-columns-3 gallery-size-thumbnail'><figure class='gallery-item'>\n\t\t\t<div class='gallery-icon landscape'>\n\t\t\t\t<a href='https:\/\/www.arquimaster.com.ar\/web\/wp-content\/uploads\/2014\/06\/arquitecture_bienal_cr1.jpg' title=\"El Gran Museo del Mundo Maya gana la XII Bienal Internacional de Arquitectura de Costa Rica\" data-rl_title=\"El Gran Museo del Mundo Maya gana la XII Bienal Internacional de Arquitectura de Costa Rica\" class=\"rl-gallery-link\" data-rl_caption=\"El Gran Museo del Mundo Maya gana la XII Bienal Internacional de Arquitectura de Costa Rica\" data-rel=\"lightbox-gallery-1\"><img loading=\"lazy\" decoding=\"async\" width=\"150\" height=\"150\" src=\"https:\/\/www.arquimaster.com.ar\/web\/wp-content\/uploads\/2014\/06\/arquitecture_bienal_cr1-150x150.jpg\" class=\"attachment-thumbnail size-thumbnail\" alt=\"\" aria-describedby=\"gallery-1-7652\" srcset=\"https:\/\/www.arquimaster.com.ar\/web\/wp-content\/uploads\/2014\/06\/arquitecture_bienal_cr1-150x150.jpg 150w, https:\/\/www.arquimaster.com.ar\/web\/wp-content\/uploads\/2014\/06\/arquitecture_bienal_cr1-50x50.jpg 50w, https:\/\/www.arquimaster.com.ar\/web\/wp-content\/uploads\/2014\/06\/arquitecture_bienal_cr1-125x125.jpg 125w\" sizes=\"auto, (max-width: 150px) 100vw, 150px\" \/><\/a>\n\t\t\t<\/div>\n\t\t\t\t<figcaption class='wp-caption-text gallery-caption' id='gallery-1-7652'>\n\t\t\t\tEl Gran Museo del Mundo Maya gana la XII Bienal Internacional de Arquitectura de Costa Rica\n\t\t\t\t<\/figcaption><\/figure><figure class='gallery-item'>\n\t\t\t<div class='gallery-icon landscape'>\n\t\t\t\t<a href='https:\/\/www.arquimaster.com.ar\/web\/wp-content\/uploads\/2014\/06\/arquitecture_bienal_cr2.jpg' title=\"El Gran Museo del Mundo Maya gana la XII Bienal Internacional de Arquitectura de Costa Rica\" data-rl_title=\"El Gran Museo del Mundo Maya gana la XII Bienal Internacional de Arquitectura de Costa Rica\" class=\"rl-gallery-link\" data-rl_caption=\"El Gran Museo del Mundo Maya gana la XII Bienal Internacional de Arquitectura de Costa Rica\" data-rel=\"lightbox-gallery-1\"><img loading=\"lazy\" decoding=\"async\" width=\"150\" height=\"150\" src=\"https:\/\/www.arquimaster.com.ar\/web\/wp-content\/uploads\/2014\/06\/arquitecture_bienal_cr2-150x150.jpg\" class=\"attachment-thumbnail size-thumbnail\" alt=\"\" aria-describedby=\"gallery-1-7653\" srcset=\"https:\/\/www.arquimaster.com.ar\/web\/wp-content\/uploads\/2014\/06\/arquitecture_bienal_cr2-150x150.jpg 150w, https:\/\/www.arquimaster.com.ar\/web\/wp-content\/uploads\/2014\/06\/arquitecture_bienal_cr2-50x50.jpg 50w, https:\/\/www.arquimaster.com.ar\/web\/wp-content\/uploads\/2014\/06\/arquitecture_bienal_cr2-125x125.jpg 125w\" sizes=\"auto, (max-width: 150px) 100vw, 150px\" \/><\/a>\n\t\t\t<\/div>\n\t\t\t\t<figcaption class='wp-caption-text gallery-caption' id='gallery-1-7653'>\n\t\t\t\tEl Gran Museo del Mundo Maya gana la XII Bienal Internacional de Arquitectura de Costa Rica\n\t\t\t\t<\/figcaption><\/figure><figure class='gallery-item'>\n\t\t\t<div class='gallery-icon landscape'>\n\t\t\t\t<a href='https:\/\/www.arquimaster.com.ar\/web\/wp-content\/uploads\/2014\/06\/arquitecture_bienal_cr3.jpg' title=\"El Gran Museo del Mundo Maya gana la XII Bienal Internacional de Arquitectura de Costa Rica\" data-rl_title=\"El Gran Museo del Mundo Maya gana la XII Bienal Internacional de Arquitectura de Costa Rica\" class=\"rl-gallery-link\" data-rl_caption=\"El Gran Museo del Mundo Maya gana la XII Bienal Internacional de Arquitectura de Costa Rica\" data-rel=\"lightbox-gallery-1\"><img loading=\"lazy\" decoding=\"async\" width=\"150\" height=\"150\" src=\"https:\/\/www.arquimaster.com.ar\/web\/wp-content\/uploads\/2014\/06\/arquitecture_bienal_cr3-150x150.jpg\" class=\"attachment-thumbnail size-thumbnail\" alt=\"\" aria-describedby=\"gallery-1-7654\" srcset=\"https:\/\/www.arquimaster.com.ar\/web\/wp-content\/uploads\/2014\/06\/arquitecture_bienal_cr3-150x150.jpg 150w, https:\/\/www.arquimaster.com.ar\/web\/wp-content\/uploads\/2014\/06\/arquitecture_bienal_cr3-50x50.jpg 50w, https:\/\/www.arquimaster.com.ar\/web\/wp-content\/uploads\/2014\/06\/arquitecture_bienal_cr3-125x125.jpg 125w\" sizes=\"auto, (max-width: 150px) 100vw, 150px\" \/><\/a>\n\t\t\t<\/div>\n\t\t\t\t<figcaption class='wp-caption-text gallery-caption' id='gallery-1-7654'>\n\t\t\t\tEl Gran Museo del Mundo Maya gana la XII Bienal Internacional de Arquitectura de Costa Rica\n\t\t\t\t<\/figcaption><\/figure><figure class='gallery-item'>\n\t\t\t<div class='gallery-icon portrait'>\n\t\t\t\t<a href='https:\/\/www.arquimaster.com.ar\/web\/wp-content\/uploads\/2014\/06\/arquitecture_bienal_cr4.jpg' title=\"El Gran Museo del Mundo Maya gana la XII Bienal Internacional de Arquitectura de Costa Rica\" data-rl_title=\"El Gran Museo del Mundo Maya gana la XII Bienal Internacional de Arquitectura de Costa Rica\" class=\"rl-gallery-link\" data-rl_caption=\"El Gran Museo del Mundo Maya gana la XII Bienal Internacional de Arquitectura de Costa Rica\" data-rel=\"lightbox-gallery-1\"><img loading=\"lazy\" decoding=\"async\" width=\"150\" height=\"150\" src=\"https:\/\/www.arquimaster.com.ar\/web\/wp-content\/uploads\/2014\/06\/arquitecture_bienal_cr4-150x150.jpg\" class=\"attachment-thumbnail size-thumbnail\" alt=\"\" aria-describedby=\"gallery-1-7655\" srcset=\"https:\/\/www.arquimaster.com.ar\/web\/wp-content\/uploads\/2014\/06\/arquitecture_bienal_cr4-150x150.jpg 150w, https:\/\/www.arquimaster.com.ar\/web\/wp-content\/uploads\/2014\/06\/arquitecture_bienal_cr4-50x50.jpg 50w, https:\/\/www.arquimaster.com.ar\/web\/wp-content\/uploads\/2014\/06\/arquitecture_bienal_cr4-125x125.jpg 125w\" sizes=\"auto, (max-width: 150px) 100vw, 150px\" \/><\/a>\n\t\t\t<\/div>\n\t\t\t\t<figcaption class='wp-caption-text gallery-caption' id='gallery-1-7655'>\n\t\t\t\tEl Gran Museo del Mundo Maya gana la XII Bienal Internacional de Arquitectura de Costa Rica\n\t\t\t\t<\/figcaption><\/figure><figure class='gallery-item'>\n\t\t\t<div class='gallery-icon landscape'>\n\t\t\t\t<a href='https:\/\/www.arquimaster.com.ar\/web\/wp-content\/uploads\/2014\/06\/arquitecture_bienal_cr5.jpg' title=\"El Gran Museo del Mundo Maya gana la XII Bienal Internacional de Arquitectura de Costa Rica\" data-rl_title=\"El Gran Museo del Mundo Maya gana la XII Bienal Internacional de Arquitectura de Costa Rica\" class=\"rl-gallery-link\" data-rl_caption=\"El Gran Museo del Mundo Maya gana la XII Bienal Internacional de Arquitectura de Costa Rica\" data-rel=\"lightbox-gallery-1\"><img loading=\"lazy\" decoding=\"async\" width=\"150\" height=\"150\" src=\"https:\/\/www.arquimaster.com.ar\/web\/wp-content\/uploads\/2014\/06\/arquitecture_bienal_cr5-150x150.jpg\" class=\"attachment-thumbnail size-thumbnail\" alt=\"\" aria-describedby=\"gallery-1-7656\" srcset=\"https:\/\/www.arquimaster.com.ar\/web\/wp-content\/uploads\/2014\/06\/arquitecture_bienal_cr5-150x150.jpg 150w, https:\/\/www.arquimaster.com.ar\/web\/wp-content\/uploads\/2014\/06\/arquitecture_bienal_cr5-50x50.jpg 50w, https:\/\/www.arquimaster.com.ar\/web\/wp-content\/uploads\/2014\/06\/arquitecture_bienal_cr5-125x125.jpg 125w\" sizes=\"auto, (max-width: 150px) 100vw, 150px\" \/><\/a>\n\t\t\t<\/div>\n\t\t\t\t<figcaption class='wp-caption-text gallery-caption' id='gallery-1-7656'>\n\t\t\t\tEl Gran Museo del Mundo Maya gana la XII Bienal Internacional de Arquitectura de Costa Rica\n\t\t\t\t<\/figcaption><\/figure>\n\t\t<\/div>\n\n<p>Esta magn\u00edfica y singular pieza arquitect\u00f3nica, cargada de simbolismo, originalidad y car\u00e1cter, resulta una expresi\u00f3n contempor\u00e1nea de lo que los mayas veneraron, no de lo que los mayas construyeron. Se inspira en el concepto maya de la creaci\u00f3n del mundo, a partir del \u00e1rbol de la ceiba y tres piedras. En su conjunto, las ra\u00edces le corresponden, entre otras, las \u00e1reas de investigaci\u00f3n y estudio del gran acervo arqueol\u00f3gico y el estacionamiento; al tronco, el vest\u00edbulo principal, taquillas salas de exposiciones, restaurante, terraza, bar, estancia infantil; y dentro de la \u00abfronda de la ceiba\u00bb la administraci\u00f3n y sala de cine. Gran parte de su superficie cuenta con ventilaci\u00f3n e iluminaci\u00f3n natural y sistemas pasivos de confort. La accesibilidad universal est\u00e1 presente en todos sus espacios.<\/p>\n<p>Durante la <strong>Bienal de Costa Rica<\/strong> efectuada del 14 al 17 de mayo de 2014 en el Museo de los Ni\u00f1os, empresas relacionadas con el ramo del dise\u00f1o y la construcci\u00f3n entregaron tambi\u00e9n diversos reconocimientos a las mejores obras arquitect\u00f3nicas, destacando nuevamente el Museo con dos galardones. La empresa <strong>Comex<\/strong> eligi\u00f3 al Museo como ganador del <strong>Premio Comex del Color en la Categor\u00eda Profesional<\/strong>, por el lenguaje refinado y contundente de la aplicaci\u00f3n del color, respetando la propuesta del dise\u00f1o arquitect\u00f3nico, aplicando las dos grandes variables crom\u00e1ticas: pigmento y luz.<\/p>\n<p>La <strong>Revista Domus<\/strong> M\u00e9xico, Am\u00e9rica Central y el Caribe otorg\u00f3 el <strong>Premio al Mejor Dise\u00f1o Arquitectonico Humanizado<\/strong> (Arquitectura y Dise\u00f1o Humanista), se\u00f1alando que es un Museo incluyente, dise\u00f1ado para que cada usuario se apropie del espacio: una rampa tejida en la escalinata, un elevador a nivel de banqueta y otro en el estacionamiento para que todos accedan con la misma dignidad, se\u00f1alizaci\u00f3n en braille, todas las facilidades en circulaciones y sanitarios para adultos mayores o personas con capacidades diferentes, espacios de descanso mientras se realiza el recorrido, espacios para los trabajadores que mejoren su calidad de vida, \u00e1reas dise\u00f1adas para instalaciones y personas que las operan, confiri\u00e9ndoles la misma importancia que a los visitantes.<\/p>\n<p>El <strong>Gran Museo del Mundo Maya<\/strong> genera en su propuesta una gran plataforma que desplanta al Museo como el nuevo centro ceremonial de la cultura Maya, revestida con piedra de la regi\u00f3n, representa las ra\u00edces y el material de nuestra tierra. Conforme se va subiendo, escal\u00f3n tras escal\u00f3n, la perspectiva cambia y los edificios se van descubriendo, recreando las sensaciones de los sitios mayas. Tres grandes piedras (salas de exposici\u00f3n, restaurante\/tienda de recuerdos y estancia infantil\/relaciones p\u00fablicas) construidas con paneles precolados de concreto, nuestra piedra contempor\u00e1nea, conforman el nivel de la vida cotidiana bajo la sombra de la Ceiba.<\/p>\n<p>Los faldones de precolados rinden homenaje a los templos mayas con sus proporciones y cumplen diferentes funciones: durante el d\u00eda sombrean las circulaciones y los muros evitando as\u00ed la ganancia t\u00e9rmica en las salas de exposici\u00f3n y por las noches se convierten en grandes pantallas para las proyecciones del espect\u00e1culo multimedia. El volumen que conforma la fronda de la Ceiba -ubicado sobre el eje oriente-poniente- se construye con acero y cristal, materiales que marcan la tendencia hacia el futuro, alberga los espacios de promoci\u00f3n y discusi\u00f3n del legado y trascendencia de esta cultura milenaria. El follaje se extienden hacia el cielo, enviando un mensaje de desarrollo y evoluci\u00f3n a los que hoy somos parte de esta cultura. El homenaje a la cultura Maya va mas all\u00e1 de las formas y expresiones arquitect\u00f3nicas, se concentra en las funciones y en la calidad espacial para quienes usan y viven el Museo.<\/p>\n<p>El proyecto de este museo fue realizado, adem\u00e1s de <strong>Josefina Rivas<\/strong>, por los arquitectos <strong>Ricardo Combaluzier<\/strong>, <strong>Enrique Duarte<\/strong> y <strong>William Ram\u00edrez<\/strong>, la direcci\u00f3n del proyecto museogr\u00e1fico estuvo a cargo del Arq. <strong>Jos\u00e9 Enrique Ortiz Lanz<\/strong> y el espect\u00e1culo multimedia es creaci\u00f3n del artista<strong> Xavier De Richemont<\/strong>.<\/p>\n<p><strong>Fotos<\/strong><br \/>\n1) La Arq. Josefina Rivas recibe el reconocimiento de la Bienal en representaci\u00f3n del equipo de dise\u00f1o. En la imagen con los miembros del jurado Arquitectos Alberto Negrini, Eduardo Elkous, Jos\u00e9 Luis Salinas, Mar\u00eda de los \u00c1ngeles Barahona y Gustavo Aguilar.<br \/>\n2) Jard\u00edn de los vestigios, acceso al Gran Museo del Mundo Maya (Fotograf\u00eda: H\u00e9ctor Velasco).<br \/>\n3) La Revista Domus M\u00e9xico, Am\u00e9rica Central y el Caribe reconoci\u00f3 al Gran Museo del Mundo Maya por su Arquitectura y Dise\u00f1o Humanista (Fotograf\u00eda: Tamara Uribe).<br \/>\n4) Acceso al Gran Museo del Mundo Maya (Fotograf\u00eda: H\u00e9ctor Velasco).<br \/>\n5) Vest\u00edbulo y cafeter\u00eda de la Sala de cine Mayamax (Fotograf\u00eda: David Cervera).<\/p>\n\n<div style=\"font-size: 0px; height: 0px; line-height: 0px; margin: 0; padding: 0; clear: both;\"><\/div><div style=\"margin-top: 0px; margin-bottom: 0px;\" class=\"sharethis-inline-share-buttons\" ><\/div>","protected":false},"excerpt":{"rendered":"<p>El jurado otorg\u00f3 el Gran Premio Internacional de la XII Bienal al Gran Museo del Mundo Maya&#8230;<\/p>\n","protected":false},"author":1,"featured_media":7651,"comment_status":"closed","ping_status":"closed","sticky":false,"template":"","format":"standard","meta":{"_uag_custom_page_level_css":"","footnotes":""},"categories":[70,68],"tags":[467,2071,687,2075,2069,2070,2077,2073,24,2072,2074,2076,2078],"class_list":["post-7650","post","type-post","status-publish","format-standard","has-post-thumbnail","hentry","category-noticias-arquitectura","category-novedades","tag-bienal","tag-comex","tag-costa-rica","tag-enrique-duarte","tag-gran-museo-del-mundo-maya","tag-grupo-arquidecture","tag-jose-enrique-ortiz-lanz","tag-josefina-rivas","tag-mexico","tag-revista-domus","tag-ricardo-combaluzier","tag-william-ramirez","tag-xavier-de-richemont","generate-columns","tablet-grid-50","mobile-grid-100","grid-parent","grid-50"],"yoast_head":"<!-- This site is optimized with the Yoast SEO plugin v27.3 - https:\/\/yoast.com\/product\/yoast-seo-wordpress\/ -->\n<title>El Gran Museo del Mundo Maya gana la XII Bienal Internacional de Arquitectura de Costa Rica - Arquimaster<\/title>\n<meta name=\"robots\" content=\"index, follow, max-snippet:-1, max-image-preview:large, max-video-preview:-1\" \/>\n<link rel=\"canonical\" href=\"https:\/\/www.arquimaster.com.ar\/web\/el-gran-museo-del-mundo-maya-gana-la-xii-bienal-internacional-de-arquitectura-de-costa-rica\/\" \/>\n<meta property=\"og:locale\" content=\"es_ES\" \/>\n<meta property=\"og:type\" content=\"article\" \/>\n<meta property=\"og:title\" content=\"El Gran Museo del Mundo Maya gana la XII Bienal Internacional de Arquitectura de Costa Rica - Arquimaster\" \/>\n<meta property=\"og:description\" content=\"El jurado otorg\u00f3 el Gran Premio Internacional de la XII Bienal al Gran Museo del Mundo Maya...\" \/>\n<meta property=\"og:url\" content=\"https:\/\/www.arquimaster.com.ar\/web\/el-gran-museo-del-mundo-maya-gana-la-xii-bienal-internacional-de-arquitectura-de-costa-rica\/\" \/>\n<meta property=\"og:site_name\" content=\"Arquimaster\" \/>\n<meta property=\"article:publisher\" content=\"http:\/\/www.facebook.com\/ARQUIMASTER.com.ar\" \/>\n<meta property=\"article:published_time\" content=\"2014-06-01T22:48:45+00:00\" \/>\n<meta property=\"article:modified_time\" content=\"2026-03-28T21:39:56+00:00\" \/>\n<meta property=\"og:image\" content=\"https:\/\/www.arquimaster.com.ar\/web\/wp-content\/uploads\/2014\/06\/arquitecture_bienal_cr_slide.jpg\" \/>\n\t<meta property=\"og:image:width\" content=\"642\" \/>\n\t<meta property=\"og:image:height\" content=\"336\" \/>\n\t<meta property=\"og:image:type\" content=\"image\/jpeg\" \/>\n<meta name=\"author\" content=\"Arquimaster\" \/>\n<meta name=\"twitter:card\" content=\"summary_large_image\" \/>\n<meta name=\"twitter:creator\" content=\"@arquimaster\" \/>\n<meta name=\"twitter:site\" content=\"@arquimaster\" \/>\n<meta name=\"twitter:label1\" content=\"Escrito por\" \/>\n\t<meta name=\"twitter:data1\" content=\"Arquimaster\" \/>\n\t<meta name=\"twitter:label2\" content=\"Tiempo de lectura\" \/>\n\t<meta name=\"twitter:data2\" content=\"4 minutos\" \/>\n<script type=\"application\/ld+json\" class=\"yoast-schema-graph\">{\"@context\":\"https:\\\/\\\/schema.org\",\"@graph\":[{\"@type\":\"Article\",\"@id\":\"https:\\\/\\\/www.arquimaster.com.ar\\\/web\\\/el-gran-museo-del-mundo-maya-gana-la-xii-bienal-internacional-de-arquitectura-de-costa-rica\\\/#article\",\"isPartOf\":{\"@id\":\"https:\\\/\\\/www.arquimaster.com.ar\\\/web\\\/el-gran-museo-del-mundo-maya-gana-la-xii-bienal-internacional-de-arquitectura-de-costa-rica\\\/\"},\"author\":{\"name\":\"Arquimaster\",\"@id\":\"https:\\\/\\\/www.arquimaster.com.ar\\\/web\\\/#\\\/schema\\\/person\\\/359e9f7c00193fcde068e0dd2ceb0028\"},\"headline\":\"El Gran Museo del Mundo Maya gana la XII Bienal Internacional de Arquitectura de Costa Rica\",\"datePublished\":\"2014-06-01T22:48:45+00:00\",\"dateModified\":\"2026-03-28T21:39:56+00:00\",\"mainEntityOfPage\":{\"@id\":\"https:\\\/\\\/www.arquimaster.com.ar\\\/web\\\/el-gran-museo-del-mundo-maya-gana-la-xii-bienal-internacional-de-arquitectura-de-costa-rica\\\/\"},\"wordCount\":906,\"publisher\":{\"@id\":\"https:\\\/\\\/www.arquimaster.com.ar\\\/web\\\/#organization\"},\"image\":{\"@id\":\"https:\\\/\\\/www.arquimaster.com.ar\\\/web\\\/el-gran-museo-del-mundo-maya-gana-la-xii-bienal-internacional-de-arquitectura-de-costa-rica\\\/#primaryimage\"},\"thumbnailUrl\":\"https:\\\/\\\/www.arquimaster.com.ar\\\/web\\\/wp-content\\\/uploads\\\/2014\\\/06\\\/arquitecture_bienal_cr_slide.jpg\",\"keywords\":[\"bienal\",\"Comex\",\"Costa Rica\",\"Enrique Duarte\",\"Gran Museo del Mundo Maya\",\"Grupo Arquidecture\",\"Jos\u00e9 Enrique Ortiz Lanz\",\"Josefina Rivas\",\"Mexico\",\"Revista Domus\",\"Ricardo Combaluzier\",\"William Ram\u00edrez\",\"Xavier De Richemont\"],\"articleSection\":[\"Noticias de arquitectura y dise\u00f1o\",\"Novedades\"],\"inLanguage\":\"es\"},{\"@type\":\"WebPage\",\"@id\":\"https:\\\/\\\/www.arquimaster.com.ar\\\/web\\\/el-gran-museo-del-mundo-maya-gana-la-xii-bienal-internacional-de-arquitectura-de-costa-rica\\\/\",\"url\":\"https:\\\/\\\/www.arquimaster.com.ar\\\/web\\\/el-gran-museo-del-mundo-maya-gana-la-xii-bienal-internacional-de-arquitectura-de-costa-rica\\\/\",\"name\":\"El Gran Museo del Mundo Maya gana la XII Bienal Internacional de Arquitectura de Costa Rica - Arquimaster\",\"isPartOf\":{\"@id\":\"https:\\\/\\\/www.arquimaster.com.ar\\\/web\\\/#website\"},\"primaryImageOfPage\":{\"@id\":\"https:\\\/\\\/www.arquimaster.com.ar\\\/web\\\/el-gran-museo-del-mundo-maya-gana-la-xii-bienal-internacional-de-arquitectura-de-costa-rica\\\/#primaryimage\"},\"image\":{\"@id\":\"https:\\\/\\\/www.arquimaster.com.ar\\\/web\\\/el-gran-museo-del-mundo-maya-gana-la-xii-bienal-internacional-de-arquitectura-de-costa-rica\\\/#primaryimage\"},\"thumbnailUrl\":\"https:\\\/\\\/www.arquimaster.com.ar\\\/web\\\/wp-content\\\/uploads\\\/2014\\\/06\\\/arquitecture_bienal_cr_slide.jpg\",\"datePublished\":\"2014-06-01T22:48:45+00:00\",\"dateModified\":\"2026-03-28T21:39:56+00:00\",\"breadcrumb\":{\"@id\":\"https:\\\/\\\/www.arquimaster.com.ar\\\/web\\\/el-gran-museo-del-mundo-maya-gana-la-xii-bienal-internacional-de-arquitectura-de-costa-rica\\\/#breadcrumb\"},\"inLanguage\":\"es\",\"potentialAction\":[{\"@type\":\"ReadAction\",\"target\":[\"https:\\\/\\\/www.arquimaster.com.ar\\\/web\\\/el-gran-museo-del-mundo-maya-gana-la-xii-bienal-internacional-de-arquitectura-de-costa-rica\\\/\"]}]},{\"@type\":\"ImageObject\",\"inLanguage\":\"es\",\"@id\":\"https:\\\/\\\/www.arquimaster.com.ar\\\/web\\\/el-gran-museo-del-mundo-maya-gana-la-xii-bienal-internacional-de-arquitectura-de-costa-rica\\\/#primaryimage\",\"url\":\"https:\\\/\\\/www.arquimaster.com.ar\\\/web\\\/wp-content\\\/uploads\\\/2014\\\/06\\\/arquitecture_bienal_cr_slide.jpg\",\"contentUrl\":\"https:\\\/\\\/www.arquimaster.com.ar\\\/web\\\/wp-content\\\/uploads\\\/2014\\\/06\\\/arquitecture_bienal_cr_slide.jpg\",\"width\":642,\"height\":336},{\"@type\":\"BreadcrumbList\",\"@id\":\"https:\\\/\\\/www.arquimaster.com.ar\\\/web\\\/el-gran-museo-del-mundo-maya-gana-la-xii-bienal-internacional-de-arquitectura-de-costa-rica\\\/#breadcrumb\",\"itemListElement\":[{\"@type\":\"ListItem\",\"position\":1,\"name\":\"Portada\",\"item\":\"https:\\\/\\\/www.arquimaster.com.ar\\\/web\\\/\"},{\"@type\":\"ListItem\",\"position\":2,\"name\":\"El Gran Museo del Mundo Maya gana la XII Bienal Internacional de Arquitectura de Costa Rica\"}]},{\"@type\":\"WebSite\",\"@id\":\"https:\\\/\\\/www.arquimaster.com.ar\\\/web\\\/#website\",\"url\":\"https:\\\/\\\/www.arquimaster.com.ar\\\/web\\\/\",\"name\":\"Arquimaster\",\"description\":\"Web de arquitectura, dise\u00f1o y construccion\",\"publisher\":{\"@id\":\"https:\\\/\\\/www.arquimaster.com.ar\\\/web\\\/#organization\"},\"potentialAction\":[{\"@type\":\"SearchAction\",\"target\":{\"@type\":\"EntryPoint\",\"urlTemplate\":\"https:\\\/\\\/www.arquimaster.com.ar\\\/web\\\/?s={search_term_string}\"},\"query-input\":{\"@type\":\"PropertyValueSpecification\",\"valueRequired\":true,\"valueName\":\"search_term_string\"}}],\"inLanguage\":\"es\"},{\"@type\":\"Organization\",\"@id\":\"https:\\\/\\\/www.arquimaster.com.ar\\\/web\\\/#organization\",\"name\":\"Arquimaster\",\"url\":\"https:\\\/\\\/www.arquimaster.com.ar\\\/web\\\/\",\"logo\":{\"@type\":\"ImageObject\",\"inLanguage\":\"es\",\"@id\":\"https:\\\/\\\/www.arquimaster.com.ar\\\/web\\\/#\\\/schema\\\/logo\\\/image\\\/\",\"url\":\"https:\\\/\\\/www.arquimaster.com.ar\\\/web\\\/wp-content\\\/uploads\\\/2022\\\/06\\\/arquimaster.png\",\"contentUrl\":\"https:\\\/\\\/www.arquimaster.com.ar\\\/web\\\/wp-content\\\/uploads\\\/2022\\\/06\\\/arquimaster.png\",\"width\":594,\"height\":78,\"caption\":\"Arquimaster\"},\"image\":{\"@id\":\"https:\\\/\\\/www.arquimaster.com.ar\\\/web\\\/#\\\/schema\\\/logo\\\/image\\\/\"},\"sameAs\":[\"http:\\\/\\\/www.facebook.com\\\/ARQUIMASTER.com.ar\",\"https:\\\/\\\/x.com\\\/arquimaster\",\"https:\\\/\\\/www.instagram.com\\\/arquimasterblog\\\/\",\"https:\\\/\\\/www.linkedin.com\\\/company\\\/arquimaster\",\"https:\\\/\\\/www.pinterest.com\\\/arquimaster\",\"https:\\\/\\\/t.me\\\/arquimaster\"]},{\"@type\":\"Person\",\"@id\":\"https:\\\/\\\/www.arquimaster.com.ar\\\/web\\\/#\\\/schema\\\/person\\\/359e9f7c00193fcde068e0dd2ceb0028\",\"name\":\"Arquimaster\"}]}<\/script>\n<!-- \/ Yoast SEO plugin. -->","yoast_head_json":{"title":"El Gran Museo del Mundo Maya gana la XII Bienal Internacional de Arquitectura de Costa Rica - Arquimaster","robots":{"index":"index","follow":"follow","max-snippet":"max-snippet:-1","max-image-preview":"max-image-preview:large","max-video-preview":"max-video-preview:-1"},"canonical":"https:\/\/www.arquimaster.com.ar\/web\/el-gran-museo-del-mundo-maya-gana-la-xii-bienal-internacional-de-arquitectura-de-costa-rica\/","og_locale":"es_ES","og_type":"article","og_title":"El Gran Museo del Mundo Maya gana la XII Bienal Internacional de Arquitectura de Costa Rica - Arquimaster","og_description":"El jurado otorg\u00f3 el Gran Premio Internacional de la XII Bienal al Gran Museo del Mundo Maya...","og_url":"https:\/\/www.arquimaster.com.ar\/web\/el-gran-museo-del-mundo-maya-gana-la-xii-bienal-internacional-de-arquitectura-de-costa-rica\/","og_site_name":"Arquimaster","article_publisher":"http:\/\/www.facebook.com\/ARQUIMASTER.com.ar","article_published_time":"2014-06-01T22:48:45+00:00","article_modified_time":"2026-03-28T21:39:56+00:00","og_image":[{"width":642,"height":336,"url":"https:\/\/www.arquimaster.com.ar\/web\/wp-content\/uploads\/2014\/06\/arquitecture_bienal_cr_slide.jpg","type":"image\/jpeg"}],"author":"Arquimaster","twitter_card":"summary_large_image","twitter_creator":"@arquimaster","twitter_site":"@arquimaster","twitter_misc":{"Escrito por":"Arquimaster","Tiempo de lectura":"4 minutos"},"schema":{"@context":"https:\/\/schema.org","@graph":[{"@type":"Article","@id":"https:\/\/www.arquimaster.com.ar\/web\/el-gran-museo-del-mundo-maya-gana-la-xii-bienal-internacional-de-arquitectura-de-costa-rica\/#article","isPartOf":{"@id":"https:\/\/www.arquimaster.com.ar\/web\/el-gran-museo-del-mundo-maya-gana-la-xii-bienal-internacional-de-arquitectura-de-costa-rica\/"},"author":{"name":"Arquimaster","@id":"https:\/\/www.arquimaster.com.ar\/web\/#\/schema\/person\/359e9f7c00193fcde068e0dd2ceb0028"},"headline":"El Gran Museo del Mundo Maya gana la XII Bienal Internacional de Arquitectura de Costa Rica","datePublished":"2014-06-01T22:48:45+00:00","dateModified":"2026-03-28T21:39:56+00:00","mainEntityOfPage":{"@id":"https:\/\/www.arquimaster.com.ar\/web\/el-gran-museo-del-mundo-maya-gana-la-xii-bienal-internacional-de-arquitectura-de-costa-rica\/"},"wordCount":906,"publisher":{"@id":"https:\/\/www.arquimaster.com.ar\/web\/#organization"},"image":{"@id":"https:\/\/www.arquimaster.com.ar\/web\/el-gran-museo-del-mundo-maya-gana-la-xii-bienal-internacional-de-arquitectura-de-costa-rica\/#primaryimage"},"thumbnailUrl":"https:\/\/www.arquimaster.com.ar\/web\/wp-content\/uploads\/2014\/06\/arquitecture_bienal_cr_slide.jpg","keywords":["bienal","Comex","Costa Rica","Enrique Duarte","Gran Museo del Mundo Maya","Grupo Arquidecture","Jos\u00e9 Enrique Ortiz Lanz","Josefina Rivas","Mexico","Revista Domus","Ricardo Combaluzier","William Ram\u00edrez","Xavier De Richemont"],"articleSection":["Noticias de arquitectura y dise\u00f1o","Novedades"],"inLanguage":"es"},{"@type":"WebPage","@id":"https:\/\/www.arquimaster.com.ar\/web\/el-gran-museo-del-mundo-maya-gana-la-xii-bienal-internacional-de-arquitectura-de-costa-rica\/","url":"https:\/\/www.arquimaster.com.ar\/web\/el-gran-museo-del-mundo-maya-gana-la-xii-bienal-internacional-de-arquitectura-de-costa-rica\/","name":"El Gran Museo del Mundo Maya gana la XII Bienal Internacional de Arquitectura de Costa Rica - Arquimaster","isPartOf":{"@id":"https:\/\/www.arquimaster.com.ar\/web\/#website"},"primaryImageOfPage":{"@id":"https:\/\/www.arquimaster.com.ar\/web\/el-gran-museo-del-mundo-maya-gana-la-xii-bienal-internacional-de-arquitectura-de-costa-rica\/#primaryimage"},"image":{"@id":"https:\/\/www.arquimaster.com.ar\/web\/el-gran-museo-del-mundo-maya-gana-la-xii-bienal-internacional-de-arquitectura-de-costa-rica\/#primaryimage"},"thumbnailUrl":"https:\/\/www.arquimaster.com.ar\/web\/wp-content\/uploads\/2014\/06\/arquitecture_bienal_cr_slide.jpg","datePublished":"2014-06-01T22:48:45+00:00","dateModified":"2026-03-28T21:39:56+00:00","breadcrumb":{"@id":"https:\/\/www.arquimaster.com.ar\/web\/el-gran-museo-del-mundo-maya-gana-la-xii-bienal-internacional-de-arquitectura-de-costa-rica\/#breadcrumb"},"inLanguage":"es","potentialAction":[{"@type":"ReadAction","target":["https:\/\/www.arquimaster.com.ar\/web\/el-gran-museo-del-mundo-maya-gana-la-xii-bienal-internacional-de-arquitectura-de-costa-rica\/"]}]},{"@type":"ImageObject","inLanguage":"es","@id":"https:\/\/www.arquimaster.com.ar\/web\/el-gran-museo-del-mundo-maya-gana-la-xii-bienal-internacional-de-arquitectura-de-costa-rica\/#primaryimage","url":"https:\/\/www.arquimaster.com.ar\/web\/wp-content\/uploads\/2014\/06\/arquitecture_bienal_cr_slide.jpg","contentUrl":"https:\/\/www.arquimaster.com.ar\/web\/wp-content\/uploads\/2014\/06\/arquitecture_bienal_cr_slide.jpg","width":642,"height":336},{"@type":"BreadcrumbList","@id":"https:\/\/www.arquimaster.com.ar\/web\/el-gran-museo-del-mundo-maya-gana-la-xii-bienal-internacional-de-arquitectura-de-costa-rica\/#breadcrumb","itemListElement":[{"@type":"ListItem","position":1,"name":"Portada","item":"https:\/\/www.arquimaster.com.ar\/web\/"},{"@type":"ListItem","position":2,"name":"El Gran Museo del Mundo Maya gana la XII Bienal Internacional de Arquitectura de Costa Rica"}]},{"@type":"WebSite","@id":"https:\/\/www.arquimaster.com.ar\/web\/#website","url":"https:\/\/www.arquimaster.com.ar\/web\/","name":"Arquimaster","description":"Web de arquitectura, dise\u00f1o y construccion","publisher":{"@id":"https:\/\/www.arquimaster.com.ar\/web\/#organization"},"potentialAction":[{"@type":"SearchAction","target":{"@type":"EntryPoint","urlTemplate":"https:\/\/www.arquimaster.com.ar\/web\/?s={search_term_string}"},"query-input":{"@type":"PropertyValueSpecification","valueRequired":true,"valueName":"search_term_string"}}],"inLanguage":"es"},{"@type":"Organization","@id":"https:\/\/www.arquimaster.com.ar\/web\/#organization","name":"Arquimaster","url":"https:\/\/www.arquimaster.com.ar\/web\/","logo":{"@type":"ImageObject","inLanguage":"es","@id":"https:\/\/www.arquimaster.com.ar\/web\/#\/schema\/logo\/image\/","url":"https:\/\/www.arquimaster.com.ar\/web\/wp-content\/uploads\/2022\/06\/arquimaster.png","contentUrl":"https:\/\/www.arquimaster.com.ar\/web\/wp-content\/uploads\/2022\/06\/arquimaster.png","width":594,"height":78,"caption":"Arquimaster"},"image":{"@id":"https:\/\/www.arquimaster.com.ar\/web\/#\/schema\/logo\/image\/"},"sameAs":["http:\/\/www.facebook.com\/ARQUIMASTER.com.ar","https:\/\/x.com\/arquimaster","https:\/\/www.instagram.com\/arquimasterblog\/","https:\/\/www.linkedin.com\/company\/arquimaster","https:\/\/www.pinterest.com\/arquimaster","https:\/\/t.me\/arquimaster"]},{"@type":"Person","@id":"https:\/\/www.arquimaster.com.ar\/web\/#\/schema\/person\/359e9f7c00193fcde068e0dd2ceb0028","name":"Arquimaster"}]}},"uagb_featured_image_src":{"full":["https:\/\/www.arquimaster.com.ar\/web\/wp-content\/uploads\/2014\/06\/arquitecture_bienal_cr_slide.jpg",642,336,false],"thumbnail":["https:\/\/www.arquimaster.com.ar\/web\/wp-content\/uploads\/2014\/06\/arquitecture_bienal_cr_slide-150x150.jpg",150,150,true],"medium":["https:\/\/www.arquimaster.com.ar\/web\/wp-content\/uploads\/2014\/06\/arquitecture_bienal_cr_slide-300x157.jpg",300,157,true],"medium_large":["https:\/\/www.arquimaster.com.ar\/web\/wp-content\/uploads\/2014\/06\/arquitecture_bienal_cr_slide.jpg",642,336,false],"large":["https:\/\/www.arquimaster.com.ar\/web\/wp-content\/uploads\/2014\/06\/arquitecture_bienal_cr_slide.jpg",642,336,false],"1536x1536":["https:\/\/www.arquimaster.com.ar\/web\/wp-content\/uploads\/2014\/06\/arquitecture_bienal_cr_slide.jpg",642,336,false],"2048x2048":["https:\/\/www.arquimaster.com.ar\/web\/wp-content\/uploads\/2014\/06\/arquitecture_bienal_cr_slide.jpg",642,336,false]},"uagb_author_info":{"display_name":"Arquimaster","author_link":"https:\/\/www.arquimaster.com.ar\/web\/author\/arquimaster\/"},"uagb_comment_info":0,"uagb_excerpt":"El jurado otorg\u00f3 el Gran Premio Internacional de la XII Bienal al Gran Museo del Mundo Maya...","_links":{"self":[{"href":"https:\/\/www.arquimaster.com.ar\/web\/wp-json\/wp\/v2\/posts\/7650","targetHints":{"allow":["GET"]}}],"collection":[{"href":"https:\/\/www.arquimaster.com.ar\/web\/wp-json\/wp\/v2\/posts"}],"about":[{"href":"https:\/\/www.arquimaster.com.ar\/web\/wp-json\/wp\/v2\/types\/post"}],"author":[{"embeddable":true,"href":"https:\/\/www.arquimaster.com.ar\/web\/wp-json\/wp\/v2\/users\/1"}],"replies":[{"embeddable":true,"href":"https:\/\/www.arquimaster.com.ar\/web\/wp-json\/wp\/v2\/comments?post=7650"}],"version-history":[{"count":1,"href":"https:\/\/www.arquimaster.com.ar\/web\/wp-json\/wp\/v2\/posts\/7650\/revisions"}],"predecessor-version":[{"id":87948,"href":"https:\/\/www.arquimaster.com.ar\/web\/wp-json\/wp\/v2\/posts\/7650\/revisions\/87948"}],"wp:featuredmedia":[{"embeddable":true,"href":"https:\/\/www.arquimaster.com.ar\/web\/wp-json\/wp\/v2\/media\/7651"}],"wp:attachment":[{"href":"https:\/\/www.arquimaster.com.ar\/web\/wp-json\/wp\/v2\/media?parent=7650"}],"wp:term":[{"taxonomy":"category","embeddable":true,"href":"https:\/\/www.arquimaster.com.ar\/web\/wp-json\/wp\/v2\/categories?post=7650"},{"taxonomy":"post_tag","embeddable":true,"href":"https:\/\/www.arquimaster.com.ar\/web\/wp-json\/wp\/v2\/tags?post=7650"}],"curies":[{"name":"wp","href":"https:\/\/api.w.org\/{rel}","templated":true}]}}