{"id":76716,"date":"2023-07-20T21:06:49","date_gmt":"2023-07-21T00:06:49","guid":{"rendered":"https:\/\/www.arquimaster.com.ar\/web\/?p=76716"},"modified":"2023-08-21T14:44:16","modified_gmt":"2023-08-21T17:44:16","slug":"edificio-de-viviendas-rio-arriba-arq-pablo-gagliardo","status":"publish","type":"post","link":"https:\/\/www.arquimaster.com.ar\/web\/edificio-de-viviendas-rio-arriba-arq-pablo-gagliardo\/","title":{"rendered":"Edificio de viviendas R\u00edo Arriba \/ Arq. Pablo Gagliardo"},"content":{"rendered":"<div style=\"margin-top: 0px; margin-bottom: 0px;\" class=\"sharethis-inline-share-buttons\" ><\/div><div class=\"b812932af2e751442846f039925109de\" data-index=\"1\" style=\"float: none; margin:25px 0 25px 0; text-align:center;\">\n<script async src=\"https:\/\/pagead2.googlesyndication.com\/pagead\/js\/adsbygoogle.js\"><\/script>\r\n<!-- Arquimaster (superior) -->\r\n<ins class=\"adsbygoogle\"\r\n     style=\"display:block\"\r\n     data-ad-client=\"ca-pub-6351072698456832\"\r\n     data-ad-slot=\"6455489680\"\r\n     data-ad-format=\"auto\"\r\n     data-full-width-responsive=\"true\"><\/ins>\r\n<script>\r\n     (adsbygoogle = window.adsbygoogle || []).push({});\r\n<\/script>\n<\/div>\n<p><strong>Edificio de viviendas R\u00edo Arriba<\/strong> (Rosario, Pcia. de Santa Fe, Argentina) por <strong>Arq. Pablo Gagliardo<\/strong>. R\u00edo Arriba es un edificio residencial ubicado en la zona Norte de la ciudad de Rosario donde confluyen el R\u00edo Paran\u00e1, el Parque Alem y el nuevo complejo del Acuario Municipal. Est\u00e1 compuesto de 20 plantas con un rasgo \u00fanico y diferencial: sus amplias terrazas individuales que miran a diferentes planos de una gran escena: el R\u00edo, la vegetaci\u00f3n y la altura.<\/p>\n<div id='gallery-1' class='gallery galleryid-76716 gallery-columns-3 gallery-size-thumbnail'><figure class='gallery-item'>\n\t\t\t<div class='gallery-icon portrait'>\n\t\t\t\t<a href='https:\/\/www.arquimaster.com.ar\/web\/wp-content\/uploads\/2023\/07\/rio_arriba_s_iii_022.jpg' title=\"Edificio de viviendas R\u00edo Arriba \/ Arq. Pablo Gagliardo (\u00a9 Ramiro Sosa)\" data-rl_title=\"Edificio de viviendas R\u00edo Arriba \/ Arq. Pablo Gagliardo (\u00a9 Ramiro Sosa)\" class=\"rl-gallery-link\" data-rl_caption=\"Edificio de viviendas R\u00edo Arriba \/ Arq. Pablo Gagliardo (\u00a9 Ramiro Sosa)\" data-rel=\"lightbox-gallery-1\"><img loading=\"lazy\" decoding=\"async\" width=\"150\" height=\"150\" src=\"https:\/\/www.arquimaster.com.ar\/web\/wp-content\/uploads\/2023\/07\/rio_arriba_s_iii_022-150x150.jpg\" class=\"attachment-thumbnail size-thumbnail\" alt=\"Edificio de viviendas R\u00edo Arriba \/ Arq. Pablo Gagliardo\" aria-describedby=\"gallery-1-76739\" \/><\/a>\n\t\t\t<\/div>\n\t\t\t\t<figcaption class='wp-caption-text gallery-caption' id='gallery-1-76739'>\n\t\t\t\tEdificio de viviendas R\u00edo Arriba \/ Arq. Pablo Gagliardo (\u00a9 Ramiro Sosa)\n\t\t\t\t<\/figcaption><\/figure><figure class='gallery-item'>\n\t\t\t<div class='gallery-icon portrait'>\n\t\t\t\t<a href='https:\/\/www.arquimaster.com.ar\/web\/wp-content\/uploads\/2023\/07\/rio_arriba_s_iii_021.jpg' title=\"Edificio de viviendas R\u00edo Arriba \/ Arq. Pablo Gagliardo (\u00a9 Ramiro Sosa)\" data-rl_title=\"Edificio de viviendas R\u00edo Arriba \/ Arq. Pablo Gagliardo (\u00a9 Ramiro Sosa)\" class=\"rl-gallery-link\" data-rl_caption=\"Edificio de viviendas R\u00edo Arriba \/ Arq. Pablo Gagliardo (\u00a9 Ramiro Sosa)\" data-rel=\"lightbox-gallery-1\"><img loading=\"lazy\" decoding=\"async\" width=\"150\" height=\"150\" src=\"https:\/\/www.arquimaster.com.ar\/web\/wp-content\/uploads\/2023\/07\/rio_arriba_s_iii_021-150x150.jpg\" class=\"attachment-thumbnail size-thumbnail\" alt=\"Edificio de viviendas R\u00edo Arriba \/ Arq. Pablo Gagliardo\" aria-describedby=\"gallery-1-76738\" \/><\/a>\n\t\t\t<\/div>\n\t\t\t\t<figcaption class='wp-caption-text gallery-caption' id='gallery-1-76738'>\n\t\t\t\tEdificio de viviendas R\u00edo Arriba \/ Arq. Pablo Gagliardo (\u00a9 Ramiro Sosa)\n\t\t\t\t<\/figcaption><\/figure><figure class='gallery-item'>\n\t\t\t<div class='gallery-icon landscape'>\n\t\t\t\t<a href='https:\/\/www.arquimaster.com.ar\/web\/wp-content\/uploads\/2023\/07\/rio_arriba_s_iii_020.jpg' title=\"Edificio de viviendas R\u00edo Arriba \/ Arq. Pablo Gagliardo (\u00a9 Ramiro Sosa)\" data-rl_title=\"Edificio de viviendas R\u00edo Arriba \/ Arq. Pablo Gagliardo (\u00a9 Ramiro Sosa)\" class=\"rl-gallery-link\" data-rl_caption=\"Edificio de viviendas R\u00edo Arriba \/ Arq. Pablo Gagliardo (\u00a9 Ramiro Sosa)\" data-rel=\"lightbox-gallery-1\"><img loading=\"lazy\" decoding=\"async\" width=\"150\" height=\"150\" src=\"https:\/\/www.arquimaster.com.ar\/web\/wp-content\/uploads\/2023\/07\/rio_arriba_s_iii_020-150x150.jpg\" class=\"attachment-thumbnail size-thumbnail\" alt=\"Edificio de viviendas R\u00edo Arriba \/ Arq. Pablo Gagliardo\" aria-describedby=\"gallery-1-76737\" srcset=\"https:\/\/www.arquimaster.com.ar\/web\/wp-content\/uploads\/2023\/07\/rio_arriba_s_iii_020-150x150.jpg 150w, https:\/\/www.arquimaster.com.ar\/web\/wp-content\/uploads\/2023\/07\/rio_arriba_s_iii_020-768x768.jpg 768w, https:\/\/www.arquimaster.com.ar\/web\/wp-content\/uploads\/2023\/07\/rio_arriba_s_iii_020.jpg 1500w\" sizes=\"auto, (max-width: 150px) 100vw, 150px\" \/><\/a>\n\t\t\t<\/div>\n\t\t\t\t<figcaption class='wp-caption-text gallery-caption' id='gallery-1-76737'>\n\t\t\t\tEdificio de viviendas R\u00edo Arriba \/ Arq. Pablo Gagliardo (\u00a9 Ramiro Sosa)\n\t\t\t\t<\/figcaption><\/figure><figure class='gallery-item'>\n\t\t\t<div class='gallery-icon landscape'>\n\t\t\t\t<a href='https:\/\/www.arquimaster.com.ar\/web\/wp-content\/uploads\/2023\/07\/rio_arriba_s_iii_019.jpg' title=\"Edificio de viviendas R\u00edo Arriba \/ Arq. Pablo Gagliardo (\u00a9 Ramiro Sosa)\" data-rl_title=\"Edificio de viviendas R\u00edo Arriba \/ Arq. Pablo Gagliardo (\u00a9 Ramiro Sosa)\" class=\"rl-gallery-link\" data-rl_caption=\"Edificio de viviendas R\u00edo Arriba \/ Arq. Pablo Gagliardo (\u00a9 Ramiro Sosa)\" data-rel=\"lightbox-gallery-1\"><img loading=\"lazy\" decoding=\"async\" width=\"150\" height=\"150\" src=\"https:\/\/www.arquimaster.com.ar\/web\/wp-content\/uploads\/2023\/07\/rio_arriba_s_iii_019-150x150.jpg\" class=\"attachment-thumbnail size-thumbnail\" alt=\"Edificio de viviendas R\u00edo Arriba \/ Arq. Pablo Gagliardo\" aria-describedby=\"gallery-1-76736\" srcset=\"https:\/\/www.arquimaster.com.ar\/web\/wp-content\/uploads\/2023\/07\/rio_arriba_s_iii_019-150x150.jpg 150w, https:\/\/www.arquimaster.com.ar\/web\/wp-content\/uploads\/2023\/07\/rio_arriba_s_iii_019-768x768.jpg 768w, https:\/\/www.arquimaster.com.ar\/web\/wp-content\/uploads\/2023\/07\/rio_arriba_s_iii_019.jpg 1500w\" sizes=\"auto, (max-width: 150px) 100vw, 150px\" \/><\/a>\n\t\t\t<\/div>\n\t\t\t\t<figcaption class='wp-caption-text gallery-caption' id='gallery-1-76736'>\n\t\t\t\tEdificio de viviendas R\u00edo Arriba \/ Arq. Pablo Gagliardo (\u00a9 Ramiro Sosa)\n\t\t\t\t<\/figcaption><\/figure><figure class='gallery-item'>\n\t\t\t<div class='gallery-icon portrait'>\n\t\t\t\t<a href='https:\/\/www.arquimaster.com.ar\/web\/wp-content\/uploads\/2023\/07\/rio_arriba_s_iii_001.jpg' title=\"Edificio de viviendas R\u00edo Arriba \/ Arq. Pablo Gagliardo (\u00a9 Ramiro Sosa)\" data-rl_title=\"Edificio de viviendas R\u00edo Arriba \/ Arq. Pablo Gagliardo (\u00a9 Ramiro Sosa)\" class=\"rl-gallery-link\" data-rl_caption=\"Edificio de viviendas R\u00edo Arriba \/ Arq. Pablo Gagliardo (\u00a9 Ramiro Sosa)\" data-rel=\"lightbox-gallery-1\"><img loading=\"lazy\" decoding=\"async\" width=\"150\" height=\"150\" src=\"https:\/\/www.arquimaster.com.ar\/web\/wp-content\/uploads\/2023\/07\/rio_arriba_s_iii_001-150x150.jpg\" class=\"attachment-thumbnail size-thumbnail\" alt=\"Edificio de viviendas R\u00edo Arriba \/ Arq. Pablo Gagliardo\" aria-describedby=\"gallery-1-76718\" \/><\/a>\n\t\t\t<\/div>\n\t\t\t\t<figcaption class='wp-caption-text gallery-caption' id='gallery-1-76718'>\n\t\t\t\tEdificio de viviendas R\u00edo Arriba \/ Arq. Pablo Gagliardo (\u00a9 Ramiro Sosa)\n\t\t\t\t<\/figcaption><\/figure><figure class='gallery-item'>\n\t\t\t<div class='gallery-icon portrait'>\n\t\t\t\t<a href='https:\/\/www.arquimaster.com.ar\/web\/wp-content\/uploads\/2023\/07\/rio_arriba_s_iii_002.jpg' title=\"Edificio de viviendas R\u00edo Arriba \/ Arq. Pablo Gagliardo (\u00a9 Ramiro Sosa)\" data-rl_title=\"Edificio de viviendas R\u00edo Arriba \/ Arq. Pablo Gagliardo (\u00a9 Ramiro Sosa)\" class=\"rl-gallery-link\" data-rl_caption=\"Edificio de viviendas R\u00edo Arriba \/ Arq. Pablo Gagliardo (\u00a9 Ramiro Sosa)\" data-rel=\"lightbox-gallery-1\"><img loading=\"lazy\" decoding=\"async\" width=\"150\" height=\"150\" src=\"https:\/\/www.arquimaster.com.ar\/web\/wp-content\/uploads\/2023\/07\/rio_arriba_s_iii_002-150x150.jpg\" class=\"attachment-thumbnail size-thumbnail\" alt=\"Edificio de viviendas R\u00edo Arriba \/ Arq. Pablo Gagliardo\" aria-describedby=\"gallery-1-76719\" \/><\/a>\n\t\t\t<\/div>\n\t\t\t\t<figcaption class='wp-caption-text gallery-caption' id='gallery-1-76719'>\n\t\t\t\tEdificio de viviendas R\u00edo Arriba \/ Arq. Pablo Gagliardo (\u00a9 Ramiro Sosa)\n\t\t\t\t<\/figcaption><\/figure><figure class='gallery-item'>\n\t\t\t<div class='gallery-icon landscape'>\n\t\t\t\t<a href='https:\/\/www.arquimaster.com.ar\/web\/wp-content\/uploads\/2023\/07\/rio_arriba_s_iii_003.jpg' title=\"Edificio de viviendas R\u00edo Arriba \/ Arq. Pablo Gagliardo (\u00a9 Ramiro Sosa)\" data-rl_title=\"Edificio de viviendas R\u00edo Arriba \/ Arq. Pablo Gagliardo (\u00a9 Ramiro Sosa)\" class=\"rl-gallery-link\" data-rl_caption=\"Edificio de viviendas R\u00edo Arriba \/ Arq. Pablo Gagliardo (\u00a9 Ramiro Sosa)\" data-rel=\"lightbox-gallery-1\"><img loading=\"lazy\" decoding=\"async\" width=\"150\" height=\"150\" src=\"https:\/\/www.arquimaster.com.ar\/web\/wp-content\/uploads\/2023\/07\/rio_arriba_s_iii_003-150x150.jpg\" class=\"attachment-thumbnail size-thumbnail\" alt=\"Edificio de viviendas R\u00edo Arriba \/ Arq. Pablo Gagliardo\" aria-describedby=\"gallery-1-76720\" \/><\/a>\n\t\t\t<\/div>\n\t\t\t\t<figcaption class='wp-caption-text gallery-caption' id='gallery-1-76720'>\n\t\t\t\tEdificio de viviendas R\u00edo Arriba \/ Arq. Pablo Gagliardo (\u00a9 Ramiro Sosa)\n\t\t\t\t<\/figcaption><\/figure><figure class='gallery-item'>\n\t\t\t<div class='gallery-icon portrait'>\n\t\t\t\t<a href='https:\/\/www.arquimaster.com.ar\/web\/wp-content\/uploads\/2023\/07\/rio_arriba_s_iii_004.jpg' title=\"Edificio de viviendas R\u00edo Arriba \/ Arq. Pablo Gagliardo (\u00a9 Ramiro Sosa)\" data-rl_title=\"Edificio de viviendas R\u00edo Arriba \/ Arq. Pablo Gagliardo (\u00a9 Ramiro Sosa)\" class=\"rl-gallery-link\" data-rl_caption=\"Edificio de viviendas R\u00edo Arriba \/ Arq. Pablo Gagliardo (\u00a9 Ramiro Sosa)\" data-rel=\"lightbox-gallery-1\"><img loading=\"lazy\" decoding=\"async\" width=\"150\" height=\"150\" src=\"https:\/\/www.arquimaster.com.ar\/web\/wp-content\/uploads\/2023\/07\/rio_arriba_s_iii_004-150x150.jpg\" class=\"attachment-thumbnail size-thumbnail\" alt=\"Edificio de viviendas R\u00edo Arriba \/ Arq. Pablo Gagliardo\" aria-describedby=\"gallery-1-76721\" \/><\/a>\n\t\t\t<\/div>\n\t\t\t\t<figcaption class='wp-caption-text gallery-caption' id='gallery-1-76721'>\n\t\t\t\tEdificio de viviendas R\u00edo Arriba \/ Arq. Pablo Gagliardo (\u00a9 Ramiro Sosa)\n\t\t\t\t<\/figcaption><\/figure><figure class='gallery-item'>\n\t\t\t<div class='gallery-icon portrait'>\n\t\t\t\t<a href='https:\/\/www.arquimaster.com.ar\/web\/wp-content\/uploads\/2023\/07\/rio_arriba_s_iii_005.jpg' title=\"Edificio de viviendas R\u00edo Arriba \/ Arq. Pablo Gagliardo (\u00a9 Ramiro Sosa)\" data-rl_title=\"Edificio de viviendas R\u00edo Arriba \/ Arq. Pablo Gagliardo (\u00a9 Ramiro Sosa)\" class=\"rl-gallery-link\" data-rl_caption=\"Edificio de viviendas R\u00edo Arriba \/ Arq. Pablo Gagliardo (\u00a9 Ramiro Sosa)\" data-rel=\"lightbox-gallery-1\"><img loading=\"lazy\" decoding=\"async\" width=\"150\" height=\"150\" src=\"https:\/\/www.arquimaster.com.ar\/web\/wp-content\/uploads\/2023\/07\/rio_arriba_s_iii_005-150x150.jpg\" class=\"attachment-thumbnail size-thumbnail\" alt=\"Edificio de viviendas R\u00edo Arriba \/ Arq. Pablo Gagliardo\" aria-describedby=\"gallery-1-76722\" \/><\/a>\n\t\t\t<\/div>\n\t\t\t\t<figcaption class='wp-caption-text gallery-caption' id='gallery-1-76722'>\n\t\t\t\tEdificio de viviendas R\u00edo Arriba \/ Arq. Pablo Gagliardo (\u00a9 Ramiro Sosa)\n\t\t\t\t<\/figcaption><\/figure><figure class='gallery-item'>\n\t\t\t<div class='gallery-icon landscape'>\n\t\t\t\t<a href='https:\/\/www.arquimaster.com.ar\/web\/wp-content\/uploads\/2023\/07\/rio_arriba_s_iii_006.jpg' title=\"Edificio de viviendas R\u00edo Arriba \/ Arq. Pablo Gagliardo (\u00a9 Ramiro Sosa)\" data-rl_title=\"Edificio de viviendas R\u00edo Arriba \/ Arq. Pablo Gagliardo (\u00a9 Ramiro Sosa)\" class=\"rl-gallery-link\" data-rl_caption=\"Edificio de viviendas R\u00edo Arriba \/ Arq. Pablo Gagliardo (\u00a9 Ramiro Sosa)\" data-rel=\"lightbox-gallery-1\"><img loading=\"lazy\" decoding=\"async\" width=\"150\" height=\"150\" src=\"https:\/\/www.arquimaster.com.ar\/web\/wp-content\/uploads\/2023\/07\/rio_arriba_s_iii_006-150x150.jpg\" class=\"attachment-thumbnail size-thumbnail\" alt=\"Edificio de viviendas R\u00edo Arriba \/ Arq. Pablo Gagliardo\" aria-describedby=\"gallery-1-76723\" \/><\/a>\n\t\t\t<\/div>\n\t\t\t\t<figcaption class='wp-caption-text gallery-caption' id='gallery-1-76723'>\n\t\t\t\tEdificio de viviendas R\u00edo Arriba \/ Arq. Pablo Gagliardo (\u00a9 Ramiro Sosa)\n\t\t\t\t<\/figcaption><\/figure><figure class='gallery-item'>\n\t\t\t<div class='gallery-icon landscape'>\n\t\t\t\t<a href='https:\/\/www.arquimaster.com.ar\/web\/wp-content\/uploads\/2023\/07\/rio_arriba_s_iii_007.jpg' title=\"Edificio de viviendas R\u00edo Arriba \/ Arq. Pablo Gagliardo (\u00a9 Ramiro Sosa)\" data-rl_title=\"Edificio de viviendas R\u00edo Arriba \/ Arq. Pablo Gagliardo (\u00a9 Ramiro Sosa)\" class=\"rl-gallery-link\" data-rl_caption=\"Edificio de viviendas R\u00edo Arriba \/ Arq. Pablo Gagliardo (\u00a9 Ramiro Sosa)\" data-rel=\"lightbox-gallery-1\"><img loading=\"lazy\" decoding=\"async\" width=\"150\" height=\"150\" src=\"https:\/\/www.arquimaster.com.ar\/web\/wp-content\/uploads\/2023\/07\/rio_arriba_s_iii_007-150x150.jpg\" class=\"attachment-thumbnail size-thumbnail\" alt=\"Edificio de viviendas R\u00edo Arriba \/ Arq. Pablo Gagliardo\" aria-describedby=\"gallery-1-76724\" \/><\/a>\n\t\t\t<\/div>\n\t\t\t\t<figcaption class='wp-caption-text gallery-caption' id='gallery-1-76724'>\n\t\t\t\tEdificio de viviendas R\u00edo Arriba \/ Arq. Pablo Gagliardo (\u00a9 Ramiro Sosa)\n\t\t\t\t<\/figcaption><\/figure><figure class='gallery-item'>\n\t\t\t<div class='gallery-icon portrait'>\n\t\t\t\t<a href='https:\/\/www.arquimaster.com.ar\/web\/wp-content\/uploads\/2023\/07\/rio_arriba_s_iii_008.jpg' title=\"Edificio de viviendas R\u00edo Arriba \/ Arq. Pablo Gagliardo (\u00a9 Ramiro Sosa)\" data-rl_title=\"Edificio de viviendas R\u00edo Arriba \/ Arq. Pablo Gagliardo (\u00a9 Ramiro Sosa)\" class=\"rl-gallery-link\" data-rl_caption=\"Edificio de viviendas R\u00edo Arriba \/ Arq. Pablo Gagliardo (\u00a9 Ramiro Sosa)\" data-rel=\"lightbox-gallery-1\"><img loading=\"lazy\" decoding=\"async\" width=\"150\" height=\"150\" src=\"https:\/\/www.arquimaster.com.ar\/web\/wp-content\/uploads\/2023\/07\/rio_arriba_s_iii_008-150x150.jpg\" class=\"attachment-thumbnail size-thumbnail\" alt=\"Edificio de viviendas R\u00edo Arriba \/ Arq. Pablo Gagliardo\" aria-describedby=\"gallery-1-76725\" \/><\/a>\n\t\t\t<\/div>\n\t\t\t\t<figcaption class='wp-caption-text gallery-caption' id='gallery-1-76725'>\n\t\t\t\tEdificio de viviendas R\u00edo Arriba \/ Arq. Pablo Gagliardo (\u00a9 Ramiro Sosa)\n\t\t\t\t<\/figcaption><\/figure><figure class='gallery-item'>\n\t\t\t<div class='gallery-icon landscape'>\n\t\t\t\t<a href='https:\/\/www.arquimaster.com.ar\/web\/wp-content\/uploads\/2023\/07\/rio_arriba_s_iii_009.jpg' title=\"Edificio de viviendas R\u00edo Arriba \/ Arq. Pablo Gagliardo (\u00a9 Ramiro Sosa)\" data-rl_title=\"Edificio de viviendas R\u00edo Arriba \/ Arq. Pablo Gagliardo (\u00a9 Ramiro Sosa)\" class=\"rl-gallery-link\" data-rl_caption=\"Edificio de viviendas R\u00edo Arriba \/ Arq. Pablo Gagliardo (\u00a9 Ramiro Sosa)\" data-rel=\"lightbox-gallery-1\"><img loading=\"lazy\" decoding=\"async\" width=\"150\" height=\"150\" src=\"https:\/\/www.arquimaster.com.ar\/web\/wp-content\/uploads\/2023\/07\/rio_arriba_s_iii_009-150x150.jpg\" class=\"attachment-thumbnail size-thumbnail\" alt=\"Edificio de viviendas R\u00edo Arriba \/ Arq. Pablo Gagliardo\" aria-describedby=\"gallery-1-76726\" \/><\/a>\n\t\t\t<\/div>\n\t\t\t\t<figcaption class='wp-caption-text gallery-caption' id='gallery-1-76726'>\n\t\t\t\tEdificio de viviendas R\u00edo Arriba \/ Arq. Pablo Gagliardo (\u00a9 Ramiro Sosa)\n\t\t\t\t<\/figcaption><\/figure><figure class='gallery-item'>\n\t\t\t<div class='gallery-icon landscape'>\n\t\t\t\t<a href='https:\/\/www.arquimaster.com.ar\/web\/wp-content\/uploads\/2023\/07\/rio_arriba_s_iii_010.jpg' title=\"Edificio de viviendas R\u00edo Arriba \/ Arq. Pablo Gagliardo (\u00a9 Ramiro Sosa)\" data-rl_title=\"Edificio de viviendas R\u00edo Arriba \/ Arq. Pablo Gagliardo (\u00a9 Ramiro Sosa)\" class=\"rl-gallery-link\" data-rl_caption=\"Edificio de viviendas R\u00edo Arriba \/ Arq. Pablo Gagliardo (\u00a9 Ramiro Sosa)\" data-rel=\"lightbox-gallery-1\"><img loading=\"lazy\" decoding=\"async\" width=\"150\" height=\"150\" src=\"https:\/\/www.arquimaster.com.ar\/web\/wp-content\/uploads\/2023\/07\/rio_arriba_s_iii_010-150x150.jpg\" class=\"attachment-thumbnail size-thumbnail\" alt=\"Edificio de viviendas R\u00edo Arriba \/ Arq. Pablo Gagliardo\" aria-describedby=\"gallery-1-76727\" \/><\/a>\n\t\t\t<\/div>\n\t\t\t\t<figcaption class='wp-caption-text gallery-caption' id='gallery-1-76727'>\n\t\t\t\tEdificio de viviendas R\u00edo Arriba \/ Arq. Pablo Gagliardo (\u00a9 Ramiro Sosa)\n\t\t\t\t<\/figcaption><\/figure><figure class='gallery-item'>\n\t\t\t<div class='gallery-icon portrait'>\n\t\t\t\t<a href='https:\/\/www.arquimaster.com.ar\/web\/wp-content\/uploads\/2023\/07\/rio_arriba_s_iii_011.jpg' title=\"Edificio de viviendas R\u00edo Arriba \/ Arq. Pablo Gagliardo (\u00a9 Ramiro Sosa)\" data-rl_title=\"Edificio de viviendas R\u00edo Arriba \/ Arq. Pablo Gagliardo (\u00a9 Ramiro Sosa)\" class=\"rl-gallery-link\" data-rl_caption=\"Edificio de viviendas R\u00edo Arriba \/ Arq. Pablo Gagliardo (\u00a9 Ramiro Sosa)\" data-rel=\"lightbox-gallery-1\"><img loading=\"lazy\" decoding=\"async\" width=\"150\" height=\"150\" src=\"https:\/\/www.arquimaster.com.ar\/web\/wp-content\/uploads\/2023\/07\/rio_arriba_s_iii_011-150x150.jpg\" class=\"attachment-thumbnail size-thumbnail\" alt=\"\" aria-describedby=\"gallery-1-76728\" \/><\/a>\n\t\t\t<\/div>\n\t\t\t\t<figcaption class='wp-caption-text gallery-caption' id='gallery-1-76728'>\n\t\t\t\tEdificio de viviendas R\u00edo Arriba \/ Arq. Pablo Gagliardo (\u00a9 Ramiro Sosa)\n\t\t\t\t<\/figcaption><\/figure><figure class='gallery-item'>\n\t\t\t<div class='gallery-icon portrait'>\n\t\t\t\t<a href='https:\/\/www.arquimaster.com.ar\/web\/wp-content\/uploads\/2023\/07\/rio_arriba_s_iii_012.jpg' title=\"Edificio de viviendas R\u00edo Arriba \/ Arq. Pablo Gagliardo (\u00a9 Ramiro Sosa)\" data-rl_title=\"Edificio de viviendas R\u00edo Arriba \/ Arq. Pablo Gagliardo (\u00a9 Ramiro Sosa)\" class=\"rl-gallery-link\" data-rl_caption=\"Edificio de viviendas R\u00edo Arriba \/ Arq. Pablo Gagliardo (\u00a9 Ramiro Sosa)\" data-rel=\"lightbox-gallery-1\"><img loading=\"lazy\" decoding=\"async\" width=\"150\" height=\"150\" src=\"https:\/\/www.arquimaster.com.ar\/web\/wp-content\/uploads\/2023\/07\/rio_arriba_s_iii_012-150x150.jpg\" class=\"attachment-thumbnail size-thumbnail\" alt=\"Edificio de viviendas R\u00edo Arriba \/ Arq. Pablo Gagliardo\" aria-describedby=\"gallery-1-76729\" \/><\/a>\n\t\t\t<\/div>\n\t\t\t\t<figcaption class='wp-caption-text gallery-caption' id='gallery-1-76729'>\n\t\t\t\tEdificio de viviendas R\u00edo Arriba \/ Arq. Pablo Gagliardo (\u00a9 Ramiro Sosa)\n\t\t\t\t<\/figcaption><\/figure><figure class='gallery-item'>\n\t\t\t<div class='gallery-icon portrait'>\n\t\t\t\t<a href='https:\/\/www.arquimaster.com.ar\/web\/wp-content\/uploads\/2023\/07\/rio_arriba_s_iii_013.jpg' title=\"Edificio de viviendas R\u00edo Arriba \/ Arq. Pablo Gagliardo (\u00a9 Ramiro Sosa)\" data-rl_title=\"Edificio de viviendas R\u00edo Arriba \/ Arq. Pablo Gagliardo (\u00a9 Ramiro Sosa)\" class=\"rl-gallery-link\" data-rl_caption=\"Edificio de viviendas R\u00edo Arriba \/ Arq. Pablo Gagliardo (\u00a9 Ramiro Sosa)\" data-rel=\"lightbox-gallery-1\"><img loading=\"lazy\" decoding=\"async\" width=\"150\" height=\"150\" src=\"https:\/\/www.arquimaster.com.ar\/web\/wp-content\/uploads\/2023\/07\/rio_arriba_s_iii_013-150x150.jpg\" class=\"attachment-thumbnail size-thumbnail\" alt=\"Edificio de viviendas R\u00edo Arriba \/ Arq. Pablo Gagliardo\" aria-describedby=\"gallery-1-76730\" \/><\/a>\n\t\t\t<\/div>\n\t\t\t\t<figcaption class='wp-caption-text gallery-caption' id='gallery-1-76730'>\n\t\t\t\tEdificio de viviendas R\u00edo Arriba \/ Arq. Pablo Gagliardo (\u00a9 Ramiro Sosa)\n\t\t\t\t<\/figcaption><\/figure><figure class='gallery-item'>\n\t\t\t<div class='gallery-icon portrait'>\n\t\t\t\t<a href='https:\/\/www.arquimaster.com.ar\/web\/wp-content\/uploads\/2023\/07\/rio_arriba_s_iii_014.jpg' title=\"Edificio de viviendas R\u00edo Arriba \/ Arq. Pablo Gagliardo (\u00a9 Ramiro Sosa)\" data-rl_title=\"Edificio de viviendas R\u00edo Arriba \/ Arq. Pablo Gagliardo (\u00a9 Ramiro Sosa)\" class=\"rl-gallery-link\" data-rl_caption=\"Edificio de viviendas R\u00edo Arriba \/ Arq. Pablo Gagliardo (\u00a9 Ramiro Sosa)\" data-rel=\"lightbox-gallery-1\"><img loading=\"lazy\" decoding=\"async\" width=\"150\" height=\"150\" src=\"https:\/\/www.arquimaster.com.ar\/web\/wp-content\/uploads\/2023\/07\/rio_arriba_s_iii_014-150x150.jpg\" class=\"attachment-thumbnail size-thumbnail\" alt=\"Edificio de viviendas R\u00edo Arriba \/ Arq. Pablo Gagliardo\" aria-describedby=\"gallery-1-76731\" \/><\/a>\n\t\t\t<\/div>\n\t\t\t\t<figcaption class='wp-caption-text gallery-caption' id='gallery-1-76731'>\n\t\t\t\tEdificio de viviendas R\u00edo Arriba \/ Arq. Pablo Gagliardo (\u00a9 Ramiro Sosa)\n\t\t\t\t<\/figcaption><\/figure><figure class='gallery-item'>\n\t\t\t<div class='gallery-icon landscape'>\n\t\t\t\t<a href='https:\/\/www.arquimaster.com.ar\/web\/wp-content\/uploads\/2023\/07\/rio_arriba_s_iii_015.jpg' title=\"Edificio de viviendas R\u00edo Arriba \/ Arq. Pablo Gagliardo (\u00a9 Ramiro Sosa)\" data-rl_title=\"Edificio de viviendas R\u00edo Arriba \/ Arq. Pablo Gagliardo (\u00a9 Ramiro Sosa)\" class=\"rl-gallery-link\" data-rl_caption=\"Edificio de viviendas R\u00edo Arriba \/ Arq. Pablo Gagliardo (\u00a9 Ramiro Sosa)\" data-rel=\"lightbox-gallery-1\"><img loading=\"lazy\" decoding=\"async\" width=\"150\" height=\"150\" src=\"https:\/\/www.arquimaster.com.ar\/web\/wp-content\/uploads\/2023\/07\/rio_arriba_s_iii_015-150x150.jpg\" class=\"attachment-thumbnail size-thumbnail\" alt=\"Edificio de viviendas R\u00edo Arriba \/ Arq. Pablo Gagliardo\" aria-describedby=\"gallery-1-76732\" srcset=\"https:\/\/www.arquimaster.com.ar\/web\/wp-content\/uploads\/2023\/07\/rio_arriba_s_iii_015-150x150.jpg 150w, https:\/\/www.arquimaster.com.ar\/web\/wp-content\/uploads\/2023\/07\/rio_arriba_s_iii_015-768x768.jpg 768w, https:\/\/www.arquimaster.com.ar\/web\/wp-content\/uploads\/2023\/07\/rio_arriba_s_iii_015.jpg 1500w\" sizes=\"auto, (max-width: 150px) 100vw, 150px\" \/><\/a>\n\t\t\t<\/div>\n\t\t\t\t<figcaption class='wp-caption-text gallery-caption' id='gallery-1-76732'>\n\t\t\t\tEdificio de viviendas R\u00edo Arriba \/ Arq. Pablo Gagliardo (\u00a9 Ramiro Sosa)\n\t\t\t\t<\/figcaption><\/figure><figure class='gallery-item'>\n\t\t\t<div class='gallery-icon landscape'>\n\t\t\t\t<a href='https:\/\/www.arquimaster.com.ar\/web\/wp-content\/uploads\/2023\/07\/rio_arriba_s_iii_016.jpg' title=\"Edificio de viviendas R\u00edo Arriba \/ Arq. Pablo Gagliardo (\u00a9 Ramiro Sosa)\" data-rl_title=\"Edificio de viviendas R\u00edo Arriba \/ Arq. Pablo Gagliardo (\u00a9 Ramiro Sosa)\" class=\"rl-gallery-link\" data-rl_caption=\"Edificio de viviendas R\u00edo Arriba \/ Arq. Pablo Gagliardo (\u00a9 Ramiro Sosa)\" data-rel=\"lightbox-gallery-1\"><img loading=\"lazy\" decoding=\"async\" width=\"150\" height=\"150\" src=\"https:\/\/www.arquimaster.com.ar\/web\/wp-content\/uploads\/2023\/07\/rio_arriba_s_iii_016-150x150.jpg\" class=\"attachment-thumbnail size-thumbnail\" alt=\"Edificio de viviendas R\u00edo Arriba \/ Arq. Pablo Gagliardo\" aria-describedby=\"gallery-1-76733\" \/><\/a>\n\t\t\t<\/div>\n\t\t\t\t<figcaption class='wp-caption-text gallery-caption' id='gallery-1-76733'>\n\t\t\t\tEdificio de viviendas R\u00edo Arriba \/ Arq. Pablo Gagliardo (\u00a9 Ramiro Sosa)\n\t\t\t\t<\/figcaption><\/figure><figure class='gallery-item'>\n\t\t\t<div class='gallery-icon portrait'>\n\t\t\t\t<a href='https:\/\/www.arquimaster.com.ar\/web\/wp-content\/uploads\/2023\/07\/rio_arriba_s_iii_017.jpg' title=\"Edificio de viviendas R\u00edo Arriba \/ Arq. Pablo Gagliardo (\u00a9 Ramiro Sosa)\" data-rl_title=\"Edificio de viviendas R\u00edo Arriba \/ Arq. Pablo Gagliardo (\u00a9 Ramiro Sosa)\" class=\"rl-gallery-link\" data-rl_caption=\"Edificio de viviendas R\u00edo Arriba \/ Arq. Pablo Gagliardo (\u00a9 Ramiro Sosa)\" data-rel=\"lightbox-gallery-1\"><img loading=\"lazy\" decoding=\"async\" width=\"150\" height=\"150\" src=\"https:\/\/www.arquimaster.com.ar\/web\/wp-content\/uploads\/2023\/07\/rio_arriba_s_iii_017-150x150.jpg\" class=\"attachment-thumbnail size-thumbnail\" alt=\"Edificio de viviendas R\u00edo Arriba \/ Arq. Pablo Gagliardo\" aria-describedby=\"gallery-1-76734\" \/><\/a>\n\t\t\t<\/div>\n\t\t\t\t<figcaption class='wp-caption-text gallery-caption' id='gallery-1-76734'>\n\t\t\t\tEdificio de viviendas R\u00edo Arriba \/ Arq. Pablo Gagliardo (\u00a9 Ramiro Sosa)\n\t\t\t\t<\/figcaption><\/figure><figure class='gallery-item'>\n\t\t\t<div class='gallery-icon portrait'>\n\t\t\t\t<a href='https:\/\/www.arquimaster.com.ar\/web\/wp-content\/uploads\/2023\/07\/rio_arriba_s_iii_018.jpg' title=\"Edificio de viviendas R\u00edo Arriba \/ Arq. Pablo Gagliardo (\u00a9 Ramiro Sosa)\" data-rl_title=\"Edificio de viviendas R\u00edo Arriba \/ Arq. Pablo Gagliardo (\u00a9 Ramiro Sosa)\" class=\"rl-gallery-link\" data-rl_caption=\"Edificio de viviendas R\u00edo Arriba \/ Arq. Pablo Gagliardo (\u00a9 Ramiro Sosa)\" data-rel=\"lightbox-gallery-1\"><img loading=\"lazy\" decoding=\"async\" width=\"150\" height=\"150\" src=\"https:\/\/www.arquimaster.com.ar\/web\/wp-content\/uploads\/2023\/07\/rio_arriba_s_iii_018-150x150.jpg\" class=\"attachment-thumbnail size-thumbnail\" alt=\"Edificio de viviendas R\u00edo Arriba \/ Arq. Pablo Gagliardo\" aria-describedby=\"gallery-1-76735\" \/><\/a>\n\t\t\t<\/div>\n\t\t\t\t<figcaption class='wp-caption-text gallery-caption' id='gallery-1-76735'>\n\t\t\t\tEdificio de viviendas R\u00edo Arriba \/ Arq. Pablo Gagliardo (\u00a9 Ramiro Sosa)\n\t\t\t\t<\/figcaption><\/figure><figure class='gallery-item'>\n\t\t\t<div class='gallery-icon landscape'>\n\t\t\t\t<a href='https:\/\/www.arquimaster.com.ar\/web\/wp-content\/uploads\/2023\/07\/rio_arriba_s_iii_023.jpg' title=\"Edificio de viviendas R\u00edo Arriba \/ Arq. Pablo Gagliardo (\u00a9 Ramiro Sosa)\" data-rl_title=\"Edificio de viviendas R\u00edo Arriba \/ Arq. Pablo Gagliardo (\u00a9 Ramiro Sosa)\" class=\"rl-gallery-link\" data-rl_caption=\"Edificio de viviendas R\u00edo Arriba \/ Arq. Pablo Gagliardo (\u00a9 Ramiro Sosa)\" data-rel=\"lightbox-gallery-1\"><img loading=\"lazy\" decoding=\"async\" width=\"150\" height=\"150\" src=\"https:\/\/www.arquimaster.com.ar\/web\/wp-content\/uploads\/2023\/07\/rio_arriba_s_iii_023-150x150.jpg\" class=\"attachment-thumbnail size-thumbnail\" alt=\"Edificio de viviendas R\u00edo Arriba \/ Arq. Pablo Gagliardo\" aria-describedby=\"gallery-1-76740\" \/><\/a>\n\t\t\t<\/div>\n\t\t\t\t<figcaption class='wp-caption-text gallery-caption' id='gallery-1-76740'>\n\t\t\t\tEdificio de viviendas R\u00edo Arriba \/ Arq. Pablo Gagliardo (\u00a9 Ramiro Sosa)\n\t\t\t\t<\/figcaption><\/figure><figure class='gallery-item'>\n\t\t\t<div class='gallery-icon landscape'>\n\t\t\t\t<a href='https:\/\/www.arquimaster.com.ar\/web\/wp-content\/uploads\/2023\/07\/rio_arriba_s_iii_024.jpg' title=\"Edificio de viviendas R\u00edo Arriba \/ Arq. Pablo Gagliardo (\u00a9 Ramiro Sosa)\" data-rl_title=\"Edificio de viviendas R\u00edo Arriba \/ Arq. Pablo Gagliardo (\u00a9 Ramiro Sosa)\" class=\"rl-gallery-link\" data-rl_caption=\"Edificio de viviendas R\u00edo Arriba \/ Arq. Pablo Gagliardo (\u00a9 Ramiro Sosa)\" data-rel=\"lightbox-gallery-1\"><img loading=\"lazy\" decoding=\"async\" width=\"150\" height=\"150\" src=\"https:\/\/www.arquimaster.com.ar\/web\/wp-content\/uploads\/2023\/07\/rio_arriba_s_iii_024-150x150.jpg\" class=\"attachment-thumbnail size-thumbnail\" alt=\"Edificio de viviendas R\u00edo Arriba \/ Arq. Pablo Gagliardo\" aria-describedby=\"gallery-1-76741\" \/><\/a>\n\t\t\t<\/div>\n\t\t\t\t<figcaption class='wp-caption-text gallery-caption' id='gallery-1-76741'>\n\t\t\t\tEdificio de viviendas R\u00edo Arriba \/ Arq. Pablo Gagliardo (\u00a9 Ramiro Sosa)\n\t\t\t\t<\/figcaption><\/figure><figure class='gallery-item'>\n\t\t\t<div class='gallery-icon landscape'>\n\t\t\t\t<a href='https:\/\/www.arquimaster.com.ar\/web\/wp-content\/uploads\/2023\/07\/rio_arriba_s_iii_025.jpg' title=\"Edificio de viviendas R\u00edo Arriba \/ Arq. Pablo Gagliardo (\u00a9 Ramiro Sosa)\" data-rl_title=\"Edificio de viviendas R\u00edo Arriba \/ Arq. Pablo Gagliardo (\u00a9 Ramiro Sosa)\" class=\"rl-gallery-link\" data-rl_caption=\"Edificio de viviendas R\u00edo Arriba \/ Arq. Pablo Gagliardo (\u00a9 Ramiro Sosa)\" data-rel=\"lightbox-gallery-1\"><img loading=\"lazy\" decoding=\"async\" width=\"150\" height=\"150\" src=\"https:\/\/www.arquimaster.com.ar\/web\/wp-content\/uploads\/2023\/07\/rio_arriba_s_iii_025-150x150.jpg\" class=\"attachment-thumbnail size-thumbnail\" alt=\"Edificio de viviendas R\u00edo Arriba \/ Arq. Pablo Gagliardo\" aria-describedby=\"gallery-1-76742\" srcset=\"https:\/\/www.arquimaster.com.ar\/web\/wp-content\/uploads\/2023\/07\/rio_arriba_s_iii_025-150x150.jpg 150w, https:\/\/www.arquimaster.com.ar\/web\/wp-content\/uploads\/2023\/07\/rio_arriba_s_iii_025-768x768.jpg 768w, https:\/\/www.arquimaster.com.ar\/web\/wp-content\/uploads\/2023\/07\/rio_arriba_s_iii_025.jpg 1500w\" sizes=\"auto, (max-width: 150px) 100vw, 150px\" \/><\/a>\n\t\t\t<\/div>\n\t\t\t\t<figcaption class='wp-caption-text gallery-caption' id='gallery-1-76742'>\n\t\t\t\tEdificio de viviendas R\u00edo Arriba \/ Arq. Pablo Gagliardo (\u00a9 Ramiro Sosa)\n\t\t\t\t<\/figcaption><\/figure><figure class='gallery-item'>\n\t\t\t<div class='gallery-icon portrait'>\n\t\t\t\t<a href='https:\/\/www.arquimaster.com.ar\/web\/wp-content\/uploads\/2023\/07\/rio_arriba_s_iii_026.jpg' title=\"Edificio de viviendas R\u00edo Arriba \/ Arq. Pablo Gagliardo (\u00a9 Ramiro Sosa)\" data-rl_title=\"Edificio de viviendas R\u00edo Arriba \/ Arq. Pablo Gagliardo (\u00a9 Ramiro Sosa)\" class=\"rl-gallery-link\" data-rl_caption=\"Edificio de viviendas R\u00edo Arriba \/ Arq. Pablo Gagliardo (\u00a9 Ramiro Sosa)\" data-rel=\"lightbox-gallery-1\"><img loading=\"lazy\" decoding=\"async\" width=\"150\" height=\"150\" src=\"https:\/\/www.arquimaster.com.ar\/web\/wp-content\/uploads\/2023\/07\/rio_arriba_s_iii_026-150x150.jpg\" class=\"attachment-thumbnail size-thumbnail\" alt=\"Edificio de viviendas R\u00edo Arriba \/ Arq. Pablo Gagliardo\" aria-describedby=\"gallery-1-76743\" \/><\/a>\n\t\t\t<\/div>\n\t\t\t\t<figcaption class='wp-caption-text gallery-caption' id='gallery-1-76743'>\n\t\t\t\tEdificio de viviendas R\u00edo Arriba \/ Arq. Pablo Gagliardo (\u00a9 Ramiro Sosa)\n\t\t\t\t<\/figcaption><\/figure><figure class='gallery-item'>\n\t\t\t<div class='gallery-icon landscape'>\n\t\t\t\t<a href='https:\/\/www.arquimaster.com.ar\/web\/wp-content\/uploads\/2023\/07\/rio_arriba_s_iii_027.jpg' title=\"Edificio de viviendas R\u00edo Arriba \/ Arq. Pablo Gagliardo (\u00a9 Ramiro Sosa)\" data-rl_title=\"Edificio de viviendas R\u00edo Arriba \/ Arq. Pablo Gagliardo (\u00a9 Ramiro Sosa)\" class=\"rl-gallery-link\" data-rl_caption=\"Edificio de viviendas R\u00edo Arriba \/ Arq. Pablo Gagliardo (\u00a9 Ramiro Sosa)\" data-rel=\"lightbox-gallery-1\"><img loading=\"lazy\" decoding=\"async\" width=\"150\" height=\"150\" src=\"https:\/\/www.arquimaster.com.ar\/web\/wp-content\/uploads\/2023\/07\/rio_arriba_s_iii_027-150x150.jpg\" class=\"attachment-thumbnail size-thumbnail\" alt=\"Edificio de viviendas R\u00edo Arriba \/ Arq. Pablo Gagliardo\" aria-describedby=\"gallery-1-76744\" srcset=\"https:\/\/www.arquimaster.com.ar\/web\/wp-content\/uploads\/2023\/07\/rio_arriba_s_iii_027-150x150.jpg 150w, https:\/\/www.arquimaster.com.ar\/web\/wp-content\/uploads\/2023\/07\/rio_arriba_s_iii_027-768x768.jpg 768w, https:\/\/www.arquimaster.com.ar\/web\/wp-content\/uploads\/2023\/07\/rio_arriba_s_iii_027.jpg 1500w\" sizes=\"auto, (max-width: 150px) 100vw, 150px\" \/><\/a>\n\t\t\t<\/div>\n\t\t\t\t<figcaption class='wp-caption-text gallery-caption' id='gallery-1-76744'>\n\t\t\t\tEdificio de viviendas R\u00edo Arriba \/ Arq. Pablo Gagliardo (\u00a9 Ramiro Sosa)\n\t\t\t\t<\/figcaption><\/figure><figure class='gallery-item'>\n\t\t\t<div class='gallery-icon landscape'>\n\t\t\t\t<a href='https:\/\/www.arquimaster.com.ar\/web\/wp-content\/uploads\/2023\/07\/rio_arriba_s_iii_028.jpg' title=\"Edificio de viviendas R\u00edo Arriba \/ Arq. Pablo Gagliardo (\u00a9 Ramiro Sosa)\" data-rl_title=\"Edificio de viviendas R\u00edo Arriba \/ Arq. Pablo Gagliardo (\u00a9 Ramiro Sosa)\" class=\"rl-gallery-link\" data-rl_caption=\"Edificio de viviendas R\u00edo Arriba \/ Arq. Pablo Gagliardo (\u00a9 Ramiro Sosa)\" data-rel=\"lightbox-gallery-1\"><img loading=\"lazy\" decoding=\"async\" width=\"150\" height=\"150\" src=\"https:\/\/www.arquimaster.com.ar\/web\/wp-content\/uploads\/2023\/07\/rio_arriba_s_iii_028-150x150.jpg\" class=\"attachment-thumbnail size-thumbnail\" alt=\"Edificio de viviendas R\u00edo Arriba \/ Arq. Pablo Gagliardo\" aria-describedby=\"gallery-1-76745\" \/><\/a>\n\t\t\t<\/div>\n\t\t\t\t<figcaption class='wp-caption-text gallery-caption' id='gallery-1-76745'>\n\t\t\t\tEdificio de viviendas R\u00edo Arriba \/ Arq. Pablo Gagliardo (\u00a9 Ramiro Sosa)\n\t\t\t\t<\/figcaption><\/figure><figure class='gallery-item'>\n\t\t\t<div class='gallery-icon landscape'>\n\t\t\t\t<a href='https:\/\/www.arquimaster.com.ar\/web\/wp-content\/uploads\/2023\/07\/rio_arriba_s_iii_029.jpg' title=\"Edificio de viviendas R\u00edo Arriba \/ Arq. Pablo Gagliardo (\u00a9 Ramiro Sosa)\" data-rl_title=\"Edificio de viviendas R\u00edo Arriba \/ Arq. Pablo Gagliardo (\u00a9 Ramiro Sosa)\" class=\"rl-gallery-link\" data-rl_caption=\"Edificio de viviendas R\u00edo Arriba \/ Arq. Pablo Gagliardo (\u00a9 Ramiro Sosa)\" data-rel=\"lightbox-gallery-1\"><img loading=\"lazy\" decoding=\"async\" width=\"150\" height=\"150\" src=\"https:\/\/www.arquimaster.com.ar\/web\/wp-content\/uploads\/2023\/07\/rio_arriba_s_iii_029-150x150.jpg\" class=\"attachment-thumbnail size-thumbnail\" alt=\"Edificio de viviendas R\u00edo Arriba \/ Arq. Pablo Gagliardo\" aria-describedby=\"gallery-1-76746\" \/><\/a>\n\t\t\t<\/div>\n\t\t\t\t<figcaption class='wp-caption-text gallery-caption' id='gallery-1-76746'>\n\t\t\t\tEdificio de viviendas R\u00edo Arriba \/ Arq. Pablo Gagliardo (\u00a9 Ramiro Sosa)\n\t\t\t\t<\/figcaption><\/figure><figure class='gallery-item'>\n\t\t\t<div class='gallery-icon portrait'>\n\t\t\t\t<a href='https:\/\/www.arquimaster.com.ar\/web\/wp-content\/uploads\/2023\/07\/rio_arriba_s_iii_030.jpg' title=\"Edificio de viviendas R\u00edo Arriba \/ Arq. Pablo Gagliardo (\u00a9 Ramiro Sosa)\" data-rl_title=\"Edificio de viviendas R\u00edo Arriba \/ Arq. Pablo Gagliardo (\u00a9 Ramiro Sosa)\" class=\"rl-gallery-link\" data-rl_caption=\"Edificio de viviendas R\u00edo Arriba \/ Arq. Pablo Gagliardo (\u00a9 Ramiro Sosa)\" data-rel=\"lightbox-gallery-1\"><img loading=\"lazy\" decoding=\"async\" width=\"150\" height=\"150\" src=\"https:\/\/www.arquimaster.com.ar\/web\/wp-content\/uploads\/2023\/07\/rio_arriba_s_iii_030-150x150.jpg\" class=\"attachment-thumbnail size-thumbnail\" alt=\"Edificio de viviendas R\u00edo Arriba \/ Arq. Pablo Gagliardo\" aria-describedby=\"gallery-1-76747\" \/><\/a>\n\t\t\t<\/div>\n\t\t\t\t<figcaption class='wp-caption-text gallery-caption' id='gallery-1-76747'>\n\t\t\t\tEdificio de viviendas R\u00edo Arriba \/ Arq. Pablo Gagliardo (\u00a9 Ramiro Sosa)\n\t\t\t\t<\/figcaption><\/figure>\n\t\t<\/div>\n\n<p>La torre respeta el ritmo del \u00e1rea urbana y en su calle de ingreso se retira para ocupar el fondo del terreno y generar as\u00ed un ingreso bajo, verde y que se integra al contexto. El edificio rechaza la idea de un frente versus un fondo y logra as\u00ed multiplicar las fachadas seg\u00fan el punto de vista del observador. Gana altura donde la necesitan las terrazas y adapta su escala para interactuar con el barrio.<\/p>\n<p>Dicha dualidad aumenta su car\u00e1cter singular: una vivienda eficaz para quienes buscan los entornos y posibilidades de una casa, sumados a las particularidades y calidad que ofrece un edificio de Obring Arquitectura.<\/p>\n<p>Sus semipisos, que presentan superficies de 120 hasta 160 m2 exclusivos, est\u00e1n conformados por tres dormitorios que miran hacia la ciudad y por un amplio ambiente central orientado al r\u00edo donde se ubican un living-comedor, una cocina integrada y una gran terraza propia. Un generoso espacio abierto hacia el Parque que ofrece una continuidad real del living y que suma a la vivienda las caracter\u00edsticas m\u00e1s deseadas de una casa con jard\u00edn: protecci\u00f3n, espacios verdes, cocina exterior y aire libre.<\/p>\n<div id='gallery-2' class='gallery galleryid-76716 gallery-columns-3 gallery-size-thumbnail'><figure class='gallery-item'>\n\t\t\t<div class='gallery-icon landscape'>\n\t\t\t\t<a href='https:\/\/www.arquimaster.com.ar\/web\/wp-content\/uploads\/2023\/07\/rio_arriba_s_iii_031.jpg' title=\"Edificio de viviendas R\u00edo Arriba \/ Arq. Pablo Gagliardo (\u00a9 Ramiro Sosa)\" data-rl_title=\"Edificio de viviendas R\u00edo Arriba \/ Arq. Pablo Gagliardo (\u00a9 Ramiro Sosa)\" class=\"rl-gallery-link\" data-rl_caption=\"Edificio de viviendas R\u00edo Arriba \/ Arq. Pablo Gagliardo (\u00a9 Ramiro Sosa)\" data-rel=\"lightbox-gallery-2\"><img loading=\"lazy\" decoding=\"async\" width=\"150\" height=\"150\" src=\"https:\/\/www.arquimaster.com.ar\/web\/wp-content\/uploads\/2023\/07\/rio_arriba_s_iii_031-150x150.jpg\" class=\"attachment-thumbnail size-thumbnail\" alt=\"Edificio de viviendas R\u00edo Arriba \/ Arq. Pablo Gagliardo\" aria-describedby=\"gallery-2-76748\" \/><\/a>\n\t\t\t<\/div>\n\t\t\t\t<figcaption class='wp-caption-text gallery-caption' id='gallery-2-76748'>\n\t\t\t\tEdificio de viviendas R\u00edo Arriba \/ Arq. Pablo Gagliardo (\u00a9 Ramiro Sosa)\n\t\t\t\t<\/figcaption><\/figure><figure class='gallery-item'>\n\t\t\t<div class='gallery-icon landscape'>\n\t\t\t\t<a href='https:\/\/www.arquimaster.com.ar\/web\/wp-content\/uploads\/2023\/07\/rio_arriba_s_iii_032.jpg' title=\"Edificio de viviendas R\u00edo Arriba \/ Arq. Pablo Gagliardo (\u00a9 Ramiro Sosa)\" data-rl_title=\"Edificio de viviendas R\u00edo Arriba \/ Arq. Pablo Gagliardo (\u00a9 Ramiro Sosa)\" class=\"rl-gallery-link\" data-rl_caption=\"Edificio de viviendas R\u00edo Arriba \/ Arq. Pablo Gagliardo (\u00a9 Ramiro Sosa)\" data-rel=\"lightbox-gallery-2\"><img loading=\"lazy\" decoding=\"async\" width=\"150\" height=\"150\" src=\"https:\/\/www.arquimaster.com.ar\/web\/wp-content\/uploads\/2023\/07\/rio_arriba_s_iii_032-150x150.jpg\" class=\"attachment-thumbnail size-thumbnail\" alt=\"Edificio de viviendas R\u00edo Arriba \/ Arq. Pablo Gagliardo\" aria-describedby=\"gallery-2-76749\" \/><\/a>\n\t\t\t<\/div>\n\t\t\t\t<figcaption class='wp-caption-text gallery-caption' id='gallery-2-76749'>\n\t\t\t\tEdificio de viviendas R\u00edo Arriba \/ Arq. Pablo Gagliardo (\u00a9 Ramiro Sosa)\n\t\t\t\t<\/figcaption><\/figure><figure class='gallery-item'>\n\t\t\t<div class='gallery-icon landscape'>\n\t\t\t\t<a href='https:\/\/www.arquimaster.com.ar\/web\/wp-content\/uploads\/2023\/07\/rio_arriba_s_iii_033.jpg' title=\"Edificio de viviendas R\u00edo Arriba \/ Arq. Pablo Gagliardo (\u00a9 Ramiro Sosa)\" data-rl_title=\"Edificio de viviendas R\u00edo Arriba \/ Arq. Pablo Gagliardo (\u00a9 Ramiro Sosa)\" class=\"rl-gallery-link\" data-rl_caption=\"Edificio de viviendas R\u00edo Arriba \/ Arq. Pablo Gagliardo (\u00a9 Ramiro Sosa)\" data-rel=\"lightbox-gallery-2\"><img loading=\"lazy\" decoding=\"async\" width=\"150\" height=\"150\" src=\"https:\/\/www.arquimaster.com.ar\/web\/wp-content\/uploads\/2023\/07\/rio_arriba_s_iii_033-150x150.jpg\" class=\"attachment-thumbnail size-thumbnail\" alt=\"Edificio de viviendas R\u00edo Arriba \/ Arq. Pablo Gagliardo\" aria-describedby=\"gallery-2-76750\" \/><\/a>\n\t\t\t<\/div>\n\t\t\t\t<figcaption class='wp-caption-text gallery-caption' id='gallery-2-76750'>\n\t\t\t\tEdificio de viviendas R\u00edo Arriba \/ Arq. Pablo Gagliardo (\u00a9 Ramiro Sosa)\n\t\t\t\t<\/figcaption><\/figure><figure class='gallery-item'>\n\t\t\t<div class='gallery-icon portrait'>\n\t\t\t\t<a href='https:\/\/www.arquimaster.com.ar\/web\/wp-content\/uploads\/2023\/07\/rio_arriba_s_iii_034.jpg' title=\"Edificio de viviendas R\u00edo Arriba \/ Arq. Pablo Gagliardo (\u00a9 Ramiro Sosa)\" data-rl_title=\"Edificio de viviendas R\u00edo Arriba \/ Arq. Pablo Gagliardo (\u00a9 Ramiro Sosa)\" class=\"rl-gallery-link\" data-rl_caption=\"Edificio de viviendas R\u00edo Arriba \/ Arq. Pablo Gagliardo (\u00a9 Ramiro Sosa)\" data-rel=\"lightbox-gallery-2\"><img loading=\"lazy\" decoding=\"async\" width=\"150\" height=\"150\" src=\"https:\/\/www.arquimaster.com.ar\/web\/wp-content\/uploads\/2023\/07\/rio_arriba_s_iii_034-150x150.jpg\" class=\"attachment-thumbnail size-thumbnail\" alt=\"Edificio de viviendas R\u00edo Arriba \/ Arq. Pablo Gagliardo\" aria-describedby=\"gallery-2-76751\" \/><\/a>\n\t\t\t<\/div>\n\t\t\t\t<figcaption class='wp-caption-text gallery-caption' id='gallery-2-76751'>\n\t\t\t\tEdificio de viviendas R\u00edo Arriba \/ Arq. Pablo Gagliardo (\u00a9 Ramiro Sosa)\n\t\t\t\t<\/figcaption><\/figure><figure class='gallery-item'>\n\t\t\t<div class='gallery-icon portrait'>\n\t\t\t\t<a href='https:\/\/www.arquimaster.com.ar\/web\/wp-content\/uploads\/2023\/07\/rio_arriba_s_iii_035.jpg' title=\"Edificio de viviendas R\u00edo Arriba \/ Arq. Pablo Gagliardo (\u00a9 Ramiro Sosa)\" data-rl_title=\"Edificio de viviendas R\u00edo Arriba \/ Arq. Pablo Gagliardo (\u00a9 Ramiro Sosa)\" class=\"rl-gallery-link\" data-rl_caption=\"Edificio de viviendas R\u00edo Arriba \/ Arq. Pablo Gagliardo (\u00a9 Ramiro Sosa)\" data-rel=\"lightbox-gallery-2\"><img loading=\"lazy\" decoding=\"async\" width=\"150\" height=\"150\" src=\"https:\/\/www.arquimaster.com.ar\/web\/wp-content\/uploads\/2023\/07\/rio_arriba_s_iii_035-150x150.jpg\" class=\"attachment-thumbnail size-thumbnail\" alt=\"Edificio de viviendas R\u00edo Arriba \/ Arq. Pablo Gagliardo\" aria-describedby=\"gallery-2-76752\" \/><\/a>\n\t\t\t<\/div>\n\t\t\t\t<figcaption class='wp-caption-text gallery-caption' id='gallery-2-76752'>\n\t\t\t\tEdificio de viviendas R\u00edo Arriba \/ Arq. Pablo Gagliardo (\u00a9 Ramiro Sosa)\n\t\t\t\t<\/figcaption><\/figure><figure class='gallery-item'>\n\t\t\t<div class='gallery-icon landscape'>\n\t\t\t\t<a href='https:\/\/www.arquimaster.com.ar\/web\/wp-content\/uploads\/2023\/07\/rio_arriba_s_iii_036.jpg' title=\"Edificio de viviendas R\u00edo Arriba \/ Arq. Pablo Gagliardo (\u00a9 Ramiro Sosa)\" data-rl_title=\"Edificio de viviendas R\u00edo Arriba \/ Arq. Pablo Gagliardo (\u00a9 Ramiro Sosa)\" class=\"rl-gallery-link\" data-rl_caption=\"Edificio de viviendas R\u00edo Arriba \/ Arq. Pablo Gagliardo (\u00a9 Ramiro Sosa)\" data-rel=\"lightbox-gallery-2\"><img loading=\"lazy\" decoding=\"async\" width=\"150\" height=\"150\" src=\"https:\/\/www.arquimaster.com.ar\/web\/wp-content\/uploads\/2023\/07\/rio_arriba_s_iii_036-150x150.jpg\" class=\"attachment-thumbnail size-thumbnail\" alt=\"Edificio de viviendas R\u00edo Arriba \/ Arq. Pablo Gagliardo\" aria-describedby=\"gallery-2-76753\" \/><\/a>\n\t\t\t<\/div>\n\t\t\t\t<figcaption class='wp-caption-text gallery-caption' id='gallery-2-76753'>\n\t\t\t\tEdificio de viviendas R\u00edo Arriba \/ Arq. Pablo Gagliardo (\u00a9 Ramiro Sosa)\n\t\t\t\t<\/figcaption><\/figure><figure class='gallery-item'>\n\t\t\t<div class='gallery-icon portrait'>\n\t\t\t\t<a href='https:\/\/www.arquimaster.com.ar\/web\/wp-content\/uploads\/2023\/07\/rio_arriba_s_iii_037.jpg' title=\"Edificio de viviendas R\u00edo Arriba \/ Arq. Pablo Gagliardo (\u00a9 Ramiro Sosa)\" data-rl_title=\"Edificio de viviendas R\u00edo Arriba \/ Arq. Pablo Gagliardo (\u00a9 Ramiro Sosa)\" class=\"rl-gallery-link\" data-rl_caption=\"Edificio de viviendas R\u00edo Arriba \/ Arq. Pablo Gagliardo (\u00a9 Ramiro Sosa)\" data-rel=\"lightbox-gallery-2\"><img loading=\"lazy\" decoding=\"async\" width=\"150\" height=\"150\" src=\"https:\/\/www.arquimaster.com.ar\/web\/wp-content\/uploads\/2023\/07\/rio_arriba_s_iii_037-150x150.jpg\" class=\"attachment-thumbnail size-thumbnail\" alt=\"Edificio de viviendas R\u00edo Arriba \/ Arq. Pablo Gagliardo\" aria-describedby=\"gallery-2-76754\" \/><\/a>\n\t\t\t<\/div>\n\t\t\t\t<figcaption class='wp-caption-text gallery-caption' id='gallery-2-76754'>\n\t\t\t\tEdificio de viviendas R\u00edo Arriba \/ Arq. Pablo Gagliardo (\u00a9 Ramiro Sosa)\n\t\t\t\t<\/figcaption><\/figure><figure class='gallery-item'>\n\t\t\t<div class='gallery-icon portrait'>\n\t\t\t\t<a href='https:\/\/www.arquimaster.com.ar\/web\/wp-content\/uploads\/2023\/07\/rio_arriba_s_iii_038.jpg' title=\"Edificio de viviendas R\u00edo Arriba \/ Arq. Pablo Gagliardo (\u00a9 Ramiro Sosa)\" data-rl_title=\"Edificio de viviendas R\u00edo Arriba \/ Arq. Pablo Gagliardo (\u00a9 Ramiro Sosa)\" class=\"rl-gallery-link\" data-rl_caption=\"Edificio de viviendas R\u00edo Arriba \/ Arq. Pablo Gagliardo (\u00a9 Ramiro Sosa)\" data-rel=\"lightbox-gallery-2\"><img loading=\"lazy\" decoding=\"async\" width=\"150\" height=\"150\" src=\"https:\/\/www.arquimaster.com.ar\/web\/wp-content\/uploads\/2023\/07\/rio_arriba_s_iii_038-150x150.jpg\" class=\"attachment-thumbnail size-thumbnail\" alt=\"Edificio de viviendas R\u00edo Arriba \/ Arq. Pablo Gagliardo\" aria-describedby=\"gallery-2-76755\" \/><\/a>\n\t\t\t<\/div>\n\t\t\t\t<figcaption class='wp-caption-text gallery-caption' id='gallery-2-76755'>\n\t\t\t\tEdificio de viviendas R\u00edo Arriba \/ Arq. Pablo Gagliardo (\u00a9 Ramiro Sosa)\n\t\t\t\t<\/figcaption><\/figure><figure class='gallery-item'>\n\t\t\t<div class='gallery-icon portrait'>\n\t\t\t\t<a href='https:\/\/www.arquimaster.com.ar\/web\/wp-content\/uploads\/2023\/07\/rio_arriba_s_iii_039.jpg' title=\"Edificio de viviendas R\u00edo Arriba \/ Arq. Pablo Gagliardo (\u00a9 Ramiro Sosa)\" data-rl_title=\"Edificio de viviendas R\u00edo Arriba \/ Arq. Pablo Gagliardo (\u00a9 Ramiro Sosa)\" class=\"rl-gallery-link\" data-rl_caption=\"Edificio de viviendas R\u00edo Arriba \/ Arq. Pablo Gagliardo (\u00a9 Ramiro Sosa)\" data-rel=\"lightbox-gallery-2\"><img loading=\"lazy\" decoding=\"async\" width=\"150\" height=\"150\" src=\"https:\/\/www.arquimaster.com.ar\/web\/wp-content\/uploads\/2023\/07\/rio_arriba_s_iii_039-150x150.jpg\" class=\"attachment-thumbnail size-thumbnail\" alt=\"Edificio de viviendas R\u00edo Arriba \/ Arq. Pablo Gagliardo\" aria-describedby=\"gallery-2-76756\" \/><\/a>\n\t\t\t<\/div>\n\t\t\t\t<figcaption class='wp-caption-text gallery-caption' id='gallery-2-76756'>\n\t\t\t\tEdificio de viviendas R\u00edo Arriba \/ Arq. Pablo Gagliardo (\u00a9 Ramiro Sosa)\n\t\t\t\t<\/figcaption><\/figure><figure class='gallery-item'>\n\t\t\t<div class='gallery-icon portrait'>\n\t\t\t\t<a href='https:\/\/www.arquimaster.com.ar\/web\/wp-content\/uploads\/2023\/07\/rio_arriba_s_iii_040.jpg' title=\"Edificio de viviendas R\u00edo Arriba \/ Arq. Pablo Gagliardo (\u00a9 Ramiro Sosa)\" data-rl_title=\"Edificio de viviendas R\u00edo Arriba \/ Arq. Pablo Gagliardo (\u00a9 Ramiro Sosa)\" class=\"rl-gallery-link\" data-rl_caption=\"Edificio de viviendas R\u00edo Arriba \/ Arq. Pablo Gagliardo (\u00a9 Ramiro Sosa)\" data-rel=\"lightbox-gallery-2\"><img loading=\"lazy\" decoding=\"async\" width=\"150\" height=\"150\" src=\"https:\/\/www.arquimaster.com.ar\/web\/wp-content\/uploads\/2023\/07\/rio_arriba_s_iii_040-150x150.jpg\" class=\"attachment-thumbnail size-thumbnail\" alt=\"Edificio de viviendas R\u00edo Arriba \/ Arq. Pablo Gagliardo\" aria-describedby=\"gallery-2-76757\" \/><\/a>\n\t\t\t<\/div>\n\t\t\t\t<figcaption class='wp-caption-text gallery-caption' id='gallery-2-76757'>\n\t\t\t\tEdificio de viviendas R\u00edo Arriba \/ Arq. Pablo Gagliardo (\u00a9 Ramiro Sosa)\n\t\t\t\t<\/figcaption><\/figure><figure class='gallery-item'>\n\t\t\t<div class='gallery-icon portrait'>\n\t\t\t\t<a href='https:\/\/www.arquimaster.com.ar\/web\/wp-content\/uploads\/2023\/07\/rio_arriba_s_iii_041.jpg' title=\"Edificio de viviendas R\u00edo Arriba \/ Arq. Pablo Gagliardo (\u00a9 Ramiro Sosa)\" data-rl_title=\"Edificio de viviendas R\u00edo Arriba \/ Arq. Pablo Gagliardo (\u00a9 Ramiro Sosa)\" class=\"rl-gallery-link\" data-rl_caption=\"Edificio de viviendas R\u00edo Arriba \/ Arq. Pablo Gagliardo (\u00a9 Ramiro Sosa)\" data-rel=\"lightbox-gallery-2\"><img loading=\"lazy\" decoding=\"async\" width=\"150\" height=\"150\" src=\"https:\/\/www.arquimaster.com.ar\/web\/wp-content\/uploads\/2023\/07\/rio_arriba_s_iii_041-150x150.jpg\" class=\"attachment-thumbnail size-thumbnail\" alt=\"Edificio de viviendas R\u00edo Arriba \/ Arq. Pablo Gagliardo\" aria-describedby=\"gallery-2-76758\" \/><\/a>\n\t\t\t<\/div>\n\t\t\t\t<figcaption class='wp-caption-text gallery-caption' id='gallery-2-76758'>\n\t\t\t\tEdificio de viviendas R\u00edo Arriba \/ Arq. Pablo Gagliardo (\u00a9 Ramiro Sosa)\n\t\t\t\t<\/figcaption><\/figure><figure class='gallery-item'>\n\t\t\t<div class='gallery-icon landscape'>\n\t\t\t\t<a href='https:\/\/www.arquimaster.com.ar\/web\/wp-content\/uploads\/2023\/07\/rio_arriba_s_iii_042.jpg' title=\"Edificio de viviendas R\u00edo Arriba \/ Arq. Pablo Gagliardo (\u00a9 Ramiro Sosa)\" data-rl_title=\"Edificio de viviendas R\u00edo Arriba \/ Arq. Pablo Gagliardo (\u00a9 Ramiro Sosa)\" class=\"rl-gallery-link\" data-rl_caption=\"Edificio de viviendas R\u00edo Arriba \/ Arq. Pablo Gagliardo (\u00a9 Ramiro Sosa)\" data-rel=\"lightbox-gallery-2\"><img loading=\"lazy\" decoding=\"async\" width=\"150\" height=\"150\" src=\"https:\/\/www.arquimaster.com.ar\/web\/wp-content\/uploads\/2023\/07\/rio_arriba_s_iii_042-150x150.jpg\" class=\"attachment-thumbnail size-thumbnail\" alt=\"Edificio de viviendas R\u00edo Arriba \/ Arq. Pablo Gagliardo\" aria-describedby=\"gallery-2-76759\" \/><\/a>\n\t\t\t<\/div>\n\t\t\t\t<figcaption class='wp-caption-text gallery-caption' id='gallery-2-76759'>\n\t\t\t\tEdificio de viviendas R\u00edo Arriba \/ Arq. Pablo Gagliardo (\u00a9 Ramiro Sosa)\n\t\t\t\t<\/figcaption><\/figure><figure class='gallery-item'>\n\t\t\t<div class='gallery-icon portrait'>\n\t\t\t\t<a href='https:\/\/www.arquimaster.com.ar\/web\/wp-content\/uploads\/2023\/07\/rio_arriba_s_iii_043.jpg' title=\"Edificio de viviendas R\u00edo Arriba \/ Arq. Pablo Gagliardo (\u00a9 Ramiro Sosa)\" data-rl_title=\"Edificio de viviendas R\u00edo Arriba \/ Arq. Pablo Gagliardo (\u00a9 Ramiro Sosa)\" class=\"rl-gallery-link\" data-rl_caption=\"Edificio de viviendas R\u00edo Arriba \/ Arq. Pablo Gagliardo (\u00a9 Ramiro Sosa)\" data-rel=\"lightbox-gallery-2\"><img loading=\"lazy\" decoding=\"async\" width=\"150\" height=\"150\" src=\"https:\/\/www.arquimaster.com.ar\/web\/wp-content\/uploads\/2023\/07\/rio_arriba_s_iii_043-150x150.jpg\" class=\"attachment-thumbnail size-thumbnail\" alt=\"Edificio de viviendas R\u00edo Arriba \/ Arq. Pablo Gagliardo\" aria-describedby=\"gallery-2-76760\" \/><\/a>\n\t\t\t<\/div>\n\t\t\t\t<figcaption class='wp-caption-text gallery-caption' id='gallery-2-76760'>\n\t\t\t\tEdificio de viviendas R\u00edo Arriba \/ Arq. Pablo Gagliardo (\u00a9 Ramiro Sosa)\n\t\t\t\t<\/figcaption><\/figure><figure class='gallery-item'>\n\t\t\t<div class='gallery-icon portrait'>\n\t\t\t\t<a href='https:\/\/www.arquimaster.com.ar\/web\/wp-content\/uploads\/2023\/07\/rio_arriba_s_iii_044.jpg' title=\"Edificio de viviendas R\u00edo Arriba \/ Arq. Pablo Gagliardo (\u00a9 Ramiro Sosa)\" data-rl_title=\"Edificio de viviendas R\u00edo Arriba \/ Arq. Pablo Gagliardo (\u00a9 Ramiro Sosa)\" class=\"rl-gallery-link\" data-rl_caption=\"Edificio de viviendas R\u00edo Arriba \/ Arq. Pablo Gagliardo (\u00a9 Ramiro Sosa)\" data-rel=\"lightbox-gallery-2\"><img loading=\"lazy\" decoding=\"async\" width=\"150\" height=\"150\" src=\"https:\/\/www.arquimaster.com.ar\/web\/wp-content\/uploads\/2023\/07\/rio_arriba_s_iii_044-150x150.jpg\" class=\"attachment-thumbnail size-thumbnail\" alt=\"Edificio de viviendas R\u00edo Arriba \/ Arq. Pablo Gagliardo\" aria-describedby=\"gallery-2-76761\" \/><\/a>\n\t\t\t<\/div>\n\t\t\t\t<figcaption class='wp-caption-text gallery-caption' id='gallery-2-76761'>\n\t\t\t\tEdificio de viviendas R\u00edo Arriba \/ Arq. Pablo Gagliardo (\u00a9 Ramiro Sosa)\n\t\t\t\t<\/figcaption><\/figure><figure class='gallery-item'>\n\t\t\t<div class='gallery-icon landscape'>\n\t\t\t\t<a href='https:\/\/www.arquimaster.com.ar\/web\/wp-content\/uploads\/2023\/07\/rio_arriba_s_iii_045.jpg' title=\"Edificio de viviendas R\u00edo Arriba \/ Arq. Pablo Gagliardo (\u00a9 Ramiro Sosa)\" data-rl_title=\"Edificio de viviendas R\u00edo Arriba \/ Arq. Pablo Gagliardo (\u00a9 Ramiro Sosa)\" class=\"rl-gallery-link\" data-rl_caption=\"Edificio de viviendas R\u00edo Arriba \/ Arq. Pablo Gagliardo (\u00a9 Ramiro Sosa)\" data-rel=\"lightbox-gallery-2\"><img loading=\"lazy\" decoding=\"async\" width=\"150\" height=\"150\" src=\"https:\/\/www.arquimaster.com.ar\/web\/wp-content\/uploads\/2023\/07\/rio_arriba_s_iii_045-150x150.jpg\" class=\"attachment-thumbnail size-thumbnail\" alt=\"Edificio de viviendas R\u00edo Arriba \/ Arq. Pablo Gagliardo\" aria-describedby=\"gallery-2-76762\" \/><\/a>\n\t\t\t<\/div>\n\t\t\t\t<figcaption class='wp-caption-text gallery-caption' id='gallery-2-76762'>\n\t\t\t\tEdificio de viviendas R\u00edo Arriba \/ Arq. Pablo Gagliardo (\u00a9 Ramiro Sosa)\n\t\t\t\t<\/figcaption><\/figure><figure class='gallery-item'>\n\t\t\t<div class='gallery-icon portrait'>\n\t\t\t\t<a href='https:\/\/www.arquimaster.com.ar\/web\/wp-content\/uploads\/2023\/07\/rio_arriba_s_iii_046.jpg' title=\"Edificio de viviendas R\u00edo Arriba \/ Arq. Pablo Gagliardo (\u00a9 Ramiro Sosa)\" data-rl_title=\"Edificio de viviendas R\u00edo Arriba \/ Arq. Pablo Gagliardo (\u00a9 Ramiro Sosa)\" class=\"rl-gallery-link\" data-rl_caption=\"Edificio de viviendas R\u00edo Arriba \/ Arq. Pablo Gagliardo (\u00a9 Ramiro Sosa)\" data-rel=\"lightbox-gallery-2\"><img loading=\"lazy\" decoding=\"async\" width=\"150\" height=\"150\" src=\"https:\/\/www.arquimaster.com.ar\/web\/wp-content\/uploads\/2023\/07\/rio_arriba_s_iii_046-150x150.jpg\" class=\"attachment-thumbnail size-thumbnail\" alt=\"Edificio de viviendas R\u00edo Arriba \/ Arq. Pablo Gagliardo\" aria-describedby=\"gallery-2-76763\" \/><\/a>\n\t\t\t<\/div>\n\t\t\t\t<figcaption class='wp-caption-text gallery-caption' id='gallery-2-76763'>\n\t\t\t\tEdificio de viviendas R\u00edo Arriba \/ Arq. Pablo Gagliardo (\u00a9 Ramiro Sosa)\n\t\t\t\t<\/figcaption><\/figure><figure class='gallery-item'>\n\t\t\t<div class='gallery-icon landscape'>\n\t\t\t\t<a href='https:\/\/www.arquimaster.com.ar\/web\/wp-content\/uploads\/2023\/07\/rio_arriba_s_iii_047.jpg' title=\"Edificio de viviendas R\u00edo Arriba \/ Arq. Pablo Gagliardo (\u00a9 Ramiro Sosa)\" data-rl_title=\"Edificio de viviendas R\u00edo Arriba \/ Arq. Pablo Gagliardo (\u00a9 Ramiro Sosa)\" class=\"rl-gallery-link\" data-rl_caption=\"Edificio de viviendas R\u00edo Arriba \/ Arq. Pablo Gagliardo (\u00a9 Ramiro Sosa)\" data-rel=\"lightbox-gallery-2\"><img loading=\"lazy\" decoding=\"async\" width=\"150\" height=\"150\" src=\"https:\/\/www.arquimaster.com.ar\/web\/wp-content\/uploads\/2023\/07\/rio_arriba_s_iii_047-150x150.jpg\" class=\"attachment-thumbnail size-thumbnail\" alt=\"Edificio de viviendas R\u00edo Arriba \/ Arq. Pablo Gagliardo\" aria-describedby=\"gallery-2-76764\" \/><\/a>\n\t\t\t<\/div>\n\t\t\t\t<figcaption class='wp-caption-text gallery-caption' id='gallery-2-76764'>\n\t\t\t\tEdificio de viviendas R\u00edo Arriba \/ Arq. Pablo Gagliardo (\u00a9 Ramiro Sosa)\n\t\t\t\t<\/figcaption><\/figure><figure class='gallery-item'>\n\t\t\t<div class='gallery-icon portrait'>\n\t\t\t\t<a href='https:\/\/www.arquimaster.com.ar\/web\/wp-content\/uploads\/2023\/07\/rio_arriba_s_iii_048.jpg' title=\"Edificio de viviendas R\u00edo Arriba \/ Arq. Pablo Gagliardo (\u00a9 Ramiro Sosa)\" data-rl_title=\"Edificio de viviendas R\u00edo Arriba \/ Arq. Pablo Gagliardo (\u00a9 Ramiro Sosa)\" class=\"rl-gallery-link\" data-rl_caption=\"Edificio de viviendas R\u00edo Arriba \/ Arq. Pablo Gagliardo (\u00a9 Ramiro Sosa)\" data-rel=\"lightbox-gallery-2\"><img loading=\"lazy\" decoding=\"async\" width=\"150\" height=\"150\" src=\"https:\/\/www.arquimaster.com.ar\/web\/wp-content\/uploads\/2023\/07\/rio_arriba_s_iii_048-150x150.jpg\" class=\"attachment-thumbnail size-thumbnail\" alt=\"Edificio de viviendas R\u00edo Arriba \/ Arq. Pablo Gagliardo\" aria-describedby=\"gallery-2-76765\" \/><\/a>\n\t\t\t<\/div>\n\t\t\t\t<figcaption class='wp-caption-text gallery-caption' id='gallery-2-76765'>\n\t\t\t\tEdificio de viviendas R\u00edo Arriba \/ Arq. Pablo Gagliardo (\u00a9 Ramiro Sosa)\n\t\t\t\t<\/figcaption><\/figure><figure class='gallery-item'>\n\t\t\t<div class='gallery-icon landscape'>\n\t\t\t\t<a href='https:\/\/www.arquimaster.com.ar\/web\/wp-content\/uploads\/2023\/07\/rio_arriba_s_iii_049.jpg' title=\"Edificio de viviendas R\u00edo Arriba \/ Arq. Pablo Gagliardo (\u00a9 Ramiro Sosa)\" data-rl_title=\"Edificio de viviendas R\u00edo Arriba \/ Arq. Pablo Gagliardo (\u00a9 Ramiro Sosa)\" class=\"rl-gallery-link\" data-rl_caption=\"Edificio de viviendas R\u00edo Arriba \/ Arq. Pablo Gagliardo (\u00a9 Ramiro Sosa)\" data-rel=\"lightbox-gallery-2\"><img loading=\"lazy\" decoding=\"async\" width=\"150\" height=\"150\" src=\"https:\/\/www.arquimaster.com.ar\/web\/wp-content\/uploads\/2023\/07\/rio_arriba_s_iii_049-150x150.jpg\" class=\"attachment-thumbnail size-thumbnail\" alt=\"Edificio de viviendas R\u00edo Arriba \/ Arq. Pablo Gagliardo\" aria-describedby=\"gallery-2-76766\" \/><\/a>\n\t\t\t<\/div>\n\t\t\t\t<figcaption class='wp-caption-text gallery-caption' id='gallery-2-76766'>\n\t\t\t\tEdificio de viviendas R\u00edo Arriba \/ Arq. Pablo Gagliardo (\u00a9 Ramiro Sosa)\n\t\t\t\t<\/figcaption><\/figure><figure class='gallery-item'>\n\t\t\t<div class='gallery-icon landscape'>\n\t\t\t\t<a href='https:\/\/www.arquimaster.com.ar\/web\/wp-content\/uploads\/2023\/07\/rio_arriba_s_iii_050.jpg' title=\"Edificio de viviendas R\u00edo Arriba \/ Arq. Pablo Gagliardo (\u00a9 Ramiro Sosa)\" data-rl_title=\"Edificio de viviendas R\u00edo Arriba \/ Arq. Pablo Gagliardo (\u00a9 Ramiro Sosa)\" class=\"rl-gallery-link\" data-rl_caption=\"Edificio de viviendas R\u00edo Arriba \/ Arq. Pablo Gagliardo (\u00a9 Ramiro Sosa)\" data-rel=\"lightbox-gallery-2\"><img loading=\"lazy\" decoding=\"async\" width=\"150\" height=\"150\" src=\"https:\/\/www.arquimaster.com.ar\/web\/wp-content\/uploads\/2023\/07\/rio_arriba_s_iii_050-150x150.jpg\" class=\"attachment-thumbnail size-thumbnail\" alt=\"Edificio de viviendas R\u00edo Arriba \/ Arq. Pablo Gagliardo\" aria-describedby=\"gallery-2-76767\" \/><\/a>\n\t\t\t<\/div>\n\t\t\t\t<figcaption class='wp-caption-text gallery-caption' id='gallery-2-76767'>\n\t\t\t\tEdificio de viviendas R\u00edo Arriba \/ Arq. Pablo Gagliardo (\u00a9 Ramiro Sosa)\n\t\t\t\t<\/figcaption><\/figure><figure class='gallery-item'>\n\t\t\t<div class='gallery-icon portrait'>\n\t\t\t\t<a href='https:\/\/www.arquimaster.com.ar\/web\/wp-content\/uploads\/2023\/07\/rio_arriba_s_iii_051.jpg' title=\"Edificio de viviendas R\u00edo Arriba \/ Arq. Pablo Gagliardo (\u00a9 Ramiro Sosa)\" data-rl_title=\"Edificio de viviendas R\u00edo Arriba \/ Arq. Pablo Gagliardo (\u00a9 Ramiro Sosa)\" class=\"rl-gallery-link\" data-rl_caption=\"Edificio de viviendas R\u00edo Arriba \/ Arq. Pablo Gagliardo (\u00a9 Ramiro Sosa)\" data-rel=\"lightbox-gallery-2\"><img loading=\"lazy\" decoding=\"async\" width=\"150\" height=\"150\" src=\"https:\/\/www.arquimaster.com.ar\/web\/wp-content\/uploads\/2023\/07\/rio_arriba_s_iii_051-150x150.jpg\" class=\"attachment-thumbnail size-thumbnail\" alt=\"Edificio de viviendas R\u00edo Arriba \/ Arq. Pablo Gagliardo\" aria-describedby=\"gallery-2-76768\" \/><\/a>\n\t\t\t<\/div>\n\t\t\t\t<figcaption class='wp-caption-text gallery-caption' id='gallery-2-76768'>\n\t\t\t\tEdificio de viviendas R\u00edo Arriba \/ Arq. Pablo Gagliardo (\u00a9 Ramiro Sosa)\n\t\t\t\t<\/figcaption><\/figure><figure class='gallery-item'>\n\t\t\t<div class='gallery-icon landscape'>\n\t\t\t\t<a href='https:\/\/www.arquimaster.com.ar\/web\/wp-content\/uploads\/2023\/07\/rio_arriba_s_iii_052.jpg' title=\"Edificio de viviendas R\u00edo Arriba \/ Arq. Pablo Gagliardo (\u00a9 Ramiro Sosa)\" data-rl_title=\"Edificio de viviendas R\u00edo Arriba \/ Arq. Pablo Gagliardo (\u00a9 Ramiro Sosa)\" class=\"rl-gallery-link\" data-rl_caption=\"Edificio de viviendas R\u00edo Arriba \/ Arq. Pablo Gagliardo (\u00a9 Ramiro Sosa)\" data-rel=\"lightbox-gallery-2\"><img loading=\"lazy\" decoding=\"async\" width=\"150\" height=\"150\" src=\"https:\/\/www.arquimaster.com.ar\/web\/wp-content\/uploads\/2023\/07\/rio_arriba_s_iii_052-150x150.jpg\" class=\"attachment-thumbnail size-thumbnail\" alt=\"Edificio de viviendas R\u00edo Arriba \/ Arq. Pablo Gagliardo\" aria-describedby=\"gallery-2-76769\" \/><\/a>\n\t\t\t<\/div>\n\t\t\t\t<figcaption class='wp-caption-text gallery-caption' id='gallery-2-76769'>\n\t\t\t\tEdificio de viviendas R\u00edo Arriba \/ Arq. Pablo Gagliardo (\u00a9 Ramiro Sosa)\n\t\t\t\t<\/figcaption><\/figure><figure class='gallery-item'>\n\t\t\t<div class='gallery-icon landscape'>\n\t\t\t\t<a href='https:\/\/www.arquimaster.com.ar\/web\/wp-content\/uploads\/2023\/07\/rio_arriba_s_iii_053.jpg' title=\"Edificio de viviendas R\u00edo Arriba \/ Arq. Pablo Gagliardo (\u00a9 Ramiro Sosa)\" data-rl_title=\"Edificio de viviendas R\u00edo Arriba \/ Arq. Pablo Gagliardo (\u00a9 Ramiro Sosa)\" class=\"rl-gallery-link\" data-rl_caption=\"Edificio de viviendas R\u00edo Arriba \/ Arq. Pablo Gagliardo (\u00a9 Ramiro Sosa)\" data-rel=\"lightbox-gallery-2\"><img loading=\"lazy\" decoding=\"async\" width=\"150\" height=\"150\" src=\"https:\/\/www.arquimaster.com.ar\/web\/wp-content\/uploads\/2023\/07\/rio_arriba_s_iii_053-150x150.jpg\" class=\"attachment-thumbnail size-thumbnail\" alt=\"Edificio de viviendas R\u00edo Arriba \/ Arq. Pablo Gagliardo\" aria-describedby=\"gallery-2-76770\" \/><\/a>\n\t\t\t<\/div>\n\t\t\t\t<figcaption class='wp-caption-text gallery-caption' id='gallery-2-76770'>\n\t\t\t\tEdificio de viviendas R\u00edo Arriba \/ Arq. Pablo Gagliardo (\u00a9 Ramiro Sosa)\n\t\t\t\t<\/figcaption><\/figure><figure class='gallery-item'>\n\t\t\t<div class='gallery-icon landscape'>\n\t\t\t\t<a href='https:\/\/www.arquimaster.com.ar\/web\/wp-content\/uploads\/2023\/07\/rio_arriba_s_iii_054.jpg' title=\"Edificio de viviendas R\u00edo Arriba \/ Arq. Pablo Gagliardo (\u00a9 Ramiro Sosa)\" data-rl_title=\"Edificio de viviendas R\u00edo Arriba \/ Arq. Pablo Gagliardo (\u00a9 Ramiro Sosa)\" class=\"rl-gallery-link\" data-rl_caption=\"Edificio de viviendas R\u00edo Arriba \/ Arq. Pablo Gagliardo (\u00a9 Ramiro Sosa)\" data-rel=\"lightbox-gallery-2\"><img loading=\"lazy\" decoding=\"async\" width=\"150\" height=\"150\" src=\"https:\/\/www.arquimaster.com.ar\/web\/wp-content\/uploads\/2023\/07\/rio_arriba_s_iii_054-150x150.jpg\" class=\"attachment-thumbnail size-thumbnail\" alt=\"Edificio de viviendas R\u00edo Arriba \/ Arq. Pablo Gagliardo\" aria-describedby=\"gallery-2-76771\" \/><\/a>\n\t\t\t<\/div>\n\t\t\t\t<figcaption class='wp-caption-text gallery-caption' id='gallery-2-76771'>\n\t\t\t\tEdificio de viviendas R\u00edo Arriba \/ Arq. Pablo Gagliardo (\u00a9 Ramiro Sosa)\n\t\t\t\t<\/figcaption><\/figure><figure class='gallery-item'>\n\t\t\t<div class='gallery-icon landscape'>\n\t\t\t\t<a href='https:\/\/www.arquimaster.com.ar\/web\/wp-content\/uploads\/2023\/07\/rio_arriba_s_iii_055.jpg' title=\"Edificio de viviendas R\u00edo Arriba \/ Arq. Pablo Gagliardo (\u00a9 Ramiro Sosa)\" data-rl_title=\"Edificio de viviendas R\u00edo Arriba \/ Arq. Pablo Gagliardo (\u00a9 Ramiro Sosa)\" class=\"rl-gallery-link\" data-rl_caption=\"Edificio de viviendas R\u00edo Arriba \/ Arq. Pablo Gagliardo (\u00a9 Ramiro Sosa)\" data-rel=\"lightbox-gallery-2\"><img loading=\"lazy\" decoding=\"async\" width=\"150\" height=\"150\" src=\"https:\/\/www.arquimaster.com.ar\/web\/wp-content\/uploads\/2023\/07\/rio_arriba_s_iii_055-150x150.jpg\" class=\"attachment-thumbnail size-thumbnail\" alt=\"Edificio de viviendas R\u00edo Arriba \/ Arq. Pablo Gagliardo\" aria-describedby=\"gallery-2-76772\" \/><\/a>\n\t\t\t<\/div>\n\t\t\t\t<figcaption class='wp-caption-text gallery-caption' id='gallery-2-76772'>\n\t\t\t\tEdificio de viviendas R\u00edo Arriba \/ Arq. Pablo Gagliardo (\u00a9 Ramiro Sosa)\n\t\t\t\t<\/figcaption><\/figure><figure class='gallery-item'>\n\t\t\t<div class='gallery-icon landscape'>\n\t\t\t\t<a href='https:\/\/www.arquimaster.com.ar\/web\/wp-content\/uploads\/2023\/07\/rio_arriba_s_iii_056.jpg' title=\"Edificio de viviendas R\u00edo Arriba \/ Arq. Pablo Gagliardo (\u00a9 Ramiro Sosa)\" data-rl_title=\"Edificio de viviendas R\u00edo Arriba \/ Arq. Pablo Gagliardo (\u00a9 Ramiro Sosa)\" class=\"rl-gallery-link\" data-rl_caption=\"Edificio de viviendas R\u00edo Arriba \/ Arq. Pablo Gagliardo (\u00a9 Ramiro Sosa)\" data-rel=\"lightbox-gallery-2\"><img loading=\"lazy\" decoding=\"async\" width=\"150\" height=\"150\" src=\"https:\/\/www.arquimaster.com.ar\/web\/wp-content\/uploads\/2023\/07\/rio_arriba_s_iii_056-150x150.jpg\" class=\"attachment-thumbnail size-thumbnail\" alt=\"Edificio de viviendas R\u00edo Arriba \/ Arq. Pablo Gagliardo\" aria-describedby=\"gallery-2-76773\" \/><\/a>\n\t\t\t<\/div>\n\t\t\t\t<figcaption class='wp-caption-text gallery-caption' id='gallery-2-76773'>\n\t\t\t\tEdificio de viviendas R\u00edo Arriba \/ Arq. Pablo Gagliardo (\u00a9 Ramiro Sosa)\n\t\t\t\t<\/figcaption><\/figure><figure class='gallery-item'>\n\t\t\t<div class='gallery-icon portrait'>\n\t\t\t\t<a href='https:\/\/www.arquimaster.com.ar\/web\/wp-content\/uploads\/2023\/07\/rio_arriba_s_iii_057.jpg' title=\"Edificio de viviendas R\u00edo Arriba \/ Arq. Pablo Gagliardo (\u00a9 Ramiro Sosa)\" data-rl_title=\"Edificio de viviendas R\u00edo Arriba \/ Arq. Pablo Gagliardo (\u00a9 Ramiro Sosa)\" class=\"rl-gallery-link\" data-rl_caption=\"Edificio de viviendas R\u00edo Arriba \/ Arq. Pablo Gagliardo (\u00a9 Ramiro Sosa)\" data-rel=\"lightbox-gallery-2\"><img loading=\"lazy\" decoding=\"async\" width=\"150\" height=\"150\" src=\"https:\/\/www.arquimaster.com.ar\/web\/wp-content\/uploads\/2023\/07\/rio_arriba_s_iii_057-150x150.jpg\" class=\"attachment-thumbnail size-thumbnail\" alt=\"Edificio de viviendas R\u00edo Arriba \/ Arq. Pablo Gagliardo\" aria-describedby=\"gallery-2-76774\" \/><\/a>\n\t\t\t<\/div>\n\t\t\t\t<figcaption class='wp-caption-text gallery-caption' id='gallery-2-76774'>\n\t\t\t\tEdificio de viviendas R\u00edo Arriba \/ Arq. Pablo Gagliardo (\u00a9 Ramiro Sosa)\n\t\t\t\t<\/figcaption><\/figure><figure class='gallery-item'>\n\t\t\t<div class='gallery-icon landscape'>\n\t\t\t\t<a href='https:\/\/www.arquimaster.com.ar\/web\/wp-content\/uploads\/2023\/07\/rio_arriba_s_iii_058.jpg' title=\"Edificio de viviendas R\u00edo Arriba \/ Arq. Pablo Gagliardo (\u00a9 Ramiro Sosa)\" data-rl_title=\"Edificio de viviendas R\u00edo Arriba \/ Arq. Pablo Gagliardo (\u00a9 Ramiro Sosa)\" class=\"rl-gallery-link\" data-rl_caption=\"Edificio de viviendas R\u00edo Arriba \/ Arq. Pablo Gagliardo (\u00a9 Ramiro Sosa)\" data-rel=\"lightbox-gallery-2\"><img loading=\"lazy\" decoding=\"async\" width=\"150\" height=\"150\" src=\"https:\/\/www.arquimaster.com.ar\/web\/wp-content\/uploads\/2023\/07\/rio_arriba_s_iii_058-150x150.jpg\" class=\"attachment-thumbnail size-thumbnail\" alt=\"Edificio de viviendas R\u00edo Arriba \/ Arq. Pablo Gagliardo\" aria-describedby=\"gallery-2-76775\" \/><\/a>\n\t\t\t<\/div>\n\t\t\t\t<figcaption class='wp-caption-text gallery-caption' id='gallery-2-76775'>\n\t\t\t\tEdificio de viviendas R\u00edo Arriba \/ Arq. Pablo Gagliardo (\u00a9 Ramiro Sosa)\n\t\t\t\t<\/figcaption><\/figure><figure class='gallery-item'>\n\t\t\t<div class='gallery-icon landscape'>\n\t\t\t\t<a href='https:\/\/www.arquimaster.com.ar\/web\/wp-content\/uploads\/2023\/07\/rio_arriba_s_iii_059.jpg' title=\"Edificio de viviendas R\u00edo Arriba \/ Arq. Pablo Gagliardo (\u00a9 Ramiro Sosa)\" data-rl_title=\"Edificio de viviendas R\u00edo Arriba \/ Arq. Pablo Gagliardo (\u00a9 Ramiro Sosa)\" class=\"rl-gallery-link\" data-rl_caption=\"Edificio de viviendas R\u00edo Arriba \/ Arq. Pablo Gagliardo (\u00a9 Ramiro Sosa)\" data-rel=\"lightbox-gallery-2\"><img loading=\"lazy\" decoding=\"async\" width=\"150\" height=\"150\" src=\"https:\/\/www.arquimaster.com.ar\/web\/wp-content\/uploads\/2023\/07\/rio_arriba_s_iii_059-150x150.jpg\" class=\"attachment-thumbnail size-thumbnail\" alt=\"Edificio de viviendas R\u00edo Arriba \/ Arq. Pablo Gagliardo\" aria-describedby=\"gallery-2-76776\" \/><\/a>\n\t\t\t<\/div>\n\t\t\t\t<figcaption class='wp-caption-text gallery-caption' id='gallery-2-76776'>\n\t\t\t\tEdificio de viviendas R\u00edo Arriba \/ Arq. Pablo Gagliardo (\u00a9 Ramiro Sosa)\n\t\t\t\t<\/figcaption><\/figure><figure class='gallery-item'>\n\t\t\t<div class='gallery-icon portrait'>\n\t\t\t\t<a href='https:\/\/www.arquimaster.com.ar\/web\/wp-content\/uploads\/2023\/07\/rio_arriba_s_iii_060.jpg' title=\"Edificio de viviendas R\u00edo Arriba \/ Arq. Pablo Gagliardo (planta baja)\" data-rl_title=\"Edificio de viviendas R\u00edo Arriba \/ Arq. Pablo Gagliardo (planta baja)\" class=\"rl-gallery-link\" data-rl_caption=\"Edificio de viviendas R\u00edo Arriba \/ Arq. Pablo Gagliardo (planta baja)\" data-rel=\"lightbox-gallery-2\"><img loading=\"lazy\" decoding=\"async\" width=\"150\" height=\"150\" src=\"https:\/\/www.arquimaster.com.ar\/web\/wp-content\/uploads\/2023\/07\/rio_arriba_s_iii_060-150x150.jpg\" class=\"attachment-thumbnail size-thumbnail\" alt=\"Edificio de viviendas R\u00edo Arriba \/ Arq. Pablo Gagliardo\" aria-describedby=\"gallery-2-76777\" \/><\/a>\n\t\t\t<\/div>\n\t\t\t\t<figcaption class='wp-caption-text gallery-caption' id='gallery-2-76777'>\n\t\t\t\tEdificio de viviendas R\u00edo Arriba \/ Arq. Pablo Gagliardo (planta baja)\n\t\t\t\t<\/figcaption><\/figure><figure class='gallery-item'>\n\t\t\t<div class='gallery-icon portrait'>\n\t\t\t\t<a href='https:\/\/www.arquimaster.com.ar\/web\/wp-content\/uploads\/2023\/07\/rio_arriba_s_iii_061.jpg' title=\"Edificio de viviendas R\u00edo Arriba \/ Arq. Pablo Gagliardo (planta tipo)\" data-rl_title=\"Edificio de viviendas R\u00edo Arriba \/ Arq. Pablo Gagliardo (planta tipo)\" class=\"rl-gallery-link\" data-rl_caption=\"Edificio de viviendas R\u00edo Arriba \/ Arq. Pablo Gagliardo (planta tipo)\" data-rel=\"lightbox-gallery-2\"><img loading=\"lazy\" decoding=\"async\" width=\"150\" height=\"150\" src=\"https:\/\/www.arquimaster.com.ar\/web\/wp-content\/uploads\/2023\/07\/rio_arriba_s_iii_061-150x150.jpg\" class=\"attachment-thumbnail size-thumbnail\" alt=\"Edificio de viviendas R\u00edo Arriba \/ Arq. Pablo Gagliardo\" aria-describedby=\"gallery-2-76778\" \/><\/a>\n\t\t\t<\/div>\n\t\t\t\t<figcaption class='wp-caption-text gallery-caption' id='gallery-2-76778'>\n\t\t\t\tEdificio de viviendas R\u00edo Arriba \/ Arq. Pablo Gagliardo (planta tipo)\n\t\t\t\t<\/figcaption><\/figure><figure class='gallery-item'>\n\t\t\t<div class='gallery-icon portrait'>\n\t\t\t\t<a href='https:\/\/www.arquimaster.com.ar\/web\/wp-content\/uploads\/2023\/07\/rio_arriba_s_iii_062.jpg' title=\"Edificio de viviendas R\u00edo Arriba \/ Arq. Pablo Gagliardo (planta de techos)\" data-rl_title=\"Edificio de viviendas R\u00edo Arriba \/ Arq. Pablo Gagliardo (planta de techos)\" class=\"rl-gallery-link\" data-rl_caption=\"Edificio de viviendas R\u00edo Arriba \/ Arq. Pablo Gagliardo (planta de techos)\" data-rel=\"lightbox-gallery-2\"><img loading=\"lazy\" decoding=\"async\" width=\"150\" height=\"150\" src=\"https:\/\/www.arquimaster.com.ar\/web\/wp-content\/uploads\/2023\/07\/rio_arriba_s_iii_062-150x150.jpg\" class=\"attachment-thumbnail size-thumbnail\" alt=\"Edificio de viviendas R\u00edo Arriba \/ Arq. Pablo Gagliardo\" aria-describedby=\"gallery-2-76779\" \/><\/a>\n\t\t\t<\/div>\n\t\t\t\t<figcaption class='wp-caption-text gallery-caption' id='gallery-2-76779'>\n\t\t\t\tEdificio de viviendas R\u00edo Arriba \/ Arq. Pablo Gagliardo (planta de techos)\n\t\t\t\t<\/figcaption><\/figure>\n\t\t<\/div>\n\n<p>En cuanto a la fachadas, desde el r\u00edo o desde el jard\u00edn de planta baja, donde se ubican la piscina, solariums y amenities, la piel del edificio repite el gesto contundente de las obras del autor: s\u00f3lo hormig\u00f3n a la vista y vidrio en conjunto con losas sin interrupci\u00f3n que desdibujan los l\u00edmites de interior-exterior y facilitan el di\u00e1logo de arquitectura con la ciudad.<\/p>\n<p>Esta idea, adem\u00e1s, se refuerza en todos los pisos con canteros laterales en la estructura de cada unidad que en su repetici\u00f3n vertical conectan a la vegetaci\u00f3n del parque vecino con la totalidad de la obra. El hormig\u00f3n es tratado de una forma particular, como una envolvente suave y flexible, que se curva para formar nuevos espacios sin l\u00edmites.<\/p>\n\n\n<div style=\"height:20px\" aria-hidden=\"true\" class=\"wp-block-spacer\"><\/div>\n\n\n\n<p class=\"has-background\" style=\"background-color:#eaeaea\"><strong>Ficha t\u00e9cnica<\/strong><br>Nombre: R\u00edo Arriba<br>Ubicaci\u00f3n: Oliv\u00e9 954, Rosario, Pcia. de Santa Fe, Argentina<br>Arquitectos: Arq. Pablo Gagliardo<br>Colaboradores: Sebasti\u00e1n Larpin, Luc\u00eda Galfione, Denise Fernandez, Betiana Ferrero, Ana Mugica, Cecilia Alianak<br>Ingenier\u00eda: Ing. Orengo y Asociados<br>Paisajismo: Ing. Fuster &amp; Asociados<br>Construcci\u00f3n: Obring SA<br>Superficie: 6.800 m2<br>A\u00f1o: 2021<br>Fotograf\u00edas: <a href=\"https:\/\/www.instagram.com\/ramirososafotografia\/\" target=\"_blank\" rel=\"noreferrer noopener\">Ramiro Sosa<\/a><br><br><strong>Contacto<\/strong><br><a href=\"https:\/\/www.instagram.com\/pablogagliardo\/\" target=\"_blank\" rel=\"noreferrer noopener\">https:\/\/www.instagram.com\/pablogagliardo\/<\/a><\/p>\n\n\n\n<div style=\"height:40px\" aria-hidden=\"true\" class=\"wp-block-spacer\"><\/div>\n\n\n<p><strong><em>English version<\/em><\/strong><\/p>\n<p><em>R\u00edo Arriba is a residential building located in the northern area of the city of Rosario where the Paran\u00e1 River, Alem Park and the new Municipal Aquarium complex converge.<\/em><\/p>\n<p><em>It is made up of 20 floors with a unique and differential feature: its large individual terraces that look at different planes of a great scene: the river, the vegetation and the height.<\/em><\/p>\n<p><em>The tower respects the rhythm of the urban area and in its entrance street it withdraws to occupy the bottom of the land and thus generate a low, green income that integrates with the context. The building rejects the idea of a front versus a background and thus manages to multiply the facades according to the observer&#8217;s point of view. It gains height where the terraces need it and adapts its scale to interact with the neighborhood.<\/em><\/p>\n<p><em>Said duality increases its singular character: an efficient home for those who seek the environments and possibilities of a house, added to the particularities and quality offered by an Obring Arquitectura building.<\/em><\/p>\n<p><em>Its semi-floors, which have exclusive surfaces from 120 to 160 m2, are made up of three bedrooms facing the city and a large central room facing the river where there is a living-dining room, an integrated kitchen and a large private terrace. A generous open space towards the Park that offers a real continuity of the living room and that adds to the house the most desired characteristics of a house with a garden: protection, green spaces, outdoor kitchen and open air.<\/em><\/p>\n<p><em>As for the facades, from the river or from the garden on the ground floor, where the swimming pool, solariums and amenities are located, the skin of the building repeats the forceful gesture of the author&#8217;s works: only exposed concrete and glass together. with uninterrupted slabs that blur the interior-exterior limits and facilitate the dialogue of architecture with the city.<\/em><\/p>\n<p><em>This idea is also reinforced on all floors with lateral flower beds in the structure of each unit that, in their vertical repetition, connect the vegetation of the neighboring park with the entirety of the work. The concrete is treated in a particular way, as a soft and flexible envelope, which curves to form new spaces without limits.<\/em><\/p>\n<div style=\"font-size: 0px; height: 0px; line-height: 0px; margin: 0; padding: 0; clear: both;\"><\/div><div style=\"margin-top: 0px; margin-bottom: 0px;\" class=\"sharethis-inline-share-buttons\" ><\/div>","protected":false},"excerpt":{"rendered":"<p>Amplias terrazas individuales que miran al R\u00edo, la vegetaci\u00f3n y la altura&#8230;<\/p>\n","protected":false},"author":1,"featured_media":76717,"comment_status":"closed","ping_status":"closed","sticky":false,"template":"","format":"standard","meta":{"_uag_custom_page_level_css":"","footnotes":""},"categories":[80,1],"tags":[4282,87,5884,1176,1174,4202,468,91],"class_list":["post-76716","post","type-post","status-publish","format-standard","has-post-thumbnail","hentry","category-edificio-viviendas","category-proyecto","tag-arquitectura-residencial","tag-edificio-de-viviendas","tag-estudio-pablo-gagliardo","tag-hormigon-a-la-vista","tag-hormigon-armado","tag-pablo-gagliardo","tag-rosario","tag-vivienda-multifamiliar","generate-columns","tablet-grid-50","mobile-grid-100","grid-parent","grid-50"],"yoast_head":"<!-- This site is optimized with the Yoast SEO plugin v27.3 - https:\/\/yoast.com\/product\/yoast-seo-wordpress\/ -->\n<title>Edificio de viviendas R\u00edo Arriba \/ Arq. Pablo Gagliardo - Arquimaster<\/title>\n<meta name=\"description\" content=\"Amplias terrazas individuales que miran a diferentes planos de una gran escena: el R\u00edo, la vegetaci\u00f3n y la altura.\" \/>\n<meta name=\"robots\" content=\"index, follow, max-snippet:-1, max-image-preview:large, max-video-preview:-1\" \/>\n<link rel=\"canonical\" href=\"https:\/\/www.arquimaster.com.ar\/web\/edificio-de-viviendas-rio-arriba-arq-pablo-gagliardo\/\" \/>\n<meta property=\"og:locale\" content=\"es_ES\" \/>\n<meta property=\"og:type\" content=\"article\" \/>\n<meta property=\"og:title\" content=\"Edificio de viviendas R\u00edo Arriba \/ Arq. Pablo Gagliardo\" \/>\n<meta property=\"og:description\" content=\"Amplias terrazas individuales que miran a diferentes planos de una gran escena: el R\u00edo, la vegetaci\u00f3n y la altura.\" \/>\n<meta property=\"og:url\" content=\"https:\/\/www.arquimaster.com.ar\/web\/edificio-de-viviendas-rio-arriba-arq-pablo-gagliardo\/\" \/>\n<meta property=\"og:site_name\" content=\"Arquimaster\" \/>\n<meta property=\"article:publisher\" content=\"http:\/\/www.facebook.com\/ARQUIMASTER.com.ar\" \/>\n<meta property=\"article:published_time\" content=\"2023-07-21T00:06:49+00:00\" \/>\n<meta property=\"article:modified_time\" content=\"2023-08-21T17:44:16+00:00\" \/>\n<meta property=\"og:image\" content=\"https:\/\/www.arquimaster.com.ar\/web\/wp-content\/uploads\/2023\/07\/rio_arriba_s_iii_slide.jpg\" \/>\n\t<meta property=\"og:image:width\" content=\"698\" \/>\n\t<meta property=\"og:image:height\" content=\"364\" \/>\n\t<meta property=\"og:image:type\" content=\"image\/jpeg\" \/>\n<meta name=\"author\" content=\"Arquimaster\" \/>\n<meta name=\"twitter:card\" content=\"summary_large_image\" \/>\n<meta name=\"twitter:title\" content=\"Edificio de viviendas R\u00edo Arriba \/ Arq. Pablo Gagliardo\" \/>\n<meta name=\"twitter:description\" content=\"Amplias terrazas individuales que miran a diferentes planos de una gran escena: el R\u00edo, la vegetaci\u00f3n y la altura.\" \/>\n<meta name=\"twitter:image\" content=\"https:\/\/www.arquimaster.com.ar\/web\/wp-content\/uploads\/2023\/07\/rio_arriba_s_iii_slide.jpg\" \/>\n<meta name=\"twitter:creator\" content=\"@arquimaster\" \/>\n<meta name=\"twitter:site\" content=\"@arquimaster\" \/>\n<meta name=\"twitter:label1\" content=\"Escrito por\" \/>\n\t<meta name=\"twitter:data1\" content=\"Arquimaster\" \/>\n\t<meta name=\"twitter:label2\" content=\"Tiempo de lectura\" \/>\n\t<meta name=\"twitter:data2\" content=\"4 minutos\" \/>\n<script type=\"application\/ld+json\" class=\"yoast-schema-graph\">{\"@context\":\"https:\\\/\\\/schema.org\",\"@graph\":[{\"@type\":\"Article\",\"@id\":\"https:\\\/\\\/www.arquimaster.com.ar\\\/web\\\/edificio-de-viviendas-rio-arriba-arq-pablo-gagliardo\\\/#article\",\"isPartOf\":{\"@id\":\"https:\\\/\\\/www.arquimaster.com.ar\\\/web\\\/edificio-de-viviendas-rio-arriba-arq-pablo-gagliardo\\\/\"},\"author\":{\"name\":\"Arquimaster\",\"@id\":\"https:\\\/\\\/www.arquimaster.com.ar\\\/web\\\/#\\\/schema\\\/person\\\/359e9f7c00193fcde068e0dd2ceb0028\"},\"headline\":\"Edificio de viviendas R\u00edo Arriba \\\/ Arq. Pablo Gagliardo\",\"datePublished\":\"2023-07-21T00:06:49+00:00\",\"dateModified\":\"2023-08-21T17:44:16+00:00\",\"mainEntityOfPage\":{\"@id\":\"https:\\\/\\\/www.arquimaster.com.ar\\\/web\\\/edificio-de-viviendas-rio-arriba-arq-pablo-gagliardo\\\/\"},\"wordCount\":856,\"publisher\":{\"@id\":\"https:\\\/\\\/www.arquimaster.com.ar\\\/web\\\/#organization\"},\"image\":{\"@id\":\"https:\\\/\\\/www.arquimaster.com.ar\\\/web\\\/edificio-de-viviendas-rio-arriba-arq-pablo-gagliardo\\\/#primaryimage\"},\"thumbnailUrl\":\"https:\\\/\\\/www.arquimaster.com.ar\\\/web\\\/wp-content\\\/uploads\\\/2023\\\/07\\\/rio_arriba_s_iii_slide.jpg\",\"keywords\":[\"arquitectura residencial\",\"edificio de viviendas\",\"Estudio Pablo Gagliardo\",\"hormig\u00f3n a la vista\",\"hormig\u00f3n armado\",\"Pablo Gagliardo\",\"Rosario\",\"vivienda multifamiliar\"],\"articleSection\":[\"Edificios de viviendas\",\"Proyecto\"],\"inLanguage\":\"es\"},{\"@type\":\"WebPage\",\"@id\":\"https:\\\/\\\/www.arquimaster.com.ar\\\/web\\\/edificio-de-viviendas-rio-arriba-arq-pablo-gagliardo\\\/\",\"url\":\"https:\\\/\\\/www.arquimaster.com.ar\\\/web\\\/edificio-de-viviendas-rio-arriba-arq-pablo-gagliardo\\\/\",\"name\":\"Edificio de viviendas R\u00edo Arriba \\\/ Arq. Pablo Gagliardo - Arquimaster\",\"isPartOf\":{\"@id\":\"https:\\\/\\\/www.arquimaster.com.ar\\\/web\\\/#website\"},\"primaryImageOfPage\":{\"@id\":\"https:\\\/\\\/www.arquimaster.com.ar\\\/web\\\/edificio-de-viviendas-rio-arriba-arq-pablo-gagliardo\\\/#primaryimage\"},\"image\":{\"@id\":\"https:\\\/\\\/www.arquimaster.com.ar\\\/web\\\/edificio-de-viviendas-rio-arriba-arq-pablo-gagliardo\\\/#primaryimage\"},\"thumbnailUrl\":\"https:\\\/\\\/www.arquimaster.com.ar\\\/web\\\/wp-content\\\/uploads\\\/2023\\\/07\\\/rio_arriba_s_iii_slide.jpg\",\"datePublished\":\"2023-07-21T00:06:49+00:00\",\"dateModified\":\"2023-08-21T17:44:16+00:00\",\"description\":\"Amplias terrazas individuales que miran a diferentes planos de una gran escena: el R\u00edo, la vegetaci\u00f3n y la altura.\",\"breadcrumb\":{\"@id\":\"https:\\\/\\\/www.arquimaster.com.ar\\\/web\\\/edificio-de-viviendas-rio-arriba-arq-pablo-gagliardo\\\/#breadcrumb\"},\"inLanguage\":\"es\",\"potentialAction\":[{\"@type\":\"ReadAction\",\"target\":[\"https:\\\/\\\/www.arquimaster.com.ar\\\/web\\\/edificio-de-viviendas-rio-arriba-arq-pablo-gagliardo\\\/\"]}]},{\"@type\":\"ImageObject\",\"inLanguage\":\"es\",\"@id\":\"https:\\\/\\\/www.arquimaster.com.ar\\\/web\\\/edificio-de-viviendas-rio-arriba-arq-pablo-gagliardo\\\/#primaryimage\",\"url\":\"https:\\\/\\\/www.arquimaster.com.ar\\\/web\\\/wp-content\\\/uploads\\\/2023\\\/07\\\/rio_arriba_s_iii_slide.jpg\",\"contentUrl\":\"https:\\\/\\\/www.arquimaster.com.ar\\\/web\\\/wp-content\\\/uploads\\\/2023\\\/07\\\/rio_arriba_s_iii_slide.jpg\",\"width\":698,\"height\":364,\"caption\":\"Edificio de viviendas R\u00edo Arriba \\\/ Arq. Pablo Gagliardo\"},{\"@type\":\"BreadcrumbList\",\"@id\":\"https:\\\/\\\/www.arquimaster.com.ar\\\/web\\\/edificio-de-viviendas-rio-arriba-arq-pablo-gagliardo\\\/#breadcrumb\",\"itemListElement\":[{\"@type\":\"ListItem\",\"position\":1,\"name\":\"Portada\",\"item\":\"https:\\\/\\\/www.arquimaster.com.ar\\\/web\\\/\"},{\"@type\":\"ListItem\",\"position\":2,\"name\":\"Edificio de viviendas R\u00edo Arriba \\\/ Arq. Pablo Gagliardo\"}]},{\"@type\":\"WebSite\",\"@id\":\"https:\\\/\\\/www.arquimaster.com.ar\\\/web\\\/#website\",\"url\":\"https:\\\/\\\/www.arquimaster.com.ar\\\/web\\\/\",\"name\":\"Arquimaster\",\"description\":\"Web de arquitectura, dise\u00f1o y construccion\",\"publisher\":{\"@id\":\"https:\\\/\\\/www.arquimaster.com.ar\\\/web\\\/#organization\"},\"potentialAction\":[{\"@type\":\"SearchAction\",\"target\":{\"@type\":\"EntryPoint\",\"urlTemplate\":\"https:\\\/\\\/www.arquimaster.com.ar\\\/web\\\/?s={search_term_string}\"},\"query-input\":{\"@type\":\"PropertyValueSpecification\",\"valueRequired\":true,\"valueName\":\"search_term_string\"}}],\"inLanguage\":\"es\"},{\"@type\":\"Organization\",\"@id\":\"https:\\\/\\\/www.arquimaster.com.ar\\\/web\\\/#organization\",\"name\":\"Arquimaster\",\"url\":\"https:\\\/\\\/www.arquimaster.com.ar\\\/web\\\/\",\"logo\":{\"@type\":\"ImageObject\",\"inLanguage\":\"es\",\"@id\":\"https:\\\/\\\/www.arquimaster.com.ar\\\/web\\\/#\\\/schema\\\/logo\\\/image\\\/\",\"url\":\"https:\\\/\\\/www.arquimaster.com.ar\\\/web\\\/wp-content\\\/uploads\\\/2022\\\/06\\\/arquimaster.png\",\"contentUrl\":\"https:\\\/\\\/www.arquimaster.com.ar\\\/web\\\/wp-content\\\/uploads\\\/2022\\\/06\\\/arquimaster.png\",\"width\":594,\"height\":78,\"caption\":\"Arquimaster\"},\"image\":{\"@id\":\"https:\\\/\\\/www.arquimaster.com.ar\\\/web\\\/#\\\/schema\\\/logo\\\/image\\\/\"},\"sameAs\":[\"http:\\\/\\\/www.facebook.com\\\/ARQUIMASTER.com.ar\",\"https:\\\/\\\/x.com\\\/arquimaster\",\"https:\\\/\\\/www.instagram.com\\\/arquimasterblog\\\/\",\"https:\\\/\\\/www.linkedin.com\\\/company\\\/arquimaster\",\"https:\\\/\\\/www.pinterest.com\\\/arquimaster\",\"https:\\\/\\\/t.me\\\/arquimaster\"]},{\"@type\":\"Person\",\"@id\":\"https:\\\/\\\/www.arquimaster.com.ar\\\/web\\\/#\\\/schema\\\/person\\\/359e9f7c00193fcde068e0dd2ceb0028\",\"name\":\"Arquimaster\"}]}<\/script>\n<!-- \/ Yoast SEO plugin. -->","yoast_head_json":{"title":"Edificio de viviendas R\u00edo Arriba \/ Arq. Pablo Gagliardo - Arquimaster","description":"Amplias terrazas individuales que miran a diferentes planos de una gran escena: el R\u00edo, la vegetaci\u00f3n y la altura.","robots":{"index":"index","follow":"follow","max-snippet":"max-snippet:-1","max-image-preview":"max-image-preview:large","max-video-preview":"max-video-preview:-1"},"canonical":"https:\/\/www.arquimaster.com.ar\/web\/edificio-de-viviendas-rio-arriba-arq-pablo-gagliardo\/","og_locale":"es_ES","og_type":"article","og_title":"Edificio de viviendas R\u00edo Arriba \/ Arq. Pablo Gagliardo","og_description":"Amplias terrazas individuales que miran a diferentes planos de una gran escena: el R\u00edo, la vegetaci\u00f3n y la altura.","og_url":"https:\/\/www.arquimaster.com.ar\/web\/edificio-de-viviendas-rio-arriba-arq-pablo-gagliardo\/","og_site_name":"Arquimaster","article_publisher":"http:\/\/www.facebook.com\/ARQUIMASTER.com.ar","article_published_time":"2023-07-21T00:06:49+00:00","article_modified_time":"2023-08-21T17:44:16+00:00","og_image":[{"width":698,"height":364,"url":"https:\/\/www.arquimaster.com.ar\/web\/wp-content\/uploads\/2023\/07\/rio_arriba_s_iii_slide.jpg","type":"image\/jpeg"}],"author":"Arquimaster","twitter_card":"summary_large_image","twitter_title":"Edificio de viviendas R\u00edo Arriba \/ Arq. Pablo Gagliardo","twitter_description":"Amplias terrazas individuales que miran a diferentes planos de una gran escena: el R\u00edo, la vegetaci\u00f3n y la altura.","twitter_image":"https:\/\/www.arquimaster.com.ar\/web\/wp-content\/uploads\/2023\/07\/rio_arriba_s_iii_slide.jpg","twitter_creator":"@arquimaster","twitter_site":"@arquimaster","twitter_misc":{"Escrito por":"Arquimaster","Tiempo de lectura":"4 minutos"},"schema":{"@context":"https:\/\/schema.org","@graph":[{"@type":"Article","@id":"https:\/\/www.arquimaster.com.ar\/web\/edificio-de-viviendas-rio-arriba-arq-pablo-gagliardo\/#article","isPartOf":{"@id":"https:\/\/www.arquimaster.com.ar\/web\/edificio-de-viviendas-rio-arriba-arq-pablo-gagliardo\/"},"author":{"name":"Arquimaster","@id":"https:\/\/www.arquimaster.com.ar\/web\/#\/schema\/person\/359e9f7c00193fcde068e0dd2ceb0028"},"headline":"Edificio de viviendas R\u00edo Arriba \/ Arq. Pablo Gagliardo","datePublished":"2023-07-21T00:06:49+00:00","dateModified":"2023-08-21T17:44:16+00:00","mainEntityOfPage":{"@id":"https:\/\/www.arquimaster.com.ar\/web\/edificio-de-viviendas-rio-arriba-arq-pablo-gagliardo\/"},"wordCount":856,"publisher":{"@id":"https:\/\/www.arquimaster.com.ar\/web\/#organization"},"image":{"@id":"https:\/\/www.arquimaster.com.ar\/web\/edificio-de-viviendas-rio-arriba-arq-pablo-gagliardo\/#primaryimage"},"thumbnailUrl":"https:\/\/www.arquimaster.com.ar\/web\/wp-content\/uploads\/2023\/07\/rio_arriba_s_iii_slide.jpg","keywords":["arquitectura residencial","edificio de viviendas","Estudio Pablo Gagliardo","hormig\u00f3n a la vista","hormig\u00f3n armado","Pablo Gagliardo","Rosario","vivienda multifamiliar"],"articleSection":["Edificios de viviendas","Proyecto"],"inLanguage":"es"},{"@type":"WebPage","@id":"https:\/\/www.arquimaster.com.ar\/web\/edificio-de-viviendas-rio-arriba-arq-pablo-gagliardo\/","url":"https:\/\/www.arquimaster.com.ar\/web\/edificio-de-viviendas-rio-arriba-arq-pablo-gagliardo\/","name":"Edificio de viviendas R\u00edo Arriba \/ Arq. Pablo Gagliardo - Arquimaster","isPartOf":{"@id":"https:\/\/www.arquimaster.com.ar\/web\/#website"},"primaryImageOfPage":{"@id":"https:\/\/www.arquimaster.com.ar\/web\/edificio-de-viviendas-rio-arriba-arq-pablo-gagliardo\/#primaryimage"},"image":{"@id":"https:\/\/www.arquimaster.com.ar\/web\/edificio-de-viviendas-rio-arriba-arq-pablo-gagliardo\/#primaryimage"},"thumbnailUrl":"https:\/\/www.arquimaster.com.ar\/web\/wp-content\/uploads\/2023\/07\/rio_arriba_s_iii_slide.jpg","datePublished":"2023-07-21T00:06:49+00:00","dateModified":"2023-08-21T17:44:16+00:00","description":"Amplias terrazas individuales que miran a diferentes planos de una gran escena: el R\u00edo, la vegetaci\u00f3n y la altura.","breadcrumb":{"@id":"https:\/\/www.arquimaster.com.ar\/web\/edificio-de-viviendas-rio-arriba-arq-pablo-gagliardo\/#breadcrumb"},"inLanguage":"es","potentialAction":[{"@type":"ReadAction","target":["https:\/\/www.arquimaster.com.ar\/web\/edificio-de-viviendas-rio-arriba-arq-pablo-gagliardo\/"]}]},{"@type":"ImageObject","inLanguage":"es","@id":"https:\/\/www.arquimaster.com.ar\/web\/edificio-de-viviendas-rio-arriba-arq-pablo-gagliardo\/#primaryimage","url":"https:\/\/www.arquimaster.com.ar\/web\/wp-content\/uploads\/2023\/07\/rio_arriba_s_iii_slide.jpg","contentUrl":"https:\/\/www.arquimaster.com.ar\/web\/wp-content\/uploads\/2023\/07\/rio_arriba_s_iii_slide.jpg","width":698,"height":364,"caption":"Edificio de viviendas R\u00edo Arriba \/ Arq. Pablo Gagliardo"},{"@type":"BreadcrumbList","@id":"https:\/\/www.arquimaster.com.ar\/web\/edificio-de-viviendas-rio-arriba-arq-pablo-gagliardo\/#breadcrumb","itemListElement":[{"@type":"ListItem","position":1,"name":"Portada","item":"https:\/\/www.arquimaster.com.ar\/web\/"},{"@type":"ListItem","position":2,"name":"Edificio de viviendas R\u00edo Arriba \/ Arq. Pablo Gagliardo"}]},{"@type":"WebSite","@id":"https:\/\/www.arquimaster.com.ar\/web\/#website","url":"https:\/\/www.arquimaster.com.ar\/web\/","name":"Arquimaster","description":"Web de arquitectura, dise\u00f1o y construccion","publisher":{"@id":"https:\/\/www.arquimaster.com.ar\/web\/#organization"},"potentialAction":[{"@type":"SearchAction","target":{"@type":"EntryPoint","urlTemplate":"https:\/\/www.arquimaster.com.ar\/web\/?s={search_term_string}"},"query-input":{"@type":"PropertyValueSpecification","valueRequired":true,"valueName":"search_term_string"}}],"inLanguage":"es"},{"@type":"Organization","@id":"https:\/\/www.arquimaster.com.ar\/web\/#organization","name":"Arquimaster","url":"https:\/\/www.arquimaster.com.ar\/web\/","logo":{"@type":"ImageObject","inLanguage":"es","@id":"https:\/\/www.arquimaster.com.ar\/web\/#\/schema\/logo\/image\/","url":"https:\/\/www.arquimaster.com.ar\/web\/wp-content\/uploads\/2022\/06\/arquimaster.png","contentUrl":"https:\/\/www.arquimaster.com.ar\/web\/wp-content\/uploads\/2022\/06\/arquimaster.png","width":594,"height":78,"caption":"Arquimaster"},"image":{"@id":"https:\/\/www.arquimaster.com.ar\/web\/#\/schema\/logo\/image\/"},"sameAs":["http:\/\/www.facebook.com\/ARQUIMASTER.com.ar","https:\/\/x.com\/arquimaster","https:\/\/www.instagram.com\/arquimasterblog\/","https:\/\/www.linkedin.com\/company\/arquimaster","https:\/\/www.pinterest.com\/arquimaster","https:\/\/t.me\/arquimaster"]},{"@type":"Person","@id":"https:\/\/www.arquimaster.com.ar\/web\/#\/schema\/person\/359e9f7c00193fcde068e0dd2ceb0028","name":"Arquimaster"}]}},"uagb_featured_image_src":{"full":["https:\/\/www.arquimaster.com.ar\/web\/wp-content\/uploads\/2023\/07\/rio_arriba_s_iii_slide.jpg",698,364,false],"thumbnail":["https:\/\/www.arquimaster.com.ar\/web\/wp-content\/uploads\/2023\/07\/rio_arriba_s_iii_slide-150x150.jpg",150,150,true],"medium":["https:\/\/www.arquimaster.com.ar\/web\/wp-content\/uploads\/2023\/07\/rio_arriba_s_iii_slide.jpg",698,364,false],"medium_large":["https:\/\/www.arquimaster.com.ar\/web\/wp-content\/uploads\/2023\/07\/rio_arriba_s_iii_slide.jpg",698,364,false],"large":["https:\/\/www.arquimaster.com.ar\/web\/wp-content\/uploads\/2023\/07\/rio_arriba_s_iii_slide.jpg",698,364,false],"1536x1536":["https:\/\/www.arquimaster.com.ar\/web\/wp-content\/uploads\/2023\/07\/rio_arriba_s_iii_slide.jpg",698,364,false],"2048x2048":["https:\/\/www.arquimaster.com.ar\/web\/wp-content\/uploads\/2023\/07\/rio_arriba_s_iii_slide.jpg",698,364,false]},"uagb_author_info":{"display_name":"Arquimaster","author_link":"https:\/\/www.arquimaster.com.ar\/web\/author\/arquimaster\/"},"uagb_comment_info":0,"uagb_excerpt":"Amplias terrazas individuales que miran al R\u00edo, la vegetaci\u00f3n y la altura...","_links":{"self":[{"href":"https:\/\/www.arquimaster.com.ar\/web\/wp-json\/wp\/v2\/posts\/76716","targetHints":{"allow":["GET"]}}],"collection":[{"href":"https:\/\/www.arquimaster.com.ar\/web\/wp-json\/wp\/v2\/posts"}],"about":[{"href":"https:\/\/www.arquimaster.com.ar\/web\/wp-json\/wp\/v2\/types\/post"}],"author":[{"embeddable":true,"href":"https:\/\/www.arquimaster.com.ar\/web\/wp-json\/wp\/v2\/users\/1"}],"replies":[{"embeddable":true,"href":"https:\/\/www.arquimaster.com.ar\/web\/wp-json\/wp\/v2\/comments?post=76716"}],"version-history":[{"count":2,"href":"https:\/\/www.arquimaster.com.ar\/web\/wp-json\/wp\/v2\/posts\/76716\/revisions"}],"predecessor-version":[{"id":76781,"href":"https:\/\/www.arquimaster.com.ar\/web\/wp-json\/wp\/v2\/posts\/76716\/revisions\/76781"}],"wp:featuredmedia":[{"embeddable":true,"href":"https:\/\/www.arquimaster.com.ar\/web\/wp-json\/wp\/v2\/media\/76717"}],"wp:attachment":[{"href":"https:\/\/www.arquimaster.com.ar\/web\/wp-json\/wp\/v2\/media?parent=76716"}],"wp:term":[{"taxonomy":"category","embeddable":true,"href":"https:\/\/www.arquimaster.com.ar\/web\/wp-json\/wp\/v2\/categories?post=76716"},{"taxonomy":"post_tag","embeddable":true,"href":"https:\/\/www.arquimaster.com.ar\/web\/wp-json\/wp\/v2\/tags?post=76716"}],"curies":[{"name":"wp","href":"https:\/\/api.w.org\/{rel}","templated":true}]}}