{"id":76782,"date":"2023-07-20T23:14:51","date_gmt":"2023-07-21T02:14:51","guid":{"rendered":"https:\/\/www.arquimaster.com.ar\/web\/?p=76782"},"modified":"2023-08-23T16:05:07","modified_gmt":"2023-08-23T19:05:07","slug":"la-hacienda-jardin-practica-arquitectura","status":"publish","type":"post","link":"https:\/\/www.arquimaster.com.ar\/web\/la-hacienda-jardin-practica-arquitectura\/","title":{"rendered":"La Hacienda Jard\u00edn \/ Pr\u00e1ctica Arquitectura"},"content":{"rendered":"<div style=\"margin-top: 0px; margin-bottom: 0px;\" class=\"sharethis-inline-share-buttons\" ><\/div><div class=\"b812932af2e751442846f039925109de\" data-index=\"1\" style=\"float: none; margin:25px 0 25px 0; text-align:center;\">\n<script async src=\"https:\/\/pagead2.googlesyndication.com\/pagead\/js\/adsbygoogle.js\"><\/script>\r\n<!-- Arquimaster (superior) -->\r\n<ins class=\"adsbygoogle\"\r\n     style=\"display:block\"\r\n     data-ad-client=\"ca-pub-6351072698456832\"\r\n     data-ad-slot=\"6455489680\"\r\n     data-ad-format=\"auto\"\r\n     data-full-width-responsive=\"true\"><\/ins>\r\n<script>\r\n     (adsbygoogle = window.adsbygoogle || []).push({});\r\n<\/script>\n<\/div>\n<p><strong>La Hacienda Jard\u00edn<\/strong> (Tepoztl\u00e1n, Morelos, M\u00e9xico) por <strong>Pr\u00e1ctica Arquitectura<\/strong>. A s\u00f3lo una hora al sur de la Ciudad de M\u00e9xico, el pueblo de Tepoztl\u00e1n est\u00e1 ubicado dentro de un valle con un agradable clima templado y constituido por tres formaciones rocosas; una de ellas conocido como El Tepozteco. En estas condiciones geogr\u00e1ficas y clim\u00e1ticas, la vegetaci\u00f3n es constante y abundante en todas sus escalas; facilita la diversidad de flora, teniendo especies de monta\u00f1a y subtropicales en el mismo sitio. Con una poblaci\u00f3n de poco m\u00e1s de 35 mil habitantes, es un lugar tranquilo que busca la gente para escaparse de la ciudad en los fines de semana o para encontrar donde puedan retirarse.<\/p>\n<div id='gallery-1' class='gallery galleryid-76782 gallery-columns-3 gallery-size-thumbnail'><figure class='gallery-item'>\n\t\t\t<div class='gallery-icon landscape'>\n\t\t\t\t<a href='https:\/\/www.arquimaster.com.ar\/web\/wp-content\/uploads\/2023\/07\/la_hacienda_jardin_1.jpg' title=\"La Hacienda Jard\u00edn \/ Pr\u00e1ctica Arquitectura (\u00a9 C\u00e9sar B\u00e9jar)\" data-rl_title=\"La Hacienda Jard\u00edn \/ Pr\u00e1ctica Arquitectura (\u00a9 C\u00e9sar B\u00e9jar)\" class=\"rl-gallery-link\" data-rl_caption=\"La Hacienda Jard\u00edn \/ Pr\u00e1ctica Arquitectura (\u00a9 C\u00e9sar B\u00e9jar)\" data-rel=\"lightbox-gallery-1\"><img loading=\"lazy\" decoding=\"async\" width=\"150\" height=\"150\" src=\"https:\/\/www.arquimaster.com.ar\/web\/wp-content\/uploads\/2023\/07\/la_hacienda_jardin_1-150x150.jpg\" class=\"attachment-thumbnail size-thumbnail\" alt=\"La Hacienda Jard\u00edn \/ Pr\u00e1ctica Arquitectura\" aria-describedby=\"gallery-1-76784\" \/><\/a>\n\t\t\t<\/div>\n\t\t\t\t<figcaption class='wp-caption-text gallery-caption' id='gallery-1-76784'>\n\t\t\t\tLa Hacienda Jard\u00edn \/ Pr\u00e1ctica Arquitectura (\u00a9 C\u00e9sar B\u00e9jar)\n\t\t\t\t<\/figcaption><\/figure><figure class='gallery-item'>\n\t\t\t<div class='gallery-icon portrait'>\n\t\t\t\t<a href='https:\/\/www.arquimaster.com.ar\/web\/wp-content\/uploads\/2023\/07\/la_hacienda_jardin_2.jpg' title=\"La Hacienda Jard\u00edn \/ Pr\u00e1ctica Arquitectura (\u00a9 C\u00e9sar B\u00e9jar)\" data-rl_title=\"La Hacienda Jard\u00edn \/ Pr\u00e1ctica Arquitectura (\u00a9 C\u00e9sar B\u00e9jar)\" class=\"rl-gallery-link\" data-rl_caption=\"La Hacienda Jard\u00edn \/ Pr\u00e1ctica Arquitectura (\u00a9 C\u00e9sar B\u00e9jar)\" data-rel=\"lightbox-gallery-1\"><img loading=\"lazy\" decoding=\"async\" width=\"150\" height=\"150\" src=\"https:\/\/www.arquimaster.com.ar\/web\/wp-content\/uploads\/2023\/07\/la_hacienda_jardin_2-150x150.jpg\" class=\"attachment-thumbnail size-thumbnail\" alt=\"La Hacienda Jard\u00edn \/ Pr\u00e1ctica Arquitectura\" aria-describedby=\"gallery-1-76785\" \/><\/a>\n\t\t\t<\/div>\n\t\t\t\t<figcaption class='wp-caption-text gallery-caption' id='gallery-1-76785'>\n\t\t\t\tLa Hacienda Jard\u00edn \/ Pr\u00e1ctica Arquitectura (\u00a9 C\u00e9sar B\u00e9jar)\n\t\t\t\t<\/figcaption><\/figure><figure class='gallery-item'>\n\t\t\t<div class='gallery-icon landscape'>\n\t\t\t\t<a href='https:\/\/www.arquimaster.com.ar\/web\/wp-content\/uploads\/2023\/07\/la_hacienda_jardin_3.jpg' title=\"La Hacienda Jard\u00edn \/ Pr\u00e1ctica Arquitectura (\u00a9 Oscar Hern\u00e1ndez)\" data-rl_title=\"La Hacienda Jard\u00edn \/ Pr\u00e1ctica Arquitectura (\u00a9 Oscar Hern\u00e1ndez)\" class=\"rl-gallery-link\" data-rl_caption=\"La Hacienda Jard\u00edn \/ Pr\u00e1ctica Arquitectura (\u00a9 Oscar Hern\u00e1ndez)\" data-rel=\"lightbox-gallery-1\"><img loading=\"lazy\" decoding=\"async\" width=\"150\" height=\"150\" src=\"https:\/\/www.arquimaster.com.ar\/web\/wp-content\/uploads\/2023\/07\/la_hacienda_jardin_3-150x150.jpg\" class=\"attachment-thumbnail size-thumbnail\" alt=\"La Hacienda Jard\u00edn \/ Pr\u00e1ctica Arquitectura\" aria-describedby=\"gallery-1-76786\" \/><\/a>\n\t\t\t<\/div>\n\t\t\t\t<figcaption class='wp-caption-text gallery-caption' id='gallery-1-76786'>\n\t\t\t\tLa Hacienda Jard\u00edn \/ Pr\u00e1ctica Arquitectura (\u00a9 Oscar Hern\u00e1ndez)\n\t\t\t\t<\/figcaption><\/figure><figure class='gallery-item'>\n\t\t\t<div class='gallery-icon landscape'>\n\t\t\t\t<a href='https:\/\/www.arquimaster.com.ar\/web\/wp-content\/uploads\/2023\/07\/la_hacienda_jardin_4.jpg' title=\"La Hacienda Jard\u00edn \/ Pr\u00e1ctica Arquitectura (\u00a9 C\u00e9sar B\u00e9jar)\" data-rl_title=\"La Hacienda Jard\u00edn \/ Pr\u00e1ctica Arquitectura (\u00a9 C\u00e9sar B\u00e9jar)\" class=\"rl-gallery-link\" data-rl_caption=\"La Hacienda Jard\u00edn \/ Pr\u00e1ctica Arquitectura (\u00a9 C\u00e9sar B\u00e9jar)\" data-rel=\"lightbox-gallery-1\"><img loading=\"lazy\" decoding=\"async\" width=\"150\" height=\"150\" src=\"https:\/\/www.arquimaster.com.ar\/web\/wp-content\/uploads\/2023\/07\/la_hacienda_jardin_4-150x150.jpg\" class=\"attachment-thumbnail size-thumbnail\" alt=\"La Hacienda Jard\u00edn \/ Pr\u00e1ctica Arquitectura\" aria-describedby=\"gallery-1-76787\" \/><\/a>\n\t\t\t<\/div>\n\t\t\t\t<figcaption class='wp-caption-text gallery-caption' id='gallery-1-76787'>\n\t\t\t\tLa Hacienda Jard\u00edn \/ Pr\u00e1ctica Arquitectura (\u00a9 C\u00e9sar B\u00e9jar)\n\t\t\t\t<\/figcaption><\/figure><figure class='gallery-item'>\n\t\t\t<div class='gallery-icon landscape'>\n\t\t\t\t<a href='https:\/\/www.arquimaster.com.ar\/web\/wp-content\/uploads\/2023\/07\/la_hacienda_jardin_5.jpg' title=\"La Hacienda Jard\u00edn \/ Pr\u00e1ctica Arquitectura (\u00a9 C\u00e9sar B\u00e9jar)\" data-rl_title=\"La Hacienda Jard\u00edn \/ Pr\u00e1ctica Arquitectura (\u00a9 C\u00e9sar B\u00e9jar)\" class=\"rl-gallery-link\" data-rl_caption=\"La Hacienda Jard\u00edn \/ Pr\u00e1ctica Arquitectura (\u00a9 C\u00e9sar B\u00e9jar)\" data-rel=\"lightbox-gallery-1\"><img loading=\"lazy\" decoding=\"async\" width=\"150\" height=\"150\" src=\"https:\/\/www.arquimaster.com.ar\/web\/wp-content\/uploads\/2023\/07\/la_hacienda_jardin_5-150x150.jpg\" class=\"attachment-thumbnail size-thumbnail\" alt=\"La Hacienda Jard\u00edn \/ Pr\u00e1ctica Arquitectura\" aria-describedby=\"gallery-1-76788\" \/><\/a>\n\t\t\t<\/div>\n\t\t\t\t<figcaption class='wp-caption-text gallery-caption' id='gallery-1-76788'>\n\t\t\t\tLa Hacienda Jard\u00edn \/ Pr\u00e1ctica Arquitectura (\u00a9 C\u00e9sar B\u00e9jar)\n\t\t\t\t<\/figcaption><\/figure><figure class='gallery-item'>\n\t\t\t<div class='gallery-icon portrait'>\n\t\t\t\t<a href='https:\/\/www.arquimaster.com.ar\/web\/wp-content\/uploads\/2023\/07\/la_hacienda_jardin_6.jpg' title=\"La Hacienda Jard\u00edn \/ Pr\u00e1ctica Arquitectura (\u00a9 C\u00e9sar B\u00e9jar)\" data-rl_title=\"La Hacienda Jard\u00edn \/ Pr\u00e1ctica Arquitectura (\u00a9 C\u00e9sar B\u00e9jar)\" class=\"rl-gallery-link\" data-rl_caption=\"La Hacienda Jard\u00edn \/ Pr\u00e1ctica Arquitectura (\u00a9 C\u00e9sar B\u00e9jar)\" data-rel=\"lightbox-gallery-1\"><img loading=\"lazy\" decoding=\"async\" width=\"150\" height=\"150\" src=\"https:\/\/www.arquimaster.com.ar\/web\/wp-content\/uploads\/2023\/07\/la_hacienda_jardin_6-150x150.jpg\" class=\"attachment-thumbnail size-thumbnail\" alt=\"La Hacienda Jard\u00edn \/ Pr\u00e1ctica Arquitectura\" aria-describedby=\"gallery-1-76789\" \/><\/a>\n\t\t\t<\/div>\n\t\t\t\t<figcaption class='wp-caption-text gallery-caption' id='gallery-1-76789'>\n\t\t\t\tLa Hacienda Jard\u00edn \/ Pr\u00e1ctica Arquitectura (\u00a9 C\u00e9sar B\u00e9jar)\n\t\t\t\t<\/figcaption><\/figure><figure class='gallery-item'>\n\t\t\t<div class='gallery-icon portrait'>\n\t\t\t\t<a href='https:\/\/www.arquimaster.com.ar\/web\/wp-content\/uploads\/2023\/07\/la_hacienda_jardin_7.jpg' title=\"La Hacienda Jard\u00edn \/ Pr\u00e1ctica Arquitectura (\u00a9 C\u00e9sar B\u00e9jar)\" data-rl_title=\"La Hacienda Jard\u00edn \/ Pr\u00e1ctica Arquitectura (\u00a9 C\u00e9sar B\u00e9jar)\" class=\"rl-gallery-link\" data-rl_caption=\"La Hacienda Jard\u00edn \/ Pr\u00e1ctica Arquitectura (\u00a9 C\u00e9sar B\u00e9jar)\" data-rel=\"lightbox-gallery-1\"><img loading=\"lazy\" decoding=\"async\" width=\"150\" height=\"150\" src=\"https:\/\/www.arquimaster.com.ar\/web\/wp-content\/uploads\/2023\/07\/la_hacienda_jardin_7-150x150.jpg\" class=\"attachment-thumbnail size-thumbnail\" alt=\"La Hacienda Jard\u00edn \/ Pr\u00e1ctica Arquitectura\" aria-describedby=\"gallery-1-76790\" \/><\/a>\n\t\t\t<\/div>\n\t\t\t\t<figcaption class='wp-caption-text gallery-caption' id='gallery-1-76790'>\n\t\t\t\tLa Hacienda Jard\u00edn \/ Pr\u00e1ctica Arquitectura (\u00a9 C\u00e9sar B\u00e9jar)\n\t\t\t\t<\/figcaption><\/figure><figure class='gallery-item'>\n\t\t\t<div class='gallery-icon landscape'>\n\t\t\t\t<a href='https:\/\/www.arquimaster.com.ar\/web\/wp-content\/uploads\/2023\/07\/la_hacienda_jardin_8.jpg' title=\"La Hacienda Jard\u00edn \/ Pr\u00e1ctica Arquitectura (\u00a9 C\u00e9sar B\u00e9jar)\" data-rl_title=\"La Hacienda Jard\u00edn \/ Pr\u00e1ctica Arquitectura (\u00a9 C\u00e9sar B\u00e9jar)\" class=\"rl-gallery-link\" data-rl_caption=\"La Hacienda Jard\u00edn \/ Pr\u00e1ctica Arquitectura (\u00a9 C\u00e9sar B\u00e9jar)\" data-rel=\"lightbox-gallery-1\"><img loading=\"lazy\" decoding=\"async\" width=\"150\" height=\"150\" src=\"https:\/\/www.arquimaster.com.ar\/web\/wp-content\/uploads\/2023\/07\/la_hacienda_jardin_8-150x150.jpg\" class=\"attachment-thumbnail size-thumbnail\" alt=\"La Hacienda Jard\u00edn \/ Pr\u00e1ctica Arquitectura\" aria-describedby=\"gallery-1-76791\" \/><\/a>\n\t\t\t<\/div>\n\t\t\t\t<figcaption class='wp-caption-text gallery-caption' id='gallery-1-76791'>\n\t\t\t\tLa Hacienda Jard\u00edn \/ Pr\u00e1ctica Arquitectura (\u00a9 C\u00e9sar B\u00e9jar)\n\t\t\t\t<\/figcaption><\/figure><figure class='gallery-item'>\n\t\t\t<div class='gallery-icon landscape'>\n\t\t\t\t<a href='https:\/\/www.arquimaster.com.ar\/web\/wp-content\/uploads\/2023\/07\/la_hacienda_jardin_9.jpg' title=\"La Hacienda Jard\u00edn \/ Pr\u00e1ctica Arquitectura (\u00a9 C\u00e9sar B\u00e9jar)\" data-rl_title=\"La Hacienda Jard\u00edn \/ Pr\u00e1ctica Arquitectura (\u00a9 C\u00e9sar B\u00e9jar)\" class=\"rl-gallery-link\" data-rl_caption=\"La Hacienda Jard\u00edn \/ Pr\u00e1ctica Arquitectura (\u00a9 C\u00e9sar B\u00e9jar)\" data-rel=\"lightbox-gallery-1\"><img loading=\"lazy\" decoding=\"async\" width=\"150\" height=\"150\" src=\"https:\/\/www.arquimaster.com.ar\/web\/wp-content\/uploads\/2023\/07\/la_hacienda_jardin_9-150x150.jpg\" class=\"attachment-thumbnail size-thumbnail\" alt=\"La Hacienda Jard\u00edn \/ Pr\u00e1ctica Arquitectura\" aria-describedby=\"gallery-1-76792\" \/><\/a>\n\t\t\t<\/div>\n\t\t\t\t<figcaption class='wp-caption-text gallery-caption' id='gallery-1-76792'>\n\t\t\t\tLa Hacienda Jard\u00edn \/ Pr\u00e1ctica Arquitectura (\u00a9 C\u00e9sar B\u00e9jar)\n\t\t\t\t<\/figcaption><\/figure><figure class='gallery-item'>\n\t\t\t<div class='gallery-icon landscape'>\n\t\t\t\t<a href='https:\/\/www.arquimaster.com.ar\/web\/wp-content\/uploads\/2023\/07\/la_hacienda_jardin_10.jpg' title=\"La Hacienda Jard\u00edn \/ Pr\u00e1ctica Arquitectura (\u00a9 C\u00e9sar B\u00e9jar)\" data-rl_title=\"La Hacienda Jard\u00edn \/ Pr\u00e1ctica Arquitectura (\u00a9 C\u00e9sar B\u00e9jar)\" class=\"rl-gallery-link\" data-rl_caption=\"La Hacienda Jard\u00edn \/ Pr\u00e1ctica Arquitectura (\u00a9 C\u00e9sar B\u00e9jar)\" data-rel=\"lightbox-gallery-1\"><img loading=\"lazy\" decoding=\"async\" width=\"150\" height=\"150\" src=\"https:\/\/www.arquimaster.com.ar\/web\/wp-content\/uploads\/2023\/07\/la_hacienda_jardin_10-150x150.jpg\" class=\"attachment-thumbnail size-thumbnail\" alt=\"La Hacienda Jard\u00edn \/ Pr\u00e1ctica Arquitectura\" aria-describedby=\"gallery-1-76793\" \/><\/a>\n\t\t\t<\/div>\n\t\t\t\t<figcaption class='wp-caption-text gallery-caption' id='gallery-1-76793'>\n\t\t\t\tLa Hacienda Jard\u00edn \/ Pr\u00e1ctica Arquitectura (\u00a9 C\u00e9sar B\u00e9jar)\n\t\t\t\t<\/figcaption><\/figure><figure class='gallery-item'>\n\t\t\t<div class='gallery-icon landscape'>\n\t\t\t\t<a href='https:\/\/www.arquimaster.com.ar\/web\/wp-content\/uploads\/2023\/07\/la_hacienda_jardin_11.jpg' title=\"La Hacienda Jard\u00edn \/ Pr\u00e1ctica Arquitectura (\u00a9 C\u00e9sar B\u00e9jar)\" data-rl_title=\"La Hacienda Jard\u00edn \/ Pr\u00e1ctica Arquitectura (\u00a9 C\u00e9sar B\u00e9jar)\" class=\"rl-gallery-link\" data-rl_caption=\"La Hacienda Jard\u00edn \/ Pr\u00e1ctica Arquitectura (\u00a9 C\u00e9sar B\u00e9jar)\" data-rel=\"lightbox-gallery-1\"><img loading=\"lazy\" decoding=\"async\" width=\"150\" height=\"150\" src=\"https:\/\/www.arquimaster.com.ar\/web\/wp-content\/uploads\/2023\/07\/la_hacienda_jardin_11-150x150.jpg\" class=\"attachment-thumbnail size-thumbnail\" alt=\"La Hacienda Jard\u00edn \/ Pr\u00e1ctica Arquitectura\" aria-describedby=\"gallery-1-76794\" \/><\/a>\n\t\t\t<\/div>\n\t\t\t\t<figcaption class='wp-caption-text gallery-caption' id='gallery-1-76794'>\n\t\t\t\tLa Hacienda Jard\u00edn \/ Pr\u00e1ctica Arquitectura (\u00a9 C\u00e9sar B\u00e9jar)\n\t\t\t\t<\/figcaption><\/figure><figure class='gallery-item'>\n\t\t\t<div class='gallery-icon landscape'>\n\t\t\t\t<a href='https:\/\/www.arquimaster.com.ar\/web\/wp-content\/uploads\/2023\/07\/la_hacienda_jardin_12.jpg' title=\"La Hacienda Jard\u00edn \/ Pr\u00e1ctica Arquitectura (\u00a9 C\u00e9sar B\u00e9jar)\" data-rl_title=\"La Hacienda Jard\u00edn \/ Pr\u00e1ctica Arquitectura (\u00a9 C\u00e9sar B\u00e9jar)\" class=\"rl-gallery-link\" data-rl_caption=\"La Hacienda Jard\u00edn \/ Pr\u00e1ctica Arquitectura (\u00a9 C\u00e9sar B\u00e9jar)\" data-rel=\"lightbox-gallery-1\"><img loading=\"lazy\" decoding=\"async\" width=\"150\" height=\"150\" src=\"https:\/\/www.arquimaster.com.ar\/web\/wp-content\/uploads\/2023\/07\/la_hacienda_jardin_12-150x150.jpg\" class=\"attachment-thumbnail size-thumbnail\" alt=\"La Hacienda Jard\u00edn \/ Pr\u00e1ctica Arquitectura\" aria-describedby=\"gallery-1-76795\" \/><\/a>\n\t\t\t<\/div>\n\t\t\t\t<figcaption class='wp-caption-text gallery-caption' id='gallery-1-76795'>\n\t\t\t\tLa Hacienda Jard\u00edn \/ Pr\u00e1ctica Arquitectura (\u00a9 C\u00e9sar B\u00e9jar)\n\t\t\t\t<\/figcaption><\/figure><figure class='gallery-item'>\n\t\t\t<div class='gallery-icon landscape'>\n\t\t\t\t<a href='https:\/\/www.arquimaster.com.ar\/web\/wp-content\/uploads\/2023\/07\/la_hacienda_jardin_13.jpg' title=\"La Hacienda Jard\u00edn \/ Pr\u00e1ctica Arquitectura (\u00a9 C\u00e9sar B\u00e9jar)\" data-rl_title=\"La Hacienda Jard\u00edn \/ Pr\u00e1ctica Arquitectura (\u00a9 C\u00e9sar B\u00e9jar)\" class=\"rl-gallery-link\" data-rl_caption=\"La Hacienda Jard\u00edn \/ Pr\u00e1ctica Arquitectura (\u00a9 C\u00e9sar B\u00e9jar)\" data-rel=\"lightbox-gallery-1\"><img loading=\"lazy\" decoding=\"async\" width=\"150\" height=\"150\" src=\"https:\/\/www.arquimaster.com.ar\/web\/wp-content\/uploads\/2023\/07\/la_hacienda_jardin_13-150x150.jpg\" class=\"attachment-thumbnail size-thumbnail\" alt=\"La Hacienda Jard\u00edn \/ Pr\u00e1ctica Arquitectura\" aria-describedby=\"gallery-1-76796\" \/><\/a>\n\t\t\t<\/div>\n\t\t\t\t<figcaption class='wp-caption-text gallery-caption' id='gallery-1-76796'>\n\t\t\t\tLa Hacienda Jard\u00edn \/ Pr\u00e1ctica Arquitectura (\u00a9 C\u00e9sar B\u00e9jar)\n\t\t\t\t<\/figcaption><\/figure><figure class='gallery-item'>\n\t\t\t<div class='gallery-icon landscape'>\n\t\t\t\t<a href='https:\/\/www.arquimaster.com.ar\/web\/wp-content\/uploads\/2023\/07\/la_hacienda_jardin_14.jpg' title=\"La Hacienda Jard\u00edn \/ Pr\u00e1ctica Arquitectura (\u00a9 C\u00e9sar B\u00e9jar)\" data-rl_title=\"La Hacienda Jard\u00edn \/ Pr\u00e1ctica Arquitectura (\u00a9 C\u00e9sar B\u00e9jar)\" class=\"rl-gallery-link\" data-rl_caption=\"La Hacienda Jard\u00edn \/ Pr\u00e1ctica Arquitectura (\u00a9 C\u00e9sar B\u00e9jar)\" data-rel=\"lightbox-gallery-1\"><img loading=\"lazy\" decoding=\"async\" width=\"150\" height=\"150\" src=\"https:\/\/www.arquimaster.com.ar\/web\/wp-content\/uploads\/2023\/07\/la_hacienda_jardin_14-150x150.jpg\" class=\"attachment-thumbnail size-thumbnail\" alt=\"La Hacienda Jard\u00edn \/ Pr\u00e1ctica Arquitectura\" aria-describedby=\"gallery-1-76797\" \/><\/a>\n\t\t\t<\/div>\n\t\t\t\t<figcaption class='wp-caption-text gallery-caption' id='gallery-1-76797'>\n\t\t\t\tLa Hacienda Jard\u00edn \/ Pr\u00e1ctica Arquitectura (\u00a9 C\u00e9sar B\u00e9jar)\n\t\t\t\t<\/figcaption><\/figure><figure class='gallery-item'>\n\t\t\t<div class='gallery-icon portrait'>\n\t\t\t\t<a href='https:\/\/www.arquimaster.com.ar\/web\/wp-content\/uploads\/2023\/07\/la_hacienda_jardin_15.jpg' title=\"La Hacienda Jard\u00edn \/ Pr\u00e1ctica Arquitectura (\u00a9 C\u00e9sar B\u00e9jar)\" data-rl_title=\"La Hacienda Jard\u00edn \/ Pr\u00e1ctica Arquitectura (\u00a9 C\u00e9sar B\u00e9jar)\" class=\"rl-gallery-link\" data-rl_caption=\"La Hacienda Jard\u00edn \/ Pr\u00e1ctica Arquitectura (\u00a9 C\u00e9sar B\u00e9jar)\" data-rel=\"lightbox-gallery-1\"><img loading=\"lazy\" decoding=\"async\" width=\"150\" height=\"150\" src=\"https:\/\/www.arquimaster.com.ar\/web\/wp-content\/uploads\/2023\/07\/la_hacienda_jardin_15-150x150.jpg\" class=\"attachment-thumbnail size-thumbnail\" alt=\"La Hacienda Jard\u00edn \/ Pr\u00e1ctica Arquitectura\" aria-describedby=\"gallery-1-76798\" \/><\/a>\n\t\t\t<\/div>\n\t\t\t\t<figcaption class='wp-caption-text gallery-caption' id='gallery-1-76798'>\n\t\t\t\tLa Hacienda Jard\u00edn \/ Pr\u00e1ctica Arquitectura (\u00a9 C\u00e9sar B\u00e9jar)\n\t\t\t\t<\/figcaption><\/figure><figure class='gallery-item'>\n\t\t\t<div class='gallery-icon portrait'>\n\t\t\t\t<a href='https:\/\/www.arquimaster.com.ar\/web\/wp-content\/uploads\/2023\/07\/la_hacienda_jardin_16.jpg' title=\"La Hacienda Jard\u00edn \/ Pr\u00e1ctica Arquitectura (\u00a9 C\u00e9sar B\u00e9jar)\" data-rl_title=\"La Hacienda Jard\u00edn \/ Pr\u00e1ctica Arquitectura (\u00a9 C\u00e9sar B\u00e9jar)\" class=\"rl-gallery-link\" data-rl_caption=\"La Hacienda Jard\u00edn \/ Pr\u00e1ctica Arquitectura (\u00a9 C\u00e9sar B\u00e9jar)\" data-rel=\"lightbox-gallery-1\"><img loading=\"lazy\" decoding=\"async\" width=\"150\" height=\"150\" src=\"https:\/\/www.arquimaster.com.ar\/web\/wp-content\/uploads\/2023\/07\/la_hacienda_jardin_16-150x150.jpg\" class=\"attachment-thumbnail size-thumbnail\" alt=\"La Hacienda Jard\u00edn \/ Pr\u00e1ctica Arquitectura\" aria-describedby=\"gallery-1-76799\" \/><\/a>\n\t\t\t<\/div>\n\t\t\t\t<figcaption class='wp-caption-text gallery-caption' id='gallery-1-76799'>\n\t\t\t\tLa Hacienda Jard\u00edn \/ Pr\u00e1ctica Arquitectura (\u00a9 C\u00e9sar B\u00e9jar)\n\t\t\t\t<\/figcaption><\/figure><figure class='gallery-item'>\n\t\t\t<div class='gallery-icon portrait'>\n\t\t\t\t<a href='https:\/\/www.arquimaster.com.ar\/web\/wp-content\/uploads\/2023\/07\/la_hacienda_jardin_17.jpg' title=\"La Hacienda Jard\u00edn \/ Pr\u00e1ctica Arquitectura (\u00a9 C\u00e9sar B\u00e9jar)\" data-rl_title=\"La Hacienda Jard\u00edn \/ Pr\u00e1ctica Arquitectura (\u00a9 C\u00e9sar B\u00e9jar)\" class=\"rl-gallery-link\" data-rl_caption=\"La Hacienda Jard\u00edn \/ Pr\u00e1ctica Arquitectura (\u00a9 C\u00e9sar B\u00e9jar)\" data-rel=\"lightbox-gallery-1\"><img loading=\"lazy\" decoding=\"async\" width=\"150\" height=\"150\" src=\"https:\/\/www.arquimaster.com.ar\/web\/wp-content\/uploads\/2023\/07\/la_hacienda_jardin_17-150x150.jpg\" class=\"attachment-thumbnail size-thumbnail\" alt=\"La Hacienda Jard\u00edn \/ Pr\u00e1ctica Arquitectura\" aria-describedby=\"gallery-1-76800\" \/><\/a>\n\t\t\t<\/div>\n\t\t\t\t<figcaption class='wp-caption-text gallery-caption' id='gallery-1-76800'>\n\t\t\t\tLa Hacienda Jard\u00edn \/ Pr\u00e1ctica Arquitectura (\u00a9 C\u00e9sar B\u00e9jar)\n\t\t\t\t<\/figcaption><\/figure><figure class='gallery-item'>\n\t\t\t<div class='gallery-icon landscape'>\n\t\t\t\t<a href='https:\/\/www.arquimaster.com.ar\/web\/wp-content\/uploads\/2023\/07\/la_hacienda_jardin_18.jpg' title=\"La Hacienda Jard\u00edn \/ Pr\u00e1ctica Arquitectura (\u00a9 C\u00e9sar B\u00e9jar)\" data-rl_title=\"La Hacienda Jard\u00edn \/ Pr\u00e1ctica Arquitectura (\u00a9 C\u00e9sar B\u00e9jar)\" class=\"rl-gallery-link\" data-rl_caption=\"La Hacienda Jard\u00edn \/ Pr\u00e1ctica Arquitectura (\u00a9 C\u00e9sar B\u00e9jar)\" data-rel=\"lightbox-gallery-1\"><img loading=\"lazy\" decoding=\"async\" width=\"150\" height=\"150\" src=\"https:\/\/www.arquimaster.com.ar\/web\/wp-content\/uploads\/2023\/07\/la_hacienda_jardin_18-150x150.jpg\" class=\"attachment-thumbnail size-thumbnail\" alt=\"La Hacienda Jard\u00edn \/ Pr\u00e1ctica Arquitectura\" aria-describedby=\"gallery-1-76801\" \/><\/a>\n\t\t\t<\/div>\n\t\t\t\t<figcaption class='wp-caption-text gallery-caption' id='gallery-1-76801'>\n\t\t\t\tLa Hacienda Jard\u00edn \/ Pr\u00e1ctica Arquitectura (\u00a9 C\u00e9sar B\u00e9jar)\n\t\t\t\t<\/figcaption><\/figure><figure class='gallery-item'>\n\t\t\t<div class='gallery-icon landscape'>\n\t\t\t\t<a href='https:\/\/www.arquimaster.com.ar\/web\/wp-content\/uploads\/2023\/07\/la_hacienda_jardin_19.jpg' title=\"La Hacienda Jard\u00edn \/ Pr\u00e1ctica Arquitectura (\u00a9 Oscar Hern\u00e1ndez)\" data-rl_title=\"La Hacienda Jard\u00edn \/ Pr\u00e1ctica Arquitectura (\u00a9 Oscar Hern\u00e1ndez)\" class=\"rl-gallery-link\" data-rl_caption=\"La Hacienda Jard\u00edn \/ Pr\u00e1ctica Arquitectura (\u00a9 Oscar Hern\u00e1ndez)\" data-rel=\"lightbox-gallery-1\"><img loading=\"lazy\" decoding=\"async\" width=\"150\" height=\"150\" src=\"https:\/\/www.arquimaster.com.ar\/web\/wp-content\/uploads\/2023\/07\/la_hacienda_jardin_19-150x150.jpg\" class=\"attachment-thumbnail size-thumbnail\" alt=\"La Hacienda Jard\u00edn \/ Pr\u00e1ctica Arquitectura\" aria-describedby=\"gallery-1-76802\" \/><\/a>\n\t\t\t<\/div>\n\t\t\t\t<figcaption class='wp-caption-text gallery-caption' id='gallery-1-76802'>\n\t\t\t\tLa Hacienda Jard\u00edn \/ Pr\u00e1ctica Arquitectura (\u00a9 Oscar Hern\u00e1ndez)\n\t\t\t\t<\/figcaption><\/figure><figure class='gallery-item'>\n\t\t\t<div class='gallery-icon landscape'>\n\t\t\t\t<a href='https:\/\/www.arquimaster.com.ar\/web\/wp-content\/uploads\/2023\/07\/la_hacienda_jardin_20.jpg' title=\"La Hacienda Jard\u00edn \/ Pr\u00e1ctica Arquitectura (\u00a9 Oscar Hern\u00e1ndez)\" data-rl_title=\"La Hacienda Jard\u00edn \/ Pr\u00e1ctica Arquitectura (\u00a9 Oscar Hern\u00e1ndez)\" class=\"rl-gallery-link\" data-rl_caption=\"La Hacienda Jard\u00edn \/ Pr\u00e1ctica Arquitectura (\u00a9 Oscar Hern\u00e1ndez)\" data-rel=\"lightbox-gallery-1\"><img loading=\"lazy\" decoding=\"async\" width=\"150\" height=\"150\" src=\"https:\/\/www.arquimaster.com.ar\/web\/wp-content\/uploads\/2023\/07\/la_hacienda_jardin_20-150x150.jpg\" class=\"attachment-thumbnail size-thumbnail\" alt=\"La Hacienda Jard\u00edn \/ Pr\u00e1ctica Arquitectura\" aria-describedby=\"gallery-1-76803\" \/><\/a>\n\t\t\t<\/div>\n\t\t\t\t<figcaption class='wp-caption-text gallery-caption' id='gallery-1-76803'>\n\t\t\t\tLa Hacienda Jard\u00edn \/ Pr\u00e1ctica Arquitectura (\u00a9 Oscar Hern\u00e1ndez)\n\t\t\t\t<\/figcaption><\/figure><figure class='gallery-item'>\n\t\t\t<div class='gallery-icon landscape'>\n\t\t\t\t<a href='https:\/\/www.arquimaster.com.ar\/web\/wp-content\/uploads\/2023\/07\/la_hacienda_jardin_21.jpg' title=\"La Hacienda Jard\u00edn \/ Pr\u00e1ctica Arquitectura (\u00a9 Oscar Hern\u00e1ndez)\" data-rl_title=\"La Hacienda Jard\u00edn \/ Pr\u00e1ctica Arquitectura (\u00a9 Oscar Hern\u00e1ndez)\" class=\"rl-gallery-link\" data-rl_caption=\"La Hacienda Jard\u00edn \/ Pr\u00e1ctica Arquitectura (\u00a9 Oscar Hern\u00e1ndez)\" data-rel=\"lightbox-gallery-1\"><img loading=\"lazy\" decoding=\"async\" width=\"150\" height=\"150\" src=\"https:\/\/www.arquimaster.com.ar\/web\/wp-content\/uploads\/2023\/07\/la_hacienda_jardin_21-150x150.jpg\" class=\"attachment-thumbnail size-thumbnail\" alt=\"La Hacienda Jard\u00edn \/ Pr\u00e1ctica Arquitectura\" aria-describedby=\"gallery-1-76804\" \/><\/a>\n\t\t\t<\/div>\n\t\t\t\t<figcaption class='wp-caption-text gallery-caption' id='gallery-1-76804'>\n\t\t\t\tLa Hacienda Jard\u00edn \/ Pr\u00e1ctica Arquitectura (\u00a9 Oscar Hern\u00e1ndez)\n\t\t\t\t<\/figcaption><\/figure><figure class='gallery-item'>\n\t\t\t<div class='gallery-icon landscape'>\n\t\t\t\t<a href='https:\/\/www.arquimaster.com.ar\/web\/wp-content\/uploads\/2023\/07\/la_hacienda_jardin_22.jpg' title=\"La Hacienda Jard\u00edn \/ Pr\u00e1ctica Arquitectura (\u00a9 Oscar Hern\u00e1ndez)\" data-rl_title=\"La Hacienda Jard\u00edn \/ Pr\u00e1ctica Arquitectura (\u00a9 Oscar Hern\u00e1ndez)\" class=\"rl-gallery-link\" data-rl_caption=\"La Hacienda Jard\u00edn \/ Pr\u00e1ctica Arquitectura (\u00a9 Oscar Hern\u00e1ndez)\" data-rel=\"lightbox-gallery-1\"><img loading=\"lazy\" decoding=\"async\" width=\"150\" height=\"150\" src=\"https:\/\/www.arquimaster.com.ar\/web\/wp-content\/uploads\/2023\/07\/la_hacienda_jardin_22-150x150.jpg\" class=\"attachment-thumbnail size-thumbnail\" alt=\"La Hacienda Jard\u00edn \/ Pr\u00e1ctica Arquitectura\" aria-describedby=\"gallery-1-76805\" \/><\/a>\n\t\t\t<\/div>\n\t\t\t\t<figcaption class='wp-caption-text gallery-caption' id='gallery-1-76805'>\n\t\t\t\tLa Hacienda Jard\u00edn \/ Pr\u00e1ctica Arquitectura (\u00a9 Oscar Hern\u00e1ndez)\n\t\t\t\t<\/figcaption><\/figure><figure class='gallery-item'>\n\t\t\t<div class='gallery-icon landscape'>\n\t\t\t\t<a href='https:\/\/www.arquimaster.com.ar\/web\/wp-content\/uploads\/2023\/07\/la_hacienda_jardin_23.jpg' title=\"La Hacienda Jard\u00edn \/ Pr\u00e1ctica Arquitectura (\u00a9 Oscar Hern\u00e1ndez)\" data-rl_title=\"La Hacienda Jard\u00edn \/ Pr\u00e1ctica Arquitectura (\u00a9 Oscar Hern\u00e1ndez)\" class=\"rl-gallery-link\" data-rl_caption=\"La Hacienda Jard\u00edn \/ Pr\u00e1ctica Arquitectura (\u00a9 Oscar Hern\u00e1ndez)\" data-rel=\"lightbox-gallery-1\"><img loading=\"lazy\" decoding=\"async\" width=\"150\" height=\"150\" src=\"https:\/\/www.arquimaster.com.ar\/web\/wp-content\/uploads\/2023\/07\/la_hacienda_jardin_23-150x150.jpg\" class=\"attachment-thumbnail size-thumbnail\" alt=\"La Hacienda Jard\u00edn \/ Pr\u00e1ctica Arquitectura\" aria-describedby=\"gallery-1-76806\" \/><\/a>\n\t\t\t<\/div>\n\t\t\t\t<figcaption class='wp-caption-text gallery-caption' id='gallery-1-76806'>\n\t\t\t\tLa Hacienda Jard\u00edn \/ Pr\u00e1ctica Arquitectura (\u00a9 Oscar Hern\u00e1ndez)\n\t\t\t\t<\/figcaption><\/figure><figure class='gallery-item'>\n\t\t\t<div class='gallery-icon landscape'>\n\t\t\t\t<a href='https:\/\/www.arquimaster.com.ar\/web\/wp-content\/uploads\/2023\/07\/la_hacienda_jardin_24.jpg' title=\"La Hacienda Jard\u00edn \/ Pr\u00e1ctica Arquitectura (\u00a9 Oscar Hern\u00e1ndez)\" data-rl_title=\"La Hacienda Jard\u00edn \/ Pr\u00e1ctica Arquitectura (\u00a9 Oscar Hern\u00e1ndez)\" class=\"rl-gallery-link\" data-rl_caption=\"La Hacienda Jard\u00edn \/ Pr\u00e1ctica Arquitectura (\u00a9 Oscar Hern\u00e1ndez)\" data-rel=\"lightbox-gallery-1\"><img loading=\"lazy\" decoding=\"async\" width=\"150\" height=\"150\" src=\"https:\/\/www.arquimaster.com.ar\/web\/wp-content\/uploads\/2023\/07\/la_hacienda_jardin_24-150x150.jpg\" class=\"attachment-thumbnail size-thumbnail\" alt=\"La Hacienda Jard\u00edn \/ Pr\u00e1ctica Arquitectura\" aria-describedby=\"gallery-1-76807\" \/><\/a>\n\t\t\t<\/div>\n\t\t\t\t<figcaption class='wp-caption-text gallery-caption' id='gallery-1-76807'>\n\t\t\t\tLa Hacienda Jard\u00edn \/ Pr\u00e1ctica Arquitectura (\u00a9 Oscar Hern\u00e1ndez)\n\t\t\t\t<\/figcaption><\/figure><figure class='gallery-item'>\n\t\t\t<div class='gallery-icon landscape'>\n\t\t\t\t<a href='https:\/\/www.arquimaster.com.ar\/web\/wp-content\/uploads\/2023\/07\/la_hacienda_jardin_25.jpg' title=\"La Hacienda Jard\u00edn \/ Pr\u00e1ctica Arquitectura (\u00a9 Oscar Hern\u00e1ndez)\" data-rl_title=\"La Hacienda Jard\u00edn \/ Pr\u00e1ctica Arquitectura (\u00a9 Oscar Hern\u00e1ndez)\" class=\"rl-gallery-link\" data-rl_caption=\"La Hacienda Jard\u00edn \/ Pr\u00e1ctica Arquitectura (\u00a9 Oscar Hern\u00e1ndez)\" data-rel=\"lightbox-gallery-1\"><img loading=\"lazy\" decoding=\"async\" width=\"150\" height=\"150\" src=\"https:\/\/www.arquimaster.com.ar\/web\/wp-content\/uploads\/2023\/07\/la_hacienda_jardin_25-150x150.jpg\" class=\"attachment-thumbnail size-thumbnail\" alt=\"La Hacienda Jard\u00edn \/ Pr\u00e1ctica Arquitectura\" aria-describedby=\"gallery-1-76808\" \/><\/a>\n\t\t\t<\/div>\n\t\t\t\t<figcaption class='wp-caption-text gallery-caption' id='gallery-1-76808'>\n\t\t\t\tLa Hacienda Jard\u00edn \/ Pr\u00e1ctica Arquitectura (\u00a9 Oscar Hern\u00e1ndez)\n\t\t\t\t<\/figcaption><\/figure><figure class='gallery-item'>\n\t\t\t<div class='gallery-icon landscape'>\n\t\t\t\t<a href='https:\/\/www.arquimaster.com.ar\/web\/wp-content\/uploads\/2023\/07\/la_hacienda_jardin_26.jpg' title=\"La Hacienda Jard\u00edn \/ Pr\u00e1ctica Arquitectura (\u00a9 Oscar Hern\u00e1ndez)\" data-rl_title=\"La Hacienda Jard\u00edn \/ Pr\u00e1ctica Arquitectura (\u00a9 Oscar Hern\u00e1ndez)\" class=\"rl-gallery-link\" data-rl_caption=\"La Hacienda Jard\u00edn \/ Pr\u00e1ctica Arquitectura (\u00a9 Oscar Hern\u00e1ndez)\" data-rel=\"lightbox-gallery-1\"><img loading=\"lazy\" decoding=\"async\" width=\"150\" height=\"150\" src=\"https:\/\/www.arquimaster.com.ar\/web\/wp-content\/uploads\/2023\/07\/la_hacienda_jardin_26-150x150.jpg\" class=\"attachment-thumbnail size-thumbnail\" alt=\"La Hacienda Jard\u00edn \/ Pr\u00e1ctica Arquitectura\" aria-describedby=\"gallery-1-76809\" \/><\/a>\n\t\t\t<\/div>\n\t\t\t\t<figcaption class='wp-caption-text gallery-caption' id='gallery-1-76809'>\n\t\t\t\tLa Hacienda Jard\u00edn \/ Pr\u00e1ctica Arquitectura (\u00a9 Oscar Hern\u00e1ndez)\n\t\t\t\t<\/figcaption><\/figure><figure class='gallery-item'>\n\t\t\t<div class='gallery-icon landscape'>\n\t\t\t\t<a href='https:\/\/www.arquimaster.com.ar\/web\/wp-content\/uploads\/2023\/07\/la_hacienda_jardin_27.jpg' title=\"La Hacienda Jard\u00edn \/ Pr\u00e1ctica Arquitectura (\u00a9 Oscar Hern\u00e1ndez)\" data-rl_title=\"La Hacienda Jard\u00edn \/ Pr\u00e1ctica Arquitectura (\u00a9 Oscar Hern\u00e1ndez)\" class=\"rl-gallery-link\" data-rl_caption=\"La Hacienda Jard\u00edn \/ Pr\u00e1ctica Arquitectura (\u00a9 Oscar Hern\u00e1ndez)\" data-rel=\"lightbox-gallery-1\"><img loading=\"lazy\" decoding=\"async\" width=\"150\" height=\"150\" src=\"https:\/\/www.arquimaster.com.ar\/web\/wp-content\/uploads\/2023\/07\/la_hacienda_jardin_27-150x150.jpg\" class=\"attachment-thumbnail size-thumbnail\" alt=\"La Hacienda Jard\u00edn \/ Pr\u00e1ctica Arquitectura\" aria-describedby=\"gallery-1-76810\" \/><\/a>\n\t\t\t<\/div>\n\t\t\t\t<figcaption class='wp-caption-text gallery-caption' id='gallery-1-76810'>\n\t\t\t\tLa Hacienda Jard\u00edn \/ Pr\u00e1ctica Arquitectura (\u00a9 Oscar Hern\u00e1ndez)\n\t\t\t\t<\/figcaption><\/figure><figure class='gallery-item'>\n\t\t\t<div class='gallery-icon landscape'>\n\t\t\t\t<a href='https:\/\/www.arquimaster.com.ar\/web\/wp-content\/uploads\/2023\/07\/la_hacienda_jardin_28.jpg' title=\"La Hacienda Jard\u00edn \/ Pr\u00e1ctica Arquitectura (\u00a9 Oscar Hern\u00e1ndez)\" data-rl_title=\"La Hacienda Jard\u00edn \/ Pr\u00e1ctica Arquitectura (\u00a9 Oscar Hern\u00e1ndez)\" class=\"rl-gallery-link\" data-rl_caption=\"La Hacienda Jard\u00edn \/ Pr\u00e1ctica Arquitectura (\u00a9 Oscar Hern\u00e1ndez)\" data-rel=\"lightbox-gallery-1\"><img loading=\"lazy\" decoding=\"async\" width=\"150\" height=\"150\" src=\"https:\/\/www.arquimaster.com.ar\/web\/wp-content\/uploads\/2023\/07\/la_hacienda_jardin_28-150x150.jpg\" class=\"attachment-thumbnail size-thumbnail\" alt=\"La Hacienda Jard\u00edn \/ Pr\u00e1ctica Arquitectura\" aria-describedby=\"gallery-1-76811\" \/><\/a>\n\t\t\t<\/div>\n\t\t\t\t<figcaption class='wp-caption-text gallery-caption' id='gallery-1-76811'>\n\t\t\t\tLa Hacienda Jard\u00edn \/ Pr\u00e1ctica Arquitectura (\u00a9 Oscar Hern\u00e1ndez)\n\t\t\t\t<\/figcaption><\/figure><figure class='gallery-item'>\n\t\t\t<div class='gallery-icon landscape'>\n\t\t\t\t<a href='https:\/\/www.arquimaster.com.ar\/web\/wp-content\/uploads\/2023\/07\/la_hacienda_jardin_29.jpg' title=\"La Hacienda Jard\u00edn \/ Pr\u00e1ctica Arquitectura (\u00a9 Oscar Hern\u00e1ndez)\" data-rl_title=\"La Hacienda Jard\u00edn \/ Pr\u00e1ctica Arquitectura (\u00a9 Oscar Hern\u00e1ndez)\" class=\"rl-gallery-link\" data-rl_caption=\"La Hacienda Jard\u00edn \/ Pr\u00e1ctica Arquitectura (\u00a9 Oscar Hern\u00e1ndez)\" data-rel=\"lightbox-gallery-1\"><img loading=\"lazy\" decoding=\"async\" width=\"150\" height=\"150\" src=\"https:\/\/www.arquimaster.com.ar\/web\/wp-content\/uploads\/2023\/07\/la_hacienda_jardin_29-150x150.jpg\" class=\"attachment-thumbnail size-thumbnail\" alt=\"La Hacienda Jard\u00edn \/ Pr\u00e1ctica Arquitectura\" aria-describedby=\"gallery-1-76812\" \/><\/a>\n\t\t\t<\/div>\n\t\t\t\t<figcaption class='wp-caption-text gallery-caption' id='gallery-1-76812'>\n\t\t\t\tLa Hacienda Jard\u00edn \/ Pr\u00e1ctica Arquitectura (\u00a9 Oscar Hern\u00e1ndez)\n\t\t\t\t<\/figcaption><\/figure><figure class='gallery-item'>\n\t\t\t<div class='gallery-icon portrait'>\n\t\t\t\t<a href='https:\/\/www.arquimaster.com.ar\/web\/wp-content\/uploads\/2023\/07\/la_hacienda_jardin_30.jpg' title=\"La Hacienda Jard\u00edn \/ Pr\u00e1ctica Arquitectura (planta y cortes)\" data-rl_title=\"La Hacienda Jard\u00edn \/ Pr\u00e1ctica Arquitectura (planta y cortes)\" class=\"rl-gallery-link\" data-rl_caption=\"La Hacienda Jard\u00edn \/ Pr\u00e1ctica Arquitectura (planta y cortes)\" data-rel=\"lightbox-gallery-1\"><img loading=\"lazy\" decoding=\"async\" width=\"150\" height=\"150\" src=\"https:\/\/www.arquimaster.com.ar\/web\/wp-content\/uploads\/2023\/07\/la_hacienda_jardin_30-150x150.jpg\" class=\"attachment-thumbnail size-thumbnail\" alt=\"La Hacienda Jard\u00edn \/ Pr\u00e1ctica Arquitectura\" aria-describedby=\"gallery-1-76813\" \/><\/a>\n\t\t\t<\/div>\n\t\t\t\t<figcaption class='wp-caption-text gallery-caption' id='gallery-1-76813'>\n\t\t\t\tLa Hacienda Jard\u00edn \/ Pr\u00e1ctica Arquitectura (planta y cortes)\n\t\t\t\t<\/figcaption><\/figure>\n\t\t<\/div>\n\n<p>Recorrerlo es encontrar una experiencia \u00fanica e irrepetible: los numerosos rincones m\u00edsticos y espirituales; su mezcla de arquitectura tradicional y vern\u00e1cula; sus calles estrechas y empedradas con fachadas de altura baja; su paleta de materiales constante de barro, madera, teja, piedra y encalados; sus habitantes; su comida, artesan\u00edas y paisajes lo han transformado en un referente de encanto y misterio, dando origen a su etiqueta de Pueblo M\u00e1gico.<\/p>\n<p>Tepoztl\u00e1n es un lugar que se vive hacia adentro, se descubre en sus patios y jardines, al interior de sus edificaciones. La belleza de las fachadas en sus calles radica en la sobriedad y serenidad para invitar activamente al espectador a entrar. Con eso en mente, la casa se manifiesta sobria y serena, callada hacia su entorno, respet\u00e1ndolo, guardando la magia y misterio para quien entre en ella.<\/p>\n<p><strong>El sitio<\/strong><br \/>El terreno se ubica dentro de un fraccionamiento privado, en un \u00e1rea que se ha desarrollado como residencial. El lote se presenta en una esquina y cuenta con 1270 m2. Su ubicaci\u00f3n permite una vista privilegiada del Tepozteco con orientaci\u00f3n al Norte y una sensaci\u00f3n abierta al poniente, oriente y sur. A los costados se presentan casas terminadas y por terminar; sin embargo, su ostentosidad en tama\u00f1o, formas y lenguaje rompen la l\u00ednea con el paisaje natural que hace \u00fanico a este lugar. En este sentido, el proyecto parte de una oposici\u00f3n a este conjunto de propuestas para retomar los elementos propios del pueblo y su medio.<\/p>\n<div id='gallery-2' class='gallery galleryid-76782 gallery-columns-3 gallery-size-thumbnail'><figure class='gallery-item'>\n\t\t\t<div class='gallery-icon portrait'>\n\t\t\t\t<a href='https:\/\/www.arquimaster.com.ar\/web\/wp-content\/uploads\/2023\/07\/la_hacienda_jardin_31.jpg' title=\"La Hacienda Jard\u00edn \/ Pr\u00e1ctica Arquitectura (planta baja)\" data-rl_title=\"La Hacienda Jard\u00edn \/ Pr\u00e1ctica Arquitectura (planta baja)\" class=\"rl-gallery-link\" data-rl_caption=\"La Hacienda Jard\u00edn \/ Pr\u00e1ctica Arquitectura (planta baja)\" data-rel=\"lightbox-gallery-2\"><img loading=\"lazy\" decoding=\"async\" width=\"150\" height=\"150\" src=\"https:\/\/www.arquimaster.com.ar\/web\/wp-content\/uploads\/2023\/07\/la_hacienda_jardin_31-150x150.jpg\" class=\"attachment-thumbnail size-thumbnail\" alt=\"La Hacienda Jard\u00edn \/ Pr\u00e1ctica Arquitectura\" aria-describedby=\"gallery-2-76814\" \/><\/a>\n\t\t\t<\/div>\n\t\t\t\t<figcaption class='wp-caption-text gallery-caption' id='gallery-2-76814'>\n\t\t\t\tLa Hacienda Jard\u00edn \/ Pr\u00e1ctica Arquitectura (planta baja)\n\t\t\t\t<\/figcaption><\/figure><figure class='gallery-item'>\n\t\t\t<div class='gallery-icon portrait'>\n\t\t\t\t<a href='https:\/\/www.arquimaster.com.ar\/web\/wp-content\/uploads\/2023\/07\/la_hacienda_jardin_32.jpg' title=\"La Hacienda Jard\u00edn \/ Pr\u00e1ctica Arquitectura (planta alta)\" data-rl_title=\"La Hacienda Jard\u00edn \/ Pr\u00e1ctica Arquitectura (planta alta)\" class=\"rl-gallery-link\" data-rl_caption=\"La Hacienda Jard\u00edn \/ Pr\u00e1ctica Arquitectura (planta alta)\" data-rel=\"lightbox-gallery-2\"><img loading=\"lazy\" decoding=\"async\" width=\"150\" height=\"150\" src=\"https:\/\/www.arquimaster.com.ar\/web\/wp-content\/uploads\/2023\/07\/la_hacienda_jardin_32-150x150.jpg\" class=\"attachment-thumbnail size-thumbnail\" alt=\"La Hacienda Jard\u00edn \/ Pr\u00e1ctica Arquitectura\" aria-describedby=\"gallery-2-76815\" \/><\/a>\n\t\t\t<\/div>\n\t\t\t\t<figcaption class='wp-caption-text gallery-caption' id='gallery-2-76815'>\n\t\t\t\tLa Hacienda Jard\u00edn \/ Pr\u00e1ctica Arquitectura (planta alta)\n\t\t\t\t<\/figcaption><\/figure><figure class='gallery-item'>\n\t\t\t<div class='gallery-icon portrait'>\n\t\t\t\t<a href='https:\/\/www.arquimaster.com.ar\/web\/wp-content\/uploads\/2023\/07\/la_hacienda_jardin_33.jpg' title=\"La Hacienda Jard\u00edn \/ Pr\u00e1ctica Arquitectura (planta de techos)\" data-rl_title=\"La Hacienda Jard\u00edn \/ Pr\u00e1ctica Arquitectura (planta de techos)\" class=\"rl-gallery-link\" data-rl_caption=\"La Hacienda Jard\u00edn \/ Pr\u00e1ctica Arquitectura (planta de techos)\" data-rel=\"lightbox-gallery-2\"><img loading=\"lazy\" decoding=\"async\" width=\"150\" height=\"150\" src=\"https:\/\/www.arquimaster.com.ar\/web\/wp-content\/uploads\/2023\/07\/la_hacienda_jardin_33-150x150.jpg\" class=\"attachment-thumbnail size-thumbnail\" alt=\"La Hacienda Jard\u00edn \/ Pr\u00e1ctica Arquitectura\" aria-describedby=\"gallery-2-76816\" \/><\/a>\n\t\t\t<\/div>\n\t\t\t\t<figcaption class='wp-caption-text gallery-caption' id='gallery-2-76816'>\n\t\t\t\tLa Hacienda Jard\u00edn \/ Pr\u00e1ctica Arquitectura (planta de techos)\n\t\t\t\t<\/figcaption><\/figure><figure class='gallery-item'>\n\t\t\t<div class='gallery-icon landscape'>\n\t\t\t\t<a href='https:\/\/www.arquimaster.com.ar\/web\/wp-content\/uploads\/2023\/07\/la_hacienda_jardin_34.jpg' title=\"La Hacienda Jard\u00edn \/ Pr\u00e1ctica Arquitectura (corte)\" data-rl_title=\"La Hacienda Jard\u00edn \/ Pr\u00e1ctica Arquitectura (corte)\" class=\"rl-gallery-link\" data-rl_caption=\"La Hacienda Jard\u00edn \/ Pr\u00e1ctica Arquitectura (corte)\" data-rel=\"lightbox-gallery-2\"><img loading=\"lazy\" decoding=\"async\" width=\"150\" height=\"150\" src=\"https:\/\/www.arquimaster.com.ar\/web\/wp-content\/uploads\/2023\/07\/la_hacienda_jardin_34-150x150.jpg\" class=\"attachment-thumbnail size-thumbnail\" alt=\"La Hacienda Jard\u00edn \/ Pr\u00e1ctica Arquitectura\" aria-describedby=\"gallery-2-76817\" \/><\/a>\n\t\t\t<\/div>\n\t\t\t\t<figcaption class='wp-caption-text gallery-caption' id='gallery-2-76817'>\n\t\t\t\tLa Hacienda Jard\u00edn \/ Pr\u00e1ctica Arquitectura (corte)\n\t\t\t\t<\/figcaption><\/figure><figure class='gallery-item'>\n\t\t\t<div class='gallery-icon landscape'>\n\t\t\t\t<a href='https:\/\/www.arquimaster.com.ar\/web\/wp-content\/uploads\/2023\/07\/la_hacienda_jardin_35.jpg' title=\"La Hacienda Jard\u00edn \/ Pr\u00e1ctica Arquitectura (corte)\" data-rl_title=\"La Hacienda Jard\u00edn \/ Pr\u00e1ctica Arquitectura (corte)\" class=\"rl-gallery-link\" data-rl_caption=\"La Hacienda Jard\u00edn \/ Pr\u00e1ctica Arquitectura (corte)\" data-rel=\"lightbox-gallery-2\"><img loading=\"lazy\" decoding=\"async\" width=\"150\" height=\"150\" src=\"https:\/\/www.arquimaster.com.ar\/web\/wp-content\/uploads\/2023\/07\/la_hacienda_jardin_35-150x150.jpg\" class=\"attachment-thumbnail size-thumbnail\" alt=\"La Hacienda Jard\u00edn \/ Pr\u00e1ctica Arquitectura\" aria-describedby=\"gallery-2-76818\" \/><\/a>\n\t\t\t<\/div>\n\t\t\t\t<figcaption class='wp-caption-text gallery-caption' id='gallery-2-76818'>\n\t\t\t\tLa Hacienda Jard\u00edn \/ Pr\u00e1ctica Arquitectura (corte)\n\t\t\t\t<\/figcaption><\/figure><figure class='gallery-item'>\n\t\t\t<div class='gallery-icon landscape'>\n\t\t\t\t<a href='https:\/\/www.arquimaster.com.ar\/web\/wp-content\/uploads\/2023\/07\/la_hacienda_jardin_36.jpg' title=\"La Hacienda Jard\u00edn \/ Pr\u00e1ctica Arquitectura (corte)\" data-rl_title=\"La Hacienda Jard\u00edn \/ Pr\u00e1ctica Arquitectura (corte)\" class=\"rl-gallery-link\" data-rl_caption=\"La Hacienda Jard\u00edn \/ Pr\u00e1ctica Arquitectura (corte)\" data-rel=\"lightbox-gallery-2\"><img loading=\"lazy\" decoding=\"async\" width=\"150\" height=\"150\" src=\"https:\/\/www.arquimaster.com.ar\/web\/wp-content\/uploads\/2023\/07\/la_hacienda_jardin_36-150x150.jpg\" class=\"attachment-thumbnail size-thumbnail\" alt=\"La Hacienda Jard\u00edn \/ Pr\u00e1ctica Arquitectura\" aria-describedby=\"gallery-2-76819\" \/><\/a>\n\t\t\t<\/div>\n\t\t\t\t<figcaption class='wp-caption-text gallery-caption' id='gallery-2-76819'>\n\t\t\t\tLa Hacienda Jard\u00edn \/ Pr\u00e1ctica Arquitectura (corte)\n\t\t\t\t<\/figcaption><\/figure><figure class='gallery-item'>\n\t\t\t<div class='gallery-icon landscape'>\n\t\t\t\t<a href='https:\/\/www.arquimaster.com.ar\/web\/wp-content\/uploads\/2023\/07\/la_hacienda_jardin_37.jpg' title=\"La Hacienda Jard\u00edn \/ Pr\u00e1ctica Arquitectura (corte)\" data-rl_title=\"La Hacienda Jard\u00edn \/ Pr\u00e1ctica Arquitectura (corte)\" class=\"rl-gallery-link\" data-rl_caption=\"La Hacienda Jard\u00edn \/ Pr\u00e1ctica Arquitectura (corte)\" data-rel=\"lightbox-gallery-2\"><img loading=\"lazy\" decoding=\"async\" width=\"150\" height=\"150\" src=\"https:\/\/www.arquimaster.com.ar\/web\/wp-content\/uploads\/2023\/07\/la_hacienda_jardin_37-150x150.jpg\" class=\"attachment-thumbnail size-thumbnail\" alt=\"La Hacienda Jard\u00edn \/ Pr\u00e1ctica Arquitectura\" aria-describedby=\"gallery-2-76820\" \/><\/a>\n\t\t\t<\/div>\n\t\t\t\t<figcaption class='wp-caption-text gallery-caption' id='gallery-2-76820'>\n\t\t\t\tLa Hacienda Jard\u00edn \/ Pr\u00e1ctica Arquitectura (corte)\n\t\t\t\t<\/figcaption><\/figure><figure class='gallery-item'>\n\t\t\t<div class='gallery-icon landscape'>\n\t\t\t\t<a href='https:\/\/www.arquimaster.com.ar\/web\/wp-content\/uploads\/2023\/07\/la_hacienda_jardin_38.jpg' title=\"La Hacienda Jard\u00edn \/ Pr\u00e1ctica Arquitectura (implantaci\u00f3n)\" data-rl_title=\"La Hacienda Jard\u00edn \/ Pr\u00e1ctica Arquitectura (implantaci\u00f3n)\" class=\"rl-gallery-link\" data-rl_caption=\"La Hacienda Jard\u00edn \/ Pr\u00e1ctica Arquitectura (implantaci\u00f3n)\" data-rel=\"lightbox-gallery-2\"><img loading=\"lazy\" decoding=\"async\" width=\"150\" height=\"150\" src=\"https:\/\/www.arquimaster.com.ar\/web\/wp-content\/uploads\/2023\/07\/la_hacienda_jardin_38-150x150.jpg\" class=\"attachment-thumbnail size-thumbnail\" alt=\"La Hacienda Jard\u00edn \/ Pr\u00e1ctica Arquitectura\" aria-describedby=\"gallery-2-76821\" srcset=\"https:\/\/www.arquimaster.com.ar\/web\/wp-content\/uploads\/2023\/07\/la_hacienda_jardin_38-150x150.jpg 150w, https:\/\/www.arquimaster.com.ar\/web\/wp-content\/uploads\/2023\/07\/la_hacienda_jardin_38-768x768.jpg 768w, https:\/\/www.arquimaster.com.ar\/web\/wp-content\/uploads\/2023\/07\/la_hacienda_jardin_38-1536x1536.jpg 1536w, https:\/\/www.arquimaster.com.ar\/web\/wp-content\/uploads\/2023\/07\/la_hacienda_jardin_38.jpg 2000w\" sizes=\"auto, (max-width: 150px) 100vw, 150px\" \/><\/a>\n\t\t\t<\/div>\n\t\t\t\t<figcaption class='wp-caption-text gallery-caption' id='gallery-2-76821'>\n\t\t\t\tLa Hacienda Jard\u00edn \/ Pr\u00e1ctica Arquitectura (implantaci\u00f3n)\n\t\t\t\t<\/figcaption><\/figure><figure class='gallery-item'>\n\t\t\t<div class='gallery-icon landscape'>\n\t\t\t\t<a href='https:\/\/www.arquimaster.com.ar\/web\/wp-content\/uploads\/2023\/07\/la_hacienda_jardin_39.jpg' title=\"La Hacienda Jard\u00edn \/ Pr\u00e1ctica Arquitectura (maqueta)\" data-rl_title=\"La Hacienda Jard\u00edn \/ Pr\u00e1ctica Arquitectura (maqueta)\" class=\"rl-gallery-link\" data-rl_caption=\"La Hacienda Jard\u00edn \/ Pr\u00e1ctica Arquitectura (maqueta)\" data-rel=\"lightbox-gallery-2\"><img loading=\"lazy\" decoding=\"async\" width=\"150\" height=\"150\" src=\"https:\/\/www.arquimaster.com.ar\/web\/wp-content\/uploads\/2023\/07\/la_hacienda_jardin_39-150x150.jpg\" class=\"attachment-thumbnail size-thumbnail\" alt=\"La Hacienda Jard\u00edn \/ Pr\u00e1ctica Arquitectura\" aria-describedby=\"gallery-2-76822\" srcset=\"https:\/\/www.arquimaster.com.ar\/web\/wp-content\/uploads\/2023\/07\/la_hacienda_jardin_39-150x150.jpg 150w, https:\/\/www.arquimaster.com.ar\/web\/wp-content\/uploads\/2023\/07\/la_hacienda_jardin_39-768x768.jpg 768w, https:\/\/www.arquimaster.com.ar\/web\/wp-content\/uploads\/2023\/07\/la_hacienda_jardin_39.jpg 1500w\" sizes=\"auto, (max-width: 150px) 100vw, 150px\" \/><\/a>\n\t\t\t<\/div>\n\t\t\t\t<figcaption class='wp-caption-text gallery-caption' id='gallery-2-76822'>\n\t\t\t\tLa Hacienda Jard\u00edn \/ Pr\u00e1ctica Arquitectura (maqueta)\n\t\t\t\t<\/figcaption><\/figure><figure class='gallery-item'>\n\t\t\t<div class='gallery-icon landscape'>\n\t\t\t\t<a href='https:\/\/www.arquimaster.com.ar\/web\/wp-content\/uploads\/2023\/07\/la_hacienda_jardin_40.jpg' title=\"La Hacienda Jard\u00edn \/ Pr\u00e1ctica Arquitectura (maqueta)\" data-rl_title=\"La Hacienda Jard\u00edn \/ Pr\u00e1ctica Arquitectura (maqueta)\" class=\"rl-gallery-link\" data-rl_caption=\"La Hacienda Jard\u00edn \/ Pr\u00e1ctica Arquitectura (maqueta)\" data-rel=\"lightbox-gallery-2\"><img loading=\"lazy\" decoding=\"async\" width=\"150\" height=\"150\" src=\"https:\/\/www.arquimaster.com.ar\/web\/wp-content\/uploads\/2023\/07\/la_hacienda_jardin_40-150x150.jpg\" class=\"attachment-thumbnail size-thumbnail\" alt=\"La Hacienda Jard\u00edn \/ Pr\u00e1ctica Arquitectura\" aria-describedby=\"gallery-2-76823\" srcset=\"https:\/\/www.arquimaster.com.ar\/web\/wp-content\/uploads\/2023\/07\/la_hacienda_jardin_40-150x150.jpg 150w, https:\/\/www.arquimaster.com.ar\/web\/wp-content\/uploads\/2023\/07\/la_hacienda_jardin_40-768x768.jpg 768w, https:\/\/www.arquimaster.com.ar\/web\/wp-content\/uploads\/2023\/07\/la_hacienda_jardin_40.jpg 1500w\" sizes=\"auto, (max-width: 150px) 100vw, 150px\" \/><\/a>\n\t\t\t<\/div>\n\t\t\t\t<figcaption class='wp-caption-text gallery-caption' id='gallery-2-76823'>\n\t\t\t\tLa Hacienda Jard\u00edn \/ Pr\u00e1ctica Arquitectura (maqueta)\n\t\t\t\t<\/figcaption><\/figure><figure class='gallery-item'>\n\t\t\t<div class='gallery-icon landscape'>\n\t\t\t\t<a href='https:\/\/www.arquimaster.com.ar\/web\/wp-content\/uploads\/2023\/07\/la_hacienda_jardin_41.jpg' title=\"La Hacienda Jard\u00edn \/ Pr\u00e1ctica Arquitectura (maqueta)\" data-rl_title=\"La Hacienda Jard\u00edn \/ Pr\u00e1ctica Arquitectura (maqueta)\" class=\"rl-gallery-link\" data-rl_caption=\"La Hacienda Jard\u00edn \/ Pr\u00e1ctica Arquitectura (maqueta)\" data-rel=\"lightbox-gallery-2\"><img loading=\"lazy\" decoding=\"async\" width=\"150\" height=\"150\" src=\"https:\/\/www.arquimaster.com.ar\/web\/wp-content\/uploads\/2023\/07\/la_hacienda_jardin_41-150x150.jpg\" class=\"attachment-thumbnail size-thumbnail\" alt=\"La Hacienda Jard\u00edn \/ Pr\u00e1ctica Arquitectura\" aria-describedby=\"gallery-2-76824\" srcset=\"https:\/\/www.arquimaster.com.ar\/web\/wp-content\/uploads\/2023\/07\/la_hacienda_jardin_41-150x150.jpg 150w, https:\/\/www.arquimaster.com.ar\/web\/wp-content\/uploads\/2023\/07\/la_hacienda_jardin_41-768x768.jpg 768w, https:\/\/www.arquimaster.com.ar\/web\/wp-content\/uploads\/2023\/07\/la_hacienda_jardin_41.jpg 1500w\" sizes=\"auto, (max-width: 150px) 100vw, 150px\" \/><\/a>\n\t\t\t<\/div>\n\t\t\t\t<figcaption class='wp-caption-text gallery-caption' id='gallery-2-76824'>\n\t\t\t\tLa Hacienda Jard\u00edn \/ Pr\u00e1ctica Arquitectura (maqueta)\n\t\t\t\t<\/figcaption><\/figure><figure class='gallery-item'>\n\t\t\t<div class='gallery-icon landscape'>\n\t\t\t\t<a href='https:\/\/www.arquimaster.com.ar\/web\/wp-content\/uploads\/2023\/07\/la_hacienda_jardin_42.jpg' title=\"La Hacienda Jard\u00edn \/ Pr\u00e1ctica Arquitectura (maqueta)\" data-rl_title=\"La Hacienda Jard\u00edn \/ Pr\u00e1ctica Arquitectura (maqueta)\" class=\"rl-gallery-link\" data-rl_caption=\"La Hacienda Jard\u00edn \/ Pr\u00e1ctica Arquitectura (maqueta)\" data-rel=\"lightbox-gallery-2\"><img loading=\"lazy\" decoding=\"async\" width=\"150\" height=\"150\" src=\"https:\/\/www.arquimaster.com.ar\/web\/wp-content\/uploads\/2023\/07\/la_hacienda_jardin_42-150x150.jpg\" class=\"attachment-thumbnail size-thumbnail\" alt=\"La Hacienda Jard\u00edn \/ Pr\u00e1ctica Arquitectura\" aria-describedby=\"gallery-2-76825\" srcset=\"https:\/\/www.arquimaster.com.ar\/web\/wp-content\/uploads\/2023\/07\/la_hacienda_jardin_42-150x150.jpg 150w, https:\/\/www.arquimaster.com.ar\/web\/wp-content\/uploads\/2023\/07\/la_hacienda_jardin_42-768x768.jpg 768w, https:\/\/www.arquimaster.com.ar\/web\/wp-content\/uploads\/2023\/07\/la_hacienda_jardin_42.jpg 1500w\" sizes=\"auto, (max-width: 150px) 100vw, 150px\" \/><\/a>\n\t\t\t<\/div>\n\t\t\t\t<figcaption class='wp-caption-text gallery-caption' id='gallery-2-76825'>\n\t\t\t\tLa Hacienda Jard\u00edn \/ Pr\u00e1ctica Arquitectura (maqueta)\n\t\t\t\t<\/figcaption><\/figure><figure class='gallery-item'>\n\t\t\t<div class='gallery-icon landscape'>\n\t\t\t\t<a href='https:\/\/www.arquimaster.com.ar\/web\/wp-content\/uploads\/2023\/07\/la_hacienda_jardin_43.jpg' title=\"La Hacienda Jard\u00edn \/ Pr\u00e1ctica Arquitectura (maqueta)\" data-rl_title=\"La Hacienda Jard\u00edn \/ Pr\u00e1ctica Arquitectura (maqueta)\" class=\"rl-gallery-link\" data-rl_caption=\"La Hacienda Jard\u00edn \/ Pr\u00e1ctica Arquitectura (maqueta)\" data-rel=\"lightbox-gallery-2\"><img loading=\"lazy\" decoding=\"async\" width=\"150\" height=\"150\" src=\"https:\/\/www.arquimaster.com.ar\/web\/wp-content\/uploads\/2023\/07\/la_hacienda_jardin_43-150x150.jpg\" class=\"attachment-thumbnail size-thumbnail\" alt=\"La Hacienda Jard\u00edn \/ Pr\u00e1ctica Arquitectura\" aria-describedby=\"gallery-2-76826\" \/><\/a>\n\t\t\t<\/div>\n\t\t\t\t<figcaption class='wp-caption-text gallery-caption' id='gallery-2-76826'>\n\t\t\t\tLa Hacienda Jard\u00edn \/ Pr\u00e1ctica Arquitectura (maqueta)\n\t\t\t\t<\/figcaption><\/figure><figure class='gallery-item'>\n\t\t\t<div class='gallery-icon landscape'>\n\t\t\t\t<a href='https:\/\/www.arquimaster.com.ar\/web\/wp-content\/uploads\/2023\/07\/la_hacienda_jardin_44.jpg' title=\"La Hacienda Jard\u00edn \/ Pr\u00e1ctica Arquitectura (maqueta)\" data-rl_title=\"La Hacienda Jard\u00edn \/ Pr\u00e1ctica Arquitectura (maqueta)\" class=\"rl-gallery-link\" data-rl_caption=\"La Hacienda Jard\u00edn \/ Pr\u00e1ctica Arquitectura (maqueta)\" data-rel=\"lightbox-gallery-2\"><img loading=\"lazy\" decoding=\"async\" width=\"150\" height=\"150\" src=\"https:\/\/www.arquimaster.com.ar\/web\/wp-content\/uploads\/2023\/07\/la_hacienda_jardin_44-150x150.jpg\" class=\"attachment-thumbnail size-thumbnail\" alt=\"La Hacienda Jard\u00edn \/ Pr\u00e1ctica Arquitectura\" aria-describedby=\"gallery-2-76827\" srcset=\"https:\/\/www.arquimaster.com.ar\/web\/wp-content\/uploads\/2023\/07\/la_hacienda_jardin_44-150x150.jpg 150w, https:\/\/www.arquimaster.com.ar\/web\/wp-content\/uploads\/2023\/07\/la_hacienda_jardin_44-768x768.jpg 768w, https:\/\/www.arquimaster.com.ar\/web\/wp-content\/uploads\/2023\/07\/la_hacienda_jardin_44.jpg 1500w\" sizes=\"auto, (max-width: 150px) 100vw, 150px\" \/><\/a>\n\t\t\t<\/div>\n\t\t\t\t<figcaption class='wp-caption-text gallery-caption' id='gallery-2-76827'>\n\t\t\t\tLa Hacienda Jard\u00edn \/ Pr\u00e1ctica Arquitectura (maqueta)\n\t\t\t\t<\/figcaption><\/figure><figure class='gallery-item'>\n\t\t\t<div class='gallery-icon landscape'>\n\t\t\t\t<a href='https:\/\/www.arquimaster.com.ar\/web\/wp-content\/uploads\/2023\/07\/la_hacienda_jardin_45.jpg' title=\"La Hacienda Jard\u00edn \/ Pr\u00e1ctica Arquitectura (maqueta)\" data-rl_title=\"La Hacienda Jard\u00edn \/ Pr\u00e1ctica Arquitectura (maqueta)\" class=\"rl-gallery-link\" data-rl_caption=\"La Hacienda Jard\u00edn \/ Pr\u00e1ctica Arquitectura (maqueta)\" data-rel=\"lightbox-gallery-2\"><img loading=\"lazy\" decoding=\"async\" width=\"150\" height=\"150\" src=\"https:\/\/www.arquimaster.com.ar\/web\/wp-content\/uploads\/2023\/07\/la_hacienda_jardin_45-150x150.jpg\" class=\"attachment-thumbnail size-thumbnail\" alt=\"La Hacienda Jard\u00edn \/ Pr\u00e1ctica Arquitectura\" aria-describedby=\"gallery-2-76828\" srcset=\"https:\/\/www.arquimaster.com.ar\/web\/wp-content\/uploads\/2023\/07\/la_hacienda_jardin_45-150x150.jpg 150w, https:\/\/www.arquimaster.com.ar\/web\/wp-content\/uploads\/2023\/07\/la_hacienda_jardin_45-768x768.jpg 768w, https:\/\/www.arquimaster.com.ar\/web\/wp-content\/uploads\/2023\/07\/la_hacienda_jardin_45.jpg 1500w\" sizes=\"auto, (max-width: 150px) 100vw, 150px\" \/><\/a>\n\t\t\t<\/div>\n\t\t\t\t<figcaption class='wp-caption-text gallery-caption' id='gallery-2-76828'>\n\t\t\t\tLa Hacienda Jard\u00edn \/ Pr\u00e1ctica Arquitectura (maqueta)\n\t\t\t\t<\/figcaption><\/figure><figure class='gallery-item'>\n\t\t\t<div class='gallery-icon landscape'>\n\t\t\t\t<a href='https:\/\/www.arquimaster.com.ar\/web\/wp-content\/uploads\/2023\/07\/la_hacienda_jardin_46.jpg' title=\"La Hacienda Jard\u00edn \/ Pr\u00e1ctica Arquitectura (maqueta)\" data-rl_title=\"La Hacienda Jard\u00edn \/ Pr\u00e1ctica Arquitectura (maqueta)\" class=\"rl-gallery-link\" data-rl_caption=\"La Hacienda Jard\u00edn \/ Pr\u00e1ctica Arquitectura (maqueta)\" data-rel=\"lightbox-gallery-2\"><img loading=\"lazy\" decoding=\"async\" width=\"150\" height=\"150\" src=\"https:\/\/www.arquimaster.com.ar\/web\/wp-content\/uploads\/2023\/07\/la_hacienda_jardin_46-150x150.jpg\" class=\"attachment-thumbnail size-thumbnail\" alt=\"La Hacienda Jard\u00edn \/ Pr\u00e1ctica Arquitectura\" aria-describedby=\"gallery-2-76829\" srcset=\"https:\/\/www.arquimaster.com.ar\/web\/wp-content\/uploads\/2023\/07\/la_hacienda_jardin_46-150x150.jpg 150w, https:\/\/www.arquimaster.com.ar\/web\/wp-content\/uploads\/2023\/07\/la_hacienda_jardin_46-768x768.jpg 768w, https:\/\/www.arquimaster.com.ar\/web\/wp-content\/uploads\/2023\/07\/la_hacienda_jardin_46.jpg 1500w\" sizes=\"auto, (max-width: 150px) 100vw, 150px\" \/><\/a>\n\t\t\t<\/div>\n\t\t\t\t<figcaption class='wp-caption-text gallery-caption' id='gallery-2-76829'>\n\t\t\t\tLa Hacienda Jard\u00edn \/ Pr\u00e1ctica Arquitectura (maqueta)\n\t\t\t\t<\/figcaption><\/figure><figure class='gallery-item'>\n\t\t\t<div class='gallery-icon landscape'>\n\t\t\t\t<a href='https:\/\/www.arquimaster.com.ar\/web\/wp-content\/uploads\/2023\/07\/la_hacienda_jardin_47.jpg' title=\"La Hacienda Jard\u00edn \/ Pr\u00e1ctica Arquitectura (maqueta)\" data-rl_title=\"La Hacienda Jard\u00edn \/ Pr\u00e1ctica Arquitectura (maqueta)\" class=\"rl-gallery-link\" data-rl_caption=\"La Hacienda Jard\u00edn \/ Pr\u00e1ctica Arquitectura (maqueta)\" data-rel=\"lightbox-gallery-2\"><img loading=\"lazy\" decoding=\"async\" width=\"150\" height=\"150\" src=\"https:\/\/www.arquimaster.com.ar\/web\/wp-content\/uploads\/2023\/07\/la_hacienda_jardin_47-150x150.jpg\" class=\"attachment-thumbnail size-thumbnail\" alt=\"La Hacienda Jard\u00edn \/ Pr\u00e1ctica Arquitectura\" aria-describedby=\"gallery-2-76830\" srcset=\"https:\/\/www.arquimaster.com.ar\/web\/wp-content\/uploads\/2023\/07\/la_hacienda_jardin_47-150x150.jpg 150w, https:\/\/www.arquimaster.com.ar\/web\/wp-content\/uploads\/2023\/07\/la_hacienda_jardin_47-768x768.jpg 768w, https:\/\/www.arquimaster.com.ar\/web\/wp-content\/uploads\/2023\/07\/la_hacienda_jardin_47.jpg 1500w\" sizes=\"auto, (max-width: 150px) 100vw, 150px\" \/><\/a>\n\t\t\t<\/div>\n\t\t\t\t<figcaption class='wp-caption-text gallery-caption' id='gallery-2-76830'>\n\t\t\t\tLa Hacienda Jard\u00edn \/ Pr\u00e1ctica Arquitectura (maqueta)\n\t\t\t\t<\/figcaption><\/figure><figure class='gallery-item'>\n\t\t\t<div class='gallery-icon landscape'>\n\t\t\t\t<a href='https:\/\/www.arquimaster.com.ar\/web\/wp-content\/uploads\/2023\/07\/la_hacienda_jardin_48.jpg' title=\"La Hacienda Jard\u00edn \/ Pr\u00e1ctica Arquitectura (maqueta)\" data-rl_title=\"La Hacienda Jard\u00edn \/ Pr\u00e1ctica Arquitectura (maqueta)\" class=\"rl-gallery-link\" data-rl_caption=\"La Hacienda Jard\u00edn \/ Pr\u00e1ctica Arquitectura (maqueta)\" data-rel=\"lightbox-gallery-2\"><img loading=\"lazy\" decoding=\"async\" width=\"150\" height=\"150\" src=\"https:\/\/www.arquimaster.com.ar\/web\/wp-content\/uploads\/2023\/07\/la_hacienda_jardin_48-150x150.jpg\" class=\"attachment-thumbnail size-thumbnail\" alt=\"La Hacienda Jard\u00edn \/ Pr\u00e1ctica Arquitectura\" aria-describedby=\"gallery-2-76831\" srcset=\"https:\/\/www.arquimaster.com.ar\/web\/wp-content\/uploads\/2023\/07\/la_hacienda_jardin_48-150x150.jpg 150w, https:\/\/www.arquimaster.com.ar\/web\/wp-content\/uploads\/2023\/07\/la_hacienda_jardin_48-768x768.jpg 768w, https:\/\/www.arquimaster.com.ar\/web\/wp-content\/uploads\/2023\/07\/la_hacienda_jardin_48.jpg 1500w\" sizes=\"auto, (max-width: 150px) 100vw, 150px\" \/><\/a>\n\t\t\t<\/div>\n\t\t\t\t<figcaption class='wp-caption-text gallery-caption' id='gallery-2-76831'>\n\t\t\t\tLa Hacienda Jard\u00edn \/ Pr\u00e1ctica Arquitectura (maqueta)\n\t\t\t\t<\/figcaption><\/figure><figure class='gallery-item'>\n\t\t\t<div class='gallery-icon landscape'>\n\t\t\t\t<a href='https:\/\/www.arquimaster.com.ar\/web\/wp-content\/uploads\/2023\/07\/la_hacienda_jardin_49.jpg' title=\"La Hacienda Jard\u00edn \/ Pr\u00e1ctica Arquitectura (maqueta)\" data-rl_title=\"La Hacienda Jard\u00edn \/ Pr\u00e1ctica Arquitectura (maqueta)\" class=\"rl-gallery-link\" data-rl_caption=\"La Hacienda Jard\u00edn \/ Pr\u00e1ctica Arquitectura (maqueta)\" data-rel=\"lightbox-gallery-2\"><img loading=\"lazy\" decoding=\"async\" width=\"150\" height=\"150\" src=\"https:\/\/www.arquimaster.com.ar\/web\/wp-content\/uploads\/2023\/07\/la_hacienda_jardin_49-150x150.jpg\" class=\"attachment-thumbnail size-thumbnail\" alt=\"La Hacienda Jard\u00edn \/ Pr\u00e1ctica Arquitectura\" aria-describedby=\"gallery-2-76832\" srcset=\"https:\/\/www.arquimaster.com.ar\/web\/wp-content\/uploads\/2023\/07\/la_hacienda_jardin_49-150x150.jpg 150w, https:\/\/www.arquimaster.com.ar\/web\/wp-content\/uploads\/2023\/07\/la_hacienda_jardin_49-768x768.jpg 768w, https:\/\/www.arquimaster.com.ar\/web\/wp-content\/uploads\/2023\/07\/la_hacienda_jardin_49.jpg 1500w\" sizes=\"auto, (max-width: 150px) 100vw, 150px\" \/><\/a>\n\t\t\t<\/div>\n\t\t\t\t<figcaption class='wp-caption-text gallery-caption' id='gallery-2-76832'>\n\t\t\t\tLa Hacienda Jard\u00edn \/ Pr\u00e1ctica Arquitectura (maqueta)\n\t\t\t\t<\/figcaption><\/figure><figure class='gallery-item'>\n\t\t\t<div class='gallery-icon landscape'>\n\t\t\t\t<a href='https:\/\/www.arquimaster.com.ar\/web\/wp-content\/uploads\/2023\/07\/la_hacienda_jardin_50.jpg' title=\"La Hacienda Jard\u00edn \/ Pr\u00e1ctica Arquitectura (maqueta)\" data-rl_title=\"La Hacienda Jard\u00edn \/ Pr\u00e1ctica Arquitectura (maqueta)\" class=\"rl-gallery-link\" data-rl_caption=\"La Hacienda Jard\u00edn \/ Pr\u00e1ctica Arquitectura (maqueta)\" data-rel=\"lightbox-gallery-2\"><img loading=\"lazy\" decoding=\"async\" width=\"150\" height=\"150\" src=\"https:\/\/www.arquimaster.com.ar\/web\/wp-content\/uploads\/2023\/07\/la_hacienda_jardin_50-150x150.jpg\" class=\"attachment-thumbnail size-thumbnail\" alt=\"La Hacienda Jard\u00edn \/ Pr\u00e1ctica Arquitectura\" aria-describedby=\"gallery-2-76833\" srcset=\"https:\/\/www.arquimaster.com.ar\/web\/wp-content\/uploads\/2023\/07\/la_hacienda_jardin_50-150x150.jpg 150w, https:\/\/www.arquimaster.com.ar\/web\/wp-content\/uploads\/2023\/07\/la_hacienda_jardin_50-768x768.jpg 768w, https:\/\/www.arquimaster.com.ar\/web\/wp-content\/uploads\/2023\/07\/la_hacienda_jardin_50.jpg 1500w\" sizes=\"auto, (max-width: 150px) 100vw, 150px\" \/><\/a>\n\t\t\t<\/div>\n\t\t\t\t<figcaption class='wp-caption-text gallery-caption' id='gallery-2-76833'>\n\t\t\t\tLa Hacienda Jard\u00edn \/ Pr\u00e1ctica Arquitectura (maqueta)\n\t\t\t\t<\/figcaption><\/figure><figure class='gallery-item'>\n\t\t\t<div class='gallery-icon landscape'>\n\t\t\t\t<a href='https:\/\/www.arquimaster.com.ar\/web\/wp-content\/uploads\/2023\/07\/la_hacienda_jardin_51.jpg' title=\"La Hacienda Jard\u00edn \/ Pr\u00e1ctica Arquitectura (maqueta)\" data-rl_title=\"La Hacienda Jard\u00edn \/ Pr\u00e1ctica Arquitectura (maqueta)\" class=\"rl-gallery-link\" data-rl_caption=\"La Hacienda Jard\u00edn \/ Pr\u00e1ctica Arquitectura (maqueta)\" data-rel=\"lightbox-gallery-2\"><img loading=\"lazy\" decoding=\"async\" width=\"150\" height=\"150\" src=\"https:\/\/www.arquimaster.com.ar\/web\/wp-content\/uploads\/2023\/07\/la_hacienda_jardin_51-150x150.jpg\" class=\"attachment-thumbnail size-thumbnail\" alt=\"La Hacienda Jard\u00edn \/ Pr\u00e1ctica Arquitectura\" aria-describedby=\"gallery-2-76834\" srcset=\"https:\/\/www.arquimaster.com.ar\/web\/wp-content\/uploads\/2023\/07\/la_hacienda_jardin_51-150x150.jpg 150w, https:\/\/www.arquimaster.com.ar\/web\/wp-content\/uploads\/2023\/07\/la_hacienda_jardin_51-768x768.jpg 768w, https:\/\/www.arquimaster.com.ar\/web\/wp-content\/uploads\/2023\/07\/la_hacienda_jardin_51.jpg 1500w\" sizes=\"auto, (max-width: 150px) 100vw, 150px\" \/><\/a>\n\t\t\t<\/div>\n\t\t\t\t<figcaption class='wp-caption-text gallery-caption' id='gallery-2-76834'>\n\t\t\t\tLa Hacienda Jard\u00edn \/ Pr\u00e1ctica Arquitectura (maqueta)\n\t\t\t\t<\/figcaption><\/figure><figure class='gallery-item'>\n\t\t\t<div class='gallery-icon landscape'>\n\t\t\t\t<a href='https:\/\/www.arquimaster.com.ar\/web\/wp-content\/uploads\/2023\/07\/la_hacienda_jardin_52.jpg' title=\"La Hacienda Jard\u00edn \/ Pr\u00e1ctica Arquitectura (croquis)\" data-rl_title=\"La Hacienda Jard\u00edn \/ Pr\u00e1ctica Arquitectura (croquis)\" class=\"rl-gallery-link\" data-rl_caption=\"La Hacienda Jard\u00edn \/ Pr\u00e1ctica Arquitectura (croquis)\" data-rel=\"lightbox-gallery-2\"><img loading=\"lazy\" decoding=\"async\" width=\"150\" height=\"150\" src=\"https:\/\/www.arquimaster.com.ar\/web\/wp-content\/uploads\/2023\/07\/la_hacienda_jardin_52-150x150.jpg\" class=\"attachment-thumbnail size-thumbnail\" alt=\"La Hacienda Jard\u00edn \/ Pr\u00e1ctica Arquitectura\" aria-describedby=\"gallery-2-76835\" srcset=\"https:\/\/www.arquimaster.com.ar\/web\/wp-content\/uploads\/2023\/07\/la_hacienda_jardin_52-150x150.jpg 150w, https:\/\/www.arquimaster.com.ar\/web\/wp-content\/uploads\/2023\/07\/la_hacienda_jardin_52-768x768.jpg 768w, https:\/\/www.arquimaster.com.ar\/web\/wp-content\/uploads\/2023\/07\/la_hacienda_jardin_52.jpg 1242w\" sizes=\"auto, (max-width: 150px) 100vw, 150px\" \/><\/a>\n\t\t\t<\/div>\n\t\t\t\t<figcaption class='wp-caption-text gallery-caption' id='gallery-2-76835'>\n\t\t\t\tLa Hacienda Jard\u00edn \/ Pr\u00e1ctica Arquitectura (croquis)\n\t\t\t\t<\/figcaption><\/figure><figure class='gallery-item'>\n\t\t\t<div class='gallery-icon landscape'>\n\t\t\t\t<a href='https:\/\/www.arquimaster.com.ar\/web\/wp-content\/uploads\/2023\/07\/la_hacienda_jardin_53.jpg' title=\"La Hacienda Jard\u00edn \/ Pr\u00e1ctica Arquitectura (croquis)\" data-rl_title=\"La Hacienda Jard\u00edn \/ Pr\u00e1ctica Arquitectura (croquis)\" class=\"rl-gallery-link\" data-rl_caption=\"La Hacienda Jard\u00edn \/ Pr\u00e1ctica Arquitectura (croquis)\" data-rel=\"lightbox-gallery-2\"><img loading=\"lazy\" decoding=\"async\" width=\"150\" height=\"150\" src=\"https:\/\/www.arquimaster.com.ar\/web\/wp-content\/uploads\/2023\/07\/la_hacienda_jardin_53-150x150.jpg\" class=\"attachment-thumbnail size-thumbnail\" alt=\"La Hacienda Jard\u00edn \/ Pr\u00e1ctica Arquitectura\" aria-describedby=\"gallery-2-76836\" srcset=\"https:\/\/www.arquimaster.com.ar\/web\/wp-content\/uploads\/2023\/07\/la_hacienda_jardin_53-150x150.jpg 150w, https:\/\/www.arquimaster.com.ar\/web\/wp-content\/uploads\/2023\/07\/la_hacienda_jardin_53-768x768.jpg 768w, https:\/\/www.arquimaster.com.ar\/web\/wp-content\/uploads\/2023\/07\/la_hacienda_jardin_53.jpg 1242w\" sizes=\"auto, (max-width: 150px) 100vw, 150px\" \/><\/a>\n\t\t\t<\/div>\n\t\t\t\t<figcaption class='wp-caption-text gallery-caption' id='gallery-2-76836'>\n\t\t\t\tLa Hacienda Jard\u00edn \/ Pr\u00e1ctica Arquitectura (croquis)\n\t\t\t\t<\/figcaption><\/figure><figure class='gallery-item'>\n\t\t\t<div class='gallery-icon landscape'>\n\t\t\t\t<a href='https:\/\/www.arquimaster.com.ar\/web\/wp-content\/uploads\/2023\/07\/la_hacienda_jardin_54.jpg' title=\"La Hacienda Jard\u00edn \/ Pr\u00e1ctica Arquitectura (croquis)\" data-rl_title=\"La Hacienda Jard\u00edn \/ Pr\u00e1ctica Arquitectura (croquis)\" class=\"rl-gallery-link\" data-rl_caption=\"La Hacienda Jard\u00edn \/ Pr\u00e1ctica Arquitectura (croquis)\" data-rel=\"lightbox-gallery-2\"><img loading=\"lazy\" decoding=\"async\" width=\"150\" height=\"150\" src=\"https:\/\/www.arquimaster.com.ar\/web\/wp-content\/uploads\/2023\/07\/la_hacienda_jardin_54-150x150.jpg\" class=\"attachment-thumbnail size-thumbnail\" alt=\"La Hacienda Jard\u00edn \/ Pr\u00e1ctica Arquitectura\" aria-describedby=\"gallery-2-76837\" srcset=\"https:\/\/www.arquimaster.com.ar\/web\/wp-content\/uploads\/2023\/07\/la_hacienda_jardin_54-150x150.jpg 150w, https:\/\/www.arquimaster.com.ar\/web\/wp-content\/uploads\/2023\/07\/la_hacienda_jardin_54-768x768.jpg 768w, https:\/\/www.arquimaster.com.ar\/web\/wp-content\/uploads\/2023\/07\/la_hacienda_jardin_54.jpg 1242w\" sizes=\"auto, (max-width: 150px) 100vw, 150px\" \/><\/a>\n\t\t\t<\/div>\n\t\t\t\t<figcaption class='wp-caption-text gallery-caption' id='gallery-2-76837'>\n\t\t\t\tLa Hacienda Jard\u00edn \/ Pr\u00e1ctica Arquitectura (croquis)\n\t\t\t\t<\/figcaption><\/figure><figure class='gallery-item'>\n\t\t\t<div class='gallery-icon landscape'>\n\t\t\t\t<a href='https:\/\/www.arquimaster.com.ar\/web\/wp-content\/uploads\/2023\/07\/la_hacienda_jardin_55.jpg' title=\"La Hacienda Jard\u00edn \/ Pr\u00e1ctica Arquitectura (croquis)\" data-rl_title=\"La Hacienda Jard\u00edn \/ Pr\u00e1ctica Arquitectura (croquis)\" class=\"rl-gallery-link\" data-rl_caption=\"La Hacienda Jard\u00edn \/ Pr\u00e1ctica Arquitectura (croquis)\" data-rel=\"lightbox-gallery-2\"><img loading=\"lazy\" decoding=\"async\" width=\"150\" height=\"150\" src=\"https:\/\/www.arquimaster.com.ar\/web\/wp-content\/uploads\/2023\/07\/la_hacienda_jardin_55-150x150.jpg\" class=\"attachment-thumbnail size-thumbnail\" alt=\"La Hacienda Jard\u00edn \/ Pr\u00e1ctica Arquitectura\" aria-describedby=\"gallery-2-76838\" \/><\/a>\n\t\t\t<\/div>\n\t\t\t\t<figcaption class='wp-caption-text gallery-caption' id='gallery-2-76838'>\n\t\t\t\tLa Hacienda Jard\u00edn \/ Pr\u00e1ctica Arquitectura (croquis)\n\t\t\t\t<\/figcaption><\/figure><figure class='gallery-item'>\n\t\t\t<div class='gallery-icon landscape'>\n\t\t\t\t<a href='https:\/\/www.arquimaster.com.ar\/web\/wp-content\/uploads\/2023\/07\/la_hacienda_jardin_56.jpg' title=\"La Hacienda Jard\u00edn \/ Pr\u00e1ctica Arquitectura (croquis)\" data-rl_title=\"La Hacienda Jard\u00edn \/ Pr\u00e1ctica Arquitectura (croquis)\" class=\"rl-gallery-link\" data-rl_caption=\"La Hacienda Jard\u00edn \/ Pr\u00e1ctica Arquitectura (croquis)\" data-rel=\"lightbox-gallery-2\"><img loading=\"lazy\" decoding=\"async\" width=\"150\" height=\"150\" src=\"https:\/\/www.arquimaster.com.ar\/web\/wp-content\/uploads\/2023\/07\/la_hacienda_jardin_56-150x150.jpg\" class=\"attachment-thumbnail size-thumbnail\" alt=\"La Hacienda Jard\u00edn \/ Pr\u00e1ctica Arquitectura\" aria-describedby=\"gallery-2-76839\" \/><\/a>\n\t\t\t<\/div>\n\t\t\t\t<figcaption class='wp-caption-text gallery-caption' id='gallery-2-76839'>\n\t\t\t\tLa Hacienda Jard\u00edn \/ Pr\u00e1ctica Arquitectura (croquis)\n\t\t\t\t<\/figcaption><\/figure><figure class='gallery-item'>\n\t\t\t<div class='gallery-icon landscape'>\n\t\t\t\t<a href='https:\/\/www.arquimaster.com.ar\/web\/wp-content\/uploads\/2023\/07\/la_hacienda_jardin_57.jpg' title=\"La Hacienda Jard\u00edn \/ Pr\u00e1ctica Arquitectura (croquis)\" data-rl_title=\"La Hacienda Jard\u00edn \/ Pr\u00e1ctica Arquitectura (croquis)\" class=\"rl-gallery-link\" data-rl_caption=\"La Hacienda Jard\u00edn \/ Pr\u00e1ctica Arquitectura (croquis)\" data-rel=\"lightbox-gallery-2\"><img loading=\"lazy\" decoding=\"async\" width=\"150\" height=\"150\" src=\"https:\/\/www.arquimaster.com.ar\/web\/wp-content\/uploads\/2023\/07\/la_hacienda_jardin_57-150x150.jpg\" class=\"attachment-thumbnail size-thumbnail\" alt=\"La Hacienda Jard\u00edn \/ Pr\u00e1ctica Arquitectura\" aria-describedby=\"gallery-2-76840\" srcset=\"https:\/\/www.arquimaster.com.ar\/web\/wp-content\/uploads\/2023\/07\/la_hacienda_jardin_57-150x150.jpg 150w, https:\/\/www.arquimaster.com.ar\/web\/wp-content\/uploads\/2023\/07\/la_hacienda_jardin_57-768x768.jpg 768w, https:\/\/www.arquimaster.com.ar\/web\/wp-content\/uploads\/2023\/07\/la_hacienda_jardin_57-1536x1536.jpg 1536w, https:\/\/www.arquimaster.com.ar\/web\/wp-content\/uploads\/2023\/07\/la_hacienda_jardin_57-2048x2048.jpg 2048w\" sizes=\"auto, (max-width: 150px) 100vw, 150px\" \/><\/a>\n\t\t\t<\/div>\n\t\t\t\t<figcaption class='wp-caption-text gallery-caption' id='gallery-2-76840'>\n\t\t\t\tLa Hacienda Jard\u00edn \/ Pr\u00e1ctica Arquitectura (croquis)\n\t\t\t\t<\/figcaption><\/figure><figure class='gallery-item'>\n\t\t\t<div class='gallery-icon landscape'>\n\t\t\t\t<a href='https:\/\/www.arquimaster.com.ar\/web\/wp-content\/uploads\/2023\/07\/la_hacienda_jardin_58.jpg' title=\"La Hacienda Jard\u00edn \/ Pr\u00e1ctica Arquitectura (croquis)\" data-rl_title=\"La Hacienda Jard\u00edn \/ Pr\u00e1ctica Arquitectura (croquis)\" class=\"rl-gallery-link\" data-rl_caption=\"La Hacienda Jard\u00edn \/ Pr\u00e1ctica Arquitectura (croquis)\" data-rel=\"lightbox-gallery-2\"><img loading=\"lazy\" decoding=\"async\" width=\"150\" height=\"150\" src=\"https:\/\/www.arquimaster.com.ar\/web\/wp-content\/uploads\/2023\/07\/la_hacienda_jardin_58-150x150.jpg\" class=\"attachment-thumbnail size-thumbnail\" alt=\"La Hacienda Jard\u00edn \/ Pr\u00e1ctica Arquitectura\" aria-describedby=\"gallery-2-76841\" srcset=\"https:\/\/www.arquimaster.com.ar\/web\/wp-content\/uploads\/2023\/07\/la_hacienda_jardin_58-150x150.jpg 150w, https:\/\/www.arquimaster.com.ar\/web\/wp-content\/uploads\/2023\/07\/la_hacienda_jardin_58-768x768.jpg 768w, https:\/\/www.arquimaster.com.ar\/web\/wp-content\/uploads\/2023\/07\/la_hacienda_jardin_58-1536x1536.jpg 1536w, https:\/\/www.arquimaster.com.ar\/web\/wp-content\/uploads\/2023\/07\/la_hacienda_jardin_58-2048x2048.jpg 2048w\" sizes=\"auto, (max-width: 150px) 100vw, 150px\" \/><\/a>\n\t\t\t<\/div>\n\t\t\t\t<figcaption class='wp-caption-text gallery-caption' id='gallery-2-76841'>\n\t\t\t\tLa Hacienda Jard\u00edn \/ Pr\u00e1ctica Arquitectura (croquis)\n\t\t\t\t<\/figcaption><\/figure><figure class='gallery-item'>\n\t\t\t<div class='gallery-icon landscape'>\n\t\t\t\t<a href='https:\/\/www.arquimaster.com.ar\/web\/wp-content\/uploads\/2023\/07\/la_hacienda_jardin_59.jpg' title=\"La Hacienda Jard\u00edn \/ Pr\u00e1ctica Arquitectura (croquis)\" data-rl_title=\"La Hacienda Jard\u00edn \/ Pr\u00e1ctica Arquitectura (croquis)\" class=\"rl-gallery-link\" data-rl_caption=\"La Hacienda Jard\u00edn \/ Pr\u00e1ctica Arquitectura (croquis)\" data-rel=\"lightbox-gallery-2\"><img loading=\"lazy\" decoding=\"async\" width=\"150\" height=\"150\" src=\"https:\/\/www.arquimaster.com.ar\/web\/wp-content\/uploads\/2023\/07\/la_hacienda_jardin_59-150x150.jpg\" class=\"attachment-thumbnail size-thumbnail\" alt=\"La Hacienda Jard\u00edn \/ Pr\u00e1ctica Arquitectura\" aria-describedby=\"gallery-2-76842\" srcset=\"https:\/\/www.arquimaster.com.ar\/web\/wp-content\/uploads\/2023\/07\/la_hacienda_jardin_59-150x150.jpg 150w, https:\/\/www.arquimaster.com.ar\/web\/wp-content\/uploads\/2023\/07\/la_hacienda_jardin_59-768x768.jpg 768w, https:\/\/www.arquimaster.com.ar\/web\/wp-content\/uploads\/2023\/07\/la_hacienda_jardin_59.jpg 1242w\" sizes=\"auto, (max-width: 150px) 100vw, 150px\" \/><\/a>\n\t\t\t<\/div>\n\t\t\t\t<figcaption class='wp-caption-text gallery-caption' id='gallery-2-76842'>\n\t\t\t\tLa Hacienda Jard\u00edn \/ Pr\u00e1ctica Arquitectura (croquis)\n\t\t\t\t<\/figcaption><\/figure><figure class='gallery-item'>\n\t\t\t<div class='gallery-icon landscape'>\n\t\t\t\t<a href='https:\/\/www.arquimaster.com.ar\/web\/wp-content\/uploads\/2023\/07\/la_hacienda_jardin_60.jpg' title=\"La Hacienda Jard\u00edn \/ Pr\u00e1ctica Arquitectura (croquis)\" data-rl_title=\"La Hacienda Jard\u00edn \/ Pr\u00e1ctica Arquitectura (croquis)\" class=\"rl-gallery-link\" data-rl_caption=\"La Hacienda Jard\u00edn \/ Pr\u00e1ctica Arquitectura (croquis)\" data-rel=\"lightbox-gallery-2\"><img loading=\"lazy\" decoding=\"async\" width=\"150\" height=\"150\" src=\"https:\/\/www.arquimaster.com.ar\/web\/wp-content\/uploads\/2023\/07\/la_hacienda_jardin_60-150x150.jpg\" class=\"attachment-thumbnail size-thumbnail\" alt=\"La Hacienda Jard\u00edn \/ Pr\u00e1ctica Arquitectura\" aria-describedby=\"gallery-2-76843\" srcset=\"https:\/\/www.arquimaster.com.ar\/web\/wp-content\/uploads\/2023\/07\/la_hacienda_jardin_60-150x150.jpg 150w, https:\/\/www.arquimaster.com.ar\/web\/wp-content\/uploads\/2023\/07\/la_hacienda_jardin_60-768x768.jpg 768w, https:\/\/www.arquimaster.com.ar\/web\/wp-content\/uploads\/2023\/07\/la_hacienda_jardin_60.jpg 1242w\" sizes=\"auto, (max-width: 150px) 100vw, 150px\" \/><\/a>\n\t\t\t<\/div>\n\t\t\t\t<figcaption class='wp-caption-text gallery-caption' id='gallery-2-76843'>\n\t\t\t\tLa Hacienda Jard\u00edn \/ Pr\u00e1ctica Arquitectura (croquis)\n\t\t\t\t<\/figcaption><\/figure><figure class='gallery-item'>\n\t\t\t<div class='gallery-icon landscape'>\n\t\t\t\t<a href='https:\/\/www.arquimaster.com.ar\/web\/wp-content\/uploads\/2023\/07\/la_hacienda_jardin_61.jpg' title=\"La Hacienda Jard\u00edn \/ Pr\u00e1ctica Arquitectura (croquis)\" data-rl_title=\"La Hacienda Jard\u00edn \/ Pr\u00e1ctica Arquitectura (croquis)\" class=\"rl-gallery-link\" data-rl_caption=\"La Hacienda Jard\u00edn \/ Pr\u00e1ctica Arquitectura (croquis)\" data-rel=\"lightbox-gallery-2\"><img loading=\"lazy\" decoding=\"async\" width=\"150\" height=\"150\" src=\"https:\/\/www.arquimaster.com.ar\/web\/wp-content\/uploads\/2023\/07\/la_hacienda_jardin_61-150x150.jpg\" class=\"attachment-thumbnail size-thumbnail\" alt=\"La Hacienda Jard\u00edn \/ Pr\u00e1ctica Arquitectura\" aria-describedby=\"gallery-2-76844\" srcset=\"https:\/\/www.arquimaster.com.ar\/web\/wp-content\/uploads\/2023\/07\/la_hacienda_jardin_61-150x150.jpg 150w, https:\/\/www.arquimaster.com.ar\/web\/wp-content\/uploads\/2023\/07\/la_hacienda_jardin_61-768x768.jpg 768w, https:\/\/www.arquimaster.com.ar\/web\/wp-content\/uploads\/2023\/07\/la_hacienda_jardin_61.jpg 1242w\" sizes=\"auto, (max-width: 150px) 100vw, 150px\" \/><\/a>\n\t\t\t<\/div>\n\t\t\t\t<figcaption class='wp-caption-text gallery-caption' id='gallery-2-76844'>\n\t\t\t\tLa Hacienda Jard\u00edn \/ Pr\u00e1ctica Arquitectura (croquis)\n\t\t\t\t<\/figcaption><\/figure><figure class='gallery-item'>\n\t\t\t<div class='gallery-icon landscape'>\n\t\t\t\t<a href='https:\/\/www.arquimaster.com.ar\/web\/wp-content\/uploads\/2023\/07\/la_hacienda_jardin_62.jpg' title=\"La Hacienda Jard\u00edn \/ Pr\u00e1ctica Arquitectura (croquis)\" data-rl_title=\"La Hacienda Jard\u00edn \/ Pr\u00e1ctica Arquitectura (croquis)\" class=\"rl-gallery-link\" data-rl_caption=\"La Hacienda Jard\u00edn \/ Pr\u00e1ctica Arquitectura (croquis)\" data-rel=\"lightbox-gallery-2\"><img loading=\"lazy\" decoding=\"async\" width=\"150\" height=\"150\" src=\"https:\/\/www.arquimaster.com.ar\/web\/wp-content\/uploads\/2023\/07\/la_hacienda_jardin_62-150x150.jpg\" class=\"attachment-thumbnail size-thumbnail\" alt=\"La Hacienda Jard\u00edn \/ Pr\u00e1ctica Arquitectura\" aria-describedby=\"gallery-2-76845\" srcset=\"https:\/\/www.arquimaster.com.ar\/web\/wp-content\/uploads\/2023\/07\/la_hacienda_jardin_62-150x150.jpg 150w, https:\/\/www.arquimaster.com.ar\/web\/wp-content\/uploads\/2023\/07\/la_hacienda_jardin_62-768x768.jpg 768w, https:\/\/www.arquimaster.com.ar\/web\/wp-content\/uploads\/2023\/07\/la_hacienda_jardin_62.jpg 1242w\" sizes=\"auto, (max-width: 150px) 100vw, 150px\" \/><\/a>\n\t\t\t<\/div>\n\t\t\t\t<figcaption class='wp-caption-text gallery-caption' id='gallery-2-76845'>\n\t\t\t\tLa Hacienda Jard\u00edn \/ Pr\u00e1ctica Arquitectura (croquis)\n\t\t\t\t<\/figcaption><\/figure><figure class='gallery-item'>\n\t\t\t<div class='gallery-icon landscape'>\n\t\t\t\t<a href='https:\/\/www.arquimaster.com.ar\/web\/wp-content\/uploads\/2023\/07\/la_hacienda_jardin_63.jpg' title=\"La Hacienda Jard\u00edn \/ Pr\u00e1ctica Arquitectura (croquis)\" data-rl_title=\"La Hacienda Jard\u00edn \/ Pr\u00e1ctica Arquitectura (croquis)\" class=\"rl-gallery-link\" data-rl_caption=\"La Hacienda Jard\u00edn \/ Pr\u00e1ctica Arquitectura (croquis)\" data-rel=\"lightbox-gallery-2\"><img loading=\"lazy\" decoding=\"async\" width=\"150\" height=\"150\" src=\"https:\/\/www.arquimaster.com.ar\/web\/wp-content\/uploads\/2023\/07\/la_hacienda_jardin_63-150x150.jpg\" class=\"attachment-thumbnail size-thumbnail\" alt=\"La Hacienda Jard\u00edn \/ Pr\u00e1ctica Arquitectura\" aria-describedby=\"gallery-2-76846\" srcset=\"https:\/\/www.arquimaster.com.ar\/web\/wp-content\/uploads\/2023\/07\/la_hacienda_jardin_63-150x150.jpg 150w, https:\/\/www.arquimaster.com.ar\/web\/wp-content\/uploads\/2023\/07\/la_hacienda_jardin_63-768x768.jpg 768w, https:\/\/www.arquimaster.com.ar\/web\/wp-content\/uploads\/2023\/07\/la_hacienda_jardin_63.jpg 1242w\" sizes=\"auto, (max-width: 150px) 100vw, 150px\" \/><\/a>\n\t\t\t<\/div>\n\t\t\t\t<figcaption class='wp-caption-text gallery-caption' id='gallery-2-76846'>\n\t\t\t\tLa Hacienda Jard\u00edn \/ Pr\u00e1ctica Arquitectura (croquis)\n\t\t\t\t<\/figcaption><\/figure><figure class='gallery-item'>\n\t\t\t<div class='gallery-icon landscape'>\n\t\t\t\t<a href='https:\/\/www.arquimaster.com.ar\/web\/wp-content\/uploads\/2023\/07\/la_hacienda_jardin_64.jpg' title=\"La Hacienda Jard\u00edn \/ Pr\u00e1ctica Arquitectura (croquis)\" data-rl_title=\"La Hacienda Jard\u00edn \/ Pr\u00e1ctica Arquitectura (croquis)\" class=\"rl-gallery-link\" data-rl_caption=\"La Hacienda Jard\u00edn \/ Pr\u00e1ctica Arquitectura (croquis)\" data-rel=\"lightbox-gallery-2\"><img loading=\"lazy\" decoding=\"async\" width=\"150\" height=\"150\" src=\"https:\/\/www.arquimaster.com.ar\/web\/wp-content\/uploads\/2023\/07\/la_hacienda_jardin_64-150x150.jpg\" class=\"attachment-thumbnail size-thumbnail\" alt=\"La Hacienda Jard\u00edn \/ Pr\u00e1ctica Arquitectura\" aria-describedby=\"gallery-2-76847\" srcset=\"https:\/\/www.arquimaster.com.ar\/web\/wp-content\/uploads\/2023\/07\/la_hacienda_jardin_64-150x150.jpg 150w, https:\/\/www.arquimaster.com.ar\/web\/wp-content\/uploads\/2023\/07\/la_hacienda_jardin_64-768x768.jpg 768w, https:\/\/www.arquimaster.com.ar\/web\/wp-content\/uploads\/2023\/07\/la_hacienda_jardin_64.jpg 1242w\" sizes=\"auto, (max-width: 150px) 100vw, 150px\" \/><\/a>\n\t\t\t<\/div>\n\t\t\t\t<figcaption class='wp-caption-text gallery-caption' id='gallery-2-76847'>\n\t\t\t\tLa Hacienda Jard\u00edn \/ Pr\u00e1ctica Arquitectura (croquis)\n\t\t\t\t<\/figcaption><\/figure><figure class='gallery-item'>\n\t\t\t<div class='gallery-icon landscape'>\n\t\t\t\t<a href='https:\/\/www.arquimaster.com.ar\/web\/wp-content\/uploads\/2023\/07\/la_hacienda_jardin_65.jpg' title=\"La Hacienda Jard\u00edn \/ Pr\u00e1ctica Arquitectura (croquis)\" data-rl_title=\"La Hacienda Jard\u00edn \/ Pr\u00e1ctica Arquitectura (croquis)\" class=\"rl-gallery-link\" data-rl_caption=\"La Hacienda Jard\u00edn \/ Pr\u00e1ctica Arquitectura (croquis)\" data-rel=\"lightbox-gallery-2\"><img loading=\"lazy\" decoding=\"async\" width=\"150\" height=\"150\" src=\"https:\/\/www.arquimaster.com.ar\/web\/wp-content\/uploads\/2023\/07\/la_hacienda_jardin_65-150x150.jpg\" class=\"attachment-thumbnail size-thumbnail\" alt=\"La Hacienda Jard\u00edn \/ Pr\u00e1ctica Arquitectura\" aria-describedby=\"gallery-2-76848\" srcset=\"https:\/\/www.arquimaster.com.ar\/web\/wp-content\/uploads\/2023\/07\/la_hacienda_jardin_65-150x150.jpg 150w, https:\/\/www.arquimaster.com.ar\/web\/wp-content\/uploads\/2023\/07\/la_hacienda_jardin_65-768x768.jpg 768w, https:\/\/www.arquimaster.com.ar\/web\/wp-content\/uploads\/2023\/07\/la_hacienda_jardin_65.jpg 1242w\" sizes=\"auto, (max-width: 150px) 100vw, 150px\" \/><\/a>\n\t\t\t<\/div>\n\t\t\t\t<figcaption class='wp-caption-text gallery-caption' id='gallery-2-76848'>\n\t\t\t\tLa Hacienda Jard\u00edn \/ Pr\u00e1ctica Arquitectura (croquis)\n\t\t\t\t<\/figcaption><\/figure><figure class='gallery-item'>\n\t\t\t<div class='gallery-icon landscape'>\n\t\t\t\t<a href='https:\/\/www.arquimaster.com.ar\/web\/wp-content\/uploads\/2023\/07\/la_hacienda_jardin_66.jpg' title=\"La Hacienda Jard\u00edn \/ Pr\u00e1ctica Arquitectura (croquis)\" data-rl_title=\"La Hacienda Jard\u00edn \/ Pr\u00e1ctica Arquitectura (croquis)\" class=\"rl-gallery-link\" data-rl_caption=\"La Hacienda Jard\u00edn \/ Pr\u00e1ctica Arquitectura (croquis)\" data-rel=\"lightbox-gallery-2\"><img loading=\"lazy\" decoding=\"async\" width=\"150\" height=\"150\" src=\"https:\/\/www.arquimaster.com.ar\/web\/wp-content\/uploads\/2023\/07\/la_hacienda_jardin_66-150x150.jpg\" class=\"attachment-thumbnail size-thumbnail\" alt=\"La Hacienda Jard\u00edn \/ Pr\u00e1ctica Arquitectura\" aria-describedby=\"gallery-2-76849\" srcset=\"https:\/\/www.arquimaster.com.ar\/web\/wp-content\/uploads\/2023\/07\/la_hacienda_jardin_66-150x150.jpg 150w, https:\/\/www.arquimaster.com.ar\/web\/wp-content\/uploads\/2023\/07\/la_hacienda_jardin_66-768x768.jpg 768w, https:\/\/www.arquimaster.com.ar\/web\/wp-content\/uploads\/2023\/07\/la_hacienda_jardin_66.jpg 1242w\" sizes=\"auto, (max-width: 150px) 100vw, 150px\" \/><\/a>\n\t\t\t<\/div>\n\t\t\t\t<figcaption class='wp-caption-text gallery-caption' id='gallery-2-76849'>\n\t\t\t\tLa Hacienda Jard\u00edn \/ Pr\u00e1ctica Arquitectura (croquis)\n\t\t\t\t<\/figcaption><\/figure>\n\t\t<\/div>\n\n<p><strong>Programa arquitect\u00f3nico<\/strong><br \/>La decisi\u00f3n de hacer una casa de descanso en Tepoztl\u00e1n habla de la sensibilidad que los clientes desean para sus momentos de tranquilidad y la empat\u00eda que tienen con el lugar, buscando pertenecer a \u00e9l no solo por la desconexi\u00f3n de la ciudad, sino por el reflejo del car\u00e1cter arquitect\u00f3nico del pueblo en su hogar. Siendo ahora una residencia de fin de semana tanto para la pareja como para sus hijos, a futuro se convertir\u00e1 en una de retiro.<\/p>\n<p>Las \u00e1reas deber\u00e1n satisfacer una amplia gama de usos y organizarse con la estrategia necesaria para no interrumpir o limitar otras actividades. Como consecuencia, las fronteras program\u00e1ticas que se generan en el per\u00edmetro a trav\u00e9s de muros en forma de grapa se difuminan, permitiendo a los habitantes modificar peri\u00f3dicamente el espacio seg\u00fan var\u00ede el n\u00famero de ocupantes y necesidades.<\/p>\n<p>La Hacienda Jard\u00edn reflexiona sobre la tipolog\u00eda de la casa de descanso y las especificidades que requiere en un contexto determinado a trav\u00e9s de la reinterpretaci\u00f3n del concepto de hacienda. El programa arquitect\u00f3nico cuestiona la condici\u00f3n predominante en la zona de tener que bardear el predio para luego insertar en \u00e9l una edificaci\u00f3n y ajardinar el resto.<\/p>\n<p>El proyecto hace lo contrario, se convierte en una barda techada y abierta a la intemperie que contiene un jard\u00edn de vegetaci\u00f3n end\u00e9mica en su centro. De esta manera, el gran patio se transforma en el diafragma que regula las interacciones, deconstruyendo la herm\u00e9tica divisi\u00f3n entre espacios p\u00fablicos y privados. La techumbre en el patio enmarca la monta\u00f1a del Tepozteco con la cual los usuarios pueden mantener una relaci\u00f3n \u00edntima desde cualquier lugar con su medio.<\/p>\n<div id='gallery-3' class='gallery galleryid-76782 gallery-columns-3 gallery-size-thumbnail'><figure class='gallery-item'>\n\t\t\t<div class='gallery-icon landscape'>\n\t\t\t\t<a href='https:\/\/www.arquimaster.com.ar\/web\/wp-content\/uploads\/2023\/07\/la_hacienda_jardin_67.jpg' title=\"La Hacienda Jard\u00edn \/ Pr\u00e1ctica Arquitectura (esquema)\" data-rl_title=\"La Hacienda Jard\u00edn \/ Pr\u00e1ctica Arquitectura (esquema)\" class=\"rl-gallery-link\" data-rl_caption=\"La Hacienda Jard\u00edn \/ Pr\u00e1ctica Arquitectura (esquema)\" data-rel=\"lightbox-gallery-3\"><img loading=\"lazy\" decoding=\"async\" width=\"150\" height=\"150\" src=\"https:\/\/www.arquimaster.com.ar\/web\/wp-content\/uploads\/2023\/07\/la_hacienda_jardin_67-150x150.jpg\" class=\"attachment-thumbnail size-thumbnail\" alt=\"La Hacienda Jard\u00edn \/ Pr\u00e1ctica Arquitectura\" aria-describedby=\"gallery-3-76850\" srcset=\"https:\/\/www.arquimaster.com.ar\/web\/wp-content\/uploads\/2023\/07\/la_hacienda_jardin_67-150x150.jpg 150w, https:\/\/www.arquimaster.com.ar\/web\/wp-content\/uploads\/2023\/07\/la_hacienda_jardin_67-768x768.jpg 768w, https:\/\/www.arquimaster.com.ar\/web\/wp-content\/uploads\/2023\/07\/la_hacienda_jardin_67.jpg 1500w\" sizes=\"auto, (max-width: 150px) 100vw, 150px\" \/><\/a>\n\t\t\t<\/div>\n\t\t\t\t<figcaption class='wp-caption-text gallery-caption' id='gallery-3-76850'>\n\t\t\t\tLa Hacienda Jard\u00edn \/ Pr\u00e1ctica Arquitectura (esquema)\n\t\t\t\t<\/figcaption><\/figure><figure class='gallery-item'>\n\t\t\t<div class='gallery-icon landscape'>\n\t\t\t\t<a href='https:\/\/www.arquimaster.com.ar\/web\/wp-content\/uploads\/2023\/07\/la_hacienda_jardin_68.jpg' title=\"La Hacienda Jard\u00edn \/ Pr\u00e1ctica Arquitectura (esquema)\" data-rl_title=\"La Hacienda Jard\u00edn \/ Pr\u00e1ctica Arquitectura (esquema)\" class=\"rl-gallery-link\" data-rl_caption=\"La Hacienda Jard\u00edn \/ Pr\u00e1ctica Arquitectura (esquema)\" data-rel=\"lightbox-gallery-3\"><img loading=\"lazy\" decoding=\"async\" width=\"150\" height=\"150\" src=\"https:\/\/www.arquimaster.com.ar\/web\/wp-content\/uploads\/2023\/07\/la_hacienda_jardin_68-150x150.jpg\" class=\"attachment-thumbnail size-thumbnail\" alt=\"La Hacienda Jard\u00edn \/ Pr\u00e1ctica Arquitectura\" aria-describedby=\"gallery-3-76851\" srcset=\"https:\/\/www.arquimaster.com.ar\/web\/wp-content\/uploads\/2023\/07\/la_hacienda_jardin_68-150x150.jpg 150w, https:\/\/www.arquimaster.com.ar\/web\/wp-content\/uploads\/2023\/07\/la_hacienda_jardin_68-768x768.jpg 768w, https:\/\/www.arquimaster.com.ar\/web\/wp-content\/uploads\/2023\/07\/la_hacienda_jardin_68.jpg 1500w\" sizes=\"auto, (max-width: 150px) 100vw, 150px\" \/><\/a>\n\t\t\t<\/div>\n\t\t\t\t<figcaption class='wp-caption-text gallery-caption' id='gallery-3-76851'>\n\t\t\t\tLa Hacienda Jard\u00edn \/ Pr\u00e1ctica Arquitectura (esquema)\n\t\t\t\t<\/figcaption><\/figure><figure class='gallery-item'>\n\t\t\t<div class='gallery-icon landscape'>\n\t\t\t\t<a href='https:\/\/www.arquimaster.com.ar\/web\/wp-content\/uploads\/2023\/07\/la_hacienda_jardin_69.jpg' title=\"La Hacienda Jard\u00edn \/ Pr\u00e1ctica Arquitectura (proceso constructivo)\" data-rl_title=\"La Hacienda Jard\u00edn \/ Pr\u00e1ctica Arquitectura (proceso constructivo)\" class=\"rl-gallery-link\" data-rl_caption=\"La Hacienda Jard\u00edn \/ Pr\u00e1ctica Arquitectura (proceso constructivo)\" data-rel=\"lightbox-gallery-3\"><img loading=\"lazy\" decoding=\"async\" width=\"150\" height=\"150\" src=\"https:\/\/www.arquimaster.com.ar\/web\/wp-content\/uploads\/2023\/07\/la_hacienda_jardin_69-150x150.jpg\" class=\"attachment-thumbnail size-thumbnail\" alt=\"La Hacienda Jard\u00edn \/ Pr\u00e1ctica Arquitectura\" aria-describedby=\"gallery-3-76852\" srcset=\"https:\/\/www.arquimaster.com.ar\/web\/wp-content\/uploads\/2023\/07\/la_hacienda_jardin_69-150x150.jpg 150w, https:\/\/www.arquimaster.com.ar\/web\/wp-content\/uploads\/2023\/07\/la_hacienda_jardin_69-768x768.jpg 768w, https:\/\/www.arquimaster.com.ar\/web\/wp-content\/uploads\/2023\/07\/la_hacienda_jardin_69.jpg 1500w\" sizes=\"auto, (max-width: 150px) 100vw, 150px\" \/><\/a>\n\t\t\t<\/div>\n\t\t\t\t<figcaption class='wp-caption-text gallery-caption' id='gallery-3-76852'>\n\t\t\t\tLa Hacienda Jard\u00edn \/ Pr\u00e1ctica Arquitectura (proceso constructivo)\n\t\t\t\t<\/figcaption><\/figure><figure class='gallery-item'>\n\t\t\t<div class='gallery-icon portrait'>\n\t\t\t\t<a href='https:\/\/www.arquimaster.com.ar\/web\/wp-content\/uploads\/2023\/07\/la_hacienda_jardin_70.jpg' title=\"La Hacienda Jard\u00edn \/ Pr\u00e1ctica Arquitectura (proceso constructivo)\" data-rl_title=\"La Hacienda Jard\u00edn \/ Pr\u00e1ctica Arquitectura (proceso constructivo)\" class=\"rl-gallery-link\" data-rl_caption=\"La Hacienda Jard\u00edn \/ Pr\u00e1ctica Arquitectura (proceso constructivo)\" data-rel=\"lightbox-gallery-3\"><img loading=\"lazy\" decoding=\"async\" width=\"150\" height=\"150\" src=\"https:\/\/www.arquimaster.com.ar\/web\/wp-content\/uploads\/2023\/07\/la_hacienda_jardin_70-150x150.jpg\" class=\"attachment-thumbnail size-thumbnail\" alt=\"La Hacienda Jard\u00edn \/ Pr\u00e1ctica Arquitectura\" aria-describedby=\"gallery-3-76853\" \/><\/a>\n\t\t\t<\/div>\n\t\t\t\t<figcaption class='wp-caption-text gallery-caption' id='gallery-3-76853'>\n\t\t\t\tLa Hacienda Jard\u00edn \/ Pr\u00e1ctica Arquitectura (proceso constructivo)\n\t\t\t\t<\/figcaption><\/figure><figure class='gallery-item'>\n\t\t\t<div class='gallery-icon portrait'>\n\t\t\t\t<a href='https:\/\/www.arquimaster.com.ar\/web\/wp-content\/uploads\/2023\/07\/la_hacienda_jardin_71.jpg' title=\"La Hacienda Jard\u00edn \/ Pr\u00e1ctica Arquitectura (proceso constructivo)\" data-rl_title=\"La Hacienda Jard\u00edn \/ Pr\u00e1ctica Arquitectura (proceso constructivo)\" class=\"rl-gallery-link\" data-rl_caption=\"La Hacienda Jard\u00edn \/ Pr\u00e1ctica Arquitectura (proceso constructivo)\" data-rel=\"lightbox-gallery-3\"><img loading=\"lazy\" decoding=\"async\" width=\"150\" height=\"150\" src=\"https:\/\/www.arquimaster.com.ar\/web\/wp-content\/uploads\/2023\/07\/la_hacienda_jardin_71-150x150.jpg\" class=\"attachment-thumbnail size-thumbnail\" alt=\"La Hacienda Jard\u00edn \/ Pr\u00e1ctica Arquitectura\" aria-describedby=\"gallery-3-76854\" \/><\/a>\n\t\t\t<\/div>\n\t\t\t\t<figcaption class='wp-caption-text gallery-caption' id='gallery-3-76854'>\n\t\t\t\tLa Hacienda Jard\u00edn \/ Pr\u00e1ctica Arquitectura (proceso constructivo)\n\t\t\t\t<\/figcaption><\/figure><figure class='gallery-item'>\n\t\t\t<div class='gallery-icon landscape'>\n\t\t\t\t<a href='https:\/\/www.arquimaster.com.ar\/web\/wp-content\/uploads\/2023\/07\/la_hacienda_jardin_72.jpg' title=\"La Hacienda Jard\u00edn \/ Pr\u00e1ctica Arquitectura (proceso constructivo)\" data-rl_title=\"La Hacienda Jard\u00edn \/ Pr\u00e1ctica Arquitectura (proceso constructivo)\" class=\"rl-gallery-link\" data-rl_caption=\"La Hacienda Jard\u00edn \/ Pr\u00e1ctica Arquitectura (proceso constructivo)\" data-rel=\"lightbox-gallery-3\"><img loading=\"lazy\" decoding=\"async\" width=\"150\" height=\"150\" src=\"https:\/\/www.arquimaster.com.ar\/web\/wp-content\/uploads\/2023\/07\/la_hacienda_jardin_72-150x150.jpg\" class=\"attachment-thumbnail size-thumbnail\" alt=\"La Hacienda Jard\u00edn \/ Pr\u00e1ctica Arquitectura\" aria-describedby=\"gallery-3-76855\" \/><\/a>\n\t\t\t<\/div>\n\t\t\t\t<figcaption class='wp-caption-text gallery-caption' id='gallery-3-76855'>\n\t\t\t\tLa Hacienda Jard\u00edn \/ Pr\u00e1ctica Arquitectura (proceso constructivo)\n\t\t\t\t<\/figcaption><\/figure><figure class='gallery-item'>\n\t\t\t<div class='gallery-icon portrait'>\n\t\t\t\t<a href='https:\/\/www.arquimaster.com.ar\/web\/wp-content\/uploads\/2023\/07\/la_hacienda_jardin_73.jpg' title=\"La Hacienda Jard\u00edn \/ Pr\u00e1ctica Arquitectura (proceso constructivo)\" data-rl_title=\"La Hacienda Jard\u00edn \/ Pr\u00e1ctica Arquitectura (proceso constructivo)\" class=\"rl-gallery-link\" data-rl_caption=\"La Hacienda Jard\u00edn \/ Pr\u00e1ctica Arquitectura (proceso constructivo)\" data-rel=\"lightbox-gallery-3\"><img loading=\"lazy\" decoding=\"async\" width=\"150\" height=\"150\" src=\"https:\/\/www.arquimaster.com.ar\/web\/wp-content\/uploads\/2023\/07\/la_hacienda_jardin_73-150x150.jpg\" class=\"attachment-thumbnail size-thumbnail\" alt=\"La Hacienda Jard\u00edn \/ Pr\u00e1ctica Arquitectura\" aria-describedby=\"gallery-3-76856\" \/><\/a>\n\t\t\t<\/div>\n\t\t\t\t<figcaption class='wp-caption-text gallery-caption' id='gallery-3-76856'>\n\t\t\t\tLa Hacienda Jard\u00edn \/ Pr\u00e1ctica Arquitectura (proceso constructivo)\n\t\t\t\t<\/figcaption><\/figure><figure class='gallery-item'>\n\t\t\t<div class='gallery-icon portrait'>\n\t\t\t\t<a href='https:\/\/www.arquimaster.com.ar\/web\/wp-content\/uploads\/2023\/07\/la_hacienda_jardin_74.jpg' title=\"La Hacienda Jard\u00edn \/ Pr\u00e1ctica Arquitectura (proceso constructivo)\" data-rl_title=\"La Hacienda Jard\u00edn \/ Pr\u00e1ctica Arquitectura (proceso constructivo)\" class=\"rl-gallery-link\" data-rl_caption=\"La Hacienda Jard\u00edn \/ Pr\u00e1ctica Arquitectura (proceso constructivo)\" data-rel=\"lightbox-gallery-3\"><img loading=\"lazy\" decoding=\"async\" width=\"150\" height=\"150\" src=\"https:\/\/www.arquimaster.com.ar\/web\/wp-content\/uploads\/2023\/07\/la_hacienda_jardin_74-150x150.jpg\" class=\"attachment-thumbnail size-thumbnail\" alt=\"La Hacienda Jard\u00edn \/ Pr\u00e1ctica Arquitectura\" aria-describedby=\"gallery-3-76857\" \/><\/a>\n\t\t\t<\/div>\n\t\t\t\t<figcaption class='wp-caption-text gallery-caption' id='gallery-3-76857'>\n\t\t\t\tLa Hacienda Jard\u00edn \/ Pr\u00e1ctica Arquitectura (proceso constructivo)\n\t\t\t\t<\/figcaption><\/figure><figure class='gallery-item'>\n\t\t\t<div class='gallery-icon landscape'>\n\t\t\t\t<a href='https:\/\/www.arquimaster.com.ar\/web\/wp-content\/uploads\/2023\/07\/la_hacienda_jardin_75.jpg' title=\"La Hacienda Jard\u00edn \/ Pr\u00e1ctica Arquitectura (proceso constructivo)\" data-rl_title=\"La Hacienda Jard\u00edn \/ Pr\u00e1ctica Arquitectura (proceso constructivo)\" class=\"rl-gallery-link\" data-rl_caption=\"La Hacienda Jard\u00edn \/ Pr\u00e1ctica Arquitectura (proceso constructivo)\" data-rel=\"lightbox-gallery-3\"><img loading=\"lazy\" decoding=\"async\" width=\"150\" height=\"150\" src=\"https:\/\/www.arquimaster.com.ar\/web\/wp-content\/uploads\/2023\/07\/la_hacienda_jardin_75-150x150.jpg\" class=\"attachment-thumbnail size-thumbnail\" alt=\"La Hacienda Jard\u00edn \/ Pr\u00e1ctica Arquitectura\" aria-describedby=\"gallery-3-76858\" \/><\/a>\n\t\t\t<\/div>\n\t\t\t\t<figcaption class='wp-caption-text gallery-caption' id='gallery-3-76858'>\n\t\t\t\tLa Hacienda Jard\u00edn \/ Pr\u00e1ctica Arquitectura (proceso constructivo)\n\t\t\t\t<\/figcaption><\/figure><figure class='gallery-item'>\n\t\t\t<div class='gallery-icon landscape'>\n\t\t\t\t<a href='https:\/\/www.arquimaster.com.ar\/web\/wp-content\/uploads\/2023\/07\/la_hacienda_jardin_76.jpg' title=\"La Hacienda Jard\u00edn \/ Pr\u00e1ctica Arquitectura (proceso constructivo)\" data-rl_title=\"La Hacienda Jard\u00edn \/ Pr\u00e1ctica Arquitectura (proceso constructivo)\" class=\"rl-gallery-link\" data-rl_caption=\"La Hacienda Jard\u00edn \/ Pr\u00e1ctica Arquitectura (proceso constructivo)\" data-rel=\"lightbox-gallery-3\"><img loading=\"lazy\" decoding=\"async\" width=\"150\" height=\"150\" src=\"https:\/\/www.arquimaster.com.ar\/web\/wp-content\/uploads\/2023\/07\/la_hacienda_jardin_76-150x150.jpg\" class=\"attachment-thumbnail size-thumbnail\" alt=\"La Hacienda Jard\u00edn \/ Pr\u00e1ctica Arquitectura\" aria-describedby=\"gallery-3-76859\" \/><\/a>\n\t\t\t<\/div>\n\t\t\t\t<figcaption class='wp-caption-text gallery-caption' id='gallery-3-76859'>\n\t\t\t\tLa Hacienda Jard\u00edn \/ Pr\u00e1ctica Arquitectura (proceso constructivo)\n\t\t\t\t<\/figcaption><\/figure><figure class='gallery-item'>\n\t\t\t<div class='gallery-icon landscape'>\n\t\t\t\t<a href='https:\/\/www.arquimaster.com.ar\/web\/wp-content\/uploads\/2023\/07\/la_hacienda_jardin_77.jpg' title=\"La Hacienda Jard\u00edn \/ Pr\u00e1ctica Arquitectura (proceso constructivo)\" data-rl_title=\"La Hacienda Jard\u00edn \/ Pr\u00e1ctica Arquitectura (proceso constructivo)\" class=\"rl-gallery-link\" data-rl_caption=\"La Hacienda Jard\u00edn \/ Pr\u00e1ctica Arquitectura (proceso constructivo)\" data-rel=\"lightbox-gallery-3\"><img loading=\"lazy\" decoding=\"async\" width=\"150\" height=\"150\" src=\"https:\/\/www.arquimaster.com.ar\/web\/wp-content\/uploads\/2023\/07\/la_hacienda_jardin_77-150x150.jpg\" class=\"attachment-thumbnail size-thumbnail\" alt=\"La Hacienda Jard\u00edn \/ Pr\u00e1ctica Arquitectura\" aria-describedby=\"gallery-3-76860\" srcset=\"https:\/\/www.arquimaster.com.ar\/web\/wp-content\/uploads\/2023\/07\/la_hacienda_jardin_77-150x150.jpg 150w, https:\/\/www.arquimaster.com.ar\/web\/wp-content\/uploads\/2023\/07\/la_hacienda_jardin_77-768x768.jpg 768w, https:\/\/www.arquimaster.com.ar\/web\/wp-content\/uploads\/2023\/07\/la_hacienda_jardin_77.jpg 1500w\" sizes=\"auto, (max-width: 150px) 100vw, 150px\" \/><\/a>\n\t\t\t<\/div>\n\t\t\t\t<figcaption class='wp-caption-text gallery-caption' id='gallery-3-76860'>\n\t\t\t\tLa Hacienda Jard\u00edn \/ Pr\u00e1ctica Arquitectura (proceso constructivo)\n\t\t\t\t<\/figcaption><\/figure><figure class='gallery-item'>\n\t\t\t<div class='gallery-icon landscape'>\n\t\t\t\t<a href='https:\/\/www.arquimaster.com.ar\/web\/wp-content\/uploads\/2023\/07\/la_hacienda_jardin_78.jpg' title=\"La Hacienda Jard\u00edn \/ Pr\u00e1ctica Arquitectura (proceso constructivo)\" data-rl_title=\"La Hacienda Jard\u00edn \/ Pr\u00e1ctica Arquitectura (proceso constructivo)\" class=\"rl-gallery-link\" data-rl_caption=\"La Hacienda Jard\u00edn \/ Pr\u00e1ctica Arquitectura (proceso constructivo)\" data-rel=\"lightbox-gallery-3\"><img loading=\"lazy\" decoding=\"async\" width=\"150\" height=\"150\" src=\"https:\/\/www.arquimaster.com.ar\/web\/wp-content\/uploads\/2023\/07\/la_hacienda_jardin_78-150x150.jpg\" class=\"attachment-thumbnail size-thumbnail\" alt=\"La Hacienda Jard\u00edn \/ Pr\u00e1ctica Arquitectura\" aria-describedby=\"gallery-3-76861\" \/><\/a>\n\t\t\t<\/div>\n\t\t\t\t<figcaption class='wp-caption-text gallery-caption' id='gallery-3-76861'>\n\t\t\t\tLa Hacienda Jard\u00edn \/ Pr\u00e1ctica Arquitectura (proceso constructivo)\n\t\t\t\t<\/figcaption><\/figure><figure class='gallery-item'>\n\t\t\t<div class='gallery-icon landscape'>\n\t\t\t\t<a href='https:\/\/www.arquimaster.com.ar\/web\/wp-content\/uploads\/2023\/07\/la_hacienda_jardin_79.jpg' title=\"La Hacienda Jard\u00edn \/ Pr\u00e1ctica Arquitectura (proceso constructivo)\" data-rl_title=\"La Hacienda Jard\u00edn \/ Pr\u00e1ctica Arquitectura (proceso constructivo)\" class=\"rl-gallery-link\" data-rl_caption=\"La Hacienda Jard\u00edn \/ Pr\u00e1ctica Arquitectura (proceso constructivo)\" data-rel=\"lightbox-gallery-3\"><img loading=\"lazy\" decoding=\"async\" width=\"150\" height=\"150\" src=\"https:\/\/www.arquimaster.com.ar\/web\/wp-content\/uploads\/2023\/07\/la_hacienda_jardin_79-150x150.jpg\" class=\"attachment-thumbnail size-thumbnail\" alt=\"La Hacienda Jard\u00edn \/ Pr\u00e1ctica Arquitectura\" aria-describedby=\"gallery-3-76862\" \/><\/a>\n\t\t\t<\/div>\n\t\t\t\t<figcaption class='wp-caption-text gallery-caption' id='gallery-3-76862'>\n\t\t\t\tLa Hacienda Jard\u00edn \/ Pr\u00e1ctica Arquitectura (proceso constructivo)\n\t\t\t\t<\/figcaption><\/figure><figure class='gallery-item'>\n\t\t\t<div class='gallery-icon landscape'>\n\t\t\t\t<a href='https:\/\/www.arquimaster.com.ar\/web\/wp-content\/uploads\/2023\/07\/la_hacienda_jardin_80.jpg' title=\"La Hacienda Jard\u00edn \/ Pr\u00e1ctica Arquitectura (proceso constructivo)\" data-rl_title=\"La Hacienda Jard\u00edn \/ Pr\u00e1ctica Arquitectura (proceso constructivo)\" class=\"rl-gallery-link\" data-rl_caption=\"La Hacienda Jard\u00edn \/ Pr\u00e1ctica Arquitectura (proceso constructivo)\" data-rel=\"lightbox-gallery-3\"><img loading=\"lazy\" decoding=\"async\" width=\"150\" height=\"150\" src=\"https:\/\/www.arquimaster.com.ar\/web\/wp-content\/uploads\/2023\/07\/la_hacienda_jardin_80-150x150.jpg\" class=\"attachment-thumbnail size-thumbnail\" alt=\"La Hacienda Jard\u00edn \/ Pr\u00e1ctica Arquitectura\" aria-describedby=\"gallery-3-76863\" \/><\/a>\n\t\t\t<\/div>\n\t\t\t\t<figcaption class='wp-caption-text gallery-caption' id='gallery-3-76863'>\n\t\t\t\tLa Hacienda Jard\u00edn \/ Pr\u00e1ctica Arquitectura (proceso constructivo)\n\t\t\t\t<\/figcaption><\/figure><figure class='gallery-item'>\n\t\t\t<div class='gallery-icon landscape'>\n\t\t\t\t<a href='https:\/\/www.arquimaster.com.ar\/web\/wp-content\/uploads\/2023\/07\/la_hacienda_jardin_81.jpg' title=\"La Hacienda Jard\u00edn \/ Pr\u00e1ctica Arquitectura (proceso constructivo)\" data-rl_title=\"La Hacienda Jard\u00edn \/ Pr\u00e1ctica Arquitectura (proceso constructivo)\" class=\"rl-gallery-link\" data-rl_caption=\"La Hacienda Jard\u00edn \/ Pr\u00e1ctica Arquitectura (proceso constructivo)\" data-rel=\"lightbox-gallery-3\"><img loading=\"lazy\" decoding=\"async\" width=\"150\" height=\"150\" src=\"https:\/\/www.arquimaster.com.ar\/web\/wp-content\/uploads\/2023\/07\/la_hacienda_jardin_81-150x150.jpg\" class=\"attachment-thumbnail size-thumbnail\" alt=\"La Hacienda Jard\u00edn \/ Pr\u00e1ctica Arquitectura\" aria-describedby=\"gallery-3-76864\" \/><\/a>\n\t\t\t<\/div>\n\t\t\t\t<figcaption class='wp-caption-text gallery-caption' id='gallery-3-76864'>\n\t\t\t\tLa Hacienda Jard\u00edn \/ Pr\u00e1ctica Arquitectura (proceso constructivo)\n\t\t\t\t<\/figcaption><\/figure><figure class='gallery-item'>\n\t\t\t<div class='gallery-icon landscape'>\n\t\t\t\t<a href='https:\/\/www.arquimaster.com.ar\/web\/wp-content\/uploads\/2023\/07\/la_hacienda_jardin_82.jpg' title=\"La Hacienda Jard\u00edn \/ Pr\u00e1ctica Arquitectura (proceso constructivo)\" data-rl_title=\"La Hacienda Jard\u00edn \/ Pr\u00e1ctica Arquitectura (proceso constructivo)\" class=\"rl-gallery-link\" data-rl_caption=\"La Hacienda Jard\u00edn \/ Pr\u00e1ctica Arquitectura (proceso constructivo)\" data-rel=\"lightbox-gallery-3\"><img loading=\"lazy\" decoding=\"async\" width=\"150\" height=\"150\" src=\"https:\/\/www.arquimaster.com.ar\/web\/wp-content\/uploads\/2023\/07\/la_hacienda_jardin_82-150x150.jpg\" class=\"attachment-thumbnail size-thumbnail\" alt=\"La Hacienda Jard\u00edn \/ Pr\u00e1ctica Arquitectura\" aria-describedby=\"gallery-3-76865\" \/><\/a>\n\t\t\t<\/div>\n\t\t\t\t<figcaption class='wp-caption-text gallery-caption' id='gallery-3-76865'>\n\t\t\t\tLa Hacienda Jard\u00edn \/ Pr\u00e1ctica Arquitectura (proceso constructivo)\n\t\t\t\t<\/figcaption><\/figure><figure class='gallery-item'>\n\t\t\t<div class='gallery-icon landscape'>\n\t\t\t\t<a href='https:\/\/www.arquimaster.com.ar\/web\/wp-content\/uploads\/2023\/07\/la_hacienda_jardin_83.jpg' title=\"La Hacienda Jard\u00edn \/ Pr\u00e1ctica Arquitectura (proceso constructivo)\" data-rl_title=\"La Hacienda Jard\u00edn \/ Pr\u00e1ctica Arquitectura (proceso constructivo)\" class=\"rl-gallery-link\" data-rl_caption=\"La Hacienda Jard\u00edn \/ Pr\u00e1ctica Arquitectura (proceso constructivo)\" data-rel=\"lightbox-gallery-3\"><img loading=\"lazy\" decoding=\"async\" width=\"150\" height=\"150\" src=\"https:\/\/www.arquimaster.com.ar\/web\/wp-content\/uploads\/2023\/07\/la_hacienda_jardin_83-150x150.jpg\" class=\"attachment-thumbnail size-thumbnail\" alt=\"La Hacienda Jard\u00edn \/ Pr\u00e1ctica Arquitectura\" aria-describedby=\"gallery-3-76866\" \/><\/a>\n\t\t\t<\/div>\n\t\t\t\t<figcaption class='wp-caption-text gallery-caption' id='gallery-3-76866'>\n\t\t\t\tLa Hacienda Jard\u00edn \/ Pr\u00e1ctica Arquitectura (proceso constructivo)\n\t\t\t\t<\/figcaption><\/figure><figure class='gallery-item'>\n\t\t\t<div class='gallery-icon portrait'>\n\t\t\t\t<a href='https:\/\/www.arquimaster.com.ar\/web\/wp-content\/uploads\/2023\/07\/la_hacienda_jardin_84.jpg' title=\"La Hacienda Jard\u00edn \/ Pr\u00e1ctica Arquitectura (proceso constructivo)\" data-rl_title=\"La Hacienda Jard\u00edn \/ Pr\u00e1ctica Arquitectura (proceso constructivo)\" class=\"rl-gallery-link\" data-rl_caption=\"La Hacienda Jard\u00edn \/ Pr\u00e1ctica Arquitectura (proceso constructivo)\" data-rel=\"lightbox-gallery-3\"><img loading=\"lazy\" decoding=\"async\" width=\"150\" height=\"150\" src=\"https:\/\/www.arquimaster.com.ar\/web\/wp-content\/uploads\/2023\/07\/la_hacienda_jardin_84-150x150.jpg\" class=\"attachment-thumbnail size-thumbnail\" alt=\"La Hacienda Jard\u00edn \/ Pr\u00e1ctica Arquitectura\" aria-describedby=\"gallery-3-76867\" \/><\/a>\n\t\t\t<\/div>\n\t\t\t\t<figcaption class='wp-caption-text gallery-caption' id='gallery-3-76867'>\n\t\t\t\tLa Hacienda Jard\u00edn \/ Pr\u00e1ctica Arquitectura (proceso constructivo)\n\t\t\t\t<\/figcaption><\/figure><figure class='gallery-item'>\n\t\t\t<div class='gallery-icon portrait'>\n\t\t\t\t<a href='https:\/\/www.arquimaster.com.ar\/web\/wp-content\/uploads\/2023\/07\/la_hacienda_jardin_85.jpg' title=\"La Hacienda Jard\u00edn \/ Pr\u00e1ctica Arquitectura (proceso constructivo)\" data-rl_title=\"La Hacienda Jard\u00edn \/ Pr\u00e1ctica Arquitectura (proceso constructivo)\" class=\"rl-gallery-link\" data-rl_caption=\"La Hacienda Jard\u00edn \/ Pr\u00e1ctica Arquitectura (proceso constructivo)\" data-rel=\"lightbox-gallery-3\"><img loading=\"lazy\" decoding=\"async\" width=\"150\" height=\"150\" src=\"https:\/\/www.arquimaster.com.ar\/web\/wp-content\/uploads\/2023\/07\/la_hacienda_jardin_85-150x150.jpg\" class=\"attachment-thumbnail size-thumbnail\" alt=\"La Hacienda Jard\u00edn \/ Pr\u00e1ctica Arquitectura\" aria-describedby=\"gallery-3-76868\" \/><\/a>\n\t\t\t<\/div>\n\t\t\t\t<figcaption class='wp-caption-text gallery-caption' id='gallery-3-76868'>\n\t\t\t\tLa Hacienda Jard\u00edn \/ Pr\u00e1ctica Arquitectura (proceso constructivo)\n\t\t\t\t<\/figcaption><\/figure><figure class='gallery-item'>\n\t\t\t<div class='gallery-icon portrait'>\n\t\t\t\t<a href='https:\/\/www.arquimaster.com.ar\/web\/wp-content\/uploads\/2023\/07\/la_hacienda_jardin_86.jpg' title=\"La Hacienda Jard\u00edn \/ Pr\u00e1ctica Arquitectura (proceso constructivo)\" data-rl_title=\"La Hacienda Jard\u00edn \/ Pr\u00e1ctica Arquitectura (proceso constructivo)\" class=\"rl-gallery-link\" data-rl_caption=\"La Hacienda Jard\u00edn \/ Pr\u00e1ctica Arquitectura (proceso constructivo)\" data-rel=\"lightbox-gallery-3\"><img loading=\"lazy\" decoding=\"async\" width=\"150\" height=\"150\" src=\"https:\/\/www.arquimaster.com.ar\/web\/wp-content\/uploads\/2023\/07\/la_hacienda_jardin_86-150x150.jpg\" class=\"attachment-thumbnail size-thumbnail\" alt=\"La Hacienda Jard\u00edn \/ Pr\u00e1ctica Arquitectura\" aria-describedby=\"gallery-3-76869\" \/><\/a>\n\t\t\t<\/div>\n\t\t\t\t<figcaption class='wp-caption-text gallery-caption' id='gallery-3-76869'>\n\t\t\t\tLa Hacienda Jard\u00edn \/ Pr\u00e1ctica Arquitectura (proceso constructivo)\n\t\t\t\t<\/figcaption><\/figure><figure class='gallery-item'>\n\t\t\t<div class='gallery-icon landscape'>\n\t\t\t\t<a href='https:\/\/www.arquimaster.com.ar\/web\/wp-content\/uploads\/2023\/07\/la_hacienda_jardin_87.jpg' title=\"La Hacienda Jard\u00edn \/ Pr\u00e1ctica Arquitectura (proceso constructivo)\" data-rl_title=\"La Hacienda Jard\u00edn \/ Pr\u00e1ctica Arquitectura (proceso constructivo)\" class=\"rl-gallery-link\" data-rl_caption=\"La Hacienda Jard\u00edn \/ Pr\u00e1ctica Arquitectura (proceso constructivo)\" data-rel=\"lightbox-gallery-3\"><img loading=\"lazy\" decoding=\"async\" width=\"150\" height=\"150\" src=\"https:\/\/www.arquimaster.com.ar\/web\/wp-content\/uploads\/2023\/07\/la_hacienda_jardin_87-150x150.jpg\" class=\"attachment-thumbnail size-thumbnail\" alt=\"La Hacienda Jard\u00edn \/ Pr\u00e1ctica Arquitectura\" aria-describedby=\"gallery-3-76870\" \/><\/a>\n\t\t\t<\/div>\n\t\t\t\t<figcaption class='wp-caption-text gallery-caption' id='gallery-3-76870'>\n\t\t\t\tLa Hacienda Jard\u00edn \/ Pr\u00e1ctica Arquitectura (proceso constructivo)\n\t\t\t\t<\/figcaption><\/figure><figure class='gallery-item'>\n\t\t\t<div class='gallery-icon portrait'>\n\t\t\t\t<a href='https:\/\/www.arquimaster.com.ar\/web\/wp-content\/uploads\/2023\/07\/la_hacienda_jardin_88.jpg' title=\"La Hacienda Jard\u00edn \/ Pr\u00e1ctica Arquitectura (proceso constructivo)\" data-rl_title=\"La Hacienda Jard\u00edn \/ Pr\u00e1ctica Arquitectura (proceso constructivo)\" class=\"rl-gallery-link\" data-rl_caption=\"La Hacienda Jard\u00edn \/ Pr\u00e1ctica Arquitectura (proceso constructivo)\" data-rel=\"lightbox-gallery-3\"><img loading=\"lazy\" decoding=\"async\" width=\"150\" height=\"150\" src=\"https:\/\/www.arquimaster.com.ar\/web\/wp-content\/uploads\/2023\/07\/la_hacienda_jardin_88-150x150.jpg\" class=\"attachment-thumbnail size-thumbnail\" alt=\"La Hacienda Jard\u00edn \/ Pr\u00e1ctica Arquitectura\" aria-describedby=\"gallery-3-76871\" \/><\/a>\n\t\t\t<\/div>\n\t\t\t\t<figcaption class='wp-caption-text gallery-caption' id='gallery-3-76871'>\n\t\t\t\tLa Hacienda Jard\u00edn \/ Pr\u00e1ctica Arquitectura (proceso constructivo)\n\t\t\t\t<\/figcaption><\/figure><figure class='gallery-item'>\n\t\t\t<div class='gallery-icon landscape'>\n\t\t\t\t<a href='https:\/\/www.arquimaster.com.ar\/web\/wp-content\/uploads\/2023\/07\/la_hacienda_jardin_89.jpg' title=\"La Hacienda Jard\u00edn \/ Pr\u00e1ctica Arquitectura (proceso constructivo)\" data-rl_title=\"La Hacienda Jard\u00edn \/ Pr\u00e1ctica Arquitectura (proceso constructivo)\" class=\"rl-gallery-link\" data-rl_caption=\"La Hacienda Jard\u00edn \/ Pr\u00e1ctica Arquitectura (proceso constructivo)\" data-rel=\"lightbox-gallery-3\"><img loading=\"lazy\" decoding=\"async\" width=\"150\" height=\"150\" src=\"https:\/\/www.arquimaster.com.ar\/web\/wp-content\/uploads\/2023\/07\/la_hacienda_jardin_89-150x150.jpg\" class=\"attachment-thumbnail size-thumbnail\" alt=\"La Hacienda Jard\u00edn \/ Pr\u00e1ctica Arquitectura\" aria-describedby=\"gallery-3-76872\" \/><\/a>\n\t\t\t<\/div>\n\t\t\t\t<figcaption class='wp-caption-text gallery-caption' id='gallery-3-76872'>\n\t\t\t\tLa Hacienda Jard\u00edn \/ Pr\u00e1ctica Arquitectura (proceso constructivo)\n\t\t\t\t<\/figcaption><\/figure><figure class='gallery-item'>\n\t\t\t<div class='gallery-icon portrait'>\n\t\t\t\t<a href='https:\/\/www.arquimaster.com.ar\/web\/wp-content\/uploads\/2023\/07\/la_hacienda_jardin_90.jpg' title=\"La Hacienda Jard\u00edn \/ Pr\u00e1ctica Arquitectura (proceso constructivo)\" data-rl_title=\"La Hacienda Jard\u00edn \/ Pr\u00e1ctica Arquitectura (proceso constructivo)\" class=\"rl-gallery-link\" data-rl_caption=\"La Hacienda Jard\u00edn \/ Pr\u00e1ctica Arquitectura (proceso constructivo)\" data-rel=\"lightbox-gallery-3\"><img loading=\"lazy\" decoding=\"async\" width=\"150\" height=\"150\" src=\"https:\/\/www.arquimaster.com.ar\/web\/wp-content\/uploads\/2023\/07\/la_hacienda_jardin_90-150x150.jpg\" class=\"attachment-thumbnail size-thumbnail\" alt=\"La Hacienda Jard\u00edn \/ Pr\u00e1ctica Arquitectura\" aria-describedby=\"gallery-3-76873\" \/><\/a>\n\t\t\t<\/div>\n\t\t\t\t<figcaption class='wp-caption-text gallery-caption' id='gallery-3-76873'>\n\t\t\t\tLa Hacienda Jard\u00edn \/ Pr\u00e1ctica Arquitectura (proceso constructivo)\n\t\t\t\t<\/figcaption><\/figure><figure class='gallery-item'>\n\t\t\t<div class='gallery-icon portrait'>\n\t\t\t\t<a href='https:\/\/www.arquimaster.com.ar\/web\/wp-content\/uploads\/2023\/07\/la_hacienda_jardin_91.jpg' title=\"La Hacienda Jard\u00edn \/ Pr\u00e1ctica Arquitectura (proceso constructivo)\" data-rl_title=\"La Hacienda Jard\u00edn \/ Pr\u00e1ctica Arquitectura (proceso constructivo)\" class=\"rl-gallery-link\" data-rl_caption=\"La Hacienda Jard\u00edn \/ Pr\u00e1ctica Arquitectura (proceso constructivo)\" data-rel=\"lightbox-gallery-3\"><img loading=\"lazy\" decoding=\"async\" width=\"150\" height=\"150\" src=\"https:\/\/www.arquimaster.com.ar\/web\/wp-content\/uploads\/2023\/07\/la_hacienda_jardin_91-150x150.jpg\" class=\"attachment-thumbnail size-thumbnail\" alt=\"La Hacienda Jard\u00edn \/ Pr\u00e1ctica Arquitectura\" aria-describedby=\"gallery-3-76874\" \/><\/a>\n\t\t\t<\/div>\n\t\t\t\t<figcaption class='wp-caption-text gallery-caption' id='gallery-3-76874'>\n\t\t\t\tLa Hacienda Jard\u00edn \/ Pr\u00e1ctica Arquitectura (proceso constructivo)\n\t\t\t\t<\/figcaption><\/figure><figure class='gallery-item'>\n\t\t\t<div class='gallery-icon portrait'>\n\t\t\t\t<a href='https:\/\/www.arquimaster.com.ar\/web\/wp-content\/uploads\/2023\/07\/la_hacienda_jardin_92.jpg' title=\"La Hacienda Jard\u00edn \/ Pr\u00e1ctica Arquitectura (proceso constructivo)\" data-rl_title=\"La Hacienda Jard\u00edn \/ Pr\u00e1ctica Arquitectura (proceso constructivo)\" class=\"rl-gallery-link\" data-rl_caption=\"La Hacienda Jard\u00edn \/ Pr\u00e1ctica Arquitectura (proceso constructivo)\" data-rel=\"lightbox-gallery-3\"><img loading=\"lazy\" decoding=\"async\" width=\"150\" height=\"150\" src=\"https:\/\/www.arquimaster.com.ar\/web\/wp-content\/uploads\/2023\/07\/la_hacienda_jardin_92-150x150.jpg\" class=\"attachment-thumbnail size-thumbnail\" alt=\"La Hacienda Jard\u00edn \/ Pr\u00e1ctica Arquitectura\" aria-describedby=\"gallery-3-76875\" \/><\/a>\n\t\t\t<\/div>\n\t\t\t\t<figcaption class='wp-caption-text gallery-caption' id='gallery-3-76875'>\n\t\t\t\tLa Hacienda Jard\u00edn \/ Pr\u00e1ctica Arquitectura (proceso constructivo)\n\t\t\t\t<\/figcaption><\/figure><figure class='gallery-item'>\n\t\t\t<div class='gallery-icon portrait'>\n\t\t\t\t<a href='https:\/\/www.arquimaster.com.ar\/web\/wp-content\/uploads\/2023\/07\/la_hacienda_jardin_93.jpg' title=\"La Hacienda Jard\u00edn \/ Pr\u00e1ctica Arquitectura (proceso constructivo)\" data-rl_title=\"La Hacienda Jard\u00edn \/ Pr\u00e1ctica Arquitectura (proceso constructivo)\" class=\"rl-gallery-link\" data-rl_caption=\"La Hacienda Jard\u00edn \/ Pr\u00e1ctica Arquitectura (proceso constructivo)\" data-rel=\"lightbox-gallery-3\"><img loading=\"lazy\" decoding=\"async\" width=\"150\" height=\"150\" src=\"https:\/\/www.arquimaster.com.ar\/web\/wp-content\/uploads\/2023\/07\/la_hacienda_jardin_93-150x150.jpg\" class=\"attachment-thumbnail size-thumbnail\" alt=\"La Hacienda Jard\u00edn \/ Pr\u00e1ctica Arquitectura\" aria-describedby=\"gallery-3-76876\" \/><\/a>\n\t\t\t<\/div>\n\t\t\t\t<figcaption class='wp-caption-text gallery-caption' id='gallery-3-76876'>\n\t\t\t\tLa Hacienda Jard\u00edn \/ Pr\u00e1ctica Arquitectura (proceso constructivo)\n\t\t\t\t<\/figcaption><\/figure><figure class='gallery-item'>\n\t\t\t<div class='gallery-icon landscape'>\n\t\t\t\t<a href='https:\/\/www.arquimaster.com.ar\/web\/wp-content\/uploads\/2023\/07\/la_hacienda_jardin_94.jpg' title=\"La Hacienda Jard\u00edn \/ Pr\u00e1ctica Arquitectura (proceso constructivo)\" data-rl_title=\"La Hacienda Jard\u00edn \/ Pr\u00e1ctica Arquitectura (proceso constructivo)\" class=\"rl-gallery-link\" data-rl_caption=\"La Hacienda Jard\u00edn \/ Pr\u00e1ctica Arquitectura (proceso constructivo)\" data-rel=\"lightbox-gallery-3\"><img loading=\"lazy\" decoding=\"async\" width=\"150\" height=\"150\" src=\"https:\/\/www.arquimaster.com.ar\/web\/wp-content\/uploads\/2023\/07\/la_hacienda_jardin_94-150x150.jpg\" class=\"attachment-thumbnail size-thumbnail\" alt=\"La Hacienda Jard\u00edn \/ Pr\u00e1ctica Arquitectura\" aria-describedby=\"gallery-3-76877\" \/><\/a>\n\t\t\t<\/div>\n\t\t\t\t<figcaption class='wp-caption-text gallery-caption' id='gallery-3-76877'>\n\t\t\t\tLa Hacienda Jard\u00edn \/ Pr\u00e1ctica Arquitectura (proceso constructivo)\n\t\t\t\t<\/figcaption><\/figure><figure class='gallery-item'>\n\t\t\t<div class='gallery-icon landscape'>\n\t\t\t\t<a href='https:\/\/www.arquimaster.com.ar\/web\/wp-content\/uploads\/2023\/07\/la_hacienda_jardin_95.jpg' title=\"La Hacienda Jard\u00edn \/ Pr\u00e1ctica Arquitectura (proceso constructivo)\" data-rl_title=\"La Hacienda Jard\u00edn \/ Pr\u00e1ctica Arquitectura (proceso constructivo)\" class=\"rl-gallery-link\" data-rl_caption=\"La Hacienda Jard\u00edn \/ Pr\u00e1ctica Arquitectura (proceso constructivo)\" data-rel=\"lightbox-gallery-3\"><img loading=\"lazy\" decoding=\"async\" width=\"150\" height=\"150\" src=\"https:\/\/www.arquimaster.com.ar\/web\/wp-content\/uploads\/2023\/07\/la_hacienda_jardin_95-150x150.jpg\" class=\"attachment-thumbnail size-thumbnail\" alt=\"La Hacienda Jard\u00edn \/ Pr\u00e1ctica Arquitectura\" aria-describedby=\"gallery-3-76878\" \/><\/a>\n\t\t\t<\/div>\n\t\t\t\t<figcaption class='wp-caption-text gallery-caption' id='gallery-3-76878'>\n\t\t\t\tLa Hacienda Jard\u00edn \/ Pr\u00e1ctica Arquitectura (proceso constructivo)\n\t\t\t\t<\/figcaption><\/figure><figure class='gallery-item'>\n\t\t\t<div class='gallery-icon landscape'>\n\t\t\t\t<a href='https:\/\/www.arquimaster.com.ar\/web\/wp-content\/uploads\/2023\/07\/la_hacienda_jardin_96.jpg' title=\"La Hacienda Jard\u00edn \/ Pr\u00e1ctica Arquitectura (proceso constructivo)\" data-rl_title=\"La Hacienda Jard\u00edn \/ Pr\u00e1ctica Arquitectura (proceso constructivo)\" class=\"rl-gallery-link\" data-rl_caption=\"La Hacienda Jard\u00edn \/ Pr\u00e1ctica Arquitectura (proceso constructivo)\" data-rel=\"lightbox-gallery-3\"><img loading=\"lazy\" decoding=\"async\" width=\"150\" height=\"150\" src=\"https:\/\/www.arquimaster.com.ar\/web\/wp-content\/uploads\/2023\/07\/la_hacienda_jardin_96-150x150.jpg\" class=\"attachment-thumbnail size-thumbnail\" alt=\"La Hacienda Jard\u00edn \/ Pr\u00e1ctica Arquitectura\" aria-describedby=\"gallery-3-76879\" \/><\/a>\n\t\t\t<\/div>\n\t\t\t\t<figcaption class='wp-caption-text gallery-caption' id='gallery-3-76879'>\n\t\t\t\tLa Hacienda Jard\u00edn \/ Pr\u00e1ctica Arquitectura (proceso constructivo)\n\t\t\t\t<\/figcaption><\/figure><figure class='gallery-item'>\n\t\t\t<div class='gallery-icon landscape'>\n\t\t\t\t<a href='https:\/\/www.arquimaster.com.ar\/web\/wp-content\/uploads\/2023\/07\/la_hacienda_jardin_97.jpg' title=\"La Hacienda Jard\u00edn \/ Pr\u00e1ctica Arquitectura (proceso constructivo)\" data-rl_title=\"La Hacienda Jard\u00edn \/ Pr\u00e1ctica Arquitectura (proceso constructivo)\" class=\"rl-gallery-link\" data-rl_caption=\"La Hacienda Jard\u00edn \/ Pr\u00e1ctica Arquitectura (proceso constructivo)\" data-rel=\"lightbox-gallery-3\"><img loading=\"lazy\" decoding=\"async\" width=\"150\" height=\"150\" src=\"https:\/\/www.arquimaster.com.ar\/web\/wp-content\/uploads\/2023\/07\/la_hacienda_jardin_97-150x150.jpg\" class=\"attachment-thumbnail size-thumbnail\" alt=\"La Hacienda Jard\u00edn \/ Pr\u00e1ctica Arquitectura\" aria-describedby=\"gallery-3-76880\" \/><\/a>\n\t\t\t<\/div>\n\t\t\t\t<figcaption class='wp-caption-text gallery-caption' id='gallery-3-76880'>\n\t\t\t\tLa Hacienda Jard\u00edn \/ Pr\u00e1ctica Arquitectura (proceso constructivo)\n\t\t\t\t<\/figcaption><\/figure><figure class='gallery-item'>\n\t\t\t<div class='gallery-icon landscape'>\n\t\t\t\t<a href='https:\/\/www.arquimaster.com.ar\/web\/wp-content\/uploads\/2023\/07\/la_hacienda_jardin_98.jpg' title=\"La Hacienda Jard\u00edn \/ Pr\u00e1ctica Arquitectura (proceso constructivo)\" data-rl_title=\"La Hacienda Jard\u00edn \/ Pr\u00e1ctica Arquitectura (proceso constructivo)\" class=\"rl-gallery-link\" data-rl_caption=\"La Hacienda Jard\u00edn \/ Pr\u00e1ctica Arquitectura (proceso constructivo)\" data-rel=\"lightbox-gallery-3\"><img loading=\"lazy\" decoding=\"async\" width=\"150\" height=\"150\" src=\"https:\/\/www.arquimaster.com.ar\/web\/wp-content\/uploads\/2023\/07\/la_hacienda_jardin_98-150x150.jpg\" class=\"attachment-thumbnail size-thumbnail\" alt=\"La Hacienda Jard\u00edn \/ Pr\u00e1ctica Arquitectura\" aria-describedby=\"gallery-3-76881\" \/><\/a>\n\t\t\t<\/div>\n\t\t\t\t<figcaption class='wp-caption-text gallery-caption' id='gallery-3-76881'>\n\t\t\t\tLa Hacienda Jard\u00edn \/ Pr\u00e1ctica Arquitectura (proceso constructivo)\n\t\t\t\t<\/figcaption><\/figure><figure class='gallery-item'>\n\t\t\t<div class='gallery-icon landscape'>\n\t\t\t\t<a href='https:\/\/www.arquimaster.com.ar\/web\/wp-content\/uploads\/2023\/07\/la_hacienda_jardin_99.jpg' title=\"La Hacienda Jard\u00edn \/ Pr\u00e1ctica Arquitectura (proceso constructivo)\" data-rl_title=\"La Hacienda Jard\u00edn \/ Pr\u00e1ctica Arquitectura (proceso constructivo)\" class=\"rl-gallery-link\" data-rl_caption=\"La Hacienda Jard\u00edn \/ Pr\u00e1ctica Arquitectura (proceso constructivo)\" data-rel=\"lightbox-gallery-3\"><img loading=\"lazy\" decoding=\"async\" width=\"150\" height=\"150\" src=\"https:\/\/www.arquimaster.com.ar\/web\/wp-content\/uploads\/2023\/07\/la_hacienda_jardin_99-150x150.jpg\" class=\"attachment-thumbnail size-thumbnail\" alt=\"La Hacienda Jard\u00edn \/ Pr\u00e1ctica Arquitectura\" aria-describedby=\"gallery-3-76882\" \/><\/a>\n\t\t\t<\/div>\n\t\t\t\t<figcaption class='wp-caption-text gallery-caption' id='gallery-3-76882'>\n\t\t\t\tLa Hacienda Jard\u00edn \/ Pr\u00e1ctica Arquitectura (proceso constructivo)\n\t\t\t\t<\/figcaption><\/figure><figure class='gallery-item'>\n\t\t\t<div class='gallery-icon landscape'>\n\t\t\t\t<a href='https:\/\/www.arquimaster.com.ar\/web\/wp-content\/uploads\/2023\/07\/la_hacienda_jardin_100.jpg' title=\"La Hacienda Jard\u00edn \/ Pr\u00e1ctica Arquitectura (proceso constructivo)\" data-rl_title=\"La Hacienda Jard\u00edn \/ Pr\u00e1ctica Arquitectura (proceso constructivo)\" class=\"rl-gallery-link\" data-rl_caption=\"La Hacienda Jard\u00edn \/ Pr\u00e1ctica Arquitectura (proceso constructivo)\" data-rel=\"lightbox-gallery-3\"><img loading=\"lazy\" decoding=\"async\" width=\"150\" height=\"150\" src=\"https:\/\/www.arquimaster.com.ar\/web\/wp-content\/uploads\/2023\/07\/la_hacienda_jardin_100-150x150.jpg\" class=\"attachment-thumbnail size-thumbnail\" alt=\"La Hacienda Jard\u00edn \/ Pr\u00e1ctica Arquitectura\" aria-describedby=\"gallery-3-76883\" \/><\/a>\n\t\t\t<\/div>\n\t\t\t\t<figcaption class='wp-caption-text gallery-caption' id='gallery-3-76883'>\n\t\t\t\tLa Hacienda Jard\u00edn \/ Pr\u00e1ctica Arquitectura (proceso constructivo)\n\t\t\t\t<\/figcaption><\/figure><figure class='gallery-item'>\n\t\t\t<div class='gallery-icon landscape'>\n\t\t\t\t<a href='https:\/\/www.arquimaster.com.ar\/web\/wp-content\/uploads\/2023\/07\/la_hacienda_jardin_101.jpg' title=\"La Hacienda Jard\u00edn \/ Pr\u00e1ctica Arquitectura (proceso constructivo)\" data-rl_title=\"La Hacienda Jard\u00edn \/ Pr\u00e1ctica Arquitectura (proceso constructivo)\" class=\"rl-gallery-link\" data-rl_caption=\"La Hacienda Jard\u00edn \/ Pr\u00e1ctica Arquitectura (proceso constructivo)\" data-rel=\"lightbox-gallery-3\"><img loading=\"lazy\" decoding=\"async\" width=\"150\" height=\"150\" src=\"https:\/\/www.arquimaster.com.ar\/web\/wp-content\/uploads\/2023\/07\/la_hacienda_jardin_101-150x150.jpg\" class=\"attachment-thumbnail size-thumbnail\" alt=\"La Hacienda Jard\u00edn \/ Pr\u00e1ctica Arquitectura\" aria-describedby=\"gallery-3-76884\" \/><\/a>\n\t\t\t<\/div>\n\t\t\t\t<figcaption class='wp-caption-text gallery-caption' id='gallery-3-76884'>\n\t\t\t\tLa Hacienda Jard\u00edn \/ Pr\u00e1ctica Arquitectura (proceso constructivo)\n\t\t\t\t<\/figcaption><\/figure><figure class='gallery-item'>\n\t\t\t<div class='gallery-icon landscape'>\n\t\t\t\t<a href='https:\/\/www.arquimaster.com.ar\/web\/wp-content\/uploads\/2023\/07\/la_hacienda_jardin_102.jpg' title=\"La Hacienda Jard\u00edn \/ Pr\u00e1ctica Arquitectura (proceso constructivo)\" data-rl_title=\"La Hacienda Jard\u00edn \/ Pr\u00e1ctica Arquitectura (proceso constructivo)\" class=\"rl-gallery-link\" data-rl_caption=\"La Hacienda Jard\u00edn \/ Pr\u00e1ctica Arquitectura (proceso constructivo)\" data-rel=\"lightbox-gallery-3\"><img loading=\"lazy\" decoding=\"async\" width=\"150\" height=\"150\" src=\"https:\/\/www.arquimaster.com.ar\/web\/wp-content\/uploads\/2023\/07\/la_hacienda_jardin_102-150x150.jpg\" class=\"attachment-thumbnail size-thumbnail\" alt=\"La Hacienda Jard\u00edn \/ Pr\u00e1ctica Arquitectura\" aria-describedby=\"gallery-3-76885\" \/><\/a>\n\t\t\t<\/div>\n\t\t\t\t<figcaption class='wp-caption-text gallery-caption' id='gallery-3-76885'>\n\t\t\t\tLa Hacienda Jard\u00edn \/ Pr\u00e1ctica Arquitectura (proceso constructivo)\n\t\t\t\t<\/figcaption><\/figure><figure class='gallery-item'>\n\t\t\t<div class='gallery-icon landscape'>\n\t\t\t\t<a href='https:\/\/www.arquimaster.com.ar\/web\/wp-content\/uploads\/2023\/07\/la_hacienda_jardin_103.jpg' title=\"La Hacienda Jard\u00edn \/ Pr\u00e1ctica Arquitectura (proceso constructivo)\" data-rl_title=\"La Hacienda Jard\u00edn \/ Pr\u00e1ctica Arquitectura (proceso constructivo)\" class=\"rl-gallery-link\" data-rl_caption=\"La Hacienda Jard\u00edn \/ Pr\u00e1ctica Arquitectura (proceso constructivo)\" data-rel=\"lightbox-gallery-3\"><img loading=\"lazy\" decoding=\"async\" width=\"150\" height=\"150\" src=\"https:\/\/www.arquimaster.com.ar\/web\/wp-content\/uploads\/2023\/07\/la_hacienda_jardin_103-150x150.jpg\" class=\"attachment-thumbnail size-thumbnail\" alt=\"La Hacienda Jard\u00edn \/ Pr\u00e1ctica Arquitectura\" aria-describedby=\"gallery-3-76886\" \/><\/a>\n\t\t\t<\/div>\n\t\t\t\t<figcaption class='wp-caption-text gallery-caption' id='gallery-3-76886'>\n\t\t\t\tLa Hacienda Jard\u00edn \/ Pr\u00e1ctica Arquitectura (proceso constructivo)\n\t\t\t\t<\/figcaption><\/figure><figure class='gallery-item'>\n\t\t\t<div class='gallery-icon landscape'>\n\t\t\t\t<a href='https:\/\/www.arquimaster.com.ar\/web\/wp-content\/uploads\/2023\/07\/la_hacienda_jardin_104.jpg' title=\"La Hacienda Jard\u00edn \/ Pr\u00e1ctica Arquitectura (proceso constructivo)\" data-rl_title=\"La Hacienda Jard\u00edn \/ Pr\u00e1ctica Arquitectura (proceso constructivo)\" class=\"rl-gallery-link\" data-rl_caption=\"La Hacienda Jard\u00edn \/ Pr\u00e1ctica Arquitectura (proceso constructivo)\" data-rel=\"lightbox-gallery-3\"><img loading=\"lazy\" decoding=\"async\" width=\"150\" height=\"150\" src=\"https:\/\/www.arquimaster.com.ar\/web\/wp-content\/uploads\/2023\/07\/la_hacienda_jardin_104-150x150.jpg\" class=\"attachment-thumbnail size-thumbnail\" alt=\"La Hacienda Jard\u00edn \/ Pr\u00e1ctica Arquitectura\" aria-describedby=\"gallery-3-76887\" \/><\/a>\n\t\t\t<\/div>\n\t\t\t\t<figcaption class='wp-caption-text gallery-caption' id='gallery-3-76887'>\n\t\t\t\tLa Hacienda Jard\u00edn \/ Pr\u00e1ctica Arquitectura (proceso constructivo)\n\t\t\t\t<\/figcaption><\/figure><figure class='gallery-item'>\n\t\t\t<div class='gallery-icon landscape'>\n\t\t\t\t<a href='https:\/\/www.arquimaster.com.ar\/web\/wp-content\/uploads\/2023\/07\/la_hacienda_jardin_105.jpg' title=\"La Hacienda Jard\u00edn \/ Pr\u00e1ctica Arquitectura (proceso constructivo)\" data-rl_title=\"La Hacienda Jard\u00edn \/ Pr\u00e1ctica Arquitectura (proceso constructivo)\" class=\"rl-gallery-link\" data-rl_caption=\"La Hacienda Jard\u00edn \/ Pr\u00e1ctica Arquitectura (proceso constructivo)\" data-rel=\"lightbox-gallery-3\"><img loading=\"lazy\" decoding=\"async\" width=\"150\" height=\"150\" src=\"https:\/\/www.arquimaster.com.ar\/web\/wp-content\/uploads\/2023\/07\/la_hacienda_jardin_105-150x150.jpg\" class=\"attachment-thumbnail size-thumbnail\" alt=\"La Hacienda Jard\u00edn \/ Pr\u00e1ctica Arquitectura\" aria-describedby=\"gallery-3-76888\" \/><\/a>\n\t\t\t<\/div>\n\t\t\t\t<figcaption class='wp-caption-text gallery-caption' id='gallery-3-76888'>\n\t\t\t\tLa Hacienda Jard\u00edn \/ Pr\u00e1ctica Arquitectura (proceso constructivo)\n\t\t\t\t<\/figcaption><\/figure><figure class='gallery-item'>\n\t\t\t<div class='gallery-icon portrait'>\n\t\t\t\t<a href='https:\/\/www.arquimaster.com.ar\/web\/wp-content\/uploads\/2023\/07\/la_hacienda_jardin_106.jpg' title=\"La Hacienda Jard\u00edn \/ Pr\u00e1ctica Arquitectura (proceso constructivo)\" data-rl_title=\"La Hacienda Jard\u00edn \/ Pr\u00e1ctica Arquitectura (proceso constructivo)\" class=\"rl-gallery-link\" data-rl_caption=\"La Hacienda Jard\u00edn \/ Pr\u00e1ctica Arquitectura (proceso constructivo)\" data-rel=\"lightbox-gallery-3\"><img loading=\"lazy\" decoding=\"async\" width=\"150\" height=\"150\" src=\"https:\/\/www.arquimaster.com.ar\/web\/wp-content\/uploads\/2023\/07\/la_hacienda_jardin_106-150x150.jpg\" class=\"attachment-thumbnail size-thumbnail\" alt=\"La Hacienda Jard\u00edn \/ Pr\u00e1ctica Arquitectura\" aria-describedby=\"gallery-3-76889\" \/><\/a>\n\t\t\t<\/div>\n\t\t\t\t<figcaption class='wp-caption-text gallery-caption' id='gallery-3-76889'>\n\t\t\t\tLa Hacienda Jard\u00edn \/ Pr\u00e1ctica Arquitectura (proceso constructivo)\n\t\t\t\t<\/figcaption><\/figure><figure class='gallery-item'>\n\t\t\t<div class='gallery-icon landscape'>\n\t\t\t\t<a href='https:\/\/www.arquimaster.com.ar\/web\/wp-content\/uploads\/2023\/07\/la_hacienda_jardin_107.jpg' title=\"La Hacienda Jard\u00edn \/ Pr\u00e1ctica Arquitectura (proceso constructivo)\" data-rl_title=\"La Hacienda Jard\u00edn \/ Pr\u00e1ctica Arquitectura (proceso constructivo)\" class=\"rl-gallery-link\" data-rl_caption=\"La Hacienda Jard\u00edn \/ Pr\u00e1ctica Arquitectura (proceso constructivo)\" data-rel=\"lightbox-gallery-3\"><img loading=\"lazy\" decoding=\"async\" width=\"150\" height=\"150\" src=\"https:\/\/www.arquimaster.com.ar\/web\/wp-content\/uploads\/2023\/07\/la_hacienda_jardin_107-150x150.jpg\" class=\"attachment-thumbnail size-thumbnail\" alt=\"La Hacienda Jard\u00edn \/ Pr\u00e1ctica Arquitectura\" aria-describedby=\"gallery-3-76890\" \/><\/a>\n\t\t\t<\/div>\n\t\t\t\t<figcaption class='wp-caption-text gallery-caption' id='gallery-3-76890'>\n\t\t\t\tLa Hacienda Jard\u00edn \/ Pr\u00e1ctica Arquitectura (proceso constructivo)\n\t\t\t\t<\/figcaption><\/figure>\n\t\t<\/div>\n\n<p><strong>Materialidad<\/strong><br \/>Los materiales elaboran un di\u00e1logo directo con el lugar, la tierra, el clima y el paisaje. El muro perimetral de piedra volc\u00e1nica texcal contiene y cobija todos los espacios construidos. La madera de pino duranguense figura como la estructura principal del proyecto y se vuelve el material protag\u00f3nico al interior mediante vigas y polines; la madera de huanacaxtle figura en las celos\u00edas y en acabados. Los pisos de loseta de barro cocido, la cubierta de teja y los muros de ladrillo y chukum crean una paleta crom\u00e1tica sensible al uso espec\u00edfico de cada \u00e1rea.<\/p>\n<p><strong>Distribuci\u00f3n y circulaciones<\/strong><br \/>Constituido por estos dos elementos coordinantes, el patio central y volumen perif\u00e9rico, el dise\u00f1o manifiesta la conexi\u00f3n persistente entre ambos. El acceso principal en la esquina, consciente de su emplazamiento, resuelve de manera armoniosa la relaci\u00f3n que se tiene con el contexto inmediato, abri\u00e9ndose hacia \u00e9l. La distribuci\u00f3n en la barda perimetral y la definici\u00f3n del esquema en planta despliegan los muros en forma de grapa y celos\u00edas que producen juegos de luces y sombras.<\/p>\n<p>Su desconexi\u00f3n del techo brinda una sensaci\u00f3n de ligereza, generando un ba\u00f1o de luz interno homog\u00e9neo por medio de p\u00e9rgolas. Los recorridos internos evocan diversas experiencias sensoriales dependiendo de la direcci\u00f3n que se elija para ellos. Inmediatamente a la derecha de la entrada se localizan los cuartos secundarios orientados a un jard\u00edn privado que brinda una experiencia distinta al central.<\/p>\n<p>En la continuidad de este tr\u00e1nsito perimetral, se encuentra una serie de terrazas y estancias comunes que contemplan la naturaleza y terminan en el acceso al cuarto principal en planta alta, elemento contemplativo de La Hacienda Jard\u00edn y el Tepozteco. De nuevo en planta baja, el segmento contiguo configura espacios p\u00fablicos en estancias semi-cerradas, proponiendo una intimidad distinta al resto. Finalmente, la \u00faltima secci\u00f3n, conectada a la puerta principal, consiste de la cocina, el comedor y una sala; dispuestos para generar un balance de los distintos elementos.<\/p>\n<p><strong>Sostenibilidad<\/strong><br \/>Finalmente, existen soluciones activas y pasivas en temas de sostenibilidad. Por una parte, se introdujeron sistemas el\u00e9ctricos con paneles y calentadores solares, drenaje con una fosa s\u00e9ptica controlada, riego con sistemas de captaci\u00f3n de agua y pozos de absorci\u00f3n naturales; por otra, se manej\u00f3 entrada y control de luz y ventilaci\u00f3n natural a todos los espacios, mientras que la vegetaci\u00f3n ayuda a mantener un ambiente interno estable, propiciando un microclima agradable.<\/p>\n<p><strong>Fomentar la calma<\/strong><br \/>La Hacienda ofrece un espacio cl\u00e1sico mexicano, reinterpretado en un papel moderno que combina la funci\u00f3n con la forma en un di\u00e1logo contextual. La casa manifiesta la postura que se tiene hacia el habitar. En una zona donde la se\u00f1al del celular es muy baja, la luz el\u00e9ctrica fluct\u00faa y en temporada de secas hay poca agua, el proyecto pone \u00e9nfasis en fomentar y hacer accesible aquello que siempre estuvo ah\u00ed; la monta\u00f1a, la naturaleza y la calma a trav\u00e9s de sus paisajes, distribuci\u00f3n, materiales, fronteras program\u00e1ticas y tipolog\u00eda.<\/p>\n<p>El proyecto obtuvo el premio Design of the Year 2022 por el DNA Paris Design Awards, convirti\u00e9ndose en el primer proyecto residencial en lograrlo. Adicionalmente fue ganador, en la misma categor\u00eda, en el Architecture MasterPrize. A nivel nacional, obtuvo podio en tres de los premios de arquitectura y dise\u00f1o m\u00e1s importantes de M\u00e9xico. <\/p>\n\n\n<div style=\"height:20px\" aria-hidden=\"true\" class=\"wp-block-spacer\"><\/div>\n\n\n\n<p class=\"has-background\" style=\"background-color:#eaeaea\"><strong>Ficha t\u00e9cnica<\/strong><br>Nombre: La Hacienda Jard\u00edn<br>Ubicaci\u00f3n: Tepoztl\u00e1n, Morelos, M\u00e9xico<br>Oficina de arquitectura: Pr\u00e1ctica Arquitectura<br>Arquitecto: David Mart\u00ednez Ramos<br>Equipo de dise\u00f1o: Jos\u00e9 Flores Buzo, Eduardo Sosa, Andr\u00e9s Dillon<br>Carpinter\u00eda estructural y fina: L atelier &#8211; Julien Pinon<br>Paisaje: David Mart\u00ednez Ramos<br>Obra: CS8X &#8211; Carlos Sanorte<br>Superficie: 1270 m2<br>Construcci\u00f3n: 750 m2<br>A\u00f1o: 2021<br>Fotograf\u00eda: C\u00e9sar B\u00e9jar, Oscar Hern\u00e1ndez<br>Textos: Pablo Goldin, David Mart\u00ednez<br><br><strong>Contacto<\/strong><br><a href=\"https:\/\/www.practicaarquitectura.com\" target=\"_blank\" rel=\"noreferrer noopener\">https:\/\/www.practicaarquitectura.com<\/a><\/p>\n\n\n\n<div style=\"height:40px\" aria-hidden=\"true\" class=\"wp-block-spacer\"><\/div>\n\n<div style=\"font-size: 0px; height: 0px; line-height: 0px; margin: 0; padding: 0; clear: both;\"><\/div><div style=\"margin-top: 0px; margin-bottom: 0px;\" class=\"sharethis-inline-share-buttons\" ><\/div>","protected":false},"excerpt":{"rendered":"<p>Un espacio cl\u00e1sico mexicano, reinterpretado en un papel moderno&#8230;<\/p>\n","protected":false},"author":1,"featured_media":76783,"comment_status":"closed","ping_status":"closed","sticky":false,"template":"","format":"standard","meta":{"_uag_custom_page_level_css":"","footnotes":""},"categories":[1,251],"tags":[4282,2157,2156,7400,7719,7720,24,2187,7718,4276,6471],"class_list":["post-76782","post","type-post","status-publish","format-standard","has-post-thumbnail","hentry","category-proyecto","category-casas-de-playa","tag-arquitectura-residencial","tag-casa-de-descanso","tag-casa-de-fin-de-semana","tag-casa-de-vacaciones","tag-david-martinez-ramos","tag-hacienda","tag-mexico","tag-morelos","tag-practica-arquitectura","tag-tepoztlan","tag-vivienda-no-permanente","generate-columns","tablet-grid-50","mobile-grid-100","grid-parent","grid-50"],"yoast_head":"<!-- This site is optimized with the Yoast SEO plugin v27.3 - https:\/\/yoast.com\/product\/yoast-seo-wordpress\/ -->\n<title>La Hacienda Jard\u00edn \/ Pr\u00e1ctica Arquitectura - Arquimaster<\/title>\n<meta name=\"description\" content=\"Un espacio cl\u00e1sico mexicano, reinterpretado en un papel moderno que combina la funci\u00f3n con la forma en un di\u00e1logo contextual.\" \/>\n<meta name=\"robots\" content=\"index, follow, max-snippet:-1, max-image-preview:large, max-video-preview:-1\" \/>\n<link rel=\"canonical\" href=\"https:\/\/www.arquimaster.com.ar\/web\/la-hacienda-jardin-practica-arquitectura\/\" \/>\n<meta property=\"og:locale\" content=\"es_ES\" \/>\n<meta property=\"og:type\" content=\"article\" \/>\n<meta property=\"og:title\" content=\"La Hacienda Jard\u00edn \/ Pr\u00e1ctica Arquitectura\" \/>\n<meta property=\"og:description\" content=\"Un espacio cl\u00e1sico mexicano, reinterpretado en un papel moderno que combina la funci\u00f3n con la forma en un di\u00e1logo contextual.\" \/>\n<meta property=\"og:url\" content=\"https:\/\/www.arquimaster.com.ar\/web\/la-hacienda-jardin-practica-arquitectura\/\" \/>\n<meta property=\"og:site_name\" content=\"Arquimaster\" \/>\n<meta property=\"article:publisher\" content=\"http:\/\/www.facebook.com\/ARQUIMASTER.com.ar\" \/>\n<meta property=\"article:published_time\" content=\"2023-07-21T02:14:51+00:00\" \/>\n<meta property=\"article:modified_time\" content=\"2023-08-23T19:05:07+00:00\" \/>\n<meta property=\"og:image\" content=\"https:\/\/www.arquimaster.com.ar\/web\/wp-content\/uploads\/2023\/07\/la_hacienda_jardin_slide.jpg\" \/>\n\t<meta property=\"og:image:width\" content=\"698\" \/>\n\t<meta property=\"og:image:height\" content=\"364\" \/>\n\t<meta property=\"og:image:type\" content=\"image\/jpeg\" \/>\n<meta name=\"author\" content=\"Arquimaster\" \/>\n<meta name=\"twitter:card\" content=\"summary_large_image\" \/>\n<meta name=\"twitter:title\" content=\"La Hacienda Jard\u00edn \/ Pr\u00e1ctica Arquitectura\" \/>\n<meta name=\"twitter:description\" content=\"Un espacio cl\u00e1sico mexicano, reinterpretado en un papel moderno que combina la funci\u00f3n con la forma en un di\u00e1logo contextual.\" \/>\n<meta name=\"twitter:image\" content=\"https:\/\/www.arquimaster.com.ar\/web\/wp-content\/uploads\/2023\/07\/la_hacienda_jardin_slide.jpg\" \/>\n<meta name=\"twitter:creator\" content=\"@arquimaster\" \/>\n<meta name=\"twitter:site\" content=\"@arquimaster\" \/>\n<meta name=\"twitter:label1\" content=\"Escrito por\" \/>\n\t<meta name=\"twitter:data1\" content=\"Arquimaster\" \/>\n\t<meta name=\"twitter:label2\" content=\"Tiempo de lectura\" \/>\n\t<meta name=\"twitter:data2\" content=\"6 minutos\" \/>\n<script type=\"application\/ld+json\" class=\"yoast-schema-graph\">{\"@context\":\"https:\\\/\\\/schema.org\",\"@graph\":[{\"@type\":\"Article\",\"@id\":\"https:\\\/\\\/www.arquimaster.com.ar\\\/web\\\/la-hacienda-jardin-practica-arquitectura\\\/#article\",\"isPartOf\":{\"@id\":\"https:\\\/\\\/www.arquimaster.com.ar\\\/web\\\/la-hacienda-jardin-practica-arquitectura\\\/\"},\"author\":{\"name\":\"Arquimaster\",\"@id\":\"https:\\\/\\\/www.arquimaster.com.ar\\\/web\\\/#\\\/schema\\\/person\\\/359e9f7c00193fcde068e0dd2ceb0028\"},\"headline\":\"La Hacienda Jard\u00edn \\\/ Pr\u00e1ctica Arquitectura\",\"datePublished\":\"2023-07-21T02:14:51+00:00\",\"dateModified\":\"2023-08-23T19:05:07+00:00\",\"mainEntityOfPage\":{\"@id\":\"https:\\\/\\\/www.arquimaster.com.ar\\\/web\\\/la-hacienda-jardin-practica-arquitectura\\\/\"},\"wordCount\":1364,\"publisher\":{\"@id\":\"https:\\\/\\\/www.arquimaster.com.ar\\\/web\\\/#organization\"},\"image\":{\"@id\":\"https:\\\/\\\/www.arquimaster.com.ar\\\/web\\\/la-hacienda-jardin-practica-arquitectura\\\/#primaryimage\"},\"thumbnailUrl\":\"https:\\\/\\\/www.arquimaster.com.ar\\\/web\\\/wp-content\\\/uploads\\\/2023\\\/07\\\/la_hacienda_jardin_slide.jpg\",\"keywords\":[\"arquitectura residencial\",\"casa de descanso\",\"casa de fin de semana\",\"casa de vacaciones\",\"David Mart\u00ednez Ramos\",\"hacienda\",\"Mexico\",\"Morelos\",\"Pr\u00e1ctica Arquitectura\",\"Tepoztl\u00e1n\",\"vivienda no permanente\"],\"articleSection\":[\"Proyecto\",\"Vivienda no permanente\"],\"inLanguage\":\"es\"},{\"@type\":\"WebPage\",\"@id\":\"https:\\\/\\\/www.arquimaster.com.ar\\\/web\\\/la-hacienda-jardin-practica-arquitectura\\\/\",\"url\":\"https:\\\/\\\/www.arquimaster.com.ar\\\/web\\\/la-hacienda-jardin-practica-arquitectura\\\/\",\"name\":\"La Hacienda Jard\u00edn \\\/ Pr\u00e1ctica Arquitectura - Arquimaster\",\"isPartOf\":{\"@id\":\"https:\\\/\\\/www.arquimaster.com.ar\\\/web\\\/#website\"},\"primaryImageOfPage\":{\"@id\":\"https:\\\/\\\/www.arquimaster.com.ar\\\/web\\\/la-hacienda-jardin-practica-arquitectura\\\/#primaryimage\"},\"image\":{\"@id\":\"https:\\\/\\\/www.arquimaster.com.ar\\\/web\\\/la-hacienda-jardin-practica-arquitectura\\\/#primaryimage\"},\"thumbnailUrl\":\"https:\\\/\\\/www.arquimaster.com.ar\\\/web\\\/wp-content\\\/uploads\\\/2023\\\/07\\\/la_hacienda_jardin_slide.jpg\",\"datePublished\":\"2023-07-21T02:14:51+00:00\",\"dateModified\":\"2023-08-23T19:05:07+00:00\",\"description\":\"Un espacio cl\u00e1sico mexicano, reinterpretado en un papel moderno que combina la funci\u00f3n con la forma en un di\u00e1logo contextual.\",\"breadcrumb\":{\"@id\":\"https:\\\/\\\/www.arquimaster.com.ar\\\/web\\\/la-hacienda-jardin-practica-arquitectura\\\/#breadcrumb\"},\"inLanguage\":\"es\",\"potentialAction\":[{\"@type\":\"ReadAction\",\"target\":[\"https:\\\/\\\/www.arquimaster.com.ar\\\/web\\\/la-hacienda-jardin-practica-arquitectura\\\/\"]}]},{\"@type\":\"ImageObject\",\"inLanguage\":\"es\",\"@id\":\"https:\\\/\\\/www.arquimaster.com.ar\\\/web\\\/la-hacienda-jardin-practica-arquitectura\\\/#primaryimage\",\"url\":\"https:\\\/\\\/www.arquimaster.com.ar\\\/web\\\/wp-content\\\/uploads\\\/2023\\\/07\\\/la_hacienda_jardin_slide.jpg\",\"contentUrl\":\"https:\\\/\\\/www.arquimaster.com.ar\\\/web\\\/wp-content\\\/uploads\\\/2023\\\/07\\\/la_hacienda_jardin_slide.jpg\",\"width\":698,\"height\":364,\"caption\":\"La Hacienda Jard\u00edn \\\/ Pr\u00e1ctica Arquitectura\"},{\"@type\":\"BreadcrumbList\",\"@id\":\"https:\\\/\\\/www.arquimaster.com.ar\\\/web\\\/la-hacienda-jardin-practica-arquitectura\\\/#breadcrumb\",\"itemListElement\":[{\"@type\":\"ListItem\",\"position\":1,\"name\":\"Portada\",\"item\":\"https:\\\/\\\/www.arquimaster.com.ar\\\/web\\\/\"},{\"@type\":\"ListItem\",\"position\":2,\"name\":\"La Hacienda Jard\u00edn \\\/ Pr\u00e1ctica Arquitectura\"}]},{\"@type\":\"WebSite\",\"@id\":\"https:\\\/\\\/www.arquimaster.com.ar\\\/web\\\/#website\",\"url\":\"https:\\\/\\\/www.arquimaster.com.ar\\\/web\\\/\",\"name\":\"Arquimaster\",\"description\":\"Web de arquitectura, dise\u00f1o y construccion\",\"publisher\":{\"@id\":\"https:\\\/\\\/www.arquimaster.com.ar\\\/web\\\/#organization\"},\"potentialAction\":[{\"@type\":\"SearchAction\",\"target\":{\"@type\":\"EntryPoint\",\"urlTemplate\":\"https:\\\/\\\/www.arquimaster.com.ar\\\/web\\\/?s={search_term_string}\"},\"query-input\":{\"@type\":\"PropertyValueSpecification\",\"valueRequired\":true,\"valueName\":\"search_term_string\"}}],\"inLanguage\":\"es\"},{\"@type\":\"Organization\",\"@id\":\"https:\\\/\\\/www.arquimaster.com.ar\\\/web\\\/#organization\",\"name\":\"Arquimaster\",\"url\":\"https:\\\/\\\/www.arquimaster.com.ar\\\/web\\\/\",\"logo\":{\"@type\":\"ImageObject\",\"inLanguage\":\"es\",\"@id\":\"https:\\\/\\\/www.arquimaster.com.ar\\\/web\\\/#\\\/schema\\\/logo\\\/image\\\/\",\"url\":\"https:\\\/\\\/www.arquimaster.com.ar\\\/web\\\/wp-content\\\/uploads\\\/2022\\\/06\\\/arquimaster.png\",\"contentUrl\":\"https:\\\/\\\/www.arquimaster.com.ar\\\/web\\\/wp-content\\\/uploads\\\/2022\\\/06\\\/arquimaster.png\",\"width\":594,\"height\":78,\"caption\":\"Arquimaster\"},\"image\":{\"@id\":\"https:\\\/\\\/www.arquimaster.com.ar\\\/web\\\/#\\\/schema\\\/logo\\\/image\\\/\"},\"sameAs\":[\"http:\\\/\\\/www.facebook.com\\\/ARQUIMASTER.com.ar\",\"https:\\\/\\\/x.com\\\/arquimaster\",\"https:\\\/\\\/www.instagram.com\\\/arquimasterblog\\\/\",\"https:\\\/\\\/www.linkedin.com\\\/company\\\/arquimaster\",\"https:\\\/\\\/www.pinterest.com\\\/arquimaster\",\"https:\\\/\\\/t.me\\\/arquimaster\"]},{\"@type\":\"Person\",\"@id\":\"https:\\\/\\\/www.arquimaster.com.ar\\\/web\\\/#\\\/schema\\\/person\\\/359e9f7c00193fcde068e0dd2ceb0028\",\"name\":\"Arquimaster\"}]}<\/script>\n<!-- \/ Yoast SEO plugin. -->","yoast_head_json":{"title":"La Hacienda Jard\u00edn \/ Pr\u00e1ctica Arquitectura - Arquimaster","description":"Un espacio cl\u00e1sico mexicano, reinterpretado en un papel moderno que combina la funci\u00f3n con la forma en un di\u00e1logo contextual.","robots":{"index":"index","follow":"follow","max-snippet":"max-snippet:-1","max-image-preview":"max-image-preview:large","max-video-preview":"max-video-preview:-1"},"canonical":"https:\/\/www.arquimaster.com.ar\/web\/la-hacienda-jardin-practica-arquitectura\/","og_locale":"es_ES","og_type":"article","og_title":"La Hacienda Jard\u00edn \/ Pr\u00e1ctica Arquitectura","og_description":"Un espacio cl\u00e1sico mexicano, reinterpretado en un papel moderno que combina la funci\u00f3n con la forma en un di\u00e1logo contextual.","og_url":"https:\/\/www.arquimaster.com.ar\/web\/la-hacienda-jardin-practica-arquitectura\/","og_site_name":"Arquimaster","article_publisher":"http:\/\/www.facebook.com\/ARQUIMASTER.com.ar","article_published_time":"2023-07-21T02:14:51+00:00","article_modified_time":"2023-08-23T19:05:07+00:00","og_image":[{"width":698,"height":364,"url":"https:\/\/www.arquimaster.com.ar\/web\/wp-content\/uploads\/2023\/07\/la_hacienda_jardin_slide.jpg","type":"image\/jpeg"}],"author":"Arquimaster","twitter_card":"summary_large_image","twitter_title":"La Hacienda Jard\u00edn \/ Pr\u00e1ctica Arquitectura","twitter_description":"Un espacio cl\u00e1sico mexicano, reinterpretado en un papel moderno que combina la funci\u00f3n con la forma en un di\u00e1logo contextual.","twitter_image":"https:\/\/www.arquimaster.com.ar\/web\/wp-content\/uploads\/2023\/07\/la_hacienda_jardin_slide.jpg","twitter_creator":"@arquimaster","twitter_site":"@arquimaster","twitter_misc":{"Escrito por":"Arquimaster","Tiempo de lectura":"6 minutos"},"schema":{"@context":"https:\/\/schema.org","@graph":[{"@type":"Article","@id":"https:\/\/www.arquimaster.com.ar\/web\/la-hacienda-jardin-practica-arquitectura\/#article","isPartOf":{"@id":"https:\/\/www.arquimaster.com.ar\/web\/la-hacienda-jardin-practica-arquitectura\/"},"author":{"name":"Arquimaster","@id":"https:\/\/www.arquimaster.com.ar\/web\/#\/schema\/person\/359e9f7c00193fcde068e0dd2ceb0028"},"headline":"La Hacienda Jard\u00edn \/ Pr\u00e1ctica Arquitectura","datePublished":"2023-07-21T02:14:51+00:00","dateModified":"2023-08-23T19:05:07+00:00","mainEntityOfPage":{"@id":"https:\/\/www.arquimaster.com.ar\/web\/la-hacienda-jardin-practica-arquitectura\/"},"wordCount":1364,"publisher":{"@id":"https:\/\/www.arquimaster.com.ar\/web\/#organization"},"image":{"@id":"https:\/\/www.arquimaster.com.ar\/web\/la-hacienda-jardin-practica-arquitectura\/#primaryimage"},"thumbnailUrl":"https:\/\/www.arquimaster.com.ar\/web\/wp-content\/uploads\/2023\/07\/la_hacienda_jardin_slide.jpg","keywords":["arquitectura residencial","casa de descanso","casa de fin de semana","casa de vacaciones","David Mart\u00ednez Ramos","hacienda","Mexico","Morelos","Pr\u00e1ctica Arquitectura","Tepoztl\u00e1n","vivienda no permanente"],"articleSection":["Proyecto","Vivienda no permanente"],"inLanguage":"es"},{"@type":"WebPage","@id":"https:\/\/www.arquimaster.com.ar\/web\/la-hacienda-jardin-practica-arquitectura\/","url":"https:\/\/www.arquimaster.com.ar\/web\/la-hacienda-jardin-practica-arquitectura\/","name":"La Hacienda Jard\u00edn \/ Pr\u00e1ctica Arquitectura - Arquimaster","isPartOf":{"@id":"https:\/\/www.arquimaster.com.ar\/web\/#website"},"primaryImageOfPage":{"@id":"https:\/\/www.arquimaster.com.ar\/web\/la-hacienda-jardin-practica-arquitectura\/#primaryimage"},"image":{"@id":"https:\/\/www.arquimaster.com.ar\/web\/la-hacienda-jardin-practica-arquitectura\/#primaryimage"},"thumbnailUrl":"https:\/\/www.arquimaster.com.ar\/web\/wp-content\/uploads\/2023\/07\/la_hacienda_jardin_slide.jpg","datePublished":"2023-07-21T02:14:51+00:00","dateModified":"2023-08-23T19:05:07+00:00","description":"Un espacio cl\u00e1sico mexicano, reinterpretado en un papel moderno que combina la funci\u00f3n con la forma en un di\u00e1logo contextual.","breadcrumb":{"@id":"https:\/\/www.arquimaster.com.ar\/web\/la-hacienda-jardin-practica-arquitectura\/#breadcrumb"},"inLanguage":"es","potentialAction":[{"@type":"ReadAction","target":["https:\/\/www.arquimaster.com.ar\/web\/la-hacienda-jardin-practica-arquitectura\/"]}]},{"@type":"ImageObject","inLanguage":"es","@id":"https:\/\/www.arquimaster.com.ar\/web\/la-hacienda-jardin-practica-arquitectura\/#primaryimage","url":"https:\/\/www.arquimaster.com.ar\/web\/wp-content\/uploads\/2023\/07\/la_hacienda_jardin_slide.jpg","contentUrl":"https:\/\/www.arquimaster.com.ar\/web\/wp-content\/uploads\/2023\/07\/la_hacienda_jardin_slide.jpg","width":698,"height":364,"caption":"La Hacienda Jard\u00edn \/ Pr\u00e1ctica Arquitectura"},{"@type":"BreadcrumbList","@id":"https:\/\/www.arquimaster.com.ar\/web\/la-hacienda-jardin-practica-arquitectura\/#breadcrumb","itemListElement":[{"@type":"ListItem","position":1,"name":"Portada","item":"https:\/\/www.arquimaster.com.ar\/web\/"},{"@type":"ListItem","position":2,"name":"La Hacienda Jard\u00edn \/ Pr\u00e1ctica Arquitectura"}]},{"@type":"WebSite","@id":"https:\/\/www.arquimaster.com.ar\/web\/#website","url":"https:\/\/www.arquimaster.com.ar\/web\/","name":"Arquimaster","description":"Web de arquitectura, dise\u00f1o y construccion","publisher":{"@id":"https:\/\/www.arquimaster.com.ar\/web\/#organization"},"potentialAction":[{"@type":"SearchAction","target":{"@type":"EntryPoint","urlTemplate":"https:\/\/www.arquimaster.com.ar\/web\/?s={search_term_string}"},"query-input":{"@type":"PropertyValueSpecification","valueRequired":true,"valueName":"search_term_string"}}],"inLanguage":"es"},{"@type":"Organization","@id":"https:\/\/www.arquimaster.com.ar\/web\/#organization","name":"Arquimaster","url":"https:\/\/www.arquimaster.com.ar\/web\/","logo":{"@type":"ImageObject","inLanguage":"es","@id":"https:\/\/www.arquimaster.com.ar\/web\/#\/schema\/logo\/image\/","url":"https:\/\/www.arquimaster.com.ar\/web\/wp-content\/uploads\/2022\/06\/arquimaster.png","contentUrl":"https:\/\/www.arquimaster.com.ar\/web\/wp-content\/uploads\/2022\/06\/arquimaster.png","width":594,"height":78,"caption":"Arquimaster"},"image":{"@id":"https:\/\/www.arquimaster.com.ar\/web\/#\/schema\/logo\/image\/"},"sameAs":["http:\/\/www.facebook.com\/ARQUIMASTER.com.ar","https:\/\/x.com\/arquimaster","https:\/\/www.instagram.com\/arquimasterblog\/","https:\/\/www.linkedin.com\/company\/arquimaster","https:\/\/www.pinterest.com\/arquimaster","https:\/\/t.me\/arquimaster"]},{"@type":"Person","@id":"https:\/\/www.arquimaster.com.ar\/web\/#\/schema\/person\/359e9f7c00193fcde068e0dd2ceb0028","name":"Arquimaster"}]}},"uagb_featured_image_src":{"full":["https:\/\/www.arquimaster.com.ar\/web\/wp-content\/uploads\/2023\/07\/la_hacienda_jardin_slide.jpg",698,364,false],"thumbnail":["https:\/\/www.arquimaster.com.ar\/web\/wp-content\/uploads\/2023\/07\/la_hacienda_jardin_slide-150x150.jpg",150,150,true],"medium":["https:\/\/www.arquimaster.com.ar\/web\/wp-content\/uploads\/2023\/07\/la_hacienda_jardin_slide.jpg",698,364,false],"medium_large":["https:\/\/www.arquimaster.com.ar\/web\/wp-content\/uploads\/2023\/07\/la_hacienda_jardin_slide.jpg",698,364,false],"large":["https:\/\/www.arquimaster.com.ar\/web\/wp-content\/uploads\/2023\/07\/la_hacienda_jardin_slide.jpg",698,364,false],"1536x1536":["https:\/\/www.arquimaster.com.ar\/web\/wp-content\/uploads\/2023\/07\/la_hacienda_jardin_slide.jpg",698,364,false],"2048x2048":["https:\/\/www.arquimaster.com.ar\/web\/wp-content\/uploads\/2023\/07\/la_hacienda_jardin_slide.jpg",698,364,false]},"uagb_author_info":{"display_name":"Arquimaster","author_link":"https:\/\/www.arquimaster.com.ar\/web\/author\/arquimaster\/"},"uagb_comment_info":0,"uagb_excerpt":"Un espacio cl\u00e1sico mexicano, reinterpretado en un papel moderno...","_links":{"self":[{"href":"https:\/\/www.arquimaster.com.ar\/web\/wp-json\/wp\/v2\/posts\/76782","targetHints":{"allow":["GET"]}}],"collection":[{"href":"https:\/\/www.arquimaster.com.ar\/web\/wp-json\/wp\/v2\/posts"}],"about":[{"href":"https:\/\/www.arquimaster.com.ar\/web\/wp-json\/wp\/v2\/types\/post"}],"author":[{"embeddable":true,"href":"https:\/\/www.arquimaster.com.ar\/web\/wp-json\/wp\/v2\/users\/1"}],"replies":[{"embeddable":true,"href":"https:\/\/www.arquimaster.com.ar\/web\/wp-json\/wp\/v2\/comments?post=76782"}],"version-history":[{"count":1,"href":"https:\/\/www.arquimaster.com.ar\/web\/wp-json\/wp\/v2\/posts\/76782\/revisions"}],"predecessor-version":[{"id":76891,"href":"https:\/\/www.arquimaster.com.ar\/web\/wp-json\/wp\/v2\/posts\/76782\/revisions\/76891"}],"wp:featuredmedia":[{"embeddable":true,"href":"https:\/\/www.arquimaster.com.ar\/web\/wp-json\/wp\/v2\/media\/76783"}],"wp:attachment":[{"href":"https:\/\/www.arquimaster.com.ar\/web\/wp-json\/wp\/v2\/media?parent=76782"}],"wp:term":[{"taxonomy":"category","embeddable":true,"href":"https:\/\/www.arquimaster.com.ar\/web\/wp-json\/wp\/v2\/categories?post=76782"},{"taxonomy":"post_tag","embeddable":true,"href":"https:\/\/www.arquimaster.com.ar\/web\/wp-json\/wp\/v2\/tags?post=76782"}],"curies":[{"name":"wp","href":"https:\/\/api.w.org\/{rel}","templated":true}]}}