{"id":77186,"date":"2023-08-17T18:58:20","date_gmt":"2023-08-17T21:58:20","guid":{"rendered":"https:\/\/www.arquimaster.com.ar\/web\/?p=77186"},"modified":"2023-09-01T14:18:54","modified_gmt":"2023-09-01T17:18:54","slug":"restaurante-ajoblanco-din-interiorismo","status":"publish","type":"post","link":"https:\/\/www.arquimaster.com.ar\/web\/restaurante-ajoblanco-din-interiorismo\/","title":{"rendered":"Restaurante Ajoblanco \/ DIN interiorismo"},"content":{"rendered":"<div style=\"margin-top: 0px; margin-bottom: 0px;\" class=\"sharethis-inline-share-buttons\" ><\/div><div class=\"b812932af2e751442846f039925109de\" data-index=\"1\" style=\"float: none; margin:25px 0 25px 0; text-align:center;\">\n<script async src=\"https:\/\/pagead2.googlesyndication.com\/pagead\/js\/adsbygoogle.js\"><\/script>\r\n<!-- Arquimaster (superior) -->\r\n<ins class=\"adsbygoogle\"\r\n     style=\"display:block\"\r\n     data-ad-client=\"ca-pub-6351072698456832\"\r\n     data-ad-slot=\"6455489680\"\r\n     data-ad-format=\"auto\"\r\n     data-full-width-responsive=\"true\"><\/ins>\r\n<script>\r\n     (adsbygoogle = window.adsbygoogle || []).push({});\r\n<\/script>\n<\/div>\n<p><strong>Restaurante Ajoblanco<\/strong> (Ciudad de M\u00e9xico, M\u00e9xico) por <strong>DIN interiorismo<\/strong>. Ajoblanco es un restaurante de cocina mediterr\u00e1nea espa\u00f1ola que solicit\u00f3 al equipo de DIN interiorismo desarrollar un dise\u00f1o que se relacionara con su men\u00fa. El mar mediterr\u00e1neo que ba\u00f1a las costas espa\u00f1olas fue el concepto que defini\u00f3 la paleta de color y los elementos utilizados para dar forma al interiorismo de este proyecto.<\/p>\n<div id='gallery-1' class='gallery galleryid-77186 gallery-columns-3 gallery-size-thumbnail'><figure class='gallery-item'>\n\t\t\t<div class='gallery-icon landscape'>\n\t\t\t\t<a href='https:\/\/www.arquimaster.com.ar\/web\/wp-content\/uploads\/2023\/08\/restaurante_ajoblanco1.jpg' title=\"Restaurante Ajoblanco \/ DIN interiorismo (\u00a9 Aldo Gracia)\" data-rl_title=\"Restaurante Ajoblanco \/ DIN interiorismo (\u00a9 Aldo Gracia)\" class=\"rl-gallery-link\" data-rl_caption=\"Restaurante Ajoblanco \/ DIN interiorismo (\u00a9 Aldo Gracia)\" data-rel=\"lightbox-gallery-1\"><img loading=\"lazy\" decoding=\"async\" width=\"150\" height=\"150\" src=\"https:\/\/www.arquimaster.com.ar\/web\/wp-content\/uploads\/2023\/08\/restaurante_ajoblanco1-150x150.jpg\" class=\"attachment-thumbnail size-thumbnail\" alt=\"Restaurante Ajoblanco \/ DIN interiorismo\" aria-describedby=\"gallery-1-77188\" \/><\/a>\n\t\t\t<\/div>\n\t\t\t\t<figcaption class='wp-caption-text gallery-caption' id='gallery-1-77188'>\n\t\t\t\tRestaurante Ajoblanco \/ DIN interiorismo (\u00a9 Aldo Gracia)\n\t\t\t\t<\/figcaption><\/figure><figure class='gallery-item'>\n\t\t\t<div class='gallery-icon portrait'>\n\t\t\t\t<a href='https:\/\/www.arquimaster.com.ar\/web\/wp-content\/uploads\/2023\/08\/restaurante_ajoblanco2.jpg' title=\"Restaurante Ajoblanco \/ DIN interiorismo (\u00a9 Aldo Gracia)\" data-rl_title=\"Restaurante Ajoblanco \/ DIN interiorismo (\u00a9 Aldo Gracia)\" class=\"rl-gallery-link\" data-rl_caption=\"Restaurante Ajoblanco \/ DIN interiorismo (\u00a9 Aldo Gracia)\" data-rel=\"lightbox-gallery-1\"><img loading=\"lazy\" decoding=\"async\" width=\"150\" height=\"150\" src=\"https:\/\/www.arquimaster.com.ar\/web\/wp-content\/uploads\/2023\/08\/restaurante_ajoblanco2-150x150.jpg\" class=\"attachment-thumbnail size-thumbnail\" alt=\"Restaurante Ajoblanco \/ DIN interiorismo\" aria-describedby=\"gallery-1-77189\" \/><\/a>\n\t\t\t<\/div>\n\t\t\t\t<figcaption class='wp-caption-text gallery-caption' id='gallery-1-77189'>\n\t\t\t\tRestaurante Ajoblanco \/ DIN interiorismo (\u00a9 Aldo Gracia)\n\t\t\t\t<\/figcaption><\/figure><figure class='gallery-item'>\n\t\t\t<div class='gallery-icon landscape'>\n\t\t\t\t<a href='https:\/\/www.arquimaster.com.ar\/web\/wp-content\/uploads\/2023\/08\/restaurante_ajoblanco3.jpg' title=\"Restaurante Ajoblanco \/ DIN interiorismo (\u00a9 Aldo Gracia)\" data-rl_title=\"Restaurante Ajoblanco \/ DIN interiorismo (\u00a9 Aldo Gracia)\" class=\"rl-gallery-link\" data-rl_caption=\"Restaurante Ajoblanco \/ DIN interiorismo (\u00a9 Aldo Gracia)\" data-rel=\"lightbox-gallery-1\"><img loading=\"lazy\" decoding=\"async\" width=\"150\" height=\"150\" src=\"https:\/\/www.arquimaster.com.ar\/web\/wp-content\/uploads\/2023\/08\/restaurante_ajoblanco3-150x150.jpg\" class=\"attachment-thumbnail size-thumbnail\" alt=\"Restaurante Ajoblanco \/ DIN interiorismo\" aria-describedby=\"gallery-1-77190\" \/><\/a>\n\t\t\t<\/div>\n\t\t\t\t<figcaption class='wp-caption-text gallery-caption' id='gallery-1-77190'>\n\t\t\t\tRestaurante Ajoblanco \/ DIN interiorismo (\u00a9 Aldo Gracia)\n\t\t\t\t<\/figcaption><\/figure><figure class='gallery-item'>\n\t\t\t<div class='gallery-icon portrait'>\n\t\t\t\t<a href='https:\/\/www.arquimaster.com.ar\/web\/wp-content\/uploads\/2023\/08\/restaurante_ajoblanco4.jpg' title=\"Restaurante Ajoblanco \/ DIN interiorismo (\u00a9 Aldo Gracia)\" data-rl_title=\"Restaurante Ajoblanco \/ DIN interiorismo (\u00a9 Aldo Gracia)\" class=\"rl-gallery-link\" data-rl_caption=\"Restaurante Ajoblanco \/ DIN interiorismo (\u00a9 Aldo Gracia)\" data-rel=\"lightbox-gallery-1\"><img loading=\"lazy\" decoding=\"async\" width=\"150\" height=\"150\" src=\"https:\/\/www.arquimaster.com.ar\/web\/wp-content\/uploads\/2023\/08\/restaurante_ajoblanco4-150x150.jpg\" class=\"attachment-thumbnail size-thumbnail\" alt=\"Restaurante Ajoblanco \/ DIN interiorismo\" aria-describedby=\"gallery-1-77191\" \/><\/a>\n\t\t\t<\/div>\n\t\t\t\t<figcaption class='wp-caption-text gallery-caption' id='gallery-1-77191'>\n\t\t\t\tRestaurante Ajoblanco \/ DIN interiorismo (\u00a9 Aldo Gracia)\n\t\t\t\t<\/figcaption><\/figure><figure class='gallery-item'>\n\t\t\t<div class='gallery-icon landscape'>\n\t\t\t\t<a href='https:\/\/www.arquimaster.com.ar\/web\/wp-content\/uploads\/2023\/08\/restaurante_ajoblanco5.jpg' title=\"Restaurante Ajoblanco \/ DIN interiorismo (\u00a9 Aldo Gracia)\" data-rl_title=\"Restaurante Ajoblanco \/ DIN interiorismo (\u00a9 Aldo Gracia)\" class=\"rl-gallery-link\" data-rl_caption=\"Restaurante Ajoblanco \/ DIN interiorismo (\u00a9 Aldo Gracia)\" data-rel=\"lightbox-gallery-1\"><img loading=\"lazy\" decoding=\"async\" width=\"150\" height=\"150\" src=\"https:\/\/www.arquimaster.com.ar\/web\/wp-content\/uploads\/2023\/08\/restaurante_ajoblanco5-150x150.jpg\" class=\"attachment-thumbnail size-thumbnail\" alt=\"Restaurante Ajoblanco \/ DIN interiorismo\" aria-describedby=\"gallery-1-77192\" \/><\/a>\n\t\t\t<\/div>\n\t\t\t\t<figcaption class='wp-caption-text gallery-caption' id='gallery-1-77192'>\n\t\t\t\tRestaurante Ajoblanco \/ DIN interiorismo (\u00a9 Aldo Gracia)\n\t\t\t\t<\/figcaption><\/figure><figure class='gallery-item'>\n\t\t\t<div class='gallery-icon landscape'>\n\t\t\t\t<a href='https:\/\/www.arquimaster.com.ar\/web\/wp-content\/uploads\/2023\/08\/restaurante_ajoblanco6.jpg' title=\"Restaurante Ajoblanco \/ DIN interiorismo (\u00a9 Aldo Gracia)\" data-rl_title=\"Restaurante Ajoblanco \/ DIN interiorismo (\u00a9 Aldo Gracia)\" class=\"rl-gallery-link\" data-rl_caption=\"Restaurante Ajoblanco \/ DIN interiorismo (\u00a9 Aldo Gracia)\" data-rel=\"lightbox-gallery-1\"><img loading=\"lazy\" decoding=\"async\" width=\"150\" height=\"150\" src=\"https:\/\/www.arquimaster.com.ar\/web\/wp-content\/uploads\/2023\/08\/restaurante_ajoblanco6-150x150.jpg\" class=\"attachment-thumbnail size-thumbnail\" alt=\"Restaurante Ajoblanco \/ DIN interiorismo\" aria-describedby=\"gallery-1-77193\" \/><\/a>\n\t\t\t<\/div>\n\t\t\t\t<figcaption class='wp-caption-text gallery-caption' id='gallery-1-77193'>\n\t\t\t\tRestaurante Ajoblanco \/ DIN interiorismo (\u00a9 Aldo Gracia)\n\t\t\t\t<\/figcaption><\/figure><figure class='gallery-item'>\n\t\t\t<div class='gallery-icon landscape'>\n\t\t\t\t<a href='https:\/\/www.arquimaster.com.ar\/web\/wp-content\/uploads\/2023\/08\/restaurante_ajoblanco7.jpg' title=\"Restaurante Ajoblanco \/ DIN interiorismo (\u00a9 Aldo Gracia)\" data-rl_title=\"Restaurante Ajoblanco \/ DIN interiorismo (\u00a9 Aldo Gracia)\" class=\"rl-gallery-link\" data-rl_caption=\"Restaurante Ajoblanco \/ DIN interiorismo (\u00a9 Aldo Gracia)\" data-rel=\"lightbox-gallery-1\"><img loading=\"lazy\" decoding=\"async\" width=\"150\" height=\"150\" src=\"https:\/\/www.arquimaster.com.ar\/web\/wp-content\/uploads\/2023\/08\/restaurante_ajoblanco7-150x150.jpg\" class=\"attachment-thumbnail size-thumbnail\" alt=\"Restaurante Ajoblanco \/ DIN interiorismo\" aria-describedby=\"gallery-1-77194\" \/><\/a>\n\t\t\t<\/div>\n\t\t\t\t<figcaption class='wp-caption-text gallery-caption' id='gallery-1-77194'>\n\t\t\t\tRestaurante Ajoblanco \/ DIN interiorismo (\u00a9 Aldo Gracia)\n\t\t\t\t<\/figcaption><\/figure><figure class='gallery-item'>\n\t\t\t<div class='gallery-icon landscape'>\n\t\t\t\t<a href='https:\/\/www.arquimaster.com.ar\/web\/wp-content\/uploads\/2023\/08\/restaurante_ajoblanco8.jpg' title=\"Restaurante Ajoblanco \/ DIN interiorismo (\u00a9 Aldo Gracia)\" data-rl_title=\"Restaurante Ajoblanco \/ DIN interiorismo (\u00a9 Aldo Gracia)\" class=\"rl-gallery-link\" data-rl_caption=\"Restaurante Ajoblanco \/ DIN interiorismo (\u00a9 Aldo Gracia)\" data-rel=\"lightbox-gallery-1\"><img loading=\"lazy\" decoding=\"async\" width=\"150\" height=\"150\" src=\"https:\/\/www.arquimaster.com.ar\/web\/wp-content\/uploads\/2023\/08\/restaurante_ajoblanco8-150x150.jpg\" class=\"attachment-thumbnail size-thumbnail\" alt=\"Restaurante Ajoblanco \/ DIN interiorismo\" aria-describedby=\"gallery-1-77195\" \/><\/a>\n\t\t\t<\/div>\n\t\t\t\t<figcaption class='wp-caption-text gallery-caption' id='gallery-1-77195'>\n\t\t\t\tRestaurante Ajoblanco \/ DIN interiorismo (\u00a9 Aldo Gracia)\n\t\t\t\t<\/figcaption><\/figure><figure class='gallery-item'>\n\t\t\t<div class='gallery-icon landscape'>\n\t\t\t\t<a href='https:\/\/www.arquimaster.com.ar\/web\/wp-content\/uploads\/2023\/08\/restaurante_ajoblanco9.jpg' title=\"Restaurante Ajoblanco \/ DIN interiorismo (\u00a9 Aldo Gracia)\" data-rl_title=\"Restaurante Ajoblanco \/ DIN interiorismo (\u00a9 Aldo Gracia)\" class=\"rl-gallery-link\" data-rl_caption=\"Restaurante Ajoblanco \/ DIN interiorismo (\u00a9 Aldo Gracia)\" data-rel=\"lightbox-gallery-1\"><img loading=\"lazy\" decoding=\"async\" width=\"150\" height=\"150\" src=\"https:\/\/www.arquimaster.com.ar\/web\/wp-content\/uploads\/2023\/08\/restaurante_ajoblanco9-150x150.jpg\" class=\"attachment-thumbnail size-thumbnail\" alt=\"Restaurante Ajoblanco \/ DIN interiorismo\" aria-describedby=\"gallery-1-77196\" \/><\/a>\n\t\t\t<\/div>\n\t\t\t\t<figcaption class='wp-caption-text gallery-caption' id='gallery-1-77196'>\n\t\t\t\tRestaurante Ajoblanco \/ DIN interiorismo (\u00a9 Aldo Gracia)\n\t\t\t\t<\/figcaption><\/figure><figure class='gallery-item'>\n\t\t\t<div class='gallery-icon landscape'>\n\t\t\t\t<a href='https:\/\/www.arquimaster.com.ar\/web\/wp-content\/uploads\/2023\/08\/restaurante_ajoblanco10.jpg' title=\"Restaurante Ajoblanco \/ DIN interiorismo (\u00a9 Aldo Gracia)\" data-rl_title=\"Restaurante Ajoblanco \/ DIN interiorismo (\u00a9 Aldo Gracia)\" class=\"rl-gallery-link\" data-rl_caption=\"Restaurante Ajoblanco \/ DIN interiorismo (\u00a9 Aldo Gracia)\" data-rel=\"lightbox-gallery-1\"><img loading=\"lazy\" decoding=\"async\" width=\"150\" height=\"150\" src=\"https:\/\/www.arquimaster.com.ar\/web\/wp-content\/uploads\/2023\/08\/restaurante_ajoblanco10-150x150.jpg\" class=\"attachment-thumbnail size-thumbnail\" alt=\"Restaurante Ajoblanco \/ DIN interiorismo\" aria-describedby=\"gallery-1-77197\" \/><\/a>\n\t\t\t<\/div>\n\t\t\t\t<figcaption class='wp-caption-text gallery-caption' id='gallery-1-77197'>\n\t\t\t\tRestaurante Ajoblanco \/ DIN interiorismo (\u00a9 Aldo Gracia)\n\t\t\t\t<\/figcaption><\/figure><figure class='gallery-item'>\n\t\t\t<div class='gallery-icon landscape'>\n\t\t\t\t<a href='https:\/\/www.arquimaster.com.ar\/web\/wp-content\/uploads\/2023\/08\/restaurante_ajoblanco11.jpg' title=\"Restaurante Ajoblanco \/ DIN interiorismo (\u00a9 Aldo Gracia)\" data-rl_title=\"Restaurante Ajoblanco \/ DIN interiorismo (\u00a9 Aldo Gracia)\" class=\"rl-gallery-link\" data-rl_caption=\"Restaurante Ajoblanco \/ DIN interiorismo (\u00a9 Aldo Gracia)\" data-rel=\"lightbox-gallery-1\"><img loading=\"lazy\" decoding=\"async\" width=\"150\" height=\"150\" src=\"https:\/\/www.arquimaster.com.ar\/web\/wp-content\/uploads\/2023\/08\/restaurante_ajoblanco11-150x150.jpg\" class=\"attachment-thumbnail size-thumbnail\" alt=\"Restaurante Ajoblanco \/ DIN interiorismo\" aria-describedby=\"gallery-1-77198\" \/><\/a>\n\t\t\t<\/div>\n\t\t\t\t<figcaption class='wp-caption-text gallery-caption' id='gallery-1-77198'>\n\t\t\t\tRestaurante Ajoblanco \/ DIN interiorismo (\u00a9 Aldo Gracia)\n\t\t\t\t<\/figcaption><\/figure><figure class='gallery-item'>\n\t\t\t<div class='gallery-icon landscape'>\n\t\t\t\t<a href='https:\/\/www.arquimaster.com.ar\/web\/wp-content\/uploads\/2023\/08\/restaurante_ajoblanco12.jpg' title=\"Restaurante Ajoblanco \/ DIN interiorismo (\u00a9 Aldo Gracia)\" data-rl_title=\"Restaurante Ajoblanco \/ DIN interiorismo (\u00a9 Aldo Gracia)\" class=\"rl-gallery-link\" data-rl_caption=\"Restaurante Ajoblanco \/ DIN interiorismo (\u00a9 Aldo Gracia)\" data-rel=\"lightbox-gallery-1\"><img loading=\"lazy\" decoding=\"async\" width=\"150\" height=\"150\" src=\"https:\/\/www.arquimaster.com.ar\/web\/wp-content\/uploads\/2023\/08\/restaurante_ajoblanco12-150x150.jpg\" class=\"attachment-thumbnail size-thumbnail\" alt=\"Restaurante Ajoblanco \/ DIN interiorismo\" aria-describedby=\"gallery-1-77199\" \/><\/a>\n\t\t\t<\/div>\n\t\t\t\t<figcaption class='wp-caption-text gallery-caption' id='gallery-1-77199'>\n\t\t\t\tRestaurante Ajoblanco \/ DIN interiorismo (\u00a9 Aldo Gracia)\n\t\t\t\t<\/figcaption><\/figure><figure class='gallery-item'>\n\t\t\t<div class='gallery-icon landscape'>\n\t\t\t\t<a href='https:\/\/www.arquimaster.com.ar\/web\/wp-content\/uploads\/2023\/08\/restaurante_ajoblanco13.jpg' title=\"Restaurante Ajoblanco \/ DIN interiorismo (\u00a9 Aldo Gracia)\" data-rl_title=\"Restaurante Ajoblanco \/ DIN interiorismo (\u00a9 Aldo Gracia)\" class=\"rl-gallery-link\" data-rl_caption=\"Restaurante Ajoblanco \/ DIN interiorismo (\u00a9 Aldo Gracia)\" data-rel=\"lightbox-gallery-1\"><img loading=\"lazy\" decoding=\"async\" width=\"150\" height=\"150\" src=\"https:\/\/www.arquimaster.com.ar\/web\/wp-content\/uploads\/2023\/08\/restaurante_ajoblanco13-150x150.jpg\" class=\"attachment-thumbnail size-thumbnail\" alt=\"Restaurante Ajoblanco \/ DIN interiorismo\" aria-describedby=\"gallery-1-77200\" \/><\/a>\n\t\t\t<\/div>\n\t\t\t\t<figcaption class='wp-caption-text gallery-caption' id='gallery-1-77200'>\n\t\t\t\tRestaurante Ajoblanco \/ DIN interiorismo (\u00a9 Aldo Gracia)\n\t\t\t\t<\/figcaption><\/figure><figure class='gallery-item'>\n\t\t\t<div class='gallery-icon landscape'>\n\t\t\t\t<a href='https:\/\/www.arquimaster.com.ar\/web\/wp-content\/uploads\/2023\/08\/restaurante_ajoblanco14.jpg' title=\"Restaurante Ajoblanco \/ DIN interiorismo (\u00a9 Aldo Gracia)\" data-rl_title=\"Restaurante Ajoblanco \/ DIN interiorismo (\u00a9 Aldo Gracia)\" class=\"rl-gallery-link\" data-rl_caption=\"Restaurante Ajoblanco \/ DIN interiorismo (\u00a9 Aldo Gracia)\" data-rel=\"lightbox-gallery-1\"><img loading=\"lazy\" decoding=\"async\" width=\"150\" height=\"150\" src=\"https:\/\/www.arquimaster.com.ar\/web\/wp-content\/uploads\/2023\/08\/restaurante_ajoblanco14-150x150.jpg\" class=\"attachment-thumbnail size-thumbnail\" alt=\"Restaurante Ajoblanco \/ DIN interiorismo\" aria-describedby=\"gallery-1-77201\" \/><\/a>\n\t\t\t<\/div>\n\t\t\t\t<figcaption class='wp-caption-text gallery-caption' id='gallery-1-77201'>\n\t\t\t\tRestaurante Ajoblanco \/ DIN interiorismo (\u00a9 Aldo Gracia)\n\t\t\t\t<\/figcaption><\/figure><figure class='gallery-item'>\n\t\t\t<div class='gallery-icon portrait'>\n\t\t\t\t<a href='https:\/\/www.arquimaster.com.ar\/web\/wp-content\/uploads\/2023\/08\/restaurante_ajoblanco15.jpg' title=\"Restaurante Ajoblanco \/ DIN interiorismo (\u00a9 Aldo Gracia)\" data-rl_title=\"Restaurante Ajoblanco \/ DIN interiorismo (\u00a9 Aldo Gracia)\" class=\"rl-gallery-link\" data-rl_caption=\"Restaurante Ajoblanco \/ DIN interiorismo (\u00a9 Aldo Gracia)\" data-rel=\"lightbox-gallery-1\"><img loading=\"lazy\" decoding=\"async\" width=\"150\" height=\"150\" src=\"https:\/\/www.arquimaster.com.ar\/web\/wp-content\/uploads\/2023\/08\/restaurante_ajoblanco15-150x150.jpg\" class=\"attachment-thumbnail size-thumbnail\" alt=\"Restaurante Ajoblanco \/ DIN interiorismo\" aria-describedby=\"gallery-1-77202\" \/><\/a>\n\t\t\t<\/div>\n\t\t\t\t<figcaption class='wp-caption-text gallery-caption' id='gallery-1-77202'>\n\t\t\t\tRestaurante Ajoblanco \/ DIN interiorismo (\u00a9 Aldo Gracia)\n\t\t\t\t<\/figcaption><\/figure><figure class='gallery-item'>\n\t\t\t<div class='gallery-icon portrait'>\n\t\t\t\t<a href='https:\/\/www.arquimaster.com.ar\/web\/wp-content\/uploads\/2023\/08\/restaurante_ajoblanco16.jpg' title=\"Restaurante Ajoblanco \/ DIN interiorismo (planta baja)\" data-rl_title=\"Restaurante Ajoblanco \/ DIN interiorismo (planta baja)\" class=\"rl-gallery-link\" data-rl_caption=\"Restaurante Ajoblanco \/ DIN interiorismo (planta baja)\" data-rel=\"lightbox-gallery-1\"><img loading=\"lazy\" decoding=\"async\" width=\"150\" height=\"150\" src=\"https:\/\/www.arquimaster.com.ar\/web\/wp-content\/uploads\/2023\/08\/restaurante_ajoblanco16-150x150.jpg\" class=\"attachment-thumbnail size-thumbnail\" alt=\"Restaurante Ajoblanco \/ DIN interiorismo\" aria-describedby=\"gallery-1-77203\" \/><\/a>\n\t\t\t<\/div>\n\t\t\t\t<figcaption class='wp-caption-text gallery-caption' id='gallery-1-77203'>\n\t\t\t\tRestaurante Ajoblanco \/ DIN interiorismo (planta baja)\n\t\t\t\t<\/figcaption><\/figure><figure class='gallery-item'>\n\t\t\t<div class='gallery-icon portrait'>\n\t\t\t\t<a href='https:\/\/www.arquimaster.com.ar\/web\/wp-content\/uploads\/2023\/08\/restaurante_ajoblanco17.jpg' title=\"Restaurante Ajoblanco \/ DIN interiorismo (planta 1\u00ba nivel)\" data-rl_title=\"Restaurante Ajoblanco \/ DIN interiorismo (planta 1\u00ba nivel)\" class=\"rl-gallery-link\" data-rl_caption=\"Restaurante Ajoblanco \/ DIN interiorismo (planta 1\u00ba nivel)\" data-rel=\"lightbox-gallery-1\"><img loading=\"lazy\" decoding=\"async\" width=\"150\" height=\"150\" src=\"https:\/\/www.arquimaster.com.ar\/web\/wp-content\/uploads\/2023\/08\/restaurante_ajoblanco17-150x150.jpg\" class=\"attachment-thumbnail size-thumbnail\" alt=\"Restaurante Ajoblanco \/ DIN interiorismo\" aria-describedby=\"gallery-1-77204\" \/><\/a>\n\t\t\t<\/div>\n\t\t\t\t<figcaption class='wp-caption-text gallery-caption' id='gallery-1-77204'>\n\t\t\t\tRestaurante Ajoblanco \/ DIN interiorismo (planta 1\u00ba nivel)\n\t\t\t\t<\/figcaption><\/figure><figure class='gallery-item'>\n\t\t\t<div class='gallery-icon portrait'>\n\t\t\t\t<a href='https:\/\/www.arquimaster.com.ar\/web\/wp-content\/uploads\/2023\/08\/restaurante_ajoblanco18.jpg' title=\"Restaurante Ajoblanco \/ DIN interiorismo (planta 2\u00ba nivel)\" data-rl_title=\"Restaurante Ajoblanco \/ DIN interiorismo (planta 2\u00ba nivel)\" class=\"rl-gallery-link\" data-rl_caption=\"Restaurante Ajoblanco \/ DIN interiorismo (planta 2\u00ba nivel)\" data-rel=\"lightbox-gallery-1\"><img loading=\"lazy\" decoding=\"async\" width=\"150\" height=\"150\" src=\"https:\/\/www.arquimaster.com.ar\/web\/wp-content\/uploads\/2023\/08\/restaurante_ajoblanco18-150x150.jpg\" class=\"attachment-thumbnail size-thumbnail\" alt=\"Restaurante Ajoblanco \/ DIN interiorismo\" aria-describedby=\"gallery-1-77205\" \/><\/a>\n\t\t\t<\/div>\n\t\t\t\t<figcaption class='wp-caption-text gallery-caption' id='gallery-1-77205'>\n\t\t\t\tRestaurante Ajoblanco \/ DIN interiorismo (planta 2\u00ba nivel)\n\t\t\t\t<\/figcaption><\/figure>\n\t\t<\/div>\n\n<p>El espacio que utilizar\u00eda el restaurante est\u00e1 divido en 3 niveles, por lo que fue importante generar un lenguaje que unificara todo el concepto aprovechando los cambios y la amplitud de las diferentes \u00e1reas.<\/p>\n<p>En la recepci\u00f3n se dise\u00f1\u00f3 una celos\u00eda a base de cuerdas y como el elevador es el eje que verticalmente conecta los diferentes pisos, se destac\u00f3 recubri\u00e9ndolo de material cer\u00e1mico tipo madera que se combin\u00f3 con vidrio color azul hacia la fachada, y lograr que sea el primer impacto.<\/p>\n<p>La planta baja y el primer nivel est\u00e1n conectadas por medio de la cava, que fue dise\u00f1ada dentro de una caja de cristal, con estructura met\u00e1lica y madera, para aprovechar los brillos y colores de la exhibici\u00f3n de botellas. El primer piso es un espacio espectacular que destaca por su doble altura y la selecci\u00f3n de elementos que transmiten todas las se\u00f1ales para que el comensal descifre la atm\u00f3sfera que est\u00e1 disfrutando.<\/p>\n<p>Al subir por la escalera hacia el segundo nivel se encuentra el cubo de iluminaci\u00f3n original. Con las modificaciones del proyecto era necesario dar iluminaci\u00f3n natural a la cocina, as\u00ed que se tom\u00f3 este espacio d\u00e1ndole valor, creando una escultura de peces tejidos en alambre de la artista Girasol Botello. En el tercer nivel, al salir del elevador, se encuentra un puente de cristal que comunica con los salones privados.<\/p>\n<p>El equipo dirigido por el interiorista Aurelio V\u00e1zquez se encarg\u00f3 de que todos los detalles dieran sentido al proyecto. Dise\u00f1aron la disposici\u00f3n de una lluvia de luminarias -que recuerda a las estrellas en medio del oc\u00e9ano- sobre la barra del bar recubierta en Krion, en un blanco absoluto que destaca dentro de un espacio lleno de color. Las columnas de todo el restaurante se cubrieron con l\u00e1minas de acero oxidadas, dando la sensaci\u00f3n de que fueron tra\u00eddas del mar.<\/p>\n<p>Se colocaron tapices a gran escala que aportan color y movimiento, adem\u00e1s de servir como elementos fonoabsorbentes en respuesta a los materiales seleccionados para recubrir el piso y los muros como porcel\u00e1nicos tipo madera, m\u00e1rmol y piedra caliza. La paleta de color es neutra combinada con colores azul y para los ba\u00f1os se a\u00f1adieron toques de colores contrastantes.<\/p>\n\n\n<div style=\"height:20px\" aria-hidden=\"true\" class=\"wp-block-spacer\"><\/div>\n\n\n\n<p class=\"has-background\" style=\"background-color:#eaeaea\"><strong>Ficha t\u00e9cnica<\/strong><br>Nombre: Ajoblanco<br>Ubicaci\u00f3n: Ciudad de M\u00e9xico, M\u00e9xico<br>Proyectista: DIN interiorismo<br>Interiorista Aurelio V\u00e1zquez<br>Superficie: 235.21 m2 (planta baja), 235.53 m2 (nivel 1), 182.28 m2 (nivel 2)<br>A\u00f1o: 2018<br>Fotograf\u00eda: Aldo Gracia<br><br><strong>Contacto<\/strong><br><a href=\"https:\/\/www.din.com.mx\" target=\"_blank\" rel=\"noreferrer noopener\">https:\/\/www.din.com.mx<\/a><br>Twitter: @DINinteriorismo<br>Instagram: @dininteriorismo<br>Facebook: DIN interiorismo<\/p>\n\n\n\n<div style=\"height:40px\" aria-hidden=\"true\" class=\"wp-block-spacer\"><\/div>\n\n<div style=\"font-size: 0px; height: 0px; line-height: 0px; margin: 0; padding: 0; clear: both;\"><\/div><div style=\"margin-top: 0px; margin-bottom: 0px;\" class=\"sharethis-inline-share-buttons\" ><\/div>","protected":false},"excerpt":{"rendered":"<p>El mar mediterr\u00e1neo fue el concepto que defini\u00f3 la paleta de color y los elementos&#8230;<\/p>\n","protected":false},"author":1,"featured_media":77187,"comment_status":"closed","ping_status":"closed","sticky":false,"template":"","format":"standard","meta":{"_uag_custom_page_level_css":"","footnotes":""},"categories":[75,1],"tags":[1233,5794,2159,250,2158,1460,24,257],"class_list":["post-77186","post","type-post","status-publish","format-standard","has-post-thumbnail","hentry","category-arquitectura-comercial","category-proyecto","tag-arquitectura-comercial-2","tag-arquitectura-gastronomica","tag-aurelio-vazquez","tag-ciudad-de-mexico","tag-din-interiorismo","tag-gastronomia","tag-mexico","tag-restaurante","generate-columns","tablet-grid-50","mobile-grid-100","grid-parent","grid-50"],"yoast_head":"<!-- This site is optimized with the Yoast SEO plugin v27.3 - https:\/\/yoast.com\/product\/yoast-seo-wordpress\/ -->\n<title>Restaurante Ajoblanco \/ DIN interiorismo - Arquimaster<\/title>\n<meta name=\"description\" content=\"El mar mediterr\u00e1neo que ba\u00f1a las costas espa\u00f1olas fue el concepto que defini\u00f3 la paleta de color y los elementos utilizados.\" \/>\n<meta name=\"robots\" content=\"index, follow, max-snippet:-1, max-image-preview:large, max-video-preview:-1\" \/>\n<link rel=\"canonical\" href=\"https:\/\/www.arquimaster.com.ar\/web\/restaurante-ajoblanco-din-interiorismo\/\" \/>\n<meta property=\"og:locale\" content=\"es_ES\" \/>\n<meta property=\"og:type\" content=\"article\" \/>\n<meta property=\"og:title\" content=\"Restaurante Ajoblanco \/ DIN interiorismo\" \/>\n<meta property=\"og:description\" content=\"El mar mediterr\u00e1neo que ba\u00f1a las costas espa\u00f1olas fue el concepto que defini\u00f3 la paleta de color y los elementos utilizados.\" \/>\n<meta property=\"og:url\" content=\"https:\/\/www.arquimaster.com.ar\/web\/restaurante-ajoblanco-din-interiorismo\/\" \/>\n<meta property=\"og:site_name\" content=\"Arquimaster\" \/>\n<meta property=\"article:publisher\" content=\"http:\/\/www.facebook.com\/ARQUIMASTER.com.ar\" \/>\n<meta property=\"article:published_time\" content=\"2023-08-17T21:58:20+00:00\" \/>\n<meta property=\"article:modified_time\" content=\"2023-09-01T17:18:54+00:00\" \/>\n<meta property=\"og:image\" content=\"https:\/\/www.arquimaster.com.ar\/web\/wp-content\/uploads\/2023\/08\/restaurante_ajoblanco_slide.jpg\" \/>\n\t<meta property=\"og:image:width\" content=\"698\" \/>\n\t<meta property=\"og:image:height\" content=\"364\" \/>\n\t<meta property=\"og:image:type\" content=\"image\/jpeg\" \/>\n<meta name=\"author\" content=\"Arquimaster\" \/>\n<meta name=\"twitter:card\" content=\"summary_large_image\" \/>\n<meta name=\"twitter:title\" content=\"Restaurante Ajoblanco \/ DIN interiorismo\" \/>\n<meta name=\"twitter:description\" content=\"El mar mediterr\u00e1neo que ba\u00f1a las costas espa\u00f1olas fue el concepto que defini\u00f3 la paleta de color y los elementos utilizados.\" \/>\n<meta name=\"twitter:image\" content=\"https:\/\/www.arquimaster.com.ar\/web\/wp-content\/uploads\/2023\/08\/restaurante_ajoblanco_slide.jpg\" \/>\n<meta name=\"twitter:creator\" content=\"@arquimaster\" \/>\n<meta name=\"twitter:site\" content=\"@arquimaster\" \/>\n<meta name=\"twitter:label1\" content=\"Escrito por\" \/>\n\t<meta name=\"twitter:data1\" content=\"Arquimaster\" \/>\n\t<meta name=\"twitter:label2\" content=\"Tiempo de lectura\" \/>\n\t<meta name=\"twitter:data2\" content=\"3 minutos\" \/>\n<script type=\"application\/ld+json\" class=\"yoast-schema-graph\">{\"@context\":\"https:\\\/\\\/schema.org\",\"@graph\":[{\"@type\":\"Article\",\"@id\":\"https:\\\/\\\/www.arquimaster.com.ar\\\/web\\\/restaurante-ajoblanco-din-interiorismo\\\/#article\",\"isPartOf\":{\"@id\":\"https:\\\/\\\/www.arquimaster.com.ar\\\/web\\\/restaurante-ajoblanco-din-interiorismo\\\/\"},\"author\":{\"name\":\"Arquimaster\",\"@id\":\"https:\\\/\\\/www.arquimaster.com.ar\\\/web\\\/#\\\/schema\\\/person\\\/359e9f7c00193fcde068e0dd2ceb0028\"},\"headline\":\"Restaurante Ajoblanco \\\/ DIN interiorismo\",\"datePublished\":\"2023-08-17T21:58:20+00:00\",\"dateModified\":\"2023-09-01T17:18:54+00:00\",\"mainEntityOfPage\":{\"@id\":\"https:\\\/\\\/www.arquimaster.com.ar\\\/web\\\/restaurante-ajoblanco-din-interiorismo\\\/\"},\"wordCount\":507,\"publisher\":{\"@id\":\"https:\\\/\\\/www.arquimaster.com.ar\\\/web\\\/#organization\"},\"image\":{\"@id\":\"https:\\\/\\\/www.arquimaster.com.ar\\\/web\\\/restaurante-ajoblanco-din-interiorismo\\\/#primaryimage\"},\"thumbnailUrl\":\"https:\\\/\\\/www.arquimaster.com.ar\\\/web\\\/wp-content\\\/uploads\\\/2023\\\/08\\\/restaurante_ajoblanco_slide.jpg\",\"keywords\":[\"arquitectura comercial\",\"arquitectura gastronomica\",\"Aurelio V\u00e1zquez\",\"Ciudad de Mexico\",\"DIN interiorismo\",\"gastronomia\",\"Mexico\",\"restaurante\"],\"articleSection\":[\"Arquitectura comercial\",\"Proyecto\"],\"inLanguage\":\"es\"},{\"@type\":\"WebPage\",\"@id\":\"https:\\\/\\\/www.arquimaster.com.ar\\\/web\\\/restaurante-ajoblanco-din-interiorismo\\\/\",\"url\":\"https:\\\/\\\/www.arquimaster.com.ar\\\/web\\\/restaurante-ajoblanco-din-interiorismo\\\/\",\"name\":\"Restaurante Ajoblanco \\\/ DIN interiorismo - Arquimaster\",\"isPartOf\":{\"@id\":\"https:\\\/\\\/www.arquimaster.com.ar\\\/web\\\/#website\"},\"primaryImageOfPage\":{\"@id\":\"https:\\\/\\\/www.arquimaster.com.ar\\\/web\\\/restaurante-ajoblanco-din-interiorismo\\\/#primaryimage\"},\"image\":{\"@id\":\"https:\\\/\\\/www.arquimaster.com.ar\\\/web\\\/restaurante-ajoblanco-din-interiorismo\\\/#primaryimage\"},\"thumbnailUrl\":\"https:\\\/\\\/www.arquimaster.com.ar\\\/web\\\/wp-content\\\/uploads\\\/2023\\\/08\\\/restaurante_ajoblanco_slide.jpg\",\"datePublished\":\"2023-08-17T21:58:20+00:00\",\"dateModified\":\"2023-09-01T17:18:54+00:00\",\"description\":\"El mar mediterr\u00e1neo que ba\u00f1a las costas espa\u00f1olas fue el concepto que defini\u00f3 la paleta de color y los elementos utilizados.\",\"breadcrumb\":{\"@id\":\"https:\\\/\\\/www.arquimaster.com.ar\\\/web\\\/restaurante-ajoblanco-din-interiorismo\\\/#breadcrumb\"},\"inLanguage\":\"es\",\"potentialAction\":[{\"@type\":\"ReadAction\",\"target\":[\"https:\\\/\\\/www.arquimaster.com.ar\\\/web\\\/restaurante-ajoblanco-din-interiorismo\\\/\"]}]},{\"@type\":\"ImageObject\",\"inLanguage\":\"es\",\"@id\":\"https:\\\/\\\/www.arquimaster.com.ar\\\/web\\\/restaurante-ajoblanco-din-interiorismo\\\/#primaryimage\",\"url\":\"https:\\\/\\\/www.arquimaster.com.ar\\\/web\\\/wp-content\\\/uploads\\\/2023\\\/08\\\/restaurante_ajoblanco_slide.jpg\",\"contentUrl\":\"https:\\\/\\\/www.arquimaster.com.ar\\\/web\\\/wp-content\\\/uploads\\\/2023\\\/08\\\/restaurante_ajoblanco_slide.jpg\",\"width\":698,\"height\":364,\"caption\":\"Restaurante Ajoblanco \\\/ DIN interiorismo\"},{\"@type\":\"BreadcrumbList\",\"@id\":\"https:\\\/\\\/www.arquimaster.com.ar\\\/web\\\/restaurante-ajoblanco-din-interiorismo\\\/#breadcrumb\",\"itemListElement\":[{\"@type\":\"ListItem\",\"position\":1,\"name\":\"Portada\",\"item\":\"https:\\\/\\\/www.arquimaster.com.ar\\\/web\\\/\"},{\"@type\":\"ListItem\",\"position\":2,\"name\":\"Restaurante Ajoblanco \\\/ DIN interiorismo\"}]},{\"@type\":\"WebSite\",\"@id\":\"https:\\\/\\\/www.arquimaster.com.ar\\\/web\\\/#website\",\"url\":\"https:\\\/\\\/www.arquimaster.com.ar\\\/web\\\/\",\"name\":\"Arquimaster\",\"description\":\"Web de arquitectura, dise\u00f1o y construccion\",\"publisher\":{\"@id\":\"https:\\\/\\\/www.arquimaster.com.ar\\\/web\\\/#organization\"},\"potentialAction\":[{\"@type\":\"SearchAction\",\"target\":{\"@type\":\"EntryPoint\",\"urlTemplate\":\"https:\\\/\\\/www.arquimaster.com.ar\\\/web\\\/?s={search_term_string}\"},\"query-input\":{\"@type\":\"PropertyValueSpecification\",\"valueRequired\":true,\"valueName\":\"search_term_string\"}}],\"inLanguage\":\"es\"},{\"@type\":\"Organization\",\"@id\":\"https:\\\/\\\/www.arquimaster.com.ar\\\/web\\\/#organization\",\"name\":\"Arquimaster\",\"url\":\"https:\\\/\\\/www.arquimaster.com.ar\\\/web\\\/\",\"logo\":{\"@type\":\"ImageObject\",\"inLanguage\":\"es\",\"@id\":\"https:\\\/\\\/www.arquimaster.com.ar\\\/web\\\/#\\\/schema\\\/logo\\\/image\\\/\",\"url\":\"https:\\\/\\\/www.arquimaster.com.ar\\\/web\\\/wp-content\\\/uploads\\\/2022\\\/06\\\/arquimaster.png\",\"contentUrl\":\"https:\\\/\\\/www.arquimaster.com.ar\\\/web\\\/wp-content\\\/uploads\\\/2022\\\/06\\\/arquimaster.png\",\"width\":594,\"height\":78,\"caption\":\"Arquimaster\"},\"image\":{\"@id\":\"https:\\\/\\\/www.arquimaster.com.ar\\\/web\\\/#\\\/schema\\\/logo\\\/image\\\/\"},\"sameAs\":[\"http:\\\/\\\/www.facebook.com\\\/ARQUIMASTER.com.ar\",\"https:\\\/\\\/x.com\\\/arquimaster\",\"https:\\\/\\\/www.instagram.com\\\/arquimasterblog\\\/\",\"https:\\\/\\\/www.linkedin.com\\\/company\\\/arquimaster\",\"https:\\\/\\\/www.pinterest.com\\\/arquimaster\",\"https:\\\/\\\/t.me\\\/arquimaster\"]},{\"@type\":\"Person\",\"@id\":\"https:\\\/\\\/www.arquimaster.com.ar\\\/web\\\/#\\\/schema\\\/person\\\/359e9f7c00193fcde068e0dd2ceb0028\",\"name\":\"Arquimaster\"}]}<\/script>\n<!-- \/ Yoast SEO plugin. -->","yoast_head_json":{"title":"Restaurante Ajoblanco \/ DIN interiorismo - Arquimaster","description":"El mar mediterr\u00e1neo que ba\u00f1a las costas espa\u00f1olas fue el concepto que defini\u00f3 la paleta de color y los elementos utilizados.","robots":{"index":"index","follow":"follow","max-snippet":"max-snippet:-1","max-image-preview":"max-image-preview:large","max-video-preview":"max-video-preview:-1"},"canonical":"https:\/\/www.arquimaster.com.ar\/web\/restaurante-ajoblanco-din-interiorismo\/","og_locale":"es_ES","og_type":"article","og_title":"Restaurante Ajoblanco \/ DIN interiorismo","og_description":"El mar mediterr\u00e1neo que ba\u00f1a las costas espa\u00f1olas fue el concepto que defini\u00f3 la paleta de color y los elementos utilizados.","og_url":"https:\/\/www.arquimaster.com.ar\/web\/restaurante-ajoblanco-din-interiorismo\/","og_site_name":"Arquimaster","article_publisher":"http:\/\/www.facebook.com\/ARQUIMASTER.com.ar","article_published_time":"2023-08-17T21:58:20+00:00","article_modified_time":"2023-09-01T17:18:54+00:00","og_image":[{"width":698,"height":364,"url":"https:\/\/www.arquimaster.com.ar\/web\/wp-content\/uploads\/2023\/08\/restaurante_ajoblanco_slide.jpg","type":"image\/jpeg"}],"author":"Arquimaster","twitter_card":"summary_large_image","twitter_title":"Restaurante Ajoblanco \/ DIN interiorismo","twitter_description":"El mar mediterr\u00e1neo que ba\u00f1a las costas espa\u00f1olas fue el concepto que defini\u00f3 la paleta de color y los elementos utilizados.","twitter_image":"https:\/\/www.arquimaster.com.ar\/web\/wp-content\/uploads\/2023\/08\/restaurante_ajoblanco_slide.jpg","twitter_creator":"@arquimaster","twitter_site":"@arquimaster","twitter_misc":{"Escrito por":"Arquimaster","Tiempo de lectura":"3 minutos"},"schema":{"@context":"https:\/\/schema.org","@graph":[{"@type":"Article","@id":"https:\/\/www.arquimaster.com.ar\/web\/restaurante-ajoblanco-din-interiorismo\/#article","isPartOf":{"@id":"https:\/\/www.arquimaster.com.ar\/web\/restaurante-ajoblanco-din-interiorismo\/"},"author":{"name":"Arquimaster","@id":"https:\/\/www.arquimaster.com.ar\/web\/#\/schema\/person\/359e9f7c00193fcde068e0dd2ceb0028"},"headline":"Restaurante Ajoblanco \/ DIN interiorismo","datePublished":"2023-08-17T21:58:20+00:00","dateModified":"2023-09-01T17:18:54+00:00","mainEntityOfPage":{"@id":"https:\/\/www.arquimaster.com.ar\/web\/restaurante-ajoblanco-din-interiorismo\/"},"wordCount":507,"publisher":{"@id":"https:\/\/www.arquimaster.com.ar\/web\/#organization"},"image":{"@id":"https:\/\/www.arquimaster.com.ar\/web\/restaurante-ajoblanco-din-interiorismo\/#primaryimage"},"thumbnailUrl":"https:\/\/www.arquimaster.com.ar\/web\/wp-content\/uploads\/2023\/08\/restaurante_ajoblanco_slide.jpg","keywords":["arquitectura comercial","arquitectura gastronomica","Aurelio V\u00e1zquez","Ciudad de Mexico","DIN interiorismo","gastronomia","Mexico","restaurante"],"articleSection":["Arquitectura comercial","Proyecto"],"inLanguage":"es"},{"@type":"WebPage","@id":"https:\/\/www.arquimaster.com.ar\/web\/restaurante-ajoblanco-din-interiorismo\/","url":"https:\/\/www.arquimaster.com.ar\/web\/restaurante-ajoblanco-din-interiorismo\/","name":"Restaurante Ajoblanco \/ DIN interiorismo - Arquimaster","isPartOf":{"@id":"https:\/\/www.arquimaster.com.ar\/web\/#website"},"primaryImageOfPage":{"@id":"https:\/\/www.arquimaster.com.ar\/web\/restaurante-ajoblanco-din-interiorismo\/#primaryimage"},"image":{"@id":"https:\/\/www.arquimaster.com.ar\/web\/restaurante-ajoblanco-din-interiorismo\/#primaryimage"},"thumbnailUrl":"https:\/\/www.arquimaster.com.ar\/web\/wp-content\/uploads\/2023\/08\/restaurante_ajoblanco_slide.jpg","datePublished":"2023-08-17T21:58:20+00:00","dateModified":"2023-09-01T17:18:54+00:00","description":"El mar mediterr\u00e1neo que ba\u00f1a las costas espa\u00f1olas fue el concepto que defini\u00f3 la paleta de color y los elementos utilizados.","breadcrumb":{"@id":"https:\/\/www.arquimaster.com.ar\/web\/restaurante-ajoblanco-din-interiorismo\/#breadcrumb"},"inLanguage":"es","potentialAction":[{"@type":"ReadAction","target":["https:\/\/www.arquimaster.com.ar\/web\/restaurante-ajoblanco-din-interiorismo\/"]}]},{"@type":"ImageObject","inLanguage":"es","@id":"https:\/\/www.arquimaster.com.ar\/web\/restaurante-ajoblanco-din-interiorismo\/#primaryimage","url":"https:\/\/www.arquimaster.com.ar\/web\/wp-content\/uploads\/2023\/08\/restaurante_ajoblanco_slide.jpg","contentUrl":"https:\/\/www.arquimaster.com.ar\/web\/wp-content\/uploads\/2023\/08\/restaurante_ajoblanco_slide.jpg","width":698,"height":364,"caption":"Restaurante Ajoblanco \/ DIN interiorismo"},{"@type":"BreadcrumbList","@id":"https:\/\/www.arquimaster.com.ar\/web\/restaurante-ajoblanco-din-interiorismo\/#breadcrumb","itemListElement":[{"@type":"ListItem","position":1,"name":"Portada","item":"https:\/\/www.arquimaster.com.ar\/web\/"},{"@type":"ListItem","position":2,"name":"Restaurante Ajoblanco \/ DIN interiorismo"}]},{"@type":"WebSite","@id":"https:\/\/www.arquimaster.com.ar\/web\/#website","url":"https:\/\/www.arquimaster.com.ar\/web\/","name":"Arquimaster","description":"Web de arquitectura, dise\u00f1o y construccion","publisher":{"@id":"https:\/\/www.arquimaster.com.ar\/web\/#organization"},"potentialAction":[{"@type":"SearchAction","target":{"@type":"EntryPoint","urlTemplate":"https:\/\/www.arquimaster.com.ar\/web\/?s={search_term_string}"},"query-input":{"@type":"PropertyValueSpecification","valueRequired":true,"valueName":"search_term_string"}}],"inLanguage":"es"},{"@type":"Organization","@id":"https:\/\/www.arquimaster.com.ar\/web\/#organization","name":"Arquimaster","url":"https:\/\/www.arquimaster.com.ar\/web\/","logo":{"@type":"ImageObject","inLanguage":"es","@id":"https:\/\/www.arquimaster.com.ar\/web\/#\/schema\/logo\/image\/","url":"https:\/\/www.arquimaster.com.ar\/web\/wp-content\/uploads\/2022\/06\/arquimaster.png","contentUrl":"https:\/\/www.arquimaster.com.ar\/web\/wp-content\/uploads\/2022\/06\/arquimaster.png","width":594,"height":78,"caption":"Arquimaster"},"image":{"@id":"https:\/\/www.arquimaster.com.ar\/web\/#\/schema\/logo\/image\/"},"sameAs":["http:\/\/www.facebook.com\/ARQUIMASTER.com.ar","https:\/\/x.com\/arquimaster","https:\/\/www.instagram.com\/arquimasterblog\/","https:\/\/www.linkedin.com\/company\/arquimaster","https:\/\/www.pinterest.com\/arquimaster","https:\/\/t.me\/arquimaster"]},{"@type":"Person","@id":"https:\/\/www.arquimaster.com.ar\/web\/#\/schema\/person\/359e9f7c00193fcde068e0dd2ceb0028","name":"Arquimaster"}]}},"uagb_featured_image_src":{"full":["https:\/\/www.arquimaster.com.ar\/web\/wp-content\/uploads\/2023\/08\/restaurante_ajoblanco_slide.jpg",698,364,false],"thumbnail":["https:\/\/www.arquimaster.com.ar\/web\/wp-content\/uploads\/2023\/08\/restaurante_ajoblanco_slide-150x150.jpg",150,150,true],"medium":["https:\/\/www.arquimaster.com.ar\/web\/wp-content\/uploads\/2023\/08\/restaurante_ajoblanco_slide.jpg",698,364,false],"medium_large":["https:\/\/www.arquimaster.com.ar\/web\/wp-content\/uploads\/2023\/08\/restaurante_ajoblanco_slide.jpg",698,364,false],"large":["https:\/\/www.arquimaster.com.ar\/web\/wp-content\/uploads\/2023\/08\/restaurante_ajoblanco_slide.jpg",698,364,false],"1536x1536":["https:\/\/www.arquimaster.com.ar\/web\/wp-content\/uploads\/2023\/08\/restaurante_ajoblanco_slide.jpg",698,364,false],"2048x2048":["https:\/\/www.arquimaster.com.ar\/web\/wp-content\/uploads\/2023\/08\/restaurante_ajoblanco_slide.jpg",698,364,false]},"uagb_author_info":{"display_name":"Arquimaster","author_link":"https:\/\/www.arquimaster.com.ar\/web\/author\/arquimaster\/"},"uagb_comment_info":0,"uagb_excerpt":"El mar mediterr\u00e1neo fue el concepto que defini\u00f3 la paleta de color y los elementos...","_links":{"self":[{"href":"https:\/\/www.arquimaster.com.ar\/web\/wp-json\/wp\/v2\/posts\/77186","targetHints":{"allow":["GET"]}}],"collection":[{"href":"https:\/\/www.arquimaster.com.ar\/web\/wp-json\/wp\/v2\/posts"}],"about":[{"href":"https:\/\/www.arquimaster.com.ar\/web\/wp-json\/wp\/v2\/types\/post"}],"author":[{"embeddable":true,"href":"https:\/\/www.arquimaster.com.ar\/web\/wp-json\/wp\/v2\/users\/1"}],"replies":[{"embeddable":true,"href":"https:\/\/www.arquimaster.com.ar\/web\/wp-json\/wp\/v2\/comments?post=77186"}],"version-history":[{"count":1,"href":"https:\/\/www.arquimaster.com.ar\/web\/wp-json\/wp\/v2\/posts\/77186\/revisions"}],"predecessor-version":[{"id":77206,"href":"https:\/\/www.arquimaster.com.ar\/web\/wp-json\/wp\/v2\/posts\/77186\/revisions\/77206"}],"wp:featuredmedia":[{"embeddable":true,"href":"https:\/\/www.arquimaster.com.ar\/web\/wp-json\/wp\/v2\/media\/77187"}],"wp:attachment":[{"href":"https:\/\/www.arquimaster.com.ar\/web\/wp-json\/wp\/v2\/media?parent=77186"}],"wp:term":[{"taxonomy":"category","embeddable":true,"href":"https:\/\/www.arquimaster.com.ar\/web\/wp-json\/wp\/v2\/categories?post=77186"},{"taxonomy":"post_tag","embeddable":true,"href":"https:\/\/www.arquimaster.com.ar\/web\/wp-json\/wp\/v2\/tags?post=77186"}],"curies":[{"name":"wp","href":"https:\/\/api.w.org\/{rel}","templated":true}]}}