{"id":77304,"date":"2023-08-24T19:34:08","date_gmt":"2023-08-24T22:34:08","guid":{"rendered":"https:\/\/www.arquimaster.com.ar\/web\/?p=77304"},"modified":"2023-09-19T14:26:46","modified_gmt":"2023-09-19T17:26:46","slug":"casa-luso-rvo-studio","status":"publish","type":"post","link":"https:\/\/www.arquimaster.com.ar\/web\/casa-luso-rvo-studio\/","title":{"rendered":"Casa Luso \/ RVO Studio"},"content":{"rendered":"<div style=\"margin-top: 0px; margin-bottom: 0px;\" class=\"sharethis-inline-share-buttons\" ><\/div><div class=\"b812932af2e751442846f039925109de\" data-index=\"1\" style=\"float: none; margin:25px 0 25px 0; text-align:center;\">\n<script async src=\"https:\/\/pagead2.googlesyndication.com\/pagead\/js\/adsbygoogle.js\"><\/script>\r\n<!-- Arquimaster (superior) -->\r\n<ins class=\"adsbygoogle\"\r\n     style=\"display:block\"\r\n     data-ad-client=\"ca-pub-6351072698456832\"\r\n     data-ad-slot=\"6455489680\"\r\n     data-ad-format=\"auto\"\r\n     data-full-width-responsive=\"true\"><\/ins>\r\n<script>\r\n     (adsbygoogle = window.adsbygoogle || []).push({});\r\n<\/script>\n<\/div>\n<p><strong>Casa Luso<\/strong> (Nuevo Vallarta, Nayarit, M\u00e9xico) por <strong>RVO Studio<\/strong>. Con m\u00e1s de 20 a\u00f1os de experiencia en el campo de la arquitectura, el equipo de RVO Arquitectos ha concebido esta obra con una visi\u00f3n contempor\u00e1nea y una meticulosa atenci\u00f3n a los detalles, buscando crear un espacio habitable que destaque la presencia de un impresionante \u00e1rbol higuera de 120 a\u00f1os, ubicado en un terreno plano frente a un estero en Nuevo Vallarta, Nayarit.<\/p>\n<div id='gallery-1' class='gallery galleryid-77304 gallery-columns-3 gallery-size-thumbnail'><figure class='gallery-item'>\n\t\t\t<div class='gallery-icon portrait'>\n\t\t\t\t<a href='https:\/\/www.arquimaster.com.ar\/web\/wp-content\/uploads\/2023\/08\/casa_luso_001.jpg' title=\"Casa Luso \/ RVO Studio (\u00a9 Marcos Garc\u00eda)\" data-rl_title=\"Casa Luso \/ RVO Studio (\u00a9 Marcos Garc\u00eda)\" class=\"rl-gallery-link\" data-rl_caption=\"Casa Luso \/ RVO Studio (\u00a9 Marcos Garc\u00eda)\" data-rel=\"lightbox-gallery-1\"><img loading=\"lazy\" decoding=\"async\" width=\"150\" height=\"150\" src=\"https:\/\/www.arquimaster.com.ar\/web\/wp-content\/uploads\/2023\/08\/casa_luso_001-150x150.jpg\" class=\"attachment-thumbnail size-thumbnail\" alt=\"Casa Luso \/ RVO Studio\" aria-describedby=\"gallery-1-77306\" \/><\/a>\n\t\t\t<\/div>\n\t\t\t\t<figcaption class='wp-caption-text gallery-caption' id='gallery-1-77306'>\n\t\t\t\tCasa Luso \/ RVO Studio (\u00a9 Marcos Garc\u00eda)\n\t\t\t\t<\/figcaption><\/figure><figure class='gallery-item'>\n\t\t\t<div class='gallery-icon landscape'>\n\t\t\t\t<a href='https:\/\/www.arquimaster.com.ar\/web\/wp-content\/uploads\/2023\/08\/casa_luso_002.jpg' title=\"Casa Luso \/ RVO Studio (\u00a9 Marcos Garc\u00eda)\" data-rl_title=\"Casa Luso \/ RVO Studio (\u00a9 Marcos Garc\u00eda)\" class=\"rl-gallery-link\" data-rl_caption=\"Casa Luso \/ RVO Studio (\u00a9 Marcos Garc\u00eda)\" data-rel=\"lightbox-gallery-1\"><img loading=\"lazy\" decoding=\"async\" width=\"150\" height=\"150\" src=\"https:\/\/www.arquimaster.com.ar\/web\/wp-content\/uploads\/2023\/08\/casa_luso_002-150x150.jpg\" class=\"attachment-thumbnail size-thumbnail\" alt=\"Casa Luso \/ RVO Studio\" aria-describedby=\"gallery-1-77307\" \/><\/a>\n\t\t\t<\/div>\n\t\t\t\t<figcaption class='wp-caption-text gallery-caption' id='gallery-1-77307'>\n\t\t\t\tCasa Luso \/ RVO Studio (\u00a9 Marcos Garc\u00eda)\n\t\t\t\t<\/figcaption><\/figure><figure class='gallery-item'>\n\t\t\t<div class='gallery-icon portrait'>\n\t\t\t\t<a href='https:\/\/www.arquimaster.com.ar\/web\/wp-content\/uploads\/2023\/08\/casa_luso_003.jpg' title=\"Casa Luso \/ RVO Studio (\u00a9 Marcos Garc\u00eda)\" data-rl_title=\"Casa Luso \/ RVO Studio (\u00a9 Marcos Garc\u00eda)\" class=\"rl-gallery-link\" data-rl_caption=\"Casa Luso \/ RVO Studio (\u00a9 Marcos Garc\u00eda)\" data-rel=\"lightbox-gallery-1\"><img loading=\"lazy\" decoding=\"async\" width=\"150\" height=\"150\" src=\"https:\/\/www.arquimaster.com.ar\/web\/wp-content\/uploads\/2023\/08\/casa_luso_003-150x150.jpg\" class=\"attachment-thumbnail size-thumbnail\" alt=\"Casa Luso \/ RVO Studio\" aria-describedby=\"gallery-1-77308\" \/><\/a>\n\t\t\t<\/div>\n\t\t\t\t<figcaption class='wp-caption-text gallery-caption' id='gallery-1-77308'>\n\t\t\t\tCasa Luso \/ RVO Studio (\u00a9 Marcos Garc\u00eda)\n\t\t\t\t<\/figcaption><\/figure><figure class='gallery-item'>\n\t\t\t<div class='gallery-icon portrait'>\n\t\t\t\t<a href='https:\/\/www.arquimaster.com.ar\/web\/wp-content\/uploads\/2023\/08\/casa_luso_004.jpg' title=\"Casa Luso \/ RVO Studio (\u00a9 Marcos Garc\u00eda)\" data-rl_title=\"Casa Luso \/ RVO Studio (\u00a9 Marcos Garc\u00eda)\" class=\"rl-gallery-link\" data-rl_caption=\"Casa Luso \/ RVO Studio (\u00a9 Marcos Garc\u00eda)\" data-rel=\"lightbox-gallery-1\"><img loading=\"lazy\" decoding=\"async\" width=\"150\" height=\"150\" src=\"https:\/\/www.arquimaster.com.ar\/web\/wp-content\/uploads\/2023\/08\/casa_luso_004-150x150.jpg\" class=\"attachment-thumbnail size-thumbnail\" alt=\"Casa Luso \/ RVO Studio\" aria-describedby=\"gallery-1-77309\" \/><\/a>\n\t\t\t<\/div>\n\t\t\t\t<figcaption class='wp-caption-text gallery-caption' id='gallery-1-77309'>\n\t\t\t\tCasa Luso \/ RVO Studio (\u00a9 Marcos Garc\u00eda)\n\t\t\t\t<\/figcaption><\/figure><figure class='gallery-item'>\n\t\t\t<div class='gallery-icon portrait'>\n\t\t\t\t<a href='https:\/\/www.arquimaster.com.ar\/web\/wp-content\/uploads\/2023\/08\/casa_luso_005.jpg' title=\"Casa Luso \/ RVO Studio (\u00a9 Marcos Garc\u00eda)\" data-rl_title=\"Casa Luso \/ RVO Studio (\u00a9 Marcos Garc\u00eda)\" class=\"rl-gallery-link\" data-rl_caption=\"Casa Luso \/ RVO Studio (\u00a9 Marcos Garc\u00eda)\" data-rel=\"lightbox-gallery-1\"><img loading=\"lazy\" decoding=\"async\" width=\"150\" height=\"150\" src=\"https:\/\/www.arquimaster.com.ar\/web\/wp-content\/uploads\/2023\/08\/casa_luso_005-150x150.jpg\" class=\"attachment-thumbnail size-thumbnail\" alt=\"Casa Luso \/ RVO Studio\" aria-describedby=\"gallery-1-77310\" \/><\/a>\n\t\t\t<\/div>\n\t\t\t\t<figcaption class='wp-caption-text gallery-caption' id='gallery-1-77310'>\n\t\t\t\tCasa Luso \/ RVO Studio (\u00a9 Marcos Garc\u00eda)\n\t\t\t\t<\/figcaption><\/figure><figure class='gallery-item'>\n\t\t\t<div class='gallery-icon landscape'>\n\t\t\t\t<a href='https:\/\/www.arquimaster.com.ar\/web\/wp-content\/uploads\/2023\/08\/casa_luso_006.jpg' title=\"Casa Luso \/ RVO Studio (\u00a9 Marcos Garc\u00eda)\" data-rl_title=\"Casa Luso \/ RVO Studio (\u00a9 Marcos Garc\u00eda)\" class=\"rl-gallery-link\" data-rl_caption=\"Casa Luso \/ RVO Studio (\u00a9 Marcos Garc\u00eda)\" data-rel=\"lightbox-gallery-1\"><img loading=\"lazy\" decoding=\"async\" width=\"150\" height=\"150\" src=\"https:\/\/www.arquimaster.com.ar\/web\/wp-content\/uploads\/2023\/08\/casa_luso_006-150x150.jpg\" class=\"attachment-thumbnail size-thumbnail\" alt=\"Casa Luso \/ RVO Studio\" aria-describedby=\"gallery-1-77311\" \/><\/a>\n\t\t\t<\/div>\n\t\t\t\t<figcaption class='wp-caption-text gallery-caption' id='gallery-1-77311'>\n\t\t\t\tCasa Luso \/ RVO Studio (\u00a9 Marcos Garc\u00eda)\n\t\t\t\t<\/figcaption><\/figure><figure class='gallery-item'>\n\t\t\t<div class='gallery-icon landscape'>\n\t\t\t\t<a href='https:\/\/www.arquimaster.com.ar\/web\/wp-content\/uploads\/2023\/08\/casa_luso_007.jpg' title=\"Casa Luso \/ RVO Studio (\u00a9 Marcos Garc\u00eda)\" data-rl_title=\"Casa Luso \/ RVO Studio (\u00a9 Marcos Garc\u00eda)\" class=\"rl-gallery-link\" data-rl_caption=\"Casa Luso \/ RVO Studio (\u00a9 Marcos Garc\u00eda)\" data-rel=\"lightbox-gallery-1\"><img loading=\"lazy\" decoding=\"async\" width=\"150\" height=\"150\" src=\"https:\/\/www.arquimaster.com.ar\/web\/wp-content\/uploads\/2023\/08\/casa_luso_007-150x150.jpg\" class=\"attachment-thumbnail size-thumbnail\" alt=\"Casa Luso \/ RVO Studio\" aria-describedby=\"gallery-1-77312\" \/><\/a>\n\t\t\t<\/div>\n\t\t\t\t<figcaption class='wp-caption-text gallery-caption' id='gallery-1-77312'>\n\t\t\t\tCasa Luso \/ RVO Studio (\u00a9 Marcos Garc\u00eda)\n\t\t\t\t<\/figcaption><\/figure><figure class='gallery-item'>\n\t\t\t<div class='gallery-icon landscape'>\n\t\t\t\t<a href='https:\/\/www.arquimaster.com.ar\/web\/wp-content\/uploads\/2023\/08\/casa_luso_008.jpg' title=\"Casa Luso \/ RVO Studio (\u00a9 Marcos Garc\u00eda)\" data-rl_title=\"Casa Luso \/ RVO Studio (\u00a9 Marcos Garc\u00eda)\" class=\"rl-gallery-link\" data-rl_caption=\"Casa Luso \/ RVO Studio (\u00a9 Marcos Garc\u00eda)\" data-rel=\"lightbox-gallery-1\"><img loading=\"lazy\" decoding=\"async\" width=\"150\" height=\"150\" src=\"https:\/\/www.arquimaster.com.ar\/web\/wp-content\/uploads\/2023\/08\/casa_luso_008-150x150.jpg\" class=\"attachment-thumbnail size-thumbnail\" alt=\"Casa Luso \/ RVO Studio\" aria-describedby=\"gallery-1-77313\" \/><\/a>\n\t\t\t<\/div>\n\t\t\t\t<figcaption class='wp-caption-text gallery-caption' id='gallery-1-77313'>\n\t\t\t\tCasa Luso \/ RVO Studio (\u00a9 Marcos Garc\u00eda)\n\t\t\t\t<\/figcaption><\/figure><figure class='gallery-item'>\n\t\t\t<div class='gallery-icon landscape'>\n\t\t\t\t<a href='https:\/\/www.arquimaster.com.ar\/web\/wp-content\/uploads\/2023\/08\/casa_luso_009.jpg' title=\"Casa Luso \/ RVO Studio (\u00a9 Marcos Garc\u00eda)\" data-rl_title=\"Casa Luso \/ RVO Studio (\u00a9 Marcos Garc\u00eda)\" class=\"rl-gallery-link\" data-rl_caption=\"Casa Luso \/ RVO Studio (\u00a9 Marcos Garc\u00eda)\" data-rel=\"lightbox-gallery-1\"><img loading=\"lazy\" decoding=\"async\" width=\"150\" height=\"150\" src=\"https:\/\/www.arquimaster.com.ar\/web\/wp-content\/uploads\/2023\/08\/casa_luso_009-150x150.jpg\" class=\"attachment-thumbnail size-thumbnail\" alt=\"Casa Luso \/ RVO Studio\" aria-describedby=\"gallery-1-77314\" \/><\/a>\n\t\t\t<\/div>\n\t\t\t\t<figcaption class='wp-caption-text gallery-caption' id='gallery-1-77314'>\n\t\t\t\tCasa Luso \/ RVO Studio (\u00a9 Marcos Garc\u00eda)\n\t\t\t\t<\/figcaption><\/figure><figure class='gallery-item'>\n\t\t\t<div class='gallery-icon landscape'>\n\t\t\t\t<a href='https:\/\/www.arquimaster.com.ar\/web\/wp-content\/uploads\/2023\/08\/casa_luso_010.jpg' title=\"Casa Luso \/ RVO Studio (\u00a9 Marcos Garc\u00eda)\" data-rl_title=\"Casa Luso \/ RVO Studio (\u00a9 Marcos Garc\u00eda)\" class=\"rl-gallery-link\" data-rl_caption=\"Casa Luso \/ RVO Studio (\u00a9 Marcos Garc\u00eda)\" data-rel=\"lightbox-gallery-1\"><img loading=\"lazy\" decoding=\"async\" width=\"150\" height=\"150\" src=\"https:\/\/www.arquimaster.com.ar\/web\/wp-content\/uploads\/2023\/08\/casa_luso_010-150x150.jpg\" class=\"attachment-thumbnail size-thumbnail\" alt=\"Casa Luso \/ RVO Studio\" aria-describedby=\"gallery-1-77315\" \/><\/a>\n\t\t\t<\/div>\n\t\t\t\t<figcaption class='wp-caption-text gallery-caption' id='gallery-1-77315'>\n\t\t\t\tCasa Luso \/ RVO Studio (\u00a9 Marcos Garc\u00eda)\n\t\t\t\t<\/figcaption><\/figure><figure class='gallery-item'>\n\t\t\t<div class='gallery-icon landscape'>\n\t\t\t\t<a href='https:\/\/www.arquimaster.com.ar\/web\/wp-content\/uploads\/2023\/08\/casa_luso_011.jpg' title=\"Casa Luso \/ RVO Studio (\u00a9 Marcos Garc\u00eda)\" data-rl_title=\"Casa Luso \/ RVO Studio (\u00a9 Marcos Garc\u00eda)\" class=\"rl-gallery-link\" data-rl_caption=\"Casa Luso \/ RVO Studio (\u00a9 Marcos Garc\u00eda)\" data-rel=\"lightbox-gallery-1\"><img loading=\"lazy\" decoding=\"async\" width=\"150\" height=\"150\" src=\"https:\/\/www.arquimaster.com.ar\/web\/wp-content\/uploads\/2023\/08\/casa_luso_011-150x150.jpg\" class=\"attachment-thumbnail size-thumbnail\" alt=\"Casa Luso \/ RVO Studio\" aria-describedby=\"gallery-1-77316\" \/><\/a>\n\t\t\t<\/div>\n\t\t\t\t<figcaption class='wp-caption-text gallery-caption' id='gallery-1-77316'>\n\t\t\t\tCasa Luso \/ RVO Studio (\u00a9 Marcos Garc\u00eda)\n\t\t\t\t<\/figcaption><\/figure><figure class='gallery-item'>\n\t\t\t<div class='gallery-icon landscape'>\n\t\t\t\t<a href='https:\/\/www.arquimaster.com.ar\/web\/wp-content\/uploads\/2023\/08\/casa_luso_012.jpg' title=\"Casa Luso \/ RVO Studio (\u00a9 Marcos Garc\u00eda)\" data-rl_title=\"Casa Luso \/ RVO Studio (\u00a9 Marcos Garc\u00eda)\" class=\"rl-gallery-link\" data-rl_caption=\"Casa Luso \/ RVO Studio (\u00a9 Marcos Garc\u00eda)\" data-rel=\"lightbox-gallery-1\"><img loading=\"lazy\" decoding=\"async\" width=\"150\" height=\"150\" src=\"https:\/\/www.arquimaster.com.ar\/web\/wp-content\/uploads\/2023\/08\/casa_luso_012-150x150.jpg\" class=\"attachment-thumbnail size-thumbnail\" alt=\"Casa Luso \/ RVO Studio\" aria-describedby=\"gallery-1-77317\" \/><\/a>\n\t\t\t<\/div>\n\t\t\t\t<figcaption class='wp-caption-text gallery-caption' id='gallery-1-77317'>\n\t\t\t\tCasa Luso \/ RVO Studio (\u00a9 Marcos Garc\u00eda)\n\t\t\t\t<\/figcaption><\/figure><figure class='gallery-item'>\n\t\t\t<div class='gallery-icon portrait'>\n\t\t\t\t<a href='https:\/\/www.arquimaster.com.ar\/web\/wp-content\/uploads\/2023\/08\/casa_luso_013.jpg' title=\"Casa Luso \/ RVO Studio (\u00a9 Marcos Garc\u00eda)\" data-rl_title=\"Casa Luso \/ RVO Studio (\u00a9 Marcos Garc\u00eda)\" class=\"rl-gallery-link\" data-rl_caption=\"Casa Luso \/ RVO Studio (\u00a9 Marcos Garc\u00eda)\" data-rel=\"lightbox-gallery-1\"><img loading=\"lazy\" decoding=\"async\" width=\"150\" height=\"150\" src=\"https:\/\/www.arquimaster.com.ar\/web\/wp-content\/uploads\/2023\/08\/casa_luso_013-150x150.jpg\" class=\"attachment-thumbnail size-thumbnail\" alt=\"Casa Luso \/ RVO Studio\" aria-describedby=\"gallery-1-77318\" \/><\/a>\n\t\t\t<\/div>\n\t\t\t\t<figcaption class='wp-caption-text gallery-caption' id='gallery-1-77318'>\n\t\t\t\tCasa Luso \/ RVO Studio (\u00a9 Marcos Garc\u00eda)\n\t\t\t\t<\/figcaption><\/figure><figure class='gallery-item'>\n\t\t\t<div class='gallery-icon landscape'>\n\t\t\t\t<a href='https:\/\/www.arquimaster.com.ar\/web\/wp-content\/uploads\/2023\/08\/casa_luso_014.jpg' title=\"Casa Luso \/ RVO Studio (\u00a9 Marcos Garc\u00eda)\" data-rl_title=\"Casa Luso \/ RVO Studio (\u00a9 Marcos Garc\u00eda)\" class=\"rl-gallery-link\" data-rl_caption=\"Casa Luso \/ RVO Studio (\u00a9 Marcos Garc\u00eda)\" data-rel=\"lightbox-gallery-1\"><img loading=\"lazy\" decoding=\"async\" width=\"150\" height=\"150\" src=\"https:\/\/www.arquimaster.com.ar\/web\/wp-content\/uploads\/2023\/08\/casa_luso_014-150x150.jpg\" class=\"attachment-thumbnail size-thumbnail\" alt=\"Casa Luso \/ RVO Studio\" aria-describedby=\"gallery-1-77319\" \/><\/a>\n\t\t\t<\/div>\n\t\t\t\t<figcaption class='wp-caption-text gallery-caption' id='gallery-1-77319'>\n\t\t\t\tCasa Luso \/ RVO Studio (\u00a9 Marcos Garc\u00eda)\n\t\t\t\t<\/figcaption><\/figure><figure class='gallery-item'>\n\t\t\t<div class='gallery-icon portrait'>\n\t\t\t\t<a href='https:\/\/www.arquimaster.com.ar\/web\/wp-content\/uploads\/2023\/08\/casa_luso_015.jpg' title=\"Casa Luso \/ RVO Studio (\u00a9 Marcos Garc\u00eda)\" data-rl_title=\"Casa Luso \/ RVO Studio (\u00a9 Marcos Garc\u00eda)\" class=\"rl-gallery-link\" data-rl_caption=\"Casa Luso \/ RVO Studio (\u00a9 Marcos Garc\u00eda)\" data-rel=\"lightbox-gallery-1\"><img loading=\"lazy\" decoding=\"async\" width=\"150\" height=\"150\" src=\"https:\/\/www.arquimaster.com.ar\/web\/wp-content\/uploads\/2023\/08\/casa_luso_015-150x150.jpg\" class=\"attachment-thumbnail size-thumbnail\" alt=\"Casa Luso \/ RVO Studio\" aria-describedby=\"gallery-1-77320\" \/><\/a>\n\t\t\t<\/div>\n\t\t\t\t<figcaption class='wp-caption-text gallery-caption' id='gallery-1-77320'>\n\t\t\t\tCasa Luso \/ RVO Studio (\u00a9 Marcos Garc\u00eda)\n\t\t\t\t<\/figcaption><\/figure><figure class='gallery-item'>\n\t\t\t<div class='gallery-icon portrait'>\n\t\t\t\t<a href='https:\/\/www.arquimaster.com.ar\/web\/wp-content\/uploads\/2023\/08\/casa_luso_016.jpg' title=\"Casa Luso \/ RVO Studio (\u00a9 Marcos Garc\u00eda)\" data-rl_title=\"Casa Luso \/ RVO Studio (\u00a9 Marcos Garc\u00eda)\" class=\"rl-gallery-link\" data-rl_caption=\"Casa Luso \/ RVO Studio (\u00a9 Marcos Garc\u00eda)\" data-rel=\"lightbox-gallery-1\"><img loading=\"lazy\" decoding=\"async\" width=\"150\" height=\"150\" src=\"https:\/\/www.arquimaster.com.ar\/web\/wp-content\/uploads\/2023\/08\/casa_luso_016-150x150.jpg\" class=\"attachment-thumbnail size-thumbnail\" alt=\"Casa Luso \/ RVO Studio\" aria-describedby=\"gallery-1-77321\" \/><\/a>\n\t\t\t<\/div>\n\t\t\t\t<figcaption class='wp-caption-text gallery-caption' id='gallery-1-77321'>\n\t\t\t\tCasa Luso \/ RVO Studio (\u00a9 Marcos Garc\u00eda)\n\t\t\t\t<\/figcaption><\/figure><figure class='gallery-item'>\n\t\t\t<div class='gallery-icon portrait'>\n\t\t\t\t<a href='https:\/\/www.arquimaster.com.ar\/web\/wp-content\/uploads\/2023\/08\/casa_luso_017.jpg' title=\"Casa Luso \/ RVO Studio (\u00a9 Marcos Garc\u00eda)\" data-rl_title=\"Casa Luso \/ RVO Studio (\u00a9 Marcos Garc\u00eda)\" class=\"rl-gallery-link\" data-rl_caption=\"Casa Luso \/ RVO Studio (\u00a9 Marcos Garc\u00eda)\" data-rel=\"lightbox-gallery-1\"><img loading=\"lazy\" decoding=\"async\" width=\"150\" height=\"150\" src=\"https:\/\/www.arquimaster.com.ar\/web\/wp-content\/uploads\/2023\/08\/casa_luso_017-150x150.jpg\" class=\"attachment-thumbnail size-thumbnail\" alt=\"Casa Luso \/ RVO Studio\" aria-describedby=\"gallery-1-77322\" \/><\/a>\n\t\t\t<\/div>\n\t\t\t\t<figcaption class='wp-caption-text gallery-caption' id='gallery-1-77322'>\n\t\t\t\tCasa Luso \/ RVO Studio (\u00a9 Marcos Garc\u00eda)\n\t\t\t\t<\/figcaption><\/figure><figure class='gallery-item'>\n\t\t\t<div class='gallery-icon portrait'>\n\t\t\t\t<a href='https:\/\/www.arquimaster.com.ar\/web\/wp-content\/uploads\/2023\/08\/casa_luso_018.jpg' title=\"Casa Luso \/ RVO Studio (\u00a9 Marcos Garc\u00eda)\" data-rl_title=\"Casa Luso \/ RVO Studio (\u00a9 Marcos Garc\u00eda)\" class=\"rl-gallery-link\" data-rl_caption=\"Casa Luso \/ RVO Studio (\u00a9 Marcos Garc\u00eda)\" data-rel=\"lightbox-gallery-1\"><img loading=\"lazy\" decoding=\"async\" width=\"150\" height=\"150\" src=\"https:\/\/www.arquimaster.com.ar\/web\/wp-content\/uploads\/2023\/08\/casa_luso_018-150x150.jpg\" class=\"attachment-thumbnail size-thumbnail\" alt=\"Casa Luso \/ RVO Studio\" aria-describedby=\"gallery-1-77323\" \/><\/a>\n\t\t\t<\/div>\n\t\t\t\t<figcaption class='wp-caption-text gallery-caption' id='gallery-1-77323'>\n\t\t\t\tCasa Luso \/ RVO Studio (\u00a9 Marcos Garc\u00eda)\n\t\t\t\t<\/figcaption><\/figure><figure class='gallery-item'>\n\t\t\t<div class='gallery-icon landscape'>\n\t\t\t\t<a href='https:\/\/www.arquimaster.com.ar\/web\/wp-content\/uploads\/2023\/08\/casa_luso_019.jpg' title=\"Casa Luso \/ RVO Studio (\u00a9 Marcos Garc\u00eda)\" data-rl_title=\"Casa Luso \/ RVO Studio (\u00a9 Marcos Garc\u00eda)\" class=\"rl-gallery-link\" data-rl_caption=\"Casa Luso \/ RVO Studio (\u00a9 Marcos Garc\u00eda)\" data-rel=\"lightbox-gallery-1\"><img loading=\"lazy\" decoding=\"async\" width=\"150\" height=\"150\" src=\"https:\/\/www.arquimaster.com.ar\/web\/wp-content\/uploads\/2023\/08\/casa_luso_019-150x150.jpg\" class=\"attachment-thumbnail size-thumbnail\" alt=\"Casa Luso \/ RVO Studio\" aria-describedby=\"gallery-1-77324\" \/><\/a>\n\t\t\t<\/div>\n\t\t\t\t<figcaption class='wp-caption-text gallery-caption' id='gallery-1-77324'>\n\t\t\t\tCasa Luso \/ RVO Studio (\u00a9 Marcos Garc\u00eda)\n\t\t\t\t<\/figcaption><\/figure><figure class='gallery-item'>\n\t\t\t<div class='gallery-icon portrait'>\n\t\t\t\t<a href='https:\/\/www.arquimaster.com.ar\/web\/wp-content\/uploads\/2023\/08\/casa_luso_020.jpg' title=\"Casa Luso \/ RVO Studio (\u00a9 Marcos Garc\u00eda)\" data-rl_title=\"Casa Luso \/ RVO Studio (\u00a9 Marcos Garc\u00eda)\" class=\"rl-gallery-link\" data-rl_caption=\"Casa Luso \/ RVO Studio (\u00a9 Marcos Garc\u00eda)\" data-rel=\"lightbox-gallery-1\"><img loading=\"lazy\" decoding=\"async\" width=\"150\" height=\"150\" src=\"https:\/\/www.arquimaster.com.ar\/web\/wp-content\/uploads\/2023\/08\/casa_luso_020-150x150.jpg\" class=\"attachment-thumbnail size-thumbnail\" alt=\"Casa Luso \/ RVO Studio\" aria-describedby=\"gallery-1-77325\" \/><\/a>\n\t\t\t<\/div>\n\t\t\t\t<figcaption class='wp-caption-text gallery-caption' id='gallery-1-77325'>\n\t\t\t\tCasa Luso \/ RVO Studio (\u00a9 Marcos Garc\u00eda)\n\t\t\t\t<\/figcaption><\/figure><figure class='gallery-item'>\n\t\t\t<div class='gallery-icon portrait'>\n\t\t\t\t<a href='https:\/\/www.arquimaster.com.ar\/web\/wp-content\/uploads\/2023\/08\/casa_luso_021.jpg' title=\"Casa Luso \/ RVO Studio (\u00a9 Marcos Garc\u00eda)\" data-rl_title=\"Casa Luso \/ RVO Studio (\u00a9 Marcos Garc\u00eda)\" class=\"rl-gallery-link\" data-rl_caption=\"Casa Luso \/ RVO Studio (\u00a9 Marcos Garc\u00eda)\" data-rel=\"lightbox-gallery-1\"><img loading=\"lazy\" decoding=\"async\" width=\"150\" height=\"150\" src=\"https:\/\/www.arquimaster.com.ar\/web\/wp-content\/uploads\/2023\/08\/casa_luso_021-150x150.jpg\" class=\"attachment-thumbnail size-thumbnail\" alt=\"Casa Luso \/ RVO Studio\" aria-describedby=\"gallery-1-77326\" \/><\/a>\n\t\t\t<\/div>\n\t\t\t\t<figcaption class='wp-caption-text gallery-caption' id='gallery-1-77326'>\n\t\t\t\tCasa Luso \/ RVO Studio (\u00a9 Marcos Garc\u00eda)\n\t\t\t\t<\/figcaption><\/figure><figure class='gallery-item'>\n\t\t\t<div class='gallery-icon landscape'>\n\t\t\t\t<a href='https:\/\/www.arquimaster.com.ar\/web\/wp-content\/uploads\/2023\/08\/casa_luso_022.jpg' title=\"Casa Luso \/ RVO Studio (\u00a9 Marcos Garc\u00eda)\" data-rl_title=\"Casa Luso \/ RVO Studio (\u00a9 Marcos Garc\u00eda)\" class=\"rl-gallery-link\" data-rl_caption=\"Casa Luso \/ RVO Studio (\u00a9 Marcos Garc\u00eda)\" data-rel=\"lightbox-gallery-1\"><img loading=\"lazy\" decoding=\"async\" width=\"150\" height=\"150\" src=\"https:\/\/www.arquimaster.com.ar\/web\/wp-content\/uploads\/2023\/08\/casa_luso_022-150x150.jpg\" class=\"attachment-thumbnail size-thumbnail\" alt=\"Casa Luso \/ RVO Studio\" aria-describedby=\"gallery-1-77327\" \/><\/a>\n\t\t\t<\/div>\n\t\t\t\t<figcaption class='wp-caption-text gallery-caption' id='gallery-1-77327'>\n\t\t\t\tCasa Luso \/ RVO Studio (\u00a9 Marcos Garc\u00eda)\n\t\t\t\t<\/figcaption><\/figure><figure class='gallery-item'>\n\t\t\t<div class='gallery-icon landscape'>\n\t\t\t\t<a href='https:\/\/www.arquimaster.com.ar\/web\/wp-content\/uploads\/2023\/08\/casa_luso_023.jpg' title=\"Casa Luso \/ RVO Studio (\u00a9 Marcos Garc\u00eda)\" data-rl_title=\"Casa Luso \/ RVO Studio (\u00a9 Marcos Garc\u00eda)\" class=\"rl-gallery-link\" data-rl_caption=\"Casa Luso \/ RVO Studio (\u00a9 Marcos Garc\u00eda)\" data-rel=\"lightbox-gallery-1\"><img loading=\"lazy\" decoding=\"async\" width=\"150\" height=\"150\" src=\"https:\/\/www.arquimaster.com.ar\/web\/wp-content\/uploads\/2023\/08\/casa_luso_023-150x150.jpg\" class=\"attachment-thumbnail size-thumbnail\" alt=\"Casa Luso \/ RVO Studio\" aria-describedby=\"gallery-1-77328\" \/><\/a>\n\t\t\t<\/div>\n\t\t\t\t<figcaption class='wp-caption-text gallery-caption' id='gallery-1-77328'>\n\t\t\t\tCasa Luso \/ RVO Studio (\u00a9 Marcos Garc\u00eda)\n\t\t\t\t<\/figcaption><\/figure><figure class='gallery-item'>\n\t\t\t<div class='gallery-icon landscape'>\n\t\t\t\t<a href='https:\/\/www.arquimaster.com.ar\/web\/wp-content\/uploads\/2023\/08\/casa_luso_024.jpg' title=\"Casa Luso \/ RVO Studio (\u00a9 Marcos Garc\u00eda)\" data-rl_title=\"Casa Luso \/ RVO Studio (\u00a9 Marcos Garc\u00eda)\" class=\"rl-gallery-link\" data-rl_caption=\"Casa Luso \/ RVO Studio (\u00a9 Marcos Garc\u00eda)\" data-rel=\"lightbox-gallery-1\"><img loading=\"lazy\" decoding=\"async\" width=\"150\" height=\"150\" src=\"https:\/\/www.arquimaster.com.ar\/web\/wp-content\/uploads\/2023\/08\/casa_luso_024-150x150.jpg\" class=\"attachment-thumbnail size-thumbnail\" alt=\"Casa Luso \/ RVO Studio\" aria-describedby=\"gallery-1-77329\" \/><\/a>\n\t\t\t<\/div>\n\t\t\t\t<figcaption class='wp-caption-text gallery-caption' id='gallery-1-77329'>\n\t\t\t\tCasa Luso \/ RVO Studio (\u00a9 Marcos Garc\u00eda)\n\t\t\t\t<\/figcaption><\/figure><figure class='gallery-item'>\n\t\t\t<div class='gallery-icon landscape'>\n\t\t\t\t<a href='https:\/\/www.arquimaster.com.ar\/web\/wp-content\/uploads\/2023\/08\/casa_luso_025.jpg' title=\"Casa Luso \/ RVO Studio (\u00a9 Marcos Garc\u00eda)\" data-rl_title=\"Casa Luso \/ RVO Studio (\u00a9 Marcos Garc\u00eda)\" class=\"rl-gallery-link\" data-rl_caption=\"Casa Luso \/ RVO Studio (\u00a9 Marcos Garc\u00eda)\" data-rel=\"lightbox-gallery-1\"><img loading=\"lazy\" decoding=\"async\" width=\"150\" height=\"150\" src=\"https:\/\/www.arquimaster.com.ar\/web\/wp-content\/uploads\/2023\/08\/casa_luso_025-150x150.jpg\" class=\"attachment-thumbnail size-thumbnail\" alt=\"Casa Luso \/ RVO Studio\" aria-describedby=\"gallery-1-77330\" \/><\/a>\n\t\t\t<\/div>\n\t\t\t\t<figcaption class='wp-caption-text gallery-caption' id='gallery-1-77330'>\n\t\t\t\tCasa Luso \/ RVO Studio (\u00a9 Marcos Garc\u00eda)\n\t\t\t\t<\/figcaption><\/figure><figure class='gallery-item'>\n\t\t\t<div class='gallery-icon landscape'>\n\t\t\t\t<a href='https:\/\/www.arquimaster.com.ar\/web\/wp-content\/uploads\/2023\/08\/casa_luso_026.jpg' title=\"Casa Luso \/ RVO Studio (\u00a9 Marcos Garc\u00eda)\" data-rl_title=\"Casa Luso \/ RVO Studio (\u00a9 Marcos Garc\u00eda)\" class=\"rl-gallery-link\" data-rl_caption=\"Casa Luso \/ RVO Studio (\u00a9 Marcos Garc\u00eda)\" data-rel=\"lightbox-gallery-1\"><img loading=\"lazy\" decoding=\"async\" width=\"150\" height=\"150\" src=\"https:\/\/www.arquimaster.com.ar\/web\/wp-content\/uploads\/2023\/08\/casa_luso_026-150x150.jpg\" class=\"attachment-thumbnail size-thumbnail\" alt=\"Casa Luso \/ RVO Studio\" aria-describedby=\"gallery-1-77331\" \/><\/a>\n\t\t\t<\/div>\n\t\t\t\t<figcaption class='wp-caption-text gallery-caption' id='gallery-1-77331'>\n\t\t\t\tCasa Luso \/ RVO Studio (\u00a9 Marcos Garc\u00eda)\n\t\t\t\t<\/figcaption><\/figure><figure class='gallery-item'>\n\t\t\t<div class='gallery-icon landscape'>\n\t\t\t\t<a href='https:\/\/www.arquimaster.com.ar\/web\/wp-content\/uploads\/2023\/08\/casa_luso_027.jpg' title=\"Casa Luso \/ RVO Studio (\u00a9 Marcos Garc\u00eda)\" data-rl_title=\"Casa Luso \/ RVO Studio (\u00a9 Marcos Garc\u00eda)\" class=\"rl-gallery-link\" data-rl_caption=\"Casa Luso \/ RVO Studio (\u00a9 Marcos Garc\u00eda)\" data-rel=\"lightbox-gallery-1\"><img loading=\"lazy\" decoding=\"async\" width=\"150\" height=\"150\" src=\"https:\/\/www.arquimaster.com.ar\/web\/wp-content\/uploads\/2023\/08\/casa_luso_027-150x150.jpg\" class=\"attachment-thumbnail size-thumbnail\" alt=\"Casa Luso \/ RVO Studio\" aria-describedby=\"gallery-1-77332\" \/><\/a>\n\t\t\t<\/div>\n\t\t\t\t<figcaption class='wp-caption-text gallery-caption' id='gallery-1-77332'>\n\t\t\t\tCasa Luso \/ RVO Studio (\u00a9 Marcos Garc\u00eda)\n\t\t\t\t<\/figcaption><\/figure>\n\t\t<\/div>\n\n<p><strong>Contexto y concepto<\/strong><br \/>El proyecto Casa Luso se desarrolla en un entorno privilegiado en medio de la naturaleza, donde la figura imponente del \u00e1rbol higuera se convierte en el centro del dise\u00f1o y la intenci\u00f3n del proyecto. Cada detalle ha sido concebido para destacar la presencia del \u00e1rbol, permitiendo que este elemento natural se destaque sobre cualquier otro material o detalle arquitect\u00f3nico.<\/p>\n<p>La paleta de colores utilizada es sobria y terrosa, con el prop\u00f3sito de crear un lienzo neutro que realce la presencia del \u00e1rbol en el fondo. La fachada cuenta con una celos\u00eda de dise\u00f1o propio, que aporta privacidad y control de la luz solar, mientras permite el paso de una luz suave y filtrada a lo largo del a\u00f1o, creando ambientes agradables con relaci\u00f3n al clima de la regi\u00f3n.<\/p>\n<div id='gallery-2' class='gallery galleryid-77304 gallery-columns-3 gallery-size-thumbnail'><figure class='gallery-item'>\n\t\t\t<div class='gallery-icon landscape'>\n\t\t\t\t<a href='https:\/\/www.arquimaster.com.ar\/web\/wp-content\/uploads\/2023\/08\/casa_luso_028.jpg' title=\"Casa Luso \/ RVO Studio (\u00a9 Marcos Garc\u00eda)\" data-rl_title=\"Casa Luso \/ RVO Studio (\u00a9 Marcos Garc\u00eda)\" class=\"rl-gallery-link\" data-rl_caption=\"Casa Luso \/ RVO Studio (\u00a9 Marcos Garc\u00eda)\" data-rel=\"lightbox-gallery-2\"><img loading=\"lazy\" decoding=\"async\" width=\"150\" height=\"150\" src=\"https:\/\/www.arquimaster.com.ar\/web\/wp-content\/uploads\/2023\/08\/casa_luso_028-150x150.jpg\" class=\"attachment-thumbnail size-thumbnail\" alt=\"Casa Luso \/ RVO Studio\" aria-describedby=\"gallery-2-77333\" \/><\/a>\n\t\t\t<\/div>\n\t\t\t\t<figcaption class='wp-caption-text gallery-caption' id='gallery-2-77333'>\n\t\t\t\tCasa Luso \/ RVO Studio (\u00a9 Marcos Garc\u00eda)\n\t\t\t\t<\/figcaption><\/figure><figure class='gallery-item'>\n\t\t\t<div class='gallery-icon landscape'>\n\t\t\t\t<a href='https:\/\/www.arquimaster.com.ar\/web\/wp-content\/uploads\/2023\/08\/casa_luso_029.jpg' title=\"Casa Luso \/ RVO Studio (\u00a9 Marcos Garc\u00eda)\" data-rl_title=\"Casa Luso \/ RVO Studio (\u00a9 Marcos Garc\u00eda)\" class=\"rl-gallery-link\" data-rl_caption=\"Casa Luso \/ RVO Studio (\u00a9 Marcos Garc\u00eda)\" data-rel=\"lightbox-gallery-2\"><img loading=\"lazy\" decoding=\"async\" width=\"150\" height=\"150\" src=\"https:\/\/www.arquimaster.com.ar\/web\/wp-content\/uploads\/2023\/08\/casa_luso_029-150x150.jpg\" class=\"attachment-thumbnail size-thumbnail\" alt=\"Casa Luso \/ RVO Studio\" aria-describedby=\"gallery-2-77334\" \/><\/a>\n\t\t\t<\/div>\n\t\t\t\t<figcaption class='wp-caption-text gallery-caption' id='gallery-2-77334'>\n\t\t\t\tCasa Luso \/ RVO Studio (\u00a9 Marcos Garc\u00eda)\n\t\t\t\t<\/figcaption><\/figure><figure class='gallery-item'>\n\t\t\t<div class='gallery-icon landscape'>\n\t\t\t\t<a href='https:\/\/www.arquimaster.com.ar\/web\/wp-content\/uploads\/2023\/08\/casa_luso_030.jpg' title=\"Casa Luso \/ RVO Studio (\u00a9 Marcos Garc\u00eda)\" data-rl_title=\"Casa Luso \/ RVO Studio (\u00a9 Marcos Garc\u00eda)\" class=\"rl-gallery-link\" data-rl_caption=\"Casa Luso \/ RVO Studio (\u00a9 Marcos Garc\u00eda)\" data-rel=\"lightbox-gallery-2\"><img loading=\"lazy\" decoding=\"async\" width=\"150\" height=\"150\" src=\"https:\/\/www.arquimaster.com.ar\/web\/wp-content\/uploads\/2023\/08\/casa_luso_030-150x150.jpg\" class=\"attachment-thumbnail size-thumbnail\" alt=\"Casa Luso \/ RVO Studio\" aria-describedby=\"gallery-2-77335\" \/><\/a>\n\t\t\t<\/div>\n\t\t\t\t<figcaption class='wp-caption-text gallery-caption' id='gallery-2-77335'>\n\t\t\t\tCasa Luso \/ RVO Studio (\u00a9 Marcos Garc\u00eda)\n\t\t\t\t<\/figcaption><\/figure><figure class='gallery-item'>\n\t\t\t<div class='gallery-icon landscape'>\n\t\t\t\t<a href='https:\/\/www.arquimaster.com.ar\/web\/wp-content\/uploads\/2023\/08\/casa_luso_031.jpg' title=\"Casa Luso \/ RVO Studio (\u00a9 Marcos Garc\u00eda)\" data-rl_title=\"Casa Luso \/ RVO Studio (\u00a9 Marcos Garc\u00eda)\" class=\"rl-gallery-link\" data-rl_caption=\"Casa Luso \/ RVO Studio (\u00a9 Marcos Garc\u00eda)\" data-rel=\"lightbox-gallery-2\"><img loading=\"lazy\" decoding=\"async\" width=\"150\" height=\"150\" src=\"https:\/\/www.arquimaster.com.ar\/web\/wp-content\/uploads\/2023\/08\/casa_luso_031-150x150.jpg\" class=\"attachment-thumbnail size-thumbnail\" alt=\"Casa Luso \/ RVO Studio\" aria-describedby=\"gallery-2-77336\" \/><\/a>\n\t\t\t<\/div>\n\t\t\t\t<figcaption class='wp-caption-text gallery-caption' id='gallery-2-77336'>\n\t\t\t\tCasa Luso \/ RVO Studio (\u00a9 Marcos Garc\u00eda)\n\t\t\t\t<\/figcaption><\/figure><figure class='gallery-item'>\n\t\t\t<div class='gallery-icon landscape'>\n\t\t\t\t<a href='https:\/\/www.arquimaster.com.ar\/web\/wp-content\/uploads\/2023\/08\/casa_luso_032.jpg' title=\"Casa Luso \/ RVO Studio (\u00a9 Marcos Garc\u00eda)\" data-rl_title=\"Casa Luso \/ RVO Studio (\u00a9 Marcos Garc\u00eda)\" class=\"rl-gallery-link\" data-rl_caption=\"Casa Luso \/ RVO Studio (\u00a9 Marcos Garc\u00eda)\" data-rel=\"lightbox-gallery-2\"><img loading=\"lazy\" decoding=\"async\" width=\"150\" height=\"150\" src=\"https:\/\/www.arquimaster.com.ar\/web\/wp-content\/uploads\/2023\/08\/casa_luso_032-150x150.jpg\" class=\"attachment-thumbnail size-thumbnail\" alt=\"Casa Luso \/ RVO Studio\" aria-describedby=\"gallery-2-77337\" \/><\/a>\n\t\t\t<\/div>\n\t\t\t\t<figcaption class='wp-caption-text gallery-caption' id='gallery-2-77337'>\n\t\t\t\tCasa Luso \/ RVO Studio (\u00a9 Marcos Garc\u00eda)\n\t\t\t\t<\/figcaption><\/figure><figure class='gallery-item'>\n\t\t\t<div class='gallery-icon portrait'>\n\t\t\t\t<a href='https:\/\/www.arquimaster.com.ar\/web\/wp-content\/uploads\/2023\/08\/casa_luso_033.jpg' title=\"Casa Luso \/ RVO Studio (\u00a9 Marcos Garc\u00eda)\" data-rl_title=\"Casa Luso \/ RVO Studio (\u00a9 Marcos Garc\u00eda)\" class=\"rl-gallery-link\" data-rl_caption=\"Casa Luso \/ RVO Studio (\u00a9 Marcos Garc\u00eda)\" data-rel=\"lightbox-gallery-2\"><img loading=\"lazy\" decoding=\"async\" width=\"150\" height=\"150\" src=\"https:\/\/www.arquimaster.com.ar\/web\/wp-content\/uploads\/2023\/08\/casa_luso_033-150x150.jpg\" class=\"attachment-thumbnail size-thumbnail\" alt=\"Casa Luso \/ RVO Studio\" aria-describedby=\"gallery-2-77338\" \/><\/a>\n\t\t\t<\/div>\n\t\t\t\t<figcaption class='wp-caption-text gallery-caption' id='gallery-2-77338'>\n\t\t\t\tCasa Luso \/ RVO Studio (\u00a9 Marcos Garc\u00eda)\n\t\t\t\t<\/figcaption><\/figure><figure class='gallery-item'>\n\t\t\t<div class='gallery-icon landscape'>\n\t\t\t\t<a href='https:\/\/www.arquimaster.com.ar\/web\/wp-content\/uploads\/2023\/08\/casa_luso_034.jpg' title=\"Casa Luso \/ RVO Studio (\u00a9 Marcos Garc\u00eda)\" data-rl_title=\"Casa Luso \/ RVO Studio (\u00a9 Marcos Garc\u00eda)\" class=\"rl-gallery-link\" data-rl_caption=\"Casa Luso \/ RVO Studio (\u00a9 Marcos Garc\u00eda)\" data-rel=\"lightbox-gallery-2\"><img loading=\"lazy\" decoding=\"async\" width=\"150\" height=\"150\" src=\"https:\/\/www.arquimaster.com.ar\/web\/wp-content\/uploads\/2023\/08\/casa_luso_034-150x150.jpg\" class=\"attachment-thumbnail size-thumbnail\" alt=\"Casa Luso \/ RVO Studio\" aria-describedby=\"gallery-2-77339\" \/><\/a>\n\t\t\t<\/div>\n\t\t\t\t<figcaption class='wp-caption-text gallery-caption' id='gallery-2-77339'>\n\t\t\t\tCasa Luso \/ RVO Studio (\u00a9 Marcos Garc\u00eda)\n\t\t\t\t<\/figcaption><\/figure><figure class='gallery-item'>\n\t\t\t<div class='gallery-icon landscape'>\n\t\t\t\t<a href='https:\/\/www.arquimaster.com.ar\/web\/wp-content\/uploads\/2023\/08\/casa_luso_035.jpg' title=\"Casa Luso \/ RVO Studio (\u00a9 Marcos Garc\u00eda)\" data-rl_title=\"Casa Luso \/ RVO Studio (\u00a9 Marcos Garc\u00eda)\" class=\"rl-gallery-link\" data-rl_caption=\"Casa Luso \/ RVO Studio (\u00a9 Marcos Garc\u00eda)\" data-rel=\"lightbox-gallery-2\"><img loading=\"lazy\" decoding=\"async\" width=\"150\" height=\"150\" src=\"https:\/\/www.arquimaster.com.ar\/web\/wp-content\/uploads\/2023\/08\/casa_luso_035-150x150.jpg\" class=\"attachment-thumbnail size-thumbnail\" alt=\"Casa Luso \/ RVO Studio\" aria-describedby=\"gallery-2-77340\" \/><\/a>\n\t\t\t<\/div>\n\t\t\t\t<figcaption class='wp-caption-text gallery-caption' id='gallery-2-77340'>\n\t\t\t\tCasa Luso \/ RVO Studio (\u00a9 Marcos Garc\u00eda)\n\t\t\t\t<\/figcaption><\/figure><figure class='gallery-item'>\n\t\t\t<div class='gallery-icon landscape'>\n\t\t\t\t<a href='https:\/\/www.arquimaster.com.ar\/web\/wp-content\/uploads\/2023\/08\/casa_luso_036.jpg' title=\"Casa Luso \/ RVO Studio (\u00a9 Marcos Garc\u00eda)\" data-rl_title=\"Casa Luso \/ RVO Studio (\u00a9 Marcos Garc\u00eda)\" class=\"rl-gallery-link\" data-rl_caption=\"Casa Luso \/ RVO Studio (\u00a9 Marcos Garc\u00eda)\" data-rel=\"lightbox-gallery-2\"><img loading=\"lazy\" decoding=\"async\" width=\"150\" height=\"150\" src=\"https:\/\/www.arquimaster.com.ar\/web\/wp-content\/uploads\/2023\/08\/casa_luso_036-150x150.jpg\" class=\"attachment-thumbnail size-thumbnail\" alt=\"Casa Luso \/ RVO Studio\" aria-describedby=\"gallery-2-77341\" \/><\/a>\n\t\t\t<\/div>\n\t\t\t\t<figcaption class='wp-caption-text gallery-caption' id='gallery-2-77341'>\n\t\t\t\tCasa Luso \/ RVO Studio (\u00a9 Marcos Garc\u00eda)\n\t\t\t\t<\/figcaption><\/figure><figure class='gallery-item'>\n\t\t\t<div class='gallery-icon landscape'>\n\t\t\t\t<a href='https:\/\/www.arquimaster.com.ar\/web\/wp-content\/uploads\/2023\/08\/casa_luso_037.jpg' title=\"Casa Luso \/ RVO Studio (\u00a9 Marcos Garc\u00eda)\" data-rl_title=\"Casa Luso \/ RVO Studio (\u00a9 Marcos Garc\u00eda)\" class=\"rl-gallery-link\" data-rl_caption=\"Casa Luso \/ RVO Studio (\u00a9 Marcos Garc\u00eda)\" data-rel=\"lightbox-gallery-2\"><img loading=\"lazy\" decoding=\"async\" width=\"150\" height=\"150\" src=\"https:\/\/www.arquimaster.com.ar\/web\/wp-content\/uploads\/2023\/08\/casa_luso_037-150x150.jpg\" class=\"attachment-thumbnail size-thumbnail\" alt=\"Casa Luso \/ RVO Studio\" aria-describedby=\"gallery-2-77342\" \/><\/a>\n\t\t\t<\/div>\n\t\t\t\t<figcaption class='wp-caption-text gallery-caption' id='gallery-2-77342'>\n\t\t\t\tCasa Luso \/ RVO Studio (\u00a9 Marcos Garc\u00eda)\n\t\t\t\t<\/figcaption><\/figure><figure class='gallery-item'>\n\t\t\t<div class='gallery-icon landscape'>\n\t\t\t\t<a href='https:\/\/www.arquimaster.com.ar\/web\/wp-content\/uploads\/2023\/08\/casa_luso_038.jpg' title=\"Casa Luso \/ RVO Studio (\u00a9 Marcos Garc\u00eda)\" data-rl_title=\"Casa Luso \/ RVO Studio (\u00a9 Marcos Garc\u00eda)\" class=\"rl-gallery-link\" data-rl_caption=\"Casa Luso \/ RVO Studio (\u00a9 Marcos Garc\u00eda)\" data-rel=\"lightbox-gallery-2\"><img loading=\"lazy\" decoding=\"async\" width=\"150\" height=\"150\" src=\"https:\/\/www.arquimaster.com.ar\/web\/wp-content\/uploads\/2023\/08\/casa_luso_038-150x150.jpg\" class=\"attachment-thumbnail size-thumbnail\" alt=\"Casa Luso \/ RVO Studio\" aria-describedby=\"gallery-2-77343\" \/><\/a>\n\t\t\t<\/div>\n\t\t\t\t<figcaption class='wp-caption-text gallery-caption' id='gallery-2-77343'>\n\t\t\t\tCasa Luso \/ RVO Studio (\u00a9 Marcos Garc\u00eda)\n\t\t\t\t<\/figcaption><\/figure><figure class='gallery-item'>\n\t\t\t<div class='gallery-icon portrait'>\n\t\t\t\t<a href='https:\/\/www.arquimaster.com.ar\/web\/wp-content\/uploads\/2023\/08\/casa_luso_039.jpg' title=\"Casa Luso \/ RVO Studio (\u00a9 Marcos Garc\u00eda)\" data-rl_title=\"Casa Luso \/ RVO Studio (\u00a9 Marcos Garc\u00eda)\" class=\"rl-gallery-link\" data-rl_caption=\"Casa Luso \/ RVO Studio (\u00a9 Marcos Garc\u00eda)\" data-rel=\"lightbox-gallery-2\"><img loading=\"lazy\" decoding=\"async\" width=\"150\" height=\"150\" src=\"https:\/\/www.arquimaster.com.ar\/web\/wp-content\/uploads\/2023\/08\/casa_luso_039-150x150.jpg\" class=\"attachment-thumbnail size-thumbnail\" alt=\"Casa Luso \/ RVO Studio\" aria-describedby=\"gallery-2-77344\" \/><\/a>\n\t\t\t<\/div>\n\t\t\t\t<figcaption class='wp-caption-text gallery-caption' id='gallery-2-77344'>\n\t\t\t\tCasa Luso \/ RVO Studio (\u00a9 Marcos Garc\u00eda)\n\t\t\t\t<\/figcaption><\/figure><figure class='gallery-item'>\n\t\t\t<div class='gallery-icon portrait'>\n\t\t\t\t<a href='https:\/\/www.arquimaster.com.ar\/web\/wp-content\/uploads\/2023\/08\/casa_luso_040.jpg' title=\"Casa Luso \/ RVO Studio (\u00a9 Marcos Garc\u00eda)\" data-rl_title=\"Casa Luso \/ RVO Studio (\u00a9 Marcos Garc\u00eda)\" class=\"rl-gallery-link\" data-rl_caption=\"Casa Luso \/ RVO Studio (\u00a9 Marcos Garc\u00eda)\" data-rel=\"lightbox-gallery-2\"><img loading=\"lazy\" decoding=\"async\" width=\"150\" height=\"150\" src=\"https:\/\/www.arquimaster.com.ar\/web\/wp-content\/uploads\/2023\/08\/casa_luso_040-150x150.jpg\" class=\"attachment-thumbnail size-thumbnail\" alt=\"Casa Luso \/ RVO Studio\" aria-describedby=\"gallery-2-77345\" \/><\/a>\n\t\t\t<\/div>\n\t\t\t\t<figcaption class='wp-caption-text gallery-caption' id='gallery-2-77345'>\n\t\t\t\tCasa Luso \/ RVO Studio (\u00a9 Marcos Garc\u00eda)\n\t\t\t\t<\/figcaption><\/figure><figure class='gallery-item'>\n\t\t\t<div class='gallery-icon landscape'>\n\t\t\t\t<a href='https:\/\/www.arquimaster.com.ar\/web\/wp-content\/uploads\/2023\/08\/casa_luso_041.jpg' title=\"Casa Luso \/ RVO Studio (\u00a9 Marcos Garc\u00eda)\" data-rl_title=\"Casa Luso \/ RVO Studio (\u00a9 Marcos Garc\u00eda)\" class=\"rl-gallery-link\" data-rl_caption=\"Casa Luso \/ RVO Studio (\u00a9 Marcos Garc\u00eda)\" data-rel=\"lightbox-gallery-2\"><img loading=\"lazy\" decoding=\"async\" width=\"150\" height=\"150\" src=\"https:\/\/www.arquimaster.com.ar\/web\/wp-content\/uploads\/2023\/08\/casa_luso_041-150x150.jpg\" class=\"attachment-thumbnail size-thumbnail\" alt=\"Casa Luso \/ RVO Studio\" aria-describedby=\"gallery-2-77346\" \/><\/a>\n\t\t\t<\/div>\n\t\t\t\t<figcaption class='wp-caption-text gallery-caption' id='gallery-2-77346'>\n\t\t\t\tCasa Luso \/ RVO Studio (\u00a9 Marcos Garc\u00eda)\n\t\t\t\t<\/figcaption><\/figure><figure class='gallery-item'>\n\t\t\t<div class='gallery-icon portrait'>\n\t\t\t\t<a href='https:\/\/www.arquimaster.com.ar\/web\/wp-content\/uploads\/2023\/08\/casa_luso_042.jpg' title=\"Casa Luso \/ RVO Studio (\u00a9 Marcos Garc\u00eda)\" data-rl_title=\"Casa Luso \/ RVO Studio (\u00a9 Marcos Garc\u00eda)\" class=\"rl-gallery-link\" data-rl_caption=\"Casa Luso \/ RVO Studio (\u00a9 Marcos Garc\u00eda)\" data-rel=\"lightbox-gallery-2\"><img loading=\"lazy\" decoding=\"async\" width=\"150\" height=\"150\" src=\"https:\/\/www.arquimaster.com.ar\/web\/wp-content\/uploads\/2023\/08\/casa_luso_042-150x150.jpg\" class=\"attachment-thumbnail size-thumbnail\" alt=\"Casa Luso \/ RVO Studio\" aria-describedby=\"gallery-2-77347\" \/><\/a>\n\t\t\t<\/div>\n\t\t\t\t<figcaption class='wp-caption-text gallery-caption' id='gallery-2-77347'>\n\t\t\t\tCasa Luso \/ RVO Studio (\u00a9 Marcos Garc\u00eda)\n\t\t\t\t<\/figcaption><\/figure><figure class='gallery-item'>\n\t\t\t<div class='gallery-icon landscape'>\n\t\t\t\t<a href='https:\/\/www.arquimaster.com.ar\/web\/wp-content\/uploads\/2023\/08\/casa_luso_043.jpg' title=\"Casa Luso \/ RVO Studio (\u00a9 Marcos Garc\u00eda)\" data-rl_title=\"Casa Luso \/ RVO Studio (\u00a9 Marcos Garc\u00eda)\" class=\"rl-gallery-link\" data-rl_caption=\"Casa Luso \/ RVO Studio (\u00a9 Marcos Garc\u00eda)\" data-rel=\"lightbox-gallery-2\"><img loading=\"lazy\" decoding=\"async\" width=\"150\" height=\"150\" src=\"https:\/\/www.arquimaster.com.ar\/web\/wp-content\/uploads\/2023\/08\/casa_luso_043-150x150.jpg\" class=\"attachment-thumbnail size-thumbnail\" alt=\"Casa Luso \/ RVO Studio\" aria-describedby=\"gallery-2-77348\" \/><\/a>\n\t\t\t<\/div>\n\t\t\t\t<figcaption class='wp-caption-text gallery-caption' id='gallery-2-77348'>\n\t\t\t\tCasa Luso \/ RVO Studio (\u00a9 Marcos Garc\u00eda)\n\t\t\t\t<\/figcaption><\/figure><figure class='gallery-item'>\n\t\t\t<div class='gallery-icon landscape'>\n\t\t\t\t<a href='https:\/\/www.arquimaster.com.ar\/web\/wp-content\/uploads\/2023\/08\/casa_luso_044.jpg' title=\"Casa Luso \/ RVO Studio (\u00a9 Marcos Garc\u00eda)\" data-rl_title=\"Casa Luso \/ RVO Studio (\u00a9 Marcos Garc\u00eda)\" class=\"rl-gallery-link\" data-rl_caption=\"Casa Luso \/ RVO Studio (\u00a9 Marcos Garc\u00eda)\" data-rel=\"lightbox-gallery-2\"><img loading=\"lazy\" decoding=\"async\" width=\"150\" height=\"150\" src=\"https:\/\/www.arquimaster.com.ar\/web\/wp-content\/uploads\/2023\/08\/casa_luso_044-150x150.jpg\" class=\"attachment-thumbnail size-thumbnail\" alt=\"Casa Luso \/ RVO Studio\" aria-describedby=\"gallery-2-77349\" \/><\/a>\n\t\t\t<\/div>\n\t\t\t\t<figcaption class='wp-caption-text gallery-caption' id='gallery-2-77349'>\n\t\t\t\tCasa Luso \/ RVO Studio (\u00a9 Marcos Garc\u00eda)\n\t\t\t\t<\/figcaption><\/figure><figure class='gallery-item'>\n\t\t\t<div class='gallery-icon portrait'>\n\t\t\t\t<a href='https:\/\/www.arquimaster.com.ar\/web\/wp-content\/uploads\/2023\/08\/casa_luso_045.jpg' title=\"Casa Luso \/ RVO Studio (\u00a9 Marcos Garc\u00eda)\" data-rl_title=\"Casa Luso \/ RVO Studio (\u00a9 Marcos Garc\u00eda)\" class=\"rl-gallery-link\" data-rl_caption=\"Casa Luso \/ RVO Studio (\u00a9 Marcos Garc\u00eda)\" data-rel=\"lightbox-gallery-2\"><img loading=\"lazy\" decoding=\"async\" width=\"150\" height=\"150\" src=\"https:\/\/www.arquimaster.com.ar\/web\/wp-content\/uploads\/2023\/08\/casa_luso_045-150x150.jpg\" class=\"attachment-thumbnail size-thumbnail\" alt=\"Casa Luso \/ RVO Studio\" aria-describedby=\"gallery-2-77350\" \/><\/a>\n\t\t\t<\/div>\n\t\t\t\t<figcaption class='wp-caption-text gallery-caption' id='gallery-2-77350'>\n\t\t\t\tCasa Luso \/ RVO Studio (\u00a9 Marcos Garc\u00eda)\n\t\t\t\t<\/figcaption><\/figure><figure class='gallery-item'>\n\t\t\t<div class='gallery-icon portrait'>\n\t\t\t\t<a href='https:\/\/www.arquimaster.com.ar\/web\/wp-content\/uploads\/2023\/08\/casa_luso_046.jpg' title=\"Casa Luso \/ RVO Studio (\u00a9 Marcos Garc\u00eda)\" data-rl_title=\"Casa Luso \/ RVO Studio (\u00a9 Marcos Garc\u00eda)\" class=\"rl-gallery-link\" data-rl_caption=\"Casa Luso \/ RVO Studio (\u00a9 Marcos Garc\u00eda)\" data-rel=\"lightbox-gallery-2\"><img loading=\"lazy\" decoding=\"async\" width=\"150\" height=\"150\" src=\"https:\/\/www.arquimaster.com.ar\/web\/wp-content\/uploads\/2023\/08\/casa_luso_046-150x150.jpg\" class=\"attachment-thumbnail size-thumbnail\" alt=\"Casa Luso \/ RVO Studio\" aria-describedby=\"gallery-2-77351\" \/><\/a>\n\t\t\t<\/div>\n\t\t\t\t<figcaption class='wp-caption-text gallery-caption' id='gallery-2-77351'>\n\t\t\t\tCasa Luso \/ RVO Studio (\u00a9 Marcos Garc\u00eda)\n\t\t\t\t<\/figcaption><\/figure><figure class='gallery-item'>\n\t\t\t<div class='gallery-icon landscape'>\n\t\t\t\t<a href='https:\/\/www.arquimaster.com.ar\/web\/wp-content\/uploads\/2023\/08\/casa_luso_047.jpg' title=\"Casa Luso \/ RVO Studio (\u00a9 Marcos Garc\u00eda)\" data-rl_title=\"Casa Luso \/ RVO Studio (\u00a9 Marcos Garc\u00eda)\" class=\"rl-gallery-link\" data-rl_caption=\"Casa Luso \/ RVO Studio (\u00a9 Marcos Garc\u00eda)\" data-rel=\"lightbox-gallery-2\"><img loading=\"lazy\" decoding=\"async\" width=\"150\" height=\"150\" src=\"https:\/\/www.arquimaster.com.ar\/web\/wp-content\/uploads\/2023\/08\/casa_luso_047-150x150.jpg\" class=\"attachment-thumbnail size-thumbnail\" alt=\"Casa Luso \/ RVO Studio\" aria-describedby=\"gallery-2-77352\" \/><\/a>\n\t\t\t<\/div>\n\t\t\t\t<figcaption class='wp-caption-text gallery-caption' id='gallery-2-77352'>\n\t\t\t\tCasa Luso \/ RVO Studio (\u00a9 Marcos Garc\u00eda)\n\t\t\t\t<\/figcaption><\/figure><figure class='gallery-item'>\n\t\t\t<div class='gallery-icon portrait'>\n\t\t\t\t<a href='https:\/\/www.arquimaster.com.ar\/web\/wp-content\/uploads\/2023\/08\/casa_luso_048.jpg' title=\"Casa Luso \/ RVO Studio (\u00a9 Marcos Garc\u00eda)\" data-rl_title=\"Casa Luso \/ RVO Studio (\u00a9 Marcos Garc\u00eda)\" class=\"rl-gallery-link\" data-rl_caption=\"Casa Luso \/ RVO Studio (\u00a9 Marcos Garc\u00eda)\" data-rel=\"lightbox-gallery-2\"><img loading=\"lazy\" decoding=\"async\" width=\"150\" height=\"150\" src=\"https:\/\/www.arquimaster.com.ar\/web\/wp-content\/uploads\/2023\/08\/casa_luso_048-150x150.jpg\" class=\"attachment-thumbnail size-thumbnail\" alt=\"Casa Luso \/ RVO Studio\" aria-describedby=\"gallery-2-77353\" \/><\/a>\n\t\t\t<\/div>\n\t\t\t\t<figcaption class='wp-caption-text gallery-caption' id='gallery-2-77353'>\n\t\t\t\tCasa Luso \/ RVO Studio (\u00a9 Marcos Garc\u00eda)\n\t\t\t\t<\/figcaption><\/figure><figure class='gallery-item'>\n\t\t\t<div class='gallery-icon portrait'>\n\t\t\t\t<a href='https:\/\/www.arquimaster.com.ar\/web\/wp-content\/uploads\/2023\/08\/casa_luso_049.jpg' title=\"Casa Luso \/ RVO Studio (\u00a9 Marcos Garc\u00eda)\" data-rl_title=\"Casa Luso \/ RVO Studio (\u00a9 Marcos Garc\u00eda)\" class=\"rl-gallery-link\" data-rl_caption=\"Casa Luso \/ RVO Studio (\u00a9 Marcos Garc\u00eda)\" data-rel=\"lightbox-gallery-2\"><img loading=\"lazy\" decoding=\"async\" width=\"150\" height=\"150\" src=\"https:\/\/www.arquimaster.com.ar\/web\/wp-content\/uploads\/2023\/08\/casa_luso_049-150x150.jpg\" class=\"attachment-thumbnail size-thumbnail\" alt=\"Casa Luso \/ RVO Studio\" aria-describedby=\"gallery-2-77354\" \/><\/a>\n\t\t\t<\/div>\n\t\t\t\t<figcaption class='wp-caption-text gallery-caption' id='gallery-2-77354'>\n\t\t\t\tCasa Luso \/ RVO Studio (\u00a9 Marcos Garc\u00eda)\n\t\t\t\t<\/figcaption><\/figure><figure class='gallery-item'>\n\t\t\t<div class='gallery-icon landscape'>\n\t\t\t\t<a href='https:\/\/www.arquimaster.com.ar\/web\/wp-content\/uploads\/2023\/08\/casa_luso_050.jpg' title=\"Casa Luso \/ RVO Studio (\u00a9 Marcos Garc\u00eda)\" data-rl_title=\"Casa Luso \/ RVO Studio (\u00a9 Marcos Garc\u00eda)\" class=\"rl-gallery-link\" data-rl_caption=\"Casa Luso \/ RVO Studio (\u00a9 Marcos Garc\u00eda)\" data-rel=\"lightbox-gallery-2\"><img loading=\"lazy\" decoding=\"async\" width=\"150\" height=\"150\" src=\"https:\/\/www.arquimaster.com.ar\/web\/wp-content\/uploads\/2023\/08\/casa_luso_050-150x150.jpg\" class=\"attachment-thumbnail size-thumbnail\" alt=\"Casa Luso \/ RVO Studio\" aria-describedby=\"gallery-2-77355\" \/><\/a>\n\t\t\t<\/div>\n\t\t\t\t<figcaption class='wp-caption-text gallery-caption' id='gallery-2-77355'>\n\t\t\t\tCasa Luso \/ RVO Studio (\u00a9 Marcos Garc\u00eda)\n\t\t\t\t<\/figcaption><\/figure><figure class='gallery-item'>\n\t\t\t<div class='gallery-icon landscape'>\n\t\t\t\t<a href='https:\/\/www.arquimaster.com.ar\/web\/wp-content\/uploads\/2023\/08\/casa_luso_051.jpg' title=\"Casa Luso \/ RVO Studio (\u00a9 Marcos Garc\u00eda)\" data-rl_title=\"Casa Luso \/ RVO Studio (\u00a9 Marcos Garc\u00eda)\" class=\"rl-gallery-link\" data-rl_caption=\"Casa Luso \/ RVO Studio (\u00a9 Marcos Garc\u00eda)\" data-rel=\"lightbox-gallery-2\"><img loading=\"lazy\" decoding=\"async\" width=\"150\" height=\"150\" src=\"https:\/\/www.arquimaster.com.ar\/web\/wp-content\/uploads\/2023\/08\/casa_luso_051-150x150.jpg\" class=\"attachment-thumbnail size-thumbnail\" alt=\"Casa Luso \/ RVO Studio\" aria-describedby=\"gallery-2-77356\" \/><\/a>\n\t\t\t<\/div>\n\t\t\t\t<figcaption class='wp-caption-text gallery-caption' id='gallery-2-77356'>\n\t\t\t\tCasa Luso \/ RVO Studio (\u00a9 Marcos Garc\u00eda)\n\t\t\t\t<\/figcaption><\/figure><figure class='gallery-item'>\n\t\t\t<div class='gallery-icon landscape'>\n\t\t\t\t<a href='https:\/\/www.arquimaster.com.ar\/web\/wp-content\/uploads\/2023\/08\/casa_luso_052.jpg' title=\"Casa Luso \/ RVO Studio (\u00a9 Marcos Garc\u00eda)\" data-rl_title=\"Casa Luso \/ RVO Studio (\u00a9 Marcos Garc\u00eda)\" class=\"rl-gallery-link\" data-rl_caption=\"Casa Luso \/ RVO Studio (\u00a9 Marcos Garc\u00eda)\" data-rel=\"lightbox-gallery-2\"><img loading=\"lazy\" decoding=\"async\" width=\"150\" height=\"150\" src=\"https:\/\/www.arquimaster.com.ar\/web\/wp-content\/uploads\/2023\/08\/casa_luso_052-150x150.jpg\" class=\"attachment-thumbnail size-thumbnail\" alt=\"Casa Luso \/ RVO Studio\" aria-describedby=\"gallery-2-77357\" \/><\/a>\n\t\t\t<\/div>\n\t\t\t\t<figcaption class='wp-caption-text gallery-caption' id='gallery-2-77357'>\n\t\t\t\tCasa Luso \/ RVO Studio (\u00a9 Marcos Garc\u00eda)\n\t\t\t\t<\/figcaption><\/figure><figure class='gallery-item'>\n\t\t\t<div class='gallery-icon landscape'>\n\t\t\t\t<a href='https:\/\/www.arquimaster.com.ar\/web\/wp-content\/uploads\/2023\/08\/casa_luso_053.jpg' title=\"Casa Luso \/ RVO Studio (\u00a9 Marcos Garc\u00eda)\" data-rl_title=\"Casa Luso \/ RVO Studio (\u00a9 Marcos Garc\u00eda)\" class=\"rl-gallery-link\" data-rl_caption=\"Casa Luso \/ RVO Studio (\u00a9 Marcos Garc\u00eda)\" data-rel=\"lightbox-gallery-2\"><img loading=\"lazy\" decoding=\"async\" width=\"150\" height=\"150\" src=\"https:\/\/www.arquimaster.com.ar\/web\/wp-content\/uploads\/2023\/08\/casa_luso_053-150x150.jpg\" class=\"attachment-thumbnail size-thumbnail\" alt=\"Casa Luso \/ RVO Studio\" aria-describedby=\"gallery-2-77358\" \/><\/a>\n\t\t\t<\/div>\n\t\t\t\t<figcaption class='wp-caption-text gallery-caption' id='gallery-2-77358'>\n\t\t\t\tCasa Luso \/ RVO Studio (\u00a9 Marcos Garc\u00eda)\n\t\t\t\t<\/figcaption><\/figure><figure class='gallery-item'>\n\t\t\t<div class='gallery-icon landscape'>\n\t\t\t\t<a href='https:\/\/www.arquimaster.com.ar\/web\/wp-content\/uploads\/2023\/08\/casa_luso_054.jpg' title=\"Casa Luso \/ RVO Studio (\u00a9 Marcos Garc\u00eda)\" data-rl_title=\"Casa Luso \/ RVO Studio (\u00a9 Marcos Garc\u00eda)\" class=\"rl-gallery-link\" data-rl_caption=\"Casa Luso \/ RVO Studio (\u00a9 Marcos Garc\u00eda)\" data-rel=\"lightbox-gallery-2\"><img loading=\"lazy\" decoding=\"async\" width=\"150\" height=\"150\" src=\"https:\/\/www.arquimaster.com.ar\/web\/wp-content\/uploads\/2023\/08\/casa_luso_054-150x150.jpg\" class=\"attachment-thumbnail size-thumbnail\" alt=\"Casa Luso \/ RVO Studio\" aria-describedby=\"gallery-2-77359\" \/><\/a>\n\t\t\t<\/div>\n\t\t\t\t<figcaption class='wp-caption-text gallery-caption' id='gallery-2-77359'>\n\t\t\t\tCasa Luso \/ RVO Studio (\u00a9 Marcos Garc\u00eda)\n\t\t\t\t<\/figcaption><\/figure>\n\t\t<\/div>\n\n<p><strong>Dise\u00f1o y distribuci\u00f3n espacial<\/strong><br \/>La distribuci\u00f3n espacial de la Casa Luso se organiza en una planta baja extensa, destinada principalmente a las \u00e1reas sociales, y una planta alta de menor tama\u00f1o. El dise\u00f1o se caracteriza por su enfoque hacia el interior, brindando privacidad a trav\u00e9s de asolamientos interiores y ventanas orientadas hacia el interior de la propiedad.<\/p>\n<p>La planta baja cuenta con losas que la cubren, mientras que en la planta alta se ha optado por una cubierta de jard\u00edn p\u00e9treo que brinda mayor privacidad. Desde el exterior, la casa no revela sus actividades internas, pero a trav\u00e9s de la celos\u00eda se puede intuir su funcionamiento.<\/p>\n<div id='gallery-3' class='gallery galleryid-77304 gallery-columns-3 gallery-size-thumbnail'><figure class='gallery-item'>\n\t\t\t<div class='gallery-icon landscape'>\n\t\t\t\t<a href='https:\/\/www.arquimaster.com.ar\/web\/wp-content\/uploads\/2023\/08\/casa_luso_055.jpg' title=\"Casa Luso \/ RVO Studio (\u00a9 Marcos Garc\u00eda)\" data-rl_title=\"Casa Luso \/ RVO Studio (\u00a9 Marcos Garc\u00eda)\" class=\"rl-gallery-link\" data-rl_caption=\"Casa Luso \/ RVO Studio (\u00a9 Marcos Garc\u00eda)\" data-rel=\"lightbox-gallery-3\"><img loading=\"lazy\" decoding=\"async\" width=\"150\" height=\"150\" src=\"https:\/\/www.arquimaster.com.ar\/web\/wp-content\/uploads\/2023\/08\/casa_luso_055-150x150.jpg\" class=\"attachment-thumbnail size-thumbnail\" alt=\"Casa Luso \/ RVO Studio\" aria-describedby=\"gallery-3-77360\" \/><\/a>\n\t\t\t<\/div>\n\t\t\t\t<figcaption class='wp-caption-text gallery-caption' id='gallery-3-77360'>\n\t\t\t\tCasa Luso \/ RVO Studio (\u00a9 Marcos Garc\u00eda)\n\t\t\t\t<\/figcaption><\/figure><figure class='gallery-item'>\n\t\t\t<div class='gallery-icon landscape'>\n\t\t\t\t<a href='https:\/\/www.arquimaster.com.ar\/web\/wp-content\/uploads\/2023\/08\/casa_luso_056.jpg' title=\"Casa Luso \/ RVO Studio (\u00a9 Marcos Garc\u00eda)\" data-rl_title=\"Casa Luso \/ RVO Studio (\u00a9 Marcos Garc\u00eda)\" class=\"rl-gallery-link\" data-rl_caption=\"Casa Luso \/ RVO Studio (\u00a9 Marcos Garc\u00eda)\" data-rel=\"lightbox-gallery-3\"><img loading=\"lazy\" decoding=\"async\" width=\"150\" height=\"150\" src=\"https:\/\/www.arquimaster.com.ar\/web\/wp-content\/uploads\/2023\/08\/casa_luso_056-150x150.jpg\" class=\"attachment-thumbnail size-thumbnail\" alt=\"Casa Luso \/ RVO Studio\" aria-describedby=\"gallery-3-77361\" \/><\/a>\n\t\t\t<\/div>\n\t\t\t\t<figcaption class='wp-caption-text gallery-caption' id='gallery-3-77361'>\n\t\t\t\tCasa Luso \/ RVO Studio (\u00a9 Marcos Garc\u00eda)\n\t\t\t\t<\/figcaption><\/figure><figure class='gallery-item'>\n\t\t\t<div class='gallery-icon landscape'>\n\t\t\t\t<a href='https:\/\/www.arquimaster.com.ar\/web\/wp-content\/uploads\/2023\/08\/casa_luso_057.jpg' title=\"Casa Luso \/ RVO Studio (\u00a9 Marcos Garc\u00eda)\" data-rl_title=\"Casa Luso \/ RVO Studio (\u00a9 Marcos Garc\u00eda)\" class=\"rl-gallery-link\" data-rl_caption=\"Casa Luso \/ RVO Studio (\u00a9 Marcos Garc\u00eda)\" data-rel=\"lightbox-gallery-3\"><img loading=\"lazy\" decoding=\"async\" width=\"150\" height=\"150\" src=\"https:\/\/www.arquimaster.com.ar\/web\/wp-content\/uploads\/2023\/08\/casa_luso_057-150x150.jpg\" class=\"attachment-thumbnail size-thumbnail\" alt=\"Casa Luso \/ RVO Studio\" aria-describedby=\"gallery-3-77362\" \/><\/a>\n\t\t\t<\/div>\n\t\t\t\t<figcaption class='wp-caption-text gallery-caption' id='gallery-3-77362'>\n\t\t\t\tCasa Luso \/ RVO Studio (\u00a9 Marcos Garc\u00eda)\n\t\t\t\t<\/figcaption><\/figure><figure class='gallery-item'>\n\t\t\t<div class='gallery-icon landscape'>\n\t\t\t\t<a href='https:\/\/www.arquimaster.com.ar\/web\/wp-content\/uploads\/2023\/08\/casa_luso_058.jpg' title=\"Casa Luso \/ RVO Studio (\u00a9 Marcos Garc\u00eda)\" data-rl_title=\"Casa Luso \/ RVO Studio (\u00a9 Marcos Garc\u00eda)\" class=\"rl-gallery-link\" data-rl_caption=\"Casa Luso \/ RVO Studio (\u00a9 Marcos Garc\u00eda)\" data-rel=\"lightbox-gallery-3\"><img loading=\"lazy\" decoding=\"async\" width=\"150\" height=\"150\" src=\"https:\/\/www.arquimaster.com.ar\/web\/wp-content\/uploads\/2023\/08\/casa_luso_058-150x150.jpg\" class=\"attachment-thumbnail size-thumbnail\" alt=\"Casa Luso \/ RVO Studio\" aria-describedby=\"gallery-3-77363\" \/><\/a>\n\t\t\t<\/div>\n\t\t\t\t<figcaption class='wp-caption-text gallery-caption' id='gallery-3-77363'>\n\t\t\t\tCasa Luso \/ RVO Studio (\u00a9 Marcos Garc\u00eda)\n\t\t\t\t<\/figcaption><\/figure><figure class='gallery-item'>\n\t\t\t<div class='gallery-icon landscape'>\n\t\t\t\t<a href='https:\/\/www.arquimaster.com.ar\/web\/wp-content\/uploads\/2023\/08\/casa_luso_059.jpg' title=\"Casa Luso \/ RVO Studio (\u00a9 Marcos Garc\u00eda)\" data-rl_title=\"Casa Luso \/ RVO Studio (\u00a9 Marcos Garc\u00eda)\" class=\"rl-gallery-link\" data-rl_caption=\"Casa Luso \/ RVO Studio (\u00a9 Marcos Garc\u00eda)\" data-rel=\"lightbox-gallery-3\"><img loading=\"lazy\" decoding=\"async\" width=\"150\" height=\"150\" src=\"https:\/\/www.arquimaster.com.ar\/web\/wp-content\/uploads\/2023\/08\/casa_luso_059-150x150.jpg\" class=\"attachment-thumbnail size-thumbnail\" alt=\"Casa Luso \/ RVO Studio\" aria-describedby=\"gallery-3-77364\" \/><\/a>\n\t\t\t<\/div>\n\t\t\t\t<figcaption class='wp-caption-text gallery-caption' id='gallery-3-77364'>\n\t\t\t\tCasa Luso \/ RVO Studio (\u00a9 Marcos Garc\u00eda)\n\t\t\t\t<\/figcaption><\/figure><figure class='gallery-item'>\n\t\t\t<div class='gallery-icon landscape'>\n\t\t\t\t<a href='https:\/\/www.arquimaster.com.ar\/web\/wp-content\/uploads\/2023\/08\/casa_luso_060.jpg' title=\"Casa Luso \/ RVO Studio (\u00a9 Marcos Garc\u00eda)\" data-rl_title=\"Casa Luso \/ RVO Studio (\u00a9 Marcos Garc\u00eda)\" class=\"rl-gallery-link\" data-rl_caption=\"Casa Luso \/ RVO Studio (\u00a9 Marcos Garc\u00eda)\" data-rel=\"lightbox-gallery-3\"><img loading=\"lazy\" decoding=\"async\" width=\"150\" height=\"150\" src=\"https:\/\/www.arquimaster.com.ar\/web\/wp-content\/uploads\/2023\/08\/casa_luso_060-150x150.jpg\" class=\"attachment-thumbnail size-thumbnail\" alt=\"Casa Luso \/ RVO Studio\" aria-describedby=\"gallery-3-77365\" \/><\/a>\n\t\t\t<\/div>\n\t\t\t\t<figcaption class='wp-caption-text gallery-caption' id='gallery-3-77365'>\n\t\t\t\tCasa Luso \/ RVO Studio (\u00a9 Marcos Garc\u00eda)\n\t\t\t\t<\/figcaption><\/figure><figure class='gallery-item'>\n\t\t\t<div class='gallery-icon landscape'>\n\t\t\t\t<a href='https:\/\/www.arquimaster.com.ar\/web\/wp-content\/uploads\/2023\/08\/casa_luso_061.jpg' title=\"Casa Luso \/ RVO Studio (\u00a9 Marcos Garc\u00eda)\" data-rl_title=\"Casa Luso \/ RVO Studio (\u00a9 Marcos Garc\u00eda)\" class=\"rl-gallery-link\" data-rl_caption=\"Casa Luso \/ RVO Studio (\u00a9 Marcos Garc\u00eda)\" data-rel=\"lightbox-gallery-3\"><img loading=\"lazy\" decoding=\"async\" width=\"150\" height=\"150\" src=\"https:\/\/www.arquimaster.com.ar\/web\/wp-content\/uploads\/2023\/08\/casa_luso_061-150x150.jpg\" class=\"attachment-thumbnail size-thumbnail\" alt=\"Casa Luso \/ RVO Studio\" aria-describedby=\"gallery-3-77366\" \/><\/a>\n\t\t\t<\/div>\n\t\t\t\t<figcaption class='wp-caption-text gallery-caption' id='gallery-3-77366'>\n\t\t\t\tCasa Luso \/ RVO Studio (\u00a9 Marcos Garc\u00eda)\n\t\t\t\t<\/figcaption><\/figure><figure class='gallery-item'>\n\t\t\t<div class='gallery-icon portrait'>\n\t\t\t\t<a href='https:\/\/www.arquimaster.com.ar\/web\/wp-content\/uploads\/2023\/08\/casa_luso_062.jpg' title=\"Casa Luso \/ RVO Studio (\u00a9 Marcos Garc\u00eda)\" data-rl_title=\"Casa Luso \/ RVO Studio (\u00a9 Marcos Garc\u00eda)\" class=\"rl-gallery-link\" data-rl_caption=\"Casa Luso \/ RVO Studio (\u00a9 Marcos Garc\u00eda)\" data-rel=\"lightbox-gallery-3\"><img loading=\"lazy\" decoding=\"async\" width=\"150\" height=\"150\" src=\"https:\/\/www.arquimaster.com.ar\/web\/wp-content\/uploads\/2023\/08\/casa_luso_062-150x150.jpg\" class=\"attachment-thumbnail size-thumbnail\" alt=\"Casa Luso \/ RVO Studio\" aria-describedby=\"gallery-3-77367\" \/><\/a>\n\t\t\t<\/div>\n\t\t\t\t<figcaption class='wp-caption-text gallery-caption' id='gallery-3-77367'>\n\t\t\t\tCasa Luso \/ RVO Studio (\u00a9 Marcos Garc\u00eda)\n\t\t\t\t<\/figcaption><\/figure><figure class='gallery-item'>\n\t\t\t<div class='gallery-icon portrait'>\n\t\t\t\t<a href='https:\/\/www.arquimaster.com.ar\/web\/wp-content\/uploads\/2023\/08\/casa_luso_063.jpg' title=\"Casa Luso \/ RVO Studio (\u00a9 Marcos Garc\u00eda)\" data-rl_title=\"Casa Luso \/ RVO Studio (\u00a9 Marcos Garc\u00eda)\" class=\"rl-gallery-link\" data-rl_caption=\"Casa Luso \/ RVO Studio (\u00a9 Marcos Garc\u00eda)\" data-rel=\"lightbox-gallery-3\"><img loading=\"lazy\" decoding=\"async\" width=\"150\" height=\"150\" src=\"https:\/\/www.arquimaster.com.ar\/web\/wp-content\/uploads\/2023\/08\/casa_luso_063-150x150.jpg\" class=\"attachment-thumbnail size-thumbnail\" alt=\"Casa Luso \/ RVO Studio\" aria-describedby=\"gallery-3-77368\" \/><\/a>\n\t\t\t<\/div>\n\t\t\t\t<figcaption class='wp-caption-text gallery-caption' id='gallery-3-77368'>\n\t\t\t\tCasa Luso \/ RVO Studio (\u00a9 Marcos Garc\u00eda)\n\t\t\t\t<\/figcaption><\/figure><figure class='gallery-item'>\n\t\t\t<div class='gallery-icon portrait'>\n\t\t\t\t<a href='https:\/\/www.arquimaster.com.ar\/web\/wp-content\/uploads\/2023\/08\/casa_luso_064.jpg' title=\"Casa Luso \/ RVO Studio (\u00a9 Marcos Garc\u00eda)\" data-rl_title=\"Casa Luso \/ RVO Studio (\u00a9 Marcos Garc\u00eda)\" class=\"rl-gallery-link\" data-rl_caption=\"Casa Luso \/ RVO Studio (\u00a9 Marcos Garc\u00eda)\" data-rel=\"lightbox-gallery-3\"><img loading=\"lazy\" decoding=\"async\" width=\"150\" height=\"150\" src=\"https:\/\/www.arquimaster.com.ar\/web\/wp-content\/uploads\/2023\/08\/casa_luso_064-150x150.jpg\" class=\"attachment-thumbnail size-thumbnail\" alt=\"Casa Luso \/ RVO Studio\" aria-describedby=\"gallery-3-77369\" \/><\/a>\n\t\t\t<\/div>\n\t\t\t\t<figcaption class='wp-caption-text gallery-caption' id='gallery-3-77369'>\n\t\t\t\tCasa Luso \/ RVO Studio (\u00a9 Marcos Garc\u00eda)\n\t\t\t\t<\/figcaption><\/figure><figure class='gallery-item'>\n\t\t\t<div class='gallery-icon portrait'>\n\t\t\t\t<a href='https:\/\/www.arquimaster.com.ar\/web\/wp-content\/uploads\/2023\/08\/casa_luso_065.jpg' title=\"Casa Luso \/ RVO Studio (\u00a9 Marcos Garc\u00eda)\" data-rl_title=\"Casa Luso \/ RVO Studio (\u00a9 Marcos Garc\u00eda)\" class=\"rl-gallery-link\" data-rl_caption=\"Casa Luso \/ RVO Studio (\u00a9 Marcos Garc\u00eda)\" data-rel=\"lightbox-gallery-3\"><img loading=\"lazy\" decoding=\"async\" width=\"150\" height=\"150\" src=\"https:\/\/www.arquimaster.com.ar\/web\/wp-content\/uploads\/2023\/08\/casa_luso_065-150x150.jpg\" class=\"attachment-thumbnail size-thumbnail\" alt=\"Casa Luso \/ RVO Studio\" aria-describedby=\"gallery-3-77370\" \/><\/a>\n\t\t\t<\/div>\n\t\t\t\t<figcaption class='wp-caption-text gallery-caption' id='gallery-3-77370'>\n\t\t\t\tCasa Luso \/ RVO Studio (\u00a9 Marcos Garc\u00eda)\n\t\t\t\t<\/figcaption><\/figure><figure class='gallery-item'>\n\t\t\t<div class='gallery-icon landscape'>\n\t\t\t\t<a href='https:\/\/www.arquimaster.com.ar\/web\/wp-content\/uploads\/2023\/08\/casa_luso_066.jpg' title=\"Casa Luso \/ RVO Studio (\u00a9 Marcos Garc\u00eda)\" data-rl_title=\"Casa Luso \/ RVO Studio (\u00a9 Marcos Garc\u00eda)\" class=\"rl-gallery-link\" data-rl_caption=\"Casa Luso \/ RVO Studio (\u00a9 Marcos Garc\u00eda)\" data-rel=\"lightbox-gallery-3\"><img loading=\"lazy\" decoding=\"async\" width=\"150\" height=\"150\" src=\"https:\/\/www.arquimaster.com.ar\/web\/wp-content\/uploads\/2023\/08\/casa_luso_066-150x150.jpg\" class=\"attachment-thumbnail size-thumbnail\" alt=\"Casa Luso \/ RVO Studio\" aria-describedby=\"gallery-3-77371\" \/><\/a>\n\t\t\t<\/div>\n\t\t\t\t<figcaption class='wp-caption-text gallery-caption' id='gallery-3-77371'>\n\t\t\t\tCasa Luso \/ RVO Studio (\u00a9 Marcos Garc\u00eda)\n\t\t\t\t<\/figcaption><\/figure><figure class='gallery-item'>\n\t\t\t<div class='gallery-icon landscape'>\n\t\t\t\t<a href='https:\/\/www.arquimaster.com.ar\/web\/wp-content\/uploads\/2023\/08\/casa_luso_067.jpg' title=\"Casa Luso \/ RVO Studio (\u00a9 Marcos Garc\u00eda)\" data-rl_title=\"Casa Luso \/ RVO Studio (\u00a9 Marcos Garc\u00eda)\" class=\"rl-gallery-link\" data-rl_caption=\"Casa Luso \/ RVO Studio (\u00a9 Marcos Garc\u00eda)\" data-rel=\"lightbox-gallery-3\"><img loading=\"lazy\" decoding=\"async\" width=\"150\" height=\"150\" src=\"https:\/\/www.arquimaster.com.ar\/web\/wp-content\/uploads\/2023\/08\/casa_luso_067-150x150.jpg\" class=\"attachment-thumbnail size-thumbnail\" alt=\"Casa Luso \/ RVO Studio\" aria-describedby=\"gallery-3-77372\" \/><\/a>\n\t\t\t<\/div>\n\t\t\t\t<figcaption class='wp-caption-text gallery-caption' id='gallery-3-77372'>\n\t\t\t\tCasa Luso \/ RVO Studio (\u00a9 Marcos Garc\u00eda)\n\t\t\t\t<\/figcaption><\/figure><figure class='gallery-item'>\n\t\t\t<div class='gallery-icon landscape'>\n\t\t\t\t<a href='https:\/\/www.arquimaster.com.ar\/web\/wp-content\/uploads\/2023\/08\/casa_luso_068.jpg' title=\"Casa Luso \/ RVO Studio (\u00a9 Marcos Garc\u00eda)\" data-rl_title=\"Casa Luso \/ RVO Studio (\u00a9 Marcos Garc\u00eda)\" class=\"rl-gallery-link\" data-rl_caption=\"Casa Luso \/ RVO Studio (\u00a9 Marcos Garc\u00eda)\" data-rel=\"lightbox-gallery-3\"><img loading=\"lazy\" decoding=\"async\" width=\"150\" height=\"150\" src=\"https:\/\/www.arquimaster.com.ar\/web\/wp-content\/uploads\/2023\/08\/casa_luso_068-150x150.jpg\" class=\"attachment-thumbnail size-thumbnail\" alt=\"Casa Luso \/ RVO Studio\" aria-describedby=\"gallery-3-77373\" \/><\/a>\n\t\t\t<\/div>\n\t\t\t\t<figcaption class='wp-caption-text gallery-caption' id='gallery-3-77373'>\n\t\t\t\tCasa Luso \/ RVO Studio (\u00a9 Marcos Garc\u00eda)\n\t\t\t\t<\/figcaption><\/figure><figure class='gallery-item'>\n\t\t\t<div class='gallery-icon landscape'>\n\t\t\t\t<a href='https:\/\/www.arquimaster.com.ar\/web\/wp-content\/uploads\/2023\/08\/casa_luso_069.jpg' title=\"Casa Luso \/ RVO Studio (\u00a9 Marcos Garc\u00eda)\" data-rl_title=\"Casa Luso \/ RVO Studio (\u00a9 Marcos Garc\u00eda)\" class=\"rl-gallery-link\" data-rl_caption=\"Casa Luso \/ RVO Studio (\u00a9 Marcos Garc\u00eda)\" data-rel=\"lightbox-gallery-3\"><img loading=\"lazy\" decoding=\"async\" width=\"150\" height=\"150\" src=\"https:\/\/www.arquimaster.com.ar\/web\/wp-content\/uploads\/2023\/08\/casa_luso_069-150x150.jpg\" class=\"attachment-thumbnail size-thumbnail\" alt=\"Casa Luso \/ RVO Studio\" aria-describedby=\"gallery-3-77374\" \/><\/a>\n\t\t\t<\/div>\n\t\t\t\t<figcaption class='wp-caption-text gallery-caption' id='gallery-3-77374'>\n\t\t\t\tCasa Luso \/ RVO Studio (\u00a9 Marcos Garc\u00eda)\n\t\t\t\t<\/figcaption><\/figure><figure class='gallery-item'>\n\t\t\t<div class='gallery-icon landscape'>\n\t\t\t\t<a href='https:\/\/www.arquimaster.com.ar\/web\/wp-content\/uploads\/2023\/08\/casa_luso_070.jpg' title=\"Casa Luso \/ RVO Studio (\u00a9 Marcos Garc\u00eda)\" data-rl_title=\"Casa Luso \/ RVO Studio (\u00a9 Marcos Garc\u00eda)\" class=\"rl-gallery-link\" data-rl_caption=\"Casa Luso \/ RVO Studio (\u00a9 Marcos Garc\u00eda)\" data-rel=\"lightbox-gallery-3\"><img loading=\"lazy\" decoding=\"async\" width=\"150\" height=\"150\" src=\"https:\/\/www.arquimaster.com.ar\/web\/wp-content\/uploads\/2023\/08\/casa_luso_070-150x150.jpg\" class=\"attachment-thumbnail size-thumbnail\" alt=\"Casa Luso \/ RVO Studio\" aria-describedby=\"gallery-3-77375\" \/><\/a>\n\t\t\t<\/div>\n\t\t\t\t<figcaption class='wp-caption-text gallery-caption' id='gallery-3-77375'>\n\t\t\t\tCasa Luso \/ RVO Studio (\u00a9 Marcos Garc\u00eda)\n\t\t\t\t<\/figcaption><\/figure><figure class='gallery-item'>\n\t\t\t<div class='gallery-icon landscape'>\n\t\t\t\t<a href='https:\/\/www.arquimaster.com.ar\/web\/wp-content\/uploads\/2023\/08\/casa_luso_071.jpg' title=\"Casa Luso \/ RVO Studio (\u00a9 Marcos Garc\u00eda)\" data-rl_title=\"Casa Luso \/ RVO Studio (\u00a9 Marcos Garc\u00eda)\" class=\"rl-gallery-link\" data-rl_caption=\"Casa Luso \/ RVO Studio (\u00a9 Marcos Garc\u00eda)\" data-rel=\"lightbox-gallery-3\"><img loading=\"lazy\" decoding=\"async\" width=\"150\" height=\"150\" src=\"https:\/\/www.arquimaster.com.ar\/web\/wp-content\/uploads\/2023\/08\/casa_luso_071-150x150.jpg\" class=\"attachment-thumbnail size-thumbnail\" alt=\"Casa Luso \/ RVO Studio\" aria-describedby=\"gallery-3-77376\" \/><\/a>\n\t\t\t<\/div>\n\t\t\t\t<figcaption class='wp-caption-text gallery-caption' id='gallery-3-77376'>\n\t\t\t\tCasa Luso \/ RVO Studio (\u00a9 Marcos Garc\u00eda)\n\t\t\t\t<\/figcaption><\/figure><figure class='gallery-item'>\n\t\t\t<div class='gallery-icon landscape'>\n\t\t\t\t<a href='https:\/\/www.arquimaster.com.ar\/web\/wp-content\/uploads\/2023\/08\/casa_luso_072.jpg' title=\"Casa Luso \/ RVO Studio (\u00a9 Marcos Garc\u00eda)\" data-rl_title=\"Casa Luso \/ RVO Studio (\u00a9 Marcos Garc\u00eda)\" class=\"rl-gallery-link\" data-rl_caption=\"Casa Luso \/ RVO Studio (\u00a9 Marcos Garc\u00eda)\" data-rel=\"lightbox-gallery-3\"><img loading=\"lazy\" decoding=\"async\" width=\"150\" height=\"150\" src=\"https:\/\/www.arquimaster.com.ar\/web\/wp-content\/uploads\/2023\/08\/casa_luso_072-150x150.jpg\" class=\"attachment-thumbnail size-thumbnail\" alt=\"Casa Luso \/ RVO Studio\" aria-describedby=\"gallery-3-77377\" \/><\/a>\n\t\t\t<\/div>\n\t\t\t\t<figcaption class='wp-caption-text gallery-caption' id='gallery-3-77377'>\n\t\t\t\tCasa Luso \/ RVO Studio (\u00a9 Marcos Garc\u00eda)\n\t\t\t\t<\/figcaption><\/figure><figure class='gallery-item'>\n\t\t\t<div class='gallery-icon landscape'>\n\t\t\t\t<a href='https:\/\/www.arquimaster.com.ar\/web\/wp-content\/uploads\/2023\/08\/casa_luso_073.jpg' title=\"Casa Luso \/ RVO Studio (\u00a9 Marcos Garc\u00eda)\" data-rl_title=\"Casa Luso \/ RVO Studio (\u00a9 Marcos Garc\u00eda)\" class=\"rl-gallery-link\" data-rl_caption=\"Casa Luso \/ RVO Studio (\u00a9 Marcos Garc\u00eda)\" data-rel=\"lightbox-gallery-3\"><img loading=\"lazy\" decoding=\"async\" width=\"150\" height=\"150\" src=\"https:\/\/www.arquimaster.com.ar\/web\/wp-content\/uploads\/2023\/08\/casa_luso_073-150x150.jpg\" class=\"attachment-thumbnail size-thumbnail\" alt=\"Casa Luso \/ RVO Studio\" aria-describedby=\"gallery-3-77378\" \/><\/a>\n\t\t\t<\/div>\n\t\t\t\t<figcaption class='wp-caption-text gallery-caption' id='gallery-3-77378'>\n\t\t\t\tCasa Luso \/ RVO Studio (\u00a9 Marcos Garc\u00eda)\n\t\t\t\t<\/figcaption><\/figure><figure class='gallery-item'>\n\t\t\t<div class='gallery-icon portrait'>\n\t\t\t\t<a href='https:\/\/www.arquimaster.com.ar\/web\/wp-content\/uploads\/2023\/08\/casa_luso_074.jpg' title=\"Casa Luso \/ RVO Studio (\u00a9 Marcos Garc\u00eda)\" data-rl_title=\"Casa Luso \/ RVO Studio (\u00a9 Marcos Garc\u00eda)\" class=\"rl-gallery-link\" data-rl_caption=\"Casa Luso \/ RVO Studio (\u00a9 Marcos Garc\u00eda)\" data-rel=\"lightbox-gallery-3\"><img loading=\"lazy\" decoding=\"async\" width=\"150\" height=\"150\" src=\"https:\/\/www.arquimaster.com.ar\/web\/wp-content\/uploads\/2023\/08\/casa_luso_074-150x150.jpg\" class=\"attachment-thumbnail size-thumbnail\" alt=\"Casa Luso \/ RVO Studio\" aria-describedby=\"gallery-3-77379\" \/><\/a>\n\t\t\t<\/div>\n\t\t\t\t<figcaption class='wp-caption-text gallery-caption' id='gallery-3-77379'>\n\t\t\t\tCasa Luso \/ RVO Studio (\u00a9 Marcos Garc\u00eda)\n\t\t\t\t<\/figcaption><\/figure><figure class='gallery-item'>\n\t\t\t<div class='gallery-icon portrait'>\n\t\t\t\t<a href='https:\/\/www.arquimaster.com.ar\/web\/wp-content\/uploads\/2023\/08\/casa_luso_075.jpg' title=\"Casa Luso \/ RVO Studio (\u00a9 Marcos Garc\u00eda)\" data-rl_title=\"Casa Luso \/ RVO Studio (\u00a9 Marcos Garc\u00eda)\" class=\"rl-gallery-link\" data-rl_caption=\"Casa Luso \/ RVO Studio (\u00a9 Marcos Garc\u00eda)\" data-rel=\"lightbox-gallery-3\"><img loading=\"lazy\" decoding=\"async\" width=\"150\" height=\"150\" src=\"https:\/\/www.arquimaster.com.ar\/web\/wp-content\/uploads\/2023\/08\/casa_luso_075-150x150.jpg\" class=\"attachment-thumbnail size-thumbnail\" alt=\"Casa Luso \/ RVO Studio\" aria-describedby=\"gallery-3-77380\" \/><\/a>\n\t\t\t<\/div>\n\t\t\t\t<figcaption class='wp-caption-text gallery-caption' id='gallery-3-77380'>\n\t\t\t\tCasa Luso \/ RVO Studio (\u00a9 Marcos Garc\u00eda)\n\t\t\t\t<\/figcaption><\/figure><figure class='gallery-item'>\n\t\t\t<div class='gallery-icon portrait'>\n\t\t\t\t<a href='https:\/\/www.arquimaster.com.ar\/web\/wp-content\/uploads\/2023\/08\/casa_luso_076.jpg' title=\"Casa Luso \/ RVO Studio (\u00a9 Marcos Garc\u00eda)\" data-rl_title=\"Casa Luso \/ RVO Studio (\u00a9 Marcos Garc\u00eda)\" class=\"rl-gallery-link\" data-rl_caption=\"Casa Luso \/ RVO Studio (\u00a9 Marcos Garc\u00eda)\" data-rel=\"lightbox-gallery-3\"><img loading=\"lazy\" decoding=\"async\" width=\"150\" height=\"150\" src=\"https:\/\/www.arquimaster.com.ar\/web\/wp-content\/uploads\/2023\/08\/casa_luso_076-150x150.jpg\" class=\"attachment-thumbnail size-thumbnail\" alt=\"Casa Luso \/ RVO Studio\" aria-describedby=\"gallery-3-77381\" \/><\/a>\n\t\t\t<\/div>\n\t\t\t\t<figcaption class='wp-caption-text gallery-caption' id='gallery-3-77381'>\n\t\t\t\tCasa Luso \/ RVO Studio (\u00a9 Marcos Garc\u00eda)\n\t\t\t\t<\/figcaption><\/figure><figure class='gallery-item'>\n\t\t\t<div class='gallery-icon landscape'>\n\t\t\t\t<a href='https:\/\/www.arquimaster.com.ar\/web\/wp-content\/uploads\/2023\/08\/casa_luso_077.jpg' title=\"Casa Luso \/ RVO Studio (\u00a9 Marcos Garc\u00eda)\" data-rl_title=\"Casa Luso \/ RVO Studio (\u00a9 Marcos Garc\u00eda)\" class=\"rl-gallery-link\" data-rl_caption=\"Casa Luso \/ RVO Studio (\u00a9 Marcos Garc\u00eda)\" data-rel=\"lightbox-gallery-3\"><img loading=\"lazy\" decoding=\"async\" width=\"150\" height=\"150\" src=\"https:\/\/www.arquimaster.com.ar\/web\/wp-content\/uploads\/2023\/08\/casa_luso_077-150x150.jpg\" class=\"attachment-thumbnail size-thumbnail\" alt=\"Casa Luso \/ RVO Studio\" aria-describedby=\"gallery-3-77382\" \/><\/a>\n\t\t\t<\/div>\n\t\t\t\t<figcaption class='wp-caption-text gallery-caption' id='gallery-3-77382'>\n\t\t\t\tCasa Luso \/ RVO Studio (\u00a9 Marcos Garc\u00eda)\n\t\t\t\t<\/figcaption><\/figure><figure class='gallery-item'>\n\t\t\t<div class='gallery-icon landscape'>\n\t\t\t\t<a href='https:\/\/www.arquimaster.com.ar\/web\/wp-content\/uploads\/2023\/08\/casa_luso_078.jpg' title=\"Casa Luso \/ RVO Studio (\u00a9 Marcos Garc\u00eda)\" data-rl_title=\"Casa Luso \/ RVO Studio (\u00a9 Marcos Garc\u00eda)\" class=\"rl-gallery-link\" data-rl_caption=\"Casa Luso \/ RVO Studio (\u00a9 Marcos Garc\u00eda)\" data-rel=\"lightbox-gallery-3\"><img loading=\"lazy\" decoding=\"async\" width=\"150\" height=\"150\" src=\"https:\/\/www.arquimaster.com.ar\/web\/wp-content\/uploads\/2023\/08\/casa_luso_078-150x150.jpg\" class=\"attachment-thumbnail size-thumbnail\" alt=\"Casa Luso \/ RVO Studio\" aria-describedby=\"gallery-3-77383\" \/><\/a>\n\t\t\t<\/div>\n\t\t\t\t<figcaption class='wp-caption-text gallery-caption' id='gallery-3-77383'>\n\t\t\t\tCasa Luso \/ RVO Studio (\u00a9 Marcos Garc\u00eda)\n\t\t\t\t<\/figcaption><\/figure><figure class='gallery-item'>\n\t\t\t<div class='gallery-icon portrait'>\n\t\t\t\t<a href='https:\/\/www.arquimaster.com.ar\/web\/wp-content\/uploads\/2023\/08\/casa_luso_079.jpg' title=\"Casa Luso \/ RVO Studio (\u00a9 Marcos Garc\u00eda)\" data-rl_title=\"Casa Luso \/ RVO Studio (\u00a9 Marcos Garc\u00eda)\" class=\"rl-gallery-link\" data-rl_caption=\"Casa Luso \/ RVO Studio (\u00a9 Marcos Garc\u00eda)\" data-rel=\"lightbox-gallery-3\"><img loading=\"lazy\" decoding=\"async\" width=\"150\" height=\"150\" src=\"https:\/\/www.arquimaster.com.ar\/web\/wp-content\/uploads\/2023\/08\/casa_luso_079-150x150.jpg\" class=\"attachment-thumbnail size-thumbnail\" alt=\"Casa Luso \/ RVO Studio\" aria-describedby=\"gallery-3-77384\" \/><\/a>\n\t\t\t<\/div>\n\t\t\t\t<figcaption class='wp-caption-text gallery-caption' id='gallery-3-77384'>\n\t\t\t\tCasa Luso \/ RVO Studio (\u00a9 Marcos Garc\u00eda)\n\t\t\t\t<\/figcaption><\/figure><figure class='gallery-item'>\n\t\t\t<div class='gallery-icon landscape'>\n\t\t\t\t<a href='https:\/\/www.arquimaster.com.ar\/web\/wp-content\/uploads\/2023\/08\/casa_luso_080.jpg' title=\"Casa Luso \/ RVO Studio (\u00a9 Marcos Garc\u00eda)\" data-rl_title=\"Casa Luso \/ RVO Studio (\u00a9 Marcos Garc\u00eda)\" class=\"rl-gallery-link\" data-rl_caption=\"Casa Luso \/ RVO Studio (\u00a9 Marcos Garc\u00eda)\" data-rel=\"lightbox-gallery-3\"><img loading=\"lazy\" decoding=\"async\" width=\"150\" height=\"150\" src=\"https:\/\/www.arquimaster.com.ar\/web\/wp-content\/uploads\/2023\/08\/casa_luso_080-150x150.jpg\" class=\"attachment-thumbnail size-thumbnail\" alt=\"Casa Luso \/ RVO Studio\" aria-describedby=\"gallery-3-77385\" \/><\/a>\n\t\t\t<\/div>\n\t\t\t\t<figcaption class='wp-caption-text gallery-caption' id='gallery-3-77385'>\n\t\t\t\tCasa Luso \/ RVO Studio (\u00a9 Marcos Garc\u00eda)\n\t\t\t\t<\/figcaption><\/figure><figure class='gallery-item'>\n\t\t\t<div class='gallery-icon landscape'>\n\t\t\t\t<a href='https:\/\/www.arquimaster.com.ar\/web\/wp-content\/uploads\/2023\/08\/casa_luso_081.jpg' title=\"Casa Luso \/ RVO Studio (\u00a9 Marcos Garc\u00eda)\" data-rl_title=\"Casa Luso \/ RVO Studio (\u00a9 Marcos Garc\u00eda)\" class=\"rl-gallery-link\" data-rl_caption=\"Casa Luso \/ RVO Studio (\u00a9 Marcos Garc\u00eda)\" data-rel=\"lightbox-gallery-3\"><img loading=\"lazy\" decoding=\"async\" width=\"150\" height=\"150\" src=\"https:\/\/www.arquimaster.com.ar\/web\/wp-content\/uploads\/2023\/08\/casa_luso_081-150x150.jpg\" class=\"attachment-thumbnail size-thumbnail\" alt=\"Casa Luso \/ RVO Studio\" aria-describedby=\"gallery-3-77386\" \/><\/a>\n\t\t\t<\/div>\n\t\t\t\t<figcaption class='wp-caption-text gallery-caption' id='gallery-3-77386'>\n\t\t\t\tCasa Luso \/ RVO Studio (\u00a9 Marcos Garc\u00eda)\n\t\t\t\t<\/figcaption><\/figure>\n\t\t<\/div>\n\n<p><strong>Materiales y acabados<\/strong><br \/>En cuanto a los materiales, se ha utilizado concreto blanco para las trabes y losas, mientras que en la escalera se ha empleado un concreto azul que emula el tono del mar de la costa de Jalisco. La escalera se convierte en un elemento protag\u00f3nico que da la bienvenida a los visitantes a trav\u00e9s de un ventanal.<\/p>\n<p>La casa se puede abrir completamente si el clima lo permite, gracias a la ventilaci\u00f3n cruzada presente en todas las \u00e1reas. Se han utilizado maderas como el Ipe para los decks de los pisos, aportando un tono c\u00e1lido a la paleta de colores. Los dem\u00e1s pisos se han realizado en concreto pulido, com\u00fan en la construcci\u00f3n local, y se ha empleado m\u00e1rmol que armoniza con la paleta y los concretos blancos.<\/p>\n<div id='gallery-4' class='gallery galleryid-77304 gallery-columns-3 gallery-size-thumbnail'><figure class='gallery-item'>\n\t\t\t<div class='gallery-icon landscape'>\n\t\t\t\t<a href='https:\/\/www.arquimaster.com.ar\/web\/wp-content\/uploads\/2023\/08\/casa_luso_082.jpg' title=\"Casa Luso \/ RVO Studio (\u00a9 Marcos Garc\u00eda)\" data-rl_title=\"Casa Luso \/ RVO Studio (\u00a9 Marcos Garc\u00eda)\" class=\"rl-gallery-link\" data-rl_caption=\"Casa Luso \/ RVO Studio (\u00a9 Marcos Garc\u00eda)\" data-rel=\"lightbox-gallery-4\"><img loading=\"lazy\" decoding=\"async\" width=\"150\" height=\"150\" src=\"https:\/\/www.arquimaster.com.ar\/web\/wp-content\/uploads\/2023\/08\/casa_luso_082-150x150.jpg\" class=\"attachment-thumbnail size-thumbnail\" alt=\"Casa Luso \/ RVO Studio\" aria-describedby=\"gallery-4-77387\" \/><\/a>\n\t\t\t<\/div>\n\t\t\t\t<figcaption class='wp-caption-text gallery-caption' id='gallery-4-77387'>\n\t\t\t\tCasa Luso \/ RVO Studio (\u00a9 Marcos Garc\u00eda)\n\t\t\t\t<\/figcaption><\/figure><figure class='gallery-item'>\n\t\t\t<div class='gallery-icon landscape'>\n\t\t\t\t<a href='https:\/\/www.arquimaster.com.ar\/web\/wp-content\/uploads\/2023\/08\/casa_luso_083.jpg' title=\"Casa Luso \/ RVO Studio (\u00a9 Marcos Garc\u00eda)\" data-rl_title=\"Casa Luso \/ RVO Studio (\u00a9 Marcos Garc\u00eda)\" class=\"rl-gallery-link\" data-rl_caption=\"Casa Luso \/ RVO Studio (\u00a9 Marcos Garc\u00eda)\" data-rel=\"lightbox-gallery-4\"><img loading=\"lazy\" decoding=\"async\" width=\"150\" height=\"150\" src=\"https:\/\/www.arquimaster.com.ar\/web\/wp-content\/uploads\/2023\/08\/casa_luso_083-150x150.jpg\" class=\"attachment-thumbnail size-thumbnail\" alt=\"Casa Luso \/ RVO Studio\" aria-describedby=\"gallery-4-77388\" \/><\/a>\n\t\t\t<\/div>\n\t\t\t\t<figcaption class='wp-caption-text gallery-caption' id='gallery-4-77388'>\n\t\t\t\tCasa Luso \/ RVO Studio (\u00a9 Marcos Garc\u00eda)\n\t\t\t\t<\/figcaption><\/figure><figure class='gallery-item'>\n\t\t\t<div class='gallery-icon landscape'>\n\t\t\t\t<a href='https:\/\/www.arquimaster.com.ar\/web\/wp-content\/uploads\/2023\/08\/casa_luso_084.jpg' title=\"Casa Luso \/ RVO Studio (\u00a9 Marcos Garc\u00eda)\" data-rl_title=\"Casa Luso \/ RVO Studio (\u00a9 Marcos Garc\u00eda)\" class=\"rl-gallery-link\" data-rl_caption=\"Casa Luso \/ RVO Studio (\u00a9 Marcos Garc\u00eda)\" data-rel=\"lightbox-gallery-4\"><img loading=\"lazy\" decoding=\"async\" width=\"150\" height=\"150\" src=\"https:\/\/www.arquimaster.com.ar\/web\/wp-content\/uploads\/2023\/08\/casa_luso_084-150x150.jpg\" class=\"attachment-thumbnail size-thumbnail\" alt=\"Casa Luso \/ RVO Studio\" aria-describedby=\"gallery-4-77389\" \/><\/a>\n\t\t\t<\/div>\n\t\t\t\t<figcaption class='wp-caption-text gallery-caption' id='gallery-4-77389'>\n\t\t\t\tCasa Luso \/ RVO Studio (\u00a9 Marcos Garc\u00eda)\n\t\t\t\t<\/figcaption><\/figure><figure class='gallery-item'>\n\t\t\t<div class='gallery-icon landscape'>\n\t\t\t\t<a href='https:\/\/www.arquimaster.com.ar\/web\/wp-content\/uploads\/2023\/08\/casa_luso_085.jpg' title=\"Casa Luso \/ RVO Studio (\u00a9 Marcos Garc\u00eda)\" data-rl_title=\"Casa Luso \/ RVO Studio (\u00a9 Marcos Garc\u00eda)\" class=\"rl-gallery-link\" data-rl_caption=\"Casa Luso \/ RVO Studio (\u00a9 Marcos Garc\u00eda)\" data-rel=\"lightbox-gallery-4\"><img loading=\"lazy\" decoding=\"async\" width=\"150\" height=\"150\" src=\"https:\/\/www.arquimaster.com.ar\/web\/wp-content\/uploads\/2023\/08\/casa_luso_085-150x150.jpg\" class=\"attachment-thumbnail size-thumbnail\" alt=\"Casa Luso \/ RVO Studio\" aria-describedby=\"gallery-4-77390\" \/><\/a>\n\t\t\t<\/div>\n\t\t\t\t<figcaption class='wp-caption-text gallery-caption' id='gallery-4-77390'>\n\t\t\t\tCasa Luso \/ RVO Studio (\u00a9 Marcos Garc\u00eda)\n\t\t\t\t<\/figcaption><\/figure><figure class='gallery-item'>\n\t\t\t<div class='gallery-icon landscape'>\n\t\t\t\t<a href='https:\/\/www.arquimaster.com.ar\/web\/wp-content\/uploads\/2023\/08\/casa_luso_086.jpg' title=\"Casa Luso \/ RVO Studio (\u00a9 Marcos Garc\u00eda)\" data-rl_title=\"Casa Luso \/ RVO Studio (\u00a9 Marcos Garc\u00eda)\" class=\"rl-gallery-link\" data-rl_caption=\"Casa Luso \/ RVO Studio (\u00a9 Marcos Garc\u00eda)\" data-rel=\"lightbox-gallery-4\"><img loading=\"lazy\" decoding=\"async\" width=\"150\" height=\"150\" src=\"https:\/\/www.arquimaster.com.ar\/web\/wp-content\/uploads\/2023\/08\/casa_luso_086-150x150.jpg\" class=\"attachment-thumbnail size-thumbnail\" alt=\"Casa Luso \/ RVO Studio\" aria-describedby=\"gallery-4-77391\" \/><\/a>\n\t\t\t<\/div>\n\t\t\t\t<figcaption class='wp-caption-text gallery-caption' id='gallery-4-77391'>\n\t\t\t\tCasa Luso \/ RVO Studio (\u00a9 Marcos Garc\u00eda)\n\t\t\t\t<\/figcaption><\/figure><figure class='gallery-item'>\n\t\t\t<div class='gallery-icon landscape'>\n\t\t\t\t<a href='https:\/\/www.arquimaster.com.ar\/web\/wp-content\/uploads\/2023\/08\/casa_luso_087.jpg' title=\"Casa Luso \/ RVO Studio (\u00a9 Marcos Garc\u00eda)\" data-rl_title=\"Casa Luso \/ RVO Studio (\u00a9 Marcos Garc\u00eda)\" class=\"rl-gallery-link\" data-rl_caption=\"Casa Luso \/ RVO Studio (\u00a9 Marcos Garc\u00eda)\" data-rel=\"lightbox-gallery-4\"><img loading=\"lazy\" decoding=\"async\" width=\"150\" height=\"150\" src=\"https:\/\/www.arquimaster.com.ar\/web\/wp-content\/uploads\/2023\/08\/casa_luso_087-150x150.jpg\" class=\"attachment-thumbnail size-thumbnail\" alt=\"Casa Luso \/ RVO Studio\" aria-describedby=\"gallery-4-77392\" \/><\/a>\n\t\t\t<\/div>\n\t\t\t\t<figcaption class='wp-caption-text gallery-caption' id='gallery-4-77392'>\n\t\t\t\tCasa Luso \/ RVO Studio (\u00a9 Marcos Garc\u00eda)\n\t\t\t\t<\/figcaption><\/figure><figure class='gallery-item'>\n\t\t\t<div class='gallery-icon landscape'>\n\t\t\t\t<a href='https:\/\/www.arquimaster.com.ar\/web\/wp-content\/uploads\/2023\/08\/casa_luso_088.jpg' title=\"Casa Luso \/ RVO Studio (\u00a9 Marcos Garc\u00eda)\" data-rl_title=\"Casa Luso \/ RVO Studio (\u00a9 Marcos Garc\u00eda)\" class=\"rl-gallery-link\" data-rl_caption=\"Casa Luso \/ RVO Studio (\u00a9 Marcos Garc\u00eda)\" data-rel=\"lightbox-gallery-4\"><img loading=\"lazy\" decoding=\"async\" width=\"150\" height=\"150\" src=\"https:\/\/www.arquimaster.com.ar\/web\/wp-content\/uploads\/2023\/08\/casa_luso_088-150x150.jpg\" class=\"attachment-thumbnail size-thumbnail\" alt=\"Casa Luso \/ RVO Studio\" aria-describedby=\"gallery-4-77393\" \/><\/a>\n\t\t\t<\/div>\n\t\t\t\t<figcaption class='wp-caption-text gallery-caption' id='gallery-4-77393'>\n\t\t\t\tCasa Luso \/ RVO Studio (\u00a9 Marcos Garc\u00eda)\n\t\t\t\t<\/figcaption><\/figure><figure class='gallery-item'>\n\t\t\t<div class='gallery-icon landscape'>\n\t\t\t\t<a href='https:\/\/www.arquimaster.com.ar\/web\/wp-content\/uploads\/2023\/08\/casa_luso_089.jpg' title=\"Casa Luso \/ RVO Studio (\u00a9 Marcos Garc\u00eda)\" data-rl_title=\"Casa Luso \/ RVO Studio (\u00a9 Marcos Garc\u00eda)\" class=\"rl-gallery-link\" data-rl_caption=\"Casa Luso \/ RVO Studio (\u00a9 Marcos Garc\u00eda)\" data-rel=\"lightbox-gallery-4\"><img loading=\"lazy\" decoding=\"async\" width=\"150\" height=\"150\" src=\"https:\/\/www.arquimaster.com.ar\/web\/wp-content\/uploads\/2023\/08\/casa_luso_089-150x150.jpg\" class=\"attachment-thumbnail size-thumbnail\" alt=\"Casa Luso \/ RVO Studio\" aria-describedby=\"gallery-4-77394\" \/><\/a>\n\t\t\t<\/div>\n\t\t\t\t<figcaption class='wp-caption-text gallery-caption' id='gallery-4-77394'>\n\t\t\t\tCasa Luso \/ RVO Studio (\u00a9 Marcos Garc\u00eda)\n\t\t\t\t<\/figcaption><\/figure><figure class='gallery-item'>\n\t\t\t<div class='gallery-icon landscape'>\n\t\t\t\t<a href='https:\/\/www.arquimaster.com.ar\/web\/wp-content\/uploads\/2023\/08\/casa_luso_090.jpg' title=\"Casa Luso \/ RVO Studio (\u00a9 Marcos Garc\u00eda)\" data-rl_title=\"Casa Luso \/ RVO Studio (\u00a9 Marcos Garc\u00eda)\" class=\"rl-gallery-link\" data-rl_caption=\"Casa Luso \/ RVO Studio (\u00a9 Marcos Garc\u00eda)\" data-rel=\"lightbox-gallery-4\"><img loading=\"lazy\" decoding=\"async\" width=\"150\" height=\"150\" src=\"https:\/\/www.arquimaster.com.ar\/web\/wp-content\/uploads\/2023\/08\/casa_luso_090-150x150.jpg\" class=\"attachment-thumbnail size-thumbnail\" alt=\"Casa Luso \/ RVO Studio\" aria-describedby=\"gallery-4-77395\" \/><\/a>\n\t\t\t<\/div>\n\t\t\t\t<figcaption class='wp-caption-text gallery-caption' id='gallery-4-77395'>\n\t\t\t\tCasa Luso \/ RVO Studio (\u00a9 Marcos Garc\u00eda)\n\t\t\t\t<\/figcaption><\/figure><figure class='gallery-item'>\n\t\t\t<div class='gallery-icon landscape'>\n\t\t\t\t<a href='https:\/\/www.arquimaster.com.ar\/web\/wp-content\/uploads\/2023\/08\/casa_luso_091.jpg' title=\"Casa Luso \/ RVO Studio (\u00a9 Marcos Garc\u00eda)\" data-rl_title=\"Casa Luso \/ RVO Studio (\u00a9 Marcos Garc\u00eda)\" class=\"rl-gallery-link\" data-rl_caption=\"Casa Luso \/ RVO Studio (\u00a9 Marcos Garc\u00eda)\" data-rel=\"lightbox-gallery-4\"><img loading=\"lazy\" decoding=\"async\" width=\"150\" height=\"150\" src=\"https:\/\/www.arquimaster.com.ar\/web\/wp-content\/uploads\/2023\/08\/casa_luso_091-150x150.jpg\" class=\"attachment-thumbnail size-thumbnail\" alt=\"Casa Luso \/ RVO Studio\" aria-describedby=\"gallery-4-77396\" \/><\/a>\n\t\t\t<\/div>\n\t\t\t\t<figcaption class='wp-caption-text gallery-caption' id='gallery-4-77396'>\n\t\t\t\tCasa Luso \/ RVO Studio (\u00a9 Marcos Garc\u00eda)\n\t\t\t\t<\/figcaption><\/figure><figure class='gallery-item'>\n\t\t\t<div class='gallery-icon landscape'>\n\t\t\t\t<a href='https:\/\/www.arquimaster.com.ar\/web\/wp-content\/uploads\/2023\/08\/casa_luso_092.jpg' title=\"Casa Luso \/ RVO Studio (\u00a9 Marcos Garc\u00eda)\" data-rl_title=\"Casa Luso \/ RVO Studio (\u00a9 Marcos Garc\u00eda)\" class=\"rl-gallery-link\" data-rl_caption=\"Casa Luso \/ RVO Studio (\u00a9 Marcos Garc\u00eda)\" data-rel=\"lightbox-gallery-4\"><img loading=\"lazy\" decoding=\"async\" width=\"150\" height=\"150\" src=\"https:\/\/www.arquimaster.com.ar\/web\/wp-content\/uploads\/2023\/08\/casa_luso_092-150x150.jpg\" class=\"attachment-thumbnail size-thumbnail\" alt=\"Casa Luso \/ RVO Studio\" aria-describedby=\"gallery-4-77397\" \/><\/a>\n\t\t\t<\/div>\n\t\t\t\t<figcaption class='wp-caption-text gallery-caption' id='gallery-4-77397'>\n\t\t\t\tCasa Luso \/ RVO Studio (\u00a9 Marcos Garc\u00eda)\n\t\t\t\t<\/figcaption><\/figure><figure class='gallery-item'>\n\t\t\t<div class='gallery-icon landscape'>\n\t\t\t\t<a href='https:\/\/www.arquimaster.com.ar\/web\/wp-content\/uploads\/2023\/08\/casa_luso_093.jpg' title=\"Casa Luso \/ RVO Studio (\u00a9 Marcos Garc\u00eda)\" data-rl_title=\"Casa Luso \/ RVO Studio (\u00a9 Marcos Garc\u00eda)\" class=\"rl-gallery-link\" data-rl_caption=\"Casa Luso \/ RVO Studio (\u00a9 Marcos Garc\u00eda)\" data-rel=\"lightbox-gallery-4\"><img loading=\"lazy\" decoding=\"async\" width=\"150\" height=\"150\" src=\"https:\/\/www.arquimaster.com.ar\/web\/wp-content\/uploads\/2023\/08\/casa_luso_093-150x150.jpg\" class=\"attachment-thumbnail size-thumbnail\" alt=\"Casa Luso \/ RVO Studio\" aria-describedby=\"gallery-4-77398\" \/><\/a>\n\t\t\t<\/div>\n\t\t\t\t<figcaption class='wp-caption-text gallery-caption' id='gallery-4-77398'>\n\t\t\t\tCasa Luso \/ RVO Studio (\u00a9 Marcos Garc\u00eda)\n\t\t\t\t<\/figcaption><\/figure><figure class='gallery-item'>\n\t\t\t<div class='gallery-icon landscape'>\n\t\t\t\t<a href='https:\/\/www.arquimaster.com.ar\/web\/wp-content\/uploads\/2023\/08\/casa_luso_094.jpg' title=\"Casa Luso \/ RVO Studio (\u00a9 Marcos Garc\u00eda)\" data-rl_title=\"Casa Luso \/ RVO Studio (\u00a9 Marcos Garc\u00eda)\" class=\"rl-gallery-link\" data-rl_caption=\"Casa Luso \/ RVO Studio (\u00a9 Marcos Garc\u00eda)\" data-rel=\"lightbox-gallery-4\"><img loading=\"lazy\" decoding=\"async\" width=\"150\" height=\"150\" src=\"https:\/\/www.arquimaster.com.ar\/web\/wp-content\/uploads\/2023\/08\/casa_luso_094-150x150.jpg\" class=\"attachment-thumbnail size-thumbnail\" alt=\"Casa Luso \/ RVO Studio\" aria-describedby=\"gallery-4-77399\" \/><\/a>\n\t\t\t<\/div>\n\t\t\t\t<figcaption class='wp-caption-text gallery-caption' id='gallery-4-77399'>\n\t\t\t\tCasa Luso \/ RVO Studio (\u00a9 Marcos Garc\u00eda)\n\t\t\t\t<\/figcaption><\/figure><figure class='gallery-item'>\n\t\t\t<div class='gallery-icon landscape'>\n\t\t\t\t<a href='https:\/\/www.arquimaster.com.ar\/web\/wp-content\/uploads\/2023\/08\/casa_luso_095.jpg' title=\"Casa Luso \/ RVO Studio (\u00a9 Marcos Garc\u00eda)\" data-rl_title=\"Casa Luso \/ RVO Studio (\u00a9 Marcos Garc\u00eda)\" class=\"rl-gallery-link\" data-rl_caption=\"Casa Luso \/ RVO Studio (\u00a9 Marcos Garc\u00eda)\" data-rel=\"lightbox-gallery-4\"><img loading=\"lazy\" decoding=\"async\" width=\"150\" height=\"150\" src=\"https:\/\/www.arquimaster.com.ar\/web\/wp-content\/uploads\/2023\/08\/casa_luso_095-150x150.jpg\" class=\"attachment-thumbnail size-thumbnail\" alt=\"Casa Luso \/ RVO Studio\" aria-describedby=\"gallery-4-77400\" \/><\/a>\n\t\t\t<\/div>\n\t\t\t\t<figcaption class='wp-caption-text gallery-caption' id='gallery-4-77400'>\n\t\t\t\tCasa Luso \/ RVO Studio (\u00a9 Marcos Garc\u00eda)\n\t\t\t\t<\/figcaption><\/figure><figure class='gallery-item'>\n\t\t\t<div class='gallery-icon landscape'>\n\t\t\t\t<a href='https:\/\/www.arquimaster.com.ar\/web\/wp-content\/uploads\/2023\/08\/casa_luso_96.jpg' title=\"Casa Luso \/ RVO Studio (planta baja)\" data-rl_title=\"Casa Luso \/ RVO Studio (planta baja)\" class=\"rl-gallery-link\" data-rl_caption=\"Casa Luso \/ RVO Studio (planta baja)\" data-rel=\"lightbox-gallery-4\"><img loading=\"lazy\" decoding=\"async\" width=\"150\" height=\"150\" src=\"https:\/\/www.arquimaster.com.ar\/web\/wp-content\/uploads\/2023\/08\/casa_luso_96-150x150.jpg\" class=\"attachment-thumbnail size-thumbnail\" alt=\"Casa Luso \/ RVO Studio\" aria-describedby=\"gallery-4-77401\" \/><\/a>\n\t\t\t<\/div>\n\t\t\t\t<figcaption class='wp-caption-text gallery-caption' id='gallery-4-77401'>\n\t\t\t\tCasa Luso \/ RVO Studio (planta baja)\n\t\t\t\t<\/figcaption><\/figure><figure class='gallery-item'>\n\t\t\t<div class='gallery-icon landscape'>\n\t\t\t\t<a href='https:\/\/www.arquimaster.com.ar\/web\/wp-content\/uploads\/2023\/08\/casa_luso_97.jpg' title=\"Casa Luso \/ RVO Studio (planta alta)\" data-rl_title=\"Casa Luso \/ RVO Studio (planta alta)\" class=\"rl-gallery-link\" data-rl_caption=\"Casa Luso \/ RVO Studio (planta alta)\" data-rel=\"lightbox-gallery-4\"><img loading=\"lazy\" decoding=\"async\" width=\"150\" height=\"150\" src=\"https:\/\/www.arquimaster.com.ar\/web\/wp-content\/uploads\/2023\/08\/casa_luso_97-150x150.jpg\" class=\"attachment-thumbnail size-thumbnail\" alt=\"Casa Luso \/ RVO Studio\" aria-describedby=\"gallery-4-77402\" \/><\/a>\n\t\t\t<\/div>\n\t\t\t\t<figcaption class='wp-caption-text gallery-caption' id='gallery-4-77402'>\n\t\t\t\tCasa Luso \/ RVO Studio (planta alta)\n\t\t\t\t<\/figcaption><\/figure><figure class='gallery-item'>\n\t\t\t<div class='gallery-icon landscape'>\n\t\t\t\t<a href='https:\/\/www.arquimaster.com.ar\/web\/wp-content\/uploads\/2023\/08\/casa_luso_98.jpg' title=\"Casa Luso \/ RVO Studio (planta de conjunto)\" data-rl_title=\"Casa Luso \/ RVO Studio (planta de conjunto)\" class=\"rl-gallery-link\" data-rl_caption=\"Casa Luso \/ RVO Studio (planta de conjunto)\" data-rel=\"lightbox-gallery-4\"><img loading=\"lazy\" decoding=\"async\" width=\"150\" height=\"150\" src=\"https:\/\/www.arquimaster.com.ar\/web\/wp-content\/uploads\/2023\/08\/casa_luso_98-150x150.jpg\" class=\"attachment-thumbnail size-thumbnail\" alt=\"Casa Luso \/ RVO Studio\" aria-describedby=\"gallery-4-77403\" \/><\/a>\n\t\t\t<\/div>\n\t\t\t\t<figcaption class='wp-caption-text gallery-caption' id='gallery-4-77403'>\n\t\t\t\tCasa Luso \/ RVO Studio (planta de conjunto)\n\t\t\t\t<\/figcaption><\/figure><figure class='gallery-item'>\n\t\t\t<div class='gallery-icon landscape'>\n\t\t\t\t<a href='https:\/\/www.arquimaster.com.ar\/web\/wp-content\/uploads\/2023\/08\/casa_luso_99.jpg' title=\"Casa Luso \/ RVO Studio (cortes)\" data-rl_title=\"Casa Luso \/ RVO Studio (cortes)\" class=\"rl-gallery-link\" data-rl_caption=\"Casa Luso \/ RVO Studio (cortes)\" data-rel=\"lightbox-gallery-4\"><img loading=\"lazy\" decoding=\"async\" width=\"150\" height=\"150\" src=\"https:\/\/www.arquimaster.com.ar\/web\/wp-content\/uploads\/2023\/08\/casa_luso_99-150x150.jpg\" class=\"attachment-thumbnail size-thumbnail\" alt=\"Casa Luso \/ RVO Studio\" aria-describedby=\"gallery-4-77404\" \/><\/a>\n\t\t\t<\/div>\n\t\t\t\t<figcaption class='wp-caption-text gallery-caption' id='gallery-4-77404'>\n\t\t\t\tCasa Luso \/ RVO Studio (cortes)\n\t\t\t\t<\/figcaption><\/figure><figure class='gallery-item'>\n\t\t\t<div class='gallery-icon landscape'>\n\t\t\t\t<a href='https:\/\/www.arquimaster.com.ar\/web\/wp-content\/uploads\/2023\/08\/casa_luso_100.jpg' title=\"Casa Luso \/ RVO Studio (vistas)\" data-rl_title=\"Casa Luso \/ RVO Studio (vistas)\" class=\"rl-gallery-link\" data-rl_caption=\"Casa Luso \/ RVO Studio (vistas)\" data-rel=\"lightbox-gallery-4\"><img loading=\"lazy\" decoding=\"async\" width=\"150\" height=\"150\" src=\"https:\/\/www.arquimaster.com.ar\/web\/wp-content\/uploads\/2023\/08\/casa_luso_100-150x150.jpg\" class=\"attachment-thumbnail size-thumbnail\" alt=\"Casa Luso \/ RVO Studio\" aria-describedby=\"gallery-4-77405\" \/><\/a>\n\t\t\t<\/div>\n\t\t\t\t<figcaption class='wp-caption-text gallery-caption' id='gallery-4-77405'>\n\t\t\t\tCasa Luso \/ RVO Studio (vistas)\n\t\t\t\t<\/figcaption><\/figure><figure class='gallery-item'>\n\t\t\t<div class='gallery-icon landscape'>\n\t\t\t\t<a href='https:\/\/www.arquimaster.com.ar\/web\/wp-content\/uploads\/2023\/08\/casa_luso_101.jpg' title=\"Casa Luso \/ RVO Studio (axonometria)\" data-rl_title=\"Casa Luso \/ RVO Studio (axonometria)\" class=\"rl-gallery-link\" data-rl_caption=\"Casa Luso \/ RVO Studio (axonometria)\" data-rel=\"lightbox-gallery-4\"><img loading=\"lazy\" decoding=\"async\" width=\"150\" height=\"150\" src=\"https:\/\/www.arquimaster.com.ar\/web\/wp-content\/uploads\/2023\/08\/casa_luso_101-150x150.jpg\" class=\"attachment-thumbnail size-thumbnail\" alt=\"Casa Luso \/ RVO Studio\" aria-describedby=\"gallery-4-77406\" \/><\/a>\n\t\t\t<\/div>\n\t\t\t\t<figcaption class='wp-caption-text gallery-caption' id='gallery-4-77406'>\n\t\t\t\tCasa Luso \/ RVO Studio (axonometria)\n\t\t\t\t<\/figcaption><\/figure><figure class='gallery-item'>\n\t\t\t<div class='gallery-icon landscape'>\n\t\t\t\t<a href='https:\/\/www.arquimaster.com.ar\/web\/wp-content\/uploads\/2023\/08\/casa_luso_102.jpg' title=\"Casa Luso \/ RVO Studio (axonometria)\" data-rl_title=\"Casa Luso \/ RVO Studio (axonometria)\" class=\"rl-gallery-link\" data-rl_caption=\"Casa Luso \/ RVO Studio (axonometria)\" data-rel=\"lightbox-gallery-4\"><img loading=\"lazy\" decoding=\"async\" width=\"150\" height=\"150\" src=\"https:\/\/www.arquimaster.com.ar\/web\/wp-content\/uploads\/2023\/08\/casa_luso_102-150x150.jpg\" class=\"attachment-thumbnail size-thumbnail\" alt=\"Casa Luso \/ RVO Studio\" aria-describedby=\"gallery-4-77407\" \/><\/a>\n\t\t\t<\/div>\n\t\t\t\t<figcaption class='wp-caption-text gallery-caption' id='gallery-4-77407'>\n\t\t\t\tCasa Luso \/ RVO Studio (axonometria)\n\t\t\t\t<\/figcaption><\/figure>\n\t\t<\/div>\n\n<p><strong>Programa y espacios<\/strong><br \/>La Casa Luso cuenta con un ingreso principal cubierto desde la calle, que da la bienvenida a un zagu\u00e1n en esquina con estructura en cantil\u00e9ver. A continuaci\u00f3n, se encuentra un vest\u00edbulo con la presencia destacada de la escalera, seguido de un family room y medio ba\u00f1o. La cocina y la sala comedor se encuentran integradas en un solo ambiente, aunque la cocina se puede separar mediante puertas corredizas para mayor privacidad.<\/p>\n<p>En el exterior de la casa se ubican un estudio de m\u00fasica, un cuarto de visitas independiente, una alberca, un jard\u00edn y la imponente higuera con vistas al estero y los manglares. En la planta alta se encuentran la rec\u00e1mara principal con closet y ba\u00f1o, dos rec\u00e1maras adicionales con ba\u00f1o, closet y vestidor propios, y un estudio de televisi\u00f3n.<\/p>\n<p><strong>Geometr\u00eda y sostenibilidad<\/strong><br \/>La geometr\u00eda juega un papel fundamental en el dise\u00f1o arquitect\u00f3nico de la Casa Luso. La cubierta inclinada y la pendiente m\u00ednima del 8% aproximadamente, que va desde la fachada hacia la parte posterior de la casa, le otorgan una forma geom\u00e9trica interesante a la fachada lateral. El volumen central se presenta como un cubo perfecto recubierto de cemento gris, envuelto por otro volumen.<\/p>\n<p>Un pasillo central con una apertura central cenital, ubicado sobre un espejo de agua, gu\u00eda la vista hacia la imponente higuera. Este juego de luces y sombras permite apreciar el paso del tiempo y los cambios estacionales, creando una experiencia \u00fanica y cambiante a lo largo del a\u00f1o. La celos\u00eda, orientada hacia el oriente, permite un asoleamiento distinto en verano y en invierno por la ma\u00f1ana, generando diferentes efectos lum\u00ednicos seg\u00fan la \u00e9poca del a\u00f1o.<\/p>\n<p>La sostenibilidad es un aspecto fundamental en el proyecto, buscando una huella neutral de CO2. Para lograrlo, se ha implementado un sistema de captaci\u00f3n de aguas pluviales y aguas tratadas jabonosas, que se utilizan para el riego del jard\u00edn y la vegetaci\u00f3n de la casa, evitando el uso de agua potable.<\/p>\n<p>Adem\u00e1s, se han instalado paneles solares para minimizar el consumo de energ\u00eda el\u00e9ctrica. La ventilaci\u00f3n cruzada permite reducir la necesidad de utilizar aire acondicionado, aprovechando las condiciones clim\u00e1ticas favorables de Puerto Vallarta.<\/p>\n\n\n<div style=\"height:20px\" aria-hidden=\"true\" class=\"wp-block-spacer\"><\/div>\n\n\n\n<p class=\"has-background\" style=\"background-color:#eaeaea\"><strong>Ficha t\u00e9cnica<\/strong><br>Nombre: Casa Luso<br>Ubicaci\u00f3n: Nuevo Vallarta, Nayarit, M\u00e9xico<br>Oficina de arquitectura: RVO Studio<br>Arquitecto a cargo: Ra\u00fal V\u00e1zquez<br>Superficie construida: 720 m2<br>A\u00f1o finalizaci\u00f3n construcci\u00f3n: 2023<br>Fotograf\u00edas: <a href=\"https:\/\/www.marcosgarcia.com.mx\/\" target=\"_blank\" rel=\"noreferrer noopener\">Marcos Garc\u00eda<\/a><br><br><strong>Contacto<\/strong><br><a href=\"https:\/\/www.rvostudio.com\/\" target=\"_blank\" rel=\"noreferrer noopener\">https:\/\/www.rvostudio.com\/<\/a><br>Instagram: @rvostudiomexico<br>Facebook: rvostudio<\/p>\n\n\n\n<div style=\"height:40px\" aria-hidden=\"true\" class=\"wp-block-spacer\"><\/div>\n\n<div style=\"font-size: 0px; height: 0px; line-height: 0px; margin: 0; padding: 0; clear: both;\"><\/div><div style=\"margin-top: 0px; margin-bottom: 0px;\" class=\"sharethis-inline-share-buttons\" ><\/div>","protected":false},"excerpt":{"rendered":"<p>Una visi\u00f3n contempor\u00e1nea y una meticulosa atenci\u00f3n a los detalles&#8230;<\/p>\n","protected":false},"author":1,"featured_media":77305,"comment_status":"closed","ping_status":"closed","sticky":false,"template":"","format":"standard","meta":{"_uag_custom_page_level_css":"","footnotes":""},"categories":[1,83],"tags":[4282,44,24,2639,7745,7747,7746,254],"class_list":["post-77304","post","type-post","status-publish","format-standard","has-post-thumbnail","hentry","category-proyecto","category-vivienda-unifamiliar","tag-arquitectura-residencial","tag-arquitectura-sustentable","tag-mexico","tag-nayarit","tag-nuevo-vallarta","tag-raul-vazquez","tag-rvo-studio","tag-vivienda-unifamiliar-2","generate-columns","tablet-grid-50","mobile-grid-100","grid-parent","grid-50"],"yoast_head":"<!-- This site is optimized with the Yoast SEO plugin v27.3 - https:\/\/yoast.com\/product\/yoast-seo-wordpress\/ -->\n<title>Casa Luso \/ RVO Studio - Arquimaster<\/title>\n<meta name=\"description\" content=\"Una visi\u00f3n contempor\u00e1nea y una meticulosa atenci\u00f3n a los detalles, buscando crear un espacio habitable que destaque la presencia de un impresionante \u00e1rbol.\" \/>\n<meta name=\"robots\" content=\"index, follow, max-snippet:-1, max-image-preview:large, max-video-preview:-1\" \/>\n<link rel=\"canonical\" href=\"https:\/\/www.arquimaster.com.ar\/web\/casa-luso-rvo-studio\/\" \/>\n<meta property=\"og:locale\" content=\"es_ES\" \/>\n<meta property=\"og:type\" content=\"article\" \/>\n<meta property=\"og:title\" content=\"Casa Luso \/ RVO Studio\" \/>\n<meta property=\"og:description\" content=\"Una visi\u00f3n contempor\u00e1nea y una meticulosa atenci\u00f3n a los detalles, buscando crear un espacio habitable que destaque la presencia de un impresionante \u00e1rbol.\" \/>\n<meta property=\"og:url\" content=\"https:\/\/www.arquimaster.com.ar\/web\/casa-luso-rvo-studio\/\" \/>\n<meta property=\"og:site_name\" content=\"Arquimaster\" \/>\n<meta property=\"article:publisher\" content=\"http:\/\/www.facebook.com\/ARQUIMASTER.com.ar\" \/>\n<meta property=\"article:published_time\" content=\"2023-08-24T22:34:08+00:00\" \/>\n<meta property=\"article:modified_time\" content=\"2023-09-19T17:26:46+00:00\" \/>\n<meta property=\"og:image\" content=\"https:\/\/www.arquimaster.com.ar\/web\/wp-content\/uploads\/2023\/08\/casa_luso_slide.jpg\" \/>\n\t<meta property=\"og:image:width\" content=\"698\" \/>\n\t<meta property=\"og:image:height\" content=\"364\" \/>\n\t<meta property=\"og:image:type\" content=\"image\/jpeg\" \/>\n<meta name=\"author\" content=\"Arquimaster\" \/>\n<meta name=\"twitter:card\" content=\"summary_large_image\" \/>\n<meta name=\"twitter:description\" content=\"Una visi\u00f3n contempor\u00e1nea y una meticulosa atenci\u00f3n a los detalles, buscando crear un espacio habitable que destaque la presencia de un impresionante \u00e1rbol.\" \/>\n<meta name=\"twitter:image\" content=\"https:\/\/www.arquimaster.com.ar\/web\/wp-content\/uploads\/2023\/08\/casa_luso_slide.jpg\" \/>\n<meta name=\"twitter:creator\" content=\"@arquimaster\" \/>\n<meta name=\"twitter:site\" content=\"@arquimaster\" \/>\n<meta name=\"twitter:label1\" content=\"Escrito por\" \/>\n\t<meta name=\"twitter:data1\" content=\"Arquimaster\" \/>\n\t<meta name=\"twitter:label2\" content=\"Tiempo de lectura\" \/>\n\t<meta name=\"twitter:data2\" content=\"4 minutos\" \/>\n<script type=\"application\/ld+json\" class=\"yoast-schema-graph\">{\"@context\":\"https:\\\/\\\/schema.org\",\"@graph\":[{\"@type\":\"Article\",\"@id\":\"https:\\\/\\\/www.arquimaster.com.ar\\\/web\\\/casa-luso-rvo-studio\\\/#article\",\"isPartOf\":{\"@id\":\"https:\\\/\\\/www.arquimaster.com.ar\\\/web\\\/casa-luso-rvo-studio\\\/\"},\"author\":{\"name\":\"Arquimaster\",\"@id\":\"https:\\\/\\\/www.arquimaster.com.ar\\\/web\\\/#\\\/schema\\\/person\\\/359e9f7c00193fcde068e0dd2ceb0028\"},\"headline\":\"Casa Luso \\\/ RVO Studio\",\"datePublished\":\"2023-08-24T22:34:08+00:00\",\"dateModified\":\"2023-09-19T17:26:46+00:00\",\"mainEntityOfPage\":{\"@id\":\"https:\\\/\\\/www.arquimaster.com.ar\\\/web\\\/casa-luso-rvo-studio\\\/\"},\"wordCount\":924,\"publisher\":{\"@id\":\"https:\\\/\\\/www.arquimaster.com.ar\\\/web\\\/#organization\"},\"image\":{\"@id\":\"https:\\\/\\\/www.arquimaster.com.ar\\\/web\\\/casa-luso-rvo-studio\\\/#primaryimage\"},\"thumbnailUrl\":\"https:\\\/\\\/www.arquimaster.com.ar\\\/web\\\/wp-content\\\/uploads\\\/2023\\\/08\\\/casa_luso_slide.jpg\",\"keywords\":[\"arquitectura residencial\",\"arquitectura sustentable\",\"Mexico\",\"Nayarit\",\"Nuevo Vallarta\",\"Ra\u00fal V\u00e1zquez\",\"RVO Studio\",\"vivienda unifamiliar\"],\"articleSection\":[\"Proyecto\",\"Vivienda unifamiliar y PH\"],\"inLanguage\":\"es\"},{\"@type\":\"WebPage\",\"@id\":\"https:\\\/\\\/www.arquimaster.com.ar\\\/web\\\/casa-luso-rvo-studio\\\/\",\"url\":\"https:\\\/\\\/www.arquimaster.com.ar\\\/web\\\/casa-luso-rvo-studio\\\/\",\"name\":\"Casa Luso \\\/ RVO Studio - Arquimaster\",\"isPartOf\":{\"@id\":\"https:\\\/\\\/www.arquimaster.com.ar\\\/web\\\/#website\"},\"primaryImageOfPage\":{\"@id\":\"https:\\\/\\\/www.arquimaster.com.ar\\\/web\\\/casa-luso-rvo-studio\\\/#primaryimage\"},\"image\":{\"@id\":\"https:\\\/\\\/www.arquimaster.com.ar\\\/web\\\/casa-luso-rvo-studio\\\/#primaryimage\"},\"thumbnailUrl\":\"https:\\\/\\\/www.arquimaster.com.ar\\\/web\\\/wp-content\\\/uploads\\\/2023\\\/08\\\/casa_luso_slide.jpg\",\"datePublished\":\"2023-08-24T22:34:08+00:00\",\"dateModified\":\"2023-09-19T17:26:46+00:00\",\"description\":\"Una visi\u00f3n contempor\u00e1nea y una meticulosa atenci\u00f3n a los detalles, buscando crear un espacio habitable que destaque la presencia de un impresionante \u00e1rbol.\",\"breadcrumb\":{\"@id\":\"https:\\\/\\\/www.arquimaster.com.ar\\\/web\\\/casa-luso-rvo-studio\\\/#breadcrumb\"},\"inLanguage\":\"es\",\"potentialAction\":[{\"@type\":\"ReadAction\",\"target\":[\"https:\\\/\\\/www.arquimaster.com.ar\\\/web\\\/casa-luso-rvo-studio\\\/\"]}]},{\"@type\":\"ImageObject\",\"inLanguage\":\"es\",\"@id\":\"https:\\\/\\\/www.arquimaster.com.ar\\\/web\\\/casa-luso-rvo-studio\\\/#primaryimage\",\"url\":\"https:\\\/\\\/www.arquimaster.com.ar\\\/web\\\/wp-content\\\/uploads\\\/2023\\\/08\\\/casa_luso_slide.jpg\",\"contentUrl\":\"https:\\\/\\\/www.arquimaster.com.ar\\\/web\\\/wp-content\\\/uploads\\\/2023\\\/08\\\/casa_luso_slide.jpg\",\"width\":698,\"height\":364,\"caption\":\"Casa Luso \\\/ RVO Studio\"},{\"@type\":\"BreadcrumbList\",\"@id\":\"https:\\\/\\\/www.arquimaster.com.ar\\\/web\\\/casa-luso-rvo-studio\\\/#breadcrumb\",\"itemListElement\":[{\"@type\":\"ListItem\",\"position\":1,\"name\":\"Portada\",\"item\":\"https:\\\/\\\/www.arquimaster.com.ar\\\/web\\\/\"},{\"@type\":\"ListItem\",\"position\":2,\"name\":\"Casa Luso \\\/ RVO Studio\"}]},{\"@type\":\"WebSite\",\"@id\":\"https:\\\/\\\/www.arquimaster.com.ar\\\/web\\\/#website\",\"url\":\"https:\\\/\\\/www.arquimaster.com.ar\\\/web\\\/\",\"name\":\"Arquimaster\",\"description\":\"Web de arquitectura, dise\u00f1o y construccion\",\"publisher\":{\"@id\":\"https:\\\/\\\/www.arquimaster.com.ar\\\/web\\\/#organization\"},\"potentialAction\":[{\"@type\":\"SearchAction\",\"target\":{\"@type\":\"EntryPoint\",\"urlTemplate\":\"https:\\\/\\\/www.arquimaster.com.ar\\\/web\\\/?s={search_term_string}\"},\"query-input\":{\"@type\":\"PropertyValueSpecification\",\"valueRequired\":true,\"valueName\":\"search_term_string\"}}],\"inLanguage\":\"es\"},{\"@type\":\"Organization\",\"@id\":\"https:\\\/\\\/www.arquimaster.com.ar\\\/web\\\/#organization\",\"name\":\"Arquimaster\",\"url\":\"https:\\\/\\\/www.arquimaster.com.ar\\\/web\\\/\",\"logo\":{\"@type\":\"ImageObject\",\"inLanguage\":\"es\",\"@id\":\"https:\\\/\\\/www.arquimaster.com.ar\\\/web\\\/#\\\/schema\\\/logo\\\/image\\\/\",\"url\":\"https:\\\/\\\/www.arquimaster.com.ar\\\/web\\\/wp-content\\\/uploads\\\/2022\\\/06\\\/arquimaster.png\",\"contentUrl\":\"https:\\\/\\\/www.arquimaster.com.ar\\\/web\\\/wp-content\\\/uploads\\\/2022\\\/06\\\/arquimaster.png\",\"width\":594,\"height\":78,\"caption\":\"Arquimaster\"},\"image\":{\"@id\":\"https:\\\/\\\/www.arquimaster.com.ar\\\/web\\\/#\\\/schema\\\/logo\\\/image\\\/\"},\"sameAs\":[\"http:\\\/\\\/www.facebook.com\\\/ARQUIMASTER.com.ar\",\"https:\\\/\\\/x.com\\\/arquimaster\",\"https:\\\/\\\/www.instagram.com\\\/arquimasterblog\\\/\",\"https:\\\/\\\/www.linkedin.com\\\/company\\\/arquimaster\",\"https:\\\/\\\/www.pinterest.com\\\/arquimaster\",\"https:\\\/\\\/t.me\\\/arquimaster\"]},{\"@type\":\"Person\",\"@id\":\"https:\\\/\\\/www.arquimaster.com.ar\\\/web\\\/#\\\/schema\\\/person\\\/359e9f7c00193fcde068e0dd2ceb0028\",\"name\":\"Arquimaster\"}]}<\/script>\n<!-- \/ Yoast SEO plugin. -->","yoast_head_json":{"title":"Casa Luso \/ RVO Studio - Arquimaster","description":"Una visi\u00f3n contempor\u00e1nea y una meticulosa atenci\u00f3n a los detalles, buscando crear un espacio habitable que destaque la presencia de un impresionante \u00e1rbol.","robots":{"index":"index","follow":"follow","max-snippet":"max-snippet:-1","max-image-preview":"max-image-preview:large","max-video-preview":"max-video-preview:-1"},"canonical":"https:\/\/www.arquimaster.com.ar\/web\/casa-luso-rvo-studio\/","og_locale":"es_ES","og_type":"article","og_title":"Casa Luso \/ RVO Studio","og_description":"Una visi\u00f3n contempor\u00e1nea y una meticulosa atenci\u00f3n a los detalles, buscando crear un espacio habitable que destaque la presencia de un impresionante \u00e1rbol.","og_url":"https:\/\/www.arquimaster.com.ar\/web\/casa-luso-rvo-studio\/","og_site_name":"Arquimaster","article_publisher":"http:\/\/www.facebook.com\/ARQUIMASTER.com.ar","article_published_time":"2023-08-24T22:34:08+00:00","article_modified_time":"2023-09-19T17:26:46+00:00","og_image":[{"width":698,"height":364,"url":"https:\/\/www.arquimaster.com.ar\/web\/wp-content\/uploads\/2023\/08\/casa_luso_slide.jpg","type":"image\/jpeg"}],"author":"Arquimaster","twitter_card":"summary_large_image","twitter_description":"Una visi\u00f3n contempor\u00e1nea y una meticulosa atenci\u00f3n a los detalles, buscando crear un espacio habitable que destaque la presencia de un impresionante \u00e1rbol.","twitter_image":"https:\/\/www.arquimaster.com.ar\/web\/wp-content\/uploads\/2023\/08\/casa_luso_slide.jpg","twitter_creator":"@arquimaster","twitter_site":"@arquimaster","twitter_misc":{"Escrito por":"Arquimaster","Tiempo de lectura":"4 minutos"},"schema":{"@context":"https:\/\/schema.org","@graph":[{"@type":"Article","@id":"https:\/\/www.arquimaster.com.ar\/web\/casa-luso-rvo-studio\/#article","isPartOf":{"@id":"https:\/\/www.arquimaster.com.ar\/web\/casa-luso-rvo-studio\/"},"author":{"name":"Arquimaster","@id":"https:\/\/www.arquimaster.com.ar\/web\/#\/schema\/person\/359e9f7c00193fcde068e0dd2ceb0028"},"headline":"Casa Luso \/ RVO Studio","datePublished":"2023-08-24T22:34:08+00:00","dateModified":"2023-09-19T17:26:46+00:00","mainEntityOfPage":{"@id":"https:\/\/www.arquimaster.com.ar\/web\/casa-luso-rvo-studio\/"},"wordCount":924,"publisher":{"@id":"https:\/\/www.arquimaster.com.ar\/web\/#organization"},"image":{"@id":"https:\/\/www.arquimaster.com.ar\/web\/casa-luso-rvo-studio\/#primaryimage"},"thumbnailUrl":"https:\/\/www.arquimaster.com.ar\/web\/wp-content\/uploads\/2023\/08\/casa_luso_slide.jpg","keywords":["arquitectura residencial","arquitectura sustentable","Mexico","Nayarit","Nuevo Vallarta","Ra\u00fal V\u00e1zquez","RVO Studio","vivienda unifamiliar"],"articleSection":["Proyecto","Vivienda unifamiliar y PH"],"inLanguage":"es"},{"@type":"WebPage","@id":"https:\/\/www.arquimaster.com.ar\/web\/casa-luso-rvo-studio\/","url":"https:\/\/www.arquimaster.com.ar\/web\/casa-luso-rvo-studio\/","name":"Casa Luso \/ RVO Studio - Arquimaster","isPartOf":{"@id":"https:\/\/www.arquimaster.com.ar\/web\/#website"},"primaryImageOfPage":{"@id":"https:\/\/www.arquimaster.com.ar\/web\/casa-luso-rvo-studio\/#primaryimage"},"image":{"@id":"https:\/\/www.arquimaster.com.ar\/web\/casa-luso-rvo-studio\/#primaryimage"},"thumbnailUrl":"https:\/\/www.arquimaster.com.ar\/web\/wp-content\/uploads\/2023\/08\/casa_luso_slide.jpg","datePublished":"2023-08-24T22:34:08+00:00","dateModified":"2023-09-19T17:26:46+00:00","description":"Una visi\u00f3n contempor\u00e1nea y una meticulosa atenci\u00f3n a los detalles, buscando crear un espacio habitable que destaque la presencia de un impresionante \u00e1rbol.","breadcrumb":{"@id":"https:\/\/www.arquimaster.com.ar\/web\/casa-luso-rvo-studio\/#breadcrumb"},"inLanguage":"es","potentialAction":[{"@type":"ReadAction","target":["https:\/\/www.arquimaster.com.ar\/web\/casa-luso-rvo-studio\/"]}]},{"@type":"ImageObject","inLanguage":"es","@id":"https:\/\/www.arquimaster.com.ar\/web\/casa-luso-rvo-studio\/#primaryimage","url":"https:\/\/www.arquimaster.com.ar\/web\/wp-content\/uploads\/2023\/08\/casa_luso_slide.jpg","contentUrl":"https:\/\/www.arquimaster.com.ar\/web\/wp-content\/uploads\/2023\/08\/casa_luso_slide.jpg","width":698,"height":364,"caption":"Casa Luso \/ RVO Studio"},{"@type":"BreadcrumbList","@id":"https:\/\/www.arquimaster.com.ar\/web\/casa-luso-rvo-studio\/#breadcrumb","itemListElement":[{"@type":"ListItem","position":1,"name":"Portada","item":"https:\/\/www.arquimaster.com.ar\/web\/"},{"@type":"ListItem","position":2,"name":"Casa Luso \/ RVO Studio"}]},{"@type":"WebSite","@id":"https:\/\/www.arquimaster.com.ar\/web\/#website","url":"https:\/\/www.arquimaster.com.ar\/web\/","name":"Arquimaster","description":"Web de arquitectura, dise\u00f1o y construccion","publisher":{"@id":"https:\/\/www.arquimaster.com.ar\/web\/#organization"},"potentialAction":[{"@type":"SearchAction","target":{"@type":"EntryPoint","urlTemplate":"https:\/\/www.arquimaster.com.ar\/web\/?s={search_term_string}"},"query-input":{"@type":"PropertyValueSpecification","valueRequired":true,"valueName":"search_term_string"}}],"inLanguage":"es"},{"@type":"Organization","@id":"https:\/\/www.arquimaster.com.ar\/web\/#organization","name":"Arquimaster","url":"https:\/\/www.arquimaster.com.ar\/web\/","logo":{"@type":"ImageObject","inLanguage":"es","@id":"https:\/\/www.arquimaster.com.ar\/web\/#\/schema\/logo\/image\/","url":"https:\/\/www.arquimaster.com.ar\/web\/wp-content\/uploads\/2022\/06\/arquimaster.png","contentUrl":"https:\/\/www.arquimaster.com.ar\/web\/wp-content\/uploads\/2022\/06\/arquimaster.png","width":594,"height":78,"caption":"Arquimaster"},"image":{"@id":"https:\/\/www.arquimaster.com.ar\/web\/#\/schema\/logo\/image\/"},"sameAs":["http:\/\/www.facebook.com\/ARQUIMASTER.com.ar","https:\/\/x.com\/arquimaster","https:\/\/www.instagram.com\/arquimasterblog\/","https:\/\/www.linkedin.com\/company\/arquimaster","https:\/\/www.pinterest.com\/arquimaster","https:\/\/t.me\/arquimaster"]},{"@type":"Person","@id":"https:\/\/www.arquimaster.com.ar\/web\/#\/schema\/person\/359e9f7c00193fcde068e0dd2ceb0028","name":"Arquimaster"}]}},"uagb_featured_image_src":{"full":["https:\/\/www.arquimaster.com.ar\/web\/wp-content\/uploads\/2023\/08\/casa_luso_slide.jpg",698,364,false],"thumbnail":["https:\/\/www.arquimaster.com.ar\/web\/wp-content\/uploads\/2023\/08\/casa_luso_slide-150x150.jpg",150,150,true],"medium":["https:\/\/www.arquimaster.com.ar\/web\/wp-content\/uploads\/2023\/08\/casa_luso_slide.jpg",698,364,false],"medium_large":["https:\/\/www.arquimaster.com.ar\/web\/wp-content\/uploads\/2023\/08\/casa_luso_slide.jpg",698,364,false],"large":["https:\/\/www.arquimaster.com.ar\/web\/wp-content\/uploads\/2023\/08\/casa_luso_slide.jpg",698,364,false],"1536x1536":["https:\/\/www.arquimaster.com.ar\/web\/wp-content\/uploads\/2023\/08\/casa_luso_slide.jpg",698,364,false],"2048x2048":["https:\/\/www.arquimaster.com.ar\/web\/wp-content\/uploads\/2023\/08\/casa_luso_slide.jpg",698,364,false]},"uagb_author_info":{"display_name":"Arquimaster","author_link":"https:\/\/www.arquimaster.com.ar\/web\/author\/arquimaster\/"},"uagb_comment_info":0,"uagb_excerpt":"Una visi\u00f3n contempor\u00e1nea y una meticulosa atenci\u00f3n a los detalles...","_links":{"self":[{"href":"https:\/\/www.arquimaster.com.ar\/web\/wp-json\/wp\/v2\/posts\/77304","targetHints":{"allow":["GET"]}}],"collection":[{"href":"https:\/\/www.arquimaster.com.ar\/web\/wp-json\/wp\/v2\/posts"}],"about":[{"href":"https:\/\/www.arquimaster.com.ar\/web\/wp-json\/wp\/v2\/types\/post"}],"author":[{"embeddable":true,"href":"https:\/\/www.arquimaster.com.ar\/web\/wp-json\/wp\/v2\/users\/1"}],"replies":[{"embeddable":true,"href":"https:\/\/www.arquimaster.com.ar\/web\/wp-json\/wp\/v2\/comments?post=77304"}],"version-history":[{"count":3,"href":"https:\/\/www.arquimaster.com.ar\/web\/wp-json\/wp\/v2\/posts\/77304\/revisions"}],"predecessor-version":[{"id":77410,"href":"https:\/\/www.arquimaster.com.ar\/web\/wp-json\/wp\/v2\/posts\/77304\/revisions\/77410"}],"wp:featuredmedia":[{"embeddable":true,"href":"https:\/\/www.arquimaster.com.ar\/web\/wp-json\/wp\/v2\/media\/77305"}],"wp:attachment":[{"href":"https:\/\/www.arquimaster.com.ar\/web\/wp-json\/wp\/v2\/media?parent=77304"}],"wp:term":[{"taxonomy":"category","embeddable":true,"href":"https:\/\/www.arquimaster.com.ar\/web\/wp-json\/wp\/v2\/categories?post=77304"},{"taxonomy":"post_tag","embeddable":true,"href":"https:\/\/www.arquimaster.com.ar\/web\/wp-json\/wp\/v2\/tags?post=77304"}],"curies":[{"name":"wp","href":"https:\/\/api.w.org\/{rel}","templated":true}]}}