{"id":7755,"date":"2014-06-05T03:30:00","date_gmt":"2014-06-05T03:30:00","guid":{"rendered":"http:\/\/www.arquimaster.com.ar\/web\/?p=7755"},"modified":"2026-03-29T20:39:29","modified_gmt":"2026-03-29T23:39:29","slug":"vivienda-modular-sostenible-983-estudio-dream","status":"publish","type":"post","link":"https:\/\/www.arquimaster.com.ar\/web\/vivienda-modular-sostenible-983-estudio-dream\/","title":{"rendered":"Vivienda modular sostenible 983 \/ Estudio DReam"},"content":{"rendered":"<div style=\"margin-top: 0px; margin-bottom: 0px;\" class=\"sharethis-inline-share-buttons\" ><\/div><div class=\"b812932af2e751442846f039925109de\" data-index=\"1\" style=\"float: none; margin:25px 0 25px 0; text-align:center;\">\n<script async src=\"https:\/\/pagead2.googlesyndication.com\/pagead\/js\/adsbygoogle.js\"><\/script>\r\n<!-- Arquimaster (superior) -->\r\n<ins class=\"adsbygoogle\"\r\n     style=\"display:block\"\r\n     data-ad-client=\"ca-pub-6351072698456832\"\r\n     data-ad-slot=\"6455489680\"\r\n     data-ad-format=\"auto\"\r\n     data-full-width-responsive=\"true\"><\/ins>\r\n<script>\r\n     (adsbygoogle = window.adsbygoogle || []).push({});\r\n<\/script>\n<\/div>\n<p><strong>Vivienda modular sostenible 983<\/strong> (Alberic, Valencia, Espa\u00f1a) por <strong>Estudio DReam<\/strong> (Arq. Daniel Ropero y Arq. Ana Comas). Se trata de una vivienda prefabricada de dise\u00f1o, desarrollada con un sistema de arquitectura modular a partir de paneles tipo \u00abs\u00e1ndwich\u00bb, tanto en cubierta como en cerramientos verticales, que permite una r\u00e1pida ejecucion de obra.<\/p>\n<div id='gallery-1' class='gallery galleryid-7755 gallery-columns-3 gallery-size-thumbnail'><figure class='gallery-item'>\n\t\t\t<div class='gallery-icon landscape'>\n\t\t\t\t<a href='https:\/\/www.arquimaster.com.ar\/web\/wp-content\/uploads\/2014\/06\/vivienda_modular6.jpg' title=\"Vivienda modular sostenible 983 \/ Estudio DReam\" data-rl_title=\"Vivienda modular sostenible 983 \/ Estudio DReam\" class=\"rl-gallery-link\" data-rl_caption=\"Vivienda modular sostenible 983 \/ Estudio DReam\" data-rel=\"lightbox-gallery-1\"><img loading=\"lazy\" decoding=\"async\" width=\"150\" height=\"150\" src=\"https:\/\/www.arquimaster.com.ar\/web\/wp-content\/uploads\/2014\/06\/vivienda_modular6-150x150.jpg\" class=\"attachment-thumbnail size-thumbnail\" alt=\"\" aria-describedby=\"gallery-1-7763\" srcset=\"https:\/\/www.arquimaster.com.ar\/web\/wp-content\/uploads\/2014\/06\/vivienda_modular6-150x150.jpg 150w, https:\/\/www.arquimaster.com.ar\/web\/wp-content\/uploads\/2014\/06\/vivienda_modular6-50x50.jpg 50w, https:\/\/www.arquimaster.com.ar\/web\/wp-content\/uploads\/2014\/06\/vivienda_modular6-125x125.jpg 125w\" sizes=\"auto, (max-width: 150px) 100vw, 150px\" \/><\/a>\n\t\t\t<\/div>\n\t\t\t\t<figcaption class='wp-caption-text gallery-caption' id='gallery-1-7763'>\n\t\t\t\tVivienda modular sostenible 983 \/ Estudio DReam\n\t\t\t\t<\/figcaption><\/figure><figure class='gallery-item'>\n\t\t\t<div class='gallery-icon landscape'>\n\t\t\t\t<a href='https:\/\/www.arquimaster.com.ar\/web\/wp-content\/uploads\/2014\/06\/vivienda_modular3.jpg' title=\"Vivienda modular sostenible 983 \/ Estudio DReam\" data-rl_title=\"Vivienda modular sostenible 983 \/ Estudio DReam\" class=\"rl-gallery-link\" data-rl_caption=\"Vivienda modular sostenible 983 \/ Estudio DReam\" data-rel=\"lightbox-gallery-1\"><img loading=\"lazy\" decoding=\"async\" width=\"150\" height=\"150\" src=\"https:\/\/www.arquimaster.com.ar\/web\/wp-content\/uploads\/2014\/06\/vivienda_modular3-150x150.jpg\" class=\"attachment-thumbnail size-thumbnail\" alt=\"\" aria-describedby=\"gallery-1-7760\" srcset=\"https:\/\/www.arquimaster.com.ar\/web\/wp-content\/uploads\/2014\/06\/vivienda_modular3-150x150.jpg 150w, https:\/\/www.arquimaster.com.ar\/web\/wp-content\/uploads\/2014\/06\/vivienda_modular3-50x50.jpg 50w, https:\/\/www.arquimaster.com.ar\/web\/wp-content\/uploads\/2014\/06\/vivienda_modular3-125x125.jpg 125w\" sizes=\"auto, (max-width: 150px) 100vw, 150px\" \/><\/a>\n\t\t\t<\/div>\n\t\t\t\t<figcaption class='wp-caption-text gallery-caption' id='gallery-1-7760'>\n\t\t\t\tVivienda modular sostenible 983 \/ Estudio DReam\n\t\t\t\t<\/figcaption><\/figure><figure class='gallery-item'>\n\t\t\t<div class='gallery-icon landscape'>\n\t\t\t\t<a href='https:\/\/www.arquimaster.com.ar\/web\/wp-content\/uploads\/2014\/06\/vivienda_modular4.jpg' title=\"Vivienda modular sostenible 983 \/ Estudio DReam\" data-rl_title=\"Vivienda modular sostenible 983 \/ Estudio DReam\" class=\"rl-gallery-link\" data-rl_caption=\"Vivienda modular sostenible 983 \/ Estudio DReam\" data-rel=\"lightbox-gallery-1\"><img loading=\"lazy\" decoding=\"async\" width=\"150\" height=\"150\" src=\"https:\/\/www.arquimaster.com.ar\/web\/wp-content\/uploads\/2014\/06\/vivienda_modular4-150x150.jpg\" class=\"attachment-thumbnail size-thumbnail\" alt=\"\" aria-describedby=\"gallery-1-7761\" srcset=\"https:\/\/www.arquimaster.com.ar\/web\/wp-content\/uploads\/2014\/06\/vivienda_modular4-150x150.jpg 150w, https:\/\/www.arquimaster.com.ar\/web\/wp-content\/uploads\/2014\/06\/vivienda_modular4-50x50.jpg 50w, https:\/\/www.arquimaster.com.ar\/web\/wp-content\/uploads\/2014\/06\/vivienda_modular4-125x125.jpg 125w\" sizes=\"auto, (max-width: 150px) 100vw, 150px\" \/><\/a>\n\t\t\t<\/div>\n\t\t\t\t<figcaption class='wp-caption-text gallery-caption' id='gallery-1-7761'>\n\t\t\t\tVivienda modular sostenible 983 \/ Estudio DReam\n\t\t\t\t<\/figcaption><\/figure><figure class='gallery-item'>\n\t\t\t<div class='gallery-icon landscape'>\n\t\t\t\t<a href='https:\/\/www.arquimaster.com.ar\/web\/wp-content\/uploads\/2014\/06\/vivienda_modular1.jpg' title=\"Vivienda modular sostenible 983 \/ Estudio DReam\" data-rl_title=\"Vivienda modular sostenible 983 \/ Estudio DReam\" class=\"rl-gallery-link\" data-rl_caption=\"Vivienda modular sostenible 983 \/ Estudio DReam\" data-rel=\"lightbox-gallery-1\"><img loading=\"lazy\" decoding=\"async\" width=\"150\" height=\"150\" src=\"https:\/\/www.arquimaster.com.ar\/web\/wp-content\/uploads\/2014\/06\/vivienda_modular1-150x150.jpg\" class=\"attachment-thumbnail size-thumbnail\" alt=\"\" aria-describedby=\"gallery-1-7758\" srcset=\"https:\/\/www.arquimaster.com.ar\/web\/wp-content\/uploads\/2014\/06\/vivienda_modular1-150x150.jpg 150w, https:\/\/www.arquimaster.com.ar\/web\/wp-content\/uploads\/2014\/06\/vivienda_modular1-50x50.jpg 50w, https:\/\/www.arquimaster.com.ar\/web\/wp-content\/uploads\/2014\/06\/vivienda_modular1-125x125.jpg 125w\" sizes=\"auto, (max-width: 150px) 100vw, 150px\" \/><\/a>\n\t\t\t<\/div>\n\t\t\t\t<figcaption class='wp-caption-text gallery-caption' id='gallery-1-7758'>\n\t\t\t\tVivienda modular sostenible 983 \/ Estudio DReam\n\t\t\t\t<\/figcaption><\/figure><figure class='gallery-item'>\n\t\t\t<div class='gallery-icon landscape'>\n\t\t\t\t<a href='https:\/\/www.arquimaster.com.ar\/web\/wp-content\/uploads\/2014\/06\/vivienda_modular2.jpg' title=\"Vivienda modular sostenible 983 \/ Estudio DReam\" data-rl_title=\"Vivienda modular sostenible 983 \/ Estudio DReam\" class=\"rl-gallery-link\" data-rl_caption=\"Vivienda modular sostenible 983 \/ Estudio DReam\" data-rel=\"lightbox-gallery-1\"><img loading=\"lazy\" decoding=\"async\" width=\"150\" height=\"150\" src=\"https:\/\/www.arquimaster.com.ar\/web\/wp-content\/uploads\/2014\/06\/vivienda_modular2-150x150.jpg\" class=\"attachment-thumbnail size-thumbnail\" alt=\"\" aria-describedby=\"gallery-1-7759\" srcset=\"https:\/\/www.arquimaster.com.ar\/web\/wp-content\/uploads\/2014\/06\/vivienda_modular2-150x150.jpg 150w, https:\/\/www.arquimaster.com.ar\/web\/wp-content\/uploads\/2014\/06\/vivienda_modular2-50x50.jpg 50w, https:\/\/www.arquimaster.com.ar\/web\/wp-content\/uploads\/2014\/06\/vivienda_modular2-125x125.jpg 125w\" sizes=\"auto, (max-width: 150px) 100vw, 150px\" \/><\/a>\n\t\t\t<\/div>\n\t\t\t\t<figcaption class='wp-caption-text gallery-caption' id='gallery-1-7759'>\n\t\t\t\tVivienda modular sostenible 983 \/ Estudio DReam\n\t\t\t\t<\/figcaption><\/figure><figure class='gallery-item'>\n\t\t\t<div class='gallery-icon landscape'>\n\t\t\t\t<a href='https:\/\/www.arquimaster.com.ar\/web\/wp-content\/uploads\/2014\/06\/vivienda_modular5.jpg' title=\"Vivienda modular sostenible 983 \/ Estudio DReam\" data-rl_title=\"Vivienda modular sostenible 983 \/ Estudio DReam\" class=\"rl-gallery-link\" data-rl_caption=\"Vivienda modular sostenible 983 \/ Estudio DReam\" data-rel=\"lightbox-gallery-1\"><img loading=\"lazy\" decoding=\"async\" width=\"150\" height=\"150\" src=\"https:\/\/www.arquimaster.com.ar\/web\/wp-content\/uploads\/2014\/06\/vivienda_modular5-150x150.jpg\" class=\"attachment-thumbnail size-thumbnail\" alt=\"\" aria-describedby=\"gallery-1-7762\" srcset=\"https:\/\/www.arquimaster.com.ar\/web\/wp-content\/uploads\/2014\/06\/vivienda_modular5-150x150.jpg 150w, https:\/\/www.arquimaster.com.ar\/web\/wp-content\/uploads\/2014\/06\/vivienda_modular5-50x50.jpg 50w, https:\/\/www.arquimaster.com.ar\/web\/wp-content\/uploads\/2014\/06\/vivienda_modular5-125x125.jpg 125w\" sizes=\"auto, (max-width: 150px) 100vw, 150px\" \/><\/a>\n\t\t\t<\/div>\n\t\t\t\t<figcaption class='wp-caption-text gallery-caption' id='gallery-1-7762'>\n\t\t\t\tVivienda modular sostenible 983 \/ Estudio DReam\n\t\t\t\t<\/figcaption><\/figure><figure class='gallery-item'>\n\t\t\t<div class='gallery-icon landscape'>\n\t\t\t\t<a href='https:\/\/www.arquimaster.com.ar\/web\/wp-content\/uploads\/2014\/06\/vivienda_modular7.jpg' title=\"Vivienda modular sostenible 983 \/ Estudio DReam\" data-rl_title=\"Vivienda modular sostenible 983 \/ Estudio DReam\" class=\"rl-gallery-link\" data-rl_caption=\"Vivienda modular sostenible 983 \/ Estudio DReam\" data-rel=\"lightbox-gallery-1\"><img loading=\"lazy\" decoding=\"async\" width=\"150\" height=\"150\" src=\"https:\/\/www.arquimaster.com.ar\/web\/wp-content\/uploads\/2014\/06\/vivienda_modular7-150x150.jpg\" class=\"attachment-thumbnail size-thumbnail\" alt=\"\" aria-describedby=\"gallery-1-7764\" srcset=\"https:\/\/www.arquimaster.com.ar\/web\/wp-content\/uploads\/2014\/06\/vivienda_modular7-150x150.jpg 150w, https:\/\/www.arquimaster.com.ar\/web\/wp-content\/uploads\/2014\/06\/vivienda_modular7-50x50.jpg 50w, https:\/\/www.arquimaster.com.ar\/web\/wp-content\/uploads\/2014\/06\/vivienda_modular7-125x125.jpg 125w\" sizes=\"auto, (max-width: 150px) 100vw, 150px\" \/><\/a>\n\t\t\t<\/div>\n\t\t\t\t<figcaption class='wp-caption-text gallery-caption' id='gallery-1-7764'>\n\t\t\t\tVivienda modular sostenible 983 \/ Estudio DReam\n\t\t\t\t<\/figcaption><\/figure><figure class='gallery-item'>\n\t\t\t<div class='gallery-icon landscape'>\n\t\t\t\t<a href='https:\/\/www.arquimaster.com.ar\/web\/wp-content\/uploads\/2014\/06\/vivienda_modular8.jpg' title=\"Vivienda modular sostenible 983 \/ Estudio DReam\" data-rl_title=\"Vivienda modular sostenible 983 \/ Estudio DReam\" class=\"rl-gallery-link\" data-rl_caption=\"Vivienda modular sostenible 983 \/ Estudio DReam\" data-rel=\"lightbox-gallery-1\"><img loading=\"lazy\" decoding=\"async\" width=\"150\" height=\"150\" src=\"https:\/\/www.arquimaster.com.ar\/web\/wp-content\/uploads\/2014\/06\/vivienda_modular8-150x150.jpg\" class=\"attachment-thumbnail size-thumbnail\" alt=\"\" aria-describedby=\"gallery-1-7765\" srcset=\"https:\/\/www.arquimaster.com.ar\/web\/wp-content\/uploads\/2014\/06\/vivienda_modular8-150x150.jpg 150w, https:\/\/www.arquimaster.com.ar\/web\/wp-content\/uploads\/2014\/06\/vivienda_modular8-50x50.jpg 50w, https:\/\/www.arquimaster.com.ar\/web\/wp-content\/uploads\/2014\/06\/vivienda_modular8-125x125.jpg 125w\" sizes=\"auto, (max-width: 150px) 100vw, 150px\" \/><\/a>\n\t\t\t<\/div>\n\t\t\t\t<figcaption class='wp-caption-text gallery-caption' id='gallery-1-7765'>\n\t\t\t\tVivienda modular sostenible 983 \/ Estudio DReam\n\t\t\t\t<\/figcaption><\/figure><figure class='gallery-item'>\n\t\t\t<div class='gallery-icon landscape'>\n\t\t\t\t<a href='https:\/\/www.arquimaster.com.ar\/web\/wp-content\/uploads\/2014\/06\/vivienda_modular9.jpg' title=\"Vivienda modular sostenible 983 \/ Estudio DReam\" data-rl_title=\"Vivienda modular sostenible 983 \/ Estudio DReam\" class=\"rl-gallery-link\" data-rl_caption=\"Vivienda modular sostenible 983 \/ Estudio DReam\" data-rel=\"lightbox-gallery-1\"><img loading=\"lazy\" decoding=\"async\" width=\"150\" height=\"150\" src=\"https:\/\/www.arquimaster.com.ar\/web\/wp-content\/uploads\/2014\/06\/vivienda_modular9-150x150.jpg\" class=\"attachment-thumbnail size-thumbnail\" alt=\"\" aria-describedby=\"gallery-1-7766\" srcset=\"https:\/\/www.arquimaster.com.ar\/web\/wp-content\/uploads\/2014\/06\/vivienda_modular9-150x150.jpg 150w, https:\/\/www.arquimaster.com.ar\/web\/wp-content\/uploads\/2014\/06\/vivienda_modular9-50x50.jpg 50w, https:\/\/www.arquimaster.com.ar\/web\/wp-content\/uploads\/2014\/06\/vivienda_modular9-125x125.jpg 125w\" sizes=\"auto, (max-width: 150px) 100vw, 150px\" \/><\/a>\n\t\t\t<\/div>\n\t\t\t\t<figcaption class='wp-caption-text gallery-caption' id='gallery-1-7766'>\n\t\t\t\tVivienda modular sostenible 983 \/ Estudio DReam\n\t\t\t\t<\/figcaption><\/figure><figure class='gallery-item'>\n\t\t\t<div class='gallery-icon landscape'>\n\t\t\t\t<a href='https:\/\/www.arquimaster.com.ar\/web\/wp-content\/uploads\/2014\/06\/vivienda_modular10.jpg' title=\"Vivienda modular sostenible 983 \/ Estudio DReam\" data-rl_title=\"Vivienda modular sostenible 983 \/ Estudio DReam\" class=\"rl-gallery-link\" data-rl_caption=\"Vivienda modular sostenible 983 \/ Estudio DReam\" data-rel=\"lightbox-gallery-1\"><img loading=\"lazy\" decoding=\"async\" width=\"150\" height=\"150\" src=\"https:\/\/www.arquimaster.com.ar\/web\/wp-content\/uploads\/2014\/06\/vivienda_modular10-150x150.jpg\" class=\"attachment-thumbnail size-thumbnail\" alt=\"\" aria-describedby=\"gallery-1-7767\" srcset=\"https:\/\/www.arquimaster.com.ar\/web\/wp-content\/uploads\/2014\/06\/vivienda_modular10-150x150.jpg 150w, https:\/\/www.arquimaster.com.ar\/web\/wp-content\/uploads\/2014\/06\/vivienda_modular10-50x50.jpg 50w, https:\/\/www.arquimaster.com.ar\/web\/wp-content\/uploads\/2014\/06\/vivienda_modular10-125x125.jpg 125w\" sizes=\"auto, (max-width: 150px) 100vw, 150px\" \/><\/a>\n\t\t\t<\/div>\n\t\t\t\t<figcaption class='wp-caption-text gallery-caption' id='gallery-1-7767'>\n\t\t\t\tVivienda modular sostenible 983 \/ Estudio DReam\n\t\t\t\t<\/figcaption><\/figure><figure class='gallery-item'>\n\t\t\t<div class='gallery-icon portrait'>\n\t\t\t\t<a href='https:\/\/www.arquimaster.com.ar\/web\/wp-content\/uploads\/2014\/06\/vivienda_modular11.jpg' title=\"Vivienda modular sostenible 983 \/ Estudio DReam\" data-rl_title=\"Vivienda modular sostenible 983 \/ Estudio DReam\" class=\"rl-gallery-link\" data-rl_caption=\"Vivienda modular sostenible 983 \/ Estudio DReam\" data-rel=\"lightbox-gallery-1\"><img loading=\"lazy\" decoding=\"async\" width=\"150\" height=\"150\" src=\"https:\/\/www.arquimaster.com.ar\/web\/wp-content\/uploads\/2014\/06\/vivienda_modular11-150x150.jpg\" class=\"attachment-thumbnail size-thumbnail\" alt=\"\" aria-describedby=\"gallery-1-7768\" srcset=\"https:\/\/www.arquimaster.com.ar\/web\/wp-content\/uploads\/2014\/06\/vivienda_modular11-150x150.jpg 150w, https:\/\/www.arquimaster.com.ar\/web\/wp-content\/uploads\/2014\/06\/vivienda_modular11-50x50.jpg 50w, https:\/\/www.arquimaster.com.ar\/web\/wp-content\/uploads\/2014\/06\/vivienda_modular11-125x125.jpg 125w\" sizes=\"auto, (max-width: 150px) 100vw, 150px\" \/><\/a>\n\t\t\t<\/div>\n\t\t\t\t<figcaption class='wp-caption-text gallery-caption' id='gallery-1-7768'>\n\t\t\t\tVivienda modular sostenible 983 \/ Estudio DReam\n\t\t\t\t<\/figcaption><\/figure><figure class='gallery-item'>\n\t\t\t<div class='gallery-icon portrait'>\n\t\t\t\t<a href='https:\/\/www.arquimaster.com.ar\/web\/wp-content\/uploads\/2014\/06\/vivienda_modular12.jpg' title=\"Vivienda modular sostenible 983 \/ Estudio DReam\" data-rl_title=\"Vivienda modular sostenible 983 \/ Estudio DReam\" class=\"rl-gallery-link\" data-rl_caption=\"Vivienda modular sostenible 983 \/ Estudio DReam\" data-rel=\"lightbox-gallery-1\"><img loading=\"lazy\" decoding=\"async\" width=\"150\" height=\"150\" src=\"https:\/\/www.arquimaster.com.ar\/web\/wp-content\/uploads\/2014\/06\/vivienda_modular12-150x150.jpg\" class=\"attachment-thumbnail size-thumbnail\" alt=\"\" aria-describedby=\"gallery-1-7769\" srcset=\"https:\/\/www.arquimaster.com.ar\/web\/wp-content\/uploads\/2014\/06\/vivienda_modular12-150x150.jpg 150w, https:\/\/www.arquimaster.com.ar\/web\/wp-content\/uploads\/2014\/06\/vivienda_modular12-50x50.jpg 50w, https:\/\/www.arquimaster.com.ar\/web\/wp-content\/uploads\/2014\/06\/vivienda_modular12-125x125.jpg 125w\" sizes=\"auto, (max-width: 150px) 100vw, 150px\" \/><\/a>\n\t\t\t<\/div>\n\t\t\t\t<figcaption class='wp-caption-text gallery-caption' id='gallery-1-7769'>\n\t\t\t\tVivienda modular sostenible 983 \/ Estudio DReam\n\t\t\t\t<\/figcaption><\/figure><figure class='gallery-item'>\n\t\t\t<div class='gallery-icon landscape'>\n\t\t\t\t<a href='https:\/\/www.arquimaster.com.ar\/web\/wp-content\/uploads\/2014\/06\/vivienda_modular13.jpg' title=\"Vivienda modular sostenible 983 \/ Estudio DReam\" data-rl_title=\"Vivienda modular sostenible 983 \/ Estudio DReam\" class=\"rl-gallery-link\" data-rl_caption=\"Vivienda modular sostenible 983 \/ Estudio DReam\" data-rel=\"lightbox-gallery-1\"><img loading=\"lazy\" decoding=\"async\" width=\"150\" height=\"150\" src=\"https:\/\/www.arquimaster.com.ar\/web\/wp-content\/uploads\/2014\/06\/vivienda_modular13-150x150.jpg\" class=\"attachment-thumbnail size-thumbnail\" alt=\"\" aria-describedby=\"gallery-1-7770\" srcset=\"https:\/\/www.arquimaster.com.ar\/web\/wp-content\/uploads\/2014\/06\/vivienda_modular13-150x150.jpg 150w, https:\/\/www.arquimaster.com.ar\/web\/wp-content\/uploads\/2014\/06\/vivienda_modular13-50x50.jpg 50w, https:\/\/www.arquimaster.com.ar\/web\/wp-content\/uploads\/2014\/06\/vivienda_modular13-125x125.jpg 125w\" sizes=\"auto, (max-width: 150px) 100vw, 150px\" \/><\/a>\n\t\t\t<\/div>\n\t\t\t\t<figcaption class='wp-caption-text gallery-caption' id='gallery-1-7770'>\n\t\t\t\tVivienda modular sostenible 983 \/ Estudio DReam\n\t\t\t\t<\/figcaption><\/figure><figure class='gallery-item'>\n\t\t\t<div class='gallery-icon landscape'>\n\t\t\t\t<a href='https:\/\/www.arquimaster.com.ar\/web\/wp-content\/uploads\/2014\/06\/vivienda_modular14.jpg' title=\"Vivienda modular sostenible 983 \/ Estudio DReam\" data-rl_title=\"Vivienda modular sostenible 983 \/ Estudio DReam\" class=\"rl-gallery-link\" data-rl_caption=\"Vivienda modular sostenible 983 \/ Estudio DReam\" data-rel=\"lightbox-gallery-1\"><img loading=\"lazy\" decoding=\"async\" width=\"150\" height=\"150\" src=\"https:\/\/www.arquimaster.com.ar\/web\/wp-content\/uploads\/2014\/06\/vivienda_modular14-150x150.jpg\" class=\"attachment-thumbnail size-thumbnail\" alt=\"\" aria-describedby=\"gallery-1-7771\" srcset=\"https:\/\/www.arquimaster.com.ar\/web\/wp-content\/uploads\/2014\/06\/vivienda_modular14-150x150.jpg 150w, https:\/\/www.arquimaster.com.ar\/web\/wp-content\/uploads\/2014\/06\/vivienda_modular14-50x50.jpg 50w, https:\/\/www.arquimaster.com.ar\/web\/wp-content\/uploads\/2014\/06\/vivienda_modular14-125x125.jpg 125w\" sizes=\"auto, (max-width: 150px) 100vw, 150px\" \/><\/a>\n\t\t\t<\/div>\n\t\t\t\t<figcaption class='wp-caption-text gallery-caption' id='gallery-1-7771'>\n\t\t\t\tVivienda modular sostenible 983 \/ Estudio DReam\n\t\t\t\t<\/figcaption><\/figure><figure class='gallery-item'>\n\t\t\t<div class='gallery-icon landscape'>\n\t\t\t\t<a href='https:\/\/www.arquimaster.com.ar\/web\/wp-content\/uploads\/2014\/06\/vivienda_modular15.jpg' title=\"Vivienda modular sostenible 983 \/ Estudio DReam\" data-rl_title=\"Vivienda modular sostenible 983 \/ Estudio DReam\" class=\"rl-gallery-link\" data-rl_caption=\"Vivienda modular sostenible 983 \/ Estudio DReam\" data-rel=\"lightbox-gallery-1\"><img loading=\"lazy\" decoding=\"async\" width=\"150\" height=\"150\" src=\"https:\/\/www.arquimaster.com.ar\/web\/wp-content\/uploads\/2014\/06\/vivienda_modular15-150x150.jpg\" class=\"attachment-thumbnail size-thumbnail\" alt=\"\" aria-describedby=\"gallery-1-7772\" srcset=\"https:\/\/www.arquimaster.com.ar\/web\/wp-content\/uploads\/2014\/06\/vivienda_modular15-150x150.jpg 150w, https:\/\/www.arquimaster.com.ar\/web\/wp-content\/uploads\/2014\/06\/vivienda_modular15-50x50.jpg 50w, https:\/\/www.arquimaster.com.ar\/web\/wp-content\/uploads\/2014\/06\/vivienda_modular15-125x125.jpg 125w\" sizes=\"auto, (max-width: 150px) 100vw, 150px\" \/><\/a>\n\t\t\t<\/div>\n\t\t\t\t<figcaption class='wp-caption-text gallery-caption' id='gallery-1-7772'>\n\t\t\t\tVivienda modular sostenible 983 \/ Estudio DReam\n\t\t\t\t<\/figcaption><\/figure><figure class='gallery-item'>\n\t\t\t<div class='gallery-icon portrait'>\n\t\t\t\t<a href='https:\/\/www.arquimaster.com.ar\/web\/wp-content\/uploads\/2014\/06\/vivienda_modular16.jpg' title=\"Vivienda modular sostenible 983 \/ Estudio DReam\" data-rl_title=\"Vivienda modular sostenible 983 \/ Estudio DReam\" class=\"rl-gallery-link\" data-rl_caption=\"Vivienda modular sostenible 983 \/ Estudio DReam\" data-rel=\"lightbox-gallery-1\"><img loading=\"lazy\" decoding=\"async\" width=\"150\" height=\"150\" src=\"https:\/\/www.arquimaster.com.ar\/web\/wp-content\/uploads\/2014\/06\/vivienda_modular16-150x150.jpg\" class=\"attachment-thumbnail size-thumbnail\" alt=\"\" aria-describedby=\"gallery-1-7773\" srcset=\"https:\/\/www.arquimaster.com.ar\/web\/wp-content\/uploads\/2014\/06\/vivienda_modular16-150x150.jpg 150w, https:\/\/www.arquimaster.com.ar\/web\/wp-content\/uploads\/2014\/06\/vivienda_modular16-50x50.jpg 50w, https:\/\/www.arquimaster.com.ar\/web\/wp-content\/uploads\/2014\/06\/vivienda_modular16-125x125.jpg 125w\" sizes=\"auto, (max-width: 150px) 100vw, 150px\" \/><\/a>\n\t\t\t<\/div>\n\t\t\t\t<figcaption class='wp-caption-text gallery-caption' id='gallery-1-7773'>\n\t\t\t\tVivienda modular sostenible 983 \/ Estudio DReam\n\t\t\t\t<\/figcaption><\/figure><figure class='gallery-item'>\n\t\t\t<div class='gallery-icon landscape'>\n\t\t\t\t<a href='https:\/\/www.arquimaster.com.ar\/web\/wp-content\/uploads\/2014\/06\/vivienda_modular17.jpg' title=\"Vivienda modular sostenible 983 \/ Estudio DReam\" data-rl_title=\"Vivienda modular sostenible 983 \/ Estudio DReam\" class=\"rl-gallery-link\" data-rl_caption=\"Vivienda modular sostenible 983 \/ Estudio DReam\" data-rel=\"lightbox-gallery-1\"><img loading=\"lazy\" decoding=\"async\" width=\"150\" height=\"150\" src=\"https:\/\/www.arquimaster.com.ar\/web\/wp-content\/uploads\/2014\/06\/vivienda_modular17-150x150.jpg\" class=\"attachment-thumbnail size-thumbnail\" alt=\"\" aria-describedby=\"gallery-1-7774\" srcset=\"https:\/\/www.arquimaster.com.ar\/web\/wp-content\/uploads\/2014\/06\/vivienda_modular17-150x150.jpg 150w, https:\/\/www.arquimaster.com.ar\/web\/wp-content\/uploads\/2014\/06\/vivienda_modular17-50x50.jpg 50w, https:\/\/www.arquimaster.com.ar\/web\/wp-content\/uploads\/2014\/06\/vivienda_modular17-125x125.jpg 125w\" sizes=\"auto, (max-width: 150px) 100vw, 150px\" \/><\/a>\n\t\t\t<\/div>\n\t\t\t\t<figcaption class='wp-caption-text gallery-caption' id='gallery-1-7774'>\n\t\t\t\tVivienda modular sostenible 983 \/ Estudio DReam\n\t\t\t\t<\/figcaption><\/figure><figure class='gallery-item'>\n\t\t\t<div class='gallery-icon landscape'>\n\t\t\t\t<a href='https:\/\/www.arquimaster.com.ar\/web\/wp-content\/uploads\/2014\/06\/vivienda_modular18.jpg' title=\"Vivienda modular sostenible 983 \/ Estudio DReam\" data-rl_title=\"Vivienda modular sostenible 983 \/ Estudio DReam\" class=\"rl-gallery-link\" data-rl_caption=\"Vivienda modular sostenible 983 \/ Estudio DReam\" data-rel=\"lightbox-gallery-1\"><img loading=\"lazy\" decoding=\"async\" width=\"150\" height=\"150\" src=\"https:\/\/www.arquimaster.com.ar\/web\/wp-content\/uploads\/2014\/06\/vivienda_modular18-150x150.jpg\" class=\"attachment-thumbnail size-thumbnail\" alt=\"\" aria-describedby=\"gallery-1-7775\" srcset=\"https:\/\/www.arquimaster.com.ar\/web\/wp-content\/uploads\/2014\/06\/vivienda_modular18-150x150.jpg 150w, https:\/\/www.arquimaster.com.ar\/web\/wp-content\/uploads\/2014\/06\/vivienda_modular18-50x50.jpg 50w, https:\/\/www.arquimaster.com.ar\/web\/wp-content\/uploads\/2014\/06\/vivienda_modular18-125x125.jpg 125w\" sizes=\"auto, (max-width: 150px) 100vw, 150px\" \/><\/a>\n\t\t\t<\/div>\n\t\t\t\t<figcaption class='wp-caption-text gallery-caption' id='gallery-1-7775'>\n\t\t\t\tVivienda modular sostenible 983 \/ Estudio DReam\n\t\t\t\t<\/figcaption><\/figure><figure class='gallery-item'>\n\t\t\t<div class='gallery-icon landscape'>\n\t\t\t\t<a href='https:\/\/www.arquimaster.com.ar\/web\/wp-content\/uploads\/2014\/06\/vivienda_modular19.jpg' title=\"Vivienda modular sostenible 983 \/ Estudio DReam\" data-rl_title=\"Vivienda modular sostenible 983 \/ Estudio DReam\" class=\"rl-gallery-link\" data-rl_caption=\"Vivienda modular sostenible 983 \/ Estudio DReam\" data-rel=\"lightbox-gallery-1\"><img loading=\"lazy\" decoding=\"async\" width=\"150\" height=\"150\" src=\"https:\/\/www.arquimaster.com.ar\/web\/wp-content\/uploads\/2014\/06\/vivienda_modular19-150x150.jpg\" class=\"attachment-thumbnail size-thumbnail\" alt=\"\" aria-describedby=\"gallery-1-7776\" srcset=\"https:\/\/www.arquimaster.com.ar\/web\/wp-content\/uploads\/2014\/06\/vivienda_modular19-150x150.jpg 150w, https:\/\/www.arquimaster.com.ar\/web\/wp-content\/uploads\/2014\/06\/vivienda_modular19-50x50.jpg 50w, https:\/\/www.arquimaster.com.ar\/web\/wp-content\/uploads\/2014\/06\/vivienda_modular19-125x125.jpg 125w\" sizes=\"auto, (max-width: 150px) 100vw, 150px\" \/><\/a>\n\t\t\t<\/div>\n\t\t\t\t<figcaption class='wp-caption-text gallery-caption' id='gallery-1-7776'>\n\t\t\t\tVivienda modular sostenible 983 \/ Estudio DReam\n\t\t\t\t<\/figcaption><\/figure><figure class='gallery-item'>\n\t\t\t<div class='gallery-icon landscape'>\n\t\t\t\t<a href='https:\/\/www.arquimaster.com.ar\/web\/wp-content\/uploads\/2014\/06\/vivienda_modular20.jpg' title=\"Vivienda modular sostenible 983 \/ Estudio DReam\" data-rl_title=\"Vivienda modular sostenible 983 \/ Estudio DReam\" class=\"rl-gallery-link\" data-rl_caption=\"Vivienda modular sostenible 983 \/ Estudio DReam\" data-rel=\"lightbox-gallery-1\"><img loading=\"lazy\" decoding=\"async\" width=\"150\" height=\"150\" src=\"https:\/\/www.arquimaster.com.ar\/web\/wp-content\/uploads\/2014\/06\/vivienda_modular20-150x150.jpg\" class=\"attachment-thumbnail size-thumbnail\" alt=\"\" aria-describedby=\"gallery-1-7777\" srcset=\"https:\/\/www.arquimaster.com.ar\/web\/wp-content\/uploads\/2014\/06\/vivienda_modular20-150x150.jpg 150w, https:\/\/www.arquimaster.com.ar\/web\/wp-content\/uploads\/2014\/06\/vivienda_modular20-50x50.jpg 50w, https:\/\/www.arquimaster.com.ar\/web\/wp-content\/uploads\/2014\/06\/vivienda_modular20-125x125.jpg 125w\" sizes=\"auto, (max-width: 150px) 100vw, 150px\" \/><\/a>\n\t\t\t<\/div>\n\t\t\t\t<figcaption class='wp-caption-text gallery-caption' id='gallery-1-7777'>\n\t\t\t\tVivienda modular sostenible 983 \/ Estudio DReam\n\t\t\t\t<\/figcaption><\/figure><figure class='gallery-item'>\n\t\t\t<div class='gallery-icon landscape'>\n\t\t\t\t<a href='https:\/\/www.arquimaster.com.ar\/web\/wp-content\/uploads\/2014\/06\/vivienda_modular21.jpg' title=\"Vivienda modular sostenible 983 \/ Estudio DReam\" data-rl_title=\"Vivienda modular sostenible 983 \/ Estudio DReam\" class=\"rl-gallery-link\" data-rl_caption=\"Vivienda modular sostenible 983 \/ Estudio DReam\" data-rel=\"lightbox-gallery-1\"><img loading=\"lazy\" decoding=\"async\" width=\"150\" height=\"150\" src=\"https:\/\/www.arquimaster.com.ar\/web\/wp-content\/uploads\/2014\/06\/vivienda_modular21-150x150.jpg\" class=\"attachment-thumbnail size-thumbnail\" alt=\"\" aria-describedby=\"gallery-1-7778\" srcset=\"https:\/\/www.arquimaster.com.ar\/web\/wp-content\/uploads\/2014\/06\/vivienda_modular21-150x150.jpg 150w, https:\/\/www.arquimaster.com.ar\/web\/wp-content\/uploads\/2014\/06\/vivienda_modular21-50x50.jpg 50w, https:\/\/www.arquimaster.com.ar\/web\/wp-content\/uploads\/2014\/06\/vivienda_modular21-125x125.jpg 125w\" sizes=\"auto, (max-width: 150px) 100vw, 150px\" \/><\/a>\n\t\t\t<\/div>\n\t\t\t\t<figcaption class='wp-caption-text gallery-caption' id='gallery-1-7778'>\n\t\t\t\tVivienda modular sostenible 983 \/ Estudio DReam\n\t\t\t\t<\/figcaption><\/figure><figure class='gallery-item'>\n\t\t\t<div class='gallery-icon landscape'>\n\t\t\t\t<a href='https:\/\/www.arquimaster.com.ar\/web\/wp-content\/uploads\/2014\/06\/vivienda_modular22.jpg' title=\"Vivienda modular sostenible 983 \/ Estudio DReam\" data-rl_title=\"Vivienda modular sostenible 983 \/ Estudio DReam\" class=\"rl-gallery-link\" data-rl_caption=\"Vivienda modular sostenible 983 \/ Estudio DReam\" data-rel=\"lightbox-gallery-1\"><img loading=\"lazy\" decoding=\"async\" width=\"150\" height=\"150\" src=\"https:\/\/www.arquimaster.com.ar\/web\/wp-content\/uploads\/2014\/06\/vivienda_modular22-150x150.jpg\" class=\"attachment-thumbnail size-thumbnail\" alt=\"\" aria-describedby=\"gallery-1-7779\" srcset=\"https:\/\/www.arquimaster.com.ar\/web\/wp-content\/uploads\/2014\/06\/vivienda_modular22-150x150.jpg 150w, https:\/\/www.arquimaster.com.ar\/web\/wp-content\/uploads\/2014\/06\/vivienda_modular22-50x50.jpg 50w, https:\/\/www.arquimaster.com.ar\/web\/wp-content\/uploads\/2014\/06\/vivienda_modular22-125x125.jpg 125w\" sizes=\"auto, (max-width: 150px) 100vw, 150px\" \/><\/a>\n\t\t\t<\/div>\n\t\t\t\t<figcaption class='wp-caption-text gallery-caption' id='gallery-1-7779'>\n\t\t\t\tVivienda modular sostenible 983 \/ Estudio DReam\n\t\t\t\t<\/figcaption><\/figure><figure class='gallery-item'>\n\t\t\t<div class='gallery-icon landscape'>\n\t\t\t\t<a href='https:\/\/www.arquimaster.com.ar\/web\/wp-content\/uploads\/2014\/06\/vivienda_modular23.jpg' title=\"Vivienda modular sostenible 983 \/ Estudio DReam\" data-rl_title=\"Vivienda modular sostenible 983 \/ Estudio DReam\" class=\"rl-gallery-link\" data-rl_caption=\"Vivienda modular sostenible 983 \/ Estudio DReam\" data-rel=\"lightbox-gallery-1\"><img loading=\"lazy\" decoding=\"async\" width=\"150\" height=\"150\" src=\"https:\/\/www.arquimaster.com.ar\/web\/wp-content\/uploads\/2014\/06\/vivienda_modular23-150x150.jpg\" class=\"attachment-thumbnail size-thumbnail\" alt=\"\" aria-describedby=\"gallery-1-7780\" srcset=\"https:\/\/www.arquimaster.com.ar\/web\/wp-content\/uploads\/2014\/06\/vivienda_modular23-150x150.jpg 150w, https:\/\/www.arquimaster.com.ar\/web\/wp-content\/uploads\/2014\/06\/vivienda_modular23-50x50.jpg 50w, https:\/\/www.arquimaster.com.ar\/web\/wp-content\/uploads\/2014\/06\/vivienda_modular23-125x125.jpg 125w\" sizes=\"auto, (max-width: 150px) 100vw, 150px\" \/><\/a>\n\t\t\t<\/div>\n\t\t\t\t<figcaption class='wp-caption-text gallery-caption' id='gallery-1-7780'>\n\t\t\t\tVivienda modular sostenible 983 \/ Estudio DReam\n\t\t\t\t<\/figcaption><\/figure><figure class='gallery-item'>\n\t\t\t<div class='gallery-icon landscape'>\n\t\t\t\t<a href='https:\/\/www.arquimaster.com.ar\/web\/wp-content\/uploads\/2014\/06\/vivienda_modular24.jpg' title=\"Vivienda modular sostenible 983 \/ Estudio DReam\" data-rl_title=\"Vivienda modular sostenible 983 \/ Estudio DReam\" class=\"rl-gallery-link\" data-rl_caption=\"Vivienda modular sostenible 983 \/ Estudio DReam\" data-rel=\"lightbox-gallery-1\"><img loading=\"lazy\" decoding=\"async\" width=\"150\" height=\"150\" src=\"https:\/\/www.arquimaster.com.ar\/web\/wp-content\/uploads\/2014\/06\/vivienda_modular24-150x150.jpg\" class=\"attachment-thumbnail size-thumbnail\" alt=\"\" aria-describedby=\"gallery-1-7781\" srcset=\"https:\/\/www.arquimaster.com.ar\/web\/wp-content\/uploads\/2014\/06\/vivienda_modular24-150x150.jpg 150w, https:\/\/www.arquimaster.com.ar\/web\/wp-content\/uploads\/2014\/06\/vivienda_modular24-50x50.jpg 50w, https:\/\/www.arquimaster.com.ar\/web\/wp-content\/uploads\/2014\/06\/vivienda_modular24-125x125.jpg 125w\" sizes=\"auto, (max-width: 150px) 100vw, 150px\" \/><\/a>\n\t\t\t<\/div>\n\t\t\t\t<figcaption class='wp-caption-text gallery-caption' id='gallery-1-7781'>\n\t\t\t\tVivienda modular sostenible 983 \/ Estudio DReam\n\t\t\t\t<\/figcaption><\/figure><figure class='gallery-item'>\n\t\t\t<div class='gallery-icon landscape'>\n\t\t\t\t<a href='https:\/\/www.arquimaster.com.ar\/web\/wp-content\/uploads\/2014\/06\/vivienda_modular25.jpg' title=\"Vivienda modular sostenible 983 \/ Estudio DReam\" data-rl_title=\"Vivienda modular sostenible 983 \/ Estudio DReam\" class=\"rl-gallery-link\" data-rl_caption=\"Vivienda modular sostenible 983 \/ Estudio DReam\" data-rel=\"lightbox-gallery-1\"><img loading=\"lazy\" decoding=\"async\" width=\"150\" height=\"150\" src=\"https:\/\/www.arquimaster.com.ar\/web\/wp-content\/uploads\/2014\/06\/vivienda_modular25-150x150.jpg\" class=\"attachment-thumbnail size-thumbnail\" alt=\"\" aria-describedby=\"gallery-1-7782\" srcset=\"https:\/\/www.arquimaster.com.ar\/web\/wp-content\/uploads\/2014\/06\/vivienda_modular25-150x150.jpg 150w, https:\/\/www.arquimaster.com.ar\/web\/wp-content\/uploads\/2014\/06\/vivienda_modular25-50x50.jpg 50w, https:\/\/www.arquimaster.com.ar\/web\/wp-content\/uploads\/2014\/06\/vivienda_modular25-125x125.jpg 125w\" sizes=\"auto, (max-width: 150px) 100vw, 150px\" \/><\/a>\n\t\t\t<\/div>\n\t\t\t\t<figcaption class='wp-caption-text gallery-caption' id='gallery-1-7782'>\n\t\t\t\tVivienda modular sostenible 983 \/ Estudio DReam\n\t\t\t\t<\/figcaption><\/figure><figure class='gallery-item'>\n\t\t\t<div class='gallery-icon landscape'>\n\t\t\t\t<a href='https:\/\/www.arquimaster.com.ar\/web\/wp-content\/uploads\/2014\/06\/vivienda_modular26.jpg' title=\"Vivienda modular sostenible 983 \/ Estudio DReam\" data-rl_title=\"Vivienda modular sostenible 983 \/ Estudio DReam\" class=\"rl-gallery-link\" data-rl_caption=\"Vivienda modular sostenible 983 \/ Estudio DReam\" data-rel=\"lightbox-gallery-1\"><img loading=\"lazy\" decoding=\"async\" width=\"150\" height=\"150\" src=\"https:\/\/www.arquimaster.com.ar\/web\/wp-content\/uploads\/2014\/06\/vivienda_modular26-150x150.jpg\" class=\"attachment-thumbnail size-thumbnail\" alt=\"\" aria-describedby=\"gallery-1-7783\" srcset=\"https:\/\/www.arquimaster.com.ar\/web\/wp-content\/uploads\/2014\/06\/vivienda_modular26-150x150.jpg 150w, https:\/\/www.arquimaster.com.ar\/web\/wp-content\/uploads\/2014\/06\/vivienda_modular26-50x50.jpg 50w, https:\/\/www.arquimaster.com.ar\/web\/wp-content\/uploads\/2014\/06\/vivienda_modular26-125x125.jpg 125w\" sizes=\"auto, (max-width: 150px) 100vw, 150px\" \/><\/a>\n\t\t\t<\/div>\n\t\t\t\t<figcaption class='wp-caption-text gallery-caption' id='gallery-1-7783'>\n\t\t\t\tVivienda modular sostenible 983 \/ Estudio DReam\n\t\t\t\t<\/figcaption><\/figure><figure class='gallery-item'>\n\t\t\t<div class='gallery-icon landscape'>\n\t\t\t\t<a href='https:\/\/www.arquimaster.com.ar\/web\/wp-content\/uploads\/2014\/06\/vivienda_modular27.jpg' title=\"Vivienda modular sostenible 983 \/ Estudio DReam\" data-rl_title=\"Vivienda modular sostenible 983 \/ Estudio DReam\" class=\"rl-gallery-link\" data-rl_caption=\"Vivienda modular sostenible 983 \/ Estudio DReam\" data-rel=\"lightbox-gallery-1\"><img loading=\"lazy\" decoding=\"async\" width=\"150\" height=\"150\" src=\"https:\/\/www.arquimaster.com.ar\/web\/wp-content\/uploads\/2014\/06\/vivienda_modular27-150x150.jpg\" class=\"attachment-thumbnail size-thumbnail\" alt=\"\" aria-describedby=\"gallery-1-7784\" srcset=\"https:\/\/www.arquimaster.com.ar\/web\/wp-content\/uploads\/2014\/06\/vivienda_modular27-150x150.jpg 150w, https:\/\/www.arquimaster.com.ar\/web\/wp-content\/uploads\/2014\/06\/vivienda_modular27-50x50.jpg 50w, https:\/\/www.arquimaster.com.ar\/web\/wp-content\/uploads\/2014\/06\/vivienda_modular27-125x125.jpg 125w\" sizes=\"auto, (max-width: 150px) 100vw, 150px\" \/><\/a>\n\t\t\t<\/div>\n\t\t\t\t<figcaption class='wp-caption-text gallery-caption' id='gallery-1-7784'>\n\t\t\t\tVivienda modular sostenible 983 \/ Estudio DReam\n\t\t\t\t<\/figcaption><\/figure><figure class='gallery-item'>\n\t\t\t<div class='gallery-icon portrait'>\n\t\t\t\t<a href='https:\/\/www.arquimaster.com.ar\/web\/wp-content\/uploads\/2014\/06\/vivienda_modular28.jpg' title=\"Vivienda modular sostenible 983 \/ Estudio DReam (planta)\" data-rl_title=\"Vivienda modular sostenible 983 \/ Estudio DReam (planta)\" class=\"rl-gallery-link\" data-rl_caption=\"Vivienda modular sostenible 983 \/ Estudio DReam (planta)\" data-rel=\"lightbox-gallery-1\"><img loading=\"lazy\" decoding=\"async\" width=\"150\" height=\"150\" src=\"https:\/\/www.arquimaster.com.ar\/web\/wp-content\/uploads\/2014\/06\/vivienda_modular28-150x150.jpg\" class=\"attachment-thumbnail size-thumbnail\" alt=\"\" aria-describedby=\"gallery-1-7785\" srcset=\"https:\/\/www.arquimaster.com.ar\/web\/wp-content\/uploads\/2014\/06\/vivienda_modular28-150x150.jpg 150w, https:\/\/www.arquimaster.com.ar\/web\/wp-content\/uploads\/2014\/06\/vivienda_modular28-50x50.jpg 50w, https:\/\/www.arquimaster.com.ar\/web\/wp-content\/uploads\/2014\/06\/vivienda_modular28-125x125.jpg 125w\" sizes=\"auto, (max-width: 150px) 100vw, 150px\" \/><\/a>\n\t\t\t<\/div>\n\t\t\t\t<figcaption class='wp-caption-text gallery-caption' id='gallery-1-7785'>\n\t\t\t\tVivienda modular sostenible 983 \/ Estudio DReam (planta)\n\t\t\t\t<\/figcaption><\/figure><figure class='gallery-item'>\n\t\t\t<div class='gallery-icon portrait'>\n\t\t\t\t<a href='https:\/\/www.arquimaster.com.ar\/web\/wp-content\/uploads\/2014\/06\/vivienda_modular29.jpg' title=\"Vivienda modular sostenible 983 \/ Estudio DReam (planta)\" data-rl_title=\"Vivienda modular sostenible 983 \/ Estudio DReam (planta)\" class=\"rl-gallery-link\" data-rl_caption=\"Vivienda modular sostenible 983 \/ Estudio DReam (planta)\" data-rel=\"lightbox-gallery-1\"><img loading=\"lazy\" decoding=\"async\" width=\"150\" height=\"150\" src=\"https:\/\/www.arquimaster.com.ar\/web\/wp-content\/uploads\/2014\/06\/vivienda_modular29-150x150.jpg\" class=\"attachment-thumbnail size-thumbnail\" alt=\"\" aria-describedby=\"gallery-1-7786\" srcset=\"https:\/\/www.arquimaster.com.ar\/web\/wp-content\/uploads\/2014\/06\/vivienda_modular29-150x150.jpg 150w, https:\/\/www.arquimaster.com.ar\/web\/wp-content\/uploads\/2014\/06\/vivienda_modular29-50x50.jpg 50w, https:\/\/www.arquimaster.com.ar\/web\/wp-content\/uploads\/2014\/06\/vivienda_modular29-125x125.jpg 125w\" sizes=\"auto, (max-width: 150px) 100vw, 150px\" \/><\/a>\n\t\t\t<\/div>\n\t\t\t\t<figcaption class='wp-caption-text gallery-caption' id='gallery-1-7786'>\n\t\t\t\tVivienda modular sostenible 983 \/ Estudio DReam (planta)\n\t\t\t\t<\/figcaption><\/figure>\n\t\t<\/div>\n\n<p>La vivienda incorpora pautas de <strong>arquitectura sostenible<\/strong>, tales como el <strong>aprovechamiento de luz natural<\/strong> y la utilizacion de materiales con mayor<strong> aislamiento termico<\/strong>, lo cual se traduce en mayor eficiencia energ\u00e9tica y un ahorro en el costo de calefacci\u00f3n y aire acondicionado.<\/p>\n<p>Ademas cuenta con <strong>paneles solares<\/strong> para la produccion de agua caliente de uso sanitario y calefaccion, junto con un <strong>sistema de recoleccion de aguas pluviales<\/strong> con tanque de capacidad para 1600 litros reutilizables para riego y un <strong>sistema de ventilaci\u00f3n cruzada<\/strong> que mantiene una temperatura adecuada en la vivienda.<\/p>\n<p>La carpinter\u00eda exterior de perfiler\u00eda de aluminio lacado o PVC con <strong>ruptura de puente t\u00e9rmico y acristalamiento doble con c\u00e1mara de aire<\/strong> Climalit, contribuye al aislamiento t\u00e9rmico y ac\u00fastico con el correspondiente ahorro energ\u00e9tico gracias a cristales compuestos de dos o m\u00e1s vidrios separados entre s\u00ed por una c\u00e1mara de aire estanca.<\/p>\n<p>El cerramiento exterior esta realizado en <strong>fachada ventilada<\/strong> de Alucobond Composite sobre perfiler\u00eda met\u00e1lica oculta formando una <strong>c\u00e1mara de aire<\/strong> de 50\/60mm para la ventilaci\u00f3n natural de todo el per\u00edmetro exterior de la casa, <strong>panel s\u00e1ndwich<\/strong> met\u00e1lico relleno de poliuretano inyectado de 60 mm de espesor y densidad 40 kg\/m2. Ya en el interior c\u00e1mara de aire de 50\/60 mm conteniendo la estructura de soporte del trasdosado de Pladur de 15 mm con aislamiento de lana de roca.<\/p>\n<p>Las particiones interiores estan realizadas con trasdosados de Pladur de 15 mm de espesor con c\u00e1mara de aire de 600 mm aislados con lana de roca interior.<\/p>\n<p>Cuenta con cubierta plana de<strong> losa invertida aislada<\/strong> mediante planchas de poliestireno extru\u00eddo acabada con l\u00e1mina impermeable de PVC y gravilla con opci\u00f3n a cubierta verde.<\/p>\n<p>La estructura de cimentaci\u00f3n de hormig\u00f3n armado esta conformada por solera de hormig\u00f3n o pilares unidos por viga de arriostre apoyada sobre suelo preparada para recibir m\u00f3dulos atornillados o soldados a placas de anclaje de acero.<\/p>\n<p>La estructura modular es mixta y utiliza pilares de acero y forjados de hormig\u00f3n sobre chapa colaborante con perfiler\u00eda de acero y capa de compresi\u00f3n de hormig\u00f3n armado.<\/p>\n<p>Descripcion del <strong>proceso de montaje<\/strong> de la casa en la parcela, desde sus inicios con las fundaciones de hormig\u00f3n hasta el final de la obra acabada.<\/p>\n<div id='gallery-2' class='gallery galleryid-7755 gallery-columns-3 gallery-size-thumbnail'><figure class='gallery-item'>\n\t\t\t<div class='gallery-icon landscape'>\n\t\t\t\t<a href='https:\/\/www.arquimaster.com.ar\/web\/wp-content\/uploads\/2014\/06\/vivienda_modular30.jpg' title=\"Vivienda modular sostenible 983 \/ Estudio DReam (proceso constructivo)\" data-rl_title=\"Vivienda modular sostenible 983 \/ Estudio DReam (proceso constructivo)\" class=\"rl-gallery-link\" data-rl_caption=\"Vivienda modular sostenible 983 \/ Estudio DReam (proceso constructivo)\" data-rel=\"lightbox-gallery-2\"><img loading=\"lazy\" decoding=\"async\" width=\"150\" height=\"150\" src=\"https:\/\/www.arquimaster.com.ar\/web\/wp-content\/uploads\/2014\/06\/vivienda_modular30-150x150.jpg\" class=\"attachment-thumbnail size-thumbnail\" alt=\"\" aria-describedby=\"gallery-2-7787\" srcset=\"https:\/\/www.arquimaster.com.ar\/web\/wp-content\/uploads\/2014\/06\/vivienda_modular30-150x150.jpg 150w, https:\/\/www.arquimaster.com.ar\/web\/wp-content\/uploads\/2014\/06\/vivienda_modular30-50x50.jpg 50w, https:\/\/www.arquimaster.com.ar\/web\/wp-content\/uploads\/2014\/06\/vivienda_modular30-125x125.jpg 125w\" sizes=\"auto, (max-width: 150px) 100vw, 150px\" \/><\/a>\n\t\t\t<\/div>\n\t\t\t\t<figcaption class='wp-caption-text gallery-caption' id='gallery-2-7787'>\n\t\t\t\tVivienda modular sostenible 983 \/ Estudio DReam (proceso constructivo)\n\t\t\t\t<\/figcaption><\/figure><figure class='gallery-item'>\n\t\t\t<div class='gallery-icon landscape'>\n\t\t\t\t<a href='https:\/\/www.arquimaster.com.ar\/web\/wp-content\/uploads\/2014\/06\/vivienda_modular31.jpg' title=\"Vivienda modular sostenible 983 \/ Estudio DReam (proceso constructivo)\" data-rl_title=\"Vivienda modular sostenible 983 \/ Estudio DReam (proceso constructivo)\" class=\"rl-gallery-link\" data-rl_caption=\"Vivienda modular sostenible 983 \/ Estudio DReam (proceso constructivo)\" data-rel=\"lightbox-gallery-2\"><img loading=\"lazy\" decoding=\"async\" width=\"150\" height=\"150\" src=\"https:\/\/www.arquimaster.com.ar\/web\/wp-content\/uploads\/2014\/06\/vivienda_modular31-150x150.jpg\" class=\"attachment-thumbnail size-thumbnail\" alt=\"\" aria-describedby=\"gallery-2-7788\" srcset=\"https:\/\/www.arquimaster.com.ar\/web\/wp-content\/uploads\/2014\/06\/vivienda_modular31-150x150.jpg 150w, https:\/\/www.arquimaster.com.ar\/web\/wp-content\/uploads\/2014\/06\/vivienda_modular31-50x50.jpg 50w, https:\/\/www.arquimaster.com.ar\/web\/wp-content\/uploads\/2014\/06\/vivienda_modular31-125x125.jpg 125w\" sizes=\"auto, (max-width: 150px) 100vw, 150px\" \/><\/a>\n\t\t\t<\/div>\n\t\t\t\t<figcaption class='wp-caption-text gallery-caption' id='gallery-2-7788'>\n\t\t\t\tVivienda modular sostenible 983 \/ Estudio DReam (proceso constructivo)\n\t\t\t\t<\/figcaption><\/figure><figure class='gallery-item'>\n\t\t\t<div class='gallery-icon landscape'>\n\t\t\t\t<a href='https:\/\/www.arquimaster.com.ar\/web\/wp-content\/uploads\/2014\/06\/vivienda_modular32.jpg' title=\"Vivienda modular sostenible 983 \/ Estudio DReam (proceso constructivo)\" data-rl_title=\"Vivienda modular sostenible 983 \/ Estudio DReam (proceso constructivo)\" class=\"rl-gallery-link\" data-rl_caption=\"Vivienda modular sostenible 983 \/ Estudio DReam (proceso constructivo)\" data-rel=\"lightbox-gallery-2\"><img loading=\"lazy\" decoding=\"async\" width=\"150\" height=\"150\" src=\"https:\/\/www.arquimaster.com.ar\/web\/wp-content\/uploads\/2014\/06\/vivienda_modular32-150x150.jpg\" class=\"attachment-thumbnail size-thumbnail\" alt=\"\" aria-describedby=\"gallery-2-7789\" srcset=\"https:\/\/www.arquimaster.com.ar\/web\/wp-content\/uploads\/2014\/06\/vivienda_modular32-150x150.jpg 150w, https:\/\/www.arquimaster.com.ar\/web\/wp-content\/uploads\/2014\/06\/vivienda_modular32-50x50.jpg 50w, https:\/\/www.arquimaster.com.ar\/web\/wp-content\/uploads\/2014\/06\/vivienda_modular32-125x125.jpg 125w\" sizes=\"auto, (max-width: 150px) 100vw, 150px\" \/><\/a>\n\t\t\t<\/div>\n\t\t\t\t<figcaption class='wp-caption-text gallery-caption' id='gallery-2-7789'>\n\t\t\t\tVivienda modular sostenible 983 \/ Estudio DReam (proceso constructivo)\n\t\t\t\t<\/figcaption><\/figure><figure class='gallery-item'>\n\t\t\t<div class='gallery-icon landscape'>\n\t\t\t\t<a href='https:\/\/www.arquimaster.com.ar\/web\/wp-content\/uploads\/2014\/06\/vivienda_modular33.jpg' title=\"Vivienda modular sostenible 983 \/ Estudio DReam (proceso constructivo)\" data-rl_title=\"Vivienda modular sostenible 983 \/ Estudio DReam (proceso constructivo)\" class=\"rl-gallery-link\" data-rl_caption=\"Vivienda modular sostenible 983 \/ Estudio DReam (proceso constructivo)\" data-rel=\"lightbox-gallery-2\"><img loading=\"lazy\" decoding=\"async\" width=\"150\" height=\"150\" src=\"https:\/\/www.arquimaster.com.ar\/web\/wp-content\/uploads\/2014\/06\/vivienda_modular33-150x150.jpg\" class=\"attachment-thumbnail size-thumbnail\" alt=\"\" aria-describedby=\"gallery-2-7790\" srcset=\"https:\/\/www.arquimaster.com.ar\/web\/wp-content\/uploads\/2014\/06\/vivienda_modular33-150x150.jpg 150w, https:\/\/www.arquimaster.com.ar\/web\/wp-content\/uploads\/2014\/06\/vivienda_modular33-50x50.jpg 50w, https:\/\/www.arquimaster.com.ar\/web\/wp-content\/uploads\/2014\/06\/vivienda_modular33-125x125.jpg 125w\" sizes=\"auto, (max-width: 150px) 100vw, 150px\" \/><\/a>\n\t\t\t<\/div>\n\t\t\t\t<figcaption class='wp-caption-text gallery-caption' id='gallery-2-7790'>\n\t\t\t\tVivienda modular sostenible 983 \/ Estudio DReam (proceso constructivo)\n\t\t\t\t<\/figcaption><\/figure><figure class='gallery-item'>\n\t\t\t<div class='gallery-icon landscape'>\n\t\t\t\t<a href='https:\/\/www.arquimaster.com.ar\/web\/wp-content\/uploads\/2014\/06\/vivienda_modular34.jpg' title=\"Vivienda modular sostenible 983 \/ Estudio DReam (proceso constructivo)\" data-rl_title=\"Vivienda modular sostenible 983 \/ Estudio DReam (proceso constructivo)\" class=\"rl-gallery-link\" data-rl_caption=\"Vivienda modular sostenible 983 \/ Estudio DReam (proceso constructivo)\" data-rel=\"lightbox-gallery-2\"><img loading=\"lazy\" decoding=\"async\" width=\"150\" height=\"150\" src=\"https:\/\/www.arquimaster.com.ar\/web\/wp-content\/uploads\/2014\/06\/vivienda_modular34-150x150.jpg\" class=\"attachment-thumbnail size-thumbnail\" alt=\"\" aria-describedby=\"gallery-2-7791\" srcset=\"https:\/\/www.arquimaster.com.ar\/web\/wp-content\/uploads\/2014\/06\/vivienda_modular34-150x150.jpg 150w, https:\/\/www.arquimaster.com.ar\/web\/wp-content\/uploads\/2014\/06\/vivienda_modular34-50x50.jpg 50w, https:\/\/www.arquimaster.com.ar\/web\/wp-content\/uploads\/2014\/06\/vivienda_modular34-125x125.jpg 125w\" sizes=\"auto, (max-width: 150px) 100vw, 150px\" \/><\/a>\n\t\t\t<\/div>\n\t\t\t\t<figcaption class='wp-caption-text gallery-caption' id='gallery-2-7791'>\n\t\t\t\tVivienda modular sostenible 983 \/ Estudio DReam (proceso constructivo)\n\t\t\t\t<\/figcaption><\/figure><figure class='gallery-item'>\n\t\t\t<div class='gallery-icon landscape'>\n\t\t\t\t<a href='https:\/\/www.arquimaster.com.ar\/web\/wp-content\/uploads\/2014\/06\/vivienda_modular35.jpg' title=\"Vivienda modular sostenible 983 \/ Estudio DReam (proceso constructivo)\" data-rl_title=\"Vivienda modular sostenible 983 \/ Estudio DReam (proceso constructivo)\" class=\"rl-gallery-link\" data-rl_caption=\"Vivienda modular sostenible 983 \/ Estudio DReam (proceso constructivo)\" data-rel=\"lightbox-gallery-2\"><img loading=\"lazy\" decoding=\"async\" width=\"150\" height=\"150\" src=\"https:\/\/www.arquimaster.com.ar\/web\/wp-content\/uploads\/2014\/06\/vivienda_modular35-150x150.jpg\" class=\"attachment-thumbnail size-thumbnail\" alt=\"\" aria-describedby=\"gallery-2-7792\" srcset=\"https:\/\/www.arquimaster.com.ar\/web\/wp-content\/uploads\/2014\/06\/vivienda_modular35-150x150.jpg 150w, https:\/\/www.arquimaster.com.ar\/web\/wp-content\/uploads\/2014\/06\/vivienda_modular35-50x50.jpg 50w, https:\/\/www.arquimaster.com.ar\/web\/wp-content\/uploads\/2014\/06\/vivienda_modular35-125x125.jpg 125w\" sizes=\"auto, (max-width: 150px) 100vw, 150px\" \/><\/a>\n\t\t\t<\/div>\n\t\t\t\t<figcaption class='wp-caption-text gallery-caption' id='gallery-2-7792'>\n\t\t\t\tVivienda modular sostenible 983 \/ Estudio DReam (proceso constructivo)\n\t\t\t\t<\/figcaption><\/figure><figure class='gallery-item'>\n\t\t\t<div class='gallery-icon landscape'>\n\t\t\t\t<a href='https:\/\/www.arquimaster.com.ar\/web\/wp-content\/uploads\/2014\/06\/vivienda_modular36.jpg' title=\"Vivienda modular sostenible 983 \/ Estudio DReam (proceso constructivo)\" data-rl_title=\"Vivienda modular sostenible 983 \/ Estudio DReam (proceso constructivo)\" class=\"rl-gallery-link\" data-rl_caption=\"Vivienda modular sostenible 983 \/ Estudio DReam (proceso constructivo)\" data-rel=\"lightbox-gallery-2\"><img loading=\"lazy\" decoding=\"async\" width=\"150\" height=\"150\" src=\"https:\/\/www.arquimaster.com.ar\/web\/wp-content\/uploads\/2014\/06\/vivienda_modular36-150x150.jpg\" class=\"attachment-thumbnail size-thumbnail\" alt=\"\" aria-describedby=\"gallery-2-7793\" srcset=\"https:\/\/www.arquimaster.com.ar\/web\/wp-content\/uploads\/2014\/06\/vivienda_modular36-150x150.jpg 150w, https:\/\/www.arquimaster.com.ar\/web\/wp-content\/uploads\/2014\/06\/vivienda_modular36-50x50.jpg 50w, https:\/\/www.arquimaster.com.ar\/web\/wp-content\/uploads\/2014\/06\/vivienda_modular36-125x125.jpg 125w\" sizes=\"auto, (max-width: 150px) 100vw, 150px\" \/><\/a>\n\t\t\t<\/div>\n\t\t\t\t<figcaption class='wp-caption-text gallery-caption' id='gallery-2-7793'>\n\t\t\t\tVivienda modular sostenible 983 \/ Estudio DReam (proceso constructivo)\n\t\t\t\t<\/figcaption><\/figure><figure class='gallery-item'>\n\t\t\t<div class='gallery-icon landscape'>\n\t\t\t\t<a href='https:\/\/www.arquimaster.com.ar\/web\/wp-content\/uploads\/2014\/06\/vivienda_modular37.jpg' title=\"Vivienda modular sostenible 983 \/ Estudio DReam (proceso constructivo)\" data-rl_title=\"Vivienda modular sostenible 983 \/ Estudio DReam (proceso constructivo)\" class=\"rl-gallery-link\" data-rl_caption=\"Vivienda modular sostenible 983 \/ Estudio DReam (proceso constructivo)\" data-rel=\"lightbox-gallery-2\"><img loading=\"lazy\" decoding=\"async\" width=\"150\" height=\"150\" src=\"https:\/\/www.arquimaster.com.ar\/web\/wp-content\/uploads\/2014\/06\/vivienda_modular37-150x150.jpg\" class=\"attachment-thumbnail size-thumbnail\" alt=\"\" aria-describedby=\"gallery-2-7794\" srcset=\"https:\/\/www.arquimaster.com.ar\/web\/wp-content\/uploads\/2014\/06\/vivienda_modular37-150x150.jpg 150w, https:\/\/www.arquimaster.com.ar\/web\/wp-content\/uploads\/2014\/06\/vivienda_modular37-50x50.jpg 50w, https:\/\/www.arquimaster.com.ar\/web\/wp-content\/uploads\/2014\/06\/vivienda_modular37-125x125.jpg 125w\" sizes=\"auto, (max-width: 150px) 100vw, 150px\" \/><\/a>\n\t\t\t<\/div>\n\t\t\t\t<figcaption class='wp-caption-text gallery-caption' id='gallery-2-7794'>\n\t\t\t\tVivienda modular sostenible 983 \/ Estudio DReam (proceso constructivo)\n\t\t\t\t<\/figcaption><\/figure><figure class='gallery-item'>\n\t\t\t<div class='gallery-icon landscape'>\n\t\t\t\t<a href='https:\/\/www.arquimaster.com.ar\/web\/wp-content\/uploads\/2014\/06\/vivienda_modular38.jpg' title=\"Vivienda modular sostenible 983 \/ Estudio DReam (proceso constructivo)\" data-rl_title=\"Vivienda modular sostenible 983 \/ Estudio DReam (proceso constructivo)\" class=\"rl-gallery-link\" data-rl_caption=\"Vivienda modular sostenible 983 \/ Estudio DReam (proceso constructivo)\" data-rel=\"lightbox-gallery-2\"><img loading=\"lazy\" decoding=\"async\" width=\"150\" height=\"150\" src=\"https:\/\/www.arquimaster.com.ar\/web\/wp-content\/uploads\/2014\/06\/vivienda_modular38-150x150.jpg\" class=\"attachment-thumbnail size-thumbnail\" alt=\"\" aria-describedby=\"gallery-2-7795\" srcset=\"https:\/\/www.arquimaster.com.ar\/web\/wp-content\/uploads\/2014\/06\/vivienda_modular38-150x150.jpg 150w, https:\/\/www.arquimaster.com.ar\/web\/wp-content\/uploads\/2014\/06\/vivienda_modular38-50x50.jpg 50w, https:\/\/www.arquimaster.com.ar\/web\/wp-content\/uploads\/2014\/06\/vivienda_modular38-125x125.jpg 125w\" sizes=\"auto, (max-width: 150px) 100vw, 150px\" \/><\/a>\n\t\t\t<\/div>\n\t\t\t\t<figcaption class='wp-caption-text gallery-caption' id='gallery-2-7795'>\n\t\t\t\tVivienda modular sostenible 983 \/ Estudio DReam (proceso constructivo)\n\t\t\t\t<\/figcaption><\/figure><figure class='gallery-item'>\n\t\t\t<div class='gallery-icon landscape'>\n\t\t\t\t<a href='https:\/\/www.arquimaster.com.ar\/web\/wp-content\/uploads\/2014\/06\/vivienda_modular39.jpg' title=\"Vivienda modular sostenible 983 \/ Estudio DReam (proceso constructivo)\" data-rl_title=\"Vivienda modular sostenible 983 \/ Estudio DReam (proceso constructivo)\" class=\"rl-gallery-link\" data-rl_caption=\"Vivienda modular sostenible 983 \/ Estudio DReam (proceso constructivo)\" data-rel=\"lightbox-gallery-2\"><img loading=\"lazy\" decoding=\"async\" width=\"150\" height=\"150\" src=\"https:\/\/www.arquimaster.com.ar\/web\/wp-content\/uploads\/2014\/06\/vivienda_modular39-150x150.jpg\" class=\"attachment-thumbnail size-thumbnail\" alt=\"\" aria-describedby=\"gallery-2-7796\" srcset=\"https:\/\/www.arquimaster.com.ar\/web\/wp-content\/uploads\/2014\/06\/vivienda_modular39-150x150.jpg 150w, https:\/\/www.arquimaster.com.ar\/web\/wp-content\/uploads\/2014\/06\/vivienda_modular39-50x50.jpg 50w, https:\/\/www.arquimaster.com.ar\/web\/wp-content\/uploads\/2014\/06\/vivienda_modular39-125x125.jpg 125w\" sizes=\"auto, (max-width: 150px) 100vw, 150px\" \/><\/a>\n\t\t\t<\/div>\n\t\t\t\t<figcaption class='wp-caption-text gallery-caption' id='gallery-2-7796'>\n\t\t\t\tVivienda modular sostenible 983 \/ Estudio DReam (proceso constructivo)\n\t\t\t\t<\/figcaption><\/figure><figure class='gallery-item'>\n\t\t\t<div class='gallery-icon landscape'>\n\t\t\t\t<a href='https:\/\/www.arquimaster.com.ar\/web\/wp-content\/uploads\/2014\/06\/vivienda_modular40.jpg' title=\"Vivienda modular sostenible 983 \/ Estudio DReam (proceso constructivo)\" data-rl_title=\"Vivienda modular sostenible 983 \/ Estudio DReam (proceso constructivo)\" class=\"rl-gallery-link\" data-rl_caption=\"Vivienda modular sostenible 983 \/ Estudio DReam (proceso constructivo)\" data-rel=\"lightbox-gallery-2\"><img loading=\"lazy\" decoding=\"async\" width=\"150\" height=\"150\" src=\"https:\/\/www.arquimaster.com.ar\/web\/wp-content\/uploads\/2014\/06\/vivienda_modular40-150x150.jpg\" class=\"attachment-thumbnail size-thumbnail\" alt=\"\" aria-describedby=\"gallery-2-7797\" srcset=\"https:\/\/www.arquimaster.com.ar\/web\/wp-content\/uploads\/2014\/06\/vivienda_modular40-150x150.jpg 150w, https:\/\/www.arquimaster.com.ar\/web\/wp-content\/uploads\/2014\/06\/vivienda_modular40-50x50.jpg 50w, https:\/\/www.arquimaster.com.ar\/web\/wp-content\/uploads\/2014\/06\/vivienda_modular40-125x125.jpg 125w\" sizes=\"auto, (max-width: 150px) 100vw, 150px\" \/><\/a>\n\t\t\t<\/div>\n\t\t\t\t<figcaption class='wp-caption-text gallery-caption' id='gallery-2-7797'>\n\t\t\t\tVivienda modular sostenible 983 \/ Estudio DReam (proceso constructivo)\n\t\t\t\t<\/figcaption><\/figure><figure class='gallery-item'>\n\t\t\t<div class='gallery-icon landscape'>\n\t\t\t\t<a href='https:\/\/www.arquimaster.com.ar\/web\/wp-content\/uploads\/2014\/06\/vivienda_modular41.jpg' title=\"Vivienda modular sostenible 983 \/ Estudio DReam (proceso constructivo)\" data-rl_title=\"Vivienda modular sostenible 983 \/ Estudio DReam (proceso constructivo)\" class=\"rl-gallery-link\" data-rl_caption=\"Vivienda modular sostenible 983 \/ Estudio DReam (proceso constructivo)\" data-rel=\"lightbox-gallery-2\"><img loading=\"lazy\" decoding=\"async\" width=\"150\" height=\"150\" src=\"https:\/\/www.arquimaster.com.ar\/web\/wp-content\/uploads\/2014\/06\/vivienda_modular41-150x150.jpg\" class=\"attachment-thumbnail size-thumbnail\" alt=\"\" aria-describedby=\"gallery-2-7798\" srcset=\"https:\/\/www.arquimaster.com.ar\/web\/wp-content\/uploads\/2014\/06\/vivienda_modular41-150x150.jpg 150w, https:\/\/www.arquimaster.com.ar\/web\/wp-content\/uploads\/2014\/06\/vivienda_modular41-50x50.jpg 50w, https:\/\/www.arquimaster.com.ar\/web\/wp-content\/uploads\/2014\/06\/vivienda_modular41-125x125.jpg 125w\" sizes=\"auto, (max-width: 150px) 100vw, 150px\" \/><\/a>\n\t\t\t<\/div>\n\t\t\t\t<figcaption class='wp-caption-text gallery-caption' id='gallery-2-7798'>\n\t\t\t\tVivienda modular sostenible 983 \/ Estudio DReam (proceso constructivo)\n\t\t\t\t<\/figcaption><\/figure><figure class='gallery-item'>\n\t\t\t<div class='gallery-icon landscape'>\n\t\t\t\t<a href='https:\/\/www.arquimaster.com.ar\/web\/wp-content\/uploads\/2014\/06\/vivienda_modular42.jpg' title=\"Vivienda modular sostenible 983 \/ Estudio DReam (proceso constructivo)\" data-rl_title=\"Vivienda modular sostenible 983 \/ Estudio DReam (proceso constructivo)\" class=\"rl-gallery-link\" data-rl_caption=\"Vivienda modular sostenible 983 \/ Estudio DReam (proceso constructivo)\" data-rel=\"lightbox-gallery-2\"><img loading=\"lazy\" decoding=\"async\" width=\"150\" height=\"150\" src=\"https:\/\/www.arquimaster.com.ar\/web\/wp-content\/uploads\/2014\/06\/vivienda_modular42-150x150.jpg\" class=\"attachment-thumbnail size-thumbnail\" alt=\"\" aria-describedby=\"gallery-2-7799\" srcset=\"https:\/\/www.arquimaster.com.ar\/web\/wp-content\/uploads\/2014\/06\/vivienda_modular42-150x150.jpg 150w, https:\/\/www.arquimaster.com.ar\/web\/wp-content\/uploads\/2014\/06\/vivienda_modular42-50x50.jpg 50w, https:\/\/www.arquimaster.com.ar\/web\/wp-content\/uploads\/2014\/06\/vivienda_modular42-125x125.jpg 125w\" sizes=\"auto, (max-width: 150px) 100vw, 150px\" \/><\/a>\n\t\t\t<\/div>\n\t\t\t\t<figcaption class='wp-caption-text gallery-caption' id='gallery-2-7799'>\n\t\t\t\tVivienda modular sostenible 983 \/ Estudio DReam (proceso constructivo)\n\t\t\t\t<\/figcaption><\/figure><figure class='gallery-item'>\n\t\t\t<div class='gallery-icon landscape'>\n\t\t\t\t<a href='https:\/\/www.arquimaster.com.ar\/web\/wp-content\/uploads\/2014\/06\/vivienda_modular43.jpg' title=\"Vivienda modular sostenible 983 \/ Estudio DReam (proceso constructivo)\" data-rl_title=\"Vivienda modular sostenible 983 \/ Estudio DReam (proceso constructivo)\" class=\"rl-gallery-link\" data-rl_caption=\"Vivienda modular sostenible 983 \/ Estudio DReam (proceso constructivo)\" data-rel=\"lightbox-gallery-2\"><img loading=\"lazy\" decoding=\"async\" width=\"150\" height=\"150\" src=\"https:\/\/www.arquimaster.com.ar\/web\/wp-content\/uploads\/2014\/06\/vivienda_modular43-150x150.jpg\" class=\"attachment-thumbnail size-thumbnail\" alt=\"\" aria-describedby=\"gallery-2-7800\" srcset=\"https:\/\/www.arquimaster.com.ar\/web\/wp-content\/uploads\/2014\/06\/vivienda_modular43-150x150.jpg 150w, https:\/\/www.arquimaster.com.ar\/web\/wp-content\/uploads\/2014\/06\/vivienda_modular43-50x50.jpg 50w, https:\/\/www.arquimaster.com.ar\/web\/wp-content\/uploads\/2014\/06\/vivienda_modular43-125x125.jpg 125w\" sizes=\"auto, (max-width: 150px) 100vw, 150px\" \/><\/a>\n\t\t\t<\/div>\n\t\t\t\t<figcaption class='wp-caption-text gallery-caption' id='gallery-2-7800'>\n\t\t\t\tVivienda modular sostenible 983 \/ Estudio DReam (proceso constructivo)\n\t\t\t\t<\/figcaption><\/figure><figure class='gallery-item'>\n\t\t\t<div class='gallery-icon landscape'>\n\t\t\t\t<a href='https:\/\/www.arquimaster.com.ar\/web\/wp-content\/uploads\/2014\/06\/vivienda_modular44.jpg' title=\"Vivienda modular sostenible 983 \/ Estudio DReam (proceso constructivo)\" data-rl_title=\"Vivienda modular sostenible 983 \/ Estudio DReam (proceso constructivo)\" class=\"rl-gallery-link\" data-rl_caption=\"Vivienda modular sostenible 983 \/ Estudio DReam (proceso constructivo)\" data-rel=\"lightbox-gallery-2\"><img loading=\"lazy\" decoding=\"async\" width=\"150\" height=\"150\" src=\"https:\/\/www.arquimaster.com.ar\/web\/wp-content\/uploads\/2014\/06\/vivienda_modular44-150x150.jpg\" class=\"attachment-thumbnail size-thumbnail\" alt=\"\" aria-describedby=\"gallery-2-7801\" srcset=\"https:\/\/www.arquimaster.com.ar\/web\/wp-content\/uploads\/2014\/06\/vivienda_modular44-150x150.jpg 150w, https:\/\/www.arquimaster.com.ar\/web\/wp-content\/uploads\/2014\/06\/vivienda_modular44-50x50.jpg 50w, https:\/\/www.arquimaster.com.ar\/web\/wp-content\/uploads\/2014\/06\/vivienda_modular44-125x125.jpg 125w\" sizes=\"auto, (max-width: 150px) 100vw, 150px\" \/><\/a>\n\t\t\t<\/div>\n\t\t\t\t<figcaption class='wp-caption-text gallery-caption' id='gallery-2-7801'>\n\t\t\t\tVivienda modular sostenible 983 \/ Estudio DReam (proceso constructivo)\n\t\t\t\t<\/figcaption><\/figure><figure class='gallery-item'>\n\t\t\t<div class='gallery-icon landscape'>\n\t\t\t\t<a href='https:\/\/www.arquimaster.com.ar\/web\/wp-content\/uploads\/2014\/06\/vivienda_modular45.jpg' title=\"Vivienda modular sostenible 983 \/ Estudio DReam (proceso constructivo)\" data-rl_title=\"Vivienda modular sostenible 983 \/ Estudio DReam (proceso constructivo)\" class=\"rl-gallery-link\" data-rl_caption=\"Vivienda modular sostenible 983 \/ Estudio DReam (proceso constructivo)\" data-rel=\"lightbox-gallery-2\"><img loading=\"lazy\" decoding=\"async\" width=\"150\" height=\"150\" src=\"https:\/\/www.arquimaster.com.ar\/web\/wp-content\/uploads\/2014\/06\/vivienda_modular45-150x150.jpg\" class=\"attachment-thumbnail size-thumbnail\" alt=\"\" aria-describedby=\"gallery-2-7802\" srcset=\"https:\/\/www.arquimaster.com.ar\/web\/wp-content\/uploads\/2014\/06\/vivienda_modular45-150x150.jpg 150w, https:\/\/www.arquimaster.com.ar\/web\/wp-content\/uploads\/2014\/06\/vivienda_modular45-50x50.jpg 50w, https:\/\/www.arquimaster.com.ar\/web\/wp-content\/uploads\/2014\/06\/vivienda_modular45-125x125.jpg 125w\" sizes=\"auto, (max-width: 150px) 100vw, 150px\" \/><\/a>\n\t\t\t<\/div>\n\t\t\t\t<figcaption class='wp-caption-text gallery-caption' id='gallery-2-7802'>\n\t\t\t\tVivienda modular sostenible 983 \/ Estudio DReam (proceso constructivo)\n\t\t\t\t<\/figcaption><\/figure><figure class='gallery-item'>\n\t\t\t<div class='gallery-icon landscape'>\n\t\t\t\t<a href='https:\/\/www.arquimaster.com.ar\/web\/wp-content\/uploads\/2014\/06\/vivienda_modular46.jpg' title=\"Vivienda modular sostenible 983 \/ Estudio DReam (proceso constructivo)\" data-rl_title=\"Vivienda modular sostenible 983 \/ Estudio DReam (proceso constructivo)\" class=\"rl-gallery-link\" data-rl_caption=\"Vivienda modular sostenible 983 \/ Estudio DReam (proceso constructivo)\" data-rel=\"lightbox-gallery-2\"><img loading=\"lazy\" decoding=\"async\" width=\"150\" height=\"150\" src=\"https:\/\/www.arquimaster.com.ar\/web\/wp-content\/uploads\/2014\/06\/vivienda_modular46-150x150.jpg\" class=\"attachment-thumbnail size-thumbnail\" alt=\"\" aria-describedby=\"gallery-2-7803\" srcset=\"https:\/\/www.arquimaster.com.ar\/web\/wp-content\/uploads\/2014\/06\/vivienda_modular46-150x150.jpg 150w, https:\/\/www.arquimaster.com.ar\/web\/wp-content\/uploads\/2014\/06\/vivienda_modular46-50x50.jpg 50w, https:\/\/www.arquimaster.com.ar\/web\/wp-content\/uploads\/2014\/06\/vivienda_modular46-125x125.jpg 125w\" sizes=\"auto, (max-width: 150px) 100vw, 150px\" \/><\/a>\n\t\t\t<\/div>\n\t\t\t\t<figcaption class='wp-caption-text gallery-caption' id='gallery-2-7803'>\n\t\t\t\tVivienda modular sostenible 983 \/ Estudio DReam (proceso constructivo)\n\t\t\t\t<\/figcaption><\/figure><figure class='gallery-item'>\n\t\t\t<div class='gallery-icon landscape'>\n\t\t\t\t<a href='https:\/\/www.arquimaster.com.ar\/web\/wp-content\/uploads\/2014\/06\/vivienda_modular47.jpg' title=\"Vivienda modular sostenible 983 \/ Estudio DReam (proceso constructivo)\" data-rl_title=\"Vivienda modular sostenible 983 \/ Estudio DReam (proceso constructivo)\" class=\"rl-gallery-link\" data-rl_caption=\"Vivienda modular sostenible 983 \/ Estudio DReam (proceso constructivo)\" data-rel=\"lightbox-gallery-2\"><img loading=\"lazy\" decoding=\"async\" width=\"150\" height=\"150\" src=\"https:\/\/www.arquimaster.com.ar\/web\/wp-content\/uploads\/2014\/06\/vivienda_modular47-150x150.jpg\" class=\"attachment-thumbnail size-thumbnail\" alt=\"\" aria-describedby=\"gallery-2-7804\" srcset=\"https:\/\/www.arquimaster.com.ar\/web\/wp-content\/uploads\/2014\/06\/vivienda_modular47-150x150.jpg 150w, https:\/\/www.arquimaster.com.ar\/web\/wp-content\/uploads\/2014\/06\/vivienda_modular47-50x50.jpg 50w, https:\/\/www.arquimaster.com.ar\/web\/wp-content\/uploads\/2014\/06\/vivienda_modular47-125x125.jpg 125w\" sizes=\"auto, (max-width: 150px) 100vw, 150px\" \/><\/a>\n\t\t\t<\/div>\n\t\t\t\t<figcaption class='wp-caption-text gallery-caption' id='gallery-2-7804'>\n\t\t\t\tVivienda modular sostenible 983 \/ Estudio DReam (proceso constructivo)\n\t\t\t\t<\/figcaption><\/figure><figure class='gallery-item'>\n\t\t\t<div class='gallery-icon landscape'>\n\t\t\t\t<a href='https:\/\/www.arquimaster.com.ar\/web\/wp-content\/uploads\/2014\/06\/vivienda_modular48.jpg' title=\"Vivienda modular sostenible 983 \/ Estudio DReam (proceso constructivo)\" data-rl_title=\"Vivienda modular sostenible 983 \/ Estudio DReam (proceso constructivo)\" class=\"rl-gallery-link\" data-rl_caption=\"Vivienda modular sostenible 983 \/ Estudio DReam (proceso constructivo)\" data-rel=\"lightbox-gallery-2\"><img loading=\"lazy\" decoding=\"async\" width=\"150\" height=\"150\" src=\"https:\/\/www.arquimaster.com.ar\/web\/wp-content\/uploads\/2014\/06\/vivienda_modular48-150x150.jpg\" class=\"attachment-thumbnail size-thumbnail\" alt=\"\" aria-describedby=\"gallery-2-7805\" srcset=\"https:\/\/www.arquimaster.com.ar\/web\/wp-content\/uploads\/2014\/06\/vivienda_modular48-150x150.jpg 150w, https:\/\/www.arquimaster.com.ar\/web\/wp-content\/uploads\/2014\/06\/vivienda_modular48-50x50.jpg 50w, https:\/\/www.arquimaster.com.ar\/web\/wp-content\/uploads\/2014\/06\/vivienda_modular48-125x125.jpg 125w\" sizes=\"auto, (max-width: 150px) 100vw, 150px\" \/><\/a>\n\t\t\t<\/div>\n\t\t\t\t<figcaption class='wp-caption-text gallery-caption' id='gallery-2-7805'>\n\t\t\t\tVivienda modular sostenible 983 \/ Estudio DReam (proceso constructivo)\n\t\t\t\t<\/figcaption><\/figure><figure class='gallery-item'>\n\t\t\t<div class='gallery-icon landscape'>\n\t\t\t\t<a href='https:\/\/www.arquimaster.com.ar\/web\/wp-content\/uploads\/2014\/06\/vivienda_modular49.jpg' title=\"Vivienda modular sostenible 983 \/ Estudio DReam (proceso constructivo)\" data-rl_title=\"Vivienda modular sostenible 983 \/ Estudio DReam (proceso constructivo)\" class=\"rl-gallery-link\" data-rl_caption=\"Vivienda modular sostenible 983 \/ Estudio DReam (proceso constructivo)\" data-rel=\"lightbox-gallery-2\"><img loading=\"lazy\" decoding=\"async\" width=\"150\" height=\"150\" src=\"https:\/\/www.arquimaster.com.ar\/web\/wp-content\/uploads\/2014\/06\/vivienda_modular49-150x150.jpg\" class=\"attachment-thumbnail size-thumbnail\" alt=\"\" aria-describedby=\"gallery-2-7806\" srcset=\"https:\/\/www.arquimaster.com.ar\/web\/wp-content\/uploads\/2014\/06\/vivienda_modular49-150x150.jpg 150w, https:\/\/www.arquimaster.com.ar\/web\/wp-content\/uploads\/2014\/06\/vivienda_modular49-50x50.jpg 50w, https:\/\/www.arquimaster.com.ar\/web\/wp-content\/uploads\/2014\/06\/vivienda_modular49-125x125.jpg 125w\" sizes=\"auto, (max-width: 150px) 100vw, 150px\" \/><\/a>\n\t\t\t<\/div>\n\t\t\t\t<figcaption class='wp-caption-text gallery-caption' id='gallery-2-7806'>\n\t\t\t\tVivienda modular sostenible 983 \/ Estudio DReam (proceso constructivo)\n\t\t\t\t<\/figcaption><\/figure><figure class='gallery-item'>\n\t\t\t<div class='gallery-icon landscape'>\n\t\t\t\t<a href='https:\/\/www.arquimaster.com.ar\/web\/wp-content\/uploads\/2014\/06\/vivienda_modular50.jpg' title=\"Vivienda modular sostenible 983 \/ Estudio DReam (proceso constructivo)\" data-rl_title=\"Vivienda modular sostenible 983 \/ Estudio DReam (proceso constructivo)\" class=\"rl-gallery-link\" data-rl_caption=\"Vivienda modular sostenible 983 \/ Estudio DReam (proceso constructivo)\" data-rel=\"lightbox-gallery-2\"><img loading=\"lazy\" decoding=\"async\" width=\"150\" height=\"150\" src=\"https:\/\/www.arquimaster.com.ar\/web\/wp-content\/uploads\/2014\/06\/vivienda_modular50-150x150.jpg\" class=\"attachment-thumbnail size-thumbnail\" alt=\"\" aria-describedby=\"gallery-2-7807\" srcset=\"https:\/\/www.arquimaster.com.ar\/web\/wp-content\/uploads\/2014\/06\/vivienda_modular50-150x150.jpg 150w, https:\/\/www.arquimaster.com.ar\/web\/wp-content\/uploads\/2014\/06\/vivienda_modular50-50x50.jpg 50w, https:\/\/www.arquimaster.com.ar\/web\/wp-content\/uploads\/2014\/06\/vivienda_modular50-125x125.jpg 125w\" sizes=\"auto, (max-width: 150px) 100vw, 150px\" \/><\/a>\n\t\t\t<\/div>\n\t\t\t\t<figcaption class='wp-caption-text gallery-caption' id='gallery-2-7807'>\n\t\t\t\tVivienda modular sostenible 983 \/ Estudio DReam (proceso constructivo)\n\t\t\t\t<\/figcaption><\/figure><figure class='gallery-item'>\n\t\t\t<div class='gallery-icon landscape'>\n\t\t\t\t<a href='https:\/\/www.arquimaster.com.ar\/web\/wp-content\/uploads\/2014\/06\/vivienda_modular51.jpg' title=\"Vivienda modular sostenible 983 \/ Estudio DReam (proceso constructivo)\" data-rl_title=\"Vivienda modular sostenible 983 \/ Estudio DReam (proceso constructivo)\" class=\"rl-gallery-link\" data-rl_caption=\"Vivienda modular sostenible 983 \/ Estudio DReam (proceso constructivo)\" data-rel=\"lightbox-gallery-2\"><img loading=\"lazy\" decoding=\"async\" width=\"150\" height=\"150\" src=\"https:\/\/www.arquimaster.com.ar\/web\/wp-content\/uploads\/2014\/06\/vivienda_modular51-150x150.jpg\" class=\"attachment-thumbnail size-thumbnail\" alt=\"\" aria-describedby=\"gallery-2-7808\" srcset=\"https:\/\/www.arquimaster.com.ar\/web\/wp-content\/uploads\/2014\/06\/vivienda_modular51-150x150.jpg 150w, https:\/\/www.arquimaster.com.ar\/web\/wp-content\/uploads\/2014\/06\/vivienda_modular51-50x50.jpg 50w, https:\/\/www.arquimaster.com.ar\/web\/wp-content\/uploads\/2014\/06\/vivienda_modular51-125x125.jpg 125w\" sizes=\"auto, (max-width: 150px) 100vw, 150px\" \/><\/a>\n\t\t\t<\/div>\n\t\t\t\t<figcaption class='wp-caption-text gallery-caption' id='gallery-2-7808'>\n\t\t\t\tVivienda modular sostenible 983 \/ Estudio DReam (proceso constructivo)\n\t\t\t\t<\/figcaption><\/figure><figure class='gallery-item'>\n\t\t\t<div class='gallery-icon landscape'>\n\t\t\t\t<a href='https:\/\/www.arquimaster.com.ar\/web\/wp-content\/uploads\/2014\/06\/vivienda_modular52.jpg' title=\"Vivienda modular sostenible 983 \/ Estudio DReam (proceso constructivo)\" data-rl_title=\"Vivienda modular sostenible 983 \/ Estudio DReam (proceso constructivo)\" class=\"rl-gallery-link\" data-rl_caption=\"Vivienda modular sostenible 983 \/ Estudio DReam (proceso constructivo)\" data-rel=\"lightbox-gallery-2\"><img loading=\"lazy\" decoding=\"async\" width=\"150\" height=\"150\" src=\"https:\/\/www.arquimaster.com.ar\/web\/wp-content\/uploads\/2014\/06\/vivienda_modular52-150x150.jpg\" class=\"attachment-thumbnail size-thumbnail\" alt=\"\" aria-describedby=\"gallery-2-7809\" srcset=\"https:\/\/www.arquimaster.com.ar\/web\/wp-content\/uploads\/2014\/06\/vivienda_modular52-150x150.jpg 150w, https:\/\/www.arquimaster.com.ar\/web\/wp-content\/uploads\/2014\/06\/vivienda_modular52-50x50.jpg 50w, https:\/\/www.arquimaster.com.ar\/web\/wp-content\/uploads\/2014\/06\/vivienda_modular52-125x125.jpg 125w\" sizes=\"auto, (max-width: 150px) 100vw, 150px\" \/><\/a>\n\t\t\t<\/div>\n\t\t\t\t<figcaption class='wp-caption-text gallery-caption' id='gallery-2-7809'>\n\t\t\t\tVivienda modular sostenible 983 \/ Estudio DReam (proceso constructivo)\n\t\t\t\t<\/figcaption><\/figure><figure class='gallery-item'>\n\t\t\t<div class='gallery-icon landscape'>\n\t\t\t\t<a href='https:\/\/www.arquimaster.com.ar\/web\/wp-content\/uploads\/2014\/06\/vivienda_modular53.jpg' title=\"Vivienda modular sostenible 983 \/ Estudio DReam (proceso constructivo)\" data-rl_title=\"Vivienda modular sostenible 983 \/ Estudio DReam (proceso constructivo)\" class=\"rl-gallery-link\" data-rl_caption=\"Vivienda modular sostenible 983 \/ Estudio DReam (proceso constructivo)\" data-rel=\"lightbox-gallery-2\"><img loading=\"lazy\" decoding=\"async\" width=\"150\" height=\"150\" src=\"https:\/\/www.arquimaster.com.ar\/web\/wp-content\/uploads\/2014\/06\/vivienda_modular53-150x150.jpg\" class=\"attachment-thumbnail size-thumbnail\" alt=\"\" aria-describedby=\"gallery-2-7810\" srcset=\"https:\/\/www.arquimaster.com.ar\/web\/wp-content\/uploads\/2014\/06\/vivienda_modular53-150x150.jpg 150w, https:\/\/www.arquimaster.com.ar\/web\/wp-content\/uploads\/2014\/06\/vivienda_modular53-50x50.jpg 50w, https:\/\/www.arquimaster.com.ar\/web\/wp-content\/uploads\/2014\/06\/vivienda_modular53-125x125.jpg 125w\" sizes=\"auto, (max-width: 150px) 100vw, 150px\" \/><\/a>\n\t\t\t<\/div>\n\t\t\t\t<figcaption class='wp-caption-text gallery-caption' id='gallery-2-7810'>\n\t\t\t\tVivienda modular sostenible 983 \/ Estudio DReam (proceso constructivo)\n\t\t\t\t<\/figcaption><\/figure><figure class='gallery-item'>\n\t\t\t<div class='gallery-icon landscape'>\n\t\t\t\t<a href='https:\/\/www.arquimaster.com.ar\/web\/wp-content\/uploads\/2014\/06\/vivienda_modular54.jpg' title=\"Vivienda modular sostenible 983 \/ Estudio DReam (proceso constructivo)\" data-rl_title=\"Vivienda modular sostenible 983 \/ Estudio DReam (proceso constructivo)\" class=\"rl-gallery-link\" data-rl_caption=\"Vivienda modular sostenible 983 \/ Estudio DReam (proceso constructivo)\" data-rel=\"lightbox-gallery-2\"><img loading=\"lazy\" decoding=\"async\" width=\"150\" height=\"150\" src=\"https:\/\/www.arquimaster.com.ar\/web\/wp-content\/uploads\/2014\/06\/vivienda_modular54-150x150.jpg\" class=\"attachment-thumbnail size-thumbnail\" alt=\"\" aria-describedby=\"gallery-2-7811\" srcset=\"https:\/\/www.arquimaster.com.ar\/web\/wp-content\/uploads\/2014\/06\/vivienda_modular54-150x150.jpg 150w, https:\/\/www.arquimaster.com.ar\/web\/wp-content\/uploads\/2014\/06\/vivienda_modular54-50x50.jpg 50w, https:\/\/www.arquimaster.com.ar\/web\/wp-content\/uploads\/2014\/06\/vivienda_modular54-125x125.jpg 125w\" sizes=\"auto, (max-width: 150px) 100vw, 150px\" \/><\/a>\n\t\t\t<\/div>\n\t\t\t\t<figcaption class='wp-caption-text gallery-caption' id='gallery-2-7811'>\n\t\t\t\tVivienda modular sostenible 983 \/ Estudio DReam (proceso constructivo)\n\t\t\t\t<\/figcaption><\/figure><figure class='gallery-item'>\n\t\t\t<div class='gallery-icon landscape'>\n\t\t\t\t<a href='https:\/\/www.arquimaster.com.ar\/web\/wp-content\/uploads\/2014\/06\/vivienda_modular55.jpg' title=\"Vivienda modular sostenible 983 \/ Estudio DReam (proceso constructivo)\" data-rl_title=\"Vivienda modular sostenible 983 \/ Estudio DReam (proceso constructivo)\" class=\"rl-gallery-link\" data-rl_caption=\"Vivienda modular sostenible 983 \/ Estudio DReam (proceso constructivo)\" data-rel=\"lightbox-gallery-2\"><img loading=\"lazy\" decoding=\"async\" width=\"150\" height=\"150\" src=\"https:\/\/www.arquimaster.com.ar\/web\/wp-content\/uploads\/2014\/06\/vivienda_modular55-150x150.jpg\" class=\"attachment-thumbnail size-thumbnail\" alt=\"\" aria-describedby=\"gallery-2-7812\" srcset=\"https:\/\/www.arquimaster.com.ar\/web\/wp-content\/uploads\/2014\/06\/vivienda_modular55-150x150.jpg 150w, https:\/\/www.arquimaster.com.ar\/web\/wp-content\/uploads\/2014\/06\/vivienda_modular55-50x50.jpg 50w, https:\/\/www.arquimaster.com.ar\/web\/wp-content\/uploads\/2014\/06\/vivienda_modular55-125x125.jpg 125w\" sizes=\"auto, (max-width: 150px) 100vw, 150px\" \/><\/a>\n\t\t\t<\/div>\n\t\t\t\t<figcaption class='wp-caption-text gallery-caption' id='gallery-2-7812'>\n\t\t\t\tVivienda modular sostenible 983 \/ Estudio DReam (proceso constructivo)\n\t\t\t\t<\/figcaption><\/figure><figure class='gallery-item'>\n\t\t\t<div class='gallery-icon landscape'>\n\t\t\t\t<a href='https:\/\/www.arquimaster.com.ar\/web\/wp-content\/uploads\/2014\/06\/vivienda_modular56.jpg' title=\"Vivienda modular sostenible 983 \/ Estudio DReam (proceso constructivo)\" data-rl_title=\"Vivienda modular sostenible 983 \/ Estudio DReam (proceso constructivo)\" class=\"rl-gallery-link\" data-rl_caption=\"Vivienda modular sostenible 983 \/ Estudio DReam (proceso constructivo)\" data-rel=\"lightbox-gallery-2\"><img loading=\"lazy\" decoding=\"async\" width=\"150\" height=\"150\" src=\"https:\/\/www.arquimaster.com.ar\/web\/wp-content\/uploads\/2014\/06\/vivienda_modular56-150x150.jpg\" class=\"attachment-thumbnail size-thumbnail\" alt=\"\" aria-describedby=\"gallery-2-7813\" srcset=\"https:\/\/www.arquimaster.com.ar\/web\/wp-content\/uploads\/2014\/06\/vivienda_modular56-150x150.jpg 150w, https:\/\/www.arquimaster.com.ar\/web\/wp-content\/uploads\/2014\/06\/vivienda_modular56-50x50.jpg 50w, https:\/\/www.arquimaster.com.ar\/web\/wp-content\/uploads\/2014\/06\/vivienda_modular56-125x125.jpg 125w\" sizes=\"auto, (max-width: 150px) 100vw, 150px\" \/><\/a>\n\t\t\t<\/div>\n\t\t\t\t<figcaption class='wp-caption-text gallery-caption' id='gallery-2-7813'>\n\t\t\t\tVivienda modular sostenible 983 \/ Estudio DReam (proceso constructivo)\n\t\t\t\t<\/figcaption><\/figure><figure class='gallery-item'>\n\t\t\t<div class='gallery-icon landscape'>\n\t\t\t\t<a href='https:\/\/www.arquimaster.com.ar\/web\/wp-content\/uploads\/2014\/06\/vivienda_modular57.jpg' title=\"Vivienda modular sostenible 983 \/ Estudio DReam (proceso constructivo)\" data-rl_title=\"Vivienda modular sostenible 983 \/ Estudio DReam (proceso constructivo)\" class=\"rl-gallery-link\" data-rl_caption=\"Vivienda modular sostenible 983 \/ Estudio DReam (proceso constructivo)\" data-rel=\"lightbox-gallery-2\"><img loading=\"lazy\" decoding=\"async\" width=\"150\" height=\"150\" src=\"https:\/\/www.arquimaster.com.ar\/web\/wp-content\/uploads\/2014\/06\/vivienda_modular57-150x150.jpg\" class=\"attachment-thumbnail size-thumbnail\" alt=\"\" aria-describedby=\"gallery-2-7814\" srcset=\"https:\/\/www.arquimaster.com.ar\/web\/wp-content\/uploads\/2014\/06\/vivienda_modular57-150x150.jpg 150w, https:\/\/www.arquimaster.com.ar\/web\/wp-content\/uploads\/2014\/06\/vivienda_modular57-50x50.jpg 50w, https:\/\/www.arquimaster.com.ar\/web\/wp-content\/uploads\/2014\/06\/vivienda_modular57-125x125.jpg 125w\" sizes=\"auto, (max-width: 150px) 100vw, 150px\" \/><\/a>\n\t\t\t<\/div>\n\t\t\t\t<figcaption class='wp-caption-text gallery-caption' id='gallery-2-7814'>\n\t\t\t\tVivienda modular sostenible 983 \/ Estudio DReam (proceso constructivo)\n\t\t\t\t<\/figcaption><\/figure><figure class='gallery-item'>\n\t\t\t<div class='gallery-icon landscape'>\n\t\t\t\t<a href='https:\/\/www.arquimaster.com.ar\/web\/wp-content\/uploads\/2014\/06\/vivienda_modular58.jpg' title=\"Vivienda modular sostenible 983 \/ Estudio DReam (proceso constructivo)\" data-rl_title=\"Vivienda modular sostenible 983 \/ Estudio DReam (proceso constructivo)\" class=\"rl-gallery-link\" data-rl_caption=\"Vivienda modular sostenible 983 \/ Estudio DReam (proceso constructivo)\" data-rel=\"lightbox-gallery-2\"><img loading=\"lazy\" decoding=\"async\" width=\"150\" height=\"150\" src=\"https:\/\/www.arquimaster.com.ar\/web\/wp-content\/uploads\/2014\/06\/vivienda_modular58-150x150.jpg\" class=\"attachment-thumbnail size-thumbnail\" alt=\"\" aria-describedby=\"gallery-2-7815\" srcset=\"https:\/\/www.arquimaster.com.ar\/web\/wp-content\/uploads\/2014\/06\/vivienda_modular58-150x150.jpg 150w, https:\/\/www.arquimaster.com.ar\/web\/wp-content\/uploads\/2014\/06\/vivienda_modular58-50x50.jpg 50w, https:\/\/www.arquimaster.com.ar\/web\/wp-content\/uploads\/2014\/06\/vivienda_modular58-125x125.jpg 125w\" sizes=\"auto, (max-width: 150px) 100vw, 150px\" \/><\/a>\n\t\t\t<\/div>\n\t\t\t\t<figcaption class='wp-caption-text gallery-caption' id='gallery-2-7815'>\n\t\t\t\tVivienda modular sostenible 983 \/ Estudio DReam (proceso constructivo)\n\t\t\t\t<\/figcaption><\/figure><figure class='gallery-item'>\n\t\t\t<div class='gallery-icon landscape'>\n\t\t\t\t<a href='https:\/\/www.arquimaster.com.ar\/web\/wp-content\/uploads\/2014\/06\/vivienda_modular59.jpg' title=\"Vivienda modular sostenible 983 \/ Estudio DReam (proceso constructivo)\" data-rl_title=\"Vivienda modular sostenible 983 \/ Estudio DReam (proceso constructivo)\" class=\"rl-gallery-link\" data-rl_caption=\"Vivienda modular sostenible 983 \/ Estudio DReam (proceso constructivo)\" data-rel=\"lightbox-gallery-2\"><img loading=\"lazy\" decoding=\"async\" width=\"150\" height=\"150\" src=\"https:\/\/www.arquimaster.com.ar\/web\/wp-content\/uploads\/2014\/06\/vivienda_modular59-150x150.jpg\" class=\"attachment-thumbnail size-thumbnail\" alt=\"\" aria-describedby=\"gallery-2-7816\" srcset=\"https:\/\/www.arquimaster.com.ar\/web\/wp-content\/uploads\/2014\/06\/vivienda_modular59-150x150.jpg 150w, https:\/\/www.arquimaster.com.ar\/web\/wp-content\/uploads\/2014\/06\/vivienda_modular59-50x50.jpg 50w, https:\/\/www.arquimaster.com.ar\/web\/wp-content\/uploads\/2014\/06\/vivienda_modular59-125x125.jpg 125w\" sizes=\"auto, (max-width: 150px) 100vw, 150px\" \/><\/a>\n\t\t\t<\/div>\n\t\t\t\t<figcaption class='wp-caption-text gallery-caption' id='gallery-2-7816'>\n\t\t\t\tVivienda modular sostenible 983 \/ Estudio DReam (proceso constructivo)\n\t\t\t\t<\/figcaption><\/figure><figure class='gallery-item'>\n\t\t\t<div class='gallery-icon landscape'>\n\t\t\t\t<a href='https:\/\/www.arquimaster.com.ar\/web\/wp-content\/uploads\/2014\/06\/vivienda_modular60.jpg' title=\"Vivienda modular sostenible 983 \/ Estudio DReam (proceso constructivo)\" data-rl_title=\"Vivienda modular sostenible 983 \/ Estudio DReam (proceso constructivo)\" class=\"rl-gallery-link\" data-rl_caption=\"Vivienda modular sostenible 983 \/ Estudio DReam (proceso constructivo)\" data-rel=\"lightbox-gallery-2\"><img loading=\"lazy\" decoding=\"async\" width=\"150\" height=\"150\" src=\"https:\/\/www.arquimaster.com.ar\/web\/wp-content\/uploads\/2014\/06\/vivienda_modular60-150x150.jpg\" class=\"attachment-thumbnail size-thumbnail\" alt=\"\" aria-describedby=\"gallery-2-7817\" srcset=\"https:\/\/www.arquimaster.com.ar\/web\/wp-content\/uploads\/2014\/06\/vivienda_modular60-150x150.jpg 150w, https:\/\/www.arquimaster.com.ar\/web\/wp-content\/uploads\/2014\/06\/vivienda_modular60-50x50.jpg 50w, https:\/\/www.arquimaster.com.ar\/web\/wp-content\/uploads\/2014\/06\/vivienda_modular60-125x125.jpg 125w\" sizes=\"auto, (max-width: 150px) 100vw, 150px\" \/><\/a>\n\t\t\t<\/div>\n\t\t\t\t<figcaption class='wp-caption-text gallery-caption' id='gallery-2-7817'>\n\t\t\t\tVivienda modular sostenible 983 \/ Estudio DReam (proceso constructivo)\n\t\t\t\t<\/figcaption><\/figure><figure class='gallery-item'>\n\t\t\t<div class='gallery-icon landscape'>\n\t\t\t\t<a href='https:\/\/www.arquimaster.com.ar\/web\/wp-content\/uploads\/2014\/06\/vivienda_modular61.jpg' title=\"Vivienda modular sostenible 983 \/ Estudio DReam (proceso constructivo)\" data-rl_title=\"Vivienda modular sostenible 983 \/ Estudio DReam (proceso constructivo)\" class=\"rl-gallery-link\" data-rl_caption=\"Vivienda modular sostenible 983 \/ Estudio DReam (proceso constructivo)\" data-rel=\"lightbox-gallery-2\"><img loading=\"lazy\" decoding=\"async\" width=\"150\" height=\"150\" src=\"https:\/\/www.arquimaster.com.ar\/web\/wp-content\/uploads\/2014\/06\/vivienda_modular61-150x150.jpg\" class=\"attachment-thumbnail size-thumbnail\" alt=\"\" aria-describedby=\"gallery-2-7818\" srcset=\"https:\/\/www.arquimaster.com.ar\/web\/wp-content\/uploads\/2014\/06\/vivienda_modular61-150x150.jpg 150w, https:\/\/www.arquimaster.com.ar\/web\/wp-content\/uploads\/2014\/06\/vivienda_modular61-50x50.jpg 50w, https:\/\/www.arquimaster.com.ar\/web\/wp-content\/uploads\/2014\/06\/vivienda_modular61-125x125.jpg 125w\" sizes=\"auto, (max-width: 150px) 100vw, 150px\" \/><\/a>\n\t\t\t<\/div>\n\t\t\t\t<figcaption class='wp-caption-text gallery-caption' id='gallery-2-7818'>\n\t\t\t\tVivienda modular sostenible 983 \/ Estudio DReam (proceso constructivo)\n\t\t\t\t<\/figcaption><\/figure><figure class='gallery-item'>\n\t\t\t<div class='gallery-icon landscape'>\n\t\t\t\t<a href='https:\/\/www.arquimaster.com.ar\/web\/wp-content\/uploads\/2014\/06\/vivienda_modular62.jpg' title=\"Vivienda modular sostenible 983 \/ Estudio DReam (proceso constructivo)\" data-rl_title=\"Vivienda modular sostenible 983 \/ Estudio DReam (proceso constructivo)\" class=\"rl-gallery-link\" data-rl_caption=\"Vivienda modular sostenible 983 \/ Estudio DReam (proceso constructivo)\" data-rel=\"lightbox-gallery-2\"><img loading=\"lazy\" decoding=\"async\" width=\"150\" height=\"150\" src=\"https:\/\/www.arquimaster.com.ar\/web\/wp-content\/uploads\/2014\/06\/vivienda_modular62-150x150.jpg\" class=\"attachment-thumbnail size-thumbnail\" alt=\"\" aria-describedby=\"gallery-2-7819\" srcset=\"https:\/\/www.arquimaster.com.ar\/web\/wp-content\/uploads\/2014\/06\/vivienda_modular62-150x150.jpg 150w, https:\/\/www.arquimaster.com.ar\/web\/wp-content\/uploads\/2014\/06\/vivienda_modular62-50x50.jpg 50w, https:\/\/www.arquimaster.com.ar\/web\/wp-content\/uploads\/2014\/06\/vivienda_modular62-125x125.jpg 125w\" sizes=\"auto, (max-width: 150px) 100vw, 150px\" \/><\/a>\n\t\t\t<\/div>\n\t\t\t\t<figcaption class='wp-caption-text gallery-caption' id='gallery-2-7819'>\n\t\t\t\tVivienda modular sostenible 983 \/ Estudio DReam (proceso constructivo)\n\t\t\t\t<\/figcaption><\/figure><figure class='gallery-item'>\n\t\t\t<div class='gallery-icon landscape'>\n\t\t\t\t<a href='https:\/\/www.arquimaster.com.ar\/web\/wp-content\/uploads\/2014\/06\/vivienda_modular63.jpg' title=\"Vivienda modular sostenible 983 \/ Estudio DReam (proceso constructivo)\" data-rl_title=\"Vivienda modular sostenible 983 \/ Estudio DReam (proceso constructivo)\" class=\"rl-gallery-link\" data-rl_caption=\"Vivienda modular sostenible 983 \/ Estudio DReam (proceso constructivo)\" data-rel=\"lightbox-gallery-2\"><img loading=\"lazy\" decoding=\"async\" width=\"150\" height=\"150\" src=\"https:\/\/www.arquimaster.com.ar\/web\/wp-content\/uploads\/2014\/06\/vivienda_modular63-150x150.jpg\" class=\"attachment-thumbnail size-thumbnail\" alt=\"\" aria-describedby=\"gallery-2-7820\" srcset=\"https:\/\/www.arquimaster.com.ar\/web\/wp-content\/uploads\/2014\/06\/vivienda_modular63-150x150.jpg 150w, https:\/\/www.arquimaster.com.ar\/web\/wp-content\/uploads\/2014\/06\/vivienda_modular63-50x50.jpg 50w, https:\/\/www.arquimaster.com.ar\/web\/wp-content\/uploads\/2014\/06\/vivienda_modular63-125x125.jpg 125w\" sizes=\"auto, (max-width: 150px) 100vw, 150px\" \/><\/a>\n\t\t\t<\/div>\n\t\t\t\t<figcaption class='wp-caption-text gallery-caption' id='gallery-2-7820'>\n\t\t\t\tVivienda modular sostenible 983 \/ Estudio DReam (proceso constructivo)\n\t\t\t\t<\/figcaption><\/figure><figure class='gallery-item'>\n\t\t\t<div class='gallery-icon landscape'>\n\t\t\t\t<a href='https:\/\/www.arquimaster.com.ar\/web\/wp-content\/uploads\/2014\/06\/vivienda_modular64.jpg' title=\"Vivienda modular sostenible 983 \/ Estudio DReam (proceso constructivo)\" data-rl_title=\"Vivienda modular sostenible 983 \/ Estudio DReam (proceso constructivo)\" class=\"rl-gallery-link\" data-rl_caption=\"Vivienda modular sostenible 983 \/ Estudio DReam (proceso constructivo)\" data-rel=\"lightbox-gallery-2\"><img loading=\"lazy\" decoding=\"async\" width=\"150\" height=\"150\" src=\"https:\/\/www.arquimaster.com.ar\/web\/wp-content\/uploads\/2014\/06\/vivienda_modular64-150x150.jpg\" class=\"attachment-thumbnail size-thumbnail\" alt=\"\" aria-describedby=\"gallery-2-7821\" srcset=\"https:\/\/www.arquimaster.com.ar\/web\/wp-content\/uploads\/2014\/06\/vivienda_modular64-150x150.jpg 150w, https:\/\/www.arquimaster.com.ar\/web\/wp-content\/uploads\/2014\/06\/vivienda_modular64-50x50.jpg 50w, https:\/\/www.arquimaster.com.ar\/web\/wp-content\/uploads\/2014\/06\/vivienda_modular64-125x125.jpg 125w\" sizes=\"auto, (max-width: 150px) 100vw, 150px\" \/><\/a>\n\t\t\t<\/div>\n\t\t\t\t<figcaption class='wp-caption-text gallery-caption' id='gallery-2-7821'>\n\t\t\t\tVivienda modular sostenible 983 \/ Estudio DReam (proceso constructivo)\n\t\t\t\t<\/figcaption><\/figure><figure class='gallery-item'>\n\t\t\t<div class='gallery-icon landscape'>\n\t\t\t\t<a href='https:\/\/www.arquimaster.com.ar\/web\/wp-content\/uploads\/2014\/06\/vivienda_modular65.jpg' title=\"Vivienda modular sostenible 983 \/ Estudio DReam (proceso constructivo)\" data-rl_title=\"Vivienda modular sostenible 983 \/ Estudio DReam (proceso constructivo)\" class=\"rl-gallery-link\" data-rl_caption=\"Vivienda modular sostenible 983 \/ Estudio DReam (proceso constructivo)\" data-rel=\"lightbox-gallery-2\"><img loading=\"lazy\" decoding=\"async\" width=\"150\" height=\"150\" src=\"https:\/\/www.arquimaster.com.ar\/web\/wp-content\/uploads\/2014\/06\/vivienda_modular65-150x150.jpg\" class=\"attachment-thumbnail size-thumbnail\" alt=\"\" aria-describedby=\"gallery-2-7822\" srcset=\"https:\/\/www.arquimaster.com.ar\/web\/wp-content\/uploads\/2014\/06\/vivienda_modular65-150x150.jpg 150w, https:\/\/www.arquimaster.com.ar\/web\/wp-content\/uploads\/2014\/06\/vivienda_modular65-50x50.jpg 50w, https:\/\/www.arquimaster.com.ar\/web\/wp-content\/uploads\/2014\/06\/vivienda_modular65-125x125.jpg 125w\" sizes=\"auto, (max-width: 150px) 100vw, 150px\" \/><\/a>\n\t\t\t<\/div>\n\t\t\t\t<figcaption class='wp-caption-text gallery-caption' id='gallery-2-7822'>\n\t\t\t\tVivienda modular sostenible 983 \/ Estudio DReam (proceso constructivo)\n\t\t\t\t<\/figcaption><\/figure>\n\t\t<\/div>\n\n<p><strong>\u00bfQu\u00e9 es lo primero que se hizo?<\/strong><br \/>\nLo primero que se realizo, fue la limpieza y el desbroce del terreno. A continuaci\u00f3n, se plantearon las estructuras de cimentaci\u00f3n de acuerdo al tama\u00f1o de m\u00f3dulos met\u00e1licos que se estaban fabricando. Las estructuras se fabricaron en 60 d\u00edas y a los 62 d\u00edas de comenzar la producci\u00f3n, todo el material necesario para la casa, ya estaba descargado en la parcela.<\/p>\n<p><strong>\u00bfComo se dise\u00f1o?<\/strong><br \/>\nEl dise\u00f1o de la vivienda es modular, c\u00fabico y minimalista. Se adaptaron todas las medidas a la log\u00edstica del transporte para que trasladar la vivienda no represente un problema. El dise\u00f1o se realizo pensando en las necesidades de un potencial cliente de clase media-alta con dos ni\u00f1os.<\/p>\n<p><strong>\u00bfComo se fabric\u00f3?<\/strong><br \/>\nLa vivienda se fabrico en nuestra planta de Asturias cortando las vigas de acero de 2400 mm, vigas laminadas en caliente, adaptadas a las medidas dise\u00f1adas. Luego se coloco la chapa colaborante (siempre en fabrica) y finalmente se verti\u00f3 el hormig\u00f3n.<\/p>\n<p><strong>\u00bfComo se transport\u00f3?<\/strong><br \/>\nEl transporte fue muy sencillo y se realizo en camiones tr\u00e1ilers de 12 metros de largo con altura normal.<\/p>\n<p><strong>\u00bfComo se mont\u00f3?<\/strong><br \/>\nEl montaje se hizo en 48 horas y fue extremadamente sencillo ya que todas las piezas ven\u00edan preparadas para un montaje veloz y practico. Se soldaron las columnas verticales a las vigas horizontales que ya formaban parte del modulo, generando las dos cajas en las cuales se albergan las diferentes estancias. Se montaron los m\u00f3dulos con una gr\u00faa (proceso que duro una semana) y luego se coloco todo el panel sandwich perimetral que hace las veces de cerramiento de la unidad. Luego se colocaron las estructuras secundarias para las ventanas exteriores. A continuaci\u00f3n, la estructura secundaria para la colocaci\u00f3n del trasdosado interior de pladur y simult\u00e1neamente la estructura secundaria exterior para colocar la correspondiente fachada ventilada exterior de terminaci\u00f3n.<\/p>\n<p><strong>Acerca del proyectista<\/strong><br \/>\nEstudio DReam es una empresa constituida en 1999 en el seno del grupo Inspace Designworks de California como empresa dedicada al dise\u00f1o, direcci\u00f3n de obra e instalaciones de construcci\u00f3n r\u00e1pida para los sectores de viviendas modulares de dise\u00f1o economicas transportables, desarrollo inmobiliario, real estate y la industria en general. Nuestro equipo de consultor\u00eda ofrece servicios de asesoramiento en construcci\u00f3n r\u00e1pida, liviana, econ\u00f3mica y sistemas de f\u00e1cil soluci\u00f3n para los desaf\u00edos m\u00e1s complejos.<\/p>\n<p><strong>Un nuevo concepto<\/strong><br \/>\nOfrecemos servicios globales que comprenden desde el an\u00e1lisis de la situaci\u00f3n actual hasta la implementaci\u00f3n y seguimiento de acciones, entendiendo este proceso como la base para el desarrollo de un proyecto s\u00f3lido, estable y con garant\u00edas de \u00e9xito. Transparencia, rigor y profesionalidad son los rasgos que definen nuestro compromiso. Nuestra filosof\u00eda de trabajo se basa en el valor de una estrategia o de un plan a medida para el cliente. Asimismo sabemos de lo valioso de una correcta ejecuci\u00f3n del plan. A tal fin, podr\u00edamos decir que el \u00e9xito de un proyecto depende de un plan detallado, pero tambi\u00e9n de una ejecuci\u00f3n excepcional. En este sentido Estudio DReam se basa en cada una de las fases del proyecto en una rigurosa pero a la vez creativa orientaci\u00f3n al mercado y en una consistente profesionalidad en la ejecuci\u00f3n.<\/p>\n<p><strong>Ficha tecnica<\/strong><br \/>\nNombre: Vivienda modular sostenible 983<br \/>\nUbicacion: Calle R\u00edo Turia 983, Alberic, Valencia, Espa\u00f1a<br \/>\nProyecto: Estudio DReam (Arq. Daniel Ropero y Arq. Ana Comas)<br \/>\nTipologia: vivienda unifamiliar<br \/>\nSuperficie construida: 150 m2<br \/>\nSuperficie del terreno: 2300 m2<br \/>\nFacebook<strong>:<\/strong> estudiodream<\/p>\n\n<div style=\"font-size: 0px; height: 0px; line-height: 0px; margin: 0; padding: 0; clear: both;\"><\/div><div style=\"margin-top: 0px; margin-bottom: 0px;\" class=\"sharethis-inline-share-buttons\" ><\/div>","protected":false},"excerpt":{"rendered":"<p>Vivienda sostenible desarrollada con sistema modular de paneles tipo \u00abs\u00e1ndwich\u00bb&#8230;<\/p>\n","protected":false},"author":1,"featured_media":7757,"comment_status":"closed","ping_status":"closed","sticky":false,"template":"","format":"standard","meta":{"_uag_custom_page_level_css":"","footnotes":""},"categories":[857,1,83],"tags":[43,2109,1678,838,843,104,2110,1047,260],"class_list":["post-7755","post","type-post","status-publish","format-standard","has-post-thumbnail","hentry","category-arquitectura-sustentable-proyecto","category-proyecto","category-vivienda-unifamiliar","tag-aislacion-termica","tag-alberic","tag-arquitectura-modular","tag-arquitectura-sostenible","tag-casa-sustentable","tag-espana","tag-estudio-dream","tag-prefabricacion","tag-valencia","generate-columns","tablet-grid-50","mobile-grid-100","grid-parent","grid-50"],"yoast_head":"<!-- This site is optimized with the Yoast SEO plugin v27.3 - https:\/\/yoast.com\/product\/yoast-seo-wordpress\/ -->\n<title>Vivienda modular sostenible 983 \/ Estudio DReam - Arquimaster<\/title>\n<meta name=\"robots\" content=\"index, follow, max-snippet:-1, max-image-preview:large, max-video-preview:-1\" \/>\n<link rel=\"canonical\" href=\"https:\/\/www.arquimaster.com.ar\/web\/vivienda-modular-sostenible-983-estudio-dream\/\" \/>\n<meta property=\"og:locale\" content=\"es_ES\" \/>\n<meta property=\"og:type\" content=\"article\" \/>\n<meta property=\"og:title\" content=\"Vivienda modular sostenible 983 \/ Estudio DReam - Arquimaster\" \/>\n<meta property=\"og:description\" content=\"Vivienda sostenible desarrollada con sistema modular de paneles tipo &quot;s\u00e1ndwich&quot;...\" \/>\n<meta property=\"og:url\" content=\"https:\/\/www.arquimaster.com.ar\/web\/vivienda-modular-sostenible-983-estudio-dream\/\" \/>\n<meta property=\"og:site_name\" content=\"Arquimaster\" \/>\n<meta property=\"article:publisher\" content=\"http:\/\/www.facebook.com\/ARQUIMASTER.com.ar\" \/>\n<meta property=\"article:published_time\" content=\"2014-06-05T03:30:00+00:00\" \/>\n<meta property=\"article:modified_time\" content=\"2026-03-29T23:39:29+00:00\" \/>\n<meta property=\"og:image\" content=\"https:\/\/www.arquimaster.com.ar\/web\/wp-content\/uploads\/2014\/06\/vivienda_modular_slide2.jpg\" \/>\n\t<meta property=\"og:image:width\" content=\"642\" \/>\n\t<meta property=\"og:image:height\" content=\"336\" \/>\n\t<meta property=\"og:image:type\" content=\"image\/jpeg\" \/>\n<meta name=\"author\" content=\"Arquimaster\" \/>\n<meta name=\"twitter:card\" content=\"summary_large_image\" \/>\n<meta name=\"twitter:creator\" content=\"@arquimaster\" \/>\n<meta name=\"twitter:site\" content=\"@arquimaster\" \/>\n<meta name=\"twitter:label1\" content=\"Escrito por\" \/>\n\t<meta name=\"twitter:data1\" content=\"Arquimaster\" \/>\n\t<meta name=\"twitter:label2\" content=\"Tiempo de lectura\" \/>\n\t<meta name=\"twitter:data2\" content=\"5 minutos\" \/>\n<script type=\"application\/ld+json\" class=\"yoast-schema-graph\">{\"@context\":\"https:\\\/\\\/schema.org\",\"@graph\":[{\"@type\":\"Article\",\"@id\":\"https:\\\/\\\/www.arquimaster.com.ar\\\/web\\\/vivienda-modular-sostenible-983-estudio-dream\\\/#article\",\"isPartOf\":{\"@id\":\"https:\\\/\\\/www.arquimaster.com.ar\\\/web\\\/vivienda-modular-sostenible-983-estudio-dream\\\/\"},\"author\":{\"name\":\"Arquimaster\",\"@id\":\"https:\\\/\\\/www.arquimaster.com.ar\\\/web\\\/#\\\/schema\\\/person\\\/359e9f7c00193fcde068e0dd2ceb0028\"},\"headline\":\"Vivienda modular sostenible 983 \\\/ Estudio DReam\",\"datePublished\":\"2014-06-05T03:30:00+00:00\",\"dateModified\":\"2026-03-29T23:39:29+00:00\",\"mainEntityOfPage\":{\"@id\":\"https:\\\/\\\/www.arquimaster.com.ar\\\/web\\\/vivienda-modular-sostenible-983-estudio-dream\\\/\"},\"wordCount\":1060,\"publisher\":{\"@id\":\"https:\\\/\\\/www.arquimaster.com.ar\\\/web\\\/#organization\"},\"image\":{\"@id\":\"https:\\\/\\\/www.arquimaster.com.ar\\\/web\\\/vivienda-modular-sostenible-983-estudio-dream\\\/#primaryimage\"},\"thumbnailUrl\":\"https:\\\/\\\/www.arquimaster.com.ar\\\/web\\\/wp-content\\\/uploads\\\/2014\\\/06\\\/vivienda_modular_slide2.jpg\",\"keywords\":[\"aislacion termica\",\"Alberic\",\"arquitectura modular\",\"arquitectura sostenible\",\"casa sustentable\",\"Espa\u00f1a\",\"Estudio DReam\",\"prefabricacion\",\"Valencia\"],\"articleSection\":[\"Arquitectura sustentable\",\"Proyecto\",\"Vivienda unifamiliar y PH\"],\"inLanguage\":\"es\"},{\"@type\":\"WebPage\",\"@id\":\"https:\\\/\\\/www.arquimaster.com.ar\\\/web\\\/vivienda-modular-sostenible-983-estudio-dream\\\/\",\"url\":\"https:\\\/\\\/www.arquimaster.com.ar\\\/web\\\/vivienda-modular-sostenible-983-estudio-dream\\\/\",\"name\":\"Vivienda modular sostenible 983 \\\/ Estudio DReam - Arquimaster\",\"isPartOf\":{\"@id\":\"https:\\\/\\\/www.arquimaster.com.ar\\\/web\\\/#website\"},\"primaryImageOfPage\":{\"@id\":\"https:\\\/\\\/www.arquimaster.com.ar\\\/web\\\/vivienda-modular-sostenible-983-estudio-dream\\\/#primaryimage\"},\"image\":{\"@id\":\"https:\\\/\\\/www.arquimaster.com.ar\\\/web\\\/vivienda-modular-sostenible-983-estudio-dream\\\/#primaryimage\"},\"thumbnailUrl\":\"https:\\\/\\\/www.arquimaster.com.ar\\\/web\\\/wp-content\\\/uploads\\\/2014\\\/06\\\/vivienda_modular_slide2.jpg\",\"datePublished\":\"2014-06-05T03:30:00+00:00\",\"dateModified\":\"2026-03-29T23:39:29+00:00\",\"breadcrumb\":{\"@id\":\"https:\\\/\\\/www.arquimaster.com.ar\\\/web\\\/vivienda-modular-sostenible-983-estudio-dream\\\/#breadcrumb\"},\"inLanguage\":\"es\",\"potentialAction\":[{\"@type\":\"ReadAction\",\"target\":[\"https:\\\/\\\/www.arquimaster.com.ar\\\/web\\\/vivienda-modular-sostenible-983-estudio-dream\\\/\"]}]},{\"@type\":\"ImageObject\",\"inLanguage\":\"es\",\"@id\":\"https:\\\/\\\/www.arquimaster.com.ar\\\/web\\\/vivienda-modular-sostenible-983-estudio-dream\\\/#primaryimage\",\"url\":\"https:\\\/\\\/www.arquimaster.com.ar\\\/web\\\/wp-content\\\/uploads\\\/2014\\\/06\\\/vivienda_modular_slide2.jpg\",\"contentUrl\":\"https:\\\/\\\/www.arquimaster.com.ar\\\/web\\\/wp-content\\\/uploads\\\/2014\\\/06\\\/vivienda_modular_slide2.jpg\",\"width\":642,\"height\":336},{\"@type\":\"BreadcrumbList\",\"@id\":\"https:\\\/\\\/www.arquimaster.com.ar\\\/web\\\/vivienda-modular-sostenible-983-estudio-dream\\\/#breadcrumb\",\"itemListElement\":[{\"@type\":\"ListItem\",\"position\":1,\"name\":\"Portada\",\"item\":\"https:\\\/\\\/www.arquimaster.com.ar\\\/web\\\/\"},{\"@type\":\"ListItem\",\"position\":2,\"name\":\"Vivienda modular sostenible 983 \\\/ Estudio DReam\"}]},{\"@type\":\"WebSite\",\"@id\":\"https:\\\/\\\/www.arquimaster.com.ar\\\/web\\\/#website\",\"url\":\"https:\\\/\\\/www.arquimaster.com.ar\\\/web\\\/\",\"name\":\"Arquimaster\",\"description\":\"Web de arquitectura, dise\u00f1o y construccion\",\"publisher\":{\"@id\":\"https:\\\/\\\/www.arquimaster.com.ar\\\/web\\\/#organization\"},\"potentialAction\":[{\"@type\":\"SearchAction\",\"target\":{\"@type\":\"EntryPoint\",\"urlTemplate\":\"https:\\\/\\\/www.arquimaster.com.ar\\\/web\\\/?s={search_term_string}\"},\"query-input\":{\"@type\":\"PropertyValueSpecification\",\"valueRequired\":true,\"valueName\":\"search_term_string\"}}],\"inLanguage\":\"es\"},{\"@type\":\"Organization\",\"@id\":\"https:\\\/\\\/www.arquimaster.com.ar\\\/web\\\/#organization\",\"name\":\"Arquimaster\",\"url\":\"https:\\\/\\\/www.arquimaster.com.ar\\\/web\\\/\",\"logo\":{\"@type\":\"ImageObject\",\"inLanguage\":\"es\",\"@id\":\"https:\\\/\\\/www.arquimaster.com.ar\\\/web\\\/#\\\/schema\\\/logo\\\/image\\\/\",\"url\":\"https:\\\/\\\/www.arquimaster.com.ar\\\/web\\\/wp-content\\\/uploads\\\/2022\\\/06\\\/arquimaster.png\",\"contentUrl\":\"https:\\\/\\\/www.arquimaster.com.ar\\\/web\\\/wp-content\\\/uploads\\\/2022\\\/06\\\/arquimaster.png\",\"width\":594,\"height\":78,\"caption\":\"Arquimaster\"},\"image\":{\"@id\":\"https:\\\/\\\/www.arquimaster.com.ar\\\/web\\\/#\\\/schema\\\/logo\\\/image\\\/\"},\"sameAs\":[\"http:\\\/\\\/www.facebook.com\\\/ARQUIMASTER.com.ar\",\"https:\\\/\\\/x.com\\\/arquimaster\",\"https:\\\/\\\/www.instagram.com\\\/arquimasterblog\\\/\",\"https:\\\/\\\/www.linkedin.com\\\/company\\\/arquimaster\",\"https:\\\/\\\/www.pinterest.com\\\/arquimaster\",\"https:\\\/\\\/t.me\\\/arquimaster\"]},{\"@type\":\"Person\",\"@id\":\"https:\\\/\\\/www.arquimaster.com.ar\\\/web\\\/#\\\/schema\\\/person\\\/359e9f7c00193fcde068e0dd2ceb0028\",\"name\":\"Arquimaster\"}]}<\/script>\n<!-- \/ Yoast SEO plugin. -->","yoast_head_json":{"title":"Vivienda modular sostenible 983 \/ Estudio DReam - Arquimaster","robots":{"index":"index","follow":"follow","max-snippet":"max-snippet:-1","max-image-preview":"max-image-preview:large","max-video-preview":"max-video-preview:-1"},"canonical":"https:\/\/www.arquimaster.com.ar\/web\/vivienda-modular-sostenible-983-estudio-dream\/","og_locale":"es_ES","og_type":"article","og_title":"Vivienda modular sostenible 983 \/ Estudio DReam - Arquimaster","og_description":"Vivienda sostenible desarrollada con sistema modular de paneles tipo \"s\u00e1ndwich\"...","og_url":"https:\/\/www.arquimaster.com.ar\/web\/vivienda-modular-sostenible-983-estudio-dream\/","og_site_name":"Arquimaster","article_publisher":"http:\/\/www.facebook.com\/ARQUIMASTER.com.ar","article_published_time":"2014-06-05T03:30:00+00:00","article_modified_time":"2026-03-29T23:39:29+00:00","og_image":[{"width":642,"height":336,"url":"https:\/\/www.arquimaster.com.ar\/web\/wp-content\/uploads\/2014\/06\/vivienda_modular_slide2.jpg","type":"image\/jpeg"}],"author":"Arquimaster","twitter_card":"summary_large_image","twitter_creator":"@arquimaster","twitter_site":"@arquimaster","twitter_misc":{"Escrito por":"Arquimaster","Tiempo de lectura":"5 minutos"},"schema":{"@context":"https:\/\/schema.org","@graph":[{"@type":"Article","@id":"https:\/\/www.arquimaster.com.ar\/web\/vivienda-modular-sostenible-983-estudio-dream\/#article","isPartOf":{"@id":"https:\/\/www.arquimaster.com.ar\/web\/vivienda-modular-sostenible-983-estudio-dream\/"},"author":{"name":"Arquimaster","@id":"https:\/\/www.arquimaster.com.ar\/web\/#\/schema\/person\/359e9f7c00193fcde068e0dd2ceb0028"},"headline":"Vivienda modular sostenible 983 \/ Estudio DReam","datePublished":"2014-06-05T03:30:00+00:00","dateModified":"2026-03-29T23:39:29+00:00","mainEntityOfPage":{"@id":"https:\/\/www.arquimaster.com.ar\/web\/vivienda-modular-sostenible-983-estudio-dream\/"},"wordCount":1060,"publisher":{"@id":"https:\/\/www.arquimaster.com.ar\/web\/#organization"},"image":{"@id":"https:\/\/www.arquimaster.com.ar\/web\/vivienda-modular-sostenible-983-estudio-dream\/#primaryimage"},"thumbnailUrl":"https:\/\/www.arquimaster.com.ar\/web\/wp-content\/uploads\/2014\/06\/vivienda_modular_slide2.jpg","keywords":["aislacion termica","Alberic","arquitectura modular","arquitectura sostenible","casa sustentable","Espa\u00f1a","Estudio DReam","prefabricacion","Valencia"],"articleSection":["Arquitectura sustentable","Proyecto","Vivienda unifamiliar y PH"],"inLanguage":"es"},{"@type":"WebPage","@id":"https:\/\/www.arquimaster.com.ar\/web\/vivienda-modular-sostenible-983-estudio-dream\/","url":"https:\/\/www.arquimaster.com.ar\/web\/vivienda-modular-sostenible-983-estudio-dream\/","name":"Vivienda modular sostenible 983 \/ Estudio DReam - Arquimaster","isPartOf":{"@id":"https:\/\/www.arquimaster.com.ar\/web\/#website"},"primaryImageOfPage":{"@id":"https:\/\/www.arquimaster.com.ar\/web\/vivienda-modular-sostenible-983-estudio-dream\/#primaryimage"},"image":{"@id":"https:\/\/www.arquimaster.com.ar\/web\/vivienda-modular-sostenible-983-estudio-dream\/#primaryimage"},"thumbnailUrl":"https:\/\/www.arquimaster.com.ar\/web\/wp-content\/uploads\/2014\/06\/vivienda_modular_slide2.jpg","datePublished":"2014-06-05T03:30:00+00:00","dateModified":"2026-03-29T23:39:29+00:00","breadcrumb":{"@id":"https:\/\/www.arquimaster.com.ar\/web\/vivienda-modular-sostenible-983-estudio-dream\/#breadcrumb"},"inLanguage":"es","potentialAction":[{"@type":"ReadAction","target":["https:\/\/www.arquimaster.com.ar\/web\/vivienda-modular-sostenible-983-estudio-dream\/"]}]},{"@type":"ImageObject","inLanguage":"es","@id":"https:\/\/www.arquimaster.com.ar\/web\/vivienda-modular-sostenible-983-estudio-dream\/#primaryimage","url":"https:\/\/www.arquimaster.com.ar\/web\/wp-content\/uploads\/2014\/06\/vivienda_modular_slide2.jpg","contentUrl":"https:\/\/www.arquimaster.com.ar\/web\/wp-content\/uploads\/2014\/06\/vivienda_modular_slide2.jpg","width":642,"height":336},{"@type":"BreadcrumbList","@id":"https:\/\/www.arquimaster.com.ar\/web\/vivienda-modular-sostenible-983-estudio-dream\/#breadcrumb","itemListElement":[{"@type":"ListItem","position":1,"name":"Portada","item":"https:\/\/www.arquimaster.com.ar\/web\/"},{"@type":"ListItem","position":2,"name":"Vivienda modular sostenible 983 \/ Estudio DReam"}]},{"@type":"WebSite","@id":"https:\/\/www.arquimaster.com.ar\/web\/#website","url":"https:\/\/www.arquimaster.com.ar\/web\/","name":"Arquimaster","description":"Web de arquitectura, dise\u00f1o y construccion","publisher":{"@id":"https:\/\/www.arquimaster.com.ar\/web\/#organization"},"potentialAction":[{"@type":"SearchAction","target":{"@type":"EntryPoint","urlTemplate":"https:\/\/www.arquimaster.com.ar\/web\/?s={search_term_string}"},"query-input":{"@type":"PropertyValueSpecification","valueRequired":true,"valueName":"search_term_string"}}],"inLanguage":"es"},{"@type":"Organization","@id":"https:\/\/www.arquimaster.com.ar\/web\/#organization","name":"Arquimaster","url":"https:\/\/www.arquimaster.com.ar\/web\/","logo":{"@type":"ImageObject","inLanguage":"es","@id":"https:\/\/www.arquimaster.com.ar\/web\/#\/schema\/logo\/image\/","url":"https:\/\/www.arquimaster.com.ar\/web\/wp-content\/uploads\/2022\/06\/arquimaster.png","contentUrl":"https:\/\/www.arquimaster.com.ar\/web\/wp-content\/uploads\/2022\/06\/arquimaster.png","width":594,"height":78,"caption":"Arquimaster"},"image":{"@id":"https:\/\/www.arquimaster.com.ar\/web\/#\/schema\/logo\/image\/"},"sameAs":["http:\/\/www.facebook.com\/ARQUIMASTER.com.ar","https:\/\/x.com\/arquimaster","https:\/\/www.instagram.com\/arquimasterblog\/","https:\/\/www.linkedin.com\/company\/arquimaster","https:\/\/www.pinterest.com\/arquimaster","https:\/\/t.me\/arquimaster"]},{"@type":"Person","@id":"https:\/\/www.arquimaster.com.ar\/web\/#\/schema\/person\/359e9f7c00193fcde068e0dd2ceb0028","name":"Arquimaster"}]}},"uagb_featured_image_src":{"full":["https:\/\/www.arquimaster.com.ar\/web\/wp-content\/uploads\/2014\/06\/vivienda_modular_slide2.jpg",642,336,false],"thumbnail":["https:\/\/www.arquimaster.com.ar\/web\/wp-content\/uploads\/2014\/06\/vivienda_modular_slide2-150x150.jpg",150,150,true],"medium":["https:\/\/www.arquimaster.com.ar\/web\/wp-content\/uploads\/2014\/06\/vivienda_modular_slide2-300x157.jpg",300,157,true],"medium_large":["https:\/\/www.arquimaster.com.ar\/web\/wp-content\/uploads\/2014\/06\/vivienda_modular_slide2.jpg",642,336,false],"large":["https:\/\/www.arquimaster.com.ar\/web\/wp-content\/uploads\/2014\/06\/vivienda_modular_slide2.jpg",642,336,false],"1536x1536":["https:\/\/www.arquimaster.com.ar\/web\/wp-content\/uploads\/2014\/06\/vivienda_modular_slide2.jpg",642,336,false],"2048x2048":["https:\/\/www.arquimaster.com.ar\/web\/wp-content\/uploads\/2014\/06\/vivienda_modular_slide2.jpg",642,336,false]},"uagb_author_info":{"display_name":"Arquimaster","author_link":"https:\/\/www.arquimaster.com.ar\/web\/author\/arquimaster\/"},"uagb_comment_info":0,"uagb_excerpt":"Vivienda sostenible desarrollada con sistema modular de paneles tipo \"s\u00e1ndwich\"...","_links":{"self":[{"href":"https:\/\/www.arquimaster.com.ar\/web\/wp-json\/wp\/v2\/posts\/7755","targetHints":{"allow":["GET"]}}],"collection":[{"href":"https:\/\/www.arquimaster.com.ar\/web\/wp-json\/wp\/v2\/posts"}],"about":[{"href":"https:\/\/www.arquimaster.com.ar\/web\/wp-json\/wp\/v2\/types\/post"}],"author":[{"embeddable":true,"href":"https:\/\/www.arquimaster.com.ar\/web\/wp-json\/wp\/v2\/users\/1"}],"replies":[{"embeddable":true,"href":"https:\/\/www.arquimaster.com.ar\/web\/wp-json\/wp\/v2\/comments?post=7755"}],"version-history":[{"count":1,"href":"https:\/\/www.arquimaster.com.ar\/web\/wp-json\/wp\/v2\/posts\/7755\/revisions"}],"predecessor-version":[{"id":88262,"href":"https:\/\/www.arquimaster.com.ar\/web\/wp-json\/wp\/v2\/posts\/7755\/revisions\/88262"}],"wp:featuredmedia":[{"embeddable":true,"href":"https:\/\/www.arquimaster.com.ar\/web\/wp-json\/wp\/v2\/media\/7757"}],"wp:attachment":[{"href":"https:\/\/www.arquimaster.com.ar\/web\/wp-json\/wp\/v2\/media?parent=7755"}],"wp:term":[{"taxonomy":"category","embeddable":true,"href":"https:\/\/www.arquimaster.com.ar\/web\/wp-json\/wp\/v2\/categories?post=7755"},{"taxonomy":"post_tag","embeddable":true,"href":"https:\/\/www.arquimaster.com.ar\/web\/wp-json\/wp\/v2\/tags?post=7755"}],"curies":[{"name":"wp","href":"https:\/\/api.w.org\/{rel}","templated":true}]}}