{"id":77617,"date":"2023-09-15T13:32:01","date_gmt":"2023-09-15T16:32:01","guid":{"rendered":"https:\/\/www.arquimaster.com.ar\/web\/?p=77617"},"modified":"2023-10-06T13:10:37","modified_gmt":"2023-10-06T16:10:37","slug":"casa-perdomo-tatu-arquitectura","status":"publish","type":"post","link":"https:\/\/www.arquimaster.com.ar\/web\/casa-perdomo-tatu-arquitectura\/","title":{"rendered":"Casa Perdomo \/ TATU Arquitectura"},"content":{"rendered":"<div style=\"margin-top: 0px; margin-bottom: 0px;\" class=\"sharethis-inline-share-buttons\" ><\/div><div class=\"b812932af2e751442846f039925109de\" data-index=\"1\" style=\"float: none; margin:25px 0 25px 0; text-align:center;\">\n<script async src=\"https:\/\/pagead2.googlesyndication.com\/pagead\/js\/adsbygoogle.js\"><\/script>\r\n<!-- Arquimaster (superior) -->\r\n<ins class=\"adsbygoogle\"\r\n     style=\"display:block\"\r\n     data-ad-client=\"ca-pub-6351072698456832\"\r\n     data-ad-slot=\"6455489680\"\r\n     data-ad-format=\"auto\"\r\n     data-full-width-responsive=\"true\"><\/ins>\r\n<script>\r\n     (adsbygoogle = window.adsbygoogle || []).push({});\r\n<\/script>\n<\/div>\n<p><strong>Casa Perdomo<\/strong> (Pueblo Ed\u00e9n, Maldonado, Uruguay) por <strong>TATU Arquitectura<\/strong>. La casa es la construcci\u00f3n principal de un sistema de elementos interrelacionados entre s\u00ed y con el paisaje que se planificaron para colonizar un territorio de cinco hect\u00e1reas en una zona rural del departamento de Maldonado, Uruguay. Se trabaj\u00f3 bajo la premisa de disgregar estos componentes en el paisaje para construir un itinerario de eventos que invitara a los usuarios a recorrer y vivir gran parte del territorio dominado.<\/p>\n<div id='gallery-1' class='gallery galleryid-77617 gallery-columns-3 gallery-size-thumbnail'><figure class='gallery-item'>\n\t\t\t<div class='gallery-icon landscape'>\n\t\t\t\t<a href='https:\/\/www.arquimaster.com.ar\/web\/wp-content\/uploads\/2023\/09\/casa_perdomo1.jpg' title=\"Casa Perdomo \/ TATU Arquitectura (\u00a9 Marco Guiponi)\" data-rl_title=\"Casa Perdomo \/ TATU Arquitectura (\u00a9 Marco Guiponi)\" class=\"rl-gallery-link\" data-rl_caption=\"Casa Perdomo \/ TATU Arquitectura (\u00a9 Marco Guiponi)\" data-rel=\"lightbox-gallery-1\"><img loading=\"lazy\" decoding=\"async\" width=\"150\" height=\"150\" src=\"https:\/\/www.arquimaster.com.ar\/web\/wp-content\/uploads\/2023\/09\/casa_perdomo1-150x150.jpg\" class=\"attachment-thumbnail size-thumbnail\" alt=\"Casa Perdomo \/ TATU Arquitectura\" aria-describedby=\"gallery-1-77621\" \/><\/a>\n\t\t\t<\/div>\n\t\t\t\t<figcaption class='wp-caption-text gallery-caption' id='gallery-1-77621'>\n\t\t\t\tCasa Perdomo \/ TATU Arquitectura (\u00a9 Marco Guiponi)\n\t\t\t\t<\/figcaption><\/figure><figure class='gallery-item'>\n\t\t\t<div class='gallery-icon portrait'>\n\t\t\t\t<a href='https:\/\/www.arquimaster.com.ar\/web\/wp-content\/uploads\/2023\/09\/casa_perdomo2.jpg' title=\"Casa Perdomo \/ TATU Arquitectura (\u00a9 Marco Guiponi)\" data-rl_title=\"Casa Perdomo \/ TATU Arquitectura (\u00a9 Marco Guiponi)\" class=\"rl-gallery-link\" data-rl_caption=\"Casa Perdomo \/ TATU Arquitectura (\u00a9 Marco Guiponi)\" data-rel=\"lightbox-gallery-1\"><img loading=\"lazy\" decoding=\"async\" width=\"150\" height=\"150\" src=\"https:\/\/www.arquimaster.com.ar\/web\/wp-content\/uploads\/2023\/09\/casa_perdomo2-150x150.jpg\" class=\"attachment-thumbnail size-thumbnail\" alt=\"Casa Perdomo \/ TATU Arquitectura\" aria-describedby=\"gallery-1-77622\" \/><\/a>\n\t\t\t<\/div>\n\t\t\t\t<figcaption class='wp-caption-text gallery-caption' id='gallery-1-77622'>\n\t\t\t\tCasa Perdomo \/ TATU Arquitectura (\u00a9 Marco Guiponi)\n\t\t\t\t<\/figcaption><\/figure><figure class='gallery-item'>\n\t\t\t<div class='gallery-icon portrait'>\n\t\t\t\t<a href='https:\/\/www.arquimaster.com.ar\/web\/wp-content\/uploads\/2023\/09\/casa_perdomo3.jpg' title=\"Casa Perdomo \/ TATU Arquitectura (\u00a9 Marco Guiponi)\" data-rl_title=\"Casa Perdomo \/ TATU Arquitectura (\u00a9 Marco Guiponi)\" class=\"rl-gallery-link\" data-rl_caption=\"Casa Perdomo \/ TATU Arquitectura (\u00a9 Marco Guiponi)\" data-rel=\"lightbox-gallery-1\"><img loading=\"lazy\" decoding=\"async\" width=\"150\" height=\"150\" src=\"https:\/\/www.arquimaster.com.ar\/web\/wp-content\/uploads\/2023\/09\/casa_perdomo3-150x150.jpg\" class=\"attachment-thumbnail size-thumbnail\" alt=\"Casa Perdomo \/ TATU Arquitectura\" aria-describedby=\"gallery-1-77623\" \/><\/a>\n\t\t\t<\/div>\n\t\t\t\t<figcaption class='wp-caption-text gallery-caption' id='gallery-1-77623'>\n\t\t\t\tCasa Perdomo \/ TATU Arquitectura (\u00a9 Marco Guiponi)\n\t\t\t\t<\/figcaption><\/figure><figure class='gallery-item'>\n\t\t\t<div class='gallery-icon portrait'>\n\t\t\t\t<a href='https:\/\/www.arquimaster.com.ar\/web\/wp-content\/uploads\/2023\/09\/casa_perdomo4.jpg' title=\"Casa Perdomo \/ TATU Arquitectura (\u00a9 Marco Guiponi)\" data-rl_title=\"Casa Perdomo \/ TATU Arquitectura (\u00a9 Marco Guiponi)\" class=\"rl-gallery-link\" data-rl_caption=\"Casa Perdomo \/ TATU Arquitectura (\u00a9 Marco Guiponi)\" data-rel=\"lightbox-gallery-1\"><img loading=\"lazy\" decoding=\"async\" width=\"150\" height=\"150\" src=\"https:\/\/www.arquimaster.com.ar\/web\/wp-content\/uploads\/2023\/09\/casa_perdomo4-150x150.jpg\" class=\"attachment-thumbnail size-thumbnail\" alt=\"Casa Perdomo \/ TATU Arquitectura\" aria-describedby=\"gallery-1-77624\" \/><\/a>\n\t\t\t<\/div>\n\t\t\t\t<figcaption class='wp-caption-text gallery-caption' id='gallery-1-77624'>\n\t\t\t\tCasa Perdomo \/ TATU Arquitectura (\u00a9 Marco Guiponi)\n\t\t\t\t<\/figcaption><\/figure><figure class='gallery-item'>\n\t\t\t<div class='gallery-icon landscape'>\n\t\t\t\t<a href='https:\/\/www.arquimaster.com.ar\/web\/wp-content\/uploads\/2023\/09\/casa_perdomo5.jpg' title=\"Casa Perdomo \/ TATU Arquitectura (\u00a9 Marco Guiponi)\" data-rl_title=\"Casa Perdomo \/ TATU Arquitectura (\u00a9 Marco Guiponi)\" class=\"rl-gallery-link\" data-rl_caption=\"Casa Perdomo \/ TATU Arquitectura (\u00a9 Marco Guiponi)\" data-rel=\"lightbox-gallery-1\"><img loading=\"lazy\" decoding=\"async\" width=\"150\" height=\"150\" src=\"https:\/\/www.arquimaster.com.ar\/web\/wp-content\/uploads\/2023\/09\/casa_perdomo5-150x150.jpg\" class=\"attachment-thumbnail size-thumbnail\" alt=\"Casa Perdomo \/ TATU Arquitectura\" aria-describedby=\"gallery-1-77625\" \/><\/a>\n\t\t\t<\/div>\n\t\t\t\t<figcaption class='wp-caption-text gallery-caption' id='gallery-1-77625'>\n\t\t\t\tCasa Perdomo \/ TATU Arquitectura (\u00a9 Marco Guiponi)\n\t\t\t\t<\/figcaption><\/figure><figure class='gallery-item'>\n\t\t\t<div class='gallery-icon landscape'>\n\t\t\t\t<a href='https:\/\/www.arquimaster.com.ar\/web\/wp-content\/uploads\/2023\/09\/casa_perdomo6.jpg' title=\"Casa Perdomo \/ TATU Arquitectura (\u00a9 Marco Guiponi)\" data-rl_title=\"Casa Perdomo \/ TATU Arquitectura (\u00a9 Marco Guiponi)\" class=\"rl-gallery-link\" data-rl_caption=\"Casa Perdomo \/ TATU Arquitectura (\u00a9 Marco Guiponi)\" data-rel=\"lightbox-gallery-1\"><img loading=\"lazy\" decoding=\"async\" width=\"150\" height=\"150\" src=\"https:\/\/www.arquimaster.com.ar\/web\/wp-content\/uploads\/2023\/09\/casa_perdomo6-150x150.jpg\" class=\"attachment-thumbnail size-thumbnail\" alt=\"Casa Perdomo \/ TATU Arquitectura\" aria-describedby=\"gallery-1-77626\" \/><\/a>\n\t\t\t<\/div>\n\t\t\t\t<figcaption class='wp-caption-text gallery-caption' id='gallery-1-77626'>\n\t\t\t\tCasa Perdomo \/ TATU Arquitectura (\u00a9 Marco Guiponi)\n\t\t\t\t<\/figcaption><\/figure><figure class='gallery-item'>\n\t\t\t<div class='gallery-icon landscape'>\n\t\t\t\t<a href='https:\/\/www.arquimaster.com.ar\/web\/wp-content\/uploads\/2023\/09\/casa_perdomo7.jpg' title=\"Casa Perdomo \/ TATU Arquitectura (\u00a9 Marco Guiponi)\" data-rl_title=\"Casa Perdomo \/ TATU Arquitectura (\u00a9 Marco Guiponi)\" class=\"rl-gallery-link\" data-rl_caption=\"Casa Perdomo \/ TATU Arquitectura (\u00a9 Marco Guiponi)\" data-rel=\"lightbox-gallery-1\"><img loading=\"lazy\" decoding=\"async\" width=\"150\" height=\"150\" src=\"https:\/\/www.arquimaster.com.ar\/web\/wp-content\/uploads\/2023\/09\/casa_perdomo7-150x150.jpg\" class=\"attachment-thumbnail size-thumbnail\" alt=\"Casa Perdomo \/ TATU Arquitectura\" aria-describedby=\"gallery-1-77627\" \/><\/a>\n\t\t\t<\/div>\n\t\t\t\t<figcaption class='wp-caption-text gallery-caption' id='gallery-1-77627'>\n\t\t\t\tCasa Perdomo \/ TATU Arquitectura (\u00a9 Marco Guiponi)\n\t\t\t\t<\/figcaption><\/figure><figure class='gallery-item'>\n\t\t\t<div class='gallery-icon landscape'>\n\t\t\t\t<a href='https:\/\/www.arquimaster.com.ar\/web\/wp-content\/uploads\/2023\/09\/casa_perdomo8.jpg' title=\"Casa Perdomo \/ TATU Arquitectura (\u00a9 Marco Guiponi)\" data-rl_title=\"Casa Perdomo \/ TATU Arquitectura (\u00a9 Marco Guiponi)\" class=\"rl-gallery-link\" data-rl_caption=\"Casa Perdomo \/ TATU Arquitectura (\u00a9 Marco Guiponi)\" data-rel=\"lightbox-gallery-1\"><img loading=\"lazy\" decoding=\"async\" width=\"150\" height=\"150\" src=\"https:\/\/www.arquimaster.com.ar\/web\/wp-content\/uploads\/2023\/09\/casa_perdomo8-150x150.jpg\" class=\"attachment-thumbnail size-thumbnail\" alt=\"Casa Perdomo \/ TATU Arquitectura\" aria-describedby=\"gallery-1-77628\" \/><\/a>\n\t\t\t<\/div>\n\t\t\t\t<figcaption class='wp-caption-text gallery-caption' id='gallery-1-77628'>\n\t\t\t\tCasa Perdomo \/ TATU Arquitectura (\u00a9 Marco Guiponi)\n\t\t\t\t<\/figcaption><\/figure><figure class='gallery-item'>\n\t\t\t<div class='gallery-icon landscape'>\n\t\t\t\t<a href='https:\/\/www.arquimaster.com.ar\/web\/wp-content\/uploads\/2023\/09\/casa_perdomo9.jpg' title=\"Casa Perdomo \/ TATU Arquitectura (\u00a9 Marco Guiponi)\" data-rl_title=\"Casa Perdomo \/ TATU Arquitectura (\u00a9 Marco Guiponi)\" class=\"rl-gallery-link\" data-rl_caption=\"Casa Perdomo \/ TATU Arquitectura (\u00a9 Marco Guiponi)\" data-rel=\"lightbox-gallery-1\"><img loading=\"lazy\" decoding=\"async\" width=\"150\" height=\"150\" src=\"https:\/\/www.arquimaster.com.ar\/web\/wp-content\/uploads\/2023\/09\/casa_perdomo9-150x150.jpg\" class=\"attachment-thumbnail size-thumbnail\" alt=\"Casa Perdomo \/ TATU Arquitectura\" aria-describedby=\"gallery-1-77629\" \/><\/a>\n\t\t\t<\/div>\n\t\t\t\t<figcaption class='wp-caption-text gallery-caption' id='gallery-1-77629'>\n\t\t\t\tCasa Perdomo \/ TATU Arquitectura (\u00a9 Marco Guiponi)\n\t\t\t\t<\/figcaption><\/figure><figure class='gallery-item'>\n\t\t\t<div class='gallery-icon landscape'>\n\t\t\t\t<a href='https:\/\/www.arquimaster.com.ar\/web\/wp-content\/uploads\/2023\/09\/casa_perdomo10.jpg' title=\"Casa Perdomo \/ TATU Arquitectura (\u00a9 Marco Guiponi)\" data-rl_title=\"Casa Perdomo \/ TATU Arquitectura (\u00a9 Marco Guiponi)\" class=\"rl-gallery-link\" data-rl_caption=\"Casa Perdomo \/ TATU Arquitectura (\u00a9 Marco Guiponi)\" data-rel=\"lightbox-gallery-1\"><img loading=\"lazy\" decoding=\"async\" width=\"150\" height=\"150\" src=\"https:\/\/www.arquimaster.com.ar\/web\/wp-content\/uploads\/2023\/09\/casa_perdomo10-150x150.jpg\" class=\"attachment-thumbnail size-thumbnail\" alt=\"Casa Perdomo \/ TATU Arquitectura\" aria-describedby=\"gallery-1-77630\" \/><\/a>\n\t\t\t<\/div>\n\t\t\t\t<figcaption class='wp-caption-text gallery-caption' id='gallery-1-77630'>\n\t\t\t\tCasa Perdomo \/ TATU Arquitectura (\u00a9 Marco Guiponi)\n\t\t\t\t<\/figcaption><\/figure><figure class='gallery-item'>\n\t\t\t<div class='gallery-icon landscape'>\n\t\t\t\t<a href='https:\/\/www.arquimaster.com.ar\/web\/wp-content\/uploads\/2023\/09\/casa_perdomo11.jpg' title=\"Casa Perdomo \/ TATU Arquitectura (\u00a9 Marco Guiponi)\" data-rl_title=\"Casa Perdomo \/ TATU Arquitectura (\u00a9 Marco Guiponi)\" class=\"rl-gallery-link\" data-rl_caption=\"Casa Perdomo \/ TATU Arquitectura (\u00a9 Marco Guiponi)\" data-rel=\"lightbox-gallery-1\"><img loading=\"lazy\" decoding=\"async\" width=\"150\" height=\"150\" src=\"https:\/\/www.arquimaster.com.ar\/web\/wp-content\/uploads\/2023\/09\/casa_perdomo11-150x150.jpg\" class=\"attachment-thumbnail size-thumbnail\" alt=\"Casa Perdomo \/ TATU Arquitectura\" aria-describedby=\"gallery-1-77631\" \/><\/a>\n\t\t\t<\/div>\n\t\t\t\t<figcaption class='wp-caption-text gallery-caption' id='gallery-1-77631'>\n\t\t\t\tCasa Perdomo \/ TATU Arquitectura (\u00a9 Marco Guiponi)\n\t\t\t\t<\/figcaption><\/figure><figure class='gallery-item'>\n\t\t\t<div class='gallery-icon portrait'>\n\t\t\t\t<a href='https:\/\/www.arquimaster.com.ar\/web\/wp-content\/uploads\/2023\/09\/casa_perdomo12.jpg' title=\"Casa Perdomo \/ TATU Arquitectura (\u00a9 Marco Guiponi)\" data-rl_title=\"Casa Perdomo \/ TATU Arquitectura (\u00a9 Marco Guiponi)\" class=\"rl-gallery-link\" data-rl_caption=\"Casa Perdomo \/ TATU Arquitectura (\u00a9 Marco Guiponi)\" data-rel=\"lightbox-gallery-1\"><img loading=\"lazy\" decoding=\"async\" width=\"150\" height=\"150\" src=\"https:\/\/www.arquimaster.com.ar\/web\/wp-content\/uploads\/2023\/09\/casa_perdomo12-150x150.jpg\" class=\"attachment-thumbnail size-thumbnail\" alt=\"Casa Perdomo \/ TATU Arquitectura\" aria-describedby=\"gallery-1-77632\" \/><\/a>\n\t\t\t<\/div>\n\t\t\t\t<figcaption class='wp-caption-text gallery-caption' id='gallery-1-77632'>\n\t\t\t\tCasa Perdomo \/ TATU Arquitectura (\u00a9 Marco Guiponi)\n\t\t\t\t<\/figcaption><\/figure><figure class='gallery-item'>\n\t\t\t<div class='gallery-icon portrait'>\n\t\t\t\t<a href='https:\/\/www.arquimaster.com.ar\/web\/wp-content\/uploads\/2023\/09\/casa_perdomo13.jpg' title=\"Casa Perdomo \/ TATU Arquitectura (\u00a9 Marco Guiponi)\" data-rl_title=\"Casa Perdomo \/ TATU Arquitectura (\u00a9 Marco Guiponi)\" class=\"rl-gallery-link\" data-rl_caption=\"Casa Perdomo \/ TATU Arquitectura (\u00a9 Marco Guiponi)\" data-rel=\"lightbox-gallery-1\"><img loading=\"lazy\" decoding=\"async\" width=\"150\" height=\"150\" src=\"https:\/\/www.arquimaster.com.ar\/web\/wp-content\/uploads\/2023\/09\/casa_perdomo13-150x150.jpg\" class=\"attachment-thumbnail size-thumbnail\" alt=\"Casa Perdomo \/ TATU Arquitectura\" aria-describedby=\"gallery-1-77633\" \/><\/a>\n\t\t\t<\/div>\n\t\t\t\t<figcaption class='wp-caption-text gallery-caption' id='gallery-1-77633'>\n\t\t\t\tCasa Perdomo \/ TATU Arquitectura (\u00a9 Marco Guiponi)\n\t\t\t\t<\/figcaption><\/figure><figure class='gallery-item'>\n\t\t\t<div class='gallery-icon portrait'>\n\t\t\t\t<a href='https:\/\/www.arquimaster.com.ar\/web\/wp-content\/uploads\/2023\/09\/casa_perdomo14.jpg' title=\"Casa Perdomo \/ TATU Arquitectura (\u00a9 Marco Guiponi)\" data-rl_title=\"Casa Perdomo \/ TATU Arquitectura (\u00a9 Marco Guiponi)\" class=\"rl-gallery-link\" data-rl_caption=\"Casa Perdomo \/ TATU Arquitectura (\u00a9 Marco Guiponi)\" data-rel=\"lightbox-gallery-1\"><img loading=\"lazy\" decoding=\"async\" width=\"150\" height=\"150\" src=\"https:\/\/www.arquimaster.com.ar\/web\/wp-content\/uploads\/2023\/09\/casa_perdomo14-150x150.jpg\" class=\"attachment-thumbnail size-thumbnail\" alt=\"Casa Perdomo \/ TATU Arquitectura\" aria-describedby=\"gallery-1-77634\" \/><\/a>\n\t\t\t<\/div>\n\t\t\t\t<figcaption class='wp-caption-text gallery-caption' id='gallery-1-77634'>\n\t\t\t\tCasa Perdomo \/ TATU Arquitectura (\u00a9 Marco Guiponi)\n\t\t\t\t<\/figcaption><\/figure><figure class='gallery-item'>\n\t\t\t<div class='gallery-icon portrait'>\n\t\t\t\t<a href='https:\/\/www.arquimaster.com.ar\/web\/wp-content\/uploads\/2023\/09\/casa_perdomo15.jpg' title=\"Casa Perdomo \/ TATU Arquitectura (\u00a9 Marco Guiponi)\" data-rl_title=\"Casa Perdomo \/ TATU Arquitectura (\u00a9 Marco Guiponi)\" class=\"rl-gallery-link\" data-rl_caption=\"Casa Perdomo \/ TATU Arquitectura (\u00a9 Marco Guiponi)\" data-rel=\"lightbox-gallery-1\"><img loading=\"lazy\" decoding=\"async\" width=\"150\" height=\"150\" src=\"https:\/\/www.arquimaster.com.ar\/web\/wp-content\/uploads\/2023\/09\/casa_perdomo15-150x150.jpg\" class=\"attachment-thumbnail size-thumbnail\" alt=\"Casa Perdomo \/ TATU Arquitectura\" aria-describedby=\"gallery-1-77635\" \/><\/a>\n\t\t\t<\/div>\n\t\t\t\t<figcaption class='wp-caption-text gallery-caption' id='gallery-1-77635'>\n\t\t\t\tCasa Perdomo \/ TATU Arquitectura (\u00a9 Marco Guiponi)\n\t\t\t\t<\/figcaption><\/figure><figure class='gallery-item'>\n\t\t\t<div class='gallery-icon portrait'>\n\t\t\t\t<a href='https:\/\/www.arquimaster.com.ar\/web\/wp-content\/uploads\/2023\/09\/casa_perdomo16.jpg' title=\"Casa Perdomo \/ TATU Arquitectura (\u00a9 Marco Guiponi)\" data-rl_title=\"Casa Perdomo \/ TATU Arquitectura (\u00a9 Marco Guiponi)\" class=\"rl-gallery-link\" data-rl_caption=\"Casa Perdomo \/ TATU Arquitectura (\u00a9 Marco Guiponi)\" data-rel=\"lightbox-gallery-1\"><img loading=\"lazy\" decoding=\"async\" width=\"150\" height=\"150\" src=\"https:\/\/www.arquimaster.com.ar\/web\/wp-content\/uploads\/2023\/09\/casa_perdomo16-150x150.jpg\" class=\"attachment-thumbnail size-thumbnail\" alt=\"Casa Perdomo \/ TATU Arquitectura\" aria-describedby=\"gallery-1-77636\" \/><\/a>\n\t\t\t<\/div>\n\t\t\t\t<figcaption class='wp-caption-text gallery-caption' id='gallery-1-77636'>\n\t\t\t\tCasa Perdomo \/ TATU Arquitectura (\u00a9 Marco Guiponi)\n\t\t\t\t<\/figcaption><\/figure><figure class='gallery-item'>\n\t\t\t<div class='gallery-icon portrait'>\n\t\t\t\t<a href='https:\/\/www.arquimaster.com.ar\/web\/wp-content\/uploads\/2023\/09\/casa_perdomo17.jpg' title=\"Casa Perdomo \/ TATU Arquitectura (\u00a9 Marco Guiponi)\" data-rl_title=\"Casa Perdomo \/ TATU Arquitectura (\u00a9 Marco Guiponi)\" class=\"rl-gallery-link\" data-rl_caption=\"Casa Perdomo \/ TATU Arquitectura (\u00a9 Marco Guiponi)\" data-rel=\"lightbox-gallery-1\"><img loading=\"lazy\" decoding=\"async\" width=\"150\" height=\"150\" src=\"https:\/\/www.arquimaster.com.ar\/web\/wp-content\/uploads\/2023\/09\/casa_perdomo17-150x150.jpg\" class=\"attachment-thumbnail size-thumbnail\" alt=\"Casa Perdomo \/ TATU Arquitectura\" aria-describedby=\"gallery-1-77637\" \/><\/a>\n\t\t\t<\/div>\n\t\t\t\t<figcaption class='wp-caption-text gallery-caption' id='gallery-1-77637'>\n\t\t\t\tCasa Perdomo \/ TATU Arquitectura (\u00a9 Marco Guiponi)\n\t\t\t\t<\/figcaption><\/figure><figure class='gallery-item'>\n\t\t\t<div class='gallery-icon portrait'>\n\t\t\t\t<a href='https:\/\/www.arquimaster.com.ar\/web\/wp-content\/uploads\/2023\/09\/casa_perdomo18.jpg' title=\"Casa Perdomo \/ TATU Arquitectura (\u00a9 Marco Guiponi)\" data-rl_title=\"Casa Perdomo \/ TATU Arquitectura (\u00a9 Marco Guiponi)\" class=\"rl-gallery-link\" data-rl_caption=\"Casa Perdomo \/ TATU Arquitectura (\u00a9 Marco Guiponi)\" data-rel=\"lightbox-gallery-1\"><img loading=\"lazy\" decoding=\"async\" width=\"150\" height=\"150\" src=\"https:\/\/www.arquimaster.com.ar\/web\/wp-content\/uploads\/2023\/09\/casa_perdomo18-150x150.jpg\" class=\"attachment-thumbnail size-thumbnail\" alt=\"Casa Perdomo \/ TATU Arquitectura\" aria-describedby=\"gallery-1-77638\" \/><\/a>\n\t\t\t<\/div>\n\t\t\t\t<figcaption class='wp-caption-text gallery-caption' id='gallery-1-77638'>\n\t\t\t\tCasa Perdomo \/ TATU Arquitectura (\u00a9 Marco Guiponi)\n\t\t\t\t<\/figcaption><\/figure><figure class='gallery-item'>\n\t\t\t<div class='gallery-icon portrait'>\n\t\t\t\t<a href='https:\/\/www.arquimaster.com.ar\/web\/wp-content\/uploads\/2023\/09\/casa_perdomo19.jpg' title=\"Casa Perdomo \/ TATU Arquitectura (\u00a9 Marco Guiponi)\" data-rl_title=\"Casa Perdomo \/ TATU Arquitectura (\u00a9 Marco Guiponi)\" class=\"rl-gallery-link\" data-rl_caption=\"Casa Perdomo \/ TATU Arquitectura (\u00a9 Marco Guiponi)\" data-rel=\"lightbox-gallery-1\"><img loading=\"lazy\" decoding=\"async\" width=\"150\" height=\"150\" src=\"https:\/\/www.arquimaster.com.ar\/web\/wp-content\/uploads\/2023\/09\/casa_perdomo19-150x150.jpg\" class=\"attachment-thumbnail size-thumbnail\" alt=\"Casa Perdomo \/ TATU Arquitectura\" aria-describedby=\"gallery-1-77639\" \/><\/a>\n\t\t\t<\/div>\n\t\t\t\t<figcaption class='wp-caption-text gallery-caption' id='gallery-1-77639'>\n\t\t\t\tCasa Perdomo \/ TATU Arquitectura (\u00a9 Marco Guiponi)\n\t\t\t\t<\/figcaption><\/figure><figure class='gallery-item'>\n\t\t\t<div class='gallery-icon portrait'>\n\t\t\t\t<a href='https:\/\/www.arquimaster.com.ar\/web\/wp-content\/uploads\/2023\/09\/casa_perdomo20.jpg' title=\"Casa Perdomo \/ TATU Arquitectura (\u00a9 Marco Guiponi)\" data-rl_title=\"Casa Perdomo \/ TATU Arquitectura (\u00a9 Marco Guiponi)\" class=\"rl-gallery-link\" data-rl_caption=\"Casa Perdomo \/ TATU Arquitectura (\u00a9 Marco Guiponi)\" data-rel=\"lightbox-gallery-1\"><img loading=\"lazy\" decoding=\"async\" width=\"150\" height=\"150\" src=\"https:\/\/www.arquimaster.com.ar\/web\/wp-content\/uploads\/2023\/09\/casa_perdomo20-150x150.jpg\" class=\"attachment-thumbnail size-thumbnail\" alt=\"Casa Perdomo \/ TATU Arquitectura\" aria-describedby=\"gallery-1-77640\" \/><\/a>\n\t\t\t<\/div>\n\t\t\t\t<figcaption class='wp-caption-text gallery-caption' id='gallery-1-77640'>\n\t\t\t\tCasa Perdomo \/ TATU Arquitectura (\u00a9 Marco Guiponi)\n\t\t\t\t<\/figcaption><\/figure><figure class='gallery-item'>\n\t\t\t<div class='gallery-icon landscape'>\n\t\t\t\t<a href='https:\/\/www.arquimaster.com.ar\/web\/wp-content\/uploads\/2023\/09\/casa_perdomo21.jpg' title=\"Casa Perdomo \/ TATU Arquitectura (implantacion)\" data-rl_title=\"Casa Perdomo \/ TATU Arquitectura (implantacion)\" class=\"rl-gallery-link\" data-rl_caption=\"Casa Perdomo \/ TATU Arquitectura (implantacion)\" data-rel=\"lightbox-gallery-1\"><img loading=\"lazy\" decoding=\"async\" width=\"150\" height=\"150\" src=\"https:\/\/www.arquimaster.com.ar\/web\/wp-content\/uploads\/2023\/09\/casa_perdomo21-150x150.jpg\" class=\"attachment-thumbnail size-thumbnail\" alt=\"Casa Perdomo \/ TATU Arquitectura\" aria-describedby=\"gallery-1-77641\" srcset=\"https:\/\/www.arquimaster.com.ar\/web\/wp-content\/uploads\/2023\/09\/casa_perdomo21-150x150.jpg 150w, https:\/\/www.arquimaster.com.ar\/web\/wp-content\/uploads\/2023\/09\/casa_perdomo21-768x768.jpg 768w, https:\/\/www.arquimaster.com.ar\/web\/wp-content\/uploads\/2023\/09\/casa_perdomo21-1536x1536.jpg 1536w, https:\/\/www.arquimaster.com.ar\/web\/wp-content\/uploads\/2023\/09\/casa_perdomo21.jpg 2000w\" sizes=\"auto, (max-width: 150px) 100vw, 150px\" \/><\/a>\n\t\t\t<\/div>\n\t\t\t\t<figcaption class='wp-caption-text gallery-caption' id='gallery-1-77641'>\n\t\t\t\tCasa Perdomo \/ TATU Arquitectura (implantacion)\n\t\t\t\t<\/figcaption><\/figure><figure class='gallery-item'>\n\t\t\t<div class='gallery-icon landscape'>\n\t\t\t\t<a href='https:\/\/www.arquimaster.com.ar\/web\/wp-content\/uploads\/2023\/09\/casa_perdomo23.jpg' title=\"Casa Perdomo \/ TATU Arquitectura (planta baja)\" data-rl_title=\"Casa Perdomo \/ TATU Arquitectura (planta baja)\" class=\"rl-gallery-link\" data-rl_caption=\"Casa Perdomo \/ TATU Arquitectura (planta baja)\" data-rel=\"lightbox-gallery-1\"><img loading=\"lazy\" decoding=\"async\" width=\"150\" height=\"150\" src=\"https:\/\/www.arquimaster.com.ar\/web\/wp-content\/uploads\/2023\/09\/casa_perdomo23-150x150.jpg\" class=\"attachment-thumbnail size-thumbnail\" alt=\"Casa Perdomo \/ TATU Arquitectura\" aria-describedby=\"gallery-1-77643\" srcset=\"https:\/\/www.arquimaster.com.ar\/web\/wp-content\/uploads\/2023\/09\/casa_perdomo23-150x150.jpg 150w, https:\/\/www.arquimaster.com.ar\/web\/wp-content\/uploads\/2023\/09\/casa_perdomo23-768x768.jpg 768w, https:\/\/www.arquimaster.com.ar\/web\/wp-content\/uploads\/2023\/09\/casa_perdomo23-1536x1536.jpg 1536w, https:\/\/www.arquimaster.com.ar\/web\/wp-content\/uploads\/2023\/09\/casa_perdomo23.jpg 2000w\" sizes=\"auto, (max-width: 150px) 100vw, 150px\" \/><\/a>\n\t\t\t<\/div>\n\t\t\t\t<figcaption class='wp-caption-text gallery-caption' id='gallery-1-77643'>\n\t\t\t\tCasa Perdomo \/ TATU Arquitectura (planta baja)\n\t\t\t\t<\/figcaption><\/figure><figure class='gallery-item'>\n\t\t\t<div class='gallery-icon landscape'>\n\t\t\t\t<a href='https:\/\/www.arquimaster.com.ar\/web\/wp-content\/uploads\/2023\/09\/casa_perdomo22.jpg' title=\"Casa Perdomo \/ TATU Arquitectura (planta de techos)\" data-rl_title=\"Casa Perdomo \/ TATU Arquitectura (planta de techos)\" class=\"rl-gallery-link\" data-rl_caption=\"Casa Perdomo \/ TATU Arquitectura (planta de techos)\" data-rel=\"lightbox-gallery-1\"><img loading=\"lazy\" decoding=\"async\" width=\"150\" height=\"150\" src=\"https:\/\/www.arquimaster.com.ar\/web\/wp-content\/uploads\/2023\/09\/casa_perdomo22-150x150.jpg\" class=\"attachment-thumbnail size-thumbnail\" alt=\"Casa Perdomo \/ TATU Arquitectura\" aria-describedby=\"gallery-1-77642\" srcset=\"https:\/\/www.arquimaster.com.ar\/web\/wp-content\/uploads\/2023\/09\/casa_perdomo22-150x150.jpg 150w, https:\/\/www.arquimaster.com.ar\/web\/wp-content\/uploads\/2023\/09\/casa_perdomo22-768x768.jpg 768w, https:\/\/www.arquimaster.com.ar\/web\/wp-content\/uploads\/2023\/09\/casa_perdomo22-1536x1536.jpg 1536w, https:\/\/www.arquimaster.com.ar\/web\/wp-content\/uploads\/2023\/09\/casa_perdomo22.jpg 2000w\" sizes=\"auto, (max-width: 150px) 100vw, 150px\" \/><\/a>\n\t\t\t<\/div>\n\t\t\t\t<figcaption class='wp-caption-text gallery-caption' id='gallery-1-77642'>\n\t\t\t\tCasa Perdomo \/ TATU Arquitectura (planta de techos)\n\t\t\t\t<\/figcaption><\/figure><figure class='gallery-item'>\n\t\t\t<div class='gallery-icon landscape'>\n\t\t\t\t<a href='https:\/\/www.arquimaster.com.ar\/web\/wp-content\/uploads\/2023\/09\/casa_perdomo28.jpg' title=\"Casa Perdomo \/ TATU Arquitectura (corte)\" data-rl_title=\"Casa Perdomo \/ TATU Arquitectura (corte)\" class=\"rl-gallery-link\" data-rl_caption=\"Casa Perdomo \/ TATU Arquitectura (corte)\" data-rel=\"lightbox-gallery-1\"><img loading=\"lazy\" decoding=\"async\" width=\"150\" height=\"150\" src=\"https:\/\/www.arquimaster.com.ar\/web\/wp-content\/uploads\/2023\/09\/casa_perdomo28-150x150.jpg\" class=\"attachment-thumbnail size-thumbnail\" alt=\"Casa Perdomo \/ TATU Arquitectura\" aria-describedby=\"gallery-1-77648\" srcset=\"https:\/\/www.arquimaster.com.ar\/web\/wp-content\/uploads\/2023\/09\/casa_perdomo28-150x150.jpg 150w, https:\/\/www.arquimaster.com.ar\/web\/wp-content\/uploads\/2023\/09\/casa_perdomo28-768x768.jpg 768w, https:\/\/www.arquimaster.com.ar\/web\/wp-content\/uploads\/2023\/09\/casa_perdomo28-1536x1536.jpg 1536w, https:\/\/www.arquimaster.com.ar\/web\/wp-content\/uploads\/2023\/09\/casa_perdomo28.jpg 2000w\" sizes=\"auto, (max-width: 150px) 100vw, 150px\" \/><\/a>\n\t\t\t<\/div>\n\t\t\t\t<figcaption class='wp-caption-text gallery-caption' id='gallery-1-77648'>\n\t\t\t\tCasa Perdomo \/ TATU Arquitectura (corte)\n\t\t\t\t<\/figcaption><\/figure><figure class='gallery-item'>\n\t\t\t<div class='gallery-icon landscape'>\n\t\t\t\t<a href='https:\/\/www.arquimaster.com.ar\/web\/wp-content\/uploads\/2023\/09\/casa_perdomo29.jpg' title=\"Casa Perdomo \/ TATU Arquitectura (corte)\" data-rl_title=\"Casa Perdomo \/ TATU Arquitectura (corte)\" class=\"rl-gallery-link\" data-rl_caption=\"Casa Perdomo \/ TATU Arquitectura (corte)\" data-rel=\"lightbox-gallery-1\"><img loading=\"lazy\" decoding=\"async\" width=\"150\" height=\"150\" src=\"https:\/\/www.arquimaster.com.ar\/web\/wp-content\/uploads\/2023\/09\/casa_perdomo29-150x150.jpg\" class=\"attachment-thumbnail size-thumbnail\" alt=\"Casa Perdomo \/ TATU Arquitectura\" aria-describedby=\"gallery-1-77649\" srcset=\"https:\/\/www.arquimaster.com.ar\/web\/wp-content\/uploads\/2023\/09\/casa_perdomo29-150x150.jpg 150w, https:\/\/www.arquimaster.com.ar\/web\/wp-content\/uploads\/2023\/09\/casa_perdomo29-768x768.jpg 768w, https:\/\/www.arquimaster.com.ar\/web\/wp-content\/uploads\/2023\/09\/casa_perdomo29-1536x1536.jpg 1536w, https:\/\/www.arquimaster.com.ar\/web\/wp-content\/uploads\/2023\/09\/casa_perdomo29.jpg 2000w\" sizes=\"auto, (max-width: 150px) 100vw, 150px\" \/><\/a>\n\t\t\t<\/div>\n\t\t\t\t<figcaption class='wp-caption-text gallery-caption' id='gallery-1-77649'>\n\t\t\t\tCasa Perdomo \/ TATU Arquitectura (corte)\n\t\t\t\t<\/figcaption><\/figure><figure class='gallery-item'>\n\t\t\t<div class='gallery-icon landscape'>\n\t\t\t\t<a href='https:\/\/www.arquimaster.com.ar\/web\/wp-content\/uploads\/2023\/09\/casa_perdomo24.jpg' title=\"Casa Perdomo \/ TATU Arquitectura (vista)\" data-rl_title=\"Casa Perdomo \/ TATU Arquitectura (vista)\" class=\"rl-gallery-link\" data-rl_caption=\"Casa Perdomo \/ TATU Arquitectura (vista)\" data-rel=\"lightbox-gallery-1\"><img loading=\"lazy\" decoding=\"async\" width=\"150\" height=\"150\" src=\"https:\/\/www.arquimaster.com.ar\/web\/wp-content\/uploads\/2023\/09\/casa_perdomo24-150x150.jpg\" class=\"attachment-thumbnail size-thumbnail\" alt=\"Casa Perdomo \/ TATU Arquitectura\" aria-describedby=\"gallery-1-77644\" srcset=\"https:\/\/www.arquimaster.com.ar\/web\/wp-content\/uploads\/2023\/09\/casa_perdomo24-150x150.jpg 150w, https:\/\/www.arquimaster.com.ar\/web\/wp-content\/uploads\/2023\/09\/casa_perdomo24-768x768.jpg 768w, https:\/\/www.arquimaster.com.ar\/web\/wp-content\/uploads\/2023\/09\/casa_perdomo24-1536x1536.jpg 1536w, https:\/\/www.arquimaster.com.ar\/web\/wp-content\/uploads\/2023\/09\/casa_perdomo24.jpg 2000w\" sizes=\"auto, (max-width: 150px) 100vw, 150px\" \/><\/a>\n\t\t\t<\/div>\n\t\t\t\t<figcaption class='wp-caption-text gallery-caption' id='gallery-1-77644'>\n\t\t\t\tCasa Perdomo \/ TATU Arquitectura (vista)\n\t\t\t\t<\/figcaption><\/figure><figure class='gallery-item'>\n\t\t\t<div class='gallery-icon landscape'>\n\t\t\t\t<a href='https:\/\/www.arquimaster.com.ar\/web\/wp-content\/uploads\/2023\/09\/casa_perdomo25.jpg' title=\"Casa Perdomo \/ TATU Arquitectura (vista)\" data-rl_title=\"Casa Perdomo \/ TATU Arquitectura (vista)\" class=\"rl-gallery-link\" data-rl_caption=\"Casa Perdomo \/ TATU Arquitectura (vista)\" data-rel=\"lightbox-gallery-1\"><img loading=\"lazy\" decoding=\"async\" width=\"150\" height=\"150\" src=\"https:\/\/www.arquimaster.com.ar\/web\/wp-content\/uploads\/2023\/09\/casa_perdomo25-150x150.jpg\" class=\"attachment-thumbnail size-thumbnail\" alt=\"Casa Perdomo \/ TATU Arquitectura\" aria-describedby=\"gallery-1-77645\" srcset=\"https:\/\/www.arquimaster.com.ar\/web\/wp-content\/uploads\/2023\/09\/casa_perdomo25-150x150.jpg 150w, https:\/\/www.arquimaster.com.ar\/web\/wp-content\/uploads\/2023\/09\/casa_perdomo25-768x768.jpg 768w, https:\/\/www.arquimaster.com.ar\/web\/wp-content\/uploads\/2023\/09\/casa_perdomo25-1536x1536.jpg 1536w, https:\/\/www.arquimaster.com.ar\/web\/wp-content\/uploads\/2023\/09\/casa_perdomo25.jpg 2000w\" sizes=\"auto, (max-width: 150px) 100vw, 150px\" \/><\/a>\n\t\t\t<\/div>\n\t\t\t\t<figcaption class='wp-caption-text gallery-caption' id='gallery-1-77645'>\n\t\t\t\tCasa Perdomo \/ TATU Arquitectura (vista)\n\t\t\t\t<\/figcaption><\/figure><figure class='gallery-item'>\n\t\t\t<div class='gallery-icon landscape'>\n\t\t\t\t<a href='https:\/\/www.arquimaster.com.ar\/web\/wp-content\/uploads\/2023\/09\/casa_perdomo26.jpg' title=\"Casa Perdomo \/ TATU Arquitectura (vista)\" data-rl_title=\"Casa Perdomo \/ TATU Arquitectura (vista)\" class=\"rl-gallery-link\" data-rl_caption=\"Casa Perdomo \/ TATU Arquitectura (vista)\" data-rel=\"lightbox-gallery-1\"><img loading=\"lazy\" decoding=\"async\" width=\"150\" height=\"150\" src=\"https:\/\/www.arquimaster.com.ar\/web\/wp-content\/uploads\/2023\/09\/casa_perdomo26-150x150.jpg\" class=\"attachment-thumbnail size-thumbnail\" alt=\"Casa Perdomo \/ TATU Arquitectura\" aria-describedby=\"gallery-1-77646\" srcset=\"https:\/\/www.arquimaster.com.ar\/web\/wp-content\/uploads\/2023\/09\/casa_perdomo26-150x150.jpg 150w, https:\/\/www.arquimaster.com.ar\/web\/wp-content\/uploads\/2023\/09\/casa_perdomo26-768x768.jpg 768w, https:\/\/www.arquimaster.com.ar\/web\/wp-content\/uploads\/2023\/09\/casa_perdomo26-1536x1536.jpg 1536w, https:\/\/www.arquimaster.com.ar\/web\/wp-content\/uploads\/2023\/09\/casa_perdomo26.jpg 2000w\" sizes=\"auto, (max-width: 150px) 100vw, 150px\" \/><\/a>\n\t\t\t<\/div>\n\t\t\t\t<figcaption class='wp-caption-text gallery-caption' id='gallery-1-77646'>\n\t\t\t\tCasa Perdomo \/ TATU Arquitectura (vista)\n\t\t\t\t<\/figcaption><\/figure><figure class='gallery-item'>\n\t\t\t<div class='gallery-icon landscape'>\n\t\t\t\t<a href='https:\/\/www.arquimaster.com.ar\/web\/wp-content\/uploads\/2023\/09\/casa_perdomo27.jpg' title=\"Casa Perdomo \/ TATU Arquitectura (vista)\" data-rl_title=\"Casa Perdomo \/ TATU Arquitectura (vista)\" class=\"rl-gallery-link\" data-rl_caption=\"Casa Perdomo \/ TATU Arquitectura (vista)\" data-rel=\"lightbox-gallery-1\"><img loading=\"lazy\" decoding=\"async\" width=\"150\" height=\"150\" src=\"https:\/\/www.arquimaster.com.ar\/web\/wp-content\/uploads\/2023\/09\/casa_perdomo27-150x150.jpg\" class=\"attachment-thumbnail size-thumbnail\" alt=\"Casa Perdomo \/ TATU Arquitectura\" aria-describedby=\"gallery-1-77647\" srcset=\"https:\/\/www.arquimaster.com.ar\/web\/wp-content\/uploads\/2023\/09\/casa_perdomo27-150x150.jpg 150w, https:\/\/www.arquimaster.com.ar\/web\/wp-content\/uploads\/2023\/09\/casa_perdomo27-768x768.jpg 768w, https:\/\/www.arquimaster.com.ar\/web\/wp-content\/uploads\/2023\/09\/casa_perdomo27-1536x1536.jpg 1536w, https:\/\/www.arquimaster.com.ar\/web\/wp-content\/uploads\/2023\/09\/casa_perdomo27.jpg 2000w\" sizes=\"auto, (max-width: 150px) 100vw, 150px\" \/><\/a>\n\t\t\t<\/div>\n\t\t\t\t<figcaption class='wp-caption-text gallery-caption' id='gallery-1-77647'>\n\t\t\t\tCasa Perdomo \/ TATU Arquitectura (vista)\n\t\t\t\t<\/figcaption><\/figure><figure class='gallery-item'>\n\t\t\t<div class='gallery-icon landscape'>\n\t\t\t\t<a href='https:\/\/www.arquimaster.com.ar\/web\/wp-content\/uploads\/2023\/09\/casa_perdomo30.jpg' title=\"Casa Perdomo \/ TATU Arquitectura (axonometria)\" data-rl_title=\"Casa Perdomo \/ TATU Arquitectura (axonometria)\" class=\"rl-gallery-link\" data-rl_caption=\"Casa Perdomo \/ TATU Arquitectura (axonometria)\" data-rel=\"lightbox-gallery-1\"><img loading=\"lazy\" decoding=\"async\" width=\"150\" height=\"150\" src=\"https:\/\/www.arquimaster.com.ar\/web\/wp-content\/uploads\/2023\/09\/casa_perdomo30-150x150.jpg\" class=\"attachment-thumbnail size-thumbnail\" alt=\"Casa Perdomo \/ TATU Arquitectura\" aria-describedby=\"gallery-1-77650\" srcset=\"https:\/\/www.arquimaster.com.ar\/web\/wp-content\/uploads\/2023\/09\/casa_perdomo30-150x150.jpg 150w, https:\/\/www.arquimaster.com.ar\/web\/wp-content\/uploads\/2023\/09\/casa_perdomo30-768x768.jpg 768w, https:\/\/www.arquimaster.com.ar\/web\/wp-content\/uploads\/2023\/09\/casa_perdomo30-1536x1536.jpg 1536w, https:\/\/www.arquimaster.com.ar\/web\/wp-content\/uploads\/2023\/09\/casa_perdomo30.jpg 2000w\" sizes=\"auto, (max-width: 150px) 100vw, 150px\" \/><\/a>\n\t\t\t<\/div>\n\t\t\t\t<figcaption class='wp-caption-text gallery-caption' id='gallery-1-77650'>\n\t\t\t\tCasa Perdomo \/ TATU Arquitectura (axonometria)\n\t\t\t\t<\/figcaption><\/figure><figure class='gallery-item'>\n\t\t\t<div class='gallery-icon landscape'>\n\t\t\t\t<a href='https:\/\/www.arquimaster.com.ar\/web\/wp-content\/uploads\/2023\/09\/casa_perdomo31.jpg' title=\"Casa Perdomo \/ TATU Arquitectura (esquemas)\" data-rl_title=\"Casa Perdomo \/ TATU Arquitectura (esquemas)\" class=\"rl-gallery-link\" data-rl_caption=\"Casa Perdomo \/ TATU Arquitectura (esquemas)\" data-rel=\"lightbox-gallery-1\"><img loading=\"lazy\" decoding=\"async\" width=\"150\" height=\"150\" src=\"https:\/\/www.arquimaster.com.ar\/web\/wp-content\/uploads\/2023\/09\/casa_perdomo31-150x150.jpg\" class=\"attachment-thumbnail size-thumbnail\" alt=\"Casa Perdomo \/ TATU Arquitectura\" aria-describedby=\"gallery-1-77651\" srcset=\"https:\/\/www.arquimaster.com.ar\/web\/wp-content\/uploads\/2023\/09\/casa_perdomo31-150x150.jpg 150w, https:\/\/www.arquimaster.com.ar\/web\/wp-content\/uploads\/2023\/09\/casa_perdomo31-768x768.jpg 768w, https:\/\/www.arquimaster.com.ar\/web\/wp-content\/uploads\/2023\/09\/casa_perdomo31-1536x1536.jpg 1536w, https:\/\/www.arquimaster.com.ar\/web\/wp-content\/uploads\/2023\/09\/casa_perdomo31.jpg 2000w\" sizes=\"auto, (max-width: 150px) 100vw, 150px\" \/><\/a>\n\t\t\t<\/div>\n\t\t\t\t<figcaption class='wp-caption-text gallery-caption' id='gallery-1-77651'>\n\t\t\t\tCasa Perdomo \/ TATU Arquitectura (esquemas)\n\t\t\t\t<\/figcaption><\/figure>\n\t\t<\/div>\n\n<p>En este sentido se defini\u00f3 un espacio de sombra (la casa), un espacio de fuego (el living exterior) y un espacio de agua (la piscina) que acompa\u00f1aban la idea de vincularse a la ruralidad desde la experiencia directa del paisaje.<\/p>\n<p>Por otra parte, se toman tres caracter\u00edsticas que hacen a la tradici\u00f3n rural como disparadores de proyecto: el patio central, la galer\u00eda abierta y las b\u00f3vedas.<\/p>\n<p>La articulaci\u00f3n de estos elementos en el funcionamiento general de la casa permite que se generen transiciones interior-exterior controladas donde la propia casa funciona como un umbral entre el usuario y el paisaje.<\/p>\n<p>El patio central toma principal importancia por el aporte de cobijo y privacidad en un territorio despejado y expuesto a vientos, sol y lluvia desde diferentes direcciones.<\/p>\n<p>La galer\u00eda es el espacio principal que vincula al usuario con el horizonte profundo del atardecer.<\/p>\n<p>La experiencia interior de la casa se acent\u00faa en la zona social gracias al aumento de volumen interior que aporta la b\u00f3veda utilizada en la cubierta principal.<\/p>\n\n\n<div style=\"height:20px\" aria-hidden=\"true\" class=\"wp-block-spacer\"><\/div>\n\n\n\n<p class=\"has-background\" style=\"background-color:#eaeaea\"><strong>Ficha t\u00e9cnica<\/strong><br>Nombre: Perdomo<br>Ubicaci\u00f3n: Pueblo Ed\u00e9n, Maldonado, Uruguay<br>Oficina de arquitectura: TATU Arquitectura<br>A\u00f1o finalizaci\u00f3n construcci\u00f3n: 2021<br>Fotograf\u00edas: Marco Guiponi (@marcosguiponi)<br><br><strong>Contacto<\/strong><br><a href=\"https:\/\/www.tatuarq.com\" target=\"_blank\" rel=\"noreferrer noopener\">https:\/\/www.tatuarq.com<\/a><br>Instagram: @tatu_arquitectura<\/p>\n\n\n\n<div style=\"height:40px\" aria-hidden=\"true\" class=\"wp-block-spacer\"><\/div>\n\n<div style=\"font-size: 0px; height: 0px; line-height: 0px; margin: 0; padding: 0; clear: both;\"><\/div><div style=\"margin-top: 0px; margin-bottom: 0px;\" class=\"sharethis-inline-share-buttons\" ><\/div>","protected":false},"excerpt":{"rendered":"<p>La experiencia interior de la casa se acent\u00faa gracias a la b\u00f3veda de la cubierta principal&#8230;<\/p>\n","protected":false},"author":1,"featured_media":77620,"comment_status":"closed","ping_status":"closed","sticky":false,"template":"","format":"standard","meta":{"_uag_custom_page_level_css":"","footnotes":""},"categories":[1,251],"tags":[4282,5891,1174,7444,7712,7424,266,6471],"class_list":["post-77617","post","type-post","status-publish","format-standard","has-post-thumbnail","hentry","category-proyecto","category-casas-de-playa","tag-arquitectura-residencial","tag-cubierta-abovedada","tag-hormigon-armado","tag-maldonado","tag-pueblo-eden","tag-tatu-arquitectura","tag-uruguay","tag-vivienda-no-permanente","generate-columns","tablet-grid-50","mobile-grid-100","grid-parent","grid-50"],"yoast_head":"<!-- This site is optimized with the Yoast SEO plugin v27.3 - https:\/\/yoast.com\/product\/yoast-seo-wordpress\/ -->\n<title>Casa Perdomo \/ TATU Arquitectura - Arquimaster<\/title>\n<meta name=\"description\" content=\"Un espacio de sombra, un espacio de fuego y un espacio de agua acompa\u00f1an la idea de vincularse a la ruralidad desde la experiencia directa del paisaje.\" \/>\n<meta name=\"robots\" content=\"index, follow, max-snippet:-1, max-image-preview:large, max-video-preview:-1\" \/>\n<link rel=\"canonical\" href=\"https:\/\/www.arquimaster.com.ar\/web\/casa-perdomo-tatu-arquitectura\/\" \/>\n<meta property=\"og:locale\" content=\"es_ES\" \/>\n<meta property=\"og:type\" content=\"article\" \/>\n<meta property=\"og:title\" content=\"Casa Perdomo \/ TATU Arquitectura\" \/>\n<meta property=\"og:description\" content=\"Un espacio de sombra, un espacio de fuego y un espacio de agua acompa\u00f1an la idea de vincularse a la ruralidad desde la experiencia directa del paisaje.\" \/>\n<meta property=\"og:url\" content=\"https:\/\/www.arquimaster.com.ar\/web\/casa-perdomo-tatu-arquitectura\/\" \/>\n<meta property=\"og:site_name\" content=\"Arquimaster\" \/>\n<meta property=\"article:publisher\" content=\"http:\/\/www.facebook.com\/ARQUIMASTER.com.ar\" \/>\n<meta property=\"article:published_time\" content=\"2023-09-15T16:32:01+00:00\" \/>\n<meta property=\"article:modified_time\" content=\"2023-10-06T16:10:37+00:00\" \/>\n<meta property=\"og:image\" content=\"https:\/\/www.arquimaster.com.ar\/web\/wp-content\/uploads\/2023\/09\/casa_perdomo_slide.jpg\" \/>\n\t<meta property=\"og:image:width\" content=\"698\" \/>\n\t<meta property=\"og:image:height\" content=\"364\" \/>\n\t<meta property=\"og:image:type\" content=\"image\/jpeg\" \/>\n<meta name=\"author\" content=\"Arquimaster\" \/>\n<meta name=\"twitter:card\" content=\"summary_large_image\" \/>\n<meta name=\"twitter:title\" content=\"Casa Perdomo \/ TATU Arquitectura\" \/>\n<meta name=\"twitter:description\" content=\"Un espacio de sombra, un espacio de fuego y un espacio de agua acompa\u00f1an la idea de vincularse a la ruralidad desde la experiencia directa del paisaje.\" \/>\n<meta name=\"twitter:image\" content=\"https:\/\/www.arquimaster.com.ar\/web\/wp-content\/uploads\/2023\/09\/casa_perdomo_slide.jpg\" \/>\n<meta name=\"twitter:creator\" content=\"@arquimaster\" \/>\n<meta name=\"twitter:site\" content=\"@arquimaster\" \/>\n<meta name=\"twitter:label1\" content=\"Escrito por\" \/>\n\t<meta name=\"twitter:data1\" content=\"Arquimaster\" \/>\n\t<meta name=\"twitter:label2\" content=\"Tiempo de lectura\" \/>\n\t<meta name=\"twitter:data2\" content=\"2 minutos\" \/>\n<script type=\"application\/ld+json\" class=\"yoast-schema-graph\">{\"@context\":\"https:\\\/\\\/schema.org\",\"@graph\":[{\"@type\":\"Article\",\"@id\":\"https:\\\/\\\/www.arquimaster.com.ar\\\/web\\\/casa-perdomo-tatu-arquitectura\\\/#article\",\"isPartOf\":{\"@id\":\"https:\\\/\\\/www.arquimaster.com.ar\\\/web\\\/casa-perdomo-tatu-arquitectura\\\/\"},\"author\":{\"name\":\"Arquimaster\",\"@id\":\"https:\\\/\\\/www.arquimaster.com.ar\\\/web\\\/#\\\/schema\\\/person\\\/359e9f7c00193fcde068e0dd2ceb0028\"},\"headline\":\"Casa Perdomo \\\/ TATU Arquitectura\",\"datePublished\":\"2023-09-15T16:32:01+00:00\",\"dateModified\":\"2023-10-06T16:10:37+00:00\",\"mainEntityOfPage\":{\"@id\":\"https:\\\/\\\/www.arquimaster.com.ar\\\/web\\\/casa-perdomo-tatu-arquitectura\\\/\"},\"wordCount\":300,\"publisher\":{\"@id\":\"https:\\\/\\\/www.arquimaster.com.ar\\\/web\\\/#organization\"},\"image\":{\"@id\":\"https:\\\/\\\/www.arquimaster.com.ar\\\/web\\\/casa-perdomo-tatu-arquitectura\\\/#primaryimage\"},\"thumbnailUrl\":\"https:\\\/\\\/www.arquimaster.com.ar\\\/web\\\/wp-content\\\/uploads\\\/2023\\\/09\\\/casa_perdomo_slide.jpg\",\"keywords\":[\"arquitectura residencial\",\"cubierta abovedada\",\"hormig\u00f3n armado\",\"Maldonado\",\"Pueblo Ed\u00e9n\",\"TATU Arquitectura\",\"Uruguay\",\"vivienda no permanente\"],\"articleSection\":[\"Proyecto\",\"Vivienda no permanente\"],\"inLanguage\":\"es\"},{\"@type\":\"WebPage\",\"@id\":\"https:\\\/\\\/www.arquimaster.com.ar\\\/web\\\/casa-perdomo-tatu-arquitectura\\\/\",\"url\":\"https:\\\/\\\/www.arquimaster.com.ar\\\/web\\\/casa-perdomo-tatu-arquitectura\\\/\",\"name\":\"Casa Perdomo \\\/ TATU Arquitectura - Arquimaster\",\"isPartOf\":{\"@id\":\"https:\\\/\\\/www.arquimaster.com.ar\\\/web\\\/#website\"},\"primaryImageOfPage\":{\"@id\":\"https:\\\/\\\/www.arquimaster.com.ar\\\/web\\\/casa-perdomo-tatu-arquitectura\\\/#primaryimage\"},\"image\":{\"@id\":\"https:\\\/\\\/www.arquimaster.com.ar\\\/web\\\/casa-perdomo-tatu-arquitectura\\\/#primaryimage\"},\"thumbnailUrl\":\"https:\\\/\\\/www.arquimaster.com.ar\\\/web\\\/wp-content\\\/uploads\\\/2023\\\/09\\\/casa_perdomo_slide.jpg\",\"datePublished\":\"2023-09-15T16:32:01+00:00\",\"dateModified\":\"2023-10-06T16:10:37+00:00\",\"description\":\"Un espacio de sombra, un espacio de fuego y un espacio de agua acompa\u00f1an la idea de vincularse a la ruralidad desde la experiencia directa del paisaje.\",\"breadcrumb\":{\"@id\":\"https:\\\/\\\/www.arquimaster.com.ar\\\/web\\\/casa-perdomo-tatu-arquitectura\\\/#breadcrumb\"},\"inLanguage\":\"es\",\"potentialAction\":[{\"@type\":\"ReadAction\",\"target\":[\"https:\\\/\\\/www.arquimaster.com.ar\\\/web\\\/casa-perdomo-tatu-arquitectura\\\/\"]}]},{\"@type\":\"ImageObject\",\"inLanguage\":\"es\",\"@id\":\"https:\\\/\\\/www.arquimaster.com.ar\\\/web\\\/casa-perdomo-tatu-arquitectura\\\/#primaryimage\",\"url\":\"https:\\\/\\\/www.arquimaster.com.ar\\\/web\\\/wp-content\\\/uploads\\\/2023\\\/09\\\/casa_perdomo_slide.jpg\",\"contentUrl\":\"https:\\\/\\\/www.arquimaster.com.ar\\\/web\\\/wp-content\\\/uploads\\\/2023\\\/09\\\/casa_perdomo_slide.jpg\",\"width\":698,\"height\":364,\"caption\":\"Casa Perdomo \\\/ TATU Arquitectura\"},{\"@type\":\"BreadcrumbList\",\"@id\":\"https:\\\/\\\/www.arquimaster.com.ar\\\/web\\\/casa-perdomo-tatu-arquitectura\\\/#breadcrumb\",\"itemListElement\":[{\"@type\":\"ListItem\",\"position\":1,\"name\":\"Portada\",\"item\":\"https:\\\/\\\/www.arquimaster.com.ar\\\/web\\\/\"},{\"@type\":\"ListItem\",\"position\":2,\"name\":\"Casa Perdomo \\\/ TATU Arquitectura\"}]},{\"@type\":\"WebSite\",\"@id\":\"https:\\\/\\\/www.arquimaster.com.ar\\\/web\\\/#website\",\"url\":\"https:\\\/\\\/www.arquimaster.com.ar\\\/web\\\/\",\"name\":\"Arquimaster\",\"description\":\"Web de arquitectura, dise\u00f1o y construccion\",\"publisher\":{\"@id\":\"https:\\\/\\\/www.arquimaster.com.ar\\\/web\\\/#organization\"},\"potentialAction\":[{\"@type\":\"SearchAction\",\"target\":{\"@type\":\"EntryPoint\",\"urlTemplate\":\"https:\\\/\\\/www.arquimaster.com.ar\\\/web\\\/?s={search_term_string}\"},\"query-input\":{\"@type\":\"PropertyValueSpecification\",\"valueRequired\":true,\"valueName\":\"search_term_string\"}}],\"inLanguage\":\"es\"},{\"@type\":\"Organization\",\"@id\":\"https:\\\/\\\/www.arquimaster.com.ar\\\/web\\\/#organization\",\"name\":\"Arquimaster\",\"url\":\"https:\\\/\\\/www.arquimaster.com.ar\\\/web\\\/\",\"logo\":{\"@type\":\"ImageObject\",\"inLanguage\":\"es\",\"@id\":\"https:\\\/\\\/www.arquimaster.com.ar\\\/web\\\/#\\\/schema\\\/logo\\\/image\\\/\",\"url\":\"https:\\\/\\\/www.arquimaster.com.ar\\\/web\\\/wp-content\\\/uploads\\\/2022\\\/06\\\/arquimaster.png\",\"contentUrl\":\"https:\\\/\\\/www.arquimaster.com.ar\\\/web\\\/wp-content\\\/uploads\\\/2022\\\/06\\\/arquimaster.png\",\"width\":594,\"height\":78,\"caption\":\"Arquimaster\"},\"image\":{\"@id\":\"https:\\\/\\\/www.arquimaster.com.ar\\\/web\\\/#\\\/schema\\\/logo\\\/image\\\/\"},\"sameAs\":[\"http:\\\/\\\/www.facebook.com\\\/ARQUIMASTER.com.ar\",\"https:\\\/\\\/x.com\\\/arquimaster\",\"https:\\\/\\\/www.instagram.com\\\/arquimasterblog\\\/\",\"https:\\\/\\\/www.linkedin.com\\\/company\\\/arquimaster\",\"https:\\\/\\\/www.pinterest.com\\\/arquimaster\",\"https:\\\/\\\/t.me\\\/arquimaster\"]},{\"@type\":\"Person\",\"@id\":\"https:\\\/\\\/www.arquimaster.com.ar\\\/web\\\/#\\\/schema\\\/person\\\/359e9f7c00193fcde068e0dd2ceb0028\",\"name\":\"Arquimaster\"}]}<\/script>\n<!-- \/ Yoast SEO plugin. -->","yoast_head_json":{"title":"Casa Perdomo \/ TATU Arquitectura - Arquimaster","description":"Un espacio de sombra, un espacio de fuego y un espacio de agua acompa\u00f1an la idea de vincularse a la ruralidad desde la experiencia directa del paisaje.","robots":{"index":"index","follow":"follow","max-snippet":"max-snippet:-1","max-image-preview":"max-image-preview:large","max-video-preview":"max-video-preview:-1"},"canonical":"https:\/\/www.arquimaster.com.ar\/web\/casa-perdomo-tatu-arquitectura\/","og_locale":"es_ES","og_type":"article","og_title":"Casa Perdomo \/ TATU Arquitectura","og_description":"Un espacio de sombra, un espacio de fuego y un espacio de agua acompa\u00f1an la idea de vincularse a la ruralidad desde la experiencia directa del paisaje.","og_url":"https:\/\/www.arquimaster.com.ar\/web\/casa-perdomo-tatu-arquitectura\/","og_site_name":"Arquimaster","article_publisher":"http:\/\/www.facebook.com\/ARQUIMASTER.com.ar","article_published_time":"2023-09-15T16:32:01+00:00","article_modified_time":"2023-10-06T16:10:37+00:00","og_image":[{"width":698,"height":364,"url":"https:\/\/www.arquimaster.com.ar\/web\/wp-content\/uploads\/2023\/09\/casa_perdomo_slide.jpg","type":"image\/jpeg"}],"author":"Arquimaster","twitter_card":"summary_large_image","twitter_title":"Casa Perdomo \/ TATU Arquitectura","twitter_description":"Un espacio de sombra, un espacio de fuego y un espacio de agua acompa\u00f1an la idea de vincularse a la ruralidad desde la experiencia directa del paisaje.","twitter_image":"https:\/\/www.arquimaster.com.ar\/web\/wp-content\/uploads\/2023\/09\/casa_perdomo_slide.jpg","twitter_creator":"@arquimaster","twitter_site":"@arquimaster","twitter_misc":{"Escrito por":"Arquimaster","Tiempo de lectura":"2 minutos"},"schema":{"@context":"https:\/\/schema.org","@graph":[{"@type":"Article","@id":"https:\/\/www.arquimaster.com.ar\/web\/casa-perdomo-tatu-arquitectura\/#article","isPartOf":{"@id":"https:\/\/www.arquimaster.com.ar\/web\/casa-perdomo-tatu-arquitectura\/"},"author":{"name":"Arquimaster","@id":"https:\/\/www.arquimaster.com.ar\/web\/#\/schema\/person\/359e9f7c00193fcde068e0dd2ceb0028"},"headline":"Casa Perdomo \/ TATU Arquitectura","datePublished":"2023-09-15T16:32:01+00:00","dateModified":"2023-10-06T16:10:37+00:00","mainEntityOfPage":{"@id":"https:\/\/www.arquimaster.com.ar\/web\/casa-perdomo-tatu-arquitectura\/"},"wordCount":300,"publisher":{"@id":"https:\/\/www.arquimaster.com.ar\/web\/#organization"},"image":{"@id":"https:\/\/www.arquimaster.com.ar\/web\/casa-perdomo-tatu-arquitectura\/#primaryimage"},"thumbnailUrl":"https:\/\/www.arquimaster.com.ar\/web\/wp-content\/uploads\/2023\/09\/casa_perdomo_slide.jpg","keywords":["arquitectura residencial","cubierta abovedada","hormig\u00f3n armado","Maldonado","Pueblo Ed\u00e9n","TATU Arquitectura","Uruguay","vivienda no permanente"],"articleSection":["Proyecto","Vivienda no permanente"],"inLanguage":"es"},{"@type":"WebPage","@id":"https:\/\/www.arquimaster.com.ar\/web\/casa-perdomo-tatu-arquitectura\/","url":"https:\/\/www.arquimaster.com.ar\/web\/casa-perdomo-tatu-arquitectura\/","name":"Casa Perdomo \/ TATU Arquitectura - Arquimaster","isPartOf":{"@id":"https:\/\/www.arquimaster.com.ar\/web\/#website"},"primaryImageOfPage":{"@id":"https:\/\/www.arquimaster.com.ar\/web\/casa-perdomo-tatu-arquitectura\/#primaryimage"},"image":{"@id":"https:\/\/www.arquimaster.com.ar\/web\/casa-perdomo-tatu-arquitectura\/#primaryimage"},"thumbnailUrl":"https:\/\/www.arquimaster.com.ar\/web\/wp-content\/uploads\/2023\/09\/casa_perdomo_slide.jpg","datePublished":"2023-09-15T16:32:01+00:00","dateModified":"2023-10-06T16:10:37+00:00","description":"Un espacio de sombra, un espacio de fuego y un espacio de agua acompa\u00f1an la idea de vincularse a la ruralidad desde la experiencia directa del paisaje.","breadcrumb":{"@id":"https:\/\/www.arquimaster.com.ar\/web\/casa-perdomo-tatu-arquitectura\/#breadcrumb"},"inLanguage":"es","potentialAction":[{"@type":"ReadAction","target":["https:\/\/www.arquimaster.com.ar\/web\/casa-perdomo-tatu-arquitectura\/"]}]},{"@type":"ImageObject","inLanguage":"es","@id":"https:\/\/www.arquimaster.com.ar\/web\/casa-perdomo-tatu-arquitectura\/#primaryimage","url":"https:\/\/www.arquimaster.com.ar\/web\/wp-content\/uploads\/2023\/09\/casa_perdomo_slide.jpg","contentUrl":"https:\/\/www.arquimaster.com.ar\/web\/wp-content\/uploads\/2023\/09\/casa_perdomo_slide.jpg","width":698,"height":364,"caption":"Casa Perdomo \/ TATU Arquitectura"},{"@type":"BreadcrumbList","@id":"https:\/\/www.arquimaster.com.ar\/web\/casa-perdomo-tatu-arquitectura\/#breadcrumb","itemListElement":[{"@type":"ListItem","position":1,"name":"Portada","item":"https:\/\/www.arquimaster.com.ar\/web\/"},{"@type":"ListItem","position":2,"name":"Casa Perdomo \/ TATU Arquitectura"}]},{"@type":"WebSite","@id":"https:\/\/www.arquimaster.com.ar\/web\/#website","url":"https:\/\/www.arquimaster.com.ar\/web\/","name":"Arquimaster","description":"Web de arquitectura, dise\u00f1o y construccion","publisher":{"@id":"https:\/\/www.arquimaster.com.ar\/web\/#organization"},"potentialAction":[{"@type":"SearchAction","target":{"@type":"EntryPoint","urlTemplate":"https:\/\/www.arquimaster.com.ar\/web\/?s={search_term_string}"},"query-input":{"@type":"PropertyValueSpecification","valueRequired":true,"valueName":"search_term_string"}}],"inLanguage":"es"},{"@type":"Organization","@id":"https:\/\/www.arquimaster.com.ar\/web\/#organization","name":"Arquimaster","url":"https:\/\/www.arquimaster.com.ar\/web\/","logo":{"@type":"ImageObject","inLanguage":"es","@id":"https:\/\/www.arquimaster.com.ar\/web\/#\/schema\/logo\/image\/","url":"https:\/\/www.arquimaster.com.ar\/web\/wp-content\/uploads\/2022\/06\/arquimaster.png","contentUrl":"https:\/\/www.arquimaster.com.ar\/web\/wp-content\/uploads\/2022\/06\/arquimaster.png","width":594,"height":78,"caption":"Arquimaster"},"image":{"@id":"https:\/\/www.arquimaster.com.ar\/web\/#\/schema\/logo\/image\/"},"sameAs":["http:\/\/www.facebook.com\/ARQUIMASTER.com.ar","https:\/\/x.com\/arquimaster","https:\/\/www.instagram.com\/arquimasterblog\/","https:\/\/www.linkedin.com\/company\/arquimaster","https:\/\/www.pinterest.com\/arquimaster","https:\/\/t.me\/arquimaster"]},{"@type":"Person","@id":"https:\/\/www.arquimaster.com.ar\/web\/#\/schema\/person\/359e9f7c00193fcde068e0dd2ceb0028","name":"Arquimaster"}]}},"uagb_featured_image_src":{"full":["https:\/\/www.arquimaster.com.ar\/web\/wp-content\/uploads\/2023\/09\/casa_perdomo_slide.jpg",698,364,false],"thumbnail":["https:\/\/www.arquimaster.com.ar\/web\/wp-content\/uploads\/2023\/09\/casa_perdomo_slide-150x150.jpg",150,150,true],"medium":["https:\/\/www.arquimaster.com.ar\/web\/wp-content\/uploads\/2023\/09\/casa_perdomo_slide.jpg",698,364,false],"medium_large":["https:\/\/www.arquimaster.com.ar\/web\/wp-content\/uploads\/2023\/09\/casa_perdomo_slide.jpg",698,364,false],"large":["https:\/\/www.arquimaster.com.ar\/web\/wp-content\/uploads\/2023\/09\/casa_perdomo_slide.jpg",698,364,false],"1536x1536":["https:\/\/www.arquimaster.com.ar\/web\/wp-content\/uploads\/2023\/09\/casa_perdomo_slide.jpg",698,364,false],"2048x2048":["https:\/\/www.arquimaster.com.ar\/web\/wp-content\/uploads\/2023\/09\/casa_perdomo_slide.jpg",698,364,false]},"uagb_author_info":{"display_name":"Arquimaster","author_link":"https:\/\/www.arquimaster.com.ar\/web\/author\/arquimaster\/"},"uagb_comment_info":0,"uagb_excerpt":"La experiencia interior de la casa se acent\u00faa gracias a la b\u00f3veda de la cubierta principal...","_links":{"self":[{"href":"https:\/\/www.arquimaster.com.ar\/web\/wp-json\/wp\/v2\/posts\/77617","targetHints":{"allow":["GET"]}}],"collection":[{"href":"https:\/\/www.arquimaster.com.ar\/web\/wp-json\/wp\/v2\/posts"}],"about":[{"href":"https:\/\/www.arquimaster.com.ar\/web\/wp-json\/wp\/v2\/types\/post"}],"author":[{"embeddable":true,"href":"https:\/\/www.arquimaster.com.ar\/web\/wp-json\/wp\/v2\/users\/1"}],"replies":[{"embeddable":true,"href":"https:\/\/www.arquimaster.com.ar\/web\/wp-json\/wp\/v2\/comments?post=77617"}],"version-history":[{"count":1,"href":"https:\/\/www.arquimaster.com.ar\/web\/wp-json\/wp\/v2\/posts\/77617\/revisions"}],"predecessor-version":[{"id":77652,"href":"https:\/\/www.arquimaster.com.ar\/web\/wp-json\/wp\/v2\/posts\/77617\/revisions\/77652"}],"wp:featuredmedia":[{"embeddable":true,"href":"https:\/\/www.arquimaster.com.ar\/web\/wp-json\/wp\/v2\/media\/77620"}],"wp:attachment":[{"href":"https:\/\/www.arquimaster.com.ar\/web\/wp-json\/wp\/v2\/media?parent=77617"}],"wp:term":[{"taxonomy":"category","embeddable":true,"href":"https:\/\/www.arquimaster.com.ar\/web\/wp-json\/wp\/v2\/categories?post=77617"},{"taxonomy":"post_tag","embeddable":true,"href":"https:\/\/www.arquimaster.com.ar\/web\/wp-json\/wp\/v2\/tags?post=77617"}],"curies":[{"name":"wp","href":"https:\/\/api.w.org\/{rel}","templated":true}]}}