{"id":77781,"date":"2023-10-12T19:46:11","date_gmt":"2023-10-12T22:46:11","guid":{"rendered":"https:\/\/www.arquimaster.com.ar\/web\/?p=77781"},"modified":"2023-10-20T16:08:18","modified_gmt":"2023-10-20T19:08:18","slug":"casa-il-arq-pablo-gagliardo","status":"publish","type":"post","link":"https:\/\/www.arquimaster.com.ar\/web\/casa-il-arq-pablo-gagliardo\/","title":{"rendered":"Casa IL \/ Arq. Pablo Gagliardo"},"content":{"rendered":"<div style=\"margin-top: 0px; margin-bottom: 0px;\" class=\"sharethis-inline-share-buttons\" ><\/div><div class=\"b812932af2e751442846f039925109de\" data-index=\"1\" style=\"float: none; margin:25px 0 25px 0; text-align:center;\">\n<script async src=\"https:\/\/pagead2.googlesyndication.com\/pagead\/js\/adsbygoogle.js\"><\/script>\r\n<!-- Arquimaster (superior) -->\r\n<ins class=\"adsbygoogle\"\r\n     style=\"display:block\"\r\n     data-ad-client=\"ca-pub-6351072698456832\"\r\n     data-ad-slot=\"6455489680\"\r\n     data-ad-format=\"auto\"\r\n     data-full-width-responsive=\"true\"><\/ins>\r\n<script>\r\n     (adsbygoogle = window.adsbygoogle || []).push({});\r\n<\/script>\n<\/div>\n<p><strong>Casa IL<\/strong> (Rosario, Pcia. de Santa Fe, Argentina) por <strong>Arq. Pablo Gagliardo<\/strong>. Vivienda unifamiliar, ubicada en un barrio cerrado a pocos kil\u00f3metros de la ciudad de Rosario, sobre un lote doble en esquina. La casa se conforma b\u00e1sicamente de dos vol\u00famenes, uno sobre el terreno y otro suspendido, conectados por una losa et\u00e9rea que contiene el gran espacio principal de la casa.<\/p>\n<div id='gallery-1' class='gallery galleryid-77781 gallery-columns-3 gallery-size-thumbnail'><figure class='gallery-item'>\n\t\t\t<div class='gallery-icon landscape'>\n\t\t\t\t<a href='https:\/\/www.arquimaster.com.ar\/web\/wp-content\/uploads\/2023\/10\/casa_il_1.jpg' title=\"Casa IL \/ Arq. Pablo Gagliardo (\u00a9 Ramiro Sosa)\" data-rl_title=\"Casa IL \/ Arq. Pablo Gagliardo (\u00a9 Ramiro Sosa)\" class=\"rl-gallery-link\" data-rl_caption=\"Casa IL \/ Arq. Pablo Gagliardo (\u00a9 Ramiro Sosa)\" data-rel=\"lightbox-gallery-1\"><img loading=\"lazy\" decoding=\"async\" width=\"150\" height=\"150\" src=\"https:\/\/www.arquimaster.com.ar\/web\/wp-content\/uploads\/2023\/10\/casa_il_1-150x150.jpg\" class=\"attachment-thumbnail size-thumbnail\" alt=\"Casa IL \/ Arq. Pablo Gagliardo\" aria-describedby=\"gallery-1-77783\" \/><\/a>\n\t\t\t<\/div>\n\t\t\t\t<figcaption class='wp-caption-text gallery-caption' id='gallery-1-77783'>\n\t\t\t\tCasa IL \/ Arq. Pablo Gagliardo (\u00a9 Ramiro Sosa)\n\t\t\t\t<\/figcaption><\/figure><figure class='gallery-item'>\n\t\t\t<div class='gallery-icon landscape'>\n\t\t\t\t<a href='https:\/\/www.arquimaster.com.ar\/web\/wp-content\/uploads\/2023\/10\/casa_il_2.jpg' title=\"Casa IL \/ Arq. Pablo Gagliardo (\u00a9 Ramiro Sosa)\" data-rl_title=\"Casa IL \/ Arq. Pablo Gagliardo (\u00a9 Ramiro Sosa)\" class=\"rl-gallery-link\" data-rl_caption=\"Casa IL \/ Arq. Pablo Gagliardo (\u00a9 Ramiro Sosa)\" data-rel=\"lightbox-gallery-1\"><img loading=\"lazy\" decoding=\"async\" width=\"150\" height=\"150\" src=\"https:\/\/www.arquimaster.com.ar\/web\/wp-content\/uploads\/2023\/10\/casa_il_2-150x150.jpg\" class=\"attachment-thumbnail size-thumbnail\" alt=\"Casa IL \/ Arq. Pablo Gagliardo\" aria-describedby=\"gallery-1-77784\" \/><\/a>\n\t\t\t<\/div>\n\t\t\t\t<figcaption class='wp-caption-text gallery-caption' id='gallery-1-77784'>\n\t\t\t\tCasa IL \/ Arq. Pablo Gagliardo (\u00a9 Ramiro Sosa)\n\t\t\t\t<\/figcaption><\/figure><figure class='gallery-item'>\n\t\t\t<div class='gallery-icon portrait'>\n\t\t\t\t<a href='https:\/\/www.arquimaster.com.ar\/web\/wp-content\/uploads\/2023\/10\/casa_il_3.jpg' title=\"Casa IL \/ Arq. Pablo Gagliardo (\u00a9 Ramiro Sosa)\" data-rl_title=\"Casa IL \/ Arq. Pablo Gagliardo (\u00a9 Ramiro Sosa)\" class=\"rl-gallery-link\" data-rl_caption=\"Casa IL \/ Arq. Pablo Gagliardo (\u00a9 Ramiro Sosa)\" data-rel=\"lightbox-gallery-1\"><img loading=\"lazy\" decoding=\"async\" width=\"150\" height=\"150\" src=\"https:\/\/www.arquimaster.com.ar\/web\/wp-content\/uploads\/2023\/10\/casa_il_3-150x150.jpg\" class=\"attachment-thumbnail size-thumbnail\" alt=\"Casa IL \/ Arq. Pablo Gagliardo\" aria-describedby=\"gallery-1-77785\" \/><\/a>\n\t\t\t<\/div>\n\t\t\t\t<figcaption class='wp-caption-text gallery-caption' id='gallery-1-77785'>\n\t\t\t\tCasa IL \/ Arq. Pablo Gagliardo (\u00a9 Ramiro Sosa)\n\t\t\t\t<\/figcaption><\/figure><figure class='gallery-item'>\n\t\t\t<div class='gallery-icon portrait'>\n\t\t\t\t<a href='https:\/\/www.arquimaster.com.ar\/web\/wp-content\/uploads\/2023\/10\/casa_il_4.jpg' title=\"Casa IL \/ Arq. Pablo Gagliardo (\u00a9 Ramiro Sosa)\" data-rl_title=\"Casa IL \/ Arq. Pablo Gagliardo (\u00a9 Ramiro Sosa)\" class=\"rl-gallery-link\" data-rl_caption=\"Casa IL \/ Arq. Pablo Gagliardo (\u00a9 Ramiro Sosa)\" data-rel=\"lightbox-gallery-1\"><img loading=\"lazy\" decoding=\"async\" width=\"150\" height=\"150\" src=\"https:\/\/www.arquimaster.com.ar\/web\/wp-content\/uploads\/2023\/10\/casa_il_4-150x150.jpg\" class=\"attachment-thumbnail size-thumbnail\" alt=\"Casa IL \/ Arq. Pablo Gagliardo\" aria-describedby=\"gallery-1-77786\" \/><\/a>\n\t\t\t<\/div>\n\t\t\t\t<figcaption class='wp-caption-text gallery-caption' id='gallery-1-77786'>\n\t\t\t\tCasa IL \/ Arq. Pablo Gagliardo (\u00a9 Ramiro Sosa)\n\t\t\t\t<\/figcaption><\/figure><figure class='gallery-item'>\n\t\t\t<div class='gallery-icon portrait'>\n\t\t\t\t<a href='https:\/\/www.arquimaster.com.ar\/web\/wp-content\/uploads\/2023\/10\/casa_il_5.jpg' title=\"Casa IL \/ Arq. Pablo Gagliardo (\u00a9 Ramiro Sosa)\" data-rl_title=\"Casa IL \/ Arq. Pablo Gagliardo (\u00a9 Ramiro Sosa)\" class=\"rl-gallery-link\" data-rl_caption=\"Casa IL \/ Arq. Pablo Gagliardo (\u00a9 Ramiro Sosa)\" data-rel=\"lightbox-gallery-1\"><img loading=\"lazy\" decoding=\"async\" width=\"150\" height=\"150\" src=\"https:\/\/www.arquimaster.com.ar\/web\/wp-content\/uploads\/2023\/10\/casa_il_5-150x150.jpg\" class=\"attachment-thumbnail size-thumbnail\" alt=\"Casa IL \/ Arq. Pablo Gagliardo\" aria-describedby=\"gallery-1-77787\" \/><\/a>\n\t\t\t<\/div>\n\t\t\t\t<figcaption class='wp-caption-text gallery-caption' id='gallery-1-77787'>\n\t\t\t\tCasa IL \/ Arq. Pablo Gagliardo (\u00a9 Ramiro Sosa)\n\t\t\t\t<\/figcaption><\/figure><figure class='gallery-item'>\n\t\t\t<div class='gallery-icon portrait'>\n\t\t\t\t<a href='https:\/\/www.arquimaster.com.ar\/web\/wp-content\/uploads\/2023\/10\/casa_il_6.jpg' title=\"Casa IL \/ Arq. Pablo Gagliardo (\u00a9 Ramiro Sosa)\" data-rl_title=\"Casa IL \/ Arq. Pablo Gagliardo (\u00a9 Ramiro Sosa)\" class=\"rl-gallery-link\" data-rl_caption=\"Casa IL \/ Arq. Pablo Gagliardo (\u00a9 Ramiro Sosa)\" data-rel=\"lightbox-gallery-1\"><img loading=\"lazy\" decoding=\"async\" width=\"150\" height=\"150\" src=\"https:\/\/www.arquimaster.com.ar\/web\/wp-content\/uploads\/2023\/10\/casa_il_6-150x150.jpg\" class=\"attachment-thumbnail size-thumbnail\" alt=\"Casa IL \/ Arq. Pablo Gagliardo\" aria-describedby=\"gallery-1-77788\" \/><\/a>\n\t\t\t<\/div>\n\t\t\t\t<figcaption class='wp-caption-text gallery-caption' id='gallery-1-77788'>\n\t\t\t\tCasa IL \/ Arq. Pablo Gagliardo (\u00a9 Ramiro Sosa)\n\t\t\t\t<\/figcaption><\/figure><figure class='gallery-item'>\n\t\t\t<div class='gallery-icon landscape'>\n\t\t\t\t<a href='https:\/\/www.arquimaster.com.ar\/web\/wp-content\/uploads\/2023\/10\/casa_il_7.jpg' title=\"Casa IL \/ Arq. Pablo Gagliardo (\u00a9 Ramiro Sosa)\" data-rl_title=\"Casa IL \/ Arq. Pablo Gagliardo (\u00a9 Ramiro Sosa)\" class=\"rl-gallery-link\" data-rl_caption=\"Casa IL \/ Arq. Pablo Gagliardo (\u00a9 Ramiro Sosa)\" data-rel=\"lightbox-gallery-1\"><img loading=\"lazy\" decoding=\"async\" width=\"150\" height=\"150\" src=\"https:\/\/www.arquimaster.com.ar\/web\/wp-content\/uploads\/2023\/10\/casa_il_7-150x150.jpg\" class=\"attachment-thumbnail size-thumbnail\" alt=\"Casa IL \/ Arq. Pablo Gagliardo\" aria-describedby=\"gallery-1-77789\" \/><\/a>\n\t\t\t<\/div>\n\t\t\t\t<figcaption class='wp-caption-text gallery-caption' id='gallery-1-77789'>\n\t\t\t\tCasa IL \/ Arq. Pablo Gagliardo (\u00a9 Ramiro Sosa)\n\t\t\t\t<\/figcaption><\/figure><figure class='gallery-item'>\n\t\t\t<div class='gallery-icon landscape'>\n\t\t\t\t<a href='https:\/\/www.arquimaster.com.ar\/web\/wp-content\/uploads\/2023\/10\/casa_il_8.jpg' title=\"Casa IL \/ Arq. Pablo Gagliardo (\u00a9 Ramiro Sosa)\" data-rl_title=\"Casa IL \/ Arq. Pablo Gagliardo (\u00a9 Ramiro Sosa)\" class=\"rl-gallery-link\" data-rl_caption=\"Casa IL \/ Arq. Pablo Gagliardo (\u00a9 Ramiro Sosa)\" data-rel=\"lightbox-gallery-1\"><img loading=\"lazy\" decoding=\"async\" width=\"150\" height=\"150\" src=\"https:\/\/www.arquimaster.com.ar\/web\/wp-content\/uploads\/2023\/10\/casa_il_8-150x150.jpg\" class=\"attachment-thumbnail size-thumbnail\" alt=\"Casa IL \/ Arq. Pablo Gagliardo\" aria-describedby=\"gallery-1-77790\" srcset=\"https:\/\/www.arquimaster.com.ar\/web\/wp-content\/uploads\/2023\/10\/casa_il_8-150x150.jpg 150w, https:\/\/www.arquimaster.com.ar\/web\/wp-content\/uploads\/2023\/10\/casa_il_8-768x768.jpg 768w, https:\/\/www.arquimaster.com.ar\/web\/wp-content\/uploads\/2023\/10\/casa_il_8.jpg 1500w\" sizes=\"auto, (max-width: 150px) 100vw, 150px\" \/><\/a>\n\t\t\t<\/div>\n\t\t\t\t<figcaption class='wp-caption-text gallery-caption' id='gallery-1-77790'>\n\t\t\t\tCasa IL \/ Arq. Pablo Gagliardo (\u00a9 Ramiro Sosa)\n\t\t\t\t<\/figcaption><\/figure><figure class='gallery-item'>\n\t\t\t<div class='gallery-icon landscape'>\n\t\t\t\t<a href='https:\/\/www.arquimaster.com.ar\/web\/wp-content\/uploads\/2023\/10\/casa_il_9.jpg' title=\"Casa IL \/ Arq. Pablo Gagliardo (\u00a9 Ramiro Sosa)\" data-rl_title=\"Casa IL \/ Arq. Pablo Gagliardo (\u00a9 Ramiro Sosa)\" class=\"rl-gallery-link\" data-rl_caption=\"Casa IL \/ Arq. Pablo Gagliardo (\u00a9 Ramiro Sosa)\" data-rel=\"lightbox-gallery-1\"><img loading=\"lazy\" decoding=\"async\" width=\"150\" height=\"150\" src=\"https:\/\/www.arquimaster.com.ar\/web\/wp-content\/uploads\/2023\/10\/casa_il_9-150x150.jpg\" class=\"attachment-thumbnail size-thumbnail\" alt=\"Casa IL \/ Arq. Pablo Gagliardo\" aria-describedby=\"gallery-1-77791\" \/><\/a>\n\t\t\t<\/div>\n\t\t\t\t<figcaption class='wp-caption-text gallery-caption' id='gallery-1-77791'>\n\t\t\t\tCasa IL \/ Arq. Pablo Gagliardo (\u00a9 Ramiro Sosa)\n\t\t\t\t<\/figcaption><\/figure><figure class='gallery-item'>\n\t\t\t<div class='gallery-icon landscape'>\n\t\t\t\t<a href='https:\/\/www.arquimaster.com.ar\/web\/wp-content\/uploads\/2023\/10\/casa_il_10.jpg' title=\"Casa IL \/ Arq. Pablo Gagliardo (\u00a9 Ramiro Sosa)\" data-rl_title=\"Casa IL \/ Arq. Pablo Gagliardo (\u00a9 Ramiro Sosa)\" class=\"rl-gallery-link\" data-rl_caption=\"Casa IL \/ Arq. Pablo Gagliardo (\u00a9 Ramiro Sosa)\" data-rel=\"lightbox-gallery-1\"><img loading=\"lazy\" decoding=\"async\" width=\"150\" height=\"150\" src=\"https:\/\/www.arquimaster.com.ar\/web\/wp-content\/uploads\/2023\/10\/casa_il_10-150x150.jpg\" class=\"attachment-thumbnail size-thumbnail\" alt=\"Casa IL \/ Arq. Pablo Gagliardo\" aria-describedby=\"gallery-1-77792\" \/><\/a>\n\t\t\t<\/div>\n\t\t\t\t<figcaption class='wp-caption-text gallery-caption' id='gallery-1-77792'>\n\t\t\t\tCasa IL \/ Arq. Pablo Gagliardo (\u00a9 Ramiro Sosa)\n\t\t\t\t<\/figcaption><\/figure><figure class='gallery-item'>\n\t\t\t<div class='gallery-icon landscape'>\n\t\t\t\t<a href='https:\/\/www.arquimaster.com.ar\/web\/wp-content\/uploads\/2023\/10\/casa_il_11.jpg' title=\"Casa IL \/ Arq. Pablo Gagliardo (\u00a9 Ramiro Sosa)\" data-rl_title=\"Casa IL \/ Arq. Pablo Gagliardo (\u00a9 Ramiro Sosa)\" class=\"rl-gallery-link\" data-rl_caption=\"Casa IL \/ Arq. Pablo Gagliardo (\u00a9 Ramiro Sosa)\" data-rel=\"lightbox-gallery-1\"><img loading=\"lazy\" decoding=\"async\" width=\"150\" height=\"150\" src=\"https:\/\/www.arquimaster.com.ar\/web\/wp-content\/uploads\/2023\/10\/casa_il_11-150x150.jpg\" class=\"attachment-thumbnail size-thumbnail\" alt=\"Casa IL \/ Arq. Pablo Gagliardo\" aria-describedby=\"gallery-1-77793\" \/><\/a>\n\t\t\t<\/div>\n\t\t\t\t<figcaption class='wp-caption-text gallery-caption' id='gallery-1-77793'>\n\t\t\t\tCasa IL \/ Arq. Pablo Gagliardo (\u00a9 Ramiro Sosa)\n\t\t\t\t<\/figcaption><\/figure><figure class='gallery-item'>\n\t\t\t<div class='gallery-icon portrait'>\n\t\t\t\t<a href='https:\/\/www.arquimaster.com.ar\/web\/wp-content\/uploads\/2023\/10\/casa_il_12.jpg' title=\"Casa IL \/ Arq. Pablo Gagliardo (\u00a9 Ramiro Sosa)\" data-rl_title=\"Casa IL \/ Arq. Pablo Gagliardo (\u00a9 Ramiro Sosa)\" class=\"rl-gallery-link\" data-rl_caption=\"Casa IL \/ Arq. Pablo Gagliardo (\u00a9 Ramiro Sosa)\" data-rel=\"lightbox-gallery-1\"><img loading=\"lazy\" decoding=\"async\" width=\"150\" height=\"150\" src=\"https:\/\/www.arquimaster.com.ar\/web\/wp-content\/uploads\/2023\/10\/casa_il_12-150x150.jpg\" class=\"attachment-thumbnail size-thumbnail\" alt=\"Casa IL \/ Arq. Pablo Gagliardo\" aria-describedby=\"gallery-1-77794\" \/><\/a>\n\t\t\t<\/div>\n\t\t\t\t<figcaption class='wp-caption-text gallery-caption' id='gallery-1-77794'>\n\t\t\t\tCasa IL \/ Arq. Pablo Gagliardo (\u00a9 Ramiro Sosa)\n\t\t\t\t<\/figcaption><\/figure><figure class='gallery-item'>\n\t\t\t<div class='gallery-icon portrait'>\n\t\t\t\t<a href='https:\/\/www.arquimaster.com.ar\/web\/wp-content\/uploads\/2023\/10\/casa_il_13.jpg' title=\"Casa IL \/ Arq. Pablo Gagliardo (\u00a9 Ramiro Sosa)\" data-rl_title=\"Casa IL \/ Arq. Pablo Gagliardo (\u00a9 Ramiro Sosa)\" class=\"rl-gallery-link\" data-rl_caption=\"Casa IL \/ Arq. Pablo Gagliardo (\u00a9 Ramiro Sosa)\" data-rel=\"lightbox-gallery-1\"><img loading=\"lazy\" decoding=\"async\" width=\"150\" height=\"150\" src=\"https:\/\/www.arquimaster.com.ar\/web\/wp-content\/uploads\/2023\/10\/casa_il_13-150x150.jpg\" class=\"attachment-thumbnail size-thumbnail\" alt=\"Casa IL \/ Arq. Pablo Gagliardo\" aria-describedby=\"gallery-1-77795\" \/><\/a>\n\t\t\t<\/div>\n\t\t\t\t<figcaption class='wp-caption-text gallery-caption' id='gallery-1-77795'>\n\t\t\t\tCasa IL \/ Arq. Pablo Gagliardo (\u00a9 Ramiro Sosa)\n\t\t\t\t<\/figcaption><\/figure><figure class='gallery-item'>\n\t\t\t<div class='gallery-icon landscape'>\n\t\t\t\t<a href='https:\/\/www.arquimaster.com.ar\/web\/wp-content\/uploads\/2023\/10\/casa_il_14.jpg' title=\"Casa IL \/ Arq. Pablo Gagliardo (\u00a9 Ramiro Sosa)\" data-rl_title=\"Casa IL \/ Arq. Pablo Gagliardo (\u00a9 Ramiro Sosa)\" class=\"rl-gallery-link\" data-rl_caption=\"Casa IL \/ Arq. Pablo Gagliardo (\u00a9 Ramiro Sosa)\" data-rel=\"lightbox-gallery-1\"><img loading=\"lazy\" decoding=\"async\" width=\"150\" height=\"150\" src=\"https:\/\/www.arquimaster.com.ar\/web\/wp-content\/uploads\/2023\/10\/casa_il_14-150x150.jpg\" class=\"attachment-thumbnail size-thumbnail\" alt=\"Casa IL \/ Arq. Pablo Gagliardo\" aria-describedby=\"gallery-1-77796\" \/><\/a>\n\t\t\t<\/div>\n\t\t\t\t<figcaption class='wp-caption-text gallery-caption' id='gallery-1-77796'>\n\t\t\t\tCasa IL \/ Arq. Pablo Gagliardo (\u00a9 Ramiro Sosa)\n\t\t\t\t<\/figcaption><\/figure><figure class='gallery-item'>\n\t\t\t<div class='gallery-icon portrait'>\n\t\t\t\t<a href='https:\/\/www.arquimaster.com.ar\/web\/wp-content\/uploads\/2023\/10\/casa_il_15.jpg' title=\"Casa IL \/ Arq. Pablo Gagliardo (\u00a9 Ramiro Sosa)\" data-rl_title=\"Casa IL \/ Arq. Pablo Gagliardo (\u00a9 Ramiro Sosa)\" class=\"rl-gallery-link\" data-rl_caption=\"Casa IL \/ Arq. Pablo Gagliardo (\u00a9 Ramiro Sosa)\" data-rel=\"lightbox-gallery-1\"><img loading=\"lazy\" decoding=\"async\" width=\"150\" height=\"150\" src=\"https:\/\/www.arquimaster.com.ar\/web\/wp-content\/uploads\/2023\/10\/casa_il_15-150x150.jpg\" class=\"attachment-thumbnail size-thumbnail\" alt=\"Casa IL \/ Arq. Pablo Gagliardo\" aria-describedby=\"gallery-1-77797\" \/><\/a>\n\t\t\t<\/div>\n\t\t\t\t<figcaption class='wp-caption-text gallery-caption' id='gallery-1-77797'>\n\t\t\t\tCasa IL \/ Arq. Pablo Gagliardo (\u00a9 Ramiro Sosa)\n\t\t\t\t<\/figcaption><\/figure><figure class='gallery-item'>\n\t\t\t<div class='gallery-icon portrait'>\n\t\t\t\t<a href='https:\/\/www.arquimaster.com.ar\/web\/wp-content\/uploads\/2023\/10\/casa_il_16.jpg' title=\"Casa IL \/ Arq. Pablo Gagliardo (\u00a9 Ramiro Sosa)\" data-rl_title=\"Casa IL \/ Arq. Pablo Gagliardo (\u00a9 Ramiro Sosa)\" class=\"rl-gallery-link\" data-rl_caption=\"Casa IL \/ Arq. Pablo Gagliardo (\u00a9 Ramiro Sosa)\" data-rel=\"lightbox-gallery-1\"><img loading=\"lazy\" decoding=\"async\" width=\"150\" height=\"150\" src=\"https:\/\/www.arquimaster.com.ar\/web\/wp-content\/uploads\/2023\/10\/casa_il_16-150x150.jpg\" class=\"attachment-thumbnail size-thumbnail\" alt=\"Casa IL \/ Arq. Pablo Gagliardo\" aria-describedby=\"gallery-1-77798\" \/><\/a>\n\t\t\t<\/div>\n\t\t\t\t<figcaption class='wp-caption-text gallery-caption' id='gallery-1-77798'>\n\t\t\t\tCasa IL \/ Arq. Pablo Gagliardo (\u00a9 Ramiro Sosa)\n\t\t\t\t<\/figcaption><\/figure><figure class='gallery-item'>\n\t\t\t<div class='gallery-icon landscape'>\n\t\t\t\t<a href='https:\/\/www.arquimaster.com.ar\/web\/wp-content\/uploads\/2023\/10\/casa_il_17.jpg' title=\"Casa IL \/ Arq. Pablo Gagliardo (\u00a9 Ramiro Sosa)\" data-rl_title=\"Casa IL \/ Arq. Pablo Gagliardo (\u00a9 Ramiro Sosa)\" class=\"rl-gallery-link\" data-rl_caption=\"Casa IL \/ Arq. Pablo Gagliardo (\u00a9 Ramiro Sosa)\" data-rel=\"lightbox-gallery-1\"><img loading=\"lazy\" decoding=\"async\" width=\"150\" height=\"150\" src=\"https:\/\/www.arquimaster.com.ar\/web\/wp-content\/uploads\/2023\/10\/casa_il_17-150x150.jpg\" class=\"attachment-thumbnail size-thumbnail\" alt=\"Casa IL \/ Arq. Pablo Gagliardo\" aria-describedby=\"gallery-1-77799\" \/><\/a>\n\t\t\t<\/div>\n\t\t\t\t<figcaption class='wp-caption-text gallery-caption' id='gallery-1-77799'>\n\t\t\t\tCasa IL \/ Arq. Pablo Gagliardo (\u00a9 Ramiro Sosa)\n\t\t\t\t<\/figcaption><\/figure><figure class='gallery-item'>\n\t\t\t<div class='gallery-icon landscape'>\n\t\t\t\t<a href='https:\/\/www.arquimaster.com.ar\/web\/wp-content\/uploads\/2023\/10\/casa_il_18.jpg' title=\"Casa IL \/ Arq. Pablo Gagliardo (\u00a9 Ramiro Sosa)\" data-rl_title=\"Casa IL \/ Arq. Pablo Gagliardo (\u00a9 Ramiro Sosa)\" class=\"rl-gallery-link\" data-rl_caption=\"Casa IL \/ Arq. Pablo Gagliardo (\u00a9 Ramiro Sosa)\" data-rel=\"lightbox-gallery-1\"><img loading=\"lazy\" decoding=\"async\" width=\"150\" height=\"150\" src=\"https:\/\/www.arquimaster.com.ar\/web\/wp-content\/uploads\/2023\/10\/casa_il_18-150x150.jpg\" class=\"attachment-thumbnail size-thumbnail\" alt=\"Casa IL \/ Arq. Pablo Gagliardo\" aria-describedby=\"gallery-1-77800\" \/><\/a>\n\t\t\t<\/div>\n\t\t\t\t<figcaption class='wp-caption-text gallery-caption' id='gallery-1-77800'>\n\t\t\t\tCasa IL \/ Arq. Pablo Gagliardo (\u00a9 Ramiro Sosa)\n\t\t\t\t<\/figcaption><\/figure><figure class='gallery-item'>\n\t\t\t<div class='gallery-icon landscape'>\n\t\t\t\t<a href='https:\/\/www.arquimaster.com.ar\/web\/wp-content\/uploads\/2023\/10\/casa_il_19.jpg' title=\"Casa IL \/ Arq. Pablo Gagliardo (\u00a9 Ramiro Sosa)\" data-rl_title=\"Casa IL \/ Arq. Pablo Gagliardo (\u00a9 Ramiro Sosa)\" class=\"rl-gallery-link\" data-rl_caption=\"Casa IL \/ Arq. Pablo Gagliardo (\u00a9 Ramiro Sosa)\" data-rel=\"lightbox-gallery-1\"><img loading=\"lazy\" decoding=\"async\" width=\"150\" height=\"150\" src=\"https:\/\/www.arquimaster.com.ar\/web\/wp-content\/uploads\/2023\/10\/casa_il_19-150x150.jpg\" class=\"attachment-thumbnail size-thumbnail\" alt=\"Casa IL \/ Arq. Pablo Gagliardo\" aria-describedby=\"gallery-1-77801\" \/><\/a>\n\t\t\t<\/div>\n\t\t\t\t<figcaption class='wp-caption-text gallery-caption' id='gallery-1-77801'>\n\t\t\t\tCasa IL \/ Arq. Pablo Gagliardo (\u00a9 Ramiro Sosa)\n\t\t\t\t<\/figcaption><\/figure><figure class='gallery-item'>\n\t\t\t<div class='gallery-icon landscape'>\n\t\t\t\t<a href='https:\/\/www.arquimaster.com.ar\/web\/wp-content\/uploads\/2023\/10\/casa_il_20.jpg' title=\"Casa IL \/ Arq. Pablo Gagliardo (\u00a9 Ramiro Sosa)\" data-rl_title=\"Casa IL \/ Arq. Pablo Gagliardo (\u00a9 Ramiro Sosa)\" class=\"rl-gallery-link\" data-rl_caption=\"Casa IL \/ Arq. Pablo Gagliardo (\u00a9 Ramiro Sosa)\" data-rel=\"lightbox-gallery-1\"><img loading=\"lazy\" decoding=\"async\" width=\"150\" height=\"150\" src=\"https:\/\/www.arquimaster.com.ar\/web\/wp-content\/uploads\/2023\/10\/casa_il_20-150x150.jpg\" class=\"attachment-thumbnail size-thumbnail\" alt=\"Casa IL \/ Arq. Pablo Gagliardo\" aria-describedby=\"gallery-1-77802\" \/><\/a>\n\t\t\t<\/div>\n\t\t\t\t<figcaption class='wp-caption-text gallery-caption' id='gallery-1-77802'>\n\t\t\t\tCasa IL \/ Arq. Pablo Gagliardo (\u00a9 Ramiro Sosa)\n\t\t\t\t<\/figcaption><\/figure><figure class='gallery-item'>\n\t\t\t<div class='gallery-icon landscape'>\n\t\t\t\t<a href='https:\/\/www.arquimaster.com.ar\/web\/wp-content\/uploads\/2023\/10\/casa_il_21.jpg' title=\"Casa IL \/ Arq. Pablo Gagliardo (\u00a9 Ramiro Sosa)\" data-rl_title=\"Casa IL \/ Arq. Pablo Gagliardo (\u00a9 Ramiro Sosa)\" class=\"rl-gallery-link\" data-rl_caption=\"Casa IL \/ Arq. Pablo Gagliardo (\u00a9 Ramiro Sosa)\" data-rel=\"lightbox-gallery-1\"><img loading=\"lazy\" decoding=\"async\" width=\"150\" height=\"150\" src=\"https:\/\/www.arquimaster.com.ar\/web\/wp-content\/uploads\/2023\/10\/casa_il_21-150x150.jpg\" class=\"attachment-thumbnail size-thumbnail\" alt=\"Casa IL \/ Arq. Pablo Gagliardo\" aria-describedby=\"gallery-1-77803\" \/><\/a>\n\t\t\t<\/div>\n\t\t\t\t<figcaption class='wp-caption-text gallery-caption' id='gallery-1-77803'>\n\t\t\t\tCasa IL \/ Arq. Pablo Gagliardo (\u00a9 Ramiro Sosa)\n\t\t\t\t<\/figcaption><\/figure><figure class='gallery-item'>\n\t\t\t<div class='gallery-icon landscape'>\n\t\t\t\t<a href='https:\/\/www.arquimaster.com.ar\/web\/wp-content\/uploads\/2023\/10\/casa_il_22.jpg' title=\"Casa IL \/ Arq. Pablo Gagliardo (\u00a9 Ramiro Sosa)\" data-rl_title=\"Casa IL \/ Arq. Pablo Gagliardo (\u00a9 Ramiro Sosa)\" class=\"rl-gallery-link\" data-rl_caption=\"Casa IL \/ Arq. Pablo Gagliardo (\u00a9 Ramiro Sosa)\" data-rel=\"lightbox-gallery-1\"><img loading=\"lazy\" decoding=\"async\" width=\"150\" height=\"150\" src=\"https:\/\/www.arquimaster.com.ar\/web\/wp-content\/uploads\/2023\/10\/casa_il_22-150x150.jpg\" class=\"attachment-thumbnail size-thumbnail\" alt=\"Casa IL \/ Arq. Pablo Gagliardo\" aria-describedby=\"gallery-1-77804\" \/><\/a>\n\t\t\t<\/div>\n\t\t\t\t<figcaption class='wp-caption-text gallery-caption' id='gallery-1-77804'>\n\t\t\t\tCasa IL \/ Arq. Pablo Gagliardo (\u00a9 Ramiro Sosa)\n\t\t\t\t<\/figcaption><\/figure><figure class='gallery-item'>\n\t\t\t<div class='gallery-icon landscape'>\n\t\t\t\t<a href='https:\/\/www.arquimaster.com.ar\/web\/wp-content\/uploads\/2023\/10\/casa_il_23.jpg' title=\"Casa IL \/ Arq. Pablo Gagliardo (\u00a9 Ramiro Sosa)\" data-rl_title=\"Casa IL \/ Arq. Pablo Gagliardo (\u00a9 Ramiro Sosa)\" class=\"rl-gallery-link\" data-rl_caption=\"Casa IL \/ Arq. Pablo Gagliardo (\u00a9 Ramiro Sosa)\" data-rel=\"lightbox-gallery-1\"><img loading=\"lazy\" decoding=\"async\" width=\"150\" height=\"150\" src=\"https:\/\/www.arquimaster.com.ar\/web\/wp-content\/uploads\/2023\/10\/casa_il_23-150x150.jpg\" class=\"attachment-thumbnail size-thumbnail\" alt=\"Casa IL \/ Arq. Pablo Gagliardo\" aria-describedby=\"gallery-1-77805\" \/><\/a>\n\t\t\t<\/div>\n\t\t\t\t<figcaption class='wp-caption-text gallery-caption' id='gallery-1-77805'>\n\t\t\t\tCasa IL \/ Arq. Pablo Gagliardo (\u00a9 Ramiro Sosa)\n\t\t\t\t<\/figcaption><\/figure><figure class='gallery-item'>\n\t\t\t<div class='gallery-icon portrait'>\n\t\t\t\t<a href='https:\/\/www.arquimaster.com.ar\/web\/wp-content\/uploads\/2023\/10\/casa_il_24.jpg' title=\"Casa IL \/ Arq. Pablo Gagliardo (\u00a9 Ramiro Sosa)\" data-rl_title=\"Casa IL \/ Arq. Pablo Gagliardo (\u00a9 Ramiro Sosa)\" class=\"rl-gallery-link\" data-rl_caption=\"Casa IL \/ Arq. Pablo Gagliardo (\u00a9 Ramiro Sosa)\" data-rel=\"lightbox-gallery-1\"><img loading=\"lazy\" decoding=\"async\" width=\"150\" height=\"150\" src=\"https:\/\/www.arquimaster.com.ar\/web\/wp-content\/uploads\/2023\/10\/casa_il_24-150x150.jpg\" class=\"attachment-thumbnail size-thumbnail\" alt=\"Casa IL \/ Arq. Pablo Gagliardo\" aria-describedby=\"gallery-1-77806\" \/><\/a>\n\t\t\t<\/div>\n\t\t\t\t<figcaption class='wp-caption-text gallery-caption' id='gallery-1-77806'>\n\t\t\t\tCasa IL \/ Arq. Pablo Gagliardo (\u00a9 Ramiro Sosa)\n\t\t\t\t<\/figcaption><\/figure><figure class='gallery-item'>\n\t\t\t<div class='gallery-icon landscape'>\n\t\t\t\t<a href='https:\/\/www.arquimaster.com.ar\/web\/wp-content\/uploads\/2023\/10\/casa_il_25.jpg' title=\"Casa IL \/ Arq. Pablo Gagliardo (\u00a9 Ramiro Sosa)\" data-rl_title=\"Casa IL \/ Arq. Pablo Gagliardo (\u00a9 Ramiro Sosa)\" class=\"rl-gallery-link\" data-rl_caption=\"Casa IL \/ Arq. Pablo Gagliardo (\u00a9 Ramiro Sosa)\" data-rel=\"lightbox-gallery-1\"><img loading=\"lazy\" decoding=\"async\" width=\"150\" height=\"150\" src=\"https:\/\/www.arquimaster.com.ar\/web\/wp-content\/uploads\/2023\/10\/casa_il_25-150x150.jpg\" class=\"attachment-thumbnail size-thumbnail\" alt=\"Casa IL \/ Arq. Pablo Gagliardo\" aria-describedby=\"gallery-1-77807\" \/><\/a>\n\t\t\t<\/div>\n\t\t\t\t<figcaption class='wp-caption-text gallery-caption' id='gallery-1-77807'>\n\t\t\t\tCasa IL \/ Arq. Pablo Gagliardo (\u00a9 Ramiro Sosa)\n\t\t\t\t<\/figcaption><\/figure><figure class='gallery-item'>\n\t\t\t<div class='gallery-icon landscape'>\n\t\t\t\t<a href='https:\/\/www.arquimaster.com.ar\/web\/wp-content\/uploads\/2023\/10\/casa_il_26.jpg' title=\"Casa IL \/ Arq. Pablo Gagliardo (\u00a9 Ramiro Sosa)\" data-rl_title=\"Casa IL \/ Arq. Pablo Gagliardo (\u00a9 Ramiro Sosa)\" class=\"rl-gallery-link\" data-rl_caption=\"Casa IL \/ Arq. Pablo Gagliardo (\u00a9 Ramiro Sosa)\" data-rel=\"lightbox-gallery-1\"><img loading=\"lazy\" decoding=\"async\" width=\"150\" height=\"150\" src=\"https:\/\/www.arquimaster.com.ar\/web\/wp-content\/uploads\/2023\/10\/casa_il_26-150x150.jpg\" class=\"attachment-thumbnail size-thumbnail\" alt=\"Casa IL \/ Arq. Pablo Gagliardo\" aria-describedby=\"gallery-1-77808\" \/><\/a>\n\t\t\t<\/div>\n\t\t\t\t<figcaption class='wp-caption-text gallery-caption' id='gallery-1-77808'>\n\t\t\t\tCasa IL \/ Arq. Pablo Gagliardo (\u00a9 Ramiro Sosa)\n\t\t\t\t<\/figcaption><\/figure><figure class='gallery-item'>\n\t\t\t<div class='gallery-icon landscape'>\n\t\t\t\t<a href='https:\/\/www.arquimaster.com.ar\/web\/wp-content\/uploads\/2023\/10\/casa_il_27.jpg' title=\"Casa IL \/ Arq. Pablo Gagliardo (\u00a9 Ramiro Sosa)\" data-rl_title=\"Casa IL \/ Arq. Pablo Gagliardo (\u00a9 Ramiro Sosa)\" class=\"rl-gallery-link\" data-rl_caption=\"Casa IL \/ Arq. Pablo Gagliardo (\u00a9 Ramiro Sosa)\" data-rel=\"lightbox-gallery-1\"><img loading=\"lazy\" decoding=\"async\" width=\"150\" height=\"150\" src=\"https:\/\/www.arquimaster.com.ar\/web\/wp-content\/uploads\/2023\/10\/casa_il_27-150x150.jpg\" class=\"attachment-thumbnail size-thumbnail\" alt=\"Casa IL \/ Arq. Pablo Gagliardo\" aria-describedby=\"gallery-1-77809\" \/><\/a>\n\t\t\t<\/div>\n\t\t\t\t<figcaption class='wp-caption-text gallery-caption' id='gallery-1-77809'>\n\t\t\t\tCasa IL \/ Arq. Pablo Gagliardo (\u00a9 Ramiro Sosa)\n\t\t\t\t<\/figcaption><\/figure><figure class='gallery-item'>\n\t\t\t<div class='gallery-icon landscape'>\n\t\t\t\t<a href='https:\/\/www.arquimaster.com.ar\/web\/wp-content\/uploads\/2023\/10\/casa_il_28.jpg' title=\"Casa IL \/ Arq. Pablo Gagliardo (\u00a9 Ramiro Sosa)\" data-rl_title=\"Casa IL \/ Arq. Pablo Gagliardo (\u00a9 Ramiro Sosa)\" class=\"rl-gallery-link\" data-rl_caption=\"Casa IL \/ Arq. Pablo Gagliardo (\u00a9 Ramiro Sosa)\" data-rel=\"lightbox-gallery-1\"><img loading=\"lazy\" decoding=\"async\" width=\"150\" height=\"150\" src=\"https:\/\/www.arquimaster.com.ar\/web\/wp-content\/uploads\/2023\/10\/casa_il_28-150x150.jpg\" class=\"attachment-thumbnail size-thumbnail\" alt=\"Casa IL \/ Arq. Pablo Gagliardo\" aria-describedby=\"gallery-1-77810\" \/><\/a>\n\t\t\t<\/div>\n\t\t\t\t<figcaption class='wp-caption-text gallery-caption' id='gallery-1-77810'>\n\t\t\t\tCasa IL \/ Arq. Pablo Gagliardo (\u00a9 Ramiro Sosa)\n\t\t\t\t<\/figcaption><\/figure><figure class='gallery-item'>\n\t\t\t<div class='gallery-icon portrait'>\n\t\t\t\t<a href='https:\/\/www.arquimaster.com.ar\/web\/wp-content\/uploads\/2023\/10\/casa_il_29.jpg' title=\"Casa IL \/ Arq. Pablo Gagliardo (\u00a9 Ramiro Sosa)\" data-rl_title=\"Casa IL \/ Arq. Pablo Gagliardo (\u00a9 Ramiro Sosa)\" class=\"rl-gallery-link\" data-rl_caption=\"Casa IL \/ Arq. Pablo Gagliardo (\u00a9 Ramiro Sosa)\" data-rel=\"lightbox-gallery-1\"><img loading=\"lazy\" decoding=\"async\" width=\"150\" height=\"150\" src=\"https:\/\/www.arquimaster.com.ar\/web\/wp-content\/uploads\/2023\/10\/casa_il_29-150x150.jpg\" class=\"attachment-thumbnail size-thumbnail\" alt=\"Casa IL \/ Arq. Pablo Gagliardo\" aria-describedby=\"gallery-1-77811\" \/><\/a>\n\t\t\t<\/div>\n\t\t\t\t<figcaption class='wp-caption-text gallery-caption' id='gallery-1-77811'>\n\t\t\t\tCasa IL \/ Arq. Pablo Gagliardo (\u00a9 Ramiro Sosa)\n\t\t\t\t<\/figcaption><\/figure><figure class='gallery-item'>\n\t\t\t<div class='gallery-icon landscape'>\n\t\t\t\t<a href='https:\/\/www.arquimaster.com.ar\/web\/wp-content\/uploads\/2023\/10\/casa_il_30.jpg' title=\"Casa IL \/ Arq. Pablo Gagliardo (\u00a9 Ramiro Sosa)\" data-rl_title=\"Casa IL \/ Arq. Pablo Gagliardo (\u00a9 Ramiro Sosa)\" class=\"rl-gallery-link\" data-rl_caption=\"Casa IL \/ Arq. Pablo Gagliardo (\u00a9 Ramiro Sosa)\" data-rel=\"lightbox-gallery-1\"><img loading=\"lazy\" decoding=\"async\" width=\"150\" height=\"150\" src=\"https:\/\/www.arquimaster.com.ar\/web\/wp-content\/uploads\/2023\/10\/casa_il_30-150x150.jpg\" class=\"attachment-thumbnail size-thumbnail\" alt=\"Casa IL \/ Arq. Pablo Gagliardo\" aria-describedby=\"gallery-1-77812\" \/><\/a>\n\t\t\t<\/div>\n\t\t\t\t<figcaption class='wp-caption-text gallery-caption' id='gallery-1-77812'>\n\t\t\t\tCasa IL \/ Arq. Pablo Gagliardo (\u00a9 Ramiro Sosa)\n\t\t\t\t<\/figcaption><\/figure><figure class='gallery-item'>\n\t\t\t<div class='gallery-icon landscape'>\n\t\t\t\t<a href='https:\/\/www.arquimaster.com.ar\/web\/wp-content\/uploads\/2023\/10\/casa_il_31.jpg' title=\"Casa IL \/ Arq. Pablo Gagliardo (\u00a9 Ramiro Sosa)\" data-rl_title=\"Casa IL \/ Arq. Pablo Gagliardo (\u00a9 Ramiro Sosa)\" class=\"rl-gallery-link\" data-rl_caption=\"Casa IL \/ Arq. Pablo Gagliardo (\u00a9 Ramiro Sosa)\" data-rel=\"lightbox-gallery-1\"><img loading=\"lazy\" decoding=\"async\" width=\"150\" height=\"150\" src=\"https:\/\/www.arquimaster.com.ar\/web\/wp-content\/uploads\/2023\/10\/casa_il_31-150x150.jpg\" class=\"attachment-thumbnail size-thumbnail\" alt=\"Casa IL \/ Arq. Pablo Gagliardo\" aria-describedby=\"gallery-1-77813\" \/><\/a>\n\t\t\t<\/div>\n\t\t\t\t<figcaption class='wp-caption-text gallery-caption' id='gallery-1-77813'>\n\t\t\t\tCasa IL \/ Arq. Pablo Gagliardo (\u00a9 Ramiro Sosa)\n\t\t\t\t<\/figcaption><\/figure><figure class='gallery-item'>\n\t\t\t<div class='gallery-icon landscape'>\n\t\t\t\t<a href='https:\/\/www.arquimaster.com.ar\/web\/wp-content\/uploads\/2023\/10\/casa_il_32.jpg' title=\"Casa IL \/ Arq. Pablo Gagliardo (\u00a9 Ramiro Sosa)\" data-rl_title=\"Casa IL \/ Arq. Pablo Gagliardo (\u00a9 Ramiro Sosa)\" class=\"rl-gallery-link\" data-rl_caption=\"Casa IL \/ Arq. Pablo Gagliardo (\u00a9 Ramiro Sosa)\" data-rel=\"lightbox-gallery-1\"><img loading=\"lazy\" decoding=\"async\" width=\"150\" height=\"150\" src=\"https:\/\/www.arquimaster.com.ar\/web\/wp-content\/uploads\/2023\/10\/casa_il_32-150x150.jpg\" class=\"attachment-thumbnail size-thumbnail\" alt=\"Casa IL \/ Arq. Pablo Gagliardo\" aria-describedby=\"gallery-1-77814\" \/><\/a>\n\t\t\t<\/div>\n\t\t\t\t<figcaption class='wp-caption-text gallery-caption' id='gallery-1-77814'>\n\t\t\t\tCasa IL \/ Arq. Pablo Gagliardo (\u00a9 Ramiro Sosa)\n\t\t\t\t<\/figcaption><\/figure><figure class='gallery-item'>\n\t\t\t<div class='gallery-icon landscape'>\n\t\t\t\t<a href='https:\/\/www.arquimaster.com.ar\/web\/wp-content\/uploads\/2023\/10\/casa_il_33.jpg' title=\"Casa IL \/ Arq. Pablo Gagliardo (\u00a9 Ramiro Sosa)\" data-rl_title=\"Casa IL \/ Arq. Pablo Gagliardo (\u00a9 Ramiro Sosa)\" class=\"rl-gallery-link\" data-rl_caption=\"Casa IL \/ Arq. Pablo Gagliardo (\u00a9 Ramiro Sosa)\" data-rel=\"lightbox-gallery-1\"><img loading=\"lazy\" decoding=\"async\" width=\"150\" height=\"150\" src=\"https:\/\/www.arquimaster.com.ar\/web\/wp-content\/uploads\/2023\/10\/casa_il_33-150x150.jpg\" class=\"attachment-thumbnail size-thumbnail\" alt=\"Casa IL \/ Arq. Pablo Gagliardo\" aria-describedby=\"gallery-1-77815\" \/><\/a>\n\t\t\t<\/div>\n\t\t\t\t<figcaption class='wp-caption-text gallery-caption' id='gallery-1-77815'>\n\t\t\t\tCasa IL \/ Arq. Pablo Gagliardo (\u00a9 Ramiro Sosa)\n\t\t\t\t<\/figcaption><\/figure><figure class='gallery-item'>\n\t\t\t<div class='gallery-icon landscape'>\n\t\t\t\t<a href='https:\/\/www.arquimaster.com.ar\/web\/wp-content\/uploads\/2023\/10\/casa_il_34.jpg' title=\"Casa IL \/ Arq. Pablo Gagliardo (\u00a9 Ramiro Sosa)\" data-rl_title=\"Casa IL \/ Arq. Pablo Gagliardo (\u00a9 Ramiro Sosa)\" class=\"rl-gallery-link\" data-rl_caption=\"Casa IL \/ Arq. Pablo Gagliardo (\u00a9 Ramiro Sosa)\" data-rel=\"lightbox-gallery-1\"><img loading=\"lazy\" decoding=\"async\" width=\"150\" height=\"150\" src=\"https:\/\/www.arquimaster.com.ar\/web\/wp-content\/uploads\/2023\/10\/casa_il_34-150x150.jpg\" class=\"attachment-thumbnail size-thumbnail\" alt=\"Casa IL \/ Arq. Pablo Gagliardo\" aria-describedby=\"gallery-1-77816\" \/><\/a>\n\t\t\t<\/div>\n\t\t\t\t<figcaption class='wp-caption-text gallery-caption' id='gallery-1-77816'>\n\t\t\t\tCasa IL \/ Arq. Pablo Gagliardo (\u00a9 Ramiro Sosa)\n\t\t\t\t<\/figcaption><\/figure><figure class='gallery-item'>\n\t\t\t<div class='gallery-icon portrait'>\n\t\t\t\t<a href='https:\/\/www.arquimaster.com.ar\/web\/wp-content\/uploads\/2023\/10\/casa_il_35.jpg' title=\"Casa IL \/ Arq. Pablo Gagliardo (\u00a9 Ramiro Sosa)\" data-rl_title=\"Casa IL \/ Arq. Pablo Gagliardo (\u00a9 Ramiro Sosa)\" class=\"rl-gallery-link\" data-rl_caption=\"Casa IL \/ Arq. Pablo Gagliardo (\u00a9 Ramiro Sosa)\" data-rel=\"lightbox-gallery-1\"><img loading=\"lazy\" decoding=\"async\" width=\"150\" height=\"150\" src=\"https:\/\/www.arquimaster.com.ar\/web\/wp-content\/uploads\/2023\/10\/casa_il_35-150x150.jpg\" class=\"attachment-thumbnail size-thumbnail\" alt=\"Casa IL \/ Arq. Pablo Gagliardo\" aria-describedby=\"gallery-1-77817\" \/><\/a>\n\t\t\t<\/div>\n\t\t\t\t<figcaption class='wp-caption-text gallery-caption' id='gallery-1-77817'>\n\t\t\t\tCasa IL \/ Arq. Pablo Gagliardo (\u00a9 Ramiro Sosa)\n\t\t\t\t<\/figcaption><\/figure><figure class='gallery-item'>\n\t\t\t<div class='gallery-icon landscape'>\n\t\t\t\t<a href='https:\/\/www.arquimaster.com.ar\/web\/wp-content\/uploads\/2023\/10\/casa_il_36.jpg' title=\"Casa IL \/ Arq. Pablo Gagliardo (\u00a9 Ramiro Sosa)\" data-rl_title=\"Casa IL \/ Arq. Pablo Gagliardo (\u00a9 Ramiro Sosa)\" class=\"rl-gallery-link\" data-rl_caption=\"Casa IL \/ Arq. Pablo Gagliardo (\u00a9 Ramiro Sosa)\" data-rel=\"lightbox-gallery-1\"><img loading=\"lazy\" decoding=\"async\" width=\"150\" height=\"150\" src=\"https:\/\/www.arquimaster.com.ar\/web\/wp-content\/uploads\/2023\/10\/casa_il_36-150x150.jpg\" class=\"attachment-thumbnail size-thumbnail\" alt=\"Casa IL \/ Arq. Pablo Gagliardo\" aria-describedby=\"gallery-1-77818\" \/><\/a>\n\t\t\t<\/div>\n\t\t\t\t<figcaption class='wp-caption-text gallery-caption' id='gallery-1-77818'>\n\t\t\t\tCasa IL \/ Arq. Pablo Gagliardo (\u00a9 Ramiro Sosa)\n\t\t\t\t<\/figcaption><\/figure><figure class='gallery-item'>\n\t\t\t<div class='gallery-icon landscape'>\n\t\t\t\t<a href='https:\/\/www.arquimaster.com.ar\/web\/wp-content\/uploads\/2023\/10\/casa_il_37.jpg' title=\"Casa IL \/ Arq. Pablo Gagliardo (\u00a9 Ramiro Sosa)\" data-rl_title=\"Casa IL \/ Arq. Pablo Gagliardo (\u00a9 Ramiro Sosa)\" class=\"rl-gallery-link\" data-rl_caption=\"Casa IL \/ Arq. Pablo Gagliardo (\u00a9 Ramiro Sosa)\" data-rel=\"lightbox-gallery-1\"><img loading=\"lazy\" decoding=\"async\" width=\"150\" height=\"150\" src=\"https:\/\/www.arquimaster.com.ar\/web\/wp-content\/uploads\/2023\/10\/casa_il_37-150x150.jpg\" class=\"attachment-thumbnail size-thumbnail\" alt=\"Casa IL \/ Arq. Pablo Gagliardo\" aria-describedby=\"gallery-1-77819\" \/><\/a>\n\t\t\t<\/div>\n\t\t\t\t<figcaption class='wp-caption-text gallery-caption' id='gallery-1-77819'>\n\t\t\t\tCasa IL \/ Arq. Pablo Gagliardo (\u00a9 Ramiro Sosa)\n\t\t\t\t<\/figcaption><\/figure><figure class='gallery-item'>\n\t\t\t<div class='gallery-icon portrait'>\n\t\t\t\t<a href='https:\/\/www.arquimaster.com.ar\/web\/wp-content\/uploads\/2023\/10\/casa_il_38.jpg' title=\"Casa IL \/ Arq. Pablo Gagliardo (\u00a9 Ramiro Sosa)\" data-rl_title=\"Casa IL \/ Arq. Pablo Gagliardo (\u00a9 Ramiro Sosa)\" class=\"rl-gallery-link\" data-rl_caption=\"Casa IL \/ Arq. Pablo Gagliardo (\u00a9 Ramiro Sosa)\" data-rel=\"lightbox-gallery-1\"><img loading=\"lazy\" decoding=\"async\" width=\"150\" height=\"150\" src=\"https:\/\/www.arquimaster.com.ar\/web\/wp-content\/uploads\/2023\/10\/casa_il_38-150x150.jpg\" class=\"attachment-thumbnail size-thumbnail\" alt=\"Casa IL \/ Arq. Pablo Gagliardo\" aria-describedby=\"gallery-1-77820\" \/><\/a>\n\t\t\t<\/div>\n\t\t\t\t<figcaption class='wp-caption-text gallery-caption' id='gallery-1-77820'>\n\t\t\t\tCasa IL \/ Arq. Pablo Gagliardo (\u00a9 Ramiro Sosa)\n\t\t\t\t<\/figcaption><\/figure><figure class='gallery-item'>\n\t\t\t<div class='gallery-icon landscape'>\n\t\t\t\t<a href='https:\/\/www.arquimaster.com.ar\/web\/wp-content\/uploads\/2023\/10\/casa_il_39.jpg' title=\"Casa IL \/ Arq. Pablo Gagliardo (\u00a9 Ramiro Sosa)\" data-rl_title=\"Casa IL \/ Arq. Pablo Gagliardo (\u00a9 Ramiro Sosa)\" class=\"rl-gallery-link\" data-rl_caption=\"Casa IL \/ Arq. Pablo Gagliardo (\u00a9 Ramiro Sosa)\" data-rel=\"lightbox-gallery-1\"><img loading=\"lazy\" decoding=\"async\" width=\"150\" height=\"150\" src=\"https:\/\/www.arquimaster.com.ar\/web\/wp-content\/uploads\/2023\/10\/casa_il_39-150x150.jpg\" class=\"attachment-thumbnail size-thumbnail\" alt=\"Casa IL \/ Arq. Pablo Gagliardo\" aria-describedby=\"gallery-1-77821\" \/><\/a>\n\t\t\t<\/div>\n\t\t\t\t<figcaption class='wp-caption-text gallery-caption' id='gallery-1-77821'>\n\t\t\t\tCasa IL \/ Arq. Pablo Gagliardo (\u00a9 Ramiro Sosa)\n\t\t\t\t<\/figcaption><\/figure><figure class='gallery-item'>\n\t\t\t<div class='gallery-icon landscape'>\n\t\t\t\t<a href='https:\/\/www.arquimaster.com.ar\/web\/wp-content\/uploads\/2023\/10\/casa_il_40.jpg' title=\"Casa IL \/ Arq. Pablo Gagliardo (\u00a9 Ramiro Sosa)\" data-rl_title=\"Casa IL \/ Arq. Pablo Gagliardo (\u00a9 Ramiro Sosa)\" class=\"rl-gallery-link\" data-rl_caption=\"Casa IL \/ Arq. Pablo Gagliardo (\u00a9 Ramiro Sosa)\" data-rel=\"lightbox-gallery-1\"><img loading=\"lazy\" decoding=\"async\" width=\"150\" height=\"150\" src=\"https:\/\/www.arquimaster.com.ar\/web\/wp-content\/uploads\/2023\/10\/casa_il_40-150x150.jpg\" class=\"attachment-thumbnail size-thumbnail\" alt=\"Casa IL \/ Arq. Pablo Gagliardo\" aria-describedby=\"gallery-1-77822\" \/><\/a>\n\t\t\t<\/div>\n\t\t\t\t<figcaption class='wp-caption-text gallery-caption' id='gallery-1-77822'>\n\t\t\t\tCasa IL \/ Arq. Pablo Gagliardo (\u00a9 Ramiro Sosa)\n\t\t\t\t<\/figcaption><\/figure><figure class='gallery-item'>\n\t\t\t<div class='gallery-icon portrait'>\n\t\t\t\t<a href='https:\/\/www.arquimaster.com.ar\/web\/wp-content\/uploads\/2023\/10\/casa_il_41.jpg' title=\"Casa IL \/ Arq. Pablo Gagliardo (\u00a9 Ramiro Sosa)\" data-rl_title=\"Casa IL \/ Arq. Pablo Gagliardo (\u00a9 Ramiro Sosa)\" class=\"rl-gallery-link\" data-rl_caption=\"Casa IL \/ Arq. Pablo Gagliardo (\u00a9 Ramiro Sosa)\" data-rel=\"lightbox-gallery-1\"><img loading=\"lazy\" decoding=\"async\" width=\"150\" height=\"150\" src=\"https:\/\/www.arquimaster.com.ar\/web\/wp-content\/uploads\/2023\/10\/casa_il_41-150x150.jpg\" class=\"attachment-thumbnail size-thumbnail\" alt=\"Casa IL \/ Arq. Pablo Gagliardo\" aria-describedby=\"gallery-1-77823\" \/><\/a>\n\t\t\t<\/div>\n\t\t\t\t<figcaption class='wp-caption-text gallery-caption' id='gallery-1-77823'>\n\t\t\t\tCasa IL \/ Arq. Pablo Gagliardo (\u00a9 Ramiro Sosa)\n\t\t\t\t<\/figcaption><\/figure><figure class='gallery-item'>\n\t\t\t<div class='gallery-icon portrait'>\n\t\t\t\t<a href='https:\/\/www.arquimaster.com.ar\/web\/wp-content\/uploads\/2023\/10\/casa_il_42.jpg' title=\"Casa IL \/ Arq. Pablo Gagliardo (planta baja)\" data-rl_title=\"Casa IL \/ Arq. Pablo Gagliardo (planta baja)\" class=\"rl-gallery-link\" data-rl_caption=\"Casa IL \/ Arq. Pablo Gagliardo (planta baja)\" data-rel=\"lightbox-gallery-1\"><img loading=\"lazy\" decoding=\"async\" width=\"150\" height=\"150\" src=\"https:\/\/www.arquimaster.com.ar\/web\/wp-content\/uploads\/2023\/10\/casa_il_42-150x150.jpg\" class=\"attachment-thumbnail size-thumbnail\" alt=\"Casa IL \/ Arq. Pablo Gagliardo\" aria-describedby=\"gallery-1-77824\" \/><\/a>\n\t\t\t<\/div>\n\t\t\t\t<figcaption class='wp-caption-text gallery-caption' id='gallery-1-77824'>\n\t\t\t\tCasa IL \/ Arq. Pablo Gagliardo (planta baja)\n\t\t\t\t<\/figcaption><\/figure><figure class='gallery-item'>\n\t\t\t<div class='gallery-icon portrait'>\n\t\t\t\t<a href='https:\/\/www.arquimaster.com.ar\/web\/wp-content\/uploads\/2023\/10\/casa_il_43.jpg' title=\"Casa IL \/ Arq. Pablo Gagliardo (planta alta)\" data-rl_title=\"Casa IL \/ Arq. Pablo Gagliardo (planta alta)\" class=\"rl-gallery-link\" data-rl_caption=\"Casa IL \/ Arq. Pablo Gagliardo (planta alta)\" data-rel=\"lightbox-gallery-1\"><img loading=\"lazy\" decoding=\"async\" width=\"150\" height=\"150\" src=\"https:\/\/www.arquimaster.com.ar\/web\/wp-content\/uploads\/2023\/10\/casa_il_43-150x150.jpg\" class=\"attachment-thumbnail size-thumbnail\" alt=\"Casa IL \/ Arq. Pablo Gagliardo\" aria-describedby=\"gallery-1-77825\" \/><\/a>\n\t\t\t<\/div>\n\t\t\t\t<figcaption class='wp-caption-text gallery-caption' id='gallery-1-77825'>\n\t\t\t\tCasa IL \/ Arq. Pablo Gagliardo (planta alta)\n\t\t\t\t<\/figcaption><\/figure><figure class='gallery-item'>\n\t\t\t<div class='gallery-icon portrait'>\n\t\t\t\t<a href='https:\/\/www.arquimaster.com.ar\/web\/wp-content\/uploads\/2023\/10\/casa_il_44.jpg' title=\"Casa IL \/ Arq. Pablo Gagliardo (corte)\" data-rl_title=\"Casa IL \/ Arq. Pablo Gagliardo (corte)\" class=\"rl-gallery-link\" data-rl_caption=\"Casa IL \/ Arq. Pablo Gagliardo (corte)\" data-rel=\"lightbox-gallery-1\"><img loading=\"lazy\" decoding=\"async\" width=\"150\" height=\"150\" src=\"https:\/\/www.arquimaster.com.ar\/web\/wp-content\/uploads\/2023\/10\/casa_il_44-150x150.jpg\" class=\"attachment-thumbnail size-thumbnail\" alt=\"Casa IL \/ Arq. Pablo Gagliardo\" aria-describedby=\"gallery-1-77826\" \/><\/a>\n\t\t\t<\/div>\n\t\t\t\t<figcaption class='wp-caption-text gallery-caption' id='gallery-1-77826'>\n\t\t\t\tCasa IL \/ Arq. Pablo Gagliardo (corte)\n\t\t\t\t<\/figcaption><\/figure>\n\t\t<\/div>\n\n<p>El volumen bajo se cierra a la calle, al sur y aloja el sector \u00edntimo del dormitorio principal, vestidores y estudio, mientras que el volumen elevado se abre al norte y contiene el resto de los dormitorios y \u00e1reas de servicio.<\/p>\n<p>La cubierta intermedia cubre la cocina, comedor y estar, se materializa como una delgada l\u00e1mina de hormig\u00f3n armado que flota sobre ese gran espacio de mayor altura.<\/p>\n<p>En contraposici\u00f3n, la galer\u00eda, que duplica la superficie de las \u00e1reas sociales de la vivienda, se genera debajo del macizo bloque de dormitorios, conteniendo y controlando el espacio exterior, comedor, estar y parrillero.<\/p>\n<p>Ambos espacios se integran a trav\u00e9s de grandes aberturas corredizas, eliminando los l\u00edmites de cada uno, vinculando el exterior con el interior, duplicando el espacio y la superficie.<\/p>\n<p>Se trabaja el hormig\u00f3n armado a la vista en todos los elementos estructurales y de cerramiento, combinado con delgadas columnas met\u00e1licas para lograr la ligereza de la losa flotando sobre el \u00e1rea social, concebida como el coraz\u00f3n de la casa.<\/p>\n\n\n<div style=\"height:20px\" aria-hidden=\"true\" class=\"wp-block-spacer\"><\/div>\n\n\n\n<p class=\"has-background\" style=\"background-color:#eaeaea\"><strong>Ficha t\u00e9cnica<\/strong><br>Nombre: Casa IL<br>Ubicaci\u00f3n: Barrio cerrado Los Pasos, Rosario, Pcia. de Santa Fe, Argentina<br>Arquitecto: Arq. Pablo Gagliardo<br>Colaboradores: Sebasti\u00e1n Larpin, Luc\u00eda Galfione, Cecilia Alianak<br>Construcci\u00f3n: IF Construcciones<br>Ingenier\u00eda: Estudio Garibay &#8211; Ingenieros Civiles<br>Superficie: 336 m2<br>A\u00f1o: 2019<br>Fotograf\u00edas: <a href=\"https:\/\/www.instagram.com\/ramirososafotografia\" target=\"_blank\" rel=\"noreferrer noopener\">Ramiro Sosa<\/a><\/p>\n\n\n\n<div style=\"height:40px\" aria-hidden=\"true\" class=\"wp-block-spacer\"><\/div>\n\n\n<p><em><strong>English version<\/strong><\/em><\/p>\n<p><em>Single-family home, located in a gated community a few kilometers from the city of Rosario, on a double corner lot.<\/em><\/p>\n<p><em>The house is basically made up of two volumes, one on the ground and the other suspended, connected by an ethereal slab that contains the large main space of the house.<\/em><\/p>\n<p><em>The lower volume is closed to the street, to the south, and houses the intimate sector of the master bedroom, dressing rooms, and study, while the raised volume opens to the north and contains the rest of the bedrooms and service areas.<\/em><\/p>\n<p><em>The intermediate deck covers the kitchen, dining room and living room, it is materialized as a thin sheet of reinforced concrete that floats over that great space of greater height.<\/em><\/p>\n<p><em>In contrast, the gallery, which doubles the surface of the social areas of the house, is generated under the massive block of bedrooms, containing and controlling the outdoor space, dining room, living room and barbecue area.<\/em><\/p>\n<p><em>Both spaces are integrated through large sliding openings, eliminating the limits of each one, linking the exterior with the interior, doubling the space and the surface.<\/em><\/p>\n<p><em>Visible reinforced concrete is worked in all the structural and enclosure elements, combined with thin metal columns to achieve the lightness of the slab floating over the social area, conceived as the heart of the house.<\/em><\/p>\n<div style=\"font-size: 0px; height: 0px; line-height: 0px; margin: 0; padding: 0; clear: both;\"><\/div><div style=\"margin-top: 0px; margin-bottom: 0px;\" class=\"sharethis-inline-share-buttons\" ><\/div>","protected":false},"excerpt":{"rendered":"<p>La casa se conforma de dos vol\u00famenes conectados por una losa et\u00e9rea&#8230;<\/p>\n","protected":false},"author":1,"featured_media":77782,"comment_status":"closed","ping_status":"closed","sticky":false,"template":"","format":"standard","meta":{"_uag_custom_page_level_css":"","footnotes":""},"categories":[1,83],"tags":[4282,847,5884,4202,468,29,254],"class_list":["post-77781","post","type-post","status-publish","format-standard","has-post-thumbnail","hentry","category-proyecto","category-vivienda-unifamiliar","tag-arquitectura-residencial","tag-casa-en-barrio-cerrado","tag-estudio-pablo-gagliardo","tag-pablo-gagliardo","tag-rosario","tag-santa-fe","tag-vivienda-unifamiliar-2","generate-columns","tablet-grid-50","mobile-grid-100","grid-parent","grid-50"],"yoast_head":"<!-- This site is optimized with the Yoast SEO plugin v27.3 - https:\/\/yoast.com\/product\/yoast-seo-wordpress\/ -->\n<title>Casa IL \/ Arq. Pablo Gagliardo - Arquimaster<\/title>\n<meta name=\"description\" content=\"La casa se conforma de dos vol\u00famenes, uno sobre el terreno y otro suspendido, conectados por una losa et\u00e9rea que contiene el gran espacio principal de la casa.\" \/>\n<meta name=\"robots\" content=\"index, follow, max-snippet:-1, max-image-preview:large, max-video-preview:-1\" \/>\n<link rel=\"canonical\" href=\"https:\/\/www.arquimaster.com.ar\/web\/casa-il-arq-pablo-gagliardo\/\" \/>\n<meta property=\"og:locale\" content=\"es_ES\" \/>\n<meta property=\"og:type\" content=\"article\" \/>\n<meta property=\"og:title\" content=\"Casa IL \/ Arq. Pablo Gagliardo\" \/>\n<meta property=\"og:description\" content=\"La casa se conforma de dos vol\u00famenes, uno sobre el terreno y otro suspendido, conectados por una losa et\u00e9rea que contiene el gran espacio principal de la casa.\" \/>\n<meta property=\"og:url\" content=\"https:\/\/www.arquimaster.com.ar\/web\/casa-il-arq-pablo-gagliardo\/\" \/>\n<meta property=\"og:site_name\" content=\"Arquimaster\" \/>\n<meta property=\"article:publisher\" content=\"http:\/\/www.facebook.com\/ARQUIMASTER.com.ar\" \/>\n<meta property=\"article:published_time\" content=\"2023-10-12T22:46:11+00:00\" \/>\n<meta property=\"article:modified_time\" content=\"2023-10-20T19:08:18+00:00\" \/>\n<meta property=\"og:image\" content=\"https:\/\/www.arquimaster.com.ar\/web\/wp-content\/uploads\/2023\/10\/casa_il_slide.jpg\" \/>\n\t<meta property=\"og:image:width\" content=\"698\" \/>\n\t<meta property=\"og:image:height\" content=\"364\" \/>\n\t<meta property=\"og:image:type\" content=\"image\/jpeg\" \/>\n<meta name=\"author\" content=\"Arquimaster\" \/>\n<meta name=\"twitter:card\" content=\"summary_large_image\" \/>\n<meta name=\"twitter:title\" content=\"Casa IL \/ Arq. Pablo Gagliardo\" \/>\n<meta name=\"twitter:description\" content=\"La casa se conforma de dos vol\u00famenes, uno sobre el terreno y otro suspendido, conectados por una losa et\u00e9rea que contiene el gran espacio principal de la casa.\" \/>\n<meta name=\"twitter:image\" content=\"https:\/\/www.arquimaster.com.ar\/web\/wp-content\/uploads\/2023\/10\/casa_il_slide.jpg\" \/>\n<meta name=\"twitter:creator\" content=\"@arquimaster\" \/>\n<meta name=\"twitter:site\" content=\"@arquimaster\" \/>\n<meta name=\"twitter:label1\" content=\"Escrito por\" \/>\n\t<meta name=\"twitter:data1\" content=\"Arquimaster\" \/>\n\t<meta name=\"twitter:label2\" content=\"Tiempo de lectura\" \/>\n\t<meta name=\"twitter:data2\" content=\"3 minutos\" \/>\n<script type=\"application\/ld+json\" class=\"yoast-schema-graph\">{\"@context\":\"https:\\\/\\\/schema.org\",\"@graph\":[{\"@type\":\"Article\",\"@id\":\"https:\\\/\\\/www.arquimaster.com.ar\\\/web\\\/casa-il-arq-pablo-gagliardo\\\/#article\",\"isPartOf\":{\"@id\":\"https:\\\/\\\/www.arquimaster.com.ar\\\/web\\\/casa-il-arq-pablo-gagliardo\\\/\"},\"author\":{\"name\":\"Arquimaster\",\"@id\":\"https:\\\/\\\/www.arquimaster.com.ar\\\/web\\\/#\\\/schema\\\/person\\\/359e9f7c00193fcde068e0dd2ceb0028\"},\"headline\":\"Casa IL \\\/ Arq. Pablo Gagliardo\",\"datePublished\":\"2023-10-12T22:46:11+00:00\",\"dateModified\":\"2023-10-20T19:08:18+00:00\",\"mainEntityOfPage\":{\"@id\":\"https:\\\/\\\/www.arquimaster.com.ar\\\/web\\\/casa-il-arq-pablo-gagliardo\\\/\"},\"wordCount\":520,\"publisher\":{\"@id\":\"https:\\\/\\\/www.arquimaster.com.ar\\\/web\\\/#organization\"},\"image\":{\"@id\":\"https:\\\/\\\/www.arquimaster.com.ar\\\/web\\\/casa-il-arq-pablo-gagliardo\\\/#primaryimage\"},\"thumbnailUrl\":\"https:\\\/\\\/www.arquimaster.com.ar\\\/web\\\/wp-content\\\/uploads\\\/2023\\\/10\\\/casa_il_slide.jpg\",\"keywords\":[\"arquitectura residencial\",\"casa en barrio cerrado\",\"Estudio Pablo Gagliardo\",\"Pablo Gagliardo\",\"Rosario\",\"Santa Fe\",\"vivienda unifamiliar\"],\"articleSection\":[\"Proyecto\",\"Vivienda unifamiliar y PH\"],\"inLanguage\":\"es\"},{\"@type\":\"WebPage\",\"@id\":\"https:\\\/\\\/www.arquimaster.com.ar\\\/web\\\/casa-il-arq-pablo-gagliardo\\\/\",\"url\":\"https:\\\/\\\/www.arquimaster.com.ar\\\/web\\\/casa-il-arq-pablo-gagliardo\\\/\",\"name\":\"Casa IL \\\/ Arq. Pablo Gagliardo - Arquimaster\",\"isPartOf\":{\"@id\":\"https:\\\/\\\/www.arquimaster.com.ar\\\/web\\\/#website\"},\"primaryImageOfPage\":{\"@id\":\"https:\\\/\\\/www.arquimaster.com.ar\\\/web\\\/casa-il-arq-pablo-gagliardo\\\/#primaryimage\"},\"image\":{\"@id\":\"https:\\\/\\\/www.arquimaster.com.ar\\\/web\\\/casa-il-arq-pablo-gagliardo\\\/#primaryimage\"},\"thumbnailUrl\":\"https:\\\/\\\/www.arquimaster.com.ar\\\/web\\\/wp-content\\\/uploads\\\/2023\\\/10\\\/casa_il_slide.jpg\",\"datePublished\":\"2023-10-12T22:46:11+00:00\",\"dateModified\":\"2023-10-20T19:08:18+00:00\",\"description\":\"La casa se conforma de dos vol\u00famenes, uno sobre el terreno y otro suspendido, conectados por una losa et\u00e9rea que contiene el gran espacio principal de la casa.\",\"breadcrumb\":{\"@id\":\"https:\\\/\\\/www.arquimaster.com.ar\\\/web\\\/casa-il-arq-pablo-gagliardo\\\/#breadcrumb\"},\"inLanguage\":\"es\",\"potentialAction\":[{\"@type\":\"ReadAction\",\"target\":[\"https:\\\/\\\/www.arquimaster.com.ar\\\/web\\\/casa-il-arq-pablo-gagliardo\\\/\"]}]},{\"@type\":\"ImageObject\",\"inLanguage\":\"es\",\"@id\":\"https:\\\/\\\/www.arquimaster.com.ar\\\/web\\\/casa-il-arq-pablo-gagliardo\\\/#primaryimage\",\"url\":\"https:\\\/\\\/www.arquimaster.com.ar\\\/web\\\/wp-content\\\/uploads\\\/2023\\\/10\\\/casa_il_slide.jpg\",\"contentUrl\":\"https:\\\/\\\/www.arquimaster.com.ar\\\/web\\\/wp-content\\\/uploads\\\/2023\\\/10\\\/casa_il_slide.jpg\",\"width\":698,\"height\":364,\"caption\":\"Casa IL \\\/ Arq. Pablo Gagliardo\"},{\"@type\":\"BreadcrumbList\",\"@id\":\"https:\\\/\\\/www.arquimaster.com.ar\\\/web\\\/casa-il-arq-pablo-gagliardo\\\/#breadcrumb\",\"itemListElement\":[{\"@type\":\"ListItem\",\"position\":1,\"name\":\"Portada\",\"item\":\"https:\\\/\\\/www.arquimaster.com.ar\\\/web\\\/\"},{\"@type\":\"ListItem\",\"position\":2,\"name\":\"Casa IL \\\/ Arq. Pablo Gagliardo\"}]},{\"@type\":\"WebSite\",\"@id\":\"https:\\\/\\\/www.arquimaster.com.ar\\\/web\\\/#website\",\"url\":\"https:\\\/\\\/www.arquimaster.com.ar\\\/web\\\/\",\"name\":\"Arquimaster\",\"description\":\"Web de arquitectura, dise\u00f1o y construccion\",\"publisher\":{\"@id\":\"https:\\\/\\\/www.arquimaster.com.ar\\\/web\\\/#organization\"},\"potentialAction\":[{\"@type\":\"SearchAction\",\"target\":{\"@type\":\"EntryPoint\",\"urlTemplate\":\"https:\\\/\\\/www.arquimaster.com.ar\\\/web\\\/?s={search_term_string}\"},\"query-input\":{\"@type\":\"PropertyValueSpecification\",\"valueRequired\":true,\"valueName\":\"search_term_string\"}}],\"inLanguage\":\"es\"},{\"@type\":\"Organization\",\"@id\":\"https:\\\/\\\/www.arquimaster.com.ar\\\/web\\\/#organization\",\"name\":\"Arquimaster\",\"url\":\"https:\\\/\\\/www.arquimaster.com.ar\\\/web\\\/\",\"logo\":{\"@type\":\"ImageObject\",\"inLanguage\":\"es\",\"@id\":\"https:\\\/\\\/www.arquimaster.com.ar\\\/web\\\/#\\\/schema\\\/logo\\\/image\\\/\",\"url\":\"https:\\\/\\\/www.arquimaster.com.ar\\\/web\\\/wp-content\\\/uploads\\\/2022\\\/06\\\/arquimaster.png\",\"contentUrl\":\"https:\\\/\\\/www.arquimaster.com.ar\\\/web\\\/wp-content\\\/uploads\\\/2022\\\/06\\\/arquimaster.png\",\"width\":594,\"height\":78,\"caption\":\"Arquimaster\"},\"image\":{\"@id\":\"https:\\\/\\\/www.arquimaster.com.ar\\\/web\\\/#\\\/schema\\\/logo\\\/image\\\/\"},\"sameAs\":[\"http:\\\/\\\/www.facebook.com\\\/ARQUIMASTER.com.ar\",\"https:\\\/\\\/x.com\\\/arquimaster\",\"https:\\\/\\\/www.instagram.com\\\/arquimasterblog\\\/\",\"https:\\\/\\\/www.linkedin.com\\\/company\\\/arquimaster\",\"https:\\\/\\\/www.pinterest.com\\\/arquimaster\",\"https:\\\/\\\/t.me\\\/arquimaster\"]},{\"@type\":\"Person\",\"@id\":\"https:\\\/\\\/www.arquimaster.com.ar\\\/web\\\/#\\\/schema\\\/person\\\/359e9f7c00193fcde068e0dd2ceb0028\",\"name\":\"Arquimaster\"}]}<\/script>\n<!-- \/ Yoast SEO plugin. -->","yoast_head_json":{"title":"Casa IL \/ Arq. Pablo Gagliardo - Arquimaster","description":"La casa se conforma de dos vol\u00famenes, uno sobre el terreno y otro suspendido, conectados por una losa et\u00e9rea que contiene el gran espacio principal de la casa.","robots":{"index":"index","follow":"follow","max-snippet":"max-snippet:-1","max-image-preview":"max-image-preview:large","max-video-preview":"max-video-preview:-1"},"canonical":"https:\/\/www.arquimaster.com.ar\/web\/casa-il-arq-pablo-gagliardo\/","og_locale":"es_ES","og_type":"article","og_title":"Casa IL \/ Arq. Pablo Gagliardo","og_description":"La casa se conforma de dos vol\u00famenes, uno sobre el terreno y otro suspendido, conectados por una losa et\u00e9rea que contiene el gran espacio principal de la casa.","og_url":"https:\/\/www.arquimaster.com.ar\/web\/casa-il-arq-pablo-gagliardo\/","og_site_name":"Arquimaster","article_publisher":"http:\/\/www.facebook.com\/ARQUIMASTER.com.ar","article_published_time":"2023-10-12T22:46:11+00:00","article_modified_time":"2023-10-20T19:08:18+00:00","og_image":[{"width":698,"height":364,"url":"https:\/\/www.arquimaster.com.ar\/web\/wp-content\/uploads\/2023\/10\/casa_il_slide.jpg","type":"image\/jpeg"}],"author":"Arquimaster","twitter_card":"summary_large_image","twitter_title":"Casa IL \/ Arq. Pablo Gagliardo","twitter_description":"La casa se conforma de dos vol\u00famenes, uno sobre el terreno y otro suspendido, conectados por una losa et\u00e9rea que contiene el gran espacio principal de la casa.","twitter_image":"https:\/\/www.arquimaster.com.ar\/web\/wp-content\/uploads\/2023\/10\/casa_il_slide.jpg","twitter_creator":"@arquimaster","twitter_site":"@arquimaster","twitter_misc":{"Escrito por":"Arquimaster","Tiempo de lectura":"3 minutos"},"schema":{"@context":"https:\/\/schema.org","@graph":[{"@type":"Article","@id":"https:\/\/www.arquimaster.com.ar\/web\/casa-il-arq-pablo-gagliardo\/#article","isPartOf":{"@id":"https:\/\/www.arquimaster.com.ar\/web\/casa-il-arq-pablo-gagliardo\/"},"author":{"name":"Arquimaster","@id":"https:\/\/www.arquimaster.com.ar\/web\/#\/schema\/person\/359e9f7c00193fcde068e0dd2ceb0028"},"headline":"Casa IL \/ Arq. Pablo Gagliardo","datePublished":"2023-10-12T22:46:11+00:00","dateModified":"2023-10-20T19:08:18+00:00","mainEntityOfPage":{"@id":"https:\/\/www.arquimaster.com.ar\/web\/casa-il-arq-pablo-gagliardo\/"},"wordCount":520,"publisher":{"@id":"https:\/\/www.arquimaster.com.ar\/web\/#organization"},"image":{"@id":"https:\/\/www.arquimaster.com.ar\/web\/casa-il-arq-pablo-gagliardo\/#primaryimage"},"thumbnailUrl":"https:\/\/www.arquimaster.com.ar\/web\/wp-content\/uploads\/2023\/10\/casa_il_slide.jpg","keywords":["arquitectura residencial","casa en barrio cerrado","Estudio Pablo Gagliardo","Pablo Gagliardo","Rosario","Santa Fe","vivienda unifamiliar"],"articleSection":["Proyecto","Vivienda unifamiliar y PH"],"inLanguage":"es"},{"@type":"WebPage","@id":"https:\/\/www.arquimaster.com.ar\/web\/casa-il-arq-pablo-gagliardo\/","url":"https:\/\/www.arquimaster.com.ar\/web\/casa-il-arq-pablo-gagliardo\/","name":"Casa IL \/ Arq. Pablo Gagliardo - Arquimaster","isPartOf":{"@id":"https:\/\/www.arquimaster.com.ar\/web\/#website"},"primaryImageOfPage":{"@id":"https:\/\/www.arquimaster.com.ar\/web\/casa-il-arq-pablo-gagliardo\/#primaryimage"},"image":{"@id":"https:\/\/www.arquimaster.com.ar\/web\/casa-il-arq-pablo-gagliardo\/#primaryimage"},"thumbnailUrl":"https:\/\/www.arquimaster.com.ar\/web\/wp-content\/uploads\/2023\/10\/casa_il_slide.jpg","datePublished":"2023-10-12T22:46:11+00:00","dateModified":"2023-10-20T19:08:18+00:00","description":"La casa se conforma de dos vol\u00famenes, uno sobre el terreno y otro suspendido, conectados por una losa et\u00e9rea que contiene el gran espacio principal de la casa.","breadcrumb":{"@id":"https:\/\/www.arquimaster.com.ar\/web\/casa-il-arq-pablo-gagliardo\/#breadcrumb"},"inLanguage":"es","potentialAction":[{"@type":"ReadAction","target":["https:\/\/www.arquimaster.com.ar\/web\/casa-il-arq-pablo-gagliardo\/"]}]},{"@type":"ImageObject","inLanguage":"es","@id":"https:\/\/www.arquimaster.com.ar\/web\/casa-il-arq-pablo-gagliardo\/#primaryimage","url":"https:\/\/www.arquimaster.com.ar\/web\/wp-content\/uploads\/2023\/10\/casa_il_slide.jpg","contentUrl":"https:\/\/www.arquimaster.com.ar\/web\/wp-content\/uploads\/2023\/10\/casa_il_slide.jpg","width":698,"height":364,"caption":"Casa IL \/ Arq. Pablo Gagliardo"},{"@type":"BreadcrumbList","@id":"https:\/\/www.arquimaster.com.ar\/web\/casa-il-arq-pablo-gagliardo\/#breadcrumb","itemListElement":[{"@type":"ListItem","position":1,"name":"Portada","item":"https:\/\/www.arquimaster.com.ar\/web\/"},{"@type":"ListItem","position":2,"name":"Casa IL \/ Arq. Pablo Gagliardo"}]},{"@type":"WebSite","@id":"https:\/\/www.arquimaster.com.ar\/web\/#website","url":"https:\/\/www.arquimaster.com.ar\/web\/","name":"Arquimaster","description":"Web de arquitectura, dise\u00f1o y construccion","publisher":{"@id":"https:\/\/www.arquimaster.com.ar\/web\/#organization"},"potentialAction":[{"@type":"SearchAction","target":{"@type":"EntryPoint","urlTemplate":"https:\/\/www.arquimaster.com.ar\/web\/?s={search_term_string}"},"query-input":{"@type":"PropertyValueSpecification","valueRequired":true,"valueName":"search_term_string"}}],"inLanguage":"es"},{"@type":"Organization","@id":"https:\/\/www.arquimaster.com.ar\/web\/#organization","name":"Arquimaster","url":"https:\/\/www.arquimaster.com.ar\/web\/","logo":{"@type":"ImageObject","inLanguage":"es","@id":"https:\/\/www.arquimaster.com.ar\/web\/#\/schema\/logo\/image\/","url":"https:\/\/www.arquimaster.com.ar\/web\/wp-content\/uploads\/2022\/06\/arquimaster.png","contentUrl":"https:\/\/www.arquimaster.com.ar\/web\/wp-content\/uploads\/2022\/06\/arquimaster.png","width":594,"height":78,"caption":"Arquimaster"},"image":{"@id":"https:\/\/www.arquimaster.com.ar\/web\/#\/schema\/logo\/image\/"},"sameAs":["http:\/\/www.facebook.com\/ARQUIMASTER.com.ar","https:\/\/x.com\/arquimaster","https:\/\/www.instagram.com\/arquimasterblog\/","https:\/\/www.linkedin.com\/company\/arquimaster","https:\/\/www.pinterest.com\/arquimaster","https:\/\/t.me\/arquimaster"]},{"@type":"Person","@id":"https:\/\/www.arquimaster.com.ar\/web\/#\/schema\/person\/359e9f7c00193fcde068e0dd2ceb0028","name":"Arquimaster"}]}},"uagb_featured_image_src":{"full":["https:\/\/www.arquimaster.com.ar\/web\/wp-content\/uploads\/2023\/10\/casa_il_slide.jpg",698,364,false],"thumbnail":["https:\/\/www.arquimaster.com.ar\/web\/wp-content\/uploads\/2023\/10\/casa_il_slide-150x150.jpg",150,150,true],"medium":["https:\/\/www.arquimaster.com.ar\/web\/wp-content\/uploads\/2023\/10\/casa_il_slide.jpg",698,364,false],"medium_large":["https:\/\/www.arquimaster.com.ar\/web\/wp-content\/uploads\/2023\/10\/casa_il_slide.jpg",698,364,false],"large":["https:\/\/www.arquimaster.com.ar\/web\/wp-content\/uploads\/2023\/10\/casa_il_slide.jpg",698,364,false],"1536x1536":["https:\/\/www.arquimaster.com.ar\/web\/wp-content\/uploads\/2023\/10\/casa_il_slide.jpg",698,364,false],"2048x2048":["https:\/\/www.arquimaster.com.ar\/web\/wp-content\/uploads\/2023\/10\/casa_il_slide.jpg",698,364,false]},"uagb_author_info":{"display_name":"Arquimaster","author_link":"https:\/\/www.arquimaster.com.ar\/web\/author\/arquimaster\/"},"uagb_comment_info":0,"uagb_excerpt":"La casa se conforma de dos vol\u00famenes conectados por una losa et\u00e9rea...","_links":{"self":[{"href":"https:\/\/www.arquimaster.com.ar\/web\/wp-json\/wp\/v2\/posts\/77781","targetHints":{"allow":["GET"]}}],"collection":[{"href":"https:\/\/www.arquimaster.com.ar\/web\/wp-json\/wp\/v2\/posts"}],"about":[{"href":"https:\/\/www.arquimaster.com.ar\/web\/wp-json\/wp\/v2\/types\/post"}],"author":[{"embeddable":true,"href":"https:\/\/www.arquimaster.com.ar\/web\/wp-json\/wp\/v2\/users\/1"}],"replies":[{"embeddable":true,"href":"https:\/\/www.arquimaster.com.ar\/web\/wp-json\/wp\/v2\/comments?post=77781"}],"version-history":[{"count":1,"href":"https:\/\/www.arquimaster.com.ar\/web\/wp-json\/wp\/v2\/posts\/77781\/revisions"}],"predecessor-version":[{"id":77827,"href":"https:\/\/www.arquimaster.com.ar\/web\/wp-json\/wp\/v2\/posts\/77781\/revisions\/77827"}],"wp:featuredmedia":[{"embeddable":true,"href":"https:\/\/www.arquimaster.com.ar\/web\/wp-json\/wp\/v2\/media\/77782"}],"wp:attachment":[{"href":"https:\/\/www.arquimaster.com.ar\/web\/wp-json\/wp\/v2\/media?parent=77781"}],"wp:term":[{"taxonomy":"category","embeddable":true,"href":"https:\/\/www.arquimaster.com.ar\/web\/wp-json\/wp\/v2\/categories?post=77781"},{"taxonomy":"post_tag","embeddable":true,"href":"https:\/\/www.arquimaster.com.ar\/web\/wp-json\/wp\/v2\/tags?post=77781"}],"curies":[{"name":"wp","href":"https:\/\/api.w.org\/{rel}","templated":true}]}}